{"id":18228,"date":"2021-03-01T09:48:56","date_gmt":"2021-03-01T08:48:56","guid":{"rendered":"https:\/\/www.rdpemancipation.org\/?p=18228"},"modified":"2021-04-01T11:02:35","modified_gmt":"2021-04-01T09:02:35","slug":"mars-social","status":"publish","type":"post","link":"https:\/\/www.rdpemancipation.org\/?p=18228","title":{"rendered":"Mars &#8211; Social"},"content":{"rendered":"\n<p><strong><span class=\"has-inline-color has-vivid-red-color\">31 Mars en continu<\/span><\/strong><\/p>\n\n\n\n<p><a href=\"https:\/\/www.facebook.com\/UNEFTACLE\/videos\/932818470798295\">Intervention de Victor Mendes&nbsp; au rassemblement pour les camarades de Biocoop<\/a> -vid\u00e9o<\/p>\n\n\n\n<p><a href=\"https:\/\/l.facebook.com\/l.php?u=https:\/\/www.lyonmag.com\/article\/114515\/pas-de-bebe-a-la-consigne-une-greve-massive-dans-les-creches-de-lyon-ce-mardi?fbclid=IwAR1FKR3cJe-oxHvhgphx-ARGzktwvLRsO0wQKvhWA_J2iBXv2rqOQpmRR7o&amp;h=AT2xa2EmxdXJHEjAK9m6UM4WzZog_MgMolAJJB7Yj9JcTgb46TH7zKPTChTb73opkqjyBRdY4RvVk_GWHjuvrmS0xeARhHC7UEDrNh0eQqmZJ7f15QxxEJKZsrFr4HEnftvzASY&amp;__tn__=,mH-R&amp;c%5B0%5D=AT02d7NoIvEbFGLxRuFpGb-A9iektItaDSjB99Jlb05-eNL7YZVi7uAmFUii0yuYQ1Zh9HH8qfThm9Mp-LkP2aNv3aW2CfCkWJUedSa0eIciKg1fqfv2K1qUzDjE7IVdJKRdyRpv4RF-J8D--d4WsCFrb1d96TfUO1QKh3MB-UbQzW8\">&nbsp;\u00ab\u00a0Pas de b\u00e9b\u00e9 \u00e0 la consigne !\u00a0\u00bb : une gr\u00e8ve massive dans les cr\u00e8ches de Lyon ce mardi <\/a>(Lyon Mag)<\/p>\n\n\n\n<p><a href=\"https:\/\/www.placegrenet.fr\/2021\/03\/30\/grenoble-les-professionnels-de-la-petite-enfance-en-greve-contre-le-projet-taquet\/473574\">Grenoble : les professionnels de la petite enfance en gr\u00e8ve contre le projet Taquet<\/a> ( Place Gre\u2019net)<\/p>\n\n\n\n<p><a href=\"https:\/\/www.rue89lyon.fr\/2021\/03\/31\/le-prefet-interdit-une-seconde-manifestation-sur-le-droit-au-logement-a-villeurbanne\/\">Le pr\u00e9fet interdit une seconde manifestation sur le droit au logement \u00e0 Villeurbanne<\/a> ( Rue89Lyon)<\/p>\n\n\n\n<p><a href=\"https:\/\/www.boursorama.com\/actualite-economique\/actualites\/reforme-de-l-assurance-chomage-le-decret-est-paru-au-journal-officiel-1ca8a5bbc8be50db90d95084d789e3d7\">R\u00e9forme de l&rsquo;assurance ch\u00f4mage : le d\u00e9cret est paru au Journal officiel<\/a> (Boursorama)<\/p>\n\n\n\n<figure class=\"wp-block-image size-large is-resized is-style-default\"><img data-recalc-dims=\"1\" loading=\"lazy\" decoding=\"async\" src=\"https:\/\/i0.wp.com\/www.rdpemancipation.org\/wp-content\/uploads\/2021\/03\/image-183.png?resize=448%2C267&#038;ssl=1\" alt=\"\" class=\"wp-image-23182\" width=\"448\" height=\"267\"\/><\/figure>\n\n\n\n<p><a href=\"https:\/\/www.humanite.fr\/harcelement-moral-les-techniques-de-management-pathogenes-enfin-condamnees-702197#xtor=RSS-1\">Harc\u00e8lement moral. Les techniques de management pathog\u00e8nes enfin condamn\u00e9es<\/a> (L\u2019Humanit\u00e9)<\/p>\n\n\n\n<p><a href=\"http:\/\/feedproxy.google.com\/~r\/Rue89Strasbourg\/~3\/IVJJSdoqTNs\/traite-de-sale-arabe-chez-kronenbourg-rabah-a-gache-sa-vie-a-attendre-un-cdi-203908\">Trait\u00e9 de \u00ab sale arabe \u00bb chez Kronenbourg, Rabah a g\u00e2ch\u00e9 sa vie \u00e0 attendre un CDI<\/a> (Rue89 Strasbourg)<\/p>\n\n\n\n<figure class=\"wp-block-image is-resized is-style-default\"><img loading=\"lazy\" decoding=\"async\" src=\"https:\/\/scontent.fsti4-2.fna.fbcdn.net\/v\/t1.6435-0\/s600x600\/166988835_2541741769467538_3843724824820930785_n.jpg?_nc_cat=101&amp;ccb=1-3&amp;_nc_sid=8bfeb9&amp;_nc_ohc=JyexqswDL3MAX-ZjBnX&amp;_nc_ht=scontent.fsti4-2.fna&amp;tp=7&amp;oh=07faabc92931d9256fff9281344b798c&amp;oe=608BE758\" alt=\"Peut \u00eatre un dessin anim\u00e9 de texte qui dit \u2019Campagne de soutien pour la r\u00e9int\u00e9gration Philppe Wahl Licenciement de Ga\u00ebl Quirante made with mematic\u2019\" width=\"389\" height=\"348\"\/><figcaption><sub>Il reste 4 jours pour la campagne. Voici le lien de la cagnotte en ligne<img loading=\"lazy\" decoding=\"async\" height=\"16\" width=\"16\" alt=\"?\" src=\"https:\/\/static.xx.fbcdn.net\/images\/emoji.php\/v9\/t40\/1\/16\/1f4a5.png\"> :<br><a href=\"https:\/\/www.cotizup.com\/reintegration-gael-quirante?fbclid=IwAR3p-B4USZB4MkS8u6w53zS7YqTVOV4QQacn6XHu99vTiTktl7WDS1wCEfE\" rel=\"noreferrer noopener\" target=\"_blank\">https:\/\/www.cotizup.com\/reintegration-gael-quirante<\/a><\/sub><\/figcaption><\/figure>\n\n\n\n<p><a href=\"https:\/\/blogs.mediapart.fr\/jean-marc-b\/blog\/300321\/succes-de-la-greve-belge-le-gouvernement-doit-revoir-la-loi-qui-bloque-les-salaires\">Succ\u00e8s de la gr\u00e8ve belge: le gouvernement doit revoir la loi qui bloque les salaires <\/a>(PTB)<\/p>\n\n\n\n<p><a href=\"https:\/\/www.humanite.fr\/securite-au-travail-ouvriers-du-batiment-et-livreurs-velo-unis-702139#xtor=RSS-1\">S\u00e9curit\u00e9 au travail. Ouvriers du b\u00e2timent et livreurs \u00e0 v\u00e9lo unis<\/a> (L\u2019Humanit\u00e9)<\/p>\n\n\n\n<p><a href=\"https:\/\/www.boursorama.com\/actualite-economique\/actualites\/les-bebes-ne-sont-pas-des-sardines-le-personnel-des-creches-en-greve-contre-une-reforme-982765e1c2e95307a1eab1c2d26694bd\">\u00ab\u00a0Les b\u00e9b\u00e9s ne sont pas des sardines\u00a0\u00bb: le personnel des cr\u00e8ches en gr\u00e8ve contre une r\u00e9forme<\/a> (AFP)<\/p>\n\n\n\n<p><a href=\"https:\/\/lanticapitaliste.org\/actualite\/entreprises\/plus-de-3-ans-apres-leurs-licenciements-une-victoire-pour-les-gms\">Plus de 3 ans apr\u00e8s leurs licenciements, une victoire pour les GM&amp;S<\/a> (Auto Critique)<\/p>\n\n\n\n<p><a href=\"https:\/\/www.boursorama.com\/actualite-economique\/actualites\/prime-macron-la-cgt-critique-le-manque-d-agilite-de-la-fnac-fcec439e358840f29ad55ced676271a2\">Prime \u00ab\u00a0Macron\u00a0\u00bb: la CGT critique le manque \u00ab\u00a0d&rsquo;agilit\u00e9\u00a0\u00bb de la Fnac<\/a> (AFP)<\/p>\n\n\n\n<p><a href=\"https:\/\/info.mediapart.fr\/optiext\/optiextension.dll?ID=IabIaD1n54JNcksxykmEJQjyb68IGvhsM7gNtIgKRDsMbdfYR1EbsizqsVjG84Y7eUTY5IL9uefCoNLKabq7tkWeOhJII\">R\u00e9forme de l\u2019assurance ch\u00f4mage: l\u2019effet papillon<\/a> -Mathieu Gr\u00e9goire<\/p>\n\n\n\n<p><a href=\"https:\/\/lanticapitaliste.org\/actualite\/logement\/des-milliers-de-manifestantes-pour-le-droit-fondamental-au-logement\">Des milliers de manifestantEs pour le droit fondamental au logement<\/a> (L\u2019Anticapitaliste)<\/p>\n\n\n\n<p><a href=\"https:\/\/rapportsdeforce.fr\/breves\/ikea-2-millions-deuros-damende-pour-1-2-milliard-de-benefice-03309786\">Ikea : 2 millions d\u2019euros d\u2019amende pour 1.2 milliard de b\u00e9n\u00e9fice<\/a> (Rapports de Force)<\/p>\n\n\n\n<p><a href=\"https:\/\/solidaires.org\/Pour-qu-industrie-rime-avec-ecologie-les-organisations-de-Plus-jamais-ca\">Les organisations de \u201cPlus jamais \u00e7a\u201d appellent \u00e0 la sauvegarde de Chapelle-Darblay<\/a> ( Solidaires)<\/p>\n\n\n\n<figure class=\"wp-block-image is-resized is-style-default\"><img data-recalc-dims=\"1\" loading=\"lazy\" decoding=\"async\" src=\"https:\/\/i0.wp.com\/solidaires.org\/local\/cache-vignettes\/L500xH250\/2ec05272365641c1-5c745.jpg?resize=448%2C224&#038;ssl=1\" alt=\"\" width=\"448\" height=\"224\"\/><\/figure>\n\n\n\n<p><a href=\"https:\/\/www.revolutionpermanente.fr\/Quand-les-raffineurs-s-invitent-a-la-manif-climat-Il-y-a-urgence-allions-nous-et-devenons\">Quand les raffineurs s\u2019invitent \u00e0 la manif climat&nbsp;: \u00ab\u00a0Il y a urgence&nbsp;: allions-nous devenons r\u00e9volutionnaires\u00a0\u00bb<\/a>(RP)<\/p>\n\n\n\n<p><a href=\"http:\/\/www.npa-auto-critique.org\/2021\/03\/mobilisation-dans-toute-l-ingenierie-renault-les-salaries-ne-sont-pas-a-vendre.html\">Mobilisation dans toute l&rsquo;ing\u00e9ni\u00e9rie Renault : les salari\u00e9s ne sont pas \u00e0 vendre !<\/a><\/p>\n\n\n\n<p><a href=\"https:\/\/www.lemonde.fr\/politique\/article\/2021\/03\/30\/assurance-chomage-le-patronat-et-les-syndicats-ne-parviennent-pas-a-s-entendre_6074967_823448.html\">Assurance-ch\u00f4mage&nbsp;: le patronat et les syndicats ne parviennent pas \u00e0 s\u2019entendre<\/a> (Le Monde)<\/p>\n\n\n\n<p><a href=\"https:\/\/www.sudouest.fr\/economie\/emploi\/formation-professionnelle-les-salaries-devront-ils-payer-pour-utiliser-un-compte-personnel-de-formation-1846338.php\">Compte personnel de formation : la piste d&rsquo;un reste \u00e0 charge pour les salari\u00e9s<\/a> (Sud Ouest)<\/p>\n\n\n\n<p><a href=\"https:\/\/www.capital.fr\/votre-carriere\/le-grand-bide-de-l-allocation-chomage-des-independants-1385473\">Le grand bide de l&rsquo;allocation ch\u00f4mage des ind\u00e9pendants<\/a> (Capital)<\/p>\n\n\n\n<p><a href=\"https:\/\/www.sudouest.fr\/economie\/conso-distribution\/cheque-energie-ca-demarre-pour-qui-comment-en-beneficier-1837791.php\">Ch\u00e8que \u00e9nergie, \u00e7a d\u00e9marre&nbsp;: pour qui, comment en b\u00e9n\u00e9ficier\u202f?<\/a> (Sud Ouest)<\/p>\n\n\n\n<p><a href=\"https:\/\/www.lesechos.fr\/economie-france\/social\/apprentissage-les-directeurs-detablissement-denoncent-un-detournement-de-la-loi-1302387\">Apprentissage&nbsp;: les directeurs d&rsquo;\u00e9tablissement d\u00e9noncent un d\u00e9tournement de la loi<\/a> (Les Echos)<\/p>\n\n\n\n<p><a href=\"https:\/\/www.sudouest.fr\/culture\/bordeaux-apres-la-tempete-les-precaires-et-intermittents-continuent-ensemble-la-lutte-1838081.php\">Bordeaux&nbsp;: apr\u00e8s la temp\u00eate, les pr\u00e9caires et intermittents continuent ensemble la lutte<\/a> (Sud Ouest)<\/p>\n\n\n\n<figure class=\"wp-block-image is-resized is-style-default\"><img data-recalc-dims=\"1\" loading=\"lazy\" decoding=\"async\" src=\"https:\/\/i0.wp.com\/media.sudouest.fr\/1838081\/1000x500\/img-20210329-125629.jpg?resize=489%2C245&#038;ssl=1\" alt=\"Bordeaux\u00a0: apr\u00e8s la temp\u00eate, les pr\u00e9caires et intermittents continuent ensemble la lutte\" width=\"489\" height=\"245\"\/><\/figure>\n\n\n\n<p><a href=\"https:\/\/www.ouest-france.fr\/economie\/emploi\/teletravail\/teletravail-le-medef-veut-maintenir-le-jour-de-soupape-au-bureau-en-cas-de-nouvelles-mesures-b61ca372-8fef-11eb-bac9-8d9abd12196f\">Le Medef veut maintenir le \u00ab&nbsp;jour de soupape&nbsp;\u00bb au bureau, en cas de nouvelles mesures<\/a> (Ouest France)<\/p>\n\n\n\n<p><strong><span class=\"has-inline-color has-vivid-red-color\">30 Mars en continu<\/span><\/strong><\/p>\n\n\n\n<p><a href=\"https:\/\/l.facebook.com\/l.php?u=https:\/\/actu.fr\/pays-de-la-loire\/soudan_44199\/pres-de-chateaubriant-greve-a-la-fmgc-les-salaries-obtiennent-une-hausse-des-salaires_40621409.html?fbclid=IwAR1lyI96WpO0LoI5cx23tp-F1Msz1umRbQkfV2kX1eEbcEL0ripS0fqwT1Y&amp;h=AT3pEw-8abRbg5i7EN0hTc_BqXg4_A8Aj5KfDgnHXgdgAAVBGrv3nWGWUUgyQniegesN3rHJLwFHlIGzEJLVdoNxH-shtL2dMJPhdfZxcSLeSTmCrJZUC1ODYIUq_JJ99mFxtR4&amp;__tn__=,mH-R&amp;c%5B0%5D=AT19nEOWHbW8E4Vv2Y8yT7_p4sSw2YdfJ3O8se6YkmZrldVsXyq3ROnfMB45GxTZ02Vg8xyJblcrZwgD_R3z8mLGEysjOatNfmoosLWCN2MPTG3W4bXU1JlH6GQRwQ6NxSbITIt6rxyt075bIzCuw32S6XV6Nsf_P-MWxdxEBpECuGQ\">&nbsp;Pr\u00e8s de Ch\u00e2teaubriant : gr\u00e8ve \u00e0 la FMGC, les salari\u00e9s obtiennent une hausse des salaires <\/a>(<a href=\"http:\/\/actu.fr\">actu.fr<\/a>)<\/p>\n\n\n\n<p><a href=\"https:\/\/l.facebook.com\/l.php?u=https:\/\/actu.fr\/ile-de-france\/gennevilliers_92036\/les-preparateurs-des-commandes-ikea-pour-paris-et-l-ile-de-france-en-greve-a-gennevilliers_40624146.html?fbclid=IwAR0zFYhSDaoSREB6O0MCpgMwruGtai4BA5KrF4nmz4-ISsYDgxiJwegWgiU&amp;h=AT2xaCaQw9sdxOurWd9M1IVVqpLb3aT3kNb9hQIXa7bySe3TJa13jmKHu9QMupbAUhsWU-Wh93QAHjDnluccEXkVXJxww9RmevaTV3o-Aa9ChpsDSvDbRCyGY51t7yLh7OVD8pw&amp;__tn__=,mH-R&amp;c%5B0%5D=AT39Uz24oQhFduCld4AaJGWTq-O6hntAAWMJwxXvYHA4T5HuZe96JHlfAIUqtOjZrrVIzcTtx_6x8MJXxJRTyT-7e9aFRjffMk1UsFoUxYgJYdX4jYR-CH9GPdbhMPzL6nVUCs-Q56mGOQq23GvEZmVYdhPpKlSwzqMWBLza1QhS0_U\">&nbsp;Les pr\u00e9parateurs des commandes Ikea pour Paris et l&rsquo;\u00cele-de-France en gr\u00e8ve \u00e0 Gennevilliers <\/a>(<a href=\"http:\/\/actu.fr\">actu.fr<\/a>)<\/p>\n\n\n\n<p><a href=\"http:\/\/www.contretemps.eu\/chomage-economie-garantie-emploi-depassement-capitalisme\/\">La garantie d\u2019emploi, un outil au potentiel r\u00e9volutionnaire<\/a> (Contretemps)<\/p>\n\n\n\n<p><a href=\"https:\/\/www.boursorama.com\/actualite-economique\/actualites\/salaries-espionnes-le-parquet-requiert-une-peine-exemplaire-contre-ikea-france-56466e70c5f6cc2efeb834b3da9310cb\">Salari\u00e9s espionn\u00e9s: le parquet requiert une peine \u00ab\u00a0exemplaire\u00a0\u00bb contre Ikea France<\/a> (AFP)<\/p>\n\n\n\n<p><a href=\"https:\/\/www.revolutionpermanente.fr\/Video-Konstantin-travailleur-reprime-par-Biocoop-appelle-a-un-rassemblement-de-soutien-le-30-mars\">Konstantin travailleur r\u00e9prim\u00e9 par Biocoop appelle \u00e0 un rassemblement de soutien le 30 mars<\/a> (RP)<\/p>\n\n\n\n<p><a href=\"https:\/\/www.lemonde.fr\/economie\/article\/2021\/03\/26\/deliveroo-la-precarite-n-est-pas-un-bon-modele-economique_6074544_3234.html\">Deliveroo&nbsp;: \u00ab&nbsp;La pr\u00e9carit\u00e9 n\u2019est pas un bon mod\u00e8le \u00e9conomique&nbsp;\u00bb<\/a> (Le Monde)<\/p>\n\n\n\n<p><a href=\"https:\/\/info.mediapart.fr\/optiext\/optiextension.dll?ID=iQRiOF6kOCeLPR0luYBPtIiVtv%2B3gDGn_k2Btm9oV%2BKPsoe4bb3h8rF3z7lZDFgkROBaIckj%2BHgxmq3GRuYXvYKiRY6yW\">Assurance-ch\u00f4mage: la note de l\u2019Un\u00e9dic qui embarrasse le gouvernement<\/a> (MDP)<\/p>\n\n\n\n<p><a href=\"https:\/\/www.revolutionpermanente.fr\/Adrien-Cornet-CGT-Grandpuits-Notre-combat-a-pose-des-bases-pour-l-ensemble-de-la-classe\">Adrien Cornet, CGT Grandpuits&nbsp;: \u00ab&nbsp;Notre combat a pos\u00e9 des bases pour l\u2019ensemble de la classe ouvri\u00e8re&nbsp;\u00bb<\/a> (RP)<\/p>\n\n\n\n<p><a href=\"https:\/\/www.europe1.fr\/medias-tele\/le-journal-la-croix-consacre-un-dossier-special-au-collectif-morts-de-la-rue-4034146\">SDF : le journal \u00ab\u00a0La Croix\u00a0\u00bb consacre un dossier sp\u00e9cial aux \u00ab\u00a0Morts de la rue\u00a0\u00bb<\/a> (Europe 1)<\/p>\n\n\n\n<p><a href=\"https:\/\/www.charentelibre.fr\/2021\/03\/25\/des-resistants-qui-sont-les-hebergeurs-solidaires-qui-accueillent-chez-eux-des-migrants-en-france-sondage,3723945.php\">\u00ab\u00a0Des r\u00e9sistants\u00a0\u00bb? Qui sont les \u00ab\u00a0h\u00e9bergeurs solidaires\u00a0\u00bb qui accueillent chez eux des migrants en France?<\/a> (Charente Libre)<\/p>\n\n\n\n<p><a href=\"https:\/\/www.lavie.fr\/actualite\/societe\/le-cese-nouveau-est-arrive-et-les-pauvres-nen-font-pas-parti-72348.php\">Le Cese nouveau est arriv\u00e9, et les pauvres n&rsquo;en font pas partie<\/a> (La Vie)<\/p>\n\n\n\n<p><a href=\"https:\/\/www.inegalites.fr\/Le-decalage-entre-le-discours-egalitariste-des-privilegies-et-leurs-actes-ne\" target=\"_blank\" rel=\"noreferrer noopener\">\u00ab Le d\u00e9calage entre le discours \u00e9galitariste des privil\u00e9gi\u00e9s et leurs actes ne passe plus \u00bb<\/a>&nbsp;(Observatoire des in\u00e9galit\u00e9s)<\/p>\n\n\n\n<p><a href=\"https:\/\/www.inegalites.fr\/XXe-siecle-le-court-siecle-de-l-egalite\" target=\"_blank\" rel=\"noreferrer noopener\">XXe siecle le court siecle de l&rsquo;Egalite<\/a>&nbsp;(Observatoire des In\u00e9galit\u00e9s)<\/p>\n\n\n\n<figure class=\"wp-block-image is-resized is-style-default\"><img data-recalc-dims=\"1\" loading=\"lazy\" decoding=\"async\" src=\"https:\/\/i0.wp.com\/www.inegalites.fr\/local\/cache-vignettes\/L280xH218\/arton2946-a3b2b.jpg?resize=434%2C338&#038;ssl=1\" alt=\"\" width=\"434\" height=\"338\"\/><\/figure>\n\n\n\n<p><a href=\"https:\/\/nvo.fr\/les-entreprises-apres-le-covid-passionnante-serie-documentaire-de-france-culture\/\" target=\"_blank\" rel=\"noreferrer noopener\">Les entreprises apr\u00e8s le covid, passionnante s\u00e9rie documentaire de France Culture&nbsp;<\/a>&nbsp;&nbsp;(NVO)<\/p>\n\n\n\n<p><strong><span class=\"has-inline-color has-vivid-red-color\">29 Mars en continu<\/span><\/strong><\/p>\n\n\n\n<p><a href=\"https:\/\/usbeketrica.com\/fr\/article\/la-visioconference-c-est-toute-une-virtuosite-a-acquerir\">\u00ab&nbsp;La visioconf\u00e9rence, c\u2019est toute une virtuosit\u00e9 \u00e0 acqu\u00e9rir&nbsp;\u00bb<\/a> \u2013 Pablo Maill\u00e9 (Usbek &amp; Rica)<\/p>\n\n\n\n<p><a href=\"https:\/\/www.revolutionpermanente.fr\/Chronodrive-Greve-historique-et-200-soutiens-presents-pour-exiger-la-reintegration-de-Rozenn\">Chronodrive. Gr\u00e8ve historique et 200 soutiens pr\u00e9sents pour exiger la r\u00e9int\u00e9gration de Rozenn<\/a> (RP)<\/p>\n\n\n\n<figure class=\"wp-block-image size-large is-style-default\"><img data-recalc-dims=\"1\" loading=\"lazy\" decoding=\"async\" width=\"328\" height=\"246\" src=\"https:\/\/i0.wp.com\/www.rdpemancipation.org\/wp-content\/uploads\/2021\/03\/image-153.png?resize=328%2C246&#038;ssl=1\" alt=\"\" class=\"wp-image-22693\" srcset=\"https:\/\/i0.wp.com\/www.rdpemancipation.org\/wp-content\/uploads\/2021\/03\/image-153.png?w=328&amp;ssl=1 328w, https:\/\/i0.wp.com\/www.rdpemancipation.org\/wp-content\/uploads\/2021\/03\/image-153.png?resize=300%2C225&amp;ssl=1 300w\" sizes=\"auto, (max-width: 328px) 100vw, 328px\" \/><\/figure>\n\n\n\n<p><a href=\"https:\/\/www.placegrenet.fr\/2021\/03\/28\/crise-du-logement-manifestation-grenoble\/471674\">Droit au logement : Deux cent personnes dans les rues de Grenoble contre la crise du logement<\/a> (Place Gre\u2019net)<\/p>\n\n\n\n<p><a href=\"https:\/\/info.mediapart.fr\/optiext\/optiextension.dll?ID=jRQjObTuzuC4HIUunlvS0Io6Sm2k0YDh3hL26Bge1AxMVHB5ahpCXLqRckBRB2EAKiZe6OA8u7Z715jbztqL0XuHQQ6zL\">Les salari\u00e9s \u00e0 l\u2019\u00e9preuve d\u2019un an de t\u00e9l\u00e9travail<\/a> (MDP)<\/p>\n\n\n\n<p><a href=\"https:\/\/info.mediapart.fr\/optiext\/optiextension.dll?ID=jRQjRk_QlRNwKzD3Qkv1YTRtOk9X%2BkTgWdoofJGkIYRh89ezbWtAI1KEDgWLN4SBW09T0WatkOBf3feYX6Cexp5nAREbA\">Aides \u00e0 l\u2019embauche d\u2019apprentis: le retard de l&rsquo;Etat<\/a> (MDP)<\/p>\n\n\n\n<p><a href=\"https:\/\/lecourrier.ch\/2021\/03\/28\/laide-sociale-a-lepreuve-de-la-crise\/\">L\u2019aide sociale \u00e0 l\u2019\u00e9preuve de la crise<\/a> (Le Courrier)&nbsp;<\/p>\n\n\n\n<p><a href=\"https:\/\/theconversation.com\/plates-formes-lorganisation-syndicale-une-reponse-a-la-desillusion-des-chauffeurs-uber-157515\">Plates-formes : l&rsquo;organisation syndicale, une r\u00e9ponse \u00e0 la d\u00e9sillusion des chauffeurs Uber<\/a> (The Conversation)<\/p>\n\n\n\n<p><a href=\"https:\/\/www.leparisien.fr\/val-de-marne-94\/theatre-des-quartiers-d-ivry-occupe-les-francais-peuvent-celebrer-paques-mais-pas-la-culture-28-03-2021-8430075.php\">Th\u00e9\u00e2tre des Quartiers d\u2019Ivry occup\u00e9 : \u00ab Les Fran\u00e7ais peuvent c\u00e9l\u00e9brer P\u00e2ques, mais pas la culture \u00bb<\/a> (Le Parisien)<\/p>\n\n\n\n<p><a href=\"https:\/\/www.francetvinfo.fr\/economie\/emploi\/chomage\/chomage-la-nouvelle-reforme-touchera-plus-dun-million-de-demandeurs-demploi_4348561.html\">Allocation ch\u00f4mage rabot\u00e9e pour plus d&rsquo;un million de personnes<\/a> (France Info)<\/p>\n\n\n\n<p><a href=\"https:\/\/www.capital.fr\/votre-argent\/une-deputee-propose-une-allocation-de-500-euros-par-mois-pour-les-etudiants-1398400\">Une d\u00e9put\u00e9e propose une allocation de 500 euros par mois pour les \u00e9tudiants<\/a> (Capital)<\/p>\n\n\n\n<p><a href=\"https:\/\/www.lesechos.fr\/economie-france\/social\/covid-plus-dun-15-millions-de-jeunes-ni-en-emploi-ni-en-etudes-ni-en-formation-en-2020-1302012\">Covid : plus de 1,6 million de jeunes ni en emploi, ni en \u00e9tudes, ni en formation en 2020<\/a> (Les Echos)<\/p>\n\n\n\n<p><a href=\"https:\/\/www.capital.fr\/votre-argent\/rsa-prime-dactivite-les-modalites-pour-rembourser-un-trop-percu-precisees-1398256\">RSA, prime d\u2019activit\u00e9\u2026 : les modalit\u00e9s pour rembourser un trop per\u00e7u pr\u00e9cis\u00e9es<\/a> (Capital)<\/p>\n\n\n\n<figure class=\"wp-block-image is-resized is-style-default\"><img loading=\"lazy\" decoding=\"async\" src=\"https:\/\/i0.wp.com\/www.anti-k.org\/wp-content\/uploads\/2021\/03\/arton24555.jpg?resize=678%2C381&amp;ssl=1\" alt=\"\" width=\"417\" height=\"234\" title=\"arton24555.jpg\"\/><\/figure>\n\n\n\n<p><strong><span class=\"has-inline-color has-vivid-red-color\">28 Mars en continu<\/span><\/strong><\/p>\n\n\n\n<p><a href=\"https:\/\/www.seuil.com\/ouvrage\/soi-meme-comme-un-roi-elisabeth-roudinesco\/9782021480870\" target=\"_blank\" rel=\"noreferrer noopener\" title=\"https:\/\/www.seuil.com\/ouvrage\/soi-meme-comme-un-roi-elisabeth-roudinesco\/9782021480870\">Soi-m\u00eame comme un roi, essai sur les d\u00e9rives identitaires<\/a> (Le Seuil, E. Roudinesco)<\/p>\n\n\n\n<p><a href=\"https:\/\/www.humanite.fr\/essai-elisabeth-roudinesco-face-aux-assignations-identitaires-701802\" target=\"_blank\" rel=\"noreferrer noopener\" title=\"https:\/\/www.humanite.fr\/essai-elisabeth-roudinesco-face-aux-assignations-identitaires-701802\">Essai. \u00c9lisabeth Roudinesco face aux assignations identitaires<\/a> (L&rsquo;Huma)<\/p>\n\n\n\n<p><a href=\"https:\/\/www.wsws.org\/fr\/articles\/2021\/03\/27\/ital-m27.html\" title=\"https:\/\/www.wsws.org\/fr\/articles\/2021\/03\/27\/ital-m27.html\">Gr\u00e8ve des travailleurs d\u2019Amazon en Italie<\/a> (WSWS)<\/p>\n\n\n\n<p><a href=\"https:\/\/www.wsws.org\/fr\/articles\/2021\/03\/18\/comm-m18.html\" target=\"_blank\" rel=\"noreferrer noopener\" title=\"https:\/\/www.wsws.org\/fr\/articles\/2021\/03\/18\/comm-m18.html\">150 ans depuis la Commune de Paris<\/a> (WSWS)<\/p>\n\n\n\n<p><a href=\"https:\/\/www.vice.com\/fr\/article\/wx8vzx\/dans-lenfer-des-prisons-au-temps-du-covid\" target=\"_blank\" rel=\"noreferrer noopener\">Dans l\u2019enfer des prisons au temps du Covid<\/a> (Vice)<\/p>\n\n\n\n<p><a href=\"https:\/\/www.facebook.com\/RevolutionPermanente.fr\/videos\/451121289537816\">Reportage sur l\u2019occupation de l\u2019Od\u00e9on<\/a> -vid\u00e9o RP<\/p>\n\n\n\n<p><a href=\"https:\/\/lanticapitaliste.org\/actualite\/entreprises\/ratp-les-salaries-face-au-covid-et-aux-attaques-patronales\">RATP : les salari\u00e9s face au Covid et aux attaques patronales<\/a> (L\u2019Anticapitaliste)<\/p>\n\n\n\n<p><a href=\"https:\/\/lanticapitaliste.org\/actualite\/entreprises\/nouvel-accord-sur-les-cse-la-ratp\">Nouvel accord sur les CSE \u00e0 la RATP<\/a> (L\u2019Anticapitaliste)<\/p>\n\n\n\n<p><a href=\"https:\/\/www.franceculture.fr\/emissions\/revue-de-presse-internationale\/la-revue-de-presse-internationale-emission-du-vendredi-26-mars-2021?fbclid=IwAR068Zk4FWbvpZNlRN7pRZ2gvBr-hLmUsUOPxSz7cZ1qxvs1O4MIfWkzogI\">&nbsp;Cadences infernales et \u00ab\u00a0bouteilles de pipi\u00a0\u00bb : un nouveau scandale \u00e9clabousse Amazon&nbsp;<\/a> (France Culture)<\/p>\n\n\n\n<p><a href=\"https:\/\/www.revolutionpermanente.fr\/Victoire-Le-licenciement-des-salaries-proteges-de-GM-S-annule-par-le-tribunal-administratif\">Victoire&nbsp;! Le licenciement des salari\u00e9s prot\u00e9g\u00e9s de GM&amp;S annul\u00e9 par le tribunal administratif<\/a> (RP)<\/p>\n\n\n\n<p><a href=\"https:\/\/www.revolutionpermanente.fr\/Ahmed-Berrahal-de-nouveau-dans-le-viseur-de-la-RATP-accuse-cette-fois-de-harcelement-moral-d-un\">Ahmed Berrahal de nouveau dans le viseur de la RATP, accus\u00e9 cette fois de harc\u00e8lement moral d\u2019un chef<\/a> (RP)<\/p>\n\n\n\n<p><a href=\"https:\/\/lanticapitaliste.org\/actualite\/education\/les-aed-en-greve-et-mobilises-pour-leurs-droits\">Les AED en gr\u00e8ve et mobilis\u00e9s pour leurs droits !<\/a> (NPA 31)<\/p>\n\n\n\n<p><a href=\"https:\/\/www.lesechos.fr\/economie-france\/social\/negociations-patronat-syndicats-la-cgt-opte-pour-la-chaise-vide-1301336\" target=\"_blank\" rel=\"noreferrer noopener\">N\u00e9gociations patronat-syndicats&nbsp;: la CGT opte pour la chaise vide<\/a>&nbsp;(Les Echos)<\/p>\n\n\n\n<p><a href=\"https:\/\/www.novethic.fr\/actualite\/social\/conditions-de-travail\/isr-rse\/teletravail-du-reve-au-cauchemar-149662.html?utm_source=Abonn%C3%A9s+Novethic&amp;utm_campaign=e0e19f117f-EMAIL_CAMPAIGN_2021_03_25_05_44&amp;utm_medium=email&amp;utm_term=0_2876b612e6-e0e19f117f-171522865\" target=\"_blank\" rel=\"noreferrer noopener\">T\u00e9l\u00e9travail, du r\u00eave au cauchemar<\/a>&nbsp; (Novethic)<\/p>\n\n\n\n<figure class=\"wp-block-image is-resized is-style-default\"><img data-recalc-dims=\"1\" loading=\"lazy\" decoding=\"async\" src=\"https:\/\/i0.wp.com\/www.middleeasteye.net\/sites\/default\/files\/2021-02\/Covid-Quarantine-Gallery-Mai-AlNaga-4__opt.jpg?resize=418%2C341&#038;ssl=1\" alt=\"\" width=\"418\" height=\"341\"\/><figcaption><sub>Extrait de Quarantines Diaries de l&rsquo;artiste \u00e9gyptienne  Mai el-Naga<\/sub>&nbsp;<\/figcaption><\/figure>\n\n\n\n<p><a href=\"https:\/\/www.lejdd.fr\/Societe\/teletravail-pourquoi-ca-coince-encore-dans-beaucoup-dentreprises-4032938\" target=\"_blank\" rel=\"noreferrer noopener\">T\u00e9l\u00e9travail : pourquoi \u00e7a coince encore dans beaucoup d&rsquo;entreprises<\/a>&nbsp; (JDD)<\/p>\n\n\n\n<p><a href=\"https:\/\/www.lesechos.fr\/economie-france\/social\/negociations-patronat-syndicats-la-cgt-opte-pour-la-chaise-vide-1301336\" target=\"_blank\" rel=\"noreferrer noopener\">N\u00e9gociations patronat-syndicats&nbsp;: la CGT opte pour la chaise vide<\/a>&nbsp;(Les Echos)<\/p>\n\n\n\n<p><a href=\"https:\/\/www.novethic.fr\/actualite\/social\/conditions-de-travail\/isr-rse\/teletravail-du-reve-au-cauchemar-149662.html?utm_source=Abonn%C3%A9s+Novethic&amp;utm_campaign=e0e19f117f-EMAIL_CAMPAIGN_2021_03_25_05_44&amp;utm_medium=email&amp;utm_term=0_2876b612e6-e0e19f117f-171522865\" target=\"_blank\" rel=\"noreferrer noopener\">T\u00e9l\u00e9travail, du r\u00eave au cauchemar<\/a>&nbsp; (Novethic)<\/p>\n\n\n\n<p><a href=\"https:\/\/www.lejdd.fr\/Societe\/teletravail-pourquoi-ca-coince-encore-dans-beaucoup-dentreprises-4032938\" target=\"_blank\" rel=\"noreferrer noopener\">T\u00e9l\u00e9travail : pourquoi \u00e7a coince encore dans beaucoup d&rsquo;entreprises<\/a>&nbsp; (JDD)<\/p>\n\n\n\n<figure class=\"wp-block-image is-resized is-style-default\"><img loading=\"lazy\" decoding=\"async\" src=\"https:\/\/scontent.fhex4-2.fna.fbcdn.net\/v\/t1.0-9\/165819037_1172593326496467_718902508259954290_n.png?_nc_cat=109&amp;ccb=1-3&amp;_nc_sid=730e14&amp;_nc_ohc=YI7uoWcY_xIAX9a_2lE&amp;_nc_ht=scontent.fhex4-2.fna&amp;oh=427743b0d43ee340d6f12c223da8acca&amp;oe=6085069E\" alt=\"Peut \u00eatre une image de carte et texte qui dit \u2019Seclin cgt DASSAULT AVIATION Argenteuil Saint-Cloud Poitiers Martignas Argonay M\u00e9rignac Biarritz Istres LA TENSION MONTE TOUS LES SITES DASSAULT SONT EN GREVE 200 \u20ac NET\/MOIS POUR TOUS C'EST POSSIBLE 26\/03\/2021\u2019\" width=\"384\" height=\"429\"\/><\/figure>\n\n\n\n<p><strong><span class=\"has-inline-color has-vivid-red-color\">27 Mars en continu<\/span><\/strong><\/p>\n\n\n\n<p><a href=\"https:\/\/www.humanite.fr\/automobile-victoire-au-tribunal-pour-les-gms-cela-prouve-que-nous-avons-eu-raison-de-nous-battre#xtor=RSS-1\">Automobile. Victoire au tribunal pour les GM&amp;S : \u00ab Cela prouve que nous avons eu raison de nous battre \u00bb<\/a> (L\u2019Humanit\u00e9)&nbsp;<\/p>\n\n\n\n<p><a href=\"https:\/\/www.humanite.fr\/assurance-chomage-lunedic-revele-lampleur-des-degats-pour-les-demandeurs-demploi-702023#xtor=RSS-1\">Assurance-ch\u00f4mage : l&rsquo;Unedic rev\u00e8le l&rsquo;ampleur des d\u00e9g\u00e2ts pour les demandeurs d&#8217;emploi<\/a> (L\u2019Humanit\u00e9)<\/p>\n\n\n\n<p><a href=\"https:\/\/blogs.mediapart.fr\/jean-marc-b\/blog\/260321\/la-grande-imposture-sur-la-romantisation-de-l-ascension-sociale\">La grande imposture (sur la romantisation de l\u2019ascension&nbsp;sociale) <\/a>-Marwen &nbsp;(<a href=\"https:\/\/luttedesclasses.fr\/2021\/03\/12\/la-grande-imposture-sur-la-romantisation-de-lascension-sociale\/\">Lutte de classes<\/a>)<\/p>\n\n\n\n<p><a href=\"https:\/\/www.latribune.fr\/economie\/france\/covid-deux-fois-plus-de-depressions-severes-qu-en-2020-teletravailleurs-et-moins-de-29-ans-en-premiere-ligne-880682.html\" target=\"_blank\" rel=\"noreferrer noopener\">Deux fois plus de d\u00e9pressions s\u00e9v\u00e8res qu&rsquo;en 2020 (t\u00e9l\u00e9travailleurs et moins de 29 ans en premi\u00e8re ligne)<\/a>&nbsp;(La Tribune)<\/p>\n\n\n\n<p><a href=\"https:\/\/www.lemediasocial.fr\/les-conseils-de-l-ansa-pour-reussir-la-diffusion-d-une-innovation-sociale_wSdbGD\" target=\"_blank\" rel=\"noreferrer noopener\">Les conseils de l&rsquo;Ansa pour r\u00e9ussir la diffusion d&rsquo;une innovation sociale<\/a>&nbsp;(Le M\u00e9dia Social)<\/p>\n\n\n\n<p><a href=\"https:\/\/nvo.fr\/salaires-emploi-missions-la-fonction-publique-est-appelee-a-se-mobiliser-le-6-avril\/\" target=\"_blank\" rel=\"noreferrer noopener\">Salaires, emploi, missions : la fonction publique est appel\u00e9e \u00e0 se mobiliser le 6 avril&nbsp;<\/a>&nbsp;(NVO)<\/p>\n\n\n\n<p><a href=\"https:\/\/www.lemediasocial.fr\/handicap-une-mini-serie-pour-faciliter-l-acces-aux-droits_lsyE0e\" target=\"_blank\" rel=\"noreferrer noopener\">Handicap :&nbsp;une mini-s\u00e9rie pour faciliter l&rsquo;acc\u00e8s aux droits<\/a>&nbsp;(Le M\u00e9dia Social)<\/p>\n\n\n\n<p><a href=\"http:\/\/www.economiematin.fr\/news-forte-baisse-des-tarifs-reglementes-du-gaz-au-1er-avril\" target=\"_blank\" rel=\"noreferrer noopener\">Forte baisse des tarifs r\u00e9glement\u00e9s du gaz au 1er avril<\/a>&nbsp; (Economie matin)<\/p>\n\n\n\n<figure class=\"wp-block-image is-resized is-style-default\"><img loading=\"lazy\" decoding=\"async\" src=\"https:\/\/scontent.fhex4-2.fna.fbcdn.net\/v\/t1.0-9\/165229176_1172014176554382_748287056957573396_n.png?_nc_cat=103&amp;ccb=1-3&amp;_nc_sid=730e14&amp;_nc_ohc=PzmFnuKWqgQAX86dlan&amp;_nc_ht=scontent.fhex4-2.fna&amp;oh=838b435c327f97d87a46e96db72d0f50&amp;oe=6084550A\" alt=\"Aucune description de photo disponible.\" width=\"375\" height=\"209\"\/><\/figure>\n\n\n\n<p><strong><span class=\"has-inline-color has-vivid-red-color\">26 Mars en continu<\/span><\/strong><\/p>\n\n\n\n<p><a href=\"https:\/\/rapportsdeforce.fr\/classes-en-lutte\/contre-la-precarite-dans-leducation-nationale-une-semaine-de-greve-des-aed-03269746\">Contre la pr\u00e9carit\u00e9 dans l\u2019Education Nationale : une semaine de gr\u00e8ve des AED<\/a> (Rapports de Force)<\/p>\n\n\n\n<p><a href=\"http:\/\/www.npa-auto-critique.org\/2021\/03\/les-fonderies-de-bretagne-on-ne-lache-rien.html\">Les fonderies de Bretagne : on ne l\u00e2che rien<\/a> (Auto Critique)<\/p>\n\n\n\n<p><a href=\"https:\/\/www.boursorama.com\/actualite-economique\/actualites\/reforme-de-l-assurance-chomage-jusqu-a-1-15-million-de-nouveaux-demandeurs-d-emploi-pourraient-voir-leurs-allocations-baisser-c277dc50b3d4c6c2bcdcaf0ad4d8350c\">R\u00e9forme de l&rsquo;assurance ch\u00f4mage : jusqu&rsquo;\u00e0 1,15 million de nouveaux demandeurs d&#8217;emploi pourraient voir leurs allocations baisser<\/a> (Boursorama)<\/p>\n\n\n\n<p><a href=\"https:\/\/www.humanite.fr\/upsa-un-nouveau-suicide-au-travail-malgre-toute-les-alertes-702000#xtor=RSS-1\">Upsa : un nouveau suicide au travail, malgr\u00e9 toute les alertes<\/a> (L\u2019Humanit\u00e9)<\/p>\n\n\n\n<p><a href=\"http:\/\/www.npa-auto-critique.org\/2021\/03\/tres-forte-augmentation-des-cas-de-covid-dans-l-usine-psa-de-poissy.html\">Tr\u00e8s forte augmentation des cas de COVID dans l&rsquo;usine PSA de Poissy<\/a> (Auto Critique)<\/p>\n\n\n\n<p><a href=\"http:\/\/www.npa-auto-critique.org\/2021\/03\/toyota.html\">Un nouveau cluster covid dans l&rsquo;usine Toyota d&rsquo;Onnaing<\/a> (Auto Critique)<\/p>\n\n\n\n<p><a href=\"https:\/\/www.boursorama.com\/actualite-economique\/actualites\/le-reclassement-d-un-salarie-ne-peut-se-faire-vers-un-emploi-d-une-categorie-superieure-necessitant-un-nouveau-diplome-1bef5168cc13f41446c93b82cad59cb1\">Le reclassement d&rsquo;un salari\u00e9 ne peut se faire vers un emploi d&rsquo;une cat\u00e9gorie sup\u00e9rieure n\u00e9cessitant un nouveau dipl\u00f4me<\/a> (Boursorama)<\/p>\n\n\n\n<p><a href=\"https:\/\/marcelle.media\/2021\/03\/26\/rendre-leur-dignite-aux-chibanis\/?utm_source=rss&amp;utm_medium=rss&amp;utm_campaign=rendre-leur-dignite-aux-chibanis\">Comment rendre leur dignit\u00e9 aux chibanis ?<\/a> (Marcelle)<\/p>\n\n\n\n<p><a href=\"https:\/\/blogs.mediapart.fr\/jean-marc-b\/blog\/260321\/la-grande-imposture-sur-la-romantisation-de-l-ascension-sociale\">La grande imposture (sur la romantisation de l\u2019ascension&nbsp;sociale) <\/a>Marwen (Lutte de classes)<\/p>\n\n\n\n<figure class=\"wp-block-image is-resized is-style-default\"><img data-recalc-dims=\"1\" loading=\"lazy\" decoding=\"async\" src=\"https:\/\/i0.wp.com\/www.contretemps.eu\/wp-content\/uploads\/EVtQm81WoAAqSaB-1.jpg?resize=417%2C217\" alt=\"\" width=\"417\" height=\"217\"\/><\/figure>\n\n\n\n<p><a href=\"http:\/\/feedproxy.google.com\/~r\/Rue89Strasbourg\/~3\/WNegLo7dxJw\/soupes-knorr-duppigheim-fermeture-203518\">Les soupes Knorr \u00e0 Duppigheim ferm\u00e9es, 261 emplois menac\u00e9s<\/a> (Rue89 Strasbourg)<\/p>\n\n\n\n<p><a href=\"https:\/\/info.mediapart.fr\/optiext\/optiextension.dll?ID=E89E5m2ruGlhGLVdmLWi3fRi5a8mdvJi_tObKreKWakAIUkowXdOND6RIR2jcV4jOmXGtLaWOH8O8vwdbM7Z9QI3HNDU0\">Marie-Aleth Grard: \u00abL\u2019augmentation de la pauvret\u00e9 n\u2019est pas la pr\u00e9occupation du gouvernement\u00bb<\/a> (MDP)<\/p>\n\n\n\n<p><a href=\"https:\/\/www.mediapart.fr\/journal\/economie\/250321\/lapeyre-le-profil-de-l-acquereur-est-particulierement-inquietant\">Lapeyre: le profil de l\u2019acqu\u00e9reur est \u00abparticuli\u00e8rement inqui\u00e9tant\u00bb<\/a> (M\u00e9diapart)<\/p>\n\n\n\n<p><a href=\"https:\/\/la-bas.org\/6387\">Un logement pour tous : mobilisations le 27 mars partout en Europe<\/a> (L\u00e0-bas si j\u2019y suis)<\/p>\n\n\n\n<p><a href=\"https:\/\/solidaires.org\/Fonction-publique-Preavis-de-greve-pour-le-mois-d-avril\">Fonction publique &#8211; Pr\u00e9avis de gr\u00e8ve pour le mois d&rsquo;avril<\/a> (Solidaires)<\/p>\n\n\n\n<p><a href=\"https:\/\/www.boursorama.com\/actualite-economique\/actualites\/deliveroo-serie-de-greves-des-livreurs-avant-l-entree-en-bourse-11eabbf3d65814d6a277207077293dff\">Deliveroo: s\u00e9rie de gr\u00e8ves des livreurs avant l&rsquo;entr\u00e9e en Bourse<\/a> (AFP)<\/p>\n\n\n\n<p><a href=\"https:\/\/www.boursorama.com\/actualite-economique\/actualites\/l-impact-de-la-reforme-de-l-assurance-chomage-serait-plus-fort-que-prevu-554d9207a3bee546013f86b07530d7e6\">L&rsquo;impact de la r\u00e9forme de l&rsquo;assurance ch\u00f4mage serait plus fort que pr\u00e9vu<\/a> (AFP)&nbsp;<\/p>\n\n\n\n<p><a href=\"https:\/\/www.boursorama.com\/actualite-economique\/actualites\/proces-ikea-l-ex-directeur-de-la-securite-reconnait-des-controles-de-masse-de-salaries-f5189b5e84af2dd842f4fbbb8a775ed9\">Proc\u00e8s Ikea: l&rsquo;ex-directeur de la s\u00e9curit\u00e9 reconna\u00eet des \u00ab\u00a0contr\u00f4les de masse\u00a0\u00bb de salari\u00e9s<\/a> (AFP)<\/p>\n\n\n\n<figure class=\"wp-block-image is-resized is-style-default\"><img loading=\"lazy\" decoding=\"async\" src=\"https:\/\/scontent.fhex4-2.fna.fbcdn.net\/v\/t1.0-0\/p526x296\/165361910_2556579057969389_2916533814944593067_n.jpg?_nc_cat=109&amp;ccb=1-3&amp;_nc_sid=730e14&amp;_nc_ohc=GUhG1W77QGkAX8KQbyv&amp;_nc_ht=scontent.fhex4-2.fna&amp;tp=6&amp;oh=9563a3c3eb488ee17fee3ad2e2f0697d&amp;oe=6082A67D\" alt=\"Peut \u00eatre une image de texte\" width=\"314\" height=\"314\"\/><\/figure>\n\n\n\n<p><strong><span class=\"has-inline-color has-vivid-red-color\">2<\/span><\/strong><span class=\"has-inline-color has-vivid-red-color\"><strong>5<\/strong><\/span><strong><span class=\"has-inline-color has-vivid-red-color\"> Mars en continu<\/span><\/strong><\/p>\n\n\n\n<p><a href=\"https:\/\/www.lanouvellerepublique.fr\/chateauroux\/un-round-pour-la-ville-les-syndicats-pas-encore-ko\" target=\"_blank\" rel=\"noreferrer noopener\">Un round pour la mairie Ch\u00e2teauroux les syndicats pas encore KO<\/a> (Nouvelle R\u00e9publique)<\/p>\n\n\n\n<p><a href=\"https:\/\/rapportsdeforce.fr\/breves\/la-cgt-attaquera-une-fois-encore-la-reforme-de-lassurance-chomage-au-conseil-detat-03259727\">La CGT attaquera une fois encore la r\u00e9forme de l\u2019assurance ch\u00f4mage au Conseil d\u2019\u00c9tat<\/a> (Rapports de Force)<\/p>\n\n\n\n<p><a href=\"https:\/\/www.revolutionpermanente.fr\/Portrait-de-greviste-a-l-Infrapole-Paris-Nord-il-n-y-a-aucune-consideration-pour-les-agents\">Portrait de gr\u00e9viste \u00e0 l\u2019Infrap\u00f4le Paris Nord&nbsp;: \u00ab&nbsp;j\u2019avais peur de partir en gr\u00e8ve et \u00e7a a totalement chang\u00e9&nbsp;\u00bb<\/a> (RP)<\/p>\n\n\n\n<p><a href=\"https:\/\/www.boursorama.com\/actualite-economique\/actualites\/les-pauvres-sous-representes-dans-le-futur-cese-s-indignent-des-associations-0ee476c62fb76257021e474f08a1bdbc\">Les pauvres sous-repr\u00e9sent\u00e9s dans le futur CESE, s&rsquo;indignent des associations<\/a> (AFP)<\/p>\n\n\n\n<p><a href=\"https:\/\/www.boursorama.com\/actualite-economique\/actualites\/mutuelle-sante-quel-budget-pour-les-francais-en-2021-364c2e2228d2fec2e837ae3542a847de\">Mutuelle sant\u00e9&nbsp;: quel budget pour les Fran\u00e7ais en 2021&nbsp;?<\/a> (Le Point)<\/p>\n\n\n\n<p><a href=\"http:\/\/www.apple.fr\">Assurance ch\u00f4mage : la r\u00e9forme report\u00e9e jusqu\u2019au 1er avril<\/a> (fr.news.yahoo)<\/p>\n\n\n\n<p><a href=\"https:\/\/www.lesechos.fr\/economie-france\/social\/covid-le-durcissement-de-lassurance-chomage-reste-hypothetique-1300946\">Covid&nbsp;: le durcissement de l&rsquo;assurance-ch\u00f4mage reste&nbsp;hypoth\u00e9tique<\/a> (Les Echos)<\/p>\n\n\n\n<p><a href=\"http:\/\/courriercadres.com\/entreprise\/vie-au-travail\/la-crise-a-change-le-rapport-au-travail-24032021\">La crise a d\u00e9j\u00e0 chang\u00e9 le rapport au travail<\/a> (Courrier Cadre)<\/p>\n\n\n\n<p><a href=\"http:\/\/www.apple.fr\">Patronat et syndicats rouvrent le chantier de la formation professionnelle<\/a> (Les Echos)<a href=\"http:\/\/www.apple.fr\">La pr\u00e9carit\u00e9 financi\u00e8re et psychologique est en hausse \u00bb : les travailleurs sociaux et l\u2019autre crise du Covid-19<\/a>&nbsp; (Le Monde)<\/p>\n\n\n\n<p><a href=\"https:\/\/www.courrierinternational.com\/article\/californie-revenu-de-base-oakland-va-lancer-lun-des-tests-les-plus-importants-aux-etats-unis\">Revenu de base&nbsp;: Oakland va lancer l\u2019un des tests les plus importants aux \u00c9tats-Unis<\/a> (Courrier International)<\/p>\n\n\n\n<p><a href=\"https:\/\/lanticapitaliste.org\/actualite\/social\/les-precaires-des-applis-en-lutte-contre-les-geants-du-numerique\">Les pr\u00e9caires des applis en lutte contre les g\u00e9ants du num\u00e9rique<\/a> (L\u2019Anticapitaliste)<\/p>\n\n\n\n<p><a href=\"https:\/\/www.revolutionpermanente.fr\/Nourdine-agent-SNCF-de-Paris-Nord-C-est-du-jamais-vu-que-tout-le-monde-fasse-greve-dans-la-brigade\">Nourdine, agent SNCF de Paris Nord&nbsp;: \u00ab&nbsp;C\u2019est du jamais vu que tout le monde fasse gr\u00e8ve dans la brigade&nbsp;!&nbsp;\u00bb<\/a> (RP)<\/p>\n\n\n\n<p><a href=\"https:\/\/www.revolutionpermanente.fr\/Face-a-la-menace-d-une-greve-Chronodrive-offre-des-invendus-aux-salaries\">Vid\u00e9o. Face \u00e0 la menace d\u2019une gr\u00e8ve, Chronodrive \u00ab&nbsp;offre&nbsp;\u00bb des invendus aux salari\u00e9s<\/a> (RP)<\/p>\n\n\n\n<p><a href=\"https:\/\/www.revolutionpermanente.fr\/Fermeture-de-l-usine-Socla-Watts-les-salaries-refusent-le-plan-social\">Fermeture de l\u2019usine Socla Watts&nbsp;: les salari\u00e9s refusent le plan social<\/a> (RP)<\/p>\n\n\n\n<p><a href=\"https:\/\/lanticapitaliste.org\/actualite\/entreprises\/la-poste-en-greve-du-16-mars-dans-le-92-un-point-dappui-pour-une-mobilisation\">La Poste en gr\u00e8ve du 16 mars dans le 92\u2009: un point d\u2019appui pour une mobilisation d\u2019ensemble<\/a> (L\u2019Anticapitaliste)<\/p>\n\n\n\n<p><a href=\"https:\/\/l.facebook.com\/l.php?u=https:\/\/www.ladepeche.fr\/2021\/03\/22\/aveyron-une-haire-dhonneur-des-usagers-aux-postiers-grevistes-qui-ont-repris-le-travail-a-aubin-9443015.php?fbclid=IwAR1_L16bPIATGEnhQj4f3GP05Aox86D5rC0jrzgcc5uBS9DzlXva5IDvFZ8&amp;h=AT1bimqPjKimhWMONL9984ng1noBG93bsDHmtMmpMk9ilrJtNh6XV4jSTkWhou-UjR7k12PwQ9wamtgwXnduwohrGb53UcI3o5xva6gc9JkjeKJ_LzD079RAGiTu0HMl0InpUMo&amp;__tn__=,mH-R&amp;c%5B0%5D=AT0SAIkz0kDrTxLHIEOn5ILH8DHPs7KMwfYKxPtvSWxkkYYIV1V2I-mmURxhfDLIyOk7HZfz0SIikhfZziIS3yq4Ud17GzbgBiAh5GDbUM02c3VxcNKHR2a4yAdK1lNUY-a1f25KPpfJt76NrhqN-VHh0bTXufpC7-6W2BWx-rF9mRo\">&nbsp;Aveyron : une haie d\u2019honneur des usagers aux postiers gr\u00e9vistes qui ont repris le travail \u00e0 Aubin&nbsp;<\/a> (La D\u00e9p\u00eache)<\/p>\n\n\n\n<figure class=\"wp-block-image size-large is-resized is-style-default\"><img data-recalc-dims=\"1\" loading=\"lazy\" decoding=\"async\" src=\"https:\/\/i0.wp.com\/www.rdpemancipation.org\/wp-content\/uploads\/2021\/03\/image-134.png?resize=385%2C200&#038;ssl=1\" alt=\"\" class=\"wp-image-22042\" width=\"385\" height=\"200\" srcset=\"https:\/\/i0.wp.com\/www.rdpemancipation.org\/wp-content\/uploads\/2021\/03\/image-134.png?w=500&amp;ssl=1 500w, https:\/\/i0.wp.com\/www.rdpemancipation.org\/wp-content\/uploads\/2021\/03\/image-134.png?resize=300%2C156&amp;ssl=1 300w\" sizes=\"auto, (max-width: 385px) 100vw, 385px\" \/><\/figure>\n\n\n\n<p><strong><span class=\"has-inline-color has-vivid-red-color\">24 Mars en continu<\/span><\/strong><\/p>\n\n\n\n<p><a href=\"https:\/\/www.bastamag.net\/Occupation-de-theatres-Odeon-intermittents-du-spectacle-reforme-assurance-chomage-lieux-culturels-Roselyne-Bachelot\">\u00ab Tant que la r\u00e9forme de l&rsquo;assurance ch\u00f4mage ne sera pas abandonn\u00e9e, les lieux culturels resteront occup\u00e9s \u00bb<\/a> (Basta&nbsp;!)&nbsp;<\/p>\n\n\n\n<p><a href=\"https:\/\/l.facebook.com\/l.php?u=https:\/\/www.lavoixdunord.fr\/965171\/article\/2021-03-22\/carrefour-un-appel-la-greve-le-week-end-de-paques?fbclid=IwAR0i0ulKKgbcJBpPpa2Tl7SUgSXFnwq7O0m_EtedozpOk3_fSb50v-M-wX0&amp;h=AT38p596Iurl3gMK5aXFeQjv2g_Jcm0gjVVoUCMdGh8e3hmvUT5JJEfmIN2pUZIJybetB5I9nzgnBPlo952s4YC14cVtW8Yvc3c0Rigf-w_vl3ugBnnBb2ONVc4iEjDWUwgG3JM&amp;__tn__=,mH-R&amp;c%5B0%5D=AT3DXWif0yC3Pp5usNDADDVv_MwWv8cVEaUP0LmMbwP7Ij9S1o4cLVYDpzVUTh5ZxXXiyg70t6T3dDntnFWuy4x84lNtktYtwJ15Dco7BdGGeh-snRoGxucYB4sk_aYIyaEcbmQ60ufrxhqArjAagKMzFe_7IWfzBLeNW0Jqp1J5sE4\">Carrefour : un appel \u00e0 la gr\u00e8ve le week-end de P\u00e2ques&nbsp;<\/a> (La Voix du Nord)<\/p>\n\n\n\n<p><a href=\"https:\/\/l.facebook.com\/l.php?u=https:\/\/www.20minutes.fr\/societe\/3005171-20210323-salaries-centres-appels-hotes-accueil-appeles-greve-24-25-mars?fbclid=IwAR1h7TDIGR3L6ZQjh5RbV_4JNW1AlZSaXxQCcL0zeybPGhzrdRmS-QEOUBU&amp;h=AT0aZp3PRG0jr_J_CJddrkqCZ1_D2hHi83httiYz4LFFQ2BxXV50CSpc_D5bPngEC3kv_PrYw8ML4nktMd2lYJpQQa0LAw6EumeqYHRDakN5gGsaIcu8E7A16V65usJH5x-xZvE&amp;__tn__=,mH-R&amp;c%5B0%5D=AT0AVj3g1oTmY7iwXOVYD2IrhDoAYxI14KJXRKlMBtApWZVmoOuwopQF3w48-NZLiZg3RRUipY6xPBsUrrouNziI__RDsoWsKicw7awOvStzAF67qCagpvVCIpu_el6CnuAjSd8wepElDgVVhj8zQC5GnE8hrD101BRQn5pfJAhMzX4\">&nbsp;Gr\u00e8ve les 24 et 25 mars dans les centres d\u2019appels et l\u2019accueil \u00e9v\u00e9nementiel&nbsp;<\/a> (20 mn)<\/p>\n\n\n\n<p><a href=\"https:\/\/www.anti-k.org\/2021\/03\/24\/gironde-le-projet-des-salaries-de-begles-pour-sauver-leur-papeterie\/\">Gironde: le projet des salari\u00e9s de B\u00e8gles pour sauver leur papeterie <\/a>(Anti-K)<\/p>\n\n\n\n<p><a href=\"https:\/\/blogs.mediapart.fr\/jean-marc-b\/blog\/240321\/air-france-surpris-par-une-lutte-spontanee-recule-face-aux-grevistes\">Air France surpris par une lutte spontan\u00e9e, recule face aux gr\u00e9vistes <\/a>(L\u2019Anticapitaliste)<\/p>\n\n\n\n<p><a href=\"http:\/\/www.npa-auto-critique.org\/2021\/03\/les-fonderies-de-bretagne-on-ne-lache-rien.html\">Les fonderies de Bretagne : on ne l\u00e2che rien<\/a> -Auto Critique<\/p>\n\n\n\n<p><a href=\"https:\/\/lanticapitaliste.org\/actualite\/entreprises\/debrayage-renault-lardy-91-et-aubevoye-27-les-salariees-ne-sont-pas-vendre\">D\u00e9brayage \u00e0 Renault Lardy (91) et Aubevoye (27)\u2009: les salari\u00e9Es ne sont pas \u00e0 vendre\u2009!<\/a> (L\u2019Anticapitaliste)<\/p>\n\n\n\n<p><a href=\"http:\/\/alencontre.org\/europe\/france\/reforme-de-lassurance-chomage-en-france-la-violence-sociale-par-decret.html\">R\u00e9forme de l\u2019assurance-ch\u00f4mage en France: la violence sociale par d\u00e9cret<\/a> (Alencontre)<\/p>\n\n\n\n<p><a href=\"https:\/\/www.sudouest.fr\/gironde\/bordeaux\/bordeaux-apres-le-grand-theatre-les-intermittents-occupent-la-rock-school-barbey-1780486.php\">Bordeaux&nbsp;: apr\u00e8s le Grand Th\u00e9\u00e2tre, les intermittents occupent la Rock School Barbey<\/a> (Sud Ouest)<\/p>\n\n\n\n<p><a href=\"https:\/\/www.ouest-france.fr\/pays-de-la-loire\/nantes-44000\/nantes-occupation-du-theatre-graslin-pas-une-fete-mais-une-lutte-sociale-405ce02a-8b35-11eb-be07-a782e4049e5a\">Nantes. Occupation du th\u00e9\u00e2tre Graslin&nbsp;: \u00ab&nbsp;Pas une f\u00eate mais une lutte sociale&nbsp;\u00bb<\/a> (Ouest France)<\/p>\n\n\n\n<figure class=\"wp-block-image is-resized is-style-default\"><img loading=\"lazy\" decoding=\"async\" src=\"https:\/\/scontent.fhex4-2.fna.fbcdn.net\/v\/t1.0-9\/164070775_1170703173352149_462850780636496004_n.png?_nc_cat=107&amp;ccb=1-3&amp;_nc_sid=730e14&amp;_nc_ohc=hbevduvU1B8AX_KIWgh&amp;_nc_ht=scontent.fhex4-2.fna&amp;oh=9db8d6404145e57c74a597c3800bcfd3&amp;oe=6080987D\" alt=\"Peut \u00eatre une image de texte qui dit \u2019cgt GT Manpower France L'agence Manpower de Compi\u00e8gne occupee par la CGT Manpower Greve chez UNILEVER et Salaries Int\u00e9rimaires Manpower Bloqu\u00e9s La CGT Manpower est depuis ce naun mardi 23 mars 2021 dans les locaux de agence de Compi\u00e9gne pour exiger le maintien de la r\u00e9mun\u00e9ration int\u00e9grale des int\u00e9rimaires salaire de base plus es primes que la direction Manpower refuse de verser. Nous sommes en attente 1 une reponse claire de la Pirection Manpower Marie Odile Bonnet SG Manpower\u2019\" width=\"349\" height=\"448\"\/><\/figure>\n\n\n\n<p><a href=\"https:\/\/lanticapitaliste.org\/actualite\/culture\/occupations-dans-la-culture-pas-de-reouverture-sans-droits-sociaux-pour-toutes-et\">Occupations dans la culture:\u2002\u00abPas de r\u00e9ouverture sans droits sociaux pour toutes et tous\u00bb<\/a> (L\u2019Anticapitaliste)<\/p>\n\n\n\n<p><a href=\"https:\/\/www.forbes.fr\/management\/quel-avenir-pour-le-monde-du-travail-apres-la-pandemie\/\">Quel avenir pour le monde du travail apr\u00e8s la pand\u00e9mie&nbsp;?<\/a> (Forbes)<\/p>\n\n\n\n<p><a href=\"https:\/\/www.dossierfamilial.com\/actualites\/emploi\/allocations-chomage-pour-les-independants-pole-emploi-na-indemnise-que-911-personnes-879965\">Allocations-ch\u00f4mage pour les ind\u00e9pendants&nbsp;: P\u00f4le emploi n\u2019a indemnis\u00e9 que 911 personnes<\/a> (Dossier familial)<\/p>\n\n\n\n<p><a href=\"https:\/\/www.boursorama.com\/actualite-economique\/actualites\/plans-d-action-pour-le-teletravail-nouvelles-regles-dans-les-cantines-ce-que-prevoit-le-nouveau-protocole-sanitaire-en-entreprise-2b0008f90551b059b4018d83ae198e80\">Ce que pr\u00e9voit le nouveau protocole sanitaire en entreprise<\/a> (Boursorama)<\/p>\n\n\n\n<p><a href=\"https:\/\/www.revolutionpermanente.fr\/Portraits-de-grevistes-a-l-infrapole-SNCF-de-Paris-Nord-une-nouvelle-generation-qui-releve-la-tete\">Portraits de gr\u00e9vistes&nbsp;: \u00e0 l\u2019infrap\u00f4le SNCF de Paris Nord, une nouvelle g\u00e9n\u00e9ration qui rel\u00e8ve la t\u00eate<\/a> (RP)<\/p>\n\n\n\n<p><a href=\"https:\/\/www.revolutionpermanente.fr\/Chronodrive-Rozenn-a-t-elle-vraiment-ete-licenciee-pour-un-tweet\">Chronodrive. Rozenn a-t-elle vraiment \u00e9t\u00e9 licenci\u00e9e pour un tweet&nbsp;?<\/a> (RP)<\/p>\n\n\n\n<p><a href=\"https:\/\/info.mediapart.fr\/optiext\/optiextension.dll?ID=XtsXqH91XNl%2Bt6qwO1CHhdH00ddaoUezGDjZX0GApWQhN%2Beb5QKzoYR_85qXjMg_MTPsBdlRKjGyKJe78i%2Bljj4kwyNb_\">Regardez-moi<\/a> &#8211; <a href=\"https:\/\/info.mediapart.fr\/optiext\/optiextension.dll?ID=WstWx%2BXLJhphaY_22Cs_VNHGV99ftbSrdxjI7NeYm6MEt4FG5YblZVfok9UX435nchkH7Wn9_pYKcoGB_S82_4ViDSjiX\">Soldat Petit Pois<\/a><\/p>\n\n\n\n<p><a href=\"https:\/\/mouvements.info\/lephad-et-ses-fantomes-lexperience-de-msf-en-france-pendant-la-crise-sanitaire-entretien\/\">L\u2019Ephad et ses fant\u00f4mes : l\u2019exp\u00e9rience de MSF en France pendant la crise sanitaire. Entretien<\/a> (Mouvements)<\/p>\n\n\n\n<p><a href=\"https:\/\/l.facebook.com\/l.php?u=https:\/\/www.sudouest.fr\/dordogne\/sarlat-la-caneda\/dordogne-la-greve-a-ete-reconduite-chez-fenwick-1765698.php?fbclid=IwAR1C6rbjpdw_3l-N0Ryeg9SGbLG9e6UlBPwiq4LKvfs2uNvzPJZ4-BV-SPM&amp;h=AT0XhOnRxdsMh-fHwvNjFR8-H496FsHuKwb0up9MpLNGcct6thXy5Z29x6XmPwie4vCgS0lXg1RuUZwtXbFZdST4IrlpEXsdCJDOi2Nzd-5qL9ApnZaNQkO0w9NI5QmeGe6MkIQ&amp;__tn__=,mH-R&amp;c%5B0%5D=AT1xbBDZNYILTZ18CAoTxYvrGxNTE3hDDzAlpo69NiXnOoBleQvAQse5BGse4PNedCCmepkJnULIBx9YWxcEhNweFaKtDqEwCqev5LqkT9rzt3zUAhFUyzedRDkY8vgs2-NLq17gkJRd1V93xn_NawqwSjoasVenQeCy7Gy1dRvjgVA\">&nbsp;Dordogne : la gr\u00e8ve a \u00e9t\u00e9 reconduite chez Fenwick <\/a>(Sud Ouest)<\/p>\n\n\n\n<figure class=\"wp-block-image is-resized is-style-default\"><img loading=\"lazy\" decoding=\"async\" src=\"https:\/\/external.fhex4-2.fna.fbcdn.net\/safe_image.php?d=AQEtZjMSggiS_g7r&amp;w=500&amp;h=261&amp;url=https%3A%2F%2Fmedia.sudouest.fr%2F1765698%2F1200x-1%2Fso-6058675966a4bdc705556894-ph0.jpg&amp;cfs=1&amp;ext=jpg&amp;ccb=3-4&amp;_nc_hash=AQFe8Mmw7ILEbkXQ\" alt=\"Dordogne : la gr\u00e8ve a \u00e9t\u00e9 reconduite chez Fenwick\" width=\"375\" height=\"195\"\/><\/figure>\n\n\n\n<p><a href=\"https:\/\/www.boursorama.com\/actualite-economique\/actualites\/fonderie-de-bretagne-amers-les-salaries-se-sentent-trahis-par-renault-9aa4baaddfb50459f435747a979e3498\">Fonderie de Bretagne: amers, les salari\u00e9s se sentent \u00ab\u00a0trahis\u00a0\u00bb par Renault<\/a> (AFP)<\/p>\n\n\n\n<p><a href=\"https:\/\/www.humanite.fr\/fonderie-de-bretagne-fort-soutien-aux-salaries-menaces-701838#xtor=RSS-1\">Fonderie de Bretagne Fort soutien aux salari\u00e9s menac\u00e9s<\/a> (L\u2019Humanit\u00e9)<\/p>\n\n\n\n<figure class=\"wp-block-image is-resized is-style-default\"><img loading=\"lazy\" decoding=\"async\" src=\"https:\/\/external.fhex4-2.fna.fbcdn.net\/safe_image.php?d=AQHutamDyXcaan2K&amp;w=500&amp;h=261&amp;url=https%3A%2F%2Fi.f1g.fr%2Fmedia%2Fcms%2F704x396_cropupscale%2F2021%2F03%2F23%2F9d98c3842f9c7a706b444f11f9414402dfc351878b4bff59912b6821a8e3f7a9.jpg&amp;cfs=1&amp;ext=jpg&amp;ccb=3-4&amp;_nc_hash=AQE8qZ-6HDVia0h2\" alt=\"Rassemblement de soutien \u00e0 la Fonderie de Bretagne mise en vente par Renault\" width=\"385\" height=\"200\"\/><\/figure>\n\n\n\n<p><a href=\"https:\/\/www.revolutionpermanente.fr\/Toutes-et-tous-devant-Chronodrive-le-27-mars-non-au-licenciement-de-Rozenn\">Toutes et tous devant Chronodrive le 27 mars&nbsp;: non au licenciement de Rozenn&nbsp;!<\/a> (RP)<\/p>\n\n\n\n<p><a href=\"https:\/\/lanticapitaliste.org\/actualite\/entreprises\/un-parfum-de-luttes-air-france-et-adp-la-veille-du-printemps\">Un parfum de luttes \u00e0 Air France et \u00e0 ADP \u00e0 la veille du printemps<\/a> (L\u2019Anticapitaliste)<\/p>\n\n\n\n<p><a href=\"https:\/\/lanticapitaliste.org\/actualite\/entreprises\/en-aveyron-un-printemps-des-luttes\">En Aveyron, un printemps des luttes<\/a> (L\u2019Anticapitaliste)<\/p>\n\n\n\n<figure class=\"wp-block-image is-resized is-style-default\"><img data-recalc-dims=\"1\" loading=\"lazy\" decoding=\"async\" src=\"https:\/\/i0.wp.com\/lanticapitaliste.org\/sites\/default\/files\/styles\/largeur_content_hauteur_complet\/public\/aveyron-credits-npa-31.jpeg?resize=360%2C270&#038;ssl=1\" alt=\"\" width=\"360\" height=\"270\"\/><\/figure>\n\n\n\n<p><a href=\"https:\/\/lanticapitaliste.org\/actualite\/entreprises\/caudan-et-ailleurs-mobilisation-generale-pour-lemploi\">Caudan et ailleurs\u2009: mobilisation g\u00e9n\u00e9rale pour l\u2019emploi<\/a> -Auto-critique<\/p>\n\n\n\n<p><a href=\"https:\/\/www.mediapart.fr\/journal\/economie\/230321\/reconfinement-l-horizon-s-obscurcit-encore-pour-les-chomeurs\">Reconfinement: l\u2019horizon s\u2019obscurcit encore pour les ch\u00f4meurs<\/a> (M\u00e9diapart)&nbsp;<\/p>\n\n\n\n<p><a href=\"https:\/\/www.humanite.fr\/education-les-surveillants-refusent-detre-des-pions-701836#xtor=RSS-1\">\u00c9ducation Les surveillants refusent d\u2019\u00eatre des pions<\/a> (L\u2019Humanit\u00e9)<\/p>\n\n\n\n<p><a href=\"https:\/\/www.lefigaro.fr\/conjoncture\/travail-dissimule-nouvelles-mises-en-examen-chez-gefco-20210321\">Travail dissimul\u00e9: nouvelles mises en examen chez Gefco<\/a> (Le Figaro)<\/p>\n\n\n\n<p><a href=\"https:\/\/blogs.alternatives-economiques.fr\/abherve\/2021\/03\/20\/va-t-on-vers-la-disparition-du-contrat-de-professionnalisation\">Va-t-on vers la disparition du contrat de professionnalisation?<\/a> (AlterEco)<\/p>\n\n\n\n<p><a href=\"https:\/\/www.revolutionpermanente.fr\/Casse-de-l-assurance-chomage-Philippe-Martinez-porte-disparu\">Casse de l\u2019assurance-ch\u00f4mage. Philippe Martinez port\u00e9 disparu<\/a> (RP)<\/p>\n\n\n\n<figure class=\"wp-block-image is-resized is-style-default\"><img data-recalc-dims=\"1\" loading=\"lazy\" decoding=\"async\" src=\"https:\/\/lupodessins.files.wordpress.com\/2019\/07\/illustration_sans_titre-8.jpg?w=560&#038;h=9999&#038;fit=560%2C9999&#038;resize=341%2C256\" alt=\"\" width=\"341\" height=\"256\" title=\"Halte aux cadences\u00a0infernales\"\/><\/figure>\n\n\n\n<p><strong><span class=\"has-inline-color has-vivid-red-color\">23 Mars en continu<\/span><\/strong><\/p>\n\n\n\n<p><a href=\"https:\/\/www.boursorama.com\/actualite-economique\/actualites\/rassemblement-de-soutien-a-la-fonderie-de-bretagne-mise-en-vente-par-renault-f08b1720d2ffc63ac5fb04b2a9542a6a\">Rassemblement de soutien \u00e0 la Fonderie de Bretagne mise en vente par Renault<\/a> (AFP)<\/p>\n\n\n\n<p><a href=\"https:\/\/www.francebleu.fr\/infos\/economie-social\/fermeture-de-l-usine-socla-watts-pres-d-aix-les-bains-c-est-un-tsunami-1616423386?fbclid=IwAR3vQ5t-vqaGyQBAFdm09XvHdcSdx2lOVPrHAoJ8XYR3M0MU9iHtHi5REGQ\">Fermeture de l&rsquo;usine Socla Watts en Savoie : \u00ab\u00a0C&rsquo;est un tsunami\u00a0\u00bb <\/a>(France Bleu)<\/p>\n\n\n\n<figure class=\"wp-block-image is-resized is-style-default\"><img data-recalc-dims=\"1\" loading=\"lazy\" decoding=\"async\" src=\"https:\/\/i0.wp.com\/cdn.radiofrance.fr\/s3\/cruiser-production\/2021\/03\/7cf848db-dee8-473e-a1ea-a710336e43d8\/860_whatsapp_image_2021-03-22_at_13.43.22.jpg?resize=455%2C306&#038;ssl=1\" alt=\"Les syndicats tr\u00e8s mobilis\u00e9s \" width=\"455\" height=\"306\"\/><\/figure>\n\n\n\n<p><a href=\"https:\/\/lanticapitaliste.org\/evenement\/les-vendredis-de-la-colere-contre-la-reforme-de-lassurance-chomage\">Les vendredis de la col\u00e8re contre la r\u00e9forme de l&rsquo;assurance-ch\u00f4mage<\/a> (L\u2019Anticapitaliste)<\/p>\n\n\n\n<p><a href=\"https:\/\/www.lacledesondes.fr\/article\/reforme-de-l-assurance-ch%C3%B4mage--lutte-contre-le-ch%C3%B4mage-ou-chasse-aux-ch%C3%B4meurs-\">R\u00e9forme de l&rsquo;assurance ch\u00f4mage : Lutte contre le ch\u00f4mage ou chasse aux ch\u00f4meurs ?<\/a> (La Cl\u00e9 des Ondes)<\/p>\n\n\n\n<p><a href=\"https:\/\/www.boursorama.com\/actualite-economique\/actualites\/en-france-la-crise-sanitaire-fait-exploser-les-depressions-chez-les-salaries-d6bb94d2efba211fafbda2753bc22623\">En France, la crise sanitaire fait exploser les d\u00e9pressions chez les salari\u00e9s<\/a> (AFP)<\/p>\n\n\n\n<p><a href=\"https:\/\/www.mncp.fr\/un-atelier-informatique-pour-mieux-defendre-les-droits-des-chomeurs-et-precaires-strasbourg\/?utm_source=rss&amp;utm_medium=rss&amp;utm_campaign=un-atelier-informatique-pour-mieux-defendre-les-droits-des-chomeurs-et-precaires-strasbourg\">Un atelier informatique pour mieux d\u00e9fendre les droits des ch\u00f4meurs et pr\u00e9caires (Strasbourg)<\/a> (MNCP)<\/p>\n\n\n\n<p><a href=\"https:\/\/blogs.mediapart.fr\/gilets-jaunes-intermittentes-chomeureuses-precaires\/blog\/220321\/vendredis-de-la-colere-contre-la-reforme-de-l-assurance-cho\">Vendredis de la col\u00e8re contre la r\u00e9forme de l\u2019assurance ch\u00f4mage<\/a> -blog MDP<\/p>\n\n\n\n<p><a href=\"https:\/\/www.humanite.fr\/mobilisations-toulouse-artistes-et-intermittents-font-leur-printemps-701727\">Mobilisations.&nbsp;\u00c0 Toulouse,&nbsp;artistes et intermittents font leur printemps<\/a>&nbsp; (L\u2019Huma)<\/p>\n\n\n\n<p><a href=\"https:\/\/www.macommune.info\/plus-de-200-personnes-pour-soutenir-les-intermittents-du-spectacle-a-besancon-ce-dimanche\/\">Plus de 200 personnes pour soutenir les intermittents du spectacle \u00e0 Besan\u00e7on ce dimanche<\/a> (Ma Commune)<\/p>\n\n\n\n<p><a href=\"https:\/\/france3-regions.francetvinfo.fr\/nouvelle-aquitaine\/charente-maritime\/la-rochelle\/une-chaine-humaine-autour-du-theatre-de-la-coursive-a-la-rochelle-pour-exprimer-le-soutien-a-la-culture-2009272.html\">Une cha\u00eene humaine autour du th\u00e9\u00e2tre de La Coursive \u00e0 La Rochelle pour soutenir la culture<\/a> (France 3)<\/p>\n\n\n\n<figure class=\"wp-block-image is-resized is-style-default\"><img data-recalc-dims=\"1\" loading=\"lazy\" decoding=\"async\" src=\"https:\/\/i0.wp.com\/france3-regions.francetvinfo.fr\/image\/dTpzLFxT39wnc-zShnUKmKpZvq0\/600x400\/regions\/2021\/03\/21\/60576a21a976b_ftv_2369-00_00_01_24-5240284.jpg?resize=441%2C294&#038;ssl=1\" alt=\"De nombreux manifestants sont venir soutenir la culture devant La Coursive \u00e0 La Rochelle.\" width=\"441\" height=\"294\"\/><\/figure>\n\n\n\n<p><a href=\"https:\/\/www.lemonde.fr\/economie\/article\/2021\/03\/21\/marche-du-travail-la-categorie-des-seniors-ni-en-retraite-ni-en-emploi-va-augmenter_6073957_3234.html\">March\u00e9 du travail&nbsp;: \u00ab&nbsp;La cat\u00e9gorie des seniors \u201cni en retraite ni en emploi\u201d va augmenter&nbsp;\u00bb<\/a> (Le Monde)<\/p>\n\n\n\n<p><a href=\"https:\/\/www.lemonde.fr\/economie\/article\/2021\/03\/21\/marche-du-travail-la-categorie-des-seniors-ni-en-retraite-ni-en-emploi-va-augmenter_6073957_3234.html\">March\u00e9 du travail : \u00ab La cat\u00e9gorie des seniors \u201cni en retraite ni en emploi\u201d va augmenter \u00bb<\/a> (Le Monde)<\/p>\n\n\n\n<p><a href=\"https:\/\/www.humanite.fr\/industrie-les-employes-dunilever-attendent-un-signal-pour-leurs-salaires-701799#xtor=RSS-1\">Les employ\u00e9s d\u2019Unilever attendent un signal pour leurs salaires<\/a> (L\u2019Humanit\u00e9)<\/p>\n\n\n\n<p><a href=\"https:\/\/radioparleur.net\/2021\/03\/22\/aed-greve-pions-education\/\">AED en col\u00e8re : quand les \u00ab pions \u00bb s\u2019organisent<\/a> (Radioparleur)<\/p>\n\n\n\n<p><a href=\"https:\/\/www.humanite.fr\/ikea-france-en-proces-pour-espionnage-de-ses-salaries-701735#xtor=RSS-1\">Ikea France en proc\u00e8s pour espionnage de ses salari\u00e9s<\/a> (L\u2019Humanit\u00e9)<\/p>\n\n\n\n<p><a href=\"https:\/\/www.bastamag.net\/16-activistes-pour-les-droit-des-personnes-en-situation-de-handicap-en-proces-a-Toulouse-Odile-Maurin-Handicap-Handisocial\">La SNCF et Air France infligent un proc\u00e8s aux d\u00e9fenseurs des droits des personnes en situation de handicap<\/a> (Basta!)<\/p>\n\n\n\n<p><a href=\"https:\/\/www.boursorama.com\/actualite-economique\/actualites\/teletravail-un-tiers-des-entreprises-ne-l-ont-pas-mis-en-place-le-gouvernement-augmente-les-controles-318f32896686b5443d6cdb08878d36e2\">T\u00e9l\u00e9travail : un tiers des entreprises ne l&rsquo;ont pas mis en place, le gouvernement augmente les contr\u00f4les<\/a> (Boursorama)<\/p>\n\n\n\n<p><a href=\"https:\/\/info.mediapart.fr\/optiext\/optiextension.dll?ID=5BA5CYAagcb1lxSvQwVl8QuU_BbT44xOIAyNh86KPdCipfXjXKmZZdIvLPRGXYildk9DsIY%2B_hLJ1%2BRAhX77xbkOnzjPr\">Sexisme \u00e0 Chronodrive: \u00abIl est hors de question que je me taise!\u00bb<\/a> -Delaunay Matthieu<\/p>\n\n\n\n<p><a href=\"https:\/\/theconversation.com\/covid-19-les-sorts-contrastes-des-travailleurs-frontaliers-en-suisse-et-au-luxembourg-157369\">Covid-19 : les sorts contrast\u00e9s des travailleurs frontaliers en Suisse et au Luxembourg<\/a> (The Conversation)<\/p>\n\n\n\n<p><a href=\"https:\/\/info.mediapart.fr\/optiext\/optiextension.dll?ID=5BA5EFTT2LQ0829J%2BtVnaBRqPvwojwZhF7j83bC3tXxjXOVPWP0%2BB2jTgPPKBzurvQxJu_FJIHDIz7TD_SxDYQtZ7mPbw\">La tribune qui a conduit \u00e0 la d\u00e9mission de Muriel P\u00e9nicaud<\/a> -Les invit\u00e9s de Mediapart<\/p>\n\n\n\n<p><a href=\"https:\/\/radioparleur.net\/2021\/03\/22\/aed-greve-pions-education\/\">AED en col\u00e8re : quand les \u00ab pions \u00bb s\u2019organisent<\/a> (Radioparleur)<\/p>\n\n\n\n<figure class=\"wp-block-image is-resized is-style-default\"><img loading=\"lazy\" decoding=\"async\" src=\"https:\/\/scontent.fsti4-1.fna.fbcdn.net\/v\/t1.0-9\/164072710_1169505873471879_2619599095800423054_o.jpg?_nc_cat=109&amp;ccb=1-3&amp;_nc_sid=730e14&amp;_nc_ohc=wZiAow0a_N8AX_eZdHx&amp;_nc_ht=scontent.fsti4-1.fna&amp;oh=ca51ae91b311c0a51fccfaf9a020bb7b&amp;oe=607E30CF\" alt=\"Peut \u00eatre une image de texte qui dit \u2019VIVENT COMMUN\u00ca 150 ANS DELA TANT QUUN HOMME POURRA MOURIR DE FAIM \u00c0 LA PORTE D'UN PALAIS O\u00c3 TOUT REGORGE IL N'Y AURA RIEN DE STABLE DANS LES SINSTITUTIONS HUMAINES EUG\u00c8NE VARL\u0130N\u2019\" width=\"289\" height=\"385\"\/><\/figure>\n\n\n\n<p><strong><span class=\"has-inline-color has-vivid-red-color\">22 Mars en continu<\/span><\/strong><\/p>\n\n\n\n<p><a href=\"http:\/\/www.apple.fr\">Allocation ch\u00f4mage des cadres : voici dans quelles conditions la d\u00e9gressivit\u00e9 va s\u2019appliquer<\/a> (Capital)<\/p>\n\n\n\n<p><a href=\"https:\/\/www.francebleu.fr\/infos\/economie-social\/la-cgt-de-camaieu-denonce-les-conditions-de-travail-au-sein-du-groupe-nordiste-1616166516\">La CGT de Cama\u00efeu d\u00e9nonce les conditions de travail au sein du groupe nordiste<\/a> (France bleu)<\/p>\n\n\n\n<p><a href=\"https:\/\/www.nouvelobs.com\/economie\/20210319.OBS41610\/assurance-chomage-ces-depenses-que-l-on-prefere-oublier.html\">Assurance ch\u00f4mage&nbsp;: ces d\u00e9penses que l\u2019on pr\u00e9f\u00e8re oublier<\/a> (Nouvel Obs)<\/p>\n\n\n\n<p><a href=\"https:\/\/www.boursorama.com\/actualite-economique\/actualites\/teletravail-un-tiers-des-entreprises-ne-l-ont-pas-mis-en-place-le-gouvernement-augmente-les-controles-318f32896686b5443d6cdb08878d36e2\">T\u00e9l\u00e9travail : un tiers des entreprises ne l&rsquo;ont pas mis en place, le gouvernement augmente les contr\u00f4les<\/a> (Boursorama)<\/p>\n\n\n\n<figure class=\"wp-block-image size-large is-resized is-style-default\"><img data-recalc-dims=\"1\" loading=\"lazy\" decoding=\"async\" src=\"https:\/\/i0.wp.com\/www.rdpemancipation.org\/wp-content\/uploads\/2021\/03\/image-119.png?resize=287%2C404&#038;ssl=1\" alt=\"\" class=\"wp-image-21620\" width=\"287\" height=\"404\" srcset=\"https:\/\/i0.wp.com\/www.rdpemancipation.org\/wp-content\/uploads\/2021\/03\/image-119.png?w=511&amp;ssl=1 511w, https:\/\/i0.wp.com\/www.rdpemancipation.org\/wp-content\/uploads\/2021\/03\/image-119.png?resize=213%2C300&amp;ssl=1 213w\" sizes=\"auto, (max-width: 287px) 100vw, 287px\" \/><\/figure>\n\n\n\n<p><a href=\"https:\/\/lanticapitaliste.org\/videos\/david-gistau-secretaire-departemental-cgt-au-rassemblement-de-3500-personnes-contre-les\">David Gistau, secr\u00e9taire d\u00e9partemental CGT Aveyron:\u00ab tous et toutes ensemble, mobilis\u00e9s, on peut changer la donne \u00bb<\/a> -vid\u00e9o<\/p>\n\n\n\n<p><a href=\"https:\/\/www.boursorama.com\/actualite-economique\/actualites\/vaccin-covid-la-cfdt-veut-une-priorite-pour-les-salaries-les-plus-exposes-d90a673784a69cb73f1007ed7bde621c\">Vaccin Covid: la CFDT veut une priorit\u00e9 pour \u00ab\u00a0les salari\u00e9s les plus expos\u00e9s\u00a0\u00bb<\/a> (AFP)<\/p>\n\n\n\n<p><a href=\"https:\/\/lanticapitaliste.org\/actualite\/culture\/occupation-du-theatre-sebastopol-construire-la-convergence-des-luttes\">Occupation du th\u00e9\u00e2tre S\u00e9bastopol : construire la convergence des luttes<\/a> (L\u2019Anticapitaliste)<\/p>\n\n\n\n<figure class=\"wp-block-image is-resized is-style-default\"><img data-recalc-dims=\"1\" loading=\"lazy\" decoding=\"async\" src=\"https:\/\/i0.wp.com\/www.revolutionpermanente.fr\/local\/cache-vignettes\/L816xH459\/arton24459-315e1.jpg?resize=422%2C238&#038;ssl=1\" alt=\"\" width=\"422\" height=\"238\"\/><\/figure>\n\n\n\n<p><strong><span class=\"has-inline-color has-vivid-red-color\">21 Mars en continu<\/span><\/strong><\/p>\n\n\n\n<p><a href=\"https:\/\/www.revolutionpermanente.fr\/Stellantis-Poissy-ex-PSA-un-salarie-decede-du-Covid-l-epidemie-tue-toujours-dans-les-usines\">St\u00e9llantis Poissy (ex PSA)&nbsp;: un salari\u00e9 d\u00e9c\u00e8de du Covid, l\u2019\u00e9pid\u00e9mie tue toujours dans les usines<\/a> -Vincent Duse, CGT PSA Mulhouse<\/p>\n\n\n\n<p><a href=\"https:\/\/alt-rev.com\/2021\/03\/20\/reforme-du-chomage-les-plus-precaires-dans-le-viseur-du-gouvernement\/\">R\u00e9forme du ch\u00f4mage : les plus pr\u00e9caires dans le viseur du gouvernement<\/a> (Mr mondialisation)<\/p>\n\n\n\n<p><a href=\"https:\/\/iaata.info\/La-ville-ou-on-construit-des-avions-veut-interdir-les-voitures-des-pauvres-4682.html\">La ville o\u00f9 on construit des avions veut interdir les voitures des pauvres&#8230;<\/a> (Mutu)<\/p>\n\n\n\n<p><strong><span class=\"has-inline-color has-vivid-red-color\">20 Mars en continu<\/span><\/strong><\/p>\n\n\n\n<p><a href=\"https:\/\/www.facebook.com\/sudposte.hautsdeseine\/videos\/358772988787112\">Poste: prise de parole hier \u00e0 Boulogne contre une r\u00e9org ultra violente<\/a> -Vid\u00e9o Sud Poste 92<\/p>\n\n\n\n<p><a href=\"https:\/\/www.mediapart.fr\/journal\/france\/200321\/la-sncf-condamnee-pour-avoir-empeche-des-cheminots-de-faire-greve\">La SNCF condamn\u00e9e pour avoir emp\u00each\u00e9 des cheminots de faire gr\u00e8ve<\/a>  (M\u00e9diapart)<\/p>\n\n\n\n<p><a href=\"https:\/\/r.newsletter.cgt.fr\/mk\/cl\/f\/d0Yn4mfusJm-iDgImg2___dLIbIPuOPE7rR3XzST6e6WYy6TuzhPHMawT0JPRca88Ma4fCrBr4W4EE4F9LPgbbX_jTUP6BuYny6-8QX2kwTLppeUK0bF9QNr3Raapz4O6XPgZpqIH9bRAkDWcO4M2aSTrHJDl8ileePAjcZK0175aGwaKKAsWVOO5O-XXe7T1Eeu0z0MAWvHoCTwVAfZk_SvtljCXBFSS9TXhCZEldHGXbHEUj7QNSPHHGcL34XSmIe1uK8UQPpKp3MxDbV8rKGKOwwNMedcIl84rP9FdwMk5Ep-n9UhE2X5L6a17CQcfhq2nNcJ_k9ag3ov14qbnof00SfqyZNMU9E76dkd53csBiLp0NsiAM7qhkTM\">Le gaz toujours plus cher<\/a> (CGT)<\/p>\n\n\n\n<p><a href=\"https:\/\/r.newsletter.cgt.fr\/mk\/cl\/f\/XuzuUm948onhC4XYi_Gnbb67TEotftHFnwh5CuUUU4Qh4hTgmRUnHoKqhUJiBoMrba2HqTRr_ab5qHDrwhW6TnTql8k8W7fpIkovygZzsVGOSw-8Twe3DVbUc_wjBCbuAIUCCjFdEK6yAEGtpBnYkuvyfUd1tl5o20GdIQ00JfJ7hd7ITyy6trIYUoYZNDZ1QI8K8odo54jWqHE46Hx4J3Oyjz2tNOYoSWMpauPZOrbc-vq3crYMfTtbOSrwdMupsBLtf9eJ8udB7dZWX2m-FB-hMB_6GQLyHyOUbVV0BVnRZmH2hq_LoNIU-BWQIv5uvYK4a7oPv0tNYeB2xQM5Wo-6Hlm-F1-FvpxlRtiQMcIjIOMTLDP9W5JMFoQ8X1Cgs5f78A\">D\u00e9cret assurance ch\u00f4mage : un gouvernement sourd et irresponsable !<\/a> (CGT)<\/p>\n\n\n\n<p><a href=\"http:\/\/www.agirensemblecontrelechomage.org\/spip.php?article2562\">Agir ensemble contre le Ch\u00f4mage ! : Le presse l\u00e9gumes ou la logique de la perplexit\u00e9<\/a> (CICP)<\/p>\n\n\n\n<p><a href=\"https:\/\/www.boursorama.com\/actualite-economique\/actualites\/la-banque-de-france-prevoit-de-supprimer-600-emplois-d-ici-2024-c99f3ae3ab5860d8e23a23f66a238baf\">La Banque de France pr\u00e9voit de supprimer 600 emplois d&rsquo;ici 2024<\/a> (AFP)<\/p>\n\n\n\n<p><a href=\"http:\/\/www.npa-auto-critique.org\/2021\/03\/bosch-fossoyeur-d-emplois.etat-responsable.html\">\u00ab&nbsp;Bosch fossoyeur d\u2019emplois. \u00c9tat responsable&nbsp;\u00bb<\/a>&nbsp;(Auto Critique)<\/p>\n\n\n\n<figure class=\"wp-block-image is-resized is-style-default\"><img data-recalc-dims=\"1\" loading=\"lazy\" decoding=\"async\" src=\"https:\/\/i0.wp.com\/image.over-blog.com\/UHJ8Sp182pEEiRpeR1LneB_32Eo%3D\/filters%3Ano_upscale%28%29\/image%2F1371566%2F20210319%2Fob_ea3923_bosch-rodez-19-mars-3021.jpg?resize=548%2C263&#038;ssl=1\" alt=\"\" width=\"548\" height=\"263\"\/><\/figure>\n\n\n\n<p><a href=\"https:\/\/www.boursorama.com\/actualite-economique\/actualites\/bosch-rodez-agnes-pannier-runacher-chahutee-par-les-manifestants-7c9233861c288c8e21fcdc619801122b\">Bosch Rodez: Agn\u00e8s Pannier-Runacher chahut\u00e9e par les manifestants<\/a> (AFP)<\/p>\n\n\n\n<p><a href=\"https:\/\/www.lemediatv.fr\/emissions\/2021\/espionnage-mensonges-et-corruption-AK59KLkGSl6bXJt8LetCqg\">Ikea: Espionnage, mensonges et corruption<\/a> -vid\u00e9o Le M\u00e9dia&nbsp;<\/p>\n\n\n\n<p><a href=\"https:\/\/www.saphirnews.com\/A-Villeurbanne-musulmans-et-chretiens-s-unissent-contre-la-precarite-etudiante_a27917.html\">A Villeurbanne, musulmans et chr\u00e9tiens s\u2019unissent contre la pr\u00e9carit\u00e9 \u00e9tudiante<\/a> (SaphirNews)<\/p>\n\n\n\n<p><a href=\"https:\/\/www.boursorama.com\/actualite-economique\/actualites\/de-jeunes-employes-de-goldman-sachs-demandent-une-semaine-de-80-heures-160e110e4daf03b0f6866321824a623a\">Des jeunes employ\u00e9s de Goldman Sachs demandent une semaine de 80 heures<\/a> (AFP)<\/p>\n\n\n\n<p><a href=\"https:\/\/www.humanite.fr\/la-verite-nue-de-corinne-masiero-fait-des-emules-701712#xtor=RSS-1\">La v\u00e9rit\u00e9 nue de Corinne Masiero fait des \u00e9mules<\/a> (L\u2019Humanit\u00e9)<\/p>\n\n\n\n<figure class=\"wp-block-image is-resized is-style-default\"><img data-recalc-dims=\"1\" loading=\"lazy\" decoding=\"async\" src=\"https:\/\/i0.wp.com\/www.humanite.fr\/sites\/default\/files\/styles\/1048x350\/public\/images\/unnamed_32.jpg?resize=570%2C244&#038;ssl=1\" alt=\"\" width=\"570\" height=\"244\" title=\"\"\/><\/figure>\n\n\n\n<p><a href=\"https:\/\/info.mediapart.fr\/optiext\/optiextension.dll?ID=ZrqZtcxsNo4iqzwUrgFjkSJ9gx6DQGBEIKMk6IpcxKKMzztd6BVZHuWkuWmmA7OkbxQjc0UImyjYG67WN%2BJzeaPOIQqd_\">Logement social: Nice reste impun\u00e9ment hors des clous<\/a> (MDP)<\/p>\n\n\n\n<p><a href=\"https:\/\/www.streetpress.com\/sujet\/1616163790-ikea-aide-policiers-malhonnetes-espionnage-salaries-clients-rg-justice-proces-media\">Ikea, aid\u00e9 de policiers malhonn\u00eates, espionnait salari\u00e9s et clients<\/a> (StreetPress)<\/p>\n\n\n\n<figure class=\"wp-block-image is-resized is-style-default\"><img loading=\"lazy\" decoding=\"async\" src=\"https:\/\/scontent.fhex4-1.fna.fbcdn.net\/v\/t1.0-9\/162957150_1167592526996547_306993751354738346_n.png?_nc_cat=106&amp;ccb=1-3&amp;_nc_sid=730e14&amp;_nc_ohc=RgK2lgcp4mAAX_Fhe-1&amp;_nc_ht=scontent.fhex4-1.fna&amp;oh=cfaddedf8dfc02e35b5e9bb5dee18937&amp;oe=607BAD1C\" alt=\"Peut \u00eatre une image de texte\" width=\"332\" height=\"253\"\/><\/figure>\n\n\n\n<p><strong><span class=\"has-inline-color has-vivid-red-color\">19 Mars en continu<\/span><\/strong><\/p>\n\n\n\n<p><a href=\"https:\/\/www.boursorama.com\/actualite-economique\/actualites\/edf-les-syndicats-appellent-a-une-nouvelle-greve-contre-hercule-64af7004a9d06cbd9038eee14c4574d7\">EDF: Les syndicats appellent \u00e0 une nouvelle gr\u00e8ve contre Hercule<\/a> (Reuters)<\/p>\n\n\n\n<p><a href=\"http:\/\/www.npa-auto-critique.org\/2021\/03\/les-fonderies-de-bretagne-fondeurs-pas-chomeurs.html\">Les fonderies de Bretagne : fondeurs pas ch\u00f4meurs !<\/a> (Auto Critique)<\/p>\n\n\n\n<p><a href=\"https:\/\/www.humanite.fr\/regard-sur-le-fonctionnement-dun-bateau-usine-en-haute-mer-701706#xtor=RSS-1\">Regard sur le fonctionnement d\u2019un bateau usine en haute mer<\/a> (L\u2019Humanit\u00e9)<\/p>\n\n\n\n<p><a href=\"http:\/\/www.contretemps.eu\/rythmes-labeur-usine-temps-travail\/\">L\u2019usine et le chronom\u00e8tre. Un extrait du livre Les rythmes du labeur<\/a> (Contretemps)&nbsp;<\/p>\n\n\n\n<p><a href=\"https:\/\/solidaires.org\/Risposte-syndicale-face-a-l-extreme-droite-8\">Risposte syndicale, face \u00e0 l&rsquo;extr\u00eame droite #8<\/a>&nbsp; (Solidaires)<\/p>\n\n\n\n<figure class=\"wp-block-image is-resized is-style-default\"><img loading=\"lazy\" decoding=\"async\" src=\"https:\/\/scontent.fhex4-1.fna.fbcdn.net\/v\/t1.0-0\/p180x540\/162862209_1167598420329291_1170972580907449782_o.jpg?_nc_cat=104&amp;ccb=1-3&amp;_nc_sid=730e14&amp;_nc_ohc=5u6nuj9fcQEAX8RJNFu&amp;_nc_ht=scontent.fhex4-1.fna&amp;tp=6&amp;oh=3971dbb51ad0c588fc44578f9d5b4000&amp;oe=607A7884\" alt=\"Peut \u00eatre une image de 2 personnes, personnes debout et plein air\" width=\"379\" height=\"284\"\/><figcaption><sub>En gr\u00e8ve depuis le 21 d\u00e9cembre<\/sub><\/figcaption><\/figure>\n\n\n\n<p><a href=\"http:\/\/www.npa-auto-critique.org\/2021\/03\/debrayages-dans-sept-usines-de-bosch-vendredi-19-mars.html\">D\u00e9brayages dans sept usines de Bosch vendredi 19 mars<\/a> (Auto Critique)<\/p>\n\n\n\n<p><a href=\"http:\/\/www.npa-auto-critique.org\/2021\/03\/mobilisation-inedite-a-renault-lardy.html\">Mobilisation in\u00e9dite \u00e0 Renault Lardy<\/a> (Auto Critique)<\/p>\n\n\n\n<p><a href=\"https:\/\/www.cgt.fr\/comm-de-presse\/decret-assurance-chomage-un-gouvernement-sourd-et-irresponsable?fbclid=IwAR2IxsTEPQkbtuacgdgarwBofOG5zjudxjZpd6F9f-9f4icPko0Z-hojCrk\">D\u00e9cret assurance ch\u00f4mage : un gouvernement sourd et irresponsable !<\/a> (CGT)<\/p>\n\n\n\n<p><a href=\"https:\/\/alt-rev.com\/2021\/03\/18\/entretien-avec-gaetan-gracia-syndicaliste-et-revolutionnaire\/\">Entretien avec Ga\u00e9tan Gracia, syndicaliste et r\u00e9volutionnaire<\/a> (Frustration )<\/p>\n\n\n\n<p><a href=\"https:\/\/positivr.fr\/lespagne-va-tester-la-semaine-de-quatre-jours-payes-cinq?\">L\u2019Espagne va exp\u00e9rimenter la semaine de 32 heures de travail sans perte de salaire<\/a> (Positiv)<\/p>\n\n\n\n<p><a href=\"https:\/\/www.20minutes.fr\/economie\/3000983-20210318-assurance-chomage-cour-comptes-met-pression-etat-partenaires-sociaux\">Assurance-ch\u00f4mage&nbsp;: La Cour des comptes met la pression sur l\u2019\u00c9tat et les partenaires sociaux<\/a> (20 mn)<\/p>\n\n\n\n<p><a href=\"https:\/\/www.lemonde.fr\/politique\/article\/2021\/03\/18\/couverture-chomage-des-independants-la-majorite-s-impatiente-face-a-l-absence-de-mesures_6073579_823448.html\">Couverture ch\u00f4mage des ind\u00e9pendants&nbsp;: la majorit\u00e9 s\u2019impatiente face \u00e0 l\u2019absence de mesures<\/a> (Le Monde)<\/p>\n\n\n\n<p><a href=\"https:\/\/www.marianne.net\/agora\/tribunes-libres\/nous-croyons-en-une-republique-ecologique-et-sociale-qui-sattaque-au-chomage-et-non-aux-chomeurs\">\u00ab\u00a0Nous croyons en une R\u00e9publique \u00e9cologique et sociale, qui s&rsquo;attaque au ch\u00f4mage et non aux ch\u00f4meurs\u00a0\u00bb<\/a> (Marianne)<\/p>\n\n\n\n<p><a href=\"https:\/\/www.franceinter.fr\/emissions\/l-instant-m\/l-instant-m-18-mars-2021\">Benoit Collombat : enqu\u00eate sur l&rsquo;histoire politique du ch\u00f4mage<\/a> (France Inter)<\/p>\n\n\n\n<p><strong><span class=\"has-inline-color has-vivid-red-color\">18 Mars en continu<\/span><\/strong><\/p>\n\n\n\n<p><a href=\"https:\/\/www.infomaniak.com\/fr\/swiss-backup\">Pour sauvegarder vos serveurs et postes de travail<\/a> Infomaniak<\/p>\n\n\n\n<figure class=\"wp-block-image is-resized is-style-default\"><img loading=\"lazy\" decoding=\"async\" src=\"https:\/\/scontent.fhex4-2.fna.fbcdn.net\/v\/t1.0-9\/161968954_1166945043727962_2026980700859718378_n.png?_nc_cat=111&amp;ccb=1-3&amp;_nc_sid=730e14&amp;_nc_ohc=mSMyY9J3b18AX8cs3Pf&amp;_nc_ht=scontent.fhex4-2.fna&amp;oh=8976562d5945bc85431f4ea6b4b36df5&amp;oe=607A5754\" alt=\"Peut \u00eatre une image de texte qui dit \u2019Confinement le soir, le week- end, les vacances? Mais pas pendant le travail C'est clair le pognon avant la sant\u00e9\u2019\" width=\"392\" height=\"270\"\/><\/figure>\n\n\n\n<p><a href=\"https:\/\/www.courrierdesmaires.fr\/94168\/la-crise-seme-la-misere-les-elus-recoltent-la-colere\/\">La crise s\u00e8me la mis\u00e8re, les \u00e9lus r\u00e9coltent la col\u00e8re<\/a> (Courrier des maires)<\/p>\n\n\n\n<p><a href=\"https:\/\/www.nouvelobs.com\/social\/20210316.OBS41449\/chomage-les-5-arriere-pensees-d-une-reforme-contestee.html\">Ch\u00f4mage&nbsp;: les 5&nbsp;arri\u00e8re-pens\u00e9es d\u2019une r\u00e9forme contest\u00e9e<\/a> (Nouvel Obs)<\/p>\n\n\n\n<p><a href=\"https:\/\/www.capital.fr\/votre-carriere\/assurance-chomage-les-intermittents-du-spectacle-seront-ils-touches-par-la-reforme-1397104\">Assurance ch\u00f4mage : les intermittents du spectacle seront-ils vraiment touch\u00e9s par la r\u00e9forme&nbsp;?<\/a> (Capital)<\/p>\n\n\n\n<p><a href=\"http:\/\/www.apple.fr\">Emploi des jeunes : Castex prolonge les primes \u00e0 l&rsquo;apprentissage jusqu&rsquo;\u00e0 la fin de l&rsquo;ann\u00e9e 2021<\/a><\/p>\n\n\n\n<p><a href=\"https:\/\/www.lsa-conso.fr\/precarite-3-millions-de-francais-se-privent-de-produits-d-hygiene-infographie,375853\">Pr\u00e9carit\u00e9 : 3 millions de Fran\u00e7ais se privent de produits d\u2019hygi\u00e8ne<\/a> (LSA)<\/p>\n\n\n\n<p><a href=\"https:\/\/travailleraufutur.fr\/les-mondes-du-travail-a-lechelle-planetaire-entre-accroissement-recomposition-et-rebellions\/\">Les mondes du travail \u00e0 l\u2019\u00e9chelle plan\u00e9taire : entre accroissement, recomposition et r\u00e9bellions<\/a> (Travailler au futur)<\/p>\n\n\n\n<p><a href=\"https:\/\/travailleraufutur.fr\/les-femmes-doivent-avoir-un-acces-egal-a-la-protection-sociale\/\">Les femmes doivent avoir un acc\u00e8s \u00e9gal \u00e0 la protection sociale<\/a> (Travailler au futur)<\/p>\n\n\n\n<p><a href=\"https:\/\/rapportsdeforce.fr\/breves\/rassemblement-devant-libis-batignolle-pour-les-20-mois-de-lutte-des-femmes-de-chambre-03179639\">Rassemblement devant l\u2019Ibis Batignolles pour les 20 mois de lutte des femmes de chambre<\/a> (Rapports de Force)<\/p>\n\n\n\n<figure class=\"wp-block-image is-resized is-style-default\"><img data-recalc-dims=\"1\" loading=\"lazy\" decoding=\"async\" src=\"https:\/\/i0.wp.com\/rapportsdeforce.fr\/wp-content\/uploads\/2021\/01\/ibis-batignolles-820x547.jpg?resize=396%2C263&#038;ssl=1\" alt=\"femmes de chambre\" width=\"396\" height=\"263\"\/><\/figure>\n\n\n\n<p><a href=\"https:\/\/www.humanite.fr\/automobile-volontariat-force-chez-renault-701623#xtor=RSS-1\">Automobile. Volontariat \u00ab forc\u00e9 \u00bb chez Renault ?<\/a> (L\u2019Humanit\u00e9)<\/p>\n\n\n\n<p><a href=\"https:\/\/info.mediapart.fr\/optiext\/optiextension.dll?ID=bJIbLttI2fN6My4GaLZJmSnf_o16dHn9kiPhO0CP4LgOWCsrjinpLfYQ0yFgdmflL7KZC8qRylRu9dI1AEb_XRid%2B6vHb\">La justice refuse les licenciements chez Whirlpool \u00e0 Amiens<\/a> (MDP)<\/p>\n\n\n\n<p><a href=\"https:\/\/www.revolutionpermanente.fr\/Auchan-De-la-France-au-Senegal-la-famille-Mulliez-contre-les-travailleurs\">Auchan. De la France au S\u00e9n\u00e9gal, la famille Mulliez contre les travailleurs<\/a> (RP)<\/p>\n\n\n\n<figure class=\"wp-block-image is-resized is-style-default\"><img data-recalc-dims=\"1\" loading=\"lazy\" decoding=\"async\" src=\"https:\/\/i0.wp.com\/www.revolutionpermanente.fr\/local\/cache-vignettes\/L653xH408\/arton24419-44d65.jpg?resize=386%2C241&#038;ssl=1\" alt=\"\" width=\"386\" height=\"241\"\/><\/figure>\n\n\n\n<p><a href=\"https:\/\/www.revolutionpermanente.fr\/Repression-la-SNCF-menace-de-licenciement-des-grevistes-de-l-Infrapole-Paris-Nord\">R\u00e9pression&nbsp;: la SNCF menace de licenciement des gr\u00e9vistes de l\u2019Infrap\u00f4le Paris Nord<\/a> (RP)<\/p>\n\n\n\n<p><a href=\"https:\/\/www.revolutionpermanente.fr\/Nantes-Repression-des-livreurs-jusqu-a-500EUR-d-amende-pour-exercer-leur-metier\">Nantes. R\u00e9pression des livreurs&nbsp;: jusqu\u2019\u00e0 500\u20ac d\u2019amende pour exercer leur m\u00e9tier<\/a> (RP)<\/p>\n\n\n\n<p><a href=\"https:\/\/info.mediapart.fr\/optiext\/optiextension.dll?ID=bJIbGNlZIIpu9_4kPNXFNcAdaLTyLSCsLTaibIVgbj2uHMiriTPmzqFdNKBBtCUVvtLISjEaGnux3PbjXc5EhzxEhq9rG\">Air France accus\u00e9 d\u2019abus de sous-traitance<\/a> (MDP)<\/p>\n\n\n\n<p><a href=\"https:\/\/www.humanite.fr\/energie-la-decoupe-dedf-en-trois-societes-se-precise-701610#xtor=RSS-1\">\u00c9nergie. La d\u00e9coupe d\u2019EDF en trois soci\u00e9t\u00e9s se pr\u00e9cise<\/a> (L\u2019Humanit\u00e9)<\/p>\n\n\n\n<p><a href=\"https:\/\/www.revolutionpermanente.fr\/Dijon-Mobilisation-du-personnel-du-bloc-operatoire-la-lutte-continue\">Dijon. Mobilisation du personnel du bloc op\u00e9ratoire&nbsp;: la lutte continue&nbsp;!<\/a> (RP)<\/p>\n\n\n\n<figure class=\"wp-block-image is-resized is-style-default\"><img data-recalc-dims=\"1\" loading=\"lazy\" decoding=\"async\" src=\"https:\/\/i0.wp.com\/www.revolutionpermanente.fr\/local\/cache-vignettes\/L653xH368\/arton24399-39939.png?resize=442%2C248&#038;ssl=1\" alt=\"\" width=\"442\" height=\"248\"\/><\/figure>\n\n\n\n<p><a href=\"https:\/\/www.revolutionpermanente.fr\/Toulouse-Le-secteur-social-et-medico-social-cherche-a-durcir-le-mouvement\">Toulouse. Le secteur social et m\u00e9dico-social cherche \u00e0 durcir le mouvement&nbsp;!<\/a> (RP)<\/p>\n\n\n\n<p><a href=\"https:\/\/www.mediacites.fr\/breve\/lyon\/2021\/03\/17\/pour-qui-combien-quand-les-chiffres-du-rsa-jeunes-experimente-par-le-grand-lyon\/\">Pour qui ? Combien ? Quand ? Les chiffres du \u00ab RSA jeunes \u00bb exp\u00e9riment\u00e9 par le Grand Lyon<\/a> (Mediacit\u00e9s)<\/p>\n\n\n\n<p><strong><span class=\"has-inline-color has-vivid-red-color\">17 Mars en continu<\/span><\/strong><\/p>\n\n\n\n<p><a href=\"https:\/\/usbeketrica.com\/fr\/la-demande-d-authenticite-sur-les-reseaux-sociaux-est-un-non-sens\">\u00ab&nbsp;La demande d\u2019authenticit\u00e9 sur les r\u00e9seaux sociaux et un non-sens&nbsp;\u00bb<\/a> \u2013 Vincent Edin (Usbek &amp; Rica)<\/p>\n\n\n\n<p><a href=\"https:\/\/lanticapitaliste.org\/actualite\/social\/une-belle-journee-de-greve-pour-les-livreurs-nantais\">Une belle journ\u00e9e de gr\u00e8ve pour les livreurs nantais<\/a> (L\u2019Anticapitaliste)<\/p>\n\n\n\n<p><a href=\"https:\/\/www.boursorama.com\/actualite-economique\/actualites\/uber-reconnait-aux-chauffeurs-britanniques-un-statut-de-travailleur-salarie-2ea0a3ee06e19058aad2903a76a1f017\">Uber reconna\u00eet aux chauffeurs britanniques un statut de travailleur salari\u00e9<\/a> (AFP)<\/p>\n\n\n\n<p><a href=\"https:\/\/alt-rev.com\/2021\/03\/16\/la-cgt-et-la-lutte-des-clans\/\">La CGT et la lutte des clans<\/a> -Blog C. Patillon<\/p>\n\n\n\n<figure class=\"wp-block-image is-resized is-style-default\"><img loading=\"lazy\" decoding=\"async\" src=\"https:\/\/scontent.fhex4-1.fna.fbcdn.net\/v\/t1.0-9\/160862906_1165806853841781_974475164233824465_o.jpg?_nc_cat=104&amp;ccb=1-3&amp;_nc_sid=730e14&amp;_nc_ohc=-WThS9Uc4oQAX-FuMK6&amp;_nc_ht=scontent.fhex4-1.fna&amp;oh=23396d22d75787b645da05f487fc00e3&amp;oe=60782A75\" alt=\"Peut \u00eatre une image de 3 personnes, personnes debout, foule et plein air\" width=\"378\" height=\"378\"\/><figcaption><sub>Manifestation et grosse gr\u00e8ve tr\u00e8s suivie aujourd&rsquo;hui des postiers d&rsquo;Ile <\/sub><br><sub>de Francequi en ont tout simplement&nbsp;RAS-LE-BOL !<\/sub><\/figcaption><\/figure>\n\n\n\n<p><a href=\"https:\/\/reporterre.net\/L-engagement-paie-deuxieme-saison-de-la-carte-des-luttes\">L&rsquo;engagement paie, deuxi\u00e8me saison de la carte des luttes<\/a> (Reporterre)<\/p>\n\n\n\n<p><a href=\"https:\/\/www.labourstartcampaigns.net\/show_campaign.cgi?c=4760\">Fedex-TNT : Halte aux suppressions d\u2019emploi<\/a> (Labour Start)<\/p>\n\n\n\n<p><a href=\"https:\/\/www.revolutionpermanente.fr\/General-Electrics-Belfort-Debrayage-pour-l-emploi-et-les-salaires\">General Electrics Belfort&nbsp;: D\u00e9brayage pour l\u2019emploi et les salaires<\/a> &#8211;<a href=\"https:\/\/www.revolutionpermanente.fr\/Vincent-Duse\">Vincent Duse, CGT PSA Mulhouse<\/a>&nbsp; (RP)<\/p>\n\n\n\n<p><a href=\"https:\/\/www.revolutionpermanente.fr\/Nantes-Repression-des-livreurs-jusqu-a-500EUR-d-amende-pour-exercer-leur-metier\">Nantes. R\u00e9pression des livreurs&nbsp;: jusqu\u2019\u00e0 500\u20ac d\u2019amende pour exercer leur m\u00e9tier<\/a>&nbsp; (RP)<\/p>\n\n\n\n<p><a href=\"https:\/\/info.mediapart.fr\/optiext\/optiextension.dll?ID=aIJaHEkXcWn7Fbt5m1OrkOiuCTkzNDRWfR7I1R0Ocwg1OtTWi8YsvYJBmiFeqgDOhbou3NZOTlPpaV7rD5MLieLz52Iav\">A Grignon, les \u00e9tudiants bloquent le site pour emp\u00eacher sa privatisation<\/a> (MDP)<\/p>\n\n\n\n<p><a href=\"https:\/\/info.mediapart.fr\/optiext\/optiextension.dll?ID=aIJaJeoz%2BYipOulAAt2Ubo6PXMB%2BiNKgW0yZCds8W09rTPNWjqkXW3QfMCcfx60YhFMpy%2B7kQmaA6BeI495yNque9lpWm\">Agde-P\u00e9zenas, un bassin d\u2019emploi rong\u00e9 par la pr\u00e9carit\u00e9<\/a> (MDP)<\/p>\n\n\n\n<p><a href=\"https:\/\/www.force-ouvriere.fr\/travailleurs-de-la-deuxieme-ligne-une-prime-ne-peut-remplacer\">Travailleurs de la deuxi\u00e8me ligne&nbsp;: une prime ne peut remplacer une augmentation de salaire&nbsp;!<\/a> ( Force Ouvri\u00e8re)&nbsp;<\/p>\n\n\n\n<p><a href=\"https:\/\/www.revolutionpermanente.fr\/Prime-Macron-sortie-de-crise-les-directions-syndicales-negocient-les-miettes-du-gouvernement\">\u00ab&nbsp;Prime Macron&nbsp;\u00bb, \u00ab&nbsp;sortie de crise&nbsp;\u00bb&nbsp;: les directions syndicales n\u00e9gocient les miettes du gouvernement&nbsp;!<\/a>&nbsp; (RP)<\/p>\n\n\n\n<p><a href=\"https:\/\/www.revolutionpermanente.fr\/Attaque-historique-Les-chomeurs-pourraient-perdre-jusqu-a-250-euros-par-mois-avec-la-reforme-selon\">Attaque historique. Les ch\u00f4meurs pourraient perdre jusqu\u2019\u00e0 250 euros par mois avec la r\u00e9forme selon l\u2019Un\u00e9dic&nbsp;!<\/a>&nbsp; (RP)<\/p>\n\n\n\n<p><a href=\"https:\/\/www.mediacites.fr\/reportage\/nantes\/2021\/03\/16\/occupation-du-theatre-graslin-a-nantes-%e2%80%afon-est-en-situation-de-pouvoir-gagner%e2%80%af\/\">Occupation du th\u00e9\u00e2tre Graslin \u00e0 Nantes : \u00ab on est en situation de pouvoir gagner \u00bb<\/a> (Mediacit\u00e9s)<\/p>\n\n\n\n<figure class=\"wp-block-image is-resized is-style-default\"><img data-recalc-dims=\"1\" loading=\"lazy\" decoding=\"async\" src=\"https:\/\/i0.wp.com\/www.mediacites.fr\/wp-content\/uploads\/2021\/03\/Graslin-Une.jpg?resize=406%2C239&#038;ssl=1\" alt=\"Graslin Une\" width=\"406\" height=\"239\" title=\"Graslin Une\"\/><\/figure>\n\n\n\n<p><strong><span class=\"has-inline-color has-vivid-red-color\">16 Mars en continu<\/span><\/strong><\/p>\n\n\n\n<p><a href=\"https:\/\/www.boursorama.com\/actualite-economique\/actualites\/bridgestone-bethune-le-plan-de-sauvegarde-de-l-emploi-valide-par-l-administration-bddd04a151bfec2cc26d521feaa52768\">Bridgestone B\u00e9thune: le plan de sauvegarde de l&#8217;emploi valid\u00e9 par l&rsquo;administration<\/a> (AFP)<\/p>\n\n\n\n<p><a href=\"https:\/\/www.boursorama.com\/actualite-economique\/actualites\/whirlpool-amiens-la-justice-annule-les-autorisations-de-licenciement-de-18-salaries-eec75c56e41e175f075a0bf02278bad2\">Whirlpool Amiens: la justice annule les autorisations de licenciement de 18 salari\u00e9s<\/a> (AFP)<\/p>\n\n\n\n<p><a href=\"https:\/\/www.humanite.fr\/faber-ejecte-danone-menace-de-demantelement-701439#xtor=RSS-1\">Faber \u00e9ject\u00e9, Danone menac\u00e9 de d\u00e9mant\u00e8lement<\/a> (L\u2019Humanit\u00e9)<\/p>\n\n\n\n<p><a href=\"https:\/\/radioparleur.net\/2021\/03\/15\/lever-de-rideau-sur-occupation-de-odeon\/\">Lever de rideau sur l\u2019occupation de l\u2019Od\u00e9on&nbsp;<\/a> (Radio Parleur)<\/p>\n\n\n\n<p><a href=\"https:\/\/www.boursorama.com\/actualite-economique\/actualites\/en-pleine-bataille-de-la-5g-nokia-va-supprimer-5-000-a-10-000-emplois-b0c02cf2fbf77818025954065a39a71f\">En pleine bataille de la 5G, Nokia va supprimer 5.000 \u00e0 10.000 emplois<\/a> (AFP)<\/p>\n\n\n\n<p><a href=\"https:\/\/www.francebleu.fr\/infos\/societe\/un-cadre-de-pole-emploi-tente-de-mettre-fin-a-ses-jours-dans-ses-locaux-pres-de-toulouse-1615817203\">Un cadre de P\u00f4le Emploi tente de mettre fin \u00e0 ses jours dans ses locaux pr\u00e8s de Toulouse<\/a> (France Bleu)<\/p>\n\n\n\n<p><a href=\"http:\/\/www.apple.fr\">Pr\u00e9carit\u00e9 \u00e9tudiante : pr\u00e8s de 80 s\u00e9nateurs de diff\u00e9rents partis politiques favorables \u00e0 un ticket restaurant d\u00e9di\u00e9<\/a> (France Info)<\/p>\n\n\n\n<p><a href=\"https:\/\/www.lyonne.fr\/dijon-21000\/actualites\/la-bourgogne-franche-comte-met-en-place-une-aide-perte-d-emploi-de-800-euros-pour-les-etudiants_13927530\/\">La Bourgogne Franche-Comt\u00e9 met en place une aide \u00ab\u00a0perte d&#8217;emploi\u00a0\u00bb de 800 euros pour les \u00e9tudiants<\/a> (Lyonne)<\/p>\n\n\n\n<p><a href=\"https:\/\/www.euractiv.fr\/section\/economie\/interview\/sans-se-ruiner-letat-pourrait-garantir-un-emploi-vert-pour-28-millions-de-chomeurs\/\">Sans se ruiner, l\u2019\u00c9tat pourrait garantir un emploi vert pour 2,8 millions de ch\u00f4meurs<\/a> (Euractiv)<\/p>\n\n\n\n<p><a href=\"https:\/\/www.lavoixdunord.fr\/959876\/article\/2021-03-15\/lille-des-intermittents-du-spectacle-evacues-de-la-drac-par-les-forces-de-l\">Lille: les intermittents du spectacle \u00e9vacu\u00e9s de la DRAC par les forces de l\u2019ordre<\/a> (La Voix du Nord)<\/p>\n\n\n\n<p><a href=\"Poste: derni\u00e8re ligne droite avant https:\/\/www.facebook.com\/watch\/?v=1245515145844752&amp;notif_id=1615801502389860&amp;notif_t=watch_follower_video&amp;ref=notifla gr\u00e8ve et la manif de demain\" title=\"Poste: derni\u00e8re ligne droite avant https:\/\/www.facebook.com\/watch\/?v=1245515145844752&amp;notif_id=1615801502389860&amp;notif_t=watch_follower_video&amp;ref=notifla gr\u00e8ve et la manif de demain\">Poste: derni\u00e8re ligne droite avant la gr\u00e8ve et la manif de demain<\/a>&nbsp;-Vid\u00e9o Ga\u00ebl Quirante<\/p>\n\n\n\n<p><a href=\"https:\/\/lanticapitaliste.org\/evenement\/paris-rassemblement-sncf-en-soutien-aux-grevistes-de-linfrapole\">Paris &#8211; Rassemblement SNCF en soutien aux gr\u00e9vistes de l&rsquo;Infrapole<\/a> (L\u2019Anticapitaliste)<\/p>\n\n\n\n<figure class=\"wp-block-image is-resized is-style-default\"><img data-recalc-dims=\"1\" loading=\"lazy\" decoding=\"async\" src=\"https:\/\/i0.wp.com\/lanticapitaliste.org\/sites\/default\/files\/affiche-appel-rassemblement-18-mars.jpg?resize=399%2C292&#038;ssl=1\" alt=\"\" width=\"399\" height=\"292\"\/><\/figure>\n\n\n\n<p><a href=\"https:\/\/www.humanite.fr\/la-poste-les-agents-des-hauts-de-seine-mobilises-pour-leurs-conditions-de-travail-701441#xtor=RSS-1\">La Poste Les agents des Hauts-de-Seine mobilis\u00e9s pour leurs conditions de travail<\/a> (L\u2019Humanit\u00e9)<\/p>\n\n\n\n<p><a href=\"https:\/\/blogs.mediapart.fr\/jean-marc-b\/blog\/150321\/menace-sur-20-000-30-000-emplois-sur-la-zone-aeroportuaire-de-roissy\">Menace sur 20 000 \u00e0 30 000 emplois sur La Zone A\u00e9roportuaire de Roissy <\/a>(RP)<\/p>\n\n\n\n<p><a href=\"https:\/\/anws.co\/bTIGh\/%7B5beced23-8001-45a4-9d34-f6a119f8313f%7D\">La lettre d&rsquo;information Recherche sur le vieillissement n\u00b019<\/a>&nbsp;(CNAV)<\/p>\n\n\n\n<p><a href=\"https:\/\/www.boursorama.com\/actualite-economique\/actualites\/castex-reactive-la-prime-defiscalisee-de-1-000-euros-en-2021-4772a5b996148d42e69dd9c550e17867\">Castex r\u00e9active la prime d\u00e9fiscalis\u00e9e de 1.000 euros en 2021<\/a> (Reuters)<\/p>\n\n\n\n<p><strong><span class=\"has-inline-color has-vivid-red-color\">15 Mars en continu<\/span><\/strong><\/p>\n\n\n\n<p><a href=\"https:\/\/france3-regions.francetvinfo.fr\/provence-alpes-cote-d-azur\/bouches-du-rhone\/marseille\/apres-une-annee-de-covid-les-employes-de-pole-emploi-marseille-au-secours-de-la-detresse-economique-1998202.html\">Apr\u00e8s une ann\u00e9e de Covid, les employ\u00e9s de P\u00f4le emploi Marseille au secours de la d\u00e9tresse \u00e9conomique<\/a> (France 3)<\/p>\n\n\n\n<p><a href=\"https:\/\/www.courrierinternational.com\/revue-de-presse\/precarite-deux-cents-millions-de-travailleurs-en-chine-sont-en-emploi-flexible\">Deux cents millions de travailleurs en Chine sont en \u201cemploi flexible\u201d<\/a> (Courrier International)<\/p>\n\n\n\n<p>I<a href=\"https:\/\/www.lagazettedescommunes.com\/726800\/indemnites-de-licenciement-le-cas-oublie-des-emplois-fonctionnels\/\">ndemnit\u00e9s de licenciement : le cas oubli\u00e9 des emplois fonctionnels<\/a> (La Gazette des communes)<\/p>\n\n\n\n<p><a href=\"https:\/\/www.statistiques-recherches.cnav.fr\/images\/publications\/cadrage\/Cadrage-44.pdf\">Cumul emploi-retraite au r\u00e9gime g\u00e9n\u00e9ral : un quart d\u2019emplois familiaux&nbsp;<\/a> (CNAV).<\/p>\n\n\n\n<p><a href=\"https:\/\/www.statistiques-recherches.cnav.fr\/Publications\/Retraite-et-societe-nouveau-numero\/\">Protection sociale au Mexique, au Br\u00e9sil et en Alg\u00e9rie ; Migrants \u00e0 Montr\u00e9al \u00e0 l\u2019heure de la retraite<\/a> (CNAV)<\/p>\n\n\n\n<p><a href=\"https:\/\/www.boursorama.com\/actualite-economique\/actualites\/crise-du-covid-19-le-teletravail-a-permis-d-augmenter-de-22-la-productivite-des-salaries-selon-une-etude-ca93767bddd3de4118b9d8eaf5bd3f5f\">Crise du Covid-19 : le t\u00e9l\u00e9travail a permis d&rsquo;augmenter de 22 % la productivit\u00e9 des salari\u00e9s, selon une \u00e9tude<\/a> (Boursorama)<\/p>\n\n\n\n<p><a href=\"https:\/\/www.boursorama.com\/actualite-economique\/actualites\/pour-le-patron-du-medef-la-reforme-des-retraites-est-morte-et-enterree-25098bdc3f2dc7a40c598c9f274bb7da\">Pour le patron du Medef, la r\u00e9forme des retraites \u00ab\u00a0est morte et enterr\u00e9e\u00a0\u00bb<\/a> (Bourorama)<\/p>\n\n\n\n<figure class=\"wp-block-image is-resized is-style-default\"><img loading=\"lazy\" decoding=\"async\" src=\"https:\/\/scontent.fhex4-1.fna.fbcdn.net\/v\/t1.0-9\/161412390_1164976197258180_519943662978552232_o.jpg?_nc_cat=104&amp;ccb=1-3&amp;_nc_sid=730e14&amp;_nc_ohc=_3ZF5cSyH7EAX8kYmkZ&amp;_nc_oc=AQlw6U_ZWSiLyOesMK6XGmEikbdLc9rU4PCAN-UNq6CtFX3LGBFYSqGN3H8hDVV4ro0&amp;_nc_ht=scontent.fhex4-1.fna&amp;oh=05bd33b69591cc9486f17b35a9ea51b8&amp;oe=60740397\" alt=\"Peut \u00eatre une image de texte\" width=\"384\" height=\"384\"\/><\/figure>\n\n\n\n<figure class=\"wp-block-image is-resized is-style-default\"><img loading=\"lazy\" decoding=\"async\" src=\"https:\/\/scontent.fhex4-1.fna.fbcdn.net\/v\/t1.0-9\/161452641_1164982097257590_5336196061053856389_n.png?_nc_cat=106&amp;ccb=1-3&amp;_nc_sid=730e14&amp;_nc_ohc=-c7Odhemo-0AX-BsFVf&amp;_nc_ht=scontent.fhex4-1.fna&amp;oh=7eeb202f06d61d6427310b59bee920e5&amp;oe=60762277\" alt=\"Peut \u00eatre une image de texte qui dit \u2019BFM PARIS TV LA POSTE: APPEL \u00c0 LA GR\u00c8VE ET \u00c0 MANIFESTER MARDI \u00c0 PARIS 11\/03\/2021 Le11\/03\/2021\u00e017:26 17:26 f i Les syndicats CGT, FO et SUD-PTT des Hauts- de-Seine appellent les facteurs d'\u00eele-de-France \u00e0 la gr\u00e8ve ce mardi et \u00e0 manifester devant le si\u00e8ge de La Poste \u00e0 Paris.\u2019\" width=\"280\" height=\"373\"\/><\/figure>\n\n\n\n<p><a href=\"https:\/\/www.anti-k.org\/2021\/03\/14\/contre-les-blocages-de-leur-compte-ubereats-les-livreurs-lyonnais-ripostent\/\">Contre les blocages de leur compte UberEats, les livreurs lyonnais ripostent <\/a>(Anti-K)<\/p>\n\n\n\n<p><a href=\"https:\/\/www.revolutionpermanente.fr\/La-vapeur-est-en-train-d-etre-renversee-Les-salaries-de-la-SAM-obtiennent-le-maintien-de-50-emplois\">\u00ab&nbsp;La vapeur est en train d\u2019\u00eatre renvers\u00e9e&nbsp;!&nbsp;\u00bb Les salari\u00e9s de la SAM obtiennent le maintien de 50 emplois<\/a> (RP)<\/p>\n\n\n\n<p><a href=\"https:\/\/www.revolutionpermanente.fr\/General-Electrics-Belfort-Debrayage-pour-l-emploi-et-les-salaires\">General Electrics Belfort&nbsp;: D\u00e9brayage pour l\u2019emploi et les salaires<\/a> (RP)<\/p>\n\n\n\n<p><a href=\"https:\/\/www.boursorama.com\/actualite-economique\/actualites\/quotas-de-logements-sociaux-la-loi-sru-sera-perennisee-au-dela-de-2025-7bb86113e96400199713376c9de4b03c\">Quotas de logements sociaux: la loi SRU sera p\u00e9rennis\u00e9e au-del\u00e0 de 2025<\/a> (AFP)<\/p>\n\n\n\n<p><a href=\"https:\/\/lanticapitaliste.org\/actualite\/services-publics\/pas-une-minute-de-plus-la-ville-de-paris\">Pas une minute de plus \u00bb \u00e0 la Ville de Paris<\/a> (L\u2019Anticapitaliste)<\/p>\n\n\n\n<figure class=\"wp-block-image is-resized is-style-default\"><img loading=\"lazy\" decoding=\"async\" src=\"https:\/\/scontent.fhex4-2.fna.fbcdn.net\/v\/t1.0-9\/160664532_1164969697258830_1459720040033084460_n.png?_nc_cat=108&amp;ccb=1-3&amp;_nc_sid=730e14&amp;_nc_ohc=QTxrAXBHh8EAX9OgkBN&amp;_nc_ht=scontent.fhex4-2.fna&amp;oh=7b1931dc5c25cd68dfbcece9eef93a20&amp;oe=60744ED9\" alt=\"Peut \u00eatre une capture d\u2019\u00e9cran de Twitter de texte qui dit \u2019Nain Portekoi @Nain_Portekoi C'est pas plut\u00f4t que vu que les salaires ont stagning alors que le co\u00fbt de la vie a monting les fran\u00e7ais sont oblig\u00e9s de cumuling les emplois pour r\u00e9ussir \u00e0 vivring Just asking. LCI @LCI Le &quot;slashing&quot; s\u00e9duit de plus en plus un Fran\u00e7ais sur trois serait pr\u00eat \u00e0 cumuler deux emplois\u2019\" width=\"377\" height=\"195\"\/><\/figure>\n\n\n\n<p><a href=\"http:\/\/www.apple.fr\">Sommet social : entre Castex et les syndicats, le jeu se durcit<\/a> (JDD)<\/p>\n\n\n\n<p><a href=\"https:\/\/www.sudouest.fr\/international\/europe\/allemagne\/volkswagen-annonce-un-plan-de-suppressions-d-emploi-5-000-postes-menaces-1648023.php\">Volkswagen&nbsp;: 5&nbsp;000&nbsp;postes menac\u00e9s, la marque annonce un plan de suppression d\u2019emplois<\/a> (Sud Ouest)<\/p>\n\n\n\n<p><a href=\"https:\/\/www.oisehebdo.fr\/2021\/03\/14\/rends-nous-lart-jean-le-theatre-du-chevalet-a-noyon-occupe-par-les-intermittents-du-spectacle\/\">\u00abRends-nous l\u2019art, Jean !\u00bb : le Th\u00e9\u00e2tre du Chevalet \u00e0 Noyon occup\u00e9 par les intermittents du spectacle<\/a> (Oise Hebdo)<\/p>\n\n\n\n<figure class=\"wp-block-image is-resized is-style-default\"><img loading=\"lazy\" decoding=\"async\" src=\"https:\/\/scontent.fhex4-1.fna.fbcdn.net\/v\/t1.0-0\/s600x600\/160640077_1164409083981558_5767226127746935253_n.png?_nc_cat=105&amp;ccb=1-3&amp;_nc_sid=730e14&amp;_nc_ohc=qF4oHCt9LXUAX9CLIZD&amp;_nc_ht=scontent.fhex4-1.fna&amp;_nc_tp=30&amp;oh=67b2b3c6e3e46e3ad10d1bd09b61bf0e&amp;oe=60722335\" alt=\"\" width=\"410\" height=\"308\"\/><\/figure>\n\n\n\n<figure class=\"wp-block-image is-resized is-style-default\"><img loading=\"lazy\" decoding=\"async\" src=\"https:\/\/scontent.fhex4-1.fna.fbcdn.net\/v\/t1.0-0\/s600x600\/160293233_1164408040648329_2502570611835773574_o.jpg?_nc_cat=102&amp;ccb=1-3&amp;_nc_sid=730e14&amp;_nc_ohc=H0ZHayO4Fp0AX_hCMS8&amp;_nc_ht=scontent.fhex4-1.fna&amp;tp=7&amp;oh=12beca084d37857bf2be823b1b1f63bc&amp;oe=6075BB15\" alt=\"\" width=\"411\" height=\"308\"\/><\/figure>\n\n\n\n<p><strong><span class=\"has-inline-color has-vivid-red-color\">14 Mars en continu<\/span><\/strong><\/p>\n\n\n\n<figure class=\"wp-block-image size-large is-resized is-style-default\"><img data-recalc-dims=\"1\" loading=\"lazy\" decoding=\"async\" src=\"https:\/\/i0.wp.com\/www.rdpemancipation.org\/wp-content\/uploads\/2021\/03\/Capture-decran-2021-03-14-a-11.30.05.png?resize=365%2C525&#038;ssl=1\" alt=\"\" class=\"wp-image-20329\" width=\"365\" height=\"525\" srcset=\"https:\/\/i0.wp.com\/www.rdpemancipation.org\/wp-content\/uploads\/2021\/03\/Capture-decran-2021-03-14-a-11.30.05.png?w=452&amp;ssl=1 452w, https:\/\/i0.wp.com\/www.rdpemancipation.org\/wp-content\/uploads\/2021\/03\/Capture-decran-2021-03-14-a-11.30.05.png?resize=209%2C300&amp;ssl=1 209w\" sizes=\"auto, (max-width: 365px) 100vw, 365px\" \/><\/figure>\n\n\n\n<p><a href=\"https:\/\/info.mediapart.fr\/optiext\/optiextension.dll?ID=8EF8BvBBZCnGkKiXXHAwEsizMz79i77Kx6sD%2B2KmLeQtJPnm1bOCzg0bJdWGpIoIMX6Om9f2DGJSd4FK1fTE4W6ilvX02\">Occupation?<\/a>&#8211; blog Mouais, le journal dubitatif<\/p>\n\n\n\n<p><a href=\"https:\/\/www.humanite.fr\/au-theatre-de-lodeon-occupe-le-monde-de-la-culture-se-mobilise-contre-la-reforme-de-lassurance#xtor=RSS-1\">Au th\u00e9\u00e2tre de l\u2019Od\u00e9on occup\u00e9, le monde de la culture se mobilise contre la r\u00e9forme de l\u2019assurance-ch\u00f4mage<\/a> (L\u2019Humanit\u00e9)<\/p>\n\n\n\n<figure class=\"wp-block-image is-resized is-style-default\"><img loading=\"lazy\" decoding=\"async\" src=\"https:\/\/scontent.fsti4-2.fna.fbcdn.net\/v\/t1.0-9\/160113954_1163691260720007_4257157529035878338_n.png?_nc_cat=104&amp;ccb=1-3&amp;_nc_sid=730e14&amp;_nc_ohc=zY4C0C4VOcQAX_IMnOO&amp;_nc_ht=scontent.fsti4-2.fna&amp;oh=fac1ae3e2b946a75683efd5ef240c216&amp;oe=60735C02\" alt=\"Peut \u00eatre une image de texte\" width=\"315\" height=\"347\"\/><\/figure>\n\n\n\n<p><a href=\"https:\/\/www.lesinrocks.com\/2021\/03\/13\/cinema\/actualite-cinema\/cesar-2021-quand-corinne-masiero-se-met-a-nu-pour-denoncer-la-situation-des-intermittents\/\">C\u00e9sar 2021 : quand Corinne Masiero se met \u00e0 nu pour d\u00e9noncer la situation des intermittents<\/a> -Les Inrocks<\/p>\n\n\n\n<p><a href=\"https:\/\/info.mediapart.fr\/optiext\/optiextension.dll?ID=8EF8CovydG%2BPc0v4mr_gX0Mt%2BciR%2Bmlwo91hZ91O3A0ZjbbS0GEsQGdzP0LOJdRH4Szk3yp1FK6CNMpwFtgV_vsR06Net\">Stations de ski: les \u00abpulls rouges\u00bb slaloment entre les r\u00e8gles pour sauver leur saison<\/a> (MDP)<\/p>\n\n\n\n<p><a href=\"https:\/\/blogs.mediapart.fr\/jean-marc-b\/blog\/130321\/declaration-contre-les-fermetures-de-lits-et-services-hospitaliers-partout\">D\u00e9claration contre les fermetures de lits et services hospitaliers partout <\/a>-Collectif<\/p>\n\n\n\n<p><a href=\"https:\/\/larotative.info\/deces-de-pierre-louis-ancien-4026.html\">D\u00e9c\u00e8s de Pierre Louis, ancien syndicaliste \u00e0 Billancourt et militant contre les crimes imp\u00e9rialistes au Vietnam<\/a> (La Rotative)<\/p>\n\n\n\n<p><a href=\"https:\/\/blogs.mediapart.fr\/jean-marc-b\/blog\/130321\/accompagnons-les-grevistes-licencies-par-biocoop\">Accompagnons les gr\u00e9vistes licencies par Biocoop <\/a>(L\u2019Anticapitaliste)<\/p>\n\n\n\n<figure class=\"wp-block-image is-resized is-style-default\"><img data-recalc-dims=\"1\" loading=\"lazy\" decoding=\"async\" src=\"https:\/\/i0.wp.com\/lanticapitaliste.org\/sites\/default\/files\/whatsapp-image-2021-03-13-at-13.49.19.jpeg?resize=255%2C360&#038;ssl=1\" alt=\"\" width=\"255\" height=\"360\"\/><\/figure>\n\n\n\n<p><strong><span class=\"has-inline-color has-vivid-red-color\">13 Mars en continu<\/span><\/strong><\/p>\n\n\n\n<p><a href=\"https:\/\/l.facebook.com\/l.php?u=https:\/\/france3-regions.francetvinfo.fr\/occitanie\/aveyron\/rodez\/mobilisation-a-rodez-contre-la-suppression-d-un-millier-d-emplois-dans-les-usines-sam-et-bosch-1993225.amp?__twitter_impression=true&amp;s=09&amp;fbclid=IwAR2gfxIpod4-KK5bm8fPNyBzpt_FTfO_eBr_4Q0jheed8KL6LKCxhZ33dFc&amp;h=AT0kShUKPNycxrRfswyZHdtXK00TGFr9pBAw8SV52xUo5JOJAJdOKPHYE9moLg0jv83iVSkC201MgsN9JPpON7sgnP5XIjTvUHfyBW_RytCz5aUEIydcZSIf51xSVyf--XfY1gU&amp;__tn__=,mH-R&amp;c%5B0%5D=AT38iovJavBgYjXo5P2tXYAJCQ-qw6qTlU0hVkqss9nwQjwNzkL7nnwyVFwHh74hZ0IDhSPQdmyx6fZKJaIU-DUv7jPlNiYYVFJN4OmryX03_Ql8h7CRKNfr17WIjnWZf5a2xvjrY9cP5vBTSbGS0BaVnlEvBf_HMkpR2eDd_h7ZQqQ\">Mobilisation \u00e0 Rodez contre la suppression d&rsquo;un millier d&#8217;emplois dans les usines SAM et Bosch <\/a>(France 3)<\/p>\n\n\n\n<p><a href=\"https:\/\/www.anti-k.org\/2021\/03\/13\/la-poste-moins-de-courrier-plus-de-boulot\/\">La Poste : moins de courrier, plus de boulot <\/a>(Alternatives \u00e9conomiques)<\/p>\n\n\n\n<p><a href=\"https:\/\/www.revolutionpermanente.fr\/La-SNCF-condamnee-pour-atteinte-au-droit-de-greve-victoire-pour-les-grevistes-de-l-Infrapole\">La SNCF condamn\u00e9e pour atteinte au droit de gr\u00e8ve&nbsp;: victoire pour les gr\u00e9vistes de l\u2019Infrap\u00f4le&nbsp;!<\/a> (RP)<\/p>\n\n\n\n<p><a href=\"https:\/\/alt-rev.com\/2021\/03\/13\/carrefour-profits-records-et-licenciements-massifs\/\">Carrefour: profits records et licenciements massifs<\/a> (Tend marxiste internationale)<\/p>\n\n\n\n<p><a href=\"https:\/\/info.mediapart.fr\/optiext\/optiextension.dll?ID=dHGdKYjKr4%2BhAF58nKjG8AcLfPsk5bFi_YZTPcQAdD1unvnZkfKu5Ui3XM0hHySe32IkKdvzaKHrCtpLfW3dlXrMzrL7L\">Affaire Tefal: la condamnation de l\u2019inspectrice du travail confirm\u00e9e<\/a> (MDP)<\/p>\n\n\n\n<p><a href=\"https:\/\/www.liberation.fr\/economie\/social\/ca-se-confirme-les-premiers-de-corvee-sont-sous-payes-et-surexploites-20210312_MZ5QRQOYYJCHHECZTEVPWVFR44\/\">\u00c7a se confirme, les \u00abpremiers de corv\u00e9e\u00bb sont sous-pay\u00e9s et surexploit\u00e9s&nbsp;<\/a> (Lib\u00e9ration)<\/p>\n\n\n\n<figure class=\"wp-block-image is-resized is-style-default\"><img data-recalc-dims=\"1\" loading=\"lazy\" decoding=\"async\" src=\"https:\/\/i0.wp.com\/www.liberation.fr\/resizer\/RxhpoDCXFvH1rhUCva0SXa8Fnjg%3D\/800x0\/filters%3Aformat%28jpg%29%3Aquality%2870%29%3Afocal%281601x619%3A1611x629%29\/cloudfront-eu-central-1.images.arcpublishing.com\/liberation\/RFY4STCQSZCYFGQI7M5K2XTFWE.jpg?resize=419%2C295&#038;ssl=1\" alt=\"\" width=\"419\" height=\"295\"\/><\/figure>\n\n\n\n<p><a href=\"https:\/\/blogs.mediapart.fr\/jean-marc-b\/blog\/120321\/la-masse-salariale-soumise-cotisation-sociale-chute-de-57-en-2020\">La masse salariale soumise \u00e0 cotisation sociale a chut\u00e9 de 5,7% en 2020 <\/a>(URSSAF)<\/p>\n\n\n\n<p><a href=\"https:\/\/www.boursorama.com\/actualite-economique\/actualites\/grande-distribution-peu-de-ruissellement-pour-les-heros-de-la-premiere-vague-5b66a4e813b2b7611ebe792b0e851dd1\">Grande distribution: peu de ruissellement pour les \u00ab\u00a0h\u00e9ros\u00a0\u00bb de la premi\u00e8re vague<\/a> (AFP)<\/p>\n\n\n\n<p><a href=\"https:\/\/alt-rev.com\/2021\/03\/13\/crise-rime-avec-galere-pour-les-autoentrepreneurs\/\">Crise rime avec gal\u00e8re pour les autoentrepreneurs<\/a> (Alternatives \u00e9conomiques)<\/p>\n\n\n\n<p><a href=\"https:\/\/www.revolutionpermanente.fr\/Des-heures-sup-non-payees-pour-les-hospitaliers-encore-du-mepris-pour-la-premiere-ligne\">Des heures sup non pay\u00e9es pour les hospitaliers&nbsp;: encore du m\u00e9pris pour la premi\u00e8re ligne&nbsp;!<\/a> (RP)<\/p>\n\n\n\n<p><a href=\"https:\/\/www.humanite.fr\/automobile-renault-lache-sa-fonderie-de-bretagne-350-salaries-menaces-701356#xtor=RSS-1\">Automobile. Renault l\u00e2che sa fonderie de Bretagne, 350 salari\u00e9s menac\u00e9s<\/a> (L\u2019Humanit\u00e9)<\/p>\n\n\n\n<p><a href=\"https:\/\/www.humanite.fr\/rodez-les-salaries-de-la-sam-et-de-bosh-unis-pour-defendre-lemploi-et-lavenir-de-leur-region-701331#xtor=RSS-1\">\u00c0 Rodez, les salari\u00e9s dela SAM et de Bosh unis pour d\u00e9fendre l&#8217;emploi et l&rsquo;avenir de leur r\u00e9gion<\/a> (L\u2019Humanit\u00e9)<\/p>\n\n\n\n<figure class=\"wp-block-image is-resized is-style-default\"><img data-recalc-dims=\"1\" loading=\"lazy\" decoding=\"async\" src=\"https:\/\/i0.wp.com\/www.humanite.fr\/sites\/default\/files\/styles\/1048x350\/public\/images\/83431.HR.jpg?resize=417%2C179&#038;ssl=1\" alt=\"Les employ\u00e9s des deux plus grosses entreprises du territoire, jeudi, \u00e0 Rodez. Jos\u00e9 A. Torres\/AFP\" width=\"417\" height=\"179\" title=\"\"\/><\/figure>\n\n\n\n<p><a href=\"https:\/\/r.newsletter.cgt.fr\/mk\/cl\/f\/KLAyDx09y2jmGtA0DcZo3YOuUnpvkczxpz1qElojarQK6720PGNEig43WQWD-j79UbGifRJXjDP3otnJSxGP7YLqGIQntdHeHNydn6hf69ZcGn_nT3MmRTNOgXmzj9mBkkPAWlq-GkADUIbs0-oxlsHc5gD5Pg7r6fWBfswG02VpNGMZFMS03Q2VpdaclUtSK_IN-FI46ck0cMHJBYyJ8i2HdwMt8pRlbfcwpvCPQ_H6PhrKjpL5dxKNcjhatnNIoed--NBkbktkEKBTpkwcPLYig_pmqzuW8QXct9ZjXuzNwM6NuO3xgeBWDgPYiCtnlq9gPVtHZKej_Z0A0wcMNVOk6YmX7mBVKEiXxt354fsDooBCwvqX5KeFm5ZFmpi4-cTx0H-tMdRvN9QEYyM\">\u00c0 Dieppe, 146 contractuels bient\u00f4t fonctionnaires<\/a> (CGT)<\/p>\n\n\n\n<p><a href=\"https:\/\/www.revolutionpermanente.fr\/Soutien-a-Rozenn-millitante-CGT-a-Chronodrive-menacee-de-licenciement-apres-une-lutte-contre-le\">Soutien a Rozenn millitante CGT \u00e0 Chronodrive menac\u00e9e de licenciement apr\u00e8s une lutte contre le sexisme&nbsp;<\/a><strong> (<\/strong>RP<strong>)<\/strong><\/p>\n\n\n\n<figure class=\"wp-block-image is-resized is-style-default\"><img data-recalc-dims=\"1\" loading=\"lazy\" decoding=\"async\" src=\"https:\/\/i0.wp.com\/www.revolutionpermanente.fr\/local\/cache-vignettes\/L653xH368\/arton24352-40f87.jpg?resize=402%2C226&#038;ssl=1\" alt=\"\" width=\"402\" height=\"226\"\/><\/figure>\n\n\n\n<p><a href=\"https:\/\/r.newsletter.cgt.fr\/mk\/cl\/f\/aIYi86tYRPLKRoOc97zefAyf6dez_m2-TWvuNEPSWrw78OigAuyZJmWi00ABsclz9TYboxpkPKp2l5xVsBvVNzoH0Sem4BupEYrALmuo1FvtIWyZAo1NOGTO97E0fnLMPlVaePdCQ7kClFuJlms9Fu2-jBqhrK09vF1kui4R2GrbNaVf-yYnNum98UIb_fPlHH7G_9mVGimIiDz6ue6Ov8PNnqtdNGJj5tWr5UqykEmZgR0kPp3L_J09MAId6lbol6JmZe0VActTUegLcV9KqT9brZ-1llKDhvKJKfY6Bt59v3gpKl5lsoY0qv1a7-3YdUMhVJi3bcCM14I42V8s0wIZZFV3z5Tyo33UrXC1QZViqHfpj7yvELEfSBqQapB6TL6IWHdJ0E-PPPXvyHpIS69fLIXCbMUl8A\">Nice : rassemblement de soutien aux lanceurs d&rsquo;alerte<\/a> (CGT)<\/p>\n\n\n\n<p><a href=\"https:\/\/info.mediapart.fr\/optiext\/optiextension.dll?ID=dHGdLdg4VKiToAVhHA2cXqagZbiT9UKPkFZHYudosa9mmwEtlmd2DVyjukOhrnUhXhISqTgTogQuXmNZyivOmvZkYRLZJ\">La conf\u00e9d\u00e9ration des petits patrons sanctionn\u00e9e aux prud\u2032hommes<\/a> (MDP)<\/p>\n\n\n\n<p><a href=\"https:\/\/r.newsletter.cgt.fr\/mk\/cl\/f\/IeVMjkDx7RVy8HsEVCdvbSm6oZkDu4P7T-TmqV2wezgitpqQErgi8veQPoOMgPSUCZbrH8m6Fm1aGirgYqPdqEtJaZLHCbTZTtxatuv2r9zz5MN00WLg3gtlJ2B2Euru-hXlUGE9HoSfnFuuDHnG9VzpF42AaRXoZZz7Obmb13IHinjzEr9bRpyH91dyiO9li-vM1C0yNfWg8zg55x5ExzX2WanGH-UEx5TKwLIpB7BM9ZdzLr-laLaghp0pn3LcHgRiha-3bGgS6Qp1OofkrevhNue7_K5fcAo7q4dQhrk5pbRJbtKD15-Fv8nfVmpu6dAHLpxTdsgOUM-MZbUV-1sG_d6gP5CLsIFnFDQRy3wRq-K4eyOjhHyECNU3NGEg7Q3Ob1x2_w3MZC4UalYoWFo\">Attention aux arnaques au CPF (compte personnel de formation) !<\/a>(CGT)<\/p>\n\n\n\n<p><a href=\"https:\/\/www.lejournaldesentreprises.com\/france\/article\/le-bonus-malus-sur-les-contrats-courts-fait-son-retour-1114889\">Le bonus-malus sur les contrats courts fait son retour<\/a> (Journal des Entreprises)<\/p>\n\n\n\n<p><a href=\"https:\/\/start.lesechos.fr\/travailler-mieux\/metiers-reconversion\/rupture-conventionnelle-la-course-folle-aux-allocations-chomage-1297377\">Rupture conventionnelle&nbsp;: la course folle aux allocations-ch\u00f4mage<\/a> (Les Echos)<\/p>\n\n\n\n<p><a href=\"https:\/\/www.revolutionpermanente.fr\/30-000-emplois-menaces-a-Roissy-la-riposte-doit-etre-a-la-hauteur-de-l-hecatombe\">30.000 emplois menac\u00e9s \u00e0 Roissy&nbsp;: la riposte doit \u00eatre \u00e0 la hauteur de l\u2019h\u00e9catombe<\/a> (RP)<\/p>\n\n\n\n<p><a href=\"https:\/\/www.revolutionpermanente.fr\/Organisation-mepris-jour-de-carence-Les-vraies-raisons-derriere-le-retard-de-vaccination-des\">Organisation, m\u00e9pris, jour de carence&#8230; Les vraies raisons derri\u00e8re le retard de vaccination des soignants<\/a> (RP)<\/p>\n\n\n\n<p><a href=\"https:\/\/rapportsdeforce.fr\/breves\/reforme-de-lassurance-chomage-combien-vous-pouvez-perdre-03129591\">R\u00e9forme de l\u2019assurance ch\u00f4mage : combien vous pouvez perdre<\/a> (Rapports de Force)<\/p>\n\n\n\n<p><a href=\"https:\/\/info.mediapart.fr\/optiext\/optiextension.dll?ID=dHGdMLW%2BtCQuNk1XNH%2BMqRgUP8OmF17JcLfCr6MGqqAbbBRZk2KQmrqWfaOwUnNoZVht%2BteAGr3uAR8842rjXVJX56fdZ\">\u00abA la ligne\u00bb: \u00e9crire, dire et chanter l\u2019usine<\/a>-vid\u00e9o MDP<\/p>\n\n\n\n<p><strong><span class=\"has-inline-color has-vivid-red-color\">12 Mars en continu<\/span><\/strong><\/p>\n\n\n\n<p><a href=\"https:\/\/www.anti-k.org\/2021\/03\/12\/morbihan-une-trahison-renault-ne-veut-plus-de-la-fonderie-de-bretagne-et-de-ses-350-salaries\/\">Morbihan&nbsp;: \u00ab&nbsp;Une trahison&nbsp;\u00bb\u2026 Renault ne veut plus de la Fonderie de Bretagne et de ses 350 salari\u00e9s<\/a> (Anti-K)<\/p>\n\n\n\n<p><a href=\"https:\/\/www.anti-k.org\/2021\/03\/12\/des-residents-dehpad-se-mobilisent-pour-empecher-lexpulsion-de-leur-assistant-de-vie\/\">Des r\u00e9sidents d\u2019Ehpad se mobilisent pour emp\u00eacher l\u2019expulsion de leur assistant de vie <\/a>(Basta)<\/p>\n\n\n\n<p><a href=\"https:\/\/www.anti-k.org\/2021\/03\/12\/mouvement-de-greve-a-zf-mecacentre\/\">Mouvement de gr\u00e8ve \u00e0 ZF M\u00e9cacentre <\/a>(Anti-K)<\/p>\n\n\n\n<figure class=\"wp-block-image is-resized is-style-default\"><img loading=\"lazy\" decoding=\"async\" src=\"https:\/\/i1.wp.com\/www.anti-k.org\/wp-content\/uploads\/2021\/03\/1615507939_Mouvement-de-greve-a-ZF-Mecacentre.jpg?resize=678%2C381&amp;ssl=1\" alt=\"\" width=\"382\" height=\"214\" title=\"Mouvement de gr\u00e8ve \u00e0 ZF M\u00e9cacentre\"\/><\/figure>\n\n\n\n<p><a href=\"https:\/\/www.boursorama.com\/actualite-economique\/actualites\/travailleurs-de-la-2e-ligne-le-gouvernement-envisage-une-prime-19117adc664b8a89dbe72606c325594f\">Travailleurs de la 2e ligne: le gouvernement envisage une prime<\/a> (AFP)<\/p>\n\n\n\n<p><a href=\"https:\/\/blogs.mediapart.fr\/jean-marc-b\/blog\/120321\/theatres-occupes-et-si-occupait-les-usines-qui-licencient-les-universites\">Th\u00e9\u00e2tres occup\u00e9s: et si on occupait les usines qui licencient, les universit\u00e9s ? <\/a>(#occupationpartout)<\/p>\n\n\n\n<p><a href=\"http:\/\/www.npa-auto-critique.org\/2021\/03\/greve-supendue-a-la-sam-du-bassin-de-decazeville.html\">Gr\u00e8ve supendue \u00e0 la SAM du bassin de Decazeville<\/a> (Auto Critique)<\/p>\n\n\n\n<p><a href=\"https:\/\/france3-regions.francetvinfo.fr\/grand-est\/marne\/chalons-en-champagne\/marne-la-justice-condamne-l-inspection-du-travail-elle-met-en-danger-ses-agents-un-comble-selon-les-syndicats-1993702.html\">Marne : la justice condamne l&rsquo;inspection du travail, elle met en danger ses agents, \u00ab\u00a0un comble\u00a0\u00bb selon les syndicats<\/a> (France 3)<\/p>\n\n\n\n<p><a href=\"https:\/\/www.francebleu.fr\/infos\/economie-social\/sud-ptt-denonce-1615398003\">La Poste : Sud-PTT d\u00e9nonce des retards inacceptables dans le paiement des indemnit\u00e9s ch\u00f4mage de ses ex-agents<\/a> (France Bleu)<\/p>\n\n\n\n<p><a href=\"https:\/\/www.lefigaro.fr\/flash-eco\/l-insee-prevoit-une-croissance-du-pib-d-environ-1-au-1er-trimestre-comme-au-2e-20210311\">L&rsquo;Insee pr\u00e9voit une croissance du PIB d&rsquo;environ 1% au 1er trimestre, comme au 2e<\/a> (Le Figaro)<\/p>\n\n\n\n<p><a href=\"https:\/\/www.liberation.fr\/economie\/insee-retour-sur-une-annee-de-recession-planetaire-historique-20210311_WL6VETVVSBESJMU6KU56Q4Y2PE\/\">Insee : retour sur une ann\u00e9e de \u00abr\u00e9cession plan\u00e9taire historique\u00bb<\/a> (Lib\u00e9ration)<\/p>\n\n\n\n<p><a href=\"https:\/\/www.lesechos.fr\/economie-france\/social\/le-plan-de-modernisation-de-la-formation-professionnelle-prend-forme-1297233\">Le plan de modernisation de la formation professionnelle prend forme<\/a> (Les Echos)<\/p>\n\n\n\n<p><a href=\"https:\/\/www.lefigaro.fr\/social\/allocation-adulte-handicape-ce-que-la-proposition-de-loi-pourrait-changer-20210310\">Allocation adulte handicap\u00e9&nbsp;: ce que la proposition de loi pourrait changer<\/a> (Le Figaro)<\/p>\n\n\n\n<p><a href=\"https:\/\/www.boursorama.com\/patrimoine\/actualites\/semaine-de-32-heures-6-semaines-de-conges-payes-et-retraite-a-60-ans-la-recette-d-adrien-quatennens-contre-le-chomage-75a8c0c6649f55b8fa05d0fef6894d70?\">Semaine&nbsp; 32 heures, 6 semaines cong\u00e9s pay\u00e9s, retraite 60 ans: recette de Quatennens contre le ch\u00f4mage<\/a> (Boursorama)<\/p>\n\n\n\n<figure class=\"wp-block-image is-resized is-style-default\"><img loading=\"lazy\" decoding=\"async\" src=\"https:\/\/scontent.fhex4-2.fna.fbcdn.net\/v\/t1.0-9\/160014211_1163000057455794_3956980065758276200_n.png?_nc_cat=107&amp;ccb=1-3&amp;_nc_sid=730e14&amp;_nc_ohc=djLeNrvj5mIAX9pGGK6&amp;_nc_ht=scontent.fhex4-2.fna&amp;oh=8a15a94a0980426843645886db28fc71&amp;oe=60717ED5\" alt=\"Peut \u00eatre une illustration de une personne ou plus et texte qui dit \u2019EHPAD-LA CROIX DU SUD-MEDICHARME FABAS EMPLOIS RESPECT cgt SALAIRE CONDITIONS DE TRAVAIL LIBERTES SYNDICALE GREVE ET RASSEMBLEMENT VENDREDI 12 MARS 9H00 FABAS DEVANT L'EHPAD\u2019\" width=\"276\" height=\"443\"\/><\/figure>\n\n\n\n<p><a href=\"https:\/\/www.boursorama.com\/actualite-economique\/actualites\/equipementiers-automobiles-les-sam-de-decazeville-manifestent-pour-defendre-l-emploi-128aa7918f97800cc1c6870ac2f2de50\">\u00c9quipementiers automobiles: les \u00ab\u00a0Sam\u00a0\u00bb de Decazeville manifestent pour d\u00e9fendre l&#8217;emploi<\/a> (AFP)<\/p>\n\n\n\n<p><a href=\"https:\/\/www.humanite.fr\/metallurgie-rodez-le-cri-de-colere-des-salaries-de-la-sam-701331#xtor=RSS-1\">M\u00e9tallurgie. \u00c0 Rodez, le cri de col\u00e8re des salari\u00e9s de la SAM<\/a> (L\u2019Humanit\u00e9)<\/p>\n\n\n\n<p><a href=\"https:\/\/www.mediapart.fr\/journal\/france\/110321\/mobilisation-citoyenne-contre-le-demantelement-d-edf\">Mobilisation citoyenne contre le d\u00e9mant\u00e8lement d\u2019EDF<\/a> (M\u00e9diapart)<\/p>\n\n\n\n<p><a href=\"https:\/\/www.humanite.fr\/industrie-debrayage-sur-le-site-general-electric-de-chonas-701337#xtor=RSS-1\">Industrie D\u00e9brayage sur le site General Electric de Chonas<\/a> (L\u2019Humanit\u00e9)<\/p>\n\n\n\n<p><a href=\"https:\/\/www.capital.fr\/votre-carriere\/teletravail-les-alternants-ont-ils-les-memes-droits-que-les-autres-salaries-1396384\">T\u00e9l\u00e9travail : les alternants ont-ils les m\u00eames droits que les autres salari\u00e9s ?<\/a> (Capital)<\/p>\n\n\n\n<p><a href=\"https:\/\/www.lemediatv.fr\/emissions\/2021\/quand-les-citoyens-sorganisent-contre-la-grande-distribution-c00aJeqBTqyUytj8zTkguw\">Quand les citoyens s&rsquo;organisent contre la grande distribution<\/a> (Le M\u00e9dia)<\/p>\n\n\n\n<p><a href=\"https:\/\/www.humanite.fr\/sante-au-travail-un-collectif-interpelle-les-parlementaires-701338#xtor=RSS-1\">Sant\u00e9 au travail Un collectif interpelle les parlementaires<\/a> (L\u2019Humanit\u00e9)&nbsp;<\/p>\n\n\n\n<p><a href=\"https:\/\/www.mediapart.fr\/journal\/france\/110321\/les-dents-des-plus-modestes-refletent-les-inegalites-qu-ils-subissent\">Les dents des plus modestes refl\u00e8tent les in\u00e9galit\u00e9s qu\u2019ils subissent<\/a> (M\u00e9diapart)&nbsp;<\/p>\n\n\n\n<p><a href=\"http:\/\/frances.prensa-latina.cu\/index.php?option=com_content&amp;view=article&amp;id=885806:concours-mondial-de-dessin-pour-denoncer-le-travail-force&amp;opcion=pl-ver-noticia&amp;catid=185&amp;Itemid=101\">Concours mondial de dessin pour d\u00e9noncer le travail forc\u00e9<\/a> (Prensa Latina)<\/p>\n\n\n\n<p><a href=\"http:\/\/alencontre.org\/societe\/syndicats\/les-mondes-du-travail-a-lechelle-planetaire-entre-accroissement-recomposition-et-rebellions.html\">Les mondes du travail \u00e0 l\u2019\u00e9chelle plan\u00e9taire: entre accroissement, recomposition et r\u00e9bellions<\/a>-Kim Moody<\/p>\n\n\n\n<figure class=\"wp-block-image is-resized is-style-default\"><img data-recalc-dims=\"1\" loading=\"lazy\" decoding=\"async\" src=\"https:\/\/i0.wp.com\/alencontre.org\/wp-content\/uploads\/2021\/03\/Robots-326x245.jpg?resize=377%2C283\" alt=\"\" width=\"377\" height=\"283\"\/><\/figure>\n\n\n\n<p><strong><span class=\"has-inline-color has-vivid-red-color\">11 Mars en continu<\/span><\/strong><\/p>\n\n\n\n<p><a href=\"https:\/\/www.mediacites.fr\/revue-de-presse\/nantes\/2021\/03\/11\/amazon-a-montbert-le-clap-de-fin\/\">Amazon \u00e0 Montbert, le clap de fin ?<\/a> (Mediacit\u00e9s)&nbsp;<\/p>\n\n\n\n<p><a href=\"https:\/\/www.revolutionpermanente.fr\/Le-Havre-300-licenciements-chez-Siemens-au-nom-de-la-transition-energetique\">Le Havre&nbsp;: 300 licenciements chez Siemens au nom de la \u00ab&nbsp;transition \u00e9nerg\u00e9tique&nbsp;\u00bb<\/a> (RP)<\/p>\n\n\n\n<figure class=\"wp-block-image is-resized is-style-default\"><img data-recalc-dims=\"1\" loading=\"lazy\" decoding=\"async\" src=\"https:\/\/i0.wp.com\/www.revolutionpermanente.fr\/local\/cache-vignettes\/L653xH490\/arton24329-acd17.jpg?resize=347%2C260&#038;ssl=1\" alt=\"\" width=\"347\" height=\"260\"\/><\/figure>\n\n\n\n<p><a href=\"http:\/\/link.listes.cafepedagogique.net\/m\/surl\/200138\/507932\/Tj9BJcPSJoyuKO_mBNyw2HFKF-B12viezBEiZxMr5xU=\/link_6\/0DR5KXdZ997oXa0pqqzb+jWLmR9NasQMOzj7GljTRD4jdw6aWK5IKeMzJHHqiLobJrj1ea6LCXD-bGGWQZ4lYUkZnk78zjbZ9QPfQ+dCb59o-yxodAGZxBRT4BPUtWzcHAc+S0BxPaP9bo31p2342-i9IW2WHfYP+mm6r9Yli8KRhEIP0nvCWEoR6W-IhFoZHbW5YR11xZYtMplYWwC68jKF0XWuY55teNHGUbJRjgSZar66NOcO36cfZ7Ex0mqtaJmQuavbvtILJZEW7D88SywU8qY5JEV2WmxqNznd3XKPGTFtY+9OZuuP7Oj1dKuL\">Les infirmi\u00e8res flou\u00e9es ?<\/a> (Caf\u00e9 P\u00e9dagogique)<\/p>\n\n\n\n<p><a href=\"https:\/\/aplutsoc.org\/2021\/03\/10\/a-bas-la-reforme-de-lassurance-chomage-encourageons-les-occupations\/comment-page-1\/#comment-1997\">A bas la r\u00e9forme de l\u2019assurance-ch\u00f4mage&nbsp;! Encourageons les occupations&nbsp;!&nbsp;<\/a> (Aplutsoc)<\/p>\n\n\n\n<p><a href=\"https:\/\/www.latribune.fr\/opinions\/jeunes-non-qualifies-la-crise-sanctionne-40-ans-d-erreurs-dans-les-politiques-d-insertion-879540.html\">Jeunes non qualifi\u00e9s&nbsp;: la crise sanctionne 40 ans d\u2019erreurs dans les politiques d\u2019insertion<\/a> (La Tribune)<\/p>\n\n\n\n<p><a href=\"http:\/\/www.regards.fr\/economie\/mad-marx\/article\/reforme-de-l-assurance-chomage-l-aptonymie-de-la-ministre-du-travail\">R\u00e9forme de l\u2019assurance-ch\u00f4mage&nbsp;: l\u2019aptonymie de la ministre du Travail<\/a> (Regards)<\/p>\n\n\n\n<p><a href=\"https:\/\/www.humanite.fr\/la-chronique-de-francis-combes-et-patricia-latour-les-mots-de-lusine-701257#xtor=RSS-1\">La chronique de Francis Combes et Patricia Latour. Les mots de l\u2019usine<\/a> (L\u2019Humanit\u00e9)&nbsp;<\/p>\n\n\n\n<p><a href=\"https:\/\/rue89bordeaux.com\/2021\/03\/la-cgt-denonce-lemploi-de-benevoles-au-centre-de-vaccination-de-blaye\/\">La CGT d\u00e9nonce l\u2019emploi de b\u00e9n\u00e9voles au centre de vaccination de Blaye<\/a> (Rue89 Bordeaux)&nbsp;<\/p>\n\n\n\n<p><a href=\"https:\/\/ricochets.cc\/Les-accidents-du-travail-nombreux-et-invisibilises-pour-la-gloire-du-productivisme-et-de-la.html\">Les accidents du travail, nombreux et invisibilis\u00e9s, pour la gloire du productivisme et de la croissance<\/a> (Ricochets)<\/p>\n\n\n\n<p><a href=\"https:\/\/www.bfmtv.com\/economie\/economie-social\/valerie-pecresse-presente-son-revenu-jeunes-actifs-comme-le-contraire-du-rsa_AN-202103100030.html\">Val\u00e9rie P\u00e9cresse pr\u00e9sente son \u00ab\u00a0revenu jeunes actifs\u00a0\u00bb comme \u00ab\u00a0le contraire du RSA\u00a0\u00bb<\/a> (BFM)<\/p>\n\n\n\n<p><a href=\"https:\/\/www.ouest-france.fr\/societe\/prison\/les-detenus-remuneres-beneficieront-bientot-d-un-contrat-de-travail-7180666\">Les d\u00e9tenus r\u00e9mun\u00e9r\u00e9s b\u00e9n\u00e9ficieront bient\u00f4t d\u2019un contrat de travail<\/a> (Ouest France)<\/p>\n\n\n\n<p><a href=\"https:\/\/www.revolutionpermanente.fr\/Lutte-sociale-les-salaries-de-Bosch-Rodez-et-SAM-se-battent-ensemble-pour-l-emploi-dans-l-Aveyron\">Les salari\u00e9s de Bosch Rodez et SAM se battent ensemble pour l\u2019emploi dans l\u2019Aveyron<\/a> -Vincent Duse, CGT PSA Mulhouse<\/p>\n\n\n\n<p><a href=\"https:\/\/www.revolutionpermanente.fr\/Vague-d-occupation-des-theatres-contre-la-precarite-organisons-nous\">Vague d\u2019occupation des th\u00e9\u00e2tres&nbsp;: contre la pr\u00e9carit\u00e9, organisons nous&nbsp;!<\/a> (RP)<\/p>\n\n\n\n<p><a href=\"https:\/\/www.rue89lyon.fr\/2021\/03\/10\/blocages-de-livreurs-lyonnais-par-uber-eats-ils-nous-jettent-sans-souci\/\">Blocages de livreurs lyonnais par Uber Eats : \u00ab Ils nous jettent sans souci \u00bb<\/a> (Rue89Lyon)<\/p>\n\n\n\n<p><a href=\"https:\/\/www.revolutionpermanente.fr\/Aero-T-Systems-veut-fermer-le-site-de-Toulouse-les-salaries-repondent-par-la-greve\">A\u00e9ro. T-Systems veut fermer le site de Toulouse, les salari\u00e9s r\u00e9pondent par la gr\u00e8ve<\/a> (RP)<\/p>\n\n\n\n<figure class=\"wp-block-image is-resized is-style-default\"><img data-recalc-dims=\"1\" loading=\"lazy\" decoding=\"async\" src=\"https:\/\/i0.wp.com\/www.revolutionpermanente.fr\/local\/cache-vignettes\/L653xH493\/arton24324-7f5f8.jpg?resize=402%2C303&#038;ssl=1\" alt=\"\" width=\"402\" height=\"303\"\/><\/figure>\n\n\n\n<p><a href=\"https:\/\/info.mediapart.fr\/optiext\/optiextension.dll?ID=7zy7EOBhtSMULcXMo8mJdNrhS%2BSQihpGWyew6JQIgY3ErtVlZGM8YVOttXpS2jUQTC9OKwF45YuRlZHwhIzJURzYQRHRo\">Les agents de la Ville de Paris combattent la hausse de leur temps de travail<\/a> (MDP)<\/p>\n\n\n\n<p><a href=\"https:\/\/www.revolutionpermanente.fr\/Service-pompier-au-rabais-la-CGT-alerte-sur-un-danger-grave-et-imminent-a-la-raffinerie-de\">\u00ab&nbsp;Service pompier au rabais&nbsp;\u00bb&nbsp;: la CGT alerte sur un danger grave et imminent \u00e0 la raffinerie de Grandpuits<\/a> (RP)<\/p>\n\n\n\n<p><a href=\"https:\/\/info.mediapart.fr\/optiext\/optiextension.dll?ID=7zy7CbxJ2O4coDuZRfnf3mfhhgMrUrmCnC5uRrvdOPb1hLBlZnw0_85g36KaGrqWqxnwhMVGEq_o3ozkGsi77APrQkLlF\">Licenci\u00e9s de British Airways et United Airlines: la gal\u00e8re des transfrontaliers<\/a> (MDP)<\/p>\n\n\n\n<p><a href=\"https:\/\/lanticapitaliste.org\/actualite\/social\/le-16-mars-un-premier-pas-vers-un-mouvement-national\">Le 16 mars, un premier pas vers un mouvement national \u00e0 La Poste ?<\/a> (L\u2019Anticapitaliste)<\/p>\n\n\n\n<p><a href=\"https:\/\/info.mediapart.fr\/optiext\/optiextension.dll?ID=7zy7zZnXu2qLIyC_XubAxtWf7VLbDDl8JiMc4KZfNRPxZ2VlYzah8zAwxxMq99kS5jFPYD8nTBKjLdROWTmXNl9zw0TZG\">Les intermittents hors spectacle demandent 500000 signatures<\/a> (MDP)<\/p>\n\n\n\n<p><a href=\"http:\/\/alencontre.org\/europe\/france\/reforme-de-lassurance-chomage-en-france-la-violence-sociale-par-decret.html\">R\u00e9forme de l\u2019assurance-ch\u00f4mage en France: la violence sociale par d\u00e9cret <\/a>-Michel Husson<\/p>\n\n\n\n<p><a href=\"https:\/\/www.revolutionpermanente.fr\/Macron-casse-l-assurance-chomage-mais-que-fait-Philippe-Martinez\">Macron casse l\u2019assurance-ch\u00f4mage&nbsp;: mais que fait Philippe Martinez&nbsp;?<\/a> (RP)<\/p>\n\n\n\n<p><a href=\"https:\/\/info.mediapart.fr\/optiext\/optiextension.dll?ID=7zy7FvGLTUW9ZX_HG1FiDyBv2r6U9ZChYAmjvCLCFkzMoIfRYORc4kDNCJRG1H7_4ENpbTysps_JmHUYYk6%2BVZ11QzfBD\">Privil\u00e9gions l\u2019action sociale, l\u2019\u00e9ducation et la m\u00e9diation!<\/a> &#8211; blog lien-social<\/p>\n\n\n\n<figure class=\"wp-block-image is-resized is-style-default\"><img data-recalc-dims=\"1\" loading=\"lazy\" decoding=\"async\" src=\"https:\/\/i0.wp.com\/www.lien-social.com\/IMG\/jpg\/dessin_pavo_tribune1.jpg?resize=358%2C269&#038;ssl=1\" alt=\"\" width=\"358\" height=\"269\"\/><\/figure>\n\n\n\n<p><strong><span class=\"has-inline-color has-vivid-red-color\">10 Mars en continu<\/span><\/strong><\/p>\n\n\n\n<p><a href=\"https:\/\/magazine.unitecgt.fr\/mars2021\/pour-un-syndicalisme-offensif\">Pour un syndicalisme offensif<\/a> (UniteCGT)<\/p>\n\n\n\n<p><a href=\"https:\/\/changerdecap.net\/\">Forum pr\u00e9carit\u00e9<\/a> (Changer de cap, zoom 11 mars 18h00)<\/p>\n\n\n\n<p><a href=\"https:\/\/lanticapitaliste.org\/actualite\/entreprises\/chez-carrefour-quand-profit-rime-avec-indecence\">Chez Carrefour, quand profit rime avec ind\u00e9cence<\/a> (L\u2019Anticapitaliste)<\/p>\n\n\n\n<p><a href=\"https:\/\/www.anti-k.org\/2021\/03\/10\/750-suppressions-demplois-a-bosch-rodez-stop-a-lirresponsabilite-politique\/\">750 suppressions d\u2019emplois \u00e0 Bosch-Rodez : Stop \u00e0 l\u2019irresponsabilit\u00e9 politique ! <\/a>(LFI)<\/p>\n\n\n\n<p><a href=\"https:\/\/lanticapitaliste.org\/actualite\/entreprises\/renault-lardy-nouveau-debrayage-contre-la-casse-sociale-0\">Renault Lardy : nouveau d\u00e9brayage contre la casse sociale<\/a> (L\u2019Anticapitaliste)<\/p>\n\n\n\n<p><a href=\"https:\/\/www.boursorama.com\/actualite-economique\/actualites\/rallye-va-ceder-l-enseigne-go-sport-pour-un-euro-e33da763a4ed18ac7119286680262c6c\">Rallye va c\u00e9der l&rsquo;enseigne Go Sport pour un euro<\/a> (AFP)<\/p>\n\n\n\n<p><a href=\"https:\/\/www.anti-k.org\/2021\/03\/10\/rassemblement-cgt-67-pour-soutenir-deux-travailleurs-de-punch-powerglide\/\">Rassemblement CGT 67 pour soutenir deux travailleurs de Punch Powerglide <\/a>(Anti-K)<\/p>\n\n\n\n<figure class=\"wp-block-image is-resized is-style-default\"><img loading=\"lazy\" decoding=\"async\" src=\"https:\/\/i2.wp.com\/www.anti-k.org\/wp-content\/uploads\/2021\/03\/Rassemblement-CGT-67-pour-soutenir-deux-travailleurs-de-Punch-Powerglide.png?resize=326%2C245&amp;ssl=1\" alt=\"\" width=\"383\" height=\"288\"\/><\/figure>\n\n\n\n<p><a href=\"https:\/\/www.anti-k.org\/2021\/03\/10\/reforme-de-lassurance-chomage-en-france-la-violence-sociale-par-decret\/\">R\u00e9forme de l\u2019assurance-ch\u00f4mage en France : la violence sociale par d\u00e9cret <\/a>(L\u2019Autre Quotidien)<\/p>\n\n\n\n<p><a href=\"https:\/\/www.anti-k.org\/2021\/03\/10\/dans-les-quartiers-populaires-les-eleves-paient-au-prix-fort-les-absences-de-profs-non-remplacees\/\">Dans les quartiers populaires, les \u00e9l\u00e8ves paient au prix fort les absences de profs non remplac\u00e9es<\/a> (Bondy Blog)<\/p>\n\n\n\n<p><a href=\"https:\/\/lanticapitaliste.org\/actualite\/oppressions\/les-sans-papiers-veulent-etre-regularises\">Les sans-papiers veulent \u00eatre r\u00e9gularis\u00e9s<\/a> (Collectif)<\/p>\n\n\n\n<p><a href=\"https:\/\/www.revolutionpermanente.fr\/Dialogue-social-FO-CFTC-CFE-CGC-valident-le-PSE-chez-Airbus-une-trahison-pour-les-travailleurs\">\u00ab&nbsp;Dialogue social&nbsp;\u00bb&nbsp;? FO, CFTC, CFE-CGC valident le PSE chez Airbus, une trahison pour les travailleurs&nbsp;!<\/a> (RP)<\/p>\n\n\n\n<figure class=\"wp-block-image is-resized is-style-default\"><img data-recalc-dims=\"1\" loading=\"lazy\" decoding=\"async\" src=\"https:\/\/i0.wp.com\/www.revolutionpermanente.fr\/local\/cache-vignettes\/L653xH376\/arton24319-bd202.jpg?resize=465%2C267&#038;ssl=1\" alt=\"\" width=\"465\" height=\"267\"\/><\/figure>\n\n\n\n<p><a href=\"https:\/\/www.facebook.com\/sudposte.hautsdeseine\/videos\/491632775574708\">Ga\u00ebl: \u00e9lan de solidarit\u00e9, rencontre des postier.e.s du 9 mars, gr\u00e8ve intersyndicale du 16 mars<\/a> -vid\u00e9o Ga\u00ebl Quirante<\/p>\n\n\n\n<p><a href=\"https:\/\/rapportsdeforce.fr\/classes-en-lutte\/pas-une-minute-de-plus-les-agents-territoriaux-en-greve-pour-sauver-leurs-acquis-sociaux-03099568\">\u201cPas une minute de plus !\u201d : les agents territoriaux en gr\u00e8ve pour sauver leurs acquis sociaux<\/a> par Ma\u00efa Courtois (Rapports de Force)&nbsp;<\/p>\n\n\n\n<p><a href=\"http:\/\/link.listes.cafepedagogique.net\/m\/surl\/200138\/507847\/jpvyn_oIvT_JUy8Pz1-x4HFKF-B12viezBEiZxMr5xU=\/link_5\/AceLawF0zQhBJrIKB5rQlSPDnNPTo6g7MlG73npMihkq3fwybqq34q6Z+VD80r+f2ybVTL2KfQsBgms87u6X3aKaPafvQYv1nCOGj0uaqYthjLNrq2ZPAAIwI3jU5I8SrZPEynCQVw6tvCPkfSolorc2dHaFG7OFY29bT23ieO-lTdqxtxum0pmjTxmse3weJrf8axA5tZOM23DdaG9HFoiSY+f+l8jnNgKavvcYxh9cm9Mu--ZR0VdZz49TokQt7sv7ohQZwya95oGP1K5-T5o7sII8V42E4yBA9fNgL2LYX7PyMbMamKcJk4Tz6xz1\">S\u00e9paratisme : Marseille , Palaiseau : La floraison des \u00e9tablissements internationaux<\/a> (Caf\u00e9 p\u00e9dagogique)<\/p>\n\n\n\n<p><strong><span class=\"has-inline-color has-vivid-red-color\">9 Mars en continu<\/span><\/strong><\/p>\n\n\n\n<p><a href=\"https:\/\/www.lepoulpe.info\/une-filiale-du-groupe-merck-condamnee-pour-discrimination-syndicale-en-normandie\/\">Une filiale du groupe Merck condamn\u00e9e pour discrimination syndicale en Normandie<\/a> (Le Poulpe)<\/p>\n\n\n\n<p><a href=\"https:\/\/www.humanite.fr\/aux-oubliettes-la-diversification-bosch-asphyxie-son-usine-de-rodez-701117#xtor=RSS-1\">Aux oubliettes la diversification, Bosch asphyxie son usine de Rodez<\/a> (L\u2019Humanit\u00e9)<\/p>\n\n\n\n<p><a href=\"https:\/\/lanticapitaliste.org\/actualite\/social\/le-personnel-de-tui-ne-lache-rien\">Le personnel de TUI ne l\u00e2che rien !<\/a> (L\u2019Anticapitaliste)<\/p>\n\n\n\n<p><a href=\"http:\/\/www.leparisien.fr\/societe\/travail-en-prison-dupond-moretti-annonce-la-creation-dun-statut-pour-les-travailleurs-detenus-07-03-2021-PWCU7RY53BEERPB7XC6IVAMKPQ.php\">Travail en prison : Dupond-Moretti annonce la cr\u00e9ation d\u2019un statut pour les travailleurs d\u00e9tenus<\/a> (Le Parisien)<\/p>\n\n\n\n<p><a href=\"https:\/\/alt-rev.com\/2021\/03\/08\/demolition-de-lassurance-chomage-la-bourgeoisie-en-revait-macron-le-fait\/\">D\u00e9molition de l\u2019assurance-ch\u00f4mage : la bourgeoisie en r\u00eavait, Macron le fait<\/a> (Frustration)<\/p>\n\n\n\n<p><a href=\"https:\/\/www.revolutionpermanente.fr\/Deborah-greviste-a-la-BSB-On-parle-de-precarite-mais-l-Universite-fait-des-economies-sur-les\">Deborah, gr\u00e9viste \u00e0 la BSB&nbsp;: \u00ab&nbsp;On parle de pr\u00e9carit\u00e9 mais l\u2019Universit\u00e9 fait des \u00e9conomies sur les \u00e9tudiants salari\u00e9s&nbsp;\u00bb<\/a> (RP)<\/p>\n\n\n\n<p><a href=\"https:\/\/www.boursorama.com\/actualite-economique\/actualites\/le-maire-promet-le-soutien-de-l-etat-aux-salaries-de-liberty-apres-la-faillite-de-greensill-0e0361f00919f8fcb42b02cd07657f3b\">Le Maire promet le soutien de l&rsquo;Etat aux salari\u00e9s de Liberty apr\u00e8s la faillite de Greensill<\/a> (Reuters)<\/p>\n\n\n\n<figure class=\"wp-block-image is-resized is-style-default\"><img loading=\"lazy\" decoding=\"async\" src=\"https:\/\/scontent-mrs2-1.xx.fbcdn.net\/v\/t1.0-9\/158904272_3721583761228748_2334323536546923505_o.jpg?_nc_cat=103&amp;ccb=1-3&amp;_nc_sid=730e14&amp;_nc_ohc=hFbe5jsiRZcAX96b8pf&amp;_nc_ht=scontent-mrs2-1.xx&amp;oh=cb8a2bfe717ddcf316dfa89233269379&amp;oe=606A6C54\" alt=\"Peut \u00eatre un dessin anim\u00e9\" width=\"323\" height=\"323\"\/><\/figure>\n\n\n\n<p><a href=\"https:\/\/solidaires.org\/Deux-communiques-communs-des-Syndicats-de-Solidaires-dans-l-animation-autour\">Deux communiqu\u00e9s communs des Syndicats de Solidaires dans l&rsquo;animation autour des salaires<\/a> (Solidaires)<\/p>\n\n\n\n<p><a href=\"https:\/\/www.anti-k.org\/2021\/03\/08\/dans-des-vergers-provencaux-et-andalous-ouvriers-saisonniers-maltraites-et-suspicion-de-travail-force\/\">Dans des vergers proven\u00e7aux et andalous, ouvriers saisonniers maltrait\u00e9s et suspicion de travail forc\u00e9 <\/a>(Basta)<\/p>\n\n\n\n<p><a href=\"https:\/\/lundi.am\/La-rue-avec-sursis\">La rue avec sursis <\/a>(Lundi Matin)<\/p>\n\n\n\n<p><a href=\"https:\/\/www.anti-k.org\/2021\/03\/09\/indemnites-chomage-le-retour-a-meilleure-fortune-cache-un-nouveau-danger\/\">Indemnit\u00e9s ch\u00f4mage&nbsp;: le \u00ab&nbsp;retour \u00e0 meilleure fortune&nbsp;\u00bb cache un nouveau danger&nbsp;<\/a> (Rapports de force)<\/p>\n\n\n\n<p><a href=\"https:\/\/www.anti-k.org\/2021\/03\/09\/hebergement-durgence-quand-les-femmes-precaires-denoncent-la-maltraitance-institutionnelle\/\">H\u00e9bergement d\u2019urgence : quand les femmes pr\u00e9caires d\u00e9noncent la \u00ab maltraitance institutionnelle \u00bb <\/a>(Anti-K)<\/p>\n\n\n\n<figure class=\"wp-block-image is-resized is-style-default\"><img loading=\"lazy\" decoding=\"async\" src=\"https:\/\/i1.wp.com\/www.anti-k.org\/wp-content\/uploads\/2021\/03\/1615276828_Hebergement-durgence-quand-les-femmes-precaires-denoncent-la.jpg?resize=678%2C381&amp;ssl=1\" alt=\"\" width=\"406\" height=\"227\" title=\"H\u00e9bergement d'urgence : quand les femmes pr\u00e9caires d\u00e9noncent la \u00ab\"\/><\/figure>\n\n\n\n<p><a href=\"https:\/\/www.placegrenet.fr\/2021\/03\/08\/plan-social-tornier-wright-elus-nont-rien-fait\/457017\">Plan social chez Tornier-Wright en Is\u00e8re : \u00ab les \u00e9lus n\u2019ont rien fait \u00bb d\u00e9nonce un d\u00e9l\u00e9gu\u00e9 du personnel<\/a> (Place Gre\u2019net)&nbsp;<\/p>\n\n\n\n<p><a href=\"https:\/\/info.mediapart.fr\/optiext\/optiextension.dll?ID=JbaJhyepMdQtlzezzZctVbccQAavdOcKXzxSDy9Lty7te3cZRxUb%2BXeQl7fJVeBJy5X_WgvSyqtneZ3z66lHjMTWGu4tA\">Covid-19: les couturi\u00e8res b\u00e9n\u00e9voles se battent contre l\u2019oubli<\/a> (MDP)<\/p>\n\n\n\n<p><a href=\"https:\/\/lanticapitaliste.org\/actualite\/services-publics\/greve-la-sncf-dans-le-nord-pas-de-calais-un-mouvement-qui-prend-son-elan\">Gr\u00e8ve \u00e0 la SNCF dans le Nord-Pas-de-Calais : un mouvement qui prend son \u00e9lan<\/a> (L\u2019Anticapitaliste)<\/p>\n\n\n\n<p><a href=\"https:\/\/info.mediapart.fr\/optiext\/optiextension.dll?ID=JbaJetN%2Bz98qxclDO2wTxwWhEuZ750uUMddSsgYGPqiT9zTZQe6j5_xDbwRzJhabt1xCWkn3dY2rTLA%2B1Z%2BSwpZJAg4lB\">Que vaut le travail d\u2019une femme ou celui d\u2019une sage-femme?<\/a>-Blog claudine schalck<br><a href=\"http:\/\/www.apple.fr\">L\u2019\u00e9volution des in\u00e9galit\u00e9s de patrimoine au cours des deux derniers si\u00e8cles<\/a> -Eric Toussaint<\/p>\n\n\n\n<p><a href=\"https:\/\/info.mediapart.fr\/optiext\/optiextension.dll?ID=JbaJgJByTa9HB1tsWhc7GKwXEQQ9KaEoDklWEsql%2BWfZPzkZRk_mzBk8vtHFeNZ71nykqoKNyGj2%2B%2BDfGOYf5LbVQP5df\">Allocation adultes handicap\u00e9s: des couples d\u00e9noncent une \u00abdouble peine\u00bb<\/a> (MDP)<\/p>\n\n\n\n<p><a href=\"https:\/\/info.mediapart.fr\/optiext\/optiextension.dll?ID=JbaJeRETJMg9sE9QhdEjTkUt%2B6yGHK4pJW3EGcpgK3s6wOetRS_xJky%2BX66ZFJanYoYmNvCRmyyy58lYLa9A1vS2VHtlG\">France &#8211; Pour en finir avec le harc\u00e8lement sexuel et la violence au travail<\/a> (<a href=\"https:\/\/info.mediapart.fr\/optiext\/optiextension.dll?ID=JbaJeBw3Uf2HiMO3qJACchPFYM0x7g_3ryIcvltSJa5LlL5ZQmvgyitQtIuAsFmaeusjOsRnhBGZuuTur9eO3HIHs6zlB\">HRW<\/a>)<\/p>\n\n\n\n<figure class=\"wp-block-image is-resized is-style-default\"><img loading=\"lazy\" decoding=\"async\" src=\"https:\/\/scontent.fsti4-2.fna.fbcdn.net\/v\/t1.0-9\/158943908_1160476861041447_3603195051940681638_n.png?_nc_cat=101&amp;ccb=1-3&amp;_nc_sid=730e14&amp;_nc_eui2=AeG7jaz1vvwdDejOTFX7qVfrAd3m64okGucB3ebriiQa56c8HcCoknHJqbHn4TqMZx4&amp;_nc_ohc=ffCoJubrPFMAX9lcjqE&amp;_nc_oc=AQlg82Ujtohhhv7-kEwBLq0HK2T0RbPm4dc9gpy4bRenqySpJ2DhrKhwi3wNQp6jRlw&amp;_nc_ht=scontent.fsti4-2.fna&amp;oh=1ade04a12178de60d9d74a104d99c9b2&amp;oe=606D33D8\" alt=\"Peut \u00eatre une image de une personne ou plus et texte qui dit \u2019LES AIDES \u00c0 DOMICILE DE L'ADMR 41 EN GREVE DEPUIS 76 JOURS DOMI AIDESAD Tou 1S !!! GREVE F\u00c9MINISTE LA LUTTE CONTINUE cgt LOIR CHER 02.54.45.48.08 udcgt41 @orange.fr f @UDCGT41\u2019\" width=\"353\" height=\"502\"\/><\/figure>\n\n\n\n<p><strong><span class=\"has-inline-color has-vivid-red-color\">8 Mars en continu<\/span><\/strong><\/p>\n\n\n\n<p><a href=\"https:\/\/solidaires.org\/SUD-Chimie-Mobilisation-le-11-mars-a-Paris-devant-Bercy-puis-le-siege-de-Sanofi\">Mobilisation le 11 mars \u00e0 Paris devant Bercy puis le si\u00e8ge de Sanofi<\/a> (Solidaires)<\/p>\n\n\n\n<p><a href=\"https:\/\/www.anti-k.org\/2021\/03\/08\/video-pour-vaincre-la-pauvrete-partager-adrien-quatennens\/\">Pour vaincre la pauvret\u00e9 : partager <\/a>! &#8211; vid\u00e9o Adrien Quatennens (LFI)`<\/p>\n\n\n\n<p><a href=\"https:\/\/www.rue89strasbourg.com\/fraudes-au-rsa-la-chasse-aux-pauvres-sintensifie-201860?utm_source=feedburner&amp;utm_medium=feed&amp;utm_campaign=Feed%3A+Rue89Strasbourg+%28Rue89+Strasbourg%29\">Des contr\u00f4les du RSA imagin\u00e9s pour provoquer des erreurs des b\u00e9n\u00e9ficiaires<\/a> (Rue89 Strasbourg)<\/p>\n\n\n\n<p><a href=\"https:\/\/rue89bordeaux.com\/2021\/03\/quel-horizon-pour-leclaircie-le-plus-gros-squat-de-la-metropole-bordelaise\/\">Quel horizon pour l\u2019Eclaircie, le plus gros squat de la m\u00e9tropole bordelaise ?<\/a> (Rue89 Bordeaux)<\/p>\n\n\n\n<p><a href=\"https:\/\/larotative.info\/aides-a-domicile-en-greve-dans-le-4020.html\">Aides \u00e0 domicile en gr\u00e8ve dans le Loir-et-Cher : \u00ab C&rsquo;est un m\u00e9tier de mis\u00e8re \u00bb <\/a>(La Rotative)<\/p>\n\n\n\n<figure class=\"wp-block-image is-resized is-style-default\"><img data-recalc-dims=\"1\" loading=\"lazy\" decoding=\"async\" src=\"https:\/\/i0.wp.com\/larotative.info\/IMG\/arton4020.jpg?resize=387%2C259&#038;ssl=1\" alt=\"\" width=\"387\" height=\"259\"\/><\/figure>\n\n\n\n<p><a href=\"https:\/\/lvsl.fr\/denis-colombi-la-societe-a-parfois-interet-a-ce-que-la-pauvrete-persiste\/\">Denis Colombi : \u00ab La soci\u00e9t\u00e9 a parfois int\u00e9r\u00eat \u00e0 ce que la pauvret\u00e9 persiste \u00bb<\/a> (Le Vent Se L\u00e8ve)<\/p>\n\n\n\n<p><a href=\"https:\/\/www.humanite.fr\/bosh-supprime-750-postes-dans-son-usine-de-rodez-701038#xtor=RSS-1\">Bosh supprime 750 postes dans son usine de Rodez<\/a>  (L\u2019Humanit\u00e9)<\/p>\n\n\n\n<p><a href=\"https:\/\/www.lefigaro.fr\/societes\/deliveroo-promet-une-retribution-exceptionnelle-a-ses-livreurs-pour-son-entree-en-bourse-20210307\">Deliveroo promet une r\u00e9tribution exceptionnelle \u00e0 ses livreurs pour son entr\u00e9e en Bourse<\/a> (Le Figaro)<\/p>\n\n\n\n<p><a href=\"https:\/\/www.lesechos.fr\/pme-regions\/occitanie\/lindex-de-legalite-professionnelle-sinvite-timidement-dans-les-pme-1295937\">L&rsquo;index de l&rsquo;\u00e9galit\u00e9 professionnelle s&rsquo;invite timidement dans les PME<\/a> (Les Echos)<\/p>\n\n\n\n<p><a href=\"https:\/\/www.lejdd.fr\/Societe\/Emploi\/tribune-les-salaries-intermittents-une-urgence-oubliee-par-le-gouvernement-4029556\">\u00ab\u00a0Les salari\u00e9s intermittents, une urgence oubli\u00e9e par le gouvernement\u00a0\u00bb<\/a> (JDD)<\/p>\n\n\n\n<p><a href=\"http:\/\/rebondir.fr\/actualites-emploi\/marche-de-lemploi\/chiffres-du-chomage\/lunedic-predit-un-chomage-a-10-en-2021-05032021\">L\u2019Un\u00e9dic pr\u00e9dit un ch\u00f4mage \u00e0 10 % en 2021<\/a> (Rebondir)<\/p>\n\n\n\n<figure class=\"wp-block-image is-resized is-style-default\"><img loading=\"lazy\" decoding=\"async\" src=\"https:\/\/scontent.fhex4-2.fna.fbcdn.net\/v\/t1.0-9\/158397768_1160441444378322_1380805068718666905_n.png?_nc_cat=103&amp;ccb=1-3&amp;_nc_sid=730e14&amp;_nc_eui2=AeHsV-6tnHC5HswMH5SztNpmef2-kR1Mcdd5_b6RHUxx17EyMsdJfGi9U3txEYh7YrY&amp;_nc_ohc=povBMFJBBh8AX9Fgtl8&amp;_nc_ht=scontent.fhex4-2.fna&amp;oh=2e4d4c1246a0a8fc4a69f3d826e8874c&amp;oe=606CE6E0\" alt=\"Peut \u00eatre une image de 1 personne et texte qui dit \u2019CORSE-MACHIN Les langues se d\u00e9lient LE CODE DU TRAVAIL D\u00c9CLARE AVOIR \u00c9T\u00c9 VIOL\u00c9 IL Y A 3 ANS TRAVAIL CODE TRAVAIL 69*edition DALLOZ Je croyais qu'il \u00e9tait consentant.. Lors d'une interview sur TF1 o\u00f9 il d\u00e9fendra son innocence comme tout bon Pr\u00e9sident, Emmanuel Macron en profitera pour souhaiter une bonne f\u00eate des grands-m\u00e8res \u00e0 vous savez qui.\u2019\" width=\"405\" height=\"344\"\/><\/figure>\n\n\n\n<p><strong><span class=\"has-inline-color has-vivid-red-color\">7 Mars en continu<\/span><\/strong><\/p>\n\n\n\n<p><a href=\"https:\/\/www.euractiv.fr\/section\/economie\/news\/eu-unemployment-reinsurance-scheme-falls-off-commissions-radar\/\">Le r\u00e9gime europ\u00e9en de r\u00e9assurance ch\u00f4mage est-il tomb\u00e9 dans l\u2019oubli ?<\/a> (Euractiv)<\/p>\n\n\n\n<p><a href=\"https:\/\/www.francebleu.fr\/infos\/societe\/sete-enedis-lui-enleve-son-compteur-linky-et-le-laisse-sans-courant-en-plein-hiver-1614682272?\">Enedis enl\u00e8ve le compteur Linky d&rsquo;un habitant de S\u00e8te et le laisse sans courant en plein hiver<\/a> (France Bleu)<\/p>\n\n\n\n<p><a href=\"https:\/\/www.revolutionpermanente.fr\/La-commission-de-femmes-a-Grandpuits-ou-comment-faire-sortir-la-greve-de-l-usine\">La commission de femmes \u00e0 Grandpuits ou comment faire sortir la gr\u00e8ve de l\u2019usine<\/a> (RP)<\/p>\n\n\n\n<p><a href=\"https:\/\/www.boursorama.com\/actualite-economique\/actualites\/comment-faire-un-don-avec-un-ldds-2777f0182be6fca7c1706916d9aa936c\">Comment faire un don avec un LDDS<\/a> (Le Revenu)<\/p>\n\n\n\n<figure class=\"wp-block-image is-resized is-style-default\"><img loading=\"lazy\" decoding=\"async\" src=\"https:\/\/scontent.fhex4-2.fna.fbcdn.net\/v\/t1.0-9\/158367417_1159867661102367_8733478625135787914_n.png?_nc_cat=110&amp;ccb=1-3&amp;_nc_sid=730e14&amp;_nc_eui2=AeGH5ixztOSE8CUWEZfWCovwnQLspLOsonudAuyks6yiewIgP0mjtNeeRTXSuLv60-M&amp;_nc_ohc=Xrjqix3LlTcAX9-vMPr&amp;_nc_ht=scontent.fhex4-2.fna&amp;oh=f047629071efa226a4783319428690e9&amp;oe=606A5861\" alt=\"Peut \u00eatre une image de une personne ou plus et texte qui dit \u2019Dans un h\u00f4pital, il n'y pas que des infirmi\u00e8res et des docteurs... Ilya aussi des gens qui travaillent dans les cuisines et qui font le m\u00e9nage, personne ne parle d'eux! MOI JE LEUR LEVE LE CHAPEAU sant\u00e9+\u2019\" width=\"385\" height=\"475\"\/><\/figure>\n\n\n\n<p><strong><span class=\"has-inline-color has-vivid-red-color\">6 Mars en continu<\/span><\/strong><\/p>\n\n\n\n<p><a href=\"https:\/\/www.revolutionpermanente.fr\/Reportage-Greve-SNCF-On-lachera-rien-tant-que-la-securite-n-est-pas-assuree-a-Gare-du-Nord\">Reportage | Gr\u00e8ve SNCF. \u00ab&nbsp;On l\u00e2chera rien tant que la s\u00e9curit\u00e9 n\u2019est pas assur\u00e9e \u00e0 Gare du Nord&nbsp;!&nbsp;\u00bb<\/a> (RP)<\/p>\n\n\n\n<p><a href=\"https:\/\/www.boursorama.com\/actualite-economique\/actualites\/covid-pour-berger-cfdt-il-faut-faire-beaucoup-plus-en-terme-d-accompagnement-social-8a4881a7531cd7b962ac0e9052d25dce\">Covid: pour Berger (CFDT), il faut \u00ab\u00a0faire beaucoup plus en terme d&rsquo;accompagnement social\u00a0\u00bb<\/a> (AFP)<\/p>\n\n\n\n<p><a href=\"https:\/\/www.revolutionpermanente.fr\/Veolia-A-Aubervilliers-les-eboueurs-mobilises-contre-l-externalisation-de-leurs-emplois\">Veolia. A Aubervilliers, les \u00e9boueurs mobilis\u00e9s contre l\u2019externalisation de leurs emplois<\/a> (RP)<\/p>\n\n\n\n<p><a href=\"https:\/\/l.facebook.com\/l.php?u=https:\/\/www.francebleu.fr\/infos\/agriculture-peche\/des-tonnes-de-fumiers-et-de-dechets-deverses-devant-les-supermarches-correziens-par-des-agriculteurs-1615016694?fbclid=IwAR1f6IlM2uQ-zxRomhDWfqsK6jmnzv4nvHVY_1qqxLU-OWHIMAPNeQqb1-A&amp;h=AT0FXKAutPGQX1GDHjOCBIyp4Liesc53U733NHdvGtuzuoSAXelTfMr8KpxItb8WFD2evMLx9IY-AGo4xkU3Yvp4HjL5XI145gV9vjfGw_xCkgkAYsXCK-4YuvVWcCOxx_Vci2M&amp;__tn__=,mH-R&amp;c%5B0%5D=AT2MAdkUpIOi3KhCoXz8_QFFwuKhQhuN1AspAnAJ6wSrLNgGoT1CDqSrneK_d803j-eEapW9uGMgj2mjBcSNWhvrDZXWnimpAoh4nwlu6pmIXdD0-GXLvkur0ueyTGAjqoCsfo7S9mAEjZ2IWVkApWc0vq_FaVoWmqcFFnuGbQ97FGA\">Des tonnes de fumier et de d\u00e9chets d\u00e9vers\u00e9s devant les supermarch\u00e9s corr\u00e9ziens par des agriculteurs en col\u00e8re <\/a>(France Bleu)<\/p>\n\n\n\n<p><a href=\"https:\/\/l.facebook.com\/l.php?u=https:\/\/www.humanite.fr\/carrefour-manifestation-devant-le-siege-pour-des-salaires-dignes-701020?fbclid=IwAR0ppLfnJAX84p7X3yBM5JJhbQT0WEYn6f9fMvTFMblYUCEU9srn2tM3zAY&amp;h=AT3G_eUVuj8JE5YRs_RvbjxxRBrdEzdoiModEnVJ1hOjiAUdCy4bkQ6KfCLXLMyWj-ooOVirw8yP4ELTNx9q9vNIRgwx8axO2jm6zpCRtldnLN3RE6EO1SxN_OablWpF5ffcWUk&amp;__tn__=,mH-R&amp;c%5B0%5D=AT2JRrLaVB4XupiSRcl8f5b2AZigzhl0mKAz8szwxEo4hqKCDdSO22Bkow-iWrDJHVz7hsPzoGpVhAS7jueLM_9yaNTg86sqNed7aIIUlUEqwH5MYkbud0lqR387_ht4wp_5UZp6R581a-kPgDWDEzu6ajDhPBGQeJKLhvgYf0ZOZaI\">&nbsp;Carrefour\u2009: manifestation devant le si\u00e8ge pour des salaires dignes&nbsp;<\/a> (L\u2019Humanit\u00e9)<\/p>\n\n\n\n<p><a href=\"https:\/\/mars-infos.org\/salarie-e-s-du-prive-10-regles-d-5616\">Salari\u00e9.e.s du priv\u00e9 : 10 r\u00e8gles d\u2019or pour d\u00e9fendre ses droits !&nbsp;<\/a> (Mars Info)<\/p>\n\n\n\n<figure class=\"wp-block-image is-resized is-style-default\"><img loading=\"lazy\" decoding=\"async\" src=\"https:\/\/scontent.fhex4-1.fna.fbcdn.net\/v\/t1.0-9\/157773666_1159258334496633_947391091828046728_n.png?_nc_cat=105&amp;ccb=1-3&amp;_nc_sid=730e14&amp;_nc_eui2=AeGkOezL_-bTTIRSpt_2coNzDIumBQNvVgwMi6YFA29WDL6GkTzxibmk-0hCLUyDyc8&amp;_nc_ohc=jBkkx8xyrd0AX9mZdNg&amp;_nc_ht=scontent.fhex4-1.fna&amp;oh=6faf55e814ba248beeb6e3b46b95ca0b&amp;oe=60676E41\" alt=\"Peut \u00eatre un dessin anim\u00e9 de une personne ou plus et texte\" width=\"370\" height=\"370\"\/><\/figure>\n\n\n\n<p><a href=\"http:\/\/www.npa-auto-critique.org\/2021\/03\/massacre-a-la-tronconneuse-contre-l-emploi-en-aveyron.html?utm_source=_ob_email&amp;utm_medium=_ob_notification&amp;utm_campaign=_ob_pushmail\">Massacre \u00e0 la tron\u00e7onneuse contre l\u2019emploi en Aveyron<\/a> -Auto Critique<\/p>\n\n\n\n<figure class=\"wp-block-image size-large is-style-default\"><img data-recalc-dims=\"1\" loading=\"lazy\" decoding=\"async\" width=\"450\" height=\"338\" src=\"https:\/\/i0.wp.com\/www.rdpemancipation.org\/wp-content\/uploads\/2021\/03\/image-1371566-20210305-ob_e440c6_bosch-greve-mai-2016.jpg?resize=450%2C338&#038;ssl=1\" alt=\"\" class=\"wp-image-18981\" srcset=\"https:\/\/i0.wp.com\/www.rdpemancipation.org\/wp-content\/uploads\/2021\/03\/image-1371566-20210305-ob_e440c6_bosch-greve-mai-2016.jpg?w=450&amp;ssl=1 450w, https:\/\/i0.wp.com\/www.rdpemancipation.org\/wp-content\/uploads\/2021\/03\/image-1371566-20210305-ob_e440c6_bosch-greve-mai-2016.jpg?resize=300%2C225&amp;ssl=1 300w\" sizes=\"auto, (max-width: 450px) 100vw, 450px\" \/><\/figure>\n\n\n\n<p><a href=\"https:\/\/www.boursorama.com\/actualite-economique\/actualites\/diesel-rodez-sous-le-choc-bosch-supprime-750-postes-3498e3c2483a9a90e91137d5d740e73d\">Diesel: Rodez sous le choc, Bosch supprime 750 postes<\/a> (AFP)<\/p>\n\n\n\n<p><a href=\"https:\/\/www.humanite.fr\/carrefour-manifestation-devant-le-siege-pour-des-salaires-dignes-701020#xtor=RSS-1\">Carrefour : manifestation devant le si\u00e8ge pour des salaires dignes<\/a> (L\u2019Humanit\u00e9)<\/p>\n\n\n\n<p><a href=\"https:\/\/www.revolutionpermanente.fr\/Les-travailleurs-de-la-culture-mobilises-contre-la-galere-economique-et-le-mepris-du-gouvernement\">Les travailleurs de la culture mobilis\u00e9s contre la \u00ab\u00a0gal\u00e8re \u00e9conomique\u00a0\u00bb et le m\u00e9pris du gouvernement<\/a> (RP)<\/p>\n\n\n\n<p><a href=\"https:\/\/www.revolutionpermanente.fr\/Greve-a-Sanofi-Le-probleme-des-vaccins-c-est-le-capitalisme\">Gr\u00e8ve \u00e0 Sanofi&nbsp;: \u00ab&nbsp;Le probl\u00e8me des vaccins c\u2019est le capitalisme&nbsp;\u00bb<\/a> (RP)<\/p>\n\n\n\n<p><a href=\"https:\/\/lanticapitaliste.org\/actualite\/sante\/sanofi-coupable-le-gouvernement-responsable\">Sanofi coupable, le gouvernement responsable !<\/a> (L\u2019Anticapitaliste)<\/p>\n\n\n\n<p><a href=\"https:\/\/www.dossierfamilial.com\/actualites\/social-sante\/apl-les-allocataires-de-laah-ne-doivent-pas-transmettre-de-declaration-de-patrimoine-a-la-caf-879387\">APL : les allocataires de l\u2019AAH ne doivent pas transmettre de d\u00e9claration de patrimoine \u00e0 la CAF<\/a> (Dossier Familial)<\/p>\n\n\n\n<p><a href=\"https:\/\/blog.francetvinfo.fr\/bureau-rome\/2021\/03\/03\/levigliani-village-autogere-ou-le-chomage-nexiste-pas.html\">Levigliani, village autog\u00e9r\u00e9 o\u00f9 le ch\u00f4mage n&rsquo;existe pas<\/a> (France Info)<\/p>\n\n\n\n<p><a href=\"https:\/\/www.letelegramme.fr\/france\/ces-actifs-concernes-par-la-reforme-de-l-assurance-chomage-03-03-2021-12713421.php\">Ces profils affect\u00e9s par la r\u00e9forme de l\u2019assurance ch\u00f4mage<\/a> (Le T\u00e9l\u00e9gramme)<\/p>\n\n\n\n<p><a href=\"https:\/\/www.francebleu.fr\/infos\/economie-social\/getrag-blanquefort-ford-s-en-va-comme-des-voleurs-et-magna-arrive-les-mains-vides-deplore-le-delegue-1614680031?\">Getrag Blanquefort : \u00ab\u00a0Ford s&rsquo;en va comme des voleurs et Magna arrive les mains vides\u00a0\u00bb<\/a>&nbsp; (France Bleu)<\/p>\n\n\n\n<figure class=\"wp-block-image is-resized is-style-default\"><img loading=\"lazy\" decoding=\"async\" src=\"https:\/\/scontent.fsti4-1.fna.fbcdn.net\/v\/t1.0-9\/158121690_1158640441225089_7548724583171887981_o.jpg?_nc_cat=111&amp;ccb=3&amp;_nc_sid=730e14&amp;_nc_eui2=AeHF3NsQwbbdFFL8SIyosmg4c37KqigNFmxzfsqqKA0WbPvSk7F5f_DB3ztGDTnnmK0&amp;_nc_ohc=QRD0NDF8hiAAX_HxmxX&amp;_nc_ht=scontent.fsti4-1.fna&amp;oh=d6ef173cffa70fc1231e2ea8b7946471&amp;oe=606873BD\" alt=\"Peut \u00eatre une image de mur de briques\" width=\"390\" height=\"259\"\/><\/figure>\n\n\n\n<p><strong><span class=\"has-inline-color has-vivid-red-color\">5 Mars en continu<\/span><\/strong><\/p>\n\n\n\n<p><a href=\"https:\/\/blogs.mediapart.fr\/jean-marc-b\/blog\/040321\/des-milliards-pour-les-riches-et-100-familles-dans-langoisse\">Des milliards pour les riches et 100 familles dans l&rsquo;angoisse <\/a>(CGT Tecalemit)<\/p>\n\n\n\n<p><a href=\"https:\/\/blogs.mediapart.fr\/jean-marc-b\/blog\/040321\/victoire-teaser-du-film-de-f-lemaitre\">\u00ab\u00a0Victoire\u00a0\u00bb : teaser du film de F. Lemaitre <\/a>-vid\u00e9o<\/p>\n\n\n\n<figure class=\"wp-block-embed is-type-video is-provider-youtube wp-block-embed-youtube wp-embed-aspect-16-9 wp-has-aspect-ratio\"><div class=\"wp-block-embed__wrapper\">\n<iframe loading=\"lazy\" title=\"TEASER &quot;VICTOIRE&quot; : FILM (F. LEMAITRE) SUR LES 10 DERNIERS MOIS DE LA GREVE DES POSTIER.E.S DU 92\" width=\"1200\" height=\"675\" src=\"https:\/\/www.youtube.com\/embed\/ME2HoGt5jfo?feature=oembed\" frameborder=\"0\" allow=\"accelerometer; autoplay; clipboard-write; encrypted-media; gyroscope; picture-in-picture\" allowfullscreen><\/iframe>\n<\/div><\/figure>\n\n\n\n<p><a href=\"http:\/\/www.npa-auto-critique.org\/2021\/03\/psa-programme-la-mort-de-l-usine-de-douvrin.html\">PSA programme la mort de l&rsquo;usine de Douvrin<\/a> (Auto Critique)<\/p>\n\n\n\n<p><a href=\"http:\/\/www.npa-auto-critique.org\/2021\/03\/renault-lardy-jeudi-4-mars-mobilisation-pour-l-emploi-et-l-avenir-du-site.html\">Renault Lardy : jeudi 4 mars mobilisation pour l&#8217;emploi et l&rsquo;avenir du site<\/a> (Auto Critique)<\/p>\n\n\n\n<p><a href=\"https:\/\/www.lemonde.fr\/emploi\/article\/2021\/03\/03\/uber-worker-ou-le-troisieme-statut-d-emploi_6071774_1698637.html\">Uber&nbsp;: \u00ab&nbsp;worker&nbsp;\u00bb, ou le troisi\u00e8me statut d\u2019emploi<\/a> (Le Monde)<\/p>\n\n\n\n<p><a href=\"https:\/\/www.lesechos.fr\/economie-france\/social\/les-syndicats-veulent-corriger-lindex-egalite-femme-homme-1295020\">Les syndicats veulent corriger l&rsquo;index \u00e9galit\u00e9 femme-homme<\/a> (Les Echos)<\/p>\n\n\n\n<p><a href=\"https:\/\/info.mediapart.fr\/optiext\/optiextension.dll?ID=dHGdH_yfOSsqxf1EMl9CpHe1P%2B4ojGlw6zHEFnXBva%2BPSSeZldd9KfPlq2mA_K5kIojhMe4Rg59D0T7wjv%2Biv3DAmEutf\">Ch\u00f4meurs et cibles des escrocs<\/a> (MDP)<\/p>\n\n\n\n<p>C<a href=\"https:\/\/www.francetvinfo.fr\/economie\/emploi\/chomage\/video-chomeurs-de-la-poste-des-mois-sans-indemnites_4318639.html\">h\u00f4meurs de La Poste : des mois sans indemnit\u00e9s<\/a> (France info)<\/p>\n\n\n\n<figure class=\"wp-block-image is-resized is-style-default\"><img loading=\"lazy\" decoding=\"async\" src=\"https:\/\/scontent.fsti4-2.fna.fbcdn.net\/v\/t1.0-9\/157053162_2524208141220901_3241968771040766373_n.jpg?_nc_cat=101&amp;ccb=3&amp;_nc_sid=e3f864&amp;_nc_eui2=AeHxj6ucs936rjvlkpQBHu5OUzakBogQ3ihTNqQGiBDeKEkONEgxorAJ1ju6yNPg54U&amp;_nc_ohc=LOOem93-LrYAX-Bg-B6&amp;_nc_ht=scontent.fsti4-2.fna&amp;oh=933c71969498660dd88c4a3b2fe5dc98&amp;oe=6065C205\" alt=\"\" width=\"505\" height=\"186\"\/><\/figure>\n\n\n\n<p><strong><span class=\"has-inline-color has-vivid-red-color\">4 Mars en continu<\/span><\/strong><\/p>\n\n\n\n<p><a href=\"https:\/\/reporterre.net\/Effectifs-en-baisse-salaires-au-rabais-Derriere-la-vegetalisation-de-Paris-les-jardiniers-en-colere\">Effectifs en baisse, salaires au rabais&#8230; Derri\u00e8re la v\u00e9g\u00e9talisation de Paris, les jardiniers en col\u00e8re<\/a> (Reporterre)&nbsp;<\/p>\n\n\n\n<p><a href=\"https:\/\/www.frustrationmagazine.fr\/les-numeros-verts-2\/\">Les num\u00e9ros verts : psychologues ub\u00e9ris\u00e9s pour salari\u00e9s exploit\u00e9s<\/a> (Frustration)<\/p>\n\n\n\n<p><a href=\"https:\/\/www.revolutionpermanente.fr\/Greve-Infrapole-Sud-Rail-assigne-la-SNCF-pour-atteinte-au-droit-de-greve\">Gr\u00e8ve Infrap\u00f4le. Sud-Rail assigne la SNCF pour atteinte au droit de gr\u00e8ve<\/a> (RP)<\/p>\n\n\n\n<p><a href=\"https:\/\/www.lacledesondes.fr\/article\/a-blanquefort-ford-refile-a-magna-une-usine-condamnee\">A Blanquefort, Ford refile \u00e0 Magna une usine condamn\u00e9e<\/a> (La Cl\u00e9 des Ondes)<\/p>\n\n\n\n<p><a href=\"https:\/\/www.bfmtv.com\/economie\/assurance-chomage-pour-yves-veyrier-fo-l-obstination-l-emporte-sur-la-raison_AN-202103030048.html\">Assurance-ch\u00f4mage: Pour Yves Veyrier (FO), \u00ab\u00a0l&rsquo;obstination l&#8217;emporte sur la raison\u00a0\u00bb<\/a> (BFMTV)<\/p>\n\n\n\n<p><a href=\"https:\/\/www.mncp.fr\/adoption-de-la-reforme-de-lassurance-chomage-une-bombe-a-retardement-economique-sociale-et-politique\/?utm_source=rss&amp;utm_medium=rss&amp;utm_campaign=adoption-de-la-reforme-de-lassurance-chomage-une-bombe-a-retardement-economique-sociale-et-politique\">R\u00e9forme de l\u2019assurance-ch\u00f4mage : une bombe \u00e0 retardement \u00e9conomique, sociale et politique<\/a> (MNCP)<\/p>\n\n\n\n<figure class=\"wp-block-image is-resized is-style-default\"><img loading=\"lazy\" decoding=\"async\" src=\"https:\/\/scontent.fsti4-1.fna.fbcdn.net\/v\/t1.0-9\/p843x403\/157294133_1157983301290803_15886020957883530_o.jpg?_nc_cat=100&amp;ccb=3&amp;_nc_sid=730e14&amp;_nc_eui2=AeHbdlrnzCgd6tYPyDz81hzXEZ57VCdtNo8RnntUJ202j3N46IW9s9myBcH2F_dkhPw&amp;_nc_ohc=rpNMqeeYWioAX_qexpG&amp;_nc_ht=scontent.fsti4-1.fna&amp;tp=6&amp;oh=1b499b47a132cb7f780eb454688609e0&amp;oe=60657A7D\" alt=\"Peut \u00eatre une image de 1 personne et texte qui dit \u2019GUERRE SOCIALE TOTALE MEDIAPART CH\u0514MAGE ET FORMATION, LE GRAND BOULEVERSEMENT Assurance-ch\u00f4mage: les allocations baisseront d\u00e8s cet \u00e9t\u00e9 2 MARS 2021 PAR C\u00c9CILE HAUTEFEUILLE BEOSOON Une partie de la r\u00e9forme de l'assurance- ch\u00f4mage entrera en vigueur le 1e juillet 2021. La baisse des allocations est bel et bien la priorit\u00e9 du gouvernement. C'est la premi\u00e8re mesure qui sera appliqu\u00e9e.\u2019\" width=\"385\" height=\"228\"\/><\/figure>\n\n\n\n<p><a href=\"https:\/\/www.francetvinfo.fr\/economie\/emploi\/chomage\/reforme-de-l-assurance-chomage-le-secretaire-general-de-la-cfdt-laurent-berger-envisage-un-recours-devant-le-conseil-d-etat_4317939.html\">R\u00e9forme assurance ch\u00f4mage&nbsp;:&nbsp;Laurent Berger,- envisage un recours devant le Conseil d&rsquo;\u00c9tat<\/a> (France Info)<\/p>\n\n\n\n<p><a href=\"http:\/\/www.apple.fr\">Assurance-Ch\u00f4mage :&nbsp; restaurateurs exempt\u00e9s provisoirement du bonus-malus, annonce Borne<\/a> (Radio Classique)<\/p>\n\n\n\n<p><a href=\"https:\/\/www.revolutionpermanente.fr\/Assurance-chomage-800-000-chomeurs-verront-leur-indemnisation-baisser-de-20-en-moyenne\">Assurance-ch\u00f4mage&nbsp;: 800.000 ch\u00f4meurs verront leur indemnisation baisser de 20% en moyenne<\/a> (RP)<\/p>\n\n\n\n<figure class=\"wp-block-image is-resized is-style-default\"><img data-recalc-dims=\"1\" loading=\"lazy\" decoding=\"async\" src=\"https:\/\/i0.wp.com\/solidaires.org\/local\/cache-vignettes\/L500xH716\/aebe5479447b9f56-a84ce.png?resize=334%2C478&#038;ssl=1\" alt=\"\" width=\"334\" height=\"478\"\/><\/figure>\n\n\n\n<p><a href=\"https:\/\/www.legrandsoir.info\/pour-la-cgt-ni-sauveur-supreme-ni-union-sacree.html\">Pour la CGT, ni sauveur supr\u00eame, ni union sacr\u00e9e !<\/a> (Le grand soir)<\/p>\n\n\n\n<p><a href=\"https:\/\/www.humanite.fr\/jean-pierre-mercier-psa-va-toujours-vers-le-moins-disant-social-700938#xtor=RSS-1\">Jean-Pierre Mercier : \u00ab PSA va toujours vers le moins-disant social \u00bb<\/a>&nbsp; (L\u2019Humanit\u00e9)<\/p>\n\n\n\n<p><a href=\"https:\/\/www.humanite.fr\/veolia-proprete-veut-bien-garder-les-contrats-mais-pas-les-salaries-pour-les-honorer-700921#xtor=RSS-1\">Veolia propret\u00e9 veut bien garder les contrats, mais pas les salari\u00e9s pour les honorer&#8230;<\/a>(L\u2019Humanit\u00e9)&nbsp;<\/p>\n\n\n\n<p><a href=\"https:\/\/www.francebleu.fr\/infos\/economie-social\/la-nouvelle-eco-les-missions-locales-en-premiere-ligne-pour-le-plan-1-jeune-1-solution-1614652261\">La nouvelle \u00e9co : les missions locales en premi\u00e8re ligne pour le plan \u00ab\u00a01 jeune 1 solution\u00a0\u00bb<\/a> (France Bleu)<\/p>\n\n\n\n<p><a href=\"https:\/\/www.lesechos.fr\/idees-debats\/livres\/qui-sont-les-sdf-aujourdhui-1294240\">Qui sont les SDF aujourd&rsquo;hui&nbsp;?<\/a> (Les Echos)<\/p>\n\n\n\n<p><a href=\"https:\/\/www.bastamag.net\/Agro-alimentaire-label-Global-GAP-certification-ouvriers-saisonniers-maltraites-suspicion-de-travail-force-fruits-et-legumes-Espagne\">Dans des vergers proven\u00e7aux et andalous, ouvriers saisonniers maltrait\u00e9s et suspicion de travail forc\u00e9<\/a> (Basta&nbsp;!)&nbsp;<\/p>\n\n\n\n<p><a href=\"https:\/\/www.humanite.fr\/allemagne-greves-suivies-dans-la-metallurgie-pour-les-salaires-700925#xtor=RSS-1\">Allemagne Gr\u00e8ves suivies dans la m\u00e9tallurgie pour les salaires<\/a> (L\u2019Humanit\u00e9)<\/p>\n\n\n\n<figure class=\"wp-block-image is-style-default\"><img decoding=\"async\" src=\"https:\/\/scontent.fsti4-2.fna.fbcdn.net\/v\/t1.0-9\/s960x960\/156698268_2523485034626545_8275365407956541502_o.jpg?_nc_cat=105&amp;ccb=3&amp;_nc_sid=e3f864&amp;_nc_ohc=CQ0iHqaiavgAX9shsXe&amp;_nc_ht=scontent.fsti4-2.fna&amp;tp=7&amp;oh=c607f566ec2bec0ee7f027133cd5c35a&amp;oe=6066D82B\" alt=\"\"\/><\/figure>\n\n\n\n<p><strong><span class=\"has-inline-color has-vivid-red-color\">3 Mars <\/span><\/strong> <\/p>\n\n\n\n<p><a href=\"https:\/\/blogs.mediapart.fr\/jean-marc-b\/blog\/030321\/donnons-nous-les-moyens-de-maintenir-gael-la-poste\">Donnons-nous les moyens de maintenir Ga\u00ebl \u00e0 la Poste <\/a>-Sud Poste 92<\/p>\n\n\n\n<p><a href=\"https:\/\/lanticapitaliste.org\/actualite\/social\/colere-des-salariees-contre-les-suppressions-demplois\">Col\u00e8re des salari\u00e9Es contre les suppressions d\u2019emplois dans une cidrerie du Calvados<\/a> (NPA 14)<\/p>\n\n\n\n<p><a href=\"https:\/\/lanticapitaliste.org\/actualite\/services-publics\/usageres-et-cheminotes-pas-pres-de-se-laisser-rouler\">UsagerEs et cheminotEs pas pr\u00e8s de se laisser rouler<\/a> (L\u2019Anticapitaliste)<\/p>\n\n\n\n<p><a href=\"https:\/\/www.boursorama.com\/actualite-economique\/actualites\/sfr-prevoit-jusqu-a-1-700-departs-volontaires-en-2021-soit-11-des-effectifs-54760d081eabaedd428b39cfa77c7f1a\">SFR pr\u00e9voit jusqu&rsquo;\u00e0 1.700 d\u00e9parts volontaires en 2021, soit 11% des effectifs<\/a> (AFP)<\/p>\n\n\n\n<p><a href=\"https:\/\/lanticapitaliste.org\/actualite\/education\/letat-organise-la-casse-du-service-public-de-lenseignement-professionnel\">L\u2019\u00c9tat organise la casse du service public de l&rsquo;enseignement professionnel<\/a> (L\u2019Anticapitaliste)<\/p>\n\n\n\n<p><a href=\"https:\/\/lanticapitaliste.org\/actualite\/societe\/reforme-de-lassurance-chomage-nouvelle-version-cest-toujours-non\">R\u00e9forme de l&rsquo;assurance ch\u00f4mage \u00ab\u2009nouvelle version\u2009\u00bb\u2009: c\u2019est toujours non<\/a> (L\u2019Anticapitaliste)<\/p>\n\n\n\n<p><a href=\"https:\/\/informations.handicap.fr\/a-aah-et-aide-logement-erreur-caf-inquiete-30423.php\">AAH et aide au logement : une erreur de la CAF inqui\u00e8te<\/a> (Information Handicap)<\/p>\n\n\n\n<p><a href=\"https:\/\/www.alternatives-economiques.fr\/chomeurs-laddition\/00098305\">Ch\u00f4meurs&nbsp;: par ici l\u2019addition&nbsp;!<\/a> (Alternatives Economiques&nbsp;)<\/p>\n\n\n\n<p><a href=\"https:\/\/www.frustrationmagazine.fr\/assurance-chomage\/\">D\u00e9molition de l\u2019assurance-ch\u00f4mage : la bourgeoisie en r\u00eavait, Macron le fait<\/a> (Frustration)&nbsp;<\/p>\n\n\n\n<p><a href=\"http:\/\/www.apple.fr\">Assurance ch\u00f4mage: ce que le gouvernement a l\u00e2ch\u00e9 de sa r\u00e9forme explosive<\/a> (Huff Post)<\/p>\n\n\n\n<p><a href=\"https:\/\/www.lexpress.fr\/emploi\/reforme-de-l-assurance-chomage-tout-comprendre-de-ce-qui-va-changer-le-1er-juillet_2145955.html\">R\u00e9forme de l&rsquo;assurance ch\u00f4mage : tout comprendre de ce qui va changer le 1er juillet<\/a> (L\u2019Express)<\/p>\n\n\n\n<p><a href=\"https:\/\/www.lemonde.fr\/politique\/article\/2021\/03\/02\/assurance-chomage-les-demandeurs-d-emploi-concernes-vont-avoir-un-lourd-sentiment-d-injustice_6071723_823448.html\">R\u00e9forme de l\u2019assurance-ch\u00f4mage&nbsp;: \u00ab&nbsp;Les demandeurs d\u2019emploi concern\u00e9s vont avoir un lourd sentiment d\u2019injustice&nbsp;\u00bb<\/a> (Le Monde)<\/p>\n\n\n\n<p><a href=\"https:\/\/www.francetvinfo.fr\/politique\/jean-castex\/gouvernement-de-jean-castex\/assurance-chomage-une-reforme-risquee-et-delicate-pour-le-gouvernement_4316775.html\">Assurance-ch\u00f4mage : une r\u00e9forme risqu\u00e9e et d\u00e9licate pour le gouvernement<\/a> (France Info)<\/p>\n\n\n\n<p><a href=\"https:\/\/l.facebook.com\/l.php?u=https:\/\/www.francebleu.fr\/infos\/faits-divers-justice\/le-magasin-carrefour-de-quetigny-ferme-precipitamment-apres-la-mort-de-l-un-de-ses-employes-1614598872?fbclid=IwAR16FgL8a36_H3LVEOdOoqTMv9FOAZDsK8G7xUxamNOs1a0UlIbiIFfUwII&amp;h=AT1dEwoN_kkq0pgc_POZZTd7ElRPEUvIyD_GJcEPg7f5rJJ8cxGvCGPL_B5GgVrXDjRD6NyLeuHxGh1ONJac2X4mhak81rqGkQ4W5DKJzF52un9LTJEZhRFu_F7HGttsUpai79M&amp;__tn__=,mH-R&amp;c%5B0%5D=AT025VcqA2e_9Bh0l_ZAJ63Xxkys1E2Vo4e9dGnaH2GEdVhux53tcXktCBxFeBAFwBJc34R2lvK5xtJFIvNDtxFHxSKD2qq0_1Yn-5RT4Pj1-1MP0DGZ7xfE4igagE59ECEL9NCuxlEFaVXkj5jBJa4dxZdOzIC2g5elIXi1gn0PtA4\">Quetigny : le magasin Carrefour ferm\u00e9 pr\u00e9cipitamment apr\u00e8s la mort de l&rsquo;un de ses employ\u00e9s <\/a>(France Bleu)<\/p>\n\n\n\n<p><a href=\"https:\/\/l.facebook.com\/l.php?u=https:\/\/actu.fr\/normandie\/dieppe_76217\/hopital-de-dieppe-146-agents-contractuels-vont-etre-titularises_39757165.html?fbclid=IwAR05-9aXQkPBqrrw-4gWSj6tJY-ACdnba-kbWRJ4bHHh50ztE_nD_e5z940&amp;h=AT0hi2ZYQ3VRzECKT4-lDfsGuF3q-r3j7a29u21YzPtmB94wxHWh5ZYMVyFaXHHcWPLJpwRC-L9C3YE6CFMMMB94nT1X7WBBSvnQiG1x2GZmeaX_Cm9LliKUo6XUutMrrDfZ5fM&amp;__tn__=,mH-R&amp;c%5B0%5D=AT11fbAeF87qBHM5-zR5znEfKW7L5JjGLtJj65aexzhNEUsU3Co_EmivIdev23UDpjql8bXn338esVEUCPUN3UCNIJEbJ7itHHjYhkZOtCusQ8vcq0FTq4sEk1fA6B0R1vmWYkOzJQHLctJhX3ThJXrSQRS4ibdt8-OCSM21gN6cpWs\">&nbsp;H\u00f4pital de Dieppe : 146 agents contractuels vont \u00eatre titularis\u00e9s <\/a>(actu.fr)<\/p>\n\n\n\n<p><a href=\"https:\/\/info.mediapart.fr\/optiext\/optiextension.dll?ID=dHGdJ%2BkDDLaSyt5lguzISyLPHLQPmc%2Btto1hSgSTkakTvQ9tkTpd2%2BkaJMJpP_Z8nWW_YuuUzaO3d_%2BzvB0mKxqXtPZ73\">Assurance-ch\u00f4mage: les allocations baisseront d\u00e8s cet \u00e9t\u00e9<\/a> (MDP)<\/p>\n\n\n\n<p><a href=\"https:\/\/www.humanite.fr\/la-descente-aux-enfers-dagnes-mise-pied-et-contrainte-la-mendicite-700805#xtor=RSS-1\">La descente aux enfers d&rsquo;Agn\u00e8s, mise \u00e0 pied et contrainte \u00e0 la mendicit\u00e9<\/a> (L\u2019Humanit\u00e9)<\/p>\n\n\n\n<p><a href=\"https:\/\/rapportsdeforce.fr\/classes-en-lutte\/une-claque-au-lieu-de-deux-pour-les-chomeurs-03029472\">Une claque au lieu de deux pour les ch\u00f4meurs<\/a>&nbsp; (Rapports de Force)<\/p>\n\n\n\n<p><a href=\"https:\/\/www.revolutionpermanente.fr\/Fake-news-made-in-LREM-Elisabeth-Borne-fossoyeuse-de-l-assurance-chomage-se-dit-de-gauche\">Fake news made in LREM&nbsp;: Elisabeth Borne, fossoyeuse de l\u2019assurance-ch\u00f4mage, se dit \u00ab&nbsp;de gauche&nbsp;\u00bb<\/a> (RP<\/p>\n\n\n\n<p><a href=\"https:\/\/l.facebook.com\/l.php?u=https:\/\/www.lefigaro.fr\/culture\/la-cgt-spectacle-appelle-a-manifester-pour-de-nouvelles-mesures-en-faveur-de-la-culture-20210223?fbclid=IwAR17NRG0lAPy8NBK4T0tEmgJQWQQDc4Bl-X3jP9IRipE6EnQFtFTTC0w8EQ&amp;h=AT2CRfsyRt2AS-kqtlf69lAkBnbhs57Mjim87IGZ2lAlpTjyoPjmCpkR-yIE6jMK6vd82LO6KWdAz-uIauq3AfspGt4E2xScDPxGj1nZmfwsCW9S34cTZCVbfM_FENUdvbsqmoQ&amp;__tn__=,mH-R&amp;c%5B0%5D=AT3wsH0C6rBCZc262ilFU5Pxld0OGR8WsgaQF6v5H1UB8WVjGr0pEo8Jg99-FXGuyEs1pg0K6aTRv7F0GXYcuf879Ll4XTHvNNOeIOqcI_ECv-uNqP1Q95GuG1TOlWeoyQpQ2RoqrX6pQikW2pSX6GLf9dD-Wpv2tun8CmoFvY_iHNk\">La CGT Spectacle appelle \u00e0 manifester pour de nouvelles mesures en faveur de la culture <\/a>(Le Figaro)<\/p>\n\n\n\n<p><a href=\"https:\/\/l.facebook.com\/l.php?u=https:\/\/france3-regions.francetvinfo.fr\/occitanie\/3-mois-prison-ferme-vol-fromage-homme-qui-avait-faim-toulouse-1137481.html?fbclid=IwAR3tJ8ee_22r--BYAOjVgmPj6MXXNYEHQcuNmrX1qm6PgIU7uNatyFKgcGM&amp;h=AT1gcZsXA_mJXz_M3gstasizSMMfu62S7JldEPxQEPHfHZ_sa_QBWOJjcMeDJsSzkRAG5XhF17SyVmneKVlOtUC6IIAx8UxOOo2XjHiYx8F5RR1KMIFAEZdIv2ghUQq7tlJDiv8&amp;__tn__=,mH-R&amp;c%5B0%5D=AT0jRbsyqxAUMZNBmcuabWz9QBY9q4sDAB7tCdRZO9ouP9Lqllp2eY8oySLXnWp1JhSZkmGFD37OMY9erCdLK694-HLWHJ_p9mOILkk-GDLfRTJcdAHdSa31HY5vsR1X4MgYAuFR7MqbtkmU4c_7CtvojsgDjOBaO_yQFxDGNuWypAw\">3 mois de prison ferme pour vol d&rsquo;un fromage pour un homme qui avait faim \u00e0 Toulouse <\/a>(France 3)<\/p>\n\n\n\n<p><a href=\"https:\/\/www.boursorama.com\/actualite-economique\/actualites\/borne-la-reforme-des-retraites-n-est-pas-dans-l-agenda-social-09f47db050fd0390b901705d4e9b5e92\">Borne: la r\u00e9forme des retraites n&rsquo;est pas dans l&rsquo;agenda social<\/a> (AFP)<\/p>\n\n\n\n<p><a href=\"https:\/\/www.boursorama.com\/actualite-economique\/actualites\/dupond-moretti-devoile-les-grandes-lignes-d-un-large-projet-de-loi-de-reforme-de-la-justice-b46eb3cfd583ae6f694d80a95a5e9c94\">Dupond-Moretti d\u00e9voile les grandes lignes d&rsquo;un large projet de loi de r\u00e9forme de la justice<\/a> (AFP)<\/p>\n\n\n\n<figure class=\"wp-block-image is-resized is-style-default\"><img data-recalc-dims=\"1\" loading=\"lazy\" decoding=\"async\" src=\"https:\/\/i0.wp.com\/www.tourmag.com\/photo\/art\/default\/54237098-40878902.jpg?resize=439%2C249&#038;ssl=1\" alt=\"Appel \u00e0 manifester de la CGT - DR\" width=\"439\" height=\"249\" title=\"Appel \u00e0 manifester de la CGT - DR\"\/><\/figure>\n\n\n\n<p><strong><span class=\"has-inline-color has-vivid-red-color\">2 Mars <\/span><\/strong> <\/p>\n\n\n\n<p><a href=\"https:\/\/www.anti-k.org\/2021\/03\/02\/on-ne-va-pas-leur-donner-la-becquee-en-marche-refuse-le-rsa-pour-les-jeunes\/\">\u00ab&nbsp;On ne va pas leur donner la becqu\u00e9e !&nbsp;\u00bb : En Marche refuse le RSA pour les jeunes <\/a>(LFI)<\/p>\n\n\n\n<p><a href=\"https:\/\/www.boursorama.com\/actualite-economique\/actualites\/assurance-chomage-entree-en-vigueur-partielle-de-la-reforme-au-1er-juillet-6a0b4c155234ae0c89ca79abd36916f8\">Assurance-ch\u00f4mage: entr\u00e9e en vigueur partielle de la r\u00e9forme au 1er juillet<\/a> (AFP)<\/p>\n\n\n\n<p><a href=\"https:\/\/www.bastamag.net\/Agro-alimentaire-label-Global-GAP-certification-conditions-de-travail-indignes-fraude-a-la-securite-social-fruits-et-legumes\">Derri\u00e8re un label de \u00ab bonnes pratiques agricoles \u00bb, des conditions de travail indignes et des affaires de fraudes<\/a> (Basta)<\/p>\n\n\n\n<p><a href=\"https:\/\/www.humanite.fr\/adecco-leur-nom-sest-retrouve-dans-la-liste-des-carrieres-brisees-700768#xtor=RSS-1\">Adecco. Leur nom s&rsquo;est retrouv\u00e9 dans la liste des carri\u00e8res bris\u00e9es<\/a> (L\u2019Humanit\u00e9)&nbsp;<\/p>\n\n\n\n<p><a href=\"http:\/\/feedproxy.google.com\/~r\/Rue89Strasbourg\/~3\/BLMFEGxUGPg\/enquete-2crsi-salaries-sideres-brutalite-direction-199376\">Chez 2CRSI, des salari\u00e9s \u00ab sid\u00e9r\u00e9s par la brutalit\u00e9 de leur direction \u00bb<\/a> (Rue89 Strasbourg)&nbsp;<\/p>\n\n\n\n<p><a href=\"https:\/\/lvsl.fr\/les-coursiers-bordelais-une-alternative-concrete-a-luberisation\/\">Les Coursiers Bordelais : une alternative concr\u00e8te \u00e0 l\u2019ub\u00e9risation<\/a> (Le Vent Se L\u00e8ve)&nbsp;<\/p>\n\n\n\n<figure class=\"wp-block-image is-resized is-style-default\"><img data-recalc-dims=\"1\" loading=\"lazy\" decoding=\"async\" src=\"https:\/\/i0.wp.com\/lvsl.fr\/wp-content\/uploads\/2021\/01\/Coursiers-Bordelais-Equipe-739x422.jpg?resize=396%2C226&#038;ssl=1\" alt=\"Des membres de la coop\u00e9rative Les Coursiers Bordelais\" width=\"396\" height=\"226\"\/><\/figure>\n\n\n\n<p><a href=\"http:\/\/www.apple.fr\">Jusqu\u2019\u00e0 30&nbsp;000&nbsp;emplois pourraient dispara\u00eetre \u00e0 l\u2019a\u00e9roport Roissy-Charles-de-Gaulle<\/a> (Le Monde)<\/p>\n\n\n\n<p><a href=\"https:\/\/lvsl.fr\/schneider-electric-on-nous-vire-pour-400-000-euros-de-benefice\/\">Schneider Electric : \u00ab On nous vire pour 400 000 euros de b\u00e9n\u00e9fice \u00bb<\/a> (Le Vent Se L\u00e8ve)&nbsp;<\/p>\n\n\n\n<p><a href=\"https:\/\/www.revolutionpermanente.fr\/Derichebourg-200000EUR-pour-des-statues-pendant-que-les-salaries-payent-les-frais-de-la-crise\">Derichebourg. 200000\u20ac pour des statues pendant que les salari\u00e9s payent les frais de la crise<\/a> (RP)<\/p>\n\n\n\n<p><a href=\"http:\/\/www.apple.fr\">Moins d&rsquo;activit\u00e9 partielle et plus de suppression d&#8217;emploi<\/a> -RH<\/p>\n\n\n\n<p><a href=\"https:\/\/www.laprovence.com\/actu\/en-direct\/6280122\/video-reforme-de-lassurance-chomage-le-gouvernement-fait-un-pari-tres-risque-estime-marylise-leon-cfdt.ht\">R\u00e9forme de l&rsquo;assurance-ch\u00f4mage : \u00ab\u00a0Le gouvernement fait un pari tr\u00e8s risqu\u00e9\u00a0\u00bb, estime Marylise L\u00e9on (CFDT)<\/a> (La Provence)<\/p>\n\n\n\n<figure class=\"wp-block-image is-resized is-style-default\"><img loading=\"lazy\" decoding=\"async\" src=\"https:\/\/scontent.fhex4-1.fna.fbcdn.net\/v\/t1.0-9\/155817145_1156175284804938_8370230619302281361_o.jpg?_nc_cat=106&amp;ccb=3&amp;_nc_sid=730e14&amp;_nc_ohc=7QdjZMfEPJEAX9ZD5YQ&amp;_nc_oc=AQmb-zyZZ6w9UvoBpeyR4E96e-jvbMtebAukqggWY3MLjxyoGuOTktxURsLHjljWRcc&amp;_nc_ht=scontent.fhex4-1.fna&amp;oh=d46de5f98c38d4bd3ef54f654bde02b3&amp;oe=606494FA\" alt=\"Peut \u00eatre une image de 1 personne et texte qui dit \u2019SLe drive POUR BIEN virer \u00e0 droite Pr\u00e9sentez-vous \u00e0 la borne avantle retrait de vos commandes oule Service apr\u00e8s-vente LEROY3 LEROY WERLIN MERLIN #R\u00c9PUBLIGRAM\u2019\" width=\"368\" height=\"368\"\/><\/figure>\n\n\n\n<p><a href=\"https:\/\/www.nouvelobs.com\/social\/20210228.OBS40772\/quelle-aide-pour-la-jeunesse-lyon-annonce-un-rsa-pecresse-lance-un-revenu-jeune-actif.html\">Quelle aide pour la jeunesse ? Lyon annonce un RSA, P\u00e9cresse lance un \u00abRevenu jeune actif&nbsp;\u00bb<\/a> (Nouvel Obs)<\/p>\n\n\n\n<p><a href=\"https:\/\/www.capital.fr\/votre-argent\/a-lyon-on-teste-un-rsa-pour-jeunes-1395267\">\u00c0 Lyon, on teste un RSA pour jeunes<\/a> (Capital)<\/p>\n\n\n\n<p><a href=\"https:\/\/www.usine-digitale.fr\/editorial\/just-eat-uber-eats-glovo-et-deliveroo-sous-le-coup-d-une-amende-de-733-millions-d-euros-en-italie.N1064764\">Just Eat, Uber Eats, Glovo et Deliveroo sous le coup d&rsquo;une amende de 733 millions d&rsquo;euros en Italie<\/a> (Usine Digitale)<\/p>\n\n\n\n<p><a href=\"https:\/\/www.revolutionpermanente.fr\/De-la-France-a-la-Tunisie-solidarite-avec-les-travailleuses-licenciees-de-Latecoere-Tunisie\">De la France \u00e0 la Tunisie, solidarit\u00e9 avec les travailleuses licenci\u00e9es de Lat\u00e9co\u00e8re Tunisie&nbsp;!<\/a> (RP)<\/p>\n\n\n\n<figure class=\"wp-block-image is-resized is-style-default\"><img data-recalc-dims=\"1\" loading=\"lazy\" decoding=\"async\" src=\"https:\/\/i0.wp.com\/www.revolutionpermanente.fr\/local\/cache-vignettes\/L653xH441\/arton24194-4cd2a.png?resize=427%2C288&#038;ssl=1\" alt=\"\" width=\"427\" height=\"288\"\/><\/figure>\n\n\n\n<p><strong><span class=\"has-inline-color has-vivid-red-color\">1er Mars<\/span><\/strong> <\/p>\n\n\n\n<p><a href=\"http:\/\/www.cafepedagogique.net\/lexpresso\/Pages\/2021\/03\/01032021Article637501796535588308.aspx\">Victoire des infirmi\u00e8res scolaires<\/a> (Caf\u00e9 P\u00e9dagogique)<\/p>\n\n\n\n<p><a href=\"https:\/\/www.boursorama.com\/actualite-economique\/actualites\/projet-hercule-les-syndicats-de-l-energie-veulent-des-solutions-alternatives-pour-l-avenir-d-edf-db5f58dab898cf974a8f76f48892dc72\">Projet Hercule : les syndicats de l&rsquo;\u00e9nergie veulent des solutions alternatives pour l&rsquo;avenir d&rsquo;EDF<\/a> (Boursorama)<\/p>\n\n\n\n<p><a href=\"https:\/\/l.facebook.com\/l.php?u=https:\/\/www.lejdd.fr\/Politique\/assurance-chomage-la-reforme-est-relancee-4028183?fbclid=IwAR3lqLIY6hapeMUfXWm3geAQNmtQeYCw6HqdA_Oh1-w7D2XZtOVToZS87fI&amp;h=AT3QfUGsioh-QLsQo4d07QcUyb1j-TT36lhWVZPte0bUGT_Y3xCAuqdTO3_C3KCd5Cfyj8EPYl_kxAuhB42ILVpeiGlSJx7qHmHZv680K8wAU77gwtsgqX8V1dMeJ_QoIoasFkE&amp;__tn__=,mH-R&amp;c%5B0%5D=AT1RcmBSAGTFt5WBVoMO6ZBm0TwUILLE3A67v3SdqQ84fj69KJGD4zEm42dLFXt6KsHudcXx4AHOvE5eD_5XpcNnRFtgVMccFFIOi0aFmwA3IBhT2Kgxy8mFjA6pYNQVeS3i-ZcpM6H8SPzQP9-icaUfVsJaTGhVYwAyriFl_lf4vcs\">&nbsp;La r\u00e9forme de l&rsquo;assurance ch\u00f4mage est relanc\u00e9e : 40% des demandeurs risquent de voir leurs droits diminuer&nbsp;<\/a> (JDD)<\/p>\n\n\n\n<p><a href=\"https:\/\/www.lecrieur.net\/la-solidarite-populaire-a-ses-brigades\/\">La solidarit\u00e9 populaire a ses brigades<\/a> (Le Crieur de la Villeneuve)&nbsp;<\/p>\n\n\n\n<p><a href=\"https:\/\/www.humanite.fr\/38-pages-accablantes-contre-dpd-le-numero-2-europeen-du-transport-de-colis-700732#xtor=RSS-1\">38 pages accablantes contre DPD, le num\u00e9ro 2 europ\u00e9en du transport de colis<\/a> (L\u2019Humanit\u00e9)&nbsp;<\/p>\n\n\n\n<p><a href=\"https:\/\/www.facebook.com\/groups\/syndicatSolidaires\/?multi_permalinks=10157987429676616&amp;notif_id=1614445211976977&amp;notif_t=group_highlights&amp;ref=notif\">Gr\u00e8ve f\u00e9ministe du&nbsp;8 mars, conf\u00e9rence de presse<\/a> &nbsp;(Solidaire, FB)<\/p>\n\n\n\n<p id=\"block-e2773534-a2f0-4a36-8bb5-fcaacbcb3f12\"><a href=\"https:\/\/www.humanite.fr\/transport-et-logistique-les-chauffeurs-livreurs-en-guerre-contre-le-systeme-dpd-700732#xtor=RSS-1\">Transport et logistique. Les chauffeurs-livreurs en guerre contre le \u00ab syst\u00e8me DPD \u00bb<\/a> (L\u2019Humanit\u00e9)&nbsp;<\/p>\n\n\n\n<p id=\"block-93242e0e-ff2c-49cf-b982-59d6735f5564\"><a href=\"https:\/\/www.boursorama.com\/actualite-economique\/actualites\/prolongation-de-l-indemnisation-des-chomeurs-en-fin-de-droits-jusqu-a-fin-mars-e383243cc8ac7d103989512f722ef49a\">Prolongation de l&rsquo;indemnisation des ch\u00f4meurs en fin de droits jusqu&rsquo;\u00e0 fin mars<\/a> (AFP)<\/p>\n\n\n\n<p id=\"block-0dd67650-e141-49a8-98a7-8c1ce724ab7f\"><a href=\"https:\/\/www.humanite.fr\/la-chronique-juridique-daline-chanu-la-depression-reconnue-comme-accident-du-travail-700726#xtor=RSS-1\">La chronique juridique d&rsquo;Aline Chanu. La d\u00e9pression reconnue comme accident du travail<\/a> (L\u2019Humanit\u00e9)<\/p>\n\n\n\n<p id=\"block-37c71c2a-404f-4d3c-82f2-198c2168a52f\"><a href=\"https:\/\/www.revolutionpermanente.fr\/Mirail-Les-societes-de-nettoyage-changent-les-conditions-de-travail-restent-desastreuses\">Mirail. Les soci\u00e9t\u00e9s de nettoyage changent, les conditions de travail restent d\u00e9sastreuses<\/a> (RP)<\/p>\n\n\n\n<figure class=\"wp-block-image is-resized is-style-default\"><img loading=\"lazy\" decoding=\"async\" src=\"https:\/\/scontent.fsti4-2.fna.fbcdn.net\/v\/t1.0-0\/p526x296\/155817145_1156175284804938_8370230619302281361_o.jpg?_nc_cat=106&amp;ccb=3&amp;_nc_sid=730e14&amp;_nc_ohc=7QdjZMfEPJEAX9ZD5YQ&amp;_nc_oc=AQmb-zyZZ6w9UvoBpeyR4E96e-jvbMtebAukqggWY3MLjxyoGuOTktxURsLHjljWRcc&amp;_nc_ht=scontent.fsti4-2.fna&amp;tp=6&amp;oh=ac3c061283e4bf64f7fa98bd13d0a52e&amp;oe=60620F17\" alt=\"Peut \u00eatre une image de 1 personne et texte qui dit \u2019SLe drive POUR BIEN virer \u00e0 droite Pr\u00e9sentez-vous \u00e0 la borne avantle retrait de vos commandes oule Service apr\u00e8s-vente LEROY3 LEROY WERLIN MERLIN #R\u00c9PUBLIGRAM\u2019\" width=\"374\" height=\"374\"\/><\/figure>\n\n\n\n<p><\/p>\n","protected":false},"excerpt":{"rendered":"<p>31 Mars en continu Intervention de Victor Mendes&nbsp; au rassemblement pour les camarades de Biocoop -vid\u00e9o &nbsp;\u00ab\u00a0Pas de b\u00e9b\u00e9 \u00e0 la consigne !\u00a0\u00bb : une gr\u00e8ve massive dans les cr\u00e8ches de Lyon ce mardi (Lyon Mag) Grenoble : les professionnels de la petite enfance en gr\u00e8ve contre le projet Taquet ( Place Gre\u2019net) Le pr\u00e9fet &#8230; <a title=\"Mars &#8211; Social\" class=\"read-more\" href=\"https:\/\/www.rdpemancipation.org\/?p=18228\" aria-label=\"En savoir plus sur Mars &#8211; Social\">Lire la suite<\/a><\/p>\n","protected":false},"author":2,"featured_media":0,"comment_status":"closed","ping_status":"closed","sticky":false,"template":"","format":"standard","meta":{"_lmt_disableupdate":"no","_lmt_disable":"no","_jetpack_memberships_contains_paid_content":false,"footnotes":""},"categories":[8],"tags":[],"class_list":["post-18228","post","type-post","status-publish","format-standard","hentry","category-social"],"modified_by":"jmb","jetpack_featured_media_url":"","jetpack_sharing_enabled":true,"_links":{"self":[{"href":"https:\/\/www.rdpemancipation.org\/index.php?rest_route=\/wp\/v2\/posts\/18228","targetHints":{"allow":["GET"]}}],"collection":[{"href":"https:\/\/www.rdpemancipation.org\/index.php?rest_route=\/wp\/v2\/posts"}],"about":[{"href":"https:\/\/www.rdpemancipation.org\/index.php?rest_route=\/wp\/v2\/types\/post"}],"author":[{"embeddable":true,"href":"https:\/\/www.rdpemancipation.org\/index.php?rest_route=\/wp\/v2\/users\/2"}],"replies":[{"embeddable":true,"href":"https:\/\/www.rdpemancipation.org\/index.php?rest_route=%2Fwp%2Fv2%2Fcomments&post=18228"}],"version-history":[{"count":159,"href":"https:\/\/www.rdpemancipation.org\/index.php?rest_route=\/wp\/v2\/posts\/18228\/revisions"}],"predecessor-version":[{"id":23405,"href":"https:\/\/www.rdpemancipation.org\/index.php?rest_route=\/wp\/v2\/posts\/18228\/revisions\/23405"}],"wp:attachment":[{"href":"https:\/\/www.rdpemancipation.org\/index.php?rest_route=%2Fwp%2Fv2%2Fmedia&parent=18228"}],"wp:term":[{"taxonomy":"category","embeddable":true,"href":"https:\/\/www.rdpemancipation.org\/index.php?rest_route=%2Fwp%2Fv2%2Fcategories&post=18228"},{"taxonomy":"post_tag","embeddable":true,"href":"https:\/\/www.rdpemancipation.org\/index.php?rest_route=%2Fwp%2Fv2%2Ftags&post=18228"}],"curies":[{"name":"wp","href":"https:\/\/api.w.org\/{rel}","templated":true}]}}