{"id":18226,"date":"2021-03-01T09:48:32","date_gmt":"2021-03-01T08:48:32","guid":{"rendered":"https:\/\/www.rdpemancipation.org\/?p=18226"},"modified":"2021-04-01T11:04:40","modified_gmt":"2021-04-01T09:04:40","slug":"mars-politique","status":"publish","type":"post","link":"https:\/\/www.rdpemancipation.org\/?p=18226","title":{"rendered":"Mars &#8211; Politique"},"content":{"rendered":"\n<p><span class=\"has-inline-color has-vivid-red-color\"><strong>31 mars en continu<\/strong><\/span><\/p>\n\n\n\n<p><a href=\"https:\/\/www.boursorama.com\/actualite-economique\/actualites\/aide-aux-migrants-relaxe-definitive-pour-le-militant-cedric-herrou-cf3aafeaba78719bde51b7c1ed0bfeed\">Aide aux migrants: relaxe d\u00e9finitive pour le militant C\u00e9dric Herrou<\/a> (AFP)<\/p>\n\n\n\n<p><a href=\"https:\/\/rue89bordeaux.com\/2021\/03\/retrait-de-la-loi-separatisme-declaration-du-mouvement-associatif-et-syndical-a-bordeaux\/\">Retrait de la \u00ab loi s\u00e9paratisme \u00bb : d\u00e9claration du mouvement associatif et syndical \u00e0 Bordeaux<\/a> (Rue89 Bordeaux)<\/p>\n\n\n\n<p><a href=\"https:\/\/www.boursorama.com\/actualite-economique\/actualites\/france-debat-et-vote-jeudi-au-parlement-sur-la-situation-sanitaire-selon-matignon-2c06b83ba8e067e951ac3448c393622e\">France: D\u00e9bat et vote jeudi au Parlement sur la situation sanitaire, selon Matignon<\/a>&nbsp; (Reuters)<\/p>\n\n\n\n<p><a href=\"https:\/\/reporterre.net\/Convention-pour-le-climat-seules-10-des-propositions-ont-ete-reprises-par-le-gouvernement\">Convention pour le climat&nbsp;: seules 10&nbsp;% des propositions ont \u00e9t\u00e9 reprises par le gouvernement<\/a> (Reporterre)<\/p>\n\n\n\n<p><a href=\"https:\/\/www.frustrationmagazine.fr\/onfray\/\">Michel Onfray : le petit p\u00e8re du peuple bourgeois<\/a> (Frustration )<\/p>\n\n\n\n<figure class=\"wp-block-image is-resized is-style-default\"><img data-recalc-dims=\"1\" loading=\"lazy\" decoding=\"async\" src=\"https:\/\/i0.wp.com\/lanticapitaliste.org\/sites\/default\/files\/whatsapp-image-2021-03-30-at-11.13.30.jpeg?resize=508%2C289&#038;ssl=1\" alt=\"\" width=\"508\" height=\"289\"\/><\/figure>\n\n\n\n<p><a href=\"http:\/\/www.contretemps.eu\/fourier-revolutionnaire-brut-simone-debout\/\">Un r\u00e9volutionnaire brut : Charles Fourier. Un texte de Simone Debout<\/a> (Contretemps)<\/p>\n\n\n\n<p><a href=\"https:\/\/theconversation.com\/ia-et-democratie-participative-comment-les-reponses-au-grand-debat-national-ont-elles-ete-analysees-158158\">IA et d\u00e9mocratie participative : comment les r\u00e9ponses au grand d\u00e9bat national ont-elles \u00e9t\u00e9 analys\u00e9es ?<\/a> (The Conversation)<\/p>\n\n\n\n<p><a href=\"http:\/\/www.contretemps.eu\/journal-commune-31-mars-1871\/\">La Commune au jour le jour. 31 mars 1871<\/a> (Contretemps)&nbsp;<\/p>\n\n\n\n<figure class=\"wp-block-image is-resized is-style-default\"><img data-recalc-dims=\"1\" loading=\"lazy\" decoding=\"async\" src=\"https:\/\/i0.wp.com\/www.contretemps.eu\/wp-content\/uploads\/31-mars-2.jpeg?resize=508%2C285\" alt=\"\" width=\"508\" height=\"285\"\/><\/figure>\n\n\n\n<p><span class=\"has-inline-color has-vivid-red-color\"><strong>30 mars en continu<\/strong><\/span><\/p>\n\n\n\n<figure class=\"wp-block-image is-resized is-style-default\"><img data-recalc-dims=\"1\" loading=\"lazy\" decoding=\"async\" src=\"https:\/\/i0.wp.com\/static.mediapart.fr\/etmagine\/default\/files\/2021\/03\/30\/sarkron.jpg?resize=329%2C445&#038;ssl=1\" alt=\"Sarkron\" width=\"329\" height=\"445\"\/><\/figure>\n\n\n\n<p><a href=\"http:\/\/www.regards.fr\/politique\/article\/tribune-depuis-quand-accepte-t-on-que-les-brevets-de-republicanisme-soient\">Depuis quand accepte-t-on que les brevets de r\u00e9publicanisme soient d\u00e9cern\u00e9s par la droite et l&rsquo;extr\u00eame droite ?<\/a>   (Regards)<\/p>\n\n\n\n<p><a href=\"http:\/\/www.regards.fr\/politique\/societe\/article\/les-reunions-non-mixtes-dangereuses-voire-quasi-fascistes-dites-le-aussi-aux\">\u00ab Dangereuses \u00bb voire quasi \u00ab fascistes \u00bb les r\u00e9unions non-mixtes ? Dites-le aux Am\u00e9ricains !<\/a> (Regards)<\/p>\n\n\n\n<p><a href=\"https:\/\/reporterre.net\/Rep-Ce-que-vous-decidez-de-ne-pas-faire-dans-l-Hemicycle-la-bataille-du-climat-est-lancee\">Loi Climat \u00e0 l&rsquo;Assembl\u00e9e&nbsp;: \u00ab&nbsp;L&rsquo;obstacle, c&rsquo;est le capitalisme&nbsp;\u00bb<\/a> par Alexandre-Reza Kokabi (Reporterre)<\/p>\n\n\n\n<p><a href=\"https:\/\/www.humanite.fr\/separatisme-la-droite-entre-surenchere-et-divisions-702092#xtor=RSS-1\">S\u00e9paratisme. La droite, entre surench\u00e8re et divisions<\/a> par Aur\u00e9lien Soucheyre (L\u2019Humanit\u00e9)<\/p>\n\n\n\n<p><a href=\"https:\/\/www.humanite.fr\/separatisme-un-texte-dangereux-selon-la-commission-nationale-consultative-des-droits-de-lhomme#xtor=RSS-1\">S\u00e9paratisme. Un texte \u00ab dangereux \u00bb, selon la Commission nationale consultative des droits de l\u2019homme<\/a>  (L\u2019Humanit\u00e9<\/p>\n\n\n\n<p><a href=\"https:\/\/www.humanite.fr\/separatisme-gerald-darmanin-premier-pyromane-au-service-de-lelysee-702091#xtor=RSS-1\">\u00ab S\u00e9paratisme \u00bb. G\u00e9rald Darmanin, premier pyromane au service de l\u2019\u00c9lys\u00e9e<\/a> (L\u2019Humanit\u00e9)<\/p>\n\n\n\n<p><a href=\"https:\/\/www.boursorama.com\/actualite-economique\/actualites\/proportionnelle-taxe-sur-les-profiteurs-de-crise-lfi-avance-ses-sujets-a-l-assemblee-13bf386e81d813e994a49fff2557acfe\">Proportionnelle, \u00ab\u00a0taxe sur les profiteurs de crise\u00a0\u00bb: LFI avance ses sujets \u00e0 l&rsquo;Assembl\u00e9e<\/a> (AFP)<\/p>\n\n\n\n<p><a href=\"http:\/\/www.contretemps.eu\/chomage-economie-garantie-emploi-depassement-capitalisme\/\">La garantie d\u2019emploi, un outil au potentiel r\u00e9volutionnaire<\/a> (Contretemps)<\/p>\n\n\n\n<p><a href=\"https:\/\/www.mediapart.fr\/journal\/culture-idees\/300321\/l-eco-republicanisme-existe-serge-audier-l-theorise\">L\u2019\u00e9co-r\u00e9publicanisme existe, Serge Audier l\u2019a th\u00e9oris\u00e9<\/a> &#8211; Fabien Escalona (M\u00e9diapart)<\/p>\n\n\n\n<figure class=\"wp-block-image is-resized is-style-default\"><img loading=\"lazy\" decoding=\"async\" src=\"https:\/\/scontent.fsti4-2.fna.fbcdn.net\/v\/t1.0-9\/166819170_10159538958668478_2029532218780694517_n.jpg?_nc_cat=102&amp;ccb=1-3&amp;_nc_sid=dbeb18&amp;_nc_ohc=ptiGVpqgBm8AX9fuBV2&amp;_nc_ht=scontent.fsti4-2.fna&amp;oh=37195ccf67a5db76931cb40e28daa881&amp;oe=60884901\" alt=\"Peut \u00eatre une image de texte\" width=\"416\" height=\"284\"\/><\/figure>\n\n\n\n<p><a href=\"https:\/\/info.mediapart.fr\/optiext\/optiextension.dll?ID=hLKhKrZRz3dgWGRjOhTm2sY5MLUWg8Buv7nlqtHub_Y0wYfxoSHwRecDYm5owZrSyUBIsPQSs4ttF83tMGmxvEa9qO1xi\">La fausse affaire contre le PNF vire au vrai scandale Castex<\/a> (MDP)<\/p>\n\n\n\n<p><a href=\"https:\/\/info.mediapart.fr\/optiext\/optiextension.dll?ID=hLKhKAZ47ykaTJHmcP5m%2BygJ9PikiumWQboUZNuEUaIUnWAxpOdvcb5XY6oH%2BsiTvWCixgJT3YPMF6JNDn4BeUhxgVEF5\">La col\u00e8re des d\u00e9\u00e7us du macronisme<\/a> (MDP)<\/p>\n\n\n\n<p><a href=\"http:\/\/www.contretemps.eu\/journal-commune-29-mars-1871\/\">La Commune au jour le jour. Mercredi 29 mars 1871<\/a> (Contretemps )<\/p>\n\n\n\n<p><a href=\"https:\/\/blogs.mediapart.fr\/jean-marc-b\/blog\/290321\/la-memoire-de-la-commune-par-lenine\">\u00c0 la m\u00e9moire de la Commune<\/a> -L\u00e9nine<\/p>\n\n\n\n<figure class=\"wp-block-image is-resized is-style-default\"><img data-recalc-dims=\"1\" loading=\"lazy\" decoding=\"async\" src=\"https:\/\/i0.wp.com\/i.pinimg.com\/originals\/00\/dd\/cb\/00ddcbf876910b0fec9861dbf8fa3174.jpg?resize=322%2C322&#038;ssl=1\" alt=\"https:\/\/i.pinimg.com\/originals\/00\/dd\/cb\/00ddcbf876910b0fec9861dbf8fa3174.jpg\" width=\"322\" height=\"322\"\/><\/figure>\n\n\n\n<p><span class=\"has-inline-color has-vivid-red-color\"><strong>29 mars en continu<\/strong><\/span><\/p>\n\n\n\n<p><a href=\"https:\/\/www.franceculture.fr\/emissions\/series\/europe-quand-la-gauche-se-cherche-un-avenir\" title=\"https:\/\/www.franceculture.fr\/emissions\/series\/europe-quand-la-gauche-se-cherche-un-avenir\" target=\"_blank\" rel=\"noreferrer noopener\">Europe : quand la gauche se cherche un avenir<\/a> (s\u00e9rie de 4 \u00e9missions, France-Culture)<\/p>\n\n\n\n<p><a href=\"https:\/\/www.franceculture.fr\/emissions\/linvitee-des-matins\/genocide-des-tutsis-le-rapport-de-la-commission-des-historiens-sur-le-rwanda-avec-vincent-duclert\" target=\"_blank\" rel=\"noreferrer noopener\" title=\"https:\/\/www.franceculture.fr\/emissions\/linvitee-des-matins\/genocide-des-tutsis-le-rapport-de-la-commission-des-historiens-sur-le-rwanda-avec-vincent-duclert\">G\u00e9nocide des Tutsi : le rapport de la commission des historiens sur le Rwanda, avec Vincent Duclert.<\/a> (France-Culture)<\/p>\n\n\n\n<p><a href=\"https:\/\/reporterre.net\/Manifestation-loi-Climat-On-ne-veut-pas-que-des-miettes\">Loi Climat&nbsp;: les manifestants ne veulent pas \u00ab&nbsp;que des miettes&nbsp;\u00bb<\/a> (Reporterre)<\/p>\n\n\n\n<p><a href=\"https:\/\/www.mediapart.fr\/journal\/france\/290321\/les-marches-pour-le-climat-s-affirment-comme-mouvement-social\">\u00abLes marches pour le climat s\u2019affirment comme mouvement social\u00bb<\/a> (M\u00e9diapart)<\/p>\n\n\n\n<p><a href=\"https:\/\/www.confederationpaysanne.fr\/rp_article.php?id=11282\">Les paysan.nes mobilis\u00e9.es pour exiger des d\u00e9put\u00e9.es une vraie loi climat<\/a> (Conf\u00e9d\u00e9ration Paysanne)<\/p>\n\n\n\n<p><a href=\"http:\/\/www.regards.fr\/politique\/article\/edito-polemiques-a-gauche-l-ombre-de-manuel-valls\">Pol\u00e9miques \u00e0 gauche : l&rsquo;ombre de Manuel Valls<\/a> par Pierre Jacquemain (Regards)<\/p>\n\n\n\n<p><a href=\"https:\/\/www.humanite.fr\/quand-toutes-les-droites-sen-prennent-audrey-pulvar-702066#xtor=RSS-1\">Quand toutes les droites s\u2019en prennent \u00e0 Audrey Pulvar<\/a> (L\u2019Humanit\u00e9)<\/p>\n\n\n\n<p><a href=\"https:\/\/lundi.am\/Sur-l-approfondissement-et-la-complementarite-de-supposees-divergences-dans-le\">Approfondissement et compl\u00e9mentarit\u00e9 de suppos\u00e9es divergences dans le mouvement des occupations <\/a>(Lundi Matin)<\/p>\n\n\n\n<p><a href=\"https:\/\/lundi.am\/Art-et-politique-destins-croises\">Art et politique&nbsp;: destins crois\u00e9s<\/a> -Olivier Long<\/p>\n\n\n\n<figure class=\"wp-block-image size-large is-resized is-style-default\"><img data-recalc-dims=\"1\" loading=\"lazy\" decoding=\"async\" src=\"https:\/\/i0.wp.com\/www.rdpemancipation.org\/wp-content\/uploads\/2021\/03\/image-164.png?resize=340%2C511&#038;ssl=1\" alt=\"\" class=\"wp-image-22773\" width=\"340\" height=\"511\" srcset=\"https:\/\/i0.wp.com\/www.rdpemancipation.org\/wp-content\/uploads\/2021\/03\/image-164.png?w=399&amp;ssl=1 399w, https:\/\/i0.wp.com\/www.rdpemancipation.org\/wp-content\/uploads\/2021\/03\/image-164.png?resize=200%2C300&amp;ssl=1 200w\" sizes=\"auto, (max-width: 340px) 100vw, 340px\" \/><\/figure>\n\n\n\n<p><a href=\"https:\/\/lundi.am\/Internet-et-ideologie\">Internet, ann\u00e9e z\u00e9ro &#8211; De la Silicon Valley \u00e0 la Chine<\/a> -Entretien Jonathan Bourguignon<\/p>\n\n\n\n<p><a href=\"https:\/\/lundi.am\/Repression-des-Gilets-Jaunes\">R\u00e9pression des Gilets Jaunes qui se revendiquent de l\u2019h\u00e9ritage de la Commune et r\u00e9occupent les ronds-points<\/a> (Lundi Matin)<\/p>\n\n\n\n<figure class=\"wp-block-image size-large is-resized is-style-default\"><img data-recalc-dims=\"1\" loading=\"lazy\" decoding=\"async\" src=\"https:\/\/i0.wp.com\/www.rdpemancipation.org\/wp-content\/uploads\/2021\/03\/Capture-decran-2021-03-29-a-11.23.32.png?resize=344%2C517&#038;ssl=1\" alt=\"\" class=\"wp-image-22819\" width=\"344\" height=\"517\" srcset=\"https:\/\/i0.wp.com\/www.rdpemancipation.org\/wp-content\/uploads\/2021\/03\/Capture-decran-2021-03-29-a-11.23.32.png?w=324&amp;ssl=1 324w, https:\/\/i0.wp.com\/www.rdpemancipation.org\/wp-content\/uploads\/2021\/03\/Capture-decran-2021-03-29-a-11.23.32.png?resize=200%2C300&amp;ssl=1 200w\" sizes=\"auto, (max-width: 344px) 100vw, 344px\" \/><\/figure>\n\n\n\n<p><a href=\"https:\/\/www.mediapart.fr\/journal\/france\/290321\/la-colere-des-decus-du-macronisme\">La col\u00e8re des d\u00e9\u00e7us du macronisme<\/a> (M\u00e9diapart)&nbsp;<\/p>\n\n\n\n<p><a href=\"http:\/\/www.regards.fr\/politique\/article\/a-quoi-joue-marlene-schiappa\">\u00c0 quoi joue Marl\u00e8ne Schiappa ?<\/a> par Lo\u00efc Le Clerc (Regards)<\/p>\n\n\n\n<p><a href=\"https:\/\/ricochets.cc\/La-question-ecologique-est-surtout-une-question-economique-politique-et-sociale.html\">La question \u00e9cologique est surtout une question \u00e9conomique, politique et sociale<\/a> -Les Indiens du Futur (Ricochets)<\/p>\n\n\n\n<p><a href=\"https:\/\/www.boursorama.com\/actualite-economique\/actualites\/la-francaise-agnes-callamard-nommee-a-la-tete-d-amnesty-international-1df62e1e0f3c791444ce7633b8a92e20\">La Fran\u00e7aise Agn\u00e8s Callamard nomm\u00e9e \u00e0 la t\u00eate d&rsquo;Amnesty International<\/a> (AFP)<\/p>\n\n\n\n<p><a href=\"https:\/\/www.boursorama.com\/actualite-economique\/actualites\/a-bordeaux-une-marche-festive-contre-le-saccage-des-propositions-de-la-convention-climat-ff440d87ef8fb7272fe5b56bd8f15d00\">A Bordeaux, une marche festive contre le \u00ab\u00a0saccage\u00a0\u00bb des propositions de la Convention climat<\/a> (AFP)<\/p>\n\n\n\n<figure class=\"wp-block-image size-large is-resized is-style-default\"><img data-recalc-dims=\"1\" loading=\"lazy\" decoding=\"async\" src=\"https:\/\/i0.wp.com\/www.rdpemancipation.org\/wp-content\/uploads\/2021\/03\/image-172.png?resize=415%2C247&#038;ssl=1\" alt=\"\" class=\"wp-image-22794\" width=\"415\" height=\"247\"\/><\/figure>\n\n\n\n<p><a href=\"https:\/\/www.boursorama.com\/actualite-economique\/actualites\/forte-mobilisation-en-france-pour-une-vraie-loi-climat-a-la-veille-de-l-examen-au-parlement-6648948131857044217695aa7705bfcc\">\u00ab\u00a0Forte mobilisation\u00a0\u00bb en France pour une \u00ab\u00a0vraie loi climat\u00a0\u00bb, \u00e0 la veille de l&rsquo;examen au Parlement<\/a> (AFP)<\/p>\n\n\n\n<figure class=\"wp-block-image is-resized is-style-default\"><img loading=\"lazy\" decoding=\"async\" src=\"https:\/\/scontent.fsti4-1.fna.fbcdn.net\/v\/t1.0-0\/p180x540\/165828617_1173514846404315_1646018935112552658_o.jpg?_nc_cat=109&amp;ccb=1-3&amp;_nc_sid=730e14&amp;_nc_ohc=Iqhmqy0UxKAAX_2C2SP&amp;_nc_ht=scontent.fsti4-1.fna&amp;tp=6&amp;oh=6c6bb2d18ba88c0d3acf5a473e88340c&amp;oe=6084DAB3\" alt=\"Peut \u00eatre une image de une personne ou plus, personnes debout et plein air\" width=\"423\" height=\"281\"\/><\/figure>\n\n\n\n<p><a href=\"https:\/\/www.anti-k.org\/2021\/03\/28\/ag-de-gilets-jaunes-a-montpellier-ils-veulent-nous-faire-taire-nous-allons-recommencer-a-louvrir\/\">AG de GJ Montpellier : \u00ab&nbsp;Ils veulent nous faire taire, nous allons recommencer \u00e0 l\u2019ouvrir&nbsp;\u00bb <\/a>(Anti-K)<\/p>\n\n\n\n<p><a href=\"https:\/\/info.mediapart.fr\/optiext\/optiextension.dll?ID=jRQjSDvGP2AiWAka3knfCXx%2BapnAIpZXfVzzfF0O0t95mlm5a0zBINnV6OpNgWCEeOFfZS%2BmEbT2vtWgdY9mxQaIun1j6\">Emmanuel Macron, Mcfly et Carlito, et la mauvaise foi sartrienne<\/a> &#8211; Petrus Borel<\/p>\n\n\n\n<figure class=\"wp-block-image is-resized is-style-default\"><img loading=\"lazy\" decoding=\"async\" src=\"https:\/\/scontent.fsti4-2.fna.fbcdn.net\/v\/t1.0-9\/166439146_1173289299760203_3511714630720272670_n.png?_nc_cat=102&amp;ccb=1-3&amp;_nc_sid=730e14&amp;_nc_ohc=SK5xf1F-x8EAX9LbNfi&amp;_nc_ht=scontent.fsti4-2.fna&amp;oh=c1fe174acac126e7f1d8a13b3a476996&amp;oe=6086E15F\" alt=\"Peut \u00eatre une image de texte qui dit \u2019MACRON ASSUME SON CAP AUCUN MEA CULPA AUCUN CONSTAT D'ECHEC Marche! En\u2019\" width=\"281\" height=\"351\"\/><\/figure>\n\n\n\n<p><a href=\"https:\/\/blogs.mediapart.fr\/jean-marc-b\/blog\/280321\/129-theatres-et-lieux-de-culture-occupes-ou-mobilises-et-beaucoup-plus-encore\">129 th\u00e9\u00e2tres et lieux de culture occup\u00e9s ou mobilis\u00e9s et beaucoup plus encore&#8230; <\/a>(Luttes Invisibl<\/p>\n\n\n\n<p><a href=\"https:\/\/www.humanite.fr\/occupons-la-culture-monte-le-son-matignon-reste-sourd-702034#xtor=RSS-1\">#occupons. La culture monte le son, Matignon reste sourd<\/a> (L\u2019Humanit\u00e9)<\/p>\n\n\n\n<figure class=\"wp-block-image is-resized is-style-default\"><img loading=\"lazy\" decoding=\"async\" src=\"https:\/\/scontent.fsti4-2.fna.fbcdn.net\/v\/t1.6435-9\/165754534_278520397184593_9114556255253887985_n.jpg?_nc_cat=101&amp;ccb=1-3&amp;_nc_sid=dbeb18&amp;_nc_ohc=DTt2cMmig-gAX-lytm0&amp;_nc_ht=scontent.fsti4-2.fna&amp;oh=a25f772dacd3257c5c7f78c793b32b31&amp;oe=6086EA62\" alt=\"Peut \u00eatre une image en noir et blanc de texte qui dit \u2019GOUVERNE MENT I D A \u12e80t NEPN U N 1 I N U G T &amp; R L E E X bsaz\u2019\" width=\"297\" height=\"446\"\/><\/figure>\n\n\n\n<p><a href=\"https:\/\/rebellyon.info\/Solidarite-avec-l-UCL-23023\">Solidarit\u00e9 avec l&rsquo;UCL<\/a> (Rebellyon)<\/p>\n\n\n\n<p><a href=\"https:\/\/blogs.mediapart.fr\/jean-marc-b\/blog\/280321\/prologue-de-abattre-lennemi-ecrit-et-lu-par-juan-branco\">Prologue de \u00ab\u00a0Abattre l&rsquo;ennemi\u00a0\u00bb <\/a>&#8211; \u00e9crit et lu par Juan Branco<\/p>\n\n\n\n<p><a href=\"https:\/\/blogs.mediapart.fr\/jean-marc-b\/blog\/280321\/abattre-l-ennemi-nouvel-ouvrage-de-juan-branco\">Abattre l\u2019ennemi: nouvel ouvrage de Juan Branco <\/a>(Editions Robert Laf<\/p>\n\n\n\n<figure class=\"wp-block-image is-resized is-style-default\"><img loading=\"lazy\" decoding=\"async\" src=\"https:\/\/i1.wp.com\/www.anti-k.org\/wp-content\/uploads\/2021\/03\/climat.jpg?resize=678%2C381&amp;ssl=1\" alt=\"\" width=\"421\" height=\"236\" title=\"climat\"\/><\/figure>\n\n\n\n<p><span class=\"has-inline-color has-vivid-red-color\"><strong>28 mars en continu<\/strong><\/span><\/p>\n\n\n\n<p><a href=\"https:\/\/www.boursorama.com\/actualite-economique\/actualites\/a-toulouse-plus-d-un-millier-de-personnes-marchent-pour-le-climat-en-chantant-081c54088b92f0b2e584bbf968d18fb2\">A Toulouse, plus d&rsquo;un millier de personnes marchent pour le climat en chantant<\/a> (AFP)<\/p>\n\n\n\n<p><a href=\"https:\/\/www.anti-k.org\/2021\/03\/27\/flashmob-a-saint-antonin-noble-val\/\">Flashmob \u00e0 Saint Antonin Noble Val !&nbsp;<\/a> (Anti-K)<\/p>\n\n\n\n<p><a href=\"https:\/\/www.anti-k.org\/2021\/03\/27\/covid-19-des-flashmobs-non-masques-se-multiplient-contre-les-mesures-sanitaires\/\">Covid-19: des flashmobs non masqu\u00e9s se multiplient contre les mesures sanitaires <\/a>(Anti-K)<\/p>\n\n\n\n<p><a href=\"https:\/\/www.anti-k.org\/2021\/03\/28\/manifestation-arts-vivants-culture-vitale\/\">Manifestation \u00ab&nbsp;Arts Vivants, Culture Vitale&nbsp;\u00bb <\/a>(Anti-k)<\/p>\n\n\n\n<p><a href=\"https:\/\/www.anti-k.org\/2021\/03\/28\/les-deputes-m-orphelin-et-d-batho-presentent-leur-vraie-loi-climat\/\">Les d\u00e9put\u00e9s M.&nbsp;Orphelin et D. Batho pr\u00e9sentent leur \u00ab&nbsp;vraie loi Climat&nbsp;\u00bb <\/a>(Reporterre)<\/p>\n\n\n\n<p><a href=\"https:\/\/www.boursorama.com\/actualite-economique\/actualites\/audrey-pulvar-fait-polemique-en-jugeant-qu-on-peut-demander-aux-blancs-de-se-taire-lors-d-une-reunion-non-mixte-e4ad722f029379df08238949d4e27d57\">Audrey Pulvar fait pol\u00e9mique en jugeant qu&rsquo;on peut demander aux Blancs \u00ab\u00a0de se taire\u00a0\u00bb lors d&rsquo;une r\u00e9union non-mixte<\/a> (AFP)<\/p>\n\n\n\n<p><a href=\"https:\/\/www.boursorama.com\/actualite-economique\/actualites\/reunions-non-mixtes-xavier-bertrand-declare-la-guerre-a-l-unef-876ca0a2b1db61bacfc2ba4e96a7d807\">R\u00e9unions non mixtes&nbsp;: Xavier Bertrand d\u00e9clare la guerre \u00e0 l&rsquo;Unef<\/a>&nbsp; (Le Point)<\/p>\n\n\n\n<p><a href=\"https:\/\/blogs.mediapart.fr\/jean-marc-b\/blog\/280321\/prologue-de-abattre-lennemi-ecrit-et-lu-par-juan-branco\">Prologue de \u00ab\u00a0Abattre l&rsquo;ennemi\u00a0\u00bb &#8211; \u00e9crit et lu par Juan Branco&nbsp;<\/a><\/p>\n\n\n\n<figure class=\"wp-block-image is-resized is-style-default\"><img loading=\"lazy\" decoding=\"async\" src=\"https:\/\/scontent.fsti4-1.fna.fbcdn.net\/v\/t1.0-0\/p526x296\/165952232_1337693159936000_86066554223315832_o.jpg?_nc_cat=108&amp;ccb=1-3&amp;_nc_sid=730e14&amp;_nc_ohc=sT-LGqVpYKIAX-DeiC6&amp;_nc_ht=scontent.fsti4-1.fna&amp;tp=6&amp;oh=1e64c30828f717253194a7e1b500e40c&amp;oe=6085F6A0\" alt=\"Peut \u00eatre une image de l\u2019Arc de Triomphe et plein air\" width=\"327\" height=\"581\"\/><\/figure>\n\n\n\n<p><a href=\"https:\/\/blogs.mediapart.fr\/jean-marc-b\/blog\/280321\/abattre-l-ennemi-nouvel-ouvrage-de-juan-branco\">Abattre l\u2019ennemi: nouvel ouvrage de Juan Branco <\/a>(Editions Michel Lafon)<\/p>\n\n\n\n<p><a href=\"https:\/\/www.boursorama.com\/actualite-economique\/actualites\/scandale-du-mediator-ce-qui-est-reproche-aux-prevenus-a8c39d0a12b1c66f4f738107e92e933f\">Scandale du Mediator: ce qui est reproch\u00e9 aux pr\u00e9venus<\/a> (AFP)<\/p>\n\n\n\n<p><a href=\"https:\/\/www.mediapart.fr\/journal\/france\/280321\/le-republicanisme-au-service-de-l-emancipation\">Le r\u00e9publicanisme au service de l\u2019\u00e9mancipation<\/a> (M\u00e9diapart)<\/p>\n\n\n\n<p><a href=\"http:\/\/www.france-irak-actualite.com\/2021\/03\/libres-propos-alain-juillet-ancien-directeur-du-renseignement-a-la-dgse.html\">Libres propos : Alain Juillet, ancien directeur du renseignement \u00e0 la DGSE<\/a> (France-Irak actualit\u00e9)<\/p>\n\n\n\n<p><a href=\"http:\/\/alencontre.org\/economie\/histoire-economie-j-a-hobson-un-precurseur-de-lheterodoxie-1.html\">Histoire-Economie. J. A. Hobson, un pr\u00e9curseur de l\u2019h\u00e9t\u00e9rodoxie (1) <\/a>-Michel Husson<\/p>\n\n\n\n<p><a href=\"http:\/\/alencontre.org\/economie\/histoire-economie-j-a-hobson-un-precurseur-de-lheterodoxie-2.html\">Histoire-Economie. J. A. Hobson, un pr\u00e9curseur de l\u2019h\u00e9t\u00e9rodoxie (2) <\/a>-Michel Husson<\/p>\n\n\n\n<p><a href=\"http:\/\/alencontre.org\/europe\/france\/la-commune-de-paris-et-la-democratie-en-armes.html\">La Commune de Paris et la d\u00e9mocratie en armes&nbsp;<\/a> -Patrick Le Tr\u00e9hondat<\/p>\n\n\n\n<figure class=\"wp-block-image size-large is-style-default\"><img data-recalc-dims=\"1\" loading=\"lazy\" decoding=\"async\" width=\"326\" height=\"245\" src=\"https:\/\/i0.wp.com\/www.rdpemancipation.org\/wp-content\/uploads\/2021\/03\/image-152.png?resize=326%2C245&#038;ssl=1\" alt=\"\" class=\"wp-image-22651\" srcset=\"https:\/\/i0.wp.com\/www.rdpemancipation.org\/wp-content\/uploads\/2021\/03\/image-152.png?w=326&amp;ssl=1 326w, https:\/\/i0.wp.com\/www.rdpemancipation.org\/wp-content\/uploads\/2021\/03\/image-152.png?resize=300%2C225&amp;ssl=1 300w\" sizes=\"auto, (max-width: 326px) 100vw, 326px\" \/><\/figure>\n\n\n\n<p><a href=\"https:\/\/www.mediapart.fr\/journal\/france\/270321\/pourquoi-la-commune-de-paris-s-est-arretee-aux-portes-de-la-banque-de-france\">Pourquoi la Commune de Paris s\u2019est arr\u00eat\u00e9e aux portes de la Banque de France<\/a> (M\u00e9diapart<\/p>\n\n\n\n<p><a href=\"http:\/\/www.contretemps.eu\/journal-commune-28-mars-1871\/\">La Commune au jour le jour. Mardi 28 mars 1871<\/a> (Contretemps)<\/p>\n\n\n\n<p><a href=\"https:\/\/blogs.mediapart.fr\/jean-marc-b\/blog\/270321\/ubu-tohu-bohu-revue-de-presse-de-lulu\">Ubu tohu-bohu -Revue de presse de Lulu<\/a><\/p>\n\n\n\n<figure class=\"wp-block-image is-resized is-style-default\"><img loading=\"lazy\" decoding=\"async\" src=\"https:\/\/scontent.fhex4-1.fna.fbcdn.net\/v\/t1.0-9\/166174693_1172621076493692_291900199209271997_n.jpg?_nc_cat=102&amp;ccb=1-3&amp;_nc_sid=730e14&amp;_nc_ohc=_wh3jrXlgwAAX9XHbfY&amp;_nc_ht=scontent.fhex4-1.fna&amp;oh=a20111ac68b003ff94f8a1784eb14c09&amp;oe=608587FB\" alt=\"Peut \u00eatre une image de texte qui dit \u2019JE PEUX VOUS AFFIRMER QUE JE N'AI AUCUN MEA CULPA \u00c0 FAIRE, AUCUN REMORDS, AUCUN CONSTAT D'\u00c9CHEC\u00bb&gt; EMMANUEL MACRON\u2019\" width=\"272\" height=\"260\"\/><\/figure>\n\n\n\n<p><a href=\"https:\/\/www.humanite.fr\/mobilisations-des-marches-partout-en-france-contre-lirresponsabilite-climatique-702031#xtor=RSS-1\">Mobilisations. Des marches partout en France contre l\u2019irresponsabilit\u00e9 climatique<\/a> (L\u2019Humanit\u00e9)<\/p>\n\n\n\n<p><a href=\"https:\/\/www.facebook.com\/TaoualitAmarr\/videos\/2077808855695111\">Les GJ toujours l\u00e0 malgr\u00e9 violences polici\u00e8res, prison, calomnies des grands m\u00e9dias<\/a> -vid\u00e9o<\/p>\n\n\n\n<p><a href=\"https:\/\/larotative.info\/25-mars-un-succes-pour-la-4041.html\">25 mars, un succ\u00e8s pour la mobilisation des AED<\/a> (La Rotative)&nbsp;<\/p>\n\n\n\n<p><a href=\"https:\/\/info.mediapart.fr\/optiext\/optiextension.dll?ID=fNMfJCam9EUXvNGFNz4LXF5VotgH3zB_Zh2q3sgc0Fx0Vwo1nQw8_mmzKaYQawLC2hw%2B_H6Rmc89i8g6g%2BuL33XGn0Wni\">La somptueuse, la puissante nudit\u00e9 de Corinne Masiero<\/a> &#8211; Heitor O&rsquo;Dwyer de Macedo (MDP)<\/p>\n\n\n\n<p><a href=\"https:\/\/lanticapitaliste.org\/actualite\/societe\/perpignan-creation-de-visa66-un-cadre-unitaire-contre-lextreme-droite\">Perpignan : cr\u00e9ation de VISA66, un cadre unitaire contre l\u2019extr\u00eame droite<\/a>&nbsp; (NPA 66)<\/p>\n\n\n\n<p><a href=\"https:\/\/www.saphirnews.com\/Mosquee-de-Strasbourg-les-Verts-portent-plainte-contre-Darmanin-et-Schiappa-Milli-Gor%C3%BCs-se-defend_a27937.html\">Mosqu\u00e9e de Strasbourg : les Verts portent plainte contre Darmanin et Schiappa, Milli G\u00f6r\u00fcs se d\u00e9fend<\/a> (<a href=\"http:\/\/SaphirNews.com\">SaphirNews.com<\/a>)<\/p>\n\n\n\n<p><a href=\"https:\/\/info.mediapart.fr\/optiext\/optiextension.dll?ID=fNMfMDtCvgxoz863A8dNDnm_GxzrCPqlthRBEfut7jmxhkFvndY9EA5cATu_Gg99Jw6k03sl31bIqKONeJrDROvH9mvT6\">Pour une vraie Loi Climat: moins de carbone, plus de justice\u2009!<\/a>&#8211; Les invit\u00e9s de Mediapart (MDP)&nbsp;<\/p>\n\n\n\n<p><a href=\"https:\/\/www.liberation.fr\/culture\/scenes\/occupation-des-theatres-une-delegation-detudiantes-recue-au-ministere-de-la-culture-20210325_L6QSH5MXTZBHDBJ2TCPYZPPVU4\/?xtor=EREC-25-%5BNL_quot_matin_2021-03-26%5D-&amp;actId=ebwp0YMB8s1_OGEGSsDRkNUcvuQDVN7a57ET3fWtrS8MwEhb4sYv3oMcKMWanhC3&amp;actCampaignType=CAMPAIGN_MAIL&amp;actSource=508199\" target=\"_blank\" rel=\"noreferrer noopener\">Occupation des th\u00e9\u00e2tres : une d\u00e9l\u00e9gation d\u2019\u00e9tudiantes re\u00e7ue au minist\u00e8re de la Culture<\/a>&nbsp;(Lib\u00e9ration)<\/p>\n\n\n\n<p><a href=\"https:\/\/www.lemediasocial.fr\/cese-une-ouverture-au-social-jugee-insuffisante_NHqHHm\" target=\"_blank\" rel=\"noreferrer noopener\">Cese : une ouverture au social jug\u00e9e insuffisante<\/a>&nbsp; (Le m\u00e9dia social)<\/p>\n\n\n\n<p><a href=\"https:\/\/www.youtube.com\/watch?v=Taf71uHl9LQ\" target=\"_blank\" rel=\"noreferrer noopener\">Mosqu\u00e9e de Strasbourg : abolissez le Concordat !<\/a>&nbsp;&#8211; JL M\u00e9lenchon&nbsp;<\/p>\n\n\n\n<p><a href=\"https:\/\/aplutsoc.org\/2021\/03\/25\/constituantes-presidentielles-et-mouvement-social-par-r-duguet\/\" target=\"_blank\" rel=\"noreferrer noopener\">Constituantes, pr\u00e9sidentielles et mouvement social, par R. Duguet<\/a>&nbsp;&#8211; Aplutsoc<\/p>\n\n\n\n<p><a href=\"https:\/\/www.youtube.com\/watch?v=dtyiuN1Pg5A\" target=\"_blank\" rel=\"noreferrer noopener\">Ce PRINTEMPS : on sort !<\/a>&nbsp;&#8211; Fran\u00e7ois Ruffin<\/p>\n\n\n\n<p><a href=\"https:\/\/www.huffingtonpost.fr\/entry\/jacques-bompard-le-maire-dorange-condamne-a-5-ans-dineligibilite_fr_605cb4d8c5b66d30c7425607\" target=\"_blank\" rel=\"noreferrer noopener\">Le maire d&rsquo;extr\u00eame droite Jacques Bompard condamn\u00e9 \u00e0 5 ans d&rsquo;in\u00e9ligibilit\u00e9<\/a>&nbsp;&#8211; Huffington Post<\/p>\n\n\n\n<figure class=\"wp-block-image is-resized is-style-default\"><img loading=\"lazy\" decoding=\"async\" src=\"https:\/\/scontent.fhex4-2.fna.fbcdn.net\/v\/t1.0-9\/165309866_1172645846491215_6970986500394022000_o.jpg?_nc_cat=107&amp;ccb=1-3&amp;_nc_sid=730e14&amp;_nc_ohc=ieB0gL1y3jEAX8ftozh&amp;_nc_ht=scontent.fhex4-2.fna&amp;oh=ab926a3d2f6cc33d401ed94c838ba118&amp;oe=6086EEA3\" alt=\"Peut \u00eatre une image de texte qui dit \u201916 Arrt RUE THIERS 1797 1877 CRIMINEL ASSASSIN DE LA COMMUNE DE PARIS\u2019\" width=\"398\" height=\"299\"\/><\/figure>\n\n\n\n<p><span class=\"has-inline-color has-vivid-red-color\"><strong>27 mars en continu<\/strong><\/span><\/p>\n\n\n\n<p><a href=\"https:\/\/info.mediapart.fr\/optiext\/optiextension.dll?ID=E89E8BIXiTYBA8071VUMIDX1dR8ZXNXSbOqeCQbjri0tBBPoxNrWLqBZtDslH1ub_YD7ov3aQXNEgegZUKlcFAbuAp__2\">Catherine Hill: \u00abSur la gestion du Covid, l\u2019\u00e9chec monumental est l\u00e0\u00bb<\/a>&#8211; <a href=\"https:\/\/info.mediapart.fr\/optiext\/optiextension.dll?ID=E89E6I3wGDF8cdSFZp59u5kfMzi4cK6%2BR7uhaBuPKQCx32mowARTNn5RPlXhivZyAWvtwy22BhSEk6ItMDDtRtimbRwwz\">La r\u00e9daction de Mediapart<\/a> (MDP)<\/p>\n\n\n\n<p><a href=\"http:\/\/www.contretemps.eu\/origines-front-national-ordre-nouveau\/\">Aux origines du RN (3) \u2013 Les n\u00e9ofascistes d\u2019Ordre Nouveau en qu\u00eate de respectabilit\u00e9<\/a> (Contretemps)<\/p>\n\n\n\n<p><a href=\"https:\/\/www.lemediatv.fr\/emissions\/2021\/comment-le-neoliberalisme-a-fait-naitre-le-populisme-vZNlhah6RxCAoB5v0XxOxg\">Comment le n\u00e9olib\u00e9ralisme a fait na\u00eetre le populisme<\/a> (Le M\u00e9dia)<\/p>\n\n\n\n<p><a href=\"https:\/\/www.les-crises.fr\/covid-19-le-grain-de-sable-dans-la-machine-avec-gael-giraud-arte\/\">Covid-19: Le grain de sable dans la machine \u2013 avec Ga\u00ebl Giraud <\/a>(Arte)<\/p>\n\n\n\n<p><a href=\"https:\/\/www.humanite.fr\/emmanuel-macron-entre-autocongratulation-et-flou-sur-de-nouvelles-mesures-702024#xtor=RSS-1\">Emmanuel Macron entre autocongratulation et flou sur de \u00ab nouvelles mesures \u00bb<\/a> (L\u2019Humanit\u00e9)<\/p>\n\n\n\n<p><a href=\"https:\/\/www.lemediatv.fr\/emissions\/2021\/comment-le-neoliberalisme-a-fait-naitre-le-populisme-vZNlhah6RxCAoB5v0XxOxg\">Comment le n\u00e9olib\u00e9ralisme a fait na\u00eetre le populisme<\/a> (vid\u00e9o Le M\u00e9dia)&nbsp;<\/p>\n\n\n\n<p><a href=\"https:\/\/reporterre.net\/INF-Pour-une-vraie-loi-climat-plus-de-170-manifestations-se-tiendront-dans-toute-la\">Pour une \u00ab&nbsp;vraie loi climat&nbsp;\u00bb, plus de 170 manifestations dimanche dans toute la France<\/a> (Reporterre)<\/p>\n\n\n\n<p><a href=\"https:\/\/labogue.info\/spip.php?article966\">Nous n&rsquo;occuperons pas (seulement) les th\u00e9\u00e2tres&nbsp;: nous en inventerons des nouveaux<\/a> ( Mutu)<\/p>\n\n\n\n<p><a href=\"https:\/\/www.politico.eu\/article\/emmanuel-macron-superhero-president-france-election-2022\/\">Un journal am\u00e9ricain centriste se moque de la gestion du CV-19 par Macron<\/a> (en anglais -Politico)<\/p>\n\n\n\n<figure class=\"wp-block-image is-resized is-style-default\"><img data-recalc-dims=\"1\" loading=\"lazy\" decoding=\"async\" src=\"https:\/\/i0.wp.com\/static.mediapart.fr\/etmagine\/default\/files\/2021\/03\/26\/zizi.jpg?resize=230%2C410&#038;ssl=1\" alt=\"zizi\" width=\"230\" height=\"410\"\/><figcaption>Banquier fait clown<\/figcaption><\/figure>\n\n\n\n<p><a href=\"https:\/\/aoc.media\/entretien\/2021\/03\/26\/patrick-chamoiseau-on-na-pas-besoin-duniversel-on-a-besoin-de-relation\/\">Patrick Chamoiseau&nbsp;: \u00ab On n\u2019a pas besoin d\u2019universel, on a besoin de Relation \u00bb<\/a> (AOC)<\/p>\n\n\n\n<p><a href=\"https:\/\/blogs.mediapart.fr\/jean-marc-b\/blog\/260321\/reunions-en-non-mixite-pour-nous-elles-sont-necessaires\">R\u00e9unions en non-mixit\u00e9 : pour nous, elles sont n\u00e9cessaires <\/a>(La ZEP)<\/p>\n\n\n\n<p><a href=\"https:\/\/www.courrierinternational.com\/article\/vu-du-royaume-uni-un-petit-vent-danarchie-souffle-sur-la-france?xtor=EREC-20-%5Bnl_quotidienne%5D-20210323-%5Bvu_du_royaume_uni_un_petit_vent_danarchie_souffle_sur_la_france%5D\" target=\"_blank\" rel=\"noreferrer noopener\">Un petit vent d\u2019anarchie souffle sur la France<\/a>&nbsp;(The Spectator)<\/p>\n\n\n\n<p><a href=\"https:\/\/www.youtube.com\/watch?v=Pgb4m5o29Wg\" target=\"_blank\" rel=\"noreferrer noopener\">Il \u00ab\u00a0parie\u00a0\u00bb sur nos vies : Macron le boursicoteur !<\/a>&nbsp;(Fran\u00e7ois Ruffin)<\/p>\n\n\n\n<p><a href=\"https:\/\/aplutsoc.org\/2021\/03\/24\/document-declaration-du-reseau-dactions-contre-lantisemitisme-et-tous-les-racismes-raar-du-22-mars-2021\/\" target=\"_blank\" rel=\"noreferrer noopener\">&nbsp;D\u00e9claration du R\u00e9seau d\u2019actions contre l\u2019Antis\u00e9mitisme et tous les Racismes (RAAR) du 22 mars 2021<\/a>&nbsp;(Aplutsoc)<\/p>\n\n\n\n<p><a href=\"https:\/\/aplutsoc.org\/2021\/03\/24\/hidalgo-et-letat-major-du-ps-en-ordre-de-bataille-contre-nous\/\" target=\"_blank\" rel=\"noreferrer noopener\">Hidalgo et l\u2019\u00c9tat-major du PS en ordre de bataille*\u2026 contre nous**<\/a>&nbsp;(Aplutsoc)<\/p>\n\n\n\n<p><a href=\"https:\/\/www.cecinestpasuncomplot.org\">D\u00e9construction du film docu \u00ab&nbsp;Ceci n\u2019est pas un complot&nbsp;\u00bb<\/a> (<a href=\"http:\/\/cecinestpasuncomplot.org\">cecinestpasuncomplot.org<\/a>)<\/p>\n\n\n\n<p><a href=\"http:\/\/www.regards.fr\/la-midinale\/article\/philippe-marliere-l-universalisme-a-la-francaise-est-un-communautarisme\">Philippe Marli\u00e8re : \u00ab L&rsquo;universalisme \u00e0 la fran\u00e7aise est un communautarisme majoritaire \u00bb<\/a> (Regards)<\/p>\n\n\n\n<p><a href=\"https:\/\/www.mediapart.fr\/journal\/france\/260321\/blast-anticor-montebourg-et-le-luxembourg-micmac-autour-dun-donateur\">Blast, Anticor, Montebourg et le Luxembourg: micmac autour d&rsquo;un donateur<\/a> (M\u00e9diapart)<\/p>\n\n\n\n<p><a href=\"https:\/\/www.mediapart.fr\/journal\/culture-idees\/260321\/l-extreme-droite-peut-elle-etre-republicaine\">L\u2019extr\u00eame droite peut-elle \u00eatre r\u00e9publicaine?<\/a> (M\u00e9diapart<\/p>\n\n\n\n<p><a href=\"https:\/\/basse-chaine.info\/?C%CC%A7a-bafouille-chez-les-fascistes-angevins-481\">\u00c7a bafouille chez les fascistes angevins&#8230;<\/a> (Mutu)<\/p>\n\n\n\n<p><a href=\"https:\/\/www.revue-ballast.fr\/partout-on-chante-pendant-la-commune\/\">Partout on chante, pendant la Commune<\/a> (Ballast)<\/p>\n\n\n\n<figure class=\"wp-block-image is-resized is-style-default\"><img loading=\"lazy\" decoding=\"async\" src=\"https:\/\/scontent.fhex4-1.fna.fbcdn.net\/v\/t1.0-0\/s600x600\/164952411_1172021716553628_198016725843819320_n.png?_nc_cat=105&amp;ccb=1-3&amp;_nc_sid=730e14&amp;_nc_ohc=1Yt09FlTTXwAX9CPA3k&amp;_nc_ht=scontent.fhex4-1.fna&amp;_nc_tp=30&amp;oh=d867289ec5d14fd679431c42fc9c6141&amp;oe=60855C84\" alt=\"Peut \u00eatre une image de 1 personne et texte qui dit \u2019CANDIDAT \u1ea2 L'\u00c9LECTION PR\u00c9SIDENTIELLE &quot;Il d\u00e9cide, contre l'avis de la Haute Autorit\u00e9 de sant\u00e9, de maintenir le remboursement par la S\u00e9curit\u00e9 sociale du Mediator; Le Canard encha\u00een\u00e9r\u00e9v\u00e8le ult\u00e9rieurement que plusieurs de ses conseillers au minist\u00e8re \u00e9taient r\u00e9mun\u00e9r\u00e9s par les laboratoires Servier, fabricant du Mediator&quot; (Wikip\u00e9dia) XAVIER BERTRAND\u2019\" width=\"344\" height=\"296\"\/><\/figure>\n\n\n\n<p><span class=\"has-inline-color has-vivid-red-color\"><strong>26 mars en continu<\/strong><\/span><\/p>\n\n\n\n<p><a href=\"https:\/\/www.humanite.fr\/udi-bobigny-7-plaintes-pour-des-dossiers-bien-pourris-701995#xtor=RSS-1\">UDI. \u00c0 Bobigny, 7 plaintes pour des \u00ab dossiers bien pourris \u00bb<\/a> (L\u2019Humanit\u00e9)&nbsp;<\/p>\n\n\n\n<p><a href=\"https:\/\/theconversation.com\/quand-lextreme-droite-joue-au-feminin-157759\">Quand l&rsquo;extr\u00eame droite joue au f\u00e9minin<\/a> (The Conversation)&nbsp;<\/p>\n\n\n\n<p><a href=\"http:\/\/link.listes.cafepedagogique.net\/m\/surl\/200138\/508198\/57jiELM2WYEPq6yAbSktt3FKF-B12viezBEiZxMr5xU=\/link_20\/OExzTquvAm8oh+WMu8Z189hdRd0AODWRHq3B+goIgJh9m7qUHlUCQqnUhxvszibbyo-P6LgBTKmiAUCKNnmvLk81IQVQd1iuivo0KC+fxf-bExt6T+Sub1w8E1F8mx6SxEASq0AENQ1sk8hVGuy3oRfgFTXTYZpAA+5YH0KDCj5EBaa3SOoIg7XXkIhCw9v6GAqpwFuuaqgB67RaGPzXfiV7VOk0Z7LrSSX5rIWkEUwJvS8G3oOKA4yATj3Ve-OfKIIvI-089OFQXlQhialb3D8j3fnj9QqGqbhDx9RDYypTXW7RiSonbJVn+yvQBMd8\">Jonathan Pr\u00e9da : Faire salon comme au temps des Lumi\u00e8res<\/a> (Caf\u00e9 p\u00e9dagogique)<\/p>\n\n\n\n<p><a href=\"https:\/\/blogs.mediapart.fr\/jean-marc-b\/blog\/260321\/la-grande-imposture-sur-la-romantisation-de-l-ascension-sociale\">La grande imposture (sur la romantisation de l\u2019ascension&nbsp;sociale) <\/a>Marwen (Lutte de classes)<\/p>\n\n\n\n<p><a href=\"https:\/\/dieses.fr\/revue-du-web-26-mars\">Revue du web (26 mars)<\/a> par di\u00e8ses<\/p>\n\n\n\n<figure class=\"wp-block-image is-resized is-style-default\"><img data-recalc-dims=\"1\" loading=\"lazy\" decoding=\"async\" src=\"https:\/\/i0.wp.com\/reporterre.net\/local\/cache-vignettes\/L720xH480\/arton22591-703dd.jpg?resize=440%2C293&#038;ssl=1\" alt=\"Le bilan \u00e9cologique de Macron\u00a0: 89 mesures n\u00e9gatives depuis 2017\" width=\"440\" height=\"293\"\/><\/figure>\n\n\n\n<p><a href=\"https:\/\/rue89bordeaux.com\/2021\/03\/herve-le-corre-la-commune-de-paris-une-utopie-necessaire\/\">Herv\u00e9 Le Corre : \u00ab La Commune de Paris, une utopie n\u00e9cessaire \u00bb<\/a> (Rue89 Bordeaux)<\/p>\n\n\n\n<p><a href=\"http:\/\/www.contretemps.eu\/journal-commune-26-mars\/\">La Commune au jour le jour. Dimanche 26 mars<\/a> par Contretemps<\/p>\n\n\n\n<p><a href=\"https:\/\/www.boursorama.com\/videos\/actualites\/un-nouveau-campement-de-migrants-installe-place-de-la-republique-a-paris-bfbed5879f9da8e627f926f13ef47962\">Un nouveau campement de migrants install\u00e9 place de la R\u00e9publique \u00e0 Paris<\/a> (AFP vid\u00e9o)<\/p>\n\n\n\n<p><a href=\"https:\/\/www.boursorama.com\/actualite-economique\/actualites\/a-paris-la-place-de-la-republique-redevient-un-camp-pour-exiles-6d7215c06e02b6c4635690d2b8275683\">A Paris, la place de la R\u00e9publique redevient un camp pour \u00e9xil\u00e9s<\/a> (AFP)<\/p>\n\n\n\n<figure class=\"wp-block-image size-large is-resized is-style-default\"><img data-recalc-dims=\"1\" loading=\"lazy\" decoding=\"async\" src=\"https:\/\/i0.wp.com\/www.rdpemancipation.org\/wp-content\/uploads\/2021\/03\/57a86fd3faf35810907835a15759d501-760x507-1.jpg?resize=407%2C272&#038;ssl=1\" alt=\"\" class=\"wp-image-22277\" width=\"407\" height=\"272\" srcset=\"https:\/\/i0.wp.com\/www.rdpemancipation.org\/wp-content\/uploads\/2021\/03\/57a86fd3faf35810907835a15759d501-760x507-1.jpg?w=760&amp;ssl=1 760w, https:\/\/i0.wp.com\/www.rdpemancipation.org\/wp-content\/uploads\/2021\/03\/57a86fd3faf35810907835a15759d501-760x507-1.jpg?resize=300%2C200&amp;ssl=1 300w\" sizes=\"auto, (max-width: 407px) 100vw, 407px\" \/><\/figure>\n\n\n\n<p><a href=\"https:\/\/reflets.info\/articles\/l-epidemiologiste-en-chef-a-fonce-dans-le-mur\">L&rsquo;\u00e9pid\u00e9miologiste en chef a fonc\u00e9 dans le mur<\/a> (Reflets.info)<\/p>\n\n\n\n<p><a href=\"https:\/\/info.mediapart.fr\/optiext\/optiextension.dll?ID=E89E4h7QGqZAlt1qOsBoddAPKnFJjNSTCRjrpWHrFu6XYsDUwJUBFLPaZoyImwqNbmrRvyA7aAvHXGWd5LPlW0QU4l4EJ\">Catherine Hill: \u00abSur la gestion du Covid, l\u2019\u00e9chec monumental est l\u00e0\u00bb<\/a>-vid\u00e9o MDP<\/p>\n\n\n\n<p><a href=\"https:\/\/www.mediapart.fr\/journal\/france\/250321\/l-action-francaise-revendique-l-intrusion-violente-au-conseil-regional-d-occitanie\">L\u2019Action fran\u00e7aise revendique l\u2019intrusion violente au conseil r\u00e9gional d\u2019Occitanie<\/a> (M\u00e9diapart)<\/p>\n\n\n\n<p><a href=\"https:\/\/blogs.mediapart.fr\/jean-marc-b\/blog\/250321\/unef-comite-adama-sans-papiers-y-t-il-encore-besoin-de-faire-un-dessin\">Unef, Comit\u00e9 Adama, Sans-Papiers: y a-t-il encore besoin de faire un dessin? <\/a>-Christine Delphy<\/p>\n\n\n\n<p><a href=\"https:\/\/blogs.mediapart.fr\/jean-marc-b\/blog\/250321\/marx-et-le-marxisme-entretien-daniel-bensaid-et-eric-hazan\">Marx et le marxisme &#8211; Entretien Daniel Bensaid et Eric Hazan <\/a>(site Daniel Bensaid)<\/p>\n\n\n\n<p><a href=\"https:\/\/blogs.mediapart.fr\/jean-marc-b\/blog\/250321\/neo-nazis-dans-larmee-francaise-laveuglement-du-gouvernement-video-le-media\">N\u00e9o-nazis dans l&rsquo;arm\u00e9e fran\u00e7aise : l&rsquo;aveuglement du gouvernement &#8211;<\/a>vid\u00e9o Le M\u00e9di<a href=\"https:\/\/blogs.mediapart.fr\/jean-marc-b\/blog\/250321\/neo-nazis-dans-larmee-francaise-laveuglement-du-gouvernement-video-le-media\">a<\/a><\/p>\n\n\n\n<p><a href=\"https:\/\/lanticapitaliste.org\/evenement\/lyon-manifestation-antifasciste\">Lyon 3 avril- Manifestation antifasciste<\/a> -Julien Salingue<\/p>\n\n\n\n<p><a href=\"https:\/\/lanticapitaliste.org\/evenement\/strasbourg-piquet-de-la-solidarite-pour-mumia-abu-jamal\">Strasbourg le 7 avril- Piquet de la solidarit\u00e9 pour Mumia Abu-Jamal<\/a> (L\u2019Anticapitaliste)<\/p>\n\n\n\n<p><a href=\"https:\/\/info.mediapart.fr\/optiext\/optiextension.dll?ID=E89E70XqT1LVuDsK7R1xctzssN9EoPp39sYUH9YfXGszZBWUx6MQHQhrNBkolrqhJxOAhm1DM8St73gH21Oa9cEqm2Y2b\">L\u2019Action fran\u00e7aise revendique l\u2019intrusion violente au conseil r\u00e9gional d\u2019Occitanie<\/a> (MDP)<\/p>\n\n\n\n<p><a href=\"https:\/\/info.mediapart.fr\/optiext\/optiextension.dll?ID=E89E7Os5XnEI_DZnPTM6LUzoONwFZUuKXcxSkWB0Ljsef9EUwVcbZ7rsYlyLU3OVRPaKj%2BBDvJoKXO2mgZjrTXIgZFOwj\">Censure: des associations d\u00e9noncent un projet de r\u00e8glement europ\u00e9en antiterroriste<\/a> (MDP)<\/p>\n\n\n\n<p><a href=\"https:\/\/rapportsdeforce.fr\/classes-en-lutte\/lyon-une-union-des-extremes-droites-pour-venger-la-dissolution-de-generation-identitaire-03259731\">Lyon : Une union des extr\u00eames droites pour venger la dissolution de G\u00e9n\u00e9ration Identitaire<\/a> (Rapports de Force)<\/p>\n\n\n\n<p><a href=\"https:\/\/www.humanite.fr\/biographie-charles-tillon-la-vie-en-rouge-701931#xtor=RSS-1\">Biographie. Charles Tillon, la vie en rouge<\/a> (L\u2019Humanit\u00e9<\/p>\n\n\n\n<p><a href=\"http:\/\/www.contretemps.eu\/journal-commune-25-mars-1871\/\">La Commune au jour le jour. Samedi 25 mars 1871<\/a> par Contretemps<\/p>\n\n\n\n<p><span class=\"has-inline-color has-vivid-red-color\"><strong>25 mars en continu<\/strong><\/span><\/p>\n\n\n\n<p><a href=\"https:\/\/ricochets.cc\/L-epidemie-de-coronavirus-empire-et-la-France-est-toujours-un-Absurdistan-autoritaire.html\">L&rsquo;\u00e9pid\u00e9mie de coronavirus empire, et la France est toujours un Absurdistan autoritaire<\/a> (Ricochets)&nbsp;<\/p>\n\n\n\n<p><a href=\"https:\/\/www.lemediatv.fr\/emissions\/2021\/neo-nazis-dans-larmee-francaise-laveuglement-du-gouvernement-6J74bUdbTve7WMTD--dylA\">N\u00e9o-nazis dans l&rsquo;arm\u00e9e fran\u00e7aise : l&rsquo;aveuglement du gouvernement<\/a> Le M\u00e9dia&nbsp;<\/p>\n\n\n\n<p><a href=\"https:\/\/www.facebook.com\/Caroline.croigny\/videos\/10224414354603120\">Conf\u00e9rence de presse Castex &#8211; Parodie g\u00e9niale<\/a> -vid\u00e9o Thierry Veron-Durand<\/p>\n\n\n\n<p><a href=\"http:\/\/link.listes.cafepedagogique.net\/m\/surl\/200138\/508172\/dzKLzY8_wnos1J2ad1XimnFKF-B12viezBEiZxMr5xU=\/link_18\/O71cUNG3vOsPsCqLSDO-Z8mGM1qk+NN2-YlH9hOXBULwKFUDZVPWnuq0KX243UL69EmeTAHk1p8G+UU3r-2XvSCp9ZFTGduZd1AWa8qXJMsgUXxRePzuEyTH+vUXChm1AcQOBmy4U8OM4XNA4tymlLFmIyGr4RYkhKfZ+948Yd+JyS4aF8e5quQXxxBL1QMxFQ6Mm5yNgn2ItJrYDSqtY2kZU3m9IieNhSQ93shZolAvKV-nwDM+0DlkHMApXAaQ0t9SOHfNNedoFKz2ZH66lHqCPskTPV4zm-cmDmgNDDYySCyfM6ldV0VramaAfGAk\">La d\u00e9mocratie \u00e0 l&rsquo;\u00e9preuve de la jeunesse<\/a> (Caf\u00e9 p\u00e9dagogique)<\/p>\n\n\n\n<p><a href=\"https:\/\/www.mediapart.fr\/journal\/international\/250321\/en-diplomatie-aussi-une-ere-du-clash\">En diplomatie aussi, une \u00e8re du clash<\/a> (M\u00e9diapart)<\/p>\n\n\n\n<figure class=\"wp-block-image is-resized is-style-default\"><img loading=\"lazy\" decoding=\"async\" src=\"https:\/\/scontent.fhex4-2.fna.fbcdn.net\/v\/t1.0-9\/p843x403\/165095691_1171380003284466_5455863835932196340_n.jpg?_nc_cat=103&amp;ccb=1-3&amp;_nc_sid=730e14&amp;_nc_ohc=mouM5cK0ZKAAX-Ih4T3&amp;_nc_ht=scontent.fhex4-2.fna&amp;tp=6&amp;oh=90aaa5a7571593c8ee55803544c42c97&amp;oe=60837B97\" alt=\"Peut \u00eatre une image de une personne ou plus et texte\" width=\"424\" height=\"270\"\/><\/figure>\n\n\n\n<p><a href=\"https:\/\/rue89bordeaux.com\/2021\/03\/elections-regionales-la-guerre-des-gauches-est-declaree-en-nouvelle-aquitaine\/\">Elections r\u00e9gionales : la guerre des gauches est d\u00e9clar\u00e9e en Nouvelle-Aquitaine<\/a> (Rue89 Bordeaux)<\/p>\n\n\n\n<p><a href=\"https:\/\/www.humanite.fr\/portraits-de-communardes-alix-payen-infirmiere-et-brancadiere-au-153e-bataillon-de-la-garde-701963#xtor=RSS-1\">Portraits de communardes. Alix Payen, infirmi\u00e8re et brancadi\u00e8re au 153e bataillon de la Garde nationale<\/a> (L\u2019Humanit\u00e9)&nbsp;<\/p>\n\n\n\n<p><a href=\"https:\/\/www.bastamag.net\/Commune-150-ans-biographie-Libertalia-Leo-Frankel-communard-sans-frontieres\">\u00ab La r\u00e9volution est pour l&rsquo;heure ma\u00eetre de la situation \u00bb : L\u00e9o Frankel, communard sans fronti\u00e8res<\/a> (Basta&nbsp;!)<\/p>\n\n\n\n<p><a href=\"https:\/\/blogs.mediapart.fr\/jean-marc-b\/blog\/240321\/vers-le-retour-des-mobilisations-par-changer-de-cap\">Vers le retour des mobilisations <\/a>(Changer de Cap)<\/p>\n\n\n\n<p><a href=\"https:\/\/www.boursorama.com\/actualite-economique\/actualites\/presidentielle-bertrand-officialise-sa-candidature-pour-2022-e6595bd8878f4fec14a13f9869d49ce7\">Pr\u00e9sidentielle: Bertrand officialise sa candidature pour 2022<\/a> (AFP)<\/p>\n\n\n\n<p>&nbsp;<a href=\"https:\/\/www.youtube.com\/watch?v=pwGsIsXmHKY\">Maud Bregeon, porte-parole de LREM:&nbsp;\u00ab&nbsp;Ouvrir des lits de r\u00e9animation, c\u2019est accepter d\u2019avoir plus de d\u00e9c\u00e8s.\u00a0\u00bb<\/a> -vid\u00e9o<\/p>\n\n\n\n<p><a href=\"https:\/\/blogs.mediapart.fr\/jean-marc-b\/blog\/240321\/ubu-entend-gagner-son-pari-les-profits-avant-la-vie\">Ubu entend gagner son pari: les profits avant la vie <\/a>&#8211; RdP Lulu<\/p>\n\n\n\n<figure class=\"wp-block-image is-resized is-style-default\"><img loading=\"lazy\" decoding=\"async\" src=\"https:\/\/scontent.fhex4-2.fna.fbcdn.net\/v\/t1.0-0\/p526x296\/164891439_1171354906620309_7399204067874666896_n.png?_nc_cat=110&amp;ccb=1-3&amp;_nc_sid=730e14&amp;_nc_ohc=ukOoK1RfY94AX9LjUQ9&amp;_nc_ht=scontent.fhex4-2.fna&amp;_nc_tp=30&amp;oh=a4466d1054c7ed4bd73a0aa8c7883684&amp;oe=6080ECC8\" alt=\"Peut \u00eatre une image de texte qui dit \u2019Putain, ils ont enfin pos\u00e9 l'enseigne! Mr-Bricolage N'ORNY\u2019\" width=\"275\" height=\"275\"\/><\/figure>\n\n\n\n<p><a href=\"https:\/\/blogs.mediapart.fr\/jean-marc-b\/blog\/240321\/francois-ruffin-ce-printemps-nous-serons-dehors-en-citoyens\">Fran\u00e7ois Ruffin: Ce printemps, nous serons dehors en citoyens ! <\/a>-vid\u00e9o<\/p>\n\n\n\n<p><a href=\"https:\/\/blogs.mediapart.fr\/jean-marc-b\/blog\/240321\/la-meteo-ensoleillee-des-lieux-de-culture-occupes\">La m\u00e9t\u00e9o ensoleill\u00e9e des lieux de culture occup\u00e9s <\/a>(Luttes Invisibles)<\/p>\n\n\n\n<p><a href=\"https:\/\/www.humanite.fr\/gerald-darmanin-accuse-dantisemitisme-701927#xtor=RSS-1\">G\u00e9rald Darmanin accus\u00e9 d\u2019antis\u00e9mitisme<\/a> (L\u2019Humanit\u00e9)<\/p>\n\n\n\n<p><a href=\"https:\/\/rapportsdeforce.fr\/breves\/lyon-une-manifestation-nationale-antifasciste-le-3-avril-03249702\">Lyon : une manifestation nationale antifasciste le 3 avril<\/a> (Rapports de Force)&nbsp;<\/p>\n\n\n\n<p><a href=\"https:\/\/info.mediapart.fr\/optiext\/optiextension.dll?ID=x10xXzar5wsXF3p4djwnthmkzyPx9YMx8xU3ZBSIJ7Kp0ozNFlY3SIipS3yNfayE9WWwbPSYeZSh7%2Bj18GlXhYobETrNC\">Macron bluffe sur la participation citoyenne, la d\u00e9mocratie trinque<\/a> (MDP)<\/p>\n\n\n\n<p><a href=\"https:\/\/info.mediapart.fr\/optiext\/optiextension.dll?ID=x10xXWuO8HE1u4G7b4LizM9H7%2BP70qKzFOICY2FTeNMWB84hEwJhsJjnLP1CUukKHG8hcT5LKv7DQpcS3TX%2BBv8zduUVU\">Les ambigu\u00eft\u00e9s de l\u2019id\u00e9e r\u00e9publicaine<\/a> (MDP)<\/p>\n\n\n\n<p><a href=\"https:\/\/lenumerozero.mediaslibres.org\/Occupation-et-evacuation-de-l-ancienne-ecole-des-beaux-arts-la-manufacture-d-5189\">Occupation et \u00e9vacuation de l&rsquo;ancienne \u00e9cole des beaux arts&nbsp;: la manufacture d&rsquo;arts<\/a> (Mutu)<\/p>\n\n\n\n<p><a href=\"https:\/\/info.mediapart.fr\/optiext\/optiextension.dll?ID=x10x0d1mKsrHv86iFOKTC%2BgH9rTmtFajvmwg2CJMfTkw8j7NExxuFzOi19YRLuyRss45%2B48YBsnyp5TjPfaUhlnSxAxV1\">Ludivine Bantigny: la Commune de Paris \u00abvoulait changer la vie\u00bb<\/a> -vid\u00e9o MDP<\/p>\n\n\n\n<p><a href=\"https:\/\/info.mediapart.fr\/optiext\/optiextension.dll?ID=x10x3olUKrrag3oKHjH1y7lv3ORuv4sfiZP5jKzKNI1CNzJhF70chbsN2ceTp2jrL9E9O%2BO02XkrW_v3tnfQu0IXzsw30\">L\u2019islamo-gauchisme, la France et la crise des libert\u00e9s acad\u00e9miques en Europe<\/a> &#8211; Liviu Matei<\/p>\n\n\n\n<p><span class=\"has-inline-color has-vivid-red-color\"><strong>24 mars en continu<\/strong><\/span><\/p>\n\n\n\n<p><a href=\"https:\/\/eau.vote\/?fbclid=IwAR26z8X0Czh7PwOMT2_oLmwnOeXnyT0RRypvM6cRKiNQkparCftdsRx8Vu0\">L&rsquo;eau est \u00e0 nous pas aux multinationales<\/a> (votation citoyenne)<\/p>\n\n\n\n<p><a href=\"https:\/\/www.facebook.com\/Acteurslocauxdelatransition\/posts\/1606243736242432\">\u00ab Barrages, l\u2019eau sous haute tension \u00bb <\/a>&nbsp;(projection d\u00e9bat, 26 mars 20h)<\/p>\n\n\n\n<p><a href=\"https:\/\/blogs.mediapart.fr\/jean-marc-b\/blog\/240321\/changer-de-cap-vers-le-retour-des-mobilisations\">Vers le retour des mobilisations <\/a>-Changer de Cap<\/p>\n\n\n\n<p><a href=\"https:\/\/lanticapitaliste.org\/actualite\/ecologie\/changer-le-systeme-pas-le-climat-ca-repart\">Changer le syst\u00e8me, pas le climat\u2009: \u00e7a repart\u2009!<\/a> (Commission nationale \u00e9cologie NPA)<\/p>\n\n\n\n<p><a href=\"https:\/\/info.mediapart.fr\/optiext\/optiextension.dll?ID=WstWsuw%2B7c6gxuATBYO0HoXs45pUB2VIe_LrHuQ0aNWetoLa59WWHJtvmPTF_iAbNGxfMz7lkJFHCF2jCRNg4%2BoKzcbGI\">Silence autour des \u00e9crits antis\u00e9mites de G\u00e9rald Darmanin<\/a> -M\u00e9r\u00f4me Jardin<\/p>\n\n\n\n<p><a href=\"https:\/\/www.revolutionpermanente.fr\/Dissolution-de-l-UNEF-l-ensemble-des-organisations-de-gauche-sont-menacees\">Dissolution de l\u2019UNEF&nbsp;: l\u2019ensemble des organisations de gauche sont menac\u00e9es<\/a> (RP)<\/p>\n\n\n\n<p><a href=\"https:\/\/l.facebook.com\/l.php?u=https:\/\/www.nouvelobs.com\/politique\/20210323.OBS41777\/gerald-darmanin-accuse-d-antisemitisme-dans-son-livre-sur-le-separatisme-islamiste.html?fbclid=IwAR19hjU9veB0yxC9k4TjEd57izpb5vVO4z1yPQvIvE6Mh819ERxMebUKrtQ&amp;h=AT2A0KMnKNCA8tQOKAcAm0OlBg-A_YojjpiEx1Q96OjZbqatQGhkEul2AKCTXeYiXFP4JWJ_w81-DhqZ_tlMNPKXtt05FlYMDNxo0dq_Y0KkWBI7VtrLbYZUjLV4dK4uqNjs1j8&amp;__tn__=,mH-R&amp;c%5B0%5D=AT2sHcjS1aI0d53p8ZEF22qABvwUwsW3z4BHp50AL77xe7VYK6dmBXbY-1p8ruG9UeKftngMle-gGryYkPnhbOBdzK9RWLyxO4Wy8FkTRKqTlMjXLQx2u7OEyyhUsHI5yKsfz7LZ4gscW5cV_cG5JXfDqpyKvKcq2-SVuM-pnW4i9X4\">&nbsp;G\u00e9rald Darmanin accus\u00e9 d\u2019antis\u00e9mitisme dans son livre sur \u00ab le s\u00e9paratisme islamiste \u00bb <\/a>(Nouvel Obs)<\/p>\n\n\n\n<p><a href=\"https:\/\/www.anti-k.org\/2021\/03\/23\/application-stopcovid-anticor-saisit-la-cour-de-justice-de-la-republique\/\">Application StopCovid : Anticor saisit la Cour de Justice de la R\u00e9publique. <\/a>(Anti-K)<\/p>\n\n\n\n<p><a href=\"https:\/\/www.mediapart.fr\/journal\/france\/240321\/bobigny-la-transaction-secrete-pour-acheter-le-silence-d-un-ancien-pilier-de-l-udi\">Bobigny: la transaction secr\u00e8te pour acheter le silence d\u2019un ancien pilier de l\u2019UDI<\/a> (M\u00e9diapart)&nbsp;<\/p>\n\n\n\n<p><a href=\"https:\/\/www.anti-k.org\/2021\/03\/24\/il-parie-sur-nos-vies-macron-le-boursicoteur\/\">Il \u00ab&nbsp;parie&nbsp;\u00bb sur nos vies : Macron le boursicoteur ! <\/a>(La France Insoumise)<\/p>\n\n\n\n<p><a href=\"https:\/\/www.revue-ballast.fr\/rosa-luxemburg-la-commune\/\">Rosa Luxemburg et l\u2019ombre de la Commune<\/a> (Ballast)<\/p>\n\n\n\n<figure class=\"wp-block-image is-resized is-style-default\"><img data-recalc-dims=\"1\" loading=\"lazy\" decoding=\"async\" src=\"https:\/\/i0.wp.com\/www.revue-ballast.fr\/wp-content\/uploads\/2021\/03\/rol3.jpg?resize=399%2C250&#038;ssl=1\" alt=\"\" width=\"399\" height=\"250\"\/><figcaption><sub>Combattants spartakistes devant la maison d&rsquo;\u00e9dition Rudolf Mosse, \u00e0 Berlin, <\/sub><br><sub>en janvier 1919 (Berliner Verlag | Archiv)<\/sub><\/figcaption><\/figure>\n\n\n\n<p><a href=\"http:\/\/www.contretemps.eu\/journal-commune-24-mars-1871\/\">La Commune au jour le jour. Vendredi 24 mars 1871<\/a> (Contretemps)<\/p>\n\n\n\n<p><a href=\"https:\/\/blogs.mediapart.fr\/jean-marc-b\/blog\/230321\/100-theatres-et-lieux-de-culture-occupes-ou-mobilises\">100 th\u00e9\u00e2tres et lieux de culture occup\u00e9s ou mobilis\u00e9s <\/a>(Luttes Invisibles)<\/p>\n\n\n\n<p><a href=\"https:\/\/blogs.mediapart.fr\/jean-marc-b\/blog\/230321\/occupations-manifs-greves-il-est-grand-temps-d-y-aller-groupes-pour-gagner\">Occupations, manifs, gr\u00e8ves\u2026 Il est grand temps d\u2019y aller group\u00e9s pour gagner !&nbsp;<\/a> (AR)<\/p>\n\n\n\n<figure class=\"wp-block-image is-resized is-style-default\"><img loading=\"lazy\" decoding=\"async\" src=\"https:\/\/scontent.fhex4-2.fna.fbcdn.net\/v\/t1.0-9\/164315294_116159560536345_8831920040662839754_o.jpg?_nc_cat=107&amp;ccb=1-3&amp;_nc_sid=340051&amp;_nc_ohc=DdZHLCMKpvoAX8wj21J&amp;_nc_ht=scontent.fhex4-2.fna&amp;oh=db35f66fff9b0318ded5a5b715d83613&amp;oe=607FFB2C\" alt=\"Peut \u00eatre une image de texte qui dit \u2019LES VENDREDIS DE LA COL\u00c8RE contre la r\u00e9forme de l'assurance-ch\u00f4mage PMAIT MANIFESTATION Vendredi 26 mars 2021-RDV 2021- 13h- Palais-Royal Minist\u00e8re de la Culture Minist\u00e8re du Travail ccupation T d\u00e9on 2021\u2019\" width=\"324\" height=\"458\"\/><\/figure>\n\n\n\n<p><a href=\"https:\/\/lejournalminimal.fr\/fiche-de-lecture-andre-gorz-une-vie\/\">Fiche de lecture : Andr\u00e9 Gorz, une vie<\/a>&nbsp; (Le journal minimal)<\/p>\n\n\n\n<p><a href=\"http:\/\/www.regards.fr\/la-midinale\/article\/audrey-pulvar-il-faudra-tout-mettre-en-oeuvre-pour-rassembler-la-gauche\">Audrey Pulvar : \u00ab Il faudra tout mettre en \u0153uvre pour rassembler la gauche \u00e9cologiste au second tour \u00bb<\/a> (Regards)<\/p>\n\n\n\n<p><a href=\"https:\/\/www.humanite.fr\/justice-olivier-veran-vise-par-une-plainte-pour-favoritisme-701843#xtor=RSS-1\">Justice. Olivier V\u00e9ran vis\u00e9 par une plainte pour \u00ab favoritisme \u00bb<\/a> (L\u2019Humanit\u00e9)&nbsp;<\/p>\n\n\n\n<p><a href=\"https:\/\/lanticapitaliste.org\/communique\/apres-lattaque-de-la-librairie-la-plume-noire-lyon-solidarite-antifasciste\">Apr\u00e8s l\u2019attaque de la librairie \u00ab La Plume noire \u00bb \u00e0 Lyon, solidarit\u00e9 antifasciste !<\/a> (L\u2019Anticapitaliste)<\/p>\n\n\n\n<p><a href=\"http:\/\/www.regards.fr\/politique\/article\/tous-aux-abris-valls-revient\">Tous aux abris : Valls revient !<\/a> (Regards)<\/p>\n\n\n\n<p><a href=\"http:\/\/www.contretemps.eu\/journal-commune-23-mars-1871\/\">La Commune au jour le jour. Jeudi 23 mars 1871<\/a> (Contretemps)<\/p>\n\n\n\n<p><a href=\"https:\/\/www.humanite.fr\/portraits-de-communardes-elisabeth-dmitrieff-lame-russe-des-barricades-701766#xtor=RSS-1\">Portraits de communardes. \u00c9lisabeth Dmitrieff, l\u2019\u00e2me russe des barricades<\/a> (L\u2019Humanit\u00e9)<\/p>\n\n\n\n<figure class=\"wp-block-image is-resized is-style-default\"><img data-recalc-dims=\"1\" loading=\"lazy\" decoding=\"async\" src=\"https:\/\/i0.wp.com\/static.mediapart.fr\/etmagine\/default\/files\/2021\/03\/01\/arton19166-8a34e.jpg?resize=481%2C321&#038;ssl=1\" alt=\"arton19166-8a34e\" width=\"481\" height=\"321\"\/><\/figure>\n\n\n\n<p><span class=\"has-inline-color has-vivid-red-color\"><strong>23 mars en continu<\/strong><\/span><\/p>\n\n\n\n<p><a href=\"https:\/\/www.leslibraires.fr\/livre\/18245754-a-qui-se-fier--de-la-crise-de-confiance-inst--antoine-bristielle-editions-de-l-aube\" target=\"_blank\" rel=\"noreferrer noopener\">\u00c0 qui se fier ?<\/a> (Antoine Bristielle Ed. de l&rsquo;Aube)<\/p>\n\n\n\n<p><a href=\"https:\/\/blogs.mediapart.fr\/jean-marc-b\/blog\/220321\/ubu-cornegidouille-parie-sur-l-immunite-collective\">Ubu Cornegidouille parie sur l\u2019immunit\u00e9 collective <\/a>-RdP Lulu<\/p>\n\n\n\n<p><a href=\"https:\/\/blogs.mediapart.fr\/jean-marc-b\/blog\/220321\/l-executif-macron-est-un-danger-sanitaire\">L\u2019ex\u00e9cutif Macron est un danger&nbsp;sanitaire <\/a>(Aplutsoc)<\/p>\n\n\n\n<figure class=\"wp-block-image is-resized is-style-default\"><img loading=\"lazy\" decoding=\"async\" src=\"https:\/\/scontent.fsti4-1.fna.fbcdn.net\/v\/t1.0-9\/163195192_1169484923473974_8927452861308972062_n.png?_nc_cat=109&amp;ccb=1-3&amp;_nc_sid=730e14&amp;_nc_ohc=qmiDSdDggxQAX83ZXM7&amp;_nc_ht=scontent.fsti4-1.fna&amp;oh=26050d6d37968d33b53842e55d5aa717&amp;oe=60806ACF\" alt=\"Peut \u00eatre une capture d\u2019\u00e9cran de Twitter de 1 personne et texte qui dit \u2019BFM BFMTV @BFMTV 8h TV. La cote de popularit\u00e9 d'Emmanuel Macron baisse de 4 points mais remontera de 12, d\u00e9s demain, selon un sondage pay\u00e9 par Matignon. bfmtv.com\/politique\/sond... 279 128 322\u2019\" width=\"401\" height=\"296\"\/><\/figure>\n\n\n\n<p><a href=\"https:\/\/info.mediapart.fr\/optiext\/optiextension.dll?ID=5BA5AJ_j5%2B9VP%2BNKxtxTaXx9SQAeyrueLKHLehgMUq9A3UDjXJRsjT7XID2FeSBKmSW5QCLpjDHRa54JCOifyukEpJprl\">Derri\u00e8re la pol\u00e9mique sur l\u2019\u00abislamo-gauchisme\u00bb, la ministre Vidal isol\u00e9e comme jamais<\/a> (MDP)<\/p>\n\n\n\n<p><a href=\"https:\/\/info.mediapart.fr\/optiext\/optiextension.dll?ID=5BA5FpiILEVlp7N5a8fuE6Qg2SvSesI86uz87muXXB4gOu3PXMy373rHifkJ4kusKDh1L%2B7flp%2ByZ7gyKOuxj5YV%2BHvjY\">Mosqu\u00e9e de Pantin: comment mairie et pr\u00e9fecture ont pris en main les affaires du culte<\/a> (MDP)<\/p>\n\n\n\n<p><a href=\"https:\/\/info.mediapart.fr\/optiext\/optiextension.dll?ID=5BA5C69pIedCsjBEnBDLaukABncH71upmM7DPL3UKoD7h%2BuPXsQ72Ok_oPF4UOwato1VTNuQJnBijoojF8v7GDsSuzQ5x\">Napol\u00e9on et les Juifs: encager, encadrer, int\u00e9grer<\/a> (MDP)<\/p>\n\n\n\n<p><a href=\"https:\/\/info.mediapart.fr\/optiext\/optiextension.dll?ID=5BA5BJLXB1zEiOsucZdyS3bW8RNnkoEk4%2Ba0inxqUI82oqqPXNWGoTPyrd9AeYn9KalRyHr7vlBevSJSqn3JpiTigYZzq\">N\u00e9onazis dans l\u2019arm\u00e9e: le d\u00e9but d\u2019un grand m\u00e9nage?<\/a> (MDP)<\/p>\n\n\n\n<p><a href=\"https:\/\/www.monde-diplomatique.fr\/2003\/10\/BIHR\/10606\">\u00c0 bas la propri\u00e9t\u00e9 priv\u00e9e !<\/a> par Alain Bihr &amp; Fran\u00e7ois Chesnais (Le Monde diplomatique)<\/p>\n\n\n\n<p><a href=\"https:\/\/info.mediapart.fr\/optiext\/optiextension.dll?ID=5BA5B3%2BqDanEutRAILINsoim%2BIgycFLf4FCdgjAmXsDHCvzPWqUdl8zOj94A5T0bZtOyBsPn82TBScXAEuISi1L1CrTry\">Plut\u00f4t \u00e0 poil qu&rsquo;en costard: de la nudit\u00e9 en politique<\/a> &#8211; Ma\u010dko Dr\u00e0g\u00e0n<\/p>\n\n\n\n<p><a href=\"http:\/\/www.contretemps.eu\/journal-commune-22-mars-1871\/\">La commune au jour le jour. Mercredi 22 mars 1871<\/a> (Contretemps)<\/p>\n\n\n\n<p><a href=\"http:\/\/www.questionsdeclasses.org\/?La-Commune-de-Paris-racontee-aux-enfants\">La Commune de Paris racont\u00e9e aux enfants&#8230;<\/a> &#8211; <a href=\"https:\/\/www.questionsdeclasses.org\/?_greg_\">Collectif Q2C<\/a><\/p>\n\n\n\n<figure class=\"wp-block-image is-resized is-style-default\"><img loading=\"lazy\" decoding=\"async\" src=\"https:\/\/scontent.fsti4-2.fna.fbcdn.net\/v\/t1.0-9\/163279635_1169500250139108_6927384501844281580_n.png?_nc_cat=104&amp;ccb=1-3&amp;_nc_sid=730e14&amp;_nc_ohc=CiXbMdGkKRoAX-PWf4d&amp;_nc_ht=scontent.fsti4-2.fna&amp;oh=cf533003f1615bdc95190d0fd15ea8c9&amp;oe=607FC13B\" alt=\"Peut \u00eatre une image de 1 personne et Superman\" width=\"455\" height=\"485\"\/><\/figure>\n\n\n\n<p><span class=\"has-inline-color has-vivid-red-color\"><strong>22 mars en continu<\/strong><\/span><\/p>\n\n\n\n<p><a href=\"http:\/\/www.contretemps.eu\/journal-commune-22-mars-1871\/\">La commune au jour le jour. Mercredi 22 mars 1871<\/a> (Contretemps)<\/p>\n\n\n\n<p><a href=\"https:\/\/www.boursorama.com\/actualite-economique\/actualites\/une-centaine-d-anciens-cadres-de-dlf-appellent-a-s-unir-autour-de-marine-le-pen-b38bc95a78edaac1e32699fc5ae64b0c\">Une centaine d&rsquo;anciens cadres de DLF appellent \u00e0 \u00ab\u00a0s&rsquo;unir\u00a0\u00bb autour de Marine Le Pen<\/a> (AFP)<\/p>\n\n\n\n<p><a href=\"https:\/\/lundi.am\/Commune-de-Bordeaux\">Depuis le Grand Th\u00e9\u00e2tre de Bordeaux<\/a> -De l\u2019occupation \u00e0 la Commune<\/p>\n\n\n\n<p><a href=\"https:\/\/lundi.am\/Nous-n-occuperons-pas-seulement-les-theatres-3896\">Nous n\u2019occuperons pas (seulement) les th\u00e9\u00e2tres<\/a> -J\u00e9r\u00f4me Favre<\/p>\n\n\n\n<p><a href=\"https:\/\/lundi.am\/PETITION-ALA-CHAMBRE-DES-DEPUTES-POUR-DES-VILLAGEOIS-QUE-L-ON-EMPECHE-DE-DANSER\">Pour des villageois que l\u2019on emp\u00eache de danser<\/a> (Antiop\u00e9es)<\/p>\n\n\n\n<figure class=\"wp-block-image size-large is-resized is-style-default\"><img data-recalc-dims=\"1\" loading=\"lazy\" decoding=\"async\" src=\"https:\/\/i0.wp.com\/www.rdpemancipation.org\/wp-content\/uploads\/2021\/03\/image-116.png?resize=393%2C273&#038;ssl=1\" alt=\"\" class=\"wp-image-21612\" width=\"393\" height=\"273\" srcset=\"https:\/\/i0.wp.com\/www.rdpemancipation.org\/wp-content\/uploads\/2021\/03\/image-116.png?w=600&amp;ssl=1 600w, https:\/\/i0.wp.com\/www.rdpemancipation.org\/wp-content\/uploads\/2021\/03\/image-116.png?resize=300%2C209&amp;ssl=1 300w\" sizes=\"auto, (max-width: 393px) 100vw, 393px\" \/><\/figure>\n\n\n\n<p><a href=\"https:\/\/blogs.mediapart.fr\/annie-stasse\/blog\/140321\/regionales-centre-val-de-loire-accords-difficiles-gauche\">R\u00e9gionales Centre Val de Loire accords difficiles \u00e0 gauche<\/a> (Annie Stasse)<\/p>\n\n\n\n<p><a href=\"https:\/\/blogs.mediapart.fr\/annie-stasse\/blog\/140321\/depuis-1905-le-ps-est-divise-en-courants-qui-sopposent\">Depuis 1905 le PS est divis\u00e9 en courants qui s&rsquo;opposent<\/a> (Annie Stasse)<\/p>\n\n\n\n<p><a href=\"https:\/\/legrandcontinent.eu\/fr\/2021\/02\/21\/le-tournant-illiberal-de-la-laicite-francaise\/\">Le tournant illib\u00e9ral de la la\u00efcit\u00e9 fran\u00e7aise<\/a> (GrandContinent)<\/p>\n\n\n\n<figure class=\"wp-block-image size-large is-resized is-style-default\"><img data-recalc-dims=\"1\" loading=\"lazy\" decoding=\"async\" src=\"https:\/\/i0.wp.com\/www.rdpemancipation.org\/wp-content\/uploads\/2021\/03\/image-118.png?resize=398%2C470&#038;ssl=1\" alt=\"\" class=\"wp-image-21616\" width=\"398\" height=\"470\" srcset=\"https:\/\/i0.wp.com\/www.rdpemancipation.org\/wp-content\/uploads\/2021\/03\/image-118.png?w=508&amp;ssl=1 508w, https:\/\/i0.wp.com\/www.rdpemancipation.org\/wp-content\/uploads\/2021\/03\/image-118.png?resize=254%2C300&amp;ssl=1 254w\" sizes=\"auto, (max-width: 398px) 100vw, 398px\" \/><figcaption><sub>Chaque jeudi, la nouvelle s\u00e9rie comique de la t\u00e9l\u00e9<\/sub><\/figcaption><\/figure>\n\n\n\n<p><a href=\"https:\/\/blogs.mediapart.fr\/jean-marc-b\/blog\/210321\/jupiter-en-enfer-virus-3-macron-0\">Jupiter en enfer: Virus 3 \u2013 Macron 0 <\/a>-Olivier Berruyer<\/p>\n\n\n\n<p><a href=\"https:\/\/www.nytimes.com\/2021\/03\/21\/world\/vaccine-patents-us-eu.html#click=https:\/\/t.co\/zC26nyF3Ga\">Les pays riches capitulent devant la pand\u00e9miie en refusant la vaccin \u00e0 des milliards d\u2019\u00eatres humains<\/a> (anglais, New York Times)<\/p>\n\n\n\n<p><a href=\"https:\/\/blogs.mediapart.fr\/jean-marc-b\/blog\/210321\/covid-aleveque-la-conference-censuree-par-fb\">Covid Al\u00e9v\u00eaque : la conf\u00e9rence censur\u00e9e par FB <\/a>-vid\u00e9o<\/p>\n\n\n\n<p><a href=\"https:\/\/info.mediapart.fr\/optiext\/optiextension.dll?ID=x10x19Pi6ksYcGt5vPlR_vYqJoZXgmcHVGR3bZ2u7vnXSYwNEtYViSwe7AMgs8fLpoxY1APcZPfMH6IZZTCGHZF9ig4xh\">R\u00e9gionales: en Ile-de-France, les gauches se regardent en chiens de fa\u00efence<\/a> (MDP)<\/p>\n\n\n\n<p><a href=\"https:\/\/info.mediapart.fr\/optiext\/optiextension.dll?ID=x10x0rTUWCtxnA763meMgTv6163_IjD74rW7wdb0iQYNzDHhFbPHrUHnQJRsDjDC7dZtjX6Cps9Ahcu%2B5u3Jcp7_lxKhd\">R\u00e9publique: quarante ans de rapt conservateur<\/a> (MDP)<\/p>\n\n\n\n<p><a href=\"https:\/\/www.humanite.fr\/pandemie-emmanuel-macron-perd-la-maitrise-de-sa-strategie-face-au-covid-701730#xtor=RSS-1\">Pand\u00e9mie. Emmanuel Macron perd la ma\u00eetrise de sa strat\u00e9gie face au Covid<\/a> (L\u2019Humanit\u00e9)<\/p>\n\n\n\n<p><a href=\"https:\/\/info.mediapart.fr\/optiext\/optiextension.dll?ID=x10xYIkdFghTgqpvjzbyzQSeZOEolZrZMrv7rc_x7uFtedDNErUQxUJO1P_bECO7FMOWkvw93Zjl44itPJP%2BWsAallBpP\">Reconfinement: un premier week-end \u00e0 couacs<\/a> (MDP)<\/p>\n\n\n\n<p><a href=\"https:\/\/info.mediapart.fr\/optiext\/optiextension.dll?ID=x10x26WQNbyxJZk9dg4G3ilP4prlrqmaz2sR_4BEG%2BjfwemNEjEzmueZ2f3PacTU7qojumzhwyiugb9k6p6aRHTSTObNT\">Les th\u00e9\u00e2tres ne sont pas occup\u00e9s pour exiger leur r\u00e9ouverture<\/a> &#8211; Juliette Bouchery<\/p>\n\n\n\n<p><a href=\"https:\/\/info.mediapart.fr\/optiext\/optiextension.dll?ID=x10xZfoJchS67HlhHFOK%2B_Ssjf45pqxbmHSMwhlkZd7sQraNE3BoUZbwo%2BMOAp_i7ZCXh5Q53p4ZRQXhAJoaJN6UcvrxR\">Les nouvelles formes de l\u2019imp\u00e9rialisme<\/a> (MDP)<\/p>\n\n\n\n<figure class=\"wp-block-image is-resized is-style-default\"><img data-recalc-dims=\"1\" loading=\"lazy\" decoding=\"async\" src=\"https:\/\/i0.wp.com\/static.mediapart.fr\/etmagine\/default\/files\/2019\/02\/01\/danger-de-guerre-palabres-inutiles.jpg?resize=288%2C340&#038;ssl=1\" alt=\" \u00a9 Plantu\" width=\"288\" height=\"340\" title=\" \u00a9 Plantu\"\/><\/figure>\n\n\n\n<p><a href=\"https:\/\/info.mediapart.fr\/optiext\/optiextension.dll?ID=x10xWF555pnilHvUAAxNSDK7aVOULYhW%2BvA5iBK0M7dYZaYNEvir9NtGklsVdqGzX05GxHb8TapP1bBYUDgcAJCDVX2pg\">L&rsquo;ind\u00e9cence n&rsquo;est pas l\u00e0 o\u00f9 on croit<\/a> &#8211; Occupation Th\u00e9\u00e2tre de L\u2019Union<\/p>\n\n\n\n<p><a href=\"https:\/\/www.boursorama.com\/actualite-economique\/actualites\/a-marseille-des-milliers-de-personnes-font-fi-des-restrictions-anti-covid-pour-un-carnaval-4404bba6e949fc46567b24c573a10d75\">A Marseille, des milliers de personnes font fi des restrictions anti-Covid pour un carnaval<\/a> (AFP)<\/p>\n\n\n\n<p><a href=\"https:\/\/www.humanite.fr\/mobilisations-toulouse-artistes-et-intermittents-font-leur-printemps-701727#xtor=RSS-1\">Mobilisations. \u00c0 Toulouse, artistes et intermittents font leur printemps <\/a>(L\u2019Humanit\u00e9)&nbsp;<\/p>\n\n\n\n<p><a href=\"https:\/\/www.humanite.fr\/mobilisation-marseille-tous-unis-pour-sauver-lecosysteme-de-la-culture-701726#xtor=RSS-1\">Mobilisation. \u00c0 Marseille, tous unis pour sauver \u00ab l\u2019\u00e9cosyst\u00e8me de la culture \u00bb<\/a> (L\u2019Humanit\u00e9)<\/p>\n\n\n\n<p><a href=\"https:\/\/www.boursorama.com\/actualite-economique\/actualites\/regionales-melenchon-propose-un-compromis-aux-verts-sur-les-tetes-de-liste-8f55421bb4c9047fa3c0e617e295d61b\">R\u00e9gionales: M\u00e9lenchon propose un compromis aux Verts sur les t\u00eates de liste<\/a>&nbsp; (AFP)<\/p>\n\n\n\n<p><a href=\"https:\/\/info.mediapart.fr\/optiext\/optiextension.dll?ID=x10xZME%2B0i2Wa4SK_11w6k1j_slWXIx%2BtHRfrh5E1__%2BEgrNEOXFKnAfFQN9FTFHsLRkOuh8f3TqEHD_MUv%2B0zoCu0A%2B6\">La Commune et les Gilets Jaunes<\/a> &#8211; blog <a href=\"https:\/\/info.mediapart.fr\/optiext\/optiextension.dll?ID=x10xZXdnhzbnSZpMWBLyeaO4CyvgD5ow2BNrGQ6T1sixOccNF0OxGaUIxsvoowibb2ZMgpuZwJgyEC3%2Bh%2B1uJY5u1M9hM\">prc<\/a><\/p>\n\n\n\n<p><a href=\"http:\/\/www.contretemps.eu\/journal-commune-21-mars-1871\/\">La Commune au jour le jour. Mardi 21 mars 1871<\/a> (Contretemps)&nbsp;<\/p>\n\n\n\n<figure class=\"wp-block-image is-resized is-style-default\"><img data-recalc-dims=\"1\" loading=\"lazy\" decoding=\"async\" src=\"https:\/\/i0.wp.com\/static.mediapart.fr\/etmagine\/default\/files\/2021\/03\/21\/melenchon3.jpg?resize=282%2C280&#038;ssl=1\" alt=\"melenchon3\" width=\"282\" height=\"280\"\/><\/figure>\n\n\n\n<p><span class=\"has-inline-color has-vivid-red-color\"><strong>21 mars en continu<\/strong><\/span><\/p>\n\n\n\n<p><a href=\"https:\/\/www.ladepeche.fr\/2021\/03\/20\/gilets-jaunes-ce-lundi-souvre-le-proces-du-saccage-de-larc-de-triomphe-9439628.php?fbclid=IwAR1kxeD_ncS6MmnWG8a5x9u0eu0Wp66YMUQJdsV85XQs2fT5K4bVEERyo4A\">Gilets jaunes : ce lundi s\u2019ouvre le proc\u00e8s du saccage de l\u2019Arc de Triomphe<\/a> (La d\u00e9p\u00eache)<\/p>\n\n\n\n<p><a href=\"https:\/\/www.monde-diplomatique.fr\/2015\/05\/ROSS\/52944\">L\u2019internationalisme au temps de la Commune<\/a> (Monde diplomatique)<\/p>\n\n\n\n<figure class=\"wp-block-image is-resized\"><img data-recalc-dims=\"1\" loading=\"lazy\" decoding=\"async\" src=\"https:\/\/i0.wp.com\/www.monde-diplomatique.fr\/local\/cache-vignettes\/L890xH704\/albert-peters-desteract890-c5510.jpg?resize=375%2C296&#038;ssl=1\" alt=\"JPEG - 237.7\u00a0ko\" width=\"375\" height=\"296\"\/><figcaption><sub>Albert Peters Desteract. \u2014 \u00abLes obs\u00e8ques de Louise Michel\u00bb, 1905.<\/sub><\/figcaption><\/figure>\n\n\n\n<p><a href=\"https:\/\/www.ipsos.com\/fr-fr\/barometre-politique-ipsos-le-point-la-popularite-demmanuel-macron-progresse-nettement\">Barom\u00e8tre politique Ipsos 10\/03\/2021: la gauche en baisse<\/a> (Ipsos)<\/p>\n\n\n\n<figure class=\"wp-block-image size-large\"><img data-recalc-dims=\"1\" loading=\"lazy\" decoding=\"async\" width=\"473\" height=\"346\" src=\"https:\/\/i0.wp.com\/www.rdpemancipation.org\/wp-content\/uploads\/2021\/03\/todd.jpg?resize=473%2C346&#038;ssl=1\" alt=\"\" class=\"wp-image-21520\" srcset=\"https:\/\/i0.wp.com\/www.rdpemancipation.org\/wp-content\/uploads\/2021\/03\/todd.jpg?w=473&amp;ssl=1 473w, https:\/\/i0.wp.com\/www.rdpemancipation.org\/wp-content\/uploads\/2021\/03\/todd.jpg?resize=300%2C219&amp;ssl=1 300w\" sizes=\"auto, (max-width: 473px) 100vw, 473px\" \/><figcaption><sub>Rappel<\/sub><\/figcaption><\/figure>\n\n\n\n<p><a href=\"https:\/\/alt-rev.com\/2021\/03\/21\/covid-1-an-apres-pas-de-quartier\/\">\u201cCOVID, 1 an apr\u00e8s\u201d<\/a>&nbsp; (vid\u00e9o QG)<\/p>\n\n\n\n<p><a href=\"https:\/\/alt-rev.com\/2021\/03\/21\/laurent-pietraszewski-oblige-de-sexpliquer-sur-son-passe-et-ses-liens-avec-auchan\/\">Laurent Pietraszewski oblig\u00e9 de s\u2019expliquer sur son pass\u00e9 et ses liens avec Auchan<\/a> (Figaro)<\/p>\n\n\n\n<p><a href=\"https:\/\/alt-rev.com\/2021\/03\/20\/comprendre-la-bataille-des-theatres-occupes\/\">Comprendre la bataille des th\u00e9\u00e2tres occup\u00e9s<\/a> (Rapports de force)<\/p>\n\n\n\n<p><a href=\"https:\/\/alt-rev.com\/2021\/03\/20\/quils-se-servent-de-leurs-armes-le-traitement-mediatique-des-gilets-jaunes\/\">\u201cQu\u2019ils se servent de leurs armes. Le traitement m\u00e9diatique des Gilets jaunes\u201d<\/a> (RT France)<\/p>\n\n\n\n<p><a href=\"https:\/\/lvsl.fr\/de-leurope-a-lasie-la-democratie-comme-mode-de-gestion-de-lepidemie-de-covid-19\/\">De l\u2019Europe \u00e0 l\u2019Asie : la d\u00e9mocratie comme mode de gestion de l\u2019\u00e9pid\u00e9mie de Covid-19<\/a> (Le Vent Se L\u00e8ve)<\/p>\n\n\n\n<p><a href=\"https:\/\/www.anti-k.org\/2021\/03\/21\/penser-le-temps-long-voila-ce-qui-manque-cruellement-a-nos-dirigeants\/\">Penser le temps long : voil\u00e0 ce qui manque cruellement \u00e0 nos dirigeants&nbsp;<\/a> (Reporterre)<\/p>\n\n\n\n<p><a href=\"https:\/\/www.anti-k.org\/2021\/03\/20\/le-debat-de-ruffin-avec-barbara-stiegler-prof-de-philo-autour-de-son-dernier-livre-2\/\">D\u00e9bat de Ruffin avec Barbara Stiegler, prof de philo autour de son dernier livre&nbsp; <\/a>-vid\u00e9o<\/p>\n\n\n\n<figure class=\"wp-block-embed is-type-video is-provider-youtube wp-block-embed-youtube wp-embed-aspect-16-9 wp-has-aspect-ratio\"><div class=\"wp-block-embed__wrapper\">\n<iframe loading=\"lazy\" title=\"Barbara Stiegler x Fran\u00e7ois Ruffin : Covid, Macron et allergie \u00e0 la d\u00e9mocratie\" width=\"1200\" height=\"675\" src=\"https:\/\/www.youtube.com\/embed\/DKee-NveOFw?start=88&#038;feature=oembed\" frameborder=\"0\" allow=\"accelerometer; autoplay; clipboard-write; encrypted-media; gyroscope; picture-in-picture\" allowfullscreen><\/iframe>\n<\/div><\/figure>\n\n\n\n<p><a href=\"https:\/\/rebellyon.info\/Communique-de-l-UCL-Lyon-suite-a-la-23004\">Communiqu\u00e9 de l&rsquo;UCL Lyon suite \u00e0 la nouvelle attaque de la libraire La Plume Noire<\/a> (Mutu)<\/p>\n\n\n\n<p><a href=\"https:\/\/www.anti-k.org\/2021\/03\/20\/alpes-de-haute-provence-environ-400-personnes-defilent-a-forcalquier-pour-une-marche-des-libertes\/\">Alpes-de-Haute-Provence : environ 400 personnes d\u00e9filent \u00e0 Forcalquier pour une \u00ab&nbsp;marche des libert\u00e9s&nbsp;\u00bb <\/a>(Anti-K)<\/p>\n\n\n\n<p><a href=\"https:\/\/www.boursorama.com\/actualite-economique\/actualites\/france-roselyne-bachelot-positive-au-covid-19-eaa96af3e2403ced114c8e213b2c8612\">France: Roselyne Bachelot positive au COVID-19<\/a> (Reuters)<a href=\"https:\/\/www.anti-k.org\/2021\/03\/21\/la-roche-sur-yon-la-re-decoration-communarde-continue\/\">La Roche-sur-Yon : La r\u00e9-d\u00e9coration communarde continue <\/a>(Anti-K)<\/p>\n\n\n\n<p><a href=\"https:\/\/aplutsoc.org\/2021\/03\/18\/vive-la-commune\/\">Vive la Commune !<\/a> (Arguments pour la lutte sociale)<\/p>\n\n\n\n<figure class=\"wp-block-image is-resized is-style-default\"><img loading=\"lazy\" decoding=\"async\" src=\"https:\/\/scontent.fhex4-2.fna.fbcdn.net\/v\/t1.0-9\/162753352_1168310496924750_1603646485759619151_n.png?_nc_cat=111&amp;ccb=1-3&amp;_nc_sid=730e14&amp;_nc_ohc=1GtNCNdHCZIAX-Gyx2I&amp;_nc_ht=scontent.fhex4-2.fna&amp;oh=0046752b74c4f772b95e491620ca8080&amp;oe=607E03F7\" alt=\"Peut \u00eatre une image de 1 personne\" width=\"421\" height=\"290\"\/><figcaption><sub>Les islamo-gauchistes ont piqu\u00e9 ma r\u00e9serve de tagada<\/sub><\/figcaption><\/figure>\n\n\n\n<p><a href=\"https:\/\/www.boursorama.com\/actualite-economique\/actualites\/plusieurs-milliers-de-personnes-dans-la-rue-contre-le-racisme-et-les-violences-policieres-1fcbef8642a65af05dbd2539584668c4\">Plusieurs milliers de personnes dans la rue contre le racisme et les violences polici\u00e8res<\/a> (AFP)<\/p>\n\n\n\n<p><a href=\"https:\/\/info.mediapart.fr\/optiext\/optiextension.dll?ID=RjiRnzfRMOcROHcvqpSWgca1GHg48BUbjyvLuPt9olvEBPlBIfKpa2QcoJ4T_fGfjVw5qUfWa5VOo2BipDIVILkNCTMBm\">Fr\u00e9d\u00e9rique Vidal n&rsquo;est d\u00e9j\u00e0 plus notre ministre<\/a> -Les invit\u00e9s de Mediapart<\/p>\n\n\n\n<p><a href=\"https:\/\/info.mediapart.fr\/optiext\/optiextension.dll?ID=RjiRpNtqqUoN_S7tvYRPVfs1PX9khThUHBagg06MZ0YmUalBII8C6TJtUzxzbsfI4SAqeMGePc_xH94NS85HYCsCDqiZW\">De quoi la campagne contre l&rsquo;\u00abislamo-gauchisme\u00bb est-elle le nom?<\/a> &#8211; Sol V. Steiner<\/p>\n\n\n\n<figure class=\"wp-block-image is-resized is-style-default\"><img loading=\"lazy\" decoding=\"async\" src=\"https:\/\/i0.wp.com\/www.anti-k.org\/wp-content\/uploads\/2021\/03\/ac4388107ec619b4c2aa3b13b04fdc.jpg?resize=678%2C381&amp;ssl=1\" alt=\"\" width=\"412\" height=\"232\" title=\"ac4388107ec619b4c2aa3b13b04fdc.jpg\"\/><\/figure>\n\n\n\n<p><a href=\"https:\/\/www.rue89lyon.fr\/2021\/03\/20\/une-librairie-libertaire-encore-attaquee-a-lyon-la-marque-de-lextreme-droite-radicale\/\">Une librairie libertaire encore attaqu\u00e9e \u00e0 Lyon : la marque de l\u2019extr\u00eame droite radicale<\/a> (Rue89Lyon)&nbsp;<\/p>\n\n\n\n<p><a href=\"https:\/\/www.revolutionpermanente.fr\/Trotsky-Grasmci-et-l-emergence-de-la-classe-ouvriere-comme-sujet-hegemonique\">Trotsky, Grasmci et l\u2019\u00e9mergence de la classe ouvri\u00e8re comme sujet h\u00e9g\u00e9monique<\/a> (RP)<\/p>\n\n\n\n<p><a href=\"https:\/\/www.revolutionpermanente.fr\/Intervenir-dans-chaque-bataille-partielle-en-l-articulant-a-la-perspective-de-la-revolution\">\u00ab&nbsp;Intervenir dans chaque bataille partielle en l\u2019articulant \u00e0 la perspective de la r\u00e9volution&nbsp;!&nbsp;\u00bb<\/a> (RP)<\/p>\n\n\n\n<p><a href=\"https:\/\/www.revolutionpermanente.fr\/Une-personne-sur-deux-entend-braver-le-confinement-nouveau-casse-tete-pour-le-gouvernement\">Une personne sur deux entend braver le confinement&nbsp;: nouveau casse t\u00eate pour le gouvernement<\/a> (RP)<\/p>\n\n\n\n<p><a href=\"http:\/\/www.contretemps.eu\/journal-commune-20-mars-1871\/\">La Commune au jour le jour. Lundi 20 mars 1871<\/a> par Contretemps<\/p>\n\n\n\n<p><a href=\"https:\/\/www.humanite.fr\/fulgurante-commune-de-paris-par-roger-martelli-701524#xtor=RSS-1\">\u00ab\u00a0Fulgurante Commune de Paris !\u00a0\u00bb par Roger Martelli<\/a> (L\u2019Humanit\u00e9)<\/p>\n\n\n\n<p><a href=\"https:\/\/www.revue-ballast.fr\/marx-au-vif-de-la-commune\/\">Marx au vif de la Commune<\/a> (Ballast)<\/p>\n\n\n\n<p><a href=\"https:\/\/www.humanite.fr\/les-damnes-de-la-commune-de-raphael-meyssan-revivent-sur-arte-701590#xtor=RSS-1\">\u00ab Les Damn\u00e9s de la Commune \u00bb de Rapha\u00ebl Meyssan revivent sur Arte<\/a> (L\u2019Humanit\u00e9)&nbsp;<\/p>\n\n\n\n<p><a href=\"https:\/\/www.humanite.fr\/20-mars-1871-lexecution-des-generaux-dans-les-journaux-hier-et-aujourdhui-701715#xtor=RSS-1\">20 mars 1871, l\u2019ex\u00e9cution des g\u00e9n\u00e9raux dans les journaux, hier et aujourd\u2019hui<\/a> (L\u2019Humanit\u00e9)<\/p>\n\n\n\n<p><a href=\"https:\/\/info.mediapart.fr\/optiext\/optiextension.dll?ID=RjiRj3UzRz2w5oPXAEKoJriI8jaHk9e2RtA2SssYU_Q1z6z7JrMQl3G9cbPcCIdNgi7iZ1tmRbKMXLUbuXKMAcVFXm6lE\">Sur les traces de \u00abLa Commune de Paris 1871\u00bb<\/a> &#8211; film docu<\/p>\n\n\n\n<figure class=\"wp-block-image is-resized is-style-default\"><img loading=\"lazy\" decoding=\"async\" src=\"https:\/\/scontent.fhex4-1.fna.fbcdn.net\/v\/t1.0-9\/162508294_1168279280261205_1111738832533176410_n.png?_nc_cat=104&amp;ccb=1-3&amp;_nc_sid=730e14&amp;_nc_ohc=ITj-a4skLksAX9J32bQ&amp;_nc_ht=scontent.fhex4-1.fna&amp;oh=4028bf0203915cd5e0e58b12768909a6&amp;oe=607A6AC7\" alt=\"Peut \u00eatre une image de 2 personnes et texte qui dit \u2019EnModeMacaronT @EnModeMacaron ON ACCEPTE \u00c7A ? La Cour des comptes r\u00e9v\u00e8le que Brigitte dispose d'un directeur du cabinet, d'un chef de cabinet et d'une assistante qui lui consacrent les 2\/3 de leur activit\u00e9, soit un co\u00fbt consid\u00e9rable de 278.000 euros... En plus de son statut \u00e0 538.000 euros!? 1:19 PM 19 mars 2021 Twitter for iPhone\u2019\" width=\"329\" height=\"407\"\/><\/figure>\n\n\n\n<p><span class=\"has-inline-color has-vivid-red-color\"><strong>20 mars en continu<\/strong><\/span><\/p>\n\n\n\n<p><a href=\"https:\/\/www.youtube.com\/watch?v=sBLwC6BQX-s\">Face au d\u00e9sastre qui vient, le communisme d\u00e9sirable<\/a> (F.Lordon , Le media)<\/p>\n\n\n\n<p><a href=\"https:\/\/rapportsdeforce.fr\/recaphebdo\/printemps-social-ou-printemps-confine-03209674\">Printemps social ou printemps confin\u00e9 ?<\/a> (Rapports de Force)&nbsp;<\/p>\n\n\n\n<p><a href=\"https:\/\/www.mediapart.fr\/journal\/france\/200321\/paris-le-climat-devient-extreme-nous-aussi\">\u00c0 Paris, \u00able climat devient extr\u00eame, nous aussi\u00bb<\/a> (M\u00e9diapart)<\/p>\n\n\n\n<p><a href=\"https:\/\/reporterre.net\/Climat-Cela-fait-un-bien-fou-de-pouvoir-a-nouveau-manifester\">Climat&nbsp;: \u00ab&nbsp;Cela fait un bien fou de pouvoir \u00e0 nouveau manifester&nbsp;\u00bb<\/a> (Reporterre)&nbsp;<\/p>\n\n\n\n<figure class=\"wp-block-image is-resized is-style-default\"><img data-recalc-dims=\"1\" loading=\"lazy\" decoding=\"async\" src=\"https:\/\/i0.wp.com\/reporterre.net\/IMG\/jpg\/_r0a1489.jpg?resize=522%2C348&#038;ssl=1\" alt=\"\" width=\"522\" height=\"348\"\/><\/figure>\n\n\n\n<p><a href=\"https:\/\/www.ldh-france.org\/lobservatoire-de-la-liberte-de-creation-soutient-corinne-masiero-contre-lordre-moral-sexiste\/\">L\u2019Observatoire de la libert\u00e9 de cr\u00e9ation soutient Corinne Masiero contre l\u2019ordre moral sexiste<\/a> (Ligue des droits de l\u2019Homme)<\/p>\n\n\n\n<p><a href=\"https:\/\/solidaires.org\/Communique-CGT-FSU-et-Solidaires-de-soutien-a-l-UNEF\">Communiqu\u00e9 CGT, FSU et Solidaires de soutien \u00e0 l&rsquo;UNEF<\/a> (Solidaires)<\/p>\n\n\n\n<p><a href=\"https:\/\/www.facebook.com\/Juliooo.Lopezovitch\/videos\/10159253513024362\">\u00ab\u00a0Vous \u00eates un gouvernement de merde !&nbsp;\u00bb: une Ministre rencontre la Col\u00e8re du Peuple<\/a> -vid\u00e9o<\/p>\n\n\n\n<p><a href=\"https:\/\/reporterre.net\/La-loi-Climat-a-subi-d-enormes-reculs-a-l-Assemblee\">La loi Climat a subi d&rsquo;\u00e9normes reculs \u00e0 l&rsquo;Assembl\u00e9e<\/a> (Reporterre)<\/p>\n\n\n\n<p><a href=\"https:\/\/www.mediapart.fr\/journal\/france\/190321\/quand-la-loi-climat-fonce-droit-dans-le-mur\">Quand la loi climat fonce droit dans le mur<\/a> (Mediapart)<\/p>\n\n\n\n<p><a href=\"https:\/\/l.facebook.com\/l.php?u=https:\/\/www.ouest-france.fr\/bourgogne-franche-comte\/cote-dor\/covid-19-un-dejeuner-entre-elus-prevu-dans-un-restaurant-a-failli-provoquer-un-scandale-7193074?utm_medium=Social&amp;utm_source=Facebook&amp;fbclid=IwAR2_yI-ZuSXvKa31GmEPE3ZCIRhIm7qNgp4iyq854LMfsKejQG6iSV_-Oo8#Echobox=1616165272&amp;h=AT1erGbrfpLDo3OUnRiY83vk_PkFtphwJQdRmFhgLrkWv_JdN_LYOidV0V9CnI3-ApxL46T00uJ0Cc0tYqAMhQVsjqh3rhZ-LTOFMt-EwfwYfoNMJOG7oCvOC3BOaplsac6eFTc&amp;__tn__=,mH-R&amp;c%5B0%5D=AT0nNzf9xs1MnbKwDFSuel0aboA2IMu8VKB2mgSoVmRyBz5h0H67rQfIsuMs0QnCnEkwFAnSBdoBOKnTxolqBUqTMnpRWehX6Mb_Bc5GxUrpLP4bBns7QIjMB5QjkIjHRT0d5RJNnSja7nkgWQHYa-_UPSbxrFXO0BskM5oMK5Q_BGc\">Covid-19. Un d\u00e9jeuner entre \u00e9lus, pr\u00e9vu dans un restaurant, a failli provoquer un scandale <\/a>(Ouest France)<\/p>\n\n\n\n<p><a href=\"https:\/\/www.boursorama.com\/actualite-economique\/actualites\/2022-cambadelis-propose-a-toute-la-gauche-de-sceller-un-pacte-legislatif-370d028e7658f25b04f423450df34c47\">2022: Cambad\u00e9lis propose \u00e0 toute la gauche de sceller un \u00ab\u00a0pacte l\u00e9gislatif\u00a0\u00bb<\/a> (AFP)<\/p>\n\n\n\n<p><a href=\"http:\/\/www.contretemps.eu\/origines-rn-occident-fascisme-violence-vietnam-mai68\/\">Aux origines du RN (2) \u2013 Occident : \u00ab g\u00e9n\u00e9ration cogneurs \u00bb<\/a> par Contretemps<\/p>\n\n\n\n<figure class=\"wp-block-image is-resized is-style-default\"><img loading=\"lazy\" decoding=\"async\" src=\"https:\/\/scontent.fhex4-2.fna.fbcdn.net\/v\/t1.0-9\/162914878_1168285250260608_1813506126545043586_o.jpg?_nc_cat=108&amp;ccb=1-3&amp;_nc_sid=730e14&amp;_nc_ohc=IToB4JFbVlsAX_7wara&amp;_nc_ht=scontent.fhex4-2.fna&amp;oh=8cbe0dab66f9c3ab6886112ec2cc9a4f&amp;oe=607CCDF2\" alt=\"Peut \u00eatre une image de carte et texte qui dit \u201919 mars 2021 #occupations Havre Calais Lille Amiens Caen Tergnier Noyon Brest Rouen Lannion Timid Saint Brieuc Reims Aubervilliers S Montreuil Laval Le Mans Rennes Lorient SaintNazaire Orl\u00e9ans Nancy Strasbourg Angers antes Roch Tours Dijon WITII Chateauroux Poitiers Niort Besan\u00e7on LaRochelle Ch\u00e2lon sur Saone Lons| Saunier Limoges Clermont-Ferrand Bourg Lyon Bresse Tulle E Bordeaux Saint Etienne Villeurbanne P\u00e9rigueux Aurillac Chamb\u00e9ry La R\u00e9union Mont Valence Grenoble Marsan Mende Die Millau Auch Al\u00e8s Nimes Pau Toulouse Nice Montpellier \u798fL Marseille\u2019\" width=\"439\" height=\"449\"\/><figcaption><sub>Belle meteo ensoleill\u00e9e du matin&nbsp; 74 th\u00e9\u00e2tres et lieux de culture occup\u00e9s hier soir<\/sub><br><sub> et ca s\u2019\u00e9tend en Belgique<\/sub><\/figcaption><\/figure>\n\n\n\n<p><a href=\"https:\/\/www.boursorama.com\/videos\/actualites\/paris-des-centaines-de-jeunes-manifestent-contre-la-crise-climatique-et-la-precarite-5cf6c887b80928cf043084456ba14bd6\">Paris: des centaines de jeunes manifestent contre la crise climatique et la pr\u00e9carit\u00e9<\/a> (AFP vid\u00e9o)<\/p>\n\n\n\n<p><a href=\"https:\/\/www.rue89lyon.fr\/2021\/03\/19\/securite-globale-culture-a-lyon-3-manifestations-pour-1-samedi\/\">\u00c0 Lyon et Villeurbanne, 3 manifestations ce samedi<\/a> (Rue89Lyon)<\/p>\n\n\n\n<p><a href=\"https:\/\/rebellyon.info\/Ce-week-end-plusieurs-moment-de-23001\">R\u00e9cap des mobilisations du week-end<\/a> (Mutu )<\/p>\n\n\n\n<p><a href=\"https:\/\/www.boursorama.com\/actualite-economique\/actualites\/bosch-rodez-agnes-pannier-runacher-chahutee-par-les-manifestants-7c9233861c288c8e21fcdc619801122b\">Bosch Rodez: Agn\u00e8s Pannier-Runacher chahut\u00e9e par les manifestants<\/a> (AFP)<\/p>\n\n\n\n<p><a href=\"https:\/\/info.mediapart.fr\/optiext\/optiextension.dll?ID=ZrqZw64b_HgYg69WCJ9Xgr6tpVqO5f%2BBNJecNV6gAgrcv72d6cMA55PcpfyqIgA708lSObl78s2Tw4Zh4XMpnLmNonH7N\">La R\u00e9publique, une dynamique confisqu\u00e9e<\/a> (MDP)<\/p>\n\n\n\n<p><a href=\"https:\/\/info.mediapart.fr\/optiext\/optiextension.dll?ID=ZrqZs2i8vglj9qZDfp%2BjJea9aTlSC6LSigRVIveCb_RHbnbd7PAu8XgT%2B9RYB1v6QndKznF_1CE6HhGpKArfhmOC%2BpMJQ\">Quand la loi \u00abclimat\u00bb fonce droit dans le mur<\/a> (MDP)<\/p>\n\n\n\n<p><a href=\"https:\/\/info.mediapart.fr\/optiext\/optiextension.dll?ID=ZrqZuERc2h17fJeHgMi53uUzTpcpV2mZLAbtv1g8eH84r3Zd76ha6JQkczJNrfdOhvESh32hXWEKLyKBtMUXrNr5HY_RE\">Usul. Jean Castex chez Samuel Etienne: Twitch au secours de l\u2019ancien monde<\/a> -Usul et R\u00e9mi Liechti<\/p>\n\n\n\n<figure class=\"wp-block-image is-resized is-style-default\"><img loading=\"lazy\" decoding=\"async\" src=\"https:\/\/scontent.fhex4-2.fna.fbcdn.net\/v\/t1.0-9\/162197687_2901416746791120_316554700509856285_n.jpg?_nc_cat=108&amp;ccb=1-3&amp;_nc_sid=dbeb18&amp;_nc_ohc=sDoTIrpLjGEAX8odpYy&amp;_nc_oc=AQmD5NHS9gO0SYhgaYlBOZpZk1cQ_Ra28jHtz-crBdzFIUf7KZYoSyrG2psnUTKGtK8&amp;_nc_ht=scontent.fhex4-2.fna&amp;oh=514c4eed5343e246a41c47754a8b1d01&amp;oe=607ABE24\" alt=\"Aucune description de photo disponible.\" width=\"333\" height=\"592\"\/><\/figure>\n\n\n\n<p><a href=\"https:\/\/info.mediapart.fr\/optiext\/optiextension.dll?ID=ZrqZrbe9msmT9ROkUMydL1JeTAXCE53zPBlSVDGrLuq%2Bq8Vd7DgiVE49J6RQ78QJe4aQAJd2VM4pfLSszF%2BHBNquJtIZc\">Le Barnum comm\u00e9moriel d\u2019Emmanuel Macron<\/a> &#8211; O. Le Cour Grandmaison<\/p>\n\n\n\n<p><a href=\"https:\/\/blogs.mediapart.fr\/jean-marc-b\/blog\/200321\/ubu-chasse-la-glu\">Ubu chass\u00e9 \u00e0 la glu&#8230; <\/a>-RdP Lulu (Regards)<\/p>\n\n\n\n<p><a href=\"https:\/\/info.mediapart.fr\/optiext\/optiextension.dll?ID=ZrqZtTEfd2fDJ0%2BmZuTgnnJyen6vMOsB8msgcbLV7zZcaQHJ6DPSASycmxVIv611ialARO6IDAaIqyxElGWDq0Bc2tstG\">Anticor&#8230; sur la voie des d\u00e9sagr\u00e9ments<\/a> -Jean-Pierre Steiner<\/p>\n\n\n\n<p><a href=\"https:\/\/blogs.mediapart.fr\/jean-marc-b\/blog\/200321\/et-ma-lumiere-fut-par-philippe-corcuff\">\u00ab&nbsp;Et ma lumi\u00e8re fut&nbsp;\u00bb, par Philippe Corcuff <\/a>(Acrimed)<\/p>\n\n\n\n<p><a href=\"http:\/\/www.regards.fr\/la-midinale\/article\/quel-bilan-politique-de-la-crise-du-covid-un-an-apres-debat-avec-alain-bertho\">Quel bilan politique de la crise du Covid, un an apr\u00e8s ? D\u00e9bat avec Alain Bertho et Catherine Tricot<\/a> (Regards)<\/p>\n\n\n\n<p><a href=\"https:\/\/info.mediapart.fr\/optiext\/optiextension.dll?ID=ZrqZuiYHON659JBAu8bbW_7LLS9mN6s7lshxp7kP0n2y3k2d7G9lgRCGLiH0kJ5ZHHNjkxsh9HLxDRQi0xoUUd9qfkuRt\">Macron: mes connaissances, au risque de la m\u00e9connaissance<\/a>&#8211; Minimaliste 13<\/p>\n\n\n\n<figure class=\"wp-block-image is-resized is-style-default\"><img loading=\"lazy\" decoding=\"async\" src=\"https:\/\/scontent-mrs2-1.xx.fbcdn.net\/v\/t1.0-9\/162415787_2649527722011383_1801836247395681711_o.jpg?_nc_cat=105&amp;ccb=1-3&amp;_nc_sid=8bfeb9&amp;_nc_ohc=tei7-etJRkMAX-qfYS2&amp;_nc_ht=scontent-mrs2-1.xx&amp;oh=1ee1b818d770397303261a64145992ef&amp;oe=607C95AC\" alt=\"Peut \u00eatre un dessin anim\u00e9\" width=\"477\" height=\"331\"\/><\/figure>\n\n\n\n<p><a href=\"https:\/\/www.humanite.fr\/francois-mariani-reconnu-coupable-de-denonciation-calomnieuse-lencontre-dun-inspecteur-de-lurssaf#xtor=RSS-1\">Fran\u00e7ois Mariani reconnu coupable de d\u00e9nonciation calomnieuse \u00e0 l\u2019encontre d\u2019un inspecteur de l\u2019Urssaf<\/a> (L\u2019Humanit\u00e9)<\/p>\n\n\n\n<p><a href=\"https:\/\/blogs.mediapart.fr\/jean-marc-b\/blog\/190321\/150-ans-de-la-commune-de-paris-des-lecons-pour-la-revolution\">150 ans de la Commune de Paris : des le\u00e7ons pour la r\u00e9volution ! <\/a>(A&amp;R)<\/p>\n\n\n\n<p><a href=\"https:\/\/lvsl.fr\/celebrons-la-commune-de-paris-par-alexis-corbiere\/\">\u00ab C\u00e9l\u00e9brons la Commune de Paris \u00bb \u2013 par Alexis Corbi\u00e8re<\/a> (Le Vent Se L\u00e8ve)<\/p>\n\n\n\n<p><a href=\"https:\/\/macommunedeparis.com\/2019\/01\/22\/emile-zola-et-la-commune\/\">\u00c9mile Zola contre la Commune&nbsp;<\/a> (La Commune de Paris \u2013 Blog de Mich\u00e8le Audin)<\/p>\n\n\n\n<p><a href=\"https:\/\/www.mediapart.fr\/journal\/culture-idees\/111020\/pourquoi-la-commune-traverse-le-temps\">Pourquoi la Commune a travers\u00e9 le temps<\/a> (Mediapart)<\/p>\n\n\n\n<p><a href=\"https:\/\/info.mediapart.fr\/optiext\/optiextension.dll?ID=ZrqZvU1gVj3LzU2rqjSoEuTSOm_CzMBNYBlZ71SvHICDfuhJ6fpQuunsns4bsxXL_QHJMRSpWKXPJhLh8thnTXBEMuYlz\">La Clef: une zad culturelle dans Paris<\/a> &#8211; Faisons vivre la Commune!<\/p>\n\n\n\n<figure class=\"wp-block-image is-resized is-style-default\"><img loading=\"lazy\" decoding=\"async\" src=\"https:\/\/scontent.fhex4-1.fna.fbcdn.net\/v\/t1.0-9\/162814855_1167583520330781_5200687839434374134_n.png?_nc_cat=101&amp;ccb=1-3&amp;_nc_sid=730e14&amp;_nc_ohc=IfmEZx2UCvMAX9IElp9&amp;_nc_ht=scontent.fhex4-1.fna&amp;oh=24ef9b0c6fccc4ec5e1223be982e38a8&amp;oe=607A9499\" alt=\"Peut \u00eatre une image de 1 personne et texte qui dit \u2019F\u00eater les 200 ans de la mort de Napol\u00e9on F\u00eater les 150 ans de la Commune\u2019\" width=\"333\" height=\"350\"\/><\/figure>\n\n\n\n<p><span class=\"has-inline-color has-vivid-red-color\"><strong>19 mars en continu<\/strong><\/span><\/p>\n\n\n\n<p><a href=\"https:\/\/www.humanite.fr\/climat-etudiants-et-lyceens-redescendent-sur-le-pave-ce-week-end-701705#xtor=RSS-1\">Climat. Etudiants et lyc\u00e9ens redescendent sur le pav\u00e9 ce week-end<\/a>  (L\u2019Humanit\u00e9)&nbsp;<\/p>\n\n\n\n<p><a href=\"https:\/\/www.bastamag.net\/Union-de-la-gauche-Regionales-Presidentielle-2022-Big-Bang-Parti-communiste-ecologie-Elsa-Faucillon\">Elsa Faucillon : \u00ab Je suis radicale parce qu&rsquo;il n&rsquo;y a qu&rsquo;ainsi qu&rsquo;on parviendra \u00e0 transformer les choses \u00bb<\/a> (Basta&nbsp;!)&nbsp;<\/p>\n\n\n\n<p><a href=\"https:\/\/www.boursorama.com\/actualite-economique\/actualites\/crise-du-covid-19-la-cour-des-comptes-epingle-l-impreparation-de-l-etat-175794dd122ca9ef16534ea7f29dde29\">Crise du Covid-19 : la Cour des comptes \u00e9pingle l&rsquo;impr\u00e9paration de l&rsquo;Etat<\/a> (Boursorama)<\/p>\n\n\n\n<p><a href=\"https:\/\/theconversation.com\/comment-ne-jamais-apparaitre-fautif-en-politique-meme-si-on-lest-157088\">Comment ne jamais appara\u00eetre fautif en politique (m\u00eame si on l\u2019est)<\/a> (The Conversation)<\/p>\n\n\n\n<p><a href=\"https:\/\/solidaires.org\/Risposte-syndicale-face-a-l-extreme-droite-8\">Risposte syndicale, face \u00e0 l&rsquo;extr\u00eame droite #8<\/a>&nbsp; (Solidaires)<\/p>\n\n\n\n<p><a href=\"https:\/\/www.kairospresse.be\/article\/de-la-television-aux-smartphones-60-ans-pour-eteindre-les-dernieres-fibres-de-notre-humanite\/\">De la t\u00e9l\u00e9vision aux smartphones 60 ans pour \u00e9teindre les derni\u00e8res fibres de notre humanit\u00e9<\/a> (Kairos)<\/p>\n\n\n\n<p><a href=\"https:\/\/reporterre.net\/Le-retour-des-marches-pour-le-climat\">Le retour des marches pour le climat<\/a> (Reporterre)<\/p>\n\n\n\n<p><a href=\"https:\/\/www.kairospresse.be\/article\/de-la-democratie-en-numerique\/\">De la d\u00e9mocratie en Num\u00e9rique<\/a> (Kairos)<\/p>\n\n\n\n<p><a href=\"https:\/\/rapportsdeforce.fr\/classes-en-lutte\/comprendre-la-bataille-des-theatres-occupes-03199663\">Comprendre la bataille des th\u00e9\u00e2tres occup\u00e9s&nbsp;<\/a> (Rapports de Force)<\/p>\n\n\n\n<p><a href=\"https:\/\/reporterre.net\/Ecologie-feminisme-decolonisation-des-pensees-et-des-luttes-communes\">\u00c9cologie, f\u00e9minisme, d\u00e9colonisation&nbsp;: des pens\u00e9es et des luttes communes<\/a> (Reporterre)<\/p>\n\n\n\n<p><a href=\"http:\/\/www.contretemps.eu\/journal-commune-19-mars-1871\/\">La Commune au jour le jour. Dimanche 19 mars 1871<\/a> (Contretemps)&nbsp;<\/p>\n\n\n\n<p><a href=\"https:\/\/www.mediapart.fr\/journal\/culture-idees\/111020\/pourquoi-la-commune-traverse-le-temps\">Pourquoi la Commune a travers\u00e9 le temps<\/a> (Mediapart)&nbsp;<\/p>\n\n\n\n<p><a href=\"https:\/\/www.revue-ballast.fr\/la-commune-et-ses-usages-libertaires\/\">La Commune et ses usages libertaires<\/a> (Ballast)<\/p>\n\n\n\n<figure class=\"wp-block-image is-resized is-style-default\"><img loading=\"lazy\" decoding=\"async\" src=\"https:\/\/scontent-mrs2-1.xx.fbcdn.net\/v\/t1.0-9\/162263361_288955239257877_8065771345055979125_n.jpg?_nc_cat=1&amp;ccb=1-3&amp;_nc_sid=8bfeb9&amp;_nc_ohc=h_5BgK97asgAX96BnrM&amp;_nc_ht=scontent-mrs2-1.xx&amp;oh=d85c3e92c3e74a4e44d788e8f78a98a1&amp;oe=6079FC3D\" alt=\"Peut \u00eatre un dessin anim\u00e9\" width=\"297\" height=\"297\"\/><\/figure>\n\n\n\n<p><a href=\"https:\/\/www.boursorama.com\/actualite-economique\/actualites\/covid-19-premieres-reactions-politiques-apres-la-conference-de-presse-du-gouvernement-46a1d5d536d79e72edffe8de64ee010a\">Covid-19: premi\u00e8res r\u00e9actions politiques apr\u00e8s la conf\u00e9rence de presse du gouvernement<\/a> (AFP)<\/p>\n\n\n\n<p><a href=\"https:\/\/www.boursorama.com\/videos\/actualites\/covid-19-ce-qu-il-faut-retenir-des-nouvelles-restrictions-anti-covid-19-en-france-e687ad78963864a1304bdc38ac703e88\">Covid-19 : ce qu&rsquo;il faut retenir des nouvelles restrictions anti-Covid-19 en France<\/a>&nbsp; (France 24)<\/p>\n\n\n\n<p><a href=\"https:\/\/www.revolutionpermanente.fr\/Troisieme-confinement-l-echec-sur-toute-la-ligne-de-Macron\">Troisi\u00e8me confinement&nbsp;: l\u2019\u00e9chec sur toute la ligne de Macron<\/a> (RP)<\/p>\n\n\n\n<p><a href=\"https:\/\/www.humanite.fr\/surenchere-haro-mediatico-politique-sur-lunef-701695#xtor=RSS-1\">Surench\u00e8re. Haro m\u00e9diatico-politique sur l\u2019Unef<\/a>&nbsp; (L\u2019Humanit\u00e9)<\/p>\n\n\n\n<p><a href=\"https:\/\/info.mediapart.fr\/optiext\/optiextension.dll?ID=KghKdZkpyl8YL7fDu2xk1MIaAuq%2BQ%2BAnduzKu%2BwHMiC68x10T2wvTnpb5gapWIgk0ILwaHaLFu%2BA_RI0ZqaUzrNHwFimm\">Sur le reconfinement, Macron se fait une raison<\/a> (MDP)<\/p>\n\n\n\n<p><a href=\"https:\/\/www.boursorama.com\/actualite-economique\/actualites\/inegalites-services-publics-police-les-mises-en-garde-de-la-defenseure-des-droits-7a5dc712621d02ea4e3abce3b4a9cfe9\">In\u00e9galit\u00e9s, services publics, police: les mises en garde de la D\u00e9fenseure des droits<\/a> (AFP)<\/p>\n\n\n\n<p><a href=\"https:\/\/blogs.mediapart.fr\/jean-marc-b\/blog\/190321\/face-au-desastre-qui-vient-le-communisme-desirable-video-f-lordon\">Face au d\u00e9sastre qui vient : le communisme d\u00e9sirable &#8211;<\/a>vid\u00e9o F. Lordon<\/p>\n\n\n\n<figure class=\"wp-block-embed is-type-video is-provider-youtube wp-block-embed-youtube wp-embed-aspect-16-9 wp-has-aspect-ratio\"><div class=\"wp-block-embed__wrapper\">\n<iframe loading=\"lazy\" title=\"FACE AU D\u00c9SASTRE QUI VIENT : LE COMMUNISME D\u00c9SIRABLE | FR\u00c9D\u00c9RIC LORDON, JULIEN TH\u00c9RY\" width=\"1200\" height=\"675\" src=\"https:\/\/www.youtube.com\/embed\/sBLwC6BQX-s?start=1&#038;feature=oembed\" frameborder=\"0\" allow=\"accelerometer; autoplay; clipboard-write; encrypted-media; gyroscope; picture-in-picture\" allowfullscreen><\/iframe>\n<\/div><\/figure>\n\n\n\n<p><a href=\"https:\/\/info.mediapart.fr\/optiext\/optiextension.dll?ID=KghKaniSB_25ve7FHOWJEhZpgLysL1keSU79RGd3nhiXegi0SpxWovBoem93tr_lXLijBXiuWd9Hc_UBvElz_jzd1APKf\">A droite, des maires Macron-compatibles \u00abpaum\u00e9s\u00bb avant 2022<\/a> (MDP)<\/p>\n\n\n\n<p><a href=\"https:\/\/info.mediapart.fr\/optiext\/optiextension.dll?ID=KghKcn%2BinHWfkUZQ2lqSFPjNFIRfaJl%2BTFNdin26h3dYjs5uTHBY7PzEivUi45D3KUMlFgRkSpV6d0U3LxDwv2YWLhreq\">L\u00e9na Lazare: \u00abQue la gauche s\u2019unisse, aucune candidature ne peut gagner seule\u00bb<\/a> &#8211; vid\u00e9o MDP<\/p>\n\n\n\n<p><a href=\"https:\/\/info.mediapart.fr\/optiext\/optiextension.dll?ID=KghKb7wqxsS%2BegaFUJr2U4KQyhkb9U5ZEJHPP2RCFYbL7HXuT0he1QWRkCVQgf7nEndw6VkkAq7dbKSWGSgRt4lFs0Ymo\">Occupation des th\u00e9\u00e2tres: la libert\u00e9 de r\u00e9union retrouv\u00e9e<\/a> (Mouais, le journal dubitatif)<\/p>\n\n\n\n<p><a href=\"https:\/\/www.humanite.fr\/propos-dun-concept-des-perspectives-ecomunistes-qui-sinsinuent-peu-peu-701671#xtor=RSS-1\">\u00c0 propos d\u2019un concept. Des perspectives \u00ab \u00e9comunistes \u00bb qui s\u2019insinuent peu \u00e0 peu<\/a> (L\u2019Humanit\u00e9)&nbsp;<\/p>\n\n\n\n<p><a href=\"https:\/\/www.humanite.fr\/frederic-lordon-le-communisme-se-doit-de-faire-valoir-ses-contenus-propres-positifs-701660#xtor=RSS-1\">Fr\u00e9d\u00e9ric Lordon \u00ab Le communisme se doit de faire valoir ses contenus propres, positifs \u00bb<\/a> (L\u2019Humanit\u00e9)<\/p>\n\n\n\n<p><a href=\"https:\/\/blogs.mediapart.fr\/jean-marc-b\/blog\/180321\/mathilde-larrere-la-commune-nest-pas-morte-mais-helas-versailles-non-plus-video\">Mathilde Larr\u00e8re: La Commune n&rsquo;est pas morte mais h\u00e9las, Versailles non plus ! -vid\u00e9o<\/a><\/p>\n\n\n\n<p><a href=\"https:\/\/www.alternatives-economiques.fr\/commune-de-paris-une-alternative-economique-sociale\/00098173\">La Commune de Paris, pour une alternative \u00e9conomique et sociale<\/a> (Alter\u00e9co)<\/p>\n\n\n\n<p><a href=\"https:\/\/lesjours.fr\/obsessions\/commune-paris\/ep5-18-mars-commune\/\">La Commune : 18 mars 1871, l\u2019insurrection est venue<\/a> (Les Jours)<\/p>\n\n\n\n<p><a href=\"https:\/\/blogs.mediapart.fr\/jean-marc-b\/blog\/180321\/et-la-commune-inventa-l-ecole-du-peuple\">Et la Commune inventa l\u2019\u00e9cole du peuple <\/a>-Collectif Q2C<\/p>\n\n\n\n<p><a href=\"https:\/\/www.revue-ballast.fr\/la-commune-ou-le-regne-de-la-justice\/\">La Commune, ou \u00ab le r\u00e8gne de la justice \u00bb<\/a> (Ballast)<\/p>\n\n\n\n<p><a href=\"https:\/\/blogs.mediapart.fr\/jean-marc-b\/blog\/190321\/la-commune-partie-1-le-declenchement-minutes-rouges\">La Commune &#8211; partie 1: le d\u00e9clenchement &#8211; Minutes Rouges<\/a><\/p>\n\n\n\n<figure class=\"wp-block-embed is-type-video is-provider-youtube wp-block-embed-youtube wp-embed-aspect-16-9 wp-has-aspect-ratio\"><div class=\"wp-block-embed__wrapper\">\n<iframe loading=\"lazy\" title=\"LA COMMUNE - Partie 1: le d\u00e9clenchement\" width=\"1200\" height=\"675\" src=\"https:\/\/www.youtube.com\/embed\/Kk-FfdV2Rd4?start=52&#038;feature=oembed\" frameborder=\"0\" allow=\"accelerometer; autoplay; clipboard-write; encrypted-media; gyroscope; picture-in-picture\" allowfullscreen><\/iframe>\n<\/div><\/figure>\n\n\n\n<p><span class=\"has-inline-color has-vivid-red-color\"><strong>18 mars en continu<\/strong><\/span><\/p>\n\n\n\n<p><a href=\"https:\/\/www.facebook.com\/2017016271909840\/videos\/459027938877301\">350 arch\u00e9ologues dans les rues de Paris conspuent Roselyne Bachelot<\/a> -vid\u00e9o<\/p>\n\n\n\n<p><a href=\"https:\/\/www.facebook.com\/Juliooo.Lopezovitch\/videos\/10159247484524362\">Manifestation a Montpellier pour la r\u00e9ouverture des lieux de culture<\/a> -vid\u00e9o<\/p>\n\n\n\n<p><a href=\"https:\/\/www.facebook.com\/Juliooo.Lopezovitch\/videos\/10159247517889362\">Malaise pour Macron \u00e0 l&rsquo;h\u00f4pital de Poissy : les soignantes bras crois\u00e9s lui tournent le dos et l&rsquo;ignorent<\/a> -vid\u00e9o<\/p>\n\n\n\n<p><a href=\"https:\/\/www.franceculture.fr\/emissions\/le-cours-de-lhistoire\/histoires-de-routes-34-les-routes-de-lesclavage\">Les routes de l\u2019esclavage<\/a> (France Culture)<\/p>\n\n\n\n<p><a href=\"http:\/\/www.apple.fr\">Pr\u00e9sidentielle 2022: reconstruire l\u2019espoir<\/a> (PCF)<\/p>\n\n\n\n<p><a href=\"https:\/\/www.franceculture.fr\/emissions\/series\/la-commune-de-paris-derniere-revolution-avant-la-republique\">S\u00e9rie en 4 \u00e9pisodes sur la Commune de Paris<\/a> France-Culture<\/p>\n\n\n\n<p>Corinne Masiero: \u00ab&nbsp;<a href=\"https:\/\/www.facebook.com\/116070051527\/videos\/374204530207364\">Vulgaire, c&rsquo;est qui vient du peuple et donc si \u00e7a g\u00eane des gens, bah posez-vous des questions<\/a>&nbsp;\u00bb -vid\u00e9o<\/p>\n\n\n\n<figure class=\"wp-block-image is-resized is-style-default\"><img loading=\"lazy\" decoding=\"async\" src=\"https:\/\/scontent.fhex4-1.fna.fbcdn.net\/v\/t1.0-0\/s640x640\/162126606_1166980750391058_8912764490619148997_n.png?_nc_cat=104&amp;ccb=1-3&amp;_nc_sid=730e14&amp;_nc_ohc=zQfZ702bD2AAX_l7-A4&amp;_nc_ht=scontent.fhex4-1.fna&amp;_nc_tp=30&amp;oh=aabb22cf9422822ea3240b87dd854771&amp;oe=60776E17\" alt=\"Peut \u00eatre une illustration de texte\" width=\"385\" height=\"315\"\/><\/figure>\n\n\n\n<p><a href=\"http:\/\/www.contretemps.eu\/journal-commune-18-mars-1871\/\">La Commune au jour le jour. Samedi 18 mars 1871<\/a> par Contretemps<\/p>\n\n\n\n<p><a href=\"https:\/\/www.humanite.fr\/150-ans-de-la-commune-notre-bibliographie-pour-tout-savoir-de-la-revolution-de-1871-701649#xtor=RSS-1\">150 ans de la Commune : notre bibliographie pour tout savoir de la r\u00e9volution de 1871<\/a> ( L\u2019Humanit\u00e9)<\/p>\n\n\n\n<p><a href=\"https:\/\/www.humanite.fr\/de-jaures-lenine-que-faire-de-la-commune-701651#xtor=RSS-1\">De Jaur\u00e8s \u00e0 L\u00e9nine, que faire de la Commune ?<\/a> (L\u2019Humanit\u00e9)<\/p>\n\n\n\n<p><a href=\"https:\/\/www.bondyblog.fr\/culture\/histoire\/lheritage-de-la-commune-vit-encore-chez-les-jeunes-engages\/\">L\u2019h\u00e9ritage de la Commune vit encore chez les jeunes engag\u00e9s<\/a> (Le Bondy Blog)<\/p>\n\n\n\n<p><a href=\"https:\/\/www.humanite.fr\/la-commune-une-oeuvre-politique-et-sociale-qui-marque-et-inspire-lhistoire-701643#xtor=RSS-1\">La Commune, une \u0153uvre politique et sociale qui a marqu\u00e9 et inspir\u00e9 l\u2019histoire<\/a> par J\u00e9r\u00f4me Skalski, Pierre Chaillan (L\u2019Humanit\u00e9)<\/p>\n\n\n\n<p><a href=\"http:\/\/www.regards.fr\/economie\/mad-marx\/article\/la-resistible-ascension-de-marine-le-pen\">La r\u00e9sistible ascension de Marine Le Pen<\/a> -Bernard Marx (Regards)<\/p>\n\n\n\n<p><a href=\"https:\/\/www.boursorama.com\/actualite-economique\/actualites\/le-chef-de-la-cyberdefense-francaise-s-inquiete-des-bruits-de-bottes-dans-le-cyberespace-e75dec20ef87f2ecf2b17dce5bd6ea70\">Le chef de la cyberd\u00e9fense fran\u00e7aise s&rsquo;inqui\u00e8te des \u00ab\u00a0bruits de bottes\u00a0\u00bb dans le cyberespace<\/a> (AFP)<\/p>\n\n\n\n<figure class=\"wp-block-image is-resized is-style-default\"><img data-recalc-dims=\"1\" loading=\"lazy\" decoding=\"async\" src=\"https:\/\/i0.wp.com\/static01.nyt.com\/images\/2021\/03\/18\/arts\/17theater-protest1\/17theater-protest1-articleLarge.jpg?resize=376%2C251&#038;ssl=1\" alt=\"Performers in front of the Od\u00e9on Theater in Paris, which workers have occupied since March 4.\" width=\"376\" height=\"251\"\/><\/figure>\n\n\n\n<p><a href=\"https:\/\/blogs.mediapart.fr\/jean-marc-b\/blog\/170321\/magnifique-carte-meteo-ce-matin-des-theatres-occupes\">Magnifique carte m\u00e9teo&nbsp; des th\u00e9\u00e2tres occup\u00e9s <\/a>(Luttes invisibles)<\/p>\n\n\n\n<figure class=\"wp-block-image is-resized is-style-default\"><img loading=\"lazy\" decoding=\"async\" src=\"https:\/\/scontent.fhex4-1.fna.fbcdn.net\/v\/t1.0-0\/p526x296\/161548792_1166236420465491_3071072085102761457_n.png?_nc_cat=102&amp;ccb=1-3&amp;_nc_sid=730e14&amp;_nc_ohc=dQhryoxmSOEAX8YbJkE&amp;_nc_ht=scontent.fhex4-1.fna&amp;_nc_tp=30&amp;oh=826efa43c161f34ddac002b0843e2a7c&amp;oe=6076BDC4\" alt=\"Peut \u00eatre une image de carte et texte qui dit \u201916 mars 2021 #occupations Havre Calais Lille Amiens Lannion erghier Brest Rouen Caen SitDenis Gennevilliers Aubervilliers Reims Le Mans Rennes Lorient Saint Nazaire \u0ba4 Orl\u00e9ans Strasbourg Angers Nantes Tours \u0baa\u0bbeIII. Dijon Chateauroux Poitiers Niort La Rochelle Besan\u00e7on Bourg Limoges Bresse Clermont-Ferrand errand Tulle Lyon Villeurbanne Saint Etienne P\u00e9rigueux Bordeaux Motte-Servolex Chamb\u00e9ry Grenoble La R\u00e9union Mont Valence Marsan Mende Millau Al\u00e8s Pau Toulouse Nimes \u0c95\u0c958 Montpellier Nice Marseille\u2019\" width=\"332\" height=\"340\"\/><\/figure>\n\n\n\n<p><a href=\"https:\/\/info.mediapart.fr\/optiext\/optiextension.dll?ID=bJIbN0qFmDWYRPsIQoAwHik6cNOw8HYoWq_5guoiY1BhHgYrjegjNM88DYvDcavavHgdceM_tPElLzncmkI_weStChVbE\">Loi s\u00e9curit\u00e9 globale &#8211; \u00abFace au beauvau\u00bb #2 &#8211; en direct sur Mediapart<\/a> (MDP)<\/p>\n\n\n\n<p><a href=\"https:\/\/blogs.mediapart.fr\/jean-marc-b\/blog\/170321\/de-la-convention-citoyenne-la-loi-climat-l-echec-d-une-manipulation\">De la Convention citoyenne \u00e0 la loi \u00ab\u00a0Climat\u00a0\u00bb : l\u2019\u00e9chec d\u2019une manipulation <\/a>(L\u2019Anticapitaliste)<\/p>\n\n\n\n<p><a href=\"https:\/\/info.mediapart.fr\/optiext\/optiextension.dll?ID=bJIbJhtuwfKFy9jd16G6Fy0OISWMxenH4ugLgX4xWLco%2BK%2BXiK5SFS5jr3fersJ6_TN_o0cpaITuwot0hLwB2vE3QvrPS\">Philippe Corcuff: le confusionnisme, \u00abune trame id\u00e9ologique en expansion\u00bb<\/a> (MDP)<\/p>\n\n\n\n<p><a href=\"https:\/\/info.mediapart.fr\/optiext\/optiextension.dll?ID=bJIbIcbJO53_5yNQjvwqPI2B1V%2BrBd3KIVuDdhgehylqUmJXjbisV5O%2BCuj0HagYpvfikdW1TB4jtJTJq5C9hqGXRDIHJ\">Bygmalion: le second proc\u00e8s de Sarkozy est renvoy\u00e9<\/a> (MDP)<\/p>\n\n\n\n<p><a href=\"https:\/\/www.humanite.fr\/sondage-marine-le-pen-serait-en-tete-au-premier-tour-en-2022-701626#xtor=RSS-1\">Sondage Marine Le Pen serait en t\u00eate au premier tour en 2022<\/a> (L\u2019Humanit\u00e9)<\/p>\n\n\n\n<p><a href=\"https:\/\/www.humanite.fr\/apostrophe-des-deputes-de-droite-veulent-punir-la-comedienne-corinne-masiero-701624#xtor=RSS-1\">Apostrophe. Des d\u00e9put\u00e9s de droite veulent punir la com\u00e9dienne Corinne Masiero<\/a> (L\u2019Humanit\u00e9)<\/p>\n\n\n\n<p><a href=\"https:\/\/www.placegrenet.fr\/2021\/03\/17\/150-ans-la-commune-de-paris-grenoble\/457767\">Un collectif grenoblois va comm\u00e9morer durant trois mois les 150 ans de la Commune de Paris<\/a> (Place Gre\u2019net )<\/p>\n\n\n\n<p><a href=\"https:\/\/www.humanite.fr\/150-ans-de-la-commune-toutes-descendantes-de-petroleuses-par-mathilde-larrere-701602#xtor=RSS-1\">150 ans de la Commune. Toutes \u00abdescendantes de p\u00e9troleuses\u00bb, par Mathilde Larr\u00e8re<\/a> (L\u2019Humanit\u00e9)&nbsp;<\/p>\n\n\n\n<p><a href=\"http:\/\/www.contretemps.eu\/journal-commune-17-mars-1871\/\">La Commune au jour le jour. Vendredi 17 mars 1871<\/a> (Contretemps)&nbsp;<\/p>\n\n\n\n<figure class=\"wp-block-image is-resized is-style-default\"><img data-recalc-dims=\"1\" loading=\"lazy\" decoding=\"async\" src=\"https:\/\/i0.wp.com\/www.contretemps.eu\/wp-content\/uploads\/gardenationale2-2.jpg?resize=455%2C256\" alt=\"\" width=\"455\" height=\"256\"\/><\/figure>\n\n\n\n<p><a href=\"http:\/\/www.contretemps.eu\/journal-commune-15-mars-1871\/\">La Commune au jour le jour. Mercredi 15 mars 1871<\/a> (Contretemps)<\/p>\n\n\n\n<p><a href=\"http:\/\/www.regards.fr\/politique\/article\/aux-racines-de-l-accusation-en-islamogauchisme-la-preuve-par-ivry\">Aux racines de l&rsquo;accusation en islamo-gauchisme : la preuve par Ivry<\/a> par (Regards)&nbsp;<\/p>\n\n\n\n<p><a href=\"https:\/\/www.boursorama.com\/actualite-economique\/actualites\/la-proportionnelle-chere-a-bayrou-remisee-sauf-surprise-aa3216caec02cbd976ed650f604c25c2\">La proportionnelle ch\u00e8re \u00e0 Bayrou remis\u00e9e, sauf surprise<\/a> (AFP)<\/p>\n\n\n\n<p><span class=\"has-inline-color has-vivid-red-color\"><strong>17 mars en continu<\/strong><\/span><\/p>\n\n\n\n<p><a href=\"https:\/\/lanticapitaliste.org\/actualite\/oppressions\/mobilisees-contre-le-racisme-et-pour-les-libertes-le-20-et-21-mars\">20 et 21 mars: mobilis\u00e9Es contre le racisme et pour les libert\u00e9s<\/a> -Julien Salingue<\/p>\n\n\n\n<p><a href=\"https:\/\/www.anti-k.org\/2021\/03\/17\/la-culture-resiste-a-la-loi-cest-ce-quelle-a-toujours-fait-et-doit-toujours-faire\/\">\u00ab&nbsp;La culture r\u00e9siste \u00e0 la loi, c\u2019est ce qu\u2019elle a toujours fait et doit toujours faire&nbsp;\u00bb&nbsp;<\/a> (France culture)<\/p>\n\n\n\n<p><a href=\"https:\/\/lanticapitaliste.org\/evenement\/marches-pour-le-climat\">Marches pour le climat<\/a> (L\u2019Anticapitaliste)<\/p>\n\n\n\n<p><a href=\"https:\/\/zintv.org\/wp-content\/uploads\/2021\/03\/aaa-9-900x510.jpg\">La pand\u00e9mie, c\u2019est le capitalisme&nbsp;<\/a> (ZIN TV)<\/p>\n\n\n\n<figure class=\"wp-block-image is-resized is-style-default\"><img data-recalc-dims=\"1\" loading=\"lazy\" decoding=\"async\" src=\"https:\/\/i0.wp.com\/zintv.org\/wp-content\/uploads\/2021\/03\/aaa-9-900x510.jpg?resize=407%2C230&#038;ssl=1\" alt=\"\" width=\"407\" height=\"230\"\/><\/figure>\n\n\n\n<p><a href=\"https:\/\/lanticapitaliste.org\/arguments\/ecologie\/cop26-enjeux-et-pieges\">COP26\u2009: enjeux et pi\u00e8ges<\/a> &#8211;<a href=\"https:\/\/lanticapitaliste.org\/auteurs\/commission-nationale-ecologie\">Commission nationale \u00e9cologie<\/a> NPA<\/p>\n\n\n\n<p><a href=\"https:\/\/alt-rev.com\/2021\/03\/17\/alexis-poulin-macron-peut-il-reprendre-la-main-dans-la-lutte-contre-le-covid\/\">Alexis Poulin: Macron peut-il reprendre la main dans la lutte contre le Covid ?<\/a>(vid\u00e9o RT France)<\/p>\n\n\n\n<p><a href=\"https:\/\/lanticapitaliste.org\/videos\/reunion-1871-2021-la-commune-de-paris-et-nous\">R\u00e9union : \u00ab\u00a01871-2021 : la Commune de Paris et nous\u00a0\u00bb<\/a> (Collectif)<\/p>\n\n\n\n<p><a href=\"https:\/\/lanticapitaliste.org\/actualite\/politique\/nicolas-nest-pas-un-jojo-avec-un-gilet-jaune\">Nicolas n\u2019est pas un \u00ab\u2009Jojo avec un gilet jaune\u2009\u00bb<\/a> (L\u2019Anticapitaliste)<\/p>\n\n\n\n<p><a href=\"https:\/\/www.boursorama.com\/actualite-economique\/actualites\/2022-anne-hidalgo-lance-sa-plateforme-lors-d-une-visite-a-douai-d69f02416c3efb5229b6caf150a57fac\">2022: Anne Hidalgo lance sa plateforme lors d&rsquo;une visite \u00e0 Douai<\/a> (AFP)<\/p>\n\n\n\n<p><a href=\"https:\/\/lanticapitaliste.org\/arguments\/ecologie\/une-vague-mondiale-de-mobilisations\">Une vague mondiale de mobilisations<\/a> &#8211;<a href=\"https:\/\/lanticapitaliste.org\/auteurs\/commission-nationale-ecologie\">Commission nationale \u00e9cologie<\/a> NPA<\/p>\n\n\n\n<p><a href=\"https:\/\/ricochets.cc\/Bientot-l-occupation-d-usines-de-Fac-de-Lycees-de-centrales-energetiques-de-raffineries.html\">Bient\u00f4t l&rsquo;occupation d&rsquo;usines, de Fac, de Lyc\u00e9es, de centrales \u00e9nerg\u00e9tiques, de raffineries&nbsp;?<\/a> (Ricochets)<\/p>\n\n\n\n<p><a href=\"https:\/\/www.facebook.com\/UNEFTACLE\/videos\/802482540353921\">Paris: Manif tr\u00e8s d\u00e9termin\u00e9e des \u00e9tudiants<\/a> -vid\u00e9o<\/p>\n\n\n\n<p><a href=\"https:\/\/info.mediapart.fr\/optiext\/optiextension.dll?ID=aIJaKete3X4Jq%2BFBvm_2oJ9WYt5u62B4wmcY470hQnZix3OWiBvIza5fRkOgeibhDT4dCwFYK3bHImIy21DA_M1tOoKGr\">Le S\u00e9nat se penche sur la loi \u00abS\u00e9curit\u00e9 globale\u00bb<\/a> (MDP)<\/p>\n\n\n\n<p><a href=\"https:\/\/info.mediapart.fr\/optiext\/optiextension.dll?ID=aIJaMUzQlCiTIJv9j64aVAQHzUM9UAZRDX8H8dTY2kPlN42WjeTx2vDhgayYiiCXUDKrebbIpyOsG6_DDELQdA7%2BuPeGD\">Conseiller de Macron, le d\u00e9put\u00e9 Sol\u00e8re est suspect\u00e9 d\u2019avoir d\u00e9tourn\u00e9 167 000 euros d\u2019argent public<\/a> (MDP)<\/p>\n\n\n\n<p><a href=\"https:\/\/info.mediapart.fr\/optiext\/optiextension.dll?ID=aIJaGHpBmbC_tbUktSU5c33JgNvzHgJRBS0Zr%2BLgmrTi6N%2Bqi_Kh3vi%2B8TScT3%2BHFi0N3BMmnWo7TFUMNV7%2Bjux_rp3GB\">Affaire Avenir lyc\u00e9en: le parquet de Paris a ouvert une enqu\u00eate judiciaire<\/a> (MDP)<\/p>\n\n\n\n<p><a href=\"https:\/\/info.mediapart.fr\/optiext\/optiextension.dll?ID=aIJaN2cWseHn2BQpRaF8pa9E4Dq1SOtFeHpQdrVwSQ9AV2hqjQGiPT%2B%2BdlT2Z%2Bbm8o4VULfVQwpRiKWKz8Xjh9UAu5UOH\">Le RN, tout de haine v\u00eatu<\/a> -Blog Fanny Monbeig<\/p>\n\n\n\n<p><a href=\"http:\/\/www.contretemps.eu\/louise-michel-bantigny-commune-paris\/\">Lettre \u00e0 Louise Michel. Un extrait du livre de Ludivine Bantigny sur la Commune<\/a> (Contretemps)<\/p>\n\n\n\n<p><a href=\"https:\/\/la-bas.org\/6361\">Jeudi 18 mars : comm\u00e9moration du d\u00e9but de la Commune<\/a> (L\u00e0-bas si j\u2019y suis)<\/p>\n\n\n\n<p><a href=\"https:\/\/www.humanite.fr\/memorial-des-tuileries-au-nom-des-200-000-victimes-de-lesclavage-701448#xtor=RSS-1\">M\u00e9morial des Tuileries. Au nom des 200 000 victimes de l&rsquo;esclavage<\/a> par \u00c9milien Urbach (L\u2019Humanit\u00e9)<\/p>\n\n\n\n<p><a href=\"https:\/\/info.mediapart.fr\/optiext\/optiextension.dll?ID=aIJaHFeD1CUEQ2t_i0J1fiVIrn1yN06qmSrBJiZUsqtOPIVWjTEZVFOAhZZwDzrp67WVD67o6m0p2_QgZrxExc%2BZZyeWb\">Essais nucl\u00e9aires: l\u2019Etat s\u2019enferme dans ses mensonges<\/a> &#8211; Disclose&nbsp;<\/p>\n\n\n\n<p><a href=\"https:\/\/info.mediapart.fr\/optiext\/optiextension.dll?ID=aIJaNCMDggeqYhUcfM%2B%2BTAuPuogUmcODhDu4Tjcd5yELD0AWj33mg7zrMWaeqy629D3CvgT7EhMyHVBZV18W9iO1LJeO7\">Bygmalion: le second proc\u00e8s de Sarkozy risque d&rsquo;\u00eatre renvoy\u00e9<\/a> (MDP)<\/p>\n\n\n\n<p><a href=\"https:\/\/info.mediapart.fr\/optiext\/optiextension.dll?ID=aIJaMmrCD4bg9FasUqFcRbsW_DVk3kS4SOX9C2VJMxAA0apWi0sIUqgw0tQ3YWTr6IY2dgQI_aH62ZT0vIEqknDKQ72Om\">L\u2019impunit\u00e9 de la haute fonction publique est battue en br\u00e8che<\/a> (MDP)<\/p>\n\n\n\n<p><span class=\"has-inline-color has-vivid-red-color\"><strong>16 mars en continu<\/strong><\/span><\/p>\n\n\n\n<p><a href=\"https:\/\/lanticapitaliste.org\/evenement\/journee-de-mobilisation-pour-le-climat\">Journ\u00e9e de mobilisation pour le climat<\/a> (L\u2019Anticapitaliste)<\/p>\n\n\n\n<p><a href=\"https:\/\/orientxxi.info\/lu-vu-entendu\/lutte-des-classes-contre-luttes-identitaires,4591\">Lutte des classes contre luttes identitaires&nbsp;?<\/a> (Orient XXI)<\/p>\n\n\n\n<figure class=\"wp-block-image size-large is-resized is-style-default\"><img data-recalc-dims=\"1\" loading=\"lazy\" decoding=\"async\" src=\"https:\/\/i0.wp.com\/www.rdpemancipation.org\/wp-content\/uploads\/2021\/03\/arton4591.jpg?resize=387%2C227&#038;ssl=1\" alt=\"\" class=\"wp-image-20685\" width=\"387\" height=\"227\" srcset=\"https:\/\/i0.wp.com\/www.rdpemancipation.org\/wp-content\/uploads\/2021\/03\/arton4591.jpg?resize=1024%2C602&amp;ssl=1 1024w, https:\/\/i0.wp.com\/www.rdpemancipation.org\/wp-content\/uploads\/2021\/03\/arton4591.jpg?resize=300%2C176&amp;ssl=1 300w, https:\/\/i0.wp.com\/www.rdpemancipation.org\/wp-content\/uploads\/2021\/03\/arton4591.jpg?resize=768%2C452&amp;ssl=1 768w, https:\/\/i0.wp.com\/www.rdpemancipation.org\/wp-content\/uploads\/2021\/03\/arton4591.jpg?w=1360&amp;ssl=1 1360w\" sizes=\"auto, (max-width: 387px) 100vw, 387px\" \/><\/figure>\n\n\n\n<p><a href=\"https:\/\/lecourrier-du-soir.com\/exclusif-lelysee-a-cache-un-avis-du-conseil-scientifique-qui-contredit-salomon-sur-lefficacite-du-couvre-feu\/?fbclid=IwAR3x-efJBGuZQ_ITcxneFTqBaEfcGoXl-p5mzVUXXJigox8h2jq2EuLcDPI\">L&rsquo;Elys\u00e9e a cach\u00e9 un avis du Conseil Scientifique qui contredit Salomon sur l&rsquo;efficacit\u00e9 du couvre-feu <\/a>(Le Courrier du Soir)<\/p>\n\n\n\n<p><a href=\"https:\/\/www.mediapart.fr\/journal\/france\/160321\/conseiller-de-macron-le-depute-solere-est-suspecte-d-avoir-detourne-167-000-euros-d-argent-public\">Conseiller de Macron, le d\u00e9put\u00e9 Sol\u00e8re est suspect\u00e9 d\u2019avoir d\u00e9tourn\u00e9 167 000 euros d\u2019argent public<\/a> (M\u00e9diapart)<\/p>\n\n\n\n<p><a href=\"https:\/\/ricochets.cc\/Des-peuples-se-soulevent-aux-quatre-coins-du-monde-Protestations-courageuses-ou-basculements.html\">Des peuples se soul\u00e8vent aux quatre coins du monde &#8211; Protestations courageuses ou basculements profonds&nbsp;?<\/a> (Ricochets)<\/p>\n\n\n\n<p><a href=\"https:\/\/radioparleur.net\/2021\/03\/15\/lever-de-rideau-sur-occupation-de-odeon\/\">Lever de rideau sur l\u2019occupation de l\u2019Od\u00e9on&nbsp;<\/a> (Radio Parleur)<\/p>\n\n\n\n<p><a href=\"https:\/\/www.liberation.fr\/societe\/lex-ministre-jean-vincent-place-condamne-pour-harcelement-sexuel-20210315_BZ7EPXCKANBWPJ45Z4RWSYG6LQ\/\">Jean-Vincent Plac\u00e9 condamn\u00e9 pour harc\u00e8lement sexuel&nbsp;<\/a> (Lib\u00e9ration<\/p>\n\n\n\n<p><a href=\"https:\/\/www.visa-isa.org\/fr\/node\/146016\">Contre les virus de l\u2019extr\u00eame droite, VISA d\u00e9veloppe son vaccin AntiRN (Dossier n\u00b08)<\/a> (VISA)<\/p>\n\n\n\n<p><a href=\"https:\/\/blogs.mediapart.fr\/jean-marc-b\/blog\/150321\/covid-19-un-deja-chronique-d-une-democratie-desarticulee-alain-bertho\">Covid-19, un an d\u00e9j\u00e0&nbsp;: chronique d\u2019une d\u00e9mocratie d\u00e9sarticul\u00e9e &#8211;<\/a>Alain Bertho&nbsp;<\/p>\n\n\n\n<figure class=\"wp-block-image is-resized is-style-default\"><img loading=\"lazy\" decoding=\"async\" src=\"https:\/\/scontent-mrs2-2.xx.fbcdn.net\/v\/t1.0-9\/p843x403\/158056471_3718479461521506_4823613689542343062_o.jpg?_nc_cat=107&amp;ccb=1-3&amp;_nc_sid=730e14&amp;_nc_ohc=Re5VeRujsYwAX87g-7P&amp;_nc_ht=scontent-mrs2-2.xx&amp;tp=6&amp;oh=9e7ec1ef22c34e84d0fe6673de5ddacb&amp;oe=6076F4BF\" alt=\"Peut \u00eatre un dessin anim\u00e9 de texte qui dit \u2019TROP DE FRAN\u00c7AIS PRENNENT L'AIR. RENTREZ CHEZ VOUS JUSQU'AU COUVRE-FEU OU ON VOUS CONFINE!!! RyOU! L'album \u00e0 crabouillages de Frizou.\u2019\" width=\"291\" height=\"404\"\/><\/figure>\n\n\n\n<p><a href=\"https:\/\/www.anti-k.org\/2021\/03\/15\/la-crise-du-covid-vient-nous-rappeler-que-notre-edifice-social-est-economiquement-politiquement-et-moralement-ruine\/\">Le Covid vient nous rappeler que notre \u00e9difice social est \u00e9conomiquement, politiquement et moralement ruin\u00e9 \u00bb <\/a>(QG Media)<\/p>\n\n\n\n<p><a href=\"https:\/\/info.mediapart.fr\/optiext\/optiextension.dll?ID=z76z7k2m8sGitMu8mfjLn38fOgRvWlicb8YOgDxD1SAlJFoPqUe8bcfVRZUNHVDo6%2BpETd4z2s4o2xWFqoilet_X1V5jl\">\u00c0 Nantes, au th\u00e9\u00e2tre Graslin occup\u00e9, \u00abon est en situation de pouvoir gagner\u00bb<\/a> (MDP)<\/p>\n\n\n\n<p><a href=\"https:\/\/paris-luttes.info\/zine-squatter-ou-sauver-comment-le-14817\">Squatter ou sauver : comment le lib\u00e9ralisme infiltre les milieux anarchistes <\/a>(Paris-Luttes)<\/p>\n\n\n\n<p><a href=\"https:\/\/info.mediapart.fr\/optiext\/optiextension.dll?ID=z76z_KLp%2BFieBcK8U0pdp1LANWKQRtgECL_3SvYzXxDc252jqpcTMcd367X15cPZaAQct%2BX9J_L6%2BjKPiXZzwzGPPZ5bI\">Vaccination: le Conseil d\u2019Etat refuse de suspendre le partenariat avec Doctolib<\/a> (MDP)<\/p>\n\n\n\n<p><a href=\"https:\/\/www.anti-k.org\/2021\/03\/15\/que-sanofi-paye-directement-agnes-pannier-runacher\/\">Que Sanofi paye directement Agn\u00e8s Pannier-Runacher !&nbsp;<\/a> (La France Insoumise)<\/p>\n\n\n\n<p><a href=\"https:\/\/reflets.info\/articles\/l-association-anticor-dans-la-tourmente\">L&rsquo;association Anticor dans la tourmente<\/a> (Reflets.info)<\/p>\n\n\n\n<figure class=\"wp-block-image is-resized is-style-default\"><img loading=\"lazy\" decoding=\"async\" src=\"https:\/\/scontent.fsti4-2.fna.fbcdn.net\/v\/t1.0-9\/161083033_1165022530586880_3943835587020725828_n.png?_nc_cat=104&amp;ccb=1-3&amp;_nc_sid=730e14&amp;_nc_ohc=Wa2JTVmGxJIAX8cRykr&amp;_nc_ht=scontent.fsti4-2.fna&amp;oh=897345c485027458d5b516df87d01109&amp;oe=6075E3EE\" alt=\"Peut \u00eatre une image de 2 personnes et texte qui dit \u2019C\u00e9dric Herrou a r\u00e9pondu Eric Ciotti @ECiotti. 12 h 2000-2021. Je pr\u00e9f\u00e8re l'ancien monde! #Cesar2021 I FUYR 394 \u95e8 506 2401 C\u00e9dric Herrou @CedricHerrou. 11 h Tu fais \u00e9galement partie du nouveau monde, le monde de la corruption, de la magouille. Un femme a poil me fait moins peur qu'un politique d\u00e9tournant de argent public mais je dois faire partie de l'ancien monde. 10 109 729\u2019\" width=\"326\" height=\"392\"\/><\/figure>\n\n\n\n<p class=\"has-vivid-red-color has-text-color\"><strong>15 mars<\/strong> <strong>en continu<\/strong><\/p>\n\n\n\n<p><a href=\"http:\/\/alencontre.org\/asie\/japon\/tribune-tokyo-paris-extinction-de-la-flamme-olympique.html\">Tribune. \u00abTokyo-Paris: extinction de la flamme olympique\u00bb <\/a>-Michel Caillat et Marc Perelman (Alencontre)<\/p>\n\n\n\n<p><a href=\"https:\/\/info.mediapart.fr\/optiext\/optiextension.dll?ID=z76z%2B6AZ2gHkMlaxpzgJZ5EiHaTmZn2ZXoiSokvfnzLjUpgPrkvVjhOaJMNVduXntxLSo85AxxhmfE2U9QvG4Q5q%2BcPbX\">Gis\u00e8le Vienne: \u00abOn a envie de d\u00e9truire ce monde, puis de le r\u00e9inventer\u00bb<\/a> -vid\u00e9o MDP<\/p>\n\n\n\n<p>&nbsp;<a href=\"https:\/\/www.mediapart.fr\/journal\/france\/150321\/marseille-le-proces-guerini-en-six-dossiers\">Marseille: le proc\u00e8s Gu\u00e9rini en six dossiers<\/a> (Marsactu)<\/p>\n\n\n\n<p><a href=\"https:\/\/reporterre.net\/VIDEO-Portraits-de-militants-contre-des-projets-inutiles-et-imposes\">Vid\u00e9o &#8211; Portraits de militants contre des projets inutiles et impos\u00e9s<\/a> (Reporterre)<\/p>\n\n\n\n<p><a href=\"http:\/\/www.apple.fr\">Barom\u00e8tre de la confiance politique \/ Vague 12 \u2013 F\u00e9vrier 2021<\/a> (Sondage Opinionway)<\/p>\n\n\n\n<figure class=\"wp-block-image is-resized is-style-default\"><img loading=\"lazy\" decoding=\"async\" src=\"https:\/\/scontent.fhex4-2.fna.fbcdn.net\/v\/t1.0-0\/p526x296\/161310062_1164984677257332_2783326660315537955_o.jpg?_nc_cat=111&amp;ccb=1-3&amp;_nc_sid=730e14&amp;_nc_ohc=KS_t7EEILXUAX8BwBHE&amp;_nc_ht=scontent.fhex4-2.fna&amp;tp=6&amp;oh=6c78ab819b7d9ce51548ca0b303dbb6d&amp;oe=6073716D\" alt=\"Peut \u00eatre une image de une personne ou plus, personnes debout et plein air\" width=\"321\" height=\"321\"\/><figcaption><sub>Des jeunes macronistes qui puent le vieux et le riche<br>On les reconnus, ce sont Charles-Hubert et Louis-Enguerrand<\/sub><\/figcaption><\/figure>\n\n\n\n<p><a href=\"http:\/\/www.regards.fr\/politique\/article\/2022-debat-a-gauche-acte-1\">2022, d\u00e9bat \u00e0 gauche<\/a> (Regards)&nbsp;<\/p>\n\n\n\n<p><a href=\"https:\/\/reporterre.net\/Sandrine-Rousseau-alternative-feministe-a-Yannick-Jadot-et-a-Eric-Piolle\">Sandrine Rousseau, alternative f\u00e9ministe \u00e0 Yannick Jadot et \u00e0 \u00c9ric Piolle<\/a> (Reporterre)<\/p>\n\n\n\n<p><a href=\"https:\/\/www.humanite.fr\/regionales-2021-najat-vallaud-belkacem-candidate-en-auvergne-rhone-alpes-701401#xtor=RSS-1\">R\u00e9gionales 2021. Najat Vallaud-Belkacem candidate en Auvergne-Rh\u00f4ne-Alpes<\/a> (L\u2019Humanit\u00e9)<\/p>\n\n\n\n<p><a href=\"https:\/\/www.humanite.fr\/regionales-2021-alliance-ps-pcf-dans-le-centre-val-de-loire-et-en-nouvelle-aquitaine-701402#xtor=RSS-1\">R\u00e9gionales 2021. Alliance PS-PCF dans le Centre-Val de Loire et en Nouvelle-Aquitaine<\/a> (L\u2019Humanit\u00e9)<\/p>\n\n\n\n<p><a href=\"https:\/\/www.humanite.fr\/regionales-najat-vallaud-belkacem-candidate-en-auvergne-rhone-alpes-701401#xtor=RSS-1\">R\u00e9gionales Najat Vallaud-Belkacem candidate en Auvergne-Rh\u00f4ne-Alpes<\/a> ( L\u2019Humanit\u00e9)<\/p>\n\n\n\n<p><a href=\"https:\/\/www.boursorama.com\/actualite-economique\/actualites\/presidentielle-2022-lfi-est-pret-a-s-entendre-avec-tout-le-monde-assure-melenchon-a43b8192ca635313c106806668b0fe94\">Pr\u00e9sidentielle 2022: LFI est \u00ab\u00a0pr\u00eat \u00e0 s&rsquo;entendre avec tout le monde\u00a0\u00bb, assure M\u00e9lenchon<\/a> (AFP)<\/p>\n\n\n\n<figure class=\"wp-block-image is-resized is-style-default\"><img data-recalc-dims=\"1\" loading=\"lazy\" decoding=\"async\" src=\"https:\/\/i0.wp.com\/static.mediapart.fr\/etmagine\/default\/files\/2019\/04\/07\/collectiongiletsjaunes-1.jpg?resize=377%2C533&#038;ssl=1\" alt=\"Dans l'air du temps : ce que pensent les Gilets jaunes \u00a9 Anonymes\" width=\"377\" height=\"533\" title=\"Dans l'air du temps : ce que pensent les Gilets jaunes \u00a9 Anonymes\"\/><\/figure>\n\n\n\n<p><a href=\"https:\/\/blogs.mediapart.fr\/jean-marc-b\/blog\/150321\/montebourg-dans-la-fange-des-elections-et-leurs-medias\">Montebourg dans la fange des \u00e9lections et leurs m\u00e9dias <\/a>-Juan Branco<\/p>\n\n\n\n<p><a href=\"https:\/\/info.mediapart.fr\/optiext\/optiextension.dll?ID=dHGdKRlwoF96DOWfVKglYmYUxARt62zip7Zr_EZ64TKXaCLtlyWEiQLeVLthjYj9Dot42w6UZixkHeM0AAqpXMHfy%2B4Z9\">Les youtubeurs de la haine: un n\u00e9ofascisme d\u00e9bonnaire<\/a> (MDP)<\/p>\n\n\n\n<p><a href=\"https:\/\/theconversation.com\/loi-securite-globale-un-film-documentaire-pour-decrypter-trois-points-sensibles-155006\">Loi \u00ab S\u00e9curit\u00e9 globale \u00bb : un film documentaire pour d\u00e9crypter trois points sensibles<\/a> (The Conversation)<\/p>\n\n\n\n<p><a href=\"https:\/\/media.us17.list-manage.com\/track\/click?u=a9e666741775aaca3293321e6&amp;id=ecc8a82c3e&amp;e=75ed5c80ff\">Pour une \u00e9thique de la discussion \u2013 r\u00e9ponse \u00e0 Didier Fassin<\/a> &#8211; <a href=\"https:\/\/media.us17.list-manage.com\/track\/click?u=a9e666741775aaca3293321e6&amp;id=fb143df888&amp;e=75ed5c80ff\">St\u00e9phane Beaud<\/a> et <a href=\"https:\/\/media.us17.list-manage.com\/track\/click?u=a9e666741775aaca3293321e6&amp;id=4d11e0868f&amp;e=75ed5c80ff\">G\u00e9rard Noiriel<\/a><\/p>\n\n\n\n<p><a href=\"https:\/\/media.us17.list-manage.com\/track\/click?u=a9e666741775aaca3293321e6&amp;id=2cffc9f6db&amp;e=75ed5c80ff\">De l\u2019occupation des lieux culturels \u00e0 l\u2019assembl\u00e9e des communs<\/a>&#8211; Michel Bauwens et Fr\u00e9d\u00e9ric Sultan<\/p>\n\n\n\n<p><a href=\"https:\/\/info.mediapart.fr\/optiext\/optiextension.dll?ID=dHGdGOTt7QwVmsgylXoAWUyejJArW1hcMOubezNOZNlbegfZlqSxdYY4IauDSnwL7Ou%2BcGzC25tzGDgyod1CC7lRb%2B9R0\">Face \u00e0 l\u2019inertie de Bachelot, les occupations de th\u00e9\u00e2tres essaiment en France<\/a> (MDP)<\/p>\n\n\n\n<figure class=\"wp-block-image is-resized is-style-default\"><img loading=\"lazy\" decoding=\"async\" src=\"https:\/\/scontent.fhex4-1.fna.fbcdn.net\/v\/t1.0-9\/161051847_1164405580648575_3289193133204218199_o.jpg?_nc_cat=101&amp;ccb=1-3&amp;_nc_sid=730e14&amp;_nc_ohc=lE4g-3Hi9jYAX9-HOzi&amp;_nc_ht=scontent.fhex4-1.fna&amp;oh=8ef9548bcce396bb36c65135ec20aaec&amp;oe=6073B1AE\" alt=\"Peut \u00eatre une image de 1 personne et texte\" width=\"400\" height=\"400\"\/><\/figure>\n\n\n\n<p><a href=\"https:\/\/info.mediapart.fr\/optiext\/optiextension.dll?ID=dHGdNo5KjSzzYR2pKI5_qSAb9zR2XJVooIGbM1GzxyDKXkXtkyUvh29luBBUbefBvH6Xp75DVB3DV_y%2BObjoP2bXCE4lb\">Hommage \u00e0 l&rsquo;historien Marc Vuilleumier<\/a> -blog <a href=\"https:\/\/info.mediapart.fr\/optiext\/optiextension.dll?ID=dHGdNs5ZKwnjxZc0N%2BnxHPLymy%2BJJ9JOpPHOw_9OZj%2BXhNltkD8L15VQZNij7EM0fMe7d46eQ9Emj8l83xIfVdMRPSMZI\">heimbergch<\/a><\/p>\n\n\n\n<p><a href=\"https:\/\/lvsl.fr\/programme-du-conseil-national-de-la-resistance\/\">Le programme du Conseil National de la R\u00e9sistance<\/a> (Le Vent Se L\u00e8ve)<\/p>\n\n\n\n<p><a href=\"http:\/\/www.regards.fr\/politique\/article\/le-pcf-tres-divise-sur-la-strategie-2022\">Le PCF tr\u00e8s divis\u00e9 sur la strat\u00e9gie 2022<\/a>&nbsp; (Regards)<\/p>\n\n\n\n<p><a href=\"https:\/\/www.humanite.fr\/emmanuelle-bonnet-oulaldj-le-sport-ete-concu-par-et-pour-les-hommes-701374#xtor=RSS-1\">Emmanuelle Bonnet Oulaldj : \u00ab Le sport a \u00e9t\u00e9 con\u00e7u par et pour les hommes \u00bb<\/a> (L\u2019Humanit\u00e9)&nbsp;<\/p>\n\n\n\n<p><a href=\"https:\/\/www.humanite.fr\/s-o-s-culture-le-pamphlet-de-serge-regourd-pour-reatteler-culture-et-politique-701372#xtor=RSS-1\">\u00ab S.O.S. Culture \u00bb, le pamphlet de Serge Regourd pour \u00ab r\u00e9atteler culture et politique \u00bb<\/a> (L\u2019Humanit\u00e9)&nbsp;<\/p>\n\n\n\n<p><a href=\"https:\/\/fr.myeurop.info\/2021\/03\/14\/les-lois-sur-leuthanasie-progressent-en-europe\/\">Les lois sur l\u2019euthanasie progressent en Europe<\/a> (Myeurop.info)&nbsp;<\/p>\n\n\n\n<p><a href=\"http:\/\/alencontre.org\/ecologie\/ecologie-la-naissance-du-capitalisme-et-la-peche-intensive-ii.html\">Ecologie. La naissance du capitalisme et la p\u00eache intensive (II) <\/a>-Ian Angus (Alencontre)<\/p>\n\n\n\n<p><a href=\"http:\/\/alencontre.org\/ecologie\/ecologie-la-naissance-du-capitalisme-et-la-peche-intensive-i.html\">Ecologie. La naissance du capitalisme et la p\u00eache intensive (I) <\/a>-Ian Angus (Alencontre)<\/p>\n\n\n\n<figure class=\"wp-block-image is-resized is-style-default\"><img loading=\"lazy\" decoding=\"async\" src=\"https:\/\/scontent.fhex4-1.fna.fbcdn.net\/v\/t1.0-9\/161313967_10215217305745040_249337849482259578_o.jpg?_nc_cat=105&amp;ccb=1-3&amp;_nc_sid=dbeb18&amp;_nc_ohc=j4jE0wgmIEUAX_D910G&amp;_nc_oc=AQnJ52vIiA2dJBvopE8JW0CwkdYXJH96sE5MUZL6vPeBXs2GdeMDa7AvIxLS81LCzTo&amp;_nc_ht=scontent.fhex4-1.fna&amp;oh=2109cce96147345c633db9cc114aa26e&amp;oe=60735045\" alt=\"Peut \u00eatre une image de 1 personne et texte qui dit \u2019Alerte enlevement Disparition inquietante Contactez les invisibles si vous I avez vue depuis samedi 12h\u2019\" width=\"310\" height=\"438\"\/><\/figure>\n\n\n\n<p><strong><span class=\"has-inline-color has-vivid-red-color\">14 Mars en continu<\/span><\/strong><\/p>\n\n\n\n<p><a href=\"https:\/\/www.facebook.com\/lemedialive\/videos\/187303962886967\">Manifestation comm\u00e9morative a Nancy des 150 ans de La Commune<\/a><\/p>\n\n\n\n<p><a href=\"https:\/\/alt-rev.com\/2021\/03\/14\/de-la-commune-de-paris-a-la-commune-de-shanghai\/\">De la Commune de Paris \u00e0 la Commune de Shanghai<\/a> (Nouveaux cahiers du socialisme)<br><a href=\"https:\/\/www.anti-k.org\/2021\/03\/14\/indymedia-lille-occupation-du-theatre-du-nord-2021\/\">&nbsp;Occupation du Th\u00e9\u00e2tre du Nord 2021 <\/a>(Indymedia Lille)<\/p>\n\n\n\n<p><a href=\"https:\/\/alt-rev.com\/2021\/03\/14\/utopie-et-sortie-de-crise\/\">Utopie et sortie de crise<\/a> (Nouveaux cahiers du socialisme)<\/p>\n\n\n\n<p><a href=\"https:\/\/www.anti-k.org\/2021\/03\/14\/contre-la-chimere-de-l-islamo-gauchisme\/\">Contre la chim\u00e8re de l\u2019\u00ab islamo-gauchisme \u00bb <\/a>-Blog Christine Delphy<\/p>\n\n\n\n<p><a href=\"https:\/\/www.anti-k.org\/2021\/03\/14\/392006\/\">Les croisements Bruno Latour, Patrick Tort,&nbsp; Marx et Engels <\/a>-Daniel Tanuro<\/p>\n\n\n\n<p><a href=\"https:\/\/blogs.mediapart.fr\/jean-marc-b\/blog\/140321\/les-horizons-demancipation-de-la-commune-dossier-cerises\">Les horizons d&rsquo;\u00e9mancipation de La Commune- Dossier Cerises<\/a><\/p>\n\n\n\n<figure class=\"wp-block-image is-resized is-style-default\"><img data-recalc-dims=\"1\" loading=\"lazy\" decoding=\"async\" src=\"https:\/\/i0.wp.com\/ceriseslacooperative.info\/wp-content\/uploads\/2021\/03\/5-2-Culture-LouiseMichel-1210x642.jpg?resize=375%2C198&#038;ssl=1\" alt=\"\" width=\"375\" height=\"198\"\/><figcaption><sub><em>\u00a9Tardi<\/em>&nbsp;pour les illustrations extraites du Cri du Peuple de Jacques Tardi<\/sub><\/figcaption><\/figure>\n\n\n\n<p><a href=\"https:\/\/www.boursorama.com\/actualite-economique\/actualites\/elisabeth-borne-testee-positive-au-covid-mais-poursuit-ses-activites-b1b47575e5aa421c271948ec0778592a\">Elisabeth Borne test\u00e9e positive au Covid mais poursuit ses activit\u00e9s<\/a> (AFP)<\/p>\n\n\n\n<p><a href=\"https:\/\/www.facebook.com\/events\/3660292810732495\/?sfnsn=scwspmo\">La Commune de Paris hier et aujourd&rsquo;hui<\/a> (Rencontre FB, M.Audin, L Bantigny.S.Kouv\u00e9lakis)<\/p>\n\n\n\n<p><a href=\"https:\/\/www.pouruneconstituante.fr\/spip.php?article1858\">Se mobiliser pour les \u00c9tats g\u00e9n\u00e9raux en vue de l\u2019\u00e9lection de la Constituante<\/a> (Pour une constituante)<\/p>\n\n\n\n<figure class=\"wp-block-image is-resized is-style-default\"><img loading=\"lazy\" decoding=\"async\" src=\"https:\/\/scontent.fsti4-2.fna.fbcdn.net\/v\/t1.0-9\/160605522_1164388013983665_8036099611047588992_n.jpg?_nc_cat=102&amp;ccb=1-3&amp;_nc_sid=730e14&amp;_nc_ohc=eZe7ZRjP98IAX9mRIiV&amp;_nc_ht=scontent.fsti4-2.fna&amp;oh=569fd8d18f5e256e6e4129a6652f787d&amp;oe=6073EF2D\" alt=\"Peut \u00eatre une image en noir et blanc de 1 personne, plein air et texte qui dit \u2019Nous ne sommes pas en minorit\u00e9, nous sommes mal organis\u00e9s. -Malcolm X L'Anti M\u00e9dia\u2019\" width=\"321\" height=\"390\"\/><\/figure>\n\n\n\n<p><a href=\"https:\/\/info.mediapart.fr\/optiext\/optiextension.dll?ID=8EF8BGIKxUv_0mRNGAaXPbMJnfvpH5g%2BesIeldWNcJmUydiS1QO9DECqZOM0c1RgUscrOgfKLuIXQ2qdmRPct%2B1owqi0y\">Matthieu Amiech: \u00abLa gestion de la crise sanitaire nous entra\u00eene vers une soci\u00e9t\u00e9-machine\u00bb<\/a> (MDP)<\/p>\n\n\n\n<p><a href=\"https:\/\/ricochets.cc\/La-pandemie-et-l-etat-d-urgence-revelent-et-accentuent-la-perte-de-vie-sociale-libre-et-authentique.html\">La pand\u00e9mie et l&rsquo;\u00e9tat d&rsquo;urgence r\u00e9v\u00e8lent et accentuent la perte de vie sociale libre et authentique<\/a> (Ricochets)<\/p>\n\n\n\n<p><a href=\"https:\/\/info.mediapart.fr\/optiext\/optiextension.dll?ID=8EF8BPdNP6n8VjMvM9Vui272XmpZo6FWcSJ0twF7VduZ0L8m0xj4wCqKNUq6udrvGyqeff1w3reR1Ya7Yx0Jt7HeW34Sz\">Manuel pour un monde plus vivable<\/a> &#8211; blog Delaunay Matthieu<\/p>\n\n\n\n<figure class=\"wp-block-image is-resized is-style-default\"><img data-recalc-dims=\"1\" loading=\"lazy\" decoding=\"async\" src=\"https:\/\/i0.wp.com\/static.mediapart.fr\/etmagine\/default\/files\/2021\/03\/12\/159839644-454040599145932-3464285212849946564-n.jpg?resize=268%2C330&#038;ssl=1\" alt=\"159839644-454040599145932-3464285212849946564-n\" width=\"268\" height=\"330\"\/><\/figure>\n\n\n\n<p><a href=\"https:\/\/www.humanite.fr\/pourquoi-populariser-le-terme-islamo-gauchisme-favorise-mecaniquement-lextreme-droite-la-reponse-de#xtor=RSS-1\">Pourquoi populariser le terme \u00ab islamo-gauchisme \u00bb favorise m\u00e9caniquement l\u2019extr\u00eame droite ?<\/a> (L\u2019Humanit\u00e9)<\/p>\n\n\n\n<p><a href=\"https:\/\/lvsl.fr\/smart-cities-mirage-solutionniste-pour-voiler-limpuissance-politique\/\">\u00ab Smart cities \u00bb : mirage solutionniste pour voiler l\u2019impuissance politique<\/a> (Le Vent Se L\u00e8ve)&nbsp;<\/p>\n\n\n\n<p><a href=\"http:\/\/www.regards.fr\/politique\/article\/2022-et-si-c-etait-nathalie-arthaud\">2022 : et si c&rsquo;\u00e9tait&#8230; Nathalie Arthaud<\/a> (Regards)<\/p>\n\n\n\n<p><a href=\"https:\/\/solidaires.org\/150-ans-de-la-commune\">150 ans de la commune<\/a> (Solidaires)<\/p>\n\n\n\n<p><a href=\"https:\/\/www.robindestoits.org\/Etre-lanceur-d-alerte-dans-une-democratie-a-l-agonie-et-quand-tout-est-interdit-13-03-21_a3039.html\">Etre lanceur d&rsquo;alerte dans une d\u00e9mocratie \u00e0 l\u2019agonie, et quand tout est interdit (13\/03\/21)<\/a> (Robin des toits)<\/p>\n\n\n\n<p><a href=\"https:\/\/www.boursorama.com\/actualite-economique\/actualites\/2022-roussel-candidat-a-l-investiture-par-les-militants-pcf-9b4fd96fdc38f673040069a123c3b55f\">2022: Roussel candidat \u00e0 l&rsquo;investiture par les militants PCF<\/a> (AFP)<\/p>\n\n\n\n<p><a href=\"https:\/\/blogs.mediapart.fr\/jean-marc-b\/blog\/130321\/la-jeunesse-emmerde-le-front-national-berurier-noir\">La Jeunesse Emmerde le Front National &#8211; Berurier Noir&nbsp;<\/a><\/p>\n\n\n\n<figure class=\"wp-block-embed is-type-video is-provider-youtube wp-block-embed-youtube wp-embed-aspect-4-3 wp-has-aspect-ratio\"><div class=\"wp-block-embed__wrapper\">\n<iframe loading=\"lazy\" title=\"La Jeunesse Emmerde le Front National - Berurier Noir\" width=\"1200\" height=\"900\" src=\"https:\/\/www.youtube.com\/embed\/CuZB9hOQ0DQ?feature=oembed\" frameborder=\"0\" allow=\"accelerometer; autoplay; clipboard-write; encrypted-media; gyroscope; picture-in-picture\" allowfullscreen><\/iframe>\n<\/div><\/figure>\n\n\n\n<p><strong><span class=\"has-inline-color has-vivid-red-color\">13 Mars en continu<\/span><\/strong><\/p>\n\n\n\n<p><a href=\"https:\/\/www.huffingtonpost.fr\/entry\/ces-cesar-2021-engages-nont-pas-plu-a-tout-le-monde_fr_604c8632c5b65bed87dac1ab\" title=\"https:\/\/www.huffingtonpost.fr\/entry\/ces-cesar-2021-engages-nont-pas-plu-a-tout-le-monde_fr_604c8632c5b65bed87dac1ab\">Ces C\u00e9sar 2021 engag\u00e9s n&rsquo;ont pas plu \u00e0 tout le monde<\/a> (Le HuffPost)<\/p>\n\n\n\n<figure class=\"wp-block-image is-resized is-style-default\"><img data-recalc-dims=\"1\" loading=\"lazy\" decoding=\"async\" src=\"https:\/\/i0.wp.com\/img.huffingtonpost.com\/asset\/604c9246260000a3035b61bd.jpg?resize=407%2C281&#038;ssl=1\" alt=\"Ces C\u00e9sar 2021 engag\u00e9s n'ont pas plu \u00e0 tout le\" width=\"407\" height=\"281\"\/><\/figure>\n\n\n\n<p><a href=\"https:\/\/www.facebook.com\/CIvicio18\/videos\/268817808140498\">Op\u00e9ration p\u00e9age libre \u00e0 St Arnoult par les GJ<\/a> -vid\u00e9o<\/p>\n\n\n\n<p><a href=\"https:\/\/www.facebook.com\/jeanfrancois.bigotiere\/videos\/2227622040704941\">Manifestation des autocaristes sur le p\u00e9ripherique parisien<\/a> -vid\u00e9o<\/p>\n\n\n\n<p><a href=\"https:\/\/l.facebook.com\/l.php?u=https:\/\/www.leparisien.fr\/culture-loisirs\/cinema\/on-a-ferme-les-salles-pour-ouvrir-les-eglises-les-cesars-se-paient-roselyne-bachelot-12-03-2021-8428336.php?fbclid=IwAR1Yag3kC9IwcnI_Yn_UEJNTX1Hq45v4I_3fFNNFSI4hmrYmK3qH-t8mBM0#xtor=AD-1481423552&amp;h=AT1GL8u81BHAwAioYbBi4K7d9SuVwmv7sQRPk4Ke3k_B7-i28WC7q2-jpV-9S9OzVar4f1khvnlzD-pujIWPJUQgsDus4FJwK5q5Z6lA9zkS6YovlHY5A3aWopBiSEML0r31P-4&amp;__tn__=,mH-R&amp;c%5B0%5D=AT12LwY2hT3_QzNCNotr4S1eJOgpwcVO1noPBPfGJwcZQy3EHQ_-l4RK8vogXURUBCSPwuy3MVHutV5Ef6iraYalELxmcq8zjSp9L9FI7BRCxs10R05CaPpPRltclN6s87P1RLe5ypUyq7nzn4rQFo3YHtdTPE4Hm12FILxyEclool0\">\u00abOn a ferm\u00e9 les salles pour ouvrir les \u00e9glises\u00bb : les C\u00e9sars se paient Roselyne Bachelot <\/a>(Le Parisien)<\/p>\n\n\n\n<p><a href=\"https:\/\/blogs.mediapart.fr\/jean-marc-b\/blog\/130321\/la-jeunesse-emmerde-le-front-national-berurier-noir\">La Jeunesse Emmerde le Front National <\/a>(Berurier Noir)<\/p>\n\n\n\n<p><a href=\"https:\/\/blogs.mediapart.fr\/jean-marc-b\/blog\/130321\/toutes-et-tous-au-tribunal-lundi-1230-avec-les-quatre-de-nanterre\">Toutes et tous au tribunal lundi 12:30 avec les quatre de Nanterre <\/a>-vid\u00e9o Le M\u00e9dia<\/p>\n\n\n\n<p><a href=\"https:\/\/alt-rev.com\/2021\/03\/13\/quand-la-charite-se-fout-de-lhopital-lessai-qui-denonce-lhypocrisie-de-la-philanthropie-moderne\/\">Quand la charit\u00e9 se fout de l\u2019h\u00f4pital : l\u2019essai qui d\u00e9nonce l\u2019hypocrisie de la philanthropie moderne<\/a> (Mr mondialisation)<\/p>\n\n\n\n<p><a href=\"https:\/\/blogs.mediapart.fr\/jean-marc-b\/blog\/120321\/islamo-gauchisme-quand-la-macronie-penche-toujours-plus-droite\">\u00ab Islamo-gauchisme \u00bb : Quand la Macronie penche toujours plus \u00e0 droite <\/a>(Politoscope.org)<\/p>\n\n\n\n<p><a href=\"https:\/\/www.anti-k.org\/2021\/03\/12\/a-aubervilliers-on-sorganise-face-a-la-menace-sur-les-jardins-ouvriers\/\">\u00c0 Aubervilliers, on s\u2019organise face \u00e0 la menace sur les jardins ouvriers <\/a>(Bondy Blog)<\/p>\n\n\n\n<p><a href=\"https:\/\/reflets.info\/articles\/vaccination-le-coup-de-com-du-gouvernement\">Vaccination : le coup de com du gouvernement<\/a> (<a href=\"http:\/\/reflets.info\">reflets.info<\/a>)<\/p>\n\n\n\n<p><a href=\"https:\/\/info.mediapart.fr\/optiext\/optiextension.dll?ID=dHGdGyEn%2BPs%2BYl2Jhtuz0x3J0xtyvn1V8YlWx4ReHCAnjRytkxERlQgniDHkj4zWhL%2BxFRJ9dpOXguE7nLMxTCiTFe%2BJY\">Des r\u00e9gionales \u00e0 la pr\u00e9sidentielle: la gauche commence \u00e0 s\u2019occuper de ses unions<\/a> (MDP)<\/p>\n\n\n\n<p><a href=\"https:\/\/info.mediapart.fr\/optiext\/optiextension.dll?ID=dHGdJY4PuwdWK9vqtKY_DMyw05LcSRWPkmOGshblxy2z2tKZlqx6z83Ltwg4yRmQTY8rzGF3Gp%2BG_bis_REoO6qzS3atH\">Subventions en Auvergne-Rh\u00f4ne-Alpes: l\u2019opposition saisit le PNF, Wauquiez porte plainte<\/a> (MDP)<\/p>\n\n\n\n<p><a href=\"https:\/\/info.mediapart.fr\/optiext\/optiextension.dll?ID=dHGdGLiqZ82q4B5fYnwTnuWz1l7OaMQsISPvR21%2BYqLAA45tlYpgfg2FUnwALr8kRApwGlDdEtNWxtodr5NCdzjsiRD7Q\">Le \u00abruissellement\u00bb reste l\u2019id\u00e9ologie structurante du gouvernement<\/a> (MDP)<\/p>\n\n\n\n<figure class=\"wp-block-image size-large is-resized is-style-default\"><img data-recalc-dims=\"1\" loading=\"lazy\" decoding=\"async\" src=\"https:\/\/i0.wp.com\/www.rdpemancipation.org\/wp-content\/uploads\/2021\/03\/ruissellement.jpg?resize=324%2C408&#038;ssl=1\" alt=\"\" class=\"wp-image-20168\" width=\"324\" height=\"408\" srcset=\"https:\/\/i0.wp.com\/www.rdpemancipation.org\/wp-content\/uploads\/2021\/03\/ruissellement.jpg?w=661&amp;ssl=1 661w, https:\/\/i0.wp.com\/www.rdpemancipation.org\/wp-content\/uploads\/2021\/03\/ruissellement.jpg?resize=238%2C300&amp;ssl=1 238w\" sizes=\"auto, (max-width: 324px) 100vw, 324px\" \/><\/figure>\n\n\n\n<p><strong><span class=\"has-inline-color has-vivid-red-color\">12 Mars en continu<\/span><\/strong><\/p>\n\n\n\n<p><a href=\"https:\/\/www.boursorama.com\/boursoramag\/actualites\/a-lille-et-limoges-des-theatres-a-leur-tour-occupes-722bbc31f54fc0019bd62cbc1e8cd526\">A Lille et Limoges, des th\u00e9\u00e2tres \u00e0 leur tour occup\u00e9s<\/a> (AFP)<\/p>\n\n\n\n<p><a href=\"https:\/\/www.francebleu.fr\/infos\/economie-social\/coronavirus-les-intermittents-du-spectacle-occupent-le-centre-dramatique-national-a-besancon-1615474391\">Coronavirus : les intermittents du spectacle occupent le Centre dramatique national \u00e0 Besan\u00e7on<\/a> (France Bleu)<\/p>\n\n\n\n<p><a href=\"https:\/\/www.lamontagne.fr\/paris-75000\/loisirs\/parti-du-theatre-de-l-odeon-a-paris-le-mouvement-des-intermittents-a-gagne-chateauroux-dont-la-scene-nationale-est-occupee_13925693\/\">Le mouvement des intermittents a gagn\u00e9 Ch\u00e2teauroux dont la sc\u00e8ne nationale est occup\u00e9e<\/a> (La Montagne)<\/p>\n\n\n\n<p><a href=\"https:\/\/l.facebook.com\/l.php?u=https:\/\/www.amnesty.fr\/agenda\/france-mobilisation-13-20-mars-contre-proposition-loi-securite-globale?utm_medium=email&amp;utm_source=emailing-action&amp;utm_campaign=ppl&amp;fbclid=IwAR2GL1A1bwumXSLZ6cpzKMbT-f9gagoB6dgzOLvG-eGoGOW0sXLejx8L4eI&amp;h=AT1hjMVkG1llWoMDT7oL1FEiPt_uqm4KbtvK1piZ4pMBcmcJHDBZSxwdD94w-f3l6naty87nLd9RgDkLgLT5LuA3OoaO8O43gFDaaG8HuETkgIS1T2tX5xrq1w8KlD7DZLwkkhk&amp;__tn__=,mH-R&amp;c%5B0%5D=AT3Uragx7T4R8JW593hpzq3O0LJAQxuy2fwfEXcHQQywFTkhQhc8LQA9BFqig1s_kUInfD8WWsJvLYyJKBWUClh20eyj6s3dnM9zTSYf4sBCJnfW_prO5yXORsoWDIRhIwUbPKVdA8IdmeNF-t0jYzq-kaKNjcY1J5v4FUQtrk-3M3s\">Une semaine de mobilisation contre la proposition de loi S\u00e9curit\u00e9 Globale ! <\/a>(Amnesty France)<\/p>\n\n\n\n<figure class=\"wp-block-image size-large is-style-default\"><img data-recalc-dims=\"1\" loading=\"lazy\" decoding=\"async\" width=\"1024\" height=\"488\" src=\"https:\/\/i0.wp.com\/www.rdpemancipation.org\/wp-content\/uploads\/2021\/03\/2bdf5e31-46b6-445b-9a85-e088929dcec8_Coordination-StopSecuriteGlobale.jpg?resize=1024%2C488&#038;ssl=1\" alt=\"\" class=\"wp-image-19998\" srcset=\"https:\/\/i0.wp.com\/www.rdpemancipation.org\/wp-content\/uploads\/2021\/03\/2bdf5e31-46b6-445b-9a85-e088929dcec8_Coordination-StopSecuriteGlobale.jpg?resize=1024%2C488&amp;ssl=1 1024w, https:\/\/i0.wp.com\/www.rdpemancipation.org\/wp-content\/uploads\/2021\/03\/2bdf5e31-46b6-445b-9a85-e088929dcec8_Coordination-StopSecuriteGlobale.jpg?resize=300%2C143&amp;ssl=1 300w, https:\/\/i0.wp.com\/www.rdpemancipation.org\/wp-content\/uploads\/2021\/03\/2bdf5e31-46b6-445b-9a85-e088929dcec8_Coordination-StopSecuriteGlobale.jpg?resize=768%2C366&amp;ssl=1 768w, https:\/\/i0.wp.com\/www.rdpemancipation.org\/wp-content\/uploads\/2021\/03\/2bdf5e31-46b6-445b-9a85-e088929dcec8_Coordination-StopSecuriteGlobale.jpg?resize=1536%2C731&amp;ssl=1 1536w, https:\/\/i0.wp.com\/www.rdpemancipation.org\/wp-content\/uploads\/2021\/03\/2bdf5e31-46b6-445b-9a85-e088929dcec8_Coordination-StopSecuriteGlobale.jpg?w=1680&amp;ssl=1 1680w\" sizes=\"auto, (max-width: 1024px) 100vw, 1024px\" \/><\/figure>\n\n\n\n<p><a href=\"https:\/\/blogs.mediapart.fr\/jean-marc-b\/blog\/120321\/islamo-gauchisme-quand-la-macronie-penche-toujours-plus-droite\">\u00ab Islamo-gauchisme \u00bb : Quand la Macronie penche toujours plus \u00e0 droite&nbsp;<\/a> (Les Crises)<\/p>\n\n\n\n<p><a href=\"https:\/\/blogs.mediapart.fr\/jean-marc-b\/blog\/120321\/theatres-occupes-et-si-occupait-les-usines-qui-licencient-les-universites\">Th\u00e9\u00e2tres occup\u00e9s: et si on occupait les usines qui licencient, les universit\u00e9s ? <\/a>(#occupationpartout)<\/p>\n\n\n\n<p><a href=\"https:\/\/alt-rev.com\/2021\/03\/11\/la-commune-dhier-a-aujourdhui\/\">La Commune, d\u2019hier \u00e0 aujourd\u2019hui<\/a> (vid\u00e9o Editions sociales)<\/p>\n\n\n\n<p><a href=\"https:\/\/info.mediapart.fr\/optiext\/optiextension.dll?ID=oSToQZrA2ev7KGFdwXnTDfO2%2BG37Kuo1DtGPdFJYCHOQnvC_h7KJpxC8QfO2%2BAdycbHVT7WRTuMqEXCeSuVzCWuTU2jwF\">J\u00e9r\u00f4me Baschet: \u00abLier existence communale et condition plan\u00e9taire\u00bb<\/a>&nbsp; (vid\u00e9o MDP)<\/p>\n\n\n\n<p><a href=\"https:\/\/blogs.mediapart.fr\/jean-marc-b\/blog\/110321\/la-classe-ouvriere-mondiale-dans-la-reorganisation-du-capitalisme\">La classe ouvri\u00e8re mondiale dans la r\u00e9organisation du capitalisme <\/a>-Kim Moody<\/p>\n\n\n\n<p><a href=\"https:\/\/www.boursorama.com\/actualite-economique\/actualites\/regionales-hauts-de-france-alliance-verts-pcf-lfi-ps-derriere-karima-delli-7073b807db5beadcf6f2527a17970a69\">R\u00e9gionales\/Hauts-de-France: alliance Verts-PCF-LFI-PS derri\u00e8re Karima Delli<\/a> (AFP)<\/p>\n\n\n\n<p><a href=\"https:\/\/blogs.mediapart.fr\/jean-marc-b\/blog\/110321\/macron-le-carburant-de-marine-le-pen\">Macron, le carburant de Marine Le Pen <\/a>(vid\u00e9o Le M\u00e9dia)<\/p>\n\n\n\n<p><a href=\"https:\/\/blogs.mediapart.fr\/jean-marc-b\/blog\/110321\/le-pouvoir-y-compris-judiciaire-otage-de-la-milice-macron\">Le pouvoir, y compris judiciaire, otage de la milice Macron <\/a>(LI)<\/p>\n\n\n\n<p><a href=\"https:\/\/www.humanite.fr\/mobilisation-des-intermittents-ce-mouvement-commence-faire-tache-dhuile-701278#xtor=RSS-1\">Mobilisation des intermittents : \u00ab\u00a0Ce mouvement commence \u00e0 faire tache d&rsquo;huile\u00a0\u00bb<\/a> (L\u2019Humanit\u00e9)<\/p>\n\n\n\n<figure class=\"wp-block-image is-resized is-style-default\"><img loading=\"lazy\" decoding=\"async\" src=\"https:\/\/scontent.fhex4-2.fna.fbcdn.net\/v\/t1.0-9\/159620099_1162936544128812_7811395468262486046_o.png?_nc_cat=103&amp;ccb=1-3&amp;_nc_sid=730e14&amp;_nc_ohc=zDOvMg-uV5oAX8TeRs9&amp;_nc_ht=scontent.fhex4-2.fna&amp;oh=6a00fb5e73c0fd0a8f056c3341c66507&amp;oe=606F44F2\" alt=\"Peut \u00eatre une image de 1 personne et texte qui dit \u2019ROSELYNE BACHELOT MINISTRE INUTILE D'UN GOUVERNEMENT DANGEREUX S'EN PREND AUX OCCUPATIONS DE LIEUX DE CULTURE AFP Agence France-Presse @afpfr 9m m &quot;L'occupation des lieux de culture n'est pas le bon moyen, c'est inutile (...). Ces manceuvres sont dangereuses, car elles mettent en menace des lieux patrimoniaux fragiles&quot;, jug\u00e9 la ministre de la Culture Roselyne Bachelot \u00e0 propos de ce mouvement qui prend de l'ampleur #AFP AFP\u2019\" width=\"339\" height=\"339\"\/><\/figure>\n\n\n\n<p><a href=\"https:\/\/www.ldh-france.org\/appel-28-mars-pour-une-vraie-loi-climat\/\">Appel \u00e0 la mobilisation le 28 mars pour une vraie loi climat<\/a> (Ligue des droits de l\u2019Homme)<\/p>\n\n\n\n<p><a href=\"https:\/\/www.force-ouvriere.fr\/soutien-a-la-jeunesse-mobilisee-pour-son-avenir-le-16-mars\">Soutien \u00e0 la jeunesse mobilis\u00e9e pour son avenir le 16&nbsp;mars<\/a> (Force Ouvri\u00e8re)<\/p>\n\n\n\n<p><a href=\"https:\/\/www.humanite.fr\/pandemie-mobilisation-pour-faire-du-vaccin-un-bien-public-701316#xtor=RSS-1\">Pand\u00e9mie. Mobilisation pour faire du vaccin un bien public<\/a> (L\u2019Humanit\u00e9)<\/p>\n\n\n\n<p><a href=\"https:\/\/info.mediapart.fr\/optiext\/optiextension.dll?ID=VnmVktDwlWAqjL0Ai1wytJSdJ%2BeoDLTPWwCvyywmk6wQZQq%2BM19sRjGJTBn0De74tzgjoIr%2BxyZ94YYCxvbFAYfULcHFk\">Apr\u00e8s l\u2019Od\u00e9on, le TNS occup\u00e9! Et la Colline!<\/a> (MDP)<\/p>\n\n\n\n<p><a href=\"https:\/\/info.mediapart.fr\/optiext\/optiextension.dll?ID=VnmVpPf8IZeCnmC15Ko%2B5YH6kL6LnIqMVfTqxyL%2B6GPy25jFMVfD0JMek8DTSLcqBVKy12ET%2BegAbtHyX9144bkd9wwpd\">La r\u00e9volution se fera sans Fran\u00e7ois Pinault (je sais c&rsquo;est fou)<\/a> -Ma\u010dko Dr\u00e0g\u00e0n&nbsp;<\/p>\n\n\n\n<p><a href=\"https:\/\/www.humanite.fr\/alliance-la-gauche-se-rassemble-dans-les-hauts-de-france-701307#xtor=RSS-1\">La gauche se rassemble dans les Hauts-de-France<\/a> ( L\u2019Humanit\u00e9)<\/p>\n\n\n\n<p><a href=\"https:\/\/theconversation.com\/lhumour-allie-ou-ennemi-du-politique-156892\">L\u2019humour, alli\u00e9 ou ennemi du politique ?<\/a> (The Conversation)<\/p>\n\n\n\n<p><a href=\"https:\/\/www.boursorama.com\/actualite-economique\/actualites\/euthanasie-le-senat-s-oppose-au-droit-a-mourir-dans-la-dignite-propose-par-les-elus-ps-32aff5616c3fbd1bb9efd04a210bf44d\">Euthanasie: le S\u00e9nat s&rsquo;oppose au \u00ab\u00a0droit \u00e0 mourir dans la dignit\u00e9\u00a0\u00bb propos\u00e9 par les \u00e9lus PS<\/a> (AFP)<\/p>\n\n\n\n<figure class=\"wp-block-image is-resized is-style-default\"><img loading=\"lazy\" decoding=\"async\" src=\"https:\/\/scontent.fhex4-1.fna.fbcdn.net\/v\/t1.0-9\/160010847_1162940914128375_1163625717997402389_n.jpg?_nc_cat=102&amp;ccb=1-3&amp;_nc_sid=730e14&amp;_nc_ohc=yHSzPXXIEYcAX_hOKW_&amp;_nc_ht=scontent.fhex4-1.fna&amp;oh=61130b8d1f025b7653d6f30435916765&amp;oe=606F8155\" alt=\"Peut \u00eatre une image de 2 personnes, chien et int\u00e9rieur\" width=\"404\" height=\"332\"\/><figcaption><sub>La justice macronarde: 3 ans de prison ferme pour les maffieux Balkany<\/sub><\/figcaption><\/figure>\n\n\n\n<p><strong><span class=\"has-inline-color has-vivid-red-color\">11 Mars en continu<\/span><\/strong><\/p>\n\n\n\n<p><a href=\"https:\/\/alt-rev.com\/2021\/03\/11\/apres-lodeon-la-colline-et-le-tns-le-mouvement-doccupation-des-theatres-prend-de-lampleur\/\">Apr\u00e8s l\u2019Od\u00e9on, La Colline et le TNS: le mouvement d\u2019occupation des th\u00e9\u00e2tres prend de l\u2019ampleur<\/a> (France Info)<\/p>\n\n\n\n<p><a href=\"https:\/\/solidaires.org\/SUD-Culture-et-Medias-Solidaires-Communique-de-soutien-a-l-occupation-du\">Communiqu\u00e9 de soutien \u00e0 l&rsquo;occupation du th\u00e9\u00e2tre de l&rsquo;Od\u00e9on<\/a> (SUD Culture et M\u00e9dias Solidaires)&nbsp;<\/p>\n\n\n\n<p><a href=\"https:\/\/www.sudouest.fr\/culture\/video-bordeaux-les-apprentis-comediens-manifestent-devant-le-grand-theatre-1586751.php\">Vid\u00e9o\/Bordeaux&nbsp;: les apprentis com\u00e9diens manifestent devant le Grand Th\u00e9\u00e2tre<\/a> (Sud Ouest)<\/p>\n\n\n\n<p><a href=\"https:\/\/france3-regions.francetvinfo.fr\/grand-est\/bas-rhin\/strasbourg-0\/les-eleves-du-theatre-national-de-strasbourg-occupent-leur-ecole-pour-defendre-la-culture-1990543.html\">Les \u00e9l\u00e8ves du th\u00e9\u00e2tre national de Strasbourg occupent leur \u00e9cole pour d\u00e9fendre la culture<\/a> (France 3)<\/p>\n\n\n\n<p><a href=\"https:\/\/www.francebleu.fr\/infos\/economie-social\/les-theatre-graslin-de-nantes-occupe-par-des-intermittents-du-spectacle-1615387626\">Le th\u00e9\u00e2tre Graslin de Nantes occup\u00e9 par des intermittents du spectacle<\/a> (France Bleu)<\/p>\n\n\n\n<figure class=\"wp-block-image is-resized is-style-default\"><img data-recalc-dims=\"1\" loading=\"lazy\" decoding=\"async\" src=\"https:\/\/i0.wp.com\/cdn.radiofrance.fr\/s3\/cruiser-production\/2021\/03\/764f715d-fd68-4ee6-80c6-e4a036019f55\/870x489_graslin1.jpg?resize=391%2C220&#038;ssl=1\" alt=\"Le th\u00e9\u00e2tre Graslin occup\u00e9 ce mercredi.\" width=\"391\" height=\"220\"\/><\/figure>\n\n\n\n<p><a href=\"https:\/\/www.revolutionpermanente.fr\/Vague-d-occupation-des-theatres-contre-la-precarite-organisons-nous\">Vague d\u2019occupation des th\u00e9\u00e2tres&nbsp;: contre la pr\u00e9carit\u00e9, organisons nous&nbsp;!<\/a> (RP)<\/p>\n\n\n\n<p><a href=\"https:\/\/alt-rev.com\/2021\/03\/11\/le-confinement-du-dehors\/\">Le confinement du dehors<\/a> (Lundi matin)<\/p>\n\n\n\n<p><a href=\"https:\/\/alt-rev.com\/2021\/03\/11\/philippe-poutou-et-la-mort-du-dernier-dassault\/\">Philippe Poutou et la mort du dernier Dassault<\/a> (Anti-k)<\/p>\n\n\n\n<p><a href=\"https:\/\/www.mediapart.fr\/journal\/france\/110321\/referendum-sur-le-climat-promesse-mort-nee-d-emmanuel-macron\">R\u00e9f\u00e9rendum sur le climat, promesse mort-n\u00e9e d\u2019Emmanuel Macron<\/a> (M\u00e9diapart)<\/p>\n\n\n\n<figure class=\"wp-block-image size-large is-resized is-style-default\"><img data-recalc-dims=\"1\" loading=\"lazy\" decoding=\"async\" src=\"https:\/\/i0.wp.com\/www.rdpemancipation.org\/wp-content\/uploads\/2021\/03\/odeon.png?resize=395%2C332&#038;ssl=1\" alt=\"\" class=\"wp-image-19836\" width=\"395\" height=\"332\"\/><\/figure>\n\n\n\n<p><a href=\"https:\/\/www.slate.fr\/story\/204656\/rapport-freedom-house-democratie-recul-moins-20-pourcent-population-mondiale-pays-libre\">Moins de 20% de la population mondiale vit d\u00e9sormais dans un pays \u00ablibre\u00bb <\/a>(Slate)<\/p>\n\n\n\n<p><a href=\"https:\/\/www.revolutionpermanente.fr\/Marine-Le-Pen-affiche-son-attachement-au-neo-liberalisme-la-fin-de-l-imposture-anti-systeme\">Marine Le Pen affiche son attachement au n\u00e9o-lib\u00e9ralisme&nbsp;: la fin de l\u2019imposture anti-syst\u00e8me&nbsp;?<\/a> (RP)<\/p>\n\n\n\n<p><a href=\"https:\/\/www.boursorama.com\/actualite-economique\/actualites\/le-president-de-l-udi-jean-christophe-lagarde-en-garde-a-vue-pour-detention-d-arme-95f39cd42fa6c4e190247c6687870b40\">Le pr\u00e9sident de l&rsquo;UDI Jean-Christophe Lagarde en garde \u00e0 vue pour \u00ab\u00a0d\u00e9tention d&rsquo;arme\u00a0\u00bb<\/a> (AFP)<\/p>\n\n\n\n<p><a href=\"https:\/\/www.boursorama.com\/actualite-economique\/actualites\/un-ministre-francais-denonce-des-pressions-politiques-polonaises-pour-l-empecher-d-aller-en-zone-anti-lgbt-fa33c38e1ad7cc928feab4c31c7a6c10\">Un ministre fran\u00e7ais d\u00e9nonce des \u00ab\u00a0pressions politiques\u00a0\u00bb polonaises pour l&#8217;emp\u00eacher d&rsquo;aller en zone anti-LGBT<\/a><br>(AFP)<\/p>\n\n\n\n<p><a href=\"https:\/\/www.humanite.fr\/occupation-de-lodeon-pensait-rester-deux-trois-jours-mais-la-cest-parti-pour-durer-701126#xtor=RSS-1\">Occupation de l\u2019Od\u00e9on : \u00ab On pensait rester deux, trois jours, mais l\u00e0, c\u2019est parti pour durer \u00bb<\/a> (L\u2019Humanit\u00e9)<\/p>\n\n\n\n<figure class=\"wp-block-image is-resized is-style-default\"><img loading=\"lazy\" decoding=\"async\" src=\"https:\/\/scontent.fhex4-2.fna.fbcdn.net\/v\/t1.0-9\/159655466_1162301470858986_994141831828225133_n.png?_nc_cat=108&amp;ccb=1-3&amp;_nc_sid=730e14&amp;_nc_eui2=AeGaaXJmhHLyVEEO6sq6uZ5XQlcjRsa-QJxCVyNGxr5AnCfWx-HpQxcL5ByDUW9lLTE&amp;_nc_ohc=t-2XNBoophcAX9yktBJ&amp;_nc_ht=scontent.fhex4-2.fna&amp;oh=e0493f7f49d1fcc2b069b21336e41d9d&amp;oe=606E3815\" alt=\"Peut \u00eatre une image de carte et texte qui dit \u201910mars2021 2021 mars OLLN uto A ODEON Paris Strasbourg Nantes Chateauroux #occupations Pau E\u2019\" width=\"357\" height=\"365\"\/><\/figure>\n\n\n\n<p><a href=\"https:\/\/lanticapitaliste.org\/agir\/politique\/en-defense-des-libertes-communique-unitaire\">En d\u00e9fense des libert\u00e9s !<\/a> (communiqu\u00e9 unitaire<a href=\"https:\/\/lanticapitaliste.org\/agir\/politique\/en-defense-des-libertes-communique-unitaire\">)<\/a><\/p>\n\n\n\n<p><a href=\"https:\/\/lanticapitaliste.org\/actualite\/societe\/le-duel-macron-le-pen-nest-pas-une-fatalite\">Le duel Macron-Le Pen n\u2019est pas une fatalit\u00e9 !<\/a> (L\u2019Anticapitaliste)<\/p>\n\n\n\n<p><a href=\"https:\/\/www.boursorama.com\/actualite-economique\/actualites\/melenchon-etrille-l-ecologie-selon-le-pen-un-naturalisme-identitaire-1f94bdb87c5a62d07cd1d334fd4f7969\">M\u00e9lenchon \u00e9trille l&rsquo;\u00e9cologie selon Le Pen, un \u00ab\u00a0naturalisme identitaire\u00a0\u00bb<\/a> (AFP)<\/p>\n\n\n\n<p><a href=\"https:\/\/blogs.mediapart.fr\/jean-marc-b\/blog\/100321\/le-conglomerat-militaro-industriel-un-totalitarisme-republicain\">Le conglom\u00e9rat militaro-industriel, un totalitarisme \u00ab\u2009r\u00e9publicain\u2009\u00bb <\/a>(L\u2019Anticapitaliste)<\/p>\n\n\n\n<p><a href=\"https:\/\/www.boursorama.com\/actualite-economique\/actualites\/front-republicain-accusation-puis-excuses-entre-bruno-le-maire-et-olivier-faure-93d7f6ea4ff5f1600c1601d71b075301\">\u00ab\u00a0Front r\u00e9publicain\u00a0\u00bb : accusation puis excuses entre Bruno Le Maire et Olivier Faure<\/a> (Boursorama)<\/p>\n\n\n\n<p><a href=\"https:\/\/lanticapitaliste.org\/actualite\/social\/contre-les-politiques-liberales-autoritaires-et-racistes-de-ce-gouvernement-cest\">Contre les politiques lib\u00e9rales, autoritaires et racistes: c\u2019est dans la rue que \u00e7a doit se passer&nbsp;!<\/a> (L\u2019Anticapitaliste)<\/p>\n\n\n\n<p><a href=\"https:\/\/info.mediapart.fr\/optiext\/optiextension.dll?ID=7zy7E0I7Fpk8453Vf_vZS_aWcCNfwWpi%2BAYCW2pP_9%2BWBGLlYBvbT9Gmekerd5HA%2BYg6vMH9B6GZGWvZyRtoM7BQ_KrZt\">Une ann\u00e9e de Covid-19: les sept erreurs du pouvoir<\/a> (MDP)<\/p>\n\n\n\n<p><a href=\"https:\/\/info.mediapart.fr\/optiext\/optiextension.dll?ID=7zy7z_U6_dm4UGh72_m6JH6gQDreL_pOql0zAK5WexpFJNclYAf6EUhmoDzGu3vPADvAwuF5bJVGPboYvesr8kVBXC_7R\">Argent public: comment Laurent Wauquiez arrose les siens<\/a> (MDP)<\/p>\n\n\n\n<figure class=\"wp-block-image is-resized is-style-default\"><img loading=\"lazy\" decoding=\"async\" src=\"https:\/\/scontent.fhex4-2.fna.fbcdn.net\/v\/t1.0-9\/159531299_1162310567524743_6523059910926362046_n.png?_nc_cat=110&amp;ccb=1-3&amp;_nc_sid=730e14&amp;_nc_eui2=AeEZz66QxIH5xJ48YUpqZ27vzOY55Hg_G8TM5jnkeD8bxLaG16ZkbH2K3a-gQ5qWFgc&amp;_nc_ohc=xjxBsofbDgcAX_a5Hdi&amp;_nc_ht=scontent.fhex4-2.fna&amp;oh=9b81d73be11e252d8b929b47dd7b9063&amp;oe=6070650B\" alt=\"Peut \u00eatre une image de texte qui dit \u2019RositaBanana 10h #Havre Des irr\u00e9gularit\u00e9s constat\u00e9es dans les comptes de campagne des #municipales 2020 d'#EPhilippe En cause notamment \u00abdes remises de 50% et parfois plus consenties par une SARL&gt;&gt; Tout comme #Macron en 2017\u2019\" width=\"284\" height=\"303\"\/><\/figure>\n\n\n\n<p><a href=\"https:\/\/info.mediapart.fr\/optiext\/optiextension.dll?ID=7zy7FxOHBqn0iY8W3OqFUETbUgtQB9LhUw7xAWNuiWZcYlUlZ5Hpg8nj_TLTSQ9mCTF_gdLhUwZejeBzFIDjZiWXeV_J4\">Ouverture des archives classifi\u00e9es: la vraie fausse \u00abavanc\u00e9e\u00bb du pr\u00e9sident Macron<\/a> (MDP)<\/p>\n\n\n\n<p><a href=\"https:\/\/www.lignes-de-cretes.org\/qui-est-separatiste-entretien-avec-zinedine-gaid-professeur-de-philosophie-mhs-paris\/\">Qui est s\u00e9paratiste ? Entretien avec Zinedine Gaid, professeur de philosophie, MHS Paris<\/a> (Lignes de cr\u00eates)<\/p>\n\n\n\n<p><a href=\"https:\/\/www.politis.fr\/articles\/2021\/03\/ce-que-dit-laffaire-de-liep-de-grenoble-42918\/\">Ce que dit l\u2019affaire de l\u2019IEP de Grenoble &#8211; Denis Sieffert<\/a> (Politis)&nbsp;<\/p>\n\n\n\n<p><a href=\"https:\/\/www.saphirnews.com\/Accusations-d-islamophobie-a-Sciences-Po-Grenoble-ce-que-l-on-sait-de-l-affaire_a27890.html\">Accusations d\u2019islamophobie \u00e0 Sciences-Po Grenoble : ce que l&rsquo;on sait de l\u2019affaire<\/a>&nbsp; (Saphir News<\/p>\n\n\n\n<p><a href=\"https:\/\/www.streetpress.com\/sujet\/1615331185-fights-clubs-neonazis-extreme-droite-zouaves-generation-identitaire-hooligans-supremacistes\">Les fights clubs n\u00e9onazis<\/a> (StreetPress)<\/p>\n\n\n\n<p><a href=\"https:\/\/lanticapitaliste.org\/actualite\/societe\/actualites-du-danger-fasciste\">Actualit\u00e9(s) du danger fasciste<\/a> -Ugo Palheta<\/p>\n\n\n\n<figure class=\"wp-block-image is-resized is-style-default\"><img data-recalc-dims=\"1\" loading=\"lazy\" decoding=\"async\" src=\"https:\/\/i0.wp.com\/lanticapitaliste.org\/sites\/default\/files\/styles\/largeur_content_hauteur_complet\/public\/c1-march_on_rome.jpg?resize=404%2C301&#038;ssl=1\" alt=\"\" width=\"404\" height=\"301\"\/><figcaption><sub>Mussolini lors de la marche sur Rome, 28 octobre 1922. DR.<\/sub><\/figcaption><\/figure>\n\n\n\n<p><a href=\"https:\/\/lanticapitaliste.org\/actualite\/societe\/le-fascisme-est-une-hydre-cameleon-qui-est-de-retour\">\u00ab\u2009Le fascisme est une hydre-cam\u00e9l\u00e9on qui est de retour\u2009\u00bb<\/a> -Robi Morder, Patrick Silberstein<\/p>\n\n\n\n<p><a href=\"https:\/\/lanticapitaliste.org\/actualite\/societe\/le-fascisme-est-il-dactualite\">Le fascisme est-il d\u2019actualit\u00e9 ?<\/a> -Alain Bihr<\/p>\n\n\n\n<p><a href=\"https:\/\/lanticapitaliste.org\/actualite\/histoire\/le-nazisme-un-systeme-capitaliste-imperialiste-et-genocidaire\">Le nazisme, un syst\u00e8me capitaliste, imp\u00e9rialiste et g\u00e9nocidaire<\/a> (L\u2019Anticapitaliste)<\/p>\n\n\n\n<p><a href=\"https:\/\/lanticapitaliste.org\/opinions\/histoire\/les-evenements-de-cronstadt-sont-un-eclair-qui-illumine-la-realite-plus-vivement\">\u00ab\u2009Les \u00e9v\u00e9nements de Cronstadt sont un \u00e9clair qui a illumin\u00e9 la r\u00e9alit\u00e9 plus vivement que tout\u2009\u00bb<\/a> -Jean-Jacques Marie<\/p>\n\n\n\n<p><a href=\"https:\/\/link.newsletter.franceculture.fr\/m\/surl\/7429\/643964\/Z-aKe_Jq0eBxGP8ryvFR829C5lXTLJmivm821gAfcU8=\/link_20\/CpeGccsSiS8-xH8qnGU6lmTy02c6ELzxe6G4F+Q04B3GzEQkPB7nS8FYTgV6nrcfEllCOzspytc0Khm056Jx7fv7wrUgqkvTVk0biUG7lU1fl26+iRadLDiUCFJAUoDori4DpmG2gsqx8+EiVXH1Cbu8rOWUU02oBTrLYb3O5gkk036psyHFGePtKJVyg61wv5+A2u-8UczZbwW8I6-lhYgBQeFmJEabSw0OJ2hi+dDsjnDIwsuXT8jUZz+DG9lkv8ubv+CkN5L3Zkl6lPHHe5-xAV3GEBpMfHeHVDA0xFkJm44pHFCtM-stnAFozEmxPiCvQqseyrBxyB9e0EdPfBJnzdXEHo9pHeVlRaIxHPqw0gTpmTWSowQw-GysSBqq\">&nbsp;Film documentaire anim\u00e9 \u00ab\u00a0Les damn\u00e9s de la Commune\u00a0\u00bb sur Arte<\/a> (France Culture)<\/p>\n\n\n\n<figure class=\"wp-block-image is-resized is-style-default\"><img data-recalc-dims=\"1\" loading=\"lazy\" decoding=\"async\" src=\"https:\/\/i0.wp.com\/cdn.radiofrance.fr\/s3\/cruiser-production\/2021\/03\/89898217-ed01-4ee0-a7d5-09d24a4ded28\/838_thumbnail_image001.jpg?resize=389%2C369&#038;ssl=1\" alt=\"Les damn\u00e9s de la Commune\" width=\"389\" height=\"369\"\/><\/figure>\n\n\n\n<p><strong><span class=\"has-inline-color has-vivid-red-color\">10 Mars en continu<\/span><\/strong><\/p>\n\n\n\n<p><a href=\"https:\/\/alt-rev.com\/2021\/03\/10\/theatre-de-lodeon-occupee-bachelot-sommee-de-rouvrir-les-salles-de-spectacle\/\">Th\u00e9\u00e2tre de l\u2019Od\u00e9on occup\u00e9e: Bachelot somm\u00e9e de rouvrir les salles de spectacle<\/a> (vid\u00e9o Le M\u00e9dia)<\/p>\n\n\n\n<p><a href=\"https:\/\/alt-rev.com\/2021\/03\/09\/interdit-dinterdire-macron-le-pen-la-fin-du-front-republicain-en-2022\/\">Interdit d\u2019interdire \u2013 Macron-Le Pen : la fin du \u00abfront r\u00e9publicain\u00bb en 2022 ?<\/a> (vid\u00e9o RT France)<\/p>\n\n\n\n<p><a href=\"https:\/\/alt-rev.com\/2021\/03\/09\/pour-en-finir-avec-le-beton-arme-et-son-monde\/\">Pour en finir avec le b\u00e9ton arm\u00e9 et son monde<\/a> (Renvers\u00e9)<\/p>\n\n\n\n<p><a href=\"https:\/\/blogs.mediapart.fr\/jean-marc-b\/blog\/100321\/le-conglomerat-militaro-industriel-un-totalitarisme-republicain\">Le conglom\u00e9rat militaro-industriel, un totalitarisme \u00ab\u2009r\u00e9publicain\u2009\u00bb <\/a>(L\u2019Anticapitaliste)<\/p>\n\n\n\n<p><a href=\"https:\/\/www.anti-k.org\/2021\/03\/10\/pourquoi-nos-dirigeants-prennent-plaisir-a-nous-enfermer\/\">Pourquoi nos dirigeants prennent plaisir \u00e0 nous enfermer <\/a>(Frustration)<\/p>\n\n\n\n<p><a href=\"https:\/\/lanticapitaliste.org\/arguments\/ecologie\/epr-cigeo-piscine-de-dechets-du-fiasco-politique-et-economique-la-catastrophe\">EPR, Cig\u00e9o, piscine de d\u00e9chets : du fiasco politique et \u00e9conomique \u00e0 la catastrophe \u00e9cologique et sanitaire<\/a> (L\u2019Anticapitaliste)<\/p>\n\n\n\n<p><a href=\"https:\/\/www.terrestres.org\/2021\/03\/10\/soulevements-de-la-terre\/?utm_source=rss&amp;utm_medium=rss&amp;utm_campaign=soulevements-de-la-terre\">Appel des Soul\u00e8vements de la Terre<\/a> (Terrestres)<\/p>\n\n\n\n<p><a href=\"https:\/\/dieses.fr\/rendre-leur-complexite-aux-luttes\">Rendre leur complexit\u00e9 aux luttes<\/a> (di\u00e8ses)<\/p>\n\n\n\n<p><a href=\"https:\/\/www.boursorama.com\/actualite-economique\/actualites\/les-responsables-chretiens-inquiets-du-projet-de-loi-contre-le-separatisme-ae0eec414c257f8d7c7347db92218574\">Les responsables chr\u00e9tiens inquiets du projet de loi contre le \u00ab\u00a0s\u00e9paratisme\u00a0\u00bb<\/a> (AFP)<\/p>\n\n\n\n<figure class=\"wp-block-image is-resized is-style-default\"><img loading=\"lazy\" decoding=\"async\" src=\"https:\/\/scontent-mrs2-2.xx.fbcdn.net\/v\/t1.0-9\/158114228_3851335921620821_8556800810584006081_n.jpg?_nc_cat=102&amp;ccb=1-3&amp;_nc_sid=8bfeb9&amp;_nc_ohc=eFc-b1wWiooAX_DDGni&amp;_nc_ht=scontent-mrs2-2.xx&amp;oh=4fd62316c15fa9e7a0c0aa5a84c19b62&amp;oe=606CCAE5\" alt=\"Peut \u00eatre une illustration de une personne ou plus\" width=\"381\" height=\"304\"\/><\/figure>\n\n\n\n<p><a href=\"https:\/\/www.boursorama.com\/boursoramag\/actualites\/le-mouvement-d-occupation-des-theatres-s-amplifie-e5911981f8a4a450824bc3ee093b9953\">Le mouvement d'\u00a0\u00bboccupation\u00a0\u00bb des th\u00e9\u00e2tres s&rsquo;amplifie<\/a> (AFP)<\/p>\n\n\n\n<p><a href=\"https:\/\/www.lemediatv.fr\/emissions\/2021\/theatre-de-lodeon-occupe-bachelot-sommee-de-rouvrir-les-salles-de-spectacle-4D_l7gnzQRCnR0WrSeAA0w\">Th\u00e9\u00e2tre de l&rsquo;Od\u00e9on occup\u00e9 : Bachelot somm\u00e9e de rouvrir les salles de spectacle<\/a> (Le M\u00e9dia)<\/p>\n\n\n\n<p><a href=\"https:\/\/www.lavoixdunord.fr\/953938\/article\/2021-03-08\/oui-bruno-le-maire-bien-ete-pris-en-photo-sans-masque-dans-le-train?fbclid=IwAR37KDQNeuGpYGvA4SNvE5AViNBzCVH3RTe18HZYYqKndKQpuT47yiwl4U4\">&nbsp;Oui, le ministre Bruno le Maire a bien \u00e9t\u00e9 pris en photo sans masque dans le train&nbsp;<\/a> (La Voix du Nord)<\/p>\n\n\n\n<figure class=\"wp-block-image size-large is-resized is-style-default\"><img data-recalc-dims=\"1\" loading=\"lazy\" decoding=\"async\" src=\"https:\/\/i0.wp.com\/www.rdpemancipation.org\/wp-content\/uploads\/2021\/03\/Capture-decran-2021-03-10-a-05.08.57.png?resize=416%2C282&#038;ssl=1\" alt=\"\" class=\"wp-image-19621\" width=\"416\" height=\"282\" srcset=\"https:\/\/i0.wp.com\/www.rdpemancipation.org\/wp-content\/uploads\/2021\/03\/Capture-decran-2021-03-10-a-05.08.57.png?w=635&amp;ssl=1 635w, https:\/\/i0.wp.com\/www.rdpemancipation.org\/wp-content\/uploads\/2021\/03\/Capture-decran-2021-03-10-a-05.08.57.png?resize=300%2C204&amp;ssl=1 300w\" sizes=\"auto, (max-width: 416px) 100vw, 416px\" \/><\/figure>\n\n\n\n<p><a href=\"http:\/\/link.newsletter.franceculture.fr\/m\/surl\/7429\/643739\/HVHlkqW91KMDsM1W6ytEZW9C5lXTLJmivm821gAfcU8=\/link_37\/7Q0m-8ZyO8lC7PfWOk+WDKDVoxDBOMGSKN1WX2BDSS2DjczJEa1pvnZj+JacvewW2Jt+BrIhjV0zcxPO-P+4W4XgncEZDUprs4S0GMeCKIhjjFLQrLys7zrfpm3Tketqc-F6zVoV8TtHEnTwb-Lj5HyDy86gN31b5VfwhpU4mCVNR91oAcslelO6WRpBo9dugOPPKq7IEqyAhqlbXK0BUJ0vYW4OhjbHob+ReN31rXmtuLBVekOeSrH5hsyS0v3hwAUqu1bsa51R77uq4dRsC6NWQTur-xfIVF3AkdB02PLLgyHcu2P7RwMQpRuLvOishd9VB-QDxsCLEAmuvB3ZW6fIBdAStEBAS7w52vdiUt46+R6KcTNbFF9MH-kC+bgtKpAL1pAMPcJKFB6I-DLp7g==\">L\u00e9o Frankel, trajectoires d\u2019un communard<\/a> (France Culture)<\/p>\n\n\n\n<p><a href=\"https:\/\/info.mediapart.fr\/optiext\/optiextension.dll?ID=LhgLbkBRtoR4PqDg8b7qXs9_8WBqQwdenmHL0LB0C0UC%2BBS1SMn6W_A5_hv4d2pwlAJxjcmlBXhETvv7Kw%2BOxnn_0WULg\">Front r\u00e9publicain: derri\u00e8re le d\u00e9ni, l\u2019inqui\u00e9tude grandit \u00e0 LREM<\/a> (MDP)<\/p>\n\n\n\n<p><a href=\"https:\/\/reflets.info\/articles\/lrem-peut-on-etre-de-gauche-et-d-extreme-droite-a-la-fois\">LREM : peut-on \u00eatre de gauche et d&rsquo;extr\u00eame-droite \u00e0 la fois ?<\/a> (reflets.info)<\/p>\n\n\n\n<figure class=\"wp-block-image is-resized is-style-default\"><img loading=\"lazy\" decoding=\"async\" src=\"https:\/\/scontent.fsti4-1.fna.fbcdn.net\/v\/t1.0-9\/158004033_1161635947592205_6308286800401363932_n.png?_nc_cat=103&amp;ccb=1-3&amp;_nc_sid=730e14&amp;_nc_eui2=AeEa1xZXxrvkdVkZ6m1S2PuN9XczIbCMg3_1dzMhsIyDfygou3N6ERNKkAxyNG4k2Z8&amp;_nc_ohc=cEqR2kr3Um4AX8803Wz&amp;_nc_ht=scontent.fsti4-1.fna&amp;oh=61bab4dc99239f0727842d21a1ea77ae&amp;oe=606E22C5\" alt=\"Peut \u00eatre une image de 1 personne et texte qui dit \u2019EnModeMacaronM @EnModeMacaron Jennifer de Temmerman, d\u00e9put\u00e9e LREM du Nord, a occupe de mani\u00e8re ill\u00e9gale un ogement de fonction qui lui a fait \u00e9conomiser beaucoup d'argent pendant sept mois alors qu'elle gagne 7.200 euros par mois sans compter les indemnit\u00e9s et les avantages! Comment une d\u00e9put\u00e9e a pu garder \u00abgratis&gt; son logement de fonction de 130 m2 Le syndicat Sud accuse une d\u00e9put\u00e9e du Nord d'avoir occup\u00e9 gratuitement un logement du d\u00e9pa artement pendant sept mois... S 20minutes.fr 8:02 AM 9 mars 2021 Twitter for iPhone\u2019\" width=\"388\" height=\"447\"\/><\/figure>\n\n\n\n<p><strong><span class=\"has-inline-color has-vivid-red-color\">9 Mars en continu<\/span><\/strong><\/p>\n\n\n\n<figure class=\"wp-block-image is-resized is-style-default\"><img loading=\"lazy\" decoding=\"async\" src=\"https:\/\/scontent.fsti4-2.fna.fbcdn.net\/v\/t1.0-9\/159337879_1161081210981012_6874130762714154803_n.jpg?_nc_cat=106&amp;ccb=1-3&amp;_nc_sid=730e14&amp;_nc_eui2=AeFj8sRT_PoEmSUhpNTQjCMdwsX2yGeb2B7CxfbIZ5vYHklXYe9P3w-blvRAFduyrKc&amp;_nc_ohc=U4fIV44desYAX_FU1aZ&amp;_nc_ht=scontent.fsti4-2.fna&amp;oh=d4a9d8fd11597a58e074587f6adc1ef1&amp;oe=606CC6DC\" alt=\"Peut \u00eatre une image de texte qui dit \u2019DEON OLEON GHOMEURS SUR NON-INDEMNISES GOUVERNEMENT D\u0130SQUALIFIE CULTURE SACR SACRIFIEE 9 mars Agora \u00e0 14h Soutien devant les lieux culturels cgt Spectadle #OCCUPATION ODEON\u2019\" width=\"370\" height=\"362\"\/><\/figure>\n\n\n\n<p><a href=\"https:\/\/blogs.mediapart.fr\/jean-marc-b\/blog\/080321\/jupiter-est-nu-la-com-ne-fait-ni-le-vax-ni-les-lits-ni-les-soignants-sacrifies\">Jupiter est nu : la com ne fait ni le vax, ni les lits ni les soignants sacrifi\u00e9s <\/a>(Revue de Lulu)<\/p>\n\n\n\n<p><a href=\"https:\/\/globaldialogue.online\/ally-fr\/2021\/strategies-des-mouvements-et-projet-demancipationefn_notearticle-redige-pour-le-monde-diplomatique-bresil-efn_note\/\">Strategies Des Mouvements Et Projet D\u2019emancipation<\/a> (Dialogue Global pour une Alternative Syst\u00e9mique)<\/p>\n\n\n\n<p><a href=\"https:\/\/lundi.am\/Le-capitalisme-definitif\">Le capitalisme d\u00e9finitif&nbsp;<\/a> (Lundi Matin)<\/p>\n\n\n\n<p><a href=\"https:\/\/www.infogm.org\/7149-agriculture-numerique-technologique-comme-projet-societe\">Une agriculture num\u00e9rique comme projet de soci\u00e9t\u00e9 ?<\/a> (Inf\u2019OGM)<\/p>\n\n\n\n<p><a href=\"http:\/\/www.observatoire-des-sondages.org\/la-commission-retrouve-ses-esprits\">La commission retrouve ses esprits<\/a> (Observatoire des sondages)<\/p>\n\n\n\n<p><a href=\"https:\/\/blogs.mediapart.fr\/jean-marc-b\/blog\/090321\/dassault-marchand-d-armes-et-milliardaire-la-bourgeoisie-pleure-l-un-des-siens\">Dassault. Marchand d\u2019armes et milliardaire: la bourgeoisie pleure l\u2019un des siens <\/a>(RP)<\/p>\n\n\n\n<figure class=\"wp-block-image is-resized is-style-default\"><img loading=\"lazy\" decoding=\"async\" src=\"https:\/\/scontent.fsti4-1.fna.fbcdn.net\/v\/t1.0-9\/158296700_1160454271043706_1770948824360320975_n.png?_nc_cat=108&amp;ccb=1-3&amp;_nc_sid=730e14&amp;_nc_eui2=AeHZ7fiHH5YMNsefRN4yP-Lfd7XID37J1213tcgPfsnXbXiBJgvUpmKId-FFtsNrEVo&amp;_nc_ohc=eopYwR6OvcgAX9AzxF5&amp;_nc_ht=scontent.fsti4-1.fna&amp;oh=3b618e4ba59b0696cdc51d4b03209128&amp;oe=606D2B05\" alt=\"Peut \u00eatre une image de 12 personnes et texte qui dit \u2019Un photographe a pris une photo de ces personnes avant et apr\u00e8s qu'or leur ait annonc\u00e9 la mort d'Olivier Dassault\u2019\" width=\"396\" height=\"409\"\/><\/figure>\n\n\n\n<p><strong><span class=\"has-inline-color has-vivid-red-color\">8 Mars en continu<\/span><\/strong><\/p>\n\n\n\n<p><a href=\"https:\/\/www.anti-k.org\/2021\/03\/08\/aucune-crise-ne-saurait-justifier-une-telle-derive\/\">Aucune crise ne saurait justifier une telle d\u00e9rive ! <\/a>-Michel LARIVE (LFI)<\/p>\n\n\n\n<figure class=\"wp-block-image is-resized is-style-default\"><img loading=\"lazy\" decoding=\"async\" src=\"https:\/\/scontent-mrs2-1.xx.fbcdn.net\/v\/t1.0-9\/157731840_281215880031813_356829959043975788_n.jpg?_nc_cat=100&amp;ccb=1-3&amp;_nc_sid=8bfeb9&amp;_nc_ohc=935Z1lBvhxwAX_5ZMRF&amp;_nc_ht=scontent-mrs2-1.xx&amp;oh=8798128a088e89078f3665e0f8947baf&amp;oe=606B936F\" alt=\"Peut \u00eatre un dessin de une personne ou plus\" width=\"303\" height=\"429\"\/><\/figure>\n\n\n\n<p><a href=\"https:\/\/www.humanite.fr\/la-commune-de-paris-au-jour-le-jour-la-federation-republicaine-de-la-garde-nationale-et-ses-statuts#xtor=RSS-1\">La Commune de Paris au jour le jour. La f\u00e9d\u00e9ration r\u00e9publicaine de la garde nationale et ses statuts<\/a> (L\u2019Humanit\u00e9)<\/p>\n\n\n\n<p><a href=\"https:\/\/ricochets.cc\/Livre-Qu-est-ce-que-l-Etat-L-abstraction-le-mensonge-et-l-occultation-permettent-de-masquer-l.html\">Livre Qu&rsquo;est-ce que l&rsquo;\u00c9tat&nbsp;? Abstraction, mensonge et occultation masquent l&rsquo;oppression des peuples<\/a> (Ricochets)<\/p>\n\n\n\n<p><a href=\"https:\/\/www.boursorama.com\/actualite-economique\/actualites\/macron-le-pen-melenchon-refuse-de-choisir-entre-liberal-echevele-et-extreme-droite-traditionnelle-762a2ed9dead6cc9e7a52731b138bef4\">Macron-Le Pen : M\u00e9lenchon refuse de choisir entre \u00ab\u00a0lib\u00e9ral \u00e9chevel\u00e9\u00a0\u00bb et \u00a0\u00bb extr\u00eame-droite traditionnelle\u00a0\u00bb<\/a> (Boursorama)<\/p>\n\n\n\n<p><a href=\"https:\/\/alt-rev.com\/2021\/03\/07\/au-fil-du-labyrinthe-bourdieu\/\">Au fil du labyrinthe Bourdieu<\/a> (La vie des id\u00e9es)<\/p>\n\n\n\n<figure class=\"wp-block-image is-resized is-style-default\"><img loading=\"lazy\" decoding=\"async\" src=\"https:\/\/scontent.fhex4-1.fna.fbcdn.net\/v\/t1.0-9\/157839592_1159888577766942_1321509594060912739_n.png?_nc_cat=101&amp;ccb=1-3&amp;_nc_sid=730e14&amp;_nc_eui2=AeGVAJrjNrd1pr03_t8pllGFuHhcAC1Nz664eFwALU3PrkRpNgQrmkRgDdarddJ2PNk&amp;_nc_ohc=4bLaPNA-gxYAX-P-IzQ&amp;_nc_ht=scontent.fhex4-1.fna&amp;oh=2a05b820d16ad8f45a93f79f59234f8e&amp;oe=606B87B0\" alt=\"Peut \u00eatre une image de 2 personnes et int\u00e9rieur\" width=\"399\" height=\"285\"\/><figcaption><sub>\u00ab\u00a0Encore un petit con de gaulois corse qui n&rsquo;arrive pas \u00e0 la cuisse de Jupiter\u00a0\u00bb<\/sub><\/figcaption><\/figure>\n\n\n\n<p><a href=\"https:\/\/alt-rev.com\/2021\/03\/08\/crise-sanitaire-demographie-et-rapports-sociaux\/\">Crise sanitaire, d\u00e9mographie et rapports sociaux<\/a> (Temps critiques) &#8211; 8 mars 2021<\/p>\n\n\n\n<p><a href=\"https:\/\/alt-rev.com\/2021\/03\/08\/appel-pour-un-printemps-des-libertes\/\">Appel pour un printemps des libert\u00e9s<\/a> -vid\u00e9o Eric Coquerel (Le M\u00e9dia)<\/p>\n\n\n\n<p><a href=\"https:\/\/alt-rev.com\/2021\/03\/08\/rosa-luxemburg-boussole-humaniste-du-passe\/\">Rosa Luxemburg, boussole humaniste du pass\u00e9<\/a> (Voix de l\u2019hexagone)<\/p>\n\n\n\n<p><a href=\"https:\/\/www.boursorama.com\/actualite-economique\/actualites\/deces-d-olivier-dassault-dans-le-crash-de-son-helicoptere-pres-de-deauville-sources-parlementaires-et-enquete-970994e638d53a6e0b535f6773f1da0a\">D\u00e9c\u00e8s d&rsquo;Olivier Dassault dans le crash de son h\u00e9licopt\u00e8re pr\u00e8s de Deauville&nbsp;<\/a> (AFP)<\/p>\n\n\n\n<figure class=\"wp-block-image is-resized is-style-default\"><img loading=\"lazy\" decoding=\"async\" src=\"https:\/\/scontent.fhex4-2.fna.fbcdn.net\/v\/t1.0-9\/157766245_1160431074379359_5998864929165424220_n.png?_nc_cat=108&amp;ccb=1-3&amp;_nc_sid=730e14&amp;_nc_eui2=AeHljAOqoJZ5m4TKBD5sATpI0ctDQXOBpaHRy0NBc4GloWCPAIgQIUnDDByLGsZmV-M&amp;_nc_ohc=0H1AJNkQJmwAX-vm3Vg&amp;_nc_ht=scontent.fhex4-2.fna&amp;oh=a5adeb2d5cadc9e3f1be5fb7b24cda59&amp;oe=606A11DA\" alt=\"Peut \u00eatre une image de 1 personne et texte qui dit \u2019Clic Pour Un Safari UnClicPourUnSafari @tigrenlion Olivier Dassault est mort. Il \u00e9tait le sombre patron du magazine #JoursDeChasse. Apr\u00e8s la mort du baron Benjamin de rothschild, 2 patrons de la #MafiaOrange disparaissent brutalement d\u00e9but 2021 Pas faute de pr\u00e9venir de la chute de l'empire aillent au diable! qu'ils EXCUUSIVITE CHASSI 7:20 PM 7 mars 2021 Twitter for Android\u2019\" width=\"345\" height=\"388\"\/><\/figure>\n\n\n\n<p><a href=\"https:\/\/info.mediapart.fr\/optiext\/optiextension.dll?ID=x10xX1YFdvs5%2BfB8YHn0j_xf5B3vRNoDKlvtn_JTs5ljxcPNEVnB2I%2B8%2BMQhFG9A6w1mL8kCC%2B9ggkfA2WrLowJfdfApF\">Rosa Luxemburg &#8211; Images pour un 150e anniversaire<\/a> &#8211; Villaeys-Poirr\u00e9<\/p>\n\n\n\n<p><a href=\"https:\/\/anticapitalisme-et-revolution.blogspot.com\/2017\/01\/a-propos-de-l-intersectionnalite-pour.html\">\u00c0 propos de l\u2019\u00ab intersectionnalit\u00e9 \u00bb <\/a>(AR)<\/p>\n\n\n\n<p><a href=\"https:\/\/www.facebook.com\/UNEFTACLE\/videos\/2256259547839015\">Victor Mendes au rassemblement devant le th\u00e9\u00e2tre de l\u2019Od\u00e9on<\/a> -vid\u00e9o<\/p>\n\n\n\n<figure class=\"wp-block-image is-resized is-style-default\"><img loading=\"lazy\" decoding=\"async\" src=\"https:\/\/scontent.fhex4-1.fna.fbcdn.net\/v\/t1.0-9\/158228783_1160452851043848_7473686153461294190_n.png?_nc_cat=102&amp;ccb=1-3&amp;_nc_sid=730e14&amp;_nc_eui2=AeEIPp2a8pUlbS1WWtabai2dTT7txdXDL8RNPu3F1cMvxLsyXz_Ah5UjKsRIwMSmjNs&amp;_nc_ohc=lqMLzXE81hEAX-JDXBi&amp;_nc_ht=scontent.fhex4-1.fna&amp;oh=292ef2212a44cc32d10321a35f66cfbb&amp;oe=606C739B\" alt=\"Peut \u00eatre une image de monument et texte\" width=\"398\" height=\"361\"\/><\/figure>\n\n\n\n<p><strong><span class=\"has-inline-color has-vivid-red-color\">7 Mars en continu<\/span><\/strong><\/p>\n\n\n\n<p>&nbsp;<a href=\"https:\/\/blogs.mediapart.fr\/jean-marc-b\/blog\/070321\/macron-mcfly-et-carlito-des-faits-troublants-derriere-loperation-de-propagande\">Macron, McFly et Carlito : des faits troublants derri\u00e8re l&rsquo;op\u00e9ration de propagande <\/a>(vid\u00e9o Blast)&nbsp;&nbsp;<\/p>\n\n\n\n<p><a href=\"https:\/\/anticapitalisme-et-revolution.blogspot.com\/2021\/03\/si-la-connerie-etait-dor-ce.html\">Si la connerie \u00e9tait d\u2019or, ce gouvernement au service des millionnaires deviendrait milliardaire !<\/a> (AR)&nbsp;&nbsp; &nbsp; &nbsp;&nbsp;&nbsp; &nbsp; &nbsp;&nbsp; &nbsp; &nbsp;&nbsp; &nbsp; &nbsp;&nbsp; &nbsp; &nbsp;&nbsp; &nbsp; &nbsp;&nbsp; &nbsp; &nbsp;&nbsp; &nbsp; &nbsp;&nbsp; &nbsp; &nbsp;&nbsp; &nbsp; &nbsp;&nbsp; &nbsp; &nbsp;&nbsp;&nbsp;&nbsp; &nbsp; &nbsp;&nbsp; &nbsp; &nbsp;&nbsp; &nbsp; &nbsp;&nbsp;&nbsp;&nbsp; &nbsp; &nbsp;&nbsp; &nbsp; &nbsp;&nbsp; &nbsp; &nbsp;&nbsp; &nbsp; &nbsp;&nbsp; &nbsp; &nbsp;&nbsp; &nbsp; &nbsp;&nbsp; &nbsp; &nbsp;&nbsp; &nbsp; &nbsp;&nbsp; &nbsp; &nbsp;&nbsp; &nbsp; &nbsp;&nbsp; &nbsp; &nbsp;&nbsp; &nbsp; &nbsp;&nbsp; &nbsp; &nbsp;&nbsp;&nbsp;<\/p>\n\n\n\n<p><a href=\"https:\/\/www.anti-k.org\/2021\/03\/07\/la-cantine-des-gilets-jaunes-de-montreuil-vous-invite\/\">La Cantine des Gilets Jaunes de Montreuil vous invite ! <\/a>(Gilets Jaunes de Montreuil)<\/p>\n\n\n\n<p><a href=\"https:\/\/blogs.mediapart.fr\/jean-marc-b\/blog\/070321\/fascistes-et-macronards-en-campagne-contre-lunef\">Fascistes et macronards en campagne contre l&rsquo;UNEF <\/a>(Unef Grenoble)<\/p>\n\n\n\n<p><a href=\"https:\/\/www.boursorama.com\/actualite-economique\/actualites\/enquete-pour-injure-publique-apres-des-accusations-d-islamophobie-a-sciences-po-grenoble-2170a1b4df6ae2ffe94b21f8915b5d65\">Enqu\u00eate pour \u00ab\u00a0injure publique\u00a0\u00bb apr\u00e8s des accusations d&rsquo;islamophobie \u00e0 Sciences Po Grenoble<\/a> (AFP)<\/p>\n\n\n\n<p><a href=\"https:\/\/anticapitalisme-et-revolution.blogspot.com\/2021\/02\/gouvernement-et-extreme-droite-une.html\">Gouvernement et extr\u00eame droite : une opposition de fa\u00e7ade<\/a> (AR)&nbsp;&nbsp;<\/p>\n\n\n\n<p><a href=\"https:\/\/blogs.mediapart.fr\/jean-marc-b\/blog\/070321\/la-commune-de-paris-lhistoire-et-le-mythe\">La Commune de Paris : l&rsquo;Histoire et le Mythe <\/a>-vid\u00e9o Michel Winock et Ludivine Bantigny<\/p>\n\n\n\n<p><a href=\"https:\/\/www.anti-k.org\/2021\/03\/06\/luxembourg-150-par-michael-roberts\/\">Luxembourg 150 <\/a>-Blog Michael Roberts<\/p>\n\n\n\n<figure class=\"wp-block-image size-large is-resized is-style-default\"><img data-recalc-dims=\"1\" loading=\"lazy\" decoding=\"async\" src=\"https:\/\/i0.wp.com\/www.rdpemancipation.org\/wp-content\/uploads\/2021\/03\/rosa.jpg?resize=393%2C236&#038;ssl=1\" alt=\"\" class=\"wp-image-19194\" width=\"393\" height=\"236\"\/><\/figure>\n\n\n\n<p><a href=\"https:\/\/www.mediapart.fr\/journal\/france\/060321\/proportionnelle-bayrou-presse-macron-d-honorer-sa-promesse\">Proportionnelle: Bayrou presse Macron d\u2019honorer sa promesse<\/a> (M\u00e9diapart)&nbsp;<\/p>\n\n\n\n<p><a href=\"https:\/\/www.lemediatv.fr\/emissions\/2021\/sarko-prison-flamant-rose-k8AkKCdvSlK17xid4JP2-w\">Sarko + Prison + Flamant rose<\/a> (Le M\u00e9dia)<\/p>\n\n\n\n<p><a href=\"https:\/\/radioparleur.net\/2021\/03\/06\/genre-aux-poings-feministe-en-politique-avec-alice-coffin\/\">F\u00e9ministe en politique, avec Alice Coffin<\/a>&nbsp; (Radioparleur)<\/p>\n\n\n\n<p><a href=\"https:\/\/www.mediapart.fr\/journal\/culture-idees\/060321\/une-justice-politique-retour-sur-l-itineraire-theorique-du-lawfare\">Une justice politique? Retour sur l\u2019itin\u00e9raire th\u00e9orique du \u00ablawfare\u00bb<\/a> (M\u00e9diapart)<\/p>\n\n\n\n<p><a href=\"https:\/\/info.mediapart.fr\/optiext\/optiextension.dll?ID=B54B_FUwlcdM6G3wEfGWSuOwQR894r0cBrDmVknl%2B7lGcd2Rstn33yrRo4s2SJIi88uNSDlYtyg34H6U05LofN7w1PrJ3\">Danser encore ! Ou l&rsquo;hymne du Printemps&#8230;<\/a> &#8211; Hippolyte Varlin<\/p>\n\n\n\n<figure class=\"wp-block-embed is-type-video is-provider-youtube wp-block-embed-youtube wp-embed-aspect-16-9 wp-has-aspect-ratio\"><div class=\"wp-block-embed__wrapper\">\n<iframe loading=\"lazy\" title=\"&quot;DANSER ENCORE&quot; - Flashmob -  Gare du Nord - 4 Mars 2021\" width=\"1200\" height=\"675\" src=\"https:\/\/www.youtube.com\/embed\/Gq9qFvoMKaY?feature=oembed\" frameborder=\"0\" allow=\"accelerometer; autoplay; clipboard-write; encrypted-media; gyroscope; picture-in-picture\" allowfullscreen><\/iframe>\n<\/div><\/figure>\n\n\n\n<p><strong><span class=\"has-inline-color has-vivid-red-color\">6 Mars en continu<\/span><\/strong><\/p>\n\n\n\n<p><a href=\"http:\/\/www.contretemps.eu\/posadas-trotskysme-communisme-intergalactique\/\">Posadas, le trotskyste qui croyait au communisme intergalactique<\/a> (Contretemps )<\/p>\n\n\n\n<p><a href=\"https:\/\/fb.watch\/42Y9JEE8Sv\/\">Hercule : tout comprendre au projet de vente \u00e0 la d\u00e9coupe d&rsquo;EDF<\/a> (Osons causer)<\/p>\n\n\n\n<figure class=\"wp-block-image size-large is-resized is-style-default\"><img data-recalc-dims=\"1\" loading=\"lazy\" decoding=\"async\" src=\"https:\/\/i0.wp.com\/www.rdpemancipation.org\/wp-content\/uploads\/2021\/03\/Sarko-vpv.jpg?resize=390%2C484&#038;ssl=1\" alt=\"\" class=\"wp-image-19076\" width=\"390\" height=\"484\" srcset=\"https:\/\/i0.wp.com\/www.rdpemancipation.org\/wp-content\/uploads\/2021\/03\/Sarko-vpv.jpg?w=661&amp;ssl=1 661w, https:\/\/i0.wp.com\/www.rdpemancipation.org\/wp-content\/uploads\/2021\/03\/Sarko-vpv.jpg?resize=242%2C300&amp;ssl=1 242w\" sizes=\"auto, (max-width: 390px) 100vw, 390px\" \/><figcaption><sub>Grande bourgeoise parasite: seule la mafia du capital la fait pleurer<\/sub><\/figcaption><\/figure>\n\n\n\n<p><a href=\"https:\/\/lafranceinsoumise.fr\/2021\/03\/05\/rdls132-le-duo-macron-le-pen-lassurance-chomage-en-danger-500-000-abonnes-podcast\/\">#RDLS132 \u2013 Le duo Macron-Le Pen \/ L\u2019assurance ch\u00f4mage en danger \/ 500.000 abonn\u00e9s<\/a> (LFI)<\/p>\n\n\n\n<p><a href=\"https:\/\/www.revolutionpermanente.fr\/L-offensive-islamophobe-continue-Darmanin-a-annonce-le-controle-de-89-mosquees\">L\u2019offensive islamophobe continue&nbsp;: Darmanin a annonc\u00e9 le contr\u00f4le de 89 mosqu\u00e9es<\/a> (RP)<\/p>\n\n\n\n<p><a href=\"https:\/\/alt-rev.com\/2021\/03\/05\/les-determinismes-de-classe-unissent-les-elites-economiques-et-les-elites-des-pouvoirs-publics\/\">Les d\u00e9terminismes de classe unissent les \u00e9lites \u00e9conomiques et les \u00e9lites des pouvoirs publics<\/a> (Factuel)<\/p>\n\n\n\n<p><a href=\"https:\/\/aplutsoc.org\/2021\/03\/05\/rosa-luxemburg-le-regard-critique-de-laigle\/\">Rosa Luxemburg : le regard critique de l\u2019aigle<\/a> (Arguments pour la lutte sociale)<\/p>\n\n\n\n<figure class=\"wp-block-image is-resized is-style-default\"><img loading=\"lazy\" decoding=\"async\" src=\"https:\/\/scontent.fhex4-1.fna.fbcdn.net\/v\/t1.0-9\/156991973_1158640987891701_4567728597374209430_n.jpg?_nc_cat=105&amp;ccb=1-3&amp;_nc_sid=730e14&amp;_nc_eui2=AeGiQNQ9k6M5szO_LG53CoOUxt6QNAmNm3nG3pA0CY2beZ6bdp7Vv-KxERKbFEVyBns&amp;_nc_ohc=PD7bag80cvMAX_ldi0p&amp;_nc_ht=scontent.fhex4-1.fna&amp;oh=5801ce0a5f9c49970f964befbbec1e2b&amp;oe=60689825\" alt=\"Peut \u00eatre de l\u2019art\" width=\"469\" height=\"378\"\/><figcaption><sub>Il y a 150 ans naissait Rosa Luxemburg le 5 mars 1871 \u00e0 Zamosc, alors en Pologne russe.<br>Une citation pour la route de cette journ\u00e9e : <\/sub><em><sub>\u00ab\u00a0En ce moment, la Russie confirme une fois <\/sub><br><sub>de plus cette vieille exp\u00e9rience historique : il n&rsquo;est rien de plus invraisemblable, de plus <\/sub><br><sub>impossible, de plus fantaisiste qu&rsquo;une r\u00e9volution une heure avant qu&rsquo;elle n&rsquo;\u00e9clate ; <\/sub><br><sub>il n&rsquo;est rien de plus simple, de plus naturel et de plus \u00e9vident qu&rsquo;une r\u00e9volution lorsqu&rsquo;elle<\/sub><br><sub> a livr\u00e9 sa premi\u00e8re bataille et remport\u00e9 sa premi\u00e8re victoire.\u00a0\u00bb<\/sub><\/em><\/figcaption><\/figure>\n\n\n\n<p><a href=\"https:\/\/info.mediapart.fr\/optiext\/optiextension.dll?ID=oSToOy%2BRvO7kL0t2TXqsn2H10xESH65YRt3HNUpS11Hv%2BXX_g50nd_VKN7PfuJ2byXQMuZ%2BvK7VOTwE_YKXSTrBMOWhMW\">La justice enfonce le d\u00e9put\u00e9 Simian, prot\u00e9g\u00e9 par l\u2019Assembl\u00e9e<\/a> (MDP)<\/p>\n\n\n\n<p><a href=\"https:\/\/info.mediapart.fr\/optiext\/optiextension.dll?ID=oSToVfrIPGqyERn6hSBcVamtLC5xzEw8Mdma7vtHRnLeN1I_hBHZD_dh8JD_sCpN5ImADBKPCOIPc34mDBzzAo0QZWdMy\">L\u2019\u00e9pouse de Bernard Tapie prot\u00e9g\u00e9e, elle aussi, par le tribunal de commerce de Paris<\/a> (MDP)<\/p>\n\n\n\n<p><a href=\"https:\/\/www.revolutionpermanente.fr\/Lenteur-de-la-vaccination-le-gouvernement-rejette-la-faute-sur-les-soignants\">Lenteur de la vaccination&nbsp;: le gouvernement rejette la faute sur les soignants<\/a> (RP)<\/p>\n\n\n\n<p><a href=\"https:\/\/www.revolutionpermanente.fr\/Je-ne-renie-aucun-des-mots-que-j-ai-prononces-Vidal-revendique-sa-cabale-islamophobe\">\u00ab&nbsp;Je ne renie aucun des mots que j\u2019ai prononc\u00e9s&nbsp;\u00bb&nbsp;: Vidal revendique sa cabale islamophobe<\/a> (RP)<\/p>\n\n\n\n<p><a href=\"https:\/\/blogs.mediapart.fr\/jean-marc-b\/blog\/050321\/le-prefet-se-casse-les-dents-sur-lodeon\">Le pr\u00e9fet se casse les dents sur l&rsquo;Od\u00e9on <\/a>-Jean-Marc B<\/p>\n\n\n\n<p><a href=\"https:\/\/www.boursorama.com\/actualite-economique\/actualites\/presidentielle-2017-melenchon-attaque-en-diffamation-le-rapporteur-ayant-denonce-ses-comptes-baf88b345315509c93c3f51538f0a8a0\">Pr\u00e9sidentielle 2017: M\u00e9lenchon attaque en diffamation le rapporteur ayant d\u00e9nonc\u00e9 ses comptes<\/a> (AFP)<\/p>\n\n\n\n<figure class=\"wp-block-image is-resized is-style-default\"><img loading=\"lazy\" decoding=\"async\" src=\"https:\/\/scontent.fhex4-2.fna.fbcdn.net\/v\/t1.0-9\/158195590_1159222624500204_8325384742078411346_o.png?_nc_cat=103&amp;ccb=1-3&amp;_nc_sid=730e14&amp;_nc_eui2=AeETbRMLLHx5-kC238Wbzp96-45d3Ol8ONf7jl3c6Xw41wLhiY6PLJlBySOsWc5ckVY&amp;_nc_ohc=-3V8Ki2p3YoAX-VBnFF&amp;_nc_ht=scontent.fhex4-2.fna&amp;oh=fc62f9536843fbf5f1e2a3fe135d1575&amp;oe=606869EE\" alt=\"Peut \u00eatre un dessin anim\u00e9 de texte\" width=\"367\" height=\"408\"\/><\/figure>\n\n\n\n<p><strong><span class=\"has-inline-color has-vivid-red-color\">5 Mars en continu<\/span><\/strong><\/p>\n\n\n\n<p><a href=\"https:\/\/la-bas.org\/6348\">Occupation du th\u00e9\u00e2tre de l&rsquo;Od\u00e9on<\/a> (L\u00e0-bas si j\u2019y suis)<\/p>\n\n\n\n<p><a href=\"http:\/\/cqfd-journal.org\/Bourdieu-Akbar\">Bourdieu Akbar !<\/a> (CQFD)&nbsp;<\/p>\n\n\n\n<p><a href=\"http:\/\/cqfd-journal.org\/Allons-z-enfants-de-la-Commune\">Allons z&rsquo;enfants de la Commune\u2026<\/a> (CQFD)&nbsp;<\/p>\n\n\n\n<p><a href=\"http:\/\/cqfd-journal.org\/2022-la-peste-et-le-cholera\">2022, la peste et le chol\u00e9ra<\/a> (CQFD)&nbsp;<\/p>\n\n\n\n<p><a href=\"https:\/\/www.mediacites.fr\/decryptage\/lille\/2021\/03\/05\/hauts-de-france-la-cour-des-comptes-tacle-la-politique-de-lemploi-de-xavier-bertrand\/\">Hauts-de-France : la Cour des comptes tacle la politique de l\u2019emploi de Xavier Bertrand<\/a> (Mediacit\u00e9s)&nbsp;<\/p>\n\n\n\n<p><a href=\"https:\/\/www.lemediatv.fr\/emissions\/2021\/2022-marine-le-pen-peut-elle-encore-etre-battue-1KjN-7TUQwqU4pPk7kqU3Q\">2022 : Marine Le Pen peut-elle encore \u00eatre battue ?<\/a> (Le M\u00e9dia)<\/p>\n\n\n\n<p><a href=\"https:\/\/ehne.fr\/fr\/encyclopedie\/th%C3%A9matiques\/guerres-traces-m%C3%A9moires\/combattants\/conscription-et-recrutement-militaire-en-europe-xixe-xxie-si%C3%A8cles\">Conscription et recrutement militaire en Europe (xixe-xxie si\u00e8cles)<\/a>&nbsp; (EHNE)<\/p>\n\n\n\n<figure class=\"wp-block-image is-resized is-style-default\"><img loading=\"lazy\" decoding=\"async\" src=\"https:\/\/scontent.fsti4-2.fna.fbcdn.net\/v\/t1.0-9\/157269540_1158639227891877_5579756359245803405_n.png?_nc_cat=106&amp;ccb=3&amp;_nc_sid=730e14&amp;_nc_eui2=AeEIK59XX3x3ncP8iDqCouJsDGdaLblg-ZkMZ1otuWD5md8Qhs5wteCG2u6_48RLPPU&amp;_nc_ohc=ExExl0Ntkp0AX9hyMIz&amp;_nc_ht=scontent.fsti4-2.fna&amp;oh=da6f9a9ee378c1e8f9f2af53b4e83a45&amp;oe=606800EA\" alt=\"Peut \u00eatre une capture d\u2019\u00e9cran de Twitter de 1 personne, monument et texte qui dit \u2019Salom\u00e9 Saqu\u00e9 @salomesaque Sarkozy: &quot;Je veux dire aux citoyens que ce qui m'arrive pourrait arriver \u00e0 n'importe lequel d'entre eux&quot; C'est vrai qu'il est commun d'\u00eatre mis en cause dans 10 affaires pour &quot;corruption&quot;, &quot;traffic d'influence&quot;, &quot;financement ill\u00e9gal de campagne&quot; et &quot;d\u00e9tournement de fonds publics 20:19. 03 mars 21 Twitter for Android\u2019\" width=\"347\" height=\"358\"\/><\/figure>\n\n\n\n<figure class=\"wp-block-image is-resized is-style-default\"><img loading=\"lazy\" decoding=\"async\" src=\"https:\/\/scontent.fsti4-2.fna.fbcdn.net\/v\/t1.0-9\/157891284_591222288502056_4543649352129071500_n.jpg?_nc_cat=107&amp;ccb=3&amp;_nc_sid=dbeb18&amp;_nc_eui2=AeFDDAhBhmJ9xpR2r2qO1h6n-w5PURjnWC37Dk9RGOdYLePBwLnhbaJgTWMQ4a5qA_U&amp;_nc_ohc=O-RwfDrhHFwAX9NmOxt&amp;_nc_ht=scontent.fsti4-2.fna&amp;oh=f157d429158bf7efe36872366b4e88c7&amp;oe=60691D70\" alt=\"Peut \u00eatre une image de 1 personne et texte qui dit \u2019Les 11 affaires &quot;Sarkozy&quot; Les p\u00e9nalit\u00e9s r\u00e9gl\u00e9es par L'UMP Les jets priv\u00e9s de Lov Group L'affairedes L'affaire des h\u00e9licopt\u00e8res vendus au Kazakhstan L'affaire des sondages de l'Elys\u00e9e Le meeting de Toulon L'affaire Bygmalion L'affaire du financement libyen L'affaire Karachi L'affaire Bettencourt L'affaire Tapie Cr\u00e9dit Lyonnais L'affaire des \u00e9coutes NON-LIELI EN COURS MIS MISENEXAME EN EXAMEN\u2019\" width=\"387\" height=\"511\"\/><\/figure>\n\n\n\n<p><a href=\"https:\/\/www.boursorama.com\/boursoramag\/actualites\/crise-sanitaire-les-acteurs-de-la-culture-manifestent-et-occupent-l-odeon-deff22935601c6aee832e9f75cc9c45e\">Crise sanitaire: les acteurs de la culture manifestent et occupent l&rsquo;Od\u00e9on<\/a> (AFP)<\/p>\n\n\n\n<p><a href=\"https:\/\/info.mediapart.fr\/optiext\/optiextension.dll?ID=dHGdM0Omuwa3dM4QedtaO_tWf%2Bzz8RRCqkPeqWeZA_A25VYZkT4EAsRzEtAVdO9EbWi0JGAWsxEP_xmwzSyGTuYNQVvJO\">Affaire Karachi: Balladur relax\u00e9, L\u00e9otard condamn\u00e9 \u00e0 deux ans de prison avec sursis<\/a> (MDP)<\/p>\n\n\n\n<p><a href=\"https:\/\/info.mediapart.fr\/optiext\/optiextension.dll?ID=dHGdHVOpEhxJYrAMGQRQ9RuiIyHP%2BECK4JkIpwEfzaPBvX6tlTFhdMGaqsJ0wEqSdcTgjtbzqRqZLnYeRjNYBxufuAdJQ\">Sarkozy condamn\u00e9: 254 pages de jugement face au vide de la com\u2019<\/a> (MDP)<\/p>\n\n\n\n<figure class=\"wp-block-image is-resized is-style-default\"><img loading=\"lazy\" decoding=\"async\" src=\"https:\/\/scontent.fsti4-2.fna.fbcdn.net\/v\/t1.0-9\/157119528_1157967117959088_6000945527004159634_n.jpg?_nc_cat=102&amp;ccb=3&amp;_nc_sid=730e14&amp;_nc_eui2=AeHOSx0NI1onvn6tvaThegQq_ofFc4tWlXP-h8Vzi1aVc4Zdy2MvhS_6G5WBh-plnFY&amp;_nc_ohc=b6J5DDeWJC0AX8DmFi5&amp;_nc_ht=scontent.fsti4-2.fna&amp;oh=636f1d3ca8bc011f2661591eb4fad5ce&amp;oe=6068A75D\" alt=\"Peut \u00eatre une image de texte\" width=\"363\" height=\"469\"\/><\/figure>\n\n\n\n<p><a href=\"https:\/\/info.mediapart.fr\/optiext\/optiextension.dll?ID=dHGdNVSL4GvqtrdXcTNtu8lbT6Gh5xjJ5aDKTkFer7bQsWVtlvMz3l_N%2B0yL3S_OY1WYczSAnE8x6FytOZvm9GZdtEWRE\">Condamnation de Sarkozy: l\u2019indignation salutaire de la r\u00e9daction du \u00abParisien\u00bb<\/a> (MDP)<\/p>\n\n\n\n<p><a href=\"https:\/\/info.mediapart.fr\/optiext\/optiextension.dll?ID=eMNeHbg9cWt5LjJA8xUH1cdrtZmbZQS5aWePplUTldn1Rsm0m0jUKSuOeBdJ7BPy0FEViyvQ8GGoVHo_6Hb%2B8OufASIK4\">Les politiques condamnent la justice<\/a> &#8211; blog Yves Faucoup<\/p>\n\n\n\n<p><a href=\"https:\/\/info.mediapart.fr\/optiext\/optiextension.dll?ID=dHGdJbH%2BXACytI7sFJVuXwfP1FFfeumLWjAkaG27QYZ8ofutlxly3JKvGRCM8lQ3uAMouy%2BT2cRBRuXS0IMbTefAMPQRd\">\u00abManifestement, les actions d\u2019Anticor g\u00eanent nos dirigeants\u00bb<\/a> -blog Delaunay Matthieu<\/p>\n\n\n\n<p>&#8211;<a href=\"https:\/\/www.youtube.com\/watch?v=tGY_wievlaw\">\u00ab\u00a0Le barrage r\u00e9publicain\u00a0\u00bb<\/a> -vid\u00e9o Guillaume Meurice<\/p>\n\n\n\n<p><a href=\"https:\/\/www.boursorama.com\/actualite-economique\/actualites\/condamnation-de-sarkozy-bruno-le-maire-critique-son-collegue-darmanin-cd6b7953530f73050b340c3a26b410f2\">Condamnation de Sarkozy: Bruno Le Maire critique son coll\u00e8gue Darmanin<\/a> (AFP) <\/p>\n\n\n\n<figure class=\"wp-block-image is-resized is-style-default\"><img loading=\"lazy\" decoding=\"async\" src=\"https:\/\/scontent.fsti4-1.fna.fbcdn.net\/v\/t1.0-9\/157139796_1157968347958965_3951628854655081632_o.png?_nc_cat=103&amp;ccb=3&amp;_nc_sid=730e14&amp;_nc_eui2=AeGxebWufrQhXVN96hjIC3IpnNyyrXPUy8Oc3LKtc9TLwxWWLKXYbcWSJUs4WNyZRyI&amp;_nc_ohc=2ii88uwyFgcAX_HMOws&amp;_nc_ht=scontent.fsti4-1.fna&amp;oh=2ee9c5755d25062bc70cd4da7f38387b&amp;oe=6065023C\" alt=\"Peut \u00eatre une image de 3 personnes et texte qui dit \u2019Fran\u00e7ois Fillony Nico Bismuth Sarkozy Patoche Balkany Les Affranchys rente ans pass\u00e9s dans la politique. Un film UnfilmdesSovietSuprem des iet meproduction LES REPU BLIC NICOLAS BISMUTH SARKOZY Montage COCOL CONOV Avec FRAN\u00c7OIS FILLONY NICOLASSARKOZY .PATRICE BALKANY S\u039f\u03a5\u03a3\u03a4\u2019\" width=\"403\" height=\"528\"\/><\/figure>\n\n\n\n<p><a href=\"https:\/\/www.cahiersdusocialisme.org\/crise-de-lhegemonie-mondiale-et-acceleration-de-lhistoire-sociale\/\"><br>Crise de l\u2019h\u00e9g\u00e9monie mondiale et acc\u00e9l\u00e9ration de l\u2019histoire sociale<\/a> (Nouveaux Cahiers du socialisme)<\/p>\n\n\n\n<p><a href=\"https:\/\/www.humanite.fr\/histoire-rosa-luxemburg-figure-spartakiste-700981#xtor=RSS-1\">Histoire. Rosa Luxemburg, figure spartakiste<\/a> (L\u2019Humanit\u00e9)&nbsp;<\/p>\n\n\n\n<figure class=\"wp-block-image is-resized is-style-default\"><img loading=\"lazy\" decoding=\"async\" src=\"https:\/\/scontent.fsti4-2.fna.fbcdn.net\/v\/t1.0-9\/157255481_1157962547959545_6014021882987839071_n.jpg?_nc_cat=106&amp;ccb=3&amp;_nc_sid=730e14&amp;_nc_eui2=AeG-8VekJK1EKLUvOiF_N4QdfXmntiSSU9V9eae2JJJT1XHTh9x298wpGjIo6zUMsBs&amp;_nc_ohc=kVUGrL1KlFIAX-gmYTr&amp;_nc_ht=scontent.fsti4-2.fna&amp;oh=da50fa9cc1bdcd90fc87e60c7376ddc4&amp;oe=606831EE\" alt=\"Peut \u00eatre une image de 1 personne, plein air et texte qui dit \u2019Pixiz\u2019\" width=\"364\" height=\"364\"\/><\/figure>\n\n\n\n<p><strong><span class=\"has-inline-color has-vivid-red-color\">4 Mars <\/span><\/strong><\/p>\n\n\n\n<p><a href=\"https:\/\/www.boursorama.com\/videos\/actualites\/crise-sanitaire-le-monde-de-la-culture-manifeste-a-paris-dd4c8dea597eddc4556103d1308e88e2\">Crise sanitaire: le monde de la culture manifeste \u00e0 Paris<\/a> (AFP vid\u00e9o)<\/p>\n\n\n\n<p><a href=\"https:\/\/www.humanite.fr\/la-gestion-de-la-crise-sanitaire-vire-la-cacophonie-entre-gouvernement-et-elus-locaux-700932#xtor=RSS-1\">La gestion de la crise sanitaire vire \u00e0 la cacophonie entre gouvernement et \u00e9lus locaux<\/a> (L\u2019Humanit\u00e9<\/p>\n\n\n\n<p><a href=\"https:\/\/blogs.mediapart.fr\/jean-marc-b\/blog\/030321\/la-reaction-en-marche-la-vie-apres-les-profits\">La R\u00e9action En Marche: la vie apr\u00e8s les profits <\/a>(Revue de Lulu)<\/p>\n\n\n\n<p><a href=\"https:\/\/www.humanite.fr\/comment-les-cartographes-caricaturent-la-planete-pour-representer-le-monde-700976#xtor=RSS-1\">Comment les cartographes caricaturent la plan\u00e8te pour repr\u00e9senter le monde<\/a> (L\u2019Humanit\u00e9)<\/p>\n\n\n\n<p><a href=\"https:\/\/www.mediapart.fr\/journal\/international\/040321\/chasser-l-islamo-gauchisme-et-honorer-ali-boumendjel-le-en-meme-temps-precaire-du-president-francai\">Chasser \u00abl\u2019islamo-gauchisme\u00bb et honorer Ali Boumendjel, \u00aben m\u00eame temps\u00bb pr\u00e9caire&nbsp;<\/a> (M\u00e9diapart)&nbsp;<\/p>\n\n\n\n<p><a href=\"http:\/\/www.contretemps.eu\/etat-extreme-droite-allemagne-france\/\">L\u2019\u00c9tat face \u00e0 l\u2019extr\u00eame droite en France et en Allemagne<\/a> (Contretemps)<\/p>\n\n\n\n<p><a href=\"https:\/\/www.mediapart.fr\/journal\/france\/040321\/sarkozy-condamne-254-pages-de-jugement-face-au-vide-de-la-com\">Sarkozy condamn\u00e9: 254 pages de jugement face au vide de la com\u2019<\/a> (M\u00e9diapart)&nbsp;<\/p>\n\n\n\n<figure class=\"wp-block-image is-resized is-style-default\"><img loading=\"lazy\" decoding=\"async\" src=\"https:\/\/scontent-mrs2-1.xx.fbcdn.net\/v\/t1.0-9\/156531725_4371774696171084_6152553863962280081_n.jpg?_nc_cat=104&amp;ccb=3&amp;_nc_sid=730e14&amp;_nc_ohc=vDZK7fKWhoEAX_4rfeu&amp;_nc_ht=scontent-mrs2-1.xx&amp;oh=93f04b3d3396f1306c39ef613e2ebfe4&amp;oe=60676F63\" alt=\"Peut \u00eatre une illustration de texte\" width=\"340\" height=\"425\"\/><\/figure>\n\n\n\n<p><a href=\"https:\/\/www.humanite.fr\/le-figaro-tf1-les-bons-copains-de-la-contre-attaque-de-sarkozy-700939#xtor=RSS-1\">Le Figaro, TF1. Les bons copains de la contre-attaque de Sarkozy<\/a> (L\u2019Humanit\u00e9)<\/p>\n\n\n\n<p><a href=\"https:\/\/www.hrw.org\/378072%20at%20https%3A\/www.hrw.org\">La pand\u00e9mie de Covid-19 a d\u00e9clench\u00e9 une ann\u00e9e de crises en mati\u00e8re de droits humains<\/a> (Human Rights Watch)<\/p>\n\n\n\n<p><a href=\"https:\/\/alt-rev.com\/2021\/03\/03\/entretien-avec-daniele-sallenave-pourquoi-il-est-urgent-de-faire-emerger-la-liberte-dexpression-en-bas\/\">Entretien avec Dani\u00e8le Sallenave : pourquoi il est urgent de faire \u00e9merger la libert\u00e9 d\u2019expression \u201cen bas\u201d<\/a> (Marianne)<\/p>\n\n\n\n<p><a href=\"https:\/\/www.revolutionpermanente.fr\/Inquiet-pour-2022-LREM-espere-ressusciter-le-front-republicain-en-draguant-la-gauche\">Inquiet pour 2022, LREM esp\u00e8re ressusciter le front r\u00e9publicain en draguant la gauche<\/a> (RP)<\/p>\n\n\n\n<p><a href=\"https:\/\/www.revolutionpermanente.fr\/Greve-feministe-du-8-mars-il-nous-faut-un-plan-pour-tout-renverser\">Gr\u00e8ve f\u00e9ministe du 8 mars&nbsp;: il nous faut un plan pour tout renverser&nbsp;!<\/a> (RP)<\/p>\n\n\n\n<p><a href=\"https:\/\/www.humanite.fr\/justice-contre-attaque-de-sarkozy-les-copains-dabord-700939#xtor=RSS-1\">Justice. Contre-attaque de Sarkozy : les copains d\u2019abord<\/a> (L\u2019Humanit\u00e9)&nbsp;<\/p>\n\n\n\n<figure class=\"wp-block-image is-resized is-style-default\"><img data-recalc-dims=\"1\" loading=\"lazy\" decoding=\"async\" src=\"https:\/\/i0.wp.com\/static.mediapart.fr\/etmagine\/default\/files\/2021\/03\/04\/21-3-4-sarkozy.jpg?resize=346%2C419&#038;ssl=1\" alt=\"21-3-4-sarkozy\" width=\"346\" height=\"419\"\/><\/figure>\n\n\n\n<p><strong><span class=\"has-inline-color has-vivid-red-color\">3 Mars en continu<\/span><\/strong><\/p>\n\n\n\n<p><a href=\"https:\/\/entreleslignesentrelesmots.blog\/2021\/03\/04\/dautres-solutions-que-lannulation-de-la-dette-existent-pour-garantir-un-financement-stable-et-perenne\/\">D\u2019autres solutions que l\u2019annulation de la dette existent pour garantir un financement stable et p\u00e9renne<\/a> (ELLELM)<\/p>\n\n\n\n<p><a href=\"https:\/\/blogs.mediapart.fr\/jean-marc-b\/blog\/030321\/un-covid-feu-doux-les-arrange-video-francois-ruffin\">\u00ab\u00a0Un covid \u00e0 feu doux les arrange\u00a0\u00bb &#8211;<\/a>vid\u00e9o Fran\u00e7ois Ruffin<\/p>\n\n\n\n<figure class=\"wp-block-embed is-type-video is-provider-youtube wp-block-embed-youtube wp-embed-aspect-16-9 wp-has-aspect-ratio\"><div class=\"wp-block-embed__wrapper\">\n<iframe loading=\"lazy\" title=\"Je lance un d\u00e9fi \u00e0 Mcfly et Carlito\" width=\"1200\" height=\"675\" src=\"https:\/\/www.youtube.com\/embed\/D_a8QjwtLpY?feature=oembed\" frameborder=\"0\" allow=\"accelerometer; autoplay; clipboard-write; encrypted-media; gyroscope; picture-in-picture\" allowfullscreen><\/iframe>\n<\/div><\/figure>\n\n\n\n<p><a href=\"https:\/\/blogs.mediapart.fr\/jean-marc-b\/blog\/030321\/les-cinquante-premiers-donateurs-de-la-reaction-en-marche\">Les cinquante premiers donateurs de La R\u00e9action En Marche<\/a><br>(Aurores)<\/p>\n\n\n\n<p><a href=\"http:\/\/www.contretemps.eu\/laicite-islamophobie-republique-religions-achcar\/\">Lorsque le communautarisme se croit la\u00efque. Retour sur l\u2019assassinat de Samuel Paty<\/a> (Contretemps)<\/p>\n\n\n\n<p><a href=\"https:\/\/www.anti-k.org\/2021\/03\/03\/debat-sur-la-situation-francaise-et-les-presidentielles\/\">D\u00e9bat sur la situation fran\u00e7aise et les pr\u00e9sidentielles <\/a>(Aplutsoc)<\/p>\n\n\n\n<p><a href=\"https:\/\/www.boursorama.com\/videos\/actualites\/le-groupe-generation-identitaire-dissous-en-conseil-des-ministres-attal-c4dd26727d800f421d6a7114c9229a1b\">Le groupe G\u00e9n\u00e9ration identitaire dissous en Conseil des ministres (Attal)<\/a> (AFP vid\u00e9o)<\/p>\n\n\n\n<p><a href=\"https:\/\/lanticapitaliste.org\/actualite\/societe\/crise-ou-pas-crise-il-y-de-largent-pour-les-canons\">Crise ou pas crise, il y a de l\u2019argent pour les canons<\/a> (L\u2019Anticapitaliste)<\/p>\n\n\n\n<p><a href=\"https:\/\/alt-rev.com\/2021\/03\/02\/jean-jacques-marie-la-revolte-de-cronstadt\/\">Jean-Jacques Marie: La r\u00e9volte de Cronstadt<\/a> (En attendant Nadeau)<\/p>\n\n\n\n<p><a href=\"https:\/\/lanticapitaliste.org\/actualite\/societe\/une-offensive-raciste-et-reactionnaire\">Campagne contre l\u2019\u00ab\u2005islamo-gauchisme\u2005\u00bb : une offensive raciste et r\u00e9actionnaire<\/a> &#8211;<a href=\"https:\/\/lanticapitaliste.org\/auteurs\/julien-salingue\">Julien Salingue<\/a>, <a href=\"https:\/\/lanticapitaliste.org\/auteurs\/helene-marra\">H\u00e9l\u00e8ne Marra<\/a><\/p>\n\n\n\n<p><a href=\"https:\/\/lahorde.samizdat.net\/Le-RN-face-a-la-pandemie\">Le RN face \u00e0 la pand\u00e9mie<\/a> (La Horde)<\/p>\n\n\n\n<p><a href=\"https:\/\/www.mediapart.fr\/journal\/economie\/030321\/apres-la-pandemie-le-fmi-met-en-garde-contre-une-explosion-sociale\">Apr\u00e8s la pand\u00e9mie, le FMI met en garde contre une explosion sociale<\/a> (M\u00e9diapart)<\/p>\n\n\n\n<figure class=\"wp-block-image is-resized is-style-default\"><img loading=\"lazy\" decoding=\"async\" src=\"https:\/\/scontent-mrs2-1.xx.fbcdn.net\/v\/t1.0-9\/156172347_2744077052572182_6310850204582941011_o.png?_nc_cat=1&amp;ccb=3&amp;_nc_sid=730e14&amp;_nc_ohc=sWbo-kDX1L4AX8szQ4Q&amp;_nc_ht=scontent-mrs2-1.xx&amp;oh=99923cbd7630369c9187821fbaf0eac6&amp;oe=6065F486\" alt=\"Peut \u00eatre un dessin anim\u00e9\" width=\"304\" height=\"428\"\/><\/figure>\n\n\n\n<p><a href=\"https:\/\/l.facebook.com\/l.php?u=https:\/\/www.lefigaro.fr\/actualite-france\/affaire-sarkozy-eric-dupond-moretti-porte-plainte-contre-x-20200701?fbclid=IwAR3HBgLALfAP58_5o2X2BXconAhB67xdQLyhdMO_lx7OQy8_YRaYxWHD4Sc&amp;h=AT106y57aZ5hRXGqKiy1OW2YUbU73g3QlDk3PHEN2nHf75DZdmuAM8mNV-NazYABcL5ZftHg9-eu6-BEbhc8EizGG72tWTsFcb2KgVC1dXEIdECoL8cwRH0R_68w6V27C-8E8aQ&amp;__tn__=,mH-R&amp;c%5B0%5D=AT1o7-qCRZSSr5M10GuYchzQG-lDzoLCm8PJI3FeZuWynB3fdGhyFp4gQ2ThHWT7O0kr0U7koHciXEALg_Ov6tkzK6P6mHUCwXX0O_7hrzTqG9cfR_KvwMdFl8dPqbt1DrA_hQd5toYrdZ6NWpJ3OONE8IptKw0XmLFdWRBTfD9KDHg\">Affaire Sarkozy : \u00c9ric Dupond-Moretti porte plainte contre X <\/a>(Le Figaro)<\/p>\n\n\n\n<figure class=\"wp-block-image is-resized is-style-default\"><img loading=\"lazy\" decoding=\"async\" src=\"https:\/\/scontent.fhex4-1.fna.fbcdn.net\/v\/t1.0-9\/156461279_1157398018015998_418692423167683091_o.png?_nc_cat=101&amp;ccb=3&amp;_nc_sid=730e14&amp;_nc_ohc=i5v2niduLPMAX_lyxji&amp;_nc_ht=scontent.fhex4-1.fna&amp;oh=46ed6999ecc238e57428529c5d55d3d8&amp;oe=606400D1\" alt=\"Peut \u00eatre une image de 1 personne et texte qui dit \u2019&quot;Hop hop hop, doucement. Un proc\u00e8s \u00e0 la fois s'il vous pla\u00eet&quot; POLICE POLICE\u2019\" width=\"355\" height=\"295\"\/><\/figure>\n\n\n\n<p><a href=\"https:\/\/lesjours.fr\/obsessions\/covid-deuxieme-vague\/ep62-journal-de-redeconfinement-reconfinement\/\">Hidalgo et le gouvernement, tous variants !<\/a> (Les Jours)<\/p>\n\n\n\n<p><a href=\"https:\/\/www.lemediatv.fr\/emissions\/2021\/comment-macron-collabore-avec-les-influenceurs-pour-nous-manipuler-lteA4E_8Tnq0kjKQtevtZg\">Comment Macron collabore avec les influenceurs pour nous manipuler ?<\/a> (Le M\u00e9dia)&nbsp;<\/p>\n\n\n\n<figure class=\"wp-block-image is-resized is-style-default\"><img loading=\"lazy\" decoding=\"async\" src=\"https:\/\/scontent.fhex4-1.fna.fbcdn.net\/v\/t1.0-9\/155273455_1156864198069380_5505001114707091492_n.png?_nc_cat=104&amp;ccb=3&amp;_nc_sid=730e14&amp;_nc_ohc=61v9KFlOussAX8UX2ZW&amp;_nc_ht=scontent.fhex4-1.fna&amp;oh=6e986443752936307021b28e5f24d652&amp;oe=60643F10\" alt=\"Peut \u00eatre une image de arbre et plein air\" width=\"493\" height=\"277\"\/><figcaption><sub>Millau dans la brume ce jour&#8230;Inversez si vous n&rsquo;\u00eates pas vegan&#8230;<\/sub><\/figcaption><\/figure>\n\n\n\n<p><a href=\"https:\/\/theconversation.com\/maximiser-lobjectivite-et-minimiser-la-neutralite-du-militantisme-en-sciences-sociales-156159\">\u00ab Maximiser l\u2019objectivit\u00e9 et minimiser la neutralit\u00e9 \u00bb : du militantisme en sciences sociales<\/a> (The Conversation)<\/p>\n\n\n\n<p><a href=\"https:\/\/www.humanite.fr\/ils-nont-pas-honte-lexpertise-coloniale-lassemblee-700824#xtor=RSS-1\">Ils n\u2019ont pas honte !. L\u2019expertise coloniale \u00e0 l\u2019Assembl\u00e9e<\/a> (L\u2019Humanit\u00e9)<\/p>\n\n\n\n<p><a href=\"https:\/\/www.humanite.fr\/5-rappels-historiques-pour-nos-diplomates-qui-aiment-taper-sur-la-commune-de-paris-700778#xtor=RSS-1\">5 rappels historiques pour nos diplomates qui aiment taper sur la Commune de Paris<\/a> (L\u2019Humanit\u00e9)<\/p>\n\n\n\n<p><a href=\"https:\/\/theconversation.com\/alcool-tabac-cannabis-ou-en-est-la-consommation-des-jeunes-francais-152138\">Alcool, tabac, cannabis\u2026 O\u00f9 en est la consommation des jeunes Fran\u00e7ais ?<\/a> (The Conversation)<\/p>\n\n\n\n<p><a href=\"https:\/\/www.revolutionpermanente.fr\/Effets-d-annonce-cours-en-exterieur-la-volte-face-d-Hidalgo-qui-se-la-joue-anti-confinement\">Effets d\u2019annonce, \u00ab&nbsp;cours en ext\u00e9rieur&nbsp;\u00bb&nbsp;: la volte-face d\u2019Hidalgo qui se la joue anti-confinement<\/a> (RP)<\/p>\n\n\n\n<p><a href=\"https:\/\/info.mediapart.fr\/optiext\/optiextension.dll?ID=dHGdM6af4XBz2BrJ61llZ3%2BCtwX5zQdgQl0s4yJFxZNAC8AZkUunBLRFb7Ap6dCkXfzEXoPOknyw%2B4R0QOKj9Y8RRw5tW\">La d\u00e9fense du secret professionnel, un faux combat dans l\u2019affaire Sarkozy?<\/a>-blog soufron<\/p>\n\n\n\n<figure class=\"wp-block-image is-resized is-style-default\"><img data-recalc-dims=\"1\" loading=\"lazy\" decoding=\"async\" src=\"https:\/\/i0.wp.com\/static.mediapart.fr\/etmagine\/default\/files\/2021\/02\/28\/21-2-28-castor.jpg?resize=321%2C305&#038;ssl=1\" alt=\"21-2-28-castor\" width=\"321\" height=\"305\"\/><\/figure>\n\n\n\n<p><strong><span class=\"has-inline-color has-vivid-red-color\">2 Mars <\/span><\/strong><\/p>\n\n\n\n<p><a href=\"https:\/\/www.mediapart.fr\/journal\/france\/020321\/l-assemblee-nationale-auditionne-un-africaniste-d-extreme-droite\">L\u2019Assembl\u00e9e nationale auditionne un africaniste d\u2019extr\u00eame droite<\/a> (M\u00e9diapart)<\/p>\n\n\n\n<p><a href=\"https:\/\/www.mediapart.fr\/journal\/france\/020321\/affaire-khashoggi-la-responsable-communication-de-castex-etait-chargee-de-redorer-l-image-de-l-arabie-saou\">Affaire Khashoggi: la responsable communication de Castex \u00e9tait charg\u00e9e de redorer l\u2019image de l\u2019Arabie saoudite<\/a> (M\u00e9diapart)<\/p>\n\n\n\n<p><a href=\"https:\/\/www.boursorama.com\/actualite-economique\/actualites\/presidentielle-2022-eric-zemmour-candidat-l-hypothese-qui-agite-l-extreme-droite-dissidente-f60ab723dcd4236b8a3b7baca2453fea\">Pr\u00e9sidentielle 2022 : \u00c9ric Zemmour candidat ? L&rsquo;hypoth\u00e8se qui agite l&rsquo;extr\u00eame droite dissidente<\/a> (Boursorama)<\/p>\n\n\n\n<figure class=\"wp-block-image is-resized is-style-default\"><img loading=\"lazy\" decoding=\"async\" src=\"https:\/\/scontent-mrs2-1.xx.fbcdn.net\/v\/t1.0-9\/154783605_777192269864018_1654043203672236894_o.jpg?_nc_cat=111&amp;ccb=3&amp;_nc_sid=730e14&amp;_nc_ohc=47bq07-redEAX8J9_25&amp;_nc_ht=scontent-mrs2-1.xx&amp;oh=11993c616008c7663b9736969bd7c201&amp;oe=606127F4\" alt=\"Peut \u00eatre une illustration\" width=\"325\" height=\"494\"\/><\/figure>\n\n\n\n<p><a href=\"https:\/\/info.mediapart.fr\/optiext\/optiextension.dll?ID=WstWv6n_B0dJfNSvNy4l6rw4_fvqlyJ3RtqqzVOLuaJE_5Za4_O71XyqCMnYOYU%2B2uYncQpkVx_KgggJ5VdYiSuP8VPON\">Affaire \u00abBismuth\u00bb: Nicolas Sarkozy est condamn\u00e9 pour corruption<\/a> (MDP)<\/p>\n\n\n\n<figure class=\"wp-block-image is-resized is-style-default\"><img loading=\"lazy\" decoding=\"async\" src=\"https:\/\/scontent.fhex4-2.fna.fbcdn.net\/v\/t1.0-9\/155985204_1156825711406562_1580000777814532649_n.png?_nc_cat=107&amp;ccb=3&amp;_nc_sid=730e14&amp;_nc_ohc=2nKI9oR9vycAX-JCany&amp;_nc_ht=scontent.fhex4-2.fna&amp;oh=74e95a7ccc08ab5a6488da61bdf48a80&amp;oe=6062DFD7\" alt=\"Peut \u00eatre une image de 6 personnes, personnes debout et texte qui dit \u2019Nini_MacBright @Nini_MacBright Explosion de joie \u00e0 Levallois-Perre \u00e0 l'annonce du verdict de Nicolas Sarkozy, la foule en liesse applaudit son nouveau champion au son de &quot;IL EST DES N\u00c3TRES, IL A PRIS UN \u0391\u039d COMME LES AUTRES&quot;. De bien belles images 2:53 PM 1 mars 2021 Twitter Web App\u2019\" width=\"320\" height=\"362\"\/><\/figure>\n\n\n\n<p><a href=\"https:\/\/info.mediapart.fr\/optiext\/optiextension.dll?ID=WstWxJReV_b1NZcyDl18s_ho5HDB7y62n9LiXHD2VfFb7Q4a5mRPr68NZV1U72RewZLabhLFJXNivl2aveMnQOgtzyxGt\"><\/a><a href=\"https:\/\/info.mediapart.fr\/optiext\/optiextension.dll?ID=WstWxJReV_b1NZcyDl18s_ho5HDB7y62n9LiXHD2VfFb7Q4a5mRPr68NZV1U72RewZLabhLFJXNivl2aveMnQOgtzyxGt\">L\u2019arbre Sarkozy et la for\u00eat de la corruption<\/a> (MDP<a href=\"https:\/\/info.mediapart.fr\/optiext\/optiextension.dll?ID=WstWxJReV_b1NZcyDl18s_ho5HDB7y62n9LiXHD2VfFb7Q4a5mRPr68NZV1U72RewZLabhLFJXNivl2aveMnQOgtzyxGt\">)<\/a><\/p>\n\n\n\n<p><a href=\"https:\/\/lanticapitaliste.org\/communique\/sarkozy-condamne-le-proces-de-tout-un-systeme-reste-faire\">Sarkozy condamn\u00e9, le proc\u00e8s de tout un syst\u00e8me reste \u00e0 faire !<\/a> (NPA)<\/p>\n\n\n\n<p><a href=\"https:\/\/info.mediapart.fr\/optiext\/optiextension.dll?ID=XtsXrwNTVbQNR%2BFIknr_gsDzSfU0khi%2B9h4h6Dp8Gi8gMPZH5%2B4IBeWdGa_QCnn5H1Y9Jw9O1yqPcphr2bf8xaZ9dHfj_\">La droite fait bloc derri\u00e8re Sarkozy et s\u2019en prend \u00e0 la justice<\/a> (MDP)<\/p>\n\n\n\n<p><a href=\"https:\/\/www.boursorama.com\/actualite-economique\/actualites\/cannabis-recreatif-une-legalisation-plebiscitee-par-une-large-consultation-citoyenne-b6d5de4fe419b89665e1094d0559539a\">\u00ab\u00a0Cannabis r\u00e9cr\u00e9atif\u00a0\u00bb : une l\u00e9galisation pl\u00e9biscit\u00e9e par une large consultation citoyenne<\/a> (AFP)<\/p>\n\n\n\n<figure class=\"wp-block-image is-resized is-style-default\"><img loading=\"lazy\" decoding=\"async\" src=\"https:\/\/scontent.fhex4-2.fna.fbcdn.net\/v\/t1.0-9\/156552141_2539934139633881_4408288646169267930_n.jpg?_nc_cat=110&amp;ccb=3&amp;_nc_sid=8bfeb9&amp;_nc_ohc=aISiZu0kFPYAX-2upOG&amp;_nc_ht=scontent.fhex4-2.fna&amp;oh=b9af19080e9e4f056aea5eefe1c69a33&amp;oe=6061559D\" alt=\"Aucune description de photo disponible.\" width=\"398\" height=\"299\"\/><\/figure>\n\n\n\n<p><a href=\"https:\/\/www.revolutionpermanente.fr\/Decouvrir-la-Commune-en-librairie\">\u00ab&nbsp;D\u00e9couvrir la Commune&nbsp;\u00bb, en librairie&nbsp;!<\/a> (RP)<\/p>\n\n\n\n<figure class=\"wp-block-image is-resized is-style-default\"><img data-recalc-dims=\"1\" loading=\"lazy\" decoding=\"async\" src=\"https:\/\/i0.wp.com\/www.revolutionpermanente.fr\/local\/cache-vignettes\/L410xH652\/decouvrirlacommune-couv1-410x652-80fec.jpg?resize=354%2C563&#038;ssl=1\" alt=\"\" width=\"354\" height=\"563\"\/><\/figure>\n\n\n\n<p><strong><span class=\"has-inline-color has-vivid-red-color\">1er Mars<\/span><\/strong><\/p>\n\n\n\n<p><a href=\"https:\/\/www.mediapart.fr\/journal\/france\/010321\/affaire-bismuth-nicolas-sarkozy-est-condamne-pour-corruption\">Affaire \u00abBismuth\u00bb: Nicolas Sarkozy est condamn\u00e9 pour corruption <\/a>(Mediapart)<\/p>\n\n\n\n<p><a href=\"http:\/\/www.regards.fr\/politique\/article\/edito-macronisation-du-lepenisme-et-lepenisation-du-macronisme\">Macronisation du lep\u00e9nisme et lep\u00e9nisation du macronisme<\/a> (Regards)&nbsp;<\/p>\n\n\n\n<p><a href=\"https:\/\/lundi.am\/PAN-PAN-Les-touristes-debarquent\">\u201cPan! Pan! Les touristes d\u00e9barquent\u201d<\/a> (Lundi matin)<\/p>\n\n\n\n<p><a href=\"https:\/\/lundi.am\/Basculements-Mondes-emergents-possibles-desirables\">Basculements \u2013 Monde \u00e9mergents, possibles d\u00e9sirables<\/a> (Lundi matin)<\/p>\n\n\n\n<p><a href=\"http:\/\/www.questionsdeclasses.org\/?Lyon-et-ses-extremes-droites-par-Alain-Chevarin\">Lyon et ses extr\u00eames droites par Alain Chevarin<\/a> (Q2C)<\/p>\n\n\n\n<p><a href=\"https:\/\/ricochets.cc\/A-la-notion-d-effondrement-qui-depolitise-preferons-des-basculements-orientes-par-les-luttes.html\">\u00c0 la notion d&rsquo;effondrement qui d\u00e9politise, pr\u00e9f\u00e9rons des basculements orient\u00e9s par les luttes politiques<\/a> (Ricochets)<\/p>\n\n\n\n<p id=\"block-3f8ec53b-13a3-4d96-baad-8122bda56c81\"><a href=\"https:\/\/www.monde-diplomatique.fr\/2017\/04\/HALIMI\/57398\">Et cette fois encore, le pi\u00e8ge du vote utile ?<\/a> (Monde diplomatique, avril 2017)<\/p>\n\n\n\n<p id=\"block-3f8ec53b-13a3-4d96-baad-8122bda56c81\"><a href=\"https:\/\/www.connaissancedesenergies.org\/afp\/les-syndicats-de-lenergie-demandent-macron-une-commission-sur-lavenir-dedf-210301?utm_source=newsletter&amp;utm_medium=fil-info-energies&amp;utm_campaign=\/newsletter\/le-fil-info-energies-01-mars-2021\">Les syndicats de l&rsquo;\u00e9nergie demandent \u00e0 Emmanuel Macron une commission sur l&rsquo;avenir d&rsquo;EDF<\/a> (Connaissance des \u00e9nergies)<\/p>\n\n\n\n<p id=\"block-3f8ec53b-13a3-4d96-baad-8122bda56c81\"><a href=\"https:\/\/www.greenpeace.fr\/espace-presse\/climat-la-convention-citoyenne-remet-un-bonnet-dane-au-gouvernement\/\">Climat : la convention citoyenne remet un bonnet d\u2019\u00e2ne au gouvernement<\/a> (Greenpeace France)<\/p>\n\n\n\n<figure class=\"wp-block-image is-resized is-style-default\"><img data-recalc-dims=\"1\" loading=\"lazy\" decoding=\"async\" src=\"https:\/\/i0.wp.com\/reporterre.net\/local\/cache-vignettes\/L720xH408\/arton22398-fea52.jpg?resize=415%2C234&#038;ssl=1\" alt=\"Macron et le climat\u00a0: 3,3 sur 10, selon la Convention citoyenne\" width=\"415\" height=\"234\"\/><\/figure>\n\n\n\n<figure class=\"wp-block-image is-style-default\" id=\"block-0b267128-2545-43fd-a3e2-af10acd6a5c1\"><img data-recalc-dims=\"1\" decoding=\"async\" src=\"https:\/\/i0.wp.com\/cdn.greenpeace.fr\/site\/uploads\/2021\/02\/3.3.png?w=1200&#038;ssl=1\" alt=\"L\u2019attribut alt de cette image est vide, son nom de fichier est 3.3.png.\"\/><\/figure>\n\n\n\n<p id=\"block-8c5fcc75-0e4c-4fe3-8d21-f0260a485b84\"><a href=\"https:\/\/www.humanite.fr\/covid-19-les-francais-lasses-dune-gestion-en-zig-zag-de-lepidemie-700715#xtor=RSS-1\">Covid-19. Les Fran\u00e7ais lass\u00e9s d\u2019une gestion en zig zag de l\u2019\u00e9pid\u00e9mie<\/a> (L\u2019Humanit\u00e9)<\/p>\n\n\n\n<p id=\"block-e58f9ba3-a16c-4248-a9f7-2feb86d7b7f5\"><a href=\"https:\/\/www.thenation.com\/article\/world\/fascism-trump-neoliberalism-capitalism\/tnamp\/?__twitter_impression=true\">Comment r\u00e9tablir l\u2019immunit\u00e9 collective au fascisme ?<\/a> (anglais, The Nation)<\/p>\n\n\n\n<p id=\"block-1bfef599-67c0-4a49-81b0-6c31af4a6435\"><a href=\"https:\/\/www.humanite.fr\/armes-explosives-pierre-laurent-la-majorite-des-victimes-demeurent-des-civils-700743#xtor=RSS-1\">Armes explosives. Pierre Laurent : \u00ab La majorit\u00e9 des victimes demeurent des civils \u00bb<\/a> (L\u2019Humanit\u00e9)&nbsp;<\/p>\n\n\n\n<figure class=\"wp-block-image is-resized is-style-default\" id=\"block-d52379d5-227d-4445-b44a-62239962e20c\"><img loading=\"lazy\" decoding=\"async\" src=\"https:\/\/scontent.fsti4-2.fna.fbcdn.net\/v\/t1.0-9\/155806768_1155557271533406_132039146916971873_n.jpg?_nc_cat=105&amp;ccb=3&amp;_nc_sid=730e14&amp;_nc_ohc=cDzSYppnGdQAX9EZM7B&amp;_nc_ht=scontent.fsti4-2.fna&amp;oh=61cbfef4d4b5b4625a4b0d7a71b85020&amp;oe=60626AEC\" alt=\"Peut \u00eatre une image de 5 personnes et texte qui dit \u2019Nous devons nous assurer que vous n'\u00eates pas un robot. Selectionnez toutes les cases montrant des personnes de confiance reCAPTCHA\u2019\" width=\"497\" height=\"583\"\/><\/figure>\n\n\n\n<p><a href=\"https:\/\/lejournal.cnrs.fr\/articles\/les-democraties-sont-condamnees-a-susciter-ladhesion-des-citoyens\">\u00ab Les d\u00e9mocraties sont condamn\u00e9es \u00e0 susciter l\u2019adh\u00e9sion des citoyens \u00bb<\/a> (Journal du CNRS)<\/p>\n\n\n\n<p><a href=\"https:\/\/mondediplo.com\/2002\/02\/20scholarship\">Penser la politique sans penser politiquement<\/a> (Monde diplomatique, ang)<\/p>\n\n\n\n<p><a href=\"https:\/\/lundi.am\/150eme-anniversaire-de-la-Commune\">150eme anniversaire de la Commune<\/a> (Lundi matin)<\/p>\n\n\n\n<figure class=\"wp-block-image size-large\"><img data-recalc-dims=\"1\" loading=\"lazy\" decoding=\"async\" width=\"471\" height=\"264\" src=\"https:\/\/i0.wp.com\/www.rdpemancipation.org\/wp-content\/uploads\/2021\/03\/gj-montreuil.jpg?resize=471%2C264&#038;ssl=1\" alt=\"\" class=\"wp-image-18231\" srcset=\"https:\/\/i0.wp.com\/www.rdpemancipation.org\/wp-content\/uploads\/2021\/03\/gj-montreuil.jpg?w=471&amp;ssl=1 471w, https:\/\/i0.wp.com\/www.rdpemancipation.org\/wp-content\/uploads\/2021\/03\/gj-montreuil.jpg?resize=300%2C168&amp;ssl=1 300w\" sizes=\"auto, (max-width: 471px) 100vw, 471px\" \/><\/figure>\n\n\n\n<p><\/p>\n","protected":false},"excerpt":{"rendered":"<p>31 mars en continu Aide aux migrants: relaxe d\u00e9finitive pour le militant C\u00e9dric Herrou (AFP) Retrait de la \u00ab loi s\u00e9paratisme \u00bb : d\u00e9claration du mouvement associatif et syndical \u00e0 Bordeaux (Rue89 Bordeaux) France: D\u00e9bat et vote jeudi au Parlement sur la situation sanitaire, selon Matignon&nbsp; (Reuters) Convention pour le climat&nbsp;: seules 10&nbsp;% des propositions &#8230; <a title=\"Mars &#8211; Politique\" class=\"read-more\" href=\"https:\/\/www.rdpemancipation.org\/?p=18226\" aria-label=\"En savoir plus sur Mars &#8211; Politique\">Lire la suite<\/a><\/p>\n","protected":false},"author":2,"featured_media":0,"comment_status":"closed","ping_status":"closed","sticky":false,"template":"","format":"standard","meta":{"_lmt_disableupdate":"no","_lmt_disable":"no","_jetpack_memberships_contains_paid_content":false,"footnotes":""},"categories":[6],"tags":[],"class_list":["post-18226","post","type-post","status-publish","format-standard","hentry","category-politique"],"modified_by":"jmb","jetpack_featured_media_url":"","jetpack_sharing_enabled":true,"_links":{"self":[{"href":"https:\/\/www.rdpemancipation.org\/index.php?rest_route=\/wp\/v2\/posts\/18226","targetHints":{"allow":["GET"]}}],"collection":[{"href":"https:\/\/www.rdpemancipation.org\/index.php?rest_route=\/wp\/v2\/posts"}],"about":[{"href":"https:\/\/www.rdpemancipation.org\/index.php?rest_route=\/wp\/v2\/types\/post"}],"author":[{"embeddable":true,"href":"https:\/\/www.rdpemancipation.org\/index.php?rest_route=\/wp\/v2\/users\/2"}],"replies":[{"embeddable":true,"href":"https:\/\/www.rdpemancipation.org\/index.php?rest_route=%2Fwp%2Fv2%2Fcomments&post=18226"}],"version-history":[{"count":209,"href":"https:\/\/www.rdpemancipation.org\/index.php?rest_route=\/wp\/v2\/posts\/18226\/revisions"}],"predecessor-version":[{"id":23409,"href":"https:\/\/www.rdpemancipation.org\/index.php?rest_route=\/wp\/v2\/posts\/18226\/revisions\/23409"}],"wp:attachment":[{"href":"https:\/\/www.rdpemancipation.org\/index.php?rest_route=%2Fwp%2Fv2%2Fmedia&parent=18226"}],"wp:term":[{"taxonomy":"category","embeddable":true,"href":"https:\/\/www.rdpemancipation.org\/index.php?rest_route=%2Fwp%2Fv2%2Fcategories&post=18226"},{"taxonomy":"post_tag","embeddable":true,"href":"https:\/\/www.rdpemancipation.org\/index.php?rest_route=%2Fwp%2Fv2%2Ftags&post=18226"}],"curies":[{"name":"wp","href":"https:\/\/api.w.org\/{rel}","templated":true}]}}