{"id":18224,"date":"2021-03-01T09:48:06","date_gmt":"2021-03-01T08:48:06","guid":{"rendered":"https:\/\/www.rdpemancipation.org\/?p=18224"},"modified":"2021-04-01T11:11:11","modified_gmt":"2021-04-01T09:11:11","slug":"marx-economie","status":"publish","type":"post","link":"https:\/\/www.rdpemancipation.org\/?p=18224","title":{"rendered":"Mars &#8211; Economie"},"content":{"rendered":"\n<p><strong><span class=\"has-inline-color has-vivid-red-color\">31 mars en continu<\/span><\/strong><\/p>\n\n\n\n<p><strong>France<\/strong><\/p>\n\n\n\n<p><a href=\"https:\/\/www.boursorama.com\/actualite-economique\/actualites\/michelin-prevoit-de-supprimer-530-postes-pour-la-premiere-annee-de-son-plan-540c271aa9c305062a6ce7fc0dd2522e\">Michelin pr\u00e9voit de supprimer 530 postes pour la premi\u00e8re ann\u00e9e de son plan<\/a> &nbsp;(AFP)<\/p>\n\n\n\n<p><a href=\"https:\/\/www.boursorama.com\/actualite-economique\/actualites\/sanofi-va-construire-une-usine-de-vaccins-contre-la-grippe-au-canada-695eab270b535b129b914bccb33f087e\">Sanofi va construire une usine de vaccins contre la grippe au Canada<\/a> &nbsp;(AFP)<\/p>\n\n\n\n<p><a href=\"https:\/\/www.boursorama.com\/actualite-economique\/actualites\/un-rapport-parlementaire-pour-davantage-de-conditions-aux-entreprises-en-echange-d-aides-publiques-9c019712c87f9b6db9fafe6692dd4b68\">Un rapport parlementaire pour davantage de conditions aux entreprises en \u00e9change d&rsquo;aides publiques<\/a> &nbsp;(AFP)<\/p>\n\n\n\n<p><a href=\"https:\/\/www.boursorama.com\/boursoramag\/actualites\/ces-emissions-de-tele-devenues-des-business-tres-rentables-40c7c1ac7f9432fe53bc3cebfe2a10b3\">Ces \u00e9missions de t\u00e9l\u00e9 devenues des business tr\u00e8s rentables<\/a> &nbsp;(Le Particulier)<\/p>\n\n\n\n<p><a href=\"https:\/\/www.boursorama.com\/videos\/actualites\/fin-des-turbulences-pour-eramet-le-champion-francais-des-metaux-rares-b796edc888eea8368e9d2159a5ede39d\">Fin des turbulences pour Eramet, le champion fran\u00e7ais des m\u00e9taux rares !<\/a> &nbsp;(Ecorama)<\/p>\n\n\n\n<p><a href=\"https:\/\/www.boursorama.com\/actualite-economique\/actualites\/reforme-de-l-assurance-chomage-le-decret-est-paru-au-journal-officiel-1ca8a5bbc8be50db90d95084d789e3d7\">R\u00e9forme de l&rsquo;assurance ch\u00f4mage : le d\u00e9cret est paru au Journal officiel<\/a> &nbsp;(Boursorama)<\/p>\n\n\n\n<p><a href=\"https:\/\/www.boursorama.com\/actualite-economique\/actualites\/electricite-100-renouvelable-pour-les-anciennes-bornes-autolib-reprises-par-total-0b85f3aae9a62e78f7d398d5f88f7554\">Electricit\u00e9 \u00ab\u00a0100% renouvelable\u00a0\u00bb pour les anciennes bornes Autolib&rsquo;, reprises par Total<\/a> (AFP)<\/p>\n\n\n\n<p><a href=\"https:\/\/www.boursorama.com\/actualite-economique\/actualites\/france-l-inflation-accelere-a-1-1-sur-un-an-au-mois-de-mars-insee-provisoire-a9ae3cf8068a674f5b9adf79dcaca22a\">France : l&rsquo;inflation acc\u00e9l\u00e8re \u00e0 1,1% sur un an au mois de mars (Insee, provisoire)<\/a> (AFP)<\/p>\n\n\n\n<p><a href=\"https:\/\/www.boursorama.com\/actualite-economique\/actualites\/france-la-consommation-des-menages-stable-en-fevrier-insee-c7d17afdf0bd71ad29814639e6acbebd\">France : la consommation des m\u00e9nages stable en f\u00e9vrier (Insee)<\/a> (AFP)<\/p>\n\n\n\n<p><a href=\"https:\/\/www.boursorama.com\/actualite-economique\/actualites\/le-cheque-vie-elargi-a-toutes-les-entreprises-embauchant-des-jeunes-des-quartiers-f391fbb290d3d6d6ac572bec614a22ae\">Le ch\u00e8que VIE \u00e9largi \u00e0 toutes les entreprises embauchant des jeunes des quartiers<\/a> (AFP)<\/p>\n\n\n\n<p><a href=\"https:\/\/www.humanite.fr\/covid-et-emploi-le-plan-de-relance-du-gouvernement-ignore-la-situation-des-femmes-702095#xtor=RSS-1\">Covid et emploi. Le plan de relance du gouvernement ignore la situation des femmes<\/a> (L\u2019Humanit\u00e9)<\/p>\n\n\n\n<p><a href=\"https:\/\/www.contretemps.eu\/chomage-economie-garantie-emploi-depassement-capitalisme\/\">La garantie d\u2019emploi, un outil au potentiel r\u00e9volutionnaire<\/a> \u2013 Romaric Godin (ContreTemps)<\/p>\n\n\n\n<p><a href=\"https:\/\/www.lemediatv.fr\/emissions\/2021\/un-putsch-economique-se-prepare-E_-QJgYdQgONhRHiXY6Zyg\">\u00ab\u00a0Un putsch \u00e9conomique se pr\u00e9pare\u00a0\u00bb<\/a> (Le M\u00e9dia)<\/p>\n\n\n\n<p><a href=\"https:\/\/www.boursorama.com\/actualite-economique\/actualites\/proportionnelle-taxe-sur-les-profiteurs-de-crise-lfi-avance-ses-sujets-a-l-assemblee-13bf386e81d813e994a49fff2557acfe\">Proportionnelle, \u00ab\u00a0taxe sur les profiteurs de crise\u00a0\u00bb: LFI avance ses sujets \u00e0 l&rsquo;Assembl\u00e9e<\/a> (AFP)<\/p>\n\n\n\n<p><a href=\"https:\/\/www.monde-diplomatique.fr\/cartes\/economie-continentale\">Les transformations de l&rsquo;\u00e9conomie continentale<\/a> &#8211; C\u00e9cile Marin (Le Monde diplomatique)<\/p>\n\n\n\n<figure class=\"wp-block-image is-resized is-style-default\"><img data-recalc-dims=\"1\" loading=\"lazy\" decoding=\"async\" src=\"https:\/\/i0.wp.com\/cadtm.org\/local\/cache-vignettes\/L640xH441\/arton19635-646c6.png?resize=370%2C255\" alt=\"\" width=\"370\" height=\"255\"\/><\/figure>\n\n\n\n<p><strong>Monde<\/strong>\/<strong>Th\u00e9orie<\/strong><\/p>\n\n\n\n<p><a href=\"https:\/\/www.boursorama.com\/actualite-economique\/actualites\/l-omc-releve-sa-prevision-de-croissance-du-commerce-mondial-bbfb6cee35958a05358f249262656d1d\">L&rsquo;OMC rel\u00e8ve sa pr\u00e9vision de croissance du commerce mondial<\/a> &nbsp;(Reuters)<\/p>\n\n\n\n<p><a href=\"https:\/\/www.boursorama.com\/actualite-economique\/actualites\/la-part-du-dollar-dans-les-reserves-de-change-au-plus-bas-depuis-1995-dit-le-fmi-48e8608a15e4a41f266489f6c72d12fe\">La part du dollar dans les r\u00e9serves de change au plus bas depuis 1995, dit le FMI<\/a> &nbsp;(Boursorama)<\/p>\n\n\n\n<p><a href=\"https:\/\/www.boursorama.com\/actualite-economique\/actualites\/les-regulateurs-europeens-de-la-finance-s-inquietent-de-l-evolution-de-la-pandemie-6a63176d8c0d1a2768270dda5e8ff3e9\">Les r\u00e9gulateurs europ\u00e9ens de la finance s&rsquo;inqui\u00e8tent de l&rsquo;\u00e9volution de la pand\u00e9mie<\/a> &nbsp;(AFP)<\/p>\n\n\n\n<p><a href=\"https:\/\/www.boursorama.com\/actualite-economique\/actualites\/villeroy-bce-la-rapidite-de-la-relance-dans-l-ue-prime-sur-son-montant-60da34e636d00caed9fe6b1a4af3c75e\">Villeroy (BCE) : La rapidit\u00e9 de la relance dans l&rsquo;UE prime sur son montant<\/a> &nbsp;(Boursorama)<\/p>\n\n\n\n<p><a href=\"https:\/\/www.boursorama.com\/videos\/actualites\/quand-deliveroo-rate-son-entree-en-bourse-38f720fd767052abe8ebbb7daeeac3ba\">Quand Deliveroo rate son entr\u00e9e en Bourse&#8230;<\/a> &nbsp;(Ecorama)<\/p>\n\n\n\n<p><a href=\"https:\/\/www.boursorama.com\/actualite-economique\/actualites\/pas-de-changement-de-cap-monetaire-avant-un-certain-temps-promet-la-banque-centrale-europeenne-7151a685d5fbeb9118ce2075e93aa928\">Pas de changement de cap mon\u00e9taire avant \u00ab\u00a0un certain temps\u00a0\u00bb promet la Banque centrale europ\u00e9enne<\/a> &nbsp;(Boursorama)<\/p>\n\n\n\n<p><a href=\"https:\/\/www.boursorama.com\/actualite-economique\/actualites\/wildberries-le-geant-du-e-commerce-russe-qui-s-attaque-a-l-europe-b70e1bc66003372cfcdec4db455058f7\">Wildberries, le g\u00e9ant du e-commerce russe qui s&rsquo;attaque \u00e0 l&rsquo;Europe<\/a> &nbsp;(AFP)<\/p>\n\n\n\n<p><a href=\"https:\/\/www.boursorama.com\/actualite-economique\/actualites\/annoncee-tres-officiellement-la-transformation-de-volkswagen-en-voltswagen-etait-une-plaisanterie-01386444d838c94df80f3ff40e681da7\">Annonc\u00e9e tr\u00e8s officiellement, la transformation de Volkswagen en \u00ab\u00a0Voltswagen\u00a0\u00bb \u00e9tait une plaisanterie<\/a> &nbsp;(AFP)<\/p>\n\n\n\n<p><a href=\"https:\/\/tracking.connaissancedesenergies.org\/tracking\/click?d=qZmJDubpxnnPWxi70eXfFlL3-YqvDJyvg4eoU_SkxERiZBM97aqXpz1B4ikGRHQcdULD6kxxLhrWVaKXsYCSu4tj08Vc5zZF9L_7KdTwRuRA-WRnMSANJQmDmF0IiUOYALe3_4NR6N1BW7FKI-dCWFd1oZbf-RFQv5jJBzJ8RgdZ-2MehtVXDNymrROE9C096t5Hi2pAxByscfbn7CXflyyx7PXUfsAR5sxUiO_9LzyOYyawbMbmGmBI1KC-xYsXnotpgzUHebwBkfNDeAfCer3Cv35ELlr79SQojzOUQc8hOz3pnpnOkfyToJLpXx_CbGPhYnTfVgefMVXZiKiMWh4Tdr3wKeu5Um2-QCd8F0Bx85LI5zwAvZg18PuL3v9R2Np726RaUPCj6A77RxuIxwvpzLgd50KDkoty9l7zwWfT0\" target=\"_blank\" rel=\"noreferrer noopener\">L&rsquo;AIE actualise ses pr\u00e9visions sur l&rsquo;\u00e9volution des march\u00e9s p\u00e9troliers<\/a> &nbsp;(Connaissance des \u00e9nergies)<\/p>\n\n\n\n<p><a href=\"https:\/\/tracking.connaissancedesenergies.org\/tracking\/click?d=RwaEfy223wri4QcpVk_bCy7zguGGovOv3t5I9vpCRU9wSuzx0HUNUL4baxPBbcOriXkLu3nl3bgf-esXy977JAXjGhse9t5ZJ83oaC2rzJnhQLJ43_D2gryKQSKbuX0g481jHGodtbx5xqKZXV2Sy9_oW3YJubC7Ks14DpYVC1dWSKv6EL9dbVYjhzak3l4pRwCwBqaofGSMYJ_CQzbq4EF_bcui62z4k7d3qzw6Hx6u8pbZGqW9pYDEChfFV8ezD4y6-YfmmfiILq-DExM5SJeo4AvG7x8F1qvfF9Srqm_lCqsl6LVmgcUNHCcgP8NU8ShPLWXA1wpdG3Xj9xoiE8zssVpO-qMF_zMCuPrpTIbOEfMGempHe-l1igiamkV_gR7BsTfgbMk13E2J0KOLrLQ1\" target=\"_blank\" rel=\"noreferrer noopener\">Quand le&nbsp;p\u00e9trole devient l\u2019\u00e9nergie du&nbsp;pauvre<\/a> &nbsp;(Connaissance des \u00e9nergies)<\/p>\n\n\n\n<p><a href=\"https:\/\/info.alternatives-economiques.fr\/optiext\/optiextension.dll?ID=u23uWKdg9nyxaXtFM5mDTXBRdGB09oKKlC1jCmxIl1vJgFMeCh09xUfz%2BkjfKPVx_nD5as2_KRLGFQeldyNQItaVg6EuM\" target=\"_blank\" rel=\"noreferrer noopener\">&nbsp;Que r\u00e9v\u00e8le la p\u00e9nurie de semi-conducteurs&nbsp;?<\/a> &nbsp;(Alternatives \u00e9conomiques)<\/p>\n\n\n\n<p><a href=\"https:\/\/info.alternatives-economiques.fr\/optiext\/optiextension.dll?ID=F98F_ybM4fFqQS4nQQwqj5c1gYDsIZzKSO9BQz6WhUL8dnDVwti3nWmw75SUjFxKIYdjPpiJgx8xCW_E97prfq6GXUd%2BO\" target=\"_blank\" rel=\"noreferrer noopener\">Plan de relance am\u00e9ricain&nbsp;: comme en 2008, l\u2019Europe prend du retard<\/a> &nbsp;(Alternatives \u00e9conomiques)<\/p>\n\n\n\n<p><a href=\"https:\/\/info.alternatives-economiques.fr\/optiext\/optiextension.dll?ID=F98F6llUxCpGS242KBxks_%2Bv9AXlIlz30oXpfdLIfn1HVMEpw0%2B8t3eC1FgLFVnmO95V_Jr0vorjKPp2aG89%2Bxgu3SiFB\" target=\"_blank\" rel=\"noreferrer noopener\">Entreprises les plus corruptrices : et les gagnantes sont&#8230;<\/a> &nbsp;(Alternatives \u00e9conomiques)<\/p>\n\n\n\n<p><a href=\"https:\/\/www.connaissancedesenergies.org\/afp\/usa-la-demande-reprend-les-stocks-de-petrole-brut-baissent-210331\">USA : la demande reprend, les stocks de p\u00e9trole brut baissent<\/a> &nbsp;(AFP)<\/p>\n\n\n\n<p><a href=\"https:\/\/www.connaissancedesenergies.org\/afp\/locde-deplore-des-subventions-aux-energies-fossiles-en-hausse-et-des-prix-du-carbone-trop-bas-210330\">L&rsquo;OCDE d\u00e9plore des subventions aux \u00e9nergies fossiles en hausse et des prix du carbone trop bas<\/a> &nbsp;(AFP)<\/p>\n\n\n\n<p><a href=\"https:\/\/www.connaissancedesenergies.org\/afp\/transition-energetique-les-prix-mondiaux-du-carbone-encore-bien-en-dessous-du-juste-prix-210330\">Transition \u00e9nerg\u00e9tique : les prix mondiaux du carbone encore bien en-dessous du \u00ab juste \u00bb prix<\/a> &nbsp;(AFP)<\/p>\n\n\n\n<p><a href=\"http:\/\/cadtm.org\/L-economiste-Adam-Smith-a-propos-de-la-greve-denonce-l-egoisme-des-patrons\">L&rsquo;\u00e9conomiste Adam Smith, \u00e0 propos de la gr\u00e8ve, d\u00e9nonce l&rsquo;\u00e9go\u00efsme des patrons<\/a> ( CADTM)<\/p>\n\n\n\n<p><a href=\"http:\/\/cadtm.org\/Paris-Commune-de-Paris-150e-anniversaire-un-point-de-vue-economique\">Commune de Paris 150e anniversaire : un point de vue \u00e9conomique<\/a> (CADTM)<\/p>\n\n\n\n<p><strong><span class=\"has-inline-color has-vivid-red-color\">30 mars en continu<\/span><\/strong><\/p>\n\n\n\n<p><strong>France<\/strong><\/p>\n\n\n\n<p><a href=\"https:\/\/www.boursorama.com\/actualite-economique\/actualites\/prime-macron-la-cgt-critique-le-manque-d-agilite-de-la-fnac-fcec439e358840f29ad55ced676271a2\">Prime \u00ab\u00a0Macron\u00a0\u00bb: la CGT critique le manque \u00ab\u00a0d&rsquo;agilit\u00e9\u00a0\u00bb de la Fnac<\/a> &nbsp;(AFP)<\/p>\n\n\n\n<p><a href=\"https:\/\/www.boursorama.com\/videos\/actualites\/patrick-artus-natixis-je-suis-a-l-aise-avec-un-cac-a-6-000-points-un-peu-moins-quand-il-sera-a-7-000-8ba43e8c11264a08e315134967eec5ee\">Patrick Artus (Natixis) : \u00ab\u00a0Je suis \u00e0 l&rsquo;aise avec un CAC \u00e0 6.000 points, un peu moins quand il sera \u00e0 7.000 !\u00a0\u00bb<\/a> &nbsp;(Ecorama)<\/p>\n\n\n\n<p><a href=\"https:\/\/www.boursorama.com\/actualite-economique\/actualites\/electricite-edf-ne-prevoit-pas-de-hausse-forte-des-tarifs-regules-dans-les-annees-a-venir-a4eebd32741834e15e57b9fbf2a0430d\">\u00c9lectricit\u00e9 : EDF ne pr\u00e9voit pas de \u00ab\u00a0hausse forte\u00a0\u00bb des tarifs r\u00e9gul\u00e9s dans les ann\u00e9es \u00e0 venir<\/a> &nbsp;(Boursorama)<\/p>\n\n\n\n<figure class=\"wp-block-image size-large is-resized is-style-default\"><img data-recalc-dims=\"1\" loading=\"lazy\" decoding=\"async\" src=\"https:\/\/i0.wp.com\/www.rdpemancipation.org\/wp-content\/uploads\/2021\/03\/08ba072ddf73128ce758a8b64babdb5b-760x506-1.jpg?resize=408%2C272&#038;ssl=1\" alt=\"\" class=\"wp-image-23072\" width=\"408\" height=\"272\" srcset=\"https:\/\/i0.wp.com\/www.rdpemancipation.org\/wp-content\/uploads\/2021\/03\/08ba072ddf73128ce758a8b64babdb5b-760x506-1.jpg?w=760&amp;ssl=1 760w, https:\/\/i0.wp.com\/www.rdpemancipation.org\/wp-content\/uploads\/2021\/03\/08ba072ddf73128ce758a8b64babdb5b-760x506-1.jpg?resize=300%2C200&amp;ssl=1 300w\" sizes=\"auto, (max-width: 408px) 100vw, 408px\" \/><\/figure>\n\n\n\n<p><a href=\"https:\/\/www.boursorama.com\/actualite-economique\/actualites\/la-construction-de-logements-n-arrive-toujours-pas-a-redecoller-659418832c927850cc5b8db6da964695\">La construction de logements n&rsquo;arrive toujours pas \u00e0 red\u00e9coller<\/a> (Boursorama)<\/p>\n\n\n\n<p><a href=\"https:\/\/www.boursorama.com\/actualite-economique\/actualites\/la-banque-de-france-se-dote-d-un-centre-sur-le-climat-a9223a860d7269abefdf390b25fee637\">La Banque de France se dote d&rsquo;un centre sur le climat<\/a> &nbsp;(AFP)<\/p>\n\n\n\n<p><a href=\"https:\/\/www.boursorama.com\/actualite-economique\/actualites\/france-redressement-inattendu-du-moral-des-menages-en-mars-rapporte-l-insee-3512be93ffd5bc9da7341d2cb6fc04ff\">France : Redressement inattendu du moral des m\u00e9nages en mars, rapporte l&rsquo;Insee<\/a> &nbsp;(Reuters)<\/p>\n\n\n\n<p><a href=\"https:\/\/www.boursorama.com\/actualite-economique\/actualites\/la-production-de-films-en-france-a-recule-de-20-en-2020-6dd52744bb0446900ed6eee4ac4fe791\">La production de films en France a recul\u00e9 de 20% en 2020<\/a> &nbsp;(AFP)<\/p>\n\n\n\n<p><strong>Monde<\/strong>\/<strong>Th\u00e9orie<\/strong><\/p>\n\n\n\n<p><a href=\"https:\/\/www.boursorama.com\/actualite-economique\/actualites\/pour-marquer-son-virage-vers-l-electrique-volkswagen-devient-voltswagen-aux-etats-unis-01386444d838c94df80f3ff40e681da7\">Pour marquer son virage vers l&rsquo;\u00e9lectrique, Volkswagen devient \u00ab\u00a0Voltswagen\u00a0\u00bb aux Etats-Unis<\/a> &nbsp;(AFP)<\/p>\n\n\n\n<p><a href=\"https:\/\/www.boursorama.com\/actualite-economique\/actualites\/le-dollar-poursuit-sa-hausse-au-plus-haut-en-un-an-face-au-yen-f5d7350fa5959aaf585bd15bd4ffcb63\">Le dollar poursuit sa hausse, au plus haut en un an face au yen<\/a> &nbsp;(AFP)<\/p>\n\n\n\n<p><a href=\"https:\/\/www.boursorama.com\/actualite-economique\/actualites\/allemagne-l-inflation-a-2-sur-un-an-depasse-l-objectif-de-la-bce-b8c668cc44822bdf3e10413c4f07ddf3\">Allemagne : L&rsquo;inflation, \u00e0 2% sur un an, d\u00e9passe l&rsquo;objectif de la BCE<\/a> (Reuters)<\/p>\n\n\n\n<p><a href=\"https:\/\/www.boursorama.com\/videos\/actualites\/pourquoi-des-bons-du-tresor-us-a-2-peuvent-faire-basculer-les-marches-1cd16bfd03d8df61259087d95ba30d09\">Pourquoi des Bons du Tr\u00e9sor US \u00e0 2% peuvent faire basculer les march\u00e9s !<\/a> (Ecorama)<\/p>\n\n\n\n<figure class=\"wp-block-image is-resized is-style-default\"><img loading=\"lazy\" decoding=\"async\" src=\"https:\/\/scontent.fsti4-2.fna.fbcdn.net\/v\/t1.6435-0\/s600x600\/166911917_1174780679611065_650850873160245608_n.png?_nc_cat=102&amp;ccb=1-3&amp;_nc_sid=730e14&amp;_nc_ohc=NNG9ZuTEMVwAX8MA38n&amp;_nc_ht=scontent.fsti4-2.fna&amp;_nc_tp=30&amp;oh=549b3b5152dd39e31f501b9e732fa8fc&amp;oe=6088670B\" alt=\"Peut \u00eatre une image de texte qui dit \u2019Les priorit\u00e9s de Macron: II n'y a plus que 3 enqu\u00eateurs pour lutter contre la fraude fiscale (+-468 dossiers 100 milliads\/an) au parquet financier contre 12 en 2012 MAIS 400 agents sont embauch\u00e9s pour contr\u00f4ler les ch\u00f4meurs. Le Canard Encha\u00een\u00e9\u2019\" width=\"348\" height=\"300\"\/><\/figure>\n\n\n\n<p><a href=\"https:\/\/media.us17.list-manage.com\/track\/click?u=a9e666741775aaca3293321e6&amp;id=d8b1f85dcf&amp;e=75ed5c80ff\">Cr\u00e9puscule des idoles \u00e9conomiques<\/a> &#8211; Sylvain Piron<\/p>\n\n\n\n<p><a href=\"https:\/\/info.mediapart.fr\/optiext\/optiextension.dll?ID=hLKhHPAqRGcqbd2PK5ILAAOeX%2BldTy6e9aYH1sZYam2kS6gxpmAiCoJ5CdwGzPKYZ9FNtgP6js3dVejNAamh8MpekaLVy\">Proc\u00e8s du Mediator: Servier, condamn\u00e9, s\u2019en sort encore<\/a> (MDP)<\/p>\n\n\n\n<p><a href=\"https:\/\/theconversation.com\/un-an-de-crise-vu-par-les-patrons-des-grandes-entreprises-francaises-157803\">Un an de crise vu par les patrons des grandes entreprises fran\u00e7aises<\/a> (The Conversation)<\/p>\n\n\n\n<p><a href=\"http:\/\/www.regards.fr\/economie\/mad-marx\/article\/derriere-le-debat-sur-la-dette-la-bataille-des-depenses-publiques\">Derri\u00e8re le d\u00e9bat sur la dette, la bataille des d\u00e9penses publiques<\/a> -Bernard Marx (Regards)<\/p>\n\n\n\n<figure class=\"wp-block-image is-resized is-style-default\"><img loading=\"lazy\" decoding=\"async\" src=\"https:\/\/scontent.fsti4-1.fna.fbcdn.net\/v\/t1.6435-9\/166733961_1173952569693876_2594330265173646645_n.jpg?_nc_cat=103&amp;ccb=1-3&amp;_nc_sid=730e14&amp;_nc_ohc=g74kCp_47LsAX-tK4gl&amp;_nc_oc=AQmiuW30sEPNBz6g8GtfSOXkyz8RqTrsciIk_lrVnbvQQmdpPA_9dnusGmkVSlS7qSo&amp;_nc_ht=scontent.fsti4-1.fna&amp;oh=2201f414e0b50fa110c0af144c85e010&amp;oe=60894B8B\" alt=\"Peut \u00eatre une image de plein air et texte qui dit \u2019LE PIRE VIRUS C'EST LE CAPITALISME TALI SME\u2019\" width=\"313\" height=\"402\"\/><\/figure>\n\n\n\n<p><strong><span class=\"has-inline-color has-vivid-red-color\">29 mars en continu<\/span><\/strong><\/p>\n\n\n\n<p><a href=\"https:\/\/www.boursorama.com\/actualite-economique\/actualites\/les-employes-d-amazon-concluent-un-vote-historique-pour-creer-un-syndicat-6437e327cde03ae1230963a395b1c42a\">Les employ\u00e9s d&rsquo;Amazon concluent un vote historique pour cr\u00e9er un syndicat<\/a> &nbsp;(AFP)<\/p>\n\n\n\n<figure class=\"wp-block-image size-large\"><img data-recalc-dims=\"1\" loading=\"lazy\" decoding=\"async\" width=\"386\" height=\"257\" src=\"https:\/\/i0.wp.com\/www.rdpemancipation.org\/wp-content\/uploads\/2021\/03\/image-173.png?resize=386%2C257&#038;ssl=1\" alt=\"\" class=\"wp-image-22857\" srcset=\"https:\/\/i0.wp.com\/www.rdpemancipation.org\/wp-content\/uploads\/2021\/03\/image-173.png?w=386&amp;ssl=1 386w, https:\/\/i0.wp.com\/www.rdpemancipation.org\/wp-content\/uploads\/2021\/03\/image-173.png?resize=300%2C200&amp;ssl=1 300w\" sizes=\"auto, (max-width: 386px) 100vw, 386px\" \/><figcaption><sup>Joshua Brewer pr\u00e9side l&rsquo;antenne locale du syndicat RWDSU, qui pourrait devenir le premier<\/sup><br><sup> \u00e0 repr\u00e9senter des ouvriers d&rsquo;Amazon aux Etats-Unis ( AFP \/ Patrick T. FALLON )<\/sup><\/figcaption><\/figure>\n\n\n\n<p><a href=\"https:\/\/www.boursorama.com\/actualite-economique\/actualites\/emploi-entreprises-les-propositions-de-l-ofce-pour-la-sortie-de-crise-9ad65b04614c57aa82d0994de1c685e9\">Emploi, entreprises: les propositions de l&rsquo;OFCE pour la sortie de crise<\/a> (AFP)<\/p>\n\n\n\n<p><a href=\"https:\/\/www.boursorama.com\/actualite-economique\/actualites\/un-tiers-des-terres-agricoles-a-haut-risque-de-pollution-aux-pesticides-ec998f1cdbb7951eba6a367154964f67\">Un tiers des terres agricoles \u00e0 \u00ab\u00a0haut risque\u00a0\u00bb de pollution aux pesticides<\/a> (AFP)<\/p>\n\n\n\n<p>&nbsp;<a href=\"https:\/\/www.boursorama.com\/videos\/actualites\/nicolas-dufourcq-bpifrance-a-partir-de-septembre-on-va-connaitre-une-catapulte-economique-importante-124c89def241cabf27da6b49d459910b\">Nicolas Dufourcq (Bpifrance) : \u00ab\u00a0A partir de septembre, on va conna\u00eetre une catapulte \u00e9conomique importante !\u00a0\u00bb<\/a> (Ecorama)<\/p>\n\n\n\n<p><a href=\"https:\/\/www.boursorama.com\/actualite-economique\/actualites\/des-ventes-massives-d-actions-a-wall-street-font-trebucher-les-geants-bancaires-de-la-finance-96627f0529d266b741f778080d43d65b\">Des ventes massives d&rsquo;actions \u00e0 Wall Street font tr\u00e9bucher les g\u00e9ants bancaires de la finance<\/a> (Boursorama)<\/p>\n\n\n\n<p><a href=\"https:\/\/www.boursorama.com\/videos\/actualites\/pourquoi-des-bons-du-tresor-us-a-2-peuvent-faire-basculer-les-marches-1cd16bfd03d8df61259087d95ba30d09\">Pourquoi des Bons du Tr\u00e9sor US \u00e0 2% peuvent faire basculer les march\u00e9s !<\/a>(Ecorama)<\/p>\n\n\n\n<p><a href=\"https:\/\/www.boursorama.com\/actualite-economique\/actualites\/air-france-etudie-plusieurs-options-pour-realiser-des-economies-supplementaires-8ce04b37dd560951a1dbe001beafb084\">Air France \u00e9tudie plusieurs options pour r\u00e9aliser des \u00e9conomies suppl\u00e9mentaires<\/a> (AFP)<\/p>\n\n\n\n<p><a href=\"https:\/\/www.boursorama.com\/actualite-economique\/actualites\/covid-paris-et-sa-region-prives-de-15-5-mds-eur-de-recettes-touristiques-en-2020-d5a7ce75d68f7853ca3a0f00d7650851\">Paris et sa r\u00e9gion priv\u00e9s de 15,5 mds EUR de recettes touristiques en 2020<\/a> (AFP)<\/p>\n\n\n\n<p><a href=\"https:\/\/lundi.am\/Internet-et-ideologie\" target=\"_blank\" rel=\"noreferrer noopener\">Internet, ann\u00e9e z\u00e9ro &#8211; De la Silicon Valley \u00e0 la Chine<\/a> &nbsp;(Lundimatin)<\/p>\n\n\n\n<p><a href=\"https:\/\/info.alternatives-economiques.fr\/optiext\/optiextension.dll?ID=F98F9d1sO4ZyW2IGiujKvODdyVw36i1GBN16Q8BQ2m%2BAaOypxfGsUPrVC9I4XBx9ycN6Z5fQvQ6dsHmXjK5MDmHTPDm%2BX\" target=\"_blank\" rel=\"noreferrer noopener\">Quelle est la meilleure solution pour annuler les dettes d\u00e9tenues par la BCE ?<\/a> &nbsp;(Alternatives \u00e9conomiques)<\/p>\n\n\n\n<p><a href=\"https:\/\/info.alternatives-economiques.fr\/optiext\/optiextension.dll?ID=F98F%2B_DmdYKm8QSpTZ0RCOxHnf11g_XArEY%2Bb_w44kMuYnnpxXymvQvSzB3kguzNnPUIvnkgklDpBX41a2PEujccllo3o\" target=\"_blank\" rel=\"noreferrer noopener\">Les 10 meilleures cha\u00eenes en streaming consacr\u00e9es \u00e0 l&rsquo;\u00e9conomie<\/a> &nbsp;(Alternatives \u00e9conomiques)<\/p>\n\n\n\n<p><a href=\"https:\/\/www.humanite.fr\/allemagne-coup-de-froid-sur-le-plan-de-relance-europeen-702041\">Allemagne. Coup de froid sur le plan de relance europ\u00e9en<\/a> &nbsp;(L\u2019Humanit\u00e9)<\/p>\n\n\n\n<p><a href=\"http:\/\/www.contretemps.eu\/dette-femmes-migrations-genre-racisme\/\">La dette : m\u00e9canisme infernal au c\u0153ur de la f\u00e9minisation des migrations<\/a> (Contretemps)<\/p>\n\n\n\n<p><a href=\"https:\/\/www.anti-k.org\/2021\/03\/28\/la-montee-du-capitalisme-et-la-productivite-du-travail-par-michael-roberts\/\">La mont\u00e9e du capitalisme et la productivit\u00e9 du travail par&nbsp;Michael Roberts <\/a>(Anti-K)<\/p>\n\n\n\n<p><a href=\"https:\/\/www.boursorama.com\/actualite-economique\/actualites\/scandale-du-mediator-les-laboratoires-servier-reconnus-coupables-de-tromperie-aggravee-e2f3277db72d04692359801bab22398e\">Scandale du Mediator: les laboratoires Servier reconnus coupables de \u00ab\u00a0tromperie aggrav\u00e9e\u00a0\u00bb<\/a> (AFP)<\/p>\n\n\n\n<figure class=\"wp-block-image size-large is-resized is-style-default\"><img data-recalc-dims=\"1\" loading=\"lazy\" decoding=\"async\" src=\"https:\/\/i0.wp.com\/www.rdpemancipation.org\/wp-content\/uploads\/2021\/03\/image-161.png?resize=426%2C442&#038;ssl=1\" alt=\"\" class=\"wp-image-22758\" width=\"426\" height=\"442\" srcset=\"https:\/\/i0.wp.com\/www.rdpemancipation.org\/wp-content\/uploads\/2021\/03\/image-161.png?w=578&amp;ssl=1 578w, https:\/\/i0.wp.com\/www.rdpemancipation.org\/wp-content\/uploads\/2021\/03\/image-161.png?resize=289%2C300&amp;ssl=1 289w\" sizes=\"auto, (max-width: 426px) 100vw, 426px\" \/><\/figure>\n\n\n\n<figure class=\"wp-block-image is-resized is-style-default\"><img loading=\"lazy\" decoding=\"async\" src=\"https:\/\/scontent.fsti4-1.fna.fbcdn.net\/v\/t1.0-9\/166558342_911819119582176_3316340058248889184_o.jpg?_nc_cat=100&amp;ccb=1-3&amp;_nc_sid=dbeb18&amp;_nc_ohc=yo9VQ5t8SXoAX9tcl2q&amp;_nc_ht=scontent.fsti4-1.fna&amp;oh=c99ad95d8160bce83cb3fb648b8bfe35&amp;oe=608862A4\" alt=\"Peut \u00eatre une image de texte qui dit \u2019Christophe Prudhomme porte-parole l'association des m\u00e9decins urgentistes de France << Si nous avions eu r\u00e9animation....il aurait moins de morts. ont ces morts sur conscience\u00bb h\u00f4pital Robert semblement L'H\u00f4pital n'est pas une entreprise brogatio depuis toutes Sant\u00e9 Kouchner up00 Hollande-Touraine\/ 560 560 MILLIARDS MILLIARDS POUR LES BANQUES ET POUR LES BANQUES ET NON! LES PATRONS NON! LES PATRONS D\u00c9PUT\u00c9S PCF, LFI, PS, POUR L'H\u00c3PITAL! RETIREZ VOTRE SIGNATURE DU VOTE DU 19 MARS QUI POUR EMBAUCHER! OFFRENT 343 MILLIARDS OUVRIR DES LITS! AUX BANQUES ET AUX PATRONS! Sarkozy-Bachelor rectilicative\u2019\" width=\"559\" height=\"267\"\/><\/figure>\n\n\n\n<p><strong><span class=\"has-inline-color has-vivid-red-color\">28 mars en continu<\/span><\/strong><\/p>\n\n\n\n<p><a href=\"https:\/\/www.boursorama.com\/actualite-economique\/actualites\/ue-des-experts-pour-classer-en-vert-les-investissements-dans-le-nucleaire-813f3d09323581dd103a2d511bf3a9f7\">UE : Des experts pour classer en \u00ab\u00a0vert\u00a0\u00bb les investissements dans le nucl\u00e9aire<\/a> &nbsp;(Reuters)<\/p>\n\n\n\n<p><a href=\"https:\/\/www.boursorama.com\/actualite-economique\/actualites\/la-rebellion-chez-goldman-sachs-reflet-d-un-surmenage-attise-par-la-pandemie-53a57150d86dc202fa3bbc2ad7f6d911\">La r\u00e9bellion chez Goldman Sachs, reflet d&rsquo;un surmenage attis\u00e9 par la pand\u00e9mie<\/a> &nbsp;(AFP)<\/p>\n\n\n\n<p><a href=\"http:\/\/www.cadtm.org\/Neoliberalisme-Augmentation-de-l-ecart-salarial-et-cadeaux-fiscaux-au-Capital\">N\u00e9olib\u00e9ralisme : Augmentation de l\u2019\u00e9cart salarial et cadeaux fiscaux au Capital<\/a> (CADTM)<\/p>\n\n\n\n<p><a href=\"https:\/\/www.iris-france.org\/155365-tempetes-a-venir-sur-la-securite-alimentaire-mondiale\/\">Temp\u00eates \u00e0 venir sur la s\u00e9curit\u00e9 alimentaire mondiale ?<\/a> (Iris-France)<\/p>\n\n\n\n<p><a href=\"https:\/\/www.xerficanal.com\/economie\/emission\/Olivier-Passet-La-plongee-dans-un-capitalisme-hyper-flexible-et-hyper-securise_3749489.html\">La plong\u00e9e dans un capitalisme hyper-flexible et hyper-s\u00e9curis\u00e9<\/a> (Xerfi Canal)<\/p>\n\n\n\n<p><a href=\"https:\/\/www.humanite.fr\/revenus-indecents-aides-derisoires-concurrence-comment-les-petits-eleveurs-ont-ete-abandonnes-en#xtor=RSS-1\">Revenus ind\u00e9cents, aides d\u00e9risoires, concurrence&#8230;Les petits \u00e9leveurs ont \u00e9t\u00e9 abandonn\u00e9s&nbsp;<\/a> (L\u2019Humanit\u00e9)<\/p>\n\n\n\n<p><a href=\"https:\/\/www.les-crises.fr\/russeurope-en-exil-limperatif-strategique-et-le-changement-de-paradigme-en-economie-par-jacques-sapir\/\">L\u2019imp\u00e9ratif strat\u00e9gique et le changement de paradigme en \u00e9conomie <\/a>-Jacques Sapir<\/p>\n\n\n\n<p><a href=\"https:\/\/media.us17.list-manage.com\/track\/click?u=a9e666741775aaca3293321e6&amp;id=a90e16f383&amp;e=75ed5c80ff\">La politique \u00e9conomique, maillon faible de l&rsquo;action climatique<\/a> &#8211; Cyrille Cormier<\/p>\n\n\n\n<p><a href=\"https:\/\/blogs.mediapart.fr\/jean-marc-b\/blog\/270321\/quand-la-planete-shabille-le-dessous-des-cartes-docu-arte\">Quand la plan\u00e8te s&rsquo;habille &#8211; Le Dessous des Cartes &#8211;<\/a>Docu Art<a href=\"https:\/\/blogs.mediapart.fr\/jean-marc-b\/blog\/270321\/quand-la-planete-shabille-le-dessous-des-cartes-docu-arte\">e&nbsp;<\/a><\/p>\n\n\n\n<p><a href=\"https:\/\/insolentiae.com\/faites-le-plein-et-si-le-canal-suez-ne-reouvrait-pas-ledito-de-charles-sannat\/\" target=\"_blank\" rel=\"noreferrer noopener\">\u00ab Faites le plein ! Et si le canal Suez ne rouvrait pas ? \u00bb<\/a>&nbsp;(Insolentiae)<\/p>\n\n\n\n<figure class=\"wp-block-image is-resized is-style-default\"><img loading=\"lazy\" decoding=\"async\" src=\"https:\/\/scontent.fhex4-1.fna.fbcdn.net\/v\/t1.0-9\/165860788_1172619503160516_4508672547189994904_n.png?_nc_cat=106&amp;ccb=1-3&amp;_nc_sid=730e14&amp;_nc_ohc=CMZ0EIvS3ukAX_8poDA&amp;_nc_ht=scontent.fhex4-1.fna&amp;oh=977aa021fce377fa67635b155add9cae&amp;oe=6083846B\" alt=\"Peut \u00eatre une image de 1 personne, plein air et texte qui dit \u2019EVER LE MARCH\u00c9 &quot;LE MARCH\u00c9 VA S'AUTOR\u00c9GULER&quot; imgflip.com\u2019\" width=\"328\" height=\"218\"\/><\/figure>\n\n\n\n<p><a href=\"https:\/\/www.philonomist.com\/fr\/entretien\/laffaire-gamestop-revele-linstabilite-structurelle-des-marches-financiers?utm_source=Philonomist&amp;utm_campaign=bcf13d23a9-newsletter1_20181018_FR_COPY_02&amp;utm_medium=email&amp;utm_term=0_ecc4e436bd-bcf13d23a9-218752064\" target=\"_blank\" rel=\"noreferrer noopener\">\u201cL\u2019affaire GameStop r\u00e9v\u00e8le l\u2019instabilit\u00e9 structurelle des march\u00e9s financiers\u201d<\/a>&nbsp;(Philonomist)<\/p>\n\n\n\n<p><a href=\"https:\/\/www.philonomist.com\/fr\/entretien\/le-bitcoin-est-le-signe-que-la-confiance-ne-regne-plus?utm_source=Philonomist&amp;utm_campaign=bcf13d23a9-newsletter1_20181018_FR_COPY_02&amp;utm_medium=email&amp;utm_term=0_ecc4e436bd-bcf13d23a9-218752064\" target=\"_blank\" rel=\"noreferrer noopener\">\u201cLe Bitcoin est le signe que la confiance ne r\u00e8gne plus\u201d<\/a>&nbsp;(Philonomist)<\/p>\n\n\n\n<p><a href=\"https:\/\/insolentiae.com\/dedolarisation-le-ministre-russe-des-affaires-etrangere-remet-le-sujet-sur-le-tapis\/\" target=\"_blank\" rel=\"noreferrer noopener\">Russie.&nbsp;D\u00e9dolarisation ! Le ministre russe des affaires \u00e9trang\u00e8res remet le sujet sur le tapis !<\/a>&nbsp;(Insolentiae)<\/p>\n\n\n\n<p><a href=\"https:\/\/info.mediapart.fr\/optiext\/optiextension.dll?ID=fNMfK_FKzs1_iVc%2B%2BOrV7wASzzH1H_dsBq_WoGy2Qh43arc1nw1918kxeR1HgUBGiIAxviUbWGwzSRiOmtsuujqy%2BlV9s\">Pourquoi la Commune de Paris s\u2019est arr\u00eat\u00e9e aux portes de la Banque de France<\/a> (M\u00e9diapart)<\/p>\n\n\n\n<figure class=\"wp-block-image is-resized is-style-default\"><img loading=\"lazy\" decoding=\"async\" src=\"https:\/\/scontent.fhex4-2.fna.fbcdn.net\/v\/t1.0-9\/165444424_1172644053158061_3766545403929453252_n.png?_nc_cat=111&amp;ccb=1-3&amp;_nc_sid=730e14&amp;_nc_ohc=q0Aiei00Ck0AX9qkAb8&amp;_nc_ht=scontent.fhex4-2.fna&amp;oh=ec420884a7841564965edb55d800d3f5&amp;oe=6085F388\" alt=\"Peut \u00eatre une image de plein air\" width=\"347\" height=\"347\"\/><\/figure>\n\n\n\n<figure class=\"wp-block-image is-resized is-style-default\"><img loading=\"lazy\" decoding=\"async\" src=\"https:\/\/scontent.fhex4-1.fna.fbcdn.net\/v\/t1.0-0\/s261x260\/165769212_10225750222761161_4919584519587415552_n.jpg?_nc_cat=100&amp;ccb=1-3&amp;_nc_sid=dbeb18&amp;_nc_ohc=hcIUXD3sgt0AX_GVz3B&amp;_nc_ht=scontent.fhex4-1.fna&amp;tp=7&amp;oh=2ae90811b5d51634b9e0e07a1a75bf27&amp;oe=60856F0C\" alt=\"Peut \u00eatre un dessin anim\u00e9 de texte\" width=\"337\" height=\"263\"\/><\/figure>\n\n\n\n<p><strong><span class=\"has-inline-color has-vivid-red-color\">27 mars en continu<\/span><\/strong><\/p>\n\n\n\n<p><a href=\"https:\/\/info.alternatives-economiques.fr\/optiext\/optiextension.dll?ID=A45A8KAk0B9uRDsYCZz95B0fE67BL2cR9_5K%2BBUu7Mc5AkBQsxiWjM72wfuptLV4Sh_oR4O82y96yeZIiq0M19J2FkcsO\" target=\"_blank\" rel=\"noreferrer noopener\">Loi Climat et r\u00e9silience : les parlementaires, seuls contre tous<\/a> &nbsp;(Alternatives \u00e9conomiques)<\/p>\n\n\n\n<p><a href=\"https:\/\/www.boursorama.com\/actualite-economique\/actualites\/s-p-confirme-la-note-aaa-de-l-allemagne-et-sa-perspective-stable-9f37da29e29b0c0c2359765e20f8fbc5\">S&amp;P confirme la note AAA de l&rsquo;Allemagne et sa perspective stable<\/a> &nbsp;(AFP)<\/p>\n\n\n\n<p><a href=\"https:\/\/www.lemonde.fr\/economie\/article\/2021\/03\/27\/au-canada-air-liquide-produit-enfin-de-l-hydrogene-sans-emettre-de-dioxyde-de-carbone_6074677_3234.html\">Au Canada, Air Liquide produit enfin de l\u2019hydrog\u00e8ne sans \u00e9mettre de dioxyde de carbone <\/a>&nbsp;(Le Monde)<\/p>\n\n\n\n<p><a href=\"https:\/\/www.lemonde.fr\/economie\/article\/2021\/03\/27\/au-total-100-000-commerces-sont-fermes-en-france_6074664_3234.html\">Au total, 100&nbsp;000&nbsp;commerces sont ferm\u00e9s en France <\/a>&nbsp;(Le Monde)<\/p>\n\n\n\n<p><a href=\"https:\/\/www.lemonde.fr\/pixels\/article\/2021\/03\/27\/premieres-impressions-sur-la-5g-en-ile-de-france-beaucoup-de-bruit-pour-rien_6074683_4408996.html\">Premi\u00e8res impressions sur la 5G en Ile-de-France&nbsp;: beaucoup de bruit pour rien&nbsp;? <\/a>&nbsp;(Le Monde)<\/p>\n\n\n\n<p><a href=\"https:\/\/www.lemonde.fr\/economie\/article\/2021\/03\/27\/l-ancien-site-siderurgique-de-gandrange-veut-profiter-de-l-hydrogene-pour-renaitre-industriellement_6074678_3234.html\">L\u2019ancien site sid\u00e9rurgique de Gandrange veut profiter de l\u2019hydrog\u00e8ne pour rena\u00eetre industriellement <\/a>&nbsp;(Le Monde)<\/p>\n\n\n\n<p><a href=\"https:\/\/www.lemonde.fr\/argent\/article\/2021\/03\/27\/les-aides-a-domicile-pourront-heriter-de-leurs-employeurs-defunts_6074657_1657007.html\">Les aides \u00e0 domicile pourront h\u00e9riter de leurs employeurs d\u00e9funts <\/a>&nbsp;(Le Monde)<\/p>\n\n\n\n<p><a href=\"https:\/\/www.humanite.fr\/contre-feux-bruno-le-maire-le-m-bricolage-de-la-dette-701982\">Contre-feux. Bruno Le Maire, le \u00ab\u2009M.&nbsp;Bricolage\u2009\u00bb de la dette<\/a> (L\u2019Humanit\u00e9)<\/p>\n\n\n\n<p><a href=\"https:\/\/www.connaissancedesenergies.org\/afp\/cigeo-quatre-communes-sopposent-la-declaration-dutilite-publique-210326-0\">Cig\u00e9o : quatre communes s&rsquo;opposent \u00e0 la d\u00e9claration d&rsquo;utilit\u00e9 publique<\/a> &nbsp;(AFP)<\/p>\n\n\n\n<p><a href=\"https:\/\/www.agenceecofin.com\/cereales\/2603-86598-l-igc-anticipe-une-recolte-cerealiere-record-de-2-28-milliards-de-tonnes-en-2021\/2022\">L\u2019IGC, Conseil international des c\u00e9r\u00e9ales, anticipe une r\u00e9colte c\u00e9r\u00e9ali\u00e8re record en 2021\/2022<\/a> (\u00e9cofin)<\/p>\n\n\n\n<figure class=\"wp-block-image size-large is-resized\"><img data-recalc-dims=\"1\" loading=\"lazy\" decoding=\"async\" src=\"https:\/\/i0.wp.com\/www.rdpemancipation.org\/wp-content\/uploads\/2021\/03\/image-149.png?resize=311%2C234&#038;ssl=1\" alt=\"\" class=\"wp-image-22529\" width=\"311\" height=\"234\"\/><\/figure>\n\n\n\n<p><a href=\"http:\/\/www.economiematin.fr\/news-craintes-sur-le-remboursement-des-prets-garantis-par-l-etat\" target=\"_blank\" rel=\"noreferrer noopener\">Craint<\/a><a href=\"http:\/\/www.economiematin.fr\/news-craintes-sur-le-remboursement-des-prets-garantis-par-l-etat\" target=\"_blank\" rel=\"noreferrer noopener\">es sur le remboursement des pr\u00eats garantis par l&rsquo;\u00c9tat<\/a>&nbsp;(Economie matin)<\/p>\n\n\n\n<p><a href=\"https:\/\/www.la-croix.com\/Economie\/Reforme-PAC-document-travail-agite-monde-agricole-2021-03-23-1201147215?utm_source=newsletter&amp;utm_medium=email&amp;utm_content=20210323&amp;utm_campaign=NEWSLETTER__CRX_SOIR_EDITO&amp;PMID=b1f9dfeb7e9eda553552f0b35f0db2b7&amp;_ope=eyJndWlkIjoiYjFmOWRmZWI3ZTllZGE1NTM1NTJmMGIzNWYwZGIyYjcifQ==\" target=\"_blank\" rel=\"noreferrer noopener\">R\u00e9forme de la PAC, le \u00ab&nbsp;document de travail&nbsp;\u00bb qui agite le monde agricole<\/a>&nbsp;(La Croix)<\/p>\n\n\n\n<p><a href=\"https:\/\/www.latribune.fr\/depeches\/reuters\/KBN2BF1VF\/general-mills-cede-sa-part-de-yoplait-en-europe-au-francais-sodiaal.html\" target=\"_blank\" rel=\"noreferrer noopener\">General Mills c\u00e8de sa part de Yoplait en Europe au fran\u00e7ais Sodiaal<\/a>&nbsp;(La Tribune)<\/p>\n\n\n\n<p><a href=\"https:\/\/www.lalettrea.fr\/entreprises_energie-et-environnement\/2021\/03\/23\/les-promesses-non-tenues-de-general-electric-en-france%2C109652367-evl?utm_source=LLA&amp;utm_medium=email&amp;utm_campaign=PROS_EDIT_ART&amp;did=108392778&amp;eid=588176\" target=\"_blank\" rel=\"noreferrer noopener\">Les promesses non tenues de General Electric en France<\/a>&nbsp;(La lettre A)<\/p>\n\n\n\n<p><a href=\"https:\/\/www.humanite.fr\/agroparistech-le-blocus-des-etudiants-tient-bon-contre-la-privatisation-701994#xtor=RSS-1\">Agroparistech. Le blocus des \u00e9tudiants tient bon contre la privatisation<\/a> (L\u2019Humanit\u00e9)<\/p>\n\n\n\n<p><a href=\"https:\/\/www.xerficanal.com\/economie\/emission\/Michel-Aglietta-Le-futur-de-la-monnaie-de-l-hegemonie-du-dollar-a-la-rivalite-chinoise_3749500.html?utm_source=sendinblue&amp;utm_campaign=XC230321&amp;utm_medium=email\" target=\"_blank\" rel=\"noreferrer noopener\">Le futur de la monnaie&nbsp;: de l\u2019h\u00e9g\u00e9monie du dollar \u00e0 la rivalit\u00e9 chinoise<\/a>&nbsp;(Xerfi Canal)<\/p>\n\n\n\n<p><a href=\"http:\/\/variances.eu\/?p=5807\" target=\"_blank\" rel=\"noreferrer noopener\">Ce qu\u2019est la monnaie num\u00e9rique banque centrale<\/a>&nbsp;(Variances)<\/p>\n\n\n\n<p><a href=\"https:\/\/www.letemps.ch\/economie\/inflation-direction-hesitation-apprehension\" target=\"_blank\" rel=\"noreferrer noopener\">Inflation: direction, h\u00e9sitation, appr\u00e9hension<\/a>&nbsp; (Le Temps)<\/p>\n\n\n\n<p><a href=\"https:\/\/leblogalupus.com\/2021\/03\/23\/humour-hyperinflation-on-y-va-tout-droit-par-dmitry-orlov\/\" target=\"_blank\" rel=\"noreferrer noopener\">(humour)&nbsp;<\/a><a href=\"https:\/\/leblogalupus.com\/2021\/03\/23\/humour-hyperinflation-on-y-va-tout-droit-par-dmitry-orlov\/\" target=\"_blank\" rel=\"noreferrer noopener\">Hyperinflation : On y va tout droit Par Dmitry Orlov<\/a>&nbsp;\u2013 le blog \u00e0 Lupus<\/p>\n\n\n\n<p><a href=\"https:\/\/www.capital.fr\/economie-politique\/lallemagne-va-lever-une-dette-record-en-2021-1398018\" target=\"_blank\" rel=\"noreferrer noopener\">L\u2019Allemagne va lever une dette record en 2021<\/a>&nbsp;(Capital)<\/p>\n\n\n\n<p><strong><span class=\"has-inline-color has-vivid-red-color\">26 mars en continu<\/span><\/strong><\/p>\n\n\n\n<p><a href=\"https:\/\/www.mediapart.fr\/journal\/economie\/260321\/le-gouvernement-aussi-perdu-son-pari-economique\">Le gouvernement a aussi perdu son pari \u00e9conomique<\/a> &nbsp;(M\u00e9diapart)<\/p>\n\n\n\n<p><a href=\"https:\/\/www.mediapart.fr\/journal\/france\/260321\/blast-anticor-montebourg-et-le-luxembourg-micmac-autour-dun-donateur\">Blast, Anticor, Montebourg et le Luxembourg : micmac autour d&rsquo;un donateur<\/a> &nbsp;(M\u00e9diapart)<\/p>\n\n\n\n<p><a href=\"https:\/\/www.mediapart.fr\/journal\/economie\/260321\/etats-unis-chine-la-guerre-des-puces-commence\">Etats-Unis-Chine : la guerre des puces a commenc\u00e9<\/a> &nbsp;Martine Orange (M\u00e9diapart)<\/p>\n\n\n\n<p><a href=\"https:\/\/www.boursorama.com\/actualite-economique\/actualites\/washington-envisage-une-taxe-au-kilometre-pour-financer-les-investissements-767767667b98dc3db783682e0754858f\">Washington envisage une taxe au kilom\u00e8tre pour financer les investissements<\/a> (AFP)<\/p>\n\n\n\n<figure class=\"wp-block-image size-large is-resized\"><img data-recalc-dims=\"1\" loading=\"lazy\" decoding=\"async\" src=\"https:\/\/i0.wp.com\/www.rdpemancipation.org\/wp-content\/uploads\/2021\/03\/Capture-routes-USA.png?resize=378%2C161&#038;ssl=1\" alt=\"\" class=\"wp-image-22413\" width=\"378\" height=\"161\" srcset=\"https:\/\/i0.wp.com\/www.rdpemancipation.org\/wp-content\/uploads\/2021\/03\/Capture-routes-USA.png?w=610&amp;ssl=1 610w, https:\/\/i0.wp.com\/www.rdpemancipation.org\/wp-content\/uploads\/2021\/03\/Capture-routes-USA.png?resize=300%2C128&amp;ssl=1 300w\" sizes=\"auto, (max-width: 378px) 100vw, 378px\" \/><\/figure>\n\n\n\n<p>&nbsp;<a href=\"https:\/\/www.boursorama.com\/videos\/actualites\/plan-de-relance-de-l-ue-la-cour-supreme-allemande-suspend-la-ratification-du-plan-f4bfd395eacd38bcb5310113d48423ea\">Plan de relance de l&rsquo;UE : la Cour supr\u00eame allemande suspend la ratification du plan<\/a> &nbsp;(France 24)<\/p>\n\n\n\n<p>&nbsp;<a href=\"https:\/\/www.boursorama.com\/videos\/actualites\/dette-covid-faut-il-la-payer-ou-l-annuler-b1179160d4c64d0d3b86940ff29e840e\">Dette Covid : faut-il la payer ou l&rsquo;annuler ?<\/a> &nbsp;(France 24)<\/p>\n\n\n\n<p><a href=\"https:\/\/www.boursorama.com\/actualite-economique\/actualites\/la-crise-fait-s-envoler-la-dette-et-le-deficit-francais-a-des-niveaux-records-en-2020-e218988efbec6b343032366778d3eb4f\">La crise fait s&rsquo;envoler la dette et le d\u00e9ficit fran\u00e7ais \u00e0 des niveaux records en 2020<\/a> &nbsp;(AFP)<\/p>\n\n\n\n<p><a href=\"https:\/\/www.boursorama.com\/actualite-economique\/actualites\/les-banques-de-la-zone-euro-ont-assez-de-capitaux-pour-traverser-la-crise-dit-le-fmi-651707eb23dad92115da7420e00500a1\">Les banques de la zone euro ont assez de capitaux pour traverser la crise, dit le FMI<\/a> &nbsp;(Reuters)<\/p>\n\n\n\n<p><a href=\"https:\/\/www.boursorama.com\/actualite-economique\/actualites\/arcelormittal-mise-sur-l-acier-recycle-a-fos-avec-une-aide-de-l-etat-de-15-millions-d-euros-5244855e35dffb0e3ab71aedb44b25ed\">ArcelorMittal mise sur l&rsquo;acier recycl\u00e9 \u00e0 Fos, avec une aide de l&rsquo;Etat de 15 millions \u20ac<\/a> &nbsp;(AFP)<\/p>\n\n\n\n<p>&nbsp;<a href=\"https:\/\/www.boursorama.com\/videos\/actualites\/covid-19-l-ue-durcit-son-controle-des-exportations-de-vaccins-bfe3581fd7870f4f6f374e2097a10852\">Covid-19 : l&rsquo;UE durcit son contr\u00f4le des exportations de vaccins<\/a> &nbsp;(France 24)<\/p>\n\n\n\n<p><a href=\"https:\/\/www.boursorama.com\/actualite-economique\/actualites\/cotisations-sociales-des-remises-partielles-accordees-aux-entreprises-en-difficulte-920b084b73f83b2420a2c72dd40046d2\">Cotisations sociales : des remises partielles accord\u00e9es aux entreprises en difficult\u00e9<\/a> &nbsp;(Boursorama)<\/p>\n\n\n\n<p><a href=\"https:\/\/www.boursorama.com\/actualite-economique\/actualites\/le-projet-nord-stream-2-sera-acheve-cette-annee-dit-gazprom-01f59b6da949b1026ebf48f9e8c80f00\">Le projet Nord Stream 2 sera achev\u00e9 cette ann\u00e9e, dit Gazprom<\/a> &nbsp;(Reuters)<\/p>\n\n\n\n<figure class=\"wp-block-image size-large\"><img data-recalc-dims=\"1\" loading=\"lazy\" decoding=\"async\" width=\"286\" height=\"176\" src=\"https:\/\/i0.wp.com\/www.rdpemancipation.org\/wp-content\/uploads\/2021\/03\/image-145.png?resize=286%2C176&#038;ssl=1\" alt=\"\" class=\"wp-image-22411\"\/><\/figure>\n\n\n\n<p><a href=\"https:\/\/www.boursorama.com\/actualite-economique\/actualites\/reforme-de-l-assurance-chomage-jusqu-a-1-15-million-de-nouveaux-demandeurs-d-emploi-pourraient-voir-leurs-allocations-baisser-c277dc50b3d4c6c2bcdcaf0ad4d8350c\">R\u00e9forme de l&rsquo;assurance ch\u00f4mage : jusqu&rsquo;\u00e0 1,15 million de nouveaux demandeurs d&#8217;emploi pourraient voir leurs allocations baisser<\/a> &nbsp;(Boursorama)<\/p>\n\n\n\n<p><a href=\"https:\/\/www.boursorama.com\/actualite-economique\/actualites\/les-mesures-de-soutien-a-l-economie-francaise-devraient-couter-32-milliards-d-euros-en-2021-90014fe48deeed08248d099f93dce1ae\">Les mesures de soutien \u00e0 l&rsquo;\u00e9conomie fran\u00e7aise devraient co\u00fbter 32 milliards \u20ac en 2021<\/a> &nbsp;(AFP)<\/p>\n\n\n\n<p><a href=\"https:\/\/www.boursorama.com\/actualite-economique\/actualites\/france-dette-publique-record-mais-moindre-que-redoute-en-2020-6ec8b7dc65d8ee5464a3b8b6071cf707\">France : Dette publique record mais moindre que redout\u00e9 en 2020<\/a> &nbsp;(Reuters)<\/p>\n\n\n\n<p><a href=\"https:\/\/www.connaissancedesenergies.org\/afp\/edf-les-syndicats-reclament-une-hausse-immediate-du-tarif-de-lelectricite-nucleaire-bas-prix-210326\">EDF : les syndicats r\u00e9clament une hausse \u00ab\u00a0imm\u00e9diate\u00a0\u00bb du tarif de l&rsquo;\u00e9lectricit\u00e9 nucl\u00e9aire \u00e0 bas prix<\/a> &nbsp;(AFP)<\/p>\n\n\n\n<p><a href=\"https:\/\/www.connaissancedesenergies.org\/afp\/les-carburants-durables-indispensables-pour-decarboner-laviation-210326\">Les \u00ab SAF \u00bb, carburants durables indispensables pour d\u00e9carboner l&rsquo;aviation<\/a> &nbsp;(AFP)<\/p>\n\n\n\n<p><a href=\"https:\/\/www.connaissancedesenergies.org\/afp\/usa-le-puissant-lobby-petrolier-soutient-lidee-dinstaurer-un-prix-du-carbone-210325-0\">\u00c9tats-Unis : le puissant lobby p\u00e9trolier API soutient officiellement l&rsquo;id\u00e9e de fixer un prix du carbone<\/a> &nbsp;(AFP)<\/p>\n\n\n\n<p><a href=\"https:\/\/info.alternatives-economiques.fr\/optiext\/optiextension.dll?ID=lPOlOKgkFJAnjzIyI_v9lR9SXdqhq9R0FLSwSB73NYZcI697cv59dwAnXjorAiMaYzBLQTdRcpcY0g7pAwoX_zCVdbpt_\" target=\"_blank\" rel=\"noreferrer noopener\">Projet Hercule&nbsp;: un d\u00e9mant\u00e8lement au profit du priv\u00e9&nbsp;?<\/a> &nbsp;(Alternatives \u00e9conomiques)<\/p>\n\n\n\n<p><a href=\"https:\/\/info.alternatives-economiques.fr\/optiext\/optiextension.dll?ID=kOPkP82puLF_D4%2Bq14eeZuitiE3SXWY_pNfILG4ZvIjiMRA6dgZITWbZ1MITgxmi65mST6oPw_gCybpOyzOx5DqnCrOsL\" target=\"_blank\" rel=\"noreferrer noopener\">Fraude fiscale, fraude sociale&nbsp;: ne pas se tromper de cible&nbsp;!<\/a> &nbsp;(Alternatives \u00e9conomiques)<\/p>\n\n\n\n<p><a href=\"https:\/\/www.politis.fr\/articles\/2021\/03\/privatisations-le-calendrier-du-demantelement-dedf-se-precise-42984\/\">Privatisations : Le calendrier du d\u00e9mant\u00e8lement d\u2019EDF se pr\u00e9cise &#8211; Politis<\/a> (Politis)&nbsp;<\/p>\n\n\n\n<p><a href=\"https:\/\/www.boursorama.com\/actualite-economique\/actualites\/vaccins-le-retard-de-l-ue-pourrait-couter-123-milliards-d-euros-en-2021-euler-hermes-f900edab708d99b8a599183e25bb3b85\">Vaccins: le retard de l&rsquo;UE pourrait co\u00fbter 123 milliards d&rsquo;euros en 2021 (Euler Hermes)<\/a> (AFP)<\/p>\n\n\n\n<p><a href=\"http:\/\/link.listes.cafepedagogique.net\/m\/surl\/200138\/508198\/57jiELM2WYEPq6yAbSktt3FKF-B12viezBEiZxMr5xU=\/link_23\/gL-4j6WrwSoaSG8If1vWz6Dcty5pJWl4sYGfUjJpqEcFxo8XTebZhV0A1LuZHSstyHnrCl3flr863eft4HIjK1matXh1jwbuKGHPMBGrFwK9dF0KD3pGjVxvpr9M6W7TJujLNpr52qh2XM8M2ygmPo58cPIZf0JnltV6f7x2qYreEqErt+1NovLKFfOTDbkprpco67D-kgPR9pRIR6iWn3UnUuXirg+ghgZTIg5371YI-1j85yjh56TiTCjEQ3hyGfrDuQ7ffbi++NwNwyki7j2aHDiWqjelP6hghhf3h+Gom+JVREdI8CZky81aMHaL\">EMC : Jouer avec un Monopoly des in\u00e9galit\u00e9s<\/a> (Caf\u00e9 p\u00e9dagogique)<\/p>\n\n\n\n<figure class=\"wp-block-image is-resized is-style-default\"><img loading=\"lazy\" decoding=\"async\" src=\"https:\/\/scontent.fhex4-1.fna.fbcdn.net\/v\/t1.0-0\/p526x296\/165123577_1171378203284646_799227851191516735_n.png?_nc_cat=105&amp;ccb=1-3&amp;_nc_sid=730e14&amp;_nc_ohc=WFcb7-XRj8MAX_QOkx9&amp;_nc_ht=scontent.fhex4-1.fna&amp;_nc_tp=30&amp;oh=d238734787a3a51cc1336630637f59c9&amp;oe=60839F72\" alt=\"Peut \u00eatre une image de texte qui dit \u2019Les 1% les plus riches grands gagnants de la croissance depuis 40 ans Croissance des revenus depuis les ann\u00e9es 1980 200 Revenus des 1% les plus riches 150 100 50 20 30 40 50 60 70 80 90 99 99,9 99,99 99,999 Source: World inequality lab\u2019\" width=\"339\" height=\"381\"\/><figcaption><sub>En France, merci \u00e0 Mitterrand et autres politiciens de \u00ab\u00a0gauche\u00a0\u00bb<\/sub><\/figcaption><\/figure>\n\n\n\n<p><a href=\"https:\/\/www.humanite.fr\/proces-ubs-nicolas-forissier-lanceur-dalerte-une-evasion-fiscale-lechelle-industrielle-701999#xtor=RSS-1\">Proc\u00e8s UBS. Nicolas Forissier, lanceur d&rsquo;alerte : \u00ab Une \u00e9vasion fiscale \u00e0 l\u2019\u00e9chelle industrielle \u00bb<\/a> (L\u2019Humanit\u00e9)&nbsp;<\/p>\n\n\n\n<figure class=\"wp-block-image is-resized is-style-default\"><img loading=\"lazy\" decoding=\"async\" src=\"https:\/\/scontent.fhex4-2.fna.fbcdn.net\/v\/t1.0-9\/164708059_4005210039500041_856939509203721354_n.jpg?_nc_cat=108&amp;ccb=1-3&amp;_nc_sid=dbeb18&amp;_nc_ohc=_CZ0XoXfkXYAX-EHlyC&amp;_nc_ht=scontent.fhex4-2.fna&amp;oh=5e6b114f786f502ea73452bf5d0fab26&amp;oe=608474CD\" alt=\"Peut \u00eatre une image de texte qui dit \u2019Vous pouvez poser \u00e7a ici, car l\u00e0 o\u00f9 vous allez vous n'en aurez pas besoin. PoTiy Cupcn\u2019\" width=\"376\" height=\"331\"\/><\/figure>\n\n\n\n<p><strong><span class=\"has-inline-color has-vivid-red-color\">25 mars en continu<\/span><\/strong><\/p>\n\n\n\n<p><a href=\"https:\/\/www.atterres.org\/article\/rapport-arthuis-non-rien\" target=\"_blank\" rel=\"noreferrer noopener\">Rapport Arthuis ? Non, rien<\/a> (\u00c9conomistes atterr\u00e9s, Henri Sterdyniak)<\/p>\n\n\n\n<p><a href=\"https:\/\/www.boursorama.com\/actualite-economique\/actualites\/pole-emploi-missions-locales-secu-la-cgt-reclame-un-plan-d-urgence-b66b319bc2a4ab1780bafdcd8c46876a\">P\u00f4le emploi, missions locales, S\u00e9cu: la CGT r\u00e9clame un \u00ab\u00a0plan d&rsquo;urgence\u00a0\u00bb<\/a> &nbsp;(AFP)<\/p>\n\n\n\n<p><a href=\"https:\/\/www.boursorama.com\/actualite-economique\/actualites\/le-prix-de-l-eau-a-augmente-de-plus-de-10-en-moyenne-en-dix-ans-807092318f4de806b92028ce19f49569\">Le prix de l&rsquo;eau a augment\u00e9 de plus de 10% en moyenne en dix ans<\/a> &nbsp;(Boursorama)<\/p>\n\n\n\n<p>&nbsp;<a href=\"https:\/\/www.boursorama.com\/videos\/actualites\/blocage-du-canal-de-suez-le-commerce-mondial-tourne-au-ralenti-ab8b349df6fe283537d40ddeb18e1c6b\">Blocage du Canal de Suez : le commerce mondial tourne au ralenti<\/a> &nbsp;(France 24)<\/p>\n\n\n\n<p>&nbsp;<a href=\"https:\/\/www.boursorama.com\/videos\/actualites\/que-se-passe-t-il-sur-le-marche-europeen-du-carbone-a4474f835bd2fbca8eab30a10d9d77a1\">Que se passe-t-il sur le march\u00e9 europ\u00e9en du carbone ?<\/a> &nbsp;(Ecorama)<\/p>\n\n\n\n<p><a href=\"https:\/\/www.boursorama.com\/actualite-economique\/actualites\/la-production-automobile-mondiale-a-chute-de-16-en-2020-74693a506ceef2ebb5b1a2db15dfa030\">La production automobile mondiale a chut\u00e9 de 16% en 2020<\/a> &nbsp;(AFP)<\/p>\n\n\n\n<p><a href=\"https:\/\/www.boursorama.com\/actualite-economique\/actualites\/covid-19-chaque-semaine-de-retard-en-matiere-de-vaccination-pourrait-couter-3-milliards-d-euros-a-l-economie-francaise-1352e284c29acbbb19c34ff4f9796159\">Chaque semaine de retard en mati\u00e8re de vaccination pourrait co\u00fbter \u00ab\u00a03 milliards d&rsquo;euros \u00e0 l&rsquo;\u00e9conomie fran\u00e7aise\u00a0\u00bb<\/a> (Boursorama)<\/p>\n\n\n\n<p><a href=\"https:\/\/www.boursorama.com\/actualite-economique\/actualites\/les-pauvres-sous-representes-dans-le-futur-cese-s-indignent-des-associations-0ee476c62fb76257021e474f08a1bdbc\">Les pauvres sous-repr\u00e9sent\u00e9s dans le futur CESE, s&rsquo;indignent des associations<\/a> (AFP)<\/p>\n\n\n\n<p><a href=\"https:\/\/www.boursorama.com\/actualite-economique\/actualites\/la-commission-europeenne-presente-son-plan-d-action-pour-developper-l-agriculture-biologique-8bca0f050ce320e650f2e2117cd930f9\">La Commission europ\u00e9enne pr\u00e9sente son plan d&rsquo;action pour d\u00e9velopper l&rsquo;agriculture biologique<\/a> &nbsp;(Reuters)<\/p>\n\n\n\n<p>&nbsp;<a href=\"https:\/\/www.boursorama.com\/videos\/actualites\/crise-sanitaire-un-an-apres-premier-bilan-des-prets-garantis-par-l-etat-1941c44ff84f3fee3429485aa908bf20\">Crise sanitaire : un an apr\u00e8s, premier bilan des pr\u00eats garantis par l&rsquo;\u00c9tat<\/a> (France 24)<\/p>\n\n\n\n<p><a href=\"https:\/\/www.boursorama.com\/actualite-economique\/actualites\/les-francais-vont-debourser-880-euros-en-moyenne-pour-leur-mutuelle-en-2021-b8808d7932f06c9e84b1a03d80bde662\">Les Fran\u00e7ais vont d\u00e9bourser 880 euros en moyenne pour leur mutuelle en 2021<\/a> (Boursorama)<\/p>\n\n\n\n<p><a href=\"https:\/\/www.agenceecofin.com\/cuivre\/2303-86465-le-cuivre-vers-de-nouveaux-records\">Le cuivre vers de nouveaux records<\/a> (\u00e9cofin)<\/p>\n\n\n\n<p><a href=\"https:\/\/www.agenceecofin.com\/or\/2203-86421-secoue-par-la-reprise-de-l-economie-mondiale-l-or-a-recule-de-8-depuis-le-debut-de-l-annee\">Secou\u00e9 par la reprise de l\u2019\u00e9conomie mondiale, l\u2019or a recul\u00e9 de 8&nbsp;% depuis le d\u00e9but de l\u2019ann\u00e9e<\/a> &nbsp;(\u00e9cofin)<\/p>\n\n\n\n<p><a href=\"https:\/\/www.connaissancedesenergies.org\/afp\/renouvelables-voltalia-affiche-un-benefice-net-2020-en-forte-progression-210325\">Renouvelables : Voltalia affiche un b\u00e9n\u00e9fice net 2020 en forte progression<\/a> &nbsp;(AFP)<\/p>\n\n\n\n<p><a href=\"https:\/\/info.alternatives-economiques.fr\/optiext\/optiextension.dll?ID=v32v3ef1%2BT599QjRKCiUFA9reJAgqXX6wnCJVwpogoo2Q1_fC0XFKJXFCQtObbLAPGf0KSrEHE331aeHYRFXJR0qULeDa\" target=\"_blank\" rel=\"noreferrer noopener\">O\u00f9 va l\u2019OCDE dirig\u00e9e par un ultra-lib\u00e9ral australien&nbsp;?<\/a> &nbsp;(Alternatives \u00e9conomiques)<\/p>\n\n\n\n<p><a href=\"https:\/\/www.tresor.economie.gouv.fr\/Articles\/2021\/03\/23\/un-mecanisme-d-ajustement-carbone-aux-frontieres-de-l-union-europeenne\" target=\"_blank\" rel=\"noreferrer noopener\">Un m\u00e9canisme d&rsquo;ajustement carbone aux fronti\u00e8res de l&rsquo;Union europ\u00e9enne<\/a> &nbsp;(Tr\u00e9sor-Eco)<\/p>\n\n\n\n<p><a href=\"http:\/\/t.nl.france3.fr\/r\/?id=h56e22047%2C62a439c8%2C5f067d29&amp;p1=726375-1613287517-668363dc&amp;s=GIZjnRIjvFyZnntVqVLG8mTkwkEz8uB5dhyLOg3KoWk\">Belfort : l\u2019intersyndicale menace de porter plainte contre l&rsquo;Am\u00e9ricain General Electric pour&nbsp;non-respect&nbsp;des accords<\/a> (France 3)<\/p>\n\n\n\n<p><strong><span class=\"has-inline-color has-vivid-red-color\">24 mars en continu<\/span><\/strong><\/p>\n\n\n\n<p><a href=\"https:\/\/www.boursorama.com\/actualite-economique\/actualites\/le-blocage-du-canal-de-suez-fait-bondir-de-5-les-cours-du-petrole-68eaefaa92e04866eaea3da5ae6aa82f\">Le blocage du canal de Suez fait bondir de 5% les cours du p\u00e9trole<\/a> (AFP)<\/p>\n\n\n\n<p><a href=\"https:\/\/www.boursorama.com\/actualite-economique\/actualites\/secu-le-retour-a-l-equilibre-plus-important-que-le-remboursement-de-la-dette-rapport-996ae78fb20f1282ea3a7fb37aaadfec\">Le retour \u00e0 l&rsquo;\u00e9quilibre de la s\u00e9cu est plus important que le remboursement de la dette <\/a>(AFP)<\/p>\n\n\n\n<p><a href=\"https:\/\/www.boursorama.com\/actualite-economique\/actualites\/allemagne-le-gouvernement-approuve-un-montant-record-de-nouvelles-dettes-pour-2021-bb1e9b6f48a0962aa0652f08ed30482a\">Allemagne : le gouvernement approuve un montant record de nouvelles dettes pour 2021<\/a> (AFP)<\/p>\n\n\n\n<p><a href=\"https:\/\/www.boursorama.com\/videos\/actualites\/ces-green-bonds-qui-connaissent-un-developpement-fulgurant-507930aa9edd6e5d7ea979412b32db6f\">Ces \u00ab\u00a0green bonds\u00a0\u00bb qui connaissent un d\u00e9veloppement fulgurant !<\/a> &nbsp;(Ecorama)<\/p>\n\n\n\n<p><a href=\"https:\/\/www.boursorama.com\/actualite-economique\/actualites\/quatre-ex-dirigeants-de-mcdonald-s-en-garde-a-vue-pour-des-soupcons-de-fraude-fiscale-e0d95134934ea3a245d6f9ea11405d9e\">Quatre ex-dirigeants de McDonald&rsquo;s en garde \u00e0 vue pour des soup\u00e7ons de fraude fiscale<\/a> &nbsp;(AFP)<\/p>\n\n\n\n<p><a href=\"https:\/\/www.boursorama.com\/actualite-economique\/actualites\/investissements-etrangers-275-controles-effectues-par-bercy-en-2020-548b585db9d63add7e1177c014a80506\">Investissements \u00e9trangers : 275 contr\u00f4les effectu\u00e9s par Bercy en 2020<\/a> &nbsp;(Boursorama)<\/p>\n\n\n\n<p><a href=\"https:\/\/www.boursorama.com\/videos\/actualites\/quand-le-nombre-de-billets-en-circulation-ne-cesse-d-augmenter-014d672d3ad02c3cfbb4df7c1f53bacb\">Quand le nombre de billets en circulation ne cesse d&rsquo;augmenter&#8230;<\/a> (Ecorama)<\/p>\n\n\n\n<p><a href=\"https:\/\/www.boursorama.com\/actualite-economique\/actualites\/commerce-en-ligne-les-litiges-ont-augmente-de-plus-de-35-avec-la-crise-du-covid-19-f83b09ab7b638b518e7d4a79c3eaec72\">Commerce en ligne : les litiges ont augment\u00e9 de plus de 35% avec la crise du Covid-19<\/a> (Boursorama)<\/p>\n\n\n\n<p><a href=\"https:\/\/www.boursorama.com\/actualite-economique\/actualites\/trop-de-publicite-pour-les-suv-denonce-le-wwf-f1f773fa739129d3f82c4654f5aefcdc\">Trop de publicit\u00e9 pour les SUV, d\u00e9nonce le WWF<\/a> (Boursorama)<\/p>\n\n\n\n<p><a href=\"https:\/\/www.boursorama.com\/actualite-economique\/actualites\/accor-le-plan-social-aurait-existe-avec-ou-sans-covid-assure-son-pdg-sebastien-bazin-44fccd26c7b146382692e5d2ecdeec75\">Accor : le plan social \u00ab\u00a0aurait exist\u00e9\u00a0\u00bb, \u00ab\u00a0avec ou sans Covid\u00a0\u00bb, assure son PDG S\u00e9bastien Bazin<\/a> (Boursorama)<\/p>\n\n\n\n<p><a href=\"https:\/\/www.boursorama.com\/actualite-economique\/actualites\/les-trois-principaux-fabricants-de-sandwiches-pour-la-grande-distribution-sanctionnes-pour-entente-357cd6161b67a07848b0ade5e36c778c\">Les trois principaux fabricants de sandwiches pour la grande distribution sanctionn\u00e9s pour \u00ab\u00a0entente\u00a0\u00bb<\/a> (AFP)<\/p>\n\n\n\n<p><a href=\"https:\/\/www.boursorama.com\/actualite-economique\/actualites\/allemagne-l-institut-ifo-abaisse-sa-prevision-de-croissance-en-2021-15f34adb8882e12d386e38ba603a2cc2\">Allemagne : L&rsquo;institut Ifo abaisse sa pr\u00e9vision de croissance en 2021<\/a> REUTERS<\/p>\n\n\n\n<p><a href=\"https:\/\/www.boursorama.com\/actualite-economique\/actualites\/blanchiment-un-registre-public-des-beneficiaires-de-transactions-illicites-bientot-disponible-ff3bd5d789391066b967b1d2ea44b5d2\">Blanchiment : un registre public des b\u00e9n\u00e9ficiaires de transactions illicites bient\u00f4t disponible<\/a> (Boursorama)<\/p>\n\n\n\n<p><a href=\"https:\/\/www.boursorama.com\/actualite-economique\/actualites\/le-fmi-considere-une-proposition-pour-une-augmentation-de-650-milliards-de-dollars-de-ses-reserves-efb90d4cfcc10be6d7800b4e9c8922e1\">Le FMI consid\u00e8re une proposition pour une augmentation de 650 milliards $ de ses r\u00e9serves<\/a> &nbsp;(Reuters)<\/p>\n\n\n\n<figure class=\"wp-block-image size-large is-resized\"><img data-recalc-dims=\"1\" loading=\"lazy\" decoding=\"async\" src=\"https:\/\/i0.wp.com\/www.rdpemancipation.org\/wp-content\/uploads\/2021\/03\/Capture-Kristalina.png?resize=420%2C216&#038;ssl=1\" alt=\"\" class=\"wp-image-22045\" width=\"420\" height=\"216\" srcset=\"https:\/\/i0.wp.com\/www.rdpemancipation.org\/wp-content\/uploads\/2021\/03\/Capture-Kristalina.png?w=700&amp;ssl=1 700w, https:\/\/i0.wp.com\/www.rdpemancipation.org\/wp-content\/uploads\/2021\/03\/Capture-Kristalina.png?resize=300%2C155&amp;ssl=1 300w\" sizes=\"auto, (max-width: 420px) 100vw, 420px\" \/><figcaption><sup>Kristalina Georgieva, directrice g\u00e9n\u00e9rale du FMI<\/sup><\/figcaption><\/figure>\n\n\n\n<p><a href=\"https:\/\/www.boursorama.com\/actualite-economique\/actualites\/face-a-la-penurie-de-puces-intel-va-investir-20-milliards-de-dollars-dans-des-usines-americaines-2b77ff594bf43e77a82f9b4dda258b09\">Face \u00e0 la p\u00e9nurie de puces, Intel va investir 20 milliards de dollars dans des usines am\u00e9ricaines<\/a> (AFP)<\/p>\n\n\n\n<p><a href=\"https:\/\/www.connaissancedesenergies.org\/afp\/electricite-trois-hivers-sous-vigilance-pour-la-france-previent-rte-210324\">Electricit\u00e9 : trois hivers sous vigilance pour la France, pr\u00e9vient RTE<\/a> &nbsp;(AFP)<\/p>\n\n\n\n<p><a href=\"https:\/\/www.connaissancedesenergies.org\/afp\/les-financements-des-energies-fossiles-par-les-banques-ont-augmente-depuis-laccord-de-paris-210324\">Les financements des \u00e9nergies fossiles par les banques ont augment\u00e9 depuis l&rsquo;accord de Paris<\/a> &nbsp;(AFP)<\/p>\n\n\n\n<p><a href=\"https:\/\/www.connaissancedesenergies.org\/afp\/isere-inquietudes-concernant-photowatt-specialiste-du-photovoltaique-et-filiale-edf-210323\">Is\u00e8re : inqui\u00e9tudes concernant Photowatt, sp\u00e9cialiste du photovolta\u00efque et filiale EDF<\/a> &nbsp;(AFP)<\/p>\n\n\n\n<p><a href=\"https:\/\/www.connaissancedesenergies.org\/afp\/dresser-rand-siemens-au-havre-la-justice-donne-raison-au-cse-210323\">Dresser Rand (Siemens) au Havre : la justice donne raison au CSE<\/a> &nbsp;(AFP)<\/p>\n\n\n\n<p><a href=\"https:\/\/www.connaissancedesenergies.org\/afp\/gaz-en-plein-essor-le-gnl-se-presente-comme-allie-du-climat-sans-toujours-convaincre-210323-0\">Le GNL a poursuivi son essor en 2020 malgr\u00e9 la crise<\/a> &nbsp;(AFP)<\/p>\n\n\n\n<p><a href=\"https:\/\/www.connaissancedesenergies.org\/afp\/transition-energetique-air-liquide-prevoit-de-tripler-ses-ventes-dhydrogene-dici-2035-210323\">Hydrog\u00e8ne : Air Liquide pr\u00e9voit de tripler son chiffre d&rsquo;affaires d&rsquo;ici 2035<\/a> &nbsp;(AFP)<\/p>\n\n\n\n<p><a href=\"https:\/\/info.mediapart.fr\/optiext\/optiextension.dll?ID=WstWsE59yG%2ByBRuzJ14JO2DdSJ1ruGlBku6BO6N69wFo%2BTiG4Ceog4zILnGj9FOMtVOoCaxyObCea6FKAit2RLMQzIs4K\">Dette publique, penser le long terme<\/a> -Les \u00c9conomistes Atterr\u00e9s<\/p>\n\n\n\n<p><a href=\"https:\/\/www.capital.fr\/economie-politique\/la-mondialisation-ne-recule-pas-elle-change-de-visage-1397734\">\u00ab\u00a0La mondialisation ne recule pas : elle change de visage\u00a0\u00bb<\/a> (Capital)<\/p>\n\n\n\n<p><a href=\"https:\/\/lanticapitaliste.org\/actualite\/social\/penuries-de-puces-electroniques-un-cas-decole-dincompetence-du-capitalisme\">P\u00e9nuries de puces \u00e9lectroniques\u2009: un cas d\u2019\u00e9cole d\u2019incomp\u00e9tence du capitalisme<\/a> (L\u2019Anticapitaliste)<\/p>\n\n\n\n<figure class=\"wp-block-image size-large is-resized\"><img data-recalc-dims=\"1\" loading=\"lazy\" decoding=\"async\" src=\"https:\/\/i0.wp.com\/www.rdpemancipation.org\/wp-content\/uploads\/2021\/03\/Capture-puces.png?resize=444%2C156&#038;ssl=1\" alt=\"\" class=\"wp-image-22049\" width=\"444\" height=\"156\" srcset=\"https:\/\/i0.wp.com\/www.rdpemancipation.org\/wp-content\/uploads\/2021\/03\/Capture-puces.png?w=697&amp;ssl=1 697w, https:\/\/i0.wp.com\/www.rdpemancipation.org\/wp-content\/uploads\/2021\/03\/Capture-puces.png?resize=300%2C105&amp;ssl=1 300w\" sizes=\"auto, (max-width: 444px) 100vw, 444px\" \/><\/figure>\n\n\n\n<p><a href=\"https:\/\/www.bastamag.net\/Les-assistes-de-la-France-d-en-haut-Observatoire-des-inegalites-niches-fiscales-reduction-impot\">Les assist\u00e9s de la France d\u2019en haut&nbsp;: 86 milliards d\u2019euros de \u00ab&nbsp;niches fiscales&nbsp;\u00bb et bien d\u2019autres \u00ab&nbsp;avantages&nbsp;\u00bb<\/a> (Basta)<\/p>\n\n\n\n<p><a href=\"https:\/\/www.anti-k.org\/2021\/03\/23\/les-contrats-des-vaccins-sont-illegaux\/\">Les contrats des vaccins sont ill\u00e9gaux ?&nbsp;<\/a> (Anti-K)<\/p>\n\n\n\n<p><a href=\"https:\/\/www.humanite.fr\/la-filiere-volaille-face-la-flambee-des-couts-de-production-701922#xtor=RSS-1\">La fili\u00e8re volaille face \u00e0 la flamb\u00e9e des co\u00fbts de production<\/a> (L\u2019Humanit\u00e9)<\/p>\n\n\n\n<p><a href=\"https:\/\/lanticapitaliste.org\/opinions\/ecologie\/agro-industrie-en-bretagne-comprendre-comment-sest-mise-en-place-cette-nouvelle\">Agro-industrie en Bretagne\u2002:&nbsp; nouvelle fa\u00e7on d\u2019ali\u00e9ner les hommes et les b\u00eates\u2009\u00bb<\/a> (L\u2019Anticapitaliste)<\/p>\n\n\n\n<p><a href=\"http:\/\/cadtm.org\/Video-SYSTEM-DETT-Devenez-un-riche-creancier\">[Video] \u00ab SYST\u00cbM D\u00cbTT &#8211; Devenez un riche cr\u00e9ancier ! \u00bb<\/a> (CADTM)<\/p>\n\n\n\n<p><a href=\"http:\/\/www.apple.fr\">Lalilo : Quand l&rsquo;Education nationale finance le d\u00e9veloppement d&rsquo;une startup am\u00e9ricaine&#8230;<\/a> (Caf\u00e9 P\u00e9dagogique)<\/p>\n\n\n\n<figure class=\"wp-block-image size-large is-resized is-style-default\"><img data-recalc-dims=\"1\" loading=\"lazy\" decoding=\"async\" src=\"https:\/\/i0.wp.com\/www.rdpemancipation.org\/wp-content\/uploads\/2021\/03\/image-133.png?resize=342%2C377&#038;ssl=1\" alt=\"\" class=\"wp-image-22004\" width=\"342\" height=\"377\"\/><\/figure>\n\n\n\n<p><strong><span class=\"has-inline-color has-vivid-red-color\">23 mars en continu<\/span><\/strong><\/p>\n\n\n\n<p><a href=\"https:\/\/www.boursorama.com\/actualite-economique\/actualites\/accord-de-relance-de-216-millions-d-euros-entre-la-metropole-de-lyon-et-l-etat-b2ba3ea983f22df54fad9ed931fc5a00\">Accord de relance de 216 millions d&rsquo;euros entre la m\u00e9tropole de Lyon et l&rsquo;Etat<\/a> &nbsp;(AFP)<\/p>\n\n\n\n<p><a href=\"https:\/\/www.boursorama.com\/actualite-economique\/actualites\/powell-reaffirme-que-le-risque-inflationniste-reste-faible-3afc59d44a38f6e32b3ab6906bdd91aa\">Powell r\u00e9affirme que le risque inflationniste reste faible<\/a> &nbsp;(Reuters)<\/p>\n\n\n\n<p><a href=\"https:\/\/www.boursorama.com\/videos\/actualites\/faut-il-avoir-peur-du-retour-de-l-inflation-d03c2eefcb0d5a331ae10d6488a23105\">Faut-il avoir peur du retour de l&rsquo;inflation ?<\/a> (Ecorama)<\/p>\n\n\n\n<p><a href=\"https:\/\/www.boursorama.com\/actualite-economique\/actualites\/la-reprise-economique-en-espagne-sera-retardee-dit-la-banque-centrale-426c704b17ceaba5d0b17d2f19579c5e\">La reprise \u00e9conomique en Espagne sera retard\u00e9e, dit la banque centrale<\/a> (Reuters)<\/p>\n\n\n\n<p><a href=\"https:\/\/www.boursorama.com\/actualite-economique\/actualites\/marine-le-pen-veut-rembourser-la-dette-sans-toucher-aux-retraites-ni-aux-impots-d95863bf01bda8873fc1fba5f9fcf0e7\">Marine Le Pen veut rembourser la dette sans toucher aux retraites ni aux imp\u00f4ts<\/a> &nbsp;(AFP)<\/p>\n\n\n\n<p><a href=\"https:\/\/www.boursorama.com\/actualite-economique\/actualites\/penurie-et-flambee-des-prix-de-materiaux-de-construction-ff3516de80f392066e573fa256bd2db2\">P\u00e9nurie et flamb\u00e9e des prix de mat\u00e9riaux de construction<\/a> (Boursorama)<\/p>\n\n\n\n<p><a href=\"https:\/\/www.boursorama.com\/actualite-economique\/actualites\/usa-kaplan-fed-partisan-d-une-remontee-des-taux-des-2022-0fcc0fbc0a017300e4f9737b9b81b315\">USA : Kaplan (Fed) partisan d&rsquo;une remont\u00e9e des taux d\u00e8s 2022<\/a> (Reuters)<\/p>\n\n\n\n<p><a href=\"https:\/\/www.boursorama.com\/actualite-economique\/actualites\/usa-le-deficit-courant-au-plus-haut-depuis-12-ans-en-2020-67577bb3e2ebc83d9a29464bb1d7b2d2\">USA : Le d\u00e9ficit courant au plus haut depuis 12 ans en 2020<\/a> (Reuters)<\/p>\n\n\n\n<p><a href=\"https:\/\/www.boursorama.com\/actualite-economique\/actualites\/le-capital-investissement-francais-tient-bon-face-au-covid-19-66c0c45e135aa79fbb590e4b1fe20363\">Le capital-investissement fran\u00e7ais tient bon face au Covid-19<\/a> &nbsp;(AFP)<\/p>\n\n\n\n<p><a href=\"https:\/\/www.boursorama.com\/actualite-economique\/actualites\/raphael-halet-lanceur-d-alerte-ecoeure-par-l-evasion-fiscale-54582ce8abfe2abb01adc3d7a0d35dfb\">Rapha\u00ebl Halet, lanceur d&rsquo;alerte \u00e9coeur\u00e9 par l&rsquo;\u00e9vasion fiscale<\/a> &nbsp;(AFP)<\/p>\n\n\n\n<p><a href=\"https:\/\/www.boursorama.com\/actualite-economique\/actualites\/annuler-ou-rembourser-la-dette-covid-passe-d-armes-a-l-assemblee-644a808cf4e7817f16746597490f0020\">Annuler ou rembourser la dette Covid : passe d&rsquo;armes \u00e0 l&rsquo;Assembl\u00e9e<\/a> (Boursorama)<\/p>\n\n\n\n<p><a href=\"https:\/\/www.boursorama.com\/actualite-economique\/actualites\/pour-rembourser-la-dette-covid-bruno-le-maire-propose-de-mobiliser-l-impot-sur-les-societes-98a0430f2a24fb13dfacaf338e6ddceb\">Pour rembourser la dette Covid, Bruno Le Maire propose de mobiliser l&rsquo;imp\u00f4t sur les soci\u00e9t\u00e9s<\/a> (Boursorama)<\/p>\n\n\n\n<p><a href=\"https:\/\/www.boursorama.com\/actualite-economique\/actualites\/usa-yellen-envisage-un-possible-retour-au-plein-emploi-en-2022-b1aa90fb05ee7b131b1da40a85b47098\">USA : Yellen envisage un possible retour au plein emploi en 2022<\/a> (Reuters)<\/p>\n\n\n\n<p><a href=\"https:\/\/www.boursorama.com\/actualite-economique\/actualites\/blanchiment-de-fraude-fiscale-une-amende-de-2-milliards-requise-en-appel-contre-ubs-8fd0b90115fc4302bd1ed80ddf4a3b27\">Blanchiment de fraude fiscale : une amende de 2 milliards requise en appel contre UBS<\/a> &nbsp;(AFP)<\/p>\n\n\n\n<p><a href=\"https:\/\/theconversation.com\/le-plan-de-relance-va-t-il-aggraver-les-inegalites-economiques-entre-les-departements-157332\">Le plan de relance va-t-il aggraver les in\u00e9galit\u00e9s \u00e9conomiques entre les d\u00e9partements ?<\/a> (The Conversation)<\/p>\n\n\n\n<p><a href=\"http:\/\/cadtm.org\/1871-un-piege-de-la-dette\">1871 : un \u00ab pi\u00e8ge de la dette \u00bb ?<\/a> (CADTM)<\/p>\n\n\n\n<figure class=\"wp-block-image is-resized\"><img data-recalc-dims=\"1\" loading=\"lazy\" decoding=\"async\" src=\"https:\/\/i0.wp.com\/cadtm.org\/local\/cache-vignettes\/L640xH408\/arton19596-83a33.jpg?resize=403%2C257\" alt=\"\" width=\"403\" height=\"257\"\/><figcaption><sup>La chute de la colonne Vend\u00f4me en mai 1871, \u00e0 quelques dizaine de m\u00e8tre du si\u00e8ge de la Banque de France, <\/sup><br><sup>jamais investie par les r\u00e9volutionnaires (CC &#8211; Wikimedia)<\/sup><\/figcaption><\/figure>\n\n\n\n<p><a href=\"http:\/\/cadtm.org\/Thomas-Piketty-le-CADTM-et-la-dette-publique\">Thomas Piketty, le CADTM et la dette publique<\/a> (CADTM)<\/p>\n\n\n\n<p><strong><span class=\"has-inline-color has-vivid-red-color\">22 mars en continu<\/span><\/strong><\/p>\n\n\n\n<p><a href=\"https:\/\/www.nouvelobs.com\/economie\/20210322.OBS41721\/tribune-le-rapport-arthuis-sur-la-dette-covid-nous-promet-l-austerite-et-le-declin.html?fbclid=IwAR1zGY4k3PlRYLDdFVPkB3f6on6nVAD1bxE58-QCQhW4iM1UbA6SBM0Douo\">\u00ab Le rapport Arthuis sur la dette Covid nous promet l\u2019aust\u00e9rit\u00e9 et le d\u00e9clin \u00bb<\/a> (L&rsquo;obs)<\/p>\n\n\n\n<p>&nbsp;<a href=\"https:\/\/www.boursorama.com\/videos\/actualites\/veolia-suez-une-bataille-sans-fin-204f5f57e265fa51aa878a8439ed27d7\">Veolia-Suez : une bataille sans fin ?<\/a> &nbsp;(Ecorama)<\/p>\n\n\n\n<p>&nbsp;<a href=\"https:\/\/www.boursorama.com\/videos\/actualites\/la-prevision-de-croissance-de-6-du-gouvernement-est-elle-encore-credible-e64a140710128d38ef9ed4c420a70ac9\">La pr\u00e9vision de croissance de 6% du gouvernement est-elle encore cr\u00e9dible ?<\/a> (Ecorama)<\/p>\n\n\n\n<p><a href=\"https:\/\/www.boursorama.com\/actualite-economique\/actualites\/la-bce-a-augmente-ses-achats-sur-les-marches-la-semaine-derniere-9fee359ddb08a9a777d068fb2dfe22cb\">La BCE a augment\u00e9 ses achats sur les march\u00e9s la semaine derni\u00e8re<\/a> &nbsp;(Reuters)<\/p>\n\n\n\n<p><a href=\"https:\/\/www.boursorama.com\/actualite-economique\/actualites\/vieillissement-la-cnsa-propose-une-hausse-de-la-csg-pour-financer-les-aides-a-l-autonomie-4a5352e86dcfeb7587abae7e038aeb31\">Vieillissement : la CNSA propose une hausse de la CSG pour financer les aides \u00e0 l&rsquo;autonomie<\/a> &nbsp;(AFP)<\/p>\n\n\n\n<p><a href=\"https:\/\/www.boursorama.com\/actualite-economique\/actualites\/des-voitures-electriques-bientot-accessibles-a-toutes-les-bourses-ae05f6ed8c63849d83216cdd22e920a1\">Des voitures \u00e9lectriques bient\u00f4t accessibles \u00e0 toutes les bourses ?<\/a> &nbsp;(Boursorama)<\/p>\n\n\n\n<p>&nbsp;<a href=\"https:\/\/www.boursorama.com\/videos\/actualites\/danone-ambition-ecologique-et-resultats-financiers-sont-ils-antinomiques-c965fb101c6e477da52e79a6a1d2f079\">Danone : ambition \u00e9cologique et r\u00e9sultats financiers sont-ils antinomiques ?<\/a> (Ecorama)<\/p>\n\n\n\n<p><a href=\"https:\/\/www.boursorama.com\/actualite-economique\/actualites\/teletravail-un-tiers-des-entreprises-ne-l-ont-pas-mis-en-place-le-gouvernement-augmente-les-controles-318f32896686b5443d6cdb08878d36e2\">T\u00e9l\u00e9travail : un tiers des entreprises ne l&rsquo;ont pas mis en place, le gouvernement augmente les contr\u00f4les<\/a> (Boursorama)<\/p>\n\n\n\n<p><a href=\"https:\/\/www.boursorama.com\/actualite-economique\/actualites\/la-location-des-passoires-thermiques-interdite-d-ici-2028-7c537597f01840d457a6ec380a839097\">La location des \u00ab\u00a0passoires thermiques\u00a0\u00bb interdite d&rsquo;ici 2028<\/a> (Boursorama)<\/p>\n\n\n\n<figure class=\"wp-block-image size-large is-resized\"><img data-recalc-dims=\"1\" loading=\"lazy\" decoding=\"async\" src=\"https:\/\/i0.wp.com\/www.rdpemancipation.org\/wp-content\/uploads\/2021\/03\/Capture-a-louer.png?resize=386%2C220&#038;ssl=1\" alt=\"\" class=\"wp-image-21711\" width=\"386\" height=\"220\" srcset=\"https:\/\/i0.wp.com\/www.rdpemancipation.org\/wp-content\/uploads\/2021\/03\/Capture-a-louer.png?w=512&amp;ssl=1 512w, https:\/\/i0.wp.com\/www.rdpemancipation.org\/wp-content\/uploads\/2021\/03\/Capture-a-louer.png?resize=300%2C171&amp;ssl=1 300w\" sizes=\"auto, (max-width: 386px) 100vw, 386px\" \/><\/figure>\n\n\n\n<p><strong><span class=\"has-inline-color has-vivid-red-color\">21 mars en continu<\/span><\/strong><\/p>\n\n\n\n<p><a href=\"https:\/\/www.boursorama.com\/actualite-economique\/actualites\/suez-propose-a-veolia-de-negocier-sur-la-base-d-une-offre-d-ardian-gip-3ac2561a8de15aabf355284d8f5a0468\">Suez propose \u00e0 Veolia de n\u00e9gocier sur la base d&rsquo;une offre d&rsquo;Ardian\/GIP<\/a> &nbsp;(Reuters)<\/p>\n\n\n\n<p><a href=\"https:\/\/www.usine-digitale.fr\/editorial\/amazon-ouvre-un-service-de-teleconsultation-aux-etats-unis.N1073454\">Amazon ouvre son service de t\u00e9l\u00e9consultation m\u00e9dicale \u00e0 toutes les entreprises aux Etats-Unis<\/a> (Usine digitale)<\/p>\n\n\n\n<p><a href=\"https:\/\/www.boursorama.com\/actualite-economique\/actualites\/das-auto-electrique-volkswagen-s-affirme-face-au-rival-tesla-07252f4396d290d84206bcea5e94a62a\">\u00ab\u00a0Das Auto\u00a0\u00bb \u00e9lectrique : Volkswagen s&rsquo;affirme face au rival Tesla<\/a> &nbsp;(AFP<\/p>\n\n\n\n<p><a href=\"http:\/\/tracking.connaissancedesenergies.org\/tracking\/click?d=K4ZqyaD8UnD9ZBM9K0RoAtDMPlZK4G_9XygaKC2gqHHGLnXqSt-YpMBdowMZ7IQK_gy3GSWSAjykEN87lKxJFs5nVapvT5UXce2OgtyMpD4K8TyPMrX-6FVsofeauAnLhNf1sffpb0kqinSxiYQ06MGjWOX6Fema5irS4utab1wxeX39uUxI5x5Ec_HCy-BeR3DhMvSUQb5x7jeI4p0gIaYJrXjC8nsSFq9Sm_CfIzNy6N80stqg-xsFeVo1EfwGovPozjFd6iMXVCjjdC4v5fda2T_ahrAkbl7wn-FjDvOafDR41u-VEpoJtmuaCPjUPoTyunUmCL1hmhXOt1LHna9qM47D_kS8yDmv0q0VxpfEmigP-c6o8ehiaVEneMGR1KoKQ5f-X_ekNZmgO-Q1otQ1\" target=\"_blank\" rel=\"noreferrer noopener\">Les \u00e9missions mondiales de CO2 ont d\u00e9j\u00e0 \u00ab&nbsp;fortement rebondi&nbsp;\u00bb selon l\u2019AIE<\/a> &nbsp;(Connaissance des \u00e9nergies)<\/p>\n\n\n\n<p><a href=\"http:\/\/tracking.connaissancedesenergies.org\/tracking\/click?d=gTOa-f4m4uuGF8NkPTyDL7XLIuotjTRjJMR6a0cgvWIlcPSIKBT1xpebvO6MQe6ReapnAkkwv77sKhWXUtYe3emz8TqZQzFRsOHjeeWzckIV6NhwpmiDAeQhIoUcyqH9PJE8h8ktOkqx9S-U7BN3r1_ejPbeo4nQiukrxouqPyMqOuqvBUfd6x6meH1KbK220AnvqW94svevtT0ezajv0ZUF8DSTiT4nu9Wy1Gypij79OmVZ5C2XvMQ4a15x871qyzYdwgsQfhmXKpamqPOicTNhXA_RAXIJx_RrUFVvetl4dEyN0iBThpnHJfvjS2GmBatLz-1Xb4UVKEh9oBoOd2vCf_vQFea5HCwSLS-qDzysiFxnWvZu4dPJ0PZEbOx80uj2aUSlZwWRK8Hx59OGYjQ1\" target=\"_blank\" rel=\"noreferrer noopener\">L\u2019industrie p\u00e9troli\u00e8re fran\u00e7aise en 2020 en quelques chiffres cl\u00e9s<\/a> &nbsp;(Connaissance des \u00e9nergies)<\/p>\n\n\n\n<p><a href=\"https:\/\/www.economie.org\/\">Sur la d\u00e9mocratie \u00e9conomique<\/a> Benoit Borrits<\/p>\n\n\n\n<p><a href=\"https:\/\/info.mediapart.fr\/optiext\/optiextension.dll?ID=RjiRlataEYzroBS9Fq7QjqL0BqOWUGeB2AJoQlnWnAYRasNBJ1PtESoTUwU2%2Bn7OHFszZwGoo6RDq269m8HLSgLCJ4Atz\">\u00abGens du voyage\u00bb: le business peu reluisant des aires d\u2019accueil<\/a> (M\u00e9diapart)<\/p>\n\n\n\n<figure class=\"wp-block-image size-large is-resized\"><img data-recalc-dims=\"1\" loading=\"lazy\" decoding=\"async\" src=\"https:\/\/i0.wp.com\/www.rdpemancipation.org\/wp-content\/uploads\/2021\/03\/Capture-gens-du-voyage.png?resize=406%2C199&#038;ssl=1\" alt=\"\" class=\"wp-image-21484\" width=\"406\" height=\"199\" srcset=\"https:\/\/i0.wp.com\/www.rdpemancipation.org\/wp-content\/uploads\/2021\/03\/Capture-gens-du-voyage.png?w=620&amp;ssl=1 620w, https:\/\/i0.wp.com\/www.rdpemancipation.org\/wp-content\/uploads\/2021\/03\/Capture-gens-du-voyage.png?resize=300%2C147&amp;ssl=1 300w\" sizes=\"auto, (max-width: 406px) 100vw, 406px\" \/><figcaption><sup>Le Collectif des femmes d&rsquo;Hellemmes-Ronchin, dans la m\u00e9tropole de Lille, <\/sup><br><sup>s&rsquo;est constitu\u00e9 il y a plus de sept ans pour d\u00e9noncer les conditions de vie sur leur aire d&rsquo;accueil g\u00e9r\u00e9e par Veolia. <\/sup><br><sup>\u00a9 Collectif des femmes d&rsquo;Hellemmes-Ronchin<\/sup><\/figcaption><\/figure>\n\n\n\n<p><a href=\"https:\/\/www.monde-diplomatique.fr\/2021\/03\/PIERRU\/62832\">Les brevets, obstacle aux vaccins pour tous<\/a> Le Monde Diplo<\/p>\n\n\n\n<p><a href=\"https:\/\/www.boursorama.com\/actualite-economique\/actualites\/aramco-reduit-ses-investissements-apres-un-recul-de-44-4-des-resultats-2020-c9209dd7bd66c7b61171e02b0f0bb502\">Aramco r\u00e9duit ses investissements apr\u00e8s un recul de 44,4% des r\u00e9sultats 2020<\/a> (Reuters)<\/p>\n\n\n\n<p><strong><span class=\"has-inline-color has-vivid-red-color\">20 mars en continu<\/span><\/strong><\/p>\n\n\n\n<p><a href=\"https:\/\/www.boursorama.com\/actualite-economique\/actualites\/les-jeunes-loups-de-la-finance-veulent-instaurer-la-semaine-de-80-heures-b490109f7fcbcda5ba0d2cbf6b62ea83\">Les jeunes loups de la finance veulent instaurer la semaine de&#8230; 80&nbsp;heures<\/a> &nbsp;(Le Point)<\/p>\n\n\n\n<p><a href=\"https:\/\/www.boursorama.com\/actualite-economique\/actualites\/ascoval-l-etat-va-preter-20-millions-d-euros-pour-payer-les-salaires-fe7e89bda6b427aed8cae4566d894112\">Ascoval : l&rsquo;Etat va pr\u00eater 20 millions d&rsquo;euros pour payer les salaires<\/a> &nbsp;(AFP)<\/p>\n\n\n\n<p><a href=\"https:\/\/www.boursorama.com\/actualite-economique\/actualites\/france-le-maire-maintient-une-prevision-de-croissance-de-6-en-2021-0abf149892225845d6fea1d1bb3310da\">France : Le Maire maintient une pr\u00e9vision de croissance de 6% en 2021<\/a> &nbsp;(Reuters)<\/p>\n\n\n\n<p><a href=\"https:\/\/www.boursorama.com\/actualite-economique\/actualites\/l-italie-adopte-des-mesures-supplementaires-de-soutien-de-32-milliards-d-euros-addccceeb43d54e5aa77726b29b4eebc\">L&rsquo;Italie adopte des mesures suppl\u00e9mentaires de soutien de 32 milliards d&rsquo;euros<\/a> &nbsp;(AFP)<\/p>\n\n\n\n<p><a href=\"https:\/\/www.tresor.economie.gouv.fr\/Articles\/2021\/03\/16\/effets-economiques-des-epidemies\" target=\"_blank\" rel=\"noreferrer noopener\">Effets \u00e9conomiques des \u00e9pid\u00e9mies<\/a> (Tr\u00e9sor \u00e9co)<\/p>\n\n\n\n<p><a href=\"https:\/\/www.humanite.fr\/pfizer-astrazeneca-moderna-un-systeme-daccaparement-de-la-recherche-et-de-largent-publics-701535#xtor=RSS-1\">Pfizer, AstraZeneca, Moderna&#8230;Un syst\u00e8me d&rsquo;accaparement de la recherche et de l&rsquo;argent publics<\/a>&nbsp;(L\u2019Humanit\u00e9)&nbsp;<\/p>\n\n\n\n<p><a href=\"https:\/\/www.humanite.fr\/medecins-du-monde-la-defense-acharnee-des-brevets-entrave-legalite-dacces-aux-soins-701531#xtor=RSS-1\">M\u00e9decins du Monde : \u00ab\u00a0La d\u00e9fense acharn\u00e9e des brevets entrave l\u2019\u00e9galit\u00e9 d\u2019acc\u00e8s aux soins\u00a0\u00bb<\/a> (L\u2019Humanit\u00e9)<\/p>\n\n\n\n<p><a href=\"https:\/\/info.mediapart.fr\/optiext\/optiextension.dll?ID=ZrqZvHUhJwptvPCYKddbGRYXZnUt8GPHfG_6ulFQtrZ6MG7d75p4WugUIfN3ZUeLZRwivQYAszu0RrFKt1Lox7THvgftR\">\u00abOncle Bernard, l\u2019anti-le\u00e7on d\u2019\u00e9conomie\u00bb: un entretien film\u00e9 en 2000 \u00e0 \u00abCharlie Hebdo\u00bb<\/a>&#8211; T\u00ebnk &amp; Mediapart<\/p>\n\n\n\n<figure class=\"wp-block-image size-large is-resized\"><img data-recalc-dims=\"1\" loading=\"lazy\" decoding=\"async\" src=\"https:\/\/i0.wp.com\/www.rdpemancipation.org\/wp-content\/uploads\/2021\/03\/Capture-oncle-Bernard.png?resize=388%2C208&#038;ssl=1\" alt=\"\" class=\"wp-image-21383\" width=\"388\" height=\"208\" srcset=\"https:\/\/i0.wp.com\/www.rdpemancipation.org\/wp-content\/uploads\/2021\/03\/Capture-oncle-Bernard.png?w=718&amp;ssl=1 718w, https:\/\/i0.wp.com\/www.rdpemancipation.org\/wp-content\/uploads\/2021\/03\/Capture-oncle-Bernard.png?resize=300%2C161&amp;ssl=1 300w\" sizes=\"auto, (max-width: 388px) 100vw, 388px\" \/><\/figure>\n\n\n\n<p><a href=\"https:\/\/www.humanite.fr\/quand-la-bande-dessinee-enquete-sur-les-racines-de-la-violence-economique-701546#xtor=RSS-1\">Quand la bande dessin\u00e9e enqu\u00eate sur les racines de la violence \u00e9conomique<\/a> (L\u2019Humanit\u00e9)&nbsp;<\/p>\n\n\n\n<p><a href=\"https:\/\/www.humanite.fr\/oxford-astrazeneca-un-vaccin-contamine-par-bill-gates-701540#xtor=RSS-1\">Oxford-AstraZeneca : un vaccin contamin\u00e9 par Bill Gates<\/a>  (Humanit\u00e9)&nbsp;<\/p>\n\n\n\n<p><a href=\"https:\/\/www.humanite.fr\/vaccins-anti-covid-pourquoi-la-levee-des-brevets-reste-la-cle-de-la-production-des-doses-701545#xtor=RSS-1\">Vaccins anti-Covid. Pourquoi la lev\u00e9e des brevets reste la cl\u00e9 de la production des doses<\/a> (L\u2019Humanit\u00e9)&nbsp;<\/p>\n\n\n\n<p><a href=\"https:\/\/www.humanite.fr\/vaccin-moderna-lhistoire-dun-conte-de-fees-qui-sest-enlise-701541#xtor=RSS-1\">Vaccin Moderna : l&rsquo;histoire d&rsquo;un conte de f\u00e9es qui s\u2019est enlis\u00e9<\/a> (L\u2019Humanit\u00e9)&nbsp;<\/p>\n\n\n\n<p><a href=\"https:\/\/www.humanite.fr\/pfizer-biontech-le-mariage-dinteret-du-geant-et-de-la-start-701539#xtor=RSS-1\">Pfizer-BioNTech : le mariage d&rsquo;int\u00e9r\u00eat du g\u00e9ant et de la start-up<\/a> (L\u2019Humanit\u00e9)<\/p>\n\n\n\n<p><a href=\"https:\/\/info.alternatives-economiques.fr\/optiext\/optiextension.dll?ID=C_%2BC7159hVCQjYd8LMMgSLjcuFkAgAHKx_EmUrEnsEWi%2BtmSvY_FIYWnQK0PFrHCU7DQmIudSL%2B1XCUDavdEZRe6JPy0i\" target=\"_blank\" rel=\"noreferrer noopener\">La Commune de Paris, pour une alternative \u00e9conomique et sociale<\/a> &nbsp;(Alternatives \u00e9conomiques)<\/p>\n\n\n\n<figure class=\"wp-block-image size-large\"><img data-recalc-dims=\"1\" loading=\"lazy\" decoding=\"async\" width=\"421\" height=\"242\" src=\"https:\/\/i0.wp.com\/www.rdpemancipation.org\/wp-content\/uploads\/2021\/03\/image-105.png?resize=421%2C242&#038;ssl=1\" alt=\"\" class=\"wp-image-21380\" srcset=\"https:\/\/i0.wp.com\/www.rdpemancipation.org\/wp-content\/uploads\/2021\/03\/image-105.png?w=421&amp;ssl=1 421w, https:\/\/i0.wp.com\/www.rdpemancipation.org\/wp-content\/uploads\/2021\/03\/image-105.png?resize=300%2C172&amp;ssl=1 300w\" sizes=\"auto, (max-width: 421px) 100vw, 421px\" \/><\/figure>\n\n\n\n<p><a href=\"https:\/\/info.alternatives-economiques.fr\/optiext\/optiextension.dll?ID=F98F9GqOUAFyG%2BjV04Gs%2BdjmrmPFQsuvxZyt3pjICnW8SiQVwkO3XF756VsVb0SF2cqkUviT4zsPrsupIKFYwojKfVM%2BU\" target=\"_blank\" rel=\"noreferrer noopener\">Roosevelt \u2013 Biden, m\u00eame combat ?<\/a> &nbsp;(Alternatives \u00e9conomiques)<\/p>\n\n\n\n<p><a href=\"https:\/\/info.alternatives-economiques.fr\/optiext\/optiextension.dll?ID=F98F4AjBfOfUbYxgVvX4BsEbezItKH85hv2ZvQH9PLHqTWJpwOO%2B%2BVAh_S__XAkB%2BCdoYr2qV0TiJhWZojgFujjOhmZhi\" target=\"_blank\" rel=\"noreferrer noopener\">Produire localement ou importer ?<\/a> &nbsp;(Alternatives \u00e9conomiques)<\/p>\n\n\n\n<p><strong><span class=\"has-inline-color has-vivid-red-color\">19 mars en continu<\/span><\/strong><\/p>\n\n\n\n<p><a href=\"https:\/\/www.boursorama.com\/videos\/actualites\/danone-ambition-ecologique-et-resultats-financiers-sont-ils-antinomiques-c965fb101c6e477da52e79a6a1d2f079\">Danone : ambition \u00e9cologique et r\u00e9sultats financiers sont-ils antinomiques ?<\/a> &nbsp;(Ecorama)<\/p>\n\n\n\n<p><a href=\"https:\/\/www.boursorama.com\/actualite-economique\/actualites\/le-reconfinement-de-16-departements-va-couter-1-2-milliard-d-euros-de-plus-par-mois-5f9e5771b80b29afd01b2afbcce2a423\">Le reconfinement de 16 d\u00e9partements va co\u00fbter 1,2 milliard d&rsquo;euros de plus par mois<\/a> &nbsp;(Boursorama)<\/p>\n\n\n\n<p>&nbsp;<a href=\"https:\/\/www.boursorama.com\/videos\/actualites\/le-poids-du-reconfinement-de-l-ile-de-france-premiere-region-economique-d-europe-666f04b682cdc0a82a55459fcedb73b3\">Le poids du reconfinement de l&rsquo;\u00cele-de-France, premi\u00e8re r\u00e9gion \u00e9conomique d&rsquo;Europe<\/a> &nbsp;&nbsp;(France 24)<\/p>\n\n\n\n<p><a href=\"https:\/\/www.boursorama.com\/actualite-economique\/actualites\/edf-les-syndicats-appellent-a-une-nouvelle-greve-contre-hercule-64af7004a9d06cbd9038eee14c4574d7\">EDF : Les syndicats appellent \u00e0 une nouvelle gr\u00e8ve contre Hercule<\/a> &nbsp;(Reuters)<\/p>\n\n\n\n<p><a href=\"https:\/\/www.boursorama.com\/actualite-economique\/actualites\/carrefour-ecope-d-une-amende-de-425-000-euros-pour-avoir-realise-des-promotions-trop-importantes-271b53093cd2916967643be2b52f8cde\">Carrefour \u00e9cope d&rsquo;une amende de 425.000 euros pour avoir r\u00e9alis\u00e9 des promotions trop importantes<\/a> &nbsp;(Boursorama)<\/p>\n\n\n\n<p><a href=\"https:\/\/www.boursorama.com\/actualite-economique\/actualites\/le-gouvernement-francais-maintient-sa-prevision-de-croissance-de-6-pour-2021-malgre-le-reconfinement-1db1b564ac321808c68c92091d8a264f\">Le gouvernement fran\u00e7ais maintient sa pr\u00e9vision de croissance de 6% pour 2021 malgr\u00e9 le reconfinement<\/a> &nbsp;(AFP)<\/p>\n\n\n\n<p>&nbsp;<a href=\"https:\/\/www.boursorama.com\/videos\/actualites\/cette-nouvelle-prime-macron-qui-devrait-decevoir-les-salaries-53c81eaabc5829b47a871a003da5485e\">Cette nouvelle prime Macron qui devrait d\u00e9cevoir les salari\u00e9s&#8230;<\/a> (Ecorama)<\/p>\n\n\n\n<p><a href=\"https:\/\/www.boursorama.com\/videos\/actualites\/les-marches-cherchent-ils-a-provoquer-la-fed-5364acef1b01ea4b838e3a13a6cd9c54\">Les march\u00e9s cherchent-ils \u00e0 provoquer la Fed ?<\/a> &nbsp;(Ecorama)<\/p>\n\n\n\n<p><a href=\"https:\/\/www.boursorama.com\/actualite-economique\/actualites\/coronavirus-la-campagne-vaccinale-en-france-coutera-3-4-milliards-d-euros-selon-dussopt-95b08bb2b5fd80bfef9b4f379a25d84e\">Coronavirus: La campagne vaccinale en France co\u00fbtera 3-4 milliards d&rsquo;euros, selon Dussopt<\/a>&nbsp; (Reuters)<\/p>\n\n\n\n<p><a href=\"https:\/\/www.monde-diplomatique.fr\/2021\/03\/BERNIER\/62886\">Apr\u00e8s le libre-\u00e9change. Quel commerce international face aux d\u00e9fis \u00e9cologiques ?<\/a> Les petits matins<\/p>\n\n\n\n<p><a href=\"https:\/\/www.anti-k.org\/2021\/03\/19\/video-nous-devons-planifier-la-bifurcation-ecologique-de-notre-economie-adrien-quatennens\/\">Nous devons planifier la bifurcation \u00e9cologique de notre \u00e9conomie | Adrien Quatennens <\/a>(LFI)<\/p>\n\n\n\n<p><a href=\"https:\/\/france.attac.org\/actus-et-medias\/salle-de-presse\/article\/refusons-l-instrumentalisation-de-la-dette-pour-imposer-de-nouvelles-politiques\">Refusons l\u2019instrumentalisation de la dette pour imposer de nouvelles politiques d\u2019aust\u00e9rit\u00e9 !<\/a> \u2026 (Attac)<\/p>\n\n\n\n<figure class=\"wp-block-image size-large is-resized is-style-default\"><img data-recalc-dims=\"1\" loading=\"lazy\" decoding=\"async\" src=\"https:\/\/i0.wp.com\/www.rdpemancipation.org\/wp-content\/uploads\/2021\/03\/arton7894-27a36-d37d8.jpg?resize=388%2C274&#038;ssl=1\" alt=\"\" class=\"wp-image-21156\" width=\"388\" height=\"274\" srcset=\"https:\/\/i0.wp.com\/www.rdpemancipation.org\/wp-content\/uploads\/2021\/03\/arton7894-27a36-d37d8.jpg?w=1000&amp;ssl=1 1000w, https:\/\/i0.wp.com\/www.rdpemancipation.org\/wp-content\/uploads\/2021\/03\/arton7894-27a36-d37d8.jpg?resize=300%2C212&amp;ssl=1 300w, https:\/\/i0.wp.com\/www.rdpemancipation.org\/wp-content\/uploads\/2021\/03\/arton7894-27a36-d37d8.jpg?resize=768%2C544&amp;ssl=1 768w\" sizes=\"auto, (max-width: 388px) 100vw, 388px\" \/><\/figure>\n\n\n\n<p><strong><span class=\"has-inline-color has-vivid-red-color\">18 mars en continu<\/span><\/strong><\/p>\n\n\n\n<p><a href=\"https:\/\/www.boursorama.com\/videos\/actualites\/fed-pas-de-hausse-de-taux-avant-fin-2023-vraiment-3c0c4dd3613d6e64a415d922cb01991f\">Fed : pas de hausse de taux avant fin 2023, vraiment ?<\/a> &nbsp;(Ecorama)<\/p>\n\n\n\n<p><a href=\"https:\/\/www.boursorama.com\/actualite-economique\/actualites\/5g-a-paris-fin-d-un-long-feuilleton-politique-une-realite-des-vendredi-5c581cee2a9a8fcd26d43fec90bfb466\">5G \u00e0 Paris : fin d&rsquo;un long feuilleton politique<\/a> &nbsp;(AFP)<\/p>\n\n\n\n<p><a href=\"https:\/\/www.boursorama.com\/actualite-economique\/actualites\/je-suis-resolument-favorable-a-des-quotas-de-femmes-dans-les-entreprises-explique-christine-lagarde-ce55a78effa280a2c5f5d97b84572300\">\u00ab\u00a0Je suis r\u00e9solument favorable \u00e0 des quotas\u00a0\u00bb de femmes dans les entreprises, explique Christine Lagarde<\/a> &nbsp;(Boursorama)<\/p>\n\n\n\n<p><a href=\"https:\/\/www.boursorama.com\/actualite-economique\/actualites\/faible-anticipation-couts-evitables-la-cour-des-comptes-tire-les-premieres-lecons-de-la-crise-sanitaire-bf83f58dd600d1adbea80f846d62e0a9\">Faible anticipation, co\u00fbts \u00e9vitables : la Cour des comptes tire les premi\u00e8res le\u00e7ons de la crise sanitaire<\/a> &nbsp;(AFP)<\/p>\n\n\n\n<p><a href=\"https:\/\/www.boursorama.com\/actualite-economique\/actualites\/coronavirus-les-difficultes-de-la-sncf-pourraient-se-poursuivre-selon-la-cour-des-comptes-9303e396eed19962970849082aa7cd9c\">Les difficult\u00e9s de la SNCF pourraient se poursuivre, selon la Cour des comptes<\/a> &nbsp;(AFP)<\/p>\n\n\n\n<p><a href=\"https:\/\/www.boursorama.com\/actualite-economique\/actualites\/le-fonds-de-solidarite-doit-etre-davantage-controle-selon-la-cour-des-comptes-8451ed4c0f999ee88a96bea682ebe5fa\">Le fonds de solidarit\u00e9 doit \u00eatre davantage contr\u00f4l\u00e9, selon la Cour des comptes<\/a> &nbsp;(AFP)<\/p>\n\n\n\n<p><a href=\"https:\/\/www.boursorama.com\/actualite-economique\/actualites\/brexit-chute-record-du-commerce-entre-l-ue-et-le-royaume-uni-en-janvier-eurostat-1798ed5eaf69625065abf8c59cf989d3\">Brexit : chute record du commerce entre l&rsquo;UE et le Royaume-Uni en janvier<\/a> &nbsp;(AFP)<\/p>\n\n\n\n<p><a href=\"https:\/\/www.boursorama.com\/actualite-economique\/actualites\/nokia-prevoit-un-redressement-de-sa-marge-le-plan-strategique-prend-forme-f924c931e57dfa13c5ec271672b43e15\">Nokia pr\u00e9voit un redressement de sa marge, le plan strat\u00e9gique prend forme<\/a> &nbsp;(Reuters)<\/p>\n\n\n\n<p><a href=\"https:\/\/www.boursorama.com\/actualite-economique\/actualites\/amazon-a-fait-moins-bien-que-le-marche-du-e-commerce-en-france-en-2020-acac6e075690c51d3903d5600b1df5e1\">Amazon a fait moins bien que le march\u00e9 du e-commerce en France en 2020<\/a> (Boursorama)<\/p>\n\n\n\n<p><a href=\"https:\/\/www.boursorama.com\/actualite-economique\/actualites\/l-effet-d-achats-acceleres-pourrait-se-faire-attendre-dit-lagarde-bce-0e98716a76aa9f3e5e890884ce981a61\">L&rsquo;effet d&rsquo;achats acc\u00e9l\u00e9r\u00e9s pourrait se faire attendre, dit Lagarde (BCE)<\/a> (Reuters)<\/p>\n\n\n\n<p><a href=\"https:\/\/www.connaissancedesenergies.org\/afp\/272-postes-menaces-chez-siemens-au-havre-avis-negatif-du-cse-210318\">272 postes menac\u00e9s chez Siemens au Havre : avis n\u00e9gatif du CSE<\/a> &nbsp;(AFP)<\/p>\n\n\n\n<p><a href=\"https:\/\/www.humanite.fr\/energie-la-decoupe-dedf-en-trois-societes-se-precise-701610#xtor=RSS-1\">\u00c9nergie. La d\u00e9coupe d\u2019EDF en trois soci\u00e9t\u00e9s se pr\u00e9cise<\/a> (L\u2019Humanit\u00e9)&nbsp;<\/p>\n\n\n\n<p><a href=\"https:\/\/www.acrimed.org\/Nous-paysans-sur-France-2-un-debat-pour-informer\">\u00ab Nous paysans \u00bb sur France 2 : un d\u00e9bat pour informer ou \u00ab communiquer \u00bb ?<\/a> (Acrimed)<\/p>\n\n\n\n<p><a href=\"http:\/\/www.contretemps.eu\/bandes-jeunes-fabrique-logique-securitaire\/\">Du discours de l\u2019\u00ab ensauvagement \u00bb \u00e0 celui sur les \u00ab bandes \u00bb : la fabrique d\u2019une demande s\u00e9curitaire<\/a> (Contretemps)&nbsp;<\/p>\n\n\n\n<p><a href=\"https:\/\/dijoncter.info\/en-haute-saone-generation-identitaire-est-deja-soluble-dans-le-rn-2611\">En Haute-Sa\u00f4ne, G\u00e9n\u00e9ration Identitaire est d\u00e9j\u00e0 soluble dans le RN.<\/a> par Mutu&nbsp;<\/p>\n\n\n\n<p><a href=\"https:\/\/reporterre.net\/La-loi-Securite-globale-mene-a-la-dictature-de-la-pensee\">La loi S\u00e9curit\u00e9 globale \u00ab&nbsp;m\u00e8ne \u00e0 la dictature de la pens\u00e9e&nbsp;\u00bb<\/a> (Reporterre)<\/p>\n\n\n\n<p><a href=\"https:\/\/www.fidh.org\/fr\/regions\/afrique\/ouganda\/oxfam-et-la-fidh-reagissent-a-la-publication-par-total-de-nouvelles\">Oxfam et la FIDH r\u00e9agissent \u00e0 la publication par Total de nouvelles \u00e9tudes sur ses projets en Afrique de l&rsquo;Est&nbsp;<\/a> ( FIDH)<\/p>\n\n\n\n<p><a href=\"https:\/\/www.revolutionpermanente.fr\/Interview-Sur-le-site-petrolier-des-Flandres-la-securite-menacee-pour-les-profits-de-Total\">Interview. Sur le site p\u00e9trolier des Flandres, la s\u00e9curit\u00e9 menac\u00e9e pour les profits de Total<\/a> (RP)<\/p>\n\n\n\n<figure class=\"wp-block-image is-resized is-style-default\"><img loading=\"lazy\" decoding=\"async\" src=\"https:\/\/i2.wp.com\/lereveilcitoyen.fr\/wp-content\/uploads\/2021\/02\/img_0039.jpg?resize=696%2C470&amp;ssl=1\" alt=\"\" width=\"432\" height=\"291\" title=\"img_0039\"\/><\/figure>\n\n\n\n<p><strong><span class=\"has-inline-color has-vivid-red-color\">17 mars en continu<\/span><\/strong><\/p>\n\n\n\n<p><a href=\"https:\/\/www.boursorama.com\/actualite-economique\/actualites\/edf-le-gouvernement-souhaite-un-texte-au-parlement-d-ici-l-automne-bf42ebd6a317508fa228ec81892fd97b\">EDF : Le gouvernement souhaite un texte au Parlement d&rsquo;ici l&rsquo;automne<\/a> &nbsp;(Reuters)<\/p>\n\n\n\n<p><a href=\"https:\/\/www.boursorama.com\/actualite-economique\/actualites\/yvelines-des-etudiants-bloquent-un-site-d-agroparistech-pour-empecher-sa-privatisation-d9c2416f6b1d4870a735c6b1e6fd0063\">Yvelines: des \u00e9tudiants bloquent un site d&rsquo;AgroParistech pour emp\u00eacher sa privatisation<\/a> &nbsp;(AFP)<\/p>\n\n\n\n<figure class=\"wp-block-image size-large is-resized\"><img data-recalc-dims=\"1\" loading=\"lazy\" decoding=\"async\" src=\"https:\/\/i0.wp.com\/www.rdpemancipation.org\/wp-content\/uploads\/2021\/03\/Capture-agroparis-tech.jpg?resize=402%2C157&#038;ssl=1\" alt=\"\" class=\"wp-image-20900\" width=\"402\" height=\"157\" srcset=\"https:\/\/i0.wp.com\/www.rdpemancipation.org\/wp-content\/uploads\/2021\/03\/Capture-agroparis-tech.jpg?w=705&amp;ssl=1 705w, https:\/\/i0.wp.com\/www.rdpemancipation.org\/wp-content\/uploads\/2021\/03\/Capture-agroparis-tech.jpg?resize=300%2C118&amp;ssl=1 300w\" sizes=\"auto, (max-width: 402px) 100vw, 402px\" \/><figcaption><sup>L&rsquo;\u00e9cole d&rsquo;ing\u00e9nieurs agronomes AgroParisTech sur le domaine de Thiverval-Grignon <br> AFP \/ KENZO TRIBOUILLARD<\/sup><\/figcaption><\/figure>\n\n\n\n<p><a href=\"https:\/\/www.boursorama.com\/actualite-economique\/actualites\/produits-pour-vaccins-l-allemand-merck-promet-25-m-eur-pour-un-site-francais-435d9e23e3475ea20da0eab8410c8131\">Produits pour vaccins : l&rsquo;allemand Merck promet 25 M EUR pour un site fran\u00e7ais<\/a> &nbsp;(AFP)<\/p>\n\n\n\n<p><a href=\"https:\/\/www.boursorama.com\/actualite-economique\/actualites\/la-crise-sanitaire-a-coute-plus-de-160-milliards-d-euros-a-l-etat-en-2020-f7cc7e3ef9af66198aa54f9597d5a074\">La crise sanitaire a co\u00fbt\u00e9 plus de 160 milliards d&rsquo;euros \u00e0 l&rsquo;Etat en 2020<\/a> &nbsp;(AFP)<\/p>\n\n\n\n<p><a href=\"https:\/\/www.boursorama.com\/videos\/actualites\/valeurs-pharmaceutiques-biotechs-les-gagnants-et-les-perdants-du-covid-8c8933908225bcea5366002bf3ca34a0\">Valeurs pharmaceutiques, biotechs : les gagnants et les perdants du Covid&#8230;<\/a> &nbsp;(Ecorama)<\/p>\n\n\n\n<p><a href=\"https:\/\/www.boursorama.com\/actualite-economique\/actualites\/assurance-chomage-le-projet-de-decret-transmis-aux-partenaires-sociaux-40cf0b99c4ddc485b26cd6eacd7ff904\">Assurance-ch\u00f4mage: le projet de d\u00e9cret transmis aux partenaires sociaux<\/a> &nbsp;(AFP)<\/p>\n\n\n\n<p><a href=\"https:\/\/www.boursorama.com\/actualite-economique\/actualites\/si-rien-n-est-fait-l-appetit-mondial-pour-le-petrole-atteindra-un-nouveau-record-d-ici-2026-79e7a8aced06f16d1e41efb500d3ca58\">Si rien n&rsquo;est fait, l&rsquo;app\u00e9tit mondial pour le p\u00e9trole atteindra un nouveau record d&rsquo;ici 2026<\/a> &nbsp;(AFP)<\/p>\n\n\n\n<p><a href=\"https:\/\/www.boursorama.com\/actualite-economique\/actualites\/la-fed-en-exercice-d-equilibriste-entre-previsions-optimistes-et-inflation-4f8c265a02a801ec8fd7988aea35daa8\">La Fed en \u00ab\u00a0exercice d&rsquo;\u00e9quilibriste\u00a0\u00bb, entre pr\u00e9visions optimistes et inflation<\/a> &nbsp;(AFP)<\/p>\n\n\n\n<p><a href=\"https:\/\/www.humanite.fr\/faber-ejecte-danone-menace-de-demantelement-701439#xtor=RSS-1\">Faber \u00e9ject\u00e9, Danone menac\u00e9 de d\u00e9mant\u00e8lement<\/a> (L\u2019Humanit\u00e9)<\/p>\n\n\n\n<p><a href=\"https:\/\/www.anti-k.org\/2021\/03\/16\/valeurs-ou-prix-michael-roberts\/\">Valeurs ou prix ? \u2013 Michael Roberts&nbsp;<\/a> (Anti-K)<\/p>\n\n\n\n<p><a href=\"https:\/\/www.boursorama.com\/actualite-economique\/actualites\/precarite-le-gouvernement-veut-redeployer-les-petits-dejeuners-gratuits-a-l-ecole-8fdcc29d838ecbe42f868b2176212a7d\">Pr\u00e9carit\u00e9 : le gouvernement veut red\u00e9ployer les petits-d\u00e9jeuners gratuits \u00e0 l&rsquo;\u00e9cole<\/a> (Boursorama)<\/p>\n\n\n\n<p><a href=\"https:\/\/blogs.mediapart.fr\/cetri-asbl\/blog\/160321\/e-commerce-l-omc-l-etau-se-resserre-sur-les-pays-en-developpement\">E-commerce \u00e0 l\u2019OMC: l\u2019\u00e9tau se resserre sur les pays en d\u00e9veloppement&nbsp;<\/a> (CETRI ASBL)<\/p>\n\n\n\n<p><a href=\"https:\/\/www.revolutionpermanente.fr\/Travaux-a-l-Hotel-Dieu-toujours-pas-de-lits-mais-des-boutiques-de-luxe\">Travaux \u00e0 l\u2019H\u00f4tel-Dieu&nbsp;: toujours pas de lits mais des boutiques de luxe<\/a>&nbsp; (RP)<\/p>\n\n\n\n<figure class=\"wp-block-image is-resized\"><img data-recalc-dims=\"1\" loading=\"lazy\" decoding=\"async\" src=\"https:\/\/i0.wp.com\/www.revolutionpermanente.fr\/IMG\/arton24382.jpg?resize=380%2C214&#038;ssl=1\" alt=\"\" width=\"380\" height=\"214\"\/><\/figure>\n\n\n\n<p><strong><span class=\"has-inline-color has-vivid-red-color\">16 mars en continu<\/span><\/strong><\/p>\n\n\n\n<p><a href=\"http:\/\/www.societelouisemichel.org\/mercredi-31-mars-covid-19-et-capitalisme-mondialise-destructions-sociales-et-environnementales-avec-maxime-combes-et-jean-baptiste-fressoz\/\">Rencontre Covid 19 et capitalisme mondialis\u00e9 : destructions sociales et environnementales, avec Maxime Combes et Jean-Baptiste Fressoz<\/a> &nbsp;(Soci\u00e9t\u00e9 Louise Michel)<\/p>\n\n\n\n<p><a href=\"https:\/\/www.boursorama.com\/actualite-economique\/actualites\/en-pleine-bataille-de-la-5g-nokia-va-supprimer-5-000-a-10-000-emplois-b0c02cf2fbf77818025954065a39a71f\">En pleine bataille de la 5G, Nokia va supprimer 5.000 \u00e0 10.000 emplois<\/a> &nbsp;(AFP)<\/p>\n\n\n\n<p><a href=\"https:\/\/www.boursorama.com\/actualite-economique\/actualites\/retraites-deficit-maitrise-de-4-8-milliards-d-euros-en-2020-pour-l-agirc-arrco-59fb01d3067c3a059c5fbb68b5c14219\">Retraites : d\u00e9ficit \u00ab\u00a0ma\u00eetris\u00e9\u00a0\u00bb de 4,8 milliards d&rsquo;euros en 2020 pour l&rsquo;Agirc-Arrco<\/a> &nbsp;(AFP)<\/p>\n\n\n\n<p><a href=\"https:\/\/www.boursorama.com\/actualite-economique\/actualites\/chez-danone-les-discordes-internes-ont-ouvert-le-chemin-aux-activistes-f6ed91186d060a368617f78ba7e7b6f9\">Chez Danone, les discordes internes ont ouvert le chemin aux activistes<\/a> &nbsp;(Reuters)<\/p>\n\n\n\n<p><a href=\"https:\/\/info.alternatives-economiques.fr\/optiext\/optiextension.dll?ID=fNMfGsHJGQuYDPZWaYEGBvl1mKAZ%2Bn7nG4aHEKNc1XN6iFBvne4qigExMdKay3wBG0Z0N8ulhNzApigz0J3tyMHG3DlTV\" target=\"_blank\" rel=\"noreferrer noopener\">Danone : l&rsquo;entreprise \u00e0 mission \u00e0 l\u2019\u00e9preuve des march\u00e9s financiers<\/a> (Alternative \u00e9conomiques)<\/p>\n\n\n\n<figure class=\"wp-block-image size-large is-resized\"><img data-recalc-dims=\"1\" loading=\"lazy\" decoding=\"async\" src=\"https:\/\/i0.wp.com\/www.rdpemancipation.org\/wp-content\/uploads\/2021\/03\/Capture-danone.jpg?resize=411%2C170&#038;ssl=1\" alt=\"\" class=\"wp-image-20754\" width=\"411\" height=\"170\" srcset=\"https:\/\/i0.wp.com\/www.rdpemancipation.org\/wp-content\/uploads\/2021\/03\/Capture-danone.jpg?w=713&amp;ssl=1 713w, https:\/\/i0.wp.com\/www.rdpemancipation.org\/wp-content\/uploads\/2021\/03\/Capture-danone.jpg?resize=300%2C125&amp;ssl=1 300w\" sizes=\"auto, (max-width: 411px) 100vw, 411px\" \/><figcaption><sup>Le limogeage du Pr\u00e9sident de Danone sous la pression de fonds activistes <br>montre \u00e0 quel point la loi \u00ab\u00a0Pacte\u00a0\u00bb n&rsquo;est qu&rsquo;un trompe l\u2019\u0153il<\/sup><\/figcaption><\/figure>\n\n\n\n<p><a href=\"https:\/\/www.boursorama.com\/videos\/actualites\/que-se-passe-t-il-sur-la-bourse-chinoise-13bd0e97402cc1d48d7c101ae5f2e672\">Que se passe-t-il sur la Bourse chinoise ?<\/a> &nbsp;(Ecorama)<\/p>\n\n\n\n<p><a href=\"https:\/\/www.boursorama.com\/actualite-economique\/actualites\/la-ce-s-attend-a-un-accord-avec-londres-sur-les-services-financiers-8076d4dab518c6a323a5f33fb4c1ab34\">La CE s&rsquo;attend \u00e0 un accord avec Londres sur les services financiers<\/a> &nbsp;(Reuters)<\/p>\n\n\n\n<p><a href=\"https:\/\/www.boursorama.com\/actualite-economique\/actualites\/l-economie-francaise-repartira-un-peu-plus-fort-qu-anticipe-juge-la-banque-de-france-c67127050c62ff8605755caaf699c67e\">L&rsquo;\u00e9conomie fran\u00e7aise repartira un peu plus fort qu&rsquo;anticip\u00e9, juge la Banque de France<\/a> &nbsp;(AFP)<\/p>\n\n\n\n<p><a href=\"https:\/\/www.boursorama.com\/actualite-economique\/actualites\/remettre-la-reforme-des-retraites-sur-la-table-est-totalement-irresponsable-pour-laurent-berger-416065c270bec950eb9e92a01af5e7f6\">Remettre la r\u00e9forme des retraites sur la table est \u00ab\u00a0totalement irresponsable\u00a0\u00bb, pour Laurent Berger<\/a> (Boursorama)<\/p>\n\n\n\n<p><a href=\"https:\/\/www.boursorama.com\/actualite-economique\/actualites\/france-l-inflation-maintient-finalement-son-rythme-en-fevrier-a-0-6-sur-un-an-insee-definitif-6d4e3988271479a9a420cac49bbcd0e8\">France : l&rsquo;inflation maintient finalement son rythme en f\u00e9vrier, \u00e0 +0,6% sur un an <\/a>&nbsp;(AFP)<\/p>\n\n\n\n<p><a href=\"https:\/\/www.boursorama.com\/actualite-economique\/actualites\/whirlpool-amiens-la-justice-annule-les-autorisations-de-licenciement-de-18-salaries-eec75c56e41e175f075a0bf02278bad2\">Whirlpool Amiens: la justice annule les autorisations de licenciement de 18 salari\u00e9s<\/a> (AFP)<\/p>\n\n\n\n<figure class=\"wp-block-image is-resized is-style-default\"><img loading=\"lazy\" decoding=\"async\" src=\"https:\/\/scontent.fsti4-1.fna.fbcdn.net\/v\/t1.0-9\/161015139_1165587320530401_7901906181147103962_n.png?_nc_cat=110&amp;ccb=1-3&amp;_nc_sid=730e14&amp;_nc_ohc=kpAbCX9M9BYAX-dbB-m&amp;_nc_ht=scontent.fsti4-1.fna&amp;oh=a82ffa6d89555db7155b018b9bdb1c1e&amp;oe=60775618\" alt=\"Peut \u00eatre une image de texte qui dit \u2019L'INDIGNIT\u00c9 DE SANOFI N'A PAS DE LIMITES 4 milliards vers\u00e9s en dividendes pour 2020 Des centaines d'emplois supprim\u00e9s en France malgr\u00e9 des r\u00e9sultats exc\u00e9dentaires 600 \u00e0 Toulouse et 200 \u00e0 Montpellier en 2011) 1 milliard d'euros (hors CICE) vers\u00e9s en 10 ans par la France via le Cr\u00e9dit d'imp\u00f4t recherche 80% de ses revenus en France qui d\u00e9pendent des remboursements de la S\u00e9curit\u00e9 sociale\u2019\" width=\"380\" height=\"301\"\/><\/figure>\n\n\n\n<p><a href=\"https:\/\/www.boursorama.com\/actualite-economique\/actualites\/castex-reactive-la-prime-defiscalisee-de-1-000-euros-en-2021-4772a5b996148d42e69dd9c550e17867\">Castex r\u00e9active la prime d\u00e9fiscalis\u00e9e de 1.000 euros en 2021<\/a> (Reuters)<\/p>\n\n\n\n<p><a href=\"https:\/\/www.lemediatv.fr\/emissions\/2021\/thomas-porcher-demonte-les-manipulations-oV9rZHCDRVWWz3rBrlRE7A\">Thomas Porcher d\u00e9monte les manipulations<\/a> (vid\u00e9o Le M\u00e9dia)<\/p>\n\n\n\n<p><a href=\"http:\/\/cadtm.org\/Neoliberalisme-Augmentation-de-l-ecart-salarial-et-cadeaux-fiscaux-au-Capital\">N\u00e9olib\u00e9ralisme : Augmentation de l&rsquo;\u00e9cart salarial et cadeaux fiscaux au Capital<\/a> (CADTM)<\/p>\n\n\n\n<p><a href=\"https:\/\/france.attac.org\/actus-et-medias\/salle-de-presse\/article\/450-organisations-lancent-la-coalition-stop-ue-mercosur\">450 organisations lancent la coalition Stop UE-MERCOSUR<\/a> (Attac France)<\/p>\n\n\n\n<p><a href=\"https:\/\/www.humanite.fr\/rapport-les-ventes-darmes-francaises-explosent-701434#xtor=RSS-1\">Rapport Les ventes d\u2019armes fran\u00e7aises explosent<\/a> (L\u2019Humanit\u00e9)&nbsp;<\/p>\n\n\n\n<p><strong><span class=\"has-inline-color has-vivid-red-color\">15 mars en continu<\/span><\/strong><\/p>\n\n\n\n<p><a href=\"https:\/\/www.boursorama.com\/actualite-economique\/actualites\/danone-change-de-patron-en-quete-de-meilleurs-profits-cab1faca7729dddeeb5ea3fc8827866e\">Danone change de patron en qu\u00eate de meilleurs profits<\/a> &nbsp;(AFP)<\/p>\n\n\n\n<p><a href=\"https:\/\/www.boursorama.com\/videos\/actualites\/macro-marches-voici-les-anticipations-du-meilleur-previsionniste-du-monde-9c53a1ecfb2cb69a1f7ed290d182d757\">Macro, march\u00e9s : voici les anticipations du meilleur pr\u00e9visionniste du monde&#8230;<\/a>&nbsp; (Ecorama)<\/p>\n\n\n\n<p><a href=\"https:\/\/www.boursorama.com\/actualite-economique\/actualites\/dette-la-france-va-emettre-une-deuxieme-obligation-verte-3a88fd3fdd0d321f1cd0f9dc68ec0922\">Dette : la France va \u00e9mettre une deuxi\u00e8me obligation verte<\/a> &nbsp;(AFP)<\/p>\n\n\n\n<p><a href=\"https:\/\/www.boursorama.com\/actualite-economique\/actualites\/crise-du-covid-19-le-teletravail-a-permis-d-augmenter-de-22-la-productivite-des-salaries-selon-une-etude-ca93767bddd3de4118b9d8eaf5bd3f5f\">Le t\u00e9l\u00e9travail a permis d&rsquo;augmenter de 22 % la productivit\u00e9 des salari\u00e9s, selon une \u00e9tude<\/a>&nbsp; (Boursorama)<\/p>\n\n\n\n<p><a href=\"https:\/\/www.boursorama.com\/actualite-economique\/actualites\/comment-laurent-berger-compte-sortir-de-la-crise-068ce53c5952bbe657804b4be1710b4b\">Comment Laurent Berger compte sortir de la crise<\/a> (Boursorama et les Echos)<\/p>\n\n\n\n<p><a href=\"https:\/\/www.boursorama.com\/actualite-economique\/actualites\/l-ecotaxe-sur-les-poids-lourds-de-retour-f45f1b9294e43dc34b6532d923a66cb6\">L&rsquo;\u00e9cotaxe sur les poids lourds de retour ?<\/a> (Boursorama)<\/p>\n\n\n\n<p><a href=\"https:\/\/www.boursorama.com\/actualite-economique\/actualites\/pour-le-patron-du-medef-la-reforme-des-retraites-est-morte-et-enterree-25098bdc3f2dc7a40c598c9f274bb7da\">Pour le patron du Medef, la r\u00e9forme des retraites \u00ab\u00a0est morte et enterr\u00e9e\u00a0\u00bb<\/a> (Boursorama)<\/p>\n\n\n\n<figure class=\"wp-block-image size-large is-resized\"><img data-recalc-dims=\"1\" loading=\"lazy\" decoding=\"async\" src=\"https:\/\/i0.wp.com\/www.rdpemancipation.org\/wp-content\/uploads\/2021\/03\/Capture-medef.png?resize=392%2C215&#038;ssl=1\" alt=\"\" class=\"wp-image-20554\" width=\"392\" height=\"215\" srcset=\"https:\/\/i0.wp.com\/www.rdpemancipation.org\/wp-content\/uploads\/2021\/03\/Capture-medef.png?w=545&amp;ssl=1 545w, https:\/\/i0.wp.com\/www.rdpemancipation.org\/wp-content\/uploads\/2021\/03\/Capture-medef.png?resize=300%2C165&amp;ssl=1 300w\" sizes=\"auto, (max-width: 392px) 100vw, 392px\" \/><figcaption><span class=\"has-inline-color has-black-color\"><sup>\u00ab\u00a0La r\u00e9forme qui \u00e9tait propos\u00e9e, mal expliqu\u00e9e, mal pr\u00e9par\u00e9e depuis le d\u00e9but du quinquennat,&nbsp;<\/sup><\/span><br><span class=\"has-inline-color has-black-color\"><sup><strong>je pense qu&rsquo;elle est morte et enterr\u00e9e &#8230;<\/strong>\u00a0\u00bb Geoffroy Roux de B\u00e9zieux<\/sup><\/span><\/figcaption><\/figure>\n\n\n\n<p><a href=\"https:\/\/www.boursorama.com\/actualite-economique\/actualites\/le-constructeur-volkswagen-annonce-un-plan-de-suppressions-d-emploi-2567c8f5242e9272716be13bf4161cc9\">Le constructeur Volkswagen annonce un plan de suppressions d&#8217;emploi<\/a> &nbsp;&nbsp;(AFP)<\/p>\n\n\n\n<p><a href=\"https:\/\/www.boursorama.com\/videos\/actualites\/francois-villeroy-de-galhau-gouverneur-de-la-banque-de-france-la-bce-fera-preuve-de-flexibilite-a-tous-les-niveaux-sur-les-rachats-d-obligations-bceb3374e34e33efc389652054550015\">Banque de France : \u00ab\u00a0La BCE fera preuve de flexibilit\u00e9 \u00e0 tous les niveaux sur les rachats d&rsquo;obligations !\u00a0\u00bb<\/a> (Ecorama)<\/p>\n\n\n\n<p><a href=\"http:\/\/classiques.uqac.ca\/contemporains\/bihr_alain\/Economique_fetiche\/Economique_fetiche.html\">Lire ici \u00ab\u00a0L\u00e9conomie f\u00e9tiche. Fragment d\u2019une th\u00e9orie de la praxis capitaliste \u00a0\u00bb (1979) de Alain Bihr <\/a>(UQAC)<\/p>\n\n\n\n<p><a href=\"https:\/\/theconversation.com\/shorteurs-activistes-comment-les-fonds-speculatifs-jouent-les-justiciers-sur-les-marches-156765\">\u00ab Shorteurs \u00bb activistes : comment les fonds sp\u00e9culatifs jouent les justiciers sur les march\u00e9s<\/a> (The Conversation)<\/p>\n\n\n\n<p><a href=\"https:\/\/www.alternatives-economiques.fr\/christian-chavagneux\/danone-ecueils-de-loi-pacte\/00098351\">Danone ou les \u00e9cueils de la loi Pacte <\/a><a>&nbsp;<\/a> &nbsp;(Alternatives \u00e9conomiques)<\/p>\n\n\n\n<p><a href=\"https:\/\/blogs.mediapart.fr\/ugictcgt\/blog\/090321\/quoi-quil-en-coute-borne-presente-laddition-aux-chomeurs\">Quoi qu&rsquo;il en co\u00fbte : Borne pr\u00e9sente l&rsquo;addition aux ch\u00f4meurs<\/a> &nbsp;(Le blog des Ing\u00e9s Cadres Techs CGT)<\/p>\n\n\n\n<p><a href=\"https:\/\/www.alternatives-economiques.fr\/femmes-argent-tyrannie-couple\/00098383\">Dossier Femmes et argent, la tyrannie du couple<\/a> &nbsp;&nbsp;(Alternatives \u00e9conomiques)<\/p>\n\n\n\n<figure class=\"wp-block-image size-large\"><img data-recalc-dims=\"1\" loading=\"lazy\" decoding=\"async\" width=\"395\" height=\"222\" src=\"https:\/\/i0.wp.com\/www.rdpemancipation.org\/wp-content\/uploads\/2021\/03\/image-76.png?resize=395%2C222&#038;ssl=1\" alt=\"\" class=\"wp-image-20386\" srcset=\"https:\/\/i0.wp.com\/www.rdpemancipation.org\/wp-content\/uploads\/2021\/03\/image-76.png?w=395&amp;ssl=1 395w, https:\/\/i0.wp.com\/www.rdpemancipation.org\/wp-content\/uploads\/2021\/03\/image-76.png?resize=300%2C169&amp;ssl=1 300w\" sizes=\"auto, (max-width: 395px) 100vw, 395px\" \/><\/figure>\n\n\n\n<p><a href=\"https:\/\/www.boursorama.com\/actualite-economique\/actualites\/teletravail-un-an-apres-le-grand-desenchantement-4adbb5c3a81e98ae65a4d6315a7bd2db\">T\u00e9l\u00e9travail : un an apr\u00e8s, le grand d\u00e9senchantement ?<\/a> &nbsp;(AFP)<\/p>\n\n\n\n<p><a href=\"https:\/\/www.boursorama.com\/actualite-economique\/actualites\/quotas-de-logements-sociaux-la-loi-sru-sera-perennisee-au-dela-de-2025-7bb86113e96400199713376c9de4b03c\">Quotas de logements sociaux : la loi SRU sera p\u00e9rennis\u00e9e au-del\u00e0 de 2025<\/a> &nbsp;(AFP)<\/p>\n\n\n\n<p><strong><span class=\"has-inline-color has-vivid-red-color\">14 mars en continu<\/span><\/strong><\/p>\n\n\n\n<p><a href=\"https:\/\/blog.insee.fr\/impact-de-la-crise-sanitaire-sur-les-entreprises-une-enquete-en-un-temps-record\/\">Impact de la crise sanitaire sur les entreprises : une enqu\u00eate en un temps record<\/a> &nbsp;(Le blog de l\u2019INSEE)<\/p>\n\n\n\n<p><a href=\"https:\/\/www.les-crises.fr\/droits-d-auteur-google-a-accepte-de-verser-76-millions-de-dollars-sur-trois-ans-aux-editeurs-francais\/\">Droits d&rsquo;auteur : Google a accept\u00e9 de verser 76 millions de dollars sur trois ans aux \u00e9diteurs fran\u00e7ais<\/a> (Les Crises)<\/p>\n\n\n\n<p><a href=\"https:\/\/www.les-crises.fr\/la-politique-des-taux-negatifs-ne-peut-etre-defendue-que-par-des-gens-qui-n-ont-jamais-cree-un-emploi-par-daniel-lacalle\/\">\u00ab La politique des taux n\u00e9gatifs ne peut \u00eatre d\u00e9fendue que par des gens qui n\u2019ont jamais cr\u00e9\u00e9 un emploi \u00bb<\/a> (Les Crises)<\/p>\n\n\n\n<p><a href=\"https:\/\/www.les-crises.fr\/pandemie-covid-19-grave-situation-en-ile-de-france-et-dans-le-nord-par-olivier-berruyer\/\">&nbsp;Covid-19 : grave situation en \u00cele-de-France et dans le Nord sous la pression des variants <\/a>-Olivier Berruyer<\/p>\n\n\n\n<p><a href=\"https:\/\/www.anti-k.org\/2021\/03\/14\/axa-epingle-comme-un-assureur-de-lexpansion-gaziere\/\">AXA \u00e9pingl\u00e9 comme un assureur de l\u2019expansion gazi\u00e8re&nbsp;<\/a> (Reclaim Finance)<\/p>\n\n\n\n<figure class=\"wp-block-image is-resized is-style-default\"><img loading=\"lazy\" decoding=\"async\" src=\"https:\/\/scontent.fsti4-1.fna.fbcdn.net\/v\/t1.0-9\/160908636_1164388447316955_3433449870819523510_n.png?_nc_cat=109&amp;ccb=1-3&amp;_nc_sid=730e14&amp;_nc_ohc=JkeyzCHv5mMAX_ABsDB&amp;_nc_ht=scontent.fsti4-1.fna&amp;oh=0c7a2c4b47a5ee3ca3f2eb314302c667&amp;oe=6071E510\" alt=\"Peut \u00eatre un dessin anim\u00e9 de texte\" width=\"288\" height=\"410\"\/><\/figure>\n\n\n\n<p><a href=\"http:\/\/www.contretemps.eu\/finance-autoritaire-brexit-capitalisme\/\">Une autre histoire du Brexit ? \u00c0 propos de La finance autoritaire de M. Benquet et T. Bourgeron<\/a> (Contretemps)<\/p>\n\n\n\n<p><a href=\"https:\/\/www.revolutionpermanente.fr\/AstraZeneca-Une-polemique-due-a-l-irrationalite-capitaliste-Levee-immediate-des-brevets\">AstraZeneca&nbsp;: Une pol\u00e9mique due \u00e0 l\u2019irrationalit\u00e9 capitaliste. Lev\u00e9e imm\u00e9diate des brevets&nbsp;!<\/a> (RP)<\/p>\n\n\n\n<p><a href=\"https:\/\/blogs.mediapart.fr\/jean-marc-b\/blog\/130321\/appel-de-paris-il-faut-liberer-la-production-des-vaccins\">Appel de Paris : il faut lib\u00e9rer la production des vaccins <\/a>-vid\u00e9o<\/p>\n\n\n\n<figure class=\"wp-block-embed is-type-video is-provider-youtube wp-block-embed-youtube wp-embed-aspect-16-9 wp-has-aspect-ratio\"><div class=\"wp-block-embed__wrapper\">\n<iframe loading=\"lazy\" title=\"Conference de presse Appel de Paris : il faut lib\u00e9rer la production des vaccins (11 mars 2021)\" width=\"1200\" height=\"675\" src=\"https:\/\/www.youtube.com\/embed\/y5_CGAUhY_w?feature=oembed\" frameborder=\"0\" allow=\"accelerometer; autoplay; clipboard-write; encrypted-media; gyroscope; picture-in-picture\" allowfullscreen><\/iframe>\n<\/div><\/figure>\n\n\n\n<p><strong><span class=\"has-inline-color has-vivid-red-color\">13 mars en continu<\/span><\/strong><\/p>\n\n\n\n<p><a href=\"https:\/\/www.mediapart.fr\/studio\/documentaires\/culture-idees\/oncle-bernard-l-anti-lecon-d-economie-un-entretien-filme-en-2000-charlie-hebdo\">\u00ab Oncle Bernard, l\u2019anti-le\u00e7on d\u2019\u00e9conomie \u00bb<\/a>&nbsp; (documentaire, M\u00e9diapart)<\/p>\n\n\n\n<p><a href=\"https:\/\/blogs.mediapart.fr\/delaunay-matthieu\/blog\/100321\/manuel-pour-un-monde-plus-vivable\">Manuel pour un monde plus vivable<\/a> &nbsp;(blog Delaunay Matthieu)<\/p>\n\n\n\n<p><a href=\"https:\/\/www.lemonde.fr\/economie\/article\/2021\/03\/12\/renault-met-en-vente-la-fonderie-de-bretagne-les-salaries-ne-se-laisseront-pas-faire_6072945_3234.html\">Renault met en vente la Fonderie de Bretagne, les salari\u00e9s \u00ab&nbsp;ne se laisseront pas faire&nbsp;\u00bb <\/a>&nbsp;(Le Monde)<\/p>\n\n\n\n<figure class=\"wp-block-image size-large is-resized\"><img data-recalc-dims=\"1\" loading=\"lazy\" decoding=\"async\" src=\"https:\/\/i0.wp.com\/www.rdpemancipation.org\/wp-content\/uploads\/2021\/03\/image-69.png?resize=323%2C215&#038;ssl=1\" alt=\"\" class=\"wp-image-20201\" width=\"323\" height=\"215\"\/><figcaption><sup>Ma\u00ebl Le Goff (\u00e0 gauche), d\u00e9l\u00e9gu\u00e9 CGT, le 29 mai 2020, <br>devant le site Renault de Caudan.&nbsp;FRED TANNEAU \/ AFP<\/sup><\/figcaption><\/figure>\n\n\n\n<p><a href=\"https:\/\/www.lemonde.fr\/idees\/article\/2021\/03\/12\/morts-de-desespoir-les-ravages-du-capitalisme-predateur-sur-la-classe-ouvriere-americaine_6072835_3232.html\">\u00ab&nbsp;Morts de d\u00e9sespoir&nbsp;\u00bb&nbsp;: les ravages du capitalisme pr\u00e9dateur sur la classe ouvri\u00e8re am\u00e9ricaine <\/a>&nbsp;(Le Monde)<\/p>\n\n\n\n<p><a href=\"https:\/\/www.lemonde.fr\/idees\/article\/2021\/03\/12\/la-croyance-selon-laquelle-le-merite-determine-la-reussite-est-fausse_6072843_3232.html\">\u00ab&nbsp;La croyance selon laquelle le m\u00e9rite d\u00e9termine la r\u00e9ussite est fausse&nbsp;\u00bb <\/a>&nbsp;(Tribune Le Monde)<\/p>\n\n\n\n<p><a href=\"https:\/\/www.lemonde.fr\/les-decodeurs\/article\/2021\/03\/04\/des-milliards-un-traite-et-de-la-magie-les-cles-du-debat-sur-l-annulation-de-la-dette-covid_6071914_4355770.html\">Des milliards d\u2019euros, un trait\u00e9 et de la magie&nbsp;: comprendre le d\u00e9bat sur l\u2019annulation de la \u00ab&nbsp;dette Covid&nbsp;\u00bb <\/a>&nbsp;(Le Monde)<\/p>\n\n\n\n<p><a href=\"https:\/\/info.alternatives-economiques.fr\/optiext\/optiextension.dll?ID=jRQjOZ_TunOzNhukCVoQVZl_EYPFpsX_VWHZVTkX4IRC2Tn5bfC5ztBozd5HB3jquHnWqX3oxpql85AN9pcN%2BYIk3QxXL\" target=\"_blank\" rel=\"noreferrer noopener\">Stephanie Kelton&nbsp;: \u00ab&nbsp;Les d\u00e9ficits ne sont pas intrins\u00e8quement dangereux&nbsp;\u00bb<\/a> (Alternatives \u00e9conomiques)<\/p>\n\n\n\n<p><a href=\"https:\/\/info.alternatives-economiques.fr\/optiext\/optiextension.dll?ID=oSToT0TlFAFJLVymgrwMzVPli_e9nM6w7LNvQbKWFRSUOOrEgDTPwOIunRFMGd_pUF_8dpoVUi_aVLpMHemtebjYFWTUb\" target=\"_blank\" rel=\"noreferrer noopener\">C\u00d4T\u00c9 RECHERCHE :&nbsp;30 000 ans d\u2019in\u00e9galit\u00e9s<\/a> (Alternatives \u00e9conomiques)<\/p>\n\n\n\n<figure class=\"wp-block-image size-large is-resized\"><img data-recalc-dims=\"1\" loading=\"lazy\" decoding=\"async\" src=\"https:\/\/i0.wp.com\/www.rdpemancipation.org\/wp-content\/uploads\/2021\/03\/image-68.png?resize=258%2C137&#038;ssl=1\" alt=\"\" class=\"wp-image-20200\" width=\"258\" height=\"137\"\/><\/figure>\n\n\n\n<p><a href=\"https:\/\/www.boursorama.com\/actualite-economique\/actualites\/l-australien-mathias-cormann-va-prendre-la-tete-de-l-ocde-26f6dcc39ad6f47878463fb669772b3a\">L&rsquo;Australien Mathias Cormann va prendre la t\u00eate de l&rsquo;OCDE<\/a> &nbsp;(AFP)<\/p>\n\n\n\n<p><a href=\"https:\/\/www.boursorama.com\/actualite-economique\/actualites\/le-bitcoin-depasse-pour-la-premiere-fois-la-barre-des-60-000-dollars-0f493d3fa19acb0f54c98b948160c168\">Le bitcoin d\u00e9passe pour la premi\u00e8re fois la barre des 60.000 dollars<\/a> &nbsp;(AFP)<\/p>\n\n\n\n<p><a href=\"https:\/\/adherez.attac.org\/civicrm\/mailing\/url?u=17553&amp;qid=14950461\" target=\"_blank\" rel=\"noreferrer noopener\">Que faire des g\u00e9ants num\u00e9riques&nbsp;?<\/a> &nbsp;(Les Possibles, Attac)<\/p>\n\n\n\n<p><a href=\"https:\/\/adherez.attac.org\/civicrm\/mailing\/url?u=17555&amp;qid=14950461\" target=\"_blank\" rel=\"noreferrer noopener\">Capitalisme num\u00e9rique et fiscalit\u00e9<\/a> &nbsp;(Les Possibles, Attac)<\/p>\n\n\n\n<p><a href=\"https:\/\/adherez.attac.org\/civicrm\/mailing\/url?u=17556&amp;qid=14950461\" target=\"_blank\" rel=\"noreferrer noopener\">Zoom&nbsp;: un empire invisible<\/a> &nbsp;(Les Possibles, Attac)<\/p>\n\n\n\n<p><a href=\"https:\/\/adherez.attac.org\/civicrm\/mailing\/url?u=17564&amp;qid=14950461\" target=\"_blank\" rel=\"noreferrer noopener\">La monnaie est une dette, mais aupr\u00e8s de qui&nbsp;?<\/a> &nbsp;(Les Possibles, Attac)<\/p>\n\n\n\n<p><a href=\"https:\/\/r.newsletter.cgt.fr\/mk\/cl\/f\/AufTUMdGaVYNzZG2suedaQft51_T8xU_FHiT0NKnunmmnC7_mgTl9I3S_RCdo9hlpvZOVBu6pCW1vUwmDMNQ0XgTLBKzuFerwsnGs3nM_9EptY-uq6xhFZgq6KeyLTYAK2gqUWG_v7rYv_vU_Jwg7lVUEX2Yi2cOuoXcnAguJRBmNnePKKU8FhUOuvlQvP7GWcg40LfUsKvNnu_vqxSLe1Pj3DA1qpURhZfm3JxGyILj6VaVpyIfAnzX9IOn1apjt5mogZfVXJTk6Xk-NyZ5-sOJQt0OGLeggNgjZRV_kvwsKkopWxnCNWsA7MDETK1xgoRDBDqJv7Dps8DGz3dRrc3bwM65As3yxHP0P3_kR4e_L4n2EAQKhA\">Relocaliser la fili\u00e8re \u00e9lectronique<\/a> (CGT)<\/p>\n\n\n\n<p><a href=\"https:\/\/www.lemediatv.fr\/articles\/2021\/yachts-tableaux-cybersecurite-israelienne-les-secrets-offshore-du-principal-donateur-danticor-u7-VaaQiTWWnyexcB8qxPQ\">Yachts, tableaux, cybers\u00e9curit\u00e9 isra\u00e9lienne : les secrets offshore du principal donateur d&rsquo;Anticor<\/a> (Le M\u00e9dia)&nbsp;<\/p>\n\n\n\n<p><a href=\"https:\/\/reporterre.net\/Victoire-pour-Lactalis-il-n-est-plus-obligatoire-d-indiquer-l-origine-geographique-du\">Victoire pour Lactalis&nbsp;: il n&rsquo;est plus obligatoire d&rsquo;indiquer l&rsquo;origine g\u00e9ographique du lait<\/a> (Reporterre)<\/p>\n\n\n\n<p><a href=\"https:\/\/www.boursorama.com\/actualite-economique\/actualites\/grande-distribution-peu-de-ruissellement-pour-les-heros-de-la-premiere-vague-5b66a4e813b2b7611ebe792b0e851dd1\">Grande distribution : peu de ruissellement pour les \u00ab\u00a0h\u00e9ros\u00a0\u00bb de la premi\u00e8re vague<\/a> &nbsp;(AFP)<\/p>\n\n\n\n<figure class=\"wp-block-image is-resized is-style-default\"><img data-recalc-dims=\"1\" loading=\"lazy\" decoding=\"async\" src=\"https:\/\/i0.wp.com\/static.mediapart.fr\/etmagine\/default\/files\/2021\/03\/13\/macron-ruisselement.jpg?resize=380%2C329&#038;ssl=1\" alt=\"macron-ruisselement\" width=\"380\" height=\"329\"\/><\/figure>\n\n\n\n<p><strong><span class=\"has-inline-color has-vivid-red-color\">12 mars en continu<\/span><\/strong><\/p>\n\n\n\n<p><a href=\"https:\/\/www.mediapart.fr\/journal\/france\/120321\/le-ruissellement-reste-l-ideologie-structurante-du-gouvernement\">Le \u2018ruissellement\u2019 reste l\u2019id\u00e9ologie structurante du gouvernement<\/a> (M\u00e9diapart)<\/p>\n\n\n\n<figure class=\"wp-block-image size-large is-resized\"><img data-recalc-dims=\"1\" loading=\"lazy\" decoding=\"async\" src=\"https:\/\/i0.wp.com\/www.rdpemancipation.org\/wp-content\/uploads\/2021\/03\/image-64.png?resize=391%2C188&#038;ssl=1\" alt=\"\" class=\"wp-image-20096\" width=\"391\" height=\"188\" srcset=\"https:\/\/i0.wp.com\/www.rdpemancipation.org\/wp-content\/uploads\/2021\/03\/image-64.png?w=442&amp;ssl=1 442w, https:\/\/i0.wp.com\/www.rdpemancipation.org\/wp-content\/uploads\/2021\/03\/image-64.png?resize=300%2C145&amp;ssl=1 300w\" sizes=\"auto, (max-width: 391px) 100vw, 391px\" \/><figcaption><sup>CGT Energies 77<\/sup><\/figcaption><\/figure>\n\n\n\n<p><\/p>\n\n\n\n<p><a href=\"https:\/\/www.boursorama.com\/actualite-economique\/actualites\/les-responsables-de-la-bce-divergent-sur-les-retombees-du-plan-de-relance-us-selon-des-sources-149c6bdc6a2a19b8c5c630e1ac479daf\">Les responsables de la BCE divergent sur les retomb\u00e9es du plan de relance US, selon des sources<\/a> (Reuters)<\/p>\n\n\n\n<p><a href=\"https:\/\/www.boursorama.com\/actualite-economique\/actualites\/l-australien-mathias-cormann-elu-secretaire-general-de-l-ocde-sources-proches-ed0012d7fc85238499fb8969c2b61aec\">L&rsquo;Australien Mathias Cormann \u00e9lu secr\u00e9taire g\u00e9n\u00e9ral de l&rsquo;OCDE <\/a>&nbsp;(AFP)<\/p>\n\n\n\n<p><a href=\"https:\/\/www.boursorama.com\/actualite-economique\/actualites\/automobile-l-europe-decidee-a-gagner-la-bataille-de-l-electrique-filiere-riche-en-emplois-9c01136a0b4e01c13060d12da80d6a59\">Automobile : l&rsquo;Europe d\u00e9cid\u00e9e \u00e0 gagner la bataille de l&rsquo;\u00e9lectrique, fili\u00e8re riche en emplois<\/a> (AFP)<\/p>\n\n\n\n<p><a href=\"https:\/\/www.boursorama.com\/actualite-economique\/actualites\/la-pandemie-a-precipite-la-ratp-dans-le-rouge-une-premiere-pour-le-groupe-037de1430549d42d65f01208b1f5e3f9\">La pand\u00e9mie a pr\u00e9cipit\u00e9 la RATP dans le rouge, une premi\u00e8re pour le groupe<\/a> (AFP)<\/p>\n\n\n\n<p>&nbsp;<a href=\"https:\/\/www.boursorama.com\/videos\/actualites\/une-penurie-de-semi-conducteurs-entraine-des-retards-de-livraisons-dans-l-automobile-9c76d7d1fa062adc3fd0026b2e7b4dc3\">Une p\u00e9nurie de semi-conducteurs entra\u00eene des retards de livraisons dans l&rsquo;automobile<\/a> (France 24)<\/p>\n\n\n\n<p><a href=\"https:\/\/www.boursorama.com\/videos\/actualites\/parite-au-travail-la-crise-aggrave-les-inegalites-019c33af6712df76422bd8fd9d9deb48\">Parit\u00e9 au travail&nbsp;: la crise aggrave les in\u00e9galit\u00e9s<\/a> &nbsp;(France 24)<\/p>\n\n\n\n<figure class=\"wp-block-image size-large is-resized\"><img data-recalc-dims=\"1\" loading=\"lazy\" decoding=\"async\" src=\"https:\/\/i0.wp.com\/www.rdpemancipation.org\/wp-content\/uploads\/2021\/03\/image-65.png?resize=344%2C239&#038;ssl=1\" alt=\"\" class=\"wp-image-20097\" width=\"344\" height=\"239\" srcset=\"https:\/\/i0.wp.com\/www.rdpemancipation.org\/wp-content\/uploads\/2021\/03\/image-65.png?w=395&amp;ssl=1 395w, https:\/\/i0.wp.com\/www.rdpemancipation.org\/wp-content\/uploads\/2021\/03\/image-65.png?resize=300%2C208&amp;ssl=1 300w\" sizes=\"auto, (max-width: 344px) 100vw, 344px\" \/><figcaption><sup>Villejuif en lutte<\/sup><\/figcaption><\/figure>\n\n\n\n<p><a href=\"https:\/\/www.boursorama.com\/actualite-economique\/actualites\/pas-de-risque-de-surchauffe-inflationniste-en-europe-selon-villeroy-de-galhau-7d0da8fd538aac5b97e7ad98200b8d04\">Pas de risque de \u00ab\u00a0surchauffe inflationniste\u00a0\u00bb en Europe, selon Villeroy de Galhau<\/a> (Reuters)<\/p>\n\n\n\n<p><a href=\"https:\/\/www.boursorama.com\/actualite-economique\/actualites\/rebond-des-creations-d-entreprises-en-fevrier-insee-4d5c3242ac191bbdbe6dcb98d1c55aba\">Rebond des cr\u00e9ations d&rsquo;entreprises en f\u00e9vrier (Insee)<\/a> (AFP)<\/p>\n\n\n\n<p><a href=\"https:\/\/www.humanite.fr\/covid-19-mobilisation-pour-faire-du-vaccin-un-bien-public-701316#xtor=RSS-1\">Covid-19. Mobilisation pour faire du vaccin un bien public<\/a> (L\u2019Humanit\u00e9)&nbsp;<\/p>\n\n\n\n<p><a href=\"https:\/\/www.boursorama.com\/actualite-economique\/actualites\/charterhouse-en-negociations-exclusives-avec-cvc-pour-ceder-cooper-3f82170a0df0163caecdca0d2a96c135\">Charterhouse en n\u00e9gociations exclusives avec CVC pour c\u00e9der Cooper<\/a> (Reuters)<\/p>\n\n\n\n<p><a href=\"https:\/\/l.facebook.com\/l.php?u=https:\/\/www.lefigaro.fr\/flash-eco\/le-cabinet-mckinsey-bouscule-par-des-scandales-se-choisit-un-nouveau-patron-20210311?fbclid=IwAR3HrFXZJ3YJCQwhNryeGJNa_ud5T2Ztj8WL_HlNI3STUqc_Q-ffqIJ_PEo&amp;h=AT3qje9hI13BRBbw1PLCjDEgK2XXa9lYMkRGeuo7F-mhF5uVnML3Y9xAxVTYUpsX7U2iR-8B9wxlv_8dmGknqsN8jEyiFJiQIxa6yJlRm_x6g38BIAxVOXZ6cgyupfQsyWJIH90&amp;__tn__=,mH-R&amp;c%5B0%5D=AT2T7BQMMCwc4A10EFRouZ3x1ayZK2uepK97TjkvzZWL2ST_OGFwZ8QVa0zVciOkETiGv3WHPF1T7eZLgeiZqT0eXlN5txkbXes8SFtGuGt0N44EhN8_HYMah1yFMPVDProidjuilI7h-_ubs5YWg2pIhlpx96NsRrPRjrKh6uAQuZs\">Le cabinet McKinsey, bouscul\u00e9 par des scandales, se choisit un nouveau patron <\/a>(Le Figaro)<\/p>\n\n\n\n<p><a href=\"https:\/\/www.boursorama.com\/actualite-economique\/actualites\/carrefour-condamne-a-1-75-million-d-euros-d-amende-apres-une-enquete-de-la-dgccrf-7151a1e25129cf4d306d9b75251daeef\">Carrefour condamn\u00e9 \u00e0 1,75 million d&rsquo;euros d&rsquo;amende apr\u00e8s une enqu\u00eate de la DGCCRF<\/a> (Reuters)<\/p>\n\n\n\n<figure class=\"wp-block-image size-large is-resized\"><img data-recalc-dims=\"1\" loading=\"lazy\" decoding=\"async\" src=\"https:\/\/i0.wp.com\/www.rdpemancipation.org\/wp-content\/uploads\/2021\/03\/Capture-carrefour.png?resize=384%2C185&#038;ssl=1\" alt=\"\" class=\"wp-image-20033\" width=\"384\" height=\"185\" srcset=\"https:\/\/i0.wp.com\/www.rdpemancipation.org\/wp-content\/uploads\/2021\/03\/Capture-carrefour.png?w=621&amp;ssl=1 621w, https:\/\/i0.wp.com\/www.rdpemancipation.org\/wp-content\/uploads\/2021\/03\/Capture-carrefour.png?resize=300%2C145&amp;ssl=1 300w\" sizes=\"auto, (max-width: 384px) 100vw, 384px\" \/><\/figure>\n\n\n\n<p><a href=\"https:\/\/www.mediapart.fr\/journal\/economie\/110321\/bce-l-elephant-du-stimulus-americain-est-dans-la-piece\">BCE: l\u2019\u00e9l\u00e9phant du stimulus am\u00e9ricain est dans la pi\u00e8ce<\/a> (M\u00e9diapart)<\/p>\n\n\n\n<p><a href=\"https:\/\/www.mediapart.fr\/journal\/international\/110321\/devoir-de-vigilance-des-entreprises-le-parlement-europeen-voit-grand\">Devoir de vigilance des entreprises: le Parlement europ\u00e9en voit grand<\/a> (M\u00e9diapart)<\/p>\n\n\n\n<p><a href=\"http:\/\/cadtm.org\/Ne%CC%81olibe%CC%81ralisme-et-retrait-de-la-puissance-publique-quand-l-emprunt-remplace\">N\u00e9olib\u00e9ralisme et retrait de la puissance publique : quand l&#8217;emprunt remplace l&rsquo;\u00c9tat<\/a> (CADTM)&nbsp;<\/p>\n\n\n\n<p><a href=\"https:\/\/theconversation.com\/course-au-vaccin-la-propriete-intellectuelle-cest-le-vol-qui-freine-linnovation-156806\">Course au vaccin : la propri\u00e9t\u00e9 intellectuelle, c\u2019est le \u00ab vol \u00bb qui freine l\u2019innovation<\/a> (The Conversation)<\/p>\n\n\n\n<p><a href=\"https:\/\/www.humanite.fr\/retard-dans-la-production-de-vaccins-le-document-qui-accable-les-labos-701300#xtor=RSS-1\">Retard dans la production de vaccins : le document qui accable les labos<\/a> (L\u2019Humanit\u00e9)<\/p>\n\n\n\n<p><a href=\"https:\/\/www.mediapart.fr\/journal\/france\/110321\/mobilisation-citoyenne-contre-le-demantelement-d-edf\">Mobilisation citoyenne contre le d\u00e9mant\u00e8lement d\u2019EDF<\/a> (M\u00e9diapart)<\/p>\n\n\n\n<p><a href=\"https:\/\/www.mediapart.fr\/journal\/france\/110321\/l-etau-se-resserre-autour-du-patron-milliardaire-iskandar-safa\">L\u2019\u00e9tau se resserre autour du patron milliardaire Iskandar Safa<\/a> (M\u00e9diapart)<\/p>\n\n\n\n<p><a href=\"https:\/\/reporterre.net\/Deux-cents-fermes-ouvertes-pour-sensibiliser-a-l-agriculture-paysanne\">Deux cents fermes ouvertes pour sensibiliser \u00e0 l&rsquo;agriculture paysanne<\/a> (Reporterre)&nbsp;<\/p>\n\n\n\n<figure class=\"wp-block-image is-resized is-style-default\"><img loading=\"lazy\" decoding=\"async\" src=\"https:\/\/scontent.fhex4-1.fna.fbcdn.net\/v\/t1.0-9\/159922491_1162933534129113_9079390001010077761_o.jpg?_nc_cat=106&amp;ccb=1-3&amp;_nc_sid=730e14&amp;_nc_ohc=t6vCMBGVIBsAX9zAB-6&amp;_nc_ht=scontent.fhex4-1.fna&amp;oh=d26cf09412bdb6ec16079d3593bb3d4d&amp;oe=606F55AD\" alt=\"Peut \u00eatre une image de plein air\" width=\"399\" height=\"225\"\/><\/figure>\n\n\n\n<p><strong><span class=\"has-inline-color has-vivid-red-color\">11 mars en continu<\/span><\/strong><\/p>\n\n\n\n<p><a href=\"https:\/\/www.boursorama.com\/actualite-economique\/actualites\/le-chef-de-l-onu-avertit-d-un-risque-de-millions-de-morts-lors-de-famines-752869ff2003db45dbfeaebcd6c8d055\">Le chef de l&rsquo;ONU avertit d&rsquo;un risque de \u00ab\u00a0millions\u00a0\u00bb de morts lors de famines<\/a> &nbsp;(AFP)<\/p>\n\n\n\n<p><a href=\"https:\/\/www.boursorama.com\/actualite-economique\/actualites\/un-an-de-crise-des-degats-lourds-un-bilan-provisoire-et-une-sortie-incertaine-3b6e60685191033fab2a752f819df0eb\">Un an de crise&nbsp;: des d\u00e9g\u00e2ts lourds, un bilan provisoire et une sortie incertaine<\/a> (AFP)<\/p>\n\n\n\n<figure class=\"wp-block-image size-large is-resized\"><img data-recalc-dims=\"1\" loading=\"lazy\" decoding=\"async\" src=\"https:\/\/i0.wp.com\/www.rdpemancipation.org\/wp-content\/uploads\/2021\/03\/image-57.png?resize=390%2C260&#038;ssl=1\" alt=\"\" class=\"wp-image-19884\" width=\"390\" height=\"260\" srcset=\"https:\/\/i0.wp.com\/www.rdpemancipation.org\/wp-content\/uploads\/2021\/03\/image-57.png?w=433&amp;ssl=1 433w, https:\/\/i0.wp.com\/www.rdpemancipation.org\/wp-content\/uploads\/2021\/03\/image-57.png?resize=300%2C200&amp;ssl=1 300w\" sizes=\"auto, (max-width: 390px) 100vw, 390px\" \/><\/figure>\n\n\n\n<p><a href=\"https:\/\/www.boursorama.com\/actualite-economique\/actualites\/renault-annonce-ceder-l-integralite-de-sa-participation-dans-daimler-bca0ae795fd062c2173b12c86f3e3831\">Renault annonce c\u00e9der l&rsquo;int\u00e9gralit\u00e9 de sa participation dans Daimler<\/a> &nbsp;(Reuters)<\/p>\n\n\n\n<p><a href=\"https:\/\/www.boursorama.com\/actualite-economique\/actualites\/france-l-economie-en-bonne-voie-pour-rebondir-au-premier-semestre-selon-l-insee-d9836b326a6254c4739c989a3818bf52\">France, L&rsquo;\u00e9conomie en bonne voie pour rebondir au premier semestre, selon l&rsquo;Insee<\/a> (Reuters)<\/p>\n\n\n\n<p><a href=\"https:\/\/www.boursorama.com\/actualite-economique\/actualites\/espagne-les-livreurs-a-domicile-seront-presumes-salaries-une-premiere-europeenne-2798f2d311f378f0a60a206216e5bc83\">Espagne, les livreurs \u00e0 domicile seront \u00ab\u00a0pr\u00e9sum\u00e9s\u00a0\u00bb salari\u00e9s, une premi\u00e8re europ\u00e9enne<\/a> (AFP)<\/p>\n\n\n\n<p>&nbsp;<a href=\"https:\/\/www.boursorama.com\/videos\/actualites\/plans-de-relance-ce-n-est-pas-qu-une-question-d-argent-9ac9bd5493d0e780a7bb2b2bd8e31cdf\">Plans de relance&nbsp;: \u00ab\u00a0Ce n&rsquo;est pas qu&rsquo;une question d&rsquo;argent\u00a0\u00bb<\/a> &nbsp;(France 24)<\/p>\n\n\n\n<p><a href=\"https:\/\/www.boursorama.com\/actualite-economique\/actualites\/la-bce-va-accelerer-ses-rachats-de-dette-mais-n-est-pas-inquiete-pour-l-inflation-411ecc7765c7c8a0bd9bce70836e10a0\">La BCE va acc\u00e9l\u00e9rer ses rachats de dette mais n&rsquo;est pas inqui\u00e8te pour l&rsquo;inflation<\/a> (AFP)<\/p>\n\n\n\n<p><a href=\"https:\/\/www.boursorama.com\/actualite-economique\/actualites\/la-bce-releve-sa-prevision-d-inflation-2021-a-1-5-3468eb338b8639f92ed65ad385123014\">La BCE rel\u00e8ve sa pr\u00e9vision d&rsquo;inflation 2021 \u00e0 1,5%<\/a> (Reuters)<\/p>\n\n\n\n<p><a href=\"https:\/\/www.boursorama.com\/actualite-economique\/actualites\/la-bce-va-accelerer-ses-achats-pour-freiner-la-hausse-des-rendements-76d94041f00f715312fa3313d33b5145\">La BCE va acc\u00e9l\u00e9rer ses achats pour freiner la hausse des rendements<\/a> (Reuters)<\/p>\n\n\n\n<p><a href=\"https:\/\/www.boursorama.com\/actualite-economique\/actualites\/gb-londres-retarde-de-nouveaux-controles-aux-frontieres-avec-l-ue-c3077979a36f88696e5812f1a1b97a25\">Londres retarde de nouveaux contr\u00f4les aux fronti\u00e8res avec l&rsquo;UE<\/a> (Reuters)<\/p>\n\n\n\n<p><a href=\"https:\/\/www.boursorama.com\/actualite-economique\/actualites\/edf-paris-espere-un-accord-avec-bruxelles-dans-les-prochaines-semaines-9f931e80f632337a9c36d140d4c540d2\">EDF, Paris esp\u00e8re un accord avec Bruxelles dans les prochaines semaines<\/a> (Reuters)<\/p>\n\n\n\n<p><a href=\"https:\/\/www.boursorama.com\/actualite-economique\/actualites\/voies-navigables-3-mds-eur-d-investissements-d-ici-2030-447258bb9342fa312564b60a1ce9e585\">Voies navigables, 3 mds EUR d&rsquo;investissements d&rsquo;ici 2030<\/a> (AFP)<\/p>\n\n\n\n<p>&nbsp;<a href=\"https:\/\/www.boursorama.com\/videos\/actualites\/une-victoire-historique-biden-salue-l-adoption-de-son-plan-de-relance-94b7f818f458236ac3cd381006eaf1e6\">\u00ab\u00a0Une victoire historique\u00a0\u00bb: Biden salue l&rsquo;adoption de son plan de relance<\/a> (AFP vid\u00e9o)<\/p>\n\n\n\n<p><a href=\"https:\/\/www.boursorama.com\/actualite-economique\/actualites\/la-fortune-de-buffett-franchit-le-cap-des-100-milliards-de-dollars-7fcf8133a67fc6b8a0a6b0a9677a23a6\">La fortune de Buffett franchit le cap des 100 milliards de dollars<\/a> (AFP)<\/p>\n\n\n\n<p><a href=\"https:\/\/www.boursorama.com\/actualite-economique\/actualites\/plan-social-chez-sfr-les-syndicats-denoncent-un-scandale-social-economique-et-financier-740e9fde5e49958f583fd7d5ee736c7e\">Plan social chez SFR : les syndicats d\u00e9noncent \u00ab\u00a0un scandale social, \u00e9conomique et financier\u00a0\u00bb<\/a> (AFP)<\/p>\n\n\n\n<figure class=\"wp-block-image is-resized is-style-default\"><img loading=\"lazy\" decoding=\"async\" src=\"https:\/\/scontent.fhex4-2.fna.fbcdn.net\/v\/t1.0-9\/160190034_1162295094192957_3654181904950936333_n.png?_nc_cat=109&amp;ccb=1-3&amp;_nc_sid=730e14&amp;_nc_eui2=AeGYrPdPfQy06pK5nrMviA60Rv6vh7eI3VhG_q-Ht4jdWN-5wjjnCvRtihr12AygWXk&amp;_nc_ohc=SJLw5f4LiB4AX8Skg6o&amp;_nc_ht=scontent.fhex4-2.fna&amp;oh=d82ea1f436e6334552a80507fd1a0aa9&amp;oe=606FD280\" alt=\"Peut \u00eatre un dessin anim\u00e9 de texte\" width=\"302\" height=\"411\"\/><\/figure>\n\n\n\n<p><a href=\"https:\/\/www.cadtm.org\/Penser-l-oligarchie-la-classe-dominante-et-le-peuple-classe\">Penser l\u2019oligarchie, la classe dominante et le peuple-classe<\/a> -Christian Delarue<\/p>\n\n\n\n<p><a href=\"https:\/\/www.boursorama.com\/actualite-economique\/actualites\/les-entreprises-ont-beneficie-de-50-milliards-de-reports-de-charges-castex-3bfc8d58ef1b6f136cc54438801b3569\">Les entreprises ont b\u00e9n\u00e9fici\u00e9 de 50 milliards de reports de charges (Castex)<\/a> (AFP)<\/p>\n\n\n\n<p><strong><span class=\"has-inline-color has-vivid-red-color\">10 mars en continu<\/span><\/strong><\/p>\n\n\n\n<p><a href=\"https:\/\/www.boursorama.com\/actualite-economique\/actualites\/usa-l-inflation-s-est-acceleree-en-fevrier-a-1-7-sur-un-an-f4b10956e86d4a24de189fde69e9b68d\">USA: L&rsquo;inflation s&rsquo;est acc\u00e9l\u00e9r\u00e9e en f\u00e9vrier \u00e0 1,7% sur un an<\/a> <strong>&nbsp;<\/strong>(Reuters)<\/p>\n\n\n\n<p><a href=\"https:\/\/www.boursorama.com\/videos\/actualites\/la-bce-sous-la-pression-des-marches-ba11666f32e3194d5be14ca6c86e5a1c\">La BCE sous la pression des march\u00e9s ?<\/a> &nbsp;(Ecorama)<\/p>\n\n\n\n<p><a href=\"https:\/\/www.boursorama.com\/boursoramag\/actualites\/a-laguiole-le-plus-celebre-couteau-francais-veut-proteger-son-savoir-faire-6a192f5a027adabb781faccbf2fd8383\">A Laguiole, le plus c\u00e9l\u00e8bre couteau fran\u00e7ais veut prot\u00e9ger son savoir-faire<\/a> &nbsp;(AFP)<\/p>\n\n\n\n<figure class=\"wp-block-image size-large is-resized\"><img data-recalc-dims=\"1\" loading=\"lazy\" decoding=\"async\" src=\"https:\/\/i0.wp.com\/www.rdpemancipation.org\/wp-content\/uploads\/2021\/03\/image-49.png?resize=290%2C196&#038;ssl=1\" alt=\"\" class=\"wp-image-19715\" width=\"290\" height=\"196\" srcset=\"https:\/\/i0.wp.com\/www.rdpemancipation.org\/wp-content\/uploads\/2021\/03\/image-49.png?w=355&amp;ssl=1 355w, https:\/\/i0.wp.com\/www.rdpemancipation.org\/wp-content\/uploads\/2021\/03\/image-49.png?resize=300%2C203&amp;ssl=1 300w\" sizes=\"auto, (max-width: 290px) 100vw, 290px\" \/><figcaption><sup>AFP, Photo Georges Gobet<\/sup><\/figcaption><\/figure>\n\n\n\n<p><a href=\"https:\/\/www.boursorama.com\/videos\/actualites\/quand-les-perspectives-economiques-s-ameliorent-enfin-6c9f66350f7e0742d5c16923d5bb4139\">Quand les perspectives \u00e9conomiques s&rsquo;am\u00e9liorent enfin !<\/a> &nbsp;(Ecorama)<\/p>\n\n\n\n<p><a href=\"https:\/\/www.boursorama.com\/actualite-economique\/actualites\/la-fortune-d-elon-musk-s-envole-de-25-milliards-en-une-journee-un-record-7e4c684b19e31f17ae3baa59282ae9f0\">La fortune d&rsquo;Elon Musk s&rsquo;envole de 25&nbsp;milliards en une journ\u00e9e, un record<\/a> &nbsp;(Le Point)<\/p>\n\n\n\n<p><a href=\"https:\/\/www.boursorama.com\/videos\/actualites\/prospectives-mondiales-le-regne-des-incertitudes-29599e51e7ff466779b44a6ca8ad89d4\">Prospectives mondiales : le r\u00e8gne des incertitudes<\/a> <strong>&nbsp;<\/strong>(France 24)<\/p>\n\n\n\n<p><a href=\"https:\/\/www.boursorama.com\/actualite-economique\/actualites\/france-la-production-industrielle-s-est-nettement-redressee-en-janvier-a03ea986b9b97dea31c2375d67c6a26b\">France, la production industrielle s&rsquo;est nettement redress\u00e9e en janvier<\/a> &nbsp;(Reuters)<\/p>\n\n\n\n<figure class=\"wp-block-image size-large\"><img data-recalc-dims=\"1\" loading=\"lazy\" decoding=\"async\" width=\"321\" height=\"216\" src=\"https:\/\/i0.wp.com\/www.rdpemancipation.org\/wp-content\/uploads\/2021\/03\/image-48.png?resize=321%2C216&#038;ssl=1\" alt=\"\" class=\"wp-image-19712\" srcset=\"https:\/\/i0.wp.com\/www.rdpemancipation.org\/wp-content\/uploads\/2021\/03\/image-48.png?w=321&amp;ssl=1 321w, https:\/\/i0.wp.com\/www.rdpemancipation.org\/wp-content\/uploads\/2021\/03\/image-48.png?resize=300%2C202&amp;ssl=1 300w\" sizes=\"auto, (max-width: 321px) 100vw, 321px\" \/><\/figure>\n\n\n\n<p><a href=\"https:\/\/www.boursorama.com\/actualite-economique\/actualites\/lego-signe-une-annee-record-en-2020-dbcac1cc86dd967af1ed4c44f53986ea\">Lego signe une ann\u00e9e record en 2020<\/a> <strong>&nbsp;<\/strong>(AFP)<\/p>\n\n\n\n<p><a href=\"https:\/\/www.boursorama.com\/videos\/actualites\/faillite-du-preteur-greensill-des-milliers-d-emplois-menaces-dans-le-monde-e7b698d8af419ad16c75822c5e2cad4d\">Faillite du pr\u00eateur Greensill : des milliers d&#8217;emplois menac\u00e9s dans le monde<\/a> <strong>&nbsp;<\/strong>(France 24)<\/p>\n\n\n\n<p><a href=\"https:\/\/www.boursorama.com\/actualite-economique\/actualites\/le-lion-de-peugeot-ne-retournera-pas-aux-etats-unis-69211989ae507671103bfa476bc466c7\">Le lion de Peugeot ne retournera pas aux Etats-Unis<\/a> <strong>&nbsp;<\/strong>(AFP)<\/p>\n\n\n\n<p><a href=\"https:\/\/www.boursorama.com\/actualite-economique\/actualites\/le-piratage-de-microsoft-met-biden-au-defi-de-la-cyber-riposte-4a2d8e10a1139a0d4be0735d0582a0e8\">Le piratage de Microsoft met Biden au d\u00e9fi de la cyber-riposte<\/a> <strong>&nbsp;<\/strong>(AFP)<\/p>\n\n\n\n<p><a href=\"https:\/\/www.youtube.com\/watch?v=TzSGHWUDX3A\">Banquier d&rsquo;affaires face aux crises ? <\/a>&nbsp;(Thinkerview)<\/p>\n\n\n\n<p><a href=\"https:\/\/www.boursorama.com\/actualite-economique\/actualites\/quels-sont-les-dix-plus-grands-paradis-fiscaux-du-monde-fc5833e25d65d8affe82e0d32dee04bd\">Quels sont les dix plus grands paradis fiscaux du monde?<\/a> (Boursorama)<\/p>\n\n\n\n<p><a href=\"http:\/\/cadtm.org\/Video-Comptoir-de-la-dette-Dettes-coloniales-reconnaissances-et-reparations\">[Video] Comptoir de la dette : Dettes coloniales, reconnaissances et r\u00e9parations<\/a> ( CADTM)&nbsp;<\/p>\n\n\n\n<p><a href=\"https:\/\/www.boursorama.com\/actualite-economique\/actualites\/rallye-va-ceder-l-enseigne-go-sport-pour-un-euro-e33da763a4ed18ac7119286680262c6c\">Rallye va c\u00e9der l&rsquo;enseigne Go Sport pour un euro<\/a> (AFP)<\/p>\n\n\n\n<figure class=\"wp-block-image size-large\"><img data-recalc-dims=\"1\" loading=\"lazy\" decoding=\"async\" width=\"285\" height=\"191\" src=\"https:\/\/i0.wp.com\/www.rdpemancipation.org\/wp-content\/uploads\/2021\/03\/image-50.png?resize=285%2C191&#038;ssl=1\" alt=\"\" class=\"wp-image-19718\"\/><\/figure>\n\n\n\n<p><a href=\"http:\/\/cadtm.org\/Une-dette-ne-se-rembourse-pas-par-principe-et-sous-n-importe-quelle-condition\">Une dette ne se rembourse pas par principe et sous n&rsquo;importe quelle condition<\/a> (CADTM)<\/p>\n\n\n\n<p><a href=\"http:\/\/link.newsletter.franceculture.fr\/m\/surl\/7429\/643739\/HVHlkqW91KMDsM1W6ytEZW9C5lXTLJmivm821gAfcU8=\/link_4\/Eiyf4-eHxRw6XmV9-eIW4SgjNh284iSYNa5CdUw4fmMkYgJhQ6C6HRrS-axhjY4JWCjEpR5k59+AuZbJ9oqoO95rkJqkgQhj5z-Z6sNQgYn8QkvaHNrDW+ubYY8QHuSKFimNhX4y5CpAPNLbOCBxwM2OFZYlbRuBqqHkIEXKoLKn6f13ahGRyo09JXRsn6vJn2rSKzjSbUxBtiZJjPn1faO0BuE3apCV4yp6PpI6x57DpQadBQ9Ai-peNxYGf+xegJOHY7SEB-tzWjGnNR82+Q4xGw6uNKTy2Jw9Qj+BMtCjgHFklkRk4-x0e6dY1D74GUk-s8BecQe3iKX9JzShss04rWqY0Ezhg2kplSsu5a8=\">Elinor Ostrom : premi\u00e8re femme laur\u00e9ate du prix Nobel d&rsquo;\u00e9conomie, th\u00e9oricienne des \u00ab\u00a0biens communs\u00a0\u00bb<\/a> (France Culture)<\/p>\n\n\n\n<p><a href=\"https:\/\/l.facebook.com\/l.php?u=https:\/\/www.ouest-france.fr\/pays-de-la-loire\/la-fleche-72200\/sarthe-des-agriculteurs-deversent-des-tonnes-de-dechets-devant-leclerc-a-la-fleche-sable-montval-7180135?fbclid=IwAR3M7p9Wlt_ySDOz_VDkEmXMxSBNOM9uSQq1qy3_6Yallo93QHNZlsYDPtk&amp;h=AT3WP02nAJL8uvCcHFMUn1BBtkVNXKActoU-Bl0989NIN3VqQp3alU1_FFoTevt5uT9jdoZehJT5zpM3y6K1yBvQZMqeCRJoyboOJ1LXf8Cl4K9vLuUYsjvfe7JCFN6HRilUPHk&amp;__tn__=,mH-R&amp;c%5B0%5D=AT3FRXV68-z66RJhXCZb9hWCz1b06l12sIIAoyzVCGoTq09KTMTsr0yOlfusP1BQShfkmWiY2vKVA5nJEMHyFUcVgkJKCOPd-CPNjumjB-v43fYOzayAnP-IhL4YZrtKVcgGCUJxltFexrYU07Jw0-BOBxX5VFH7NEycOxMOttIOccg\">Sarthe. Des agriculteurs d\u00e9versent des tonnes de d\u00e9chets devant plusieurs centres Leclerc <\/a>(Ouest-France)<\/p>\n\n\n\n<p><a href=\"https:\/\/lanticapitaliste.org\/arguments\/ecologie\/pour-un-veritable-service-public-de-lenergie\">Pour un v\u00e9ritable service public de l\u2019\u00e9nergie<\/a> (L\u2019Anticapitaliste)<\/p>\n\n\n\n<p><a href=\"https:\/\/www.anti-k.org\/2021\/03\/10\/tax-justice-network-lindice-des-paradis-fiscaux-des-entreprises-2021\/\">Tax Justice Network : l\u2019Indice des paradis fiscaux des entreprises 2021&nbsp;<\/a> (Attac France)<\/p>\n\n\n\n<figure class=\"wp-block-image is-resized is-style-default\"><img loading=\"lazy\" decoding=\"async\" src=\"https:\/\/i0.wp.com\/www.anti-k.org\/wp-content\/uploads\/2021\/03\/arton7878-bee47-672ac.png?resize=678%2C381&amp;ssl=1\" alt=\"\" width=\"470\" height=\"263\" title=\"arton7878-bee47-672ac\"\/><\/figure>\n\n\n\n<p><strong><span class=\"has-inline-color has-vivid-red-color\">9 mars en continu<\/span><\/strong><\/p>\n\n\n\n<p><a href=\"https:\/\/www.boursorama.com\/actualite-economique\/actualites\/le-vaste-plan-de-relance-de-biden-soumis-au-vote-final-mercredi-41f5e55f4fd3e838cfe6d6a22f127177\">Le vaste plan de relance de Biden soumis au vote final mercredi<\/a> <strong>&nbsp;<\/strong>(AFP)<\/p>\n\n\n\n<p><a href=\"https:\/\/www.boursorama.com\/actualite-economique\/actualites\/france-le-deficit-2020-de-la-secu-revu-en-baisse-a-38-9-milliards-d-euros-07426e095ee51831158c3740bb34aead\">France: Le d\u00e9ficit 2020 de la S\u00e9cu revu en baisse, \u00e0 38,9 milliards d&rsquo;euros<\/a> &nbsp;(Reuters)<\/p>\n\n\n\n<p><a href=\"https:\/\/www.boursorama.com\/actualite-economique\/actualites\/l-ue-veut-doubler-sa-part-des-semi-conducteurs-d-ici-a-2030-daebda8677904def00aa29bbcfc4a721\">L&rsquo;UE veut doubler sa part des semi-conducteurs d&rsquo;ici \u00e0 2030<\/a> <strong>&nbsp;<\/strong>(AFP)<\/p>\n\n\n\n<p><a href=\"https:\/\/www.boursorama.com\/videos\/actualites\/cac-40-les-6-000-points-et-plus-en-ligne-de-mire-8ad66171fec3737fd1410ead89955584\">CAC 40 : les 6.000 points (et plus) en ligne de mire ?<\/a> <strong>&nbsp;<\/strong>(Ecorama)<\/p>\n\n\n\n<p><a href=\"https:\/\/www.boursorama.com\/actualite-economique\/actualites\/l-ocde-releve-fortement-sa-prevision-de-croissance-mondiale-a-5-6-en-2021-88d43fae704f9fc60417c8bcfbf8357c\">L&rsquo;OCDE rel\u00e8ve fortement sa pr\u00e9vision de croissance mondiale \u00e0 5,6% en 2021<\/a> <strong>&nbsp;<\/strong>(AFP)<\/p>\n\n\n\n<p><a href=\"https:\/\/www.boursorama.com\/actualite-economique\/actualites\/le-plan-biden-et-la-vaccination-cocktail-gagnant-pour-l-ocde-7f6d8fcbf4dc395a5cba516681147825\">Le plan Biden et la vaccination, cocktail gagnant pour l&rsquo;OCDE<\/a> <strong>&nbsp;<\/strong>(AFP)<\/p>\n\n\n\n<figure class=\"wp-block-image size-large\"><img data-recalc-dims=\"1\" loading=\"lazy\" decoding=\"async\" width=\"362\" height=\"254\" src=\"https:\/\/i0.wp.com\/www.rdpemancipation.org\/wp-content\/uploads\/2021\/03\/image-44.png?resize=362%2C254&#038;ssl=1\" alt=\"\" class=\"wp-image-19559\" srcset=\"https:\/\/i0.wp.com\/www.rdpemancipation.org\/wp-content\/uploads\/2021\/03\/image-44.png?w=362&amp;ssl=1 362w, https:\/\/i0.wp.com\/www.rdpemancipation.org\/wp-content\/uploads\/2021\/03\/image-44.png?resize=300%2C210&amp;ssl=1 300w\" sizes=\"auto, (max-width: 362px) 100vw, 362px\" \/><figcaption><sup>Laurence Boone, cheffe \u00e9conomiste de l&rsquo;OCDE. Photo AFP<\/sup><\/figcaption><\/figure>\n\n\n\n<p><a href=\"https:\/\/www.boursorama.com\/actualite-economique\/actualites\/zone-euro-la-chute-du-pib-au-4e-trimestre-plus-marquee-qu-attendu-d4947c87cc27dba078523a652ffcabbe\">Zone euro: La chute du PIB au 4e trimestre plus marqu\u00e9e qu&rsquo;attendu<\/a> &nbsp;(Reuters)<\/p>\n\n\n\n<p><a href=\"https:\/\/www.boursorama.com\/actualite-economique\/actualites\/la-croissance-sera-au-moins-egale-a-5-en-2021-selon-le-gouverneur-de-la-banque-de-france-4ed10231c838dd8a0a1334aa078e545a\">La croissance sera \u00ab\u00a0au moins \u00e9gale \u00e0 5%\u00a0\u00bb en 2021, selon le gouverneur de la Banque de France<\/a> <strong>&nbsp;<\/strong>(AFP)<\/p>\n\n\n\n<p><a href=\"https:\/\/www.connaissancedesenergies.org\/afp\/les-multinationales-nont-pas-ameliore-leur-action-pour-le-climat-210308\">Action pour le climat : \u00ab&nbsp;tr\u00e8s peu de changement sur le fond&nbsp;\u00bb pour les multinationales fran\u00e7aises, selon l&rsquo;association Notre affaire \u00e0 tous<\/a> &nbsp;(AFP)<\/p>\n\n\n\n<p><a href=\"https:\/\/info.alternatives-economiques.fr\/optiext\/optiextension.dll?ID=VnmVmHV5VPANtzdVikP77HJ4GKgpU8Tk_yjRHybDcrW%2B_m1FN6%2BkUOQqL7srrcoJ1dI2hyvt7tRuD9MQwc0pP8o2dJXhN\" target=\"_blank\" rel=\"noreferrer noopener\">Imp\u00f4ts : le quotient conjugal ou la prime aux m\u00e2les<\/a> (Alternatives \u00e9conomiques)<\/p>\n\n\n\n<p><a href=\"https:\/\/u7061146.ct.sendgrid.net\/ls\/click?upn=4tNED-2FM8iDZJQyQ53jATUVGBt0Oh6SFOnunqD87JepjLjZQd9YpHNMkllsGKOlWr65T5jww0p4g5SaD-2FTD7CJw-3D-3Dv256_9lJWQoRg-2BKaa3KSkJQTCZvagMEBZxhyko68STv2neD104rAgh4-2BHvwhfJM-2Bulku4SPsdi1x-2BQaLTy-2B0yroQ2ShPye2-2FUwLWVBK3go7xz2K-2F5zzqiuFI69bpXcAXEroGLrM-2FQu2ZucHS7HHMS6yi4gtFeNQCfKk2T19rV4tmZPuudfvBcYsBxYf0tf4BhFzDhliGeq9R2DhGPhIrDEH8vTZsCKpc8dQug8DTqMn-2BpnoJTeqOR-2B3nVdbhyNV94Qzz7TVP2nQSRedw4-2B1SMwA4nYdb8-2B-2BJihTpXmxBs864TvmP1ROiKJjIbaKulfCE5ipVMcxL9BJJhHzEk3M4lTNtA6WflE7zHIFt5dA4bTb3YXfU-3D\" target=\"_blank\" rel=\"noreferrer noopener\">Perspectives \u00e9conomiques interm\u00e9diaires<\/a><em> <\/em>(OCDE)<\/p>\n\n\n\n<p><a href=\"https:\/\/www.lacledesondes.fr\/article\/cryptomonnaies-contre-banques-centrales--une-lutte-pour-la-souverainete-monetaire\">Cryptomonnaies contre banques centrales : une lutte pour la souverainet\u00e9 mon\u00e9taire<\/a> (La Cl\u00e9 des Ondes)<\/p>\n\n\n\n<p><a href=\"https:\/\/www.cadtm.org\/Lutter-contre-la-dette-contre-l-offensive-patriarcale\">Lutter contre la dette, contre l\u2019offensive patriarcale<\/a> (Ecologistas en acci\u00f3n)<\/p>\n\n\n\n<p><a href=\"https:\/\/www.boursorama.com\/actualite-economique\/actualites\/le-maire-promet-le-soutien-de-l-etat-aux-salaries-de-liberty-apres-la-faillite-de-greensill-0e0361f00919f8fcb42b02cd07657f3b\">Le Maire promet le soutien de l&rsquo;Etat aux salari\u00e9s de Liberty apr\u00e8s la faillite de Greensill<\/a> (Reuters)<\/p>\n\n\n\n<p><strong><span class=\"has-inline-color has-vivid-red-color\">8 mars en continu<\/span><\/strong><\/p>\n\n\n\n<p><a href=\"https:\/\/www.boursorama.com\/videos\/actualites\/marches-obligataires-une-desinvolture-coupable-de-la-fed-54fe89227dc90e1349b34b9a05049cba\">March\u00e9s obligataires : une d\u00e9sinvolture coupable de la Fed ?<\/a> &nbsp;(Ecorama)<\/p>\n\n\n\n<p><a href=\"https:\/\/www.boursorama.com\/actualite-economique\/actualites\/le-dollar-monte-encore-l-inflation-americaine-inquiete-02e70c3d7f082af8b06ae786e4aa1d27\">Le dollar monte encore, l&rsquo;inflation am\u00e9ricaine inqui\u00e8te<\/a> &nbsp;(AFP)<\/p>\n\n\n\n<p><a href=\"https:\/\/www.boursorama.com\/videos\/actualites\/bourse-la-fin-des-valeurs-techno-5bcb3bf41322fed334e38159299ae172\">Bourse : la fin des valeurs techno ?<\/a> &nbsp;(Ecorama)<\/p>\n\n\n\n<p><a href=\"https:\/\/www.boursorama.com\/actualite-economique\/actualites\/voyage-une-destination-sur-trois-est-fermee-aux-touristes-dans-le-monde-5c8c10e4c9dc8e530dcddea203f27747\">Voyage : une destination sur trois est ferm\u00e9e aux touristes dans le monde<\/a> &nbsp;(Boursorama)<\/p>\n\n\n\n<p><a href=\"https:\/\/www.boursorama.com\/actualite-economique\/actualites\/accord-ue-usa-sur-les-quotas-agricoles-apres-le-brexit-6f9a9c5f484555b6aa3c953f96ed0a96\">Accord UE-USA sur les quotas agricoles apr\u00e8s le Brexit<\/a> &nbsp;(Reuters)<\/p>\n\n\n\n<p><a href=\"https:\/\/www.boursorama.com\/videos\/actualites\/impots-quand-le-fisc-nous-surveille-sur-les-reseaux-sociaux-501ca0f0733e9edcdd2a1bd1bfeb298f\">Imp\u00f4ts : quand le fisc nous surveille sur les r\u00e9seaux sociaux&#8230;<\/a> &nbsp;(Ecorama)<\/p>\n\n\n\n<p><a href=\"https:\/\/www.boursorama.com\/videos\/actualites\/quand-tesla-investit-dans-le-nickel-caledonien-624279973c8038eec30264e580cc6a33\">Quand Tesla investit dans le nickel cal\u00e9donien&#8230;<\/a> &nbsp;(Ecorama)<\/p>\n\n\n\n<p><a href=\"https:\/\/portail-ie.fr\/short\/2656\/les-nouvelles-routes-de-la-soie-sinvitent-en-france-via-le-port-allemand-de-duisbourg\">Les nouvelles routes de la soie s\u2019invitent en France, via le port allemand de Duisbourg<\/a> (Portail de l\u2019IE)<\/p>\n\n\n\n<figure class=\"wp-block-image is-style-default\"><img data-recalc-dims=\"1\" decoding=\"async\" src=\"https:\/\/i0.wp.com\/portail-ie.fr\/media\/cache\/29\/e0\/29e05d4a80f39f691a0a3ba477012ae6.jpg?w=1200&#038;ssl=1\" alt=\"\"\/><\/figure>\n\n\n\n<p><strong><span class=\"has-inline-color has-vivid-red-color\">7 mars en continu<\/span><\/strong><\/p>\n\n\n\n<p><a href=\"https:\/\/info.alternatives-economiques.fr\/optiext\/optiextension.dll?ID=eMNeNMe974NtBnZHhHCCO945PjpplJsVziA223PS5P55aVY0mB2dtvX8Ze_hGQ3s_QS%2BfWsGyJu7AoMrnwK82GASbpVeA\" target=\"_blank\" rel=\"noreferrer noopener\">Taxer les gagnants de la crise<\/a> &nbsp;(Alternatives \u00e9conomiques)<\/p>\n\n\n\n<p><a href=\"https:\/\/www.agenceecofin.com\/finance?utm_source=newsletter_14380&amp;utm_medium=email&amp;utm_campaign=ecofin-gestion-publique-finance-05-03-2021\" target=\"_blank\" rel=\"noreferrer noopener\">Une simple interview de Jerome Hayden Powell a fait bouger les march\u00e9s am\u00e9ricains, voici pourquoi<\/a> &nbsp;(\u00e9cofin)<\/p>\n\n\n\n<figure class=\"wp-block-image is-resized\"><img data-recalc-dims=\"1\" loading=\"lazy\" decoding=\"async\" src=\"https:\/\/i0.wp.com\/www.agenceecofin.com\/images\/news\/0503-85893-une-simple-interview-de-jerome-hayden-powell-a-fait-bouger-les-marches-americains-voici-pourquoi_M.jpg?resize=378%2C252&#038;ssl=1\" alt=\"Une simple interview de Jerome Hayden Powell a fait bouger les march\u00e9s am\u00e9ricains, voici pourquoi\" width=\"378\" height=\"252\"\/><\/figure>\n\n\n\n<p><a href=\"https:\/\/www.agenceecofin.com\/trade\/0503-85868-le-petrole-gagne-5-2-et-atteint-son-plus-haut-niveau-depuis-14-mois\">Le p\u00e9trole gagne 5,2&nbsp;% et atteint son plus haut niveau depuis 14 mois<\/a> (\u00e9cofin)<\/p>\n\n\n\n<p><a href=\"https:\/\/www.boursorama.com\/actualite-economique\/actualites\/chine-bond-des-exportations-en-janvier-et-fevrier-7182fb38d640af0797cbe068b6e5f9bb\">Chine. Bond des exportations en janvier et f\u00e9vrier<\/a> (Reuters)<\/p>\n\n\n\n<p><a href=\"https:\/\/www.boursorama.com\/boursoramag\/actualites\/trop-cher-le-quartier-latin-a-paris-fait-fuir-ses-librairies-84d63ed5a45aed6533ae7969cf1ff05e\">Trop cher, le Quartier latin \u00e0 Paris fait fuir ses librairies<\/a> &nbsp;(AFP)<\/p>\n\n\n\n<p><a href=\"https:\/\/www.connaissancedesenergies.org\/afp\/lancement-du-premier-ecosysteme-territorial-hydrogene-auxerre-210305\">Un \u00ab&nbsp;\u00e9cosyst\u00e8me territorial hydrog\u00e8ne&nbsp;\u00bb lanc\u00e9 \u00e0 Auxerre, premi\u00e8re commande de trains \u00e0 hydrog\u00e8ne <\/a>(AFP)<\/p>\n\n\n\n<p><a href=\"https:\/\/www.connaissancedesenergies.org\/afp\/bollore-ca-en-retrait-de-3-cause-des-activites-petrolieres-le-benefice-net-bondit-de-79-210304\">Bollor\u00e9 annonce un chiffre d&rsquo;affaires en retrait de 3% en 2020 mais une croissance de 79% de son b\u00e9n\u00e9fice net<\/a> (AFP)<\/p>\n\n\n\n<p><a href=\"https:\/\/www.oxfamfrance.org\/communiques-de-presse\/sondage-exclusif-plus-des-deux-tiers-des-francais-es-favorables-a-ce-que-les-gouvernements-mettent-fin-au-controle-exclusif-des-entreprises-pharmaceutiques-sur-la-composition-et-les-technologies-des\/\">Pour 2\/3 des Fran\u00e7ais les gouvernements doivent mettent fin au contr\u00f4le exclusif Big Pharma sur composition et technologies des vaccins COVID19<\/a> (Oxfam)<\/p>\n\n\n\n<p><a href=\"https:\/\/www.oxfamfrance.org\/communiques-de-presse\/entreprises-du-cac40-un-modele-insoutenable-pour-la-planete\/\">Entreprises du CAC40 : un mod\u00e8le insoutenable pour la plan\u00e8te<\/a> (Oxfam)<\/p>\n\n\n\n<figure class=\"wp-block-image size-large is-resized\"><img data-recalc-dims=\"1\" loading=\"lazy\" decoding=\"async\" src=\"https:\/\/i0.wp.com\/www.rdpemancipation.org\/wp-content\/uploads\/2021\/03\/image-35.png?resize=241%2C315&#038;ssl=1\" alt=\"\" class=\"wp-image-19190\" width=\"241\" height=\"315\" srcset=\"https:\/\/i0.wp.com\/www.rdpemancipation.org\/wp-content\/uploads\/2021\/03\/image-35.png?w=246&amp;ssl=1 246w, https:\/\/i0.wp.com\/www.rdpemancipation.org\/wp-content\/uploads\/2021\/03\/image-35.png?resize=230%2C300&amp;ssl=1 230w\" sizes=\"auto, (max-width: 241px) 100vw, 241px\" \/><figcaption><sup>Nouveau livre de Louis Maurin, directeur de l&rsquo;Observatoire des in\u00e9galit\u00e9s<\/sup><\/figcaption><\/figure>\n\n\n\n<p><strong><span class=\"has-inline-color has-vivid-red-color\">6 mars <\/span><\/strong><\/p>\n\n\n\n<p><a href=\"https:\/\/www.boursorama.com\/actualite-economique\/actualites\/le-plan-de-relance-de-biden-franchit-l-etape-decisive-du-senat-23d259fda8f7636baffbfccc0d76584e\">Le plan de relance de Biden franchit l&rsquo;\u00e9tape d\u00e9cisive du S\u00e9nat<\/a>&nbsp; (AFP)<\/p>\n\n\n\n<p><a href=\"https:\/\/www.boursorama.com\/actualite-economique\/actualites\/castex-debloque-60-millions-d-aides-d-urgence-aux-eleveurs-5657e17902618ec66952c16d4c274ed3\">Castex d\u00e9bloque 60 millions d&rsquo;aides d&rsquo;urgence aux \u00e9leveurs<\/a> &nbsp;(AFP)<\/p>\n\n\n\n<p><a href=\"https:\/\/www.boursorama.com\/actualite-economique\/actualites\/le-dollar-au-plus-haut-en-trois-mois-face-a-l-euro-apres-de-bons-chiffres-de-l-emploi-52e35021b4aec85ea9f6d79a19d439af\">Le dollar au plus haut en trois mois face \u00e0 l&rsquo;euro apr\u00e8s de bons chiffres de l&#8217;emploi<\/a> &nbsp;(AFP)<\/p>\n\n\n\n<p><a href=\"https:\/\/www.boursorama.com\/actualite-economique\/actualites\/commerce-bruxelles-et-washington-veulent-prendre-un-nouveau-depart-a984727ba9f4ffcbcc38435c137224ad\">Commerce, Bruxelles et Washington veulent prendre un \u00ab\u00a0nouveau d\u00e9part\u00a0\u00bb<\/a> &nbsp;(AFP)<\/p>\n\n\n\n<p><a href=\"http:\/\/atterres.org\/sites\/default\/files\/Note%20EA%20Hercule.pdf\">L\u2019impasse de la lib\u00e9ralisation du march\u00e9 de l&rsquo;\u00e9lectricit\u00e9 et du projet Hercule.<\/a> (EA, Sud)<\/p>\n\n\n\n<p><a href=\"https:\/\/www.humanite.fr\/toujours-plus-les-nouvelles-faveurs-que-prepare-le-gouvernement-des-riches-701007#xtor=RSS-1\">Toujours plus : les nouvelles faveurs que pr\u00e9pare le gouvernement des riches <\/a>(L\u2019Humanit\u00e9)<\/p>\n\n\n\n<p><a href=\"https:\/\/www.humanite.fr\/la-mafia-deploie-ses-tentacules-sur-leconomie-italienne-grace-au-covid-700804#xtor=RSS-1\">La mafia d\u00e9ploie ses tentacules sur l&rsquo;\u00e9conomie italienne gr\u00e2ce au Covid<\/a> (L\u2019Humanit\u00e9)&nbsp;<\/p>\n\n\n\n<figure class=\"wp-block-image is-resized\"><img data-recalc-dims=\"1\" loading=\"lazy\" decoding=\"async\" src=\"https:\/\/i0.wp.com\/www.humanite.fr\/sites\/default\/files\/styles\/1048x350\/public\/images\/p19-mafia-def_mer.jpg?resize=444%2C191&#038;ssl=1\" alt=\"Rome, le 13 mai 2020. Manifestation contre le crime organis\u00e9. \u00a9 Stefano Montesi\/Corbis-Getty Images\" width=\"444\" height=\"191\"\/><figcaption><sub>Manifestation contre le crime organis\u00e9, \u00e0 Rome. \u00a9 Stefano Montesi\/Corbis-Getty Images<\/sub><\/figcaption><\/figure>\n\n\n\n<p><a href=\"https:\/\/blogs.mediapart.fr\/jean-marc-b\/blog\/060321\/les-differentes-dimensions-du-capitalisme-en-crise\">Les diff\u00e9rentes dimensions du capitalisme en crise <\/a>-CADTM<\/p>\n\n\n\n<p><a href=\"https:\/\/info.mediapart.fr\/optiext\/optiextension.dll?ID=oSToSp0cri_Dq0nQYyD6wu3P_l_XfogoTV1ZWZmCfRYDN9REhdRunXsmm6AWAXEDXP5bVaomD%2BOVQv7hPphsiellAR3UT\">L\u2019UE veut r\u00e9duire les microplastiques, malgr\u00e9 les pressions de l\u2019industrie<\/a> (M\u00e9diapart)<\/p>\n\n\n\n<p><a href=\"https:\/\/www.humanite.fr\/le-cac-40-regale-les-actionnaires-malgre-le-covid-19-701024#xtor=RSS-1\">Le CAC 40 r\u00e9gale les actionnaires malgr\u00e9 le Covid-19 <\/a>(L\u2019Humanit\u00e9)<\/p>\n\n\n\n<p><strong><span class=\"has-inline-color has-vivid-red-color\">5 mars en continu<\/span><\/strong><\/p>\n\n\n\n<p><a href=\"https:\/\/www.mediapart.fr\/journal\/economie\/050321\/les-futurs-chahutes-de-la-monnaie\">Les futurs chahut\u00e9s de la monnaie<\/a> &nbsp;Martine Orange (M\u00e9diapart)<\/p>\n\n\n\n<p><a href=\"https:\/\/www.mediapart.fr\/journal\/international\/050321\/fonder-une-economie-pour-le-peuple-avec-stephanie-kelton\">Fonder une \u00ab\u00e9conomie pour le peuple\u00bb avec Stephanie Kelton<\/a> &nbsp;(M\u00e9diapart)<\/p>\n\n\n\n<figure class=\"wp-block-image size-large is-resized\"><img data-recalc-dims=\"1\" loading=\"lazy\" decoding=\"async\" src=\"https:\/\/i0.wp.com\/www.rdpemancipation.org\/wp-content\/uploads\/2021\/03\/image-27.png?resize=249%2C373&#038;ssl=1\" alt=\"\" class=\"wp-image-18962\" width=\"249\" height=\"373\" srcset=\"https:\/\/i0.wp.com\/www.rdpemancipation.org\/wp-content\/uploads\/2021\/03\/image-27.png?w=216&amp;ssl=1 216w, https:\/\/i0.wp.com\/www.rdpemancipation.org\/wp-content\/uploads\/2021\/03\/image-27.png?resize=200%2C300&amp;ssl=1 200w\" sizes=\"auto, (max-width: 249px) 100vw, 249px\" \/><\/figure>\n\n\n\n<p><a href=\"https:\/\/blogs.mediapart.fr\/yves-besancon\/blog\/040321\/les-faux-contre-arguments-des-anti-annulationnistes-de-la-dette-publique\">Les faux contre-arguments des anti-annulationnistes de la dette publique<\/a> &nbsp;(Blog de Yves Besan\u00e7on)<\/p>\n\n\n\n<p><a href=\"https:\/\/www.boursorama.com\/actualite-economique\/actualites\/google-va-repercuter-la-taxe-gafa-sur-les-tarifs-de-ses-publicites-3fe1d1939010928a67aefbc4c4263845\">Google va r\u00e9percuter la taxe \u00ab\u00a0Gafa\u00a0\u00bb sur les tarifs de ses publicit\u00e9s<\/a> &nbsp;(AFP)<\/p>\n\n\n\n<p><a href=\"https:\/\/www.boursorama.com\/actualite-economique\/actualites\/usa-et-ue-suspendent-les-surtaxes-liees-au-conflit-airbus-boeing-selon-bloomberg-a99534a86bf06991ce3519b275f23664\">USA et UE suspendent les surtaxes li\u00e9es au conflit Airbus-Boeing, selon Bloomberg<\/a> &nbsp;(Reuters)<\/p>\n\n\n\n<p>&nbsp;<a href=\"https:\/\/www.boursorama.com\/videos\/actualites\/yannick-jadot-l-europe-se-fait-manipuler-par-les-labos-505fbfd2db63a46b62e359afeb6df314\">Yannick Jadot : \u00ab\u00a0L&rsquo;Europe se fait manipuler par les labos\u00a0\u00bb<\/a> &nbsp;(France 24)<\/p>\n\n\n\n<p><a href=\"https:\/\/www.boursorama.com\/actualite-economique\/actualites\/le-rebond-des-prix-en-zone-euro-juge-temporaire-7977c6ffb77ffd563b4dceb2d50f7bf3\">Le rebond des prix en zone euro jug\u00e9 temporaire<\/a> &nbsp;(Reuters)<\/p>\n\n\n\n<p>&nbsp;<a href=\"https:\/\/www.boursorama.com\/videos\/actualites\/les-banques-centrales-se-lancent-a-tout-va-dans-les-monnaies-numeriques-adae4357e4f9be7f32f38d868939a9a6\">Les banques centrales se lancent \u00e0 tout-va dans les monnaies num\u00e9riques<\/a> &nbsp;(France 24)<\/p>\n\n\n\n<p><a href=\"https:\/\/www.boursorama.com\/actualite-economique\/actualites\/opa-sur-suez-veolia-deboute-dans-un-volet-judiciaire-2435058cb0e9269ffa18fdc002582970\">OPA sur Suez : Veolia d\u00e9bout\u00e9 dans un volet judiciaire<\/a> &nbsp;(AFP)<\/p>\n\n\n\n<figure class=\"wp-block-image is-resized is-style-default\"><img loading=\"lazy\" decoding=\"async\" src=\"https:\/\/i2.wp.com\/p4.storage.canalblog.com\/46\/69\/405897\/128718671.jpg?ssl=1\" alt=\"sarko-Bracelet\" width=\"331\" height=\"481\"\/><\/figure>\n\n\n\n<p><a href=\"https:\/\/info.mediapart.fr\/optiext\/optiextension.dll?ID=dHGdL7CTw9TfSVDwkGSQJ%2BHRbRTn1sCW_cRoL6wF1i33RJdtlC0E2RtKPwPaAbPmdtmiGbbzXgW7nVtErqLgJL7WcWTtR\">Taxer les plus riches pour des soci\u00e9t\u00e9s plus solidaires &#8211; et f\u00e9ministes<\/a> -blog Magdalena Sep\u00falveda<\/p>\n\n\n\n<p><a href=\"https:\/\/www.boursorama.com\/actualite-economique\/actualites\/le-rendement-obligataire-a-10-ans-grimpe-et-wall-street-chute-apres-powell-483b4652c923456adabf1fbbf2f455c5\">Le rendement obligataire \u00e0 10 ans grimpe et Wall Street chute apr\u00e8s Powell<\/a> (AFP<strong>)<\/strong><\/p>\n\n\n\n<figure class=\"wp-block-image is-style-default\"><img data-recalc-dims=\"1\" decoding=\"async\" src=\"https:\/\/i0.wp.com\/cdn.publications-agora.com\/elements\/lca\/newsletter\/images\/contenu\/210303-LCA-1-2.png?w=1200&#038;ssl=1\" alt=\"\"\/><\/figure>\n\n\n\n<p><strong><span class=\"has-inline-color has-vivid-red-color\">4 mars en continu<\/span><\/strong><\/p>\n\n\n\n<p><a href=\"https:\/\/www.boursorama.com\/actualite-economique\/actualites\/les-prix-des-denrees-de-base-poursuivent-leur-ascension-selon-la-fao-3e54e6a571f4ac9f1ababc9a8c336a48\">Les prix des denr\u00e9es de base poursuivent leur ascension, selon la FAO<\/a> &nbsp;&nbsp;(AFP)<\/p>\n\n\n\n<p><a href=\"https:\/\/www.boursorama.com\/actualite-economique\/actualites\/l-ue-finalise-son-enquete-sur-apple-apres-la-plainte-de-spotify-ac6a370a37d8a47eef0fbf8557ede69c\">L&rsquo;UE finalise son enqu\u00eate sur Apple apr\u00e8s la plainte de Spotify<\/a> &nbsp;&nbsp;(Reuters)<\/p>\n\n\n\n<p><a href=\"https:\/\/www.boursorama.com\/actualite-economique\/actualites\/la-cour-des-comptes-epingle-la-complexite-de-la-reduction-de-loyer-de-solidarite-3af9c64ca3ee26092dadc5fcfcbc6a4a\">La Cour des comptes \u00e9pingle la complexit\u00e9 de la \u00ab\u00a0r\u00e9duction de loyer de solidarit\u00e9\u00a0\u00bb<\/a> &nbsp;(AFP)<\/p>\n\n\n\n<p><a href=\"https:\/\/www.boursorama.com\/actualite-economique\/actualites\/egalite-salariale-hommes-femmes-bruxelles-preconise-des-amendes-c683af5c5543a6092f33fb15b1d24ec5\">Egalit\u00e9 salariale hommes\/femmes: Bruxelles pr\u00e9conise des amendes<\/a> &nbsp;(AFP)<\/p>\n\n\n\n<p><a href=\"https:\/\/www.boursorama.com\/actualite-economique\/actualites\/a-paris-une-premiere-vente-aux-encheres-judiciaire-de-bitcoins-ec225c8f0c7cfa3e27cf34231608da0a\">\u00c0 Paris, une premi\u00e8re vente aux ench\u00e8res judiciaire de bitcoins<\/a> &nbsp;(Le Point)<\/p>\n\n\n\n<p><a href=\"https:\/\/www.boursorama.com\/actualite-economique\/actualites\/les-banques-centrales-dirigent-elles-le-monde-26645202db75f02c6ec39500a75f7034\">Les Banques Centrales dirigent-elles le monde ?<\/a> &nbsp;(DT Expert)<\/p>\n\n\n\n<p><a href=\"https:\/\/www.boursorama.com\/actualite-economique\/actualites\/pas-de-licenciements-en-allemagne-france-et-royaume-uni-promet-airbus-5a96250f79ab32ea1ba392e39378701f\">Pas de licenciements en Allemagne, France et Royaume-Uni, promet Airbus<\/a> &nbsp;(Reuters)<\/p>\n\n\n\n<p><a href=\"https:\/\/www.boursorama.com\/actualite-economique\/actualites\/covid-19-un-plan-de-relance-de-13-milliards-d-euros-signe-par-l-etat-et-la-region-ile-de-france-9dac1187963fb2a3113bf5fa02feda4f\">Un plan de relance de 13 milliards d&rsquo;euros sign\u00e9 par l&rsquo;\u00c9tat et la r\u00e9gion Ile-de-France<\/a> &nbsp;(Boursorama)<\/p>\n\n\n\n<p><a href=\"https:\/\/www.boursorama.com\/actualite-economique\/actualites\/la-ce-autorise-pour-20-mds-d-euros-d-aides-publiques-francaises-359e6348dfabe9e64fef1a615fe2da10\">La CE autorise pour 20 mds d&rsquo;euros d&rsquo;aides publiques fran\u00e7aises<\/a> &nbsp;(Reuters)<\/p>\n\n\n\n<p><a href=\"https:\/\/www.boursorama.com\/actualite-economique\/actualites\/le-taux-de-chomage-stable-a-8-1-en-janvier-dans-la-zone-euro-a4a44f7776e1d8163ea8b82020c6dad7\">Le taux de ch\u00f4mage stable \u00e0 8,1% en janvier dans la zone euro<\/a> &nbsp;(Reuters)<\/p>\n\n\n\n<p><a href=\"https:\/\/www.alainet.org\/es\/node\/211210\">Lecture de Piketty I: Un r\u00e9sum\u00e9 concis et complet de Capital et id\u00e9ologie<\/a>&nbsp;&nbsp;-Walden Bello<\/p>\n\n\n\n<p><a href=\"http:\/\/cadtm.org\/Thomas-Piketty-et-Karl-Marx-deux-visions-totalement-differentes-du-Capital\">Thomas Piketty et Karl Marx : deux visions totalement diff\u00e9rentes du Capital<\/a> (CADTM)&nbsp;<\/p>\n\n\n\n<figure class=\"wp-block-image is-resized\"><img data-recalc-dims=\"1\" loading=\"lazy\" decoding=\"async\" src=\"https:\/\/i0.wp.com\/cadtm.org\/local\/cache-vignettes\/L640xH344\/arton19534-2f3d1.png?resize=362%2C194\" alt=\"\" width=\"362\" height=\"194\"\/><\/figure>\n\n\n\n<p><a href=\"https:\/\/www.boursorama.com\/actualite-economique\/actualites\/deliveroo-choisit-londres-pour-faire-ses-premiers-pas-tres-attendus-en-bourse-27eded526bcd7d382faf8dd18542789c\">Deliveroo choisit Londres pour faire ses premiers pas tr\u00e8s attendus en Bourse<\/a> (AFP)<\/p>\n\n\n\n<p><a href=\"https:\/\/www.lesechos.fr\/economie-france\/conjoncture\/linquietante-degradation-de-la-competitivite-francaise-1295088\">L&rsquo;inqui\u00e9tante d\u00e9gradation de la comp\u00e9titivit\u00e9 fran\u00e7aise<\/a> (Les Echos)<a href=\"http:\/\/aitec.reseau-ipam.org\/spip.php?article1742\"><br><br>Note de d\u00e9cryptage&nbsp;: analyse des propositions de Bruxelles sur le Trait\u00e9 sur la charte de l\u2019\u00e9nergie<\/a> (AITEC)<\/p>\n\n\n\n<p><a href=\"http:\/\/cadtm.org\/La-dette-mecanisme-infernal-au-coeur-de-la-feminisation-des-migrations\">La dette : m\u00e9canisme infernal au c\u0153ur de la f\u00e9minisation des migrations<\/a> (CADTM )<\/p>\n\n\n\n<p><a href=\"https:\/\/www.cadtm.org\/Destituer-la-dette-pour-construire-la-democratie\">Destituer la dette pour construire la d\u00e9mocratie<\/a> (CADTM)<\/p>\n\n\n\n<p><a href=\"https:\/\/www.bondyblog.fr\/international\/gamestop-revolution-des-traders-amateurs-ou-victoire-illusoire\/\">GameStop : r\u00e9volution des traders amateurs ou victoire illusoire ?<\/a> (Le Bondy Blog)&nbsp;<\/p>\n\n\n\n<p><a href=\"https:\/\/www.arretsurimages.net\/chroniques\/le-matinaute\/une-blanchisserie-nommee-bouygues\">Une blanchisserie nomm\u00e9e Bouygues<\/a> (Arr\u00eat sur images)<\/p>\n\n\n\n<figure class=\"wp-block-image is-resized is-style-default\"><img loading=\"lazy\" decoding=\"async\" src=\"https:\/\/scontent.fsti4-1.fna.fbcdn.net\/v\/t1.0-9\/155839662_1157364868019313_6951401201698498621_n.png?_nc_cat=100&amp;ccb=3&amp;_nc_sid=730e14&amp;_nc_ohc=Zkjc79ssJVAAX8z7WBx&amp;_nc_ht=scontent.fsti4-1.fna&amp;oh=71f60b696761c835192afc47036155fc&amp;oe=60677581\" alt=\"Peut \u00eatre une image de 3 personnes, monument, plein air et texte qui dit \u2019FERMER DES LIGNES POUR SAUVER LA SNCF FERMER DES CLASSES 2\u0a24 POUR SAUVER L'\u00c9COLE RENOSESA FERMER DES LITS POUR SAUVER L'H\u00c3PITAL QUE ce GOUVERNEMENT FERME SA GUEULE POUR SAUVER LA FRANCE 27 RENISEE cgt cgtcgt\u2019\" width=\"365\" height=\"491\"\/><\/figure>\n\n\n\n<p><strong><span class=\"has-inline-color has-vivid-red-color\">3 mars <\/span><\/strong><\/p>\n\n\n\n<p><a href=\"https:\/\/www.boursorama.com\/actualite-economique\/actualites\/sfr-vise-jusqu-a-1-700-departs-volontaires-a-l-horizon-2025-5b250c9985d21abfaa674fa45cf5bfc8\">SFR vise jusqu&rsquo;\u00e0 1.700 d\u00e9parts volontaires \u00e0 l&rsquo;horizon 2025<\/a> &nbsp;(AFP)<\/p>\n\n\n\n<p><a href=\"https:\/\/www.boursorama.com\/actualite-economique\/actualites\/l-inflation-en-zone-euro-devrait-depasser-les-previsions-en-2021-dit-de-guindos-e524f3746b74535e5f01ad4cb66f7030\">L&rsquo;inflation en zone euro devrait d\u00e9passer les pr\u00e9visions en 2021, dit De Guindos<\/a> &nbsp;(Reuters)<\/p>\n\n\n\n<p><a href=\"https:\/\/info.alternatives-economiques.fr\/optiext\/optiextension.dll?ID=KghKbDIOKO4lTgZHDeYWM7BhcsSQM8WsSW2LaztcLHmaS9auS9K_K1Cs2401_3mGSuFM3sJFsKo%2BKLJwaKt4ALnkeMYe7\" target=\"_blank\" rel=\"noreferrer noopener\">L\u2019inflation et les taux d\u2019int\u00e9r\u00eat \u00e9lev\u00e9s font-ils leur retour ?<\/a> &nbsp;(Alternatives \u00e9conomiques)<\/p>\n\n\n\n<p><a href=\"https:\/\/www.boursorama.com\/actualite-economique\/actualites\/la-bce-peut-augmenter-ses-achats-si-necessaire-dit-weidmann-96137e2205f50c5d5f97b98ac392bf82\">La BCE peut augmenter ses achats si n\u00e9cessaire, dit Weidmann<\/a> (Reuters)<\/p>\n\n\n\n<p><a href=\"https:\/\/www.boursorama.com\/actualite-economique\/actualites\/la-ce-propose-de-prolonger-la-suspension-du-pacte-budgetaire-en-2022-18d9a97a69cf7af9eef1d5b3dadd9840\">La CE propose de prolonger la suspension du pacte budg\u00e9taire en 2022<\/a> (Reuters)<\/p>\n\n\n\n<p><a href=\"http:\/\/www.regards.fr\/la-midinale\/article\/manon-aubry-il-faut-rappeler-aux-multinationales-qui-commande-c-est-nous-pas\">Manon Aubry : \u00ab Il faut rappeler aux multinationales qui commande : c&rsquo;est nous, pas les lobbies ! \u00bb<\/a> (Regards)&nbsp;<\/p>\n\n\n\n<p><a href=\"https:\/\/www.cairn.info\/revue-etudes-economiques-de-l-ocde-2021-1-page-6.htm?WT.tsrc=cairnEmailAlert&amp;WT.mc_id=EE_2101\">Allemagne: la crise risque d\u2019exacerber les in\u00e9galit\u00e9s sur le march\u00e9 du travail<\/a> (OCDE)<\/p>\n\n\n\n<p><a href=\"https:\/\/www.youtube.com\/channel\/UClLFPD1pu0nVTR_Y8NCpXJQ\">Le silence assourdissant des \u00e9conomistes face au basculement du monde <\/a>-Olivier Passet ( Xerfi Canal)<\/p>\n\n\n\n<p><a href=\"https:\/\/www.rue89strasbourg.com\/547-millions-tous-les-ans-le-cout-du-concordat-en-alsace-moselle-200593?utm_source=feedburner&amp;utm_medium=feed&amp;utm_campaign=Feed%3A+Rue89Strasbourg+%28Rue89+Strasbourg%29\">Combien co\u00fbte le Concordat en Alsace-Moselle ?<\/a> (Rue89 Strasbourg)<\/p>\n\n\n\n<p><a href=\"https:\/\/theconversation.com\/pourquoi-la-perspective-dune-inflation-incontrolee-nest-plus-a-exclure-156139\">Pourquoi la perspective d\u2019une inflation incontr\u00f4l\u00e9e n\u2019est plus \u00e0 exclure<\/a> (The Conversation)<\/p>\n\n\n\n<p><a href=\"https:\/\/www.anti-k.org\/2021\/03\/02\/quand-les-banques-et-leurs-assurances-scrutent-votre-carnet-de-sante\/\">Quand les banques et leurs assurances scrutent votre carnet de sant\u00e9 <\/a>(Slate)<\/p>\n\n\n\n<p><a href=\"https:\/\/lanticapitaliste.org\/actualite\/entreprises\/eurofins-quelle-indecence\">Eurofins : quelle ind\u00e9cence !<\/a> (NPA Albi)<\/p>\n\n\n\n<p><a href=\"https:\/\/info.mediapart.fr\/optiext\/optiextension.dll?ID=dHGdHsIZzNeFmoGWmL2bCobPOSFLqre_DWJRDVSn8DNdZqgtk8mwEEUyJyqc_GQHpR3ocj2KmtmmvL8jBBfEopcSotDZO\">Danone: le tour de passe-passe d\u2019Emmanuel Faber<\/a> (MDP)<\/p>\n\n\n\n<p><a href=\"https:\/\/www.humanite.fr\/la-chronique-economique-de-pierre-ivorra-le-bitcoin-nest-pas-lami-des-peuples-700829#xtor=RSS-1\">La chronique \u00e9conomique de Pierre Ivorra. Le bitcoin n\u2019est pas l\u2019ami des peuples<\/a> (L\u2019Humanit\u00e9)<\/p>\n\n\n\n<p><a href=\"https:\/\/www.revolutionpermanente.fr\/La-mairie-de-Paris-abandonne-le-cinema-La-Clef-face-au-groupe-SOS\">La mairie de Paris abandonne le cin\u00e9ma La Clef face au Groupe SOS<\/a> (RP)<\/p>\n\n\n\n<p><a href=\"https:\/\/www.humanite.fr\/bourse-des-fonds-sactivent-sur-danone-700838#xtor=RSS-1\">Bourse. Des fonds s\u2019activent sur Danone<\/a> (L\u2019Humanit\u00e9)&nbsp;<\/p>\n\n\n\n<p><a href=\"https:\/\/www.lemediatv.fr\/articles\/2021\/agroalimentaire-en-bretagne-la-loi-du-silence-uDM9tCYUT6eBsAIixDR1qg\">Agroalimentaire : en Bretagne, la loi du silence<\/a> (Le M\u00e9dia)<\/p>\n\n\n\n<p><a href=\"https:\/\/theconversation.com\/les-marches-financiers-se-soucient-ils-de-la-communication-des-ong-sur-les-reseaux-sociaux-155658\">Les march\u00e9s financiers se soucient-ils de la communication des ONG sur les r\u00e9seaux sociaux ?<\/a> (The Conversation)<\/p>\n\n\n\n<figure class=\"wp-block-image is-resized is-style-default\"><img loading=\"lazy\" decoding=\"async\" src=\"https:\/\/scontent.fhex4-1.fna.fbcdn.net\/v\/t1.0-9\/157195705_1157398361349297_8259733276996259193_n.png?_nc_cat=105&amp;ccb=3&amp;_nc_sid=730e14&amp;_nc_ohc=RDVP8tUsmZMAX-I9yqy&amp;_nc_ht=scontent.fhex4-1.fna&amp;oh=06e994d13ea75573ba8bbbda3d1f0645&amp;oe=6066E4B2\" alt=\"Peut \u00eatre un dessin anim\u00e9 de texte qui dit \u2019@BILLIONAIRESAGE RICH POO\u2019\" width=\"368\" height=\"392\"\/><\/figure>\n\n\n\n<p><strong><span class=\"has-inline-color has-vivid-red-color\">2 mars <\/span><\/strong><\/p>\n\n\n\n<p><a href=\"https:\/\/www.boursorama.com\/actualite-economique\/actualites\/france-durcissement-des-regles-de-l-assurance-chomage-au-1er-juillet-e6617a9054cac0c02a86415125a1f744\">France, Durcissement des r\u00e8gles de l&rsquo;assurance ch\u00f4mage au 1er juillet<\/a> &nbsp;(Reuters)<\/p>\n\n\n\n<figure class=\"wp-block-image size-large\"><img data-recalc-dims=\"1\" loading=\"lazy\" decoding=\"async\" width=\"319\" height=\"219\" src=\"https:\/\/i0.wp.com\/www.rdpemancipation.org\/wp-content\/uploads\/2021\/03\/image-4.png?resize=319%2C219&#038;ssl=1\" alt=\"\" class=\"wp-image-18509\" srcset=\"https:\/\/i0.wp.com\/www.rdpemancipation.org\/wp-content\/uploads\/2021\/03\/image-4.png?w=319&amp;ssl=1 319w, https:\/\/i0.wp.com\/www.rdpemancipation.org\/wp-content\/uploads\/2021\/03\/image-4.png?resize=300%2C206&amp;ssl=1 300w\" sizes=\"auto, (max-width: 319px) 100vw, 319px\" \/><\/figure>\n\n\n\n<p><a href=\"https:\/\/www.boursorama.com\/actualite-economique\/actualites\/dette-le-maire-favorable-a-une-regle-pour-stabiliser-la-depense-publique-ab194b50557f0cd5f8bb5ac29dafb099\">Dette, Le Maire favorable \u00e0 une r\u00e8gle pour stabiliser la d\u00e9pense publique<\/a> &nbsp;(AFP)<\/p>\n\n\n\n<p><a href=\"https:\/\/www.boursorama.com\/actualite-economique\/actualites\/aides-publiques-plus-de-la-moitie-des-jeunes-potentiellement-concernes-par-le-non-recours-0229172b6b15e5ea0d53e31e6ab9d401\">Aides publiques : plus de la moiti\u00e9 des jeunes potentiellement concern\u00e9s par le non-recours<\/a> &nbsp;(Boursorama)<\/p>\n\n\n\n<p><a href=\"https:\/\/www.boursorama.com\/videos\/actualites\/opa-des-salaries-de-suez-manifestent-devant-le-siege-de-veolia-461962ef22c35dc279965a34260263c7\">OPA, des salari\u00e9s de Suez manifestent devant le si\u00e8ge de Veolia<\/a> (AFP vid\u00e9o)<\/p>\n\n\n\n<p>&nbsp;<a href=\"https:\/\/www.boursorama.com\/videos\/actualites\/les-banques-centrales-encore-plus-loin-dans-l-inconnu-f39e095b297644e335e36786ee90f763\">Les banques centrales, encore plus loin dans l&rsquo;inconnu ?<\/a> &nbsp;(Ecorama)<\/p>\n\n\n\n<p><a href=\"https:\/\/www.boursorama.com\/actualite-economique\/actualites\/les-etats-devraient-emprunter-12-600-milliards-de-dollars-cette-annee-selon-s-p-global-b8eed9d7fe9d2f9ab455d0ee10761b68\">Les Etats devraient emprunter 12.600 milliards de dollars cette ann\u00e9e, selon S&amp;P Global<\/a> (Reuters)<\/p>\n\n\n\n<p><a href=\"https:\/\/www.boursorama.com\/actualite-economique\/actualites\/impot-sur-les-societes-bercy-promet-de-la-souplesse-57b59fb0ecb1eab27cbd18ec35e73e68\">Imp\u00f4t sur les soci\u00e9t\u00e9s : Bercy promet de la souplesse<\/a> (Boursorama)<\/p>\n\n\n\n<p><a href=\"https:\/\/www.boursorama.com\/actualite-economique\/actualites\/la-bce-armee-pour-contrer-la-hausse-des-rendements-selon-de-guindos-61440fe7e185b3d8b6b3a928a4259751\">La BCE arm\u00e9e pour contrer la hausse des rendements<\/a> (Reuters)<\/p>\n\n\n\n<p><a href=\"https:\/\/www.boursorama.com\/actualite-economique\/actualites\/chine-toujours-plus-de-milliardaires-malgre-la-pandemie-6286349a84326e4320473cc737f1ca20\">Chine : toujours plus de milliardaires, malgr\u00e9 la pand\u00e9mie<\/a> (Boursorama)<\/p>\n\n\n\n<figure class=\"wp-block-image size-large is-resized\"><img data-recalc-dims=\"1\" loading=\"lazy\" decoding=\"async\" src=\"https:\/\/i0.wp.com\/www.rdpemancipation.org\/wp-content\/uploads\/2021\/03\/chine.jpg?resize=390%2C259&#038;ssl=1\" alt=\"\" class=\"wp-image-18503\" width=\"390\" height=\"259\" srcset=\"https:\/\/i0.wp.com\/www.rdpemancipation.org\/wp-content\/uploads\/2021\/03\/chine.jpg?w=760&amp;ssl=1 760w, https:\/\/i0.wp.com\/www.rdpemancipation.org\/wp-content\/uploads\/2021\/03\/chine.jpg?resize=300%2C200&amp;ssl=1 300w\" sizes=\"auto, (max-width: 390px) 100vw, 390px\" \/><figcaption><sup>253 milliardaires de plus ! Photo AFP<\/sup><\/figcaption><\/figure>\n\n\n\n<p><a href=\"https:\/\/www.boursorama.com\/actualite-economique\/actualites\/aide-au-developpement-la-nouvelle-doctrine-francaise-au-vote-a-l-assemblee-65f76450ff4c8f7c81b80a49dcb45300\">Aide au d\u00e9veloppement, la nouvelle \u00ab\u00a0doctrine fran\u00e7aise\u00a0\u00bb au vote \u00e0 l&rsquo;Assembl\u00e9e<\/a> (AFP)<\/p>\n\n\n\n<p><a href=\"https:\/\/www.boursorama.com\/actualite-economique\/actualites\/danone-scinde-les-fonctions-de-president-et-de-dg-faber-restera-president-422b955a0a352939bba905bfb8f61b3d\">Danone scinde les fonctions de pr\u00e9sident et de DG, Faber restera pr\u00e9sident<\/a> (Reuters)<\/p>\n\n\n\n<p><span class=\"has-inline-color has-vivid-red-color\"><strong>1er mars<\/strong><\/span><\/p>\n\n\n\n<p><a href=\"https:\/\/www.humanite.fr\/sombres-perspectives-economiques-et-sociales-pour-2021-700752#xtor=RSS-1\">Sombres perspectives \u00e9conomiques et sociales pour 2021<\/a> (L\u2019Humanit\u00e9)&nbsp;<\/p>\n\n\n\n<p><a href=\"https:\/\/www.humanite.fr\/une-crise-sur-fond-depidemie-quel-plan-de-relance-pour-le-secteur-de-laeronautique-700725#xtor=RSS-1\">Une crise sur fond d\u2019\u00e9pid\u00e9mie. Quel plan de relance pour le secteur de l\u2019a\u00e9ronautique ?<\/a> (L\u2019Humanit\u00e9)&nbsp;<\/p>\n\n\n\n<p><a href=\"https:\/\/globaldialogue.online\/gd-fr\/2021\/la-decroissance-soutenable-comme-sortie-du-capitalisme\/\">La d\u00e9croissance soutenable comme sortie du capitalisme<\/a> (Dialogue Global)<\/p>\n\n\n\n<p><a href=\"http:\/\/cadtm.org\/La-concentration-de-la-richesse-en-faveur-du-1\">La concentration de la richesse en faveur du 1 %<\/a> (CADTM)<\/p>\n\n\n\n<p><a href=\"http:\/\/www.agirensemblecontrelechomage.org\/spip.php?article2557\">Agir ensemble contre le Ch\u00f4mage ! : Courriel ouvert au Premier Ministre<\/a> (CICP) (Dialogue Global pour une Alternative Syst\u00e9mique) <\/p>\n\n\n\n<p><a href=\"https:\/\/www.anti-k.org\/2021\/03\/01\/toujours-plus-dinegalites-toujours-plus-doligarchie-par-chris-hedges\/\">\u00bb Toujours plus d\u2019in\u00e9galit\u00e9s, toujours plus d\u2019oligarchie \u2013 par Chris Hedges <\/a>(Les Crises)<\/p>\n\n\n\n<p><a href=\"https:\/\/www.saphirnews.com\/La-relocalisation-utopie-ou-realite-economique_a27859.html\">La relocalisation, utopie ou r\u00e9alit\u00e9 \u00e9conomique ?<\/a> (<a href=\"http:\/\/SaphirNews.com\">SaphirNews.com<\/a>)<\/p>\n\n\n\n<p><a href=\"https:\/\/www.boursorama.com\/actualite-economique\/actualites\/plan-de-relance-26-milliards-d-euros-deployes-bercy-veut-accelerer-7accec14237ade4163bd155c8c2af742\">Plan de relance: 26 milliards d&rsquo;euros d\u00e9ploy\u00e9s, Bercy veut \u00ab\u00a0acc\u00e9l\u00e9rer\u00a0\u00bb<\/a> (AFP)<\/p>\n\n\n\n<p><a href=\"https:\/\/www.boursorama.com\/actualite-economique\/actualites\/l-epargne-des-francais-ne-sera-pas-taxee-assure-bruno-le-maire-5c3feb60417f60d47f831dc6f2f31383\">L&rsquo;\u00e9pargne des Fran\u00e7ais ne sera pas tax\u00e9e, assure Bruno le Maire<\/a> (AFP)<\/p>\n\n\n\n<p><a href=\"https:\/\/www.boursorama.com\/actualite-economique\/actualites\/les-femmes-reduisent-l-ecart-a-wall-street-mais-la-parite-reste-loin-97d3a44b2847ae83b39f62645ef39e84\">Les femmes r\u00e9duisent l&rsquo;\u00e9cart \u00e0 Wall Street mais la parit\u00e9 reste loin<\/a> &nbsp;(AFP)<\/p>\n\n\n\n<p><a href=\"https:\/\/www.boursorama.com\/actualite-economique\/actualites\/la-bce-doit-reagir-a-la-hausse-des-rendements-obligataires-dit-villeroy-6b183a2e58e79bcc539c7871fb5b25d3\">La BCE doit r\u00e9agir \u00e0 la hausse des rendements obligataires, dit Villeroy<\/a> &nbsp;(Reuters)<\/p>\n\n\n\n<p><a href=\"https:\/\/www.boursorama.com\/actualite-economique\/actualites\/usa-la-croissance-dans-l-industrie-au-plus-haut-depuis-3-ans-ec3c0f0390deb21dbb5f548ba678ba38\">USA, la croissance dans l&rsquo;industrie au plus haut depuis 3 ans<\/a> (Reuters)<\/p>\n\n\n\n<p><a href=\"https:\/\/www.boursorama.com\/actualite-economique\/actualites\/france-la-croissance-de-l-activite-manufacturiere-au-plus-haut-depuis-plus-de-trois-ans-en-fevrier-2de34145cfe07b03fd50cc75f6ed65a6\">France, la croissance de l&rsquo;activit\u00e9 manufacturi\u00e8re au plus haut depuis plus de trois ans en f\u00e9vrier<\/a> (AFP)<\/p>\n\n\n\n<p><a href=\"https:\/\/www.boursorama.com\/actualite-economique\/actualites\/chine-l-activite-manufacturiere-a-un-plus-bas-de-9-mois-selon-caixin-dc124945f9109a40104848df03c31afe\">Chine, l&rsquo;activit\u00e9 manufacturi\u00e8re \u00e0 un plus bas de 9 mois, selon Caixin<\/a> (Reuters)<\/p>\n\n\n\n<p><a href=\"https:\/\/www.boursorama.com\/actualite-economique\/actualites\/relance-la-taxation-de-l-epargne-des-menages-definitivement-ecartee-par-bruno-le-maire-96dd9207dd059dcaeeff4b7f0c4252f3\">Relance : la taxation de l&rsquo;\u00e9pargne des m\u00e9nages \u00ab\u00a0d\u00e9finitivement\u00a0\u00bb \u00e9cart\u00e9e par Bruno le Maire<\/a> &nbsp;(Boursorama)<\/p>\n\n\n\n<p>&nbsp;<a href=\"https:\/\/www.boursorama.com\/videos\/actualites\/petrole-metaux-une-flambee-inquietante-du-prix-des-matieres-premieres-18d3af7d10e909e190db704c890b20a1\">P\u00e9trole, m\u00e9taux : une flamb\u00e9e inqui\u00e9tante du prix des mati\u00e8res premi\u00e8res ?<\/a> &nbsp;(Ecorama)<\/p>\n\n\n\n<p><a href=\"https:\/\/www.boursorama.com\/actualite-economique\/actualites\/projet-hercule-les-syndicats-de-l-energie-veulent-des-solutions-alternatives-pour-l-avenir-d-edf-db5f58dab898cf974a8f76f48892dc72\">Projet Hercule : les syndicats de l&rsquo;\u00e9nergie veulent des solutions alternatives pour l&rsquo;avenir d&rsquo;EDF<\/a> (Boursorama)<\/p>\n\n\n\n<figure class=\"wp-block-image size-large is-resized\"><img data-recalc-dims=\"1\" loading=\"lazy\" decoding=\"async\" src=\"https:\/\/i0.wp.com\/www.rdpemancipation.org\/wp-content\/uploads\/2021\/03\/image-2.png?resize=388%2C259&#038;ssl=1\" alt=\"\" class=\"wp-image-18325\" width=\"388\" height=\"259\" srcset=\"https:\/\/i0.wp.com\/www.rdpemancipation.org\/wp-content\/uploads\/2021\/03\/image-2.png?w=402&amp;ssl=1 402w, https:\/\/i0.wp.com\/www.rdpemancipation.org\/wp-content\/uploads\/2021\/03\/image-2.png?resize=300%2C200&amp;ssl=1 300w\" sizes=\"auto, (max-width: 388px) 100vw, 388px\" \/><figcaption><sub>AFP \/ Alain Jocard<\/sub><\/figcaption><\/figure>\n\n\n\n<p><a href=\"https:\/\/www.boursorama.com\/videos\/actualites\/faut-il-cantonner-la-dette-covid-6353d8595ca55a581b7941be03d62590\">Faut-il cantonner la dette Covid ?<\/a> (Ecorama)<\/p>\n\n\n\n<p><a href=\"https:\/\/www.boursorama.com\/actualite-economique\/actualites\/la-france-accelere-le-deploiement-de-son-plan-de-relance-avec-plus-de-fonds-pour-l-industrie-7c3dd9f64a6410e87b84b5e9a3a9c48b\">La France acc\u00e9l\u00e8re le d\u00e9ploiement de son plan de relance avec plus de fonds pour l&rsquo;industrie<\/a> (Reuters)<\/p>\n\n\n\n<p><a href=\"https:\/\/www.boursorama.com\/actualite-economique\/actualites\/champagne-roquefort-beaujolais-la-chine-et-l-ue-signent-un-accord-sur-les-indications-geographiques-df382d0510a061126b72e389ece25268\">Champagne, Roquefort, Beaujolais&#8230; La Chine et l&rsquo;UE signent un accord sur les indications g\u00e9ographiques<\/a> (Boursorama)<\/p>\n\n\n\n<p><a href=\"https:\/\/www.boursorama.com\/actualite-economique\/actualites\/prets-participatifs-le-dispositif-presente-jeudi-par-le-maire-8481129c70eb9eaa45be7bd5710165bf\">Pr\u00eats participatifs, le dispositif pr\u00e9sent\u00e9 jeudi par Le Maire<\/a> (AFP)<\/p>\n\n\n\n<p><a href=\"https:\/\/www.boursorama.com\/actualite-economique\/actualites\/l-abe-veut-plus-de-vert-dans-le-bilan-des-banques-europeennes-27bf4c06d93fa424884effcb82509b24\">L&rsquo;ABE veut plus de vert dans le bilan des banques europ\u00e9ennes<\/a> (Reuters)<\/p>\n\n\n\n<p><a href=\"https:\/\/www.boursorama.com\/actualite-economique\/actualites\/le-marche-automobile-francais-a-recule-de-20-95-en-fevrier-a3bb46db9c8d4942d8d0a9f24de36591\">Le march\u00e9 automobile fran\u00e7ais a recul\u00e9 de 20,95% en f\u00e9vrier<\/a> (AFP)<\/p>\n\n\n\n<p><a href=\"https:\/\/siecledigital.fr\/2021\/02\/28\/meng-wanzhou-la-directrice-financiere-de-huawei-poursuit-hbsc-en-justice-a-hong-kong\/?utm_source=Newsletter+Si%C3%A8cle+Digital&amp;utm_campaign=d70f094270-newsletter+quotidienne&amp;utm_medium=email&amp;utm_term=0_3b73bad11a-d70f094270-259546209\">Meng Wanzhou, la directrice financi\u00e8re de Huawei, poursuit HBSC en justice \u00e0 Hong Kong<\/a> (Siecle digital)<\/p>\n\n\n\n<p><a href=\"https:\/\/www.alliancy.fr\/medef-prefere-olvid-whatsapp\">Le Medef pr\u00e9f\u00e8re Olvid \u00e0 WhatsApp<\/a> (Alliancy)<\/p>\n\n\n\n<p><a href=\"https:\/\/alaingrandjean.fr\/2021\/02\/25\/changement-climatique-de-pib\/\">Le changement climatique, juste un peu de PIB en moins ?<\/a> (Chroniques de l\u2019anthropoc\u00e8ne)<\/p>\n\n\n\n<figure class=\"wp-block-image is-resized\"><img data-recalc-dims=\"1\" loading=\"lazy\" decoding=\"async\" src=\"https:\/\/i0.wp.com\/alaingrandjean.fr\/wp-content\/uploads\/2020\/10\/climat-icebergjosbrowning-freeimages.png?resize=415%2C417&#038;ssl=1\" alt=\"@ Jos Browning - Freeimages.com\" width=\"415\" height=\"417\"\/><\/figure>\n\n\n\n<p><\/p>\n","protected":false},"excerpt":{"rendered":"<p>31 mars en continu France Michelin pr\u00e9voit de supprimer 530 postes pour la premi\u00e8re ann\u00e9e de son plan &nbsp;(AFP) Sanofi va construire une usine de vaccins contre la grippe au Canada &nbsp;(AFP) Un rapport parlementaire pour davantage de conditions aux entreprises en \u00e9change d&rsquo;aides publiques &nbsp;(AFP) Ces \u00e9missions de t\u00e9l\u00e9 devenues des business tr\u00e8s rentables &#8230; <a title=\"Mars &#8211; Economie\" class=\"read-more\" href=\"https:\/\/www.rdpemancipation.org\/?p=18224\" aria-label=\"En savoir plus sur Mars &#8211; Economie\">Lire la suite<\/a><\/p>\n","protected":false},"author":2,"featured_media":0,"comment_status":"closed","ping_status":"closed","sticky":false,"template":"","format":"standard","meta":{"_lmt_disableupdate":"no","_lmt_disable":"no","_jetpack_memberships_contains_paid_content":false,"footnotes":""},"categories":[11],"tags":[],"class_list":["post-18224","post","type-post","status-publish","format-standard","hentry","category-economie"],"modified_by":"jmb","jetpack_featured_media_url":"","jetpack_sharing_enabled":true,"_links":{"self":[{"href":"https:\/\/www.rdpemancipation.org\/index.php?rest_route=\/wp\/v2\/posts\/18224","targetHints":{"allow":["GET"]}}],"collection":[{"href":"https:\/\/www.rdpemancipation.org\/index.php?rest_route=\/wp\/v2\/posts"}],"about":[{"href":"https:\/\/www.rdpemancipation.org\/index.php?rest_route=\/wp\/v2\/types\/post"}],"author":[{"embeddable":true,"href":"https:\/\/www.rdpemancipation.org\/index.php?rest_route=\/wp\/v2\/users\/2"}],"replies":[{"embeddable":true,"href":"https:\/\/www.rdpemancipation.org\/index.php?rest_route=%2Fwp%2Fv2%2Fcomments&post=18224"}],"version-history":[{"count":158,"href":"https:\/\/www.rdpemancipation.org\/index.php?rest_route=\/wp\/v2\/posts\/18224\/revisions"}],"predecessor-version":[{"id":23414,"href":"https:\/\/www.rdpemancipation.org\/index.php?rest_route=\/wp\/v2\/posts\/18224\/revisions\/23414"}],"wp:attachment":[{"href":"https:\/\/www.rdpemancipation.org\/index.php?rest_route=%2Fwp%2Fv2%2Fmedia&parent=18224"}],"wp:term":[{"taxonomy":"category","embeddable":true,"href":"https:\/\/www.rdpemancipation.org\/index.php?rest_route=%2Fwp%2Fv2%2Fcategories&post=18224"},{"taxonomy":"post_tag","embeddable":true,"href":"https:\/\/www.rdpemancipation.org\/index.php?rest_route=%2Fwp%2Fv2%2Ftags&post=18224"}],"curies":[{"name":"wp","href":"https:\/\/api.w.org\/{rel}","templated":true}]}}