{"id":18222,"date":"2021-03-01T09:47:41","date_gmt":"2021-03-01T08:47:41","guid":{"rendered":"https:\/\/www.rdpemancipation.org\/?p=18222"},"modified":"2021-04-01T11:53:15","modified_gmt":"2021-04-01T09:53:15","slug":"mars-leur-etat","status":"publish","type":"post","link":"https:\/\/www.rdpemancipation.org\/?p=18222","title":{"rendered":"Mars &#8211; Leur Etat"},"content":{"rendered":"\n<p id=\"block-4d1c2228-8ba4-4ce3-91f7-9eb86dca9511\"><strong><span class=\"has-inline-color has-vivid-red-color\">31 Mars en continu<\/span><\/strong><\/p>\n\n\n\n<p><a href=\"https:\/\/l.facebook.com\/l.php?u=https:\/\/rmc.bfmtv.com\/emission\/le-policier-volait-des-objets-au-domicile-de-personnes-qui-venaient-de-mourir-avant-de-les-revendre-sur-internet-2039793.html?fbclid=IwAR0yV5LwdHN9vO5_DmCivASm6en7GiWcUc9kYSaOJt3baykyUVU7IK44NuM&amp;h=AT0rIYdojPQe9dEE4tAp0Ca4WB9nd9riU1whBi9c44ntvLF8g4Dfz6Ej0iOM-cNbnSwQjPt6Bf94lrdkjXP8hpeeZXH56HEqHUeCkJ1I3i7WiHmmOnbLA0jaYgcGBsLMFG7HhOE&amp;__tn__=,mH-R&amp;c%5B0%5D=AT0KXl3FyiIczarMhfD2l0hPEiFQjYHLPytbcZ3Ghmyot8U6JLrJzsBaU6lm0WerMkONKuvaa8TqzrbnL7OqBA88RXZQ7If7hVYkUyHUS-pkSiFBgjD-srkZLmj8t0ggJE15xesIug5cOFzVnnBwe7v4i73rP7tP-8vx5fN3h5Ml4b4\">&nbsp;Le policier volait des objets au domicile de personnes qui venaient de mourir&#8230; avant de les revendre sur Internet <\/a>(RMC)<\/p>\n\n\n\n<p><a href=\"https:\/\/www.facebook.com\/Laveritecensuree\/videos\/1083093995518139\/\">M\u00e8res de famille gaz\u00e9es avec leurs b\u00e9b\u00e9s a lille pour avoir d\u00e9pass\u00e9 l&rsquo;heure du couvre-feu<\/a> -vid\u00e9o<\/p>\n\n\n\n<p><a href=\"https:\/\/radioparleur.net\/2021\/03\/31\/securite-globale-de-quel-droit-un-documentaire-juridique\/\">\u00ab S\u00e9curit\u00e9 Globale, de quel droit ? \u00bb un documentaire juridique<\/a>&nbsp; (Radioparleur)<\/p>\n\n\n\n<p><a href=\"https:\/\/www.mediacites.fr\/portrait\/lyon\/2021\/03\/30\/prisons-je-nai-oublie-aucun-des-douze-pendus-que-jai-decroches-pendant-ma-carriere\/\">Prisons : \u00ab Je n\u2019ai oubli\u00e9 aucun des douze pendus que j\u2019ai d\u00e9croch\u00e9s pendant ma carri\u00e8re \u00bb<\/a> (Mediacit\u00e9s)<\/p>\n\n\n\n<p><a href=\"https:\/\/l.facebook.com\/l.php?u=https:\/\/www.lemonde.fr\/politique\/article\/2021\/03\/22\/les-policiers-retraites-vont-pouvoir-cumuler-leur-pension-avec-un-salaire-dans-la-securite-privee_6074027_823448.html?fbclid=IwAR13w4ZxczdJZegr9cDbq2E-DvmiLcSoAMZ3Twq4-i1iCr3CJ92gu4htdzE&amp;h=AT0ZqgZmtAQJNyJgCcBZSOy_dK4ItioGiTBZ4Aim_yFXb4P_l5ztY3X_Lv02-A-7i4sgWZhsz-Hsil98cEI-ImrS5070bzyl-QPLaArncZrQvY1B1Ge0BxFu7Gv2ESj7f-ef4uE&amp;__tn__=,mH-R&amp;c%5B0%5D=AT00-8Js42xxtJ8Qe6s1iGqMav_6u8DZ2-4cMHtjaH4WyLjQOOn49IAz_nHOnkuYVQxxSpN3T_5029pT4komhKWPa314MoGQ-rZkAy13HU4oN5jG7x5d5EVWDRLJk5Q0Wg0w1N8sVWfWbG08eSbmNgjsbFJ18_5Qxetxc72GTrT-4Jc\">Les policiers retrait\u00e9s vont pouvoir cumuler leur pension compl\u00e8te avec un salaire dans la s\u00e9curit\u00e9 priv\u00e9e <\/a>(Le Monde)<\/p>\n\n\n\n<p><a href=\"https:\/\/www.ledauphine.com\/faits-divers-justice\/2021\/03\/29\/les-policiers-vont-pouvoir-voyager-gratuitement-en-train-a-partir-de-2022?fbclid=IwAR3xtN_1jNZeyfpVW0sl8QCSxvupNXMq0GUyKKZ6JfaX1yqEZqiAGdRVIVQ\">&nbsp;Transports. Les policiers vont pouvoir voyager gratuitement en train pour rentrer chez eux <\/a>(Le Dauphin\u00e9)<\/p>\n\n\n\n<p><a href=\"https:\/\/blogs.mediapart.fr\/jean-marc-b\/blog\/300321\/ces-flics-qui-bossent-directement-pour-le-cac-40\">Ces flics qui bossent directement pour le CAC 40 <\/a>(vid\u00e9o Le M\u00e9dia)<\/p>\n\n\n\n<figure class=\"wp-block-embed is-type-video is-provider-youtube wp-block-embed-youtube wp-embed-aspect-16-9 wp-has-aspect-ratio\"><div class=\"wp-block-embed__wrapper\">\n<iframe loading=\"lazy\" title=\"CES FLICS QUI BOSSENT DIRECTEMENT POUR LE CAC 40\" width=\"1200\" height=\"675\" src=\"https:\/\/www.youtube.com\/embed\/45VlEVe4jjM?feature=oembed\" frameborder=\"0\" allow=\"accelerometer; autoplay; clipboard-write; encrypted-media; gyroscope; picture-in-picture\" allowfullscreen><\/iframe>\n<\/div><\/figure>\n\n\n\n<p><a href=\"https:\/\/www.ldh-france.org\/67546-2\/\">Attestation d\u00e9rogatoire de sortie : pour un respect du droit p\u00e9nal<\/a> ( Ligue des droits de l\u2019Homme)&nbsp;<\/p>\n\n\n\n<p><a href=\"https:\/\/www.revolutionpermanente.fr\/Des-violences-policieres-a-la-repression-au-travail-entretien-avec-Rudy-greviste-SNCF-a-Paris-Nord\">Des violences polici\u00e8res \u00e0 la r\u00e9pression au travail&nbsp;: entretien avec Rudy, gr\u00e9viste SNCF \u00e0 Paris Nord<\/a> (RP)<\/p>\n\n\n\n<p><a href=\"https:\/\/info.mediapart.fr\/optiext\/optiextension.dll?ID=IabIgRuQ7y40cuSTS1KEJHrLU7bi8nbX98bQ4oqM_9GvHrmYR9vdpmiXZcpZVEEAnj_vKZMd5PUM_GIdE9lU2UsL52cA_\">\u00abApologie du terrorisme\u00bb: des \u00e9l\u00e8ves accus\u00e9s, un fiasco \u00e0 l\u2019arriv\u00e9e<\/a> (MDP)<\/p>\n\n\n\n<figure class=\"wp-block-image is-resized is-style-default\"><img data-recalc-dims=\"1\" loading=\"lazy\" decoding=\"async\" src=\"https:\/\/i0.wp.com\/static.mediapart.fr\/etmagine\/default\/files\/2021\/03\/30\/fanny-2.jpg?resize=453%2C453&#038;ssl=1\" alt=\" \u00a9 Illustration Fanny Monier\" width=\"453\" height=\"453\" title=\" \u00a9 Illustration Fanny Monier\"\/><\/figure>\n\n\n\n<p><a href=\"https:\/\/www.ldh-france.org\/contre-la-dematerialisation-des-demandes-de-titre-de-sejour-les-prefectures-assignees-en-justice-partout-en-france\/\">Contre la d\u00e9mat\u00e9rialisation des demandes de titre de s\u00e9jour : les pr\u00e9fectures assign\u00e9es en justice, partout en France<\/a> (LDH)<\/p>\n\n\n\n<figure class=\"wp-block-image is-style-default\"><img decoding=\"async\" src=\"https:\/\/scontent.fsti4-1.fna.fbcdn.net\/v\/t1.6435-9\/166553770_3884916001575398_7257695268837091023_n.jpg?_nc_cat=109&amp;ccb=1-3&amp;_nc_sid=dbeb18&amp;_nc_ohc=kA5GUU3I9YAAX9gH7bY&amp;_nc_ht=scontent.fsti4-1.fna&amp;oh=eda52da6894cbf562259f7e84db283e3&amp;oe=60892F94\" alt=\"Peut \u00eatre une image de 1 personne et texte\"\/><\/figure>\n\n\n\n<p id=\"block-4d1c2228-8ba4-4ce3-91f7-9eb86dca9511\"><strong><span class=\"has-inline-color has-vivid-red-color\">30 Mars en continu<\/span><\/strong><\/p>\n\n\n\n<figure class=\"wp-block-image is-resized is-style-default\"><img loading=\"lazy\" decoding=\"async\" src=\"https:\/\/scontent.fsti4-1.fna.fbcdn.net\/v\/t1.0-9\/166206477_1173910123031454_5894843452226945831_o.jpg?_nc_cat=108&amp;ccb=1-3&amp;_nc_sid=730e14&amp;_nc_ohc=WtrA3V8emcUAX_zVs8E&amp;_nc_ht=scontent.fsti4-1.fna&amp;oh=7943089d60046285ba97b97ce5b054a5&amp;oe=6087DE93\" alt=\"Peut \u00eatre une image de texte qui dit \u2019C'EST DU LOURD Spectaculaire curisation op\u00e9ration d'Orvault et de \u00db- des dans taine des policiers v\u00e9rifications ont des r\u00e9sultats obtenant d\u00e9taill\u00e9s par (12\/3) \u00c3uest France Orvault, ils ont re- trouv\u00e9 grammes de r\u00e9sine de cannabis, ainsi que, cach\u00e9e dans une gaine technique d'un im- meuble, une sacoche contenant un couteau, une balance de pr\u00e9- cision et 14 sachets de r\u00e9sine de cannabis, pour un poids total de 10 grammes. ils ont retrouv\u00e9 4,40 grammes Saint-Herblain, de t\u00eates de cannabis et grammes de r\u00e9sine. tre personnes ont par ailleurs \u00e9t\u00e9 verbalis\u00e9es pour non-respect du l'arm\u00e9e l'air n'est m\u00eame pas intervenue\u2019\" width=\"327\" height=\"571\"\/><\/figure>\n\n\n\n<figure class=\"wp-block-image is-resized is-style-default\"><img loading=\"lazy\" decoding=\"async\" src=\"https:\/\/scontent.fsti4-1.fna.fbcdn.net\/v\/t1.6435-0\/p180x540\/166754409_1173963916359408_787983831758157589_n.png?_nc_cat=111&amp;ccb=1-3&amp;_nc_sid=730e14&amp;_nc_ohc=lAb9oZ3QxEMAX8UB8yI&amp;_nc_ht=scontent.fsti4-1.fna&amp;_nc_tp=30&amp;oh=5e414e73846e0af2a3582a22209445ca&amp;oe=60899C4B\" alt=\"Aucune description de photo disponible.\" width=\"334\" height=\"344\"\/><\/figure>\n\n\n\n<p><a href=\"https:\/\/info.mediapart.fr\/optiext\/optiextension.dll?ID=hLKhNYBXqzFo%2Bg%2BbF1YZe7EkGP%2BuXddtlWSI2jgDRPWaFrHxo0Q21eRxgCiL5zaWLG9%2BUZj5fQ%2BFw_ZjTzc6JBR8Ummh6\">Affaire Myriam Sakhri: la famille esp\u00e8re une r\u00e9ouverture de l&rsquo;enqu\u00eate<\/a> (MDP)<\/p>\n\n\n\n<p><a href=\"https:\/\/www.revolutionpermanente.fr\/VIDEO-Un-chien-attaque-un-polcier-qui-frappe-une-manifestante-a-Bristol\">Un chien attaque un policier qui frappe une manifestante \u00e0 Bristol&nbsp;!<\/a> (RP)<\/p>\n\n\n\n<p><a href=\"https:\/\/www.revolutionpermanente.fr\/Des-violences-policieres-a-la-repression-au-travail-entretien-avec-Rudy-greviste-SNCF-a-Paris-Nord\">Des violences polici\u00e8res \u00e0 la r\u00e9pression au travail&nbsp;: entretien avec Rudy, gr\u00e9viste SNCF \u00e0 Paris Nord<\/a> (RP)<\/p>\n\n\n\n<figure class=\"wp-block-image is-resized is-style-default\"><img loading=\"lazy\" decoding=\"async\" src=\"https:\/\/pbs.twimg.com\/media\/Exgpyf6XAAg4Ach?format=jpg&amp;name=large\" alt=\"Image\" width=\"291\" height=\"275\"\/><\/figure>\n\n\n\n<p id=\"block-4d1c2228-8ba4-4ce3-91f7-9eb86dca9511\"><strong><span class=\"has-inline-color has-vivid-red-color\">29 Mars en continu<\/span><\/strong><\/p>\n\n\n\n<p><a href=\"https:\/\/blogs.mediapart.fr\/jean-marc-b\/blog\/280321\/quand-les-ecrivains-soutiennent-l-observatoire-international-des-prisons-oip\">Quand les \u00e9crivains soutiennent l\u2019Observatoire International des Prisons (OIP) <\/a>-Collectif<\/p>\n\n\n\n<p><a href=\"https:\/\/lundi.am\/LE-PREFET-QUI-VOULAIT-RE-INSTAURER\">Le pr\u00e9fet qui voulait r\u00e9-instaurer&#8230;le d\u00e9lit de solidarit\u00e9<\/a> (Lundi Matin)<\/p>\n\n\n\n<figure class=\"wp-block-image size-large is-resized is-style-default\"><img data-recalc-dims=\"1\" loading=\"lazy\" decoding=\"async\" src=\"https:\/\/i0.wp.com\/www.rdpemancipation.org\/wp-content\/uploads\/2021\/03\/image-168.png?resize=563%2C308&#038;ssl=1\" alt=\"\" class=\"wp-image-22782\" width=\"563\" height=\"308\" srcset=\"https:\/\/i0.wp.com\/www.rdpemancipation.org\/wp-content\/uploads\/2021\/03\/image-168.png?w=600&amp;ssl=1 600w, https:\/\/i0.wp.com\/www.rdpemancipation.org\/wp-content\/uploads\/2021\/03\/image-168.png?resize=300%2C164&amp;ssl=1 300w\" sizes=\"auto, (max-width: 563px) 100vw, 563px\" \/><\/figure>\n\n\n\n<p><a href=\"https:\/\/www.arretsurimages.net\/articles\/snu-le-gouvernement-a-oublie-le-droit-a-limage\">SNU : le gouvernement a oubli\u00e9 le droit \u00e0 l&rsquo;image<\/a> (Arr\u00eat sur images)<\/p>\n\n\n\n<p><a href=\"https:\/\/l.facebook.com\/l.php?u=https:\/\/actu.fr\/ile-de-france\/paris_75056\/covid-19-consideree-comme-un-sport-collectif-la-petanque-est-interdite-a-paris_40557291.html?fbclid=IwAR2IE99DEZbL8lpMHdTF0zN6f31dtQXac_0X3DwLtpfsO4A0YUlTOxq_CdM&amp;h=AT3b6G6aQe0Cdj4aXoFK1gIasA_9if_MmsgCZZJU9ZviE3LVvm71HB2EMqDU9nUw_KcNABwYIEOU_nEzyb4l0-YWx4JXOq1r5K07cfXE5cko72k8sgBX17EFuYWzH7NzTIkxgCM&amp;__tn__=,mH-R&amp;c%5B0%5D=AT3S7kOGQz8ItMNF7inHAEhpYNQ26R5ec74mNisR6yothb1x3GN5cIzNb-2FXCcWBPSHuqx75HyD7NIesBxlUbJPajc3pSOOhinrbetblI8uonRDMybtzkh-GrvQD2xvkpviWd0sJ2bj-qoVJNOQqEkt8LVQ4ptj2zo5Oj6_nJhJId0\">&nbsp;Covid-19 : consid\u00e9r\u00e9e comme un sport collectif, la p\u00e9tanque est interdite \u00e0 Paris&nbsp;<\/a> (<a href=\"http:\/\/actu.fr\">actu.fr<\/a>)<\/p>\n\n\n\n<p><a href=\"https:\/\/lundi.am\/Pour-et-autour-de-Sante-Notarnicola-1938-2021\">Pour et autour de Sante Notarnicola (1938-2021)<\/a> (Lundi Matin)<\/p>\n\n\n\n<p><a href=\"http:\/\/www.contretemps.eu\/loi-securite-globale-autoritarisme-repression\/\">Loi s\u00e9curit\u00e9 globale, nouvelle \u00e9tape du durcissement autoritaire<\/a> (Contretemps)&nbsp;<\/p>\n\n\n\n<figure class=\"wp-block-image size-large is-resized is-style-default\"><img data-recalc-dims=\"1\" loading=\"lazy\" decoding=\"async\" src=\"https:\/\/i0.wp.com\/www.rdpemancipation.org\/wp-content\/uploads\/2021\/03\/image-163.png?resize=390%2C279&#038;ssl=1\" alt=\"\" class=\"wp-image-22771\" width=\"390\" height=\"279\" srcset=\"https:\/\/i0.wp.com\/www.rdpemancipation.org\/wp-content\/uploads\/2021\/03\/image-163.png?w=600&amp;ssl=1 600w, https:\/\/i0.wp.com\/www.rdpemancipation.org\/wp-content\/uploads\/2021\/03\/image-163.png?resize=300%2C215&amp;ssl=1 300w\" sizes=\"auto, (max-width: 390px) 100vw, 390px\" \/><\/figure>\n\n\n\n<figure class=\"wp-block-image is-resized is-style-default\"><img loading=\"lazy\" decoding=\"async\" src=\"https:\/\/scontent.fsti4-2.fna.fbcdn.net\/v\/t1.0-9\/166221688_278520310517935_8712966246827846047_n.jpg?_nc_cat=106&amp;ccb=1-3&amp;_nc_sid=dbeb18&amp;_nc_ohc=Z96BUqlLPyMAX8adtDU&amp;_nc_ht=scontent.fsti4-2.fna&amp;oh=bd05606c346d21192ae736ebae99548d&amp;oe=6087C113\" alt=\"Peut \u00eatre une image de une personne ou plus et plein air\" width=\"403\" height=\"268\"\/><\/figure>\n\n\n\n<p id=\"block-4d1c2228-8ba4-4ce3-91f7-9eb86dca9511\"><strong><span class=\"has-inline-color has-vivid-red-color\">28 Mars en continu<\/span><\/strong><\/p>\n\n\n\n<p><a href=\"https:\/\/www.anti-k.org\/2021\/03\/28\/manifestation-contre-la-precarite-en-milieu-carceral\/\">Manifestation contre la pr\u00e9carit\u00e9 en milieu carc\u00e9ral <\/a>(Anti-k)<\/p>\n\n\n\n<p><a href=\"https:\/\/www.anti-k.org\/2021\/03\/28\/question-ecrite-le-flou-juridique-concernant-la-fermeture-de-classes-pour-cause-de-covid-19\/\">[Question \u00e9crite] Le flou juridique concernant la fermeture de classes pour cause de Covid-19&nbsp;<\/a> (LFI)<\/p>\n\n\n\n<p><a href=\"https:\/\/www.anti-k.org\/2021\/03\/27\/besancon-le-27-mars-2021-les-forces-de-lordre-ont-empeche-la-manif-masques-blancs\/\">Besan\u00e7on le 27 mars 2021 les forces de l\u2019ordre ont emp\u00each\u00e9 la manif masques blancs <\/a>-Frederic Vuillaume&nbsp;<\/p>\n\n\n\n<p><a href=\"https:\/\/blogs.mediapart.fr\/jean-marc-b\/blog\/280321\/quand-les-ecrivains-soutiennent-l-observatoire-international-des-prisons-oip\">Quand les \u00e9crivains soutiennent l\u2019Observatoire International des Prisons (OIP) <\/a>(Editions du Seuil)<\/p>\n\n\n\n<p><a href=\"https:\/\/www.mediapart.fr\/journal\/culture-idees\/280321\/un-journalisme-d-interet-humain\">Un journalisme d\u2019\u00abint\u00e9r\u00eat humain\u00bb<\/a> par Eug\u00e9nie Bourlet (M\u00e9diapart)<\/p>\n\n\n\n<p><a href=\"https:\/\/info.mediapart.fr\/optiext\/optiextension.dll?ID=fNMfMF8kQDiqPH2Lue9gEX5l%2BC1GncPCWVy24VJhLilJKmA1moXYpptDw5etZuw1WqbmKn7VtOsHBxdrTrMYmPnx7GTTm\">\u00abUltragauche\u00bb: Les proches des militants arr\u00eat\u00e9s le 8 d\u00e9cembre t\u00e9moignent<\/a> (MDP)<\/p>\n\n\n\n<p><a href=\"https:\/\/www.revolutionpermanente.fr\/Video-Un-policier-soul-menace-de-mort-un-homme-avec-son-arme\">Vid\u00e9o. Un policier so\u00fbl menace de mort un homme avec son arme<\/a> (RP)<\/p>\n\n\n\n<p><a href=\"https:\/\/ricochets.cc\/L-Etat-francais-stocke-des-armes-a-letalites-reduites-et-commande-des-munitions-marquantes.html\">L&rsquo;Etat fran\u00e7ais commande des munitions marquantes pour ses armes \u00e0 l\u00e9talit\u00e9 r\u00e9duite<\/a> (Ricochets)&nbsp;<\/p>\n\n\n\n<p><a href=\"https:\/\/www.revolutionpermanente.fr\/Clermont-Ferrand-5000-agriculteurs-manifestent-et-font-face-a-la-repression-policiere\">Clermont Ferrand&nbsp;: 5000 agriculteurs manifestent et font face \u00e0 la r\u00e9pression polici\u00e8re<\/a> (RP)<\/p>\n\n\n\n<p id=\"block-4d1c2228-8ba4-4ce3-91f7-9eb86dca9511\"><strong><span class=\"has-inline-color has-vivid-red-color\">27 Mars en continu<\/span><\/strong><\/p>\n\n\n\n<p><a href=\"http:\/\/click.email.amnesty.fr\/?qs=d33e53602e3460e7e4ffe78a0304952749ab9ed632c80ef95ce574ed49d2a2ad2e1fcd7cfccb6b092f3a47ad8cef8e3cc9ff797b50915803\">6 questions pour comprendre la proposition de loi s\u00e9curit\u00e9 globale<\/a> (Amnesty International)<\/p>\n\n\n\n<p><a href=\"https:\/\/www.placegrenet.fr\/2021\/03\/26\/gerald-darmanin-demande-a-la-commission-europeenne-dannuler-sa-subvention-a-lalliance-citoyenne-de-grenoble\/470758\">G\u00e9rald Darmanin demande \u00e0 la Commission europ\u00e9enne d\u2019annuler sa subvention \u00e0 l\u2019Alliance citoyenne<\/a> (Place Gre\u2019net)<\/p>\n\n\n\n<p><a href=\"https:\/\/laviedesidees.fr\/Entretien-avec-Anne-Wuilleumier.html\" target=\"_blank\" rel=\"noreferrer noopener\">Que peut-on attendre de la police&nbsp;?<\/a>&nbsp;(La vie des id\u00e9es)<\/p>\n\n\n\n<p><a href=\"https:\/\/lareleveetlapeste.fr\/la-loi-securite-globale-veut-banaliser-la-videosurveillance-par-helicoptere\/\" target=\"_blank\" rel=\"noreferrer noopener\">La loi s\u00e9curit\u00e9 globale veut banaliser la vid\u00e9osurveillance par h\u00e9licopt\u00e8re &nbsp;(L<\/a>a rel\u00e8ve et la peste)<\/p>\n\n\n\n<figure class=\"wp-block-image is-resized is-style-default\"><img loading=\"lazy\" decoding=\"async\" src=\"https:\/\/scontent.fhex4-2.fna.fbcdn.net\/v\/t1.0-9\/164984958_1172018763220590_4629908648262417745_n.jpg?_nc_cat=108&amp;ccb=1-3&amp;_nc_sid=730e14&amp;_nc_ohc=RxN1n5qC49wAX_1hdmn&amp;_nc_ht=scontent.fhex4-2.fna&amp;oh=e90c9dcb7dd939d78b0db1687c4fcaa1&amp;oe=6082B031\" alt=\"Peut \u00eatre une image de une personne ou plus, plein air et texte qui dit \u2019Les rassemblements ext\u00e9rieurs non autoris\u00e9s de plus de 6 personnes vont \u00eatre interdits et verbalis\u00e9s sur tout le territoire.\u2019\" width=\"371\" height=\"371\"\/><\/figure>\n\n\n\n<p><a href=\"https:\/\/lenumerozero.mediaslibres.org\/Manifestation-contre-la-precarite-en-milieu-carceral-5191\">Manifestation contre la pr\u00e9carit\u00e9 en milieu carc\u00e9ral<\/a> (Mutu)<\/p>\n\n\n\n<p><a href=\"https:\/\/blogs.mediapart.fr\/jean-marc-b\/blog\/270321\/snu-un-virus-de-plus-arretons-le-massacre\">SNU : un virus de plus &#8211; Arr\u00eatons le massacre <\/a>(Solidaires)<\/p>\n\n\n\n<figure class=\"wp-block-image is-resized is-style-default\"><img loading=\"lazy\" decoding=\"async\" src=\"https:\/\/scontent.fhex4-2.fna.fbcdn.net\/v\/t1.0-9\/165128211_1172019669887166_4717056331788686505_n.png?_nc_cat=108&amp;ccb=1-3&amp;_nc_sid=730e14&amp;_nc_ohc=scOJfTbBm78AX_o5L-B&amp;_nc_ht=scontent.fhex4-2.fna&amp;oh=f8bc63e4d006ec99e64867b7a953f9b7&amp;oe=6085CC50\" alt=\"Peut \u00eatre une image de texte qui dit \u2019< CE GOUVERNEMENT, JE LE CARACT\u00c9RISE D'UN MOT LAPOLICE PARTOUT, LAJUSTICE NULLE PART.\u00bb VICTOR HUGO, 1851\u2019\" width=\"363\" height=\"272\"\/><\/figure>\n\n\n\n<p id=\"block-4d1c2228-8ba4-4ce3-91f7-9eb86dca9511\"><strong><span class=\"has-inline-color has-vivid-red-color\">26 Mars en continu<\/span><\/strong><\/p>\n\n\n\n<p><a href=\"https:\/\/www.bastamag.net\/Loi-securite-globale-article25-port-d-armes-forces-de-l-ordre-etablissements-recevant-du-public-suicides-feminicides-altercation\">F\u00e9minicides, suicides\u2026 Les risques de la g\u00e9n\u00e9ralisation du port d&rsquo;armes des policiers hors service<\/a> (Basta&nbsp;!)<\/p>\n\n\n\n<p><a href=\"https:\/\/ricochets.cc\/Le-carnaval-de-Marseille-fustige-par-les-autorites-l-Etat-etend-sans-fin-son-controle-totalitaire.html\">Le carnaval de Marseille fustig\u00e9 par les autorit\u00e9s, l&rsquo;Etat \u00e9tend sans fin son contr\u00f4le totalitaire et policier<\/a> (Ricochets)<\/p>\n\n\n\n<p><a href=\"https:\/\/www.boursorama.com\/videos\/actualites\/paris-evacuation-dans-le-calme-d-un-campement-place-de-la-republique-8d581a8bc1bf4aea30d0d891418e304e\">Paris: \u00e9vacuation dans le calme d&rsquo;un campement place de la R\u00e9publique<\/a> (AFP Vid\u00e9o)<\/p>\n\n\n\n<p><a href=\"https:\/\/www.boursorama.com\/actualite-economique\/actualites\/rassemblements-de-plus-de-six-personnes-en-exterieur-les-forces-de-l-ordre-verbaliseront-previent-l-interieur-3cf3a48926d4fa58019ca715a3bf6f5d\">Rassemblements de plus de six personnes en ext\u00e9rieur : \u00ab\u00a0Les forces de l&rsquo;ordre verbaliseront\u00a0\u00bb, pr\u00e9vient l&rsquo;Int\u00e9rieur<\/a><br>(Boursorama)<\/p>\n\n\n\n<p><a href=\"https:\/\/www.laquadrature.net\/2021\/03\/25\/lettre-commune-de-61-organisations-europeennes-pour-demander-le-rejet-du-reglement-de-censure-antiterroriste\/\">Lettre commune de 61 organisations europ\u00e9ennes pour demander le rejet du r\u00e8glement de censure antiterroriste<\/a> (La Quadrature du Net)<\/p>\n\n\n\n<p><a href=\"https:\/\/www.lemediatv.fr\/emissions\/2021\/mort-de-remi-fraisse-le-non-lieu-de-la-honte-6vfMvxgzR8aIPObu65J80A\">Mort de R\u00e9mi Fraisse : le non-lieu de la honte<\/a> (Le M\u00e9dia)<\/p>\n\n\n\n<figure class=\"wp-block-image is-resized is-style-default\"><img loading=\"lazy\" decoding=\"async\" src=\"https:\/\/scontent.fhex4-1.fna.fbcdn.net\/v\/t1.0-0\/s600x600\/165178623_1171390369950096_3405766163707608719_n.png?_nc_cat=102&amp;ccb=1-3&amp;_nc_sid=730e14&amp;_nc_ohc=54-W7GU0iw0AX_GSNTu&amp;_nc_ht=scontent.fhex4-1.fna&amp;_nc_tp=30&amp;oh=661c2a1c9648ed1a35a9d38cc0875dcb&amp;oe=60844FA2\" alt=\"Peut \u00eatre une image de monument et texte qui dit \u2019Truc pour les gens qui veulent se r\u00e9unir \u00e0 plus de 6 dehors: prenez le m\u00e9tro! \u2190Sortie\u2019\" width=\"346\" height=\"293\"\/><\/figure>\n\n\n\n<p id=\"block-4d1c2228-8ba4-4ce3-91f7-9eb86dca9511\"><strong><span class=\"has-inline-color has-vivid-red-color\">25 Mars en continu<\/span><\/strong><\/p>\n\n\n\n<p><a href=\"https:\/\/reporterre.net\/A-Amiens-la-gauche-unie-au-proces-d-un-jeune-defenseur-du-climat\">\u00c0 Amiens, la gauche unie au proc\u00e8s d\u2019un jeune d\u00e9fenseur du climat<\/a> (Reporterre)<\/p>\n\n\n\n<p><a href=\"https:\/\/www.boursorama.com\/actualite-economique\/actualites\/un-policier-mis-en-examen-pour-l-eborgnement-par-lbd-d-une-gilet-jaune-bfdec8fd8e38b71739e4d2c6c95d5efb\">Un policier mis en examen pour l&rsquo;\u00e9borgnement par LBD d&rsquo;une \u00ab\u00a0gilet jaune\u00a0\u00bb<\/a> (AFP)<\/p>\n\n\n\n<p><a href=\"https:\/\/info.mediapart.fr\/optiext\/optiextension.dll?ID=x10x1UjDls%2BH_9wkz_vED2THs6S3dMQH0R2ktFVS8yJTVsqNEkDdyNnHBEp5LE8bfcS75_gfBPXw8eVTi6o3vY7dVXYVB\">La police nationale: terreau de plus en plus fertile \u00e0 l\u2019extr\u00eame droite?<\/a> -Clemenceau75<\/p>\n\n\n\n<p><a href=\"https:\/\/guitinews.fr\/ici-et-la-bas\/2021\/03\/24\/violences-policieres-et-personnes-exilees-perspectives-croisees-entre-la-france-la-grece-et-lallemagne\/\">Violences polici\u00e8res et personnes exil\u00e9es: perspectives crois\u00e9es entre la France, la Gr\u00e8ce et l\u2019Allemagne<\/a> (Guiti News)<\/p>\n\n\n\n<p><a href=\"https:\/\/www.mediacites.fr\/decryptage\/toulouse\/2021\/03\/24\/a-toulouse-le-proces-de-16-handi-militants-devient-celui-de-laccessibilite-du-tribunal\/\">Handicap : le proc\u00e8s de 16 handi-militants devient celui de l\u2019accessibilit\u00e9 du tribunal de Toulouse<\/a> (Mediacit\u00e9s)<\/p>\n\n\n\n<p><a href=\"https:\/\/www.streetpress.com\/sujet\/1616583458-toulouse-la-justice-humilie-des-militants-handicapes\">\u00c0 Toulouse, la justice humilie des militants handicap\u00e9s <\/a>(StreetPress)<\/p>\n\n\n\n<p><a href=\"https:\/\/rue89bordeaux.com\/2021\/03\/la-ville-de-bordeaux-demande-levacuation-du-grand-theatre-sans-delai\/\">Le Grand-Th\u00e9\u00e2tre de Bordeaux \u00e9vacu\u00e9 par les forces de l\u2019ordre<\/a> (Rue89 Bordeaux)&nbsp;<\/p>\n\n\n\n<p><a href=\"https:\/\/www.boursorama.com\/boursoramag\/actualites\/proces-du-saccage-de-l-arc-de-triomphe-peines-amenageables-et-travaux-d-interet-general-requis-8a7cb90f07270285b3fb2b540a30594b\">Proc\u00e8s du saccage de l&rsquo;Arc de Triomphe: peines am\u00e9nageables et travaux d&rsquo;int\u00earet g\u00e9n\u00e9ral requis<\/a> (AFP)<\/p>\n\n\n\n<p id=\"block-4d1c2228-8ba4-4ce3-91f7-9eb86dca9511\"><strong><span class=\"has-inline-color has-vivid-red-color\">24 Mars en continu<\/span><\/strong><\/p>\n\n\n\n<p><a href=\"https:\/\/www.mediapart.fr\/journal\/france\/230321\/la-justice-enterre-l-affaire-remi-fraisse-en-confirmant-le-non-lieu-en-faveur-du-gendarme\">La justice enterre l\u2019affaire R\u00e9mi Fraisse en confirmant le non-lieu en faveur du gendarme<\/a> par Michel Del\u00e9an (M\u00e9diapart)<\/p>\n\n\n\n<p><a href=\"https:\/\/info.mediapart.fr\/optiext\/optiextension.dll?ID=WstWvArHyAPtWrxJkSwRv_g%2BaY2zqSY8C7p3Xdx5k9iK3LkG4LQ3XSTuCjXVo2WBnU_AnKYzJNH5LSxIH0D3Txwr35Rap\">A R\u00e9mi Fraisse, 6 ans plus tard<\/a> &#8211; Cecile Duflot<\/p>\n\n\n\n<p><a href=\"https:\/\/www.streetpress.com\/sujet\/1616504126-kremlin-bicetre-ile-france-pere-fils-tabasses-police-violences-amendes-justice-villejuif\">Au Kremlin-Bic\u00eatre, un p\u00e8re et son fils tabass\u00e9s par la police<\/a> (StreetPress)<\/p>\n\n\n\n<p><a href=\"https:\/\/www.mediapart.fr\/journal\/france\/230321\/la-zad-du-carnet-evacuee-au-nom-de-l-etat-de-droit\">La ZAD du Carnet \u00e9vacu\u00e9e au nom de \u00abl\u2019Etat de droit\u00bb<\/a> par Jade Lindgaard (M\u00e9diapart)<\/p>\n\n\n\n<p><a href=\"https:\/\/reporterre.net\/L-Etat-veut-maintenir-l-ordre-avec-des-LBD-a-munitions-marquantes\">L&rsquo;\u00c9tat veut maintenir l&rsquo;ordre avec des LBD \u00e0 munitions marquantes<\/a> (Reporterre)<\/p>\n\n\n\n<p><a href=\"https:\/\/reporterre.net\/La-Zad-du-Carnet-expulsee-a-l-aube\">La Zad du Carnet expuls\u00e9e \u00e0 l&rsquo;aube<\/a> (Reporterre)<\/p>\n\n\n\n<p><a href=\"https:\/\/rapportsdeforce.fr\/breves\/16-militants-handicapes-juges-a-toulouse-le-proces-de-laccessibilite-03239688\">16 militants handicap\u00e9s jug\u00e9s \u00e0 Toulouse : \u00ab le proc\u00e8s de l\u2019accessibilit\u00e9 \u00bb<\/a> (Rapports de Force)<\/p>\n\n\n\n<p id=\"block-4d1c2228-8ba4-4ce3-91f7-9eb86dca9511\"><strong><span class=\"has-inline-color has-vivid-red-color\">23 Mars en continu<\/span><\/strong><\/p>\n\n\n\n<p><a href=\"https:\/\/www.lemediatv.fr\/emissions\/2021\/mobilisation-unitaire-contre-les-violences-detat-7xmCvIaQQ9W-IrdzUUBfDw\">Mobilisation unitaire contre les violences d&rsquo;Etat<\/a> (vid\u00e9o Le M\u00e9dia)&nbsp;<\/p>\n\n\n\n<p><a href=\"https:\/\/www.placegrenet.fr\/2021\/03\/22\/jardins-de-la-buisserate-le-tribunal-de-grenoble-etudie-la-demande-de-nullite-de-la-procedure-des-sept-mis-en-examen\/465547\">Jardins de la Buisserate : le tribunal de Grenoble \u00e9tudie la demande de nullit\u00e9 de la proc\u00e9dure des sept mis en examen<\/a> (Place Gre\u2019net)<\/p>\n\n\n\n<p><a href=\"https:\/\/www.humanite.fr\/gaspillage-alimentaire-une-employee-de-chronodrive-mise-pied-pour-un-tweet-701798#xtor=RSS-1\">Gaspillage alimentaire. Une employ\u00e9e de Chronodrive mise \u00e0 pied pour un tweet<\/a> (L\u2019Humanit\u00e9)&nbsp;<\/p>\n\n\n\n<p><a href=\"http:\/\/x5to3.mjt.lu\/lnk\/AMcAAE6rgrIAAAAVKGgAAAHrjg8AAAAAZI0AAMVkABGDvwBgWce8dOXLHr1VTjikHkSAu5FbDgARlqY\/4\/Wg2_H7ouWiAr9p9jKqmxQw\/aHR0cHM6Ly91czAyd2ViLnpvb20udXMvd2Mvam9pbi84MTA0MDAzMDAxNw\" target=\"_blank\" rel=\"noreferrer noopener\">Surveillance et r\u00e9pression : le n\u00e9olib\u00e9ralisme en marche<\/a> (conf zoom, 25 mars 18h)<\/p>\n\n\n\n<p><a href=\"https:\/\/www.monde-diplomatique.fr\/2021\/03\/PINSOLLE\/62867\">Dissoudre pour mieux r\u00e9gner (contr\u00f4le id\u00e9ologique des associations<\/a> (Le Monde Diplo)<\/p>\n\n\n\n<p><a href=\"https:\/\/larotative.info\/yanis-16-ans-est-decede-au-chru-de-4035.html\">Yanis, 16 ans, est d\u00e9c\u00e9d\u00e9 au CHRU de Tours apr\u00e8s une course poursuite avec la BAC de Blois<\/a> (La Rotative)<\/p>\n\n\n\n<p><a href=\"https:\/\/info.mediapart.fr\/optiext\/optiextension.dll?ID=5BA5EERWyNGyKGdlVu_4NaC___5MguGswKXM4PgQZLo3txVPWkdVz1pISGK2KHx5T5c8_aTlSNojhLvYt0uq2xsFSPXzF\">Olga Mamoudy: \u00abOn int\u00e8gre fortement la restriction de nos libert\u00e9s\u00bb<\/a> &#8211; La r\u00e9daction de Mediapart<\/p>\n\n\n\n<figure class=\"wp-block-image is-resized is-style-default\"><img data-recalc-dims=\"1\" loading=\"lazy\" decoding=\"async\" src=\"https:\/\/lupodessins.files.wordpress.com\/2020\/11\/illustration_sans_titre-3.jpg?w=560&#038;h=9999&#038;fit=560%2C9999&#038;resize=400%2C299\" alt=\"\" width=\"400\" height=\"299\" title=\"Macron, Covid, union\u00a0nationale\"\/><\/figure>\n\n\n\n<p id=\"block-4d1c2228-8ba4-4ce3-91f7-9eb86dca9511\"><strong><span class=\"has-inline-color has-vivid-red-color\">22 Mars en continu<\/span><\/strong><\/p>\n\n\n\n<p><a href=\"https:\/\/www.monde-diplomatique.fr\/2021\/03\/PINSOLLE\/62867\">Dissoudre pour mieux r\u00e9gner (contr\u00f4le id\u00e9ologique des associations)<\/a> Le Monde Diplo<\/p>\n\n\n\n<p><a href=\"https:\/\/www.boursorama.com\/boursoramag\/actualites\/gilets-jaunes-le-proces-du-saccage-de-l-arc-de-triomphe-s-est-ouvert-5ee44de595450d61f3c1f8885b43bb9b\">\u00ab\u00a0Gilets jaunes\u00a0\u00bb: le proc\u00e8s du saccage de l&rsquo;Arc de Triomphe s&rsquo;est ouvert<\/a><\/p>\n\n\n\n<p><a href=\"https:\/\/www.boursorama.com\/boursoramag\/actualites\/corinne-masiero-accusee-d-exhibition-sexuelle-le-parquet-classe-sans-suite-un-signalement-de-deputes-lr-0025e0f32af31a6f541bf1b8f0dcf962\">Corinne Masiero accus\u00e9e d&rsquo;exhibition sexuelle: le parquet classe sans suite un signalement de d\u00e9put\u00e9s LR<\/a><br>(AFP)<\/p>\n\n\n\n<p><a href=\"https:\/\/lundi.am\/Darmanin-souhaite-revisiter-la-tenue-des-policiers\">Darmanin souhaite \u00ab&nbsp;revisiter&nbsp;\u00bb la tenue des policiers<\/a> (Lundi Matin)<\/p>\n\n\n\n<figure class=\"wp-block-image is-resized is-style-default\"><img data-recalc-dims=\"1\" loading=\"lazy\" decoding=\"async\" src=\"https:\/\/i0.wp.com\/static.mediapart.fr\/etmagine\/default\/files\/portfolios\/807871\/5e8b2ba5b7610.jpg?resize=301%2C486&#038;ssl=1\" alt=\"\" width=\"301\" height=\"486\"\/><\/figure>\n\n\n\n<p id=\"block-4d1c2228-8ba4-4ce3-91f7-9eb86dca9511\"><strong><span class=\"has-inline-color has-vivid-red-color\">21 Mars en continu<\/span><\/strong><\/p>\n\n\n\n<figure class=\"wp-block-image is-resized is-style-default\"><img loading=\"lazy\" decoding=\"async\" src=\"https:\/\/scontent.fhex4-1.fna.fbcdn.net\/v\/t1.0-9\/163009991_1168306766925123_9049518108128688902_n.png?_nc_cat=101&amp;ccb=1-3&amp;_nc_sid=730e14&amp;_nc_ohc=0e2CaxNZFf4AX8ODS8D&amp;_nc_oc=AQnM2mpO9qmz89M-vhi2Rnqdo3VU2u_SkofgR3W3x-RsxvcH0pyAzDlP8RLM0k6IX84&amp;_nc_ht=scontent.fhex4-1.fna&amp;oh=4122fe1a3fb22bbe2ffc07c4f76e9c5c&amp;oe=607DBBA6\" alt=\"Peut \u00eatre une image de 4 personnes\" width=\"491\" height=\"368\"\/><figcaption><sub>Les policiers qui ont confondu des fraises tagada avec de la drogue ont bien voulu poser pour la presse<\/sub><\/figcaption><\/figure>\n\n\n\n<p><a href=\"https:\/\/www.boursorama.com\/actualite-economique\/actualites\/plusieurs-milliers-de-personnes-dans-la-rue-contre-le-racisme-et-les-violences-policieres-1fcbef8642a65af05dbd2539584668c4\">Plusieurs milliers de personnes dans la rue contre le racisme et les violences polici\u00e8res<\/a> (AFP)<\/p>\n\n\n\n<p><a href=\"https:\/\/www.revolutionpermanente.fr\/Le-coup-d-Etat-d-urgence-d-Arie-Alimi-restrictions-de-libertes-surveillance-et-violences-policieres\">\u00ab&nbsp;Le coup&nbsp;d\u2019\u00c9tat&nbsp;d\u2019urgence&nbsp;\u00bb d\u2019Ari\u00e9 Alimi&nbsp;: restrictions de libert\u00e9s, surveillance, et violences polici\u00e8res<\/a> (RP)<\/p>\n\n\n\n<p><a href=\"https:\/\/www.revolutionpermanente.fr\/Justice-pour-Claude-Jean-Pierre-mort-suite-a-un-controle-de-gendarmerie-en-Guadeloupe-100-jours-de\">Justice pour Claude Jean-Pierre, mort suite \u00e0 un contr\u00f4le de gendarmerie en Guadeloupe&nbsp;: 100 jours de lutte<\/a> (RP)<\/p>\n\n\n\n<p id=\"block-4d1c2228-8ba4-4ce3-91f7-9eb86dca9511\"><strong><span class=\"has-inline-color has-vivid-red-color\">20 Mars en continu<\/span><\/strong><\/p>\n\n\n\n<figure class=\"wp-block-image is-resized is-style-default\"><img loading=\"lazy\" decoding=\"async\" src=\"https:\/\/scontent.fhex4-1.fna.fbcdn.net\/v\/t1.0-9\/162432855_1168302870258846_7479895490202460380_o.png?_nc_cat=102&amp;ccb=1-3&amp;_nc_sid=730e14&amp;_nc_ohc=dR1kfzwEkk0AX_uF5AX&amp;_nc_ht=scontent.fhex4-1.fna&amp;oh=6ac8c3aac96ab9959e8b95b1537986c5&amp;oe=607D1C8D\" alt=\"Peut \u00eatre une capture d\u2019\u00e9cran de Twitter de texte qui dit \u2019AFP Agence France-Presse @afpfr La poudre pr\u00e9sent\u00e9e mercredi lors lors de sa saisie par la police fran\u00e7aise comme de la MDMA, une drogue de synth\u00e8se, S est r\u00e9v\u00e9l\u00e9e provenir de simples bonbons des fraises Tagada, a-t-on appris de sources concordantes #AFP AFP C09V6 Joel Saget\/ AFP 14:45 19\/03\/2021 TweetDeck\u2019\" width=\"301\" height=\"471\"\/><\/figure>\n\n\n\n<p><a href=\"https:\/\/france.attac.org\/actus-et-medias\/salle-de-presse\/article\/mobilisation-generale-du-13-au-20-mars-pour-nos-libertes\">Mobilisation g\u00e9n\u00e9rale du 13 au 20 mars pour nos libert\u00e9s !<\/a> Attac France<\/p>\n\n\n\n<p><a href=\"https:\/\/www.boursorama.com\/actualite-economique\/actualites\/sortie-de-macron-perturbee-aux-bouffes-du-nord-non-lieu-pour-taha-bouhafs-c7eb5f15a0776eb0924cd2f4e259c9c7\">Sortie de Macron perturb\u00e9e aux Bouffes du Nord: non-lieu pour Taha Bouhafs<\/a> (AFP)<\/p>\n\n\n\n<p><a href=\"https:\/\/blogs.mediapart.fr\/jean-marc-b\/blog\/190321\/deuxieme-edition-video-mdp-avec-la-coordination-stop-loi-securite-globale\">Deuxi\u00e8me \u00e9dition vid\u00e9o avec la coordination \u00ab Stop Loi S\u00e9curit\u00e9 Globale \u00bb <\/a>(MDP)<\/p>\n\n\n\n<p><a href=\"https:\/\/info.mediapart.fr\/optiext\/optiextension.dll?ID=ZrqZqykJ%2BLZqgh7ZuMREcwX3ElPF1LJxwe3FJDmrQVlUHHJd7IW5QTmYc171geLcDOC3f7QhUTGjqW0_q2MRfKrh_PbBP\">\u00abUltra-jaunes\u00bb \u00e0 Bordeaux: la justice annule l\u2019enqu\u00eate<\/a> (MDP)<\/p>\n\n\n\n<p><a href=\"https:\/\/ricochets.cc\/Crest-la-police-municipale-fait-abusivement-pression-sur-le-bar-La-Caverne-pour-l-obliger-a-fermer.html\">Crest&nbsp;: la police municipale fait abusivement pression sur le bar La Caverne pour l&rsquo;obliger \u00e0 fermer<\/a> (Ricochets)&nbsp;<\/p>\n\n\n\n<p><a href=\"https:\/\/reflets.info\/articles\/le-ministere-de-la-defense-a-une-reponse-a-tout-je-ne-sais-pas\">Le minist\u00e8re de la d\u00e9fense a une r\u00e9ponse \u00e0 tout : \u00ab je ne sais pas \u00bb<\/a> (Reflets.info)<\/p>\n\n\n\n<p><a href=\"https:\/\/www.streetpress.com\/sujet\/1616163790-ikea-aide-policiers-malhonnetes-espionnage-salaries-clients-rg-justice-proces-media\">Ikea, aid\u00e9 de policiers malhonn\u00eates, espionnait salari\u00e9s et clients<\/a> (StreetPress)<\/p>\n\n\n\n<figure class=\"wp-block-image is-resized is-style-default\"><img loading=\"lazy\" decoding=\"async\" src=\"https:\/\/scontent.fhex4-2.fna.fbcdn.net\/v\/t1.0-9\/162097921_1167586350330498_7856814601574817258_n.png?_nc_cat=107&amp;ccb=1-3&amp;_nc_sid=730e14&amp;_nc_ohc=rPD6WwhrCnoAX8r0abD&amp;_nc_ht=scontent.fhex4-2.fna&amp;oh=670e38102395988f01aa6eb5a2a83e08&amp;oe=607939B4\" alt=\"Peut \u00eatre une capture d\u2019\u00e9cran de Twitter de 1 personne et texte qui dit \u2019Tweet 25,8K\/s26%19:30 elysee.fr Le Journal de l'Elys\u00e9e @JournalElysee parodie DIRECT #Castex19h L'ensemble des soir\u00e9es clandestines pourron d\u00e9sormais commencer \u00e0 19h au lieu de 18h. 19:26\u00b718 19:26 18 mars 21 Twitter for iPhone\u2019\" width=\"338\" height=\"364\"\/><\/figure>\n\n\n\n<p id=\"block-4d1c2228-8ba4-4ce3-91f7-9eb86dca9511\"><strong><span class=\"has-inline-color has-vivid-red-color\">19 Mars en continu<\/span><\/strong><\/p>\n\n\n\n<p><a href=\"https:\/\/blogs.mediapart.fr\/jean-marc-b\/blog\/180321\/kit-de-formation-arretes-pour-avoir-manifeste-amnesty-international\">Kit de formation &#8211; Arr\u00eat\u00e9s pour avoir manifest\u00e9 &#8211;<\/a>Amnesty International<\/p>\n\n\n\n<figure class=\"wp-block-image is-resized is-style-default\"><img data-recalc-dims=\"1\" loading=\"lazy\" decoding=\"async\" src=\"https:\/\/i0.wp.com\/www.acrimed.org\/IMG\/jpg\/3-57.jpg?resize=313%2C426&#038;ssl=1\" alt=\"\" width=\"313\" height=\"426\"\/><\/figure>\n\n\n\n<p><a href=\"https:\/\/www.revolutionpermanente.fr\/Bagui-Traore-hospitalise-la-famille-l-apprend-3-jours-plus-tard-par-des-detenus\">Bagui Traor\u00e9 hospitalis\u00e9, la famille l\u2019apprend 3 jours plus tard par des d\u00e9tenus&nbsp;!<\/a> (RP)<\/p>\n\n\n\n<p><a href=\"https:\/\/www.boursorama.com\/actualite-economique\/actualites\/securite-globale-feu-vert-du-senat-a-un-texte-largement-reecrit-037c43bee9cbb105e57159d9b01d4ad5\">\u00ab\u00a0S\u00e9curit\u00e9 globale\u00a0\u00bb: feu vert du S\u00e9nat \u00e0 un texte largement r\u00e9\u00e9crit<\/a> (AFP)<\/p>\n\n\n\n<p><a href=\"https:\/\/www.boursorama.com\/actualite-economique\/actualites\/une-amende-de-200-000-euros-pour-cnews-apres-des-propos-d-eric-zemmour-d761974516bef2dc7cb4dd5f7ade2632\">Une amende de 200.000 euros pour CNews apr\u00e8s des propos d&rsquo;Eric Zemmour<\/a> (AFP)<\/p>\n\n\n\n<p><a href=\"https:\/\/www.boursorama.com\/videos\/actualites\/roissy-manifestation-de-salaries-du-secteur-aerien-3840075b807928a53602ad6f2dd0792f\">Roissy: manifestation de salari\u00e9s du secteur a\u00e9rien<\/a> (AFP vid\u00e9o)<\/p>\n\n\n\n<p><a href=\"https:\/\/alt-rev.com\/2021\/03\/18\/cest-parce-que-cest-une-free-party-quil-faut-la-mater-comment-letat-chasse-la-jeunesse-libre\/\">\u201cC\u2019est parce que c\u2019est une free party qu\u2019il faut la mater\u201d: comment l\u2019\u00c9tat chasse la jeunesse libre<\/a> (Bastamag)<\/p>\n\n\n\n<figure class=\"wp-block-image is-resized is-style-default\"><img data-recalc-dims=\"1\" loading=\"lazy\" decoding=\"async\" src=\"https:\/\/i0.wp.com\/www.bastamag.net\/local\/adapt-img\/740\/10x\/IMG\/arton8308.jpg?resize=379%2C284&#038;ssl=1\" alt=\"\" width=\"379\" height=\"284\"\/><\/figure>\n\n\n\n<p><a href=\"https:\/\/radioparleur.net\/2021\/03\/18\/emission-loi-securite-globale\/\">Loi S\u00e9curit\u00e9 globale : la folie de la surveillance ? \u2013 Penser les luttes<\/a> (Radioparleur)&nbsp;<\/p>\n\n\n\n<p><a href=\"https:\/\/www.boursorama.com\/actualite-economique\/actualites\/emeutes-a-blois-le-mineur-blesse-grievement-dans-l-accident-mardi-soir-est-decede-3db87e9da6a91eff893d1ad80305f890\">Emeutes \u00e0 Blois: le mineur bless\u00e9 gri\u00e8vement dans l&rsquo;accident mardi soir est d\u00e9c\u00e9d\u00e9<\/a>&nbsp; (AFP)<\/p>\n\n\n\n<p><a href=\"https:\/\/www.boursorama.com\/actualite-economique\/actualites\/inegalites-services-publics-police-les-mises-en-garde-de-la-defenseure-des-droits-7a5dc712621d02ea4e3abce3b4a9cfe9\">In\u00e9galit\u00e9s, services publics, police: les mises en garde de la D\u00e9fenseure des droits<\/a> (AFP)<\/p>\n\n\n\n<p><a href=\"https:\/\/info.mediapart.fr\/optiext\/optiextension.dll?ID=KghKfYeJmbQbEuCD4Wnl5vZ5jVdIxNzu_YgbZKTDev40RtT0Tx8Cehtb2cRPCqKayrSLJ7hRWMEgV4otKd_MrjU9MVl8x\">\u00abUltra-jaunes\u00bb \u00e0 Bordeaux: la justice annule l\u2019enqu\u00eate<\/a> (MDP)<\/p>\n\n\n\n<p id=\"block-4d1c2228-8ba4-4ce3-91f7-9eb86dca9511\"><strong><span class=\"has-inline-color has-vivid-red-color\">18 Mars en continu<\/span><\/strong><\/p>\n\n\n\n<p><a href=\"https:\/\/blogs.mediapart.fr\/jean-marc-b\/blog\/180321\/la-guerre-de-darmanin-contre-les-policiers-integres-video-le-media\">La guerre de Darmanin contre les policiers int\u00e8gres -vid\u00e9o Le M\u00e9dia&nbsp;<\/a><\/p>\n\n\n\n<p><a href=\"https:\/\/info.mediapart.fr\/optiext\/optiextension.dll?ID=bJIbMLPs4eQ9rXfM%2BVVEPGjdKY4AwfIAyrKCxSku846WMbErjF7gh2ZOMKCHJvyuytrA1aj6BDoxLFXfytqqFp4xcC_z9\">Des \u00e9tudiants outr\u00e9s que Darmanin leur demande de dessiner la tenue des policiers<\/a> (MDP<\/p>\n\n\n\n<p><a href=\"https:\/\/info.mediapart.fr\/optiext\/optiextension.dll?ID=bJIbN0qFmDWYRPsIQoAwHik6cNOw8HYoWq_5guoiY1BhHgYrjegjNM88DYvDcavavHgdceM_tPElLzncmkI_weStChVbE\">Loi s\u00e9curit\u00e9 globale &#8211; \u00abFace au beauvau\u00bb #2 &#8211; en direct sur Mediapart<\/a><\/p>\n\n\n\n<p><a href=\"https:\/\/info.mediapart.fr\/optiext\/optiextension.dll?ID=bJIbLOjoZugJkkzh7_ytTYdwvEgq%2BosvZ%2BKr4VQolUQi3xIrjG6nPApZmvsak8_LitSbYq4Cb06sjUPI2UrPUbRCXUbHM\">Health Data Hub: du fantasme de l\u2019IA \u00e0 la privatisation de nos donn\u00e9es de sant\u00e9<\/a> (<a href=\"https:\/\/info.mediapart.fr\/optiext\/optiextension.dll?ID=bJIbMF7hlaLmKuFSeajkmbhbv0FV53iLNK%2BpGRu7iPuC6%2BMrjJSdI94N9SZOnFPyJ81T6VvXA7y5KW1P6JrWBjyU74iri\">La Quadrature Du Net<\/a>)<\/p>\n\n\n\n<p><a href=\"https:\/\/info.mediapart.fr\/optiext\/optiextension.dll?ID=bJIbKM0hSG7NCNZIJo4pkSChjtnYesO1N0ky5yMqHWP96qxXjRhLUnWAPVRu5WFVn1KUdM99K1ueEC79Xjub2XXPibQX4\">#SurfPark : proc\u00e8s de camarades le 23 Mars et impunit\u00e9 des actes miliciens en France?<\/a> -blog <a href=\"https:\/\/info.mediapart.fr\/optiext\/optiextension.dll?ID=bJIbMswP7y_lLonDEUluIFISiBDApT0Cl5m7jxAr_en_sLdri6QRoJzuYGIiOyhHFNQB5KslWie7JU550Gg1VLnXZVx5T\">Yoann_44<\/a><\/p>\n\n\n\n<p><a href=\"https:\/\/www.humanite.fr\/police-limogeage-dalexandre-langlois-secretaire-general-du-syndicat-vigi-701611#xtor=RSS-1\">Police Limogeage d\u2019Alexandre Langlois, secr\u00e9taire g\u00e9n\u00e9ral du syndicat Vigi<\/a> (L\u2019Humanit\u00e9)<\/p>\n\n\n\n<p><a href=\"https:\/\/www.revolutionpermanente.fr\/20-et-21-mars-dans-les-rues-contre-les-violences-policieres-les-lois-racistes-et-liberticides\">20 et 21 mars&nbsp;: dans les rues contre les violences polici\u00e8res &amp; les lois racistes et liberticides&nbsp;!<\/a> (RP)<\/p>\n\n\n\n<p><a href=\"https:\/\/www.placegrenet.fr\/2021\/03\/17\/une-soixantaine-davocats-du-barreau-de-grenoble-ont-denonce-lexpulsion-dun-de-leurs-confreres-a-aix-en-provence\/464341\">Une soixantaine d\u2019avocats du barreau de Grenoble ont d\u00e9nonc\u00e9 l\u2019expulsion d\u2019un de leurs confr\u00e8res \u00e0 Aix-en-Provence<\/a> (Place Gre\u2019net)<\/p>\n\n\n\n<p><a href=\"https:\/\/radioparleur.net\/2021\/03\/17\/proces-etudiants-nanterre\/\">Relaxe pour les quatre \u00e9tudiants \u00ab qui ont servi d\u2019exemple \u00bb<\/a> (Radioparleur)&nbsp;<\/p>\n\n\n\n<p><a href=\"https:\/\/www.saphirnews.com\/Une-cinquantaine-de-militaires-neonazis-epingles-des-cas-isoles-pour-le-ministere-des-Armees_a27907.html\">Une cinquantaine de militaires n\u00e9onazis \u00e9pingl\u00e9s, des cas isol\u00e9s pour le minist\u00e8re des Arm\u00e9es<\/a> (SaphirNews)<\/p>\n\n\n\n<figure class=\"wp-block-image is-resized is-style-default\"><img loading=\"lazy\" decoding=\"async\" src=\"https:\/\/scontent.fhex4-2.fna.fbcdn.net\/v\/t1.0-9\/162112118_2551010951859533_8930948392360165230_n.jpg?_nc_cat=109&amp;ccb=1-3&amp;_nc_sid=8bfeb9&amp;_nc_ohc=7tOlBAzcdhwAX-UW2PN&amp;_nc_ht=scontent.fhex4-2.fna&amp;oh=ec9206e2d562233715c10077b630c7bc&amp;oe=60777B28\" alt=\"Peut \u00eatre une image de 2 personnes et texte qui dit \u2019VICTOIRE DE LA MOBILISATION LES 4 DE NANTERRE SONT RELAX\u00c9S! CONTINUONS DE DONNER \u00c0 LA CAISSE DE SOUTIEN POUR PAYER LES FRAIS D'AVOCATS! COMITE DE SOUTIEN AUX 1 DE NANTERRE\u2019\" width=\"426\" height=\"267\"\/><figcaption><sub>Lundi dernier, Ayoub, Selim, Victor et Barth, poursuivis en justice pour avoir d\u00e9fendu <\/sub><br><sub>le droit d\u2019\u00e9tudier, ont tous les quatre \u00e9t\u00e9 relax\u00e9s. Une victoire de la mobilisation tr\u00e8s large <\/sub><br><sub> qui s\u2019est exprim\u00e9, bien au del\u00e0 de l\u2019universit\u00e9 de Nanterre !&nbsp;<\/sub><\/figcaption><\/figure>\n\n\n\n<p id=\"block-4d1c2228-8ba4-4ce3-91f7-9eb86dca9511\"><strong><span class=\"has-inline-color has-vivid-red-color\">17 Mars en continu<\/span><\/strong><\/p>\n\n\n\n<p><a href=\"https:\/\/reporterre.net\/A-ECOUTER-Les-mauvaises-ondes-de-la-loi-Securite-globale?utm_source=newsletter&amp;utm_medium=email&amp;utm_campaign=nl_quotidienne\" target=\"_blank\" rel=\"noreferrer noopener\">Les mauvaises ondes de la loi s\u00e9curit\u00e9 globale.<\/a> (Reporterre)<\/p>\n\n\n\n<p><a href=\"https:\/\/www.leparisien.fr\/faits-divers\/gilets-jaunes-30000-euros-dindemnisation-provisoire-pour-jerome-rodrigues-eborgne-par-une-grenade-16-03-2021-QJ4DYQ6GONCCJBE7T7HDUT4VYQ.php?fbclid=IwAR3ixZxKoUlF8gjo2iYTukJghE9Sc9Z01rJGSSJAj9b2P-PQtjRsh8df6Kw\">Gilets jaunes : 30000 euros d\u2019indemnisation provisoire pour J\u00e9r\u00f4me Rodrigues, \u00e9borgn\u00e9 par une grenade <\/a>(Le Parisien)<\/p>\n\n\n\n<p><a href=\"https:\/\/www.boursorama.com\/actualite-economique\/actualites\/moselle-trois-surveillants-penitentiaires-mis-en-examen-pour-complicite-de-violences-0d086ead4db3e63341826d87865b70ba\">Moselle: trois surveillants p\u00e9nitentiaires mis en examen pour complicit\u00e9 de violences<\/a> (AFP<\/p>\n\n\n\n<p><a href=\"https:\/\/www.anti-k.org\/2021\/03\/17\/cest-parce-que-cest-une-free-party-quil-faut-la-mater-comment-letat-chasse-la-jeunesse-libre\/\">C\u2019est parce que c\u2019est une free party qu\u2019il faut la mater \u00bb : comment l\u2019\u00c9tat chasse la jeunesse libre <\/a>(Basta)<\/p>\n\n\n\n<p><a href=\"https:\/\/www.anti-k.org\/2021\/03\/17\/letat-veut-acheter-170-000-nouvelles-munitions-de-lbd\/\">L\u2019\u00c9tat veut acheter 170.000 nouvelles munitions de LBD <\/a>(Reporterre)<\/p>\n\n\n\n<p><a href=\"http:\/\/rennes-info.org\/local\/cache-vignettes\/L600xH294\/_sans_titre_0-cc245.jpg\">Journ\u00e9e internationale contre les violences polici\u00e8res. Journ\u00e9e internationale contre le racisme <\/a>(Rennes Info)<\/p>\n\n\n\n<figure class=\"wp-block-image is-resized is-style-default\"><img data-recalc-dims=\"1\" loading=\"lazy\" decoding=\"async\" src=\"https:\/\/i0.wp.com\/rennes-info.org\/local\/cache-vignettes\/L600xH294\/_sans_titre_0-cc245.jpg?resize=460%2C225\" alt=\"\" width=\"460\" height=\"225\"\/><\/figure>\n\n\n\n<p><a href=\"https:\/\/www.anti-k.org\/2021\/03\/17\/nuit-demeutes-urbaines-a-blois-le-prefet-fait-appel-a-de-nombreux-renforts\/\">Nuit d\u2019\u00e9meutes urbaines \u00e0 Blois, le pr\u00e9fet fait appel \u00e0 de nombreux renforts&nbsp;<\/a> (Anti-K)<\/p>\n\n\n\n<p><a href=\"https:\/\/www.boursorama.com\/actualite-economique\/actualites\/donnees-personnelles-enquete-ouverte-sur-l-application-clubhouse-en-france-23b9b1b6fcc4d323911ffb7d27f0bb7b\">Donn\u00e9es personnelles: enqu\u00eate ouverte sur l&rsquo;application Clubhouse en France<\/a> (AFP)<\/p>\n\n\n\n<p><a href=\"https:\/\/www.boursorama.com\/actualite-economique\/actualites\/la-ville-de-blois-en-proie-a-des-violences-urbaines-apres-un-accident-daad26238d9e1c16ba017135cba971e7\">La ville de Blois en proie \u00e0 des violences urbaines apr\u00e8s un accident<\/a> (AFP)<\/p>\n\n\n\n<figure class=\"wp-block-image is-resized is-style-default\"><img loading=\"lazy\" decoding=\"async\" src=\"https:\/\/scontent.fhex4-2.fna.fbcdn.net\/v\/t1.0-9\/161673646_1166219940467139_3688286983586973644_o.jpg?_nc_cat=107&amp;ccb=1-3&amp;_nc_sid=730e14&amp;_nc_ohc=8tRlzAGMpf8AX-V5IYZ&amp;_nc_ht=scontent.fhex4-2.fna&amp;oh=1a9bd92f56d64a46406b31c01f6ec01c&amp;oe=6077F6A8\" alt=\"Peut \u00eatre une image de une personne ou plus, personnes debout et plein air\" width=\"378\" height=\"251\"\/><\/figure>\n\n\n\n<p id=\"block-4d1c2228-8ba4-4ce3-91f7-9eb86dca9511\"><strong><span class=\"has-inline-color has-vivid-red-color\">16 Mars en continu<\/span><\/strong><\/p>\n\n\n\n<p><a href=\"https:\/\/www.lavoixdunord.fr\/959876\/article\/2021-03-15\/lille-des-intermittents-du-spectacle-evacues-de-la-drac-par-les-forces-de-l\">Lille: les intermittents du spectacle \u00e9vacu\u00e9s de la DRAC par les forces de l\u2019ordre<\/a> (La Voix du Nord)<\/p>\n\n\n\n<p><a href=\"https:\/\/ricochets.cc\/Le-port-du-masque-surveille-par-camera-et-logiciel-de-reconnaissance-automatique-dans-les.html\">Le port du masque surveill\u00e9 par cam\u00e9ra et logiciel de reconnaissance automatique dans les transports en commun<\/a> (Ricochets)&nbsp;<\/p>\n\n\n\n<p><a href=\"http:\/\/feedproxy.google.com\/~r\/Rue89Strasbourg\/~3\/Vm_f1WdyTgE\/etat-reconnait-responsabilite-sans-faute-blessure-tir-lbd-lilian-202703\">L\u2019\u00c9tat reconna\u00eet \u00ab une responsabilit\u00e9 sans faute \u00bb dans la blessure inflig\u00e9e par un tir de LBD \u00e0 Lilian<\/a> (Rue89 Strasbourg)<\/p>\n\n\n\n<p><a href=\"https:\/\/reporterre.net\/Les-Jeux-olympiques-ouvrent-la-voie-aux-technologies-securitaires\">Les Jeux olympiques ouvrent la voie aux technologies s\u00e9curitaires<\/a> (Reporterre)<\/p>\n\n\n\n<figure class=\"wp-block-image is-resized is-style-default\"><img loading=\"lazy\" decoding=\"async\" src=\"https:\/\/scontent.fsti4-2.fna.fbcdn.net\/v\/t1.0-9\/161377595_1165598570529276_6633053036564619325_o.png?_nc_cat=104&amp;ccb=1-3&amp;_nc_sid=730e14&amp;_nc_ohc=JBnPedoGR9QAX90JFq-&amp;_nc_ht=scontent.fsti4-2.fna&amp;oh=f23160737f836c8703ef1f6e5d944cc9&amp;oe=6076FD00\" alt=\"Peut \u00eatre un dessin anim\u00e9 de texte\" width=\"293\" height=\"393\"\/><\/figure>\n\n\n\n<figure class=\"wp-block-image is-resized is-style-default\"><img loading=\"lazy\" decoding=\"async\" src=\"https:\/\/scontent.fsti4-1.fna.fbcdn.net\/v\/t1.0-9\/161645093_1165609683861498_8176951394591779202_o.jpg?_nc_cat=109&amp;ccb=1-3&amp;_nc_sid=730e14&amp;_nc_ohc=EIZDQVQKhS0AX_wyxdk&amp;_nc_ht=scontent.fsti4-1.fna&amp;oh=3aa3814165d2910446f9cdcf5bfb762b&amp;oe=60749B65\" alt=\"Peut \u00eatre une image de monument et texte qui dit \u2019RASSEMBLEMENT AU SENATA CONTRE LES LOIS LIBERTICIDES MARDI 16 MARS \u00c0 16H RENDEZ-VOUS SQUARE FRANCIS POULENC METRO 10 ODEON- RER UXEMBOURG STOP LOI CENSURE GLOBALE #STOPLOISECURITEGLOBALE\u2019\" width=\"286\" height=\"451\"\/><\/figure>\n\n\n\n<p id=\"block-4d1c2228-8ba4-4ce3-91f7-9eb86dca9511\"><strong><span class=\"has-inline-color has-vivid-red-color\">15 Mars en continu<\/span><\/strong><\/p>\n\n\n\n<p><a href=\"http:\/\/latelelibre.fr\/reportages\/police-arrache-cannabis-de-florence-destine-a-maladie\/\">La Police Arrache le Cannabis de Florence Destin\u00e9 \u00e0 sa Maladie<\/a> (LaTeleLibre.fr)<\/p>\n\n\n\n<p><a href=\"https:\/\/www.anti-k.org\/2021\/03\/14\/mobilisation-a-montpellier-contre-la-loi-securite-globale\/\">Mobilisation \u00e0 Montpellier contre la loi S\u00e9curit\u00e9 Globale <\/a>(LFI)<\/p>\n\n\n\n<p><a href=\"https:\/\/theconversation.com\/loi-securite-globale-un-film-documentaire-pour-decrypter-trois-points-sensibles-155006\">Loi \u00ab S\u00e9curit\u00e9 globale \u00bb : un film documentaire pour d\u00e9crypter trois points sensibles<\/a> (The Conversation)<\/p>\n\n\n\n<p><a href=\"https:\/\/lanticapitaliste.org\/actualite\/politique\/strasbourg-contre-notre-camarade-tonio-g-le-parquet-fait-appel\">Strasbourg : contre notre camarade Tonio G., le Parquet fait appel !<\/a> (NPA 67)<\/p>\n\n\n\n<figure class=\"wp-block-image is-resized is-style-default\"><img loading=\"lazy\" decoding=\"async\" src=\"https:\/\/scontent.fhex4-1.fna.fbcdn.net\/v\/t1.0-9\/160919982_1164406750648458_6560318795072756219_o.jpg?_nc_cat=102&amp;ccb=1-3&amp;_nc_sid=730e14&amp;_nc_ohc=Li_s0lNUyXkAX8hAQL7&amp;_nc_ht=scontent.fhex4-1.fna&amp;oh=e6656430a43771758a984c36217bd936&amp;oe=6073339F\" alt=\"Peut \u00eatre une image de plein air et texte qui dit \u2019- U I MOINS DE RAMBOS, PLUS DE RIMBAUDS #STOPLOISECURITEGLOBALE\u2019\" width=\"382\" height=\"329\"\/><\/figure>\n\n\n\n<p id=\"block-4d1c2228-8ba4-4ce3-91f7-9eb86dca9511\"><strong><span class=\"has-inline-color has-vivid-red-color\">14 Mars en continu<\/span><\/strong><\/p>\n\n\n\n<p><a href=\"https:\/\/framaforms.org\/un-printemps-des-libertes-pour-defendre-nos-droits-1610310641\">Signature de la tribune Stop s\u00e9curit\u00e9 globale<\/a><\/p>\n\n\n\n<p><a href=\"https:\/\/lvsl.fr\/smart-cities-mirage-solutionniste-pour-voiler-limpuissance-politique\/\">Smart cities, mirage solutionniste pour voiler l\u2019impuissance politique<\/a>&nbsp;(LVSL)<\/p>\n\n\n\n<p><a href=\"https:\/\/blogs.mediapart.fr\/jean-marc-b\/blog\/130321\/toutes-et-tous-au-tribunal-lundi-1230-avec-les-quatre-de-nanterre\">Toutes et tous au tribunal lundi 12:30 avec les quatre \u00e9tudiants syndicalistes de Nanterre <\/a>(Unef Tacle)<\/p>\n\n\n\n<figure class=\"wp-block-image is-resized is-style-default\"><img data-recalc-dims=\"1\" loading=\"lazy\" decoding=\"async\" src=\"https:\/\/i0.wp.com\/lanticapitaliste.org\/sites\/default\/files\/153728312_2889606614614423_7998499726380692765_n.jpg?resize=403%2C227&#038;ssl=1\" alt=\"\" width=\"403\" height=\"227\"\/><\/figure>\n\n\n\n<p><a href=\"https:\/\/info.mediapart.fr\/optiext\/optiextension.dll?ID=8EF8yMvfpowp8ovr63GHgf1_ZuDUzX%2B2A4KcprVNK6uvxzSm0T1eHGVtFkd7zEHiYc5bixwxqpNGNvCII4TjkSoBNToKS\">Une vid\u00e9osurveillance peut en cacher une autre<\/a> &#8211; La Quadrature Du Net<\/p>\n\n\n\n<p><a href=\"https:\/\/l.facebook.com\/l.php?u=https%3A%2F%2Fwww.lepoint.fr%2Fjustice%2Fun-officier-de-la-pj-juge-coupable-de-detention-illegale-de-stupefiants-dispense-de-peine-12-03-2021-2417471_2386.php%3Ffbclid%3DIwAR33s6Tu5vQJPSqf2mak8XQLZvrSdrPo-BLBJ5DyKPdz_8cz8zvXnS1b4Mg&amp;h=AT2dCv7tjXZiGBXQKvCamJmrwZmpWFLye4QeTmCx5xozDxIv_Mx6nDo_Tj1X_PyRxkrW513AFoNHcZcjDHvdz56wE3Bfw7OiVwTmkQXJvnRgyDuaiRR6_kJi8DL5KDFX2kI3pbw&amp;__tn__=%2CmH-R&amp;c%5B0%5D=AT34aCoWkqhtHlYWhbJplroMSODLYiMD1O9cmDs7xVQgS1oQR1V53lAWLVtb9dUoo1by_AtudZ6XTogaBxRLIR4K4yMVtsZ9TxVvnJeauNUajLRcTibqGerWSIapvWVxVXDkB4ouBWVIL5Y1mGgJ7iTzJH-lEO-3v8MQIr7AWCxmpzo\">Un officier de la PJ jug\u00e9 coupable de d\u00e9tention ill\u00e9gale de stup\u00e9fiants dispens\u00e9 de peine <\/a>(Le Point)<\/p>\n\n\n\n<figure class=\"wp-block-image is-resized is-style-default\"><img loading=\"lazy\" decoding=\"async\" src=\"https:\/\/scontent.fsti4-1.fna.fbcdn.net\/v\/t1.0-9\/160420329_1164387063983760_905435178814757804_n.png?_nc_cat=110&amp;ccb=1-3&amp;_nc_sid=730e14&amp;_nc_ohc=ukBKZ_SCgW8AX9I-NFM&amp;_nc_ht=scontent.fsti4-1.fna&amp;oh=e0efb3805b0a75556db7717dafa4eec2&amp;oe=6072078C\" alt=\"Peut \u00eatre une image de 1 personne et texte qui dit \u2019Transports, Coronavirus Covid 19, France- Monde Publi\u00e9 le 12\/03\/2021 \u00e0 15:21 mis \u00e0 jour \u00e0 17:14 Des cam\u00e9ras dites intelligentes vont surveiller le port ou non du masque dans les transports publics. L'objectif sera uniquement \u00e0 vis\u00e9e statistique, pas pour verbaliser les usagers. On vous explique &quot;uniquement \u00e0 vis\u00e9e statistique&quot;\u2019\" width=\"314\" height=\"337\"\/><\/figure>\n\n\n\n<p id=\"block-4d1c2228-8ba4-4ce3-91f7-9eb86dca9511\"><strong><span class=\"has-inline-color has-vivid-red-color\">13 Mars en continu<\/span><\/strong><\/p>\n\n\n\n<p><a href=\"https:\/\/r.newsletter.cgt.fr\/mk\/cl\/f\/oIxT_SHZ1xiISZtyrdai5BMCZvFrnlKJhE7VOCyig76ATcLKqmKArj4Xt7yHqnmR_zKMcQNSfPm2wuhwHQYl0XMGwZ9uadElPotiDybZ6F9eqo9geNYZaBCk-xiFrREsxWMutxxsW4dxu0Kr4tX7ea8v_r_9CWTdQfIclGeS2L1yl7lkFTd-ATD2MkYwS-jWIrcHk_Lpjb3NYTMwUG_WXYEalJfORpDWLu5ai8VbVuCG1I4v_ICTdjlaTfPfB9_Xlr_rSEoEAw5FLnwezJ9tq5cZJxX6v2iVc670kdhcXVBTTFJTl6dOUhwnUa7vCU4xMrONH9HhHR1uMqGyt_jA8knPplScp9xO-y-_WMZzS615wo_kCiWIttwP-7PZucjPD9yupi2GFGWAhDN_6vy3PH3_YzXQrqs6yhsZ7xOJOdud-BUN2HHLzp4\">Apr\u00e8s la relaxe du secr\u00e9taire g\u00e9n\u00e9ral de l\u2019UD CGT 93, un acharnement tr\u00e8s politique du minist\u00e8re de la Justice<\/a> (CGT)<\/p>\n\n\n\n<p><a href=\"https:\/\/www.revolutionpermanente.fr\/Deux-policiers-brisent-le-poignet-d-une-collegue-et-accusent-un-innocent\">Deux policiers brisent le poignet d\u2019une coll\u00e8gue et accusent un innocent<\/a> (RP)<\/p>\n\n\n\n<p><a href=\"https:\/\/www.lemediatv.fr\/emissions\/2021\/limpunite-policiere-en-proces-QrqjaUiBTdy9sSsPAw0q9A\">L&rsquo;impunit\u00e9 polici\u00e8re en proc\u00e8s<\/a> (vid\u00e9o Le M\u00e9dia)&nbsp;<\/p>\n\n\n\n<p><a href=\"http:\/\/www.contretemps.eu\/prostitution-etat-police-mainsant\/\">R\u00e9pression sans compassion. Un extrait de Sur le Trottoir, l\u2019Etat. La police face \u00e0 la prostitution<\/a> (Contretemps)<\/p>\n\n\n\n<p><a href=\"https:\/\/www.boursorama.com\/actualite-economique\/actualites\/l-expulsion-d-un-avocat-par-des-policiers-d-une-audience-a-aix-suscite-de-vives-reactions-0368ea54adef02e21aee53b993e2852c\">L&rsquo;expulsion d&rsquo;un avocat par des policiers d&rsquo;une audience \u00e0 Aix suscite de vives r\u00e9actions<\/a> (AFP)<\/p>\n\n\n\n<p><a href=\"https:\/\/expansive.info\/SurfPark-Les-victimes-d-une-milice-sur-le-banc-des-accuse-es-bientot-une-2611\">SurfPark &#8211; Les victimes d&rsquo;une milice sur le banc des accus\u00e9\u00b7es : bient\u00f4t une jurisprudence pour le fascisme ?<\/a> (Mutu)<\/p>\n\n\n\n<figure class=\"wp-block-image is-resized is-style-default\"><img data-recalc-dims=\"1\" loading=\"lazy\" decoding=\"async\" src=\"https:\/\/i0.wp.com\/expansive.info\/IMG\/png\/capture_d_e_cran_2021-03-10_a_19.00.50-resp1280.png?resize=410%2C215&#038;ssl=1\" alt=\"\" width=\"410\" height=\"215\"\/><\/figure>\n\n\n\n<p id=\"block-4d1c2228-8ba4-4ce3-91f7-9eb86dca9511\"><strong><span class=\"has-inline-color has-vivid-red-color\">12 Mars en continu<\/span><\/strong><\/p>\n\n\n\n<p><a href=\"https:\/\/l.facebook.com\/l.php?u=https:\/\/la1ere.francetvinfo.fr\/mayotte\/un-policier-mis-en-examen-pour-viol-aggrave-951880.html?fbclid=IwAR2942gJJDB35k5tbSCxgVS2A9mIrcDvLVK7Fa9uxxpwLChopm7R7iKIf-o&amp;h=AT2g5_QUDU7xLhAga-sKDTFPjI-uxXNXhpq0VFuYmjUff7mKwhPdOoBuxx3QnHE2XbDq2qATPgBsnXQWj_ch5CoZ1TYG-u4zT14LH7Y3UaZbjFWICrgZHgeJtB3jqFsalbPcVi4&amp;__tn__=,mH-R&amp;c%5B0%5D=AT17-F7XUnAdD7zHDa-hgqiVWAoPPtrG1hiqxOGMU4hhmg7TuQraQoTfcHZH15MOvKzOjdWco-DdNCNaE1h3zim08Cz60nxR1RuPm3OlGQwkW4dRB-fLURAg6UwNJYQTtH-lfCn-8_ySHBmzm4G1q9QV3OP1YI8YN6ZVBVf2mTgoKbY\">&nbsp;Un policier mis en examen pour viol aggrav\u00e9 &#8211; Mayotte la 1\u00e8re <\/a>(France TV)<\/p>\n\n\n\n<p><a href=\"https:\/\/l.facebook.com\/l.php?u=https:\/\/www.amnesty.fr\/agenda\/france-mobilisation-13-20-mars-contre-proposition-loi-securite-globale?utm_medium=email&amp;utm_source=emailing-action&amp;utm_campaign=ppl&amp;fbclid=IwAR2GL1A1bwumXSLZ6cpzKMbT-f9gagoB6dgzOLvG-eGoGOW0sXLejx8L4eI&amp;h=AT1hjMVkG1llWoMDT7oL1FEiPt_uqm4KbtvK1piZ4pMBcmcJHDBZSxwdD94w-f3l6naty87nLd9RgDkLgLT5LuA3OoaO8O43gFDaaG8HuETkgIS1T2tX5xrq1w8KlD7DZLwkkhk&amp;__tn__=,mH-R&amp;c%5B0%5D=AT3Uragx7T4R8JW593hpzq3O0LJAQxuy2fwfEXcHQQywFTkhQhc8LQA9BFqig1s_kUInfD8WWsJvLYyJKBWUClh20eyj6s3dnM9zTSYf4sBCJnfW_prO5yXORsoWDIRhIwUbPKVdA8IdmeNF-t0jYzq-kaKNjcY1J5v4FUQtrk-3M3s\">Une semaine de mobilisation contre la proposition de loi S\u00e9curit\u00e9 Globale ! <\/a>(Amnesty France)<\/p>\n\n\n\n<p><a href=\"https:\/\/www.anti-k.org\/2021\/03\/12\/quelques-infos-sur-le-proces-par-rapport-au-meurtre-de-mohamed-par-la-police-a-beziers\/\">Quelques infos sur le proc\u00e8s par rapport au meurtre de Mohamed par la police \u00e0 B\u00e9ziers <\/a>(Anti-K)<\/p>\n\n\n\n<p><a href=\"http:\/\/www.regards.fr\/la-midinale\/article\/elisa-da-silva-et-arthur-vacher-le-combat-pour-adama-traore-est-en-train-de\">Elisa Da Silva et Arthur Vacher : \u00ab Le combat pour Adama Traor\u00e9 est en train de changer la soci\u00e9t\u00e9 \u00bb<\/a> (Regards)<\/p>\n\n\n\n<p><a href=\"https:\/\/www.youtube.com\/channel\/UC9YsU1xbmrif9Xh6GCEOL4Q\">M\u00e9canique s\u00e9curitaire, surveillance et haine de l\u2019autre, la strat\u00e9gie du pire ?&nbsp;<\/a> (UCL)<\/p>\n\n\n\n<p><a href=\"https:\/\/qg.media\/2021\/02\/25\/la-crise-du-covid-vient-nous-rappeler-que-notre-edifice-social-est-economiquement-politiquement-et-moralement-ruine-par-alain-accardo\/\">La crise du Covid vient nous rappeler que notre \u00e9difice social est \u00e9conomiquement, politiquement et moralement ruin\u00e9<\/a> (QG, Alain Accardo)<\/p>\n\n\n\n<p><a href=\"https:\/\/www.boursorama.com\/actualite-economique\/actualites\/sortie-de-macron-perturbee-aux-bouffes-du-nord-non-lieu-requis-pour-taha-bouhafs-1e1c6ea1b7407c4900aeeef816b0ca71\">Sortie de Macron perturb\u00e9e aux Bouffes du Nord : non-lieu requis pour Taha Bouhafs<\/a> (AFP)<\/p>\n\n\n\n<p><a href=\"https:\/\/blogs.mediapart.fr\/jean-marc-b\/blog\/110321\/le-pouvoir-y-compris-judiciaire-otage-de-la-milice-macron\">Le pouvoir, y compris judiciaire, otage de la milice Macron <\/a>(LI)<\/p>\n\n\n\n<p><a href=\"https:\/\/blogs.mediapart.fr\/jean-marc-b\/blog\/110321\/quand-darmanin-entend-le-mot-culture-il-sort-le-lbd\">Quand Darmanin entend le mot culture, il sort le LBD <\/a>(LI)<\/p>\n\n\n\n<figure class=\"wp-block-image size-large is-resized is-style-default\"><img data-recalc-dims=\"1\" loading=\"lazy\" decoding=\"async\" src=\"https:\/\/i0.wp.com\/www.rdpemancipation.org\/wp-content\/uploads\/2021\/03\/159896415_1162955044126962_74229009230841331_n.png?resize=382%2C382&#038;ssl=1\" alt=\"\" class=\"wp-image-19981\" width=\"382\" height=\"382\" srcset=\"https:\/\/i0.wp.com\/www.rdpemancipation.org\/wp-content\/uploads\/2021\/03\/159896415_1162955044126962_74229009230841331_n.png?w=288&amp;ssl=1 288w, https:\/\/i0.wp.com\/www.rdpemancipation.org\/wp-content\/uploads\/2021\/03\/159896415_1162955044126962_74229009230841331_n.png?resize=150%2C150&amp;ssl=1 150w\" sizes=\"auto, (max-width: 382px) 100vw, 382px\" \/><\/figure>\n\n\n\n<p><a href=\"https:\/\/www.boursorama.com\/actualite-economique\/actualites\/mort-d-un-detenu-a-meaux-une-enquete-ouverte-pour-determiner-la-responsabilite-de-surveillants-fef5837f1c67f0fa57c15978a8ef73c9\">Mort d&rsquo;un d\u00e9tenu \u00e0 Meaux: une enqu\u00eate ouverte pour d\u00e9terminer la responsabilit\u00e9 de surveillants<\/a> (AFP)<\/p>\n\n\n\n<p><a href=\"https:\/\/www.facebook.com\/UNEFTACLE\/videos\/452279322890380\">Syndicalistes pas criminels, relaxe pour Nourdine et Albert !<\/a> -vid\u00e9o<\/p>\n\n\n\n<p><a href=\"https:\/\/www.streetpress.com\/sujet\/1615462406-policiers-bac-argenteuil-violences-policieres-justice-racisme-coups-bezons-darmanin-france-societe\">Des policiers d\u2019Argenteuil \u00e0 nouveau mis en cause pour plusieurs violences<\/a> (StreetPress)&nbsp;<\/p>\n\n\n\n<p><a href=\"https:\/\/mars-infos.org\/les-flics-equipes-d-une-appli-de-5632\">Les flics \u00e9quip\u00e9s d\u2019une appli de reconnaissance faciale : Appel \u00e0 t\u00e9moignages&nbsp;<\/a> (Mars Info)<\/p>\n\n\n\n<p><a href=\"https:\/\/www.anti-k.org\/2021\/03\/11\/la-culture-du-viol-est-presente-chez-les-forces-de-police-culte-de-lordre-culture-du-viol-etat-des-lieux\/\">\u00ab La culture du viol est pr\u00e9sente chez les forces de police \u00bb, culte de l\u2019Ordre, culture du viol <\/a>(Rebellyon)<\/p>\n\n\n\n<p><a href=\"https:\/\/www.humanite.fr\/passe-sanitaire-passeport-vaccinal-decryptage-des-projets-et-des-risques-quils-comportent-701289#xtor=RSS-1\">Passe sanitaire, passeport vaccinal : d\u00e9cryptage des projets et des risques qu\u2019ils comportent<\/a> (L\u2019Humanit\u00e9)<\/p>\n\n\n\n<p><a href=\"https:\/\/www.humanite.fr\/justice-deux-policiers-mis-en-examen-pour-avoir-brutalise-une-collegue-701333#xtor=RSS-1\">Deux policiers mis en examen pour avoir brutalis\u00e9 une coll\u00e8gue<\/a> (L\u2019Humanit\u00e9)<\/p>\n\n\n\n<p><a href=\"https:\/\/theconversation.com\/donnees-personnelles-les-francais-parmi-les-moins-preoccupes-de-leur-utilisation-156793\">Donn\u00e9es personnelles : les Fran\u00e7ais parmi les moins pr\u00e9occup\u00e9s de leur utilisation<\/a> (The Conversation)&nbsp;<\/p>\n\n\n\n<figure class=\"wp-block-image is-resized is-style-default\"><img data-recalc-dims=\"1\" loading=\"lazy\" decoding=\"async\" src=\"https:\/\/i0.wp.com\/images.prismic.io\/amnestyfr\/2bdf5e31-46b6-445b-9a85-e088929dcec8_Coordination-StopSecuriteGlobale.jpg?resize=381%2C214&#038;ssl=1\" alt=\"\" width=\"381\" height=\"214\"\/><\/figure>\n\n\n\n<p id=\"block-4d1c2228-8ba4-4ce3-91f7-9eb86dca9511\"><strong><span class=\"has-inline-color has-vivid-red-color\">11 Mars en continu<\/span><\/strong><\/p>\n\n\n\n<p><a href=\"https:\/\/youtu.be\/cPFccfHuY9U?t=16\">S\u00e9curit\u00e9 globale: vers la toute puissance polici\u00e8re<\/a> (Le media)<\/p>\n\n\n\n<p><a href=\"https:\/\/lanticapitaliste.org\/agir\/politique\/en-defense-des-libertes-communique-unitaire\">En d\u00e9fense des libert\u00e9s ! <\/a>(communiqu\u00e9 unitaire<a href=\"https:\/\/lanticapitaliste.org\/agir\/politique\/en-defense-des-libertes-communique-unitaire\">)<\/a><\/p>\n\n\n\n<p><a href=\"https:\/\/info.mediapart.fr\/optiext\/optiextension.dll?ID=7zy7Ee1r74bR8enexZEXsLOHzp2ThBNhoMgsT_D7cQoh5kQRZHgzAtB2Bp03vJL3pqslTVe4afoJBbiHAJyZfq6ZYJMR7\">Affaire \u00abMaria\u00bb \u00e0 Marseille: une derni\u00e8re tentative pour que la v\u00e9rit\u00e9 \u00e9clate<\/a> (MDP)<\/p>\n\n\n\n<p><a href=\"https:\/\/info.mediapart.fr\/optiext\/optiextension.dll?ID=7zy7y50aFXmzc9YfkF09_4IdpTr3tDu4xSb9RcDP29Dh7AflZ0EKi00_Tyt%2BPC06rpCqYBsKgKdYImZdodTcBBVQ9tTZD\">Donn\u00e9es de connexion: la justice europ\u00e9enne met la France au pied du mur<\/a> (MDP)<\/p>\n\n\n\n<p><a href=\"https:\/\/info.mediapart.fr\/optiext\/optiextension.dll?ID=7zy7A3rRlZQoiaxCskuP9aKhZfM7W4ufE6rC65tNbLYGUJORY7j3U4_ew8XAqojOOEPhSyfrBGCg90UOtbBnmiFCCGbt9\">Technopolice: les bailleurs sociaux en premi\u00e8re ligne<\/a> (La Quadrature Du Net)<\/p>\n\n\n\n<p><a href=\"https:\/\/www.revolutionpermanente.fr\/Revoltes-contre-les-violences-policieres-a-Lyon-Darmanin-ment-pour-justifier-la-repression\">R\u00e9voltes contre les violences polici\u00e8res \u00e0 Lyon&nbsp;: Darmanin ment pour justifier la r\u00e9pression<\/a> (RP)<\/p>\n\n\n\n<p><a href=\"https:\/\/www.revolutionpermanente.fr\/Je-me-suis-vu-mourir-Un-etudiant-grievement-blesse-par-la-BAC-poursuit-l-Etat-en-justice\">\u00ab\u00a0Je me suis vu mourir\u00a0\u00bb. Un \u00e9tudiant gri\u00e8vement bless\u00e9 par la BAC poursuit l\u2019\u00c9tat en justice<\/a> (RP)<\/p>\n\n\n\n<figure class=\"wp-block-image is-resized is-style-default\"><img data-recalc-dims=\"1\" loading=\"lazy\" decoding=\"async\" src=\"https:\/\/i0.wp.com\/www.revolutionpermanente.fr\/local\/cache-vignettes\/L653xH368\/arton24306-ac81b.png?resize=382%2C214&#038;ssl=1\" alt=\"\" width=\"382\" height=\"214\"\/><\/figure>\n\n\n\n<p id=\"block-4d1c2228-8ba4-4ce3-91f7-9eb86dca9511\"><strong><span class=\"has-inline-color has-vivid-red-color\">10 Mars en continu<\/span><\/strong><\/p>\n\n\n\n<p><a href=\"https:\/\/blogs.mediapart.fr\/jean-marc-b\/blog\/100321\/pour-la-relaxe-des-4-syndicalistes-de-nanterre-toutes-au-tribunal-le-15-mars\">Pour la relaxe des 4 syndicalistes de Nanterre tou.te.s au tribunal le 15 mars <\/a>(Unef Tacle)<\/p>\n\n\n\n<p><a href=\"https:\/\/www.revolutionpermanente.fr\/Proces-de-Taha-Bouhafs-solidarite-face-aux-violences-policieres-et-pour-la-liberte-d-informer\">Proc\u00e8s de Taha Bouhafs&nbsp;: solidarit\u00e9 face aux violences polici\u00e8res et pour la libert\u00e9 d\u2019informer&nbsp;!<\/a> (RP)<\/p>\n\n\n\n<p><a href=\"https:\/\/lanticapitaliste.org\/actualite\/societe\/justice-pour-maicol\">Justice pour Ma\u00efcol\u2009!<\/a> -Correspondant.e.s NPA 06<\/p>\n\n\n\n<p><a href=\"https:\/\/www.mediapart.fr\/journal\/france\/100321\/trois-ex-dirigeants-de-la-caisse-des-depots-condamnes\">Trois ex-dirigeants de la Caisse des d\u00e9p\u00f4ts condamn\u00e9s<\/a> (M\u00e9diapart)<\/p>\n\n\n\n<p><a href=\"https:\/\/vigimi.fr\/f\/actualites-fr\/entry\/ma-hierarchie-m-a-tuee-ne-les-laissez-pas-s-en-sortir-les-mains-propres-aurelia?fbclid=IwAR0nsFSk-k5W_gDQB2y-15qbnThiNs5K7fFBRrgJ45l89P3Jvte9v2SQPjo\">\u00ab Ma hi\u00e9rarchie m&rsquo;a tu\u00e9e, ne les laissez pas s&rsquo;en sortir les mains propres. \u00bb Aur\u00e9lia <\/a>(Vigimi)<\/p>\n\n\n\n<figure class=\"wp-block-image is-resized is-style-default\"><img data-recalc-dims=\"1\" loading=\"lazy\" decoding=\"async\" src=\"https:\/\/i0.wp.com\/vigimi.fr\/images\/easyblog_articles\/410\/b2ap3_medium_Justice-pour-Aurlia.png?resize=424%2C222&#038;ssl=1\" alt=\"Justice-pour-Aurlia\" width=\"424\" height=\"222\"\/><\/figure>\n\n\n\n<p><a href=\"https:\/\/www.mediapart.fr\/journal\/france\/090321\/l-ordre-tout-prix-documentaire-sur-la-banalite-de-la-brutalite-policiere\">\u00abL\u2019ordre \u00e0 tout prix\u00bb, documentaire sur la banalit\u00e9 de la brutalit\u00e9 polici\u00e8re<\/a>  (M\u00e9diapart)<\/p>\n\n\n\n<p><a href=\"https:\/\/info.mediapart.fr\/optiext\/optiextension.dll?ID=LhgLdw_un07U9wTz%2BJFO1g_Qnv_pB8lLaKG9nRoV2Jf6VtK1SXrBsHTFzKGwHszK9LCXeZ_7QYRQt1fF5aRk_w2JBSu1t\">Victime d\u2019un tir de LBD, un Erythr\u00e9en porte plainte et veut faire reconna\u00eetre la responsabilit\u00e9 de l\u2019Etat<\/a> (MDP)<\/p>\n\n\n\n<p><a href=\"https:\/\/info.mediapart.fr\/optiext\/optiextension.dll?ID=LhgLf92RcGKdjpVDvrIw8sszXWwzRVVbV4l4wnq5caB_FD4vSMxeuUA4Zs%2B_%2BKz4c1tIlu35vNLbCjQjIfVneo3qucF9H\">Fichage ill\u00e9gal chez un g\u00e9ant de la pub<\/a> (MDP)<\/p>\n\n\n\n<figure class=\"wp-block-image is-resized is-style-default\"><img data-recalc-dims=\"1\" loading=\"lazy\" decoding=\"async\" src=\"https:\/\/i0.wp.com\/www.acrimed.org\/IMG\/jpg\/1-66.jpg?resize=338%2C555&#038;ssl=1\" alt=\"\" width=\"338\" height=\"555\"\/><\/figure>\n\n\n\n<p id=\"block-4d1c2228-8ba4-4ce3-91f7-9eb86dca9511\"><strong><br><span class=\"has-inline-color has-vivid-red-color\">9 Mars en continu<\/span><\/strong><\/p>\n\n\n\n<p><a href=\"https:\/\/www.anti-k.org\/2021\/03\/09\/loi-securite-globale-le-senat-confirme-les-mesures-les-plus-attentatoires-aux-libertes\/\">Loi \u00ab S\u00e9curit\u00e9 globale \u00bb : le S\u00e9nat confirme les mesures les plus attentatoires aux libert\u00e9s <\/a>(Basta)<\/p>\n\n\n\n<p><a href=\"https:\/\/www.anti-k.org\/2021\/03\/08\/mmarche-en-memoire-damadou-koume\/\">Marche en m\u00e9moire d\u2019Amadou Koum\u00e9 <\/a>(Cerveaux non disponibles)<\/p>\n\n\n\n<figure class=\"wp-block-image is-resized is-style-default\"><img loading=\"lazy\" decoding=\"async\" src=\"https:\/\/scontent.fsti4-1.fna.fbcdn.net\/v\/t1.0-9\/p843x403\/159172843_3792034344228756_1464445630889447147_o.jpg?_nc_cat=111&amp;ccb=1-3&amp;_nc_sid=730e14&amp;_nc_eui2=AeGB1OrWPyMVOx0MrIxByYx7JyvL6lAFAVQnK8vqUAUBVMD-tq4sENgOzoQDqxzCx-k&amp;_nc_ohc=-GiXXewzPHcAX9nClQ5&amp;_nc_ht=scontent.fsti4-1.fna&amp;tp=6&amp;oh=fc71a63a7dc50daa0260b86011cdf8dd&amp;oe=606C73C1\" alt=\"Peut \u00eatre une image de 5 personnes, personnes debout, plein air et texte qui dit \u2019JOURN\u00c9E INTERNATIONALE CONTRE LES VIOLENCES POLICI\u00c8RES RCENC NOTRE MARCHE EN M\u00c9MOIRE DE #AMADOUKOUM\u00c9 AMADD JUSTICE POUR AMAL STOP LAMPUNITE POLICIERE 13 mars, 14h Gare du Nord\u2019\" width=\"401\" height=\"251\"\/><\/figure>\n\n\n\n<p><a href=\"https:\/\/www.boursorama.com\/actualite-economique\/actualites\/france-la-cnil-saisie-contre-apple-sur-la-protection-des-donnees-8826b8e4e337c9d712d933672fa13476\">France: La Cnil saisie contre Apple sur la protection des donn\u00e9es<\/a> (Boursorama)<\/p>\n\n\n\n<p><a href=\"https:\/\/lvsl.fr\/violences-et-racisme-les-failles-de-linstitution-policiere\/\">Violences et racisme : les failles de l\u2019institution polici\u00e8re<\/a> (Le Vent Se L\u00e8ve)<\/p>\n\n\n\n<p><a href=\"https:\/\/lanticapitaliste.org\/evenement\/journee-contre-le-racisme-et-les-violences-policieres\">Journ\u00e9e contre le racisme et les violences polici\u00e8res<\/a> (L\u2019Anticapitaliste)<\/p>\n\n\n\n<figure class=\"wp-block-image\"><img decoding=\"async\" src=\"https:\/\/scontent.fcdg1-1.fna.fbcdn.net\/v\/t1.0-9\/158197392_3898667370156451_7584550218922988607_n.jpg?_nc_cat=111&amp;ccb=1-3&amp;_nc_sid=730e14&amp;_nc_ohc=HEPao4u_bL8AX8bQopa&amp;_nc_ht=scontent.fcdg1-1.fna&amp;oh=ee239c0e4e96748b46004146b06849c7&amp;oe=606ED1F8\" alt=\"Peut \u00eatre une image de texte qui dit \u2019LE TERRORISME EN FRANCE DEPUIS 2000 1075 BLESSES t \u0ba8A\u0b9f 280 MORTS LA CHASSE EN FRANCE DEPUIS 2000 3050 BLESSES t 403 MORTS LA VIOLENCE CONJUGALE EN FRANCE DEPUIS 2000 107500 BLESSEES t +de1800 1800 MORTES\u2019\"\/><\/figure>\n\n\n\n<p><a href=\"https:\/\/ricochets.cc\/Un-dossier-sur-le-sexisme-et-les-violences-du-corps-policier.html\">Un dossier sur le sexisme et les violences du corps policier<\/a> (Ricochets)&nbsp;<\/p>\n\n\n\n<p><a href=\"https:\/\/www.laquadrature.net\/2021\/03\/08\/madada-exigeons-les-documents-de-la-technopolice\/\">MaDada : exigeons les documents de la Technopolice<\/a> (La Quadrature du Net)<\/p>\n\n\n\n<figure class=\"wp-block-image is-resized is-style-default\"><img loading=\"lazy\" decoding=\"async\" src=\"https:\/\/i2.wp.com\/www.anti-k.org\/wp-content\/uploads\/2021\/03\/dett-to.jpg?resize=640%2C371&amp;ssl=1\" alt=\"\" width=\"398\" height=\"231\" title=\"dett to\"\/><\/figure>\n\n\n\n<p><a href=\"https:\/\/lanticapitaliste.org\/evenement\/nanterre-92-rassemblement-contre-la-repression-etudiante\">Nanterre (92) &#8211; Rassemblement contre la r\u00e9pression \u00e9tudiante<\/a> (L\u2019Anticapitaliste)<\/p>\n\n\n\n<p><a href=\"https:\/\/www.boursorama.com\/actualite-economique\/actualites\/surpopulation-carcerale-849-detenus-dorment-sur-un-matelas-au-sol-cb39f2b1d064daf4dbb5de83d4ec7069\">Surpopulation carc\u00e9rale: 849 d\u00e9tenus dorment sur un matelas au sol<\/a> (AFP)<\/p>\n\n\n\n<p id=\"block-4d1c2228-8ba4-4ce3-91f7-9eb86dca9511\"><strong><br><span class=\"has-inline-color has-vivid-red-color\">8 Mars en continu<\/span><\/strong><\/p>\n\n\n\n<p><a href=\"https:\/\/www.boursorama.com\/actualite-economique\/actualites\/les-politiques-traites-moins-severement-que-les-simples-citoyens-pour-62-des-francais-debd84bca01d28cd39684d5fbb831a45\">Les politiques trait\u00e9s \u00ab\u00a0moins s\u00e9v\u00e8rement\u00a0\u00bb que les simples citoyens pour 62% des Fran\u00e7ais<\/a> (AFP)<\/p>\n\n\n\n<figure class=\"wp-block-image is-resized is-style-default\"><img loading=\"lazy\" decoding=\"async\" src=\"https:\/\/scontent.fhex4-2.fna.fbcdn.net\/v\/t1.0-9\/158257091_1159893604433106_4257545624250607963_n.png?_nc_cat=110&amp;ccb=1-3&amp;_nc_sid=730e14&amp;_nc_eui2=AeEutAiL48rhEmFxcvGyAsfswUCezTn6zBPBQJ7NOfrME1niaKwlY2ApSsBapCkJLe0&amp;_nc_ohc=rOELgfTtwlkAX-b-WvP&amp;_nc_ht=scontent.fhex4-2.fna&amp;oh=41575703f8d77d8a89a9345638539bc5&amp;oe=606AACA6\" alt=\"Peut \u00eatre un dessin anim\u00e9\" width=\"496\" height=\"496\"\/><\/figure>\n\n\n\n<p><a href=\"https:\/\/www.theguardian.com\/us-news\/2021\/mar\/07\/us-cities-defund-police-transferring-money-community?CMP=Share_iOSApp_Other\">Plus de 20 villes aux USA ont r\u00e9duit leur budget de police<\/a> (anglais -The Guardian)<\/p>\n\n\n\n<p><a href=\"https:\/\/info.mediapart.fr\/optiext\/optiextension.dll?ID=x10xZJfrOszz2NvwU%2BTGW1C8twwr8d6w3UNNZRpKo0YpCADNFPo3b6LBXegDdmu_5_whUVQpRuedA7mHbclM8YFy4WQF_\">Formation des policiers: faire du neuf avec du mieux&nbsp;<\/a>(MDP)<\/p>\n\n\n\n<p><a href=\"https:\/\/www.humanite.fr\/ils-nont-pas-honte-quand-la-police-stigmatise-les-victimes-701071#xtor=RSS-1\">Ils n\u2019ont pas honte !. Quand la police stigmatise les victimes<\/a> (L\u2019Humanit\u00e9)<\/p>\n\n\n\n<p><a href=\"https:\/\/info.mediapart.fr\/optiext\/optiextension.dll?ID=x10x1b6MjtTsYS_Q1NLtpDwqpB4eNntbINjJv8Eb4VZMNylhEHj7MTqmtmMWOLfMbdiGEn7NqQU9NGe1uoaLn2%2B5LtFh4\">L\u2019administration p\u00e9nitentiaire est une institution totale<\/a> &#8211; Blog violencedutravail<\/p>\n\n\n\n<p><a href=\"https:\/\/www.mediapart.fr\/journal\/france\/070321\/formation-des-policiers-faire-du-neuf-avec-du-mieux\">Formation des policiers: faire du neuf avec du mieux <\/a>(M\u00e9diapart)<\/p>\n\n\n\n<p><a href=\"https:\/\/www.humanite.fr\/television-lordre-tout-prix-quand-policiers-et-gendarmes-vident-leur-sac-701034#xtor=RSS-1\">T\u00e9l\u00e9vision. \u00ab L\u2019ordre \u00e0 tout prix \u00bb, quand policiers et gendarmes vident leur sac<\/a> (L\u2019Humanit\u00e9)<\/p>\n\n\n\n<p><a href=\"https:\/\/www.revolutionpermanente.fr\/Marlene-Schiappa-un-feminisme-raciste-et-securitaire\">Marl\u00e8ne Schiappa&nbsp;: un \u00ab&nbsp;f\u00e9minisme&nbsp;\u00bb raciste et s\u00e9curitaire<\/a> (RP)<\/p>\n\n\n\n<figure class=\"wp-block-image is-resized is-style-default\"><img data-recalc-dims=\"1\" loading=\"lazy\" decoding=\"async\" src=\"https:\/\/i0.wp.com\/www.formesdesluttes.org\/site\/assets\/files\/1381\/fdl-eleonorefines-01-a4-web-1.png?resize=273%2C385\" alt=\"\" width=\"273\" height=\"385\"\/><\/figure>\n\n\n\n<p id=\"block-4d1c2228-8ba4-4ce3-91f7-9eb86dca9511\"><strong><br><span class=\"has-inline-color has-vivid-red-color\">6 Mars en continu<\/span><\/strong><\/p>\n\n\n\n<p><a href=\"https:\/\/blogs.mediapart.fr\/jean-marc-b\/blog\/050321\/noam-anouar-nouvelles-revelations-sur-la-police-nationale\">Noam Anouar : nouvelles r\u00e9v\u00e9lations sur la police nationale <\/a>-vid\u00e9o Le M\u00e9dia<\/p>\n\n\n\n<p><a href=\"https:\/\/www.lemediatv.fr\/emissions\/2021\/appel-a-un-printemps-des-libertes-SEkbsQsaS8io-3sg8DHtJw\">Appel \u00e0 un printemps des libert\u00e9s<\/a> &#8211; Eric Coquerel (vid\u00e9o Le M\u00e9dia)&nbsp;<\/p>\n\n\n\n<p><a href=\"https:\/\/www.laquadrature.net\/2021\/03\/05\/la-police-en-helicoptere-ou-la-surveillance-militaire-des-citoyens\/\">La police en h\u00e9licopt\u00e8re, ou la surveillance militaire des citoyens<\/a> (La Quadrature du Net)&nbsp;<\/p>\n\n\n\n<p id=\"block-4d1c2228-8ba4-4ce3-91f7-9eb86dca9511\"><strong><br><span class=\"has-inline-color has-vivid-red-color\">5 Mars en continu<\/span><\/strong><\/p>\n\n\n\n<p><a href=\"https:\/\/youtu.be\/zud8z884EWE?t=33\">Loi s\u00e9curit\u00e9 globale, d\u00e9bat avec Karine Parrot<\/a> (AMD Savoie)<\/p>\n\n\n\n<p><a href=\"https:\/\/rebellyon.info\/Emeutes-a-la-Duchere-les-flics-blessent-22960\">\u00c9meutes \u00e0 la Duch\u00e8re : les flics blessent gri\u00e8vement un jeune de 13ans puis r\u00e9priment le quartier qui se r\u00e9volte<\/a> (Mutu)<\/p>\n\n\n\n<p><a href=\"https:\/\/www.mediapart.fr\/journal\/france\/050321\/la-justice-enfonce-le-depute-simian-protege-par-l-assemblee\">La justice enfonce le d\u00e9put\u00e9 Simian, prot\u00e9g\u00e9 par l\u2019Assembl\u00e9e<\/a> par Antton Rouget (M\u00e9diapart)<\/p>\n\n\n\n<p><a href=\"https:\/\/ricochets.cc\/France-de-l-obsession-securitaire-au-totalitarisme-policier.html\">France&nbsp;: de l&rsquo;obsession s\u00e9curitaire au totalitarisme policier<\/a> (Ricochets)<\/p>\n\n\n\n<p><a href=\"https:\/\/info.mediapart.fr\/optiext\/optiextension.dll?ID=dHGdHLKUiZubVIjy%2BbucijxVXgMctMCzP2tRc%2BO3GHnAfUTtl8G6Dlw0nGhqMA1fDklx0qfuy%2BUgiFsHg7zSbrasTsDZp\">Affaire Zecler: face aux th\u00e9ories complotistes, la v\u00e9rit\u00e9 des faits<\/a> (MDP)<\/p>\n\n\n\n<p><a href=\"https:\/\/www.arretsurimages.net\/articles\/affaire-zecler-un-syndicat-policier-tente-le-contre-feu\">Affaire Zecler : un syndicat policier tente le contre-feu<\/a> (Arr\u00eat sur images)<\/p>\n\n\n\n<p><a href=\"https:\/\/www.monde-diplomatique.fr\/2015\/06\/TREGUER\/53099\">Etats et entreprises \u00e0 l&rsquo;assaut de la vie priv\u00e9e<\/a> (Le Monde diplomatique)&nbsp;<\/p>\n\n\n\n<p><a href=\"https:\/\/solidaires.org\/StopLoiSecuriteGlobale-Mobilisation-generale-du-13-au-20-mars-pour-nos-libertes\">#StopLoiS\u00e9curit\u00e9Globale &#8211; Mobilisation g\u00e9n\u00e9rale du 13 au 20 mars pour nos libert\u00e9s !<\/a> (Solidaires)<\/p>\n\n\n\n<p><a href=\"https:\/\/info.mediapart.fr\/optiext\/optiextension.dll?ID=dHGdNEfW3GE%2B7uYIbJHvcJPYDVlYZdsjD9ens7MRfdAlZqhtkRbWu9m1LjrxHZwSssjg2OD3eeDUXGUYowqvNhcmpJKBb\">CJR: la justice par et pour les politiques<\/a> (MDP)<\/p>\n\n\n\n<p><a href=\"http:\/\/cqfd-journal.org\/Un-telephone-vole-trois-mois-ferme\">Un t\u00e9l\u00e9phone vol\u00e9, trois mois ferme <\/a>(CQFD)&nbsp;<\/p>\n\n\n\n<p><a href=\"https:\/\/www.boursorama.com\/actualite-economique\/actualites\/fin-des-remises-automatiques-de-peines-sideration-chez-les-magistrats-et-les-avocats-a27a776e5762f74259b53f204a247fc8\">Fin des remises automatiques de peines : \u00ab\u00a0sid\u00e9ration\u00a0\u00bb chez les magistrats et les avocats<\/a> (Boursorama)<\/p>\n\n\n\n<p><a href=\"https:\/\/www.revolutionpermanente.fr\/Condamne-a-15-mois-de-prison-pour-vol-un-jeune-homme-se-tranche-la-gorge-au-tribunal\">Condamn\u00e9 \u00e0 8 mois de prison pour vol, un jeune homme se tranche la gorge au tribunal<\/a> (RP)<\/p>\n\n\n\n<p><a href=\"https:\/\/www.bastamag.net\/Exiles-refugies-Grande-Synthe-evacuation-de-campement-destruction-des-tentes-forces-de-l-ordre-Kurdes-reportage-photos\">Survie des exil\u00e9s dans un campement de fortune : voici les photos interdites des \u00e9vacuations polici\u00e8res<\/a> (Basta&nbsp;!)<\/p>\n\n\n\n<figure class=\"wp-block-image is-resized is-style-default\"><img loading=\"lazy\" decoding=\"async\" src=\"https:\/\/scontent.fsti4-1.fna.fbcdn.net\/v\/t1.0-9\/156962903_1157970964625370_3797355630372057169_o.jpg?_nc_cat=100&amp;ccb=3&amp;_nc_sid=730e14&amp;_nc_eui2=AeGBG1opNhI1j0M0Oybn3jswN2lid0-WEZI3aWJ3T5YRkq6fnyWBY4h1WlHTfcxIryo&amp;_nc_ohc=PH6Yt0oYBcYAX9MQQK6&amp;_nc_ht=scontent.fsti4-1.fna&amp;oh=3fa305d5766c6eee2ad1d0c0f2ace7fa&amp;oe=60686B3A\" alt=\"Peut \u00eatre une image de 4 personnes et texte\" width=\"383\" height=\"383\"\/><\/figure>\n\n\n\n<p id=\"block-4d1c2228-8ba4-4ce3-91f7-9eb86dca9511\"><strong><br><span class=\"has-inline-color has-vivid-red-color\">4 Mars en continu<\/span><\/strong><\/p>\n\n\n\n<p><a href=\"https:\/\/www.boursorama.com\/actualite-economique\/actualites\/violences-sur-un-detenu-prison-ferme-pour-un-surveillant-en-isere-e43f3b9fae2211a1940f9e3185aa0380\">Violences sur un d\u00e9tenu: prison ferme pour un surveillant en Is\u00e8re<\/a> (AFP)<\/p>\n\n\n\n<p><a href=\"http:\/\/www.regards.fr\/politique\/societe\/article\/affaire-traore-quelle-presomption-d-innocence\">Affaire Traor\u00e9 : quelle pr\u00e9somption d&rsquo;innocence ?<\/a> (Regards)&nbsp;<\/p>\n\n\n\n<p><a href=\"https:\/\/www.humanite.fr\/justice-e-ric-dupond-moretti-veut-mettre-fin-aux-reductions-automatiques-de-peine-700929#xtor=RSS-1\">Justice \u00c9ric Dupond-Moretti veut mettre fin aux r\u00e9ductions automatiques de peine<\/a> (L\u2019Humanit\u00e9)<\/p>\n\n\n\n<p><a href=\"https:\/\/www.arretsurimages.net\/articles\/les-faux-comptes-anti-fake-news-de-barkhane\">Les faux comptes anti \u00ab\u00a0fake news\u00a0\u00bb pro Barkhane<\/a> (Arr\u00eat sur images)<\/p>\n\n\n\n<figure class=\"wp-block-image is-resized is-style-default\"><img loading=\"lazy\" decoding=\"async\" src=\"https:\/\/scontent.fsti4-1.fna.fbcdn.net\/v\/t1.0-9\/157506564_1157396414682825_506960387960864702_n.png?_nc_cat=100&amp;ccb=3&amp;_nc_sid=730e14&amp;_nc_ohc=HvXJRDHa2xgAX8fGD7M&amp;_nc_ht=scontent.fsti4-1.fna&amp;oh=390799ff7996de80289f9ece2ad28fe2&amp;oe=6063C915\" alt=\"Peut \u00eatre une capture d\u2019\u00e9cran de Twitter de 1 personne et texte qui dit \u2019G\u00e9rard Miller @mi... \u30fb9h Combien de prisonniers sont enferm\u00e9s des mois et des mois avant d'\u00eatre jug\u00e9s ?Combien partagent des cellules de 9m2 \u00e0 2, 3 ou plus Combien dorment chaque nuit sur des matelas pos\u00e9s au sol La prison vous indigne seulement quand c'est Nicolas Sarkozy qui risque d'y aller?\u2019\" width=\"353\" height=\"338\"\/><\/figure>\n\n\n\n<p id=\"block-4d1c2228-8ba4-4ce3-91f7-9eb86dca9511\"><strong><br><span class=\"has-inline-color has-vivid-red-color\">3 Mars <\/span><\/strong><\/p>\n\n\n\n<p><a href=\"https:\/\/blogs.mediapart.fr\/jean-marc-b\/blog\/030321\/halte-lexpulsion-de-balla-menace-de-mort-au-mali\">Halte \u00e0 l&rsquo;expulsion de Balla menac\u00e9 de mort au Mali <\/a>-Unef Tacle<\/p>\n\n\n\n<p><a href=\"https:\/\/alt-rev.com\/2021\/03\/02\/en-aveyron-des-amendes-sans-contact-pleuvent-sur-les-militants\/\">En Aveyron, des amendes \u00ab sans contact \u00bb pleuvent sur les militants<\/a> (Reporterre)<\/p>\n\n\n\n<p><a href=\"https:\/\/www.monde-diplomatique.fr\/2020\/02\/SIZAIRE\/61344\">R\u00e9primer la d\u00e9linquance des puissants<\/a>&nbsp;(Monde diplomatique)<\/p>\n\n\n\n<figure class=\"wp-block-image is-resized\"><img data-recalc-dims=\"1\" loading=\"lazy\" decoding=\"async\" src=\"https:\/\/i0.wp.com\/www.monde-diplomatique.fr\/local\/cache-vignettes\/L890xH890\/img03-2-02b92.jpg?resize=426%2C426&#038;ssl=1\" alt=\"JPEG - 253.1\u00a0ko\" width=\"426\" height=\"426\"\/><\/figure>\n\n\n\n<p><a href=\"https:\/\/eska-publishing.com\/fr\/1333-securite-globale\">S\u00e9curit\u00e9 globale<\/a> (Ed ESKA)<\/p>\n\n\n\n<figure class=\"wp-block-image\"><img data-recalc-dims=\"1\" decoding=\"async\" src=\"https:\/\/i0.wp.com\/eska-publishing.com\/c\/1333-category_default\/securite-globale.jpg?w=1200&#038;ssl=1\" alt=\"S\u00e9curit\u00e9 Globale\"\/><\/figure>\n\n\n\n<p><a href=\"https:\/\/www.anti-k.org\/2021\/03\/02\/quand-les-banques-et-leurs-assurances-scrutent-votre-carnet-de-sante\/\">Quand les banques et leurs assurances scrutent votre carnet de sant\u00e9 <\/a>(Slate)<\/p>\n\n\n\n<p><a href=\"https:\/\/www.lemediatv.fr\/emissions\/2021\/loi-securite-globale-vers-la-toute-puissance-policiere-entretien-le-film-securite-globale-de-quel-droit-Y8v94Q79T96pvOhwm5OA0w\">S\u00e9curit\u00e9 globale: toute-puissance polici\u00e8re -Entretien +&nbsp; film \u00abS\u00e9curit\u00e9 globale: de quel droit ?\u00bb<\/a> (vid\u00e9o Le M\u00e9dia)<\/p>\n\n\n\n<p><a href=\"https:\/\/info.mediapart.fr\/optiext\/optiextension.dll?ID=dHGdIzwRS8sCqWjiruTSsE19biNIyG9GUENSabhQ9DXpUZPtkz7Y5cuofB7_3pxZQLzdbvs4NOi6XWl%2BINqCJxi_wq77M\">Le minist\u00e8re de l\u2019int\u00e9rieur a choisi ses drones<\/a> (MDP)<\/p>\n\n\n\n<figure class=\"wp-block-image size-large is-style-default\"><img data-recalc-dims=\"1\" loading=\"lazy\" decoding=\"async\" width=\"841\" height=\"404\" src=\"https:\/\/i0.wp.com\/www.rdpemancipation.org\/wp-content\/uploads\/2021\/03\/image-8.png?resize=841%2C404&#038;ssl=1\" alt=\"\" class=\"wp-image-18538\" srcset=\"https:\/\/i0.wp.com\/www.rdpemancipation.org\/wp-content\/uploads\/2021\/03\/image-8.png?w=841&amp;ssl=1 841w, https:\/\/i0.wp.com\/www.rdpemancipation.org\/wp-content\/uploads\/2021\/03\/image-8.png?resize=300%2C144&amp;ssl=1 300w, https:\/\/i0.wp.com\/www.rdpemancipation.org\/wp-content\/uploads\/2021\/03\/image-8.png?resize=768%2C369&amp;ssl=1 768w\" sizes=\"auto, (max-width: 841px) 100vw, 841px\" \/><figcaption><sub>Beau couple d&rsquo;artistes: l&rsquo;un \u00e0 la guitarre, l&rsquo;autre au violon<\/sub><\/figcaption><\/figure>\n\n\n\n<p><a href=\"https:\/\/www.humanite.fr\/loi-securite-globale-le-senat-ne-leve-pas-le-danger-sur-larticle-24-700814#xtor=RSS-1\">Loi \u00ab s\u00e9curit\u00e9 globale \u00bb. Le S\u00e9nat ne l\u00e8ve pas le danger sur l\u2019article 24<\/a> (L\u2019Humanit\u00e9)<\/p>\n\n\n\n<figure class=\"wp-block-image is-resized is-style-default\"><img loading=\"lazy\" decoding=\"async\" src=\"https:\/\/scontent.fhex4-1.fna.fbcdn.net\/v\/t1.0-9\/156324322_1156827174739749_4795294926930506353_n.png?_nc_cat=101&amp;ccb=3&amp;_nc_sid=730e14&amp;_nc_ohc=l-pq0qBXU6kAX9ocSAO&amp;_nc_ht=scontent.fhex4-1.fna&amp;oh=7c30f1b381801ac811f3bce3d178fa10&amp;oe=6062CFFD\" alt=\"Peut \u00eatre une image de 6 personnes, personnes debout et int\u00e9rieur\" width=\"424\" height=\"294\"\/><figcaption><sub>Neuilly&rsquo;s gang<\/sub><\/figcaption><\/figure>\n\n\n\n<p id=\"block-4d1c2228-8ba4-4ce3-91f7-9eb86dca9511\"><strong><br><span class=\"has-inline-color has-vivid-red-color\">2 Mars <\/span><\/strong><\/p>\n\n\n\n<p><a href=\"http:\/\/aurores.org\/macron?fbclid=IwAR2Av-ZsEcwTPSHyhKVXhbhyMfzwhS5EVGCCqXz5a9LL5jSPnKNFa7EqxJM\">Les cinquante premiers donateurs d\u2019En Marche<\/a> (Aurores)<\/p>\n\n\n\n<figure class=\"wp-block-image is-resized is-style-default\"><img loading=\"lazy\" decoding=\"async\" src=\"https:\/\/scontent.fhex4-2.fna.fbcdn.net\/v\/t1.0-9\/156324330_1156786238077176_8656351685980915283_o.jpg?_nc_cat=108&amp;ccb=3&amp;_nc_sid=730e14&amp;_nc_ohc=_oYbF3F1MGcAX-3qN3B&amp;_nc_ht=scontent.fhex4-2.fna&amp;oh=bdc7afd75e9894537ecfd4b8ff3997b1&amp;oe=6065033B\" alt=\"Peut \u00eatre une image de 2 personnes et texte qui dit \u2019BFM 17.44 TV. LE DIRECT AL\u00c8S (GARD) S\u00c9PARATISM UN MINISTRE ACCUS\u00c9 DE VIOL SOUTIENT UN ANCIEN PR\u00c9SIDENT CONDAMN\u00c9 G\u00c9RALD DARMANIN Ministre de l'Int\u00e9rieur STORY AN FERME POUR SARKOZY DARMANIN R\u00c9AGIT &quot;NICOLAS SARKOZY A \u00c9VIDEMMENT TOUT MON SOUTIEN AMICAL'\u2019\" width=\"401\" height=\"296\"\/><\/figure>\n\n\n\n<p id=\"block-4d1c2228-8ba4-4ce3-91f7-9eb86dca9511\"><strong><br><span class=\"has-inline-color has-vivid-red-color\">1er Mars <\/span><\/strong><\/p>\n\n\n\n<p><a href=\"https:\/\/www.laquadrature.net\/2021\/03\/01\/partage-de-donnees-les-services-de-renseignement-violent-la-constitution\/\">Partage de donn\u00e9es : les services de renseignement violent la Constitution<\/a> (La Quadrature du Net)<\/p>\n\n\n\n<p><a href=\"https:\/\/rebellyon.info\/7-peches-capitaux-de-la-police-1-La-22947\">7 p\u00e9ch\u00e9s capitaux de la police &#8211; #1. La violence polici\u00e8re \u00e9rig\u00e9e en doctrine<\/a> (Mutu)&nbsp;<\/p>\n\n\n\n<p><a href=\"https:\/\/www.boursorama.com\/actualite-economique\/actualites\/la-population-carcerale-en-hausse-avec-63-802-detenus-au-1er-fevrier-7fbd020ea4a5c39a032469d141affce3\">La population carc\u00e9rale en hausse avec 63.802 d\u00e9tenus au 1er f\u00e9vrier<\/a> (AFP)<\/p>\n\n\n\n<p><a href=\"https:\/\/www.laquadrature.net\/2021\/03\/01\/partage-de-donnees-les-services-de-renseignement-violent-la-constitution\/\">Partage de donn\u00e9es les services de renseignement violent la constitution<\/a> (La Quadrature du Net)<\/p>\n\n\n\n<figure class=\"wp-block-image is-resized\"><img data-recalc-dims=\"1\" loading=\"lazy\" decoding=\"async\" src=\"https:\/\/i0.wp.com\/lafabrique.fr\/wp-content\/uploads\/2017\/05\/DRONE-652x1024.jpg?resize=321%2C503&#038;ssl=1\" alt=\"\" width=\"321\" height=\"503\"\/><\/figure>\n\n\n\n<figure class=\"wp-block-image is-resized is-style-default\" id=\"block-2edf59b5-2be2-4348-9890-ee73be307b68\"><img data-recalc-dims=\"1\" loading=\"lazy\" decoding=\"async\" src=\"https:\/\/i0.wp.com\/static.mediapart.fr\/etmagine\/default\/files\/2021\/02\/28\/34-notes-comix-empathie-drone-900px.jpg?resize=530%2C748&#038;ssl=1\" alt=\"34 - Notes comix autour du coronavirus \u00a9 Barth\u00e9l\u00e9my Schwartz\" width=\"530\" height=\"748\"\/><\/figure>\n\n\n\n<p><\/p>\n","protected":false},"excerpt":{"rendered":"<p>31 Mars en continu &nbsp;Le policier volait des objets au domicile de personnes qui venaient de mourir&#8230; avant de les revendre sur Internet (RMC) M\u00e8res de famille gaz\u00e9es avec leurs b\u00e9b\u00e9s a lille pour avoir d\u00e9pass\u00e9 l&rsquo;heure du couvre-feu -vid\u00e9o \u00ab S\u00e9curit\u00e9 Globale, de quel droit ? \u00bb un documentaire juridique&nbsp; (Radioparleur) Prisons : \u00ab &#8230; <a title=\"Mars &#8211; Leur Etat\" class=\"read-more\" href=\"https:\/\/www.rdpemancipation.org\/?p=18222\" aria-label=\"En savoir plus sur Mars &#8211; Leur Etat\">Lire la suite<\/a><\/p>\n","protected":false},"author":2,"featured_media":0,"comment_status":"closed","ping_status":"closed","sticky":false,"template":"","format":"standard","meta":{"_lmt_disableupdate":"no","_lmt_disable":"no","_jetpack_memberships_contains_paid_content":false,"footnotes":""},"categories":[5],"tags":[],"class_list":["post-18222","post","type-post","status-publish","format-standard","hentry","category-leur-etat"],"modified_by":"jmb","jetpack_featured_media_url":"","jetpack_sharing_enabled":true,"_links":{"self":[{"href":"https:\/\/www.rdpemancipation.org\/index.php?rest_route=\/wp\/v2\/posts\/18222","targetHints":{"allow":["GET"]}}],"collection":[{"href":"https:\/\/www.rdpemancipation.org\/index.php?rest_route=\/wp\/v2\/posts"}],"about":[{"href":"https:\/\/www.rdpemancipation.org\/index.php?rest_route=\/wp\/v2\/types\/post"}],"author":[{"embeddable":true,"href":"https:\/\/www.rdpemancipation.org\/index.php?rest_route=\/wp\/v2\/users\/2"}],"replies":[{"embeddable":true,"href":"https:\/\/www.rdpemancipation.org\/index.php?rest_route=%2Fwp%2Fv2%2Fcomments&post=18222"}],"version-history":[{"count":106,"href":"https:\/\/www.rdpemancipation.org\/index.php?rest_route=\/wp\/v2\/posts\/18222\/revisions"}],"predecessor-version":[{"id":23444,"href":"https:\/\/www.rdpemancipation.org\/index.php?rest_route=\/wp\/v2\/posts\/18222\/revisions\/23444"}],"wp:attachment":[{"href":"https:\/\/www.rdpemancipation.org\/index.php?rest_route=%2Fwp%2Fv2%2Fmedia&parent=18222"}],"wp:term":[{"taxonomy":"category","embeddable":true,"href":"https:\/\/www.rdpemancipation.org\/index.php?rest_route=%2Fwp%2Fv2%2Fcategories&post=18222"},{"taxonomy":"post_tag","embeddable":true,"href":"https:\/\/www.rdpemancipation.org\/index.php?rest_route=%2Fwp%2Fv2%2Ftags&post=18222"}],"curies":[{"name":"wp","href":"https:\/\/api.w.org\/{rel}","templated":true}]}}