{"id":18200,"date":"2021-03-01T09:43:08","date_gmt":"2021-03-01T08:43:08","guid":{"rendered":"https:\/\/www.rdpemancipation.org\/?p=18200"},"modified":"2021-03-31T17:22:34","modified_gmt":"2021-03-31T15:22:34","slug":"mars-migrations","status":"publish","type":"post","link":"https:\/\/www.rdpemancipation.org\/?p=18200","title":{"rendered":"Mars &#8211; Migrations"},"content":{"rendered":"\n<p class=\"has-vivid-red-color has-text-color\"><strong>31 mars<\/strong><\/p>\n\n\n\n<p><a href=\"https:\/\/www.boursorama.com\/actualite-economique\/actualites\/aide-aux-migrants-relaxe-definitive-pour-le-militant-cedric-herrou-cf3aafeaba78719bde51b7c1ed0bfeed\">Aide aux migrants: relaxe d\u00e9finitive pour le militant C\u00e9dric Herrou<\/a> (AFP)<\/p>\n\n\n\n<figure class=\"wp-block-image size-large is-resized is-style-default\"><img data-recalc-dims=\"1\" loading=\"lazy\" decoding=\"async\" src=\"https:\/\/i0.wp.com\/www.rdpemancipation.org\/wp-content\/uploads\/2021\/03\/fcc5b72608d72280e78ff0e4c8bd776f-760x505-1.jpg?resize=466%2C310&#038;ssl=1\" alt=\"\" class=\"wp-image-23210\" width=\"466\" height=\"310\" srcset=\"https:\/\/i0.wp.com\/www.rdpemancipation.org\/wp-content\/uploads\/2021\/03\/fcc5b72608d72280e78ff0e4c8bd776f-760x505-1.jpg?w=760&amp;ssl=1 760w, https:\/\/i0.wp.com\/www.rdpemancipation.org\/wp-content\/uploads\/2021\/03\/fcc5b72608d72280e78ff0e4c8bd776f-760x505-1.jpg?resize=300%2C199&amp;ssl=1 300w\" sizes=\"auto, (max-width: 466px) 100vw, 466px\" \/><\/figure>\n\n\n\n<p><a href=\"https:\/\/orientxxi.info\/magazine\/migrants-refoules-en-libye-un-naufrage-europeen,4622\">Migrants refoul\u00e9s en Libye, le naufrage europ\u00e9en<\/a>&nbsp; (Orient XXI)<\/p>\n\n\n\n<p><a href=\"https:\/\/www.humanite.fr\/les-couples-binationaux-en-appellent-au-conseil-detat-pour-mettre-fin-leur-separation-702240#xtor=RSS-1\">Les couples binationaux en appellent au Conseil d\u2019Etat pour mettre fin \u00e0 leur s\u00e9paration<\/a> (L\u2019Humanit\u00e9)<\/p>\n\n\n\n<p><a href=\"https:\/\/www.boursorama.com\/actualite-economique\/actualites\/a-nice-l-employe-d-un-restaurateur-rebelle-aux-restrictions-obtient-ses-papiers-e0a18b190e290e92545daddaf7c79247\">A Nice, l&#8217;employ\u00e9 d&rsquo;un restaurateur rebelle aux restrictions obtient ses papiers<\/a> (AFP)<\/p>\n\n\n\n<p><a href=\"https:\/\/www.mediapart.fr\/journal\/fil-dactualites\/310321\/aide-aux-migrants-la-frontiere-italienne-relaxe-definitive-pour-le-militant-cedric-herrou-justice\">Relaxe d\u00e9finitive pour C\u00e9dric Herrou<\/a> \u2013 AFP (MDP)<\/p>\n\n\n\n<p><a href=\"https:\/\/www.lemediatv.fr\/emissions\/2021\/camp-dexiles-a-republique-la-lutte-continue-1xdhnDL7S6GXvzD56HUwQw\">Camp d&rsquo;exil\u00e9s \u00e0 R\u00e9publique : la lutte continue<\/a> (Le M\u00e9dia)<\/p>\n\n\n\n<p><a href=\"https:\/\/www.ldh-france.org\/contre-la-dematerialisation-des-demandes-de-titre-de-sejour-les-prefectures-assignees-en-justice-partout-en-france\/\">Contre la d\u00e9mat\u00e9rialisation des demandes de titre de s\u00e9jour : les pr\u00e9fectures assign\u00e9es en justice, partout en France<\/a> (LDH)<\/p>\n\n\n\n<p class=\"has-vivid-red-color has-text-color\"><strong>29 mars<\/strong><\/p>\n\n\n\n<p><a href=\"https:\/\/www.contretemps.eu\/dette-femmes-migrations-genre-racisme\/\">La dette&nbsp;: m\u00e9canisme infernal au c\u0153ur de la f\u00e9minisation des migrations<\/a> \u2013 Christine Vanden Daelen (ContreTemps)<\/p>\n\n\n\n<p><a href=\"https:\/\/www.liberation.fr\/societe\/au-pays-basque-des-quon-ferme-un-passage-pour-les-migrants-un-autre-plus-risque-souvre-20210326_4QEXNHSLWFF65FY2IE4OFBEPGI\/?redirected=1\">Les routes de la migration en France (1\/3)Au Pays basque, \u00abd\u00e8s qu\u2019on ferme un passage pour les migrants, un autre plus risqu\u00e9 s\u2019ouvre\u00bb<\/a> (Lib\u00e9)<\/p>\n\n\n\n<figure class=\"wp-block-image size-large is-resized\"><img data-recalc-dims=\"1\" loading=\"lazy\" decoding=\"async\" src=\"https:\/\/i0.wp.com\/www.rdpemancipation.org\/wp-content\/uploads\/2021\/03\/image-159.png?resize=512%2C342&#038;ssl=1\" alt=\"\" class=\"wp-image-22749\" width=\"512\" height=\"342\" srcset=\"https:\/\/i0.wp.com\/www.rdpemancipation.org\/wp-content\/uploads\/2021\/03\/image-159.png?resize=1024%2C683&amp;ssl=1 1024w, https:\/\/i0.wp.com\/www.rdpemancipation.org\/wp-content\/uploads\/2021\/03\/image-159.png?resize=300%2C200&amp;ssl=1 300w, https:\/\/i0.wp.com\/www.rdpemancipation.org\/wp-content\/uploads\/2021\/03\/image-159.png?resize=768%2C512&amp;ssl=1 768w, https:\/\/i0.wp.com\/www.rdpemancipation.org\/wp-content\/uploads\/2021\/03\/image-159.png?w=1440&amp;ssl=1 1440w\" sizes=\"auto, (max-width: 512px) 100vw, 512px\" \/><\/figure>\n\n\n\n<p class=\"has-vivid-red-color has-text-color\"><strong>26 mars<\/strong><\/p>\n\n\n\n<p><a href=\"https:\/\/www.boursorama.com\/videos\/actualites\/paris-evacuation-dans-le-calme-d-un-campement-place-de-la-republique-8d581a8bc1bf4aea30d0d891418e304e\">Paris: \u00e9vacuation dans le calme d&rsquo;un campement place de la R\u00e9publique<\/a> (AFP Vid\u00e9o)<\/p>\n\n\n\n<p><a href=\"https:\/\/www.mediacites.fr\/reportage\/lille\/2021\/03\/26\/grande-synthe-les-ravages-de-la-nouvelle-doctrine-anti-migrants\/\">Grande-Synthe : les ravages de la nouvelle doctrine anti-migrants<\/a> (Mediacit\u00e9s)&nbsp;<\/p>\n\n\n\n<p><a href=\"https:\/\/theconversation.com\/migrants-et-langue-du-pays-daccueil-les-risques-de-transformer-un-droit-en-devoir-155151\">Migrants et langue du pays d\u2019accueil : les risques de transformer un droit en devoir<\/a> (The Conversation)<\/p>\n\n\n\n<p><a href=\"https:\/\/www.boursorama.com\/videos\/actualites\/un-nouveau-campement-de-migrants-installe-place-de-la-republique-a-paris-bfbed5879f9da8e627f926f13ef47962\">Un nouveau campement de migrants install\u00e9 place de la R\u00e9publique \u00e0 Paris<\/a> (AFP vid\u00e9o)<\/p>\n\n\n\n<p><a href=\"https:\/\/mouvements.info\/?email_id=111&amp;user_id=3233&amp;urlpassed=aHR0cHM6Ly9tb3V2ZW1lbnRzLmluZm8vbGUtcGFjdGUtZXVyb3BlZW4tY29udHJlLWxlcy1taWdyYXRpb25zLw&amp;controller=stats&amp;action=analyse&amp;wysija-page=1&amp;wysijap=subscriptions\">Le pacte europ\u00e9en contre les migrations<\/a> (Mouvements)<\/p>\n\n\n\n<p><a href=\"https:\/\/lanticapitaliste.org\/opinions\/culture\/migrations-forcees-discriminations-et-exclusions\">Migrations forc\u00e9es, discriminations et exclusions<\/a> (Recension- \u00c9ditions du Croquant)<\/p>\n\n\n\n<p><a href=\"https:\/\/info.mediapart.fr\/optiext\/optiextension.dll?ID=5BA5AXSAexyYMNtzz_lZ02BkkJeJXDC_7daDQfmVGO_awl7jX6yfuT9cuZRCMHQ5gkDFcwFF_DK%2BbGWkEcPMxF4S2TFP_\">A Roissy, l\u2019escale de 25 Alg\u00e9riens vire \u00e0 l\u2019imbroglio administratif<\/a> (MDP)<\/p>\n\n\n\n<p><a href=\"https:\/\/www.boursorama.com\/actualite-economique\/actualites\/la-chose-la-plus-humaine-a-faire-des-hebergeurs-solidaires-au-chevet-des-migrants-f719cec02fe10c220b1da6d3f98f9472\">\u00ab\u00a0La chose la plus humaine \u00e0 faire\u00a0\u00bb: des h\u00e9bergeurs \u00ab\u00a0solidaires\u00a0\u00bb au chevet des migrants<\/a> (AFP)<\/p>\n\n\n\n<p><a href=\"https:\/\/www.boursorama.com\/actualite-economique\/actualites\/a-paris-la-place-de-la-republique-redevient-un-camp-pour-exiles-6d7215c06e02b6c4635690d2b8275683\">A Paris, la place de la R\u00e9publique redevient un camp pour \u00e9xil\u00e9s<\/a> (AFP)<\/p>\n\n\n\n<p class=\"has-vivid-red-color has-text-color\"><strong>24 mars<\/strong><\/p>\n\n\n\n<figure class=\"wp-block-image is-resized is-style-default\"><img loading=\"lazy\" decoding=\"async\" src=\"https:\/\/scontent.fhex4-1.fna.fbcdn.net\/v\/t1.0-9\/s720x720\/164740696_2555178904776071_7592029230359392131_n.jpg?_nc_cat=105&amp;ccb=1-3&amp;_nc_sid=730e14&amp;_nc_ohc=U_PHdudCBU8AX9Zy5QG&amp;_nc_ht=scontent.fhex4-1.fna&amp;tp=7&amp;oh=3bf759940d41e24fcf38e9d9394fae9e&amp;oe=608231E9\" alt=\"Peut \u00eatre une image de 2 personnes et texte qui dit \u2019SOUTENONS SANS-PAPIERS LES SALARI\u00c9S DE LA MAIRIE DE SEVRES ILS ONT FAIT UN AN DE GR\u00c8VE! EXIGEONS R\u00c9GULARISATION! LEUR RENDEZ VOUS POUR UNE DIIVE NANTERRE DE TRACTS PREFECTURE DE DEVANT LA 24 MARS \u00c0 12H30\u2019\" width=\"295\" height=\"417\"\/><\/figure>\n\n\n\n<p class=\"has-vivid-red-color has-text-color\"><strong>20 mars<\/strong><\/p>\n\n\n\n<figure class=\"wp-block-image is-resized is-style-default\"><img loading=\"lazy\" decoding=\"async\" src=\"https:\/\/scontent.fhex4-1.fna.fbcdn.net\/v\/t1.0-9\/162882992_1168300643592402_641259590635837255_n.png?_nc_cat=102&amp;ccb=1-3&amp;_nc_sid=730e14&amp;_nc_ohc=6FyZaNQFNFMAX95Fjsy&amp;_nc_ht=scontent.fhex4-1.fna&amp;oh=dca8888928001ac0c5c54b8a4f4c7625&amp;oe=607A75C2\" alt=\"Peut \u00eatre une capture d\u2019\u00e9cran de Twitter de texte qui dit \u2019Kalie @Kalie_mero Les parisiens fuient leur ville et l'\u00e9pid\u00e9mie. J'esp\u00e8re qu'on n'aura plus aucune r\u00e9flexion sur les les migrants qui fuient leur pays en guerre... 18:06 16 mars 20 Twitter for iPhone 608 Retweets 1 659 J'aime\u2019\" width=\"350\" height=\"330\"\/><\/figure>\n\n\n\n<p class=\"has-vivid-red-color has-text-color\"><strong>17 mars<\/strong><\/p>\n\n\n\n<p><a href=\"https:\/\/laviedesidees.fr\/Bernardot-Etrangers-immigres-repenser-l-integration.html\">L\u2019int\u00e9gration, une histoire fran\u00e7aise<\/a> \u2013 Emeline Zougbede (La vie des id\u00e9es)<\/p>\n\n\n\n<p class=\"has-vivid-red-color has-text-color\"><strong>16 mars<\/strong><\/p>\n\n\n\n<p><a href=\"https:\/\/www.bastamag.net\/Europe-forteresse-Frontex-refugies-migrants-refoules-naufrages-noyades-frontieres-droit-d-asile\">Comment les pays europ\u00e9ens et l\u2019agence Frontex pers\u00e9cutent les exil\u00e9s<\/a> \u2013 Rachel Knaebel (Basta)<\/p>\n\n\n\n<p class=\"has-vivid-red-color has-text-color\"><strong>15 mars<\/strong><\/p>\n\n\n\n<figure class=\"wp-block-image is-resized is-style-default\"><img loading=\"lazy\" decoding=\"async\" src=\"https:\/\/scontent.fhex4-2.fna.fbcdn.net\/v\/t1.0-9\/160760850_1164407327315067_8543287926024790024_n.png?_nc_cat=109&amp;ccb=1-3&amp;_nc_sid=730e14&amp;_nc_ohc=H76ahFIuC84AX_yrqtH&amp;_nc_ht=scontent.fhex4-2.fna&amp;oh=67eda1590411264923551efbcfad9cc7&amp;oe=607474F8\" alt=\"Peut \u00eatre une image de 1 personne et texte\" width=\"327\" height=\"463\"\/><\/figure>\n\n\n\n<p><a href=\"https:\/\/laviedesidees.fr\/Camille-Schmoll-Les-damnees-de-la-mer.html\">Les survivantes<\/a> \u2013 Laura Odasso (La vie des Id\u00e9es)<\/p>\n\n\n\n<p class=\"has-vivid-red-color has-text-color\"><strong>14 mars<\/strong><\/p>\n\n\n\n<p><a href=\"https:\/\/info.mediapart.fr\/optiext\/optiextension.dll?ID=dHGdNAaGn2382WuNgCnv7mABiecpkZhqixeGktOiv2PWf9etl3VZhDz5SeTJlvHpVEWv_RjptQt5CTRYxcn3pmUVVspl4\">Mobilisation pour le jeune Madama interdit de travail mais menac\u00e9 d&rsquo;expulsion<\/a> (MDP)<\/p>\n\n\n\n<p><a href=\"https:\/\/www.boursorama.com\/actualite-economique\/actualites\/haute-loire-remise-en-liberte-d-un-jeune-malien-menace-d-expulsion-e68d81c9dbf43c051a33172d575f15f8\">Haute-Loire: remise en libert\u00e9 d&rsquo;un jeune Malien menac\u00e9 d&rsquo;expulsion<\/a> (AFP)<\/p>\n\n\n\n<p><a href=\"https:\/\/l.facebook.com\/l.php?u=https:\/\/www.huffingtonpost.fr\/entry\/ronaldo-ehpad-aurillac-se-mobilise-contre-lexpulsion-un-soignant-exemplaire_fr_6049f11ac5b60e0725f53661?ncid=other_facebook_eucluwzme5k&amp;utm_campaign=share_facebook&amp;fbclid=IwAR0muDNe8eGONo9AqSoHhTOi4jLWbra3w2IFp067ELJEzrBfQ0vEm7zAWLU&amp;h=AT3kZ7KU3FgPr5z969V5DA-RRbKhd7cO5-rxGVpQ3q-sMFtHCPNLgU-APVt-y_U2tG0HWTkF-1wrSLqYbPjk-7Q4rM5Ezeth45dHHM-m79ZwJtpCRF3vCAWCcj3Pu0JINaSs5rg&amp;__tn__=,mH-R&amp;c%5B0%5D=AT1dPoVEQYOTuQZ_adqi81K8Jz8O9IAF3MyG4-yAYgFgIerdhJPAzL7HoDlYWUJJB5cYD1RzwbD-CYoQnQv59tATdZ4XH5U5SsDN9QQt3XYIG7Qc0MH7_fAayWAZa7GUjUrq-pgyENqKcA-ymVimpTzQL6KkX7CKLlXKLgyLgKqBz24\">Cet Ehpad d&rsquo;Aurillac se mobilise contre l&rsquo;expulsion de Ronaldo, un \u00ab\u00a0soignant exemplaire\u00a0\u00bb <\/a>(Huff Post)<\/p>\n\n\n\n<p><a href=\"https:\/\/blogs.mediapart.fr\/jean-marc-b\/blog\/130321\/faisons-annuler-lexpulsion-de-balla-etudiant-menace-de-mort-au-mali\">Faisons annuler l&rsquo;expulsion de Balla, \u00e9tudiant menac\u00e9 de mort au Mali <\/a>(Unef Tacle)<\/p>\n\n\n\n<figure class=\"wp-block-image is-resized is-style-default\"><img loading=\"lazy\" decoding=\"async\" src=\"https:\/\/scontent.fsti4-2.fna.fbcdn.net\/v\/t1.0-9\/160032629_2548030095490952_9094337160836488678_n.jpg?_nc_cat=104&amp;ccb=1-3&amp;_nc_sid=8bfeb9&amp;_nc_ohc=XgeC1DwXcpwAX__wuMA&amp;_nc_ht=scontent.fsti4-2.fna&amp;oh=3661a35ae6a29701e0cf059bd2fbf370&amp;oe=607245D8\" alt=\"Peut \u00eatre une image de une personne ou plus et texte\" width=\"323\" height=\"323\"\/><\/figure>\n\n\n\n<p class=\"has-vivid-red-color has-text-color\"><strong>12 mars<\/strong><\/p>\n\n\n\n<p><a href=\"https:\/\/lanticapitaliste.org\/actualite\/oppressions\/les-sans-papiers-veulent-etre-regularises\">Les sans-papiers veulent \u00eatre r\u00e9gularis\u00e9s<\/a> (Collectif)<\/p>\n\n\n\n<p><a href=\"https:\/\/www.revolutionpermanente.fr\/Au-Puy-en-Velay-plusieurs-centaines-de-personnes-mobilisees-pour-Madama-enferme-en-centre-de\">Au Puy-en-Velay&nbsp;: plusieurs centaines de personnes mobilis\u00e9es pour Madama, enferm\u00e9 en centre de r\u00e9tention<\/a> (RP)<\/p>\n\n\n\n<p><a href=\"https:\/\/la-bas.org\/6355\">\u00ab Des papiers pour Ronaldo \u00bb : le combat contre l&rsquo;expulsion d&rsquo;un assitant de vie d&rsquo;un EHPAD \u00e0 Aurillac<\/a> (L\u00e0-bas si j\u2019y suis)<\/p>\n\n\n\n<p class=\"has-vivid-red-color has-text-color\"><strong>11 mars<\/strong><\/p>\n\n\n\n<p><a href=\"https:\/\/mouvements.info\/le-pacte-europeen-contre-les-migrations\/\">Le pacte europ\u00e9en contre les migrations<\/a> \u2013 Charles Heller et Bernd Kasparek (Mouvements)<\/p>\n\n\n\n<p class=\"has-vivid-red-color has-text-color\"><strong>9 mars<\/strong><\/p>\n\n\n\n<p><a href=\"https:\/\/www.mediapart.fr\/journal\/fil-dactualites\/090321\/france-61-migrants-sauves-en-manche-sur-deux-embarcations\">61 migrants sauv\u00e9s en Manche sur une embarcation<\/a> \u2013 AFP (MDP)<\/p>\n\n\n\n<p><a href=\"https:\/\/www.mediapart.fr\/journal\/fil-dactualites\/090321\/tunisie-14-migrants-morts-et-139-secourus-apres-un-naufrage\">Tunisie&nbsp;: 14 migrants morts et 139 secourus<\/a> \u2013 AFP (MDP)<\/p>\n\n\n\n<p><a href=\"https:\/\/reporterre.net\/A-Montgeneve-dans-les-Alpes-Francais-et-Italiens-ont-manifeste-par-solidarite-avec-les\">\u00c0 Montgen\u00e8vre, dans les Alpes, Fran\u00e7ais et Italiens ont manifest\u00e9 par solidarit\u00e9 avec les migrants<\/a> (Reporterre)<\/p>\n\n\n\n<p><a href=\"https:\/\/www.anti-k.org\/2021\/03\/06\/mobilisation-contre-lexpulsion-annoncee-du-jeune-malien-madama\/\">Mobilisation contre l\u2019expulsion annonc\u00e9e du jeune malien Madama <\/a>(Anti-K)<\/p>\n\n\n\n<p><a href=\"https:\/\/www.courrierdesbalkans.fr\/Frontex-defendre-a-tout-prix-la-forteresse-Europe\">Frontex : d\u00e9fendre la \u00ab forteresse Europe \u00bb, \u00e0 n&rsquo;importe quel prix<\/a> (Le Courrier des Balkans)<\/p>\n\n\n\n<p class=\"has-vivid-red-color has-text-color\"><strong>8 mars<\/strong><\/p>\n\n\n\n<p><a href=\"https:\/\/www.lacimade.org\/cest-une-personne-de-confiance-presque-la-seule-autour-de-moi\/\">A quand une v\u00e9ritable politique publique pour un acc\u00e8s effectif des droits de toutes les femmes<\/a> \u2013 (LaCimade)<\/p>\n\n\n\n<p class=\"has-vivid-red-color has-text-color\"><strong>6 mars en continu<\/strong><\/p>\n\n\n\n<p><a href=\"https:\/\/info.mediapart.fr\/optiext\/optiextension.dll?ID=oSToSibA_9BDmaYPhkpSGkSDaRielJTZb4fsI6G3OLFmGD8EhxFTYKc_y1pdLzWDOdBrbiWpwHjDKxv_QqhtWNEhjqwEt\">\u00abOcean Viking\u00bb: premi\u00e8res d\u00e9sillusions pour les migrants arriv\u00e9s en Europe<\/a> (MDP)<\/p>\n\n\n\n<p><a href=\"http:\/\/www.migreurop.org\/article3030.html\">Observatoire des fronti\u00e8res : Webinaire \u00ab Militarisation des fronti\u00e8res et criminalisation des solidarit\u00e9s \u00bb<\/a> (CICP )<\/p>\n\n\n\n<p><a href=\"https:\/\/www.placegrenet.fr\/2021\/03\/06\/grenoble-ingrid-militante-annecienne-dextinction-rebellion-est-menacee-dexpulsion-du-territoire-francais\/456052\">Grenoble : Ingrid, militante ann\u00e9cienne d\u2019Extinction R\u00e9bellion, est menac\u00e9e d\u2019expulsion du territoire fran\u00e7ais<\/a> (Place Gre\u2019net )<\/p>\n\n\n\n<p class=\"has-vivid-red-color has-text-color\"><strong>5 mars en continu<\/strong><\/p>\n\n\n\n<p><a href=\"https:\/\/www.bastamag.net\/Exiles-refugies-Grande-Synthe-evacuation-de-campement-destruction-des-tentes-forces-de-l-ordre-Kurdes-reportage-photos\">Survie des exil\u00e9s dans un campement de fortune : voici les photos interdites des \u00e9vacuations polici\u00e8res<\/a> (Basta&nbsp;!)<\/p>\n\n\n\n<p><a href=\"https:\/\/www.boursorama.com\/actualite-economique\/actualites\/djibouti-au-moins-20-migrants-meurent-noyes-jetes-a-la-mer-par-des-passeurs-21df22c32747ed7bd0afdb192992854f\">Djibouti: au moins 20 migrants meurent noy\u00e9s, jet\u00e9s \u00e0 la mer par des passeurs<\/a> (AFP)<\/p>\n\n\n\n<p><a href=\"https:\/\/ehne.fr\/fr\/encyclopedie\/th%C3%A9matiques\/guerres-traces-m%C3%A9moires\/d%C3%A9placements-en-temps-de-guerre\/les-personnes-d%C3%A9plac%C3%A9es-au-sortir-la-seconde-guerre-mondiale\">Les personnes d\u00e9plac\u00e9es au sortir la Seconde Guerre mondiale<\/a> &#8211;<a href=\"https:\/\/ehne.fr\/fr\/encyclopedie\/auteur-e-s\/laure-humbert\">Laure HUMBERT<\/a> (EHNE)<\/p>\n\n\n\n<figure class=\"wp-block-image is-resized is-style-default\"><img loading=\"lazy\" decoding=\"async\" src=\"https:\/\/scontent.fsti4-2.fna.fbcdn.net\/v\/t1.0-9\/156943533_1158620911227042_882001969735686668_n.png?_nc_cat=107&amp;ccb=3&amp;_nc_sid=730e14&amp;_nc_eui2=AeFjsv0RGjlsnU5UAGelHTGy9K4I0-OJbyb0rgjT44lvJqhhu8MskG4kfU4n5cuF9gk&amp;_nc_ohc=BbD-bGC6j3EAX_Xk-u0&amp;_nc_ht=scontent.fsti4-2.fna&amp;oh=6cfd24c055ffaf495482dd7d0d2ca7ef&amp;oe=606665CC\" alt=\"Peut \u00eatre un dessin anim\u00e9 de texte\" width=\"334\" height=\"594\"\/><\/figure>\n\n\n\n<p class=\"has-vivid-red-color has-text-color\"><strong>4 mars en continu<\/strong><\/p>\n\n\n\n<p><a href=\"https:\/\/www.bastamag.net\/Exiles-refugies-Grande-Synthe-evacuation-de-campement-destruction-des-tentes-forces-de-l-ordre-Kurdes-reportage-photos\">Survie des exil\u00e9s dans un campement de fortune<\/a> \u2013 Pedro Brito Da Fonseca (Bastamag)<\/p>\n\n\n\n<p><a href=\"https:\/\/lecourrier.ch\/2021\/03\/03\/sos-mediterranee-sauve-plus-de-5000-femmes-en-cinq-ans\/\">SOS M\u00e9diterran\u00e9e sauve plus de 5000 femmes en cinq ans<\/a> (Le Courrier)&nbsp;<\/p>\n\n\n\n<p><a href=\"https:\/\/alt-rev.com\/2021\/03\/03\/un-rapport-dresse-un-etat-des-lieux-preoccupant-de-la-situation-des-mineurs-prives-de-liberte\/\">Un rapport dresse un \u00e9tat des lieux \u201cpr\u00e9occupant\u201d de la situation des mineurs priv\u00e9s de libert\u00e9<\/a> (France TV)<\/p>\n\n\n\n<p><a href=\"https:\/\/www.bastamag.net\/Solidarite-L-incroyable-mobilisation-des-habitants-de-l-Ariege-pour-proteger-les-deboutes-de-l-asile?fbclid=IwAR0BAkL5tGo4SDYopaOZTidkBhP1z5NynWwcpgIJOUPiKMMkNjJ2Z18dyA4\">&nbsp;L&rsquo;incroyable mobilisation des habitants de l&rsquo;Ari\u00e8ge pour prot\u00e9ger les d\u00e9bout\u00e9s de l\u2019asile <\/a>(Basta)<\/p>\n\n\n\n<figure class=\"wp-block-image is-resized is-style-default\"><img data-recalc-dims=\"1\" loading=\"lazy\" decoding=\"async\" src=\"https:\/\/i0.wp.com\/www.bastamag.net\/local\/adapt-img\/740\/10x\/IMG\/arton8241.jpg?resize=397%2C298&#038;ssl=1\" alt=\"\" width=\"397\" height=\"298\"\/><\/figure>\n\n\n\n<p class=\"has-vivid-red-color has-text-color\"><strong>2 mars <\/strong><\/p>\n\n\n\n<p><a href=\"http:\/\/www.regards.fr\/politique\/societe\/article\/syndrome-mediterraneen-ou-le-racisme-ordinaire-de-l-hopital-francais\">\u00ab&nbsp;Syndrome m\u00e9diterran\u00e9en&nbsp;\u00bb ou le racisme ordinaire \u00e0 l\u2019h\u00f4pital<\/a> \u2013 Pablo Pillaud-Vivien (Regards)<\/p>\n","protected":false},"excerpt":{"rendered":"<p>31 mars Aide aux migrants: relaxe d\u00e9finitive pour le militant C\u00e9dric Herrou (AFP) Migrants refoul\u00e9s en Libye, le naufrage europ\u00e9en&nbsp; (Orient XXI) Les couples binationaux en appellent au Conseil d\u2019Etat pour mettre fin \u00e0 leur s\u00e9paration (L\u2019Humanit\u00e9) A Nice, l&#8217;employ\u00e9 d&rsquo;un restaurateur rebelle aux restrictions obtient ses papiers (AFP) Relaxe d\u00e9finitive pour C\u00e9dric Herrou \u2013 &#8230; <a title=\"Mars &#8211; Migrations\" class=\"read-more\" href=\"https:\/\/www.rdpemancipation.org\/?p=18200\" aria-label=\"En savoir plus sur Mars &#8211; Migrations\">Lire la suite<\/a><\/p>\n","protected":false},"author":2,"featured_media":0,"comment_status":"closed","ping_status":"closed","sticky":false,"template":"","format":"standard","meta":{"_lmt_disableupdate":"no","_lmt_disable":"no","_jetpack_memberships_contains_paid_content":false,"footnotes":""},"categories":[27],"tags":[],"class_list":["post-18200","post","type-post","status-publish","format-standard","hentry","category-migrations"],"modified_by":"jmb","jetpack_featured_media_url":"","jetpack_sharing_enabled":true,"_links":{"self":[{"href":"https:\/\/www.rdpemancipation.org\/index.php?rest_route=\/wp\/v2\/posts\/18200","targetHints":{"allow":["GET"]}}],"collection":[{"href":"https:\/\/www.rdpemancipation.org\/index.php?rest_route=\/wp\/v2\/posts"}],"about":[{"href":"https:\/\/www.rdpemancipation.org\/index.php?rest_route=\/wp\/v2\/types\/post"}],"author":[{"embeddable":true,"href":"https:\/\/www.rdpemancipation.org\/index.php?rest_route=\/wp\/v2\/users\/2"}],"replies":[{"embeddable":true,"href":"https:\/\/www.rdpemancipation.org\/index.php?rest_route=%2Fwp%2Fv2%2Fcomments&post=18200"}],"version-history":[{"count":28,"href":"https:\/\/www.rdpemancipation.org\/index.php?rest_route=\/wp\/v2\/posts\/18200\/revisions"}],"predecessor-version":[{"id":23212,"href":"https:\/\/www.rdpemancipation.org\/index.php?rest_route=\/wp\/v2\/posts\/18200\/revisions\/23212"}],"wp:attachment":[{"href":"https:\/\/www.rdpemancipation.org\/index.php?rest_route=%2Fwp%2Fv2%2Fmedia&parent=18200"}],"wp:term":[{"taxonomy":"category","embeddable":true,"href":"https:\/\/www.rdpemancipation.org\/index.php?rest_route=%2Fwp%2Fv2%2Fcategories&post=18200"},{"taxonomy":"post_tag","embeddable":true,"href":"https:\/\/www.rdpemancipation.org\/index.php?rest_route=%2Fwp%2Fv2%2Ftags&post=18200"}],"curies":[{"name":"wp","href":"https:\/\/api.w.org\/{rel}","templated":true}]}}