{"id":153147,"date":"2026-06-01T09:11:36","date_gmt":"2026-06-01T07:11:36","guid":{"rendered":"https:\/\/www.rdpemancipation.org\/?p=153147"},"modified":"2026-06-30T11:20:14","modified_gmt":"2026-06-30T09:20:14","slug":"cultures-juin","status":"publish","type":"post","link":"https:\/\/www.rdpemancipation.org\/?p=153147","title":{"rendered":"Cultures &#8211; Juin"},"content":{"rendered":"\n<p class=\"has-text-color has-link-color wp-elements-1 wp-block-paragraph\" style=\"color:#b50000\"><strong>30 juin<\/strong><\/p>\n\n\n\n<p class=\"wp-block-paragraph\"><a href=\"https:\/\/link.newsletter.franceculture.fr\/m\/ml\/7429\/1034578\/NuU74jJkq0-ockz_AqX0OcfU_h6PiNxgQ5yNNrpbmpc=\/5F43yvqeuYi2hc7KyfQSNUoInC74uM2MFvkgbyVMtyQ=\/\" target=\"_blank\" rel=\"noreferrer noopener\"><strong> <\/strong>BD : F\u2019Murrr, loufoque et pataphysique<\/a> (France Culture).<\/p>\n\n\n\n<p class=\"wp-block-paragraph\"><a href=\"https:\/\/www.contretemps.eu\/imperialismes-et-anti-imperialisme\/\">Imp\u00e9rialisme(s) et anti-imp\u00e9rialisme<\/a> (Contretemps).<\/p>\n\n\n\n<p class=\"wp-block-paragraph\"><a href=\"https:\/\/www.terrestres.org\/2026\/06\/29\/on-est-des-pauvres-on-vit-dans-des-endroits-pourris\/\">\u00ab\u00a0On est des pauvres, on vit dans des endroits pourris\u00a0\u00bb<\/a> (Terrestres).<\/p>\n\n\n\n<p class=\"wp-block-paragraph\"><a href=\"https:\/\/www.en-attendant-nadeau.fr\/2026\/06\/23\/la-vitesse-contre-la-routine-etrange-defaite\/\">La vitesse contre la routine<\/a> (En attendant Nadeau).<\/p>\n\n\n\n<div class=\"wp-block-columns is-layout-flex wp-container-core-columns-is-layout-8f761849 wp-block-columns-is-layout-flex\">\n<div class=\"wp-block-column is-layout-flow wp-block-column-is-layout-flow\" style=\"flex-basis:100%\"><div class=\"wp-block-image\">\n<figure class=\"alignleft size-large is-resized\"><img data-recalc-dims=\"1\" loading=\"lazy\" decoding=\"async\" width=\"1024\" height=\"740\" src=\"https:\/\/i0.wp.com\/www.rdpemancipation.org\/wp-content\/uploads\/2026\/06\/image-24.png?resize=1024%2C740&#038;ssl=1\" alt=\"\" class=\"wp-image-154153\" style=\"aspect-ratio:1.3837928149868914;width:285px;height:auto\" srcset=\"https:\/\/i0.wp.com\/www.rdpemancipation.org\/wp-content\/uploads\/2026\/06\/image-24.png?resize=1024%2C740&amp;ssl=1 1024w, https:\/\/i0.wp.com\/www.rdpemancipation.org\/wp-content\/uploads\/2026\/06\/image-24.png?resize=300%2C217&amp;ssl=1 300w, https:\/\/i0.wp.com\/www.rdpemancipation.org\/wp-content\/uploads\/2026\/06\/image-24.png?resize=768%2C555&amp;ssl=1 768w, https:\/\/i0.wp.com\/www.rdpemancipation.org\/wp-content\/uploads\/2026\/06\/image-24.png?w=1536&amp;ssl=1 1536w\" sizes=\"auto, (max-width: 1024px) 100vw, 1024px\" \/><figcaption class=\"wp-element-caption\"><sup>Les troupes britanniques se rassemblent sur la plage de Dunkerque en attendant leur \u00e9vacuation (26-29 Mai 1940) \u00a9 CC0\/Imperial War Museums<\/sup><\/figcaption><\/figure>\n<\/div><\/div>\n<\/div>\n\n\n\n<p class=\"has-text-color has-link-color wp-elements-2 wp-block-paragraph\" style=\"color:#b30000\"><strong>29 juin<\/strong><\/p>\n\n\n\n<p class=\"wp-block-paragraph\"><a href=\"https:\/\/www.nonfiction.fr\/article-12772-la-democratie-au-cur-des-luttes-sociales.htm\">La d\u00e9mocratie au c\u0153ur des luttes sociales<\/a> (Nonfiction).<\/p>\n\n\n\n<p class=\"wp-block-paragraph\"><a href=\"https:\/\/www.telerama.fr\/radio\/france-culture-guillaume-erner-critique-apres-avoir-diffuse-un-montage-fallacieux-des-propos-de-jean-luc-melenchon-7031776.php\">France Culture&nbsp;: Erner, un montage fallacieux de M\u00e9lenchon<\/a> (T\u00e9l\u00e9rama).<\/p>\n\n\n\n<p class=\"wp-block-paragraph\"><a href=\"https:\/\/www.blast-info.fr\/articles\/2026\/hara-kiri-contre-charlie-S1o-9dDZTqW-2WS95vzfoQ\">Hara-Kiri contre Charlie<\/a> (Blast).<\/p>\n\n\n\n<p class=\"wp-block-paragraph\"><a href=\"https:\/\/www.humanite.fr\/culture-et-savoir\/canicule\/face-aux-canicules-les-festivals-de-musique-et-les-intermittents-du-spectacle-en-detresse\">Canicules, les festivals de musique<\/a> (L&rsquo;Humanit\u00e9).<\/p>\n\n\n\n<p class=\"wp-block-paragraph\"><a href=\"https:\/\/www.en-attendant-nadeau.fr\/2026\/06\/27\/traverser-la-mediterranee-entre-esclaves-et-rentiers-entretien-avec-camille-schmoll\/\">Traverser la M\u00e9diterran\u00e9e&nbsp;: Camille Schmoll<\/a> (En attendant Nadeau).<\/p>\n\n\n\n<div class=\"wp-block-columns is-layout-flex wp-container-core-columns-is-layout-8f761849 wp-block-columns-is-layout-flex\">\n<div class=\"wp-block-column is-layout-flow wp-block-column-is-layout-flow\" style=\"flex-basis:100%\"><div class=\"wp-block-image\">\n<figure class=\"alignleft size-large is-resized\"><img data-recalc-dims=\"1\" loading=\"lazy\" decoding=\"async\" width=\"1024\" height=\"684\" src=\"https:\/\/i0.wp.com\/www.rdpemancipation.org\/wp-content\/uploads\/2026\/06\/image-22.png?resize=1024%2C684&#038;ssl=1\" alt=\"\" class=\"wp-image-154096\" style=\"aspect-ratio:1.4981697766833488;width:276px;height:auto\" srcset=\"https:\/\/i0.wp.com\/www.rdpemancipation.org\/wp-content\/uploads\/2026\/06\/image-22.png?resize=1024%2C684&amp;ssl=1 1024w, https:\/\/i0.wp.com\/www.rdpemancipation.org\/wp-content\/uploads\/2026\/06\/image-22.png?resize=300%2C200&amp;ssl=1 300w, https:\/\/i0.wp.com\/www.rdpemancipation.org\/wp-content\/uploads\/2026\/06\/image-22.png?resize=768%2C513&amp;ssl=1 768w, https:\/\/i0.wp.com\/www.rdpemancipation.org\/wp-content\/uploads\/2026\/06\/image-22.png?resize=1536%2C1025&amp;ssl=1 1536w, https:\/\/i0.wp.com\/www.rdpemancipation.org\/wp-content\/uploads\/2026\/06\/image-22.png?w=2048&amp;ssl=1 2048w\" sizes=\"auto, (max-width: 1024px) 100vw, 1024px\" \/><figcaption class=\"wp-element-caption\"><sup>Arriv\u00e9e de r\u00e9fugi\u00e9s syriens et iraqiens \u00e0 Skala Sykamias, Lesbos (30 octobre 2015) \u00a9 CC BY-SA 4.0\/Ggia\/WikiCommons<\/sup><\/figcaption><\/figure>\n<\/div><\/div>\n<\/div>\n\n\n\n<p class=\"has-text-color has-link-color wp-elements-3 wp-block-paragraph\" style=\"color:#a20000\"><strong>27 juin<\/strong><\/p>\n\n\n\n<p class=\"wp-block-paragraph\"><a href=\"https:\/\/www.terrestres.org\/2026\/06\/24\/quand-les-injustices-environnementales-alimentent-la-droite-radicale\/\">Les injustices environnementales alimentent la droite radicale<\/a> (Terrestres).<\/p>\n\n\n\n<p class=\"wp-block-paragraph\"><a href=\"https:\/\/www.blast-info.fr\/articles\/2026\/judith-therpauve-ou-le-crepuscule-de-linformation-8bQV2NE5TD-MXkxJAy44Iw\">Judith Therpauve ou le cr\u00e9puscule de l\u2019information<\/a> (Blast).<\/p>\n\n\n\n<p class=\"wp-block-paragraph\"><a href=\"https:\/\/www.fabula.org\/actualites\/135221\/aragon-27-06.html\">Ivre de Laure et fou d&rsquo;Elsa<\/a> (Fabula).<\/p>\n\n\n\n<p class=\"wp-block-paragraph\"><a href=\"https:\/\/www.telerama.fr\/cinema\/fete-du-cinema-2026-les-quinze-meilleurs-films-a-voir-pour-5-euros-la-seance-7031769.php\">F\u00eate du cin\u00e9ma : les meilleurs films \u00e0 voir<\/a> (T\u00e9l\u00e9rama).<\/p>\n\n\n\n<p class=\"wp-block-paragraph\"><a href=\"https:\/\/www.en-attendant-nadeau.fr\/2026\/06\/23\/anatomie-dun-haut-lieu-du-terrorisme-detat-en-argentine\/\">Un haut lieu du terrorisme d\u2019\u00c9tat<\/a> (En attendant Nadeau).<\/p>\n\n\n\n<div class=\"wp-block-columns is-layout-flex wp-container-core-columns-is-layout-8f761849 wp-block-columns-is-layout-flex\">\n<div class=\"wp-block-column is-layout-flow wp-block-column-is-layout-flow\" style=\"flex-basis:100%\"><div class=\"wp-block-image\">\n<figure class=\"alignleft size-large is-resized\"><img data-recalc-dims=\"1\" loading=\"lazy\" decoding=\"async\" width=\"1024\" height=\"761\" src=\"https:\/\/i0.wp.com\/www.rdpemancipation.org\/wp-content\/uploads\/2026\/06\/image-21.png?resize=1024%2C761&#038;ssl=1\" alt=\"\" class=\"wp-image-154058\" style=\"aspect-ratio:1.3464922598679108;width:280px;height:auto\" srcset=\"https:\/\/i0.wp.com\/www.rdpemancipation.org\/wp-content\/uploads\/2026\/06\/image-21.png?resize=1024%2C761&amp;ssl=1 1024w, https:\/\/i0.wp.com\/www.rdpemancipation.org\/wp-content\/uploads\/2026\/06\/image-21.png?resize=300%2C223&amp;ssl=1 300w, https:\/\/i0.wp.com\/www.rdpemancipation.org\/wp-content\/uploads\/2026\/06\/image-21.png?resize=768%2C570&amp;ssl=1 768w, https:\/\/i0.wp.com\/www.rdpemancipation.org\/wp-content\/uploads\/2026\/06\/image-21.png?resize=1536%2C1141&amp;ssl=1 1536w, https:\/\/i0.wp.com\/www.rdpemancipation.org\/wp-content\/uploads\/2026\/06\/image-21.png?w=2048&amp;ssl=1 2048w\" sizes=\"auto, (max-width: 1024px) 100vw, 1024px\" \/><figcaption class=\"wp-element-caption\"><sup>\u00c9v\u00e9nement organis\u00e9 \u00e0 l\u2019Espace pour la m\u00e9moire et les droits de l\u2019homme (anciennement ESMA). \u00c9v\u00e9nement \u00ab Presentes \u00bb, installation compos\u00e9e d\u2019images de personnes disparues sur les murs des b\u00e2timents du site (2013) \u00a9 CC BY-SA 3.0\/Espacio Memoria y Derechos Humanos\/WikiCommons<\/sup><\/figcaption><\/figure>\n<\/div><\/div>\n<\/div>\n\n\n\n<p class=\"has-text-color has-link-color wp-elements-4 wp-block-paragraph\" style=\"color:#ab0000\"><strong>22 juin<\/strong><\/p>\n\n\n\n<p class=\"wp-block-paragraph\"><a href=\"https:\/\/www.nonfiction.fr\/article-12354-carlo-ginzburg-testamentaire.htm\">Carlo Ginzburg testamentaire<\/a> (Nonfiction).<\/p>\n\n\n\n<p class=\"wp-block-paragraph\"><a href=\"https:\/\/www.terrestres.org\/2026\/06\/18\/faux-manifeste-pour-une-vraie-ecologie-politique\/\">Faux manifeste pour une vraie \u00e9cologie politique<\/a> (Terrestres).<\/p>\n\n\n\n<p class=\"wp-block-paragraph\"><a href=\"https:\/\/www.fabula.org\/actualites\/135073\/le-temps-social.html\">Le temps social<\/a> (Fabula).<\/p>\n\n\n\n<p class=\"wp-block-paragraph\"><a href=\"https:\/\/www.en-attendant-nadeau.fr\/2026\/06\/22\/des-revolutions-de-droite\/\">Des r\u00e9volutions de droite ?<\/a> (En attendant Nadeau).<\/p>\n\n\n\n<div class=\"wp-block-columns is-layout-flex wp-container-core-columns-is-layout-8f761849 wp-block-columns-is-layout-flex\">\n<div class=\"wp-block-column is-layout-flow wp-block-column-is-layout-flow\" style=\"flex-basis:100%\"><div class=\"wp-block-image\">\n<figure class=\"alignleft size-large is-resized\"><img data-recalc-dims=\"1\" loading=\"lazy\" decoding=\"async\" width=\"1024\" height=\"771\" src=\"https:\/\/i0.wp.com\/www.rdpemancipation.org\/wp-content\/uploads\/2026\/06\/image-20.png?resize=1024%2C771&#038;ssl=1\" alt=\"\" class=\"wp-image-153918\" style=\"aspect-ratio:1.3287030291703448;width:282px;height:auto\" srcset=\"https:\/\/i0.wp.com\/www.rdpemancipation.org\/wp-content\/uploads\/2026\/06\/image-20.png?resize=1024%2C771&amp;ssl=1 1024w, https:\/\/i0.wp.com\/www.rdpemancipation.org\/wp-content\/uploads\/2026\/06\/image-20.png?resize=300%2C226&amp;ssl=1 300w, https:\/\/i0.wp.com\/www.rdpemancipation.org\/wp-content\/uploads\/2026\/06\/image-20.png?resize=768%2C578&amp;ssl=1 768w, https:\/\/i0.wp.com\/www.rdpemancipation.org\/wp-content\/uploads\/2026\/06\/image-20.png?resize=1536%2C1156&amp;ssl=1 1536w, https:\/\/i0.wp.com\/www.rdpemancipation.org\/wp-content\/uploads\/2026\/06\/image-20.png?w=1920&amp;ssl=1 1920w\" sizes=\"auto, (max-width: 1024px) 100vw, 1024px\" \/><figcaption class=\"wp-element-caption\"><sup>Manifestation franquiste en 1937 \u00e0 Salamanque \u00a9 CC0\/WikiCommons<\/sup><\/figcaption><\/figure>\n<\/div><\/div>\n<\/div>\n\n\n\n<p class=\"has-text-color has-link-color wp-elements-5 wp-block-paragraph\" style=\"color:#b80000\"><strong>20 juin<\/strong><\/p>\n\n\n\n<p class=\"wp-block-paragraph\"><a href=\"https:\/\/link.newsletter.franceculture.fr\/m\/ml\/7429\/1032484\/wmSgenWJrOLSOk_wR7Kb4vL-TOxyr85ohyObMFo2tHA=\/DyY3vJ1ciIL328eum9FPKSewGw9PQc5g-7Y1ejQPn5U=\/\" target=\"_blank\" rel=\"noreferrer noopener\">Bloch et Ginzburg&nbsp;: hommages crois\u00e9s<\/a> (France Culture).<\/p>\n\n\n\n<p class=\"wp-block-paragraph\"><a href=\"https:\/\/www.fabula.org\/actualites\/134998\/graines-et-semences-20-06.html\">Graines et semences<\/a> (Fabula)<\/p>\n\n\n\n<p class=\"wp-block-paragraph\"><a href=\"https:\/\/www.nonfiction.fr\/article-12757-les-formes-passees-et-presentes-de-la-propagande-nazie.htm\">Les formes pass\u00e9es et pr\u00e9sentes de la propagande nazie<\/a>  (Nonfiction).<\/p>\n\n\n\n<p class=\"wp-block-paragraph\"><a href=\"https:\/\/www.contretemps.eu\/quel-retour-pour-lanarchisme\/\">Quel retour pour&nbsp;l\u2019anarchisme&nbsp;?<\/a> (Contretemps).<\/p>\n\n\n\n<p class=\"wp-block-paragraph\"><a href=\"https:\/\/www.en-attendant-nadeau.fr\/2026\/06\/20\/fanon-traduction-reprise-et-reappropriation\/\">Fanon&nbsp;: traduction, reprise et r\u00e9appropriation<\/a> (En attendant Nadeau).<\/p>\n\n\n\n<div class=\"wp-block-columns is-layout-flex wp-container-core-columns-is-layout-8f761849 wp-block-columns-is-layout-flex\">\n<div class=\"wp-block-column is-layout-flow wp-block-column-is-layout-flow\" style=\"flex-basis:100%\"><div class=\"wp-block-image\">\n<figure class=\"alignleft size-large is-resized\"><img data-recalc-dims=\"1\" loading=\"lazy\" decoding=\"async\" width=\"1024\" height=\"682\" src=\"https:\/\/i0.wp.com\/www.rdpemancipation.org\/wp-content\/uploads\/2026\/06\/image-19.png?resize=1024%2C682&#038;ssl=1\" alt=\"\" class=\"wp-image-153876\" style=\"aspect-ratio:1.5014503270030748;width:287px;height:auto\" srcset=\"https:\/\/i0.wp.com\/www.rdpemancipation.org\/wp-content\/uploads\/2026\/06\/image-19.png?resize=1024%2C682&amp;ssl=1 1024w, https:\/\/i0.wp.com\/www.rdpemancipation.org\/wp-content\/uploads\/2026\/06\/image-19.png?resize=300%2C200&amp;ssl=1 300w, https:\/\/i0.wp.com\/www.rdpemancipation.org\/wp-content\/uploads\/2026\/06\/image-19.png?resize=768%2C512&amp;ssl=1 768w, https:\/\/i0.wp.com\/www.rdpemancipation.org\/wp-content\/uploads\/2026\/06\/image-19.png?resize=1536%2C1023&amp;ssl=1 1536w, https:\/\/i0.wp.com\/www.rdpemancipation.org\/wp-content\/uploads\/2026\/06\/image-19.png?w=2048&amp;ssl=1 2048w\" sizes=\"auto, (max-width: 1024px) 100vw, 1024px\" \/><figcaption class=\"wp-element-caption\"><sup>\u00ab Sagesse Indig\u00e8ne et Noire \u00bb. \u00c9ditions Ebilotoh &amp; Dubzaine \u00a9 CC-BY-2.0\/Flickr<\/sup><\/figcaption><\/figure>\n<\/div><\/div>\n<\/div>\n\n\n\n<p class=\"has-text-color has-link-color wp-elements-6 wp-block-paragraph\" style=\"color:#b00000\"><strong>19 juin<\/strong><\/p>\n\n\n\n<p class=\"wp-block-paragraph\"><a href=\"https:\/\/www.nonfiction.fr\/article-12767-david-graeber-lanthropologie-un-exercice-dimagination-politique.htm\">David Graeber : l\u2019anthropologie imagination politique<\/a> (Nonfiction).<\/p>\n\n\n\n<p class=\"wp-block-paragraph\"><a href=\"https:\/\/www.fabula.org\/actualites\/135007\/l-immateriel.html\">L&rsquo;immat\u00e9riel<\/a> (Fabula)<\/p>\n\n\n\n<p class=\"wp-block-paragraph\"><a href=\"https:\/\/www.contretemps.eu\/en-defense-de-victor-serge-contre-les-proces-dintention-de-mitchell-abidor\/\">En d\u00e9fense de Victor Serge<\/a> (Contretemps).<\/p>\n\n\n\n<p class=\"wp-block-paragraph\"><a href=\"https:\/\/www.en-attendant-nadeau.fr\/2026\/06\/18\/sciences-et-anthropocene\/\">Sciences et Anthropoc\u00e8ne<\/a> (En attendant Nadeau).<\/p>\n\n\n\n<p class=\"wp-block-paragraph\"><a href=\"https:\/\/link.newsletter.franceculture.fr\/m\/ml\/7429\/1032101\/BH4-7t_VMdc_Qkc0L3YPxRWvGrQA27BFRcvjWgiJeEk=\/tALPX69DmmTBZ3cToi7-B6ZGkqkafOL2OylXSW6LZwk=\/\" target=\"_blank\" rel=\"noreferrer noopener\">Balzac est-il de droite ou de gauche&nbsp;?<\/a> (France Culture).<\/p>\n\n\n\n<div class=\"wp-block-columns is-layout-flex wp-container-core-columns-is-layout-8f761849 wp-block-columns-is-layout-flex\">\n<div class=\"wp-block-column is-layout-flow wp-block-column-is-layout-flow\" style=\"flex-basis:100%\"><div class=\"wp-block-image\">\n<figure class=\"alignleft size-full is-resized\"><img data-recalc-dims=\"1\" loading=\"lazy\" decoding=\"async\" width=\"715\" height=\"1024\" src=\"https:\/\/i0.wp.com\/www.rdpemancipation.org\/wp-content\/uploads\/2026\/06\/image-18.png?resize=715%2C1024&#038;ssl=1\" alt=\"\" class=\"wp-image-153835\" style=\"aspect-ratio:0.6982402214312549;width:283px;height:auto\" srcset=\"https:\/\/i0.wp.com\/www.rdpemancipation.org\/wp-content\/uploads\/2026\/06\/image-18.png?w=715&amp;ssl=1 715w, https:\/\/i0.wp.com\/www.rdpemancipation.org\/wp-content\/uploads\/2026\/06\/image-18.png?resize=209%2C300&amp;ssl=1 209w\" sizes=\"auto, (max-width: 715px) 100vw, 715px\" \/><figcaption class=\"wp-element-caption\"><sup>Honor\u00e9 de Balzac en 1842, daguerr\u00e9otype de Louis-Auguste Bisson \u00a9Getty &#8211; \u00a9 Apic<\/sup><\/figcaption><\/figure>\n<\/div><\/div>\n<\/div>\n\n\n\n<p class=\"has-text-color has-link-color wp-elements-7 wp-block-paragraph\" style=\"color:#a50000\"><strong>17 juin<\/strong><\/p>\n\n\n\n<p class=\"wp-block-paragraph\"><a href=\"https:\/\/www.telerama.fr\/cinema\/que-voir-au-cinema-cette-semaine-notre-selection-critique-du-mercredi-17-juin-7031650.php\">Que voir au cin\u00e9ma cette semaine<\/a> (T\u00e9l\u00e9rama).<\/p>\n\n\n\n<p class=\"wp-block-paragraph\"><a href=\"https:\/\/www.en-attendant-nadeau.fr\/2026\/06\/16\/carrefour-de-derrida-la-chose\/\">Carrefour de Derrida<\/a> (En attendant Nadeau).<\/p>\n\n\n\n<p class=\"wp-block-paragraph\"><a href=\"https:\/\/www.terrestres.org\/2026\/06\/16\/aux-origines-antidemocratiques-du-neoliberalisme\/\">Aux origines antid\u00e9mocratiques du n\u00e9olib\u00e9ralisme<\/a> (Terrestres).<\/p>\n\n\n\n<p class=\"wp-block-paragraph\"><a href=\"https:\/\/bbcaigbb.r.tsp1-brevo.net\/tr\/cl\/XZJU55G-A6V69LDurnBolkT6V68xcpXdCv9verj4W9qFcWVdRq1A5RAgpiTRJXXSPDyHfl8_XNcN91ezIceuB-WfR5OzUlUz76KuF8kC5TgWdgHoFdCAz8WvIczZNasbsfgyrYoSVl2K6dKrf_ADYgdqXix5i-tZUbCSTbHvagwz72GP4ABH-obL07ymbn7IRhadoUHDh9rOV0eWA5F_okGSqnvYWDxatGuSEw3XQND-xLUTUpPX-daeuDIB8KPy9EOwqILuDllkje-zNAIbpA4WRpEGAMBRFc1DXxrXg0USYmhJFiFcw1pkdK0\" target=\"_blank\" rel=\"noreferrer noopener\">Le capitalisme n\u2019est pas un destin<\/a> (La Vie des id\u00e9es).<\/p>\n\n\n\n<div class=\"wp-block-columns is-layout-flex wp-container-core-columns-is-layout-8f761849 wp-block-columns-is-layout-flex\">\n<div class=\"wp-block-column is-layout-flow wp-block-column-is-layout-flow\" style=\"flex-basis:100%\"><div class=\"wp-block-image\">\n<figure class=\"alignleft size-full is-resized\"><img data-recalc-dims=\"1\" loading=\"lazy\" decoding=\"async\" width=\"314\" height=\"460\" src=\"https:\/\/i0.wp.com\/www.rdpemancipation.org\/wp-content\/uploads\/2026\/06\/image-17.png?resize=314%2C460&#038;ssl=1\" alt=\"\" class=\"wp-image-153764\" style=\"width:289px;height:auto\" srcset=\"https:\/\/i0.wp.com\/www.rdpemancipation.org\/wp-content\/uploads\/2026\/06\/image-17.png?w=314&amp;ssl=1 314w, https:\/\/i0.wp.com\/www.rdpemancipation.org\/wp-content\/uploads\/2026\/06\/image-17.png?resize=205%2C300&amp;ssl=1 205w\" sizes=\"auto, (max-width: 314px) 100vw, 314px\" \/><figcaption class=\"wp-element-caption\"><sup>Micka\u00ebl L\u00f6wy et Paul Guillibert, <em>Marx Narodnik. Les populistes russes, le communisme et l\u2019avenir de la r\u00e9volution<\/em><\/sup><\/figcaption><\/figure>\n<\/div><\/div>\n<\/div>\n\n\n\n<p class=\"has-text-color has-link-color wp-elements-8 wp-block-paragraph\" style=\"color:#a90000\"><strong>16 juin<\/strong><\/p>\n\n\n\n<p class=\"wp-block-paragraph\"><a href=\"https:\/\/link.newsletter.franceculture.fr\/m\/ml\/7429\/1031494\/U0GJUTGRBzqJ40kMhMSsP6bpE1pZpgLTpaBEV0_bssk=\/ciyhF3RdofCfTgTKACjpobzw4ZUa3CrxGfkDlCi6L0A=\/\" target=\"_blank\" rel=\"noreferrer noopener\">Qu&rsquo;est-ce que la \u00ab\u00a0philosophie arabe classique\u00a0\u00bb ?<\/a> (France Culture).<\/p>\n\n\n\n<p class=\"has-base-3-color has-text-color has-link-color wp-elements-9 wp-block-paragraph\">.<\/p>\n\n\n\n<p class=\"has-text-color has-link-color wp-elements-10 wp-block-paragraph\" style=\"color:#b10000\"><strong>15 juin<\/strong><\/p>\n\n\n\n<p class=\"wp-block-paragraph\"><a href=\"https:\/\/www.en-attendant-nadeau.fr\/2021\/12\/04\/bidonville-francais-charef\/\">Un bidonville fran\u00e7ais<\/a> (En attendant Nadeau).<\/p>\n\n\n\n<p class=\"wp-block-paragraph\"><a href=\"https:\/\/www.fabula.org\/actualites\/134822\/comment-un-pays-devient-fasciste.html\">Comment un pays devient fasciste<\/a> (Fabula).<\/p>\n\n\n\n<p class=\"wp-block-paragraph\"> <a href=\"https:\/\/www.telerama.fr\/debats-reportages\/le-physicien-etienne-klein-reconnu-coupable-de-plagiat-perd-son-doctorat-7031580.php\">\u00c9tienne Klein, coupable de plagiat, perd son doctorat<\/a> (T\u00e9l\u00e9rama).<\/p>\n\n\n\n<p class=\"wp-block-paragraph\"><a href=\"https:\/\/link.newsletter.franceculture.fr\/m\/ml\/7429\/1030147\/xRET8k8SfEcFAuYk1nV-nxQ0L55tcbtJPCOqF_-NDNU=\/dr11aLXPevfDm3uYPE5x1872IoUUX80C2kNKccAcwn8=\/\">George Sand, une \u00e9crivaine socialiste&nbsp;?<\/a> (France Culture).<\/p>\n\n\n\n<div class=\"wp-block-columns is-layout-flex wp-container-core-columns-is-layout-8f761849 wp-block-columns-is-layout-flex\">\n<div class=\"wp-block-column is-layout-flow wp-block-column-is-layout-flow\" style=\"flex-basis:100%\"><div class=\"wp-block-image\">\n<figure class=\"alignleft size-large is-resized\"><img data-recalc-dims=\"1\" loading=\"lazy\" decoding=\"async\" width=\"773\" height=\"1024\" src=\"https:\/\/i0.wp.com\/www.rdpemancipation.org\/wp-content\/uploads\/2026\/06\/image-16.png?resize=773%2C1024&#038;ssl=1\" alt=\"\" class=\"wp-image-153678\" style=\"aspect-ratio:0.7547170169727844;width:279px;height:auto\" srcset=\"https:\/\/i0.wp.com\/www.rdpemancipation.org\/wp-content\/uploads\/2026\/06\/image-16.png?resize=773%2C1024&amp;ssl=1 773w, https:\/\/i0.wp.com\/www.rdpemancipation.org\/wp-content\/uploads\/2026\/06\/image-16.png?resize=226%2C300&amp;ssl=1 226w, https:\/\/i0.wp.com\/www.rdpemancipation.org\/wp-content\/uploads\/2026\/06\/image-16.png?resize=768%2C1018&amp;ssl=1 768w, https:\/\/i0.wp.com\/www.rdpemancipation.org\/wp-content\/uploads\/2026\/06\/image-16.png?resize=1159%2C1536&amp;ssl=1 1159w, https:\/\/i0.wp.com\/www.rdpemancipation.org\/wp-content\/uploads\/2026\/06\/image-16.png?w=1280&amp;ssl=1 1280w\" sizes=\"auto, (max-width: 773px) 100vw, 773px\" \/><figcaption class=\"wp-element-caption\"><sup>Georges Sand, photographi\u00e9e vers 1845. \u00a9Getty &#8211; Henry Guttmann Collection\/Hulton Archive\/Getty Images<\/sup><\/figcaption><\/figure>\n<\/div><\/div>\n<\/div>\n\n\n\n<p class=\"has-text-color has-link-color wp-elements-11 wp-block-paragraph\" style=\"color:#ab0000\"><strong>13 juin<\/strong><\/p>\n\n\n\n<p class=\"wp-block-paragraph\"><a href=\"https:\/\/www.en-attendant-nadeau.fr\/2026\/06\/13\/superviser-et-verrouiller\/\">Superviser et verrouiller<\/a> (En attendant Nadeau).<\/p>\n\n\n\n<p class=\"wp-block-paragraph\"><a href=\"https:\/\/www.nonfiction.fr\/article-12756-reinventer-le-theatre-politique-avec-brecht.htm\">R\u00e9inventer le th\u00e9\u00e2tre politique avec Brecht<\/a> (Nonfiction).<\/p>\n\n\n\n<p class=\"wp-block-paragraph\"><a href=\"https:\/\/www.contretemps.eu\/marxisme-ecologique-question-etat\/\">Le marxisme \u00e9cologique et la question de l\u2019\u00c9tat<\/a> (Contretemps).<\/p>\n\n\n\n<p class=\"wp-block-paragraph\"><a href=\"https:\/\/link.newsletter.franceculture.fr\/m\/ml\/7429\/1030943\/cr6q3wCDyMFw0vL6zUCe-dp3cYVUSwdGO9eQGFKzkio=\/6ZwhCkVD3RFpHRLKYP5WbYBHCxeXbE7RXUChGzfCJPs=\/\" target=\"_blank\" rel=\"noreferrer noopener\">Hommage \u00e0 Marjane Satrapi<\/a> (France Culture).<\/p>\n\n\n\n<div class=\"wp-block-columns is-layout-flex wp-container-core-columns-is-layout-8f761849 wp-block-columns-is-layout-flex\">\n<div class=\"wp-block-column is-layout-flow wp-block-column-is-layout-flow\" style=\"flex-basis:100%\"><div class=\"wp-block-image\">\n<figure class=\"alignleft size-large is-resized\"><img data-recalc-dims=\"1\" loading=\"lazy\" decoding=\"async\" width=\"1024\" height=\"682\" src=\"https:\/\/i0.wp.com\/www.rdpemancipation.org\/wp-content\/uploads\/2026\/06\/image-15.png?resize=1024%2C682&#038;ssl=1\" alt=\"\" class=\"wp-image-153625\" style=\"aspect-ratio:1.500596786635976;width:290px;height:auto\" srcset=\"https:\/\/i0.wp.com\/www.rdpemancipation.org\/wp-content\/uploads\/2026\/06\/image-15.png?resize=1024%2C682&amp;ssl=1 1024w, https:\/\/i0.wp.com\/www.rdpemancipation.org\/wp-content\/uploads\/2026\/06\/image-15.png?resize=300%2C200&amp;ssl=1 300w, https:\/\/i0.wp.com\/www.rdpemancipation.org\/wp-content\/uploads\/2026\/06\/image-15.png?resize=768%2C512&amp;ssl=1 768w, https:\/\/i0.wp.com\/www.rdpemancipation.org\/wp-content\/uploads\/2026\/06\/image-15.png?w=1280&amp;ssl=1 1280w\" sizes=\"auto, (max-width: 1024px) 100vw, 1024px\" \/><figcaption class=\"wp-element-caption\"><sup>L&rsquo;artiste b\u00e9d\u00e9iste Marjane Satrapi \u00a9AFP &#8211; \u00a9 JOEL SAGET \/ AFP<\/sup><\/figcaption><\/figure>\n<\/div><\/div>\n<\/div>\n\n\n\n<p class=\"has-text-color has-link-color wp-elements-12 wp-block-paragraph\" style=\"color:#b00000\"><strong>12 juin<\/strong><\/p>\n\n\n\n<p class=\"wp-block-paragraph\"><a href=\"https:\/\/link.newsletter.franceculture.fr\/m\/ml\/7429\/1030560\/KxnVnSpgydqu5gr0T0i0Qmpqw1Z1d0k0uKuW7Ogj1gk=\/5WtlI3nw5Zw-yu6mnUofSQdXa9KvKJdtTMTXv+921VY=\/\" target=\"_blank\" rel=\"noreferrer noopener\">Mort de l&rsquo;altermondialiste Jean Ziegler<\/a> (France Culture).<\/p>\n\n\n\n<p class=\"wp-block-paragraph\"><a href=\"https:\/\/www.nonfiction.fr\/article-12754-limmateriel-connaissance-valeur-et-capital.htm\">L&rsquo;immat\u00e9riel. Connaissance, valeur et capital<\/a> (Nonfiction).<\/p>\n\n\n\n<p class=\"wp-block-paragraph\"><a href=\"https:\/\/www.politika.io\/index.php\/fr\/article\/etranges-defaites-lhistoire\">Les \u00ab&nbsp;\u00e9tranges d\u00e9faites&nbsp;\u00bb dans l\u2019histoire<\/a> (Politika).<\/p>\n\n\n\n<p class=\"wp-block-paragraph\"><a href=\"https:\/\/lundi.am\/En-Italie-une-jeunesse-contre-le-post-neo-fascisme\">En Italie, une jeunesse contre le \u00ab&nbsp;post-n\u00e9o-fascisme&nbsp;\u00bb<\/a> (Lundimatin).<\/p>\n\n\n\n<div class=\"wp-block-columns is-layout-flex wp-container-core-columns-is-layout-8f761849 wp-block-columns-is-layout-flex\">\n<div class=\"wp-block-column is-layout-flow wp-block-column-is-layout-flow\" style=\"flex-basis:100%\"><div class=\"wp-block-image\">\n<figure class=\"alignleft size-large is-resized\"><img data-recalc-dims=\"1\" loading=\"lazy\" decoding=\"async\" width=\"1024\" height=\"682\" src=\"https:\/\/i0.wp.com\/www.rdpemancipation.org\/wp-content\/uploads\/2026\/06\/image-14.png?resize=1024%2C682&#038;ssl=1\" alt=\"\" class=\"wp-image-153601\" style=\"aspect-ratio:1.5014503270030748;width:285px;height:auto\" srcset=\"https:\/\/i0.wp.com\/www.rdpemancipation.org\/wp-content\/uploads\/2026\/06\/image-14.png?resize=1024%2C682&amp;ssl=1 1024w, https:\/\/i0.wp.com\/www.rdpemancipation.org\/wp-content\/uploads\/2026\/06\/image-14.png?resize=300%2C200&amp;ssl=1 300w, https:\/\/i0.wp.com\/www.rdpemancipation.org\/wp-content\/uploads\/2026\/06\/image-14.png?resize=768%2C512&amp;ssl=1 768w, https:\/\/i0.wp.com\/www.rdpemancipation.org\/wp-content\/uploads\/2026\/06\/image-14.png?w=1280&amp;ssl=1 1280w\" sizes=\"auto, (max-width: 1024px) 100vw, 1024px\" \/><figcaption class=\"wp-element-caption\"><sup>Marco Rovelli, chanteur, po\u00e8te et philosophe<\/sup><\/figcaption><\/figure>\n<\/div><\/div>\n<\/div>\n\n\n\n<p class=\"has-text-color has-link-color wp-elements-13 wp-block-paragraph\" style=\"color:#aa0000\"><strong>11 juin<\/strong><\/p>\n\n\n\n<p class=\"wp-block-paragraph\"><a href=\"https:\/\/www.en-attendant-nadeau.fr\/2026\/06\/11\/regles-de-jeu\/\">R\u00e8gles de jeu<\/a> (En attendant Nadeau).<\/p>\n\n\n\n<p class=\"wp-block-paragraph\"><a href=\"https:\/\/bbcaigbb.r.tsp1-brevo.net\/tr\/cl\/lSstZ55rjc7RUyrbbgWUwF8pvYTMPnkFdl7EBICYDFFOfU3Uzsq38nBh8J-p8iN5PhWXeKeWml6ivipLtbqvl3IZbDBI6dHyKvGBSUqJjauL4Ek1E1oxMucAC2R_jn5-9t6anPW0li3s_teCLEnVitza_xfmZZSO1elU-9pDXSL7Ve_EpWOzUAndv38vDLztLHFqgfhauM_zXLhK1ihALLnUj3QfCZNn12_CJnpF5HWqpcmvYX_zT7-ItdnqzX3pH71N6-MEnntvarRDEJoodGWit9QlJi7lQ41Gyh1TgfKaEavDxC-TAuC3LUqNNt7qYY8HnP1AF-RBlEqoVF8WiEfmnZ68A1HMYGcRDLg\" target=\"_blank\" rel=\"noreferrer noopener\">Pompidou, mod\u00e8le de la politique culturelle fran\u00e7aise<small>&nbsp;<\/small>?<\/a> (La Vie des id\u00e9es).<\/p>\n\n\n\n<p class=\"wp-block-paragraph\"><a href=\"https:\/\/www.blast-info.fr\/articles\/2026\/spotify-la-musique-sans-morale-dW31t3P7QZeCUyZTar0gjg\">Spotify\u202f: la musique sans morale<\/a> (Blast).<\/p>\n\n\n\n<p class=\"wp-block-paragraph\"><a href=\"https:\/\/www.mediapart.fr\/journal\/culture-et-idees\/090626\/l-arc-reactionnaire-vise-les-fetes-dissidentes-et-populaires\">\u00ab&nbsp;L\u2019arc r\u00e9actionnaire vise les f\u00eates dissidentes et populaires&nbsp;\u00bb<\/a> (Mediapart).<\/p>\n\n\n\n<p class=\"wp-block-paragraph\"><a href=\"https:\/\/link.newsletter.franceculture.fr\/m\/ml\/7429\/1030367\/mygH-17TUidsPtm-eASE1tp3cYVUSwdGO9eQGFKzkio=\/rw2bkFh9ywQUXfalMpzLMh7G5WXz+0cN\/\" target=\"_blank\" rel=\"noreferrer noopener\">Quand Roland Barthes \u00e9tudiait les signes<\/a> (France Culture).<\/p>\n\n\n\n<div class=\"wp-block-columns is-layout-flex wp-container-core-columns-is-layout-8f761849 wp-block-columns-is-layout-flex\">\n<div class=\"wp-block-column is-layout-flow wp-block-column-is-layout-flow\" style=\"flex-basis:100%\"><div class=\"wp-block-image\">\n<figure class=\"alignleft size-full is-resized\"><img data-recalc-dims=\"1\" loading=\"lazy\" decoding=\"async\" width=\"673\" height=\"1024\" src=\"https:\/\/i0.wp.com\/www.rdpemancipation.org\/wp-content\/uploads\/2026\/06\/image-13.png?resize=673%2C1024&#038;ssl=1\" alt=\"\" class=\"wp-image-153570\" style=\"aspect-ratio:0.6572148836065926;width:287px;height:auto\" srcset=\"https:\/\/i0.wp.com\/www.rdpemancipation.org\/wp-content\/uploads\/2026\/06\/image-13.png?w=673&amp;ssl=1 673w, https:\/\/i0.wp.com\/www.rdpemancipation.org\/wp-content\/uploads\/2026\/06\/image-13.png?resize=197%2C300&amp;ssl=1 197w\" sizes=\"auto, (max-width: 673px) 100vw, 673px\" \/><figcaption class=\"wp-element-caption\"><sup>Roland Barthes, \u00e0 Paris en 1973. \u00a9Getty &#8211; Louis MONIER\/Gamma-Rapho<\/sup><\/figcaption><\/figure>\n<\/div><\/div>\n<\/div>\n\n\n\n<p class=\"has-text-color has-link-color wp-elements-14 wp-block-paragraph\" style=\"color:#ab0000\"><strong>10 juin<\/strong><\/p>\n\n\n\n<p class=\"wp-block-paragraph\"><a href=\"https:\/\/www.telerama.fr\/cinema\/que-voir-au-cinema-cette-semaine-notre-selection-critique-du-mercredi-10-juin-7031541.php\">Que voir au cin\u00e9ma cette semaine<\/a> (T\u00e9l\u00e9rama).<\/p>\n\n\n\n<p class=\"wp-block-paragraph\"><a href=\"https:\/\/www.humanite.fr\/culture-et-savoir\/theatre\/theatre-de-vanves-face-au-tolle-et-a-la-mobilisation-la-saison-2026-2027-ne-sera-pas-annulee\">Vanves : face \u00e0 la mobilisation, la saison pas annul\u00e9e<\/a> (L&rsquo;Humanit\u00e9).<\/p>\n\n\n\n<p class=\"wp-block-paragraph\"><a href=\"https:\/\/www.lemonde.fr\/culture\/article\/2026\/06\/09\/aux-origines-regards-croises-sur-le-racisme-au-musee-national-de-l-histoire-de-l-immigration-50-nuances-de-discrimination_6700160_3246.html\">Le racisme&nbsp;\u00bb au Mus\u00e9e national de l\u2019histoire de l\u2019immigration<\/a> (Le Monde).<\/p>\n\n\n\n<p class=\"wp-block-paragraph\"><a href=\"https:\/\/www.en-attendant-nadeau.fr\/2026\/06\/09\/le-droit-change-de-camp\/\">Le droit change de camp<\/a> (En attendant Nadeau).<\/p>\n\n\n\n<div class=\"wp-block-columns is-layout-flex wp-container-core-columns-is-layout-8f761849 wp-block-columns-is-layout-flex\">\n<div class=\"wp-block-column is-layout-flow wp-block-column-is-layout-flow\" style=\"flex-basis:100%\"><div class=\"wp-block-image\">\n<figure class=\"alignleft size-full is-resized\"><img data-recalc-dims=\"1\" loading=\"lazy\" decoding=\"async\" width=\"600\" height=\"349\" src=\"https:\/\/i0.wp.com\/www.rdpemancipation.org\/wp-content\/uploads\/2026\/06\/image-12.png?resize=600%2C349&#038;ssl=1\" alt=\"\" class=\"wp-image-153524\" style=\"aspect-ratio:1.7191489361702128;width:279px;height:auto\" srcset=\"https:\/\/i0.wp.com\/www.rdpemancipation.org\/wp-content\/uploads\/2026\/06\/image-12.png?w=600&amp;ssl=1 600w, https:\/\/i0.wp.com\/www.rdpemancipation.org\/wp-content\/uploads\/2026\/06\/image-12.png?resize=300%2C175&amp;ssl=1 300w\" sizes=\"auto, (max-width: 600px) 100vw, 600px\" \/><figcaption class=\"wp-element-caption\"><sup>\u00ab Le Tribunal international des crimes contre les femmes. Un \u00e9v\u00e9nement fondateur du f\u00e9minisme \u00bb, \u00e9dit\u00e9 par Mil\u00e8ne Le Goff (D\u00e9tail) \u00a9 Hors d\u2019atteinte<\/sup><\/figcaption><\/figure>\n<\/div><\/div>\n<\/div>\n\n\n\n<p class=\"has-text-color has-link-color wp-elements-15 wp-block-paragraph\" style=\"color:#a90000\"><strong>9 juin<\/strong><\/p>\n\n\n\n<p class=\"wp-block-paragraph\"><a href=\"https:\/\/link.newsletter.franceculture.fr\/m\/ml\/7429\/1029964\/lU50dlBPhsSlfFVI9qGmy6PKNyOE1BCh7WdVWtpsf9g=\/jJykDb8yUQQOBgisHl9KfT5b5AzMRt8Tw0HqlN6CoiI=\/\" target=\"_blank\" rel=\"noreferrer noopener\">George Sand, g\u00e9n\u00e9alogie d&rsquo;une \u00e9crivaine<\/a> (France Culture).<\/p>\n\n\n\n<p class=\"wp-block-paragraph\"><a href=\"https:\/\/www.terrestres.org\/2026\/06\/08\/colonialite-toxique-dans-les-paysages-radioactifs-du-sahara\/\">Colonialit\u00e9&nbsp;: dans les paysages radioactifs du Sahara<\/a> (Terrestres).<\/p>\n\n\n\n<p class=\"wp-block-paragraph\"><a href=\"https:\/\/www.en-attendant-nadeau.fr\/2026\/06\/06\/autoportrait-du-grand-intellectuel-allemand\/\">Autoportrait du grand intellectuel allemand<\/a> (En attendant Nadeau).<\/p>\n\n\n\n<p class=\"wp-block-paragraph\"><a href=\"https:\/\/www.fabula.org\/actualites\/133808\/rimbaud-reloaded-21-05.html\">Rimbaud <em>reloaded<\/em><\/a> (Fabula).<\/p>\n\n\n\n<div class=\"wp-block-columns is-layout-flex wp-container-core-columns-is-layout-8f761849 wp-block-columns-is-layout-flex\">\n<div class=\"wp-block-column is-layout-flow wp-block-column-is-layout-flow\" style=\"flex-basis:100%\"><div class=\"wp-block-image\">\n<figure class=\"alignleft size-full is-resized\"><img data-recalc-dims=\"1\" loading=\"lazy\" decoding=\"async\" width=\"494\" height=\"536\" src=\"https:\/\/i0.wp.com\/www.rdpemancipation.org\/wp-content\/uploads\/2026\/06\/image-11.png?resize=494%2C536&#038;ssl=1\" alt=\"\" class=\"wp-image-153511\" style=\"aspect-ratio:0.9216491426202998;width:280px;height:auto\" srcset=\"https:\/\/i0.wp.com\/www.rdpemancipation.org\/wp-content\/uploads\/2026\/06\/image-11.png?w=494&amp;ssl=1 494w, https:\/\/i0.wp.com\/www.rdpemancipation.org\/wp-content\/uploads\/2026\/06\/image-11.png?resize=276%2C300&amp;ssl=1 276w\" sizes=\"auto, (max-width: 494px) 100vw, 494px\" \/><figcaption class=\"wp-element-caption\"><sup>Paris, Gallimard, coll. \u00ab\u00a0Folio Classiques\u00a0\u00bb, 2026<\/sup><\/figcaption><\/figure>\n<\/div><\/div>\n<\/div>\n\n\n\n<p class=\"has-text-color has-link-color wp-elements-16 wp-block-paragraph\" style=\"color:#ac0000\"><strong>8 juin<\/strong><\/p>\n\n\n\n<p class=\"wp-block-paragraph\"><a href=\"https:\/\/www.en-attendant-nadeau.fr\/2026\/06\/08\/faire-face-a-la-nouvelle-peste-brune\/\">Faire face \u00e0 la nouvelle peste brune<\/a> (En attendant Nadeau).<\/p>\n\n\n\n<p class=\"wp-block-paragraph\"><a href=\"https:\/\/www.nonfiction.fr\/article-12750-edgar-morin-et-le-paradigme-des-organisations-vivantes.htm\">E<\/a>.<a href=\"https:\/\/www.nonfiction.fr\/article-12750-edgar-morin-et-le-paradigme-des-organisations-vivantes.htm\"> Morin et le paradigme des organisations vivantes<\/a> (Nonfiction)<\/p>\n\n\n\n<p class=\"wp-block-paragraph\">\u00ab&nbsp;<a href=\"https:\/\/www.monde-diplomatique.fr\/2026\/06\/TOSCAN_DU_PLANTIER\/69613\">Le N\u00e9olib\u00e9ralisme, Foucault et nous<\/a>&nbsp;\u00bb (Le Monde diplomatique).<\/p>\n\n\n\n<p class=\"wp-block-paragraph\"><a href=\"https:\/\/doublemarge.com\/luz-ou-le-temps-sauvage-delsa-osorio\/\">Luz ou le temps sauvage d\u2019Elsa Osorio<\/a> (Double marge).<\/p>\n\n\n\n<p class=\"wp-block-paragraph\"><a href=\"https:\/\/www.lemonde.fr\/culture\/article\/2026\/06\/07\/pour-ses-cinquante-ans-le-festival-musiques-metisses-s-offre-un-kabare-reunionnais_6698995_3246.html\">Le festival Musiques m\u00e9tisses s\u2019offre un kabar\u00e9 r\u00e9unionnais<\/a> (Le Monde).<\/p>\n\n\n\n<div class=\"wp-block-columns is-layout-flex wp-container-core-columns-is-layout-8f761849 wp-block-columns-is-layout-flex\">\n<div class=\"wp-block-column is-layout-flow wp-block-column-is-layout-flow\" style=\"flex-basis:100%\"><div class=\"wp-block-image\">\n<figure class=\"alignleft size-full is-resized\"><img data-recalc-dims=\"1\" loading=\"lazy\" decoding=\"async\" width=\"960\" height=\"640\" src=\"https:\/\/i0.wp.com\/www.rdpemancipation.org\/wp-content\/uploads\/2026\/06\/image-10.png?resize=960%2C640&#038;ssl=1\" alt=\"\" class=\"wp-image-153475\" style=\"aspect-ratio:1.4999999479814028;width:280px;height:auto\" srcset=\"https:\/\/i0.wp.com\/www.rdpemancipation.org\/wp-content\/uploads\/2026\/06\/image-10.png?w=960&amp;ssl=1 960w, https:\/\/i0.wp.com\/www.rdpemancipation.org\/wp-content\/uploads\/2026\/06\/image-10.png?resize=300%2C200&amp;ssl=1 300w, https:\/\/i0.wp.com\/www.rdpemancipation.org\/wp-content\/uploads\/2026\/06\/image-10.png?resize=768%2C512&amp;ssl=1 768w\" sizes=\"auto, (max-width: 960px) 100vw, 960px\" \/><figcaption class=\"wp-element-caption\"><sup>Dany\u00e8l Waro, lors du festival Musiques m\u00e9tisses, sur l\u2019esplanade des chais Magelis, \u00e0 Angoul\u00eame (Charente), le 5 juin 2026. MAUDE FOURGEOT<\/sup><\/figcaption><\/figure>\n<\/div><\/div>\n<\/div>\n\n\n\n<p class=\"has-text-color has-link-color wp-elements-17 wp-block-paragraph\" style=\"color:#b50000\"><strong>6 juin<\/strong><\/p>\n\n\n\n<p class=\"wp-block-paragraph\"><a href=\"https:\/\/www.monde-diplomatique.fr\/2026\/06\/SERVANT\/69627\">Cajoler la passivit\u00e9<\/a> (Le Monde diplomatique).<\/p>\n\n\n\n<p class=\"wp-block-paragraph\"><a href=\"https:\/\/www.contretemps.eu\/marxisme-aime-cesaire\/\">Le marxisme d\u2019Aim\u00e9 C\u00e9saire<\/a> (Contretemps).<\/p>\n\n\n\n<p class=\"wp-block-paragraph\"><a href=\"https:\/\/www.en-attendant-nadeau.fr\/2026\/06\/06\/autoportrait-du-grand-intellectuel-allemand\/\">Autoportrait du grand intellectuel allemand<\/a> (En attendant Nadeau).<\/p>\n\n\n\n<p class=\"wp-block-paragraph\"><a href=\"https:\/\/www.nonfiction.fr\/article-12745-comment-combattre-la-precarite-alimentaire.htm\">Comment combattre la pr\u00e9carit\u00e9 alimentaire<\/a> (Nonfiction).<a href=\"https:\/\/www.nonfiction.fr\/article-12740-la-chose-chez-derrida.htm\"><\/a><a href=\"https:\/\/www.nonfiction.fr\/article-12740-la-chose-chez-derrida.htm\"><\/a><\/p>\n\n\n\n<p class=\"wp-block-paragraph\"><a href=\"https:\/\/www.fabula.org\/actualites\/134908\/le-canon-litteraire.html\">Le coup du canon<\/a> (Fabula).<\/p>\n\n\n\n<div class=\"wp-block-columns is-layout-flex wp-container-core-columns-is-layout-8f761849 wp-block-columns-is-layout-flex\">\n<div class=\"wp-block-column is-layout-flow wp-block-column-is-layout-flow\" style=\"flex-basis:100%\"><div class=\"wp-block-image\">\n<figure class=\"alignleft size-large is-resized\"><img data-recalc-dims=\"1\" loading=\"lazy\" decoding=\"async\" width=\"768\" height=\"1024\" src=\"https:\/\/i0.wp.com\/www.rdpemancipation.org\/wp-content\/uploads\/2026\/06\/image-9.png?resize=768%2C1024&#038;ssl=1\" alt=\"\" class=\"wp-image-153437\" style=\"aspect-ratio:0.7501918156105908;width:284px;height:auto\" srcset=\"https:\/\/i0.wp.com\/www.rdpemancipation.org\/wp-content\/uploads\/2026\/06\/image-9.png?resize=768%2C1024&amp;ssl=1 768w, https:\/\/i0.wp.com\/www.rdpemancipation.org\/wp-content\/uploads\/2026\/06\/image-9.png?resize=225%2C300&amp;ssl=1 225w, https:\/\/i0.wp.com\/www.rdpemancipation.org\/wp-content\/uploads\/2026\/06\/image-9.png?w=1000&amp;ssl=1 1000w\" sizes=\"auto, (max-width: 768px) 100vw, 768px\" \/><figcaption class=\"wp-element-caption\"><sup>Tour Babel de livres \u2013 Jakob Gautel<\/sup><\/figcaption><\/figure>\n<\/div><\/div>\n<\/div>\n\n\n\n<p class=\"has-text-color has-link-color wp-elements-18 wp-block-paragraph\" style=\"color:#ab0000\"><strong>5 juin<\/strong><\/p>\n\n\n\n<p class=\"wp-block-paragraph\"><a href=\"https:\/\/www.fabula.org\/actualites\/134608\/le-roman-national-de-la-langue.html\">Le roman national de la langue<\/a> (Fabula).<\/p>\n\n\n\n<p class=\"wp-block-paragraph\"><a href=\"https:\/\/www.terrestres.org\/2026\/06\/04\/cartographie-de-lextreme-droite-etats-unienne\/\">Cartographie de l\u2019extr\u00eame-droite \u00e9tasunienne<\/a> (Terrestres).<\/p>\n\n\n\n<p class=\"wp-block-paragraph\"><a href=\"https:\/\/www.nonfiction.fr\/article-12740-la-chose-chez-derrida.htm\">\u00ab La chose \u00bb chez Derrida<\/a> (Nonfiction).<a href=\"https:\/\/www.nonfiction.fr\/article-12740-la-chose-chez-derrida.htm\"><\/a><a href=\"https:\/\/www.nonfiction.fr\/article-12740-la-chose-chez-derrida.htm\"><\/a><\/p>\n\n\n\n<p class=\"wp-block-paragraph\"><a href=\"https:\/\/www.contretemps.eu\/reponse-a-bernard-friot\/\">R\u00e9ponse \u00e0 Bernard Friot<\/a> (Contretemps).<\/p>\n\n\n\n<p class=\"wp-block-paragraph\"><a href=\"https:\/\/link.newsletter.franceculture.fr\/m\/ml\/7429\/1029027\/QmsKCwtnnlsAqN3uxYwj_rHXloVf2q87c090uHQbscU=\/0pL4fWv+8KT+nS0qShlB6loHYkLr8ru5xjDKTlRi2cw=\/\" target=\"_blank\" rel=\"noreferrer noopener\">Les enfants de Guyane R\u00e9union victimes coloniale<\/a>s (France Culture).<\/p>\n\n\n\n<div class=\"wp-block-columns is-layout-flex wp-container-core-columns-is-layout-8f761849 wp-block-columns-is-layout-flex\">\n<div class=\"wp-block-column is-layout-flow wp-block-column-is-layout-flow\" style=\"flex-basis:100%\"><div class=\"wp-block-image\">\n<figure class=\"alignleft size-large is-resized\"><img data-recalc-dims=\"1\" loading=\"lazy\" decoding=\"async\" width=\"1024\" height=\"682\" src=\"https:\/\/i0.wp.com\/www.rdpemancipation.org\/wp-content\/uploads\/2026\/06\/image-8.png?resize=1024%2C682&#038;ssl=1\" alt=\"\" class=\"wp-image-153393\" style=\"aspect-ratio:1.500596786635976;width:278px;height:auto\" srcset=\"https:\/\/i0.wp.com\/www.rdpemancipation.org\/wp-content\/uploads\/2026\/06\/image-8.png?resize=1024%2C682&amp;ssl=1 1024w, https:\/\/i0.wp.com\/www.rdpemancipation.org\/wp-content\/uploads\/2026\/06\/image-8.png?resize=300%2C200&amp;ssl=1 300w, https:\/\/i0.wp.com\/www.rdpemancipation.org\/wp-content\/uploads\/2026\/06\/image-8.png?resize=768%2C512&amp;ssl=1 768w, https:\/\/i0.wp.com\/www.rdpemancipation.org\/wp-content\/uploads\/2026\/06\/image-8.png?w=1280&amp;ssl=1 1280w\" sizes=\"auto, (max-width: 1024px) 100vw, 1024px\" \/><figcaption class=\"wp-element-caption\"><sup>Photo de deux enfants Kali&rsquo;nas, Iracoubo, Guyane, mars 1970. \u00a9AFP &#8211; AFP<\/sup><\/figcaption><\/figure>\n<\/div><\/div>\n<\/div>\n\n\n\n<p class=\"has-text-color has-link-color wp-elements-19 wp-block-paragraph\" style=\"color:#b00000\"><strong>4 juin<\/strong><\/p>\n\n\n\n<p class=\"wp-block-paragraph\"><a href=\"https:\/\/www.monde-diplomatique.fr\/2026\/06\/TAIBI\/69634\">Pasolini l\u2019irr\u00e9cup\u00e9rable<\/a> (Le Monde diplomatique).<\/p>\n\n\n\n<p class=\"wp-block-paragraph\"><a href=\"https:\/\/blog.mondediplo.net\/l-imaginaire-des-dieux\">L\u2019imaginaire des dieux<\/a> (Les blogs du Diplo).<\/p>\n\n\n\n<p class=\"wp-block-paragraph\"><a href=\"https:\/\/www.fabula.org\/actualites\/134586\/l-asymetrie-du-bien-et-du-mal.html\">L&rsquo;asym\u00e9trie du bien et du mal<\/a> (Fabula).<\/p>\n\n\n\n<p class=\"wp-block-paragraph\"><a href=\"https:\/\/www.nonfiction.fr\/article-12741-norbert-elias-du-sionisme-a-la-sociologie.htm\">Norbert Elias : du sionisme \u00e0 la sociologie<\/a> (Nonfiction).<\/p>\n\n\n\n<p class=\"wp-block-paragraph\"><a href=\"https:\/\/www.en-attendant-nadeau.fr\/2026\/06\/04\/ego-conquiro-la-violence-au-fondement-de-la-modernite\/\">La violence au fondement de la modernit\u00e9<\/a> (En attendant Nadeau).<\/p>\n\n\n\n<div class=\"wp-block-columns is-layout-flex wp-container-core-columns-is-layout-8f761849 wp-block-columns-is-layout-flex\">\n<div class=\"wp-block-column is-layout-flow wp-block-column-is-layout-flow\" style=\"flex-basis:100%\"><div class=\"wp-block-image\">\n<figure class=\"alignleft size-large is-resized\"><img data-recalc-dims=\"1\" loading=\"lazy\" decoding=\"async\" width=\"1024\" height=\"472\" src=\"https:\/\/i0.wp.com\/www.rdpemancipation.org\/wp-content\/uploads\/2026\/06\/image-6.png?resize=1024%2C472&#038;ssl=1\" alt=\"\" class=\"wp-image-153337\" style=\"aspect-ratio:2.1696252138995527;width:278px;height:auto\" srcset=\"https:\/\/i0.wp.com\/www.rdpemancipation.org\/wp-content\/uploads\/2026\/06\/image-6.png?resize=1024%2C472&amp;ssl=1 1024w, https:\/\/i0.wp.com\/www.rdpemancipation.org\/wp-content\/uploads\/2026\/06\/image-6.png?resize=300%2C138&amp;ssl=1 300w, https:\/\/i0.wp.com\/www.rdpemancipation.org\/wp-content\/uploads\/2026\/06\/image-6.png?resize=768%2C354&amp;ssl=1 768w, https:\/\/i0.wp.com\/www.rdpemancipation.org\/wp-content\/uploads\/2026\/06\/image-6.png?w=1343&amp;ssl=1 1343w\" sizes=\"auto, (max-width: 1024px) 100vw, 1024px\" \/><figcaption class=\"wp-element-caption\"><sup>\u00ab Pr\u00e9sence de l\u2019Am\u00e9rique latine \u00bb,Jorge Gonz\u00e1lez Camarena (1964-1965) (d\u00e9tail) \u00a9 CC BY-SA 3.0\/WikiCommons<\/sup><\/figcaption><\/figure>\n<\/div><\/div>\n<\/div>\n\n\n\n<p class=\"has-text-color has-link-color wp-elements-20 wp-block-paragraph\" style=\"color:#ac0000\"><strong>3 juin<\/strong><\/p>\n\n\n\n<p class=\"wp-block-paragraph\"><a href=\"https:\/\/link.newsletter.franceculture.fr\/m\/ml\/7429\/1028643\/sX1qMkXP-t0gRg-yKc034JuWPpQDmfjciaoQClEqpJg=\/OJy4PnRJDmBvKDU7SH1FAmZstt4IJ2lxo9bvnc3iEXU=\/\" target=\"_blank\" rel=\"noreferrer noopener\">La pollution sonore \u00e9touffe les \u00ab\u00a0voix\u00a0\u00bb de l&rsquo;oc\u00e9an<\/a> (France Culture).<\/p>\n\n\n\n<p class=\"wp-block-paragraph\"><a href=\"https:\/\/bbcaigbb.r.bh.d.sendibt3.com\/tr\/cl\/Gvprp4e6TJDMJcv16tXted_DDqfJhQWMw2MG-O3PfPoetOHSfRfoJRQ8Sfv74yKYFCWoXhNg5anJbjE802xu87VlmkspyWDOiQQNe-N5rOcE9qvQKcDPA41z6srt2OQzotKrlJ6RYQrgTAcA-p-rQekgcWP12nLuAo4H8P_EViE07U2wv2cAL6pC4lCg9Z06-1q7e2Xe9-zCtZLxvtzsM3weBSd2HArMXmmvJ_tOL6gjr70K_cDajYmlLR5VLSTG44hM8xM7JYcrBlmxSReK51OcIZY15HdD2gGokEQheRL6tz_bJ2QyXdpZ9Ry89FU2dAU\" target=\"_blank\" rel=\"noreferrer noopener\">Anthropologie de la grande ville<\/a> (La Vie des id\u00e9es).<\/p>\n\n\n\n<p class=\"wp-block-paragraph\"><a href=\"https:\/\/www.telerama.fr\/cinema\/que-voir-au-cinema-cette-semaine-notre-selection-critique-du-mercredi-3-juin-7031431.php\">Que voir au cin\u00e9ma cette semaine&nbsp;?<\/a> (T\u00e9l\u00e9rama).<\/p>\n\n\n\n<p class=\"wp-block-paragraph\"><a href=\"https:\/\/www.monde-diplomatique.fr\/2026\/06\/DERENS\/69611\">Trieste, concentr\u00e9 d\u2019histoires<\/a> (Le Monde diplomatique).<\/p>\n\n\n\n<p class=\"wp-block-paragraph\"><a href=\"https:\/\/www.fabula.org\/actualites\/133456\/pessoa-22-05.html\">L&rsquo;\u0153uvre-vie de Pessoa<\/a> (Fabula).<\/p>\n\n\n\n<div class=\"wp-block-columns is-layout-flex wp-container-core-columns-is-layout-8f761849 wp-block-columns-is-layout-flex\">\n<div class=\"wp-block-column is-layout-flow wp-block-column-is-layout-flow\" style=\"flex-basis:100%\"><div class=\"wp-block-image\">\n<figure class=\"alignleft size-large is-resized\"><img data-recalc-dims=\"1\" loading=\"lazy\" decoding=\"async\" width=\"1024\" height=\"682\" src=\"https:\/\/i0.wp.com\/www.rdpemancipation.org\/wp-content\/uploads\/2026\/06\/image-4.png?resize=1024%2C682&#038;ssl=1\" alt=\"\" class=\"wp-image-153283\" style=\"aspect-ratio:1.501151430557982;width:279px;height:auto\" srcset=\"https:\/\/i0.wp.com\/www.rdpemancipation.org\/wp-content\/uploads\/2026\/06\/image-4.png?resize=1024%2C682&amp;ssl=1 1024w, https:\/\/i0.wp.com\/www.rdpemancipation.org\/wp-content\/uploads\/2026\/06\/image-4.png?resize=300%2C200&amp;ssl=1 300w, https:\/\/i0.wp.com\/www.rdpemancipation.org\/wp-content\/uploads\/2026\/06\/image-4.png?resize=768%2C512&amp;ssl=1 768w, https:\/\/i0.wp.com\/www.rdpemancipation.org\/wp-content\/uploads\/2026\/06\/image-4.png?w=1294&amp;ssl=1 1294w\" sizes=\"auto, (max-width: 1024px) 100vw, 1024px\" \/><figcaption class=\"wp-element-caption\"><sup>Fernando Pessoa<\/sup><\/figcaption><\/figure>\n<\/div><\/div>\n<\/div>\n\n\n\n<p class=\"has-text-color has-link-color wp-elements-21 wp-block-paragraph\" style=\"color:#ac0000\"><strong>2 juin<\/strong><\/p>\n\n\n\n<p class=\"wp-block-paragraph\"><a href=\"https:\/\/www.en-attendant-nadeau.fr\/2026\/05\/30\/litteratures-de-tunisie-une-mosaique-linguistique-et-culturelle\/\">Litt\u00e9ratures de Tunisie : une mosa\u00efque<\/a> (En attendant Nadeau).<\/p>\n\n\n\n<p class=\"wp-block-paragraph\"><a href=\"https:\/\/www.terrestres.org\/2026\/06\/01\/peut-on-relocaliser-lempire\/\">Peut-on relocaliser l\u2019Empire&nbsp;?<\/a> (Terrestres).<\/p>\n\n\n\n<p class=\"wp-block-paragraph\"><a href=\"https:\/\/www.humanite.fr\/culture-et-savoir\/bande-dessinee\/a-strasbourg-lecho-de-loeuvre-de-fmurrr-sonne-pour-le-futur\">\u00c0 Strasbourg, l\u2019\u00e9cho de F\u2019murrr sonne pour le futur<\/a> (L&rsquo;Humanit\u00e9).<\/p>\n\n\n\n<p class=\"wp-block-paragraph\"><a href=\"https:\/\/www.fabula.org\/actualites\/134603\/l-immediat-27-05.html\">Dans l&rsquo;imm\u00e9diat<\/a> (Fabula).<\/p>\n\n\n\n<div class=\"wp-block-columns is-layout-flex wp-container-core-columns-is-layout-8f761849 wp-block-columns-is-layout-flex\">\n<div class=\"wp-block-column is-layout-flow wp-block-column-is-layout-flow\" style=\"flex-basis:100%\"><div class=\"wp-block-image\">\n<figure class=\"alignleft size-full is-resized\"><img data-recalc-dims=\"1\" loading=\"lazy\" decoding=\"async\" width=\"494\" height=\"332\" src=\"https:\/\/i0.wp.com\/www.rdpemancipation.org\/wp-content\/uploads\/2026\/06\/image-3.png?resize=494%2C332&#038;ssl=1\" alt=\"\" class=\"wp-image-153215\" style=\"aspect-ratio:1.4879227053140096;width:281px;height:auto\" srcset=\"https:\/\/i0.wp.com\/www.rdpemancipation.org\/wp-content\/uploads\/2026\/06\/image-3.png?w=494&amp;ssl=1 494w, https:\/\/i0.wp.com\/www.rdpemancipation.org\/wp-content\/uploads\/2026\/06\/image-3.png?resize=300%2C202&amp;ssl=1 300w\" sizes=\"auto, (max-width: 494px) 100vw, 494px\" \/><figcaption class=\"wp-element-caption\"><sup>Vladimir Jank\u00e9l\u00e9vitch, <em>L&rsquo;Imm\u00e9diat Cours \u00e0 la Sorbonne, 1959-1960<\/em><\/sup><\/figcaption><\/figure>\n<\/div><\/div>\n<\/div>\n\n\n\n<p class=\"has-text-color has-link-color wp-elements-22 wp-block-paragraph\" style=\"color:#b30000\"><strong>1er juin<\/strong><\/p>\n\n\n\n<p class=\"wp-block-paragraph\"><a href=\"https:\/\/www.fabula.org\/actualites\/134673\/journal-de-87000-prisonniers-30-05.html\">Journal de 87000 prisonniers<\/a> (Fabula).<\/p>\n\n\n\n<p class=\"wp-block-paragraph\"><a href=\"https:\/\/www.telerama.fr\/livre\/eric-vuillard-la-litterature-tente-de-nous-eclairer-sur-ce-qui-nous-opprime-7031398.php\">Vuillard : \u201cLa litt\u00e9rature nous \u00e9claire sur ce qui nous opprime\u201d<\/a> (T\u00e9l\u00e9rama).<\/p>\n\n\n\n<p class=\"wp-block-paragraph\"><a href=\"https:\/\/www.blast-info.fr\/articles\/2026\/sante-mentale-des-jeunes-un-roman-graphique-pour-temoignage-N189PW6CQ9C0BPek34T1cg\">Sant\u00e9 mentale des jeunes\u202f: un roman graphique<\/a> (Blast).<\/p>\n\n\n\n<p class=\"wp-block-paragraph\"><a href=\"https:\/\/www.en-attendant-nadeau.fr\/2016\/09\/13\/grand-intervenant-morin\/\">Le grand intervenant<\/a> (En attendant Nadeau).<\/p>\n\n\n\n<div class=\"wp-block-columns is-layout-flex wp-container-core-columns-is-layout-8f761849 wp-block-columns-is-layout-flex\">\n<div class=\"wp-block-column is-layout-flow wp-block-column-is-layout-flow\" style=\"flex-basis:100%\"><div class=\"wp-block-image\">\n<figure class=\"alignleft size-full is-resized\"><img data-recalc-dims=\"1\" loading=\"lazy\" decoding=\"async\" width=\"750\" height=\"390\" src=\"https:\/\/i0.wp.com\/www.rdpemancipation.org\/wp-content\/uploads\/2026\/06\/image.png?resize=750%2C390&#038;ssl=1\" alt=\"\" class=\"wp-image-153174\" style=\"aspect-ratio:1.9229982049438852;width:280px;height:auto\" srcset=\"https:\/\/i0.wp.com\/www.rdpemancipation.org\/wp-content\/uploads\/2026\/06\/image.png?w=750&amp;ssl=1 750w, https:\/\/i0.wp.com\/www.rdpemancipation.org\/wp-content\/uploads\/2026\/06\/image.png?resize=300%2C156&amp;ssl=1 300w\" sizes=\"auto, (max-width: 750px) 100vw, 750px\" \/><figcaption class=\"wp-element-caption\"><sup>Edgar Morin \u00a9 Jean-Luc Bertini<\/sup><\/figcaption><\/figure>\n<\/div><\/div>\n<\/div>\n","protected":false},"excerpt":{"rendered":"<p>30 juin BD : F\u2019Murrr, loufoque et pataphysique (France Culture). Imp\u00e9rialisme(s) et anti-imp\u00e9rialisme (Contretemps). \u00ab\u00a0On est des pauvres, on vit dans des endroits pourris\u00a0\u00bb (Terrestres). La vitesse contre la routine (En attendant Nadeau). 29 juin La d\u00e9mocratie au c\u0153ur des luttes sociales (Nonfiction). France Culture&nbsp;: Erner, un montage fallacieux de M\u00e9lenchon (T\u00e9l\u00e9rama). Hara-Kiri contre Charlie &#8230; <a title=\"Cultures &#8211; Juin\" class=\"read-more\" href=\"https:\/\/www.rdpemancipation.org\/?p=153147\" aria-label=\"En savoir plus sur Cultures &#8211; Juin\">Lire la suite<\/a><\/p>\n","protected":false},"author":1,"featured_media":0,"comment_status":"closed","ping_status":"closed","sticky":false,"template":"","format":"standard","meta":{"_lmt_disableupdate":"","_lmt_disable":"","_jetpack_newsletter_access":"","_jetpack_dont_email_post_to_subs":false,"_jetpack_newsletter_tier_id":0,"_jetpack_memberships_contains_paywalled_content":false,"_jetpack_feature_clip_id":0,"_jetpack_memberships_contains_paid_content":false,"footnotes":"","jetpack_post_was_ever_published":false},"categories":[25],"tags":[],"class_list":["post-153147","post","type-post","status-publish","format-standard","hentry","category-cultures"],"modified_by":"cpr","jetpack_sharing_enabled":true,"jetpack_featured_media_url":"","_links":{"self":[{"href":"https:\/\/www.rdpemancipation.org\/index.php?rest_route=\/wp\/v2\/posts\/153147","targetHints":{"allow":["GET"]}}],"collection":[{"href":"https:\/\/www.rdpemancipation.org\/index.php?rest_route=\/wp\/v2\/posts"}],"about":[{"href":"https:\/\/www.rdpemancipation.org\/index.php?rest_route=\/wp\/v2\/types\/post"}],"author":[{"embeddable":true,"href":"https:\/\/www.rdpemancipation.org\/index.php?rest_route=\/wp\/v2\/users\/1"}],"replies":[{"embeddable":true,"href":"https:\/\/www.rdpemancipation.org\/index.php?rest_route=%2Fwp%2Fv2%2Fcomments&post=153147"}],"version-history":[{"count":110,"href":"https:\/\/www.rdpemancipation.org\/index.php?rest_route=\/wp\/v2\/posts\/153147\/revisions"}],"predecessor-version":[{"id":154155,"href":"https:\/\/www.rdpemancipation.org\/index.php?rest_route=\/wp\/v2\/posts\/153147\/revisions\/154155"}],"wp:attachment":[{"href":"https:\/\/www.rdpemancipation.org\/index.php?rest_route=%2Fwp%2Fv2%2Fmedia&parent=153147"}],"wp:term":[{"taxonomy":"category","embeddable":true,"href":"https:\/\/www.rdpemancipation.org\/index.php?rest_route=%2Fwp%2Fv2%2Fcategories&post=153147"},{"taxonomy":"post_tag","embeddable":true,"href":"https:\/\/www.rdpemancipation.org\/index.php?rest_route=%2Fwp%2Fv2%2Ftags&post=153147"}],"curies":[{"name":"wp","href":"https:\/\/api.w.org\/{rel}","templated":true}]}}