{"id":152043,"date":"2026-05-01T17:24:45","date_gmt":"2026-05-01T15:24:45","guid":{"rendered":"https:\/\/www.rdpemancipation.org\/?p=152043"},"modified":"2026-05-01T17:26:38","modified_gmt":"2026-05-01T15:26:38","slug":"social-mai","status":"publish","type":"post","link":"https:\/\/www.rdpemancipation.org\/?p=152043","title":{"rendered":"Social &#8211; Mai"},"content":{"rendered":"\n<p class=\"has-text-color has-link-color wp-elements-681a61abee2e1fb0075b123ffc290869\" style=\"color:#d90e0e\"><strong>1er mai<\/strong><\/p>\n\n\n\n<p><strong>Actus<\/strong><\/p>\n\n\n\n<p><a href=\"https:\/\/www.cgt.fr\/actualites\/france\/130-ans\/est-la-cgt-130-ans-apres\">On est la CGT ! 130 ans apr\u00e8s<\/a>&nbsp;(CGT)<\/p>\n\n\n\n<p><strong>Luttes<\/strong><\/p>\n\n\n\n<p><strong><a href=\"https:\/\/basta.media\/Ou-manifester-le-1er-mai-la-carte-des-mobilisations-pres-de-chez-vous\">O\u00f9 manifester le 1<sup>er<\/sup>&nbsp;mai&nbsp;? La carte des mobilisations pr\u00e8s de chez vous<\/a>&nbsp;(Rapports de force)<\/strong><\/p>\n\n\n\n<p><strong><a href=\"https:\/\/bellaciao.org\/Liberation-immediate-de-Raphaelle-Primet-et-les-membres-kidnappes-de-la\">Lib\u00e9ration imm\u00e9diate de Rapha\u00eblle Primes et le membres kidnapp\u00e9s de la flottille pour Gaza<\/a>&nbsp;(Bellaciao)<\/strong><\/p>\n\n\n\n<p><a href=\"https:\/\/lepoing.net\/nicole-montpellieraine-engagee-sur-la-flottille-pour-gaza-une-pluie-de-drones-sest-abattue-sur-nous\/\">Nicole, montpelli\u00e9raine engag\u00e9e sur la Flottille pour Gaza : \u00ab une pluie de drones s\u2019est abattue sur nous \u00bb<\/a>&nbsp;(Le Poing)<\/p>\n\n\n\n<p><strong><a href=\"https:\/\/www.revolutionpermanente.fr\/Privatisation-et-suicides-a-la-SNCF-les-cheminots-se-mobilisent-pour-denoncer-la-souffrance-au\">Privatisation et suicides \u00e0 la SNCF&nbsp;: les cheminots se mobilisent pour d\u00e9noncer la souffrance au travail&nbsp;<\/a>(RP)<\/strong><\/p>\n\n\n\n<p><a href=\"https:\/\/lepoing.net\/les-charges-augmentent-la-colere-aussi-des-habitants-de-la-paillade-manifestent-pour-leurs-logements\/\">\u201cLes charges augmentent, la col\u00e8re aussi\u201d : des habitants de la Paillade manifestent pour leurs logements<\/a>&nbsp;(Le Poing)<\/p>\n\n\n\n<p><strong><a href=\"https:\/\/reporterre.net\/Les-menaces-c-est-termine-la-jeunesse-tient-tete-au-maire-RN-de-Carcassonne\">\u00ab&nbsp;Les menaces, c\u2019est termin\u00e9&nbsp;\u00bb&nbsp;: la jeunesse tient t\u00eate au maire&nbsp;RN&nbsp;de Carcassonne<\/a>&nbsp;(Reporterre)<\/strong><\/p>\n\n\n\n<p><strong>Gr\u00e8ves<\/strong><\/p>\n\n\n\n<p><a href=\"https:\/\/la1ere.franceinfo.fr\/reunion\/un-accord-signe-avec-la-direction-le-preavis-de-greve-leve-a-l-aeroport-roland-garros-1696685.html\">Un accord sign\u00e9 avec la direction, le pr\u00e9avis de gr\u00e8ve lev\u00e9 \u00e0 l\u2019a\u00e9roport Roland Garros<\/a>&nbsp;(franceinfo)<\/p>\n\n\n\n<p><a href=\"https:\/\/www.ouest-france.fr\/pays-de-la-loire\/laval-53000\/cest-malheureux-den-arriver-la-a-laval-le-premier-jour-de-la-greve-des-transports-provoque-des-tensions-455fe68e-44a9-11f1-8cf9-6b934ab86a27\">&nbsp;\u00ab&nbsp;C\u2019est malheureux d\u2019en arriver l\u00e0&nbsp;\u00bb&nbsp;: \u00e0 Laval, le premier jour de la gr\u00e8ve des transports provoque des tensions<\/a>&nbsp;(Ouest-France)<\/p>\n\n\n\n<p><a href=\"https:\/\/www.ladepeche.fr\/2026\/04\/30\/greve-mobilisation-diffuse-et-effectifs-gonfles-une-semaine-de-tensions-sociales-au-sein-du-premier-employeur-sante-du-lot-13350456.php\">Gr\u00e8ve, mobilisation diffuse et \u00ab&nbsp;effectifs gonfl\u00e9s&nbsp;\u00bb : une semaine de tensions sociales au sein du premier employeur \u00ab&nbsp;sant\u00e9&nbsp;\u00bb du Lot<\/a>&nbsp;(La D\u00e9p\u00eache)<\/p>\n\n\n\n<p><a href=\"https:\/\/www.lefigaro.fr\/social\/les-salaries-des-boutiques-sfr-appeles-a-la-greve-samedi-en-pleines-negociations-autour-du-rachat-de-l-operateur-20260430\">Les salari\u00e9s des boutiques SFR appel\u00e9s \u00e0 la gr\u00e8ve samedi, en pleines n\u00e9gociations autour du rachat de l\u2019op\u00e9rateur<\/a>&nbsp;(Le Figaro)<\/p>\n\n\n\n<p><a href=\"https:\/\/france3-regions.franceinfo.fr\/hauts-de-france\/nord-0\/roubaix\/nos-primes-representent-30-a-40-de-notre-remuneration-les-salaries-de-l-entreprise-manorga-en-greve-pour-defendre-leurs-salaires-3343319.html\">\u00ab&nbsp;Nos primes repr\u00e9sentent 30% \u00e0 40% de notre r\u00e9mun\u00e9ration&nbsp;\u00bb : les salari\u00e9s de l\u2019entreprise ManOrga en gr\u00e8ve pour d\u00e9fendre leurs salaires<\/a>&nbsp;(franceinfo))<\/p>\n\n\n\n<p><a href=\"https:\/\/www.supap-fsu.org\/2026\/04\/bibliotheques-greve-reconductible-7-et-9-mai.html\">Biblioth\u00e8ques : Gr\u00e8ve reconductible 7 et 9 mai&nbsp;<\/a>(FSU)<\/p>\n\n\n\n<p><a href=\"https:\/\/www.sudouest.fr\/gironde\/bordeaux\/greve-a-la-direction-numerique-du-chu-de-bordeaux-ils-ne-se-rendent-pas-compte-de-notre-implication-et-notre-devouement-28881194.php\">Gr\u00e8ve \u00e0 la direction num\u00e9rique du CHU de Bordeaux&nbsp;: \u00ab&nbsp;Ils ne se rendent pas compte de notre implication et notre d\u00e9vouement&nbsp;\u00bb<\/a>&nbsp;(Sud Ouest)<\/p>\n\n\n\n<p><a href=\"https:\/\/www.lindependant.fr\/2026\/04\/30\/sante-ils-jouent-la-montre-en-attendant-que-lon-se-desespere-deja-une-semaine-de-greve-a-la-clinique-privee-medipole-pres-de-perpignan-13350606.php\">Sant\u00e9&nbsp;: \u00ab&nbsp;Ils jouent la montre en attendant que l\u2019on se d\u00e9sesp\u00e8re&nbsp;\u00bb\u2026 D\u00e9j\u00e0 une semaine de gr\u00e8ve \u00e0 la clinique priv\u00e9e M\u00e9dip\u00f4le pr\u00e8s de Perpignan<\/a>&nbsp;(L\u2019Ind\u00e9pendant)<\/p>\n\n\n\n<p><a href=\"https:\/\/www.lequotidiendumedecin.fr\/liberal-soins-de-ville\/financiarisation-salaires-de-misere-la-cgt-appelle-une-greve-des-laboratoires-de-biologie-debut-mai\">\u00ab&nbsp;Financiarisation&nbsp;\u00bb, \u00ab&nbsp;salaires de mis\u00e8re&nbsp;\u00bb&nbsp;: la CGT appelle \u00e0 une gr\u00e8ve des laboratoires de biologie d\u00e9but mai<\/a>&nbsp;(Le Quotidien)<\/p>\n\n\n\n<p><strong><a href=\"https:\/\/www.franceinfo.fr\/economie\/industrie\/plus-de-trois-mois-de-greve-a-la-poudrerie-eurenco-en-dordogne-la-cgt-demande-l-intervention-de-la-ministre-des-armees_7973975.html\">Plus de trois mois de gr\u00e8ve \u00e0 la poudrerie Eurenco, en Dordogne, la CGT demande l\u2019intervention de la ministre des Arm\u00e9es<\/a>&nbsp;(franceinfo)<\/strong><\/p>\n\n\n\n<p><a href=\"https:\/\/www.actudrancy.fr\/societe\/12947\">Linxens \u00e0 Mantes-la-Jolie : quand le malaise des salari\u00e9s fait couler la production<\/a>&nbsp;(Actu Drancy)<\/p>\n\n\n\n<p><strong>Monde<\/strong><\/p>\n\n\n\n<p><a href=\"https:\/\/www.lemonde.fr\/economie\/article\/2026\/04\/30\/samsung-menace-de-greve-sur-fond-de-benefices-astronomiques_6684584_3234.html\"><strong>Cor\u00e9e du Sud<\/strong>&nbsp;: Samsung menac\u00e9 de gr\u00e8ve sur fond de b\u00e9n\u00e9fices astronomiques<\/a>&nbsp;(Le Monde)<\/p>\n\n\n\n<p><a href=\"https:\/\/www.lalibre.be\/economie\/entreprises-startup\/2026\/04\/30\/greve-chez-bpost-seules-la-moitie-des-tournees-pourront-etre-effectuees-ce-jeudi-a-bruxelles-75BFTRTHQBD37B3U3IU5QQT3R4\/\"><strong>Belgique<\/strong>&nbsp;: Gr\u00e8ve chez bpost : seules la moiti\u00e9 des tourn\u00e9es effectu\u00e9es ce jeudi \u00e0 Bruxelles, les discussions direction-syndicats prolong\u00e9es jusqu\u2019au 28 mai<\/a>&nbsp;(La Libre)<\/p>\n\n\n\n<p><a href=\"https:\/\/www.horizons.dz\/2026\/04\/prisonniers-sahraouis-naama-asfari-entame-une-greve-de-la-faim\/\"><strong>Maroc<\/strong>&nbsp;:Prisonniers sahraouis: Na\u00e2ma Asfari entame une gr\u00e8ve de la faim<\/a>&nbsp;(Horizons)<\/p>\n\n\n\n<p><a href=\"https:\/\/ch.zonebourse.com\/actualite-bourse\/bourse-d-italie-les-salaries-en-greve-pour-de-meilleures-conditions-sur-fond-de-tensions-avec-euro-ce7f58dbdb8ff324\">Gr\u00e8ve \u00e0 la Bourse&nbsp;<strong>d\u2019Italie<\/strong>&nbsp;: les salari\u00e9s r\u00e9clament de meilleures conditions sur fond de tensions avec Euronext<\/a>&nbsp;(Zonebourse)<\/p>\n\n\n\n<p><a href=\"https:\/\/africtelegraph.com\/blog\/cameroun-tchad-greve-de-camionneurs-paralyse-lapprovisionnement-de-ndjamena\/\"><strong>Cameroun<\/strong>&nbsp;\u2013 Tchad : une gr\u00e8ve de camionneurs paralyse l\u2019approvisionnement de N\u2019Djamena<\/a>&nbsp;(Afric Telegraph)<\/p>\n\n\n\n<p><strong><a href=\"https:\/\/fr.rua.gr\/2026\/04\/30\/1er-mai-en-grece-greve-generale-tout-est-ferme\/\">1er mai en Gr\u00e8ce : gr\u00e8ve g\u00e9n\u00e9rale \u2013 tout est ferm\u00e9<\/a>&nbsp;(Athens News)<\/strong><\/p>\n\n\n\n<p><strong>Analyses<\/strong><\/p>\n\n\n\n<p><a href=\"https:\/\/theconversation.com\/le-monopole-syndical-existe-t-il-vraiment-281070\">Le monopole syndical existe\u2011t\u2011il vraiment&nbsp;?<\/a>&nbsp;(The conversation)<\/p>\n\n\n\n<p><strong><a href=\"https:\/\/solidaires.org\/sinformer-et-agir\/brochures\/la-revue-les-utopiques\/les-utopiques-n31-la-greve\/\">Les utopiques N\u00b031 \u2013 La gr\u00e8ve<\/a>&nbsp;(Solidaires)<\/strong><\/p>\n\n\n\n<p><strong>R\u00e9cits&nbsp;<\/strong><\/p>\n\n\n\n<p><a href=\"https:\/\/rebellyon.info\/Aux-origines-du-1er-Mai-Les-Martyrs-de-38709\">Aux origines du 1er&nbsp;Mai&nbsp;: Les Martyrs de Chicago<\/a>&nbsp;(Rebellyon)<\/p>\n\n\n\n<p><a href=\"https:\/\/www.bondyblog.fr\/reportages\/aux-jardins-des-vertus-trois-femmes-ont-plante-leurs-racines\/\">Aux Jardins des Vertus, trois femmes ont plant\u00e9 leurs racines<\/a>&nbsp;(Le Bondy Blog)<\/p>\n","protected":false},"excerpt":{"rendered":"<p>1er mai Actus On est la CGT ! 130 ans apr\u00e8s&nbsp;(CGT) Luttes O\u00f9 manifester le 1er&nbsp;mai&nbsp;? La carte des mobilisations pr\u00e8s de chez vous&nbsp;(Rapports de force) Lib\u00e9ration imm\u00e9diate de Rapha\u00eblle Primes et le membres kidnapp\u00e9s de la flottille pour Gaza&nbsp;(Bellaciao) Nicole, montpelli\u00e9raine engag\u00e9e sur la Flottille pour Gaza : \u00ab une pluie de drones s\u2019est &#8230; <a title=\"Social &#8211; Mai\" class=\"read-more\" href=\"https:\/\/www.rdpemancipation.org\/?p=152043\" aria-label=\"En savoir plus sur Social &#8211; Mai\">Lire la suite<\/a><\/p>\n","protected":false},"author":1,"featured_media":0,"comment_status":"closed","ping_status":"closed","sticky":false,"template":"","format":"standard","meta":{"_lmt_disableupdate":"","_lmt_disable":"","_jetpack_memberships_contains_paid_content":false,"footnotes":""},"categories":[8],"tags":[],"class_list":["post-152043","post","type-post","status-publish","format-standard","hentry","category-social"],"modified_by":"rdpemancipation","jetpack_featured_media_url":"","jetpack_sharing_enabled":true,"_links":{"self":[{"href":"https:\/\/www.rdpemancipation.org\/index.php?rest_route=\/wp\/v2\/posts\/152043","targetHints":{"allow":["GET"]}}],"collection":[{"href":"https:\/\/www.rdpemancipation.org\/index.php?rest_route=\/wp\/v2\/posts"}],"about":[{"href":"https:\/\/www.rdpemancipation.org\/index.php?rest_route=\/wp\/v2\/types\/post"}],"author":[{"embeddable":true,"href":"https:\/\/www.rdpemancipation.org\/index.php?rest_route=\/wp\/v2\/users\/1"}],"replies":[{"embeddable":true,"href":"https:\/\/www.rdpemancipation.org\/index.php?rest_route=%2Fwp%2Fv2%2Fcomments&post=152043"}],"version-history":[{"count":3,"href":"https:\/\/www.rdpemancipation.org\/index.php?rest_route=\/wp\/v2\/posts\/152043\/revisions"}],"predecessor-version":[{"id":152046,"href":"https:\/\/www.rdpemancipation.org\/index.php?rest_route=\/wp\/v2\/posts\/152043\/revisions\/152046"}],"wp:attachment":[{"href":"https:\/\/www.rdpemancipation.org\/index.php?rest_route=%2Fwp%2Fv2%2Fmedia&parent=152043"}],"wp:term":[{"taxonomy":"category","embeddable":true,"href":"https:\/\/www.rdpemancipation.org\/index.php?rest_route=%2Fwp%2Fv2%2Fcategories&post=152043"},{"taxonomy":"post_tag","embeddable":true,"href":"https:\/\/www.rdpemancipation.org\/index.php?rest_route=%2Fwp%2Fv2%2Ftags&post=152043"}],"curies":[{"name":"wp","href":"https:\/\/api.w.org\/{rel}","templated":true}]}}