{"id":144435,"date":"2025-10-01T09:52:34","date_gmt":"2025-10-01T07:52:34","guid":{"rendered":"https:\/\/www.rdpemancipation.org\/?p=144435"},"modified":"2025-11-01T13:26:16","modified_gmt":"2025-11-01T12:26:16","slug":"octobre-social-5","status":"publish","type":"post","link":"https:\/\/www.rdpemancipation.org\/?p=144435","title":{"rendered":"Octobre &#8211; Social"},"content":{"rendered":"\n<p class=\"has-text-color has-link-color wp-elements-53350555cf23e3338028483ca821a3be\" style=\"color:#f80606\"><strong>1er novembre<\/strong><\/p>\n\n\n\n<p><a href=\"https:\/\/www.revolutionpermanente.fr\/Ouverture-a-la-concurrence-76-agents-RATP-refusent-leur-transfert-et-se-font-licencier\">Ouverture \u00e0 la concurrence&nbsp;: 76 agents RATP refusent leur transfert et se font licencier<\/a> (RP)<\/p>\n\n\n\n<p><a href=\"https:\/\/www.revolutionpermanente.fr\/Albi-Face-au-tri-raciste-des-mineurs-isoles-les-organisations-se-mobilisent\">Albi. Face au tri raciste des mineurs isol\u00e9s, les organisations se mobilisent<\/a> (RP)<\/p>\n\n\n\n<p><strong>Gr\u00e8ves<\/strong><\/p>\n\n\n\n<p><a href=\"https:\/\/www.leparisien.fr\/paris-75\/boulangeries-paul-mouvement-de-greve-contre-les-fermetures-en-serie-en-ile-de-france-31-10-2025-YT43TQCFGBHQXC4EH3HLWHMQMY.php\">Boulangeries Paul&nbsp;: mouvement de gr\u00e8ve contre les fermetures en s\u00e9rie en \u00cele-de-France<\/a> (Le Parisien)<\/p>\n\n\n\n<p><a href=\"https:\/\/www.lamarseillaise.fr\/accueil\/adages-34-le-personnel-de-nuit-en-greve-pour-sa-dignite-CO19064053\">Adages 34 : le personnel de nuit en gr\u00e8ve pour sa dignit\u00e9<\/a> (La Marseillaise)<\/p>\n\n\n\n<p><a href=\"https:\/\/letrois.info\/economie-social\/sochaux-les-chauffeurs-routiers-de-stellantis-poursuivent-leur-greve\/\">Sochaux : les chauffeurs routiers de Stellantis poursuivent leur gr\u00e8ve<\/a> (Troi3)<\/p>\n\n\n\n<p><a href=\"https:\/\/hitwest.ouest-france.fr\/sncf-un-mouvement-de-greve-sur-les-ter-breizhgo-lundi\">SNCF : un mouvement de gr\u00e8ve sur les TER BreizhGO lundi<\/a> (hit west)<\/p>\n\n\n\n<p><a href=\"https:\/\/france3-regions.franceinfo.fr\/hauts-de-france\/nord-0\/tourcoing\/de-l-incomprehension-et-de-la-tristesse-une-quarantaine-de-salaries-de-l-imprimerie-paragon-en-greve-apres-l-annonce-de-la-suppression-de-63-postes-3242095.html\">Une quarantaine de salari\u00e9s de l&rsquo;imprimerie Paragon en gr\u00e8ve apr\u00e8s l&rsquo;annonce de la suppression de 63 postes<\/a> (franceinfo)<\/p>\n\n\n\n<p><a href=\"https:\/\/www.ouest-france.fr\/normandie\/bourguebus-14540\/la-situation-na-pas-bouge-la-mobilisation-dure-dans-cette-entreprise-de-lin-pres-de-caen-10a017f6-b666-11f0-82c7-21cf9bb02d71\">\u00ab&nbsp;La situation n\u2019a pas boug\u00e9&nbsp;\u00bb, la mobilisation dure dans cette entreprise de lin pr\u00e8s de Caen<\/a> (Ouest-France)<\/p>\n\n\n\n<p><strong>Monde<\/strong><\/p>\n\n\n\n<p><strong><a href=\"https:\/\/www.politis.fr\/articles\/2025\/10\/paul-biya-reelu-colere-et-repression-au-cameroun\/\">Paul Biya r\u00e9\u00e9lu\u00a0: col\u00e8re et r\u00e9pression au Cameroun<\/a> (Politis)<\/strong><\/p>\n\n\n\n<p><a href=\"https:\/\/africanmanager.com\/la-federation-generale-des-banques-maintient-la-greve-prevue-les-3-et-4-novembre-2025\/\"><strong>Tunisie<\/strong> : La f\u00e9d\u00e9ration g\u00e9n\u00e9rale des banques maintient la gr\u00e8ve pr\u00e9vue les 3 et 4 novembre 2025<\/a> (African Manager)<\/p>\n\n\n\n<p><a href=\"https:\/\/blogs.mediapart.fr\/nayra-prieto\/blog\/011125\/equateur-la-greve-qui-ne-courbe-pas-l-echine-el-paro-que-no-se-rinde\"><strong>Equateur<\/strong>: La gr\u00e8ve qui ne courbe pas l\u2019\u00e9chine (El paro que no se rinde)<\/a> (Le Club de Mediapart)<\/p>\n\n\n\n<p><a href=\"https:\/\/burkina24.com\/2025\/10\/01\/nigeria-greve-des-travailleurs-du-petrole-apres-des-licenciements-massifs-chez-dangote\/\"><strong>Nigeria<\/strong> : Gr\u00e8ve des travailleurs du p\u00e9trole apr\u00e8s des licenciements massifs chez Dangote<\/a> (Burkina 24)<\/p>\n\n\n\n<p><a href=\"https:\/\/www.letemps.ch\/suisse\/mesures-d-economie-les-fonctions-publiques-vaudoise-et-genevoise-annoncent-des-greves-en-novembre\"><strong>Suisse<\/strong> : Mesures d\u2019\u00e9conomie: les fonctions publiques vaudoise et genevoise feront gr\u00e8ve en novembre<\/a> (Le Temps)<\/p>\n\n\n\n<p><a href=\"https:\/\/www.24heures.ca\/2025\/10\/31\/facultes-etudiantes-de-medecine-en-greve-cest-majeur\"><strong>Qu\u00e9bec<\/strong> : Facult\u00e9s de m\u00e9decine en gr\u00e8ve: \u00abC\u2019est majeur!\u00bb<\/a> (24 heures)<\/p>\n\n\n\n<p><a href=\"https:\/\/tchadinfos.com\/2025\/10\/31\/les-etudiants-de-luniversite-adam-barka-dabeche-declenchent-une-greve-seche-et-illimitee\/\"><strong>Tchad<\/strong> : Les \u00e9tudiants de l\u2019Universit\u00e9 Adam Barka d\u2019Ab\u00e9ch\u00e9 d\u00e9clenchent une gr\u00e8ve\u00a0s\u00e8che et illimit\u00e9e<\/a> (Tchad Infos)<\/p>\n\n\n\n<p><a href=\"https:\/\/www.zonebourse.com\/actualite-bourse\/des-agents-de-la-border-force-britannique-prevoient-une-greve-pour-protester-contre-les-salaires-ce7d5cd8d88bf225\">Des agents de la Border Force <strong>britannique<\/strong> pr\u00e9voient une gr\u00e8ve pour protester contre les salaires<\/a> (Zonebourse)<\/p>\n\n\n\n<p class=\"has-text-color has-link-color wp-elements-d2dfe8ec5221931e8c6b1c92e9a3a2bc\" style=\"color:#f20a0a\"><strong>31 octobre<\/strong><\/p>\n\n\n\n<p><a href=\"https:\/\/rebellyon.info\/1er-2-Novembre-Week-end-artivisme-contre-32421\">1er\/2&nbsp;Novembre &#8211; Week end artivisme contre le 2e&nbsp;Lyon Turin<\/a> (Rebellyon)<\/p>\n\n\n\n<p><strong>Gr\u00e8ves<\/strong><\/p>\n\n\n\n<p><a href=\"https:\/\/lepoing.net\/au-chu-de-montpellier-les-salaries-donet-de-nouveau-en-greve-reconductible\/\">Au CHU de Montpellier, les salari\u00e9s d\u2019Onet de nouveau en gr\u00e8ve reconductible<\/a> (Le Poing)<\/p>\n\n\n\n<p><a href=\"https:\/\/www.ouest-france.fr\/economie\/transports\/bus\/a-saint-malo-les-conducteurs-de-bus-des-lignes-urbaines-du-reseau-mat-en-greve-lundi-3-novembre-630cbfc0-b5b3-11f0-8e45-c65a76303a8d\">\u00c0 Saint-Malo, les conducteurs de bus des lignes urbaines du r\u00e9seau MAT en gr\u00e8ve lundi 3&nbsp;novembre<\/a> (Ouest-France)<\/p>\n\n\n\n<p><a href=\"https:\/\/www.francebleu.fr\/infos\/economie-social\/belfort-accord-de-sortie-de-crise-et-fin-de-la-greve-chez-arabelle-solutions-7508120\">Belfort&nbsp;: accord de sortie de crise et fin de la gr\u00e8ve chez Arabelle Solutions<\/a> (ici)<\/p>\n\n\n\n<p><a href=\"https:\/\/actu.fr\/normandie\/granville_50218\/deux-jours-de-greve-chez-aptar-stelmi-dans-la-manche-pendant-les-negociations-avec-la-direction_63374112.html\">Deux jours de gr\u00e8ve chez Aptar-Stelmi dans la Manche pendant les n\u00e9gociations avec la direction<\/a> (La Gazette de la Manche)<\/p>\n\n\n\n<p><a href=\"https:\/\/france3-regions.franceinfo.fr\/normandie\/calvados\/on-a-decide-de-ne-plus-livrer-greve-illimitee-chez-cibem-le-fabricant-de-boites-de-camembert-en-pleine-periode-strategique-3241777.html\">\u00ab\u00a0On a d\u00e9cid\u00e9 de ne plus livrer\u00a0\u00bb : gr\u00e8ve illimit\u00e9e chez Cibem, le fabricant de bo\u00eetes de camembert, en pleine p\u00e9riode strat\u00e9gique<\/a> (franceinfo)<\/p>\n\n\n\n<p><a href=\"https:\/\/www.revolutionpermanente.fr\/Antinea-soutenons-les-aides-a-domicile-en-greve-contre-leurs-conditions-de-travail-indignes\">Antin\u00e9a&nbsp;: soutenons les aides \u00e0 domicile en gr\u00e8ve contre leurs conditions de travail&nbsp;indignes&nbsp;!<\/a> (RP)<\/p>\n\n\n\n<p><a href=\"https:\/\/www.midilibre.fr\/2025\/10\/30\/des-points-critiques-a-lorigine-dun-profond-malaise-40-salaries-en-greve-a-lantenne-presence-verte-de-pignan-13023992.php\">\u00ab\u00a0Des points critiques \u00e0 l\u2019origine d\u2019un profond malaise\u00a0\u00bb&nbsp;: 40 salari\u00e9s en gr\u00e8ve \u00e0 l\u2019antenne \u00ab\u00a0Pr\u00e9sence Verte\u00a0\u00bb de Pignan<\/a> (Midi Libre)<\/p>\n\n\n\n<p><a href=\"https:\/\/www.paris-normandie.fr\/id670419\/article\/2025-10-30\/greve-la-raffinerie-de-gonfreville-lorcher-le-prefet-avait-il-le-droit-de\">Gr\u00e8ve \u00e0 la raffinerie de Gonfreville-l\u2019Orcher&nbsp;: le pr\u00e9fet avait-il le droit de r\u00e9quisitionner du personnel&nbsp;?<\/a> (Le Havre Paris-Normandie)<\/p>\n\n\n\n<p><strong>Monde<\/strong><\/p>\n\n\n\n<p><a href=\"https:\/\/information.tv5monde.com\/economie\/suede-apres-deux-ans-de-greve-chez-tesla-un-syndicat-nentend-pas-abdiquer-2796612?amp\"><strong>Su\u00e9de<\/strong> : Su\u00e8de: apr\u00e8s deux ans de gr\u00e8ve chez Tesla, un syndicat n&rsquo;entend pas abdiquer<\/a> (TV5 Monde)<\/p>\n\n\n\n<p><a href=\"https:\/\/www.lesoir.be\/708172\/article\/2025-10-30\/nous-sommes-au-bord-de-la-noyade-une-prison-en-greve-face-aux-cellules-saturees\"><strong>Belgique<\/strong> : \u00ab&nbsp;Nous sommes au bord de la noyade&nbsp;\u00bb&nbsp;: une prison en gr\u00e8ve face aux cellules satur\u00e9es<\/a> (Le Soir)<\/p>\n\n\n\n<p><a href=\"https:\/\/www.rtl.be\/actu\/belgique\/societe\/la-greve-aura-bien-lieu-les-syndicats-du-rail-posent-un-preavis-de-3-jours-les\/2025-10-30\/article\/768747\"><strong>Belgique<\/strong> : La gr\u00e8ve aura bien lieu&nbsp;: les syndicats du rail posent un pr\u00e9avis de 3 jours, les dates sont connues<\/a> (RTL)<\/p>\n\n\n\n<p><a href=\"https:\/\/www.journaldemontreal.com\/2025\/10\/30\/les-autobus-et-les-metros-de-la-stm-a-larret-complet-samedi\"><strong>Montr\u00e9al<\/strong> : Une premi\u00e8re en 38 ans: le m\u00e9tro et les autobus de la STM \u00e0 l\u2019arr\u00eat complet samedi<\/a> (Le Journal de Montr\u00e9al)<\/p>\n\n\n\n<p><a href=\"https:\/\/tchadinfos.com\/2025\/10\/30\/administration-penitentiaire-deux-syndicats-lancent-un-preavis-de-greve\/\"><strong>Tchad<\/strong> : Administration p\u00e9nitentiaire : deux syndicats lancent un pr\u00e9avis de gr\u00e8ve<\/a> (Tchad Infos)<\/p>\n\n\n\n<p><a href=\"v\"><strong>Tunisie<\/strong> : Gr\u00e8ve bancaire des 3 et 4 novembre : le CBF d\u00e9nonce un mouvement \u201cinjustifi\u00e9\u201d<\/a> (La Presse)<\/p>\n\n\n\n<p><a href=\"https:\/\/www.evenement.ch\/index.php\/articles\/soutien-massif-des-macons-la-greve\"><strong>Suisse<\/strong> : Soutien massif des ma\u00e7ons \u00e0 la gr\u00e8ve<\/a> (L\u2019\u00c9v\u00e9nement syndical)<\/p>\n\n\n\n<p><strong>Analyses<\/strong><\/p>\n\n\n\n<p><strong><a href=\"https:\/\/www.contretemps.eu\/travail-gratuit-jeux-olympiques-maud-simonet\/\">Les Jeux Olympiques du travail gratuit. Un extrait du livre de Maud Simonet<\/a> (Contretemps)<\/strong><\/p>\n\n\n\n<p><strong><a href=\"https:\/\/www.humanite.fr\/social-et-economie\/cgt\/100-000-emplois-supprimes-la-cgt-a-recense-450-plans-de-licenciements-en-deux-ans\">100&nbsp;000 emplois supprim\u00e9s&nbsp;: la CGT a recens\u00e9 450 plans de licenciements en deux ans<\/a> (l\u2019Humanit\u00e9)<\/strong><\/p>\n\n\n\n<p><a href=\"https:\/\/basta.media\/dans-le-medico-social-les-sanctions-pleuvent-sur-les-salaries\">Dans le m\u00e9dico-social, les sanctions pleuvent sur les salari\u00e9s<\/a> (basta!)<\/p>\n\n\n\n<p><strong><a href=\"https:\/\/rapportsdeforce.fr\/pas-de-cote\/limitation-du-droit-de-greve-une-strategie-a-loeuvre-a-lechelle-europeenne-103125815\">Limitation du droit de gr\u00e8ve : une strat\u00e9gie \u00e0 l\u2019\u0153uvre \u00e0 l\u2019\u00e9chelle europ\u00e9enne<\/a> (Rapports de force)<\/strong><\/p>\n\n\n\n<p><a href=\"https:\/\/www.equaltimes.org\/pour-mettre-fin-a-l\">Pour mettre fin \u00e0 l\u2019invisibilisation des difficiles conditions de travail des ouvri\u00e8res agricoles de Tunisie, un syndicat sensibilise et accompagne le changement<\/a> (Equal Times)<\/p>\n\n\n\n<p class=\"has-text-color has-link-color wp-elements-48fb7bb01f4030ad63345c783a508331\" style=\"color:#f40c0c\"><strong>30 octobre<\/strong><\/p>\n\n\n\n<p><a href=\"https:\/\/rebellyon.info\/Journee-de-solidarite-avec-la-Palestine-a-32417\">Journ\u00e9e de solidarit\u00e9 avec la Palestine \u00e0 Lyon samedi 1er&nbsp;novembre<\/a> (Rebellyon)<\/p>\n\n\n\n<p><a href=\"https:\/\/www.revolutionpermanente.fr\/RATP-La-direction-invite-les-encadrants-a-mieux-surveiller-et-denoncer-les-musulman-es\">RATP. La direction invite les encadrants \u00e0 mieux surveiller et d\u00e9noncer les musulman\u00b7es<\/a> (RP)<\/p>\n\n\n\n<p><strong>Gr\u00e8ves<\/strong><\/p>\n\n\n\n<p><a href=\"https:\/\/www.leparisien.fr\/eure-et-loir-28\/en-greve-des-agents-hospitaliers-de-dreux-denoncent-lutilisation-de-produits-dentretien-inefficaces-30-10-2025-EELB4FPJ6VGQXGQR7VHA2I6NRQ.php\">En gr\u00e8ve, des agents hospitaliers de Dreux d\u00e9noncent l\u2019utilisation de produits d\u2019entretien \u00ab&nbsp;inefficaces&nbsp;\u00bb<\/a> (Le Parisien)<\/p>\n\n\n\n<p><a href=\"https:\/\/www.federationsolidarite.org\/campagnes\/en-cours\/greve-du-chomage\/\">Gr\u00e8ve du ch\u00f4mage : la FAS se mobilise<\/a> (F\u00e9d\u00e9ration des Acteurs de la Solidarit\u00e9)<\/p>\n\n\n\n<p><a href=\"https:\/\/solidaires.org\/sinformer-et-agir\/actualites-et-mobilisations\/locales\/expulses-par-la-force-il-y-a-un-an-de-leur-piquet-de-greve-a-chronopost-alfortville-les-travailleurs-sans-papiers-toujours-mobilises-pour-la-regularisation-et-contre-les-oqtf-vendredi-31-octobre-2025-16h-devant-la-prefecture-a-creteil\/\">Alfortville : Les travailleurs sans-papiers toujours mobilis\u00e9s pour la r\u00e9gularisation et contre les OQTF !<\/a> (Solidaires)<\/p>\n\n\n\n<p><a href=\"https:\/\/letrois.info\/economie-social\/belfort-le-piquet-de-greve-leve-a-arabelle-solutions\/\">Arabelle Solutions : la gr\u00e8ve se poursuit mais le blocage de la rue a \u00e9t\u00e9 lev\u00e9<\/a> (Le Troi3)<\/p>\n\n\n\n<p><a href=\"https:\/\/www.autoplus.fr\/actualite\/les-chauffeurs-de-porte-vehicules-de-stellantis-sont-en-greve-1404893.html\">Les chauffeurs de porte-v\u00e9hicules de Stellantis sont en gr\u00e8ve<\/a> (Auto Plus)<\/p>\n\n\n\n<p><a href=\"https:\/\/la1ere.franceinfo.fr\/martinique\/preavis-de-greve-illimitee-aux-urgences-du-chu-de-martinique-a-partir-du-3-novembre-1638139.html\">Pr\u00e9avis de gr\u00e8ve illimit\u00e9e aux urgences du CHU de Martinique \u00e0 partir du 3 novembre<\/a> (franceinfo)<\/p>\n\n\n\n<p><a href=\"https:\/\/actu.fr\/grand-est\/strasbourg_67482\/strasbourg-greve-a-la-cts-le-trafic-perturbe-vendredi-31-octobre-les-bus-et-certains-tramways-impactes_63367947.html\">Strasbourg. Gr\u00e8ve \u00e0 la CTS : les trams et les bus perturb\u00e9s ce vendredi, ce qu&rsquo;il faut savoir<\/a> (actu Strasbourg)<\/p>\n\n\n\n<p><a href=\"https:\/\/www.martinique.franceantilles.fr\/actualite\/sante\/preavis-de-greve-depose-par-les-urgentistes-on-veut-mieux-soigner-les-martiniquais-1055771.php\">Pr\u00e9avis de gr\u00e8ve d\u00e9pos\u00e9 par les urgentistes : \u00ab&nbsp;On veut mieux soigner les Martiniquais&nbsp;\u00bb<\/a> (France-Antilles)<\/p>\n\n\n\n<p><a href=\"https:\/\/www.lemediatv.fr\/emissions\/2025\/maltraitance-generalisee-dans-les-ehpad-les-aides-soignant-e-s-appellent-a-la-greve-nx1-p1b1RR2YY3gOQDfYAw\">Maltraitance g\u00e9n\u00e9ralis\u00e9e dans les EHPAD&nbsp;: les aides-soignant\u00b7e\u00b7s appellent \u00e0 la gr\u00e8ve<\/a> (Le M\u00e9dia)<\/p>\n\n\n\n<p><a href=\"https:\/\/www.nicematin.com\/societe\/greves\/les-gens-ne-parlent-plus-ils-se-taisent-ou-ils-partent-a-grasse-le-dialogue-social-au-point-mort-chez-les-conducteurs-de-bus-10654543\">\u00ab Les gens ne parlent plus. Ils se taisent ou ils partent \u00bb&nbsp;: \u00e0 Grasse, le dialogue social au point mort chez les conducteurs de bus<\/a> (Nice-Matin)<\/p>\n\n\n\n<p><strong>Monde<\/strong><\/p>\n\n\n\n<p><a href=\"https:\/\/www.wsws.org\/fr\/articles\/2025\/10\/30\/clfe-o30.html\"><strong>Canada<\/strong> : Le gouvernement de l\u2019Alberta pi\u00e9tine les droits d\u00e9mocratiques et criminalise la gr\u00e8ve de 50&nbsp;000 enseignants<\/a> (WSWS)<\/p>\n\n\n\n<p><a href=\"https:\/\/www.boursorama.com\/bourse\/actualites-amp\/les-travailleurs-de-volkswagen-au-tennessee-votent-pour-autoriser-la-greve-89dc7f4c04b23625fac11febb7253105\">Les travailleurs de Volkswagen au <strong>Tennessee<\/strong> votent pour autoriser la gr\u00e8ve<\/a> (Boursorama)<\/p>\n\n\n\n<p><a href=\"https:\/\/www.lalibre.be\/dernieres-depeches\/2025\/10\/29\/la-greve-se-poursuit-au-centre-de-distribution-de-bpost-a-furnes-WEH663O6Q5HG3NIXVVVXTQBKYU\/\"><strong>Belgique<\/strong> : La gr\u00e8ve se poursuit au centre de distribution de bpost \u00e0 Furnes<\/a> (La Libre)<\/p>\n\n\n\n<p><a href=\"https:\/\/www.radiookapi.net\/2025\/10\/29\/actualite\/politique\/appel-la-suspension-de-la-greve-des-agents-administratifs-de\"><strong>RDC<\/strong> : Appel \u00e0 la suspension de la gr\u00e8ve des agents administratifs de l\u2019Assembl\u00e9e nationale<\/a> (Radio Okapi)<\/p>\n\n\n\n<p><a href=\"https:\/\/www.zonebourse.com\/actualite-bourse\/les-agents-de-securite-de-la-banque-d-angleterre-annoncent-une-greve-pour-le-13-novembre-ce7d5dd2dc8cf421\">Gr\u00e8ve des agents de s\u00e9curit\u00e9 de la Banque d&rsquo;Angleterre pr\u00e9vue pour le 13 novembre<\/a> (Zonebourse)<\/p>\n\n\n\n<p><strong>Analyses<\/strong><\/p>\n\n\n\n<p><a href=\"https:\/\/lvsl.fr\/les-gilets-jaunes-et-la-culture-de-linsurrection-retour-sur-les-autonomes\/\">Les gilets jaunes et la culture de l\u2019insurrectionnel : retour sur les \u201cautonomes\u201d<\/a> (LVSL)<\/p>\n\n\n\n<p><a href=\"https:\/\/www.contretemps.eu\/mexique-revolte-recurrente-modonesi\/\"><strong>Mexique<\/strong> : la r\u00e9volte r\u00e9currente<\/a> (Contretemps)<\/p>\n\n\n\n<p><a href=\"https:\/\/www.blast-info.fr\/articles\/2025\/tunisie-a-gabes-un-soulevement-historique-contre-la-pollution-chimique-ozYnZouWQQC0YKeBPKgk8g\"><strong>Tunisie<\/strong> : \u00e0 Gab\u00e8s, un soul\u00e8vement historique contre la pollution chimique<\/a> (blast)<\/p>\n\n\n\n<p><a href=\"https:\/\/lempaille.fr\/liquidation-des-pizzaiolos-automatiques\">Liquidation des pizza\u00efolos automatiques<\/a> (L\u2019empaill\u00e9)<\/p>\n\n\n\n<p class=\"has-text-color has-link-color wp-elements-0ed481118ce1968625b62b1e343bbfcd\" style=\"color:#f10707\"><strong>29 octobre<\/strong><\/p>\n\n\n\n<p><a href=\"https:\/\/aplutsoc.org\/2025\/10\/26\/le-15-novembre-marchons-sur-paris-contre-leur-budget-et-leur-monde\/\">LE 15 novembre, marchons sur Paris contre leur budget et leur monde&nbsp;!<\/a> (Aplutsoc)<\/p>\n\n\n\n<p><a href=\"https:\/\/www.cgt.fr\/actualites\/france\/sante-et-securite-au-travail\/tribune-le-travail-tue-et-il-tue-des-mineurs\">[Tribune] \u00ab Le travail tue, et il tue des mineurs \u00bb<\/a> (CGT)<\/p>\n\n\n\n<p><a href=\"https:\/\/www.inegalites.fr\/Un-jeune-adulte-sur-sept-se-sent-declasse-au-travail\">Un jeune adulte sur sept se sent d\u00e9class\u00e9 au travail<\/a> (Observatoire des in\u00e9galit\u00e9s)<\/p>\n\n\n\n<p><a href=\"https:\/\/www.politis.fr\/articles\/2025\/10\/entasses-dans-des-containers-50-detenus-de-kanaky-gagnent-au-tribunal\/\">Entass\u00e9s dans des containers, 50 d\u00e9tenus de Kanaky gagnent au tribunal<\/a> (Politis)<\/p>\n\n\n\n<p><a href=\"https:\/\/www.humanite.fr\/social-et-economie\/discrimination-au-travail\/comment-31-salaries-dun-call-center-ont-obtenu-la-condamnation-de-canal-plus-pour-discrimination-indirecte\">Comment 31 salari\u00e9s d&rsquo;un call center ont obtenu la condamnation de Canal Plus pour discrimination indirecte<\/a>&nbsp; (l\u2019Humanit\u00e9)<\/p>\n\n\n\n<p><a href=\"https:\/\/entreleslignesentrelesmots.wordpress.com\/2025\/10\/27\/droit-du-travail-la-cour-internationale-de-justice-se-prononce-sur-le-droit-de-greve\/\">Droit du travail&nbsp;: la Cour internationale de Justice se prononce sur le droit de&nbsp;gr\u00e8ve<\/a> (Entre les lignes entre les mots)<\/p>\n\n\n\n<p><strong>Gr\u00e8ves<\/strong><\/p>\n\n\n\n<p><a href=\"https:\/\/rapportsdeforce.fr\/classes-en-lutte\/montpellier-dans-le-medico-social-les-sanctions-pleuvent-sur-fond-de-coupes-budgetaires-et-de-mobilisations-102925784\">Montpellier&nbsp;: dans le m\u00e9dico-social, les sanctions pleuvent sur fond de coupes budg\u00e9taires et de mobilisations<\/a> (Rapports de force)<\/p>\n\n\n\n<p><a href=\"https:\/\/france3-regions.franceinfo.fr\/grand-est\/bas-rhin\/strasbourg-0\/on-manque-d-enseignants-et-on-ne-nous-appelle-pas-une-greve-de-la-faim-pour-denoncer-l-inhumanite-de-la-liste-complementaire-3240547.html\">\u00ab\u00a0On manque d&rsquo;enseignants et on ne nous appelle pas\u00a0\u00bb, une gr\u00e8ve de la faim pour d\u00e9noncer \u00ab\u00a0l&rsquo;inhumanit\u00e9\u00a0\u00bb de la liste compl\u00e9mentaire <\/a>(franceinfo)<\/p>\n\n\n\n<p><a href=\"https:\/\/www.francebleu.fr\/infos\/economie-social\/fermeture-de-l-usine-teisseire-a-crolles-on-a-arrete-de-travailler-et-c-est-tres-dur-temoignent-les-grevistes-2401165\">Fermeture de l&rsquo;usine Teisseire \u00e0 Crolles&nbsp;: \u00ab\u00a0On a arr\u00eat\u00e9 de travailler et c&rsquo;est tr\u00e8s dur\u00a0\u00bb, t\u00e9moignent les gr\u00e9vistes<\/a> (ici)<\/p>\n\n\n\n<p><a href=\"https:\/\/letrois.info\/economie-social\/sochaux-des-chauffeurs-routiers-de-stellantis-en-greve-jusqua-nouvel-ordre\/\">Sochaux : des chauffeurs routiers de Stellantis en gr\u00e8ve jusqu\u2019\u00e0 nouvel ordre<\/a> (Le Troi3)<\/p>\n\n\n\n<p><a href=\"https:\/\/www.francebleu.fr\/emissions\/l-info-d-ici-ici-belfort-montbeliard\/arabelle-solutions-direction-et-grevistes-en-attente-du-jugement-a-belfort-1147609\">Arabelle Solutions&nbsp;: direction et gr\u00e9vistes en attente du jugement \u00e0 Belfort <\/a>(ici)<\/p>\n\n\n\n<p><a href=\"https:\/\/www.francebleu.fr\/infos\/economie-social\/bernaville-les-salaries-de-sfg-appeles-a-manifester-devant-le-siege-du-groupe-a-la-defense-8028510\">Fermeture de SFG \u00e0 Bernaville&nbsp;: les salari\u00e9s appel\u00e9s \u00e0 manifester devant le si\u00e8ge du groupe \u00e0 la D\u00e9fense<\/a> (ici)<\/p>\n\n\n\n<p><a href=\"https:\/\/www.ledauphine.com\/social\/2025\/10\/28\/isere-grenoble-pour-le-syndicat-sud-la-ville-porte-atteinte-au-droit-de-greve-du-personnel-des-ecoles-ils-agissent-comme-les-pires-des-macronistes\">Pour le syndicat Sud, la Ville porte atteinte au droit de gr\u00e8ve du personnel des \u00e9coles&nbsp;:&nbsp;\u00ab&nbsp;Ils agissent comme les pires des macronistes&nbsp;\u00bb<\/a> (Le Dauphin\u00e9)<\/p>\n\n\n\n<p><a href=\"https:\/\/www.guadeloupe.franceantilles.fr\/actualite\/sante\/chu-des-mutualisations-qui-creent-des-tensions-1055661.php\">CHU : des mutualisations qui cr\u00e9ent des tensions<\/a> (France-Antilles)<\/p>\n\n\n\n<p><strong>Monde<\/strong><\/p>\n\n\n\n<p><a href=\"https:\/\/www.wsws.org\/fr\/articles\/2025\/10\/29\/kewt-o29.html\">La fermeture de l\u2019usine CAMI de GM en <strong>Ontario<\/strong> d\u00e9montre l\u2019impasse du partenariat nationaliste entre Unifor et le patronat canadien<\/a> (WSWS)<\/p>\n\n\n\n<p><a href=\"https:\/\/www.rtbf.be\/article\/apres-plusieurs-actions-de-zele-les-syndicats-des-douanes-deposent-un-preavis-de-greve-11623637\"><strong>Belgique<\/strong> : Apr\u00e8s plusieurs actions de z\u00e8le, les syndicats des douanes d\u00e9posent un pr\u00e9avis de gr\u00e8ve <\/a>(RTBF)<\/p>\n\n\n\n<p><a href=\"https:\/\/www.liberation.fr\/culture\/musique\/a-venise-le-theatre-de-la-fenice-en-greve-pour-denoncer-larrivee-dune-directrice-musicale-proche-de-giorgia-meloni-20251028_TM5YLRLEEZCETEQHSJUSC6RZT4\/\">A <strong>Venise<\/strong>, le th\u00e9\u00e2tre de la Fenice en gr\u00e8ve pour d\u00e9noncer l\u2019arriv\u00e9e d\u2019une directrice musicale proche de Giorgia Meloni<\/a> (Lib\u00e9ration)<\/p>\n\n\n\n<p><a href=\"https:\/\/www.lfm.ch\/actualite\/suisse\/romandie\/geneve\/greve-des-notes-retenue-salariale-disproportionnee\/\"><strong>Suisse<\/strong> : Gr\u00e8ve des notes: retenue salariale \u00ab\u00a0disproportionn\u00e9e\u00a0\u00bb<\/a> (lfm)<\/p>\n\n\n\n<p><a href=\"https:\/\/www.blick.ch\/fr\/suisse\/secteur-de-la-construction-desaccord-total-entre-syndicats-et-employeurs-id21369119.html\"><strong>Suisse<\/strong> : D\u00e9saccord total entre syndicats et employeurs<\/a> (Blick)<\/p>\n\n\n\n<p><a href=\"https:\/\/guineenews.org\/2025\/10\/28\/kankan-le-snaesurs-lance-un-mot-dordre-de-greve-a-luniversite-julius-nyerere\/\"><strong>Guin\u00e9e<\/strong> : Kankan : le SNAESURS lance un mot d\u2019ordre de gr\u00e8ve \u00e0 l\u2019Universit\u00e9 Julius Nyerere<\/a> (Guin\u00e9e News)<\/p>\n\n\n\n<p><strong>Analyses<\/strong><\/p>\n\n\n\n<p><strong><a href=\"https:\/\/www.youtube.com\/watch?v=CQCbQNnJ8LQ\">2005-2025 : les quartiers, oubli\u00e9s ?&nbsp; &#8211; A l\u2019air libre<\/a> (Mediapart)<\/strong><\/p>\n\n\n\n<p><strong><a href=\"https:\/\/www.equaltimes.org\/prenez-le-ou-perdez-le-pourquoi-le\">\u00ab&nbsp;Prenez-le ou perdez-le&nbsp;\u00bb&nbsp;: Pourquoi le cong\u00e9 parental des hommes reste-t-il \u00e0 la traine et comment y rem\u00e9dier<\/a> (Equal Times)<\/strong><\/p>\n\n\n\n<p><strong><a href=\"https:\/\/www.alternatives-economiques.fr\/timothee-duverger\/leconomie-sociale-solidaire-setend-monde-entier\/00116571\">Comment l\u2019\u00e9conomie sociale et solidaire s\u2019\u00e9tend dans le monde entier<\/a> (Alternatives \u00c9conomiques)<\/strong><\/p>\n\n\n\n<p class=\"has-text-color has-link-color wp-elements-8f7bedbc79b63f2613570eee11766314\" style=\"color:#f10909\"><strong>28 octobre<\/strong><\/p>\n\n\n\n<p><strong><a href=\"https:\/\/www.cheminotcgt.fr\/tract\/le-6-novembre-2025-les-cheminot%C2%B7e%C2%B7s-retraite%C2%B7e%C2%B7s-en-action\/\">Le 6 novembre 2025, les cheminot-e-s retrait\u00e9-e-s en action !<\/a> (Cheminot CGT)<\/strong><\/p>\n\n\n\n<p><strong><a href=\"https:\/\/lareleveetlapeste.fr\/prison-ferme-pour-de-la-peinture-une-repression-qui-confine-a-lacharnement\/\">\u00ab&nbsp;Prison ferme pour de la peinture : une r\u00e9pression qui confine \u00e0 l\u2019acharnement \u00bb<\/a>&nbsp;(La Rel\u00e8ve et La Peste)<\/strong><\/p>\n\n\n\n<p><a href=\"https:\/\/lepoing.net\/montpellier-huit-familles-expulsees-dun-squat-sans-solution-de-relogement\/\">Montpellier : huit familles expuls\u00e9es d\u2019un squat sans solution de relogement<\/a> (Le Poing)<\/p>\n\n\n\n<p><a href=\"https:\/\/www.humanite.fr\/social-et-economie\/chauffeurs-vtc\/travail-dissimule-uber-bientot-au-penal\">Travail dissimul\u00e9&nbsp;: Uber bient\u00f4t au p\u00e9nal&nbsp;?<\/a> (l\u2019Humanit\u00e9)<\/p>\n\n\n\n<p><strong>Gr\u00e8ves<\/strong><\/p>\n\n\n\n<p><a href=\"https:\/\/www.revolutionpermanente.fr\/Debrayage-a-la-mediatheque-Jose-Cabanis-de-Toulouse-On-refuse-de-travailler-dans-ces-conditions\">D\u00e9brayage \u00e0 la m\u00e9diath\u00e8que Jos\u00e9 Cabanis de Toulouse&nbsp;: \u00ab&nbsp;On refuse de travailler dans ces conditions&nbsp;\u00bb<\/a> (RP)<\/p>\n\n\n\n<p><a href=\"https:\/\/www.revolutionpermanente.fr\/Mobilisation-des-assistantes-maternelles-a-Lormont-le-PS-attaque-le-droit-de-greve\">Mobilisation des assistantes-maternelles \u00e0 Lormont&nbsp;: le PS attaque le droit de gr\u00e8ve<\/a> (RP)<\/p>\n\n\n\n<p><a href=\"https:\/\/france3-regions.franceinfo.fr\/hauts-de-france\/nord-0\/valenciennes\/les-conducteurs-de-porte-vehicules-de-stellantis-en-greve-face-a-l-annonce-du-transfert-de-l-activite-de-transport-a-une-filiale-du-groupe-3239971.html\">Les conducteurs de porte-v\u00e9hicules de Stellantis en gr\u00e8ve face \u00e0 l&rsquo;annonce du transfert de l&rsquo;activit\u00e9 de transport \u00e0 une filiale du groupe<\/a> (franceinfo)<\/p>\n\n\n\n<p><a href=\"https:\/\/actu.fr\/normandie\/bourguebus_14092\/teillage-vandecandelaere-victoire-partielle-des-grevistes-a-caen-mais-la-cgt-parle-dinjustice_63360514.html\">Teillage Vandecandelaere : victoire partielle des gr\u00e9vistes \u00e0 Caen, mais la CGT parle d&rsquo;injustice<\/a> (libert\u00e9)<\/p>\n\n\n\n<p><a href=\"https:\/\/www.estrepublicain.fr\/economie\/2025\/10\/27\/greve-chez-arabelle-solutions-des-grevistes-assignes-au-tribunal-ce-mardi\">Gr\u00e8ve chez Arabelle Solutions : des gr\u00e9vistes assign\u00e9s au tribunal ce mardi<\/a> (L\u2019Est R\u00e9publicain)<\/p>\n\n\n\n<p><a href=\"https:\/\/www.pressreader.com\/france\/nice-matin-cannes\/20251028\/281694031016351\">Climat social tendu chez Moventis<\/a> (Press Reader)<\/p>\n\n\n\n<p><strong>Monde<\/strong><\/p>\n\n\n\n<p><a href=\"https:\/\/www.humanite.fr\/monde\/cameroun\/cameroun-le-peuple-lutte-pour-ses-droits-apres-la-reelection-fumeuse-de-paul-biya\"><strong>Cameroun<\/strong> : le peuple lutte pour ses droits apr\u00e8s la r\u00e9\u00e9lection fumeuse de Paul Biya<\/a> (l\u2019Humanit\u00e9)<\/p>\n\n\n\n<p><a href=\"https:\/\/ici.radio-canada.ca\/nouvelle\/2202561\/loi-de-retour-ecole-fin-greve-enseignants\"><strong>Canada<\/strong> : L\u2019Alberta force la fin de la gr\u00e8ve des enseignants et invoque la disposition de d\u00e9rogation<\/a> (Radio Canada)<\/p>\n\n\n\n<p><a href=\"https:\/\/fgtb.be\/greve-novembre-2025\"><strong>Belgique<\/strong> : 26 novembre : GR\u00c8VE<\/a> (FGTB)<\/p>\n\n\n\n<p><a href=\"https:\/\/actualite.cd\/2025\/10\/27\/mwenga-greve-ce-lundi-pour-reclamer-la-reouverture-de-la-rn2-dans-son-troncon-entre\"><strong>RDC<\/strong> : Mwenga : gr\u00e8ve ce lundi pour r\u00e9clamer la r\u00e9ouverture de la RN2<\/a>&nbsp; (Actualit\u00e9.CD)<\/p>\n\n\n\n<p><a href=\"https:\/\/tchadinfos.com\/2025\/10\/27\/tchad-lunet-section-de-luniversite-de-ndjamena-lance-une-greve-illimitee\/\"><strong>Tchad<\/strong> : l\u2019UNET, section de l\u2019universit\u00e9 de N\u2019Djam\u00e9na, lance une gr\u00e8ve illimit\u00e9e<\/a> (Tchad Infos)<\/p>\n\n\n\n<p><a href=\"https:\/\/www.rtbf.be\/article\/des-punaises-de-lit-au-c-ur-d-un-conflit-chez-brussels-airlines-un-preavis-de-greve-depose-a-la-suite-du-licenciement-de-trois-hotesses-11622889\"><strong>Belgique<\/strong> : Des punaises de lit au c\u0153ur d\u2019un conflit chez Brussels Airlines&nbsp;: un pr\u00e9avis de gr\u00e8ve d\u00e9pos\u00e9 \u00e0 la suite du licenciement de trois h\u00f4tesses<\/a> (RTBF)<\/p>\n\n\n\n<p><strong>Enqu\u00eate<\/strong><\/p>\n\n\n\n<p><strong><a href=\"https:\/\/www.equaltimes.org\/le-travail-des-enfants-dans-l\">Le travail des enfants dans l\u2019agriculture en \u00c9gypte, un fl\u00e9au social au service des exportations agricoles vers l\u2019Europe<\/a> (Equal Times)<\/strong><\/p>\n\n\n\n<p>Analyses<\/p>\n\n\n\n<p><strong><a href=\"https:\/\/www.terrestres.org\/2025\/10\/28\/canal-seine-nord-europe\/\">Canal Seine-Nord&nbsp;Europe&nbsp;: \u00ab&nbsp;C\u2019est notre tombe qu\u2019on est en train de creuser&nbsp;\u00bb<\/a> (Terrestres)<\/strong><\/p>\n\n\n\n<p><strong><a href=\"https:\/\/www.contretemps.eu\/indonesie-2025-revolte-contre-oligarchie\/\">Indon\u00e9sie : ao\u00fbt 2025, la r\u00e9volte contre l\u2019oligarchie<\/a> (Contretemps)<\/strong><\/p>\n\n\n\n<p><strong><a href=\"https:\/\/theconversation.com\/quand-disneyland-ecoute-ses-travailleurs-mais-pas-vraiment-259459\">Quand Disneyland \u00e9coute ses travailleurs\u2026 mais pas&nbsp;vraiment<\/a> (The conversation)<\/strong><\/p>\n\n\n\n<p class=\"has-text-color has-link-color wp-elements-d4c5beca8e2404f5199810b0a0045c19\" style=\"color:#f80606\"><strong>27 octobre<\/strong><\/p>\n\n\n\n<p><strong>Gr\u00e8ves<\/strong><\/p>\n\n\n\n<p><a href=\"v\">Manque d&rsquo;effectifs, surpopulation carc\u00e9rale&nbsp;: les agents p\u00e9nitentiaires de la prison du Port en gr\u00e8ve<\/a> (Imaz press)<\/p>\n\n\n\n<p><a href=\"https:\/\/radio.vinci-autoroutes.com\/article\/greve-des-auto-ecoles-operation-escargot-sur-l-a7-entre-vitrolles-et-marseille-16542\">Auto-\u00e9coles : op\u00e9ration escargot sur l\u2019A7 entre Vitrioles et Marseille<\/a> (107.7)<\/p>\n\n\n\n<p><a href=\"https:\/\/www.herault-tribune.com\/articles\/greve-du-chomage-a-pezenas-cinq-ans-de-mobilisation-pour-le-projet-territoire-zero-chomeur\/\">Gr\u00e8ve du ch\u00f4mage \u00e0 P\u00e9zenas, cinq ans de mobilisation pour le projet Territoire z\u00e9ro ch\u00f4meur<\/a> (H\u00e9rault Tribune)<\/p>\n\n\n\n<p><a href=\"https:\/\/menil.info\/Soutien-aux-grevistes-d-ANTINEA-Emplois-Familiaux-Paris-20eme-2465\">Soutien aux gr\u00e9vistes d\u2019Antinea<\/a> (M\u00e9nil.info)<\/p>\n\n\n\n<p><strong>Monde<\/strong><\/p>\n\n\n\n<p><a href=\"https:\/\/www.wsws.org\/fr\/articles\/2025\/10\/25\/vvmz-o25.html\">Target, GM et Ford annoncent d\u2019autres licenciements, et les pertes d\u2019emplois totales aux <strong>\u00c9tats-Unis<\/strong> pour 2025 approchent le million<\/a> (WSWS)<\/p>\n\n\n\n<p><a href=\"https:\/\/www.rfi.fr\/fr\/am%C3%A9riques\/20251027-%C3%A9tats-unis-la-gr%C3%A8ve-des-machinistes-de-boeing-se-poursuit-apr%C3%A8s-le-rejet-d-une-nouvelle-proposition-d-accord\"><strong>\u00c9tats-Unis<\/strong>: la gr\u00e8ve des machinistes de Boeing se poursuit apr\u00e8s le rejet d&rsquo;une nouvelle proposition d&rsquo;accord<\/a> (RFI)<\/p>\n\n\n\n<p><a href=\"https:\/\/www.courrierinternational.com\/article\/analyse-en-egypte-la-grogne-sociale-progresse-a-bas-bruit_235839\">En <strong>\u00c9gypte<\/strong>, la grogne sociale progresse \u00e0 bas bruit<\/a> (Courrier International)<\/p>\n\n\n\n<p><a href=\"https:\/\/www.boursier.com\/actualites\/economie\/en-suede-la-greve-chez-tesla-entre-dans-sa-deuxieme-annee-53657.html\">En <strong>Su\u00e8de<\/strong>, la gr\u00e8ve chez Tesla entre dans sa deuxi\u00e8me ann\u00e9e <\/a>(Boursier.com)<\/p>\n\n\n\n<p><a href=\"https:\/\/www.lavenir.net\/actu\/societe\/sante\/2025\/10\/27\/les-travailleurs-du-secteur-de-la-chimie-annoncent-des-actions-la-mobilisation-se-poursuivra-et-sintensifiera-4QFKAMSTBFEM3H2I7JNDHTL5L4\/\"><strong>Belgique<\/strong> : Les travailleurs du secteur de la chimie annoncent des actions: \u00ab\u00a0La mobilisation se poursuivra et s&rsquo;intensifiera\u00a0\u00bb<\/a> (l\u2019Avenir)<\/p>\n\n\n\n<p><a href=\"https:\/\/midi-madagasikara.mg\/mpanabe-manova-ifotony-la-greve-dans-les-ecoles-publiques-se-poursuit\/\"><strong>Madagascar<\/strong> : \u00ab&nbsp;Mpanabe Manova Ifotony&nbsp;\u00bb&nbsp;: La gr\u00e8ve dans les \u00e9coles publiques se poursuit<\/a>&nbsp; (midimagasikara)<\/p>\n\n\n\n<p><a href=\"https:\/\/www.sudinfo.be\/id1058106\/article\/2025-10-27\/mecontents-des-modifications-liees-leurs-horaires-les-douaniers-du-port-danvers\"><strong>Belgique<\/strong> : M\u00e9contents des modifications li\u00e9es \u00e0 leurs horaires, les douaniers du port d\u2019Anvers entament une gr\u00e8ve du z\u00e8le ce lundi<\/a> (SudInfo)<\/p>\n\n\n\n<p><a href=\"https:\/\/fr.ncr-iran.org\/uncategorized\/greves-et-manifestations-publiques-en-iran-divers-secteurs-denoncent-la-corruption\/\">Gr\u00e8ves et manifestations publiques en <strong>Iran<\/strong> : divers secteurs d\u00e9noncent la corruption<\/a> (CNRI)<\/p>\n\n\n\n<p><a href=\"https:\/\/www.pressafrik.com\/Justice-sociale-les-educateurs-specialises-annoncent-une-serie-de-greve-pour-denoncer-leurs-conditions-de-travail_a296704.html\"><strong>S\u00e9n\u00e9gal<\/strong> : Justice sociale : les \u00e9ducateurs sp\u00e9cialis\u00e9s annoncent une s\u00e9rie de gr\u00e8ve pour d\u00e9noncer leurs conditions de travail<\/a> (PressAfrik)<\/p>\n\n\n\n<p><strong>Analyses<\/strong><\/p>\n\n\n\n<p><a href=\"https:\/\/basta.media\/apres-mort-zyed-et-bouna-ce-que-changent-les-revoltes-urbaines-aux-violences-policieres\">Apr\u00e8s Zyed et Bouna, ce que changent les r\u00e9voltes urbaines aux violences polici\u00e8res<\/a> (basta!)<\/p>\n\n\n\n<p><a href=\"https:\/\/www.politis.fr\/articles\/2025\/10\/tribune-vingt-ans-apres-les-revoltes-sociales-lappel-des-quartiers-populaires\/\">Vingt ans apr\u00e8s les r\u00e9voltes sociales, l\u2019appel des quartiers populaires <\/a>(Politis)<\/p>\n\n\n\n<p><a href=\"https:\/\/cqfd-journal.org\/Convergences-en-divergences\">Convergences et divergences<\/a> (CQFD)<\/p>\n\n\n\n<p><strong>Reportage<\/strong><\/p>\n\n\n\n<p><a href=\"https:\/\/www.humanite.fr\/social-et-economie\/associations\/budget-2026-decouvrez-ces-amendements-baillons-qui-veulent-punir-les-associations-et-ong-qui-ne-se-tiendraient-pas-sages\">Budget&nbsp;2026&nbsp;: d\u00e9couvrez ces amendements b\u00e2illons qui veulent \u00ab&nbsp;punir&nbsp;\u00bb les associations et ONG qui \u00ab&nbsp;ne se tiendraient pas sages&nbsp;\u00bb<\/a> (l\u2019Humanit\u00e9)<\/p>\n\n\n\n<p class=\"has-text-color has-link-color wp-elements-a46c87926a1c9b1d48fd57eba2772665\" style=\"color:#f20606\"><strong>24 octobre<\/strong><\/p>\n\n\n\n<p><a href=\"https:\/\/lepoing.net\/syndicalisme-a-montpellier-sud-energie-milite-pour-socialiser-le-secteur\/\">Syndicalisme : \u00e0 Montpellier, Sud \u00c9nergie milite pour socialiser le secteur<\/a> (Le Poing)<\/p>\n\n\n\n<p><strong><a href=\"https:\/\/www.blast-info.fr\/articles\/2025\/souffrance-au-travail-le-rapport-qui-accable-france-televisions-nUjW-FMSSIGNXTWgYj3DTg\">Souffrance au travail : le rapport qui accable France T\u00e9l\u00e9visions<\/a> (blast)<\/strong><\/p>\n\n\n\n<p><strong>Gr\u00e8ves<\/strong><\/p>\n\n\n\n<p><a href=\"https:\/\/www.francebleu.fr\/infos\/economie-social\/fin-de-la-greve-a-luminess-ex-jouve-a-mayenne-des-negociations-s-ouvrent-sur-les-salaires-8768220\">Fin de la gr\u00e8ve \u00e0 Luminess (ex-Jouve) \u00e0 Mayenne, des n\u00e9gociations s&rsquo;ouvrent sur les salaires<\/a> (ici)<\/p>\n\n\n\n<p><a href=\"https:\/\/solidaires.org\/connaitre-ses-droits\/solidaires-fp\/les-preavis-de-greve\/preavis-de-greve-novembre-decembre-2025\/\">Pr\u00e9avis de gr\u00e8ve novembre\/d\u00e9cembre 2025<\/a> (Solidaires)<\/p>\n\n\n\n<p><a href=\"https:\/\/www.ouest-france.fr\/bretagne\/quimper-29000\/piscine-a-quimper-preavis-de-greve-jusqua-la-fin-de-lannee-2025-7ad1c81e-b0bb-11f0-a47e-021647b6acef\">Piscine \u00e0 Quimper&nbsp;: pr\u00e9avis de gr\u00e8ve jusqu\u2019\u00e0 la fin de l\u2019ann\u00e9e 2025 <\/a>(Ouest-France)<\/p>\n\n\n\n<p><a href=\"https:\/\/www.francebleu.fr\/emissions\/l-info-d-ici-ici-belfort-montbeliard\/la-grogne-s-intensifie-chez-arabelle-solutions-a-belfort-les-salaries-durcissent-le-mouvement-de-greve-3210458\">La grogne s\u2019intensifie chez Arabelle Solutions \u00e0 Belfort&nbsp;: les salari\u00e9s durcissent le mouvement de gr\u00e8ve<\/a> (ici)<\/p>\n\n\n\n<p><a href=\"https:\/\/www.francebleu.fr\/infos\/economie-social\/fermeture-de-l-usine-teisseire-a-crolles-une-cagnotte-lancee-pour-soutenir-les-grevistes-3960028\">Fermeture de l&rsquo;usine Teisseire \u00e0 Crolles&nbsp;: une cagnotte lanc\u00e9e pour soutenir les gr\u00e9vistes<\/a> (ici)<\/p>\n\n\n\n<p><a href=\"https:\/\/la1ere.franceinfo.fr\/guadeloupe\/grande-terre\/pointe-pitre\/greve-au-chu-le-personnel-mobilise-denonce-ses-conditions-de-travail-1636183.html\">Gr\u00e8ve au CHU : le personnel mobilis\u00e9 d\u00e9nonce ses conditions de travail<\/a> (franceinfo)<\/p>\n\n\n\n<p><a href=\"https:\/\/www.revolutionpermanente.fr\/Droit-de-greve-victoire-de-SUD-contre-l-offensive-de-la-mairie-de-Moudenc-a-Toulouse?amp=1\">Victoire.&nbsp;Droit de gr\u00e8ve&nbsp;: victoire de SUD contre l\u2019offensive de la mairie de Moudenc \u00e0 Toulouse<\/a> (RP)<\/p>\n\n\n\n<p><a href=\"https:\/\/lepoing.net\/montpellier-a-pierresvives-les-bibliothecaires-en-greve-contre-un-service-public-au-rabais\/\">Montpellier : \u00c0 Pierresvives, les biblioth\u00e9caires en gr\u00e8ve contre \u201cun service public au rabais\u201d<\/a> (Le Poing)<\/p>\n\n\n\n<p><a href=\"https:\/\/www.tendanceouest.com\/actualite-433233-sante-greve-illimitee-l-hopital-d-alencon-veut-faire-entendre-son-mecontentement\">Sant\u00e9. Gr\u00e8ve illimit\u00e9e&nbsp;: l&rsquo;h\u00f4pital d&rsquo;Alen\u00e7on veut faire entendre son m\u00e9contentement<\/a> (tendance ouest)<\/p>\n\n\n\n<p><a href=\"https:\/\/www.paris-normandie.fr\/id668820\/article\/2025-10-23\/ne-sait-pas-comment-se-projeter-lassociation-emergence-s-en-greve-rouen\">\u00ab&nbsp;On ne sait pas comment se projeter&nbsp;\u00bb&nbsp;: l\u2019association Emergence-s en gr\u00e8ve, \u00e0 Rouen<\/a> (Paris-Normandie)<\/p>\n\n\n\n<p><a href=\"https:\/\/www.lavoixdunord.fr\/1638878\/article\/2025-10-23\/l-intersyndicale-de-carrefour-douai-flers-envisage-de-faire-greve-l-approche-du\">L\u2019intersyndicale de Carrefour Douai-Flers envisage de faire gr\u00e8ve \u00e0 l\u2019approche du Black Friday et de No\u00ebl <\/a>(La Voix du Nord)<\/p>\n\n\n\n<p><strong>Monde<\/strong><\/p>\n\n\n\n<p><a href=\"https:\/\/www.wsws.org\/fr\/articles\/2025\/10\/24\/pmbk-o24.html\">La faim guette les travailleurs tandis que Donald Trump maintient la fermeture du gouvernement <strong>am\u00e9ricain<\/strong><\/a> (WSWS)<\/p>\n\n\n\n<p><a href=\"https:\/\/www.lorientlejour.com\/article\/1482287\/greve-des-fonctionnaires-menace-descalade-si-les-revendications-ne-sont-pas-satisfaites.html\"><strong>Liban<\/strong> : Gr\u00e8ve des fonctionnaires : menace d\u2019escalade si les revendications ne sont pas satisfaites<\/a> (L\u2019Orient-Le Jour)<\/p>\n\n\n\n<p><a href=\"https:\/\/www.boursier.com\/actualites\/economie\/les-medecins-residents-anglais-prevoient-une-nouvelle-greve-en-novembre-53649.html\"><strong>Royaume-Uni<\/strong> : Les m\u00e9decins r\u00e9sidents anglais pr\u00e9voient une nouvelle gr\u00e8ve en novembre<\/a> (<a href=\"http:\/\/Boursier.com\">Boursier.com<\/a>)<\/p>\n\n\n\n<p><a href=\"https:\/\/www.lalibre.be\/economie\/entreprises-startup\/2025\/10\/24\/greve-chez-boeing-une-offre-de-la-direction-finalement-soumise-au-vote-X4SVE6FYXRDITDTQDSAW6AFVNI\/\"><strong>Etats-unis<\/strong> : Gr\u00e8ve chez Boeing: une offre de la direction finalement soumise au vote<\/a> (Libre Eco)<\/p>\n\n\n\n<p><a href=\"https:\/\/www.sudinfo.be\/id1056919\/article\/2025-10-24\/greve-spontanee-des-bus-keolis-sprimont-un-appel-la-greve-lance-dautres-depots\"><strong>Belgique<\/strong> : Gr\u00e8ve spontan\u00e9e des bus Keolis \u00e0 Sprimont : un appel \u00e0 la gr\u00e8ve lanc\u00e9 \u00e0 d\u2019autres d\u00e9p\u00f4ts<\/a> (Sud Info)<\/p>\n\n\n\n<p><a href=\"https:\/\/www.sudinfo.be\/id1056990\/article\/2025-10-24\/mouvement-de-greve-chez-aviapartner-liege-airport-suite-au-licenciement\"><strong>Belgique<\/strong> : Mouvement de gr\u00e8ve chez Aviapartner \u00e0 Liege Airport suite au licenciement \u00ab&nbsp;injustifi\u00e9&nbsp;\u00bb d\u2019un travailleur<\/a> (Sud Info)<\/p>\n\n\n\n<p><a href=\"https:\/\/ch.zonebourse.com\/actualite-bourse\/royaume-uni-les-travailleurs-de-l-aerospatiale-de-leonardo-annoncent-une-greve-pour-reclamer-de-me-ce7d5dd9dd80f324\"><strong>Royaume-Uni<\/strong>&nbsp;: Les travailleurs de l&rsquo;a\u00e9rospatiale de Leonardo annoncent une gr\u00e8ve pour r\u00e9clamer de meilleurs salaires<\/a> (Zonebourse)<\/p>\n\n\n\n<p><a href=\"https:\/\/www.courrierinternational.com\/une\/une-du-jour-mega-strike-en-nouvelle-zelande-pour-denoncer-la-deterioration-des-conditions-de-travail_236673\">\u201cMega strike\u201d en <strong>Nouvelle-Z\u00e9lande<\/strong> pour d\u00e9noncer la d\u00e9t\u00e9rioration des conditions de travai<\/a>l (Courrier International)<\/p>\n\n\n\n<p><a href=\"https:\/\/www.noovo.info\/nouvelle\/les-musiciens-de-broadway-evitent-une-greve-en-sentendant-avec-les-producteurs.html\"><strong>Etats-Unis<\/strong> : Les musiciens de Broadway \u00e9vitent une gr\u00e8ve en s\u2019entendant avec les producteurs<\/a> (Noovo)<\/p>\n\n\n\n<p><a href=\"https:\/\/www.freshplaza.fr\/article\/9777175\/fruits-rouges-une-greve-des-travailleurs-interrompt-les-activites-d-hortifrut-au-perou\/\"><strong>P\u00e9rou<\/strong> : Hortifrut r\u00e9agit \u00e0 la gr\u00e8ve des travailleurs dans les exploitations de fruits rouges<\/a> (Fresh Plaza<\/p>\n\n\n\n<p><strong>Entretien<\/strong>&nbsp;<\/p>\n\n\n\n<p><strong><a href=\"https:\/\/www.revolutionpermanente.fr\/Bloquons-l-Europe-pour-la-Palestine-entretien-avec-deux-militants-des-greves-historiques-en-Italie\">\u00ab&nbsp;Bloquons l\u2019Europe pour la Palestine&nbsp;\u00bb&nbsp;: entretien avec deux militants des gr\u00e8ves historiques en Italie<\/a> (RP)<\/strong><\/p>\n\n\n\n<p><strong>Analyses<\/strong><\/p>\n\n\n\n<p><strong><a href=\"https:\/\/www.fraternitebj.info\/la-lutte-des-travailleurs-des-magasins-a-un-dollar-montre-comment-renforcer-le-pouvoir-meme-sans-syndicat\/\">La lutte des travailleurs des magasins \u00e0 un dollar montre comment renforcer le pouvoir m\u00eame sans syndicat<\/a> (Fraternit\u00e9)<\/strong><\/p>\n\n\n\n<p><strong><a href=\"https:\/\/www.contretemps.eu\/nation-peuple-nous-emancipation-sotiris\/\">De la nation au peuple : repenser le \u00ab nous \u00bb de l\u2019\u00e9mancipation<\/a> (Contretemps)<\/strong><\/p>\n\n\n\n<p><strong>Reportage<\/strong><\/p>\n\n\n\n<p><strong><a href=\"https:\/\/information.tv5monde.com\/terriennes\/en-islande-la-premiere-greve-des-femmes-fete-ses-50-ans-2795306\">En Islande, la premi\u00e8re gr\u00e8ve des femmes f\u00eate ses 50 ans<\/a> (TV5 Monde)<\/strong><\/p>\n\n\n\n<p class=\"has-text-color has-link-color wp-elements-d7487b8032792bc5d901c25612336c67\" style=\"color:#f40909\"><strong>23 octobre<\/strong><\/p>\n\n\n\n<p><a href=\"https:\/\/www.revolutionpermanente.fr\/Flics-hors-de-nos-facs-La-presidence-de-Lyon-2-envoie-les-CRS-contre-l-occupation-des-sans-facs\">La pr\u00e9sidence de Lyon 2 envoie les CRS contre l\u2019occupation&nbsp;des&nbsp;sans-facs<\/a> (RP)<\/p>\n\n\n\n<p><a href=\"https:\/\/www.revolutionpermanente.fr\/Chartres-Novo-Nordisk-prevoit-de-licencier-80-travailleurs-pour-rassurer-les-marches-financiers\">Chartres&nbsp;: Novo Nordisk pr\u00e9voit de licencier 80 travailleurs pour rassurer les march\u00e9s financiers<\/a> (RP)<\/p>\n\n\n\n<p><strong><a href=\"https:\/\/www.humanite.fr\/social-et-economie\/demandeurs-demploi\/rsa-16-associations-attaquent-letat-et-le-decret-sanctions-accuse-de-punir-au-lieu-de-soutenir\">\u00ab&nbsp;Le d\u00e9cret sanctions du RSA&nbsp;refl\u00e8te une id\u00e9ologie mortif\u00e8re&nbsp;\u00bb&nbsp;: 16 associations et syndicats attaquent l\u2019\u00c9tat, accus\u00e9 de \u00ab&nbsp;punir au lieu de soutenir&nbsp;\u00bb<\/a> (l\u2019Humanit\u00e9)<\/strong><\/p>\n\n\n\n<p><strong><a href=\"https:\/\/www.humanite.fr\/social-et-economie\/associations\/90-000-emplois-menaces-avec-le-budget-lecornu-ca-ne-tient-plus-pour-les-associations\">90&nbsp;000 emplois menac\u00e9s : la purge du budget Lecornu dans le monde associatif qui impactera directement votre quotidien <\/a>(l\u2019Humanit\u00e9)<\/strong><\/p>\n\n\n\n<p><a href=\"https:\/\/rebellyon.info\/Communique-suite-a-l-expulsion-des-locaux-32284\">Communiqu\u00e9 suite \u00e0 l\u2019expulsion des locaux de la S\u00e9curit\u00e9 Sociale<\/a> (Rebellyon)<\/p>\n\n\n\n<p><a href=\"https:\/\/www.bondyblog.fr\/reportages\/nous-voulons-des-hopitaux-pas-des-stades-la-diaspora-marocaine-en-echo-au-mouvement-genz212\/\">\u00ab Nous voulons des h\u00f4pitaux, pas des stades \u00bb : la diaspora marocaine en \u00e9cho au mouvement #GenZ212<\/a> (Le Bondy Blog)<\/p>\n\n\n\n<p><strong><a href=\"https:\/\/lacgt44.fr\/spip.php?article4212\">ARP\u00c8GE&nbsp;: un fiasco d\u00e9finitif, un scandale d\u2019\u00c9tat<\/a> (CGT)<\/strong><\/p>\n\n\n\n<p><strong>Gr\u00e8ves<\/strong><\/p>\n\n\n\n<p><a href=\"https:\/\/www.ouest-france.fr\/economie\/entreprises\/un-appel-a-la-greve-chez-luminess-apres-lannonce-dun-plan-de-sauvegarde-de-lemploi-efda3b8a-af4b-11f0-a612-0f338f9cdd87\">Un appel \u00e0 la gr\u00e8ve chez Luminess apr\u00e8s l\u2019annonce d\u2019un plan de sauvegarde de l\u2019emploi<\/a> (Ouest-France)<\/p>\n\n\n\n<p><a href=\"https:\/\/www.francebleu.fr\/infos\/sante-sciences\/a-l-hopital-d-alencon-les-syndicats-appellent-a-la-greve-illimitee-6100880\">\u00c0 l&rsquo;h\u00f4pital d&rsquo;Alen\u00e7on, les syndicats appellent \u00e0 la gr\u00e8ve illimit\u00e9e<\/a> (ici)<\/p>\n\n\n\n<p><a href=\"https:\/\/www.tendanceouest.com\/actualite-433205-rouen-un-long-mouvement-de-greve-sur-le-reseau-astuce-des-perturbations-sont-a-prevoir-les-samedis\">Rouen. Un long mouvement de gr\u00e8ve sur le R\u00e9seau Astuce<\/a> (tendance Ouest)<\/p>\n\n\n\n<p><a href=\"https:\/\/actu.fr\/normandie\/rouen_76540\/tourmente-a-emergences-les-salaries-ont-peur-et-vont-se-mettre-en-greve_63335647.html\">Tourmente \u00e0 \u00c9mergences : \u00ab&nbsp;les salari\u00e9s ont peur \u00bb et vont se mettre en gr\u00e8ve<\/a> (76 actu)<\/p>\n\n\n\n<p><a href=\"https:\/\/www.republicain-lorrain.fr\/economie\/2025\/10\/22\/nouvelle-greve-chez-logifare-85-licenciements-en-jeu-et-un-dialogue-toujours-tendu-entre-direction-et-salaries\">Nouvelle gr\u00e8ve chez Logifare : 85 licenciements en jeu et un dialogue toujours tendu entre direction et salari\u00e9s<\/a> (RL)<\/p>\n\n\n\n<p><a href=\"https:\/\/www.ouest-france.fr\/economie\/greve\/deux-syndicats-appellent-a-une-mobilisation-devant-lhopital-de-mamers-27d55406-af25-11f0-a612-0f338f9cdd87\">Deux syndicats appellent \u00e0 une mobilisation devant l\u2019h\u00f4pital de Mamers<\/a> (Le Maine Libre)<\/p>\n\n\n\n<p><strong>Monde<\/strong><\/p>\n\n\n\n<p><a href=\"https:\/\/www.wsws.org\/fr\/articles\/2025\/10\/23\/qegx-o23.html\">Plus de 2 000 travailleurs <strong>turcs<\/strong> en gr\u00e8ve chez TPI licenci\u00e9s<\/a> (WSWS)<\/p>\n\n\n\n<p><a href=\"https:\/\/www.wsws.org\/fr\/articles\/2025\/10\/23\/ktmc-o23.html\"><strong>Canada<\/strong> : La gr\u00e8ve de 51&nbsp;000 enseignants d\u2019Alberta entre dans sa troisi\u00e8me semaine et le gouvernement Smith menace d\u2019imposer une loi anti-gr\u00e8ve<\/a> (WSWS)<\/p>\n\n\n\n<p><a href=\"https:\/\/www.boursier.com\/actualites\/economie\/nouvelle-zelande-plus-de-100-000-fonctionnaires-en-greve-pour-reclamer-de-meilleurs-salaires-53642.html\"><strong>Nouvelle-Z\u00e9lande<\/strong>&nbsp;: plus de 100.000 fonctionnaires en gr\u00e8ve pour r\u00e9clamer de meilleurs salaires<\/a> (Boursier.com)<\/p>\n\n\n\n<p><a href=\"https:\/\/www.mayottehebdo.com\/actualite\/societe\/comores-les-employes-de-coca-cola-en-greve\/\"><strong>Comores<\/strong>&nbsp;: les employ\u00e9s de coca-cola en gr\u00e8ve<\/a> (Mayotte Info)<\/p>\n\n\n\n<p><a href=\"https:\/\/www.ledevoir.com\/actualites\/transports-urbanisme\/927099\/syndicat-confiant-obtenir-entente-avant-greve-stm\"><strong>Canada<\/strong> : Les chauffeurs de la STM feront aussi gr\u00e8ve pendant trois jours en novembre<\/a> (Le Devoir)<\/p>\n\n\n\n<p><a href=\"https:\/\/fr.investing.com\/news\/stock-market-news\/la-greve-chez-boeing-se-poursuit-liam-rejette-une-offre-irrespectueuse-93CH-3103946\"><strong>Etats-Unis<\/strong> : La gr\u00e8ve chez Boeing se poursuit, l\u2019IAM rejette une offre \u00ab\u00a0irrespectueuse<\/a>\u00a0\u00bb (Investing)<\/p>\n\n\n\n<p><a href=\"https:\/\/bamada.net\/ansongo-les-enseignants-des-ecoles-publiques-annoncent-une-greve-illimitee\"><strong>Mali<\/strong> : Ansongo, les enseignants des \u00e9coles publiques annoncent une gr\u00e8ve illimit\u00e9e<\/a> (Bamada)<\/p>\n\n\n\n<p><a href=\"https:\/\/www.zonebourse.com\/actualite-bourse\/greve-chez-bae-systems-apres-le-rejet-d-une-offre-salariale-de-3-6--ce7d5ddbd88df225\"><strong>Grande Bretagne<\/strong> : Gr\u00e8ve chez BAE Systems apr\u00e8s le rejet d&rsquo;une offre salariale de 3,6&nbsp;%<\/a> (Zonebourse)<\/p>\n\n\n\n<p><strong>Analyse<\/strong><\/p>\n\n\n\n<p><a href=\"https:\/\/theconversation.com\/les-cassos-ces-jeunes-ruraux-dont-on-ne-veut-pas-265333\">Les \u00ab&nbsp;cassos&nbsp;\u00bb, ces jeunes ruraux dont on&nbsp;ne&nbsp;veut&nbsp;pas<\/a> (The conversation)<\/p>\n\n\n\n<p class=\"has-text-color has-link-color wp-elements-5f2aa24deb2b824189136da4bab80393\" style=\"color:#f40606\"><strong>22 octobre<\/strong><\/p>\n\n\n\n<p><a href=\"https:\/\/www.revolutionpermanente.fr\/Reforme-de-la-formation-des-enseignants-colere-et-mobilisation-a-l-INSPE-de-Toulouse\">R\u00e9forme de la formation des enseignants&nbsp;: col\u00e8re et mobilisation \u00e0 l\u2019INSPE de Toulouse<\/a> (RP)<\/p>\n\n\n\n<p><a href=\"https:\/\/www.blast-info.fr\/articles\/2025\/avis-de-tempete-sur-lafp-6cQx5h-nRXGniqGyEEo70w\">Avis de temp\u00eate sur l\u2019AFP<\/a> (blast)<\/p>\n\n\n\n<p><strong>Gr\u00e8ves<\/strong><\/p>\n\n\n\n<p><a href=\"https:\/\/france3-regions.franceinfo.fr\/hauts-de-france\/nord-0\/lille\/greve-des-taxis-plusieurs-convois-de-chauffeurs-attendus-a-lille-pour-une-journee-de-manifestation-3237361.html\">Gr\u00e8ve des taxis : plusieurs convois de chauffeurs attendus \u00e0 Lille pour une journ\u00e9e de manifestation<\/a> (franceinfo)<\/p>\n\n\n\n<p><a href=\"https:\/\/www.force-ouvriere.fr\/a-la-clinique-de-l-estran-dans-la-manche-fo-combat-un-plan\">A la clinique de l\u2019Estran dans La Manche, FO combat un plan d\u00e9gradant l\u2019organisation du travail<\/a> (FO)<\/p>\n\n\n\n<p><a href=\"https:\/\/www.francebleu.fr\/infos\/economie-social\/une-semaine-de-greve-devant-les-ateliers-d-arabelle-solutions-a-belfort-8985647\">Une semaine de gr\u00e8ve devant les ateliers d&rsquo;Arabelle Solutions \u00e0 Belfort<\/a> (ici)<\/p>\n\n\n\n<p><a href=\"https:\/\/www.francebleu.fr\/infos\/sante-sciences\/le-centre-hospitalier-de-saint-calais-touche-par-un-preavis-de-greve-jusqu-a-vendredi-8823265\">Le centre hospitalier de Saint Calais touch\u00e9 par un pr\u00e9avis de gr\u00e8ve jusqu&rsquo;\u00e0 vendredi<\/a> (ici)<\/p>\n\n\n\n<p><a href=\"https:\/\/france3-regions.franceinfo.fr\/hauts-de-france\/somme\/amiens\/prime-de-penibilite-plan-de-formation-pour-faire-aboutir-leur-demande-les-brancardiers-du-chu-d-amiens-sont-en-greve-illimitee-3237445.html\">Prime de p\u00e9nibilit\u00e9, plan de formation&#8230; Les brancardiers du CHU d&rsquo;Amiens sont en gr\u00e8ve illimit\u00e9e<\/a> (franceinfo)<\/p>\n\n\n\n<p><a href=\"https:\/\/la1ere.franceinfo.fr\/guadeloupe\/chu-de-guadeloupe-une-nouvelle-mobilisation-d-envergure-prevue-ce-jeudi-1635529.html\">CHU de Guadeloupe : une nouvelle mobilisation d&rsquo;envergure pr\u00e9vue ce jeudi<\/a> (franceinfo)<\/p>\n\n\n\n<p><a href=\"https:\/\/www.revolutionpermanente.fr\/AG-de-500-personnes-rassemblement-au-rectorat-au-Mirail-la-greve-contre-l-austerite-se-massifie\">AG de 500 personnes, rassemblement au rectorat&nbsp;: au Mirail, la gr\u00e8ve contre l\u2019aust\u00e9rit\u00e9 se massifie<\/a> (RP)<\/p>\n\n\n\n<p><a href=\"https:\/\/jhm.fr\/la-cgt-lance-une-alarme-sociale-chez-keolis-chaumont\/\">La CGT lance une alarme sociale chez Keolis Chaumont<\/a> (Jhm)<\/p>\n\n\n\n<p><a href=\"https:\/\/www.zinfos974.com\/les-portes-de-lassociation-saint-francois-dassise-fermees-pour-les-grevistes-de-la-cgtr\/\">Les portes de l&rsquo;Association Saint-Fran\u00e7ois d&rsquo;Assise ferm\u00e9es pour les gr\u00e9vistes de la CGTR<\/a> (Zinfos 974)<\/p>\n\n\n\n<p><strong>Monde<\/strong><\/p>\n\n\n\n<p><a href=\"https:\/\/www.blast-info.fr\/articles\/2025\/etats-unis-trump-ricane-devant-des-manifestations-no-kings-dune-ampleur-inedite-I3K8iymGTIyoLqBVZo4L8g\"><strong>\u00c9tats-Unis<\/strong> : Trump ricane devant des manifestations \u00ab No Kings \u00bb d\u2019une ampleur in\u00e9dite<\/a> (blast)<\/p>\n\n\n\n<p><strong><a href=\"https:\/\/information.tv5monde.com\/afrique\/video\/respirer-est-un-droit-greve-generale-gabes-en-tunisie-pour-denoncer-la-pollution-dune-usine-vetuste-2795000\">\u00ab\u00a0Respirer est un droit\u00a0\u00bb: gr\u00e8ve g\u00e9n\u00e9rale \u00e0 Gab\u00e8s, en Tunisie, pour d\u00e9noncer la pollution d&rsquo;une usine v\u00e9tuste<\/a> (TV5 Monde)<\/strong><\/p>\n\n\n\n<p><a href=\"https:\/\/fgtb.be\/presse\/les-syndicats-lancent-un-appel-de-novembre-trois-jours-de-greve-les-24-25-et-26-novembre\"><strong>Belgique<\/strong> : Les syndicats lancent un \u00ab appel de novembre \u00bb : trois jours de gr\u00e8ve les 24, 25 et 26 novembre<\/a> (FGTB)<\/p>\n\n\n\n<p><a href=\"https:\/\/www.armenews.com\/les-postes-frontieres-armeniens-bloques-par-des-camionneurs-en-greve\/\"><strong>Arm\u00e9nie<\/strong> : Les postes-fronti\u00e8res arm\u00e9niens bloqu\u00e9s par des camionneurs en gr\u00e8ve<\/a> (NAM)<\/p>\n\n\n\n<p><strong><a href=\"https:\/\/www.pressegauche.org\/Le-maire-de-Chicago-appelle-a-la-greve-generale\">Le maire de Chicago appelle \u00e0 la gr\u00e8ve g\u00e9n\u00e9rale<\/a> (Presse-toi \u00e0 gauche)<\/strong><\/p>\n\n\n\n<p><a href=\"https:\/\/www.rtl.be\/actu\/belgique\/societe\/vers-une-greve-chez-brussels-airlines-les-syndicats-menacent-apres-le\/2025-10-21\/article\/767736\"><strong>Belgique<\/strong> : Vers une gr\u00e8ve chez Brussels Airlines ? Les syndicats menacent apr\u00e8s le licenciement de trois h\u00f4tesses<\/a> (RTL)<\/p>\n\n\n\n<p><a href=\"https:\/\/infobref.com\/greve-stm-2025-10\/\">\u00c0 <strong>Montr\u00e9al<\/strong>, les employ\u00e9s des transports en commun pr\u00e9voient une troisi\u00e8me gr\u00e8ve<\/a>&nbsp; (InfoBref)<\/p>\n\n\n\n<p><a href=\"https:\/\/www.broadwayworld.com\/translate\/fr\/AFM-Local-802-Prepared-to-Strike-Immediately-If-Contract-Isnt-Reached-By-Thursday-20251021\"><strong>Etats-Unis<\/strong> : Le syndicat AFM Local 802 pr\u00eat \u00e0 \u00ab\u00a0faire gr\u00e8ve imm\u00e9diatement\u00a0\u00bb si aucun accord n&rsquo;est trouv\u00e9 avant jeudi<\/a> (Broadway World)<\/p>\n\n\n\n<p><a href=\"https:\/\/www.tuntasonline.com\/tesla-en-suede-la-nouvelle-greve-inattendue-de-lentreprise-dascenseurs-qui-provoque-des-remous\/\">Tesla en <strong>Su\u00e8de<\/strong> : la nouvelle gr\u00e8ve inattendue de l\u2019entreprise d\u2019ascenseurs qui provoque des remous<\/a> (Tuntas)<\/p>\n\n\n\n<p><a href=\"https:\/\/mosaiqueguinee.com\/2025\/10\/greve-a-cdm-chine-lugtg-dement-les-propos-daboubacar-soumah-ustg\/\"><strong>Guin\u00e9e<\/strong> : Gr\u00e8ve \u00e0 CDM-Chine : l\u2019UGTG d\u00e9ment les propos d\u2019Aboubacar Soumah (USTG)<\/a> (Mosa\u00efque Guin\u00e9e)<\/p>\n\n\n\n<p><strong>Enqu\u00eate<\/strong>&nbsp;<\/p>\n\n\n\n<p><a href=\"https:\/\/www.equaltimes.org\/au-liban-le-travail-essentiel-des\">Au <strong>Liban<\/strong>, le travail essentiel des chiffonniers syriens dans l\u2019\u00e9conomie circulaire<\/a> (Equal Times)<\/p>\n\n\n\n<p><strong>Entretien<\/strong>&nbsp;<\/p>\n\n\n\n<p><strong><a href=\"https:\/\/www.contretemps.eu\/pourquoi-soulevement-italie-palestine-prinzi-coppola\/\">Pourquoi l\u2019Italie s\u2019est soulev\u00e9e pour la Palestine. Entretien avec Maurizio Coppola et Salvatore Prinzi<\/a> (Contretemps)<\/strong><\/p>\n\n\n\n<p><strong>Analyse<\/strong><\/p>\n\n\n\n<p><a href=\"https:\/\/www.inegalites.fr\/opinion-francais-sur-les-riches\">Id\u00e9e fausse&nbsp;: les Fran\u00e7ais n\u2019aiment pas les riches<\/a> (Observatoire des in\u00e9galit\u00e9s)<\/p>\n\n\n\n<p class=\"has-text-color has-link-color wp-elements-340e0c5d741009eb124fe247b7769de6\" style=\"color:#f30707\"><strong>20 octobre<\/strong><\/p>\n\n\n\n<p><a href=\"https:\/\/lepoing.net\/universite-paul-valery-des-vacataires-vires-a-cause-dune-erreur-humaine-de-calcul-dheures\/\">Universit\u00e9 Paul-Val\u00e9ry : des vacataires \u201cvir\u00e9s \u00e0 cause d\u2019une erreur humaine de calcul d\u2019heures\u201d<\/a> (Le Poing)<\/p>\n\n\n\n<p><a href=\"https:\/\/www.humanite.fr\/feminisme\/egalite-salariale\/inegalites-salariales-voici-la-date-a-laquelle-les-femmes-commenceront-a-travailler-gratuitement-cette-annee\">Dystopie&nbsp;? Les Fran\u00e7aises n\u2019ont plus que 15 jours ouvr\u00e9s \u00e0 \u00eatre pay\u00e9es\u2026 le reste de l\u2019ann\u00e9e, elles travailleront gratuitemen<\/a>t (l\u2019Humanit\u00e9)<\/p>\n\n\n\n<p><a href=\"https:\/\/www.streetpress.com\/sujet\/1760621950-ghiles-travailleur-algerien-surexploite-mort-dans-fete-foire-trone-sans-papiers-justice\">Ghiles S., travailleur alg\u00e9rien surexploit\u00e9, mort dans l\u2019indiff\u00e9rence d\u2019une f\u00eate foraine<\/a> (Street Press)<\/p>\n\n\n\n<p><strong>Gr\u00e8ves<\/strong><\/p>\n\n\n\n<p><a href=\"https:\/\/www.bienpublic.com\/economie\/2025\/10\/20\/greve-des-taxis-a-dijon-des-dizaines-de-vehicules-mobilises-suivez-l-evolution-de-la-situation\">Gr\u00e8ve des taxis \u00e0 Dijon : \u00ab&nbsp;La Direction de la CPAM reste \u00e0 l\u2019\u00e9coute de la profession \u00bb<\/a> (Le Bien Public)<\/p>\n\n\n\n<p><a href=\"https:\/\/letrois.info\/economie-social\/arabelle-solutions-le-piquet-de-greve-toujours-en-cours-lundi\/\">Arabelle Solutions : le piquet de gr\u00e8ve toujours en cours lundi<\/a> (Le Troi3)<\/p>\n\n\n\n<p><a href=\"https:\/\/france3-regions.franceinfo.fr\/normandie\/seine-maritime\/rouen\/metropole-de-rouen-un-vaste-mouvement-de-greve-prevu-sur-le-reseau-astuce-jusqu-a-noel-3236264.html\">M\u00e9tropole de Rouen : un vaste mouvement de gr\u00e8ve pr\u00e9vu sur le R\u00e9seau Astuce jusqu&rsquo;\u00e0 No\u00ebl<\/a> (franceinfo)<\/p>\n\n\n\n<p><a href=\"https:\/\/imazpress.com\/social\/preavis-de-greve-a-l-association-saint-francois-d-assise\">Association Saint-Fran\u00e7ois d&rsquo;Assise&nbsp;: pr\u00e9avis de gr\u00e8ve pour \u00ab\u00a0obtenir de meilleures conditions de travail\u00a0\u00bb<\/a> (Imaz Press)<\/p>\n\n\n\n<p><a href=\"https:\/\/www.tendanceouest.com\/actualite-433113-sante-un-appel-a-la-greve-illimitee-dans-les-hopitaux-d-alencon-et-mamers\">Sant\u00e9. Un appel \u00e0 la gr\u00e8ve illimit\u00e9e dans les h\u00f4pitaux d&rsquo;Alen\u00e7on et Mamers<\/a> (tendance ouest)<\/p>\n\n\n\n<p><a href=\"https:\/\/la1ere.franceinfo.fr\/guyane\/greve-au-sein-des-services-de-l-etat-en-guyane-des-discussions-entamees-1635026.html\">Gr\u00e8ve au sein des services de l&rsquo;\u00c9tat en Guyane : des discussions entam\u00e9es<\/a> (franceinfo)<\/p>\n\n\n\n<p><a href=\"https:\/\/la1ere.franceinfo.fr\/mayotte\/greve-de-la-barge-une-intersyndicale-annonce-un-droit-de-retrait-des-agents-a-partir-du-lundi-27-octobre-1634897.html\">Gr\u00e8ve de la barge : un droit de retrait des agents en vigueur \u00e0 partir de ce lundi \u00e0 6h<\/a> (franceinfo)<\/p>\n\n\n\n<p><a href=\"https:\/\/www.franceguyane.fr\/actualite\/economie-consommation\/brique-de-guyane-la-greve-sacheve-les-licenciements-commencent-1054675.php\">Brique de Guyane : la gr\u00e8ve s&rsquo;ach\u00e8ve, les licenciements commencent<\/a> (France-Antilles)<\/p>\n\n\n\n<p><a href=\"https:\/\/www.lobservateur.fr\/preavis-greve-depose-hopital-cambrai\/\">\u00ab&nbsp;On ne fait pas du business avec la sant\u00e9&nbsp;\u00bb, un pr\u00e9avis de gr\u00e8ve d\u00e9pos\u00e9 \u00e0 l\u2019h\u00f4pital de Cambrai<\/a> (L\u2019Observateur)<\/p>\n\n\n\n<p><a href=\"https:\/\/www.ledauphine.com\/economie\/2025\/10\/20\/fermeture-de-l-usine-teisseire-de-crolles-80-employes-en-greve-il-faut-empecher-ca\">Fermeture de l\u2019usine Teisseire de Crolles, 80 employ\u00e9s en gr\u00e8ve : \u00ab&nbsp;Il faut emp\u00eacher \u00e7a&nbsp;!&nbsp;\u00bb<\/a> (Le Dauphin\u00e9)<\/p>\n\n\n\n<p><strong>Monde<\/strong><\/p>\n\n\n\n<p><a href=\"https:\/\/www.lorientlejour.com\/article\/1481865\/contre-lhumiliation-et-les-privations-une-association-de-fonctionnaires-libanais-annonce-une-greve-jeudi.html\">Contre \u00ab l&rsquo;humiliation et les privations \u00bb, une association de fonctionnaires <strong>libanais<\/strong> annonce une gr\u00e8ve jeudi<\/a> (L\u2019Orient-Le Jour)<\/p>\n\n\n\n<p><a href=\"https:\/\/ici.radio-canada.ca\/nouvelle\/2200755\/greve-jour1-autobus-sto-transport-outaouais\"><strong>Canada<\/strong> : Gr\u00e8ve \u00e0 la STO&nbsp;: arbitrage refus\u00e9 \u00ab&nbsp;par respect pour nos membres&nbsp;\u00bb, dit le syndicat<\/a> (Radio Canada)<\/p>\n\n\n\n<p><a href=\"https:\/\/www.lopinion.ma\/Les-agents-de-securite-privee-en-greve-nationale_a72986.html\"><strong>Maroc<\/strong> : Les agents de s\u00e9curit\u00e9 priv\u00e9e en gr\u00e8ve nationale<\/a> (Le Quotidien)<\/p>\n\n\n\n<p><a href=\"https:\/\/www.sadanews.ps\/fr\/business\/242516.html\"><strong>Israel<\/strong> : Escalade syndicale : Gr\u00e8ve g\u00e9n\u00e9rale \u00e0 la Banque Hapoalim en protestation contre le plan de licenciement de 770 employ\u00e9s<\/a> (SadanaNews)<\/p>\n\n\n\n<p><a href=\"https:\/\/www.20min.ch\/fr\/story\/zurich-chauffeurs-uber-en-greve-on-ne-peut-pas-survivre-avec-ces-prix-103436514\"><strong>Allemagne<\/strong> : Chauffeurs Uber en gr\u00e8ve: \u00abOn ne peut pas survivre avec ces prix\u00bb<\/a> (20 Minutes)<\/p>\n\n\n\n<p><a href=\"https:\/\/www.journaldebrazza.com\/congo-dolisie-les-agents-municipaux-annoncent-une-greve-illimitee-des-ce-21-octobre\/\"><strong>Congo<\/strong>-Dolisie : les agents municipaux annoncent une gr\u00e8ve illimit\u00e9e d\u00e8s ce 21 octobre<\/a> (Journal de Brazza)<\/p>\n\n\n\n<p><strong>Entretien<\/strong>&nbsp;<\/p>\n\n\n\n<p><strong><a href=\"https:\/\/www.revue-ballast.fr\/solange-fernex-ecologiste-et-feministe-de-terrain\/\">Solange Fernex, \u00e9cologiste et f\u00e9ministe de terrain<\/a> (Ballast)<\/strong><\/p>\n\n\n\n<p><strong>Analyses<\/strong><\/p>\n\n\n\n<p><strong><a href=\"https:\/\/lvsl.fr\/la-strategie-perdante-de-lintersyndicale\/\">La strat\u00e9gie perdante de l\u2019intersyndicale<\/a> ( LVSL)<\/strong><\/p>\n\n\n\n<p><strong>Reportage<\/strong><\/p>\n\n\n\n<p><strong><a href=\"https:\/\/www.mediapart.fr\/journal\/france\/191025\/criminalisation-du-mouvement-social-les-manifestations-je-ne-les-vis-plus-de-la-meme-maniere\">Criminalisation du mouvement social : \u00ab&nbsp;Les manifestations, je ne les vis plus de la m\u00eame mani\u00e8re&nbsp;\u00bb Vid\u00e9o<\/a> &#8211; (Mediapart)<\/strong><\/p>\n\n\n\n<p class=\"has-text-color has-link-color wp-elements-fb6b42e55ffd4f3fe4b2600d95fb17d2\" style=\"color:#fb0808\"><strong>18 octobre<\/strong><\/p>\n\n\n\n<p><strong><a href=\"https:\/\/www.humanite.fr\/social-et-economie\/greves-automobile\/des-etres-humains-comme-les-autres\">Des \u00eatres humains comme les autres\u202f<\/a> (l\u2019Humanit\u00e9)<\/strong><\/p>\n\n\n\n<p><a href=\"https:\/\/www.objectifgard.com\/a-la-une\/nimes-elle-entame-une-greve-de-la-faim-pour-protester-contre-le-gouvernement-154302.php\">N\u00eemes : Elle entame une gr\u00e8ve de la faim pour protester contre le gouvernement<\/a> (Objectif Gard)<\/p>\n\n\n\n<p><strong>Gr\u00e8ves<\/strong><\/p>\n\n\n\n<p><a href=\"https:\/\/www.sudouest.fr\/gironde\/talence\/greve-a-l-hopital-bagatelle-a-talence-la-direction-accepte-ce-qui-devrait-etre-la-normalite-mais-dit-non-a-nos-revendications-pecuniaires-26369030.php\">Gr\u00e8ve \u00e0 l\u2019h\u00f4pital Bagatelle&nbsp;\u00e0 Talence&nbsp;: \u00ab&nbsp;La direction accepte ce qui devrait \u00eatre la normalit\u00e9 mais dit non \u00e0 nos revendications p\u00e9cuniaires&nbsp;\u00bb<\/a> (Sud Ouest)<\/p>\n\n\n\n<p><a href=\"https:\/\/www.deltafm.fr\/clarebout-une-greve-en-perte-de-vitesse\">Clarebout \u00e0 Bourbourg et Loon-Plage : une gr\u00e8ve en perte de vitesse ?<\/a> (Delta FM)<\/p>\n\n\n\n<p><a href=\"https:\/\/www.francebleu.fr\/infos\/societe\/fin-de-la-greve-des-pompiers-en-mayenne-une-hausse-du-budget-est-programmee-une-belle-avancee-6645086\">Fin de la gr\u00e8ve des pompiers en Mayenne, une hausse du budget est programm\u00e9e&nbsp;: \u00ab\u00a0Une belle avanc\u00e9e\u00a0\u00bb<\/a> (ici)<\/p>\n\n\n\n<p><a href=\"https:\/\/www.revolutionpermanente.fr\/Mettre-l-austerite-aux-oubliettes-les-bibliothecaires-de-Toulouse-en-greve-contre-les-coupes\">\u00ab&nbsp;Mettre l\u2019aust\u00e9rit\u00e9 aux oubliettes&nbsp;\u00bb&nbsp;: les biblioth\u00e9caires de Toulouse en gr\u00e8ve contre les coupes budg\u00e9taires<\/a> (RP)<\/p>\n\n\n\n<p><a href=\"https:\/\/www.revolutionpermanente.fr\/Toulouse-Pourquoi-la-greve-au-Mirail-doit-aussi-s-opposer-a-la-militarisation\">Toulouse. Pourquoi la gr\u00e8ve au Mirail doit aussi s\u2019opposer \u00e0 la militarisation <\/a>(RP)<\/p>\n\n\n\n<p><a href=\"https:\/\/www.zinfos974.com\/malgre-leur-greve-les-taxis-de-la-reunion-nont-rien-obtenu\/\">Malgr\u00e9 leur gr\u00e8ve, les taxis de La R\u00e9union n&rsquo;ont rien obtenu<\/a> (Zinfos 974)<\/p>\n\n\n\n<p><a href=\"https:\/\/www.estrepublicain.fr\/social\/2025\/10\/17\/greve-des-controleurs-sncf-ca-a-coince-partout\">Pr\u00e8s de 80 % de contr\u00f4leurs en gr\u00e8ve ce vendredi pour r\u00e9clamer un renfort sur la ligne Metz Luxembourg<\/a> (L\u2019Est R\u00e9publicain)<\/p>\n\n\n\n<p><a href=\"https:\/\/www.paris-normandie.fr\/id667331\/article\/2025-10-17\/rouen-un-preavis-de-greve-jusqua-la-fin-dannee-depose-dans-les-transports-en\">Rouen&nbsp;: un pr\u00e9avis de gr\u00e8ve jusqu\u2019\u00e0 la fin d\u2019ann\u00e9e d\u00e9pos\u00e9 dans les transports en commun<\/a> (Paris Normandie)<\/p>\n\n\n\n<p><a href=\"https:\/\/www.charentelibre.fr\/charente\/terres-de-haute-charente\/appel-a-la-greve-craintes-pour-l-avenir-de-l-etablissement-a-terres-de-haute-charente-un-ehpad-en-souffrance-26362487.php\">Appel \u00e0 la gr\u00e8ve, craintes pour l\u2019avenir de l\u2019\u00e9tablissement&nbsp;: \u00e0 Terres-de-Haute-Charente, un Ehpad en souffrance<\/a> (Charente Libre)<\/p>\n\n\n\n<p><a href=\"https:\/\/www.le-republicain.fr\/cea-de-saclay-les-agents-dentretien-en-greve-depuis-quatre-semaines\/\">CEA de Saclay : les agents d\u2019entretien en gr\u00e8ve depuis quatre semaines<\/a> (Le R\u00e9publicain de l\u2019Essonne)<\/p>\n\n\n\n<p><strong>Monde<\/strong><\/p>\n\n\n\n<p><a href=\"https:\/\/lemarin.ouest-france.fr\/shipping\/des-dockers-obtiennent-20-pourcent-daugmentation-de-salaire-apres-leur-greve-au-port-de-rotterdam-5968dd6c-ab38-11f0-b75e-b80ca3a1c619\">Des dockers obtiennent 20 % d\u2019augmentation de salaire apr\u00e8s leur gr\u00e8ve au port de <strong>Rotterdam<\/strong><\/a> (Le Marin)<\/p>\n\n\n\n<p><a href=\"https:\/\/www.air-journal.fr\/2025-10-17-le-personnel-navigant-daer-lingus-a-manchester-en-greve-contre-la-precarite-5266526.html\"><strong>Royaume-Uni<\/strong> : Le personnel naviguant d\u2019AER Lingus \u00e0 Manchester en gr\u00e8ve contre la pr\u00e9carit\u00e9<\/a> (Air journal)<\/p>\n\n\n\n<p><a href=\"https:\/\/www.vox.cg\/preavis-de-greve-des-agents-municipaux-de-pointe-noire\/\"><strong>Congo<\/strong> : Pr\u00e9avis de gr\u00e8ve des agents municipaux de Pointe-Noire<\/a> (Vox Congo)<\/p>\n\n\n\n<p><strong>Analyse<\/strong><\/p>\n\n\n\n<p><a href=\"https:\/\/frustrationmagazine.fr\/francky-vincent-restaurant\">Francky Vincent, le restaurant : c\u2019\u00e9tait un r\u00eave n\u00e9olib\u00e9ral \u00e0 r\u00e9aliser<\/a> (Frustration)<\/p>\n\n\n\n<p><strong>Reportage<\/strong><\/p>\n\n\n\n<p><strong><a href=\"https:\/\/journal-labreche.fr\/frontieres-minerais-et-armes-triple-peine-pour-les-jeunes-de-goma-en-rdc\/\">Fronti\u00e8res, minerais et armes : triple peine pour les jeunes de Goma en RDC<\/a> (La Br\u00e8che)<\/strong><\/p>\n\n\n\n<p class=\"has-text-color has-link-color wp-elements-cfae6b2c03afd2902dfcec90805a48b9\" style=\"color:#f30505\"><strong>17 octobre<\/strong><\/p>\n\n\n\n<p><strong><a href=\"https:\/\/lareleveetlapeste.fr\/les-associations-au-bord-du-gouffre-un-danger-pour-11-des-salaries-en-france\/\">Les associations au bord du gouffre&nbsp;: un danger pour 11% des salari\u00e9s en France<\/a> (La Rel\u00e8ve et La Peste)<\/strong><\/p>\n\n\n\n<p><a href=\"https:\/\/paris-luttes.info\/rassemblement-anti-imperialiste-17-20019\">Rassemblement anti-imp\u00e9rialiste &#8211; 17&nbsp;octobre 2025 &#8211; 17h30 &#8211; Place de la Sorbonne<\/a> (Paris-Luttes info)<\/p>\n\n\n\n<p><a href=\"https:\/\/rebellyon.info\/article32203-32203\">Rachida Dati au&nbsp;TNP&nbsp;ce vendredi 9H45, rendez-vous casserolade<\/a> (Rebellyon)<\/p>\n\n\n\n<p><a href=\"https:\/\/www.humanite.fr\/social-et-economie\/cdi\/cdi-senior-en-catimini-lassemblee-fait-un-nouveau-cadeau-au-patronat\">CDI senior&nbsp;: en catimini, l\u2019Assembl\u00e9e fait un nouveau cadeau au patronat<\/a> (l\u2019Humanit\u00e9)<\/p>\n\n\n\n<p><a href=\"https:\/\/www.humanite.fr\/social-et-economie\/nestle\/nestle-va-supprimer-16-000-postes-dans-le-monde-dici-2027-pour-rassurer-les-actionnaires\">Nestl\u00e9 va supprimer 16&nbsp;000 postes dans le monde d\u2019ici 2027 pour \u00ab&nbsp;rassurer les actionnaires&nbsp;\u00bb<\/a> (l\u2019Humanit\u00e9)<\/p>\n\n\n\n<p><strong>Gr\u00e8ves<\/strong><\/p>\n\n\n\n<p><a href=\"https:\/\/www.laprovence.com\/article\/societe\/1733331015223714\/les-employes-de-transdev-a-eguilles-suspendent-leur-greve-mais-maintienne-la-pression-sur-leur-direction\">Les employ\u00e9s de Transdev \u00e0 \u00c9guilles suspendent leur gr\u00e8ve mais maintiennent la pression sur leur direction<\/a> (La Provence.)<\/p>\n\n\n\n<p><a href=\"https:\/\/la1ere.franceinfo.fr\/mayotte\/greve-a-france-travail-syndicats-et-direction-ont-trouve-un-accord-apres-deux-semaines-de-mouvement-1634036.html\">Gr\u00e8ve \u00e0 France Travail : syndicats et direction ont trouv\u00e9 un accord apr\u00e8s deux semaines de mouvement<\/a> (franceinfo)<\/p>\n\n\n\n<p><a href=\"https:\/\/actu.fr\/normandie\/rouen_76540\/metro-et-bus-a-rouen-une-greve-annoncee-tous-les-weekends-jusqu-a-la-fin-de-l-annee_63311974.html\">M\u00e9tro et bus \u00e0 Rouen. Une gr\u00e8ve annonc\u00e9e tous les weekends jusqu&rsquo;\u00e0 la fin de l&rsquo;ann\u00e9e<\/a> (76 actu)<\/p>\n\n\n\n<p><a href=\"https:\/\/www.rue89strasbourg.com\/auchan-illkirch-greve-364107\">Au Auchan d\u2019Illkirch, deux heures de gr\u00e8ve pour des ann\u00e9es de pression<\/a> (Rue 89)<\/p>\n\n\n\n<p><a href=\"https:\/\/www.francebleu.fr\/infos\/transports\/un-controleur-pour-1-200-voyageurs-un-appel-a-la-greve-lance-dans-les-ter-metz-luxembourg-ce-vendredi-5386046\">Un contr\u00f4leur pour 1.200 voyageurs&nbsp;: appel \u00e0 la gr\u00e8ve dans les TER Metz-Luxembourg ce vendredi<\/a> (ici)<\/p>\n\n\n\n<p><a href=\"https:\/\/www.ouest-france.fr\/sante\/hopital\/notre-avenir-est-en-jeu-les-syndicats-de-lhopital-dalencon-mamers-appellent-a-la-greve-e2a46aa2-aa8d-11f0-a84e-0a4f72002724\">\u00ab&nbsp;Notre avenir est en jeu&nbsp;\u00bb&nbsp;: les syndicats de l\u2019h\u00f4pital d\u2019Alen\u00e7on-Mamers appellent \u00e0 la gr\u00e8ve<\/a> (Ouest-France)<\/p>\n\n\n\n<p><a href=\"https:\/\/letrois.info\/economie-social\/belfort-le-retrait-dune-prime-enflamme-lusine-darabelle-solutions\/\">Belfort : le retrait d\u2019une prime enflamme l\u2019usine d\u2019Arabelle Solutions<\/a> (Le Troi3)<\/p>\n\n\n\n<p><a href=\"https:\/\/www.courrier-picard.fr\/id667122\/article\/2025-10-17\/les-salaries-de-la-sfg-en-greve-bernaville\">Les salari\u00e9s de la SFG en gr\u00e8ve \u00e0 Bernaville<\/a> (Courrier Picard)<\/p>\n\n\n\n<p><a href=\"https:\/\/www.ledauphine.com\/social\/2025\/10\/16\/les-salaries-de-carrefour-en-greve-on-veut-denoncer-la-location-gerance\">Les salari\u00e9s de Carrefour en gr\u00e8ve&nbsp;: \u00ab&nbsp;On veut d\u00e9noncer la location-g\u00e9rance&nbsp;\u00bb<\/a> (Le Dauphin\u00e9)<\/p>\n\n\n\n<p><a href=\"https:\/\/www.francebleu.fr\/infos\/economie-social\/des-militants-cgt-bloquent-l-hypermarche-auchan-a-la-defense-et-denoncent-un-plan-social-de-2-400-suppressions-de-postes-7134848\">Des militants CGT bloquent l&rsquo;hypermarch\u00e9 Auchan \u00e0 La D\u00e9fense et d\u00e9noncent un plan social de 2.400 suppressions de postes<\/a> (ici)<\/p>\n\n\n\n<p><a href=\"https:\/\/france3-regions.franceinfo.fr\/auvergne-rhone-alpes\/isere\/grenoble\/le-trafic-des-ter-perturbe-dans-les-alpes-a-cause-d-une-greve-des-controleurs-3234932.html\">Le trafic des TER perturb\u00e9 dans les Alpes, \u00e0 cause d&rsquo;une gr\u00e8ve des contr\u00f4leurs<\/a> (franceinfo)<\/p>\n\n\n\n<p><a href=\"https:\/\/france3-regions.franceinfo.fr\/occitanie\/haute-garonne\/toulouse\/il-y-a-deja-de-la-precarite-a-tous-les-etages-de-l-universite-pas-de-facs-bloquees-mais-personnels-et-etudiants-en-greve-3234197.html\">\u00ab\u00a0Il y a d\u00e9j\u00e0 de la pr\u00e9carit\u00e9 \u00e0 tous les \u00e9tages de l&rsquo;universit\u00e9\u00a0\u00bb, pas de facs bloqu\u00e9es mais personnels et \u00e9tudiants en gr\u00e8ve<\/a> (franceinfo)<\/p>\n\n\n\n<p><a href=\"https:\/\/www.courrier-picard.fr\/id666993\/article\/2025-10-16\/les-deux-restaurants-universitaires-de-beauvais-en-greve\">Les deux restaurants universitaires de Beauvais en gr\u00e8ve<\/a> (Courrier Picard)<\/p>\n\n\n\n<p><a href=\"https:\/\/nvo.fr\/lutte-gagnante-chez-jde-peets-160-euros-daugmentation-apres-deux-semaines-de-greve\/\">Lutte gagnante chez JDE Peets: 160 euros d&rsquo;augmentation apr\u00e8s deux semaines de gr\u00e8ve<\/a> (La Vie Ouvri\u00e8re)<\/p>\n\n\n\n<p><a href=\"https:\/\/www.sudouest.fr\/gironde\/lormont\/note-de-service-aux-atsem-de-lormont-la-cgt-deboutee-de-son-refere-continue-sur-le-fond-26352415.php\">Note de service aux Atsem de Lormont&nbsp;: la CGT, d\u00e9bout\u00e9e de son r\u00e9f\u00e9r\u00e9, continue sur le fond<\/a> (Sud Ouest)<\/p>\n\n\n\n<p><a href=\"https:\/\/www.zinfos974.com\/a-la-reunion-la-securite-sociale-ne-serait-pas-exempte-de-souffrance-au-travail\/\">\u00c0 La R\u00e9union, la S\u00e9curit\u00e9 sociale ne serait pas exempte de souffrance au travail<\/a> (Zinfos 974)<\/p>\n\n\n\n<p><strong>Monde<\/strong><\/p>\n\n\n\n<p><a href=\"https:\/\/www.wsws.org\/fr\/articles\/2025\/10\/17\/nywe-o17.html\"><strong>Bangladesh<\/strong>: un incendie dans une usine de v\u00eatements tue au moins 16 ouvriers<\/a> (WSWS)<\/p>\n\n\n\n<p><a href=\"https:\/\/www.boursorama.com\/bourse\/actualites-amp\/le-syndicat-en-greve-de-boeing-depose-une-plainte-pour-pratique-deloyale-de-travail-contre-le-constructeur-d-avions-ba6ff9cdc97e184c5378acfbc0d404fb\">Le syndicat en gr\u00e8ve de <strong>Boeing<\/strong> d\u00e9pose une plainte pour pratique d\u00e9loyale de travail contre le constructeur d&rsquo;avions<\/a> (Boursorama)<\/p>\n\n\n\n<p><a href=\"https:\/\/www.rfi.fr\/fr\/podcasts\/journal-d-ha%C3%AFti-et-des-am%C3%A9riques\/20251016-en-%C3%A9quateur-une-tr%C3%AAve-fragile-apr%C3%A8s-24-jours-de-gr%C3%A8ve-indig%C3%A8ne\">En <strong>\u00c9quateur<\/strong>, une tr\u00eave fragile apr\u00e8s 24 jours de gr\u00e8ve indig\u00e8ne<\/a> (RFI)<\/p>\n\n\n\n<p><a href=\"https:\/\/www.tunisienumerique.com\/tunisie-greve-de-deux-jours-dans-les-banques-et-institutions-financieres\/\"><strong>Tunisie<\/strong> : gr\u00e8ve de deux jours dans les banques et institutions financi\u00e8res<\/a> (TN)<\/p>\n\n\n\n<p><a href=\"https:\/\/www.rts.ch\/info\/suisse\/2025\/article\/greve-dans-la-construction-20-000-ouvriers-votent-pour-des-actions-29030642.html\"><strong>Suisse<\/strong> : Faute d&rsquo;accord, les ouvriers de la construction votent la gr\u00e8ve<\/a> (RTS)<\/p>\n\n\n\n<p><a href=\"https:\/\/ici.radio-canada.ca\/nouvelle\/2200244\/professionnel-reglementes-greve-colombie-britannique\"><strong>Canada<\/strong> : Plus de 1600&nbsp;professionnels de la C.-B. se joignent \u00e0 la gr\u00e8ve des fonctionnaires<\/a> (Radio Canada)<\/p>\n\n\n\n<p><a href=\"https:\/\/csdhi.org\/actualites\/repression\/51238-4%E1%B5%89-jour-greve-de-la-faim-massive-de-1-500-condamnes-a-mort-a-la-prison-de-qezel-hesar\/\"><strong>Iran<\/strong> : 4\u1d49 Jour : Gr\u00e8ve de la faim massive de 1 500 condamn\u00e9s \u00e0 mort \u00e0 la prison de Qezel Hesar<\/a> (CSDHI)<\/p>\n\n\n\n<p><a href=\"https:\/\/gabonactu.com\/blog\/2025\/10\/16\/greve-a-la-marine-marchande-les-agents-en-colere-en-remettent-une-couche\/\"><strong>Gabon<\/strong> : Gr\u00e8ve \u00e0 la Marine marchande&nbsp;: Les agents en col\u00e8re en remettent une couche<\/a> (Gabonactu)<\/p>\n\n\n\n<p><a href=\"https:\/\/www.fraternitebj.info\/la-deuxieme-greve-generale-italienne-a-gaza-a-fait-descendre-2-millions-de-travailleurs-dans-les-rues\/\">La deuxi\u00e8me gr\u00e8ve g\u00e9n\u00e9rale <strong>italienne<\/strong> \u00e0 Gaza a fait descendre 2 millions de travailleurs dans les rues<\/a> (Fraternit\u00e9)<\/p>\n\n\n\n<p><a href=\"https:\/\/vantbefinfo.com\/greve-a-la-codevi-le-gouvernement-dit-intensifier-ses-demarches-pour-la-reprise-des-activites\/\"><strong>Haiti<\/strong> : Gr\u00e8ve \u00e0 la CODEVI : le gouvernement dit intensifier ses d\u00e9marches pour la reprise des activit\u00e9s<\/a> (Vont Bof Info)<\/p>\n\n\n\n<p><a href=\"https:\/\/www.guinee7.com\/2025\/10\/16\/rusal-friguia-les-promesses-oubliees-rallument-la-flamme-de-la-contestation\/\"><strong>Guin\u00e9e<\/strong> : Rusal-Friguia : les promesses oubli\u00e9es rallument la flamme de la contestation<\/a> (Guin\u00e9e 7)<\/p>\n\n\n\n<p><strong>Enqu\u00eate<\/strong>&nbsp;<\/p>\n\n\n\n<p><a href=\"https:\/\/www.terrestres.org\/2025\/10\/15\/justice-pour-julia\/\">\u00ab&nbsp;Justice pour Julia&nbsp;!&nbsp;\u00bb&nbsp;: au Chili, vague de violences en territoire mapuche<\/a> (Terrestres)<\/p>\n\n\n\n<p><strong>Entretien<\/strong>&nbsp;<\/p>\n\n\n\n<p><strong><a href=\"https:\/\/www.revue-ballast.fr\/que-reste-t-il-des-cahiers-de-doleances\/\">Que reste-t-il des cahiers de dol\u00e9ances&nbsp;?<\/a> (Ballast)<\/strong><\/p>\n\n\n\n<p><strong>Analyses<\/strong><\/p>\n\n\n\n<p><strong><a href=\"https:\/\/frustrationmagazine.fr\/situation-politique-et-sociale-7-faits-a-integrer-si-lon-veut-avancer\">Situation politique et sociale : 7 faits \u00e0 int\u00e9grer si l\u2019on veut avancer<\/a> (Frustration)<\/strong><\/p>\n\n\n\n<p><a href=\"https:\/\/www.youtube.com\/watch?v=2MdHrLwANqA\">L\u2019entretien d\u2019embauche, une. Humiliation organis\u00e9e &#8211; Vid\u00e9o<\/a> (blast)<\/p>\n\n\n\n<p><strong><a href=\"https:\/\/www.equaltimes.org\/le-senegal-peut-il-jouer-la-carte\">Le S\u00e9n\u00e9gal peut-il jouer la carte du tourisme durable pour \u00e9lever le niveau g\u00e9n\u00e9ral dans le secteur et favoriser l\u2019emploi&nbsp;?<\/a> (Equal Times)<\/strong><\/p>\n\n\n\n<p class=\"has-text-color has-link-color wp-elements-0d686e859fe39a2a7723fccf1178f5c5\" style=\"color:#f70101\"><strong>15 octobre<\/strong><\/p>\n\n\n\n<p><a href=\"https:\/\/rapportsdeforce.fr\/classes-en-lutte\/toulouse-depuis-4-ans-on-a-illegalement-limite-la-capacite-de-greve-des-agents-101525746\">Toulouse : \u00ab&nbsp;depuis 4 ans, on a ill\u00e9galement limit\u00e9 la capacit\u00e9 de gr\u00e8ve des agents&nbsp;\u00bb<\/a> (Rapports de force)<\/p>\n\n\n\n<p><a href=\"https:\/\/www.streetpress.com\/sujet\/1760449149-machoire-gilet-jaune-fracassee-tir-lbd-policier-condamne-prison-violences-paris-justice-acte-mutiles-handicap-nunez\">M\u00e2choire d\u2019un Gilet jaune fracass\u00e9e par un tir de LBD&nbsp;: le policier condamn\u00e9 \u00e0 du sursis<\/a> (Street Press)<\/p>\n\n\n\n<p><strong>Gr\u00e8ves<\/strong><\/p>\n\n\n\n<p><a href=\"https:\/\/france3-regions.franceinfo.fr\/occitanie\/haute-garonne\/toulouse\/nous-refusons-d-etre-les-victimes-des-politiques-d-austerite-la-greve-votee-par-les-enseignants-et-personnels-d-une-universite-3233207.html\">\u00ab\u00a0Nous refusons d&rsquo;\u00eatre les victimes des politiques d&rsquo;aust\u00e9rit\u00e9\u00a0\u00bb : la gr\u00e8ve vot\u00e9e par les enseignants et personnels d&rsquo;une universit\u00e9<\/a> (franceinfo)<\/p>\n\n\n\n<p><a href=\"https:\/\/cgt-sante-action-sociale.fr\/preavis-de-greve-du-10-au-16-octobre-2025\/\">Pr\u00e9avis de gr\u00e8ve du 10 au 16 octobre 2025<\/a> (CGT Sant\u00e9 et Action Sociale)<\/p>\n\n\n\n<p><a href=\"https:\/\/www.lequotidien.re\/article\/social\/2025\/10\/15\/apres-12-jours-de-greve-les-salaries-de-larar-maintiennent-la-pression\">Apr\u00e8s 12 jours de gr\u00e8ve les salari\u00e9s de l&rsquo;Arar maintiennent la pression<\/a> (Le Quotidien)<\/p>\n\n\n\n<p><a href=\"https:\/\/la1ere.franceinfo.fr\/guyane\/ouest-guyanais\/guyane\/greve-a-la-brique-d-amazonie-de-guyane-le-dialogue-reste-ouvert-mais-aucun-accord-trouve-1633118.html\">Gr\u00e8ve \u00e0 la Brique d\u2019Amazonie de Guyane : le dialogue reste ouvert, mais aucun accord trouv\u00e9<\/a> (franceinfo)<\/p>\n\n\n\n<p><a href=\"https:\/\/www.francebleu.fr\/infos\/societe\/la-greve-des-pompiers-en-mayenne-pourrait-se-terminer-vendredi-les-discussions-avancent-8427454\">La gr\u00e8ve des pompiers en Mayenne pourrait se terminer vendredi, les discussions avancent<\/a> (ici)<\/p>\n\n\n\n<p><a href=\"https:\/\/www.sudouest.fr\/lot-et-garonne\/sainte-livrade-sur-lot\/sainte-livrade-sur-lot-la-cgt-alerte-sur-les-difficultes-rencontrees-par-les-agents-municipaux-26297270.php\">Sainte-Livrade-sur-Lot&nbsp;: La CGT alerte sur les difficult\u00e9s rencontr\u00e9es par les agents municipaux<\/a> (Sud Ouest)<\/p>\n\n\n\n<p><a href=\"https:\/\/www.sudouest.fr\/gironde\/talence\/si-nos-revendications-ne-sont-pas-ecoutees-on-sera-la-pendant-quinze-jours-epuises-les-salaries-de-l-hopital-bagatelle-a-talence-se-mettent-en-greve-26325382.php\">Les salari\u00e9s de l\u2019h\u00f4pital Bagatelle \u00e0 Talence se mettent en gr\u00e8ve<\/a> (Sud Ouest)<\/p>\n\n\n\n<p><a href=\"https:\/\/www.revolutionpermanente.fr\/Greve-des-personnels-blocage-des-etudiants-le-Mirail-se-mobilise-contre-l-austerite-XXL\">Gr\u00e8ve des personnels, blocage des \u00e9tudiants&nbsp;: le Mirail se mobilise contre l\u2019aust\u00e9rit\u00e9 XXL<\/a> (RP)<\/p>\n\n\n\n<p><a href=\"https:\/\/france3-regions.franceinfo.fr\/auvergne-rhone-alpes\/isere\/grenoble\/on-est-tres-inquiets-en-greve-les-salaries-du-site-grenoblois-de-teisseire-leader-francais-du-sirop-craignent-la-fermeture-de-l-usine-3233120.html\">En gr\u00e8ve, les salari\u00e9s du site grenoblois de Teisseire, leader fran\u00e7ais du sirop, craignent la fermeture de l&rsquo;usine<\/a> (franceinfo)<\/p>\n\n\n\n<p><a href=\"https:\/\/www.alta-frequenza.corsica\/actu\/greve_a_l_hopital_de_castelucciu_a_l_initiative_du_stc_126220\">Gr\u00e8ve \u00e0 l\u2019h\u00f4pital de Castelucciu \u00e0 l&rsquo;initiative du STC<\/a> (Alta Frequenza)<\/p>\n\n\n\n<p><a href=\"https:\/\/fsu33.fsu.fr\/snuter-33-preavis-de-greve-sur-la-mise-en-place-du-reglement-interieur-pour-les-colleges\/\">SNUTER 33 Pr\u00e9avis de gr\u00e8ve sur la mise en place du r\u00e8glement int\u00e9rieur pour les coll\u00e8ges<\/a> (FSU 33)<\/p>\n\n\n\n<p><a href=\"https:\/\/www.deltafm.fr\/boulogne-sur-mer-les-professeurs-et-les-eleves-du-lycee-cazin-en-greve-contre-le-manque-de-moyens\">Boulogne : les professeurs et les \u00e9l\u00e8ves du lyc\u00e9e Cazin en gr\u00e8ve contre le manque de moyens<\/a> (Delta FM)<\/p>\n\n\n\n<p><a href=\"https:\/\/www.leprogres.fr\/education\/2025\/10\/14\/ca-craque-de-partout-pourquoi-le-personnel-du-college-jean-rostand-etait-en-greve-ce-mardi\">\u00ab&nbsp;\u00c7a craque de partout&nbsp;\u00bb&nbsp;: le&nbsp;personnel du coll\u00e8ge Jean-Rostand \u00e9tait en gr\u00e8ve ce mardi<\/a> (Le Progr\u00e8s)<\/p>\n\n\n\n<p><a href=\"https:\/\/www.lamanchelibre.fr\/actualite-1194632-granville-un-mouvement-de-greve-au-sein-de-l-usine-aptar\">Granville. Un mouvement de gr\u00e8ve&nbsp;au sein de l&rsquo;usine Aptar<\/a> (La Manche Libre)<\/p>\n\n\n\n<p><strong>Monde<\/strong><\/p>\n\n\n\n<p><a href=\"https:\/\/french.news.cn\/20251015\/48759b04ed414bc5b991f1c2d73a96ee\/c.html\">Gr\u00e8ve de dizaines de milliers de travailleurs de la sant\u00e9 sur la c\u00f4te ouest des <strong>Etats-Unis<\/strong><\/a> (Xinhua Net)<\/p>\n\n\n\n<p><a href=\"https:\/\/www.equinoxmagazine.fr\/2025\/10\/15\/greve-generale-en-espagne-a-quoi-sattendre\/\">Gr\u00e8ve g\u00e9n\u00e9rale en <strong>Espagne<\/strong> : \u00e0 quoi s\u2019attendre<\/a> (equinox)<\/p>\n\n\n\n<p><a href=\"https:\/\/www.tdg.ch\/geneve-la-fonction-publique-menace-de-faire-greve-le-30-octobre-527499910995\"><strong>Suisse<\/strong> : Budget de l\u2019\u00c9tat: la fonction publique menace de faire gr\u00e8ve<\/a> (Tribune de Gen\u00e8ve)<\/p>\n\n\n\n<p><a href=\"https:\/\/www.rfi.fr\/fr\/europe\/20251014-belgique-grosse-mobilisation-contre-l-aust%C3%A9rit%C3%A9-%C3%A0-bruxelles\"><strong>Belgique<\/strong>: grosse mobilisation contre l&rsquo;aust\u00e9rit\u00e9 \u00e0 Bruxelles<\/a> (RFI)<\/p>\n\n\n\n<p><strong>Entretien<\/strong>&nbsp;<\/p>\n\n\n\n<p><strong><a href=\"https:\/\/lepoing.net\/le-developpement-personnel-ce-renoncement-a-changer-le-monde-entretien-avec-damien-karbovnik\/\">Le d\u00e9veloppement personnel, ce renoncement \u00e0 changer le monde : entretien avec Damien Karbovnik<\/a> (Le Poing)<\/strong><\/p>\n\n\n\n<p><strong>Analyses<\/strong><\/p>\n\n\n\n<p><a href=\"https:\/\/basta.media\/Si-tu-as-l-air-pauvre-la-police-t-humilie-au-Maroc-la-GenZ212-face-mur-des-inegalites-et-de-la-corruption\">\u00ab&nbsp;Si tu as l\u2019air pauvre, la police t\u2019humilie&nbsp;\u00bb&nbsp;: au <strong>Maroc<\/strong>, la GenZ face au mur des in\u00e9galit\u00e9s et de la corruption<\/a> (basta!)<\/p>\n\n\n\n<p><strong><a href=\"https:\/\/reporterre.net\/Bisounours-Des-malades-du-cancer-critiquent-Octobre-rose\">\u00ab&nbsp;Bisounours&nbsp;!&nbsp;\u00bb Des malades du cancer critiquent Octobre rose<\/a> (Reporterre)<\/strong><\/p>\n\n\n\n<p><strong><a href=\"https:\/\/www.marcelle.media\/travail-les-jeunes-sont-ils-vraiment-si-faineants\/\">Travail&nbsp;: les jeunes sont-ils vraiment si fain\u00e9ants&nbsp;?<\/a> (Marcelle)<\/strong><\/p>\n\n\n\n<p class=\"has-text-color has-link-color wp-elements-f9d67cfbcdef6a426342d879c1037a6d\" style=\"color:#f70606\"><strong>14 octobre<\/strong><\/p>\n\n\n\n<p><a href=\"https:\/\/bellaciao.org\/Appel-Rassemblement-Anti-Imperialiste\">Appel Rassemblement Anti-Imp\u00e9rialiste 17 octobre 2025 &#8211; 17h30 Place de la Sorbonne<\/a> (Bellaciao)<\/p>\n\n\n\n<p><a href=\"https:\/\/www.revolutionpermanente.fr\/Bordeaux-Rassemblement-devant-l-hopital-militaire-Robert-Picque-De-l-argent-pour-la-sante-pas-pour\">\u00c0 Bordeaux, un rassemblement devant h\u00f4pital militaire Robert Picqu\u00e9 contre l\u2019aust\u00e9rit\u00e9 et la militarisation<\/a> (RP)<\/p>\n\n\n\n<p><a href=\"https:\/\/www.revolutionpermanente.fr\/RATP-soyons-nombreux-en-soutien-aux-travailleurs-exposes-a-des-produits-toxiques-ce-14-octobre\">RATP&nbsp;: soyons nombreux en soutien aux travailleurs expos\u00e9s \u00e0 des produits toxiques&nbsp;ce&nbsp;14&nbsp;octobre<\/a> (RP)<\/p>\n\n\n\n<p><strong><a href=\"https:\/\/www.humanite.fr\/social-et-economie\/confederation-paysanne\/accord-de-libre-echange-avec-le-mercosur-la-confederation-paysanne-se-mobilise-a-paris\">Accord de libre-\u00e9change avec le Mercosur&nbsp;: la Conf\u00e9d\u00e9ration paysanne se mobilise \u00e0 Paris<\/a> (l\u2019Humanit\u00e9)<\/strong><\/p>\n\n\n\n<p><strong>Gr\u00e8ves<\/strong><\/p>\n\n\n\n<p><a href=\"https:\/\/rapportsdeforce.fr\/classes-en-lutte\/lycees-professionnels-le-gouvernement-face-a-une-mobilisation-unanime-contre-la-reforme-101425725\">Lyc\u00e9es professionnels : le gouvernement face \u00e0 une mobilisation unanime contre la r\u00e9forme<\/a> (Rapports de force)<\/p>\n\n\n\n<p><a href=\"https:\/\/lemarin.ouest-france.fr\/shipping\/greve-chez-elengy-deux-des-trois-terminaux-gnl-reprennent-fos-cavaou-toujours-a-larret-0f5065cc-a8d3-11f0-a84e-0a4f72002724\">Gr\u00e8ve chez Elengy&nbsp;: deux des trois terminaux GNL reprennent, Fos-Cavaou toujours \u00e0 l\u2019arr\u00eat<\/a> (Ouest-France)<\/p>\n\n\n\n<p><a href=\"https:\/\/marsactu.fr\/bref\/greve-a-la-maison-departementale-de-la-solidarite-des-flamants-face-a-la-pression-du-trafic\/\">Gr\u00e8ve \u00e0 la maison d\u00e9partementale de la solidarit\u00e9 des Flamants face \u00e0 la pression du trafic<\/a> (Mars Actu)<\/p>\n\n\n\n<p><a href=\"https:\/\/www.ledauphine.com\/social\/2025\/10\/14\/des-sous-traitants-du-nucleaire-en-greve-devant-la-centrale-du-tricastin-ce-14-octobre\">Des sous-traitants du nucl\u00e9aire en gr\u00e8ve devant la centrale du Tricastin ce 14 octobre<\/a> (Le Dauphin\u00e9)<\/p>\n\n\n\n<p><a href=\"https:\/\/france3-regions.franceinfo.fr\/occitanie\/haute-garonne\/toulouse\/la-mairie-nous-a-limite-notre-droit-de-greve-la-ville-de-toulouse-condamnee-par-la-justice-pour-avoir-impose-des-conditions-abusives-a-6000-agents-3232823.html\">\u00ab\u00a0La mairie nous a limit\u00e9 notre droit de gr\u00e8ve\u00a0\u00bb : la ville de Toulouse condamn\u00e9e par la justice pour avoir impos\u00e9 des conditions abusives \u00e0 6000 agents<\/a> (franceinfo)<\/p>\n\n\n\n<p><a href=\"https:\/\/france3-regions.franceinfo.fr\/occitanie\/haute-garonne\/toulouse\/bibliotheques-en-colere-une-rentree-avec-15-d-effectifs-en-moins-un-million-d-euros-supprimes-des-agents-a-bout-et-en-greve-3232478.html\">Biblioth\u00e8ques en col\u00e8re. \u00ab\u00a0Une rentr\u00e9e avec 15% d&rsquo;effectifs en moins\u00a0\u00bb : un million d\u2019euros supprim\u00e9s, des agents \u00e0 bout et en gr\u00e8ve<\/a> (franceinfo)<\/p>\n\n\n\n<p><a href=\"https:\/\/www.francebleu.fr\/infos\/societe\/ce-qu-on-demande-ce-n-est-pas-la-lune-les-pompiers-de-la-mayenne-sont-en-greve-pour-avoir-plus-de-moyens-8244415\">\u00ab\u00a0Ce qu&rsquo;on demande, ce n&rsquo;est pas la lune\u00a0\u00bb : les pompiers de la Mayenne sont en gr\u00e8ve pour avoir plus de moyens<\/a> (ici)<\/p>\n\n\n\n<p><a href=\"https:\/\/maritima.fr\/actualites\/transport\/aix-en-provence\/9383\/pays-daix-des-lignes-de-bus-a-larret-demain-suite-a-un-mouvement-de-greve\">Pays d&rsquo;Aix: des lignes de bus \u00e0 l&rsquo;arr\u00eat demain suite \u00e0 un mouvement de gr\u00e8ve<\/a> (Maritime Media)<\/p>\n\n\n\n<p><a href=\"https:\/\/www.tl7.fr\/actualites-loire\/actualite\/actualite_1\/saint-chamond-le-personnel-du-college-jean-rostand-en-greve_12178.html\">Saint-Chamond : le personnel du coll\u00e8ge Jean Rostand en gr\u00e8ve<\/a> (TL7)<\/p>\n\n\n\n<p><a href=\"https:\/\/www.laprovence.com\/article\/region\/2796965770572814\/la-cgt-maintient-la-pression-sur-geomethane-usine-de-stockage-de-gaz-basee-a-manosque-depuis-plus-dun-mois\">La CGT maintient la pression sur G\u00e9om\u00e9thane, usine de stockage de gaz bas\u00e9e \u00e0 Manosque, depuis plus d&rsquo;un mois<\/a> (La Provence)<\/p>\n\n\n\n<p><a href=\"https:\/\/www.lanouvellerepublique.fr\/chateauroux\/c-est-un-stress-permanent-les-grevistes-d-agir-36-toujours-mobilises-a-chateauroux-1760373582\">\u00ab&nbsp;C\u2019est un stress permanent&nbsp;\u00bb&nbsp;: les gr\u00e9vistes d\u2019Agir 36 toujours mobilis\u00e9s \u00e0 Ch\u00e2teauroux<\/a> (La Nouvelle R\u00e9publique)<\/p>\n\n\n\n<p><strong>Monde<\/strong><\/p>\n\n\n\n<p><a href=\"https:\/\/www.wsws.org\/fr\/articles\/2025\/10\/14\/pers-o14.html\">16 travailleurs tu\u00e9s lors d\u2019une explosion dans une usine au <strong>Tennessee<\/strong>&nbsp;: un carnage camoufl\u00e9 par les m\u00e9dias<\/a> (WSWS)<\/p>\n\n\n\n<p><strong><a href=\"https:\/\/www.rtbf.be\/article\/direct-manifestation-nationale-plus-de-100-000-manifestants-deja-presents-a-bruxelles-selon-la-fgtb-le-cortege-s-apprete-a-s-elancer-11615816\">Direct \u2013 Manifestation nationale&nbsp;: plus de 100.000 manifestants d\u00e9j\u00e0 pr\u00e9sents \u00e0 Bruxelles selon la FGTB, le cort\u00e8ge a d\u00e9marr\u00e9<\/a> (RTBF)<\/strong><\/p>\n\n\n\n<p><a href=\"https:\/\/www.equaltimes.org\/en-colombie-les-aidantes-des\">En <strong>Colombie<\/strong>, les aidantes des personnes \u00e2g\u00e9es ont besoin de soins, elles aussi<\/a> (Equal Times)<\/p>\n\n\n\n<p><a href=\"https:\/\/www.rfi.fr\/fr\/afrique\/20251014-nord-est-de-la-rdc-des-professionnels-de-sant%C3%A9-en-gr%C3%A8ve-apr%C3%A8s-l-assassinat-de-quatre-coll%C3%A8gues$\">Nord-est de la <strong>RDC<\/strong>: des professionnels de sant\u00e9 en gr\u00e8ve apr\u00e8s l\u2019assassinat de quatre coll\u00e8gues<\/a> (RFI)<\/p>\n\n\n\n<p><a href=\"https:\/\/barcelonasecreta.com\/fr\/greve-generale-palestine-15-octobre-services-minimums\/\">Gr\u00e8ve g\u00e9n\u00e9rale le 15 octobre pour la Palestine : services minimums pour le m\u00e9tro et les Rodalies, les \u00e9coles et les h\u00f4pitaux de <strong>Barcelone<\/strong><\/a> (Barcelona Secreta)<\/p>\n\n\n\n<p><a href=\"https:\/\/www.broadwayworld.com\/translate\/fr\/Broadway-Musicians-Vote-Yes-On-Strike-If-Deal-Not-Reached-20251013\"><strong>Etats-Unis<\/strong> : Les musiciens de Broadway votent pour la gr\u00e8ve si aucun accord n&rsquo;est conclu.<\/a> (Broadway World)<\/p>\n\n\n\n<p><a href=\"https:\/\/www.noovo.info\/nouvelle\/agropur-met-son-usine-damqui-en-lock-out-en-reponse-a-une-greve-des-employes.html\"><strong>Canada<\/strong> : Agropur met son usine d&rsquo;Amqui en lock-out en r\u00e9ponse \u00e0 une gr\u00e8ve des employ\u00e9s<\/a> (noovo info)<\/p>\n\n\n\n<p><strong>Analyses<\/strong><\/p>\n\n\n\n<p><strong><a href=\"https:\/\/lareleveetlapeste.fr\/on-ne-changera-pas-le-monde-avec-du-lexomil-il-faut-de-la-colere\/\">\u00ab On ne changera pas le monde avec du Lexomil, il faut de la col\u00e8re \u00bb<\/a> (La Rel\u00e8ve et La Peste)<\/strong><\/p>\n\n\n\n<p><a href=\"https:\/\/www.revue-ballast.fr\/albert-camus-au-dela-de-sa-recuperation-reactionnaire\/\">Albert Camus, au-del\u00e0 de sa r\u00e9cup\u00e9ration r\u00e9actionnaire<\/a> ((Ballast)<\/p>\n\n\n\n<p><strong><a href=\"https:\/\/frustrationmagazine.fr\/14-octobre-belgique\">Vers un \u201cBloquons tout\u201d belge le 14 octobre ?<\/a> (Frustration)<\/strong><\/p>\n\n\n\n<p class=\"has-text-color has-link-color wp-elements-0d0d45ffdb0f7e9857f6fce5023ade9d\" style=\"color:#f70505\"><strong>13 octobre<\/strong><\/p>\n\n\n\n<p><a href=\"https:\/\/reporterre.net\/Les-Soulevements-de-la-terre-se-jettent-a-l-eau-contre-le-megacanal-Seine-Nord\">Les Soul\u00e8vements de la Terre se jettent \u00e0 l\u2019eau contre le \u00ab&nbsp;m\u00e9gacanal&nbsp;\u00bb Seine-Nord<\/a> (Reporterre)<\/p>\n\n\n\n<p><a href=\"https:\/\/www.lamarseillaise.fr\/social\/billet-LE18949417\">Ne laissons pas mourir&nbsp;la verrerie&nbsp;de Verg\u00e8ze<\/a> (La Marseillaise)<\/p>\n\n\n\n<p><strong>Gr\u00e8ves<\/strong><\/p>\n\n\n\n<p><a href=\"https:\/\/www.revolutionpermanente.fr\/Greve-massive-dans-les-transports-grenoblois-On-nous-demande-de-faire-toujours-plus-avec-moins\">Gr\u00e8ve massive dans les transports grenoblois&nbsp;: \u00ab&nbsp;On nous demande de faire toujours plus avec moins&nbsp;\u00bb<\/a> (RP)<\/p>\n\n\n\n<p><a href=\"https:\/\/www.bfmtv.com\/herault\/fin-de-la-greve-des-chauffeurs-de-bus-dans-l-herault-un-accord-trouve-entre-la-direction-et-les-syndicats_AN-202510130432.html\">Fin de la gr\u00e8ve des chauffeurs de bus dans l\u2019H\u00e9rault, un accord trouv\u00e9 entre la direction et les syndicats<\/a> (BFM)<\/p>\n\n\n\n<p><a href=\"https:\/\/imazpress.com\/toute-l-actu\/transport-sanitaire-ultime-journee-pour-trouver-des-solutions-ou-les-taxis-reprendront-leur-mobilisation\">Transport sanitaire&nbsp;: ultime journ\u00e9e pour trouver des solutions, ou les taxis reprendront leur mobilisation<\/a> (Imaz Press)<\/p>\n\n\n\n<p><a href=\"https:\/\/www.martinique.franceantilles.fr\/actualite\/social\/greve-a-la-saur-un-proces-verbal-de-desaccord-et-de-fin-de-conflit-signe-1053791.php\">Gr\u00e8ve \u00e0 la Saur : un proc\u00e8s verbal de d\u00e9saccord et de fin de conflit sign\u00e9<\/a> (France-Antilles)<\/p>\n\n\n\n<p><a href=\"https:\/\/www.nordlittoral.fr\/264120\/article\/2025-10-13\/boulogne-sur-mer-un-appel-la-greve-demain-pour-les-enseignants-du-lycee-cazin\">Boulogne-sur-Mer : un appel \u00e0 la gr\u00e8ve demain pour les enseignants du lyc\u00e9e Cazin<\/a> (La Semaine)<\/p>\n\n\n\n<p><strong>Monde<\/strong><\/p>\n\n\n\n<p><a href=\"https:\/\/www.wsws.org\/fr\/articles\/2025\/10\/13\/giry-o13.html\"><strong>Etats-Unis<\/strong> : L\u2019appareil syndical ne fait rien tandis que Trump lance une nouvelle vague de licenciements collectifs<\/a> (WSWS)<\/p>\n\n\n\n<p><strong><a href=\"https:\/\/www.7sur7.be\/belgique\/perturbations-revendications-ce-quil-faut-savoir-sur-la-greve-nationale-de-ce-mardi~acb42f3f\/\">Belgique : Perturbations, revendications: ce qu\u2019il faut savoir sur la gr\u00e8ve nationale de ce mardi<\/a> (7sur7)<\/strong><\/p>\n\n\n\n<p><a href=\"https:\/\/www.lavenir.net\/actu\/societe\/emploi\/2025\/10\/13\/la-greve-toujours-en-cours-chez-clarebout-potatoes-IUWAKR7UHVBCZM2ZBF63U7YLVY\/\"><strong>Belgique<\/strong> : La gr\u00e8ve toujours en cours chez Clarebout Potatoes<\/a> (l\u2019Avenir)<\/p>\n\n\n\n<p><a href=\"https:\/\/www.dhnet.be\/regions\/mons\/2025\/10\/13\/les-travailleurs-du-site-h-m-depot-de-ghlin-sont-en-greve-le-climat-est-assez-tendu-EDG7IPMVHNAXPF4A2IAWMAOHV4\/\"><strong>Belgique<\/strong> : Les travailleurs du site H&nbsp;&amp;&nbsp;M d\u00e9p\u00f4t de Ghlin sont en gr\u00e8ve&nbsp;: \u00ab\u00a0Le climat est assez tendu\u00a0\u00bb<\/a> (DH)<\/p>\n\n\n\n<p><strong><a href=\"https:\/\/lepetitjournal.com\/athenes\/grece-une-greve-nationale-paralyse-le-pays-ce-mardi-14-octobre-424211\">Gr\u00e8ce : une gr\u00e8ve nationale paralyse le pays ce mardi 14 octobre<\/a> (Le Petit Journal)<\/strong><\/p>\n\n\n\n<p><a href=\"https:\/\/fr.flows.be\/ports\/2025\/10\/le-juge-met-fin-a-la-greve-a-rotterdam-les-parties-se-reunissent-autour-dune-table\/?gdpr=accept\">Le juge met fin \u00e0 la gr\u00e8ve \u00e0 <strong>Rotterdam<\/strong>, les parties se r\u00e9unissent autour d&rsquo;une table<\/a> (Flows)<\/p>\n\n\n\n<p><a href=\"https:\/\/guineenews.org\/2025\/10\/13\/diecke-soguipah-les-planteurs-en-greve-suspendent-la-livraison-de-leurs-produits-a-la-soguipah\/\"><strong>Guin\u00e9e<\/strong> : Di\u00e9ck\u00e9 \/ SOGUIPAH : les planteurs en gr\u00e8ve suspendent la livraison de leurs produits \u00e0 la SOGUIPAH<\/a> (Guin\u00e9e News)<\/p>\n\n\n\n<p><strong>Analyses<\/strong><\/p>\n\n\n\n<p><strong><a href=\"https:\/\/www.revue-ballast.fr\/a-qui-appartient-le-feminisme-et-qui-le-porte\/\">Aur\u00e9line Cardoso&nbsp;: \u00ab&nbsp;\u00c0 qui appartient le f\u00e9minisme&nbsp;? Et qui le&nbsp;porte&nbsp;?&nbsp;\u00bb<\/a> (Ballast)<\/strong><\/p>\n\n\n\n<p><a href=\"https:\/\/www.humanite.fr\/social-et-economie\/automobile\/a-poissy-stellantis-va-t-il-sacrifier-2-000-salaries-et-revendre-ses-terrains-au-psg\">\u00c0 Poissy, Stellantis va-t-il sacrifier 2&nbsp;000 salari\u00e9s et revendre ses terrains au PSG&nbsp;?<\/a> (L\u2019Humanit\u00e9)<\/p>\n\n\n\n<p class=\"has-text-color has-link-color wp-elements-8f68329992aadec26a6ba6df942ff29d\" style=\"color:#f60b0b\"><strong>10 octobre<\/strong><\/p>\n\n\n\n<p><a href=\"https:\/\/www.humanite.fr\/social-et-economie\/greves\/ca-va-exploser-donnez-nous-les-moyens-a-paris-plus-de-5-000-soignants-en-colere-denoncent-lausterite-devant-le-ministere-de-la-sante\">\u00ab&nbsp;\u00c7a va exploser, donnez-nous les moyens&nbsp;!&nbsp;\u00bb : \u00e0 Paris, plus de 5000 soignants en col\u00e8re d\u00e9noncent l\u2019aust\u00e9rit\u00e9 devant le minist\u00e8re de la Sant\u00e9<\/a> (l\u2019Humanit\u00e9)<\/p>\n\n\n\n<p><a href=\"https:\/\/www.humanite.fr\/social-et-economie\/associations\/ca-ne-tient-plus-les-association-dans-la-rue-le-11-octobre-pour-denoncer-un-recul-historique-de-la-solidarite\">\u00ab&nbsp;\u00c7a ne tient plus&nbsp;\u00bb&nbsp;: les associations dans la rue le 11&nbsp;octobre pour d\u00e9noncer un recul historique de leur financement<\/a> (l\u2019Humanit\u00e9)<\/p>\n\n\n\n<p><strong><a href=\"https:\/\/lareleveetlapeste.fr\/mobilisation-generale-contre-limplantation-de-shein-en-france\/\">Mobilisation g\u00e9n\u00e9rale contre l\u2019implantation de Shein en France<\/a> (La Rel\u00e8ve et La Peste)<\/strong><\/p>\n\n\n\n<p><a href=\"https:\/\/reporterre.net\/Paysan-tue-par-un-gendarme-8-ans-apres-la-famille-toujours-en-quete-de-justice\">Affaire J\u00e9r\u00f4me Laronze&nbsp;: \u00ab&nbsp;La justice n\u2019a pas le courage de condamner la gendarmerie&nbsp;\u00bb<\/a> (Reporterre)<\/p>\n\n\n\n<p><a href=\"https:\/\/paris-luttes.info\/soignant-e-s-contre-le-genocide-de-19997\">Soignant.e.s contre le g\u00e9nocide&nbsp;: De l\u2019argent pour le Soin, pas pour la Guerre&nbsp;!<\/a> (Paris-Luttes info)<\/p>\n\n\n\n<p><a href=\"https:\/\/rebellyon.info\/Mad-Pride-Lyon-2025-le-soin-pour-nous-pas-32015\">Mad Pride Lyon 2025&nbsp;: le soin pour nous, pas pour les patrons&nbsp;!<\/a> (Rebellyon)<\/p>\n\n\n\n<p><strong><a href=\"https:\/\/www.inegalites.fr\/nombre-crimes-delits-anti-LGBT\">Le nombre de crimes et d\u00e9lits anti-LGBT en forte hausse<\/a> (Observatoire des in\u00e9galit\u00e9s)<\/strong><\/p>\n\n\n\n<p><strong>Gr\u00e8ves<\/strong><\/p>\n\n\n\n<p><a href=\"https:\/\/www.humanite.fr\/social-et-economie\/greves\/contre-larrivee-du-monstre-de-la-fast-fashion-shein-les-travailleuses-et-travailleurs-du-bhv-appele-a-la-greve\">Contre l\u2019arriv\u00e9e du monstre de la fast-fashion Shein, les travailleuses et travailleurs du BHV appel\u00e9s \u00e0 la gr\u00e8ve<\/a> (l\u2019Humanit\u00e9)<\/p>\n\n\n\n<p><a href=\"https:\/\/lemarin.ouest-france.fr\/shipping\/fin-de-la-greve-a-bord-du-jean-nicoli-de-corsica-linea-ccff1380-a5b7-11f0-aa8e-e39f42e4d309\">Fin de la gr\u00e8ve \u00e0 bord du \u00ab&nbsp;Jean Nicoli&nbsp;\u00bb de Corsica linea<\/a> (Le Marin)<\/p>\n\n\n\n<p><a href=\"https:\/\/www.ledauphine.com\/transport\/2025\/10\/10\/greve-a-mtag-la-direction-depose-plainte-contre-x\">Gr\u00e8ve \u00e0 MTag&nbsp;: la direction d\u00e9pose plainte contre X<\/a> (Le Dauphin\u00e9)<\/p>\n\n\n\n<p><a href=\"https:\/\/la1ere.franceinfo.fr\/mayotte\/greve-des-barges-les-syndicats-et-le-departement-de-mayotte-se-mettent-d-accord-pour-la-fin-du-mouvement-1631492.html\">Gr\u00e8ve des barges : les syndicats et le D\u00e9partement de Mayotte se mettent d&rsquo;accord pour la fin du mouvement<\/a> (franceinfo)<\/p>\n\n\n\n<p><a href=\"https:\/\/www.ouest-france.fr\/economie\/greve\/il-y-a-un-manque-de-confiance-dans-la-manche-la-greve-continue-a-lusine-aptar-stelmi-eccaeb9c-a5b4-11f0-aa8e-e39f42e4d309\">\u00ab&nbsp;Il y a un manque de confiance&nbsp;\u00bb&nbsp;: dans la Manche, la gr\u00e8ve continue \u00e0 l\u2019usine Aptar-Stelmi<\/a> (Ouest-France)<\/p>\n\n\n\n<p><a href=\"https:\/\/www.nicepremium.fr\/actualite\/greve-a-nice-matin-apres-le-depart-de-denis-carreaux-les-syndicats-denoncent-une-atteinte-a-leur-independance\/\">Gr\u00e8ve \u00e0 Nice-Matin apr\u00e8s le d\u00e9part de Denis Carreaux : les syndicats d\u00e9noncent une atteinte \u00e0 leur ind\u00e9pendance<\/a> (Nice Premium)<\/p>\n\n\n\n<p><a href=\"https:\/\/www.leparisien.fr\/val-d-oise-95\/carglass-nous-casse-uses-des-salaries-du-specialiste-du-pare-brise-se-mettent-en-greve-dans-le-val-doise-10-10-2025-HADCV5CM35DWZPFSDVNQNUNNKA.php\">\u00ab Carglass nous casse \u00bb : us\u00e9s, des salari\u00e9s du sp\u00e9cialiste du pare-brise se mettent en gr\u00e8ve dans le Val-d\u2019Oise<\/a> (Le Parisien)<\/p>\n\n\n\n<p>Gr\u00e8ve \u00e0 la MC2 Grenoble en raison de revalorisations <a href=\"https:\/\/www.placegrenet.fr\/2025\/10\/10\/greve-a-la-mc2-grenoble-en-raison-de-revalorisations-insuffisantes-et-dun-manque-de-reconnaissance\/661878\">\u00ab&nbsp;insuffisantes&nbsp;\u00bb et d\u2019un manque de \u00ab&nbsp;reconnaissance&nbsp;\u00bb<\/a> (Place Gre\u2019net)<\/p>\n\n\n\n<p><a href=\"https:\/\/www.leprogres.fr\/social\/2025\/10\/10\/six-semaines-de-greve-gaziers-et-electriciens-maintiennent-la-pression\">Six semaines de gr\u00e8ve&nbsp;: gaziers et \u00e9lectriciens maintiennent la pression<\/a> (Le Progr\u00e8s)<\/p>\n\n\n\n<p><a href=\"https:\/\/www.leprogres.fr\/education\/2025\/10\/10\/greve-et-creation-d-un-collectif-syndical-dans-les-centres-de-formation-pour-apprentis\">Gr\u00e8ve et cr\u00e9ation d\u2019un collectif syndical dans les centres de formation pour apprentis<\/a> (Le Progr\u00e8s)<\/p>\n\n\n\n<p><a href=\"https:\/\/www.toulouse.snes.edu\/spip.php?page=article&amp;id_article=2172\">Lyc\u00e9es pros&nbsp;: stop au fiasco&nbsp;! En gr\u00e8ve le 14&nbsp;octobre&nbsp;!<\/a> (SNES-FSU)<\/p>\n\n\n\n<p><a href=\"https:\/\/www.midilibre.fr\/2025\/10\/09\/des-pertes-de-remuneration-de-300-a-400-eur-par-mois-la-greve-des-courriers-du-midi-seme-la-pagaille-sur-les-routes-autour-de-montpellier-12981497.php\">\u00ab\u00a0Des pertes de r\u00e9mun\u00e9ration de 300 \u00e0 400&nbsp;\u20ac par mois\u00a0\u00bb&nbsp;: la gr\u00e8ve des Courriers du Midi s\u00e8me la pagaille sur les routes autour de Montpellier<\/a> (Midi Libre)<\/p>\n\n\n\n<p><a href=\"https:\/\/actu.fr\/societe\/un-preavis-de-greve-depose-pour-ce-lundi-13-octobre-a-lhopital-de-valognes_63280299.html\">Un pr\u00e9avis de gr\u00e8ve d\u00e9pos\u00e9 pour ce lundi 13 octobre \u00e0 l&rsquo;h\u00f4pital de Valognes<\/a> (La Presse de la Manche)<\/p>\n\n\n\n<p><strong>Monde<\/strong><\/p>\n\n\n\n<p><a href=\"https:\/\/www.revolutionpermanente.fr\/Espagne-la-CGT-rejoint-l-appel-a-la-greve-contre-le-genocide-le-15-octobre-du-Global-Movement-to\"><strong>Espagne<\/strong>&nbsp;: la CGT rejoint l\u2019appel \u00e0 la gr\u00e8ve contre le g\u00e9nocide le 15 octobre du Global Movement to Gaza<\/a> (RP)<\/p>\n\n\n\n<p><a href=\"https:\/\/www.rtbf.be\/article\/greve-a-la-fenice-le-personnel-reclame-l-annulation-de-la-nomination-de-beatrice-venezi-proche-de-giorgia-meloni-11614152\"><strong>Italie<\/strong> : Gr\u00e8ve \u00e0 La Fenice&nbsp;: le personnel r\u00e9clame l\u2019annulation de la nomination de Beatrice Venezi, proche de Giorgia Meloni<\/a> (RTBF)<\/p>\n\n\n\n<p><a href=\"https:\/\/www.boursorama.com\/bourse\/actualites-amp\/les-dockers-du-port-de-rotterdam-poursuivront-leur-greve-pour-une-duree-indeterminee-selon-le-syndicat-43dfa57d528ade5c3935328f1cffe24f\">Les dockers du port de <strong>Rotterdam<\/strong> poursuivront leur gr\u00e8ve pour une dur\u00e9e ind\u00e9termin\u00e9e, selon le syndicat<\/a> (Boursorama)<\/p>\n\n\n\n<p><a href=\"https:\/\/lenord-cotier.com\/2025\/10\/10\/le-syndicat-de-postes-canada-abandonne-la-greve-generale-pour-des-greves-tournantes\/\">Le syndicat de Postes <strong>Canada<\/strong> abandonne la gr\u00e8ve g\u00e9n\u00e9rale pour des gr\u00e8ves tournantes<\/a> (Le Nord-C\u00f4tier)<\/p>\n\n\n\n<p><a href=\"https:\/\/csdhi.org\/actualites\/repression\/51152-les-syndicats-manifestent-et-se-mettent-en-greve-dans-plusieurs-villes-iraniennes\/\">Les syndicats manifestent et se mettent en gr\u00e8ve dans plusieurs villes <strong>iraniennes<\/strong><\/a> (CSHDI)<\/p>\n\n\n\n<p><a href=\"https:\/\/www.zonebourse.com\/actualite-bourse\/lufthansa-poursuit-les-negociations-avec-le-syndicat-des-pilotes-sous-la-menace-de-greve-ce7d5adade80f52c\"><strong>Allemagne<\/strong> : Sous la menace d&rsquo;une gr\u00e8ve, Lufthansa poursuit les discussions avec le syndicat des pilotes<\/a> (Zonebourse)<\/p>\n\n\n\n<p><a href=\"https:\/\/tchadinfos.com\/2025\/10\/09\/education-les-enseignants-de-ndjamena-prolongent-leur-greve-de-deux-semaines\/\"><strong>Tchad<\/strong> : \u00c9ducation : les enseignants de N\u2019Djam\u00e9na prolongent leur gr\u00e8ve de deux semaines<\/a> (Tchad Infos)<\/p>\n\n\n\n<p><a href=\"https:\/\/amp.linfodrome.com\/societe\/114329-cote-d-ivoire-les-agents-des-eaux-et-forets-en-greve-du-15-au-17-octobre-contre-l-inaction-de-leur-ministere\"><strong>C\u00f4te d\u2019Ivoire<\/strong> : les agents des Eaux et For\u00eats en gr\u00e8ve<\/a> (Linfodrome)<\/p>\n\n\n\n<p><strong>Entretien<\/strong>&nbsp;<\/p>\n\n\n\n<p><a href=\"https:\/\/lvsl.fr\/virginia-eubanks-la-degradation-de-la-protection-sociale-produit-des-experiences-traumatiques\/\">Virginia Eubanks : \u201cla d\u00e9gradation de la protection sociale produit des exp\u00e9riences traumatiques.\u201d<\/a> (LVSL)<\/p>\n\n\n\n<p><strong>Analyses<\/strong><\/p>\n\n\n\n<p><strong><a href=\"https:\/\/frustrationmagazine.fr\/du-maroc-au-nepal-la-gen-z-combat-le-capitalisme\">Du Maroc au N\u00e9pal, la Gen Z combat le capitalisme<\/a> (Frustration)<\/strong><\/p>\n\n\n\n<p class=\"has-text-color has-link-color wp-elements-f4214066fbe42cf2146e7dc63256f52b\" style=\"color:#fb0606\"><strong>9 octobre<\/strong><\/p>\n\n\n\n<p><strong>Gr\u00e8ves<\/strong><\/p>\n\n\n\n<p><a href=\"https:\/\/lepoing.net\/on-se-sent-abandonne-par-linstitution-a-montpellier-le-college-fontcarrade-en-greve\/\">\u201cOn se sent abandonn\u00e9 par l\u2019institution\u201d : \u00e0 Montpellier, le coll\u00e8ge Fontcarrade en gr\u00e8ve<\/a> (Le Poing)<\/p>\n\n\n\n<p><a href=\"https:\/\/imazpress.com\/toute-l-actu\/taxis-colere-barrages\">La signature de la convention report\u00e9e, les taxis suspendent leur mouvement et attendent les pr\u00e9cisions de l&rsquo;Assurance maladie<\/a> (Imazpress)<\/p>\n\n\n\n<p><a href=\"https:\/\/la1ere.franceinfo.fr\/reunion\/madagascar-nomination-des-premiers-ministres-du-gouvernement-zafisambo-sur-fond-de-greve-totale-des-internes-1630721.html\">Madagascar : nomination des premiers ministres du gouvernement Zafisambo sur fond de gr\u00e8ve totale des internes<\/a> (franceinfo)<\/p>\n\n\n\n<p><a href=\"https:\/\/www.ouest-france.fr\/normandie\/la-haye-pesnel-50320\/en-greve-des-agents-dun-ehpad-du-sud-manche-appellent-la-population-a-se-mobiliser-avec-eux-40315d70-a41b-11f0-a483-88b21a3890bd\">En gr\u00e8ve, des agents d\u2019un Ehpad du Sud-Manche appellent la population \u00e0 se mobiliser avec eux<\/a> (Ouest-France)<\/p>\n\n\n\n<p><a href=\"https:\/\/www.francebleu.fr\/emissions\/l-info-d-ici-ici-besancon-a-6h30-et-8h30\/les-salaries-de-bazin-en-greve-car-inquiets-pour-leur-avenir-leur-usine-est-en-vente-3422513\">Les salari\u00e9s de Bazin en gr\u00e8ve car inquiets pour leur avenir, leur usine est en vente<\/a> (ici)<\/p>\n\n\n\n<p><a href=\"https:\/\/france3-regions.franceinfo.fr\/bourgogne-franche-comte\/haute-saone\/lure-luxeuil-les-bains\/situation-inedite-ces-salaries-font-greve-pour-le-retour-de-leur-patron-debarque-par-l-actionnaire-il-n-a-pas-eu-le-droit-de-dire-au-revoir-3229652.html\">Situation in\u00e9dite : ils font gr\u00e8ve pour le retour de leur patron d\u00e9barqu\u00e9 par l&rsquo;actionnaire, \u00ab\u00a0il n&rsquo;a pas eu le droit de dire au revoir\u00a0\u00bb<\/a> (franceinfo)<\/p>\n\n\n\n<p><a href=\"https:\/\/la1ere.franceinfo.fr\/mayotte\/greve-des-barges-le-departement-de-mayotte-deplore-l-entrave-faite-a-la-requisition-l-intersyndicale-rejette-l-echec-du-dialogue-social-sur-la-collectivite-1630667.html\">Gr\u00e8ve des barges : le D\u00e9partement de Mayotte \u00ab\u00a0d\u00e9plore l&rsquo;entrave faite \u00e0 la r\u00e9quisition\u00a0\u00bb, l&rsquo;intersyndicale rejette l&rsquo;\u00e9chec du dialogue social sur la collectivit\u00e9<\/a> (franceinfo)<\/p>\n\n\n\n<p><a href=\"https:\/\/infoccitanie.fr\/beziers-greve-des-controleurs-de-train-cela-fait-6-mois-quil-nous-manque-du-personnel\/\">B\u00e9ziers : gr\u00e8ve des contr\u00f4leurs de train, \u00ab&nbsp;cela fait 6 mois qu\u2019il nous manque du personnel&nbsp;\u00bb<\/a> (InfOccitanie)<\/p>\n\n\n\n<p><a href=\"https:\/\/rci.fm\/martinique\/infos\/Social\/Greve-la-Saur-la-direction-menace-de-quitter-la-Martinique-Cap-Nord-lui-renvoie-la\">Gr\u00e8ve \u00e0 la Saur : la direction menace de quitter la Martinique, Cap Nord lui renvoie la faute<\/a> (rci)<\/p>\n\n\n\n<p><a href=\"https:\/\/www.lamarseillaise.fr\/social\/a-marseille-les-chauffeurs-de-la-poste-en-greve-reconductible-PC18920690\">\u00c0 Marseille, les chauffeurs de La Poste en gr\u00e8ve reconductible<\/a> (La Marseillaise)<\/p>\n\n\n\n<p><a href=\"https:\/\/dijon-actualites.fr\/2025\/10\/08\/plan-social-associatif-les-salarie%C2%B7es-du-secteur-en-greve-le-16-octobre-a-dijon-contre-une-destruction-silencieuse-de-lemploi\/\">Plan social associatif : les salari\u00e9\u00b7es du secteur en gr\u00e8ve le 16 octobre \u00e0 Dijon contre une destruction silencieuse de l\u2019emploi<\/a> (Dijon Actualit\u00e9s)<\/p>\n\n\n\n<p><a href=\"https:\/\/www.lechorepublicain.fr\/loupe-28240\/actualites\/le-personnel-de-l-hopital-de-la-loupe-en-greve-illimitee_14761187\/\">Le personnel de l&rsquo;h\u00f4pital de La Loupe en gr\u00e8ve illimit\u00e9e<\/a> (L\u2019\u00c9cho R\u00e9publicain)<\/p>\n\n\n\n<p><a href=\"https:\/\/www.letelegramme.fr\/finistere\/brest-29200\/on-a-reussi-a-negocier-quelque-chose-a-brest-la-greve-est-suspendue-a-la-clinique-pasteur-6904988.php\">\u00ab&nbsp;On a r\u00e9ussi \u00e0 n\u00e9gocier quelque chose&nbsp;\u00bb&nbsp;: \u00e0 Brest, la gr\u00e8ve est suspendue \u00e0 la clinique Pasteur<\/a> (Le T\u00e9l\u00e9gramme)<\/p>\n\n\n\n<p><a href=\"https:\/\/www.ouest-france.fr\/economie\/greve\/dans-le-sud-manche-la-cgt-des-usines-aptar-stelmi-fait-un-appel-a-la-greve-062134a2-a376-11f0-a483-88b21a3890bd\">Dans le Sud-Manche, la CGT des usines Aptar-Stelmi fait un appel \u00e0 la gr\u00e8ve<\/a> (Ouest-France)<\/p>\n\n\n\n<p><a href=\"https:\/\/www.ouest-france.fr\/bretagne\/plabennec-29860\/non-a-la-suppression-de-cinq-postes-des-salaries-de-lehpad-de-plabennec-en-colere-375e222c-a2cd-11f0-9ed2-c6719bbee39f\">\u00ab&nbsp;Non \u00e0 la suppression de cinq postes&nbsp;\u00bb&nbsp;: des salari\u00e9s de l\u2019Ehpad de Plabennec en col\u00e8re<\/a> (Ouest-France)<\/p>\n\n\n\n<p><a href=\"https:\/\/www.lamanchelibre.fr\/actualite-1193508-la-haye-pesnel-un-mouvement-de-greve-a-l-ehpad-au-bocage-hayland\">&nbsp;La Haye-Pesnel. Un mouvement&nbsp;de gr\u00e8ve \u00e0 l&rsquo;Ehpad&nbsp;Au Bocage Hayland<\/a> (La Manche Libre)<\/p>\n\n\n\n<p><strong>Monde<\/strong><\/p>\n\n\n\n<p><a href=\"https:\/\/information.tv5monde.com\/afrique\/maroc-lenseignement-superieur-se-met-en-greve-et-rejoint-le-mouvement-de-contestation-des-jeunes-de-la-genz-212-2793301\"><strong>Maroc<\/strong> : l\u2019enseignement sup\u00e9rieur se met en gr\u00e8ve et rejoint le mouvement de contestation des jeunes de la GenZ 212<\/a> (TV5 Monde)<\/p>\n\n\n\n<p><a href=\"https:\/\/www.rtbf.be\/article\/greve-des-pilotes-maritimes-une-centaine-de-navires-toujours-en-attente-11612823\"><strong>Belgique<\/strong> : Gr\u00e8ve des pilotes maritimes : une centaine de navires toujours en attente<\/a> (RTBF)<\/p>\n\n\n\n<p><a href=\"https:\/\/www.delitfrancais.com\/2025\/10\/08\/motion-de-greve-propalestinienne-approuvee-a-laeum\/\"><strong>Canada<\/strong> : Motion de gr\u00e8ve propalestinienne approuv\u00e9e \u00e0 l\u2019A\u00c9UM<\/a> (Le D\u00e9lit)<\/p>\n\n\n\n<p><strong><a href=\"https:\/\/information.tv5monde.com\/afrique\/madagascar-la-gen-z-ignore-le-president-et-appelle-la-greve-generale-2793315\">Madagascar: la Gen Z ignore le pr\u00e9sident et appelle \u00e0 la gr\u00e8ve g\u00e9n\u00e9rale<\/a> (TV5 Monde)<\/strong><\/p>\n\n\n\n<p><a href=\"https:\/\/www.lesoir.be\/703515\/article\/2025-10-08\/un-autre-magasin-ikea-rejoint-le-mouvement-de-greve\"><strong>Belgique<\/strong> : Un autre magasin Ikea rejoint le mouvement de gr\u00e8ve<\/a> (Le Soir)<\/p>\n\n\n\n<p><a href=\"https:\/\/guineenews.org\/2025\/10\/08\/urgent-suspension-de-la-greve-des-chauffeurs-de-citernes-conakry-sera-servie-dici-18h-syndicat\/\">Suspension de la gr\u00e8ve des chauffeurs de citernes : <strong>Conakry<\/strong> sera servie d\u2019ici 18h<\/a> (Guin\u00e9e News)<\/p>\n\n\n\n<p><a href=\"https:\/\/www.lemauricien.com\/actualites\/societe\/travailleurs-etrangers-600-ouvriers-nepalais-en-greve\/686889\/\"><strong>Ile Maurice<\/strong> : Travailleurs \u00e9trangers \u2013 600 ouvriers n\u00e9palais en gr\u00e8ve<\/a> (Le Mauricien)<\/p>\n\n\n\n<p><a href=\"https:\/\/www.msn.com\/fr-xl\/actualite\/other\/tchad-gr%C3%A8ve-des-enseignants-pour-exiger-la-revalorisation-de-leur-m%C3%A9tier\/ar-AA1O0Jym?apiversion=v2&amp;domshim=1&amp;noservercache=1&amp;noservertelemetry=1&amp;batchservertelemetry=1&amp;renderwebcomponents=1&amp;wcseo=1\"><strong>Tchad<\/strong> : gr\u00e8ve des enseignants pour exiger la revalorisation de leur m\u00e9tier<\/a> (Journal du Tchad)<\/p>\n\n\n\n<p><a href=\"https:\/\/lanticapitaliste.org\/actualite\/international\/grece-le-retour-lesclavage-ne-passera-pas\"><strong>Gr\u00e8ce<\/strong> :\u2002Le retour \u00e0 l\u2019esclavage ne passera pas\u2009!<\/a> (l\u2019Anticapitaliste)<\/p>\n\n\n\n<p><strong>Enqu\u00eate<\/strong>&nbsp;<\/p>\n\n\n\n<p><a href=\"https:\/\/www.blast-info.fr\/articles\/2025\/prisons-quartier-de-haute-demagogie-securitaire-JrDmbR5JQIu7iVlHfIo1fw\">Prisons : quartier de haute d\u00e9magogie s\u00e9curitaire<\/a> (blast)<\/p>\n\n\n\n<p><a href=\"https:\/\/reporterre.net\/Survivalisme-discipline-et-anti-feminisme-plongee-dans-le-collectif-Anti-tech-Resistance\">Survivalisme, discipline et antif\u00e9minisme&nbsp;: plong\u00e9e dans le collectif Anti-tech R\u00e9sistance<\/a> (Reporterre)<\/p>\n\n\n\n<p><a href=\"https:\/\/www.streetpress.com\/sujet\/1758794579-lanceur-alerte-calvaire-harcelement-moral-agent-dgsi-securite-interieur-racisme-institution-policiere\">Le calvaire et le harc\u00e8lement moral d\u2019un ancien agent de la DGSI<\/a> (Street Press)<\/p>\n\n\n\n<p><strong>Entretien<\/strong>&nbsp;<\/p>\n\n\n\n<p><strong><a href=\"https:\/\/www.equaltimes.org\/depenses-sociales-vs-defense-on-ne\">D\u00e9penses sociales vs. d\u00e9fense&nbsp;: \u00ab&nbsp;On ne peut prot\u00e9ger un mode de vie en le privant de financement&nbsp;\u00bb, souligne Todd Brogan de la CSI<\/a> (Equal Times)<\/strong><\/p>\n\n\n\n<p><strong>Analyses<\/strong><\/p>\n\n\n\n<p><a href=\"https:\/\/www.wsws.org\/fr\/articles\/2025\/10\/08\/futx-o08.html\"><strong>Italie<\/strong>: les manifestations de masse et la gr\u00e8ve g\u00e9n\u00e9rale pour Gaza t\u00e9moignent de l&rsquo;opposition croissante de la classe ouvri\u00e8re \u00e0 la guerre et au r\u00e9gime autoritaire.<\/a> (WSWS)<\/p>\n\n\n\n<p><strong><a href=\"https:\/\/theconversation.com\/entre-letat-et-le-monde-associatif-une-alliance-brisee-266687\">Entre l\u2019\u00c9tat et le monde associatif, une&nbsp;alliance&nbsp;bris\u00e9e<\/a> (The conversation)<\/strong><\/p>\n\n\n\n<p class=\"has-text-color has-link-color wp-elements-db651b9a70606153e1782f542d7a399c\" style=\"color:#f30606\"><strong>7 octobre<\/strong><\/p>\n\n\n\n<p><strong><a href=\"https:\/\/www.revolutionpermanente.fr\/Premiere-victoire-pour-Blocchiamo-Tutto-Meloni-suspend-l-exportation-de-munitions-vers-Israel\">Premi\u00e8re victoire pour \u00ab&nbsp;Blocchiamo Tutto&nbsp;\u00bb&nbsp;: Meloni suspend l\u2019exportation de munitions vers Isra\u00ebl<\/a> (RP)<\/strong><\/p>\n\n\n\n<p><a href=\"https:\/\/www.revolutionpermanente.fr\/Une-semaine-de-mobilisations-pour-la-Palestine-le-mouvement-de-solidarite-s-organise-au-Portugal\">Une semaine de mobilisations pour la Palestine&nbsp;: le mouvement de solidarit\u00e9 s\u2019organise au Portugal<\/a> (RP)<\/p>\n\n\n\n<p><a href=\"https:\/\/www.bondyblog.fr\/reportages\/collectif-le-revers-une-democratie-saine-cest-une-democratie-qui-soccupe-des-plus-precaires\/\">Collectif le Revers : \u00ab Une d\u00e9mocratie saine, c\u2019est une d\u00e9mocratie qui s\u2019occupe des plus pr\u00e9caires <\/a>\u00bb (Le Bondy Blog)<\/p>\n\n\n\n<p><strong><a href=\"https:\/\/www.sudouest.fr\/gironde\/lormont\/pres-de-bordeaux-la-cgt-attaque-au-tribunal-une-note-municipale-sur-le-droit-de-greve-26234290.php\">Pr\u00e8s de Bordeaux, la CGT attaque au tribunal une note municipale sur le droit de gr\u00e8ve<\/a> (Sud Ouest)<\/strong><\/p>\n\n\n\n<p><strong>Gr\u00e8ves<\/strong><\/p>\n\n\n\n<p><a href=\"https:\/\/www.humanite.fr\/social-et-economie\/droit-de-greve\/face-a-une-greve-des-travailleurs-dune-usine-de-capsules-la-direction-saisit-le-tribunal-pour-delit-dentrave\">Face \u00e0 une gr\u00e8ve des travailleurs d\u2019une usine de capsules, la direction saisit le tribunal pour \u00ab&nbsp;d\u00e9lit d\u2019entrave&nbsp;\u00bb <\/a>(l\u2019Humanit\u00e9)<\/p>\n\n\n\n<p><a href=\"https:\/\/la1ere.franceinfo.fr\/mayotte\/greve-des-barges-aucun-navire-ne-circule-ce-mardi-malgre-la-requisition-prefectorale-le-prefet-de-mayotte-porte-plainte-1630322.html\">Gr\u00e8ve des barges : aucun navire ne circule ce mardi malgr\u00e9 la r\u00e9quisition pr\u00e9fectorale, le pr\u00e9fet de Mayotte porte plainte<\/a> (franceinfo)<\/p>\n\n\n\n<p><a href=\"https:\/\/imazpress.com\/selection-de-la-redaction\/transports-sanitaires-en-colere-plus-de-350-taxis-mobilises-sur-le-parking-de-la-prefecture\">En col\u00e8re, 350 taxis mobilis\u00e9s sur le parking de la pr\u00e9fecture, plus de 7.000 patients sans transport sanitaire<\/a> (Imaz Press)<\/p>\n\n\n\n<p><a href=\"https:\/\/imazpress.com\/greves\/greve-citroen-3\">Gr\u00e8ve chez Citro\u00ebn&nbsp;: une trentaine de salari\u00e9s toujours mobilis\u00e9e contre le licenciement de deux salari\u00e9s<\/a> (Imaz Press)<\/p>\n\n\n\n<p><a href=\"https:\/\/france3-regions.franceinfo.fr\/occitanie\/herault\/montpellier\/personnel-essouffle-et-en-souffrance-mobilisation-et-greve-en-cours-dans-ce-college-d-un-quartier-populaire-3228890.html\">Personnel \u00ab\u00a0essouffl\u00e9\u00a0\u00bb et \u00ab\u00a0en souffrance\u00a0\u00bb : mobilisation et gr\u00e8ve en cours dans ce coll\u00e8ge d&rsquo;un quartier populair<\/a>e (franceinfo)<\/p>\n\n\n\n<p><a href=\"https:\/\/www.ledauphine.com\/social\/2025\/10\/06\/isere-metropole-de-grenoble-transports-en-commun-un-appel-a-la-greve-lance-aupres-du-personnel-de-mtag-ce-jeudi\">Transports en commun&nbsp;: un appel \u00e0 la gr\u00e8ve lanc\u00e9 aupr\u00e8s du personnel de MTag ce jeudi<\/a> (Le Dauphin\u00e9)<\/p>\n\n\n\n<p><a href=\"https:\/\/la1ere.franceinfo.fr\/martinique\/je-me-casse-le-pdg-de-la-saur-envisage-desormais-le-retrait-de-martinique-1630217.html\">\u00ab\u00a0Je me casse\u00a0\u00bb\u2026 Le PDG de la SAUR envisage d\u00e9sormais le retrait de Martinique <\/a>(franceinfo)<\/p>\n\n\n\n<p><a href=\"https:\/\/cnt-so.org\/le-bien-commun-cest-nous-greve-des-intermittent-es-sur-le-montage-du-show-caritatif-du-milliardaire-dextreme-droite-p-e-sterin-a-aix-en-province\/\">Le bien commun c\u2019est nous ! Gr\u00e8ve des intermittent-es sur le montage du show caritatif du milliardaire d\u2019extr\u00eame droite P-E Sterin \u00e0 Aix-en-Province<\/a> (CNT)<\/p>\n\n\n\n<p><a href=\"https:\/\/www.ouest-france.fr\/societe\/pompiers\/conditions-de-travail-budget-un-appel-a-la-greve-pour-les-pompiers-professionnels-de-la-mayenne-76a65b64-a2d4-11f0-8fee-8372019c9cea\">Conditions de travail, budget\u2026 Un appel \u00e0 la gr\u00e8ve des pompiers professionnels de la Mayenne<\/a> (Ouest-France)<\/p>\n\n\n\n<p><a href=\"https:\/\/www.laprovence.com\/article\/region\/1236139927325314\/une-dizaine-de-salaries-d-action-istres-en-greve-a-cause-de-licenciements-juges-abusifs\">Une dizaine de salari\u00e9s d\u2019Action Istres en gr\u00e8ve \u00e0 cause de licenciements jug\u00e9s \u00ab\u00a0abusifs\u00a0\u00bb<\/a> (La Provence.)<\/p>\n\n\n\n<p><a href=\"https:\/\/la1ere.franceinfo.fr\/guyane\/greve-dans-le-btp-les-ouvriers-de-l-entreprise-ribal-reclament-une-revalorisation-de-leur-prime-1630082.html\">Gr\u00e8ve dans le BTP : les ouvriers de l&rsquo;entreprise Ribal r\u00e9clament une revalorisation de leur prime<\/a> (franceinfo)<\/p>\n\n\n\n<p><a href=\"https:\/\/www.laprovence.com\/article\/politique\/1863989794918515\/sous-la-pression-des-grevistes-levenement-la-nuit-du-bien-commun-a-aix-senferme-a-double-tour\">Sous la pression des gr\u00e9vistes, l&rsquo;\u00e9v\u00e9nement La Nuit du bien commun \u00e0 Aix s&rsquo;enferme \u00e0 double tour<\/a> (La Provence.)<\/p>\n\n\n\n<p><a href=\"https:\/\/www.leprogres.fr\/economie\/2025\/10\/06\/greve-chez-jde-peet-s-la-mediation-comme-ultime-solution\">Gr\u00e8ve chez JDE Peet\u2019s&nbsp;: la m\u00e9diation comme ultime solution&nbsp;?<\/a> (Le Progr\u00e8s)<\/p>\n\n\n\n<p><a href=\"https:\/\/www.ouest-france.fr\/pays-de-la-loire\/loire-atlantique\/les-assistants-de-regulation-du-samu-sonnent-lalerte-au-chu-de-nantes-7dd1f17e-a2c4-11f0-8fee-8372019c9cea\">Les assistants de r\u00e9gulation du Samu sonnent l\u2019alerte au CHU de Nantes<\/a> (Ouest-France)<\/p>\n\n\n\n<p><a href=\"https:\/\/actu.fr\/pays-de-la-loire\/bouaye_44018\/5e-jour-de-greve-des-facteurs-a-bouaye-et-bouguenais-la-tension-monte-a-la-poste_63261800.html\">5e jour de gr\u00e8ve des facteurs \u00e0 Bouaye et Bouguenais : la tension monte \u00e0 La Poste<\/a> (Le Courrier du Pays de Retz)<\/p>\n\n\n\n<p><strong>Monde<\/strong><\/p>\n\n\n\n<p><a href=\"https:\/\/www.rtl.be\/actu\/belgique\/societe\/la-colere-setend-chez-ikea-de-nouveaux-magasins-se-mettent-en-greve\/2025-10-07\/article\/766066\"><strong>Belgique<\/strong> : La col\u00e8re s\u2019\u00e9tend chez IKEA&nbsp;: de nouveaux magasins se mettent en gr\u00e8ve<\/a> (RTL)<\/p>\n\n\n\n<p><a href=\"https:\/\/la1ere.franceinfo.fr\/reunion\/madagascar-les-manifestants-ont-appele-a-la-greve-generale-1630070.html\"><strong>Madagascar<\/strong> : les manifestants ont appel\u00e9 \u00e0 la gr\u00e8ve g\u00e9n\u00e9rale<\/a> (franceinfo)<\/p>\n\n\n\n<p><a href=\"https:\/\/ameqenligne.com\/article\/education\/niveau\/universitaire\/1\/1163468\/la-faecum-exige-de-l-universite-de-montreal-de-prendre-une-position-ferme-contre-le-genocide.html\">La FA\u00c9CUM exige de l&rsquo;Universit\u00e9 de <strong>Montr\u00e9al<\/strong> de prendre une position ferme contre le g\u00e9nocide<\/a> (AMEQ)<\/p>\n\n\n\n<p><a href=\"https:\/\/www.dhnet.be\/dernieres-depeches\/2025\/10\/07\/perou-lima-paralysee-par-une-greve-contre-les-assassinats-de-chauffeurs-de-bus-VC6PAQUYE5HLRA77W3BSEV4DYU\/\"><strong>P\u00e9rou<\/strong>: Lima paralys\u00e9e par une gr\u00e8ve contre les assassinats de chauffeurs de bus<\/a>&nbsp; (DH)<\/p>\n\n\n\n<p><a href=\"https:\/\/www.investiraucameroun.com\/gestion-publique\/0710-22574-chantier-naval-nouvelle-greve-pour-2-7-milliards-fcfa-d-arrieres-de-salaires\"><strong>Cameroun<\/strong> : Chantier naval&nbsp;: nouvelle gr\u00e8ve pour 2,7 milliards FCFA d\u2019arri\u00e9r\u00e9s de salaires<\/a> (Investir au Cameroun)<\/p>\n\n\n\n<p><a href=\"https:\/\/ici.radio-canada.ca\/nouvelle\/2197576\/bcgeu-greve-alcool-aide-financiere-coroner\"><strong>Canada<\/strong> : Des milliers d\u2019employ\u00e9s de la fonction publique ont manifest\u00e9 \u00e0 Victoria<\/a> (Radio Cabada)<\/p>\n\n\n\n<p><a href=\"https:\/\/secretroma.com\/fr\/nouvelle-greve-de-latac-le-10-octobre\/\">Nouvelle gr\u00e8ve de l\u2019ATAC \u00e0 <strong>Rome<\/strong> ce vendredi 10 octobre 2025<\/a> (Secret Roma)<\/p>\n\n\n\n<p><strong>Reportage<\/strong><\/p>\n\n\n\n<p><strong><a href=\"https:\/\/rapportsdeforce.fr\/linternationale\/gen-z-2025-de-lindonesie-au-nepal-lactu-des-oublie-e-s-100725659\">Gen Z 2025 : De l\u2019Indon\u00e9sie au N\u00e9pal \u2013 L\u2019Actu des Oubli\u00e9.e.s. &#8211; Vid\u00e9o<\/a> (Rapports de force)<\/strong><\/p>\n\n\n\n<p class=\"has-text-color has-link-color wp-elements-a2ec8b6d3478f81ab646024b35590008\" style=\"color:#f60c0c\"><strong>6 octobre<\/strong><\/p>\n\n\n\n<p><a href=\"https:\/\/www.humanite.fr\/social-et-economie\/andeva\/medecins-paramedicaux-patients-denoncent-un-hopital-ronge-jusqua-los\">\u00ab Les politiques font n&rsquo;importe quoi \u00bb : m\u00e9decins, param\u00e9dicaux et patients d\u00e9noncent \u00ab&nbsp;un h\u00f4pital rong\u00e9 jusqu\u2019\u00e0 l\u2019os&nbsp;\u00bb<\/a> (l\u2019Humanit\u00e9)<\/p>\n\n\n\n<p><strong>Gr\u00e8ves<\/strong><\/p>\n\n\n\n<p><a href=\"https:\/\/rapportsdeforce.fr\/classes-en-lutte\/aix-en-provence-une-premiere-greve-contre-sterin-et-son-monde-100625663\">Aix-en-Provence&nbsp;: une premi\u00e8re gr\u00e8ve \u00ab&nbsp;contre St\u00e9rin et son monde&nbsp;\u00bb<\/a> (Rapports de force)<\/p>\n\n\n\n<p><a href=\"https:\/\/la1ere.franceinfo.fr\/mayotte\/greve-des-barges-seul-le-george-nahouda-assure-les-liaisons-entre-petite-terre-et-grande-terre-1629920.html\">Gr\u00e8ve des barges : seul le George-Nahouda assure les liaisons entre Petite-Terre et Grande-Terre<\/a> (franceinfo)<\/p>\n\n\n\n<p><a href=\"https:\/\/blogs.alternatives-economiques.fr\/abherve\/2025\/10\/06\/greve-a-l-amapaharfleur\">Gr\u00e8ve \u00e0 l\u2019Amapa \/ Harfleur<\/a> (Alternatives \u00c9conomiques)<\/p>\n\n\n\n<p><a href=\"https:\/\/www.midilibre.fr\/2025\/10\/06\/des-conditions-de-travail-et-daccueil-inadmissibles-les-personnels-en-greve-au-college-fontcarrade-de-montpellier-12974922.php\">\u00ab\u00a0Des conditions de travail et d\u2019accueil inadmissibles\u00a0\u00bb&nbsp;: les personnels en gr\u00e8ve au coll\u00e8ge Fontcarrade de Montpellier<\/a> (Midi Libre)<\/p>\n\n\n\n<p><a href=\"https:\/\/www.midilibre.fr\/2025\/10\/05\/transport-scolaire-navette-vers-laeroport-et-lignes-regulieres-de-fortes-perturbations-a-prevoir-ce-lundi-6-octobre-en-raison-dun-mouvement-de-greve-12973309.php\">Transport scolaire, navette vers l\u2019a\u00e9roport et lignes r\u00e9guli\u00e8res&nbsp;: de fortes perturbations \u00e0 pr\u00e9voir ce lundi 6&nbsp;octobre en raison d\u2019un mouvement de gr\u00e8ve<\/a> (Midi Libre)<\/p>\n\n\n\n<p><a href=\"https:\/\/www.francebleu.fr\/emissions\/l-invite-d-ici-ici-auxerre\/stephane-besanceney-delegue-regional-du-syndicat-national-des-inspecteurs-du-permis-de-conduire-9543843\">Gr\u00e8ve des auto-\u00e9coles&nbsp;: \u00ab\u00a0le permis c&rsquo;est investissement pour la jeunesse, pour l&#8217;emploi et la s\u00e9curit\u00e9 routi\u00e8re\u00a0\u00bb<\/a> (ici)<\/p>\n\n\n\n<p><a href=\"https:\/\/france3-regions.franceinfo.fr\/auvergne-rhone-alpes\/puy-de-dome\/clermont-ferrand\/il-n-y-a-aucun-risque-pour-l-usager-tout-est-legal-pourquoi-un-collectif-d-usagers-des-trains-ter-appelle-a-la-greve-en-auvergne-3228413.html\">\u00ab\u00a0Il n&rsquo;y a aucun risque pour l&rsquo;usager, tout est l\u00e9gal\u00a0\u00bb : pourquoi un collectif d\u2019usagers des trains TER appelle \u00e0 la gr\u00e8ve en Auvergne<\/a> (franceinfo)<\/p>\n\n\n\n<p><a href=\"https:\/\/moselle.tv\/une-greve-partielle-chez-arcelormittal-pour-faire-face-au-plan-social\/\">Une gr\u00e8ve partielle chez ArcelorMittal pour faire face au plan social<\/a> (Moselle TV)<\/p>\n\n\n\n<p><a href=\"https:\/\/www.linfo.re\/la-reunion\/societe\/debut-d-une-greve-illimitee-des-taxis-contre-la-reforme-du-transport-assis-personnalise\">D\u00e9but d\u2019une gr\u00e8ve illimit\u00e9e des taxis contre la convention de mai 2025<\/a> (Linfo RE)<\/p>\n\n\n\n<p><a href=\"https:\/\/gusandco.net\/2025\/10\/06\/greve-kickstarter-impact-crowdfunding-jeux\/\">Kickstarter en feu : Le r\u00eave du crowdfunding vire au conflit social<\/a> (Gus &amp; Co)<\/p>\n\n\n\n<p><a href=\"https:\/\/la1ere.franceinfo.fr\/guyane\/affaire-auguste-dede-les-deputes-de-guyane-appellent-a-la-mobilisation-lundi-6-octobre-1629719.html\">Affaire Auguste D\u00e9d\u00e9 : les d\u00e9put\u00e9s de Guyane appellent \u00e0 la mobilisation lundi 6 octobre<\/a> (franceinfo)<\/p>\n\n\n\n<p><a href=\"https:\/\/www.lavoixdunord.fr\/1632560\/article\/2025-10-05\/mouvement-de-greve-des-perturbations-attendues-sur-la-ligne-ter-arras-amiens-ce\">Mouvement de gr\u00e8ve&nbsp;: des perturbations attendues sur la ligne TER Arras \u2013 Amiens ce lundi <\/a>(La Voix du Nord)<\/p>\n\n\n\n<p><strong>Monde<\/strong><\/p>\n\n\n\n<p><a href=\"https:\/\/www.wsws.org\/fr\/articles\/2025\/10\/06\/fkbv-o06.html\">Un travailleur de Postes <strong>Canada<\/strong> appelle \u00e0 \u00e9largir la gr\u00e8ve \u00e0 d\u2019autres secteurs de la classe ouvri\u00e8re<\/a> (WSWS)<\/p>\n\n\n\n<p><a href=\"https:\/\/www.rtbf.be\/article\/le-personnel-du-specialiste-de-la-frite-surgelee-clarebout-toujours-en-greve-11611727\"><strong>Belgique<\/strong> : La gr\u00e8ve se poursuit dans tous les sites de l&rsquo;entreprise Clarebout Potatoes, le sp\u00e9cialiste de la frite surgel\u00e9e <\/a>(RTBF)<\/p>\n\n\n\n<p><a href=\"https:\/\/www.noovo.info\/nouvelle\/des-milliers-detudiants-quebecois-en-greve-en-solidarite-avec-la-resistance-palestinienne.html\">Des milliers d\u2019\u00e9tudiants <strong>qu\u00e9b\u00e9cois<\/strong> en gr\u00e8ve pour soutenir la Palestine<\/a> (Noovo info)<\/p>\n\n\n\n<p><a href=\"https:\/\/lecourrier.ch\/2025\/10\/06\/les-macons-annoncent-la-greve\/\"><strong>Suisse<\/strong> : Les ma\u00e7ons annoncent la gr\u00e8ve<\/a> (Le Courrier)<\/p>\n\n\n\n<p><a href=\"https:\/\/www.leconomistemaghrebin.com\/2025\/10\/06\/greve-generale-enseignement-7-octobre-2025\/\"><strong>Maroc<\/strong> : Gr\u00e8ve g\u00e9n\u00e9rale dans l\u2019enseignement primaire le 7 octobre 2025<\/a> (L\u2019\u00c9conomiste)<\/p>\n\n\n\n<p><a href=\"https:\/\/ch.zonebourse.com\/actualite-bourse\/poursuite-des-greves-au-centre-logistique-de-zalando-a-erfurt-ce7d5bdcdc89fe23\"><strong>Allemagne<\/strong> : Poursuite des gr\u00e8ves au centre logistique de Zalando \u00e0 Erfurt<\/a> (Zonebourse)<\/p>\n\n\n\n<p><a href=\"https:\/\/www.tuniscope.com\/article\/414482\/tunisie\/actualites\/greve-generale-enseignement-primaire-140712\"><strong>Tunisie<\/strong> : Gr\u00e8ve g\u00e9n\u00e9rale sectorielle&nbsp;dans toutes les \u00e9coles primaires le mardi 7 octobre 2025<\/a> (Tuniscope)<\/p>\n\n\n\n<p><a href=\"https:\/\/www.msn.com\/fr-be\/actualite\/other\/manque-de-personnel-et-surcharge-de-travail-apr%C3%A8s-hognoul-une-partie-des-travailleurs-d-ikea-%C3%A0-wilrijk-en-gr%C3%A8ve\/ar-AA1NWaQT?ocid=finance-verthp-feeds\"><strong>Belgique<\/strong> : Manque de personnel et surcharge de travail : apr\u00e8s Hognoul, une partie des travailleurs d\u2019Ikea \u00e0 Wilrijk en gr\u00e8ve<\/a> (RTL)<\/p>\n\n\n\n<p><a href=\"https:\/\/www.temoignages.re\/international\/madagascar-grande-ile\/madagascar-recherche-d-issue-a-la-crise-et-appel-a-la-greve-generale\"><strong>Madagascar<\/strong>&nbsp;: Recherche d\u2019issue \u00e0 la crise et appel \u00e0 la gr\u00e8ve g\u00e9n\u00e9rale<\/a> (T\u00e9moignages)<\/p>\n\n\n\n<p><a href=\"https:\/\/www.thiesinfo.com\/Greve-au-port-de-Ndayane-les-ouvriers-denoncent-retards-de-salaire-et-discrimination_a10479.html\"><strong>S\u00e9n\u00e9gal<\/strong> : Gr\u00e8ve au port de Ndayane : les ouvriers d\u00e9noncent retards de salaire et discrimination<\/a> (Thi\u00e8s info)<\/p>\n\n\n\n<p><a href=\"https:\/\/www.sudquotidien.sn\/pour-le-reclassement-immediat-des-techniciens-superieurs-de-sante-le-satsus-en-greve-le-15-et-16-octobre\/?amp=1\">S\u00e9n\u00e9gal : Pour le reclassement imm\u00e9diat des techniciens sup\u00e9rieurs de sant\u00e9 : le SATSUS en gr\u00e8ve le 15 et 16 octobre<\/a> (Sud Quotidien)<\/p>\n\n\n\n<p><strong>Analyses<\/strong><\/p>\n\n\n\n<p><strong><a href=\"https:\/\/www.blast-info.fr\/articles\/2025\/la-gen-z-une-generation-mondiale-en-revolte-3tKbU5l5TqqUDX0j8tg_9Q\">La Gen Z, une g\u00e9n\u00e9ration mondiale en r\u00e9volte ?<\/a> (blast)<\/strong><\/p>\n\n\n\n<p><strong>Reportages<\/strong><\/p>\n\n\n\n<p><a href=\"https:\/\/lepoing.net\/robert-menard-a-decide-ca-seul-a-beziers-mobilisation-contre-un-centre-de-retention\/\">\u201cRobert M\u00e9nard a d\u00e9cid\u00e9 \u00e7a seul\u201d : \u00e0 B\u00e9ziers, mobilisation contre un centre de r\u00e9tention<\/a> (Le Poing)<\/p>\n\n\n\n<p><a href=\"https:\/\/reporterre.net\/On-a-ete-moins-bien-traites-que-des-animaux-Le-combat-de-Yasmine-Tellal-ex-travailleuse\">\u00ab&nbsp;Ils sacrifiaient nos vies pour sauver leurs exploitations&nbsp;\u00bb&nbsp;: la r\u00e9volte des ouvriers agricoles<\/a> (Reporterre)<\/p>\n\n\n\n<p class=\"has-text-color has-link-color wp-elements-c1179f9a4cf7199705bccdbea8b72cd2\" style=\"color:#f70b0b\"><strong>4 octobre<\/strong><\/p>\n\n\n\n<p><strong><a href=\"https:\/\/www.jeuneafrique.com\/1727012\/politique\/manifestations-au-maroc-le-mouvement-se-durcit-deux-morts-a-leqliaa\/\">Manifestations au Maroc : le mouvement se durcit, deux morts \u00e0 Leqli\u00e2a<\/a> (Jeune Afrique)<\/strong><\/p>\n\n\n\n<p><strong><a href=\"https:\/\/www.revolutionpermanente.fr\/Envoi-d-instructeurs-livraison-de-fusils-Israel-arme-la-repression-de-la-jeunesse-en-lutte-a\">Envoi d\u2019instructeurs, livraison de fusils&nbsp;: Isra\u00ebl arme la r\u00e9pression de la jeunesse en lutte \u00e0 Madagascar<\/a> (RP)<\/strong><\/p>\n\n\n\n<p><strong><a href=\"https:\/\/www.humanite.fr\/politique\/cour-internationale-de-justice\/a-marseille-123-militants-arretes-pour-avoir-manifeste-devant-une-usine-exportant-des-composants-darmes-a-israel\">\u00c0 Marseille, 123 militants arr\u00eat\u00e9s pour avoir manifest\u00e9 devant une usine exportant des composants d\u2019armes \u00e0 Isra\u00ebl<\/a> (l\u2019Humanit\u00e9)<\/strong><\/p>\n\n\n\n<p><a href=\"https:\/\/www.francebleu.fr\/infos\/societe\/les-ports-du-havre-et-de-rouen-appeles-a-faire-deux-heures-de-greve-pour-la-paix-au-proche-orient-2564845\">Les ports du Havre et de Rouen appel\u00e9s \u00e0 faire deux heures de gr\u00e8ve pour la paix au Proche-Orient<\/a> (ici)<\/p>\n\n\n\n<p><a href=\"https:\/\/reporterre.net\/Rachel-six-mois-ferme-et-la-lutte-climat-comme-une-necessite\">Rachel, six mois ferme et la lutte climat comme une \u00ab&nbsp;n\u00e9cessit\u00e9&nbsp;\u00bb<\/a> (Reporterre)<\/p>\n\n\n\n<p><strong>Edito<\/strong><\/p>\n\n\n\n<p><strong><a href=\"https:\/\/www.humanite.fr\/social-et-economie\/lutte-des-classes\/grands-patrons-le-loup-sort-du-bois\">Grands patrons&nbsp;: le loup sort du bois<\/a> (l\u2019Humanit\u00e9)<\/strong><\/p>\n\n\n\n<p><strong>Gr\u00e8ves<\/strong><\/p>\n\n\n\n<p><a href=\"https:\/\/www.revolutionpermanente.fr\/Apres-neuf-jours-de-greve-reconductible-les-travailleurs-d-Alto-Onsite-arrachent-une-victoire\">Apr\u00e8s neuf jours de gr\u00e8ve reconductible, les travailleurs d\u2019Alto Onsite arrachent une victoire&nbsp;!<\/a> (RP)<\/p>\n\n\n\n<p><a href=\"https:\/\/www.martinique.franceantilles.fr\/actualite\/social\/en-greve-les-policiers-municipaux-de-fort-de-france-denoncent-un-manque-de-moyens-1052672.php\">En gr\u00e8ve, les policiers municipaux de Fort-de-France d\u00e9noncent un manque de moyens<\/a> (France-Antilles)<\/p>\n\n\n\n<p><a href=\"https:\/\/www.sudouest.fr\/lot-et-garonne\/agen\/lot-et-garonne-un-accord-de-fin-de-greve-a-venir-au-departement-26189121.php\">Lot-et-Garonne&nbsp;: Un accord de fin de gr\u00e8ve au D\u00e9partement<\/a> (Sud Ouest)<\/p>\n\n\n\n<p><a href=\"https:\/\/www.lequotidien.re\/article\/social\/2025\/10\/04\/les-taxis-sanitaires-en-greve-illimitee-a-partir-de-lundi\">Les taxis sanitaires en gr\u00e8ve illimit\u00e9e \u00e0 partir de lundi<\/a> (Le Quotidien)<\/p>\n\n\n\n<p><a href=\"https:\/\/www.lemonde.fr\/economie\/article\/2025\/10\/04\/le-principal-syndicat-des-controleurs-aeriens-francais-suspend-son-preavis-de-greve-des-7-8-et-9-octobre_6644400_3234.html\">Le principal syndicat des contr\u00f4leurs a\u00e9riens fran\u00e7ais suspend son pr\u00e9avis de gr\u00e8ve des 7, 8&nbsp;et 9&nbsp;octobre<\/a> (Le Monde)<\/p>\n\n\n\n<p><a href=\"https:\/\/www.ouest-france.fr\/sante\/greve-des-assistants-de-regulation-au-samu-le-chu-annonce-des-mesures-60a1e88c-a091-11f0-a698-dbf3ac8f3cb6\">Gr\u00e8ve des assistants de r\u00e9gulation au Samu&nbsp;: le CHU annonce des mesures<\/a> (Ouest-France)<\/p>\n\n\n\n<p><a href=\"https:\/\/www.ouest-france.fr\/pays-de-la-loire\/bouaye-44830\/quatrieme-jour-de-greve-des-facteurs-le-mouvement-se-durcit-00164e56-a076-11f0-a2df-e35576af008a\">Quatri\u00e8me jour de gr\u00e8ve des facteurs&nbsp;: le mouvement se durcit<\/a> (Ouest-France)<\/p>\n\n\n\n<p><a href=\"https:\/\/la1ere.franceinfo.fr\/martinique\/conflit-a-la-saur-toujours-pas-d-accord-apres-trois-heures-de-negociations-1629329.html\">Conflit \u00e0 la SAUR : toujours pas d\u2019accord apr\u00e8s trois heures de n\u00e9gociations<\/a> (franceinfo)<\/p>\n\n\n\n<p><a href=\"https:\/\/www.lanouvellerepublique.fr\/tours\/pourquoi-les-soignants-de-la-psychiatrie-sont-ils-en-greve-au-chru-de-tours-1759515407\">Pourquoi les soignants de la psychiatrie sont-ils en gr\u00e8ve au CHRU de Tours&nbsp;?<\/a> (La Nouvelle R\u00e9publique)<\/p>\n\n\n\n<p><a href=\"https:\/\/www.ledauphine.com\/economie\/2025\/10\/03\/c-est-la-premiere-fois-en-10-ans-que-nous-lancons-un-mouvement-de-cette-ampleur-la-verrerie-de-labegude-est-en-greve\">\u00ab C\u2019est la premi\u00e8re fois en 10 ans que nous lan\u00e7ons un mouvement de cette ampleur&nbsp;\u00bb &nbsp;: la verrerie de Lab\u00e9gude est en gr\u00e8ve <\/a>(Le Dauphin\u00e9 Lib\u00e9r\u00e9)<\/p>\n\n\n\n<p><a href=\"https:\/\/www.sudouest.fr\/economie\/social\/landes-preavis-de-greve-chez-les-pompiers-le-7-octobre-avant-le-conseil-d-administration-du-sdis-26190319.php\">Landes&nbsp;: pr\u00e9avis de gr\u00e8ve chez les pompiers le 7&nbsp;octobre, avant le conseil d\u2019administration du Sdis<\/a> (Sud Ouest)<\/p>\n\n\n\n<p><a href=\"https:\/\/www.leprogres.fr\/social\/2025\/10\/03\/greve-chez-jde-peet-s-l-entreprise-saisit-la-justice-pour-liberer-l-acces-au-site\">Gr\u00e8ve chez JDE Peet\u2019s \u00e0&nbsp;Andr\u00e9zieux-Bouth\u00e9on : l\u2019entreprise saisit la justice pour lib\u00e9rer l\u2019acc\u00e8s au site<\/a> (Le Progr\u00e8s)<\/p>\n\n\n\n<p><strong>Monde<\/strong><\/p>\n\n\n\n<p><a href=\"https:\/\/www.wsws.org\/fr\/articles\/2025\/10\/04\/yloi-o04.html\">Crise dans l&rsquo;industrie automobile <strong>allemande<\/strong>: licenciements, fermetures d&rsquo;usines et faillites<\/a> (WSWS)<\/p>\n\n\n\n<p><a href=\"https:\/\/2424.mg\/revendications-le-syndicat-des-employes-de-la-douane-annonce-une-greve-generale\/\"><strong>Madagascar<\/strong> : Le Syndicat des employ\u00e9s de la douane annonce une gr\u00e8ve g\u00e9n\u00e9rale<\/a> (24\/24)<\/p>\n\n\n\n<p><a href=\"https:\/\/www.sudinfo.be\/id1048485\/article\/2025-10-03\/greve-alysse-food-seneffe-la-direction-sest-montree-plus-ouverte-reprise\"><strong>Belgique<\/strong> : Gr\u00e8ve \u00e0 Alysse Food Seneffe&nbsp;: \u00abLa direction s\u2019est montr\u00e9e plus ouverte, reprise partielle du travail ce lundi\u00bb<\/a> (Sud info)<\/p>\n\n\n\n<p><a href=\"https:\/\/www.rfi.fr\/fr\/podcasts\/l-accent-des-autres\/20251004-le-service-postal-%C3%A0-l-arr%C3%AAt-au-canada-paralys%C3%A9-par-une-gr%C3%A8ve-nationale\">Le service postal \u00e0 l&rsquo;arr\u00eat au <strong>Canada<\/strong> paralys\u00e9 par une gr\u00e8ve nationale<\/a> (RFI)<\/p>\n\n\n\n<p class=\"has-text-color has-link-color wp-elements-e98c232d5af2eeb6c643559db2f96745\" style=\"color:#f90505\"><strong>2 octobre<\/strong><\/p>\n\n\n\n<p><a href=\"https:\/\/www.humanite.fr\/en-debat\/blocus-de-gaza\/manifeste-de-soutien-des-organisations-et-personnalites-de-la-non-violence-a-la-global-sumud-flotilla-et-aux-thousand-madleens\">Manifeste de soutien des organisations et personnalit\u00e9s de la non-violence \u00e0 la Global Sumud Flotilla et aux Thousand Madleens <\/a>(l\u2019Humanit\u00e9)<\/p>\n\n\n\n<p><a href=\"https:\/\/www.politis.fr\/articles\/2025\/10\/flottille-arretee-a-paris-les-images-du-rassemblement-en-soutien\/\">Flottille arr\u00eat\u00e9e : \u00e0 Paris, les images du rassemblement en soutien<\/a> (Politis)<\/p>\n\n\n\n<p><a href=\"https:\/\/basta.media\/De-l-Amazonie-aux-flottilles-pour-Gaza-une-navigatrice-contre-les-injustices\">De l\u2019Amazonie aux flottilles pour Gaza&nbsp;: une navigatrice contre les injustices<\/a> (basta!)<\/p>\n\n\n\n<p><a href=\"https:\/\/www.wsws.org\/fr\/articles\/2025\/10\/02\/lese-o02.html\">Les dockers de G\u00eanes et Livourne bloquent une cargaison d&rsquo;armes isra\u00e9liennes alors que des manifestations de masse d\u00e9noncent le g\u00e9nocide de Gaza<\/a> (WSWS)<\/p>\n\n\n\n<p><strong><a href=\"https:\/\/rebellyon.info\/ARRESTATION-PREVENTIVE-D-UN-MILITANT-LA-31913\">Arrestation pr\u00e9ventive d\u2019un militant la veille du 10&nbsp;septembre&#8230; Ou quand la police use de mensonges grossiers pour intimider le mouvement social<\/a> (Rebellyon)<\/strong><\/p>\n\n\n\n<p><strong><a href=\"https:\/\/www.revolutionpermanente.fr\/L-Intersyndicale-a-bride-la-mobilisation-sans-eteindre-la-colere-une-autre-strategie-est-possible\">L\u2019Intersyndicale a brid\u00e9 la mobilisation sans \u00e9teindre la col\u00e8re&nbsp;: une autre strat\u00e9gie est possible&nbsp;!<\/a> (RP)<\/strong><\/p>\n\n\n\n<p><strong>Gr\u00e8ves<\/strong><\/p>\n\n\n\n<p><a href=\"https:\/\/la1ere.franceinfo.fr\/reunion\/greve-a-l-arar-1629077.html\">Gr\u00e8ve illimit\u00e9e \u00e0 l&rsquo;ARAR : les salari\u00e9s mobilis\u00e9s \u00e0 la Possession refusent la fusion avec l&rsquo;AURAR<\/a> (franceinfo)<\/p>\n\n\n\n<p><a href=\"https:\/\/www.ladepeche.fr\/2025\/10\/03\/20-balles-on-remballe-la-greve-des-agents-des-routes-senlise-au-conseil-departemental-de-lot-et-garonne-12969010.php\">\u00ab\u00a020 balles, on remballe\u00a0\u00bb, la gr\u00e8ve des agents des routes s\u2019enlise au conseil d\u00e9partemental de Lot-et-Garonne<\/a> (La D\u00e9p\u00eache)<\/p>\n\n\n\n<p><a href=\"https:\/\/www.guadeloupe.franceantilles.fr\/actualite\/social\/la-blanchisserie-du-chug-entre-en-greve-1052555.php\">La blanchisserie du CHUG entre en gr\u00e8ve&nbsp;<\/a> (France-Antilles)<\/p>\n\n\n\n<p><a href=\"https:\/\/www.rue89lyon.fr\/2025\/10\/03\/non-a-lesclavage-moderne-a-meyzieu-la-greve-victorieuse-dagents-dentretien\/\">\u00ab Non \u00e0 l\u2019esclavage moderne \u00bb : \u00e0 Meyzieu, la gr\u00e8ve victorieuse d\u2019agents d\u2019entretien<\/a> (Rue 89 Lyon)<\/p>\n\n\n\n<p><strong>Monde<\/strong><\/p>\n\n\n\n<p><a href=\"https:\/\/lareleve.ma\/169039\/\"><strong>Maroc<\/strong> : Enseignants-chercheurs: gr\u00e8ve nationale les 7 et 8 octobre \u00e0 Rabat-Sal\u00e9<\/a> (La Rel\u00e8ve)<\/p>\n\n\n\n<p><a href=\"https:\/\/www.boursorama.com\/bourse\/actualites\/boeing-s-attend-a-ce-que-la-greve-dure-encore-des-semaines-voire-des-mois-f6b139187155862c0acccfd872977763\"><strong>Boeing<\/strong> s&rsquo;attend \u00e0 ce que la gr\u00e8ve dure encore \u00ab\u00a0des semaines\u00a0\u00bb voire \u00ab\u00a0des mois\u00a0\u00bb<\/a> (Boursorama)<\/p>\n\n\n\n<p><a href=\"https:\/\/www.rtbf.be\/article\/les-travailleurs-du-producteur-de-frites-clarebout-potatoes-reclament-une-prime-apres-le-rachat-de-leur-entreprise-par-l-americain-simplot-11610115\"><strong>Belgique<\/strong> : Gr\u00e8ve chez le producteur de frites Clarebout Potatoes<\/a>&nbsp;(RTBF)<\/p>\n\n\n\n<p><a href=\"https:\/\/www.rtl.be\/actu\/regions\/hainaut\/la-circulation-des-bus-fortement-perturbee-charleroi-ce-vendredi-matin-une-greve\/2025-10-03\/article\/765666\"><strong>Belgique<\/strong> : La circulation des bus fortement perturb\u00e9e \u00e0 Charleroi ce vendredi matin&nbsp;: une gr\u00e8ve est en cours<\/a> (RTL)<\/p>\n\n\n\n<p><a href=\"https:\/\/www.senenews.com\/actualites\/non-respect-des-engagements-de-letat-les-boulangers-partent-en-greve-pas-de-pains-pour-48-heures_561205.html\"><strong>S\u00e9n\u00e9gal<\/strong> : Non-respect des engagements de l\u2019\u00c9tat : Les boulangers partent en gr\u00e8ve, pas de pains pour 48 heures<\/a> (Sene News)<\/p>\n\n\n\n<p><a href=\"https:\/\/www.voyages-d-affaires.com\/greves-aeroport-de-bruxelles-14-otcobre\"><strong>Belgique<\/strong> : Gr\u00e8ves&nbsp;: l\u2019a\u00e9roport de Bruxelles sous pression<\/a> (Voyages d\u2019affaires)<\/p>\n\n\n\n<p><a href=\"https:\/\/fr.allafrica.com\/view\/resource\/main\/main\/id\/00140348.html\">Suspension de la gr\u00e8ve \u00e0 la raffinerie Dangote au <strong>Nigeria<\/strong><\/a> (All Africa)<\/p>\n\n\n\n<p><a href=\"https:\/\/tchadinfos.com\/2025\/10\/02\/education-la-greve-largement-suivie-dans-les-etablissements-de-ndjamena\/\">\u00c9ducation : la gr\u00e8ve largement suivie dans les \u00e9tablissements de<strong> N\u2019Djamena<\/strong><\/a> (Tchad Infos)<\/p>\n\n\n\n<p><strong>Analyses<\/strong><\/p>\n\n\n\n<p><strong><a href=\"https:\/\/lvsl.fr\/les-italiens-en-lutte-pour-gaza\/\">Les italiens en lutte pour Gaza<\/a> (LVSL)<\/strong><\/p>\n\n\n\n<p><strong><a href=\"https:\/\/www.equaltimes.org\/trop-vieux-pour-travailler-l\">\u00ab&nbsp;Trop vieux pour travailler&nbsp;?&nbsp;\u00bb \u2013 L\u2019Europe \u00e9cartel\u00e9e entre la p\u00e9nurie de talents d\u00e9cri\u00e9e et un march\u00e9 de l\u2019emploi \u00e2giste<\/a> (Equal times)<\/strong><\/p>\n\n\n\n<p class=\"has-text-color has-link-color wp-elements-27b903db50ab2f0fbbe96a3583cad043\" style=\"color:#f90505\"><strong>1er octobre<\/strong><\/p>\n\n\n\n<p><strong><a href=\"https:\/\/www.revolutionpermanente.fr\/Plan-de-Trump-pour-Gaza-reactions-menaces-contre-la-flottille-suivez-la-situation-en-direct\">Plan de Trump pour Gaza, r\u00e9actions, menaces contre la flottille&nbsp;: suivez la situation en direct<\/a> (RP)<\/strong><\/p>\n\n\n\n<p><strong><a href=\"https:\/\/www.humanite.fr\/social-et-economie\/discrimination-au-travail\/inegalites-salariales-le-tribunal-va-t-il-obliger-safran-a-rendre-largent-aux-femmes\">In\u00e9galit\u00e9s salariales : le tribunal va-t-il obliger Safran \u00e0 \u00ab&nbsp;rendre l\u2019argent&nbsp;\u00bb aux femmes&nbsp;?<\/a> (l\u2019Humanit\u00e9)<\/strong><\/p>\n\n\n\n<p><a href=\"https:\/\/reporterre.net\/Un-racket-des-contribuables-une-nouvelle-subvention-votee-pour-l-A69\">\u00ab&nbsp;Un racket des contribuables&nbsp;\u00bb&nbsp;: une nouvelle subvention vot\u00e9e pour l\u2019A69<\/a> (Reporterre)<\/p>\n\n\n\n<p><a href=\"https:\/\/www.cgt.fr\/carte\">La carte des manifestations du 2 octobre<\/a> (CGT)<\/p>\n\n\n\n<p><strong>Gr\u00e8ves<\/strong><\/p>\n\n\n\n<p><a href=\"https:\/\/www.francebleu.fr\/infos\/economie-social\/la-greve-est-encore-constitutionnelle-un-employe-du-groupe-adene-menace-de-licenciement-4985863\">\u00ab\u00a0La gr\u00e8ve est encore constitutionnelle\u00a0\u00bb : un employ\u00e9 du groupe Ad\u00e8ne menac\u00e9 de licenciement<\/a> (ici)<\/p>\n\n\n\n<p><a href=\"https:\/\/www.sudouest.fr\/lot-et-garonne\/agen\/agen-les-agents-du-conseil-departemental-en-greve-devant-les-grilles-de-saint-jacques-26155094.php\">Agen&nbsp;: les agents du Conseil d\u00e9partemental en gr\u00e8ve devant les grilles de Saint-Jacques<\/a> (Sud Ouest)<\/p>\n\n\n\n<p><a href=\"https:\/\/www.francebleu.fr\/infos\/economie-social\/justice-sur-les-feuilles-de-paie-et-les-factures-la-greve-se-poursuit-sur-le-terminal-methanier-de-montoir-9528940\">\u00ab\u00a0Justice sur les feuilles de paie et les factures\u00a0\u00bb : la gr\u00e8ve se poursuit sur le terminal m\u00e9thanier de Montoir<\/a> (ici)<\/p>\n\n\n\n<p><a href=\"https:\/\/information.tv5monde.com\/economie\/nouvelle-greve-au-parisien-la-deuxieme-en-une-semaine-2792521?amp\">Nouvelle gr\u00e8ve au Parisien, la deuxi\u00e8me en une semaine<\/a> (TV5 Monde)<\/p>\n\n\n\n<p><a href=\"https:\/\/france3-regions.franceinfo.fr\/normandie\/seine-maritime\/rouen\/journee-noire-dans-cliniques-vivalto-en-greve-de-nombreux-salaries-en-greve-3225134.html\">\u00ab\u00a0Journ\u00e9e noire\u00a0\u00bb dans les cliniques Vivalto : de nombreux salari\u00e9s en gr\u00e8ve<\/a> (franceinfo)<\/p>\n\n\n\n<p><a href=\"https:\/\/imazpress.com\/toute-l-actu\/greve-citroen-reponse-cfao\">Licenciements contest\u00e9s chez Citro\u00ebn R\u00e9union&nbsp;: la direction s\u2019explique apr\u00e8s la gr\u00e8ve<\/a> (Imaz Press)<\/p>\n\n\n\n<p><a href=\"https:\/\/www.ouest-france.fr\/bretagne\/concarneau-29900\/a-concarneau-des-parents-deleves-soutiennent-les-agents-municipaux-en-greve-ec92f9f2-9e08-11f0-b8c9-cb434b3a2a4e\">\u00c0 Concarneau, des parents d\u2019\u00e9l\u00e8ves soutiennent les agents municipaux en gr\u00e8ve<\/a> (Ouest-France)<\/p>\n\n\n\n<p><a href=\"https:\/\/www.ledauphine.com\/social\/2025\/10\/01\/appel-a-la-greve-un-barrage-filtrant-organise-par-la-cgt-devant-la-centrale-nucleaire-de-tricastin\">Appel \u00e0 la gr\u00e8ve&nbsp;: un barrage filtrant organis\u00e9 par la CGT devant la centrale nucl\u00e9aire de Tricastin<\/a> (Le Dauphin\u00e9 Lib\u00e9r\u00e9)<\/p>\n\n\n\n<p><a href=\"https:\/\/www.lanouvellerepublique.fr\/chateauroux\/des-salaries-de-l-association-agir-36-lancent-un-mouvement-de-greve-dans-l-indre-1759252064\">Des salari\u00e9s de l\u2019association Agir 36 lancent un mouvement de gr\u00e8ve, dans l\u2019Indre<\/a> (La Nouvelle R\u00e9publique)<\/p>\n\n\n\n<p><a href=\"https:\/\/www.lanouvellerepublique.fr\/loir-et-cher\/loir-et-cher-les-dechetteries-d-agglopolys-en-greve-et-fermees-au-public-depuis-lundi-1759230209\">Loir-et-Cher&nbsp;: les d\u00e9chetteries d\u2019Agglopolys en gr\u00e8ve et ferm\u00e9es au public depuis lundi <\/a>(La Nouvelle R\u00e9publique)<\/p>\n\n\n\n<p><a href=\"https:\/\/actu.fr\/bretagne\/saint-gregoire_35278\/hopital-prive-de-saint-gregoire-une-centaine-de-salaries-en-greve-pour-reclamer-une-hausse-des-salaires_63233861.html\">H\u00f4pital priv\u00e9 de Saint-Gr\u00e9goire : une centaine de personnels en gr\u00e8ve pour r\u00e9clamer une hausse des salaires<\/a> (actu Rennes)<\/p>\n\n\n\n<p><a href=\"https:\/\/ch.zonebourse.com\/actualite-bourse\/fluxys-operateur-du-terminal-gnl-de-dunkerque-alerte-sur-une-possible-greve-de-deux-jours-cette-se-ce7d5bd8dc8bf723\">Fluxys, op\u00e9rateur du terminal GNL de Dunkerque, alerte sur une possible gr\u00e8ve de deux jours cette semaine<\/a> (Zonebourse)<\/p>\n\n\n\n<p><strong>Monde<\/strong><\/p>\n\n\n\n<p><a href=\"https:\/\/www.rtbf.be\/article\/un-mouvement-de-greve-spontane-touche-le-depot-tec-de-jemeppe-11609146\"><strong>Belgique<\/strong> : Un mouvement de gr\u00e8ve spontan\u00e9 touche le d\u00e9p\u00f4t TEC de Jemeppe<\/a> (RTBF)<\/p>\n\n\n\n<p><a href=\"https:\/\/www.gazetaexpress.com\/fr\/greqi-greve-e-pergjithshme-kunder-oreve-shtese-te-punes\/\"><strong>Gr\u00e8ce<\/strong> : Gr\u00e8ve g\u00e9n\u00e9rale contre les heures suppl\u00e9mentaires<\/a>&nbsp; (Express)<\/p>\n\n\n\n<p><a href=\"https:\/\/www.infolibertaire.net\/iran-greve-de-la-faim-dans-52-prisons-diran\/\">Gr\u00e8ve de la faim dans 52 prisons <strong>d\u2019Iran<\/strong><\/a> (Info Libertaire)<\/p>\n\n\n\n<p><a href=\"https:\/\/www.zonebourse.com\/actualite-bourse\/le-syndicat-petrolier-nigerian-accepte-de-lever-la-greve-apres-des-discussions-avec-dangote-petroleu-ce7d5bd9d88af023\">Le syndicat p\u00e9trolier <strong>nig\u00e9rian<\/strong> accepte de lever la gr\u00e8ve apr\u00e8s des discussions avec Dangote Petroleum<\/a> (Zonebourse)<\/p>\n\n\n\n<p><strong>Enqu\u00eate<\/strong>&nbsp;<\/p>\n\n\n\n<p><a href=\"https:\/\/basta.media\/travail-en-prison-paye-la-moitie-du-smic-sur-un-siege-ejectable\">Travail en prison&nbsp;: pay\u00e9 la moiti\u00e9 du Smic, sur un \u00ab&nbsp;si\u00e8ge \u00e9jectable&nbsp;\u00bb<\/a> (basta!)<\/p>\n","protected":false},"excerpt":{"rendered":"<p>1er novembre Ouverture \u00e0 la concurrence&nbsp;: 76 agents RATP refusent leur transfert et se font licencier (RP) Albi. Face au tri raciste des mineurs isol\u00e9s, les organisations se mobilisent (RP) Gr\u00e8ves Boulangeries Paul&nbsp;: mouvement de gr\u00e8ve contre les fermetures en s\u00e9rie en \u00cele-de-France (Le Parisien) Adages 34 : le personnel de nuit en gr\u00e8ve pour &#8230; <a title=\"Octobre &#8211; Social\" class=\"read-more\" href=\"https:\/\/www.rdpemancipation.org\/?p=144435\" aria-label=\"En savoir plus sur Octobre &#8211; Social\">Lire la suite<\/a><\/p>\n","protected":false},"author":1,"featured_media":0,"comment_status":"closed","ping_status":"closed","sticky":false,"template":"","format":"standard","meta":{"_lmt_disableupdate":"","_lmt_disable":"","_jetpack_memberships_contains_paid_content":false,"footnotes":""},"categories":[8],"tags":[],"class_list":["post-144435","post","type-post","status-publish","format-standard","hentry","category-social"],"modified_by":"man","jetpack_featured_media_url":"","jetpack_sharing_enabled":true,"_links":{"self":[{"href":"https:\/\/www.rdpemancipation.org\/index.php?rest_route=\/wp\/v2\/posts\/144435","targetHints":{"allow":["GET"]}}],"collection":[{"href":"https:\/\/www.rdpemancipation.org\/index.php?rest_route=\/wp\/v2\/posts"}],"about":[{"href":"https:\/\/www.rdpemancipation.org\/index.php?rest_route=\/wp\/v2\/types\/post"}],"author":[{"embeddable":true,"href":"https:\/\/www.rdpemancipation.org\/index.php?rest_route=\/wp\/v2\/users\/1"}],"replies":[{"embeddable":true,"href":"https:\/\/www.rdpemancipation.org\/index.php?rest_route=%2Fwp%2Fv2%2Fcomments&post=144435"}],"version-history":[{"count":41,"href":"https:\/\/www.rdpemancipation.org\/index.php?rest_route=\/wp\/v2\/posts\/144435\/revisions"}],"predecessor-version":[{"id":145552,"href":"https:\/\/www.rdpemancipation.org\/index.php?rest_route=\/wp\/v2\/posts\/144435\/revisions\/145552"}],"wp:attachment":[{"href":"https:\/\/www.rdpemancipation.org\/index.php?rest_route=%2Fwp%2Fv2%2Fmedia&parent=144435"}],"wp:term":[{"taxonomy":"category","embeddable":true,"href":"https:\/\/www.rdpemancipation.org\/index.php?rest_route=%2Fwp%2Fv2%2Fcategories&post=144435"},{"taxonomy":"post_tag","embeddable":true,"href":"https:\/\/www.rdpemancipation.org\/index.php?rest_route=%2Fwp%2Fv2%2Ftags&post=144435"}],"curies":[{"name":"wp","href":"https:\/\/api.w.org\/{rel}","templated":true}]}}