{"id":144429,"date":"2025-10-01T09:50:56","date_gmt":"2025-10-01T07:50:56","guid":{"rendered":"https:\/\/www.rdpemancipation.org\/?p=144429"},"modified":"2025-10-25T19:34:21","modified_gmt":"2025-10-25T17:34:21","slug":"octobre-leur-etat-6","status":"publish","type":"post","link":"https:\/\/www.rdpemancipation.org\/?p=144429","title":{"rendered":"Octobre &#8211; Leur \u00c9tat"},"content":{"rendered":"\n<p><strong><strong><strong><mark style=\"background-color:rgba(0, 0, 0, 0);color:#ed1010\" class=\"has-inline-color\">25 octobre<\/mark><\/strong><\/strong><\/strong><\/p>\n\n\n\n<p><strong><a href=\"https:\/\/www.bondyblog.fr\/societe\/depuis-zyed-et-bouna-162-personnes-sont-mortes-suite-a-une-tentative-de-controle-de-police\/\" target=\"_blank\" rel=\"noreferrer noopener\">Depuis Zyed et Bouna, 162 personnes sont mortes suite \u00e0 une tentative de contr\u00f4le de police<\/a><\/strong> (Bondy Blog)<a href=\"https:\/\/www.politis.fr\/articles\/2025\/10\/enquete-violences-policieres-le-combat-des-familles-endeuillees\/\"><\/a><\/p>\n\n\n\n<p><a href=\"https:\/\/www.politis.fr\/articles\/2025\/10\/enquete-violences-policieres-le-combat-des-familles-endeuillees\/\">Violences polici\u00e8res&nbsp;: le combat des familles endeuill\u00e9es<\/a> (Politis)<\/p>\n\n\n\n<p><strong><strong><strong><mark style=\"background-color:rgba(0, 0, 0, 0);color:#ed1010\" class=\"has-inline-color\">21 octobre<\/mark><\/strong><\/strong><\/strong><\/p>\n\n\n\n<p><strong><a href=\"https:\/\/www.monde-diplomatique.fr\/2025\/10\/IHADDADENE\/68809\">Une jeunesse dup\u00e9e par l\u2019\u00c9tat<\/a><\/strong>&nbsp;(Le Monde diplomatique)<a href=\"https:\/\/www.humanite.fr\/societe\/defenseur-des-droits\/acces-aux-droits-61-des-francais-sont-en-difficulte-pour-effectuer-des-demarches-administratives-un-taux-qui-explose\"><\/a><\/p>\n\n\n\n<p><a href=\"https:\/\/www.humanite.fr\/societe\/defenseur-des-droits\/acces-aux-droits-61-des-francais-sont-en-difficulte-pour-effectuer-des-demarches-administratives-un-taux-qui-explose\">Acc\u00e8s aux droits&nbsp;: 61&nbsp;% des Fran\u00e7ais sont en difficult\u00e9 pour effectuer des d\u00e9marches administratives, un taux qui explose<\/a> (L\u2019Humanit\u00e9)<\/p>\n\n\n\n<p><a href=\"https:\/\/www.mediapart.fr\/journal\/france\/031025\/marseille-six-policiers-mis-en-examen-sept-ans-apres-qu-angelina-eu-le-crane-fracasse\"><strong>Six policiers mis en examen sept ans apr\u00e8s qu\u2019Angelina a eu le cr\u00e2ne fracass\u00e9<\/strong><\/a> (M\u00e9diapart)<\/p>\n\n\n\n<p><strong><strong><strong><mark style=\"background-color:rgba(0, 0, 0, 0);color:#ed1010\" class=\"has-inline-color\">15 octobre<\/mark><\/strong><\/strong><\/strong><\/p>\n\n\n\n<p><a href=\"https:\/\/www.youtube.com\/watch?v=26IuhzvRwkw\">La libert\u00e9 d\u2019expression existe-t-elle encore en France ?<\/a>&nbsp;(Blast)<\/p>\n\n\n\n<p><a href=\"https:\/\/www.medelu.org\/Le-Pere-Nobel-est-une-ordure-3110\">Le P\u00e8re Nobel est une ordure<\/a>&nbsp;(M\u00e9moire des luttes)<\/p>\n\n\n\n<p><a href=\"https:\/\/reporterre.net\/Paysan-tue-par-un-gendarme-8-ans-apres-la-famille-toujours-en-quete-de-justice?utm_source=newsletter&amp;utm_medium=email&amp;utm_campaign=nl_quotidienne\">Affaire J\u00e9r\u00f4me Laronze : \u00ab&nbsp;<em>La justice n\u2019a pas le courage de condamner la gendarmerie<\/em>&nbsp;\u00bb<\/a>&nbsp;(Reporterre)<\/p>\n\n\n\n<p><strong><strong><strong><mark style=\"background-color:rgba(0, 0, 0, 0);color:#ed1010\" class=\"has-inline-color\">8 octobre<\/mark><\/strong><\/strong><\/strong><\/p>\n\n\n\n<p><a href=\"https:\/\/www.laquadrature.net\/2025\/10\/08\/parution-du-livre-cameras-sous-surveillance\/\">Parution du livre \u00ab Cam\u00e9ras sous surveillance \u00bb<\/a> (LQDN)<\/p>\n\n\n\n<p><a href=\"https:\/\/framablog.org\/2025\/09\/29\/chat-control-ca-sen-va-et-ca-revient\/\">Chat Control, \u00e7a s\u2019en va\u2026 et \u00e7a revient<\/a> (Framablog)<\/p>\n\n\n\n<p><a href=\"https:\/\/throlhaartkor.com\/2025\/09\/18\/institutions-et-citoyens-connectes-pourquoi-le-modele-classique-atteint-ses-limites\/\">Institutions et Citoyens Connect\u00e9s\u202f- Pourquoi le Mod\u00e8le Classique Atteint ses Limites ?<\/a> (Throl Haartkor)<\/p>\n\n\n\n<p><strong><strong><strong><mark style=\"background-color:rgba(0, 0, 0, 0);color:#ed1010\" class=\"has-inline-color\">3 octobre<\/mark><\/strong><\/strong><\/strong><\/p>\n\n\n\n<p><a href=\"https:\/\/rebellyon.info\/ARRESTATION-PREVENTIVE-D-UN-MILITANT-LA-31913\"><strong>Arrestation pr\u00e9ventive d\u2019un militant la veille du 10&nbsp;septembre\u2026 Ou quand la police use de mensonges grossiers pour intimider le mouvement social<\/strong><\/a>(Rebellyon)<a href=\"https:\/\/www.humanite.fr\/politique\/cour-internationale-de-justice\/a-marseille-123-militants-arretes-pour-avoir-manifeste-devant-une-usine-exportant-des-composants-darmes-a-israel\"><\/a><\/p>\n\n\n\n<p><a href=\"https:\/\/www.humanite.fr\/politique\/cour-internationale-de-justice\/a-marseille-123-militants-arretes-pour-avoir-manifeste-devant-une-usine-exportant-des-composants-darmes-a-israel\">\u00c0 Marseille, 123 militants arr\u00eat\u00e9s pour avoir manifest\u00e9 devant une usine exportant des composants d\u2019armes \u00e0 Isra\u00ebl<\/a> (L\u2019Humanit\u00e9)<\/p>\n\n\n\n<p><strong><strong><strong><mark style=\"background-color:rgba(0, 0, 0, 0);color:#ed1010\" class=\"has-inline-color\">2 octobre<\/mark><\/strong><\/strong><\/strong><\/p>\n\n\n\n<p><a href=\"https:\/\/www.blast-info.fr\/articles\/2025\/le-prefet-de-lherault-voulait-interdire-de-manif-les-non-syndiques-ApFG1C28QVuaXaKxkdCrlA\">Le pr\u00e9fet de l&rsquo;H\u00e9rault voulait interdire de manif les non-syndiqu\u00e9s<\/a> (Blast)<\/p>\n\n\n\n<p><a href=\"https:\/\/www.blast-info.fr\/articles\/2025\/marseille-une-victime-de-leffondrement-des-immeubles-de-la-rue-daubagne-placee-en-cra-SopXEfuwS9y0m03_n5aY0A\">Marseille&nbsp;: une victime de l\u2019effondrement des immeubles de la rue d\u2019Aubagne plac\u00e9e en CRA<\/a> (Blast)<\/p>\n\n\n\n<p><a href=\"https:\/\/www.mediapart.fr\/journal\/france\/011025\/clemence-poussee-au-sol-par-des-policiers-ils-profitent-de-leur-situation-de-pouvoir-pour-user-de-la-viole\">Cl\u00e9mence, pouss\u00e9e au sol par des policiers&nbsp;: \u00ab<em>Ils profitent de leur situation de pouvoir pour user de la violence<\/em>\u00bb<\/a> (M\u00e9diapart vid\u00e9o)<\/p>\n\n\n\n<p><strong><a href=\"https:\/\/www.fidh.org\/fr\/regions\/europe-asie-centrale\/france\/libertes-publiques-en-danger-alerte-sur-la-repression-en-france\">Libert\u00e9s publiques en danger : alerte sur la r\u00e9pression en France<\/a><\/strong>&nbsp;(Rapport FIDH,&nbsp;OMCT et LDH)<\/p>\n","protected":false},"excerpt":{"rendered":"<p>25 octobre Depuis Zyed et Bouna, 162 personnes sont mortes suite \u00e0 une tentative de contr\u00f4le de police (Bondy Blog) Violences polici\u00e8res&nbsp;: le combat des familles endeuill\u00e9es (Politis) 21 octobre Une jeunesse dup\u00e9e par l\u2019\u00c9tat&nbsp;(Le Monde diplomatique) Acc\u00e8s aux droits&nbsp;: 61&nbsp;% des Fran\u00e7ais sont en difficult\u00e9 pour effectuer des d\u00e9marches administratives, un taux qui explose &#8230; <a title=\"Octobre &#8211; Leur \u00c9tat\" class=\"read-more\" href=\"https:\/\/www.rdpemancipation.org\/?p=144429\" aria-label=\"En savoir plus sur Octobre &#8211; Leur \u00c9tat\">Lire la suite<\/a><\/p>\n","protected":false},"author":1,"featured_media":0,"comment_status":"closed","ping_status":"closed","sticky":false,"template":"","format":"standard","meta":{"_lmt_disableupdate":"","_lmt_disable":"","_jetpack_memberships_contains_paid_content":false,"footnotes":""},"categories":[5],"tags":[],"class_list":["post-144429","post","type-post","status-publish","format-standard","hentry","category-leur-etat"],"modified_by":"nch","jetpack_featured_media_url":"","jetpack_sharing_enabled":true,"_links":{"self":[{"href":"https:\/\/www.rdpemancipation.org\/index.php?rest_route=\/wp\/v2\/posts\/144429","targetHints":{"allow":["GET"]}}],"collection":[{"href":"https:\/\/www.rdpemancipation.org\/index.php?rest_route=\/wp\/v2\/posts"}],"about":[{"href":"https:\/\/www.rdpemancipation.org\/index.php?rest_route=\/wp\/v2\/types\/post"}],"author":[{"embeddable":true,"href":"https:\/\/www.rdpemancipation.org\/index.php?rest_route=\/wp\/v2\/users\/1"}],"replies":[{"embeddable":true,"href":"https:\/\/www.rdpemancipation.org\/index.php?rest_route=%2Fwp%2Fv2%2Fcomments&post=144429"}],"version-history":[{"count":14,"href":"https:\/\/www.rdpemancipation.org\/index.php?rest_route=\/wp\/v2\/posts\/144429\/revisions"}],"predecessor-version":[{"id":145381,"href":"https:\/\/www.rdpemancipation.org\/index.php?rest_route=\/wp\/v2\/posts\/144429\/revisions\/145381"}],"wp:attachment":[{"href":"https:\/\/www.rdpemancipation.org\/index.php?rest_route=%2Fwp%2Fv2%2Fmedia&parent=144429"}],"wp:term":[{"taxonomy":"category","embeddable":true,"href":"https:\/\/www.rdpemancipation.org\/index.php?rest_route=%2Fwp%2Fv2%2Fcategories&post=144429"},{"taxonomy":"post_tag","embeddable":true,"href":"https:\/\/www.rdpemancipation.org\/index.php?rest_route=%2Fwp%2Fv2%2Ftags&post=144429"}],"curies":[{"name":"wp","href":"https:\/\/api.w.org\/{rel}","templated":true}]}}