{"id":13995,"date":"2021-02-01T10:24:56","date_gmt":"2021-02-01T09:24:56","guid":{"rendered":"https:\/\/www.rdpemancipation.org\/?p=13995"},"modified":"2021-02-27T22:40:54","modified_gmt":"2021-02-27T21:40:54","slug":"ferier-antiracisme","status":"publish","type":"post","link":"https:\/\/www.rdpemancipation.org\/?p=13995","title":{"rendered":"F\u00e9vrier-Antiracisme"},"content":{"rendered":"\n<p> <\/p>\n\n\n\n<figure class=\"wp-block-image is-resized is-style-default\"><img loading=\"lazy\" decoding=\"async\" src=\"https:\/\/scontent.fsti4-1.fna.fbcdn.net\/v\/t1.0-9\/154554536_1565151760321667_4417554184578137969_n.jpg?_nc_cat=111&amp;ccb=3&amp;_nc_sid=dbeb18&amp;_nc_ohc=YMuS09RxBN4AX9yiRUV&amp;_nc_ht=scontent.fsti4-1.fna&amp;oh=2332c56f66092926d611419322142dca&amp;oe=6061D05E\" alt=\"Peut \u00eatre une image de une personne ou plus et texte qui dit \u2019Ciel orang\u00e9 \u00e0 cause du vent du Sahara &quot;C'est encore une preuve du grand remplacement de la tramontane fran\u00e7aise par des vents islamistes&quot;\u2019\" width=\"353\" height=\"353\"\/><\/figure>\n\n\n\n<p><strong><span class=\"has-inline-color has-vivid-red-color\">27 F\u00e9vrier en continu<\/span><\/strong><\/p>\n\n\n\n<p><a href=\"https:\/\/orientxxi.info\/lu-vu-entendu\/en-therapie-la-malediction-du-policier-adel-chibane,4526\">\u00ab En th\u00e9rapie \u00bb. La mal\u00e9diction du policier Adel Chibane <\/a>&nbsp;(Orient XXI)<\/p>\n\n\n\n<p><a href=\"https:\/\/theconversation.com\/le-prejuge-racial-efface-dans-un-classique-anglais-et-sa-reecriture-antillaise-152601\">Le pr\u00e9jug\u00e9 racial effac\u00e9 dans un classique anglais et sa r\u00e9\u00e9criture antillaise<\/a> (The Conversation)<\/p>\n\n\n\n<p><a href=\"https:\/\/info.mediapart.fr\/optiext\/optiextension.dll?ID=E89E81Y0D9OfKRiJdVAgR_Su9gZ3nKXVg6EFKZP0MqcMY3TUxbgKPgO8HyZxTMf%2B0lwIMnsmHrR6q1qSDAYZA0vpmDz_4\">\u00abRace\u00bb, \u00abracisme\u00bb, \u00abislamophobie\u00bb&#8230; Bien d\u00e9finir les mots qui f\u00e2chent<\/a> &#8211; blog J. Grau<\/p>\n\n\n\n<figure class=\"wp-block-image is-resized is-style-default\"><img data-recalc-dims=\"1\" loading=\"lazy\" decoding=\"async\" src=\"https:\/\/i0.wp.com\/static.mediapart.fr\/etmagine\/default\/files\/2021\/02\/26\/modesto-brocos-redencao-de-cam.jpg?resize=387%2C477&#038;ssl=1\" alt=\" \u00a9 Modesto Brocos\" width=\"387\" height=\"477\" title=\" \u00a9 Modesto Brocos\"\/><figcaption><sub>A Reden\u00e7\u00e3o de Cam (La r\u00e9demption de Cham). Ce tableau datant de 1895 montre comment <\/sub><br><sub>une famille br\u00e9silienne devient de plus en plus blanche au fil des g\u00e9n\u00e9rations. Gr\u00e2ce <\/sub><br><sub>\u00e0 des mariages mixtes, des descendants d&rsquo;Africains \u00e9chappent \u00e0 la mal\u00e9diction lanc\u00e9e par No\u00e9 <\/sub><br><sub>contre la descendance de son fils Cham (longtemps consid\u00e9r\u00e9 comme l&rsquo;anc\u00eatre des Noirs d&rsquo;Afrique).<\/sub><\/figcaption><\/figure>\n\n\n\n<p><strong><span class=\"has-inline-color has-vivid-red-color\">26 F\u00e9vrier <\/span><\/strong><\/p>\n\n\n\n<p><a href=\"https:\/\/blogs.mediapart.fr\/j-grau\/blog\/260221\/race-racisme-islamophobie-bien-definir-les-mots-qui-fachent\">\u00ab&nbsp;Race&nbsp;\u00bb, \u00ab&nbsp;racisme&nbsp;\u00bb, islamophobie&nbsp;\u00bb\u2026&nbsp;: Bien d\u00e9finir les mots qui f\u00e2chent<\/a> \u2013 J. Grau (MDP)<\/p>\n\n\n\n<p><a href=\"https:\/\/www.rue89lyon.fr\/2021\/02\/22\/polemique-menu-sans-viande-cantine-ecole-lyon\/\">La d\u00e9lirante pol\u00e9mique autour du menu sans viande \u00e0 Lyon<\/a> (Rue89Lyon)<\/p>\n\n\n\n<p><a href=\"https:\/\/www.mediapart.fr\/journal\/france\/240221\/fichage-racial-chez-adecco-une-procedure-interminable-malgre-des-aveux-accablants\">Fichage racial chez Adecco: une proc\u00e9dure interminable malgr\u00e9 des aveux accablants<\/a> (M\u00e9diapart)<\/p>\n\n\n\n<p><a href=\"https:\/\/www.humanite.fr\/face-un-racisme-systemique-la-plateforme-antidiscriminations-une-bouteille-perdue-en-mer-dhypocrisie#xtor=RSS-1\">Face au\u00ab racisme syst\u00e9mique, la plateforme antidiscriminations, une bouteille perdue en mer d\u2019hypocrisie<\/a> (L\u2019Humanit\u00e9)<\/p>\n\n\n\n<figure class=\"wp-block-image is-resized is-style-default\"><img data-recalc-dims=\"1\" loading=\"lazy\" decoding=\"async\" src=\"https:\/\/i0.wp.com\/www.humanite.fr\/sites\/default\/files\/styles\/1048x350\/public\/images\/82966.HR.jpg?resize=375%2C161&#038;ssl=1\" alt=\"-\" width=\"375\" height=\"161\" title=\"\"\/><\/figure>\n\n\n\n<p><a href=\"https:\/\/la-bas.org\/6341\">Nique ta race ou nique ta classe ?<\/a> (L\u00e0-bas si j\u2019y suis)<\/p>\n\n\n\n<p><a href=\"https:\/\/blogs.mediapart.fr\/jean-marc-b\/blog\/250221\/le-raciste-video-fernand-raynaud\">Le raciste &#8211;<\/a>vid\u00e9o Fernand Raynaud<\/p>\n\n\n\n<p><strong><span class=\"has-inline-color has-vivid-red-color\">25 F\u00e9vrier en continu<\/span><\/strong><\/p>\n\n\n\n<p><a href=\"https:\/\/www.rue89lyon.fr\/2021\/02\/22\/polemique-menu-sans-viande-cantine-ecole-lyon\/\">La d\u00e9lirante pol\u00e9mique autour du menu sans viande \u00e0 Lyon<\/a> (Rue89Lyon)<\/p>\n\n\n\n<p><a href=\"https:\/\/www.mediapart.fr\/journal\/france\/240221\/fichage-racial-chez-adecco-une-procedure-interminable-malgre-des-aveux-accablants\">Fichage racial chez Adecco: une proc\u00e9dure interminable malgr\u00e9 des aveux accablants<\/a> (M\u00e9diapart)<\/p>\n\n\n\n<p><a href=\"https:\/\/www.acrimed.org\/Racisme-s-mediatique-s-racisme-dans-les-medias?fbclid=IwAR1marEOKVGmocxGYIFRZ6QLdRS5tY7BlZV0zTF2f1AB-M87H7ymcUrCxA0\">Racisme(s) m\u00e9diatique(s), racisme dans les m\u00e9dias<\/a> (Acrimed, relire)<\/p>\n\n\n\n<p><strong><span class=\"has-inline-color has-vivid-red-color\">23 F\u00e9vrier <\/span><\/strong><\/p>\n\n\n\n<figure class=\"wp-block-image is-resized is-style-default\"><img loading=\"lazy\" decoding=\"async\" src=\"https:\/\/scontent.fhex4-1.fna.fbcdn.net\/v\/t1.0-9\/153540116_1152470075175459_8203027181985590073_n.png?_nc_cat=101&amp;ccb=3&amp;_nc_sid=730e14&amp;_nc_eui2=AeEWNMdx3QSGDJ110q2aTlzOugYhNS3knN-6BiE1LeSc302OrJ7FgsLoVAnzfzs0bXw&amp;_nc_ohc=6LjfOj1TmW8AX-_i1_8&amp;_nc_ht=scontent.fhex4-1.fna&amp;oh=ca83f4516e94c6b16a1b80123e1ec27e&amp;oe=605975EC\" alt=\"Peut \u00eatre une image de texte qui dit \u2019BUREAU SEWAT \u00e0 l'usine comme au chantier POUR TOUS les travailleurs UN SEUL \u00c9TRANGER: LE PATRON PAT RON\u2019\" width=\"364\" height=\"414\"\/><\/figure>\n\n\n\n<p><strong><span class=\"has-inline-color has-vivid-red-color\">22 F\u00e9vrier <\/span><\/strong><\/p>\n\n\n\n<p><a href=\"https:\/\/mouvements.info\/sur-la-cosmetique-ministerielle\/\">Sur la cosm\u00e9tique minist\u00e9rielle<\/a> \u2013 Olivier Esteves et Kamel Badar (Mouvements)<\/p>\n\n\n\n<p><a href=\"http:\/\/www.politis.fr\/articles\/2021\/02\/quartiers-populaires-une-loi-de-separatisme-social-42847\/\">Quartier populaire&nbsp;: Une loi de s\u00e9paratisme social<\/a> \u2013 Hugo Boursier et Valentin Cebron (Politis)<\/p>\n\n\n\n<p><a href=\"https:\/\/www.la-croix.com\/France\/Etre-noire-France-Aya-Cissoko-2021-02-18-1201141330\">\u00catre noire en France, par Aya Cissoko <\/a>(La Croix)<\/p>\n\n\n\n<figure class=\"wp-block-image is-resized is-style-default\"><img loading=\"lazy\" decoding=\"async\" src=\"https:\/\/i0.wp.com\/www.anti-k.org\/wp-content\/uploads\/2021\/02\/1613947495_Etre-noire-en-France-par-Aya-Cissoko.jpg?resize=678%2C381&amp;ssl=1\" alt=\"\" width=\"376\" height=\"210\" title=\"\u00catre noire en France, par Aya Cissoko\"\/><\/figure>\n\n\n\n<p><a href=\"https:\/\/acta.zone\/action-antifasciste-paris-banlieue-faut-il-dissoudre-generation-identitaire\/\">Action Antifasciste Paris-Banlieue&nbsp;: Faut-il dissoudre G\u00e9n\u00e9ration Identitaire&nbsp;?<\/a> \u2013 (ACTA)<\/p>\n\n\n\n<p><a href=\"http:\/\/www.cnrs.fr\/fr\/l-islamogauchisme-nest-pas-une-realite-scientifique\">L\u2019&nbsp;\u00ab&nbsp;islamo-gauchisme&nbsp;\u00bb n\u2019est pas une r\u00e9alit\u00e9 scientifique<\/a> \u2013 (CNRS)<\/p>\n\n\n\n<p><a href=\"https:\/\/alt-rev.com\/2021\/02\/22\/ameliorer-la-mixite-sociale-a-lecole-cest-possible-encore-faut-il-le-vouloir\/\">Am\u00e9liorer la mixit\u00e9 sociale \u00e0 l\u2019\u00e9cole, c\u2019est possible (encore faut-il le vouloir)<\/a> (Alternatives \u00e9conomiques)<\/p>\n\n\n\n<p><a href=\"https:\/\/marcelle.media\/2021\/02\/22\/soly-gardien-memoire-ibrahim-ali\/?utm_source=rss&amp;utm_medium=rss&amp;utm_campaign=soly-gardien-memoire-ibrahim-ali\">Soly, gardien de la m\u00e9moire d\u2019Ibrahim Ali<\/a>&nbsp; (Marcelle)<\/p>\n\n\n\n<p><a href=\"https:\/\/www.bondyblog.fr\/politique\/depuis-quand-lislam-est-un-probleme-en-france\/\">Depuis quand l\u2019islam est un probl\u00e8me en France&nbsp;?<\/a> \u2013 Jalal Kahlioui (Bondy Blog)<\/p>\n\n\n\n<figure class=\"wp-block-image is-resized is-style-default\"><img loading=\"lazy\" decoding=\"async\" src=\"https:\/\/scontent.fhex4-2.fna.fbcdn.net\/v\/t1.0-9\/153132432_1151802988575501_3804053769346961413_n.png?_nc_cat=107&amp;ccb=3&amp;_nc_sid=730e14&amp;_nc_eui2=AeEhG7JJTS-waf4UBUDccXF7J3wlrHPJB7wnfCWsc8kHvHgUSkaVQs7k6t_-ws8mJZg&amp;_nc_ohc=dn4qbCVSpncAX_wBIVO&amp;_nc_ht=scontent.fhex4-2.fna&amp;oh=2c34a6cc82bf13a4b31d29a56cf9f0a3&amp;oe=605ACDEE\" alt=\"Peut \u00eatre une image de texte qui dit \u2019BLANC \u03bf\u03c5\u03c4\u03ae NOIR ARABE JUIF HOMME FEMME H\u00c9T\u00c9RO HOMO W\u2019\" width=\"372\" height=\"347\"\/><\/figure>\n\n\n\n<p><strong><span class=\"has-inline-color has-vivid-red-color\">21 F\u00e9vrier<\/span><\/strong><\/p>\n\n\n\n<p><a href=\"https:\/\/www.boursorama.com\/actualite-economique\/actualites\/islamo-gauchisme-jadot-demande-la-demission-de-vidal-a3ba7dbf86b7f4064a66e55afaf95a7b\">\u00ab\u00a0Islamo-gauchisme\u00a0\u00bb: Jadot demande la d\u00e9mission de Vidal<\/a> (AFP)<\/p>\n\n\n\n<p><a href=\"https:\/\/www.anti-k.org\/2021\/02\/19\/thomas-chatterton-williams-pour-une-%e2%80%89societe-post-raciale%e2%80%89\/\">Thomas Chatterton Williams, pour une \u00ab\u2009soci\u00e9t\u00e9 post-raciale\u2009\u00bb <\/a> (Anti-K)<\/p>\n\n\n\n<p><a href=\"http:\/\/alencontre.org\/suisse\/suisse-votation-federale-du-7-mars-initiative-anti-burqa-une-si-vieille-recette.html\">Suisse. Votation f\u00e9d\u00e9rale du 7&nbsp;mars. Initiative anti-burqa: une si vieille recette <\/a>(Alencontre)<\/p>\n\n\n\n<p><a href=\"https:\/\/www.boursorama.com\/actualite-economique\/actualites\/la-fin-d-un-silence-a-marseille-avec-l-avenue-ibrahim-ali-victime-du-racisme-559aa2a18ddaaadc62c94ce65b97ba1b\">\u00ab\u00a0La fin d&rsquo;un silence\u00a0\u00bb \u00e0 Marseille avec l&rsquo;avenue Ibrahim Ali, victime du racisme<\/a> (AFP)<\/p>\n\n\n\n<figure class=\"wp-block-image size-large is-resized is-style-default\"><img data-recalc-dims=\"1\" loading=\"lazy\" decoding=\"async\" src=\"https:\/\/i0.wp.com\/www.rdpemancipation.org\/wp-content\/uploads\/2021\/02\/da5d70e95506ae7aa2a24255a5846228-760x507-1.jpg?resize=421%2C280&#038;ssl=1\" alt=\"\" class=\"wp-image-17040\" width=\"421\" height=\"280\" srcset=\"https:\/\/i0.wp.com\/www.rdpemancipation.org\/wp-content\/uploads\/2021\/02\/da5d70e95506ae7aa2a24255a5846228-760x507-1.jpg?w=760&amp;ssl=1 760w, https:\/\/i0.wp.com\/www.rdpemancipation.org\/wp-content\/uploads\/2021\/02\/da5d70e95506ae7aa2a24255a5846228-760x507-1.jpg?resize=300%2C200&amp;ssl=1 300w\" sizes=\"auto, (max-width: 421px) 100vw, 421px\" \/><\/figure>\n\n\n\n<p><strong><span class=\"has-inline-color has-vivid-red-color\">20 F\u00e9vrier<\/span><\/strong><\/p>\n\n\n\n<p><a href=\"https:\/\/dieses.fr\/politikon-une-chaine-youtube-pour-penser-la-societe?fbclid=IwAR1ckTN8q91tyEvtXM1yLuVVt2DsBmS3IV5JiGrcw-Qfn9kYX7Nnm2POQQw\">Politikon &nbsp;pr\u00e9sente de mani\u00e8re accessible des th\u00e9ories de philosophie politique et de sciences humaines.<\/a> (Dieses)<\/p>\n\n\n\n<p><a href=\"http:\/\/www.regards.fr\/politique\/article\/loi-separatisme-qui-protege-la-republique-de-la-republique-en-marche\">Loi S\u00e9paratisme : qui prot\u00e8ge la R\u00e9publique de La R\u00e9publique en marche ?<\/a> (Regards)<\/p>\n\n\n\n<figure class=\"wp-block-image size-large\"><img data-recalc-dims=\"1\" loading=\"lazy\" decoding=\"async\" width=\"490\" height=\"343\" src=\"https:\/\/i0.wp.com\/www.rdpemancipation.org\/wp-content\/uploads\/2021\/02\/image-75.png?resize=490%2C343&#038;ssl=1\" alt=\"\" class=\"wp-image-16914\" srcset=\"https:\/\/i0.wp.com\/www.rdpemancipation.org\/wp-content\/uploads\/2021\/02\/image-75.png?w=490&amp;ssl=1 490w, https:\/\/i0.wp.com\/www.rdpemancipation.org\/wp-content\/uploads\/2021\/02\/image-75.png?resize=300%2C210&amp;ssl=1 300w\" sizes=\"auto, (max-width: 490px) 100vw, 490px\" \/><\/figure>\n\n\n\n<p class=\"has-vivid-red-color has-text-color\"><strong>19 F\u00e9vrier<\/strong><\/p>\n\n\n\n<p><a href=\"https:\/\/ricochet.media\/fr\/3452\/lantiracisme-dans-le-debat-public-2021-une-nouvelle-ere\">L\u2019antiracisme dans le d\u00e9bat public : 2021 une nouvelle \u00e8re<\/a> (Ricochet)<\/p>\n\n\n\n<p><a href=\"https:\/\/blog.mondediplo.net\/la-musique-a-t-elle-une-couleur\">La musique a-t-elle une couleur ?<\/a> (Contrebande)<\/p>\n\n\n\n<figure class=\"wp-block-image is-resized\"><img data-recalc-dims=\"1\" loading=\"lazy\" decoding=\"async\" src=\"https:\/\/i0.wp.com\/blog.mondediplo.net\/local\/cache-vignettes\/L890xH605\/abstract_trio_met_dt1769-446ab.jpg?resize=452%2C307&#038;ssl=1\" alt=\"JPEG - 327\u00a0ko\" width=\"452\" height=\"307\"\/><figcaption><sub>Paul Klee. \u2014 \u00abAbstractes Terzett\u00bb (Trio abstrait), 1923.<\/sub><\/figcaption><\/figure>\n\n\n\n<figure class=\"wp-block-image is-resized is-style-default\"><img loading=\"lazy\" decoding=\"async\" src=\"https:\/\/scontent.fhex4-2.fna.fbcdn.net\/v\/t1.0-9\/151449384_1150010455421421_3140105775633595935_o.jpg?_nc_cat=111&amp;ccb=3&amp;_nc_sid=730e14&amp;_nc_eui2=AeHxynOpjuXrIJZslAlP6Wu2gL0sEoUfGc2AvSwShR8ZzZhJTd3WaIy6bFVYCJZ-K7k&amp;_nc_ohc=giptyJjqWj8AX_5ETqo&amp;_nc_ht=scontent.fhex4-2.fna&amp;oh=60a2ab194cd37eea2ab5ed08cd23a382&amp;oe=605500F7\" alt=\"Peut \u00eatre une image de texte qui dit \u2019NOUS NE VOULONS PAS D' D'ARABES A FALICON INUTILE DE VOULOIR CONSTRUIRE RIEN ICI. TU NA EST DE NOTRE COTE LA ET LA MAIRIE PREFECTURE AUSSI. TU \u039d' AURAS JAMAIS \u03a4\u039f\u039d PERMIS ET SI TU INSISTE MEFIE TOI PENSE QUE TU AS DES ENFANTS our RESTE BIEN DANS \u03a4\u039f\u039d QUARTIER SALE POURRI ARABE!\u2019\" width=\"339\" height=\"514\"\/><figcaption><sub>Envoy\u00e9 \u00e0 Foued, mari\u00e9 \u00e0 une femme du voyage depuis 17 ans \u00e0 Nice&#8230;<\/sub><\/figcaption><\/figure>\n\n\n\n<p class=\"has-vivid-red-color has-text-color\"><strong>18 F\u00e9vrier <\/strong><\/p>\n\n\n\n<p><a href=\"https:\/\/info.mediapart.fr\/optiext\/optiextension.dll?ID=gKLgHUGp0imEm1mnqi7D194zDw%2Bmea96TuslFI0NYzFbMpe2paDOGETliySFrxrMUzsWlcMZT7X49EdRite1RkkWP1mM9\">Haine anti-musulmans et proc\u00e8s en \u00abislamo-gauchisme\u00bb: \u00e7a suffit!<\/a>&#8211; <a href=\"https:\/\/info.mediapart.fr\/optiext\/optiextension.dll?ID=gKLgHfNT_yZDNp1l11109TgUo6MfAwXQrSbeClQDlopOX8Q2oqyrO7U31ySdT1hhmkCnC9U_OUDd7D%2Bs5yqMzfwcTCYEb\">Manon Aubry<\/a><\/p>\n\n\n\n<p><a href=\"https:\/\/www.cahiersdusocialisme.org\/le-deni-de-lislamophobie\/\">Le d\u00e9ni de l\u2019islamophobie<\/a> -Michel Seymour<\/p>\n\n\n\n<p><a href=\"https:\/\/lundi.am\/Rachida-Brahim-La-race-tue-deux-fois-Une-histoire-des-crimes-racistes-en-France\">Rachida Brahim, La race tue deux fois<\/a> -Note de lecture (Lundi matin)<\/p>\n\n\n\n<p><a href=\"https:\/\/www.monde-diplomatique.fr\/2019\/12\/HANEBRINK\/61130\">Quand la haine du communisme alimentait l\u2019antis\u00e9mitisme<\/a> (Le Monde diplomatique)&nbsp;<\/p>\n\n\n\n<figure class=\"wp-block-image is-resized is-style-default\"><img data-recalc-dims=\"1\" loading=\"lazy\" decoding=\"async\" src=\"https:\/\/i0.wp.com\/www.monde-diplomatique.fr\/2019\/12\/HANEBRINK\/local\/cache-vignettes\/L650xH1095\/img021-18-eeda4.jpg?resize=353%2C595&#038;ssl=1\" alt=\"JPEG - 222.9\u00a0ko\" width=\"353\" height=\"595\"\/><\/figure>\n\n\n\n<p class=\"has-vivid-red-color has-text-color\"><strong>17 F\u00e9vrier <\/strong><\/p>\n\n\n\n<p><a href=\"https:\/\/www.revolutionpermanente.fr\/Loi-separatisme-votee-a-l-assemblee-il-faut-construire-la-riposte-dans-la-rue-contre-l-islamophobie\">Loi \u00ab&nbsp;s\u00e9paratisme&nbsp;\u00bb&nbsp;: Il faut construire la riposte dans la rue face \u00e0 l\u2019islamophobie<\/a> \u2013 Nathan Erderof (R\u00e9volution Permanente)<\/p>\n\n\n\n<p class=\"has-vivid-red-color has-text-color\"><strong>16 F\u00e9vrier <\/strong><\/p>\n\n\n\n<p><a href=\"https:\/\/www.revolutionpermanente.fr\/Loi-separatisme-les-deputes-de-gauche-qui-disent-combattre-le-racisme-doivent-voter-contre\">Loi \u00ab&nbsp;s\u00e9paratisme&nbsp;\u00bb&nbsp;: Les d\u00e9put\u00e9s de gauche doivent voter contre<\/a> \u2013 Margot Vall\u00e8re (R\u00e9volution Permanente)<\/p>\n\n\n\n<p class=\"has-vivid-red-color has-text-color\"><strong>15 F\u00e9vrier <\/strong><\/p>\n\n\n\n<p><a href=\"http:\/\/www.regards.fr\/la-midinale\/article\/lucie-castets-il-n-est-pas-exclu-que-generation-identitaire-se-reconstitue-sous\">\u00ab&nbsp;Il n\u2019est exclu que G\u00e9n\u00e9ration Identitaire se reconstitue sous une autre forme&nbsp;\u00bb<\/a> &#8211; Lucie Castets (Regards)<\/p>\n\n\n\n<figure class=\"wp-block-image is-resized is-style-default\"><img loading=\"lazy\" decoding=\"async\" src=\"https:\/\/scontent.fhex4-2.fna.fbcdn.net\/v\/t1.0-0\/s640x640\/150838505_1147638732325260_8276396879678832412_o.jpg?_nc_cat=109&amp;ccb=3&amp;_nc_sid=730e14&amp;_nc_ohc=Ir-xapzuSGsAX_WUKAB&amp;_nc_ht=scontent.fhex4-2.fna&amp;tp=7&amp;oh=0e9b95e5b16ea8b5eba3561f6aa1f664&amp;oe=6051F218\" alt=\"Peut \u00eatre une image de 1 personne et texte\" width=\"433\" height=\"540\"\/><\/figure>\n\n\n\n<p><a href=\"https:\/\/www.bondyblog.fr\/opinions\/tribune\/non-a-la-loi-islamophobe-et-liberticide\/\">Non \u00e0 la loi islamophobe et liberticide<\/a> \u2013 Collectif (Bondy Blog)<\/p>\n\n\n\n<p class=\"has-vivid-red-color has-text-color\"><strong>14 F\u00e9vrier <\/strong><\/p>\n\n\n\n<p><a href=\"https:\/\/www.boursorama.com\/actualite-economique\/actualites\/lancement-d-une-plateforme-contre-les-discriminations-a02a10ee246797c5ff20837a293850bf\">Lancement d&rsquo;une plateforme contre les discriminations<\/a> (AFP)<\/p>\n\n\n\n<p><a href=\"https:\/\/www.humanite.fr\/antisemitisme-il-y-15-ans-ilan-halimi-etait-torture-mort-par-le-gang-des-barbares-700121#xtor=RSS-1\">Antis\u00e9mitisme Il y a 15 ans, Ilan Halimi \u00e9tait tortur\u00e9 \u00e0 mort par le gang des barbares<\/a> (L\u2019Humanit\u00e9)<\/p>\n\n\n\n<p class=\"has-vivid-red-color has-text-color\"><strong>12 F\u00e9vrier <\/strong><\/p>\n\n\n\n<p><a href=\"https:\/\/acta.zone\/aujourdhui-letat-de-guerre-cest-tres-concret\/\">Aujourd\u2019hui&nbsp;: l\u2019Etat de guerre, c\u2019est tr\u00e8s concret<\/a> \u2013 Collectif Ni Guerre Ni Etat de Guerre (Acta)<\/p>\n\n\n\n<p class=\"has-vivid-red-color has-text-color\"><strong>11 F\u00e9vrier <\/strong><\/p>\n\n\n\n<p><a href=\"https:\/\/entreleslignesentrelesmots.blog\/2021\/02\/11\/les-crimes-racistes-sont-des-violences-relatives-aux-rapports-de-domination-produits-par-lordre-social\/\">Les crimes racistes sont des violences relatives aux rapports de domination produit par l\u2019ordre social<\/a> \u2013 Didier Epsztajn (Entre les lignes et les mots)<\/p>\n\n\n\n<p><a href=\"https:\/\/www.mediapart.fr\/journal\/france\/100221\/ugo-palheta-le-rn-n-est-plus-une-menace-abstraite-aujourd-hui\">Ugo Palheta&nbsp;:&nbsp;\u00ab&nbsp;Le RN n\u2019est plus une menace abstraite&nbsp;\u00bb<\/a> \u2013 (MDP)<\/p>\n\n\n\n<p class=\"has-vivid-red-color has-text-color\"><strong>10 F\u00e9vrier <\/strong><\/p>\n\n\n\n<p><a href=\"https:\/\/info.mediapart.fr\/optiext\/optiextension.dll?ID=SopSnKHHY2Yg40xMxS8kVAdxz7DXcjupaWNbitpY+oFDoQvCLjelg4rlH+JQPSo1mMk6DfpoxLwyWYMULnWQPDmPx4FSX\">Sarah Mazouz: \u00abOn continue de mettre un couvercle sur la race en France\u00bb<\/a> (MDP)<\/p>\n\n\n\n<p><a href=\"https:\/\/la-bas.org\/6317\">Lutte de race, lutte de classe : les sujets qui f\u00e2chent<\/a> (L\u00e0-bas si j\u2019y suis)<\/p>\n\n\n\n<p><a href=\"https:\/\/www.anti-k.org\/2021\/02\/10\/dimanche-14-fevrier-14h-contre-lantisemitisme-et-tous-les-racismes\/\">Dimanche 14 f\u00e9vrier, 14h, contre l\u2019antis\u00e9mitisme et tous les racismes <\/a>(Aplutsoc)<\/p>\n\n\n\n<p><strong><span class=\"has-inline-color has-vivid-red-color\">9 F\u00e9vrier <\/span><\/strong><\/p>\n\n\n\n<figure class=\"wp-block-image is-resized is-style-default\"><img data-recalc-dims=\"1\" loading=\"lazy\" decoding=\"async\" src=\"https:\/\/i0.wp.com\/static.mediapart.fr\/etmagine\/default\/files\/2021\/02\/09\/21-2-11-debat.jpg?resize=327%2C278&#038;ssl=1\" alt=\"21-2-11-debat\" width=\"327\" height=\"278\"\/><\/figure>\n\n\n\n<p><a href=\"https:\/\/www.mediapart.fr\/journal\/france\/090221\/sarah-mazouz-continue-de-mettre-un-couvercle-sur-la-race-en-france\">\u00ab&nbsp;On continue de mettre un couvercle sur la race en France&nbsp;\u00bb<\/a> \u2013 Sarah Mazouz (MDP)<\/p>\n\n\n\n<p><a href=\"https:\/\/alt-rev.com\/2021\/02\/08\/pourquoi-lintersectionnalite-ne-suffit-pas\/\">Pourquoi l\u2019intersectionnalit\u00e9 ne suffit pas<\/a> (The Conversation)<\/p>\n\n\n\n<p><a href=\"https:\/\/www.lacledesondes.fr\/article\/etre-une-femme-etre-noire-c-est-une-force-pour-comprendre-le-monde\">Etre une femme, \u00eatre noire c&rsquo;est une force pour comprendre le monde<\/a> (La Cl\u00e9 des Ondes)<\/p>\n\n\n\n<p><a href=\"https:\/\/www.pouruneconstituante.fr\/spip.php?article1853\">Du nouveau \u00e0 propos des statues<\/a> -Andr\u00e9 Bellon<\/p>\n\n\n\n<p><a href=\"https:\/\/entreleslignesentrelesmots.blog\/2021\/02\/06\/la-couleur-de-la-peau-les-corbeaux-et-les-cavaliers-blancs\/\">La couleur de la peau, les corbeaux et les cavaliers&nbsp;blancs\u2026<\/a> (Entre les mots)<\/p>\n\n\n\n<figure class=\"wp-block-image size-large is-resized is-style-default\"><img data-recalc-dims=\"1\" loading=\"lazy\" decoding=\"async\" src=\"https:\/\/i0.wp.com\/www.rdpemancipation.org\/wp-content\/uploads\/2021\/02\/2446347_medium.jpg?resize=355%2C518&#038;ssl=1\" alt=\"\" class=\"wp-image-15295\" width=\"355\" height=\"518\"\/><\/figure>\n\n\n\n<p class=\"has-vivid-red-color has-text-color\"><strong>8 F\u00e9vrier<\/strong><\/p>\n\n\n\n<p><a href=\"https:\/\/info.mediapart.fr\/optiext\/optiextension.dll?ID=fNMfN6YgBg5TvFvVY+T64Qk8rjqxo2gDY9QgY6AAdKBI_xcvnkZWqDOpeGo+_whEvY2oc+fKmxt1z5fEE3BiCAgPbSzTK\">En France, les recherches sur la question raciale restent marginales<\/a> (MDP)<\/p>\n\n\n\n<p><a href=\"https:\/\/info.mediapart.fr\/optiext\/optiextension.dll?ID=fNMfIFpFrmtjg_lGIGMmCpRhxqXrYZ0yXjtCWyUzGRkXgN2vnQ0EjMRyjkfkeKG0Rq1aBZb8RKiXiUeEFIaTwO90KWmT6\">L\u2019Op\u00e9ra de Paris annonce des mesures contre le racisme et les discriminations<\/a> (MDP)<\/p>\n\n\n\n<p><a href=\"https:\/\/anticapitalisme-et-revolution.blogspot.com\/2015\/05\/d-vient-le-racisme-quelle-strategie.html\">D&rsquo;o\u00f9 vient le racisme ? Quelle strat\u00e9gie pour le combattre ?<\/a> (A&amp;R)<\/p>\n\n\n\n<p><a href=\"https:\/\/info.mediapart.fr\/optiext\/optiextension.dll?ID=F98F6vOm6ENJkJiBZkshYCxvpcrSJEEkry3jrwxK40gru4UpxUY3v3dA5ohGz3eMp+0faT9hCHegE+HbOSWe84Qx4+wxJ\">Arabes de France sur le divan: entre malaise identitaire et souffrances psychiques<\/a> -blog Makroura<\/p>\n\n\n\n<p><a href=\"https:\/\/acta.zone\/8-fevrier-1962-charonne-un-meurtre-detat\/\">8 f\u00e9vrier 1962&nbsp;: Charonne, un meurtre d\u2019Etat<\/a> \u2013 (ACTA)<\/p>\n\n\n\n<p><a href=\"https:\/\/www.contretemps.eu\/rapport-stora-colonialisme-france-macron-racisme\/\">De la signification politique et id\u00e9ologique du rapport Stora<\/a> \u2013 Sa\u00efd Bouamama (Contretemps)<\/p>\n\n\n\n<figure class=\"wp-block-image is-resized is-style-default\"><img data-recalc-dims=\"1\" loading=\"lazy\" decoding=\"async\" src=\"https:\/\/i0.wp.com\/www.contretemps.eu\/wp-content\/uploads\/Vive-lind%C3%A9pendance.jpg?resize=417%2C228&#038;ssl=1\" alt=\"\" width=\"417\" height=\"228\"\/><\/figure>\n\n\n\n<p class=\"has-vivid-red-color has-text-color\"><strong>7 F\u00e9vrier en continu<\/strong><\/p>\n\n\n\n<figure class=\"wp-block-image is-resized is-style-default\"><img loading=\"lazy\" decoding=\"async\" src=\"https:\/\/scontent.fhex4-2.fna.fbcdn.net\/v\/t1.0-0\/p526x296\/147914839_1142966086125858_1995652447220860825_n.jpg?_nc_cat=103&amp;ccb=2&amp;_nc_sid=730e14&amp;_nc_ohc=3iP1BYG0TpAAX9uu3jY&amp;_nc_ht=scontent.fhex4-2.fna&amp;tp=6&amp;oh=561a8abcd8f60a1fe43da1007e37c9a2&amp;oe=60459F8D\" alt=\"Peut \u00eatre une image de une personne ou plus et texte qui dit \u2019Ciel orang\u00e9 \u00e0 cause du vent du Sahara &quot;C'est encore une preuve du grand remplacement de la tramontane fran\u00e7aise par des vents islamistes&quot;\u2019\" width=\"391\" height=\"391\"\/><\/figure>\n\n\n\n<p class=\"has-vivid-red-color has-text-color\"><strong>6 F\u00e9vrier<\/strong><\/p>\n\n\n\n<p><a href=\"https:\/\/www.revue-ballast.fr\/rachida-brahim-mettre-en-lumiere-les-crimes-racistes-cest-nettoyer-nos-maisons\/\">Rachida Brahim : \u00ab Mettre en lumi\u00e8re les crimes racistes, c\u2019est nettoyer nos maisons \u00bb<\/a> (Ballast)<\/p>\n\n\n\n<p><a href=\"https:\/\/www.saphirnews.com\/Loi-separatisme-face-aux-debats-anti-voile-Souad-Zitouni-denonce-le-tribunal-contre-l-islam-et-les-musulmans-video_a27808.html\">Loi s\u00e9paratisme : Souad Zitouni d\u00e9nonce \u00ab le tribunal contre l\u2019islam et les musulmans \u00bb (vid\u00e9o)<\/a> (SaphirNews.com)<\/p>\n\n\n\n<p><a href=\"https:\/\/www.saphirnews.com\/Loi-separatisme-evoquant-sa-mere-un-depute-s-eleve-contre-les-debats-anti-voile-a-l-Assemblee-nationale_a27804.html\">Loi s\u00e9paratisme : \u00e9voquant sa m\u00e8re, un d\u00e9put\u00e9 s&rsquo;\u00e9l\u00e8ve contre les d\u00e9bats anti-voile \u00e0 l&rsquo;Assembl\u00e9e nationale<\/a> (SaphirNews.com)<\/p>\n\n\n\n<p><a href=\"https:\/\/lanticapitaliste.org\/opinions\/politique\/attaques-contre-lunion-juive-francaise-pour-la-paix-ujfp-empecher-une-expression\">Attaques contre l\u2019UJFP : \u00ab&nbsp;Emp\u00eacher une expression \u00e0 la fois antisioniste et antiraciste&nbsp;\u00bb<\/a> (UJFP)<\/p>\n\n\n\n<p><a href=\"https:\/\/www.contretemps.eu\/beaud-noiriel-race-classe-identite-gauche\/\">A propos d\u2019un texte de S. Beaud et G. Noiriel<\/a> \u2013 Ugo Palheta et Henri Maler (ContreTemps)<\/p>\n\n\n\n<p><a href=\"https:\/\/www.revolutionpermanente.fr\/Le-delit-de-separatisme-vote-a-la-quasi-unanimite-l-escalade-islamophobe-et-liberticide-continue\">Le \u00ab&nbsp;d\u00e9lit de s\u00e9paratisme&nbsp;\u00bb vot\u00e9 \u00e0 l\u2019unanimit\u00e9<\/a> \u2013 Mica Torres (R\u00e9volution Permanente)<\/p>\n\n\n\n<figure class=\"wp-block-image is-resized is-style-default\"><img data-recalc-dims=\"1\" loading=\"lazy\" decoding=\"async\" src=\"https:\/\/i0.wp.com\/www.revolutionpermanente.fr\/IMG\/arton23937.jpg?resize=411%2C257&#038;ssl=1\" alt=\"\" width=\"411\" height=\"257\"\/><\/figure>\n\n\n\n<p><a href=\"https:\/\/usbeketrica.com\/fr\/article\/complotistes-patriotes-qanon-plongee-dans-clapper-le-tiktok-de-l-extreme-droite-americaine\">Plong\u00e9e dans \u00ab&nbsp;Clapper&nbsp;\u00bb, le TikTok de l\u2019extr\u00eame-droite am\u00e9ricaine<\/a> \u2013 Pablo Maill\u00e9 (Usbek &amp; Rica)<\/p>\n\n\n\n<p class=\"has-vivid-red-color has-text-color\"><strong>5 F\u00e9vrier<\/strong><\/p>\n\n\n\n<p><a href=\"https:\/\/www.revolutionpermanente.fr\/Debats-sur-la-Loi-Separatisme-la-machine-liberticide-et-islamophobe-est-relancee\">\u00ab&nbsp;Loi s\u00e9paratisme&nbsp;\u00bb&nbsp;: la machine liberticide et islamophobe est relanc\u00e9e<\/a> \u2013 Simon Dererrof (R\u00e9volution Permanente)<\/p>\n\n\n\n<p><a href=\"https:\/\/www.revue-ballast.fr\/rachida-brahim-mettre-en-lumiere-les-crimes-racistes-cest-nettoyer-nos-maisons\/\">Mettre en lumi\u00e8re les crimes racistes, c\u2019est nettoyer nos maisons<\/a> \u2013 Rachida Brahim (Ballast)<\/p>\n\n\n\n<p class=\"has-vivid-red-color has-text-color\"><strong>4 F\u00e9vrier<\/strong><\/p>\n\n\n\n<p><a href=\"http:\/\/www.apple.fr\">Loi s\u00e9paratisme : La majorit\u00e9 prise au pi\u00e8ge<\/a> (Caf\u00e9 P\u00e9dagogique)<\/p>\n\n\n\n<p><a href=\"https:\/\/www.politis.fr\/articles\/2021\/02\/separatisme-la-cncdh-etrille-le-projet-de-loi-42805\/\">S\u00e9paratisme : la CNCDH \u00e9trille le projet de loi <\/a>(Politis)<\/p>\n\n\n\n<p><a href=\"https:\/\/news.google.com\/articles\/CAIiEP9I7uZPduHmjQfV_ZSkSu0qGQgEKhAIACoHCAowpvj_CjDzkYsDMMvQ4gU?hl=fr&amp;gl=FR&amp;ceid=FR:fr\">Racisme et indig\u00e9nisme : \u00e0 Sciences Po, l&rsquo;action d&rsquo;associations antiracistes cr\u00e9e des remous<\/a> (Outre-mer la 1\u00e8re)<\/p>\n\n\n\n<figure class=\"wp-block-image is-resized is-style-default\"><img data-recalc-dims=\"1\" loading=\"lazy\" decoding=\"async\" src=\"https:\/\/i0.wp.com\/la1ere.francetvinfo.fr\/image\/ygTUjWv7Dui3alkykSUBQdxuzD4\/600x400\/outremer\/2020\/12\/16\/5fda17c619e36_034_3509145-1545534.jpg?resize=406%2C270&#038;ssl=1\" alt=\"Sciences Po Paris\" width=\"406\" height=\"270\"\/><\/figure>\n\n\n\n<p><a href=\"https:\/\/info.mediapart.fr\/optiext\/optiextension.dll?ID=LhgLggc3AuYxjwdR6rkkLrdFBarowLsjPkMDokEg5FsVC4QvTwz+bkziW8QNS4FiAEkcenSiVmxfypwEqjIY2zAq99uDb\">Affaire des quotas dans le foot: un aveuglement durable<\/a> (MDP)<\/p>\n\n\n\n<p><a href=\"https:\/\/info.mediapart.fr\/optiext\/optiextension.dll?ID=LhgLeZ1TTVcwhdD+o56zissTC+07I6o_1pLNLQiRCxatdOt1TsAod8pZfGg8Gc11MxopiwNKXsiOyPe6yf5BdN6Ex_K1C\">G\u00e9rard Pr\u00eacheur: \u00abOn m&rsquo;a demand\u00e9 de prendre au moins 50% de vrais Fran\u00e7ais\u00bb<\/a> (MDP)<\/p>\n\n\n\n<p><a href=\"http:\/\/www.politis.fr\/articles\/2021\/02\/separatisme-la-cncdh-etrille-le-projet-de-loi-42805\/\">S\u00e9paratisme&nbsp;: La CNCDH \u00e9trille le projet de loi<\/a> \u2013 Nadia Sweeny (Politis)<\/p>\n\n\n\n<p><a href=\"https:\/\/www.bastamag.net\/Des-lois-confortant-le-respect-des-principes-republicains-et-porteuse-de\">Des lois porteuses de s\u00e9curit\u00e9 globale, vraiment&nbsp;?<\/a> \u2013 Hassina Mecha\u00ef (Basta)<\/p>\n\n\n\n<p><a href=\"file:\/\/\/C:\\Users\\HP\\Desktop\\Rdpemancipation\\A%20propos%20du%20documentaire%20:%20\u00ab%20Ismalogauchisme,%20la%20trahison%20du%20r\u00eave%20europ\u00e9en\">A propos du documentaire&nbsp;: \u00ab&nbsp;Ismalogauchisme, la trahison du r\u00eave europ\u00e9en&nbsp;\u00bb<\/a> \u2013 Judith Bernard (ContreTemps)<\/p>\n\n\n\n<p><a href=\"https:\/\/blogs.mediapart.fr\/les-invites-de-mediapart\/blog\/040221\/la-police-que-nous-voulons-est-digne-et-respectable\">La police que nous voulons est digne et respectable<\/a> \u2013 (MDP)<\/p>\n\n\n\n<p><a href=\"https:\/\/blogs.mediapart.fr\/philippe-corcuff\/blog\/040221\/trumpisme-lepenisme-et-confusionnisme-gauche\">Trumpisme, lepenisme et confusionnisme \u00e0 gauche<\/a> \u2013 Philippe Corcuff (MDP)<\/p>\n\n\n\n<p><a href=\"https:\/\/www.franceinter.fr\/emissions\/l-invite-de-8h20-le-grand-entretien\/l-invite-de-8h20-le-grand-entretien-04-fevrier-2021\">\u00ab&nbsp;Race et sciences sociales : Essai sur les usages publics d\u2019une cat\u00e9gorie&nbsp;\u00bb<\/a>&nbsp;(France inter)<\/p>\n\n\n\n<p class=\"has-vivid-red-color has-text-color\"><strong>3 F\u00e9vrier <\/strong><\/p>\n\n\n\n<p><a href=\"https:\/\/france3-regions.francetvinfo.fr\/bourgogne-franche-comte\/doubs\/besancon\/temoignage-j-ai-vu-la-mort-en-face-et-le-racisme-pret-a-tuer-confie-khaled-cid-violemment-agresse-a-besancon-1937074.html?fbclid=IwAR1G9IiugCoWNilGJFaKDG-qjZi6vfsj9YmmHNYyYUBEYsZYEyZ3vcHpS_E\">\u00ab\u00a0J&rsquo;ai vu la mort en face et le racisme pr\u00eat \u00e0 tuer\u00a0\u00bb confie Khaled Cid violemment agress\u00e9 \u00e0 Besan\u00e7on <\/a>(France 3)<\/p>\n\n\n\n<p><a href=\"https:\/\/lanticapitaliste.org\/evenement\/paris-rassemblement-contre-les-crimes-antisemites-et-tous-les-actes-racistes\">Paris &#8211; Rassemblement contre les crimes antis\u00e9mites et tous les actes racistes<\/a> (L\u2019Anticapitaliste)<\/p>\n\n\n\n<p class=\"has-vivid-red-color has-text-color\"><strong>2 F\u00e9vrier<\/strong><\/p>\n\n\n\n<p><a href=\"https:\/\/www.alainet.org\/es\/node\/210789\">L\u2019antis\u00e9mitisme \u00ab&nbsp;\u00e0 la carte&nbsp;\u00bb du Centre Simon&nbsp;Wiesenthal<\/a>&nbsp;&nbsp;-Maurice Lemoine<\/p>\n\n\n\n<p><a href=\"https:\/\/www.saphirnews.com\/Loi-separatisme-Melenchon-denonce-une-bouillie-d-amalgames-visant-les-musulmans_a27798.html\">Loi s\u00e9paratisme : M\u00e9lenchon d\u00e9nonce \u00ab une bouillie d\u2019amalgames \u00bb visant les musulmans<\/a> (SaphirNews.com)<\/p>\n\n\n\n<figure class=\"wp-block-image is-resized is-style-default\"><img data-recalc-dims=\"1\" loading=\"lazy\" decoding=\"async\" src=\"https:\/\/i0.wp.com\/www.saphirnews.com\/photo\/art\/default\/53588716-40530974.jpg?resize=424%2C234&#038;ssl=1\" alt=\"Loi s\u00e9paratisme : M\u00e9lenchon d\u00e9nonce \u00ab une bouillie d\u2019amalgames \u00bb visant les musulmans\" width=\"424\" height=\"234\" title=\"Loi s\u00e9paratisme : M\u00e9lenchon d\u00e9nonce \u00ab une bouillie d\u2019amalgames \u00bb visant les musulmans\"\/><\/figure>\n\n\n\n<p><a href=\"https:\/\/www.streetpress.com\/sujet\/1612268078-insultes-racistes-violences-gratuites-bac-argenteuil-policieres-darmanin-police-justice-amendes\">Insultes racistes et violences gratuites, la BAC d\u2019Argenteuil \u00e0 nouveau mise en cause<\/a> (StreetPress)<\/p>\n\n\n\n<p><a href=\"https:\/\/www.contretemps.eu\/autoritarisme-racisme-antiterrorisme-vigilance-islamophobie-codaccioni\/\">Soci\u00e9t\u00e9 de vigilance, antiterrorisme et profilage racial<\/a> \u2013 Vanessa Codaccioni (ContreTemps)<\/p>\n\n\n\n<p class=\"has-vivid-red-color has-text-color\"><strong>1<sup>er<\/sup> F\u00e9vrier en continu<\/strong><\/p>\n\n\n\n<p><a href=\"https:\/\/acta.zone\/antifascisme-moral-et-liquidation-de-lanti-imperialisme\/\">Antifascisme moral et liquidation de l\u2019anti-imp\u00e9rialisme<\/a> \u2013 (Acta)<\/p>\n\n\n\n<p><a href=\"http:\/\/www.regards.fr\/politique\/article\/edito-2022-qui-peut-battre-le-pen\">Qui peut battre Le Pen<\/a> \u2013 Pierre Jacquemain (Regards)<\/p>\n\n\n\n<p><a href=\"https:\/\/www.contretemps.eu\/decolonial-postcolonialisme-droit-epistemologie\/\">D\u00e9coloniser le droit, un d\u00e9fi politique et \u00e9pist\u00e9mologique<\/a> \u2013 Mara Montanaro (ContreTemps)<\/p>\n","protected":false},"excerpt":{"rendered":"<p>27 F\u00e9vrier en continu \u00ab En th\u00e9rapie \u00bb. La mal\u00e9diction du policier Adel Chibane &nbsp;(Orient XXI) Le pr\u00e9jug\u00e9 racial effac\u00e9 dans un classique anglais et sa r\u00e9\u00e9criture antillaise (The Conversation) \u00abRace\u00bb, \u00abracisme\u00bb, \u00abislamophobie\u00bb&#8230; Bien d\u00e9finir les mots qui f\u00e2chent &#8211; blog J. Grau 26 F\u00e9vrier \u00ab&nbsp;Race&nbsp;\u00bb, \u00ab&nbsp;racisme&nbsp;\u00bb, islamophobie&nbsp;\u00bb\u2026&nbsp;: Bien d\u00e9finir les mots qui f\u00e2chent \u2013 &#8230; <a title=\"F\u00e9vrier-Antiracisme\" class=\"read-more\" href=\"https:\/\/www.rdpemancipation.org\/?p=13995\" aria-label=\"En savoir plus sur F\u00e9vrier-Antiracisme\">Lire la suite<\/a><\/p>\n","protected":false},"author":2,"featured_media":0,"comment_status":"closed","ping_status":"closed","sticky":false,"template":"","format":"standard","meta":{"_lmt_disableupdate":"no","_lmt_disable":"no","_jetpack_memberships_contains_paid_content":false,"footnotes":""},"categories":[13],"tags":[],"class_list":["post-13995","post","type-post","status-publish","format-standard","hentry","category-antiracisme"],"modified_by":"jmb","jetpack_featured_media_url":"","jetpack_sharing_enabled":true,"_links":{"self":[{"href":"https:\/\/www.rdpemancipation.org\/index.php?rest_route=\/wp\/v2\/posts\/13995","targetHints":{"allow":["GET"]}}],"collection":[{"href":"https:\/\/www.rdpemancipation.org\/index.php?rest_route=\/wp\/v2\/posts"}],"about":[{"href":"https:\/\/www.rdpemancipation.org\/index.php?rest_route=\/wp\/v2\/types\/post"}],"author":[{"embeddable":true,"href":"https:\/\/www.rdpemancipation.org\/index.php?rest_route=\/wp\/v2\/users\/2"}],"replies":[{"embeddable":true,"href":"https:\/\/www.rdpemancipation.org\/index.php?rest_route=%2Fwp%2Fv2%2Fcomments&post=13995"}],"version-history":[{"count":74,"href":"https:\/\/www.rdpemancipation.org\/index.php?rest_route=\/wp\/v2\/posts\/13995\/revisions"}],"predecessor-version":[{"id":18094,"href":"https:\/\/www.rdpemancipation.org\/index.php?rest_route=\/wp\/v2\/posts\/13995\/revisions\/18094"}],"wp:attachment":[{"href":"https:\/\/www.rdpemancipation.org\/index.php?rest_route=%2Fwp%2Fv2%2Fmedia&parent=13995"}],"wp:term":[{"taxonomy":"category","embeddable":true,"href":"https:\/\/www.rdpemancipation.org\/index.php?rest_route=%2Fwp%2Fv2%2Fcategories&post=13995"},{"taxonomy":"post_tag","embeddable":true,"href":"https:\/\/www.rdpemancipation.org\/index.php?rest_route=%2Fwp%2Fv2%2Ftags&post=13995"}],"curies":[{"name":"wp","href":"https:\/\/api.w.org\/{rel}","templated":true}]}}