{"id":13993,"date":"2021-02-01T10:24:29","date_gmt":"2021-02-01T09:24:29","guid":{"rendered":"https:\/\/www.rdpemancipation.org\/?p=13993"},"modified":"2021-03-01T12:17:41","modified_gmt":"2021-03-01T11:17:41","slug":"fevrier-jeunesse-education","status":"publish","type":"post","link":"https:\/\/www.rdpemancipation.org\/?p=13993","title":{"rendered":"F\u00e9vrier-Jeunesse\/Education"},"content":{"rendered":"\n<p><strong><span class=\"has-inline-color has-vivid-red-color\">28 F\u00e9vrier <\/span><\/strong><\/p>\n\n\n\n<p><a href=\"https:\/\/alt-rev.com\/2021\/02\/27\/pour-se-remotiver-des-etudiants-reinvestissent-leurs-amphis-et-organisent-des-cours-autogeres\/\">Pour se remotiver, des \u00e9tudiants r\u00e9investissent leurs amphis et organisent des cours autog\u00e9r\u00e9s<\/a> (Bastamag)<\/p>\n\n\n\n<p><a href=\"https:\/\/alt-rev.com\/2021\/02\/27\/les-surdiplomes-elite-separatiste-ou-avant-garde-avec-jean-laurent-cassely\/\">Les surdipl\u00f4m\u00e9s, \u00e9lite s\u00e9paratiste ou avant-garde ? Avec Jean-Laurent Cassely<\/a> (Marianne)<\/p>\n\n\n\n<figure class=\"wp-block-image is-resized is-style-default\"><img loading=\"lazy\" decoding=\"async\" src=\"https:\/\/scontent.fsti4-1.fna.fbcdn.net\/v\/t1.0-9\/155294263_1155558354866631_5256435022601494933_o.jpg?_nc_cat=109&amp;ccb=3&amp;_nc_sid=730e14&amp;_nc_ohc=5lh1eEFsgd4AX8ddPh9&amp;_nc_ht=scontent.fsti4-1.fna&amp;oh=aff415803f93754a4d0b2ae4cbc1c2b4&amp;oe=60607E07\" alt=\"Peut \u00eatre un dessin anim\u00e9 de debout et texte\" width=\"334\" height=\"334\"\/><\/figure>\n\n\n\n<p><strong><span class=\"has-inline-color has-vivid-red-color\">27 F\u00e9vrier <\/span><\/strong><\/p>\n\n\n\n<p><a href=\"https:\/\/www.anti-k.org\/2021\/02\/27\/islamo-gauchisme-une-attaque-raciste-contre-les-libertes-academiques\/\">Islamo-gauchisme \u00bb : une attaque raciste contre les libert\u00e9s acad\u00e9miques <\/a>(LFI)<\/p>\n\n\n\n<p><a href=\"https:\/\/www.revolutionpermanente.fr\/Depression-et-precarite-chez-les-etudiants-EnjoyPhoenix-prefere-pointer-les-diplomes-en-carton\">D\u00e9pression et pr\u00e9carit\u00e9 chez les \u00e9tudiants&nbsp;: EnjoyPhoenix pr\u00e9f\u00e8re pointer les \u00ab\u00a0dipl\u00f4mes en carton\u00a0\u00bb<\/a>(RP)<\/p>\n\n\n\n<p><a href=\"https:\/\/www.humanite.fr\/litterature-jeunesse-ceux-qui-ont-dit-non-une-collection-pour-eveiller-les-consciences-700564#xtor=RSS-1\">Litt\u00e9rature jeunesse. \u00ab Ceux qui ont dit non \u00bb, une collection pour \u00e9veiller les consciences<\/a> (L\u2019Humanit\u00e9)&nbsp;<\/p>\n\n\n\n<p><a href=\"https:\/\/info.mediapart.fr\/optiext\/optiextension.dll?ID=E89E8U98niQNPxX8kVxA7gsg5crwvfct2oAuDzpqYSEObfUowD7eOBxMITR%2BBWFc2L2um%2BNWIRWPIaSKMHKQ2XqyoQvUp\">Nathalie Quintane, prof et po\u00e8te<\/a> -vid\u00e9o (MDP)<\/p>\n\n\n\n<p><a href=\"https:\/\/info.mediapart.fr\/optiext\/optiextension.dll?ID=E89E_sNi8TIww9ZabPsQvNn3_xnuxELt4x1Y59DCj6gR6HrUwWjrusky2905xHIZNVA4pIMyK9VHSl0Ol3PU_pVsBWqgn\">Parrainer un\u00b7e \u00e9tudiant\u00b7e pour entrer dans le monde d&rsquo;apr\u00e8s<\/a> &#8211; blog <a href=\"https:\/\/info.mediapart.fr\/optiext\/optiextension.dll?ID=E89E807kixaJ6nw5OUUNuikTs0KMhRL2t%2BerLUeYvMgsnsqUxzZyPztDdTnfozS1KAY2yrGAYTrORC6hlSxPwfpNB65_Z\">Parrainer un\u00b7e \u00e9tudiant\u00b7e<\/a> (MDP)<\/p>\n\n\n\n<p><a href=\"https:\/\/www.humanite.fr\/strasbourg-les-raisons-de-la-gratuite-des-transports-pour-les-jeunes-700612#xtor=RSS-1\">Strasbourg. Les raisons de la gratuit\u00e9 des transports pour les jeunes <\/a>(L\u2019Humanit\u00e9)&nbsp;<\/p>\n\n\n\n<p><a href=\"https:\/\/www.revolutionpermanente.fr\/Defi-McFly-Carlito-Pendant-que-Macron-s-essaie-a-Youtube-la-jeunesse-agonise\">D\u00e9fi McFly &amp; Carlito. Pendant que Macron s\u2019essaie \u00e0 Youtube, la jeunesse agonise<\/a> (RP)<\/p>\n\n\n\n<figure class=\"wp-block-image is-resized is-style-default\"><img data-recalc-dims=\"1\" loading=\"lazy\" decoding=\"async\" src=\"https:\/\/i0.wp.com\/www.revolutionpermanente.fr\/local\/cache-vignettes\/L653xH368\/arton24144-32076.png?resize=384%2C215&#038;ssl=1\" alt=\"\" width=\"384\" height=\"215\"\/><\/figure>\n\n\n\n<p><strong><span class=\"has-inline-color has-vivid-red-color\">26 F\u00e9vrier<\/span><\/strong><\/p>\n\n\n\n<p><a href=\"https:\/\/www.inegalites.fr\/Jeunesse-en-finir-avec-l-hypocrisie-francaise\">Jeunesse : en finir avec l\u2019hypocrisie fran\u00e7aise<\/a> (Observatoire des in\u00e9galit\u00e9s)<\/p>\n\n\n\n<figure class=\"wp-block-image is-resized is-style-default\"><img loading=\"lazy\" decoding=\"async\" src=\"https:\/\/scontent.fsti4-1.fna.fbcdn.net\/v\/t1.0-9\/154805914_1154362284986238_2441290799285544295_n.png?_nc_cat=110&amp;ccb=3&amp;_nc_sid=730e14&amp;_nc_ohc=wbY7-hfX71MAX-S8ZgR&amp;_nc_oc=AQn5zb31kEjQkDPWfajWiD59F8SKsSpS--I6g-shwc8pA5os4THAXCzmdui5OuEAb_g&amp;_nc_ht=scontent.fsti4-1.fna&amp;oh=2474cbba8418b4fb6310f13f7f6b2a48&amp;oe=605C851B\" alt=\"Peut \u00eatre une image de 1 personne\" width=\"390\" height=\"323\"\/><\/figure>\n\n\n\n<p><a href=\"https:\/\/blogs.mediapart.fr\/jean-marc-b\/blog\/250221\/truismes-sciences-porcs\">Truismes \u00e0 Sciences Porcs <\/a>-La Chartreuse<\/p>\n\n\n\n<p><a href=\"https:\/\/info.mediapart.fr\/optiext\/optiextension.dll?ID=WstWvOqcxk3Byv4kmLHvfWMgyOhSsgc7ICH0VYNEeFfHQ39G4qPQwBLJSvA_mGIPV4_vRqT56eePnXcXXZX6xkmzm7Wy1\">\u00abOn passe la journ\u00e9e en blouse \u00e0 tester\u00bb: le ras-le-bol des \u00e9tudiants en m\u00e9decine de la Sorbonne<\/a> (MDP)<\/p>\n\n\n\n<p><a href=\"https:\/\/www.lemonde.fr\/idees\/article\/2021\/02\/24\/elisabeth-borne-et-ambroise-mejean-la-reponse-a-la-precarite-des-jeunes-n-est-pas-le-rsa_6071086_3232.html\">Elisabeth Borne et Ambroise M\u00e9jean&nbsp;: \u00ab&nbsp;La r\u00e9ponse \u00e0 la pr\u00e9carit\u00e9 des jeunes n\u2019est pas le RSA&nbsp;\u00bb<\/a><\/p>\n\n\n\n<p><a href=\"https:\/\/info.mediapart.fr\/optiext\/optiextension.dll?ID=WstWxMn3MMY7VbphRkuSDkJivLH9Age3PnN1zvw8sFuy6DVa4d6lRERBmXYlKPVepa75XuuyfQPyT0vBhVdEh62Q7fSio\">Des \u00e9l\u00e8ves se r\u00e9fugient chez les cathos pour \u00e9chapper au ghetto<\/a> (MDP)<\/p>\n\n\n\n<p><a href=\"https:\/\/kaizen-magazine.com\/article\/crise-sanitaire-quels-impacts-sur-nos-vies-dados\/\">Crise sanitaire : quels impacts sur nos vies d\u2019ados ?<\/a> (Kaizen)&nbsp;<\/p>\n\n\n\n<p><a href=\"https:\/\/theconversation.com\/et-si-nous-arrivions-a-dechiffrer-les-dessins-des-tres-jeunes-enfants-155767\">Et si nous arrivions \u00e0 d\u00e9chiffrer les dessins des tr\u00e8s jeunes enfants ?<\/a> (The Conversation)<\/p>\n\n\n\n<p><a href=\"https:\/\/lesjours.fr\/obsessions\/in-bed-with-emmanuel-macron\/ep48-youtubeurs\/\">Macron enfile son gilet jeune<\/a> (Les Jours)<\/p>\n\n\n\n<figure class=\"wp-block-image size-large is-resized is-style-default\"><img data-recalc-dims=\"1\" loading=\"lazy\" decoding=\"async\" src=\"https:\/\/i0.wp.com\/www.rdpemancipation.org\/wp-content\/uploads\/2021\/02\/21-2-23-effondrement.jpg?resize=318%2C302&#038;ssl=1\" alt=\"\" class=\"wp-image-17707\" width=\"318\" height=\"302\" srcset=\"https:\/\/i0.wp.com\/www.rdpemancipation.org\/wp-content\/uploads\/2021\/02\/21-2-23-effondrement.jpg?w=661&amp;ssl=1 661w, https:\/\/i0.wp.com\/www.rdpemancipation.org\/wp-content\/uploads\/2021\/02\/21-2-23-effondrement.jpg?resize=300%2C286&amp;ssl=1 300w\" sizes=\"auto, (max-width: 318px) 100vw, 318px\" \/><\/figure>\n\n\n\n<p><strong><span class=\"has-inline-color has-vivid-red-color\">25 F\u00e9vrier en continu<\/span><\/strong><\/p>\n\n\n\n<p><a href=\"https:\/\/rapportsdeforce.fr\/breves\/education-les-pions-repartent-en-greve-en-mars-aed-02249431\">\u00c9ducation : les pions repartent en gr\u00e8ve en mars<\/a> (Rapports de Force)<\/p>\n\n\n\n<p><a href=\"https:\/\/blogs.mediapart.fr\/jean-marc-b\/blog\/240221\/la-sorbonne-nouvelle-veut-hausser-les-frais-dinscription-pour-etudiants-etrangers\">La Sorbonne Nouvelle veut hausser les frais d&rsquo;inscription pour \u00e9tudiants \u00e9trangers <\/a>(Unef Tacle)<\/p>\n\n\n\n<p><a href=\"https:\/\/www.20minutes.fr\/societe\/2984047-20210223-lyon-peu-convaincus-annonces-laurent-wauquiez-etudiants-unef-manifestent-devant-conseil-regional?fbclid=IwAR1P1Gd_pxDchtpMhz_x4soUrQ-L1hsgqFFiinMMX0Dc8AEpf7nnvsiW47A\">&nbsp;Les \u00e9tudiants de l&rsquo;Unef manifestent devant le conseil r\u00e9gional \u00e0 Lyon&nbsp;<\/a> (20 mn)<\/p>\n\n\n\n<figure class=\"wp-block-image is-resized is-style-default\"><img data-recalc-dims=\"1\" loading=\"lazy\" decoding=\"async\" src=\"https:\/\/i0.wp.com\/img.20mn.fr\/ADXqi5NzTayoZjmm3ekwmg\/310x190_poignee-etudiants-manifeste-mardi-devant-conseil-regional-auverge-rhone-alpes.jpg?resize=402%2C246&#038;ssl=1\" alt=\"Une poign\u00e9e d'\u00e9tudiants a manifest\u00e9 ce mardi devant le conseil r\u00e9gional d'Auverge Rh\u00f4ne-Alpes.\" width=\"402\" height=\"246\"\/><\/figure>\n\n\n\n<p><a href=\"https:\/\/blogs.mediapart.fr\/olivier-esteves\/blog\/240221\/guerre-de-positions-et-misere-de-position-dans-l-universite-vidal-et-les-menaces-fantasmees\">Guerre de positions et mis\u00e8re de position dans l\u2019Universit\u00e9: Vidal et les menaces fantasm\u00e9es<\/a> -blog Olivier Esteves<\/p>\n\n\n\n<p><a href=\"https:\/\/www.humanite.fr\/freinet-une-ecole-vivante-et-emancipatrice-700625#xtor=RSS-1\">Freinet, une \u00e9cole vivante et \u00e9mancipatrice<\/a> (L\u2019Humanit\u00e9)<\/p>\n\n\n\n<p><a href=\"https:\/\/lanticapitaliste.org\/actualite\/politique\/lenieme-attaque-du-macronisme-contre-luniversite-publique\">\u00abIslamo-gauchisme\u00bb: l\u2019\u00e9ni\u00e8me attaque du macronisme contre l\u2019universit\u00e9 publique<\/a> (L\u2019Anticapitaliste)<\/p>\n\n\n\n<p><strong><span class=\"has-inline-color has-vivid-red-color\">24 F\u00e9vrier <\/span><\/strong><\/p>\n\n\n\n<p><a href=\"https:\/\/www.bastamag.net\/Occupation-IEP-Lyon-universites-cours-autogeres-etudiants-on-veut-se-reapproprier-notre-lieu-d-etudes-distanciel-precarite-bourse-job\">Pour se remotiver, des \u00e9tudiants r\u00e9investissent leurs amphis et organisent des cours autog\u00e9r\u00e9s <\/a>(Basta&nbsp;!)&nbsp;<\/p>\n\n\n\n<p><a href=\"https:\/\/www.revolutionpermanente.fr\/Vidal-demission-A-Poitiers-un-rassemblement-contre-la-venue-de-la-ministre\">\u00ab&nbsp;Vidal d\u00e9mission&nbsp;!&nbsp;\u00bb A Poitiers, un rassemblement contre la venue de la ministre<\/a> (RP)<\/p>\n\n\n\n<p><a href=\"https:\/\/dijoncter.info\/frederique-vidale-le-bonsai-qui-cache-la-foret-2557\">Fr\u00e9d\u00e9rique Vidal, le bonsa\u00ef qui cache la for\u00eat.<\/a> (Dijoncter)<\/p>\n\n\n\n<figure class=\"wp-block-image is-resized is-style-default\"><img data-recalc-dims=\"1\" loading=\"lazy\" decoding=\"async\" src=\"https:\/\/i0.wp.com\/dijoncter.info\/local\/cache-vignettes\/L934xH700\/arton2557-04985.jpg?resize=389%2C291&#038;ssl=1\" alt=\"\" width=\"389\" height=\"291\"\/><\/figure>\n\n\n\n<p><a href=\"https:\/\/lanticapitaliste.org\/actualite\/jeunesse\/precarite-le-peril-jeune\">Pr\u00e9carit\u00e9 : le p\u00e9ril jeune<\/a> (L\u2019Anticapitaliste)<\/p>\n\n\n\n<p><a href=\"https:\/\/www.bondyblog.fr\/opinions\/billet-dhumeur\/dans-lindifference-generale-nos-jeunes-sentretuent-depuis-des-annees\/\">Dans l\u2019indiff\u00e9rence g\u00e9n\u00e9rale, nos jeunes s\u2019entretuent depuis des ann\u00e9es<\/a>  (Le Bondy Blog)<\/p>\n\n\n\n<p><a href=\"https:\/\/blogs.mediapart.fr\/jean-marc-b\/blog\/240221\/macron-ne-sair-plus-comment-nous-entubuer\">Macron ne sait plus comment nous entuber <\/a>-Unef Grenoble<\/p>\n\n\n\n<p><a href=\"http:\/\/www.questionsdeclasses.org\/?Education-prioritaire-le-renoncement\">\u00c9ducation prioritaire&nbsp;: le renoncement<\/a> -Collectif Q2C<\/p>\n\n\n\n<p><a href=\"https:\/\/lanticapitaliste.org\/actualite\/jeunesse\/etudiantes-precaires-vidal-et-gouvernement-reactionnaires\">\u00c9tudiantEs pr\u00e9caires, Vidal et gouvernement r\u00e9actionnaires !<\/a> (L\u2019Anticapitaliste)<\/p>\n\n\n\n<p><a href=\"https:\/\/www.revolutionpermanente.fr\/Plan-10-000-jeunes-la-nouvelle-trouvaille-de-Darmanin-pour-surfer-sur-la-precarite-des-jeunes\">\u00ab\u00a0Plan 10 000 jeunes\u00a0\u00bb&nbsp;: la nouvelle trouvaille de Darmanin pour surfer sur la pr\u00e9carit\u00e9 des jeunes<\/a> (RP)<\/p>\n\n\n\n<p><a href=\"https:\/\/blogs.mediapart.fr\/jean-marc-b\/blog\/240221\/communique-des-organisations-de-jeunesse-toutes-et-tous-mobilisees-le-16-mars\">Communiqu\u00e9 des organisations de jeunesse : toutes et tous mobilis\u00e9.e.s le 16 mars ! <\/a>-Collectif<\/p>\n\n\n\n<p><a href=\"https:\/\/blogs.mediapart.fr\/jean-marc-b\/blog\/230221\/retour-de-laudience-des-organisations-etudiantes-avec-la-presidence-de-nanterre\">Retour de l&rsquo;audience des organisations \u00e9tudiantes avec la pr\u00e9sidence de Nanterre&nbsp;<\/a> (Unef Tacle)<\/p>\n\n\n\n<p><a href=\"https:\/\/www.revolutionpermanente.fr\/Cheques-psy-Deja-plus-de-5000-demandes-pour-une-mesure-qui-reste-derisoire\">Ch\u00e8ques psy. D\u00e9j\u00e0 plus de 5000 demandes pour une mesure qui reste d\u00e9risoire<\/a> (RP)<\/p>\n\n\n\n<p><a href=\"https:\/\/theconversation.com\/face-a-la-covid-19-et-aux-separatismes-la-figure-de-lecole-sanctuaire-155594\">Face \u00e0 la Covid-19 et aux \u00ab s\u00e9paratismes \u00bb, la figure de l\u2019\u00e9cole sanctuaire<\/a> (The Conversation)&nbsp;<\/p>\n\n\n\n<p><a href=\"https:\/\/www.ldh-france.org\/pas-de-chasse-aux-sorcieres-a-luniversite\/\">Pas de chasse aux sorci\u00e8res \u00e0 l\u2019universit\u00e9<\/a> par Ligue des droits de l\u2019Homme<\/p>\n\n\n\n<p><a href=\"https:\/\/info.mediapart.fr\/optiext\/optiextension.dll?ID=kOPkRoq%2BwnIn4oZF2maec68_USw8G%2BjnfUGpkEnd4wb41NbAc5GhOV4QaNBA9bicdPLM1ZE8gbBxEb%2BStvKeJsW2368A3\">Au soldat du d\u00e9ni Fr\u00e9d\u00e9rique Vidal, la patrie r\u00e9sistante<\/a> -blog Christelle Rabier<\/p>\n\n\n\n<p><a href=\"https:\/\/www.boursorama.com\/actualite-economique\/actualites\/precarite-etudiante-les-protections-periodiques-bientot-gratuites-532cee4af0b8c7e1b3657ff1ab612b85\">Pr\u00e9carit\u00e9 \u00e9tudiante: les protections p\u00e9riodiques bient\u00f4t gratuites<\/a> (AFP)<\/p>\n\n\n\n<figure class=\"wp-block-image size-large is-resized is-style-default\"><img data-recalc-dims=\"1\" loading=\"lazy\" decoding=\"async\" src=\"https:\/\/i0.wp.com\/www.rdpemancipation.org\/wp-content\/uploads\/2021\/02\/bbf03ff50af4edb1ca459fe446582be5-760x507-1.jpg?resize=404%2C269&#038;ssl=1\" alt=\"\" class=\"wp-image-17421\" width=\"404\" height=\"269\" srcset=\"https:\/\/i0.wp.com\/www.rdpemancipation.org\/wp-content\/uploads\/2021\/02\/bbf03ff50af4edb1ca459fe446582be5-760x507-1.jpg?w=760&amp;ssl=1 760w, https:\/\/i0.wp.com\/www.rdpemancipation.org\/wp-content\/uploads\/2021\/02\/bbf03ff50af4edb1ca459fe446582be5-760x507-1.jpg?resize=300%2C200&amp;ssl=1 300w\" sizes=\"auto, (max-width: 404px) 100vw, 404px\" \/><\/figure>\n\n\n\n<p><strong><span class=\"has-inline-color has-vivid-red-color\">23 F\u00e9vrier <\/span><\/strong><\/p>\n\n\n\n<p><a href=\"https:\/\/usbeketrica.com\/fr\/nos-descendants-seront-atterres-en-pensant-a-l-ecole-de-2021\">\u00ab&nbsp;Nos descendants seront atterr\u00e9s en pensant \u00e0 l\u2019\u00e9cole de 2021&nbsp;\u00bb<\/a> \u2013 Thomas Lestavel (Usbek &amp; Rica)<\/p>\n\n\n\n<p><a href=\"https:\/\/www.humanite.fr\/la-bataille-gagnee-des-etudiants-salaries-de-la-bibliotheque-universitaire-sainte-barbe-700442#xtor=RSS-1\">La bataille gagn\u00e9e des \u00e9tudiants salari\u00e9s de la biblioth\u00e8que universitaire Sainte-Barbe<\/a> (L\u2019Humanit\u00e9)&nbsp;<\/p>\n\n\n\n<figure class=\"wp-block-image is-resized is-style-default\"><img data-recalc-dims=\"1\" loading=\"lazy\" decoding=\"async\" src=\"https:\/\/i0.wp.com\/www.maritima.info\/medias\/thumbs\/840_medias_photos_documents_img-4944-637495875290720484.jpg?resize=405%2C269&#038;ssl=1\" alt=\"Crise sanitaire et pr\u00e9carit\u00e9 : la jeunesse de nouveau dans la rue le 2 mars\" width=\"405\" height=\"269\"\/><\/figure>\n\n\n\n<p><a href=\"https:\/\/www.mediacites.fr\/breve\/lyon\/2021\/02\/23\/repas-sans-viande-dans-les-cantines-de-lyon-les-quatre-actes-dune-polemique-en-roue-libre\/\">Repas sans viande dans les cantines de Lyon : les quatre actes d\u2019une pol\u00e9mique en roue libre<\/a> (Mediacit\u00e9s)&nbsp;<\/p>\n\n\n\n<p><a href=\"https:\/\/www.humanite.fr\/quand-auchan-fait-sa-pub-sur-la-faim-des-etudiants-700464#xtor=RSS-1\">Quand A\u00aduchan fait sa pub sur la faim des \u00e9tudiants<\/a> (L\u2019Humanit\u00e9)<\/p>\n\n\n\n<p><a href=\"https:\/\/www.humanite.fr\/sarah-knafo-entremetteuse-des-droites-extremes-dans-lombre-de-zemmour-700459#xtor=RSS-1\">Sarah Knafo, entremetteuse des droites extr\u00eames dans l&rsquo;ombre de Zemmour<\/a> (L\u2019Humanit\u00e9)<\/p>\n\n\n\n<p><a href=\"https:\/\/www.egora.fr\/etudiants\/passlas\/64137-suicide-d-une-etudiante-en-pass-a-paris\">Suicide d\u2019une \u00e9tudiante en Pass \u00e0 Paris<\/a> (Egora)<\/p>\n\n\n\n<figure class=\"wp-block-image is-resized is-style-default\"><img loading=\"lazy\" decoding=\"async\" src=\"https:\/\/scontent.fhex4-2.fna.fbcdn.net\/v\/t1.0-9\/153676220_1152464231842710_3745126139479185581_n.png?_nc_cat=108&amp;ccb=3&amp;_nc_sid=730e14&amp;_nc_eui2=AeEfHPxSiM5SR4CXKwiwT3dkiOiyxA4C3SeI6LLEDgLdJy_jnJ0pvAfbF7fPyxkpAyQ&amp;_nc_ohc=bs2TCdQh9aoAX8tyhe1&amp;_nc_ht=scontent.fhex4-2.fna&amp;oh=6d63a8a3d90b60637a007f7e6c442e14&amp;oe=605B9C90\" alt=\"Peut \u00eatre une capture d\u2019\u00e9cran de Twitter de 1 personne et texte qui dit \u2019Duc de Saint-Frip... \u30fb1h Urgent: contester le #confinement le week-end est un signe d'appartenance \u00e0 l'#islamogauchisme selon Fr\u00e9d\u00e9rique Vidal, qui a expliqu\u00e9 que c'\u00e9tait comme \u00e7a un point c'est tout.\u2019\" width=\"343\" height=\"234\"\/><figcaption><sub>Comme les savants \u00e9pid\u00e9miologistes de LREM\/BFMTV ont prouv\u00e9 <\/sub><br><sub>qu&rsquo;il n&rsquo;y a aucun risque durant le travail, ils pourraient aussi obliger <\/sub><br><sub>\u00e0 travailler samedi et dimanche pour \u00e9viter qu&rsquo;on soient contamin\u00e9s <\/sub><br><sub>le week-end&#8230; \u00c9trange qu&rsquo;ils n&rsquo;y aient pas encore pens\u00e9 !<\/sub><\/figcaption><\/figure>\n\n\n\n<p><strong><span class=\"has-inline-color has-vivid-red-color\">22 F\u00e9vrier <\/span><\/strong><\/p>\n\n\n\n<p><a href=\"https:\/\/lundi.am\/Et-apres-la-greve-quoi\">Et apr\u00e8s la gr\u00e8ve, quoi&nbsp;?<\/a> (Lundi Matin)<\/p>\n\n\n\n<p><a href=\"http:\/\/www.regards.fr\/economie\/mad-marx\/article\/gangrene-de-l-universite-la-chasse-au-variant-jesuito-gauchiste\">Gangr\u00e8ne de l&rsquo;Universit\u00e9 : la chasse au variant j\u00e9suito-gauchiste<\/a> -Bernard Marx (Regards)<\/p>\n\n\n\n<p><a href=\"https:\/\/intensite.net\/2009\/actu2021\/eure-et-loir-le-syndicat-snes-fsu-demande-le-maintien-des-contrats-de-vie-scolaire-323223\">Le syndicat SNES-FSU demande le maintien des contrats de vie scolaire<\/a> (Intensit\u00e9)<\/p>\n\n\n\n<p><a href=\"https:\/\/alt-rev.com\/2021\/02\/22\/ameliorer-la-mixite-sociale-a-lecole-cest-possible-encore-faut-il-le-vouloir\/\">Am\u00e9liorer la mixit\u00e9 sociale \u00e0 l\u2019\u00e9cole, c\u2019est possible (encore faut-il le vouloir)<\/a> (Alternatives \u00e9conomiques)<\/p>\n\n\n\n<p><a href=\"https:\/\/info.mediapart.fr\/optiext\/optiextension.dll?ID=TpoTmhL_VUG5Ci_eNqXGYQ71v91kI3MN4wpvzKuFMNTK3Gn9L4oafBFttvMLTGyT92izzAbOXJXl1OSGyPsb9EQi1321f\">Lettre \u00e0 Fr\u00e9d\u00e9rique Vidal<\/a> -blog Pinar Selek<\/p>\n\n\n\n<p><a href=\"https:\/\/info.mediapart.fr\/optiext\/optiextension.dll?ID=TpoTiXeTQ1shH8mAy8mNtyuk5KNfbucUlxfURxu6r5hMfkC9Lt7fVlxoOUBmFqav%2BkK8cv2Den4mW00P9OmnD14dexBT_\">Une horde sombre s&rsquo;abat sur les flambeaux&#8230;<\/a>&#8211; blog Dorine Ch\u00e9zi\u00e8re<\/p>\n\n\n\n<p><a href=\"https:\/\/info.mediapart.fr\/optiext\/optiextension.dll?ID=TpoTn6x4Kr3h1k8qA2j_jnbfPeq4sP8K_uaGFK%2BAtqpD3xo9LR6hzDdXo4BAH6nfSpNCXmVFu8ciw6f%2Bex96EBf5QjavS\">Trois raisons de la n\u00e9cessaire d\u00e9mission de Fr\u00e9d\u00e9rique Vidal<\/a> -blog Jean-Fran\u00e7ois Bayart<\/p>\n\n\n\n<p><a href=\"https:\/\/www.mediacites.fr\/enquete\/toulouse\/2021\/02\/22\/femmes-de-menage-exploitees-malgre-les-promesses-rien-na-change-a-luniversite-jean-jaures\/\">Femmes de m\u00e9nage exploit\u00e9es : malgr\u00e9 les promesses, rien n\u2019a chang\u00e9 \u00e0 l\u2019universit\u00e9 Jean-Jaur\u00e8s<\/a> (Mediacit\u00e9s)<\/p>\n\n\n\n<p><a href=\"https:\/\/www.humanite.fr\/covid-lancement-des-tests-salivaires-dans-les-ecoles-de-zone-700470#xtor=RSS-1\">Covid Lancement des tests salivaires dans les \u00e9coles de zone A<\/a> (L\u2019Humanit\u00e9)<\/p>\n\n\n\n<p><a href=\"https:\/\/www.humanite.fr\/photo-orleans-une-etudiante-saisit-le-desarroi-des-jeunes-700451#xtor=RSS-1\">Photo. A Orl\u00e9ans, une \u00e9tudiante saisit le d\u00e9sarroi des jeunes<\/a> (L\u2019Humanit\u00e9 )<\/p>\n\n\n\n<figure class=\"wp-block-image is-resized is-style-default\"><img loading=\"lazy\" decoding=\"async\" src=\"https:\/\/scontent.fhex4-2.fna.fbcdn.net\/v\/t1.0-9\/153134204_1151789278576872_6843688145199782373_n.png?_nc_cat=109&amp;ccb=3&amp;_nc_sid=730e14&amp;_nc_eui2=AeEduEe2MaxmZSpXIbYEmPVIDx__S2fM0JUPH_9LZ8zQlccA8dsSLL5WCM_jVU-DX8o&amp;_nc_ohc=XACnUlp034wAX9dD4En&amp;_nc_ht=scontent.fhex4-2.fna&amp;oh=0483c60f1289cb3ec8297cd2b34065a2&amp;oe=60572E66\" alt=\"Peut \u00eatre une image de 1 personne et texte qui dit \u2019\u00abJ'ai v\u00e9cu quand j'\u00e9tais adolescent, avec environ 1000 1000\u20acparmois[...] \u20ac par mois [...] Je sais ce que c'est de boucler une fin de mois difficile &gt;&gt; EMMANUEL MACRON EXPLICITE YAHOO,\u2019\" width=\"390\" height=\"240\"\/><\/figure>\n\n\n\n<figure class=\"wp-block-image is-resized is-style-default\"><img loading=\"lazy\" decoding=\"async\" src=\"https:\/\/scontent.fhex4-1.fna.fbcdn.net\/v\/t1.0-9\/153072784_1151813885241078_1318055388230482323_n.png?_nc_cat=104&amp;ccb=3&amp;_nc_sid=730e14&amp;_nc_eui2=AeG0OKsfbwZ3aWF1jGG3KCtjci2C8ZMPJwVyLYLxkw8nBZU7iMfKevmepBFmgVlOuxU&amp;_nc_ohc=9MzIIKHGxYsAX8e9u30&amp;_nc_ht=scontent.fhex4-1.fna&amp;oh=a3809ea55c26c2e19332429381f11b58&amp;oe=6059A974\" alt=\"Peut \u00eatre un dessin anim\u00e9 de texte\" width=\"388\" height=\"334\"\/><\/figure>\n\n\n\n<p><strong><span class=\"has-inline-color has-vivid-red-color\">21 F\u00e9vrier <\/span><\/strong><\/p>\n\n\n\n<p><a href=\"https:\/\/www.revolutionpermanente.fr\/Un-chercheur-licencie-pour-ses-liens-supposes-avec-l-extreme-gauche-la-chasse-est-ouverte\">Un chercheur licenci\u00e9 pour ses liens suppos\u00e9s avec l\u2019extr\u00eame-gauche&nbsp;: la chasse est ouverte&nbsp;!<\/a> (RP)<\/p>\n\n\n\n<p><a href=\"https:\/\/alt-rev.com\/2021\/02\/21\/ces-ex-stars-du-bde-qui-gouvernent-nos-vies-enquete-sur-la-fabrique-du-manager\/\">Ces ex-stars du BDE qui gouvernent nos vies: enqu\u00eate sur la fabrique du manager<\/a> (QG)&nbsp;<\/p>\n\n\n\n<p><a href=\"https:\/\/www.boursorama.com\/actualite-economique\/actualites\/islamo-gauchisme-jadot-demande-la-demission-de-vidal-a3ba7dbf86b7f4064a66e55afaf95a7b\">\u00ab\u00a0Islamo-gauchisme\u00a0\u00bb: Jadot demande la d\u00e9mission de Vidal<\/a> (AFP)<\/p>\n\n\n\n<figure class=\"wp-block-image is-resized is-style-default\"><img data-recalc-dims=\"1\" loading=\"lazy\" decoding=\"async\" src=\"https:\/\/i0.wp.com\/qg.media\/wp-content\/uploads\/2021\/02\/Capture-de%CC%81cran-2021-02-19-a%CC%80-18.37.27-1-1024x323.png?resize=475%2C149&#038;ssl=1\" alt=\"\" class=\"wp-image-17441\" width=\"475\" height=\"149\"\/><figcaption><sub>Soir\u00e9e d\u2019int\u00e9gration sur le th\u00e8me \u00ab&nbsp;Krach boursier&nbsp;\u00bb, 2015, \u00c9cole de commerce de Lyon<\/sub><\/figcaption><\/figure>\n\n\n\n<p><strong><span class=\"has-inline-color has-vivid-red-color\">20 F\u00e9vrier<\/span><\/strong><\/p>\n\n\n\n<p><a href=\"https:\/\/www.boursorama.com\/actualite-economique\/actualites\/islamo-gauchisme-plus-de-600-universitaires-demandent-la-demission-de-frederique-vidal-8d2f3cdbb96e9e18e985109b3573d88d\">\u00ab\u00a0Islamo-gauchisme\u00a0\u00bb: Plus de 600 universitaires demandent la d\u00e9mission de Fr\u00e9d\u00e9rique Vidal<\/a> (AFP)<\/p>\n\n\n\n<figure class=\"wp-block-image is-resized is-style-default\"><img loading=\"lazy\" decoding=\"async\" src=\"https:\/\/scontent-mrs2-2.xx.fbcdn.net\/v\/t1.0-9\/152200165_10219514018748705_1924401513340928619_n.jpg?_nc_cat=102&amp;ccb=3&amp;_nc_sid=dbeb18&amp;_nc_ohc=QYtESg3vaSgAX9IpdJZ&amp;_nc_ht=scontent-mrs2-2.xx&amp;oh=d6a763b5e3eaa1dd04b4f4cf6e322a50&amp;oe=60562363\" alt=\"Peut \u00eatre un dessin anim\u00e9 de une personne ou plus et texte\" width=\"420\" height=\"420\"\/><\/figure>\n\n\n\n<p><a href=\"https:\/\/blogs.mediapart.fr\/jean-marc-b\/blog\/200221\/nanterre-la-milice-mac40-charge-la-marche-en-hommage-guillaume\">Nanterre: la milice MAC40 charge la marche blanche en hommage \u00e0 Guillaume <\/a>(Unef Tacle)<\/p>\n\n\n\n<p><a href=\"https:\/\/www.revolutionpermanente.fr\/Nanterre-La-police-reprime-l-hommage-a-Guillaume-etudiant-qui-a-mis-fin-a-ses-jours\">Nanterre. La police r\u00e9prime l\u2019hommage \u00e0 Guillaume, \u00e9tudiant qui a mis fin \u00e0 ses jours<\/a> (RP)<\/p>\n\n\n\n<p><a href=\"https:\/\/www.questionsdeclasses.org\/?Jeunes-majeurs-etrangers-sortir-de-l-impasse\">Jeunes majeurs \u00e9trangers, sortir de l\u2019impasse<\/a> (Collectif Q2C)<\/p>\n\n\n\n<p><a href=\"https:\/\/www.questionsdeclasses.org\/?Non-a-la-repression-anti-pedagogique-et-anti-syndicale-dont-est-vitime-Helene\">Non \u00e0 la r\u00e9pression anti-p\u00e9dagogique et anti-syndicale<\/a> (Collectif Q2C)<\/p>\n\n\n\n<p><a href=\"https:\/\/www.questionsdeclasses.org\/?Le-recteur-de-Guyane-refuse-l-acces-de-RESF-aux-EPLE-du-departement\">Le recteur de Guyane refuse l\u2019acc\u00e8s de RESF aux EPLE&nbsp;<\/a>-Jean-Pierre Fournie<a href=\"https:\/\/www.questionsdeclasses.org\/?_Jean-Pierre-Fournier_\">r<\/a><\/p>\n\n\n\n<p><a href=\"https:\/\/www.revolutionpermanente.fr\/Aide-alimentaire-des-associations-debordees-contraintes-de-refuser-des-etudiants-a-Paris\">Aide alimentaire&nbsp;: des associations d\u00e9bord\u00e9es contraintes de refuser des \u00e9tudiants \u00e0 Paris<\/a> (RP)<\/p>\n\n\n\n<p><a href=\"https:\/\/www.wesign.it\/fr\/justice\/nous-universitaires-et-chercheurs-demandons-avec-force-la-demission-de-frederique-vidal\">Nous, universitaires et chercheurs, demandons avec force la d\u00e9mission de Fr\u00e9d\u00e9rique Vidal<\/a> (WesignIt)<\/p>\n\n\n\n<figure class=\"wp-block-image is-resized is-style-default\"><img loading=\"lazy\" decoding=\"async\" src=\"https:\/\/scontent.fhex4-2.fna.fbcdn.net\/v\/t1.0-9\/s720x720\/152333522_2533570500270245_1266429364710326020_o.jpg?_nc_cat=110&amp;ccb=3&amp;_nc_sid=8bfeb9&amp;_nc_eui2=AeFlK3POlTPdeNhDUNQwvAccbZFij6N7RJ1tkWKPo3tEnbxWGk8dqQf9ilds6LTPQfA&amp;_nc_ohc=Z6xndgzJNdgAX8FfvRR&amp;_nc_ht=scontent.fhex4-2.fna&amp;tp=7&amp;oh=252fe2dfef8e61b01ebec1795ca24f4d&amp;oe=60578950\" alt=\"Peut \u00eatre une image de texte\" width=\"400\" height=\"566\"\/><\/figure>\n\n\n\n<p><strong><span class=\"has-inline-color has-vivid-red-color\">19 F\u00e9vrier <\/span><\/strong><\/p>\n\n\n\n<p><a href=\"https:\/\/solidaires.org\/Vidal-porte-atteinte-a-la-liberte-de-recherche-des-universitaires-un-tel\">Vidal porte atteinte \u00e0 la libert\u00e9 de recherche des universitaires :&nbsp; Vidal doit partir !<\/a> (Solidaires)<\/p>\n\n\n\n<figure class=\"wp-block-image is-resized is-style-default\"><img loading=\"lazy\" decoding=\"async\" src=\"https:\/\/scontent.fhex4-2.fna.fbcdn.net\/v\/t1.0-9\/152006772_1150133635409103_1960767621489374721_n.png?_nc_cat=111&amp;ccb=3&amp;_nc_sid=730e14&amp;_nc_eui2=AeG8drbRjz97QqoniGmAF2az0WkoI68NloTRaSgjrw2WhMVLNe7vMFXScfOsQIYUccY&amp;_nc_ohc=EJTuVtisVSoAX-DJIG2&amp;_nc_ht=scontent.fhex4-2.fna&amp;oh=bacc1be0163678015ef6c8923574f356&amp;oe=60558936\" alt=\"Peut \u00eatre une image de texte\" width=\"351\" height=\"336\"\/><figcaption><sub>Vidal aurait trouv\u00e9 selon Darmanin le passeport de la Sorbonne&#8230;<\/sub><\/figcaption><\/figure>\n\n\n\n<p><a href=\"https:\/\/blogs.mediapart.fr\/jean-marc-b\/blog\/200221\/vidal-dans-la-fange-neo-fasciste\">Vidal dans la fange n\u00e9o-fasciste <\/a>-RdP Lulu<\/p>\n\n\n\n<figure class=\"wp-block-image is-resized is-style-default\"><img loading=\"lazy\" decoding=\"async\" src=\"https:\/\/scontent.fhex4-1.fna.fbcdn.net\/v\/t1.0-9\/152127119_10219518324616349_2285535251800290351_n.jpg?_nc_cat=100&amp;ccb=3&amp;_nc_sid=dbeb18&amp;_nc_eui2=AeEy-OMLF8l9nvgAEVMimlYJt6M3UZ_GSNy3ozdRn8ZI3FxcdJAC8E6e37P9h4tPdu8&amp;_nc_ohc=kj7w4_LvALYAX-Xcafq&amp;_nc_ht=scontent.fhex4-1.fna&amp;oh=4e506a35971a7bf784d545e0f6c6648b&amp;oe=60556F1A\" alt=\"Peut \u00eatre un dessin anim\u00e9 de une personne ou plus\" width=\"447\" height=\"285\"\/><\/figure>\n\n\n\n<p><a href=\"https:\/\/rue89bordeaux.com\/2021\/02\/le-prof-de-maths-rappe-le-ras-le-bol-de-la-crise-au-college-de-blanquefort\/\">Le prof de maths rappe le ras-le-bol de la crise au coll\u00e8ge de Blanquefort<\/a> (Rue89 Bordeaux)<\/p>\n\n\n\n<p><a href=\"https:\/\/info.mediapart.fr\/optiext\/optiextension.dll?ID=2uv2u7xPY9cKUzElRlGtu9ji6B%2BPop9apNOYf9e9kGWfVdDM_EXCiFW3tX986pgXAacZieAIQhYvVGlEDgcnLcK75IroL\">Et apr\u00e8s la gr\u00e8ve, quoi?<\/a> &#8211;<a href=\"https:\/\/info.mediapart.fr\/optiext\/optiextension.dll?ID=2uv2xcobMXNsaAWFLNooDY7R5xbalPIBk3NzVkBZZOtdijZg_ZtmpmgJ3KjdjUoHjigs2oEUGkGubcV6mp4WUboSuo6EC\">Collectif Parr\u00easia<\/a><\/p>\n\n\n\n<p><a href=\"https:\/\/www.revolutionpermanente.fr\/La-rentree-se-profile-sans-depistages-massifs-ni-moyens-supplementaires\">La rentr\u00e9e se profile, sans d\u00e9pistages massifs ni moyens suppl\u00e9mentaires<\/a> (RP)<\/p>\n\n\n\n<p><a href=\"https:\/\/www.humanite.fr\/rsa-cette-aide-aux-jeunes-que-le-gouvernement-refuse-700379#xtor=RSS-1\">RSA. Cette aide aux jeunes que le gouvernement refuse<\/a> (L\u2019Humanit\u00e9)<\/p>\n\n\n\n<p><a href=\"https:\/\/www.revolutionpermanente.fr\/A-Paris-1-une-Assemblee-generale-etudiante-pour-rompre-avec-l-isolement-et-relever-la-tete\">\u00c0 Paris 1, une Assembl\u00e9e g\u00e9n\u00e9rale \u00e9tudiante pour rompre avec l\u2019isolement et relever la t\u00eate<\/a> (RP)<\/p>\n\n\n\n<p><a href=\"http:\/\/www.apple.fr\">Bilan positif pour la mixit\u00e9 sociale<\/a> (Caf\u00e9 P\u00e9dagogique)<\/p>\n\n\n\n<p><a href=\"http:\/\/link.listes.cafepedagogique.net\/m\/surl\/200138\/507543\/L1mCsWSw2lbid7MSADRYJ3FKF-B12viezBEiZxMr5xU=\/link_4\/YbgsucQRJDDrGPT+6ao-eyWUrMAzZMhvQH-rA72MHuy+Mn+HUikCZZF-f5V-bStyd066vwce3hOKZuG7NOZ47bpQzBVyXQURGy3XF75j7pNVVGq5EdlSTjELKEhKF2UxnZ+5t4M69TNcKBtf0PtJrVcnJV3cT5pHEFoNR-1J--eYk9JoE2gUcLh3ZF+as0MRurCazAHgG-lr1WYMA05deq+4WbASYEM1-nRnOAh+luZkJKQBl35OoxTG86upMZUAm1F7UBaQgmlmAi7dJh0BIlsqGWy0Hl8A5wNMoKWCJSnHc7mAdJel5uvWR7CFs0PB\">\u00ab&nbsp;Education et diversit\u00e9&nbsp;\u00bb<\/a> -recension Fran\u00e7oise Lorcerie<\/p>\n\n\n\n<p><a href=\"http:\/\/link.listes.cafepedagogique.net\/m\/surl\/200138\/507543\/L1mCsWSw2lbid7MSADRYJ3FKF-B12viezBEiZxMr5xU=\/link_12\/Tyh--kZMosQRkZqmQFbk0PdPQImvR180+rDH1b8XVK6S4bp7MHGt1TxfzrhqTHpgWNn-2TyI-Rg4mSFWbLiJO2oCX7bKTCvBN3gODKW4DI1W-ZWDt5gn56obayyNKQJcwx2HEdD46XtuuVi5avr8EqcA9u0BNSkZJw2guDVcIe2rC1jS-k3eFUc3bAcqIv+waiyptX911ZJqjtdIpNN0Ocwa3kPQUaZ4i46qEzXwp8WUFgK05HNClZelWfL7lUcmibpYBE59JGfWcVywP9bjXAYrzznCJNoRwq3lhUH2SA2hFuWXwz9FGGCo38meuD7C\">Rentr\u00e9e \u00e0 risque pour la zone A<\/a> (Caf\u00e9 P\u00e9dagogique)<\/p>\n\n\n\n<p><a href=\"http:\/\/link.listes.cafepedagogique.net\/m\/surl\/200138\/507543\/L1mCsWSw2lbid7MSADRYJ3FKF-B12viezBEiZxMr5xU=\/link_5\/PppahIoOCpOTPfpmaF68-sbHsEBmcXwJQGvRJHwXfbzYcomwKKsyTU8f6JZaXcyGgdbsBAzWi3Dqwoa6AhJAU1VE0kh02GQx8hVP+xg1mk6JGDO49fO8tQNQ4xtTmZsoe0cu0d29aZC7OJf5oJmyd3dVBt5OBSINMgFGTOmFHBh+Qee5NmgVfz3q1lKqqVBkZo9mNLHLzrI3qY+bHkuRtimhSrG5kIqqQ5auz2suOnzuvx1bNAM80BGng2sGfLZ5YePAt9mgKeLram-d1bv9AJzrezCoCQw93t7mlBnxusc6nC4mi5FhRCMPzj89LkVB\">Pour les personnels de direction, trop, c\u2019est trop<\/a> -Igor Garncarzyk<\/p>\n\n\n\n<p><a href=\"http:\/\/link.listes.cafepedagogique.net\/m\/surl\/200138\/507543\/L1mCsWSw2lbid7MSADRYJ3FKF-B12viezBEiZxMr5xU=\/link_7\/G3035-LY7PLP2fg+71I-pK+e9qc0eQyzJ56a3ceqeAqAeqy02yuzeOurPH4hMRqqvU0OtmBU-DkBgYGfIFWjxKjAWGrripnwjg0UjHd-D+BesSWJZJsbqg1biYySfwgNE0EWSr+CA+J1mBkRlp-E+O60n7nuugeXgCrWQ6YO-kE9uUtGITRHTHPpz93grvnaYft3mA7ep+6yZ1IOaImIqBZv5sl6w2KcRKOhov6QRC3s80x0kir17qgr11+RjdtzLeJh-DmZ63LfOQ722WCtrZfFd-qScdJkc51HxTpQJDJM2ggo8lAgwTR9ikpOliac\">400 millions \u00e0 nouveau \u00e9conomis\u00e9s par l&rsquo;Education nationale<\/a> (Caf\u00e9 P\u00e9dagogique)<\/p>\n\n\n\n<p><a href=\"http:\/\/link.listes.cafepedagogique.net\/m\/surl\/200138\/507543\/L1mCsWSw2lbid7MSADRYJ3FKF-B12viezBEiZxMr5xU=\/link_15\/KMKNdaF3MJc5Pi0GTnXEcHGhSn9NiSoeJMMpMDCcCErGOBLkpad53ACUlRkTSNE9qzBPWo-sses49DOv+R0QOgc5RvGtzylowVuQv18SiPXLuYTdWakxR83o13xhCO7a3kkNAxs-GWxL6gFEIRiXAvA0+vFPRcjFzX8MKHS6GnhaEwxjLHOU+a0MgpDbW3IlqpXvSn9yvSxwq7ibbfWB3WdXR171JmNcpVkBKN9YhhNmWLFGGrFYBmRPJ2iGsWZ6JfOLfM44EJaL+L9kqdx9RrMQ3ja5ETX+1ZDx9sqSmZEJb0xYQnjYcPy4RxytJDbo\">L&rsquo;EPS dans les beaux quartiers<\/a> (Caf\u00e9 P\u00e9dagogique)<\/p>\n\n\n\n<figure class=\"wp-block-image is-resized is-style-default\"><img loading=\"lazy\" decoding=\"async\" src=\"https:\/\/scontent.fhex4-1.fna.fbcdn.net\/v\/t1.0-9\/151697815_2532068527087109_1270010075853874737_n.jpg?_nc_cat=100&amp;ccb=3&amp;_nc_sid=8bfeb9&amp;_nc_eui2=AeGcnjXYs1kc-SRC6uQxTxoI5D56b5u5WazkPnpvm7lZrKtwLSufuhUNb_H0R867150&amp;_nc_ohc=J3Wf-_fnITkAX9qc2Wz&amp;_nc_ht=scontent.fhex4-1.fna&amp;oh=9374305583f552a96292b44c87755451&amp;oe=605483C1\" alt=\"Peut \u00eatre une image de texte\" width=\"349\" height=\"465\"\/><\/figure>\n\n\n\n<p><strong><span class=\"has-inline-color has-vivid-red-color\">18 F\u00e9vrier<\/span><\/strong><\/p>\n\n\n\n<p><a href=\"https:\/\/info.mediapart.fr\/optiext\/optiextension.dll?ID=C_%2BC51C2aoGCPjGs2IFZiV0rmgElIkS1hhkgjHqMgNY1zXGSuFJ3ur4%2BLLlnD6THU32ffz9Zwmoe6KA7M5en8GxsL2zup\">Sciences-Po: une r\u00e9forme du concours risque d\u2019exclure des lyc\u00e9ens modestes<\/a> (MDP)<\/p>\n\n\n\n<p><a href=\"https:\/\/www.rtl.fr\/actu\/politique\/frederique-vidal-ministre-lachee-et-attaquee-par-tout-le-monde-7900002153?fbclid=IwAR2kDtLE_KIAvjJP4BA2eNmtUNr7CTAgOz2912DJcwFVNXdlOlf1WhdOIms\">&nbsp;Fr\u00e9d\u00e9rique Vidal, ministre l\u00e2ch\u00e9e et attaqu\u00e9e par tout le monde <\/a>(RTL)<\/p>\n\n\n\n<p><a href=\"https:\/\/www.boursorama.com\/actualite-economique\/actualites\/le-debat-sur-le-minimum-jeunesse-tourne-court-a-l-assemblee-26553c9f463fd4069b50f6ada7ef0bcd\">Le d\u00e9bat sur le \u00ab\u00a0minimum jeunesse\u00a0\u00bb tourne court \u00e0 l&rsquo;Assembl\u00e9e<\/a>&nbsp; (AFP)<\/p>\n\n\n\n<figure class=\"wp-block-image is-resized is-style-default\"><img loading=\"lazy\" decoding=\"async\" src=\"https:\/\/scontent.fhex4-1.fna.fbcdn.net\/v\/t1.0-9\/s720x720\/151778159_1149445452144588_500380104615155805_n.png?_nc_cat=104&amp;ccb=3&amp;_nc_sid=730e14&amp;_nc_eui2=AeFn6kGwzWjqEyzBgSWGMI1jr9LGyTAiGtqv0sbJMCIa2infI6HmAxFhDU_Q40lnkek&amp;_nc_ohc=b5jcByU2WQYAX-yO1cK&amp;_nc_ht=scontent.fhex4-1.fna&amp;_nc_tp=30&amp;oh=d7a4d40bc876e791927a6f2093509eca&amp;oe=6054A04F\" alt=\"Peut \u00eatre une image de texte qui dit \u2019Une belle prise de position de la part du @CNRS. L'<< islamogauchisme\u00bb &gt;&gt; n'est pas une r\u00e9alit\u00e9 scientifique Communiqu\u00e9 de presse le 17 f\u00e9vrier 2021 fekehrgere.comunguedeseP9.2Kk) L'islamogauchisme slogan politique utilis\u00e9 dans le d\u00e9bat public, ne correspond \u00e0 aucune r\u00e9alit\u00e9 scientifique. Ce terme aux contours mal d\u00e9finis, fait l'objet de nombreuses prises de positions publiques, tribunes ou p\u00e9titions, souvent passionn\u00e9es. Le CNRS condamne avec fermet\u00e9 celles et ceux qui tentent d'en profiter pour remettre en cause la libert\u00e9 acad\u00e9mique, indispensable \u00e0 la d\u00e9marche scientifique et \u00e0\u2019\" width=\"420\" height=\"307\"\/><\/figure>\n\n\n\n<p><strong><span class=\"has-inline-color has-vivid-red-color\">17 F\u00e9vrier en continu<\/span><\/strong><\/p>\n\n\n\n<p><a href=\"https:\/\/www.huffingtonpost.fr\/entry\/islamo-gauchisme-les-propos-de-vidal-suscitent-lincomprehension-meme-chez-lrem_fr_602c0f97c5b62767c0aa77d4\">Les propos insens\u00e9s de Vidal choquent m\u00eame des d\u00e9put\u00e9s de la majorit\u00e9<\/a> (Huff Post)<\/p>\n\n\n\n<p><a href=\"https:\/\/info.mediapart.fr\/optiext\/optiextension.dll?ID=5BA5yzBPRRE6PbQ05wmwGFz1YFbU1QSsgj7yfbwLOTTq2uejWqskkDLAEOirMScI8KyAD%2BNGbbS40Hls8vK0qU%2B5KBzrM\">Etudiants et \u00e9trangers, face au Covid, la double peine<\/a> (MDP)<\/p>\n\n\n\n<p><a href=\"https:\/\/alt-rev.com\/2021\/02\/16\/frederique-vidal-annonce-vouloir-demander-une-enquete-au-cnrs-sur-lislamogauchisme-a-luniversite\/\">Fr\u00e9d\u00e9rique Vidal annonce vouloir demander une enqu\u00eate au CNRS sur l\u2019islamogauchisme \u00e0 l\u2019universit\u00e9<\/a> (The sound of science)<\/p>\n\n\n\n<p><a href=\"https:\/\/www.revolutionpermanente.fr\/Garantie-Jeunes-le-gouvernement-condamne-la-jeunesse-a-des-emplois-precaires\">\u201cGarantie Jeunes\u201d&nbsp;: le gouvernement condamne la jeunesse \u00e0 des emplois pr\u00e9caires<\/a> (RP)<\/p>\n\n\n\n<p><a href=\"https:\/\/lanticapitaliste.org\/actualite\/jeunesse\/au-travail-ou-luniversite-des-jeunes-en-galere-et-en-colere\">Au travail ou \u00e0 l\u2019universit\u00e9 : des jeunes en gal\u00e8re et en col\u00e8re<\/a> (L\u2019Anticapitaliste)<\/p>\n\n\n\n<figure class=\"wp-block-image is-resized is-style-default\"><img data-recalc-dims=\"1\" loading=\"lazy\" decoding=\"async\" src=\"https:\/\/i0.wp.com\/static.mediapart.fr\/etmagine\/default\/files\/2021\/02\/17\/21-2-17-vidal-plus-bas-1.jpg?resize=325%2C409&#038;ssl=1\" alt=\"21-2-17-vidal-plus-bas-1\" width=\"325\" height=\"409\"\/><\/figure>\n\n\n\n<p><strong><span class=\"has-inline-color has-vivid-red-color\">16 F\u00e9vrier en continu<\/span><\/strong><\/p>\n\n\n\n<p><a href=\"https:\/\/info.mediapart.fr\/optiext\/optiextension.dll?ID=XtsXuuWdciJSE6KgBVwVw3EStkUpe2r0Tvl6rj61NeXDnThH4Q4X9k71nxRKFH5T_lXryVe0hvI8pw_cprMhoZY_e7jbB\">Coll\u00e8ges et lyc\u00e9es: Blanquer pas vaccin\u00e9 contre les suppressions de postes<\/a> (MDP)<\/p>\n\n\n\n<p><a href=\"https:\/\/info.mediapart.fr\/optiext\/optiextension.dll?ID=XtsXr4QyXuXlZFO1vdSJR2p5RmiGwzx1ckSm7fg1t0YMzXpH48PnVh6jl19Lb8EvA%2BNEyG7Ed4b6r9KgUH3Ujlm8m9Xbc\">Fr\u00e9d\u00e9rique Vidal tombe dans la fange de l\u2019extr\u00eame droite<\/a> &#8211; Blog <a href=\"https:\/\/info.mediapart.fr\/optiext\/optiextension.dll?ID=XtsXx10yOItcuKUsPjmqm2X0Udvp7hZzP5VVtf6CM25wjRlb4hSar7S_Gkp9QyxWiMQkieA%2BTNbD44PksJTWOW9BSSuPV\">Pascal Maillard<\/a><\/p>\n\n\n\n<p><a href=\"https:\/\/info.mediapart.fr\/optiext\/optiextension.dll?ID=XtsXsKC6nYbsBWwTqzWwXjdfSQ0Odk8Pt_bUcU%2BUoN5TaJGb5Sl15gJuex2NQ8TY0_xVbIrlSCKHF7jCjzvAbxkFc5Srw\">Universit\u00e9: une entreprise adepte de l\u2019optimisation fiscale d\u00e9croche le march\u00e9 des tests d\u2019anglais<\/a> (MDP)<\/p>\n\n\n\n<p><a href=\"https:\/\/blogs.mediapart.fr\/jean-marc-b\/blog\/160221\/proces-des-4-de-nanterre-rendez-vous-le-15-mars-lors-du-delibere-du-proces\">Proc\u00e8s des 4 de Nanterre : rendez-vous le 15 mars lors du d\u00e9lib\u00e9r\u00e9 du proc\u00e8s ! <\/a>(Unef Tacle)<\/p>\n\n\n\n<figure class=\"wp-block-image is-resized is-style-default\"><img loading=\"lazy\" decoding=\"async\" src=\"https:\/\/scontent.fhex4-1.fna.fbcdn.net\/v\/t1.0-9\/150871473_2531312940496001_1191998992530441575_n.jpg?_nc_cat=104&amp;ccb=3&amp;_nc_sid=8bfeb9&amp;_nc_ohc=AfjUsOBgDs0AX-rSvPf&amp;_nc_ht=scontent.fhex4-1.fna&amp;oh=bb8b504ea7276577f92ad5ffea8b3df4&amp;oe=6050C252\" alt=\"Peut \u00eatre une image de 4 personnes, personnes debout, plein air et texte qui dit \u2019un\u2019\" width=\"406\" height=\"270\"\/><\/figure>\n\n\n\n<p><a href=\"https:\/\/alt-rev.com\/2021\/02\/16\/covid-19-a-lecole-le-protocole-sanitaire-allege-est-completement-hallucinant-denoncent-les-syndicats-denseignants-et-de-parents-deleves\/\">Protocole sanitaire all\u00e9g\u00e9 \u201ccompl\u00e8tement hallucinant\u201d d\u00e9noncent syndicats enseignants et parents d\u2019\u00e9l\u00e8ves<\/a> (France info)<\/p>\n\n\n\n<p><a href=\"https:\/\/www.revolutionpermanente.fr\/Education-Le-gouvernement-allege-le-protocole-sanitaire-alors-que-les-classes-ferment-de-plus-en\">Education. Le gouvernement all\u00e8ge le protocole sanitaire alors que les classes ferment de plus en plus&nbsp;!<\/a> (RP)<\/p>\n\n\n\n<p><a href=\"https:\/\/l.facebook.com\/l.php?u=https:\/\/www.nouvelobs.com\/societe\/20210215.OBS40246\/les-jeunes-grands-perdants-de-la-reforme-des-apl.html?cm_mmc=Acqui_MNR-_-NO-_-WelcomeMedia-_-edito&amp;from=wm&amp;fbclid=IwAR3fy2JOJAOhmn7cBWmKMvfihDJfxW4fugheHb0-A4OKHiQsW4gGPufMA9c#xtor=EREC-10-%5BWM%5D-20210215&amp;h=AT268B0DPEXKXrL5NPD2tGCVh4i_lAjb3sXvrojTLP5e8o7G6VeS7MFQd_jz2-zUr9ESwbSoOuuQ4I_GbIRDVdZlOvx7ox4d4jbi7YjVjol1a0oIePgD5JuMAHuOawokWzKBco0&amp;__tn__=,mH-R&amp;c%5B0%5D=AT3Y-7Ro-HhTqhSXgX2r-x42G2yAlXRgeEM0AszhlSX46bVksiWk67eM0Y3JjHQvjTTF1-vGWWwtplXy7LK2EBZj-MIUNe54VpVCcMI9WvN9WZnbwE4iX3dGPGm66U3Gm016_L_lT_VlFoy1nncSWjCcLy3_4YYm7ZSooQ9gfRxL3Eg\">&nbsp;Les jeunes, grands perdants de la r\u00e9forme des APL <\/a>(Nouvel Obs)<\/p>\n\n\n\n<p><a href=\"https:\/\/www.bastamag.net\/Pendant-la-crise-sanitaire-la-lutte-continue-pour-les-vacataires-ces-ultra-precaires-de-l-universite-LPR\">Pendant la crise sanitaire, la lutte continue pour les vacataires, ces ultra-pr\u00e9caires de l&rsquo;universit\u00e9<\/a> (Basta&nbsp;!)<\/p>\n\n\n\n<p><a href=\"https:\/\/www.lacledesondes.fr\/article\/dette-etudiante--une-bombe-a-retardement\">Dette \u00e9tudiante : une bombe \u00e0 retardement<\/a> (La Cl\u00e9 des Ondes)<\/p>\n\n\n\n<p><a href=\"https:\/\/theconversation.com\/a-lecole-comment-mettre-levaluation-au-service-des-apprentissages-154513\">\u00c0 l\u2019\u00e9cole, comment mettre l\u2019\u00e9valuation au service des apprentissages ?<\/a> (The Conversation)<\/p>\n\n\n\n<p><a href=\"https:\/\/www.boursorama.com\/boursoramag\/actualites\/ecole-a-la-maison-comment-ca-marche-9ec01ec1856a163fdf51cc87d7741263\">Ecole \u00e0 la maison: comment \u00e7a marche?<\/a> (Le Particulier)<\/p>\n\n\n\n<p><a href=\"https:\/\/www.revolutionpermanente.fr\/Militer-n-est-pas-un-crime-soutenons-Leo-enseignant-et-syndicaliste-attaque-en-justice-par-le-RN\">\u00ab\u00a0Militer n\u2019est pas un crime&nbsp;!\u00a0\u00bb&nbsp;: soutenons L\u00e9o, enseignant et syndicaliste attaqu\u00e9 en justice par le RN<\/a> (RP)<\/p>\n\n\n\n<figure class=\"wp-block-image size-large is-resized is-style-default\"><img data-recalc-dims=\"1\" loading=\"lazy\" decoding=\"async\" src=\"https:\/\/i0.wp.com\/www.rdpemancipation.org\/wp-content\/uploads\/2021\/02\/151086218_1148179692271164_1640009247154923339_o.jpg?resize=357%2C504&#038;ssl=1\" alt=\"\" class=\"wp-image-16202\" width=\"357\" height=\"504\" srcset=\"https:\/\/i0.wp.com\/www.rdpemancipation.org\/wp-content\/uploads\/2021\/02\/151086218_1148179692271164_1640009247154923339_o.jpg?resize=724%2C1024&amp;ssl=1 724w, https:\/\/i0.wp.com\/www.rdpemancipation.org\/wp-content\/uploads\/2021\/02\/151086218_1148179692271164_1640009247154923339_o.jpg?resize=212%2C300&amp;ssl=1 212w, https:\/\/i0.wp.com\/www.rdpemancipation.org\/wp-content\/uploads\/2021\/02\/151086218_1148179692271164_1640009247154923339_o.jpg?resize=768%2C1087&amp;ssl=1 768w, https:\/\/i0.wp.com\/www.rdpemancipation.org\/wp-content\/uploads\/2021\/02\/151086218_1148179692271164_1640009247154923339_o.jpg?resize=1085%2C1536&amp;ssl=1 1085w, https:\/\/i0.wp.com\/www.rdpemancipation.org\/wp-content\/uploads\/2021\/02\/151086218_1148179692271164_1640009247154923339_o.jpg?w=1447&amp;ssl=1 1447w\" sizes=\"auto, (max-width: 357px) 100vw, 357px\" \/><\/figure>\n\n\n\n<p><strong><span class=\"has-inline-color has-vivid-red-color\">15 F\u00e9vrier <\/span><\/strong><\/p>\n\n\n\n<p><a href=\"https:\/\/www.facebook.com\/UNEFTACLE\/videos\/178076953764211\">Direct rassemblement relaxe pour les 4 de Nanterre<\/a> -vid\u00e9o<\/p>\n\n\n\n<p><a href=\"https:\/\/lundi.am\/L-enseignement-numerique-ou-le-supplice-des-Danaides\">L\u2019enseignement num\u00e9rique ou le supplice des Dana\u00efdes<\/a> (Lundi matin)<\/p>\n\n\n\n<p><a href=\"https:\/\/info.mediapart.fr\/optiext\/optiextension.dll?ID=y67y%2BxmgCWb2LCPcd1h4mkemY0rzF_FXZbyej8wFxvlhdA%2BOrefZ9%2BCefybUCq98hujouD8EnP6fKIOLkGx1Gbbi6xlin\">Universit\u00e9: une entreprise adepte de l\u2019optimisation fiscale d\u00e9croche le march\u00e9 des tests d\u2019anglais<\/a> (MDP)<\/p>\n\n\n\n<p>\u200a<a href=\"https:\/\/info.mediapart.fr\/optiext\/optiextension.dll?ID=y67y9k6d0qPIWfsQON7XVdQQEJXuTRZ1J6KV1GBLQMHT280OqDmTc1FHGVYo0OuWwXBb00tqgmiNEgIMfFRDO8PMhSmao\">Propos d&rsquo;un \u00e9tudiant en master de droit durant la crise sanitaire<\/a>&#8211; blog Arno B.<\/p>\n\n\n\n<p><a href=\"https:\/\/www.youtube.com\/watch?v=enkLyrv-I8w\">\u00ab\u00a0Ce qui me rend vraiment fou, c\u2019est ce qu\u2019on fait aux \u00e9tudiants de premi\u00e8re ann\u00e9e.\u00a0\u00bb<\/a> -Emmanuel Todd&nbsp;<\/p>\n\n\n\n<p><a href=\"https:\/\/solidaires.org\/Pour-la-reintegration-de-Mathieu-Petition-a-F-Vidal-ministre-de-l-ESRI\">Pour la r\u00e9int\u00e9gration de \u00ab\u00a0Mathieu\u00a0\u00bb, P\u00e9tition \u00e0 F. Vidal, ministre de l&rsquo; ESRI<\/a> (Solidaires)&nbsp;<\/p>\n\n\n\n<p><a href=\"http:\/\/feedproxy.google.com\/~r\/Rue89Strasbourg\/~3\/QSRJtiQc0b0\/manifestation-precarite-etudiante-18-fevrier-strasbourg-200335\">Nouvelle manifestation contre la pr\u00e9carit\u00e9 \u00e9tudiante et pour la r\u00e9ouverture des universit\u00e9s jeudi<\/a> (Rue89 Strasbourg)<\/p>\n\n\n\n<p><strong><span class=\"has-inline-color has-vivid-red-color\">14 F\u00e9vrier<\/span><\/strong><\/p>\n\n\n\n<p><a href=\"https:\/\/www.acrimed.org\/La-greve-dans-l-education-nationale-au-ban-des-JT\">La gr\u00e8ve dans l\u2019\u00e9ducation nationale au ban des JT<\/a> (<a href=\"https:\/\/www.acrimed.org\/La-greve-dans-l-education-nationale-au-ban-des-JT\">Acrimed<\/a>)<\/p>\n\n\n\n<p><a href=\"https:\/\/anticapitalisme-et-revolution.blogspot.com\/2021\/02\/jeunesse-precarisee-et-reprimee-y-en.html\">Jeunesse pr\u00e9caris\u00e9e et r\u00e9prim\u00e9e, y en a marre !<\/a> (AR)<\/p>\n\n\n\n<p><a href=\"https:\/\/alt-rev.com\/2021\/02\/14\/repression-contre-les-lyceens-au-blanc-mesnil\/\">R\u00e9pression contre les lyc\u00e9ens au Blanc Mesnil<\/a> (Paris luttes)<\/p>\n\n\n\n<p><a href=\"https:\/\/rapportsdeforce.fr\/breves\/variant-britannique-dans-les-ecoles-une-decision-irresponsable-02149345\">Variant britannique dans les \u00e9coles : une d\u00e9cision irresponsable<\/a> (Rapports de Force)<\/p>\n\n\n\n<p><a href=\"https:\/\/blogs.mediapart.fr\/jean-marc-b\/blog\/140221\/mobilisation-massive-demain-pour-la-relaxe-des-4-syndicalistes-de-nanterre\">Mobilisation massive demain pour la relaxe des 4 syndicalistes de Nanterre <\/a>(Unef Tacle)<\/p>\n\n\n\n<figure class=\"wp-block-image is-resized is-style-default\"><img data-recalc-dims=\"1\" loading=\"lazy\" decoding=\"async\" src=\"https:\/\/i0.wp.com\/www.rdpemancipation.org\/wp-content\/uploads\/2021\/02\/Capture-decran-2021-02-07-a-18.22.23.png?resize=436%2C241&#038;ssl=1\" alt=\"L\u2019attribut alt de cette image est vide, son nom de fichier est Capture-decran-2021-02-07-a-18.22.23.png.\" width=\"436\" height=\"241\"\/><\/figure>\n\n\n\n<p><a href=\"https:\/\/www.humanite.fr\/universites-les-quatre-de-nanterre-devant-la-justice-700103\">Universit\u00e9s. Un rassemblement en soutien aux \u00ab quatre de Nanterre \u00bb<\/a> (L\u2019Humanit\u00e9)<\/p>\n\n\n\n<p><a href=\"https:\/\/lanticapitaliste.org\/actualite\/jeunesse\/relaxe-pour-selim-barth-victor-et-ayoub\">Relaxe pour Selim, Barth, Victor et Ayoub !<\/a> (L\u2019Anticapitaliste)<\/p>\n\n\n\n<p><a href=\"https:\/\/alt-rev.com\/2021\/02\/13\/a-propos-de-lhistoire-du-syndicalisme-etudiant-sauver-la-memoire-de-lunef\/\">\u00c0 propos de l\u2019histoire du syndicalisme \u00e9tudiant. Sauver la m\u00e9moire de l\u2019Unef<\/a> (L\u2019Humanit\u00e9)<\/p>\n\n\n\n<p><strong><span class=\"has-inline-color has-vivid-red-color\">13 F\u00e9vrier <\/span><\/strong><\/p>\n\n\n\n<p><a href=\"https:\/\/www.revolutionpermanente.fr\/Du-pain-et-deux-tranches-d-emmental-l-arnaque-des-repas-a-1EUR-promis-aux-etudiants\">\u00ab&nbsp;Du pain et deux tranches d\u2019emmental&nbsp;\u00bb&nbsp;: l\u2019arnaque des repas \u00e0 1\u20ac promis aux \u00e9tudiants<\/a> (RP)<\/p>\n\n\n\n<p>&nbsp;<a href=\"http:\/\/link.listes.cafepedagogique.net\/m\/surl\/200138\/507371\/VfFJX0_B3k0VLiOTKPvzjnFKF-B12viezBEiZxMr5xU=\/link_10\/lOZemJcZpCUiQ6mZ4rCoY-aTuyJqmTKXbrn3oCb9Yw1cwG--PTJ2JaUqBPnAQwIStMu1cgKrtfpTr99sb9YcJRq5CXC9I4MjMO7GIV9ayUQOnXm4d6mr7VK4znl-qa3JNHFScOU7k8NMjaHx2ZNAe4Cc7pj37zincONlXcgKXaN3J-+Nk8D2pkcO0WKqhuTMki8RfuhmtMqlFpa-a2kB4NgPBHRvxKPu522sntm86TzqQX7jZX5YEpkIaweBdxCApU3W45uzelodaLuUcslXWwJ8B0nDIgk2FsWMEBSrpa0sbpjHGs1ESxQUJZBDL3ye\">Yves Reuter : Comprendre les p\u00e9dagogies diff\u00e9rentes<\/a> (Caf\u00e9 P\u00e9dagogique)<\/p>\n\n\n\n<p><a href=\"https:\/\/www.revolutionpermanente.fr\/On-doit-s-organiser-a-Paris-pres-de-100-personnes-reunies-pour-denoncer-la-situation-des-etudiants\">\u00ab&nbsp;On doit s\u2019organiser&nbsp;\u00bb&nbsp;: \u00e0 Paris, pr\u00e8s de 100 personnes r\u00e9unies pour d\u00e9noncer la situation des \u00e9tudiants \u00e9trangers<\/a> (RP)<\/p>\n\n\n\n<p><strong><span class=\"has-inline-color has-vivid-red-color\">12 F\u00e9vrier<\/span><\/strong><\/p>\n\n\n\n<p><a href=\"https:\/\/blogs.mediapart.fr\/jean-marc-b\/blog\/120221\/relaxe-pour-les-4-de-nanterre-selim-barth-victor-et-ayoub\">Relaxe pour les 4 de Nanterre Selim, Barth, Victor et Ayoub ! <\/a>(Unef Tacle)<\/p>\n\n\n\n<figure class=\"wp-block-image is-resized is-style-default\"><img loading=\"lazy\" decoding=\"async\" src=\"https:\/\/scontent.fhex4-1.fna.fbcdn.net\/v\/t1.0-9\/146735074_2524431774517451_4793450270457976452_n.jpg?_nc_cat=100&amp;ccb=3&amp;_nc_sid=8bfeb9&amp;_nc_ohc=4IlyENlQviUAX81pgPO&amp;_nc_ht=scontent.fhex4-1.fna&amp;oh=015e070e8fd491ae640cbaa64fe0b358&amp;oe=604B2EF3\" alt=\"Peut \u00eatre une image de 3 personnes, personnes debout, plein air et texte\" width=\"401\" height=\"221\"\/><\/figure>\n\n\n\n<p><a href=\"http:\/\/link.listes.cafepedagogique.net\/m\/surl\/200138\/507371\/VfFJX0_B3k0VLiOTKPvzjnFKF-B12viezBEiZxMr5xU=\/link_3\/xN0XOCS4Wb-I1wY7L+cla9FyVJ8QVuZANLijQusw2kNuZWN8tjRAM5yFXLsgFHF0cd5zGFLt0BGuza5QKvCKBOTZGWcomWzs2yo0VYj8HycnWQ5aY6zNammTKwKX8K+TMtJxp+F0BXEO5bvYtuKSJqNQOvKKh2+2QHUubY9kP-GNncy9iy8VoGeHlOrBxqvxqANYbpCJQc-3Ub+POi0WnM3Lzjz4nfzmAG+XPTFZchrox9lPTPHNQNbjU5TvRYQNaHPnJ8eklCP33n7J7mJj8LaTExj4+p0POioOY-BjAoId8b+Yma6ASoGW3mqJnLpY\">S\u00e9paratisme : D\u00e9chirements sur l&rsquo;interdiction de l&rsquo;instruction en famille<\/a> (Caf\u00e9 P\u00e9dagogique)<\/p>\n\n\n\n<p><a href=\"http:\/\/link.listes.cafepedagogique.net\/m\/surl\/200138\/507371\/VfFJX0_B3k0VLiOTKPvzjnFKF-B12viezBEiZxMr5xU=\/link_4\/mBN6LmNhxqdSZIX+Fe2i3ek26ysCy2KBRDe43aHWWNPtfoFvH7oHkVyP02Gi9wUNGFRt5LueNGqvIbX4xO6yt-AWf2LhQRKwVJCcgo5nu0p5cJTbegYwCR8-R-gi9xnJCqlzMF3+u-U+Jl+dBJR2-zeBsg08ofZJrhxIdF99MR6BLxreKFZnOnwc56qwQrJlzVcZ8qK96tkUcGCSMzBaoja+7vUS5+YKA2BdkZ9O47moTMZ7t1vvNGH21zfKfGDvJA3iqbjyIAif3IReqqXc8YTL+cqHWR036Kbvvd46O4PkK5If1ZzA9I3XpSE2y5gB\">S\u00e9paratisme : \u00ab La loi ne parle pas des enfants en grande pr\u00e9carit\u00e9 s\u00e9par\u00e9s de l\u2019\u00e9cole \u00bb<\/a> (Caf\u00e9 P\u00e9dagogique)<\/p>\n\n\n\n<p><a href=\"https:\/\/iaata.info\/Charlie-voile-laicite-et-racisme-dans-l-Education-Nationale-4629.html\">Charlie, voile, la\u00efcit\u00e9 et racisme dans l\u2019Education Nationale<\/a> (IAATA)<\/p>\n\n\n\n<p><a href=\"http:\/\/link.listes.cafepedagogique.net\/m\/surl\/200138\/507371\/VfFJX0_B3k0VLiOTKPvzjnFKF-B12viezBEiZxMr5xU=\/link_5\/NZQLNxqvBlliGEZySDsykTLHu05fcp4TDPYeFw7pbNmJ4l0lO6ORh560vL2DZaupFe7aK-1lml2BHVPswo7Ku2ueVxNX5WKbfMgWtLIhlTKdhi+d1zExNj3uHdPdnhrIPfR2q3ZZHPdreEo3kTeyk84nGw2tkq+HOFbe2qeqVAAg--y6RxUHP+-iIg3J73s0Id92TjoH6XfsPjv4X1DOMQ-zz9XIZjrBi26VZ4XlOvpf4Y1M1Kqp+NYyWe+j8li7HmNYGG+6v-ce-YrHn-RV-qzugiF+ss5J5GT1cAvoaj+Un-p1qBDwLQWXHAwTtALs\">Des tests salivaires d\u00e9ploy\u00e9s dans des \u00e9coles<\/a> (Caf\u00e9 P\u00e9dagogique)<\/p>\n\n\n\n<p><a href=\"https:\/\/www.revolutionpermanente.fr\/Frederique-Vidal-chez-HugoDecrypte-l-arnaque-derriere-les-annonces-de-facade\">Fr\u00e9d\u00e9rique Vidal chez HugoD\u00e9crypte&nbsp;: l\u2019arnaque derri\u00e8re les annonces de fa\u00e7ade<\/a> (RP)<\/p>\n\n\n\n<p><strong><span class=\"has-inline-color has-vivid-red-color\">11 F\u00e9vrier <\/span><\/strong><\/p>\n\n\n\n<p><a href=\"https:\/\/radioparleur.net\/2021\/02\/11\/education-moral-et-civique-quelle-laicite-a-lecole-penser-les-luttes\/\">Enseignement Moral et Civique : quelle la\u00efcit\u00e9 \u00e0 l\u2019\u00e9cole ? \u2013 Penser les luttes<\/a> (Radioparleur)&nbsp;<\/p>\n\n\n\n<p><a href=\"https:\/\/lareleveetlapeste.fr\/la-privatisation-des-ecoles-veterinaire-est-un-danger-pour-la-securite-sanitaire-des-elevages-et-des-denrees-alimentaires\/\">La privatisation des \u00e9coles v\u00e9t\u00e9rinaire danger pour la s\u00e9curit\u00e9 sanitaire des \u00e9levages et&nbsp; denr\u00e9es alimentaires \u00bb<\/a> (La Rel\u00e8ve et La Peste)<\/p>\n\n\n\n<p><a href=\"https:\/\/info.mediapart.fr\/optiext\/optiextension.dll?ID=mUVmTvXv+QE7j8eMHwQeQTl8H3OE2XGg+Rn86iHrGws7OMPCfbdvYrGXBJ6wqijQAllgKhpPD407fZCGt6UDpW6xAbfCn\">Julia Cag\u00e9: \u00abLe conseil d\u2019administration de Sciences-Po Paris devrait d\u00e9missionner\u00bb<\/a> (MDP)<\/p>\n\n\n\n<p><a href=\"https:\/\/www.humanite.fr\/le-criterium-inter-iep-sommet-des-violences-sexistes-700076#xtor=RSS-1\">Le Crit\u00e9rium inter-IEP, sommet des violences sexistes<\/a> (L\u2019Humanit\u00e9)<\/p>\n\n\n\n<p><a href=\"http:\/\/link.listes.cafepedagogique.net\/m\/surl\/200138\/507340\/HyACOmkqZBVovOXSDWNsrHFKF-B12viezBEiZxMr5xU=\/link_6\/QZgd3eE7aQGtDuYbWxLjJuz4G6T6wLY5HtZsnOBUjmyKyigI0m8X3jegSmxQQWbX+SqU0WHb8ddIyEQ+FyW7IKyQiEyX5vTdFmXd9tua7eS6eNPGNtCTaL-K+SjrVmqSAvjNSECg+RAkmyw80GQm5Gt5jmP2D4beLfG1FQ2i6FIBiaXLYXjqOW-lEwhVUaZBGtGLwKUDADqCox3dlewQuBupxi7zzJaFTwBmKPvyUqjsZEzExKUl6USmXkxVQYfwq-MS5vGLlFWWaS+b1hr+qLgzZrTo0+bO8CHrf0moxbJ4URN0BGtAxNy3FXLVqjxr\">Journ\u00e9e de mobilisation des AESH<\/a> (Caf\u00e9 P\u00e9dagogique)<\/p>\n\n\n\n<p><a href=\"https:\/\/lanticapitaliste.org\/actualite\/jeunesse\/relaxe-pour-selim-barth-victor-et-ayoub\">Relaxe pour Selim, Barth, Victor et Ayoub !<\/a> (L\u2019Anticapitaliste)<\/p>\n\n\n\n<p><a href=\"http:\/\/link.listes.cafepedagogique.net\/m\/surl\/200138\/507340\/HyACOmkqZBVovOXSDWNsrHFKF-B12viezBEiZxMr5xU=\/link_11\/CIm+j-YywgwsH8UtwEi1ugaH56Y6oFKdlQ7vJb+JW955+xOTmOh+YlOc+waMZzTfWRYrN9IlW7ZOp3ylxIm-j8cIz6B+oCcKwbPwBwMJmP8rI8qd5yw2nYv+R5s2Gi3IpWcRPNvvK+ijGxIIPs68QCN6gWEmVer1s47AQU78u9bEoSKZcuoxCgAxQZYIt4Q53fX5M7FmaW+yQk+jSYuvusMD2AbTEwidTmgAFHSk+GtY4UiGhhAWSjceJwk4p7WUUBJLffnnYSt4kOc7-qL6MaKm1l5wklYG-hK8F6tRwiqaVpBIzMy15ZUW0Man9igr\">Nice : Droit de retrait face au Covid 19<\/a> (Caf\u00e9 P\u00e9dagogique)<\/p>\n\n\n\n<p><a href=\"https:\/\/www.lesnouvellesnews.fr\/sciences-po-dans-la-tourmente-fin-de-lomerta\/\">SciencesPo dans la tourmente, fin de l\u2019omerta<\/a> (Les Nouvelles News)<\/p>\n\n\n\n<figure class=\"wp-block-image is-resized is-style-default\"><img loading=\"lazy\" decoding=\"async\" src=\"https:\/\/encrypted-tbn0.gstatic.com\/images?q=tbn:ANd9GcSGcBUeKJg5jkPXST8C9ktCoG-qvfMR975dYw&amp;usqp=CAU\" alt=\"R\u00e9sultat de recherche d'images pour &quot;#sciencesporcs&quot;\" width=\"377\" height=\"189\"\/><\/figure>\n\n\n\n<p><a href=\"http:\/\/www.apple.fr\">L&rsquo;instruction en famille et les \u00e9coles priv\u00e9es devant l&rsquo;Assembl\u00e9e nationale<\/a> (Caf\u00e9 P\u00e9dagogique)<\/p>\n\n\n\n<p><a href=\"http:\/\/link.listes.cafepedagogique.net\/m\/surl\/200138\/507340\/HyACOmkqZBVovOXSDWNsrHFKF-B12viezBEiZxMr5xU=\/link_5\/Z15-+N5KHwsKoCS0ZeB0y1BrrFPD6XHnluHGBKOv2vIhbT1OgNl9oVnmUCXKBibF+8xFEtHpTsqwIxCfgTlqBHS22n5xPUeH1Ft2+-zqLF1lEWPxpQYTfhVBs9zl8s8GCMpK4lJwZhH8F4xupeh7R7yuxTsuKgxE8G1TxwsIFWzHGyDcsqz0G937hoUtHz7TFUF9ak9PrO4yKqQYIqaFtZTlhwDnM8xLjKZD3Qbpbu5OzE6AeGPdlP-BJ8uxUWkkqrAVML1Xr9Smx35Zb5FV920OoHKzvwWq8QqMC6PQkB7KZynhZ8K9ljN0PmStb+xi\">Bac : Le minist\u00e8re cadre le travail des enseignants<\/a> (Caf\u00e9 P\u00e9dagogique)<\/p>\n\n\n\n<p><strong><span class=\"has-inline-color has-vivid-red-color\">10 F\u00e9vrier<\/span><\/strong><\/p>\n\n\n\n<p><a href=\"http:\/\/www.questionsdeclasses.org\/?Revue-Eduquer-Le-racisme-a-l-ecole\">Le racisme \u00e0 l\u2019\u00e9cole<\/a> (Revue \u00c9duquer)<\/p>\n\n\n\n<p><a href=\"http:\/\/link.listes.cafepedagogique.net\/m\/surl\/200138\/507307\/akps3hwmxPxbIheMW_PvU3FKF-B12viezBEiZxMr5xU=\/link_9\/dxJEJj9JtxzRFIlHdxWap1zq-3YqILW-vHp7PyZg4ZsncBow3DXhsMkZ8ep8wih0ik5odmCeKs6yA5U4Eznyzd65RJmffLxmwSfhGPtVZKZJsMgLD-ifwJnGmkg9uy0TIqh4OcR7TyNc4XRObhB1MRFSaEuz6L0Zejtno5nj+7NZQ7PkqfaktE6r-49X+vrh267ruWQO0HciAwbK14thqkPJuUaWO5GOQ8shbka9tSqUFbI6wInlhEZ0dpH8WTa-sSZSFxKulIrkK1QXX72sYve3WjJroZnSzfoSTeBOfNfF4bdmzYMaveDi+ZVpllWt\">Education prioritaire : Faibles lueurs sur les contrats locaux d&rsquo;accompagnement<\/a> (Caf\u00e9 P\u00e9dagogique)<\/p>\n\n\n\n<p><a href=\"http:\/\/link.listes.cafepedagogique.net\/m\/surl\/200138\/507307\/akps3hwmxPxbIheMW_PvU3FKF-B12viezBEiZxMr5xU=\/link_11\/49iCmAGSBPbL9PfSPo5GxuVSeBp1FvEIAxQZjo7CIxh-yeY+LeTrMTY7pIhBOOM+GHEi0ZkrIAyHk-vNCw8E1KT9zlfD9UUC+P7JuJipksp4E24GCtosR1W0hRTbPGACTTND9w8aPx16Vl+M3puV4Ys6F0znveTg3VW-E5WSQ1RYEdUir+cOZWo377-GG0yJ7moN7lKncfpQIvKrzPqtyMvz7cJG9045iK4bmLJwAjR+Dl5xsbpG48Udwbvlj0If3rCOVkOr3htCFEQQgK4m2vceJ2pV0q9zbv58JUaeEvF3nnMU5Dlm2tcSNNs-Cw5H\">Un enseignant am\u00e9ricain sur cinq est d\u00e9j\u00e0 vaccin\u00e9<\/a> (Caf\u00e9 P\u00e9dagogique<\/p>\n\n\n\n<p><a href=\"https:\/\/lanticapitaliste.org\/actualite\/sante\/en-pleine-crise-sanitaire-acheve-bien-les-infirmieres-scolaires\">En pleine crise sanitaire, on ach\u00e8ve bien les infirmi\u00e8res scolaires<\/a> (L\u2019Anticapitaliste)<\/p>\n\n\n\n<p><a href=\"https:\/\/www.mediapart.fr\/journal\/france\/100221\/pour-la-jeunesse-macron-continue-de-proposer-une-politique-de-rustines\">Pour la jeunesse, Macron continue de proposer une politique de rustines<\/a> (M\u00e9diapart)<\/p>\n\n\n\n<p><a href=\"https:\/\/lanticapitaliste.org\/actualite\/jeunesse\/les-etudiantes-en-premiere-ligne-de-la-crise-sanitaire-et-sociale\">Les \u00e9tudiantEs en premi\u00e8re ligne de la crise sanitaire et sociale<\/a> (L\u2019Anticapitaliste)<\/p>\n\n\n\n<figure class=\"wp-block-image is-resized is-style-default\"><img data-recalc-dims=\"1\" loading=\"lazy\" decoding=\"async\" src=\"https:\/\/i0.wp.com\/lanticapitaliste.org\/sites\/default\/files\/styles\/largeur_content_hauteur_complet\/public\/etudiant.jpg?resize=494%2C254&#038;ssl=1\" alt=\"\" width=\"494\" height=\"254\"\/><\/figure>\n\n\n\n<p><a href=\"https:\/\/www.anti-k.org\/2021\/02\/09\/education-nationale-carte-scolaire-le-ministere-a-perdu-la-boussole\/\">\u00c9ducation nationale. Carte scolaire, le minist\u00e8re a perdu la boussole <\/a>(L\u2019Humanit\u00e9)<\/p>\n\n\n\n<p><a href=\"http:\/\/www.questionsdeclasses.org\/?Soutien-a-notre-camarade-Helene-victime-de-repression-syndicale-et-pedagogique\">Soutien \u00e0 notre camarade H\u00e9l\u00e8ne, victime de r\u00e9pression syndicale et p\u00e9dagogique \u00e0 Marie Curie \u00e0 Bobigny.<\/a> -Catherine Chabrun<\/p>\n\n\n\n<p><a href=\"http:\/\/www.questionsdeclasses.org\/?Repression-contre-Helene-C-est-l-art-de-la-pedagogie-que-la-hierarchie-attaque\">R\u00e9pression contre H\u00e9l\u00e8ne&nbsp;: C\u2019est l\u2019art de la p\u00e9dagogie que la hi\u00e9rarchie attaque<\/a> -Collectif Q2C<\/p>\n\n\n\n<p><a href=\"http:\/\/www.questionsdeclasses.org\/?pedagogie-desolympique\">P\u00e9dagogie d\u00e9solympique<\/a> (Q2C)<\/p>\n\n\n\n<p><a href=\"http:\/\/link.listes.cafepedagogique.net\/m\/surl\/200138\/507307\/akps3hwmxPxbIheMW_PvU3FKF-B12viezBEiZxMr5xU=\/link_3\/4IBJ-m6B27ElHsJ3amr1KTgNgmzz-dPX0iz4-cKd8Jgbxy3bZJ6NDwPZ9pdnaxx3FrsQMxIVY-6boFNwrLfD1JErQWMrG1u79JmR4VX4ciAQv9gaoP85SIRKYN2wBIe+m39Nf3-kQ2ouGsjFwQdPM02tgF5K9kUaLu0p1LUKgpucYy5S52m0vRVWu96YAkfXSOfU6GwWlm60bxO76wqvLU3lHVpsqBYy1quCG1YRvjNd9WUbGlnU2gDQxkGZKA3nj8sS+wQHLUmEeE5ul3SmgqNie-zg5L86-LO5mneffdozFW4sdD+L24R4nAeBuURP\">Avec Inser&rsquo;Jeunes, le gouvernement met en concurrence les formations professionnelles<\/a> (Caf\u00e9 P\u00e9dagogique)<\/p>\n\n\n\n<p><a href=\"http:\/\/link.listes.cafepedagogique.net\/m\/surl\/200138\/507307\/akps3hwmxPxbIheMW_PvU3FKF-B12viezBEiZxMr5xU=\/link_4\/EQYR4mDS12PbySa0MayxclLNLqcHchwwiixO4J9coX48jnbFdwCNl37LHPCM0APcXw04AOrZB0MK0G+0OuTviei72XNmRDPtKwheSEflDewPFwM4g+rURevjZzzKBPZKDgD6LC-jElLeS+Dfn6CCwpJ4mxJ-i5beoIrfsrv7Uli1vBYh9bIvL0HIwhtVYjokYtO0qQy21mBdBnLEudCXiMJ-5WvxFFXh2M+ftzO48aL5wlsR24NQjrDKiGUfLiDVQEIDU5mWesN1YWPiKSKY5Fhv5+qCWCY9nyCxJxQyj3ZAweACCYv6wG180F-9BpgB\">La formation PPPE des futurs professeurs des \u00e9coles, une \u00ab tr\u00e8s belle opportunit\u00e9 \u00bb ?<\/a> (Caf\u00e9 P\u00e9dagogique)<\/p>\n\n\n\n<p><a href=\"http:\/\/link.listes.cafepedagogique.net\/m\/surl\/200138\/507307\/akps3hwmxPxbIheMW_PvU3FKF-B12viezBEiZxMr5xU=\/link_5\/UiSkraLHR7OPJFHHBLThOzJitF3kgDi8kwcz6d6Anc+VZBXPiaesp5VpdkhTHeXEQ8pl1FOqD21YaSpi4iDx6fp9uaNq-IFSVe5NGy2sOh-U2cGxnI-0Kc5f-98wyrZsTBxXd7bt2KPIQZWmCTCAR-oCerncWmuTPLqur+Ucxr2uKvdw6eywulpLk9pimaAfG196qv-jCNe7wCJ1OIf1rd0IN1bgA1wn9B8uG6Dj+EVDLJt-Wwwed85hvuTtP0eWqsxOZ+H2C7RaXloT3LjvSknIAtmN7VW9pXIKx-KZv-+rhb7p1vCB6c9wU9dLVME7\">Le protocole sanitaire prend en compte les nouveaux variants du Covid 19<\/a> (Caf\u00e9 P\u00e9dagogique)<\/p>\n\n\n\n<p><a href=\"http:\/\/link.listes.cafepedagogique.net\/m\/surl\/200138\/507307\/akps3hwmxPxbIheMW_PvU3FKF-B12viezBEiZxMr5xU=\/link_8\/fnII+pqJcSzJ1Ti-U8WbpRm18aQsioFbNUCiIUZZNB4b+4n+Ol9yPAR9a6NZ6YkJVLMO-KLMZ2oy8J+xdz627ScILQyIPOl7v6jbSqpwXYACKIzfmHFKBnXyCUhUzgBLEW0PqbILAJbJhe3lX8Up1o3VV5STwYuZYfYoXmppzjKOrei9AE7JSKXAbktLd9UsB3Rl+9LQPZBvzoUbGG+msU3w8YWkLMOsAlB-BeabnjwwGTIYZW8s2NBI9Wgjq6za2rfZwQmwY0TnfUW0rHvG3uPmwZfQUDt6TJjNBlf8UkwatHOO5UT2MNuLgGvRh-EK\">Des classes \u00e0 nouveau ferm\u00e9es en zone rurale \u00e0 la re<\/a>ntr\u00e9e (Caf\u00e9 P\u00e9dagogique)<\/p>\n\n\n\n<figure class=\"wp-block-image is-resized is-style-default\"><img data-recalc-dims=\"1\" loading=\"lazy\" decoding=\"async\" src=\"https:\/\/i0.wp.com\/lanticapitaliste.org\/sites\/default\/files\/styles\/largeur_content_hauteur_complet\/public\/photo-09-02-2021-15-29-13.jpg?resize=320%2C360&#038;ssl=1\" alt=\"\" width=\"320\" height=\"360\"\/><\/figure>\n\n\n\n<p><strong><span class=\"has-inline-color has-vivid-red-color\">9 F\u00e9vrier en continu<\/span><\/strong><\/p>\n\n\n\n<p><a href=\"https:\/\/info.mediapart.fr\/optiext\/optiextension.dll?ID=SopSmKh0w3aCs6WZlFb_+DTXqS7ogcENs4Wdn46VFkIlqEC8Kml4wXyAUzGue4EksgHerCUwRfiGINJRJWHznOJtI148J\">Universit\u00e9: \u00able mal-\u00eatre d\u00e9borde\u00bb dans les bureaux des psychologues<\/a> (MDP)<\/p>\n\n\n\n<p><a href=\"https:\/\/www.boursorama.com\/actualite-economique\/actualites\/affaire-duhamel-demission-du-directeur-de-sciences-po-frederic-mion-875649734ebb7476ae2d1da4d7976495\">Affaire Duhamel: D\u00e9mission du directeur de Sciences Po, Fr\u00e9d\u00e9ric Mion<\/a> (Reuters)<\/p>\n\n\n\n<p><a href=\"https:\/\/www.boursorama.com\/actualite-economique\/actualites\/denonciations-de-violences-sexuelles-dans-les-iep-enquete-pour-viol-a-toulouse-a37dd100d08d26bf1c86d05d6f98ef35\">#sciencesporcs: D\u00e9nonciations de violences sexuelles dans les IEP, enqu\u00eate pour viol \u00e0 Toulouse<\/a> (AFP)<\/p>\n\n\n\n<p><a href=\"https:\/\/blogs.mediapart.fr\/jean-marc-b\/blog\/090221\/les-medecins-de-leducation-nationale-demandent-la-fermeture-des-ecoles-pour-un-mois\">Les m\u00e9decins de l&rsquo;\u00e9ducation nationale demandent la fermeture des \u00e9coles pour un mois <\/a>(Caf\u00e9 p\u00e9dagogique)<\/p>\n\n\n\n<p><a href=\"http:\/\/link.listes.cafepedagogique.net\/m\/surl\/200138\/507293\/4BKkybW4D9xQ6rBbmcz5NXFKF-B12viezBEiZxMr5xU=\/link_7\/qT+PmnuxArqQ3kBDQ2C4iQNe6Zq8ewuSs7QnPE+XvOKneIVCG05L2wrB8W0+hUkP-XNdJhNPa2gtLHSGLhXzganMk8FhOgQxQZZUMh+hxrCmDa0Jl9gcBh1xuuNPZe8hVcyUKn+kdrYVe+5Tisz63PON6x1WE+KOfrSejL8EFjB-CPvD3vqIGKGS5yVOuusNhwDQigZEzuMn4OPEwVPsqQ7svpSPbtmtXpsDysFjwHg9mryaKGEX9Tn-9rkvFAi6bnF96G7vzD8Uxza6bLr8fMgHpaB+fKeNQuYmg8JXMO3i9V1h29x1V8my-PZRLauO\">Un sondage sur l&rsquo;instruction en famille interroge la loi s\u00e9paratisme<\/a> (Caf\u00e9 P\u00e9dagogique)<\/p>\n\n\n\n<p><a href=\"https:\/\/www.liberation.fr\/societe\/droits-des-femmes\/precarite-menstruelle-un-tiers-des-etudiantes-ont-besoin-daide-pour-acheter-des-protections-periodiques-20210208_P25SVX2I45ENJEVYJTNK5FKGMI\/\">Pr\u00e9carit\u00e9 menstruelle : un tiers des \u00e9tudiantes ont besoin d\u2019aide pour acheter des protections p\u00e9riodiques<\/a> (Lib\u00e9ration)<\/p>\n\n\n\n<p><a href=\"http:\/\/link.listes.cafepedagogique.net\/m\/surl\/200138\/507293\/4BKkybW4D9xQ6rBbmcz5NXFKF-B12viezBEiZxMr5xU=\/link_9\/caIKSK2OWQXAWdUd9aLhv16HSBNTB93YWehW3aGUIrGWoRZ24eo2g3ckGi5Uoui1VCpMZxonP4TtZ0uCl47SwpMWOKVLrbkV0lfmldUXIf62Bv59kb93PE8nOrm3AUht-A0N4T3QfD0dKiHnpZqXneurzX6iUHYpS0rauAIx+FvaP1MNella7S6YYr3jOJkAZjiUhu1jsGG2YFobBcGXnNVRck0wQ6DDgssJn1tW0k-n3CpeCnM4r29dF6xNGyN3SCRYk4X57GiuWCRJbdWqK9ayEchGJ9th4pb4q65uDXK0q2SQT6E7Y1UGNuH+bQKv\">Angleterre : Les \u00e9coles ferm\u00e9es jusqu&rsquo;au 8 mars<\/a> (Caf\u00e9 P\u00e9dagogique)<\/p>\n\n\n\n<p><a href=\"http:\/\/link.listes.cafepedagogique.net\/m\/surl\/200138\/507293\/4BKkybW4D9xQ6rBbmcz5NXFKF-B12viezBEiZxMr5xU=\/link_15\/2LhAqS270T9BGKT6xDRsdpzC4iNFH99oo1XIYA-J6ou81ZofMPGf8iyeeA7A6M3vOVsrghVWY3RwmrLve8IQLiJ-Oxs0VbYK3ic2cLvS4d+-8m8v1I6IqynPycfb6DVHdVsnuq7s-wD9ppoLFdc2KuUMlzQl7dwDYjMbVfa6dkAGQQSsXpevPQZR-ENibMYzhyXPdhU+vRzjtxp3+7hPFQOTb5bsD+-FNIAiHvyC3q6lNqcKsXNOaI0gcC5PZ+yPC5oldKb9l0La3OmPcmq2YdRbwqDNNrWSQIpKKHpDlIhDSDIbwjkuaR7lM50kzWuI\">Jardins d&rsquo;enfants : Un rapport minist\u00e9riel recommande de mettre fin \u00e0 l&rsquo;exp\u00e9rience p\u00e9dagogique<\/a> (Caf\u00e9 P\u00e9dagogique)<\/p>\n\n\n\n<p><a href=\"https:\/\/fb.me\/e\/6i0gMQwQ7\">Nanterre: rassemblement vendredi: pr\u00e9sentiel pour tou.te.s et am\u00e9lioration des conditions d\u2019\u00e9tudes et de vie !<\/a> (Unef Tacle)&nbsp;<\/p>\n\n\n\n<figure class=\"wp-block-image is-resized is-style-default\"><img loading=\"lazy\" decoding=\"async\" src=\"https:\/\/scontent.fhex4-2.fna.fbcdn.net\/v\/t1.0-9\/148852864_437682570987061_6878234157351647795_n.jpg?_nc_cat=103&amp;ccb=2&amp;_nc_sid=340051&amp;_nc_ohc=r_FLCyHOxxcAX8AwDzO&amp;_nc_ht=scontent.fhex4-2.fna&amp;oh=65ddd4d79402d5dfe50a1b5881ad264c&amp;oe=60487025\" alt=\"\" width=\"395\" height=\"196\"\/><\/figure>\n\n\n\n<p><strong><span class=\"has-inline-color has-vivid-red-color\">8 F\u00e9vrier<\/span><\/strong><\/p>\n\n\n\n<p><a href=\"https:\/\/www.lepostillon.org\/Atsem-la-misere-recolte-la-colere.html\">Atsem la mis\u00e8re, r\u00e9colte la col\u00e8re<\/a> (Le Postillon)&nbsp;<\/p>\n\n\n\n<p><a href=\"https:\/\/www.facebook.com\/UNEFTACLE\/videos\/227527335719690\">Les quatre de Nanterre: rappel des faits<\/a> -vid\u00e9o<\/p>\n\n\n\n<p><a href=\"https:\/\/anticapitalisme-et-revolution.blogspot.com\/2021\/02\/sannois-val-doise-une-fermeture-de-fait.html\">Sannois (Val d&rsquo;Oise) : une fermeture \u00ab de fait \u00bb, obtenue de haute lutte !<\/a> (A&amp;R)<\/p>\n\n\n\n<p><a href=\"http:\/\/link.listes.cafepedagogique.net\/m\/surl\/200138\/507260\/pWNI3PabLRCKIMyIYdY-FHFKF-B12viezBEiZxMr5xU=\/link_3\/wnzlDr7jIvt4hVoPT9sqgQ+uPFTn1N2zDGLUhXcHq7cM9zFajROEY8Kavnhu-B9phC3FKX4frk5o2iUbkw-i-AefjlZZjDNEgb0HiIVBVCAscdJG840crZwLE16ssAyX36onbCuDN-gMAx0L3ley-ajcIfOipxxbCa6eiqyqezP0SSMlnnBFHHkL6rkGLJxaPL7DRFpKY5WbSYlqx6uUDrfDjtopWK+9a0EEOk26YrJnC-9hc52mMSZ2jIKgHWzVGKBddzK7Z-DBpszLwBv8MVc8cC4hEcNDni30GR-Iwex09wpa1Bmf6LLm+2Ij5skl\">Comment am\u00e9liorer les pratiques en \u00e9ducation ?<\/a> (Caf\u00e9 P\u00e9dagogique)<\/p>\n\n\n\n<p><a href=\"https:\/\/actu.fr\/normandie\/dieppe_76217\/plusieurs-centaines-de-manifestants-disent-non-aux-fermetures-de-classes-a-dieppe_39266621.html?fbclid=IwAR22MwRSNd62ST9wYRC-swOxPZlgoUP6_4w7lnrl1MkKdE1E6OyOHA3slg4\">Plusieurs centaines de manifestants disent non aux fermetures de classes \u00e0 Dieppe <\/a>(Actu)<\/p>\n\n\n\n<p><a href=\"https:\/\/alt-rev.com\/2021\/02\/07\/les-flics-evacuent-lehess-occupee\/\">Les flics ont \u00e9vacu\u00e9 l\u2019EHESS occup\u00e9e<\/a> (Cerveaux non disponibles)<\/p>\n\n\n\n<p><a href=\"http:\/\/link.listes.cafepedagogique.net\/m\/surl\/200138\/507260\/pWNI3PabLRCKIMyIYdY-FHFKF-B12viezBEiZxMr5xU=\/link_6\/QvXBeFPqDoQVS5cka4pX81+WbSP6vMZ8ZV7SIn-CFacxl9mYnaWgPFJ0fo9M6UDB0lE6e5qCuAa9cdSqx-uhFcSsIDMVI5INFD-Imu6J3xmhfAjTgdSPH6YoDOuug1kDMSMLdOcvOQNF92FvSJzOa52OydO0yF-Kbf0FaQ9Isz+0rJgmzGPMHkwoQ0QFFMp8cOsUgs2-LPm5Hw--15FzAR9z2yIohkVCAj0kMyiqg7STssZc-cLCK3Y8XnRzAqxs60ATlWDp12-GoUPUcgKxFlU0C2nYKHmqV1V3YDkXkXEjZ8He1B-t7+1HVO80hALy\">S\u00e9paratisme : La libert\u00e9 p\u00e9dagogique en otage<\/a> (Caf\u00e9 P\u00e9dagogique)<\/p>\n\n\n\n<p><a href=\"http:\/\/link.listes.cafepedagogique.net\/m\/surl\/200138\/507260\/pWNI3PabLRCKIMyIYdY-FHFKF-B12viezBEiZxMr5xU=\/link_7\/BICH1aInss7AwVZqg47ougY4J8ay13VGf2LrDVwjqK+lgSAk+9-OOMIqVpl8Ler6PiUKPyUg3MTPGsW9SO5G8uLEOppqBAfXIZO77mIx3msTHJDZX1dc1t+DY1F61rcmg5Htu7YJfHSIl2DxLuFGUnO3t4gim8qzgYE-YR00feMxUvbJqYffreNnNkb2NVQKAi3aS46qw1DqAJTzY0xK3ssIbtOBl+7rtk1MJuyIdditsOblwRKZ1qtTXmXk6LHeJjAONcDwUEV8jW789HV3GY9vbr0AVeVpbKcqj3qEWeCASrnMA1Sf9RqkAH7m3CXk\">Carte scolaire : Des promesses et des actes<\/a> (Caf\u00e9 P\u00e9dagogique)<\/p>\n\n\n\n<p><a href=\"https:\/\/dieses.fr\/de-lurgence-de-permettre-aux-jeunes-de-construire-leur-avenir\">De l\u2019urgence de permettre aux jeunes de construire leur avenir<\/a> (di\u00e8ses)<\/p>\n\n\n\n<p>&nbsp;<a href=\"https:\/\/drive.google.com\/file\/d\/1zy90IQ2UkJJMhXnyZBGQmCIcp_JgqNGZ\/view?usp=sharing\">\u00c9coles ouvertes malgr\u00e9 le Covid&nbsp;: les raisons d\u2019une exception fran\u00e7aise<\/a> (Marion Rousset)<\/p>\n\n\n\n<p><a href=\"https:\/\/www.youtube.com\/watch?v=C7OCjAz47rM\">Objectif REP+<\/a> (Collectif Lucie Aubrac)<\/p>\n\n\n\n<p><a href=\"https:\/\/europe-solidaire.us8.list-manage.com\/track\/click?u=5c732dd5ee65845cf20fd724a&amp;id=c6e5085704&amp;e=5df9c98670\">Toussaint Louverture et la r\u00e9volution ha\u00eftienne, grands absents des manuels scolaires fran\u00e7ais<\/a> (The New Yorker)<\/p>\n\n\n\n<figure class=\"wp-block-image is-resized is-style-default\"><img data-recalc-dims=\"1\" loading=\"lazy\" decoding=\"async\" src=\"https:\/\/i0.wp.com\/www.courrierinternational.com\/sites\/ci_master\/files\/styles\/image_original_765\/public\/assets\/images\/louverture.jpg?resize=438%2C290&#038;ssl=1\" alt=\"Inauguration d\u2019une sculpture repr\u00e9sentant Toussaint Louverture au mus\u00e9e du Nouveau Monde, \u00e0 La Rochelle, en mai 2015. Xavier LEOTY \/ AFP\" width=\"438\" height=\"290\"\/><\/figure>\n\n\n\n<p><strong><span class=\"has-inline-color has-vivid-red-color\">7 F\u00e9vrier <\/span><\/strong><\/p>\n\n\n\n<p><a href=\"https:\/\/www.facebook.com\/anticapitaliste.presse\/videos\/755954075027364\">Mobilisation le 15 f\u00e9vrier en soutien aux 4 de Nanterre !<\/a> -vid\u00e9o Victor Mendes<\/p>\n\n\n\n<figure class=\"wp-block-image size-large is-resized is-style-default\"><img data-recalc-dims=\"1\" loading=\"lazy\" decoding=\"async\" src=\"https:\/\/i0.wp.com\/www.rdpemancipation.org\/wp-content\/uploads\/2021\/02\/Capture-decran-2021-02-07-a-18.22.23.png?resize=463%2C255&#038;ssl=1\" alt=\"\" class=\"wp-image-15025\" width=\"463\" height=\"255\" srcset=\"https:\/\/i0.wp.com\/www.rdpemancipation.org\/wp-content\/uploads\/2021\/02\/Capture-decran-2021-02-07-a-18.22.23.png?w=647&amp;ssl=1 647w, https:\/\/i0.wp.com\/www.rdpemancipation.org\/wp-content\/uploads\/2021\/02\/Capture-decran-2021-02-07-a-18.22.23.png?resize=300%2C166&amp;ssl=1 300w\" sizes=\"auto, (max-width: 463px) 100vw, 463px\" \/><\/figure>\n\n\n\n<p><a href=\"https:\/\/theconversation.com\/six-cles-pour-comprendre-le-quotidien-des-enfants-confines-154143\">Six cl\u00e9s pour comprendre le quotidien des enfants confin\u00e9s<\/a> (The Conversation)<\/p>\n\n\n\n<p><a href=\"https:\/\/www.anti-k.org\/2021\/02\/07\/eleves-transgenres-discrimines-ou-violentes-lecole-en-france-est-en-retard-et-doit-sadapter\/\">\u00c9l\u00e8ves transgenres discrimin\u00e9s ou violent\u00e9s: l\u2019\u00e9cole en France est en retard et doit s\u2019adapter&nbsp;<\/a> (Le HuffPost)<\/p>\n\n\n\n<p><a href=\"https:\/\/blogs.mediapart.fr\/jean-marc-b\/blog\/070221\/soutien-des-lyceens-madama-et-au-professeur-en-greve-de-la-faim\">Soutien des lyc\u00e9ens a Madama et au professeur en gr\u00e8ve de la faim <\/a>(Le Progr\u00e8s)<\/p>\n\n\n\n<p><a href=\"https:\/\/theconversation.com\/six-cles-pour-comprendre-le-quotidien-des-enfants-confines-154143\">Six cl\u00e9s pour comprendre le quotidien des enfants confin\u00e9s<\/a> (The Conversation)<\/p>\n\n\n\n<p><a href=\"https:\/\/www.anti-k.org\/2021\/02\/07\/eleves-transgenres-discrimines-ou-violentes-lecole-en-france-est-en-retard-et-doit-sadapter\/\">\u00c9l\u00e8ves transgenres discrimin\u00e9s ou violent\u00e9s: l\u2019\u00e9cole en France est en retard et doit s\u2019adapter&nbsp;<\/a> (Le HuffPost)<\/p>\n\n\n\n<p><a href=\"https:\/\/blogs.mediapart.fr\/jean-marc-b\/blog\/070221\/soutien-des-lyceens-madama-et-au-professeur-en-greve-de-la-faim\">Soutien des lyc\u00e9ens a Madama et au professeur en gr\u00e8ve de la faim <\/a>(Le Progr\u00e8s)<\/p>\n\n\n\n<p><a href=\"https:\/\/alt-rev.com\/2021\/02\/07\/reforme-des-apl-une-mauvaise-surprise-pour-les-jeunes\/\">R\u00e9forme des APL : une mauvaise surprise pour les jeunes<\/a> (Lib\u00e9ration)<\/p>\n\n\n\n<figure class=\"wp-block-image is-resized is-style-default\"><img loading=\"lazy\" decoding=\"async\" src=\"https:\/\/scontent.fhex4-1.fna.fbcdn.net\/v\/t1.0-9\/146941746_1142953782793755_6113903576148325519_n.png?_nc_cat=105&amp;ccb=2&amp;_nc_sid=730e14&amp;_nc_ohc=lyH2bM52_-YAX8VT2kS&amp;_nc_ht=scontent.fhex4-1.fna&amp;oh=418ab692a3970f2e6bf4d17f57f96aaa&amp;oe=604720BC\" alt=\"Peut \u00eatre une image de texte qui dit \u2019Julien Delohen @. \u00b710h C'est tellement difficile d'\u00eatre \u00e9tudiant en 2021 qu'avec le nouveau mode de calcul des #APL je viens de perdre 50 euros tous les mois sur mes revenus. 10 jours de courses. Mon budget livres mensuel n\u00e9cessaire \u00e0 mes \u00e9tudes. #RendezLesAPL #etudiantsfantomes twitter.com\/VidalFrederiq\u2019\" width=\"310\" height=\"425\"\/><\/figure>\n\n\n\n<p><a href=\"https:\/\/www.revolutionpermanente.fr\/70-des-bourses-maintenues-la-nouvelle-insulte-du-gouvernement-aux-jeunes-diplomes\">70% des bourses maintenues&nbsp;: la nouvelle insulte du gouvernement aux jeunes dipl\u00f4m\u00e9s<\/a> (RP)<\/p>\n\n\n\n<p><a href=\"https:\/\/blogs.mediapart.fr\/jean-marc-b\/blog\/070221\/soutien-des-lyceens-madama-et-au-professeur-en-greve-de-la-faim\">Soutien des lyc\u00e9ens a Madama et au professeur en gr\u00e8ve de la faim <\/a>-Luttes Invisibles<\/p>\n\n\n\n<figure class=\"wp-block-image is-resized is-style-default\"><img loading=\"lazy\" decoding=\"async\" src=\"https:\/\/scontent.fhex4-2.fna.fbcdn.net\/v\/t1.0-0\/p180x540\/147529999_1142912196131247_4501221664621655508_n.jpg?_nc_cat=103&amp;ccb=2&amp;_nc_sid=730e14&amp;_nc_ohc=LBMEc_9VdVgAX9TmVvJ&amp;_nc_ht=scontent.fhex4-2.fna&amp;tp=6&amp;oh=94aa12e965d0865582028bbc1babef9e&amp;oe=604616CA\" alt=\"Peut \u00eatre une image de une personne ou plus, personnes debout et plein air\" width=\"407\" height=\"305\"\/><\/figure>\n\n\n\n<p><a href=\"https:\/\/www.revolutionpermanente.fr\/Soutien-a-notre-camarade-Helene-victime-de-repression-syndicale-et-pedagogique-a-Marie-Curie-a\">Soutien \u00e0&nbsp; H\u00e9l\u00e8ne, victime de r\u00e9pression syndicale et p\u00e9dagogique \u00e0 Marie Curie \u00e0 Bobigny<\/a> (RP)<\/p>\n\n\n\n<p><a href=\"https:\/\/www.franceculture.fr\/emissions\/grand-reportage\/trop-decrans-pas-assez-dactivite-physique-les-adolescents-en-danger?s=09\">Trop d&rsquo;\u00e9crans, pas assez d&rsquo;activit\u00e9 physique : les adolescents en danger<\/a> (Grand ReportAge &#8211; France Culture)<\/p>\n\n\n\n<p>\u200b<a href=\"https:\/\/www.liberation.fr\/societe\/police-justice\/avec-des-educateurs-de-la-protection-judiciaire-de-la-jeunesse-notre-role-cest-de-fixer-des-reperes-20210204_QWT6FPR5FNAVHAF6K6AZNJY4VU\/?xtor=EREC-26-%5BNL_abo_soir_2021-02-04%5D-&amp;actId=ebwp0YMB8s1_OGEGSsDRkNUcvuQDVN7a57ET3fWtrS_9o2H3YnSh-tlErCsS7SWS&amp;actCampaignType=CAMPAIGN_MAIL&amp;actSource=507213\">Arras- Avec des \u00e9ducateurs de la protection judiciaire de la jeunesse&nbsp;: \u00abNotre r\u00f4le, c\u2019est de fixer des rep\u00e8res\u00bb<\/a> (Lib\u00e9ration)<\/p>\n\n\n\n<p><a href=\"https:\/\/blog.francetvinfo.fr\/l-instit-humeurs\/\">\u00ab Le fiasco Blanquer \u00bb, anatomie d\u2019un ministre <\/a>-L\u2019instit\u2019Humeur (FranceInfo)<\/p>\n\n\n\n<figure class=\"wp-block-image is-resized is-style-default\"><img data-recalc-dims=\"1\" loading=\"lazy\" decoding=\"async\" src=\"https:\/\/i0.wp.com\/blog.francetvinfo.fr\/l-instit-humeurs\/files\/2020\/12\/2.-Quand-les-enqutes-internationales-se-suivent-et-se-ressemblent-pour-la-France.gif?resize=406%2C303&#038;ssl=1\" alt=\"\" width=\"406\" height=\"303\"\/><figcaption><strong><sub>Quand les enqu\u00eates internationales sur le niveau des \u00e9l\u00e8ves fran\u00e7ais <\/sub><\/strong><br><strong><sub>se suivent et se ressemblent.<\/sub><\/strong><\/figcaption><\/figure>\n\n\n\n<p><strong><span class=\"has-inline-color has-vivid-red-color\">6 F\u00e9vrier<\/span><\/strong><\/p>\n\n\n\n<p><a href=\"https:\/\/blogs.mediapart.fr\/jean-marc-b\/blog\/060221\/occupation-de-l-ehess-ce-vendredi-soir\">Occupation de l\u2019EHESS ce vendredi soir <\/a>(ARC)<\/p>\n\n\n\n<p><a href=\"https:\/\/info.mediapart.fr\/optiext\/optiextension.dll?ID=aIJaGxI1kfQ9kO8Y7q7jd4rZKSiUMny0+ldr5t2ZB+amgB7WiZqlkIA3inTVxPYuR4B3FB9qsY6vW5CiilmhRb5QHE24j\">La R\u00e9publique ou la famille? La loi \u00abs\u00e9paratisme\u00bb relance la querelle scolaire<\/a> (MDP)<\/p>\n\n\n\n<p><a href=\"https:\/\/info.mediapart.fr\/optiext\/optiextension.dll?ID=aIJaMIOElLmeWAORK2_jeyIhZmw6DL8DHx054p371wHwb4VWjsZshwHDkyQYho4mXhcplCQKJxo4PRkmejiOQKrToaty0\">La grande mis\u00e8re des \u00e9coles des quartiers populaires<\/a> -blog JF Clopeau<\/p>\n\n\n\n<p><a href=\"https:\/\/info.mediapart.fr\/optiext\/optiextension.dll?ID=aIJaLzP9CrbK9Zwf0BPVSUPImsR6kXe5oaUsIXYKFKj8ClbqiGCJPVuJyTOoN6IQG4qf8B5AGOgJ7znaDfnCS0JasU6O7\">Vous avez dit int\u00e9r\u00eat sup\u00e9rieur de l\u2019enfant, parlons-en!<\/a> -blog Adeline et Romain<\/p>\n\n\n\n<figure class=\"wp-block-image is-resized is-style-default\"><img loading=\"lazy\" decoding=\"async\" src=\"https:\/\/scontent.fhex4-1.fna.fbcdn.net\/v\/t1.0-9\/146660679_1142469142842219_500201485764365308_n.png?_nc_cat=102&amp;ccb=2&amp;_nc_sid=730e14&amp;_nc_ohc=8JM-8j2iug8AX8zFtoo&amp;_nc_ht=scontent.fhex4-1.fna&amp;oh=38147e7e338aa83ceec436400a1ed244&amp;oe=60427567\" alt=\"Peut \u00eatre une capture d\u2019\u00e9cran de Twitter de 1 personne et texte qui dit \u2019T\u00e9l\u00e9 7 Jours @Tele7 LES R\u00c9PLIQUES &quot;Fortnite c'est terrible...&quot; Brigitte Macron s'engage contre les effets nocifs des jeux vid\u00e9os dlvr.it\/Rs1w7T 8:59 PM f\u00e9vr. 2021 dlvr.it Dino d'ortho @DinofutureOrtho Nan ce qui est terrible c'est les 400 morts par jour. Les jeunes qui font la queue pour pouvoir se nourrir Les gens dans la rue Un ministre violeur. Les f\u00e9minicides. La pr\u00e9carit\u00e9 qui gagne du terrain. Le je m en foutisme du gouvernement Etc. .Etc.. 10:48 PM 4 f\u00e9vr. 2021 Twitter for Android\u2019\" width=\"381\" height=\"412\"\/><\/figure>\n\n\n\n<p><a href=\"https:\/\/info.mediapart.fr\/optiext\/optiextension.dll?ID=aIJaJUpunXRO62LAKvC+l0buhVCYSSdO5QzORIbVYTuQCLFqjP2NBgVqDzpe75TZDIWvZSdYVUBUA2LCxH4PD2gq2N9yL\">Education Nationale: la destruction du service public s&rsquo;acc\u00e9l\u00e8re<\/a>&nbsp; -blog <a href=\"https:\/\/info.mediapart.fr\/optiext\/optiextension.dll?ID=aIJaKIE26WT9_4xkFvRToOVztOUNtsY3Ce+wp1PPkfEx8LkWjoMp8xQpUy+gizvUvBHzGAhwsTch6o+q9619QPcluDlyG\">Cyril Mouquet<\/a><\/p>\n\n\n\n<figure class=\"wp-block-image is-resized is-style-default\"><img loading=\"lazy\" decoding=\"async\" src=\"https:\/\/scontent.fhex4-1.fna.fbcdn.net\/v\/t1.0-0\/s600x600\/146735074_2524431774517451_4793450270457976452_n.jpg?_nc_cat=100&amp;ccb=2&amp;_nc_sid=8bfeb9&amp;_nc_ohc=8ArjxGd9yi0AX-u1viW&amp;_nc_ht=scontent.fhex4-1.fna&amp;tp=7&amp;oh=ed0332a03eff979ecba4781fd25be6ff&amp;oe=60431CFD\" alt=\"\" width=\"413\" height=\"227\"\/><\/figure>\n\n\n\n<p><a href=\"https:\/\/info.mediapart.fr\/optiext\/optiextension.dll?ID=bJIbMasjP4IVsR6HNOn976WTLLePTfyfpNegsK4vdH3cXlqXjneFLn4J2MU0P7gfUlF07qESlRUfuAv52bu42Ncn+Gjz_\">Le difficile pas de deux entre militaires et chercheurs<\/a> (MDP)<\/p>\n\n\n\n<p><strong><span class=\"has-inline-color has-vivid-red-color\">5 F\u00e9vrier <\/span><\/strong><\/p>\n\n\n\n<p><a href=\"https:\/\/blogs.mediapart.fr\/jean-marc-b\/blog\/060221\/nous-ne-serons-pas-la-generation-sacrifiee\">Nous ne serons pas la g\u00e9n\u00e9ration sacrifi\u00e9e ! <\/a>(Unef Tacle)<\/p>\n\n\n\n<figure class=\"wp-block-image is-resized is-style-default\"><img loading=\"lazy\" decoding=\"async\" src=\"https:\/\/scontent.fhex4-2.fna.fbcdn.net\/v\/t1.0-9\/147205132_2524442017849760_9107078913693672003_o.jpg?_nc_cat=103&amp;ccb=2&amp;_nc_sid=730e14&amp;_nc_ohc=_eAX4246uIkAX8RUodC&amp;_nc_ht=scontent.fhex4-2.fna&amp;oh=4e9fdf0b7160742cfdb7e257f15fc9c4&amp;oe=6044B21E\" alt=\"Peut \u00eatre une image de 8 personnes et texte\" width=\"361\" height=\"509\"\/><\/figure>\n\n\n\n<p><a href=\"https:\/\/www.boursorama.com\/actualite-economique\/actualites\/covid-19-les-etudiants-vont-pouvoir-a-nouveau-manger-sur-place-dans-les-restos-u-vidal-3bd85009fd467040da9201cc8b5ff941\">Covid-19: les \u00e9tudiants vont pouvoir \u00e0 nouveau manger sur place dans les restos U (Vidal)<\/a> (AFP)<\/p>\n\n\n\n<p><a href=\"https:\/\/www.revolutionpermanente.fr\/Entree-en-application-de-la-reforme-sur-les-APL-une-nouvelle-offensive-contre-la-jeunesse\">Entr\u00e9e en application de la r\u00e9forme sur les APL&nbsp;: une nouvelle offensive contre la jeunesse<\/a> (RP)<\/p>\n\n\n\n<p><a href=\"http:\/\/www.apple.fr\">Givors : Le Dasen et la gr\u00e8ve de la faim de deux enseignants <\/a>(Caf\u00e9 P\u00e9dagogique)<\/p>\n\n\n\n<p><a href=\"http:\/\/link.listes.cafepedagogique.net\/m\/surl\/200138\/507215\/IqXTfD_xreYwJzqey0g71HFKF-B12viezBEiZxMr5xU=\/link_10\/V0upyllb1mrdTKhnQ4nB1TkmxRJZMAublRiGQD7MeGAhi7kaHZcVm+BLAsr7m8XuHf7i-EtfH83GM5yS2TjAux-ef8OyiKcF6cAK04if5GQE23Ue-cukixd3TutCSUrLaTiAoieTVPaJ-4qXsNvJpwfgMBG42ZO0UX6PDxSzxg0Au4ObVaheFOgUDTaRA2YbCxPXRRJO1ncRRaN5mPOTL6H65DeXwJl6rxPdyXIeL6teHpum9gdyHTnRJFG+Nj5yZlNnPJoJb07jIE9f1-RfElq-zJjZo0A9wbcIQDnGGZPgsZH4DRdhjP5QQnktNAy0\">Les enseignants : Une forteresse l\u00e9zard\u00e9e selon la Fondation Jean Jaur\u00e8s<\/a> (Caf\u00e9 P\u00e9dagogique)<\/p>\n\n\n\n<p><a href=\"https:\/\/lanticapitaliste.org\/arguments\/education\/dans-lenseignement-superieur-et-la-recherche-une-precarite-structurelle\">Dans l\u2019Enseignement sup\u00e9rieur et la recherche, une pr\u00e9carit\u00e9 structurelle<\/a> (L\u2019Anticapitaliste)<\/p>\n\n\n\n<p><a href=\"https:\/\/info.mediapart.fr\/optiext\/optiextension.dll?ID=IabIcfMNK5_NJ2MjoHburh5cob+In+tL8AIaoh9bwEo6wQzYR9svHVmmDmu4uo4qMewgQ6ACZGwSaxP4fnw+1pi8HCLYK\">Inceste: Macron appelle \u00e0 la rescousse une m\u00e9decine scolaire d\u00e9j\u00e0 exsangue<\/a> (MDP)<\/p>\n\n\n\n<p>J<a href=\"http:\/\/link.listes.cafepedagogique.net\/m\/surl\/200138\/507215\/IqXTfD_xreYwJzqey0g71HFKF-B12viezBEiZxMr5xU=\/link_3\/63yenVzg8pJbTaOG3rhLkGFr0F-C3MFyAkqZkk+GKvZRyTh9ZE4BePPO3qem5NpNNREwSL+w3bt6g82AERUGyXlcXFrFd7O7hbbbAmCl2I18RhNBfnKs5OFgnWXGaWJ2eP7JXpK2aJdWrosJth+5ZKCGs0+2H1mMmXLMOBoOXAJJ6GAeZo+4NOmvh55rZn4YhkglG7hYCYqMd1xqsmvjwJjAkmwIoWX3MYRF7cDWL3WurKvQ+OZKseMvEL3WgNPeffdxYr76EtoQKIyUkenkrSDXfhtr35iv8m+igj8gXwCZL+ESkt9xlOgdmTd9Dy0R\">ean Ravestein : L&rsquo;\u00e9chec scolaire et ses mythes&nbsp;<\/a> (Caf\u00e9 P\u00e9dagogique)<\/p>\n\n\n\n<p><a href=\"http:\/\/link.listes.cafepedagogique.net\/m\/surl\/200138\/507215\/IqXTfD_xreYwJzqey0g71HFKF-B12viezBEiZxMr5xU=\/link_15\/jkEeSMXCeu6SxX1EW9oAzNRn8P9Tww8vSZKBDohH8249ZR8fg6N8SqtYV2UJPC4FsxS8CFD0dCewDDQPRNEuYa1LALsj90m5BQ0zjsbQ4V0qZnaBZq8V+tb54Suib6FKHT7Ax4HwXtbUOfO8MhMBoNOqNhIyBc-YR-1sODd9tgivNy3rKKeyseqEnd1DwSXeuWRsvDW-YXUmPQE+wiwac2dj3L6gVx2w3fRmK4I3pp4aK1ZykgqktztEolwCu6dFZs6RtVbkdR3Y17se-CcGYSlS1fdo2dMn2ejq+VBl-LES15r33apR2xUVNRI7CyYd\">Bruno Devauchelle : Faut-il mettre le num\u00e9rique \u00e0 port\u00e9e de la main ?<\/a> (Caf\u00e9 P\u00e9dagogique)<\/p>\n\n\n\n<p><strong><span class=\"has-inline-color has-vivid-red-color\">4 F\u00e9vrier <\/span><\/strong><\/p>\n\n\n\n<p><a href=\"https:\/\/www.boursorama.com\/actualite-economique\/actualites\/justice-des-mineurs-deputes-et-senateurs-tombent-d-accord-2349886813fa11e170eaf5112794e072\">Justice des mineurs: d\u00e9put\u00e9s et s\u00e9nateurs tombent d&rsquo;accord<\/a> (AFP)<\/p>\n\n\n\n<p><a href=\"https:\/\/www.revolutionpermanente.fr\/Enquete-A-Bordeaux-Montaigne-75-des-etudiants-apprehendent-fortement-la-fin-de-l-annee\">Bordeaux Montaigne&nbsp;: une grande enqu\u00eate aupr\u00e8s de 4600 \u00e9tudiants r\u00e9v\u00e8le l\u2019ampleur du mal-\u00eatre<\/a> (RP)<\/p>\n\n\n\n<p><a href=\"https:\/\/blogs.mediapart.fr\/jean-marc-b\/blog\/040221\/les-universites-face-la-pandemie-video-lanticapitaliste\">Les universit\u00e9s face \u00e0 la pand\u00e9mie &#8211;<\/a>vid\u00e9o L&rsquo;Anticapitaliste<\/p>\n\n\n\n<p><a href=\"http:\/\/link.listes.cafepedagogique.net\/m\/surl\/200138\/507199\/mKdGNl5ceyAS27yJ1vpU2HFKF-B12viezBEiZxMr5xU=\/link_10\/51CnvJK4HbvtGjcykPMIb+LO0xxTZQ8Ha+5TxI3iHyMKciEAK4PKfcfZem4OHrqpTn0SYvZmdIJf0gg-fHIueWn4i0CuYKTbGpwGAGjQCf-E5ZJQ4RsH3-vxaYFhOlZvjDnO37K0Xyi70XX5GFXW2VuGzqxSc0pBgtNrfvizYdVM15debJf63J4xR0VBvPvcNk+fkA2Jf-Qd661TedjiWASo751YbRlKt0klDc42G+1l4DdgOrsmZ8FTUpLJt0WtWSMMza2gWNFx-cZffriF3rJCBlmSoorZ0JyCbnWQekJJA6C0eH9njFsPp-nZcD41\">DHG : A Bouxwiller le lyc\u00e9e contraint de r\u00e9duire son offre<\/a> (Caf\u00e9 P\u00e9dagogique)<\/p>\n\n\n\n<p><a href=\"https:\/\/www.mediapart.fr\/journal\/france\/040221\/2020-21-une-annee-noire-pour-les-parents-des-etudiants\">2020-21, une ann\u00e9e noire pour les parents des \u00e9tudiants<\/a> (M\u00e9diapart)<\/p>\n\n\n\n<p><a href=\"https:\/\/www.lexpress.fr\/actualite\/politique\/pourquoi-le-gouvernement-refuse-l-elargissement-du-rsa-aux-moins-de-25-ans_2144024.html\">Pourquoi le gouvernement refuse l&rsquo;\u00e9largissement du RSA aux moins de 25 ans<\/a> (L\u2019Express)<\/p>\n\n\n\n<p><a href=\"https:\/\/lanticapitaliste.org\/arguments\/education\/de-la-lru-la-lpr-un-glissement-vers-une-gestion-manageriale-et-autoritaire-de\">De la LRU \u00e0 la LPR un glissement vers une gestion manag\u00e9riale et autoritaire <\/a>(L\u2019Anticapitaliste)<\/p>\n\n\n\n<figure class=\"wp-block-image is-resized is-style-default\"><img data-recalc-dims=\"1\" loading=\"lazy\" decoding=\"async\" src=\"https:\/\/i0.wp.com\/lanticapitaliste.org\/sites\/default\/files\/styles\/largeur_content_hauteur_complet\/public\/img_4371_copie.jpg?resize=419%2C277&#038;ssl=1\" alt=\"\" width=\"419\" height=\"277\"\/><\/figure>\n\n\n\n<p><a href=\"https:\/\/lanticapitaliste.org\/arguments\/education\/dans-lenseignement-superieur-et-la-recherche-une-precarite-structurelle\">Dans l\u2019Enseignement sup\u00e9rieur et la recherche, une pr\u00e9carit\u00e9 structurelle<\/a> (L\u2019Anticapitaliste)<\/p>\n\n\n\n<p><a href=\"http:\/\/link.listes.cafepedagogique.net\/m\/surl\/200138\/507199\/mKdGNl5ceyAS27yJ1vpU2HFKF-B12viezBEiZxMr5xU=\/link_3\/5ITeZXVLgjMyIiBlD9Bsp76-muUTI5DSYoup5Bi+ji-ZTtN6lWKo+fy+ZAzfFWKQBwxoR6kJU-2i7LwjlpgE8T7D-KC6d5ynixdF0104aNXlAjaI8T-E00icBlSkolpTD325WP2x5a76U4IaIXTPvrOHPKR7-IH0pfangb0ENRwl1BoYZlWugvi7Ed64zV7Otzmgov-LZ-E3l9yaIMG-zWkQ+-iWMPHk6kFx+s4TzYsf4gBs4jHf5cusuH2Xdht75PsVoJF-y--2iuZl+WPYy7H4wTaq4fA9XuJbJQHVa04iZznOUWaod5qBhI2IK7pJ\">Quel avenir pour la recherche en \u00e9ducation ?<\/a> (Caf\u00e9 P\u00e9dagogique)<\/p>\n\n\n\n<p><a href=\"http:\/\/link.listes.cafepedagogique.net\/m\/surl\/200138\/507199\/mKdGNl5ceyAS27yJ1vpU2HFKF-B12viezBEiZxMr5xU=\/link_10\/51CnvJK4HbvtGjcykPMIb+LO0xxTZQ8Ha+5TxI3iHyMKciEAK4PKfcfZem4OHrqpTn0SYvZmdIJf0gg-fHIueWn4i0CuYKTbGpwGAGjQCf-E5ZJQ4RsH3-vxaYFhOlZvjDnO37K0Xyi70XX5GFXW2VuGzqxSc0pBgtNrfvizYdVM15debJf63J4xR0VBvPvcNk+fkA2Jf-Qd661TedjiWASo751YbRlKt0klDc42G+1l4DdgOrsmZ8FTUpLJt0WtWSMMza2gWNFx-cZffriF3rJCBlmSoorZ0JyCbnWQekJJA6C0eH9njFsPp-nZcD41\">DHG : A Bouxwiller le lyc\u00e9e contraint de r\u00e9duire son offre<\/a> (Caf\u00e9 P\u00e9dagogique)<\/p>\n\n\n\n<p><a href=\"http:\/\/lafabrique.centralesupelec.fr\/webinaireco2\/\">A\u00e9ration et mesure du CO2 comme moyen de lutte contre la Covid 19<\/a> (La fabrique C\/S)<\/p>\n\n\n\n<p><span class=\"has-inline-color has-vivid-red-color\"><strong>3 F\u00e9vrier<\/strong><\/span><\/p>\n\n\n\n<p><a href=\"https:\/\/blogs.mediapart.fr\/jean-marc-b\/blog\/030221\/relaxe-pour-les-4-de-nanterre-poursuivis-pour-defendre-le-droit-d-etudier\">Relaxe pour les 4 de Nanterre poursuivis pour d\u00e9fendre le droit d\u2019\u00e9tudier <\/a>-Unef Tacle<\/p>\n\n\n\n<figure class=\"wp-block-image is-resized is-style-default\"><img loading=\"lazy\" decoding=\"async\" src=\"https:\/\/scontent.fhex4-2.fna.fbcdn.net\/v\/t1.0-0\/p526x296\/143036879_2518936261733669_6632268679603782224_n.jpg?_nc_cat=111&amp;ccb=2&amp;_nc_sid=8bfeb9&amp;_nc_ohc=znxkUjstRSAAX-iBKwH&amp;_nc_ht=scontent.fhex4-2.fna&amp;tp=6&amp;oh=ae923beb264e0ad0ca99b884fcbfdce4&amp;oe=603F9A7B\" alt=\"Peut \u00eatre une image de 5 personnes, personnes debout et aliment\" width=\"385\" height=\"513\"\/><\/figure>\n\n\n\n<p>&nbsp;<a href=\"https:\/\/www.youtube.com\/watch?v=el-MAyOAagw\">\u00ab\u00a0Le malaise \u00e9tudiant\u00a0\u00bb<\/a> -Guillaume Meurice<\/p>\n\n\n\n<p><a href=\"https:\/\/www.acrimed.org\/Olivier-Truchot-etrille-les-profs-et-s-en\">Olivier Truchot \u00e9trille les profs\u2026 et s&rsquo;en f\u00e9licite sur RMC<\/a> (Acrimed)<\/p>\n\n\n\n<p><a href=\"https:\/\/www.revolutionpermanente.fr\/Covid-et-variant-a-l-ecole-Blanquer-bricole-un-nouveau-protocole-mais-toujours-sans-moyens-a-la\">Covid et variant \u00e0 l\u2019\u00e9cole&nbsp;: Blanquer bricole un nouveau protocole mais toujours sans moyens \u00e0 la hauteur<\/a> (RP)<\/p>\n\n\n\n<p><a href=\"https:\/\/lanticapitaliste.org\/arguments\/education\/covid-19-luniversite-sans-contact\">Covid-19 : l\u2019universit\u00e9 sans contact<\/a> (L\u2019Anticapitaliste)<\/p>\n\n\n\n<p><a href=\"https:\/\/www.anti-k.org\/2021\/02\/03\/mcdo-carrefour-decathlon-pour-eux-le-plan-jeunes-sest-transforme-en-jackpot\/\">McDo, Carrefour, Decathlon\u2026 Pour eux, le plan jeunes s\u2019est transform\u00e9 en jackpot<\/a> (L\u2019Humanit\u00e9)<\/p>\n\n\n\n<p><a href=\"https:\/\/www.liberation.fr\/france\/2021\/02\/01\/loi-separatismes-la-droite-ressort-le-delit-d-entrave-sur-les-campus_1818961\/?fbclid=IwAR2GafFndf8xhzZ1ocCNiDGdPm9-0nUL2SaRwgaPhsND2TC2YXRyBd_FJNI\">Loi s\u00e9paratismes : la droite ressort le \u00abd\u00e9lit d&rsquo;entrave\u00bb sur les campus <\/a>(Lib\u00e9ration)<\/p>\n\n\n\n<p><a href=\"https:\/\/www.boursorama.com\/actualite-economique\/actualites\/universites-une-prime-de-1-000-euros-en-fevrier-pour-les-maitres-de-conference-cc25dbe84e25cdaa1854751db60397c5\">Universit\u00e9s : une prime de 1.000 euros en f\u00e9vrier pour les ma\u00eetres de conf\u00e9rence<\/a> (Boursorama)<\/p>\n\n\n\n<p><a href=\"https:\/\/lanticapitaliste.org\/actualite\/social\/pauvrete-confinement-les-etudiantes-nentendent-pas-rester-seuls\">Pauvret\u00e9, confinement : les \u00e9tudiantEs n\u2019entendent pas rester seuls !<\/a> (L\u2019Anticapitaliste)<\/p>\n\n\n\n<p><span class=\"has-inline-color has-vivid-red-color\"><strong>2 F\u00e9vrier en continu<\/strong><\/span><\/p>\n\n\n\n<p><a href=\"https:\/\/www.bastamag.net\/Service-civique-10-ans-de-precarisation-de-la-jeunesse-au-nom-de-l-engagement-citoyen-SNU\">Service civique : dix ans de pr\u00e9carisation de la jeunesse au nom de l&rsquo;engagement citoyen<\/a> (Basta&nbsp;!)<\/p>\n\n\n\n<p><a href=\"http:\/\/feedproxy.google.com\/~r\/Rue89Strasbourg\/~3\/KfgbeYcoEu4\/en-raison-dune-greve-nationale-jeudi-pas-de-cantine-dans-les-ecoles-199284\">En raison d\u2019une gr\u00e8ve nationale jeudi, pas de cantine dans les \u00e9coles<\/a> (Rue89 Strasbourg)<\/p>\n\n\n\n<p><a href=\"https:\/\/www.boursorama.com\/actualite-economique\/actualites\/covid-19-desormais-si-un-eleve-est-positif-en-maternelle-la-classe-fermera-4848b5c49d9f80598ef1e4eb65262499\">Covid-19: d\u00e9sormais si un \u00e9l\u00e8ve est positif en maternelle, la classe fermera<\/a> (AFP)<\/p>\n\n\n\n<figure class=\"wp-block-image is-resized is-style-default\"><img loading=\"lazy\" decoding=\"async\" src=\"https:\/\/scontent.fhex4-2.fna.fbcdn.net\/v\/t1.0-0\/p526x296\/145688925_2522088131418482_2950783199107966984_n.jpg?_nc_cat=110&amp;ccb=2&amp;_nc_sid=8bfeb9&amp;_nc_ohc=WiFe5hURd8IAX8L9BdZ&amp;_nc_ht=scontent.fhex4-2.fna&amp;tp=6&amp;oh=5a97824109b48d13cde5c09effed411a&amp;oe=60410C22\" alt=\"L\u2019image contient peut-\u00eatre\u00a0: une personne ou plus, texte qui dit \u2019ON VEUT DES MILLIARDS POUR LA JEUNESSE ET PAS POUR LES ACTIONNAIRES le 4 fevrier AMPLIFIONS.A MOBILISATION! JOURN\u00c9E DE GREVE ET MANIFESTATION INTERPROFESSIONNELLES unef AG TACLE\u2019\" width=\"389\" height=\"389\"\/><\/figure>\n\n\n\n<p><span class=\"has-inline-color has-vivid-red-color\"><strong>1er F\u00e9vrier en continu<\/strong><\/span><\/p>\n\n\n\n<p><a href=\"https:\/\/info.mediapart.fr\/optiext\/optiextension.dll?ID=oSToUh7BjpkxrHJB6vnMPSXKy5fSoAfBt_iDMvMDTAuZRuEEhuh9M4azSKYb_qrEpsqaWIFpUr+UWnXRPnHAlYV2Eg+ow\">\u00ab1 jeune 1 solution\u00bb: la CGT \u00e9pingle des offres \u00abill\u00e9gales\u00bb sur le site vitrine du gouvernement<\/a> (MDP)<\/p>\n\n\n\n<p><a href=\"http:\/\/link.listes.cafepedagogique.net\/m\/surl\/200138\/507073\/UHPAc8uhRHT8xDImQ7DSlHFKF-B12viezBEiZxMr5xU=\/link_10\/S2uobdXCn30ayL7pa-O5FeAZ6A5bQoKOyj9W91aUVSDfVDh9JiTCaWSw0q42Uzd9A85-WaYFYlFz+eLNI4-yXuo9j18Nd4ja0PvtaEsoAdmmpgH1LlKFo+tvLXUlXVRqXdr4rjFOUTZ4dlTZhWx+1hzik2XOIdFR8i8qLqAAtuv-lqI8hitLzmu9vQ7Yg9yRi1K4aJjA3i8NvI8-k5Al1IBd5gXTEVvG0FrAAqLEETlwdRmQYL-l9qwV3otfZCi+j4NA00Vqk2xCxv+gI8uvGEjMqRxR6u7JpU4GWI2mRHKdHBjkLllveduvZ6cPOGEo\">Quand un professeur d\u00e9c\u00e9d\u00e9 fait cours&#8230;<\/a> (Caf\u00e9 P\u00e9dagogique)<\/p>\n\n\n\n<p><a href=\"https:\/\/www.humanite.fr\/malaise-etudiant-le-temoignage-de-florence-gourlay-professeure-au-bout-dun-moment-il-faut-desobeir#xtor=RSS-1\">Malaise \u00e9tudiant. Le t\u00e9moignage de Florence Gourlay, professeure : \u00ab Au bout d\u2019un moment, il faut d\u00e9sob\u00e9ir \u00bb<\/a> (L\u2019Humanit\u00e9)<\/p>\n\n\n\n<figure class=\"wp-block-image is-resized is-style-default\"><img data-recalc-dims=\"1\" loading=\"lazy\" decoding=\"async\" src=\"https:\/\/i0.wp.com\/www.formesdesluttes.org\/site\/assets\/files\/1050\/formesdesluttes-web-enzo2-1.png?resize=313%2C443\" alt=\"\" width=\"313\" height=\"443\"\/><\/figure>\n\n\n\n<p><a href=\"https:\/\/www.revolutionpermanente.fr\/Toulouse-A-l-universite-Capitole-des-jobs-precaires-pour-lutter-contre-la-detresse-psychologique\">Toulouse. A l\u2019universit\u00e9 Capitole des jobs pr\u00e9caires pour lutter contre la d\u00e9tresse psychologique<\/a> (RP)<\/p>\n\n\n\n<p><a href=\"http:\/\/link.listes.cafepedagogique.net\/m\/surl\/200138\/507073\/UHPAc8uhRHT8xDImQ7DSlHFKF-B12viezBEiZxMr5xU=\/link_8\/HSBtRjSUcZnjKAn141j8nmZ9aTg7HcvrXUUwEQERzXVgWNWkHGWZZy2V17xsZig2vLwXtlb2-F1QruOz3BncW+GFe6aqinhOZAy9RPh6GIaDL3ORPwRy-pw3yqwIApqNF2SCG8dgzvm6R5HVd19wGIY2NLuy8URxdGLfQs5fU2TPnvRNBMkTKy7tpgXuJ6C6b3sFNytwVNQ9s4C+-OUUlEwlojpbHsWk1wxLvZeULY4PSGeqCq2RDf4mAHarUJyIc5VDHYnXE6pm9ajl6WvE4lCSoMYYBVLG4sKSzllITLkqOJS9TeHKfsvIsUiIUakC\">Saint-Denis rend ses cantines gratuites<\/a> (Caf\u00e9 P\u00e9dagogique)<\/p>\n\n\n\n<p><a href=\"http:\/\/www.questionsdeclasses.org\/?T-en-as-du-leadership-toi\">Grenelle de l\u2019\u00e9ducation&nbsp;: T\u2019en as du leadership, toi&nbsp;?<\/a> (Q2C)<\/p>\n\n\n\n<p><a href=\"http:\/\/link.listes.cafepedagogique.net\/m\/surl\/200138\/507073\/UHPAc8uhRHT8xDImQ7DSlHFKF-B12viezBEiZxMr5xU=\/link_16\/qCu0HUNtbDvJZBBaHr9+Q2DrfYt5sV1wDbW4iU2hlfZNgJPcXD8Exz+YTW59sXfELgTc6-Sp2ejRlNxL1z91SO130nKVyHyVhD9NTiIeDvOlcMY52TiakNC3BRy1tlwaq3QtDYgLcRuTXK3y+2czL8LMPr5odEgOVlIJogpidyhyVyRV3HR-KxxDplEA0ZpWG3XcTB6qw4YspRoBQy0y8tOTl7TFUkUlKKkXh8-qUy223XolpyLsViRKYdezzNKbLXbrqaAlRbIEdZUjK5WB7XhciDC6K32If22R0VEDzMynGiGMHA7d-XwnGZIYh96f\">Evalu\u00e9s d\u00e8s la fin de maternelle&#8230;<\/a> (Caf\u00e9 P\u00e9dagogique)<\/p>\n\n\n\n<p> <\/p>\n","protected":false},"excerpt":{"rendered":"<p>28 F\u00e9vrier Pour se remotiver, des \u00e9tudiants r\u00e9investissent leurs amphis et organisent des cours autog\u00e9r\u00e9s (Bastamag) Les surdipl\u00f4m\u00e9s, \u00e9lite s\u00e9paratiste ou avant-garde ? Avec Jean-Laurent Cassely (Marianne) 27 F\u00e9vrier Islamo-gauchisme \u00bb : une attaque raciste contre les libert\u00e9s acad\u00e9miques (LFI) D\u00e9pression et pr\u00e9carit\u00e9 chez les \u00e9tudiants&nbsp;: EnjoyPhoenix pr\u00e9f\u00e8re pointer les \u00ab\u00a0dipl\u00f4mes en carton\u00a0\u00bb(RP) Litt\u00e9rature jeunesse. &#8230; <a title=\"F\u00e9vrier-Jeunesse\/Education\" class=\"read-more\" href=\"https:\/\/www.rdpemancipation.org\/?p=13993\" aria-label=\"En savoir plus sur F\u00e9vrier-Jeunesse\/Education\">Lire la suite<\/a><\/p>\n","protected":false},"author":2,"featured_media":0,"comment_status":"closed","ping_status":"closed","sticky":false,"template":"","format":"standard","meta":{"_lmt_disableupdate":"no","_lmt_disable":"no","_jetpack_memberships_contains_paid_content":false,"footnotes":""},"categories":[15],"tags":[],"class_list":["post-13993","post","type-post","status-publish","format-standard","hentry","category-jeunesse-education"],"modified_by":"jmb","jetpack_featured_media_url":"","jetpack_sharing_enabled":true,"_links":{"self":[{"href":"https:\/\/www.rdpemancipation.org\/index.php?rest_route=\/wp\/v2\/posts\/13993","targetHints":{"allow":["GET"]}}],"collection":[{"href":"https:\/\/www.rdpemancipation.org\/index.php?rest_route=\/wp\/v2\/posts"}],"about":[{"href":"https:\/\/www.rdpemancipation.org\/index.php?rest_route=\/wp\/v2\/types\/post"}],"author":[{"embeddable":true,"href":"https:\/\/www.rdpemancipation.org\/index.php?rest_route=\/wp\/v2\/users\/2"}],"replies":[{"embeddable":true,"href":"https:\/\/www.rdpemancipation.org\/index.php?rest_route=%2Fwp%2Fv2%2Fcomments&post=13993"}],"version-history":[{"count":88,"href":"https:\/\/www.rdpemancipation.org\/index.php?rest_route=\/wp\/v2\/posts\/13993\/revisions"}],"predecessor-version":[{"id":18280,"href":"https:\/\/www.rdpemancipation.org\/index.php?rest_route=\/wp\/v2\/posts\/13993\/revisions\/18280"}],"wp:attachment":[{"href":"https:\/\/www.rdpemancipation.org\/index.php?rest_route=%2Fwp%2Fv2%2Fmedia&parent=13993"}],"wp:term":[{"taxonomy":"category","embeddable":true,"href":"https:\/\/www.rdpemancipation.org\/index.php?rest_route=%2Fwp%2Fv2%2Fcategories&post=13993"},{"taxonomy":"post_tag","embeddable":true,"href":"https:\/\/www.rdpemancipation.org\/index.php?rest_route=%2Fwp%2Fv2%2Ftags&post=13993"}],"curies":[{"name":"wp","href":"https:\/\/api.w.org\/{rel}","templated":true}]}}