{"id":13991,"date":"2021-02-01T10:23:59","date_gmt":"2021-02-01T09:23:59","guid":{"rendered":"https:\/\/www.rdpemancipation.org\/?p=13991"},"modified":"2021-03-01T11:56:52","modified_gmt":"2021-03-01T10:56:52","slug":"fevrier-sante","status":"publish","type":"post","link":"https:\/\/www.rdpemancipation.org\/?p=13991","title":{"rendered":"F\u00e9vrier-Sant\u00e9"},"content":{"rendered":"\n<p><strong><span class=\"has-inline-color has-vivid-red-color\">28 F\u00e9vrier <\/span><\/strong><\/p>\n\n\n\n<p><a href=\"https:\/\/www.les-crises.fr\/point-pandemie-covid-19-pourquoi-nous-allons-probablement-vers-un-confinement\/\">Pand\u00e9mie Covid-19 : Pourquoi nous allons probablement vers un confinement <\/a>-Olivier Berruyer (Les Crises)<\/p>\n\n\n\n<p><a href=\"https:\/\/alt-rev.com\/2021\/02\/28\/macron-fait-des-paris-sur-nos-vies\/\">Macron fait des \u201cparis\u201d \u2026 sur nos vies<\/a> (Arguments pour la lutte sociale)<\/p>\n\n\n\n<p><a href=\"https:\/\/www.boursorama.com\/actualite-economique\/actualites\/coronavirus-paris-negocie-avec-berlin-pour-eviter-une-frontiere-fermee-en-moselle-b202133b94a20ac81584b57d6b2b1e00\">Coronavirus: Paris n\u00e9gocie avec Berlin pour \u00e9viter une fronti\u00e8re ferm\u00e9e en Moselle<\/a> (Reuters)<\/p>\n\n\n\n<p><a href=\"https:\/\/www.humanite.fr\/pesticides-dangereux-lautorite-europeenne-de-securite-des-aliments-menacee-dun-proces-pour-inaction#xtor=RSS-1\">Pesticides dangereux : l\u2019Autorit\u00e9 europ\u00e9enne de s\u00e9curit\u00e9 des aliments menac\u00e9e d\u2019un proc\u00e8s pour inaction<\/a>&nbsp;<\/p>\n\n\n\n<p><a href=\"https:\/\/www.les-crises.fr\/strategie-zero-covid-apprendre-des-meilleurs-face-a-la-pandemie\/\">Strat\u00e9gie \u00ab Z\u00e9ro-COVID \u00bb : Apprendre des meilleurs face \u00e0 la pand\u00e9mie<\/a> (Les Crises)<\/p>\n\n\n\n<p><a href=\"https:\/\/www.boursorama.com\/actualite-economique\/actualites\/vaccins-covid-le-maire-de-marseille-demande-a-macron-de-tordre-le-bras-aux-labos-127283ef7e75a046ac65b86f90852df5\">Vaccins Covid: le maire de Marseille demande \u00e0 Macron de \u00ab\u00a0tordre le bras\u00a0\u00bb aux labos<\/a> (AFP)<\/p>\n\n\n\n<p><a href=\"https:\/\/blogs.mediapart.fr\/jean-marc-b\/blog\/280221\/dans-l-air-libre-covid-19-pandemie-et-consequences\">Dans \u00ab \u00c0 l\u2019air libre \u00bb : Covid-19, pand\u00e9mie et cons\u00e9quences&nbsp;<\/a> (vid\u00e9o MDP)<\/p>\n\n\n\n<figure class=\"wp-block-image is-resized is-style-default\"><img loading=\"lazy\" decoding=\"async\" src=\"https:\/\/scontent.fsti4-1.fna.fbcdn.net\/v\/t1.0-9\/155222347_1155576684864798_2629326802518469858_n.png?_nc_cat=103&amp;ccb=3&amp;_nc_sid=730e14&amp;_nc_ohc=mtzJVdoNpkQAX8qXbIx&amp;_nc_ht=scontent.fsti4-1.fna&amp;oh=abf6cf4835896551588cbeceab9315ba&amp;oe=60618B69\" alt=\"Peut \u00eatre une image de ciel\" width=\"445\" height=\"255\"\/><figcaption><sub>Plages Dunkerque ou Nice, pas bien, mais le m\u00e9tro bond\u00e9, <\/sub><br><sub>c&rsquo;est parfait pour les pieds nickel\u00e9s au service du capital<\/sub><\/figcaption><\/figure>\n\n\n\n<p><a href=\"https:\/\/www.francetvinfo.fr\/sante\/enquete-apres-le-covid-19-dautres-virus-dorigine-animale-nous-menacent_4312331.html\">Apr\u00e8s le Covid-19, d\u2019autres virus d\u2019origine animale nous menacent<\/a> (France Info)<\/p>\n\n\n\n<p><a href=\"https:\/\/www.boursorama.com\/actualite-economique\/actualites\/19-7-millions-de-britanniques-ont-ete-vaccines-33fcf8b131857c2871b9b5ea7fec01ff\">19,7 millions de Britanniques ont \u00e9t\u00e9 vaccin\u00e9s<\/a> (Reuters)<\/p>\n\n\n\n<p><a href=\"https:\/\/covid19.healthdata.org\/france\">Projections par pays contaminations et morts Covid-19<\/a> (anglais, IHME)<\/p>\n\n\n\n<p><a href=\"https:\/\/wgntv.com\/news\/coronavirus\/johns-hopkins-offers-live-interactive-map-of-global-coronavirus-cases\/\">En continu carte et chiffres d\u00e9taill\u00e9s sur la Pand\u00e9mie&nbsp;<\/a> (anglais, John Hopkins University)<\/p>\n\n\n\n<p><a href=\"https:\/\/www.ft.com\/coronavirus-latest\">En continu graphiques et cartes sur la Pand\u00e9mie<\/a> (anglais, Financial Times)<\/p>\n\n\n\n<figure class=\"wp-block-image is-resized is-style-default\"><img loading=\"lazy\" decoding=\"async\" src=\"https:\/\/scontent.fsti4-2.fna.fbcdn.net\/v\/t1.0-9\/154669315_2887109384888523_4222268648353001417_n.jpg?_nc_cat=107&amp;ccb=3&amp;_nc_sid=dbeb18&amp;_nc_ohc=pXpIcvcuOoQAX-V3mll&amp;_nc_ht=scontent.fsti4-2.fna&amp;oh=16afac31b969d009f0552da49a5a6420&amp;oe=6061C336\" alt=\"Peut \u00eatre une illustration de debout\" width=\"290\" height=\"290\"\/><\/figure>\n\n\n\n<figure class=\"wp-block-image is-resized is-style-default\"><img loading=\"lazy\" decoding=\"async\" src=\"https:\/\/scontent.fsti4-1.fna.fbcdn.net\/v\/t1.0-9\/155217186_1154989488256851_2589423429299671287_n.png?_nc_cat=111&amp;ccb=3&amp;_nc_sid=730e14&amp;_nc_ohc=l7sNFevE1nAAX-qzc2h&amp;_nc_ht=scontent.fsti4-1.fna&amp;oh=96911a8cf32b8cf13ba52a625871115b&amp;oe=606182C2\" alt=\"Peut \u00eatre une capture d\u2019\u00e9cran de Twitter de texte qui dit \u20196h octuofit\u00e9s Yahoo Actuali... Les statistiques affich\u00e9es par le Premier ministre apparaissent erron\u00e9es pour l'Italie et l'Allemagne #COVID-19 #coronavirus fr.news.yahoo.com\/vacci nation-ch...\u2019\" width=\"308\" height=\"302\"\/><\/figure>\n\n\n\n<p><strong><span class=\"has-inline-color has-vivid-red-color\">27 F\u00e9vrier <\/span><\/strong><\/p>\n\n\n\n<p><a href=\"https:\/\/francais.medscape.com\/voirarticle\/3606919?pa=ZGSB5kgPfNHYvZIyhFH8UO5BupQoWB%2FwqU%2BHFOSAiHnEndAsvpBOCxzTPar05ZfA43mU9jD%2B1DtnxY47OmyybA%3D%3D\">Un premier anticorps anti-COVID autoris\u00e9 sous forme d\u2019ATU en France<\/a> (Medscpae)<\/p>\n\n\n\n<p><a href=\"https:\/\/www.boursorama.com\/actualite-economique\/actualites\/covid-19-castex-demande-le-renforcement-des-controles-des-mesures-en-vigueur-5c0ae526a8c299a0b36410a9e5f9aaf7\">Covid-19: Castex demande le renforcement des contr\u00f4les des mesures en vigueur<\/a> (AFP)<\/p>\n\n\n\n<p><a href=\"https:\/\/l.facebook.com\/l.php?u=https:\/\/www.francetvinfo.fr\/sante\/maladie\/coronavirus\/covid-19-93-000-cancers-n-ont-pas-pu-etre-diagnostiques-en-2020-a-cause-de-l-epidemie-alerte-la-ligue-contre-le-cancer_4308181.html?fbclid=IwAR1bTVZNRgdWwchb_ImcklOUYpWJrRfQMP4Ud3VpRIUbXfzgzoMbwmtGPS8#xtor=EPR-2-%5Bnewsletterquotidienne%5D-20210224-%5Blespluspartages\/titre3&amp;h=AT1URDRLuzyDOnt84eCEySIltSJ4dt9VDeu8BlP3jFoX9MGcyeb_06t6mNt14a5Kqf27_6vdAwjg6Td_A61-NxaUIyFwaydlTYYTWPJEubThE-Xb2Dkcd69QyZ-RqJrHf1FVUMA&amp;__tn__=,mH-R&amp;c%5B0%5D=AT0wvMiXOT6YJ3i1UPXGj7JsPBj56xtIF7UhPZ1lf9ckv3-4AjpOEld83lgC7CHHe-Q_HK9oBNfABpFZG9gr4HfWECyEvAGZv2dNvVJouxaE2X7SkkUFL9Fxc7B3cMoawfjForUR3T8xhPHtnwfG70-csPE0lWgZgFg--qNVrTI0ipc\">Covid-19 : 93 000 cancers n&rsquo;ont pas pu \u00eatre diagnostiqu\u00e9s en 2020 \u00e0 cause de l&rsquo;\u00e9pid\u00e9mie, alerte la Ligue contre le cancer <\/a>(France Info)<\/p>\n\n\n\n<p><a href=\"https:\/\/www.revolutionpermanente.fr\/Face-aux-variants-et-a-la-remontee-de-l-epidemie-la-strategie-vaccinale-du-gouvernement-mise-a-mal\">Face aux variants et \u00e0 la remont\u00e9e de l\u2019\u00e9pid\u00e9mie&nbsp;: la strat\u00e9gie vaccinale du gouvernement mise \u00e0 mal<\/a> (RP)<\/p>\n\n\n\n<figure class=\"wp-block-image is-resized is-style-default\"><img data-recalc-dims=\"1\" loading=\"lazy\" decoding=\"async\" src=\"https:\/\/i0.wp.com\/static.mediapart.fr\/etmagine\/default\/files\/2021\/02\/26\/21-2-26-castex-macron.jpg?resize=317%2C355&#038;ssl=1\" alt=\"21-2-26-castex-macron\" width=\"317\" height=\"355\"\/><\/figure>\n\n\n\n<p><a href=\"https:\/\/www.boursorama.com\/actualite-economique\/actualites\/l-onu-adopte-a-l-unanimite-une-resolution-exigeant-l-equite-dans-l-acces-aux-vaccins-8a133849ee8ffa437d6c2d37ef154eb9\">L&rsquo;ONU adopte \u00e0 l&rsquo;unanimit\u00e9 une r\u00e9solution exigeant l&rsquo;\u00e9quit\u00e9 dans l&rsquo;acc\u00e8s aux vaccins<\/a> (AFP)<\/p>\n\n\n\n<p><a href=\"https:\/\/info.mediapart.fr\/optiext\/optiextension.dll?ID=E89E_vcMOIaD3uK8hjBETBvcWgJFh9ZLvjdkhcRQ%2B%2BhBkeIoxxgq3LxJ4Fjv177S5qp38R8v746LsUyzOSWLWKrJZFqgG\">Vaccination: le partenariat avec Doctolib contest\u00e9 devant le Conseil d\u2019Etat<\/a> (MDP)<\/p>\n\n\n\n<p><a href=\"https:\/\/covid19.healthdata.org\/france\">Projections par pays contaminations et morts Covid-19<\/a> (anglais, IHME)<\/p>\n\n\n\n<p><a href=\"https:\/\/wgntv.com\/news\/coronavirus\/johns-hopkins-offers-live-interactive-map-of-global-coronavirus-cases\/\">En continu carte et chiffres d\u00e9taill\u00e9s sur la Pand\u00e9mie&nbsp;<\/a> (anglais, John Hopkins University)<\/p>\n\n\n\n<p><a href=\"https:\/\/www.ft.com\/coronavirus-latest\">En continu graphiques et cartes sur la Pand\u00e9mie<\/a> (anglais, Financial Times)<\/p>\n\n\n\n<figure class=\"wp-block-image is-resized is-style-default\"><img loading=\"lazy\" decoding=\"async\" src=\"https:\/\/scontent.fsti4-2.fna.fbcdn.net\/v\/t1.0-9\/154147154_1154476451641488_2087397214065801033_n.png?_nc_cat=104&amp;ccb=3&amp;_nc_sid=730e14&amp;_nc_ohc=5SH85t73pdwAX-tdEB2&amp;_nc_ht=scontent.fsti4-2.fna&amp;oh=bac6f61f8bdf937ec8b7c87af2ed5d26&amp;oe=605D5F03\" alt=\"Peut \u00eatre une image de texte\" width=\"437\" height=\"437\"\/><\/figure>\n\n\n\n<p><strong><span class=\"has-inline-color has-vivid-red-color\">26 F\u00e9vrier <\/span><\/strong><\/p>\n\n\n\n<p><a href=\"https:\/\/www.boursorama.com\/actualite-economique\/actualites\/coronavirus-sanofi-produira-27-millions-de-doses-par-mois-de-vaccins-des-septembre-5d86d0d8c00da9bbe4b7f4286d8d13cf\">Coronavirus: Sanofi produira 27 millions de doses par mois de vaccins d\u00e8s septembre<\/a>&nbsp;(Reuters)<\/p>\n\n\n\n<p><a href=\"https:\/\/www.theguardian.com\/us-news\/2021\/feb\/25\/california-coronavirus-variant-covid-vaccine?CMP=Share_iOSApp_Other\">Un variant californien du CV19<\/a> (anglais -The Guardian)<\/p>\n\n\n\n<p><a href=\"https:\/\/www.boursorama.com\/actualite-economique\/actualites\/confiner-paris-une-hypothese-pas-une-proposition-tempere-gregoire-b123a22091c41f19fbec7e6fe05359f3\">Confiner Paris? Une \u00ab\u00a0hypoth\u00e8se\u00a0\u00bb, pas une proposition, temp\u00e8re Gr\u00e9goire<\/a> (AFP)<\/p>\n\n\n\n<p><a href=\"https:\/\/www.boursorama.com\/actualite-economique\/actualites\/covid-19-comment-fonctionne-le-traitement-aux-anticorps-monoclonaux-autorise-par-la-france-d68674c90d31297d1d7f06b3cc8e4e9f\">Covid-19 : comment fonctionne le traitement aux anticorps monoclonaux autoris\u00e9 par la France ?<\/a> (Boursorama)<\/p>\n\n\n\n<p><a href=\"https:\/\/alt-rev.com\/2021\/02\/26\/noam-chomsky-apres-lechec-des-gouvernements-face-a-la-covid-19-exigeons-des-enquetes\/\">Noam Chomsky: \u201cApr\u00e8s l\u2019\u00e9chec des gouvernements face \u00e0 la Covid-19, exigeons des enqu\u00eates !\u201d<\/a> (Les crises)<\/p>\n\n\n\n<p><a href=\"https:\/\/www.youtube.com\/watch?v=sovuMhRsaZs&amp;feature=share\">Pr Raoult : les mesures sociales anti-Covid sont \u00ab&nbsp;totalement inefficaces&nbsp;\u00bb <\/a>-vid\u00e9o IHU<\/p>\n\n\n\n<p><a href=\"https:\/\/www.revolutionpermanente.fr\/Mesures-territoriales-Castex-veut-masquer-l-echec-du-couvre-feu\">Mesures territoriales&nbsp;: Castex veut masquer l\u2019\u00e9chec du couvre-feu<\/a> (RP)<\/p>\n\n\n\n<p><a href=\"https:\/\/www.revolutionpermanente.fr\/Fiasco-AstraZeneca-ne-devrait-honorer-que-la-moitie-des-commandes-europeennes-au-second-trimestre\">Fiasco&nbsp;: AstraZeneca ne devrait honorer que la moiti\u00e9 des commandes europ\u00e9ennes au second trimestre<\/a> (RP)<\/p>\n\n\n\n<p><a href=\"https:\/\/www.boursorama.com\/actualite-economique\/actualites\/covid-19-emmanuel-macron-veut-preparer-un-pass-sanitaire-c719355d999634702a0dbcdd2d281118\">Covid-19 : Emmanuel Macron veut pr\u00e9parer un \u00ab\u00a0pass sanitaire\u00a0\u00bb<\/a> (Boursorama)<\/p>\n\n\n\n<figure class=\"wp-block-image size-large is-resized is-style-default\"><img data-recalc-dims=\"1\" loading=\"lazy\" decoding=\"async\" src=\"https:\/\/i0.wp.com\/www.rdpemancipation.org\/wp-content\/uploads\/2021\/02\/154091618_1154359188319881_4628551309469607445_o.jpg?resize=364%2C361&#038;ssl=1\" alt=\"\" class=\"wp-image-17746\" width=\"364\" height=\"361\" srcset=\"https:\/\/i0.wp.com\/www.rdpemancipation.org\/wp-content\/uploads\/2021\/02\/154091618_1154359188319881_4628551309469607445_o.jpg?resize=1024%2C1017&amp;ssl=1 1024w, https:\/\/i0.wp.com\/www.rdpemancipation.org\/wp-content\/uploads\/2021\/02\/154091618_1154359188319881_4628551309469607445_o.jpg?resize=300%2C298&amp;ssl=1 300w, https:\/\/i0.wp.com\/www.rdpemancipation.org\/wp-content\/uploads\/2021\/02\/154091618_1154359188319881_4628551309469607445_o.jpg?resize=150%2C150&amp;ssl=1 150w, https:\/\/i0.wp.com\/www.rdpemancipation.org\/wp-content\/uploads\/2021\/02\/154091618_1154359188319881_4628551309469607445_o.jpg?resize=768%2C763&amp;ssl=1 768w, https:\/\/i0.wp.com\/www.rdpemancipation.org\/wp-content\/uploads\/2021\/02\/154091618_1154359188319881_4628551309469607445_o.jpg?w=1525&amp;ssl=1 1525w\" sizes=\"auto, (max-width: 364px) 100vw, 364px\" \/><\/figure>\n\n\n\n<p><a href=\"https:\/\/www.humanite.fr\/sante-les-nouveaux-oublies-du-segur-700685#xtor=RSS-1\">Sant\u00e9. Les nouveaux oubli\u00e9s du S\u00e9gur<\/a> (L\u2019Humanit\u00e9)<\/p>\n\n\n\n<p><a href=\"https:\/\/www.boursorama.com\/actualite-economique\/actualites\/covid-19-la-mairie-de-paris-va-proposer-de-confiner-trois-semaines-la-capitale-bbd3540d6d311aba2600d182d729014b\">Covid-19: la mairie de Paris va proposer de confiner trois semaines la capitale<\/a> (AFP)<\/p>\n\n\n\n<p><a href=\"https:\/\/info.mediapart.fr\/optiext\/optiextension.dll?ID=WstWtpkJ7hn3Cp%2Bju5PtLXurDMK7fY5iT7QmSob%2BEcKV4S4G49Asi1FEN3pYtgE1rX_T3jSBLgiLmxUxjEKQaBB%2BWDvyG\">A Mayotte et en Moselle, le variant sud-africain fulgurant et dominant<\/a>&nbsp; (MDP)<\/p>\n\n\n\n<p><a href=\"https:\/\/info.mediapart.fr\/optiext\/optiextension.dll?ID=WstWvOe8jKBXgmYobkszIWrENEubQ3uB%2BMCEpyZAZJXy8CZG5h2GM6vCCXCjTPqej2YqrgZF%2BRLYaHq0CJlt3IoxJLqqr\">Variant anglais: \u00e0 Dunkerque, \u00abl\u2019Etat ne nous \u00e9coute pas, il a ses dogmes\u00bb<\/a> (MDP)<\/p>\n\n\n\n<figure class=\"wp-block-image is-resized is-style-default\"><img data-recalc-dims=\"1\" loading=\"lazy\" decoding=\"async\" src=\"https:\/\/i0.wp.com\/static.mediapart.fr\/etmagine\/default\/files\/2021\/02\/04\/21-2-4-castex.jpg?resize=277%2C249&#038;ssl=1\" alt=\"21-2-4-castex\" width=\"277\" height=\"249\"\/><\/figure>\n\n\n\n<p><a href=\"https:\/\/info.mediapart.fr\/optiext\/optiextension.dll?ID=WstWwWQSGtKnFNoHKYEuDhn3CqSSJJ%2BobPAhPRLk44CKMmGa54xTxv4gP%2BAwKHHYaIiuZ_jBYmiqy9v9uYmUOHiNuvjq6\">Produits toxiques dans les pesticides: les autorit\u00e9s europ\u00e9ennes mises en cause<\/a> (MDP)<\/p>\n\n\n\n<p><a href=\"https:\/\/www.humanite.fr\/la-vaccination-pour-les-plus-de-65-ans-partir-davril-700656#xtor=RSS-1\">La vaccination pour les plus de 65 ans \u00e0 partir d&rsquo;avril<\/a> (L\u2019Humanit\u00e9)&nbsp;<\/p>\n\n\n\n<p><a href=\"https:\/\/www.humanite.fr\/ce-que-lon-sait-de-covepit-le-vaccin-pour-la-vie-mis-au-point-par-un-labo-nantais-700653#xtor=RSS-1\">Ce que l\u2019on sait de CoVepiT, le \u00ab\u00a0vaccin pour la vie\u00a0\u00bb mis au point par un labo nantais<\/a>&nbsp; (L\u2019Humanit\u00e9)&nbsp;<\/p>\n\n\n\n<p><a href=\"https:\/\/www.humanite.fr\/surmenage-stress-nos-modes-de-fatigue-revelent-les-manieres-dexister-socialement-explique-lhistorien#xtor=RSS-1\">Surmenage, stress&#8230;Nos modes de fatigue r\u00e9v\u00e8lent les mani\u00e8res d\u2019exister socialement <\/a>(L\u2019Humanit\u00e9)&nbsp;<\/p>\n\n\n\n<p><a href=\"https:\/\/theconversation.com\/pourquoi-une-alimentation-saine-et-sa-production-locale-devraient-faire-partie-de-la-reponse-a-la-covid-19-155984\">Pourquoi une alimentation saine et sa production locale devraient faire partie de la r\u00e9ponse \u00e0 la Covid-19<\/a> (The Conversation)<\/p>\n\n\n\n<p><a href=\"https:\/\/theconversation.com\/limpact-des-medicaments-sur-lenvironnement-etudie-dans-des-rivieres-artificielles-150976\">L&rsquo;impact des m\u00e9dicaments sur l&rsquo;environnement \u00e9tudi\u00e9 dans des rivi\u00e8res artificielles<\/a> (The Conversation)<\/p>\n\n\n\n<p><a href=\"https:\/\/reporterre.net\/Un-collectif-d-associations-en-particulier\">119 \u00e9lus europ\u00e9ens d\u00e9noncent les failles dans l&rsquo;\u00e9valuation des pesticides<\/a> (Reporterre)<\/p>\n\n\n\n<p><a href=\"https:\/\/www.humanite.fr\/carte-les-20-departements-places-sous-surveillance-renforcee-700655#xtor=RSS-1\">Carte. Les 20 d\u00e9partements plac\u00e9s sous \u00ab\u00a0surveillance renforc\u00e9e\u00a0\u00bb<\/a> (L\u2019Humanit\u00e9)<\/p>\n\n\n\n<figure class=\"wp-block-image is-resized is-style-default\"><img data-recalc-dims=\"1\" loading=\"lazy\" decoding=\"async\" src=\"https:\/\/i0.wp.com\/www.humanite.fr\/sites\/default\/files\/styles\/1048x350\/public\/images\/20_departements_sous_surveillance_renforcee.jpg?resize=505%2C217&#038;ssl=1\" alt=\"\" width=\"505\" height=\"217\" title=\"\"\/><\/figure>\n\n\n\n<p><strong><span class=\"has-inline-color has-vivid-red-color\">25 F\u00e9vrier <\/span><\/strong><\/p>\n\n\n\n<p><a href=\"http:\/\/alter.quebec\/pour-un-acces-universel-et-gratuit-aux-vaccins-contre-la-covid\/\"><br>Pour un acc\u00e8s universel et gratuit aux vaccins contre la COVID&nbsp;!<\/a> (Coordination &#8211; Plateforme altermondialiste)<\/p>\n\n\n\n<p><a href=\"https:\/\/www.humanite.fr\/emotion-apres-le-nouveau-suicide-dun-interne-en-medecine-700610#xtor=RSS-1\">\u00c9motion apr\u00e8s le nouveau suicide d\u2019un interne en m\u00e9decine<\/a> (L\u2019Humanit\u00e9)&nbsp;<\/p>\n\n\n\n<p><a href=\"https:\/\/www.boursorama.com\/actualite-economique\/actualites\/le-covid-long-doit-etre-une-priorite-face-a-la-pandemie-exhorte-l-oms-1fe1c661d332bb20a791119a30e44ffd\">Le \u00ab\u00a0Covid long\u00a0\u00bb doit \u00eatre une priorit\u00e9 face \u00e0 la pand\u00e9mie, exhorte l&rsquo;OMS<\/a> (AFP)<\/p>\n\n\n\n<p><a href=\"https:\/\/solidaires.org\/5-mars-Visioconference-sur-la-necessite-d-un-pole-public-du-medicament\">5 mars : Visioconference sur la n\u00e9cessit\u00e9 d&rsquo;un p\u00f4le public du m\u00e9dicament<\/a> (Solidaires)<\/p>\n\n\n\n<p><a href=\"https:\/\/www.mediapart.fr\/journal\/international\/250221\/vaccins-les-pays-d-asie-pacifique-ne-sont-pas-presses\">Vaccins: les pays d\u2019Asie-Pacifique ne sont pas press\u00e9s<\/a> (M\u00e9diapart)<\/p>\n\n\n\n<p><a href=\"https:\/\/www.anti-k.org\/2021\/02\/25\/apres-lechec-des-gouvernements-face-a-la-covid-19-exigeons-des-enquetes\/\">\u00ab Apr\u00e8s l\u2019\u00e9chec des gouvernements face \u00e0 la Covid-19, exigeons des enqu\u00eates ! \u00bb <\/a>(Les Crises)<\/p>\n\n\n\n<p><a href=\"https:\/\/alt-rev.com\/2021\/02\/25\/scandale-le-conseiller-sanitaire-dolivier-veran-rejoint-le-gestionnaire-prive-dehpad-korian\/\">Scandale. Le conseiller sanitaire d\u2019Olivier V\u00e9ran rejoint le gestionnaire priv\u00e9 d\u2019Ehpad Korian<\/a> (RP)<\/p>\n\n\n\n<p><a href=\"https:\/\/l.facebook.com\/l.php?u=https:\/\/actu.fr\/societe\/coronavirus\/covid-19-vers-une-interdiction-de-la-vente-d-alcool-a-emporter-dans-le-nord_39755437.html?fbclid=IwAR1-C35Lo80OjFlqaNRBgrw0tc8vzOIlfAjSVW5_R-bLAGRwljay4N72cpY&amp;h=AT0smjwWXE-qRvWShSwAKAA9x0mjBAWcKYd_vD6G4ugViXJYpwGXzHwL2pSFtZ7KflTizfoM4-b1GTPCAh0YBCZNtSjoB89O2ITryT_GG4c9sp10ZZkU4pKhgK--fgsBahiUDcM&amp;__tn__=,mH-R&amp;c%5B0%5D=AT3to_wnr17N7Ok334TvDvT6fq-8P1VPf9KbSTaEWXiVOt0sH9e4FEuivSYv_U-0e2Ga9dd_mmFjAzxgjSslBOgTFD6RqSSMgvCWM78Fg08zTzxaw3nXanWqbG0qnO8XF6_wBNK0Nxq_gOjKQPlUYrNU1mSrWTufGAPtb1g5C2VhEmI\">&nbsp;Covid-19. Vers une interdiction de la vente d&rsquo;alcool \u00e0 emporter dans le Nord <\/a>(<a href=\"http:\/\/actu.fr\">actu.fr<\/a>)<\/p>\n\n\n\n<pre class=\"wp-block-verse\"><strong><a href=\"https:\/\/www.facebook.com\/luttesinvisibles\/?__cft__%5B0%5D=AZV_xkr5hNOE6gch3m8c2qBN9KSJzF43ITShoScM6_czGoIQ8le5CLr6hszIUNyUN3rdQ7EtruiEzztXP9ERSza-aDoJzc9WOps-ofLzKVN50wwz6ap6xkaOumVIwkwxmgCqfxEMERSJ8oC2tMllMnLu&amp;__tn__=-UC%2CP-R\">Luttesinvisibles<\/a><\/strong><span class=\"has-inline-color has-vivid-purple-color\"><strong> -MACRON A PROMIS QU'IL N'Y AURAIT PAS DE RECONFINEMENT.DONC ON NE RECONFINERA QUE TOUTES LES R\u00c9GIONS LES UNES APR\u00c8S LES AUTRES&nbsp;...sauf le fort de Br\u00e9gan\u00e7on...<\/strong><\/span><\/pre>\n\n\n\n<p><a href=\"https:\/\/www.boursorama.com\/actualite-economique\/actualites\/virus-nouvelle-avancee-le-vaccin-johnson-johnson-bientot-operationnel-48e13c4d353d9eb3773b0871c424dbfb\">Virus : nouvelle avanc\u00e9e, le vaccin Johnson &amp; Johnson bient\u00f4t op\u00e9rationnel<\/a> (AFP)<\/p>\n\n\n\n<p><a href=\"https:\/\/www.boursorama.com\/actualite-economique\/actualites\/covid-17-des-plus-de-20-ans-ont-ete-contamines-en-france-13b55516e67210b0bc959b9e1d978703\">Covid&nbsp;: 17&nbsp;% des plus de 20&nbsp;ans ont \u00e9t\u00e9 contamin\u00e9s en France<\/a> (Le Point)<\/p>\n\n\n\n<p><a href=\"https:\/\/www.humanite.fr\/strategie-zero-covid-ou-apprendre-vivre-avec-le-virus-les-enjeux-du-debat-700503#xtor=RSS-1\">Strat\u00e9gie \u00ab z\u00e9ro Covid \u00bb ou apprendre \u00e0 vivre avec le virus ? Les enjeux du d\u00e9bat<\/a> (L\u2019Humanit\u00e9)<\/p>\n\n\n\n<p><a href=\"https:\/\/blogs.mediapart.fr\/jean-marc-b\/blog\/250221\/un-ministre-o-navre-filochard-du-medef\">Un ministre O. Navr\u00e9, Filochard du MEDEF <\/a>-Extraits revue de Lulu<\/p>\n\n\n\n<p><a href=\"https:\/\/www.boursorama.com\/actualite-economique\/actualites\/coronavirus-plus-de-31-500-nouvelles-infections-en-france-9d338bfc4cd7ffc6063a262b8e315e3d\">Coronavirus: Plus de 31.500 nouvelles infections en France<\/a> (Reuters)<\/p>\n\n\n\n<p><a href=\"https:\/\/covid19.healthdata.org\/france\">Projections par pays contaminations et morts Covid-19<\/a> (anglais, IHME)<\/p>\n\n\n\n<p><a href=\"https:\/\/wgntv.com\/news\/coronavirus\/johns-hopkins-offers-live-interactive-map-of-global-coronavirus-cases\/\">En continu carte et chiffres d\u00e9taill\u00e9s sur la Pand\u00e9mie&nbsp;<\/a> (anglais, John Hopkins University)<\/p>\n\n\n\n<p><a href=\"https:\/\/www.ft.com\/coronavirus-latest\">En continu graphiques et cartes sur la Pand\u00e9mie<\/a> (anglais, Financial Times)<\/p>\n\n\n\n<figure class=\"wp-block-image is-resized is-style-default\"><img loading=\"lazy\" decoding=\"async\" src=\"https:\/\/scontent-mrs2-2.xx.fbcdn.net\/v\/t1.0-9\/154061806_4022181364513234_5141703058466876624_n.jpg?_nc_cat=102&amp;ccb=3&amp;_nc_sid=730e14&amp;_nc_ohc=n-67jr1XTgMAX-Dxyrp&amp;_nc_ht=scontent-mrs2-2.xx&amp;oh=5cc9aae32d11f5f9699d044076087c72&amp;oe=605AA22C\" alt=\"Peut \u00eatre un dessin anim\u00e9 de texte\" width=\"300\" height=\"232\"\/><\/figure>\n\n\n\n<p><strong><span class=\"has-inline-color has-vivid-red-color\">24 F\u00e9vrier en continu<\/span><\/strong><\/p>\n\n\n\n<p><a href=\"https:\/\/www.boursorama.com\/actualite-economique\/actualites\/covid-19-des-mesures-rapides-et-fortes-a-venir-dans-certains-territoires-a-la-situation-degradee-previent-gabriel-attal-52c2f9754dfac579df86f593393a224a\">Covid-19 : \u00ab\u00a0Des mesures rapides et fortes\u00a0\u00bb \u00e0 venir dans certains territoires \u00e0 la situation d\u00e9grad\u00e9e, pr\u00e9vient Attal<\/a> (Boursorama)<\/p>\n\n\n\n<p><a href=\"https:\/\/blogs.mediapart.fr\/jean-marc-b\/blog\/240221\/mckinsey-le-cabinet-qui-decide-de-nos-vies\">McKinsey : le cabinet qui decide de nos vies ? <\/a>-vid\u00e9o Le M\u00e9dia<\/p>\n\n\n\n<p><a href=\"https:\/\/www.boursorama.com\/actualite-economique\/actualites\/covid-19-nouveaux-retards-pour-la-livraison-de-vaccins-en-france-c8dab7b3cac03cef95bc94b4b006ae1c\">Covid-19 : nouveaux retards pour la livraison de vaccins en France<\/a> (Boursorama)<\/p>\n\n\n\n<p><a href=\"https:\/\/lanticapitaliste.org\/actualite\/sante\/discrimination-au-vaccin-en-seine-saint-denis\">Discrimination au vaccin en Seine-Saint-Denis<\/a> (L\u2019Anticapitaliste)<\/p>\n\n\n\n<p><a href=\"https:\/\/www.revolutionpermanente.fr\/Lallement-interdit-les-aperos-dans-deux-rues-parisiennes-face-a-la-pandemie-toujours-la-repression\">Lallement interdit les ap\u00e9ros dans deux rues parisiennes&nbsp;: face \u00e0 la pand\u00e9mie, toujours la r\u00e9pression<\/a> (RP)<\/p>\n\n\n\n<figure class=\"wp-block-image is-resized is-style-default\"><img data-recalc-dims=\"1\" loading=\"lazy\" decoding=\"async\" src=\"https:\/\/i0.wp.com\/static.politis.fr\/medias\/articles\/2021\/02\/les-dessins-de-la-semaine-daurel-medecins-cathodiques-et-buvette-42877\/aurel-print-copie.jpg?resize=343%2C474&#038;ssl=1\" alt=\"\u00a9 Politis\" width=\"343\" height=\"474\"\/><\/figure>\n\n\n\n<p><a href=\"https:\/\/www.huffingtonpost.fr\/entry\/couvre-feu-critique-effe-pervers_fr_5ffec15fc5b66f3f79629403\">Le couvre-feu \u00e0 18 heures: un effet pervers<\/a> (Huff Post)<\/p>\n\n\n\n<figure class=\"wp-block-image is-resized is-style-default\"><img loading=\"lazy\" decoding=\"async\" src=\"https:\/\/scontent.fhex4-2.fna.fbcdn.net\/v\/t1.0-9\/154368172_1153156235106843_716967116461289520_n.png?_nc_cat=108&amp;ccb=3&amp;_nc_sid=730e14&amp;_nc_eui2=AeFBTkLJl4VCohgnh7i7U2oAQYwTg7wK1YNBjBODvArVgy_yrX2mWKiUPWWTrKTwB9E&amp;_nc_ohc=eH3qqm-LGpsAX8y7gOG&amp;_nc_ht=scontent.fhex4-2.fna&amp;oh=4685bb08725f5286d62d056616b89f2a&amp;oe=605B77FC\" alt=\"Peut \u00eatre une image de texte qui dit \u2019Ils nous confinent de 18 18h\u00e06h h du matin et maintenant le Week-End. En fait le virus s'adapte \u00e0 nos horaires de travail.\u2019\" width=\"414\" height=\"281\"\/><\/figure>\n\n\n\n<p><a href=\"https:\/\/theconversation.com\/pourquoi-les-variants-du-sars-cov-2-emergent-ils-maintenant-154223\">Pourquoi les variants du SARS-CoV-2 \u00e9mergent-ils maintenant ?<\/a> (The Conversation)<\/p>\n\n\n\n<p><a href=\"https:\/\/www.boursorama.com\/actualite-economique\/actualites\/astrazeneca-livrera-moins-de-doses-de-vaccin-que-prevu-a-l-ue-au-deuxieme-trimestre-884755e03d584adcec34ad4c01b5e93b\">AstraZeneca livrera moins de doses de vaccin que pr\u00e9vu \u00e0 l&rsquo;UE au deuxi\u00e8me trimestre<\/a>&nbsp;(Reuters)<\/p>\n\n\n\n<p><a href=\"https:\/\/www.revolutionpermanente.fr\/A-Nice-Macron-experimente-le-confinement-100-made-in-MEDEF\">A Nice, Macron exp\u00e9rimente le confinement 100% made in MEDEF<\/a> (RP)<\/p>\n\n\n\n<figure class=\"wp-block-image is-resized is-style-default\"><img data-recalc-dims=\"1\" loading=\"lazy\" decoding=\"async\" src=\"https:\/\/i0.wp.com\/www.revolutionpermanente.fr\/local\/cache-vignettes\/L653xH368\/arton24119-5ff15.jpg?resize=401%2C225&#038;ssl=1\" alt=\"\" width=\"401\" height=\"225\"\/><\/figure>\n\n\n\n<p><a href=\"https:\/\/info.mediapart.fr\/optiext\/optiextension.dll?ID=kOPkO75aEH3pizy2%2BCHig%2BdPMfl9sc4kJ4dOvWwHCJA9jrT6dvi%2BxLYMGQHLfqK6Pth9Eg8d1iFfACkszMihWuqNnSTQR\">Hospices civils de Lyon: les tr\u00e8s chers et contest\u00e9s rem\u00e8des du cabinet McKinsey<\/a> (MDP)<\/p>\n\n\n\n<p><a href=\"https:\/\/www.revolutionpermanente.fr\/Cheques-psy-Deja-plus-de-5000-demandes-pour-une-mesure-qui-reste-derisoire\">Ch\u00e8ques psy. D\u00e9j\u00e0 plus de 5000 demandes pour une mesure qui reste d\u00e9risoire<\/a> (RP)<\/p>\n\n\n\n<p><a href=\"https:\/\/info.mediapart.fr\/optiext\/optiextension.dll?ID=kOPkS9cmmoxD6B4RW7ZJgEkiukBfmxsBu6pclZxWQviPJhOAcjVygO0On6O0WYMZsPI31UtGP63F9NOwKtSTc2wBJRFkO\">Dans les h\u00f4pitaux, l\u2019inqui\u00e9tude monte autour des masques chinois KN95<\/a> (MDP)<\/p>\n\n\n\n<p><a href=\"https:\/\/www.boursorama.com\/actualite-economique\/actualites\/fuite-de-donnees-medicales-en-france-avec-une-liste-de-pres-de-500-000-noms-581b185f87aba21837c4e14a77e8465d\">Fuite de donn\u00e9es m\u00e9dicales en France avec une liste de pr\u00e8s de 500.000 noms<\/a> (AFP)<\/p>\n\n\n\n<p><a href=\"https:\/\/www.boursorama.com\/actualite-economique\/actualites\/france-google-accuse-d-avoir-manque-a-ses-obligations-dans-les-negociations-avec-la-presse-cbc6d05c1655abe1fd7df7536b2f5768\">France: Google accus\u00e9 d&rsquo;avoir manqu\u00e9 \u00e0 ses obligations dans les n\u00e9gociations avec la presse<\/a> (Reuters)<\/p>\n\n\n\n<p><a href=\"https:\/\/covid19.healthdata.org\/france\">Projections par pays contaminations et morts Covid-19<\/a> (anglais, IHME)<\/p>\n\n\n\n<p><a href=\"https:\/\/wgntv.com\/news\/coronavirus\/johns-hopkins-offers-live-interactive-map-of-global-coronavirus-cases\/\">En continu carte et chiffres d\u00e9taill\u00e9s sur la Pand\u00e9mie&nbsp;<\/a> (anglais, John Hopkins University)<\/p>\n\n\n\n<p><a href=\"https:\/\/www.ft.com\/coronavirus-latest\">En continu graphiques et cartes sur la Pand\u00e9mie<\/a> (anglais, Financial Times)<\/p>\n\n\n\n<p><a href=\"https:\/\/www.boursorama.com\/actualite-economique\/actualites\/covid-19-apres-nice-le-tour-de-france-des-restrictions-passe-par-dunkerque-e339dcfe913a4dc2394e177524114ffa\">Covid-19: apr\u00e8s Nice, le tour de France des restrictions passe par Dunkerque<\/a>&nbsp; (AFP)<\/p>\n\n\n\n<figure class=\"wp-block-image is-resized is-style-default\"><img data-recalc-dims=\"1\" loading=\"lazy\" decoding=\"async\" src=\"https:\/\/i0.wp.com\/www.formesdesluttes.org\/site\/assets\/files\/1376\/fdl-clarameoni-01-a4-web.png?resize=337%2C476\" alt=\"\" width=\"337\" height=\"476\"\/><\/figure>\n\n\n\n<p><strong><span class=\"has-inline-color has-vivid-red-color\">23 F\u00e9vrier <\/span><\/strong><\/p>\n\n\n\n<p><a href=\"https:\/\/www.boursorama.com\/actualite-economique\/actualites\/covid-19-l-agence-du-medicament-suspend-la-commercialisation-du-spray-nasal-cov-defense-25958298774121dbb56b08a4d015d8a2\">Covid-19 : l&rsquo;Agence du m\u00e9dicament suspend la commercialisation du spray nasal \u00ab\u00a0COV-Defense\u00a0\u00bb<\/a><br>(Boursorama)<\/p>\n\n\n\n<p><a href=\"https:\/\/blogs.mediapart.fr\/jean-marc-b\/blog\/230221\/deux-mois-de-prison-avec-sursis-demandes-contre-l-infirmiere-revoltee-rachida\">Deux mois de prison avec sursis demand\u00e9s contre l\u2019infirmi\u00e8re r\u00e9volt\u00e9e Rachida <\/a>(Nantes R\u00e9volt\u00e9e)<\/p>\n\n\n\n<p><a href=\"https:\/\/covid19.healthdata.org\/france\">Projections par pays contaminations et morts Covid-19<\/a> (anglais, IHME)<\/p>\n\n\n\n<p><a href=\"https:\/\/wgntv.com\/news\/coronavirus\/johns-hopkins-offers-live-interactive-map-of-global-coronavirus-cases\/\">En continu carte et chiffres d\u00e9taill\u00e9s sur la Pand\u00e9mie&nbsp;<\/a> (anglais, John Hopkins University)<\/p>\n\n\n\n<p><a href=\"https:\/\/www.ft.com\/coronavirus-latest\">En continu graphiques et cartes sur la Pand\u00e9mie<\/a> (anglais, Financial Times)<\/p>\n\n\n\n<figure class=\"wp-block-image is-style-default\"><img decoding=\"async\" src=\"https:\/\/scontent.fhex4-1.fna.fbcdn.net\/v\/t1.0-9\/153783685_1152432805179186_1067967103692299543_o.jpg?_nc_cat=102&amp;ccb=3&amp;_nc_sid=730e14&amp;_nc_eui2=AeEjJnWTiWKkAzcvkWeXnMnoOhOKFvQU45o6E4oW9BTjmosE0IdQlCPtTVJLg9YJ-pU&amp;_nc_ohc=E5WcfZnBhSwAX_ikIeO&amp;_nc_ht=scontent.fhex4-1.fna&amp;oh=566003d2a14c1cafb160e4f8eb152ebe&amp;oe=605BE01F\" alt=\"Aucune description de photo disponible.\"\/><\/figure>\n\n\n\n<p><strong><span class=\"has-inline-color has-vivid-red-color\">22 F\u00e9vrier en continu<\/span><\/strong><\/p>\n\n\n\n<p><a href=\"https:\/\/www.boursorama.com\/actualite-economique\/actualites\/l-oms-accuse-des-pays-riches-de-saper-le-systeme-de-distribution-de-vaccins-aux-pays-pauvres-2e4371ee32824794d8668a7267e96d84\">L&rsquo;OMS accuse des pays riches de saper le syst\u00e8me de distribution de vaccins aux pays pauvres<\/a> (AFP)<\/p>\n\n\n\n<p><a href=\"https:\/\/info.mediapart.fr\/optiext\/optiextension.dll?ID=TpoTmbwtwYTI3fsB1qNS7pjVxyAj_vCaWp7c0TS7MNswLRR9LeKGMCHqaHUU1Wip95GLOBal8Idv2pZZFTLR15pDAJCDz\">Dans les h\u00f4pitaux, l\u2019inqui\u00e9tude monte autour des masques chinois KN95<\/a> (MDP)<\/p>\n\n\n\n<p><a href=\"https:\/\/www.humanite.fr\/covid-lancement-des-tests-salivaires-dans-les-ecoles-de-zone-700470#xtor=RSS-1\">Covid Lancement des tests salivaires dans les \u00e9coles de zone A<\/a> (L\u2019Humanit\u00e9)<\/p>\n\n\n\n<p><a href=\"https:\/\/blogs.mediapart.fr\/jean-marc-b\/blog\/220221\/louis-de-funes-prend-des-nouvelles-du-ministre-de-la-sante\">Louis de Fun\u00e8s prend des nouvelles du ministre de la sant\u00e9&#8230; <\/a>-vid\u00e9o<\/p>\n\n\n\n<p><a href=\"https:\/\/lundi.am\/Pandemopolitique-Reinventer-la-sante-en-commun\">Pand\u00e9mopolitique. R\u00e9inventer la sant\u00e9 en commun<\/a> [Note de lecture] (Lundi Matin)<\/p>\n\n\n\n<figure class=\"wp-block-image size-large is-resized is-style-default\"><img data-recalc-dims=\"1\" loading=\"lazy\" decoding=\"async\" src=\"https:\/\/i0.wp.com\/www.rdpemancipation.org\/wp-content\/uploads\/2021\/02\/Capture-decran-2021-02-22-a-13.46.36-1.png?resize=295%2C433&#038;ssl=1\" alt=\"\" class=\"wp-image-17151\" width=\"295\" height=\"433\" srcset=\"https:\/\/i0.wp.com\/www.rdpemancipation.org\/wp-content\/uploads\/2021\/02\/Capture-decran-2021-02-22-a-13.46.36-1.png?w=402&amp;ssl=1 402w, https:\/\/i0.wp.com\/www.rdpemancipation.org\/wp-content\/uploads\/2021\/02\/Capture-decran-2021-02-22-a-13.46.36-1.png?resize=204%2C300&amp;ssl=1 204w\" sizes=\"auto, (max-width: 295px) 100vw, 295px\" \/><\/figure>\n\n\n\n<p><a href=\"https:\/\/www.boursorama.com\/actualite-economique\/actualites\/covid-19-nice-bientot-fixe-sur-son-sort-le-reste-du-pays-au-pied-du-mur-4418f043144a2cc0c2aefa5ff365e70c\">Covid-19: Nice bient\u00f4t fix\u00e9 sur son sort, le reste du pays \u00ab\u00a0au pied du mur\u00a0\u00bb<\/a> (AFP)<\/p>\n\n\n\n<p><a href=\"http:\/\/link.newsletter.franceinter.fr\/m\/surl\/7429\/640715\/fckdw4HHJyNs7nPrR5dYu29C5lXTLJmivm821gAfcU8=\/link_19\/E6RfQ-Ugdo7XromMU3Lty9BViRIRyU6ggK8L-UTJ-Ny-XPuu-3e2eUbQkkAe5W0rXaRYyFn1XNdqhen8JLspxbyVibyAzuVZaQNy-ZsLvI+mELsMtE7XUg-GOCKdsYlHc3-jkEMgL1TQXezLJxmcvgcn-qH6DRJLEFXJ6B2IbWX4oU91fu2WBMnBWMEyKbVv+JY4HVccFM+TXmvZDjKoGB4VmAkGvt9MgPDjd6vXeJ-p8ywOymnjQtUEyXzm3YHa\">Des premiers cas de transmission de la grippe aviaire des volailles \u00e0 l&rsquo;homme d\u00e9tect\u00e9s en Russie<\/a> (France Inter)<\/p>\n\n\n\n<figure class=\"wp-block-image is-resized is-style-default\"><img loading=\"lazy\" decoding=\"async\" src=\"https:\/\/scontent.fhex4-1.fna.fbcdn.net\/v\/t1.0-9\/153113699_1151809225241544_1404161847491087959_o.jpg?_nc_cat=106&amp;ccb=3&amp;_nc_sid=730e14&amp;_nc_eui2=AeFSIhYWMxaLrRV27lCONJsf8qnkaDfT10PyqeRoN9PXQ-ZKqN8DTIuoIwLHz8140tg&amp;_nc_ohc=Er53eJYlSlEAX8D5sMH&amp;_nc_ht=scontent.fhex4-1.fna&amp;oh=2f95abb9adcb58d6793bcef48db96525&amp;oe=6059B0E1\" alt=\"Aucune description de photo disponible.\" width=\"350\" height=\"466\"\/><\/figure>\n\n\n\n<p><a href=\"https:\/\/reporterre.net\/Origine-du-Covid-les-experts-de-l-OMS-recommandent-d-enqueter-sur-les-visons-et-animaux-a\">Origine du Covid&nbsp;: les experts de l&rsquo;OMS recommandent d&rsquo;enqu\u00eater sur les visons et animaux \u00e0 fourrure<\/a> (Reporterre)<\/p>\n\n\n\n<p><a href=\"https:\/\/www.boursorama.com\/actualite-economique\/actualites\/covid-19-confinement-du-littoral-des-alpes-maritimes-au-cours-des-deux-prochains-week-ends-ba2a0b81dc3baba680ebdd9c4b474968\">Covid-19: confinement du littoral des Alpes-Maritimes au cours des deux prochains week-ends<\/a> (AFP)<\/p>\n\n\n\n<p><a href=\"https:\/\/www.boursorama.com\/actualite-economique\/actualites\/covid-sanofi-va-aider-un-autre-concurrent-a-produire-un-vaccin-et-lance-un-nouvel-essai-c2e883ef4a880c53296d77bca677e421\">Covid: Sanofi va aider un autre concurrent \u00e0 produire un vaccin et lance un nouvel essai<\/a> (AFP)<\/p>\n\n\n\n<p><a href=\"https:\/\/www.boursorama.com\/actualite-economique\/actualites\/covid-19-vaccination-possible-en-entreprise-a-partir-de-jeudi-a19f812daaf9c3f8a7d085802249a14b\">Covid-19: vaccination possible en entreprise \u00e0 partir de jeudi<\/a> (AFP)<\/p>\n\n\n\n<p><a href=\"https:\/\/covid19.healthdata.org\/france\">Projections par pays contaminations et morts Covid-19<\/a> (anglais, IHME)<\/p>\n\n\n\n<p><a href=\"https:\/\/wgntv.com\/news\/coronavirus\/johns-hopkins-offers-live-interactive-map-of-global-coronavirus-cases\/\">En continu carte et chiffres d\u00e9taill\u00e9s sur la Pand\u00e9mie&nbsp;<\/a> (anglais, John Hopkins University)<\/p>\n\n\n\n<p><a href=\"https:\/\/www.ft.com\/coronavirus-latest\">En continu graphiques et cartes sur la Pand\u00e9mie<\/a> (anglais, Financial Times)<\/p>\n\n\n\n<figure class=\"wp-block-image is-resized is-style-default\"><img loading=\"lazy\" decoding=\"async\" src=\"https:\/\/scontent-mrs2-1.xx.fbcdn.net\/v\/t1.0-9\/153028239_2017328038409981_6816990216074917036_n.jpg?_nc_cat=104&amp;ccb=3&amp;_nc_sid=730e14&amp;_nc_ohc=SmZtK8GqC9MAX_Z1fO_&amp;_nc_ht=scontent-mrs2-1.xx&amp;oh=04c690eeba450360ec6cb7d33e513fb5&amp;oe=6059E732\" alt=\"Peut \u00eatre un dessin anim\u00e9 de texte\" width=\"342\" height=\"342\"\/><\/figure>\n\n\n\n<p><strong><span class=\"has-inline-color has-vivid-red-color\">21 F\u00e9vrier<\/span><\/strong><\/p>\n\n\n\n<p><a href=\"https:\/\/alt-rev.com\/2021\/02\/21\/transparence-sur-les-vaccins-comment-leurope-a-cede-face-aux-laboratoires\/\">Transparence sur les vaccins : comment l\u2019Europe a c\u00e9d\u00e9 face aux laboratoires<\/a> (France inter) <\/p>\n\n\n\n<figure class=\"wp-block-image is-resized is-style-default\"><img loading=\"lazy\" decoding=\"async\" src=\"https:\/\/scontent.fhex4-2.fna.fbcdn.net\/v\/t1.0-9\/152843946_1151284058627394_9153112309885521902_n.png?_nc_cat=111&amp;ccb=3&amp;_nc_sid=730e14&amp;_nc_eui2=AeFs0khO-cm0BwMus_VphM6d2UCMgh9W-dDZQIyCH1b50EA5zLfY8fUJgaWCVZIYD98&amp;_nc_ohc=DfRq-ppM0zMAX_zByAw&amp;_nc_ht=scontent.fhex4-2.fna&amp;oh=b66acd8f7374f0d8034f9d382e5ac880&amp;oe=60584C1E\" alt=\"Peut \u00eatre une image de 1 personne et texte qui dit \u201942%56 42556%250% En 2021 Macron a demand\u00e9 de l'aide pour g\u00e9rer une pand\u00e9mie \u00e0? \u00e0 des lutins R.Goupil la poudre de perlinpinpin Des youtubeurs\u2019\" width=\"408\" height=\"278\"\/><\/figure>\n\n\n\n<p><a href=\"https:\/\/alt-rev.com\/2021\/02\/21\/plan-cancer-la-sante-environnementale-marginalisee\/\">Plan cancer: la sant\u00e9 environnementale marginalis\u00e9e<\/a> (Reporterre)<\/p>\n\n\n\n<p><a href=\"https:\/\/info.mediapart.fr\/optiext\/optiextension.dll?ID=SopSkDWKeCuxWvuuiyDhhdv154niyP%2BUpR7O3sSn9bDp%2BpA8LAMZL2Tfn0Giesnfd%2Bxg7iFSj03DMDz3wOK3556WJU6S4\">Un si\u00e8cle et demi d\u2019antivax<\/a> (MDP)<\/p>\n\n\n\n<p><a href=\"https:\/\/info.mediapart.fr\/optiext\/optiextension.dll?ID=RjiRkK2bKtZ0leVLDuMzTbSVXeHghs1JlV1hPkj822cU%2Bmm7Izh%2BfBYEg%2BDganMNsNokAVVvg3bDAcSRunFfsNlBwgbJz\">Proc\u00e8s de l&rsquo;H\u00f4pital public: Chapitre 6 &#8211; 2012, le pacte de confiance<\/a> -blog florian vivrel<\/p>\n\n\n\n<p><a href=\"https:\/\/www.humanite.fr\/immunite-au-covid-19-ce-que-lon-sait-et-ce-quil-reste-decouvrir-700397#xtor=RSS-1\">Immunit\u00e9 au Covid-19 : ce que l\u2019on sait et ce qu\u2019il reste \u00e0 d\u00e9couvrir<\/a> (L\u2019Humanit\u00e9)&nbsp;<\/p>\n\n\n\n<figure class=\"wp-block-image is-resized is-style-default\"><img loading=\"lazy\" decoding=\"async\" src=\"https:\/\/scontent.fhex4-1.fna.fbcdn.net\/v\/t1.0-0\/s640x640\/152810621_1151295348626265_8581384337573980164_n.png?_nc_cat=105&amp;ccb=3&amp;_nc_sid=730e14&amp;_nc_eui2=AeFxCmw8YZDKJUUkhkvi0tTMwtd6KsJcdbnC13oqwlx1uf9ZZ5ruhi0wBVfsIN7hw5Q&amp;_nc_ohc=eqa9XNMQfCgAX_U6q-9&amp;_nc_ht=scontent.fhex4-1.fna&amp;_nc_tp=30&amp;oh=6f43fcab98d375f7e5c1315ea4e1cd31&amp;oe=6056CABD\" alt=\"Peut \u00eatre une capture d\u2019\u00e9cran de Twitter de 1 personne et texte qui dit \u2019Duc d-Fp... 4h Tout comme l'immunit\u00e9 contre le covid des enfants \u00e0 l'\u00e9cole 20 4h 20 Minutes @2... L'<< islamo-gauchisme &gt; est un << fait social indubitable &gt;, selon Blanquer bit.ly\/2ZzkXXQ\u2019\" width=\"318\" height=\"263\"\/><\/figure>\n\n\n\n<p><a href=\"https:\/\/covid19.healthdata.org\/france\">Projections par pays contaminations et morts Covid-19<\/a> (anglais, IHME)<\/p>\n\n\n\n<p><a href=\"https:\/\/wgntv.com\/news\/coronavirus\/johns-hopkins-offers-live-interactive-map-of-global-coronavirus-cases\/\">En continu carte et chiffres d\u00e9taill\u00e9s sur la Pand\u00e9mie&nbsp;<\/a> (anglais, John Hopkins University)<\/p>\n\n\n\n<p><a href=\"https:\/\/www.ft.com\/coronavirus-latest\">En continu graphiques et cartes sur la Pand\u00e9mie<\/a> (anglais, Financial Times)<\/p>\n\n\n\n<figure class=\"wp-block-image is-resized is-style-default\"><img data-recalc-dims=\"1\" loading=\"lazy\" decoding=\"async\" src=\"https:\/\/i0.wp.com\/lanticapitaliste.org\/sites\/default\/files\/styles\/largeur_content_hauteur_complet\/public\/nos-vies-valent-plus-que-leurs-profits-vaccins.jpg?resize=362%2C506&#038;ssl=1\" alt=\"\" width=\"362\" height=\"506\"\/><\/figure>\n\n\n\n<p><strong><span class=\"has-inline-color has-vivid-red-color\">20 F\u00e9vrier en continu<\/span><\/strong><\/p>\n\n\n\n<p><a href=\"https:\/\/www.boursorama.com\/actualite-economique\/actualites\/vaccin-plus-de-200-millions-de-doses-administrees-dans-le-monde-45-dans-les-pays-du-g7-selon-l-afp-4ff293785733d713038e0543d98e5df1\">Vaccin: plus de 200 millions de doses administr\u00e9es dans le monde, 45% dans les pays du G7<\/a> (AFP)<\/p>\n\n\n\n<p><a href=\"https:\/\/www.boursorama.com\/actualite-economique\/actualites\/pourquoi-l-ue-n-a-pas-encore-approuve-le-vaccin-russe-spoutnik-v-e6562c35d30911f0cf22f95821e49d0a\">Pourquoi l&rsquo;UE n&rsquo;a pas encore approuv\u00e9 le vaccin russe Spoutnik V?<\/a> (AFP)<\/p>\n\n\n\n<p><a href=\"https:\/\/l.facebook.com\/l.php?u=https:\/\/www.ouest-france.fr\/sante\/virus\/coronavirus\/covid-19-six-fois-plus-de-risques-de-contagion-dans-les-ecoles-que-dans-les-lieux-de-culture-7160346?utm_medium=Social&amp;utm_source=Facebook&amp;fbclid=IwAR0R-R6jGdOHW7rxUnxKdRaUkxWGOGoSUMZ-zzfptABpQO1yTrxjzcMyzpo#Echobox=1613734445&amp;h=AT2X1Nyb7PmtyU6GUZlvJQOjzqNsKxQRPUFZeP3skg2NGy2g4kWjGEc5I0ibtZDdYu80uMZ62ue4vHSXWv84HN2SkO3Ro6aumo9ahoAc2rpPqnZo1GKiGfGKQr4AyF3Kme-yQvY&amp;__tn__=,mH-R&amp;c%5B0%5D=AT0q0_SsCqlqfXQgRhbDoCywN4lqt2-XMA5OrSsP1bwhcM4_ufuwHLzLY8So4I8dt9owTJzH10F5N0VRxv3NyUPMlCNESRd9SaqMHTphJ6Gg43f0MJhzp0eITuSJeXmO4Ak_sftx16bXjQYxMDE6x22HIqu8qSOE8lFMBXxFHtyvuoo\">Covid-19. Six fois plus de risques de contagion dans les \u00e9coles que dans les lieux culturels <\/a>(Ouest France)<\/p>\n\n\n\n<figure class=\"wp-block-image is-resized is-style-default\"><img loading=\"lazy\" decoding=\"async\" src=\"https:\/\/scontent.fhex4-1.fna.fbcdn.net\/v\/t1.0-0\/s600x600\/152444168_1150780272011106_664823197638964842_n.png?_nc_cat=104&amp;ccb=3&amp;_nc_sid=730e14&amp;_nc_eui2=AeFuNKv9vQlqxeKpmihlMiS3dThC8b518MF1OELxvnXwwes4Rs7SKcVpOuXC6u28YOM&amp;_nc_ohc=HxYg7HXzVn4AX8Kv2Yg&amp;_nc_ht=scontent.fhex4-1.fna&amp;_nc_tp=30&amp;oh=21155348c126f528953dd74dcd668f2c&amp;oe=6058797E\" alt=\"Peut \u00eatre une image de 2 personnes et texte qui dit \u2019Carl Silva Le confinement est in\u00e9vitable.. ..Mais en fait, on peut l'\u00e9viter.. OLIVIER VARIANT\u2019\" width=\"355\" height=\"422\"\/><\/figure>\n\n\n\n<p><a href=\"https:\/\/www.boursorama.com\/actualite-economique\/actualites\/covid-19-plus-contagieux-plus-resistants-plus-anxiogenes-ce-qu-on-sait-des-variants-06a70b1762ab93df200136cad21a0593\">Covid-19 &#8211; Plus contagieux, plus r\u00e9sistants, plus anxiog\u00e8nes: ce qu&rsquo;on sait des variants<\/a> (AFP)<\/p>\n\n\n\n<p><a href=\"https:\/\/www.humanite.fr\/il-y-30-ans-la-crise-de-la-vache-folle-allait-faire-trembler-leurope-700234#xtor=RSS-1\">Il y a 30 ans : la crise de la \u00ab vache folle \u00bb allait faire trembler l\u2019Europe<\/a> (L\u2019Humanit\u00e9)<\/p>\n\n\n\n<figure class=\"wp-block-image is-resized is-style-default\"><img data-recalc-dims=\"1\" loading=\"lazy\" decoding=\"async\" src=\"https:\/\/i0.wp.com\/www.humanite.fr\/sites\/default\/files\/styles\/1048x350\/public\/images\/hist4_hd2tvh.jpg?resize=430%2C185&#038;ssl=1\" alt=\"Les premiers signalements de \u00ab troubles anormaux \u00bb chez les bovins arrivent d\u2019outre-Manche d\u00e8s 1985. La maladie de l\u2019enc\u00e9phalopathie spongiforme bovine (ESB) est identifi\u00e9e en 1986. En France, le premier cas sera d\u00e9couvert en Bretagne, cinq ans plus tard. \u00a9 Rex Features\/Sipa\" width=\"430\" height=\"185\" title=\"\"\/><\/figure>\n\n\n\n<p><a href=\"https:\/\/lanticapitaliste.org\/opinions\/sante\/vaccins-faire-face-la-logique-capitaliste\">Vaccins : faire face \u00e0 la logique capitaliste<\/a> -G\u00e9rard Chaouat<\/p>\n\n\n\n<p><a href=\"https:\/\/www.anti-k.org\/2021\/02\/20\/enquete-radio-france-transparence-sur-les-vaccins-comment-leurope-a-cede-face-aux-laboratoires\/\">Transparence sur les vaccins : comment l\u2019Europe a c\u00e9d\u00e9 face aux laboratoires <\/a>(Radio France)<\/p>\n\n\n\n<p><a href=\"https:\/\/lanticapitaliste.org\/actualite\/international\/covid-19-comment-combattre-la-pandemie-notes-autour-dun-va-et-vient-entre\">Covid-19&nbsp;: comment combattre la pand\u00e9mie&nbsp;? Notes autour d\u2019un va-et-vient entre l\u2019Asie et l\u2019Europe<\/a> -Pierre Rousset<\/p>\n\n\n\n<p><a href=\"https:\/\/www.anti-k.org\/2021\/02\/20\/plan-cancer-la-sante-environnementale-marginalisee\/\">Plan cancer&nbsp;: la sant\u00e9 environnementale marginalis\u00e9e <\/a>(Reporterre)<\/p>\n\n\n\n<p><a href=\"https:\/\/covid19.healthdata.org\/france\">Projections par pays contaminations et morts Covid-19<\/a> (anglais, IHME)<\/p>\n\n\n\n<p><a href=\"https:\/\/wgntv.com\/news\/coronavirus\/johns-hopkins-offers-live-interactive-map-of-global-coronavirus-cases\/\">En continu carte et chiffres d\u00e9taill\u00e9s sur la Pand\u00e9mie&nbsp;<\/a> (anglais, John Hopkins University)<\/p>\n\n\n\n<p><a href=\"https:\/\/www.ft.com\/coronavirus-latest\">En continu graphiques et cartes sur la Pand\u00e9mie<\/a> (anglais, Financial Times)<\/p>\n\n\n\n<figure class=\"wp-block-image size-large is-resized is-style-default\"><img data-recalc-dims=\"1\" loading=\"lazy\" decoding=\"async\" src=\"https:\/\/i0.wp.com\/www.rdpemancipation.org\/wp-content\/uploads\/2021\/02\/c4-860_vaccins_arn.jpg?resize=405%2C614&#038;ssl=1\" alt=\"\" class=\"wp-image-16819\" width=\"405\" height=\"614\" srcset=\"https:\/\/i0.wp.com\/www.rdpemancipation.org\/wp-content\/uploads\/2021\/02\/c4-860_vaccins_arn.jpg?resize=675%2C1024&amp;ssl=1 675w, https:\/\/i0.wp.com\/www.rdpemancipation.org\/wp-content\/uploads\/2021\/02\/c4-860_vaccins_arn.jpg?resize=198%2C300&amp;ssl=1 198w, https:\/\/i0.wp.com\/www.rdpemancipation.org\/wp-content\/uploads\/2021\/02\/c4-860_vaccins_arn.jpg?resize=768%2C1166&amp;ssl=1 768w, https:\/\/i0.wp.com\/www.rdpemancipation.org\/wp-content\/uploads\/2021\/02\/c4-860_vaccins_arn.jpg?w=780&amp;ssl=1 780w\" sizes=\"auto, (max-width: 405px) 100vw, 405px\" \/><\/figure>\n\n\n\n<p><strong><span class=\"has-inline-color has-vivid-red-color\">19 F\u00e9vrier<\/span><\/strong><\/p>\n\n\n\n<p><a href=\"https:\/\/info.mediapart.fr\/optiext\/optiextension.dll?ID=2uv2roMd_vU%2BXycrHkhRA8uAkRi47gelHfZgdUe7WRmKQgwg%2Bf8fyin01oRVBaZm_kzc0NMAxZaUODi9ptZXwPlsCdWoF\">Macron au G7: une faute morale et une aberration en sant\u00e9 publique<\/a> -blog <a href=\"https:\/\/info.mediapart.fr\/optiext\/optiextension.dll?ID=2uv2tcpmhgOT8SywMKe765ufXPNaJEeNFLNrPDBDwST9jl5g_oN256VOkNw3642N1ER6S_eVptQ8xyPo9I8YDq65Dx8oS\">M\u00e9r\u00f4me Jardin<\/a><\/p>\n\n\n\n<p><a href=\"http:\/\/frances.prensa-latina.cu\/index.php?option=com_content&amp;view=article&amp;id=885676:le-new-york-times-souligne-la-reussite-de-cuba-avec-ses-vaccins-anti-covid-19&amp;opcion=pl-ver-noticia&amp;catid=19&amp;Itemid=101\">Le New York Times souligne la r\u00e9ussite de Cuba avec ses vaccins anti-Covid-19<\/a> (Prensa Latina)<\/p>\n\n\n\n<p><a href=\"http:\/\/frances.prensa-latina.cu\/index.php?option=com_content&amp;view=article&amp;id=885685:cuba-rapporte-923-nouveaux-cas-de-covid-19-et-5-deces&amp;opcion=pl-ver-noticia&amp;catid=193&amp;Itemid=101\">Cuba rapporte 923 nouveaux cas de Covid-19 et 5 d\u00e9c\u00e8s<\/a> (Prensa Latina)<\/p>\n\n\n\n<p><a href=\"https:\/\/info.mediapart.fr\/optiext\/optiextension.dll?ID=2uv2tm0XOoM2LMoxaX3mYRpYtVDXKPC1jrZ2c7usLWw5h9OM_4X7QZOaK4yUxHhaKJl6eYazUe0A4w6slrd8ZBBdajME2\">En Seine-Saint-Denis, l\u2019h\u00f4pital maltraite une unit\u00e9 de soin des victimes de violences<\/a> (MDP)<\/p>\n\n\n\n<p><a href=\"https:\/\/www.boursorama.com\/boursoramag\/actualites\/covid-19-macron-se-donne-8-a-10-jours-pour-relacher-ou-resserrer-les-contraintes-2da05f69268a4d0cf9b8eca32f6ec7e6\">Covid-19: Macron se donne 8 \u00e0 10 jours pour rel\u00e2cher ou resserrer les contraintes<\/a> (AFP)<\/p>\n\n\n\n<p><a href=\"https:\/\/www.boursorama.com\/actualite-economique\/actualites\/des-infirmieres-retraitees-bataillent-pour-faire-reconnaitre-leur-cancer-au-travail-d8d7dd7e5aad478fd1ab44efb3389d72\">Des infirmi\u00e8res retrait\u00e9es bataillent pour faire reconna\u00eetre leur cancer au travail<\/a> (AFP)<\/p>\n\n\n\n<p><a href=\"https:\/\/www.boursorama.com\/actualite-economique\/actualites\/avec-biden-le-g7-s-engage-a-renforcer-l-aide-a-la-vaccination-des-pays-pauvres-842977b2849a1217292cdb920574bcd9\">Avec Biden, le G7 s&rsquo;engage \u00e0 renforcer l&rsquo;aide \u00e0 la vaccination des pays pauvres<\/a> (AFP)<\/p>\n\n\n\n<p><a href=\"https:\/\/www.boursorama.com\/actualite-economique\/actualites\/coronavirus-pfizer-biontech-disent-que-leur-vaccin-peut-se-conserver-a-des-temperatures-moins-froides-17ee25d6e5c8052214ccb10df791a5de\">Pfizer-BioNTech disent que leur vaccin peut se conserver \u00e0 des temp\u00e9ratures moins froides<\/a> (Reuters)<\/p>\n\n\n\n<p><a href=\"https:\/\/lanticapitaliste.org\/actualite\/sante\/big-pharma-le-medicament-na-pas-vocation-etre-rentable\">Big pharma&nbsp;: Le m\u00e9dicament n\u2019a pas vocation a \u00eatre rentable<\/a> (L\u2019Anticapitaliste)<\/p>\n\n\n\n<p><a href=\"https:\/\/alt-rev.com\/2021\/02\/19\/covid-la-dictature-de-letat-major-contre-la-democratie\/\">Covid: La dictature de l\u2019\u00c9tat-major contre la d\u00e9mocratie<\/a> -vid\u00e9o Ruffin<\/p>\n\n\n\n<p><a href=\"https:\/\/www.revolutionpermanente.fr\/Seine-Saint-Denis-Les-plus-precaires-prives-de-vaccin-avec-la-complicite-du-prefet\">Seine-Saint-Denis. Les plus pr\u00e9caires priv\u00e9s de vaccin avec la complicit\u00e9 du pr\u00e9fet&nbsp;?<\/a> (RP)<\/p>\n\n\n\n<p><a href=\"https:\/\/www.boursorama.com\/actualite-economique\/actualites\/coronavirus-isolement-de-dix-jours-pour-les-patients-positifs-annonce-veran-021f4420b2b067d5500abc57fe3870d0\">Coronavirus: Isolement de dix jours pour les patients positifs, annonce V\u00e9ran<\/a> (Reuters)<\/p>\n\n\n\n<p><a href=\"https:\/\/www.boursorama.com\/actualite-economique\/actualites\/le-partage-des-vaccins-discute-au-premier-g7-virtuel-de-biden-842977b2849a1217292cdb920574bcd9\">Le partage des vaccins discut\u00e9 au premier G7 virtuel de Biden<\/a> (AFP)<\/p>\n\n\n\n<p><a href=\"https:\/\/www.mediapart.fr\/journal\/france\/190221\/covid-19-comment-le-vaccin-d-astrazeneca-est-devenu-une-piqure-de-seconde-zone\">Covid-19: comment le vaccin d\u2019AstraZeneca est devenu une piq\u00fbre de seconde zone<\/a> (M\u00e9diapart)<\/p>\n\n\n\n<p><a href=\"https:\/\/covid19.healthdata.org\/france\">Projections par pays contaminations et morts Covid-19<\/a> (anglais, IHME)<\/p>\n\n\n\n<p><a href=\"https:\/\/wgntv.com\/news\/coronavirus\/johns-hopkins-offers-live-interactive-map-of-global-coronavirus-cases\/\">En continu carte et chiffres d\u00e9taill\u00e9s sur la Pand\u00e9mie&nbsp;<\/a> (anglais, John Hopkins University)<\/p>\n\n\n\n<p><a href=\"https:\/\/www.ft.com\/coronavirus-latest\">En continu graphiques et cartes sur la Pand\u00e9mie<\/a> (anglais, Financial Times)<\/p>\n\n\n\n<figure class=\"wp-block-image is-resized is-style-default\"><img data-recalc-dims=\"1\" loading=\"lazy\" decoding=\"async\" src=\"https:\/\/i0.wp.com\/www.formesdesluttes.org\/site\/assets\/files\/1313\/fdl-leilabergougnoux-02-a4-web.png?resize=362%2C511\" alt=\"\" width=\"362\" height=\"511\"\/><\/figure>\n\n\n\n<p><strong><span class=\"has-inline-color has-vivid-red-color\">18 F\u00e9vrier<\/span><\/strong><\/p>\n\n\n\n<p><a href=\"https:\/\/www.boursorama.com\/actualite-economique\/actualites\/arme-cruciale-contre-l-epidemie-le-sequencage-traine-en-france-f4d85ae2275d6d266f6aa23c9e62c8a3\">Arme cruciale contre l&rsquo;\u00e9pid\u00e9mie, le s\u00e9quen\u00e7age tra\u00eene en France<\/a> (AFP)<\/p>\n\n\n\n<p><a href=\"https:\/\/www.boursorama.com\/actualite-economique\/actualites\/coronavirus-le-variant-sud-africain-pourrait-reduire-la-protection-du-vaccin-pfizer-27a697133969269cd6e78c49fd5d7a8e\">Coronavirus: Le variant sud-africain pourrait r\u00e9duire la protection du vaccin Pfizer<\/a> (Reuters)<\/p>\n\n\n\n<p><a href=\"https:\/\/www.boursorama.com\/actualite-economique\/actualites\/les-soignants-de-l-hopital-de-dunkerque-assieges-par-la-maree-du-variant-anglais-83c0dcf19b3f44e7994687e8d8f91603\">Les soignants de l&rsquo;h\u00f4pital de Dunkerque assi\u00e9g\u00e9s par la \u00ab\u00a0mar\u00e9e\u00a0\u00bb du variant anglais<\/a><br>(AFP)<\/p>\n\n\n\n<p><a href=\"https:\/\/www.boursorama.com\/actualite-economique\/actualites\/virus-l-ue-achete-a-moderna-300-millions-de-doses-l-onu-reclame-un-plan-mondial-de-vaccination-f1ac0272bb7c43c953ce0093d251a0f6\">Virus: l&rsquo;UE ach\u00e8te \u00e0 Moderna 300 millions de doses, l&rsquo;ONU r\u00e9clame un \u00ab\u00a0plan mondial de vaccination\u00a0\u00bb<\/a> (AFP)<\/p>\n\n\n\n<p><a href=\"https:\/\/l.facebook.com\/l.php?u=https:\/\/www.huffingtonpost.fr\/entry\/le-lien-entre-pesticides-et-leucemie-aigue-prouve-par-des-chercheurs_fr_602da126c5b67c32961b17fb?ncid=other_facebook_eucluwzme5k&amp;utm_campaign=share_facebook&amp;fbclid=IwAR1ISgOXKBi-efOVOPcsNTTCwPIVcSwMaxtsEzf9PEHhEVWqokq4-pfa8yk&amp;h=AT2ZTSpe5h2-v-2xL6nLCdPv8-z83B4QrwmVAt56rIghhtVpoToAieQwxTzq-nEVEmd34X2wkQvV3kwzpHdYofdv7748ZiKiyRqSilTPmPTvKKnuw0YL1TrQL1_ev70JvPQ0x4Q&amp;__tn__=,mH-R&amp;c%5B0%5D=AT0hxEI21zkM4gRjmTpVnpkiz6jucptRO_9KnKTzi6FLC8Dpzv5u0ZvMEZ8PX93S4jnqNGp2uljT6YAPTPQ7mrfSlRch_g4XNIUBS3Qe2tEnb-PAxjoxSwdewqPiRkV_R1nCWBTMdS2wHvtsN1hH-wYExCB0oVWPm04OGA51RHH-pZg\">Pour la premi\u00e8re fois, des chercheurs prouvent le lien entre pesticides et leuc\u00e9mie <\/a>(Huff Post)<\/p>\n\n\n\n<p><a href=\"https:\/\/anticapitalisme-et-revolution.blogspot.com\/2021\/02\/fiasco-des-vaccins-la-responsabilite.html\">Fiasco des vaccins : la responsabilit\u00e9 accablante des capitalistes. Il est urgent d&rsquo;en finir avec cette soci\u00e9t\u00e9 !<\/a> (AR)<\/p>\n\n\n\n<p><a href=\"https:\/\/www.equaltimes.org\/le-nationalisme-vaccinal-et-le\">Nationalisme vaccinal et march\u00e9 ne vaincront pas la pand\u00e9mie \u2013 seule la coop\u00e9ration internationale le peut&nbsp;<\/a> (Equal Times)<\/p>\n\n\n\n<p><a href=\"https:\/\/ricochets.cc\/Consultation-sur-le-Passeport-vaccinal.html\">Consultation sur le Passeport vaccinal<\/a> (Ricochets)<\/p>\n\n\n\n<p><a href=\"https:\/\/lanticapitaliste.org\/agir\/sante\/brevets-sur-les-vaccins-stop-notre-sante-nest-pas-un-marche\">Brevets sur les vaccins, stop&nbsp;! Notre sant\u00e9 n&rsquo;est pas un march\u00e9&nbsp;!<\/a> (L\u2019Anticapitaliste)<\/p>\n\n\n\n<figure class=\"wp-block-image is-resized is-style-default\"><img data-recalc-dims=\"1\" loading=\"lazy\" decoding=\"async\" src=\"https:\/\/i0.wp.com\/lanticapitaliste.org\/sites\/default\/files\/styles\/largeur_content_hauteur_complet\/public\/nos-vies-valent-plus-que-leurs-profits-vaccins.jpg?resize=353%2C494&#038;ssl=1\" alt=\"\" width=\"353\" height=\"494\"\/><\/figure>\n\n\n\n<p><a href=\"https:\/\/covid19.healthdata.org\/france\">Projections par pays contaminations et morts Covid-19<\/a> (anglais, IHME)<\/p>\n\n\n\n<p><a href=\"https:\/\/wgntv.com\/news\/coronavirus\/johns-hopkins-offers-live-interactive-map-of-global-coronavirus-cases\/\">En continu carte et chiffres d\u00e9taill\u00e9s sur la Pand\u00e9mie&nbsp;<\/a> (anglais, John Hopkins University)<\/p>\n\n\n\n<p><a href=\"https:\/\/www.ft.com\/coronavirus-latest\">En continu graphiques et cartes sur la Pand\u00e9mie<\/a> (anglais, Financial Times)<\/p>\n\n\n\n<figure class=\"wp-block-image is-resized is-style-default\"><img loading=\"lazy\" decoding=\"async\" src=\"https:\/\/scontent.fhex4-1.fna.fbcdn.net\/v\/t1.0-9\/152065240_1149427395479727_2958810759448588917_n.png?_nc_cat=104&amp;ccb=3&amp;_nc_sid=730e14&amp;_nc_eui2=AeHPunSWc4YJdLinGGrtaqqvIH1-CA464qogfX4IDjriqmfxLIdHIuYrrekzVV2ww-4&amp;_nc_ohc=y4PtlSOweg0AX_O-QnH&amp;_nc_ht=scontent.fhex4-1.fna&amp;oh=4dac3268954c88acd6071a4a0e3c0162&amp;oe=6055BECA\" alt=\"Peut \u00eatre une image de m\u00e9dicaments et texte qui dit \u2019\u00c9conomistes Atterr\u00e9s Comment une entreprise qui a contribu\u00e9 \u00e0 empoisonner 500 000 am\u00e9ricains peut conseiller le gouvernement fran\u00e7ais pour distribuer le vaccin anti- COVID (et envoyer un de ses cadres diriger Polytechnique)? Et ce n'est m\u00eame pas sign\u00e9 gorafi... Crise des opiac\u00e9s: McKinsey paie 573 millions de dollars pour solder des poursui... accusaient contr bue o via conseilsaux.groupespharmaceutiques. conseils groupes efigaro.fr Twitter\u2019\" width=\"357\" height=\"424\"\/><\/figure>\n\n\n\n<p><strong><span class=\"has-inline-color has-vivid-red-color\">17 F\u00e9vrier <\/span><\/strong><\/p>\n\n\n\n<p><a href=\"https:\/\/www.cairn.info\/revue-notes-du-conseil-d-analyse-economique-2020-8-page-1.htm?WT.tsrc=cairnEmailAlert&amp;WT.mc_id=NCAE_062\">Innovation pharmaceutique&nbsp;: comment combler le retard fran\u00e7ais&nbsp;?&nbsp;<\/a> &#8211; Kyle Margaret, Perrot Anne (Note CAE)<\/p>\n\n\n\n<p><a href=\"https:\/\/www.revolutionpermanente.fr\/336-millions-de-doses-d-AstraZeneca-pour-les-pays-pauvres-la-solution-vouee-a-l-echec-de-l-OMS\">336 millions de doses d\u2019AstraZeneca pour les pays pauvres&nbsp;: la solution vou\u00e9e \u00e0 l\u2019\u00e9chec de l\u2019OMS<\/a> (RP)<\/p>\n\n\n\n<p><a href=\"https:\/\/www.humanite.fr\/vaccins-decryptage-des-contrats-signes-entre-les-laboratoires-et-lunion-europeenne-700194#xtor=RSS-1\">Vaccins. D\u00e9cryptage des contrats sign\u00e9s entre les laboratoires et l\u2019Union europ\u00e9enne<\/a> (L\u2019Humanit\u00e9)&nbsp;<\/p>\n\n\n\n<p><a href=\"https:\/\/www.lemediatv.fr\/emissions\/2021\/mc-kinsey-le-cabinet-qui-decide-de-nos-vies-mMjKEMP0QUmjnZEwbquBYA\">Mc Kinsey : le cabinet qui d\u00e9cide de nos vies ?<\/a> (Le M\u00e9dia)<\/p>\n\n\n\n<p><a href=\"https:\/\/lanticapitaliste.org\/actualite\/sante\/brevets-sur-les-vaccins-anti-covid-stop-requisition\">\u00abBrevets sur les vaccins anti-covid, stop\u2026 R\u00e9quisition!\u00bb<\/a> -Frank Cantaloup<\/p>\n\n\n\n<p><a href=\"https:\/\/www.kairospresse.be\/article\/le-role-de-la-formation-des-medecins-et-de-lepistemologie-medicale-dans-la-crise-de-la-covid-19\/\">Le r\u00f4le de la formation des m\u00e9decins et de l\u2019\u00e9pist\u00e9mologie m\u00e9dicale dans la crise de la Covid 19<\/a> (Kairos)<\/p>\n\n\n\n<p><a href=\"https:\/\/www.humanite.fr\/fac-simile-du-contrats-signe-entre-sanofi-gsk-et-lunion-europeenne-700301#xtor=RSS-1\">Fac-simil\u00e9 du contrats sign\u00e9 entre Sanofi-GSK et l&rsquo;Union europ\u00e9enne<\/a> (L\u2019Humanit\u00e9)<\/p>\n\n\n\n<p><a href=\"https:\/\/lanticapitaliste.org\/actualite\/sante\/laide-medicale-detat-ame-encore-et-toujours-attaquee\">L\u2019aide m\u00e9dicale d\u2019\u00c9tat (AME) encore et toujours attaqu\u00e9e<\/a> (L\u2019Anticapitaliste)<\/p>\n\n\n\n<p><a href=\"https:\/\/covid19.healthdata.org\/france\">Projections par pays contaminations et morts Covid-19<\/a> (anglais, IHME)<\/p>\n\n\n\n<p><a href=\"https:\/\/wgntv.com\/news\/coronavirus\/johns-hopkins-offers-live-interactive-map-of-global-coronavirus-cases\/\">En continu carte et chiffres d\u00e9taill\u00e9s sur la Pand\u00e9mie&nbsp;<\/a> (anglais, John Hopkins University)<\/p>\n\n\n\n<p><a href=\"https:\/\/www.ft.com\/coronavirus-latest\">En continu graphiques et cartes sur la Pand\u00e9mie<\/a> (anglais, Financial Times)<\/p>\n\n\n\n<figure class=\"wp-block-image is-resized is-style-default\"><img data-recalc-dims=\"1\" loading=\"lazy\" decoding=\"async\" src=\"https:\/\/i0.wp.com\/static.politis.fr\/medias\/articles\/2021\/02\/les-dessins-de-la-semaine-daurel-fermeture-des-frontieres-et-dejeuner-devant-lordi-42834\/image-42834.jpg?resize=366%2C506&#038;ssl=1\" alt=\"Les dessins de la semaine d'Aurel : Fermeture des fronti\u00e8res et d\u00e9jeuner devant l'ordi\" width=\"366\" height=\"506\"\/><\/figure>\n\n\n\n<p><a href=\"https:\/\/francais.medscape.com\/voirarticle\/3606876?src=WNL_mdplsfeat_210217_mscpedit_fr&amp;uac=389075MY&amp;impID=3195891&amp;faf=1\">La vaccination anti-COVID par les m\u00e9decins de ville \u00e9tape par \u00e9tape<\/a> (Medscape)<\/p>\n\n\n\n<p><a href=\"https:\/\/www.lefigaro.fr\/societes\/crise-des-opiaces-mckinsey-paie-573-millions-de-dollars-pour-solder-des-poursuites-20210204?fbclid=IwAR1bCWcx_UPY1BMJJ6FpxiqCNdGfb_P7Etbe59Ac5Oofk0xWKLH3ysGopoE\">Crise des opiac\u00e9s : McKinsey paie 573 millions de dollars pour solder des poursuites<\/a>&nbsp;(Le Figaro)<\/p>\n\n\n\n<p><a href=\"https:\/\/www.publicsenat.fr\/article\/parlementaire\/segur-de-la-sante-une-proposition-de-loi-qui-n-est-pas-a-la-hauteur-selon-la?fbclid=IwAR1Q81jE2xNdn2unfHzN_pBbRnhDY0Otg0JhwWtiiCs6IyH0rMojfZWA1Do\">S\u00e9gur de la sant\u00e9 : une proposition de loi qui \u00ab n\u2019est pas \u00e0 la hauteur \u00bb<\/a> (Public s\u00e9nat)<\/p>\n\n\n\n<figure class=\"wp-block-image is-resized is-style-default\"><img loading=\"lazy\" decoding=\"async\" src=\"https:\/\/scontent.fhex4-1.fna.fbcdn.net\/v\/t1.0-9\/150707430_1148736322215501_7800398770523665555_o.jpg?_nc_cat=104&amp;ccb=3&amp;_nc_sid=730e14&amp;_nc_ohc=UzFnJVDW984AX8Dhuiu&amp;_nc_ht=scontent.fhex4-1.fna&amp;oh=e2c36257b206eca3acd1f0c0b88c9f58&amp;oe=6052FDBF\" alt=\"Peut \u00eatre une image de 1 personne et texte qui dit \u2019Benjamin Amar @benjaminamar4 Deux doigts d'honneur et deux cailloux gros comme une demie bille. Pour une arrestation d'une violence inou\u00efe et une carri\u00e8re exemplaire de soignante. Le 22 f\u00e9vrier t\u00e9moignons notre soutien \u00e0 Farida Chikh devant e TGI de Paris, porte de Clichy. Imen Mellaz @Mellazimen [MOBILISATION] Une soignante, deux doigts d'honneur, deux cailloux. Une interpellation surr\u00e9aliste, d'une violence inou\u00efe. Tra\u00een\u00e9e par les cheveux sur pls m... 20:51 5f\u00e9vr.21 Twitter for Android\u2019\" width=\"371\" height=\"716\"\/><\/figure>\n\n\n\n<p><span class=\"has-inline-color has-vivid-red-color\"><strong>16 F\u00e9vrier <\/strong><\/span><\/p>\n\n\n\n<p><a href=\"https:\/\/lanticapitaliste.org\/sites\/default\/files\/tract-sante-fev-21.pdf\">Nos vies valent plus que son pari !<\/a> (Commission Sant\u00e9 S\u00e9cu Social NPA)<\/p>\n\n\n\n<p><a href=\"https:\/\/www.boursorama.com\/actualite-economique\/actualites\/coronavirus-38-cas-d-un-nouveau-variant-decouverts-en-angleterre-d2b0d42998c95813da5efce42a7bff5f\">Coronavirus: 38 cas d&rsquo;un nouveau variant d\u00e9couverts en Angleterre<\/a> (Reuters)<\/p>\n\n\n\n<p><a href=\"https:\/\/www.boursorama.com\/actualite-economique\/actualites\/coronavirus-l-ue-ajoute-des-clauses-sur-les-variants-dans-ses-contrats-pour-les-vaccins-7bd86b664ce570c97b06ac674b70428c\">Coronavirus: L&rsquo;UE ajoute des clauses sur les variants dans ses contrats pour les vaccins<\/a> (Reuters)<\/p>\n\n\n\n<p><a href=\"https:\/\/alt-rev.com\/2021\/02\/16\/covid-19-a-lecole-le-protocole-sanitaire-allege-est-completement-hallucinant-denoncent-les-syndicats-denseignants-et-de-parents-deleves\/\">Protocole sanitaire all\u00e9g\u00e9 \u201ccompl\u00e8tement hallucinant\u201d d\u00e9noncent syndicats enseignants et parents d\u2019\u00e9l\u00e8ves<\/a> (France info)<\/p>\n\n\n\n<p><a href=\"https:\/\/www.boursorama.com\/actualite-economique\/actualites\/coronavirus-l-ue-lance-un-programme-d-etude-des-variants-dit-von-der-leyen-dans-les-echos-5c1476375f6188d8de56c4fd7a14532c\">Coronavirus: L&rsquo;UE lance un programme d&rsquo;\u00e9tude des variants, dit von der Leyen <\/a>(Reuters)<\/p>\n\n\n\n<p><a href=\"https:\/\/www.boursorama.com\/actualite-economique\/actualites\/le-royaume-uni-facilitera-les-projets-d-autres-pays-pour-un-passeport-vaccinal-988594cdee6220749eef0334262514a1\">Le Royaume-Uni facilitera les projets d&rsquo;autres pays pour un passeport vaccinal<\/a> (Reuters)<\/p>\n\n\n\n<p><a href=\"https:\/\/www.boursorama.com\/actualite-economique\/actualites\/sanofi-et-bristol-myers-condamnes-a-verser-834-millions-de-dollars-a-l-etat-d-hawai-au-sujet-du-plavix-5c7b7f2b3e5985c1fcfa22842cb11b11\">Sanofi et Bristol-Myers condamn\u00e9s \u00e0 verser 834 millions de dollars \u00e0 l&rsquo;Etat d&rsquo;Hawa\u00ef au sujet du Plavix<\/a> (Reuters)<\/p>\n\n\n\n<p><a href=\"https:\/\/covid19.healthdata.org\/france\">Projections par pays contaminations et morts Covid-19<\/a> (anglais, IHME)<\/p>\n\n\n\n<p><a href=\"https:\/\/wgntv.com\/news\/coronavirus\/johns-hopkins-offers-live-interactive-map-of-global-coronavirus-cases\/\">En continu carte et chiffres d\u00e9taill\u00e9s sur la Pand\u00e9mie&nbsp;<\/a> (anglais, John Hopkins University)<\/p>\n\n\n\n<p><a href=\"https:\/\/www.ft.com\/coronavirus-latest\">En continu graphiques et cartes sur la Pand\u00e9mie<\/a> (anglais, Financial Times)<\/p>\n\n\n\n<figure class=\"wp-block-image is-resized is-style-default\"><img loading=\"lazy\" decoding=\"async\" src=\"https:\/\/scontent.fhex4-2.fna.fbcdn.net\/v\/t1.0-9\/151465353_1148245295597937_8585809934301514921_n.png?_nc_cat=109&amp;ccb=3&amp;_nc_sid=730e14&amp;_nc_ohc=O70e1MWAAWAAX8bAXrc&amp;_nc_ht=scontent.fhex4-2.fna&amp;oh=ad00c2ae15f640cdf27dc2173216ffc3&amp;oe=60517E69\" alt=\"Peut \u00eatre un dessin anim\u00e9 de texte\" width=\"323\" height=\"379\"\/><\/figure>\n\n\n\n<p><span class=\"has-inline-color has-vivid-red-color\"><strong>15 F\u00e9vrier <\/strong><\/span><\/p>\n\n\n\n<p><a href=\"https:\/\/www.boursorama.com\/actualite-economique\/actualites\/coronavirus-l-ue-discute-d-un-nouveau-contrat-de-vaccins-avec-moderna-selon-des-sources-86a7c7cb22c702d7289e9618d207e2f6\">Coronavirus: L&rsquo;UE discute d&rsquo;un nouveau contrat de vaccins avec Moderna, selon des sources<\/a> (Reuters)<\/p>\n\n\n\n<p><a href=\"http:\/\/www.apple.fr\">\u00ab\u00a0Les ministres sont des VRP de Sanofi.\u00a0\u00bb<\/a> -Fran\u00e7ois Ruffin<\/p>\n\n\n\n<p><a href=\"https:\/\/sciencescitoyennes.org\/brevets-sur-les-vaccins-anti-covid-stop-requisition\/\">Brevets sur les vaccins anti-Covid, stop. R\u00e9quisition<\/a> (Fondation Sciences Citoyennes)<\/p>\n\n\n\n<p><a href=\"https:\/\/lecourrier.ch\/2021\/02\/15\/loms-ajoute-le-vaccin-dastrazeneca-a-sa-liste-durgence\/\">L\u2019OMS ajoute le vaccin d\u2019AstraZeneca \u00e0 sa liste d\u2019urgence<\/a> (Le Courrier)<\/p>\n\n\n\n<p><a href=\"https:\/\/www.usinenouvelle.com\/editorial\/le-tableau-de-bord-de-la-vaccination-anti-covid-19.N1048464\">Le tableau de bord de la vaccination anti-Covid-19<\/a> (Usine Nouvelle)<\/p>\n\n\n\n<figure class=\"wp-block-image size-large\"><img data-recalc-dims=\"1\" loading=\"lazy\" decoding=\"async\" width=\"713\" height=\"479\" src=\"https:\/\/i0.wp.com\/www.rdpemancipation.org\/wp-content\/uploads\/2021\/02\/dose-vaccins.jpg?resize=713%2C479&#038;ssl=1\" alt=\"\" class=\"wp-image-16055\" srcset=\"https:\/\/i0.wp.com\/www.rdpemancipation.org\/wp-content\/uploads\/2021\/02\/dose-vaccins.jpg?w=713&amp;ssl=1 713w, https:\/\/i0.wp.com\/www.rdpemancipation.org\/wp-content\/uploads\/2021\/02\/dose-vaccins.jpg?resize=300%2C202&amp;ssl=1 300w\" sizes=\"auto, (max-width: 713px) 100vw, 713px\" \/><\/figure>\n\n\n\n<p><a href=\"https:\/\/www.boursorama.com\/actualite-economique\/actualites\/dunkerque-face-au-variant-anglais-le-maire-denonce-des-mesures-deconnectees-f07c5a249f02e6a73083824d70160c49\">Dunkerque: face au variant anglais, le maire d\u00e9nonce des mesures \u00ab\u00a0d\u00e9connect\u00e9es\u00a0\u00bb<\/a> (AFP)<\/p>\n\n\n\n<p><a href=\"https:\/\/info.mediapart.fr\/optiext\/optiextension.dll?ID=bJIbJ+7tQesvezhMlhbMgzA11YhVanz_hwdwrjgPQqdyFtqriZi_GChm9OIfl_stqjqfqNyz4DEPHoXdCIyMxbBsNyGPg\">Encore un d\u00e9g\u00e2t li\u00e9 au Covid&nbsp;! Alerte \u00e0 l\u2019ANRS<\/a> (MDP)<\/p>\n\n\n\n<p><a href=\"https:\/\/rapportsdeforce.fr\/breves\/variant-britannique-dans-les-ecoles-une-decision-irresponsable-02149345\">Variant britannique dans les \u00e9coles : une d\u00e9cision irresponsable<\/a> (Rapports de Force)<\/p>\n\n\n\n<figure class=\"wp-block-image is-resized is-style-default\"><img loading=\"lazy\" decoding=\"async\" src=\"https:\/\/scontent.fhex4-1.fna.fbcdn.net\/v\/t1.0-0\/p526x296\/150782478_1147637612325372_9214045157130158164_o.jpg?_nc_cat=104&amp;ccb=3&amp;_nc_sid=730e14&amp;_nc_ohc=rjMz3pB9g1UAX9leMF-&amp;_nc_ht=scontent.fhex4-1.fna&amp;tp=6&amp;oh=344cdb421b3efb1ae2329590110e8620&amp;oe=604FFEED\" alt=\"Peut \u00eatre une capture d\u2019\u00e9cran de Twitter de 3 personnes et texte qui dit \u2019Freud_is_alive @Freud_is_alive @Freud_ Le virus et son variant. direct direct2 2 VOUS avez PAROLE 13:01 14f\u00e9vr.21 Twitter for iPhone 2.164 Retweets 46 Tweets cit\u00e9s 10,9K J'aime\u2019\" width=\"361\" height=\"395\"\/><\/figure>\n\n\n\n<p><a href=\"https:\/\/www.revolutionpermanente.fr\/Dunkerque-Hausse-exponentielle-du-variant-anglais-le-gouvernement-maintient-les-ecoles-ouvertes-a\">Dunkerque. Hausse exponentielle du variant anglais, le gouvernement maintient les \u00e9coles ouvertes \u00e0 tout prix<\/a> (RP)<\/p>\n\n\n\n<p><a href=\"https:\/\/lundi.am\/Les-Anarchistes-contre-la-Peste\">Les Anarchistes contre la peste<\/a> Malatesta et l\u2019\u00e9pid\u00e9mie de chol\u00e9ra de 1884 (Lundi matin)<\/p>\n\n\n\n<p><a href=\"https:\/\/covid19.healthdata.org\/france\">Projections par pays contaminations et morts Covid-19<\/a> (anglais, IHME)<\/p>\n\n\n\n<p><a href=\"https:\/\/wgntv.com\/news\/coronavirus\/johns-hopkins-offers-live-interactive-map-of-global-coronavirus-cases\/\">En continu carte et chiffres d\u00e9taill\u00e9s sur la Pand\u00e9mie&nbsp;<\/a> (anglais, John Hopkins University)<\/p>\n\n\n\n<p><a href=\"https:\/\/www.ft.com\/coronavirus-latest\">En continu graphiques et cartes sur la Pand\u00e9mie<\/a> (anglais, Financial Times)<\/p>\n\n\n\n<figure class=\"wp-block-image is-resized is-style-default\"><img loading=\"lazy\" decoding=\"async\" src=\"https:\/\/scontent.fhex4-2.fna.fbcdn.net\/v\/t1.0-9\/150347660_1147531462335987_542322284194404104_n.png?_nc_cat=110&amp;ccb=3&amp;_nc_sid=730e14&amp;_nc_ohc=hlejppyPuhcAX_TyUvO&amp;_nc_ht=scontent.fhex4-2.fna&amp;oh=6dda219d62768f33763f157149fc1b24&amp;oe=60509556\" alt=\"Peut \u00eatre une repr\u00e9sentation artistique de 2 personnes et int\u00e9rieur\" width=\"374\" height=\"471\"\/><\/figure>\n\n\n\n<p><span class=\"has-inline-color has-vivid-red-color\"><strong><b>14 F\u00e9vrier <\/b><\/strong><\/span><\/p>\n\n\n\n<p><a href=\"https:\/\/www.boursorama.com\/actualite-economique\/actualites\/france-les-hopitaux-vont-passer-en-organisation-de-crise-selon-le-jdd-4a620827b606762acbbde9f4af83470a\">France: Les h\u00f4pitaux vont passer en \u00ab\u00a0organisation de crise\u00a0\u00bb, selon le JDD<\/a> (Reuters)<br><a href=\"https:\/\/www.anti-k.org\/2021\/02\/14\/covid-19-la-cgt-de-lhopital-de-brest-depose-un-droit-dalerte-concernant-le-vaccin-astra-zeneca\/\">Covid-19. La CGT de l\u2019h\u00f4pital de Brest d\u00e9pose un droit d\u2019alerte concernant le vaccin Astra-Zeneca <\/a>(Ouest France)<\/p>\n\n\n\n<p><a href=\"https:\/\/info.mediapart.fr\/optiext\/optiextension.dll?ID=fNMfJnT4+HPXCbdsEA_ZAMr3e3pwfkmQfoEfiSq5MQhm4RO1nN_g7Mt5jcsCNpfVYO+tKsCdBpdh_90uNDDA7RTF1dB12\">Vaccin AstraZeneca: l\u2019intensit\u00e9 des effets ind\u00e9sirables attendus surprend les soignants<\/a> (MDP)<\/p>\n\n\n\n<p><a href=\"https:\/\/www.boursorama.com\/actualite-economique\/actualites\/origines-de-la-pandemie-washington-et-des-experts-de-l-oms-font-pression-sur-pekin-3485e63d50220a10e7133e0507b04eac\">Origines de la pand\u00e9mie: Washington et des experts de l&rsquo;OMS font pression sur P\u00e9kin<\/a> (AFP)<\/p>\n\n\n\n<p><a href=\"https:\/\/covid19.healthdata.org\/france\">Projections par pays contaminations et morts Covid-19<\/a> (anglais, IHME)<\/p>\n\n\n\n<p><a href=\"https:\/\/wgntv.com\/news\/coronavirus\/johns-hopkins-offers-live-interactive-map-of-global-coronavirus-cases\/\">En continu carte et chiffres d\u00e9taill\u00e9s sur la Pand\u00e9mie&nbsp;<\/a> (anglais, John Hopkins University)<\/p>\n\n\n\n<p><a href=\"https:\/\/www.ft.com\/coronavirus-latest\">En continu graphiques et cartes sur la Pand\u00e9mie<\/a> (anglais, Financial Times)<\/p>\n\n\n\n<figure class=\"wp-block-image is-resized is-style-default\"><img loading=\"lazy\" decoding=\"async\" src=\"https:\/\/scontent.fhex4-2.fna.fbcdn.net\/v\/t1.0-9\/149940724_1146919059063894_7209641765592391425_o.jpg?_nc_cat=110&amp;ccb=3&amp;_nc_sid=730e14&amp;_nc_ohc=8vRT28QMHUEAX-li5Me&amp;_nc_ht=scontent.fhex4-2.fna&amp;oh=bc0662f622e4e603660aa99e1180aeaa&amp;oe=604D2A90\" alt=\"Peut \u00eatre une image de une personne ou plus et texte qui dit \u2019La politique de fermeture de lits d'h\u00f4pitaux par #Maon est un crime contre l'humanit\u00e9. Translate Tweet NoNoBsTaNt @felixlechat5734 Feb 11 Voici les chiffres, rien que pour le mois de janvier 2021, selon le collectif d'urgentistes InterUrgences: 100 lits ferm\u00e9s \u00e0 Nantes 350 lits ferm\u00e9s Tours 200 lits ferm\u00e9s \u00e0 Caen 174 \u00e0 Nancy 230 \u00e0 Marseille 1091 autres lits ferm\u00e9s, partout ailleurs en m\u00e9tropole.\u2019\" width=\"372\" height=\"529\"\/><\/figure>\n\n\n\n<p><strong><span class=\"has-inline-color has-vivid-red-color\">13 F\u00e9vrier <\/span><\/strong><\/p>\n\n\n\n<p><a href=\"https:\/\/alt-rev.com\/2021\/02\/13\/francois-ruffin-si-les-labos-ne-veulent-pas-ceder-les-brevets-on-les-prend\/\">Fran\u00e7ois Ruffin: \u00abSi les labos ne veulent pas c\u00e9der les brevets, on les prend!\u00bb<\/a>-vid\u00e9o Mediapart<\/p>\n\n\n\n<p><a href=\"https:\/\/www.boursorama.com\/actualite-economique\/actualites\/mesures-sanitaires-renforcees-dans-la-region-de-dunkerque-02e00c13f3c2008b8f3ce27c1b74be9f\">Mesures sanitaires renforc\u00e9es dans la r\u00e9gion de Dunkerque<\/a> (Reuters)<\/p>\n\n\n\n<p><a href=\"https:\/\/www.boursorama.com\/actualite-economique\/actualites\/covid-19-les-ecoles-restent-ouvertes-en-moselle-pas-de-confinement-local-66dbb72b45eac9409cbbcca8d6f16dc9\">Covid-19: les \u00e9coles restent ouvertes en Moselle, pas de confinement local<\/a>&nbsp; (AFP)<\/p>\n\n\n\n<p><a href=\"https:\/\/blog.tempscritiques.net\/archives\/3961\">Relev\u00e9 de notes en temps de crise sanitaire<\/a> (Temps critiques)<\/p>\n\n\n\n<p><a href=\"https:\/\/www.revolutionpermanente.fr\/Mayotte-Une-semaine-apres-le-reconfinement-la-situation-ne-cesse-d-empirer\">Mayotte&nbsp;: Une semaine apr\u00e8s le reconfinement, la situation ne cesse d\u2019empirer<\/a> (RP)<\/p>\n\n\n\n<p><a href=\"https:\/\/covid19.healthdata.org\/france\">Projections par pays contaminations et morts Covid-19<\/a> (anglais, IHME)<\/p>\n\n\n\n<p><a href=\"https:\/\/wgntv.com\/news\/coronavirus\/johns-hopkins-offers-live-interactive-map-of-global-coronavirus-cases\/\">En continu carte et chiffres d\u00e9taill\u00e9s sur la Pand\u00e9mie&nbsp;<\/a> (anglais, John Hopkins University)<\/p>\n\n\n\n<p><a href=\"https:\/\/www.ft.com\/coronavirus-latest\">En continu graphiques et cartes sur la Pand\u00e9mie<\/a> (anglais, Financial Times)<\/p>\n\n\n\n<figure class=\"wp-block-image is-resized is-style-default\"><img loading=\"lazy\" decoding=\"async\" src=\"https:\/\/scontent.fsti4-1.fna.fbcdn.net\/v\/t1.0-0\/p526x296\/149271315_1146309652458168_3288790748593130575_n.png?_nc_cat=108&amp;ccb=3&amp;_nc_sid=730e14&amp;_nc_ohc=YbjVF4sBvGYAX-r5Jnh&amp;_nc_ht=scontent.fsti4-1.fna&amp;_nc_tp=30&amp;oh=a86de2aa76e74114bf683468de424d56&amp;oe=604F2057\" alt=\"Peut \u00eatre une image de 4 personnes, personnes debout, costume et texte\" width=\"354\" height=\"354\"\/><\/figure>\n\n\n\n<p><strong><span class=\"has-inline-color has-vivid-red-color\">12 F\u00e9vrier<\/span><\/strong><\/p>\n\n\n\n<p><a href=\"https:\/\/info.mediapart.fr\/optiext\/optiextension.dll?ID=RjiRpDP5VzA1X7vMEcIsW4XnixZcG8kPLEpYP3tDhaNwlV97IOkP5CwdgKbu6SPQdVzEH1nH3LYyJaurSbq+3KwN4idlz\">Covid-19: ces centaines de milliers de vaccins disponibles mais interdits d\u2019usage<\/a> (MDP)<\/p>\n\n\n\n<p><a href=\"https:\/\/www.boursorama.com\/actualite-economique\/actualites\/moselle-veran-annonce-plus-de-tests-et-de-vaccins-face-a-une-flambee-de-covid-780ebb9aa83c35d500629c13dcd031c4\">Moselle: V\u00e9ran annonce plus de tests et de vaccins face \u00e0 une flamb\u00e9e de Covid<\/a> (AFP)<\/p>\n\n\n\n<p><a href=\"https:\/\/www.boursorama.com\/actualite-economique\/actualites\/france-la-has-recommande-une-seule-dose-de-vaccin-pour-les-personnes-deja-infectees-33aeb34c601414e08d4dfaedce219fd3\">France: La HAS recommande une seule dose de vaccin pour les personnes d\u00e9j\u00e0 infect\u00e9es<\/a> (Reuters)<\/p>\n\n\n\n<p><a href=\"https:\/\/www.anti-k.org\/2021\/02\/11\/peut-on-se-donner-plus-de-moyens-pour-resister-aux-virus\/\">Peut-on se donner plus de moyens pour r\u00e9sister aux virus ? <\/a>(Collectif reinfocovid)<\/p>\n\n\n\n<p><a href=\"https:\/\/www.anti-k.org\/2021\/02\/12\/la-crainte-engendree-par-le-covid-19-semble-en-relation-inverse-de-sa-letalite\/\">\u00ab&nbsp;La crainte engendr\u00e9e par le Covid-19 semble en relation inverse de sa l\u00e9talit\u00e9&nbsp;\u00bb <\/a>-Herv\u00e9 Le Bras (Le Monde)<\/p>\n\n\n\n<p><a href=\"https:\/\/www.anti-k.org\/2021\/02\/11\/peut-on-se-donner-plus-de-moyens-pour-resister-aux-virus\/\">Peut-on se donner plus de moyens pour r\u00e9sister aux virus ? <\/a>(Collectif reinfocovid)<\/p>\n\n\n\n<p><a href=\"https:\/\/www.anti-k.org\/2021\/02\/12\/la-crainte-engendree-par-le-covid-19-semble-en-relation-inverse-de-sa-letalite\/\">\u00ab&nbsp;La crainte engendr\u00e9e par le Covid-19 semble en relation inverse de sa l\u00e9talit\u00e9&nbsp;\u00bb <\/a>-Herv\u00e9 Le Bras (Le Monde)<\/p>\n\n\n\n<p><a href=\"https:\/\/www.boursorama.com\/actualite-economique\/actualites\/france-le-variant-britannique-du-coronavirus-represente-1-infection-sur-4-declare-veran-ef1a7c62a360a6488d8b8777202e9a4f\">France: Le variant \u00ab\u00a0britannique\u00a0\u00bb du coronavirus repr\u00e9sente 1 infection sur 4, d\u00e9clare V\u00e9ran<\/a> (Reuters)<\/p>\n\n\n\n<p><a href=\"https:\/\/www.boursorama.com\/actualite-economique\/actualites\/covid-19-les-variants-suscitent-l-inquietude-6aa9369a718566a1fab2e77523e93506\">Covid-19: les variants suscitent l&rsquo;inqui\u00e9tude<\/a> (AFP)<\/p>\n\n\n\n<p><a href=\"https:\/\/lareleveetlapeste.fr\/la-privatisation-des-ecoles-veterinaire-est-un-danger-pour-la-securite-sanitaire-des-elevages-et-des-denrees-alimentaires\/\">La privatisation des \u00e9coles v\u00e9t\u00e9rinaire danger pour la s\u00e9curit\u00e9 sanitaire des \u00e9levages et&nbsp; denr\u00e9es alimentaires \u00bb<\/a> (La Rel\u00e8ve et La Peste)<\/p>\n\n\n\n<p><a href=\"https:\/\/alt-rev.com\/2021\/02\/12\/covid-19-de-la-crise-sanitaire-au-marasme-economique\/\">Covid-19: de la crise sanitaire au marasme \u00e9conomique<\/a> (Le Comptoir)<\/p>\n\n\n\n<p><a href=\"https:\/\/covid19.healthdata.org\/france\">Projections par pays contaminations et morts Covid-19<\/a> (anglais, IHME)<\/p>\n\n\n\n<p><a href=\"https:\/\/wgntv.com\/news\/coronavirus\/johns-hopkins-offers-live-interactive-map-of-global-coronavirus-cases\/\">En continu carte et chiffres d\u00e9taill\u00e9s sur la Pand\u00e9mie&nbsp;<\/a> (anglais, John Hopkins University)<\/p>\n\n\n\n<p><a href=\"https:\/\/www.ft.com\/coronavirus-latest\">En continu graphiques et cartes sur la Pand\u00e9mie<\/a> (anglais, Financial Times)<\/p>\n\n\n\n<figure class=\"wp-block-image is-resized is-style-default\"><img data-recalc-dims=\"1\" loading=\"lazy\" decoding=\"async\" src=\"https:\/\/i0.wp.com\/www.formesdesluttes.org\/site\/assets\/files\/1340\/fdl-alexlafourcade-03-a4-web.png?resize=302%2C426\" alt=\"\" width=\"302\" height=\"426\"\/><\/figure>\n\n\n\n<p><strong><span class=\"has-inline-color has-vivid-red-color\">11 F\u00e9vrier <\/span><\/strong><\/p>\n\n\n\n<figure class=\"wp-block-image is-resized is-style-default\"><img loading=\"lazy\" decoding=\"async\" src=\"https:\/\/scontent.fhex4-2.fna.fbcdn.net\/v\/t1.0-9\/148634905_1145335039222296_5611331912019007060_o.png?_nc_cat=108&amp;ccb=3&amp;_nc_sid=730e14&amp;_nc_ohc=ZeS3NSqu7kMAX-t6C8r&amp;_nc_ht=scontent.fhex4-2.fna&amp;oh=9efce7bbf71ea7a75d7739253c3916e4&amp;oe=604B7B29\" alt=\"Peut \u00eatre une capture d\u2019\u00e9cran de Twitter de 1 personne et texte qui dit \u2019Dadou @Dadoudidonk Donc si j'ai tout compris on paye 100 fois plus cher des consultants pour faire le travail des fonctionnaires tout en leur demandant de trouver des \u00e9conomies sur la fonction publique... J'ai comme l'impression qu'on a juste d\u00e9cid\u00e9 de filer du fric aux copains, pas vous? 8:08 10 f\u00e9vr. 21 Twitter for Android\u2019\" width=\"357\" height=\"383\"\/><\/figure>\n\n\n\n<p><a href=\"https:\/\/www.boursorama.com\/videos\/actualites\/covid-19-l-allemagne-prolonge-ses-restrictions-jusqu-au-7-mars-850fde4095274a77c3be5fb74a50e0ce\">Covid-19: l&rsquo;Allemagne prolonge ses restrictions jusqu&rsquo;au 7 mars<\/a> (AFP vid\u00e9o)<\/p>\n\n\n\n<p><a href=\"https:\/\/alt-rev.com\/2021\/02\/10\/pandemie-covid-19-ou-en-sommes-nous-3\/\">Pand\u00e9mie Covid-19: o\u00f9 en sommes-nous?<\/a> -Les Crises<\/p>\n\n\n\n<p><a href=\"https:\/\/blogs.mediapart.fr\/jean-marc-b\/blog\/100221\/brevets-sur-les-vaccins-anti-covid-stop-requisition-petition-en-ligne\">Brevets sur les vaccins anti-covid, stop. R\u00e9quisition ! <\/a>(p\u00e9tition en ligne)<a href=\"https:\/\/blogs.mediapart.fr\/jean-marc-b\/blog\/100221\/brevets-sur-les-vaccins-anti-covid-stop-requisition-petition-en-ligne\">&nbsp;<\/a><\/p>\n\n\n\n<figure class=\"wp-block-image is-resized is-style-default\"><img data-recalc-dims=\"1\" loading=\"lazy\" decoding=\"async\" src=\"https:\/\/i0.wp.com\/www.les-crises.fr\/wp-content\/uploads\/2021\/02\/population-vaccinee.jpeg?resize=403%2C253&#038;ssl=1\" alt=\"\" class=\"wp-image-260619\" width=\"403\" height=\"253\"\/><\/figure>\n\n\n\n<p><a href=\"https:\/\/drive.google.com\/file\/d\/1a9faUCW7v_5ZUzTXzjc_m-wDTmeqPpit\/view?usp=sharing\">Fronde contre la fusion des h\u00f4pitaux Bichat et Beaujon<\/a> (En Ile-de-France et Oise)<\/p>\n\n\n\n<p><a href=\"http:\/\/www.regards.fr\/economie\/mad-marx\/article\/les-riches-et-le-covid-le-rideau-de-fumee-du-haut-commissaire\">Les riches et le Covid : le rideau de fum\u00e9e du Haut-Commissaire<\/a> (Regards)<\/p>\n\n\n\n<p><a href=\"https:\/\/www.boursorama.com\/actualite-economique\/actualites\/l-oms-recommande-le-vaccin-astrazeneca-pour-les-plus-de-65-ans-45e40691625a718f71867e7b5be2f181\">L&rsquo;OMS recommande le vaccin AstraZeneca pour les plus de 65 ans<\/a> (AFP)<\/p>\n\n\n\n<p><a href=\"https:\/\/covid19.healthdata.org\/france\">Projections par pays contaminations et morts Covid-19<\/a> (anglais, IHME)<\/p>\n\n\n\n<p><a href=\"https:\/\/wgntv.com\/news\/coronavirus\/johns-hopkins-offers-live-interactive-map-of-global-coronavirus-cases\/\">En continu carte et chiffres d\u00e9taill\u00e9s sur la Pand\u00e9mie&nbsp;<\/a> (anglais, John Hopkins University)<\/p>\n\n\n\n<p><a href=\"https:\/\/www.ft.com\/coronavirus-latest\">En continu graphiques et cartes sur la Pand\u00e9mie<\/a> (anglais, Financial Times)<\/p>\n\n\n\n<figure class=\"wp-block-image is-resized is-style-default\"><img loading=\"lazy\" decoding=\"async\" src=\"https:\/\/scontent.fhex4-2.fna.fbcdn.net\/v\/t1.0-0\/s640x640\/149510774_1145147175907749_1653591476495843584_n.png?_nc_cat=111&amp;ccb=3&amp;_nc_sid=730e14&amp;_nc_ohc=X7KI3kyj7DAAX9q4RaD&amp;_nc_ht=scontent.fhex4-2.fna&amp;_nc_tp=30&amp;oh=2c49976f52d1ba7bb0d46d448f845725&amp;oe=6048CA12\" alt=\"Peut \u00eatre une image de une personne ou plus et texte qui dit \u2019cgt UIFRANCE CGT TUIFRANCE @CgtTuifrance 80000 morts apr\u00e8s... BFM TV. BFMTV @BFMTV Olivier V\u00e9ran sur le Covid-19 aura des premiers tests salivaires \u00e0 partir de demain, men\u00e9s par les H\u00f4pitaux de Paris&quot; BEM 15.34 OLIVIER V\u00caRAN Ministre des Solidarit\u00e9s Sant\u00e9 \u00c9COLES: &quot;PREMIERS TESTS SALIVAIRES DEMAIN&quot; ALERTEINFO INFO Tests salivaires &quot;Les enfants des \u00e9coles&quot; seront &quot;le public prioritaire&quot; (Olivier Veran, min. Sant\u00e9\/ S\u00e9nat) 16:23 10 f\u00e9vr. 21 NONSTOP Twitter for iPhone\u2019\" width=\"335\" height=\"422\"\/><\/figure>\n\n\n\n<p><strong><span class=\"has-inline-color has-vivid-red-color\">10 F\u00e9vrier <\/span><\/strong><\/p>\n\n\n\n<p><a href=\"https:\/\/lanticapitaliste.org\/actualite\/politique\/crise-sanitaire-construire-une-alternative-lautoritarisme-et-la-paralysie\">Crise sanitaire : construire une alternative \u00e0 l\u2019autoritarisme et \u00e0 la paralysie<\/a> (L\u2019Anticapitaliste)<\/p>\n\n\n\n<figure class=\"wp-block-image is-resized is-style-default\"><img loading=\"lazy\" decoding=\"async\" src=\"https:\/\/scontent.fhex4-2.fna.fbcdn.net\/v\/t1.0-9\/148870045_1144544442634689_5119338237032043120_n.png?_nc_cat=109&amp;ccb=3&amp;_nc_sid=730e14&amp;_nc_ohc=4zMvmD-rY_QAX-eZ0yw&amp;_nc_ht=scontent.fhex4-2.fna&amp;oh=006d7ac9aea22d493b4311eef4218879&amp;oe=6048A6A2\" alt=\"Peut \u00eatre une image de texte qui dit \u2019William Irigoyen @ 10h &quot;12 200 d\u00e9parts (d\u00e9missions, retraites, fins de contrat) d'infirmiers et d'aides-soignants depuis le d\u00e9but de l'ann\u00e9e. Plus inqui\u00e9tant, pr\u00e8s de 2 000 de ces postes sont rest\u00e9s vacants.&quot; lefigaro.fr\/sciences\/avec- @Figaro_Economie #coronavirus #COVID19 #Sante\u2019\" width=\"288\" height=\"318\"\/><\/figure>\n\n\n\n<p><a href=\"https:\/\/l.facebook.com\/l.php?u=https%3A%2F%2Fwww.francetvinfo.fr%2Fsante%2Fmaladie%2Fcoronavirus%2Fvaccin%2Finfo-france-info-covid-19-des-membres-du-conseil-d-administration-de-l-hopital-americain-de-neuilly-sur-seine-ont-beneficie-du-vaccin_4288911.html%3Ffbclid%3DIwAR3Cp9EIcZvCVMap_NzGe93sLl0rc3dL0q4h5-0Tet_3W_xH6Et88dZ_PFc&amp;h=AT1nkI6Hr22RJn6Gp7CsVIcepACb6cg7NQnL4oxcqzugWaL8n7_1UJxAFUiZP2Ve4tMTOBc1lRWKZzCuOtX0f_SUfKw7-7V7U1rBQPd_08vcTIZCzc1JzC54orkQH8H41bqAzyU&amp;__tn__=%2CmH-R&amp;c%5B0%5D=AT2nKD_wapEfk6aO6w2llsaTCCp43tvFVqxSlNiS26dQd3fzX9fTsPABFq7dh9VQyz5j7UmdItkL_8_1hV216E4mYy5AaVo-O1j0sRi76OIcVQc82lpOH0_B2pro2ZJaz_YpRVz9Zh2nKfD7-QFzI-t5OhYhUfkAh2N8Qz2PB8VDMGU\">&nbsp;Des membres du conseil d&rsquo;administration de l&rsquo;H\u00f4pital am\u00e9ricain de Neuilly ont b\u00e9n\u00e9fici\u00e9 de \u00ab\u00a0vaccins coupe-files\u00a0\u00bb <\/a>(France Info)<\/p>\n\n\n\n<p><a href=\"https:\/\/www.boursorama.com\/boursoramag\/actualites\/musees-et-salles-de-spectacle-roselyne-bachelot-contre-le-passeport-vaccinal-6ca64befa116d657799c39225266eb32\">Mus\u00e9es et salles de spectacle : Roselyne Bachelot contre le passeport vaccinal<\/a> (AFP)<\/p>\n\n\n\n<p><a href=\"https:\/\/www.boursorama.com\/actualite-economique\/actualites\/l-estonie-teste-des-passeports-de-vaccination-pour-le-monde-entier-bb5f54eb57e5b444d8ae7c3543348a9f\">L&rsquo;Estonie teste des passeports de vaccination pour le monde entier<\/a> (AFP)<\/p>\n\n\n\n<p><a href=\"https:\/\/www.boursorama.com\/videos\/actualites\/comment-cree-t-on-un-vaccin-42ef17defe65125ef29d78d64cbb2202\">Comment cr\u00e9e-t-on un vaccin ?<\/a> (SYDO)<\/p>\n\n\n\n<p><a href=\"https:\/\/covid19.healthdata.org\/france\">Projections par pays contaminations et morts Covid-19<\/a> (anglais, IHME)<\/p>\n\n\n\n<figure class=\"wp-block-image is-resized is-style-default\"><img loading=\"lazy\" decoding=\"async\" src=\"https:\/\/scontent.fhex4-1.fna.fbcdn.net\/v\/t1.0-9\/148833952_1144541375968329_2001000315352013944_n.png?_nc_cat=100&amp;ccb=3&amp;_nc_sid=730e14&amp;_nc_ohc=VEgziR10KlkAX-FEhlN&amp;_nc_ht=scontent.fhex4-1.fna&amp;oh=4b325b856c083051c59b301714f208fe&amp;oe=60477F4F\" alt=\"Peut \u00eatre une image de texte qui dit \u201910h Harold Bernat @... Les EHPAD, un des investissements les plus lucratifs en 2020. N'h\u00e9sitez pas. Avec 200000 euros vous pouvez vous offrir une chambre de 25m2 avec un beau rendement. #crevezriche Avantages du bail commercial Un des avantages principaux de l'investissement en EHPAD r\u00e9side dans le bail commercial. En effet, vous achetez une chambre qui sera lou\u00e9e, mais vous '\u00eates pas sujet \u00e0 un bail location classique.\u2019\" width=\"402\" height=\"455\"\/><\/figure>\n\n\n\n<p><a href=\"https:\/\/wgntv.com\/news\/coronavirus\/johns-hopkins-offers-live-interactive-map-of-global-coronavirus-cases\/\">En continu carte et chiffres d\u00e9taill\u00e9s sur la Pand\u00e9mie&nbsp;<\/a> (anglais, John Hopkins University)<\/p>\n\n\n\n<p><a href=\"https:\/\/www.ft.com\/coronavirus-latest\">En continu graphiques et cartes sur la Pand\u00e9mie<\/a> (anglais, Financial Times)<\/p>\n\n\n\n<figure class=\"wp-block-image is-resized is-style-default\"><img loading=\"lazy\" decoding=\"async\" src=\"https:\/\/scontent.fhex4-1.fna.fbcdn.net\/v\/t1.0-9\/149314503_1144528295969637_2410045346001291430_n.png?_nc_cat=101&amp;ccb=3&amp;_nc_sid=730e14&amp;_nc_ohc=cCsYfoBBfOoAX_ubQiT&amp;_nc_ht=scontent.fhex4-1.fna&amp;oh=9244b4bab6f783ca5819eced16ccbb40&amp;oe=6047D131\" alt=\"Peut \u00eatre une image de 1 personne, position debout et texte qui dit \u2019Coronavirus nCov2019 \u00e0Contamines-Montjoie 9 f\u00e9vrier 2020 SAMG7A &quot;Il ne faut pas acheter des masques en totalement inumacie c'est Agn\u00e8s Buzyn, le 26 janvier 2020\u2019\" width=\"361\" height=\"642\"\/><\/figure>\n\n\n\n<p><strong><span class=\"has-inline-color has-vivid-red-color\">9 F\u00e9vrier en continu<\/span><\/strong><\/p>\n\n\n\n<p><a href=\"https:\/\/info.mediapart.fr\/optiext\/optiextension.dll?ID=SopSnmWaYorALEOXTUC5bq0SzD9l7hWzPyNmoMApbuzanM08LLbxf7AHG6l6L4OqrjbWMTSjB7PgzSQD5sDNB5wSU4s8J\">Clusters dans les h\u00f4pitaux: des soignants victimes de l\u2019usure<\/a> (MDP)<\/p>\n\n\n\n<p><a href=\"https:\/\/info.mediapart.fr\/optiext\/optiextension.dll?ID=SopSoD08W2qeMAarsQBazDCEbqKwIoR1j_FIdvtdeFZ+74hCLcEo+KW2dMHFP5oGG+WX2hQAfGOOMVAaKyyBN0+f8ufmR\">Fran\u00e7ois Ruffin: \u00abSi les labos ne veulent pas c\u00e9der les brevets, on les prend!\u00bb<\/a> (MDP)<\/p>\n\n\n\n<figure class=\"wp-block-image is-resized is-style-default\"><img data-recalc-dims=\"1\" loading=\"lazy\" decoding=\"async\" src=\"https:\/\/i0.wp.com\/lvsl.fr\/wp-content\/uploads\/2021\/02\/PAS-DE-PROFIT.jpg?resize=411%2C214&#038;ssl=1\" alt=\"\" class=\"wp-image-45072\" width=\"411\" height=\"214\"\/><\/figure>\n\n\n\n<p><a href=\"https:\/\/www.boursorama.com\/videos\/actualites\/dans-un-hopital-pres-de-paris-la-crainte-d-etre-submerge-par-une-troisieme-vague-d8b5ee5689f5cef7e6fb0562d8757588\">Dans un h\u00f4pital pr\u00e8s de Paris, la crainte \u00ab\u00a0d&rsquo;\u00eatre submerg\u00e9\u00a0\u00bb par une troisi\u00e8me vague<\/a> (AFP vid\u00e9o)<\/p>\n\n\n\n<p><a href=\"https:\/\/blogs.mediapart.fr\/jean-marc-b\/blog\/090221\/les-medecins-de-leducation-nationale-demandent-la-fermeture-des-ecoles-pour-un-mois\">Les m\u00e9decins de l&rsquo;\u00e9ducation nationale demandent la fermeture des \u00e9coles pour un mois <\/a>(Caf\u00e9 p\u00e9dagogique)<\/p>\n\n\n\n<p><a href=\"https:\/\/alt-rev.com\/2021\/02\/09\/vaccins-la-faillite-des-industriels-et-laboratoires-prives\/\">Vaccins: la faillite des industriels et laboratoires priv\u00e9s<\/a> (Le vent se l\u00e8ve)<\/p>\n\n\n\n<p><a href=\"https:\/\/reporterre.net\/Une-mort-sur-cinq-dans-le-monde-serait-due-a-la-pollution-de-l-air-selon-une-etude\">Une mort sur cinq dans le monde serait due \u00e0 la pollution de l&rsquo;air, selon une \u00e9tude<\/a> (Reporterre)<\/p>\n\n\n\n<p><a href=\"https:\/\/www.humanite.fr\/une-vaccination-la-traine-dans-les-quartiers-populaires-699847#xtor=RSS-1\">Une vaccination \u00e0 la tra\u00eene dans les quartiers populaires ?<\/a> (L\u2019Humanit\u00e9)<\/p>\n\n\n\n<p><a href=\"https:\/\/covid19.healthdata.org\/france\">Projections par pays contaminations et morts Covid-19<\/a> (anglais, IHME)<\/p>\n\n\n\n<p><a href=\"https:\/\/wgntv.com\/news\/coronavirus\/johns-hopkins-offers-live-interactive-map-of-global-coronavirus-cases\/\">En continu carte et chiffres d\u00e9taill\u00e9s sur la Pand\u00e9mie&nbsp;<\/a> (anglais, John Hopkins University)<\/p>\n\n\n\n<p><a href=\"https:\/\/www.ft.com\/coronavirus-latest\">En continu graphiques et cartes sur la Pand\u00e9mie<\/a> (anglais, Financial Times)<\/p>\n\n\n\n<p><strong><span class=\"has-inline-color has-vivid-red-color\">8 F\u00e9vrier en continu<\/span><\/strong><\/p>\n\n\n\n<p><a href=\"https:\/\/blogs.mediapart.fr\/jean-marc-b\/blog\/080221\/dr-benarous-rien-nest-fait-pour-que-les-vaccins-soient-un-bien-public\">Dr. Benarous: \u00ab\u00a0Rien n&rsquo;est fait pour que les vaccins soient un bien public\u00a0\u00bb <\/a>-vid\u00e9o Regards<\/p>\n\n\n\n<p><a href=\"https:\/\/reporterre.net\/Une-etude-lie-changement-climatique-et-Covid-19\">Une \u00e9tude lie changement climatique et Covid-19<\/a> par Reporterre&nbsp;<\/p>\n\n\n\n<p><a href=\"https:\/\/www.boursorama.com\/actualite-economique\/actualites\/covid-19-trois-variants-trois-fronts-a-surveiller-dcf2d5781233baf7d8ef7630e6f42ff6\">Covid-19: trois variants, trois fronts \u00e0 surveiller<\/a> (AFP)<\/p>\n\n\n\n<p><a href=\"https:\/\/www.boursorama.com\/actualite-economique\/actualites\/coronavirus-hausse-de-la-pression-hospitaliere-en-france-284632c757e074007fedd5d9aa877378\">Coronavirus: Hausse de la pression hospitali\u00e8re en France<\/a> (Reuters)<\/p>\n\n\n\n<p><a href=\"http:\/\/Masques, Tests, Vaccins: la macronie \u00e0 tombeau ouvert 8 F\u00c9VR. 2021 PAR JEAN-MARC B | 2 RECOMMAND\u00c9S\"><\/a><a href=\"https:\/\/blogs.mediapart.fr\/jean-marc-b\/blog\/080221\/masques-tests-vaccins-la-macronie-tombeau-ouvert\">Masques, Tests, Vaccins: la macronie \u00e0 tombeau ouvert<\/a> (RdP Lulu)<\/p>\n\n\n\n<p><a href=\"https:\/\/drive.google.com\/file\/d\/1zy90IQ2UkJJMhXnyZBGQmCIcp_JgqNGZ\/view?usp=sharing\">\u00c9coles ouvertes malgr\u00e9 le Covid&nbsp;: les raisons d\u2019une exception fran\u00e7aise<\/a> (Marion Rousset)<\/p>\n\n\n\n<p><a href=\"https:\/\/europe-solidaire.us8.list-manage.com\/track\/click?u=5c732dd5ee65845cf20fd724a&amp;id=c5a730e7e8&amp;e=5df9c98670\">Les vaccins contre le Covid-19 sont un bien commun, ils ne peuvent appartenir \u00e0 personne \u00bb<\/a> &#8211; Parada Carlos<\/p>\n\n\n\n<p><a href=\"https:\/\/alt-rev.com\/2021\/02\/08\/3-chiffres-et-4-minutes-pour-comprendre-lechec-de-notre-systeme-de-sante\/\">3 chiffres et 4 minutes pour comprendre l\u2019\u00e9chec de notre syst\u00e8me de sant\u00e9<\/a> (Frustration)<\/p>\n\n\n\n<p><a href=\"https:\/\/www.boursorama.com\/videos\/actualites\/covid-19-l-efficacite-du-vaccin-astrazeneca-en-question-58fd04b36ac8a5c258283b56fbb1cb1b\">Covid-19 : l&rsquo;efficacit\u00e9 du vaccin AstraZeneca en question<\/a> (France 24)<\/p>\n\n\n\n<p><a href=\"http:\/\/www.regards.fr\/politique\/societe\/article\/sante-mentale-les-inegalites-du-divan\">Sant\u00e9 mentale : les in\u00e9galit\u00e9s du divan<\/a> (Regards)&nbsp;<\/p>\n\n\n\n<p><a href=\"https:\/\/europe-solidaire.us8.list-manage.com\/track\/click?u=5c732dd5ee65845cf20fd724a&amp;id=a784e367ae&amp;e=5df9c98670\">&nbsp;\u00ab La R\u00e9publique jupit\u00e9rienne n&rsquo;est pas adapt\u00e9e \u00e0 la gestion d&rsquo;une pand\u00e9mie \u00bb<\/a> -Collectif<\/p>\n\n\n\n<p><a href=\"https:\/\/europe-solidaire.us8.list-manage.com\/track\/click?u=5c732dd5ee65845cf20fd724a&amp;id=8568ee1b74&amp;e=5df9c98670\">Comment combattre la pand\u00e9mie ? Notes autour d&rsquo;un va-et-vient entre l&rsquo;Asie et l&rsquo;Europe<\/a> &#8211; Prouhet Frank, Rousset Pierre<\/p>\n\n\n\n<p><a href=\"https:\/\/europe-solidaire.us8.list-manage.com\/track\/click?u=5c732dd5ee65845cf20fd724a&amp;id=9804039e64&amp;e=5df9c98670\">Le d\u00e9sastre de la gestion n\u00e9olib\u00e9rale de la lutte contre la pand\u00e9mie<\/a> &#8211; RIOUX Bernard<\/p>\n\n\n\n<p><a href=\"https:\/\/reflets.info\/articles\/cluster-a-l-hopital-et-si-le-rempart-tombait\">Cluster \u00e0 l&rsquo;h\u00f4pital : et si le rempart tombait?<\/a> (Reflets.info)<\/p>\n\n\n\n<p><a href=\"https:\/\/theconversation.com\/la-gestion-de-labsenteisme-a-lhopital-public-les-effets-deleteres-de-solutions-trop-fragiles-154596\">La gestion de l\u2019absent\u00e9isme \u00e0 l\u2019h\u00f4pital public : les effets d\u00e9l\u00e9t\u00e8res de solutions trop fragiles<\/a> (The Conversation)&nbsp;<\/p>\n\n\n\n<p><a href=\"https:\/\/theconversation.com\/les-objets-connectes-modifient-ils-nos-rapports-a-la-sante-152408\">Les objets connect\u00e9s modifient-ils nos rapports \u00e0 la sant\u00e9 ?<\/a> (The Conversation)<\/p>\n\n\n\n<p><a href=\"https:\/\/covid19.healthdata.org\/france\">Projections par pays contaminations et morts Covid-19<\/a> (anglais, IHME)<\/p>\n\n\n\n<p><a href=\"https:\/\/wgntv.com\/news\/coronavirus\/johns-hopkins-offers-live-interactive-map-of-global-coronavirus-cases\/\">En continu carte et chiffres d\u00e9taill\u00e9s sur la Pand\u00e9mie&nbsp;<\/a> (anglais, John Hopkins University)<\/p>\n\n\n\n<p><a href=\"https:\/\/www.ft.com\/coronavirus-latest\">En continu graphiques et cartes sur la Pand\u00e9mie<\/a> (anglais, Financial Times)<\/p>\n\n\n\n<figure class=\"wp-block-image is-resized is-style-default\"><img data-recalc-dims=\"1\" loading=\"lazy\" decoding=\"async\" src=\"https:\/\/i0.wp.com\/www.formesdesluttes.org\/site\/assets\/files\/1317\/fdl-stephaniepre-02-a4-web.jpg?resize=373%2C526\" alt=\"\" width=\"373\" height=\"526\"\/><\/figure>\n\n\n\n<p><strong><span class=\"has-inline-color has-vivid-red-color\">7 F\u00e9vrier en continu<\/span><\/strong><\/p>\n\n\n\n<figure class=\"wp-block-image is-resized is-style-default\"><img loading=\"lazy\" decoding=\"async\" src=\"https:\/\/scontent.fhex4-2.fna.fbcdn.net\/v\/t1.0-9\/146929505_1142951146127352_8338021586016979597_n.png?_nc_cat=103&amp;ccb=2&amp;_nc_sid=730e14&amp;_nc_ohc=KIahf88Pm5sAX9EUpNX&amp;_nc_ht=scontent.fhex4-2.fna&amp;oh=970f0257e95ec82cc34121d53b1c07c9&amp;oe=60470064\" alt=\"Peut \u00eatre une capture d\u2019\u00e9cran de Twitter de texte qui dit \u2019\u00d7 Alexis Poulin a retweet\u00e9 7h Julien Brygo @Jul... [Entendu] << Dans mon h\u00f4pital (dans le Nord de la France), la direction refuse de nous tester (le personnel hospitalier) car m\u00eame si on est positifs au Covid-19, ils nous demandent de venir bosser car il n'y a pas assez de monde. Voil\u00e0 o\u00f9 on en est de cette troisi\u00e8me vague.\u2019\" width=\"303\" height=\"321\"\/><\/figure>\n\n\n\n<p><a href=\"https:\/\/www.humanite.fr\/tests-salivaires-annonces-par-le-gouvernement-quel-impact-sur-le-depistage-699772#xtor=RSS-1\">Tests salivaires annonc\u00e9s par le gouvernement : quel impact sur le d\u00e9pistage ?<\/a> (L\u2019Humanit\u00e9)<\/p>\n\n\n\n<p><a href=\"https:\/\/www.les-crises.fr\/russeurope-en-exil-leconomie-de-la-production-des-vaccins-et-lexemple-des-mobilisations-industrielles\/\">L\u2019\u00e9conomie de la production des vaccins et l\u2019exemple des mobilisations industrielles<\/a> -Jacques Sapir<\/p>\n\n\n\n<figure class=\"wp-block-image is-resized is-style-default\"><img data-recalc-dims=\"1\" loading=\"lazy\" decoding=\"async\" src=\"https:\/\/lupodessins.files.wordpress.com\/2021\/02\/illustration_sans_titre-16.jpg?w=560&#038;h=9999&#038;fit=560%2C9999&#038;resize=355%2C474\" alt=\"\" width=\"355\" height=\"474\" title=\"Vaccin Covid\"\/><\/figure>\n\n\n\n<p><a href=\"https:\/\/www.humanite.fr\/science-appliquee-la-sante-quelles-politiques-de-recherche-pour-prevenir-dautres-pandemies-699781#xtor=RSS-1\">Science appliqu\u00e9e \u00e0 la sant\u00e9 : quelles politiques de recherche pour pr\u00e9venir d\u2019autres pand\u00e9mies ?<\/a> (L\u2019Humanit\u00e9)<\/p>\n\n\n\n<p><a href=\"https:\/\/covid19.healthdata.org\/france\">Projections par pays contaminations et morts Covid-19<\/a> (anglais, IHME)<\/p>\n\n\n\n<p><a href=\"https:\/\/wgntv.com\/news\/coronavirus\/johns-hopkins-offers-live-interactive-map-of-global-coronavirus-cases\/\">En continu carte et chiffres d\u00e9taill\u00e9s sur la Pand\u00e9mie&nbsp;<\/a> (anglais, John Hopkins University)<\/p>\n\n\n\n<p><a href=\"https:\/\/www.ft.com\/coronavirus-latest\">En continu graphiques et cartes sur la Pand\u00e9mie<\/a> (anglais, Financial Times)<\/p>\n\n\n\n<figure class=\"wp-block-image is-resized is-style-default\"><img loading=\"lazy\" decoding=\"async\" src=\"https:\/\/scontent.fhex4-2.fna.fbcdn.net\/v\/t1.0-0\/s600x600\/147557538_1142909049464895_8201610686851074058_n.png?_nc_cat=110&amp;ccb=2&amp;_nc_sid=730e14&amp;_nc_ohc=F-JgkU0ngnkAX-Maxfw&amp;_nc_ht=scontent.fhex4-2.fna&amp;_nc_tp=30&amp;oh=6a6d1489907a122d6d3f7bb29321396e&amp;oe=6044D8AD\" alt=\"Peut \u00eatre une capture d\u2019\u00e9cran de Twitter de une personne ou plus et texte qui dit \u2019Journal Officiel de la R\u00e9publique Fran\u00e7aise @JORF_Parodie ALERTE INFO: La decision coup-de-poing de @jmblanquer &quot;Afin d'enrayer la progression de l'\u00e9pid\u00e9mie de #COVID, toutes les \u00e9coles seront ferm\u00e9es pendant les vacances scolaires (...) aux grands maux, les grands rem\u00e8des.&quot; 8:00 AM 7 f\u00e9vr. 2021 Twitter for iPhone\u2019\" width=\"371\" height=\"444\"\/><\/figure>\n\n\n\n<p><strong><span class=\"has-inline-color has-vivid-red-color\">6 F\u00e9vrier <\/span><\/strong><\/p>\n\n\n\n<p><a href=\"https:\/\/info.mediapart.fr\/optiext\/optiextension.dll?ID=aIJaHGQdyuCbG8rYV2gvKKH5BAF7jyn7lBf7SRE+1EF+caQWiWp40BVPqI5P2P7IFzgUqnF5Q1a_2dhKHTVUVPOkjPdG_\">N\u00e9gociations: comment l\u2019Europe a oubli\u00e9 de se vacciner contre la na\u00efvet\u00e9<\/a> (MDP)<\/p>\n\n\n\n<p><a href=\"https:\/\/info.mediapart.fr\/optiext\/optiextension.dll?ID=aIJaHXXkbJYDt1v1GDxNGnSl6vKrl7cEgYyogMUmBWvD090qi7fC+tJSSyItt3gnvRyQAhfuYJVHDu52p743Kot9e4CyD\">Retards de vaccins: grosses secousses pour Ursula von der Leyen<\/a> (MDP)<\/p>\n\n\n\n<p><a href=\"https:\/\/info.mediapart.fr\/optiext\/optiextension.dll?ID=aIJaGLky2nWoYZ7WTAGDUsf4cyMkMP8ucj5stnhVJl0GHItqi2XLJ+hO8HIVU0hBdozbupD33jbVc5CKthLqbZ8sRVRWL\">Peut-on contraindre les laboratoires \u00e0 livrer plus de vaccins?<\/a> (MDP)<\/p>\n\n\n\n<p><a href=\"https:\/\/www.lemediatv.fr\/emissions\/2021\/vaccins-covid-19-un-parlementaire-denonce-lopacite-des-contrats-ylVO3yw_TPyDMaS5y3OJ5A\">Vaccins Covid-19 : un parlementaire d\u00e9nonce l&rsquo;opacit\u00e9 des contrats<\/a> (Le M\u00e9dia)<\/p>\n\n\n\n<p><a href=\"https:\/\/www.revolutionpermanente.fr\/Vague-de-contamination-chez-les-soignants-les-heros-d-hier-delaisses-par-manque-de-moyens\">Vague de contamination chez les soignants&nbsp;: les h\u00e9ros d\u2019hier d\u00e9laiss\u00e9s par manque de moyens<\/a> (RP)<\/p>\n\n\n\n<p><a href=\"https:\/\/covid19.healthdata.org\/france\">Projections par pays contaminations et morts Covid-19<\/a> (anglais, IHME)<\/p>\n\n\n\n<p><a href=\"https:\/\/wgntv.com\/news\/coronavirus\/johns-hopkins-offers-live-interactive-map-of-global-coronavirus-cases\/\">En continu carte et chiffres d\u00e9taill\u00e9s sur la Pand\u00e9mie&nbsp;<\/a> (anglais, John Hopkins University)<\/p>\n\n\n\n<p><a href=\"https:\/\/www.ft.com\/coronavirus-latest\">En continu graphiques et cartes sur la Pand\u00e9mie<\/a> (anglais, Financial Times)<\/p>\n\n\n\n<figure class=\"wp-block-image is-resized is-style-default\"><img data-recalc-dims=\"1\" loading=\"lazy\" decoding=\"async\" src=\"https:\/\/i0.wp.com\/www.formesdesluttes.org\/site\/assets\/files\/1327\/fdl-quentindugay-02-a4-web.png?resize=346%2C489\" alt=\"\" width=\"346\" height=\"489\"\/><\/figure>\n\n\n\n<p><strong><span class=\"has-inline-color has-vivid-red-color\">5 F\u00e9vrier en continu<\/span><\/strong><\/p>\n\n\n\n<p><a href=\"https:\/\/www.boursorama.com\/actualite-economique\/actualites\/le-rechauffement-climatique-pourrait-avoir-joue-un-role-dans-l-apparition-du-covid-1f2f874a35c38058f948d4627b8f70e4\">Le r\u00e9chauffement climatique pourrait avoir jou\u00e9 un r\u00f4le dans l&rsquo;apparition du Covid<\/a> (AFP)<\/p>\n\n\n\n<p><a href=\"https:\/\/www.boursorama.com\/actualite-economique\/actualites\/covid-des-mesures-plus-strictes-necessaires-dans-un-avenir-proche-estime-sante-publique-france-78d04fa5034df82b0d0b2f1922742a42\">Covid: des \u00ab\u00a0mesures plus strictes\u00a0\u00bb n\u00e9cessaires \u00ab\u00a0dans un avenir proche\u00a0\u00bb, estime Sant\u00e9 publique France<\/a> (AFP)<\/p>\n\n\n\n<p><a href=\"https:\/\/www.boursorama.com\/actualite-economique\/actualites\/france-une-situation-tres-tendue-dans-les-hopitaux-de-paris-dit-l-ap-hp-cf1428d2b1522897e5ac83469302ab32\">France: Une situation tr\u00e8s tendue dans les h\u00f4pitaux de Paris, dit l&rsquo;AP-HP<\/a> (Reuters)<\/p>\n\n\n\n<figure class=\"wp-block-image size-large is-resized is-style-default\"><img data-recalc-dims=\"1\" loading=\"lazy\" decoding=\"async\" src=\"https:\/\/i0.wp.com\/www.rdpemancipation.org\/wp-content\/uploads\/2021\/02\/05d80aa5bcd5b8fa761ae73c1ea63587-760x514-1.jpg?resize=432%2C292&#038;ssl=1\" alt=\"\" class=\"wp-image-14776\" width=\"432\" height=\"292\" srcset=\"https:\/\/i0.wp.com\/www.rdpemancipation.org\/wp-content\/uploads\/2021\/02\/05d80aa5bcd5b8fa761ae73c1ea63587-760x514-1.jpg?w=760&amp;ssl=1 760w, https:\/\/i0.wp.com\/www.rdpemancipation.org\/wp-content\/uploads\/2021\/02\/05d80aa5bcd5b8fa761ae73c1ea63587-760x514-1.jpg?resize=300%2C203&amp;ssl=1 300w\" sizes=\"auto, (max-width: 432px) 100vw, 432px\" \/><\/figure>\n\n\n\n<p><a href=\"https:\/\/www.boursorama.com\/actualite-economique\/actualites\/virus-l-oms-appelle-a-un-partage-des-technologies-les-usa-vers-le-point-de-rupture-b2b4b70b821b3715e0b48aca2ab7aafd\">Virus: l&rsquo;OMS appelle \u00e0 un partage des technologies, les USA \u00ab\u00a0vers le point de rupture\u00a0\u00bb<\/a> (AFP)<\/p>\n\n\n\n<p><a href=\"https:\/\/www.frustrationmagazine.fr\/echec-systeme-sante\/\">3 chiffres et 4 minutes pour comprendre l\u2019\u00e9chec de notre syst\u00e8me de sant\u00e9<\/a> (Frustration)<\/p>\n\n\n\n<p><a href=\"https:\/\/www.boursorama.com\/actualite-economique\/actualites\/covid-19-12-des-personnels-de-l-ap-hp-ont-ete-infectes-eccfe17eea5f4fb32195a1f8d4352b40\">Covid-19: 12% des personnels de l&rsquo;AP-HP ont \u00e9t\u00e9 infect\u00e9s<\/a> (AFP)<\/p>\n\n\n\n<p><a href=\"https:\/\/www.boursorama.com\/actualite-economique\/actualites\/en-amerique-latine-la-difficile-quete-d-oxygene-pour-les-malades-du-covid-d2bc9ea4be8d9d27683724d32985a359\">En Am\u00e9rique latine, la difficile qu\u00eate d&rsquo;oxyg\u00e8ne pour les malades du Covid<\/a> (AFP)<\/p>\n\n\n\n<p><a href=\"https:\/\/www.revolutionpermanente.fr\/Maintenant-les-puissances-occidentales-veulent-s-accaparer-les-vaccins-russes-et-chinois\">Maintenant les puissances occidentales veulent s\u2019accaparer les vaccins russes et chinois<\/a> (RP)<\/p>\n\n\n\n<p><a href=\"https:\/\/www.humanite.fr\/tests-salivaires-annonces-par-le-gouvernement-de-quoi-sagit-il-et-quel-impact-sur-le-depistage#xtor=RSS-1\">Tests salivaires annonc\u00e9s par le gouvernement : de quoi s&rsquo;agit-il ? Et quel impact sur le d\u00e9pistage ?<\/a>(L\u2019Humanit\u00e9)<\/p>\n\n\n\n<p><a href=\"https:\/\/solidaires.org\/Nouveau-protocole-sanitaire-le-ministre-ne-prend-aucune-mesure-efficace\">Nouveau protocole sanitaire : le ministre ne prend aucune mesure efficace<\/a> (Solidaires)<\/p>\n\n\n\n<p><a href=\"http:\/\/feedproxy.google.com\/~r\/Rue89Strasbourg\/~3\/pwhQ3kOIJUw\/a-moscou-un-oligarque-russe-sachete-des-medecins-du-chu-de-strasbourg-pour-monter-une-clinique-privee-199400\">Un oligarque russe s\u2019ach\u00e8te des m\u00e9decins du CHU de Strasbourg pour monter une clinique priv\u00e9e<\/a> (Rue89 Strasbourg)<\/p>\n\n\n\n<p><a href=\"https:\/\/www.revolutionpermanente.fr\/Covid-Le-gouvernement-mise-sur-la-responsabilite-individuelle-pour-se-couvrir-en-cas-d-echec\">Covid. Le gouvernement mise sur la responsabilit\u00e9 individuelle pour se couvrir en cas d\u2019\u00e9chec<\/a> (RP)<\/p>\n\n\n\n<p><a href=\"https:\/\/news.google.com\/articles\/CCAiC2ZNY29wRDM4TmpjmAEB?hl=fr&amp;gl=FR&amp;ceid=FR%3Afr\">Covid: Castex explique pourquoi un troisi\u00e8me confinement est \u00e0 nouveau \u00e9cart\u00e9<\/a> -video<\/p>\n\n\n\n<figure class=\"wp-block-image is-resized is-style-default\"><img loading=\"lazy\" decoding=\"async\" src=\"https:\/\/scontent.fhex4-1.fna.fbcdn.net\/v\/t1.0-9\/146215445_1141719206250546_3355284401962406010_n.png?_nc_cat=105&amp;ccb=2&amp;_nc_sid=730e14&amp;_nc_ohc=u0IQKVH9wz8AX8uZpco&amp;_nc_ht=scontent.fhex4-1.fna&amp;oh=25d96e488d061222f4210880d429ff10&amp;oe=60449BF1\" alt=\"Peut \u00eatre un dessin anim\u00e9 de une personne ou plus et texte qui dit \u2019Il vaut mieux qu'il pleuve aujourd'hui qu'un jour o\u00f9 il fait beau. [Pierre Dac]\u2019\" width=\"403\" height=\"280\"\/><figcaption><sub>R\u00c9SUM\u00c9 DE L&rsquo;INTERVENTION DE CASTEX HIER<\/sub><\/figcaption><\/figure>\n\n\n\n<p><a href=\"https:\/\/news.google.com\/articles\/CBMieWh0dHBzOi8vd3d3LmxlZmlnYXJvLmZyL3NjaWVuY2VzL21hY3Jvbi1jcml0aXF1ZS1sLW9wYWNpdGUtZHUtdmFjY2luLWNoaW5vaXMtYW50aS1jb3ZpZC1ldC1zZXMtcmlzcXVlcy1ldmVudHVlbHMtMjAyMTAyMDTSAXlodHRwczovL2FtcC5sZWZpZ2Fyby5mci9zY2llbmNlcy9tYWNyb24tY3JpdGlxdWUtbC1vcGFjaXRlLWR1LXZhY2Npbi1jaGlub2lzLWFudGktY292aWQtZXQtc2VzLXJpc3F1ZXMtZXZlbnR1ZWxzLTIwMjEwMjA0?hl=fr&amp;gl=FR&amp;ceid=FR%3Afr\">Macron critique l&rsquo;opacit\u00e9 du vaccin chinois anti-Covid et ses risques \u00e9ventuels<\/a> (Le Figaro)<\/p>\n\n\n\n<p><a href=\"https:\/\/theconversation.com\/dou-vient-le-cancer-et-pourquoi-na-t-il-pas-ete-elimine-par-levolution-153428\">D\u2019o\u00f9 vient le cancer, et pourquoi n\u2019a-t-il pas \u00e9t\u00e9 \u00e9limin\u00e9 par l\u2019\u00e9volution ?<\/a> (The Conversation)&nbsp;<\/p>\n\n\n\n<p><a href=\"https:\/\/www.revolutionpermanente.fr\/Covid-19-au-Bresil-A-Manaus-le-nouveau-variant-defie-l-immunite-collective\">Covid-19 au Br\u00e9sil. \u00c0 Manaus, le nouveau variant d\u00e9fie l\u2019immunit\u00e9 collective<\/a> (RP)<\/p>\n\n\n\n<p><a href=\"https:\/\/www.boursorama.com\/videos\/actualites\/covid-19-le-variant-britannique-a-developpe-une-mutation-qui-inquiete-les-scientifiques-8b8e61f37da615ec10bfa523af7ab7ab\">Covid-19 : le variant britannique a d\u00e9velopp\u00e9 une mutation qui inqui\u00e8te les scientifiques<\/a> (France 24)<\/p>\n\n\n\n<p><a href=\"https:\/\/blogs.mediapart.fr\/jean-marc-b\/blog\/040221\/sanofi-un-naufrage-francais-la-chronique-noam-anouar-ex-flic-video-le-media\">Sanofi un naufrage fran\u00e7ais- La chronique Noam Anouar, ex flic <\/a>&#8211; vid\u00e9o Le M\u00e9dia<\/p>\n\n\n\n<p><a href=\"https:\/\/covid19.healthdata.org\/france\">Projections par pays contaminations et morts Covid-19<\/a> (anglais, IHME)<\/p>\n\n\n\n<p><a href=\"https:\/\/wgntv.com\/news\/coronavirus\/johns-hopkins-offers-live-interactive-map-of-global-coronavirus-cases\/\">En continu carte et chiffres d\u00e9taill\u00e9s sur la Pand\u00e9mie&nbsp;<\/a> (anglais, John Hopkins University)<\/p>\n\n\n\n<p><a href=\"https:\/\/www.ft.com\/coronavirus-latest\">En continu graphiques et cartes sur la Pand\u00e9mie<\/a> (anglais, Financial Times)<\/p>\n\n\n\n<p><strong><span class=\"has-inline-color has-vivid-red-color\">4 F\u00e9vrier <\/span><\/strong><\/p>\n\n\n\n<p><a href=\"https:\/\/news.google.com\/articles\/CCAiC2ZNY29wRDM4TmpjmAEB?hl=fr&amp;gl=FR&amp;ceid=FR%3Afr\">Covid: Castex explique pourquoi un troisi\u00e8me confinement est \u00e0 nouveau \u00e9cart\u00e9<\/a> -video<\/p>\n\n\n\n<figure class=\"wp-block-image is-resized is-style-default\"><img data-recalc-dims=\"1\" loading=\"lazy\" decoding=\"async\" src=\"https:\/\/i0.wp.com\/www.formesdesluttes.org\/site\/assets\/files\/1331\/fdl-fredgarciasanchez-08-a4-web.png?resize=341%2C482\" alt=\"\" width=\"341\" height=\"482\"\/><\/figure>\n\n\n\n<p><a href=\"https:\/\/news.google.com\/articles\/CBMieWh0dHBzOi8vd3d3LmxlZmlnYXJvLmZyL3NjaWVuY2VzL21hY3Jvbi1jcml0aXF1ZS1sLW9wYWNpdGUtZHUtdmFjY2luLWNoaW5vaXMtYW50aS1jb3ZpZC1ldC1zZXMtcmlzcXVlcy1ldmVudHVlbHMtMjAyMTAyMDTSAXlodHRwczovL2FtcC5sZWZpZ2Fyby5mci9zY2llbmNlcy9tYWNyb24tY3JpdGlxdWUtbC1vcGFjaXRlLWR1LXZhY2Npbi1jaGlub2lzLWFudGktY292aWQtZXQtc2VzLXJpc3F1ZXMtZXZlbnR1ZWxzLTIwMjEwMjA0?hl=fr&amp;gl=FR&amp;ceid=FR%3Afr\">Macron critique l&rsquo;opacit\u00e9 du vaccin chinois anti-Covid et ses risques \u00e9ventuels<\/a> (Le Figaro)<\/p>\n\n\n\n<p><a href=\"https:\/\/theconversation.com\/dou-vient-le-cancer-et-pourquoi-na-t-il-pas-ete-elimine-par-levolution-153428\">D\u2019o\u00f9 vient le cancer, et pourquoi n\u2019a-t-il pas \u00e9t\u00e9 \u00e9limin\u00e9 par l\u2019\u00e9volution ?<\/a> (The Conversation)&nbsp;<\/p>\n\n\n\n<p><a href=\"https:\/\/www.boursorama.com\/videos\/actualites\/covid-19-le-variant-britannique-a-developpe-une-mutation-qui-inquiete-les-scientifiques-8b8e61f37da615ec10bfa523af7ab7ab\">Covid-19 : le variant britannique a d\u00e9velopp\u00e9 une mutation qui inqui\u00e8te les scientifiques<\/a> (France 24)<\/p>\n\n\n\n<p><a href=\"https:\/\/www.revolutionpermanente.fr\/Maintenant-les-puissances-occidentales-veulent-s-accaparer-les-vaccins-russes-et-chinois\">Maintenant les puissances occidentales veulent s\u2019accaparer les vaccins russes et chinois<\/a> (RP)<\/p>\n\n\n\n<p><a href=\"https:\/\/blogs.mediapart.fr\/jean-marc-b\/blog\/040221\/sanofi-un-naufrage-francais-la-chronique-noam-anouar-ex-flic-video-le-media\">Sanofi un naufrage fran\u00e7ais- La chronique Noam Anouar, ex flic <\/a>&#8211; vid\u00e9o Le M\u00e9dia<\/p>\n\n\n\n<p><a href=\"https:\/\/www.boursorama.com\/videos\/actualites\/covid-19-au-portugal-face-au-rebond-de-l-epidemie-lisbonne-appelle-a-l-aide-d8a924360fa66dd6b31fbc335916647a\">Covid-19 au Portugal : face au rebond de l&rsquo;\u00e9pid\u00e9mie, Lisbonne appelle \u00e0 l&rsquo;aide<\/a> (France 24)<\/p>\n\n\n\n<p><a href=\"https:\/\/reporterre.net\/Preserver-la-biodiversite-un-imperatif-pour-la-sante-planetaire\">Pr\u00e9server la biodiversit\u00e9, un imp\u00e9ratif pour la sant\u00e9 plan\u00e9taire<\/a> (Reporterre)&nbsp;<\/p>\n\n\n\n<p><a href=\"https:\/\/www.mediapart.fr\/journal\/france\/040221\/vaccination-lyon-deux-rendez-vous-sur-trois-annules\">Vaccination: \u00e0 Lyon, deux rendez-vous sur trois annul\u00e9s<\/a> (M\u00e9diapart)<\/p>\n\n\n\n<p><a href=\"https:\/\/covid19.healthdata.org\/france\">Projections par pays contaminations et morts Covid-19<\/a> (anglais, IHME)<\/p>\n\n\n\n<p><a href=\"https:\/\/wgntv.com\/news\/coronavirus\/johns-hopkins-offers-live-interactive-map-of-global-coronavirus-cases\/\">En continu carte et chiffres d\u00e9taill\u00e9s sur la Pand\u00e9mie&nbsp;<\/a> (anglais, John Hopkins University)<\/p>\n\n\n\n<p><a href=\"https:\/\/www.ft.com\/coronavirus-latest\">En continu graphiques et cartes sur la Pand\u00e9mie<\/a> (anglais, Financial Times)<\/p>\n\n\n\n<figure class=\"wp-block-image is-resized is-style-default\"><img loading=\"lazy\" decoding=\"async\" src=\"https:\/\/scontent.fhex4-2.fna.fbcdn.net\/v\/t1.0-0\/p552x414\/147061582_1141219369633863_3571919531828371801_n.png?_nc_cat=107&amp;ccb=2&amp;_nc_sid=730e14&amp;_nc_ohc=bK4MjGZ_rB0AX9VsoYy&amp;_nc_ht=scontent.fhex4-2.fna&amp;_nc_tp=30&amp;oh=d8a2f44ded49964199b47f4537b331ee&amp;oe=6043611E\" alt=\"Peut \u00eatre un dessin anim\u00e9 de texte\" width=\"324\" height=\"301\"\/><\/figure>\n\n\n\n<p><a href=\"https:\/\/venezuelainfos.wordpress.com\/2021\/02\/03\/nicolas-maduro-annonce-la-production-en-serie-du-carvativir-contre-le-coronavirus-avec-laide-de-lalba\/\">Venezuela: annonce de la production en s\u00e9rie du Carvativir contre le corona virus avec l&rsquo;aide de l&rsquo;ALBA<\/a>&nbsp; (Venezuela info)<\/p>\n\n\n\n<p><strong><span class=\"has-inline-color has-vivid-red-color\">3 F\u00e9vrier<\/span><\/strong><\/p>\n\n\n\n<p><a href=\"https:\/\/www.humanite.fr\/covid-19-le-vaccin-astrazeneca-deconseille-pour-les-seniors-699586#xtor=RSS-1\">Covid-19. Le vaccin AstraZeneca d\u00e9conseill\u00e9 pour les seniors<\/a> (L\u2019Humanit\u00e9)&nbsp;<\/p>\n\n\n\n<p><a href=\"https:\/\/www.huffingtonpost.fr\/entry\/confinement-les-hesitations-jugees-anxiogenes-pour-85-des-francais_fr_60197fd6c5b63b0fb284b37e?ncid=fcbklnkfrhpmg00000001&amp;fbclid=IwAR3Oyexf1E5e1acrS1Cq7nVhA5UpNa5Uedg0vpzGel-SeWlOd5QtKx62RHk\">85% des Fran\u00e7ais jugent anxiog\u00e8nes les h\u00e9sitations de l&rsquo;ex\u00e9cutif sur le confinement <\/a>(Huff Post)<\/p>\n\n\n\n<p><a href=\"http:\/\/www.apple.fr\">Consid\u00e9rer la COVID-19 comme une synd\u00e9mie en souligne les origines sociales<\/a> (Gauche r\u00e9publicaine)<\/p>\n\n\n\n<p><a href=\"https:\/\/www.revolutionpermanente.fr\/Apres-Pfizer-et-Moderna-AstraZeneca-revoit-ses-livraisons-a-la-baisse-D-ou-vient-la-penurie\">Apr\u00e8s Pfizer et Moderna, AstraZeneca revoit ses livraisons \u00e0 la baisse. D\u2019o\u00f9 vient la p\u00e9nurie&nbsp;?<\/a> (RP)<\/p>\n\n\n\n<p><a href=\"https:\/\/www.revolutionpermanente.fr\/Alerte-sur-le-developpement-des-variants-Macron-temporise-et-met-le-danger-sous-le-tapis\">Alerte sur le d\u00e9veloppement des variants&nbsp;: Macron temporise et met le danger sous le tapis<\/a> (RP)<\/p>\n\n\n\n<p><a href=\"https:\/\/theconversation.com\/communiquer-sur-le-nombre-de-deces-de-la-covid-19-est-il-pertinent-154493\">Communiquer sur le nombre de d\u00e9c\u00e8s de la Covid-19 est-il pertinent ?<\/a> (The Conversation)<\/p>\n\n\n\n<p><a href=\"https:\/\/www.boursorama.com\/actualite-economique\/actualites\/l-oms-a-l-institut-de-virologie-de-wuhan-l-ue-envisage-les-vaccins-russe-et-chinois-b9171887c46c411a1e73e31a11ccb3bd\">L&rsquo;OMS \u00e0 l&rsquo;Institut de virologie de Wuhan, l&rsquo;UE envisage les vaccins russe et chinois<\/a>&nbsp; (AFP)<\/p>\n\n\n\n<p><a href=\"http:\/\/www.europe-solidaire.org\/spip.php?article56701\">Conversation avec Samuel Alizon&nbsp;: \u00ab&nbsp;Depuis l\u2019\u00e9t\u00e9, notre pays court apr\u00e8s l\u2019\u00e9pid\u00e9mie au lieu d\u2019anticiper&nbsp;\u00bb<\/a> (The Conversation)<\/p>\n\n\n\n<p><a href=\"https:\/\/www.franceculture.fr\/emissions\/la-transition\/la-vie-na-pas-de-prix\">La vie n\u2019a pas de prix<\/a> (France culture)<\/p>\n\n\n\n<p><a href=\"https:\/\/www.boursorama.com\/actualite-economique\/actualites\/dans-ses-carnets-de-guerre-didier-raoult-denonce-un-scandale-sanitaire-fd84caec295bead467ec007929b29b55\">Dans ses \u00ab&nbsp;Carnets de guerre&nbsp;\u00bb, Didier Raoult d\u00e9nonce un \u00ab&nbsp;scandale sanitaire&nbsp;\u00bb<\/a> (Le Point)<\/p>\n\n\n\n<p><a href=\"https:\/\/www.boursorama.com\/actualite-economique\/actualites\/covid-19-le-vaccin-d-astrazeneca-reduit-la-transmission-apres-une-dose-selon-une-etude-83689418e64b8e79f460aa4a53a723fd\">Covid-19: le vaccin d&rsquo;AstraZeneca r\u00e9duit la transmission apr\u00e8s une dose, selon une \u00e9tude<\/a> (AFP)<\/p>\n\n\n\n<p><a href=\"https:\/\/www.boursorama.com\/actualite-economique\/actualites\/covid-19-la-production-du-vaccin-moderna-sur-le-sol-francais-debutera-courant-mars-annonce-une-ministre-e6dcf64b4dbd1f94ebbbad24584e8e32\">Covid-19: la production du vaccin Moderna sur le sol fran\u00e7ais d\u00e9butera \u00ab\u00a0courant mars\u00a0\u00bb, annonce une ministre<\/a> (AFP)<\/p>\n\n\n\n<p><a href=\"https:\/\/www.francetvinfo.fr\/sante\/maladie\/coronavirus\/covid-19-le-nombre-quotidien-de-morts-a-l-hopital-au-plus-haut-depuis-plus-de-deux-mois_4280037.html\">Covid-19: le nombre quotidien de morts \u00e0 l\u2019h\u00f4pital au plus haut depuis plus de deux mois<\/a> (France TV Info)<\/p>\n\n\n\n<figure class=\"wp-block-image is-resized is-style-default\"><img loading=\"lazy\" decoding=\"async\" src=\"https:\/\/scontent.fhex4-1.fna.fbcdn.net\/v\/t1.0-9\/146014246_1140727043016429_5911072371342871341_o.jpg?_nc_cat=102&amp;ccb=2&amp;_nc_sid=730e14&amp;_nc_ohc=Gb_ce7_xiAkAX-UAJtF&amp;_nc_ht=scontent.fhex4-1.fna&amp;oh=549b713605a72b221b49b9dda2a3f838&amp;oe=60401DAE\" alt=\"Peut \u00eatre une image de texte qui dit \u2019DEPUIS MARS 2020 800 PLACES EN R\u00c9ANIMATION FERM\u00c9ES EN \u00ceLE DE FRANCE Des lits fant\u00f4mes pour soigner Les capacit\u00e9s maximales de r\u00e9animation pour les malades du coronavirus ont baiss\u00e9 700 places d'apr\u00e8s les sant\u00e9, infirmi\u00e8res (soit d\u00e9clar\u00e9 scrupuleux touch\u00e9s depuis rebond qua- \u00e9chapp\u00e9 gestes bar- d'hy- giene semble l'origine spectacu virus. mmpo respect trigue experts des cam- SUR PIED DE GUERRE ALORS, REUNION CoviO AWOURD'HUi? region Panoplie d'infirmi\u00e8re h\u00f4pitaux pourtant LAMSME RADICAL? chez parisienne. Direction g\u00e9n\u00e9- Couvre-feu grill\u00e9 d\u00e9p\u00each\u00e9s rentrer une DELX \u00e9tablissements, 137 couvre-\u2019\" width=\"424\" height=\"318\"\/><\/figure>\n\n\n\n<p><a href=\"https:\/\/lanticapitaliste.org\/actualite\/sante\/les-hopitaux-et-les-ehpad-face-la-troisieme-vague\">Les h\u00f4pitaux et les EHPAD face \u00e0 la troisi\u00e8me vague<\/a> &#8211; Commission sant\u00e9 s\u00e9cu social du NPA<\/p>\n\n\n\n<p><a href=\"https:\/\/covid19.healthdata.org\/france\">Projections par pays contaminations et morts Covid-19<\/a> (anglais, IHME)<\/p>\n\n\n\n<p><a href=\"https:\/\/wgntv.com\/news\/coronavirus\/johns-hopkins-offers-live-interactive-map-of-global-coronavirus-cases\/\">En continu carte et chiffres d\u00e9taill\u00e9s sur la Pand\u00e9mie&nbsp;<\/a> (anglais, John Hopkins University)<\/p>\n\n\n\n<p><a href=\"https:\/\/www.ft.com\/coronavirus-latest\">En continu graphiques et cartes sur la Pand\u00e9mie<\/a> (anglais, Financial Times)<\/p>\n\n\n\n<p><a href=\"https:\/\/francais.medscape.com\/voirarticle\/3606836?src=WNL_mdplsfeat_210203_mscpedit_fr&amp;uac=389075MY&amp;impID=3169539&amp;faf=1\">Vaccin anti COVID-19 d\u2019AstraZeneca: r\u00e9serv\u00e9 au moins de 65 ans, pour l\u2019instant\u2026<\/a> (Medscape)<\/p>\n\n\n\n<p><a href=\"https:\/\/youtu.be\/Gz8QeqOi-sg\">COVID 19 : La faillite occidentale ? Renaud Piarroux <\/a>&nbsp;(Thinkerview)<\/p>\n\n\n\n<p><a href=\"https:\/\/www.humanite.fr\/cuba-un-vaccin-et-une-expertise-porteurs-despoir-pour-les-pays-du-sud-699521\">\u00c0 Cuba, un vaccin et une expertise porteurs d&rsquo;espoir pour les pays du Sud<\/a> (L\u2019Humanit\u00e9)<\/p>\n\n\n\n<figure class=\"wp-block-image is-resized is-style-default\"><img loading=\"lazy\" decoding=\"async\" src=\"https:\/\/scontent.fhex4-1.fna.fbcdn.net\/v\/t1.0-9\/146004824_1140587726363694_5692166761936499021_n.png?_nc_cat=104&amp;ccb=2&amp;_nc_sid=730e14&amp;_nc_ohc=LjVnF0H-TR8AX-PFWFs&amp;_nc_ht=scontent.fhex4-1.fna&amp;oh=3b5e35f8d16a29764b9f716b4bb9023a&amp;oe=603EA2D7\" alt=\"Peut \u00eatre une image de texte qui dit \u2019CUBA va fournir \u00e0 moindre co\u00fbt des vaccins pour les pays sous d\u00e9velopp\u00e9s... Si \u00e7a se trouve nous allons pouvoir en b\u00e9n\u00e9ficier!?\u2019\" width=\"416\" height=\"271\"\/><\/figure>\n\n\n\n<p><a href=\"https:\/\/fr.sputniknews.com\/international\/202102031045170296-macron-nomme-la-condition-dutilisation-du-vaccin-spoutnik-v-en-france\/\">Macron indique la condition d\u2019utilisation du vaccin Spoutnik V en France<\/a> (Sputnik)<\/p>\n\n\n\n<p><a href=\"https:\/\/francais.medscape.com\/voirarticle\/3606830\">Toute la population des EHPAD vaccin\u00e9es d\u2019ici la mi-f\u00e9vrier<\/a> (Medscape)<\/p>\n\n\n\n<p><a href=\"https:\/\/reporterre.net\/Virus-du-Covid-l-humanite-est-son-ecosysteme?utm_source=newsletter&amp;utm_medium=email&amp;utm_campaign=nl_quotidienne\">Virus du Covid : l\u2019humanit\u00e9 est son \u00e9cosyst\u00e8me<\/a> (Reporterre)<\/p>\n\n\n\n<figure class=\"wp-block-image is-resized\"><img data-recalc-dims=\"1\" loading=\"lazy\" decoding=\"async\" src=\"https:\/\/i0.wp.com\/reporterre.net\/local\/cache-vignettes\/L720xH480\/arton22188-61c31.jpg?resize=409%2C272&#038;ssl=1\" alt=\"Virus du Covid\u00a0: l'humanit\u00e9 est son \u00e9cosyst\u00e8me\" width=\"409\" height=\"272\"\/><\/figure>\n\n\n\n<p><strong><span class=\"has-inline-color has-vivid-red-color\">1er F\u00e9vrier<\/span><\/strong><\/p>\n\n\n\n<p><a href=\"https:\/\/www.revuesilence.net\/numeros\/497-Fukushima-10-ans-ce-n-est-qu-un-debut\/385-millions-d-intoxications-aigues-par-pesticides-chaque-annee\">385 millions d&rsquo;intoxications aigu\u00ebs par pesticides chaque ann\u00e9e&nbsp;!<\/a> (Revue Silence)<\/p>\n\n\n\n<p><a href=\"https:\/\/www.mediapart.fr\/journal\/france\/020221\/peut-contraindre-les-laboratoires-livrer-plus-de-vaccins\">Peut-on contraindre les laboratoires \u00e0 livrer plus de vaccins?<\/a>&nbsp; (M\u00e9diapart)<\/p>\n\n\n\n<p><a href=\"https:\/\/www.boursorama.com\/actualite-economique\/actualites\/coronavirus-macron-promet-un-vaccin-pour-chaque-adulte-d-ici-la-fin-de-l-ete-61baa775fbbdca45423cbbd75ebc4cf7\">Coronavirus: Macron promet un vaccin pour chaque adulte d&rsquo;ici la fin de l&rsquo;\u00e9t\u00e9<\/a> (Reuters)<\/p>\n\n\n\n<p><a href=\"https:\/\/www.boursorama.com\/actualite-economique\/actualites\/coronavirus-la-has-approuve-le-vaccin-d-astrazeneca-chez-les-moins-de-65-ans-d1fa45b5393a6f468d5517934112b618\">Coronavirus: La HAS approuve le vaccin d&rsquo;AstraZeneca chez les moins de 65 ans<\/a> (Reuters)&nbsp;<\/p>\n\n\n\n<p><a href=\"https:\/\/www.boursorama.com\/actualite-economique\/actualites\/covid-19-vaccin-russe-spoutnik-v-efficace-a-plus-de-91-e6d8729044ac56e0e6674a6e990d3658\">Covid-19: vaccin russe Spoutnik V efficace \u00e0 plus de 91%<\/a> (AFP)<\/p>\n\n\n\n<p><a href=\"https:\/\/www.boursorama.com\/actualite-economique\/actualites\/covid-les-premiers-resultats-sur-les-variants-en-ile-de-france-ne-sont-pas-bons-acc699bf4ea86d491bd8b9efd3fbdc6d\">Covid: les premiers r\u00e9sultats sur les variants en \u00cele-de-France \u00ab\u00a0ne sont pas bons\u00a0\u00bb<\/a> (AFP)<\/p>\n\n\n\n<p><a href=\"https:\/\/www.boursorama.com\/actualite-economique\/actualites\/covid-19-desormais-si-un-eleve-est-positif-en-maternelle-la-classe-fermera-4848b5c49d9f80598ef1e4eb65262499\">Covid-19: d\u00e9sormais si un \u00e9l\u00e8ve est positif en maternelle, la classe fermera<\/a> (AFP)<\/p>\n\n\n\n<p><a href=\"https:\/\/www.boursorama.com\/videos\/actualites\/covid-19-les-hospitalisations-et-reanimations-toujours-en-hausse-en-france-82cd666808228515229cca4f3579f4f2\">Covid-19 : les hospitalisations et r\u00e9animations toujours en hausse en France<\/a> (France 24)<\/p>\n\n\n\n<p><a href=\"https:\/\/covid19.healthdata.org\/france\">Projections par pays contaminations et morts Covid-19<\/a> (anglais, IHME)<\/p>\n\n\n\n<p><a href=\"https:\/\/wgntv.com\/news\/coronavirus\/johns-hopkins-offers-live-interactive-map-of-global-coronavirus-cases\/\">En continu carte et chiffres d\u00e9taill\u00e9s sur la Pand\u00e9mie&nbsp;<\/a> (anglais, John Hopkins University)<\/p>\n\n\n\n<p><a href=\"https:\/\/www.ft.com\/coronavirus-latest\">En continu graphiques et cartes sur la Pand\u00e9mie<\/a> (anglais, Financial Times)<\/p>\n\n\n\n<figure class=\"wp-block-image is-resized is-style-default\"><img loading=\"lazy\" decoding=\"async\" src=\"https:\/\/scontent.fhex4-2.fna.fbcdn.net\/v\/t1.0-9\/145880088_1139570023132131_903370618301013439_n.png?_nc_cat=108&amp;ccb=2&amp;_nc_sid=730e14&amp;_nc_ohc=uRsuFgR8F24AX_fxBZz&amp;_nc_ht=scontent.fhex4-2.fna&amp;oh=c5a58e1c423168f8201e28b5648e83eb&amp;oe=603E8F9A\" alt=\"L\u2019image contient peut-\u00eatre\u00a0: plein air et texte\" width=\"353\" height=\"434\"\/><\/figure>\n\n\n\n<p><a href=\"https:\/\/www.boursorama.com\/actualite-economique\/actualites\/coronavirus-l-algerie-discute-avec-moscou-pour-produire-le-vaccin-russe-8c6239b023ff9685142cacd71c0ea5fa\">Coronavirus: L&rsquo;Alg\u00e9rie discute avec Moscou pour produire le vaccin russe<\/a> (Reuters)<\/p>\n\n\n\n<p><a href=\"https:\/\/www.boursorama.com\/actualite-economique\/actualites\/coronavirus-londres-commande-100-mlns-de-dose-de-vaccins-a-valneva-e4102a0b98a8f8da006baac8b8b7375d\">Coronavirus: Londres commande 100 mlns de dose de vaccins \u00e0 Valneva<\/a> (Reuters)<\/p>\n\n\n\n<p><a href=\"https:\/\/info.mediapart.fr\/optiext\/optiextension.dll?ID=ZrqZqGr6deS9rl0bsPQqdfdT8KezwjEXLQlvo+0auOcy3yoJ7OxljJT_eSSIOLT4wUhu2zR_yS0shSh8thTdduDWSdUd5\">Bruno Latour pense le confinement comme une r\u00e9p\u00e9tition g\u00e9n\u00e9rale<\/a> (MDP)<\/p>\n\n\n\n<p><a href=\"https:\/\/covid19.healthdata.org\/france\">Projections par pays contaminations et morts Covid-19<\/a> (anglais, IHME)<\/p>\n\n\n\n<p><a href=\"https:\/\/wgntv.com\/news\/coronavirus\/johns-hopkins-offers-live-interactive-map-of-global-coronavirus-cases\/\">En continu carte et chiffres d\u00e9taill\u00e9s sur la Pand\u00e9mie&nbsp;<\/a> (anglais, John Hopkins University)<\/p>\n\n\n\n<p><a href=\"https:\/\/www.ft.com\/coronavirus-latest\">En continu graphiques et cartes sur la Pand\u00e9mie<\/a> (anglais, Financial Times)<\/p>\n\n\n\n<figure class=\"wp-block-image is-resized is-style-default\"><img data-recalc-dims=\"1\" loading=\"lazy\" decoding=\"async\" src=\"https:\/\/i0.wp.com\/www.formesdesluttes.org\/site\/assets\/files\/1342\/fdl-josefinemjahed-01-a4-web.png?resize=352%2C497\" alt=\"\" width=\"352\" height=\"497\"\/><\/figure>\n","protected":false},"excerpt":{"rendered":"<p>28 F\u00e9vrier Pand\u00e9mie Covid-19 : Pourquoi nous allons probablement vers un confinement -Olivier Berruyer (Les Crises) Macron fait des \u201cparis\u201d \u2026 sur nos vies (Arguments pour la lutte sociale) Coronavirus: Paris n\u00e9gocie avec Berlin pour \u00e9viter une fronti\u00e8re ferm\u00e9e en Moselle (Reuters) Pesticides dangereux : l\u2019Autorit\u00e9 europ\u00e9enne de s\u00e9curit\u00e9 des aliments menac\u00e9e d\u2019un proc\u00e8s pour &#8230; <a title=\"F\u00e9vrier-Sant\u00e9\" class=\"read-more\" href=\"https:\/\/www.rdpemancipation.org\/?p=13991\" aria-label=\"En savoir plus sur F\u00e9vrier-Sant\u00e9\">Lire la suite<\/a><\/p>\n","protected":false},"author":2,"featured_media":0,"comment_status":"closed","ping_status":"closed","sticky":false,"template":"","format":"standard","meta":{"_lmt_disableupdate":"no","_lmt_disable":"no","_jetpack_memberships_contains_paid_content":false,"footnotes":""},"categories":[14],"tags":[],"class_list":["post-13991","post","type-post","status-publish","format-standard","hentry","category-sante"],"modified_by":"jmb","jetpack_featured_media_url":"","jetpack_sharing_enabled":true,"_links":{"self":[{"href":"https:\/\/www.rdpemancipation.org\/index.php?rest_route=\/wp\/v2\/posts\/13991","targetHints":{"allow":["GET"]}}],"collection":[{"href":"https:\/\/www.rdpemancipation.org\/index.php?rest_route=\/wp\/v2\/posts"}],"about":[{"href":"https:\/\/www.rdpemancipation.org\/index.php?rest_route=\/wp\/v2\/types\/post"}],"author":[{"embeddable":true,"href":"https:\/\/www.rdpemancipation.org\/index.php?rest_route=\/wp\/v2\/users\/2"}],"replies":[{"embeddable":true,"href":"https:\/\/www.rdpemancipation.org\/index.php?rest_route=%2Fwp%2Fv2%2Fcomments&post=13991"}],"version-history":[{"count":118,"href":"https:\/\/www.rdpemancipation.org\/index.php?rest_route=\/wp\/v2\/posts\/13991\/revisions"}],"predecessor-version":[{"id":18260,"href":"https:\/\/www.rdpemancipation.org\/index.php?rest_route=\/wp\/v2\/posts\/13991\/revisions\/18260"}],"wp:attachment":[{"href":"https:\/\/www.rdpemancipation.org\/index.php?rest_route=%2Fwp%2Fv2%2Fmedia&parent=13991"}],"wp:term":[{"taxonomy":"category","embeddable":true,"href":"https:\/\/www.rdpemancipation.org\/index.php?rest_route=%2Fwp%2Fv2%2Fcategories&post=13991"},{"taxonomy":"post_tag","embeddable":true,"href":"https:\/\/www.rdpemancipation.org\/index.php?rest_route=%2Fwp%2Fv2%2Ftags&post=13991"}],"curies":[{"name":"wp","href":"https:\/\/api.w.org\/{rel}","templated":true}]}}