{"id":13989,"date":"2021-02-01T10:23:28","date_gmt":"2021-02-01T09:23:28","guid":{"rendered":"https:\/\/www.rdpemancipation.org\/?p=13989"},"modified":"2021-02-27T16:32:43","modified_gmt":"2021-02-27T15:32:43","slug":"fevrier-sciences","status":"publish","type":"post","link":"https:\/\/www.rdpemancipation.org\/?p=13989","title":{"rendered":"F\u00e9vrier-Sciences"},"content":{"rendered":"\n<p><strong><span class=\"has-inline-color has-vivid-red-color\">27 F\u00e9vrier<\/span><\/strong><\/p>\n\n\n\n<p><a href=\"https:\/\/theconversation.com\/et-si-nous-arrivions-a-dechiffrer-les-dessins-des-tres-jeunes-enfants-155767\">Et si nous arrivions \u00e0 d\u00e9chiffrer les dessins des tr\u00e8s jeunes enfants ?<\/a> (The conversation)<\/p>\n\n\n\n<p><a href=\"https:\/\/lejournal.cnrs.fr\/videos\/cellules-solaires-ultrafines-vers-le-photovoltaique-de-demain\">Cellules solaires ultrafines : vers le photovolta\u00efque de demain<\/a> (Journal du CNRS)<\/p>\n\n\n\n<figure class=\"wp-block-image size-large\"><img data-recalc-dims=\"1\" loading=\"lazy\" decoding=\"async\" width=\"998\" height=\"443\" src=\"https:\/\/i0.wp.com\/www.rdpemancipation.org\/wp-content\/uploads\/2021\/02\/cellule-pv.jpg?resize=998%2C443&#038;ssl=1\" alt=\"\" class=\"wp-image-17936\" srcset=\"https:\/\/i0.wp.com\/www.rdpemancipation.org\/wp-content\/uploads\/2021\/02\/cellule-pv.jpg?w=998&amp;ssl=1 998w, https:\/\/i0.wp.com\/www.rdpemancipation.org\/wp-content\/uploads\/2021\/02\/cellule-pv.jpg?resize=300%2C133&amp;ssl=1 300w, https:\/\/i0.wp.com\/www.rdpemancipation.org\/wp-content\/uploads\/2021\/02\/cellule-pv.jpg?resize=768%2C341&amp;ssl=1 768w\" sizes=\"auto, (max-width: 998px) 100vw, 998px\" \/><\/figure>\n\n\n\n<p><strong><span class=\"has-inline-color has-vivid-red-color\">26 F\u00e9vrier<\/span><\/strong><\/p>\n\n\n\n<p><a href=\"https:\/\/theconversation.com\/quand-les-technologies-quantiques-prennent-le-large-152834\">Quand les technologies quantiques prennent le large<\/a> (The conversation)<\/p>\n\n\n\n<p><a href=\"https:\/\/www.pourlascience.fr\/sr\/entretien\/covid-19-la-democratie-sanitaire-reste-un-defi-21402.php\">Covid-19 : \u00ab La d\u00e9mocratie sanitaire reste un d\u00e9fi \u00bb<\/a> (Pour la science)<\/p>\n\n\n\n<p><a href=\"https:\/\/lejournal.cnrs.fr\/articles\/fukushima-les-lecons-dune-decontamination\">Fukushima : les le\u00e7ons d&rsquo;une d\u00e9contamination<\/a> (Journal du CNRS)<\/p>\n\n\n\n<figure class=\"wp-block-image\"><img data-recalc-dims=\"1\" decoding=\"async\" src=\"https:\/\/i0.wp.com\/lejournal.cnrs.fr\/sites\/default\/files\/styles\/asset_image_full\/public\/assets\/images\/rea_223629_084_72dpi.jpg?w=1200&#038;ssl=1\" alt=\"\"\/><figcaption><sub>Les zones bois\u00e9es n&rsquo;ont pas \u00e9t\u00e9 d\u00e9contamin\u00e9es pour des raisons de co\u00fbt et de difficult\u00e9s techniques. &nbsp;\u00a9 Benoit DECOUT\/REA<\/sub><\/figcaption><\/figure>\n\n\n\n<p><strong><span class=\"has-inline-color has-vivid-red-color\">25 F\u00e9vrier<\/span><\/strong><\/p>\n\n\n\n<p><a href=\"https:\/\/lejournal.cnrs.fr\/nos-blogs\/covid-19-la-parole-a-la-science\/comment-la-pandemie-aggrave-t-elle-les-inegalites-en\">Comment la pand\u00e9mie aggrave-t-elle les in\u00e9galit\u00e9s en Am\u00e9rique latine?<\/a> (Journal du CNRS)<\/p>\n\n\n\n<p><strong><span class=\"has-inline-color has-vivid-red-color\">24 F\u00e9vrier<\/span><\/strong><\/p>\n\n\n\n<p><a href=\"https:\/\/sciencepost.fr\/lelevation-du-niveau-des-mers-est-elle-conforme-aux-projections-climatiques\/?fbclid=IwAR2WXT3PFy-mfPtBWmsr21bNVSpvDZWcDCFjr5qw5dCV4aYi7Q1_8FMhXIo\">L\u2019\u00e9l\u00e9vation du niveau des mers est-elle conforme aux projections climatiques ?<\/a> (Science post)<\/p>\n\n\n\n<figure class=\"wp-block-image\"><img data-recalc-dims=\"1\" decoding=\"async\" src=\"https:\/\/i0.wp.com\/sciencepost.fr\/wp-content\/uploads\/2021\/02\/trend.png?w=1200&#038;ssl=1\" alt=\"\"\/><figcaption><sub>\u00c9volution du niveau moyen des mers entre 1993 et 2020. Cr\u00e9dits&nbsp;:&nbsp;<em>AVISO\/CNES<\/em>.<\/sub><\/figcaption><\/figure>\n\n\n\n<p><strong><span class=\"has-inline-color has-vivid-red-color\">23 F\u00e9vrier<\/span><\/strong><\/p>\n\n\n\n<p><a href=\"https:\/\/politoscope.org\/2021\/02\/islamogauchisme-le-piege-de-lalt-right-se-referme-sur-la-macronie\/\">Islamogauchisme, le pi\u00e8ge de l\u2019alt-right se referme sur la macronie<\/a>&nbsp;(Politoscope)<\/p>\n\n\n\n<p><a href=\"https:\/\/www.arte.tv\/fr\/videos\/091148-000-A\/la-fabrique-de-l-ignorance\/?fbclid=IwAR2JQ2kPfReibI9ZBwEyt89SylPNYA64Y0_IJPbqsF0zLyl0QjZBT0562Is\">La fabrique de l&rsquo;ignorance<\/a> (Arte, 23 fev, 20h50)<\/p>\n\n\n\n<p><a href=\"https:\/\/www.monde-diplomatique.fr\/2012\/08\/RIVIERE\/48044\">A l\u2019assaut du huiti\u00e8me continent<\/a> (Monde diplomatique)<\/p>\n\n\n\n<figure class=\"wp-block-image\"><img decoding=\"async\" src=\"https:\/\/external.fcdg1-1.fna.fbcdn.net\/safe_image.php?d=AQFmszPTYYTcT0Eh&amp;w=500&amp;h=261&amp;url=https%3A%2F%2Fwww.monde-diplomatique.fr%2FIMG%2Fjpg%2Fmars.jpg&amp;cfs=1&amp;ext=jpg&amp;_nc_cb=1&amp;_nc_hash=AQEo0hEHmdS9opi6\" alt=\"\u00c0 l\u2019assaut du huiti\u00e8me continent\"\/><\/figure>\n\n\n\n<p><strong><span class=\"has-inline-color has-vivid-red-color\">22 F\u00e9vrier<\/span><\/strong><\/p>\n\n\n\n<p><a href=\"https:\/\/trustmyscience.com\/plus-grand-iceberg-monde-desintegre\/\">Le plus grand iceberg du monde s\u2019est d\u00e9sint\u00e9gr\u00e9<\/a> (Trust my science)<\/p>\n\n\n\n<figure class=\"wp-block-image is-resized\"><img data-recalc-dims=\"1\" loading=\"lazy\" decoding=\"async\" src=\"https:\/\/i0.wp.com\/trustmyscience.com\/wp-content\/uploads\/2021\/02\/nom-fragments-iceberg-a-68a-1024x680.jpg?resize=503%2C334&#038;ssl=1\" alt=\"nom fragments iceberg a-68a\" width=\"503\" height=\"334\"\/><figcaption><sub>Onze fragments de l\u2019imposant iceberg A-68a tourbillonnent autour de l\u2019\u00eele de G\u00e9orgie du Sud,<\/sub><br><sub> au nord de l\u2019Antarctique. Tous ne sont pas visibles sur cette image. \u00a9 NASA Earth Observatory<\/sub><\/figcaption><\/figure>\n\n\n\n<p><a href=\"https:\/\/www.nature.com\/articles\/d41586-021-00450-z\">Les vaccins COVID peuvent-ils arr\u00eater la transmission? <\/a>&nbsp;(Nature)<\/p>\n\n\n\n<p><a href=\"https:\/\/theconversation.com\/images-de-science-les-cellules-musculaires-vues-sous-un-microscope-a-fluorescence-151317\">Les cellules musculaires vues sous un microscope \u00e0 fluorescence<\/a> (The conversation)<\/p>\n\n\n\n<figure class=\"wp-block-image is-resized\"><img data-recalc-dims=\"1\" loading=\"lazy\" decoding=\"async\" src=\"https:\/\/i0.wp.com\/images.theconversation.com\/files\/372539\/original\/file-20201202-21-57n0o9.png?resize=497%2C386&#038;ssl=1\" alt=\"\" width=\"497\" height=\"386\"\/><figcaption><sub>Cellules musculaires vues sous un microscope \u00e0 fluorescence. La prot\u00e9ine myosine<\/sub><br><sub>est mise en \u00e9vidence en vert. Les noyaux des cellules sont color\u00e9s en bleu.&nbsp;\u00a9 Antoine Florin,&nbsp;<\/sub><\/figcaption><\/figure>\n\n\n\n<p><strong><span class=\"has-inline-color has-vivid-red-color\">21 F\u00e9vrier<\/span><\/strong><\/p>\n\n\n\n<p><a href=\"https:\/\/theconversation.com\/pourquoi-la-chine-tient-tant-a-gagner-la-nouvelle-course-aux-etoiles-155581\">Pourquoi la Chine tient tant \u00e0 gagner la nouvelle course aux \u00e9toiles<\/a> (The conversation)<\/p>\n\n\n\n<figure class=\"wp-block-image is-resized\"><img data-recalc-dims=\"1\" loading=\"lazy\" decoding=\"async\" src=\"https:\/\/i0.wp.com\/images.theconversation.com\/files\/385128\/original\/file-20210218-20-vlyceq.jpg?resize=467%2C309&#038;ssl=1\" alt=\"Lancement de la mission Tianwen-1 vers Mars\" width=\"467\" height=\"309\"\/><figcaption><sub>Une fus\u00e9e Long March-5, transportant un orbiteur, un atterrisseur et un rover dans<\/sub><br><sub> le cadre  de la mission Tianwen-1 vers Mars, d\u00e9colle du centre de lancement spatial de Wenchang,<\/sub><br><sub>dans la province de Hainan, au sud de la Chine, le 23 juillet 2020.&nbsp;Noel Celis\/AFP<\/sub><\/figcaption><\/figure>\n\n\n\n<p><strong><span class=\"has-inline-color has-vivid-red-color\">20 F\u00e9vrier<\/span><\/strong><\/p>\n\n\n\n<p><a href=\"https:\/\/www.pourlascience.fr\/sd\/genetique\/le-projet-genome-humain-une-mine-de-decouvertes-21431.php\">Le projet \u00ab G\u00e9nome humain \u00bb, une mine de d\u00e9couvertes<\/a> (Pour la science)<\/p>\n\n\n\n<p><a href=\"https:\/\/lejournal.cnrs.fr\/articles\/une-collaboration-cnrs-atteint-a-son-tour-lavantage-quantique\">Une collaboration CNRS atteint \u00e0 son tour l\u2019avantage quantique !<\/a> (Journal du CNRS)<\/p>\n\n\n\n<figure class=\"wp-block-image\"><img data-recalc-dims=\"1\" decoding=\"async\" src=\"https:\/\/i0.wp.com\/lejournal.cnrs.fr\/sites\/default\/files\/styles\/visuel_principal\/public\/assets\/images\/ordi_quantique_ibm_visuel_principal.jpg?w=1200&#038;ssl=1\" alt=\"R\u00e9frig\u00e9rateur \u00e0 dilution de l'ordinateur quantique IBM Q\"\/><figcaption><sub>R\u00e9frig\u00e9rateur \u00e0 dilution de l\u2019ordinateur quantique \u00e0 circuits supraconducteurs construit par IBM. &nbsp;\u00a9 G. Carlow \/ IBM Research<\/sub><\/figcaption><\/figure>\n\n\n\n<p><strong><span class=\"has-inline-color has-vivid-red-color\">19 F\u00e9vrier<\/span><\/strong><\/p>\n\n\n\n<p><a href=\"https:\/\/www.acrimed.org\/Reworld-contre-Science-et-Vie-entretien-avec\">Reworld contre Science et Vie : entretien avec Herv\u00e9 Poirier<\/a> (Acrimed)<\/p>\n\n\n\n<p><a href=\"https:\/\/www.monde-diplomatique.fr\/2012\/08\/RIVIERE\/48044\">A l&rsquo;assaut du huiti\u00e8me continent<\/a> (Monde diplomatique)<\/p>\n\n\n\n<p><a href=\"https:\/\/lejournal.cnrs.fr\/dossiers\/objectif-cybersecurite\">Dossier&nbsp;: Objectif cybers\u00e9curit\u00e9<\/a> (Journal du CNRS)<\/p>\n\n\n\n<figure class=\"wp-block-image\"><img data-recalc-dims=\"1\" decoding=\"async\" src=\"https:\/\/i0.wp.com\/lejournal.cnrs.fr\/sites\/default\/files\/styles\/dossier-grille-carre\/public\/assets\/images\/chiffrement_messagerie_vp.jpg?w=1200&#038;ssl=1\" alt=\"\"\/><\/figure>\n\n\n\n<p><strong><span class=\"has-inline-color has-vivid-red-color\">18 F\u00e9vrier<\/span><\/strong><\/p>\n\n\n\n<p><a href=\"https:\/\/www.lemonde.fr\/education\/article\/2021\/02\/17\/islamo-gauchisme-le-cnrs-condamne-l-usage-d-un-terme-qui-ne-correspond-a-aucune-realite-scientifique-frederique-vidal-sous-pression_6070331_1473685.html\">\u00ab Islamo-gauchisme \u00bb : un terme sans \u00ab aucune r\u00e9alit\u00e9 scientifique \u00bb selon le CNRS<\/a> (Le Monde)<\/p>\n\n\n\n<p><a href=\"https:\/\/lejournal.cnrs.fr\/nos-blogs\/le-journal-de-bord-de-la-mission-swings\/swings-5-les-bacteries-le-berceau-de-la\">Swings #5 : Les bact\u00e9ries, le berceau de la respiration oc\u00e9anique<\/a> (journal du CNRS)<\/p>\n\n\n\n<figure class=\"wp-block-image is-resized\"><img data-recalc-dims=\"1\" loading=\"lazy\" decoding=\"async\" src=\"https:\/\/i0.wp.com\/lejournal.cnrs.fr\/sites\/default\/files\/styles\/blog_visuel_principal\/public\/blog\/visuels\/fred_planchon-min.jpg?resize=695%2C187&#038;ssl=1\" alt=\"\" width=\"695\" height=\"187\"\/><\/figure>\n\n\n\n<p><strong><span class=\"has-inline-color has-vivid-red-color\">17 F\u00e9vrier<\/span><\/strong><\/p>\n\n\n\n<p><a href=\"https:\/\/usbeketrica.com\/fr\/nous-sommes-tous-partie-prenante-de-la-degradation-de-l-image-de-la-science\">\u00ab&nbsp;Nous sommes tous partie prenante de la d\u00e9gradation de l\u2019image de la science&nbsp;\u00bb<\/a> \u2013 Ga\u00eblle Cornibert (Usbek &amp; Rica)<\/p>\n\n\n\n<p><a href=\"https:\/\/www.pourlascience.fr\/sr\/tribune\/reflexions-sur-le-20e-anniversaire-du-sequencage-du-genome-humain-21405.php\">R\u00e9flexions sur le 20e anniversaire du s\u00e9quen\u00e7age du g\u00e9nome humain<\/a> (Pour la science)<\/p>\n\n\n\n<p><a href=\"https:\/\/www.nature.com\/articles\/d41586-021-00396-2\">Le coronavirus est l\u00e0 pour rester &#8211; voici ce que cela signifie<\/a> (Nature)<\/p>\n\n\n\n<p><a href=\"https:\/\/www.larecherche.fr\/math%C3%A9matiques-informatique\/th%C3%A9orie-des-n%C5%93uds-premi%C3%A8re-preuve-dun-algorithme-de-d%C3%A9nouage-rapide\">Th\u00e9orie des n\u0153uds : premi\u00e8re preuve d&rsquo;un algorithme de d\u00e9nouage rapide<\/a> (La recherche)<\/p>\n\n\n\n<figure class=\"wp-block-image\"><img data-recalc-dims=\"1\" decoding=\"async\" src=\"https:\/\/i0.wp.com\/www.larecherche.fr\/sites\/larecherche.fr\/files\/media\/u130\/noeuds.jpg?w=1200&#038;ssl=1\" alt=\"hi\u00e9rarchie\"\/><\/figure>\n\n\n\n<p><strong><span class=\"has-inline-color has-vivid-red-color\">16 F\u00e9vrier<\/span><\/strong><\/p>\n\n\n\n<p><a href=\"https:\/\/www.pourlascience.fr\/sd\/geosciences\/tsunamis-les-lecons-du-passe-20662.php\">Tsunamis : les le\u00e7ons du pass\u00e9<\/a> (Pour la science)<\/p>\n\n\n\n<p><a href=\"https:\/\/theconversation.com\/voici-comment-rendre-lintelligence-artificielle-plus-rapide-et-plus-ecologique-154235\">Voici comment rendre l\u2019intelligence artificielle plus rapide et plus \u00e9cologique<\/a> (The conversation)<\/p>\n\n\n\n<p><a href=\"https:\/\/lejournal.cnrs.fr\/nos-blogs\/covid-19-la-parole-a-la-science\/comment-lafrique-fait-elle-face-a-la-pandemie\">Comment l\u2019Afrique fait-elle face \u00e0 la pand\u00e9mie ?<\/a> (Journal du CNRS)<\/p>\n\n\n\n<figure class=\"wp-block-image is-resized\"><img data-recalc-dims=\"1\" loading=\"lazy\" decoding=\"async\" src=\"https:\/\/i0.wp.com\/lejournal.cnrs.fr\/sites\/default\/files\/styles\/blog_visuel_principal\/public\/blog\/visuels\/000_8zc4t4_72dpi.jpg?resize=531%2C143&#038;ssl=1\" alt=\"\" width=\"531\" height=\"143\"\/><\/figure>\n\n\n\n<p><strong><span class=\"has-inline-color has-vivid-red-color\">15 F\u00e9vrier<\/span><\/strong><\/p>\n\n\n\n<p><a href=\"http:\/\/www.scilogs.fr\/ramus-meninges\/claude-bernard-statistique\/\">Que vaut l\u2019avis de Claude Bernard sur la statistique?<\/a> (Scilog)<\/p>\n\n\n\n<p><a href=\"https:\/\/lejournal.cnrs.fr\/infographies\/supercam-les-chiffres-cles-dun-instrument-hors-norme\">Supercam, les chiffres cl\u00e9s d&rsquo;un instrument hors norme<\/a> (Journal du CNRS)<\/p>\n\n\n\n<figure class=\"wp-block-image size-large is-resized\"><img data-recalc-dims=\"1\" loading=\"lazy\" decoding=\"async\" src=\"https:\/\/i0.wp.com\/www.rdpemancipation.org\/wp-content\/uploads\/2021\/02\/supercam.jpg?resize=433%2C321&#038;ssl=1\" alt=\"\" class=\"wp-image-16091\" width=\"433\" height=\"321\" srcset=\"https:\/\/i0.wp.com\/www.rdpemancipation.org\/wp-content\/uploads\/2021\/02\/supercam.jpg?w=591&amp;ssl=1 591w, https:\/\/i0.wp.com\/www.rdpemancipation.org\/wp-content\/uploads\/2021\/02\/supercam.jpg?resize=300%2C223&amp;ssl=1 300w\" sizes=\"auto, (max-width: 433px) 100vw, 433px\" \/><\/figure>\n\n\n\n<p><strong><span class=\"has-inline-color has-vivid-red-color\">12 F\u00e9vrier<\/span><\/strong><\/p>\n\n\n\n<p><a href=\"https:\/\/lejournal.cnrs.fr\/videos\/regards-croises-sur-la-place-des-femmes-dans-la-recherche\">Regards crois\u00e9s sur la place des femmes dans la recherche<\/a> (Journal du CNRS)<\/p>\n\n\n\n<p><a href=\"https:\/\/www.pourlascience.fr\/sr\/entretien\/au-lieu-de-plasticite-cerebrale-il-faudrait-parler-d-equilibre-dynamique-20769.php\">\u00ab Au lieu de plasticit\u00e9 c\u00e9r\u00e9brale, il faudrait parler d\u2019\u00e9quilibre dynamique \u00bb<\/a> (Pour la science)<\/p>\n\n\n\n<p><a href=\"https:\/\/theconversation.com\/les-nanotechnologies-contre-la-covid-19-154776\">Les nanotechnologies contre la Covid-19<\/a> (The conversation)<\/p>\n\n\n\n<figure class=\"wp-block-image is-resized\"><img data-recalc-dims=\"1\" loading=\"lazy\" decoding=\"async\" src=\"https:\/\/i0.wp.com\/images.theconversation.com\/files\/383861\/original\/file-20210211-21-1c0g7i9.jpg?resize=442%2C296&#038;ssl=1\" alt=\"\" width=\"442\" height=\"296\"\/><figcaption><sub>Microscope \u00e0 force atomique.&nbsp;<a href=\"https:\/\/www.flickr.com\/photos\/brookhavenlab\/11055110476\/in\/photolist-hQUkc3-93PmT-k4fEML-nYeEad-ePo3mb-QjWo5z-s7sHEq-QjWj6T-LV8ERE-RyGgFk-RyGgyg-RyGhgP-LR5q1x-RyGgSx-RyGgKP-RyGi2X-RyGhVp-RyGhGi-RyGicr-RyGiAH-RyGj3z-RyGjaZ-EQHMuR-scmt5r-ebEhRL-pZmxNx-LR5q4t-LwyaGu-2hswDjt-83QznQ-RHnyrk-fkMcVg-EpySxN-4VEBje-238D9Bi-4VEBic-fpJkHK-scdpFs-67tAwo-stCTHE-26eFePe-83Ma9F-PE8kF6-fpJkHP-fpYAEW-91SzR-dbahB4-fpJkGx-fpJkGK-fpYAEm\">Brookhaven National Laboratory Suivre \/ Flickr<\/a><\/sub><\/figcaption><\/figure>\n\n\n\n<p><strong><span class=\"has-inline-color has-vivid-red-color\">9 F\u00e9vrier<\/span><\/strong><\/p>\n\n\n\n<p><a href=\"https:\/\/theconversation.com\/moire-de-graphene-quand-les-effets-doptique-arrivent-dans-le-monde-quantique-153264\">Moir\u00e9 de graph\u00e8ne : quand les effets d\u2019optique arrivent dans le monde quantique<\/a> (The conversation)<\/p>\n\n\n\n<figure class=\"wp-block-image\"><img data-recalc-dims=\"1\" decoding=\"async\" src=\"https:\/\/i0.wp.com\/nanoelectronicsgroup.fr\/images\/Moire_small.gif?w=1200&#038;ssl=1\" alt=\"\"\/><figcaption><sub>Un moir\u00e9 qui appara\u00eet quand deux couches de graph\u00e8ne sont superpos\u00e9es avec une <\/sub><br><sub>rotation. Il donne naissance \u00e0 de nouveaux \u00e9tats de la mati\u00e8re lorsque l\u2019angle de rotation<\/sub><br><sub>entre les couches est proche de 1\u00b0. Source&nbsp;: F. Mesple, V Renard\/UGA<\/sub><\/figcaption><\/figure>\n\n\n\n<p><a href=\"https:\/\/lejournal.cnrs.fr\/dossiers\/la-recherche-a-la-conquete-de-mars\">Dossiers : la recherche \u00e0 la conqu\u00eate de mars<\/a> (Journal du CNRS)<\/p>\n\n\n\n<figure class=\"wp-block-image is-resized\"><img data-recalc-dims=\"1\" loading=\"lazy\" decoding=\"async\" src=\"https:\/\/i0.wp.com\/lejournal.cnrs.fr\/sites\/default\/files\/styles\/visuel_principal\/public\/assets\/images\/pia00407_72dpi.jpg?resize=486%2C232&#038;ssl=1\" alt=\"\" width=\"486\" height=\"232\"\/><\/figure>\n\n\n\n<p><strong><span class=\"has-inline-color has-vivid-red-color\">8 F\u00e9vrier<\/span><\/strong><\/p>\n\n\n\n<p><a href=\"https:\/\/sciencescitoyennes.org\/pour-une-recherche-avec-et-pour-les-citoyens-textes-et-contenus-de-reference\/\">Pour une recherche avec et pour les citoyens, textes et contenus de r\u00e9f\u00e9rence<\/a> (Sciences citoyennes)<\/p>\n\n\n\n<p><a href=\"https:\/\/trustmyscience.com\/cellules-souches-cerveau-humain-au-service-de-l-intelligence-artificielle\/\">Des cellules souches du cerveau humain au service de l\u2019intelligence artificielle<\/a> &nbsp;(Trust MyScience)<\/p>\n\n\n\n<figure class=\"wp-block-image is-resized\"><img data-recalc-dims=\"1\" loading=\"lazy\" decoding=\"async\" src=\"https:\/\/i0.wp.com\/trustmyscience.com\/wp-content\/uploads\/2021\/02\/cellules-cerveau-puces-IA-916x550.jpeg?resize=455%2C273&#038;ssl=1\" alt=\"cellules cerveau puces \u00e9lectroniques IA\" width=\"455\" height=\"273\"\/><figcaption><sub>Culture neuronale primaire de rat, sur une puce CMOS-MEA. | 3Brain AG<\/sub><\/figcaption><\/figure>\n\n\n\n<p><a href=\"https:\/\/lejournal.cnrs.fr\/infographies\/atterrissage-de-perseverance-7-minutes-de-terreur\">Atterrissage de Perseverance sur Mars : 7 minutes de terreur<\/a> (Journal du CNRS)<\/p>\n\n\n\n<figure class=\"wp-block-image is-resized\"><img data-recalc-dims=\"1\" loading=\"lazy\" decoding=\"async\" src=\"https:\/\/i0.wp.com\/lejournal.cnrs.fr\/sites\/default\/files\/assets\/images\/perseverance_vf_fev2021_hd-01.jpg?resize=715%2C509&#038;ssl=1\" alt=\"\" width=\"715\" height=\"509\"\/><\/figure>\n\n\n\n<p><strong><span class=\"has-inline-color has-vivid-red-color\">7 F\u00e9vrier<\/span><\/strong><\/p>\n\n\n\n<p><a href=\"https:\/\/lejournal.cnrs.fr\/articles\/declin-des-insectes-lurgence-dagir\">D\u00e9clin des insectes : l\u2019urgence d\u2019agir<\/a> (Journal du CNRS)<\/p>\n\n\n\n<figure class=\"wp-block-image is-resized\"><img data-recalc-dims=\"1\" loading=\"lazy\" decoding=\"async\" src=\"https:\/\/i0.wp.com\/lejournal.cnrs.fr\/sites\/default\/files\/styles\/visuel_principal\/public\/assets\/images\/adobestock_250011736_72dpi.jpg?resize=440%2C211&#038;ssl=1\" alt=\"\" width=\"440\" height=\"211\"\/><figcaption>&nbsp;<sub>\u00a9Mobilise248\/Stock.Adobe.com<\/sub><\/figcaption><\/figure>\n\n\n\n<p><strong><span class=\"has-inline-color has-vivid-red-color\">6 F\u00e9vrier<\/span><\/strong><\/p>\n\n\n\n<p><a href=\"https:\/\/lejournal.cnrs.fr\/articles\/une-experience-pour-comprendre-comment-se-divise-un-groupe-de-personnes\">Une exp\u00e9rience pour comprendre comment se divise un groupe de personnes ?<\/a> (Journal du CNRS)<\/p>\n\n\n\n<p><a href=\"https:\/\/www.pourlascience.fr\/sr\/art-science\/la-murmuration-des-etourneaux-20765.php\">La murmuration des \u00e9tourneaux<\/a> (Pour la science)<\/p>\n\n\n\n<figure class=\"wp-block-image is-resized\"><img data-recalc-dims=\"1\" loading=\"lazy\" decoding=\"async\" src=\"https:\/\/i0.wp.com\/medias.pourlascience.fr\/api\/v1\/images\/view\/5fff27028fe56f2f73388517\/wide_1300\/image.jpg?resize=513%2C292&#038;ssl=1\" alt=\"\" width=\"513\" height=\"292\"\/><figcaption><sub>Une nu\u00e9e d&rsquo;\u00e9tourneaux. <\/sub><em><sub>\u00a9 S\u00f8ren Solk\u00e6r<\/sub><\/em><\/figcaption><\/figure>\n\n\n\n<p><strong><span class=\"has-inline-color has-vivid-red-color\">5 F\u00e9vrier<\/span><\/strong><\/p>\n\n\n\n<p><a href=\"https:\/\/www.humanite.fr\/jean-marc-levy-leblond-science-et-culture-vont-de-concert-698798#xtor=RSS-1\">Jean-Marc L\u00e9vy-Leblond : \u00ab Science et culture vont de concert \u00bb<\/a> (L\u2019Humanit\u00e9)<\/p>\n\n\n\n<p><a href=\"https:\/\/www.lacledesondes.fr\/article\/(des)information-scientifique--un-enjeu-politique\">(D\u00e9s)information scientifique : un enjeu politique<\/a> (La Cl\u00e9 des Ondes)<\/p>\n\n\n\n<p><a href=\"https:\/\/theconversation.com\/une-merveilleuse-histoire-du-zero-153895\">Une merveilleuse histoire du z\u00e9ro<\/a> (The Conversation)<\/p>\n\n\n\n<figure class=\"wp-block-image is-resized is-style-default\"><img data-recalc-dims=\"1\" loading=\"lazy\" decoding=\"async\" src=\"https:\/\/i0.wp.com\/images.theconversation.com\/files\/382542\/original\/file-20210204-16-1boid5d.JPG?resize=384%2C622&#038;ssl=1\" alt=\"\" width=\"384\" height=\"622\"\/><figcaption><sub>Os d\u2019Ishango d\u00e9couvert au Congo et dat\u00e9s de peut-\u00eatre 20&nbsp;000&nbsp;ans. <\/sub><br><sub>Il pourrait s\u2019agir de la plus ancienne attestation de la pratique de l\u2019arithm\u00e9tique <\/sub><br><sub>dans l\u2019histoire de l\u2019humanit\u00e9.&nbsp;<a href=\"https:\/\/commons.wikimedia.org\/w\/index.php?curid=3166443\">Ben2\/Wikimedia<\/a>,&nbsp;<a href=\"http:\/\/creativecommons.org\/licenses\/by\/4.0\/\">CC BY<\/a><\/sub><\/figcaption><\/figure>\n\n\n\n<p><strong><span class=\"has-inline-color has-vivid-red-color\">4 F\u00e9vrier<\/span><\/strong><\/p>\n\n\n\n<p><a href=\"https:\/\/www.franceinter.fr\/emissions\/l-invite-de-8h20-le-grand-entretien\/l-invite-de-8h20-le-grand-entretien-04-fevrier-2021\">\u00ab\u00a0Race et sciences sociales : Essai sur les usages publics d\u2019une cat\u00e9gorie\u00a0\u00bb<\/a> (France inter)<\/p>\n\n\n\n<p><a href=\"http:\/\/lafabrique.centralesupelec.fr\/webinaireco2\/\">A\u00e9ration et mesure du CO2 comme moyen de lutte contre la Covid 19<\/a>&nbsp;(La fabrique C\/S)<\/p>\n\n\n\n<p><a href=\"https:\/\/www.ifop.com\/publication\/observatoire-du-rapport-des-francais-a-la-science-et-aux-nouvelles-technologies\/\">Rapport des fran\u00e7ais \u00e0 la science et aux nouvelles technologies.<\/a>(IFOP)&nbsp;<\/p>\n\n\n\n<p><a href=\"https:\/\/lejournal.cnrs.fr\/articles\/a-nantes-une-etude-inedite-sur-la-pollution-des-sols\">\u00c0 Nantes, une \u00e9tude in\u00e9dite sur la pollution des sols<\/a> (Journal du CNRS)<\/p>\n\n\n\n<figure class=\"wp-block-image is-resized\"><img data-recalc-dims=\"1\" loading=\"lazy\" decoding=\"async\" src=\"https:\/\/i0.wp.com\/lejournal.cnrs.fr\/sites\/default\/files\/styles\/visuel_principal\/public\/assets\/images\/adobestock_275120773_72dpi.jpg?resize=460%2C220&#038;ssl=1\" alt=\"\" width=\"460\" height=\"220\"\/><figcaption><sub>\u00a9&nbsp;Microgen\/Stock.Adobe.com<\/sub><\/figcaption><\/figure>\n\n\n\n<p><strong><span class=\"has-inline-color has-vivid-red-color\">3 F\u00e9vrier<\/span><\/strong><\/p>\n\n\n\n<p><a href=\"https:\/\/www.pourlascience.fr\/sd\/astrophysique\/a-t-on-assiste-a-la-naissance-d-un-magnetar-20689.php\">A-t-on assist\u00e9 \u00e0 la naissance d\u2019un magn\u00e9tar ?<\/a> (Pour la science)<\/p>\n\n\n\n<figure class=\"wp-block-image is-resized\"><img data-recalc-dims=\"1\" loading=\"lazy\" decoding=\"async\" src=\"https:\/\/i0.wp.com\/medias.pourlascience.fr\/api\/v1\/images\/view\/601172b8d286c24674717666\/wide_1300\/image.jpg?resize=460%2C262&#038;ssl=1\" alt=\"kilonova magn\u00e9tar \u00e9toile \u00e0 neutrons\" width=\"460\" height=\"262\"\/><figcaption><sub>La fusion de deux \u00e9toiles \u00e0 neutrons aurait form\u00e9 une \u00e9toile \u00e0 neutrons plus <\/sub><br><sub>massive, un \u00ab magn\u00e9tar \u00bb dot\u00e9 d\u2019un champ magn\u00e9tique tr\u00e8s intense.<br>\u00a9 Nasa, ESA et D. Player (STScI)<\/sub><\/figcaption><\/figure>\n\n\n\n<p><a href=\"https:\/\/www.letemps.ch\/sciences\/deces-paul-crutzen-fit-pluie-beau-temps-sciences-lenvironnement?utm_source=Newsletters&amp;utm_campaign=9ffdb49b46-newsletter_sciences&amp;utm_medium=email&amp;utm_term=0_56c41a402e-9ffdb49b46-109982237\">D\u00e9c\u00e8s de Paul Crutzen, qui fit la pluie et le beau temps dans les sciences de l\u2019environnement<\/a> (Le temps)<\/p>\n\n\n\n<p><a href=\"https:\/\/www.pourlascience.fr\/sd\/environnement\/pieger-le-co2-la-piste-de-la-biomasse-20746.php\">Pi\u00e9ger le CO2 : la piste de la biomasse<\/a> (Pour la science)<\/p>\n\n\n\n<p><a href=\"https:\/\/lejournal.cnrs.fr\/videos\/le-cri-glacant-du-glacier\">Le cri gla\u00e7ant du glacier<\/a> (Zeste de science)<\/p>\n\n\n\n<p><a href=\"https:\/\/lejournal.cnrs.fr\/nos-blogs\/covid-19-la-parole-a-la-science\/comment-le-covid-19-perturbe-t-il-notre-odorat\">Comment le Covid 19 perturbe-t-il notre odorat ?<\/a> (Journal du CNRS)<\/p>\n\n\n\n<figure class=\"wp-block-image is-resized\"><img data-recalc-dims=\"1\" loading=\"lazy\" decoding=\"async\" src=\"https:\/\/i0.wp.com\/lejournal.cnrs.fr\/sites\/default\/files\/styles\/blog_visuel_principal\/public\/blog\/visuels\/000_8u469n_72dpi.jpg?resize=436%2C118&#038;ssl=1\" alt=\"\" width=\"436\" height=\"118\"\/><\/figure>\n","protected":false},"excerpt":{"rendered":"<p>27 F\u00e9vrier Et si nous arrivions \u00e0 d\u00e9chiffrer les dessins des tr\u00e8s jeunes enfants ? (The conversation) Cellules solaires ultrafines : vers le photovolta\u00efque de demain (Journal du CNRS) 26 F\u00e9vrier Quand les technologies quantiques prennent le large (The conversation) Covid-19 : \u00ab La d\u00e9mocratie sanitaire reste un d\u00e9fi \u00bb (Pour la science) Fukushima : &#8230; <a title=\"F\u00e9vrier-Sciences\" class=\"read-more\" href=\"https:\/\/www.rdpemancipation.org\/?p=13989\" aria-label=\"En savoir plus sur F\u00e9vrier-Sciences\">Lire la suite<\/a><\/p>\n","protected":false},"author":2,"featured_media":0,"comment_status":"closed","ping_status":"closed","sticky":false,"template":"","format":"standard","meta":{"_lmt_disableupdate":"no","_lmt_disable":"no","_jetpack_memberships_contains_paid_content":false,"footnotes":""},"categories":[23],"tags":[],"class_list":["post-13989","post","type-post","status-publish","format-standard","hentry","category-sciences-idees"],"modified_by":"Fip","jetpack_featured_media_url":"","jetpack_sharing_enabled":true,"_links":{"self":[{"href":"https:\/\/www.rdpemancipation.org\/index.php?rest_route=\/wp\/v2\/posts\/13989","targetHints":{"allow":["GET"]}}],"collection":[{"href":"https:\/\/www.rdpemancipation.org\/index.php?rest_route=\/wp\/v2\/posts"}],"about":[{"href":"https:\/\/www.rdpemancipation.org\/index.php?rest_route=\/wp\/v2\/types\/post"}],"author":[{"embeddable":true,"href":"https:\/\/www.rdpemancipation.org\/index.php?rest_route=\/wp\/v2\/users\/2"}],"replies":[{"embeddable":true,"href":"https:\/\/www.rdpemancipation.org\/index.php?rest_route=%2Fwp%2Fv2%2Fcomments&post=13989"}],"version-history":[{"count":72,"href":"https:\/\/www.rdpemancipation.org\/index.php?rest_route=\/wp\/v2\/posts\/13989\/revisions"}],"predecessor-version":[{"id":17983,"href":"https:\/\/www.rdpemancipation.org\/index.php?rest_route=\/wp\/v2\/posts\/13989\/revisions\/17983"}],"wp:attachment":[{"href":"https:\/\/www.rdpemancipation.org\/index.php?rest_route=%2Fwp%2Fv2%2Fmedia&parent=13989"}],"wp:term":[{"taxonomy":"category","embeddable":true,"href":"https:\/\/www.rdpemancipation.org\/index.php?rest_route=%2Fwp%2Fv2%2Fcategories&post=13989"},{"taxonomy":"post_tag","embeddable":true,"href":"https:\/\/www.rdpemancipation.org\/index.php?rest_route=%2Fwp%2Fv2%2Ftags&post=13989"}],"curies":[{"name":"wp","href":"https:\/\/api.w.org\/{rel}","templated":true}]}}