{"id":13985,"date":"2021-02-01T10:13:00","date_gmt":"2021-02-01T09:13:00","guid":{"rendered":"https:\/\/www.rdpemancipation.org\/?p=13985"},"modified":"2021-03-01T08:52:36","modified_gmt":"2021-03-01T07:52:36","slug":"fevrier-cultures","status":"publish","type":"post","link":"https:\/\/www.rdpemancipation.org\/?p=13985","title":{"rendered":"F\u00e9vrier-Cultures"},"content":{"rendered":"\n<figure class=\"wp-block-image size-large\"><img data-recalc-dims=\"1\" loading=\"lazy\" decoding=\"async\" width=\"944\" height=\"531\" src=\"https:\/\/i0.wp.com\/www.rdpemancipation.org\/wp-content\/uploads\/2021\/03\/image.png?resize=944%2C531&#038;ssl=1\" alt=\"\" class=\"wp-image-18178\" srcset=\"https:\/\/i0.wp.com\/www.rdpemancipation.org\/wp-content\/uploads\/2021\/03\/image.png?w=944&amp;ssl=1 944w, https:\/\/i0.wp.com\/www.rdpemancipation.org\/wp-content\/uploads\/2021\/03\/image.png?resize=300%2C169&amp;ssl=1 300w, https:\/\/i0.wp.com\/www.rdpemancipation.org\/wp-content\/uploads\/2021\/03\/image.png?resize=768%2C432&amp;ssl=1 768w\" sizes=\"auto, (max-width: 944px) 100vw, 944px\" \/><\/figure>\n\n\n\n<p><a href=\"https:\/\/www.francetvinfo.fr\/culture\/musique\/chanson-francaise\/il-y-a-30-ans-serge-gainsbourg-se-barrait-a-62-ans-d-une-crise-cardiaque_4313199.html#xtor=EPR-2-[newsletterquotidienne]-20210301-[lespluspartages\/titre5]\">Il y a 30 ans, Serge Gainsbourg se \u00ab\u00a0barrait\u00a0\u00bb \u00e0 62 ans d&rsquo;une crise cardiaque <\/a>(Franceinfo)<\/p>\n\n\n\n<p><a href=\"https:\/\/www.francetvinfo.fr\/culture\/cinema\/golden-globes\/golden-globes-nomadland-et-borat-2-recompenses-comme-meilleurs-films-chadwick-boseman-et-rosamund-pike-sacres-meilleurs-acteurs_4315427.html#xtor=EPR-2-[newsletterquotidienne]-20210301-[lestitres-colgauche\/titre1]\">Golden Globes\u00a0: \u00ab\u00a0Nomadland\u00a0\u00bb et \u00ab\u00a0Borat 2\u00a0\u00bb r\u00e9compens\u00e9s comme meilleurs films, Chadwick Boseman et Rosamund Pike sacr\u00e9s meilleurs acteurs <\/a>(Franceinfo)<\/p>\n\n\n\n<figure class=\"wp-block-image size-large\"><img data-recalc-dims=\"1\" loading=\"lazy\" decoding=\"async\" width=\"944\" height=\"531\" src=\"https:\/\/i0.wp.com\/www.rdpemancipation.org\/wp-content\/uploads\/2021\/03\/image-1.png?resize=944%2C531&#038;ssl=1\" alt=\"\" class=\"wp-image-18179\" srcset=\"https:\/\/i0.wp.com\/www.rdpemancipation.org\/wp-content\/uploads\/2021\/03\/image-1.png?w=944&amp;ssl=1 944w, https:\/\/i0.wp.com\/www.rdpemancipation.org\/wp-content\/uploads\/2021\/03\/image-1.png?resize=300%2C169&amp;ssl=1 300w, https:\/\/i0.wp.com\/www.rdpemancipation.org\/wp-content\/uploads\/2021\/03\/image-1.png?resize=768%2C432&amp;ssl=1 768w\" sizes=\"auto, (max-width: 944px) 100vw, 944px\" \/><\/figure>\n\n\n\n<p><a href=\"https:\/\/www.francetvinfo.fr\/culture\/livres\/paris-gibert-jeune-lenseigne-mythique-du-quartier-latin-va-fermer-ses-portes_4313623.html#xtor=EPR-2-[newsletterquotidienne]-20210301-[lesimages\/image0]\">Paris : Gibert Jeune, l\u2019enseigne mythique du Quartier latin, va fermer ses portes<\/a> (Franceinfo)<\/p>\n\n\n\n<p><a href=\"https:\/\/www.en-attendant-nadeau.fr\/2021\/01\/11\/suspense-36-kerr-camilleri\/\">Deux chers disparus\u00a0: Philip Kerr et Andrea Camilleri<\/a> (En attendant Nadeau)<\/p>\n\n\n\n<p><a href=\"https:\/\/www.en-attendant-nadeau.fr\/2021\/02\/24\/albert-memmi-droiture\/\">Albert Memmi : la droiture<\/a> (En attendant Nadeau)<\/p>\n\n\n\n<p class=\"has-vivid-red-color has-text-color\"><strong>1er mars<\/strong><\/p>\n\n\n\n<figure class=\"wp-block-image size-large\"><img data-recalc-dims=\"1\" loading=\"lazy\" decoding=\"async\" width=\"800\" height=\"533\" src=\"https:\/\/i0.wp.com\/www.rdpemancipation.org\/wp-content\/uploads\/2021\/02\/image-122.png?resize=800%2C533&#038;ssl=1\" alt=\"\" class=\"wp-image-18080\" srcset=\"https:\/\/i0.wp.com\/www.rdpemancipation.org\/wp-content\/uploads\/2021\/02\/image-122.png?w=800&amp;ssl=1 800w, https:\/\/i0.wp.com\/www.rdpemancipation.org\/wp-content\/uploads\/2021\/02\/image-122.png?resize=300%2C200&amp;ssl=1 300w, https:\/\/i0.wp.com\/www.rdpemancipation.org\/wp-content\/uploads\/2021\/02\/image-122.png?resize=768%2C512&amp;ssl=1 768w\" sizes=\"auto, (max-width: 800px) 100vw, 800px\" \/><figcaption><br>Venus en France en 2019 lors du tournage d&rsquo;\u00abEmily in Paris\u00bb, les membres de la d\u00e9l\u00e9gation de la Hollywood Foreign Press Association avaient \u00e9t\u00e9 \u00abtrait\u00e9s comme des rois\u00bb.&nbsp;(CAROLE BETHUEL\/NETFLIX\/CAROLE BETHUEL\/NETFLIX)<\/figcaption><\/figure>\n\n\n\n<p class=\"has-vivid-cyan-blue-color has-text-color\">\u200b\u200b\u200b<a href=\"https:\/\/www.liberation.fr\/culture\/cinema\/golden-globes-et-gueule-de-bois-20210225_IKIUEHFHXFA7RAI74HUOAFS4SI\/?xtor=EREC-31-%5BLib%C3%A9culture_samedi__2021-02-26_1%5D-&amp;actId=ebwp0YMB8s1_OGEGSsDRkNUcvuQDVN7a57ET3fWtrS_9o2H3YnSh-tlErCsS7SWS&amp;actCampaignType=CAMPAIGN_MAIL&amp;actSource=507660\">Enqu\u00eate: Golden Globes et gueule de bois<\/a><\/p>\n\n\n\n<figure class=\"wp-block-image size-large\"><img data-recalc-dims=\"1\" loading=\"lazy\" decoding=\"async\" width=\"800\" height=\"533\" src=\"https:\/\/i0.wp.com\/www.rdpemancipation.org\/wp-content\/uploads\/2021\/02\/image-120.png?resize=800%2C533&#038;ssl=1\" alt=\"\" class=\"wp-image-18072\" srcset=\"https:\/\/i0.wp.com\/www.rdpemancipation.org\/wp-content\/uploads\/2021\/02\/image-120.png?w=800&amp;ssl=1 800w, https:\/\/i0.wp.com\/www.rdpemancipation.org\/wp-content\/uploads\/2021\/02\/image-120.png?resize=300%2C200&amp;ssl=1 300w, https:\/\/i0.wp.com\/www.rdpemancipation.org\/wp-content\/uploads\/2021\/02\/image-120.png?resize=768%2C512&amp;ssl=1 768w\" sizes=\"auto, (max-width: 800px) 100vw, 800px\" \/><figcaption><br>Dikhotomia (2021), 90\u200ax\u200a130&nbsp;cm, de Jean Claracq.&nbsp;(Galerie Sultana)<\/figcaption><\/figure>\n\n\n\n<p class=\"has-vivid-cyan-blue-color has-text-color\"><a href=\"https:\/\/www.liberation.fr\/culture\/arts\/art-contemporain\/jean-claracq-passe-aux-micromondes-20210219_7QHZ4EYDHRF7DDJ5D2RN447OTY\/?xtor=EREC-31-%5BLib%C3%A9culture_samedi__2021-02-26_1%5D-&amp;actId=ebwp0YMB8s1_OGEGSsDRkNUcvuQDVN7a57ET3fWtrS_9o2H3YnSh-tlErCsS7SWS&amp;actCampaignType=CAMPAIGN_MAIL&amp;actSource=507660\">Art Contemporain&nbsp;: Jean Claracq passe aux micromondes<\/a> (Lib\u00e9ration)<\/p>\n\n\n\n<figure class=\"wp-block-image size-large\"><img data-recalc-dims=\"1\" loading=\"lazy\" decoding=\"async\" width=\"800\" height=\"672\" src=\"https:\/\/i0.wp.com\/www.rdpemancipation.org\/wp-content\/uploads\/2021\/02\/image-119.png?resize=800%2C672&#038;ssl=1\" alt=\"\" class=\"wp-image-18067\" srcset=\"https:\/\/i0.wp.com\/www.rdpemancipation.org\/wp-content\/uploads\/2021\/02\/image-119.png?w=800&amp;ssl=1 800w, https:\/\/i0.wp.com\/www.rdpemancipation.org\/wp-content\/uploads\/2021\/02\/image-119.png?resize=300%2C252&amp;ssl=1 300w, https:\/\/i0.wp.com\/www.rdpemancipation.org\/wp-content\/uploads\/2021\/02\/image-119.png?resize=768%2C645&amp;ssl=1 768w\" sizes=\"auto, (max-width: 800px) 100vw, 800px\" \/><figcaption><br><br>Le cin\u00e9aste et plasticien Steve McQueen signe une collection passionnante de cinq films dans lesquels il&nbsp;expose les m\u00e9caniques de&nbsp;racisme et d\u2019exclusion dont a \u00e9t\u00e9 victime la communaut\u00e9 afro-carib\u00e9enne britannique des ann\u00e9es&nbsp;60 aux ann\u00e9es&nbsp;80. Une saga qui d\u00e9peint avec authenticit\u00e9 et justesse un groupe culturel et ses luttes pour abolir les&nbsp;discriminations.<\/figcaption><\/figure>\n\n\n\n<p class=\"has-vivid-cyan-blue-color has-text-color\"><a href=\"https:\/\/www.liberation.fr\/culture\/cinema\/small-axe-injustices-et-justes-notes-20210226_ELR72RUAJRAZFOAY2B42WCJXCM\/?xtor=EREC-25-%5BNL_samedi_matin_2021-02-27%5D-&amp;actId=ebwp0YMB8s1_OGEGSsDRkNUcvuQDVN7a57ET3fWtrS_9o2H3YnSh-tlErCsS7SWS&amp;actCampaignType=CAMPAIGN_MAIL&amp;actSource=507695\">Cin\u00e9ma&nbsp;: Steve McQueen&nbsp;: \u00abSmall Axe\u00bb, injustices et justes notes<\/a> (Lib\u00e9ration)<\/p>\n\n\n\n<p class=\"has-vivid-red-color has-text-color\"><strong>28 f\u00e9vrier<\/strong><\/p>\n\n\n\n<figure class=\"wp-block-image size-large is-resized\"><img data-recalc-dims=\"1\" loading=\"lazy\" decoding=\"async\" src=\"https:\/\/i0.wp.com\/www.rdpemancipation.org\/wp-content\/uploads\/2021\/02\/image-111.png?resize=580%2C411&#038;ssl=1\" alt=\"\" class=\"wp-image-17911\" width=\"580\" height=\"411\" srcset=\"https:\/\/i0.wp.com\/www.rdpemancipation.org\/wp-content\/uploads\/2021\/02\/image-111.png?w=800&amp;ssl=1 800w, https:\/\/i0.wp.com\/www.rdpemancipation.org\/wp-content\/uploads\/2021\/02\/image-111.png?resize=300%2C213&amp;ssl=1 300w, https:\/\/i0.wp.com\/www.rdpemancipation.org\/wp-content\/uploads\/2021\/02\/image-111.png?resize=768%2C545&amp;ssl=1 768w\" sizes=\"auto, (max-width: 580px) 100vw, 580px\" \/><figcaption><br>Une musicienne britannique manifeste contre le confinement le 4 novembre \u00e0 Londres<\/figcaption><\/figure>\n\n\n\n<p><a href=\"https:\/\/www.liberation.fr\/culture\/brexit-les-artistes-britanniques-paient-la-fracture-20210226_S5OTABMNZJABVDD7UYAR6CSRBY\/?xtor=EREC-25-%5BNL_quot_matin_2021-02-26%5D-&amp;actId=ebwp0YMB8s1_OGEGSsDRkNUcvuQDVN7a57ET3fWtrS_9o2H3YnSh-tlErCsS7SWS&amp;actCampaignType=CAMPAIGN_MAIL&amp;actSource=507649\">Brexit&nbsp;: les artistes britanniques paient la fracture<\/a> (Lib\u00e9ration)<\/p>\n\n\n\n<p>\u200b\u200b<\/p>\n\n\n\n<figure class=\"wp-block-image size-large\"><img data-recalc-dims=\"1\" loading=\"lazy\" decoding=\"async\" width=\"800\" height=\"479\" src=\"https:\/\/i0.wp.com\/www.rdpemancipation.org\/wp-content\/uploads\/2021\/02\/image-121.png?resize=800%2C479&#038;ssl=1\" alt=\"\" class=\"wp-image-18075\" srcset=\"https:\/\/i0.wp.com\/www.rdpemancipation.org\/wp-content\/uploads\/2021\/02\/image-121.png?w=800&amp;ssl=1 800w, https:\/\/i0.wp.com\/www.rdpemancipation.org\/wp-content\/uploads\/2021\/02\/image-121.png?resize=300%2C180&amp;ssl=1 300w, https:\/\/i0.wp.com\/www.rdpemancipation.org\/wp-content\/uploads\/2021\/02\/image-121.png?resize=768%2C460&amp;ssl=1 768w\" sizes=\"auto, (max-width: 800px) 100vw, 800px\" \/><figcaption>La dessinatrice de \u00abSacr\u00e9es Sorci\u00e8res\u00bb et des \u00abCulott\u00e9es illustre un nouveau cours en ligne sur les artistes femmes pour le centre Pompidou.<\/figcaption><\/figure>\n\n\n\n<p><a href=\"https:\/\/www.liberation.fr\/idees-et-debats\/penelope-bagieu-si-tu-demandes-avec-une-petite-voix-timide-quon-te-fasse-de-la-place-ca-ne-marchera-pas-20210219_LXWEBWBJ75FRZGOH67FLGANHM4\/?xtor=EREC-55-%5BRecap_hebdo_2021-02-26%5D-&amp;actId=ebwp0YMB8s1_OGEGSsDRkNUcvuQDVN7a57ET3fWtrS_9o2H3YnSh-tlErCsS7SWS&amp;actCampaignType=CAMPAIGN_MAIL&amp;actSource=507691\">P\u00e9n\u00e9lope Bagieu&nbsp;: \u00abSi tu demandes avec une petite voix timide qu\u2019on te fasse de la place, \u00e7a ne marchera pas&nbsp;!\u00bb<\/a> (Lib\u00e9ration)<\/p>\n\n\n\n<p><a href=\"https:\/\/www.francetvinfo.fr\/culture\/livres\/beaux-livres\/les-librairies-classees-commerces-essentiels-par-un-decret-publie-au-journal-officiel_4312333.html#xtor=EPR-2-[newsletterquotidienne]-20210227-[lespluspartages\/titre4]\"><u>Covid-19 : les librairies class\u00e9es \u00ab\u00a0commerces essentiels\u00a0\u00bb par un d\u00e9cret publi\u00e9 au Journal officiel. Les librairies pourront rester ouvertes en cas de confinement le week-end.<\/u><\/a>(Franceinfo)<\/p>\n\n\n\n<p><a href=\"https:\/\/www.liberation.fr\/culture\/musique\/francois-and-the-atlas-mountains-le-choeur-leger-20210226_OQU36SWIXFGA3COSJ23RC3ZUQQ\/\">Musique&nbsp;: Fr\u00e0n\u00e7ois and The Atlas Mountains, le ch\u0153ur l\u00e9ger<\/a> (Lib\u00e9ration)<\/p>\n\n\n\n<figure class=\"wp-block-image size-large\"><img data-recalc-dims=\"1\" loading=\"lazy\" decoding=\"async\" width=\"710\" height=\"300\" src=\"https:\/\/i0.wp.com\/www.rdpemancipation.org\/wp-content\/uploads\/2021\/02\/image-112.png?resize=710%2C300&#038;ssl=1\" alt=\"\" class=\"wp-image-17913\" srcset=\"https:\/\/i0.wp.com\/www.rdpemancipation.org\/wp-content\/uploads\/2021\/02\/image-112.png?w=710&amp;ssl=1 710w, https:\/\/i0.wp.com\/www.rdpemancipation.org\/wp-content\/uploads\/2021\/02\/image-112.png?resize=300%2C127&amp;ssl=1 300w\" sizes=\"auto, (max-width: 710px) 100vw, 710px\" \/><figcaption>Johnny Pacheco<\/figcaption><\/figure>\n\n\n\n<p><a href=\"https:\/\/www.espaces-latinos.org\/archives\/97299?utm_source=Sarbacane&amp;utm_medium=email&amp;utm_campaign=News%2024%20f%C3%A9vrier%202021\">Le grand maestro de la salsa, le Dominicain Johnny Pacheco, s\u2019est \u00e9teint \u00e0 85 ans<\/a> (NuevosEspaciosLatinos)<\/p>\n\n\n\n<p>\u200b<a href=\"https:\/\/www.liberation.fr\/culture\/musique\/rimk-jai-reappris-a-aimer-le-rap-20210225_KM4W7I4ABVG23IABNJ5ELOA6MQ\/?xtor=EREC-31-%5BLib%C3%A9culture_samedi__2021-02-26_1%5D-&amp;actId=ebwp0YMB8s1_OGEGSsDRkNUcvuQDVN7a57ET3fWtrS_9o2H3YnSh-tlErCsS7SWS&amp;actCampaignType=CAMPAIGN_MAIL&amp;actSource=507660\">Rim\u2019K : \u00abJ\u2019ai r\u00e9appris \u00e0 aimer le rap\u00bb<\/a> (Lib\u00e9ration)<\/p>\n\n\n\n<p class=\"has-vivid-red-color has-text-color\"><strong>27 f\u00e9vrier<\/strong><\/p>\n\n\n\n<p class=\"has-vivid-cyan-blue-color has-text-color\">\u200b\u200b<br><a href=\"https:\/\/www.espaces-latinos.org\/archives\/97283?utm_source=Sarbacane&amp;utm_medium=email&amp;utm_campaign=News%2024%20f%C3%A9vrier%202021\">\u00ab Ya no estoy aqu\u00ed \u00bb, un film autour de l\u2019\u00e9migration mexicaine rythm\u00e9 par la cumbia<\/a> (NuevosEspaciosLatinos)<\/p>\n\n\n\n<p><a href=\"https:\/\/www.espaces-latinos.org\/archives\/97305?utm_source=Sarbacane&amp;utm_medium=email&amp;utm_campaign=News%2024%20f%C3%A9vrier%202021\">Une encyclop\u00e9die de la cruaut\u00e9 : \u00ab Casino Amazonie \u00bb d\u2019Edyr Augusto, \u00e0 para\u00eetre aux \u00e9d. Asphalte<\/a> (NuevosEspaciosLatinos)<\/p>\n\n\n\n<p><a href=\"https:\/\/www.liberation.fr\/culture\/livres\/lamericanisation-du-monde-du-basket-au-burger-20210225_2GXCPP2XYNAN5EPXITLCDIUXV4\/?xtor=EREC-25-%5BNL_quot_matin_2021-02-25%5D-&amp;actId=ebwp0YMB8s1_OGEGSsDRkNUcvuQDVN7a57ET3fWtrS_9o2H3YnSh-tlErCsS7SWS&amp;actCampaignType=CAMPAIGN_MAIL&amp;actSource=507623\">Livre&nbsp;: L\u2019\u00abam\u00e9ricanisation\u00bb du monde, du basket au burger<\/a> (Lib\u00e9ration)<\/p>\n\n\n\n<p><a href=\"https:\/\/www.francetvinfo.fr\/culture\/musique\/rock\/les-flying-tractors-adeptes-du-rock-agricole-de-retour-avec-un-nouvel-album_4307049.html#xtor=EPR-502-[newslettervideo]-20210224-[video6]\">Les Flying Tractors, adeptes du \u00ab\u00a0rock agricole\u00a0\u00bb, de retour avec un nouvel album<\/a> (Francinfo)<\/p>\n\n\n\n<p><a href=\"https:\/\/www.franceinter.fr\/le-rappeur-et-ecrivain-abd-al-malik-choisit-tiktok-pour-diffuser-sa-nouvelle-serie-cites#xtor=EPR-5-[Meilleur26022021]\">Le rappeur et \u00e9crivain Abd Al Malik choisit TikTok pour diffuser sa nouvelle s\u00e9rie \u00ab\u00a0Cit\u00e9s\u00a0\u00bb<\/a><\/p>\n\n\n\n<figure class=\"wp-block-image size-large\"><img data-recalc-dims=\"1\" loading=\"lazy\" decoding=\"async\" width=\"710\" height=\"300\" src=\"https:\/\/i0.wp.com\/www.rdpemancipation.org\/wp-content\/uploads\/2021\/02\/image-106.png?resize=710%2C300&#038;ssl=1\" alt=\"\" class=\"wp-image-17897\" srcset=\"https:\/\/i0.wp.com\/www.rdpemancipation.org\/wp-content\/uploads\/2021\/02\/image-106.png?w=710&amp;ssl=1 710w, https:\/\/i0.wp.com\/www.rdpemancipation.org\/wp-content\/uploads\/2021\/02\/image-106.png?resize=300%2C127&amp;ssl=1 300w\" sizes=\"auto, (max-width: 710px) 100vw, 710px\" \/><\/figure>\n\n\n\n<p><a href=\"https:\/\/www.espaces-latinos.org\/archives\/97269?utm_source=Sarbacane&amp;utm_medium=email&amp;utm_campaign=News%2024%20f%C3%A9vrier%202021\">\u00ab\u202fLe conseiller\u202f\u00bb, le nouveau roman de Jean-Christophe Potton est \u00e0 retrouver en librairie aux \u00e9d. Temporis<\/a> (NuevosEspaciosLatinos<\/p>\n\n\n\n<p class=\"has-vivid-red-color has-text-color\"><strong>26 f\u00e9vrier<\/strong><\/p>\n\n\n\n<p>\u200b\u200b\u200b<a href=\"https:\/\/www.espaces-latinos.org\/archives\/97299?utm_source=Sarbacane&amp;utm_medium=email&amp;utm_campaign=News%2024%20f%C3%A9vrier%202021\">Le grand maestro de la salsa, le Dominicain Johnny Pacheco, s\u2019est \u00e9teint \u00e0 85 ans<\/a> (NuevosEspaciosLatinos)<\/p>\n\n\n\n<p><a href=\"https:\/\/www.franceinter.fr\/de-starmania-a-elton-john-les-samples-les-plus-etonnants-caches-dans-les-chansons-de-daft-punk#xtor=EPR-5-[Meilleur25022021]\">De Starmania \u00e0 Elton John : les samples les plus \u00e9tonnants cach\u00e9s dans les chansons de Daft Punk<\/a> (FranceInter)<\/p>\n\n\n\n<p><a href=\"https:\/\/www.franceinter.fr\/cinema\/the-nest-de-sean-durkin-avec-jude-law-est-il-un-film-moins-bien-qu-il-pretend-l-etre#xtor=EPR-5-[Meilleur25022021]\">L\u2019actu du cin\u00e9ma (Le Masque et la Plume)&nbsp;: \u00ab\u00a0The Nest\u00a0\u00bb de Sean Durkin (avec Jude Law) est-il \u00ab\u00a0un film moins bien qu&rsquo;il pr\u00e9tend l&rsquo;\u00eatre\u00a0\u00bb ?<\/a> (FranceInter)<\/p>\n\n\n\n<p><a href=\"https:\/\/www.lamarseillaise.fr\/culture\/fadaa-rappeur-federateur-YF6546054\">Fadaa, rappeur f\u00e9d\u00e9rateur&nbsp;<\/a> (La Marseillaise)<\/p>\n\n\n\n<p><a href=\"http:\/\/feedproxy.google.com\/~r\/Rue89Strasbourg\/~3\/b_64H54rNzo\/manifestation-spectacle-comediens-samedi-201422\">Une manifestation-spectacle de com\u00e9diens samedi<\/a> par Pierre France (Rue89 Strasbourg)<\/p>\n\n\n\n<figure class=\"wp-block-image is-resized is-style-default\"><img loading=\"lazy\" decoding=\"async\" src=\"https:\/\/scontent.fsti4-1.fna.fbcdn.net\/v\/t1.0-9\/154905144_1154482318307568_6510364822609544772_n.png?_nc_cat=100&amp;ccb=3&amp;_nc_sid=730e14&amp;_nc_ohc=VyMCZC7evVUAX-vq7-w&amp;_nc_oc=AQkdPzb_4N6NrXc3IM5ywDllhPRSygC6RDWzE9pP3G-qT-9qv7jWVTkQRcmdofxnF0M&amp;_nc_ht=scontent.fsti4-1.fna&amp;oh=c62f2ea45c4546c7179957595daf423b&amp;oe=605E9026\" alt=\"Peut \u00eatre une image de texte qui dit \u2019L'ART ET LA CULTURE SONT ESSENTIELS LES VICTOIRES ICTOIRES de la Col\u00e8re 2021 Jeudi 4 MARS venez participer 12h-16h devantle devant Mus\u00e9e de Grenoble Paced Lavalunle\u2019\" width=\"343\" height=\"485\"\/><\/figure>\n\n\n\n<p><a href=\"https:\/\/lanticapitaliste.org\/opinions\/culture\/histoire-du-sucre-histoire-du-monde-de-james-walvin\">Histoire du sucre, histoire du monde, de James Walvin<\/a> (L\u2019Anticapitaliste)<\/p>\n\n\n\n<p><a href=\"http:\/\/www.contretemps.eu\/peuple-precaire-cinema\/\">\u00ab Le peuple qui clignote \u00bb. \u00c0 propos du Peuple pr\u00e9caire du cin\u00e9ma contemporain<\/a> (Contretemps)<\/p>\n\n\n\n<p><a href=\"https:\/\/lanticapitaliste.org\/opinions\/culture\/la-grande-folie-de-san-salvador\">La grande folie, de San Salvador<\/a> (L\u2019Anticapitaliste)<\/p>\n\n\n\n<figure class=\"wp-block-image is-resized is-style-default\"><img loading=\"lazy\" decoding=\"async\" src=\"https:\/\/scontent.fsti4-1.fna.fbcdn.net\/v\/t1.0-9\/154785356_1154361511652982_7784455686070946891_n.png?_nc_cat=109&amp;ccb=3&amp;_nc_sid=730e14&amp;_nc_ohc=GsYL0hQPSEsAX85bO-Z&amp;_nc_oc=AQlrDPdb5T24PUoCI7Q1AI-YzKObTXBWZ1-vN0_PvtWkjvxuh67aRoEnTGzpUTBFNUA&amp;_nc_ht=scontent.fsti4-1.fna&amp;oh=3e0492a0700c95f27e2485456c9fec3f&amp;oe=605F2A80\" alt=\"Peut \u00eatre une image de 1 personne et texte qui dit \u2019RESTE CHEZ JE SERS \u00c0 RIEN\u2019\" width=\"384\" height=\"392\"\/><\/figure>\n\n\n\n<p class=\"has-vivid-red-color has-text-color\"><strong>25 f\u00e9vrier<\/strong><\/p>\n\n\n\n<p><a href=\"https:\/\/www.rfi.fr\/fr\/france\/20201115-en-france-l-inscription-sacr%C3%A9-coeur-monuments-historiques-divise-encore?fbclid=IwAR3KrH3LvtYyn-RlRiUp5nXp2DMJWofTex6DMMnLUAABhxDtcH12qy0WqiU\">En France, l&rsquo;inscription du Sacr\u00e9-C\u0153ur aux monuments historiques divise encore <\/a>(RFI)<\/p>\n\n\n\n<p><a href=\"https:\/\/lanticapitaliste.org\/opinions\/culture\/medicine-midnight-des-foo-fighters\">Medicine at Midnight, des Foo Fighters<\/a> (L\u2019Anticapitaliste)<\/p>\n\n\n\n<p><a href=\"https:\/\/entreleslignesentrelesmots.blog\/2021\/02\/14\/etaient-ils-vraiment-pacifiques\/\">Etaient-ils vraiment Pacifiques&nbsp;?<\/a> -Nicolas B\u00e9ni\u00e8s<\/p>\n\n\n\n<figure class=\"wp-block-image size-large\"><img data-recalc-dims=\"1\" loading=\"lazy\" decoding=\"async\" width=\"800\" height=\"398\" src=\"https:\/\/i0.wp.com\/www.rdpemancipation.org\/wp-content\/uploads\/2021\/02\/image-93.png?resize=800%2C398&#038;ssl=1\" alt=\"\" class=\"wp-image-17474\" srcset=\"https:\/\/i0.wp.com\/www.rdpemancipation.org\/wp-content\/uploads\/2021\/02\/image-93.png?w=800&amp;ssl=1 800w, https:\/\/i0.wp.com\/www.rdpemancipation.org\/wp-content\/uploads\/2021\/02\/image-93.png?resize=300%2C149&amp;ssl=1 300w, https:\/\/i0.wp.com\/www.rdpemancipation.org\/wp-content\/uploads\/2021\/02\/image-93.png?resize=768%2C382&amp;ssl=1 768w\" sizes=\"auto, (max-width: 800px) 100vw, 800px\" \/><\/figure>\n\n\n\n<p><a href=\"https:\/\/www.liberation.fr\/culture\/bd\/juliette-mancini-enjeux-deveils-20210220_5QNHLYGATFGSHJRMO4DK5TGE7U\/?xtor=EREC-31-%5BNL_Culture__2021-02-23%5D-&amp;actId=ebwp0YMB8s1_OGEGSsDRkNUcvuQDVN7a57ET3fWtrS_9o2H3YnSh-tlErCsS7SWS&amp;actCampaignType=CAMPAIGN_MAIL&amp;actSource=507593\">BD&nbsp;: Juliette Mancini, enjeux d\u2019\u00abEveils\u00bb<\/a> (Lib\u00e9ration)<\/p>\n\n\n\n<p>\u200b\u200b<a href=\"https:\/\/www.liberation.fr\/culture\/musique\/slowthai-apres-la-rage-leclaircie-dans-le-fiel-20210223_E6OX6BGZENEBBFMTCHP7M453MQ\/\">Critique musicale&nbsp;: Slowthai\u200a: apr\u00e8s&nbsp;la&nbsp;rage, l\u2019\u00e9claircie&nbsp;dans&nbsp;le&nbsp;fiel<\/a> (Lib\u00e9ration)<\/p>\n\n\n\n<p><a href=\"https:\/\/www.historia.fr\/eph%C3%A9m%C3%A9ride\/20-f%C3%A9vrier-1942?utm_source=sendinblue&amp;utm_campaign=210220_EHT_HebdoConf_021&amp;utm_medium=email\">20 f\u00e9vrier 1942&nbsp;: Parution clandestine du livre \u00ab&nbsp;Le silence de la mer&nbsp;\u00bb sous la signature de Vercors<\/a> (Historia)<\/p>\n\n\n\n<p><a href=\"https:\/\/www.historia.fr\/loeil-de\/lhistoire-dun-cri?utm_source=sendinblue&amp;utm_campaign=210220_EHT_HebdoConf_021&amp;utm_medium=email\">L&rsquo;histoire d&rsquo;un cri-Si tu cries, t\u2019es mort<\/a> (Historia)<\/p>\n\n\n\n<figure class=\"wp-block-image size-large\"><img data-recalc-dims=\"1\" loading=\"lazy\" decoding=\"async\" width=\"1000\" height=\"560\" src=\"https:\/\/i0.wp.com\/www.rdpemancipation.org\/wp-content\/uploads\/2021\/02\/image-94.png?resize=1000%2C560&#038;ssl=1\" alt=\"\" class=\"wp-image-17477\" srcset=\"https:\/\/i0.wp.com\/www.rdpemancipation.org\/wp-content\/uploads\/2021\/02\/image-94.png?w=1000&amp;ssl=1 1000w, https:\/\/i0.wp.com\/www.rdpemancipation.org\/wp-content\/uploads\/2021\/02\/image-94.png?resize=300%2C168&amp;ssl=1 300w, https:\/\/i0.wp.com\/www.rdpemancipation.org\/wp-content\/uploads\/2021\/02\/image-94.png?resize=768%2C430&amp;ssl=1 768w\" sizes=\"auto, (max-width: 1000px) 100vw, 1000px\" \/><\/figure>\n\n\n\n<p><a href=\"..\/..\/..\/..\/Documents\/%C2%ABOUTRO%C2%BBun%20podcast%20de%20Dom%20Waits%20(visible%20sur%20YouTube)\">\u00abOUTRO\u00bbun podcast de Dom Waits (visible sur YouTube)<\/a><\/p>\n\n\n\n<p class=\"has-vivid-red-color has-text-color\"><strong>24 f\u00e9vrier<\/strong><\/p>\n\n\n\n<p>\u200b<a href=\"https:\/\/france3-regions.francetvinfo.fr\/provence-alpes-cote-d-azur\/bouches-du-rhone\/marseille\/faf-la-rage-apres-dix-ans-de-silence-il-sort-un-nouvel-album-1963165.html#xtor=EPR-521-[france3regions]-20210221-[info-bouton7]&amp;pid=726375-1586509211-9facd8a7\">Marseille : Faf la rage&#8230; apr\u00e8s dix ans de silence il sort un nouvel album<\/a> (France3)<\/p>\n\n\n\n<p>\u200b<a href=\"https:\/\/www.franceinter.fr\/emissions\/le-mur-du-son\/le-mur-du-son-24-fevrier-2021#xtor=EPR-5-[Meilleur24022021]\">Django Django de retour avec un 4\u00e8me album et une bonne dose d&rsquo;endorphines!<\/a> (FranceInter)<\/p>\n\n\n\n<p>\u200b<a href=\"https:\/\/www.franceinter.fr\/emissions\/bulles-de-bd\/bulles-de-bd-24-fevrier-2021#xtor=EPR-5-[Meilleur24022021]\">Bande dessin\u00e9e : \u00ab\u00a0Les amants d&rsquo;H\u00e9rouville\u00a0\u00bb de Le Quellec &amp; Ronzeau<\/a><\/p>\n\n\n\n<p>\u200b<a href=\"https:\/\/www.franceinter.fr\/emissions\/l-invite-de-7h50\/l-invite-de-7h50-24-fevrier-2021#xtor=EPR-5-[Meilleur24022021]\">Thomas Chatterton Williams : \u00ab\u00a0Aux \u00c9tats-Unis, il y a une confusion entre race et classe\u00a0\u00bb<\/a>(Franceinter)<\/p>\n\n\n\n<figure class=\"wp-block-image size-large\"><img data-recalc-dims=\"1\" loading=\"lazy\" decoding=\"async\" width=\"800\" height=\"450\" src=\"https:\/\/i0.wp.com\/www.rdpemancipation.org\/wp-content\/uploads\/2021\/02\/image-89.png?resize=800%2C450&#038;ssl=1\" alt=\"\" class=\"wp-image-17367\" srcset=\"https:\/\/i0.wp.com\/www.rdpemancipation.org\/wp-content\/uploads\/2021\/02\/image-89.png?w=800&amp;ssl=1 800w, https:\/\/i0.wp.com\/www.rdpemancipation.org\/wp-content\/uploads\/2021\/02\/image-89.png?resize=300%2C169&amp;ssl=1 300w, https:\/\/i0.wp.com\/www.rdpemancipation.org\/wp-content\/uploads\/2021\/02\/image-89.png?resize=768%2C432&amp;ssl=1 768w\" sizes=\"auto, (max-width: 800px) 100vw, 800px\" \/><figcaption>\u00ab\u00a0Jardins de pierres\u00a0\u00bb 1987 (Tristar Pictures)<\/figcaption><\/figure>\n\n\n\n<p class=\"has-vivid-cyan-blue-color has-text-color\"><a href=\"https:\/\/www.liberation.fr\/culture\/cinema\/coppola-le-temps-retourne-20210219_236AASADVFEMLOXPC4U24767PM\/?xtor=EREC-31-%5BNL_Culture__2021-02-22%5D-&amp;actId=ebwp0YMB8s1_OGEGSsDRkNUcvuQDVN7a57ET3fWtrS_9o2H3YnSh-tlErCsS7SWS&amp;actCampaignType=CAMPAIGN_MAIL&amp;actSource=507581\">DVD&nbsp;: Coppola, le&nbsp;temps retourn\u00e9<\/a> (Lib\u00e9ration)<\/p>\n\n\n\n<p class=\"has-vivid-red-color has-text-color\"><strong>23 f\u00e9vrier<\/strong><\/p>\n\n\n\n<p class=\"has-vivid-cyan-blue-color has-text-color\"><a href=\"https:\/\/www.liberation.fr\/culture\/livres\/sabrina-orah-mark-la-realite-perchee-20210219_VUNH5AB6CNHXBEKA2CO5QA4FA4\/?xtor=EREC-31-%5BNL_Culture__2021-02-22%5D-&amp;actId=ebwp0YMB8s1_OGEGSsDRkNUcvuQDVN7a57ET3fWtrS_9o2H3YnSh-tlErCsS7SWS&amp;actCampaignType=CAMPAIGN_MAIL&amp;actSource=507581\">Litt\u00e9rature&nbsp;: Sabrina Orah Mark, la r\u00e9alit\u00e9 perch\u00e9e<\/a> (Lib\u00e9ration)<\/p>\n\n\n\n<p class=\"has-vivid-cyan-blue-color has-text-color\"><a href=\"https:\/\/www.franceinter.fr\/emissions\/le-mur-du-son\/le-mur-du-son-22-fevrier-2021#xtor=EPR-5-[Meilleur22022021]\">Bashung, et ses vertigineuses reprises !<\/a> (Franceinter)\u200b<\/p>\n\n\n\n<p class=\"has-vivid-cyan-blue-color has-text-color\"><a href=\"https:\/\/www.franceinter.fr\/musique\/isabelle-dhordain-voix-du-pont-des-artistes-et-de-la-musique-sur-inter-est-decedee#xtor=EPR-5-[Meilleur22022021]\">Isabelle Dhordain, voix du \u00ab\u00a0Pont des artistes\u00a0\u00bb et de la musique sur Inter, est d\u00e9c\u00e9d\u00e9e<\/a> (Franceinter)\u200b<\/p>\n\n\n\n<p class=\"has-vivid-cyan-blue-color has-text-color\"><a href=\"https:\/\/www.liberation.fr\/culture\/musique\/randomisation-et-remuneration-les-concerts-tests-a-la-recherche-de-spectateurs-20210217_ORI4ZP6JNFCURD4TGPWIZURC34\/?xtor=EREC-31-%5BNL_Culture__2021-02-18%5D-&amp;actId=ebwp0YMB8s1_OGEGSsDRkNUcvuQDVN7a57ET3fWtrS_9o2H3YnSh-tlErCsS7SWS&amp;actCampaignType=CAMPAIGN_MAIL&amp;actSource=507534\">Musique&nbsp;: Randomisation et r\u00e9mun\u00e9ration : les concerts-test \u00e0 la recherche de spectateurs<\/a> (Lib\u00e9ration)<\/p>\n\n\n\n<figure class=\"wp-block-image size-large\"><img data-recalc-dims=\"1\" loading=\"lazy\" decoding=\"async\" width=\"800\" height=\"533\" src=\"https:\/\/i0.wp.com\/www.rdpemancipation.org\/wp-content\/uploads\/2021\/02\/image-87.png?resize=800%2C533&#038;ssl=1\" alt=\"\" class=\"wp-image-17351\" srcset=\"https:\/\/i0.wp.com\/www.rdpemancipation.org\/wp-content\/uploads\/2021\/02\/image-87.png?w=800&amp;ssl=1 800w, https:\/\/i0.wp.com\/www.rdpemancipation.org\/wp-content\/uploads\/2021\/02\/image-87.png?resize=300%2C200&amp;ssl=1 300w, https:\/\/i0.wp.com\/www.rdpemancipation.org\/wp-content\/uploads\/2021\/02\/image-87.png?resize=768%2C512&amp;ssl=1 768w\" sizes=\"auto, (max-width: 800px) 100vw, 800px\" \/><figcaption>Concert test \u00e0 Barcelone le 12 d\u00e9cembre (Emilio Morenatti)<\/figcaption><\/figure>\n\n\n\n<p class=\"has-vivid-red-color has-text-color\"><strong>22 f\u00e9vrier<\/strong><\/p>\n\n\n\n<figure class=\"wp-block-image size-large\"><img data-recalc-dims=\"1\" loading=\"lazy\" decoding=\"async\" width=\"800\" height=\"533\" src=\"https:\/\/i0.wp.com\/www.rdpemancipation.org\/wp-content\/uploads\/2021\/02\/image-85.png?resize=800%2C533&#038;ssl=1\" alt=\"\" class=\"wp-image-17346\" srcset=\"https:\/\/i0.wp.com\/www.rdpemancipation.org\/wp-content\/uploads\/2021\/02\/image-85.png?w=800&amp;ssl=1 800w, https:\/\/i0.wp.com\/www.rdpemancipation.org\/wp-content\/uploads\/2021\/02\/image-85.png?resize=300%2C200&amp;ssl=1 300w, https:\/\/i0.wp.com\/www.rdpemancipation.org\/wp-content\/uploads\/2021\/02\/image-85.png?resize=768%2C512&amp;ssl=1 768w\" sizes=\"auto, (max-width: 800px) 100vw, 800px\" \/><\/figure>\n\n\n\n<p>\u200b<a href=\"https:\/\/www.liberation.fr\/idees-et-debats\/cecile-coquet-mokoko-aux-etats-unis-les-mariages-mixtes-restent-tabous-car-ils-sont-frappes-dimmoralite-20210215_TXO6RDYDZVGJPD5A7TS3A2ZRTY\/?xtor=EREC-55-%5BRecap_hebdo_2021-02-19_1%5D-&amp;actId=ebwp0YMB8s1_OGEGSsDRkNUcvuQDVN7a57ET3fWtrS_9o2H3YnSh-tlErCsS7SWS&amp;actCampaignType=CAMPAIGN_MAIL&amp;actSource=507558\">Interview&nbsp;: C\u00e9cile Coquet-Mokoko&nbsp;: \u00abAux Etats-Unis, les mariages mixtes restent tabous car ils sont frapp\u00e9s d\u2019immoralit\u00e9\u00bb<\/a> (Lib\u00e9ration)<\/p>\n\n\n\n<p><a href=\"https:\/\/www.liberation.fr\/culture\/cinema\/la-petite-femelle-rien-que-sa-verite-20210218_2UANEOIUXNAJHI2GJQQ24GHJAU\/?xtor=EREC-31-%5BLib%C3%A9culture_samedi__2021-02-19%5D-&amp;actId=ebwp0YMB8s1_OGEGSsDRkNUcvuQDVN7a57ET3fWtrS_9o2H3YnSh-tlErCsS7SWS&amp;actCampaignType=CAMPAIGN_MAIL&amp;actSource=507554\">Cin\u00e9ma&nbsp;: \u00abLa Petite Femelle\u00bb, rien que sa v\u00e9rit\u00e9 \u2013 livre de P.Jaenada<\/a> (Lib\u00e9ration)<\/p>\n\n\n\n<p><a href=\"https:\/\/www.francetvinfo.fr\/culture\/musique\/musique-phil-collins-fete-ses-40-ans-de-carriere-solo_4305921.html#xtor=EPR-502-[newslettervideo]-20210223-[video4]\">Phil Collins, d\u00e9j\u00e0 quarante ans de carri\u00e8re solo<\/a> (Franceinfo)<\/p>\n\n\n\n<p class=\"has-vivid-red-color has-text-color\"><strong>\u200b21 f\u00e9vrier<\/strong><\/p>\n\n\n\n<p><a href=\"https:\/\/www.mediapart.fr\/journal\/culture-idees\/210221\/am-stram-glam?utm_source=20210221&amp;utm_medium=email&amp;utm_campaign=QUOTIDIENNE&amp;utm_content=&amp;utm_term=&amp;xtor=EREC-83-[QUOTIDIENNE]-20210221&amp;M_BT=1193768211483\">Essai musical&nbsp;: Am-stram-glam<\/a> (M\u00e9diapart)<\/p>\n\n\n\n<p>\u200b<a href=\"https:\/\/www.mediapart.fr\/journal\/international\/210221\/camille-schmoll-les-femmes-ont-ete-effacees-de-l-histoire-des-migrations?utm_source=20210221&amp;utm_medium=email&amp;utm_campaign=QUOTIDIENNE&amp;utm_content=&amp;utm_term=&amp;xtor=EREC-83-[QUOTIDIENNE]-20210221&amp;M_BT=1193768211483\">Livre&nbsp;: Camille Schmoll: \u00abLes femmes ont \u00e9t\u00e9 effac\u00e9es de l\u2019histoire des migrations\u00bb<\/a> (M\u00e9diapart)<\/p>\n\n\n\n<p><a href=\"https:\/\/www.francetvinfo.fr\/replay-magazine\/france-2\/20h30-le-samedi\/video-quand-annie-girardot-a-voulu-rehabiliter-gabrielle-russier-en-jouant-dans-le-film-mourir-daimer-sorti-en-1971_4303703.html#xtor=EPR-2-[newsletterquotidienne]-20210222-[lesimages\/image3]\">VIDEO. Quand Annie Girardot a voulu r\u00e9habiliter Gabrielle Russier en jouant dans le film \u00ab\u00a0Mourir d\u2019aimer\u00a0\u00bb sorti en 1971<\/a><\/p>\n\n\n\n<p><a href=\"..\/..\/..\/..\/Documents\/InterviewPeter%20Brook%20:%20%C2%ABOn%20n%E2%80%99est%20pas%20sur%20Terre%20ni%20au%20th%C3%A9%C3%A2tre%20pour%20recevoir%20des%20le%C3%A7ons%20!%C2%BB\">Interview&nbsp;Peter Brook: \u00abOn n&rsquo;est pas sur Terre ni au th\u00e9\u00e2tre pour recevoir des le\u00e7ons !\u00bb <\/a>(Lib\u00e9ration)<\/p>\n\n\n\n<figure class=\"wp-block-image size-large\"><img data-recalc-dims=\"1\" loading=\"lazy\" decoding=\"async\" width=\"800\" height=\"803\" src=\"https:\/\/i0.wp.com\/www.rdpemancipation.org\/wp-content\/uploads\/2021\/02\/image-84.png?resize=800%2C803&#038;ssl=1\" alt=\"\" class=\"wp-image-17343\" srcset=\"https:\/\/i0.wp.com\/www.rdpemancipation.org\/wp-content\/uploads\/2021\/02\/image-84.png?w=800&amp;ssl=1 800w, https:\/\/i0.wp.com\/www.rdpemancipation.org\/wp-content\/uploads\/2021\/02\/image-84.png?resize=300%2C300&amp;ssl=1 300w, https:\/\/i0.wp.com\/www.rdpemancipation.org\/wp-content\/uploads\/2021\/02\/image-84.png?resize=150%2C150&amp;ssl=1 150w, https:\/\/i0.wp.com\/www.rdpemancipation.org\/wp-content\/uploads\/2021\/02\/image-84.png?resize=768%2C771&amp;ssl=1 768w\" sizes=\"auto, (max-width: 800px) 100vw, 800px\" \/><figcaption>Peter Brook<\/figcaption><\/figure>\n\n\n\n<figure class=\"wp-block-image size-large\"><img data-recalc-dims=\"1\" loading=\"lazy\" decoding=\"async\" width=\"737\" height=\"460\" src=\"https:\/\/i0.wp.com\/www.rdpemancipation.org\/wp-content\/uploads\/2021\/02\/image-81.png?resize=737%2C460&#038;ssl=1\" alt=\"\" class=\"wp-image-17077\" srcset=\"https:\/\/i0.wp.com\/www.rdpemancipation.org\/wp-content\/uploads\/2021\/02\/image-81.png?w=737&amp;ssl=1 737w, https:\/\/i0.wp.com\/www.rdpemancipation.org\/wp-content\/uploads\/2021\/02\/image-81.png?resize=300%2C187&amp;ssl=1 300w\" sizes=\"auto, (max-width: 737px) 100vw, 737px\" \/><\/figure>\n\n\n\n<p><a href=\"https:\/\/www.laprovence.com\/article\/coronavirus\/6271424\/carnets-de-guerre-le-livre-de-didier-raoult-devenu-viral.html\"> \u00ab\u00a0Carnets de guerre\u00a0\u00bb, le livre de Didier Raoult devenu viral<\/a> (La Provence)<\/p>\n\n\n\n<p class=\"has-vivid-red-color has-text-color\"><strong>20 f\u00e9vrier<\/strong><\/p>\n\n\n\n<p><a href=\"https:\/\/www.boursorama.com\/actualite-economique\/actualites\/musique-5-000-personnes-assises-maximum-pour-les-festivals-d-ete-f2fe5485a5c735d5d8ffaa592ef58f52\">Musique: 5.000 personnes assises maximum pour les festivals d&rsquo;\u00e9t\u00e9<\/a> (AFP)<\/p>\n\n\n\n<p><a href=\"https:\/\/orientxxi.info\/lu-vu-entendu\/en-therapie-la-malediction-du-policier-adel-chibane,4526\">En th\u00e9rapie \u00bb. La mal\u00e9diction du policier Adel Chibane<\/a> (Orient XXI)<\/p>\n\n\n\n<p class=\"has-vivid-cyan-blue-color has-text-color\"><strong> <\/strong>\u200b<a href=\"https:\/\/www.espaces-latinos.org\/archives\/96863?utm_source=Sarbacane&amp;utm_medium=email&amp;utm_campaign=News%20%2017%20f%C3%A9vrier%202021\">\u00ab L\u2019extinction des esp\u00e8ces \u00bb de l\u2019\u00e9crivain argentin Diego Vecchio, paru en librairie aux \u00e9d. Grasset<\/a> (NuevosELatinos)<\/p>\n\n\n\n<figure class=\"wp-block-image size-large\"><img data-recalc-dims=\"1\" loading=\"lazy\" decoding=\"async\" width=\"710\" height=\"300\" src=\"https:\/\/i0.wp.com\/www.rdpemancipation.org\/wp-content\/uploads\/2021\/02\/image-70.png?resize=710%2C300&#038;ssl=1\" alt=\"\" class=\"wp-image-16661\" srcset=\"https:\/\/i0.wp.com\/www.rdpemancipation.org\/wp-content\/uploads\/2021\/02\/image-70.png?w=710&amp;ssl=1 710w, https:\/\/i0.wp.com\/www.rdpemancipation.org\/wp-content\/uploads\/2021\/02\/image-70.png?resize=300%2C127&amp;ssl=1 300w\" sizes=\"auto, (max-width: 710px) 100vw, 710px\" \/><figcaption>Diego Vecchio<\/figcaption><\/figure>\n\n\n\n<p class=\"has-vivid-red-color has-text-color\"><strong>19 f\u00e9vrier<\/strong><\/p>\n\n\n\n<p>\u200b<\/p>\n\n\n\n<figure class=\"wp-block-image size-large\"><img data-recalc-dims=\"1\" loading=\"lazy\" decoding=\"async\" width=\"800\" height=\"576\" src=\"https:\/\/i0.wp.com\/www.rdpemancipation.org\/wp-content\/uploads\/2021\/02\/image-67.png?resize=800%2C576&#038;ssl=1\" alt=\"\" class=\"wp-image-16642\" srcset=\"https:\/\/i0.wp.com\/www.rdpemancipation.org\/wp-content\/uploads\/2021\/02\/image-67.png?w=800&amp;ssl=1 800w, https:\/\/i0.wp.com\/www.rdpemancipation.org\/wp-content\/uploads\/2021\/02\/image-67.png?resize=300%2C216&amp;ssl=1 300w, https:\/\/i0.wp.com\/www.rdpemancipation.org\/wp-content\/uploads\/2021\/02\/image-67.png?resize=768%2C553&amp;ssl=1 768w\" sizes=\"auto, (max-width: 800px) 100vw, 800px\" \/><figcaption>Eve<\/figcaption><\/figure>\n\n\n\n<p><a href=\"https:\/\/www.liberation.fr\/culture\/livres\/tout-sur-eve-par-elle-meme-20210212_R52NMMTTFFHARFHYHOXSGSEJII\/?xtor=EREC-31-%5BNL_Culture__2021-02-16_1%5D-&amp;actId=ebwp0YMB8s1_OGEGSsDRkNUcvuQDVN7a57ET3fWtrS_9o2H3YnSh-tlErCsS7SWS&amp;actCampaignType=CAMPAIGN_MAIL&amp;actSource=507468\">Livre&nbsp;: Tout sur Eve, par elle-m\u00eame<\/a> (Lib\u00e9ration)<\/p>\n\n\n\n<figure class=\"wp-block-image size-large\"><img data-recalc-dims=\"1\" loading=\"lazy\" decoding=\"async\" width=\"800\" height=\"534\" src=\"https:\/\/i0.wp.com\/www.rdpemancipation.org\/wp-content\/uploads\/2021\/02\/image-66.png?resize=800%2C534&#038;ssl=1\" alt=\"\" class=\"wp-image-16641\" srcset=\"https:\/\/i0.wp.com\/www.rdpemancipation.org\/wp-content\/uploads\/2021\/02\/image-66.png?w=800&amp;ssl=1 800w, https:\/\/i0.wp.com\/www.rdpemancipation.org\/wp-content\/uploads\/2021\/02\/image-66.png?resize=300%2C200&amp;ssl=1 300w, https:\/\/i0.wp.com\/www.rdpemancipation.org\/wp-content\/uploads\/2021\/02\/image-66.png?resize=768%2C513&amp;ssl=1 768w\" sizes=\"auto, (max-width: 800px) 100vw, 800px\" \/><figcaption>Christian Boltanski<\/figcaption><\/figure>\n\n\n\n<p><a href=\"https:\/\/www.liberation.fr\/culture\/arts\/art-contemporain\/christian-boltanski-apres-et-au-dela-20210216_4LMYQ2B3FNHMBF3NS2S7PMJSLA\/?xtor=EREC-25-%5BNL_quot_matin_2021-02-17%5D-&amp;actId=ebwp0YMB8s1_OGEGSsDRkNUcvuQDVN7a57ET3fWtrS_9o2H3YnSh-tlErCsS7SWS&amp;actCampaignType=CAMPAIGN_MAIL&amp;actSource=507476\">Art&nbsp;: Christian Boltanski, \u00abApr\u00e8s\u00bb et au-del\u00e0<\/a> (Lib\u00e9ration)<\/p>\n\n\n\n<p><a href=\"https:\/\/www.liberation.fr\/culture\/musique\/hamza-part-en-drill-20210217_5AIQHWLKAZFYXCLVHGBRLWB4PI\/?xtor=EREC-31-%5BNL_Culture__2021-02-17%5D-&amp;actId=ebwp0YMB8s1_OGEGSsDRkNUcvuQDVN7a57ET3fWtrS_9o2H3YnSh-tlErCsS7SWS&amp;actCampaignType=CAMPAIGN_MAIL&amp;actSource=507511\">Rap&nbsp;: Hamza part en drill<\/a> (Lib\u00e9ration)<\/p>\n\n\n\n<figure class=\"wp-block-image size-large\"><img data-recalc-dims=\"1\" loading=\"lazy\" decoding=\"async\" width=\"800\" height=\"533\" src=\"https:\/\/i0.wp.com\/www.rdpemancipation.org\/wp-content\/uploads\/2021\/02\/image-64.png?resize=800%2C533&#038;ssl=1\" alt=\"\" class=\"wp-image-16634\" srcset=\"https:\/\/i0.wp.com\/www.rdpemancipation.org\/wp-content\/uploads\/2021\/02\/image-64.png?w=800&amp;ssl=1 800w, https:\/\/i0.wp.com\/www.rdpemancipation.org\/wp-content\/uploads\/2021\/02\/image-64.png?resize=300%2C200&amp;ssl=1 300w, https:\/\/i0.wp.com\/www.rdpemancipation.org\/wp-content\/uploads\/2021\/02\/image-64.png?resize=768%2C512&amp;ssl=1 768w\" sizes=\"auto, (max-width: 800px) 100vw, 800px\" \/><figcaption>Rap: Hamza<\/figcaption><\/figure>\n\n\n\n<p>\u200b<a href=\"https:\/\/blogs.mediapart.fr\/carta-academica\/blog\/170221\/attaquer-la-crise-de-la-culture-sa-racine?utm_source=20210217&amp;utm_medium=email&amp;utm_campaign=QUOTIDIENNE&amp;utm_content=&amp;utm_term=&amp;xtor=EREC-83-[QUOTIDIENNE]-20210217&amp;M_BT=1193768211483\">Attaquer la crise de la culture \u00e0 sa racine<\/a> (Carta-academica)<\/p>\n\n\n\n<p>\u200b<a href=\"https:\/\/www.liberation.fr\/culture\/cinema\/marco-ferreri-mister-dynamite-20210214_A5KUY4TQ7RDUJDADWWMDG5TTQI\/?xtor=EREC-31-%5BNL_Culture__2021-02-15%5D-&amp;actId=ebwp0YMB8s1_OGEGSsDRkNUcvuQDVN7a57ET3fWtrS_9o2H3YnSh-tlErCsS7SWS&amp;actCampaignType=CAMPAIGN_MAIL&amp;actSource=507434\">Monographie&nbsp;: Marco Ferreri, mister dynamite<\/a> (Lib\u00e9ration)<\/p>\n\n\n\n<p><strong><span class=\"has-inline-color has-vivid-red-color\">18 f\u00e9vrier<\/span><\/strong><\/p>\n\n\n\n<p>\u200b\u200b\u200b<a href=\"https:\/\/www.mediapart.fr\/journal\/international\/090221\/un-palais-pour-poutine-voici-la-version-francaise?utm_source=20210215&amp;utm_medium=email&amp;utm_campaign=QUOTIDIENNE&amp;utm_content=&amp;utm_term=&amp;xtor=EREC-83-[QUOTIDIENNE]-20210215&amp;M_BT=1193768211483\">Navalny, l\u2019anti-Poutine&nbsp;: \u00abUn palais pour Poutine\u00bb: voici la version fran\u00e7aise<\/a> (M\u00e9diapart)<\/p>\n\n\n\n<p><a href=\"https:\/\/www.liberation.fr\/culture\/livres\/boris-cyrulnik-et-les-droits-de-lame-20210217_GFX6D6LV3FBXTGEQEPXPHB6MVQ\/?xtor=EREC-25-%5BNL_quot_matin_2021-02-18%5D-&amp;actId=ebwp0YMB8s1_OGEGSsDRkNUcvuQDVN7a57ET3fWtrS_9o2H3YnSh-tlErCsS7SWS&amp;actCampaignType=CAMPAIGN_MAIL&amp;actSource=507518\">Livre&nbsp;: Boris Cyrulnik et les droits de l\u2019\u00e2me<\/a> (Lib\u00e9ration)<\/p>\n\n\n\n<p><a href=\"https:\/\/www.liberation.fr\/culture\/livres\/pourquoi-lire-une-excursion-sur-les-auteurs-20210211_IYGURZI7ZNGADHVR4TANS52VTQ\/?xtor=EREC-31-%5BNL_Culture__2021-02-15%5D-&amp;actId=ebwp0YMB8s1_OGEGSsDRkNUcvuQDVN7a57ET3fWtrS_9o2H3YnSh-tlErCsS7SWS&amp;actCampaignType=CAMPAIGN_MAIL&amp;actSource=507434\">Livres&nbsp;: \u00abPourquoi lire\u00bb, une excursion sur les auteurs<\/a> (Lib\u00e9ration)<\/p>\n\n\n\n<p><a href=\"https:\/\/lanticapitaliste.org\/opinions\/culture\/la-commune-en-dubbant\">La Commune en dubbant<\/a> (L\u2019Anticapitaliste)<\/p>\n\n\n\n<figure class=\"wp-block-image is-resized is-style-default\"><img data-recalc-dims=\"1\" loading=\"lazy\" decoding=\"async\" src=\"https:\/\/i0.wp.com\/lanticapitaliste.org\/sites\/default\/files\/styles\/largeur_content_hauteur_complet\/public\/dubamix_0.jpg?resize=409%2C409&#038;ssl=1\" alt=\"\" width=\"409\" height=\"409\"\/><\/figure>\n\n\n\n<p><strong><span class=\"has-inline-color has-vivid-red-color\">17 f\u00e9vrier<\/span><\/strong><\/p>\n\n\n\n<figure class=\"wp-block-image size-large\"><img data-recalc-dims=\"1\" loading=\"lazy\" decoding=\"async\" width=\"800\" height=\"531\" src=\"https:\/\/i0.wp.com\/www.rdpemancipation.org\/wp-content\/uploads\/2021\/02\/image-68.png?resize=800%2C531&#038;ssl=1\" alt=\"\" class=\"wp-image-16648\" srcset=\"https:\/\/i0.wp.com\/www.rdpemancipation.org\/wp-content\/uploads\/2021\/02\/image-68.png?w=800&amp;ssl=1 800w, https:\/\/i0.wp.com\/www.rdpemancipation.org\/wp-content\/uploads\/2021\/02\/image-68.png?resize=300%2C199&amp;ssl=1 300w, https:\/\/i0.wp.com\/www.rdpemancipation.org\/wp-content\/uploads\/2021\/02\/image-68.png?resize=768%2C510&amp;ssl=1 768w\" sizes=\"auto, (max-width: 800px) 100vw, 800px\" \/><figcaption>Le gwoka<\/figcaption><\/figure>\n\n\n\n<p><a href=\"https:\/\/www.liberation.fr\/culture\/scenes\/le-gwoka-a-corps-percus-20210211_DFJRP6EVRRGO5CII3C5XJ5GKSA\/?xtor=EREC-31-%5BLib%C3%A9culture_samedi__2021-02-12%5D-&amp;actId=ebwp0YMB8s1_OGEGSsDRkNUcvuQDVN7a57ET3fWtrS_9o2H3YnSh-tlErCsS7SWS&amp;actCampaignType=CAMPAIGN_MAIL&amp;actSource=507390\">S\u00e9rie \u00abLe corps en transe\u00bb (7\/7) Le gwoka, \u00e0 corps percus<\/a> (Lib\u00e9ration)<\/p>\n\n\n\n<figure class=\"wp-block-image size-large\"><img data-recalc-dims=\"1\" loading=\"lazy\" decoding=\"async\" width=\"944\" height=\"531\" src=\"https:\/\/i0.wp.com\/www.rdpemancipation.org\/wp-content\/uploads\/2021\/02\/image-65.png?resize=944%2C531&#038;ssl=1\" alt=\"\" class=\"wp-image-16637\" srcset=\"https:\/\/i0.wp.com\/www.rdpemancipation.org\/wp-content\/uploads\/2021\/02\/image-65.png?w=944&amp;ssl=1 944w, https:\/\/i0.wp.com\/www.rdpemancipation.org\/wp-content\/uploads\/2021\/02\/image-65.png?resize=300%2C169&amp;ssl=1 300w, https:\/\/i0.wp.com\/www.rdpemancipation.org\/wp-content\/uploads\/2021\/02\/image-65.png?resize=768%2C432&amp;ssl=1 768w\" sizes=\"auto, (max-width: 944px) 100vw, 944px\" \/><figcaption>Tonton David<\/figcaption><\/figure>\n\n\n\n<p>\u200b\u200b<a href=\"https:\/\/www.francetvinfo.fr\/culture\/musique\/le-chanteur-de-reggae-tonton-david-auteur-de-chacun-sa-route-est-mort-a-l-age-de-53-ans_4299503.html#xtor=EPR-2-[newsletterquotidienne]-20210218-[lespluspartages\/titre1]\">Le chanteur de reggae Tonton David, auteur de \u00ab\u00a0Chacun sa route\u00a0\u00bb, est mort \u00e0 l&rsquo;\u00e2ge de 53 ans<\/a> (Franceinfo))<\/p>\n\n\n\n<p><a href=\"https:\/\/www.liberation.fr\/culture\/cinema\/marco-ferreri-mister-dynamite-20210214_A5KUY4TQ7RDUJDADWWMDG5TTQI\/?xtor=EREC-31-%5BNL_Culture__2021-02-15%5D-&amp;actId=ebwp0YMB8s1_OGEGSsDRkNUcvuQDVN7a57ET3fWtrS_9o2H3YnSh-tlErCsS7SWS&amp;actCampaignType=CAMPAIGN_MAIL&amp;actSource=507434\">Monographie&nbsp;: Marco Ferreri, mister dynamite<\/a> (Lib\u00e9ration)<\/p>\n\n\n\n<p><a href=\"https:\/\/www.liberation.fr\/culture\/cinema\/phil-collins-le-club-est-le-lieu-de-liberation-des-corps-en-prison-tout-est-determine-par-des-cloisons-20210213_54SB5HA5BRGDRPWNCKI4PD4REI\/?xtor=EREC-31-%5BNL_Culture__2021-02-15%5D-&amp;actId=ebwp0YMB8s1_OGEGSsDRkNUcvuQDVN7a57ET3fWtrS_9o2H3YnSh-tlErCsS7SWS&amp;actCampaignType=CAMPAIGN_MAIL&amp;actSource=507434\">Phil Collins\u200a: \u00abLe club est le lieu de lib\u00e9ration des corps, en prison tout est d\u00e9termin\u00e9 par des cloisons\u00bb<\/a> (Lib\u00e9ration)<\/p>\n\n\n\n<p><a href=\"https:\/\/www.francetvinfo.fr\/sante\/drogue-addictions\/cocaine\/enquete-le-journaliste-frederic-ploquin-devoile-les-dessous-du-trafic-de-stupefiants-en-france_4294681.html#xtor=EPR-2-[newsletterquotidienne]-20210215-[lesimages\/image0]\">Livre-Enqu\u00eate : le journaliste Fr\u00e9d\u00e9ric Ploquin d\u00e9voile les dessous du trafic de stup\u00e9fiants en France<\/a> (francetvinfo)<\/p>\n\n\n\n<p><a href=\"https:\/\/www.mediapart.fr\/journal\/culture-idees\/140221\/le-roman-mauritanien-de-la-nostalgie-nomade?utm_source=20210214&amp;utm_medium=email&amp;utm_campaign=QUOTIDIENNE&amp;utm_content=&amp;utm_term=&amp;xtor=EREC-83-[QUOTIDIENNE]-20210214&amp;M_BT=1193768211483\">Litt\u00e9rature&nbsp;: Le roman mauritanien de la nostalgie nomade<\/a> (M\u00e9diapart)<\/p>\n\n\n\n<p><a href=\"https:\/\/blogs.mediapart.fr\/nicolas-sene\/blog\/140221\/la-liberte-detre-libre\">Archives&nbsp;: La libert\u00e9 d&rsquo;\u00eatre libre d\u2019Hanna Arendt<\/a>-Nicolas S\u00e9n\u00e9 (M\u00e9diapart)<\/p>\n\n\n\n<p><a href=\"https:\/\/www.factuel.info\/blog\/le-no-logo-festival-se-mobilise-contre-le-port-darmes-au-sein-des-etablissements-culturels-recevant-du-public\">Le No Logo Festival se mobilise contre le port d\u2019armes au sein des \u00e9tablissements culturels recevant du public<\/a> (Factuel)<\/p>\n\n\n\n<p class=\"has-vivid-red-color has-text-color\"><strong>16 f\u00e9vrier<\/strong><\/p>\n\n\n\n<p>\u200b<a href=\"https:\/\/www.liberation.fr\/culture\/musique\/punto-final-pour-la-legende-de-la-salsa-johnny-pacheco-20210216_4LCJ5AUA55D3LLWFCOJPUDPT54\/?xtor=EREC-25-%5BNL_quot_matin_2021-02-17%5D-&amp;actId=ebwp0YMB8s1_OGEGSsDRkNUcvuQDVN7a57ET3fWtrS_9o2H3YnSh-tlErCsS7SWS&amp;actCampaignType=CAMPAIGN_MAIL&amp;actSource=507476\">Musique latine&nbsp;: \u00abPunto final\u00bb pour la l\u00e9gende de la salsa Johnny Pacheco<\/a> (Lib\u00e9ration)<\/p>\n\n\n\n<p><a href=\"https:\/\/www.francetvinfo.fr\/culture\/series\/arsene-lupin-la-peste-paris-est-une-fete-quand-l-actualite-dope-la-vente-de-livres_4299301.html#xtor=EPR-2-[newsletterquotidienne]-20210217-[lestitres-coldroite\/titre8]\">Ars\u00e8ne Lupin, \u00ab\u00a0La Peste\u00a0\u00bb, \u00ab\u00a0Paris est une f\u00eate\u00a0\u00bb&#8230; Quand l&rsquo;actualit\u00e9 dope la vente de livres <\/a>(Francinfo)<\/p>\n\n\n\n<p><a href=\"https:\/\/info.mediapart.fr\/optiext\/optiextension.dll?ID=XtsXr2kln1DjEIj8BnJJERK%2BPcE6ybnBqe4vkwXSRJ_RhThH4IaMp_aPgOmTI%2BOFcxnl2EGZ5SDyiugk_g5tqR0iyGbP8\">\u00abLa culture est le secteur le plus touch\u00e9 apr\u00e8s l\u2019a\u00e9ronautique\u00bb<\/a> (MDP)<\/p>\n\n\n\n<p><a href=\"http:\/\/www.contretemps.eu\/litterature-contre-hegemonique-sandra-lucbert\/\">Pour une litt\u00e9rature contre-h\u00e9g\u00e9monique. Entretien avec Sandra Lucbert<\/a> (Contretemps)<\/p>\n\n\n\n<p><a href=\"https:\/\/l.facebook.com\/l.php?u=https:\/\/www.ouest-france.fr\/pays-de-la-loire\/nantes-44000\/nantes-le-spectacle-vivant-reprend-ses-droits-dans-la-rue-7153906?fbclid=IwAR1-MeeCW76y5424wB2viMausXULeAndK44tiPgLubHqSg0EBExPaUi5YqI&amp;h=AT2D5n_Yr6adkls4TFHUhP4Od3DERSXpq5i7-f85HTSrt8IDpBUu6asIG5U2V-JKz-9FvFMxZYIleBPYdhA9v1uQsDrRo7rEIWDginWaem-xvMFi1PTyMQabxHV-e0dYkhDisEA&amp;__tn__=,mH-R&amp;c%5B0%5D=AT0J7nMOKBrCxGZnqObG5HJAR9K8VKp93DyPolOT4HtA9HFNMV95_3-lqqms64rXGOYAFuZMQbIt4g8Uw78U9XOQtFxxOzhK4RxA3_ijL-AmNEWT7Vd3e9G9K6o4JCwaRKFNIEI-7aPS5r50iSYzgJI--SZmpIVr18UvhmpwcLPxzXY\">Nantes. Le spectacle vivant reprend ses droits dans la rue <\/a>(Ouest France)<\/p>\n\n\n\n<p><a href=\"https:\/\/www.liberation.fr\/culture\/arts\/le-louvre-sort-de-ses-reserves-a-lievin-20210214_NSVLTE2JPNGZZAVIH3RGPFEUYE\/?xtor=EREC-26-%5BNL_abo_soir_2021-02-14%5D-&amp;actId=ebwp0YMB8s1_OGEGSsDRkNUcvuQDVN7a57ET3fWtrS_9o2H3YnSh-tlErCsS7SWS&amp;actCampaignType=CAMPAIGN_MAIL&amp;actSource=507401\">Le Louvre sort de ses r\u00e9serves \u00e0 Li\u00e9vin<\/a> (Lib\u00e9ration)<\/p>\n\n\n\n<figure class=\"wp-block-image size-large\"><img data-recalc-dims=\"1\" loading=\"lazy\" decoding=\"async\" width=\"800\" height=\"600\" src=\"https:\/\/i0.wp.com\/www.rdpemancipation.org\/wp-content\/uploads\/2021\/02\/image-46.png?resize=800%2C600&#038;ssl=1\" alt=\"\" class=\"wp-image-16017\" srcset=\"https:\/\/i0.wp.com\/www.rdpemancipation.org\/wp-content\/uploads\/2021\/02\/image-46.png?w=800&amp;ssl=1 800w, https:\/\/i0.wp.com\/www.rdpemancipation.org\/wp-content\/uploads\/2021\/02\/image-46.png?resize=300%2C225&amp;ssl=1 300w, https:\/\/i0.wp.com\/www.rdpemancipation.org\/wp-content\/uploads\/2021\/02\/image-46.png?resize=768%2C576&amp;ssl=1 768w\" sizes=\"auto, (max-width: 800px) 100vw, 800px\" \/><\/figure>\n\n\n\n<p><a href=\"https:\/\/www.mediapart.fr\/journal\/culture-idees\/140221\/le-roman-mauritanien-de-la-nostalgie-nomade?utm_source=20210214&amp;utm_medium=email&amp;utm_campaign=QUOTIDIENNE&amp;utm_content=&amp;utm_term=&amp;xtor=EREC-83-[QUOTIDIENNE]-20210214&amp;M_BT=1193768211483\">Litt\u00e9rature&nbsp;: Le roman mauritanien de la nostalgie nomade<\/a> (M\u00e9diapart)<\/p>\n\n\n\n<p>\u200b<a href=\"https:\/\/blogs.mediapart.fr\/nicolas-sene\/blog\/140221\/la-liberte-detre-libre\">Archives&nbsp;: La libert\u00e9 d&rsquo;\u00eatre libre d\u2019Hanna Arendt<\/a>-Nicolas S\u00e9n\u00e9 (M\u00e9diapart)<\/p>\n\n\n\n<figure class=\"wp-block-image is-resized is-style-default\"><img loading=\"lazy\" decoding=\"async\" src=\"https:\/\/scontent.fhex4-2.fna.fbcdn.net\/v\/t1.0-9\/151325808_1148244388931361_6002660811661173113_o.jpg?_nc_cat=107&amp;ccb=3&amp;_nc_sid=730e14&amp;_nc_ohc=VTvlMV6Zs4UAX-3fw1e&amp;_nc_ht=scontent.fhex4-2.fna&amp;oh=27001aa56d701583579c015957115ee3&amp;oe=60527CCE\" alt=\"Peut \u00eatre un dessin anim\u00e9 de texte\" width=\"326\" height=\"326\"\/><\/figure>\n\n\n\n<p class=\"has-vivid-red-color has-text-color\"><strong>15 f\u00e9vrier<\/strong><\/p>\n\n\n\n<figure class=\"wp-block-image size-large\"><img data-recalc-dims=\"1\" loading=\"lazy\" decoding=\"async\" width=\"944\" height=\"531\" src=\"https:\/\/i0.wp.com\/www.rdpemancipation.org\/wp-content\/uploads\/2021\/02\/image-39.png?resize=944%2C531&#038;ssl=1\" alt=\"\" class=\"wp-image-15912\" srcset=\"https:\/\/i0.wp.com\/www.rdpemancipation.org\/wp-content\/uploads\/2021\/02\/image-39.png?w=944&amp;ssl=1 944w, https:\/\/i0.wp.com\/www.rdpemancipation.org\/wp-content\/uploads\/2021\/02\/image-39.png?resize=300%2C169&amp;ssl=1 300w, https:\/\/i0.wp.com\/www.rdpemancipation.org\/wp-content\/uploads\/2021\/02\/image-39.png?resize=768%2C432&amp;ssl=1 768w\" sizes=\"auto, (max-width: 944px) 100vw, 944px\" \/><\/figure>\n\n\n\n<p>\u200b\u200b<a href=\"https:\/\/www.francetvinfo.fr\/sante\/maladie\/coronavirus\/carnavaleux-heureux-carnavaleux-respectueux-a-dunkerque-on-reinvente-les-festivites-a-cause-de-l-epidemie-de-covid-19_4294123.html#xtor=EPR-2-[newsletterquotidienne]-20210213-[lestitres-coldroite\/titre6]\">\u00ab\u00a0Carnavaleux heureux, carnavaleux respectueux\u00a0\u00bb : \u00e0 Dunkerque, on r\u00e9invente les festivit\u00e9s \u00e0 cause de l&rsquo;\u00e9pid\u00e9mie de Covid-19<\/a> (Franceinfo)<\/p>\n\n\n\n<figure class=\"wp-block-image size-large\"><img data-recalc-dims=\"1\" loading=\"lazy\" decoding=\"async\" width=\"944\" height=\"531\" src=\"https:\/\/i0.wp.com\/www.rdpemancipation.org\/wp-content\/uploads\/2021\/02\/image-38.png?resize=944%2C531&#038;ssl=1\" alt=\"\" class=\"wp-image-15911\" srcset=\"https:\/\/i0.wp.com\/www.rdpemancipation.org\/wp-content\/uploads\/2021\/02\/image-38.png?w=944&amp;ssl=1 944w, https:\/\/i0.wp.com\/www.rdpemancipation.org\/wp-content\/uploads\/2021\/02\/image-38.png?resize=300%2C169&amp;ssl=1 300w, https:\/\/i0.wp.com\/www.rdpemancipation.org\/wp-content\/uploads\/2021\/02\/image-38.png?resize=768%2C432&amp;ssl=1 768w\" sizes=\"auto, (max-width: 944px) 100vw, 944px\" \/><figcaption>Yseult est sacr\u00e9e R\u00e9v\u00e9lation F\u00e9minine (B Gay, AFP)<\/figcaption><\/figure>\n\n\n\n<p>\u200b\u200b<a href=\"https:\/\/www.francetvinfo.fr\/culture\/musique\/victoires-de-la-musique\/videos-sacre-de-pomme-et-de-benjamin-biolay-revendications-pour-le-monde-de-la-culture-ce-qu-il-faut-retenir-des-36e-victoires-de-la-musique_4289945.html\">Sacre de Pomme et de Benjamin Biolay : ce qu&rsquo;il faut retenir des 36e Victoires de la musique<\/a> (Franceinfo)<\/p>\n\n\n\n<figure class=\"wp-block-image size-large\"><img data-recalc-dims=\"1\" loading=\"lazy\" decoding=\"async\" width=\"800\" height=\"600\" src=\"https:\/\/i0.wp.com\/www.rdpemancipation.org\/wp-content\/uploads\/2021\/02\/image-36.png?resize=800%2C600&#038;ssl=1\" alt=\"\" class=\"wp-image-15903\" srcset=\"https:\/\/i0.wp.com\/www.rdpemancipation.org\/wp-content\/uploads\/2021\/02\/image-36.png?w=800&amp;ssl=1 800w, https:\/\/i0.wp.com\/www.rdpemancipation.org\/wp-content\/uploads\/2021\/02\/image-36.png?resize=300%2C225&amp;ssl=1 300w, https:\/\/i0.wp.com\/www.rdpemancipation.org\/wp-content\/uploads\/2021\/02\/image-36.png?resize=768%2C576&amp;ssl=1 768w\" sizes=\"auto, (max-width: 800px) 100vw, 800px\" \/><figcaption>S\u00e9rie TV: chaque jeudi sur la chaine  5<\/figcaption><\/figure>\n\n\n\n<p>\u200b<a href=\"https:\/\/www.liberation.fr\/culture\/series\/en-therapie-les-scenaristes-a-la-recherche-du-juste-psy-20210213_GGDM7TZOIFD23H4GD7WWAFQAFA\/\">S\u00e9rie TV \u00abEn th\u00e9rapie\u00bb&nbsp;: les sc\u00e9naristes \u00e0 la recherche du juste psy<\/a> (Lib\u00e9ration)<\/p>\n\n\n\n<p><a href=\"https:\/\/www.liberation.fr\/culture\/cinema\/dvd-george-a-romero-y-a-pas-que-les-zombies-dans-la-vie-20210205_7LBHEIIEXZF63F22364CUAB62I\/?xtor=EREC-31-%5BLib%C3%A9culture_samedi__2021-02-12%5D-&amp;actId=ebwp0YMB8s1_OGEGSsDRkNUcvuQDVN7a57ET3fWtrS_9o2H3YnSh-tlErCsS7SWS&amp;actCampaignType=CAMPAIGN_MAIL&amp;actSource=507390\">DVD&nbsp;: George A.&nbsp;Romero, y a pas que les zombies dans la vie<\/a> (Lib\u00e9ration)<\/p>\n\n\n\n<p class=\"has-vivid-red-color has-text-color\"><strong>14 f\u00e9vrier<\/strong><\/p>\n\n\n\n<p><a href=\"https:\/\/blogs.mediapart.fr\/geographies-en-mouvement\/blog\/120221\/quand-les-femmes-decouvraient-le-monde?utm_source=20210212&amp;utm_medium=email&amp;utm_campaign=QUOTIDIENNE&amp;utm_content=&amp;utm_term=&amp;xtor=EREC-83-[QUOTIDIENNE]-20210212&amp;M_BT=1193768211483\">Quand les femmes d\u00e9couvraient le monde<\/a> (G\u00e9ographies en mouvement)<\/p>\n\n\n\n<p><a href=\"https:\/\/blogs.mediapart.fr\/demain-est-si-loin\/blog\/080221\/demain-est-si-loin-un-film-documentaire-en-partenariat-avec-mediapart?utm_source=20210212&amp;utm_medium=email&amp;utm_campaign=QUOTIDIENNE&amp;utm_content=&amp;utm_term=&amp;xtor=EREC-83-[QUOTIDIENNE]-20210212&amp;M_BT=1193768211483\">Demain est si loin, un film documentaire en partenariat avec Mediapart<\/a>(blog)<\/p>\n\n\n\n<p><a href=\"https:\/\/www.liberation.fr\/culture\/arts\/une-histoire-universelle-des-ruines-vestiges-de-lamour-20210208_74LGA5CRJVFALA57NBAUQQJ2VI\/?xtor=EREC-31-%5BLib%C3%A9culture_samedi__2021-02-12%5D-&amp;actId=ebwp0YMB8s1_OGEGSsDRkNUcvuQDVN7a57ET3fWtrS_9o2H3YnSh-tlErCsS7SWS&amp;actCampaignType=CAMPAIGN_MAIL&amp;actSource=507390\">Critique&nbsp;: \u00abUne histoire universelle des ruines\u00bb, vestiges de l\u2019amour<\/a> (Lib\u00e9ration)<\/p>\n\n\n\n<figure class=\"wp-block-image size-large\"><img data-recalc-dims=\"1\" loading=\"lazy\" decoding=\"async\" width=\"800\" height=\"450\" src=\"https:\/\/i0.wp.com\/www.rdpemancipation.org\/wp-content\/uploads\/2021\/02\/image-37.png?resize=800%2C450&#038;ssl=1\" alt=\"\" class=\"wp-image-15904\" srcset=\"https:\/\/i0.wp.com\/www.rdpemancipation.org\/wp-content\/uploads\/2021\/02\/image-37.png?w=800&amp;ssl=1 800w, https:\/\/i0.wp.com\/www.rdpemancipation.org\/wp-content\/uploads\/2021\/02\/image-37.png?resize=300%2C169&amp;ssl=1 300w, https:\/\/i0.wp.com\/www.rdpemancipation.org\/wp-content\/uploads\/2021\/02\/image-37.png?resize=768%2C432&amp;ssl=1 768w\" sizes=\"auto, (max-width: 800px) 100vw, 800px\" \/><\/figure>\n\n\n\n<p><a href=\"https:\/\/www.liberation.fr\/culture\/musique\/phoebe-bridgers-jentends-plus-la-guitare-20210209_WMBSRWEMKJEODISXVMKE4JIXMU\/?xtor=EREC-31-%5BLib%C3%A9culture_samedi__2021-02-12%5D-&amp;actId=ebwp0YMB8s1_OGEGSsDRkNUcvuQDVN7a57ET3fWtrS_9o2H3YnSh-tlErCsS7SWS&amp;actCampaignType=CAMPAIGN_MAIL&amp;actSource=507390\">Phoebe Bridgers, j\u2019entends plus la guitare qu\u2019elle casse en fin de concert<\/a> (Lib\u00e9ration<\/p>\n\n\n\n<p>\u200b<a href=\"https:\/\/www.liberation.fr\/culture\/musique\/black-country-new-road-sortie-de-classe-20210209_4H5KPWUSDBE43PMEH2OSMPTUH4\/\">Jeunes Rock anglais&nbsp;: Black Country, New Road : sortie de classe<\/a><\/p>\n\n\n\n<p class=\"has-vivid-red-color has-text-color\"><strong>13 f\u00e9vrier\u200b\u200b<\/strong><\/p>\n\n\n\n<p>\u200b\u200b\u200b<a href=\"https:\/\/www.franceinter.fr\/l-historien-pap-ndiaye-choisi-pour-diriger-le-musee-de-l-histoire-de-l-immigration#xtor=EPR-5-[Meilleur11022021]\">L&rsquo;historien Pap Ndiaye \u00e0 la t\u00eate de l&rsquo;instance qui g\u00e8re le Mus\u00e9e de l&rsquo;histoire de l&rsquo;immigration<\/a> (FranceInter)<\/p>\n\n\n\n<p><a href=\"https:\/\/www.mediapart.fr\/journal\/culture-idees\/110221\/joy-sorman-l-ecoute-de-la-folie?utm_source=20210211&amp;utm_medium=email&amp;utm_campaign=QUOTIDIENNE&amp;utm_content=&amp;utm_term=&amp;xtor=EREC-83-[QUOTIDIENNE]-20210211&amp;M_BT=1193768211483\">Livre&nbsp;: Joy Sorman \u00e0 l\u2019\u00e9coute de la folie<\/a> (M\u00e9diapart)<\/p>\n\n\n\n<p><a href=\"https:\/\/www.monde-diplomatique.fr\/2021\/02\/PIEILLER\/62754\">Bistrots, balcons, barricades<\/a> (Evelyne Pieiller, diplo livres)<\/p>\n\n\n\n<figure class=\"wp-block-image is-resized is-style-default\"><img loading=\"lazy\" decoding=\"async\" src=\"https:\/\/scontent.fsti4-2.fna.fbcdn.net\/v\/t1.0-9\/149368240_1146370799118720_585396747199024078_n.png?_nc_cat=104&amp;ccb=3&amp;_nc_sid=730e14&amp;_nc_ohc=EDDRbicp24wAX_udl-g&amp;_nc_ht=scontent.fsti4-2.fna&amp;oh=c0e5747bdb4e9934c22f8028bd6b7c15&amp;oe=604E2B13\" alt=\"Peut \u00eatre une image de plein air\" width=\"352\" height=\"473\"\/><\/figure>\n\n\n\n<p class=\"has-vivid-red-color has-text-color\"><strong>12 f\u00e9vrier\u200b\u200b<\/strong><\/p>\n\n\n\n<p>\u200b<a href=\"https:\/\/www.liberation.fr\/culture\/musique\/ghedalia-tazartes-une-voix-sen-va-20210210_XS3LN7KPZBGWPM2FTXSZL4S4YU\/?xtor=EREC-31-%5BNL_Culture__2021-02-10%5D-&amp;actId=ebwp0YMB8s1_OGEGSsDRkNUcvuQDVN7a57ET3fWtrS_9o2H3YnSh-tlErCsS7SWS&amp;actCampaignType=CAMPAIGN_MAIL&amp;actSource=507332\">Disparition&nbsp;: Gh\u00e9dalia Tazart\u00e8s, une voix s\u2019en va<\/a><\/p>\n\n\n\n<p><a href=\"https:\/\/www.franceinter.fr\/emissions\/si-l-amerique-m-etait-contee\/si-l-amerique-m-etait-contee-22-aout-2020?xtor=EPR-7&amp;actId=ebwp0YMB8s0XXev-swTWi6FWgZQt9biALyr5FYI13OqHU8b5N-PEJQr_g_XETQRH&amp;actCampaignType=CAMPAIGN_MAIL&amp;actSource=638609#xtor=7-[cult25112019]\">Ecouter&nbsp;: Walt Disney : Comment la souris a accouch\u00e9 d\u2019un empire ?<\/a> (FranceInter)<\/p>\n\n\n\n<p><a href=\"https:\/\/www.franceinter.fr\/culture\/10-bd-a-lire-apres-angouleme?xtor=EPR-7&amp;actId=ebwp0YMB8s0XXev-swTWi6FWgZQt9biALyr5FYI13OqHU8b5N-PEJQr_g_XETQRH&amp;actCampaignType=CAMPAIGN_MAIL&amp;actSource=638609\">Quelles bandes dessin\u00e9es lire apr\u00e8s Angoul\u00eame ?<\/a> (FranceInter)<\/p>\n\n\n\n<p><a href=\"https:\/\/www.liberation.fr\/idees-et-debats\/charles-pepin-lenfer-ce-nest-pas-les-autres-20210211_675SFFFYD5HUNNFXCBMK2EGOEI\/?xtor=EREC-26-%5BNL_abo_soir_2021-02-11%5D-&amp;actId=ebwp0YMB8s1_OGEGSsDRkNUcvuQDVN7a57ET3fWtrS_9o2H3YnSh-tlErCsS7SWS&amp;actCampaignType=CAMPAIGN_MAIL&amp;actSource=507367\">Philo&nbsp;: Charles P\u00e9pin&nbsp;: l\u2019enfer, ce n\u2019est pas les autres<\/a> (Lib\u00e9ration)<\/p>\n\n\n\n<p><a href=\"https:\/\/www.franceinter.fr\/emissions\/tubes-n-co\/tubes-n-co-12-fevrier-2021#xtor=EPR-5-[Meilleur12022021]\">Tube musical: \u00ab\u00a0Helwa ya Baladi\u00a0\u00bb : Dalida et la g\u00e9opolitique<\/a> (FranceInter)<\/p>\n\n\n\n<figure class=\"wp-block-image size-large\"><img data-recalc-dims=\"1\" loading=\"lazy\" decoding=\"async\" width=\"800\" height=\"952\" src=\"https:\/\/i0.wp.com\/www.rdpemancipation.org\/wp-content\/uploads\/2021\/02\/image-29.png?resize=800%2C952&#038;ssl=1\" alt=\"\" class=\"wp-image-15671\" srcset=\"https:\/\/i0.wp.com\/www.rdpemancipation.org\/wp-content\/uploads\/2021\/02\/image-29.png?w=800&amp;ssl=1 800w, https:\/\/i0.wp.com\/www.rdpemancipation.org\/wp-content\/uploads\/2021\/02\/image-29.png?resize=252%2C300&amp;ssl=1 252w, https:\/\/i0.wp.com\/www.rdpemancipation.org\/wp-content\/uploads\/2021\/02\/image-29.png?resize=768%2C914&amp;ssl=1 768w\" sizes=\"auto, (max-width: 800px) 100vw, 800px\" \/><figcaption>Le pianiste am\u00e9ricain Chick Corea \u00e0 Londres en 1978 (Getty Images)<\/figcaption><\/figure>\n\n\n\n<p><a href=\"https:\/\/www.liberation.fr\/culture\/musique\/le-pianiste-chick-corea-legende-du-jazz-est-mort-20210212_VZDTCCSBAZEJ3LNJLBH2AYTS6A\/\">Le pianiste Chick Corea, l\u00e9gende du jazz, est mort <\/a>(Lib\u00e9ration)<\/p>\n\n\n\n<p class=\"has-vivid-red-color has-text-color\"><strong>11 f\u00e9vrier\u200b\u200b <\/strong><\/p>\n\n\n\n<p><a href=\"https:\/\/www.monde-diplomatique.fr\/2009\/05\/LEPAGE\/17113\">De l&rsquo;\u00e9ducation populaire \u00e0 la domestication par la \u00ab\u00a0culture\u00a0\u00bb<\/a> (Monde diplomatique)<\/p>\n\n\n\n<p><a href=\"https:\/\/lundi.am\/L-E-F-E-U\">L E . F E U<\/a> (Lundimatin)<\/p>\n\n\n\n<p><a href=\"https:\/\/www.en-attendant-nadeau.fr\/2021\/02\/10\/segalen-perdant-magnifique\/\">Segalen, le perdant magnifique<\/a>(En attendant Nadeau)<\/p>\n\n\n\n<p>\u200b\u200b\u200b<a href=\"https:\/\/www.liberation.fr\/culture\/musique\/lous-and-the-yakusa-soleil-levant-20210210_GMJL2CMMSBB3BEAXB7C572BX2M\/\">Musique&nbsp;: Lous and the Yakuza, soleil levant<\/a><\/p>\n\n\n\n<p><a href=\"https:\/\/www.en-attendant-nadeau.fr\/2021\/02\/10\/trouees-ciel-prudhomme\/\">Les Orages, Trou\u00e9es dans le ciel<\/a> (En attendant Nadeau)<\/p>\n\n\n\n<p><a href=\"https:\/\/www.francetvinfo.fr\/culture\/livres\/culture-la-folle-histoire-du-livre-de-poche_4288841.html#xtor=EPR-2-[newsletterquotidienne]-20210210-[lesimages\/image4]\">Edition : la folle histoire du livre de poche<\/a> (Francetvinfo)<\/p>\n\n\n\n<p>\u200b\u200b<a href=\"https:\/\/www.liberation.fr\/culture\/cinema\/cinema-au-soudan-les-petits-pas-dans-lecran-20210205_VP233QOKP5CDPE2ZAJEEAOS6YQ\/?xtor=EREC-31-%5BNL_Culture__2021-02-08%5D-&amp;actId=ebwp0YMB8s1_OGEGSsDRkNUcvuQDVN7a57ET3fWtrS_9o2H3YnSh-tlErCsS7SWS&amp;actCampaignType=CAMPAIGN_MAIL&amp;actSource=507289\">Cin\u00e9ma&nbsp;: au Soudan, les petits pas dans l\u2019\u00e9cran<\/a> (Lib\u00e9ration)<\/p>\n\n\n\n<p><a href=\"https:\/\/www.liberation.fr\/culture\/cinema\/sur-le-tournage-de-je-voudrais-vous-parler-de-duras-entre-prises-et-emprise-20210209_WA22NPOCMVEGZFAXJ3ZVXJZUBE\/?xtor=EREC-26-%5BNL_abo_soir_2021-02-09%5D-&amp;actId=ebwp0YMB8s1_OGEGSsDRkNUcvuQDVN7a57ET3fWtrS_9o2H3YnSh-tlErCsS7SWS&amp;actCampaignType=CAMPAIGN_MAIL&amp;actSource=507305\">Sur le tournage de \u00abJe voudrais vous parler de Duras\u00bb, entre prises et emprise<\/a> (Lib\u00e9ration)<\/p>\n\n\n\n<p>\u200b\u200b<a href=\"https:\/\/www.liberation.fr\/culture\/mort-de-jean-claude-carriere-conteur-de-mille-et-une-vies-20210209_OYVAGXCZLBCPLLBNTJM4XTUTQM\/?xtor=EREC-31-%5BNL_Culture__2021-02-09%5D-&amp;actId=ebwp0YMB8s1_OGEGSsDRkNUcvuQDVN7a57ET3fWtrS_9o2H3YnSh-tlErCsS7SWS&amp;actCampaignType=CAMPAIGN_MAIL&amp;actSource=507303\">Jean-Claude Carri\u00e8re, conteur de mille et une vies<\/a> (Lib\u00e9ration)<\/p>\n\n\n\n<p><a href=\"https:\/\/www.franceinter.fr\/emissions\/very-good-trip\/very-good-trip-08-fevrier-2021#xtor=EPR-5-[Meilleur09022021]\">Musique&nbsp;: De James Brown \u00e0 Aretha Frankin, les chefs-d\u2019\u0153uvre du live<\/a> (FranceInter)<\/p>\n\n\n\n<p><a href=\"https:\/\/www.franceinter.fr\/emissions\/l-invite-de-7h50\/l-invite-de-7h50-09-fevrier-2021#xtor=EPR-5-[Meilleur09022021]\">Florence Aubenas : \u00ab\u00a0Les faits divers c\u2019est comme l\u2019alcool, on en lit un, deux et on n&rsquo;arrive plus \u00e0 en sortir\u00a0\u00bb<\/a> (FranceInter)<\/p>\n\n\n\n<p><strong><span class=\"has-inline-color has-vivid-red-color\">10 f\u00e9vrier en continu<\/span><\/strong><\/p>\n\n\n\n<p>\u200b<a href=\"https:\/\/www.liberation.fr\/culture\/musique\/lala-ce-la-la-langue-20210207_54CSVHQDGZHNLIUWND34J7XWPY\/?xtor=EREC-26-%5BNL_abo_soir_2021-02-07%5D-&amp;actId=ebwp0YMB8s1_OGEGSsDRkNUcvuQDVN7a57ET3fWtrS_9o2H3YnSh-tlErCsS7SWS&amp;actCampaignType=CAMPAIGN_MAIL&amp;actSource=507258\">Rap&nbsp;: Lala &amp;ce, la la langue<\/a> (Lib\u00e9ration)<\/p>\n\n\n\n<p><a href=\"https:\/\/www.liberation.fr\/culture\/fabien-nury-une-histoire-de-la-violence-20210207_M7MLGL6MYRANRM4B53FGAFPGFM\/?xtor=EREC-26-%5BNL_abo_soir_2021-02-07%5D-&amp;actId=ebwp0YMB8s1_OGEGSsDRkNUcvuQDVN7a57ET3fWtrS_9o2H3YnSh-tlErCsS7SWS&amp;actCampaignType=CAMPAIGN_MAIL&amp;actSource=507258\">Le Portrait&nbsp;: Fabien Nury, une histoire de la violence<\/a> (Lib\u00e9ration)<\/p>\n\n\n\n<p><a href=\"https:\/\/www.franceinter.fr\/emissions\/le-masque-et-la-plume\/le-masque-et-la-plume-07-fevrier-2021#xtor=EPR-5-[Meilleur08022021]\">Le masque et la plume: Les deux laur\u00e9ats du 31e Prix des auditeurs : Emmanuel Mouret et Thomas Vinterberg<\/a> (FranceInter)<\/p>\n\n\n\n<p><a href=\"https:\/\/www.franceinter.fr\/7-000-langues-sont-parlees-dans-le-monde-mais-25-disparaissent-chaque-annee#xtor=EPR-5-[Meilleur08022021]\">7&nbsp;000 langues sont parl\u00e9es dans le monde mais 25 disparaissent chaque ann\u00e9e<\/a> (FranceInter)<\/p>\n\n\n\n<p><strong><span class=\"has-inline-color has-vivid-red-color\">9 f\u00e9vrier en continu<\/span><\/strong><\/p>\n\n\n\n<p><a href=\"https:\/\/lanticapitaliste.org\/actualite\/culture\/rouen-un-collectif-cultures-en-colere-se-met-en-place\">A Rouen, un collectif \u00ab CultureS en col\u00e8re \u00bb se met en place<\/a> (NPA 76)<\/p>\n\n\n\n<p><a href=\"https:\/\/theconversation.com\/i-analyzed-all-of-trumps-tweets-to-find-out-what-he-was-really-saying-154532\">Stylistique des tweets de Trump<\/a> (en anglais -The Conversation)<\/p>\n\n\n\n<p><a href=\"https:\/\/www.boursorama.com\/boursoramag\/actualites\/promenade-parisienne-a-la-decouverte-de-l-art-nouveau-3dabdd7ba8eb44644a67b60c0de79af0\">Promenade parisienne \u00e0 la d\u00e9couverte de l&rsquo;Art Nouveau<\/a> (Boursoramag)<\/p>\n\n\n\n<p><a href=\"https:\/\/actualitte.com\/article\/98752\/rencontres-dedicaces\/culture-concepts-americains-realites-francaises\">Culture : concepts am\u00e9ricains, r\u00e9alit\u00e9s fran\u00e7aises ?<\/a> (ActuaLitt\u00e9)<\/p>\n\n\n\n<p><a href=\"https:\/\/usbeketrica.com\/fr\/et-si-la-science-avait-toujours-fait-fausse-route\">Et si la science avait toujours fait fausse route\u202f?<\/a> (usbeketrica)<\/p>\n\n\n\n<p><a href=\"https:\/\/www.boursorama.com\/boursoramag\/actualites\/promenade-parisienne-a-la-decouverte-de-l-art-nouveau-3dabdd7ba8eb44644a67b60c0de79af0\">Promenade parisienne \u00e0 la d\u00e9couverte de l&rsquo;Art Nouveau<\/a> (Boursoramag)<\/p>\n\n\n\n<figure class=\"wp-block-image size-large is-resized is-style-default\"><img data-recalc-dims=\"1\" loading=\"lazy\" decoding=\"async\" src=\"https:\/\/i0.wp.com\/www.rdpemancipation.org\/wp-content\/uploads\/2021\/02\/image-18.png?resize=387%2C230&#038;ssl=1\" alt=\"\" class=\"wp-image-15275\" width=\"387\" height=\"230\"\/><\/figure>\n\n\n\n<p><a href=\"https:\/\/www.francetvinfo.fr\/culture\/livres\/l-ecrivain-jean-claude-carriere-auteur-du-retour-de-martin-guerre-et-scenariste-de-borsalino-et-belle-de-jour-est-mort_4289553.html\">L&rsquo;auteur Jean-Claude Carri\u00e8re, sc\u00e9nariste du \u00ab\u00a0Retour de Martin Guerre\u00a0\u00bb, \u00ab\u00a0Borsalino\u00a0\u00bb et \u00ab\u00a0Belle de Jour\u00a0\u00bb, est mort<\/a> (FrancInfo)<\/p>\n\n\n\n<p><strong><span class=\"has-inline-color has-vivid-red-color\">8 f\u00e9vrier <\/span><\/strong><\/p>\n\n\n\n<p><a href=\"https:\/\/siecledigital.fr\/2021\/02\/05\/netflix-golden-globe-awards-42-nominations\/?utm_source=Newsletter+Si%C3%A8cle+Digital&amp;utm_campaign=d9f93466c1-newsletter_hebdomadaire&amp;utm_medium=email&amp;utm_term=0_3b73bad11a-d9f93466c1-259546209\">Netflix domine les Golden Globe Awards avec 42 nominations<\/a> (Si\u00e8cle digital)<\/p>\n\n\n\n<p><span class=\"has-inline-color has-vivid-red-color\"><strong>7 f\u00e9vrier <\/strong><\/span><\/p>\n\n\n\n<p><a href=\"https:\/\/blogs.mediapart.fr\/jean-marc-b\/blog\/070221\/marx-humouristique\">Marx humouristique <\/a>-vid\u00e9o<\/p>\n\n\n\n<p><a href=\"https:\/\/lanticapitaliste.org\/opinions\/culture\/48e-festival-de-bd-dangouleme-les-scenaristes-et-dessinateurs-continuent-la-lutte\">48e festival de BD d\u2019Angoul\u00eame : les sc\u00e9naristes et dessinateurs continuent la lutte\u2009!<\/a> (L\u2019Anticapitaliste)<\/p>\n\n\n\n<figure class=\"wp-block-image size-large is-resized\"><img data-recalc-dims=\"1\" loading=\"lazy\" decoding=\"async\" src=\"https:\/\/i0.wp.com\/www.rdpemancipation.org\/wp-content\/uploads\/2021\/02\/image-16.png?resize=507%2C337&#038;ssl=1\" alt=\"\" class=\"wp-image-14926\" width=\"507\" height=\"337\" srcset=\"https:\/\/i0.wp.com\/www.rdpemancipation.org\/wp-content\/uploads\/2021\/02\/image-16.png?w=930&amp;ssl=1 930w, https:\/\/i0.wp.com\/www.rdpemancipation.org\/wp-content\/uploads\/2021\/02\/image-16.png?resize=300%2C200&amp;ssl=1 300w, https:\/\/i0.wp.com\/www.rdpemancipation.org\/wp-content\/uploads\/2021\/02\/image-16.png?resize=768%2C512&amp;ssl=1 768w\" sizes=\"auto, (max-width: 507px) 100vw, 507px\" \/><figcaption>oeuvre de Jason Decaires Taylor<\/figcaption><\/figure>\n\n\n\n<p><a href=\"https:\/\/france3-regions.francetvinfo.fr\/provence-alpes-cote-d-azur\/alpes-maritimes\/cannes\/le-premier-musee-immerge-de-france-est-a-cannes-avec-6-statues-du-sculpteur-britannique-jason-decaires-taylor-1931089.html#xtor=EPR-521-[france3regions]-20210205-[lespluslus]&amp;pid=726375-1586509211-9facd8a7\">VIDEO. D\u00e9couvrez au large de Cannes les statues immerg\u00e9es du sculpteur britannique Jason deCaires Taylor<\/a> (France3)<\/p>\n\n\n\n<p><a href=\"https:\/\/www.franceinter.fr\/culture\/mes-consultations-sont-moins-dramatiques-on-a-demande-a-5-psy-ce-qu-ils-ont-pense-de-en-therapie#xtor=EPR-5-[Meilleur05022021]\">TV&nbsp;: \u00ab\u00a0Mes consultations sont moins dramatiques\u00a0\u00bb&nbsp;: on a demand\u00e9 \u00e0 5 psy ce qu&rsquo;ils ont pens\u00e9 de \u00ab\u00a0en th\u00e9rapie\u00a0\u00bb<\/a><\/p>\n\n\n\n<p>\u200b<a href=\"https:\/\/www.franceinter.fr\/livres\/les-recommandations-mangas-d-eric-et-quentin?xtor=EPR-7&amp;actId=ebwp0YMB8s0XXev-swTWi6FWgZQt9biALyr5FYI13OqHU8b5N-PEJQr_g_XETQRH&amp;actCampaignType=CAMPAIGN_MAIL&amp;actSource=636831\">Des id\u00e9es de mangas pour toute la famille, par Eric et Quentin<\/a><\/p>\n\n\n\n<p><a href=\"https:\/\/www.franceinter.fr\/emissions\/remede-a-la-melancolie\/remede-a-la-melancolie-03-juillet-2020?xtor=EPR-7&amp;actId=ebwp0YMB8s0XXev-swTWi6FWgZQt9biALyr5FYI13OqHU8b5N-PEJQr_g_XETQRH&amp;actCampaignType=CAMPAIGN_MAIL&amp;actSource=636831#xtor=7-[cult25112019]\">Dany Laferri\u00e8re : \u00ab\u00a0J&rsquo;ai la m\u00e9lancolie plut\u00f4t chic\u00a0\u00bb<\/a> (FranceInter)<\/p>\n\n\n\n<p><a href=\"https:\/\/www.franceinter.fr\/livre\/le-prix-du-livre-inter-une-histoire-de-passion?xtor=EPR-7&amp;actId=ebwp0YMB8s0XXev-swTWi6FWgZQt9biALyr5FYI13OqHU8b5N-PEJQr_g_XETQRH&amp;actCampaignType=CAMPAIGN_MAIL&amp;actSource=636831\">Le Prix du Livre Inter : une histoire de passion<\/a> (FranceInter)<\/p>\n\n\n\n<p><a href=\"https:\/\/www.liberation.fr\/culture\/musique\/arlo-parks-soleil-trompeur-20210204_7ALKSUOU5RF37JKILG66VF6FLQ\/?xtor=EREC-31-%5BLib%C3%A9culture_samedi__2021-02-05%5D-&amp;actId=ebwp0YMB8s1_OGEGSsDRkNUcvuQDVN7a57ET3fWtrS_9o2H3YnSh-tlErCsS7SWS&amp;actCampaignType=CAMPAIGN_MAIL&amp;actSource=507239\">Critique&nbsp;musicale: Arlo Parks, soleil trompeur<\/a> (Lib\u00e9ration)<\/p>\n\n\n\n<p><a href=\"http:\/\/liberation.fr\/livres\/2021\/01\/29\/j-aime-ecrire-sur-la-capacite-a-faire-le-mal-entretien-avec-dolores-redondo_1818836\/?xtor=EREC-31-%5BLib%C3%A9culture_samedi__2021-02-05%5D-&amp;actId=ebwp0YMB8s1_OGEGSsDRkNUcvuQDVN7a57ET3fWtrS_9o2H3YnSh-tlErCsS7SWS&amp;actCampaignType=CAMPAIGN_MAIL&amp;actSource=507239\">Dolores Redondo&nbsp;: \u00abJ\u2019aime \u00e9crire sur la capacit\u00e9 \u00e0 faire le mal\u00bb<\/a> (Lib\u00e9ration)<\/p>\n\n\n\n<p><a href=\"https:\/\/www.mediapart.fr\/journal\/culture-idees\/050221\/un-ouvrage-detox-face-aux-infox?utm_source=20210205&amp;utm_medium=email&amp;utm_campaign=QUOTIDIENNE&amp;utm_content=&amp;utm_term=&amp;xtor=EREC-83-[QUOTIDIENNE]-20210205&amp;M_BT=1193768211483\">Livre&nbsp;: Un ouvrage d\u00e9tox face aux infox<\/a> (M\u00e9diapart)<\/p>\n\n\n\n<p><span class=\"has-inline-color has-vivid-red-color\"><strong>6 f\u00e9vrier <\/strong><\/span><\/p>\n\n\n\n<p><a href=\"https:\/\/www.liberation.fr\/culture\/musique\/iliona-bonjour-tristesse-20210205_F4CFBYRALFHCNO6N4CAWYQIPMA\/?xtor=EREC-25-%5BNL_samedi_matin_2021-02-06%5D-&amp;actId=ebwp0YMB8s1_OGEGSsDRkNUcvuQDVN7a57ET3fWtrS_9o2H3YnSh-tlErCsS7SWS&amp;actCampaignType=CAMPAIGN_MAIL&amp;actSource=507254\">Iliona, Feu! Chatterton, L&#8230; La playlist du cahier musique de \u00abLib\u00e9ration\u00bb<\/a><\/p>\n\n\n\n<p><a href=\"https:\/\/www.liberation.fr\/culture\/livres\/lheure-du-laitier-la-rumeur-selon-anna-burns-20210205_SKORPYX64NF3BL4CGZFRHYLYMQ\/?xtor=EREC-25-%5BNL_samedi_matin_2021-02-06%5D-&amp;actId=ebwp0YMB8s1_OGEGSsDRkNUcvuQDVN7a57ET3fWtrS_9o2H3YnSh-tlErCsS7SWS&amp;actCampaignType=CAMPAIGN_MAIL&amp;actSource=507254\">Livre&nbsp;: L\u2019heure du laitier, la rumeur selon Anna Burns<\/a> (Lib\u00e9ration)<\/p>\n\n\n\n<p>\u200b<a href=\"https:\/\/www.liberation.fr\/culture\/a-toulouse-la-politique-de-la-friche-brulee-20210202_SM4TWVF6GFBCLOBW5OYR6M6USE\/?xtor=EREC-31-%5BNL_Culture__2021-02-03%5D-&amp;actId=ebwp0YMB8s1_OGEGSsDRkNUcvuQDVN7a57ET3fWtrS_9o2H3YnSh-tlErCsS7SWS&amp;actCampaignType=CAMPAIGN_MAIL&amp;actSource=507191\">Tiers lieux&nbsp;: A Toulouse, la politique de&nbsp;la friche br\u00fbl\u00e9e<\/a> (Lib\u00e9ration)<\/p>\n\n\n\n<p><strong><span class=\"has-inline-color has-vivid-red-color\">5 f\u00e9vrier <\/span><\/strong><\/p>\n\n\n\n<p><a href=\"https:\/\/www.liberation.fr\/musique\/2021\/01\/31\/la-poudre-de-berlin-pimpant-d-albertine-sarges_1818908\/?xtor=EREC-31-%5BNL_Culture__2021-02-03%5D-&amp;actId=ebwp0YMB8s1_OGEGSsDRkNUcvuQDVN7a57ET3fWtrS_9o2H3YnSh-tlErCsS7SWS&amp;actCampaignType=CAMPAIGN_MAIL&amp;actSource=507191\">Musique&nbsp;: La poudre de Berlin pimpant d\u2019Albertine Sarges<\/a> (Libe-culture)<\/p>\n\n\n\n<p><a href=\"https:\/\/www.liberation.fr\/culture\/dino-saluzzi-enfant-de-solo-20210203_JUFRKT2DFVHLHK7ASDJQIKUR7M\/?xtor=EREC-31-%5BNL_Culture__2021-02-04%5D-&amp;actId=ebwp0YMB8s1_OGEGSsDRkNUcvuQDVN7a57ET3fWtrS_9o2H3YnSh-tlErCsS7SWS&amp;actCampaignType=CAMPAIGN_MAIL&amp;actSource=507206\">Dino Saluzzi&nbsp;: le bandon\u00e9oniste argentin revient avec \u00abAlbores\u00bb, longue \u00e9pure po\u00e9tique et m\u00e9lancolique.<\/a>(Lib\u00e9ration)<\/p>\n\n\n\n<p><span class=\"has-inline-color has-vivid-red-color\"><strong>4 f\u00e9vrier <\/strong><\/span><\/p>\n\n\n\n<p><a href=\"https:\/\/www.liberation.fr\/culture\/livres\/romanciers-du-reel-20210204_SQBNCE4TMJABZP4CA4QJVTD7VE\/?xtor=EREC-31-%5BNL_Culture__2021-02-04%5D-&amp;actId=ebwp0YMB8s1_OGEGSsDRkNUcvuQDVN7a57ET3fWtrS_9o2H3YnSh-tlErCsS7SWS&amp;actCampaignType=CAMPAIGN_MAIL&amp;actSource=507206\">Romanciers du&nbsp;r\u00e9el&nbsp;: Le journalisme litt\u00e9raire par Richard S. Boynton<\/a> (Lib\u00e9ration)<\/p>\n\n\n\n<p><a href=\"https:\/\/www.liberation.fr\/culture\/2021\/01\/29\/au-centre-national-de-la-musique-une-premiere-annee-et-du-pain-sur-la-planche_1818769\/?actSource=507092&amp;actCampaignType=CAMPAIGN_MAIL&amp;actId=ebwp0YMB8s1_OGEGSsDRkNUcvuQDVN7a57ET3fWtrS_9o2H3YnSh-tlErCsS7SWS&amp;xtor=EREC-31-%5BNL_Culture__2021-02-01_1%5D-\">Au Centre national de la musique, une premi\u00e8re ann\u00e9e et du pain sur la planche<\/a> (Lib\u00e9ration)<\/p>\n\n\n\n<p><a href=\"https:\/\/www.liberation.fr\/images\/2021\/01\/29\/photo-ralf-marsault-la-ligne-marginaux_1818809\/?actSource=507092&amp;actCampaignType=CAMPAIGN_MAIL&amp;actId=ebwp0YMB8s1_OGEGSsDRkNUcvuQDVN7a57ET3fWtrS_9o2H3YnSh-tlErCsS7SWS&amp;xtor=EREC-31-%5BNL_Culture__2021-02-01_1%5D-\">Photo&nbsp;: Ralf Marsault, la ligne marginaux<\/a> (Lib\u00e9ration)<\/p>\n\n\n\n<p><strong><span class=\"has-inline-color has-vivid-red-color\">3 f\u00e9vrier <\/span><\/strong><\/p>\n\n\n\n<figure class=\"wp-block-image size-large is-resized\"><img data-recalc-dims=\"1\" loading=\"lazy\" decoding=\"async\" src=\"https:\/\/i0.wp.com\/www.rdpemancipation.org\/wp-content\/uploads\/2021\/02\/image-10.png?resize=406%2C541&#038;ssl=1\" alt=\"\" class=\"wp-image-14492\" width=\"406\" height=\"541\" srcset=\"https:\/\/i0.wp.com\/www.rdpemancipation.org\/wp-content\/uploads\/2021\/02\/image-10.png?resize=768%2C1024&amp;ssl=1 768w, https:\/\/i0.wp.com\/www.rdpemancipation.org\/wp-content\/uploads\/2021\/02\/image-10.png?resize=225%2C300&amp;ssl=1 225w, https:\/\/i0.wp.com\/www.rdpemancipation.org\/wp-content\/uploads\/2021\/02\/image-10.png?w=800&amp;ssl=1 800w\" sizes=\"auto, (max-width: 406px) 100vw, 406px\" \/><figcaption>La chanteuse Lou<\/figcaption><\/figure>\n\n\n\n<p><a href=\"https:\/\/www.liberation.fr\/musique\/2021\/02\/01\/claire-obscure_1818976\/?actSource=507095&amp;actCampaignType=CAMPAIGN_MAIL&amp;actId=ebwp0YMB8s1_OGEGSsDRkNUcvuQDVN7a57ET3fWtrS_9o2H3YnSh-tlErCsS7SWS&amp;xtor=EREC-26-%5BNL_abo_soir_2021-02-01%5D-\">Musique&nbsp;: le portrait&nbsp;: Clou, Claire&nbsp;obscure<\/a> (Lib\u00e9ration)<\/p>\n\n\n\n<p><a href=\"https:\/\/www.liberation.fr\/images\/2021\/01\/29\/photo-ralf-marsault-la-ligne-marginaux_1818809\/?actSource=507092&amp;actCampaignType=CAMPAIGN_MAIL&amp;actId=ebwp0YMB8s1_OGEGSsDRkNUcvuQDVN7a57ET3fWtrS_9o2H3YnSh-tlErCsS7SWS&amp;xtor=EREC-31-%5BNL_Culture__2021-02-01_1%5D-\">Photo&nbsp;: Ralf Marsault, la ligne marginaux<\/a> (Lib\u00e9ration)<\/p>\n\n\n\n<p><a href=\"https:\/\/www.en-attendant-nadeau.fr\/2021\/02\/03\/lisez-ramon-gomez-serna\/\">Si vous n\u2019avez jamais lu Ram\u00f3n G\u00f3mez de la Serna\u2026<\/a> ( En attendant Nadeau)<\/p>\n\n\n\n<p><a href=\"https:\/\/www.en-attendant-nadeau.fr\/2021\/02\/03\/venant-marseille-bels\/\">Venant de Marseille<\/a> (En attendant Nadeau)<\/p>\n\n\n\n<p><strong><span class=\"has-inline-color has-vivid-red-color\">1er f\u00e9vrier <\/span><\/strong><\/p>\n\n\n\n<p><a href=\"https:\/\/usbeketrica.com\/fr\/histoire-d-un-enfant-et-son-chien-a-la-fin-du-monde\">C\u2019est l\u2019histoire d\u2019un enfant et son chien \u00e0 la fin du monde\u2026<\/a> (usbeketrica)<\/p>\n\n\n\n<p><a href=\"https:\/\/sceneweb.fr\/actu-francois-cervantes-au-theatre-comme-a-la-rue\/\">Fran\u00e7ois Cervantes, au th\u00e9\u00e2tre comme \u00e0 la rue<\/a> (Sc\u00e8neweb)<\/p>\n\n\n\n<p><a href=\"https:\/\/lundi.am\/L-evasion-d-un-guerillero\">L\u2019\u00e9vasion d\u2019un gu\u00e9rillero<\/a> (Lundimatin)<\/p>\n\n\n\n<p><a href=\"https:\/\/sceneweb.fr\/itw-simon-abkarian-on-est-toujours-une-jeune-compagnie\/\">Simon Abkarian : \u201cParfois c\u2019est d\u00e9sesp\u00e9rant de faire du th\u00e9\u00e2tre, parfois il y a des miracles\u201d<\/a> (Sceneweb)<\/p>\n\n\n\n<p><a href=\"https:\/\/actualitte.com\/article\/98280\/numerisation\/des-partitions-originales-de-frederic-chopin-dans-gallica\">Des partitions originales de Fr\u00e9d\u00e9ric Chopin dans Gallica<\/a> (Actua Litt\u00e9-Gallica)<\/p>\n\n\n\n<figure class=\"wp-block-image is-resized\"><img data-recalc-dims=\"1\" loading=\"lazy\" decoding=\"async\" src=\"https:\/\/i0.wp.com\/actualitte.com\/uploads\/images\/partitions-musicales-chopin-bnf-gallica-5ffd694db02ee734329371.jpg?resize=558%2C320&#038;ssl=1\" alt=\"ActuaLitt\u00e9\" width=\"558\" height=\"320\"\/><\/figure>\n\n\n\n<p><\/p>\n","protected":false},"excerpt":{"rendered":"<p>Il y a 30 ans, Serge Gainsbourg se \u00ab\u00a0barrait\u00a0\u00bb \u00e0 62 ans d&rsquo;une crise cardiaque (Franceinfo) Golden Globes\u00a0: \u00ab\u00a0Nomadland\u00a0\u00bb et \u00ab\u00a0Borat 2\u00a0\u00bb r\u00e9compens\u00e9s comme meilleurs films, Chadwick Boseman et Rosamund Pike sacr\u00e9s meilleurs acteurs (Franceinfo) Paris : Gibert Jeune, l\u2019enseigne mythique du Quartier latin, va fermer ses portes (Franceinfo) Deux chers disparus\u00a0: Philip Kerr et &#8230; <a title=\"F\u00e9vrier-Cultures\" class=\"read-more\" href=\"https:\/\/www.rdpemancipation.org\/?p=13985\" aria-label=\"En savoir plus sur F\u00e9vrier-Cultures\">Lire la suite<\/a><\/p>\n","protected":false},"author":2,"featured_media":0,"comment_status":"closed","ping_status":"closed","sticky":false,"template":"","format":"standard","meta":{"_lmt_disableupdate":"no","_lmt_disable":"no","_jetpack_memberships_contains_paid_content":false,"footnotes":""},"categories":[25],"tags":[],"class_list":["post-13985","post","type-post","status-publish","format-standard","hentry","category-cultures"],"modified_by":"ddo","jetpack_featured_media_url":"","jetpack_sharing_enabled":true,"_links":{"self":[{"href":"https:\/\/www.rdpemancipation.org\/index.php?rest_route=\/wp\/v2\/posts\/13985","targetHints":{"allow":["GET"]}}],"collection":[{"href":"https:\/\/www.rdpemancipation.org\/index.php?rest_route=\/wp\/v2\/posts"}],"about":[{"href":"https:\/\/www.rdpemancipation.org\/index.php?rest_route=\/wp\/v2\/types\/post"}],"author":[{"embeddable":true,"href":"https:\/\/www.rdpemancipation.org\/index.php?rest_route=\/wp\/v2\/users\/2"}],"replies":[{"embeddable":true,"href":"https:\/\/www.rdpemancipation.org\/index.php?rest_route=%2Fwp%2Fv2%2Fcomments&post=13985"}],"version-history":[{"count":111,"href":"https:\/\/www.rdpemancipation.org\/index.php?rest_route=\/wp\/v2\/posts\/13985\/revisions"}],"predecessor-version":[{"id":18180,"href":"https:\/\/www.rdpemancipation.org\/index.php?rest_route=\/wp\/v2\/posts\/13985\/revisions\/18180"}],"wp:attachment":[{"href":"https:\/\/www.rdpemancipation.org\/index.php?rest_route=%2Fwp%2Fv2%2Fmedia&parent=13985"}],"wp:term":[{"taxonomy":"category","embeddable":true,"href":"https:\/\/www.rdpemancipation.org\/index.php?rest_route=%2Fwp%2Fv2%2Fcategories&post=13985"},{"taxonomy":"post_tag","embeddable":true,"href":"https:\/\/www.rdpemancipation.org\/index.php?rest_route=%2Fwp%2Fv2%2Ftags&post=13985"}],"curies":[{"name":"wp","href":"https:\/\/api.w.org\/{rel}","templated":true}]}}