{"id":13983,"date":"2021-02-01T10:12:37","date_gmt":"2021-02-01T09:12:37","guid":{"rendered":"https:\/\/www.rdpemancipation.org\/?p=13983"},"modified":"2021-02-27T17:36:55","modified_gmt":"2021-02-27T16:36:55","slug":"fevrier-medias","status":"publish","type":"post","link":"https:\/\/www.rdpemancipation.org\/?p=13983","title":{"rendered":"F\u00e9vrier-M\u00e9dias"},"content":{"rendered":"\n<p><strong><span class=\"has-inline-color has-vivid-red-color\">27 F\u00e9vrier en continu<\/span><\/strong><\/p>\n\n\n\n<p><a href=\"https:\/\/www.acrimed.org\/France-Televisions-stigmatisation-a-l-antenne4\">France T\u00e9l\u00e9visions : stigmatisation \u00e0 l\u2019antenne<\/a> (Acrimed)<\/p>\n\n\n\n<p><a href=\"http:\/\/www.librairie-tropiques.fr\/2021\/02\/marechal.les-revoila.html\">Mar\u00e9chal &#8230; les revoil\u00e0 !<\/a> (librairie tropiques)<\/p>\n\n\n\n<figure class=\"wp-block-image is-resized\"><img data-recalc-dims=\"1\" loading=\"lazy\" decoding=\"async\" src=\"https:\/\/i0.wp.com\/image.over-blog.com\/k_ZPCDM_JFVCR-zJ9rSWcDQfhmA%3D\/filters%3Ano_upscale%28%29\/image%2F1440064%2F20210226%2Fob_bbc049_taisons-nous.jpg?resize=406%2C529&#038;ssl=1\" alt=\"\" width=\"406\" height=\"529\"\/><\/figure>\n\n\n\n<p><strong><span class=\"has-inline-color has-vivid-red-color\">26 F\u00e9vrier <\/span><\/strong><\/p>\n\n\n\n<p><a href=\"https:\/\/www.monde-diplomatique.fr\/2021\/03\/HALIMI\/62848\">Un journalisme de guerres culturelles<\/a> (Monde diplomatique)<\/p>\n\n\n\n<p><a href=\"https:\/\/www.acrimed.org\/Une-presse-agricole-dominee-par-les-industriels\">Une presse agricole domin\u00e9e par les industriels et le syndicat majoritaire<\/a> (Acrimed)<\/p>\n\n\n\n<p><a href=\"http:\/\/le-monde-au-futur.com\/systeme_mediatique_pouvoir\/\">La place du syst\u00e8me m\u00e9diatique dans le pouvoir<\/a> (Le monde au futur)<\/p>\n\n\n\n<figure class=\"wp-block-image is-resized\"><img data-recalc-dims=\"1\" loading=\"lazy\" decoding=\"async\" src=\"https:\/\/i0.wp.com\/le-monde-au-futur.com\/wp-content\/uploads\/2021\/01\/M%C3%A9dias-1038x576.png?resize=415%2C229\" alt=\"M\u00e9dias\" width=\"415\" height=\"229\"\/><\/figure>\n\n\n\n<p><strong><span class=\"has-inline-color has-vivid-red-color\">25 F\u00e9vrier <\/span><\/strong><\/p>\n\n\n\n<p><a href=\"https:\/\/theconversation.com\/le-modele-wechat-comment-le-blocage-des-sites-dactualite-par-facebook-pourrait-transformer-leconomie-de-linformation-155663\">Le mod\u00e8le WeChat : le blocage des sites d\u2019actu par FB pourrait transformer l\u2019\u00e9conomie de l\u2019information<\/a> (The Conversation)<\/p>\n\n\n\n<p><a href=\"https:\/\/info.mediapart.fr\/optiext\/optiextension.dll?ID=kOPkRo%2B1Owv9rUQh2FlJJMdKCaedaj0DKqIICVkyh96lx636d_j1Qu97GmDX4D7YrOQHvNKo7yMIUa0D4TpA3bhuEexsj\">Affaire Sol\u00e8re: le contrat suspect d\u2019un journaliste du \u00abParisien\u00bb<\/a> (MDP)<\/p>\n\n\n\n<p><a href=\"https:\/\/www.arretsurimages.net\/articles\/sur-cnews-les-televangelistes-de-bollore\">Sur CNews, les t\u00e9l\u00e9vang\u00e9listes de Bollor\u00e9 <\/a>(Arr\u00eat sur images)<\/p>\n\n\n\n<p><a href=\"https:\/\/www.anti-k.org\/2021\/02\/24\/diners-entre-amis-fortunes\/\">Diners entre amis fortun\u00e9s <\/a>-vid\u00e9o extrait de \u00ab&nbsp;Les Nouveaux Chiens de garde&nbsp;\u00bb<\/p>\n\n\n\n<p><a href=\"https:\/\/www.acrimed.org\/Racisme-s-mediatique-s-racisme-dans-les-medias?fbclid=IwAR1marEOKVGmocxGYIFRZ6QLdRS5tY7BlZV0zTF2f1AB-M87H7ymcUrCxA0\">Racisme(s) m\u00e9diatique(s), racisme dans les m\u00e9dias<\/a> (Acrimed, relire)<\/p>\n\n\n\n<figure class=\"wp-block-image is-style-default\"><img data-recalc-dims=\"1\" decoding=\"async\" src=\"https:\/\/i0.wp.com\/www.acrimed.org\/IMG\/png\/capture_d_ecran_2016-05-16_a_20.42.27.png?w=1200&#038;ssl=1\" alt=\"\"\/><\/figure>\n\n\n\n<p><strong><span class=\"has-inline-color has-vivid-red-color\">24 F\u00e9vrier <\/span><\/strong><\/p>\n\n\n\n<p><a href=\"https:\/\/theconversation.com\/le-modele-wechat-comment-le-blocage-des-sites-dactualite-par-facebook-pourrait-transformer-leconomie-de-linformation-155663\">Le mod\u00e8le WeChat : le blocage des sites d\u2019actu par FB pourrait transformer l\u2019\u00e9conomie de l\u2019information<\/a> (The Conversation)<\/p>\n\n\n\n<p><a href=\"https:\/\/info.mediapart.fr\/optiext\/optiextension.dll?ID=kOPkRo%2B1Owv9rUQh2FlJJMdKCaedaj0DKqIICVkyh96lx636d_j1Qu97GmDX4D7YrOQHvNKo7yMIUa0D4TpA3bhuEexsj\">Affaire Sol\u00e8re: le contrat suspect d\u2019un journaliste du \u00abParisien\u00bb<\/a> (MDP)<\/p>\n\n\n\n<p><a href=\"https:\/\/www.acrimed.org\/Ils-nous-manquent-deja\">Ces \u00ab penseurs \u00bb qui rendent fou<\/a> (Acrimed)<\/p>\n\n\n\n<figure class=\"wp-block-image\"><img data-recalc-dims=\"1\" decoding=\"async\" src=\"https:\/\/i0.wp.com\/www.acrimed.org\/local\/cache-gd2\/55\/8c31efea4c6aafcef42c5a10060b82.jpg?w=1200&#038;ssl=1\" alt=\"Ces \u00ab penseurs \u00bb qui rendent fou\"\/><\/figure>\n\n\n\n<p><strong><span class=\"has-inline-color has-vivid-red-color\">23 F\u00e9vrier<\/span><\/strong><\/p>\n\n\n\n<p><a href=\"https:\/\/www.arte.tv\/fr\/videos\/091148-000-A\/la-fabrique-de-l-ignorance\/?fbclid=IwAR2JQ2kPfReibI9ZBwEyt89SylPNYA64Y0_IJPbqsF0zLyl0QjZBT0562Is\">La fabrique de l&rsquo;ignorance<\/a> (Arte, 23 fev, 20h50)<\/p>\n\n\n\n<p><strong><span class=\"has-inline-color has-vivid-red-color\">22 F\u00e9vrier <\/span><\/strong><\/p>\n\n\n\n<p><a href=\"https:\/\/www.acrimed.org\/Les-Informes-France-Info-le-triomphe-de-la?fbclid=IwAR0um7YSJke45SpK6lOYCzHZJjkeiIEtBaSGD-ihLTGmqb-ntccN0-FWNrY\">[Relire] \u00ab&nbsp; Les Inform\u00e9s \u00bb (France Info) : le triomphe de la communication en huis-clos<\/a> (Acrimed)<\/p>\n\n\n\n<figure class=\"wp-block-image is-resized is-style-default\"><img loading=\"lazy\" decoding=\"async\" src=\"https:\/\/scontent.fhex4-2.fna.fbcdn.net\/v\/t1.0-9\/153132180_1151793581909775_2103694146188173961_n.png?_nc_cat=108&amp;ccb=3&amp;_nc_sid=730e14&amp;_nc_eui2=AeGCicGZmJkuFu0y-xz7ug0cu-VjXOZvC1275WNc5m8LXYoFrW4SqRgYaRdEmiTGnpw&amp;_nc_ohc=KIIIr4JNMSkAX_HfwvO&amp;_nc_ht=scontent.fhex4-2.fna&amp;oh=6dbec88411074893e88b56cd6cba1667&amp;oe=605ACC52\" alt=\"Peut \u00eatre une capture d\u2019\u00e9cran de Twitter de 2 personnes et texte\" width=\"375\" height=\"372\"\/><\/figure>\n\n\n\n<figure class=\"wp-block-embed is-type-video is-provider-youtube wp-block-embed-youtube wp-embed-aspect-4-3 wp-has-aspect-ratio\"><div class=\"wp-block-embed__wrapper\">\n<iframe loading=\"lazy\" title=\"Je vous demande de vous arr\u00eater\" width=\"1200\" height=\"900\" src=\"https:\/\/www.youtube.com\/embed\/V_4CZu4ghMo?feature=oembed\" frameborder=\"0\" allow=\"accelerometer; autoplay; clipboard-write; encrypted-media; gyroscope; picture-in-picture\" allowfullscreen><\/iframe>\n<\/div><\/figure>\n\n\n\n<p><strong><span class=\"has-inline-color has-vivid-red-color\">20 F\u00e9vrier<\/span><\/strong><\/p>\n\n\n\n<p><a href=\"https:\/\/dieses.fr\/politikon-une-chaine-youtube-pour-penser-la-societe?fbclid=IwAR1ckTN8q91tyEvtXM1yLuVVt2DsBmS3IV5JiGrcw-Qfn9kYX7Nnm2POQQw\">Politikon, une chaine youtube pour penser la soci\u00e9t\u00e9<\/a> (Dieses)<\/p>\n\n\n\n<p><strong><span class=\"has-inline-color has-vivid-red-color\">19 F\u00e9vrier <\/span><\/strong><\/p>\n\n\n\n<p><a href=\"https:\/\/www.acrimed.org\/Reworld-contre-Science-et-Vie-entretien-avec\">Reworld contre Science et Vie : entretien avec Herv\u00e9 Poirier<\/a> (Acrimed)<\/p>\n\n\n\n<p><a href=\"https:\/\/www.acrimed.org\/Islamo-gauchisme-a-l-universite-Servilite-et?fbclid=IwAR0BxeM2zyt4CjThHW8J5kIuEmFxnLBWiN1CbEwMYuD7_c7818Rx9bxlkPw\">\u00ab Islamo-gauchisme \u00bb \u00e0 l\u2019universit\u00e9 ? Servilit\u00e9 et surench\u00e8re : Elkabbach face \u00e0 Fr\u00e9d\u00e9rique Vidal<\/a> (Acrimed)<\/p>\n\n\n\n<figure class=\"wp-block-image is-resized\"><img data-recalc-dims=\"1\" loading=\"lazy\" decoding=\"async\" src=\"https:\/\/i0.wp.com\/www.acrimed.org\/IMG\/jpg\/elkabbach_vidal-550x308.jpg?resize=490%2C274&#038;ssl=1\" alt=\"\" width=\"490\" height=\"274\"\/><\/figure>\n\n\n\n<p><strong><span class=\"has-inline-color has-vivid-red-color\">18 F\u00e9vrier <\/span><\/strong><\/p>\n\n\n\n<p><a href=\"https:\/\/reporterre.net\/Splann-Un-nouveau-media-d-investigation-en-Bretagne\">Splann&nbsp;! Un nouveau m\u00e9dia d&rsquo;investigation en Bretagne<\/a> (Reporterre)&nbsp;<\/p>\n\n\n\n<p><a href=\"https:\/\/www.arretsurimages.net\/chroniques\/le-matinaute\/medias-quelques-idees-simples-qui-pourraient-tout-changer\">M\u00e9dias : quelques id\u00e9es simples qui pourraient tout changer<\/a> (Arr\u00eat sur images )<\/p>\n\n\n\n<p><a href=\"https:\/\/www.bastamag.net\/Citoyens-manipules-proces-en-incompetence-fanatisme-vert-guerilla-mediatique-contre-la-Convention-climat\">Citoyens manipul\u00e9s ou incomp\u00e9tents, fanatisme vert : gu\u00e9rilla m\u00e9diatique contre la Convention climat<\/a> (Basta&nbsp;!)<\/p>\n\n\n\n<p><a href=\"https:\/\/www.facebook.com\/watch\/live\/?v=183707873123116&amp;ref=notif&amp;notif_id=1613671226942949&amp;notif_t=live_video\">\u00ab\u00a0Derni\u00e8res nouvelles du mensonge\u00a0\u00bb avec Anne C\u00e9cile Robert<\/a> (F.Tadde\u00ef, RT France)<\/p>\n\n\n\n<p><a href=\"https:\/\/www.monde-diplomatique.fr\/mav\/101\/HALIMI\/17885\">Rush Limbaugh. Le Parti r\u00e9publicain des ondes<\/a> (Monde diplomatique)<\/p>\n\n\n\n<p><a href=\"https:\/\/www.acrimed.org\/Actualite-des-medias-Vincent-Bollore-a-l?fbclid=IwAR0pn6IJlwm5939kIoFeMCcuTAHttCJN6o7GVqPannzaWqGfi_BXZPXTu0Q\">Vincent Bollor\u00e9 \u00e0 l\u2019offensive, proc\u00e8s-b\u00e2illons et entraves \u00e0 la libert\u00e9 d\u2019informer\u2026<\/a> (Acrimed)<\/p>\n\n\n\n<figure class=\"wp-block-image is-resized is-style-default\"><img loading=\"lazy\" decoding=\"async\" src=\"https:\/\/scontent.fhex4-1.fna.fbcdn.net\/v\/t1.0-9\/151431422_1149424148813385_8096062758264401017_n.png?_nc_cat=106&amp;ccb=3&amp;_nc_sid=730e14&amp;_nc_eui2=AeGxxF25KXSsSJhTALxjukruXtFcsSYLDTVe0VyxJgsNNeUfvdSPk6kcGntFbJC5CLE&amp;_nc_ohc=SsHJbG51mzYAX86rHp3&amp;_nc_ht=scontent.fhex4-1.fna&amp;oh=9440f6c2a64ed525bf4dc18162d6168f&amp;oe=6055662B\" alt=\"Peut \u00eatre une capture d\u2019\u00e9cran de Twitter de une personne ou plus et texte qui dit \u2019LCP LCP DupondM &quot;On met en place des m\u00e9canismes de proc\u00e9dure p\u00e9nale pour que les haineux en ligne qui ne sont pas journalistes puissent \u00eatre sanctionn\u00e9s tres rapidement.&quot; #DirectAN #PJLPrincipesR\u00e9publicains #PJLS\u00e9paratisme LCP 1:27 60,6 k vues 10:14AM1f\u00e9vr.2021.Wildmoka\u2019\" width=\"361\" height=\"364\"\/><figcaption><sub>Donc C News, Valeurs Actuelles, Zemmour et autres  pourront continuer<\/sub><br><sub> mais les \u00ab\u00a0rien\u00a0\u00bb, les \u00ab\u00a0illettr\u00e9s\u00a0\u00bb, les \u00ab\u00a0gaulois r\u00e9fractaires\u00a0\u00bb&#8230; eux, <\/sub><br><sub>ne pourront pas attaquer le gouvernement.<\/sub><\/figcaption><\/figure>\n\n\n\n<p><strong><span class=\"has-inline-color has-vivid-red-color\">17 F\u00e9vrier<\/span><\/strong><\/p>\n\n\n\n<p><a href=\"https:\/\/expansive.info\/Carapatage-une-nouvelle-emission-de-radio-contre-les-prisons-2589\">Carapatage, une nouvelle \u00e9mission de radio contre les prisons<\/a> (Mutu)<\/p>\n\n\n\n<p><a href=\"https:\/\/www.acrimed.org\/Les-sources-de-France-Info-de-la-police-a-la\">Les sources de France Info : de la police \u00e0 la pr\u00e9fecture en passant par le Parquet<\/a> (Acrimed)<\/p>\n\n\n\n<figure class=\"wp-block-image is-resized is-style-default\"><img loading=\"lazy\" decoding=\"async\" src=\"https:\/\/scontent.fhex4-2.fna.fbcdn.net\/v\/t1.0-0\/p180x540\/152046165_1149002725522194_6768317192659870923_o.jpg?_nc_cat=110&amp;ccb=3&amp;_nc_sid=730e14&amp;_nc_ohc=1-TdHi99mUIAX_MDU7x&amp;_nc_ht=scontent.fhex4-2.fna&amp;tp=6&amp;oh=01bc3410871b380ce4b84316db71bd8f&amp;oe=6054E1DF\" alt=\"Peut \u00eatre une image de 2 personnes et texte qui dit \u2019BFM 13.32 TV. LEDIRECT PALAIS DEL'\u00c9LYS\u00c9E (PARIS) SANCE DE R \u00c9F R\u00c9SIDE GABRIEL ATTAL Journaliste politique BFMTV COVID: &quot;LA SITUATION RESTE FRAGILE&quot; ALERTEINFO- ALERTE Covid ciuation est si fragile qu'un rien peut la ire changer&quot; (Gabriel porte-parole gvt)\u2019\" width=\"451\" height=\"288\"\/><figcaption><sub>Pas d&rsquo;erreur, les ministres et les journalistes BFM sont bien interchangeables<\/sub><\/figcaption><\/figure>\n\n\n\n<p><a href=\"https:\/\/www.acrimed.org\/Islamo-gauchisme-a-l-universite-Servilite-et\">\u00ab Islamo-gauchisme \u00bb \u00e0 l&rsquo;universit\u00e9 ? Servilit\u00e9 et surench\u00e8re : Elkabbach face \u00e0 Fr\u00e9d\u00e9rique Vidal<\/a> -Henri Maler (Acrimed)<\/p>\n\n\n\n<figure class=\"wp-block-image is-resized\"><img data-recalc-dims=\"1\" loading=\"lazy\" decoding=\"async\" src=\"https:\/\/i0.wp.com\/static.fnac-static.com\/multimedia\/Images\/FR\/NR\/9b\/d9\/c9\/13228443\/1507-1\/tsp20210129072015\/L-Information-est-un-bien-public-Refonder-la-propriete-des-medias.jpg?resize=272%2C387&#038;ssl=1\" alt=\"\" width=\"272\" height=\"387\"\/><\/figure>\n\n\n\n<p><strong><span class=\"has-inline-color has-vivid-red-color\">16 F\u00e9vrier<\/span><\/strong><\/p>\n\n\n\n<p><a href=\"https:\/\/www.revuesilence.net\/actualites\/nous-quittons-facebook\">Nous quittons Facebook<\/a> par Revue Silence<\/p>\n\n\n\n<p><a href=\"https:\/\/www.acrimed.org\/Le-palmares-2020-des-editocrates-BD\">Le palmar\u00e8s 2020 des \u00e9ditocrates (BD)<\/a> (Acrimed)<\/p>\n\n\n\n<p><a href=\"https:\/\/info.mediapart.fr\/optiext\/optiextension.dll?ID=y67y8ts7K60_xlL74caWyksMuqsbkI2eDQWVPPwcKII5Tf_Or8t0bTNTTOShfV%2BR8FADry726uPwuIEc5fsT4S8G17hGu\">Stop \u00e0 la censure des minorit\u00e9s sur les r\u00e9seaux sociaux<\/a> &#8211; Les invit\u00e9s de Mediapart<\/p>\n\n\n\n<p><a href=\"https:\/\/www.acrimed.org\/Les-sources-de-France-Info-de-la-police-a-la\">Les sources de France Info : de la police \u00e0 la pr\u00e9fecture en passant par le Parquet<\/a> (Acrimed)<\/p>\n\n\n\n<figure class=\"wp-block-image is-resized\"><img data-recalc-dims=\"1\" loading=\"lazy\" decoding=\"async\" src=\"https:\/\/i0.wp.com\/www.acrimed.org\/local\/cache-gd2\/8b\/c851af0a9ee7f982682bf42f3f4d80.jpg?resize=234%2C344&#038;ssl=1\" alt=\"Les sources de France Info : de la police \u00e0 la pr\u00e9fecture en passant par le Parquet\" width=\"234\" height=\"344\"\/><\/figure>\n\n\n\n<p><strong><span class=\"has-inline-color has-vivid-red-color\">15 F\u00e9vrier<\/span><\/strong><\/p>\n\n\n\n<p><a href=\"https:\/\/www.acrimed.org\/Le-palmares-2020-des-editocrates-BD\">Le palmar\u00e8s 2020 des \u00e9ditocrates (BD)<\/a> (Acrimed)<\/p>\n\n\n\n<p><strong><span class=\"has-inline-color has-vivid-red-color\">13 F\u00e9vrier<\/span><\/strong><\/p>\n\n\n\n<p><a href=\"https:\/\/www.les2rives.info\/fake_news_contre_le_venezuela_le_cas_du_covid_19_maurice_lemoine?fbclid=IwAR1VFsnsZKUiFiAUxuvCb5vNohIrZaywI7_C6RtxEUIziHAZPZMtHv-LdvI\">Fake news contre le Venezuela: le cas du Covid-19<\/a> &nbsp;Maurice Lemoine (Les 2 rives info)<\/p>\n\n\n\n<p><strong><span class=\"has-inline-color has-vivid-red-color\">12 F\u00e9vrier<\/span><\/strong><\/p>\n\n\n\n<p><a href=\"https:\/\/www.acrimed.org\/Darmanin-Le-Pen-une-semaine-de-feuilleton?fbclid=IwAR3ZHTeGOYkmYsQwEyRWgjw1IIxM-XabOCHqwqVK1LZVsxweXQfl9DNkNNU\">Darmanin-Le Pen : une semaine de feuilleton m\u00e9diatique en vase clos<\/a> (Acrimed)<\/p>\n\n\n\n<p><strong><span class=\"has-inline-color has-vivid-red-color\">11 F\u00e9vrier<\/span><\/strong><\/p>\n\n\n\n<figure class=\"wp-block-image is-resized is-style-default\"><img loading=\"lazy\" decoding=\"async\" src=\"https:\/\/scontent.fhex4-2.fna.fbcdn.net\/v\/t1.0-9\/148716770_1145319122557221_8709883099029230305_n.jpg?_nc_cat=111&amp;ccb=3&amp;_nc_sid=730e14&amp;_nc_ohc=5cKKwyb2JWgAX8EQZo0&amp;_nc_ht=scontent.fhex4-2.fna&amp;oh=f26cdc89f26818239e04047b5641e7d3&amp;oe=604D34B1\" alt=\"Peut \u00eatre une image de 1 personne et texte\" width=\"376\" height=\"376\"\/><\/figure>\n\n\n\n<p><strong><span class=\"has-inline-color has-vivid-red-color\">9 F\u00e9vrier<\/span><\/strong><\/p>\n\n\n\n<p><a href=\"https:\/\/youtu.be\/w6zGkTOq6qs?t=21\">Ceci n&rsquo;est pas un complot. Comment les m\u00e9dias racontent le Covid<\/a> (Bernard Crutzen)<\/p>\n\n\n\n<p><a href=\"https:\/\/www.telerama.fr\/ecrans\/vincent-bollore-va-t-il-mettre-la-main-sur-m6-et-rtl-6814719.php\">Vincent Bollor\u00e9 va-t-il mettre la main sur M6 et RTL ? <\/a>&nbsp;(Telerama)<\/p>\n\n\n\n<p><a href=\"https:\/\/www.acrimed.org\/Deces-de-Gisele-Halimi-France-info-enterre-le\">D\u00e9c\u00e8s de Gis\u00e8le Halimi : France Info enterre le f\u00e9minisme<\/a> (Acrimed)<\/p>\n\n\n\n<figure class=\"wp-block-image is-resized\"><img data-recalc-dims=\"1\" loading=\"lazy\" decoding=\"async\" src=\"https:\/\/i0.wp.com\/www.acrimed.org\/local\/cache-gd2\/aa\/e2f7ed46b79d46b371a8172ba33450.jpg?resize=206%2C303&#038;ssl=1\" alt=\"D\u00e9c\u00e8s de Gis\u00e8le Halimi : France Info enterre le f\u00e9minisme\" width=\"206\" height=\"303\"\/><\/figure>\n\n\n\n<p><strong><span class=\"has-inline-color has-vivid-red-color\">6 F\u00e9vrier<\/span><\/strong><\/p>\n\n\n\n<p><a href=\"https:\/\/www.acrimed.org\/Le-Monde-journal-sandwich-de-Bruno-Le-Maire\">Le Monde, journal-sandwich de Bruno Le Maire<\/a> (Acrimed)<\/p>\n\n\n\n<p><a href=\"https:\/\/info.mediapart.fr\/optiext\/optiextension.dll?ID=IabIcEWYbZKE31hdnuHvASVXhg7yf3hrxvbOWC05sbaHN1IsRHU8y5k+UWTWQBsUEww6U2_g0ORtXGhhkbcIqJ3Yh3lsx\">Un ouvrage d\u00e9tox face aux infox<\/a> (MDP)<\/p>\n\n\n\n<p><a href=\"https:\/\/www.acrimed.org\/Silence-des-ouvriers-meurent-autour-du-traitement\">\u00ab Silence, des ouvriers meurent \u00bb : autour du traitement m\u00e9diatique des accidents du travail<\/a> (Acrimed)<\/p>\n\n\n\n<p><strong><span class=\"has-inline-color has-vivid-red-color\">6 F\u00e9vrier<\/span><\/strong><\/p>\n\n\n\n<figure class=\"wp-block-image\"><img data-recalc-dims=\"1\" decoding=\"async\" src=\"https:\/\/i0.wp.com\/www.acrimed.org\/IMG\/jpg\/une37.jpg?w=1200&#038;ssl=1\" alt=\"\"\/><\/figure>\n\n\n\n<p><strong><span class=\"has-inline-color has-vivid-red-color\">4 F\u00e9vrier<\/span><\/strong><\/p>\n\n\n\n<p><a href=\"https:\/\/www.acrimed.org\/A-L-Equipe-un-plan-social-peut-cacher-un-projet\">\u00c0 L\u2019\u00c9quipe, un \u00ab plan social \u00bb peut cacher un projet de vente <\/a>(Acrimed)<\/p>\n\n\n\n<p><a href=\"https:\/\/www.01net.com\/actualites\/facebook-news-le-service-d-infos-du-reseau-social-devrait-bien-etre-lance-en-france-en-2021-2032828.html\">Facebook News, le service d&rsquo;infos du r\u00e9seau social, devrait bien \u00eatre lanc\u00e9 en France en 2021<\/a> (01 Net)<\/p>\n\n\n\n<figure class=\"wp-block-image is-resized\"><img data-recalc-dims=\"1\" loading=\"lazy\" decoding=\"async\" src=\"https:\/\/i0.wp.com\/f.hellowork.com\/blogdumoderateur\/2019\/10\/facebook-news-1200x784.jpg?resize=357%2C232&#038;ssl=1\" alt=\"\" width=\"357\" height=\"232\"\/><\/figure>\n\n\n\n<figure class=\"wp-block-image is-resized is-style-default\"><img loading=\"lazy\" decoding=\"async\" src=\"https:\/\/scontent.fhex4-1.fna.fbcdn.net\/v\/t1.0-9\/146796877_1141164336306033_5399062930207968263_n.png?_nc_cat=101&amp;ccb=2&amp;_nc_sid=730e14&amp;_nc_ohc=3-JbbZu9cEoAX--90i0&amp;_nc_ht=scontent.fhex4-1.fna&amp;oh=ebef4bb29cc3c065687cf91637c58983&amp;oe=6042C306\" alt=\"Peut \u00eatre une image de 1 personne, plein air et texte qui dit \u2019Eva 3BaHoBHa @spetsnagir2 sent le Pulitzer... &quot; H\u0ba4NI WUnirdl 1 Aisne PAYS HAMOIS Du carton et du papier retrouv\u00e9 dans les bennes \u00e0 verre JOURNAL S DI HAM \u4e00 12:05 AM f\u00e9vr. 2021 Twitter for iPhone\u2019\" width=\"347\" height=\"550\"\/><\/figure>\n\n\n\n<p><strong><span class=\"has-inline-color has-vivid-red-color\">3 F\u00e9vrier<\/span><\/strong><\/p>\n\n\n\n<p><a href=\"https:\/\/www.acrimed.org\/Silence-des-ouvriers-meurent-autour-du-traitement?fbclid=IwAR0-_IbNJEsokWHv_qpDLzSuIAdnKp6nf90D96FVppMy2daoXf7UtBJJ-No\">\u00ab Silence, des ouvriers meurent \u00bb : autour du traitement m\u00e9diatique des accidents du travail<\/a> (Acrimed)<\/p>\n\n\n\n<p><a href=\"https:\/\/www.acrimed.org\/Olivier-Truchot-etrille-les-profs-et-s-en\">Un bon \u00e9ditocrate ne se d\u00e9dit pas, il se justifie<\/a> (Acrimed)<\/p>\n\n\n\n<figure class=\"wp-block-image size-large\"><img data-recalc-dims=\"1\" loading=\"lazy\" decoding=\"async\" width=\"524\" height=\"295\" src=\"https:\/\/i0.wp.com\/www.rdpemancipation.org\/wp-content\/uploads\/2021\/02\/truchot1.jpg?resize=524%2C295&#038;ssl=1\" alt=\"\" class=\"wp-image-14399\" srcset=\"https:\/\/i0.wp.com\/www.rdpemancipation.org\/wp-content\/uploads\/2021\/02\/truchot1.jpg?w=524&amp;ssl=1 524w, https:\/\/i0.wp.com\/www.rdpemancipation.org\/wp-content\/uploads\/2021\/02\/truchot1.jpg?resize=300%2C169&amp;ssl=1 300w\" sizes=\"auto, (max-width: 524px) 100vw, 524px\" \/><\/figure>\n\n\n\n<p><span class=\"has-inline-color has-vivid-red-color\"><strong>1er F\u00e9vrier <\/strong><\/span><\/p>\n\n\n\n<figure class=\"wp-block-image is-resized is-style-default\"><img loading=\"lazy\" decoding=\"async\" src=\"https:\/\/i0.wp.com\/www.anti-k.org\/wp-content\/uploads\/2020\/05\/verite-2.jpg?resize=547%2C300&amp;ssl=1\" alt=\"\" class=\"wp-image-319956\" width=\"458\" height=\"251\"\/><\/figure>\n","protected":false},"excerpt":{"rendered":"<p>27 F\u00e9vrier en continu France T\u00e9l\u00e9visions : stigmatisation \u00e0 l\u2019antenne (Acrimed) Mar\u00e9chal &#8230; les revoil\u00e0 ! (librairie tropiques) 26 F\u00e9vrier Un journalisme de guerres culturelles (Monde diplomatique) Une presse agricole domin\u00e9e par les industriels et le syndicat majoritaire (Acrimed) La place du syst\u00e8me m\u00e9diatique dans le pouvoir (Le monde au futur) 25 F\u00e9vrier Le mod\u00e8le &#8230; <a title=\"F\u00e9vrier-M\u00e9dias\" class=\"read-more\" href=\"https:\/\/www.rdpemancipation.org\/?p=13983\" aria-label=\"En savoir plus sur F\u00e9vrier-M\u00e9dias\">Lire la suite<\/a><\/p>\n","protected":false},"author":2,"featured_media":0,"comment_status":"closed","ping_status":"closed","sticky":false,"template":"","format":"standard","meta":{"_lmt_disableupdate":"no","_lmt_disable":"no","_jetpack_memberships_contains_paid_content":false,"footnotes":""},"categories":[26],"tags":[],"class_list":["post-13983","post","type-post","status-publish","format-standard","hentry","category-medias"],"modified_by":"Fip","jetpack_featured_media_url":"","jetpack_sharing_enabled":true,"_links":{"self":[{"href":"https:\/\/www.rdpemancipation.org\/index.php?rest_route=\/wp\/v2\/posts\/13983","targetHints":{"allow":["GET"]}}],"collection":[{"href":"https:\/\/www.rdpemancipation.org\/index.php?rest_route=\/wp\/v2\/posts"}],"about":[{"href":"https:\/\/www.rdpemancipation.org\/index.php?rest_route=\/wp\/v2\/types\/post"}],"author":[{"embeddable":true,"href":"https:\/\/www.rdpemancipation.org\/index.php?rest_route=\/wp\/v2\/users\/2"}],"replies":[{"embeddable":true,"href":"https:\/\/www.rdpemancipation.org\/index.php?rest_route=%2Fwp%2Fv2%2Fcomments&post=13983"}],"version-history":[{"count":48,"href":"https:\/\/www.rdpemancipation.org\/index.php?rest_route=\/wp\/v2\/posts\/13983\/revisions"}],"predecessor-version":[{"id":18000,"href":"https:\/\/www.rdpemancipation.org\/index.php?rest_route=\/wp\/v2\/posts\/13983\/revisions\/18000"}],"wp:attachment":[{"href":"https:\/\/www.rdpemancipation.org\/index.php?rest_route=%2Fwp%2Fv2%2Fmedia&parent=13983"}],"wp:term":[{"taxonomy":"category","embeddable":true,"href":"https:\/\/www.rdpemancipation.org\/index.php?rest_route=%2Fwp%2Fv2%2Fcategories&post=13983"},{"taxonomy":"post_tag","embeddable":true,"href":"https:\/\/www.rdpemancipation.org\/index.php?rest_route=%2Fwp%2Fv2%2Ftags&post=13983"}],"curies":[{"name":"wp","href":"https:\/\/api.w.org\/{rel}","templated":true}]}}