{"id":13978,"date":"2021-02-01T10:09:52","date_gmt":"2021-02-01T09:09:52","guid":{"rendered":"https:\/\/www.rdpemancipation.org\/?p=13978"},"modified":"2021-03-01T12:20:32","modified_gmt":"2021-03-01T11:20:32","slug":"fevrier-europe","status":"publish","type":"post","link":"https:\/\/www.rdpemancipation.org\/?p=13978","title":{"rendered":"F\u00e9vrier-Europe"},"content":{"rendered":"\n<p><strong><span class=\"has-inline-color has-vivid-red-color\">28 F\u00e9vrier<\/span><\/strong><\/p>\n\n\n\n<p><a href=\"https:\/\/geopragma.fr\/extraterritorialite-du-droit-americain-que-doit-faire-leurope\/\">Extraterritorialit\u00e9 du droit am\u00e9ricain : que doit faire l\u2019Europe ?<\/a> (G\u00e9opragma)<\/p>\n\n\n\n<p><a href=\"https:\/\/www.mediapart.fr\/journal\/international\/280221\/allemagne-apres-30-ans-de-reunification-une-nouvelle-deflagration\">Allemagne: apr\u00e8s 30 ans de r\u00e9unification, une nouvelle d\u00e9flagration<\/a> (M\u00e9diapart)&nbsp;<\/p>\n\n\n\n<p><a href=\"https:\/\/www.boursorama.com\/actualite-economique\/actualites\/coronavirus-paris-negocie-avec-berlin-pour-eviter-une-frontiere-fermee-en-moselle-b202133b94a20ac81584b57d6b2b1e00\">Coronavirus: Paris n\u00e9gocie avec Berlin pour \u00e9viter une fronti\u00e8re ferm\u00e9e en Moselle<\/a> (Reuters)<\/p>\n\n\n\n<p><a href=\"https:\/\/www.anti-k.org\/2021\/02\/28\/bruxelles-recuperation-politique-avec-la-convention-doccupation-du-squat-rue-de-koninck\/\">Bruxelles : r\u00e9cup\u00e9ration politique avec la convention d\u2019occupation du squat rue de Koninck <\/a>(Anti-K)<\/p>\n\n\n\n<p><a href=\"https:\/\/www.boursorama.com\/videos\/actualites\/sofia-bekatorou-championne-olympique-et-initiatrice-de-metoo-en-grece-614817806b27d04af6d9a609923e4c84\">Sofia&nbsp;Bekatorou, championne olympique et initiatrice de #MeToo en Gr\u00e8ce<\/a> (AFP vid\u00e9o)<\/p>\n\n\n\n<p><a href=\"https:\/\/www.boursorama.com\/actualite-economique\/actualites\/espagne-nouvelles-echauffourees-a-barcelone-pour-protester-contre-l-arrestation-d-un-rappeur-b312bc3d8438f57033cbedc0a6ce6ff7\">Espagne: nouvelles \u00e9chauffour\u00e9es \u00e0 Barcelone pour protester contre l&rsquo;arrestation d&rsquo;un rappeur<\/a> (AFP)<\/p>\n\n\n\n<p><a href=\"https:\/\/geopragma.fr\/extraterritorialite-du-droit-americain-que-doit-faire-leurope\/\">Extraterritorialit\u00e9 du droit am\u00e9ricain : que doit faire l\u2019Europe ?<\/a> (<a href=\"https:\/\/geopragma.fr\/extraterritorialite-du-droit-americain-que-doit-faire-leurope\/\">G\u00e9opragma<\/a>)<\/p>\n\n\n\n<p><a href=\"https:\/\/www.mediapart.fr\/journal\/international\/280221\/allemagne-apres-30-ans-de-reunification-une-nouvelle-deflagration\">Allemagne: apr\u00e8s 30 ans de r\u00e9unification, une nouvelle d\u00e9flagration<\/a> (M\u00e9diapart)&nbsp;<\/p>\n\n\n\n<p><a href=\"https:\/\/www.boursorama.com\/actualite-economique\/actualites\/coronavirus-paris-negocie-avec-berlin-pour-eviter-une-frontiere-fermee-en-moselle-b202133b94a20ac81584b57d6b2b1e00\">Coronavirus: Paris n\u00e9gocie avec Berlin pour \u00e9viter une fronti\u00e8re ferm\u00e9e en Moselle<\/a> (Reuters)<\/p>\n\n\n\n<p><a href=\"https:\/\/www.anti-k.org\/2021\/02\/28\/bruxelles-recuperation-politique-avec-la-convention-doccupation-du-squat-rue-de-koninck\/\">Bruxelles : r\u00e9cup\u00e9ration politique avec la convention d\u2019occupation du squat rue de Koninck <\/a>(Anti-K)<\/p>\n\n\n\n<p><a href=\"https:\/\/www.boursorama.com\/videos\/actualites\/sofia-bekatorou-championne-olympique-et-initiatrice-de-metoo-en-grece-614817806b27d04af6d9a609923e4c84\">Sofia&nbsp;Bekatorou, championne olympique et initiatrice de #MeToo en Gr\u00e8ce<\/a> (AFP vid\u00e9o)<\/p>\n\n\n\n<p><a href=\"https:\/\/www.boursorama.com\/actualite-economique\/actualites\/espagne-nouvelles-echauffourees-a-barcelone-pour-protester-contre-l-arrestation-d-un-rappeur-b312bc3d8438f57033cbedc0a6ce6ff7\">Espagne: nouvelles \u00e9chauffour\u00e9es \u00e0 Barcelone pour protester contre l&rsquo;arrestation d&rsquo;un rappeur<\/a> (AFP)<\/p>\n\n\n\n<p><a href=\"https:\/\/www.les-crises.fr\/alexei-navalny-des-tensions-eclatent-au-sein-de-l-opposition-russe-anti-kremlin\/\">Alexe\u00ef Navalny : Des tensions \u00e9clatent au sein de l\u2019opposition russe anti-Kremlin<\/a> (Les Crises)<\/p>\n\n\n\n<figure class=\"wp-block-image size-large is-resized is-style-default\"><img data-recalc-dims=\"1\" loading=\"lazy\" decoding=\"async\" src=\"https:\/\/i0.wp.com\/www.rdpemancipation.org\/wp-content\/uploads\/2021\/02\/Leur-Etat-lvqu-.jpg?resize=401%2C267&#038;ssl=1\" alt=\"\" class=\"wp-image-18116\" width=\"401\" height=\"267\" srcset=\"https:\/\/i0.wp.com\/www.rdpemancipation.org\/wp-content\/uploads\/2021\/02\/Leur-Etat-lvqu-.jpg?w=760&amp;ssl=1 760w, https:\/\/i0.wp.com\/www.rdpemancipation.org\/wp-content\/uploads\/2021\/02\/Leur-Etat-lvqu-.jpg?resize=300%2C200&amp;ssl=1 300w\" sizes=\"auto, (max-width: 401px) 100vw, 401px\" \/><\/figure>\n\n\n\n<p><a href=\"https:\/\/www.boursorama.com\/actualite-economique\/actualites\/un-helicoptere-russe-s-est-ecrase-en-syrie-a32ee1e589467a78acefb024bb20b1ed\">Un h\u00e9licopt\u00e8re russe s&rsquo;est \u00e9cras\u00e9 en Syrie<\/a> (Reuters)<\/p>\n\n\n\n<p><a href=\"https:\/\/www.boursorama.com\/actualite-economique\/actualites\/la-russie-lance-son-premier-satellite-de-surveillance-de-l-arctique-da48a0415a29edcb8c1a15d53254c644\">La Russie lance son premier satellite de surveillance de l&rsquo;Arctique<\/a> (AFP) (Le Monde diplomatique)<\/p>\n\n\n\n<p><a href=\"https:\/\/www.les-crises.fr\/alexei-navalny-des-tensions-eclatent-au-sein-de-l-opposition-russe-anti-kremlin\/\">Alexe\u00ef Navalny : Des tensions \u00e9clatent au sein de l\u2019opposition russe anti-Kremlin<\/a> (Les Crises)<\/p>\n\n\n\n<p><a href=\"https:\/\/www.boursorama.com\/actualite-economique\/actualites\/un-helicoptere-russe-s-est-ecrase-en-syrie-a32ee1e589467a78acefb024bb20b1ed\">Un h\u00e9licopt\u00e8re russe s&rsquo;est \u00e9cras\u00e9 en Syrie<\/a> (Reuters)<\/p>\n\n\n\n<p><a href=\"https:\/\/www.boursorama.com\/actualite-economique\/actualites\/la-russie-lance-son-premier-satellite-de-surveillance-de-l-arctique-da48a0415a29edcb8c1a15d53254c644\">La Russie lance son premier satellite de surveillance de l&rsquo;Arctique<\/a> (AFP) (Le Monde diplomatique)<\/p>\n\n\n\n<p><a href=\"https:\/\/info.mediapart.fr\/optiext\/optiextension.dll?ID=kOPkQ2dFNZjvVS6MWEhvtOm5LX5MZ6SO_tJTPdyf9giH99v6cqu1pP2LqNdUVoNoaBaC4JSTSc%2B66IojPcZdOqMsa3GII\">AfD, complotistes et n\u00e9onazis: les liaisons dangereuses<\/a> (MDP)<\/p>\n\n\n\n<p><a href=\"https:\/\/info.mediapart.fr\/optiext\/optiextension.dll?ID=kOPkPIsGk2nvknuOQqVs6yF1q1iwr8x5FjDKE7Y%2BAAkIPHvAdjVJrlo7mW7Zr7HjCIrff_bT84J%2BRhC4EYtimMau9LEYf\">Coronavirus: l\u2019inqui\u00e9tude des autorit\u00e9s autrichiennes et des pays voisins<\/a> (MDP)<\/p>\n\n\n\n<p><a href=\"https:\/\/www.boursorama.com\/actualite-economique\/actualites\/19-7-millions-de-britanniques-ont-ete-vaccines-33fcf8b131857c2871b9b5ea7fec01ff\">19,7 millions de Britanniques ont \u00e9t\u00e9 vaccin\u00e9s<\/a> (Reuters)<\/p>\n\n\n\n<p><a href=\"https:\/\/www.boursorama.com\/actualite-economique\/actualites\/dettes-fiscales-de-l-ex-roi-d-espagne-une-polemique-et-de-nombreuses-questions-05a292cd1853f7507be3dd6d3af1ed68\">Dettes fiscales de l&rsquo;ex-roi d&rsquo;Espagne: une pol\u00e9mique et de nombreuses questions<\/a> (AFP)<\/p>\n\n\n\n<figure class=\"wp-block-image size-large is-resized is-style-default\"><img data-recalc-dims=\"1\" loading=\"lazy\" decoding=\"async\" src=\"https:\/\/i0.wp.com\/www.rdpemancipation.org\/wp-content\/uploads\/2021\/02\/8d6d69c2827ea6a4f5ca65fa2778461c-760x538-1.jpg?resize=391%2C276&#038;ssl=1\" alt=\"\" class=\"wp-image-18050\" width=\"391\" height=\"276\" srcset=\"https:\/\/i0.wp.com\/www.rdpemancipation.org\/wp-content\/uploads\/2021\/02\/8d6d69c2827ea6a4f5ca65fa2778461c-760x538-1.jpg?w=760&amp;ssl=1 760w, https:\/\/i0.wp.com\/www.rdpemancipation.org\/wp-content\/uploads\/2021\/02\/8d6d69c2827ea6a4f5ca65fa2778461c-760x538-1.jpg?resize=300%2C212&amp;ssl=1 300w\" sizes=\"auto, (max-width: 391px) 100vw, 391px\" \/><\/figure>\n\n\n\n<p><strong><span class=\"has-inline-color has-vivid-red-color\">27 F\u00e9vrier <\/span><\/strong><\/p>\n\n\n\n<p><a href=\"https:\/\/www.humanite.fr\/litalie-un-laboratoire-700587#xtor=RSS-1\">L\u2019Italie, un laboratoire ?<\/a> (L\u2019Humanit\u00e9)<\/p>\n\n\n\n<p><a href=\"https:\/\/www.anti-k.org\/2021\/02\/27\/reduction-du-temps-de-travail-lespagne-et-la-finlande-montrent-la-voie\/\">R\u00e9duction du temps de travail : l\u2019Espagne et la Finlande montrent la voie&nbsp;<\/a> (Anti-K)<\/p>\n\n\n\n<p><a href=\"https:\/\/www.courrierdesbalkans.fr\/En-Grece-un-prisonnier-ennemi-de-la-droite-entre-la-vie-et-la-mort\">Gr\u00e8ce : Mitsot\u00e1kis laissera-t-il mourir Dimitris Koufodinas ?<\/a> (Le Courrier des Balkans)<\/p>\n\n\n\n<p><a href=\"https:\/\/www.courrierdesbalkans.fr\/Feminisme-en-Roumanie-Oana-Maria-Zaharia-pour-que-la-peur-change-de-camp\">F\u00e9minisme en Roumanie : Oana Maria Zaharia, pour que la peur change de camp<\/a> (Courrier des Balkans)<\/p>\n\n\n\n<p><a href=\"https:\/\/www.courrierdesbalkans.fr\/Macedoine-du-Nord-12-ans-de-reclusion-pour-l-ancien-patron-des-renseignements\">Mac\u00e9doine du Nord : douze ans de prison pour l&rsquo;ancien chef du renseignement<\/a> (Le Courrier des Balkans)<\/p>\n\n\n\n<p><a href=\"https:\/\/www.boursorama.com\/actualite-economique\/actualites\/des-milliers-de-russes-rassembles-en-memoire-de-l-opposant-assassine-boris-nemtsov-d6fdfad5b694484f36716c9da0de77d8\">Des milliers de Russes rassembl\u00e9s en m\u00e9moire de l&rsquo;opposant assassin\u00e9 Boris Nemtsov<\/a> (AFP)<\/p>\n\n\n\n<figure class=\"wp-block-image size-large is-style-default\"><img data-recalc-dims=\"1\" loading=\"lazy\" decoding=\"async\" width=\"760\" height=\"570\" src=\"https:\/\/i0.wp.com\/www.rdpemancipation.org\/wp-content\/uploads\/2021\/02\/1daf075570d86ca67a9befa52f6ede00-760x570-1.jpg?resize=760%2C570&#038;ssl=1\" alt=\"\" class=\"wp-image-17958\" srcset=\"https:\/\/i0.wp.com\/www.rdpemancipation.org\/wp-content\/uploads\/2021\/02\/1daf075570d86ca67a9befa52f6ede00-760x570-1.jpg?w=760&amp;ssl=1 760w, https:\/\/i0.wp.com\/www.rdpemancipation.org\/wp-content\/uploads\/2021\/02\/1daf075570d86ca67a9befa52f6ede00-760x570-1.jpg?resize=300%2C225&amp;ssl=1 300w\" sizes=\"auto, (max-width: 760px) 100vw, 760px\" \/><\/figure>\n\n\n\n<p><strong><span class=\"has-inline-color has-vivid-red-color\">26 F\u00e9vrier en continu<\/span><\/strong><\/p>\n\n\n\n<p><a href=\"https:\/\/www.anti-k.org\/2021\/02\/26\/bruxelles-reclame-des-reformes-en-echange-du-plan-de-relance-europeen\/\">Bruxelles r\u00e9clame des r\u00e9formes en \u00e9change du plan de relance europ\u00e9en <\/a>(Les Crises)<\/p>\n\n\n\n<p><a href=\"https:\/\/www.mediapart.fr\/journal\/international\/260221\/la-nsu-trois-neonazis-dix-assassinats-et-treize-annees-de-cavale\">La NSU en Allemagne: trois n\u00e9onazis, dix assassinats et treize ann\u00e9es de cavale<\/a> (M\u00e9diapart)<\/p>\n\n\n\n<p><a href=\"https:\/\/www.courrierdesbalkans.fr\/Serbie-avec-la-pandemie-licenciements-en-chaine\">Serbie : avec la pand\u00e9mie, des licenciements \u00e0 la pelle<\/a> (Le Courrier des Balkans )<\/p>\n\n\n\n<p><a href=\"https:\/\/info.mediapart.fr\/optiext\/optiextension.dll?ID=WstWtJZ4dcV5Xt_3eQ2h7dRsQICMF%2BtlmHhGX6ADbiDHUMfa51eBNZc8gCLwbAYWBPYSXIDTbG_82BCcCP9YErBqh%2BtaX\">En Saxe, sur les chemins de la randonn\u00e9e \u00abfamille-patrie-communaut\u00e9\u00bb<\/a> (MDP)<\/p>\n\n\n\n<p><a href=\"https:\/\/www.humanite.fr\/suede-olof-palme-mort-dun-internationaliste-700691#xtor=RSS-1\">Su\u00e8de. Olof Palme : mort d\u2019un internationaliste<\/a> (L\u2019Humanit\u00e9)<\/p>\n\n\n\n<p><a href=\"https:\/\/www.humanite.fr\/italie-60-000-embauches-de-livreurs-pour-les-plateformes-700659#xtor=RSS-1\">Italie 60 000 embauches de livreurs pour les plateformes<\/a> (L\u2019Humanit\u00e9)<\/p>\n\n\n\n<p><a href=\"https:\/\/theconversation.com\/relocalisations-en-europe-les-peco-seront-ils-les-grands-gagnants-155919\">Relocalisations en Europe : les PECO seront-ils les grands gagnants ?<\/a> (The Conversation)<\/p>\n\n\n\n<p><a href=\"https:\/\/blogs.mediapart.fr\/jean-marc-b\/blog\/250221\/vie-et-destin-du-livre-noir-la-destruction-des-juifs-d-urss\">Vie et destin du Livre Noir, la destruction des juifs d\u2019URSS <\/a>-film docu<\/p>\n\n\n\n<figure class=\"wp-block-embed is-type-video is-provider-youtube wp-block-embed-youtube wp-embed-aspect-16-9 wp-has-aspect-ratio\"><div class=\"wp-block-embed__wrapper\">\n<iframe loading=\"lazy\" title=\"Vie et destin du Livre noir, la destruction des Juifs d&#039;URSS Fr 2019\" width=\"1200\" height=\"675\" src=\"https:\/\/www.youtube.com\/embed\/CoaMzZIuCWc?feature=oembed\" frameborder=\"0\" allow=\"accelerometer; autoplay; clipboard-write; encrypted-media; gyroscope; picture-in-picture\" allowfullscreen><\/iframe>\n<\/div><\/figure>\n\n\n\n<p><strong><span class=\"has-inline-color has-vivid-red-color\">25 F\u00e9vrier <\/span><\/strong><\/p>\n\n\n\n<p><a href=\"http:\/\/frances.prensa-latina.cu\/index.php?option=com_content&amp;view=article&amp;id=885726:appel-a-declassifier-des-documents-sur-la-tentative-de-coup-detat-militaire-en-espagne&amp;opcion=pl-ver-noticia&amp;catid=185&amp;Itemid=101\">Appel \u00e0 d\u00e9classifier des documents sur la tentative de coup d\u00b4\u00c9tat militaire en Espagne<\/a> (Prensa Latina)<\/p>\n\n\n\n<p><a href=\"https:\/\/cafebabel.com\/fr\/article\/rencontre-avec-klubradio-une-voix-dopposition-reduite-au-silence-602d79bff723b35708078a28\/\">Hongrie : rencontre avec Klubr\u00e1di\u00f3, une voix d\u2019opposition r\u00e9duite au silence<\/a> (Caf\u00e9babel)<\/p>\n\n\n\n<p><a href=\"https:\/\/courrierdeuropecentrale.fr\/apres-radio-free-europe-deutsche-welle-va-produire-de-linformation-en-langue-hongroise\/\">Apr\u00e8s Radio Free Europe, Deutsche Welle va produire de l\u2019information en langue hongroise<\/a> (Courrier Europe centrale)&nbsp;<\/p>\n\n\n\n<p><a href=\"https:\/\/www.revolutionpermanente.fr\/Melilla-41-migrants-decouverts-dissimules-parmi-des-dechets-toxiques-et-des-tessons-de-bouteilles\">Drame \u00e0 Melilla. 41 migrants d\u00e9couverts dissimul\u00e9s dans des tessons de bouteilles<\/a> (RP)<\/p>\n\n\n\n<p><a href=\"https:\/\/www.revolutionpermanente.fr\/Russie-Pourquoi-Amnesty-International-retire-a-Navalny-son-statut-de-prisonnier-d-opinion\">Russie. Pourquoi Amnesty International retire \u00e0 Navalny son statut de prisonnier d\u2019opinion&nbsp;?<\/a> (RP)<\/p>\n\n\n\n<p><a href=\"http:\/\/alencontre.org\/europe\/espagne\/catalogne-apres-le-14f-un-necessaire-changement-de-politique.html\">Catalogne. Apr\u00e8s le 14F, un n\u00e9cessaire changement de politique <\/a>(Alencontre)<\/p>\n\n\n\n<figure class=\"wp-block-image size-large is-resized is-style-default\"><img data-recalc-dims=\"1\" loading=\"lazy\" decoding=\"async\" src=\"https:\/\/i0.wp.com\/www.rdpemancipation.org\/wp-content\/uploads\/2021\/02\/CatalogneResultats21.jpg?resize=334%2C409&#038;ssl=1\" alt=\"\" class=\"wp-image-17627\" width=\"334\" height=\"409\" srcset=\"https:\/\/i0.wp.com\/www.rdpemancipation.org\/wp-content\/uploads\/2021\/02\/CatalogneResultats21.jpg?w=500&amp;ssl=1 500w, https:\/\/i0.wp.com\/www.rdpemancipation.org\/wp-content\/uploads\/2021\/02\/CatalogneResultats21.jpg?resize=245%2C300&amp;ssl=1 245w\" sizes=\"auto, (max-width: 334px) 100vw, 334px\" \/><\/figure>\n\n\n\n<p><a href=\"https:\/\/courrierdeuropecentrale.fr\/la-tchequie-va-porter-plainte-contre-la-pologne-pour-son-projet-dagrandissement-dune-mine-de-charbon\/\">Tch\u00e9quie va porter plainte contre&nbsp; Pologne pour&nbsp; projet d\u2019agrandissement mine de charbon<\/a> (Courrier Europe centrale)&nbsp;<\/p>\n\n\n\n<p><a href=\"https:\/\/www.humanite.fr\/onu-le-requisitoire-de-serguei-lavrov-contre-les-pays-occidentaux-700604#xtor=RSS-1\">ONU Le r\u00e9quisitoire de Sergue\u00ef Lavrov contre les pays occidentaux<\/a> (L\u2019Humanit\u00e9)<\/p>\n\n\n\n<p><a href=\"https:\/\/theconversation.com\/que-veulent-les-manifestants-en-russie-155173\">Que veulent les manifestants en Russie ?<\/a> (The Conversation)<\/p>\n\n\n\n<p><strong><span class=\"has-inline-color has-vivid-red-color\">24 F\u00e9vrier <\/span><\/strong><\/p>\n\n\n\n<p><a href=\"https:\/\/www.cadtm.org\/Lancement-d-une-petition-europeenne-l-UE-et-la-France-doivent-sortir-du-Traite\">P\u00e9tition europ\u00e9enne; UE et France doivent sortir du Trait\u00e9 \u00e9nergie qui prot\u00e8ge les pollueurs<\/a>(CADTM)<\/p>\n\n\n\n<p><a href=\"https:\/\/fr.myeurop.info\/2021\/02\/24\/comment-leurope-fait-face-au-radicalisme-religieux\/\">Comment l\u2019Europe fait face au radicalisme religieux<\/a> (myeurop.info)<\/p>\n\n\n\n<p><a href=\"https:\/\/www.boursorama.com\/actualite-economique\/actualites\/allemagne-premiere-condamnation-historique-d-un-ex-agent-syrien-59621e70c5c0fe253b617aea0fbebb09\">Allemagne: premi\u00e8re condamnation historique d&rsquo;un ex-agent syrien<\/a> (AFP)<\/p>\n\n\n\n<p><a href=\"https:\/\/www.boursorama.com\/actualite-economique\/actualites\/espagne-la-derniere-statue-de-franco-deboulonnee-de4df443e89db39f8c10e934347a0bbd\">Espagne: la derni\u00e8re statue de Franco d\u00e9boulonn\u00e9e<\/a> (AFP)<\/p>\n\n\n\n<p><a href=\"https:\/\/www.cadtm.org\/Lancement-d-une-petition-europeenne-l-UE-et-la-France-doivent-sortir-du-Traite\">P\u00e9tition europ\u00e9enne; UE et France doivent sortir du Trait\u00e9 \u00e9nergie qui prot\u00e8ge les pollueurs<\/a> (CADTM)<\/p>\n\n\n\n<p><a href=\"https:\/\/fr.myeurop.info\/2021\/02\/24\/comment-leurope-fait-face-au-radicalisme-religieux\/\">Comment l\u2019Europe fait face au radicalisme religieux<\/a> (<a href=\"http:\/\/myeurop.info\">myeurop.info<\/a>)<\/p>\n\n\n\n<p><a href=\"https:\/\/www.boursorama.com\/actualite-economique\/actualites\/allemagne-premiere-condamnation-historique-d-un-ex-agent-syrien-59621e70c5c0fe253b617aea0fbebb09\">Allemagne: premi\u00e8re condamnation historique d&rsquo;un ex-agent syrien<\/a> (AFP)<\/p>\n\n\n\n<p><a href=\"https:\/\/www.boursorama.com\/actualite-economique\/actualites\/espagne-la-derniere-statue-de-franco-deboulonnee-de4df443e89db39f8c10e934347a0bbd\">Espagne: la derni\u00e8re statue de Franco d\u00e9boulonn\u00e9e<\/a> (AFP)<\/p>\n\n\n\n<figure class=\"wp-block-image size-large is-resized is-style-default\"><img data-recalc-dims=\"1\" loading=\"lazy\" decoding=\"async\" src=\"https:\/\/i0.wp.com\/www.rdpemancipation.org\/wp-content\/uploads\/2021\/02\/cc2cab7514a1cc894356deee30c8e333-760x507-1.jpg?resize=374%2C249&#038;ssl=1\" alt=\"\" class=\"wp-image-17526\" width=\"374\" height=\"249\" srcset=\"https:\/\/i0.wp.com\/www.rdpemancipation.org\/wp-content\/uploads\/2021\/02\/cc2cab7514a1cc894356deee30c8e333-760x507-1.jpg?w=760&amp;ssl=1 760w, https:\/\/i0.wp.com\/www.rdpemancipation.org\/wp-content\/uploads\/2021\/02\/cc2cab7514a1cc894356deee30c8e333-760x507-1.jpg?resize=300%2C200&amp;ssl=1 300w\" sizes=\"auto, (max-width: 374px) 100vw, 374px\" \/><\/figure>\n\n\n\n<p><a href=\"https:\/\/www.courrierdesbalkans.fr\/Vaste-affaire-de-viols-sur-mineurs-embarrassante-pour-le-gouvernement\">Gr\u00e8ce : une affaire de viols sur mineurs qui embarrasse le gouvernement Mitsotakis<\/a> (Courrier des Balkans)<\/p>\n\n\n\n<p><a href=\"https:\/\/lanticapitaliste.org\/actualite\/international\/au-kosovo-victoire-sans-precedent-de-vetevendosje-autodetermination\">Au Kosovo, victoire sans pr\u00e9c\u00e9dent de Vet\u00ebvendosje (\u00abautod\u00e9termination\u00bb)<\/a> &#8211;<a href=\"https:\/\/lanticapitaliste.org\/auteurs\/catherine-samary\">Catherine Samary<\/a><\/p>\n\n\n\n<p><a href=\"https:\/\/www.courrierdesbalkans.fr\/Vaste-affaire-de-viols-sur-mineurs-embarrassante-pour-le-gouvernement\">Gr\u00e8ce : une affaire de viols sur mineurs qui embarrasse le gouvernement Mitsotakis<\/a> (Courrier des Balkans)<\/p>\n\n\n\n<p><a href=\"https:\/\/lanticapitaliste.org\/actualite\/international\/au-kosovo-victoire-sans-precedent-de-vetevendosje-autodetermination\">Au Kosovo, victoire sans pr\u00e9c\u00e9dent de Vet\u00ebvendosje (\u00abautod\u00e9termination\u00bb)<\/a> -Catherine Samary<\/p>\n\n\n\n<p><a href=\"https:\/\/www.courrierdesbalkans.fr\/Memoire-des-Juifs-des-Balkans-6-10-o-Ivan-Ivanji-C-est-Hitler-qui-m-a-appris\">M\u00e9moire des Juifs des Balkans (6\/10)&nbsp; \u00ab&nbsp;C\u2019est Hitler qui m\u2019a appris que j\u2019\u00e9tais juif&nbsp;\u00bb<\/a> (Courrier des Balkans)<\/p>\n\n\n\n<p><a href=\"https:\/\/www.boursorama.com\/actualite-economique\/actualites\/coronavirus-france-et-allemagne-discutent-pour-eviter-des-controles-aux-frontieres-f107eb67b95f7af41bc16ccfa64c096a\">Coronavirus: France et Allemagne discutent pour \u00e9viter des contr\u00f4les aux fronti\u00e8res<\/a> (Reuters)&nbsp;<\/p>\n\n\n\n<p><a href=\"https:\/\/www.boursorama.com\/actualite-economique\/actualites\/l-allemagne-face-a-une-troisieme-vague-de-l-epidemie-de-covid-dit-merkel-fdd6ee81f4547c92e33c73a0d58f3149\">L&rsquo;Allemagne face \u00e0 une troisi\u00e8me vague de l&rsquo;\u00e9pid\u00e9mie de COVID, dit Merkel<\/a> (Reuters)<\/p>\n\n\n\n<figure class=\"wp-block-image size-large is-resized is-style-default\"><img data-recalc-dims=\"1\" loading=\"lazy\" decoding=\"async\" src=\"https:\/\/i0.wp.com\/www.rdpemancipation.org\/wp-content\/uploads\/2021\/02\/93255c9f132f19a15abbc5edae3ac4b6-760x520-1.jpg?resize=391%2C267&#038;ssl=1\" alt=\"\" class=\"wp-image-17459\" width=\"391\" height=\"267\" srcset=\"https:\/\/i0.wp.com\/www.rdpemancipation.org\/wp-content\/uploads\/2021\/02\/93255c9f132f19a15abbc5edae3ac4b6-760x520-1.jpg?w=760&amp;ssl=1 760w, https:\/\/i0.wp.com\/www.rdpemancipation.org\/wp-content\/uploads\/2021\/02\/93255c9f132f19a15abbc5edae3ac4b6-760x520-1.jpg?resize=300%2C205&amp;ssl=1 300w\" sizes=\"auto, (max-width: 391px) 100vw, 391px\" \/><\/figure>\n\n\n\n<p><a href=\"https:\/\/www.revolutionpermanente.fr\/Etat-Espagnol-Une-semaine-de-manifestations-des-jeunes-qui-remettent-en-cause-la-gauche-du-regime\">Etat Espagnol. Dans la rue, la jeunesse met en cause le r\u00e9gime et son aile gauche<\/a> (RP)<\/p>\n\n\n\n<p><a href=\"https:\/\/www.revolutionpermanente.fr\/Elections-en-Catalogne-la-CUP-double-ses-resultats-mais-l-extreme-droite-gagne-du-terrain-dans-le\">Elections en Catalogne&nbsp;: la CUP double ses r\u00e9sultats, mais l\u2019extr\u00eame-droite gagne du terrain&nbsp;<\/a> (RP)<\/p>\n\n\n\n<p><a href=\"https:\/\/courrierdeuropecentrale.fr\/hongrie-ils-ont-vendu-externalise-et-declasse-nos-universites\/\">Hongrie : \u00ab Ils ont vendu, externalis\u00e9 et d\u00e9class\u00e9 nos universit\u00e9s \u00bb<\/a> (Le Courrier d\u2019Europe centrale)<\/p>\n\n\n\n<p><a href=\"https:\/\/rapportsdeforce.fr\/classes-en-lutte\/coup-de-poker-duber-pour-imposer-son-modele-a-leurope-02239418\">Coup de poker d\u2019Uber pour imposer son mod\u00e8le \u00e0 l\u2019Europe<\/a> (Rapports de Force)<\/p>\n\n\n\n<p><a href=\"https:\/\/www.boursorama.com\/actualite-economique\/actualites\/meurtre-d-une-journaliste-maltaise-les-moments-cles-de-l-affaire-8923c86f84646c12c27a5e7aa7565eab\">Meurtre d&rsquo;une journaliste maltaise: les moments-cl\u00e9s de l&rsquo;affaire<\/a> (AFP)<\/p>\n\n\n\n<p><strong><span class=\"has-inline-color has-vivid-red-color\">23 F\u00e9vrier<\/span><\/strong><a href=\"https:\/\/www.courrierdesbalkans.fr\/Memoire-des-Juifs-des-Balkans-6-10-o-Ivan-Ivanji-C-est-Hitler-qui-m-a-appris\"><br><br>M\u00e9moire des Juifs des Balkans (6\/10)&nbsp; \u00ab&nbsp;C\u2019est Hitler qui m\u2019a appris que j\u2019\u00e9tais juif&nbsp;\u00bb<\/a> (Courrier des Balkans)<\/p>\n\n\n\n<p><a href=\"https:\/\/www.boursorama.com\/actualite-economique\/actualites\/l-ue-sanctionne-la-russie-a-minima-menace-l-armee-birmane-et-consulte-washington-a184dc454ba135134758b5b611e9e42d\">L&rsquo;UE sanctionne la Russie a minima, menace l&rsquo;arm\u00e9e birmane et consulte Washington<\/a> (AFP)<\/p>\n\n\n\n<p><a href=\"https:\/\/info.mediapart.fr\/optiext\/optiextension.dll?ID=TpoTjyV21qjgHgPNtmENsA03z9kvndhoso04gi8EHIgVw8kDLqTAe7U9jAZM9ciFTbVOOkmxILVgIpB79TJd5Jx9uGTnA\">En Allemagne, l\u2019extr\u00eame droite se soul\u00e8ve contre la \u00abdictature du corona\u00bb<\/a> (MDP)<\/p>\n\n\n\n<p><a href=\"https:\/\/courrierdeuropecentrale.fr\/les-polonais-seraient-majoritairement-en-faveur-de-laccueil-de-refugies-selon-un-sondage-pour-le-hcr\/\">Polonais seraient majoritairement en faveur accueil de r\u00e9fugi\u00e9s, selon un sondage pour le HCR<\/a> (Courrier Europe centrale)<\/p>\n\n\n\n<p>&nbsp;<a href=\"https:\/\/lundi.am\/Des-cartes-postales-pour-Cesare-Battisti\">Des cartes postales pour Cesare Battisti<\/a> (Lundi Matin)<\/p>\n\n\n\n<p><a href=\"http:\/\/www.apple.fr\">L<\/a><a href=\"https:\/\/foreignpolicy.com\/2021\/02\/22\/russian-pipeline-project-tests-bidens-relations-with-russia-germany-and-congress\/\" title=\"https:\/\/foreignpolicy.com\/2021\/02\/22\/russian-pipeline-project-tests-bidens-relations-with-russia-germany-and-congress\/\">\u2019administration Biden moins dure que pr\u00e9vu au sujet de Nord Stream 2<\/a> (en anglais -Foreign Policy)<\/p>\n\n\n\n<figure class=\"wp-block-image is-resized is-style-default\"><img data-recalc-dims=\"1\" loading=\"lazy\" decoding=\"async\" src=\"https:\/\/i0.wp.com\/foreignpolicy.com\/wp-content\/uploads\/2021\/02\/NordStream2.jpg?resize=393%2C262&#038;ssl=1\" alt=\"Gas pipes at a German port\" width=\"393\" height=\"262\"\/><\/figure>\n\n\n\n<p><a href=\"https:\/\/www.courrierdesbalkans.fr\/Croatie-once-d-espoir-dans-le-chantier-naval-de-Trogir\">Croatie : les travailleurs des chantiers navals de Trogir entrent en r\u00e9sistance<\/a> (Le Courrier des Balkans)<\/p>\n\n\n\n<p><strong><span class=\"has-inline-color has-vivid-red-color\">22 F\u00e9vrier<\/span><\/strong><a href=\"https:\/\/www.courrierdesbalkans.fr\/Memoire-des-Juifs-des-Balkans-6-10-o-Ivan-Ivanji-C-est-Hitler-qui-m-a-appris\"><br><br>M\u00e9moire des Juifs des Balkans (6\/10)&nbsp; \u00ab&nbsp;C\u2019est Hitler qui m\u2019a appris que j\u2019\u00e9tais juif&nbsp;\u00bb<\/a> (Courrier des Balkans)<\/p>\n\n\n\n<p><a href=\"https:\/\/europe-solidaire.us8.list-manage.com\/track\/click?u=5c732dd5ee65845cf20fd724a&amp;id=7ff18666ed&amp;e=5df9c98670\">L&rsquo;Allemagne, le faux eldorado des gardes-malades ukrainiennes<\/a> (Courrier Inter)<\/p>\n\n\n\n<p><a href=\"https:\/\/www.boursorama.com\/actualite-economique\/actualites\/les-ecoles-rouvrent-en-allemagne-malgre-la-crainte-d-une-troisieme-vague-733c57766d2e55178675a585eb2852bc\">Les \u00e9coles rouvrent en Allemagne malgr\u00e9 la crainte d&rsquo;une troisi\u00e8me vague<\/a> (AFP)<\/p>\n\n\n\n<p><a href=\"https:\/\/www.boursorama.com\/videos\/actualites\/barcelone-6e-nuit-de-colere-apres-l-arrestation-du-rappeur-pablo-hasel-9805834e0e75b10410e6f015f33c8541\">Barcelone: 6e nuit de col\u00e8re apr\u00e8s l&rsquo;arrestation du rappeur Pablo Has\u00e9l<\/a> (AFP vid\u00e9o)<\/p>\n\n\n\n<p><a href=\"https:\/\/www.humanite.fr\/en-espagne-larrestation-du-rappeur-pablo-hasel-divise-lexecutif-700427#xtor=RSS-1\">En Espagne, l\u2019arrestation du rappeur Pablo Hasel divise l\u2019ex\u00e9cutif<\/a> (L\u2019Humanit\u00e9)<\/p>\n\n\n\n<p><a href=\"http:\/\/link.newsletter.franceinter.fr\/m\/surl\/7429\/640715\/fckdw4HHJyNs7nPrR5dYu29C5lXTLJmivm821gAfcU8=\/link_19\/E6RfQ-Ugdo7XromMU3Lty9BViRIRyU6ggK8L-UTJ-Ny-XPuu-3e2eUbQkkAe5W0rXaRYyFn1XNdqhen8JLspxbyVibyAzuVZaQNy-ZsLvI+mELsMtE7XUg-GOCKdsYlHc3-jkEMgL1TQXezLJxmcvgcn-qH6DRJLEFXJ6B2IbWX4oU91fu2WBMnBWMEyKbVv+JY4HVccFM+TXmvZDjKoGB4VmAkGvt9MgPDjd6vXeJ-p8ywOymnjQtUEyXzm3YHa\">Des premiers cas de transmission de la grippe aviaire des volailles \u00e0 l&rsquo;homme d\u00e9tect\u00e9s en Russie<\/a> (France Inter)<\/p>\n\n\n\n<p><a href=\"https:\/\/laviedesidees.fr\/La-Pologne-en-regime-Covid.html\">La Pologne en r\u00e9gime Covid&nbsp;<\/a> (Lavie des idees)<\/p>\n\n\n\n<figure class=\"wp-block-image is-resized is-style-default\"><img data-recalc-dims=\"1\" loading=\"lazy\" decoding=\"async\" src=\"https:\/\/i0.wp.com\/laviedesidees.fr\/local\/cache-vignettes\/L534xH400\/arton5004-97202.jpg?resize=417%2C312&#038;ssl=1\" alt=\"\" width=\"417\" height=\"312\"\/><\/figure>\n\n\n\n<p><strong><span class=\"has-inline-color has-vivid-red-color\">21 F\u00e9vrier <\/span><\/strong><a href=\"https:\/\/www.courrierdesbalkans.fr\/Memoire-des-Juifs-des-Balkans-6-10-o-Ivan-Ivanji-C-est-Hitler-qui-m-a-appris\"><br><br>M\u00e9moire des Juifs des Balkans (6\/10)&nbsp; \u00ab&nbsp;C\u2019est Hitler qui m\u2019a appris que j\u2019\u00e9tais juif&nbsp;\u00bb<\/a> (Courrier des Balkans)<\/p>\n\n\n\n<p><a href=\"https:\/\/www.contretemps.eu\/italie-draghi-europe-bloc-bourgeois-palombarini\/\">Avec le gouvernement Draghi, le retour paradoxal du bloc bourgeois<\/a> (Contretemps)<\/p>\n\n\n\n<p><a href=\"https:\/\/lvsl.fr\/italie-le-gouvernement-technocratique-de-draghi-est-une-insulte-a-la-democratie\/\">Le gouvernement technocratique de Draghi est une insulte \u00e0 la d\u00e9mocratie<\/a> (LVSL)<\/p>\n\n\n\n<p><a href=\"https:\/\/www.boursorama.com\/boursoramag\/actualites\/nouvelle-nuit-de-violence-a-barcelone-apres-l-incarceration-d-un-rappeur-7e3ee93fd49cccd62e5c090cc6993c35\">Nouvelle nuit de violence \u00e0 Barcelone apr\u00e8s l&rsquo;incarc\u00e9ration d&rsquo;un rappeur<\/a> (Reuters)<\/p>\n\n\n\n<p><a href=\"http:\/\/alencontre.org\/suisse\/suisse-votation-federale-du-7-mars-initiative-anti-burqa-une-si-vieille-recette.html\">Suisse. Votation f\u00e9d\u00e9rale du 7&nbsp;mars. Initiative anti-burqa: une si vieille recette <\/a>(Alencontre)<\/p>\n\n\n\n<p><a href=\"https:\/\/www.boursorama.com\/actualite-economique\/actualites\/navalny-les-europeens-vont-sanctionner-le-kremlin-concertation-avec-washington-7975a7b2f09f2ddaef3dd09c8208b193\">Navalny: les Europ\u00e9ens vont sanctionner le Kremlin, concertation avec Washington<\/a> (AFP)<\/p>\n\n\n\n<p><a href=\"https:\/\/blogs.mediapart.fr\/jean-marc-b\/blog\/210221\/la-dynamique-du-mouvement-de-protestation-en-russie\">La dynamique du mouvement de protestation en&nbsp;Russie<\/a> (Aplutsoc)<\/p>\n\n\n\n<figure class=\"wp-block-image is-style-default\"><img data-recalc-dims=\"1\" decoding=\"async\" src=\"https:\/\/aplutsoc.files.wordpress.com\/2021\/02\/safe_image.php_.jpg?w=1200\" alt=\"\"\/><\/figure>\n\n\n\n<p><strong><span class=\"has-inline-color has-vivid-red-color\">20 F\u00e9vrier<\/span><\/strong><\/p>\n\n\n\n<p><a href=\"https:\/\/www.boursorama.com\/videos\/actualites\/barcelone-manifestation-etudiante-apres-l-incarceration-du-rappeur-pablo-hasel-b55ada140672686c980914baacb6d459\">Barcelone: manifestation \u00e9tudiante apr\u00e8s l&rsquo;incarc\u00e9ration du rappeur Pablo Has\u00e9l<\/a> (AFP vid\u00e9o)<\/p>\n\n\n\n<p><a href=\"https:\/\/lvsl.fr\/congres-de-la-cdu-allemande-beaucoup-de-bruit-pour-rien\/\">Congr\u00e8s de la CDU allemande : beaucoup de bruit pour rien<\/a> (Le Vent Se L\u00e8ve)<\/p>\n\n\n\n<p><a href=\"https:\/\/info.mediapart.fr\/optiext\/optiextension.dll?ID=RjiRlh1PlzYuVN95rE6QADmjntlXg_UNtNkdl9t_EGHu71wBIA2KQ5bxCq91oB20i%2BmDYB9vjIUSQfM_2MEotL6pbxYl7\">Allemagne: Tony Gentsch, un boucher n\u00e9onazi au conseil municipal<\/a> (MDP)<\/p>\n\n\n\n<p><a href=\"https:\/\/info.mediapart.fr\/optiext\/optiextension.dll?ID=RjiRj02j9YJEORzRhQx5PX2pvbWiXgsN7TUxLA8vpWsIaeY7IhTYLjaIpDyD1qtllmY5usreRaHSmLgbSdPPDl30GaWRq\">Malgr\u00e9 le processus de paix, un n\u00e9gociateur de l&rsquo;ETA est renvoy\u00e9 devant le tribunal<\/a> (MDP)<\/p>\n\n\n\n<p><a href=\"https:\/\/www.boursorama.com\/actualite-economique\/actualites\/au-belarus-il-semble-que-nous-ayons-perdu-declare-tikhanovskaia-e0ffeaeef5af2295fa7120452028469d\">Au B\u00e9larus, il semble que \u00ab\u00a0nous ayons perdu\u00a0\u00bb, d\u00e9clare Tikhanovska\u00efa<\/a> (AFP)<\/p>\n\n\n\n<p><a href=\"https:\/\/www.boursorama.com\/videos\/actualites\/pablo-hasel-incarcere-incendie-dans-une-nouvelle-nuit-de-manifestations-a-barcelone-8fc9c257d81456a07cda18f8fc1fb3d7\">Pablo Hasel incarc\u00e9r\u00e9: incendie dans une nouvelle nuit de manifestations \u00e0 Barcelone<\/a> (AFP)<\/p>\n\n\n\n<p><a href=\"https:\/\/www.courrierdesbalkans.fr\/Balkans-de-l-echec-de-l-integration-europeenne-a-l-effondrement-des-relations-regionales\">Balkans : de l&rsquo;\u00e9chec de l&rsquo;int\u00e9gration europ\u00e9enne \u00e0 l&rsquo;effondrement des relations r\u00e9gionales<\/a> (Courrier des Balkans)&nbsp;<\/p>\n\n\n\n<p><a href=\"https:\/\/aplutsoc.org\/2021\/02\/19\/la-dynamique-du-mouvement-de-protestation-en-russie\/\">La dynamique du mouvement de protestation en Russie <\/a>(Aplutsoc)<\/p>\n\n\n\n<p><a href=\"https:\/\/www.boursorama.com\/actualite-economique\/actualites\/l-opposant-russe-navalny-condamne-en-appel-et-menace-d-une-detention-en-camp-de-travail-457ab3104a1b4995c137a52f8d2c14b8\">L&rsquo;opposant russe Navalny condamn\u00e9 en appel et menac\u00e9 d&rsquo;une d\u00e9tention en camp de travail<\/a> (AFP)<\/p>\n\n\n\n<figure class=\"wp-block-image size-large is-resized is-style-default\"><img data-recalc-dims=\"1\" loading=\"lazy\" decoding=\"async\" src=\"https:\/\/i0.wp.com\/www.rdpemancipation.org\/wp-content\/uploads\/2021\/02\/2dd325685f24fc38a64b6548af54ae94-760x507-1.jpg?resize=401%2C267&#038;ssl=1\" alt=\"\" class=\"wp-image-16824\" width=\"401\" height=\"267\" srcset=\"https:\/\/i0.wp.com\/www.rdpemancipation.org\/wp-content\/uploads\/2021\/02\/2dd325685f24fc38a64b6548af54ae94-760x507-1.jpg?w=760&amp;ssl=1 760w, https:\/\/i0.wp.com\/www.rdpemancipation.org\/wp-content\/uploads\/2021\/02\/2dd325685f24fc38a64b6548af54ae94-760x507-1.jpg?resize=300%2C200&amp;ssl=1 300w\" sizes=\"auto, (max-width: 401px) 100vw, 401px\" \/><\/figure>\n\n\n\n<p><strong><span class=\"has-inline-color has-vivid-red-color\">19 F\u00e9vrier <\/span><\/strong><\/p>\n\n\n\n<p><a href=\"https:\/\/courrierdeuropecentrale.fr\/en-autriche-des-expulsions-fragilisent-la-coalition-verte-conservatrice\/\">En Autriche, des expulsions fragilisent la coalition verte-conservatrice<\/a>&nbsp; (Le Courrier d\u2019Europe centrale)<\/p>\n\n\n\n<p><a href=\"https:\/\/www.boursorama.com\/actualite-economique\/actualites\/la-cour-supreme-britannique-considere-les-chauffeurs-uber-comme-employes-e52a52386b69602b8d03e6c6ba357e49\">La Cour supr\u00eame britannique consid\u00e8re les chauffeurs Uber comme employ\u00e9s<\/a> (AFP)<\/p>\n\n\n\n<p><a href=\"https:\/\/info.mediapart.fr\/optiext\/optiextension.dll?ID=2uv2wSwooirVl3eWuD3UiDMgfxVFjqqTgerSSXK6T2IKvP0g%2BF1LybrYSKwOKkAny9sx159DSobbXkqtDN%2BV%2BgUBsDv2i\">En ex-RDA, les n\u00e9onazis de La Troisi\u00e8me Voie prosp\u00e8rent sur les espoirs d\u00e9\u00e7us<\/a> (MDP)<\/p>\n\n\n\n<p><a href=\"https:\/\/info.mediapart.fr\/optiext\/optiextension.dll?ID=2uv2u2xRpzTuqCxn7oheN_QG3Lo%2BBApDGFF1LUmdbxtCMRxg%2BD%2B9o5m3Yx76Q4f4H1dr%2Bo9irWG01GcX8cqsKvcCaICUU\">N\u00e9onazis allemands: comment Mediapart a enqu\u00eat\u00e9 sur La Troisi\u00e8me Voie<\/a> (MDP)<\/p>\n\n\n\n<p><a href=\"https:\/\/www.boursorama.com\/videos\/actualites\/soleil-mer-et-covid-19-le-cocktail-detonnant-qui-fait-plonger-l-espagne-partie-2-7019a28e57c484b14e7ec02cc7447bef\">Soleil, mer et Covid-19, le cocktail d\u00e9tonnant qui fait plonger l&rsquo;Espagne (partie 2)<\/a> (France 24)<\/p>\n\n\n\n<p><a href=\"https:\/\/www.boursorama.com\/videos\/actualites\/soleil-mer-et-covid-19-le-cocktail-detonnant-qui-fait-plonger-l-espagne-partie-1-d45419937ddeed168b3b5801d7c69d15\">Soleil, mer et Covid-19, le cocktail d\u00e9tonnant qui fait plonger l&rsquo;Espagne (partie 1)<\/a> (France 24)<\/p>\n\n\n\n<p><a href=\"https:\/\/info.mediapart.fr\/optiext\/optiextension.dll?ID=2uv2vwPou5Hx30cSBn6jQcxUVByCCbVUMapE0d7m6YQwx+qg+7Q9JVkADOlLbKuZ7DszWTcZldIMKP+XDo7AmjBUXo6U9\">Suisse: Une ZAD au \u00abc\u0153ur de la b\u00eate\u00bb<\/a> &#8211; Anselm Jappe<\/p>\n\n\n\n<p><strong><span class=\"has-inline-color has-vivid-red-color\">18 F\u00e9vrier <\/span><\/strong><\/p>\n\n\n\n<p><a href=\"https:\/\/info.mediapart.fr\/optiext\/optiextension.dll?ID=C_%2BC8z6FRYEeagPCz8o9TLtsKovlZ3Rq3AeQauaWzBNcwGemuo1ZXFm_LfoS40IV6gk_IgR3EzcGTwfmxx6HOb07ybc8P\">En Espagne, l\u2019emprisonnement du rappeur Pablo Has\u00e9l secoue le gouvernement<\/a> (MDP)<\/p>\n\n\n\n<p><a href=\"https:\/\/www.boursorama.com\/actualite-economique\/actualites\/espagne-des-dizaines-d-arrestations-apres-de-nouvelles-manifestations-bebd9eeeb96383ea7dc4e3cc83824639\">Espagne: des dizaines d&rsquo;arrestations apr\u00e8s de nouvelles manifestations<\/a> (AFP)<\/p>\n\n\n\n<p><a href=\"https:\/\/www.anti-k.org\/2021\/02\/18\/les-manifestations-pour-lemprisonnement-de-pablo-hasel-en-images\/\">Les manifestations pour l\u2019emprisonnement de Pablo Has\u00e9l, en images <\/a>(El Pais)<br><br><a href=\"https:\/\/www.anti-k.org\/2021\/02\/18\/arrestation-dun-rappeur-pour-injure-a-la-monarchie-emeutes-a-barcelone-lleida-vic-gerone-et-valence-16-fevrier-2021-par-alain-bertho\/\">Arrestation d\u2019un rappeur pour injure \u00e0 la monarchie &nbsp;: \u00e9meutes \u00e0 Barcelone, LLeida, Vic, G\u00e9rone et Valence &#8211;&nbsp;<\/a>Alain Bertho<\/p>\n\n\n\n<p><a href=\"https:\/\/www.revolutionpermanente.fr\/Frontiere-espagnole-Une-action-xenophobe-du-RN-contree-par-la-mobilisation\">Fronti\u00e8re espagnole. Une action x\u00e9nophobe du RN contr\u00e9e par la mobilisation&nbsp;!<\/a> (RP)<\/p>\n\n\n\n<figure class=\"wp-block-image is-resized is-style-default\"><img data-recalc-dims=\"1\" loading=\"lazy\" decoding=\"async\" src=\"https:\/\/i0.wp.com\/www.revolutionpermanente.fr\/local\/cache-vignettes\/L650xH342\/arton24078-05bf5.jpg?resize=422%2C222&#038;ssl=1\" alt=\"\" width=\"422\" height=\"222\"\/><\/figure>\n\n\n\n<p><a href=\"https:\/\/info.mediapart.fr\/optiext\/optiextension.dll?ID=C_%2BC86XCGLWpUC7K25NQ5MnbxDK%2BXCeC47eNgavf5c7BsXaSv9ZALTorUMo%2B5yUmxyrGBJo156KX4373JFtXmoKcD04ur\">UE-Chine: les dessous d\u2019un accord commercial controvers\u00e9<\/a> (MDP)<\/p>\n\n\n\n<p><a href=\"https:\/\/www.revolutionpermanente.fr\/Impunite-imperialiste-L-Allemagne-disculpee-de-la-mort-de-90-civils-en-Afghanistan-par-la-CEDH\">Impunit\u00e9 imp\u00e9rialiste. L\u2019Allemagne disculp\u00e9e de la mort de 90 civils en Afghanistan par la CEDH<\/a> (RP)<\/p>\n\n\n\n<p><a href=\"https:\/\/www.fidh.org\/fr\/themes\/mondialisation-droits-humains\/inclure-les-droits-humains-dans-les-strategies-d-investissement-l-26534\">Droits humains: \u00e9valuation extra financi\u00e8re des 27 \u00c9tats membres de l&rsquo;UE et du Royaume-Uni<\/a> (FIDH)<\/p>\n\n\n\n<p><a href=\"https:\/\/lanticapitaliste.org\/actualite\/international\/en-italie-mario-draghi-la-tete-dun-improbable-gouvernement-dunion-nationale\">Mario Draghi \u00e0 la t\u00eate d\u2019un improbable gouvernement d\u2019union nationale en Italie<\/a> (L\u2019Anticapitaliste)<\/p>\n\n\n\n<p><a href=\"https:\/\/www.boursorama.com\/actualite-economique\/actualites\/rappeur-incarcere-en-espagne-des-dizaines-d-arrestations-apres-de-nouvelles-manifestations-bebd9eeeb96383ea7dc4e3cc83824639\">Rappeur incarc\u00e9r\u00e9 en Espagne: des dizaines d&rsquo;arrestations apr\u00e8s de nouvelles manifestations<\/a><br>(AFP)<\/p>\n\n\n\n<p><a href=\"https:\/\/www.boursorama.com\/actualite-economique\/actualites\/defense-paris-et-berlin-tentent-de-surmonter-leur-divergences-sur-le-scaf-f1d526cb6f51ac40454d06f52ced37a4\">D\u00e9fense: Paris et Berlin tentent de surmonter leur divergences sur le SCAF<\/a> (Reuters)<\/p>\n\n\n\n<p><a href=\"https:\/\/www.courrierdesbalkans.fr\/Bosnie-Herzegovine-heurs-et-malheurs-des-investissements-arabes\">Entre les investisseurs arabes et la Bosnie-Herz\u00e9govine, c&rsquo;est \u00ab je t&rsquo;aime, moi non plus \u00bb<\/a> (Courrier des Balkans)<\/p>\n\n\n\n<p><a href=\"https:\/\/lanticapitaliste.org\/actualite\/international\/en-grece-la-colere-monte-contre-le-gouvernement-du-fric-des-flics-et-des\">En Gr\u00e8ce, la col\u00e8re monte contre le gouvernement du fric, des flics et des passe-droits<\/a> (L\u2019Anticapitaliste)<\/p>\n\n\n\n<figure class=\"wp-block-image is-resized is-style-default\"><img data-recalc-dims=\"1\" loading=\"lazy\" decoding=\"async\" src=\"https:\/\/i0.wp.com\/lanticapitaliste.org\/sites\/default\/files\/334732g-1b.jpg?resize=435%2C244&#038;ssl=1\" alt=\"\" width=\"435\" height=\"244\"\/><\/figure>\n\n\n\n<p><strong><span class=\"has-inline-color has-vivid-red-color\">17 F\u00e9vrier <\/span><\/strong><\/p>\n\n\n\n<p><a href=\"https:\/\/europe-solidaire.us8.list-manage.com\/track\/click?u=5c732dd5ee65845cf20fd724a&amp;id=d7da21cc97&amp;e=5df9c98670\">Catalogne : Briser le silence \u2013 \u00ab Des prisonniers politiques purgent de lourdes peines juste \u00e0 nos fronti\u00e8res \u00bb<\/a> (LDH)<\/p>\n\n\n\n<p><a href=\"https:\/\/www.boursorama.com\/actualite-economique\/actualites\/rappeur-incarcere-en-espagne-15-personnes-arretees-dans-des-manifestations-8c9bdab30ee9f60c4740e6e3f0175e07\">Rappeur incarc\u00e9r\u00e9 en Espagne: 15 personnes arr\u00eat\u00e9es dans des manifestations<\/a> (AFP)<\/p>\n\n\n\n<p><a href=\"https:\/\/info.mediapart.fr\/optiext\/optiextension.dll?ID=XtsXqHnnledzX01TsNq8DZncgO74JbRa7JlFlnptCzLR8zXb4PFGd4zF3fBg0Hwkf9ecNRZQQRj5aCzk0npKUmgcmbJXO\">Contre l\u2019emprisonnement de Pablo Hasel<\/a> &#8211;<a href=\"https:\/\/info.mediapart.fr\/optiext\/optiextension.dll?ID=XtsXx4JkWIsRzE6xrHeyiSgLR5XEkl3dPMKecqQRtAYg7PFb49jgE2hayj2qMyg1LdvRl1kpbq_T2eObNJt5ADrCM9Ib8\">L<\/a>es invit\u00e9s de Mediapart<\/p>\n\n\n\n<figure class=\"wp-block-image size-large is-resized is-style-default\"><img data-recalc-dims=\"1\" loading=\"lazy\" decoding=\"async\" src=\"https:\/\/i0.wp.com\/www.rdpemancipation.org\/wp-content\/uploads\/2021\/02\/dbd917db05bbd8c3b87a65351eebd087-760x507-1.jpg?resize=419%2C278&#038;ssl=1\" alt=\"\" class=\"wp-image-16361\" width=\"419\" height=\"278\"\/><figcaption>Barcelone: Insulte \u00e0 la couronne d&rsquo;Espagne&#8230;<\/figcaption><\/figure>\n\n\n\n<p><a href=\"https:\/\/lanticapitaliste.org\/opinions\/international\/poutine-contre-navalny\">Poutine contre Navalny<\/a> -David Mandel<\/p>\n\n\n\n<p><a href=\"https:\/\/www.courrierdesbalkans.fr\/Croatie-le-ministere-de-la-Culture-ne-veut-pas-de-livres-en-serbe\">Croatie : quand le minist\u00e8re de la Culture ne veut pas de livres en serbe<\/a> (Le Courrier des Balkans)<\/p>\n\n\n\n<p><strong><span class=\"has-inline-color has-vivid-red-color\">16 F\u00e9vrier <\/span><\/strong><\/p>\n\n\n\n<p><a href=\"https:\/\/www.revolutionpermanente.fr\/L-Allemagne-ferme-ses-frontieres-contre-le-variant-la-xenophobie-avant-tout\">L\u2019Allemagne ferme ses fronti\u00e8res contre le variant&nbsp;: la x\u00e9nophobie avant tout&nbsp;!<\/a> (RP)<\/p>\n\n\n\n<p><a href=\"https:\/\/lanticapitaliste.org\/actualite\/international\/vraies-et-fausses-lecons-des-elections-en-catalogne\">Vraies et fausses le\u00e7ons des \u00e9lections en Catalogne<\/a> (L\u2019Anticapitaliste)<\/p>\n\n\n\n<p><a href=\"https:\/\/www.courrierdesbalkans.fr\/Nisam-trazila-les-quatre-femmes-derriere-le-metoo-de-Bosnie-Herzegovine\">Nisam tra\u017eila : les quatre femmes derri\u00e8re le #metoo de Bosnie-Herz\u00e9govine<\/a> (Courrier des Balkans)<\/p>\n\n\n\n<p><a href=\"https:\/\/www.boursorama.com\/videos\/actualites\/pour-l-opposant-russe-m-khodorkovski-les-sanctions-contre-l-entourage-de-poutine-sont-efficaces-55e1fa6ab93b5ec0e0b5085386df96cc\">Pour l&rsquo;opposant russe M. Khodorkovski, \u00ab\u00a0les sanctions contre l&rsquo;entourage de Poutine sont efficaces\u00a0\u00bb<\/a> (France 24)<\/p>\n\n\n\n<p><a href=\"https:\/\/www.boursorama.com\/boursoramag\/actualites\/espagne-arrestation-controversee-d-un-rappeur-condamne-pour-des-tweets-7127e82d3011de371e7b70b047b0ac2c\">Espagne: arrestation controvers\u00e9e d&rsquo;un rappeur condamn\u00e9 pour des tweets<\/a> (AFP)<\/p>\n\n\n\n<figure class=\"wp-block-image size-large is-resized is-style-default\"><img data-recalc-dims=\"1\" loading=\"lazy\" decoding=\"async\" src=\"https:\/\/i0.wp.com\/www.rdpemancipation.org\/wp-content\/uploads\/2021\/02\/3376423c84e75bd8e7b39a5d1fd91d00-760x510-1.jpg?resize=396%2C266&#038;ssl=1\" alt=\"\" class=\"wp-image-16215\" width=\"396\" height=\"266\" srcset=\"https:\/\/i0.wp.com\/www.rdpemancipation.org\/wp-content\/uploads\/2021\/02\/3376423c84e75bd8e7b39a5d1fd91d00-760x510-1.jpg?w=760&amp;ssl=1 760w, https:\/\/i0.wp.com\/www.rdpemancipation.org\/wp-content\/uploads\/2021\/02\/3376423c84e75bd8e7b39a5d1fd91d00-760x510-1.jpg?resize=300%2C201&amp;ssl=1 300w\" sizes=\"auto, (max-width: 396px) 100vw, 396px\" \/><\/figure>\n\n\n\n<p><strong><span class=\"has-inline-color has-vivid-red-color\">15 F\u00e9vrier<\/span><\/strong><\/p>\n\n\n\n<p><a href=\"https:\/\/info.mediapart.fr\/optiext\/optiextension.dll?ID=y67y8%2BFmwHug5GmSPQrCsBirzXEUp7au1ehj9QruEGNu0nLOrDrwOgciBPTcIUCqP39rBsn7d2SA4ZFRd3DU9om1vERqT\">Catalogne: les ind\u00e9pendantistes renforcent leur majorit\u00e9 en si\u00e8ges, Vox en force<\/a> (MDP)<\/p>\n\n\n\n<p><a href=\"https:\/\/www.boursorama.com\/actualite-economique\/actualites\/la-grande-bretagne-debauche-les-infirmiers-de-malte-l-ile-s-inquiete-ff66206bfb92133347f826fda9012ea3\">La Grande-Bretagne d\u00e9bauche les infirmiers de Malte, l&rsquo;\u00eele s&rsquo;inqui\u00e8te<\/a> (Reuters)<\/p>\n\n\n\n<p><a href=\"https:\/\/www.humanite.fr\/allemagne-barricades-face-aux-variants-du-covid-19-700176#xtor=RSS-1\">Allemagne Barricades face aux variants du Covid-19<\/a> (L\u2019Humanit\u00e9)<\/p>\n\n\n\n<p><a href=\"http:\/\/alencontre.org\/laune\/portugal-chega-un-parti-dextreme-droite-present-dans-le-systeme-politique-portugais.html\">Portugal. Chega: un parti d\u2019extr\u00eame droite pr\u00e9sent dans le syst\u00e8me politique portugais <\/a>(Alencontre)<\/p>\n\n\n\n<p><a href=\"http:\/\/cadtm.org\/Bruxelles-ville-coloniale\">Bruxelles ville coloniale ?<\/a> (CADTM )<\/p>\n\n\n\n<p><a href=\"https:\/\/www.boursorama.com\/actualite-economique\/actualites\/en-france-une-cyberattaque-qui-fait-penser-a-celles-des-hackers-russes-d89f772a94facda7bad9da5a4cd96d12\">En France, une cyberattaque qui fait penser \u00e0 celles des hackers russes<\/a> (AFP)<\/p>\n\n\n\n<p><a href=\"https:\/\/www.cadtm.org\/Centenaire-de-la-revolution-russe\">Russie&nbsp;: origine et suites de la r\u00e9pudiation des dettes du 10 f\u00e9vrier 1918<\/a> -Eric Toussaint<\/p>\n\n\n\n<figure class=\"wp-block-image is-resized is-style-default\"><img data-recalc-dims=\"1\" loading=\"lazy\" decoding=\"async\" src=\"https:\/\/i0.wp.com\/www.cadtm.org\/local\/cache-vignettes\/L640xH473\/titre-russe-1906-fcf9b.jpg?resize=433%2C319&#038;ssl=1\" alt=\"\" width=\"433\" height=\"319\"\/><\/figure>\n\n\n\n<p><strong><span class=\"has-inline-color has-vivid-red-color\">14 F\u00e9vrier <\/span><\/strong><\/p>\n\n\n\n<p><a href=\"https:\/\/www.boursorama.com\/actualite-economique\/actualites\/espagne-les-independantistes-renforcent-leur-emprise-en-catalogne-07d9c0e52fa94d9528d451eca2935d42\">Espagne: les ind\u00e9pendantistes renforcent leur emprise en Catalogne<\/a> (AFP)<\/p>\n\n\n\n<p><a href=\"https:\/\/ricochets.cc\/Solidarite-avec-l-artiste-espagnol-et-combattant-social-Pablo-Hasel.html\">Solidarit\u00e9 avec l&rsquo;artiste espagnol et combattant social, Pablo Hasel.<\/a> (Ricochets)<\/p>\n\n\n\n<p><a href=\"https:\/\/www.courrierdesbalkans.fr\/Legislatives-anticipees-au-Kosovo-la-soif-du-changement\">L\u00e9gislatives anticip\u00e9es au Kosovo : la soif du changement<\/a> (Le Courrier des Balkans)<\/p>\n\n\n\n<p><a href=\"https:\/\/www.boursorama.com\/actualite-economique\/actualites\/kosovo-un-parti-anti-elites-en-passe-de-remporter-les-legislatives-9060df795792491bcbc639eac5772819\">Kosovo: un parti anti-\u00e9lites en passe de remporter les l\u00e9gislatives<\/a> (AFP)<\/p>\n\n\n\n<p><a href=\"https:\/\/www.boursorama.com\/actualite-economique\/actualites\/l-amour-plus-fort-que-la-peur-des-femmes-russes-manifestent-contre-la-repression-06c4d047b1ad2b49f85e091d79114cb0\">\u00ab\u00a0L&rsquo;amour plus fort que la peur\u00a0\u00bb: des femmes russes manifestent contre la r\u00e9pression<\/a> (AFP)<\/p>\n\n\n\n<p><a href=\"https:\/\/www.boursorama.com\/actualite-economique\/actualites\/en-russie-la-baisse-du-niveau-de-vie-nourrit-la-grogne-politique-e931732abaa829b6c2b2237a27a43a3b\">En Russie, la baisse du niveau de vie nourrit la grogne politique<\/a> (AFP)<\/p>\n\n\n\n<p><a href=\"https:\/\/europe-solidaire.us8.list-manage.com\/track\/click?u=5c732dd5ee65845cf20fd724a&amp;id=80ced076d5&amp;e=5df9c98670\">Appel international pour la lib\u00e9ration imm\u00e9diate de tous les prisonniers politiques en Russie<\/a> -Collectif<\/p>\n\n\n\n<figure class=\"wp-block-image size-large is-resized\"><img data-recalc-dims=\"1\" loading=\"lazy\" decoding=\"async\" src=\"https:\/\/i0.wp.com\/www.rdpemancipation.org\/wp-content\/uploads\/2021\/02\/image-41.png?resize=391%2C293&#038;ssl=1\" alt=\"\" class=\"wp-image-15940\" width=\"391\" height=\"293\" srcset=\"https:\/\/i0.wp.com\/www.rdpemancipation.org\/wp-content\/uploads\/2021\/02\/image-41.png?w=484&amp;ssl=1 484w, https:\/\/i0.wp.com\/www.rdpemancipation.org\/wp-content\/uploads\/2021\/02\/image-41.png?resize=300%2C224&amp;ssl=1 300w\" sizes=\"auto, (max-width: 391px) 100vw, 391px\" \/><figcaption><sup><strong>Saint-Valentin chez les Navalny. <\/strong><\/sup><br><sup>Dessin d\u2019Andryi Petrenko, Cartoon Movement, Ukraine.&nbsp;<\/sup><\/figcaption><\/figure>\n\n\n\n<p><strong><span class=\"has-inline-color has-vivid-red-color\">13 F\u00e9vrier <\/span><\/strong><\/p>\n\n\n\n<p><a href=\"http:\/\/www.apple.fr\">Catalogne: briser le silence<\/a> (LDH)<\/p>\n\n\n\n<p><a href=\"https:\/\/www.mediapart.fr\/journal\/international\/120221\/en-italie-mario-draghi-prend-les-renes-d-un-gouvernement-d-union-nationale\">En Italie, Mario Draghi prend les r\u00eanes d\u2019un gouvernement d\u2019union nationale<\/a> (M\u00e9diapart)<\/p>\n\n\n\n<p><a href=\"https:\/\/www.humanite.fr\/au-parlement-italien-ne-reste-quun-parti-dopposition-et-il-est-fasciste-700096#xtor=RSS-1\">Au Parlement italien, ne reste qu\u2019un parti d\u2019opposition et il est fasciste<\/a> (L\u2019Humanit\u00e9)<\/p>\n\n\n\n<p><a href=\"https:\/\/www.mediapart.fr\/journal\/international\/130221\/avec-l-operation-illa-madrid-espere-tourner-la-page-de-l-independantisme-catalan\">Avec l\u2019\u00abop\u00e9ration Illa\u00bb, Madrid esp\u00e8re tourner la page de l\u2019ind\u00e9pendantisme catalan<\/a> par Ludovic Lamant (M\u00e9diapart)<\/p>\n\n\n\n<p><a href=\"https:\/\/www.boursorama.com\/actualite-economique\/actualites\/chypre-des-centaines-de-manifestants-a-nicosie-contre-la-corruption-et-les-restrictions-215623afab4a50d91b6d80d4aa26e45f\">Chypre: des centaines de manifestants \u00e0 Nicosie contre la corruption et les restrictions<\/a> (AFP)<\/p>\n\n\n\n<figure class=\"wp-block-image size-large is-resized is-style-default\"><img data-recalc-dims=\"1\" loading=\"lazy\" decoding=\"async\" src=\"https:\/\/i0.wp.com\/www.rdpemancipation.org\/wp-content\/uploads\/2021\/02\/72b8b62ba2552fe0cbc0fd894224c0d7-760x533-1.jpg?resize=393%2C275&#038;ssl=1\" alt=\"\" class=\"wp-image-15873\" width=\"393\" height=\"275\" srcset=\"https:\/\/i0.wp.com\/www.rdpemancipation.org\/wp-content\/uploads\/2021\/02\/72b8b62ba2552fe0cbc0fd894224c0d7-760x533-1.jpg?w=760&amp;ssl=1 760w, https:\/\/i0.wp.com\/www.rdpemancipation.org\/wp-content\/uploads\/2021\/02\/72b8b62ba2552fe0cbc0fd894224c0d7-760x533-1.jpg?resize=300%2C210&amp;ssl=1 300w\" sizes=\"auto, (max-width: 393px) 100vw, 393px\" \/><\/figure>\n\n\n\n<p><strong><span class=\"has-inline-color has-vivid-red-color\">12 F\u00e9vrier <\/span><\/strong><\/p>\n\n\n\n<p><a href=\"https:\/\/www.boursorama.com\/actualite-economique\/actualites\/fort-d-un-large-soutien-draghi-va-prendre-le-gouvernail-de-l-italie-b60219a90d3f93d6242a8e85750beb92\">Fort d&rsquo;un large soutien, Draghi va prendre le gouvernail de l&rsquo;Italie<\/a> (AFP)<\/p>\n\n\n\n<p><a href=\"https:\/\/www.anti-k.org\/2021\/02\/12\/un-auteur-lie-a-lextreme-droite-invite-a-la-foire-du-livre-belge-duccle\/\">Un auteur li\u00e9 \u00e0 l\u2019extr\u00eame droite invit\u00e9 \u00e0 la Foire du livre belge d\u2019Uccle <\/a>(Anti-K)<\/p>\n\n\n\n<p><strong><span class=\"has-inline-color has-vivid-red-color\">11 F\u00e9vrier <\/span><\/strong><\/p>\n\n\n\n<p><a href=\"https:\/\/lvsl.fr\/italie-le-gouvernement-technocratique-de-draghi-est-une-insulte-a-la-democratie\/\">Italie : le gouvernement technocratique de Draghi est une insulte \u00e0 la d\u00e9mocratie<\/a> (Le Vent Se L\u00e8ve)<\/p>\n\n\n\n<p><a href=\"http:\/\/www.apple.fr\">Grosse manifestation d\u2019\u00e9tudiants \u00e0 Ath\u00e8nes contre le projet de loi visant \u00e0 cr\u00e9er une police universitaire<\/a> -vid\u00e9o<\/p>\n\n\n\n<p><a href=\"https:\/\/www.boursorama.com\/videos\/actualites\/covid-19-l-allemagne-prolonge-ses-restrictions-jusqu-au-7-mars-850fde4095274a77c3be5fb74a50e0ce\">Covid-19: l&rsquo;Allemagne prolonge ses restrictions jusqu&rsquo;au 7 mars<\/a> (AFP vid\u00e9o)<\/p>\n\n\n\n<p><a href=\"https:\/\/aplutsoc.org\/2021\/02\/09\/retranscription-de-lintervention-de-roger-silverman-a-la-conference-du-30-janvier-de-la-labour-left-alliance\/\">Intervention de Roger Silverman \u00e0 la conf\u00e9rence de la Labour Left Alliance<\/a> (Aplutsoc)- Martin Vander Elst, Romain Comp\u00e8re<\/p>\n\n\n\n<p><a href=\"http:\/\/alencontre.org\/debats\/debat-les-elections-du-14-fevrier-en-catalogne-prise-de-position-des-anticapitalistas.html\">D\u00e9bat. Les \u00e9lections du 14&nbsp;f\u00e9vrier en Catalogne. Prise de position des Anticapitalistas<\/a> (Alencontre)<\/p>\n\n\n\n<figure class=\"wp-block-image size-large is-resized is-style-default\"><img data-recalc-dims=\"1\" loading=\"lazy\" decoding=\"async\" src=\"https:\/\/i0.wp.com\/www.rdpemancipation.org\/wp-content\/uploads\/2021\/02\/Catalogne14fev21.jpg?resize=402%2C270&#038;ssl=1\" alt=\"\" class=\"wp-image-15651\" width=\"402\" height=\"270\" srcset=\"https:\/\/i0.wp.com\/www.rdpemancipation.org\/wp-content\/uploads\/2021\/02\/Catalogne14fev21.jpg?w=900&amp;ssl=1 900w, https:\/\/i0.wp.com\/www.rdpemancipation.org\/wp-content\/uploads\/2021\/02\/Catalogne14fev21.jpg?resize=300%2C202&amp;ssl=1 300w, https:\/\/i0.wp.com\/www.rdpemancipation.org\/wp-content\/uploads\/2021\/02\/Catalogne14fev21.jpg?resize=768%2C517&amp;ssl=1 768w\" sizes=\"auto, (max-width: 402px) 100vw, 402px\" \/><\/figure>\n\n\n\n<p><strong><span class=\"has-inline-color has-vivid-red-color\">10 F\u00e9vrier <\/span><\/strong><\/p>\n\n\n\n<p><a href=\"https:\/\/blogs.mediapart.fr\/antoine-montpellier\/blog\/100221\/catalogne-une-election-qui-ne-devrait-pas-regler-la-crise?fbclid=IwAR2xN_swUCa_F86AAsMVbA63YxjUoEY6Eef9G8aVCpdC8sfYqI7TqdBOZmw\">Catalogne, une \u00e9lection qui ne devrait pas r\u00e9gler la crise \u2026<\/a>&#8211; Antoine (Montpellier)&nbsp;<\/p>\n\n\n\n<p><a href=\"https:\/\/www.cadtm.org\/Appel-international-pour-la-liberation-immediate-de-tous-les-prisonniers\">Appel international pour la lib\u00e9ration imm\u00e9diate de tous les prisonniers politiques en Russie<\/a> -Collectif<\/p>\n\n\n\n<p><a href=\"https:\/\/info.mediapart.fr\/optiext\/optiextension.dll?ID=9FE9F3kb1iUiHdn4t+vceVcHDR+r4dXnxkz5DNipWpq_RMbT138ZbhKxTsrFDKRB6Jv9ZPCa+Dah1zRBxmdjcSDpRMZ97\">Avec la pand\u00e9mie, Viktor Orb\u00e1n d\u00e9roule encore plus le tapis rouge \u00e0 la Chine<\/a> (MDP)<\/p>\n\n\n\n<p><a href=\"http:\/\/alencontre.org\/europe\/russie\/russie-la-majorite-de-poutine-en-declin.html\">Russie. La majorit\u00e9 de Poutine en d\u00e9clin? <\/a>(Alencontre)<\/p>\n\n\n\n<figure class=\"wp-block-image size-large is-resized is-style-default\"><img data-recalc-dims=\"1\" loading=\"lazy\" decoding=\"async\" src=\"https:\/\/i0.wp.com\/www.rdpemancipation.org\/wp-content\/uploads\/2021\/02\/Navalny2018-copie-768x456-1.jpg?resize=394%2C234&#038;ssl=1\" alt=\"\" class=\"wp-image-15552\" width=\"394\" height=\"234\" srcset=\"https:\/\/i0.wp.com\/www.rdpemancipation.org\/wp-content\/uploads\/2021\/02\/Navalny2018-copie-768x456-1.jpg?w=768&amp;ssl=1 768w, https:\/\/i0.wp.com\/www.rdpemancipation.org\/wp-content\/uploads\/2021\/02\/Navalny2018-copie-768x456-1.jpg?resize=300%2C178&amp;ssl=1 300w\" sizes=\"auto, (max-width: 394px) 100vw, 394px\" \/><\/figure>\n\n\n\n<p><a href=\"https:\/\/www.courrierdesbalkans.fr\/Grece-etudiants-et-enseignants-se-revoltent-contre-le-flicage-des-universites\">Gr\u00e8ce : \u00e9tudiants et enseignants ensemble contre le flicage des universit\u00e9s<\/a> (Courrier des Balkans)<\/p>\n\n\n\n<p><a href=\"https:\/\/www.boursorama.com\/actualite-economique\/actualites\/l-estonie-teste-des-passeports-de-vaccination-pour-le-monde-entier-bb5f54eb57e5b444d8ae7c3543348a9f\">L&rsquo;Estonie teste des passeports de vaccination pour le monde entier<\/a> (AFP)<\/p>\n\n\n\n<p><a href=\"https:\/\/www.anti-k.org\/2021\/02\/09\/elle-sappelait-lepa-radic\/\">Elle s\u2019appelait Lepa Radic <\/a>(Anti-K)<\/p>\n\n\n\n<p><strong><span class=\"has-inline-color has-vivid-red-color\">9 F\u00e9vrier <\/span><\/strong><\/p>\n\n\n\n<p><a href=\"https:\/\/info.mediapart.fr\/optiext\/optiextension.dll?ID=SopSltrGOJIPU84PnZmb5vwetl+iJq3s_JFKj3beLsd7cejCLm46dscwdEp0qy5AUJygiIrlGTF+e75dkoST2jnhVCJKi\">Italie: les paris risqu\u00e9s de Matteo Renzi<\/a> (MDP)<\/p>\n\n\n\n<p><a href=\"https:\/\/courrierdeuropecentrale.fr\/un-tribunal-polonais-corrige-deux-historiens-de-la-shoah\/\">Un tribunal polonais corrige deux historiens de la Shoah<\/a> (Courrier d\u2019Europe centrale)<\/p>\n\n\n\n<p><a href=\"https:\/\/courrierdeuropecentrale.fr\/klubradio-grande-voix-dopposition-en-hongrie-ne-pourra-plus-emettre-sur-la-fm\/\">Klubr\u00e1di\u00f3, grande voix d\u2019opposition en Hongrie, ne pourra plus \u00e9mettre sur la FM<\/a> (Courrier d\u2019Europe centrale)<\/p>\n\n\n\n<p><a href=\"https:\/\/info.mediapart.fr\/optiext\/optiextension.dll?ID=SopSpIa1BcWIRcslWVYqJLkho_Ne3dWnUXibTtv6EMqHacmCLtp8W4ga7SMXtyYxfHjklAa7VXE43xCjZECJ4pOf8aLu8\">\u00abUn palais pour Poutine\u00bb:ici la version fran\u00e7aise de la vid\u00e9o<\/a>&nbsp; (MDP)<\/p>\n\n\n\n<p><a href=\"https:\/\/info.mediapart.fr\/optiext\/optiextension.dll?ID=SopSmiXaxTux66_KUTjn05cZ1jsemGthfivkkldwFHcSBfp8LWwicZ4sqfpa8bjnxjgTWqrdhORL6yZIYRlPDSgJtVYKe\">Six hommes cl\u00e9s au c\u0153ur du syst\u00e8me poutinien<\/a> (MDP)<\/p>\n\n\n\n<p><a href=\"http:\/\/alencontre.org\/europe\/russie\/dossier-russie-poutine-contre-navalnyi.html\">Dossier Russie. Poutine contre Naval\u2019nyi <\/a>-David Mandel<\/p>\n\n\n\n<figure class=\"wp-block-embed is-type-video is-provider-youtube wp-block-embed-youtube wp-embed-aspect-16-9 wp-has-aspect-ratio\"><div class=\"wp-block-embed__wrapper\">\n<iframe loading=\"lazy\" title=\"\u00ab Un palais pour Poutine \u00bb : la version fran\u00e7aise\" width=\"1200\" height=\"675\" src=\"https:\/\/www.youtube.com\/embed\/Y3tqLF5zgfw?feature=oembed\" frameborder=\"0\" allow=\"accelerometer; autoplay; clipboard-write; encrypted-media; gyroscope; picture-in-picture\" allowfullscreen><\/iframe>\n<\/div><figcaption><sub>Le monde sous dictature du capital: regardez aussi la vid\u00e9o sur Trump dans rubrique Am\u00e9rique du Nord<\/sub><\/figcaption><\/figure>\n\n\n\n<p><strong><span class=\"has-inline-color has-vivid-red-color\">8 F\u00e9vrier <\/span><\/strong><\/p>\n\n\n\n<p><a href=\"https:\/\/www.mediapart.fr\/journal\/international\/090221\/italie-les-paris-risques-de-matteo-renzi\">Italie: les paris risqu\u00e9s de Matteo Renzi<\/a> (M\u00e9diapart)<\/p>\n\n\n\n<p><a href=\"https:\/\/courrierdeuropecentrale.fr\/le-memorial-des-assassins-le-documentaire-qui-exhume-les-crimes-des-croix-flechees-a-budapest\/\">Le m\u00e9morial des assassins, documentaire qui exhume les crimes des Croix fl\u00e9ch\u00e9es \u00e0 Budapest<\/a> (Courrier d\u2019Europe centrale)<\/p>\n\n\n\n<p><a href=\"https:\/\/fr.myeurop.info\/2021\/02\/09\/ue-russie-les-relations-au-plus-bas\/\">UE \u2013 Russie : les relations au plus bas<\/a> (Myeurop.info)<\/p>\n\n\n\n<p><a href=\"https:\/\/alt-rev.com\/2021\/02\/09\/alexei-navalny-le-nationaliste-russe-devenu-chouchou-liberal-de-loccident\/\">Alexei Navalny, le nationaliste russe devenu chouchou lib\u00e9ral de l\u2019Occident<\/a> (Le vent se l\u00e8ve)<\/p>\n\n\n\n<p><a href=\"https:\/\/europe-solidaire.us8.list-manage.com\/track\/click?u=5c732dd5ee65845cf20fd724a&amp;id=d1313e7a01&amp;e=5df9c98670\">Le retour de Navalny (Russie) : Points de vue de la gauche russe<\/a> &#8211; Budraitskis Ilya, Matveev Ilya, Medvedev Kirill<\/p>\n\n\n\n<figure class=\"wp-block-image is-resized is-style-default\"><img loading=\"lazy\" decoding=\"async\" src=\"https:\/\/scontent.fhex4-2.fna.fbcdn.net\/v\/t1.0-9\/147917834_1143486466073820_7458472345988856410_o.png?_nc_cat=109&amp;ccb=2&amp;_nc_sid=730e14&amp;_nc_ohc=zxl_4KSfZA0AX-VBOAq&amp;_nc_ht=scontent.fhex4-2.fna&amp;oh=45e187a6358471f6e565a277578e9752&amp;oe=6047C8DB\" alt=\"Peut \u00eatre une capture d\u2019\u00e9cran de Twitter de 1 personne et texte qui dit \u2019Beno\u00eet Vitkine @benvtk A Saint-P\u00e9tersbourg, un homme a \u00e9t\u00e9 condamn\u00e9 pour avoir << cri\u00e9 des slogans\u00bb en faveur d'Alexe\u00ef Navalny. Non seulement il assure n'avoir jamais \u00e9t\u00e9 \u00e0 la moindre manif, mais surtout... il est sourd-muet. Ni la police, ni la juge n'ont tiqu\u00e9. HoBaR ra3eTa @novaya_gazeta B n\u0438Tepe r\u043byxoHemoro \u0438HBa\u043b\u0438Aa owTpa\u0444oBa\u043b\u0438 Ha 5000 py6\u043be\u0439 3a <<BblKp\u0438K\u0438BaH\u0438e \u043bo3yHroB&quot;&gt; Ha aKu\u0438\u0438 B noAAep\u0436Ky a\u043beKceR HaBa\u043bbHoro. H\u0438 no\u043b\u0438u\u0438\u044e, H\u0438 cyA He cmyT\u0438\u043bo, 4To oH Boo6we He mo\u0436eT roBop\u0438Tb 07 Twitter for iPhone 50 Retweets 5 Tweets 96 aime\u2019\" width=\"396\" height=\"534\"\/><\/figure>\n\n\n\n<p><a href=\"https:\/\/www.boursorama.com\/actualite-economique\/actualites\/espagne-la-droite-face-a-un-proces-tres-embarrassant-b5c5767fba0adcec269ca2794dc2f591\">Espagne: la droite face \u00e0 un proc\u00e8s tr\u00e8s embarrassant<\/a> (AFP)<\/p>\n\n\n\n<p><a href=\"https:\/\/www.boursorama.com\/actualite-economique\/actualites\/le-luxembourg-accuse-dans-la-presse-d-etre-une-boite-noire-fiscale-d5d2b832e0c21e89f887863d34280312\">Le Luxembourg accus\u00e9 dans la presse d&rsquo;\u00eatre une \u00ab\u00a0bo\u00eete noire\u00a0\u00bb fiscale<\/a> (Reuters)<\/p>\n\n\n\n<p><a href=\"https:\/\/www.boursorama.com\/actualite-economique\/actualites\/hongrie-l-ue-conditionne-les-fonds-du-plan-de-relance-a-la-reforme-des-marches-publics-96eacec47b58c27d5b90dee3ec12a78d\">Hongrie: L&rsquo;UE conditionne les fonds du plan de relance \u00e0 la r\u00e9forme des march\u00e9s publics<\/a> (Reuters)<\/p>\n\n\n\n<p><strong><span class=\"has-inline-color has-vivid-red-color\">7 F\u00e9vrier <\/span><\/strong><\/p>\n\n\n\n<p><a href=\"https:\/\/www.humanite.fr\/italie-mario-draghi-le-plus-europeen-des-italiens-le-soutien-de-lextreme-droite-699802#xtor=RSS-1\">Italie Mario Draghi, le plus europ\u00e9en des Italiens, a le soutien de l\u2019extr\u00eame droite<\/a> (L\u2019Humanit\u00e9)<\/p>\n\n\n\n<p><a href=\"https:\/\/courrierdeuropecentrale.fr\/audrey-kichelewski-en-pologne-il-y-a-un-risque-de-censure-des-historiens-de-la-shoah\/\">Audrey Kichelewski : \u00ab En Pologne, il y a un risque de censure des historiens de la Shoah \u00bb<\/a> (Courrier Europe centrale)<\/p>\n\n\n\n<p><a href=\"https:\/\/aplutsoc.org\/2021\/02\/06\/sur-la-situation-en-russie-belarus-ukraine\/\">Sur la situation en Russie, B\u00e9larus,&nbsp;Ukraine.<\/a> (Aplutsoc)<\/p>\n\n\n\n<p><a href=\"https:\/\/aplutsoc.org\/2021\/02\/06\/belarus%e2%80%af-la-contestation-populaire-continue\/\">Belarus\u202f: la contestation populaire&nbsp;continue<\/a> (Aplutsoc)<\/p>\n\n\n\n<p><a href=\"https:\/\/europe-solidaire.us8.list-manage.com\/track\/click?u=5c732dd5ee65845cf20fd724a&amp;id=cd6785c197&amp;e=5df9c98670\">Derri\u00e8re les manifestations en Russie, le d\u00e9sarroi d&rsquo;une g\u00e9n\u00e9ration<\/a> (Courrier International)<\/p>\n\n\n\n<p><a href=\"https:\/\/europe-solidaire.us8.list-manage.com\/track\/click?u=5c732dd5ee65845cf20fd724a&amp;id=c8810033ee&amp;e=5df9c98670\">Russie : Poutine contre Naval&rsquo;nyi<\/a> -David Mandel<\/p>\n\n\n\n<p><a href=\"https:\/\/lvsl.fr\/alexei-navalny-le-nationaliste-russe-devenu-chouchou-liberal-de-loccident\/\">Alexei Navalny, le nationaliste russe devenu chouchou lib\u00e9ral de l\u2019Occident<\/a> (Le Vent Se L\u00e8ve)<\/p>\n\n\n\n<figure class=\"wp-block-image is-resized is-style-default\"><img data-recalc-dims=\"1\" loading=\"lazy\" decoding=\"async\" src=\"https:\/\/i0.wp.com\/lvsl.fr\/wp-content\/uploads\/2021\/02\/Alexei_Navalny-568x422.jpeg?resize=396%2C294&#038;ssl=1\" alt=\"\" width=\"396\" height=\"294\"\/><\/figure>\n\n\n\n<p><strong><span class=\"has-inline-color has-vivid-red-color\">6 F\u00e9vrier<\/span><\/strong><\/p>\n\n\n\n<p><a href=\"https:\/\/info.mediapart.fr\/optiext\/optiextension.dll?ID=aIJaHGQdyuCbG8rYV2gvKKH5BAF7jyn7lBf7SRE+1EF+caQWiWp40BVPqI5P2P7IFzgUqnF5Q1a_2dhKHTVUVPOkjPdG_\">N\u00e9gociations: comment l\u2019Europe a oubli\u00e9 de se vacciner contre la na\u00efvet\u00e9<\/a> (MDP)<\/p>\n\n\n\n<p><a href=\"https:\/\/courrierdeuropecentrale.fr\/tchequie-la-cour-constitutionnelle-bouleverse-les-regles-du-jeu-electoral-huit-mois-avant-les-legislatives\/\">Tch\u00e9quie : la Cour constitutionnelle bouleverse les r\u00e8gles du jeu \u00e9lectoral huit mois avant les l\u00e9gislatives<\/a> (Courrier d\u2019Europe centrale)<\/p>\n\n\n\n<p><a href=\"https:\/\/www.courrierdesbalkans.fr\/Serbie-un-film-sur-le-camp-de-Jasenovac-ravive-les-vieilles-querelles-avec-la-Croatie\">Serbie : un film sur le camp de Jasenovac ravive les querelles avec la Croatie<\/a> (Courrier des Balkans)<\/p>\n\n\n\n<p><a href=\"https:\/\/www.boursorama.com\/actualite-economique\/actualites\/navalny-borrell-soutient-le-dialogue-avec-la-russie-apres-sa-visite-a-moscou-8ed1f26fbce9ec4ccd7d24716d941a7c\">Navalny: Borrell soutient le dialogue avec la Russie apr\u00e8s sa visite \u00e0 Moscou<\/a> (AFP)<\/p>\n\n\n\n<p><strong><span class=\"has-inline-color has-vivid-red-color\">5 F\u00e9vrier<\/span><\/strong><\/p>\n\n\n\n<p><a href=\"https:\/\/www.boursorama.com\/actualite-economique\/actualites\/italie-draghi-poursuit-ses-consultations-pour-former-un-gouvernement-a39db465534fe64057e0cf4d85894f41\">Italie: Draghi poursuit ses consultations pour former un gouvernement<\/a> (Reuters)<\/p>\n\n\n\n<p><a href=\"http:\/\/cadtm.org\/Affaire-Mawda-en-Belgique-mettre-fin-aux-violences-d-Etat\">Affaire Mawda en Belgique : mettre fin aux violences d&rsquo;\u00c9tat<\/a> (CADTM)<\/p>\n\n\n\n<p><a href=\"https:\/\/www.humanite.fr\/entretien-avec-mary-lou-mcdonald-sinn-fein-qui-reclame-un-referendum-sur-lunite-de-lirlande-699738#xtor=RSS-1\">Entretien avec Mary Lou McDonald (Sinn F\u00e9in), qui r\u00e9clame un r\u00e9f\u00e9rendum sur l\u2019unit\u00e9 de l\u2019Irlande<\/a> (L\u2019Humanit\u00e9)<\/p>\n\n\n\n<p><a href=\"https:\/\/info.mediapart.fr\/optiext\/optiextension.dll?ID=IabIgJfY_huqvEHl8PmDm3HVfb8tmSelt2Wl8GW4Oz2zUotsRtEKprnRBqv8kA5H1XegiYTUqYhRqt7R1Ag48I4rznvcA\">Espagne: les le\u00e7ons \u00e0 tirer du num\u00e9ro d\u2019\u00e9coute contre les f\u00e9minicides<\/a> (MDP)<\/p>\n\n\n\n<p><a href=\"https:\/\/www.courrierdesbalkans.fr\/Croatie-l-affaire-Janaf-un-scandale-de-corruption-hors-normes\">Croatie : l&rsquo;affaire Janaf, un scandale de corruption hors normes<\/a> (Le Courrier des Balkans)<\/p>\n\n\n\n<p><a href=\"https:\/\/courrierdeuropecentrale.fr\/qui-possede-les-plus-grosses-fortunes-dans-les-pays-deurope-centrale\/\">Qui poss\u00e8de les plus grosses fortunes dans les pays d\u2019Europe centrale ?<\/a> (Le Courrier d\u2019Europe centrale<\/p>\n\n\n\n<p><a href=\"https:\/\/info.mediapart.fr\/optiext\/optiextension.dll?ID=IabIhfz+3+DEB+hq6OMo2gWV3OSy81CPoKoBaOsgOFlmVarsRiDHCbKJposYES9bFQ_uy04cIuXfoaUD5cIeNuJl2kwIy\">Navalny et les protestations en Russie: quelques \u00e9claircissements<\/a> &#8211; Blog Karine Clement<\/p>\n\n\n\n<figure class=\"wp-block-image is-resized is-style-default\"><img data-recalc-dims=\"1\" loading=\"lazy\" decoding=\"async\" src=\"https:\/\/i0.wp.com\/static.mediapart.fr\/etmagine\/default\/files\/2021\/01\/24\/000-8ze2j2.jpg?resize=410%2C273&#038;ssl=1\" alt=\"L\u2019arrestation d\u2019un manifestant \u00e0 Moscou, le 23 janvier. \u00a9 Natalia Kolesnikova \/ AFP\" width=\"410\" height=\"273\" title=\"L\u2019arrestation d\u2019un manifestant \u00e0 Moscou, le 23 janvier. \u00a9 Natalia Kolesnikova \/ AFP\"\/><figcaption><sub>Arrestation d&rsquo;un manifestant par les miliciens de Poutine<\/sub><\/figcaption><\/figure>\n\n\n\n<p><a href=\"https:\/\/www.boursorama.com\/videos\/actualites\/des-diplomates-europeeens-expulses-de-russie-macron-et-merkel-font-bloc-69066e9f35ee91600dad5d374322fade\">Des diplomates europ\u00e9eens expuls\u00e9s de Russie,Macron et Merkel font bloc<\/a> (AFP vid\u00e9o)<\/p>\n\n\n\n<p><a href=\"https:\/\/www.boursorama.com\/actualite-economique\/actualites\/navalny-des-diplomates-europeens-expulses-les-relations-au-plus-bas-avec-la-russie-b1127e6aa6539651634eac0e2cbb841a\">Navalny: des diplomates europ\u00e9ens expuls\u00e9s, les relations au \u00ab\u00a0plus bas\u00a0\u00bb avec la Russie<\/a> (AFP)<\/p>\n\n\n\n<p><strong><span class=\"has-inline-color has-vivid-red-color\">4 F\u00e9vrier <\/span><\/strong><\/p>\n\n\n\n<p><a href=\"https:\/\/www.boursorama.com\/actualite-economique\/actualites\/plan-de-relance-feu-vert-du-parlement-francais-a-une-reforme-budgetaire-cle-de-l-ue-c381c3bf171b872db1a626976ad67737\">Plan de relance: feu vert du Parlement fran\u00e7ais \u00e0 une r\u00e9forme budg\u00e9taire-cl\u00e9 de l&rsquo;UE<\/a> (AFP)<\/p>\n\n\n\n<p><a href=\"https:\/\/www.saphirnews.com\/Espagne-les-musulmans-de-Catalogne-portent-plainte-contre-Vox-pour-incitation-a-la-haine_a27806.html\">Espagne : les musulmans de Catalogne portent plainte contre Vox pour \u00ab incitation \u00e0 la haine \u00bb<\/a> (SaphirNews.com)<\/p>\n\n\n\n<p><a href=\"https:\/\/www.boursorama.com\/videos\/actualites\/covid-19-au-portugal-face-au-rebond-de-l-epidemie-lisbonne-appelle-a-l-aide-d8a924360fa66dd6b31fbc335916647a\">Covid-19 au Portugal : face au rebond de l&rsquo;\u00e9pid\u00e9mie, Lisbonne appelle \u00e0 l&rsquo;aide<\/a> (France 24)<\/p>\n\n\n\n<p><a href=\"https:\/\/fr.myeurop.info\/2021\/02\/04\/covid-face-a-la-penurie-le-vaccin-russe-simpose\/\">Covid : face \u00e0 la p\u00e9nurie, le vaccin russe s\u2019impose<\/a> (Myeurop.info)<\/p>\n\n\n\n<p><strong><span class=\"has-inline-color has-vivid-red-color\">3 F\u00e9vrier <\/span><\/strong><\/p>\n\n\n\n<p><a href=\"https:\/\/www.humanite.fr\/avec-le-banquier-mario-draghi-sa-tete-litalie-vire-droite-699707#xtor=RSS-1\">Avec le banquier Mario Draghi \u00e0 sa t\u00eate, l\u2019Italie vire \u00e0 droite<\/a> (L\u2019Humanit\u00e9)<\/p>\n\n\n\n<p><a href=\"https:\/\/www.courrierdesbalkans.fr\/Frontex-Hongrie\">Frontex suspend ses activit\u00e9s en Hongrie, quelles cons\u00e9quences pour la Serbie ?<\/a> (Le Courrier des Balkans )<\/p>\n\n\n\n<p><a href=\"https:\/\/www.humanite.fr\/en-italie-le-chomage-secrit-au-feminin-699582#xtor=RSS-1\">En Italie, le ch\u00f4mage s&rsquo;\u00e9crit au f\u00e9minin<\/a> (L\u2019Humanit\u00e9)<\/p>\n\n\n\n<p><a href=\"https:\/\/theconversation.com\/un-moment-navalny-pour-letat-de-droit-en-russie-154590\">Un \u00ab moment Navalny \u00bb pour l\u2019\u00c9tat de droit en Russie ?<\/a> (The Conversation)<\/p>\n\n\n\n<p><a href=\"https:\/\/siecledigital.fr\/2021\/02\/02\/atos-et-ovhcloud-sallient-pour-realiser-un-cloud-de-confiance-100-europeen\/?utm_source=Newsletter+Si%C3%A8cle+Digital&amp;utm_campaign=f8eec75a90-newsletter_hebdomadaire&amp;utm_medium=email&amp;utm_term=0_3b73bad11a-f8eec75a90-259546209\">Atos et OVHCloud s\u2019allient pour r\u00e9aliser un cloud de confiance 100% europ\u00e9en<\/a> (Si\u00e8cle digital)<\/p>\n\n\n\n<p><a href=\"https:\/\/lundi.am\/Cesare-Battisti-annonce-une-greve-de-la-faim\">Cesare Battisti annonce une gr\u00e8ve de la faim<\/a> (Lundi Matin)<\/p>\n\n\n\n<figure class=\"wp-block-image is-resized is-style-default\"><img data-recalc-dims=\"1\" loading=\"lazy\" decoding=\"async\" src=\"https:\/\/i0.wp.com\/lundi.am\/IMG\/arton3770-resp320.jpg?resize=416%2C234&#038;ssl=1\" alt=\"\" width=\"416\" height=\"234\"\/><\/figure>\n\n\n\n<p><a href=\"https:\/\/www.boursorama.com\/actualite-economique\/actualites\/mario-draghi-le-sauveur-de-la-zone-euro-au-chevet-de-l-italie-8aa8270656fe02f52071b94f89f58b87\">Mario Draghi, le sauveur de la zone euro au chevet de l&rsquo;Italie<\/a> (AFP)<\/p>\n\n\n\n<p><a href=\"https:\/\/alencontre.org\/europe\/portugal\/portugal-six-remarques-sur-le-resultat-de-lelection-presidentielle-du-24-janvier.html\">Portugal. Six remarques sur le r\u00e9sultat de l\u2019\u00e9lection pr\u00e9sidentielle du 24&nbsp;janvier <\/a>(Alencontre)<\/p>\n\n\n\n<p><a href=\"https:\/\/lanticapitaliste.org\/actualite\/international\/les-contradictions-dun-projet-de-droite-apres-le-brexit\">Les contradictions d&rsquo;un projet de droite apr\u00e8s le Brexit<\/a> -Dave Kellaway<\/p>\n\n\n\n<p><a href=\"https:\/\/www.boursorama.com\/actualite-economique\/actualites\/brexit-londres-veut-prolonger-jusqu-en-2023-la-periode-de-grace-pour-l-irlande-du-nord-selon-la-bbc-06f739a8f295cd883c9a42b82feb655d\">Brexit: Londres veut prolonger jusqu&rsquo;en 2023 la \u00ab\u00a0p\u00e9riode de gr\u00e2ce\u00a0\u00bb pour l&rsquo;Irlande du Nord, selon la BBC<\/a> (Reuters) <a href=\"https:\/\/www.liguedh.be\/handicap-intellectuel-et-inclusion-scolaire-le-comite-europeen-des-droits-sociaux-condamne-la-belgique\/\"><br><br>Handicap intellectuel et inclusion scolaire&nbsp;: Le Comit\u00e9 europ\u00e9en des Droits sociaux condamne la Belgique<\/a> (LDH)<\/p>\n\n\n\n<p><a href=\"https:\/\/lanticapitaliste.org\/actualite\/international\/lextreme-droite-autrichienne-tente-de-surfer-sur-la-colere\">L\u2019extr\u00eame droite autrichienne tente de surfer sur la col\u00e8re<\/a> (L\u2019Anticapitaliste)<\/p>\n\n\n\n<p><a href=\"https:\/\/lanticapitaliste.org\/actualite\/international\/la-repression-en-russie-na-pas-casse-la-deuxieme-vague-de-contestation\">La r\u00e9pression en Russie n\u2019a pas cass\u00e9 la deuxi\u00e8me vague de contestation<\/a> (L\u2019Anticapitaliste)<\/p>\n\n\n\n<p><a href=\"https:\/\/alencontre.org\/europe\/russie\/russie-navalny-lopposant-qui-ne-sied-pas-au-kremlin.html\">Russie. Navalny, l\u2019opposant qui ne sied pas au Kremlin <\/a>(Alencontre)<\/p>\n\n\n\n<p><a href=\"https:\/\/alencontre.org\/europe\/russie\/russie-une-anxiete-au-kremlin-une-vaste-operation-policiere-pour-contrer-les-manifestations.html\">Russie. Une anxi\u00e9t\u00e9 au Kremlin? Une vaste op\u00e9ration polici\u00e8re pour contrer les manifestations <\/a>(Alencontre)<\/p>\n\n\n\n<p><a href=\"https:\/\/www.boursorama.com\/actualite-economique\/actualites\/russie-navalny-envoye-en-prison-pour-pres-de-trois-ans-tolle-occidental-2b6f32dc947f00c0554cbc1e5787519f\">Russie: Navalny envoy\u00e9 en prison pour pr\u00e8s de trois ans, toll\u00e9 occidental<\/a> (AFP)<\/p>\n\n\n\n<p><a href=\"https:\/\/www.boursorama.com\/actualite-economique\/actualites\/rassemblements-pro-navalny-plus-de-10-000-arrestations-depuis-le-23-janvier-4e70d177b9f4520b8fea75a5855d31d1\">Rassemblements pro-Navalny: plus de 10.000 arrestations depuis le 23 janvier<\/a><br>(AFP)<\/p>\n\n\n\n<p><strong><span class=\"has-inline-color has-vivid-red-color\">2 F\u00e9vrier<\/span><\/strong><\/p>\n\n\n\n<p><a href=\"https:\/\/courrierdeuropecentrale.fr\/hallo-diktator-un-documentaire-sans-detour-au-sujet-dorban\/\">\u00ab Hallo, Diktator \u00bb : un documentaire sans d\u00e9tour au sujet d\u2019Orb\u00e1n<\/a> (Courrier d\u2019Europe centrale)<\/p>\n\n\n\n<p><a href=\"http:\/\/cadtm.org\/L-acces-a-la-propriete-la-pauvrete-et-les-obstacles-legislatifs-en-Roumanie\">L&rsquo;acc\u00e8s \u00e0 la propri\u00e9t\u00e9, la pauvret\u00e9 et les obstacles l\u00e9gislatifs en Roumanie<\/a> (CADTM)<\/p>\n\n\n\n<p><a href=\"https:\/\/www.mediapart.fr\/journal\/international\/020221\/en-russie-la-contestation-prend-un-nouveau-visage\">En Russie, la contestation prend un nouveau visage<\/a> (M\u00e9diapart)<\/p>\n\n\n\n<p><a href=\"https:\/\/www.boursorama.com\/actualite-economique\/actualites\/russie-navalny-envoye-en-prison-pour-pres-de-trois-ans-tolle-occidental-2b6f32dc947f00c0554cbc1e5787519f\">Russie: Navalny envoy\u00e9 en prison pour pr\u00e8s de trois ans, toll\u00e9 occidental<\/a> (AFP)<\/p>\n\n\n\n<p><strong><span class=\"has-inline-color has-vivid-red-color\">1er F\u00e9vrier<\/span><\/strong><\/p>\n\n\n\n<p><a href=\"https:\/\/lesjours.fr\/obsessions\/covid-deuxieme-vague\/ep51-journal-de-redeconfinement-1-fevrier\/\">L\u2019Europe et les vaccins, la fiole aventure<\/a> (Les Jours)<\/p>\n\n\n\n<p><a href=\"https:\/\/www.boursorama.com\/actualite-economique\/actualites\/le-kosovo-etablit-des-relations-avec-israel-et-ouvrira-une-ambassade-a-jerusalem-ed491e692e9b0a128a3430eea62a007f\">Le Kosovo \u00e9tablit des relations avec Isra\u00ebl et ouvrira une ambassade \u00e0 J\u00e9rusalem<\/a> (AFP)<\/p>\n\n\n\n<p><a href=\"https:\/\/info.mediapart.fr\/optiext\/optiextension.dll?ID=oSToOKLEgTyCJO1fhTVzXHJPvUH0ZQTWufq_jPNxU8u9Vnw_htW5cePqiuKQURjQ2GQBMVEaUhqa0LQIMSJKRt66u_KgV\">En Russie, la propagande d\u2019Etat se d\u00e9cha\u00eene contre Navalny<\/a> (MDP)<\/p>\n\n\n\n<p><a href=\"https:\/\/www.boursorama.com\/actualite-economique\/actualites\/coronavirus-londres-commande-100-mlns-de-dose-de-vaccins-a-valneva-e4102a0b98a8f8da006baac8b8b7375d\">Coronavirus: Londres commande 100 mlns de dose de vaccins \u00e0 Valneva<\/a> (Reuters)<\/p>\n\n\n\n<p><a href=\"https:\/\/www.boursorama.com\/videos\/actualites\/covid-19-l-italie-assouplit-ses-restrictions-anti-covid-pour-le-plus-grand-bonheur-des-restaurateurs-451538523d699352b316321383088e46\">Covid-19 : l&rsquo;Italie assouplit ses restrictions anti-Covid pour le plus grand bonheur des restaurateurs<\/a> (France 24)<\/p>\n\n\n\n<p><a href=\"https:\/\/www.boursorama.com\/actualite-economique\/actualites\/le-parquet-russe-veut-une-incarceration-durable-d-alexei-navalny-d8a10f7cd9f943a3c5a0ca4f55eebfe7\">Le Parquet russe veut une incarc\u00e9ration durable d&rsquo;Alexe\u00ef Navalny<\/a> (AFP)<\/p>\n\n\n\n<p><a href=\"https:\/\/www.boursorama.com\/actualite-economique\/actualites\/royaume-uni-les-magasins-de-vetements-topshop-ferment-2-500-emplois-condamnes-c3ddae953c54c51c6182bf156eaa6b4a\">Royaume-Uni: les magasins de v\u00eatements Topshop ferment, 2.500 emplois condamn\u00e9s<\/a> (AFP)<\/p>\n\n\n\n<p><a href=\"https:\/\/www.boursorama.com\/actualite-economique\/actualites\/apres-le-brexit-londres-veut-rejoindre-le-traite-commercial-transpacifique-6399142fb3319eacf1418f26e3b1e122\">Apr\u00e8s le Brexit, Londres veut rejoindre le trait\u00e9 commercial transpacifique<\/a>&nbsp; (Boursorama)<\/p>\n\n\n\n<p><a href=\"https:\/\/www.bastamag.net\/Non-aa-la-police-dans-les-universitees-tribune-contre-une-nouvelle-loi-liberticide-en-Grece\">\u00ab Non \u00e0 la police dans les universit\u00e9s \u00bb : opposition en Gr\u00e8ce au projet du gouvernement de droite<\/a> par Basta&nbsp;! <\/p>\n\n\n\n<figure class=\"wp-block-image is-resized is-style-default\"><img data-recalc-dims=\"1\" loading=\"lazy\" decoding=\"async\" src=\"https:\/\/i0.wp.com\/www.bastamag.net\/local\/adapt-img\/740\/10x\/IMG\/arton8226.jpg?resize=399%2C266&#038;ssl=1\" alt=\"\" width=\"399\" height=\"266\"\/><\/figure>\n","protected":false},"excerpt":{"rendered":"<p>28 F\u00e9vrier Extraterritorialit\u00e9 du droit am\u00e9ricain : que doit faire l\u2019Europe ? (G\u00e9opragma) Allemagne: apr\u00e8s 30 ans de r\u00e9unification, une nouvelle d\u00e9flagration (M\u00e9diapart)&nbsp; Coronavirus: Paris n\u00e9gocie avec Berlin pour \u00e9viter une fronti\u00e8re ferm\u00e9e en Moselle (Reuters) Bruxelles : r\u00e9cup\u00e9ration politique avec la convention d\u2019occupation du squat rue de Koninck (Anti-K) Sofia&nbsp;Bekatorou, championne olympique et initiatrice &#8230; <a title=\"F\u00e9vrier-Europe\" class=\"read-more\" href=\"https:\/\/www.rdpemancipation.org\/?p=13978\" aria-label=\"En savoir plus sur F\u00e9vrier-Europe\">Lire la suite<\/a><\/p>\n","protected":false},"author":2,"featured_media":0,"comment_status":"closed","ping_status":"closed","sticky":false,"template":"","format":"standard","meta":{"_lmt_disableupdate":"no","_lmt_disable":"no","_jetpack_memberships_contains_paid_content":false,"footnotes":""},"categories":[16],"tags":[],"class_list":["post-13978","post","type-post","status-publish","format-standard","hentry","category-europe"],"modified_by":"jmb","jetpack_featured_media_url":"","jetpack_sharing_enabled":true,"_links":{"self":[{"href":"https:\/\/www.rdpemancipation.org\/index.php?rest_route=\/wp\/v2\/posts\/13978","targetHints":{"allow":["GET"]}}],"collection":[{"href":"https:\/\/www.rdpemancipation.org\/index.php?rest_route=\/wp\/v2\/posts"}],"about":[{"href":"https:\/\/www.rdpemancipation.org\/index.php?rest_route=\/wp\/v2\/types\/post"}],"author":[{"embeddable":true,"href":"https:\/\/www.rdpemancipation.org\/index.php?rest_route=\/wp\/v2\/users\/2"}],"replies":[{"embeddable":true,"href":"https:\/\/www.rdpemancipation.org\/index.php?rest_route=%2Fwp%2Fv2%2Fcomments&post=13978"}],"version-history":[{"count":56,"href":"https:\/\/www.rdpemancipation.org\/index.php?rest_route=\/wp\/v2\/posts\/13978\/revisions"}],"predecessor-version":[{"id":18285,"href":"https:\/\/www.rdpemancipation.org\/index.php?rest_route=\/wp\/v2\/posts\/13978\/revisions\/18285"}],"wp:attachment":[{"href":"https:\/\/www.rdpemancipation.org\/index.php?rest_route=%2Fwp%2Fv2%2Fmedia&parent=13978"}],"wp:term":[{"taxonomy":"category","embeddable":true,"href":"https:\/\/www.rdpemancipation.org\/index.php?rest_route=%2Fwp%2Fv2%2Fcategories&post=13978"},{"taxonomy":"post_tag","embeddable":true,"href":"https:\/\/www.rdpemancipation.org\/index.php?rest_route=%2Fwp%2Fv2%2Ftags&post=13978"}],"curies":[{"name":"wp","href":"https:\/\/api.w.org\/{rel}","templated":true}]}}