{"id":13976,"date":"2021-02-01T10:09:19","date_gmt":"2021-02-01T09:09:19","guid":{"rendered":"https:\/\/www.rdpemancipation.org\/?p=13976"},"modified":"2021-03-01T12:21:50","modified_gmt":"2021-03-01T11:21:50","slug":"fevrier-maghreb","status":"publish","type":"post","link":"https:\/\/www.rdpemancipation.org\/?p=13976","title":{"rendered":"F\u00e9vrier-Maghreb"},"content":{"rendered":"\n<p><strong><span class=\"has-inline-color has-vivid-red-color\">28 f\u00e9vrier<\/span><\/strong><\/p>\n\n\n\n<p><a href=\"https:\/\/www.tsa-algerie.com\/le-probleme-des-effets-nucleaires-sur-les-populations-est-reste-longtemps-tabou-en-algerie\/\">\u00ab Le probl\u00e8me des effets nucl\u00e9aires sur les populations est rest\u00e9 longtemps tabou en Alg\u00e9rie \u00bb<\/a> (TSA)<\/p>\n\n\n\n<p><a href=\"https:\/\/www.elwatan.com\/a-la-une\/quand-lhistoire-algero-francaise-simpose-au-present-une-pollution-radioactive-qui-revient-comme-un-boomerang-28-02-2021\">Quand l\u2019histoire alg\u00e9ro-fran\u00e7aise s\u2019impose au pr\u00e9sent : \u2018Une pollution radioactive qui revient comme un boomerang\u2019<\/a> &nbsp;(El Watan)<\/p>\n\n\n\n<figure class=\"wp-block-image size-large is-resized\"><img data-recalc-dims=\"1\" loading=\"lazy\" decoding=\"async\" src=\"https:\/\/i0.wp.com\/www.rdpemancipation.org\/wp-content\/uploads\/2021\/02\/image-123.png?resize=368%2C201&#038;ssl=1\" alt=\"\" class=\"wp-image-18097\" width=\"368\" height=\"201\" srcset=\"https:\/\/i0.wp.com\/www.rdpemancipation.org\/wp-content\/uploads\/2021\/02\/image-123.png?w=449&amp;ssl=1 449w, https:\/\/i0.wp.com\/www.rdpemancipation.org\/wp-content\/uploads\/2021\/02\/image-123.png?resize=300%2C164&amp;ssl=1 300w\" sizes=\"auto, (max-width: 368px) 100vw, 368px\" \/><figcaption><sup>Nadjia Bouzeghrane<\/sup><\/figcaption><\/figure>\n\n\n\n<p><a href=\"https:\/\/www.elwatan.com\/edition\/actualite\/reprise-des-marches-du-mouvement-populaire-de-nouveaux-enjeux-pour-le-hirak-28-02-2021\">Reprise des marches du mouvement populaire : De nouveaux enjeux pour le hirak<\/a> (El Watan)<\/p>\n\n\n\n<p><a href=\"https:\/\/www.elwatan.com\/edition\/actualite\/les-manifestations-de-nouveau-interdites-a-oran-28-02-2021\">Les manifestations de nouveau interdites \u00e0 Oran ?<\/a> &nbsp;(El Watan)<\/p>\n\n\n\n<p><a href=\"https:\/\/www.elwatan.com\/edition\/actualite\/nacer-djabi-sociologue-le-hirak-compte-sur-ce-quil-y-a-de-meilleur-en-algerie-28-02-2021\">Nacer Djabi. Sociologue : \u2018Le hirak compte sur ce qu\u2019il y a de meilleur en Alg\u00e9rie<\/a>\u2019 (El Watan)<\/p>\n\n\n\n<p><a href=\"https:\/\/www.elwatan.com\/edition\/economie\/acquisition-de-la-raffinerie-daugusta-en-italie-les-gros-mensonges-dould-kaddour-28-02-2021\">Acquisition de la raffinerie d\u2019Augusta en Italie : Les gros mensonges de Ould Kaddour<\/a> (El Watan)<\/p>\n\n\n\n<p><a href=\"https:\/\/www.elwatan.com\/edition\/international\/une-date-fixee-pour-discuter-du-vote-de-confiance-au-gouvernement-28-02-2021\">Libye : Une date fix\u00e9e pour discuter du vote de confiance au gouvernement<\/a> (El Watan)<\/p>\n\n\n\n<p><a href=\"http:\/\/www.agenceecofin.com\/compagnies\/2502-85595-la-medaille-anticorruption-des-etats-unis-decernee-au-patron-de-la-societe-libyenne-du-petrole?utm_source=newsletter_14321&amp;utm_medium=email&amp;utm_campaign=ecofin-gestion-publique-finance-26-02-2021\" target=\"_blank\" rel=\"noreferrer noopener\">La m\u00e9daille anticorruption des Etats-Unis d\u00e9cern\u00e9e au patron de la soci\u00e9t\u00e9 libyenne du p\u00e9trole<\/a> &nbsp;(Ecofin)<\/p>\n\n\n\n<p><strong><span class=\"has-inline-color has-vivid-red-color\">27 f\u00e9vrier <\/span><\/strong><\/p>\n\n\n\n<p><a href=\"https:\/\/www.tsa-algerie.com\/sahara-occidental-ghali-critique-lonu-et-tend-la-main-pour-une-paix-juste\/\">Sahara occidental : Ghali critique l\u2019ONU et tend la main pour une \u00ab paix juste \u00bb<\/a> (TSA)<\/p>\n\n\n\n<p><a href=\"https:\/\/www.mediapart.fr\/journal\/international\/270221\/en-algerie-le-president-est-de-retour-le-hirak-aussi\">En Alg\u00e9rie, le pr\u00e9sident est de retour, le Hirak aussi<\/a> &nbsp;Rachida el Azzouzi (M\u00e9diapart)<\/p>\n\n\n\n<p><a href=\"https:\/\/www.elwatan.com\/edition\/actualite\/nous-sommes-revenus-vous-etes-perdus-27-02-2021\">Hirak, le retour<\/a> &nbsp;(El Watan)<\/p>\n\n\n\n<p><a href=\"https:\/\/www.elwatan.com\/edition\/actualite\/marches-dispersees-et-des-manifestants-arretes-27-02-2021\">Oran, T\u00e9mouchent et Sidi Bel Abb\u00e8s : Marches dispers\u00e9es et des manifestants arr\u00eat\u00e9s<\/a> &nbsp;(El Watan)<\/p>\n\n\n\n<p><a href=\"https:\/\/www.elwatan.com\/edition\/actualite\/le-peuple-reclame-le-changement-radical-du-regime-27-02-2021\">Marches du vendredi apr\u00e8s la reprise du hirak \u00e0 l\u2019est : Le peuple r\u00e9clame le changement radical du r\u00e9gime<\/a> (El Watan)<\/p>\n\n\n\n<figure class=\"wp-block-image size-large\"><img data-recalc-dims=\"1\" loading=\"lazy\" decoding=\"async\" width=\"386\" height=\"199\" src=\"https:\/\/i0.wp.com\/www.rdpemancipation.org\/wp-content\/uploads\/2021\/02\/image-114.png?resize=386%2C199&#038;ssl=1\" alt=\"\" class=\"wp-image-18012\" srcset=\"https:\/\/i0.wp.com\/www.rdpemancipation.org\/wp-content\/uploads\/2021\/02\/image-114.png?w=386&amp;ssl=1 386w, https:\/\/i0.wp.com\/www.rdpemancipation.org\/wp-content\/uploads\/2021\/02\/image-114.png?resize=300%2C155&amp;ssl=1 300w\" sizes=\"auto, (max-width: 386px) 100vw, 386px\" \/><\/figure>\n\n\n\n<p><a href=\"https:\/\/www.tsa-algerie.com\/liberation-des-detenus-du-hirak-le-bilan-definitif\/\">Lib\u00e9ration des d\u00e9tenus du Hirak : le bilan d\u00e9finitif <\/a>&nbsp;(TSA)<\/p>\n\n\n\n<p><a href=\"https:\/\/www.tsa-algerie.com\/je-crains-que-si-ca-continue-ainsi-on-ne-trouvera-personne-de-sense-avec-qui-dialoguer\/\">Ligue alg\u00e9rienne de d\u00e9fense des droits de l\u2019homme&nbsp;: &nbsp;\u2018Je crains que si \u00e7a continue ainsi, on ne trouvera personne de sens\u00e9 avec qui dialoguer\u2019 <\/a>&nbsp;&nbsp;(TSA)<\/p>\n\n\n\n<p><a href=\"https:\/\/maghrebemergent.net\/said-chengriha-a-til-lache-abdelmadjid-tebboune-face-au-hirak-ihsane-el-kadi\/\">Sa\u00efd Chengriha a t\u2019il l\u00e2ch\u00e9 Abdelmadjid Tebboune face au Hirak ? (Ihsane El Kadi)<\/a> (Maghreb \u00e9mergent)<\/p>\n\n\n\n<p><a href=\"https:\/\/maghrebemergent.net\/tunisie-imposante-manifestation-dennadha-reclamant-lunite-nationale-et-la-stabilite-politique\/\">Tunisie, imposante manifestation d\u2019Ennadha r\u00e9clamant \u00ab&nbsp;l\u2019unit\u00e9 nationale&nbsp;\u00bb et la \u00ab&nbsp;stabilit\u00e9 politique&nbsp;\u00bb<\/a> &nbsp;(TAP)<\/p>\n\n\n\n<p><a href=\"https:\/\/www.espacemanager.com\/rassemblement-de-protestation-du-parti-des-travailleurs.html\">Tunisie, rassemblement de protestation du Parti des Travailleurs&nbsp;<\/a> (Espace manager)<\/p>\n\n\n\n<p><a href=\"https:\/\/www.espacemanager.com\/tunisie-47-des-citoyens-pensent-que-la-liberte-dexpression-est-menacee.html\">Tunisie, 47 % des citoyens pensent que la libert\u00e9 d&rsquo;expression est menac\u00e9e<\/a> (Espace manager)<\/p>\n\n\n\n<p><a href=\"https:\/\/blog.mondediplo.net\/des-emeutes-sorties-des-tripes-d-un-pays-a-l\">En Tunisie, \u00ab Des \u00e9meutes sorties des tripes d&rsquo;un pays \u00e0 l&rsquo;agonie ! \u00bb<\/a> (Les blogs du Diplo)<\/p>\n\n\n\n<p><a href=\"https:\/\/www.revolutionpermanente.fr\/Campagne-de-solidarite-pour-la-reintegration-des-356-travailleuses-licenciees-de-Latelec-Tunisie\">Campagne de solidarit\u00e9&nbsp;: pour la r\u00e9int\u00e9gration des 356 travailleuses licenci\u00e9es de Latelec Tunisie<\/a> (RP)<\/p>\n\n\n\n<p><a href=\"https:\/\/www.humanite.fr\/ceux-qui-ont-dit-non-lounes-matoub-chants-berberes-chants-de-combat-700568#xtor=RSS-1\">\u00ab Ceux qui ont dit non \u00bb : Loun\u00e8s Matoub, chants berb\u00e8res, chants de combat<\/a> (L\u2019Humanit\u00e9)&nbsp;<\/p>\n\n\n\n<p><a href=\"https:\/\/www.boursorama.com\/videos\/actualites\/alger-le-hirak-se-remet-en-marche-face-a-au-pouvoir-a6d9569241849a9a5efa60cb1833d4f4\">Alger : le Hirak se remet en marche face \u00e0 au pouvoir<\/a> (AFP vid\u00e9o)<\/p>\n\n\n\n<p><a href=\"https:\/\/www.humanite.fr\/algerie-deux-ans-apres-quel-nouveau-souffle-pour-le-hirak-700651#xtor=RSS-1\">Alg\u00e9rie. Deux ans apr\u00e8s, quel nouveau souffle pour le hirak ?<\/a> (L\u2019Humanit\u00e9)<\/p>\n\n\n\n<figure class=\"wp-block-image is-resized is-style-default\"><img data-recalc-dims=\"1\" loading=\"lazy\" decoding=\"async\" src=\"https:\/\/i0.wp.com\/www.humanite.fr\/sites\/default\/files\/styles\/1048x350\/public\/images\/82975.HR.jpg?resize=416%2C178&#038;ssl=1\" alt=\"Manifestation \u00e0 Alger, le 22 f\u00e9vrier, pour le deuxi\u00e8me anniversaire du hirak. \u00a9 Ramzi Boudina\/Reuters\" width=\"416\" height=\"178\" title=\"\"\/><\/figure>\n\n\n\n<p><a href=\"https:\/\/www.elwatan.com\/edition\/international\/parlement-libyen-et-nouveau-gouvernement-differend-sur-le-lieu-de-la-reunion-accord-sur-le-principe-doctroi-de-confiance-27-02-2021\">Parlement libyen et nouveau gouvernement : Diff\u00e9rend sur le lieu de la r\u00e9union, accord sur le principe d\u2019octroi de confiance<\/a> (El Watan)<\/p>\n\n\n\n<p><strong><span class=\"has-inline-color has-vivid-red-color\">26 f\u00e9vrier en continu<\/span><\/strong><\/p>\n\n\n\n<p><a href=\"https:\/\/www.yabiladi.com\/articles\/details\/106483\/maroc-ressortissants-pays-subsahariens-sans.html\">Maroc&nbsp;: Les ressortissants des pays subsahariens, des \u2018sans droits\u2019 dans les provinces du sud ?<\/a> &nbsp;(Yabiladi)<br><br><a href=\"https:\/\/www.rfi.fr\/fr\/afrique\/20210226-le-maroc-pourrait-l%C3%A9galiser-l-usage-th%C3%A9rapeutique-du-cannabis\">Le Maroc pourrait l\u00e9galiser l&rsquo;usage th\u00e9rapeutique du cannabis <\/a>&nbsp;(RFI)<\/p>\n\n\n\n<p><a href=\"https:\/\/lapresse.tn\/89001\/partis-politiques-a-la-conquete-de-la-rue\/\">Partis politiques tunisiens : A la conqu\u00eate de la rue<\/a> (La Presse)<\/p>\n\n\n\n<figure class=\"wp-block-image size-large is-resized\"><img data-recalc-dims=\"1\" loading=\"lazy\" decoding=\"async\" src=\"https:\/\/i0.wp.com\/www.rdpemancipation.org\/wp-content\/uploads\/2021\/02\/image-103.png?resize=389%2C224&#038;ssl=1\" alt=\"\" class=\"wp-image-17838\" width=\"389\" height=\"224\" srcset=\"https:\/\/i0.wp.com\/www.rdpemancipation.org\/wp-content\/uploads\/2021\/02\/image-103.png?w=359&amp;ssl=1 359w, https:\/\/i0.wp.com\/www.rdpemancipation.org\/wp-content\/uploads\/2021\/02\/image-103.png?resize=300%2C173&amp;ssl=1 300w\" sizes=\"auto, (max-width: 389px) 100vw, 389px\" \/><\/figure>\n\n\n\n<p><a href=\"https:\/\/www.boursorama.com\/videos\/actualites\/mouvement-du-hirak-le-retour-des-marches-en-algerie-7561d6e6e949083743059852d488bb61\">Mouvement du Hirak : le retour des marches en Alg\u00e9rie<\/a> (France 24)<\/p>\n\n\n\n<p><a href=\"https:\/\/www.tsa-algerie.com\/lonu-demande-a-lalgerie-de-liberer-immediatement-les-detenus-du-hirak\/\">L\u2019ONU demande \u00e0 l\u2019Alg\u00e9rie de lib\u00e9rer \u00ab imm\u00e9diatement \u00bb les d\u00e9tenus du Hirak <\/a>(TSA)<\/p>\n\n\n\n<p><a href=\"https:\/\/www.tsa-algerie.com\/hirak-manifestations-a-alger-et-dans-plusieurs-wilayas\/\">Hirak : manifestations \u00e0 Alger et dans plusieurs wilayas<\/a> (TSA)<\/p>\n\n\n\n<p><a href=\"https:\/\/mondafrique.com\/tebboune-et-les-generaux-a-la-poubelle\/\">\u00ab&nbsp;Tebboune et les g\u00e9n\u00e9raux \u00e0 la poubelle&nbsp;\u00bb<\/a> (Mondafrique)<\/p>\n\n\n\n<figure class=\"wp-block-image size-large is-resized\"><img data-recalc-dims=\"1\" loading=\"lazy\" decoding=\"async\" src=\"https:\/\/i0.wp.com\/www.rdpemancipation.org\/wp-content\/uploads\/2021\/02\/image-104.png?resize=392%2C221&#038;ssl=1\" alt=\"\" class=\"wp-image-17840\" width=\"392\" height=\"221\" srcset=\"https:\/\/i0.wp.com\/www.rdpemancipation.org\/wp-content\/uploads\/2021\/02\/image-104.png?w=442&amp;ssl=1 442w, https:\/\/i0.wp.com\/www.rdpemancipation.org\/wp-content\/uploads\/2021\/02\/image-104.png?resize=300%2C169&amp;ssl=1 300w\" sizes=\"auto, (max-width: 392px) 100vw, 392px\" \/><\/figure>\n\n\n\n<p><a href=\"https:\/\/fr.africanews.com\/2021\/02\/25\/libye-le-premier-ministre-designe-face-au-premier-rendez-vous-de-la-transition\/\">Libye : le Premier ministre d\u00e9sign\u00e9 face au premier rendez-vous de la transition<\/a> (africanews)<\/p>\n\n\n\n<p><strong><span class=\"has-inline-color has-vivid-red-color\">25  f\u00e9vrier <\/span><\/strong><\/p>\n\n\n\n<p><a href=\"https:\/\/www.boursorama.com\/videos\/actualites\/retour-sur-les-printemps-arabes-l-art-comme-vecteur-de-la-contestation-d1cb6e12b0078905c7e0afa435820319\">Retour sur les printemps arabes&nbsp;: l&rsquo;art comme vecteur de la contestation<\/a> &nbsp;(France 24)<\/p>\n\n\n\n<p><a href=\"https:\/\/www.liberte-algerie.com\/international\/le-cicr-appele-a-proteger-les-sahraouis-dans-les-territoires-occupes-354620\">Le CICR appel\u00e9 \u00e0 prot\u00e9ger les Sahraouis dans les territoires occup\u00e9s<\/a> &nbsp;(Libert\u00e9)<\/p>\n\n\n\n<figure class=\"wp-block-image size-large\"><img data-recalc-dims=\"1\" loading=\"lazy\" decoding=\"async\" width=\"427\" height=\"240\" src=\"https:\/\/i0.wp.com\/www.rdpemancipation.org\/wp-content\/uploads\/2021\/02\/image-98.png?resize=427%2C240&#038;ssl=1\" alt=\"\" class=\"wp-image-17659\" srcset=\"https:\/\/i0.wp.com\/www.rdpemancipation.org\/wp-content\/uploads\/2021\/02\/image-98.png?w=427&amp;ssl=1 427w, https:\/\/i0.wp.com\/www.rdpemancipation.org\/wp-content\/uploads\/2021\/02\/image-98.png?resize=300%2C169&amp;ssl=1 300w\" sizes=\"auto, (max-width: 427px) 100vw, 427px\" \/><\/figure>\n\n\n\n<p><a href=\"https:\/\/www.tsa-algerie.com\/sahara-occidental-ladministration-biden-na-pas-encore-tranche\/\">Sahara occidental : l\u2019administration Biden n\u2019a pas encore tranch\u00e9<\/a> &nbsp;(TSA)<\/p>\n\n\n\n<p><a href=\"https:\/\/www.boursorama.com\/videos\/actualites\/tourisme-au-maroc-l-industrie-stoppee-net-par-la-pandemie-de-covid-19-431875b98f0d7c4c1b2118c12ccc2bdb\">Tourisme au Maroc : l&rsquo;industrie stopp\u00e9e net par la pand\u00e9mie de Covid-19<\/a> &nbsp;(France 24)<\/p>\n\n\n\n<p><a href=\"https:\/\/www.boursorama.com\/videos\/actualites\/generation-hirak-zaki-hannache-defenseur-des-detenus-d-opinion-algeriens-642d74d5daf9f1e22fec2dcb768f707a\">\u00ab\u00a0G\u00e9n\u00e9ration Hirak\u00a0\u00bb: Zaki Hannache, d\u00e9fenseur des d\u00e9tenus d&rsquo;opinion alg\u00e9riens<\/a> &nbsp;(AFP vid\u00e9o)<\/p>\n\n\n\n<p><a href=\"https:\/\/www.tsa-algerie.com\/marche-des-etudiants-la-majorite-des-manifestants-arretes-mardi-relaches\/\">Marche des \u00e9tudiants&nbsp;: la majorit\u00e9 des manifestants arr\u00eat\u00e9s mardi rel\u00e2ch\u00e9s<\/a> &nbsp;(TSA)<\/p>\n\n\n\n<p><a href=\"https:\/\/www.tsa-algerie.com\/manifeste-pour-la-reconnaissance-et-la-reparation-des-crimes-et-dommages-coloniaux-francais-en-algerie\/\">Manifeste pour la reconnaissance et la r\u00e9paration des crimes et dommages coloniaux fran\u00e7ais en Alg\u00e9rie<\/a> &nbsp;(TSA)<\/p>\n\n\n\n<p><a href=\"https:\/\/www.liberte-algerie.com\/actualite\/les-capacites-de-sonatrach-serodent-354668\">Alg\u00e9rie&nbsp;: les capacit\u00e9s de Sonatrach s\u2019\u00e9rodent<\/a> &nbsp;(Libert\u00e9)<\/p>\n\n\n\n<p><a href=\"https:\/\/www.liberte-algerie.com\/actualite\/liberation-sous-caution-de-nabil-karoui-354653\">Tunisie&nbsp;: lib\u00e9ration sous caution de Nabil Karoui<\/a> &nbsp;(Libert\u00e9)<\/p>\n\n\n\n<p><a href=\"https:\/\/www.espacemanager.com\/dechets-italiens-mandat-de-depot-contre-un-transitaire-en-douane.html\">D\u00e9chets italiens en Tunisie : Mandat de d\u00e9p\u00f4t contre un transitaire en douane<\/a> &nbsp;(Espace manager)<\/p>\n\n\n\n<p><a href=\"https:\/\/www.espacemanager.com\/les-jeunes-medecins-en-greve-generale-les-1er-et-2-mars.html\">Les jeunes m\u00e9decins tunisiens en gr\u00e8ve g\u00e9n\u00e9rale les 1er et 2 mars<\/a> &nbsp;(Espace manager)<\/p>\n\n\n\n<p><a href=\"https:\/\/www.elwatan.com\/edition\/international\/la-tunisie-senlise-dans-la-crise-politique-25-02-2021\">Ennahdha appelle \u00e0 descendre dans la rue pour d\u00e9fendre le gouvernement tunisien<\/a> &nbsp;(El Watan)<\/p>\n\n\n\n<figure class=\"wp-block-image size-large\"><img data-recalc-dims=\"1\" loading=\"lazy\" decoding=\"async\" width=\"317\" height=\"178\" src=\"https:\/\/i0.wp.com\/www.rdpemancipation.org\/wp-content\/uploads\/2021\/02\/image-99.png?resize=317%2C178&#038;ssl=1\" alt=\"\" class=\"wp-image-17661\" srcset=\"https:\/\/i0.wp.com\/www.rdpemancipation.org\/wp-content\/uploads\/2021\/02\/image-99.png?w=317&amp;ssl=1 317w, https:\/\/i0.wp.com\/www.rdpemancipation.org\/wp-content\/uploads\/2021\/02\/image-99.png?resize=300%2C168&amp;ssl=1 300w\" sizes=\"auto, (max-width: 317px) 100vw, 317px\" \/><figcaption><sup>Rached Ghannouchi, pr\u00e9sident du mouvement islamiste tunisien Ennahdha<\/sup><\/figcaption><\/figure>\n\n\n\n<p><a href=\"https:\/\/www.revolutionpermanente.fr\/Tunisie-Latecoere-licencie-356-ouvrieres-avec-la-complicite-de-la-bureaucratie-syndicale\">Tunisie&nbsp;: Lat\u00e9co\u00e8re licencie 356 ouvri\u00e8res avec la complicit\u00e9 de la bureaucratie syndicale&nbsp;!<\/a> -Ga\u00ebtan Gracia<\/p>\n\n\n\n<p><a href=\"http:\/\/alencontre.org\/afrique\/algerie\/lalgerie-gronde.html\">L\u2019Alg\u00e9rie gronde&nbsp;<\/a> -Moustapha Benfodil (Alencontre)<\/p>\n\n\n\n<p><a href=\"http:\/\/alencontre.org\/afrique\/algerie\/algerie-dossier-le-hirak-est-de-retour-voleurs-vous-avez-bouffe-le-pays-etat-civil-et-non-militaire-tebboune-illegitime.html\">Alg\u00e9rie-dossier. Le Hirak est de retour! <\/a>(Alencontre)<\/p>\n\n\n\n<p><strong><span class=\"has-inline-color has-vivid-red-color\">24 f\u00e9vrier <\/span><\/strong><\/p>\n\n\n\n<p><a href=\"https:\/\/www.rfi.fr\/fr\/afrique\/20210224-au-maroc-une-affaire-de-revenge-porn-relance-le-d\u00e9bat-sur-les-libert\u00e9s-individuelles\">Au Maroc, une affaire de \u00ab revenge porn \u00bb relance le d\u00e9bat sur les libert\u00e9s individuelles<\/a> (RFI)<\/p>\n\n\n\n<p><a href=\"https:\/\/www.lavieeco.com\/actualite-maroc\/cgem-la-sortie-du-maroc-de-la-liste-grise-de-lue-un-nouvel-atout-pour-lattractivite-du-royaume\/\">La sortie du Maroc de la liste grise de l\u2019UE <\/a>(La Vie eco)<\/p>\n\n\n\n<p><a href=\"https:\/\/www.hrw.org\/fr\/news\/2021\/02\/23\/le-mouvement-de-protestation-algerien-hirak-fete-son-deuxieme-anniversaire\">Le mouvement de protestation alg\u00e9rien Hirak f\u00eate son deuxi\u00e8me anniversaire<\/a> &nbsp;(Point de vue, HRW)<\/p>\n\n\n\n<p><a href=\"https:\/\/www.amnesty.fr\/actualites\/Alg\u00e9rie,%20depuis%20deux%20ans%20les%20militants%20du%20Hirak%20sont%20pris%20pour%20cible\">Alg\u00e9rie, depuis deux ans les militants du Hirak sont pris pour cible<\/a> &nbsp;(Amnesty France)<\/p>\n\n\n\n<p><a href=\"https:\/\/www.tsa-algerie.com\/les-limites-de-la-strategie-autoritaire-du-pouvoir-algerien\/\">Les limites de la strat\u00e9gie autoritaire du pouvoir alg\u00e9rien<\/a> (TSA)<\/p>\n\n\n\n<p><a href=\"https:\/\/www.tsa-algerie.com\/hirak-les-etudiants-de-retour-dans-la-rue-plusieurs-interpellations\/\">Hirak : les \u00e9tudiants de retour dans la rue, plusieurs interpellations<\/a> (TSA)<\/p>\n\n\n\n<p><a href=\"https:\/\/www.tsa-algerie.com\/un-etudiant-arrete-apres-un-entretien-a-radio-m-une-journaliste-agressee\/\">Un \u00e9tudiant arr\u00eat\u00e9 apr\u00e8s un entretien \u00e0 Radio M, une journaliste agress\u00e9e<\/a> (TSA)<\/p>\n\n\n\n<p><a href=\"https:\/\/www.liberte-algerie.com\/actualite\/la-marche-des-etudiants-empechee-354610\">La marche des \u00e9tudiants emp\u00each\u00e9e<\/a> (Libert\u00e9)<\/p>\n\n\n\n<figure class=\"wp-block-image size-large is-resized\"><img data-recalc-dims=\"1\" loading=\"lazy\" decoding=\"async\" src=\"https:\/\/i0.wp.com\/www.rdpemancipation.org\/wp-content\/uploads\/2021\/02\/image-95.png?resize=390%2C260&#038;ssl=1\" alt=\"\" class=\"wp-image-17505\" width=\"390\" height=\"260\" srcset=\"https:\/\/i0.wp.com\/www.rdpemancipation.org\/wp-content\/uploads\/2021\/02\/image-95.png?w=486&amp;ssl=1 486w, https:\/\/i0.wp.com\/www.rdpemancipation.org\/wp-content\/uploads\/2021\/02\/image-95.png?resize=300%2C200&amp;ssl=1 300w\" sizes=\"auto, (max-width: 390px) 100vw, 390px\" \/><figcaption><sup>\u00a9 Billel Zehani\/Libert\u00e9<\/sup><\/figcaption><\/figure>\n\n\n\n<p><a href=\"https:\/\/algeria-watch.org\/?p=76583\">Souvenirs, souvenirs, c\u2019\u00e9tait il y a cinquante ans, la nationalisation du p\u00e9trole alg\u00e9rien\u2026<\/a> Hocine Malti (Algeria-Watch)<\/p>\n\n\n\n<p><a href=\"https:\/\/www.tsa-algerie.com\/sonatrach-du-nouveau-dans-laffaire-de-la-raffinerie-augusta\/\">Sonatrach : du nouveau dans l\u2019affaire de la raffinerie Augusta<\/a> (TSA)<\/p>\n\n\n\n<p><a href=\"https:\/\/www.courrierinternational.com\/article\/Fronde%20en%20Tunisie,%20les%20ultras%20aux%20avant-postes%20de%20la%20contestation\">Fronde en Tunisie, les ultras aux avant-postes de la contestation<\/a> (Courrier international)<\/p>\n\n\n\n<p><a href=\"https:\/\/www.hrw.org\/fr\/news\/2021\/02\/23\/tunisie-arrestations-arbitraires-dactivistes-lgbti-et-violences-policieres\">Tunisie : Arrestations arbitraires d\u2019activistes LGBTI et violences polici\u00e8res<\/a> (HRW)<\/p>\n\n\n\n<p><a href=\"https:\/\/www.rfi.fr\/fr\/afrique\/20210224-libye-les-bras-de-fer-entre-milices-entravent-le-processus-de-normalisation\">Libye: les bras de fer entre milices entravent le processus de normalisation<\/a> (RFI)<\/p>\n\n\n\n<p><strong><span class=\"has-inline-color has-vivid-red-color\">23 f\u00e9vrier <\/span><\/strong><\/p>\n\n\n\n<p><a href=\"https:\/\/mondafrique.com\/le-dernier-espoir-de-sauver-la-samir-fleuron-du-raffinage-marocain\/\">Le dernier espoir de sauver la Samir, fleuron du raffinage marocain<\/a> &nbsp;(Mondafrique)<\/p>\n\n\n\n<figure class=\"wp-block-image is-resized\"><img data-recalc-dims=\"1\" loading=\"lazy\" decoding=\"async\" src=\"https:\/\/i0.wp.com\/mondafrique.com\/wp-content\/uploads\/2021\/02\/unnamed-5.jpg?resize=373%2C187&#038;ssl=1\" alt=\"\" width=\"373\" height=\"187\"\/><\/figure>\n\n\n\n<p><a href=\"https:\/\/algeria-watch.org\/?p=76550\">Appels pour d\u00e9baptiser les lieux portant son nom : Bugeaud, un mar\u00e9chal qui fait honte \u00e0 la France<\/a> &nbsp;(Libert\u00e9)<\/p>\n\n\n\n<p><a href=\"https:\/\/mondafrique.com\/le-quotidien-des-militants-du-hirak-dans-les-prisons-algeriennes\/\">Le quotidien des militants du Hirak dans les prisons alg\u00e9riennes<\/a> &nbsp;(Mondafrique)<\/p>\n\n\n\n<p><a href=\"https:\/\/mondafrique.com\/algerie-le-retour-triomphal-du-hirak\/\">Le retour triomphal du Hirak isole le pouvoir alg\u00e9rien<\/a> &nbsp;(Mondafrique)<\/p>\n\n\n\n<p><a href=\"https:\/\/algeria-watch.org\/?p=76548\">Alg\u00e9rie, AbdelouAhab Fersaoui, Pr\u00e9sident du RAJ : \u201cL\u2019agenda \u00e9lectoral a montr\u00e9 ses limites\u201d<\/a> &nbsp;(Libert\u00e9)<\/p>\n\n\n\n<figure class=\"wp-block-image is-resized\"><img data-recalc-dims=\"1\" loading=\"lazy\" decoding=\"async\" src=\"https:\/\/i0.wp.com\/mondafrique.com\/wp-content\/uploads\/2021\/02\/IMG-20210222-WA0071.jpg?resize=396%2C191&#038;ssl=1\" alt=\"\" width=\"396\" height=\"191\"\/><\/figure>\n\n\n\n<p><a href=\"https:\/\/alencontre.org\/afrique\/algerie\/algerie-le-hirak-reprend-a-son-compte-les-fondamentaux-de-lhistoire-revolutionnaire-algerienne-et-condamne-la-confiscation-de-lindependance.html\">Le hirak reprend les fondamentaux de l\u2019histoire r\u00e9volutionnaire alg\u00e9rienne\u2026 <\/a>-Karima Dir\u00e8che<\/p>\n\n\n\n<p><a href=\"https:\/\/orientxxi.info\/lu-vu-entendu\/algerie-omar-azeradj-l-audace-des-poetes,4549\">Alg\u00e9rie. Omar Azeradj, l&rsquo;audace des po\u00e8tes<\/a> (Orient XXI)&nbsp;<\/p>\n\n\n\n<p><a href=\"https:\/\/www.agenceecofin.com\/trade\/0902-85004-l-algerie-pourrait-cesser-d-etre-un-exportateur-de-brut-dans-les-dix-prochaines-annees\">L\u2019Alg\u00e9rie pourrait cesser d\u2019\u00eatre un exportateur de brut dans les dix prochaines ann\u00e9es<\/a> (\u00e9cofin)<\/p>\n\n\n\n<p><a href=\"https:\/\/orientxxi.info\/magazine\/algerie-l-avenir-bouche-du-secteur-petrolier,4530\">Alg\u00e9rie. L&rsquo;avenir bouch\u00e9 du secteur p\u00e9trolier<\/a> (Orient XXI)&nbsp;<\/p>\n\n\n\n<figure class=\"wp-block-image size-large is-resized is-style-default\"><img data-recalc-dims=\"1\" loading=\"lazy\" decoding=\"async\" src=\"https:\/\/i0.wp.com\/www.rdpemancipation.org\/wp-content\/uploads\/2021\/02\/d38d3a244d94672a0e9740b554882934.jpg?resize=406%2C228&#038;ssl=1\" alt=\"\" class=\"wp-image-17314\" width=\"406\" height=\"228\" srcset=\"https:\/\/i0.wp.com\/www.rdpemancipation.org\/wp-content\/uploads\/2021\/02\/d38d3a244d94672a0e9740b554882934.jpg?resize=1024%2C576&amp;ssl=1 1024w, https:\/\/i0.wp.com\/www.rdpemancipation.org\/wp-content\/uploads\/2021\/02\/d38d3a244d94672a0e9740b554882934.jpg?resize=300%2C169&amp;ssl=1 300w, https:\/\/i0.wp.com\/www.rdpemancipation.org\/wp-content\/uploads\/2021\/02\/d38d3a244d94672a0e9740b554882934.jpg?resize=768%2C432&amp;ssl=1 768w, https:\/\/i0.wp.com\/www.rdpemancipation.org\/wp-content\/uploads\/2021\/02\/d38d3a244d94672a0e9740b554882934.jpg?w=1045&amp;ssl=1 1045w\" sizes=\"auto, (max-width: 406px) 100vw, 406px\" \/><\/figure>\n\n\n\n<p><a href=\"https:\/\/www.espacemanager.com\/lettre-ouverte-du-collectif-de-soutien-aux-mouvements-sociaux-en-tunisie-kais-saied.html\">Lettre ouverte du Collectif de soutien aux mouvements sociaux en Tunisie \u00e0 Ka\u00efs Saied<\/a> (Espace manager)<\/p>\n\n\n\n<p><a href=\"https:\/\/www.rfi.fr\/fr\/afrique\/20210223-tunisie-nouvelle-tension-dans-le-bras-de-fer-qui-oppose-le-pr\u00e9sident-au-premier-ministre\">Tunisie : nouvelle tension dans le bras de fer qui oppose le pr\u00e9sident au Premier ministre<\/a> (RFI)<\/p>\n\n\n\n<p><a href=\"https:\/\/www.espacemanager.com\/les-protestataires-del-kamour-decident-une-greve-generale-de-3-jours-tataouine.html\">Les protestataires d&rsquo;El Kamour d\u00e9cident une gr\u00e8ve g\u00e9n\u00e9rale de 3 jours \u00e0 Tataouine<\/a> (Espace manager)<\/p>\n\n\n\n<p><a href=\"https:\/\/www.agenceecofin.com\/dossier\/1902-85393-grandes-compagnies-minieres-africaines-partie-3-cpg-le-leader-du-phosphate-tunisien\">La Compagnie des phosphates de Gafsa, CPG, leader du phosphate tunisien et berceau de la contestation<\/a> &nbsp;(\u00e9cofin)<\/p>\n\n\n\n<figure class=\"wp-block-image size-large is-resized\"><img data-recalc-dims=\"1\" loading=\"lazy\" decoding=\"async\" src=\"https:\/\/i0.wp.com\/www.rdpemancipation.org\/wp-content\/uploads\/2021\/02\/image-90.png?resize=430%2C286&#038;ssl=1\" alt=\"\" class=\"wp-image-17378\" width=\"430\" height=\"286\" srcset=\"https:\/\/i0.wp.com\/www.rdpemancipation.org\/wp-content\/uploads\/2021\/02\/image-90.png?w=450&amp;ssl=1 450w, https:\/\/i0.wp.com\/www.rdpemancipation.org\/wp-content\/uploads\/2021\/02\/image-90.png?resize=300%2C199&amp;ssl=1 300w\" sizes=\"auto, (max-width: 430px) 100vw, 430px\" \/><figcaption><sub>Manifestation de ch\u00f4meurs \u00e0 Gafsa<\/sub><\/figcaption><\/figure>\n\n\n\n<p><strong><span class=\"has-inline-color has-vivid-red-color\">22 f\u00e9vrier<\/span><\/strong><\/p>\n\n\n\n<p><a href=\"https:\/\/www.humanite.fr\/najat-ikhich-en-greve-de-la-faim-pour-les-droits-des-femmes-au-maroc-700432#xtor=RSS-1\">Najat Ikhich, en gr\u00e8ve de la faim pour les droits des femmes au Maroc<\/a> (L\u2019Humanit\u00e9)&nbsp;<\/p>\n\n\n\n<p><a href=\"https:\/\/europe-solidaire.us8.list-manage.com\/track\/click?u=5c732dd5ee65845cf20fd724a&amp;id=20db978a65&amp;e=5df9c98670\">Alg\u00e9rie : D\u00e9claration pour le deuxi\u00e8me anniversaire du Hirak<\/a> (PST)<\/p>\n\n\n\n<p><a href=\"https:\/\/www.humanite.fr\/france-algerie-quel-travail-de-reconnaissance-apres-le-rapport-stora-2-700441#xtor=RSS-1\">France-Alg\u00e9rie : quel travail de reconnaissance apr\u00e8s le rapport Stora ? (2)<\/a> (L\u2019Humanit\u00e9 )<\/p>\n\n\n\n<p><a href=\"https:\/\/lanticapitaliste.org\/actualite\/international\/le-hirak-algerien-deux-ans-apres-une-colere-populaire-croissante-face-un\">Le hirak alg\u00e9rien, deux ans apr\u00e8s : \u00ab Une col\u00e8re populaire croissante face \u00e0 un gouvernement paralys\u00e9 \u00bb<\/a> -Adel Abderrezak&nbsp;<\/p>\n\n\n\n<p><a href=\"https:\/\/lanticapitaliste.org\/videos\/intervention-de-mahmoud-rechidi-la-marche-pour-les-deux-ans-du-hirak\">Intervention de Mahmoud Rechidi \u00e0 la marche pour les deux ans du Hirak<\/a> (L\u2019Anticapitaliste)<\/p>\n\n\n\n<p><a href=\"https:\/\/algeria-watch.org\/?p=76570\">La r\u00e9ponse cinglante du Hirak au \u00ab&nbsp;rapport Stora&nbsp;\u00bb<\/a> &nbsp;Salima Mellah (Algeria-Watch)<\/p>\n\n\n\n<p><a href=\"https:\/\/algeria-watch.org\/?p=76562\">Le mouvement du 22 f\u00e9vrier f\u00eate son 2e anniversaire : Une profonde aspiration au changement<\/a> &nbsp;(El Watan)<\/p>\n\n\n\n<p><a href=\"https:\/\/algeria-watch.org\/?p=76566\">La police fran\u00e7aise interdit une marche du Hirak \u00e0 Paris !<\/a> &nbsp;(El Watan)<\/p>\n\n\n\n<p><a href=\"https:\/\/algeria-watch.org\/?p=76564\">Un formidable laboratoire de r\u00e9invention du politique : Les agoras libres du Hirak<\/a> &nbsp;(El Watan)<\/p>\n\n\n\n<figure class=\"wp-block-image size-large is-resized\"><img data-recalc-dims=\"1\" loading=\"lazy\" decoding=\"async\" src=\"https:\/\/i0.wp.com\/www.rdpemancipation.org\/wp-content\/uploads\/2021\/02\/image-83.png?resize=388%2C258&#038;ssl=1\" alt=\"\" class=\"wp-image-17162\" width=\"388\" height=\"258\" srcset=\"https:\/\/i0.wp.com\/www.rdpemancipation.org\/wp-content\/uploads\/2021\/02\/image-83.png?w=418&amp;ssl=1 418w, https:\/\/i0.wp.com\/www.rdpemancipation.org\/wp-content\/uploads\/2021\/02\/image-83.png?resize=300%2C200&amp;ssl=1 300w\" sizes=\"auto, (max-width: 388px) 100vw, 388px\" \/><figcaption><sub>AFP &#8211; Ryad Kramdi<\/sub><\/figcaption><\/figure>\n\n\n\n<p><a href=\"https:\/\/algeria-watch.org\/?p=76568\">Deuxi\u00e8me anniversaire du Hirak, la r\u00e9volution inachev\u00e9e<\/a> &nbsp;(Libert\u00e9)<\/p>\n\n\n\n<p><a href=\"https:\/\/www.boursorama.com\/actualite-economique\/actualites\/en-algerie-le-reveil-du-hirak-pour-son-deuxieme-anniversaire-e9a5d5ae6b050209a6c583080029d17f\">En Alg\u00e9rie, le r\u00e9veil du Hirak pour son deuxi\u00e8me anniversaire<\/a> &nbsp;(AFP)<\/p>\n\n\n\n<p>&nbsp;<a href=\"https:\/\/www.boursorama.com\/videos\/actualites\/deux-ans-du-hirak-en-algerie-des-milliers-de-manifestants-defilent-a-alger-a78fab0ea63f423d23906b966b07c4f7\">Deux ans du Hirak en Alg\u00e9rie : des milliers de manifestants d\u00e9filent \u00e0 Alger<\/a> &nbsp;(France 24)<\/p>\n\n\n\n<figure class=\"wp-block-image size-large is-resized\"><img data-recalc-dims=\"1\" loading=\"lazy\" decoding=\"async\" src=\"https:\/\/i0.wp.com\/www.rdpemancipation.org\/wp-content\/uploads\/2021\/02\/image-82.png?resize=393%2C261&#038;ssl=1\" alt=\"\" class=\"wp-image-17161\" width=\"393\" height=\"261\" srcset=\"https:\/\/i0.wp.com\/www.rdpemancipation.org\/wp-content\/uploads\/2021\/02\/image-82.png?w=605&amp;ssl=1 605w, https:\/\/i0.wp.com\/www.rdpemancipation.org\/wp-content\/uploads\/2021\/02\/image-82.png?resize=300%2C200&amp;ssl=1 300w\" sizes=\"auto, (max-width: 393px) 100vw, 393px\" \/><figcaption><sup>AFP &#8211; Ryad Kramdi<\/sup><\/figcaption><\/figure>\n\n\n\n<p><a href=\"https:\/\/algeria-watch.org\/?p=76560\">Remaniement du gouvernement alg\u00e9rien : Sans grands changements<\/a> &nbsp;(Le Soir d\u2019Alg\u00e9rie)<\/p>\n\n\n\n<p><strong><span class=\"has-inline-color has-vivid-red-color\">21 f\u00e9vrier <\/span><\/strong><\/p>\n\n\n\n<p><a href=\"http:\/\/alencontre.org\/afrique\/algerie\/le-hirak-algerien-entre-mobilisation-et-emprisonnement-entretien-avec-hakim-addad-conduit-par-thomas-serres.html\">Le hirak alg\u00e9rien entre mobilisation et emprisonnement <\/a>&#8211; Entretien avec Hakim Addad (Alencontre)<\/p>\n\n\n\n<p><a href=\"https:\/\/entreleslignesentrelesmots.blog\/2021\/02\/17\/bugeaud-bourreau-des-algeriens-et-ennemi-de-la-republique\/\">Bugeaud&nbsp;: Bourreau des alg\u00e9riens et ennemi de la&nbsp;R\u00e9publique<\/a> (Change)<\/p>\n\n\n\n<p><a href=\"http:\/\/article19.ma\/accueil\/archives\/140201\">Maroc&nbsp;: le militant Zefzafi hospitalis\u00e9 \u00e0 la suite de sa gr\u00e8ve de la faim<\/a> &nbsp;(Article19.ma)<\/p>\n\n\n\n<p><a href=\"https:\/\/www.lemonde.fr\/afrique\/article\/2021\/02\/18\/nous-n-avons-plus-aucun-revenu-l-arret-de-la-contrebande-plombe-l-economie-du-nord-du-maroc_6070448_3212.html\">\u00ab&nbsp;Nous n\u2019avons plus aucun revenu&nbsp;\u00bb&nbsp;: l\u2019arr\u00eat de la contrebande plombe l\u2019\u00e9conomie du nord du Maroc<\/a> &nbsp;(Le Monde)<\/p>\n\n\n\n<figure class=\"wp-block-image size-large is-resized\"><img data-recalc-dims=\"1\" loading=\"lazy\" decoding=\"async\" src=\"https:\/\/i0.wp.com\/www.rdpemancipation.org\/wp-content\/uploads\/2021\/02\/image-76.png?resize=391%2C220&#038;ssl=1\" alt=\"\" class=\"wp-image-16998\" width=\"391\" height=\"220\" srcset=\"https:\/\/i0.wp.com\/www.rdpemancipation.org\/wp-content\/uploads\/2021\/02\/image-76.png?w=452&amp;ssl=1 452w, https:\/\/i0.wp.com\/www.rdpemancipation.org\/wp-content\/uploads\/2021\/02\/image-76.png?resize=300%2C169&amp;ssl=1 300w\" sizes=\"auto, (max-width: 391px) 100vw, 391px\" \/><figcaption><sub>Les habitants de la petite ville c\u00f4ti\u00e8re de Fnideq ont manifest\u00e9 <\/sub><br><sub>pour la deuxi\u00e8me semaine, le 12 f\u00e9vrier. Myma pour Le Monde<\/sub><\/figcaption><\/figure>\n\n\n\n<p><a href=\"http:\/\/article19.ma\/accueil\/archives\/140185\">Pol\u00e9mique \u2013 Le Maroc \u00ab se prive \u00bb des importations allemandes record de cannabis m\u00e9dical<\/a> &nbsp;(Article19.ma)<\/p>\n\n\n\n<p><a href=\"https:\/\/maroc-diplomatique.net\/samir-a-quand-un-retour-a-la-normale\/\">Samir&nbsp;: A quand un retour \u00e0&nbsp;la normale ?<\/a> &nbsp;(Maroc diplomatique)<\/p>\n\n\n\n<p><a href=\"https:\/\/www.mediapart.fr\/journal\/international\/210221\/deux-ans-apres-le-hirak-ou-en-est-l-algerie-nouvelle\">Deux ans apr\u00e8s le \u00abhirak\u00bb, o\u00f9 en est \u00abl\u2019Alg\u00e9rie nouvelle\u00bb ?<\/a> &nbsp;&nbsp;(M\u00e9diapart)<\/p>\n\n\n\n<p><a href=\"https:\/\/mondafrique.com\/algerie-la-sortie-de-crise-improvisee-du-president-tebboune\/\">Alg\u00e9rie, la sortie de crise improvis\u00e9e du pr\u00e9sident Abdelmadjid Tebboune<\/a> &nbsp;(Mondafrique)<\/p>\n\n\n\n<p><a href=\"https:\/\/www.lemonde.fr\/blog\/filiu\/2021\/02\/21\/limpasse-politique-en-algerie-relance-lemigration-illegale-vers-leurope\/\">L\u2019impasse politique en Alg\u00e9rie relance l\u2019\u00e9migration ill\u00e9gale vers l\u2019Europe <\/a>&nbsp;Jean-Pierre Filiu \u2013 (Le Monde)<\/p>\n\n\n\n<p><a href=\"https:\/\/www.rfi.fr\/fr\/afrique\/20210220-le-journaliste-khaled-drareni-je-vais-revenir-%C3%A0-ce-formidable-m%C3%A9tier-que-j-exerce-depuis-15-ans\">Le journaliste Khaled Drareni: \u00abJe vais revenir \u00e0 ce formidable m\u00e9tier que j\u2019exerce depuis 15 ans\u00bb <\/a>&nbsp;(RFI)<\/p>\n\n\n\n<p><a href=\"https:\/\/www.boursorama.com\/actualite-economique\/actualites\/rassemblement-a-paris-des-sympathisants-du-hirak-a-la-veille-du-2e-anniversaire-du-soulevement-en-algerie-89ad3d1e5c9b1b054b70a4e18ce463f8\">Rassemblement \u00e0 Paris des sympathisants du Hirak \u00e0 la veille du 2e anniversaire du soul\u00e8vement en Alg\u00e9rie<\/a> &nbsp;(AFP)<\/p>\n\n\n\n<figure class=\"wp-block-image size-large is-resized\"><img data-recalc-dims=\"1\" loading=\"lazy\" decoding=\"async\" src=\"https:\/\/i0.wp.com\/www.rdpemancipation.org\/wp-content\/uploads\/2021\/02\/image-78.png?resize=413%2C281&#038;ssl=1\" alt=\"\" class=\"wp-image-17005\" width=\"413\" height=\"281\" srcset=\"https:\/\/i0.wp.com\/www.rdpemancipation.org\/wp-content\/uploads\/2021\/02\/image-78.png?w=510&amp;ssl=1 510w, https:\/\/i0.wp.com\/www.rdpemancipation.org\/wp-content\/uploads\/2021\/02\/image-78.png?resize=300%2C204&amp;ssl=1 300w\" sizes=\"auto, (max-width: 413px) 100vw, 413px\" \/><figcaption><sub>A Paris le 21 f\u00e9vrier<\/sub><\/figcaption><\/figure>\n\n\n\n<p><a href=\"https:\/\/www.lemonde.fr\/afrique\/article\/2021\/02\/18\/assassinat-d-herve-gourdel-le-principal-accuse-condamne-a-la-peine-de-mort_6070465_3212.html\">Assassinat d\u2019Herv\u00e9 Gourdel&nbsp;: le principal accus\u00e9 condamn\u00e9 \u00e0 la peine de mort <\/a>&nbsp;(Le Monde) Voir aussi articles du 7 f\u00e9vrier ci-dessous sur m\u00eame sujet<a href=\"https:\/\/www.rfi.fr\/fr\/en-bref\/20210221-libye-le-ministre-de-l-int%C3%A9rieur-sort-indemne-d-une-tentative-d-assassinat\"><\/a><\/p>\n\n\n\n<p><a href=\"https:\/\/www.rfi.fr\/fr\/en-bref\/20210221-libye-le-ministre-de-l-int%C3%A9rieur-sort-indemne-d-une-tentative-d-assassinat\">Libye : le ministre de l&rsquo;Int\u00e9rieur sort indemne d&rsquo;une tentative d&rsquo;assassinat <\/a>&nbsp;(RFI)<\/p>\n\n\n\n<p><strong><span class=\"has-inline-color has-vivid-red-color\">20 f\u00e9vrier <\/span><\/strong><\/p>\n\n\n\n<p><a href=\"https:\/\/orientxxi.info\/lu-vu-entendu\/paul-bowles-et-le-mythe-de-tanger,4486\">Paul Bowles et \u00ab le mythe de Tanger \u00bb<\/a> (Orient XXI)<\/p>\n\n\n\n<p><a href=\"https:\/\/www.lemediatv.fr\/articles\/2021\/lexil-ou-la-prison-au-maroc-le-triste-anniversaire-du-20-fevrier-2011-UvLSNO7SSRGGXUhWCyTcQQ\">L&rsquo;exil ou la prison : au Maroc, le triste anniversaire du 20 f\u00e9vrier 2011<\/a> (Le M\u00e9dia)&nbsp;<\/p>\n\n\n\n<p><a href=\"https:\/\/orientxxi.info\/magazine\/qui-sont-les-nouveaux-dirigeants-de-la-libye,4536\">Qui sont les nouveaux dirigeants de la Libye&nbsp;?<\/a> (Orient XXI)<\/p>\n\n\n\n<figure class=\"wp-block-image size-large is-resized\"><img data-recalc-dims=\"1\" loading=\"lazy\" decoding=\"async\" src=\"https:\/\/i0.wp.com\/www.rdpemancipation.org\/wp-content\/uploads\/2021\/02\/image-77.png?resize=391%2C219&#038;ssl=1\" alt=\"\" class=\"wp-image-16999\" width=\"391\" height=\"219\" srcset=\"https:\/\/i0.wp.com\/www.rdpemancipation.org\/wp-content\/uploads\/2021\/02\/image-77.png?w=605&amp;ssl=1 605w, https:\/\/i0.wp.com\/www.rdpemancipation.org\/wp-content\/uploads\/2021\/02\/image-77.png?resize=300%2C169&amp;ssl=1 300w\" sizes=\"auto, (max-width: 391px) 100vw, 391px\" \/><figcaption><sup>Tripoli, 17&nbsp;f\u00e9vrier 2021. Le nouveau premier ministre Abdoul Hamid Dbeibah<\/sup> <br><sup>sur la place des Martyrs. Mahmud Turkia\/AFP<\/sup><\/figcaption><\/figure>\n\n\n\n<p><a href=\"https:\/\/www.elwatan.com\/edition\/international\/situation-des-droits-de-lhomme-au-sahara-occidental-occupe-ghali-appelle-joe-biden-a-intervenir-pour-proteger-les-civils-sahraouis-20-02-2021\">Situation des droits de l\u2019homme au Sahara Occidental occup\u00e9 : Ghali appelle Joe Biden \u00e0 intervenir pour prot\u00e9ger les civils sahraouis<\/a> &nbsp;(El Watan)<\/p>\n\n\n\n<p><a href=\"https:\/\/www.elwatan.com\/edition\/international\/camps-des-refugies-sahraouis-une-republique-en-exil-20-02-2021\">Camps des r\u00e9fugi\u00e9s sahraouis : Une R\u00e9publique en exil\u2026<\/a> &nbsp;(El Watan)<\/p>\n\n\n\n<figure class=\"wp-block-image size-large is-resized\"><img data-recalc-dims=\"1\" loading=\"lazy\" decoding=\"async\" src=\"https:\/\/i0.wp.com\/www.rdpemancipation.org\/wp-content\/uploads\/2021\/02\/image-73.png?resize=458%2C149&#038;ssl=1\" alt=\"\" class=\"wp-image-16858\" width=\"458\" height=\"149\" srcset=\"https:\/\/i0.wp.com\/www.rdpemancipation.org\/wp-content\/uploads\/2021\/02\/image-73.png?w=605&amp;ssl=1 605w, https:\/\/i0.wp.com\/www.rdpemancipation.org\/wp-content\/uploads\/2021\/02\/image-73.png?resize=300%2C98&amp;ssl=1 300w\" sizes=\"auto, (max-width: 458px) 100vw, 458px\" \/><figcaption><sup><em>L\u2019entr\u00e9e du camp de r\u00e9fugi\u00e9s sahraouis , des conditions de vie spartiates , <\/em><br><em>des femmes sahraouies r\u00e9fugi\u00e9es<\/em><\/sup><\/figcaption><\/figure>\n\n\n\n<p><a href=\"https:\/\/algeria-watch.org\/?p=76532\">Deuxi\u00e8me anniversaire&nbsp;: la centralit\u00e9 intacte du Hirak alg\u00e9rien<\/a> (Algeria-Watch)<\/p>\n\n\n\n<p><a href=\"https:\/\/algeria-watch.org\/?p=76453\">\u062d\u0648\u0627\u0631 \u0633\u064a\u0627\u0633\u064a. \u0627\u0644\u062d\u0631\u0627\u0643 \u0648 \u0627\u0644\u0648\u0636\u0639 \u0627\u0644\u0633\u064a\u0627\u0633\u064a \u0641\u064a \u0627\u0644\u062c\u0632\u0627\u0626\u0631. \u0639\u0645\u0631 \u0628\u0646 \u062f\u0631\u0629 \u062e\u0628\u064a\u0631 \u0627\u0642\u062a\u0635\u0627\u062f\u064a \u0648 \u0645\u0646\u0627\u0636\u0644 \u062d\u0642\u0648\u0642\u064a<\/a> &nbsp;(Vid\u00e9o en arabe et en fran\u00e7ais, Radio Kalima) Discussion sur le Hirak et la situation politique en Alg\u00e9rie avec Omar Benderra, \u00e9conomiste et membre d\u2019Algeria-Watch.<\/p>\n\n\n\n<p><a href=\"https:\/\/algeria-watch.org\/?p=76529\">A deux jours du deuxi\u00e8me anniversaire du Hirak : Alger sous haute surveillance<\/a> &nbsp;(Libert\u00e9<a>)<\/a><\/p>\n\n\n\n<p><a href=\"https:\/\/www.liberte-algerie.com\/actualite\/33-detenus-elargis-et-procedures-en-cours-pour-les-autres-354306\">Alg\u00e9rie, 33 d\u00e9tenus \u00e9largis et proc\u00e9dures en cours pour les autres<\/a> &nbsp;(Libert\u00e9)<\/p>\n\n\n\n<p><a href=\"https:\/\/www.boursorama.com\/videos\/actualites\/algerie-libere-le-militant-khaled-drareni-arrive-chez-ses-parents-4c027f8d1a6f4153fdba3cd2ea9e3660\">Alg\u00e9rie : lib\u00e9r\u00e9, le militant Khaled Drareni arrive chez ses parents<\/a> &nbsp;(AFP Video)<\/p>\n\n\n\n<p><a href=\"https:\/\/algeria-watch.org\/?p=76527\">Le traitement d\u2019urgence de Tebboune<\/a> &nbsp;(Le Soir d\u2019Alg\u00e9rie)<\/p>\n\n\n\n<figure class=\"wp-block-image size-large\"><img data-recalc-dims=\"1\" loading=\"lazy\" decoding=\"async\" width=\"315\" height=\"319\" src=\"https:\/\/i0.wp.com\/www.rdpemancipation.org\/wp-content\/uploads\/2021\/02\/image-74.png?resize=315%2C319&#038;ssl=1\" alt=\"\" class=\"wp-image-16860\" srcset=\"https:\/\/i0.wp.com\/www.rdpemancipation.org\/wp-content\/uploads\/2021\/02\/image-74.png?w=315&amp;ssl=1 315w, https:\/\/i0.wp.com\/www.rdpemancipation.org\/wp-content\/uploads\/2021\/02\/image-74.png?resize=296%2C300&amp;ssl=1 296w\" sizes=\"auto, (max-width: 315px) 100vw, 315px\" \/><figcaption><sup>Diem pour Libert\u00e9<\/sup><\/figcaption><\/figure>\n\n\n\n<p><a href=\"https:\/\/algeria-watch.org\/?p=76513\">Moi, juive alg\u00e9rienne, je n\u2019ai pas oubli\u00e9 les crimes coloniaux de la France<\/a> Ariella A\u00efsha Azoulay, lettre \u00e0 Benjama Stora<\/p>\n\n\n\n<p><a href=\"https:\/\/www.liberte-algerie.com\/international\/serie-de-consultations-de-partis-et-de-personnalites-nationales-354310\">Sortie de crise en Tunisie&nbsp;: s\u00e9rie de consultations de partis et de personnalit\u00e9s nationales<\/a> (Libert\u00e9)<\/p>\n\n\n\n<p><a href=\"https:\/\/www.liberte-algerie.com\/international\/lautorite-executive-unifiee-met-les-bouchees-doubles-354314\">La transition en Libye&nbsp;: l\u2019autorit\u00e9 ex\u00e9cutive unifi\u00e9e met les bouch\u00e9es doubles<\/a> (Libert\u00e9)<\/p>\n\n\n\n<p><strong><span class=\"has-inline-color has-vivid-red-color\">19 f\u00e9vrier <\/span><\/strong><\/p>\n\n\n\n<p><a href=\"https:\/\/lapresse.tn\/88231\/crise-institutionnelle-et-gouvernementale-lugtt-a-la-recherche-de-la-solution-miracle\/\">Crise tunisienne : L\u2019Ugtt \u00e0 la recherche de la solution miracle<\/a> (La Presse Tunisie)<\/p>\n\n\n\n<p><a href=\"https:\/\/www.espacemanager.com\/noureddine-taboubi-la-greve-generale-dans-le-secteur-public-est-envisageable.html\">Tunisie : la gr\u00e8ve g\u00e9n\u00e9rale dans le secteur public est envisageable<\/a> (Espace manager)<\/p>\n\n\n\n<figure class=\"wp-block-image size-large\"><img data-recalc-dims=\"1\" loading=\"lazy\" decoding=\"async\" width=\"391\" height=\"293\" src=\"https:\/\/i0.wp.com\/www.rdpemancipation.org\/wp-content\/uploads\/2021\/02\/image-71.png?resize=391%2C293&#038;ssl=1\" alt=\"\" class=\"wp-image-16719\" srcset=\"https:\/\/i0.wp.com\/www.rdpemancipation.org\/wp-content\/uploads\/2021\/02\/image-71.png?w=391&amp;ssl=1 391w, https:\/\/i0.wp.com\/www.rdpemancipation.org\/wp-content\/uploads\/2021\/02\/image-71.png?resize=300%2C225&amp;ssl=1 300w\" sizes=\"auto, (max-width: 391px) 100vw, 391px\" \/><figcaption><sub><sup>Noureddine Taboubi,  secr\u00e9taire g\u00e9n\u00e9ral de l\u2019Union Tunisienne g\u00e9n\u00e9rale du Travail&nbsp;<\/sup><\/sub><\/figcaption><\/figure>\n\n\n\n<p><a href=\"https:\/\/www.elwatan.com\/edition\/international\/conflit-du-sahara-occidental-us-western-sahara-foundation-demande-a-biden-de-reexaminer-la-position-des-etats-unis-18-02-2021\">Conflit du Sahara occidental : US Western Sahara Foundation demande \u00e0 Biden de \u2018r\u00e9examiner\u2019 la position des Etats-Unis<\/a> &nbsp;(El Watan)<\/p>\n\n\n\n<p><a href=\"https:\/\/lepetitjournalmarocain.com\/2021\/02\/19\/video-ce-qua-dit-abdelmadjid-tebboune-sur-le-sahara-marocain\/\">Ce qu\u2019a dit Abdelmadjid Tebboune sur le Sahara marocain<\/a> &nbsp;(Le petit journal marocain)<\/p>\n\n\n\n<p><a href=\"https:\/\/lepetitjournalmarocain.com\/2021\/02\/19\/video-benkirane-accuse-le-representant-disrael-au-maroc-dingerence-dans-les-affaires-du-pjd\/\">Benkirane accuse le repr\u00e9sentant d\u2019Isra\u00ebl au Maroc d\u2019ing\u00e9rence dans les affaires du PJD<\/a> &nbsp;(Le petit journal marocain)<\/p>\n\n\n\n<p><a href=\"http:\/\/www.npa-auto-critique.org\/arocianes\">R\u00e9pression de PSA et des autorit\u00e9s marocaines contre les ouvriers de l&rsquo;usine de Kenitra qui y ont cr\u00e9\u00e9 un syndicat<\/a> (Auto Critique)<\/p>\n\n\n\n<p><a href=\"https:\/\/www.tsa-algerie.com\/grace-presidentielle-la-liberation-de-detenus-du-hirak-a-commence\/\">Gr\u00e2ce pr\u00e9sidentielle en Alg\u00e9rie : la lib\u00e9ration de d\u00e9tenus du Hirak a commenc\u00e9<\/a> &nbsp;(TSA)<\/p>\n\n\n\n<p><a href=\"https:\/\/www.tsa-algerie.com\/liberation-de-detenus-du-hirak-le-ministere-la-justice-fait-le-point\/\">Lib\u00e9ration de d\u00e9tenus du Hirak : le minist\u00e8re de la Justice fait le point <\/a>&nbsp;(TSA)<\/p>\n\n\n\n<p><a href=\"https:\/\/www.mediapart.fr\/journal\/international\/190221\/en-algerie-le-president-fait-son-retour-et-une-serie-d-annonces\">En Alg\u00e9rie, le pr\u00e9sident fait son retour et une s\u00e9rie d\u2019annonces<\/a> &nbsp;(M\u00e9diapart)<\/p>\n\n\n\n<p><a href=\"https:\/\/lanticapitaliste.org\/actualite\/international\/algerie-le-hirak-une-insurrection-populaire-prelude-une-revolution-la\">Le Hirak, insurrection populaire pr\u00e9lude \u00e0 une r\u00e9volution&nbsp;! La r\u00e9pression outil de s\u00e9curit\u00e9 pr\u00e9ventive<\/a> -Hocine G.<\/p>\n\n\n\n<figure class=\"wp-block-image size-large is-resized\"><img data-recalc-dims=\"1\" loading=\"lazy\" decoding=\"async\" src=\"https:\/\/i0.wp.com\/www.rdpemancipation.org\/wp-content\/uploads\/2021\/02\/Capture-Kherrata-16-fevrier.png?resize=480%2C179&#038;ssl=1\" alt=\"\" class=\"wp-image-16722\" width=\"480\" height=\"179\" srcset=\"https:\/\/i0.wp.com\/www.rdpemancipation.org\/wp-content\/uploads\/2021\/02\/Capture-Kherrata-16-fevrier.png?w=626&amp;ssl=1 626w, https:\/\/i0.wp.com\/www.rdpemancipation.org\/wp-content\/uploads\/2021\/02\/Capture-Kherrata-16-fevrier.png?resize=300%2C113&amp;ssl=1 300w\" sizes=\"auto, (max-width: 480px) 100vw, 480px\" \/><figcaption><sup>16 f\u00e9vrier dernier, \u00e0 Kherrata, berceau du Hirak<\/sup><\/figcaption><\/figure>\n\n\n\n<p><a href=\"https:\/\/www.boursorama.com\/videos\/actualites\/algerie-le-president-tebboune-dissout-l-assemblee-et-convoque-des-elections-anticipees-734a7ca5c2729606b4e04d6364469301\">Alg\u00e9rie : le pr\u00e9sident Tebboune dissout l&rsquo;Assembl\u00e9e et convoque des \u00e9lections anticip\u00e9es<\/a> &nbsp;(France 24)<\/p>\n\n\n\n<p>&nbsp;<a href=\"https:\/\/www.boursorama.com\/videos\/actualites\/algerie-un-tribunal-d-alger-condamne-le-meurtrier-d-herve-gourdel-a-la-peine-de-mort-af3f016ee562e3fc4732257307440384\">Alg\u00e9rie : un tribunal d&rsquo;Alger condamne le meurtrier d&rsquo;Herv\u00e9 Gourdel \u00e0 la peine de mort<\/a> &nbsp;(France 24)<\/p>\n\n\n\n<p><strong><span class=\"has-inline-color has-vivid-red-color\">18 f\u00e9vrier <\/span><\/strong><\/p>\n\n\n\n<p><a href=\"https:\/\/www.boursorama.com\/actualite-economique\/actualites\/au-maroc-les-militants-bien-loin-du-moment-d-euphorie-de-2011-a480146b8a06a5032ad95d8a795f0e6a\">Au Maroc, les militants bien loin du \u00ab\u00a0moment d&rsquo;euphorie\u00a0\u00bb de 2011<\/a> &nbsp;(AFP)<\/p>\n\n\n\n<figure class=\"wp-block-image size-large is-resized\"><img data-recalc-dims=\"1\" loading=\"lazy\" decoding=\"async\" src=\"https:\/\/i0.wp.com\/www.rdpemancipation.org\/wp-content\/uploads\/2021\/02\/image-59.png?resize=390%2C259&#038;ssl=1\" alt=\"\" class=\"wp-image-16557\" width=\"390\" height=\"259\" srcset=\"https:\/\/i0.wp.com\/www.rdpemancipation.org\/wp-content\/uploads\/2021\/02\/image-59.png?w=375&amp;ssl=1 375w, https:\/\/i0.wp.com\/www.rdpemancipation.org\/wp-content\/uploads\/2021\/02\/image-59.png?resize=300%2C199&amp;ssl=1 300w\" sizes=\"auto, (max-width: 390px) 100vw, 390px\" \/><figcaption><sup>Manifestation \u00e0 Rabat le 27 f\u00e9vrier 2011  <\/sup><br><sup>(AFP \/ ABDELHAK SENNA)<\/sup><\/figcaption><\/figure>\n\n\n\n<p><a href=\"https:\/\/www.liberte-algerie.com\/actualite\/la-laddh-appelle-a-un-compromis-historique-354297\">La Laddh appelle \u00e0 un compromis historique<\/a> &nbsp;(Libert\u00e9 )<\/p>\n\n\n\n<p><a href=\"https:\/\/maghrebemergent.net\/investissement-en-hydrocarbures-sonatrach-enregistre-un-recul-de-44-en-2020\/\">Investissement en hydrocarbures : Sonatrach enregistre un recul de 44% en 2020<\/a> (Maghreb \u00e9mergent)<a href=\"https:\/\/www.lesoirdalgerie.com\/actualites\/la-justice-revisite-les-gros-scandales-de-bouteflika-56547\"><\/a><\/p>\n\n\n\n<p><a href=\"https:\/\/www.lesoirdalgerie.com\/actualites\/la-justice-revisite-les-gros-scandales-de-bouteflika-56547\">La justice revisite les gros scandales de Bouteflika<\/a> (Le Soir d&rsquo;Alg\u00e9rie)<\/p>\n\n\n\n<p>&nbsp;<a href=\"https:\/\/www.boursorama.com\/videos\/actualites\/ouverture-a-alger-du-proces-gourdel-le-francais-decapite-en-2014-9a51ffd9f36cbc66bc1509da240840a1\">Ouverture \u00e0 Alger du proc\u00e8s Gourdel, le Fran\u00e7ais d\u00e9capit\u00e9 en 2014<\/a> (France 24)<\/p>\n\n\n\n<p><a href=\"https:\/\/www.hrw.org\/fr\/news\/2021\/02\/15\/le-droit-qui-ete-supprime-de-la-constitution-algerienne\">Le droit qui a \u00e9t\u00e9 supprim\u00e9 de la Constitution alg\u00e9rienne<\/a> (HRW)<\/p>\n\n\n\n<figure class=\"wp-block-image size-large is-resized\"><img data-recalc-dims=\"1\" loading=\"lazy\" decoding=\"async\" src=\"https:\/\/i0.wp.com\/www.rdpemancipation.org\/wp-content\/uploads\/2021\/02\/image-60.png?resize=390%2C219&#038;ssl=1\" alt=\"\" class=\"wp-image-16558\" width=\"390\" height=\"219\" srcset=\"https:\/\/i0.wp.com\/www.rdpemancipation.org\/wp-content\/uploads\/2021\/02\/image-60.png?w=400&amp;ssl=1 400w, https:\/\/i0.wp.com\/www.rdpemancipation.org\/wp-content\/uploads\/2021\/02\/image-60.png?resize=300%2C169&amp;ssl=1 300w\" sizes=\"auto, (max-width: 390px) 100vw, 390px\" \/><figcaption><sup>Yacine Mebarki purge une peine d&rsquo;un an de prison pour \u2018d\u00e9nigrement\u2019&nbsp;de l&rsquo;islam<\/sup><br><sup>&nbsp;&nbsp;\u00a9 Priv\u00e9<\/sup><\/figcaption><\/figure>\n\n\n\n<p><a href=\"https:\/\/www.amnesty.fr\/justice-internationale-et-impunite\/actualites\/Dix%20ans%20apr\u00e8s,%20la%20Libye%20est%20devenue%20une%20zone%20de%20non-droit\">Dix ans apr\u00e8s, la Libye est devenue une zone de non-droit<\/a> (Amnesty International)<\/p>\n\n\n\n<p><a href=\"https:\/\/www.crisisgroup.org\/middle-east-north-africa\/north-africa\/libya\/libya-update-4\">Libya Update #4<\/a> (Crisis Group)<\/p>\n\n\n\n<p><a href=\"https:\/\/www.rfi.fr\/fr\/afrique\/20210218-libye-la-population-de-tripoli-f%C3%AAte-la-r%C3%A9volution-et-fustige-le-mar%C3%A9chal-haftar\">Libye : la population de Tripoli f\u00eate la r\u00e9volution et fustige le mar\u00e9chal Haftar<\/a> &nbsp;(RFI)<\/p>\n\n\n\n<p><a href=\"https:\/\/www.elwatan.com\/edition\/actualite\/quand-les-premieres-fusees-francaises-decollaient-de-bechar-17-02-2021\">Quand les premi\u00e8res fus\u00e9es fran\u00e7aises d\u00e9collaient de B\u00e9char<\/a> (El Watan)<\/p>\n\n\n\n<figure class=\"wp-block-image size-large is-resized\"><img data-recalc-dims=\"1\" loading=\"lazy\" decoding=\"async\" src=\"https:\/\/i0.wp.com\/www.rdpemancipation.org\/wp-content\/uploads\/2021\/02\/image-61.png?resize=442%2C248&#038;ssl=1\" alt=\"\" class=\"wp-image-16559\" width=\"442\" height=\"248\" srcset=\"https:\/\/i0.wp.com\/www.rdpemancipation.org\/wp-content\/uploads\/2021\/02\/image-61.png?w=470&amp;ssl=1 470w, https:\/\/i0.wp.com\/www.rdpemancipation.org\/wp-content\/uploads\/2021\/02\/image-61.png?resize=300%2C169&amp;ssl=1 300w\" sizes=\"auto, (max-width: 442px) 100vw, 442px\" \/><figcaption><sup>Photo : D. R. &#8211; Base spatiale de Hammaguir dans la vall\u00e9e de la Saoura (B\u00e9char)<\/sup><\/figcaption><\/figure>\n\n\n\n<p><strong><span class=\"has-inline-color has-vivid-red-color\">17 f\u00e9vrier <\/span><\/strong><\/p>\n\n\n\n<p><a href=\"https:\/\/mondafrique.com\/des-elus-francais-mobilises-en-faveur-de-la-marocanite-du-sahara\/\">Des \u00e9lus fran\u00e7ais mobilis\u00e9s en faveur de la marocanit\u00e9 du Sahara<\/a> &nbsp;(Mondafrique)<\/p>\n\n\n\n<p><a href=\"https:\/\/fr.le7tv.ma\/2021\/02\/16\/Save%20Casablanca%20:%20un%20mouvement%20citoyen%20de%20lanceurs%20d'alerte%20qui%20ne%20lache%20rien\">Save Casablanca : un mouvement citoyen de lanceurs d&rsquo;alerte qui ne lache rien<\/a> &nbsp;(Le 7 TV)<\/p>\n\n\n\n<p><a href=\"https:\/\/www.boursorama.com\/actualite-economique\/actualites\/maroc-le-tourisme-de-montagne-gele-par-la-pandemie-6debce92ef1b55a24ca15a51af820f94\">Maroc: le tourisme de montagne gel\u00e9 par la pand\u00e9mie<\/a> (AFP)<\/p>\n\n\n\n<p><a href=\"https:\/\/www.liberte-algerie.com\/international\/quatre-detenus-du-hirak-du-rif-en-greve-de-la-faim-354188\">Quatre autres d\u00e9tenus du Hirak du Rif en gr\u00e8ve de la faim au Maroc <\/a>&nbsp;(Libert\u00e9)<\/p>\n\n\n\n<figure class=\"wp-block-image size-large is-resized\"><img data-recalc-dims=\"1\" loading=\"lazy\" decoding=\"async\" src=\"https:\/\/i0.wp.com\/www.rdpemancipation.org\/wp-content\/uploads\/2021\/02\/image-56.png?resize=370%2C219&#038;ssl=1\" alt=\"\" class=\"wp-image-16408\" width=\"370\" height=\"219\" srcset=\"https:\/\/i0.wp.com\/www.rdpemancipation.org\/wp-content\/uploads\/2021\/02\/image-56.png?w=488&amp;ssl=1 488w, https:\/\/i0.wp.com\/www.rdpemancipation.org\/wp-content\/uploads\/2021\/02\/image-56.png?resize=300%2C177&amp;ssl=1 300w\" sizes=\"auto, (max-width: 370px) 100vw, 370px\" \/><\/figure>\n\n\n\n<p><a href=\"https:\/\/www.liberte-algerie.com\/actualite\/un-scandale-qui-na-pas-livre-tous-ses-secrets-354230\">Sonatrach : un scandale qui n\u2019a pas livr\u00e9 tous ses secrets en Alg\u00e9rie<\/a> &nbsp;(Libert\u00e9)<\/p>\n\n\n\n<p><a href=\"https:\/\/www.elwatan.com\/edito\/le-dialogue-du-pouvoir-la-reponse-du-hirak-17-02-2021\">Le dialogue du pouvoir, la r\u00e9ponse du hirak<\/a> &nbsp;(El Watan)<\/p>\n\n\n\n<p><a href=\"https:\/\/www.tsa-algerie.com\/anniversaire-du-hirak-le-changement-est-possible\/\">Anniversaire du Hirak : le \u00ab changement est possible \u00bb<\/a> &nbsp;(TSA)<\/p>\n\n\n\n<p><a href=\"https:\/\/mondafrique.com\/algerie-limmense-solitude-du-president-abdelmajid-tebboune\/\">Alg\u00e9rie, l\u2019immense solitude du pr\u00e9sident Abdelmajid Tebboune<\/a> &nbsp;(Mondafrique)<\/p>\n\n\n\n<figure class=\"wp-block-image size-large is-resized\"><img data-recalc-dims=\"1\" loading=\"lazy\" decoding=\"async\" src=\"https:\/\/i0.wp.com\/www.rdpemancipation.org\/wp-content\/uploads\/2021\/02\/image-57.png?resize=371%2C246&#038;ssl=1\" alt=\"\" class=\"wp-image-16409\" width=\"371\" height=\"246\" srcset=\"https:\/\/i0.wp.com\/www.rdpemancipation.org\/wp-content\/uploads\/2021\/02\/image-57.png?w=440&amp;ssl=1 440w, https:\/\/i0.wp.com\/www.rdpemancipation.org\/wp-content\/uploads\/2021\/02\/image-57.png?resize=300%2C199&amp;ssl=1 300w\" sizes=\"auto, (max-width: 371px) 100vw, 371px\" \/><figcaption><sup>Tebboune et l&rsquo;\u00e9tat-major de l&rsquo;arm\u00e9e alg\u00e9rienne<\/sup><\/figcaption><\/figure>\n\n\n\n<p><a href=\"https:\/\/www.elwatan.com\/edition\/international\/saied-empeche-mechichi-de-finaliser-le-remaniement-ministeriel-la-crise-politique-en-tunisie-sexacerbe-17-02-2021\">Sa\u00efed emp\u00eache Mechichi de finaliser le remaniement minist\u00e9riel : La crise politique en Tunisie s\u2019exacerbe<\/a> &nbsp;(El Watan)<\/p>\n\n\n\n<p><a href=\"https:\/\/www.liberte-algerie.com\/international\/la-crise-constitutionnelle-suscite-linquietude-354190\">Cinq ministres limog\u00e9s en Tunisie: la crise constitutionnelle suscite l\u2019inqui\u00e9tude<\/a> &nbsp;(Libert\u00e9)<\/p>\n\n\n\n<p><a href=\"https:\/\/www.boursorama.com\/videos\/actualites\/libye-10-ans-apres-la-revolution-l-etat-peine-a-se-relever-le-pays-face-a-la-guerre-civile-05964859dee62da6febe6bba7b91c2ca\">Libye, 10 ans apr\u00e8s la r\u00e9volution : l&rsquo;Etat peine \u00e0 se relever, le pays face \u00e0 la guerre civile<\/a> &nbsp;(France 24)<\/p>\n\n\n\n<p><a href=\"https:\/\/www.boursorama.com\/videos\/actualites\/10-ans-de-la-revolution-en-libye-beaucoup-de-frustration-et-d-attente-de-la-population-49697d3a00e095c7c06258758b5204a1\">10 ans de la r\u00e9volution en Libye : \u00ab\u00a0Beaucoup de frustration et d&rsquo;attente de la population\u00a0\u00bb<\/a> (France 24)<\/p>\n\n\n\n<p><a href=\"https:\/\/www.boursorama.com\/actualite-economique\/actualites\/libye-les-dates-cles-depuis-l-insurrection-contre-kadhafi-en-2011-5b4fe1442597944a0a4dc4144daf520a\">Libye : les dates-cl\u00e9s depuis l&rsquo;insurrection contre Kadhafi en 2011<\/a> &nbsp;(AFP)<\/p>\n\n\n\n<p><strong><span class=\"has-inline-color has-vivid-red-color\">16 f\u00e9vrier <\/span><\/strong><\/p>\n\n\n\n<p><a href=\"https:\/\/blogs.mediapart.fr\/pindoramabahiaflaneur\/blog\/150221\/le-bresil-acteur-du-planetaire-pillage-du-phosphate-sahraoui\">Le Br\u00e9sil, acteur du plan\u00e9taire pillage du phosphate sahraoui<\/a> &nbsp;(Blog)<\/p>\n\n\n\n<p><a href=\"https:\/\/lapresse.tn\/87942\/lugtt-appelle-a-resoudre-limpasse-constitutionnelle-liee-au-remaniement-ministeriel\/\">L\u2019UGTT appelle \u00e0 r\u00e9soudre l\u2019impasse constitutionnelle li\u00e9e au remaniement minist\u00e9riel<\/a> (La Presse Tunisie)<\/p>\n\n\n\n<p><a href=\"https:\/\/lapresse.tn\/87908\/gafsa-la-colere-des-agents-de-la-cpg\/\">Gafsa : la col\u00e8re des agents de la compagnie CPG<\/a> &nbsp;(La Presse Tunisie)<\/p>\n\n\n\n<figure class=\"wp-block-image size-large is-resized\"><img data-recalc-dims=\"1\" loading=\"lazy\" decoding=\"async\" src=\"https:\/\/i0.wp.com\/www.rdpemancipation.org\/wp-content\/uploads\/2021\/02\/image-53.png?resize=401%2C232&#038;ssl=1\" alt=\"\" class=\"wp-image-16246\" width=\"401\" height=\"232\" srcset=\"https:\/\/i0.wp.com\/www.rdpemancipation.org\/wp-content\/uploads\/2021\/02\/image-53.png?w=491&amp;ssl=1 491w, https:\/\/i0.wp.com\/www.rdpemancipation.org\/wp-content\/uploads\/2021\/02\/image-53.png?resize=300%2C174&amp;ssl=1 300w\" sizes=\"auto, (max-width: 401px) 100vw, 401px\" \/><figcaption><sup>Manifestation \u00e0 Gafsa, en Tunisie<\/sup><\/figcaption><\/figure>\n\n\n\n<p><a href=\"https:\/\/www.liberte-algerie.com\/actualite\/brahim-laalami-condamne-a-2-ans-de-prison-ferme-354163\">Alg\u00e9rie : l&rsquo;activiste Brahim La\u00e2lami condamn\u00e9 \u00e0 2 ans de prison ferme<\/a> &nbsp;(Libert\u00e9)<\/p>\n\n\n\n<p><a href=\"https:\/\/www.liberte-algerie.com\/actualite\/des-collectifs-citoyens-appellent-a-une-conference-nationale-354161\">Alg\u00e9rie : des collectifs citoyens appellent \u00e0 une conf\u00e9rence nationale<\/a> &nbsp;(Libert\u00e9)<a href=\"https:\/\/www.lesoirdalgerie.com\/actualites\/des-dossiers-qui-refont-surface-56480\"><\/a><\/p>\n\n\n\n<p><a href=\"https:\/\/www.lesoirdalgerie.com\/actualites\/des-dossiers-qui-refont-surface-56480\">Alg\u00e9rie, des dossiers corruption qui refont surface <\/a>&nbsp;(Le Soir d&rsquo;Alg\u00e9rie)<\/p>\n\n\n\n<p><a href=\"https:\/\/www.lesoirdalgerie.com\/actualites\/fin-de-mission-pour-djerad-56427\">Fin de mission pour le gouvernement Djerad ? <\/a>&nbsp;(Le Soir d&rsquo;Alg\u00e9rie)<\/p>\n\n\n\n<p><a href=\"https:\/\/www.boursorama.com\/videos\/actualites\/algerie-des-milliers-de-manifestations-pour-l-anniversaire-du-hirak-26abf6df6b9ec3681892d41cf0269f81\">Alg\u00e9rie : des milliers de manifestations pour l&rsquo;anniversaire du Hirak<\/a> &nbsp;(AFP Video)<\/p>\n\n\n\n<p><a href=\"https:\/\/www.tsa-algerie.com\/marche-grandiose-a-kherrata-le-hirak-comme-au-premier-jour\/\">Marche grandiose \u00e0 Kherrata&nbsp;: le Hirak comme au premier jour<\/a> &nbsp;(TSA)<\/p>\n\n\n\n<figure class=\"wp-block-image size-large is-resized\"><img data-recalc-dims=\"1\" loading=\"lazy\" decoding=\"async\" src=\"https:\/\/i0.wp.com\/www.rdpemancipation.org\/wp-content\/uploads\/2021\/02\/Capture-marche-grandiose.jpg?resize=427%2C244&#038;ssl=1\" alt=\"\" class=\"wp-image-16247\" width=\"427\" height=\"244\" srcset=\"https:\/\/i0.wp.com\/www.rdpemancipation.org\/wp-content\/uploads\/2021\/02\/Capture-marche-grandiose.jpg?w=723&amp;ssl=1 723w, https:\/\/i0.wp.com\/www.rdpemancipation.org\/wp-content\/uploads\/2021\/02\/Capture-marche-grandiose.jpg?resize=300%2C171&amp;ssl=1 300w\" sizes=\"auto, (max-width: 427px) 100vw, 427px\" \/><figcaption><sup>Photo Sa\u00efd Salhi<\/sup><\/figcaption><\/figure>\n\n\n\n<p><strong><span class=\"has-inline-color has-vivid-red-color\">15 f\u00e9vrier <\/span><\/strong><\/p>\n\n\n\n<p><a href=\"https:\/\/www.humanite.fr\/algerie-le-president-envisage-de-dissoudre-lassemblee-700175#xtor=RSS-1\">Alg\u00e9rie Le pr\u00e9sident envisage de dissoudre l\u2019Assembl\u00e9e<\/a> (L\u2019Humanit\u00e9)<\/p>\n\n\n\n<p><a href=\"https:\/\/orientxxi.info\/magazine\/dans-les-prisons-algeriennes,4497\">Dans les prisons alg\u00e9riennes<\/a> (Orient XXI)<\/p>\n\n\n\n<p><a href=\"https:\/\/www.hrw.org\/377867%20at%20https%3A\/www.hrw.org\">Le droit qui a \u00e9t\u00e9 supprim\u00e9 de la Constitution alg\u00e9rienne<\/a> (Human Rights Watch)<\/p>\n\n\n\n<p><a href=\"https:\/\/www.fidh.org\/fr\/regions\/maghreb-moyen-orient\/tunisie\/tribune-solidarite-internationale-avec-le-mouvement-social-de-la\">Tribune : Solidarit\u00e9 internationale avec le mouvement social de la jeunesse en Tunisie<\/a> (FIDH)<\/p>\n\n\n\n<p><a href=\"https:\/\/fnh.ma\/article\/alaune\/defaillances-d-entreprises-ce-que-revele-la-derniere-etude-d-inforisk\">Maroc, d\u00e9faillances d\u2019entreprises&nbsp;: la derni\u00e8re \u00e9tude d\u2019inforisk<\/a> &nbsp;(fnh.ma)<\/p>\n\n\n\n<p><a href=\"https:\/\/maghrebemergent.net\/maroc-650-000-personnes-en-sous-emploi-lie-a-la-duree-de-travail-en-2020\/\">Maroc, 655.000 personnes en sous-emploi li\u00e9 \u00e0 la dur\u00e9e de travail en 2020<\/a> &nbsp;(Maghreb \u00e9mergent)<\/p>\n\n\n\n<p><a href=\"https:\/\/consonews.ma\/24798.html\">Emploi au Maroc : plus de 80% de la population active travaille au noir<\/a> &nbsp;(Consonews)<\/p>\n\n\n\n<p><a href=\"http:\/\/t.newsletterext.worldbank.org\/r\/?id=heb8d90d%2C52b8a40%2C52b8bd0&amp;s=oPdSA_qRZIc5juE19P3Kf3ugv0l_5ZPnrKg1vtAyugE\" target=\"_blank\" rel=\"noreferrer noopener\">Agriculture durable au Maroc<\/a> &nbsp;(Blog Voix arabes&nbsp;; Mohamed Medouar)<\/p>\n\n\n\n<p><a href=\"https:\/\/www.tsa-algerie.com\/conditions-de-detention-le-temoignage-poignant-du-journaliste-abdelkrim-zeghileche\/\">Conditions de d\u00e9tention&nbsp;en Alg\u00e9rie : le t\u00e9moignage poignant du journaliste Abdelkrim Zeghileche<\/a> &nbsp;(TSA)<\/p>\n\n\n\n<p><a href=\"https:\/\/www.elwatan.com\/edition\/actualite\/le-mouvement-des-chomeurs-prepare-une-grande-marche-a-hassi-messaoud-15-02-2021\">Le mouvement des ch\u00f4meurs pr\u00e9pare une grande marche \u00e0 Hassi Messaou<\/a> &nbsp;(El Watan)<\/p>\n\n\n\n<figure class=\"wp-block-image size-large is-resized\"><img data-recalc-dims=\"1\" loading=\"lazy\" decoding=\"async\" src=\"https:\/\/i0.wp.com\/www.rdpemancipation.org\/wp-content\/uploads\/2021\/02\/Capture-chomeurs.png?resize=399%2C194&#038;ssl=1\" alt=\"\" class=\"wp-image-16112\" width=\"399\" height=\"194\" srcset=\"https:\/\/i0.wp.com\/www.rdpemancipation.org\/wp-content\/uploads\/2021\/02\/Capture-chomeurs.png?w=462&amp;ssl=1 462w, https:\/\/i0.wp.com\/www.rdpemancipation.org\/wp-content\/uploads\/2021\/02\/Capture-chomeurs.png?resize=300%2C146&amp;ssl=1 300w\" sizes=\"auto, (max-width: 399px) 100vw, 399px\" \/><\/figure>\n\n\n\n<p><a href=\"https:\/\/www.liberte-algerie.com\/actualite\/la-pandemie-ne-devrait-pas-etre-un-alibi-354106\">Alg\u00e9rie&nbsp;: La pand\u00e9mie ne devrait pas \u00eatre un alibi pour r\u00e9primer les marches selon la LADDH<\/a> &nbsp;(Libert\u00e9)<\/p>\n\n\n\n<p><a href=\"https:\/\/maghrebemergent.net\/tunisie-cinq-ministres-concernes-par-le-remaniement-demis-de-leurs-fonctions\/\">Tunisie, cinq ministres concern\u00e9s par le remaniement d\u00e9mis de leurs fonctions<\/a> &nbsp;(Maghreb \u00e9mergent)<\/p>\n\n\n\n<p><a href=\"https:\/\/maghrebemergent.net\/tunisie-les-investissements-internationaux-ont-baisse-de-288-en-2020\/\">Tunisie : les investissements internationaux ont baiss\u00e9 de 28,8% en 2020<\/a> &nbsp;(Maghreb \u00e9mergent)<\/p>\n\n\n\n<p><a href=\"https:\/\/www.boursorama.com\/videos\/actualites\/revolution-libyenne-dix-ans-plus-tard-l-espoir-de-la-reconciliation-nationale-c1d8dae3ea4622555353df78abfa24b6\">R\u00e9volution libyenne : dix ans plus tard, l&rsquo;espoir de la r\u00e9conciliation nationale<\/a> &nbsp;(France 24)<\/p>\n\n\n\n<p><a href=\"https:\/\/www.liberte-algerie.com\/international\/debut-du-processus-de-formation-du-gouvernement-en-libye-354060\">D\u00e9but du processus de formation du gouvernement en Libye<\/a> &nbsp;(Libert\u00e9)<\/p>\n\n\n\n<p><strong><span class=\"has-inline-color has-vivid-red-color\">14 f\u00e9vrier <\/span><\/strong><\/p>\n\n\n\n<p><a href=\"https:\/\/info.mediapart.fr\/optiext\/optiextension.dll?ID=RjiRpX4SGMa85oDxiwHGmlUzYp50rbCvOxHf2u8Cxs+6oSvBIKLVtmcdKKokyV+_GW9nlQEVJRLxMNTtSDbZa0Z8Muc7e\">Kidnappings, torture et esclavage: pourquoi les migrants font tout pour fuir \u00abl\u2019enfer libyen\u00bb<\/a> (M\u00e9diapart)<\/p>\n\n\n\n<p><a href=\"https:\/\/www.humanite.fr\/algerie-walid-torture-par-les-barbouzes-du-regime-700105#xtor=RSS-1\">Alg\u00e9rie. Walid, tortur\u00e9 par les barbouzes du r\u00e9gime<\/a>&nbsp; (L\u2019Humanit\u00e9)&nbsp;<\/p>\n\n\n\n<p><a href=\"https:\/\/www.yabiladi.com\/articles\/details\/105851\/maroc-condamne-violation-l-ethique-echourouk.html\">Maroc : Le CNP condamne une violation de l&rsquo;\u00e9thique par Echourouk<\/a> &nbsp;(Yabiladi)<\/p>\n\n\n\n<p><a href=\"https:\/\/www.yabiladi.com\/articles\/details\/105849\/hirak-guerre-mots-entre-dgapr.html\">Hirak du Rif : Guerre des mots entre la DGAPR et les familles des d\u00e9tenus en gr\u00e8ve de la faim<\/a> &nbsp;(Yabiladi)<\/p>\n\n\n\n<p><a href=\"https:\/\/info.mediapart.fr\/optiext\/optiextension.dll?ID=fNMfJXT1Htmio2SRrvRVtmOhUWRELaNsxfaOcf8m+7RBnKyvnbhHK3kX9sZv0PJsyfVHmbYwMRQLjeBF8Rb5F9FCbBGfG\">Les \u2018cars Macron\u2019\u2019 en difficult\u00e9, Blablabus d\u00e9localise au Maroc<\/a>&nbsp;(M\u00e9diapart)<\/p>\n\n\n\n<p><a href=\"https:\/\/www.elwatan.com\/edition\/international\/blocage-de-la-vie-politique-en-labsence-dun-tribunal-constitutionnel-14-02-2021\">Sa\u00efed et Mechichi se disputent les pr\u00e9rogatives en Tunisie : Blocage de la vie politique en l\u2019absence d\u2019un Tribunal constitutionnel<\/a> &nbsp;(El Watan)<\/p>\n\n\n\n<p><a href=\"https:\/\/www.tsa-algerie.com\/ces-dossiers-brulants-qui-attendent-tebboune\/\">Ces dossiers br\u00fblants qui attendent Tebboune en Alg\u00e9rie<\/a> &nbsp;(TSA)<\/p>\n\n\n\n<figure class=\"wp-block-image size-large is-resized\"><img data-recalc-dims=\"1\" loading=\"lazy\" decoding=\"async\" src=\"https:\/\/i0.wp.com\/www.rdpemancipation.org\/wp-content\/uploads\/2021\/02\/image-42.png?resize=344%2C348&#038;ssl=1\" alt=\"\" class=\"wp-image-15965\" width=\"344\" height=\"348\" srcset=\"https:\/\/i0.wp.com\/www.rdpemancipation.org\/wp-content\/uploads\/2021\/02\/image-42.png?w=357&amp;ssl=1 357w, https:\/\/i0.wp.com\/www.rdpemancipation.org\/wp-content\/uploads\/2021\/02\/image-42.png?resize=297%2C300&amp;ssl=1 297w\" sizes=\"auto, (max-width: 344px) 100vw, 344px\" \/><figcaption><sup>Diem, pour libert\u00e9<\/sup><\/figcaption><\/figure>\n\n\n\n<p><a href=\"https:\/\/www.liberte-algerie.com\/actualite\/un-comite-contre-la-torture-est-ne-354038\">Alg\u00e9rie, un comit\u00e9 contre la torture est n\u00e9<\/a> <a>&nbsp;(<\/a>Libert\u00e9<a>)<\/a><\/p>\n\n\n\n<p><a href=\"https:\/\/www.liberte-algerie.com\/actualite\/marches-a-kherrata-et-a-seddouk-354031\">Marches \u00e0 Kherrata et \u00e0 Seddouk<\/a> &nbsp;(Libert\u00e9)<\/p>\n\n\n\n<p><a href=\"https:\/\/fr.africanews.com\/2021\/02\/14\/algerie-justice-pour-des-prisonniers-d-opinion\/\">Alg\u00e9rie : justice pour des prisonniers d&rsquo;opinion<\/a> (africanews)<\/p>\n\n\n\n<p><a href=\"https:\/\/www.boursorama.com\/actualite-economique\/actualites\/algerie-comment-l-industrie-automobile-a-tourne-au-fiasco-5cc439006721fed3a426ecde8c08aaf1\">Alg\u00e9rie : comment l&rsquo;industrie automobile a tourn\u00e9 au fiasco<\/a> &nbsp;(AFP)<\/p>\n\n\n\n<p><strong><span class=\"has-inline-color has-vivid-red-color\">13 f\u00e9vrier <\/span><\/strong><\/p>\n\n\n\n<p><a href=\"https:\/\/blogs.mediapart.fr\/jean-marc-b\/blog\/130221\/regime-algerien1995-reedition-de-l-etude-capitale-de-nicole-chevillard\">R\u00e9gime alg\u00e9rien,1995&nbsp;: r\u00e9\u00e9dition de l\u2019\u00e9tude capitale de Nicole Chevillard <\/a>(Algeria Watch)<\/p>\n\n\n\n<p><a href=\"https:\/\/info.mediapart.fr\/optiext\/optiextension.dll?ID=RjiRpX4SGMa85oDxiwHGmlUzYp50rbCvOxHf2u8Cxs+6oSvBIKLVtmcdKKokyV+_GW9nlQEVJRLxMNTtSDbZa0Z8Muc7e\">Kidnappings, torture et esclavage: pourquoi les migrants font tout pour fuir \u00abl\u2019enfer libyen\u00bb<\/a> (MDP)<\/p>\n\n\n\n<p><a href=\"https:\/\/www.lesoirdalgerie.com\/monde\/la-militante-mahfouda-bamba-lefkir-en-danger-56279\">Sahara occidental&nbsp;: la militante Mahfouda Bamba Lefkir en danger <\/a>&nbsp;(Le Soir d\u2019Alg\u00e9rie)<\/p>\n\n\n\n<figure class=\"wp-block-image is-resized\"><img data-recalc-dims=\"1\" loading=\"lazy\" decoding=\"async\" src=\"https:\/\/i0.wp.com\/www.lesoirdalgerie.com\/data\/images\/article\/thumbs\/d-la-militante-mahfouda-bamba-lefkir-en-danger-e2f40.jpg?resize=345%2C223&#038;ssl=1\" alt=\"\" width=\"345\" height=\"223\"\/><\/figure>\n\n\n\n<p><a href=\"https:\/\/www.yabiladi.com\/articles\/details\/105838\/deputes-podemos-demandent-croix-rouge.html\">Des d\u00e9put\u00e9s Podemos demandent \u00e0 la Croix rouge d\u2019intervenir au Sahara<\/a> &nbsp;(Yabiladi)<\/p>\n\n\n\n<p><a href=\"https:\/\/www.elwatan.com\/edition\/international\/sahara-occidental-alerte-sur-le-pillage-des-richesses-13-02-2021\">Sahara occidental : Alerte sur le pillage des richesses<\/a> &nbsp;(El Watan)<\/p>\n\n\n\n<p><a href=\"https:\/\/www.elwatan.com\/edition\/actualite\/la-france-comptable-de-ses-mefaits-13-02-2021\">61 ans apr\u00e8s \u2018Gerboise bleue\u2019, premier essai nucl\u00e9aire fran\u00e7ais en Alg\u00e9rie : La France comptable de ses m\u00e9faits<\/a> &nbsp;(El Watan)<\/p>\n\n\n\n<p><a href=\"https:\/\/www.boursorama.com\/actualite-economique\/actualites\/il-y-a-60-ans-l-oas-et-ses-sanglants-attentats-pour-l-algerie-francaise-7e89ec8ed1fe4c58a2e5c5fe743bc148\">Il y a 60 ans, l&rsquo;OAS et ses sanglants attentats pour l&rsquo;Alg\u00e9rie fran\u00e7aise<\/a> &nbsp;(AFP)<\/p>\n\n\n\n<p><a href=\"https:\/\/www.tsa-algerie.com\/tebboune-rencontre-des-chefs-de-partis-la-dissolution-du-parlement-proposee\/\">Alg\u00e9rie, Tebboune rencontre des chefs de partis&nbsp;: la dissolution du Parlement propos\u00e9e <\/a>&nbsp;(TSA)<\/p>\n\n\n\n<p><a href=\"https:\/\/maghrebemergent.net\/lalgerie-enregistre-le-plus-fort-taux-de-femmes-ingenieures-au-monde-rapport\/\">L\u2019Alg\u00e9rie enregistre le plus fort taux de femmes ing\u00e9nieures au monde (rapport)<\/a> &nbsp;(Maghreb Emergent)<\/p>\n\n\n\n<p><a href=\"https:\/\/www.algeriepartplus.com\/des-centaines-de-personnes-manifestent-une-nouvelle-a-laghouat-contre-lexclusion-et-la-misere-sociale\/\">Des centaines de personnes manifestent une nouvelle fois \u00e0 Laghouat contre la pauvret\u00e9 et la mis\u00e8re sociale<\/a> &nbsp;(Alg\u00e9rie Part)<\/p>\n\n\n\n<figure class=\"wp-block-image size-large is-resized\"><img data-recalc-dims=\"1\" loading=\"lazy\" decoding=\"async\" src=\"https:\/\/i0.wp.com\/www.rdpemancipation.org\/wp-content\/uploads\/2021\/02\/image-32.png?resize=453%2C255&#038;ssl=1\" alt=\"\" class=\"wp-image-15856\" width=\"453\" height=\"255\" srcset=\"https:\/\/i0.wp.com\/www.rdpemancipation.org\/wp-content\/uploads\/2021\/02\/image-32.png?w=436&amp;ssl=1 436w, https:\/\/i0.wp.com\/www.rdpemancipation.org\/wp-content\/uploads\/2021\/02\/image-32.png?resize=300%2C169&amp;ssl=1 300w\" sizes=\"auto, (max-width: 453px) 100vw, 453px\" \/><\/figure>\n\n\n\n<p><a href=\"https:\/\/mondafrique.com\/la-grande-panne-de-la-diplomatie-algerienne-en-afrique-subsaharienne\/\">La grande panne de la diplomatie alg\u00e9rienne en Afrique subsaharienne<\/a> &nbsp;(Mondafrique)<\/p>\n\n\n\n<p><a href=\"https:\/\/www.rfi.fr\/fr\/afrique\/20210212-les-tunisiens-sont-de-moins-en-moins-religieux-en-particulier-les-plus-jeunes\">Les Tunisiens sont de moins en moins religieux, en particulier les plus jeunes <\/a>&nbsp;(RFI)<\/p>\n\n\n\n<p><a href=\"https:\/\/www.elwatan.com\/edition\/international\/tunisie-reprise-des-protestations-a-tataouine-pour-reclamer-des-emplois-13-02-2021\">Tunisie : Reprise des protestations \u00e0 Tataouine pour r\u00e9clamer des emplois<\/a> &nbsp;(El Watan)<\/p>\n\n\n\n<p><a href=\"https:\/\/www.elwatan.com\/edition\/international\/el-menfi-revient-par-benghazi-et-rencontre-haftar-13-02-2021\">Libye, El Menfi revient par Benghazi et\u2026 rencontre Haftar<\/a> (El Watan)<\/p>\n\n\n\n<p><strong><span class=\"has-inline-color has-vivid-red-color\">12 f\u00e9vrier <\/span><\/strong><\/p>\n\n\n\n<p><a href=\"https:\/\/www.elwatan.com\/edition\/international\/sahara-occidental-necessite-dune-conference-internationale-pour-la-paix-11-02-2021\">Sahara Occidental :&nbsp;N\u00e9cessit\u00e9 d\u2019une conf\u00e9rence internationale pour la paix<\/a> (El Watan)<\/p>\n\n\n\n<p><a href=\"https:\/\/www.yabiladi.com\/articles\/details\/105788\/polisario-menace-poursuivre-maroc-devant.html\">Le Polisario menace de poursuivre le Maroc devant la Cour africaine<\/a> &nbsp;(Yabiladi)<\/p>\n\n\n\n<p><a href=\"https:\/\/www.liberte-algerie.com\/actualite\/le-president-tebboune-rentre-au-pays-353925\">Alg\u00e9rie, le pr\u00e9sident Tebboune rentre au pays<\/a> &nbsp;(Libert\u00e9)<\/p>\n\n\n\n<figure class=\"wp-block-image is-resized\"><img data-recalc-dims=\"1\" loading=\"lazy\" decoding=\"async\" src=\"https:\/\/i0.wp.com\/cdn.liberte-algerie.com\/images\/caricature\/thumbs\/ls-8686-785a2.jpg?resize=347%2C367&#038;ssl=1\" alt=\"\" width=\"347\" height=\"367\"\/><\/figure>\n\n\n\n<p><a href=\"https:\/\/www.liberte-algerie.com\/actualite\/12-hirakistes-relaxes-par-le-tribunal-de-tlemcen-353924\">Alg\u00e9rie, 12 hirakistes relax\u00e9s par le tribunal de Tlemcen<\/a> &nbsp;(Libert\u00e9)<\/p>\n\n\n\n<p><a href=\"https:\/\/www.leaders.com.tn\/article\/31416-les-revelations-du-32eme-rapport-de-la-cour-des-comptes-irregularites-et-impunite\">Tunisie, les r\u00e9v\u00e9lations du 32\u00e8me rapport de la Cour des Comptes : irr\u00e9gularit\u00e9s et impunit\u00e9<\/a> &nbsp;(Leader news)<\/p>\n\n\n\n<p><a href=\"https:\/\/www.leaders.com.tn\/article\/31415-solidarite-internationale-avec-le-mouvement-social-de-la-jeunesse-en-tunisie\">Solidarit\u00e9 internationale avec le mouvement social de la jeunesse en Tunisie<\/a> &nbsp;(Leader news)<\/p>\n\n\n\n<p><a href=\"https:\/\/lapresse.tn\/87449\/laffaire-des-emplois-fictifs-a-tunisair-devant-la-chambre-specialisee-de-tunis-detournement-de-fonds-publics-favoritisme-et-nepotisme\/\">L\u2019Affaire des emplois fictifs \u00e0 Tunisair&nbsp;devant la chambre sp\u00e9cialis\u00e9e de Tunis : D\u00e9tournement de fonds publics, favoritisme et n\u00e9potisme<\/a> &nbsp;(La Presse Tunisie)<\/p>\n\n\n\n<p><a href=\"https:\/\/lapresse.tn\/87452\/assassinat-de-chokri-belaid-huit-ans-apres-lenquete-qui-fait-grincer-des-dents\/\">Assassinat de Chokri Belaid, huit ans apr\u00e8s : L\u2019enqu\u00eate qui fait grincer des dents<\/a> &nbsp;(La Presse Tunisie)<\/p>\n\n\n\n<p><a href=\"https:\/\/www.elwatan.com\/edition\/international\/la-reconciliation-peine-a-se-mettre-en-place-11-02-2021\">R\u00e8glement de la crise libyenne : La r\u00e9conciliation peine \u00e0 se mettre en place<\/a> &nbsp;(El Watan)<\/p>\n\n\n\n<p><a href=\"https:\/\/www.agenceecofin.com\/gestion-publique\/1102-85115-libye-la-noc-selectionnee-parmi-les-institutions-beneficiaires-d-un-appui-public-de-2-milliards\">Libye&nbsp;: la NOC s\u00e9lectionn\u00e9e parmi les institutions b\u00e9n\u00e9ficiaires d\u2019un appui public de 2 milliards&nbsp;$<\/a> &nbsp;(\u00e9cofin)<\/p>\n\n\n\n<p><strong><span class=\"has-inline-color has-vivid-red-color\">11 f\u00e9vrier en continu<\/span><\/strong><\/p>\n\n\n\n<p><a href=\"https:\/\/www.boursorama.com\/videos\/actualites\/covid-19-en-tunisie-le-pays-durement-touche-par-la-seconde-vague-033e6c9759c5722acae6de1f49d67214\">Covid-19 en Tunisie : le pays durement touch\u00e9 par la seconde vague<\/a> &nbsp;(France 24)<\/p>\n\n\n\n<p><a href=\"https:\/\/mondafrique.com\/algerie-les-secrets-de-lalliance-forcee-entre-tebboune-et-chengriha\/\">Alg\u00e9rie, les secrets de l\u2019alliance forc\u00e9e entre Tebboune et Chengriha&nbsp;<\/a> &nbsp;(Mondafrique)<\/p>\n\n\n\n<p><a href=\"https:\/\/www.liberte-algerie.com\/actualite\/tebboune-boucle-un-mois-dhospitalisation-353823\">Alg\u00e9rie, le pr\u00e9sident Tebboune boucle un mois d\u2019hospitalisation&nbsp;; aucune communication officielle sur son s\u00e9jour en Allemagne<\/a> &nbsp;&nbsp;(Libert\u00e9)<\/p>\n\n\n\n<p><a href=\"https:\/\/www.tsa-algerie.com\/lalgerie-nest-plus-un-pays-petrolier-attar-contredit-bloomberg\/\">\u00ab L\u2019Alg\u00e9rie n\u2019est plus un pays p\u00e9trolier \u00bb : Attar contredit Bloomberg<\/a> &nbsp;(TSA)<\/p>\n\n\n\n<p><a href=\"https:\/\/www.tsa-algerie.com\/tsa-tout-sur-lalgerie-20-mois-de-censure-arbitraire\/\">TSA \u2013 Tout sur l\u2019Alg\u00e9rie : 20 mois de censure arbitraire<\/a> &nbsp;(TSA)<\/p>\n\n\n\n<p><a href=\"https:\/\/www.tsa-algerie.com\/video-nouvelle-manifestation-des-residentes-de-la-cite-u-douled-fayet\/\">Alg\u00e9rie. Nouvelle manifestation des r\u00e9sidentes de la cit\u00e9 U d\u2019Ouled Fayet<\/a> &nbsp;(TSA)<\/p>\n\n\n\n<p><a href=\"https:\/\/www.lesoirdalgerie.com\/actualites\/la-colere-monte-dans-les-campus-56157\">Alg\u00e9rie, manifestations dans plusieurs universit\u00e9s du pays. La col\u00e8re monte dans les campus <\/a>&nbsp;(Le Soir d\u2019Alg\u00e9rie)<\/p>\n\n\n\n<figure class=\"wp-block-image size-large is-resized\"><img data-recalc-dims=\"1\" loading=\"lazy\" decoding=\"async\" src=\"https:\/\/i0.wp.com\/www.rdpemancipation.org\/wp-content\/uploads\/2021\/02\/la-colere-monte-dans-les-campus-.jpg?resize=398%2C256&#038;ssl=1\" alt=\"\" class=\"wp-image-15625\" width=\"398\" height=\"256\" srcset=\"https:\/\/i0.wp.com\/www.rdpemancipation.org\/wp-content\/uploads\/2021\/02\/la-colere-monte-dans-les-campus-.jpg?w=619&amp;ssl=1 619w, https:\/\/i0.wp.com\/www.rdpemancipation.org\/wp-content\/uploads\/2021\/02\/la-colere-monte-dans-les-campus-.jpg?resize=300%2C194&amp;ssl=1 300w\" sizes=\"auto, (max-width: 398px) 100vw, 398px\" \/><\/figure>\n\n\n\n<p><strong><span class=\"has-inline-color has-vivid-red-color\">10 f\u00e9vrier <\/span><\/strong><\/p>\n\n\n\n<p><a href=\"https:\/\/solidaires.org\/Plus-de-50-organisations-syndicales-internationales-appellent-au-referendum-et\">Plus de 50 organisations syndicales internationales appellent \u00e0 r\u00e9f\u00e9rendum et respect des droits&nbsp; au Sahara occidental<\/a> (Solidaires)<\/p>\n\n\n\n<p><a href=\"https:\/\/lanticapitaliste.org\/actualite\/international\/10-ans-apres-la-chute-de-ben-ali-en-tunisie-une-revolution-inachevee\">10 ans apr\u00e8s la chute de Ben Ali en Tunisie : une r\u00e9volution inachev\u00e9e<\/a> (L\u2019Anticapitaliste)<\/p>\n\n\n\n<p><a href=\"https:\/\/orientxxi.info\/magazine\/maroc-maati-monjib-un-homme-a-abattre,4507\">Maroc. Ma\u00e2ti Monjib, un homme \u00e0 abattre<\/a> (Orient XXI)<\/p>\n\n\n\n<p><a href=\"https:\/\/www.lemonde.fr\/afrique\/article\/2021\/02\/08\/la-france-berceau-des-droits-de-l-homme-ne-peut-se-detourner-du-peuple-sahraoui_6069226_3212.html\">\u00ab&nbsp;La France, berceau des droits de l\u2019homme, ne peut se d\u00e9tourner du peuple sahraoui&nbsp;\u00bb <\/a>&nbsp;(Tribune &#8211; Najem Sidi &#8211; Le Monde)<\/p>\n\n\n\n<p><a href=\"https:\/\/fr.africanews.com\/2021\/02\/10\/maroc-le-proces-du-journaliste-soulaimane-raissouni-reporte\/\">Manifestations des d\u00e9fenseurs des droits de l\u2019homme au Maroc : le proc\u00e8s du journaliste Soulaimane Raissouni report\u00e9 au 2 mars<\/a> &nbsp;(africanews)<\/p>\n\n\n\n<p><a href=\"https:\/\/mondafrique.com\/algerie-le-preident-tebboune-reapprend-a-marcher\/\">Alg\u00e9rie, le pr\u00e9sident Tebboune r\u00e9apprend \u00e0 marcher en Allemagne !<\/a> &nbsp;(Mondafrique)<\/p>\n\n\n\n<p><a href=\"https:\/\/mondafrique.com\/la-descente-aux-enfers-de-la-democratie-tunisienne\/\">La descente aux enfers de la d\u00e9mocratie tunisienne<\/a> &nbsp;(Mondafrique)<\/p>\n\n\n\n<figure class=\"wp-block-image is-resized\"><img data-recalc-dims=\"1\" loading=\"lazy\" decoding=\"async\" src=\"https:\/\/i0.wp.com\/mondafrique.com\/wp-content\/uploads\/2015\/09\/revolution-tunisienne.jpg?resize=384%2C255&#038;ssl=1\" alt=\"\" width=\"384\" height=\"255\"\/><figcaption><sup>Manifestations de 2011 contre Ben Ali<\/sup><\/figcaption><\/figure>\n\n\n\n<p><a href=\"https:\/\/www.lemonde.fr\/idees\/article\/2021\/02\/08\/plus-que-jamais-il-est-necessaire-de-donner-des-perspectives-a-la-jeunesse-tunisienne-de-vivre-et-travailler-au-pays_6069212_3232.html\">\u00ab&nbsp;Plus que jamais, il est n\u00e9cessaire de donner des perspectives \u00e0 la jeunesse tunisienne de vivre et travailler au pays&nbsp;\u00bb <\/a>&nbsp;(Tribune collective \u2013 Le Monde)<\/p>\n\n\n\n<p><a href=\"https:\/\/www.boursorama.com\/actualite-economique\/actualites\/libye-que-reste-t-il-du-clan-kadhafi-6142c3f495ec1db084e7d743ccdabdcd\">Libye, que reste-t-il du clan Kadhafi ?<\/a> &nbsp;(AFP)<\/p>\n\n\n\n<p><a href=\"https:\/\/www.boursorama.com\/actualite-economique\/actualites\/libye-les-dates-cles-depuis-l-insurrection-contre-kadhafi-en-2011-9b7eeffe4cdece07099cdc408ee43911\">Libye, les dates-cl\u00e9s depuis l&rsquo;insurrection contre Kadhafi en 2011<\/a> &nbsp;(AFP)<\/p>\n\n\n\n<p><a href=\"https:\/\/www.boursorama.com\/actualite-economique\/actualites\/en-libye-apres-10-ans-de-guerre-une-riche-economie-aujourd-hui-a-terre-a9bd013cfb4c33f59c4db96d53a65b2f\">En Libye, apr\u00e8s 10 ans de guerre, une riche \u00e9conomie aujourd&rsquo;hui \u00e0 terre<\/a> &nbsp;(AFP)<\/p>\n\n\n\n<figure class=\"wp-block-image size-large is-resized\"><img data-recalc-dims=\"1\" loading=\"lazy\" decoding=\"async\" src=\"https:\/\/i0.wp.com\/www.rdpemancipation.org\/wp-content\/uploads\/2021\/02\/image-26.png?resize=369%2C255&#038;ssl=1\" alt=\"\" class=\"wp-image-15496\" width=\"369\" height=\"255\" srcset=\"https:\/\/i0.wp.com\/www.rdpemancipation.org\/wp-content\/uploads\/2021\/02\/image-26.png?w=351&amp;ssl=1 351w, https:\/\/i0.wp.com\/www.rdpemancipation.org\/wp-content\/uploads\/2021\/02\/image-26.png?resize=300%2C208&amp;ssl=1 300w\" sizes=\"auto, (max-width: 369px) 100vw, 369px\" \/><figcaption><sup>Apr\u00e8s 42 ans de dictature et 10 ans de guerre (AFP\/ Adem Altan)<\/sup><\/figcaption><\/figure>\n\n\n\n<p><strong><span class=\"has-inline-color has-vivid-red-color\">9 f\u00e9vrier <\/span><\/strong><\/p>\n\n\n\n<p><a href=\"https:\/\/www.medias24.com\/ahmed-lahlimiMaroc,%20Haut-Commissariat%20au%20Plan\u00a0:%20il%20faudra%202%20\u00e0%203%20ans%20pour%20r\u00e9cup\u00e9rer%20les%20emplois%20perdus%20en%202020\">Maroc, Haut-Commissariat au Plan&nbsp;: il faudra 2 \u00e0 3 ans pour r\u00e9cup\u00e9rer les emplois perdus en 2020<\/a> &nbsp;(medias 24)<\/p>\n\n\n\n<p><a href=\"https:\/\/www.medias24.com\/sondage-les-marocains-toujours-mefiants-envers-les-partis-politiques-16208.html\">Sondage. Les Marocains toujours m\u00e9fiants envers les partis politiques <\/a>&nbsp;(medias 24)<\/p>\n\n\n\n<p><a href=\"https:\/\/blogs.mediapart.fr\/les-invites-de-mediapart\/blog\/090221\/solidarite-internationale-avec-le-mouvement-social-de-la-jeunesse-en-tunisie\">Solidarit\u00e9 internationale avec le mouvement social&nbsp;de la jeunesse en Tunisie<\/a> &nbsp;(Les invit\u00e9s de M\u00e9diapart)<\/p>\n\n\n\n<p><a href=\"https:\/\/www.mediapart.fr\/journal\/international\/090221\/dix-ans-apres-la-revolution-la-tunisie-se-trouve-dans-une-impasse\">Dix ans apr\u00e8s la r\u00e9volution, la Tunisie se trouve dans une impasse<\/a> &nbsp;(M\u00e9diapart)<\/p>\n\n\n\n<p><a href=\"https:\/\/www.lepoint.fr\/afrique\/tunisie-un-nouveau-vent-revolutionnaire-09-02-2021-2413171_3826.php\">Tunisie&nbsp;: un nouveau vent r\u00e9volutionnaire&nbsp;?<\/a> &nbsp;(Par Mohamed Kerrou, pour Theconversation.com et Le Point)<\/p>\n\n\n\n<figure class=\"wp-block-image is-resized\"><img data-recalc-dims=\"1\" loading=\"lazy\" decoding=\"async\" src=\"https:\/\/i0.wp.com\/static.lpnt.fr\/images\/2021\/02\/09\/21320427lpw-21320486-article-jpg_7692494_660x281.jpg?resize=344%2C145&#038;ssl=1\" alt=\"La police tunisienne empeche les manifestants d'acceder au batiment du Parlement, le 26 janvier 2021, a Tunis.\n\" width=\"344\" height=\"145\"\/><\/figure>\n\n\n\n<p><a href=\"https:\/\/www.liberte-algerie.com\/actualite\/la-denonciation-de-la-corruption-est-elle-un-crime-353792\">Alg\u00e9rie, l\u2019\u00e9pouse du lanceur d\u2019alerte Nourredine Tounsi interpelle&nbsp;: \u2018la d\u00e9nonciation de la corruption est-elle un crime ?\u201d<\/a> &nbsp;(Libert\u00e9)<\/p>\n\n\n\n<p><a href=\"https:\/\/www.liberte-algerie.com\/actualite\/largent-fuit-les-banques-353805\">Alg\u00e9rie, l\u2019argent fuit les banques<\/a> &nbsp;(Libert\u00e9)<\/p>\n\n\n\n<p><a href=\"https:\/\/www.elwatan.com\/edition\/actualite\/chaine-de-solidarite-avec-khaled-drareni-et-les-detenus-dopinion-09-02-2021\">Cha\u00eene de solidarit\u00e9 avec Khaled Drareni et les d\u00e9tenus d\u2019opinion<\/a> &nbsp;(El Watan)<\/p>\n\n\n\n<p><a href=\"https:\/\/www.youtube.com\/watch?v=y-SVvuBl1Mw&amp;feature=youtu.be\">Alg\u00e9rie, Vid\u00e9o&nbsp;: Libert\u00e9 pour Khaled Drareni<\/a> &nbsp;(Youtube)<\/p>\n\n\n\n<p><a href=\"https:\/\/mondafrique.com\/laffaire-walid-nekiche-un-test-pour-le-pouvoir-algerien\/\">L\u2019affaire Walid Nekiche, un test pour le pouvoir alg\u00e9rien<\/a> &nbsp;(Mondafrique)<\/p>\n\n\n\n<figure class=\"wp-block-image size-large is-resized\"><img data-recalc-dims=\"1\" loading=\"lazy\" decoding=\"async\" src=\"https:\/\/i0.wp.com\/www.rdpemancipation.org\/wp-content\/uploads\/2021\/02\/image-23.png?resize=342%2C346&#038;ssl=1\" alt=\"\" class=\"wp-image-15330\" width=\"342\" height=\"346\" srcset=\"https:\/\/i0.wp.com\/www.rdpemancipation.org\/wp-content\/uploads\/2021\/02\/image-23.png?w=309&amp;ssl=1 309w, https:\/\/i0.wp.com\/www.rdpemancipation.org\/wp-content\/uploads\/2021\/02\/image-23.png?resize=296%2C300&amp;ssl=1 296w\" sizes=\"auto, (max-width: 342px) 100vw, 342px\" \/><figcaption><sup>Diem, pour Libert\u00e9. <br>Un pr\u00e9sident alg\u00e9rien toujours absent&#8230; Le doute s&rsquo;installe<\/sup><\/figcaption><\/figure>\n\n\n\n<p><a href=\"https:\/\/www.mediapart.fr\/journal\/international\/080221\/en-libye-un-nouvel-executif-pour-esperer-en-finir-avec-une-decennie-de-guerres\">En Libye, un nouvel ex\u00e9cutif pour esp\u00e9rer en finir avec une d\u00e9cennie de guerres<\/a> &nbsp;(M\u00e9diapart)<\/p>\n\n\n\n<p><strong><span class=\"has-inline-color has-vivid-red-color\">8 f\u00e9vrier <\/span><\/strong><\/p>\n\n\n\n<p><a href=\"https:\/\/solidaires.org\/Liberez-les-prisonnieres-d-opinion-en-Algerie-Soutenez-la-campagne-en-ligne\">Lib\u00e9rez les prisonni\u00e8res d&rsquo;opinion en Alg\u00e9rie &#8211; Soutenez la campagne en ligne<\/a> (Solidaires)<\/p>\n\n\n\n<p><a href=\"https:\/\/alt-rev.com\/2021\/02\/07\/la-signification-politique-et-ideologique-du-rapport-de-benjamin-stora\/\">La signification politique et id\u00e9ologique du Rapport de Benjamin Stora<\/a>-Blog de Bouamama<\/p>\n\n\n\n<p><a href=\"https:\/\/info.mediapart.fr\/optiext\/optiextension.dll?ID=fNMfJop9mrzKLPBKtQ2rC35cBgRaRO_Q6sywvL3EiXhSOS41nble5ODsjtsvlSc2_ynAcBHnIVS5C8r7V8guPDE6K3k9n\">Charonne<\/a> &#8211; Vingtras<\/p>\n\n\n\n<p><a href=\"https:\/\/www.pressenza.com\/fr\/2021\/01\/manifeste-des-sahraouis-pour-la-defense-de-leurs-ressources-naturelles\/\">Manifeste des Sahraouis pour la d\u00e9fense de leurs ressources&nbsp;naturelles<\/a> (Pressenza)<\/p>\n\n\n\n<p><a href=\"https:\/\/www.ritimo.org\/Annees-de-braises-en-Mauritanie-30-ans-d-impunite-depuis-le-massacre-d-Inal\">Ann\u00e9es de braises en Mauritanie : 30 ans d&rsquo;impunit\u00e9 depuis le massacre d&rsquo;Inal<\/a> par Ritimo<\/p>\n\n\n\n<p><a href=\"https:\/\/www.yabiladi.com\/articles\/details\/105557\/zagora-jeunes-manifestent-devant-mine.html\">Maroc, \u00e0 Zagora des jeunes manifestent devant une mine pour r\u00e9clamer emplois et respect de l\u2019environnement<\/a> &nbsp;(Yabiladi)<\/p>\n\n\n\n<p><a href=\"https:\/\/telquel.ma\/2021\/02\/05\/detention-preventive-une-exception-devenue-la-regle_1710060\">Maroc, d\u00e9tention pr\u00e9ventive&nbsp;: une exception devenue la r\u00e8gle<\/a> &nbsp;(Tel Quel)<\/p>\n\n\n\n<p><a href=\"https:\/\/www.boursorama.com\/actualite-economique\/actualites\/maroc-au-moins-24-morts-dans-l-inondation-d-un-atelier-textile-clandestin-c5abee8613ef173d6e631573e2aa18e9\">Maroc, au moins 24 morts dans l&rsquo;inondation d&rsquo;un atelier textile clandestin<\/a> &nbsp;(AFP)<\/p>\n\n\n\n<p><a href=\"https:\/\/www.yabiladi.com\/articles\/details\/105566\/sit-in-fnideq-quatre-prevenus-poursuivis.html\">Maroc, sit-in de Fnideq : Quatre pr\u00e9venus poursuivis par la justice<\/a> &nbsp;(Yabiladi)<\/p>\n\n\n\n<figure class=\"wp-block-image size-large is-resized\"><img data-recalc-dims=\"1\" loading=\"lazy\" decoding=\"async\" src=\"https:\/\/i0.wp.com\/www.rdpemancipation.org\/wp-content\/uploads\/2021\/02\/maroc-sit-in.png?resize=388%2C215&#038;ssl=1\" alt=\"\" class=\"wp-image-15167\" width=\"388\" height=\"215\" srcset=\"https:\/\/i0.wp.com\/www.rdpemancipation.org\/wp-content\/uploads\/2021\/02\/maroc-sit-in.png?w=565&amp;ssl=1 565w, https:\/\/i0.wp.com\/www.rdpemancipation.org\/wp-content\/uploads\/2021\/02\/maroc-sit-in.png?resize=300%2C166&amp;ssl=1 300w\" sizes=\"auto, (max-width: 388px) 100vw, 388px\" \/><figcaption><sup>Sit-in \u00e0 Fnideq<\/sup><\/figcaption><\/figure>\n\n\n\n<p><a href=\"https:\/\/www.liberte-algerie.com\/actualite\/justice-353710\">Alg\u00e9rie&nbsp;: justice&nbsp;! le parquet g\u00e9n\u00e9ral ordonne une enqu\u00eate sur l\u2019affaire Nekkiche<\/a> &nbsp;(Libert\u00e9)<\/p>\n\n\n\n<p><a href=\"https:\/\/www.liberte-algerie.com\/actualite\/le-hirak-reprend-son-souffle-a-bejaia-353634\">Alg\u00e9rie, le Hirak reprend son souffle \u00e0 B\u00e9ja\u00efa<\/a> &nbsp;(Libert\u00e9)<\/p>\n\n\n\n<p><a href=\"https:\/\/www.tsa-algerie.com\/lanp-demande-a-la-france-de-decontaminer-les-sites-des-essais-nucleaires-en-algerie\/\">L\u2019ANP (arm\u00e9e alg\u00e9rienne) demande \u00e0 la France de d\u00e9contaminer les sites des essais nucl\u00e9aires en Alg\u00e9rie<\/a> &nbsp;(TSA)<\/p>\n\n\n\n<figure class=\"wp-block-image size-large is-resized\"><img data-recalc-dims=\"1\" loading=\"lazy\" decoding=\"async\" src=\"https:\/\/i0.wp.com\/www.rdpemancipation.org\/wp-content\/uploads\/2021\/02\/gerboise.png?resize=399%2C224&#038;ssl=1\" alt=\"\" class=\"wp-image-15170\" width=\"399\" height=\"224\" srcset=\"https:\/\/i0.wp.com\/www.rdpemancipation.org\/wp-content\/uploads\/2021\/02\/gerboise.png?w=980&amp;ssl=1 980w, https:\/\/i0.wp.com\/www.rdpemancipation.org\/wp-content\/uploads\/2021\/02\/gerboise.png?resize=300%2C169&amp;ssl=1 300w, https:\/\/i0.wp.com\/www.rdpemancipation.org\/wp-content\/uploads\/2021\/02\/gerboise.png?resize=768%2C432&amp;ssl=1 768w\" sizes=\"auto, (max-width: 399px) 100vw, 399px\" \/><figcaption><sup>Le 27 d\u00e9cembre 1960 pr\u00e8s de Reggane, l&rsquo;op\u00e9ration Gerboise rouge, <\/sup><br><sup>troisi\u00e8me essai nucl\u00e9aire a\u00e9rien r\u00e9alis\u00e9 par la France.&nbsp;<\/sup><br><sup>AFP PHOTO FILES\/HO **B\/W ONLY<\/sup><\/figcaption><\/figure>\n\n\n\n<p><strong><span class=\"has-inline-color has-vivid-red-color\">7 f\u00e9vrier en continu<\/span><\/strong><\/p>\n\n\n\n<p><a href=\"https:\/\/fr.africanews.com\/2021\/02\/07\/libye-le-nouveau-premier-ministre-appelle-a-l-unite\/\">Libye : le nouveau Premier ministre appelle \u00e0 l&rsquo;unit\u00e9<\/a> &nbsp;(africanews)<\/p>\n\n\n\n<p><a href=\"https:\/\/www.elwatan.com\/edition\/international\/le-remaniement-ministeriel-bloque-en-tunisie-06-02-2021\">Le pr\u00e9sident Sa\u00efed s\u2019oppose aux nominations \u00ab suspectes \u00bb : Le remaniement minist\u00e9riel bloqu\u00e9 en Tunisie<\/a> &nbsp;(El Watan)<\/p>\n\n\n\n<p><a href=\"https:\/\/www.agenceecofin.com\/actualites\/0602-84936-tunis-mobilisation-dans-la-rue-contre-des-menaces-sur-les-libertes-individuelles\">Tunis&nbsp;: mobilisation dans la rue contre \u00ab&nbsp;des menaces sur les libert\u00e9s individuelles&nbsp;\u00bb<\/a> &nbsp;(\u00e9cofin)<\/p>\n\n\n\n<p><a href=\"https:\/\/www.lexpressiondz.com\/nationaleEntretien%20avec%20Benjamin%20Stora%20:%20\u2018Je%20ne%20suis%20pas%20contre%20la%20pr\u00e9sentation%20des%20excuses\">Entretien avec Benjamin Stora : \u2018Je ne suis pas contre la pr\u00e9sentation des excuses\u2019<\/a> &nbsp;(L\u2019Expression Alg\u00e9rie)<\/p>\n\n\n\n<p><a href=\"https:\/\/www.elwatan.com\/edition\/actualite\/laccuse-principal-refuse-detre-juge-en-raison-de-douleurs-a-la-hanche-06-02-2021\">Proc\u00e8s des auteurs pr\u00e9sum\u00e9s du rapt et de l\u2019assassinat de Gourdel renvoy\u00e9 au 18 f\u00e9vrier : L\u2019accus\u00e9 principal refuse d\u2019\u00eatre jug\u00e9 en raison de \u00ab douleurs \u00e0 la hanche \u00bb<\/a> &nbsp;(El Watan)<\/p>\n\n\n\n<p>Analyse <a href=\"https:\/\/algeria-watch.org\/?p=5492\">De l\u2019assassinat d\u2019Herv\u00e9 Gourdel \u00e0 la d\u00e9stabilisation tunisienne&nbsp;: manipulations et intox des services secrets alg\u00e9riens<\/a> &nbsp;(Habib Soua\u00efdia, 27 avril 2015 \u2013 Archives d\u2019Algeria-Watch)<\/p>\n\n\n\n<p><strong><span class=\"has-inline-color has-vivid-red-color\">6 f\u00e9vrier <\/span><\/strong><\/p>\n\n\n\n<p><a href=\"https:\/\/mondafrique.com\/le-nouveau-conseil-presidentiel-libyen-une-defaite-pour-haftar\/\">Le nouveau conseil pr\u00e9sidentiel libyen, une d\u00e9faite pour Haftar<\/a> &nbsp;(Mondafrique)<\/p>\n\n\n\n<p><a href=\"https:\/\/mondafrique.com\/algerie-belkacem-zeghmati-devenu-le-joker-des-militaires\/\">Alg\u00e9rie, le parcours sinueux de Belkacem Zeghmati<\/a> &nbsp;(Mondafrique)<\/p>\n\n\n\n<p><a href=\"https:\/\/www.elwatan.com\/edition\/actualite\/belkacem-zeghmati-persiste-et-signe-06-02-2021\">R\u00e9agissant aux accusations de violation des droits des d\u00e9tenus : Belkacem Zeghmati persiste et signe<\/a> &nbsp;(El Watan)<\/p>\n\n\n\n<p><a href=\"https:\/\/www.francetvinfo.fr\/monde\/afrique\/societe-africaine\/Maroc,%20nouvelle%20mobilisation%20pour%20d\u00e9p\u00e9naliser%20le%20sexe%20hors%20mariage\">Maroc, nouvelle mobilisation pour d\u00e9p\u00e9naliser le sexe hors mariage<\/a> &nbsp;(France Info)<\/p>\n\n\n\n<figure class=\"wp-block-image size-large is-resized\"><img data-recalc-dims=\"1\" loading=\"lazy\" decoding=\"async\" src=\"https:\/\/i0.wp.com\/www.rdpemancipation.org\/wp-content\/uploads\/2021\/02\/image-14.png?resize=427%2C137&#038;ssl=1\" alt=\"\" class=\"wp-image-14833\" width=\"427\" height=\"137\" srcset=\"https:\/\/i0.wp.com\/www.rdpemancipation.org\/wp-content\/uploads\/2021\/02\/image-14.png?w=490&amp;ssl=1 490w, https:\/\/i0.wp.com\/www.rdpemancipation.org\/wp-content\/uploads\/2021\/02\/image-14.png?resize=300%2C96&amp;ssl=1 300w\" sizes=\"auto, (max-width: 427px) 100vw, 427px\" \/><\/figure>\n\n\n\n<p><strong><span class=\"has-inline-color has-vivid-red-color\">5 f\u00e9vrier <\/span><\/strong><\/p>\n\n\n\n<p><a href=\"https:\/\/www.labourstartcampaigns.net\/show_campaign.cgi?c=4721\">Alg\u00e9rie : Lib\u00e9rez les prisonni\u00e8res d&rsquo;opinion<\/a> -Labour Start (ESSF)<\/p>\n\n\n\n<p>&nbsp;<a href=\"https:\/\/blogs.mediapart.fr\/jean-marc-b\/blog\/050221\/non-une-statue-pour-l-emir-abdelkader-en-france\">Non \u00e0 une statue pour l\u2019Emir Abdelkader en France <\/a>(Collectif)<\/p>\n\n\n\n<p><a href=\"https:\/\/www.politis.fr\/articles\/2021\/02\/sahara-occidental-le-statu-quo-est-definitivement-depasse-42788\/\">Sahara occidental : \u00ab Le statu quo est d\u00e9finitivement d\u00e9pass\u00e9 \u00bb &#8211; Mehdi El Ayouni<\/a> (Politis)<\/p>\n\n\n\n<p><a href=\"https:\/\/www.boursorama.com\/actualite-economique\/actualites\/libye-election-surprise-au-poste-de-premier-ministre-interimaire-35bc33eb6d2e04e68abc709e4e4179b4\">Libye : \u00e9lection surprise au poste de Premier ministre int\u00e9rimaire<\/a> (AFP)<\/p>\n\n\n\n<p><a href=\"https:\/\/mondafrique.com\/mauritanie-la-defense-intenable-de-lex-president-aziz\/\">Mauritanie, la d\u00e9fense judiciaire intenable de l\u2019ex-pr\u00e9sident Aziz<\/a> &nbsp;(Mondafrique)<\/p>\n\n\n\n<p><a href=\"https:\/\/www.rfi.fr\/fr\/en-bref\/20210205-libye-abdul-hamid-mohammed-dbeibah-a-%C3%A9t%C3%A9-%C3%A9lu-ce-vendredi-premier-ministre-de-transition\">Libye : Abdul Hamid Mohammed Dbeibah a \u00e9t\u00e9 \u00e9lu ce vendredi Premier ministre de transition <\/a>(RFI)<\/p>\n\n\n\n<p><a href=\"https:\/\/www.elwatan.com\/edition\/international\/sahara-occidental-les-prisonniers-sahraouis-dans-les-geoles-marocaines-en-greve-de-la-faim-04-02-2021\">Sahara occidental : Les prisonniers sahraouis dans les ge\u00f4les marocaines en gr\u00e8ve de la faim<\/a> &nbsp;(El Watan)<\/p>\n\n\n\n<p><a href=\"https:\/\/www.tsa-algerie.com\/algerie-france-france-algerie-une-contribution-de-lassociation-josette-et-maurice-audin\/\">Alg\u00e9rie -France et France-Alg\u00e9rie : une contribution de l&rsquo;Association Josette et Maurice Audin<\/a> &nbsp;(TSA)<\/p>\n\n\n\n<p><a href=\"https:\/\/www.hrw.org\/fr\/news\/2021\/02\/05\/tunisie-la-police-violemment-reprime-des-manifestations\">Tunisie : La police a violemment r\u00e9prim\u00e9 des manifestations<\/a> (Human Rights Watch)<\/p>\n\n\n\n<figure class=\"wp-block-image size-large is-resized\"><img data-recalc-dims=\"1\" loading=\"lazy\" decoding=\"async\" src=\"https:\/\/i0.wp.com\/www.rdpemancipation.org\/wp-content\/uploads\/2021\/02\/tunisia_protest3-HRW.jpg?resize=393%2C261&#038;ssl=1\" alt=\"\" class=\"wp-image-14727\" width=\"393\" height=\"261\" srcset=\"https:\/\/i0.wp.com\/www.rdpemancipation.org\/wp-content\/uploads\/2021\/02\/tunisia_protest3-HRW-scaled.jpg?resize=1024%2C683&amp;ssl=1 1024w, https:\/\/i0.wp.com\/www.rdpemancipation.org\/wp-content\/uploads\/2021\/02\/tunisia_protest3-HRW-scaled.jpg?resize=300%2C200&amp;ssl=1 300w, https:\/\/i0.wp.com\/www.rdpemancipation.org\/wp-content\/uploads\/2021\/02\/tunisia_protest3-HRW-scaled.jpg?resize=768%2C512&amp;ssl=1 768w, https:\/\/i0.wp.com\/www.rdpemancipation.org\/wp-content\/uploads\/2021\/02\/tunisia_protest3-HRW-scaled.jpg?resize=1536%2C1024&amp;ssl=1 1536w, https:\/\/i0.wp.com\/www.rdpemancipation.org\/wp-content\/uploads\/2021\/02\/tunisia_protest3-HRW-scaled.jpg?resize=2048%2C1365&amp;ssl=1 2048w, https:\/\/i0.wp.com\/www.rdpemancipation.org\/wp-content\/uploads\/2021\/02\/tunisia_protest3-HRW-scaled.jpg?w=2400&amp;ssl=1 2400w\" sizes=\"auto, (max-width: 393px) 100vw, 393px\" \/><figcaption><sup>Un manifestant brandit une pancarte o\u00f9 est inscrit le slogan \u00ab Police partout, justice nulle part \u00bb lors d\u2019un rassemblement tenu sur l\u2019avenue Habib Bourguiba \u00e0 Tunis, le 23 janvier 2021. <\/sup><br><sup> \u00a9 2021 Ahmed Zarrouki<\/sup><\/figcaption><\/figure>\n\n\n\n<p><strong><span class=\"has-inline-color has-vivid-red-color\">4 f\u00e9vrier <\/span><\/strong><\/p>\n\n\n\n<p><a href=\"https:\/\/www.liberte-algerie.com\/actualite\/indignation-et-demandes-douverture-denquete-353569\">Alg\u00e9rie, affaire Walid Nekkiche&nbsp;: indignation et demandes d\u2019ouverture d\u2019enqu\u00eate<\/a> (Libert\u00e9)<br><\/p>\n\n\n\n<p><a href=\"https:\/\/www.liberte-algerie.com\/actualite\/dalila-touat-entame-une-greve-de-la-faim-353568\">Alg\u00e9rie&nbsp;: Dalila Touat entame une gr\u00e8ve de la faim<\/a> (Libert\u00e9)<\/p>\n\n\n\n<p><a href=\"https:\/\/www.liberte-algerie.com\/actualite\/on-invoque-lhonneur-pour-que-le-crime-reste-impuni-353560\">Soumia Salhi, militante des droits des femmes&nbsp;: \u2018On invoque l\u2019honneur pour que le crime reste impuni\u201d<\/a> (Libert\u00e9)<\/p>\n\n\n\n<p><a href=\"https:\/\/www.lesoirdalgerie.com\/contribution\/sauver-oued-amizour-55695\">Sauver Oued Amizour <\/a>(Le Soir d\u2019Alg\u00e9rie)<\/p>\n\n\n\n<figure class=\"wp-block-image size-large is-resized\"><img data-recalc-dims=\"1\" loading=\"lazy\" decoding=\"async\" src=\"https:\/\/i0.wp.com\/www.rdpemancipation.org\/wp-content\/uploads\/2021\/02\/d-sauver-oued-amizour-aea7c.jpg?resize=388%2C250&#038;ssl=1\" alt=\"\" class=\"wp-image-14599\" width=\"388\" height=\"250\" srcset=\"https:\/\/i0.wp.com\/www.rdpemancipation.org\/wp-content\/uploads\/2021\/02\/d-sauver-oued-amizour-aea7c.jpg?w=620&amp;ssl=1 620w, https:\/\/i0.wp.com\/www.rdpemancipation.org\/wp-content\/uploads\/2021\/02\/d-sauver-oued-amizour-aea7c.jpg?resize=300%2C194&amp;ssl=1 300w\" sizes=\"auto, (max-width: 388px) 100vw, 388px\" \/><\/figure>\n\n\n\n<p><strong><span class=\"has-inline-color has-vivid-red-color\">3 f\u00e9vrier <\/span><\/strong><\/p>\n\n\n\n<p><a href=\"https:\/\/www.rfi.fr\/fr\/afrique\/20210203-maroc-le-mouvement-hors-la-loi-mobilise-contre-l-article-490-du-code-p%C3%A9nal\">Maroc : le mouvement \u00abHors la Loi\u00bb mobilise contre l&rsquo;article 490 du Code p\u00e9nal <\/a>&nbsp;(RFI)<\/p>\n\n\n\n<p><a href=\"https:\/\/www.bondyblog.fr\/opinions\/guerre-dalgerie-la-difference-entre-le-discours-familial-et-mes-manuels-scolaires\/\">Guerre d\u2019Alg\u00e9rie : la diff\u00e9rence entre le discours familial et mes manuels scolaires<\/a> (Bondy blog)<\/p>\n\n\n\n<p><a href=\"https:\/\/blogs.mediapart.fr\/julien-cohen-lacassagne\/blog\/030221\/une-histoire-francaise-propos-du-rapport-stora\">Une histoire fran\u00e7aise. A propos du rapport Stora<\/a> &nbsp;(Blog de Julien Cohen-Lacassagne)<\/p>\n\n\n\n<p>&lsquo;<a href=\"https:\/\/www.tv5mondeplus.com\/player\/106778238_74079A\" target=\"_blank\" rel=\"noreferrer noopener\">Khaled Drareni, journaliste, num\u00e9ro d\u2019\u00e9crou 22&nbsp;244<\/a>&lsquo;,&nbsp;documentaire de Guillaume Villadier et S\u00e9verine Andr\u00e9 (pour TV5 Monde)&nbsp;<\/p>\n\n\n\n<figure class=\"wp-block-image size-large is-resized\"><img data-recalc-dims=\"1\" loading=\"lazy\" decoding=\"async\" src=\"https:\/\/i0.wp.com\/www.rdpemancipation.org\/wp-content\/uploads\/2021\/02\/Free-Khaled.jpg?resize=395%2C263&#038;ssl=1\" alt=\"\" class=\"wp-image-14388\" width=\"395\" height=\"263\" srcset=\"https:\/\/i0.wp.com\/www.rdpemancipation.org\/wp-content\/uploads\/2021\/02\/Free-Khaled.jpg?resize=1024%2C682&amp;ssl=1 1024w, https:\/\/i0.wp.com\/www.rdpemancipation.org\/wp-content\/uploads\/2021\/02\/Free-Khaled.jpg?resize=300%2C200&amp;ssl=1 300w, https:\/\/i0.wp.com\/www.rdpemancipation.org\/wp-content\/uploads\/2021\/02\/Free-Khaled.jpg?resize=768%2C512&amp;ssl=1 768w, https:\/\/i0.wp.com\/www.rdpemancipation.org\/wp-content\/uploads\/2021\/02\/Free-Khaled.jpg?w=1328&amp;ssl=1 1328w\" sizes=\"auto, (max-width: 395px) 100vw, 395px\" \/><figcaption><sup>Le 15 octobre 2020, sur un immeuble parisien, pour la lib\u00e9ration de Khaled Drareni, <\/sup><br><sup>journaliste emprisonn\u00e9 en Alg\u00e9rie depuis dix mois. STEPHANE DE SAKUTIN\/AFP<\/sup><\/figcaption><\/figure>\n\n\n\n<p><a href=\"https:\/\/www.agenceecofin.com\/trade\/0302-84792-khalifa-haftar-accuse-de-vendre-du-petrole-libyen-par-le-biais-de-societes-illegales\" target=\"_blank\" rel=\"noreferrer noopener\">Khalifa Haftar accus\u00e9 de vendre du p\u00e9trole libyen par le biais de soci\u00e9t\u00e9s ill\u00e9gales<\/a> &nbsp;(Ecofin)<\/p>\n\n\n\n<p><a href=\"https:\/\/www.rfi.fr\/fr\/en-bref\/20210203-tunisie-quatre-militaires-tu%C3%A9s-par-l-explosion-d-une-mine\">Tunisie : quatre militaires tu\u00e9s par l&rsquo;explosion d&rsquo;une mine <\/a>&nbsp;(RFI)<\/p>\n\n\n\n<p><a href=\"https:\/\/www.agenceecofin.com\/medias\/0302-84790-tunisie-le-regulateur-accuse-le-gouvernement-d-entraver-la-reforme-des-medias\">Tunisie&nbsp;: le r\u00e9gulateur accuse le gouvernement d\u2019entraver la r\u00e9forme des m\u00e9dias<\/a> (Ecofin)<\/p>\n\n\n\n<p><a href=\"https:\/\/blogs.mediapart.fr\/nadia-haddaoui\/blog\/030221\/qu-est-ce-qui-souleve-la-jeunesse-tunisienne\">Qu\u2019est-ce qui soul\u00e8ve la jeunesse tunisienne ?<\/a> &nbsp;(Blog de Nadia Haddaoui)<\/p>\n\n\n\n<p><a href=\"https:\/\/blog.mondediplo.net\/Tunisie,%20des%20\u00e9meutes%20soties%20des%20tripes%20d\u2019un%20pays%20\u00e0%20l\u2019agoniedes-emeutes-sorties-des-tripes-d-un-pays-a-l\">Tunisie, \u00ab&nbsp;des \u00e9meutes sorties des tripes d\u2019un pays \u00e0 l\u2019agonie&nbsp;\u00bb<\/a> &nbsp;Olivier Piot (blog du Monde diplomatique)<\/p>\n\n\n\n<figure class=\"wp-block-image size-large is-resized\"><img data-recalc-dims=\"1\" loading=\"lazy\" decoding=\"async\" src=\"https:\/\/i0.wp.com\/www.rdpemancipation.org\/wp-content\/uploads\/2021\/02\/manif-kairouan-6ce57.jpg?resize=392%2C294&#038;ssl=1\" alt=\"\" class=\"wp-image-14373\" width=\"392\" height=\"294\" srcset=\"https:\/\/i0.wp.com\/www.rdpemancipation.org\/wp-content\/uploads\/2021\/02\/manif-kairouan-6ce57.jpg?w=890&amp;ssl=1 890w, https:\/\/i0.wp.com\/www.rdpemancipation.org\/wp-content\/uploads\/2021\/02\/manif-kairouan-6ce57.jpg?resize=300%2C225&amp;ssl=1 300w, https:\/\/i0.wp.com\/www.rdpemancipation.org\/wp-content\/uploads\/2021\/02\/manif-kairouan-6ce57.jpg?resize=768%2C576&amp;ssl=1 768w\" sizes=\"auto, (max-width: 392px) 100vw, 392px\" \/><figcaption><sup>&nbsp;Slogans contre la police lors d\u2019un rassemblement <br>devant la mairie de Kairouan, 23&nbsp;janvier 2021. Olivier Piot<\/sup><\/figcaption><\/figure>\n\n\n\n<p><strong><span class=\"has-inline-color has-vivid-red-color\">2 f\u00e9vrier <\/span><\/strong><\/p>\n\n\n\n<p><a href=\"https:\/\/alt-rev.com\/2021\/02\/02\/tunisie-la-reception-en-provenance-de-la-france-de-60-blindes-de-police-fait-polemique\/\">Tunisie: La r\u00e9ception en provenance de la France de 60 blind\u00e9s de police fait pol\u00e9mique<\/a> (Le Courrier de l\u2019Atlas)<\/p>\n\n\n\n<p><a href=\"https:\/\/orientxxi.info\/magazine\/sahara-occidental-chantage-marocain-a-l-immigration-pour-faire-plier-l-espagne,4478\">Sahara occidental. Chantage marocain \u00e0 l&rsquo;immigration pour faire plier l&rsquo;Espagne<\/a> (Orient XXI)<\/p>\n\n\n\n<figure class=\"wp-block-image size-large is-resized is-style-default\"><img data-recalc-dims=\"1\" loading=\"lazy\" decoding=\"async\" src=\"https:\/\/i0.wp.com\/www.rdpemancipation.org\/wp-content\/uploads\/2021\/02\/arton4478.jpg?resize=391%2C261&#038;ssl=1\" alt=\"\" class=\"wp-image-14269\" width=\"391\" height=\"261\" srcset=\"https:\/\/i0.wp.com\/www.rdpemancipation.org\/wp-content\/uploads\/2021\/02\/arton4478.jpg?resize=1024%2C684&amp;ssl=1 1024w, https:\/\/i0.wp.com\/www.rdpemancipation.org\/wp-content\/uploads\/2021\/02\/arton4478.jpg?resize=300%2C200&amp;ssl=1 300w, https:\/\/i0.wp.com\/www.rdpemancipation.org\/wp-content\/uploads\/2021\/02\/arton4478.jpg?resize=768%2C513&amp;ssl=1 768w, https:\/\/i0.wp.com\/www.rdpemancipation.org\/wp-content\/uploads\/2021\/02\/arton4478.jpg?resize=1536%2C1025&amp;ssl=1 1536w, https:\/\/i0.wp.com\/www.rdpemancipation.org\/wp-content\/uploads\/2021\/02\/arton4478.jpg?w=1600&amp;ssl=1 1600w\" sizes=\"auto, (max-width: 391px) 100vw, 391px\" \/><\/figure>\n\n\n\n<p><a href=\"https:\/\/www.espacemanager.com\/plus-de-80-des-jeunes-medecins-inscrits-lordre-ont-quitte-la-tunisie.html\">Plus de 80% des jeunes m\u00e9decins inscrits \u00e0 l\u2019Ordre ont quitt\u00e9 la Tunisie<\/a> &nbsp;(Espace Manager)<\/p>\n\n\n\n<p><a href=\"https:\/\/lapresse.tn\/86371\/maintien-de-la-greve-des-medecins-medecins-dentistes-et-pharmaciens-hospitaliers-prevue-demain-mercredi\/\">Tunisie, gr\u00e8ve des m\u00e9decins, m\u00e9decins dentistes et pharmaciens hospitaliers<\/a> &nbsp;(La Presse)<\/p>\n\n\n\n<p><a href=\"https:\/\/mondafrique.com\/tunisie-trente-ans-de-prison-pour-un-joint\/\">Tunisie, trente ans de prison pour un joint<\/a> &nbsp;(Mondafrique)<\/p>\n\n\n\n<p><a href=\"https:\/\/www.tsa-algerie.com\/affaire-walid-nekiche-le-temoignage-glacant-de-me-nabila-smail\/\">Alg\u00e9rie, affaire Walid Nekiche : le t\u00e9moignage gla\u00e7ant de Me Nabila Smail<\/a> &nbsp;(TSA)<\/p>\n\n\n\n<p><a href=\"https:\/\/www.tsa-algerie.com\/front-social-laghouat-envoie-message-fort-au-gouvernement\/\">Alg\u00e9rie, front social&nbsp;: Laghouat envoie un message fort au gouvernement<\/a> &nbsp;(TSA)<\/p>\n\n\n\n<p><a href=\"https:\/\/www.liberte-algerie.com\/actualite\/linferiorisation-des-femmes-est-source-de-violences-353458\">Alg\u00e9rie, Dalila Lamar\u00e8ne Djerbal&nbsp;: \u2018L\u2019inf\u00e9riorisation des femmes est source de violences\u201d<\/a> &nbsp;(Libert\u00e9)<\/p>\n\n\n\n<figure class=\"wp-block-image is-resized\"><img data-recalc-dims=\"1\" loading=\"lazy\" decoding=\"async\" src=\"https:\/\/i0.wp.com\/cdn.liberte-algerie.com\/images\/article\/thumbs\/d-la-haine-de-la-femme-c6364.jpg?resize=393%2C252&#038;ssl=1\" alt=\"\" width=\"393\" height=\"252\"\/><figcaption><sup>54 f\u00e9minicides enregistr\u00e9s en 2020<\/sup><\/figcaption><\/figure>\n\n\n\n<p><a href=\"https:\/\/www.liberte-algerie.com\/actualite\/sur-un-volcan-353403\">Alg\u00e9rie, ch\u00f4mage et d\u00e9gradation du pouvoir d\u2019achat&nbsp;: sur un volcan\u2026<\/a> &nbsp;(Libert\u00e9)<\/p>\n\n\n\n<p><a href=\"https:\/\/www.liberte-algerie.com\/actualite\/douze-hirakistes-en-greve-de-la-faim-353396\">Alg\u00e9rie, douze hirakistes en gr\u00e8ve de la faim<\/a> &nbsp;(Libert\u00e9)<\/p>\n\n\n\n<p><a href=\"https:\/\/www.liberte-algerie.com\/actualite\/la-csa-avertit-contre-une-explosion-sociale-353446\">Alg\u00e9rie, la CSA (conf\u00e9d\u00e9ration des syndicats autonomes) avertit contre une explosion sociale<\/a> &nbsp;(Libert\u00e9)<\/p>\n\n\n\n<figure class=\"wp-block-image size-large is-resized\"><img data-recalc-dims=\"1\" loading=\"lazy\" decoding=\"async\" src=\"https:\/\/i0.wp.com\/www.rdpemancipation.org\/wp-content\/uploads\/2021\/02\/d-la-csa-avertit-contre-une-explosion-sociale.jpg?resize=394%2C259&#038;ssl=1\" alt=\"\" class=\"wp-image-14206\" width=\"394\" height=\"259\" srcset=\"https:\/\/i0.wp.com\/www.rdpemancipation.org\/wp-content\/uploads\/2021\/02\/d-la-csa-avertit-contre-une-explosion-sociale.jpg?w=620&amp;ssl=1 620w, https:\/\/i0.wp.com\/www.rdpemancipation.org\/wp-content\/uploads\/2021\/02\/d-la-csa-avertit-contre-une-explosion-sociale.jpg?resize=300%2C198&amp;ssl=1 300w\" sizes=\"auto, (max-width: 394px) 100vw, 394px\" \/><\/figure>\n\n\n\n<p><strong><span class=\"has-inline-color has-vivid-red-color\">1er f\u00e9vrier<\/span><\/strong><\/p>\n\n\n\n<p><a href=\"https:\/\/www.boursorama.com\/videos\/actualites\/tunis-manifestation-pour-denoncer-les-violences-policieres-5242374e21bcad5dd0157829e735f2e9\">Tunis: manifestation pour d\u00e9noncer les violences polici\u00e8res<\/a> (AFP vid\u00e9o)<\/p>\n\n\n\n<p><a href=\"https:\/\/www.mediapart.fr\/journal\/international\/010221\/interceptee-par-les-garde-cotes-libyens-elle-refait-la-traversee-mais-perd-son-bebe\">Intercept\u00e9e par les garde-c\u00f4tes libyens, elle refait la travers\u00e9e mais perd son b\u00e9b\u00e9<\/a> (M\u00e9diapart)<\/p>\n\n\n\n<p><a href=\"https:\/\/www.boursorama.com\/actualite-economique\/actualites\/coronavirus-l-algerie-discute-avec-moscou-pour-produire-le-vaccin-russe-8c6239b023ff9685142cacd71c0ea5fa\">Coronavirus : L&rsquo;Alg\u00e9rie discute avec Moscou pour produire le vaccin russe<\/a> (Reuters)<\/p>\n\n\n\n<p><a href=\"https:\/\/info.mediapart.fr\/optiext\/optiextension.dll?ID=oSToTrN4lvXa+FCHGMYFO3V9mgTqebhsaa2nf_YMbgae_11EgMEWa35K_7HdlM2RSWlU14N1BKRw8x5gOcRZ8cTHwEnM2\">S\u2019appuyer sur le rapport de Benjamin Stora<\/a> &#8211; Gilles Manceron (MDP)<\/p>\n\n\n\n<p><a href=\"https:\/\/www.rfi.fr\/fr\/afrique\/20210201-tunisie-indignation-apr%C3%A8s-de-lourdes-condamnations-pour-consommation-de-cannabis\">Tunisie, indignation apr\u00e8s de lourdes condamnations pour consommation de cannabis <\/a>&nbsp;(RFI)<\/p>\n\n\n\n<p><a href=\"https:\/\/fr.africanews.com\/2021\/02\/01\/libye-cinq-jours-pour-designer-le-prochain-premier-ministre\/\">Libye : cinq jours pour d\u00e9signer le prochain Premier ministre<\/a> &nbsp;(Africanews)<\/p>\n\n\n\n<p><a href=\"https:\/\/www.rfi.fr\/fr\/afrique\/20210201-les-discussions-sur-la-libye-reprennent-%C3%A0-gen%C3%A8ve-alors-que-tripoli-est-sous-tension\">Les discussions sur la Libye reprennent \u00e0 Gen\u00e8ve alors que Tripoli est sous tension <\/a>&nbsp;(RFI)<\/p>\n\n\n\n<figure class=\"wp-block-image size-large is-resized\"><img data-recalc-dims=\"1\" loading=\"lazy\" decoding=\"async\" src=\"https:\/\/i0.wp.com\/www.rdpemancipation.org\/wp-content\/uploads\/2021\/02\/image-2.png?resize=404%2C227&#038;ssl=1\" alt=\"\" class=\"wp-image-14128\" width=\"404\" height=\"227\" srcset=\"https:\/\/i0.wp.com\/www.rdpemancipation.org\/wp-content\/uploads\/2021\/02\/image-2.png?w=490&amp;ssl=1 490w, https:\/\/i0.wp.com\/www.rdpemancipation.org\/wp-content\/uploads\/2021\/02\/image-2.png?resize=300%2C168&amp;ssl=1 300w\" sizes=\"auto, (max-width: 404px) 100vw, 404px\" \/><figcaption><sup>Une patrouille arm\u00e9e \u00e0 Tripoli, Libye.&nbsp;AFP<\/sup><\/figcaption><\/figure>\n","protected":false},"excerpt":{"rendered":"<p>28 f\u00e9vrier \u00ab Le probl\u00e8me des effets nucl\u00e9aires sur les populations est rest\u00e9 longtemps tabou en Alg\u00e9rie \u00bb (TSA) Quand l\u2019histoire alg\u00e9ro-fran\u00e7aise s\u2019impose au pr\u00e9sent : \u2018Une pollution radioactive qui revient comme un boomerang\u2019 &nbsp;(El Watan) Reprise des marches du mouvement populaire : De nouveaux enjeux pour le hirak (El Watan) Les manifestations de nouveau &#8230; <a title=\"F\u00e9vrier-Maghreb\" class=\"read-more\" href=\"https:\/\/www.rdpemancipation.org\/?p=13976\" aria-label=\"En savoir plus sur F\u00e9vrier-Maghreb\">Lire la suite<\/a><\/p>\n","protected":false},"author":2,"featured_media":0,"comment_status":"closed","ping_status":"closed","sticky":false,"template":"","format":"standard","meta":{"_lmt_disableupdate":"no","_lmt_disable":"no","_jetpack_memberships_contains_paid_content":false,"footnotes":""},"categories":[17],"tags":[],"class_list":["post-13976","post","type-post","status-publish","format-standard","hentry","category-maghreb"],"modified_by":"jmb","jetpack_featured_media_url":"","jetpack_sharing_enabled":true,"_links":{"self":[{"href":"https:\/\/www.rdpemancipation.org\/index.php?rest_route=\/wp\/v2\/posts\/13976","targetHints":{"allow":["GET"]}}],"collection":[{"href":"https:\/\/www.rdpemancipation.org\/index.php?rest_route=\/wp\/v2\/posts"}],"about":[{"href":"https:\/\/www.rdpemancipation.org\/index.php?rest_route=\/wp\/v2\/types\/post"}],"author":[{"embeddable":true,"href":"https:\/\/www.rdpemancipation.org\/index.php?rest_route=\/wp\/v2\/users\/2"}],"replies":[{"embeddable":true,"href":"https:\/\/www.rdpemancipation.org\/index.php?rest_route=%2Fwp%2Fv2%2Fcomments&post=13976"}],"version-history":[{"count":80,"href":"https:\/\/www.rdpemancipation.org\/index.php?rest_route=\/wp\/v2\/posts\/13976\/revisions"}],"predecessor-version":[{"id":18287,"href":"https:\/\/www.rdpemancipation.org\/index.php?rest_route=\/wp\/v2\/posts\/13976\/revisions\/18287"}],"wp:attachment":[{"href":"https:\/\/www.rdpemancipation.org\/index.php?rest_route=%2Fwp%2Fv2%2Fmedia&parent=13976"}],"wp:term":[{"taxonomy":"category","embeddable":true,"href":"https:\/\/www.rdpemancipation.org\/index.php?rest_route=%2Fwp%2Fv2%2Fcategories&post=13976"},{"taxonomy":"post_tag","embeddable":true,"href":"https:\/\/www.rdpemancipation.org\/index.php?rest_route=%2Fwp%2Fv2%2Ftags&post=13976"}],"curies":[{"name":"wp","href":"https:\/\/api.w.org\/{rel}","templated":true}]}}