{"id":13974,"date":"2021-02-01T10:08:26","date_gmt":"2021-02-01T09:08:26","guid":{"rendered":"https:\/\/www.rdpemancipation.org\/?p=13974"},"modified":"2021-02-28T19:51:01","modified_gmt":"2021-02-28T18:51:01","slug":"fevrier-afrique-subsaharienne","status":"publish","type":"post","link":"https:\/\/www.rdpemancipation.org\/?p=13974","title":{"rendered":"F\u00e9vrier-Afrique Subsaharienne"},"content":{"rendered":"\n<p><strong><span class=\"has-inline-color has-vivid-red-color\">28 f\u00e9vrier en continu<\/span><\/strong><\/p>\n\n\n\n<p><a href=\"https:\/\/mondafrique.com\/mali-une-nouvelle-attaque-djihadiste-signee-ag-ghali\/\">Mali, une nouvelle attaque djihadiste sign\u00e9e Ag Ghali<\/a> &nbsp;(La r\u00e9daction de Mondafrique<strong>)<\/strong><\/p>\n\n\n\n<p><a href=\"https:\/\/mondafrique.com\/series-dete-le-malien-iyad-ag-ghali-lagent-triple-730\/\">Mali, le pouvoir de nuisance de Iyad Ag Ghali<\/a>\u00a0 (Mondafrique<strong>)<\/strong><\/p>\n\n\n\n<figure class=\"wp-block-image size-large is-resized\"><img data-recalc-dims=\"1\" loading=\"lazy\" decoding=\"async\" src=\"https:\/\/i0.wp.com\/www.rdpemancipation.org\/wp-content\/uploads\/2021\/02\/image-124.png?resize=336%2C196&#038;ssl=1\" alt=\"\" class=\"wp-image-18130\" width=\"336\" height=\"196\" srcset=\"https:\/\/i0.wp.com\/www.rdpemancipation.org\/wp-content\/uploads\/2021\/02\/image-124.png?w=337&amp;ssl=1 337w, https:\/\/i0.wp.com\/www.rdpemancipation.org\/wp-content\/uploads\/2021\/02\/image-124.png?resize=300%2C174&amp;ssl=1 300w\" sizes=\"auto, (max-width: 336px) 100vw, 336px\" \/><\/figure>\n\n\n\n<p><a href=\"https:\/\/www.agenceecofin.com\/actualites\/2602-85645-mali-nouveau-report-du-proces-de-l-ex-putschiste-amadou-sanogo\">Mali&nbsp;: nouveau report du proc\u00e8s de l\u2019ex-putschiste Amadou Sanogo<\/a> &nbsp;(Ecofin)<\/p>\n\n\n\n<p><a href=\"https:\/\/mondafrique.com\/niger-des-gendarmes-finances-par-leurope-ont-interpelle-hama-amadou\/\">Niger, des gendarmes financ\u00e9s par l\u2019Europe ont interpell\u00e9 Hama Amadou<\/a> &nbsp;(Mondafrique)<\/p>\n\n\n\n<p><a href=\"https:\/\/www.rfi.fr\/fr\/afrique\/20210228-tchad-incidents-%C3%A0-ndjamena-des-violences-au-domicile-de-l-opposant-yaya-dillo\">Tchad, violences au domicile de l\u2019opposant Yaya Dillo <\/a>\u00a0(RFI)<\/p>\n\n\n\n<p><a href=\"https:\/\/www.agenceecofin.com\/actualites\/2602-85634-cote-d-ivoire-on-en-saura-plus-sur-l-acquittement-ou-pas-de-laurent-gbagbo-d-ici-fin-mars\">C\u00f4te d\u2019Ivoire\u00a0: on en saura plus sur l\u2019acquittement ou pas de Laurent Gbagbo, d\u2019ici fin mars<\/a> \u00a0(Ecofin)<\/p>\n\n\n\n<p><a href=\"https:\/\/www.rfi.fr\/fr\/afrique\/20210228-affaire-bollor%C3%A9-au-togo-nous-esp%C3%A9rons-vraiment-qu-il-y-aura-un-proc%C3%A8s\">Affaire Bollor\u00e9 au Togo : \u00abNous esp\u00e9rons vraiment qu\u2019il y aura un proc\u00e8s\u00bb <\/a>&nbsp;(RFI)<\/p>\n\n\n\n<p><a href=\"https:\/\/www.boursorama.com\/actualite-economique\/actualites\/nigeria-27-adolescents-liberes-plus-de-300-jeunes-filles-toujours-recherchees-7a6c0aca97870193472b2c1defac412e\">Nigeria : 27 adolescents lib\u00e9r\u00e9s, plus de 300 jeunes filles toujours recherch\u00e9es<\/a> &nbsp;(Reuters)<\/p>\n\n\n\n<p><a href=\"https:\/\/fr.africanews.com\/2021\/02\/28\/nigeria-une-rescapee-decrit-l-enlevement-des-filles-de-jangebe\/\">Nig\u00e9ria : une rescap\u00e9e d\u00e9crit l&rsquo;enl\u00e8vement des filles de Jangebe<\/a> (africanews)<\/p>\n\n\n\n<figure class=\"wp-block-image size-large\"><img data-recalc-dims=\"1\" loading=\"lazy\" decoding=\"async\" width=\"337\" height=\"225\" src=\"https:\/\/i0.wp.com\/www.rdpemancipation.org\/wp-content\/uploads\/2021\/02\/image-125.png?resize=337%2C225&#038;ssl=1\" alt=\"\" class=\"wp-image-18131\" srcset=\"https:\/\/i0.wp.com\/www.rdpemancipation.org\/wp-content\/uploads\/2021\/02\/image-125.png?w=337&amp;ssl=1 337w, https:\/\/i0.wp.com\/www.rdpemancipation.org\/wp-content\/uploads\/2021\/02\/image-125.png?resize=300%2C200&amp;ssl=1 300w\" sizes=\"auto, (max-width: 337px) 100vw, 337px\" \/><\/figure>\n\n\n\n<p><a href=\"https:\/\/www.rfi.fr\/fr\/afrique\/20210228-affaire-afriland-rdc-russe-kirill-parinov-corniche-black-cube-enquete\">Affaire Afriland First Bank en RDC : les bonnes affaires du Russe Kirill Parinov <\/a>(RFI)<\/p>\n\n\n\n<p><strong><span class=\"has-inline-color has-vivid-red-color\">27 f\u00e9vrier <\/span><\/strong><\/p>\n\n\n\n<p><a href=\"https:\/\/afrique.lalibre.be\/58626\/blanchiment-dargent-quatre-nouveaux-pays-dont-maroc-et-senegal-places-sous-surveillance\/\">Blanchiment d\u2019argent : quatre nouveaux pays africains plac\u00e9s sous surveillance<\/a> &nbsp;(La Libre-Afrique)<\/p>\n\n\n\n<p><a href=\"https:\/\/www.rfi.fr\/fr\/afrique\/20210227-accord-de-paix-dans-le-cercle-de-koro-entre-peuls-et-dogons\">Mali, accord de paix dans le cercle de Koro entre Peuls et Dogons <\/a>&nbsp;(RFI)<\/p>\n\n\n\n<figure class=\"wp-block-image size-large is-resized\"><img data-recalc-dims=\"1\" loading=\"lazy\" decoding=\"async\" src=\"https:\/\/i0.wp.com\/www.rdpemancipation.org\/wp-content\/uploads\/2021\/02\/image-115.png?resize=393%2C221&#038;ssl=1\" alt=\"\" class=\"wp-image-18015\" width=\"393\" height=\"221\" srcset=\"https:\/\/i0.wp.com\/www.rdpemancipation.org\/wp-content\/uploads\/2021\/02\/image-115.png?w=451&amp;ssl=1 451w, https:\/\/i0.wp.com\/www.rdpemancipation.org\/wp-content\/uploads\/2021\/02\/image-115.png?resize=300%2C169&amp;ssl=1 300w\" sizes=\"auto, (max-width: 393px) 100vw, 393px\" \/><figcaption><sup>David Bach\u00e9. RFI<\/sup><\/figcaption><\/figure>\n\n\n\n<p><a href=\"https:\/\/mondafrique.com\/niger-hama-amadou-bouc-emissaire-dune-presidentielle-contestee\/\">Niger, Hama Amadou, bouc \u00e9missaire d\u2019une Pr\u00e9sidentielle contest\u00e9e<\/a> &nbsp;(Mondafrique)<\/p>\n\n\n\n<p><a href=\"https:\/\/www.boursorama.com\/actualite-economique\/actualites\/nigeria-liberation-de-42-personnes-enlevees-317-fillettes-toujours-otages-a1ee6fe33ffe4a33b630e8f9c94d2fdb\">Nigeria, lib\u00e9ration de 42 personnes enlev\u00e9es, 317 fillettes toujours otages<\/a> &nbsp;(AFP)<\/p>\n\n\n\n<p><a href=\"https:\/\/www.hrw.org\/fr\/news\/2021\/02\/26\/cameroun-les-survivants-dune-agression-militaire-attendent-justice\">Cameroun : Les survivants d\u2019une agression militaire attendent justice<\/a> &nbsp;(HRW)<\/p>\n\n\n\n<p><a href=\"https:\/\/afrique.lalibre.be\/58641\/le-congo-brazzaville-a-importe-500-tonnes-darmes-d-azerbaidjan-depuis-2015\/\">Le&nbsp;Congo-Brazzaville a import\u00e9 500 tonnes d\u2019armes d\u2019Azerba\u00efdjan depuis 2015<\/a> &nbsp;(La Libre-Afrique)<\/p>\n\n\n\n<p><a href=\"https:\/\/afrique.lalibre.be\/58636\/rdc-pour-la-femme-de-lambassadeur-italien-abattu-dans-lest-son-mari-a-ete-trahi\/\">RDC : Pour la femme de l\u2019ambassadeur italien abattu dans l\u2019est, son mari a \u00e9t\u00e9 \u00ab&nbsp;trahi&nbsp;\u00bb<\/a> &nbsp;(La Libre-Afrique)<\/p>\n\n\n\n<p><a href=\"https:\/\/www.rfi.fr\/fr\/afrique\/20210227-affaire-afriland-first-bank-en-rdc-comment-les-deux-lanceurs-d-alerte-ont-%C3%A9t%C3%A9-condamn%C3%A9s-%C3%A0-mort\">Affaire Afriland First Bank en RDC : comment les deux lanceurs d\u2019alerte ont \u00e9t\u00e9 condamn\u00e9s \u00e0 mort <\/a>&nbsp;(RFI)<\/p>\n\n\n\n<p><a href=\"https:\/\/www.rfi.fr\/fr\/afrique\/20210226-rdc-qui-peut-retirer-des-millions-%C3%A0-afriland-first-bank\">RDC, qui peut retirer des millions \u00e0 Afriland First Bank ?<\/a> &nbsp;(RFI)<\/p>\n\n\n\n<p><a href=\"https:\/\/afrique.lalibre.be\/58645\/paul-rusesabagina-sera-bien-juge-au-rwanda-ce-quil-refuse\/\">Paul Rusesabagina sera bien jug\u00e9 au Rwanda, ce qu\u2019il refuse<\/a> &nbsp;Marie-France Cros (La Libre-Afrique)<\/p>\n\n\n\n<p><a href=\"https:\/\/www.connaissancedesenergies.org\/situation-energetique-de-langola-en-2021-210226\">Situation \u00e9nerg\u00e9tique de l\u2019Angola<\/a> &nbsp;(EIA)<\/p>\n\n\n\n<p><a href=\"https:\/\/www.connaissancedesenergies.org\/afp\/edf-prend-deux-participations-dans-le-solaire-au-kenya-210225\">Solaire : EDF prend deux participations dans des entreprises au Kenya<\/a> &nbsp;(AFP)<\/p>\n\n\n\n<p><a href=\"https:\/\/www.afriquesenlutte.org\/afrique-de-l-ouest\/senegal\/article\/front-pour-une-revolution-anti-imperialiste-populaire-et-panafricaine-frapp\">Front pour une R\u00e9volution Anti-imp\u00e9rialiste Populaire et Panafricaine (FRAPP)<\/a> &nbsp;(Afriques en lutte)<\/p>\n\n\n\n<figure class=\"wp-block-image is-style-default\"><img decoding=\"async\" src=\"https:\/\/i0.wp.com\/www.anti-k.org\/wp-content\/uploads\/2021\/02\/dehors.jpg?resize=310%2C162&amp;ssl=1\" alt=\"\" title=\"dehors\"\/><\/figure>\n\n\n\n<p><strong><span class=\"has-inline-color has-vivid-red-color\">26 f\u00e9vrier <\/span><\/strong><\/p>\n\n\n\n<p><a href=\"https:\/\/www.rfi.fr\/fr\/en-bref\/20210226-s%C3%A9n%C3%A9gal-l-assembl%C3%A9e-nationale-l%C3%A8ve-l-immunit%C3%A9-parlementaire-d-ousmane-sonko\">S\u00e9n\u00e9gal : l&rsquo;Assembl\u00e9e nationale l\u00e8ve l&rsquo;immunit\u00e9 parlementaire d&rsquo;Ousmane Sonko <\/a>&nbsp;(RFI)<\/p>\n\n\n\n<p><a href=\"https:\/\/www.boursorama.com\/actualite-economique\/actualites\/corruption-togo-une-juge-estime-necessaire-un-proces-de-vincent-bollore-17794e4daab3b9c6622870c337e3d806\">Corruption\/Togo: une juge estime \u00ab\u00a0n\u00e9cessaire\u00a0\u00bb un proc\u00e8s de Vincent Bollor\u00e9<\/a> &nbsp;(AFP)<\/p>\n\n\n\n<p>&nbsp;<a href=\"https:\/\/www.boursorama.com\/videos\/actualites\/violences-post-electorales-au-niger-au-moins-deux-morts-depuis-les-resultats-de-l-election-6b9177745412408af33be8c5b34fd4af\">Violences post-\u00e9lectorales au Niger : au moins deux morts depuis les r\u00e9sultats de l&rsquo;\u00e9lection<\/a> &nbsp;&nbsp;(France 24)<\/p>\n\n\n\n<p><a href=\"https:\/\/mondafrique.com\/cinq-cent-manifestants-arretes-au-niger\/\">Cinq cent manifestants arr\u00eat\u00e9s au Niger<\/a> &nbsp;(Mondafrique)<\/p>\n\n\n\n<p><a href=\"https:\/\/mondafrique.com\/niger-une-armee-malmenee-par-le-president-issoufou\/\">L\u2019arm\u00e9e nig\u00e9rienne, arbitre ultime de la l\u00e9gitimit\u00e9 du Pr\u00e9sident Bazoum<\/a> &nbsp;(Mondafrique)<\/p>\n\n\n\n<p>&nbsp;<a href=\"https:\/\/www.boursorama.com\/videos\/actualites\/legislatives-en-cote-d-ivoire-la-loi-impose-30-de-femmes-parmi-les-candidats-0a8f04e47d5d07bb75b825a1718e5551\">L\u00e9gislatives en C\u00f4te d&rsquo;Ivoire : la loi impose 30 % de femmes parmi les candidats<\/a> &nbsp;(France 24)<\/p>\n\n\n\n<p><a href=\"https:\/\/www.boursorama.com\/actualite-economique\/actualites\/au-nigeria-317-adolescentes-enlevees-dans-leur-ecole-fortes-tensions-dans-la-localite-a0ca8a21ec0508601d18bf1850f08740\">Au Nigeria, 317 adolescentes enlev\u00e9es dans leur \u00e9cole, fortes tensions dans la localit\u00e9<\/a> &nbsp;(AFP)<\/p>\n\n\n\n<figure class=\"wp-block-image size-large is-resized\"><img data-recalc-dims=\"1\" loading=\"lazy\" decoding=\"async\" src=\"https:\/\/i0.wp.com\/www.rdpemancipation.org\/wp-content\/uploads\/2021\/02\/image-105.png?resize=557%2C392&#038;ssl=1\" alt=\"\" class=\"wp-image-17843\" width=\"557\" height=\"392\" srcset=\"https:\/\/i0.wp.com\/www.rdpemancipation.org\/wp-content\/uploads\/2021\/02\/image-105.png?w=481&amp;ssl=1 481w, https:\/\/i0.wp.com\/www.rdpemancipation.org\/wp-content\/uploads\/2021\/02\/image-105.png?resize=300%2C211&amp;ssl=1 300w\" sizes=\"auto, (max-width: 557px) 100vw, 557px\" \/><\/figure>\n\n\n\n<p><a href=\"https:\/\/www.rfi.fr\/fr\/afrique\/20210225-o%C3%B9-se-trouve-l-ancien-pr%C3%A9sident-centrafricain-fran%C3%A7ois-boziz%C3%A9\">O\u00f9 se trouve l&rsquo;ancien pr\u00e9sident centrafricain Fran\u00e7ois Boziz\u00e9 ? <\/a>&nbsp;(RFI)<\/p>\n\n\n\n<p><a href=\"https:\/\/mondafrique.com\/cameroun-vingt-femmes-violees-par-larmee-en-mars-2020\/\">Cameroun, vingt femmes viol\u00e9es par l\u2019arm\u00e9e en mars 2020<\/a> &nbsp;(Mondafrique)<\/p>\n\n\n\n<p><a href=\"https:\/\/www.boursorama.com\/actualite-economique\/actualites\/ethiopie-un-manteau-de-tristesse-recouvre-mekele-la-capitale-du-tigre-509a4d92f229e7cfbd4d94658eff16ba\">Ethiopie : un \u00ab\u00a0manteau de tristesse\u00a0\u00bb recouvre Mekele, la capitale du Tigr\u00e9<\/a> &nbsp;(AFP)<\/p>\n\n\n\n<p><a href=\"https:\/\/www.rfi.fr\/fr\/afrique\/20210225-%C3%A9thiopie-%C3%A0-l-onu-les-pays-occidentaux-d%C3%A9noncent-la-pr%C3%A9sence-de-l-arm%C3%A9e-%C3%A9rythr%C3%A9enne-au-tigr%C3%A9\">\u00c9thiopie : \u00e0 l\u2019ONU, les pays occidentaux d\u00e9noncent la pr\u00e9sence de l\u2019arm\u00e9e \u00e9rythr\u00e9enne au Tigr\u00e9 <\/a>(RFI)<\/p>\n\n\n\n<p><a href=\"https:\/\/www.amnesty.fr\/actualites\/Ethiopie,%20urgence%20d\u2019une%20aide%20internationale%20au%20Tigr\u00e9\">Ethiopie, urgence d\u2019une aide internationale au Tigr\u00e9<\/a> (Amnesty International)<\/p>\n\n\n\n<figure class=\"wp-block-image size-large is-resized\"><img data-recalc-dims=\"1\" loading=\"lazy\" decoding=\"async\" src=\"https:\/\/i0.wp.com\/www.rdpemancipation.org\/wp-content\/uploads\/2021\/02\/image-102.png?resize=339%2C375&#038;ssl=1\" alt=\"\" class=\"wp-image-17751\" width=\"339\" height=\"375\" srcset=\"https:\/\/i0.wp.com\/www.rdpemancipation.org\/wp-content\/uploads\/2021\/02\/image-102.png?w=605&amp;ssl=1 605w, https:\/\/i0.wp.com\/www.rdpemancipation.org\/wp-content\/uploads\/2021\/02\/image-102.png?resize=271%2C300&amp;ssl=1 271w\" sizes=\"auto, (max-width: 339px) 100vw, 339px\" \/><\/figure>\n\n\n\n<p><strong><span class=\"has-inline-color has-vivid-red-color\">25 f\u00e9vrier <\/span><\/strong><\/p>\n\n\n\n<p><a href=\"https:\/\/www.afriquesenlutte.org\/afrique-de-l-ouest\/senegal\/article\/mettre-fin-a-la-chasse-a-l-homme-aux-arrestations-arbitraires-et-a-la-dictature\">S\u00e9n\u00e9gal&nbsp;: Mettre fin \u00e0 la chasse \u00e0 l\u2019homme, aux arrestations arbitraires et \u00e0 la dictature&nbsp;!<\/a> &nbsp;(Afriques en lutte)<\/p>\n\n\n\n<p><a href=\"https:\/\/mondafrique.com\/limpossible-victoire-francaise-au-sahel\/\">L\u2019impossible victoire fran\u00e7aise au Sahel !<\/a> &nbsp;Leslie Varenne (Iveris)<\/p>\n\n\n\n<figure class=\"wp-block-image size-large is-resized\"><img data-recalc-dims=\"1\" loading=\"lazy\" decoding=\"async\" src=\"https:\/\/i0.wp.com\/www.rdpemancipation.org\/wp-content\/uploads\/2021\/02\/image-100.png?resize=386%2C218&#038;ssl=1\" alt=\"\" class=\"wp-image-17665\" width=\"386\" height=\"218\" srcset=\"https:\/\/i0.wp.com\/www.rdpemancipation.org\/wp-content\/uploads\/2021\/02\/image-100.png?w=406&amp;ssl=1 406w, https:\/\/i0.wp.com\/www.rdpemancipation.org\/wp-content\/uploads\/2021\/02\/image-100.png?resize=300%2C169&amp;ssl=1 300w\" sizes=\"auto, (max-width: 386px) 100vw, 386px\" \/><\/figure>\n\n\n\n<p><a href=\"https:\/\/mondafrique.com\/mali-larmee-au-coeur-du-pouvoir-depuis-cinquante-ans\/\">Mali, l\u2019arm\u00e9e au coeur du pouvoir depuis cinquante ans<\/a> &nbsp;(Mondafrique)<\/p>\n\n\n\n<p><a href=\"https:\/\/lanticapitaliste.org\/actualite\/international\/au-mali-barkhane-est-lobstacle-au-dialogue\">Au Mali, Barkhane est l\u2019obstacle au dialogue<\/a> -Paul Martial<\/p>\n\n\n\n<p><a href=\"https:\/\/www.boursorama.com\/videos\/actualites\/presidentielle-au-niger-deux-morts-dans-les-troubles-depuis-l-annonce-des-resultats-9a2c3d2462caa5bb4ae3bd5d4976c44b\">Pr\u00e9sidentielle au Niger : deux morts dans les troubles depuis l&rsquo;annonce des r\u00e9sultats<\/a> &nbsp;(AFP Vid\u00e9o)<\/p>\n\n\n\n<p><a href=\"https:\/\/www.boursorama.com\/videos\/actualites\/presidentielle-au-niger-manifestations-a-niamey-aa825c318bf8608929f53b1e2dae1612\">Pr\u00e9sidentielle au Niger : manifestations \u00e0 Niamey<\/a> &nbsp;(AFP Vid\u00e9o)<\/p>\n\n\n\n<p><a href=\"https:\/\/mondafrique.com\/centrafrique-des-horreurs-ont-ete-commises-pendant-les-elections\/\">Centrafrique, des \u00ab&nbsp;horreurs&nbsp;\u00bb ont \u00e9t\u00e9 commises pendant les \u00e9lections<\/a> &nbsp;(Mondafrique)<\/p>\n\n\n\n<figure class=\"wp-block-image size-large\"><img data-recalc-dims=\"1\" loading=\"lazy\" decoding=\"async\" width=\"300\" height=\"200\" src=\"https:\/\/i0.wp.com\/www.rdpemancipation.org\/wp-content\/uploads\/2021\/02\/image-101.png?resize=300%2C200&#038;ssl=1\" alt=\"\" class=\"wp-image-17668\"\/><\/figure>\n\n\n\n<p>&nbsp;<a href=\"https:\/\/www.boursorama.com\/videos\/actualites\/ambassadeur-italien-tue-en-rdc-rome-demande-une-enquete-et-des-reponses-claires-b763d4fbab63edea3916a9382572dce9\">Ambassadeur italien tu\u00e9 en RDC : Rome demande une enqu\u00eate et \u00ab\u00a0des r\u00e9ponses claires\u00a0\u00bb<\/a> &nbsp;(AFP Vid\u00e9o)<\/p>\n\n\n\n<p><a href=\"https:\/\/www.boursorama.com\/videos\/actualites\/a-mogadiscio-une-jeune-femme-defie-les-stereotypes-au-volant-de-son-taxi-35c3ddf32d18d158f1a3a3b2932ee4b1\">A Mogadiscio, une jeune femme d\u00e9fie les st\u00e9r\u00e9otypes au volant de son taxi<\/a> (AFP vid\u00e9o)<\/p>\n\n\n\n<p><a href=\"https:\/\/www.anti-k.org\/2021\/02\/24\/amzat-boukari-yabara-la-francafrique-est-la-forme-specifique-du-neocolonialisme-francais\/\">Amzat Boukari-Yabara : \u00ab La Fran\u00e7afrique est la forme sp\u00e9cifique du n\u00e9ocolonialisme fran\u00e7ais \u00bb<\/a>(Acta Zone)<\/p>\n\n\n\n<figure class=\"wp-block-image is-resized is-style-default\"><img loading=\"lazy\" decoding=\"async\" src=\"https:\/\/i1.wp.com\/www.anti-k.org\/wp-content\/uploads\/2021\/02\/francafrique-2.jpg?resize=678%2C381&amp;ssl=1\" alt=\"\" width=\"398\" height=\"223\" title=\"francafrique-2\"\/><\/figure>\n\n\n\n<p><a href=\"https:\/\/www.humanite.fr\/jean-hatzfeld-la-rencontre-des-justes-au-rwanda-700633#xtor=RSS-1\">Jean Hatzfeld \u00e0 la rencontre des Justes au Rwanda<\/a> (L\u2019Humanit\u00e9)<\/p>\n\n\n\n<p><strong><span class=\"has-inline-color has-vivid-red-color\">24 f\u00e9vrier<\/span><\/strong><\/p>\n\n\n\n<p><a href=\"https:\/\/theconversation.com\/la-grande-muraille-verte-vecteur-de-developpement-durable-au-sahel-154195\">La Grande muraille verte, vecteur de d\u00e9veloppement durable au Sahel<\/a>&nbsp; (The Conversation)<\/p>\n\n\n\n<p><a href=\"https:\/\/lanticapitaliste.org\/communique\/soutien-lopposition-democratique-au-pastef-et-aux-droits-de-ousmane-sonko-contre-la\">Soutien \u00e0 l\u2019opposition d\u00e9mocratique,&nbsp; contre la r\u00e9pression de l\u2019\u00c9tat s\u00e9n\u00e9galais<\/a> (L\u2019Anticapitaliste)<\/p>\n\n\n\n<p><a href=\"https:\/\/www.courrierinternational.com\/article\/scandale-interrogations-au-senegal-alors-que-lun-des-principaux-opposants-est-accuse-de\">Interrogations au S\u00e9n\u00e9gal alors que l&rsquo;un des principaux opposants est accus\u00e9 de viols<\/a> &nbsp;(Courrier international)<\/p>\n\n\n\n<p><a href=\"https:\/\/www.fidh.org\/fr\/regions\/afrique\/mali\/mali-la-commission-d-enquete-demontre-l-urgence-d-intensifier-la\">Mali : La Commission d\u2019enqu\u00eate d\u00e9montre l\u2019urgence d\u2019intensifier la lutte contre l\u2019impunit\u00e9 et de renforcer le syst\u00e8me judiciaire <\/a>&nbsp;(FIDH)<\/p>\n\n\n\n<p><a href=\"https:\/\/theconversation.com\/transition-malienne-politisation-de-larmee-ou-militarisation-du-politique-154690\">Transition malienne : politisation de l&rsquo;arm\u00e9e ou militarisation du politique ?<\/a> (The Conversation)<\/p>\n\n\n\n<p><a href=\"https:\/\/www.boursorama.com\/videos\/actualites\/presidentielle-au-niger-mohamed-bazoum-donne-vainqueur-l-opposition-conteste-7e9cfe39148827d2b5cc80b8530045e9\">Pr\u00e9sidentielle au Niger : Mohamed Bazoum donn\u00e9 vainqueur, l&rsquo;opposition conteste<\/a> &nbsp;(France 24)<\/p>\n\n\n\n<p><a href=\"https:\/\/www.boursorama.com\/actualite-economique\/actualites\/presidentielle-au-niger-l-opposition-clame-victoire-la-tension-monte-82b2395f2040d642431dbcbdf36160bb\">Pr\u00e9sidentielle au Niger: l&rsquo;opposition clame victoire, la tension monte<\/a> &nbsp;(AFP)<\/p>\n\n\n\n<figure class=\"wp-block-image size-large is-resized\"><img data-recalc-dims=\"1\" loading=\"lazy\" decoding=\"async\" src=\"https:\/\/i0.wp.com\/www.rdpemancipation.org\/wp-content\/uploads\/2021\/02\/image-96.png?resize=386%2C256&#038;ssl=1\" alt=\"\" class=\"wp-image-17513\" width=\"386\" height=\"256\" srcset=\"https:\/\/i0.wp.com\/www.rdpemancipation.org\/wp-content\/uploads\/2021\/02\/image-96.png?w=502&amp;ssl=1 502w, https:\/\/i0.wp.com\/www.rdpemancipation.org\/wp-content\/uploads\/2021\/02\/image-96.png?resize=300%2C200&amp;ssl=1 300w\" sizes=\"auto, (max-width: 386px) 100vw, 386px\" \/><figcaption><sup>Des partisans de Mahamane Ousmane<\/sup><\/figcaption><\/figure>\n\n\n\n<p><a href=\"https:\/\/www.boursorama.com\/actualite-economique\/actualites\/ebola-la-guinee-lance-la-vaccination-pour-en-finir-en-6-semaines-db9b1a0fbeac604f9694235f8c01c51d\">Ebola : la Guin\u00e9e lance la vaccination pour en finir \u00ab\u00a0en 6 semaines\u00a0\u00bb<\/a> (AFP)<\/p>\n\n\n\n<p><a href=\"https:\/\/www.boursorama.com\/actualite-economique\/actualites\/le-ghana-recoit-la-premiere-livraison-mondiale-de-vaccins-gratuits-covax-e73b69dd66ca7990d7df6fa928ab6e9d\">Le Ghana re\u00e7oit la premi\u00e8re livraison mondiale de vaccins gratuits Covax<\/a> (AFP)<\/p>\n\n\n\n<p><a href=\"https:\/\/mondafrique.com\/centrafrique-lonu-et-les-affreux-du-kremlin\/\">Centrafrique : l\u2019ONU et les \u00ab affreux \u00bb du Kremlin<\/a> (Mondafrique)<\/p>\n\n\n\n<p><a href=\"https:\/\/www.rfi.fr\/fr\/en-bref\/20210224-centrafrique-les-forces-pro-gouvernementales-ont-repris-bossangoa-gouvernement\">Centrafrique : les forces pro-gouvernementales ont repris Bossangoa <\/a>(RFI)<\/p>\n\n\n\n<p><a href=\"https:\/\/www.rfi.fr\/fr\/en-bref\/20210224-rdc-au-moins-13-morts-dans-deux-attaques-attribu\u00e9es-aux-combattants-adf-\u00e0-beni\">RDC : au moins 13 morts dans deux attaques attribu\u00e9es aux combattants ADF \u00e0 Beni <\/a>(RFI)<\/p>\n\n\n\n<p><a href=\"https:\/\/www.boursorama.com\/actualite-economique\/actualites\/mort-de-l-ambassadeur-italien-en-rdc-rome-demande-des-comptes-a-l-onu-64e5dbaf6b37cc717bb92d02c25900cb\">Mort de l&rsquo;ambassadeur italien en RDC: Rome demande des comptes \u00e0 l&rsquo;ONU<\/a> (AFP)<\/p>\n\n\n\n<p><a href=\"https:\/\/fr.africanews.com\/2021\/02\/24\/afrique-du-sud-le-personnel-de-sante-dans-la-rue\/\">Afrique du Sud : le personnel de sant\u00e9 dans la rue <\/a>(africanews)<\/p>\n\n\n\n<p><a href=\"https:\/\/fr.africanews.com\/2021\/02\/24\/mozambique-une-epidemie-de-cholera-meurtriere-frappe-des-deplaces\/\">Mozambique : une \u00e9pid\u00e9mie de chol\u00e9ra meurtri\u00e8re frappe des d\u00e9plac\u00e9s <\/a>(africanews)<\/p>\n\n\n\n<p><a href=\"https:\/\/lanticapitaliste.org\/actualite\/international\/de-nouvelles-preuves-de-la-complicite-francaise-dans-le-genocide-au-rwanda\">De nouvelles preuves de la complicit\u00e9 fran\u00e7aise dans le g\u00e9nocide au Rwanda<\/a> -Bertold du Ryon<\/p>\n\n\n\n<figure class=\"wp-block-image is-resized is-style-default\"><img data-recalc-dims=\"1\" loading=\"lazy\" decoding=\"async\" src=\"https:\/\/i0.wp.com\/lanticapitaliste.org\/sites\/default\/files\/styles\/largeur_content_hauteur_complet\/public\/nyamata_memorial_site_13.jpg?resize=390%2C259&#038;ssl=1\" alt=\"\" width=\"390\" height=\"259\"\/><\/figure>\n\n\n\n<p><strong><span class=\"has-inline-color has-vivid-red-color\">23 f\u00e9vrier<\/span><\/strong><\/p>\n\n\n\n<p><a href=\"https:\/\/blogs.mediapart.fr\/les-invites-de-mediapart\/blog\/220221\/pendant-que-l-etat-de-droit-sombre-en-afrique-la-france-regarde-ailleurs\">\u00abPendant que l\u2019\u00c9tat de droit sombre en Afrique, la France regarde ailleurs\u00bb <\/a>&nbsp;(Les invit\u00e9s de M\u00e9diapart)<\/p>\n\n\n\n<p><a href=\"https:\/\/www.agenceecofin.com\/aide-au-developpement\/2102-85427-la-france-adopte-un-mecanisme-pour-restituer-les-biens-mal-acquis-saisis-par-la-justice\">La France adopte un m\u00e9canisme pour restituer les biens mal acquis saisis par la justice<\/a> &nbsp;(\u00e9cofin)<\/p>\n\n\n\n<p><a href=\"https:\/\/fr.africanews.com\/2021\/02\/23\/macky-sall-le-senegal-et-d-autres-doivent-se-preparer-a-la-bataille-avec-les-djihadistes\/\">Macky Sall : \u00ab\u00a0Le S\u00e9n\u00e9gal doit se pr\u00e9parer \u00e0 la \u00ab\u00a0bataille\u00a0\u00bb avec les djihadistes\u00a0\u00bb <\/a>&nbsp;(africanews)<\/p>\n\n\n\n<p><a href=\"https:\/\/www.rfi.fr\/fr\/afrique\/20210223-s\u00e9n\u00e9gal-trois-soutiens-d-ousmane-sonko-interpell\u00e9s\">S\u00e9n\u00e9gal : trois soutiens d&rsquo;Ousmane Sonko interpell\u00e9s<\/a> &nbsp;(RFI)<\/p>\n\n\n\n<p><a href=\"https:\/\/mondafrique.com\/sahel-les-liens-secrets-des-armees-francaise-et-algerienne\/\">Sahel, une collaboration secr\u00e8te entre les arm\u00e9es fran\u00e7aise et alg\u00e9rienne<\/a> &nbsp;(Mondafrique)<\/p>\n\n\n\n<p><a href=\"https:\/\/fr.africanews.com\/2021\/02\/23\/presidentielle-au-niger-mohamed-bazoum-l-emporte-avec-55-75-des-voix-officie\/\">Pr\u00e9sidentielle au Niger : Mohamed Bazoum l&#8217;emporte avec 55,75% des voix <\/a>&nbsp;(africanews)<\/p>\n\n\n\n<p><a href=\"https:\/\/mondafrique.com\/troubles-au-niger-a-la-proclamation-des-resultats-des-elections\/\">Niger la proclamation de la victoire de Mohamed Bazoum contest\u00e9e<\/a> &nbsp;(Mondafrique)<\/p>\n\n\n\n<figure class=\"wp-block-image is-resized\"><img data-recalc-dims=\"1\" loading=\"lazy\" decoding=\"async\" src=\"https:\/\/i0.wp.com\/mondafrique.com\/wp-content\/uploads\/2020\/07\/d%C3%A9placement-de-Bazoum-Mohamed-en-pr%C3%A9-campagne.jpeg?resize=399%2C169&#038;ssl=1\" alt=\"\" width=\"399\" height=\"169\"\/><figcaption><sup>En pr\u00e9-campagne \u00e0 Dosso<\/sup><\/figcaption><\/figure>\n\n\n\n<p><a href=\"https:\/\/mondafrique.com\/elections-au-niger-premieres-tensions-autour-du-depouillement\/\">Pr\u00e9sidentielle Niger : premi\u00e8res tensions autour du d\u00e9pouillement<\/a> (Mondafrique)<\/p>\n\n\n\n<p><a href=\"https:\/\/fr.africanews.com\/2021\/02\/23\/nigeria-liberation-des-53-otages-du-bus-de-kundu\/\">Nigeria : lib\u00e9ration des 53 otages du bus de Kundu <\/a>&nbsp;(africanews)<\/p>\n\n\n\n<p><a href=\"https:\/\/www.agenceecofin.com\/compagnies\/2202-85431-nigeria-la-justice-fait-geler-les-comptes-bancaires-de-shell\">Nigeria&nbsp;: la justice fait geler les comptes bancaires de Shell<\/a> &nbsp;(\u00e9cofin)<\/p>\n\n\n\n<p><a href=\"https:\/\/www.agenceecofin.com\/gaz-naturel\/1702-85282-nigeria-nouveau-calendrier-pour-atteindre-le-niveau-zero-de-gaz-torche\">Nigeria&nbsp;: nouveau calendrier pour atteindre le niveau z\u00e9ro de gaz torch\u00e9<\/a> &nbsp;(\u00e9cofin)<\/p>\n\n\n\n<p><a href=\"https:\/\/www.connaissancedesenergies.org\/afp\/congo-lancement-des-travaux-de-construction-dune-nouvelle-raffinerie-210221\">Congo: lancement des travaux de construction d&rsquo;une nouvelle raffinerie<\/a> (AFP)<\/p>\n\n\n\n<p><a href=\"https:\/\/www.mediapart.fr\/journal\/international\/230221\/la-mort-de-l-ambassadeur-d-italie-en-rdc-rappelle-au-monde-le-sort-des-civils-congolais\">La mort de l\u2019ambassadeur d\u2019Italie en RDC rappelle au monde le sort des civils congolais <\/a>&nbsp;(M\u00e9diapart)<\/p>\n\n\n\n<p><a href=\"https:\/\/www.agenceecofin.com\/actualites\/2302-85494-rdc-autorites-congolaises-et-rebelles-du-fdlr-se-rejettent-la-responsabilite-de-lassassinat-de-lambassadeur-italien\">RDC&nbsp;: autorit\u00e9s congolaises et rebelles du FDLR se rejettent la responsabilit\u00e9 de l&rsquo;assassinat de l&rsquo;ambassadeur italien<\/a> (\u00e9cofin)<\/p>\n\n\n\n<figure class=\"wp-block-image size-large is-resized\"><img data-recalc-dims=\"1\" loading=\"lazy\" decoding=\"async\" src=\"https:\/\/i0.wp.com\/www.rdpemancipation.org\/wp-content\/uploads\/2021\/02\/image-91.png?resize=392%2C252&#038;ssl=1\" alt=\"\" class=\"wp-image-17382\" width=\"392\" height=\"252\" srcset=\"https:\/\/i0.wp.com\/www.rdpemancipation.org\/wp-content\/uploads\/2021\/02\/image-91.png?w=450&amp;ssl=1 450w, https:\/\/i0.wp.com\/www.rdpemancipation.org\/wp-content\/uploads\/2021\/02\/image-91.png?resize=300%2C193&amp;ssl=1 300w\" sizes=\"auto, (max-width: 392px) 100vw, 392px\" \/><\/figure>\n\n\n\n<p><a href=\"https:\/\/www.mediapart.fr\/journal\/france\/230221\/rwanda-les-auditions-de-juppe-vedrine-et-du-directeur-de-la-dgse-reclamees\">Rwanda : les auditions de Jupp\u00e9, V\u00e9drine et du directeur de la DGSE r\u00e9clam\u00e9es <\/a>&nbsp;(M\u00e9diapart)<\/p>\n\n\n\n<p><a href=\"https:\/\/www.agenceecofin.com\/exploration\/2202-85436-l-angola-abroge-la-loi-qui-interdit-les-activites-petrolieres-dans-les-reserves-naturelles-protegees\">L\u2019Angola abroge la loi qui interdit les activit\u00e9s p\u00e9troli\u00e8res dans les r\u00e9serves naturelles prot\u00e9g\u00e9es<\/a> &nbsp;(\u00e9cofin)<\/p>\n\n\n\n<p><a href=\"https:\/\/fr.africanews.com\/2021\/02\/23\/afrique-du-sud-l-affaire-zuma-thales-jugee-au-mois-de-mai\/\">Afrique du Sud : l&rsquo;affaire Zuma &#8211; Thales jug\u00e9e au mois de mai <\/a>&nbsp;(africanews)<\/p>\n\n\n\n<p><a href=\"https:\/\/www.agenceecofin.com\/compagnies\/2202-85457-soudan-du-sud-l-onu-soupconne-des-societes-petrolieres-chinoises-de-malversations-financieres\">Soudan du Sud&nbsp;: l\u2019ONU soup\u00e7onne des soci\u00e9t\u00e9s p\u00e9troli\u00e8res chinoises de malversations financi\u00e8res<\/a> &nbsp;(\u00e9cofin)<\/p>\n\n\n\n<p><strong><span class=\"has-inline-color has-vivid-red-color\">22 f\u00e9vrier <\/span><\/strong><\/p>\n\n\n\n<p><a href=\"https:\/\/www.boursorama.com\/videos\/actualites\/ibrahim-ali-tue-par-un-militant-fn-en-1995-a-desormais-son-avenue-a-marseille-822e60db29fec27350b35c4a22e55e39\">Ibrahim Ali, tu\u00e9 par un militant FN en 1995, a d\u00e9sormais son avenue \u00e0 Marseille<\/a> &nbsp;(AFP Vid\u00e9o)<\/p>\n\n\n\n<p><a href=\"https:\/\/algeria-watch.org\/?p=76556\">Le minist\u00e8re alg\u00e9rien de la d\u00e9fense d\u00e9ment toute participation au \u00abG5 Sahel\u00bb<\/a> &nbsp;(El Watan)<\/p>\n\n\n\n<p><a href=\"https:\/\/www.boursorama.com\/videos\/actualites\/election-presidentielle-au-niger-un-2eme-tour-endeuille-par-la-mort-de-7-agents-electoraux-26a7b721ec497930f58c6e3bca14ca3a\">\u00c9lection pr\u00e9sidentielle au Niger : un 2\u00e8me tour endeuill\u00e9 par la mort de 7 agents \u00e9lectoraux<\/a> &nbsp;(France 24)<\/p>\n\n\n\n<p><a href=\"https:\/\/www.boursorama.com\/actualite-economique\/actualites\/rdc-l-ambassadeur-d-italie-tue-dans-une-attaque-dans-l-est-60ab2067407ad7a17950482df8125b51\">RDC : l&rsquo;ambassadeur d&rsquo;Italie tu\u00e9 dans une attaque dans l&rsquo;Est<\/a> &nbsp;(AFP)<\/p>\n\n\n\n<p><a href=\"https:\/\/www.boursorama.com\/videos\/actualites\/rd-congo-attaque-au-nord-kivu-b836a39d9c49fc98ddfd832928a48a0b\">RD CONGO : ATTAQUE AU NORD-KIVU<\/a> (France 24)<\/p>\n\n\n\n<p><a href=\"https:\/\/www.boursorama.com\/actualite-economique\/actualites\/covid-en-afrique-du-sud-on-sauve-les-legumes-abimes-pour-apaiser-la-faim-e0868fb3b119a977318a3e84cc4cb13c\">En Afrique du Sud, on sauve les l\u00e9gumes ab\u00eem\u00e9s pour apaiser la faim<\/a> (AFP)<\/p>\n\n\n\n<p><a href=\"https:\/\/www.boursorama.com\/actualite-economique\/actualites\/covid-le-chef-de-l-oms-exhorte-la-tanzanie-a-proteger-sa-population-6bf0ab6abccc42c4f341b7dab34a23c1\">Covid : le chef de l&rsquo;OMS exhorte la Tanzanie \u00e0 prot\u00e9ger sa population<\/a> (AFP)<\/p>\n\n\n\n<figure class=\"wp-block-image size-large is-resized\"><img data-recalc-dims=\"1\" loading=\"lazy\" decoding=\"async\" src=\"https:\/\/i0.wp.com\/www.rdpemancipation.org\/wp-content\/uploads\/2021\/02\/wachata.png?resize=406%2C270&#038;ssl=1\" alt=\"\" class=\"wp-image-17169\" width=\"406\" height=\"270\" srcset=\"https:\/\/i0.wp.com\/www.rdpemancipation.org\/wp-content\/uploads\/2021\/02\/wachata.png?w=760&amp;ssl=1 760w, https:\/\/i0.wp.com\/www.rdpemancipation.org\/wp-content\/uploads\/2021\/02\/wachata.png?resize=300%2C200&amp;ssl=1 300w\" sizes=\"auto, (max-width: 406px) 100vw, 406px\" \/><figcaption><sup>Fresque du groupe Wachata \u00e0 Dar es Salam<\/sup><\/figcaption><\/figure>\n\n\n\n<p><strong><span class=\"has-inline-color has-vivid-red-color\">21 f\u00e9vrier <\/span><\/strong><\/p>\n\n\n\n<p><a href=\"https:\/\/theconversation.com\/retour-debola-en-afrique-de-louest-les-lecons-a-retenir-du-passe-en-six-questions-cles-155679\">Retour d\u2019Ebola en Afrique de l\u2019Ouest : les le\u00e7ons \u00e0 retenir du pass\u00e9, en six questions cl\u00e9s<\/a> (The Conversation)<\/p>\n\n\n\n<p><a href=\"https:\/\/www.fidh.org\/fr\/themes\/defenseurs-des-droits-humains\/burundi-condamnation-in-absentia-a-une-peine-de-prison-a-perpetuite\">Burundi : Condamnation in absentia \u00e0 perp\u00e9tuit\u00e9 de douze d\u00e9fenseurs des droits humains<\/a> (FIDH)<\/p>\n\n\n\n<p><a href=\"https:\/\/alt-rev.com\/2021\/02\/19\/djibouti-un-pivot-geographique-cher-aux-puissances-etrangeres\/\" title=\"https:\/\/alt-rev.com\/2021\/02\/19\/djibouti-un-pivot-geographique-cher-aux-puissances-etrangeres\/\">Djibouti, un pivot g\u00e9ographique cher aux puissances <\/a>(Slate)<\/p>\n\n\n\n<figure class=\"wp-block-image is-resized is-style-default\"><img data-recalc-dims=\"1\" loading=\"lazy\" decoding=\"async\" src=\"https:\/\/i0.wp.com\/www.slate.fr\/sites\/default\/files\/styles\/1060x523\/public\/000_92k7qx_1.jpg?resize=418%2C206\" alt=\"Des soldats fran\u00e7ais lors d'un exercice militaire dans le d\u00e9sert du Grand Bara, au sud de Djibouti, le 4 f\u00e9vrier 2021. | Daphn\u00e9 Benoit \/ AFP\" width=\"418\" height=\"206\"\/><\/figure>\n\n\n\n<p><a href=\"https:\/\/mondafrique.com\/mali-cette-transition-qui-se-prepare-a-durer\/\">Mali, cette transition qui se pr\u00e9pare \u2026&nbsp;\u00e0 durer&nbsp;!<\/a> &nbsp;(Mondafrique)<\/p>\n\n\n\n<p><a href=\"https:\/\/www.rfi.fr\/fr\/en-bref\/20210221-niger-sept-membres-de-la-commission-%C3%A9lectorale-tu%C3%A9s-dans-l-explosion-de-leur-v%C3%A9hicule\">Niger : sept membres de la Commission \u00e9lectorale tu\u00e9s dans l\u2019explosion de leur v\u00e9hicule <\/a>&nbsp;(RFI)<\/p>\n\n\n\n<p><a href=\"https:\/\/www.boursorama.com\/actualite-economique\/actualites\/second-tour-de-la-presidentiele-au-niger-sur-fond-d-insecurite-98ff2592707f909e56bc5b6b91d6a94e\">Second tour de la pr\u00e9sidentielle au Niger sur fond d&rsquo;ins\u00e9curit\u00e9<\/a> &nbsp;(AFP)<\/p>\n\n\n\n<p><a href=\"https:\/\/www.boursorama.com\/actualite-economique\/actualites\/sept-morts-dans-le-crash-d-un-appareil-militaire-au-nigeria-098122435bc19fa761904bc1d34daef1\">Sept morts dans le crash d&rsquo;un appareil militaire au Nigeria<\/a> &nbsp;(Reuters)<\/p>\n\n\n\n<p><a href=\"https:\/\/www.rfi.fr\/fr\/afrique\/20210221-rdc-kalev-mutondo-ex-chef-de-la-redoutable-anr-convoqu%C3%A9-en-justice\">RDC : Kalev Mutondo, ex-chef de la redoutable ANR, convoqu\u00e9 en justice <\/a>&nbsp;(RFI)<\/p>\n\n\n\n<p><a href=\"https:\/\/www.boursorama.com\/actualite-economique\/actualites\/le-soudan-devalue-sa-monnaie-en-vue-d-un-allegement-de-sa-dette-e0bd56952698a7da8ba14af7b0d4c83c\">Le Soudan d\u00e9value sa monnaie en vue d&rsquo;un all\u00e8gement de sa dette<\/a> (Reuters)<\/p>\n\n\n\n<p><a href=\"https:\/\/fr.africanews.com\/2021\/02\/21\/soudan-du-sud-les-violences-communautaires-inquietent\/\">Soudan du Sud : les violences communautaires inqui\u00e8tent<\/a> &nbsp;(africanews)<\/p>\n\n\n\n<p><strong><span class=\"has-inline-color has-vivid-red-color\">20 f\u00e9vrier <\/span><\/strong><\/p>\n\n\n\n<p><a href=\"https:\/\/www.fidh.org\/fr\/themes\/defenseurs-des-droits-humains\/burundi-condamnation-in-absentia-a-une-peine-de-prison-a-perpetuite\">Burundi : Condamnation in absentia \u00e0 perp\u00e9tuit\u00e9 de douze d\u00e9fenseurs des droits humains<\/a> (FIDH)<\/p>\n\n\n\n<p><a href=\"https:\/\/alt-rev.com\/2021\/02\/19\/djibouti-un-pivot-geographique-cher-aux-puissances-etrangeres\/\">Djibouti, un pivot g\u00e9ographique cher aux puissances \u00e9trang\u00e8res<\/a> (Slate)<\/p>\n\n\n\n<p><a href=\"http:\/\/www.oecd.org\/fr\/dev\/dynamiques-du-developpement-en-afrique-2021-cd08eac8-fr.htm\" target=\"_blank\" rel=\"noreferrer noopener\">Dynamiques du d\u00e9veloppement en Afrique 2021<\/a> &nbsp;(Rapport OCDE)<\/p>\n\n\n\n<p><a href=\"https:\/\/fr.africanews.com\/2021\/02\/20\/mali-le-difficile-dialogue-avec-les-djihadistes-radicaux\/\">Mali : le difficile dialogue avec les djihadistes \u00a0\u00bbradicaux\u00a0\u00bb<\/a> &nbsp;(africanews)<a href=\"https:\/\/www.rfi.fr\/fr\/afrique\/20210220-mali-le-plan-d-action-du-premier-ministre-pr%C3%A9sent%C3%A9-devant-le-cnt\"><\/a><\/p>\n\n\n\n<p><a href=\"https:\/\/www.rfi.fr\/fr\/afrique\/20210220-mali-le-plan-d-action-du-premier-ministre-pr%C3%A9sent%C3%A9-devant-le-cnt\">Mali : le plan d\u2019action du Premier ministre pr\u00e9sent\u00e9 devant le CNT <\/a>&nbsp;(RFI)<\/p>\n\n\n\n<p><a href=\"https:\/\/mondafrique.com\/presidentielle-niger-deux-peuples-face-a-face\/\">Pr\u00e9sidentielle Niger : deux peuples face \u00e0 face<\/a> (Mondafrique)<\/p>\n\n\n\n<figure class=\"wp-block-image size-large is-resized\"><img data-recalc-dims=\"1\" loading=\"lazy\" decoding=\"async\" src=\"https:\/\/i0.wp.com\/www.rdpemancipation.org\/wp-content\/uploads\/2021\/02\/Capture-meeting-Ousmane.png?resize=433%2C217&#038;ssl=1\" alt=\"\" class=\"wp-image-16880\" width=\"433\" height=\"217\" srcset=\"https:\/\/i0.wp.com\/www.rdpemancipation.org\/wp-content\/uploads\/2021\/02\/Capture-meeting-Ousmane.png?w=691&amp;ssl=1 691w, https:\/\/i0.wp.com\/www.rdpemancipation.org\/wp-content\/uploads\/2021\/02\/Capture-meeting-Ousmane.png?resize=300%2C151&amp;ssl=1 300w\" sizes=\"auto, (max-width: 433px) 100vw, 433px\" \/><figcaption><sup>Meeting de Ousmane au stade Zinder<\/sup><\/figcaption><\/figure>\n\n\n\n<p><a href=\"https:\/\/www.afriquesenlutte.org\/afrique-de-l-ouest\/cote-d-ivoire\/article\/legislatives-cote-d-ivoire-l-entente-bedie-gbagbo-dans-86-7-des\">L\u00e9gislatives C\u00f4te d\u2019Ivoire, l\u2019entente B\u00e9di\u00e9\/Gbagbo dans 86,7% des circonscriptions&nbsp;!<\/a> (Afriques en lutte et Mondafrique)<\/p>\n\n\n\n<p><a href=\"https:\/\/mondafrique.com\/cote-divoire-200-jours-de-prison-pour-pulcherie-gbalet\/\">C\u00f4te d\u2019Ivoire, 200 jours de prison pour Pulcherie Gbalet<\/a> (Mondafrique)<\/p>\n\n\n\n<p><a href=\"https:\/\/fr.africanews.com\/2021\/02\/20\/nigeria-la-fusillade-de-lekki-crime-encore-impuni\/\">Nigeria : la fusillade de Lekki, crime encore impuni<\/a> (africanews)<\/p>\n\n\n\n<p><a href=\"https:\/\/mondafrique.com\/gabon-le-peuple-dans-la-rue-malgre-une-repression-sanglante\/\">Gabon, le peuple dans la rue malgr\u00e9 une r\u00e9pression sanglante<\/a> (Mondafrique)<\/p>\n\n\n\n<p><strong><span class=\"has-inline-color has-vivid-red-color\">19 f\u00e9vrier en continu<\/span><\/strong><\/p>\n\n\n\n<p><a href=\"https:\/\/mondafrique.com\/afrique-la-lutte-contre-la-corruption-est-a-la-mode\/\">Afrique, la lutte contre la corruption est \u00e0 la mode !<\/a> &nbsp;(Mondafrique)<\/p>\n\n\n\n<p><a href=\"https:\/\/www.boursorama.com\/actualite-economique\/actualites\/au-liberia-la-justice-finlandaise-sur-les-traces-de-l-ange-gabriel-1c57684a158f72332ca43d6752841060\">Au Liberia, la justice finlandaise sur les traces de \u00ab\u00a0L&rsquo;Ange Gabriel\u00a0\u00bb<\/a> &nbsp;(AFP)<\/p>\n\n\n\n<p><a href=\"https:\/\/fr.africanews.com\/2021\/02\/19\/le-premier-ministre-ivoirien-est-en-france-pour-des-raisons-de-sante\/\">Le Premier ministre ivoirien en France pour raisons de sant\u00e9<\/a> &nbsp;(africanews)<\/p>\n\n\n\n<p><a href=\"https:\/\/www.rfi.fr\/fr\/afrique\/20210219-centrafrique-la-minusca-d%C3%A9nonce-des-violations-des-droits-de-l-homme-et-du-droit-international\">Centrafrique : la Minusca d\u00e9nonce des violations des droits de l\u2019homme et du droit international <\/a>&nbsp;(RFI)<\/p>\n\n\n\n<figure class=\"wp-block-image size-large\"><img data-recalc-dims=\"1\" loading=\"lazy\" decoding=\"async\" width=\"349\" height=\"196\" src=\"https:\/\/i0.wp.com\/www.rdpemancipation.org\/wp-content\/uploads\/2021\/02\/image-72.png?resize=349%2C196&#038;ssl=1\" alt=\"\" class=\"wp-image-16726\" srcset=\"https:\/\/i0.wp.com\/www.rdpemancipation.org\/wp-content\/uploads\/2021\/02\/image-72.png?w=349&amp;ssl=1 349w, https:\/\/i0.wp.com\/www.rdpemancipation.org\/wp-content\/uploads\/2021\/02\/image-72.png?resize=300%2C168&amp;ssl=1 300w\" sizes=\"auto, (max-width: 349px) 100vw, 349px\" \/><\/figure>\n\n\n\n<p><a href=\"https:\/\/mondafrique.com\/gabon-le-concert-des-casseroles-reprime-dans-le-sang\/\">Gabon, le concert des casseroles r\u00e9prim\u00e9 dans le sang<\/a> &nbsp;(Mondafrique)<\/p>\n\n\n\n<p><a href=\"https:\/\/fr.africanews.com\/2021\/02\/19\/afrique-du-sud-le-proces-du-secretaire-general-de-l-anc-reporte\/\">Afrique du sud : le proc\u00e8s du secr\u00e9taire g\u00e9n\u00e9ral de l&rsquo;ANC report\u00e9<\/a> &nbsp;(africanews)<\/p>\n\n\n\n<p><a href=\"https:\/\/fr.africanews.com\/2021\/02\/19\/somalie-une-marche-de-l-opposition-dispersee\/\">Somalie : une marche de l&rsquo;opposition dispers\u00e9e par des coups de feu<\/a> &nbsp;(africanews)<\/p>\n\n\n\n<p><a href=\"https:\/\/fr.africanews.com\/2021\/02\/19\/la-barre-des-100-000-morts-franchie-sur-le-continent\/\">Covid-19 : la barre des 100 000 morts franchie sur le continent<\/a> &nbsp;(africanews)<\/p>\n\n\n\n<p><a href=\"https:\/\/www.boursorama.com\/videos\/actualites\/challenge-appafrique-afriqcare-le-doctolib-d-afrique-de-l-ouest-4575d118c4280724617a2e7482d57063\">Challenge AppAfrique : Afriqcare, le Doctolib d&rsquo;Afrique de l&rsquo;Ouest<\/a> &nbsp;(France 24)<\/p>\n\n\n\n<p><strong><span class=\"has-inline-color has-vivid-red-color\">18 f\u00e9vrier <\/span><\/strong><a href=\"https:\/\/www.rfi.fr\/fr\/podcasts\/invit%C3%A9-afrique\/20210218-sommet-du-g5-sahel-pour-niagal%C3%A9-bagayoko-certains-%C3%A9tats-souhaitaient-la-prolongation-de-barkhane\"><\/a><\/p>\n\n\n\n<p><a href=\"https:\/\/mondafrique.com\/sahel-ces-chefs-djihadistes-morts-sans-sepulture\/\">Sahel&nbsp;: Ces chefs djihadistes morts sans s\u00e9pulture&nbsp;<\/a> (Mondafrique)<\/p>\n\n\n\n<figure class=\"wp-block-image size-large\"><img data-recalc-dims=\"1\" loading=\"lazy\" decoding=\"async\" width=\"300\" height=\"200\" src=\"https:\/\/i0.wp.com\/www.rdpemancipation.org\/wp-content\/uploads\/2021\/02\/image-63.png?resize=300%2C200&#038;ssl=1\" alt=\"\" class=\"wp-image-16566\"\/><\/figure>\n\n\n\n<p><a href=\"https:\/\/www.rfi.fr\/fr\/podcasts\/invit%C3%A9-afrique\/20210218-sommet-du-g5-sahel-pour-niagal%C3%A9-bagayoko-certains-%C3%A9tats-souhaitaient-la-prolongation-de-barkhane\">Sommet du G5 Sahel: pour Niagal\u00e9 Bagayoko \u00abcertains \u00c9tats souhaitaient la prolongation de Barkhane\u00bb <\/a>(RFI)<\/p>\n\n\n\n<p><a href=\"https:\/\/www.lemonde.fr\/idees\/article\/2021\/02\/17\/au-sahel-les-limites-du-en-meme-temps-d-emmanuel-macron_6070273_3232.html\">Au Sahel, les limites du \u00ab&nbsp;en m\u00eame temps&nbsp;\u00bb d\u2019Emmanuel Macron <\/a>(Le Monde, Editorial)<\/p>\n\n\n\n<p><a href=\"https:\/\/www.crisisgroup.org\/africa\/sahel\/new-strategy-end-sahels-wars\">A New Strategy to End the Sahel&rsquo;s Wars<\/a> (Crisis Group, en anglais et traduction en fran\u00e7ais)<\/p>\n\n\n\n<figure class=\"wp-block-image size-large is-resized\"><img data-recalc-dims=\"1\" loading=\"lazy\" decoding=\"async\" src=\"https:\/\/i0.wp.com\/www.rdpemancipation.org\/wp-content\/uploads\/2021\/02\/Capture-karkhane-faya-largeau.png?resize=387%2C210&#038;ssl=1\" alt=\"\" class=\"wp-image-16564\" width=\"387\" height=\"210\" srcset=\"https:\/\/i0.wp.com\/www.rdpemancipation.org\/wp-content\/uploads\/2021\/02\/Capture-karkhane-faya-largeau.png?w=664&amp;ssl=1 664w, https:\/\/i0.wp.com\/www.rdpemancipation.org\/wp-content\/uploads\/2021\/02\/Capture-karkhane-faya-largeau.png?resize=300%2C163&amp;ssl=1 300w\" sizes=\"auto, (max-width: 387px) 100vw, 387px\" \/><\/figure>\n\n\n\n<p><a href=\"https:\/\/mondafrique.com\/presidentielles-au-niger-les-allies-se-rebiffent\/\">Pr\u00e9sidentielles au Niger : les alli\u00e9s se rebiffent<\/a> &nbsp;(Mondafrique)<\/p>\n\n\n\n<p><a href=\"https:\/\/fr.africanews.com\/2021\/02\/17\/niger-mahamane-ousmane-lorgne-le-fauteuil-presidentiel\/\">Niger : Mahamane Ousmane lorgne le fauteuil pr\u00e9sidentiel<\/a> &nbsp;(africanews)<\/p>\n\n\n\n<p><a href=\"https:\/\/www.hrw.org\/fr\/news\/2021\/02\/17\/nouvel-enlevement-decoliers-au-nigeria\">Nouvel enl\u00e8vement d&rsquo;\u00e9coliers au Nigeria<\/a> &nbsp;(HRW)<\/p>\n\n\n\n<p><a href=\"https:\/\/fr.africanews.com\/2021\/02\/18\/le-nigeria-sort-plus-tot-que-prevu-de-la-recession\/\">Le Nigeria sort plus t\u00f4t que pr\u00e9vu de la r\u00e9cession<\/a> &nbsp;(africanews)<\/p>\n\n\n\n<p><a href=\"https:\/\/fr.africanews.com\/2021\/02\/18\/rca-patrice-edouard-ngaissona-et-alfred-yekatom-devant-la-cpi\/\">RCA : Patrice-Edouard Nga\u00efssona et Alfred Yekatom devant la CPI<\/a> &nbsp;(africanews)<\/p>\n\n\n\n<p><a href=\"https:\/\/www.rfi.fr\/fr\/afrique\/20210218-rdc-arrestation-de-jacques-mugabo-l-un-des-assassins-pr%C3%A9sum%C3%A9s-de-chebeya-et-bazana\">RDC : arrestation de Jacques Mugabo, l\u2019un des assassins pr\u00e9sum\u00e9s de Chebeya et Bazana <\/a>&nbsp;(RFI)<\/p>\n\n\n\n<p><a href=\"https:\/\/www.hrw.org\/fr\/news\/2021\/02\/17\/entretien-comment-une-chanson-scelle-le-sort-de-lartiste-rwandais-kizito-mihigo\">Entretien : Comment une chanson a scell\u00e9 le sort de l\u2019artiste rwandais Kizito Mihigo<\/a> &nbsp;(HRW)<\/p>\n\n\n\n<p><a href=\"https:\/\/blogs.mediapart.fr\/c-morel-darleux\/blog\/180221\/plonger-dans-la-memoire-dystopique-du-rwanda\">Plonger dans la m\u00e9moire dystopique du Rwanda<\/a> &nbsp;(Blog de C. Morel Darleux)<\/p>\n\n\n\n<p><a href=\"https:\/\/www.rfi.fr\/fr\/afrique\/20210218-rwanda-la-fuite-de-certains-g%C3%A9nocidaires-en-1994-repose-la-question-du-r%C3%B4le-de-la-france\">Rwanda : la fuite de certains g\u00e9nocidaires en 1994 repose la question du r\u00f4le de la France <\/a>&nbsp;&nbsp;(RFI)<\/p>\n\n\n\n<p><a href=\"https:\/\/www.rfi.fr\/fr\/podcasts\/d%C3%A9bat-du-jour\/20210217-pourquoi-la-france-a-t-elle-laiss%C3%A9-fuir-les-g%C3%A9nocidaires-rwandais-en-juillet-1994\">Pourquoi la France a-t-elle laiss\u00e9 fuir les g\u00e9nocidaires rwandais en juillet 1994 ? <\/a>&nbsp;(RFI)<\/p>\n\n\n\n<figure class=\"wp-block-image size-large\"><img data-recalc-dims=\"1\" loading=\"lazy\" decoding=\"async\" width=\"408\" height=\"229\" src=\"https:\/\/i0.wp.com\/www.rdpemancipation.org\/wp-content\/uploads\/2021\/02\/image-62.png?resize=408%2C229&#038;ssl=1\" alt=\"\" class=\"wp-image-16563\" srcset=\"https:\/\/i0.wp.com\/www.rdpemancipation.org\/wp-content\/uploads\/2021\/02\/image-62.png?w=408&amp;ssl=1 408w, https:\/\/i0.wp.com\/www.rdpemancipation.org\/wp-content\/uploads\/2021\/02\/image-62.png?resize=300%2C168&amp;ssl=1 300w\" sizes=\"auto, (max-width: 408px) 100vw, 408px\" \/><figcaption><sup>Des soldats fran\u00e7ais \u00e0 leur arriv\u00e9e pr\u00e8s de Butare, au Rwanda, le 3 juillet 1994<\/sup><br><sup>&nbsp;HOCINE ZAOURAR \/ ARCHIVES \/ AFP<\/sup><\/figcaption><\/figure>\n\n\n\n<p><strong><span class=\"has-inline-color has-vivid-red-color\">17 f\u00e9vrier en continu<\/span><\/strong><\/p>\n\n\n\n<p><a href=\"https:\/\/www.equaltimes.org\/dans-les-champs-de-the-du-kenya\">Dans les champs de th\u00e9 du Kenya, les femmes victimes de la m\u00e9canisation<\/a> (Equal Times)&nbsp;<\/p>\n\n\n\n<p><a href=\"https:\/\/mondafrique.com\/niger-un-nouveau-groupe-arme-sinvite-dans-la-campagne-politique\/\">Niger, un nouveau groupe arm\u00e9 s\u2019invite dans la campagne politique<\/a> &nbsp;(Mondafrique)<\/p>\n\n\n\n<p><a href=\"https:\/\/www.boursorama.com\/videos\/actualites\/centrafrique-deux-ex-chefs-de-milices-juges-a-la-cour-penale-internationale-7c9940c06ea33ca0b226c83f0617f3a4\">Centrafrique : deux ex-chefs de milices jug\u00e9s \u00e0 la Cour p\u00e9nale internationale<\/a> &nbsp;(France 24)<\/p>\n\n\n\n<p><a href=\"https:\/\/www.mediapart.fr\/journal\/international\/170221\/des-groupes-armes-terrorisent-nouveau-la-centrafrique\">Des groupes arm\u00e9s terrorisent \u00e0 nouveau la Centrafrique <\/a>&nbsp;(M\u00e9diapart)<\/p>\n\n\n\n<p><a href=\"https:\/\/www.anti-k.org\/2021\/02\/17\/sommet-du-g5-sahel-macron-se-satisfait-de-lenlisement\/\">Sommet du G5 Sahel : Macron se satisfait de l\u2019enlisement&nbsp;<\/a> (LFI)<\/p>\n\n\n\n<p><a href=\"https:\/\/www.revolutionpermanente.fr\/G5-Sahel-Renforcement-militaire-aides-financieres-Macron-garant-de-l-imperialisme-en-Afrique\">G5 Sahel. Renforcement militaire, aides financi\u00e8res&nbsp;: Macron garant de l\u2019imp\u00e9rialisme en Afrique <\/a>&nbsp;(RP)<\/p>\n\n\n\n<figure class=\"wp-block-image size-large is-resized\"><img data-recalc-dims=\"1\" loading=\"lazy\" decoding=\"async\" src=\"https:\/\/i0.wp.com\/www.rdpemancipation.org\/wp-content\/uploads\/2021\/02\/image-54.png?resize=301%2C226&#038;ssl=1\" alt=\"\" class=\"wp-image-16395\" width=\"301\" height=\"226\" srcset=\"https:\/\/i0.wp.com\/www.rdpemancipation.org\/wp-content\/uploads\/2021\/02\/image-54.png?w=326&amp;ssl=1 326w, https:\/\/i0.wp.com\/www.rdpemancipation.org\/wp-content\/uploads\/2021\/02\/image-54.png?resize=300%2C225&amp;ssl=1 300w\" sizes=\"auto, (max-width: 301px) 100vw, 301px\" \/><\/figure>\n\n\n\n<p><a href=\"https:\/\/www.anti-k.org\/2021\/02\/17\/sommet-du-g5-sahel-macron-se-satisfait-de-lenlisement\/\">Sommet du G5 Sahel : Macron se satisfait de l\u2019enlisement <\/a>&nbsp;(Anti K)<\/p>\n\n\n\n<p><a href=\"https:\/\/www.revolutionpermanente.fr\/Guerre-imperialiste-En-2020-au-Sahel-les-forces-armees-ont-fait-plus-de-morts-que-les-djihadistes\">Guerre imp\u00e9rialiste. En 2020 au Sahel, les forces arm\u00e9es ont fait plus de morts que les djihadistes<\/a> (RP)<\/p>\n\n\n\n<p><a href=\"https:\/\/www.maliweb.net\/societe\/imam-mahmoud-dicko-sur-france-24-il-est-temps-que-le-peuple-malien-prenne-son-destin-en-main-2916818.html\">Imam Mahmoud Dicko sur France 24 : \u00abIl est temps que le peuple malien prenne son destin en main\u00bb<\/a> &nbsp;(Le Wagadu)<\/p>\n\n\n\n<p><a href=\"https:\/\/www.rfi.fr\/fr\/podcasts\/revue-de-presse-afrique\/20210217-%C3%A0-la-une-d%C3%A9capiter-les-groupes-jihadistes-affili%C3%A9s-%C3%A0-al-qa%C3%AFda\">Revue de presse Afrique : \u00ab\u00a0d\u00e9capiter les groupes jihadistes ?<\/a> &nbsp;(RFI)<\/p>\n\n\n\n<p><a href=\"https:\/\/www.maliweb.net\/insecurite\/sommet-du-g-5-sahel-a-ndjamena-macron-affiche-son-paternalisme-2916593.html\">G5 Sahel : Macron affiche son paternalisme<\/a> &nbsp;(Alerte Mali)<\/p>\n\n\n\n<p><a href=\"https:\/\/mondafrique.com\/emmanuel-macron-et-le-mali-de-lobstination-a-lentetement\/\">La France au Sahel, l\u2019histoire d\u2019un fiasco annonc\u00e9<\/a> &nbsp;(Mondafrique)<\/p>\n\n\n\n<p><a href=\"https:\/\/www.lemonde.fr\/afrique\/article\/2021\/02\/15\/au-sahel-la-guerre-est-transformee-en-business_6069969_3212.html\">Au Sahel, \u00ab&nbsp;la guerre est transform\u00e9e en business&nbsp;\u00bb<\/a> (Niagal\u00e9 Bagavoko, Le Monde)<\/p>\n\n\n\n<figure class=\"wp-block-image size-large is-resized\"><img data-recalc-dims=\"1\" loading=\"lazy\" decoding=\"async\" src=\"https:\/\/i0.wp.com\/www.rdpemancipation.org\/wp-content\/uploads\/2021\/02\/Capture-Nord-mali.jpg?resize=481%2C211&#038;ssl=1\" alt=\"\" class=\"wp-image-16393\" width=\"481\" height=\"211\" srcset=\"https:\/\/i0.wp.com\/www.rdpemancipation.org\/wp-content\/uploads\/2021\/02\/Capture-Nord-mali.jpg?w=639&amp;ssl=1 639w, https:\/\/i0.wp.com\/www.rdpemancipation.org\/wp-content\/uploads\/2021\/02\/Capture-Nord-mali.jpg?resize=300%2C132&amp;ssl=1 300w\" sizes=\"auto, (max-width: 481px) 100vw, 481px\" \/><figcaption><sup>Une patrouille de la force \u00ab Barkhane&nbsp;\u00bb \u00e0 M\u00e9naka, dans le nord-est du Mali, en juin 2019.<br>MARIE WOLFROM \/ AFP<\/sup><\/figcaption><\/figure>\n\n\n\n<p><a href=\"https:\/\/www.boursorama.com\/videos\/actualites\/rapt-dans-un-lycee-au-nigeria-42-personnes-enlevees-dont-27-eleves-12106d7345f735465d1b288a8d4c21a5\">Rapt dans un lyc\u00e9e au Nigeria : 42 personnes enlev\u00e9es, dont 27 \u00e9l\u00e8ves<\/a> &nbsp;(France 24)<\/p>\n\n\n\n<p><a href=\"https:\/\/www.boursorama.com\/actualite-economique\/actualites\/tchad-35-morts-dans-des-affrontements-entre-eleveurs-et-cultivateurs-f59362cfc311787ed1239cd8692f6d89\">Tchad: 35 morts dans des affrontements entre \u00e9leveurs et cultivateurs<\/a> &nbsp;(AFP)<\/p>\n\n\n\n<p><a href=\"https:\/\/www.boursorama.com\/videos\/actualites\/epidemie-d-ebola-en-guinee-resurgence-du-virus-apres-5-ans-d-absence-c577b361266bc044ec7cbe80ed044d10\">Epid\u00e9mie d&rsquo;Ebola en Guin\u00e9e : r\u00e9surgence du virus apr\u00e8s 5 ans d&rsquo;absence<\/a> &nbsp;(France 24)<\/p>\n\n\n\n<p><a href=\"https:\/\/www.boursorama.com\/videos\/actualites\/ebola-debut-des-vaccinations-en-republique-democratique-du-congo-4739d0c5a508ce5211e67e724e0fc611\">Ebola : d\u00e9but des vaccinations en R\u00e9publique D\u00e9mocratique du Congo<\/a> (AFP Video)<\/p>\n\n\n\n<p><a href=\"https:\/\/www.boursorama.com\/videos\/actualites\/covid-19-en-afrique-du-sud-la-campagne-de-vaccination-lancee-avec-le-vaccin-johnson-johnson-be00774ce153150a6dc48ae9981e1bf1\">Covid-19 en Afrique du Sud : la campagne de vaccination lanc\u00e9e avec le vaccin Johnson &amp; Johnson<\/a> &nbsp;(France 24)<\/p>\n\n\n\n<p><a href=\"https:\/\/www.boursorama.com\/actualite-economique\/actualites\/dans-le-golfe-de-guinee-les-pirates-se-professionnalisent-d22e82ef56db8043dfb55ac843c45ff1\">Dans le golfe de Guin\u00e9e, les pirates se professionnalisent<\/a> &nbsp;(AFP)<\/p>\n\n\n\n<p><strong><span class=\"has-inline-color has-vivid-red-color\">16 f\u00e9vrier<\/span><\/strong><\/p>\n\n\n\n<p><a href=\"https:\/\/lvsl.fr\/cyber-colonialisme-comment-le-regime-de-techno-surveillance-chinois-simpose-au-zimbabwe\/\">Cyber-colonialisme : comment le r\u00e9gime de techno-surveillance chinois s\u2019impose au Zimbabwe<\/a> (Le Vent Se L\u00e8ve)<\/p>\n\n\n\n<p><a href=\"https:\/\/www.ritimo.org\/Ce-que-le-reste-du-monde-peut-apprendre-des-mouvements-de-protestation\">Ce que le reste du monde peut apprendre des mouvements de protestation africains<\/a> (Ritimo)<\/p>\n\n\n\n<p><a href=\"https:\/\/lejournal.cnrs.fr\/nos-blogs\/covid-19-la-parole-a-la-science\/comment-lafrique-fait-elle-face-a-la-pandemie\">Comment l\u2019Afrique fait-elle face \u00e0 la pand\u00e9mie ?<\/a> (Journal du CNRS)<\/p>\n\n\n\n<p><a href=\"https:\/\/www.boursorama.com\/videos\/actualites\/cpi-centrafrique-debut-du-proces-de-2-ex-chefs-de-milices-anti-balaka-73dab747af736b0ffa8d0eed1de1cbf3\">CPI &#8211; Centrafrique : d\u00e9but du proc\u00e8s de 2 ex-chefs de milices anti-Balaka<\/a> &nbsp;(France 24)<\/p>\n\n\n\n<p><a href=\"https:\/\/blogs.mediapart.fr\/sebastien-nadot\/blog\/140221\/le-togo-la-democratie-sacrifiee-par-une-france-coupable\">Le Togo : la d\u00e9mocratie sacrifi\u00e9e par une France coupable<\/a> (Blog S\u00e9bastien Nadot)<\/p>\n\n\n\n<p><a href=\"https:\/\/intellivoire.net\/travail-des-enfants-en-cote-divoire-des-maliens-poursuivent-7-multinationales-americaines\/\">Des Maliens poursuivent 7 multinationales&nbsp; pour travail des enfants en C\u00f4te d\u2019Ivoire <\/a>(Intellivoire)<\/p>\n\n\n\n<p><a href=\"https:\/\/www.bondyblog.fr\/opinions\/billet-dhumeur\/juppe-mensonges-et-genocide-retour-sur-une-sequence\/\">Jupp\u00e9, mensonges et g\u00e9nocide au Rwanda : retour sur une s\u00e9quence<\/a> (Le Bondy Blog)<\/p>\n\n\n\n<p><a href=\"https:\/\/www.mediapart.fr\/journal\/fil-dactualites\/150221\/rwanda-paris-laisse-partir-les-genocidaires-en-1994-telegramme-officiel\">Rwanda : Paris a laiss\u00e9 partir les g\u00e9nocidaires en 1994 <\/a>&nbsp;(AFP)<\/p>\n\n\n\n<p><a href=\"https:\/\/theconversation.com\/la-deception-des-citoyens-face-aux-nouveaux-pouvoirs-au-mali-et-en-rdc-154180\">La d\u00e9ception des citoyens face aux nouveaux pouvoirs au Mali et en RDC<\/a> (The Conversation)&nbsp;<\/p>\n\n\n\n<p><a href=\"https:\/\/survie.org\/themes\/militaire\/lutte-contre-le-terrorisme\/articleG5%20Sahel%20\u00e0%20N'Djam\u00e9na%20:%20un%20sommet%20dans%20l'impasse\">G5 Sahel \u00e0 N&rsquo;Djam\u00e9na : un sommet dans l&rsquo;impasse<\/a> &nbsp;(Survie)<\/p>\n\n\n\n<figure class=\"wp-block-image size-large is-resized\"><img data-recalc-dims=\"1\" loading=\"lazy\" decoding=\"async\" src=\"https:\/\/i0.wp.com\/www.rdpemancipation.org\/wp-content\/uploads\/2021\/02\/image-51.png?resize=386%2C258&#038;ssl=1\" alt=\"\" class=\"wp-image-16240\" width=\"386\" height=\"258\" srcset=\"https:\/\/i0.wp.com\/www.rdpemancipation.org\/wp-content\/uploads\/2021\/02\/image-51.png?w=467&amp;ssl=1 467w, https:\/\/i0.wp.com\/www.rdpemancipation.org\/wp-content\/uploads\/2021\/02\/image-51.png?resize=300%2C200&amp;ssl=1 300w\" sizes=\"auto, (max-width: 386px) 100vw, 386px\" \/><figcaption><sup>Macron s&rsquo;adresse \u00e0 ses homologues africains par viso-conf\u00e9rence <\/sup><br><sup> (POOLAFP \/ Ludovic MARIN)<\/sup><\/figcaption><\/figure>\n\n\n\n<p><a href=\"https:\/\/www.fidh.org\/fr\/regions\/afrique\/mali\/sahel-en-2020-plus-de-civils-ou-suspects-non-armes-ont-ete-tues-par\">Sahel : En 2020, plus de civils ou suspects non arm\u00e9s tu\u00e9s par des forces de s\u00e9curit\u00e9 que par des groupes extr\u00e9mistes \u00bb<\/a> (FIDH)<\/p>\n\n\n\n<p><a href=\"https:\/\/www.boursorama.com\/actualite-economique\/actualites\/lutte-antijihadiste-le-tchad-envoie-1-200-soldats-dans-la-zone-des-trois-frontieres-725398f1f8fcd3e5dd34cfa1961488bb\">Lutte antijihadiste : le Tchad envoie 1.200 soldats dans la zone des \u00ab\u00a0trois fronti\u00e8res\u00a0\u00bb<\/a> &nbsp;(AFP)<\/p>\n\n\n\n<p><a href=\"https:\/\/www.boursorama.com\/actualite-economique\/actualites\/sahel-macron-maintient-les-effectifs-de-barkhane-veut-decapiter-les-groupes-lies-a-al-qaida-f465153284100796932733ed511707b8\">Sahel : Macron maintient les effectifs de Barkhane, veut \u00ab\u00a0d\u00e9capiter\u00a0\u00bb les groupes li\u00e9s \u00e0 Al-Qa\u00efda<\/a> &nbsp;(AFP)<\/p>\n\n\n\n<p><a href=\"https:\/\/www.boursorama.com\/videos\/actualites\/sahel-pas-de-baisse-dans-l-immediat-des-effectifs-militaires-francais-b85079f4768ed7b925b856c3c2d84a5b\">Sahel : pas de baisse \u00ab\u00a0dans l&rsquo;imm\u00e9diat\u00a0\u00bb des effectifs militaires fran\u00e7ais<\/a> &nbsp;(France 24)<\/p>\n\n\n\n<p><a href=\"https:\/\/www.boursorama.com\/videos\/actualites\/lutte-anti-terrorisme-au-sahel-une-presence-americaine-cruciale-mais-contestee-fdee24ad2266dba7f4d0aa9e379fc779\">Lutte anti-terrorisme au Sahel : une pr\u00e9sence am\u00e9ricaine cruciale mais contest\u00e9e<\/a> &nbsp;(France 24)<\/p>\n\n\n\n<figure class=\"wp-block-image size-large is-resized\"><img data-recalc-dims=\"1\" loading=\"lazy\" decoding=\"async\" src=\"https:\/\/i0.wp.com\/www.rdpemancipation.org\/wp-content\/uploads\/2021\/02\/image-52.png?resize=383%2C255&#038;ssl=1\" alt=\"\" class=\"wp-image-16241\" width=\"383\" height=\"255\" srcset=\"https:\/\/i0.wp.com\/www.rdpemancipation.org\/wp-content\/uploads\/2021\/02\/image-52.png?w=450&amp;ssl=1 450w, https:\/\/i0.wp.com\/www.rdpemancipation.org\/wp-content\/uploads\/2021\/02\/image-52.png?resize=300%2C200&amp;ssl=1 300w\" sizes=\"auto, (max-width: 383px) 100vw, 383px\" \/><\/figure>\n\n\n\n<p><strong><span class=\"has-inline-color has-vivid-red-color\">15 f\u00e9vrier <\/span><\/strong><\/p>\n\n\n\n<p><a href=\"https:\/\/www.boursorama.com\/actualite-economique\/actualites\/lutte-antijihadiste-cinq-pays-du-sahel-et-la-france-en-sommet-725398f1f8fcd3e5dd34cfa1961488bb\">Ouverture du sommet des cinq pays du Sahel et de la France \u00e0 N\u2019Djamena<\/a> (AFP)<\/p>\n\n\n\n<p>&nbsp;<a href=\"https:\/\/www.boursorama.com\/videos\/actualites\/la-question-du-jihadisme-au-sahel-est-avant-tout-politique-1499b55c330db144427564b13b13dee1\">\u00ab\u00a0La question du jihadisme au Sahel est avant tout politique\u00a0\u00bb<\/a>  (France 24)<\/p>\n\n\n\n<p><a href=\"https:\/\/www.mediapart.fr\/journal\/international\/150221\/barkhane-une-operation-dans-l-impasse\">Au Sahel, l\u2019\u00e9chec de la France&nbsp;: Barkhane, une op\u00e9ration dans l\u2019impasse<\/a>  (M\u00e9diapart)<\/p>\n\n\n\n<figure class=\"wp-block-image size-large is-resized\"><img data-recalc-dims=\"1\" loading=\"lazy\" decoding=\"async\" src=\"https:\/\/i0.wp.com\/www.rdpemancipation.org\/wp-content\/uploads\/2021\/02\/image-49.png?resize=389%2C292&#038;ssl=1\" alt=\"\" class=\"wp-image-16104\" width=\"389\" height=\"292\" srcset=\"https:\/\/i0.wp.com\/www.rdpemancipation.org\/wp-content\/uploads\/2021\/02\/image-49.png?w=466&amp;ssl=1 466w, https:\/\/i0.wp.com\/www.rdpemancipation.org\/wp-content\/uploads\/2021\/02\/image-49.png?resize=300%2C225&amp;ssl=1 300w\" sizes=\"auto, (max-width: 389px) 100vw, 389px\" \/><figcaption><sup>Pour faire accepter l\u2019op\u00e9ration Barkhane, il faut faire peur dans les chaumi\u00e8res.  <\/sup><br><sup>C&rsquo;est pourquoi Bernard \u00c9mi\u00e9, directeur g\u00e9n\u00e9ral de la s\u00e9curit\u00e9 ext\u00e9rieure, <\/sup><br><sup>sort de son silence coutumier pour brandir la menace d&rsquo;attentats en France<\/sup><\/figcaption><\/figure>\n\n\n\n<p><a href=\"https:\/\/www.rfi.fr\/fr\/afrique\/20210215-sommet-du-g5-sahel-barkhane-%C3%A0-la-crois%C3%A9e-des-chemins\">Barkhane \u00e0 la crois\u00e9e des chemins<\/a> (RFI)<\/p>\n\n\n\n<p><a href=\"https:\/\/www.rfi.fr\/fr\/afrique\/20210215-sommet-du-g5-sahel-quel-avenir-pour-l-op%C3%A9ration-barkhane\">Sommet du G5 Sahel : quel avenir pour l&rsquo;op\u00e9ration Barkhane ?<\/a> &nbsp;(RFI)<\/p>\n\n\n\n<p><a href=\"https:\/\/www.rfi.fr\/fr\/podcasts\/revue-de-presse-fran%C3%A7aise\/20210215-%C3%A0-la-une-que-faisons-nous-encore-au-mali\">\u00c0 la Une : que faisons-nous encore au Mali ?<\/a> &nbsp;(RFI)<\/p>\n\n\n\n<p><a href=\"https:\/\/www.humanite.fr\/laurent-bigot-au-sahel-laction-des-groupes-armes-et-linsecurite-ne-cessent-de-setendre-700117#xtor=RSS-1\">Laurent Bigot : \u00ab Au Sahel, l\u2019action des groupes arm\u00e9s et l\u2019ins\u00e9curit\u00e9 ne cessent de s\u2019\u00e9tendre \u00bb<\/a>&nbsp; (L\u2019Humanit\u00e9)<\/p>\n\n\n\n<p><a href=\"https:\/\/www.humanite.fr\/afrique-operation-barkhane-la-france-en-plein-syndrome-afghan-700137#xtor=RSS-1\">Afrique. Op\u00e9ration \u00ab Barkhane \u00bb, la France en plein syndrome afghan<\/a> (L\u2019Humanit\u00e9)<\/p>\n\n\n\n<p><a href=\"https:\/\/www.rdpemancipation.org\/?p=13891\">G5 Sahel&nbsp;: Dossier Mali mis \u00e0 jour <\/a>&nbsp;(RdP Emancipation&nbsp;!)<\/p>\n\n\n\n<figure class=\"wp-block-image size-large\"><img data-recalc-dims=\"1\" loading=\"lazy\" decoding=\"async\" width=\"468\" height=\"310\" src=\"https:\/\/i0.wp.com\/www.rdpemancipation.org\/wp-content\/uploads\/2021\/02\/image-48.png?resize=468%2C310&#038;ssl=1\" alt=\"\" class=\"wp-image-16103\" srcset=\"https:\/\/i0.wp.com\/www.rdpemancipation.org\/wp-content\/uploads\/2021\/02\/image-48.png?w=468&amp;ssl=1 468w, https:\/\/i0.wp.com\/www.rdpemancipation.org\/wp-content\/uploads\/2021\/02\/image-48.png?resize=300%2C199&amp;ssl=1 300w\" sizes=\"auto, (max-width: 468px) 100vw, 468px\" \/><\/figure>\n\n\n\n<p><a href=\"http:\/\/t.newsletterext.worldbank.org\/r\/?id=heb8d90d%2C52b8a40%2C52b8bd3&amp;s=95DK-cNTKEKygo8gy4ilfOJ_Mq4dAqvjSrqnRFDdrSc\" target=\"_blank\" rel=\"noreferrer noopener\">Ambition climatique en Afrique, gr\u00e2ce \u00e0 l\u2019action collective<\/a> &nbsp;(Blog Nasikiliza \u2013 Banque mondiale)<\/p>\n\n\n\n<p><a href=\"https:\/\/www.boursorama.com\/actualite-economique\/actualites\/ngozi-okonjo-iweala-premiere-femme-et-premiere-africaine-a-la-tete-de-l-omc-852325766433761cb54c426f6466b141\">Ngozi Okonjo-Iweala, premi\u00e8re femme et premi\u00e8re africaine \u00e0 la t\u00eate de l&rsquo;OMC<\/a> &nbsp;(AFP<\/p>\n\n\n\n<p>&nbsp;<a href=\"https:\/\/www.boursorama.com\/videos\/actualites\/resurgence-du-virus-ebola-8-cas-confirmes-en-3-deces-dans-le-sud-de-la-guinee-cd4036dafd6401688938596d38bb935e\">R\u00e9surgence du Virus Ebola : 8 cas confirm\u00e9s en 3 d\u00e9c\u00e8s dans le sud de la Guin\u00e9e<\/a> &nbsp;(France 24)<\/p>\n\n\n\n<p><strong><span class=\"has-inline-color has-vivid-red-color\">14 f\u00e9vrier en continu<\/span><\/strong><\/p>\n\n\n\n<p><a href=\"https:\/\/www.revolutionpermanente.fr\/Mayotte-Une-semaine-apres-le-reconfinement-la-situation-ne-cesse-d-empirer\">Mayotte&nbsp;: Une semaine apr\u00e8s le reconfinement, la situation ne cesse d\u2019empirer<\/a> (RP)<\/p>\n\n\n\n<p><a href=\"https:\/\/info.mediapart.fr\/optiext\/optiextension.dll?ID=bJIbJMVtY8Hjo_+NIvZtd8xv1dh16UzFnxmMTZB3_rSY84PXiSr2SS9gD_Zo0LFTDakh0+K4cGyhq+lBj9iBOP7NNZwjR\">Le roman mauritanien de la nostalgie nomade<\/a> (MDP)<\/p>\n\n\n\n<p><a href=\"https:\/\/mondafrique.com\/sahel-une-intervention-francaise-mal-couverte-sur-le-plan-legal\/\">Sahel, des accords de d\u00e9fense mal ficel\u00e9s<\/a> &nbsp;(Mondafrique)<\/p>\n\n\n\n<p><a href=\"https:\/\/www.crisisgroup.org\/fr\/africa\/sahel\/299-course-correction-sahel-stabilisation-strategy\">R\u00e9ordonner les strat\u00e9gies de stabilisation du Sahel<\/a> &nbsp;(Crisis Group, en fran\u00e7ais et en anglais)<\/p>\n\n\n\n<p><a href=\"https:\/\/mondafrique.com\/ndjamena-2021-elysee-2022\/\">Sommet N\u2019Djamena (volet 9), le \u00ab&nbsp;candidat&nbsp;\u00bb Macron au pied du mur<\/a> &nbsp;(Mondafrique  et Afrique en lutte du 9 f\u00e9vrier)<\/p>\n\n\n\n<p><a href=\"https:\/\/www.afriquesenlutte.org\/afrique-de-l-ouest\/mali\/article\/mali-farabougou-toujours-encercle-par-les-djihadistes\">Mali&nbsp;: Farabougou toujours encercl\u00e9 par les djihadistes<\/a> &nbsp;(Afriques en lutte et  Mondafrique du 8 f\u00e9vrier)<\/p>\n\n\n\n<figure class=\"wp-block-image size-large is-resized\"><img data-recalc-dims=\"1\" loading=\"lazy\" decoding=\"async\" src=\"https:\/\/i0.wp.com\/www.rdpemancipation.org\/wp-content\/uploads\/2021\/02\/image-43.png?resize=390%2C174&#038;ssl=1\" alt=\"\" class=\"wp-image-15968\" width=\"390\" height=\"174\" srcset=\"https:\/\/i0.wp.com\/www.rdpemancipation.org\/wp-content\/uploads\/2021\/02\/image-43.png?w=517&amp;ssl=1 517w, https:\/\/i0.wp.com\/www.rdpemancipation.org\/wp-content\/uploads\/2021\/02\/image-43.png?resize=300%2C134&amp;ssl=1 300w\" sizes=\"auto, (max-width: 390px) 100vw, 390px\" \/><\/figure>\n\n\n\n<p><a href=\"https:\/\/mondafrique.com\/idriss-deby-recoit-macron-mais-poursuit-la-repression\/\">Idriss D\u00e9by re\u00e7oit Macron mais poursuit la r\u00e9pression<\/a> &nbsp;(Mondafrique)<\/p>\n\n\n\n<p><a href=\"https:\/\/survie.org\/pays\/tchad\/article\/Arrestations%20et%20r\u00e9pression%20au%20Tchad.%20Que%20dit%20la%20France&nbsp;?\">Arrestations et r\u00e9pression au Tchad. Que dit la France&nbsp;?<\/a> &nbsp;(survie.org)<a href=\"https:\/\/www.rfi.fr\/fr\/afrique\/20210213-tchad-une-nouvelle-manifestation-contre-un-6e-mandat-de-d%C3%A9by-r%C3%A9prim%C3%A9e\"><\/a><\/p>\n\n\n\n<p><a href=\"https:\/\/www.rfi.fr\/fr\/afrique\/20210213-tchad-une-nouvelle-manifestation-contre-un-6e-mandat-de-d%C3%A9by-r%C3%A9prim%C3%A9e\">Tchad, une nouvelle manifestation contre un 6e mandat de D\u00e9by r\u00e9prim\u00e9e <\/a>&nbsp;(RFI)<\/p>\n\n\n\n<p><a href=\"https:\/\/fr.africanews.com\/2021\/02\/14\/ebola-reapparait-en-guinee\/\">Ebola r\u00e9appara\u00eet en Guin\u00e9e<\/a> &nbsp;(africanews)<\/p>\n\n\n\n<p><a href=\"https:\/\/mondafrique.com\/legislatives-cote-divoire-lentente-bedie-gbagbo-dans-86-des-circonscriptions\/\">C\u00f4te d\u2019Ivoire, le pr\u00e9sident Ouattara d\u00e9stabilis\u00e9 face \u00e0 l\u2019entente B\u00e9di\u00e9\/Gbagbo !<\/a> &nbsp;(Mondafrique)<\/p>\n\n\n\n<p><a href=\"https:\/\/fr.africanews.com\/2021\/02\/14\/nigeria-la-reouverture-du-peage-de-lekki-revolte-a-lagos\/\">Nig\u00e9ria : la r\u00e9ouverture du p\u00e9age de Lekki r\u00e9volte \u00e0 Lagos<\/a> &nbsp;(africanews)<\/p>\n\n\n\n<p><a href=\"https:\/\/www.mediapart.fr\/journal\/france\/140221\/rwanda-un-document-prouve-l-ordre-de-la-france-de-laisser-s-enfuir-les-genocidaires\">Rwanda, comment la France a laiss\u00e9 fuir les g\u00e9nocidaires<\/a> &nbsp;(M\u00e9diapart)<\/p>\n\n\n\n<p><a href=\"https:\/\/afrique.lalibre.be\/58246\/rdc-lubumbashi-seveille-au-son-des-coups-de-feu\/\">RDC, Lubumbashi s\u2019\u00e9veille au son des coups de feu<\/a> (Marie-France Cros. La Libre)<\/p>\n\n\n\n<p><a href=\"https:\/\/afrique.lalibre.be\/58199\/rdc-greenpeace-appelle-a-lannulation-de-4-contrats-forestiers-illegaux\/\">RDC, Greenpeace appelle \u00e0 l\u2019annulation de 4 contrats forestiers \u00ab&nbsp;ill\u00e9gaux&nbsp;\u00bb<\/a> &nbsp;(La Libre)<\/p>\n\n\n\n<figure class=\"wp-block-image size-large is-resized\"><img data-recalc-dims=\"1\" loading=\"lazy\" decoding=\"async\" src=\"https:\/\/i0.wp.com\/www.rdpemancipation.org\/wp-content\/uploads\/2021\/02\/image-44.png?resize=336%2C336&#038;ssl=1\" alt=\"\" class=\"wp-image-15969\" width=\"336\" height=\"336\" srcset=\"https:\/\/i0.wp.com\/www.rdpemancipation.org\/wp-content\/uploads\/2021\/02\/image-44.png?w=426&amp;ssl=1 426w, https:\/\/i0.wp.com\/www.rdpemancipation.org\/wp-content\/uploads\/2021\/02\/image-44.png?resize=300%2C300&amp;ssl=1 300w, https:\/\/i0.wp.com\/www.rdpemancipation.org\/wp-content\/uploads\/2021\/02\/image-44.png?resize=150%2C150&amp;ssl=1 150w\" sizes=\"auto, (max-width: 336px) 100vw, 336px\" \/><\/figure>\n\n\n\n<p><strong><span class=\"has-inline-color has-vivid-red-color\">13 f\u00e9vrier <\/span><\/strong><\/p>\n\n\n\n<p>&nbsp;<a href=\"https:\/\/www.boursorama.com\/videos\/actualites\/covid-19-en-afrique-du-sud-a-la-recherche-du-variant-dans-le-laboratoire-de-durban-5a39a10d672b1eb87bcf5f5142501a15\">Covid-19 en Afrique du Sud : \u00e0 la recherche du variant dans le laboratoire de Durban<\/a> &nbsp;(France 24)<\/p>\n\n\n\n<p><a href=\"https:\/\/mondafrique.com\/la-grande-panne-de-la-diplomatie-algerienne-en-afrique-subsaharienne\/\">La grande panne de la diplomatie alg\u00e9rienne en Afrique subsaharienne<\/a> &nbsp;(Mondafrique)<\/p>\n\n\n\n<p><a href=\"https:\/\/fr.africanews.com\/2021\/02\/13\/senegal-procedure-contre-l-immunite-parlementaire-d-ousmane-sonko\/\">S\u00e9n\u00e9gal : proc\u00e9dure contre l&rsquo;immunit\u00e9 parlementaire d&rsquo;Ousmane Sonko<\/a> &nbsp;(africanews)<\/p>\n\n\n\n<p><a href=\"https:\/\/fr.africanews.com\/2021\/02\/13\/nigeria-des-manifestants-arretes-au-peage-de-lekki\/\">Nig\u00e9ria : des manifestants arr\u00eat\u00e9s au p\u00e9age de Lekki<\/a> &nbsp;(africanews)<\/p>\n\n\n\n<p><a href=\"https:\/\/www.liberte-algerie.com\/international\/deces-dun-casque-bleu-dans-une-attaque-353933\">Mali, d\u00e9c\u00e8s de l&rsquo;un des 28 Casques bleus togolais bless\u00e9s dans une attaque<\/a> &nbsp;(Libert\u00e9)<\/p>\n\n\n\n<p><a href=\"https:\/\/www.boursorama.com\/videos\/actualites\/mali-on-ne-peut-pas-installer-le-pays-dans-une-guerre-infinie-selon-l-imam-mahmoud-dicko-a5ebdc51ef447a1b68d2bb0f5fb92772\">Mali : \u00ab\u00a0On ne peut pas installer le pays dans une guerre infinie\u00a0\u00bb, selon l&rsquo;imam Mahmoud Dicko<\/a> (France 24)<\/p>\n\n\n\n<p><a href=\"https:\/\/mondafrique.com\/sommet-ndjamena-volet-7-un-statu-quo-intenable\/\">Sommet N\u2019Djamena (volet 7), un statu quo intenable<\/a> &nbsp;(Mondafrique)<\/p>\n\n\n\n<figure class=\"wp-block-image size-large is-resized\"><img data-recalc-dims=\"1\" loading=\"lazy\" decoding=\"async\" src=\"https:\/\/i0.wp.com\/www.rdpemancipation.org\/wp-content\/uploads\/2021\/02\/image-33.png?resize=386%2C165&#038;ssl=1\" alt=\"\" class=\"wp-image-15861\" width=\"386\" height=\"165\" srcset=\"https:\/\/i0.wp.com\/www.rdpemancipation.org\/wp-content\/uploads\/2021\/02\/image-33.png?w=488&amp;ssl=1 488w, https:\/\/i0.wp.com\/www.rdpemancipation.org\/wp-content\/uploads\/2021\/02\/image-33.png?resize=300%2C128&amp;ssl=1 300w\" sizes=\"auto, (max-width: 386px) 100vw, 386px\" \/><\/figure>\n\n\n\n<p><a href=\"https:\/\/www.connectionivoirienne.net\/2021\/02\/07\/golfe-de-guinee-dou-viennent-les-millions-darmes-en-circulation-en-cote-divoire-au-nigeria-au-mali\/\">Golfe de Guin\u00e9e : D\u2019o\u00f9 viennent les millions d\u00b4armes en circulation en C\u00f4te-d\u2019Ivoire, au Nigeria, au Mali\u2026 ?<\/a> &nbsp;(Connection ivoirienne)<\/p>\n\n\n\n<p><a href=\"https:\/\/www.afrik.com\/sahel-mettre-fin-aux-abus-commis-lors-des-operations-de-lutte-contre-le-terrorisme\">Sahel&nbsp;: mettre fin aux abus commis lors des op\u00e9rations de lutte contre le terrorisme<\/a> &nbsp;(Afrik.com et HRW)<\/p>\n\n\n\n<p><a href=\"https:\/\/www.afrik.com\/au-burkina-faso-les-violences-accentuent-la-crise-humanitaire\">Au Burkina Faso, les violences accentuent la crise humanitaire<\/a> &nbsp;(Afrik.com)<\/p>\n\n\n\n<p><a href=\"https:\/\/www.rfi.fr\/fr\/%C3%A9conomie\/20210213-shell-peut-%C3%AAtre-poursuivi-au-royaume-uni-par-des-villageois-nig%C3%A9rians-pour-fuites-de-p%C3%A9trole\">Shell peut \u00eatre poursuivi au Royaume-Uni par des villageois nig\u00e9rians pour fuites de p\u00e9trole <\/a>&nbsp;(RFI)<\/p>\n\n\n\n<figure class=\"wp-block-image size-large is-resized\"><img data-recalc-dims=\"1\" loading=\"lazy\" decoding=\"async\" src=\"https:\/\/i0.wp.com\/www.rdpemancipation.org\/wp-content\/uploads\/2021\/02\/image-31.png?resize=399%2C224&#038;ssl=1\" alt=\"\" class=\"wp-image-15804\" width=\"399\" height=\"224\" srcset=\"https:\/\/i0.wp.com\/www.rdpemancipation.org\/wp-content\/uploads\/2021\/02\/image-31.png?w=605&amp;ssl=1 605w, https:\/\/i0.wp.com\/www.rdpemancipation.org\/wp-content\/uploads\/2021\/02\/image-31.png?resize=300%2C169&amp;ssl=1 300w\" sizes=\"auto, (max-width: 399px) 100vw, 399px\" \/><figcaption><sup>Shell a \u00e9t\u00e9 accus\u00e9e \u00e0 de nombreuses reprises pour pollution dans le Delta du Niger. <\/sup><br><sup>Ici, du feu est d\u00e9clench\u00e9 sur un ol\u00e9oduc de la compagnie. Afolabi Sotunde \/ Reuters<\/sup><\/figcaption><\/figure>\n\n\n\n<p><strong><span class=\"has-inline-color has-vivid-red-color\">12 f\u00e9vrier <\/span><\/strong><\/p>\n\n\n\n<p><a href=\"https:\/\/www.afriquesenlutte.org\/afrique-de-l-est\/kenya\/article\/commemoration-de-nos-camarades-tombes-au-combat-patrice-lumumba-amilcar-cabral\">Comm\u00e9moration de nos camarades tomb\u00e9s au combat&nbsp;: Patrice Lumumba, Amilcar Cabral, Rosa Luxemburg et Titina Silla<\/a> &nbsp;(Afriques en lutte)<\/p>\n\n\n\n<p><a href=\"https:\/\/www.hrw.org\/fr\/news\/2021\/02\/12\/suisse-reprise-du-proces-pour-crimes-de-guerre-au-liberia\">Reprise du proc\u00e8s pour crimes de guerre au Lib\u00e9ria, en Suisse<\/a> &nbsp;(Human Rights Watch)<\/p>\n\n\n\n<p><a href=\"https:\/\/www.agenceecofin.com\/compagnie\/1202-85139-guinee-rio-tinto-s-engage-dans-la-resolution-d-un-conflit-entre-la-cbg-et-les-communautes-locales\">Guin\u00e9e&nbsp;: Rio Tinto s\u2019engage dans la r\u00e9solution d\u2019un conflit entre la CBG et les communaut\u00e9s locales<\/a> &nbsp;(\u00e9cofin)<\/p>\n\n\n\n<p><a href=\"https:\/\/www.agenceecofin.com\/gouvernance\/1202-85142-nigeria-la-justice-ordonne-le-degel-des-avoirs-appartenant-aux-manifestants-du-mouvement-end-sars\">Nigeria&nbsp;: la justice ordonne le d\u00e9gel des avoirs appartenant aux manifestants du mouvement END SARS<\/a> (\u00e9cofin)<\/p>\n\n\n\n<figure class=\"wp-block-image size-large\"><img data-recalc-dims=\"1\" loading=\"lazy\" decoding=\"async\" width=\"355\" height=\"222\" src=\"https:\/\/i0.wp.com\/www.rdpemancipation.org\/wp-content\/uploads\/2021\/02\/image-30.png?resize=355%2C222&#038;ssl=1\" alt=\"\" class=\"wp-image-15770\" srcset=\"https:\/\/i0.wp.com\/www.rdpemancipation.org\/wp-content\/uploads\/2021\/02\/image-30.png?w=355&amp;ssl=1 355w, https:\/\/i0.wp.com\/www.rdpemancipation.org\/wp-content\/uploads\/2021\/02\/image-30.png?resize=300%2C188&amp;ssl=1 300w\" sizes=\"auto, (max-width: 355px) 100vw, 355px\" \/><\/figure>\n\n\n\n<p><a href=\"https:\/\/www.agenceecofin.com\/actualites\/1202-85151-rca-apres-la-levee-du-blocus-visant-la-capitale-le-gouvernement-cherche-a-reconquerir-tout-le-territoire\">Centrafrique&nbsp;: apr\u00e8s la lev\u00e9e du blocus visant la capitale, le gouvernement cherche \u00e0 reconqu\u00e9rir tout le territoire<\/a> (\u00e9cofin)<\/p>\n\n\n\n<p><a href=\"https:\/\/www.rfi.fr\/fr\/afrique\/20210212-m%C3%A9dias-mediapart-relax%C3%A9-en-appel-dans-un-proc%C3%A8s-pour-diffamation-intent%C3%A9-par-bollor%C3%A9\">Cameroun : Mediapart relax\u00e9 en appel dans un proc\u00e8s pour diffamation intent\u00e9 par Bollor\u00e9<\/a> (RFI)<\/p>\n\n\n\n<p><a href=\"https:\/\/www.hrw.org\/fr\/news\/2021\/02\/11\/rd-congo-il-faut-rouvrir-le-dossier-chebeya-bazana\">RD Congo : Il faut rouvrir le dossier Chebeya-Bazana<\/a> &nbsp;(Human Rights Watch)<\/p>\n\n\n\n<p><a href=\"https:\/\/mondafrique.com\/emmanuel-macron-annulle-son-deplacement-a-ndjamena\/\">Le covid justifierait qu\u2019Emmanuel Macron n\u2019aille pas \u00e0 N\u2019Djamena<\/a> &nbsp;(Mondafrique)<\/p>\n\n\n\n<p><a href=\"https:\/\/mondafrique.com\/sommet-ndjamena-volet-6-une-armee-malienne-en-pleine-deconfiture\/\">Sommet N\u2019Djamena (volet 6), une arm\u00e9e malienne en pleine d\u00e9confiture<\/a> &nbsp;(Mondafrique)<\/p>\n\n\n\n<p><a href=\"https:\/\/iaata.info\/Pour-le-retrait-total-des-troupes-francaises-du-Sahel-et-d-Afrique-4631.html\">Pour le retrait total des troupes fran\u00e7aises du Sahel et d\u2019Afrique ! <\/a>(IAATA)<\/p>\n\n\n\n<figure class=\"wp-block-image is-resized is-style-default\"><img data-recalc-dims=\"1\" loading=\"lazy\" decoding=\"async\" src=\"https:\/\/i0.wp.com\/iaata.info\/local\/cache-vignettes\/L300xH200\/arton4631-694e4.jpg?resize=358%2C238&#038;ssl=1\" alt=\"\" width=\"358\" height=\"238\"\/><\/figure>\n\n\n\n<p><a href=\"https:\/\/www.agenceecofin.com\/or\/1102-85105-mali-altus-strategies-met-en-evidence-une-nouvelle-mineralisation-au-projet-aurifere-diba\">Mali&nbsp;: Altus Strategies met en \u00e9vidence une nouvelle min\u00e9ralisation au projet aurif\u00e8re Diba<\/a> &nbsp;(\u00e9cofin)<\/p>\n\n\n\n<p><strong><span class=\"has-inline-color has-vivid-red-color\">11 f\u00e9vrier <\/span><\/strong><\/p>\n\n\n\n<p><a href=\"https:\/\/www.boursorama.com\/videos\/actualites\/cote-d-ivoire-les-negociants-ivoiriens-de-cacao-mobilises-contre-les-multinationales-154daff3b8a4c16c2c26426cb59e77d1\">C\u00f4te d&rsquo;Ivoire : les n\u00e9gociants ivoiriens de cacao mobilis\u00e9s contre les multinationales<\/a> (France 24)<\/p>\n\n\n\n<p><a href=\"http:\/\/www.cadtm.org\/Soutenez-les-Africains-pour-Annuler-la-dette\">Soutenez les Africains pour Annuler la dette&nbsp;!<\/a> (CADTM Afrique, Womin)<\/p>\n\n\n\n<p><a href=\"https:\/\/lanticapitaliste.org\/actualite\/international\/en-finir-avec-la-presence-militaire-francaise-en-afrique\">En finir avec la pr\u00e9sence militaire fran\u00e7aise en Afrique<\/a> (L\u2019Anticapitaliste)<\/p>\n\n\n\n<figure class=\"wp-block-image is-resized is-style-default\"><img data-recalc-dims=\"1\" loading=\"lazy\" decoding=\"async\" src=\"https:\/\/i0.wp.com\/lanticapitaliste.org\/sites\/default\/files\/styles\/largeur_content_hauteur_complet\/public\/sahel-wikimedia-commons.jpg?resize=427%2C283&#038;ssl=1\" alt=\"\" width=\"427\" height=\"283\"\/><\/figure>\n\n\n\n<p><a href=\"http:\/\/www.cadtm.org\/Crise-de-la-dette-au-Sud-global\">Crise de la dette au Sud global<\/a> (CADTM)<\/p>\n\n\n\n<p><a href=\"https:\/\/www.boursorama.com\/actualite-economique\/actualites\/sequencer-le-genome-des-africains-grands-oublies-de-la-genetique-30a2c04de0661c98ea1ce4cd741e2935\">S\u00e9quencer le g\u00e9nome des Africains, grands oubli\u00e9s de la g\u00e9n\u00e9tique<\/a> (AFP)<\/p>\n\n\n\n<p><a href=\"https:\/\/trailer.web-view.net\/Links\/0X6257FB508CA5230D75C051C6AB911276CAE081FCEB58294AE58D483437B923092B0DB63BFCBF8D4E9A842DF758595B2B696957659C266FCB0557BC801A3A9BEC926C9A5D28886A5C.htm\" target=\"_blank\" rel=\"noreferrer noopener\">Quand les agents de Netanyahou infiltrent l&rsquo;Afrique<\/a> (Forum juif) L&rsquo;Afrique vue du Mossad<\/p>\n\n\n\n<p><a href=\"https:\/\/www.afriquesenlutte.org\/afrique-de-l-ouest\/senegal\/article\/tentative-d-elimination-du-leader-de-l-opposition-par-l-autocrate-macky-sall\">S\u00e9n\u00e9gal&nbsp;: Tentative d\u2019\u00e9limination du Leader de l\u2019opposition par l\u2019autocrate Macky Sall<\/a> &nbsp;(Afriques en lutte)<\/p>\n\n\n\n<p><a href=\"https:\/\/www.boursorama.com\/actualite-economique\/actualites\/le-senegal-cherche-a-eteindre-les-derniers-feux-de-la-rebellion-en-casamance-17ae96534e9815e80b738fa0f6c6289b\">Le S\u00e9n\u00e9gal cherche \u00e0 \u00e9teindre les derniers feux de la r\u00e9bellion en Casamance<\/a> &nbsp;(AFP)<\/p>\n\n\n\n<figure class=\"wp-block-image size-large is-resized\"><img data-recalc-dims=\"1\" loading=\"lazy\" decoding=\"async\" src=\"https:\/\/i0.wp.com\/www.rdpemancipation.org\/wp-content\/uploads\/2021\/02\/image-28.png?resize=404%2C269&#038;ssl=1\" alt=\"\" class=\"wp-image-15629\" width=\"404\" height=\"269\" srcset=\"https:\/\/i0.wp.com\/www.rdpemancipation.org\/wp-content\/uploads\/2021\/02\/image-28.png?w=474&amp;ssl=1 474w, https:\/\/i0.wp.com\/www.rdpemancipation.org\/wp-content\/uploads\/2021\/02\/image-28.png?resize=300%2C200&amp;ssl=1 300w\" sizes=\"auto, (max-width: 404px) 100vw, 404px\" \/><figcaption><sup>Un militaire s\u00e9n\u00e9galais sort d&rsquo;un bunker souterrain d&rsquo;une base prise aux rebelles <\/sup><br><sup>du Mouvement des Forces d\u00e9mocratiques de Casamance (MFDC)  le 9 f\u00e9vrier 2021<\/sup><br><sup>(AFP \/ JOHN WESSELS )<\/sup><\/figcaption><\/figure>\n\n\n\n<p><a href=\"https:\/\/www.rfi.fr\/fr\/en-bref\/20210211-emmanuel-macron-ne-se-rendra-finalement-pas-au-tchad-pour-le-g5-sahel\">Emmanuel Macron ne se rendra finalement pas au Tchad pour le G5 Sahel <\/a>&nbsp;(RFI)<\/p>\n\n\n\n<p><a href=\"https:\/\/mondafrique.com\/sommet-ndjanema-5eme-volet-idriss-deby-un-si-bon-petit-soldat\/\">Sommet N\u2019Djamena (5eme volet) Idriss D\u00e9by, un si bon petit soldat<\/a> &nbsp;(Mondafrique)<\/p>\n\n\n\n<p><a href=\"https:\/\/mondafrique.com\/sommet-ndjamena-4eme-volet-lexception-mauritanienne\/\">Sommet N\u2019Djamena (4eme volet), l\u2019exception mauritanienne<\/a> <a>&nbsp;(<\/a>Mondafrique<a>)<\/a><\/p>\n\n\n\n<p><a href=\"https:\/\/fr.africanews.com\/2021\/02\/11\/le-mali-relance-son-processus-de-paix-a-kidal\/\">Le Mali relance son processus de paix \u00e0 Kidal<\/a> &nbsp;(africanews)<\/p>\n\n\n\n<p><a href=\"https:\/\/www.liberte-algerie.com\/international\/une-vingtaine-de-blesses-dans-une-attaque-contre-la-minusma-353884\">Mali, une vingtaine de bless\u00e9s dans une attaque contre la Minusma<\/a> &nbsp;(Libert\u00e9)<\/p>\n\n\n\n<p><a href=\"https:\/\/mondafrique.com\/legislatives-cote-divoire-lentente-bedie-gbagbo-dans-86-des-circonscriptions\/\">L\u00e9gislatives C\u00f4te d\u2019Ivoire, l\u2019entente B\u00e9di\u00e9\/Gbagbo dans 86% des circonscriptions !<\/a> &nbsp;(Mondafrique)<\/p>\n\n\n\n<p><a href=\"https:\/\/www.boursorama.com\/videos\/actualites\/est-de-la-rdc-deterioration-considerable-des-droits-de-l-homme-selon-l-onu-92fbfc9c321ec9aa7bdb10106ef021df\">Est de la RDC, d\u00e9t\u00e9rioration \u00ab\u00a0consid\u00e9rable\u00a0\u00bb des droits de l&rsquo;homme, selon l&rsquo;ONU<\/a> &nbsp;(France 24)<\/p>\n\n\n\n<p><a href=\"https:\/\/www.equaltimes.org\/accord-de-libre-echange\">Accord de libre-\u00e9change continental africain : \u00e0 grandes ambitions, grandes interrogations<\/a>&nbsp;\u2013(Equal Times)<\/p>\n\n\n\n<figure class=\"wp-block-image size-large is-resized\"><img data-recalc-dims=\"1\" loading=\"lazy\" decoding=\"async\" src=\"https:\/\/i0.wp.com\/www.rdpemancipation.org\/wp-content\/uploads\/2021\/02\/echanges-afrique.jpg?resize=395%2C167&#038;ssl=1\" alt=\"\" class=\"wp-image-15628\" width=\"395\" height=\"167\" srcset=\"https:\/\/i0.wp.com\/www.rdpemancipation.org\/wp-content\/uploads\/2021\/02\/echanges-afrique.jpg?resize=1024%2C435&amp;ssl=1 1024w, https:\/\/i0.wp.com\/www.rdpemancipation.org\/wp-content\/uploads\/2021\/02\/echanges-afrique.jpg?resize=300%2C128&amp;ssl=1 300w, https:\/\/i0.wp.com\/www.rdpemancipation.org\/wp-content\/uploads\/2021\/02\/echanges-afrique.jpg?resize=768%2C326&amp;ssl=1 768w, https:\/\/i0.wp.com\/www.rdpemancipation.org\/wp-content\/uploads\/2021\/02\/echanges-afrique.jpg?w=1440&amp;ssl=1 1440w\" sizes=\"auto, (max-width: 395px) 100vw, 395px\" \/><\/figure>\n\n\n\n<p><strong><span class=\"has-inline-color has-vivid-red-color\">10 f\u00e9vrier <\/span><\/strong><\/p>\n\n\n\n<p><a href=\"https:\/\/mondafrique.com\/sommet-ndjamena-volet-3-le-niger-dans-loeil-du-cyclone\/\">Sommet N\u2019Djamena (Volet 3), le Niger dans l\u2019oeil du cyclone<\/a> &nbsp;(Mondafrique)<\/p>\n\n\n\n<p><a href=\"https:\/\/mondafrique.com\/sommet-ndjamena-2-le-burkina-ultime-digue-avant-le-golfe-de-guinee\/\">Sommet N\u2019Djamena (Volet 2), le Burkina, ultime digue avant le Golfe de Guin\u00e9e<\/a> &nbsp;(Mondafrique)<\/p>\n\n\n\n<p><a href=\"https:\/\/mondafrique.com\/sommet-de-ndjamena-1er-volet-le-djihad-defensif-des-groupes-armes\/\">Sommet de N\u2019Djam\u00e9na (1er volet), le \u00ab&nbsp;djihad d\u00e9fensif&nbsp;\u00bb des groupes arm\u00e9s<\/a> &nbsp;(Mondafrique)<\/p>\n\n\n\n<p><a href=\"https:\/\/www.lemonde.fr\/afrique\/article\/2021\/02\/10\/negocier-avec-les-djihadistes-au-burkina-faso-une-option-de-moins-en-moins-taboue_6069462_3212.html\">N\u00e9gocier avec les djihadistes&nbsp;? Au Burkina Faso, une option de moins en moins taboue <\/a>&nbsp;(Le Monde)<\/p>\n\n\n\n<figure class=\"wp-block-image is-resized\"><img data-recalc-dims=\"1\" loading=\"lazy\" decoding=\"async\" src=\"https:\/\/i0.wp.com\/img.lemde.fr\/2021\/02\/10\/0\/0\/3000\/2000\/664\/0\/75\/0\/50caece_159370989-000-1oo75t.jpg?resize=393%2C261&#038;ssl=1\" alt=\"Des soldats burkinab\u00e9s patrouillent pr\u00e8s de Dori (nord-est), le 3\u00a0f\u00e9vrier 2020.\" width=\"393\" height=\"261\"\/><figcaption><sup>Des soldats burkinab\u00e9s patrouillent pr\u00e8s de Dori (nord-est), le 3&nbsp;f\u00e9vrier 2020. <\/sup><br><sup>OLYMPIA DE MAISMONT \/ AFP<\/sup><\/figcaption><\/figure>\n\n\n\n<p>&nbsp;<a href=\"https:\/\/www.boursorama.com\/videos\/actualites\/senegal-l-armee-demantele-des-bases-de-la-rebellion-armee-en-casamance-4feca820f43546d1aa84f6c29be51dd2\">S\u00e9n\u00e9gal, l&rsquo;arm\u00e9e d\u00e9mant\u00e8le des bases de la rebellion arm\u00e9e en Casamance<\/a> (AFP vid\u00e9o)<\/p>\n\n\n\n<p>&nbsp;<a href=\"https:\/\/www.boursorama.com\/videos\/actualites\/mali-le-syndicat-etudiant-aeem-accuse-de-violences-cf6b3aa892979003536b099ddc5c19be\">Mali : le syndicat \u00e9tudiant AEEM accus\u00e9 de violences<\/a> (France 24)<\/p>\n\n\n\n<p>&nbsp;<a href=\"https:\/\/www.boursorama.com\/videos\/actualites\/cote-d-ivoire-les-negociants-ivoiriens-de-cacao-mobilises-contre-les-multinationales-154daff3b8a4c16c2c26426cb59e77d1\">C\u00f4te d&rsquo;Ivoire : les n\u00e9gociants ivoiriens de cacao mobilis\u00e9s contre les multinationales<\/a> (France 24)<\/p>\n\n\n\n<p>&nbsp;<a href=\"https:\/\/www.boursorama.com\/videos\/actualites\/crise-migratoire-en-centrafrique-des-milliers-de-personnes-fuient-les-combats-6d67c1785004e2f865565923a3240a4f\">Crise migratoire en Centrafrique : des milliers de personnes fuient les combats<\/a> (France 24)<\/p>\n\n\n\n<p><a href=\"https:\/\/www.boursorama.com\/videos\/actualites\/assassinat-de-floribert-chebeya-en-rd-congo-deux-policiers-admettent-leur-implication-6b90ba8e3b8efcc44ca13d7806f4855c\">Assassinat de Floribert Chebeya en RD Congo : deux policiers admettent leur implication<\/a>&nbsp; (France 24)<\/p>\n\n\n\n<p><a href=\"https:\/\/www.boursorama.com\/actualite-economique\/actualites\/dans-le-nord-est-du-kenya-le-desespoir-gagne-face-aux-islamistes-shebab-10ac7a87b315215ecf4cda0bec5c43e4\">Dans le nord-est du Kenya, le d\u00e9sespoir gagne face aux islamistes shebab<\/a> (AFP)<\/p>\n\n\n\n<p><a href=\"https:\/\/www.boursorama.com\/actualite-economique\/actualites\/djibouti-confetti-a-haute-valeur-strategique-pour-paris-et-bien-d-autres-a5673a327c3024dc4a3ecc268b05c03b\">Djibouti, confetti \u00e0 haute valeur strat\u00e9gique pour Paris, et bien d&rsquo;autres<\/a> (AFP)<\/p>\n\n\n\n<p><a href=\"https:\/\/www.cadtm.org\/Video-Annuler-la-dette-de-la-RDC\">[Video] Annuler la dette de la RDC <\/a>&nbsp;(CADTM-Entraide et Fraternit\u00e9)<\/p>\n\n\n\n<p><a href=\"https:\/\/www.cadtm.org\/Des%20activistes%20kenyans%20s\u2019interrogent%20sur%20la%20dette\">Des activistes kenyans s\u2019interrogent sur la dette<\/a> &nbsp;(CADTM-R\u00e9seau k\u00e9nyan pour l\u2019abolition de la dette)<\/p>\n\n\n\n<figure class=\"wp-block-image size-large is-resized\"><img data-recalc-dims=\"1\" loading=\"lazy\" decoding=\"async\" src=\"https:\/\/i0.wp.com\/www.rdpemancipation.org\/wp-content\/uploads\/2021\/02\/image-27.png?resize=394%2C190&#038;ssl=1\" alt=\"\" class=\"wp-image-15504\" width=\"394\" height=\"190\" srcset=\"https:\/\/i0.wp.com\/www.rdpemancipation.org\/wp-content\/uploads\/2021\/02\/image-27.png?w=540&amp;ssl=1 540w, https:\/\/i0.wp.com\/www.rdpemancipation.org\/wp-content\/uploads\/2021\/02\/image-27.png?resize=300%2C144&amp;ssl=1 300w\" sizes=\"auto, (max-width: 394px) 100vw, 394px\" \/><\/figure>\n\n\n\n<p><strong><span class=\"has-inline-color has-vivid-red-color\">9 f\u00e9vrier <\/span><\/strong><\/p>\n\n\n\n<p><a href=\"https:\/\/www.afriquesenlutte.org\/communiques-luttes-et-debats\/livres-etudes-debats\/article\/le-candidat-macron-a-la-presidentielle-de-2022-juge-sur-le-sahel\">Le candidat Macron \u00e0 la Pr\u00e9sidentielle de 2022 jug\u00e9 sur le Sahel<\/a> &nbsp;(Afriques en lutte)<\/p>\n\n\n\n<p><a href=\"https:\/\/www.rfi.fr\/fr\/afrique\/20210209-sahel-l-avenir-de-barkhane-en-d%C3%A9bat-ce-mardi-au-s%C3%A9nat-fran%C3%A7ais\">Sahel : l&rsquo;avenir de Barkhane en d\u00e9bat au S\u00e9nat fran\u00e7ais <\/a><a>&nbsp;(RFI)<\/a><\/p>\n\n\n\n<p><a href=\"https:\/\/www.rfi.fr\/fr\/afrique\/20210208-mali-un-nouvel-accord-de-paix-dans-le-centre\">Mali, un nouvel accord de paix dans le centre <\/a>&nbsp;(RFI)<\/p>\n\n\n\n<p><a href=\"https:\/\/www.rfi.fr\/fr\/afrique\/20210209-s%C3%A9n%C3%A9gal-affrontements-entre-la-police-et-les-partisans-d-ousmane-sonko\">S\u00e9n\u00e9gal, affrontements entre la police et les partisans de l&rsquo;opposant Ousmane Sonko <\/a>&nbsp;(RFI)<\/p>\n\n\n\n<figure class=\"wp-block-image is-resized\"><img data-recalc-dims=\"1\" loading=\"lazy\" decoding=\"async\" src=\"https:\/\/i0.wp.com\/s.rfi.fr\/media\/display\/94c17f3e-6a58-11eb-bf05-005056bf87d6\/w%3A980\/p%3A16x9\/Keur%20Gorgui.webp?resize=393%2C221&#038;ssl=1\" alt=\"Les forces de l'ordre tentent de disperser, avec des gaz lacrymog\u00e8nes, les manifestants qui soutiennent l'opposant politique Ousmane Sonko dans le quartier Cit\u00e9 Keur Gorgui, \u00e0 Dakar, le 8 f\u00e9vrier 2021.\" width=\"393\" height=\"221\"\/><figcaption><sup>Les forces de l&rsquo;ordre tentent de disperser les manifestants, \u00e0 Dakar, le 8 f\u00e9vrier. <\/sup><br><sup>Photo Th\u00e9a Ollivier pour RFI<\/sup><\/figcaption><\/figure>\n\n\n\n<p><a href=\"https:\/\/www.amnesty.fr\/liberte-d-expression\/actualitesGuin\u00e9e,%20des%20opposants%20sont%20morts%20en%20d\u00e9tention%20dans%20des%20conditions%20suspectes\">Guin\u00e9e, des opposants sont morts en d\u00e9tention dans des conditions suspectes<\/a> &nbsp;(Amnesty International)<\/p>\n\n\n\n<p><a href=\"https:\/\/www.rfi.fr\/fr\/afrique\/20210209-tchad-14-opposants-en-d%C3%A9tention-apr%C3%A8s-les-manifestations-contre-un-6e-mandat-du-pr%C3%A9sident-d%C3%A9by\">Tchad, 14 opposants en d\u00e9tention apr\u00e8s les manifestations contre un 6e mandat du pr\u00e9sident D\u00e9by <\/a>&nbsp;(RFI)<\/p>\n\n\n\n<p><a href=\"https:\/\/fr.africanews.com\/2021\/02\/09\/nigeria-fin-de-cavale-pour-un-des-responsables-d-un-rapt-d-enfants\/\">Nigeria : reddition d\u2019un des responsables d\u2019un rapt d\u2019enfants<\/a> &nbsp;(africanews)<\/p>\n\n\n\n<p><a href=\"https:\/\/www.mediapart.fr\/journal\/fil-dactualites\/090221\/manifestations-reprimees-au-nigeria-appel-marcher-samedi-pour-reclamer-justice\">Manifestations r\u00e9prim\u00e9es au Nigeria : appel \u00e0 marcher samedi pour r\u00e9clamer justice<\/a> &nbsp;(AFP)<\/p>\n\n\n\n<p><a href=\"https:\/\/afrique.lalibre.be\/58080\/rdc-jai-assiste-a-lassassinat-de-chebeya-et-de-son-chauffeur\/\">RDC : \u00ab&nbsp;J\u2019ai assist\u00e9 \u00e0 l\u2019assassinat de Chebeya et de son chauffeur&nbsp;\u00bb<\/a> &nbsp;(La Libre Afrique)<\/p>\n\n\n\n<figure class=\"wp-block-image size-large is-resized\"><img data-recalc-dims=\"1\" loading=\"lazy\" decoding=\"async\" src=\"https:\/\/i0.wp.com\/www.rdpemancipation.org\/wp-content\/uploads\/2021\/02\/image-24.png?resize=399%2C224&#038;ssl=1\" alt=\"\" class=\"wp-image-15354\" width=\"399\" height=\"224\" srcset=\"https:\/\/i0.wp.com\/www.rdpemancipation.org\/wp-content\/uploads\/2021\/02\/image-24.png?w=310&amp;ssl=1 310w, https:\/\/i0.wp.com\/www.rdpemancipation.org\/wp-content\/uploads\/2021\/02\/image-24.png?resize=300%2C168&amp;ssl=1 300w\" sizes=\"auto, (max-width: 399px) 100vw, 399px\" \/><figcaption><sup>C&rsquo;est \u00e0 Mitendi que se trouve la tombe du d\u00e9fenseur des droits humains Floribert Chebeya.<\/sup><br><sup>&nbsp;\u00a9 RFI\/Sonia Rolley<\/sup><\/figcaption><\/figure>\n\n\n\n<p><a href=\"https:\/\/fr.africanews.com\/2021\/02\/09\/soudan-un-nouveau-gouvernement-pour-amorcer-la-paix\/\">Soudan : un nouveau gouvernement pour amorcer la paix<\/a> &nbsp;(africanews)<\/p>\n\n\n\n<p><a href=\"https:\/\/www.connaissancedesenergies.org\/afp\/mozambique-le-pdg-de-total-estime-que-le-projet-gazier-est-sur-les-rails-210209\">Mozambique&nbsp;: le PDG de Total estime que le grand projet gazier du groupe est \u00ab&nbsp;sur les rails&nbsp;\u00bb pour une production en 2024<\/a> &nbsp;(AFP)<\/p>\n\n\n\n<p><strong><span class=\"has-inline-color has-vivid-red-color\">8 f\u00e9vrier <\/span><\/strong><\/p>\n\n\n\n<p><a href=\"https:\/\/www.boursorama.com\/videos\/actualites\/senegal-heurts-sur-fond-de-plainte-pour-viol-contre-un-leader-d-opposition-883450b5232532f165c06caffcc9e52a\">S\u00e9n\u00e9gal: heurts sur fond de plainte pour viol contre un leader d&rsquo;opposition<\/a> (AFP vid\u00e9o)<\/p>\n\n\n\n<p><a href=\"https:\/\/europe-solidaire.us8.list-manage.com\/track\/click?u=5c732dd5ee65845cf20fd724a&amp;id=1be5ceb55a&amp;e=5df9c98670\">Dans les villes sud-africaines, les fant\u00f4mes de l&rsquo;apartheid<\/a> (ESSF)<\/p>\n\n\n\n<p><a href=\"https:\/\/www.boursorama.com\/videos\/actualites\/ngozi-okonjo-iweala-premiere-femme-et-premiere-africaine-en-route-pour-la-tete-de-l-omc-b6348ad98270c12bccbea88b2b2f6d7a\">Ngozi Okonjo-Iweala, premi\u00e8re femme et premi\u00e8re africaine en route pour la t\u00eate de l&rsquo;OMC<\/a> &nbsp;(France 24)<\/p>\n\n\n\n<p><a href=\"https:\/\/www.boursorama.com\/videos\/actualites\/tensions-en-centrafrique-1er-convoi-d-aide-a-bangui-apres-50-jours-de-blocus-a3cb8e2fc7dca71fad4bd2a35eeeb482\">Centrafrique : 1er convoi d&rsquo;aide \u00e0 Bangui apr\u00e8s 50 jours de blocus<\/a> &nbsp;(France 24)<\/p>\n\n\n\n<p><a href=\"https:\/\/www.boursorama.com\/actualite-economique\/actualites\/au-darfour-de-nouvelles-violences-ravivent-des-vieilles-craintes-7f47e355178942422756088a3d94079b\">Au Darfour, de nouvelles violences ravivent des vieilles craintes<\/a> &nbsp;(AFP)<\/p>\n\n\n\n<figure class=\"wp-block-image size-large is-resized\"><img data-recalc-dims=\"1\" loading=\"lazy\" decoding=\"async\" src=\"https:\/\/i0.wp.com\/www.rdpemancipation.org\/wp-content\/uploads\/2021\/02\/darfour.png?resize=391%2C260&#038;ssl=1\" alt=\"\" class=\"wp-image-15161\" width=\"391\" height=\"260\" srcset=\"https:\/\/i0.wp.com\/www.rdpemancipation.org\/wp-content\/uploads\/2021\/02\/darfour.png?w=760&amp;ssl=1 760w, https:\/\/i0.wp.com\/www.rdpemancipation.org\/wp-content\/uploads\/2021\/02\/darfour.png?resize=300%2C200&amp;ssl=1 300w\" sizes=\"auto, (max-width: 391px) 100vw, 391px\" \/><figcaption><sup>Un habitant de Hamada, village du Darfour-Sud, le 3 f\u00e9vrier 2021<\/sup><br><sup> (AFP \/ ASHRAF SHAZLY) <\/sup><\/figcaption><\/figure>\n\n\n\n<p><a href=\"https:\/\/www.agenceecofin.com\/sante\/0802-84953-deux-mois-apres-la-fin-de-la-derniere-epidemie-le-virus-ebola-est-de-retour-en-rdc\">Deux mois apr\u00e8s la fin de la derni\u00e8re \u00e9pid\u00e9mie, le virus Ebola est de retour en RDC<\/a> &nbsp;(\u00c9cofin)<\/p>\n\n\n\n<p><a href=\"https:\/\/www.boursorama.com\/actualite-economique\/actualites\/on-fait-la-queue-pour-mourir-la-grande-fatigue-des-soignants-sud-africains-07cfe2549ae7ad701f52a066d75a6ea8\">\u00ab\u00a0On fait la queue pour mourir\u00a0\u00bb: la grande fatigue des soignants sud-africains<\/a> (AFP)<\/p>\n\n\n\n<p><a href=\"https:\/\/mondafrique.com\/moussa-mara-plaide-pour-un-mali-multi-ethnique\/\">Moussa Mara plaide pour un Mali multi ethnique<\/a> &nbsp;(Mondafrique)<\/p>\n\n\n\n<p><a href=\"https:\/\/mondafrique.com\/mali-farabougou-toujours-assiegee-par-les-djihadistes\/\">Mali&nbsp;: Farabougou toujours encercl\u00e9 par les djihadistes<\/a> &nbsp;(Mondafrique)<\/p>\n\n\n\n<p><a href=\"https:\/\/www.agenceecofin.com\/or\/0802-84965-mali-barrick-a-depasse-ses-previsions-de-production-d-or-a-loulo-gounkoto-en-2020\">Mali&nbsp;: Barrick a d\u00e9pass\u00e9 ses pr\u00e9visions de production d\u2019or \u00e0 Loulo-Gounkoto en 2020<\/a> <a> <\/a>(\u00c9cofin)<\/p>\n\n\n\n<p><a href=\"https:\/\/www.agenceecofin.com\/or\/0802-84954-mali-les-ressources-auriferes-de-la-mine-d-or-morila-atteignent-2-35-millions-d-onces\">Mali&nbsp;: les ressources aurif\u00e8res de la mine d\u2019or Morila atteignent 2,35 millions d\u2019onces<\/a> &nbsp;(\u00c9cofin)<\/p>\n\n\n\n<figure class=\"wp-block-image size-large is-resized\"><img data-recalc-dims=\"1\" loading=\"lazy\" decoding=\"async\" src=\"https:\/\/i0.wp.com\/www.rdpemancipation.org\/wp-content\/uploads\/2021\/02\/mali-les-ressources-auriferes.jpg?resize=396%2C244&#038;ssl=1\" alt=\"\" class=\"wp-image-15114\" width=\"396\" height=\"244\" srcset=\"https:\/\/i0.wp.com\/www.rdpemancipation.org\/wp-content\/uploads\/2021\/02\/mali-les-ressources-auriferes.jpg?w=450&amp;ssl=1 450w, https:\/\/i0.wp.com\/www.rdpemancipation.org\/wp-content\/uploads\/2021\/02\/mali-les-ressources-auriferes.jpg?resize=300%2C185&amp;ssl=1 300w\" sizes=\"auto, (max-width: 396px) 100vw, 396px\" \/><figcaption><sup>Les richesses mini\u00e8res du Mali suscitent bien des convoitises. <\/sup><br><sup>Contre tout attente, la production d\u2019or a connu, en 2020, <br>une deuxi\u00e8me ann\u00e9e cons\u00e9cutive de hausse, pour atteindre 71,2&nbsp;t .<\/sup><\/figcaption><\/figure>\n\n\n\n<p><strong><span class=\"has-inline-color has-vivid-red-color\">7 f\u00e9vrier <\/span><\/strong><\/p>\n\n\n\n<p><a href=\"https:\/\/fr.africanews.com\/2021\/02\/07\/moussa-faki-mahamat-reelu-a-la-la-commission-de-l-union-africaine\/\">Moussa Faki Mahamat r\u00e9\u00e9lu \u00e0 la t\u00eate de l&rsquo;Union Africaine<\/a> &nbsp;(africanews)<\/p>\n\n\n\n<p><a href=\"https:\/\/fr.africanews.com\/2021\/02\/06\/felix-tshisekedi-accede-a-la-presidence-de-l-union-africaine\/\">F\u00e9lix Tshisekedi acc\u00e8de \u00e0 la pr\u00e9sidence tournante de l&rsquo;Union Africaine<\/a> &nbsp;(africanews)<\/p>\n\n\n\n<p><a href=\"https:\/\/mondafrique.com\/top-depart-pour-le-sprint-du-2e-tour-de-la-presidentielle-au-niger\/\">Pr\u00e9sidentielle Niger, un duel sans merci<\/a> &nbsp;(Mondafrique)<\/p>\n\n\n\n<figure class=\"wp-block-image size-large is-resized\"><img data-recalc-dims=\"1\" loading=\"lazy\" decoding=\"async\" src=\"https:\/\/i0.wp.com\/www.rdpemancipation.org\/wp-content\/uploads\/2021\/02\/Niger-21-fevrier.jpg?resize=346%2C194&#038;ssl=1\" alt=\"\" class=\"wp-image-14999\" width=\"346\" height=\"194\"\/><figcaption><sup>Mohamed Bazoum et Mahamane Ousmane&nbsp;<\/sup><br><\/figcaption><\/figure>\n\n\n\n<p><a href=\"https:\/\/www.rfi.fr\/fr\/afrique\/20210207-b%C3%A9nin-passe-d-armes-politiques-apr%C3%A8s-l-attaque-par-balles-de-l-opposant-ganiou-soglo\">B\u00e9nin, passe d&rsquo;armes politique apr\u00e8s l&rsquo;attaque par balles de l&rsquo;opposant Ganiou Soglo <\/a>&nbsp;(RFI)<\/p>\n\n\n\n<p><a href=\"https:\/\/www.rfi.fr\/fr\/afrique\/20210207-des-manifestations-contre-un-sixi%C3%A8me-mandat-du-pr%C3%A9sident-tchadien-idriss-d%C3%A9by\">Des manifestations contre un sixi\u00e8me mandat du pr\u00e9sident tchadien Idriss D\u00e9by <\/a>&nbsp;(RFI)<\/p>\n\n\n\n<p><a href=\"https:\/\/www.rfi.fr\/fr\/afrique\/20210207-en-centrafrique-c%C3%A9l%C3%A9bration-de-l-accord-de-paix-dans-un-pays-en-guerre\">En Centrafrique, c\u00e9l\u00e9bration de l&rsquo;accord de paix dans un pays \u00aben guerre\u00bb <\/a>&nbsp;(RFI)<\/p>\n\n\n\n<p><a href=\"https:\/\/www.agenceecofin.com\/electricite\/0702-84941-le-soudan-hausse-le-ton-contre-l-ethiopie-a-propos-du-remplissage-du-barrage-de-la-grande-renaissance\" target=\"_blank\" rel=\"noreferrer noopener\">Le Soudan hausse le ton contre l\u2019Ethiopie \u00e0 propos du remplissage du barrage de la Grande Renaissance<\/a> &nbsp;(\u00e9cofin)<\/p>\n\n\n\n<p><a href=\"https:\/\/www.lemonde.fr\/afrique\/article\/2021\/02\/04\/abiy-ahmed-premier-ministre-d-une-ethiopie-entre-guerre-et-paix_6068696_3212.html\">Abiy Ahmed, chef de guerre avec un prix Nobel de la paix<\/a> &nbsp;(Le Monde)<\/p>\n\n\n\n<figure class=\"wp-block-image size-large is-resized\"><img data-recalc-dims=\"1\" loading=\"lazy\" decoding=\"async\" src=\"https:\/\/i0.wp.com\/www.rdpemancipation.org\/wp-content\/uploads\/2021\/02\/Abiy-Ahmed.jpg?resize=392%2C196&#038;ssl=1\" alt=\"\" class=\"wp-image-15000\" width=\"392\" height=\"196\" srcset=\"https:\/\/i0.wp.com\/www.rdpemancipation.org\/wp-content\/uploads\/2021\/02\/Abiy-Ahmed.jpg?w=1024&amp;ssl=1 1024w, https:\/\/i0.wp.com\/www.rdpemancipation.org\/wp-content\/uploads\/2021\/02\/Abiy-Ahmed.jpg?resize=300%2C150&amp;ssl=1 300w, https:\/\/i0.wp.com\/www.rdpemancipation.org\/wp-content\/uploads\/2021\/02\/Abiy-Ahmed.jpg?resize=768%2C384&amp;ssl=1 768w\" sizes=\"auto, (max-width: 392px) 100vw, 392px\" \/><figcaption><sup>Est-ce bien le m\u00eame dirigeant qui, en d\u00e9cembre&nbsp;2019, pronon\u00e7ait <\/sup><br><sup>\u00e0 Oslo son discours de r\u00e9ception du prix Nobel ?&nbsp;<\/sup><br><sup>SIMONA GRANATI \/ CORBIS VIA GETTY IMAGES<\/sup><\/figcaption><\/figure>\n\n\n\n<p><span class=\"has-inline-color has-vivid-red-color\"><strong>6 f\u00e9vrier <\/strong><\/span><\/p>\n\n\n\n<p><a href=\"https:\/\/www.revolutionpermanente.fr\/Mayotte-Reconfinement-pour-3-semaines-consequence-d-une-gestion-coloniale-de-la-crise-sanitaire\">Mayotte. Reconfinement pour 3 semaines, cons\u00e9quence d\u2019une gestion coloniale de la crise sanitaire<\/a> (RP)<\/p>\n\n\n\n<p><a href=\"https:\/\/www.boursorama.com\/actualite-economique\/actualites\/le-tchadien-moussa-faki-reconduit-a-la-tete-de-l-ua-3d3fd1966dfc8e2fc0ff33701e113834\">Le Tchadien Moussa Faki reconduit \u00e0 la t\u00eate de l&rsquo;UA<\/a> (AFP)<\/p>\n\n\n\n<p><a href=\"https:\/\/www.rfi.fr\/fr\/afrique\/20210206-centrafrique-la-prolongation-de-l-%C3%A9tat-d-urgence-suscite-des-inqui%C3%A9tudes\">Centrafrique, la prolongation de l\u2019\u00e9tat d\u2019urgence suscite des inqui\u00e9tudes <\/a>&nbsp;(RFI)<\/p>\n\n\n\n<p><a href=\"https:\/\/www.rfi.fr\/fr\/afrique\/20210205-burkina-faso-les-autorit%C3%A9s-pr%C3%AAtes-%C3%A0-n%C3%A9gocier-avec-les-groupes-jihadistes\">Burkina Faso, les autorit\u00e9s pr\u00eates \u00e0 n\u00e9gocier avec les groupes jihadistes? <\/a>&nbsp;(RFI)<\/p>\n\n\n\n<figure class=\"wp-block-image size-large is-resized\"><img data-recalc-dims=\"1\" loading=\"lazy\" decoding=\"async\" src=\"https:\/\/i0.wp.com\/www.rdpemancipation.org\/wp-content\/uploads\/2021\/02\/mali-journal.jpg?resize=401%2C268&#038;ssl=1\" alt=\"\" class=\"wp-image-14836\" width=\"401\" height=\"268\"\/><\/figure>\n\n\n\n<p><a href=\"https:\/\/www.courrierinternational.com\/article\/bourbier-la-france-doit-elle-quitter-le-mali\"><\/a><a href=\"https:\/\/www.courrierinternational.com\/article\/bourbier-la-france-doit-elle-quitter-le-mali\">Bourbier,&nbsp;La France doit-elle quitter le Mali\u2009? <\/a>&nbsp;(Journal du Mali \u2013 Courrier International)<\/p>\n\n\n\n<p><strong><span class=\"has-inline-color has-vivid-red-color\">5 f\u00e9vrier <\/span><\/strong><\/p>\n\n\n\n<p><a href=\"https:\/\/theconversation.com\/le-mali-peut-il-se-passer-de-loperation-barkhane-153896\">Le Mali peut-il se passer de l\u2019op\u00e9ration Barkhane ?<\/a> (The Conversation)&nbsp;<\/p>\n\n\n\n<p><a href=\"https:\/\/www.saphirnews.com\/Zone-Franche--une-ode-au-panafricanisme-depuis-l-Institut-des-cultures-d-islam_a27807.html\">\u00ab Zone Franche \u00bb, une ode au panafricanisme depuis l&rsquo;Institut des cultures d&rsquo;islam<\/a> (SaphirNews.com)<\/p>\n\n\n\n<p><a href=\"http:\/\/cadtm.org\/Soutenez-les-Africains-pour-Annuler-la-dette\">Soutenez les Africains pour Annuler la dette !<\/a> (CADTM )<\/p>\n\n\n\n<p><a href=\"https:\/\/www.boursorama.com\/actualite-economique\/actualites\/la-voie-libre-pour-la-premiere-femme-africaine-a-la-tete-de-l-omc-516a5cd2e024c7b2b4d95f24cec7027f\">La voie libre pour la premi\u00e8re femme africaine \u00e0 la t\u00eate de l&rsquo;OMC<\/a> (AFP)<\/p>\n\n\n\n<p><a href=\"https:\/\/www.boursorama.com\/videos\/actualites\/pandemie-de-covid-19-en-afrique-recrudescence-des-excisions-en-2020-a53def0b84dd2629230f5090ac50f926\">Pand\u00e9mie de Covid-19 en Afrique : recrudescence des excisions en 2020<\/a> (France 24)<\/p>\n\n\n\n<p><a href=\"https:\/\/www.fidh.org\/fr\/regions\/afrique\/ouganda\/ouganda-dominic-ongwen-condamne-par-la-cpi-pour-un-large-eventail-de\">Ouganda : Dominic Ongwen condamn\u00e9 par la CPI pour un large \u00e9ventail de crimes sexuels et bas\u00e9s sur le genre<\/a> (FIDH)<\/p>\n\n\n\n<p><a href=\"https:\/\/www.boursorama.com\/actualite-economique\/actualites\/nigeria-la-banque-centrale-demande-aux-banques-de-fermer-les-comptes-utilisant-des-cryptomonnaies-15984c96e9f43f914287a0c119bd41ee\">Nigeria: la banque centrale demande aux banques de fermer les comptes utilisant des cryptomonnaies<\/a> (AFP)<\/p>\n\n\n\n<p><a href=\"https:\/\/www.fidh.org\/fr\/regions\/afrique\/ouganda\/ouganda-dominic-ongwen-condamne-par-la-cpi-pour-un-large-eventail-de\">Ouganda : Dominic Ongwen condamn\u00e9 par la CPI pour un large \u00e9ventail de crimes sexuels et bas\u00e9s sur le genre<\/a> (FIDH)<\/p>\n\n\n\n<p><a href=\"https:\/\/www.afriquesenlutte.org\/communiques-luttes-et-debats\/livres-etudes-debats\/article\/le-bilan-calamiteux-des-presidents-africains-socialistes\">Le bilan calamiteux des pr\u00e9sidents africains \u00ab&nbsp;socialistes&nbsp;\u00bb<\/a> &nbsp;(Afrique en lutte)<\/p>\n\n\n\n<p><a href=\"https:\/\/mondafrique.com\/jean-yves-le-drian-dernier-parrain-de-la-francafrique\/\">Jean Yves Le Drian, dernier parrain de la Fran\u00e7afrique<\/a> &nbsp;(Mondafrique)<\/p>\n\n\n\n<p><a href=\"https:\/\/mondafrique.com\/mali-letrange-enlevement-de-deux-victimes-des-frappes-francaises\/\">Mali, l\u2019\u00e9trange enl\u00e8vement de deux victimes des frappes fran\u00e7aises<\/a> &nbsp;(Mondafrique)<\/p>\n\n\n\n<p><a href=\"https:\/\/mondafrique.com\/mali-le-puissant-imam-dicko-tend-la-main-aux-groupes-armes\/\">Mali, le puissant imam Dicko tend la main aux groupes arm\u00e9s<\/a> &nbsp;(Mondafrique)<\/p>\n\n\n\n<p><a href=\"https:\/\/www.rfi.fr\/fr\/afrique\/20210205-mali-critiques-autour-de-la-dissolution-de-la-c%C3%A9ni\">Mali : critiques autour de la dissolution de la Commission \u00e9lectorale nationale ind\u00e9pendante <\/a>&nbsp;(RFI)<\/p>\n\n\n\n<p><a href=\"https:\/\/www.franceinter.frLes%20faux%20comptes%20facebook%20de%20l\u2019arm\u00e9e%20fran\u00e7aise%20au%20Mali%20au%20c\u0153ur%20d\u2019une%20guerre%20d\u2019influence%20entre%20France%20et%20Russie\">Les faux comptes Facebook de l\u2019arm\u00e9e fran\u00e7aise au Mali au c\u0153ur d\u2019une guerre d\u2019influence entre France et Russie<\/a> &nbsp;(France Inter)<\/p>\n\n\n\n<figure class=\"wp-block-image size-large is-resized\"><img data-recalc-dims=\"1\" loading=\"lazy\" decoding=\"async\" src=\"https:\/\/i0.wp.com\/www.rdpemancipation.org\/wp-content\/uploads\/2021\/02\/image-13.png?resize=343%2C343&#038;ssl=1\" alt=\"\" class=\"wp-image-14709\" width=\"343\" height=\"343\" srcset=\"https:\/\/i0.wp.com\/www.rdpemancipation.org\/wp-content\/uploads\/2021\/02\/image-13.png?w=433&amp;ssl=1 433w, https:\/\/i0.wp.com\/www.rdpemancipation.org\/wp-content\/uploads\/2021\/02\/image-13.png?resize=300%2C300&amp;ssl=1 300w, https:\/\/i0.wp.com\/www.rdpemancipation.org\/wp-content\/uploads\/2021\/02\/image-13.png?resize=150%2C150&amp;ssl=1 150w\" sizes=\"auto, (max-width: 343px) 100vw, 343px\" \/><\/figure>\n\n\n\n<p><a href=\"https:\/\/www.hrw.org\/fr\/news\/2021\/02\/04\/cameroun-neuf-civils-tues-dans-une-attaque-perpetree-par-larmee\">Cameroun : Neuf civils tu\u00e9s dans une attaque perp\u00e9tr\u00e9e par l\u2019arm\u00e9e<\/a> &nbsp;(Human Rights Watch)<\/p>\n\n\n\n<p><a href=\"https:\/\/www.hrw.org\/fr\/news\/2021\/02\/03\/les-etats-unis-font-machine-arriere-dans-la-lutte-contre-la-corruption-en-rd-congo\">Les \u00c9tats-Unis font machine arri\u00e8re dans la lutte contre la corruption en RD Congo<\/a> &nbsp;(Human Rights Watch)<\/p>\n\n\n\n<p><a href=\"https:\/\/www.hrw.org\/fr\/news\/2021\/02\/04\/ouganda-premiere-condamnation-par-la-cpi-dun-ex-chef-de-la-lra\">Ouganda : Premi\u00e8re condamnation par la CPI d\u2019un ex-chef de la LRA<\/a> &nbsp;(Human Rights Watch)<\/p>\n\n\n\n<p><a href=\"https:\/\/mondafrique.com\/un-livre-evenement-sur-linternationalisation-inquietante-de-boko-haram\/\">Un livre \u00e9v\u00e9nement sur la dramatique internationalisation de Boko Haram<\/a> &nbsp;(Mondafrique)<\/p>\n\n\n\n<figure class=\"wp-block-image size-large is-resized\"><img data-recalc-dims=\"1\" loading=\"lazy\" decoding=\"async\" src=\"https:\/\/i0.wp.com\/www.rdpemancipation.org\/wp-content\/uploads\/2021\/02\/livre-boko-haram.jpg?resize=431%2C335&#038;ssl=1\" alt=\"\" class=\"wp-image-14710\" width=\"431\" height=\"335\" srcset=\"https:\/\/i0.wp.com\/www.rdpemancipation.org\/wp-content\/uploads\/2021\/02\/livre-boko-haram.jpg?resize=1024%2C798&amp;ssl=1 1024w, https:\/\/i0.wp.com\/www.rdpemancipation.org\/wp-content\/uploads\/2021\/02\/livre-boko-haram.jpg?resize=300%2C234&amp;ssl=1 300w, https:\/\/i0.wp.com\/www.rdpemancipation.org\/wp-content\/uploads\/2021\/02\/livre-boko-haram.jpg?resize=768%2C599&amp;ssl=1 768w, https:\/\/i0.wp.com\/www.rdpemancipation.org\/wp-content\/uploads\/2021\/02\/livre-boko-haram.jpg?resize=1536%2C1197&amp;ssl=1 1536w, https:\/\/i0.wp.com\/www.rdpemancipation.org\/wp-content\/uploads\/2021\/02\/livre-boko-haram.jpg?w=1629&amp;ssl=1 1629w\" sizes=\"auto, (max-width: 431px) 100vw, 431px\" \/><\/figure>\n\n\n\n<p><strong><span class=\"has-inline-color has-vivid-red-color\">4 f\u00e9vrier <\/span><\/strong><\/p>\n\n\n\n<p><a href=\"https:\/\/alencontre.org\/afrique\/soudan\/soudan-apres-la-chute-de-la-dictature-la-longue-marche-des-travailleurs-soudanais.html\">Soudan. Apr\u00e8s la chute de la dictature, la longue marche des travailleurs soudanais <\/a>(Sudan Labour Bulletin)<\/p>\n\n\n\n<p><a href=\"https:\/\/www.bastamag.net\/Qu-est-ce-que-le-privilege-feministe-sud-africaine-Sian-Ferguson-racisme-intersectionnalite\">Qu&rsquo;est ce que le \u00ab privil\u00e8ge \u00bb ? Les explications d&rsquo;une f\u00e9ministe sud-africaine<\/a> (Basta&nbsp;!)<\/p>\n\n\n\n<p><a href=\"https:\/\/www.boursorama.com\/videos\/actualites\/nigeria-maiduguri-privee-d-electricite-apres-des-sabotages-une-catastrophe-pour-les-habitants-60b58a1023999e0d057f4a4c51a7965c\">Nigeria : Maiduguri priv\u00e9e d&rsquo;\u00e9lectricit\u00e9 apr\u00e8s des sabotages, une catastrophe pour les habitants<\/a> (France 24)<\/p>\n\n\n\n<p><a href=\"https:\/\/www.boursorama.com\/videos\/actualites\/mali-10-soldats-tues-dans-l-attaque-jihadiste-la-plus-meurtriere-contre-l-armee-malienne-en-2021-aac83e54c7f1e2be02685135013381f9\">Mali : 10 soldats tu\u00e9s dans l&rsquo;attaque jihadiste la plus meurtri\u00e8re contre l&rsquo;arm\u00e9e malienne en 2021<\/a> (France 24)<\/p>\n\n\n\n<p><a href=\"https:\/\/www.fidh.org\/fr\/regions\/afrique\/mali\/mali-faire-de-la-lutte-contre-l-impunite-une-priorite\">Mali : faire de la lutte contre l&rsquo;impunit\u00e9 une priorit\u00e9<\/a> (FIDH)<\/p>\n\n\n\n<p><a href=\"https:\/\/www.liberte-algerie.com\/international\/12-partis-dopposition-tchadiens-saccordent-sur-une-candidature-unique-353544\">12 partis d&rsquo;opposition tchadiens s&rsquo;accordent sur une candidature unique<\/a> (Libert\u00e9)<\/p>\n\n\n\n<p><a href=\"https:\/\/www.bbc.com\/afrique\/region-55917843\">Ce que vous devez savoir sur ce chef des rebelles lib\u00e9riens en proc\u00e8s en Finlande<\/a> (BBC Afrique)<\/p>\n\n\n\n<p><a href=\"https:\/\/www.bbc.com\/afrique\/region-55844005\">Nig\u00e9ria&nbsp;: \u2018Comment nous avons trouv\u00e9 le butin cach\u00e9 d&rsquo;un leader d\u00e9c\u00e9d\u00e9&rsquo;<\/a> (BBC Afrique)<\/p>\n\n\n\n<p><a href=\"https:\/\/www.bbc.com\/afrique\/sports-55499683\">Quel avenir pour Kabila et les siens en RDC ?<\/a> (BBC Afrique)<\/p>\n\n\n\n<p><a href=\"https:\/\/www.rfi.fr\/fr\/afrique\/20210204-rdc-violences-et-attaques-se-multiplient-dans-l-est-du-pays\">RDC, violences et attaques se multiplient dans l&rsquo;est du pays<\/a> (RFI)<\/p>\n\n\n\n<figure class=\"wp-block-image size-large is-resized\"><img data-recalc-dims=\"1\" loading=\"lazy\" decoding=\"async\" src=\"https:\/\/i0.wp.com\/www.rdpemancipation.org\/wp-content\/uploads\/2021\/02\/image-11.png?resize=390%2C218&#038;ssl=1\" alt=\"\" class=\"wp-image-14603\" width=\"390\" height=\"218\" srcset=\"https:\/\/i0.wp.com\/www.rdpemancipation.org\/wp-content\/uploads\/2021\/02\/image-11.png?w=605&amp;ssl=1 605w, https:\/\/i0.wp.com\/www.rdpemancipation.org\/wp-content\/uploads\/2021\/02\/image-11.png?resize=300%2C169&amp;ssl=1 300w\" sizes=\"auto, (max-width: 390px) 100vw, 390px\" \/><figcaption><sup>Casques bleus de l&rsquo;ONU en patrouille dans la province de l&rsquo;Ituri.&nbsp;\u00a9 AFP<\/sup><\/figcaption><\/figure>\n\n\n\n<p><strong><span class=\"has-inline-color has-vivid-red-color\">3 f\u00e9vrier<\/span><\/strong><\/p>\n\n\n\n<p><a href=\"https:\/\/blogs.mediapart.fr\/fanny-pigeaud\/blog\/260121\/franc-cfa-le-silence-complice-des-progressistes-francais\">Franc CFA, le silence complice des progressistes fran\u00e7ais<\/a> &nbsp;(Blog de Fanny Pigeaud)<\/p>\n\n\n\n<p><a href=\"https:\/\/survie.org\/billets-d-afrique\/2021\/decembre-2020-janvier-2021\/article\/guerre-au-sahel-le-mali-peut-il-negocier-avec-la-france\">Guerre au Sahel&nbsp;: le Mali peut-il n\u00e9gocier avec la France&nbsp;?<\/a>&nbsp; (Survie)<\/p>\n\n\n\n<p><a href=\"https:\/\/mondafrique.com\/mali-la-montee-en-puissance-dyiad-ag-ghali\/\">Mali, la mont\u00e9e en puissance du \u00ab&nbsp;terroriste&nbsp;\u00bb Yiad Ag Ghali<\/a> (Mondafrique)<\/p>\n\n\n\n<p><a href=\"https:\/\/www.lepoint.fr\/afrique\/mali-9-soldats-maliens-tues-dans-une-attaque-dans-le-centre-03-02-2021-2412566_3826.php\">Mali&nbsp;: 9 soldats maliens tu\u00e9s dans une attaque dans le Centre <\/a>&nbsp;(Le Point Afrique)<\/p>\n\n\n\n<p><a href=\"https:\/\/www.rfi.fr\/fr\/afrique\/20210203-mali-les-soutiens-de-l-activiste-ras-bath-demandent-sa-lib%C3%A9ration\">Mali, les soutiens de l&rsquo;activiste Ras Bath demandent sa lib\u00e9ration <\/a> (RFI)<\/p>\n\n\n\n<figure class=\"wp-block-image size-large is-resized\"><img data-recalc-dims=\"1\" loading=\"lazy\" decoding=\"async\" src=\"https:\/\/i0.wp.com\/www.rdpemancipation.org\/wp-content\/uploads\/2021\/02\/image-8.png?resize=392%2C220&#038;ssl=1\" alt=\"\" class=\"wp-image-14466\" width=\"392\" height=\"220\" srcset=\"https:\/\/i0.wp.com\/www.rdpemancipation.org\/wp-content\/uploads\/2021\/02\/image-8.png?w=420&amp;ssl=1 420w, https:\/\/i0.wp.com\/www.rdpemancipation.org\/wp-content\/uploads\/2021\/02\/image-8.png?resize=300%2C169&amp;ssl=1 300w\" sizes=\"auto, (max-width: 392px) 100vw, 392px\" \/><figcaption><sup>L&rsquo;activiste malien Ras Bath  &nbsp;\u00a9 AFP &#8211; MICHELE CATTANI<\/sup><\/figcaption><\/figure>\n\n\n\n<p><a href=\"https:\/\/www.rdpemancipation.org\/wp-admin\/edit.php?post_type=post\"><\/a><\/p>\n\n\n\n<p><a href=\"https:\/\/www.rfi.fr\/fr\/afrique\/20210203-guin%C3%A9e-amnesty-international-demande-une-enqu%C3%AAte-sur-la-mort-de-4-personnes-en-prison\">Guin\u00e9e, Amnesty International demande une enqu\u00eate sur la mort de 4 personnes en prison <\/a>&nbsp;(RFI)<\/p>\n\n\n\n<p><a href=\"https:\/\/fr.africanews.com\/2021\/02\/03\/ouverture-du-proces-de-gibril-massaquoi-ancien-rebelle-sierra-leonais\/\">Ouverture du proc\u00e8s de Gibril Massaquoi, ancien rebelle sierra-l\u00e9onais<\/a> &nbsp;(africanews)<\/p>\n\n\n\n<p><a href=\"https:\/\/afrique.lalibre.be\/57913\/lange-gabriel-juge-en-finlande-pour-des-crimes-de-guerre-au-liberia\/\">\u00ab&nbsp;L\u2019Ange Gabriel&nbsp;\u00bb jug\u00e9 en Finlande pour des crimes de guerre au Liberia<\/a> &nbsp;(La Libre)<\/p>\n\n\n\n<p><a href=\"https:\/\/fr.africanews.com\/2021\/02\/03\/afrique-du-sud-sauvetage-de-masse-de-cormorans\/\">Afrique du Sud : sauvetage de masse de Cormorans<\/a> &nbsp;(africanews)<\/p>\n\n\n\n<p><a href=\"https:\/\/www.agenceecofin.com\/transports\/0102-84717-deux-attaques-de-pirates-au-large-du-golfe-de-guinee-en-une-semaine\">Deux attaques de pirates au large du golfe de Guin\u00e9e en une semaine<\/a> &nbsp;(Ecofin)<\/p>\n\n\n\n<figure class=\"wp-block-image size-large is-resized\"><img data-recalc-dims=\"1\" loading=\"lazy\" decoding=\"async\" src=\"https:\/\/i0.wp.com\/www.rdpemancipation.org\/wp-content\/uploads\/2021\/02\/image-9.png?resize=348%2C234&#038;ssl=1\" alt=\"\" class=\"wp-image-14467\" width=\"348\" height=\"234\" srcset=\"https:\/\/i0.wp.com\/www.rdpemancipation.org\/wp-content\/uploads\/2021\/02\/image-9.png?w=418&amp;ssl=1 418w, https:\/\/i0.wp.com\/www.rdpemancipation.org\/wp-content\/uploads\/2021\/02\/image-9.png?resize=300%2C201&amp;ssl=1 300w\" sizes=\"auto, (max-width: 348px) 100vw, 348px\" \/><\/figure>\n\n\n\n<p><strong><span class=\"has-inline-color has-vivid-red-color\">2 f\u00e9vrier<\/span><\/strong><\/p>\n\n\n\n<p><a href=\"https:\/\/www.hrw.org\/fr\/news\/2021\/02\/01\/onu-le-rwanda-pointe-du-doigt-pour-son-bilan-en-matiere-de-droits-humains\">ONU : Le Rwanda point\u00e9 du doigt pour son bilan en mati\u00e8re de droits humains<\/a>&nbsp; (Human Rights Watch)<\/p>\n\n\n\n<p><a href=\"https:\/\/www.mediapart.fr\/journal\/fil-dactualites\/020221\/gabon-ecrasante-majorite-du-parti-presidentiel-aux-senatoriales\">Gabon, \u00e9crasante majorit\u00e9 du parti pr\u00e9sidentiel aux s\u00e9natoriales<\/a>&nbsp; (AFP)<\/p>\n\n\n\n<p><a href=\"https:\/\/www.rfi.fr\/fr\/afrique\/20210201-congo-brazzaville-parfait-kol%C3%A9las-investi-candidat-pour-la-pr%C3%A9sidentielle\">Congo-Brazzaville : Parfait Kol\u00e9las investi candidat pour la pr\u00e9sidentielle <\/a>&nbsp;(RFI)<\/p>\n\n\n\n<p><a href=\"https:\/\/blogs.mediapart.fr\/christophe-courtin\/blog\/310121\/la-guerre-oubliee-du-cameroun\">La guerre oubli\u00e9e du Cameroun<\/a>&nbsp; (Blog de Christophe Courtin)<\/p>\n\n\n\n<p><a href=\"https:\/\/www.boursorama.com\/actualite-economique\/actualites\/ethiopie-les-refugies-erythreens-victimes-collaterales-du-conflit-au-tigre-399e246eb5c1ff2e2071244a0171fe83\">Ethiopie, les r\u00e9fugi\u00e9s \u00e9rythr\u00e9ens, victimes collat\u00e9rales du conflit au Tigr\u00e9<\/a> &nbsp;(AFP)<\/p>\n\n\n\n<figure class=\"wp-block-image size-large is-resized\"><img data-recalc-dims=\"1\" loading=\"lazy\" decoding=\"async\" src=\"https:\/\/i0.wp.com\/www.rdpemancipation.org\/wp-content\/uploads\/2021\/02\/ethiopie-1-1.png?resize=388%2C258&#038;ssl=1\" alt=\"\" class=\"wp-image-14328\" width=\"388\" height=\"258\" srcset=\"https:\/\/i0.wp.com\/www.rdpemancipation.org\/wp-content\/uploads\/2021\/02\/ethiopie-1-1.png?w=760&amp;ssl=1 760w, https:\/\/i0.wp.com\/www.rdpemancipation.org\/wp-content\/uploads\/2021\/02\/ethiopie-1-1.png?resize=300%2C200&amp;ssl=1 300w\" sizes=\"auto, (max-width: 388px) 100vw, 388px\" \/><figcaption><sup>Des soldats \u00e9thiopiens \u00e0 l&rsquo;entr\u00e9e du camp de r\u00e9fugi\u00e9s \u00e9rythr\u00e9ens<br>de Mai Aini, en Ethiopie, le 30 janvier 2021 ( AFP \/ EDUARDO SOTERAS )<\/sup><\/figcaption><\/figure>\n\n\n\n<p><a href=\"https:\/\/blogs.mediapart.fr\/jacqueline-derens\/blog\/300121\/jacob-zuma-c-corrompus-corrupteurs-enfin-devant-la-justice\">Jacob Zuma &amp; C\u00b0 : corrompus, corrupteurs enfin devant la justice ?<\/a> &nbsp;(Blog de Jacqueline Derens)<\/p>\n\n\n\n<p><a href=\"https:\/\/reporterre.net\/Shell-condamne-a-indemniser-des-fermiers-nigerians\">Shell condamn\u00e9 \u00e0 indemniser des fermiers nig\u00e9rians<\/a> (Reporterre)<\/p>\n\n\n\n<p><a href=\"https:\/\/www.rdpemancipation.org\/?p=13891\">Dossier Mali de la Revue de Presse Emancipation!<\/a><\/p>\n\n\n\n<p><a href=\"https:\/\/www.franceculture.fr\/emissions\/journal-de-8-h\/journal-de-8h-du-mardi-02-fevrier-2021\">Bavure ou bombardement de djihadistes au Mali&nbsp;? France Culture a enqu\u00eat\u00e9<\/a>&nbsp; (Journal de 8h de France Culture)<\/p>\n\n\n\n<p><a href=\"https:\/\/www.francetvinfo.fr\/monde\/afrique\/mali\/jai-entendu-des-explosions-cetait-la-panique-et-jai-decouvert-un-carnage-le-temoignage-d-un-temoin-du-bombardement-francais-a-bounti-au-mali_4279925.html\">&nbsp;\u00ab&nbsp;J\u2019ai d\u00e9couvert un carnage&nbsp;\u00bb&nbsp;: un t\u00e9moin d\u2019un bombardement fran\u00e7ais au Mali raconte<\/a> &nbsp;(France Info)<\/p>\n\n\n\n<p><a href=\"https:\/\/www.franceinter.fr\/emissions\/Un%20carnage,%20deux%20versions&nbsp;:%20t\u00e9moignages%20apr\u00e8s%20les%20frappes%20meurtri\u00e8res%20de%20Bounti,%20au%20Mali21\">Un carnage, deux versions&nbsp;: t\u00e9moignages apr\u00e8s les frappes meurtri\u00e8res de Bounti, au Mali<\/a>&nbsp; (France Inter)<\/p>\n\n\n\n<figure class=\"wp-block-image size-large\"><img data-recalc-dims=\"1\" loading=\"lazy\" decoding=\"async\" width=\"342\" height=\"204\" src=\"https:\/\/i0.wp.com\/www.rdpemancipation.org\/wp-content\/uploads\/2021\/02\/image-7.png?resize=342%2C204&#038;ssl=1\" alt=\"\" class=\"wp-image-14327\" srcset=\"https:\/\/i0.wp.com\/www.rdpemancipation.org\/wp-content\/uploads\/2021\/02\/image-7.png?w=342&amp;ssl=1 342w, https:\/\/i0.wp.com\/www.rdpemancipation.org\/wp-content\/uploads\/2021\/02\/image-7.png?resize=300%2C179&amp;ssl=1 300w\" sizes=\"auto, (max-width: 342px) 100vw, 342px\" \/><figcaption><sup>Abdoulaye, 30 ans, habitant de Bounti (Mali), \u00e9tait pr\u00e9sent le jour des frappes.<\/sup><br><sup> Ce 3 janvier 2021, il a perdu trois fr\u00e8res et un cousin. \u00a9 Radio France \/ Omar Ouahmane<\/sup><\/figcaption><\/figure>\n\n\n\n<p><strong><span class=\"has-inline-color has-vivid-red-color\">1er f\u00e9vrier<\/span><\/strong><\/p>\n\n\n\n<p><a href=\"https:\/\/www.rfi.fr\/fr\/afrique\/20210201-c%C3%B4te-d-ivoire-la-cei-publie-la-liste-des-candidats-aux-l%C3%A9gislatives\">C\u00f4te d&rsquo;Ivoire, la CEI publie la liste des candidats aux l\u00e9gislatives <\/a>&nbsp;(RFI)<\/p>\n\n\n\n<p><a href=\"https:\/\/fr.africanews.com\/2021\/02\/01\/nigeria-les-nouveaux-chefs-militaires-en-chantier\/\">Nigeria : les nouveaux chefs militaires \u00e0 Maiduguri<\/a> &nbsp;(Africanews)<\/p>\n\n\n\n<p><a href=\"https:\/\/fr.africanews.com\/2021\/02\/01\/l-afrique-du-sud-acceuille-ses-premiers-vaccins-contre-la-covid-19\/\">L&rsquo;Afrique du Sud acceuille ses premiers vaccins contre la Covid-19<\/a> (Africanews)<\/p>\n\n\n\n<p><a href=\"https:\/\/fr.africanews.com\/2021\/02\/01\/afrique-du-sud-jacob-zuma-se-soustrait-encore-a-la-justice\/\">Afrique du Sud : Jacob Zuma se soustrait encore \u00e0 la justice<\/a> (Africanews)<\/p>\n\n\n\n<p><a href=\"https:\/\/www.rfi.fr\/fr\/afrique\/20210201-somalie-le-pr%C3%A9sident-farmajo-tente-de-d%C3%A9bloquer-la-crise-politico-%C3%A9lectorale\">Somalie : le pr\u00e9sident Farmajo tente de d\u00e9bloquer la crise politico-\u00e9lectorale <\/a>(RFI)<\/p>\n\n\n\n<p><a href=\"https:\/\/www.rfi.fr\/fr\/en-bref\/20210201-pr%C3%A9sidentielle-en-ouganda-l-opposant-bobi-wine-d%C3%A9pos%C3%A9-un-recours-devant-cour-supr%C3%AAme\">Pr\u00e9sidentielle en Ouganda, l\u2019opposant Bobi Wine a d\u00e9pos\u00e9 un recours devant la Cour supr\u00eame <\/a>(RFI)<\/p>\n\n\n\n<p><a href=\"https:\/\/www.rfi.fr\/fr\/afrique\/20210201-mali-prochaine-r%C3%A9union-du-comit%C3%A9-de-suivi-de-l-accord-d-alger-%C3%A0-kidal\">Mali, prochaine r\u00e9union du Comit\u00e9 de suivi de l&rsquo;accord d&rsquo;Alger \u00e0 Kidal <\/a>(RFI)<\/p>\n\n\n\n<figure class=\"wp-block-image size-large\"><img data-recalc-dims=\"1\" loading=\"lazy\" decoding=\"async\" width=\"490\" height=\"275\" src=\"https:\/\/i0.wp.com\/www.rdpemancipation.org\/wp-content\/uploads\/2021\/02\/image-1.png?resize=490%2C275&#038;ssl=1\" alt=\"\" class=\"wp-image-14126\" srcset=\"https:\/\/i0.wp.com\/www.rdpemancipation.org\/wp-content\/uploads\/2021\/02\/image-1.png?w=490&amp;ssl=1 490w, https:\/\/i0.wp.com\/www.rdpemancipation.org\/wp-content\/uploads\/2021\/02\/image-1.png?resize=300%2C168&amp;ssl=1 300w\" sizes=\"auto, (max-width: 490px) 100vw, 490px\" \/><figcaption><sup>&nbsp;Vue a\u00e9rienne de Kidal o\u00f9 doivent se r\u00e9unir prochainement les parties prenantes de l&rsquo;accord d&rsquo;Alger.&nbsp;<\/sup><br><sup>\u00a9 AFP\/Souleymane Ag Anara<\/sup><\/figcaption><\/figure>\n","protected":false},"excerpt":{"rendered":"<p>28 f\u00e9vrier en continu Mali, une nouvelle attaque djihadiste sign\u00e9e Ag Ghali &nbsp;(La r\u00e9daction de Mondafrique) Mali, le pouvoir de nuisance de Iyad Ag Ghali\u00a0 (Mondafrique) Mali&nbsp;: nouveau report du proc\u00e8s de l\u2019ex-putschiste Amadou Sanogo &nbsp;(Ecofin) Niger, des gendarmes financ\u00e9s par l\u2019Europe ont interpell\u00e9 Hama Amadou &nbsp;(Mondafrique) Tchad, violences au domicile de l\u2019opposant Yaya Dillo &#8230; <a title=\"F\u00e9vrier-Afrique Subsaharienne\" class=\"read-more\" href=\"https:\/\/www.rdpemancipation.org\/?p=13974\" aria-label=\"En savoir plus sur F\u00e9vrier-Afrique Subsaharienne\">Lire la suite<\/a><\/p>\n","protected":false},"author":2,"featured_media":0,"comment_status":"closed","ping_status":"closed","sticky":false,"template":"","format":"standard","meta":{"_lmt_disableupdate":"no","_lmt_disable":"no","_jetpack_memberships_contains_paid_content":false,"footnotes":""},"categories":[19],"tags":[],"class_list":["post-13974","post","type-post","status-publish","format-standard","hentry","category-afrique-subsaharienne"],"modified_by":"nch","jetpack_featured_media_url":"","jetpack_sharing_enabled":true,"_links":{"self":[{"href":"https:\/\/www.rdpemancipation.org\/index.php?rest_route=\/wp\/v2\/posts\/13974","targetHints":{"allow":["GET"]}}],"collection":[{"href":"https:\/\/www.rdpemancipation.org\/index.php?rest_route=\/wp\/v2\/posts"}],"about":[{"href":"https:\/\/www.rdpemancipation.org\/index.php?rest_route=\/wp\/v2\/types\/post"}],"author":[{"embeddable":true,"href":"https:\/\/www.rdpemancipation.org\/index.php?rest_route=\/wp\/v2\/users\/2"}],"replies":[{"embeddable":true,"href":"https:\/\/www.rdpemancipation.org\/index.php?rest_route=%2Fwp%2Fv2%2Fcomments&post=13974"}],"version-history":[{"count":103,"href":"https:\/\/www.rdpemancipation.org\/index.php?rest_route=\/wp\/v2\/posts\/13974\/revisions"}],"predecessor-version":[{"id":18132,"href":"https:\/\/www.rdpemancipation.org\/index.php?rest_route=\/wp\/v2\/posts\/13974\/revisions\/18132"}],"wp:attachment":[{"href":"https:\/\/www.rdpemancipation.org\/index.php?rest_route=%2Fwp%2Fv2%2Fmedia&parent=13974"}],"wp:term":[{"taxonomy":"category","embeddable":true,"href":"https:\/\/www.rdpemancipation.org\/index.php?rest_route=%2Fwp%2Fv2%2Fcategories&post=13974"},{"taxonomy":"post_tag","embeddable":true,"href":"https:\/\/www.rdpemancipation.org\/index.php?rest_route=%2Fwp%2Fv2%2Ftags&post=13974"}],"curies":[{"name":"wp","href":"https:\/\/api.w.org\/{rel}","templated":true}]}}