{"id":13971,"date":"2021-02-01T10:06:43","date_gmt":"2021-02-01T09:06:43","guid":{"rendered":"https:\/\/www.rdpemancipation.org\/?p=13971"},"modified":"2021-03-01T12:24:12","modified_gmt":"2021-03-01T11:24:12","slug":"fevrier-proche-moyen-orient","status":"publish","type":"post","link":"https:\/\/www.rdpemancipation.org\/?p=13971","title":{"rendered":"F\u00e9vrier -Proche &#038; Moyen Orient"},"content":{"rendered":"\n<p class=\"has-vivid-red-color has-text-color\"><strong>28 F\u00e9vrier<\/strong><\/p>\n\n\n\n<p><a href=\"https:\/\/renverse.co\/analyses\/article\/liberte-pour-les-etudiant-e-s-palestinien-ne-s-2937\">Libert\u00e9 pour les \u00e9tudiant.e.s palestinien.ne.s<\/a> (Mutu )<\/p>\n\n\n\n<p><a href=\"https:\/\/www.unioncommunistelibertaire.org\/?_Commission-journal-73_\">Arm\u00e9nie&nbsp;: \u00ab&nbsp;Remplacer le nationalisme par un antimilitarisme lucide&nbsp;\u00bb&nbsp;<\/a> (Alternative Libertaire)<\/p>\n\n\n\n<p><a href=\"https:\/\/www.anti-k.org\/2021\/02\/28\/israel-accuse-dinonder-les-cultures-de-gaza-juste-avant-la-recolte\/\">Isra\u00ebl accus\u00e9 d\u2019inonder les cultures de Gaza juste avant la r\u00e9colte <\/a>(Middleeasteye)<\/p>\n\n\n\n<p><a href=\"https:\/\/www.boursorama.com\/actualite-economique\/actualites\/coronavirus-israel-va-vacciner-les-palestiniens-travaillant-sur-son-sol-e7374662afc67a73ccfe2f7922d28f55\">Coronavirus: Isra\u00ebl va vacciner les Palestiniens travaillant sur son sol<\/a> (Reuters)<\/p>\n\n\n\n<p><a href=\"https:\/\/www.boursorama.com\/actualite-economique\/actualites\/les-rebelles-au-yemen-menacent-l-arabie-saoudite-de-nouvelles-attaques-4e155afedda0ebb3cb22d952eec38fbf\">Les rebelles au Y\u00e9men menacent l&rsquo;Arabie saoudite de nouvelles attaques<\/a> (AFP)<\/p>\n\n\n\n<p><a href=\"https:\/\/orientxxi.info\/lu-vu-entendu\/le-choix-serie-preferee-du-regime-egyptien,3929\">Le Choix \u00bb, s\u00e9rie pr\u00e9f\u00e9r\u00e9e du r\u00e9gime \u00e9gyptien <\/a>(Orient XXI)<\/p>\n\n\n\n<p><a href=\"https:\/\/www.humanite.fr\/meurtre-de-jamal-khashoggi-mohammed-ben-salmane-coupable-mais-pas-responsable-700708#xtor=RSS-1\">Meurtre de Jamal Khashoggi : Mohammed Ben Salmane, coupable mais pas responsable<\/a> (L\u2019Humanit\u00e9)<\/p>\n\n\n\n<p><a href=\"https:\/\/www.francetvinfo.fr\/monde\/proche-orient\/disparition-d-un-journaliste-saoudien\/assassinat-de-jamal-khashoggi-quatre-questions-sur-le-rapport-de-la-cia-qui-accuse-le-prince-heritier-saoudien-mohammed-ben-salmane_4313203.html\">Assassinat de Khashoggi : quatre questions sur le rapport de la CIA qui accuse&nbsp; Mohammed Ben Salmane<\/a> (France Info)<\/p>\n\n\n\n<figure class=\"wp-block-image is-resized is-style-default\"><img data-recalc-dims=\"1\" loading=\"lazy\" decoding=\"async\" src=\"https:\/\/i0.wp.com\/www.francetvinfo.fr\/pictures\/fXp2_Y_vB6jGh5yo68N36XiKnUs\/752x423\/2021\/02\/27\/phpfg9OvH.jpg?resize=404%2C227&#038;ssl=1\" alt=\"Depuis Riyad, en Arabie saoudite, le prince h\u00e9ritier saoudien, Mohammed Ben Salmane participe \u00e0 une conf\u00e9rence \u00e0 distance d'un sommet du G20, le 22 novembre 2020. (BANDAR AL-JALOUD \/ SAUDI ROYAL PALACE\/AFP)\" width=\"404\" height=\"227\"\/><\/figure>\n\n\n\n<p><a href=\"https:\/\/www.boursorama.com\/actualite-economique\/actualites\/yemen-la-bataille-de-marib-fait-rage-au-moins-50-morts-9bd927da3145f0719ec431e51292b222\">Y\u00e9men: la bataille de Marib fait rage, au moins 50 morts<\/a> (AFP)<\/p>\n\n\n\n<p><a href=\"https:\/\/www.boursorama.com\/videos\/actualites\/masrour-barzani-les-tirs-de-roquettes-sur-une-base-d-erbil-sont-une-attaque-terroriste-c813df7264fb37a74285d5350e6ec930\">Masrour Barzani : les tirs de roquettes sur une base d&rsquo;Erbil sont une \u00ab\u00a0attaque terroriste\u00a0\u00bb<\/a> (France&nbsp; 24)<\/p>\n\n\n\n<p><a href=\"https:\/\/www.boursorama.com\/actualite-economique\/actualites\/armenie-le-president-refuse-de-limoger-le-chef-de-l-armee-la-crise-s-aggrave-37a740c3bf193557b453f47a9e52ac71\">Arm\u00e9nie: le pr\u00e9sident refuse de limoger le chef de l&rsquo;arm\u00e9e, la crise s&rsquo;aggrave<\/a> (AFP)<\/p>\n\n\n\n<p><a href=\"https:\/\/orientxxi.info\/lu-vu-entendu\/le-bureau-des-legendes-miroir-repoussant-du-monde-arabe,4028\">Le Bureau des l\u00e9gendes \u00bb, miroir repoussant du monde arabe&nbsp;<\/a> (Orient XXI)<\/p>\n\n\n\n<p class=\"has-vivid-red-color has-text-color\"><strong>27 F\u00e9vrier <\/strong><\/p>\n\n\n\n<p><a href=\"https:\/\/www.boursorama.com\/actualite-economique\/actualites\/meurtre-de-khashoggi-washington-accuse-le-prince-saoudien-mais-ne-le-sanctionne-pas-ec75c5400b5a8133166fd9b242783e3a\">Meurtre de Khashoggi: Washington accuse le prince saoudien, mais ne le sanctionne pas<\/a> (AFP)<\/p>\n\n\n\n<p><a href=\"https:\/\/www.boursorama.com\/actualite-economique\/actualites\/raids-americain-en-signe-d-avertissement-contre-des-milices-pro-iran-en-syrie-521df5bd09042bd882bb30622ce1bfdf\">Raids am\u00e9ricain en signe d&rsquo;avertissement contre des milices pro-Iran en Syrie<\/a> (AFP)<\/p>\n\n\n\n<p><a href=\"https:\/\/www.boursorama.com\/actualite-economique\/actualites\/au-yemen-plus-60-morts-dans-des-combats-acharnes-entre-rebelles-et-loyalistes-eda7c27c01fedfafcfa75070a119b430\">Au Y\u00e9men, plus 60 morts dans des combats acharn\u00e9s entre rebelles et loyalistes<\/a> (AFP)<\/p>\n\n\n\n<p><a href=\"http:\/\/frances.prensa-latina.cu\/index.php?option=com_content&amp;view=article&amp;id=885734:lonu-demande-a-israel-de-mettre-fin-aux-demolitions-de-logements-palestiniens&amp;opcion=pl-ver-noticia&amp;catid=59&amp;Itemid=101\">L\u2019ONU demande \u00e0 Isra\u00ebl de mettre fin aux d\u00e9molitions de logements palestiniens<\/a> (Prensa Latina)<\/p>\n\n\n\n<p><a href=\"https:\/\/orientxxi.info\/lu-vu-entendu\/teheran-la-serie-israelienne-occulte-l-histoire-des-juifs-iraniens,4252\">\u00ab T\u00e9h\u00e9ran \u00bb. La s\u00e9rie isra\u00e9lienne occulte l\u2019histoire des juifs iraniens <\/a>(Orient XXI)<\/p>\n\n\n\n<figure class=\"wp-block-image size-large is-resized is-style-default\"><img data-recalc-dims=\"1\" loading=\"lazy\" decoding=\"async\" src=\"https:\/\/i0.wp.com\/www.rdpemancipation.org\/wp-content\/uploads\/2021\/02\/f559d5212e43511cbcf5640752f9c55f-760x344-1.jpg?resize=401%2C181&#038;ssl=1\" alt=\"\" class=\"wp-image-17885\" width=\"401\" height=\"181\" srcset=\"https:\/\/i0.wp.com\/www.rdpemancipation.org\/wp-content\/uploads\/2021\/02\/f559d5212e43511cbcf5640752f9c55f-760x344-1.jpg?w=760&amp;ssl=1 760w, https:\/\/i0.wp.com\/www.rdpemancipation.org\/wp-content\/uploads\/2021\/02\/f559d5212e43511cbcf5640752f9c55f-760x344-1.jpg?resize=300%2C136&amp;ssl=1 300w\" sizes=\"auto, (max-width: 401px) 100vw, 401px\" \/><\/figure>\n\n\n\n<p class=\"has-vivid-red-color has-text-color\"><strong>26 F\u00e9vrier<\/strong><\/p>\n\n\n\n<p><a href=\"https:\/\/www.boursorama.com\/actualite-economique\/actualites\/des-milliers-de-manifestants-d-opposition-de-nouveau-dans-la-rue-en-armenie-8c27a59ba5e9650dc6d95e0d52ff1c16\">Des milliers de manifestants d&rsquo;opposition de nouveau dans la rue en Arm\u00e9nie<\/a> (AFP)<\/p>\n\n\n\n<p><a href=\"https:\/\/www.boursorama.com\/videos\/actualites\/egypte-dix-ans-apres-la-victoire-de-la-contre-revolution-0db78bfd0bd9c0ad37f5923be8b5874f\">\u00c9gypte&nbsp;: dix ans apr\u00e8s, la victoire de la contre-r\u00e9volution<\/a> (France 24)<\/p>\n\n\n\n<p><a href=\"https:\/\/www.boursorama.com\/videos\/actualites\/monarchies-du-golfe-la-revolution-silencieuse-des-femmes-actives-c9fa33e49b46861d2870c2b75b4a2290\">Monarchies du Golfe&nbsp;: la r\u00e9volution silencieuse des femmes actives<\/a> (France 24)<\/p>\n\n\n\n<p><a href=\"https:\/\/www.boursorama.com\/videos\/actualites\/frappes-americaines-en-syrie-22-miliciens-pro-iran-tues-selon-une-ong-84613d7ee02031ec61f1df8383f89589\">Frappes am\u00e9ricaines en Syrie : 22 miliciens pro-Iran tu\u00e9s selon une ONG<\/a> (France 24)<\/p>\n\n\n\n<p><a href=\"https:\/\/orientxxi.info\/lu-vu-entendu\/bir-baskadir-en-turquie-le-secularisme-comme-paravent-des-inegalites,4533\">Bir Ba\u015fkad\u0131r \u00bb. En Turquie, le s\u00e9cularisme comme paravent des in\u00e9galit\u00e9s <\/a>&nbsp;(Orient XXI)<\/p>\n\n\n\n<p><a href=\"https:\/\/www.boursorama.com\/actualite-economique\/actualites\/le-premier-ministre-denonce-une-tentative-de-putsch-les-armeniens-dans-la-rue-bd79037f7cb1143688a2c6dc9bf0c8eb\">Le Premier ministre d\u00e9nonce une tentative de putsch, les Arm\u00e9niens dans la rue<\/a> (AFP)<\/p>\n\n\n\n<p><a href=\"https:\/\/orientxxi.info\/va-comprendre\/pourquoi-chypre-reste-t-elle-divisee,4334\">Pourquoi Chypre reste-t-elle divis\u00e9e&nbsp;?<\/a> (Orient XXI)<\/p>\n\n\n\n<p><a href=\"https:\/\/orientxxi.info\/va-comprendre\/la-turquie-a-t-elle-ete-laique,4414\">La Turquie a-t-elle \u00e9t\u00e9 la\u00efque&nbsp;?<\/a> (Orient XXI)<\/p>\n\n\n\n<figure class=\"wp-block-image size-large is-resized is-style-default\"><img data-recalc-dims=\"1\" loading=\"lazy\" decoding=\"async\" src=\"https:\/\/i0.wp.com\/www.rdpemancipation.org\/wp-content\/uploads\/2021\/02\/07a75f3dc2fe74337fac24ae1ce31c23.jpg?resize=403%2C226&#038;ssl=1\" alt=\"\" class=\"wp-image-17721\" width=\"403\" height=\"226\" srcset=\"https:\/\/i0.wp.com\/www.rdpemancipation.org\/wp-content\/uploads\/2021\/02\/07a75f3dc2fe74337fac24ae1ce31c23.jpg?resize=1024%2C577&amp;ssl=1 1024w, https:\/\/i0.wp.com\/www.rdpemancipation.org\/wp-content\/uploads\/2021\/02\/07a75f3dc2fe74337fac24ae1ce31c23.jpg?resize=300%2C169&amp;ssl=1 300w, https:\/\/i0.wp.com\/www.rdpemancipation.org\/wp-content\/uploads\/2021\/02\/07a75f3dc2fe74337fac24ae1ce31c23.jpg?resize=768%2C433&amp;ssl=1 768w, https:\/\/i0.wp.com\/www.rdpemancipation.org\/wp-content\/uploads\/2021\/02\/07a75f3dc2fe74337fac24ae1ce31c23.jpg?w=1090&amp;ssl=1 1090w\" sizes=\"auto, (max-width: 403px) 100vw, 403px\" \/><\/figure>\n\n\n\n<p class=\"has-vivid-red-color has-text-color\"><strong>25 F\u00e9vrier en continu<\/strong><br><\/p>\n\n\n\n<p><a href=\"https:\/\/orientxxi.info\/magazine\/syrie-le-service-militaire-continue-de-pousser-a-l-exil,4534\">Ces Syriens qui fuient le service militaire<\/a> (Orient XXI)<\/p>\n\n\n\n<p><a href=\"https:\/\/reflets.info\/articles\/liban-l-effondrement-d-un-etat\">Liban : l&rsquo;effondrement d&rsquo;un \u00c9tat ?<\/a> (Reflets.info)&nbsp;<\/p>\n\n\n\n<p><a href=\"https:\/\/www.chroniquepalestine.com\/etat-francais-est-il-en-lien-avec-le-mossad\/?utm_source=rss&amp;utm_medium=rss&amp;utm_campaign=etat-francais-est-il-en-lien-avec-le-mossad\">L\u2019\u00c9tat fran\u00e7ais est-il en lien avec le Mossad&nbsp;?<\/a> (Chronique de Palestine)<\/p>\n\n\n\n<p><a href=\"http:\/\/www.contretemps.eu\/revoltes-arabes-histoire-monde-arabe-entretien-corm\/\">Les r\u00e9voltes arabes de 2011 au fil de l\u2019histoire. Entretien avec Georges Corm<\/a> (Contretemps)&nbsp;<\/p>\n\n\n\n<p><a href=\"https:\/\/www.boursorama.com\/videos\/actualites\/affaire-khashoggi-un-rapport-americain-sur-le-mort-du-journaliste-pourrait-mettre-en-cause-mbs-cab88b6249da1898cd8f3b1fe06a8699\">Affaire Khashoggi : un rapport am\u00e9ricain sur le mort du journaliste pourrait mettre en cause \u00ab\u00a0MbS\u00a0\u00bb<\/a><br>(France 24)<\/p>\n\n\n\n<p><a href=\"https:\/\/www.boursorama.com\/videos\/actualites\/iran-la-france-tres-preoccupee-pour-nasrin-sotoudeh-demande-la-liberation-de-fariba-adelkhah-cb5b93a15f74b1bceb86d24a69fb0a9d\">Iran: la France tr\u00e8s \u00ab\u00a0pr\u00e9occup\u00e9e\u00a0\u00bb pour Nasrin Sotoudeh, demande la lib\u00e9ration de Fariba Adelkhah<\/a> (AFP vid\u00e9o)<\/p>\n\n\n\n<p><a href=\"https:\/\/www.boursorama.com\/videos\/actualites\/crise-politique-en-armenie-pachinian-denonce-un-coup-d-etat-et-limoge-le-chef-des-forces-armees-b2bf4a6cf2f3e9359be2ed532572e17e\">Crise politique en Arm\u00e9nie : Pachinian d\u00e9nonce un coup d&rsquo;Etat et limoge le chef des forces arm\u00e9es<\/a> (France 24)<\/p>\n\n\n\n<p><a href=\"https:\/\/www.mediapart.fr\/journal\/international\/240221\/l-allemagne-condamne-un-bourreau-du-regime-de-bachar-al-assad\">L\u2019Allemagne condamne un bourreau du r\u00e9gime de Bachar al-Assad<\/a> (M\u00e9diapart)<\/p>\n\n\n\n<figure class=\"wp-block-image is-resized is-style-default\"><img data-recalc-dims=\"1\" loading=\"lazy\" decoding=\"async\" src=\"https:\/\/i0.wp.com\/static.mediapart.fr\/etmagine\/default\/files\/2021\/02\/24\/043-dpa-pa-210224-99-570906-dpai.jpg?resize=407%2C291&#038;ssl=1\" alt=\"Eyad al-Gharib \u00e0 son arriv\u00e9e au tribunal le 24 f\u00e9vrier \u00e0 Coblence. \u00a9 Thomas Lohnes\/AFP\/Pool\/dpa Picture-Alliance\" width=\"407\" height=\"291\" title=\"Eyad al-Gharib \u00e0 son arriv\u00e9e au tribunal le 24 f\u00e9vrier \u00e0 Coblence. \u00a9 Thomas Lohnes\/AFP\/Pool\/dpa Picture-Alliance\"\/><\/figure>\n\n\n\n<p><a href=\"https:\/\/www.humanite.fr\/les-rodomontades-disrael-face-liran-700606#xtor=RSS-1\">Les rodomontades d\u2019Isra\u00ebl face \u00e0 l\u2019Iran<\/a> (L\u2019Humanit\u00e9)<\/p>\n\n\n\n<p><a href=\"http:\/\/www.apple.fr\">Biden a-t-il trop attendu pour reprendre contact avec l\u2019Iran?<\/a> (anglais -Foreign Policy)<\/p>\n\n\n\n<p><a href=\"https:\/\/lanticapitaliste.org\/arguments\/les-enjeux-de-la-normalisation-disrael\">Les enjeux de la \u00abnormalisation\u00bb d\u2019Isra\u00ebl<\/a> (L\u2019Anticapitaliste)<\/p>\n\n\n\n<p><a href=\"https:\/\/www.anti-k.org\/2021\/02\/24\/comment-dit-on-ku-klux-klan-en-hebreu\/\">Comment dit-on ku klux klan en h\u00e9breu ?&nbsp;<\/a> (ZIN TV)<\/p>\n\n\n\n<p><a href=\"https:\/\/lanticapitaliste.org\/arguments\/international\/contre-la-normalisation-de-lanormal-la-campagne-bds\">Contre la normalisation de l\u2019anormal : la campagne BDS<\/a> (L\u2019Anticapitaliste)<\/p>\n\n\n\n<p class=\"has-vivid-red-color has-text-color\"><strong>24 F\u00e9vrier<\/strong><\/p>\n\n\n\n<p><a href=\"https:\/\/usbeketrica.com\/fr\/trois-saisons-en-enfer-quand-le-printemps-arabe-tourne-au-cauchemar\">\u00ab&nbsp;Trois saisons en enfer&nbsp;\u00bb&nbsp;: Quand le printemps arabe tourne au cauchemar&nbsp;<\/a>\u2013 Cedric Fabre (Usbek Rica)<\/p>\n\n\n\n<p><a href=\"https:\/\/info.mediapart.fr\/optiext\/optiextension.dll?ID=kOPkVlCff47WUzipHZvdj3hZbIyEhOzXvVQl4N2VEoAwGCCAdCNzchM26OqyjNPxok1lVRAKYNf5V4YZ_wWcVfyC18PkY\">En Afghanistan, Joe Biden veut ren\u00e9gocier avec les talibans<\/a> (MDP)<\/p>\n\n\n\n<p><a href=\"https:\/\/www.boursorama.com\/actualite-economique\/actualites\/turquie-cibles-par-erdogan-les-lgbt-redoutent-un-tsunami-de-haine-74023abba0879123f6dfb73d77d1ebe4\">Turquie: cibl\u00e9s par Erdogan, les LGBT redoutent un \u00ab\u00a0tsunami de haine\u00a0\u00bb<\/a> (AFP)<\/p>\n\n\n\n<p><a href=\"https:\/\/www.sofoot.com\/mondial-2022-plus-de-6500-travailleurs-migrants-sont-morts-sur-les-chantiers-des-stades-au-qatar-495911.html\">Plus de 6500 travailleurs migrants sont morts sur les chantiers des stades au Qatar <\/a>(SOFOOT.com)<\/p>\n\n\n\n<figure class=\"wp-block-image is-resized is-style-default\"><img data-recalc-dims=\"1\" loading=\"lazy\" decoding=\"async\" src=\"https:\/\/i0.wp.com\/www.sofoot.com\/IMG\/img_580_380_center_articles-495911.jpg?resize=422%2C276&#038;ssl=1\" alt=\"\" width=\"422\" height=\"276\"\/><\/figure>\n\n\n\n<p class=\"has-vivid-red-color has-text-color\"><strong>23 F\u00e9vrier <\/strong><\/p>\n\n\n\n<p><a href=\"https:\/\/lundi.am\/Georges-Ibrahim-Abdallah-un-homme-en-trop\">Georges Ibrahim Abdallah, un homme en trop<\/a> (Lundi Matin)<\/p>\n\n\n\n<p><a href=\"https:\/\/www.boursorama.com\/boursoramag\/actualites\/en-israel-un-specialiste-partage-de-rares-archives-sonores-sur-les-bedouins-829f7ee9be0277f9c9c778cd6195d125\">En Isra\u00ebl, un sp\u00e9cialiste partage de rares archives sonores sur les b\u00e9douins<\/a> (AFP)<\/p>\n\n\n\n<p><a href=\"https:\/\/www.boursorama.com\/actualite-economique\/actualites\/l-iran-dit-pouvoir-enrichir-l-uranium-a-60-restreint-les-inspections-de-ses-sites-7c2a24b0297a635d8397cb9da2f0e7c0\">L&rsquo;Iran dit pouvoir enrichir l&rsquo;uranium \u00e0 60%, restreint les inspections de ses sites<\/a> (AFP)<\/p>\n\n\n\n<p><a href=\"https:\/\/www.boursorama.com\/videos\/actualites\/iran-des-sanctions-economiques-qui-etranglent-la-population-4370a3be4176606448d840a081c88705\">Iran : des sanctions \u00e9conomiques qui \u00e9tranglent la population<\/a> (France 24)<\/p>\n\n\n\n<p><a href=\"https:\/\/www.boursorama.com\/actualite-economique\/actualites\/georgie-appels-a-manifester-apres-l-arrestation-d-un-chef-de-l-opposition-a27859fcd9a94e89e1e9d6bbdccf1a0a\">G\u00e9orgie: appels \u00e0 manifester apr\u00e8s l&rsquo;arrestation d&rsquo;un chef de l&rsquo;opposition<\/a> (AFP)<\/p>\n\n\n\n<figure class=\"wp-block-image size-large is-resized is-style-default\"><img data-recalc-dims=\"1\" loading=\"lazy\" decoding=\"async\" src=\"https:\/\/i0.wp.com\/www.rdpemancipation.org\/wp-content\/uploads\/2021\/02\/01905b41be7f95ee1ba6463bceff0fef-760x579-1.jpg?resize=403%2C306&#038;ssl=1\" alt=\"\" class=\"wp-image-17317\" width=\"403\" height=\"306\" srcset=\"https:\/\/i0.wp.com\/www.rdpemancipation.org\/wp-content\/uploads\/2021\/02\/01905b41be7f95ee1ba6463bceff0fef-760x579-1.jpg?w=760&amp;ssl=1 760w, https:\/\/i0.wp.com\/www.rdpemancipation.org\/wp-content\/uploads\/2021\/02\/01905b41be7f95ee1ba6463bceff0fef-760x579-1.jpg?resize=300%2C229&amp;ssl=1 300w\" sizes=\"auto, (max-width: 403px) 100vw, 403px\" \/><figcaption><sub>Niki Melia, le chef du principal parti d&rsquo;opposition g\u00e9orgien, \u00e0 la fen\u00eatre des locaux <\/sub><br><sub>de sa formation peu avant d&rsquo;\u00eatre arr\u00eat\u00e9, le 23 f\u00e9vrier 2021 \u00e0 Tbilissi ( AFP \/ Vano Shlamov )<\/sub><\/figcaption><\/figure>\n\n\n\n<p class=\"has-vivid-red-color has-text-color\"><strong>22 F\u00e9vrier<\/strong><\/p>\n\n\n\n<p><a href=\"https:\/\/info.mediapart.fr\/optiext\/optiextension.dll?ID=hLKhM4y1zq5sP8RTDaOYcCug3HQ9t9vsHnWGfzURLpg4h9J3o_y8Mv%2Bmb%2BvfFJg6uSwz3udQF8Yet7MpEKcCBgUkL6VhB\">\u00abS\u00e9paratisme\u00bb: la France apporte de l\u2019eau au moulin d\u2019Erdogan<\/a> (MDP)<\/p>\n\n\n\n<p><a href=\"https:\/\/europe-solidaire.us8.list-manage.com\/track\/click?u=5c732dd5ee65845cf20fd724a&amp;id=59309e3476&amp;e=5df9c98670\">L&rsquo;ombre de Marwan Barghouti plane sur l&rsquo;\u00e9lection pr\u00e9sidentielle au Palestine<\/a> (ESSF)<\/p>\n\n\n\n<p><a href=\"https:\/\/www.courrierdesbalkans.fr\/Manifestations-etudiantes-en-Turquie-Bogazici-sera-t-il-un-nouveau-Gezi\">Manifestations \u00e9tudiantes en Turquie : Erdo\u011fan sous la menace d&rsquo;un nouveau Gezi ?<\/a> (Le Courrier des Balkans)<\/p>\n\n\n\n<p><a href=\"https:\/\/www.revolutionpermanente.fr\/Nucleaire-iranien-les-imperialismes-US-et-europeen-se-repositionnent-pour-preserver-leurs-interets\">Nucl\u00e9aire iranien&nbsp;: les imp\u00e9rialismes US et europ\u00e9en se repositionnent pour pr\u00e9server leurs int\u00e9r\u00eats<\/a> (RP)<\/p>\n\n\n\n<p><a href=\"https:\/\/www.boursorama.com\/videos\/actualites\/accord-sur-le-nucleaire-iranien-une-solution-temporaire-de-surveillance-trouvee-aeia-6da6fc77a44c600e35e309582e8c7e97\">Accord sur le nucl\u00e9aire iranien : une solution temporaire de surveillance trouv\u00e9e (AEIA)<\/a> (France 24)<\/p>\n\n\n\n<p><a href=\"https:\/\/orientxxi.info\/va-comprendre\/la-grande-revolte-arabe-en-palestine-1936-1939,4546\">La grande r\u00e9volte arabe en Palestine (1936-1939)<\/a> (Orient XXI)&nbsp;<\/p>\n\n\n\n<p><a href=\"https:\/\/orientxxi.info\/magazine\/le-crif-au-bord-de-la-crise-d-israel,4543\">Le CRIF au bord de la crise d\u2019Isra\u00ebl<\/a> (Orient XXI)<\/p>\n\n\n\n<p><a href=\"https:\/\/www.boursorama.com\/videos\/actualites\/vaccination-en-palestine-arrivee-de-20-000-vaccins-russes-anti-covid-en-provenance-des-emirats-15e472319ca5bcbcd5eb0e34f41b8fe1\">Vaccination en Palestine : Arriv\u00e9e de 20 000 vaccins russes anti-Covid en provenance des \u00c9mirats<\/a><br>(France 24)<\/p>\n\n\n\n<p><a href=\"https:\/\/orientxxi.info\/magazine\/choses-apprises-sur-comment-ne-pas-se-souvenir-de-la-revolution,4487\">Choses apprises sur comment ne pas se souvenir de la r\u00e9volution \u00bb <\/a>(Orient XXI)<\/p>\n\n\n\n<p><a href=\"https:\/\/orientxxi.info\/magazine\/le-printemps-israelien-de-la-deputee-aurore-berge,4502\">\u00ab Le printemps isra\u00e9lien de la d\u00e9put\u00e9e Aurore Berg\u00e9 \u00bb<\/a> (Orient XXI)<\/p>\n\n\n\n<p> <\/p>\n\n\n\n<figure class=\"wp-block-image size-large is-resized is-style-default\"><img data-recalc-dims=\"1\" loading=\"lazy\" decoding=\"async\" src=\"https:\/\/i0.wp.com\/www.rdpemancipation.org\/wp-content\/uploads\/2021\/02\/arton4487.jpg?resize=485%2C303&#038;ssl=1\" alt=\"\" class=\"wp-image-17144\" width=\"485\" height=\"303\" srcset=\"https:\/\/i0.wp.com\/www.rdpemancipation.org\/wp-content\/uploads\/2021\/02\/arton4487.jpg?resize=1024%2C640&amp;ssl=1 1024w, https:\/\/i0.wp.com\/www.rdpemancipation.org\/wp-content\/uploads\/2021\/02\/arton4487.jpg?resize=300%2C187&amp;ssl=1 300w, https:\/\/i0.wp.com\/www.rdpemancipation.org\/wp-content\/uploads\/2021\/02\/arton4487.jpg?resize=768%2C480&amp;ssl=1 768w, https:\/\/i0.wp.com\/www.rdpemancipation.org\/wp-content\/uploads\/2021\/02\/arton4487.jpg?resize=1536%2C959&amp;ssl=1 1536w, https:\/\/i0.wp.com\/www.rdpemancipation.org\/wp-content\/uploads\/2021\/02\/arton4487.jpg?w=2048&amp;ssl=1 2048w\" sizes=\"auto, (max-width: 485px) 100vw, 485px\" \/><figcaption><sub>Le Caire, place Tahrir, 2011<\/sub><\/figcaption><\/figure>\n\n\n\n<p class=\"has-vivid-red-color has-text-color\"><strong>21 F\u00e9vrier en continu<\/strong><\/p>\n\n\n\n<p id=\"block-ee86f879-78ef-4487-b6a5-9d115d730a2d\"><a href=\"https:\/\/orientxxi.info\/magazine\/histoire-absurde-absolu-avenir,4525\">Egypte: Histoire absurde, absolu \u00e0 venir <\/a>(Orient XXI)<\/p>\n\n\n\n<p id=\"block-ee86f879-78ef-4487-b6a5-9d115d730a2d\"><a href=\"https:\/\/orientxxi.info\/magazine\/elnet-decouvrez-israel-ses-colonies-ses-technologies-de-surveillance,4453\">\u00ab Elnet. D\u00e9couvrez Isra\u00ebl, ses colonies, ses technologies de surveillance&#8230; \u00bb <\/a>(Orient XXI)<\/p>\n\n\n\n<p id=\"block-031e4abb-ec1f-47ed-b272-820159ad3119\"><a href=\"https:\/\/www.lexpress.fr\/actualites\/1\/styles\/au-yemen-un-hopital-se-debat-pour-sauver-des-enfants-malnutris_2051552.html\">Au Y\u00e9men, un h\u00f4pital se d\u00e9bat pour sauver des enfants malnutris<\/a> (L&rsquo;Express)<\/p>\n\n\n\n<p id=\"block-0ed9bd18-3cd1-4175-a680-2a6087169220\"><a href=\"https:\/\/www.france24.com\/fr\/moyen-orient\/20210127-y%C3%A9men-10-ans-apr%C3%A8s-les-espoirs-soulev%C3%A9s-par-la-r%C3%A9volution-autopsie-d-un-d%C3%A9sastre\">Y\u00e9men: 10 ans apr\u00e8s les espoirs soulev\u00e9s par la r\u00e9volution, autopsie d\u2019un d\u00e9sastre<\/a> (France 24)<\/p>\n\n\n\n<p id=\"block-05f57a37-3fd2-474f-9a94-ef3bc332ea7d\"><a href=\"https:\/\/news.un.org\/fr\/story\/2021\/02\/1089282\">Au Y\u00e9men, la malnutrition aigu\u00eb menace la moiti\u00e9 des enfants de moins de cinq ans en 2021<\/a> (ONU Info)<\/p>\n\n\n\n<figure class=\"wp-block-image size-large is-resized is-style-default\"><img data-recalc-dims=\"1\" loading=\"lazy\" decoding=\"async\" src=\"https:\/\/i0.wp.com\/www.rdpemancipation.org\/wp-content\/uploads\/2021\/02\/Capture-decran-2021-02-21-a-06.39.56.png?resize=474%2C203&#038;ssl=1\" alt=\"\" class=\"wp-image-16966\" width=\"474\" height=\"203\" srcset=\"https:\/\/i0.wp.com\/www.rdpemancipation.org\/wp-content\/uploads\/2021\/02\/Capture-decran-2021-02-21-a-06.39.56.png?w=671&amp;ssl=1 671w, https:\/\/i0.wp.com\/www.rdpemancipation.org\/wp-content\/uploads\/2021\/02\/Capture-decran-2021-02-21-a-06.39.56.png?resize=300%2C129&amp;ssl=1 300w\" sizes=\"auto, (max-width: 474px) 100vw, 474px\" \/><figcaption><sub>85 000 autres enfants au Y\u00e9men sont mort de faim, par manque de nourriture ou de soins m\u00e9dicaux. <br>Les maitres de Macron, par contre, y font le beurre des canons. <\/sub><\/figcaption><\/figure>\n\n\n\n<p class=\"has-vivid-red-color has-text-color\"><strong>20 F\u00e9vrier en continu<\/strong><\/p>\n\n\n\n<p><a href=\"https:\/\/www.juancole.com\/2021\/02\/challenge-eurasian-incorporate.html\">L\u2019Iran va adh\u00e9rer \u00e0 l\u2019Union Eurasienne, ce qui va compliquer le jeu des USA<\/a> (en anglais -Juan Cole<\/p>\n\n\n\n<p><a href=\"https:\/\/solidaires.org\/Petition-Stop-aux-drones-tueurs-israeliens\">P\u00e9tition &#8211; Stop aux drones tueurs isra\u00e9liens<\/a> (Solidaires)<\/p>\n\n\n\n<p><a href=\"https:\/\/orientxxi.info\/magazine\/la-gloire-secrete-du-lobby-militaro-industriel-dans-les-annees-1950,4447\">\u00ab La gloire secr\u00e8te du lobby militaro-industriel dans les ann\u00e9es 1950 \u00bb <\/a>(Orient XXI)<\/p>\n\n\n\n<p><a href=\"https:\/\/www.chroniquepalestine.com\/palestine-moscou-investit-sur-le-retrait-americain\/?utm_source=rss&amp;utm_medium=rss&amp;utm_campaign=palestine-moscou-investit-sur-le-retrait-americain\">Palestine&nbsp;: Moscou investit sur le retrait am\u00e9ricain<\/a> (Chronique de Palestine)<\/p>\n\n\n\n<p><a href=\"https:\/\/orientxxi.info\/lu-vu-entendu\/une-histoire-de-la-folie-au-liban,4517\">Une histoire de la folie au Liban<\/a> (Orient XXI)<\/p>\n\n\n\n<p><a href=\"https:\/\/orientxxi.info\/magazine\/une-omerta-qui-remonte-a-loin,4406\">Une omerta qui remonte \u00e0 loin \u00bb <\/a>(Orient XXI)<\/p>\n\n\n\n<p><a href=\"https:\/\/orientxxi.info\/magazine\/les-critiques-d-israel-etouffees-par-la-loi-du-silence,4411\">Les critiques d\u2019Isra\u00ebl \u00e9touff\u00e9es par la loi du silence \u00bb <\/a>(Orient XXI)<\/p>\n\n\n\n<figure class=\"wp-block-image size-large is-resized is-style-default\"><img data-recalc-dims=\"1\" loading=\"lazy\" decoding=\"async\" src=\"https:\/\/i0.wp.com\/www.rdpemancipation.org\/wp-content\/uploads\/2021\/02\/f754c476935e6a645d50c8d3cfb2fde4.jpg?resize=406%2C228&#038;ssl=1\" alt=\"\" class=\"wp-image-16946\" width=\"406\" height=\"228\" srcset=\"https:\/\/i0.wp.com\/www.rdpemancipation.org\/wp-content\/uploads\/2021\/02\/f754c476935e6a645d50c8d3cfb2fde4.jpg?resize=1024%2C577&amp;ssl=1 1024w, https:\/\/i0.wp.com\/www.rdpemancipation.org\/wp-content\/uploads\/2021\/02\/f754c476935e6a645d50c8d3cfb2fde4.jpg?resize=300%2C169&amp;ssl=1 300w, https:\/\/i0.wp.com\/www.rdpemancipation.org\/wp-content\/uploads\/2021\/02\/f754c476935e6a645d50c8d3cfb2fde4.jpg?resize=768%2C433&amp;ssl=1 768w, https:\/\/i0.wp.com\/www.rdpemancipation.org\/wp-content\/uploads\/2021\/02\/f754c476935e6a645d50c8d3cfb2fde4.jpg?w=1090&amp;ssl=1 1090w\" sizes=\"auto, (max-width: 406px) 100vw, 406px\" \/><figcaption><sub>Paris, ao\u00fbt 2015. \u2014 Op\u00e9ration de communication \u00abTel Aviv-sur-Seine\u00bb organis\u00e9e<\/sub><br><sub> par la mairie de Paris dans le cadre de \u00abParis-Plages\u00bb- Kenzo Tribouillard\/AFP<\/sub><br><br><br><br><\/figcaption><\/figure>\n\n\n\n<p class=\"has-vivid-red-color has-text-color\"><strong>19 F\u00e9vrier <\/strong><\/p>\n\n\n\n<p><a href=\"https:\/\/www.humanite.fr\/ventes-darmes-larabie-saoudite-la-question-de-la-complicite-francaise-se-pose-explique-benoit-700380#xtor=RSS-1\">Ventes d&rsquo;armes \u00e0 l&rsquo;Arabie saoudite- La question de la complicit\u00e9 fran\u00e7aise se pose, dit Benoit Muracciole<\/a> (L\u2019Huma)<\/p>\n\n\n\n<p><a href=\"http:\/\/www.regards.fr\/monde\/article\/turquie-nudem-durak-une-voix-sous-les-verrous\">Turquie : N\u00fbdem Durak, une voix sous les verrous<\/a> (Regards)<\/p>\n\n\n\n<p><a href=\"https:\/\/www.france-palestine.org\/Webinaire-Femmes-de-Gaza-perspectives-feminines-sur-14-ans-d-une-vie-sous\">Webinaire \u00ab\u00a0Femmes de Gaza : perspectives f\u00e9minines sur 14 ans d&rsquo;une vie sous blocus\u00a0\u00bb<\/a> (CICP)<\/p>\n\n\n\n<p><a href=\"https:\/\/www.boursorama.com\/actualite-economique\/actualites\/l-onu-veut-des-preuves-de-vie-de-la-princesse-latifa-qui-est-chez-elle-selon-dubai-12339af5b4972099334b26db3a16b05a\">L&rsquo;ONU veut des preuves de vie de la princesse Latifa, qui est chez elle selon Duba\u00ef<\/a> (AFP)<a href=\"https:\/\/agencemediapalestine.fr\/blog\/2021\/02\/19\/lue-donne-15-millions-daide-a-la-creation-a-lindustrie-de-guerre-disrael\/\"><br><br>L\u2019UE donne 15 millions $ d\u2019aide \u00ab&nbsp;\u00e0 la cr\u00e9ation&nbsp;\u00bb \u00e0 l\u2019industrie de guerre d\u2019Isra\u00ebl<\/a> (Agence Media Palestine)<a href=\"https:\/\/www.chroniquepalestine.com\/grandir-a-gaza\/?utm_source=rss&amp;utm_medium=rss&amp;utm_campaign=grandir-a-gaza\"><br><br>Grandir \u00e0 Gaza<\/a> (Chronique de Palestine)<\/p>\n\n\n\n<p><a href=\"https:\/\/www.hrw.org\/377883%20at%20https%3A\/www.hrw.org\">Turquie : Les \u00e9tudiants qui manifestent risquent des poursuites judiciaires<\/a> (Human Rights Watch)<\/p>\n\n\n\n<p><a href=\"https:\/\/intercoll.net\/Au-sujet-de-l-apartheid-facon-B-Tselema\">Au sujet de l\u2019apartheid fa\u00e7on B\u2019Tselema<\/a> (As-Safir Al-Arabi)<\/p>\n\n\n\n<figure class=\"wp-block-image is-style-default\"><img data-recalc-dims=\"1\" decoding=\"async\" src=\"https:\/\/i0.wp.com\/intercoll.net\/local\/cache-vignettes\/L733xH530\/arton1691-bbbf9.jpg?w=1200&#038;ssl=1\" alt=\"\"\/><\/figure>\n\n\n\n<figure class=\"wp-block-image is-resized is-style-default\"><img loading=\"lazy\" decoding=\"async\" src=\"https:\/\/scontent.fhex4-1.fna.fbcdn.net\/v\/t1.0-0\/p526x296\/151259182_1150128315409635_8362376506264068832_o.jpg?_nc_cat=101&amp;ccb=3&amp;_nc_sid=730e14&amp;_nc_eui2=AeHQGvijm5vRxu74l2iLh77Mg2BikWC8CruDYGKRYLwKu58YK5AkvZ7DqXgVz3AflDY&amp;_nc_ohc=xoSnKq7ACyIAX90lvJC&amp;_nc_oc=AQkozeHTH4gvBReuzjxN1CoA7KL59nzhCSah63DwyX5JFuTbyK-Qbdah3mHtEwjbjfo&amp;_nc_ht=scontent.fhex4-1.fna&amp;tp=6&amp;oh=3962fdefa741bdf452e7982cbf6a0c6e&amp;oe=6055D83A\" alt=\"Peut \u00eatre une image de 2 personnes et texte\" width=\"386\" height=\"386\"\/><\/figure>\n\n\n\n<p class=\"has-vivid-red-color has-text-color\"><strong>18 F\u00e9vrier <\/strong><\/p>\n\n\n\n<p><a href=\"https:\/\/www.revolutionpermanente.fr\/Covid-19-Israel-empeche-que-des-vaccins-soient-distribues-au-peuple-palestinien\">Covid-19. Isra\u00ebl emp\u00eache que des vaccins soient distribu\u00e9s au peuple palestinien<\/a> (RP)<\/p>\n\n\n\n<p><a href=\"https:\/\/www.boursorama.com\/actualite-economique\/actualites\/l-iran-au-menu-du-premier-echange-tardif-entre-biden-et-netanyahu-09f9b5a61653073da3b0f795c4ec1996\">L&rsquo;Iran au menu du premier \u00e9change &#8211; tardif &#8211; entre Biden et Netanyahu<\/a> (AFP)<\/p>\n\n\n\n<p><a href=\"https:\/\/lvsl.fr\/face-au-pouvoir-derdogan-la-lutte-des-universites-pour-lindependance\/\">Face au pouvoir d\u2019Erdogan, la lutte des universit\u00e9s pour l\u2019ind\u00e9pendance<\/a> (Le Vent Se L\u00e8ve)&nbsp;<\/p>\n\n\n\n<p><a href=\"https:\/\/www.france-palestine.org\/Deux-familles-contraintes-de-detruire-leur-maison-a-Jerusalem-Est\">Deux familles contraintes de d\u00e9truire leur maison \u00e0 J\u00e9rusalem-Est<\/a> par Centre International de Culture Populaire<\/p>\n\n\n\n<figure class=\"wp-block-image is-resized is-style-default\"><img data-recalc-dims=\"1\" loading=\"lazy\" decoding=\"async\" src=\"https:\/\/i0.wp.com\/www.france-palestine.org\/local\/cache-gd2\/6f\/4aca66f643f6b90df87c5ab36ed33d.jpg?resize=457%2C243&#038;ssl=1\" alt=\"\" width=\"457\" height=\"243\"\/><\/figure>\n\n\n\n<p class=\"has-vivid-red-color has-text-color\"><strong>17 F\u00e9vrier en continu<\/strong><\/p>\n\n\n\n<p><a href=\"https:\/\/amp.lefigaro.fr\/international\/la-maison-blanche-fait-savoir-que-mbs-n-est-plus-son-interlocuteur-20210217\">La Maison-Blanche fait savoir que Mohammed ben Salmane n&rsquo;est plus son interlocuteur<\/a> (Le Figaro)<\/p>\n\n\n\n<p><a href=\"https:\/\/orientxxi.info\/magazine\/irak-le-dernier-chantier-extravagant-de-saddam-hussein,4528\">Irak. Le dernier chantier extravagant de Saddam Hussein<\/a> (Orient XXI)&nbsp;<\/p>\n\n\n\n<p><a href=\"https:\/\/www.boursorama.com\/videos\/actualites\/soldats-etrangers-en-afghanistan-vers-un-retrait-des-troupes-de-l-otan-bbcab8576bc109d05e9caa7fe7f30395\">Soldats \u00e9trangers en Afghanistan : vers un retrait des troupes de l&rsquo;OTAN ?<\/a> (France 24)<\/p>\n\n\n\n<p><a href=\"https:\/\/entreleslignesentrelesmots.blog\/2021\/02\/16\/ecvc-soutient-ciftci-sen-dans-sa-lutte-pour-le-droit-des-agriculteur%c2%b7rice%c2%b7s-a-se-syndiquer\/\">Turquie: Via Campesina soutient \u00c7ift\u00e7i-Sen dans sa lutte pour le droit des agriculteur\u00b7rice\u00b7s \u00e0 se&nbsp;syndiquer<\/a> (Entre les mots)<\/p>\n\n\n\n<p class=\"has-vivid-red-color has-text-color\"><strong>16 F\u00e9vrier<\/strong><\/p>\n\n\n\n<p><a href=\"https:\/\/reporterre.net\/En-Syrie-le-drame-humanitaire-continue\">En Syrie, le drame humanitaire continue<\/a> par Reporterre&nbsp;<\/p>\n\n\n\n<p><a href=\"https:\/\/www.boursorama.com\/videos\/actualites\/yemen-retrait-effectif-des-houthis-de-la-liste-noire-americaine-des-groupes-terroristes-5be1d6dabfd8a6df4b513bc28b43a0fa\">Y\u00e9men : retrait effectif des Houthis de la liste noire am\u00e9ricaine des groupes terroristes<\/a> (France 24)<\/p>\n\n\n\n<p><a href=\"https:\/\/www.boursorama.com\/actualite-economique\/actualites\/l-escalade-dans-le-nord-du-yemen-met-des-millions-de-civils-en-danger-selon-l-onu-3997bb0b88f860d127ead614c16eee1a\">L&rsquo;escalade dans le nord du Y\u00e9men met des \u00ab\u00a0millions de civils\u00a0\u00bb en danger, selon l&rsquo;ONU<\/a> (AFP)<\/p>\n\n\n\n<p><a href=\"https:\/\/www.bondyblog.fr\/international\/une-ecole-francophone-a-gaza-pour-lavenir-des-palestiniens\/\">Une \u00e9cole francophone \u00e0 Gaza pour l\u2019avenir des Palestiniens<\/a> \u2013 Amina Lahmar (BondyBlog)<\/p>\n\n\n\n<p><a href=\"https:\/\/ricochets.cc\/19-ans-de-prison-pour-avoir-chante-en-kurde.html\">19 ans de prison pour avoir chant\u00e9 en kurde<\/a> (Ricochets)&nbsp;<\/p>\n\n\n\n<figure class=\"wp-block-embed is-type-video is-provider-vimeo wp-block-embed-vimeo wp-embed-aspect-16-9 wp-has-aspect-ratio\"><div class=\"wp-block-embed__wrapper\">\n<iframe loading=\"lazy\" title=\"&amp;Agrave; N&amp;ucirc;dem\" src=\"https:\/\/player.vimeo.com\/video\/510701091?h=61ebd0bb30&amp;dnt=1&amp;app_id=122963\" width=\"1200\" height=\"675\" frameborder=\"0\" allow=\"autoplay; fullscreen; picture-in-picture\" allowfullscreen><\/iframe>\n<\/div><\/figure>\n\n\n\n<p><strong><span class=\"has-inline-color has-vivid-red-color\">15 F\u00e9vrier en continu<\/span><\/strong><\/p>\n\n\n\n<p><a href=\"https:\/\/www.boursorama.com\/videos\/actualites\/turcs-tue-en-irak-718-arrestations-dans-les-milieux-pro-kurdes-c87466214d2702b8b07ba58514308e06\">Turcs tu\u00e9 en Irak : 718 arrestations dans les milieux pro-kurdes<\/a> (France 24)<\/p>\n\n\n\n<p><a href=\"http:\/\/alencontre.org\/moyenorient\/iran\/iran-debat-sur-la-tactique-syndicale-dans-la-republique-islamique-a-propos-du-salaire-minimum.html\">Iran. D\u00e9bat sur la tactique syndicale dans la R\u00e9publique islamique. A propos du salaire minimum <\/a>(Alencontre)<\/p>\n\n\n\n<p><a href=\"https:\/\/info.mediapart.fr\/optiext\/optiextension.dll?ID=y67y_IadETVReIWJbYf4v8fayruhfYqcDnI0pfDHOMuUfQ3iriri7BvBQxZaW5eD%2B2js6sj1fl3VVOWLE7TrriGZH6f4U\">Le client\u00e9lisme, premier pilier de la corruption en Irak<\/a> (MDP)<\/p>\n\n\n\n<p><a href=\"https:\/\/www.france-palestine.org\/Israel-menace-15-citoyens-Palestiniens-de-demolir-leurs-maisons-a-Naplouse\">Isra\u00ebl menace 15 citoyens Palestiniens de d\u00e9molir leurs maisons \u00e0 Naplouse<\/a> (Centre International de Culture Populaire)<\/p>\n\n\n\n<p><a href=\"https:\/\/2knr7.r.ag.d.sendibm3.com\/mk\/cl\/f\/a_FxTkKRXrQifWFDghq1-q5SrSbtiZxeJbFAk3tulP8sLwihusJ_ZCm6Z6sFR4kC-pKYceU5CK2lr_xFWdSEDFNMt0MdpyYF2Yprvy_M_TJCo5fS7nYM95Q57xC45FwSrEqgtiordmPpJoTndjm0w6SqDjIb0Vvp1tz1g1Rk5CRsMh_W2QOGrvC2A3PzGcUuEire3-t9QKidodxSmxzNr9xgRu1XwnykwqemhdZvl9Qxk6oEnXPLO5mK61JIRUBf0P18CrgNNkF4OP-7hC894mqjDuxANG7bTYCTQHUQ7jb88eEwL_bkz-XfRr1fOY2iN4Cdawwp-Ss_KSOUB1vTFQD-we4V_9B03GiJNmsacw4UAeyu6SnGyHK8P36dlilU1Bzxb4jLxkI\">La r\u00e9pression des militants kurdes en France doit cesser !<\/a> Rassemblement 17 f\u00e9vrier Paris (CDKF)<\/p>\n\n\n\n<p><a href=\"https:\/\/www.anti-k.org\/2021\/02\/15\/appel-mobilisation-contre-la-nouvelle-operation-de-letat-fasciste-turque-2\/\">Appel : Mobilisation contre la nouvelle op\u00e9ration de l\u2019\u00e9tat fasciste turque <\/a>(Anti-K)<\/p>\n\n\n\n<figure class=\"wp-block-image is-resized is-style-default\"><img data-recalc-dims=\"1\" loading=\"lazy\" decoding=\"async\" src=\"https:\/\/i0.wp.com\/rebellyon.info\/local\/cache-vignettes\/L299xH200\/arton22921-98dff.jpg?resize=396%2C265&#038;ssl=1\" alt=\"\" width=\"396\" height=\"265\"\/><\/figure>\n\n\n\n<p><strong><span class=\"has-inline-color has-vivid-red-color\">14 F\u00e9vrier <\/span><\/strong><\/p>\n\n\n\n<p><a href=\"https:\/\/www.humanite.fr\/kurdistan-pour-des-negociations-avec-la-turquie-ocalan-doit-etre-libere-700107#xtor=RSS-1\">Kurdistan. \u00ab Pour des n\u00e9gociations avec la Turquie, \u00d6calan doit \u00eatre lib\u00e9r\u00e9 \u00bb<\/a> (L\u2019Humanit\u00e9)&nbsp;<\/p>\n\n\n\n<p><a href=\"https:\/\/www.revolutionpermanente.fr\/Le-Parti-de-l-Action-Communiste-syrien-Experience-et-heritage\">Le Parti de l\u2019Action Communiste syrien. Exp\u00e9rience et h\u00e9ritage<\/a> -Joseph Daher<\/p>\n\n\n\n<p><a href=\"https:\/\/www.revolutionpermanente.fr\/Iran-fevrier-1979-Quelques-lecons-d-une-revolution\">Iran, f\u00e9vrier 1979. Quelques le\u00e7ons d\u2019une r\u00e9volution<\/a> &#8211;<a href=\"https:\/\/www.revolutionpermanente.fr\/Wladek-Flakin\">Wladek Flakin<\/a>, <a href=\"https:\/\/www.revolutionpermanente.fr\/Maryam-Alaniz-973\">Maryam Alaniz<\/a><\/p>\n\n\n\n<figure class=\"wp-block-image size-large is-resized is-style-default\"><img data-recalc-dims=\"1\" loading=\"lazy\" decoding=\"async\" src=\"https:\/\/i0.wp.com\/www.rdpemancipation.org\/wp-content\/uploads\/2021\/02\/image-45.png?resize=383%2C216&#038;ssl=1\" alt=\"\" class=\"wp-image-15983\" width=\"383\" height=\"216\" srcset=\"https:\/\/i0.wp.com\/www.rdpemancipation.org\/wp-content\/uploads\/2021\/02\/image-45.png?w=523&amp;ssl=1 523w, https:\/\/i0.wp.com\/www.rdpemancipation.org\/wp-content\/uploads\/2021\/02\/image-45.png?resize=300%2C169&amp;ssl=1 300w\" sizes=\"auto, (max-width: 383px) 100vw, 383px\" \/><\/figure>\n\n\n\n<p><strong><span class=\"has-inline-color has-vivid-red-color\">13 F\u00e9vrier <\/span><\/strong><\/p>\n\n\n\n<p><a href=\"https:\/\/www.humanite.fr\/egypte-al-sissi-regne-en-maitre-absolu-et-se-croit-indelogeable-699937#xtor=RSS-1\">\u00c9gypte. \u00ab\u00a0Al Sissi r\u00e8gne en ma\u00eetre absolu et se croit ind\u00e9logeable\u00a0\u00bb<\/a> (L\u2019Humanit\u00e9)&nbsp;<\/p>\n\n\n\n<p><a href=\"https:\/\/www.boursorama.com\/videos\/actualites\/lina-al-hathloul-j-ai-peur-que-ma-s-ur-ne-se-fasse-tuee-par-le-regime-saoudien-f309fa9d42e5e75cde8b4a1df67f68fc\">Lina al-Hathloul : \u00ab\u00a0J&rsquo;ai peur que ma s\u0153ur ne se fasse tuer par le r\u00e9gime saoudien\u00a0\u00bb<\/a> (France 24)<\/p>\n\n\n\n<p><a href=\"https:\/\/orientxxi.info\/magazine\/egypte-les-mille-et-un-avatars-d-un-slogan-de-la-revolution,4505\">\u00c9gypte. Les mille et un avatars d\u2019un slogan de la r\u00e9volution<\/a> (Orient XXI)<\/p>\n\n\n\n<p><a href=\"https:\/\/orientxxi.info\/lu-vu-entendu\/irak-la-revolution-d-octobre-en-chansons,4519\">Irak. La r\u00e9volution d\u2019octobre en chansons<\/a> (Orient XXI)<\/p>\n\n\n\n<figure class=\"wp-block-image size-large is-resized is-style-default\"><img data-recalc-dims=\"1\" loading=\"lazy\" decoding=\"async\" src=\"https:\/\/i0.wp.com\/www.rdpemancipation.org\/wp-content\/uploads\/2021\/02\/image-34.png?resize=388%2C388&#038;ssl=1\" alt=\"\" class=\"wp-image-15878\" width=\"388\" height=\"388\" srcset=\"https:\/\/i0.wp.com\/www.rdpemancipation.org\/wp-content\/uploads\/2021\/02\/image-34.png?w=280&amp;ssl=1 280w, https:\/\/i0.wp.com\/www.rdpemancipation.org\/wp-content\/uploads\/2021\/02\/image-34.png?resize=150%2C150&amp;ssl=1 150w\" sizes=\"auto, (max-width: 388px) 100vw, 388px\" \/><\/figure>\n\n\n\n<p><strong><span class=\"has-inline-color has-vivid-red-color\">12 F\u00e9vrier <\/span><\/strong><\/p>\n\n\n\n<p><a href=\"https:\/\/www.boursorama.com\/actualite-economique\/actualites\/la-turquie-ne-fera-pas-marche-arriere-sur-les-systemes-s-400-russes-f86d6d3621bcb0b744ff1d83f11837b6\">La Turquie ne fera pas marche arri\u00e8re sur les syst\u00e8mes S-400 russes<\/a> (Reuters)<\/p>\n\n\n\n<p><a href=\"https:\/\/mars-infos.org\/appel-mobilisation-contre-la-5578\">Appel : Mobilisation contre la nouvelle op\u00e9ration de l\u2019\u00e9tat fasciste turque <\/a>(Mars Info)<\/p>\n\n\n\n<p><a href=\"https:\/\/www.boursorama.com\/actualite-economique\/actualites\/yemen-escalade-des-combats-des-dizaines-de-morts-et-blesses-3716bb0e375a96f0e67beabb5d65a0c2\">Y\u00e9men: escalade des combats, des dizaines de morts et bless\u00e9s<\/a> (AFP)<\/p>\n\n\n\n<p><a href=\"https:\/\/www.lemediatv.fr\/articles\/2021\/francoise-ardillier-carras-pour-les-armeniens-le-karabakh-est-une-question-de-vie-ou-de-mort-mOqorKnmRjWYvtoVwxjYkg\">Fran\u00e7oise Ardillier-Carras : \u00ab Pour les Arm\u00e9niens, le Karabakh est une question de vie ou de mort \u00bb<\/a> (Le M\u00e9dia)<\/p>\n\n\n\n<p><a href=\"https:\/\/www.france-palestine.org\/Des-arrestations-israeliennes-a-grand-ampleur-en-Cisjordanie\">Association France Palestine Solidarit\u00e9 : Des arrestations isra\u00e9liennes \u00e0 grand ampleur en Cisjordanie<\/a> (CICP)<\/p>\n\n\n\n<p><a href=\"https:\/\/www.facebook.com\/ffipp.bordeaux\/videos\/1134048137045295\">La politique des Etats-Unis au Proche Orient, de Trump \u00e0 &nbsp;Biden<\/a> Dominique Vidal (vid\u00e9o, FFIPP)<\/p>\n\n\n\n<figure class=\"wp-block-image size-large is-resized is-style-default\"><img data-recalc-dims=\"1\" loading=\"lazy\" decoding=\"async\" src=\"https:\/\/i0.wp.com\/www.rdpemancipation.org\/wp-content\/uploads\/2021\/02\/cfc333c7283dbcec182baa3a40612a79-760x428-1.jpg?resize=400%2C225&#038;ssl=1\" alt=\"\" class=\"wp-image-15796\" width=\"400\" height=\"225\" srcset=\"https:\/\/i0.wp.com\/www.rdpemancipation.org\/wp-content\/uploads\/2021\/02\/cfc333c7283dbcec182baa3a40612a79-760x428-1.jpg?w=760&amp;ssl=1 760w, https:\/\/i0.wp.com\/www.rdpemancipation.org\/wp-content\/uploads\/2021\/02\/cfc333c7283dbcec182baa3a40612a79-760x428-1.jpg?resize=300%2C169&amp;ssl=1 300w\" sizes=\"auto, (max-width: 400px) 100vw, 400px\" \/><\/figure>\n\n\n\n<p><span class=\"has-inline-color has-vivid-red-color\"><strong>11 F\u00e9vrier <\/strong><\/span><\/p>\n\n\n\n<p><a href=\"https:\/\/blogs.mediapart.fr\/jean-marc-b\/blog\/110221\/liberte-pour-ocalan-appel-manifester-samedi-13h-republique-chatelet\">Libert\u00e9 pour Ocalan ! Appel \u00e0 manifester samedi 13h R\u00e9publique \u2013 Ch\u00e2telet <\/a>(CDKF)<\/p>\n\n\n\n<figure class=\"wp-block-image is-resized is-style-default\"><img data-recalc-dims=\"1\" loading=\"lazy\" decoding=\"async\" src=\"https:\/\/i0.wp.com\/img.mailinblue.com\/1545997\/images\/rnb\/original\/60250bd8f080d45d55715ee5.jpg?resize=415%2C232&#038;ssl=1\" alt=\"\" width=\"415\" height=\"232\"\/><\/figure>\n\n\n\n<p><a href=\"https:\/\/www.mediapart.fr\/journal\/international\/110221\/istanbul-l-avenir-de-l-universite-francophone-de-galatasaray-est-menace\">A Istanbul, l\u2019avenir de l\u2019universit\u00e9 francophone de Galatasaray est menac\u00e9<\/a> (M\u00e9diapart)<\/p>\n\n\n\n<p><a href=\"https:\/\/blogs.mediapart.fr\/jean-marc-b\/blog\/110221\/lislamophobie-est-le-meilleur-allie-des-organisations-jihadistes\">L&rsquo;islamophobie est le meilleur alli\u00e9 des organisations jihadistes <\/a>-vid\u00e9o Joseph Daher<\/p>\n\n\n\n<p><a href=\"https:\/\/www.boursorama.com\/actualite-economique\/actualites\/hariri-et-macron-ont-discute-de-la-crise-au-liban-de-la-formation-d-un-gouvernement-ad59f3a3c93a3165525c0d3afd1e0a39\">Hariri et Macron ont discut\u00e9 de la crise au Liban, de la formation d&rsquo;un gouvernement<\/a> (Reuters)<\/p>\n\n\n\n<p><a href=\"https:\/\/orientxxi.info\/magazine\/egypte-les-mille-et-un-avatars-d-un-slogan-de-la-revolution,4505\">\u00c9gypte. Les mille et un avatars d&rsquo;un slogan de la r\u00e9volution<\/a> (Orient XXI)&nbsp;<\/p>\n\n\n\n<p><a href=\"https:\/\/orientxxi.info\/magazine\/golfe-l-arabie-saoudite-et-le-qatar-se-rapprochent-les-emirats-renaclent,4512\">Golfe. L&rsquo;Arabie saoudite et le Qatar se rapprochent, les \u00c9mirats ren\u00e2clent<\/a> (Orient XXI)&nbsp;<\/p>\n\n\n\n<p><a href=\"https:\/\/info.mediapart.fr\/optiext\/optiextension.dll?ID=9FE9AtdjKPXWaxxEhNl+IGK9Bx6bhsqfza5XfxZyYerCQC4n18bAN+riXCYESz8stL90YcNh_4g75t2qtI16v1ed6LV9O\">En Arabie saoudite, Loujain al-Hathloul est lib\u00e9r\u00e9e mais pas libre<\/a> (MDP)<\/p>\n\n\n\n<figure class=\"wp-block-image is-resized is-style-default\"><img data-recalc-dims=\"1\" loading=\"lazy\" decoding=\"async\" src=\"https:\/\/i0.wp.com\/static.mediapart.fr\/etmagine\/default\/files\/2020\/12\/07\/loujain-al-hathloul.jpg?resize=410%2C273&#038;ssl=1\" alt=\"Loujain al-Hathloul \u00e0 Amsterdam (Pays-Bas), en 2017. \u00a9 Amnesty International\" width=\"410\" height=\"273\" title=\"Loujain al-Hathloul \u00e0 Amsterdam (Pays-Bas), en 2017. \u00a9 Amnesty International\"\/><\/figure>\n\n\n\n<p><span class=\"has-inline-color has-vivid-red-color\"><strong>10 F\u00e9vrier <\/strong><\/span><\/p>\n\n\n\n<p><a href=\"https:\/\/lanticapitaliste.org\/actualite\/international\/fureur-gouvernementale-israelienne-contre-la-cour-penale-internationale\">Fureur gouvernementale isra\u00eblienne contre la Cour p\u00e9nale internationale<\/a> (L\u2019Anticapitaliste)<\/p>\n\n\n\n<p><a href=\"http:\/\/www.regards.fr\/monde\/article\/tribune-solidarite-internationale-avec-le-mouvement-social-de-la-jeunesse-en\">Solidarit\u00e9 internationale avec le mouvement social de la jeunesse en Tunisie<\/a> (Regards)<\/p>\n\n\n\n<p><a href=\"https:\/\/www.mediapart.fr\/journal\/international\/090221\/dix-ans-apres-la-revolution-la-tunisie-se-trouve-dans-une-impasse\">Dix ans apr\u00e8s la r\u00e9volution, la Tunisie se trouve dans une impasse<\/a> (M\u00e9diapart)<\/p>\n\n\n\n<p><a href=\"https:\/\/lanticapitaliste.org\/actualite\/international\/en-turquie-etudiantes-et-enseignantes-de-bogazici-un-exemple-de-resistance\">En Turquie, \u00c9tudiantEs et enseignantEs de Bogazici : un exemple de r\u00e9sistance face \u00e0 Erdogan<\/a> (L\u2019Anticapitaliste)<\/p>\n\n\n\n<figure class=\"wp-block-image is-resized is-style-default\"><img data-recalc-dims=\"1\" loading=\"lazy\" decoding=\"async\" src=\"https:\/\/i0.wp.com\/lanticapitaliste.org\/sites\/default\/files\/styles\/largeur_content_hauteur_complet\/public\/turquie-credits-kilicbil.jpeg?resize=432%2C274&#038;ssl=1\" alt=\"\" width=\"432\" height=\"274\"\/><\/figure>\n\n\n\n<p><span class=\"has-inline-color has-vivid-red-color\"><strong>9 F\u00e9vrier en continu<\/strong><\/span><\/p>\n\n\n\n<p><a href=\"https:\/\/orientxxi.info\/magazine\/election-de-joe-biden-contestations-internes-les-nouvelles-epreuves-du,4496\">\u00c9lection de Joe Biden et contestations internes, les nouvelles \u00e9preuves du pr\u00e9sident Erdo\u011fan<\/a> (Orient XXI)<\/p>\n\n\n\n<p><a href=\"https:\/\/info.mediapart.fr\/optiext\/optiextension.dll?ID=SopSkUqi5VGAvAS5UaLhswHxZvqbZlggJ4FYnxCGvr6lMxu8KMPDdHZAMMzOnoDiJAmDVIrvfZx04qvGLmuhgi7aGZBmY\">Boycott des produits isra\u00e9liens: lettre ouverte \u00e0 \u00c9ric Dupond-Moretti<\/a> -Les invit\u00e9s de Mediapart<\/p>\n\n\n\n<p><a href=\"https:\/\/www.humanite.fr\/les-elu-e-s-de-la-ville-de-paris-se-mobilisent-pour-ramy-shaath-et-les-prisonniers-dopinion-en#xtor=RSS-1\">Les \u00e9lu.e.s de la Ville de Paris se mobilisent pour Ramy Shaath et les prisonniers d\u2019opinion en \u00c9gypte<\/a> (L\u2019Humanit\u00e9)<\/p>\n\n\n\n<p><a href=\"http:\/\/cqfd-journal.org\/Tribune-L-arrestation-de-l-un-des\">Tribune : \u00ab L&rsquo;arrestation de l&rsquo;un des n\u00f4tres \u00bb<\/a> -Collectif des combattant(e)s francophones du Rojava (CQFD)<\/p>\n\n\n\n<p><a href=\"https:\/\/www.boursorama.com\/videos\/actualites\/hamas-fatah-vers-une-reconciliation-palestinienne-19b0e45469492427fec8115be3730346\">Hamas &#8211; Fatah : vers une r\u00e9conciliation palestinienne ?<\/a> (France 24)<\/p>\n\n\n\n<p><a href=\"https:\/\/www.boursorama.com\/actualite-economique\/actualites\/l-egypte-ouvre-sa-frontiere-avec-gaza-pour-une-duree-indeterminee-9f4ff8d8d514675cb6b43ed71f4574fe\">L&rsquo;Egypte ouvre sa fronti\u00e8re avec Gaza pour une dur\u00e9e ind\u00e9termin\u00e9e<\/a> (AFP)<\/p>\n\n\n\n<p><a href=\"https:\/\/www.boursorama.com\/videos\/actualites\/pascale-descamps-on-laisse-ma-fille-mourir-a-petit-feu-en-syrie-a91ab42969062bc9415670dde9078fb6\">Pascale Descamps : \u00ab\u00a0On laisse ma fille mourir \u00e0 petit feu en Syrie\u00a0\u00bb<\/a> (France 24)<\/p>\n\n\n\n<p><a href=\"https:\/\/www.boursorama.com\/actualite-economique\/actualites\/dans-le-golfe-les-koweitiennes-lancent-leur-premier-metoo-18d5d88e95cc1de801dd30397abb09da\">Dans le Golfe, les Kowe\u00eftiennes lancent leur premier #MeToo<\/a> (AFP)<\/p>\n\n\n\n<figure class=\"wp-block-image size-large is-resized is-style-default\"><img data-recalc-dims=\"1\" loading=\"lazy\" decoding=\"async\" src=\"https:\/\/i0.wp.com\/www.rdpemancipation.org\/wp-content\/uploads\/2021\/02\/a65cda8a0d771b1b08f75a56264cbd61-760x448-1.jpg?resize=396%2C233&#038;ssl=1\" alt=\"\" class=\"wp-image-15311\" width=\"396\" height=\"233\" srcset=\"https:\/\/i0.wp.com\/www.rdpemancipation.org\/wp-content\/uploads\/2021\/02\/a65cda8a0d771b1b08f75a56264cbd61-760x448-1.jpg?w=760&amp;ssl=1 760w, https:\/\/i0.wp.com\/www.rdpemancipation.org\/wp-content\/uploads\/2021\/02\/a65cda8a0d771b1b08f75a56264cbd61-760x448-1.jpg?resize=300%2C177&amp;ssl=1 300w\" sizes=\"auto, (max-width: 396px) 100vw, 396px\" \/><\/figure>\n\n\n\n<p><span class=\"has-inline-color has-vivid-red-color\"><strong>8 F\u00e9vrier <\/strong><\/span><\/p>\n\n\n\n<p><a href=\"https:\/\/www.equaltimes.org\/les-droits-syndicaux-lentement?lang=fr#.YCDr0-dkt3w.twitter\">Les droits syndicaux lentement \u00e9touff\u00e9s par l\u2019emprise des militaires sur l\u2019\u00e9conomie en \u00c9gypte <\/a>(Equal Times)<\/p>\n\n\n\n<figure class=\"wp-block-image is-resized is-style-default\"><img data-recalc-dims=\"1\" loading=\"lazy\" decoding=\"async\" src=\"https:\/\/i0.wp.com\/www.equaltimes.org\/local\/adapt-img\/1440\/10x\/local\/cache-gd2\/00\/83c9abf605003b7593c06db131a9c3.jpg?resize=437%2C185&#038;ssl=1\" alt=\"Les droits syndicaux lentement \u00e9touff\u00e9s par l'emprise des militaires sur l'\u00e9conomie en \u00c9gypte\" width=\"437\" height=\"185\" title=\"Les droits syndicaux lentement \u00e9touff\u00e9s par l'emprise des militaires sur l'\u00e9conomie en \u00c9gypte\"\/><\/figure>\n\n\n\n<p><a href=\"https:\/\/www.boursorama.com\/videos\/actualites\/hamas-fatah-vers-une-reconciliation-palestinienne-19b0e45469492427fec8115be3730346\">Hamas &#8211; Fatah : vers une r\u00e9conciliation palestinienne ?<\/a> (France 24)<\/p>\n\n\n\n<p><span class=\"has-inline-color has-vivid-red-color\"><strong>7 F\u00e9vrier <\/strong><\/span><\/p>\n\n\n\n<p><a href=\"https:\/\/www.boursorama.com\/actualite-economique\/actualites\/nucleaire-aucun-engagement-de-l-iran-sans-levee-prealable-des-sanctions-71a90ce93dcec227ecbd463a08041e40\">Nucl\u00e9aire: aucun engagement de l&rsquo;Iran sans lev\u00e9e pr\u00e9alable des sanctions<\/a> (AFP)<\/p>\n\n\n\n<p><a href=\"https:\/\/entreleslignesentrelesmots.blog\/2021\/02\/07\/desormais-les-soldats-et-les-officiers-de-larmee-israelienne-doivent-reflechir-a-deux-fois-avant-dobeir-a-lordre-de-detruire-des-maisons-palestiniennes\/\">Les militaires isra\u00e9liens doivent r\u00e9fl\u00e9chir \u00e0 deux fois avant d\u2019ob\u00e9ir \u00e0 l\u2019ordre de d\u00e9truire des maisons&nbsp;palestiniennes.<\/a> (Entre les lignes)<\/p>\n\n\n\n<p><a href=\"https:\/\/www.anti-k.org\/2021\/02\/07\/quand-jai-appris-lassassinat-de-lokman-slim-jai-compris-la-gravite-des-informations-quil-devait-detenir\/\">\u00ab&nbsp;Quand j\u2019ai appris l\u2019assassinat de Lokman Slim, j\u2019ai compris la gravit\u00e9 des informations qu\u2019il devait d\u00e9tenir&nbsp;\u00bb <\/a>(L\u2019Orient Le Jour)<\/p>\n\n\n\n<p><a href=\"https:\/\/www.anti-k.org\/2021\/02\/07\/lepidemie-de-covid-19-met-israel-face-au-separatisme-juif-ultraorthodoxe\/\">L\u2019\u00e9pid\u00e9mie de Covid-19 met Isra\u00ebl face au s\u00e9paratisme juif ultraorthodoxe <\/a>(D\u00e9sob\u00e9issance)<\/p>\n\n\n\n<p><a href=\"https:\/\/www.humanite.fr\/palestine-la-justice-internationale-va-enqueter-sur-les-crimes-de-guerre-disrael-699797#xtor=RSS-1\">Palestine. La justice internationale va enqu\u00eater sur les crimes de guerre d\u2019Isra\u00ebl<\/a> (L\u2019Humanit\u00e9)<\/p>\n\n\n\n<figure class=\"wp-block-image is-resized is-style-default\"><img data-recalc-dims=\"1\" loading=\"lazy\" decoding=\"async\" src=\"https:\/\/i0.wp.com\/www.humanite.fr\/sites\/default\/files\/styles\/1048x350\/public\/images\/82424.HR.jpg?resize=439%2C188&#038;ssl=1\" alt=\"Les bombardements incessants de l\u2019\u00e9t\u00e9 2014 ont tu\u00e9 plus de 2\t200 Palestiniens, en majorit\u00e9 des civils. Adel Hana, AP Photo\" width=\"439\" height=\"188\" title=\"\"\/><figcaption><sub>Les bombardements incessants de l\u2019\u00e9t\u00e9 2014 ont tu\u00e9 plus de 2 200 Palestiniens, <\/sub><br><sub>en majorit\u00e9 des civils. Adel Hana, AP Photo<\/sub><\/figcaption><\/figure>\n\n\n\n<p><a href=\"https:\/\/www.humanite.fr\/au-moyen-orient-joe-biden-change-de-tactique-pas-de-699798#xtor=RSS-1\">Au Moyen-Orient, Joe Biden change de tactique, pas de but<\/a> (L\u2019Humanit\u00e9)<\/p>\n\n\n\n<p><span class=\"has-inline-color has-vivid-red-color\"><strong>6 F\u00e9vrier <\/strong><\/span><\/p>\n\n\n\n<p><a href=\"https:\/\/www.boursorama.com\/actualite-economique\/actualites\/au-moyen-orient-biden-prend-ses-distances-avec-les-plus-proches-allies-de-trump-2173cf2f25f7e6a593b1f8fa527cdaea\">Au Moyen-Orient, Biden prend ses distances avec les plus proches alli\u00e9s de Trump<\/a> (AFP)<\/p>\n\n\n\n<p><a href=\"https:\/\/solidaires.org\/Solidarite-avec-les-etudiant-e-s-et-l-Universite-du-Bosphore-en-Turquie\">Solidarit\u00e9 avec les \u00e9tudiant.e.s et l&rsquo;Universit\u00e9 du Bosphore en Turquie !<\/a> (Solidaires)&nbsp;<\/p>\n\n\n\n<p><a href=\"https:\/\/orientxxi.info\/magazine\/choses-apprises-sur-comment-ne-pas-se-souvenir-de-la-revolution,4487\">Choses apprises sur comment ne pas se souvenir de la r\u00e9volution<\/a> (Orient XXI)<\/p>\n\n\n\n<p><a href=\"https:\/\/www.lemediatv.fr\/articles\/2021\/en-armenie-le-desespoir-des-deplaces-du-karabakh-J2Kr9h-PSxKu9ljSRkLNwQ\">En Arm\u00e9nie, le d\u00e9sespoir des d\u00e9plac\u00e9s du Karabakh<\/a> (Le M\u00e9dia)<\/p>\n\n\n\n<p><a href=\"https:\/\/orientxxi.info\/lu-vu-entendu\/irak-les-terribles-retombees-des-politiques-occidentales,4492\">Irak. Les terribles retomb\u00e9es des politiques occidentales<\/a> (Orient XXI)<\/p>\n\n\n\n<p><a href=\"https:\/\/www.boursorama.com\/actualite-economique\/actualites\/les-usa-reviennent-sur-la-designation-comme-terroriste-du-mouvement-yemenite-houthi-c6bfb2738713b83b3ea02716cdcb9143\">Les USA reviennent sur la d\u00e9signation comme terroriste du mouvement y\u00e9m\u00e9nite Houthi<\/a> (Reuters)<\/p>\n\n\n\n<figure class=\"wp-block-image size-large is-resized is-style-default\"><img data-recalc-dims=\"1\" loading=\"lazy\" decoding=\"async\" src=\"https:\/\/i0.wp.com\/www.rdpemancipation.org\/wp-content\/uploads\/2021\/02\/f915cc11f815a8d397ccf2946a935583-760x507-1.jpg?resize=427%2C284&#038;ssl=1\" alt=\"\" class=\"wp-image-14811\" width=\"427\" height=\"284\" srcset=\"https:\/\/i0.wp.com\/www.rdpemancipation.org\/wp-content\/uploads\/2021\/02\/f915cc11f815a8d397ccf2946a935583-760x507-1.jpg?w=760&amp;ssl=1 760w, https:\/\/i0.wp.com\/www.rdpemancipation.org\/wp-content\/uploads\/2021\/02\/f915cc11f815a8d397ccf2946a935583-760x507-1.jpg?resize=300%2C200&amp;ssl=1 300w\" sizes=\"auto, (max-width: 427px) 100vw, 427px\" \/><\/figure>\n\n\n\n<p><a href=\"https:\/\/www.boursorama.com\/actualite-economique\/actualites\/la-cpi-se-dit-competente-pour-enqueter-dans-les-territoires-palestiniens-728f6aaa456686a6ba6397b2a8b8e843\">La CPI se dit comp\u00e9tente pour enqu\u00eater dans les territoires palestiniens<\/a> (Reuters)<\/p>\n\n\n\n<p><span class=\"has-inline-color has-vivid-red-color\"><strong>5 F\u00e9vrier <\/strong><\/span><\/p>\n\n\n\n<p><a href=\"https:\/\/www.boursorama.com\/actualite-economique\/actualites\/la-vente-par-l-inde-de-vaccins-a-ryad-exacerbe-l-ire-des-expatries-indiens-56c6ed962a4bbce7990c7d8d0e34d22b\">La vente par l&rsquo;Inde de vaccins \u00e0 Ryad exacerbe l&rsquo;ire des expatri\u00e9s indiens<\/a> (AFP)<\/p>\n\n\n\n<p><a href=\"https:\/\/info.mediapart.fr\/optiext\/optiextension.dll?ID=IabIb87PKLe5GCdNHA+MCecVAZrM99wheCZIKx_JCejbOyMsQqGxefzEswPMeECcwAJDTOcVIBx5yA74ZfEzqXLrExOQW\">Explosion de Beyrouth: la piste remonte jusqu\u2019\u00e0 Damas<\/a> (MDP)<\/p>\n\n\n\n<figure class=\"wp-block-image is-resized is-style-default\"><img data-recalc-dims=\"1\" loading=\"lazy\" decoding=\"async\" src=\"https:\/\/i0.wp.com\/static.mediapart.fr\/etmagine\/default\/files\/2021\/02\/05\/56127704-303.jpg?resize=440%2C247&#038;ssl=1\" alt=\"Entr\u00e9e de l'universit\u00e9 de Bo\u011fazi\u00e7i, Istanbul\" width=\"440\" height=\"247\" title=\"Entr\u00e9e de l'universit\u00e9 de Bo\u011fazi\u00e7i, Istanbul\"\/><\/figure>\n\n\n\n<p><a href=\"https:\/\/info.mediapart.fr\/optiext\/optiextension.dll?ID=IabIfqm892mXdJ_PQ4C8ZLl9ohh2mgevKrQv7pHChF48wTjsQrXVvi67H9mwiJEK4LvuK9pv19gdr1o6DX8Tt3KbrU1c1\">Les \u00abvandales\u00bb. Sur la lutte des \u00e9tudiants de l&rsquo;universit\u00e9 de Bo\u011fazi\u00e7i<\/a> &#8211; Blog Fehim Ta\u015ftekin<\/p>\n\n\n\n<p><a href=\"https:\/\/www.france-palestine.org\/Palestine-Solidarite-no75\">Association France Palestine Solidarit\u00e9 : Palestine Solidarit\u00e9 n\u00b075<\/a> (Centre International de Culture Populaire)<\/p>\n\n\n\n<p><a href=\"https:\/\/www.france-palestine.org\/Les-colons-israeliens-tuent-gratuitement-et-impunement-un-pere-d-un-enfant-de-4\">Les colons isra\u00e9liens tuent gratuitement et impun\u00e9ment &#8230; un p\u00e8re d&rsquo;un enfant de 4 ans.<\/a> par (CICP)<\/p>\n\n\n\n<p><a href=\"https:\/\/www.monde-diplomatique.fr\/2015\/01\/KRISTIANASEN\/51975\">Le splendide isolement de la Turquie<\/a> (Le Monde diplomatique, 2005)&nbsp;<\/p>\n\n\n\n<p><span class=\"has-inline-color has-vivid-red-color\">4<strong> F\u00e9vrier en continu<\/strong><\/span><\/p>\n\n\n\n<p><a href=\"https:\/\/www.boursorama.com\/actualite-economique\/actualites\/liban-un-militant-critique-du-hezbollah-tue-par-balle-9e085f257cd303012cda09baaa29eb00\">Liban: un militant critique du Hezbollah tu\u00e9 par balle<\/a> (AFP)<\/p>\n\n\n\n<p><a href=\"https:\/\/www.humanite.fr\/turquie-erdogan-craint-une-revolte-de-la-jeunesse-699730#xtor=RSS-1\">Turquie. Erdogan craint une r\u00e9volte de la jeunesse<\/a>&nbsp; (L\u2019Humanit\u00e9)<\/p>\n\n\n\n<p><a href=\"https:\/\/www.boursorama.com\/actualite-economique\/actualites\/six-mois-apres-l-explosion-de-beyrouth-ou-en-est-l-aide-internationale-cce97190e95d54b66bbed58d422b48a7\">Six mois apr\u00e8s l&rsquo;explosion de Beyrouth, o\u00f9 en est l&rsquo;aide internationale<\/a> ?(AFP)<\/p>\n\n\n\n<figure class=\"wp-block-image size-large is-resized is-style-default\"><img data-recalc-dims=\"1\" loading=\"lazy\" decoding=\"async\" src=\"https:\/\/i0.wp.com\/www.rdpemancipation.org\/wp-content\/uploads\/2021\/02\/79f47128a8e39c5f13609e9ab54db586-760x489-1.jpg?resize=415%2C267&#038;ssl=1\" alt=\"\" class=\"wp-image-14650\" width=\"415\" height=\"267\" srcset=\"https:\/\/i0.wp.com\/www.rdpemancipation.org\/wp-content\/uploads\/2021\/02\/79f47128a8e39c5f13609e9ab54db586-760x489-1.jpg?w=760&amp;ssl=1 760w, https:\/\/i0.wp.com\/www.rdpemancipation.org\/wp-content\/uploads\/2021\/02\/79f47128a8e39c5f13609e9ab54db586-760x489-1.jpg?resize=300%2C193&amp;ssl=1 300w\" sizes=\"auto, (max-width: 415px) 100vw, 415px\" \/><\/figure>\n\n\n\n<p><span class=\"has-inline-color has-vivid-red-color\"><strong>3 F\u00e9vrier <\/strong><\/span><\/p>\n\n\n\n<p><a href=\"https:\/\/www.humanite.fr\/france-palestine-des-elus-contre-la-casse-de-logements-jerusalem-est-699710#xtor=RSS-1\">France-palestine. Des \u00e9lus contre la casse de logements \u00e0 J\u00e9rusalem-Est<\/a> (L\u2019Humanit\u00e9)<\/p>\n\n\n\n<p><a href=\"https:\/\/www.france-palestine.org\/Entre-occupation-division-et-Covid-Gaza-se-bat-contre-un-effondrement-total\">Association France Palestine Solidarit\u00e9 : Entre occupation, division et Covid, Gaza se bat contre un effondrement total<\/a> (CICP)<\/p>\n\n\n\n<p><a href=\"https:\/\/blogs.mediapart.fr\/jean-marc-b\/blog\/030221\/detruisons-le-mur-dominique-grange\">D\u00e9truisons le mur ! (\u062a\u0631\u062c\u0645\u0629 \u0625\u0644\u0649 \u0627\u0644\u0639\u0631\u0628\u064a\u0629) <\/a>&#8212; Dominique Grange<\/p>\n\n\n\n<p><a href=\"https:\/\/www.chroniquepalestine.com\/elections-palestiniennes-la-democratie-pour-personne\/?utm_source=rss&amp;utm_medium=rss&amp;utm_campaign=elections-palestiniennes-la-democratie-pour-personne\">\u00c9lections palestiniennes&nbsp;: la d\u00e9mocratie pour personne<\/a> (Chronique de Palestine)<\/p>\n\n\n\n<figure class=\"wp-block-image is-resized is-style-default\"><img data-recalc-dims=\"1\" loading=\"lazy\" decoding=\"async\" src=\"https:\/\/i0.wp.com\/www.chroniquepalestine.com\/wp-content\/uploads\/2021\/02\/00-678x455.jpg?resize=450%2C302&#038;ssl=1\" alt=\"\" width=\"450\" height=\"302\" title=\"Photo : birzeit.edu\"\/><figcaption><sub>Rassemblement \u00e0 l&rsquo;occasion de la tenue des \u00e9lections \u00e9tudiantes \u00e0 l&rsquo;universit\u00e9 de Birzeit en <\/sub><br><sub>avril 2019 &#8211; Un indicateur important des tendances dominantes : la liste du Bloc islamique, <\/sub><br><sub>soutenu par le Hamas et celle du fatah ont obtenu le m\u00eame nombre de si\u00e8ge, loin devant <\/sub><br><sub>la liste soutenue par le FPLP. Il faut noter que plusieurs dizaines d&rsquo;\u00e9tudiants de Birzeit sont d\u00e9tenus <\/sub><br><sub>dans les ge\u00f4les isra\u00e9liennes pour cause d&rsquo;activit\u00e9 politique ou associative &#8211; Photo : birzeit.edu<\/sub><\/figcaption><\/figure>\n\n\n\n<p><a href=\"https:\/\/www.boursorama.com\/videos\/actualites\/refugies-palestiniens-l-unrwa-est-au-bord-de-la-faillite-financiere-f90468296164ff8267c4f68d92e0803e\">R\u00e9fugi\u00e9s palestiniens : \u00ab\u00a0L&rsquo;UNRWA est au bord de la faillite financi\u00e8re\u00a0\u00bb<\/a> (France 24)<\/p>\n\n\n\n<p><a href=\"https:\/\/www.boursorama.com\/videos\/actualites\/turquie-les-manifestations-etudiantes-continuent-nombreuses-arrestations-5680a40744d4c57a4a7e5e3178b517d8\">Turquie : les manifestations \u00e9tudiantes continuent, nombreuses arrestations<\/a> (France 24) <\/p>\n\n\n\n<p><a href=\"https:\/\/lanticapitaliste.org\/opinions\/politique\/attaques-contre-lunion-juive-francaise-pour-la-paix-ujfp-empecher-une-expression\">Attaques contre l\u2019UJFP : \u00ab&nbsp;Emp\u00eacher une expression \u00e0 la fois antisioniste et antiraciste&nbsp;\u00bb<\/a> (UJFP)<\/p>\n\n\n\n<p><a href=\"https:\/\/www.boursorama.com\/actualite-economique\/actualites\/defiguree-a-l-acide-al-anoud-19-ans-visage-des-femmes-brutalisees-au-yemen-c3bbe7cd009949fe9b8aae118b8a1110\">D\u00e9figur\u00e9e \u00e0 l&rsquo;acide, Al-Anoud, 19 ans, visage des femmes brutalis\u00e9es au Y\u00e9men<\/a> (AFP)<\/p>\n\n\n\n<p><span class=\"has-inline-color has-vivid-red-color\"><strong>2 F\u00e9vrier <\/strong><\/span><\/p>\n\n\n\n<p><a href=\"https:\/\/www.boursorama.com\/actualite-economique\/actualites\/le-kosovo-etablit-des-relations-avec-israel-et-ouvrira-une-ambassade-a-jerusalem-ed491e692e9b0a128a3430eea62a007f\">Le Kosovo \u00e9tablit des relations avec Isra\u00ebl et ouvrira une ambassade \u00e0 J\u00e9rusalem<\/a> (AFP)<\/p>\n\n\n\n<p><a href=\"https:\/\/www.alainet.org\/es\/node\/210789\">L\u2019antis\u00e9mitisme \u00ab&nbsp;\u00e0 la carte&nbsp;\u00bb du Centre Simon&nbsp;Wiesenthal<\/a>&nbsp;&nbsp;-Maurice Lemoine<\/p>\n\n\n\n<p><a href=\"https:\/\/www.saphirnews.com\/Dans-un-Liban-en-crise-chefs-chretiens-et-musulmans-appellent-a-sauver-la-nation-du-desastre_a27795.html\">Dans un Liban en crise, chefs chr\u00e9tiens et musulmans appellent \u00ab \u00e0 sauver la nation du d\u00e9sastre \u00bb<\/a> (SaphirNews.com)<\/p>\n\n\n\n<p><span class=\"has-inline-color has-vivid-red-color\"><strong>1er F\u00e9vrier <\/strong><\/span><\/p>\n\n\n\n<p><a href=\"https:\/\/www.boursorama.com\/actualite-economique\/actualites\/liban-echauffourees-entre-manifestants-et-forces-de-l-ordre-a-tripoli-25f0c52bbdb06d2b01254a03418427c9\">Liban: \u00e9chauffour\u00e9es entre manifestants et forces de l&rsquo;ordre \u00e0 Tripoli<\/a> (AFP)<\/p>\n\n\n\n<p><a href=\"https:\/\/orientxxi.info\/magazine\/palestine-abou-iyad-l-homme-du-fatah-victime-de-son-franc-parler,4481\">Palestine. Abou Iyad, l&rsquo;homme du Fatah qui parlait trop<\/a> (Orient XXI)<\/p>\n\n\n\n<p><a href=\"https:\/\/orientxxi.info\/lu-vu-entendu\/confidences-saoudiennes,4464\">Confidences saoudiennes<\/a> (Orient XXI)<\/p>\n\n\n\n<figure class=\"wp-block-image size-large is-resized is-style-default\"><img data-recalc-dims=\"1\" loading=\"lazy\" decoding=\"async\" src=\"https:\/\/i0.wp.com\/www.rdpemancipation.org\/wp-content\/uploads\/2021\/02\/81da33e06eebc824bfc2d23dd1ac4b3f.jpg?resize=374%2C362&#038;ssl=1\" alt=\"\" class=\"wp-image-14058\" width=\"374\" height=\"362\" srcset=\"https:\/\/i0.wp.com\/www.rdpemancipation.org\/wp-content\/uploads\/2021\/02\/81da33e06eebc824bfc2d23dd1ac4b3f.jpg?resize=1024%2C993&amp;ssl=1 1024w, https:\/\/i0.wp.com\/www.rdpemancipation.org\/wp-content\/uploads\/2021\/02\/81da33e06eebc824bfc2d23dd1ac4b3f.jpg?resize=300%2C291&amp;ssl=1 300w, https:\/\/i0.wp.com\/www.rdpemancipation.org\/wp-content\/uploads\/2021\/02\/81da33e06eebc824bfc2d23dd1ac4b3f.jpg?resize=768%2C745&amp;ssl=1 768w, https:\/\/i0.wp.com\/www.rdpemancipation.org\/wp-content\/uploads\/2021\/02\/81da33e06eebc824bfc2d23dd1ac4b3f.jpg?w=1090&amp;ssl=1 1090w\" sizes=\"auto, (max-width: 374px) 100vw, 374px\" \/><\/figure>\n\n\n\n<p><a href=\"https:\/\/www.boursorama.com\/actualite-economique\/actualites\/la-mere-d-une-francaise-detenue-en-syrie-entame-une-greve-de-la-faim-85d018cbe162a4a81f1034aec32cd285\">La m\u00e8re d&rsquo;une Fran\u00e7aise d\u00e9tenue en Syrie entame une gr\u00e8ve de la faim<\/a>&nbsp; (AFP)<\/p>\n","protected":false},"excerpt":{"rendered":"<p>28 F\u00e9vrier Libert\u00e9 pour les \u00e9tudiant.e.s palestinien.ne.s (Mutu ) Arm\u00e9nie&nbsp;: \u00ab&nbsp;Remplacer le nationalisme par un antimilitarisme lucide&nbsp;\u00bb&nbsp; (Alternative Libertaire) Isra\u00ebl accus\u00e9 d\u2019inonder les cultures de Gaza juste avant la r\u00e9colte (Middleeasteye) Coronavirus: Isra\u00ebl va vacciner les Palestiniens travaillant sur son sol (Reuters) Les rebelles au Y\u00e9men menacent l&rsquo;Arabie saoudite de nouvelles attaques (AFP) Le Choix &#8230; <a title=\"F\u00e9vrier -Proche &#038; Moyen Orient\" class=\"read-more\" href=\"https:\/\/www.rdpemancipation.org\/?p=13971\" aria-label=\"En savoir plus sur F\u00e9vrier -Proche &#038; Moyen Orient\">Lire la suite<\/a><\/p>\n","protected":false},"author":2,"featured_media":0,"comment_status":"closed","ping_status":"closed","sticky":false,"template":"","format":"standard","meta":{"_lmt_disableupdate":"no","_lmt_disable":"no","_jetpack_memberships_contains_paid_content":false,"footnotes":""},"categories":[18],"tags":[],"class_list":["post-13971","post","type-post","status-publish","format-standard","hentry","category-proche-moyen-orient"],"modified_by":"jmb","jetpack_featured_media_url":"","jetpack_sharing_enabled":true,"_links":{"self":[{"href":"https:\/\/www.rdpemancipation.org\/index.php?rest_route=\/wp\/v2\/posts\/13971","targetHints":{"allow":["GET"]}}],"collection":[{"href":"https:\/\/www.rdpemancipation.org\/index.php?rest_route=\/wp\/v2\/posts"}],"about":[{"href":"https:\/\/www.rdpemancipation.org\/index.php?rest_route=\/wp\/v2\/types\/post"}],"author":[{"embeddable":true,"href":"https:\/\/www.rdpemancipation.org\/index.php?rest_route=\/wp\/v2\/users\/2"}],"replies":[{"embeddable":true,"href":"https:\/\/www.rdpemancipation.org\/index.php?rest_route=%2Fwp%2Fv2%2Fcomments&post=13971"}],"version-history":[{"count":57,"href":"https:\/\/www.rdpemancipation.org\/index.php?rest_route=\/wp\/v2\/posts\/13971\/revisions"}],"predecessor-version":[{"id":18291,"href":"https:\/\/www.rdpemancipation.org\/index.php?rest_route=\/wp\/v2\/posts\/13971\/revisions\/18291"}],"wp:attachment":[{"href":"https:\/\/www.rdpemancipation.org\/index.php?rest_route=%2Fwp%2Fv2%2Fmedia&parent=13971"}],"wp:term":[{"taxonomy":"category","embeddable":true,"href":"https:\/\/www.rdpemancipation.org\/index.php?rest_route=%2Fwp%2Fv2%2Fcategories&post=13971"},{"taxonomy":"post_tag","embeddable":true,"href":"https:\/\/www.rdpemancipation.org\/index.php?rest_route=%2Fwp%2Fv2%2Ftags&post=13971"}],"curies":[{"name":"wp","href":"https:\/\/api.w.org\/{rel}","templated":true}]}}