{"id":13968,"date":"2021-02-01T10:04:34","date_gmt":"2021-02-01T09:04:34","guid":{"rendered":"https:\/\/www.rdpemancipation.org\/?p=13968"},"modified":"2021-02-28T18:16:47","modified_gmt":"2021-02-28T17:16:47","slug":"fevrier-amerique-du-nord","status":"publish","type":"post","link":"https:\/\/www.rdpemancipation.org\/?p=13968","title":{"rendered":"F\u00e9vrier-Am\u00e9rique du Nord"},"content":{"rendered":"\n<p><a href=\"https:\/\/www.boursorama.com\/actualite-economique\/actualites\/trump-remonte-dans-l-arene-a-la-grand-messe-des-conservateurs-americains-7a4a668a5236cdd34cd8392a38e0f372\">Trump remonte dans l&rsquo;ar\u00e8ne \u00e0 la grand-messe des conservateurs am\u00e9ricains<\/a> (AFP)<\/p>\n\n\n\n<p><a href=\"https:\/\/www.nytimes.com\/2021\/02\/27\/us\/republican-voter-suppression.html#click=https:\/\/t.co\/FNwRWsxFRF\">Les r\u00e9publicains lancent des propositions de loi pour restreindre l\u2019acc\u00e8s au vote dans 43 Etats US<\/a> (en anglais -The New York Times)<\/p>\n\n\n\n<p><a href=\"https:\/\/www.theguardian.com\/books\/2021\/feb\/28\/thaddeus-stevens-review-the-radical-republican-america-should-remember?CMP=Share_iOSApp_Other\">Nouvelle biographie de Thaddeus Stevens<\/a> (en anglais -The Guardian)<\/p>\n\n\n\n<p><a href=\"http:\/\/www.apple.fr\">Les Etats-Unis autorisent un troisi\u00e8me vaccin celui de Johnson and Johnson<\/a> (Le Monde)<\/p>\n\n\n\n<p><a href=\"https:\/\/www.les-crises.fr\/dans-un-climat-autoritaire-washington-reste-toujours-militarisee\/\">Dans un climat autoritaire, Washington reste toujours militaris\u00e9e &#8211; par Glenn Greenwald<\/a> (Les Crises)<\/p>\n\n\n\n<p><a href=\"https:\/\/geopragma.fr\/extraterritorialite-du-droit-americain-que-doit-faire-leurope\/\">Extraterritorialit\u00e9 du droit am\u00e9ricain : que doit faire l\u2019Europe ?<\/a> (G\u00e9opragma)<\/p>\n\n\n\n<p><a href=\"https:\/\/lvsl.fr\/la-strategie-de-sanders-face-aux-tergiversations-de-biden\/\">La strat\u00e9gie de Sanders face aux premi\u00e8res reculades de Biden<\/a> (LVSL)<\/p>\n\n\n\n<p><a href=\"https:\/\/www.boursorama.com\/actualite-economique\/actualites\/trump-remonte-dans-l-arene-a-la-grand-messe-des-conservateurs-americains-7a4a668a5236cdd34cd8392a38e0f372\">Trump remonte dans l&rsquo;ar\u00e8ne \u00e0 la grand-messe des conservateurs am\u00e9ricains<\/a> (AFP)<\/p>\n\n\n\n<p><a href=\"https:\/\/www.nytimes.com\/2021\/02\/27\/us\/republican-voter-suppression.html#click=https:\/\/t.co\/FNwRWsxFRF\">Les r\u00e9publicains lancent des propositions de loi pour restreindre l\u2019acc\u00e8s au vote dans 43 Etats US<\/a> (en anglais -The New York Times)<\/p>\n\n\n\n<p><a href=\"https:\/\/www.theguardian.com\/books\/2021\/feb\/28\/thaddeus-stevens-review-the-radical-republican-america-should-remember?CMP=Share_iOSApp_Other\">Nouvelle biographie de Thaddeus Stevens<\/a> (en anglais -The Guardian)<\/p>\n\n\n\n<p><a href=\"http:\/\/www.apple.fr\">Les Etats-Unis autorisent un troisi\u00e8me vaccin celui de Johnson and Johnson<\/a> -Le Monde<\/p>\n\n\n\n<p><a href=\"https:\/\/www.les-crises.fr\/dans-un-climat-autoritaire-washington-reste-toujours-militarisee\/\">Dans un climat autoritaire, Washington reste toujours militaris\u00e9e &#8211; par Glenn Greenwald<\/a> (Les Crises)<\/p>\n\n\n\n<p><a href=\"https:\/\/geopragma.fr\/extraterritorialite-du-droit-americain-que-doit-faire-leurope\/\">Extraterritorialit\u00e9 du droit am\u00e9ricain : que doit faire l\u2019Europe ?<\/a> (G\u00e9opragma)<\/p>\n\n\n\n<p><a href=\"https:\/\/lvsl.fr\/la-strategie-de-sanders-face-aux-tergiversations-de-biden\/\">La strat\u00e9gie de Sanders face aux premi\u00e8res reculades de Biden<\/a> (LVSL)<\/p>\n\n\n\n<figure class=\"wp-block-image size-large is-resized is-style-default\"><img data-recalc-dims=\"1\" loading=\"lazy\" decoding=\"async\" src=\"https:\/\/i0.wp.com\/www.rdpemancipation.org\/wp-content\/uploads\/2021\/02\/Trump-qu-p.jpg?resize=390%2C268&#038;ssl=1\" alt=\"\" class=\"wp-image-18120\" width=\"390\" height=\"268\" srcset=\"https:\/\/i0.wp.com\/www.rdpemancipation.org\/wp-content\/uploads\/2021\/02\/Trump-qu-p.jpg?w=760&amp;ssl=1 760w, https:\/\/i0.wp.com\/www.rdpemancipation.org\/wp-content\/uploads\/2021\/02\/Trump-qu-p.jpg?resize=300%2C207&amp;ssl=1 300w\" sizes=\"auto, (max-width: 390px) 100vw, 390px\" \/><\/figure>\n\n\n\n<p><strong><span class=\"has-inline-color has-vivid-red-color\">27 F\u00e9vrier en continu<\/span><\/strong><\/p>\n\n\n\n<p><a href=\"https:\/\/www.boursorama.com\/actualite-economique\/actualites\/usa-la-chambre-des-representants-adopte-le-plan-de-soutien-de-biden-478fcd52dd6c19e1ccef65ac53ea4daa\">USA: La Chambre des repr\u00e9sentants adopte le plan de soutien de Biden<\/a> (Reuters)<\/p>\n\n\n\n<p><a href=\"https:\/\/www.theguardian.com\/us-news\/2021\/feb\/26\/us-minimum-wage-senate-workers-react?CMP=Share_iOSApp_Other\">70% des Am\u00e9ricains favorables au SMIC horaire \u00e0 $15. Pas de corr\u00e9lation entre hausses des salaires et du ch\u00f4mage<\/a> (en anglais -The Guardian)<\/p>\n\n\n\n<p><a href=\"https:\/\/www.theguardian.com\/us-news\/2021\/feb\/26\/joe-biden-coronavirus-stimulus-bill-aid-package?CMP=Share_iOSApp_Other\">Chambre des Repr\u00e9sentants adopte plan de relance <\/a>(avec SMIC horaire $15 qui sera repouss\u00e9 au S\u00e9nat) (anglais, The Guardian)<\/p>\n\n\n\n<p><a href=\"https:\/\/www.revolutionpermanente.fr\/USA-Promesse-brisee-Biden-n-augmentera-pas-la-salaire-minimum\">USA. Promesse bris\u00e9e&nbsp;: Biden n\u2019augmentera pas le salaire minimum<\/a> (RP)<\/p>\n\n\n\n<p><a href=\"https:\/\/www.anti-k.org\/2021\/02\/27\/etats-unis-iran-la-france-doit-aider-au-dialogue\/\">\u00c9tats-Unis \/ Iran : la France doit aider au dialogue <\/a>(LFI)<\/p>\n\n\n\n<p><a href=\"https:\/\/www.humanite.fr\/ceux-qui-ont-dit-non-leonard-peltier-toute-lhistoire-des-indiens-damerique-700566#xtor=RSS-1\">\u00ab Ceux qui ont dit non \u00bb : Leonard Peltier, toute l\u2019histoire des Indiens d\u2019Am\u00e9rique<\/a> (L\u2019Humanit\u00e9)&nbsp;<\/p>\n\n\n\n<p><a href=\"https:\/\/www.theguardian.com\/world\/2021\/feb\/26\/jamal-khashoggi-mohammed-bin-salman-us-report?CMP=Share_iOSApp_Other\">Publication du rapport de la CIA impliquant MBS dans l\u2019assassinat de Khashoggi<\/a> (en anglais -The Guardian)<\/p>\n\n\n\n<p><a href=\"https:\/\/www.boursorama.com\/actualite-economique\/actualites\/trump-attendu-en-maitre-des-republicains-pour-son-grand-retour-public-c8e3f78cb3d980023de21d58d665591e\">Trump attendu en ma\u00eetre des r\u00e9publicains pour son grand retour public<\/a> (AFP)<\/p>\n\n\n\n<p><a href=\"https:\/\/mouvements.info\/covid-19-disparites-raciales-et-sante-communautaire-aux-etats-unis\/\">Covid-19, disparit\u00e9s raciales et sant\u00e9 communautaire aux Etats-Unis<\/a> (Mouvements)&nbsp;<\/p>\n\n\n\n<p><a href=\"https:\/\/lvsl.fr\/le-14e-amendement-peut-il-barrer-la-route-a-donald-trump\/\">Le 14e amendement peut-il barrer la route \u00e0 Donald Trump ?<\/a> (Le Vent Se L\u00e8ve)<\/p>\n\n\n\n<p><a href=\"https:\/\/www.boursorama.com\/actualite-economique\/actualites\/meurtre-de-khashoggi-washington-accuse-le-prince-saoudien-mais-ne-le-sanctionne-pas-ec75c5400b5a8133166fd9b242783e3a\">Meurtre de Khashoggi: Washington accuse le prince saoudien, mais ne le sanctionne pas<\/a> (AFP)<\/p>\n\n\n\n<p><a href=\"https:\/\/www.boursorama.com\/actualite-economique\/actualites\/raids-americain-en-signe-d-avertissement-contre-des-milices-pro-iran-en-syrie-521df5bd09042bd882bb30622ce1bfdf\">Raids am\u00e9ricain en signe d&rsquo;avertissement contre des milices pro-Iran en Syrie<\/a> (AFP)<\/p>\n\n\n\n<figure class=\"wp-block-image is-resized is-style-default\"><img loading=\"lazy\" decoding=\"async\" src=\"https:\/\/scontent.fsti4-1.fna.fbcdn.net\/v\/t1.0-9\/155202442_1154480278307772_4966872618144241786_n.jpg?_nc_cat=110&amp;ccb=3&amp;_nc_sid=730e14&amp;_nc_ohc=pE2iubhvrKEAX_Z5ETp&amp;_nc_ht=scontent.fsti4-1.fna&amp;oh=daeeb014d7351b08864d58caf48e56c9&amp;oe=605DD35E\" alt=\"Peut \u00eatre une image de debout, plein air et texte qui dit \u2019UNITE CeT LA POLITIQUE \u00c9TRANG\u00c8RE AM\u00c9RICAINE \u03a3DIA GEORGE H.W.BUSH BILL CLINTON GEORGE W. BUSH BARACK OBAMA DONALD TRUMP JOEBIDEN JOE BIDEN\u2019\" width=\"345\" height=\"354\"\/><\/figure>\n\n\n\n<p><strong><span class=\"has-inline-color has-vivid-red-color\">26 F\u00e9vrier <\/span><\/strong><\/p>\n\n\n\n<p><a href=\"https:\/\/www.lemonde.fr\/international\/article\/2021\/02\/26\/joe-biden-echoue-a-imposer-la-hausse-du-salaire-minimum-dans-son-plan-de-relance_6071249_3210.html\">Biden \u00e9choue \u00e0 imposer la hausse du salaire minimum dans son plan de relance<\/a> (Le Monde)<\/p>\n\n\n\n<p><a href=\"https:\/\/alt-rev.com\/2021\/02\/26\/etats-unis-la-longue-histoire-du-populisme-et-de-son-antidote\/\">Etats-Unis : la longue histoire du populisme\u2026 et de son antidote<\/a> (France culture)<\/p>\n\n\n\n<p><a href=\"https:\/\/www.dailyposter.com\/p\/breaking-secret-memo-shows-how-harris\">Harris pas chaude pour contrer l\u2019obstruction parlementaire au salaire minimum \u00e0 15$<\/a> (anglais -The Daily Poster)<\/p>\n\n\n\n<p><a href=\"https:\/\/www.anti-k.org\/2021\/02\/26\/pendant-la-pandemie-les-milliardaires-americains-senrichissent-toujours-plus\/\">\u00bb Pendant la pand\u00e9mie, les milliardaires am\u00e9ricains s\u2019enrichissent toujours plus <\/a>(Les Crises)<\/p>\n\n\n\n<figure class=\"wp-block-image is-resized is-style-default\"><img loading=\"lazy\" decoding=\"async\" src=\"https:\/\/i0.wp.com\/www.les-crises.fr\/wp-content\/uploads\/2021\/02\/2-3.png?w=400&amp;ssl=1\" alt=\"\" class=\"wp-image-260801\" width=\"605\" height=\"349\"\/><\/figure>\n\n\n\n<p><a href=\"https:\/\/www.revolutionpermanente.fr\/Texas-Apres-la-vague-de-froid-des-menages-recoivent-des-factures-d-electricite-allant-jusqu-a-17\">Texas. Apr\u00e8s la vague de froid, des m\u00e9nages re\u00e7oivent des factures d\u2019\u00e9lectricit\u00e9 allant jusqu\u2019\u00e0 17 000 dollars<\/a> (RP)<\/p>\n\n\n\n<p><a href=\"https:\/\/www.boursorama.com\/actualite-economique\/actualites\/harcelement-sexuel-les-appels-a-une-enquete-sur-le-gouverneur-de-new-york-se-multiplient-492c9fb1aec77590687bfcc46b3f7059\">Harc\u00e8lement sexuel: les appels \u00e0 une enqu\u00eate sur le gouverneur de New York se multiplient<\/a> (AFP)<\/p>\n\n\n\n<p><a href=\"http:\/\/www.apple.fr\">25 millions d\u2019Am\u00e9ricains, notamment des Latinx, boivent une eau impure<\/a> ( anglais -The Guardian)<\/p>\n\n\n\n<p><a href=\"https:\/\/www.theguardian.com\/us-news\/2021\/feb\/26\/trump-lawsuit-naacp-derrick-johnson?CMP=Share_iOSApp_Other\">La NAACP fait un proc\u00e8s \u00e0 Trump<\/a> (en anglais -The Guardian)<\/p>\n\n\n\n<p><a href=\"https:\/\/www.theguardian.com\/us-news\/2021\/feb\/26\/republicans-minimum-wage-bills-senate?CMP=Share_iOSApp_Other\">Deux contre-projets de loi r\u00e9publicains pour s\u2019opposer au salaire horaire minimum de 15$<\/a> (anglais -The Guardian)<\/p>\n\n\n\n<p><a href=\"https:\/\/www.theguardian.com\/us-news\/2021\/feb\/26\/malcolm-x-women-who-shaped-civil-rights-leader?CMP=Share_iOSApp_Other\">Malcolm X et les femmes<\/a> (en anglais -The Guardian)<\/p>\n\n\n\n<p><a href=\"https:\/\/www.theguardian.com\/us-news\/2021\/feb\/25\/california-coronavirus-variant-covid-vaccine?CMP=Share_iOSApp_Other\">Un variant californien du CV19<\/a> (anglais -The Guardian)<\/p>\n\n\n\n<p><a href=\"http:\/\/alencontre.org\/ameriques\/americnord\/usa\/etats-unis-changement-climatique-effet-domino-sur-des-infrastructures-et-polarisation-sociale.html\">Etats-Unis. Changement climatique, effet domino sur des infrastructures, et polarisation sociale <\/a>-Barry Sheppard (Alencontre)<\/p>\n\n\n\n<p><a href=\"https:\/\/rapportsdeforce.fr\/linternationale\/texas-vague-de-froid-peur-du-socialisme-chaos-02259442\">Texas : vague de froid + peur du socialisme = chaos<\/a> (Rapports de Force)<\/p>\n\n\n\n<p><a href=\"https:\/\/www.theguardian.com\/world\/2021\/feb\/25\/us-house-equality-act-lgbtq-americans-discrimination?CMP=Share_iOSApp_Other\" title=\"https:\/\/www.theguardian.com\/world\/2021\/feb\/25\/us-house-equality-act-lgbtq-americans-discrimination?CMP=Share_iOSApp_Other\">La Chambre des Repr\u00e9sentants vote loi d\u2019\u00e9galit\u00e9 en faveur minorit\u00e9s sexuelles (\u00e0 confirmer au s\u00e9nat)<\/a> (anglais -The Guardian)<\/p>\n\n\n\n<figure class=\"wp-block-image is-resized is-style-default\"><img data-recalc-dims=\"1\" loading=\"lazy\" decoding=\"async\" src=\"https:\/\/i0.wp.com\/i.guim.co.uk\/img\/media\/e15f5cea698f052629e3edb8ff6c38a907dc9543\/0_77_3500_2102\/master\/3500.jpg?resize=402%2C241&#038;ssl=1\" alt=\"LGBTQ+ advocates say they are confident the bill will become law because of its popularity among the American public.\" width=\"402\" height=\"241\"\/><\/figure>\n\n\n\n<p><strong><span class=\"has-inline-color has-vivid-red-color\">25 F\u00e9vrier <\/span><\/strong><\/p>\n\n\n\n<p><a href=\"https:\/\/reporterre.net\/Des-jeunes-Quebecois-veulent-poursuivre-le-gouvernement-canadien-pour-inaction-climatique\">Des jeunes Qu\u00e9b\u00e9cois veulent poursuivre le gouvernement canadien pour inaction climatique<\/a> (Reporterre)<\/p>\n\n\n\n<p><a href=\"https:\/\/www.humanite.fr\/joe-biden-et-le-nucleaire-iranien-decryptage-des-enjeux-700642#xtor=RSS-1\">Joe Biden et le nucl\u00e9aire iranien : d\u00e9cryptage des enjeux<\/a> (L\u2019Humanit\u00e9)&nbsp;<\/p>\n\n\n\n<p><a href=\"https:\/\/www.boursorama.com\/videos\/actualites\/etats-unis-la-virginie-devient-le-premier-etat-sudiste-a-abolir-la-peine-de-mort-e1ce0cd7e2c5c2486fc81294b1adc146\">\u00c9tats-Unis&nbsp;: la Virginie devient le premier \u00c9tat sudiste \u00e0 abolir la peine de mort<\/a> (France 24)<\/p>\n\n\n\n<p><a href=\"https:\/\/www.revolutionpermanente.fr\/Etats-Unis-Le-tribunal-innocente-les-policiers-qui-ont-tue-Daniel-Prude-par-asphyxie\">Etats-Unis. Le tribunal innocente les policiers qui ont tu\u00e9 Daniel Prude par asphyxie<\/a> (RP)<\/p>\n\n\n\n<p><a href=\"https:\/\/www.theguardian.com\/us-news\/2021\/feb\/24\/joe-biden-reverses-executive-actions-donald-trump-legacy?CMP=Share_iOSApp_Other\">Biden abroge divers d\u00e9crets de Trump<\/a> (anglais -The Guardian)<\/p>\n\n\n\n<p><a href=\"https:\/\/www.theguardian.com\/us-news\/2021\/feb\/24\/california-lawmakers-stop-deportations-ice-jail-transfers?CMP=Share_iOSApp_Other\">Les l\u00e9gislateurs californiens tentent d\u2019emp\u00eacher d\u00e9portation de prisonniers \u00e9trangers apr\u00e8s lev\u00e9e d\u2019\u00e9crou<\/a> (anglais -The Guardian)<\/p>\n\n\n\n<p><a href=\"https:\/\/www.theguardian.com\/society\/2021\/feb\/25\/claudette-colvin-the-woman-who-refused-to-give-up-her-bus-seat-nine-months-before-rosa-parks?CMP=Share_iOSApp_Other\">Entretien avec une militante historique des droits civiques aux USA<\/a> (anglais -The Guardian)<\/p>\n\n\n\n<figure class=\"wp-block-image size-large is-resized is-style-default\"><img data-recalc-dims=\"1\" loading=\"lazy\" decoding=\"async\" src=\"https:\/\/i0.wp.com\/www.rdpemancipation.org\/wp-content\/uploads\/2021\/02\/4385.jpg?resize=385%2C230&#038;ssl=1\" alt=\"\" class=\"wp-image-17634\" width=\"385\" height=\"230\" srcset=\"https:\/\/i0.wp.com\/www.rdpemancipation.org\/wp-content\/uploads\/2021\/02\/4385.jpg?resize=1024%2C614&amp;ssl=1 1024w, https:\/\/i0.wp.com\/www.rdpemancipation.org\/wp-content\/uploads\/2021\/02\/4385.jpg?resize=300%2C180&amp;ssl=1 300w, https:\/\/i0.wp.com\/www.rdpemancipation.org\/wp-content\/uploads\/2021\/02\/4385.jpg?resize=768%2C461&amp;ssl=1 768w, https:\/\/i0.wp.com\/www.rdpemancipation.org\/wp-content\/uploads\/2021\/02\/4385.jpg?w=1300&amp;ssl=1 1300w\" sizes=\"auto, (max-width: 385px) 100vw, 385px\" \/><\/figure>\n\n\n\n<p><a href=\"https:\/\/l.facebook.com\/l.php?u=https:\/\/www.liberation.fr\/international\/amerique\/a-houston-des-gens-sont-morts-et-beaucoup-vont-etre-ruines-20210223_K5WXFVZHDVF7PNBRBXPXI6LFPQ\/?fbclid=IwAR2rdKcUzKydsKNVzoi7T4wF_LhnzLRhT2mnLYuW48Q7v9hCfLIJIl7J9l8&amp;h=AT1CZSXALY9Fmz3DwjE2EITriGYAHfvMl8Yx_xlJIaxrL9LZE-bFFsLdPsI0ihauWh11o-IjOtwWEQdgkpeGrMka5TZOWTR1qH0zmaw3V3c6-Et_g0tAryDV3q8U15OzM6fDsOE&amp;__tn__=,mH-R&amp;c%5B0%5D=AT2GiH6V5oEbAVJ8fectZp20vO97unDK4ztPm0_ZnMIlZZM9PcBU5qAG3QAs6IPQE8Xm21tlkNuGXcQ08tbhpJ9f7gIz1TFGmbDnh0-nmzMIoHGByRvMcCG95tAnIv4zl2-gF4Bk7hOVIdgA9EALpeDPp02-PUT7CnyqroeoVj3mfN4\">&nbsp;A Houston, \u00abdes gens sont morts et beaucoup vont \u00eatre ruin\u00e9s\u00bb <\/a>(Lib\u00e9ration)<\/p>\n\n\n\n<p><a href=\"http:\/\/frances.prensa-latina.cu\/index.php?option=com_content&amp;view=article&amp;id=885713:retour-hostile-des-etats-unis-au-conseil-des-droits-de-lhomme-de-lonu&amp;opcion=pl-ver-noticia&amp;catid=19&amp;Itemid=101\">Retour hostile des \u00c9tats-Unis au Conseil des Droits de l\u2019Homme de l\u00b4ONU<\/a> (Prensa Latina)<\/p>\n\n\n\n<p><a href=\"https:\/\/www.theguardian.com\/world\/2021\/feb\/24\/evangelical-leaders-christian-nationalism-capitol-riot?CMP=Share_iOSApp_Other\">Des pasteurs \u00e9vang\u00e9listes &nbsp;US condamnent le national -christianisme<\/a> (anglais -The Guardian)<\/p>\n\n\n\n<p><a href=\"https:\/\/www.boursorama.com\/actualite-economique\/actualites\/covid-19-les-autorites-americaines-confirment-l-efficacite-du-vaccin-de-johnson-johnson-84726d52e8fd486bbcc28cb79b122113\">Covid-19: les autorit\u00e9s am\u00e9ricaines confirment l&rsquo;efficacit\u00e9 du vaccin de Johnson &amp; Johnson<\/a> (AFP)<\/p>\n\n\n\n<p><a href=\"http:\/\/www.apple.fr\">Biden a-t-il trop attendu pour reprendre contact avec l\u2019Iran?<\/a> (En anglais -Foreign Policy)&nbsp;<\/p>\n\n\n\n<p><a href=\"https:\/\/www.humanite.fr\/disparition-le-coeur-de-la-beat-generation-cesse-de-battre-700613#xtor=RSS-1\">Disparition. Le c\u0153ur de la Beat Generation a cess\u00e9 de battre<\/a> (L\u2019Humanit\u00e9)<\/p>\n\n\n\n<figure class=\"wp-block-image is-resized is-style-default\"><img data-recalc-dims=\"1\" loading=\"lazy\" decoding=\"async\" src=\"https:\/\/i0.wp.com\/www.humanite.fr\/sites\/default\/files\/styles\/1048x350\/public\/images\/82929.HR.jpg?resize=432%2C185&#038;ssl=1\" alt=\"\" width=\"432\" height=\"185\" title=\"\"\/><\/figure>\n\n\n\n<p><strong><span class=\"has-inline-color has-vivid-red-color\">24 F\u00e9vrier<\/span><\/strong><\/p>\n\n\n\n<p><a href=\"https:\/\/www.boursorama.com\/actualite-economique\/actualites\/les-etats-unis-veulent-reintegrer-le-conseil-des-droits-de-l-homme-de-l-onu-e16512e9f28f8233ac7e6cce4f333026\">Les Etats-Unis veulent r\u00e9int\u00e9grer le Conseil des droits de l&rsquo;homme de l&rsquo;Onu<\/a> (Reuters)<\/p>\n\n\n\n<p><a href=\"https:\/\/www.boursorama.com\/actualite-economique\/actualites\/usa-le-departement-de-la-justice-relance-l-enquete-sur-la-mort-de-floyd-7d663ecb84ac7171f768780cc44628d2\">USA: Le d\u00e9partement de la Justice relance l&rsquo;enqu\u00eate sur la mort de Floyd<\/a> (Reuters)<\/p>\n\n\n\n<p><a href=\"https:\/\/www.theguardian.com\/books\/2021\/feb\/23\/lawrence-ferlinghetti-poet-founder-city-lights-bookshop-dies-aged-101?CMP=Share_iOSApp_Other\">Mort de Lawrence Ferlinghetti<\/a> (en anglais -The Guardian)<\/p>\n\n\n\n<p><a href=\"https:\/\/www.nytimes.com\/2021\/02\/23\/us\/illinois-cash-bail-pritzker.html#click=https:\/\/t.co\/rsokWCmS0M\">Suppression des lib\u00e9rations provisoires sous caution en Illinois<\/a> (en anglais -The New York Times)<\/p>\n\n\n\n<p><a href=\"https:\/\/lanticapitaliste.org\/actualite\/international\/catastrophe-climatique-au-texas\">Catastrophe climatique au Texas<\/a> -Dan La Botz<\/p>\n\n\n\n<p><a href=\"https:\/\/theconversation.com\/whats-behind-15-000-electricity-bills-in-texas-155822\">La d\u00e9r\u00e9gulation explique les pics des prix d\u2019\u00e9lectricit\u00e9 au Texas<\/a> (en anglais -The Conversation).<\/p>\n\n\n\n<p><a href=\"https:\/\/foreignpolicy.com\/2021\/02\/16\/semiconductors-us-china-taiwan-technology-innovation-competition\/\">R\u00f4le des semi-conducteurs dans la concurrence technique entre USA et RPC<\/a> (en anglais -Foreign Policy)<\/p>\n\n\n\n<p><a href=\"https:\/\/www.theguardian.com\/education\/2021\/feb\/24\/us-universities-protests-cuts-tuition-right-to-unionize?CMP=Share_iOSApp_Other\">Licenciements massifs et demandes de r\u00e9duction des droits de scolarit\u00e9 dans les universit\u00e9s aux USA<\/a> (en anglais -The Guardian)<\/p>\n\n\n\n<p><a href=\"https:\/\/www.boursorama.com\/actualite-economique\/actualites\/biden-trudeau-rencontre-virtuelle-pour-apaiser-les-relations-americano-canadiennes-eee308e4086ea26993ba4b6a0e027a94\">Biden-Trudeau, rencontre virtuelle pour apaiser les relations am\u00e9ricano-canadiennes<\/a> (AFP)<\/p>\n\n\n\n<p><a href=\"https:\/\/www.humanite.fr\/etats-unis-covid-et-vaccins-linegalite-frappe-deux-fois-700499#xtor=RSS-1\">\u00c9tats-unis. Covid et vaccins : l\u2019in\u00e9galit\u00e9 frappe deux fois<\/a> (L\u2019Humanit\u00e9)<\/p>\n\n\n\n<p><a href=\"https:\/\/www.alainet.org\/es\/node\/211069\">Le r\u00e9cit qui fait le lien d\u2019un empire<\/a>&nbsp;&nbsp;-Jorge Majfud (ALAI)<\/p>\n\n\n\n<p><a href=\"https:\/\/theconversation.com\/how-black-cartographers-put-racism-on-the-map-of-america-155081\">La cartographie, outil contestataire aux USA<\/a> (en anglais -The Conversation)<\/p>\n\n\n\n<p><a href=\"https:\/\/www.humanite.fr\/etats-unis-une-enorme-bataille-est-en-cours-pour-le-salaire-minimum-15-dollars-700448#xtor=RSS-1\">\u00c9tats-Unis. \u00ab Une \u00e9norme bataille est en cours pour le salaire minimum \u00e0 15 dollars \u00bb<\/a> (L\u2019Humanit\u00e9)&nbsp;<\/p>\n\n\n\n<p><a href=\"https:\/\/www.lesnouvellesnews.fr\/kamala-harris-personnalite-la-plus-attaquee-sur-les-reseaux-sociaux\/\">Kamala Harris, personnalit\u00e9 la plus attaqu\u00e9e sur les r\u00e9seaux sociaux <\/a>(Les Nouvelles News)&nbsp;<\/p>\n\n\n\n<p><a href=\"https:\/\/www.boursorama.com\/actualite-economique\/actualites\/nous-avions-un-mauvais-plan-selon-les-ex-chefs-de-la-securite-du-capitole-74bb276f39319de5dbfd0c7e3c01f6ba\">\u00ab\u00a0Nous avions un mauvais plan\u00a0\u00bb, selon les ex-chefs de la s\u00e9curit\u00e9 du Capitole<\/a> (AFP)<\/p>\n\n\n\n<figure class=\"wp-block-image size-large is-resized is-style-default\"><img data-recalc-dims=\"1\" loading=\"lazy\" decoding=\"async\" src=\"https:\/\/i0.wp.com\/www.rdpemancipation.org\/wp-content\/uploads\/2021\/02\/0fcf4a412d03c0adf0916c0c4e01d5e8-760x487-1.jpg?resize=410%2C262&#038;ssl=1\" alt=\"\" class=\"wp-image-17439\" width=\"410\" height=\"262\" srcset=\"https:\/\/i0.wp.com\/www.rdpemancipation.org\/wp-content\/uploads\/2021\/02\/0fcf4a412d03c0adf0916c0c4e01d5e8-760x487-1.jpg?w=760&amp;ssl=1 760w, https:\/\/i0.wp.com\/www.rdpemancipation.org\/wp-content\/uploads\/2021\/02\/0fcf4a412d03c0adf0916c0c4e01d5e8-760x487-1.jpg?resize=300%2C192&amp;ssl=1 300w\" sizes=\"auto, (max-width: 410px) 100vw, 410px\" \/><\/figure>\n\n\n\n<p><strong><span class=\"has-inline-color has-vivid-red-color\">23 F\u00e9vrier<\/span><\/strong><\/p>\n\n\n\n<p><a href=\"https:\/\/www.boursorama.com\/actualite-economique\/actualites\/le-parlement-canadien-reconnait-un-genocide-contre-les-ouighours-la-chine-proteste-f3e14e8dfc939f87bc4add9ea7dc6264\">Le Parlement canadien reconna\u00eet un \u00ab\u00a0g\u00e9nocide\u00a0\u00bb contre les Ou\u00efghours, la Chine proteste<\/a> (AFP)<\/p>\n\n\n\n<p><a href=\"http:\/\/www.apple.fr\">Un peu d\u2019histoire sur le r\u00f4le des USA dans les massacres en Indon\u00e9sie en 1965<\/a> (Les Crises)<\/p>\n\n\n\n<p><a href=\"https:\/\/alencontre.org\/ameriques\/americnord\/usa\/etats-unis-texas-le-marche-libre-de-lelectricite-congele-par-un-froid-polaire.html\">Etats-Unis-Texas. Le march\u00e9 libre de l\u2019\u00e9lectricit\u00e9 congel\u00e9 par un froid polaire <\/a>-James K. Galbraith<\/p>\n\n\n\n<p><a href=\"https:\/\/www.liberation.fr\/international\/amerique\/la-cour-supreme-contraint-a-rendre-publiques-les-declarations-dimpots-de-trump-20210222_YBABVPK2VRDNHJMNHEAQOQKRS4\/?outputType=amp\">La Cour supr\u00eame contraint Trump \u00e0 rendre publiques ses d\u00e9clarations d\u2019imp\u00f4ts<\/a> (Lib\u00e9ration)<\/p>\n\n\n\n<p><a href=\"https:\/\/messaging-custom-newsletters.nytimes.com\/template\/oakv2?campaign_id=56&amp;emc=edit_cn_20210223&amp;instance_id=27376&amp;nl=on-politics-with-lisa-lerer&amp;productCode=CN&amp;regi_id=73225517&amp;segment_id=52142&amp;te=1&amp;uri=nyt%3A%2F%2Fnewsletter%2F531f7a21-8332-5986-9e39-aaaf8a43f71c&amp;user_id=79b3ba8fa9a5fe4d1947a95eb56c737c\">Biden pr\u00e9pare une loi sur l\u2019immigration moins r\u00e9pressive pour courtiser le vote Latin (<\/a>en anglais -The New York Times)<\/p>\n\n\n\n<p><a href=\"https:\/\/foreignpolicy.com\/2021\/02\/21\/a-world-without-war\/\">Compte-rendu : un livre sur la surestimation des menaces aux USA<\/a> (en anglais -Foreign Policy).<\/p>\n\n\n\n<figure class=\"wp-block-image is-resized is-style-default\"><img data-recalc-dims=\"1\" loading=\"lazy\" decoding=\"async\" src=\"https:\/\/i0.wp.com\/foreignpolicy.com\/wp-content\/uploads\/2021\/02\/GettyImages-world-without-war-1229504984.jpg?resize=403%2C268&#038;ssl=1\" alt=\"The U.S. Marine Corp\u2019s Iwo Jima Memorial can be seen as sun begins to rise behind the U.S. Capitol and Washington Monument in Arlington, Virginia on Nov. 7, 2020.\" width=\"403\" height=\"268\"\/><\/figure>\n\n\n\n<p><strong><span class=\"has-inline-color has-vivid-red-color\">22 F\u00e9vrier <\/span><\/strong><\/p>\n\n\n\n<p><a href=\"https:\/\/europe-solidaire.us8.list-manage.com\/track\/click?u=5c732dd5ee65845cf20fd724a&amp;id=208b8ed6e3&amp;e=5df9c98670\">Qu\u00e9bec. N\u00e9gociation dans les secteurs public et parapublic<\/a> (Presse-toi \u00e0 gauche)<\/p>\n\n\n\n<p><a href=\"https:\/\/thehill.com\/homenews\/politics-101\/539779-almost-half-of-republicans-would-join-trump-party-poll\">Sondage : presque la moiti\u00e9 des R\u00e9publicains pr\u00e8s \u00e0 suivre Trump dans un nouveau parti<\/a> (en anglais -The Hill)<\/p>\n\n\n\n<p><a href=\"https:\/\/www.lemonde.fr\/international\/article\/2021\/02\/22\/la-famille-de-malcolm-x-demande-la-reouverture-de-l-enquete-sur-son-meurtre_6070758_3210.html\">La famille de Malcolm X demande r\u00e9ouverture de l\u2019enqu\u00eate sur son meurtre<\/a> (Le Monde)<\/p>\n\n\n\n<p><a href=\"https:\/\/www.theguardian.com\/us-news\/2021\/feb\/21\/malcolm-x-death-family-letter-nypd-fbi?CMP=Share_iOSApp_Other\">Le FBI et la police new-yorkaise indirectement impliqu\u00e9s dans le meurtre de Malcolm X?<\/a> (En anglais -The Guardian)<\/p>\n\n\n\n<figure class=\"wp-block-image is-resized is-style-default\"><img data-recalc-dims=\"1\" loading=\"lazy\" decoding=\"async\" src=\"https:\/\/i0.wp.com\/i.guim.co.uk\/img\/media\/299de5095142693092a78ac7359fa2ca10788760\/0_190_3577_2146\/master\/3577.jpg?resize=397%2C238&#038;ssl=1\" alt=\"Malcolm X in 1965.\" width=\"397\" height=\"238\"\/><\/figure>\n\n\n\n<p>\u00ab\u00a0<a href=\"https:\/\/europe-solidaire.us8.list-manage.com\/track\/click?u=5c732dd5ee65845cf20fd724a&amp;id=29a0195705&amp;e=5df9c98670\">Parler\u00a0\u00bb, la plateforme de l&rsquo;extr\u00eame droite am\u00e9ricaine, est \u00e0 nouveau en ligne<\/a> (Courrier International)<\/p>\n\n\n\n<p><strong><span class=\"has-inline-color has-vivid-red-color\">21 F\u00e9vrier <\/span><\/strong><\/p>\n\n\n\n<p><a href=\"https:\/\/www.cahiersdusocialisme.org\/les-droites-quelles-droites-no-23-hiver-2020\/\">Canada: les droites, quelles droites?<\/a> (NCS)<\/p>\n\n\n\n<p><a href=\"https:\/\/www.boursorama.com\/actualite-economique\/actualites\/coronavirus-les-americains-pourraient-devoir-encore-porter-un-masque-en-2022-3d623b8606574a37f9fe0e6320464212\">Coronavirus: Les Am\u00e9ricains pourraient devoir encore porter un masque en 2022<\/a> (Reuters)<\/p>\n\n\n\n<p><a href=\"https:\/\/www.boursorama.com\/actualite-economique\/actualites\/covid-19-les-etats-unis-se-rapprochent-du-sombre-cap-des-500-000-morts-3af46844f34a1b78f10e944fc9de2ed5\">Covid-19: les Etats-Unis se rapprochent du sombre cap des 500.000 morts<\/a> (AFP)<\/p>\n\n\n\n<p><a href=\"https:\/\/www.nybooks.com\/daily\/2021\/02\/19\/americas-hidden-gulag\/?utm_source=nybooks&amp;utm_medium=email&amp;utm_campaign=email-share\">Le Goulag cach\u00e9 aux USA<\/a> (NYT Review of books)<\/p>\n\n\n\n<p><a href=\"https:\/\/lenumerozero.mediaslibres.org\/Malcolm-X-est-assassine-le-21-fevrier-1965-5133\">Malcolm X est assassin\u00e9 le 21 f\u00e9vrier 1965<\/a> (Num\u00e9ro Z\u00e9ro)<\/p>\n\n\n\n<p><a href=\"https:\/\/www.les-crises.fr\/exercices-conjoints-etats-unis-coree-du-sud-un-point-critique-de-tensions-militaires-et-politiques\/\">\u00c9tats-Unis : Nouvelles tensions apr\u00e8s l&rsquo;annonce d&rsquo;exercices de guerre conjoints avec la Cor\u00e9e du Sud<\/a> (Les Crises)<\/p>\n\n\n\n<p><a href=\"http:\/\/www.entelekheia.fr\/2021\/01\/28\/retour-de-baton-les-sanctions-de-trump-contre-le-yemen-se-retournent-contre-les-usa\/\">Retour de b\u00e2ton : les sanctions de Trump contre le Y\u00e9men se retournent contre les USA<\/a> (MintPress)<\/p>\n\n\n\n<p><a href=\"https:\/\/www.les-crises.fr\/etats-unis-le-nouveau-secretaire-a-la-defense-invite-japon-et-coree-du-sud-a-renforcer-leurs-liens-militaires-face-a-la-chine\/\">\u00c9tats-Unis : Le Secr\u00e9taire \u00e0 la d\u00e9fense invite Japon et Cor\u00e9e du Sud \u00e0 renforcer leurs liens militaires face \u00e0 la Chine<\/a> (Les Crises)<\/p>\n\n\n\n<p><a href=\"https:\/\/www.les-crises.fr\/un-decret-de-biden-exige-la-fin-des-contrats-du-ministere-de-la-justice-avec-les-prisons-privees\/\">\u00c9tats-Unis : La fin des contrats du minist\u00e8re de la Justice avec les prisons priv\u00e9es ?<\/a> (Les Crises)<\/p>\n\n\n\n<p><a href=\"https:\/\/www.les-crises.fr\/quel-sera-l-effet-du-decret-buy-american-de-joe-biden\/\">Buy American \u00bb : Le d\u00e9cret protectionniste de Biden sera-t-il vraiment efficace ?<\/a> (Les Crises)<\/p>\n\n\n\n<div class=\"wp-block-image is-style-default\"><figure class=\"aligncenter is-resized\"><img data-recalc-dims=\"1\" decoding=\"async\" src=\"https:\/\/i0.wp.com\/www.les-crises.fr\/wp-content\/uploads\/2021\/02\/1.jpeg?w=1200&#038;ssl=1\" alt=\"\" class=\"wp-image-260403\"  \/><\/figure><\/div>\n\n\n\n<p><strong><span class=\"has-inline-color has-vivid-red-color\">20 F\u00e9vrier <\/span><\/strong><\/p>\n\n\n\n<p><a href=\"https:\/\/www.franceameriquelatine.org\/etats-unis-amerique-latine-perspectives-biden-visioconference-iris-afd\/\">\u00c9tats-Unis\/Am\u00e9rique Latine : quelles perspectives apr\u00e8s l\u2019\u00e9lection de Joe Biden ? <\/a>-visioconf\u00e9rence (IRIS-AFD)<\/p>\n\n\n\n<p><a href=\"https:\/\/www.franceameriquelatine.org\/defis-biden-amerique-latine-marie-france-chatin-rfi\/\">Les d\u00e9fis de Joe Biden en Am\u00e9rique latine (<\/a>RFI<a href=\"https:\/\/www.franceameriquelatine.org\/defis-biden-amerique-latine-marie-france-chatin-rfi\/\">)<\/a><\/p>\n\n\n\n<p><a href=\"https:\/\/www.panorapost.com\/post.php?id=30615&amp;fbclid=IwAR3Tg4odej11i7EUO_4xcp_0O2GCEoYQdUYzILVLcV-A4Favy3EkfxocInI\">Nicolas Gachon: Biden face aux reliques du \u00ab\u00a0Trumpisme\u00a0\u00bb<\/a> (Panorama Post)<\/p>\n\n\n\n<p><a href=\"https:\/\/www.juancole.com\/2021\/02\/challenge-eurasian-incorporate.html\">L\u2019Iran va adh\u00e9rer \u00e0 l\u2019Union Eurasienne, ce qui va compliquer le jeu des USA<\/a> (en anglais -Juan Cole)<\/p>\n\n\n\n<p><a href=\"https:\/\/newrepublic.com\/article\/161380\/trump-second-impeachment-acquittal-predictable-politics?utm_source=newsletter&amp;utm_medium=email&amp;utm_campaign=tnr_weekly\">La majorit\u00e9 des R\u00e9publicains traitent les D\u00e9mocrates en ennemis, et les D\u00e9mocrates les R\u00e9publicains en adversaires<\/a> (anglais -The New Republic)<\/p>\n\n\n\n<p><a href=\"https:\/\/fr.myeurop.info\/2021\/02\/20\/rapprochement-entre-biden-et-lalliance-transaltantique\/\">Rapprochement entre Biden et l\u2019alliance transaltantique<\/a> (Myeurop.info)<\/p>\n\n\n\n<p><a href=\"https:\/\/www.cahiersdusocialisme.org\/les-communautes-autochtones-face-a-la-covid\/\">Canada: Les communaut\u00e9s autochtones face \u00e0 la COVID<\/a> (Nouveaux cahiers du socialisme)<\/p>\n\n\n\n<figure class=\"wp-block-image is-resized is-style-default\"><img loading=\"lazy\" decoding=\"async\" src=\"https:\/\/i2.wp.com\/www.cahiersdusocialisme.org\/wp-content\/uploads\/michel3.jpg?resize=641%2C427&amp;ssl=1\" alt=\"\" width=\"419\" height=\"279\" title=\"michel3\"\/><\/figure>\n\n\n\n<p><a href=\"https:\/\/orientxxi.info\/magazine\/joe-biden-le-proche-orient-et-emmanuel-macron,4520\">Joe Biden, le Proche-Orient et Emmanuel Macron<\/a> -Sylvain Cypel (Orient XXI)<\/p>\n\n\n\n<p><a href=\"https:\/\/alt-rev.com\/2021\/02\/20\/la-strategie-de-sanders-face-aux-premieres-reculades-de-biden\/\">La strat\u00e9gie de Sanders face aux premi\u00e8res reculades de Biden<\/a> (Le vent se l\u00e8ve)<\/p>\n\n\n\n<p><a href=\"http:\/\/www.apple.fr\">Opinions partag\u00e9es au d\u00e9partement d\u2019Etat sur le \u00ab g\u00e9nocide des Ou\u00efgours \u00ab<\/a> &nbsp;(en anglais -Foreign Policy)<\/p>\n\n\n\n<p><a href=\"https:\/\/www.boursorama.com\/actualite-economique\/actualites\/climat-les-etats-unis-officiellement-de-retour-dans-l-accord-de-paris-a1a015e19da244f4aed3774e3debc4b1\">Climat: les Etats-Unis officiellement de retour dans l&rsquo;accord de Paris<\/a> (AFP)<\/p>\n\n\n\n<p><strong><span class=\"has-inline-color has-vivid-red-color\">19 F\u00e9vrier en continu<\/span><\/strong><\/p>\n\n\n\n<p><a href=\"https:\/\/www.cahiersdusocialisme.org\/une-mobilisation-citoyenne-pour-redresser-la-barre-en-education\/\">Canada: Une mobilisation citoyenne pour redresser la barre en \u00e9ducation<\/a> (Nouveaux Cahiers du socialisme)<\/p>\n\n\n\n<p><a href=\"https:\/\/www.ft.com\/content\/d8b9629a-92b1-4e02-92b7-41e9152d56ea\">Propositions de Macron \u00e0 Biden<\/a> (en anglais -Financial Times).<\/p>\n\n\n\n<p><a href=\"https:\/\/theconversation.com\/le-culte-de-la-liberte-dexpression-aux-etats-unis-155577\">Le culte de la libert\u00e9 d\u2019expression aux Etats-Unis<\/a> (The Conversation)<\/p>\n\n\n\n<p><a href=\"http:\/\/newamerica.org\/political-reform\/reports\/misogynist-incels-and-male-supremacism\/\">Nouvelles formes de misogynie aux USA<\/a> (en anglais -New America)<\/p>\n\n\n\n<p><a href=\"https:\/\/thehill.com\/homenews\/administration\/539584-biden-warns-european-allies-that-democratic-progress-is-under-assault\">Discours de Biden au G7 et \u00e0 la conf\u00e9rence de Munich sur la s\u00e9curit\u00e9<\/a> (en anglais -The Hill)<\/p>\n\n\n\n<p><a href=\"https:\/\/lanticapitaliste.org\/actualite\/international\/etats-unis-comment-ont-evolue-les-deux-partis-du-capital\">\u00c9tats-Unis&nbsp;: comment ont \u00e9volu\u00e9 les deux partis du capital<\/a> -Dianne Feeley<\/p>\n\n\n\n<p><a href=\"https:\/\/www.boursorama.com\/actualite-economique\/actualites\/usa-les-risques-de-faillites-d-entreprises-restent-considerables-selon-la-fed-38fde629718929966135d9eedfedff28\">USA: Les risques de faillites d&rsquo;entreprises \u00ab\u00a0restent consid\u00e9rables\u00a0\u00bb selon la Fed<\/a> (Reuters)<\/p>\n\n\n\n<figure class=\"wp-block-image size-large is-resized is-style-default\"><img data-recalc-dims=\"1\" loading=\"lazy\" decoding=\"async\" src=\"https:\/\/i0.wp.com\/www.rdpemancipation.org\/wp-content\/uploads\/2021\/02\/ef2386966742b9649770c614ea4e38d9-760x507-1.jpg?resize=411%2C273&#038;ssl=1\" alt=\"\" class=\"wp-image-16788\" width=\"411\" height=\"273\" srcset=\"https:\/\/i0.wp.com\/www.rdpemancipation.org\/wp-content\/uploads\/2021\/02\/ef2386966742b9649770c614ea4e38d9-760x507-1.jpg?w=760&amp;ssl=1 760w, https:\/\/i0.wp.com\/www.rdpemancipation.org\/wp-content\/uploads\/2021\/02\/ef2386966742b9649770c614ea4e38d9-760x507-1.jpg?resize=300%2C200&amp;ssl=1 300w\" sizes=\"auto, (max-width: 411px) 100vw, 411px\" \/><\/figure>\n\n\n\n<p><strong><span class=\"has-inline-color has-vivid-red-color\">18 F\u00e9vrier <\/span><\/strong><\/p>\n\n\n\n<p><a href=\"https:\/\/www.cahiersdusocialisme.org\/lausterite-nest-pas-une-option\/\">Canada: L\u2019aust\u00e9rit\u00e9 n\u2019est pas une option<\/a> -Judith Trudeau (Le Devoir)<\/p>\n\n\n\n<p><a href=\"https:\/\/www.cahiersdusocialisme.org\/la-question-nationale-revisitee-enjeux-strategies-et-convergences-no-24-automne-2020\/\">Canada: La question nationale revisit\u00e9e. Enjeux, strat\u00e9gies et convergences&nbsp;<\/a> (NCS)<\/p>\n\n\n\n<figure class=\"wp-block-image size-large is-resized is-style-default\"><img data-recalc-dims=\"1\" loading=\"lazy\" decoding=\"async\" src=\"https:\/\/i0.wp.com\/www.rdpemancipation.org\/wp-content\/uploads\/2021\/02\/No24_COUV_400x600px.jpg?resize=353%2C530&#038;ssl=1\" alt=\"\" class=\"wp-image-16609\" width=\"353\" height=\"530\"\/><\/figure>\n\n\n\n<p><a href=\"https:\/\/www.theguardian.com\/us-news\/2021\/feb\/18\/new-us-laws-to-give-undocumented-migrants-a-pathway-to-citizenship?CMP=Share_iOSApp_Other\">Projet de r\u00e9forme de la l\u00e9gislation sur l\u2019immigration aux USA<\/a> (en anglais -The Guardian).<\/p>\n\n\n\n<p><a href=\"https:\/\/www.boursorama.com\/actualite-economique\/actualites\/new-york-poursuit-amazon-pour-avoir-neglige-ses-employes-pendant-la-pandemie-5faa17e10b13911beede04a79a9a3023\">New York poursuit Amazon pour avoir n\u00e9glig\u00e9 ses employ\u00e9s pendant la pand\u00e9mie<\/a> (AFP)<\/p>\n\n\n\n<p><a href=\"https:\/\/www.politis.fr\/articles\/2021\/02\/joe-biden-a-gauche-mais-pas-trop-42844\/\">Joe Biden, \u00e0 gauche mais pas trop &#8211; <\/a>Alexis Buisson (Politis)&nbsp;<\/p>\n\n\n\n<p><a href=\"https:\/\/www.lopinion.fr\/edition\/wsj\/oubliez-voitures-conducteur-pentagone-veut-navires-chars-avions-236778?utm_source=twitter&amp;utm_medium=social&amp;utm_campaign=barre-partage-site\">Oubliez les voitures, le Pentagone veut des navires, des chars et des avions autonomes<\/a> (L\u2019Opinion)<\/p>\n\n\n\n<p><a href=\"https:\/\/www.cjr.org\/analysis\/what-the-trump-administration-meant-for-freedom-of-information-requests.php\">Bilan de la libert\u00e9 d\u2019acc\u00e8s aux archives sous la pr\u00e9sidence Trump<\/a> (en anglais -Columbia Journalism Review)<\/p>\n\n\n\n<p><a href=\"https:\/\/thehill.com\/homenews\/campaign\/539257-trump-hits-gop-establishment-in-first-post-presidency-interview\">Trump s\u2019en prend ouvertement \u00e0 McConnell<\/a> (en anglais -The Hill)<\/p>\n\n\n\n<p><a href=\"https:\/\/orientxxi.info\/magazine\/joe-biden-le-proche-orient-et-emmanuel-macron,4520\">Joe Biden, le Proche-Orient et Emmanuel Macron<\/a> (Orient XXI)<\/p>\n\n\n\n<p><a href=\"http:\/\/alencontre.org\/ameriques\/americnord\/usa\/etats-unis-la-fausse-fenetre-dune-destitution-manquee-les-composantes-reactionnaires-coalisees-par-trump-et-la-venir-des-republicains.html\">Les composantes r\u00e9actionnaires coalis\u00e9es par Trump et l\u2019\u00e0-venir des r\u00e9publicains <\/a>-Malik Miah et Barry Sheppard<\/p>\n\n\n\n<p><a href=\"http:\/\/alencontre.org\/ameriques\/americnord\/usa\/etats-unis-pourquoi-amazon-se-mobilise-t-elle-contre-la-syndicalisation-dun-entrepot-cette-firme-geante-change-la-nature-du-travail.html\">Amazon se mobilise contre la syndicalisation d\u2019un entrep\u00f4t car la firme&nbsp; change la nature du travail <\/a>(Alencontre)<\/p>\n\n\n\n<p><a href=\"https:\/\/www.theguardian.com\/us-news\/2021\/feb\/17\/california-bill-decriminalize-psychedelic-drugs?CMP=Share_iOSApp_Other\">Projet de d\u00e9p\u00e9nalisation de la consommation de drogues psych\u00e9d\u00e9liques en Californie<\/a> (en anglais -The Guardian)<\/p>\n\n\n\n<p><a href=\"https:\/\/reporterre.net\/Au-Groenland-les-debats-autour-d-une-mine-d-uranium-font-tomber-le-gouver\">Au Groenland, les d\u00e9bats autour d&rsquo;une mine d&rsquo;uranium font tomber le gouvernement<\/a> ( Reporterre)<\/p>\n\n\n\n<figure class=\"wp-block-image is-resized is-style-default\"><img data-recalc-dims=\"1\" loading=\"lazy\" decoding=\"async\" src=\"https:\/\/i0.wp.com\/reporterre.net\/local\/cache-vignettes\/L720xH480\/arton22324-03276.jpg?resize=405%2C269&#038;ssl=1\" alt=\"Au Groenland, les d\u00e9bats autour d'une mine d'uranium font tomber le gouvernement\" width=\"405\" height=\"269\"\/><\/figure>\n\n\n\n<p><strong><span class=\"has-inline-color has-vivid-red-color\">17 F\u00e9vrier <\/span><\/strong><\/p>\n\n\n\n<p><a href=\"https:\/\/www.boursorama.com\/actualite-economique\/actualites\/new-york-poursuit-amazon-pour-avoir-neglige-ses-employes-pendant-la-pandemie-5faa17e10b13911beede04a79a9a3023\">New York poursuit Amazon pour avoir n\u00e9glig\u00e9 ses employ\u00e9s pendant la pand\u00e9mie<\/a> (AFP)<\/p>\n\n\n\n<p><a href=\"https:\/\/www.politis.fr\/articles\/2021\/02\/joe-biden-a-gauche-mais-pas-trop-42844\/\">Joe Biden, \u00e0 gauche mais pas trop &#8211; Alexis Buisson<\/a> (Politis)&nbsp;<\/p>\n\n\n\n<p><a href=\"https:\/\/www.lopinion.fr\/edition\/wsj\/oubliez-voitures-conducteur-pentagone-veut-navires-chars-avions-236778?utm_source=twitter&amp;utm_medium=social&amp;utm_campaign=barre-partage-site\">Oubliez les voitures, le Pentagone veut des navires, des chars et des avions autonomes<\/a> (L\u2019Opinion)<\/p>\n\n\n\n<p><a href=\"https:\/\/www.boursorama.com\/actualite-economique\/actualites\/trump-vs-mcconnell-chez-les-republicains-la-guerre-est-declaree-0d1ccc94b45ace23891b54ae5c665cd1\">Trump vs McConnell: chez les r\u00e9publicains, la guerre est d\u00e9clar\u00e9e<\/a> (AFP)<\/p>\n\n\n\n<p><a href=\"https:\/\/www.lemonde.fr\/international\/article\/2021\/02\/17\/etats-unis-donald-trump-appelle-les-republicains-a-se-retourner-contre-leur-chef-au-senat-mitch-mcconnell_6070207_3210.html\">Trump appelle les R\u00e9publicains \u00e0 se retourner contre leur chef au S\u00e9nat<\/a> (Le Monde)<\/p>\n\n\n\n<p><a href=\"https:\/\/www.theguardian.com\/business\/2021\/feb\/16\/revealed-monsanto-mexico-us-glyphosate-ban?CMP=Share_iOSApp_Other\">Trump a second\u00e9 les pressions de Monsanto sur le Mexique pour l\u2019emp\u00eacher d\u2019interdire le glyphosphate<\/a> (en anglais -The Guardian)<\/p>\n\n\n\n<p><a href=\"https:\/\/theconversation.com\/les-insurges-du-capitole-ne-sont-pas-les-rednecks-que-vous-croyez-154359\">Les insurg\u00e9s du Capitole ne sont pas les rednecks que vous croyez<\/a> (The Conversation)<\/p>\n\n\n\n<p><a href=\"https:\/\/www.lemonde.fr\/international\/article\/2021\/02\/17\/une-vague-de-froid-historique-aux-etats-unis-plus-de-3-5-millions-de-foyers-prives-d-electricite-au-texas_6070225_3210.html\">Vague de froid historique aux USA -Plus de 3,5 millions priv\u00e9s d\u2019\u00e9lectricit\u00e9 au Texas<\/a> (Le Monde)<\/p>\n\n\n\n<p><a href=\"https:\/\/lanticapitaliste.org\/actualite\/international\/trump-acquitte-biden-se-concentre-sur-son-plan-de-soutien\">Trump acquitt\u00e9, Biden se concentre sur son plan de soutien<\/a> -Dan La Botz<\/p>\n\n\n\n<p><a href=\"https:\/\/www.theguardian.com\/us-news\/2021\/feb\/16\/joe-biden-coronavirus-town-hall-stimulus?CMP=Share_iOSApp_Other\">Biden promet que tous les Am\u00e9ricains seront vaccin\u00e9s contre le CV19 fin juillet<\/a> (en anglais -The Guardian)<\/p>\n\n\n\n<p><a href=\"https:\/\/www.theguardian.com\/us-news\/2021\/feb\/16\/trump-2024-poll-republicans-most-popular-candidate?CMP=Share_iOSApp_Other\">54% des \u00e9lecteurs r\u00e9publicains pr\u00eats \u00e0 revoter pour Trump en 2024 <\/a>(en anglais -The Guardian)<\/p>\n\n\n\n<figure class=\"wp-block-image is-resized is-style-default\"><img data-recalc-dims=\"1\" loading=\"lazy\" decoding=\"async\" src=\"https:\/\/i0.wp.com\/i.guim.co.uk\/img\/media\/0e8794bcf383454b1ab91331ebc5acde28d596e3\/0_0_6000_3600\/master\/6000.jpg?resize=412%2C247&#038;ssl=1\" alt=\"Supporters wait for Donald Trump to drive by in West Palm Beach, Florida on 15 February 2021. \" width=\"412\" height=\"247\"\/><\/figure>\n\n\n\n<p><strong><span class=\"has-inline-color has-vivid-red-color\">16 F\u00e9vrier<\/span><\/strong><\/p>\n\n\n\n<p><a href=\"https:\/\/www.theguardian.com\/business\/2021\/feb\/16\/revealed-monsanto-mexico-us-glyphosate-ban?CMP=Share_iOSApp_Other\">Trump a second\u00e9 les pressions de Monsanto sur le Mexique pour l\u2019emp\u00eacher d\u2019interdire le glyphosphate<\/a> (anglais -The Guardian)<\/p>\n\n\n\n<p><a href=\"https:\/\/www.theguardian.com\/us-news\/2021\/feb\/15\/pelosi-congress-commission-investigate-capitol-riot?CMP=Share_iOSApp_Other\">Une commission ind\u00e9pendante va enqu\u00eater sur l\u2019\u00e9meute du 6 janvier<\/a> (en anglais -The Guardian)<\/p>\n\n\n\n<p><a href=\"https:\/\/newrepublic.com\/article\/161372\/nevada-blockchains-bill-tech-innovation-zones?utm_medium=Social&amp;utm_campaign=EB_TNR&amp;utm_source=Twitter#Echobox=1613447705\">Le Nevada pr\u00e9voit de cr\u00e9er de nouvelles villes priv\u00e9es allou\u00e9es \u00e0 des soci\u00e9t\u00e9s<\/a> (en anglais -The New Republic)<\/p>\n\n\n\n<p><a href=\"https:\/\/jacobinmag.com\/2021\/02\/eugene-debs-why-outgrown-constitution\">Pi\u00e8ce d\u2019archives : critique de la Constitution US par le socialiste Eugene Debs en 1911<\/a> &nbsp;(en anglais -Jacobin)<\/p>\n\n\n\n<figure class=\"wp-block-image is-resized is-style-default\"><img data-recalc-dims=\"1\" loading=\"lazy\" decoding=\"async\" src=\"https:\/\/i0.wp.com\/images.jacobinmag.com\/wp-content\/uploads\/2019\/01\/21015147\/01584v.jpg?resize=388%2C272&#038;ssl=1\" alt=\"\" width=\"388\" height=\"272\"\/><\/figure>\n\n\n\n<p><strong><span class=\"has-inline-color has-vivid-red-color\">15 F\u00e9vrier<\/span><\/strong><\/p>\n\n\n\n<p><a href=\"https:\/\/lanticapitaliste.org\/actualite\/international\/aux-etats-unis-leffondrement-du-parti-republicaine-peu-probable\">Aux \u00c9tats-Unis, un effondrement du Parti r\u00e9publicain ? Peu probable.<\/a> (L\u2019Anticapitaliste)<\/p>\n\n\n\n<p><a href=\"http:\/\/www.monde-diplomatique.fr\/t\/62768\">Parano\u00efas am\u00e9ricaines, le legs de l&rsquo;\u00e8re Trump<\/a> (Le Monde Diplo)<\/p>\n\n\n\n<p><a href=\"https:\/\/www.boursorama.com\/actualite-economique\/actualites\/malgre-son-acquittement-trump-encore-menace-par-des-enquetes-a73204d5451128fb8d1d669507745716\">Malgr\u00e9 son acquittement, Trump encore menac\u00e9 par des enqu\u00eates<\/a> (AFP)<\/p>\n\n\n\n<p><a href=\"https:\/\/www.boursorama.com\/actualite-economique\/actualites\/aux-etats-unis-les-stigmates-des-discriminations-plombent-la-vaccination-857550ec0a08a95ed6548eb82f273467\">Aux Etats-Unis, les stigmates des discriminations plombent la vaccination<\/a> (AFP)<\/p>\n\n\n\n<p><a href=\"https:\/\/www.lemonde.fr\/international\/article\/2021\/02\/14\/trois-ans-apres-la-tuerie-de-parkland-biden-veut-une-reforme-des-ventes-d-armes-a-feu_6069946_3210.html\">Biden veut restreindre les ventes d\u2019armes \u00e0 feu<\/a> (Le Monde).<\/p>\n\n\n\n<p><a href=\"https:\/\/lundi.am\/Le-coup-d-Etat-qui-n-en-etait-pas-un\">Le coup d\u2019\u00c9tat qui n\u2019en \u00e9tait pas un<\/a> -Paul Mattick Jr<\/p>\n\n\n\n<figure class=\"wp-block-image is-resized is-style-default\"><img data-recalc-dims=\"1\" loading=\"lazy\" decoding=\"async\" src=\"https:\/\/i0.wp.com\/lundi.am\/IMG\/arton3797-resp320.jpg?resize=405%2C203&#038;ssl=1\" alt=\"\" width=\"405\" height=\"203\"\/><\/figure>\n\n\n\n<p><strong><span class=\"has-inline-color has-vivid-red-color\">14 F\u00e9vrier <\/span><\/strong><\/p>\n\n\n\n<p><a href=\"https:\/\/www.anti-k.org\/2021\/02\/14\/apres-avoir-investi-dans-les-actions-tesla-nancy-pelosi-pourrait-senrichir-grace-a-la-politique-de-biden\/\">\u00bb Apr\u00e8s avoir investi dans les actions Tesla, Nancy Pelosi pourrait s\u2019enrichir gr\u00e2ce \u00e0 la politique de Biden <\/a>(Les Crises)<\/p>\n\n\n\n<p><a href=\"https:\/\/www.boursorama.com\/actualite-economique\/actualites\/les-options-de-biden-pour-sauver-l-accord-sur-le-nucleaire-iranien-72748de281ef4485ca67cf1bcd57b7fb\">Les options de Biden pour sauver l&rsquo;accord sur le nucl\u00e9aire iranien<\/a> (AFP)<\/p>\n\n\n\n<p><strong><span class=\"has-inline-color has-vivid-red-color\">13 F\u00e9vrier <\/span><\/strong><\/p>\n\n\n\n<p><a href=\"https:\/\/www.boursorama.com\/actualite-economique\/actualites\/trump-acquitte-par-le-senat-apres-un-proces-historique-a97d9935d4339f5b86e14de79c41f489\">Trump acquitt\u00e9 par le S\u00e9nat apr\u00e8s un proc\u00e8s historique<\/a> (AFP)<\/p>\n\n\n\n<p><a href=\"https:\/\/edition.cnn.com\/2021\/02\/12\/politics\/trump-mccarthy-shouting-match-details\/index.html\">Trump a-t-il refus\u00e9 d\u2019appeler \u00e0 l\u2019arr\u00eat de l\u2019assaut contre le Capitole alors m\u00eame qu\u2019il savait Pence en danger<\/a>? (en anglais -CNN)<\/p>\n\n\n\n<p><a href=\"https:\/\/truthout.org\/articles\/mitch-mcconnell-tells-republican-colleagues-he-will-vote-to-acquit-trump\/\">McConnell votera l\u2019acquittement de Trump en invoquant un point de proc\u00e9dure<\/a> (en anglais -Truthout)<\/p>\n\n\n\n<p><a href=\"https:\/\/www.theguardian.com\/us-news\/2021\/feb\/12\/trump-impeachment-trial-defense-lawyers-capitol-riot?CMP=Share_iOSApp_Other\">La plaidoirie des avocats de Trump (<\/a>en anglais -The Guardian<a href=\"https:\/\/www.theguardian.com\/us-news\/2021\/feb\/12\/trump-impeachment-trial-defense-lawyers-capitol-riot?CMP=Share_iOSApp_Other\">)<\/a><\/p>\n\n\n\n<p><a href=\"https:\/\/lvsl.fr\/la-strategie-de-sanders-face-aux-tergiversations-de-biden\/\">La strat\u00e9gie de Sanders face aux tergiversations de Biden<\/a> (Le Vent Se L\u00e8ve)<\/p>\n\n\n\n<p><a href=\"https:\/\/alt-rev.com\/2021\/02\/13\/biden-pietine-deja-ses-promesses-electorales\/\">Biden pi\u00e9tine d\u00e9j\u00e0 ses promesses \u00e9lectorales<\/a> (Les crises)<\/p>\n\n\n\n<p><a href=\"https:\/\/www.anti-k.org\/2021\/02\/13\/lavenir-de-la-guerre-sous-joe-biden\/\"> L\u2019avenir de la Guerre sous Joe Biden <\/a>(Consortium News)<\/p>\n\n\n\n<p><a href=\"https:\/\/www.theguardian.com\/media\/2021\/feb\/12\/us-government-appeals-uk-ruling-against-julian-assanges-extradition-joe-biden-wikileaks?CMP=Share_iOSApp_Other\">Le gouvernement am\u00e9ricain fait appel de la d\u00e9cision de la justice britannique contre l\u2019extradition d\u2019Assange<\/a> (anglais -The Guardian)<\/p>\n\n\n\n<figure class=\"wp-block-image is-resized is-style-default\"><img data-recalc-dims=\"1\" loading=\"lazy\" decoding=\"async\" src=\"https:\/\/i0.wp.com\/i.guim.co.uk\/img\/media\/031297bf638272f44b012f5eae51d888fd1a3d3b\/0_0_2191_1315\/master\/2191.jpg?resize=395%2C237&#038;ssl=1\" alt=\"Julian Assange\" width=\"395\" height=\"237\"\/><\/figure>\n\n\n\n<p><strong><span class=\"has-inline-color has-vivid-red-color\">12 F\u00e9vrier<\/span><\/strong><\/p>\n\n\n\n<p><a href=\"https:\/\/www.les-crises.fr\/avec-la-nomination-d-antony-blinken-joe-biden-bafoue-deja-ses-promesses-electorales\/?utm_source=feedburner&amp;utm_medium=feed&amp;utm_campaign=Feed%3A+les-crises-fr+%28Les-Crises.fr%29\">\u00bb Avec la nomination d\u2019Antony Blinken, Joe Biden pi\u00e9tine d\u00e9j\u00e0 ses promesses \u00e9lectorales<\/a> (Consortium News)<\/p>\n\n\n\n<p><a href=\"https:\/\/www.theguardian.com\/world\/2021\/feb\/12\/anti-abortion-activists-womens-rights?CMP=Share_iOSApp_Other\">D\u00e9but de la campagne annuelle anti-avortement du Parti r\u00e9publicain<\/a> (en anglais -The Guardian).<\/p>\n\n\n\n<p><a href=\"https:\/\/www.nytimes.com\/2021\/02\/10\/nyregion\/giuliani-trump-subpoena.html#click=https:\/\/t.co\/VsZ867EQKY\">Le minist\u00e8re de la Justice a bloqu\u00e9 les enqu\u00eates sur les relations de Giuliani en Ukraine<\/a> (anglais -The New York Times)<\/p>\n\n\n\n<p><a href=\"https:\/\/info.mediapart.fr\/optiext\/optiextension.dll?ID=mUVmTVNG_cuJg_BlE+P55sNJBQnWNUPegBfMya2hadDg73Q8eflD5nS4oSK3N4fOoJc1ZGiWrsUUX927c9acIrSvFE68P\">Joe Biden lance son mandat avec un plan de relance massif<\/a> (MDP)<\/p>\n\n\n\n<p><a href=\"https:\/\/www.thelancet.com\/journals\/lancet\/article\/PIIS0140-6736(20)32545-9\/fulltext?campaign_id=56&amp;emc=edit_cn_20210212&amp;instance_id=27028&amp;nl=on-politics-with-lisa-lerer\u00aei_id=73225517&amp;segment_id=51492&amp;te=1&amp;user_id=79b3ba8fa9a5fe4d1947a95eb56c737c\" title=\"http:\/\/www.apple.fr\">Sant\u00e9 et politique publiques sous Trump, rapport int\u00e9gral<\/a> (en anglais -The Lancet)<\/p>\n\n\n\n<p><a href=\"https:\/\/www.nytimes.com\/2021\/02\/11\/magazine\/biden-economy.html#click=https:\/\/t.co\/tJ7T7P7Jxk\">Le projet industriel de Biden<\/a> (en anglais -The New York Times Magazine)<\/p>\n\n\n\n<p><a href=\"https:\/\/www.facebook.com\/ffipp.bordeaux\/videos\/1134048137045295\">La politique des Etats-Unis au Proche Orient, de Trump \u00e0 &nbsp;Biden<\/a> Dominique Vidal (vid\u00e9o, FFIPP)<\/p>\n\n\n\n<p><span class=\"has-inline-color has-vivid-red-color\"><strong>11 F\u00e9vrier<\/strong><\/span><\/p>\n\n\n\n<p><a href=\"https:\/\/www.theguardian.com\/us-news\/2021\/feb\/10\/us-coronavirus-response-donald-trump-health-policy?CMP=Share_iOSApp_Other\">The Lancet : l\u2019absence de r\u00e9action de Trump au CV19 a caus\u00e9 une surmortalit\u00e9 de 40%<\/a> (en anglais -The Guardian).<\/p>\n\n\n\n<p><a href=\"https:\/\/www.theguardian.com\/world\/2021\/feb\/11\/biden-raises-taiwan-tensions-and-human-rights-with-xi-jinping-in-first-phone-call?CMP=Share_iOSApp_Other\">Premier entretien t\u00e9l\u00e9phonique entre Biden et Xi Jinping<\/a> (en anglais -The Guardian)<\/p>\n\n\n\n<p><a href=\"https:\/\/www.theguardian.com\/us-news\/2021\/feb\/10\/capitol-attack-videos-trump-impeachment?CMP=Share_iOSApp_Other\">Nouvelles vid\u00e9os sur le 6 janvier<\/a> (The Guardian)<\/p>\n\n\n\n<p><a href=\"https:\/\/www.boursorama.com\/actualite-economique\/actualites\/biden-veut-une-nouvelle-strategie-ferme-face-a-la-chine-6becbdf4e6ca3b89659b238265fa4eb1\">Biden veut une nouvelle strat\u00e9gie \u00ab\u00a0ferme\u00a0\u00bb face \u00e0 la Chine<\/a> (AFP)<\/p>\n\n\n\n<p><a href=\"https:\/\/europe-solidaire.us8.list-manage.com\/track\/click?u=5c732dd5ee65845cf20fd724a&amp;id=12d3795306&amp;e=5df9c98670\">Biden pr\u00e9sident : une lune de miel fragile aux \u00c9tats-Unis<\/a> -LA BOTZ Dan<\/p>\n\n\n\n<p><a href=\"https:\/\/theconversation.com\/le-plan-de-relance-de-joe-biden-va-t-il-faire-surchauffer-leconomie-americaine-154959\">Le plan de relance de Joe Biden va-t-il faire surchauffer l\u2019\u00e9conomie am\u00e9ricaine ?<\/a> (The Conversation)<\/p>\n\n\n\n<p><a href=\"https:\/\/www.anti-k.org\/2021\/02\/11\/joe-biden-va-t-il-reellement-doubler-le-salaire-minimum-aux-etats-unis\/\"> Joe Biden va-t-il r\u00e9ellement doubler le salaire minimum aux \u00c9tats-Unis ? <\/a>(Les Crises)<\/p>\n\n\n\n<p><a href=\"https:\/\/europe-solidaire.us8.list-manage.com\/track\/click?u=5c732dd5ee65845cf20fd724a&amp;id=e5980602d3&amp;e=5df9c98670\">\u00c9tats-Unis : des infirmi\u00e8res sur la ligne de front<\/a> <em>-PRESS Alex N<\/em><\/p>\n\n\n\n<p><a href=\"http:\/\/alencontre.org\/ameriques\/americnord\/usa\/etats-unis-leffondrement-du-gop-peu-probable.html\">Etats-Unis. L\u2019effondrement du GOP? Peu probable&nbsp;<\/a> (Alencontre)<\/p>\n\n\n\n<figure class=\"wp-block-image size-large is-resized is-style-default\"><img data-recalc-dims=\"1\" loading=\"lazy\" decoding=\"async\" src=\"https:\/\/i0.wp.com\/www.rdpemancipation.org\/wp-content\/uploads\/2021\/02\/GOP.jpg?resize=349%2C349&#038;ssl=1\" alt=\"\" class=\"wp-image-15597\" width=\"349\" height=\"349\" srcset=\"https:\/\/i0.wp.com\/www.rdpemancipation.org\/wp-content\/uploads\/2021\/02\/GOP.jpg?w=500&amp;ssl=1 500w, https:\/\/i0.wp.com\/www.rdpemancipation.org\/wp-content\/uploads\/2021\/02\/GOP.jpg?resize=300%2C300&amp;ssl=1 300w, https:\/\/i0.wp.com\/www.rdpemancipation.org\/wp-content\/uploads\/2021\/02\/GOP.jpg?resize=150%2C150&amp;ssl=1 150w\" sizes=\"auto, (max-width: 349px) 100vw, 349px\" \/><\/figure>\n\n\n\n<p><span class=\"has-inline-color has-vivid-red-color\"><strong>10 F\u00e9vrier <\/strong><\/span><\/p>\n\n\n\n<p><a href=\"https:\/\/twitter.com\/rtenfrancais\/status\/1359469108547506177?s=27\">\u00abUn vote qui laisse pr\u00e9sager un acquittement\u00bb <\/a>, -vid\u00e9o Laurent Cesari, professeur histoire contemporaire, Universit\u00e9 d\u2019Arras<\/p>\n\n\n\n<p><a href=\"https:\/\/t.co\/fAo4zHY5N5\">Ouverture du proc\u00e8s en destitution de Trump : une seconde proc\u00e9dure qui a peu de chances d&rsquo;aboutir<\/a> (RT France)<\/p>\n\n\n\n<p><a href=\"https:\/\/www.boursorama.com\/videos\/actualites\/bertrand-badie-la-pandemie-aux-etats-unis-revele-que-la-puissance-est-impuissante-40f3fa5841be87353cd3489382e63abb\">Bertrand Badie : \u00ab\u00a0La pand\u00e9mie aux Etats-Unis r\u00e9v\u00e8le que la puissance est impuissante\u00a0\u00bb<\/a> (France 24)<\/p>\n\n\n\n<p><a href=\"http:\/\/link.newsletters.20minutes.fr\/m\/surl\/200151\/502665\/i4NUjpwh7AN1TYLxbiqTmw==\/link_13\/ukveYiuIYyH753zbMHqM-wLFQGjuU-TT6QqT6txNnZaYv-wYeqnybYivIzAsb7J6zQwri8B4kcBoMaI8v0K0N3z66NkTTZVk64COiEDhWQ5Rckm6xd7bWEDuL9hVhwURxPmPK6Zjxei7YKNWbDC1lfZ9n8tFlUM798OUynmcS9OohUwVa6gOSKff34LK2t6XHrYrkrekK1BaCSwqYBiWmSNr2hjeFS4dzTEvF53kvgJo3ef3AtlO8RmuAS8eyFa86gw30NyO+7dxCBY8+q0r1gjSrrRIgeMX07UaNEf9p4l3+VtqewPu67sP8wwVIy2PkIdtSQEXuQE9hyLAwpSWirP8odYKpNmJc4RrkV6GRx+IThI+Qc-H8YJ5lByc7rSiQaCQM-OtiLND8fksnb5nF4+rl5V72L8irymb4LFpGp7Lmr+ZPbUsalGRzu1pjlnAO581QGKE7RdkyBigP1roe+33JsoSLZf5uxHuayF2pc6FZwkTpry8dp70s7PN9mHv5my0Sm9vJeTn9aSAv55w8b-Kd5DFX89XDpSIld1ZQk0HEwe6g8eGqE50+MVasukjPOpTVZtC90VkZtxtVmwcxu5jDBU5PtQafPsiEKb4poo25LnJSBoEUQnaOy4p6MVdc4NgpGq8Md-SLl-GgBTzkEHejGD-IVd9dV+ArpAfLzNIfthzH0MJzhY+Om8s4e3aMxRSYUBv5ytVuL9+Ea-F9QpmQ18cLRJnnrX+GmU7wN1y8dQlPYKqpH90WI57ESSEdJEsi1plSy-WC3X8K43vMmDHBqw2wIUCoqbAdYoJFuJYejFcN9fVCKG5qC40SjrpUsNa45VMOl1EZDCrObJ-15wGsI-u5piVplQyMNZLBIzSq85l2olddr1O-es17T1gZ1csEeM06OLjv-rwAgrpVdEk7WSHgUrpd-YZb2YOQu2R8uqSGAUmnipdRUB6MuumLTnx+tXxZD43aGFCwV4WIbPgAWvdI-c8Z8oVoYC0ytSzeT5xciOkjJVBvOM6kZSA\">Vid\u00e9o choc, avocats mal pr\u00e9par\u00e9s&#8230; Premi\u00e8re journ\u00e9e difficile pour Trump<\/a> (20 minutes)<\/p>\n\n\n\n<p><a href=\"https:\/\/lanticapitaliste.org\/actualite\/international\/biden-avance-tandis-que-les-republicains-salignent-derriere-trump\">Biden avance tandis que les R\u00e9publicains s\u2019alignent derri\u00e8re Trump<\/a> -Dan La Botz<\/p>\n\n\n\n<p><a href=\"http:\/\/cqfd-journal.org\/De-la-guerre-de-Secession-au\">De la guerre de S\u00e9cession au Capitole&nbsp;<\/a> (CQFD)&nbsp;<\/p>\n\n\n\n<figure class=\"wp-block-image is-resized is-style-default\"><img data-recalc-dims=\"1\" loading=\"lazy\" decoding=\"async\" src=\"https:\/\/i0.wp.com\/cqfd-journal.org\/IMG\/jpg\/-1711.jpg?resize=406%2C574\" alt=\"Collage de 20100\" width=\"406\" height=\"574\" title=\"Collage de 20100\"\/><\/figure>\n\n\n\n<p><span class=\"has-inline-color has-vivid-red-color\"><strong>9 F\u00e9vrier en continu<\/strong><\/span><\/p>\n\n\n\n<p><a href=\"https:\/\/www.boursorama.com\/actualite-economique\/actualites\/violentes-images-a-l-appui-les-democrates-lancent-le-requisitoire-contre-trump-44623e0419362685daa002f9dcf6de40\">Violentes images \u00e0 l&rsquo;appui, les d\u00e9mocrates lancent le r\u00e9quisitoire contre Trump<\/a> (AFP)<\/p>\n\n\n\n<p><a href=\"https:\/\/youtu.be\/dY89EsDxWto?t=32\">Proc\u00e8s Trump : la vid\u00e9o choc montr\u00e9e au S\u00e9nat par l\u2019accusation<\/a> -Youtube<\/p>\n\n\n\n<figure class=\"wp-block-embed is-type-video is-provider-youtube wp-block-embed-youtube wp-embed-aspect-16-9 wp-has-aspect-ratio\"><div class=\"wp-block-embed__wrapper\">\n<iframe loading=\"lazy\" title=\"Trump&#039;s second impeachment opens with haunting video of Jan. 6 riots\" width=\"1200\" height=\"675\" src=\"https:\/\/www.youtube.com\/embed\/dY89EsDxWto?start=32&#038;feature=oembed\" frameborder=\"0\" allow=\"accelerometer; autoplay; clipboard-write; encrypted-media; gyroscope; picture-in-picture\" allowfullscreen><\/iframe>\n<\/div><figcaption><sub>Le monde sous dictature du capital: regardez aussi la vid\u00e9o sur Poutine dans rubrique Europe<\/sub><\/figcaption><\/figure>\n\n\n\n<p><a href=\"https:\/\/www.boursorama.com\/actualite-economique\/actualites\/etats-unis-vote-majeur-d-employes-d-amazon-sur-une-possible-syndicalisation-3698051c8fe6cc68696db85544c235f8\">Etats-Unis: vote majeur d&#8217;employ\u00e9s d&rsquo;Amazon sur une possible syndicalisation<\/a> (AFP)<\/p>\n\n\n\n<p><a href=\"https:\/\/www.boursorama.com\/videos\/actualites\/joe-biden-se-dit-optimiste-plus-de-300-millions-d-americains-seront-vaccines-d-ici-l-ete-601c0b94c37603d823e80ffc4411985f\">Joe Biden se dit \u00ab\u00a0optimiste\u00a0\u00bb: plus de 300 millions d&rsquo;Am\u00e9ricains seront vaccin\u00e9s d&rsquo;ici l&rsquo;\u00e9t\u00e9<\/a> (AFP vid\u00e9o)<\/p>\n\n\n\n<p><a href=\"https:\/\/newrepublic.com\/article\/161113\/republican-working-class-agenda-hawley-rubio?utm_source=newsletter&amp;utm_medium=email&amp;utm_campaign=tnr_daily\">Ces s\u00e9nateurs r\u00e9publicains qui se veulent sociaux<\/a> (en anglais -The New Republic)<\/p>\n\n\n\n<p><a href=\"https:\/\/theconversation.com\/i-analyzed-all-of-trumps-tweets-to-find-out-what-he-was-really-saying-154532\">Stylistique des tweets de Trump<\/a> (en anglais -The Conversation)<\/p>\n\n\n\n<p><span class=\"has-inline-color has-vivid-red-color\"><strong>8 F\u00e9vrier <\/strong><\/span><\/p>\n\n\n\n<p><a href=\"https:\/\/www.boursorama.com\/actualite-economique\/actualites\/les-usa-vont-revenir-au-conseil-des-droits-de-l-homme-de-l-onu-275d65babea4bc669b628422e99ae166\">Les USA vont revenir au Conseil des droits de l&rsquo;homme de l&rsquo;Onu<\/a> (Reuters)<\/p>\n\n\n\n<p><a href=\"https:\/\/www.humanite.fr\/au-moyen-orient-joe-biden-change-de-tactique-pas-de-699798#xtor=RSS-1\">Au Moyen-Orient, Joe Biden change de tactique, pas de but<\/a> (L\u2019Humanit\u00e9)<\/p>\n\n\n\n<p><a href=\"https:\/\/www.humanite.fr\/etats-unis-chez-amazon-la-plus-importante-election-syndicale-depuis-des-annees-699785#xtor=RSS-1\">\u00c9tats-Unis. Chez Amazon, la plus importante \u00e9lection syndicale depuis des ann\u00e9es<\/a> (L\u2019Humanit\u00e9)<\/p>\n\n\n\n<p><a href=\"https:\/\/www.theguardian.com\/us-news\/2021\/feb\/08\/joe-biden-executive-orders?CMP=Share_iOSApp_Other\">R\u00e9capitulatif et textes de tous les d\u00e9crets sign\u00e9s par Biden depuis son accession \u00e0 la pr\u00e9sidence<\/a> (en anglais -The Guardian)<\/p>\n\n\n\n<p><a href=\"https:\/\/www.theguardian.com\/books\/2021\/feb\/08\/california-cool-and-magical-thinking-joan-didion-at-86?CMP=Share_iOSApp_Other\">Publication de nouveaux essais de Joan Didion<\/a> (en anglais -The Guardian)<\/p>\n\n\n\n<p><span class=\"has-inline-color has-vivid-red-color\"><strong>7 F\u00e9vrier <\/strong><\/span><\/p>\n\n\n\n<p><a href=\"https:\/\/www.theguardian.com\/us-news\/2021\/feb\/07\/american-kompromat-review-trump-russia-epstein-craig-unger?CMP=Share_iOSApp_Other\">Compte-rendu de \u00ab American Kompromat \u00bb, livre sur les liens entre Trump et la Russie<\/a> (anglais -The Guardian)<\/p>\n\n\n\n<figure class=\"wp-block-image is-resized is-style-default\"><img data-recalc-dims=\"1\" loading=\"lazy\" decoding=\"async\" src=\"https:\/\/i0.wp.com\/i.guim.co.uk\/img\/media\/be35b31f3123ebb80a25a25bbfa3f5d0aeb22998\/0_449_4188_2513\/master\/4188.jpg?resize=414%2C248&#038;ssl=1\" alt=\"Donald Trump, Melania Knauss, Jeffrey Epstein and Ghislaine Maxwell at Mar-a-Lago club, February 2000.\" width=\"414\" height=\"248\"\/><figcaption><sub>Donald Trump, Melania Knauss, Jeffrey Epstein and Ghislaine Maxwell -Mar-a-Lago<\/sub><br><sub> club, February 2000.Photograph: Davidoff Studios Photography\/Getty Images<\/sub><\/figcaption><\/figure>\n\n\n\n<p><a href=\"https:\/\/www.boursorama.com\/actualite-economique\/actualites\/biden-fait-de-la-defense-des-minorites-sexuelles-un-axe-fort-de-sa-diplomatie-7ab019c81c0b0ccfa0ae0b24309abe41\">Biden fait de la d\u00e9fense des minorit\u00e9s sexuelles un axe fort de sa diplomatie<\/a> (AFP)<\/p>\n\n\n\n<p><a href=\"https:\/\/www.boursorama.com\/actualite-economique\/actualites\/usa-immigration-l-administration-biden-suspend-les-accords-controverse-avec-le-salvador-le-guatemala-et-le-honduras-a94fc62a4bd8c255dc3a90ab210a7021\">L&rsquo;administration Biden suspend les accords controvers\u00e9s avec le Salvador, le Guatemala et le Honduras<\/a> (Reuters)<\/p>\n\n\n\n<p><span class=\"has-inline-color has-vivid-red-color\"><strong>6 F\u00e9vrier <\/strong><\/span><\/p>\n\n\n\n<p><a href=\"https:\/\/www.theguardian.com\/us-news\/2021\/feb\/06\/us-capitol-insurrection-fbi-investigation?CMP=Share_iOSApp_Other\">Coup de filet du FBI sur les \u00e9meutiers du 6 janvier ; leur sociologie<\/a> (en anglais -The Guardian).<\/p>\n\n\n\n<p><a href=\"https:\/\/www.humanite.fr\/entretien-exclusif-avec-chewy-shaw-cofondateur-du-premier-syndicat-de-la-silicon-valley-699614#xtor=RSS-1\">Entretien exclusif avec Chewy Shaw, cofondateur du premier syndicat de la Silicon Valley<\/a> (L\u2019Humanit\u00e9)<\/p>\n\n\n\n<p><a href=\"https:\/\/www.theguardian.com\/us-news\/2021\/feb\/05\/texas-republicans-endorse-legislation-vote-secession?CMP=Share_iOSApp_Other\">Les R\u00e9publicains du Texas favorables \u00e0 une s\u00e9cession d\u2019avec les USA<\/a> (en anglais -The Guardian).<\/p>\n\n\n\n<p><a href=\"https:\/\/time.com\/5936036\/secret-2020-election-campaign\/?amp=true&amp;__twitter_impression=true\">L\u2019alliance de syndicalistes, de patrons et de politiques qui s\u2019est mobilis\u00e9e pour des \u00e9lections r\u00e9guli\u00e8res en 2020<\/a> (en anglais -Time Magazine)<\/p>\n\n\n\n<p><a href=\"https:\/\/info.mediapart.fr\/optiext\/optiextension.dll?ID=aIJaNtTxS36yNScINE_EgTYVfu4Fqs5DiVHGe3R_4kBuC9sqikmHSBS3GcKNgi6KdKmVmR8lxtxWfsVjwx2TAT7kxl3q7\">GameStop, nouvelle illustration du grand casino \u00e0 Wall Street<\/a> (MDP)<\/p>\n\n\n\n<p><a href=\"https:\/\/www.boursorama.com\/actualite-economique\/actualites\/au-moyen-orient-biden-prend-ses-distances-avec-les-plus-proches-allies-de-trump-2173cf2f25f7e6a593b1f8fa527cdaea\">Au Moyen-Orient, Biden prend ses distances avec les plus proches alli\u00e9s de Trump<\/a> (AFP)<\/p>\n\n\n\n<figure class=\"wp-block-image is-style-default\"><img data-recalc-dims=\"1\" decoding=\"async\" src=\"https:\/\/i0.wp.com\/www.les-crises.fr\/wp-content\/uploads\/2021\/02\/3.jpg?w=1200&#038;ssl=1\" alt=\"L\u2019attribut alt de cette image est vide, son nom de fichier est 3.jpg.\"\/><\/figure>\n\n\n\n<p><span class=\"has-inline-color has-vivid-red-color\"><strong>5 F\u00e9vrier<\/strong><\/span><\/p>\n\n\n\n<p><a href=\"https:\/\/amp.theguardian.com\/us-news\/2021\/feb\/05\/kamala-harris-casting-vote-us-senate-covid-relief-coronavirus-minimum-wage?CMP=share_btn_tw&amp;__twitter_impression=true\">Le plan de relance anti-CV19 de Biden approuv\u00e9 au S\u00e9nat US gr\u00e2ce \u00e0 la voix d\u00e9cisive de Harris<\/a> (anglais, The Guardian)<\/p>\n\n\n\n<p><a href=\"https:\/\/info.mediapart.fr\/optiext\/optiextension.dll?ID=IabIda5repz75LSROeVHnYvUWwxkfyu8LJXx9P7uvLVMVk4sQ785KGGXud4tX_meaIuJFmji_2WypB_TVP_5RNNTKDXAi\">GameStop, nouvelle illustration du grand casino \u00e0 Wall Street<\/a> (MDP)<\/p>\n\n\n\n<p><a href=\"https:\/\/www.boursorama.com\/actualite-economique\/actualites\/etas-unis-bras-de-fer-entre-autorites-et-enseignants-autour-de-la-reouverture-des-ecoles-701ccf4f83a2d23b5c6c721bb480ecfc\">Etats-Unis: bras de fer entre autorit\u00e9s et enseignants autour de la r\u00e9ouverture des \u00e9coles<\/a> (AFP)<\/p>\n\n\n\n<p><a href=\"https:\/\/www.boursorama.com\/videos\/actualites\/biden-appelle-a-la-fin-de-la-guerre-au-yemen-c8ec1306b4cb1ba7a8d56572cd173323\">Biden appelle \u00e0 la \u00ab\u00a0fin\u00a0\u00bb de la guerre au Y\u00e9men<\/a> (AFP vid\u00e9o)<\/p>\n\n\n\n<p><a href=\"https:\/\/www.nytimes.com\/2021\/02\/04\/us\/schumer-democrats-student-loan-forgiveness.html#click=https:\/\/t.co\/5BsHXj5f2p\">Proposition de r\u00e9solution d\u00e9mocrate au S\u00e9nat US pour r\u00e9duire de 50.000 $ les dettes pour \u00e9tudes<\/a> (anglais, NYT)<\/p>\n\n\n\n<p><a href=\"https:\/\/foreignpolicy.com\/2021\/02\/04\/biden-foreign-policy-speech-america-is-back-diplomacy\/\">Le premier discours de politique \u00e9trang\u00e8re de Biden<\/a> (en anglais -Foreign Policy)<\/p>\n\n\n\n<p><a href=\"https:\/\/foreignpolicy.com\/2021\/02\/04\/biden-taps-career-diplomat-as-envoy-to-yemen\/\">Biden choisit comme envoy\u00e9 au Y\u00e9men un diplomate favorable \u00e0 l\u2019arr\u00eat de la guerre<\/a> ( en anglais -Foreign Policy).<\/p>\n\n\n\n<p><a href=\"https:\/\/metropolitiques.eu\/Des-expulsions-en-Amerique.html\">Des expulsions en Am\u00e9rique<\/a> (Metropolitique)<\/p>\n\n\n\n<figure class=\"wp-block-image is-resized is-style-default\"><img data-recalc-dims=\"1\" loading=\"lazy\" decoding=\"async\" src=\"https:\/\/i0.wp.com\/metropolitiques.eu\/local\/cache-vignettes\/L558xH992\/arton1614-5cc97.jpg?resize=383%2C681&#038;ssl=1\" alt=\"\" width=\"383\" height=\"681\"\/><\/figure>\n\n\n\n<p><a href=\"https:\/\/www.theguardian.com\/us-news\/2021\/feb\/04\/marjorie-taylor-greene-congress-democrats-committees?CMP=Share_iOSApp_Other\">Marjorie Taylor Greene interdite de participation aux commissions<\/a> (en anglais -The Z)<\/p>\n\n\n\n<p><a href=\"https:\/\/www.boursorama.com\/videos\/actualites\/etats-unis-une-elue-pro-trump-sanctionnee-pour-des-declarations-complotistes-d70deee768e96cd65c8445438e61d8df\">\u00c9tats-Unis : une \u00e9lue pro-Trump sanctionn\u00e9e pour des d\u00e9clarations complotistes<\/a> (France 24)<\/p>\n\n\n\n<p><a href=\"https:\/\/www.boursorama.com\/actualite-economique\/actualites\/de-trump-a-biden-changement-de-registre-face-a-poutine-9a3a42b83289eafc0d11731b6b5e069c\">De Trump \u00e0 Biden, changement de registre face \u00e0 Poutine<\/a> (AFP)<\/p>\n\n\n\n<p><span class=\"has-inline-color has-vivid-red-color\"><strong>4 F\u00e9vrier<\/strong><\/span><\/p>\n\n\n\n<p><a href=\"https:\/\/www.weareteachers.com\/7-fresh-ideas-for-black-history-month\/\">33 activit\u00e9s pour le mois de c\u00e9l\u00e9bration de l\u2019histoire des afro-am\u00e9ricains<\/a> (anglais, We Are Teachers)<\/p>\n\n\n\n<p><a href=\"https:\/\/www.theguardian.com\/us-news\/2021\/feb\/03\/republican-party-liz-cheney-marjorie-taylor-greene?CMP=Share_iOSApp_Other\">Ni Cheney ni Greene sanctionn\u00e9es: paralysie du Parti r\u00e9publicain<\/a> (anglais -The Guardian).<\/p>\n\n\n\n<p><a href=\"https:\/\/www.mediapart.fr\/journal\/international\/030221\/biden-promet-une-grande-reforme-de-l-immigration-et-une-politique-moins-repressive-pour-mercredi-3\">\u00c9tats-Unis: Biden promet une grande r\u00e9forme de l\u2019immigration<\/a> (M\u00e9diapart)<\/p>\n\n\n\n<p><a href=\"https:\/\/theconversation.com\/fact-check-us-la-gauche-du-parti-democrate-peut-elle-enfin-impulser-une-reforme-de-lassurance-sante-154134\">La gauche du parti d\u00e9mocrate peut-elle enfin impulser une r\u00e9forme de l\u2019assurance-sant\u00e9 ?<\/a> (The Conversation)&nbsp;<\/p>\n\n\n\n<p><a href=\"https:\/\/newrepublic.com\/article\/161162\/originalism-dead-long-live-catholic-natural-law?utm_source=newsletter&amp;utm_medium=email&amp;utm_campaign=tnr_daily\">Emprise renforc\u00e9e du thomisme sur l\u2019appareil judiciaire US<\/a> (en anglais -The New Republic).&nbsp;<\/p>\n\n\n\n<p><a href=\"https:\/\/truthout.org\/articles\/senate-democrats-plan-on-moving-to-legalize-marijuana-later-this-year\/\">Les s\u00e9nateurs d\u00e9mocrates veulent l\u00e9galiser le canabis d&rsquo;ici la fin de l&rsquo;ann\u00e9e&nbsp;<\/a> (anglais, TruthOut)<\/p>\n\n\n\n<p><a href=\"https:\/\/www.boursorama.com\/actualite-economique\/actualites\/les-chauffeurs-uber-qui-se-revent-salaries-perdent-une-bataille-en-californie-4d14ab278c7a6f8d1e305224b0ef3371\">Les chauffeurs Uber qui se r\u00eavent salari\u00e9s perdent une bataille en Californie<\/a> (AFP)<\/p>\n\n\n\n<p><a href=\"https:\/\/www.boursorama.com\/actualite-economique\/actualites\/american-airlines-pourrait-licencier-13-000-salaries-en-l-absence-d-aides-publiques-357fb1e2387f362762be3ba48064ce65\">American Airlines pourrait licencier 13.000 salari\u00e9s en l&rsquo;absence d&rsquo;aides publiques<\/a> (AFP)<\/p>\n\n\n\n<p><span class=\"has-inline-color has-vivid-red-color\"><strong>3 F\u00e9vrier en continu<\/strong><\/span><\/p>\n\n\n\n<p><a href=\"https:\/\/www.mediapart.fr\/journal\/international\/030221\/biden-promet-une-grande-reforme-de-l-immigration-et-une-politique-moins-repressive-pour-mercredi-3\">\u00c9tats-Unis: Biden promet une grande r\u00e9forme de l\u2019immigration<\/a> (M\u00e9diapart)<\/p>\n\n\n\n<p><a href=\"https:\/\/theconversation.com\/fact-check-us-la-gauche-du-parti-democrate-peut-elle-enfin-impulser-une-reforme-de-lassurance-sante-154134\">La gauche du parti d\u00e9mocrate peut-elle enfin impulser une r\u00e9forme de l\u2019assurance-sant\u00e9 ?<\/a> (The Conversation)&nbsp;<\/p>\n\n\n\n<p><a href=\"https:\/\/truthout.org\/articles\/senate-democrats-plan-on-moving-to-legalize-marijuana-later-this-year\/\">Les s\u00e9nateurs d\u00e9mocrates veulent l\u00e9galiser le canabis d&rsquo;ici la fin de l&rsquo;ann\u00e9e&nbsp;<\/a> (anglais, TruthOut)<\/p>\n\n\n\n<p><a href=\"https:\/\/www.nytimes.com\/2021\/02\/02\/us\/politics\/trump-impeachment-defense.html\">L\u2019argumentation des avocats de Trump<\/a> (en anglais -The New York Times).<\/p>\n\n\n\n<p><a href=\"https:\/\/www.theguardian.com\/us-news\/2021\/feb\/03\/kristen-clarke-vanita-gupta-biden-justice-department?CMP=Share_iOSApp_Other\">Nomination de d\u00e9fenseurs des droits civiques au minist\u00e8re de la Justice US<\/a> (en anglais -The Guardian).<\/p>\n\n\n\n<p><a href=\"https:\/\/www.boursorama.com\/actualite-economique\/actualites\/alexandria-ocasio-cortez-star-des-reseaux-sociaux-plus-que-jamais-cible-des-conservateurs-4eb8eb9278cccf89566ce87f8d37dfe6\">Alexandria Ocasio-Cortez, star des r\u00e9seaux sociaux plus que jamais cible des conservateurs<\/a> (AFP)<\/p>\n\n\n\n<figure class=\"wp-block-image size-large is-resized is-style-default\"><img data-recalc-dims=\"1\" loading=\"lazy\" decoding=\"async\" src=\"https:\/\/i0.wp.com\/www.rdpemancipation.org\/wp-content\/uploads\/2021\/02\/6dc0c1c4a2d1c7a5bf48bf05cd3e59d9-760x507-2.jpg?resize=427%2C284&#038;ssl=1\" alt=\"\" class=\"wp-image-14449\" width=\"427\" height=\"284\" srcset=\"https:\/\/i0.wp.com\/www.rdpemancipation.org\/wp-content\/uploads\/2021\/02\/6dc0c1c4a2d1c7a5bf48bf05cd3e59d9-760x507-2.jpg?w=760&amp;ssl=1 760w, https:\/\/i0.wp.com\/www.rdpemancipation.org\/wp-content\/uploads\/2021\/02\/6dc0c1c4a2d1c7a5bf48bf05cd3e59d9-760x507-2.jpg?resize=300%2C200&amp;ssl=1 300w\" sizes=\"auto, (max-width: 427px) 100vw, 427px\" \/><\/figure>\n\n\n\n<p><a href=\"http:\/\/www.apple.fr\">Grand retard des USA dans la recherche des variants du CV19<\/a> (en anglais -The Guardian)<\/p>\n\n\n\n<p><a href=\"https:\/\/www.revuesilence.net\/numeros\/497-Fukushima-10-ans-ce-n-est-qu-un-debut\/etats-unis-un-algorithme-medical-raciste\">\u00c9tats-Unis&nbsp;: un algorithme m\u00e9dical raciste<\/a> (Revue Silence)<\/p>\n\n\n\n<p><a href=\"https:\/\/lanticapitaliste.org\/actualite\/international\/aux-etats-unis-au-milieu-de-la-pandemie-le-populisme-arrive-en-bourse\">Aux \u00c9tats-Unis, au milieu de la pand\u00e9mie, le populisme arrive en Bourse<\/a> &#8211;<a href=\"https:\/\/lanticapitaliste.org\/auteurs\/dan-la-botz\">Dan La Botz<\/a><\/p>\n\n\n\n<p><a href=\"https:\/\/www.theguardian.com\/technology\/2021\/feb\/03\/amazon-intensifies-severe-effort-discourage-first-warehouse-union?CMP=Share_iOSApp_Other\">R\u00e9pression antisyndicale chez Amazon dans l\u2019Alabama<\/a> (en anglais -The Guardian)<\/p>\n\n\n\n<p><span class=\"has-inline-color has-vivid-red-color\"><strong>2 F\u00e9vrier <\/strong><\/span><\/p>\n\n\n\n<p><a href=\"https:\/\/www.boursorama.com\/actualite-economique\/actualites\/alexandria-ocasio-cortez-star-des-reseaux-sociaux-plus-que-jamais-cible-des-conservateurs-4eb8eb9278cccf89566ce87f8d37dfe6\">Alexandria Ocasio-Cortez, star des r\u00e9seaux sociaux plus que jamais cible des conservateurs<\/a> (AFP)<\/p>\n\n\n\n<p><a href=\"http:\/\/www.apple.fr\">Grand retard des USA dans la recherche des variants du CV19<\/a> (en anglais -The Guardian)<\/p>\n\n\n\n<p><a href=\"https:\/\/www.revuesilence.net\/numeros\/497-Fukushima-10-ans-ce-n-est-qu-un-debut\/etats-unis-un-algorithme-medical-raciste\">\u00c9tats-Unis&nbsp;: un algorithme m\u00e9dical raciste<\/a> (Revue Silence)<\/p>\n\n\n\n<p><span class=\"has-inline-color has-vivid-red-color\"><strong>1er F\u00e9vrier <\/strong><\/span><\/p>\n\n\n\n<p><a href=\"https:\/\/www.boursorama.com\/actualite-economique\/actualites\/usa-contrat-de-232-millions-de-dollars-pour-la-production-de-tests-rapides-du-covid-19-9d16ba8947e898e0de16368d84633418\">USA: contrat de 232 millions de dollars pour la production de tests rapides du Covid-19<\/a> (AFP)<\/p>\n\n\n\n<p><a href=\"https:\/\/www.boursorama.com\/videos\/actualites\/usa-une-video-montre-des-policiers-maltraiter-une-fillette-3c7d800bb61f44c0572b3a1163bd5dc1\">USA: une vid\u00e9o montre des policiers maltraiter une fillette<\/a> (AFP vid\u00e9o)<\/p>\n\n\n\n<p><a href=\"https:\/\/info.mediapart.fr\/optiext\/optiextension.dll?ID=oSToROJdf6tSqP6Z8KnmjdexwIFAjRuKBkCw9dbL56IeEu1_hxzAzasHUbSJIH_ibXb0EFNpECIT8MIfr_2HLmxk3eLUU\">Assaut contre le Capitole: retour sur l\u2019esth\u00e9tique n\u00e9ofasciste des pilleurs<\/a> (MDP)<\/p>\n\n\n\n<p><a href=\"https:\/\/www.theguardian.com\/us-news\/2021\/feb\/01\/trump-impeachment-attorneys-david-schoen-bruce-castor?CMP=Share_iOSApp_Other\">Les nouveaux avocats de Trump<\/a> (en anglais-The Guardian).<\/p>\n\n\n\n<p><a href=\"https:\/\/www.anti-k.org\/2021\/02\/01\/a-new-york-une-cooperative-de-conducteurs-vise-a-demolir-le-modele-dexploitation-duber\/\">\u00c0 New York, une coop\u00e9rative de conducteurs vise \u00e0 d\u00e9molir le mod\u00e8le d\u2019exploitation d\u2019Uber<\/a> (Association autogestion)<\/p>\n\n\n\n<p><a href=\"https:\/\/info.mediapart.fr\/optiext\/optiextension.dll?ID=ZrqZrTj8fJdiA6AWkmrv278xcsY1sgreTpTPqkV7HPuPXpaJ6TCw5_w5jwnaYN3_zbnJWIrwzpICp+BSXp+bwCvq8z8tK\">Le Far-West est \u00e0 vendre<\/a> (G\u00e9ographies en mouvement)<\/p>\n\n\n\n<figure class=\"wp-block-image size-large is-resized is-style-default\"><img data-recalc-dims=\"1\" loading=\"lazy\" decoding=\"async\" src=\"https:\/\/i0.wp.com\/www.rdpemancipation.org\/wp-content\/uploads\/2021\/02\/firstcow-1.jpg?resize=399%2C623&#038;ssl=1\" alt=\"\" class=\"wp-image-14074\" width=\"399\" height=\"623\" srcset=\"https:\/\/i0.wp.com\/www.rdpemancipation.org\/wp-content\/uploads\/2021\/02\/firstcow-1.jpg?resize=656%2C1024&amp;ssl=1 656w, https:\/\/i0.wp.com\/www.rdpemancipation.org\/wp-content\/uploads\/2021\/02\/firstcow-1.jpg?resize=192%2C300&amp;ssl=1 192w, https:\/\/i0.wp.com\/www.rdpemancipation.org\/wp-content\/uploads\/2021\/02\/firstcow-1.jpg?w=661&amp;ssl=1 661w\" sizes=\"auto, (max-width: 399px) 100vw, 399px\" \/><\/figure>\n\n\n\n<p><a href=\"https:\/\/www.boursorama.com\/actualite-economique\/actualites\/virage-social-aux-etats-unis-ou-biden-veut-doubler-le-salaire-minimum-e3b9e8d034f83c42a06de90c79b5b751\">Virage social aux Etats-Unis o\u00f9 Biden veut doubler le salaire minimum<\/a> (AFP)<\/p>\n","protected":false},"excerpt":{"rendered":"<p>Trump remonte dans l&rsquo;ar\u00e8ne \u00e0 la grand-messe des conservateurs am\u00e9ricains (AFP) Les r\u00e9publicains lancent des propositions de loi pour restreindre l\u2019acc\u00e8s au vote dans 43 Etats US (en anglais -The New York Times) Nouvelle biographie de Thaddeus Stevens (en anglais -The Guardian) Les Etats-Unis autorisent un troisi\u00e8me vaccin celui de Johnson and Johnson (Le Monde) &#8230; <a title=\"F\u00e9vrier-Am\u00e9rique du Nord\" class=\"read-more\" href=\"https:\/\/www.rdpemancipation.org\/?p=13968\" aria-label=\"En savoir plus sur F\u00e9vrier-Am\u00e9rique du Nord\">Lire la suite<\/a><\/p>\n","protected":false},"author":2,"featured_media":0,"comment_status":"closed","ping_status":"closed","sticky":false,"template":"","format":"standard","meta":{"_lmt_disableupdate":"no","_lmt_disable":"no","_jetpack_memberships_contains_paid_content":false,"footnotes":""},"categories":[20],"tags":[],"class_list":["post-13968","post","type-post","status-publish","format-standard","hentry","category-amerique-nord"],"modified_by":"jmb","jetpack_featured_media_url":"","jetpack_sharing_enabled":true,"_links":{"self":[{"href":"https:\/\/www.rdpemancipation.org\/index.php?rest_route=\/wp\/v2\/posts\/13968","targetHints":{"allow":["GET"]}}],"collection":[{"href":"https:\/\/www.rdpemancipation.org\/index.php?rest_route=\/wp\/v2\/posts"}],"about":[{"href":"https:\/\/www.rdpemancipation.org\/index.php?rest_route=\/wp\/v2\/types\/post"}],"author":[{"embeddable":true,"href":"https:\/\/www.rdpemancipation.org\/index.php?rest_route=\/wp\/v2\/users\/2"}],"replies":[{"embeddable":true,"href":"https:\/\/www.rdpemancipation.org\/index.php?rest_route=%2Fwp%2Fv2%2Fcomments&post=13968"}],"version-history":[{"count":57,"href":"https:\/\/www.rdpemancipation.org\/index.php?rest_route=\/wp\/v2\/posts\/13968\/revisions"}],"predecessor-version":[{"id":18121,"href":"https:\/\/www.rdpemancipation.org\/index.php?rest_route=\/wp\/v2\/posts\/13968\/revisions\/18121"}],"wp:attachment":[{"href":"https:\/\/www.rdpemancipation.org\/index.php?rest_route=%2Fwp%2Fv2%2Fmedia&parent=13968"}],"wp:term":[{"taxonomy":"category","embeddable":true,"href":"https:\/\/www.rdpemancipation.org\/index.php?rest_route=%2Fwp%2Fv2%2Fcategories&post=13968"},{"taxonomy":"post_tag","embeddable":true,"href":"https:\/\/www.rdpemancipation.org\/index.php?rest_route=%2Fwp%2Fv2%2Ftags&post=13968"}],"curies":[{"name":"wp","href":"https:\/\/api.w.org\/{rel}","templated":true}]}}