{"id":137684,"date":"2025-03-01T17:36:53","date_gmt":"2025-03-01T16:36:53","guid":{"rendered":"https:\/\/www.rdpemancipation.org\/?p=137684"},"modified":"2025-03-22T20:42:54","modified_gmt":"2025-03-22T19:42:54","slug":"mars-medias-4","status":"publish","type":"post","link":"https:\/\/www.rdpemancipation.org\/?p=137684","title":{"rendered":"Mars &#8211; M\u00e9dias"},"content":{"rendered":"\n<p><strong><strong><mark style=\"background-color:rgba(0, 0, 0, 0);color:#ed1010\" class=\"has-inline-color\">22 mars<\/mark><\/strong><\/strong><\/p>\n\n\n\n<p><a href=\"https:\/\/www.acrimed.org\/Guerre-en-Ukraine-greves-clauses-de\" target=\"_blank\" rel=\"noreferrer noopener\">Guerre en Ukraine, gr\u00e8ves, clauses de confidentialit\u00e9 et compagnie : revue de presse de la semaine<\/a>&nbsp;(Acrimed)<\/p>\n\n\n\n<p><a href=\"https:\/\/www.acrimed.org\/Resister-a-l-extreme-droitisation-du-debat-public\" target=\"_blank\" rel=\"noreferrer noopener\">R\u00e9sister \u00e0 l&rsquo;extr\u00eame droitisation du d\u00e9bat public (tract)<\/a>&nbsp;(Acrimed)<\/p>\n\n\n\n<p><a><\/a><a href=\"https:\/\/www.connaissancedesenergies.org\/etre-ecologiste-quest-ce-que-cela-veut-dire-pour-les-medias\">\u00catre \u00ab \u00e9cologiste \u00bb : qu&rsquo;est-ce que cela veut dire pour les m\u00e9dias ?<\/a> (Connaissance des \u00e9nergies) &nbsp;&nbsp;<\/p>\n\n\n\n<p><a href=\"https:\/\/www.acrimed.org\/Elections-professionnelles-des-TPE-les-medias\" target=\"_blank\" rel=\"noreferrer noopener\">\u00c9lections professionnelles des TPE : les m\u00e9dias encore d\u00e9missionnaires<\/a>&nbsp;(Acrimed)<\/p>\n\n\n\n<p><a href=\"https:\/\/www.acrimed.org\/Guillaume-Erner-et-la-critique-des-medias\" target=\"_blank\" rel=\"noreferrer noopener\">Guillaume Erner et la critique des m\u00e9dias : esquives et aveuglements<\/a>&nbsp;(Acrimed)<\/p>\n\n\n\n<p><a href=\"https:\/\/www.off-investigation.fr\/gaza-chronique-dune-faillite-mediatique\/\" target=\"_blank\" rel=\"noreferrer noopener\">Gaza, chronique d\u2019une faillite m\u00e9diatique<\/a>&nbsp;(Off Investigation)<\/p>\n\n\n\n<p><a href=\"https:\/\/www.humanite.fr\/societe\/administration-trump\/etats-unis-trump-suspend-brutalement-les-journalistes-de-la-radio-voice-of-america-et-continue-sa-purge-des-medias\" target=\"_blank\" rel=\"noreferrer noopener\">\u00c9tats-Unis : Donald Trump vire brutalement des journalistes de la radio Voice of America et continue sa purge des m\u00e9dias<\/a>&nbsp;(L\u2019Humanit\u00e9)<\/p>\n\n\n\n<p><a href=\"https:\/\/www.humanite.fr\/medias\/cyberharcelement\/demenagement-force-harcelement-fasciste-comment-streetpress-fait-face-a-des-defis-constants\" target=\"_blank\" rel=\"noreferrer noopener\">D\u00e9m\u00e9nagement forc\u00e9, harc\u00e8lement fasciste : comment StreetPress fait face \u00e0 des d\u00e9fis constants<\/a>&nbsp;(L\u2019Humanit\u00e9)<\/p>\n\n\n\n<p><a href=\"https:\/\/www.mediapart.fr\/journal\/politique\/150325\/au-proces-du-point-raquel-garrido-et-alexis-corbiere-accusent-une-derive-systemique\" target=\"_blank\" rel=\"noreferrer noopener\">Au proc\u00e8s du \u00abPoint\u00bb, Raquel Garrido et Alexis Corbi\u00e8re accusent une d\u00e9rive \u00absyst\u00e9mique\u00bb<\/a>&nbsp;(Mediapart)<\/p>\n\n\n\n<p><a href=\"https:\/\/www.contretemps.eu\/identitaires-medias-extreme-droite-journalistes-podcast-bouron\/\">Identitaires : comment les m\u00e9dias dominants font le jeu d\u2019une mouvance n\u00e9ofasciste [Podcast]<\/a> (Contretemps)<\/p>\n\n\n\n<p><a href=\"https:\/\/www.off-investigation.fr\/france-5-deprogramme-la-guerre-chimique-de-la-france-en-algerie\/\" target=\"_blank\" rel=\"noreferrer noopener\">France 5 d\u00e9programme la guerre chimique de la France en Alg\u00e9rie<\/a>&nbsp;(Off Investigation)<\/p>\n\n\n\n<p><a href=\"https:\/\/www.acrimed.org\/Pensions-ou-munitions-la-fabrique-du-consentement\" target=\"_blank\" rel=\"noreferrer noopener\"><strong>\u00ab Pensions ou munitions ? \u00bb : la fabrique du consentement \u00e0 l&rsquo;effort de guerre<\/strong><\/a> (Acrimed)<\/p>\n\n\n\n<p><a href=\"https:\/\/api.indigo-net.com\/email\/RedirectionEmailing?mail=n.chevillard@noos.fr&amp;ID=702568&amp;DOCIID=109703480&amp;ENAIID=976294&amp;RETOUR=SIMPLE&amp;link=https:\/\/www.lalettre.fr\/fr\/medias\/2025\/03\/12\/pierre-edouard-sterin-en-passe-d-entrer-au-capital-d-explore-media,110386083-eve?cxt=PUB&amp;utm_source=LLA&amp;utm_medium=email&amp;utm_campaign=AUTO_EDIT_SOM_PROS\" target=\"_blank\" rel=\"noreferrer noopener\">Pierre-\u00c9douard St\u00e9rin en passe d&rsquo;entrer au capital d&rsquo;Explore Media<\/a> (La Lettre)<\/p>\n\n\n\n<p><a href=\"https:\/\/www.lemediatv.fr\/emissions\/2025\/aphatie-rtl-les-nazis-et-lalgerie-ce-que-revele-la-polemique-sur-letat-de-nos-medias-KowzI2RnRZqYazlJjgRayg\" target=\"_blank\" rel=\"noreferrer noopener\">Aphatie, RTL, les nazis et l&rsquo;Alg\u00e9rie : ce que r\u00e9v\u00e8le la pol\u00e9mique sur l&rsquo;\u00e9tat de nos m\u00e9dias<\/a>&nbsp;(Le M\u00e9dia)<\/p>\n\n\n\n<p><strong><strong><mark style=\"background-color:rgba(0, 0, 0, 0);color:#ed1010\" class=\"has-inline-color\">13 mars<\/mark><\/strong><\/strong><\/p>\n\n\n\n<p><a href=\"https:\/\/france.attac.org\/actus-et-medias\/salle-de-presse\/article\/attac-depose-plainte-pour-diffamation-contre-le-figaro\">Attac d\u00e9pose plainte pour diffamation contre le Figaro<\/a> (Attac)<\/p>\n\n\n\n<p><strong><strong><mark style=\"background-color:rgba(0, 0, 0, 0);color:#ed1010\" class=\"has-inline-color\">10 mars<\/mark><\/strong><\/strong><\/p>\n\n\n\n<p><a href=\"https:\/\/www.youtube.com\/watch?v=rzmEh8S7xB8\">\ud83e\udd8f Balance ton putsch&nbsp;: Hanouna se r\u00eave en Trump fran\u00e7ais<\/a> (Blast le souffle de l\u2019info)<\/p>\n\n\n\n<p><a href=\"https:\/\/www.off-investigation.fr\/Oradour%20en%20Alg\u00e9rie&nbsp;:%20Aphatie%20diabolis\u00e9\">Oradour en Alg\u00e9rie&nbsp;: Aphatie diabolis\u00e9<\/a> (Off Investigation)<\/p>\n\n\n\n<p><a href=\"https:\/\/www.alternatives-economiques.fr\/Le%20mod\u00e8le%20\u00e9conomique%20des%20chaines%20d\u2019information%20nuit%20%20l\u2019intormation\">Le mod\u00e8le \u00e9conomique des chaines d\u2019information nuit&nbsp; l\u2019intormation<\/a> (Alter \u00e9co)<\/p>\n\n\n\n<p><a href=\"https:\/\/www.humanite.fr\/medias\/bfmtv\/veronique-albertini-saade-la-discrete-reine-mere-dun-empire-mediatique-en-devenir\" target=\"_blank\" rel=\"noreferrer noopener\">V\u00e9ronique Albertini-Saad\u00e9, la discr\u00e8te reine m\u00e8re d\u2019un empire m\u00e9diatique en devenir<\/a>&nbsp; (L\u2019Humanit\u00e9)<\/p>\n\n\n\n<p><strong><strong><mark style=\"background-color:rgba(0, 0, 0, 0);color:#ed1010\" class=\"has-inline-color\"> 8 mars<\/mark><\/strong><\/strong><\/p>\n\n\n\n<p><a href=\"https:\/\/www.acrimed.org\/Seize-ans-apres-Claude-Askolovitch-tente-de\" target=\"_blank\" rel=\"noreferrer noopener\">Seize ans apr\u00e8s, Claude Askolovitch tente de classer l&rsquo;affaire Sin\u00e9<\/a>&nbsp;(Acrimed)<\/p>\n\n\n\n<p><a href=\"https:\/\/www.acrimed.org\/Jean-Michel-Aphatie-Barbara-Lefebvre-Hanouna-et\" target=\"_blank\" rel=\"noreferrer noopener\">Jean-Michel Aphatie, Barbara Lefebvre, Hanouna et compagnie : revue de presse de la semaine<\/a>&nbsp;(Acrimed)<\/p>\n\n\n\n<p><a href=\"https:\/\/link.newsletter.franceculture.fr\/m\/ml\/7429\/929189\/dmrp8ZykoYhFoTpOKoZSojgTC-Y0HdkJIpQ46WLKPjE=\/CtwcxtRWqL6h-FodQzsSbJETcH8vLrTmgMQ9TON2xuw=\/\" target=\"_blank\" rel=\"noreferrer noopener\">M\u00e9dias&nbsp;: quelles le\u00e7ons tirer de la fin de C8 et de NRJ 12 ?<\/a> (France Culture)<\/p>\n\n\n\n<p><strong><strong><mark style=\"background-color:rgba(0, 0, 0, 0);color:#ed1010\" class=\"has-inline-color\">2 mars<\/mark><\/strong><\/strong><\/p>\n\n\n\n<p><a href=\"https:\/\/www.streetpress.com\/sujet\/1741019147-bollore-embauche-propagandiste-pro-poutine-xenia-fedorova-ex-patronne-russia-today-cnews-jdnews-fayard-emission-medias\">Bollor\u00e9 embauche la propagandiste pro-Poutine Xenia Fedorova, ex-patronne de Russia Today<\/a> (Streetpress)<\/p>\n\n\n\n<p><strong><strong><mark style=\"background-color:rgba(0, 0, 0, 0);color:#ed1010\" class=\"has-inline-color\">1er mars<\/mark><\/strong><\/strong><\/p>\n\n\n\n<p><a href=\"https:\/\/www.acrimed.org\/C8-BHL-Wikipedia-et-compagnie-revue-de-presse-de\">C8, BHL, Wikip\u00e9dia et compagnie&nbsp;: revue de presse de la semaine<\/a> (Acrimed)<\/p>\n\n\n\n<p><a href=\"https:\/\/www.motherjones.com\/politics\/2025\/02\/Donald%20Ttrump%20press%20room%20conservative%20media\/\">Donald Trump press room conservative media<\/a> (Motherjones)<\/p>\n\n\n\n<p><a href=\"https:\/\/www.acrimed.org\/Cessez-le-feu-a-Gaza-les-oeilleres-et-les-partis\">\u00ab&nbsp;Cessez-le-feu&nbsp;\u00bb \u00e0 Gaza&nbsp;: les \u0153ill\u00e8res et les partis pris du&nbsp;<em>Parisien<\/em><\/a> (Acrimed)<\/p>\n\n\n\n<p><a href=\"https:\/\/www.arretsurimages.net\/articles\/le-jdd-larcom-et-c8-revelations-choc-tres-peu-dinvestigation\" target=\"_blank\" rel=\"noreferrer noopener\">Le \u00ab\u00a0JDD\u00a0\u00bb, l&rsquo;Arcom et C8 : \u00ab\u00a0r\u00e9v\u00e9lations choc\u00a0\u00bb, (tr\u00e8s) peu d&rsquo;investigation<\/a>&nbsp;(Arr\u00eat sur images)<\/p>\n\n\n\n<p><a href=\"https:\/\/reporterre.net\/Fin-de-C8-les-ecolos-organisent-un-pot-de-depart-pour-Hanouna-et-Bollore\" target=\"_blank\" rel=\"noreferrer noopener\">Fin de C8&nbsp;: les \u00e9colos organisent un \u00ab&nbsp;pot de d\u00e9part&nbsp;\u00bb pour Hanouna et Bollor\u00e9<\/a>&nbsp;(Reporterre)<\/p>\n\n\n\n<p><a href=\"https:\/\/www.acrimed.org\/BHL-nouvelle-parade-mediatique\">BHL&nbsp;: nouvelle parade m\u00e9diatique<\/a> (Acrimed)<\/p>\n\n\n\n<p><a href=\"https:\/\/next.ink\/172844\/jeff-bezos-prend-la-main-sur-la-section-opinion-du-washington-post\/\" target=\"_blank\" rel=\"noreferrer noopener\">Jeff Bezos prend la main sur la section opinion du Washington Post<\/a>&nbsp;(Next INpact)<\/p>\n\n\n\n<p><a href=\"https:\/\/www.youtube.com\/watch?v=RAiNvh2WHhU\">\ud83e\udd8f <strong>Affaire B\u00e9tharram : Les mensonges de Bayrou, la complicit\u00e9 des m\u00e9dias<\/strong><\/a> (Blast vid\u00e9o)<\/p>\n","protected":false},"excerpt":{"rendered":"<p>22 mars Guerre en Ukraine, gr\u00e8ves, clauses de confidentialit\u00e9 et compagnie : revue de presse de la semaine&nbsp;(Acrimed) R\u00e9sister \u00e0 l&rsquo;extr\u00eame droitisation du d\u00e9bat public (tract)&nbsp;(Acrimed) \u00catre \u00ab \u00e9cologiste \u00bb : qu&rsquo;est-ce que cela veut dire pour les m\u00e9dias ? (Connaissance des \u00e9nergies) &nbsp;&nbsp; \u00c9lections professionnelles des TPE : les m\u00e9dias encore d\u00e9missionnaires&nbsp;(Acrimed) Guillaume Erner &#8230; <a title=\"Mars &#8211; M\u00e9dias\" class=\"read-more\" href=\"https:\/\/www.rdpemancipation.org\/?p=137684\" aria-label=\"En savoir plus sur Mars &#8211; M\u00e9dias\">Lire la suite<\/a><\/p>\n","protected":false},"author":1,"featured_media":0,"comment_status":"closed","ping_status":"closed","sticky":false,"template":"","format":"standard","meta":{"_lmt_disableupdate":"","_lmt_disable":"","_jetpack_memberships_contains_paid_content":false,"footnotes":""},"categories":[26],"tags":[],"class_list":["post-137684","post","type-post","status-publish","format-standard","hentry","category-medias"],"modified_by":"nch","jetpack_featured_media_url":"","jetpack_sharing_enabled":true,"_links":{"self":[{"href":"https:\/\/www.rdpemancipation.org\/index.php?rest_route=\/wp\/v2\/posts\/137684","targetHints":{"allow":["GET"]}}],"collection":[{"href":"https:\/\/www.rdpemancipation.org\/index.php?rest_route=\/wp\/v2\/posts"}],"about":[{"href":"https:\/\/www.rdpemancipation.org\/index.php?rest_route=\/wp\/v2\/types\/post"}],"author":[{"embeddable":true,"href":"https:\/\/www.rdpemancipation.org\/index.php?rest_route=\/wp\/v2\/users\/1"}],"replies":[{"embeddable":true,"href":"https:\/\/www.rdpemancipation.org\/index.php?rest_route=%2Fwp%2Fv2%2Fcomments&post=137684"}],"version-history":[{"count":7,"href":"https:\/\/www.rdpemancipation.org\/index.php?rest_route=\/wp\/v2\/posts\/137684\/revisions"}],"predecessor-version":[{"id":138378,"href":"https:\/\/www.rdpemancipation.org\/index.php?rest_route=\/wp\/v2\/posts\/137684\/revisions\/138378"}],"wp:attachment":[{"href":"https:\/\/www.rdpemancipation.org\/index.php?rest_route=%2Fwp%2Fv2%2Fmedia&parent=137684"}],"wp:term":[{"taxonomy":"category","embeddable":true,"href":"https:\/\/www.rdpemancipation.org\/index.php?rest_route=%2Fwp%2Fv2%2Fcategories&post=137684"},{"taxonomy":"post_tag","embeddable":true,"href":"https:\/\/www.rdpemancipation.org\/index.php?rest_route=%2Fwp%2Fv2%2Ftags&post=137684"}],"curies":[{"name":"wp","href":"https:\/\/api.w.org\/{rel}","templated":true}]}}