{"id":136776,"date":"2025-02-01T01:05:00","date_gmt":"2025-02-01T00:05:00","guid":{"rendered":"https:\/\/www.rdpemancipation.org\/?p=136776"},"modified":"2025-02-17T20:07:23","modified_gmt":"2025-02-17T19:07:23","slug":"fevrier-jeunesse-education-5","status":"publish","type":"post","link":"https:\/\/www.rdpemancipation.org\/?p=136776","title":{"rendered":"F\u00e9vrier \u2013 Jeunesse\/\u00c9ducation"},"content":{"rendered":"\n<p><strong><strong><mark style=\"background-color:rgba(0, 0, 0, 0);color:#ed1010\" class=\"has-inline-color\">17 f\u00e9vrier<\/mark><\/strong><\/strong><\/p>\n\n\n\n<p><a href=\"https:\/\/blogs.mediapart.fr\/pascale-fourier\/blog\/100225\/IA%20g\u00e9n\u00e9rative%20\u00e0%20l\u2019\u00e9cole%20ou%20quand%20ChatGPT%20pense%20pour%20moi\">IA g\u00e9n\u00e9rative \u00e0 l\u2019\u00e9cole ou quand ChatGPT pense pour moi<\/a> (Blog de Pascale Fourier)<\/p>\n\n\n\n<p><a href=\"https:\/\/www.monde-diplomatique.fr\/2025\/02\/MARIETTE\/68026\" target=\"_blank\" rel=\"noreferrer noopener\">\u00c9tudiants, se r\u00e9signer ou lutter<\/a>&nbsp; (Le Monde diplomatique)<\/p>\n\n\n\n<p><a href=\"https:\/\/www.alternatives-economiques.fr\/repas-a-un-euro-etudiants-faut-aller-plus-loin\/00113988\" target=\"_blank\" rel=\"noreferrer noopener\">Repas \u00e0 un euro pour tous les \u00e9tudiants : pourquoi il faut aller plus loin<\/a>&nbsp;(Alter \u00e9co)<\/p>\n\n\n\n<p><a href=\"https:\/\/rapportsdeforce.fr\/classes-en-lutte\/inclusion-a-lecole-enseignants-en-detresse-lenfant-est-en-souffrance-et-moi-je-participe-a-sa-maltraitance-021223213\" target=\"_blank\" rel=\"noreferrer noopener\">Inclusion \u00e0 l\u2019\u00e9cole, enseignants en d\u00e9tresse : \u00ab l\u2019enfant est en souffrance et moi, je participe \u00e0 sa maltraitance \u00bb<\/a> (Rapports de Force)<\/p>\n\n\n\n<p><a href=\"https:\/\/www.alternatives-economiques.fr\/a-rennes-enfants-toit-restent-dormir-a-lecole\/00113987\" target=\"_blank\" rel=\"noreferrer noopener\">A Rennes, des enfants sans toit restent dormir \u00e0 l\u2019\u00e9cole<\/a>&nbsp;(Alter \u00e9co)<\/p>\n\n\n\n<p><strong><strong><mark style=\"background-color:rgba(0, 0, 0, 0);color:#ed1010\" class=\"has-inline-color\">7 f\u00e9vrier<\/mark><\/strong><\/strong><\/p>\n\n\n\n<p><a href=\"https:\/\/www.alternatives-economiques.fr\/projet-de-laboratoires-dexcellence-plonge-cnrs-stupeur\/00113967\" target=\"_blank\" rel=\"noreferrer noopener\">Le projet de laboratoires \u00ab d\u2019excellence \u00bb plonge le CNRS dans la stupeur<\/a>&nbsp;(Alter \u00e9co)<\/p>\n\n\n\n<p><a href=\"https:\/\/cafepedagogique.net\/2025\/02\/02\/emmanuel-macron-veut-enlever-quelques-semaines-de-vacances\/?utm_campaign=Lexpresso_03-02-2025&amp;utm_medium=email&amp;utm_source=Expresso\">Education. Emmanuel Macron veut enlever \u00ab&nbsp;quelques semaines de vacances&nbsp;\u00bb<\/a>&nbsp; (Caf\u00e9 p\u00e9dagogique)<\/p>\n\n\n\n<p><a href=\"https:\/\/www.humanite.fr\/societe\/etudiants\/precarite-etudiante-precarite-etudiante-lalimentation-nest-plus-ma-priorite-je-dois-privilegier-lachat-de-materiels-pour-mes-cours\" target=\"_blank\" rel=\"noreferrer noopener\">Pr\u00e9carit\u00e9 \u00e9tudiante : \u00ab&nbsp;L&rsquo;alimentation n&rsquo;est plus ma priorit\u00e9, je dois privil\u00e9gier l&rsquo;achat de mat\u00e9riels pour mes cours \u00bb&nbsp;<\/a> (L\u2019Humanit\u00e9)<\/p>\n\n\n\n<p><a href=\"https:\/\/cafepedagogique.net\/2025\/02\/03\/economies-budgetaires-ca-commence-par-le-pass-culture\/?utm_campaign=Lexpresso_03-02-2025&amp;utm_medium=email&amp;utm_source=Expresso\">Economies budg\u00e9taires : \u00e7a commence par le pass Culture\u2026<\/a>&nbsp;(Caf\u00e9 p\u00e9dagogique)<\/p>\n\n\n\n<p><a href=\"https:\/\/theconversation.com\/salaires-des-enseignants-le-grand-declassement-248485?utm_medium=email&amp;utm_campaign=La%20lettre%20de%20The%20Conversation%20France%20du%203%20fvrier%202025%20-%203247733159&amp;utm_content=La%20lettre%20de%20The%20Conversation%20France%20du%203%20fvrier%202025%20-%203247733159+CID_af6b722cccb75dad060a54f54b26e462&amp;utm_source=campaign_monitor_fr&amp;utm_term=Salaires%20des%20enseignants%20%20le%20grand%20dclassement\">Salaires des enseignants&nbsp;: le grand d\u00e9classement&nbsp;?&nbsp;<\/a>&nbsp;(The Conversation)<\/p>\n\n\n\n<p><strong><strong><mark style=\"background-color:rgba(0, 0, 0, 0);color:#ed1010\" class=\"has-inline-color\">3 f\u00e9vrier<\/mark><\/strong><\/strong><\/p>\n\n\n\n<p><a href=\"https:\/\/www.politis.fr\/api\/proxy\/?articleID=354939\" target=\"_blank\" rel=\"noreferrer noopener\">\u00c9ducation \u00e0 la sexualit\u00e9 : un programme sous haute tension<\/a>&nbsp;(Politis)<\/p>\n\n\n\n<p><a href=\"https:\/\/www.alternatives-economiques.fr\/marie-duru-bellat\/parcoursup-ouvrir-portes-lieu-de-fermer\/00113771\" target=\"_blank\" rel=\"noreferrer noopener\">Parcoursup : comment ouvrir les portes au lieu de les fermer ?<\/a>&nbsp;(Alter \u00e9co)<\/p>\n","protected":false},"excerpt":{"rendered":"<p>17 f\u00e9vrier IA g\u00e9n\u00e9rative \u00e0 l\u2019\u00e9cole ou quand ChatGPT pense pour moi (Blog de Pascale Fourier) \u00c9tudiants, se r\u00e9signer ou lutter&nbsp; (Le Monde diplomatique) Repas \u00e0 un euro pour tous les \u00e9tudiants : pourquoi il faut aller plus loin&nbsp;(Alter \u00e9co) Inclusion \u00e0 l\u2019\u00e9cole, enseignants en d\u00e9tresse : \u00ab l\u2019enfant est en souffrance et moi, je &#8230; <a title=\"F\u00e9vrier \u2013 Jeunesse\/\u00c9ducation\" class=\"read-more\" href=\"https:\/\/www.rdpemancipation.org\/?p=136776\" aria-label=\"En savoir plus sur F\u00e9vrier \u2013 Jeunesse\/\u00c9ducation\">Lire la suite<\/a><\/p>\n","protected":false},"author":1,"featured_media":0,"comment_status":"closed","ping_status":"closed","sticky":false,"template":"","format":"standard","meta":{"_lmt_disableupdate":"","_lmt_disable":"","_jetpack_memberships_contains_paid_content":false,"footnotes":""},"categories":[15],"tags":[],"class_list":["post-136776","post","type-post","status-publish","format-standard","hentry","category-jeunesse-education"],"modified_by":"nch","jetpack_featured_media_url":"","jetpack_sharing_enabled":true,"_links":{"self":[{"href":"https:\/\/www.rdpemancipation.org\/index.php?rest_route=\/wp\/v2\/posts\/136776","targetHints":{"allow":["GET"]}}],"collection":[{"href":"https:\/\/www.rdpemancipation.org\/index.php?rest_route=\/wp\/v2\/posts"}],"about":[{"href":"https:\/\/www.rdpemancipation.org\/index.php?rest_route=\/wp\/v2\/types\/post"}],"author":[{"embeddable":true,"href":"https:\/\/www.rdpemancipation.org\/index.php?rest_route=\/wp\/v2\/users\/1"}],"replies":[{"embeddable":true,"href":"https:\/\/www.rdpemancipation.org\/index.php?rest_route=%2Fwp%2Fv2%2Fcomments&post=136776"}],"version-history":[{"count":4,"href":"https:\/\/www.rdpemancipation.org\/index.php?rest_route=\/wp\/v2\/posts\/136776\/revisions"}],"predecessor-version":[{"id":137301,"href":"https:\/\/www.rdpemancipation.org\/index.php?rest_route=\/wp\/v2\/posts\/136776\/revisions\/137301"}],"wp:attachment":[{"href":"https:\/\/www.rdpemancipation.org\/index.php?rest_route=%2Fwp%2Fv2%2Fmedia&parent=136776"}],"wp:term":[{"taxonomy":"category","embeddable":true,"href":"https:\/\/www.rdpemancipation.org\/index.php?rest_route=%2Fwp%2Fv2%2Fcategories&post=136776"},{"taxonomy":"post_tag","embeddable":true,"href":"https:\/\/www.rdpemancipation.org\/index.php?rest_route=%2Fwp%2Fv2%2Ftags&post=136776"}],"curies":[{"name":"wp","href":"https:\/\/api.w.org\/{rel}","templated":true}]}}