{"id":136770,"date":"2025-02-01T00:50:00","date_gmt":"2025-01-31T23:50:00","guid":{"rendered":"https:\/\/www.rdpemancipation.org\/?p=136770"},"modified":"2025-02-28T07:28:40","modified_gmt":"2025-02-28T06:28:40","slug":"fevrier-cultures-5","status":"publish","type":"post","link":"https:\/\/www.rdpemancipation.org\/?p=136770","title":{"rendered":"F\u00e9vrier \u2013 Cultures"},"content":{"rendered":"\n<p class=\"has-text-color has-link-color wp-elements-46d0aba553170f02df9ad3fe05665b70\" style=\"color:#b10000\"><strong>28 f\u00e9vrier<\/strong><\/p>\n\n\n\n<p><a href=\"https:\/\/link.newsletter.franceculture.fr\/m\/ml\/7429\/929189\/OswvNPoKyDSuK4neooup85n5hn2X9cGO_Cwa_dZfhGw=\/WXrNBqw8UlTD4h-GcMObjx1MaDb2Wu8jSPp-plWn6+A=\/\" target=\"_blank\" rel=\"noreferrer noopener\">\u00c9tats-Unis\u00a0: \u00e0 qui appartient la country\u00a0?<\/a> (France Culture).<\/p>\n\n\n\n<p><a href=\"https:\/\/www.humanite.fr\/culture-et-savoir\/cinema\/mort-de-gene-hackman-acteur-americain-legendaire-de-french-connection-superman-et-impitoyable\" title=\"\">Mort de Gene Hackman<\/a> (L&rsquo;Humanit\u00e9).<\/p>\n\n\n\n<p><a href=\"https:\/\/www.telerama.fr\/cinema\/cesar-2025-15-films-qui-ont-recu-le-cesar-du-meilleur-film-a-voir-sur-mycanal-netflix-7024535.php\" title=\"\">C\u00e9sar 2025&nbsp;: 15&nbsp;films qui ont re\u00e7u le C\u00e9sar du meilleur film \u00e0 voir<\/a> (T\u00e9l\u00e9rama).<\/p>\n\n\n\n<p><a href=\"https:\/\/www.monde-diplomatique.fr\/2025\/03\/ALBERA\/68136\">L\u2019art en 1917, changer la vie<\/a> (Le Monde diplomatique).<\/p>\n\n\n\n<p><a href=\"https:\/\/www.en-attendant-nadeau.fr\/2025\/02\/27\/spirales-de-franketienne-1936-2025\/\">Spirales de Frank\u00e9tienne (1936-2025)<\/a> (En attendant Nadeau).<\/p>\n\n\n\n<div class=\"wp-block-columns is-layout-flex wp-container-core-columns-is-layout-9d6595d7 wp-block-columns-is-layout-flex\">\n<div class=\"wp-block-column is-layout-flow wp-block-column-is-layout-flow\" style=\"flex-basis:100%\"><div class=\"wp-block-image\">\n<figure class=\"alignleft size-full is-resized\"><img data-recalc-dims=\"1\" loading=\"lazy\" decoding=\"async\" width=\"404\" height=\"600\" src=\"https:\/\/i0.wp.com\/www.rdpemancipation.org\/wp-content\/uploads\/2025\/02\/Jean_Laposte_2.webp?resize=404%2C600&#038;ssl=1\" alt=\"\" class=\"wp-image-137640\" style=\"width:287px;height:auto\" srcset=\"https:\/\/i0.wp.com\/www.rdpemancipation.org\/wp-content\/uploads\/2025\/02\/Jean_Laposte_2.webp?w=404&amp;ssl=1 404w, https:\/\/i0.wp.com\/www.rdpemancipation.org\/wp-content\/uploads\/2025\/02\/Jean_Laposte_2.webp?resize=202%2C300&amp;ssl=1 202w\" sizes=\"auto, (max-width: 404px) 100vw, 404px\" \/><figcaption class=\"wp-element-caption\"><sup>Frank\u00e9tienne (2001) \u00a9 CC0\/WikiCommons<\/sup><\/figcaption><\/figure>\n<\/div><\/div>\n<\/div>\n\n\n\n<p class=\"has-text-color has-link-color wp-elements-6ba057fc7160b321c2bd85f4e35dc406\" style=\"color:#ae0000\"><strong>27 f\u00e9vrier<\/strong><\/p>\n\n\n\n<p><a href=\"https:\/\/public-api.wordpress.com\/bar\/?stat=groovemails-events&amp;bin=wpcom_email_click&amp;redirect_to=https%3A%2F%2Fentreleslignesentrelesmots.wordpress.com%2F2025%2F02%2F26%2Fhier-pour-aujourdhui-les-annees-2000-14%2F%3Fjetpack_skip_subscription_popup&amp;sr=0&amp;signature=9ad41caa82249f7c3034503e19a66b88&amp;blog_id=12785448&amp;user=0ff88261f2c135c936be37d66e379a6f&amp;_e=eyJlcnJvciI6bnVsbCwiYmxvZ19pZCI6MTI3ODU0NDgsImJsb2dfbGFuZyI6ImZyLUZSIiwic2l0ZV9pZF9sYWJlbCI6IndwY29tIiwiaGFzX2ZlYXR1cmVkX2ltYWdlIjoiMCIsInN1YnNjcmliZXJfaWQiOiIzMDM5NzQ3NTMiLCJfdWkiOiIwZmY4ODI2MWYyYzEzNWM5MzZiZTM3ZDY2ZTM3OWE2ZiIsIl91dCI6ImFub24iLCJlbWFpbF9kb21haW4iOiJ5YWhvby5jb20iLCJwb3N0X2lkIjo5MDE2NSwidXNlcl9lbWFpbCI6ImNwcmV2b3N0OTFAeWFob28uY29tIiwiZGF0ZV9zZW50IjoiMjAyNS0wMi0yNiIsImVtYWlsX2lkIjoiNTI5ZDFlNWUzZDIwNDMwOGRiMGFkZTZiODI0Yzg1YmYiLCJlbWFpbF9uYW1lIjoibmV3LXBvc3QiLCJ0ZW1wbGF0ZSI6Im5ldy1wb3N0IiwibGlua19kZXNjIjoicG9zdC11cmwiLCJhbmNob3JfdGV4dCI6IkhpZXIgcG91ciBhdWpvdXJkXHUyMDE5aHVpLCBsZXMgYW5uXHUwMGU5ZXMgMjAwMFx1MDBhMCgxNCkiLCJfZHIiOm51bGwsIl9kbCI6Ilwvd3AtY3Jvbi5waHA\/ZG9pbmdfd3BfY3Jvbj0xNzQwNTg3NDAxLjc5NDU4MDkzNjQzMTg4NDc2NTYyNTAiLCJfZW4iOiJ3cGNvbV9lbWFpbF9jbGljayIsIl90cyI6MTc0MDU4NzQ0OTE3MiwiYnJvd3Nlcl90eXBlIjoicGhwLWFnZW50IiwiX2F1YSI6IndwY29tLXRyYWNrcy1jbGllbnQtdjAuMyIsIl91bCI6bnVsbCwiYmxvZ190eiI6IjAiLCJ1c2VyX2xhbmciOm51bGx9&amp;_z=z\" target=\"_blank\" rel=\"noreferrer noopener\">Hier pour aujourd\u2019hui, les ann\u00e9es 2000<\/a> (Entre les lignes entre les mots).<\/p>\n\n\n\n<p><a href=\"https:\/\/www.monde-diplomatique.fr\/2025\/03\/POUPEAU\/68128\">Philosophie de la nature ou sciences de la terre<\/a> (Le Monde diplomatique).<\/p>\n\n\n\n<p><a href=\"https:\/\/www.en-attendant-nadeau.fr\/traverser-les-annees-noires-l-occupation\/\" title=\"\">Traverser les ann\u00e9es noires<\/a> (En attendant Nadeau).<\/p>\n\n\n\n<p><a href=\"https:\/\/link.newsletter.franceculture.fr\/m\/ml\/7429\/928978\/D6c8j5cKBm0b6ixO2yb8r5oxLEgQMcRHu_2HL7RLw2g=\/O0BD91Ontbe8Ja+I6YmFsuv4C-VmV8EMvGXR4hGuAkU=\/\" target=\"_blank\" rel=\"noreferrer noopener\">Se venger ou comment naissent les h\u00e9ros<\/a> (France Culture).<\/p>\n\n\n\n<div class=\"wp-block-columns is-layout-flex wp-container-core-columns-is-layout-9d6595d7 wp-block-columns-is-layout-flex\">\n<div class=\"wp-block-column is-layout-flow wp-block-column-is-layout-flow\" style=\"flex-basis:100%\"><div class=\"wp-block-image\">\n<figure class=\"alignleft size-full is-resized\"><img data-recalc-dims=\"1\" loading=\"lazy\" decoding=\"async\" width=\"640\" height=\"340\" src=\"https:\/\/i0.wp.com\/www.rdpemancipation.org\/wp-content\/uploads\/2025\/02\/640x340_sc_gettyimages-931289342.jpg?resize=640%2C340&#038;ssl=1\" alt=\"\" class=\"wp-image-137610\" style=\"width:293px;height:auto\" srcset=\"https:\/\/i0.wp.com\/www.rdpemancipation.org\/wp-content\/uploads\/2025\/02\/640x340_sc_gettyimages-931289342.jpg?w=640&amp;ssl=1 640w, https:\/\/i0.wp.com\/www.rdpemancipation.org\/wp-content\/uploads\/2025\/02\/640x340_sc_gettyimages-931289342.jpg?resize=300%2C159&amp;ssl=1 300w\" sizes=\"auto, (max-width: 640px) 100vw, 640px\" \/><figcaption class=\"wp-element-caption\"><sup>Edmond Dant\u00e8s et l&rsquo;abb\u00e9 Faria prisonniers au ch\u00e2teau d&rsquo;If, illustration gravure d&rsquo;apr\u00e8s un dessin d&rsquo;Ange Louis Janet (1815-1872), publi\u00e9e par Sonzogno, 1867 \u00a9Getty &#8211; DEA PICTURE LIBRARY<\/sup><\/figcaption><\/figure>\n<\/div><\/div>\n<\/div>\n\n\n\n<p class=\"has-text-color has-link-color wp-elements-83b5d8d7352abdc533552419611bcfdd\" style=\"color:#ac0000\"><strong>26 f\u00e9vrier<\/strong><\/p>\n\n\n\n<p><a href=\"https:\/\/www.en-attendant-nadeau.fr\/2025\/02\/25\/lintranquille-daniel-cordier\/\">L\u2019intranquille Daniel Cordier<\/a> (En attendant Nadeau).<\/p>\n\n\n\n<p><a href=\"https:\/\/www.nonfiction.fr\/article-12297-nasser-abu-srour-une-plume-libre-dans-les-geoles-israeliennes.htm\">Nasser Abu Srour : une plume libre dans les ge\u00f4les isra\u00e9liennes<\/a> (Nonfiction).<\/p>\n\n\n\n<p><a href=\"https:\/\/www.telerama.fr\/cinema\/les-sorties-cinema-de-la-semaine-a-real-pain-queer-maman-dechire-7024512.php\" title=\"\">Les sorties cin\u00e9ma de la semaine<\/a>&nbsp;(T\u00e9l\u00e9rama).<\/p>\n\n\n\n<p><a href=\"https:\/\/www.fabula.org\/actualites\/125304\/olympe-19-02.html\">Une femme dans la R\u00e9volution<\/a> (Fabula).<\/p>\n\n\n\n<p><a href=\"https:\/\/link.newsletter.franceculture.fr\/m\/ml\/7429\/928767\/sjIOx3J1K_ya9dwAgGd-v_MKM1uURIGI54NctXkamUs=\/gPH0DI8x69DUHQAPsdmcrYKbOgXERL3uCutE1BJbIqA=\/\" target=\"_blank\" rel=\"noreferrer noopener\">Marie-H\u00e9l\u00e8ne Lafon&nbsp;: \u00ab\u00a0\u00c9crire et enseigner en m\u00eame temps<\/a> (France Culture).<\/p>\n\n\n\n<div class=\"wp-block-columns is-layout-flex wp-container-core-columns-is-layout-9d6595d7 wp-block-columns-is-layout-flex\">\n<div class=\"wp-block-column is-layout-flow wp-block-column-is-layout-flow\" style=\"flex-basis:100%\"><div class=\"wp-block-image\">\n<figure class=\"alignleft size-full is-resized\"><img data-recalc-dims=\"1\" loading=\"lazy\" decoding=\"async\" width=\"640\" height=\"340\" src=\"https:\/\/i0.wp.com\/www.rdpemancipation.org\/wp-content\/uploads\/2025\/02\/640x340_marie-helene-lafon.jpg?resize=640%2C340&#038;ssl=1\" alt=\"\" class=\"wp-image-137568\" style=\"width:294px;height:auto\" srcset=\"https:\/\/i0.wp.com\/www.rdpemancipation.org\/wp-content\/uploads\/2025\/02\/640x340_marie-helene-lafon.jpg?w=640&amp;ssl=1 640w, https:\/\/i0.wp.com\/www.rdpemancipation.org\/wp-content\/uploads\/2025\/02\/640x340_marie-helene-lafon.jpg?resize=300%2C159&amp;ssl=1 300w\" sizes=\"auto, (max-width: 640px) 100vw, 640px\" \/><figcaption class=\"wp-element-caption\"><sup>Marie-H\u00e9l\u00e8ne Lafon \u00a9Radio France &#8211; Roxane Rosell<\/sup><\/figcaption><\/figure>\n<\/div><\/div>\n<\/div>\n\n\n\n<p class=\"has-text-color has-link-color wp-elements-ed62b69adef1762ce0833a9158074f88\" style=\"color:#b30000\"><strong>25 f\u00e9vrier<\/strong><\/p>\n\n\n\n<p><a href=\"https:\/\/link.newsletter.franceculture.fr\/m\/ml\/7429\/928558\/_zFokKe_AkHVH1fHSAVjLKMx-oFm0t8o0eHiG4Ml9WE=\/CB2zABuXjpJKHTElPGWBRa3AiYyjj2qqJa6HYlPfYgc=\/\" target=\"_blank\" rel=\"noreferrer noopener\">Descartes \u00e9tait-il styl\u00e9 ?<\/a> (France Culture).<\/p>\n\n\n\n<p><a href=\"https:\/\/www.politika.io\/fr\/article\/claude-lefort-investigation-litteraire-democratie\">Claude Lefort&nbsp;: \u00ab&nbsp;Investigation litt\u00e9raire&nbsp;\u00bb et d\u00e9mocratie<\/a> (Politika).<\/p>\n\n\n\n<p><a href=\"https:\/\/www.en-attendant-nadeau.fr\/2025\/02\/25\/philippe-aries-un-phare\/\" title=\"\">Philippe Ari\u00e8s, un phare&nbsp;<\/a>(En attendant Nadeau).<\/p>\n\n\n\n<p><a href=\"https:\/\/www.telerama.fr\/musique\/mort-de-bill-fay-artisan-d-une-folk-discrete-mais-eternelle-7024493.php\" title=\"\">Mort de Bill Fay, artisan d\u2019une folk \u00e9ternelle<\/a> (T\u00e9l\u00e9rama).<\/p>\n\n\n\n<div class=\"wp-block-columns is-layout-flex wp-container-core-columns-is-layout-9d6595d7 wp-block-columns-is-layout-flex\">\n<div class=\"wp-block-column is-layout-flow wp-block-column-is-layout-flow\" style=\"flex-basis:100%\"><div class=\"wp-block-image\">\n<figure class=\"alignleft size-full is-resized\"><img loading=\"lazy\" decoding=\"async\" width=\"1200\" height=\"800\" src=\"https:\/\/www.rdpemancipation.org\/wp-content\/uploads\/2025\/02\/19ec426_160286794-bill-fay-high-res-37-photo-by-parri-thomas.avif\" alt=\"\" class=\"wp-image-137536\" style=\"width:292px;height:auto\"\/><figcaption class=\"wp-element-caption\"><sup>Bill Fay, d\u00e9vou\u00e9 \u00e0 son art, a v\u00e9cu de divers m\u00e9tiers (gardien de parc, poissonnier, cueilleur de fruits\u2026). Photo Mathew Parri Thomas<\/sup><\/figcaption><\/figure>\n<\/div><\/div>\n<\/div>\n\n\n\n<p class=\"has-text-color has-link-color wp-elements-fb2e91610c7a7014b64fe569bc4d5f1c\" style=\"color:#b50000\"><strong>24 f\u00e9vrier<\/strong><\/p>\n\n\n\n<p><a href=\"https:\/\/public-api.wordpress.com\/bar\/?stat=groovemails-events&amp;bin=wpcom_email_click&amp;redirect_to=https%3A%2F%2Fentreleslignesentrelesmots.wordpress.com%2F2025%2F02%2F23%2Fabcdaire-necessairement-partiel-52%2F%3Fjetpack_skip_subscription_popup&amp;sr=0&amp;signature=e7171d2aad93a8fb803fd66a5cc372f3&amp;blog_id=12785448&amp;user=0ff88261f2c135c936be37d66e379a6f&amp;_e=eyJlcnJvciI6bnVsbCwiYmxvZ19pZCI6MTI3ODU0NDgsImJsb2dfbGFuZyI6ImZyLUZSIiwic2l0ZV9pZF9sYWJlbCI6IndwY29tIiwiaGFzX2ZlYXR1cmVkX2ltYWdlIjoiMCIsInN1YnNjcmliZXJfaWQiOiIzMDM5NzQ3NTMiLCJfdWkiOiIwZmY4ODI2MWYyYzEzNWM5MzZiZTM3ZDY2ZTM3OWE2ZiIsIl91dCI6ImFub24iLCJlbWFpbF9kb21haW4iOiJ5YWhvby5jb20iLCJwb3N0X2lkIjo5MDM2NywidXNlcl9lbWFpbCI6ImNwcmV2b3N0OTFAeWFob28uY29tIiwiZGF0ZV9zZW50IjoiMjAyNS0wMi0yMyIsImVtYWlsX2lkIjoiZmJiNTYwYjFlNzlkNjczYTQzZDcwZjU5ODUyMmJmMDMiLCJlbWFpbF9uYW1lIjoibmV3LXBvc3QiLCJ0ZW1wbGF0ZSI6Im5ldy1wb3N0IiwibGlua19kZXNjIjoicG9zdC11cmwiLCJhbmNob3JfdGV4dCI6IkFCQ0RhaXJlIG5cdTAwZTljZXNzYWlyZW1lbnQgcGFydGllbFx1MDBhMCg1MikiLCJfZHIiOm51bGwsIl9kbCI6Ilwvd3AtY3Jvbi5waHA\/ZG9pbmdfd3BfY3Jvbj0xNzQwMzI4MjA0Ljg3MTkwMjk0MjY1NzQ3MDcwMzEyNTAiLCJfZW4iOiJ3cGNvbV9lbWFpbF9jbGljayIsIl90cyI6MTc0MDMyODI1Mzg1MywiYnJvd3Nlcl90eXBlIjoicGhwLWFnZW50IiwiX2F1YSI6IndwY29tLXRyYWNrcy1jbGllbnQtdjAuMyIsIl91bCI6bnVsbCwiYmxvZ190eiI6IjAiLCJ1c2VyX2xhbmciOm51bGx9&amp;_z=z\" target=\"_blank\" rel=\"noreferrer noopener\">ABCDaire n\u00e9cessairement partiel<\/a> (Entre les lignes entre les mots).<\/p>\n\n\n\n<p><a href=\"https:\/\/9800cc550bc4fdfd764215e3fc420d10.us-east-1.resend-links.com\/CL0\/https:%2F%2Ffrustrationmagazine.fr%2Fjouer-avec-le-feu\/1\/01000195327dfe95-f7257c18-1a48-4216-9dd5-45a02c92006f-000000\/iy6OzuLsxvomKGvK2yHqBWYi714-Ytk1dYnYIpjZtpQ=393\" title=\"\">\u00ab&nbsp;Jouer avec le feu&nbsp;\u00bb : un film irr\u00e9aliste et l\u00e2che <\/a> (Frustration).<\/p>\n\n\n\n<p><a href=\"https:\/\/www.en-attendant-nadeau.fr\/2025\/02\/22\/ausculter-la-terre-pour-la-proteger-geographie\/\">Ausculter la terre pour la prot\u00e9ger<\/a> (En attendant Nadeau).<\/p>\n\n\n\n<p><a href=\"https:\/\/www.terrestres.org\/2025\/02\/22\/penser-les-alliances-politiques-contre-lexploitation\/\" title=\"\">Repenser le travail pour contrer l\u2019exploitation des vivants<\/a> (Terrestres).<\/p>\n\n\n\n<p><a href=\"https:\/\/www.fabula.org\/actualites\/125486\/georges-navel-15-012.html\" title=\"\">Rem\u00e8des au d\u00e9senchantement<\/a> (Fabula).<\/p>\n\n\n\n<div class=\"wp-block-columns is-layout-flex wp-container-core-columns-is-layout-9d6595d7 wp-block-columns-is-layout-flex\">\n<div class=\"wp-block-column is-layout-flow wp-block-column-is-layout-flow\" style=\"flex-basis:100%\"><div class=\"wp-block-image\">\n<figure class=\"alignleft size-full is-resized\"><img data-recalc-dims=\"1\" loading=\"lazy\" decoding=\"async\" width=\"860\" height=\"857\" src=\"https:\/\/i0.wp.com\/www.rdpemancipation.org\/wp-content\/uploads\/2025\/02\/125486_c364347ec8b0b915308adbfcf4227be9.jpg?resize=860%2C857&#038;ssl=1\" alt=\"\" class=\"wp-image-137490\" style=\"width:303px;height:auto\" srcset=\"https:\/\/i0.wp.com\/www.rdpemancipation.org\/wp-content\/uploads\/2025\/02\/125486_c364347ec8b0b915308adbfcf4227be9.jpg?w=860&amp;ssl=1 860w, https:\/\/i0.wp.com\/www.rdpemancipation.org\/wp-content\/uploads\/2025\/02\/125486_c364347ec8b0b915308adbfcf4227be9.jpg?resize=300%2C300&amp;ssl=1 300w, https:\/\/i0.wp.com\/www.rdpemancipation.org\/wp-content\/uploads\/2025\/02\/125486_c364347ec8b0b915308adbfcf4227be9.jpg?resize=150%2C150&amp;ssl=1 150w, https:\/\/i0.wp.com\/www.rdpemancipation.org\/wp-content\/uploads\/2025\/02\/125486_c364347ec8b0b915308adbfcf4227be9.jpg?resize=768%2C765&amp;ssl=1 768w\" sizes=\"auto, (max-width: 860px) 100vw, 860px\" \/><figcaption class=\"wp-element-caption\"><sup>Georges Navel (1904-1993)<\/sup><\/figcaption><\/figure>\n<\/div><\/div>\n<\/div>\n\n\n\n<p class=\"has-text-color has-link-color wp-elements-5856fc9459e10a834318d4a6300a33aa\" style=\"color:#ac0000\"><strong>22 f\u00e9vrier<\/strong><\/p>\n\n\n\n<p><a href=\"https:\/\/www.contretemps.eu\/cerner-etat-capitaliste-entretien-joachim-hirsch\/\" title=\"\">Cerner l\u2019\u00c9tat capitaliste. Un entretien avec Joachim Hirsch<\/a> (Contretemps).<\/p>\n\n\n\n<p><a href=\"https:\/\/www.humanite.fr\/culture-et-savoir\/ariane-ascaride\/ariane-ascaride-on-est-beaucoup-plus-intelligent-en-groupe\" title=\"\">Ariane Ascaride&nbsp;: \u00ab&nbsp;On est beaucoup plus intelligent en groupe&nbsp;\u00bb<\/a> (L&rsquo;Humanit\u00e9).<\/p>\n\n\n\n<p><a href=\"https:\/\/link.newsletter.franceculture.fr\/m\/ml\/7429\/927982\/5glJDMnvRbGrIL5pXXhGHZn5hn2X9cGO_Cwa_dZfhGw=\/SmJ0aSftdokjgtatPBHdG4+BVW74UOw9mQE4T68stdQ=\/\" target=\"_blank\" rel=\"noreferrer noopener\">Les \u00e9crans, les enfants<\/a> (France Culture).<\/p>\n\n\n\n<p><a href=\"https:\/\/www.lemonde.fr\/livres\/article\/2025\/02\/21\/histoire-globale-des-techniques-la-chronique-essai-de-roger-pol-droit_6557622_3260.html\" title=\"\">\u00ab&nbsp;Histoire globale des techniques&nbsp;\u00bb<\/a> (Le Monde).<\/p>\n\n\n\n<p><a href=\"https:\/\/www.en-attendant-nadeau.fr\/2025\/02\/22\/pour-insomniaques-et-ferroviaires-manchette\/\" title=\"\">Pour insomniaques et ferroviaires<\/a> (En attendant Nadeau).<\/p>\n\n\n\n<div class=\"wp-block-columns is-layout-flex wp-container-core-columns-is-layout-9d6595d7 wp-block-columns-is-layout-flex\">\n<div class=\"wp-block-column is-layout-flow wp-block-column-is-layout-flow\" style=\"flex-basis:100%\"><div class=\"wp-block-image\">\n<figure class=\"alignleft size-full is-resized\"><img data-recalc-dims=\"1\" loading=\"lazy\" decoding=\"async\" width=\"650\" height=\"407\" src=\"https:\/\/i0.wp.com\/www.rdpemancipation.org\/wp-content\/uploads\/2025\/02\/manchette-3-article.webp?resize=650%2C407&#038;ssl=1\" alt=\"\" class=\"wp-image-137435\" style=\"width:291px;height:auto\" srcset=\"https:\/\/i0.wp.com\/www.rdpemancipation.org\/wp-content\/uploads\/2025\/02\/manchette-3-article.webp?w=650&amp;ssl=1 650w, https:\/\/i0.wp.com\/www.rdpemancipation.org\/wp-content\/uploads\/2025\/02\/manchette-3-article.webp?resize=300%2C188&amp;ssl=1 300w\" sizes=\"auto, (max-width: 650px) 100vw, 650px\" \/><figcaption class=\"wp-element-caption\"><sup>Jean-Patrick Manchette \u00a9 D. R.<\/sup><\/figcaption><\/figure>\n<\/div><\/div>\n<\/div>\n\n\n\n<p class=\"has-text-color has-link-color wp-elements-73ec6883267ddb606ccf83555cb0100d\" style=\"color:#b30000\"><strong>21 f\u00e9vrier<\/strong><\/p>\n\n\n\n<p><a href=\"https:\/\/link.newsletter.franceculture.fr\/m\/ml\/7429\/927767\/oLXphgWID3NbOF1CoZ_r2pn5hn2X9cGO_Cwa_dZfhGw=\/MzJHsLQPc56pnHITPxM4lfTUYoevtdo1CYNssEAqots=\/\" target=\"_blank\" rel=\"noreferrer noopener\">Exposition \u00ab&nbsp;Apocalypse. Hier et demain&nbsp;\u00bb \u00e0 la BNF<\/a> (France Culture).<\/p>\n\n\n\n<p><a href=\"https:\/\/www.revue-ballast.fr\/depasser-lideologie-proprietaire\/\" title=\"\">D\u00e9passer l\u2019id\u00e9ologie propri\u00e9taire<\/a> (Ballast).<\/p>\n\n\n\n<p><a href=\"https:\/\/www.en-attendant-nadeau.fr\/2025\/02\/20\/la-ville-en-eclat\/\" title=\"\">La finesse des seuils<\/a> (En attendant Nadeau).<\/p>\n\n\n\n<p><a href=\"https:\/\/www.telerama.fr\/debats-reportages\/boualem-sansal-toujours-incarcere-en-algerie-le-monde-litteraire-affiche-son-soutien-a-l-ecrivain-ce-soir-a-l-ima-7024417.php\" title=\"\">B. Sansal &nbsp;incarc\u00e9r\u00e9 en Alg\u00e9rie&nbsp;: soutien \u00e0 l\u2019\u00e9crivain \u00e0 l\u2019IMA<\/a> (T\u00e9l\u00e9rama).<\/p>\n\n\n\n<div class=\"wp-block-columns is-layout-flex wp-container-core-columns-is-layout-9d6595d7 wp-block-columns-is-layout-flex\">\n<div class=\"wp-block-column is-layout-flow wp-block-column-is-layout-flow\" style=\"flex-basis:100%\"><div class=\"wp-block-image\">\n<figure class=\"alignleft size-full is-resized\"><img loading=\"lazy\" decoding=\"async\" width=\"1200\" height=\"1799\" src=\"https:\/\/www.rdpemancipation.org\/wp-content\/uploads\/2025\/02\/8ebe2b6_sirius-fs-upload-1-vwwdwjoih9nx-1739887083531-sansal-boualem-photo-2018-francesca-mantovani-ei-ditions-gallimard-87a0219r.avif\" alt=\"\" class=\"wp-image-137406\" style=\"width:292px;height:auto\"\/><figcaption class=\"wp-element-caption\"><sup>Boualem Sansal, en novembre 2018. Photo Francesca Mantovani\/Gallimard<\/sup><\/figcaption><\/figure>\n<\/div><\/div>\n<\/div>\n\n\n\n<p class=\"has-text-color has-link-color wp-elements-00b0f7c05b44a117fa143c2bfe8d1784\" style=\"color:#a90000\"><strong>20 f\u00e9vrier<\/strong><\/p>\n\n\n\n<p><a href=\"https:\/\/www.humanite.fr\/culture-et-savoir\/cinema\/mort-du-realisateur-malien-souleymane-cisse-pionnier-du-cinema-africain\" title=\"\">Mort du r\u00e9alisateur malien Souleymane Ciss\u00e9<\/a> (L&rsquo;Humanit\u00e9).<\/p>\n\n\n\n<p><a href=\"https:\/\/www.en-attendant-nadeau.fr\/2025\/02\/18\/gaza-terre-de-poesie\/\">Gaza, terre de po\u00e9sie<\/a> (En attendant Nadeau).<\/p>\n\n\n\n<p><a href=\"https:\/\/public-api.wordpress.com\/bar\/?stat=groovemails-events&amp;bin=wpcom_email_click&amp;redirect_to=https%3A%2F%2Fentreleslignesentrelesmots.wordpress.com%2F2025%2F02%2F19%2Fbig-8%2F%3Fjetpack_skip_subscription_popup&amp;sr=0&amp;signature=e82feec224494312118de1aafe255298&amp;blog_id=12785448&amp;user=0ff88261f2c135c936be37d66e379a6f&amp;_e=eyJlcnJvciI6bnVsbCwiYmxvZ19pZCI6MTI3ODU0NDgsImJsb2dfbGFuZyI6ImZyLUZSIiwic2l0ZV9pZF9sYWJlbCI6IndwY29tIiwiaGFzX2ZlYXR1cmVkX2ltYWdlIjoiMCIsInN1YnNjcmliZXJfaWQiOiIzMDM5NzQ3NTMiLCJfdWkiOiIwZmY4ODI2MWYyYzEzNWM5MzZiZTM3ZDY2ZTM3OWE2ZiIsIl91dCI6ImFub24iLCJlbWFpbF9kb21haW4iOiJ5YWhvby5jb20iLCJwb3N0X2lkIjo4OTYxMywidXNlcl9lbWFpbCI6ImNwcmV2b3N0OTFAeWFob28uY29tIiwiZGF0ZV9zZW50IjoiMjAyNS0wMi0xOSIsImVtYWlsX2lkIjoiNGY5MjQ4YjFlMzEzOWRkZGVkNGRhODEyOGNjNTg1NjkiLCJlbWFpbF9uYW1lIjoibmV3LXBvc3QiLCJ0ZW1wbGF0ZSI6Im5ldy1wb3N0IiwibGlua19kZXNjIjoicG9zdC11cmwiLCJhbmNob3JfdGV4dCI6IkJpZyAoOCkiLCJfZHIiOm51bGwsIl9kbCI6Ilwvd3AtY3Jvbi5waHA\/ZG9pbmdfd3BfY3Jvbj0xNzM5OTgyNjA2LjE4MzQ4NjkzODQ3NjU2MjUwMDAwMDAiLCJfZW4iOiJ3cGNvbV9lbWFpbF9jbGljayIsIl90cyI6MTczOTk4MjY0OTA0MywiYnJvd3Nlcl90eXBlIjoicGhwLWFnZW50IiwiX2F1YSI6IndwY29tLXRyYWNrcy1jbGllbnQtdjAuMyIsIl91bCI6bnVsbCwiYmxvZ190eiI6IjAiLCJ1c2VyX2xhbmciOm51bGx9&amp;_z=z\" target=\"_blank\" rel=\"noreferrer noopener\">Big<\/a> (Entre les lignes entre les mots).<\/p>\n\n\n\n<p><a href=\"https:\/\/link.newsletter.franceculture.fr\/m\/ml\/7429\/927549\/qtmoPjjTxiwbjvPsutn3TDgTC-Y0HdkJIpQ46WLKPjE=\/geo2hc1D3s--bdu4grTHb6amTFtJ4oPjVmru96mM9ZQ=\/\" target=\"_blank\" rel=\"noreferrer noopener\">Einstein&nbsp;: lumi\u00e8re sur la th\u00e9orie des quanta<\/a> (France Culture).<\/p>\n\n\n\n<div class=\"wp-block-columns is-layout-flex wp-container-core-columns-is-layout-9d6595d7 wp-block-columns-is-layout-flex\">\n<div class=\"wp-block-column is-layout-flow wp-block-column-is-layout-flow\" style=\"flex-basis:100%\"><div class=\"wp-block-image\">\n<figure class=\"alignleft size-full is-resized\"><img data-recalc-dims=\"1\" loading=\"lazy\" decoding=\"async\" width=\"640\" height=\"340\" src=\"https:\/\/i0.wp.com\/www.rdpemancipation.org\/wp-content\/uploads\/2025\/02\/640x340_sc_albert-einstein-1947.jpg?resize=640%2C340&#038;ssl=1\" alt=\"\" class=\"wp-image-137375\" style=\"width:289px;height:auto\" srcset=\"https:\/\/i0.wp.com\/www.rdpemancipation.org\/wp-content\/uploads\/2025\/02\/640x340_sc_albert-einstein-1947.jpg?w=640&amp;ssl=1 640w, https:\/\/i0.wp.com\/www.rdpemancipation.org\/wp-content\/uploads\/2025\/02\/640x340_sc_albert-einstein-1947.jpg?resize=300%2C159&amp;ssl=1 300w\" sizes=\"auto, (max-width: 640px) 100vw, 640px\" \/><figcaption class=\"wp-element-caption\"><sup>Einstein a re\u00e7u le prix Nobel pour avoir expliqu\u00e9 \u00ab l&rsquo;effet photo\u00e9lectrique \u00bb, dans ce premier article de l\u2019ann\u00e9e 1905 \u00bb. &#8211; Oren Jack Turner, Princeton, N.J.<\/sup><\/figcaption><\/figure>\n<\/div><\/div>\n<\/div>\n\n\n\n<p class=\"has-text-color has-link-color wp-elements-053e8368a046c4ad8ed6692878583d51\" style=\"color:#a50000\"><strong>19 f\u00e9vrier<\/strong><\/p>\n\n\n\n<p><a href=\"https:\/\/laviedesidees.fr\/Ces-vetements-qui-nous-distinguent\" title=\"\">Ces v\u00eatements qui nous distinguent<\/a> (La Vie des id\u00e9es).<\/p>\n\n\n\n<p><a href=\"https:\/\/www.telerama.fr\/cinema\/les-sorties-cinema-de-la-semaine-l-attachement-when-the-light-breaks-mercato-7024420.php\" title=\"\">Les sorties cin\u00e9ma de la semaine<\/a> (T\u00e9l\u00e9rama).<\/p>\n\n\n\n<p><a href=\"https:\/\/link.newsletter.franceculture.fr\/m\/ml\/7429\/927343\/Z3oxX-cnqr871D63MVckg6uqSdL8xYI9InwtVDpf0rI=\/ejB4ddx6cDaQCxBrYIQyyi2Kzp+xnBXOIp+HEbKPBBg=\/\" target=\"_blank\" rel=\"noreferrer noopener\">En finir avec la psychanalyse<\/a> (France Culture).<\/p>\n\n\n\n<p><a href=\"https:\/\/blog.mondediplo.net\/une-histoire-populaire-de-cuba\">Une histoire populaire de Cuba<\/a> (Les blogs du Diplo).<\/p>\n\n\n\n<p><a href=\"https:\/\/www.en-attendant-nadeau.fr\/2025\/02\/18\/le-monde-emmure-nasser-abu-srour\/\" title=\"\">Le monde emmur\u00e9<\/a> (En attendant Nadeau).<\/p>\n\n\n\n<div class=\"wp-block-columns is-layout-flex wp-container-core-columns-is-layout-9d6595d7 wp-block-columns-is-layout-flex\">\n<div class=\"wp-block-column is-layout-flow wp-block-column-is-layout-flow\" style=\"flex-basis:100%\"><div class=\"wp-block-image\">\n<figure class=\"alignleft size-large is-resized\"><img data-recalc-dims=\"1\" loading=\"lazy\" decoding=\"async\" width=\"770\" height=\"1024\" src=\"https:\/\/i0.wp.com\/www.rdpemancipation.org\/wp-content\/uploads\/2025\/02\/190112.webp?resize=770%2C1024&#038;ssl=1\" alt=\"\" class=\"wp-image-137349\" style=\"width:292px;height:auto\" srcset=\"https:\/\/i0.wp.com\/www.rdpemancipation.org\/wp-content\/uploads\/2025\/02\/190112.webp?resize=770%2C1024&amp;ssl=1 770w, https:\/\/i0.wp.com\/www.rdpemancipation.org\/wp-content\/uploads\/2025\/02\/190112.webp?resize=226%2C300&amp;ssl=1 226w, https:\/\/i0.wp.com\/www.rdpemancipation.org\/wp-content\/uploads\/2025\/02\/190112.webp?resize=768%2C1022&amp;ssl=1 768w, https:\/\/i0.wp.com\/www.rdpemancipation.org\/wp-content\/uploads\/2025\/02\/190112.webp?w=1090&amp;ssl=1 1090w\" sizes=\"auto, (max-width: 770px) 100vw, 770px\" \/><figcaption class=\"wp-element-caption\"><sup>Nasser Abu Srour \u00a9 Gallimard<\/sup><\/figcaption><\/figure>\n<\/div><\/div>\n<\/div>\n\n\n\n<p class=\"has-text-color has-link-color wp-elements-e78962cdc16f3371db27c41f98ed63dd\" style=\"color:#ab0000\"><strong>18 f\u00e9vrier<\/strong><\/p>\n\n\n\n<p><a href=\"https:\/\/www.terrestres.org\/2025\/02\/17\/la-terre-poussieres-detoiles-a-planete\/\" title=\"\">Les m\u00e9tamorphoses de la Terre<\/a>&nbsp;(Terrestres).<\/p>\n\n\n\n<p><a href=\"https:\/\/www.blast-info.fr\/articles\/2025\/robert-guediguian-cineaste-de-la-devastation-liberale-wN6qZji4RsuThxGPcVh8MQ\">Robert Gu\u00e9diguian&nbsp;: Cin\u00e9aste de la d\u00e9vastation lib\u00e9rale<\/a> (Blast).<\/p>\n\n\n\n<p><a href=\"https:\/\/www.telerama.fr\/cinema\/deux-fois-douze-hommes-en-colere-faut-il-revoir-le-film-de-sidney-lumet-ou-celui-de-william-friedkin-7024407.php\" title=\"\">Deux fois \u201cDouze Hommes en col\u00e8re\u201d<\/a> (T\u00e9l\u00e9rama).<\/p>\n\n\n\n<p><a href=\"https:\/\/www.en-attendant-nadeau.fr\/2025\/02\/17\/la-plus-precieuse-des-marchandises-quand-la-terre-etait-plate\/\" title=\"\">Un conte et un r\u00e9cit<\/a> (En attendant Nadeau).<\/p>\n\n\n\n<p><a href=\"https:\/\/link.newsletter.franceculture.fr\/m\/ml\/7429\/927139\/K4vhYbVToJTPMcN-HKb_qDpmupHr9kHruIq3rjqpfEg=\/xL3dVbw-C9xRnOA4OAH711hDLeZf8F37ZLj5Jc+rYbg=\/\" target=\"_blank\" rel=\"noreferrer noopener\">Autoportrait en images de Nicolas Bouvier<\/a> (France Culture).<\/p>\n\n\n\n<div class=\"wp-block-columns is-layout-flex wp-container-core-columns-is-layout-9d6595d7 wp-block-columns-is-layout-flex\">\n<div class=\"wp-block-column is-layout-flow wp-block-column-is-layout-flow\" style=\"flex-basis:100%\"><div class=\"wp-block-image\">\n<figure class=\"alignleft size-full is-resized\"><img data-recalc-dims=\"1\" loading=\"lazy\" decoding=\"async\" width=\"640\" height=\"340\" src=\"https:\/\/i0.wp.com\/www.rdpemancipation.org\/wp-content\/uploads\/2025\/02\/640x340_sc_gettyimages-74932513.jpg?resize=640%2C340&#038;ssl=1\" alt=\"\" class=\"wp-image-137318\" style=\"width:292px;height:auto\" srcset=\"https:\/\/i0.wp.com\/www.rdpemancipation.org\/wp-content\/uploads\/2025\/02\/640x340_sc_gettyimages-74932513.jpg?w=640&amp;ssl=1 640w, https:\/\/i0.wp.com\/www.rdpemancipation.org\/wp-content\/uploads\/2025\/02\/640x340_sc_gettyimages-74932513.jpg?resize=300%2C159&amp;ssl=1 300w\" sizes=\"auto, (max-width: 640px) 100vw, 640px\" \/><figcaption class=\"wp-element-caption\"><sup>Nicolas Bouvier \u00e0 Saint-Malo le 17 mai 1991 \u00a9Getty &#8211; Ulf Andersen<\/sup><\/figcaption><\/figure>\n<\/div><\/div>\n<\/div>\n\n\n\n<p class=\"has-text-color has-link-color wp-elements-31c45e2c1a7821038720f00bdf41d828\" style=\"color:#b00000\"><strong>17 f\u00e9vrier<\/strong><\/p>\n\n\n\n<p><a href=\"https:\/\/public-api.wordpress.com\/bar\/?stat=groovemails-events&amp;bin=wpcom_email_click&amp;redirect_to=https%3A%2F%2Fentreleslignesentrelesmots.wordpress.com%2F2025%2F02%2F16%2Fvoyages-dans-le-temps-et-lespace-47%2F%3Fjetpack_skip_subscription_popup&amp;sr=0&amp;signature=fad7db9fc16e27a58fd42ea22f04cbd5&amp;blog_id=12785448&amp;user=0ff88261f2c135c936be37d66e379a6f&amp;_e=eyJlcnJvciI6bnVsbCwiYmxvZ19pZCI6MTI3ODU0NDgsImJsb2dfbGFuZyI6ImZyLUZSIiwic2l0ZV9pZF9sYWJlbCI6IndwY29tIiwiaGFzX2ZlYXR1cmVkX2ltYWdlIjoiMCIsInN1YnNjcmliZXJfaWQiOiIzMDM5NzQ3NTMiLCJfdWkiOiIwZmY4ODI2MWYyYzEzNWM5MzZiZTM3ZDY2ZTM3OWE2ZiIsIl91dCI6ImFub24iLCJlbWFpbF9kb21haW4iOiJ5YWhvby5jb20iLCJwb3N0X2lkIjo5MDEzMCwidXNlcl9lbWFpbCI6ImNwcmV2b3N0OTFAeWFob28uY29tIiwiZGF0ZV9zZW50IjoiMjAyNS0wMi0xNiIsImVtYWlsX2lkIjoiMmZlN2YyMWVlYzBkNjlkODlhZmM0ZmNlZDczYmMyY2YiLCJlbWFpbF9uYW1lIjoibmV3LXBvc3QiLCJ0ZW1wbGF0ZSI6Im5ldy1wb3N0IiwibGlua19kZXNjIjoicG9zdC11cmwiLCJhbmNob3JfdGV4dCI6IlZveWFnZXMgZGFucyBsZSB0ZW1wcyBldCBsXHUyMDE5ZXNwYWNlXHUwMGEwKDQ3KSIsIl9kciI6bnVsbCwiX2RsIjoiXC93cC1jcm9uLnBocD9kb2luZ193cF9jcm9uPTE3Mzk3MjM0NjIuOTk1OTEzOTgyMzkxMzU3NDIxODc1MCIsIl9lbiI6IndwY29tX2VtYWlsX2NsaWNrIiwiX3RzIjoxNzM5NzIzNTAwMzYyLCJicm93c2VyX3R5cGUiOiJwaHAtYWdlbnQiLCJfYXVhIjoid3Bjb20tdHJhY2tzLWNsaWVudC12MC4zIiwiX3VsIjpudWxsLCJibG9nX3R6IjoiMCIsInVzZXJfbGFuZyI6bnVsbH0&amp;_z=z\" target=\"_blank\" rel=\"noreferrer noopener\">Voyages dans le temps et l\u2019espace<\/a> (Entre les lignes entre les mots).<\/p>\n\n\n\n<p><a href=\"https:\/\/www.nonfiction.fr\/article-12294-murray-bookchin-pour-une-eco-analyse-des-societes-contemporaines.htm\">Murray Bookchin : pour une \u00e9co-analyse<\/a> (Nonfiction).<\/p>\n\n\n\n<p><a href=\"https:\/\/www.lemonde.fr\/culture\/article\/2025\/02\/15\/a-l-institut-du-monde-arabe-le-patrimoine-archeologique-de-gaza-retrouve-la-lumiere_6547535_3246.html\" title=\"\">Institut du monde arabe, le patrimoine arch\u00e9ologique de Gaza<\/a> (Le Monde).<\/p>\n\n\n\n<p><a href=\"https:\/\/www.telerama.fr\/livre\/livres-de-poche-les-meilleures-nouveautes-a-devorer-pendant-les-vacances-d-hiver-4755-7023805.php\" title=\"\">Poche&nbsp;: nouveaut\u00e9s pour les vacances d\u2019hiver<\/a> (T\u00e9l\u00e9rama).<\/p>\n\n\n\n<p><a href=\"https:\/\/www.en-attendant-nadeau.fr\/2025\/02\/15\/ecritures-pour-fins-de-regime-veressaiev-kharitonov\/\" title=\"\">\u00c9critures pour fins de r\u00e9gime<\/a> (En attendant Nadeau).<\/p>\n\n\n\n<div class=\"wp-block-columns is-layout-flex wp-container-core-columns-is-layout-9d6595d7 wp-block-columns-is-layout-flex\">\n<div class=\"wp-block-column is-layout-flow wp-block-column-is-layout-flow\" style=\"flex-basis:100%\"><div class=\"wp-block-image\">\n<figure class=\"alignleft size-large is-resized\"><img data-recalc-dims=\"1\" loading=\"lazy\" decoding=\"async\" width=\"1024\" height=\"743\" src=\"https:\/\/i0.wp.com\/www.rdpemancipation.org\/wp-content\/uploads\/2025\/02\/Bolshevik_-_Kustodiev.webp?resize=1024%2C743&#038;ssl=1\" alt=\"\" class=\"wp-image-137284\" style=\"width:291px;height:auto\" srcset=\"https:\/\/i0.wp.com\/www.rdpemancipation.org\/wp-content\/uploads\/2025\/02\/Bolshevik_-_Kustodiev.webp?resize=1024%2C743&amp;ssl=1 1024w, https:\/\/i0.wp.com\/www.rdpemancipation.org\/wp-content\/uploads\/2025\/02\/Bolshevik_-_Kustodiev.webp?resize=300%2C218&amp;ssl=1 300w, https:\/\/i0.wp.com\/www.rdpemancipation.org\/wp-content\/uploads\/2025\/02\/Bolshevik_-_Kustodiev.webp?resize=768%2C557&amp;ssl=1 768w, https:\/\/i0.wp.com\/www.rdpemancipation.org\/wp-content\/uploads\/2025\/02\/Bolshevik_-_Kustodiev.webp?resize=1536%2C1114&amp;ssl=1 1536w, https:\/\/i0.wp.com\/www.rdpemancipation.org\/wp-content\/uploads\/2025\/02\/Bolshevik_-_Kustodiev.webp?w=1654&amp;ssl=1 1654w\" sizes=\"auto, (max-width: 1024px) 100vw, 1024px\" \/><figcaption class=\"wp-element-caption\"><sup>\u00ab Le Bolchevik \u00bb, Boris Koustodiev (1920) \u00a9 CC0\/WikiCommons<\/sup><\/figcaption><\/figure>\n<\/div><\/div>\n<\/div>\n\n\n\n<p class=\"has-text-color has-link-color wp-elements-f4565176649f232bb2773d5beef5b759\" style=\"color:#ae0000\"><strong>15 f\u00e9vrier<\/strong><\/p>\n\n\n\n<p><a href=\"https:\/\/www.en-attendant-nadeau.fr\/2025\/02\/15\/un-nouveau-descartes\/\">Un nouveau Descartes<\/a> (En attendant Nadeau).<\/p>\n\n\n\n<p><a href=\"https:\/\/www.contretemps.eu\/feminisme-libertaire-irene-pereira\/\" title=\"\">Vers un f\u00e9minisme libertaire ?<\/a> (Contretemps).<\/p>\n\n\n\n<p><a href=\"https:\/\/www.fabula.org\/actualites\/125502\/valery-au-college-15-02.html\">Val\u00e9ry reste au Coll\u00e8ge<\/a> (Fabula).<\/p>\n\n\n\n<p><a href=\"https:\/\/link.newsletter.franceculture.fr\/m\/ml\/7429\/926564\/0oiQSWPKZMWJ2meRiyopVfMKM1uURIGI54NctXkamUs=\/yGJkmxSeykO2ZONBmqEkCFQjQ0ILFDLAs+ZXQvaq7HA=\/\" target=\"_blank\" rel=\"noreferrer noopener\">Patrick Chamoiseau, conteur et fou d&rsquo;histoire<\/a> (France Culture).<\/p>\n\n\n\n<div class=\"wp-block-columns is-layout-flex wp-container-core-columns-is-layout-9d6595d7 wp-block-columns-is-layout-flex\">\n<div class=\"wp-block-column is-layout-flow wp-block-column-is-layout-flow\" style=\"flex-basis:100%\"><div class=\"wp-block-image\">\n<figure class=\"alignleft size-full is-resized\"><img data-recalc-dims=\"1\" loading=\"lazy\" decoding=\"async\" width=\"640\" height=\"340\" src=\"https:\/\/i0.wp.com\/www.rdpemancipation.org\/wp-content\/uploads\/2025\/02\/640x340_sc_gettyimages-117179919.jpg?resize=640%2C340&#038;ssl=1\" alt=\"\" class=\"wp-image-137250\" style=\"width:296px;height:auto\" srcset=\"https:\/\/i0.wp.com\/www.rdpemancipation.org\/wp-content\/uploads\/2025\/02\/640x340_sc_gettyimages-117179919.jpg?w=640&amp;ssl=1 640w, https:\/\/i0.wp.com\/www.rdpemancipation.org\/wp-content\/uploads\/2025\/02\/640x340_sc_gettyimages-117179919.jpg?resize=300%2C159&amp;ssl=1 300w\" sizes=\"auto, (max-width: 640px) 100vw, 640px\" \/><figcaption class=\"wp-element-caption\"><sup>Patrick Chamoiseau pendant le festival \u00ab\u00a0Etonnants Voyageurs\u00a0\u00bb le 13 juin 2011 \u00e0 Saint Malo, France. \u00a9Getty &#8211; Raphael Gaillarde<\/sup><\/figcaption><\/figure>\n<\/div><\/div>\n<\/div>\n\n\n\n<p class=\"has-text-color has-link-color wp-elements-48ca4a5e4225faa6d9519021a324a67c\" style=\"color:#af0000\"><strong>14 f\u00e9vrier<\/strong><\/p>\n\n\n\n<p><a href=\"https:\/\/www.en-attendant-nadeau.fr\/2025\/02\/14\/penser-de-toute-ses-forces-cixous\/\" title=\"\">Penser de toutes ses forces<\/a> (En attendant Nadeau).<\/p>\n\n\n\n<p><a href=\"https:\/\/www.lemonde.fr\/culture\/article\/2025\/02\/13\/une-enquete-ouverte-sur-le-financement-des-documentaires-de-bernard-henri-levy-par-arte_6545658_3246.html\" title=\"\">Une enqu\u00eate : financement des documentaires de BHL par Arte<\/a> (Le Monde).<\/p>\n\n\n\n<p><a href=\"https:\/\/www.liberation.fr\/culture\/suzanne-valadon-au-centre-pompidou-haut-les-corps-20250213_PXYV6GGYXNA2TJFWJQRFA7YHCU\/\" title=\"\">Suzanne Valadon au centre Pompidou<\/a> (Lib\u00e9ration).<\/p>\n\n\n\n<p><a href=\"https:\/\/www.telerama.fr\/musique\/ceux-qui-aiment-les-contrebasses-pourront-enfin-prendre-le-train-7024345.php\" title=\"\">Les contrebasses pourront enfin prendre le train<\/a> (T\u00e9l\u00e9rama).<\/p>\n\n\n\n<p><a href=\"https:\/\/link.newsletter.franceculture.fr\/m\/ml\/7429\/926343\/BqYosjuooa4YibrcVmuSkpn5hn2X9cGO_Cwa_dZfhGw=\/SLNZf8C-P1R-CQvVG+LJ75DOTQGsimvA8HFHNbQz2kk=\/\" target=\"_blank\" rel=\"noreferrer noopener\">Grand entretien avec Luc Boltanski<\/a> (France Culture).<\/p>\n\n\n\n<div class=\"wp-block-columns is-layout-flex wp-container-core-columns-is-layout-9d6595d7 wp-block-columns-is-layout-flex\">\n<div class=\"wp-block-column is-layout-flow wp-block-column-is-layout-flow\" style=\"flex-basis:100%\"><div class=\"wp-block-image\">\n<figure class=\"alignleft size-full is-resized\"><img data-recalc-dims=\"1\" loading=\"lazy\" decoding=\"async\" width=\"640\" height=\"340\" src=\"https:\/\/i0.wp.com\/www.rdpemancipation.org\/wp-content\/uploads\/2025\/02\/640x340_sc_gettyimages-967772890.jpg?resize=640%2C340&#038;ssl=1\" alt=\"\" class=\"wp-image-137212\" style=\"width:291px;height:auto\" srcset=\"https:\/\/i0.wp.com\/www.rdpemancipation.org\/wp-content\/uploads\/2025\/02\/640x340_sc_gettyimages-967772890.jpg?w=640&amp;ssl=1 640w, https:\/\/i0.wp.com\/www.rdpemancipation.org\/wp-content\/uploads\/2025\/02\/640x340_sc_gettyimages-967772890.jpg?resize=300%2C159&amp;ssl=1 300w\" sizes=\"auto, (max-width: 640px) 100vw, 640px\" \/><figcaption class=\"wp-element-caption\"><sup>Luc Boltanski le 24 janvier 2012 \u00a9Getty &#8211; Ulf Andersen<\/sup><\/figcaption><\/figure>\n<\/div><\/div>\n<\/div>\n\n\n\n<p class=\"has-text-color has-link-color wp-elements-47dbab3c1595d9cca7a7ccdb883bd4e1\" style=\"color:#af0000\"><strong>13 f\u00e9vrier<\/strong><\/p>\n\n\n\n<p><a href=\"https:\/\/www.telerama.fr\/debats-reportages\/eric-zemmour-juge-pour-contestation-de-crime-contre-l-humanite-non-petain-n-a-pas-sauve-les-juifs-francais-7024329.php\" title=\"\">Zemmour jug\u00e9 pour contestation de crime contre l\u2019humanit\u00e9<\/a> (T\u00e9l\u00e9rama).<\/p>\n\n\n\n<p><a href=\"https:\/\/public-api.wordpress.com\/bar\/?stat=groovemails-events&amp;bin=wpcom_email_click&amp;redirect_to=https%3A%2F%2Fentreleslignesentrelesmots.wordpress.com%2F2025%2F02%2F12%2Fvoyages-aux-pays-de-grande-liberte-15%2F%3Fjetpack_skip_subscription_popup&amp;sr=0&amp;signature=61084e808215135443d79682abf1575a&amp;blog_id=12785448&amp;user=0ff88261f2c135c936be37d66e379a6f&amp;_e=eyJlcnJvciI6bnVsbCwiYmxvZ19pZCI6MTI3ODU0NDgsImJsb2dfbGFuZyI6ImZyLUZSIiwic2l0ZV9pZF9sYWJlbCI6IndwY29tIiwiaGFzX2ZlYXR1cmVkX2ltYWdlIjoiMCIsInN1YnNjcmliZXJfaWQiOiIzMDM5NzQ3NTMiLCJfdWkiOiIwZmY4ODI2MWYyYzEzNWM5MzZiZTM3ZDY2ZTM3OWE2ZiIsIl91dCI6ImFub24iLCJlbWFpbF9kb21haW4iOiJ5YWhvby5jb20iLCJwb3N0X2lkIjo5MDA1NiwidXNlcl9lbWFpbCI6ImNwcmV2b3N0OTFAeWFob28uY29tIiwiZGF0ZV9zZW50IjoiMjAyNS0wMi0xMiIsImVtYWlsX2lkIjoiMzQwNTJiNWY1ZmFhYTc3ZjFlNjA0YjdkZWRlNWRkYTQiLCJlbWFpbF9uYW1lIjoibmV3LXBvc3QiLCJ0ZW1wbGF0ZSI6Im5ldy1wb3N0IiwibGlua19kZXNjIjoicG9zdC11cmwiLCJhbmNob3JfdGV4dCI6IlZveWFnZXMgYXV4IHBheXMgZGUgZ3JhbmRlIGxpYmVydFx1MDBlOVx1MjAyNlx1MDBhMCgxNSkiLCJfZHIiOm51bGwsIl9kbCI6Ilwvd3AtY3Jvbi5waHA\/ZG9pbmdfd3BfY3Jvbj0xNzM5Mzc3ODAzLjczNTU1ODAzMjk4OTUwMTk1MzEyNTAiLCJfZW4iOiJ3cGNvbV9lbWFpbF9jbGljayIsIl90cyI6MTczOTM3Nzg0MTc1OSwiYnJvd3Nlcl90eXBlIjoicGhwLWFnZW50IiwiX2F1YSI6IndwY29tLXRyYWNrcy1jbGllbnQtdjAuMyIsIl91bCI6bnVsbCwiYmxvZ190eiI6IjAiLCJ1c2VyX2xhbmciOm51bGx9&amp;_z=z\" target=\"_blank\" rel=\"noreferrer noopener\">Voyages aux pays de grande libert\u00e9\u2026<\/a> (Entre les lignes entre les mots).<\/p>\n\n\n\n<p><a href=\"https:\/\/www.fabula.org\/actualites\/125391\/tierno-monenembo.html\">G\u00e9n\u00e9ration Mon\u00e9nembo<\/a> (Fabula).<\/p>\n\n\n\n<p><a href=\"https:\/\/www.en-attendant-nadeau.fr\/2025\/02\/11\/au-dela-du-mur-katja-hoyer\/\">La RDA sans parti pris<\/a> (En attendant Nadeau).<\/p>\n\n\n\n<p><a href=\"https:\/\/link.newsletter.franceculture.fr\/m\/ml\/7429\/926130\/iXrOz6kVvdZ56g-kVMeTTvwWuDtfb5gDylVrXJwSQd0=\/W+JucUFhhoymFFoJkAXlKZSZ7mIYMEsLd3smqk2eLLo=\/\" target=\"_blank\" rel=\"noreferrer noopener\">Costa-Gavras,  : \u00ab\u00a0La mort qu&rsquo;il faut d\u00e9dramatiser\u00a0\u00bb<\/a> (France Culture).<\/p>\n\n\n\n<div class=\"wp-block-columns is-layout-flex wp-container-core-columns-is-layout-9d6595d7 wp-block-columns-is-layout-flex\">\n<div class=\"wp-block-column is-layout-flow wp-block-column-is-layout-flow\" style=\"flex-basis:100%\"><div class=\"wp-block-image\">\n<figure class=\"alignleft size-full is-resized\"><img data-recalc-dims=\"1\" loading=\"lazy\" decoding=\"async\" width=\"640\" height=\"340\" src=\"https:\/\/i0.wp.com\/www.rdpemancipation.org\/wp-content\/uploads\/2025\/02\/640x340_sc_re-lyon.jpg?resize=640%2C340&#038;ssl=1\" alt=\"\" class=\"wp-image-137186\" style=\"width:292px;height:auto\" srcset=\"https:\/\/i0.wp.com\/www.rdpemancipation.org\/wp-content\/uploads\/2025\/02\/640x340_sc_re-lyon.jpg?w=640&amp;ssl=1 640w, https:\/\/i0.wp.com\/www.rdpemancipation.org\/wp-content\/uploads\/2025\/02\/640x340_sc_re-lyon.jpg?resize=300%2C159&amp;ssl=1 300w\" sizes=\"auto, (max-width: 640px) 100vw, 640px\" \/><figcaption class=\"wp-element-caption\"><sup>Costa-Gavras en octobre 2024 au festival Lumi\u00e8re de Lyon \u00a9AFP &#8211; Arnaud Finistre<\/sup><\/figcaption><\/figure>\n<\/div><\/div>\n<\/div>\n\n\n\n<p class=\"has-text-color has-link-color wp-elements-e68dfe43cf9364140c1f33a759f99ed1\" style=\"color:#ae0000\"><strong>12 f\u00e9vrier<\/strong><\/p>\n\n\n\n<p><a href=\"https:\/\/media.us17.list-manage.com\/track\/click?u=a9e666741775aaca3293321e6&amp;id=9626bed4ae&amp;e=3fba764149\" target=\"_blank\" rel=\"noreferrer noopener\">Kamel Daoud, contre-enqu\u00eate<\/a> (AOC).<\/p>\n\n\n\n<p><a href=\"https:\/\/www.en-attendant-nadeau.fr\/2025\/02\/11\/des-mondes-sans-pitie-lauren-groff-julia-phillips\/\" title=\"\">Des mondes sans piti\u00e9<\/a> (En attendant Nadeau).<\/p>\n\n\n\n<p><a href=\"https:\/\/www.telerama.fr\/cinema\/les-sorties-cinema-de-la-semaine-bridget-jones-folle-de-lui-the-brutalist-prima-la-vita-7024318.php\" title=\"\">Les sorties cin\u00e9ma de la semaine<\/a> (T\u00e9l\u00e9rama).<\/p>\n\n\n\n<p><a href=\"https:\/\/link.newsletter.franceculture.fr\/m\/ml\/7429\/925921\/57AgCiJgPR--dx8__ZnQQauqSdL8xYI9InwtVDpf0rI=\/kdtKSrTd8DGHBN1u8i+FWkY08xEa6bTgl60-PR9-ui0=\/\" target=\"_blank\" rel=\"noreferrer noopener\">All\u00f4 Vincent Lindon&nbsp;? Ici Vincent Lindon<\/a> (France Culture).<\/p>\n\n\n\n<div class=\"wp-block-columns is-layout-flex wp-container-core-columns-is-layout-9d6595d7 wp-block-columns-is-layout-flex\">\n<div class=\"wp-block-column is-layout-flow wp-block-column-is-layout-flow\" style=\"flex-basis:100%\"><div class=\"wp-block-image\">\n<figure class=\"alignleft size-full is-resized\"><img data-recalc-dims=\"1\" loading=\"lazy\" decoding=\"async\" width=\"640\" height=\"340\" src=\"https:\/\/i0.wp.com\/www.rdpemancipation.org\/wp-content\/uploads\/2025\/02\/640x340_sc_vl-coeur-sanglant.jpg?resize=640%2C340&#038;ssl=1\" alt=\"\" class=\"wp-image-137151\" style=\"width:291px;height:auto\" srcset=\"https:\/\/i0.wp.com\/www.rdpemancipation.org\/wp-content\/uploads\/2025\/02\/640x340_sc_vl-coeur-sanglant.jpg?w=640&amp;ssl=1 640w, https:\/\/i0.wp.com\/www.rdpemancipation.org\/wp-content\/uploads\/2025\/02\/640x340_sc_vl-coeur-sanglant.jpg?resize=300%2C159&amp;ssl=1 300w\" sizes=\"auto, (max-width: 640px) 100vw, 640px\" \/><figcaption class=\"wp-element-caption\"><sup>\u00ab\u00a0Vincent Lindon, coeur sanglant\u00a0\u00bb &#8211; 2025 &#8211; Arte<\/sup><\/figcaption><\/figure>\n<\/div><\/div>\n<\/div>\n\n\n\n<p class=\"has-text-color has-link-color wp-elements-3bf055ffa5789c03cb066c426d768eb9\" style=\"color:#a90000\"><strong>11 f\u00e9vrier<\/strong><\/p>\n\n\n\n<p><a href=\"https:\/\/link.newsletter.franceculture.fr\/m\/ml\/7429\/925705\/t4IJNEYDyBggZ9Q1eVchxfMKM1uURIGI54NctXkamUs=\/J+BZfSVrm5Vtu22ZZU0D2BW-LpgaaA2GPiIUzM0e4uw=\/\" target=\"_blank\" rel=\"noreferrer noopener\">Michelle Perrot ou l&rsquo;engagement d&rsquo;une historienne<\/a> (France Culture).<\/p>\n\n\n\n<p><a href=\"https:\/\/lejournal.cnrs.fr\/dossiers\/comment-lintelligence-artificielle-va-changer-nos-vies\" title=\"\">Comment l\u2019intelligence artificielle va&nbsp;changer nos&nbsp;vies<\/a> (CNRS Le journal).<\/p>\n\n\n\n<p><a href=\"https:\/\/www.telerama.fr\/television\/gaza-la-riviera-et-france-info-la-colere-des-journalistes-du-service-public-7024257.php\" title=\"\">Gaza, la riviera et France Info&nbsp;: la col\u00e8re des journalistes<\/a> (T\u00e9l\u00e9rama).<\/p>\n\n\n\n<p><a href=\"https:\/\/www.politika.io\/fr\/article\/questce-que-lepreuve-du-politique-lefort-projet-moderne\" title=\"\">Lefort et le projet moderne<\/a> (Politika).<\/p>\n\n\n\n<div class=\"wp-block-columns is-layout-flex wp-container-core-columns-is-layout-9d6595d7 wp-block-columns-is-layout-flex\">\n<div class=\"wp-block-column is-layout-flow wp-block-column-is-layout-flow\" style=\"flex-basis:100%\"><div class=\"wp-block-image\">\n<figure class=\"alignleft size-full\"><img data-recalc-dims=\"1\" loading=\"lazy\" decoding=\"async\" width=\"296\" height=\"221\" src=\"https:\/\/i0.wp.com\/www.rdpemancipation.org\/wp-content\/uploads\/2025\/02\/Claude-Lefort-%C2%A9Hannah-Assouline-Opale.photo__1.jpg?resize=296%2C221&#038;ssl=1\" alt=\"\" class=\"wp-image-137120\"\/><figcaption class=\"wp-element-caption\"><sup>Claude Lefort<\/sup><\/figcaption><\/figure>\n<\/div><\/div>\n<\/div>\n\n\n\n<p class=\"has-text-color has-link-color wp-elements-013c663da8d16f9715d2d931a750659e\" style=\"color:#af0000\"><strong>10 f\u00e9vrier<\/strong><\/p>\n\n\n\n<p><a href=\"https:\/\/www.humanite.fr\/culture-et-savoir\/paleontologie\/decouverte-dune-carte-en-3d-dans-un-abri-paleolithique-les-chasseurs-cueilleurs-avaient-ils-deja-leur-propre-gps\" title=\"\">D\u00e9couverte d\u2019une carte en 3D dans un abri pal\u00e9olithique<\/a> (L&rsquo;Humanit\u00e9).<\/p>\n\n\n\n<p><a href=\"https:\/\/public-api.wordpress.com\/bar\/?stat=groovemails-events&amp;bin=wpcom_email_click&amp;redirect_to=https%3A%2F%2Fentreleslignesentrelesmots.wordpress.com%2F2025%2F02%2F09%2Fmusiques-dites-religieuses-8%2F%3Fjetpack_skip_subscription_popup&amp;sr=0&amp;signature=f8aad908cb55b058f07fbd83f8e9ba89&amp;blog_id=12785448&amp;user=0ff88261f2c135c936be37d66e379a6f&amp;_e=eyJlcnJvciI6bnVsbCwiYmxvZ19pZCI6MTI3ODU0NDgsImJsb2dfbGFuZyI6ImZyLUZSIiwic2l0ZV9pZF9sYWJlbCI6IndwY29tIiwiaGFzX2ZlYXR1cmVkX2ltYWdlIjoiMCIsInN1YnNjcmliZXJfaWQiOiIzMDM5NzQ3NTMiLCJfdWkiOiIwZmY4ODI2MWYyYzEzNWM5MzZiZTM3ZDY2ZTM3OWE2ZiIsIl91dCI6ImFub24iLCJlbWFpbF9kb21haW4iOiJ5YWhvby5jb20iLCJwb3N0X2lkIjo4OTg0NCwidXNlcl9lbWFpbCI6ImNwcmV2b3N0OTFAeWFob28uY29tIiwiZGF0ZV9zZW50IjoiMjAyNS0wMi0wOSIsImVtYWlsX2lkIjoiYmIwOGI4NzQzMjQ4ZWQ4ZTk0MjM4ODlkZGYyNmRlYjQiLCJlbWFpbF9uYW1lIjoibmV3LXBvc3QiLCJ0ZW1wbGF0ZSI6Im5ldy1wb3N0IiwibGlua19kZXNjIjoicG9zdC11cmwiLCJhbmNob3JfdGV4dCI6Ik11c2lxdWVzIGRpdGVzIHJlbGlnaWV1c2VzXHUwMGEwKDgpIiwiX2RyIjpudWxsLCJfZGwiOiJcL3dwLWNyb24ucGhwP2RvaW5nX3dwX2Nyb249MTczOTExODYwMi40NjIwMTIwNTI1MzYwMTA3NDIxODc1IiwiX2VuIjoid3Bjb21fZW1haWxfY2xpY2siLCJfdHMiOjE3MzkxMTg2MzY1NDIsImJyb3dzZXJfdHlwZSI6InBocC1hZ2VudCIsIl9hdWEiOiJ3cGNvbS10cmFja3MtY2xpZW50LXYwLjMiLCJfdWwiOm51bGwsImJsb2dfdHoiOiIwIiwidXNlcl9sYW5nIjpudWxsfQ=&amp;_z=z\" target=\"_blank\" rel=\"noreferrer noopener\">Musiques dites religieuses<\/a> (Entre les lignes entre les mots).<\/p>\n\n\n\n<p><a href=\"https:\/\/www.blast-info.fr\/articles\/2025\/une-histoire-politique-des-musiques-noires-americaines-sMSxOjn2TaaHRPBZiDGBsA\">Une histoire politique des musiques noires am\u00e9ricaines<\/a> (Blast).<\/p>\n\n\n\n<p><a href=\"https:\/\/www.en-attendant-nadeau.fr\/2025\/02\/08\/chakrabarty-ambitions-et-contradictions-dhomo-prudens\/\" title=\"\">Ambitions et contradictions d\u2019Homo prudens<\/a> (En attendant Nadeau).<\/p>\n\n\n\n<p><a href=\"https:\/\/focus.telerama.fr\/2025\/02\/07\/0\/0\/3543\/4724\/1200\/0\/60\/0\/488c210_sirius-fs-upload-1-cryl7kpssvw2-1738927132064-opaleplus-opale53533-08.jpg\" title=\"\">Jean Hegland&nbsp;: \u201cNous vivons en dystopie depuis longtemps\u201d<\/a> (T\u00e9l\u00e9rama).<\/p>\n\n\n\n<div class=\"wp-block-columns is-layout-flex wp-container-core-columns-is-layout-9d6595d7 wp-block-columns-is-layout-flex\">\n<div class=\"wp-block-column is-layout-flow wp-block-column-is-layout-flow\" style=\"flex-basis:100%\"><div class=\"wp-block-image\">\n<figure class=\"alignleft size-full is-resized\"><img loading=\"lazy\" decoding=\"async\" width=\"1200\" height=\"1600\" src=\"https:\/\/www.rdpemancipation.org\/wp-content\/uploads\/2025\/02\/488c210_sirius-fs-upload-1-cryl7kpssvw2-1738927132064-opaleplus-opale53533-08.avif\" alt=\"\" class=\"wp-image-137093\" style=\"width:292px;height:auto\"\/><figcaption class=\"wp-element-caption\"><sup>Jean Hegland, ici en f\u00e9vrier 2017&nbsp;: \u00ab Cette histoire est une fa\u00e7on m\u00e9taphorique de nous demander comment nous connecter \u00e0 la nature. \u00bb Photo Patrice Normand\/Leextra\/opale.photo<\/sup><\/figcaption><\/figure>\n<\/div><\/div>\n<\/div>\n\n\n\n<p class=\"has-text-color has-link-color wp-elements-69740a9566b2fe841c870886e98eb02f\" style=\"color:#ac0000\"><strong>8 f\u00e9vrier<\/strong><\/p>\n\n\n\n<p><a href=\"https:\/\/link.newsletter.radiofrance.fr\/m\/ml\/7429\/924908\/BtFKag0uGn72bEdXH6LyhUBbOnNDRL2hn3YRWM9BNx4=\/scsSRoVQlk3DFLq3mZUuozivZOotguot\/\" title=\"\">Bach et ses nombres f\u00e9tiches<\/a> (France Musique).<\/p>\n\n\n\n<p><a href=\"https:\/\/www.telerama.fr\/livre\/livres-de-poche-les-meilleurs-romans-et-essais-de-fevrier-2025-4500-7023805.php\" title=\"\">Poche&nbsp;: les meilleurs romans et essais de f\u00e9vrier 2025<\/a> (T\u00e9l\u00e9rama).<\/p>\n\n\n\n<p><a href=\"https:\/\/www.blast-info.fr\/articles\/2025\/la-peine-filmer-lenfermement-pour-trouver-notre-humanite-QhaRYMpNSainlHh__Zw5Kw\" title=\"\">\u00ab La peine \u00bb : Filmer l\u2019enfermement pour trouver notre humanit\u00e9<\/a> (Blast).<\/p>\n\n\n\n<p><a>\u00ab\u00a0Le tort du soldat\u00a0\u00bb d&rsquo;Erri de Luca<\/a> (France Culture).<\/p>\n\n\n\n<div class=\"wp-block-columns is-layout-flex wp-container-core-columns-is-layout-9d6595d7 wp-block-columns-is-layout-flex\">\n<div class=\"wp-block-column is-layout-flow wp-block-column-is-layout-flow\" style=\"flex-basis:100%\"><div class=\"wp-block-image\">\n<figure class=\"alignleft size-full is-resized\"><img data-recalc-dims=\"1\" loading=\"lazy\" decoding=\"async\" width=\"640\" height=\"340\" src=\"https:\/\/i0.wp.com\/www.rdpemancipation.org\/wp-content\/uploads\/2025\/02\/640x340_sc_054_cen03918.jpg?resize=640%2C340&#038;ssl=1\" alt=\"\" class=\"wp-image-137058\" style=\"width:292px;height:auto\" srcset=\"https:\/\/i0.wp.com\/www.rdpemancipation.org\/wp-content\/uploads\/2025\/02\/640x340_sc_054_cen03918.jpg?w=640&amp;ssl=1 640w, https:\/\/i0.wp.com\/www.rdpemancipation.org\/wp-content\/uploads\/2025\/02\/640x340_sc_054_cen03918.jpg?resize=300%2C159&amp;ssl=1 300w\" sizes=\"auto, (max-width: 640px) 100vw, 640px\" \/><figcaption class=\"wp-element-caption\"><sup>erri de luca \u00a9AFP &#8211; LEONARDO CENDAMO<\/sup><\/figcaption><\/figure>\n<\/div><\/div>\n<\/div>\n\n\n\n<p class=\"has-text-color has-link-color wp-elements-0de8a06ee8ac260a8f02390ed4ac3393\" style=\"color:#af0000\"><strong>7 f\u00e9vrier<\/strong><\/p>\n\n\n\n<p><a href=\"https:\/\/link.newsletter.radiofrance.fr\/m\/ml\/7429\/924908\/BtFKag0uGn72bEdXH6LyhUBbOnNDRL2hn3YRWM9BNx4=\/scsSRoVQlk3DFLq3mZUuo2G0PtDi3Vtp\/\" title=\"\">L\u2019intelligence artificielle, une utopie dystopique<\/a> (France Culture).<\/p>\n\n\n\n<p><a href=\"https:\/\/www.nonfiction.fr\/article-12286-auschwitz-80-ans-apres.htm\" title=\"\">Auschwitz, 80 ans apr\u00e8s<\/a> (Nonfiction).<\/p>\n\n\n\n<p><a href=\"https:\/\/www.politika.io\/fr\/entretien\/deconstruire-quartier-construire-populaire\" title=\"\">D\u00e9construire le quartier, construire le populaire<\/a> (Politika).<\/p>\n\n\n\n<p><a href=\"https:\/\/www.en-attendant-nadeau.fr\/2025\/02\/07\/les-nouveaux-visages-du-capitalisme-quinn-slobodian\/\" title=\"\">Les nouveaux visages du capitalisme<\/a> (En attendant Nadeau).<\/p>\n\n\n\n<div class=\"wp-block-columns is-layout-flex wp-container-core-columns-is-layout-9d6595d7 wp-block-columns-is-layout-flex\">\n<div class=\"wp-block-column is-layout-flow wp-block-column-is-layout-flow\" style=\"flex-basis:100%\"><div class=\"wp-block-image\">\n<figure class=\"alignleft size-large is-resized\"><img data-recalc-dims=\"1\" loading=\"lazy\" decoding=\"async\" width=\"1024\" height=\"633\" src=\"https:\/\/i0.wp.com\/www.rdpemancipation.org\/wp-content\/uploads\/2025\/02\/Amazon_Espana_por_dentro_San_Fernando_de_Henares-1536x950-1.webp?resize=1024%2C633&#038;ssl=1\" alt=\"\" class=\"wp-image-137016\" style=\"width:288px;height:auto\" srcset=\"https:\/\/i0.wp.com\/www.rdpemancipation.org\/wp-content\/uploads\/2025\/02\/Amazon_Espana_por_dentro_San_Fernando_de_Henares-1536x950-1.webp?resize=1024%2C633&amp;ssl=1 1024w, https:\/\/i0.wp.com\/www.rdpemancipation.org\/wp-content\/uploads\/2025\/02\/Amazon_Espana_por_dentro_San_Fernando_de_Henares-1536x950-1.webp?resize=300%2C186&amp;ssl=1 300w, https:\/\/i0.wp.com\/www.rdpemancipation.org\/wp-content\/uploads\/2025\/02\/Amazon_Espana_por_dentro_San_Fernando_de_Henares-1536x950-1.webp?resize=768%2C475&amp;ssl=1 768w, https:\/\/i0.wp.com\/www.rdpemancipation.org\/wp-content\/uploads\/2025\/02\/Amazon_Espana_por_dentro_San_Fernando_de_Henares-1536x950-1.webp?w=1536&amp;ssl=1 1536w\" sizes=\"auto, (max-width: 1024px) 100vw, 1024px\" \/><figcaption class=\"wp-element-caption\"><sup>Centre de traitement des commandes d\u2019Amazon (San Fernando de Henares, Espagne) \u00a9 CC-BY-2.0\/\u00c1lvaro Ib\u00e1\u00f1ez \/WikiCommons<\/sup><\/figcaption><\/figure>\n<\/div><\/div>\n<\/div>\n\n\n\n<p class=\"has-text-color has-link-color wp-elements-0da50eda07afa1275230d92530c2fdbb\" style=\"color:#a90000\"><strong>6 f\u00e9vrier<\/strong><\/p>\n\n\n\n<p><a href=\"https:\/\/www.telerama.fr\/musique\/top-of-the-bob-le-genie-toujours-vivace-de-marley-en-vingt-titres-majeurs-5946-6924391.php\" title=\"\">Top of the Bob, le g\u00e9nie toujours vivace de Marley<\/a> (T\u00e9l\u00e9rama).<\/p>\n\n\n\n<p><a href=\"https:\/\/www.fabula.org\/actualites\/124489\/manchette.html\">La position du romancier<\/a> (Fabula).<\/p>\n\n\n\n<p><a href=\"https:\/\/www.terrestres.org\/2025\/01\/31\/le-soulevement-de-la-foret\/\" title=\"\">Le soul\u00e8vement de la for\u00eat<\/a> (Terrestres).<\/p>\n\n\n\n<p><a href=\"https:\/\/public-api.wordpress.com\/bar\/?stat=groovemails-events&amp;bin=wpcom_email_click&amp;redirect_to=https%3A%2F%2Fentreleslignesentrelesmots.wordpress.com%2F2025%2F02%2F05%2Fdes-enregistrements-en-2022-9%2F%3Fjetpack_skip_subscription_popup&amp;sr=0&amp;signature=b782a82d0f5693402655603780ae5042&amp;blog_id=12785448&amp;user=0ff88261f2c135c936be37d66e379a6f&amp;_e=eyJlcnJvciI6bnVsbCwiYmxvZ19pZCI6MTI3ODU0NDgsImJsb2dfbGFuZyI6ImZyLUZSIiwic2l0ZV9pZF9sYWJlbCI6IndwY29tIiwiaGFzX2ZlYXR1cmVkX2ltYWdlIjoiMCIsInN1YnNjcmliZXJfaWQiOiIzMDM5NzQ3NTMiLCJfdWkiOiIwZmY4ODI2MWYyYzEzNWM5MzZiZTM3ZDY2ZTM3OWE2ZiIsIl91dCI6ImFub24iLCJlbWFpbF9kb21haW4iOiJ5YWhvby5jb20iLCJwb3N0X2lkIjo5MDE1MCwidXNlcl9lbWFpbCI6ImNwcmV2b3N0OTFAeWFob28uY29tIiwiZGF0ZV9zZW50IjoiMjAyNS0wMi0wNSIsImVtYWlsX2lkIjoiMWRhMDBlOWJiODBlNjk1MGEyNmE0MTUyNTI0ZTE2NmYiLCJlbWFpbF9uYW1lIjoibmV3LXBvc3QiLCJ0ZW1wbGF0ZSI6Im5ldy1wb3N0IiwibGlua19kZXNjIjoicG9zdC11cmwiLCJhbmNob3JfdGV4dCI6IkRlcyBlbnJlZ2lzdHJlbWVudHMgZW4gMjAyMlx1MDBhMCg5KSIsIl9kciI6bnVsbCwiX2RsIjoiXC93cC1jcm9uLnBocD9kb2luZ193cF9jcm9uPTE3Mzg3NzMwMDQuMDgxMTU0MTA4MDQ3NDg1MzUxNTYyNSIsIl9lbiI6IndwY29tX2VtYWlsX2NsaWNrIiwiX3RzIjoxNzM4NzczMDM0OTc2LCJicm93c2VyX3R5cGUiOiJwaHAtYWdlbnQiLCJfYXVhIjoid3Bjb20tdHJhY2tzLWNsaWVudC12MC4zIiwiX3VsIjpudWxsLCJibG9nX3R6IjoiMCIsInVzZXJfbGFuZyI6bnVsbH0&amp;_z=z\" target=\"_blank\" rel=\"noreferrer noopener\">Des enregistrements en 2022<\/a> (Entre les lignes entre les mots).<\/p>\n\n\n\n<p><a href=\"https:\/\/link.newsletter.franceculture.fr\/m\/ml\/7429\/924375\/Ftt-LYX6xKNEvVe9_KFY9EBbOnNDRL2hn3YRWM9BNx4=\/Ns0DsCUkqyYHTYVekAdD9B9qVSii8kkicvu2wTPguHc=\/\" target=\"_blank\" rel=\"noreferrer noopener\">Pages arrach\u00e9es \u00e0 Primo Levi<\/a> (France Culture).<\/p>\n\n\n\n<div class=\"wp-block-columns is-layout-flex wp-container-core-columns-is-layout-9d6595d7 wp-block-columns-is-layout-flex\">\n<div class=\"wp-block-column is-layout-flow wp-block-column-is-layout-flow\" style=\"flex-basis:100%\"><div class=\"wp-block-image\">\n<figure class=\"alignleft size-full is-resized\"><img data-recalc-dims=\"1\" loading=\"lazy\" decoding=\"async\" width=\"560\" height=\"315\" src=\"https:\/\/i0.wp.com\/www.rdpemancipation.org\/wp-content\/uploads\/2025\/02\/mail.png?resize=560%2C315&#038;ssl=1\" alt=\"\" class=\"wp-image-136976\" style=\"width:295px;height:auto\" srcset=\"https:\/\/i0.wp.com\/www.rdpemancipation.org\/wp-content\/uploads\/2025\/02\/mail.png?w=560&amp;ssl=1 560w, https:\/\/i0.wp.com\/www.rdpemancipation.org\/wp-content\/uploads\/2025\/02\/mail.png?resize=300%2C169&amp;ssl=1 300w\" sizes=\"auto, (max-width: 560px) 100vw, 560px\" \/><figcaption class=\"wp-element-caption\"><sup>\u00a9 Getty<\/sup><\/figcaption><\/figure>\n<\/div><\/div>\n<\/div>\n\n\n\n<p class=\"has-text-color has-link-color wp-elements-f3755ce1bd8d6b3732ef20839d7f6750\" style=\"color:#ab0000\"><strong>5 f\u00e9vrier<\/strong><\/p>\n\n\n\n<p><a href=\"https:\/\/www.telerama.fr\/cinema\/les-sorties-cinema-de-la-semaine-maria-la-pampa-presence-7024210.php\" title=\"\">Les sorties cin\u00e9ma de la semaine<\/a> (T\u00e9l\u00e9rama).<\/p>\n\n\n\n<p><a href=\"https:\/\/laviedesidees.fr\/Hardimon-Repenser-la-race\" target=\"_blank\" rel=\"noreferrer noopener\">Ontologie de la race<\/a> (La Vie des id\u00e9es).<\/p>\n\n\n\n<p><a href=\"https:\/\/link.newsletter.franceculture.fr\/m\/ml\/7429\/924477\/9GgTPW_QGC_bYDv9eZNNJaMx-oFm0t8o0eHiG4Ml9WE=\/LMN5IME0T-gvU6LHhy64288H9KbDzu8BdLd0q5WTiHU=\/\" target=\"_blank\" rel=\"noreferrer noopener\">De la d\u00e9linquance des quartiers \u00e0 la radicalisation identitaire<\/a> (France Culture).<\/p>\n\n\n\n<p><a href=\"https:\/\/www.humanite.fr\/culture-et-savoir\/amazonie\/la-chute-du-ciel\" title=\"\">\u00ab&nbsp;La Chute du ciel&nbsp;\u00bb : peuple Yanomami<\/a> (L&rsquo;Humanit\u00e9).<\/p>\n\n\n\n<div class=\"wp-block-columns is-layout-flex wp-container-core-columns-is-layout-9d6595d7 wp-block-columns-is-layout-flex\">\n<div class=\"wp-block-column is-layout-flow wp-block-column-is-layout-flow\" style=\"flex-basis:100%\"><div class=\"wp-block-image\">\n<figure class=\"alignleft size-large is-resized\"><img data-recalc-dims=\"1\" loading=\"lazy\" decoding=\"async\" width=\"1024\" height=\"577\" src=\"https:\/\/i0.wp.com\/www.rdpemancipation.org\/wp-content\/uploads\/2025\/02\/p21-Chute-du-ciel_MER.webp?resize=1024%2C577&#038;ssl=1\" alt=\"\" class=\"wp-image-136933\" style=\"width:290px;height:auto\" srcset=\"https:\/\/i0.wp.com\/www.rdpemancipation.org\/wp-content\/uploads\/2025\/02\/p21-Chute-du-ciel_MER.webp?resize=1024%2C577&amp;ssl=1 1024w, https:\/\/i0.wp.com\/www.rdpemancipation.org\/wp-content\/uploads\/2025\/02\/p21-Chute-du-ciel_MER.webp?resize=300%2C169&amp;ssl=1 300w, https:\/\/i0.wp.com\/www.rdpemancipation.org\/wp-content\/uploads\/2025\/02\/p21-Chute-du-ciel_MER.webp?resize=768%2C433&amp;ssl=1 768w, https:\/\/i0.wp.com\/www.rdpemancipation.org\/wp-content\/uploads\/2025\/02\/p21-Chute-du-ciel_MER.webp?w=1200&amp;ssl=1 1200w\" sizes=\"auto, (max-width: 1024px) 100vw, 1024px\" \/><figcaption class=\"wp-element-caption\"><sup>\u00ab La Chute du ciel \u00bb, en salle le 5 f\u00e9vrier 2025. \u00a9 La Vingt-Cinqui\u00e8me Heure Distribution<\/sup><\/figcaption><\/figure>\n<\/div><\/div>\n<\/div>\n\n\n\n<p class=\"has-text-color has-link-color wp-elements-e8014dfd9c5ab846af875147d2cbaea9\" style=\"color:#af0000\"><strong>4 f\u00e9vrier<\/strong><\/p>\n\n\n\n<p><a href=\"https:\/\/www.liberation.fr\/culture\/musique\/pierre-boulez-en-douze-disques-y-en-a-sous-le-compo-20250203_PGERK5JUAJHZTM2ELWCJKYMQPY\/\" title=\"\">Pierre Boulez en douze disques<\/a> (Lib\u00e9ration).<\/p>\n\n\n\n<p><a href=\"https:\/\/www.telerama.fr\/television\/ce-soir-a-la-tele-notre-selection-du-mardi-4-fevrier-7024200.php\" title=\"\">Ce soir \u00e0 la t\u00e9l\u00e9<\/a> (T\u00e9l\u00e9rama).<\/p>\n\n\n\n<p><a href=\"https:\/\/www.en-attendant-nadeau.fr\/2025\/02\/03\/bricoler-une-utopie-hippies\/\">Bricoler une utopie<\/a> (En attendant Nadeau).<\/p>\n\n\n\n<p><a href=\"https:\/\/link.newsletter.franceculture.fr\/m\/ml\/7429\/924273\/ygJt_Zu-RT5HS5yUX58DlEBbOnNDRL2hn3YRWM9BNx4=\/i6RyXbGHPM8MPKZcRZBJlJTuvaT7GwQr5ZyGn8bWA1M=\/\" target=\"_blank\" rel=\"noreferrer noopener\">Semp\u00e9 ou le trait d&rsquo;humour<\/a> (France Culture).<\/p>\n\n\n\n<div class=\"wp-block-columns is-layout-flex wp-container-core-columns-is-layout-9d6595d7 wp-block-columns-is-layout-flex\">\n<div class=\"wp-block-column is-layout-flow wp-block-column-is-layout-flow\" style=\"flex-basis:100%\"><div class=\"wp-block-image\">\n<figure class=\"alignleft size-full is-resized\"><img data-recalc-dims=\"1\" loading=\"lazy\" decoding=\"async\" width=\"640\" height=\"340\" src=\"https:\/\/i0.wp.com\/www.rdpemancipation.org\/wp-content\/uploads\/2025\/02\/640x340_sc_img-2956.jpg?resize=640%2C340&#038;ssl=1\" alt=\"\" class=\"wp-image-136891\" style=\"width:288px;height:auto\" srcset=\"https:\/\/i0.wp.com\/www.rdpemancipation.org\/wp-content\/uploads\/2025\/02\/640x340_sc_img-2956.jpg?w=640&amp;ssl=1 640w, https:\/\/i0.wp.com\/www.rdpemancipation.org\/wp-content\/uploads\/2025\/02\/640x340_sc_img-2956.jpg?resize=300%2C159&amp;ssl=1 300w\" sizes=\"auto, (max-width: 640px) 100vw, 640px\" \/><figcaption class=\"wp-element-caption\"><sup>Jean-Jacques Semp\u00e9 &#8211; \u00a9 Inga Semp\u00e9 \/ Archives personelles \/ DR<\/sup><\/figcaption><\/figure>\n<\/div><\/div>\n<\/div>\n\n\n\n<p class=\"has-text-color has-link-color wp-elements-04617efab7c53270ee589dfbbe94459c\" style=\"color:#af0000\"><strong>3 f\u00e9vrier<\/strong><\/p>\n\n\n\n<p><a href=\"https:\/\/www.revue-ballast.fr\/le-media-linformation-de-qualite-est-un-pilier-dune-democratie-libre\/\">Le M\u00e9dia&nbsp;: \u00ab&nbsp;L\u2019information de qualit\u00e9<\/a> (Ballast).<\/p>\n\n\n\n<p><a href=\"https:\/\/doublemarge.com\/article-353-du-code-penal-au-rond-point\/\" title=\"\">Article&nbsp;353 du Code p\u00e9nal au th\u00e9\u00e2tre du Rond-Point<\/a> (Double marge).<\/p>\n\n\n\n<p><a href=\"https:\/\/public-api.wordpress.com\/bar\/?stat=groovemails-events&amp;bin=wpcom_email_click&amp;redirect_to=https%3A%2F%2Fentreleslignesentrelesmots.wordpress.com%2F2025%2F02%2F02%2Fabcdaire-necessairement-partiel-51%2F%3Fjetpack_skip_subscription_popup&amp;sr=0&amp;signature=d9aa2db32c22da36afba291ab037d915&amp;blog_id=12785448&amp;user=0ff88261f2c135c936be37d66e379a6f&amp;_e=eyJlcnJvciI6bnVsbCwiYmxvZ19pZCI6MTI3ODU0NDgsImJsb2dfbGFuZyI6ImZyLUZSIiwic2l0ZV9pZF9sYWJlbCI6IndwY29tIiwiaGFzX2ZlYXR1cmVkX2ltYWdlIjoiMCIsInN1YnNjcmliZXJfaWQiOiIzMDM5NzQ3NTMiLCJfdWkiOiIwZmY4ODI2MWYyYzEzNWM5MzZiZTM3ZDY2ZTM3OWE2ZiIsIl91dCI6ImFub24iLCJlbWFpbF9kb21haW4iOiJ5YWhvby5jb20iLCJwb3N0X2lkIjo4OTY5NywidXNlcl9lbWFpbCI6ImNwcmV2b3N0OTFAeWFob28uY29tIiwiZGF0ZV9zZW50IjoiMjAyNS0wMi0wMiIsImVtYWlsX2lkIjoiMTk2ZTUzZDhiNzZjMzU4NDBiZWQ2NGE2NmRlMzNmYWYiLCJlbWFpbF9uYW1lIjoibmV3LXBvc3QiLCJ0ZW1wbGF0ZSI6Im5ldy1wb3N0IiwibGlua19kZXNjIjoicG9zdC11cmwiLCJhbmNob3JfdGV4dCI6IkFCQ0RhaXJlIG5cdTAwZTljZXNzYWlyZW1lbnQgcGFydGllbFx1MDBhMCg1MSkiLCJfZHIiOm51bGwsIl9kbCI6Ilwvd3AtY3Jvbi5waHA\/ZG9pbmdfd3BfY3Jvbj0xNzM4NTEzODAzLjEyNTQzNzk3NDkyOTgwOTU3MDMxMjUiLCJfZW4iOiJ3cGNvbV9lbWFpbF9jbGljayIsIl90cyI6MTczODUxMzgzOTMzOCwiYnJvd3Nlcl90eXBlIjoicGhwLWFnZW50IiwiX2F1YSI6IndwY29tLXRyYWNrcy1jbGllbnQtdjAuMyIsIl91bCI6bnVsbCwiYmxvZ190eiI6IjAiLCJ1c2VyX2xhbmciOm51bGx9&amp;_z=z\" target=\"_blank\" rel=\"noreferrer noopener\">ABCDaire n\u00e9cessairement partiel<\/a> (Entre les lignes entre les mots).<\/p>\n\n\n\n<p><a href=\"https:\/\/www.contretemps.eu\/defense-parti-reflexions-jean-quetier\/\" title=\"\">Une d\u00e9fense \u00ab&nbsp;du&nbsp;\u00bb parti.<\/a> (Contretemps).<\/p>\n\n\n\n<p><a href=\"https:\/\/www.en-attendant-nadeau.fr\/2025\/02\/03\/la-betise-en-art\/\" title=\"\">La b\u00eatise en art<\/a> (En attendant Nadeau).<\/p>\n\n\n\n<div class=\"wp-block-columns is-layout-flex wp-container-core-columns-is-layout-9d6595d7 wp-block-columns-is-layout-flex\">\n<div class=\"wp-block-column is-layout-flow wp-block-column-is-layout-flow\" style=\"flex-basis:100%\"><div class=\"wp-block-image\">\n<figure class=\"alignleft size-full is-resized\"><img data-recalc-dims=\"1\" loading=\"lazy\" decoding=\"async\" width=\"1024\" height=\"770\" src=\"https:\/\/i0.wp.com\/www.rdpemancipation.org\/wp-content\/uploads\/2025\/02\/2507178688_c9c0a4c2c3_b.webp?resize=1024%2C770&#038;ssl=1\" alt=\"\" class=\"wp-image-136850\" style=\"width:289px;height:auto\" srcset=\"https:\/\/i0.wp.com\/www.rdpemancipation.org\/wp-content\/uploads\/2025\/02\/2507178688_c9c0a4c2c3_b.webp?w=1024&amp;ssl=1 1024w, https:\/\/i0.wp.com\/www.rdpemancipation.org\/wp-content\/uploads\/2025\/02\/2507178688_c9c0a4c2c3_b.webp?resize=300%2C226&amp;ssl=1 300w, https:\/\/i0.wp.com\/www.rdpemancipation.org\/wp-content\/uploads\/2025\/02\/2507178688_c9c0a4c2c3_b.webp?resize=768%2C578&amp;ssl=1 768w\" sizes=\"auto, (max-width: 1024px) 100vw, 1024px\" \/><figcaption class=\"wp-element-caption\"><sup>\u00ab Balloon Dog \u00bb, Jeff Koons \u00a9 CC-BY-4.0\/Ta\u00eds Melillo\/Flickr<\/sup><\/figcaption><\/figure>\n<\/div><\/div>\n<\/div>\n\n\n\n<p class=\"has-text-color has-link-color wp-elements-2fd961d3140e8a5a67ebede6c7442cfc\" style=\"color:#ac0000\"><strong>1er f\u00e9vrier<\/strong><\/p>\n\n\n\n<p><a href=\"https:\/\/link.newsletter.franceculture.fr\/m\/ml\/7429\/923702\/AsbCiTeAZ-Ql8EuU3xWWcDgTC-Y0HdkJIpQ46WLKPjE=\/2wM8z4+RzweeilPGMuK0t2f8Pjd0i7UoZodBYaXm+YU=\/\" target=\"_blank\" rel=\"noreferrer noopener\">\u00ab\u00a0Histoire d\u2019un ruisseau\u00a0\u00bb d&rsquo;\u00c9lis\u00e9e Reclus<\/a> (France Culture).<\/p>\n\n\n\n<p><a href=\"https:\/\/www.monde-diplomatique.fr\/2025\/02\/PARDO\/68065\">Au cr\u00e9puscule d\u2019un monde<\/a> (Le Monde diplomatique).<\/p>\n\n\n\n<p><a href=\"https:\/\/www.en-attendant-nadeau.fr\/2025\/02\/01\/coetzee\/\" title=\"\">Broken English<\/a> (En attendant Nadeau).<\/p>\n\n\n\n<p><a href=\"https:\/\/www.nonfiction.fr\/article-12282-une-nouvelle-histoire-des-mouvements-noirs-americains.htm\" title=\"\">Une nouvelle histoire des mouvements noirs am\u00e9ricains<\/a> (Nonfiction).<\/p>\n\n\n\n<p><a href=\"https:\/\/www.lemonde.fr\/culture\/article\/2025\/02\/01\/le-peintre-guillaume-bresson-invite-les-marges-urbaines-sous-les-ors-de-versailles_6526137_3246.html\" title=\"\">Guillaume Bresson invite les marges urbaines \u00e0 Versailles<\/a> (Le Monde).<\/p>\n\n\n\n<div class=\"wp-block-columns is-layout-flex wp-container-core-columns-is-layout-9d6595d7 wp-block-columns-is-layout-flex\">\n<div class=\"wp-block-column is-layout-flow wp-block-column-is-layout-flow\" style=\"flex-basis:100%\"><div class=\"wp-block-image\">\n<figure class=\"alignleft size-full is-resized\"><img loading=\"lazy\" decoding=\"async\" width=\"700\" height=\"467\" src=\"https:\/\/www.rdpemancipation.org\/wp-content\/uploads\/2025\/02\/ddb4dc1_sirius-fs-upload-1-gbwcms5dktnv-1738338070855-a-didier-saulnier-9188.avif\" alt=\"\" class=\"wp-image-136804\" style=\"width:288px;height:auto\"\/><figcaption class=\"wp-element-caption\"><sup>\u00ab&nbsp;Sans titre&nbsp;\u00bb (2013-2017), de Guillaume Bresson, expos\u00e9 devant les toiles d\u2019Horace Vernet (1789-1863), au ch\u00e2teau de Versailles, en janvier&nbsp;2025. DIDIER SAULNIER \/ CH\u00c2TEAU DE VERSAILLES<\/sup><\/figcaption><\/figure>\n<\/div><\/div>\n<\/div>\n","protected":false},"excerpt":{"rendered":"<p>28 f\u00e9vrier \u00c9tats-Unis\u00a0: \u00e0 qui appartient la country\u00a0? (France Culture). Mort de Gene Hackman (L&rsquo;Humanit\u00e9). C\u00e9sar 2025&nbsp;: 15&nbsp;films qui ont re\u00e7u le C\u00e9sar du meilleur film \u00e0 voir (T\u00e9l\u00e9rama). L\u2019art en 1917, changer la vie (Le Monde diplomatique). Spirales de Frank\u00e9tienne (1936-2025) (En attendant Nadeau). 27 f\u00e9vrier Hier pour aujourd\u2019hui, les ann\u00e9es 2000 (Entre les &#8230; <a title=\"F\u00e9vrier \u2013 Cultures\" class=\"read-more\" href=\"https:\/\/www.rdpemancipation.org\/?p=136770\" aria-label=\"En savoir plus sur F\u00e9vrier \u2013 Cultures\">Lire la suite<\/a><\/p>\n","protected":false},"author":1,"featured_media":0,"comment_status":"closed","ping_status":"closed","sticky":false,"template":"","format":"standard","meta":{"_lmt_disableupdate":"","_lmt_disable":"","_jetpack_memberships_contains_paid_content":false,"footnotes":""},"categories":[25],"tags":[],"class_list":["post-136770","post","type-post","status-publish","format-standard","hentry","category-cultures"],"modified_by":"cpr","jetpack_featured_media_url":"","jetpack_sharing_enabled":true,"_links":{"self":[{"href":"https:\/\/www.rdpemancipation.org\/index.php?rest_route=\/wp\/v2\/posts\/136770","targetHints":{"allow":["GET"]}}],"collection":[{"href":"https:\/\/www.rdpemancipation.org\/index.php?rest_route=\/wp\/v2\/posts"}],"about":[{"href":"https:\/\/www.rdpemancipation.org\/index.php?rest_route=\/wp\/v2\/types\/post"}],"author":[{"embeddable":true,"href":"https:\/\/www.rdpemancipation.org\/index.php?rest_route=\/wp\/v2\/users\/1"}],"replies":[{"embeddable":true,"href":"https:\/\/www.rdpemancipation.org\/index.php?rest_route=%2Fwp%2Fv2%2Fcomments&post=136770"}],"version-history":[{"count":136,"href":"https:\/\/www.rdpemancipation.org\/index.php?rest_route=\/wp\/v2\/posts\/136770\/revisions"}],"predecessor-version":[{"id":137648,"href":"https:\/\/www.rdpemancipation.org\/index.php?rest_route=\/wp\/v2\/posts\/136770\/revisions\/137648"}],"wp:attachment":[{"href":"https:\/\/www.rdpemancipation.org\/index.php?rest_route=%2Fwp%2Fv2%2Fmedia&parent=136770"}],"wp:term":[{"taxonomy":"category","embeddable":true,"href":"https:\/\/www.rdpemancipation.org\/index.php?rest_route=%2Fwp%2Fv2%2Fcategories&post=136770"},{"taxonomy":"post_tag","embeddable":true,"href":"https:\/\/www.rdpemancipation.org\/index.php?rest_route=%2Fwp%2Fv2%2Ftags&post=136770"}],"curies":[{"name":"wp","href":"https:\/\/api.w.org\/{rel}","templated":true}]}}