{"id":135908,"date":"2025-01-01T01:05:00","date_gmt":"2025-01-01T00:05:00","guid":{"rendered":"https:\/\/www.rdpemancipation.org\/?p=135908"},"modified":"2025-01-27T09:46:01","modified_gmt":"2025-01-27T08:46:01","slug":"janvier-antiracisme-migrations-3","status":"publish","type":"post","link":"https:\/\/www.rdpemancipation.org\/?p=135908","title":{"rendered":"Janvier \u2013 Antiracisme\/Migrations"},"content":{"rendered":"\n<p><br><strong><strong><mark style=\"background-color:rgba(0, 0, 0, 0);color:#ed1010\" class=\"has-inline-color\">27 janvier<\/mark><\/strong><\/strong><\/p>\n\n\n\n<p><a href=\"https:\/\/www.contretemps.eu\/survie-racisme-neocolonialisme-francafrique-podcast\/\">Racisme et n\u00e9ocolonialisme fran\u00e7ais [Podcast]<\/a> (Contretemps)<\/p>\n\n\n\n<p><strong><strong><mark style=\"background-color:rgba(0, 0, 0, 0);color:#ed1010\" class=\"has-inline-color\">23 janvier<\/mark><\/strong><\/strong><\/p>\n\n\n\n<p><strong><a href=\"https:\/\/www.youtube.com\/watch?v=B8l4hMfajNc&amp;ab_channel=BLAST%2CLesouffledel%27info\">L\u2019esprit Charlie a \u00e9t\u00e9 saccag\u00e9 par des islamophobes et des racistes \u2013 \u00e9dito Denis Robert<\/a><\/strong>&nbsp;(Blast)<\/p>\n\n\n\n<p><a href=\"https:\/\/lundi.am\/Une-errance-a-velo-en-attendant-les-droits-de-l-homme\" target=\"_blank\" rel=\"noreferrer noopener\">Une errance \u00e0 v\u00e9lo en attendant les droits de l\u2019homme<\/a> (Lundimatin)<\/p>\n\n\n\n<p><a href=\"https:\/\/orientxxi.info\/magazine\/albanie-dans-la-peau-des-migrants,7882\" target=\"_blank\" rel=\"noreferrer noopener\">Albanie. Dans la peau des migrants<\/a>&nbsp;(Orient XXI)<\/p>\n\n\n\n<p><a href=\"https:\/\/www.ritimo.org\/L-essor-des-depenses-europeennes-pour-la-securite-defense-et-les-politiques\" target=\"_blank\" rel=\"noreferrer noopener\">L&rsquo;essor des d\u00e9penses europ\u00e9ennes pour la s\u00e9curit\u00e9-d\u00e9fense et les politiques migratoires restrictives transforment la nature de l&rsquo;UE<\/a> (ritimo)<\/p>\n\n\n\n<p><strong><strong><mark style=\"background-color:rgba(0, 0, 0, 0);color:#ed1010\" class=\"has-inline-color\">21 janvier<\/mark><\/strong><\/strong><\/p>\n\n\n\n<p><a href=\"https:\/\/www.contretemps.eu\/profits-peur-trump-immigration-racisme\/\">Trump, la r\u00e9pression anti-migratoire et les profits de la peur<\/a> (Contretemps)<\/p>\n\n\n\n<p><strong><strong><mark style=\"background-color:rgba(0, 0, 0, 0);color:#ed1010\" class=\"has-inline-color\">16 janvier<\/mark><\/strong><\/strong><\/p>\n\n\n\n<p><a href=\"https:\/\/www.youtube.com\/watch?v=DaaOjw_gF8g\">Antiracisme \u00ab d\u00e9colonial\u00bb ou antiracisme marxiste ? &#8211; Florian GULLI, philosophe<\/a> (Caf\u00e9 Marxiste)<\/p>\n\n\n\n<p><a href=\"https:\/\/journal-labreche.fr\/immigration-reaction-primaire-et-balafre-dans-la-foret\/\">Immigration : r\u00e9action primaire et balafre dans la for\u00eat <\/a>(La Br\u00e8che)<\/p>\n\n\n\n<p><strong><a href=\"https:\/\/www.equaltimes.org\/les-deplaces-internes-du-tigre\">Les d\u00e9plac\u00e9s internes du Tigr\u00e9 emp\u00each\u00e9s de rentrer chez eux et de reprendre le travail<\/a> <\/strong>(Equal times)<\/p>\n\n\n\n<p><strong><a href=\"https:\/\/www.streetpress.com\/sujet\/1736868396-exclusions-dialogues-dilemme-syndicats-extreme-droite-RN-combat-lepen-bardella\">Ces syndicats qui combattent l&rsquo;extr\u00eame droite dans leurs rangs<\/a> <\/strong>(Street Press)<\/p>\n\n\n\n<p><strong><strong><mark style=\"background-color:rgba(0, 0, 0, 0);color:#ed1010\" class=\"has-inline-color\">11 janvier<\/mark><\/strong><\/strong><\/p>\n\n\n\n<p><a href=\"https:\/\/blogs.mediapart.fr\/nathalie-tehio-presidente-ldh\/blog\/090125\/2025-bonne-annee-bonne-annee\">2025, bonne ann\u00e9e&nbsp;? Bonne ann\u00e9e&nbsp;!<\/a>&nbsp;(Nathalie Tehio pr\u00e9sidente LDH)<\/p>\n\n\n\n<p><a href=\"https:\/\/www.humanite.fr\/culture-et-savoir\/cinema\/abou-sangare-revele-dans-lhistoire-de-souleymane-obtient-un-titre-de-sejour-en-france\" target=\"_blank\" rel=\"noreferrer noopener\">Abou Sangare, r\u00e9v\u00e9l\u00e9 dans \u00ab l\u2019Histoire de Souleymane \u00bb obtient un titre de s\u00e9jour en France<\/a> (L\u2019Humanit\u00e9)<\/p>\n\n\n\n<p><a href=\"https:\/\/link.newsletter.franceculture.fr\/m\/ml\/7429\/917922\/ouUvukPJVkupnfId-RvTBfwWuDtfb5gDylVrXJwSQd0=\/GTIh43y1NGP7-r9zs+z5-9IXtD0enmGJcQWWmsk8svA=\/\" target=\"_blank\" rel=\"noreferrer noopener\">La culture du racisme <\/a>&nbsp;(France Culture)<\/p>\n\n\n\n<p><a href=\"https:\/\/www.alternatives-economiques.fr\/taina-tervonen-lampleur-morts-aux-frontieres-tres-estim\/00113553\" target=\"_blank\" rel=\"noreferrer noopener\">Taina Tervonen : \u00ab L\u2019ampleur des morts aux fronti\u00e8res est tr\u00e8s sous-estim\u00e9e \u00bb<\/a> (Alter \u00e9co)<\/p>\n\n\n\n<p><strong><strong><mark style=\"background-color:rgba(0, 0, 0, 0);color:#ed1010\" class=\"has-inline-color\">2 janvier<\/mark><\/strong><\/strong><\/p>\n\n\n\n<p><a href=\"https:\/\/lesjours.fr\/obsessions\/calais-migrants-morts\/ep11-bilan-2024\/\" target=\"_blank\" rel=\"noreferrer noopener\">2024, ann\u00e9e la plus meurtri\u00e8re pour les exil\u00e9s \u00e0 Calais<\/a> &nbsp;(Les Jours)<\/p>\n","protected":false},"excerpt":{"rendered":"<p>27 janvier Racisme et n\u00e9ocolonialisme fran\u00e7ais [Podcast] (Contretemps) 23 janvier L\u2019esprit Charlie a \u00e9t\u00e9 saccag\u00e9 par des islamophobes et des racistes \u2013 \u00e9dito Denis Robert&nbsp;(Blast) Une errance \u00e0 v\u00e9lo en attendant les droits de l\u2019homme (Lundimatin) Albanie. Dans la peau des migrants&nbsp;(Orient XXI) L&rsquo;essor des d\u00e9penses europ\u00e9ennes pour la s\u00e9curit\u00e9-d\u00e9fense et les politiques migratoires restrictives &#8230; <a title=\"Janvier \u2013 Antiracisme\/Migrations\" class=\"read-more\" href=\"https:\/\/www.rdpemancipation.org\/?p=135908\" aria-label=\"En savoir plus sur Janvier \u2013 Antiracisme\/Migrations\">Lire la suite<\/a><\/p>\n","protected":false},"author":1,"featured_media":0,"comment_status":"closed","ping_status":"closed","sticky":false,"template":"","format":"standard","meta":{"_lmt_disableupdate":"","_lmt_disable":"","_jetpack_memberships_contains_paid_content":false,"footnotes":""},"categories":[13,27],"tags":[],"class_list":["post-135908","post","type-post","status-publish","format-standard","hentry","category-antiracisme","category-migrations"],"modified_by":"man","jetpack_featured_media_url":"","jetpack_sharing_enabled":true,"_links":{"self":[{"href":"https:\/\/www.rdpemancipation.org\/index.php?rest_route=\/wp\/v2\/posts\/135908","targetHints":{"allow":["GET"]}}],"collection":[{"href":"https:\/\/www.rdpemancipation.org\/index.php?rest_route=\/wp\/v2\/posts"}],"about":[{"href":"https:\/\/www.rdpemancipation.org\/index.php?rest_route=\/wp\/v2\/types\/post"}],"author":[{"embeddable":true,"href":"https:\/\/www.rdpemancipation.org\/index.php?rest_route=\/wp\/v2\/users\/1"}],"replies":[{"embeddable":true,"href":"https:\/\/www.rdpemancipation.org\/index.php?rest_route=%2Fwp%2Fv2%2Fcomments&post=135908"}],"version-history":[{"count":9,"href":"https:\/\/www.rdpemancipation.org\/index.php?rest_route=\/wp\/v2\/posts\/135908\/revisions"}],"predecessor-version":[{"id":136611,"href":"https:\/\/www.rdpemancipation.org\/index.php?rest_route=\/wp\/v2\/posts\/135908\/revisions\/136611"}],"wp:attachment":[{"href":"https:\/\/www.rdpemancipation.org\/index.php?rest_route=%2Fwp%2Fv2%2Fmedia&parent=135908"}],"wp:term":[{"taxonomy":"category","embeddable":true,"href":"https:\/\/www.rdpemancipation.org\/index.php?rest_route=%2Fwp%2Fv2%2Fcategories&post=135908"},{"taxonomy":"post_tag","embeddable":true,"href":"https:\/\/www.rdpemancipation.org\/index.php?rest_route=%2Fwp%2Fv2%2Ftags&post=135908"}],"curies":[{"name":"wp","href":"https:\/\/api.w.org\/{rel}","templated":true}]}}