{"id":135906,"date":"2025-01-01T01:00:00","date_gmt":"2025-01-01T00:00:00","guid":{"rendered":"https:\/\/www.rdpemancipation.org\/?p=135906"},"modified":"2025-01-23T19:44:32","modified_gmt":"2025-01-23T18:44:32","slug":"janvier-jeunesse-education-5","status":"publish","type":"post","link":"https:\/\/www.rdpemancipation.org\/?p=135906","title":{"rendered":"Janvier \u2013 Jeunesse\/\u00c9ducation"},"content":{"rendered":"\n<p><strong><strong><mark style=\"background-color:rgba(0, 0, 0, 0);color:#ed1010\" class=\"has-inline-color\">23 janvier<\/mark><\/strong><\/strong><\/p>\n\n\n\n<p><a href=\"https:\/\/www.alternatives-economiques.fr\/philippe-watrelot\/a-profite-prof-bashing\/00113710\" target=\"_blank\" rel=\"noreferrer noopener\">Le prof bashing, politiquement rentable<\/a>&nbsp;(Alter \u00e9co)<\/p>\n\n\n\n<p><a href=\"https:\/\/www.radiofrance.fr\/franceinfo\/podcasts\/bientot-chez-vous\/etats-unis-des-ecoles-experimentent-l-ia-a-la-place-du-professeur-pour-gagner-en-efficacite-9569600\"><strong>\u00c9tats-Unis&nbsp;: des \u00e9coles exp\u00e9rimentent l\u2019IA \u00e0 la place du professeur pour gagner en efficacit\u00e9<\/strong><\/a>&nbsp;(Radiofrance)<\/p>\n\n\n\n<p><a href=\"https:\/\/www.alternatives-economiques.fr\/parcoursup-machine-a-produire-de-linjustice\/00113728\" target=\"_blank\" rel=\"noreferrer noopener\">Parcoursup, machine \u00e0 produire de l&rsquo;injustice<\/a>&nbsp;(Alter \u00e9co)<\/p>\n\n\n\n<p><a href=\"https:\/\/www.frustrationmagazine.fr\/neutralite\/\" target=\"_blank\" rel=\"noreferrer noopener\">\u00c9cole, fonction publique : quand la neutralit\u00e9 sert \u00e0 neutraliser<\/a>&nbsp;(Frustration)<\/p>\n\n\n\n<p><a href=\"https:\/\/www.mediapart.fr\/journal\/france\/110125\/le-dernier-lycee-musulman-de-france-agree-par-l-etat-perd-son-contrat\"><strong>Le dernier lyc\u00e9e musulman de France agr\u00e9\u00e9 par l\u2019\u00c9tat perd son contrat<\/strong><\/a>&nbsp;-Oriane Mollaret (Rue89 Lyon)<\/p>\n\n\n\n<p><strong><strong><mark style=\"background-color:rgba(0, 0, 0, 0);color:#ed1010\" class=\"has-inline-color\">11 janvier<\/mark><\/strong><\/strong><\/p>\n\n\n\n<p><a href=\"https:\/\/www.alternatives-economiques.fr\/essor-prive-asphyxie-universites-letat-a-contre-emploi-lens\/00113661\" target=\"_blank\" rel=\"noreferrer noopener\">Essor du priv\u00e9, asphyxie des universit\u00e9s : l&rsquo;Etat \u00e0 contre-emploi dans l&rsquo;enseignement sup\u00e9rieur<\/a> (Alter \u00e9co)<\/p>\n\n\n\n<p><a href=\"https:\/\/www.mediapart.fr\/journal\/france\/080125\/le-plus-gros-lycee-de-saint-denis-menace-de-fermeture-cause-de-son-bati-vetuste\" target=\"_blank\" rel=\"noreferrer noopener\">Le plus gros lyc\u00e9e de Saint-Denis menac\u00e9 de fermeture \u00e0 cause de son b\u00e2ti v\u00e9tuste<\/a> (Mediapart)<\/p>\n\n\n\n<p><a href=\"https:\/\/cafepedagogique.net\/2024\/12\/31\/elisabeth-borne-une-6e-ministre-pour-que-rien-ne-change\/?utm_campaign=Lexpresso_06-01-2025&amp;utm_medium=email&amp;utm_source=Expresso\">Elisabeth Borne : une 6e ministre pour que rien ne change ?<\/a>&nbsp;(Caf\u00e9 p\u00e9dagogique)<\/p>\n\n\n\n<p><a href=\"https:\/\/cafepedagogique.net\/2025\/01\/07\/notre-systeme-educatif-souffre-dun-entre-soi-qui-se-banalise-et-qui-prospere\/?utm_campaign=Lexpresso_07-01-2025&amp;utm_medium=email&amp;utm_source=Expresso\">\u00ab&nbsp;<\/a><a href=\"https:\/\/cafepedagogique.net\/2025\/01\/07\/notre-systeme-educatif-souffre-dun-entre-soi-qui-se-banalise-et-qui-prospere\/?utm_campaign=Lexpresso_07-01-2025&amp;utm_medium=email&amp;utm_source=Expresso\"><em>Notre syst\u00e8me \u00e9ducatif souffre d\u2019un entre soi qui se banalise et qui prosp\u00e8re<\/em><\/a><a href=\"https:\/\/cafepedagogique.net\/2025\/01\/07\/notre-systeme-educatif-souffre-dun-entre-soi-qui-se-banalise-et-qui-prospere\/?utm_campaign=Lexpresso_07-01-2025&amp;utm_medium=email&amp;utm_source=Expresso\">&nbsp;\u00bb<\/a>&nbsp;(Caf\u00e9 p\u00e9dagogique)<\/p>\n\n\n\n<p><a href=\"https:\/\/cafepedagogique.net\/2025\/01\/07\/temoignage-de-mayotte-personne-nest-dupe-ca-va-etre-long-complique-et-difficile\/?utm_campaign=Lexpresso_07-01-2025&amp;utm_medium=email&amp;utm_source=Expresso\">Mayotte : cette enseignante de maternelle t\u00e9moigne<\/a>&nbsp;(Caf\u00e9 p\u00e9dagogique)<\/p>\n\n\n\n<p><a href=\"https:\/\/cafepedagogique.net\/2025\/01\/06\/royaume-uni-fin-de-lavantage-fiscal-des-ecoles-privees-depuis-le-1er-janvier\/?utm_campaign=Lexpresso_06-01-2025&amp;utm_medium=email&amp;utm_source=Expresso\">Royaume-Uni : fin de l\u2019avantage fiscal des \u00e9coles priv\u00e9es depuis le 1er janvier&nbsp;<\/a>(Caf\u00e9 p\u00e9dagogique)<\/p>\n\n\n\n<p><a href=\"https:\/\/www.bondyblog.fr\/societe\/a-la-gaite-lyrique-les-jeunes-du-parc-de-belleville-sorganisent-contre-les-violences-detat\/\"><strong>\u00c0 la Ga\u00eet\u00e9 Lyrique, les jeunes du parc de Belleville s\u2019organisent contre les violences d\u2019\u00c9tat<\/strong><\/a>&nbsp;(Le Bondy Blog)<\/p>\n\n\n\n<p><strong><strong><mark style=\"background-color:rgba(0, 0, 0, 0);color:#ed1010\" class=\"has-inline-color\">2 janvier<\/mark><\/strong><\/strong><\/p>\n\n\n\n<p><a href=\"https:\/\/cafepedagogique.net\/2024\/12\/30\/temoignage-dun-professeur-a-mayotte-aucune-aide-nest-arrivee-pendant-9-jours\/?utm_campaign=Flash_cafe_pedagogique_30-12-2024&amp;utm_medium=email&amp;utm_source=Flash\">Ce professeur a quitt\u00e9 Mayotte : \u00ab <\/a><a href=\"https:\/\/cafepedagogique.net\/2024\/12\/30\/temoignage-dun-professeur-a-mayotte-aucune-aide-nest-arrivee-pendant-9-jours\/?utm_campaign=Flash_cafe_pedagogique_30-12-2024&amp;utm_medium=email&amp;utm_source=Flash\"><em>Aucune aide n\u2019est arriv\u00e9e pendant 9 jours<\/em><\/a><a href=\"https:\/\/cafepedagogique.net\/2024\/12\/30\/temoignage-dun-professeur-a-mayotte-aucune-aide-nest-arrivee-pendant-9-jours\/?utm_campaign=Flash_cafe_pedagogique_30-12-2024&amp;utm_medium=email&amp;utm_source=Flash\"> \u00bb<\/a> &nbsp;(Caf\u00e9 p\u00e9dagogique)<\/p>\n\n\n\n<p><a href=\"https:\/\/reporterre.net\/Une-ferme-solidaire-pour-l-insertion-des-jeunes-de-Seine-Saint-Denis?utm_source=newsletter&amp;utm_medium=email&amp;utm_campaign=nl_quotidienne\">Une ferme solidaire pour l\u2019insertion des jeunes de Seine-Saint-Denis<\/a> (Reporterre)<\/p>\n","protected":false},"excerpt":{"rendered":"<p>23 janvier Le prof bashing, politiquement rentable&nbsp;(Alter \u00e9co) \u00c9tats-Unis&nbsp;: des \u00e9coles exp\u00e9rimentent l\u2019IA \u00e0 la place du professeur pour gagner en efficacit\u00e9&nbsp;(Radiofrance) Parcoursup, machine \u00e0 produire de l&rsquo;injustice&nbsp;(Alter \u00e9co) \u00c9cole, fonction publique : quand la neutralit\u00e9 sert \u00e0 neutraliser&nbsp;(Frustration) Le dernier lyc\u00e9e musulman de France agr\u00e9\u00e9 par l\u2019\u00c9tat perd son contrat&nbsp;-Oriane Mollaret (Rue89 Lyon) 11 &#8230; <a title=\"Janvier \u2013 Jeunesse\/\u00c9ducation\" class=\"read-more\" href=\"https:\/\/www.rdpemancipation.org\/?p=135906\" aria-label=\"En savoir plus sur Janvier \u2013 Jeunesse\/\u00c9ducation\">Lire la suite<\/a><\/p>\n","protected":false},"author":1,"featured_media":0,"comment_status":"closed","ping_status":"closed","sticky":false,"template":"","format":"standard","meta":{"_lmt_disableupdate":"","_lmt_disable":"","_jetpack_memberships_contains_paid_content":false,"footnotes":""},"categories":[15],"tags":[],"class_list":["post-135906","post","type-post","status-publish","format-standard","hentry","category-jeunesse-education"],"modified_by":"nch","jetpack_featured_media_url":"","jetpack_sharing_enabled":true,"_links":{"self":[{"href":"https:\/\/www.rdpemancipation.org\/index.php?rest_route=\/wp\/v2\/posts\/135906","targetHints":{"allow":["GET"]}}],"collection":[{"href":"https:\/\/www.rdpemancipation.org\/index.php?rest_route=\/wp\/v2\/posts"}],"about":[{"href":"https:\/\/www.rdpemancipation.org\/index.php?rest_route=\/wp\/v2\/types\/post"}],"author":[{"embeddable":true,"href":"https:\/\/www.rdpemancipation.org\/index.php?rest_route=\/wp\/v2\/users\/1"}],"replies":[{"embeddable":true,"href":"https:\/\/www.rdpemancipation.org\/index.php?rest_route=%2Fwp%2Fv2%2Fcomments&post=135906"}],"version-history":[{"count":4,"href":"https:\/\/www.rdpemancipation.org\/index.php?rest_route=\/wp\/v2\/posts\/135906\/revisions"}],"predecessor-version":[{"id":136525,"href":"https:\/\/www.rdpemancipation.org\/index.php?rest_route=\/wp\/v2\/posts\/135906\/revisions\/136525"}],"wp:attachment":[{"href":"https:\/\/www.rdpemancipation.org\/index.php?rest_route=%2Fwp%2Fv2%2Fmedia&parent=135906"}],"wp:term":[{"taxonomy":"category","embeddable":true,"href":"https:\/\/www.rdpemancipation.org\/index.php?rest_route=%2Fwp%2Fv2%2Fcategories&post=135906"},{"taxonomy":"post_tag","embeddable":true,"href":"https:\/\/www.rdpemancipation.org\/index.php?rest_route=%2Fwp%2Fv2%2Ftags&post=135906"}],"curies":[{"name":"wp","href":"https:\/\/api.w.org\/{rel}","templated":true}]}}