{"id":135899,"date":"2025-01-01T00:50:00","date_gmt":"2024-12-31T23:50:00","guid":{"rendered":"https:\/\/www.rdpemancipation.org\/?p=135899"},"modified":"2025-01-31T09:09:51","modified_gmt":"2025-01-31T08:09:51","slug":"janvier-cultures-5","status":"publish","type":"post","link":"https:\/\/www.rdpemancipation.org\/?p=135899","title":{"rendered":"Janvier \u2013 Cultures"},"content":{"rendered":"\n<p class=\"has-text-color has-link-color wp-elements-c4f406c666eb7c14144a1b27efa45f1f\" style=\"color:#af0000\"><strong>31 janvier<\/strong><\/p>\n\n\n\n<p><a href=\"https:\/\/link.newsletter.franceculture.fr\/m\/ml\/7429\/923482\/bD_peeCRn0HpgFeNTSK0-quqSdL8xYI9InwtVDpf0rI=\/is0yRZkDr00tq2zhjAqgd68n4i0YeaubnzfBevX1EiQ=\/\" target=\"_blank\" rel=\"noreferrer noopener\">La mort de la d\u00e9mocratie, \u00e9tape finale du capitalisme&nbsp;?<\/a> (France Culture).<\/p>\n\n\n\n<p><a href=\"https:\/\/www.monde-diplomatique.fr\/2025\/02\/SABIN\/68061\">M\u00e9moire du plan \u00ab<small>\u00a0<\/small>Condor<small>\u00a0<\/small>\u00bb<\/a> (Le Monde diplomatique).<\/p>\n\n\n\n<p><a href=\"https:\/\/www.en-attendant-nadeau.fr\/2025\/01\/31\/larrondissement-familier-menilmontant\/\" title=\"\">L\u2019arrondissement familier<\/a> (En attendant Nadeau).<\/p>\n\n\n\n<p><a href=\"https:\/\/www.humanite.fr\/culture-et-savoir\/musique\/marianne-faithfull-dame-de-grace\" title=\"\">Mort de Marianne Faithfull<\/a> (L&rsquo;Humanit\u00e9).<\/p>\n\n\n\n<div class=\"wp-block-columns is-layout-flex wp-container-core-columns-is-layout-9d6595d7 wp-block-columns-is-layout-flex\">\n<div class=\"wp-block-column is-layout-flow wp-block-column-is-layout-flow\" style=\"flex-basis:100%\"><div class=\"wp-block-image\">\n<figure class=\"alignleft size-large is-resized\"><img data-recalc-dims=\"1\" loading=\"lazy\" decoding=\"async\" width=\"1024\" height=\"576\" src=\"https:\/\/i0.wp.com\/www.rdpemancipation.org\/wp-content\/uploads\/2025\/01\/P18-MARIANNE-FAITHFULL_VEN-edited-1024x576.webp?resize=1024%2C576&#038;ssl=1\" alt=\"\" class=\"wp-image-136733\" style=\"width:291px;height:auto\" srcset=\"https:\/\/i0.wp.com\/www.rdpemancipation.org\/wp-content\/uploads\/2025\/01\/P18-MARIANNE-FAITHFULL_VEN-edited.webp?resize=1024%2C576&amp;ssl=1 1024w, https:\/\/i0.wp.com\/www.rdpemancipation.org\/wp-content\/uploads\/2025\/01\/P18-MARIANNE-FAITHFULL_VEN-edited.webp?resize=300%2C169&amp;ssl=1 300w, https:\/\/i0.wp.com\/www.rdpemancipation.org\/wp-content\/uploads\/2025\/01\/P18-MARIANNE-FAITHFULL_VEN-edited.webp?resize=768%2C432&amp;ssl=1 768w, https:\/\/i0.wp.com\/www.rdpemancipation.org\/wp-content\/uploads\/2025\/01\/P18-MARIANNE-FAITHFULL_VEN-edited.webp?w=1500&amp;ssl=1 1500w\" sizes=\"auto, (max-width: 1024px) 100vw, 1024px\" \/><figcaption class=\"wp-element-caption\"><sup>Sa voix gardera les stigmates de ses exc\u00e8s. La r\u00e9demption de l\u2019artiste arrivera \u00e0 l\u2019aube des ann\u00e9es 1990 et par les planches.\u00a9 Rob Verhorst\/Redferns<\/sup><\/figcaption><\/figure>\n<\/div><\/div>\n<\/div>\n\n\n\n<p class=\"has-text-color has-link-color wp-elements-f67e73f4a3a1067c7a1868534337819a\" style=\"color:#b10000\"><strong>30 janvier<\/strong><\/p>\n\n\n\n<p><a href=\"https:\/\/public-api.wordpress.com\/bar\/?stat=groovemails-events&amp;bin=wpcom_email_click&amp;redirect_to=https%3A%2F%2Fentreleslignesentrelesmots.wordpress.com%2F2025%2F01%2F29%2Fduo-piano-trompette-3%2F%3Fjetpack_skip_subscription_popup&amp;sr=0&amp;signature=64494e5ae374e77a6f0c6623f19f45ea&amp;blog_id=12785448&amp;user=0ff88261f2c135c936be37d66e379a6f&amp;_e=eyJlcnJvciI6bnVsbCwiYmxvZ19pZCI6MTI3ODU0NDgsImJsb2dfbGFuZyI6ImZyLUZSIiwic2l0ZV9pZF9sYWJlbCI6IndwY29tIiwiaGFzX2ZlYXR1cmVkX2ltYWdlIjoiMCIsInN1YnNjcmliZXJfaWQiOiIzMDM5NzQ3NTMiLCJfdWkiOiIwZmY4ODI2MWYyYzEzNWM5MzZiZTM3ZDY2ZTM3OWE2ZiIsIl91dCI6ImFub24iLCJlbWFpbF9kb21haW4iOiJ5YWhvby5jb20iLCJwb3N0X2lkIjo4OTQxNywidXNlcl9lbWFpbCI6ImNwcmV2b3N0OTFAeWFob28uY29tIiwiZGF0ZV9zZW50IjoiMjAyNS0wMS0yOSIsImVtYWlsX2lkIjoiZDEzZDAyZGQ4ZjlkYWNmMGY3MWQxMmJhYWYwYjFjNWMiLCJlbWFpbF9uYW1lIjoibmV3LXBvc3QiLCJ0ZW1wbGF0ZSI6Im5ldy1wb3N0IiwibGlua19kZXNjIjoicG9zdC11cmwiLCJhbmNob3JfdGV4dCI6IkR1byBwaWFubyB0cm9tcGV0dGVcdTAwYTAoMykiLCJfZHIiOm51bGwsIl9kbCI6Ilwvd3AtY3Jvbi5waHA\/ZG9pbmdfd3BfY3Jvbj0xNzM4MTY4MjA3LjI5MzI3MTA2NDc1ODMwMDc4MTI1MDAiLCJfZW4iOiJ3cGNvbV9lbWFpbF9jbGljayIsIl90cyI6MTczODE2ODIzNDQ1MSwiYnJvd3Nlcl90eXBlIjoicGhwLWFnZW50IiwiX2F1YSI6IndwY29tLXRyYWNrcy1jbGllbnQtdjAuMyIsIl91bCI6bnVsbCwiYmxvZ190eiI6IjAiLCJ1c2VyX2xhbmciOm51bGx9&amp;_z=z\" target=\"_blank\" rel=\"noreferrer noopener\">Duo piano trompette&nbsp;<\/a>(Entre les lignes entre les mots).<\/p>\n\n\n\n<p><a href=\"https:\/\/www.blast-info.fr\/articles\/2025\/jouer-avec-le-feu-le-desarroi-dun-pere-face-a-la-conversion-fasciste-de-son-fils-YXbyf037SIiXMHi2mfIveg\" title=\"\">Jouer avec le feu : un p\u00e8re face \u00e0 la conversion fasciste de son fils<\/a> (Blast).<\/p>\n\n\n\n<p><a href=\"https:\/\/www.monde-diplomatique.fr\/2025\/02\/ROBERT\/68067\">Le socialisme selon Jean Jaur\u00e8s<\/a> (Le Monde diplomatique).<\/p>\n\n\n\n<p><a href=\"https:\/\/www.telerama.fr\/livre\/anouk-ricard-sacree-grand-prix-du-festival-bd-d-angouleme-2025-c-est-la-consecration-7024118.php\" title=\"\">Anouk Ricard, Grand Prix du Festival BD d\u2019Angoul\u00eame<\/a> (T\u00e9l\u00e9rama).<\/p>\n\n\n\n<div class=\"wp-block-columns is-layout-flex wp-container-core-columns-is-layout-9d6595d7 wp-block-columns-is-layout-flex\">\n<div class=\"wp-block-column is-layout-flow wp-block-column-is-layout-flow\" style=\"flex-basis:100%\"><div class=\"wp-block-image\">\n<figure class=\"alignleft size-full is-resized\"><img loading=\"lazy\" decoding=\"async\" width=\"1200\" height=\"800\" src=\"https:\/\/www.rdpemancipation.org\/wp-content\/uploads\/2025\/01\/5fb7827_sirius-fs-upload-1-6mmokyvtk499-1738145020469-anoukricarda-a-a-tima-douet.avif\" alt=\"\" class=\"wp-image-136704\" style=\"width:295px;height:auto\"\/><figcaption class=\"wp-element-caption\"><sup>Anouk Ricard&nbsp;: \u00ab&nbsp;J\u2019ai \u00e9norm\u00e9ment aim\u00e9 les \u201cPeanuts\u201d, de Charles Schulz, c\u2019est l\u2019\u0153uvre qui m\u2019a le plus influenc\u00e9e.&nbsp;\u00bb Photo Tim Douet<\/sup><\/figcaption><\/figure>\n<\/div><\/div>\n<\/div>\n\n\n\n<p class=\"has-text-color has-link-color wp-elements-19321da880ad791b096dbf0cb2c2074c\" style=\"color:#ac0000\"><strong>29 janvier<\/strong><\/p>\n\n\n\n<p><a href=\"https:\/\/www.humanite.fr\/culture-et-savoir\/ariane-ascaride\/la-pie-voleuse-de-robert-guedigian-retour-a-lestaque\" title=\"\">\u00ab&nbsp;La Pie voleuse&nbsp;\u00bb de Robert Gu\u00e9digian<\/a> (L&rsquo;Humanit\u00e9).<\/p>\n\n\n\n<p><a href=\"https:\/\/link.newsletter.franceculture.fr\/m\/ml\/7429\/923050\/9n60uzo5AmuaHcRwy57165n5hn2X9cGO_Cwa_dZfhGw=\/j7wlE3skiyVBYje01RWR4hqrZnOHm-TRAUzQt7rWX5U=\/\" target=\"_blank\" rel=\"noreferrer noopener\">\u00ab\u00a0Mamie Charge\u00a0\u00bb de Calais<\/a> (France Culture).<\/p>\n\n\n\n<p><a href=\"https:\/\/www.telerama.fr\/cinema\/les-sorties-cinema-de-la-semaine-un-parfait-inconnu-apprendre-la-pie-voleuse-7024101.php\" title=\"\">Les sorties cin\u00e9ma de la semaine<\/a> (T\u00e9l\u00e9rama).<\/p>\n\n\n\n<p><a href=\"https:\/\/laviedesidees.fr\/Rentrer-en-Palestine\" target=\"_blank\" rel=\"noreferrer noopener\">Rentrer en Palestine<\/a> (La Vie des id\u00e9es).<\/p>\n\n\n\n<p><a href=\"https:\/\/www.lemonde.fr\/culture\/article\/2025\/01\/28\/robert-guediguian-cineaste-tous-mes-films-sont-des-moments-communistes_6520493_3246.html\" title=\"\">Gu\u00e9diguian&nbsp;: \u00ab&nbsp;Mes films sont des \u201cmoments communistes\u201d&nbsp;\u00bb<\/a> (Le Monde).<\/p>\n\n\n\n<div class=\"wp-block-columns is-layout-flex wp-container-core-columns-is-layout-9d6595d7 wp-block-columns-is-layout-flex\">\n<div class=\"wp-block-column is-layout-flow wp-block-column-is-layout-flow\" style=\"flex-basis:100%\"><div class=\"wp-block-image\">\n<figure class=\"alignleft size-full is-resized\"><img loading=\"lazy\" decoding=\"async\" width=\"700\" height=\"875\" src=\"https:\/\/www.rdpemancipation.org\/wp-content\/uploads\/2025\/01\/fc92d7c_sirius-fs-upload-1-dsevllw0buqd-1737731263821-robert-guediguian-a-florence-behar-aboudaram.avif\" alt=\"\" class=\"wp-image-136673\" style=\"width:296px;height:auto\"\/><figcaption class=\"wp-element-caption\"><sup>Robert Gu\u00e9diguian, \u00e0 Marseille, le 5&nbsp;juin 2023. FLORENCE BEHAR ABOUDARAM<\/sup><\/figcaption><\/figure>\n<\/div><\/div>\n<\/div>\n\n\n\n<p class=\"has-text-color has-link-color wp-elements-d331e38341e8525dcb3368ad17a744a5\" style=\"color:#ab0000\"><strong>28 janvier<\/strong><\/p>\n\n\n\n<p><a href=\"https:\/\/link.newsletter.franceculture.fr\/m\/ml\/7429\/922835\/FgO23UK6aVO0USIcKLTxhKuqSdL8xYI9InwtVDpf0rI=\/na0LVdEQelWC1F9zBoTd3TQxhnb07Bi74MyjxYqJyWE=\/\" target=\"_blank\" rel=\"noreferrer noopener\">Quel futur pour le CERN<\/a> (France Culture).<\/p>\n\n\n\n<p><a href=\"https:\/\/www.nonfiction.fr\/article-12279-une-securite-sociale-de-lalimentation.htm\" title=\"\">Une s\u00e9curit\u00e9 sociale de l&rsquo;alimentation<\/a> (Nonfiction).<\/p>\n\n\n\n<p><a href=\"https:\/\/www.fabula.org\/actualites\/125225\/sartre-par-badiou.html\">Sartre par Badiou<\/a> (Fabula).<\/p>\n\n\n\n<p><a href=\"https:\/\/www.telerama.fr\/livre\/auschwitz-dix-livres-pour-comprendre-la-machine-d-extermination-nazie-et-ne-pas-oublier-l-horreur-7024078.php\" title=\"\">Auschwitz&nbsp;: dix livres pour comprendre<\/a> (T\u00e9l\u00e9rama).<\/p>\n\n\n\n<div class=\"wp-block-columns is-layout-flex wp-container-core-columns-is-layout-9d6595d7 wp-block-columns-is-layout-flex\">\n<div class=\"wp-block-column is-layout-flow wp-block-column-is-layout-flow\" style=\"flex-basis:100%\"><div class=\"wp-block-image\">\n<figure class=\"alignleft size-full is-resized\"><img loading=\"lazy\" decoding=\"async\" width=\"1200\" height=\"841\" src=\"https:\/\/www.rdpemancipation.org\/wp-content\/uploads\/2025\/01\/79449a0_sirius-fs-upload-1-7sgbhbketn4o-1737729314011-akg146495.avif\" alt=\"\" class=\"wp-image-136642\" style=\"width:291px;height:auto\"\/><figcaption class=\"wp-element-caption\"><sup>Groupe d\u2019enfants survivants \u00e0 Auschwitz, le 27&nbsp;janvier 1945, apr\u00e8s la lib\u00e9ration des camps par les troupes sovi\u00e9tiques. Photo akg-images<\/sup><\/figcaption><\/figure>\n<\/div><\/div>\n<\/div>\n\n\n\n<p class=\"has-text-color has-link-color wp-elements-902346e30a88b3344252a6208bf7263d\" style=\"color:#b30000\"><strong>27 janvier<\/strong><\/p>\n\n\n\n<p><a href=\"https:\/\/public-api.wordpress.com\/bar\/?stat=groovemails-events&amp;bin=wpcom_email_click&amp;redirect_to=https%3A%2F%2Fentreleslignesentrelesmots.wordpress.com%2F2025%2F01%2F26%2Fdes-enregistrements-en-2023-5%2F%3Fjetpack_skip_subscription_popup&amp;sr=0&amp;signature=9239dc96531c07ef91a967b23612ff49&amp;blog_id=12785448&amp;user=0ff88261f2c135c936be37d66e379a6f&amp;_e=eyJlcnJvciI6bnVsbCwiYmxvZ19pZCI6MTI3ODU0NDgsImJsb2dfbGFuZyI6ImZyLUZSIiwic2l0ZV9pZF9sYWJlbCI6IndwY29tIiwiaGFzX2ZlYXR1cmVkX2ltYWdlIjoiMCIsInN1YnNjcmliZXJfaWQiOiIzMDM5NzQ3NTMiLCJfdWkiOiIwZmY4ODI2MWYyYzEzNWM5MzZiZTM3ZDY2ZTM3OWE2ZiIsIl91dCI6ImFub24iLCJlbWFpbF9kb21haW4iOiJ5YWhvby5jb20iLCJwb3N0X2lkIjo4OTkxMSwidXNlcl9lbWFpbCI6ImNwcmV2b3N0OTFAeWFob28uY29tIiwiZGF0ZV9zZW50IjoiMjAyNS0wMS0yNiIsImVtYWlsX2lkIjoiODVjMWJhNDUyYjkwODI4NGU4ZjUyMDIwYmIxN2E2NDkiLCJlbWFpbF9uYW1lIjoibmV3LXBvc3QiLCJ0ZW1wbGF0ZSI6Im5ldy1wb3N0IiwibGlua19kZXNjIjoicG9zdC11cmwiLCJhbmNob3JfdGV4dCI6IkRlcyBlbnJlZ2lzdHJlbWVudHMgZW4gMjAyM1x1MDBhMCg1KSIsIl9kciI6bnVsbCwiX2RsIjoiXC93cC1jcm9uLnBocD9kb2luZ193cF9jcm9uPTE3Mzc5MDkwMDguNDUzNTg3MDU1MjA2Mjk4ODI4MTI1MCIsIl9lbiI6IndwY29tX2VtYWlsX2NsaWNrIiwiX3RzIjoxNzM3OTA5MDM2NzUwLCJicm93c2VyX3R5cGUiOiJwaHAtYWdlbnQiLCJfYXVhIjoid3Bjb20tdHJhY2tzLWNsaWVudC12MC4zIiwiX3VsIjpudWxsLCJibG9nX3R6IjoiMCIsInVzZXJfbGFuZyI6bnVsbH0&amp;_z=z\" target=\"_blank\" rel=\"noreferrer noopener\">Des enregistrements en 2023<\/a> (Entre les lignes entre les mots).<\/p>\n\n\n\n<p><a href=\"https:\/\/media.us17.list-manage.com\/track\/click?u=a9e666741775aaca3293321e6&amp;id=bd62356f87&amp;e=3fba764149\" target=\"_blank\" rel=\"noreferrer noopener\">L&rsquo;humble Italie<\/a> (AOC).<\/p>\n\n\n\n<p><a href=\"https:\/\/www.en-attendant-nadeau.fr\/2025\/01\/27\/lhistoire-est-une-maison-hantee-carcoma\/\" title=\"\">L\u2019histoire est une maison hant\u00e9e<\/a> (En attendant Nadeau).<\/p>\n\n\n\n<p><a href=\"https:\/\/www.lemonde.fr\/culture\/article\/2025\/01\/26\/auschwitz-birkenau-le-lieu-temoin-sur-france-culture-un-documentaire-pour-affronter-l-histoire_6517098_3246.html\" title=\"\">\u00ab&nbsp;Auschwitz-Birkenau, le lieu t\u00e9moin&nbsp;\u00bb, sur France Culture<\/a> (Le Monde).<\/p>\n\n\n\n<div class=\"wp-block-columns is-layout-flex wp-container-core-columns-is-layout-9d6595d7 wp-block-columns-is-layout-flex\">\n<div class=\"wp-block-column is-layout-flow wp-block-column-is-layout-flow\" style=\"flex-basis:100%\"><div class=\"wp-block-image\">\n<figure class=\"alignleft size-full is-resized\"><img loading=\"lazy\" decoding=\"async\" width=\"700\" height=\"533\" src=\"https:\/\/www.rdpemancipation.org\/wp-content\/uploads\/2025\/01\/66da3e1_sirius-fs-upload-1-5cvutzclkggz-1737699892603-000-app2000073139557-1.avif\" alt=\"\" class=\"wp-image-136604\" style=\"width:293px;height:auto\"\/><figcaption class=\"wp-element-caption\"><sup>Une photo prise en janvier 1945, repr\u00e9sentant la porte et les voies ferr\u00e9es du camp de concentration d\u2019Auschwitz apr\u00e8s sa d\u00e9couverte par les troupes sovi\u00e9tiques. YAD VASHEM\/AFP<\/sup><\/figcaption><\/figure>\n<\/div><\/div>\n<\/div>\n\n\n\n<p class=\"has-text-color has-link-color wp-elements-931c28cdaf0ed65ad3cbaaff776bed2e\" style=\"color:#b10000\"><strong>25 janvier<\/strong><\/p>\n\n\n\n<p><a href=\"https:\/\/www.lemonde.fr\/culture\/article\/2025\/01\/23\/la-mort-de-gabriel-yacoub-cofondateur-du-groupe-de-folk-francais-malicorne_6511730_3246.html\" title=\"\">La mort de Gabriel Yacoub, cofondateur de Malicorne<\/a> (Le Monde).<\/p>\n\n\n\n<p><a href=\"https:\/\/www.humanite.fr\/culture-et-savoir\/gerard-mordillat\/gerard-mordillat-la-fiction-a-toujours-un-coup-davance-sur-lhistoire\" title=\"\">Mordillat&nbsp;: \u00ab&nbsp;La fiction, un coup d&rsquo;avance sur l\u2019histoire&nbsp;\u00bb<\/a> (L&rsquo;Humanit\u00e9).<\/p>\n\n\n\n<p><a href=\"https:\/\/www.en-attendant-nadeau.fr\/2025\/01\/24\/splendeur-et-misere-de-l-interdisciplinarite\/\" title=\"\">Splendeur et mis\u00e8re de l\u2019interdisciplinarit\u00e9&nbsp;<\/a>(En attendant Nadeau).<\/p>\n\n\n\n<p><a href=\"https:\/\/link.newsletter.franceculture.fr\/m\/ml\/7429\/922260\/bII-U9N_R9xdEZkHl3e92PwWuDtfb5gDylVrXJwSQd0=\/NGWgMMqG2oxYUHMG46sKSM6Ok6oIVJsR\/\" target=\"_blank\" rel=\"noreferrer noopener\">Coupes budg\u00e9taires pour la culture<\/a> (France Culture).<\/p>\n\n\n\n<div class=\"wp-block-columns is-layout-flex wp-container-core-columns-is-layout-9d6595d7 wp-block-columns-is-layout-flex\">\n<div class=\"wp-block-column is-layout-flow wp-block-column-is-layout-flow\" style=\"flex-basis:100%\"><div class=\"wp-block-image\">\n<figure class=\"alignleft size-full is-resized\"><img data-recalc-dims=\"1\" loading=\"lazy\" decoding=\"async\" width=\"640\" height=\"340\" src=\"https:\/\/i0.wp.com\/www.rdpemancipation.org\/wp-content\/uploads\/2025\/01\/640x340_sc_000-36qz8em.jpg?resize=640%2C340&#038;ssl=1\" alt=\"\" class=\"wp-image-136569\" style=\"width:292px;height:auto\" srcset=\"https:\/\/i0.wp.com\/www.rdpemancipation.org\/wp-content\/uploads\/2025\/01\/640x340_sc_000-36qz8em.jpg?w=640&amp;ssl=1 640w, https:\/\/i0.wp.com\/www.rdpemancipation.org\/wp-content\/uploads\/2025\/01\/640x340_sc_000-36qz8em.jpg?resize=300%2C159&amp;ssl=1 300w\" sizes=\"auto, (max-width: 640px) 100vw, 640px\" \/><figcaption class=\"wp-element-caption\"><sup>Une manifestante contre les coupes dans la culture et le sport annonc\u00e9es par la pr\u00e9sidente de la r\u00e9gion des Pays de la Loire, \u00e0 Nantes le 20 d\u00e9cembre 2024. \u00a9AFP &#8211; Sebastien Salom-Gomis<\/sup><\/figcaption><\/figure>\n<\/div><\/div>\n<\/div>\n\n\n\n<p class=\"has-text-color has-link-color wp-elements-26754bf86996424de152afa32c00a279\" style=\"color:#ae0000\"><strong>24 janvier<\/strong><\/p>\n\n\n\n<p><a href=\"https:\/\/link.newsletter.franceculture.fr\/m\/ml\/7429\/922045\/GXzaE5bUdcZaDxaYEazTGDgTC-Y0HdkJIpQ46WLKPjE=\/Xqaj8bpMPusNPwoJoMCBdyHRVVDgE9O6GOoXVuEwFkw=\/\" target=\"_blank\" rel=\"noreferrer noopener\">Festival international du documentaire \u00e0 Biarritz<\/a> (France Culture).<\/p>\n\n\n\n<p><a href=\"https:\/\/www.telerama.fr\/cinema\/vingt-et-une-bonnes-raisons-d-aller-au-festival-cinema-telerama-2025-7023863.php\" title=\"\">21 bonnes raisons d\u2019aller au Festival cin\u00e9ma T\u00e9l\u00e9rama<\/a> (T\u00e9l\u00e9rama).<\/p>\n\n\n\n<p><a href=\"https:\/\/www.terrestres.org\/2025\/01\/22\/le-remembrement-agricole-cest-tout-un-monde-qui-est-bouleverse\/\" title=\"\">\u00ab&nbsp;Le remembrement, un monde boulevers\u00e9&nbsp;\u00bb<\/a> (Terrestre).<\/p>\n\n\n\n<p><a href=\"https:\/\/www.humanite.fr\/culture-et-savoir\/musique\/pierre-boulez-une-oeuvre-ouverte-sur-le-siecle\" title=\"\">Pierre Boulez, une \u0153uvre ouverte sur le si\u00e8cle<\/a> (L&rsquo;Humanit\u00e9).<\/p>\n\n\n\n<div class=\"wp-block-columns is-layout-flex wp-container-core-columns-is-layout-9d6595d7 wp-block-columns-is-layout-flex\">\n<div class=\"wp-block-column is-layout-flow wp-block-column-is-layout-flow\" style=\"flex-basis:100%\"><div class=\"wp-block-image\">\n<figure class=\"alignleft size-large is-resized\"><img data-recalc-dims=\"1\" loading=\"lazy\" decoding=\"async\" width=\"1024\" height=\"576\" src=\"https:\/\/i0.wp.com\/www.rdpemancipation.org\/wp-content\/uploads\/2025\/01\/Pierre-Boulez-edited-1024x576.webp?resize=1024%2C576&#038;ssl=1\" alt=\"\" class=\"wp-image-136545\" style=\"width:292px;height:auto\" srcset=\"https:\/\/i0.wp.com\/www.rdpemancipation.org\/wp-content\/uploads\/2025\/01\/Pierre-Boulez-edited.webp?resize=1024%2C576&amp;ssl=1 1024w, https:\/\/i0.wp.com\/www.rdpemancipation.org\/wp-content\/uploads\/2025\/01\/Pierre-Boulez-edited.webp?resize=300%2C169&amp;ssl=1 300w, https:\/\/i0.wp.com\/www.rdpemancipation.org\/wp-content\/uploads\/2025\/01\/Pierre-Boulez-edited.webp?resize=768%2C432&amp;ssl=1 768w, https:\/\/i0.wp.com\/www.rdpemancipation.org\/wp-content\/uploads\/2025\/01\/Pierre-Boulez-edited.webp?w=1500&amp;ssl=1 1500w\" sizes=\"auto, (max-width: 1024px) 100vw, 1024px\" \/><figcaption class=\"wp-element-caption\"><sup>Boulez aura plac\u00e9 son \u0153uvre sous la banni\u00e8re du \u00ab work in progress \u00bb, puisqu\u2019il la revisitera tout au long de sa vie, ajustant ses partitions en fonction des technologies et des attentes nouvelles. \u00a9 Harald Hoffmann<\/sup><\/figcaption><\/figure>\n<\/div><\/div>\n<\/div>\n\n\n\n<p class=\"has-text-color has-link-color wp-elements-33e77ec33a8927c6a9840c3e47efe9c8\" style=\"color:#b00000\"><strong>23 janvier<\/strong><\/p>\n\n\n\n<p><a href=\"https:\/\/public-api.wordpress.com\/bar\/?stat=groovemails-events&amp;bin=wpcom_email_click&amp;redirect_to=https%3A%2F%2Fentreleslignesentrelesmots.wordpress.com%2F2025%2F01%2F22%2Fvoyages-dans-le-temps-et-lespace-46%2F%3Fjetpack_skip_subscription_popup&amp;sr=0&amp;signature=5f20e3fedbff083f290a0f03d159bee0&amp;blog_id=12785448&amp;user=0ff88261f2c135c936be37d66e379a6f&amp;_e=eyJlcnJvciI6bnVsbCwiYmxvZ19pZCI6MTI3ODU0NDgsImJsb2dfbGFuZyI6ImZyLUZSIiwic2l0ZV9pZF9sYWJlbCI6IndwY29tIiwiaGFzX2ZlYXR1cmVkX2ltYWdlIjoiMCIsInN1YnNjcmliZXJfaWQiOiIzMDM5NzQ3NTMiLCJfdWkiOiIwZmY4ODI2MWYyYzEzNWM5MzZiZTM3ZDY2ZTM3OWE2ZiIsIl91dCI6ImFub24iLCJlbWFpbF9kb21haW4iOiJ5YWhvby5jb20iLCJwb3N0X2lkIjo4OTQ2OSwidXNlcl9lbWFpbCI6ImNwcmV2b3N0OTFAeWFob28uY29tIiwiZGF0ZV9zZW50IjoiMjAyNS0wMS0yMiIsImVtYWlsX2lkIjoiNjgxYTRmODM4OWUzMDAxMDMxOGJlODQyYTAwNTdlMTgiLCJlbWFpbF9uYW1lIjoibmV3LXBvc3QiLCJ0ZW1wbGF0ZSI6Im5ldy1wb3N0IiwibGlua19kZXNjIjoicG9zdC11cmwiLCJhbmNob3JfdGV4dCI6IlZveWFnZXMgZGFucyBsZSB0ZW1wcyBldCBsXHUyMDE5ZXNwYWNlXHUwMGEwKDQ2KSIsIl9kciI6bnVsbCwiX2RsIjoiXC93cC1jcm9uLnBocD9kb2luZ193cF9jcm9uPTE3Mzc1NjM0MTAuMTIwNTk5MDMxNDQ4MzY0MjU3ODEyNSIsIl9lbiI6IndwY29tX2VtYWlsX2NsaWNrIiwiX3RzIjoxNzM3NTYzNDQ1ODY4LCJicm93c2VyX3R5cGUiOiJwaHAtYWdlbnQiLCJfYXVhIjoid3Bjb20tdHJhY2tzLWNsaWVudC12MC4zIiwiX3VsIjpudWxsLCJibG9nX3R6IjoiMCIsInVzZXJfbGFuZyI6bnVsbH0&amp;_z=z\" target=\"_blank\" rel=\"noreferrer noopener\">Voyages dans le temps et l\u2019espace<\/a> (Entre les lignes entre les mots).<\/p>\n\n\n\n<p><a href=\"https:\/\/www.en-attendant-nadeau.fr\/2025\/01\/21\/un-cauchemar-totalitaire-edith-bruck\/\">Un cauchemar totalitaire<\/a> (En attendant Nadeau).<\/p>\n\n\n\n<p><a href=\"https:\/\/www.nonfiction.fr\/article-12246-etiquettes-raciales-et-labels-culturels-mis-en-question.htm\" title=\"\">\u00c9tiquettes raciales et labels culturels mis en question<\/a> (Nonfiction).<\/p>\n\n\n\n<p><a href=\"https:\/\/www.humanite.fr\/culture-et-savoir\/cinema-francais\/vincent-lindon-on-ne-parle-jamais-des-heros-du-quotidien\" title=\"\">Vincent Lindon&nbsp;: Les h\u00e9ros du quotidien<\/a>&nbsp;(L&rsquo;Humanit\u00e9).<\/p>\n\n\n\n<div class=\"wp-block-columns is-layout-flex wp-container-core-columns-is-layout-9d6595d7 wp-block-columns-is-layout-flex\">\n<div class=\"wp-block-column is-layout-flow wp-block-column-is-layout-flow\" style=\"flex-basis:100%\"><div class=\"wp-block-image\">\n<figure class=\"alignleft size-large is-resized\"><img data-recalc-dims=\"1\" loading=\"lazy\" decoding=\"async\" width=\"1024\" height=\"683\" src=\"https:\/\/i0.wp.com\/www.rdpemancipation.org\/wp-content\/uploads\/2025\/01\/RENCONTRE1_HD3Fran-1.webp?resize=1024%2C683&#038;ssl=1\" alt=\"\" class=\"wp-image-136507\" style=\"width:280px;height:auto\" srcset=\"https:\/\/i0.wp.com\/www.rdpemancipation.org\/wp-content\/uploads\/2025\/01\/RENCONTRE1_HD3Fran-1.webp?resize=1024%2C683&amp;ssl=1 1024w, https:\/\/i0.wp.com\/www.rdpemancipation.org\/wp-content\/uploads\/2025\/01\/RENCONTRE1_HD3Fran-1.webp?resize=300%2C200&amp;ssl=1 300w, https:\/\/i0.wp.com\/www.rdpemancipation.org\/wp-content\/uploads\/2025\/01\/RENCONTRE1_HD3Fran-1.webp?resize=768%2C512&amp;ssl=1 768w, https:\/\/i0.wp.com\/www.rdpemancipation.org\/wp-content\/uploads\/2025\/01\/RENCONTRE1_HD3Fran-1.webp?w=1200&amp;ssl=1 1200w\" sizes=\"auto, (max-width: 1024px) 100vw, 1024px\" \/><figcaption class=\"wp-element-caption\"><sub>\u00ab Quand je lis un sc\u00e9nario, en plus de chercher une bonne histoire et d\u2019aimer le personnage, une petite t\u00eate chercheuse en moi doit v\u00e9rifier s\u2019il y a le coefficient soci\u00e9tal ou politique minimum pour que j\u2019accepte le r\u00f4le \u00bb, explique Vincent Lindon. \u00a9 Julien Jaulin\/hanslucas<\/sub><\/figcaption><\/figure>\n<\/div><\/div>\n<\/div>\n\n\n\n<p class=\"has-text-color has-link-color wp-elements-281f08843a2b9ee26dd954059a44dbd8\" style=\"color:#aa0000\"><strong>22 janvier<\/strong><\/p>\n\n\n\n<p><a href=\"https:\/\/www.nonfiction.fr\/article-12267-la-resistance-par-les-documents.htm\">La R\u00e9sistance par les documents<\/a> (Nonfiction).<\/p>\n\n\n\n<p><a href=\"https:\/\/www.telerama.fr\/cinema\/les-sorties-cinema-de-la-semaine-better-man-la-voyageuse-jane-austen-a-gache-ma-vie-7023993.php\" title=\"\">Les sorties cin\u00e9ma de la semaine<\/a> (T\u00e9l\u00e9rama).<\/p>\n\n\n\n<p><a href=\"https:\/\/www.en-attendant-nadeau.fr\/2025\/01\/21\/freres-dexil-le-chemin-barre\/\" title=\"\">Fr\u00e8res d\u2019exil<\/a> (En attendant Nadeau).<\/p>\n\n\n\n<p><a href=\"https:\/\/link.newsletter.franceculture.fr\/m\/ml\/7429\/921621\/wGQvIP9_Mfo8Yjysw8Dy95n5hn2X9cGO_Cwa_dZfhGw=\/npbbIKImjnd5-xy07HX2rpEDCwIvk6JdAwha4+KNlcI=\/\" target=\"_blank\" rel=\"noreferrer noopener\">\u00ab\u00a0La Cit\u00e9 aux murs incertains\u00a0\u00bb d&rsquo;Haruki Murakami<\/a> (France Culture).<\/p>\n\n\n\n<div class=\"wp-block-columns is-layout-flex wp-container-core-columns-is-layout-9d6595d7 wp-block-columns-is-layout-flex\">\n<div class=\"wp-block-column is-layout-flow wp-block-column-is-layout-flow\" style=\"flex-basis:100%\"><div class=\"wp-block-image\">\n<figure class=\"alignleft size-full is-resized\"><img data-recalc-dims=\"1\" loading=\"lazy\" decoding=\"async\" width=\"640\" height=\"340\" src=\"https:\/\/i0.wp.com\/www.rdpemancipation.org\/wp-content\/uploads\/2025\/01\/640x340_sc_000-34zr39n.jpg?resize=640%2C340&#038;ssl=1\" alt=\"\" class=\"wp-image-136488\" style=\"width:292px;height:auto\" srcset=\"https:\/\/i0.wp.com\/www.rdpemancipation.org\/wp-content\/uploads\/2025\/01\/640x340_sc_000-34zr39n.jpg?w=640&amp;ssl=1 640w, https:\/\/i0.wp.com\/www.rdpemancipation.org\/wp-content\/uploads\/2025\/01\/640x340_sc_000-34zr39n.jpg?resize=300%2C159&amp;ssl=1 300w\" sizes=\"auto, (max-width: 640px) 100vw, 640px\" \/><figcaption class=\"wp-element-caption\"><sup>Haruki Murakami en 2024 \u00e0 Tokyo \u00a9AFP &#8211; \u00a9 Richard A. Brooks<\/sup><\/figcaption><\/figure>\n<\/div><\/div>\n<\/div>\n\n\n\n<p class=\"has-text-color has-link-color wp-elements-737747741c74b198a35904d8fdded16a\" style=\"color:#b00000\"><strong>21 janvier<\/strong><\/p>\n\n\n\n<p><a href=\"https:\/\/www.en-attendant-nadeau.fr\/2025\/01\/21\/quel-avenir-nous-prepare-lintelligence-artificielle-yuval-noah-harari\/\" title=\"\">Quel avenir avec l\u2019intelligence artificielle&nbsp;?<\/a> (En attendant Nadeau).<\/p>\n\n\n\n<p><a href=\"https:\/\/www.liberation.fr\/culture\/livres\/2025-sous-le-feu-de-118-poetes-20250120_2UHLMY7WX5BFFAEIAEYE7J5UUM\/\" title=\"\">2025 sous le feu de 118 po\u00e8tes<\/a> (Lib\u00e9ration).<\/p>\n\n\n\n<p><a href=\"https:\/\/www.blast-info.fr\/articles\/2025\/la-seconde-vie-de-dupont-lajoie-50-ans-raciste-et-toujours-aussi-con-AAg3J8h8SrG_ApuvbIWMqw\" title=\"\">Dupont Lajoie, 50 ans, raciste et toujours aussi con<\/a> (Blast).<\/p>\n\n\n\n<p><a href=\"https:\/\/www.telerama.fr\/cinema\/hommage-a-lynch-sa-serie-culte-twin-peaks-et-sept-films-hallucinants-a-re-voir-sur-les-plateformes-7023947.php\" title=\"\">David Lynch&nbsp;: sa s\u00e9rie culte et sept films hallucinants \u00e0 (re)voir<\/a> (T\u00e9l\u00e9rama).<\/p>\n\n\n\n<p><a href=\"https:\/\/www.humanite.fr\/culture-et-savoir\/christian-boltanski\/le-theatre-dombres-de-christian-boltanski\" title=\"\">Le th\u00e9\u00e2tre d\u2019ombres de Christian Boltanski<\/a> (L&rsquo;Humanit\u00e9).<\/p>\n\n\n\n<div class=\"wp-block-columns is-layout-flex wp-container-core-columns-is-layout-9d6595d7 wp-block-columns-is-layout-flex\">\n<div class=\"wp-block-column is-layout-flow wp-block-column-is-layout-flow\" style=\"flex-basis:100%\"><div class=\"wp-block-image\">\n<figure class=\"alignleft size-large is-resized\"><img data-recalc-dims=\"1\" loading=\"lazy\" decoding=\"async\" width=\"1024\" height=\"683\" src=\"https:\/\/i0.wp.com\/www.rdpemancipation.org\/wp-content\/uploads\/2025\/01\/p20-boltanski-les-bougies_M-2.webp?resize=1024%2C683&#038;ssl=1\" alt=\"\" class=\"wp-image-136457\" style=\"width:291px;height:auto\" srcset=\"https:\/\/i0.wp.com\/www.rdpemancipation.org\/wp-content\/uploads\/2025\/01\/p20-boltanski-les-bougies_M-2.webp?resize=1024%2C683&amp;ssl=1 1024w, https:\/\/i0.wp.com\/www.rdpemancipation.org\/wp-content\/uploads\/2025\/01\/p20-boltanski-les-bougies_M-2.webp?resize=300%2C200&amp;ssl=1 300w, https:\/\/i0.wp.com\/www.rdpemancipation.org\/wp-content\/uploads\/2025\/01\/p20-boltanski-les-bougies_M-2.webp?resize=768%2C512&amp;ssl=1 768w, https:\/\/i0.wp.com\/www.rdpemancipation.org\/wp-content\/uploads\/2025\/01\/p20-boltanski-les-bougies_M-2.webp?w=1200&amp;ssl=1 1200w\" sizes=\"auto, (max-width: 1024px) 100vw, 1024px\" \/><figcaption class=\"wp-element-caption\"><sup>Les bougies de Christian Boltanski au Transfo d\u2019Emma\u00fcs Solidarit\u00e9. \u00a9 Marc Domage<\/sup><\/figcaption><\/figure>\n<\/div><\/div>\n<\/div>\n\n\n\n<p class=\"has-text-color has-link-color wp-elements-76a60441f835a9e92bf0f17ce35064c2\" style=\"color:#b00000\"><strong>20 janvier<\/strong><\/p>\n\n\n\n<p><a href=\"https:\/\/public-api.wordpress.com\/bar\/?stat=groovemails-events&amp;bin=wpcom_email_click&amp;redirect_to=https%3A%2F%2Fentreleslignesentrelesmots.wordpress.com%2F2025%2F01%2F19%2Ftrio-batterie-contrebasse-et-piano-26%2F%3Fjetpack_skip_subscription_popup&amp;sr=0&amp;signature=858b8e36e84c765814d46c3e35f6564b&amp;blog_id=12785448&amp;user=0ff88261f2c135c936be37d66e379a6f&amp;_e=eyJlcnJvciI6bnVsbCwiYmxvZ19pZCI6MTI3ODU0NDgsImJsb2dfbGFuZyI6ImZyLUZSIiwic2l0ZV9pZF9sYWJlbCI6IndwY29tIiwiaGFzX2ZlYXR1cmVkX2ltYWdlIjoiMCIsInN1YnNjcmliZXJfaWQiOiIzMDM5NzQ3NTMiLCJfdWkiOiIwZmY4ODI2MWYyYzEzNWM5MzZiZTM3ZDY2ZTM3OWE2ZiIsIl91dCI6ImFub24iLCJlbWFpbF9kb21haW4iOiJ5YWhvby5jb20iLCJwb3N0X2lkIjo4OTA0NiwidXNlcl9lbWFpbCI6ImNwcmV2b3N0OTFAeWFob28uY29tIiwiZGF0ZV9zZW50IjoiMjAyNS0wMS0xOSIsImVtYWlsX2lkIjoiMDc4NGQ2NzJmOGMxNTY1MDMzOTlhM2FkNTMwNmQ1ZGIiLCJlbWFpbF9uYW1lIjoibmV3LXBvc3QiLCJ0ZW1wbGF0ZSI6Im5ldy1wb3N0IiwibGlua19kZXNjIjoicG9zdC11cmwiLCJhbmNob3JfdGV4dCI6IlRyaW9cdTAwYTA6IGJhdHRlcmllLCBjb250cmViYXNzZSBldCBwaWFub1x1MDBhMCgyNikiLCJfZHIiOm51bGwsIl9kbCI6Ilwvd3AtY3Jvbi5waHA\/ZG9pbmdfd3BfY3Jvbj0xNzM3MzA0MjA2LjkxNTUxMzAzODYzNTI1MzkwNjI1MDAiLCJfZW4iOiJ3cGNvbV9lbWFpbF9jbGljayIsIl90cyI6MTczNzMwNDIzODU1NCwiYnJvd3Nlcl90eXBlIjoicGhwLWFnZW50IiwiX2F1YSI6IndwY29tLXRyYWNrcy1jbGllbnQtdjAuMyIsIl91bCI6bnVsbCwiYmxvZ190eiI6IjAiLCJ1c2VyX2xhbmciOm51bGx9&amp;_z=z\" target=\"_blank\" rel=\"noreferrer noopener\">Trio&nbsp;: batterie, contrebasse et piano<\/a>(Entre les lignes entre les mots).<\/p>\n\n\n\n<p><a href=\"https:\/\/www.fabula.org\/actualites\/125139\/l-experience-esthetique-15-01.html\">Le partage de l&rsquo;art<\/a> (Fabula).<\/p>\n\n\n\n<p><a href=\"https:\/\/www.nonfiction.fr\/article-12271-faire-monde-commun-la-mission-des-sciences-humaines-et-sociales.htm\">Faire monde commun : sciences humaines et sociales<\/a> (Nonfiction).<\/p>\n\n\n\n<p><a href=\"https:\/\/www.contretemps.eu\/retour-condition-ouvriere-retraitee\/\" title=\"\">Retour sur la condition ouvri\u00e8re retrait\u00e9e<\/a> (Contretemps).<\/p>\n\n\n\n<p><a href=\"https:\/\/www.lemonde.fr\/culture\/article\/2025\/01\/19\/au-centre-pompidou-suzanne-valadon-trouve-sa-juste-place-dans-l-art-de-son-temps_6505105_3246.html\" title=\"\">Centre Pompidou, Suzanne Valadon<\/a> (Le Monde).<\/p>\n\n\n\n<div class=\"wp-block-columns is-layout-flex wp-container-core-columns-is-layout-9d6595d7 wp-block-columns-is-layout-flex\">\n<div class=\"wp-block-column is-layout-flow wp-block-column-is-layout-flow\" style=\"flex-basis:100%\"><div class=\"wp-block-image\">\n<figure class=\"alignleft size-full is-resized\"><img loading=\"lazy\" decoding=\"async\" width=\"700\" height=\"442\" src=\"https:\/\/www.rdpemancipation.org\/wp-content\/uploads\/2025\/01\/ace9bfe_sirius-fs-upload-1-silenzergupg-1737022610831-valadon-joie-de-vivre-1911.avif\" alt=\"\" class=\"wp-image-136423\" style=\"width:286px;height:auto\"\/><figcaption class=\"wp-element-caption\"><sup>\u00ab&nbsp;La Joie de vivre&nbsp;\u00bb (1911), de Suzanne Valadon. METROPOLITAN MUSEUM OF ART\/RMN-GRAND PALAIS<\/sup><\/figcaption><\/figure>\n<\/div><\/div>\n<\/div>\n\n\n\n<p class=\"has-text-color has-link-color wp-elements-d7be8257848fa0030a00f469eb1f5418\" style=\"color:#aa0000\"><strong>18 janvier<\/strong><\/p>\n\n\n\n<p><a href=\"https:\/\/www.liberation.fr\/culture\/livres\/top-des-ventes-de-livres-echenoz-springora-et-murakami-en-haut-de-laffiche-20250117_S7XRMN5RURBCZN2YVFABFFND5U\/\" title=\"\">Top des ventes de livres&nbsp;: Echenoz, Springora et Murakami<\/a> (Lib\u00e9ration).<\/p>\n\n\n\n<p><a href=\"https:\/\/www.telerama.fr\/livre\/livres-de-poche-les-meilleurs-romans-et-essais-de-janvier-2025-3159-7023805.php\" title=\"\">Poche&nbsp;: les meilleurs romans et essais de janvier 2025<\/a> (T\u00e9l\u00e9rama).<\/p>\n\n\n\n<p><a href=\"https:\/\/link.newsletter.franceculture.fr\/m\/ml\/7429\/920081\/yx_-ORoKda6d-jbXlR3Do2JPPXPtvEVyTzl8uuK1Pr8=\/hFABG4LPkwRVSeS0cP0vv18IYWHjJAWq1UL86Lr7C-k=\/\" target=\"_blank\" rel=\"noreferrer noopener\">Deleuze, notre contemporain<\/a> (France Culture).<\/p>\n\n\n\n<p><a href=\"https:\/\/www.lemonde.fr\/livres\/article\/2025\/01\/18\/pierre-lemaitre-j-aime-m-installer-dans-le-temps-long_6503640_3260.html\" title=\"\">Pierre Lemaitre&nbsp;: \u00ab&nbsp;J\u2019aime m\u2019installer dans le temps long&nbsp;\u00bb<\/a> (Le Monde).<\/p>\n\n\n\n<div class=\"wp-block-columns is-layout-flex wp-container-core-columns-is-layout-9d6595d7 wp-block-columns-is-layout-flex\">\n<div class=\"wp-block-column is-layout-flow wp-block-column-is-layout-flow\" style=\"flex-basis:100%\"><div class=\"wp-block-image\">\n<figure class=\"alignleft size-full is-resized\"><img loading=\"lazy\" decoding=\"async\" width=\"700\" height=\"525\" src=\"https:\/\/www.rdpemancipation.org\/wp-content\/uploads\/2025\/01\/3e32417_sirius-fs-upload-1-8qiaiwk2m7vp-1736934583147-pierre-lemaitre-copyright-bruno-levy-octore-24-5.avif\" alt=\"\" class=\"wp-image-136363\" style=\"width:287px;height:auto\"\/><figcaption class=\"wp-element-caption\"><sup>L\u2019\u00e9crivain Pierre Lemaitre, \u00e0 Bruges (Gironde), en 2024. BRUNO L\u00c9VY<\/sup><\/figcaption><\/figure>\n<\/div><\/div>\n<\/div>\n\n\n\n<p class=\"has-text-color has-link-color wp-elements-9e5c567fbe95c5f352e578a8c087803d\" style=\"color:#b30000\"><strong>17 janvier<\/strong><\/p>\n\n\n\n<p><a href=\"https:\/\/www.nonfiction.fr\/article-12263-lhistoire-du-siege-de-leningrad-par-ses-habitants.htm\">L\u2019histoire du si\u00e8ge de Leningrad par ses habitants<\/a> (Nonfiction).<\/p>\n\n\n\n<p><a href=\"https:\/\/www.terrestres.org\/2025\/01\/16\/lutopie-capitaliste-conference-publique\/\" title=\"\">L\u2019utopie capitaliste \u00b7 Conf\u00e9rence publique<\/a> (Terrestres).<\/p>\n\n\n\n<p><a href=\"https:\/\/link.newsletter.franceculture.fr\/m\/ml\/7429\/920081\/yx_-ORoKda6d-jbXlR3Do2JPPXPtvEVyTzl8uuK1Pr8=\/hFABG4LPkwRVSeS0cP0vv197h8ddOZsd\/\" title=\"\">Le philosophe \u00ab\u00a0qui faisait trembler la langue\u00a0\u00bb<\/a> (France Culture).<\/p>\n\n\n\n<p><a href=\"https:\/\/www.telerama.fr\/cinema\/david-lynch-realisateur-de-mulholland-drive-ou-lost-highway-geant-du-cinema-americain-est-mort-7023912.php\" title=\"\">Mort de David Lynch<\/a> (T\u00e9l\u00e9rama).<\/p>\n\n\n\n<div class=\"wp-block-columns is-layout-flex wp-container-core-columns-is-layout-9d6595d7 wp-block-columns-is-layout-flex\">\n<div class=\"wp-block-column is-layout-flow wp-block-column-is-layout-flow\" style=\"flex-basis:100%\"><div class=\"wp-block-image\">\n<figure class=\"alignleft size-full is-resized\"><img loading=\"lazy\" decoding=\"async\" width=\"1200\" height=\"1182\" src=\"https:\/\/www.rdpemancipation.org\/wp-content\/uploads\/2025\/01\/3f5a875_1722957784390-duma13372-2006cl02.avif\" alt=\"\" class=\"wp-image-136350\" style=\"width:291px;height:auto\"\/><figcaption class=\"wp-element-caption\"><sup>David Lynch, \u00e0 Paris en 2006. Photo Richard Dumas\/Agence VU<\/sup><\/figcaption><\/figure>\n<\/div><\/div>\n<\/div>\n\n\n\n<div class=\"wp-block-columns is-layout-flex wp-container-core-columns-is-layout-9d6595d7 wp-block-columns-is-layout-flex\">\n<div class=\"wp-block-column is-layout-flow wp-block-column-is-layout-flow\" style=\"flex-basis:100%\"><\/div>\n<\/div>\n\n\n\n<p class=\"has-text-color has-link-color wp-elements-b9471c34e2f976eb8c5ffa8b8d50691d\" style=\"color:#ac0000\"><strong>16 janvier<\/strong><\/p>\n\n\n\n<p><a href=\"https:\/\/laviedesidees.fr\/Bergson-inedit\" target=\"_blank\" rel=\"noreferrer noopener\">Bergson in\u00e9dit<\/a> (La Vie des id\u00e9es).<\/p>\n\n\n\n<p><a href=\"https:\/\/www.telerama.fr\/radio\/le-pop-club-allo-macha-france-culture-raconte-nos-annees-radio-de-nuit-7023860.php\" title=\"\">France Culture raconte \u201cnos ann\u00e9es radio de nuit\u201d<\/a> (T\u00e9l\u00e9rama).<\/p>\n\n\n\n<p><a href=\"https:\/\/public-api.wordpress.com\/bar\/?stat=groovemails-events&amp;bin=wpcom_email_click&amp;redirect_to=https%3A%2F%2Fentreleslignesentrelesmots.wordpress.com%2F2025%2F01%2F15%2Fabcdaire-necessairement-partiel-50%2F%3Fjetpack_skip_subscription_popup&amp;sr=0&amp;signature=cddaf40827ea917ab8c81824503ed5e6&amp;blog_id=12785448&amp;user=0ff88261f2c135c936be37d66e379a6f&amp;_e=eyJlcnJvciI6bnVsbCwiYmxvZ19pZCI6MTI3ODU0NDgsImJsb2dfbGFuZyI6ImZyLUZSIiwic2l0ZV9pZF9sYWJlbCI6IndwY29tIiwiaGFzX2ZlYXR1cmVkX2ltYWdlIjoiMCIsInN1YnNjcmliZXJfaWQiOiIzMDM5NzQ3NTMiLCJfdWkiOiIwZmY4ODI2MWYyYzEzNWM5MzZiZTM3ZDY2ZTM3OWE2ZiIsIl91dCI6ImFub24iLCJlbWFpbF9kb21haW4iOiJ5YWhvby5jb20iLCJwb3N0X2lkIjo4ODk2MiwidXNlcl9lbWFpbCI6ImNwcmV2b3N0OTFAeWFob28uY29tIiwiZGF0ZV9zZW50IjoiMjAyNS0wMS0xNSIsImVtYWlsX2lkIjoiOThjMDU0YmM1NmRhY2Y0YjQxNTY4M2ExYmMyMGIxMWMiLCJlbWFpbF9uYW1lIjoibmV3LXBvc3QiLCJ0ZW1wbGF0ZSI6Im5ldy1wb3N0IiwibGlua19kZXNjIjoicG9zdC11cmwiLCJhbmNob3JfdGV4dCI6IkFCQ0RhaXJlIG5cdTAwZTljZXNzYWlyZW1lbnQgcGFydGllbFx1MDBhMCg1MCkiLCJfZHIiOm51bGwsIl9kbCI6Ilwvd3AtY3Jvbi5waHA\/ZG9pbmdfd3BfY3Jvbj0xNzM2OTU4Njc2LjI2MDQ4NTg4NzUyNzQ2NTgyMDMxMjUiLCJfZW4iOiJ3cGNvbV9lbWFpbF9jbGljayIsIl90cyI6MTczNjk1ODcxNjQyMSwiYnJvd3Nlcl90eXBlIjoicGhwLWFnZW50IiwiX2F1YSI6IndwY29tLXRyYWNrcy1jbGllbnQtdjAuMyIsIl91bCI6bnVsbCwiYmxvZ190eiI6IjAiLCJ1c2VyX2xhbmciOm51bGx9&amp;_z=z\" target=\"_blank\" rel=\"noreferrer noopener\">ABCDaire n\u00e9cessairement partiel&nbsp;<\/a>(Entre les lignes entre les mots).<\/p>\n\n\n\n<p><a href=\"https:\/\/link.newsletter.franceculture.fr\/m\/ml\/7429\/919861\/2aK4Lw0GLPvVJhNRmJd08poxLEgQMcRHu_2HL7RLw2g=\/dlgoC1Me-C3rCJmZbnCbMv8F1IHlN4ysSE55Y8UhWbE=\/\" title=\"\">Gis\u00e8le Halimi. Changer la soci\u00e9t\u00e9<\/a> (France Culture).<\/p>\n\n\n\n<div class=\"wp-block-columns is-layout-flex wp-container-core-columns-is-layout-9d6595d7 wp-block-columns-is-layout-flex\">\n<div class=\"wp-block-column is-layout-flow wp-block-column-is-layout-flow\" style=\"flex-basis:100%\"><div class=\"wp-block-image\">\n<figure class=\"alignleft size-full is-resized\"><img data-recalc-dims=\"1\" loading=\"lazy\" decoding=\"async\" width=\"640\" height=\"340\" src=\"https:\/\/i0.wp.com\/www.rdpemancipation.org\/wp-content\/uploads\/2025\/01\/640x340_sc_gettyimages-612546328.jpg?resize=640%2C340&#038;ssl=1\" alt=\"\" class=\"wp-image-136331\" style=\"width:293px;height:auto\" srcset=\"https:\/\/i0.wp.com\/www.rdpemancipation.org\/wp-content\/uploads\/2025\/01\/640x340_sc_gettyimages-612546328.jpg?w=640&amp;ssl=1 640w, https:\/\/i0.wp.com\/www.rdpemancipation.org\/wp-content\/uploads\/2025\/01\/640x340_sc_gettyimages-612546328.jpg?resize=300%2C159&amp;ssl=1 300w\" sizes=\"auto, (max-width: 640px) 100vw, 640px\" \/><figcaption class=\"wp-element-caption\"><sup>Gis\u00e8le Halimi, Marie-Claire Chevalier et Mich\u00e8le Chevalier, Bobigny, 1972. \u00a9Getty &#8211; Michel Artault<\/sup><\/figcaption><\/figure>\n<\/div><\/div>\n<\/div>\n\n\n\n<p class=\"has-text-color has-link-color wp-elements-b13329fb79e9cd905bc6e38311d2b777\" style=\"color:#af0000\"><strong>15 janvier<\/strong><\/p>\n\n\n\n<p><a href=\"https:\/\/link.newsletter.franceculture.fr\/m\/ml\/7429\/920173\/SB0iKyBdBCTQuuujVWv3e5n5hn2X9cGO_Cwa_dZfhGw=\/UzNs-RFzRBIsKQbUEzhGz6bJhEPO8h1HQNNImX29Vqw=\/\" target=\"_blank\" rel=\"noreferrer noopener\">\u00a0\u00bb&nbsp;Par les villages\u00a0\u00bb de Peter Handke<\/a> (France Culture).<\/p>\n\n\n\n<p><a href=\"https:\/\/laviedesidees.fr\/Un-siecle-deleuzien-1925-2025\" target=\"_blank\" rel=\"noreferrer noopener\">Un si\u00e8cle deleuzien (1925-2025)<\/a> (La Vie des id\u00e9es).<\/p>\n\n\n\n<p><a href=\"https:\/\/www.telerama.fr\/cinema\/les-sorties-cinema-de-la-semaine-memoires-d-un-escargot-babygirl-le-quatrieme-mur-7023874.php\" title=\"\">Les sorties cin\u00e9ma de la semaine<\/a> (T\u00e9l\u00e9rama).<\/p>\n\n\n\n<p><a href=\"https:\/\/www.en-attendant-nadeau.fr\/2025\/01\/14\/adieu-a-2024-avec-ou-sans-le-sourire-pulixi-connelly-pariente-mcilvanney\/\" title=\"\">Avec ou sans le sourire<\/a> (En attendant Nadeau).<\/p>\n\n\n\n<p class=\"has-base-3-color has-text-color has-link-color wp-elements-6fd0f21400364dda7d3ce84a0d6f65e4\">.<\/p>\n\n\n\n<p class=\"has-text-color has-link-color wp-elements-1a08dc4a4ca089e9960207b0cbbe367e\" style=\"color:#af0000\"><strong>14 janvier<\/strong><\/p>\n\n\n\n<p><a href=\"https:\/\/www.telerama.fr\/arts-expositions\/incendies-a-los-angeles-quels-sont-les-lieux-culturels-importants-touches-7023814.php\" title=\"\">Los Angeles&nbsp;: les lieux culturels importants touch\u00e9s<\/a> (T\u00e9l\u00e9rama).<\/p>\n\n\n\n<p><a href=\"https:\/\/www.fabula.org\/actualites\/124865\/jean-rolin-02-01.html\">Jean Rolin sans effroi<\/a> (Fabula).<\/p>\n\n\n\n<p><a href=\"https:\/\/link.newsletter.franceculture.fr\/m\/ml\/7429\/919956\/PuYevGRyPRiwGi7Uw8hJbkBbOnNDRL2hn3YRWM9BNx4=\/ttqI7NaY568oUek6K4PeNl6Fqv8QNQoEDt1bUBzO390=\/\" target=\"_blank\" rel=\"noreferrer noopener\">Apr\u00e8s les camps, accueillir les d\u00e9port\u00e9s<\/a> (France Culture).<\/p>\n\n\n\n<p><a href=\"https:\/\/www.humanite.fr\/culture-et-savoir\/christian-laval\/et-si-marx-avait-ete-en-amerique-une-uchronie-savante-et-stimulante-de-christian-laval\" title=\"\">\u00ab&nbsp;Et si Marx avait \u00e9t\u00e9 en Am\u00e9rique&nbsp;\u00bb de Christian Laval<\/a> (L&rsquo;Humanit\u00e9).<\/p>\n\n\n\n<div class=\"wp-block-columns is-layout-flex wp-container-core-columns-is-layout-9d6595d7 wp-block-columns-is-layout-flex\">\n<div class=\"wp-block-column is-layout-flow wp-block-column-is-layout-flow\" style=\"flex-basis:100%\"><div class=\"wp-block-image\">\n<figure class=\"alignleft size-large is-resized\"><img data-recalc-dims=\"1\" loading=\"lazy\" decoding=\"async\" width=\"1024\" height=\"683\" src=\"https:\/\/i0.wp.com\/www.rdpemancipation.org\/wp-content\/uploads\/2025\/01\/culture1_HD1SpC.webp?resize=1024%2C683&#038;ssl=1\" alt=\"\" class=\"wp-image-136266\" style=\"width:286px;height:auto\" srcset=\"https:\/\/i0.wp.com\/www.rdpemancipation.org\/wp-content\/uploads\/2025\/01\/culture1_HD1SpC.webp?resize=1024%2C683&amp;ssl=1 1024w, https:\/\/i0.wp.com\/www.rdpemancipation.org\/wp-content\/uploads\/2025\/01\/culture1_HD1SpC.webp?resize=300%2C200&amp;ssl=1 300w, https:\/\/i0.wp.com\/www.rdpemancipation.org\/wp-content\/uploads\/2025\/01\/culture1_HD1SpC.webp?resize=768%2C512&amp;ssl=1 768w, https:\/\/i0.wp.com\/www.rdpemancipation.org\/wp-content\/uploads\/2025\/01\/culture1_HD1SpC.webp?w=1200&amp;ssl=1 1200w\" sizes=\"auto, (max-width: 1024px) 100vw, 1024px\" \/><figcaption class=\"wp-element-caption\"><sup>Portrait de Christian Laval sociologue<\/sup><\/figcaption><\/figure>\n<\/div><\/div>\n<\/div>\n\n\n\n<p class=\"has-text-color has-link-color wp-elements-1d0df0f904a8b3448f6d6c3b3d0536de\" style=\"color:#b20000\"><strong>13 janvier<\/strong><\/p>\n\n\n\n<p><a href=\"https:\/\/public-api.wordpress.com\/bar\/?stat=groovemails-events&amp;bin=wpcom_email_click&amp;redirect_to=https%3A%2F%2Fentreleslignesentrelesmots.wordpress.com%2F2025%2F01%2F12%2Ftrio-sans-piano-26%2F%3Fjetpack_skip_subscription_popup&amp;sr=0&amp;signature=ba0c4f6621483ffcc933ea47ad225279&amp;blog_id=12785448&amp;user=0ff88261f2c135c936be37d66e379a6f&amp;_e=eyJlcnJvciI6bnVsbCwiYmxvZ19pZCI6MTI3ODU0NDgsImJsb2dfbGFuZyI6ImZyLUZSIiwic2l0ZV9pZF9sYWJlbCI6IndwY29tIiwiaGFzX2ZlYXR1cmVkX2ltYWdlIjoiMCIsInN1YnNjcmliZXJfaWQiOiIzMDM5NzQ3NTMiLCJfdWkiOiIwZmY4ODI2MWYyYzEzNWM5MzZiZTM3ZDY2ZTM3OWE2ZiIsIl91dCI6ImFub24iLCJlbWFpbF9kb21haW4iOiJ5YWhvby5jb20iLCJwb3N0X2lkIjo4ODc4OCwidXNlcl9lbWFpbCI6ImNwcmV2b3N0OTFAeWFob28uY29tIiwiZGF0ZV9zZW50IjoiMjAyNS0wMS0xMiIsImVtYWlsX2lkIjoiZDdkMGMzMGMwY2IzMDM1Zjk2NDc4MDkxNmFmYTNlNDIiLCJlbWFpbF9uYW1lIjoibmV3LXBvc3QiLCJ0ZW1wbGF0ZSI6Im5ldy1wb3N0IiwibGlua19kZXNjIjoicG9zdC11cmwiLCJhbmNob3JfdGV4dCI6IlRyaW9cdTAwYTA6IHNhbnMgcGlhbm9cdTAwYTAoMjYpIiwiX2RyIjpudWxsLCJfZGwiOiJcL3dwLWNyb24ucGhwP2RvaW5nX3dwX2Nyb249MTczNjY5OTQ0NS4yMTY4NTE5NDk2OTE3NzI0NjA5Mzc1IiwiX2VuIjoid3Bjb21fZW1haWxfY2xpY2siLCJfdHMiOjE3MzY2OTk0Njk4NDQsImJyb3dzZXJfdHlwZSI6InBocC1hZ2VudCIsIl9hdWEiOiJ3cGNvbS10cmFja3MtY2xpZW50LXYwLjMiLCJfdWwiOm51bGwsImJsb2dfdHoiOiIwIiwidXNlcl9sYW5nIjpudWxsfQ=&amp;_z=z\" target=\"_blank\" rel=\"noreferrer noopener\">Trio&nbsp;: sans piano<\/a> (Entre les lignes entre les mots).<\/p>\n\n\n\n<p><a href=\"https:\/\/www.telerama.fr\/livre\/livres-de-poche-dix-romans-et-essais-a-ne-pas-rater-en-janvier-2025-7023805.php\" title=\"\">Poche&nbsp;: dix romans et essais \u00e0 ne pas rater en janvier 2025<\/a> (T\u00e9l\u00e9rama).<\/p>\n\n\n\n<p><a href=\"https:\/\/www.lemonde.fr\/culture\/article\/2025\/01\/11\/jia-zhang-ke-realisateur-des-feux-sauvages-je-voulais-m-affranchir-de-la-tradition-du-recit-lineaire_6492965_3246.html\" title=\"\">Jia Zhang-ke, \u00ab&nbsp;Feux sauvages&nbsp;\u00bb<\/a> (Le Monde).<\/p>\n\n\n\n<p><a href=\"https:\/\/www.nonfiction.fr\/article-12259-ce-que-lia-fait-a-la-litterature.htm\" title=\"\">Ce que l\u2019IA fait \u00e0 la litt\u00e9rature<\/a> (Nonfiction).<\/p>\n\n\n\n<p><a href=\"https:\/\/www.contretemps.eu\/dossier-daniel-bensaid-marxiste-intempestif\/\" title=\"\">Dossier : Daniel Bensa\u00efd, marxiste intempestif<\/a> (Contretemps).<\/p>\n\n\n\n<div class=\"wp-block-columns is-layout-flex wp-container-core-columns-is-layout-9d6595d7 wp-block-columns-is-layout-flex\">\n<div class=\"wp-block-column is-layout-flow wp-block-column-is-layout-flow\" style=\"flex-basis:100%\"><div class=\"wp-block-image\">\n<figure class=\"alignleft size-large is-resized\"><img data-recalc-dims=\"1\" loading=\"lazy\" decoding=\"async\" width=\"1024\" height=\"664\" src=\"https:\/\/i0.wp.com\/www.rdpemancipation.org\/wp-content\/uploads\/2025\/01\/bensaid4-1.jpg?resize=1024%2C664&#038;ssl=1\" alt=\"\" class=\"wp-image-136231\" style=\"width:289px;height:auto\" srcset=\"https:\/\/i0.wp.com\/www.rdpemancipation.org\/wp-content\/uploads\/2025\/01\/bensaid4-1.jpg?resize=1024%2C664&amp;ssl=1 1024w, https:\/\/i0.wp.com\/www.rdpemancipation.org\/wp-content\/uploads\/2025\/01\/bensaid4-1.jpg?resize=300%2C195&amp;ssl=1 300w, https:\/\/i0.wp.com\/www.rdpemancipation.org\/wp-content\/uploads\/2025\/01\/bensaid4-1.jpg?resize=768%2C498&amp;ssl=1 768w, https:\/\/i0.wp.com\/www.rdpemancipation.org\/wp-content\/uploads\/2025\/01\/bensaid4-1.jpg?resize=1536%2C996&amp;ssl=1 1536w, https:\/\/i0.wp.com\/www.rdpemancipation.org\/wp-content\/uploads\/2025\/01\/bensaid4-1.jpg?resize=2048%2C1329&amp;ssl=1 2048w, https:\/\/i0.wp.com\/www.rdpemancipation.org\/wp-content\/uploads\/2025\/01\/bensaid4-1.jpg?w=2400&amp;ssl=1 2400w\" sizes=\"auto, (max-width: 1024px) 100vw, 1024px\" \/><figcaption class=\"wp-element-caption\"><sup>Daniel Bensa\u00efd OLYMPUS DIGITAL CAMERA<\/sup><\/figcaption><\/figure>\n<\/div><\/div>\n<\/div>\n\n\n\n<p class=\"has-text-color has-link-color wp-elements-e64f6702f12dd27dddfc958940742fe0\" style=\"color:#aa0000\"><strong>11 janvier<\/strong><\/p>\n\n\n\n<p><a href=\"https:\/\/www.en-attendant-nadeau.fr\/2025\/01\/11\/ruralites-ruraux-et-paysans-en-crise\/\" title=\"\">Ruralit\u00e9s en crise<\/a> (En attendant Nadeau).<\/p>\n\n\n\n<p><a href=\"https:\/\/www.blast-info.fr\/articles\/2024\/chantal-montellier-dessiner-pour-combattre-et-resister-21r7OyUwTCayfC0oUajirA\" title=\"\">Chantal Montellier : dessiner pour combattre et r\u00e9sister<\/a> (Blast).<\/p>\n\n\n\n<p><a href=\"https:\/\/www.nonfiction.fr\/article-12254-le-devenir-ecrivain-de-susan-sontag.htm\" title=\"\">Le devenir \u00e9crivain de Susan Sontag<\/a> (Nonfiction).<\/p>\n\n\n\n<p><a href=\"https:\/\/link.newsletter.franceculture.fr\/m\/ml\/7429\/919383\/Fu0-4l1HtefMqWR3eFE1fPMKM1uURIGI54NctXkamUs=\/+9gDlGmYBxszKjoYWS3ouabz1fwtj1hSqwyk553MYoo=\/\" target=\"_blank\" rel=\"noreferrer noopener\">Tardi&nbsp;: \u00ab\u00a0Je m&rsquo;int\u00e9resse au pauvre type qui est tout en bas\u00a0\u00bb<\/a> (France Culture).<\/p>\n\n\n\n<div class=\"wp-block-columns is-layout-flex wp-container-core-columns-is-layout-9d6595d7 wp-block-columns-is-layout-flex\">\n<div class=\"wp-block-column is-layout-flow wp-block-column-is-layout-flow\" style=\"flex-basis:100%\"><div class=\"wp-block-image\">\n<figure class=\"alignleft size-full is-resized\"><img data-recalc-dims=\"1\" loading=\"lazy\" decoding=\"async\" width=\"640\" height=\"340\" src=\"https:\/\/i0.wp.com\/www.rdpemancipation.org\/wp-content\/uploads\/2025\/01\/640x340_sc_sc_vendredi-j-tardi-couleur.jpg?resize=640%2C340&#038;ssl=1\" alt=\"\" class=\"wp-image-136181\" style=\"width:292px;height:auto\" srcset=\"https:\/\/i0.wp.com\/www.rdpemancipation.org\/wp-content\/uploads\/2025\/01\/640x340_sc_sc_vendredi-j-tardi-couleur.jpg?w=640&amp;ssl=1 640w, https:\/\/i0.wp.com\/www.rdpemancipation.org\/wp-content\/uploads\/2025\/01\/640x340_sc_sc_vendredi-j-tardi-couleur.jpg?resize=300%2C159&amp;ssl=1 300w\" sizes=\"auto, (max-width: 640px) 100vw, 640px\" \/><figcaption class=\"wp-element-caption\"><sup>Depuis son bureau, l\u2019auteur et dessinateur Tardi croque l\u2019histoire en noir et blanc. &#8211; \u00a9 Ana\u00eblle Trumka<\/sup><\/figcaption><\/figure>\n<\/div><\/div>\n<\/div>\n\n\n\n<p class=\"has-text-color has-link-color wp-elements-d535e9f65936dd19d1fbdd7b187d1fae\" style=\"color:#ab0000\"><strong>10 janvier<\/strong><\/p>\n\n\n\n<p><a href=\"https:\/\/www.socialter.fr\/article\/manga-heros-revolution-decroissants-onepiece-miyazaki-malek\">Les h\u00e9ros de manga, r\u00e9volutionnaires et d\u00e9croissants ?<\/a> (Socialter).<\/p>\n\n\n\n<p><a href=\"https:\/\/www.monde-diplomatique.fr\/2025\/01\/GOBY\/67923\">Le courage des ouvri\u00e8res<\/a> (Le Monde diplomatique).<\/p>\n\n\n\n<p><a href=\"https:\/\/www.liberation.fr\/culture\/livres\/michel-foucault-des-entretiens-radiophoniques-qui-marchent-du-tuner-20250109_Z4Q7MMFINJDDNGASBKJZJSONBI\/\">Michel Foucault : des \u00abEntretiens radiophoniques\u00bb<\/a> (Lib\u00e9ration).<\/p>\n\n\n\n<p><a href=\"https:\/\/www.telerama.fr\/cinema\/abou-sangare-revelation-de-l-histoire-de-souleymane-obtient-un-titre-de-sejour-7023785.php\" title=\"\">Abou Sangare obtient un titre de s\u00e9jour<\/a> (T\u00e9l\u00e9rama).<\/p>\n\n\n\n<p><a href=\"https:\/\/www.en-attendant-nadeau.fr\/2025\/01\/10\/la-structure-sociale-profonde-de-lhumain\/\">Structure sociale profonde de l\u2019humain<\/a> (En attendant Nadeau).<\/p>\n\n\n\n<p><a href=\"https:\/\/link.newsletter.franceculture.fr\/m\/ml\/7429\/918682\/NL3szkcU9-MpQO18rgaKzfwWuDtfb5gDylVrXJwSQd0=\/4Gn3NaEqJyVSZNsA1axFd7LPfnglcrXJQc6km0T64QY=\/\" target=\"_blank\" rel=\"noreferrer noopener\">Edgar Hilsenrath, l&rsquo;art de rire de la Shoah<\/a> (France Culture).<\/p>\n\n\n\n<div class=\"wp-block-columns is-layout-flex wp-container-core-columns-is-layout-9d6595d7 wp-block-columns-is-layout-flex\">\n<div class=\"wp-block-column is-layout-flow wp-block-column-is-layout-flow\" style=\"flex-basis:100%\"><div class=\"wp-block-image\">\n<figure class=\"alignleft size-full is-resized\"><img data-recalc-dims=\"1\" loading=\"lazy\" decoding=\"async\" width=\"640\" height=\"340\" src=\"https:\/\/i0.wp.com\/www.rdpemancipation.org\/wp-content\/uploads\/2025\/01\/640x340_hilsenrath-rede-coupe.jpg?resize=640%2C340&#038;ssl=1\" alt=\"\" class=\"wp-image-136143\" style=\"width:293px;height:auto\" srcset=\"https:\/\/i0.wp.com\/www.rdpemancipation.org\/wp-content\/uploads\/2025\/01\/640x340_hilsenrath-rede-coupe.jpg?w=640&amp;ssl=1 640w, https:\/\/i0.wp.com\/www.rdpemancipation.org\/wp-content\/uploads\/2025\/01\/640x340_hilsenrath-rede-coupe.jpg?resize=300%2C159&amp;ssl=1 300w\" sizes=\"auto, (max-width: 640px) 100vw, 640px\" \/><figcaption class=\"wp-element-caption\"><sup>Edgar Hilsenrath (1926-2018), dans les ann\u00e9es 1990 &#8211; Le Tripode<\/sup><\/figcaption><\/figure>\n<\/div><\/div>\n<\/div>\n\n\n\n<p class=\"has-text-color has-link-color wp-elements-e06f1edae19620fd54b709b886524aef\" style=\"color:#b10000\"><strong>9 janvier<\/strong><\/p>\n\n\n\n<p><a href=\"https:\/\/link.newsletter.franceculture.fr\/m\/ml\/7429\/917630\/CiFnAl9VfNvO6uO2IE4MGKuqSdL8xYI9InwtVDpf0rI=\/sDmS1fjZO478lLjeQatHwEwRiSU6GoolK5vTo4c1EUE=\/\" title=\"\">Un quart de si\u00e8cle&nbsp;de litt\u00e9rature<\/a> (France Culture).<\/p>\n\n\n\n<p><a href=\"https:\/\/public-api.wordpress.com\/bar\/?stat=groovemails-events&amp;bin=wpcom_email_click&amp;redirect_to=https%3A%2F%2Fentreleslignesentrelesmots.wordpress.com%2F2025%2F01%2F08%2Fvoyages-dans-le-temps-et-lespace-45%2F%3Fjetpack_skip_subscription_popup&amp;sr=0&amp;signature=cdce8dafe8296ee2e1bd1449b8370177&amp;blog_id=12785448&amp;user=0ff88261f2c135c936be37d66e379a6f&amp;_e=eyJlcnJvciI6bnVsbCwiYmxvZ19pZCI6MTI3ODU0NDgsImJsb2dfbGFuZyI6ImZyLUZSIiwic2l0ZV9pZF9sYWJlbCI6IndwY29tIiwiaGFzX2ZlYXR1cmVkX2ltYWdlIjoiMCIsInN1YnNjcmliZXJfaWQiOiIzMDM5NzQ3NTMiLCJfdWkiOiIwZmY4ODI2MWYyYzEzNWM5MzZiZTM3ZDY2ZTM3OWE2ZiIsIl91dCI6ImFub24iLCJlbWFpbF9kb21haW4iOiJ5YWhvby5jb20iLCJwb3N0X2lkIjo4OTE0MSwidXNlcl9lbWFpbCI6ImNwcmV2b3N0OTFAeWFob28uY29tIiwiZGF0ZV9zZW50IjoiMjAyNS0wMS0wOCIsImVtYWlsX2lkIjoiNjA3MDI0MjQ0ZTkxNjZkYTg3ZmM5MjcxY2Y4OWIyYWIiLCJlbWFpbF9uYW1lIjoibmV3LXBvc3QiLCJ0ZW1wbGF0ZSI6Im5ldy1wb3N0IiwibGlua19kZXNjIjoicG9zdC11cmwiLCJhbmNob3JfdGV4dCI6IlZveWFnZXMgZGFucyBsZSB0ZW1wcyBldCBsXHUyMDE5ZXNwYWNlXHUwMGEwKDQ1KSIsIl9kciI6bnVsbCwiX2RsIjoiXC93cC1jcm9uLnBocD9kb2luZ193cF9jcm9uPTE3MzYzNTM4MTUuMTIyODUwODk0OTI3OTc4NTE1NjI1MCIsIl9lbiI6IndwY29tX2VtYWlsX2NsaWNrIiwiX3RzIjoxNzM2MzUzODMxNDE0LCJicm93c2VyX3R5cGUiOiJwaHAtYWdlbnQiLCJfYXVhIjoid3Bjb20tdHJhY2tzLWNsaWVudC12MC4zIiwiX3VsIjpudWxsLCJibG9nX3R6IjoiMCIsInVzZXJfbGFuZyI6bnVsbH0&amp;_z=z\" target=\"_blank\" rel=\"noreferrer noopener\">Voyages dans le temps et l\u2019espace<\/a> (Entre les lignes).<\/p>\n\n\n\n<p><a href=\"https:\/\/www.en-attendant-nadeau.fr\/2025\/01\/07\/les-reveries-du-romancier-solitaire-la-cite-aux-murs-incertains\/\" title=\"\">Les r\u00eaveries du romancier solitaire<\/a> (En attendant Nadeau).<\/p>\n\n\n\n<p><a href=\"https:\/\/www.blast-info.fr\/articles\/2024\/lineluctable-triomphe-du-journalisme-de-foire-AAfVguXLR8itLgrPfBTE0g\" title=\"\">L\u2019in\u00e9luctable triomphe du journalisme de foire<\/a> (Blast).<\/p>\n\n\n\n<div class=\"wp-block-columns is-layout-flex wp-container-core-columns-is-layout-9d6595d7 wp-block-columns-is-layout-flex\">\n<div class=\"wp-block-column is-layout-flow wp-block-column-is-layout-flow\" style=\"flex-basis:100%\"><div class=\"wp-block-image\">\n<figure class=\"alignleft size-full is-resized\"><img data-recalc-dims=\"1\" loading=\"lazy\" decoding=\"async\" width=\"589\" height=\"286\" src=\"https:\/\/i0.wp.com\/www.rdpemancipation.org\/wp-content\/uploads\/2025\/01\/attachment-Lfi5tFKVQQ-rXPh4J5DD5w.jpg?resize=589%2C286&#038;ssl=1\" alt=\"\" class=\"wp-image-136123\" style=\"width:289px;height:auto\" srcset=\"https:\/\/i0.wp.com\/www.rdpemancipation.org\/wp-content\/uploads\/2025\/01\/attachment-Lfi5tFKVQQ-rXPh4J5DD5w.jpg?w=589&amp;ssl=1 589w, https:\/\/i0.wp.com\/www.rdpemancipation.org\/wp-content\/uploads\/2025\/01\/attachment-Lfi5tFKVQQ-rXPh4J5DD5w.jpg?resize=300%2C146&amp;ssl=1 300w\" sizes=\"auto, (max-width: 589px) 100vw, 589px\" \/><figcaption class=\"wp-element-caption\"><sup>Chuck Tatum (Kirk Douglas) et son jeune apprenti frais \u00e9moulu de l\u2019\u00e9cole de journalisme (Robert Arthur).<\/sup><\/figcaption><\/figure>\n<\/div><\/div>\n<\/div>\n\n\n\n<p class=\"has-text-color has-link-color wp-elements-6f40ea25d795225389560238897fe902\" style=\"color:#ae0000\"><strong>8 janvier<\/strong><\/p>\n\n\n\n<p><a href=\"https:\/\/www.monde-diplomatique.fr\/2025\/01\/DERNE\/67935\">Kanaky, \u00e9l\u00e9ments du combat<\/a> (Le Monde diplomatique).<\/p>\n\n\n\n<p><a href=\"https:\/\/www.en-attendant-nadeau.fr\/2025\/01\/07\/la-maison-echenoz-bristol\/\" title=\"\">La maison Echenoz<\/a> (En attendant Nadeau).<\/p>\n\n\n\n<p><a href=\"https:\/\/www.nonfiction.fr\/article-12255-faire-du-camping-sa-maison-un-choix-face-aux-difficultes-a-se-loger.htm\" title=\"\">Faire du camping : un choix face aux difficult\u00e9s \u00e0 se loger<\/a> (Nonfiction).<\/p>\n\n\n\n<p><a href=\"https:\/\/www.telerama.fr\/cinema\/les-sorties-cinema-de-la-semaine-la-chambre-d-a-cote-les-feux-sauvages-bernie-7023774.php\" title=\"\">Les sorties cin\u00e9ma de la semaine<\/a> (T\u00e9l\u00e9rama).<\/p>\n\n\n\n<p><a href=\"https:\/\/www.lemonde.fr\/culture\/article\/2025\/01\/05\/le-musee-guimet-a-paris-eclaire-la-chine-des-tang-civilisation-multiculturelle_6481983_3246.html\" title=\"\">Le Mus\u00e9e Guimet \u00e9claire la Chine des Tang<\/a> (Le Monde).<\/p>\n\n\n\n<div class=\"wp-block-columns is-layout-flex wp-container-core-columns-is-layout-9d6595d7 wp-block-columns-is-layout-flex\">\n<div class=\"wp-block-column is-layout-flow wp-block-column-is-layout-flow\" style=\"flex-basis:100%\"><div class=\"wp-block-image\">\n<figure class=\"alignleft size-full is-resized\"><img loading=\"lazy\" decoding=\"async\" width=\"700\" height=\"466\" src=\"https:\/\/www.rdpemancipation.org\/wp-content\/uploads\/2025\/01\/0d71c70_1735913445948-5-c-didier-plowy.avif\" alt=\"\" class=\"wp-image-136095\" style=\"width:293px;height:auto\"\/><figcaption class=\"wp-element-caption\"><sup>Statue de \u00ab&nbsp;palefrenier \u00e9tranger&nbsp;\u00bb, dynastie Tang (618-907), dans l\u2019exposition \u00ab&nbsp;La Chine des Tang. Une dynastie cosmopolite (VII\u1d49-X\u1d49 si\u00e8cles)&nbsp;\u00bb, au Mus\u00e9e national des arts asiatiques Guimet, \u00e0 Paris. MUS\u00c9E DE LUOYANG<\/sup><\/figcaption><\/figure>\n<\/div><\/div>\n<\/div>\n\n\n\n<p class=\"has-text-color has-link-color wp-elements-63f11dd676e59bae39c84b6e2780ac76\" style=\"color:#b00000\"><strong>7 janvier<\/strong><\/p>\n\n\n\n<p><a href=\"https:\/\/link.newsletter.franceculture.fr\/m\/ml\/7429\/917630\/CiFnAl9VfNvO6uO2IE4MGKuqSdL8xYI9InwtVDpf0rI=\/sDmS1fjZO478lLjeQatHwIMWyDnr2I3GtXUcWak+0zc=\/\" title=\"\">Un quart de si\u00e8cle de cin\u00e9ma<\/a> (France Culture).<\/p>\n\n\n\n<p><a href=\"https:\/\/www.monde-diplomatique.fr\/2025\/01\/DERNE\/67935\">Kanaky, \u00e9l\u00e9ments du combat<\/a> (Le Monde diplomatique).<\/p>\n\n\n\n<p><a href=\"https:\/\/www.telerama.fr\/cinema\/festival-cinema-telerama-2025-21-films-a-re-decouvrir-en-salles-du-22-au-28-janvier-5449-7023065.php\" title=\"\">Festival cin\u00e9ma T\u00e9l\u00e9rama 2025<\/a> (T\u00e9l\u00e9rama).<\/p>\n\n\n\n<p><a href=\"https:\/\/www.lemonde.fr\/culture\/article\/2025\/01\/04\/au-centre-pompidou-a-paris-les-uvres-rebelles-collectees-par-jean-jacques-lebel-revolte-eternel_6480904_3246.html\" title=\"\">Centre Pompidou, les \u0153uvres rebelles par Jean-Jacques Lebel<\/a> (Le Monde).<\/p>\n\n\n\n<p><a href=\"https:\/\/www.humanite.fr\/culture-et-savoir\/art-contemporain\/katharina-grosse-deplacer-les-etoiles-cerith-wyn-evans-lueurs-empruntees-a-metz-les-expos-a-ne-pas-rater-en-janvier\" title=\"\">les expos \u00e0 ne pas rater en janvier<\/a> (L&rsquo;Humanit\u00e9).<\/p>\n\n\n\n<div class=\"wp-block-columns is-layout-flex wp-container-core-columns-is-layout-9d6595d7 wp-block-columns-is-layout-flex\">\n<div class=\"wp-block-column is-layout-flow wp-block-column-is-layout-flow\" style=\"flex-basis:100%\"><div class=\"wp-block-image\">\n<figure class=\"alignleft size-full is-resized\"><img data-recalc-dims=\"1\" loading=\"lazy\" decoding=\"async\" width=\"959\" height=\"959\" src=\"https:\/\/i0.wp.com\/www.rdpemancipation.org\/wp-content\/uploads\/2025\/01\/WhatsApp-Image-2025-01-06-a-16.44.35_4e74dce4-1-edited.webp?resize=959%2C959&#038;ssl=1\" alt=\"\" class=\"wp-image-136069\" style=\"width:293px;height:auto\" srcset=\"https:\/\/i0.wp.com\/www.rdpemancipation.org\/wp-content\/uploads\/2025\/01\/WhatsApp-Image-2025-01-06-a-16.44.35_4e74dce4-1-edited.webp?w=959&amp;ssl=1 959w, https:\/\/i0.wp.com\/www.rdpemancipation.org\/wp-content\/uploads\/2025\/01\/WhatsApp-Image-2025-01-06-a-16.44.35_4e74dce4-1-edited.webp?resize=300%2C300&amp;ssl=1 300w, https:\/\/i0.wp.com\/www.rdpemancipation.org\/wp-content\/uploads\/2025\/01\/WhatsApp-Image-2025-01-06-a-16.44.35_4e74dce4-1-edited.webp?resize=150%2C150&amp;ssl=1 150w, https:\/\/i0.wp.com\/www.rdpemancipation.org\/wp-content\/uploads\/2025\/01\/WhatsApp-Image-2025-01-06-a-16.44.35_4e74dce4-1-edited.webp?resize=768%2C768&amp;ssl=1 768w\" sizes=\"auto, (max-width: 959px) 100vw, 959px\" \/><figcaption class=\"wp-element-caption\"><sup>\u00c0 gauche, \u00ab\u00a0D\u00e9placer les \u00e9toiles\u00a0\u00bb (2024) de Katharina Grosse. \u00c0 droite, \u00ab\u00a0Lueurs emprunt\u00e9es\u00a0\u00bb (2024) de Cerith Wyn Evans.\u00a9 Jens Ziehe &#8211; ADGP Paris 2024 \/ Lewis Ronald &#8211; Cerith Wyn Evans<\/sup><\/figcaption><\/figure>\n<\/div><\/div>\n<\/div>\n\n\n\n<p class=\"has-text-color has-link-color wp-elements-8a100b2202bda2cc2e69c5b9c7e4e410\" style=\"color:#ac0000\"><strong>6 janvier<\/strong><\/p>\n\n\n\n<p><a href=\"https:\/\/public-api.wordpress.com\/bar\/?stat=groovemails-events&amp;bin=wpcom_email_click&amp;redirect_to=https%3A%2F%2Fentreleslignesentrelesmots.wordpress.com%2F2025%2F01%2F05%2Fa-la-rencontre-15%2F%3Fjetpack_skip_subscription_popup&amp;sr=0&amp;signature=4d238f06d7dc6e098b37c6b59b1fd9b5&amp;blog_id=12785448&amp;user=0ff88261f2c135c936be37d66e379a6f&amp;_e=eyJlcnJvciI6bnVsbCwiYmxvZ19pZCI6MTI3ODU0NDgsImJsb2dfbGFuZyI6ImZyLUZSIiwic2l0ZV9pZF9sYWJlbCI6IndwY29tIiwiaGFzX2ZlYXR1cmVkX2ltYWdlIjoiMCIsInN1YnNjcmliZXJfaWQiOiIzMDM5NzQ3NTMiLCJfdWkiOiIwZmY4ODI2MWYyYzEzNWM5MzZiZTM3ZDY2ZTM3OWE2ZiIsIl91dCI6ImFub24iLCJlbWFpbF9kb21haW4iOiJ5YWhvby5jb20iLCJwb3N0X2lkIjo4ODY3MiwidXNlcl9lbWFpbCI6ImNwcmV2b3N0OTFAeWFob28uY29tIiwiZGF0ZV9zZW50IjoiMjAyNS0wMS0wNSIsImVtYWlsX2lkIjoiMzU3NjUzNTVmMWViZjRlMDhlZWUwNWE3ZDIxODhlNTUiLCJlbWFpbF9uYW1lIjoibmV3LXBvc3QiLCJ0ZW1wbGF0ZSI6Im5ldy1wb3N0IiwibGlua19kZXNjIjoicG9zdC11cmwiLCJhbmNob3JfdGV4dCI6IkEgbGEgcmVuY29udHJlXHUwMGEwKDE1KSIsIl9kciI6bnVsbCwiX2RsIjoiXC93cC1jcm9uLnBocD9kb2luZ193cF9jcm9uPTE3MzYwOTQ2MTIuNzk2MzUwMDAyMjg4ODE4MzU5Mzc1MCIsIl9lbiI6IndwY29tX2VtYWlsX2NsaWNrIiwiX3RzIjoxNzM2MDk0NjI5NjM4LCJicm93c2VyX3R5cGUiOiJwaHAtYWdlbnQiLCJfYXVhIjoid3Bjb20tdHJhY2tzLWNsaWVudC12MC4zIiwiX3VsIjpudWxsLCJibG9nX3R6IjoiMCIsInVzZXJfbGFuZyI6bnVsbH0&amp;_z=z\" target=\"_blank\" rel=\"noreferrer noopener\">A la rencontre<\/a> (Entre les lignes entre les mots).<\/p>\n\n\n\n<p><a href=\"https:\/\/link.newsletter.franceculture.fr\/m\/ml\/7429\/917630\/CiFnAl9VfNvO6uO2IE4MGKuqSdL8xYI9InwtVDpf0rI=\/sDmS1fjZO478lLjeQatHwFv3nwfV8EJMtXUcWak+0zc=\/\" title=\"\">21e si\u00e8cle en quatre chefs d&rsquo;\u0153uvre<\/a> (France Culture).<\/p>\n\n\n\n<p><a href=\"https:\/\/www.humanite.fr\/culture-et-savoir\/joel-pommerat\/marius-de-joel-pommerat-quand-loeuvre-de-pagnol-est-portee-avec-grace-par-danciens-detenus\" title=\"\">\u00ab&nbsp;Marius&nbsp;\u00bb de&nbsp;Jo\u00ebl Pommerat par d\u2019anciens d\u00e9tenus<\/a> (L&rsquo;Humanit\u00e9).<\/p>\n\n\n\n<p><a href=\"https:\/\/www.monde-diplomatique.fr\/2025\/01\/BURLAUD\/67916\">D\u00e9mod\u00e9s, mais toujours d\u2019attaque<\/a> (Le Monde diplomatique).<\/p>\n\n\n\n<p><a href=\"https:\/\/www.en-attendant-nadeau.fr\/2025\/01\/06\/la-maltraitance-n-a-pas-d-age\/\" title=\"\">La maltraitance n\u2019a pas d\u2019\u00e2ge<\/a> (En attendant Nadeau).<\/p>\n\n\n\n<div class=\"wp-block-columns is-layout-flex wp-container-core-columns-is-layout-9d6595d7 wp-block-columns-is-layout-flex\">\n<div class=\"wp-block-column is-layout-flow wp-block-column-is-layout-flow\" style=\"flex-basis:100%\"><div class=\"wp-block-image\">\n<figure class=\"alignleft size-large is-resized\"><img data-recalc-dims=\"1\" loading=\"lazy\" decoding=\"async\" width=\"1024\" height=\"683\" src=\"https:\/\/i0.wp.com\/www.rdpemancipation.org\/wp-content\/uploads\/2025\/01\/1772-M19-CANADA-bertini-15-1536x1024-1.webp?resize=1024%2C683&#038;ssl=1\" alt=\"\" class=\"wp-image-136049\" style=\"width:294px;height:auto\" srcset=\"https:\/\/i0.wp.com\/www.rdpemancipation.org\/wp-content\/uploads\/2025\/01\/1772-M19-CANADA-bertini-15-1536x1024-1.webp?resize=1024%2C683&amp;ssl=1 1024w, https:\/\/i0.wp.com\/www.rdpemancipation.org\/wp-content\/uploads\/2025\/01\/1772-M19-CANADA-bertini-15-1536x1024-1.webp?resize=300%2C200&amp;ssl=1 300w, https:\/\/i0.wp.com\/www.rdpemancipation.org\/wp-content\/uploads\/2025\/01\/1772-M19-CANADA-bertini-15-1536x1024-1.webp?resize=768%2C512&amp;ssl=1 768w, https:\/\/i0.wp.com\/www.rdpemancipation.org\/wp-content\/uploads\/2025\/01\/1772-M19-CANADA-bertini-15-1536x1024-1.webp?w=1536&amp;ssl=1 1536w\" sizes=\"auto, (max-width: 1024px) 100vw, 1024px\" \/><figcaption class=\"wp-element-caption\"><sup>En suspens \u00a9 Jean-Luc Bertini<\/sup><\/figcaption><\/figure>\n<\/div><\/div>\n<\/div>\n\n\n\n<p class=\"has-text-color has-link-color wp-elements-7c0798e8c193625517bcdbf38f026caa\" style=\"color:#b20000\"><strong>4 janvier<\/strong><\/p>\n\n\n\n<p><a href=\"https:\/\/www.monde-diplomatique.fr\/2025\/01\/TAIBI\/67915\">Clart\u00e9 par temps sombres<\/a> (Le Monde diplomatique).<\/p>\n\n\n\n<p><a href=\"https:\/\/doublemarge.com\/le-soulier-de-satin-a-la-comedie-francaise\/\" title=\"\">Le Soulier de Satin \u00e0 la Com\u00e9die-Fran\u00e7aise<\/a> (Double marge).<\/p>\n\n\n\n<p><a href=\"https:\/\/www.humanite.fr\/culture-et-savoir\/2e-guerre-mondiale\/totto-chan-la-petite-fille-a-la-fenetre-de-shinnosuke-yakuwa-les-desirs-degalite-dun-anime-japonais\" title=\"\">\u00ab&nbsp;Totto-chan, la petite fille \u00e0 la fen\u00eatre&nbsp;\u00bb&nbsp;: les d\u00e9sirs d\u2019\u00e9galit\u00e9<\/a> (L&rsquo;Humanit\u00e9).<\/p>\n\n\n\n<p><a href=\"https:\/\/www.en-attendant-nadeau.fr\/2019\/06\/18\/david-lodge-porte-entrouverte\/\" title=\"\">David Lodge : la porte entrouverte<\/a> (En attendant Nadeau).<\/p>\n\n\n\n<p><a href=\"https:\/\/www.liberation.fr\/culture\/livres\/bristol-de-jean-echenoz-parodie-perdue-20250104_I7WNMDTQQFG4PANCGMFNELPDNQ\/\" title=\"\">\u00abBristol\u00bb, de Jean Echenoz<\/a> (Lib\u00e9ration).<\/p>\n\n\n\n<div class=\"wp-block-columns is-layout-flex wp-container-core-columns-is-layout-9d6595d7 wp-block-columns-is-layout-flex\">\n<div class=\"wp-block-column is-layout-flow wp-block-column-is-layout-flow\" style=\"flex-basis:100%\"><div class=\"wp-block-image\">\n<figure class=\"alignleft size-full is-resized\"><img data-recalc-dims=\"1\" loading=\"lazy\" decoding=\"async\" width=\"1024\" height=\"683\" src=\"https:\/\/i0.wp.com\/www.rdpemancipation.org\/wp-content\/uploads\/2025\/01\/3BOOKK7INNBNNKXGQTLWVX67OA.jpg?resize=1024%2C683&#038;ssl=1\" alt=\"\" class=\"wp-image-136014\" style=\"width:293px;height:auto\" srcset=\"https:\/\/i0.wp.com\/www.rdpemancipation.org\/wp-content\/uploads\/2025\/01\/3BOOKK7INNBNNKXGQTLWVX67OA.jpg?w=1024&amp;ssl=1 1024w, https:\/\/i0.wp.com\/www.rdpemancipation.org\/wp-content\/uploads\/2025\/01\/3BOOKK7INNBNNKXGQTLWVX67OA.jpg?resize=300%2C200&amp;ssl=1 300w, https:\/\/i0.wp.com\/www.rdpemancipation.org\/wp-content\/uploads\/2025\/01\/3BOOKK7INNBNNKXGQTLWVX67OA.jpg?resize=768%2C512&amp;ssl=1 768w\" sizes=\"auto, (max-width: 1024px) 100vw, 1024px\" \/><figcaption class=\"wp-element-caption\"><sup>Jean Echenoz en 2019, chez lui \u00e0 Paris. (Eric Garault\/Pasco)<\/sup><\/figcaption><\/figure>\n<\/div><\/div>\n<\/div>\n\n\n\n<p class=\"has-text-color has-link-color wp-elements-4f098204ef6cbb3bfca66becb678e4bb\" style=\"color:#b70000\"><strong>3 janvier<\/strong><\/p>\n\n\n\n<p><a href=\"https:\/\/doublemarge.com\/si-vous-navez-pas-encore-vu-sainte-soline-autopsie-dun-carnage-de-clarisse-feletin-et-mailys-khider\/\" title=\"\">Sainte-Soline, autopsie d\u2019un carnage<\/a> (Double marge).<\/p>\n\n\n\n<p><a href=\"https:\/\/www.contretemps.eu\/signification-anti-imperialisme-entretien-tariq-ali\/\" title=\"\">L\u2019anti-imp\u00e9rialisme aujourd\u2019hui. Entretien avec Tariq Ali<\/a> (Contretemps).<\/p>\n\n\n\n<p><a href=\"https:\/\/link.newsletter.radiofrance.fr\/m\/ml\/7429\/917636\/UGsZpphK8lZZjXuv1YfisquqSdL8xYI9InwtVDpf0rI=\/Xun+YKIitn4-SGKZFkztuMIOeyWSadpA\/\" title=\"\">L\u2019extase, en musique et en mots<\/a> (France Musique).<\/p>\n\n\n\n<p><a href=\"https:\/\/www.en-attendant-nadeau.fr\/2025\/01\/02\/laccident-nexiste-pas-jackson-pollock-et-les-images-cachees\/\" title=\"\">Jackson Pollock et les images cach\u00e9es<\/a> (En attendant Nadeau).<\/p>\n\n\n\n<p><a href=\"https:\/\/link.newsletter.radiofrance.fr\/m\/ml\/7429\/917636\/UGsZpphK8lZZjXuv1YfisquqSdL8xYI9InwtVDpf0rI=\/Xun+YKIitn4-SGKZFkztuPyftg4wkRQ7\/\" title=\"\">L\u2019Art de la joie<\/a> (France Culture).<\/p>\n\n\n\n<div class=\"wp-block-columns is-layout-flex wp-container-core-columns-is-layout-9d6595d7 wp-block-columns-is-layout-flex\">\n<div class=\"wp-block-column is-layout-flow wp-block-column-is-layout-flow\" style=\"flex-basis:100%\"><div class=\"wp-block-image\">\n<figure class=\"alignleft size-full is-resized\"><img data-recalc-dims=\"1\" loading=\"lazy\" decoding=\"async\" width=\"640\" height=\"340\" src=\"https:\/\/i0.wp.com\/www.rdpemancipation.org\/wp-content\/uploads\/2025\/01\/640x340_sc_goliarda-sapienza.jpg?resize=640%2C340&#038;ssl=1\" alt=\"\" class=\"wp-image-135969\" style=\"width:292px;height:auto\" srcset=\"https:\/\/i0.wp.com\/www.rdpemancipation.org\/wp-content\/uploads\/2025\/01\/640x340_sc_goliarda-sapienza.jpg?w=640&amp;ssl=1 640w, https:\/\/i0.wp.com\/www.rdpemancipation.org\/wp-content\/uploads\/2025\/01\/640x340_sc_goliarda-sapienza.jpg?resize=300%2C159&amp;ssl=1 300w\" sizes=\"auto, (max-width: 640px) 100vw, 640px\" \/><figcaption class=\"wp-element-caption\"><sup>Goliarda Sapienza &#8211; DR\/ Archives personnelles<\/sup><\/figcaption><\/figure>\n<\/div><\/div>\n<\/div>\n\n\n\n<p class=\"has-text-color has-link-color wp-elements-35b15e1ab4505e04e919461d5eaa2692\" style=\"color:#af0000\"><strong>2 janvier<\/strong><\/p>\n\n\n\n<p><a href=\"https:\/\/link.newsletter.franceculture.fr\/m\/ml\/7429\/917534\/GhQGxSkAoi_HCoxLTVcJX5n5hn2X9cGO_Cwa_dZfhGw=\/KEZTuyMX0bvNIjiEhIDrovg8Xv2EiKRaa6AffzvCW+Y=\/\" target=\"_blank\" rel=\"noreferrer noopener\">Bonnes r\u00e9solutions : Iris Murdoch<\/a> (France Culture).<\/p>\n\n\n\n<p><a href=\"https:\/\/public-api.wordpress.com\/bar\/?stat=groovemails-events&amp;bin=wpcom_email_click&amp;redirect_to=https%3A%2F%2Fentreleslignesentrelesmots.wordpress.com%2F2025%2F01%2F01%2Fduo-piano-saxo-clarinette-trombone-15%2F%3Fjetpack_skip_subscription_popup&amp;sr=0&amp;signature=89ff7f8d1329f62020d765175f9ad9b9&amp;blog_id=12785448&amp;user=0ff88261f2c135c936be37d66e379a6f&amp;_e=eyJlcnJvciI6bnVsbCwiYmxvZ19pZCI6MTI3ODU0NDgsImJsb2dfbGFuZyI6ImZyLUZSIiwic2l0ZV9pZF9sYWJlbCI6IndwY29tIiwiaGFzX2ZlYXR1cmVkX2ltYWdlIjoiMCIsInN1YnNjcmliZXJfaWQiOiIzMDM5NzQ3NTMiLCJfdWkiOiIwZmY4ODI2MWYyYzEzNWM5MzZiZTM3ZDY2ZTM3OWE2ZiIsIl91dCI6ImFub24iLCJlbWFpbF9kb21haW4iOiJ5YWhvby5jb20iLCJwb3N0X2lkIjo4ODYxOCwidXNlcl9lbWFpbCI6ImNwcmV2b3N0OTFAeWFob28uY29tIiwiZGF0ZV9zZW50IjoiMjAyNS0wMS0wMSIsImVtYWlsX2lkIjoiYzRjNjYwNmMxMGM4MmRkMTdlM2Y3NTU0OWQwZDYxYzYiLCJlbWFpbF9uYW1lIjoibmV3LXBvc3QiLCJ0ZW1wbGF0ZSI6Im5ldy1wb3N0IiwibGlua19kZXNjIjoicG9zdC11cmwiLCJhbmNob3JfdGV4dCI6IkR1byBwaWFubyBzYXhvXC9jbGFyaW5ldHRlXC90cm9tYm9uZVx1MDBhMCgxNSkiLCJfZHIiOm51bGwsIl9kbCI6Ilwvd3AtY3Jvbi5waHA\/ZG9pbmdfd3BfY3Jvbj0xNzM1NzQ5MDAxLjM5NjI3NTA0MzQ4NzU0ODgyODEyNTAiLCJfZW4iOiJ3cGNvbV9lbWFpbF9jbGljayIsIl90cyI6MTczNTc0OTAxNzc1NywiYnJvd3Nlcl90eXBlIjoicGhwLWFnZW50IiwiX2F1YSI6IndwY29tLXRyYWNrcy1jbGllbnQtdjAuMyIsIl91bCI6bnVsbCwiYmxvZ190eiI6IjAiLCJ1c2VyX2xhbmciOm51bGx9&amp;_z=z\" target=\"_blank\" rel=\"noreferrer noopener\">Duo piano saxo\/clarinette\/trombone<\/a> (Entre les lignes entre les mots).<\/p>\n\n\n\n<p><a href=\"https:\/\/www.en-attendant-nadeau.fr\/2024\/12\/31\/letalage-de-loppression-felix-treguer-benjamin-lemoine\/\" title=\"\">L\u2019\u00e9talage de l\u2019oppression<\/a> (En attendant Nadeau).<\/p>\n\n\n\n<p><a href=\"https:\/\/www.nonfiction.fr\/article-12248-quand-thomas-mann-sadressait-aux-allemands.htm\" title=\"\">Quand Thomas Mann s\u2019adressait aux Allemands<\/a> (Nonfiction).<\/p>\n\n\n\n<p><a href=\"https:\/\/laviedesidees.fr\/Alexandra-Kollontai-revolutionnaire-et-feministe\" target=\"_blank\" rel=\"noreferrer noopener\">Alexandra Kollonta\u00ef, r\u00e9volutionnaire et f\u00e9ministe<\/a> (La Vie des id\u00e9es).<\/p>\n\n\n\n<div class=\"wp-block-columns is-layout-flex wp-container-core-columns-is-layout-9d6595d7 wp-block-columns-is-layout-flex\">\n<div class=\"wp-block-column is-layout-flow wp-block-column-is-layout-flow\" style=\"flex-basis:100%\"><div class=\"wp-block-image\">\n<figure class=\"alignleft size-full is-resized\"><img data-recalc-dims=\"1\" loading=\"lazy\" decoding=\"async\" width=\"408\" height=\"674\" src=\"https:\/\/i0.wp.com\/www.rdpemancipation.org\/wp-content\/uploads\/2025\/01\/k2-cbe2c.gif?resize=408%2C674&#038;ssl=1\" alt=\"\" class=\"wp-image-135930\" style=\"width:293px;height:auto\"\/><figcaption class=\"wp-element-caption\"><sup>D\u00e9dicace \u00e0 Louise Bryant, journaliste, sympathisante de la r\u00e9volution bolchevique, autrice de \u00ab&nbsp;Six months in red Russia&nbsp;\u00bb 1918 (Wikicommons).<\/sup><\/figcaption><\/figure>\n<\/div><\/div>\n<\/div>\n","protected":false},"excerpt":{"rendered":"<p>31 janvier La mort de la d\u00e9mocratie, \u00e9tape finale du capitalisme&nbsp;? (France Culture). M\u00e9moire du plan \u00ab\u00a0Condor\u00a0\u00bb (Le Monde diplomatique). L\u2019arrondissement familier (En attendant Nadeau). Mort de Marianne Faithfull (L&rsquo;Humanit\u00e9). 30 janvier Duo piano trompette&nbsp;(Entre les lignes entre les mots). Jouer avec le feu : un p\u00e8re face \u00e0 la conversion fasciste de son fils &#8230; <a title=\"Janvier \u2013 Cultures\" class=\"read-more\" href=\"https:\/\/www.rdpemancipation.org\/?p=135899\" aria-label=\"En savoir plus sur Janvier \u2013 Cultures\">Lire la suite<\/a><\/p>\n","protected":false},"author":1,"featured_media":0,"comment_status":"closed","ping_status":"closed","sticky":false,"template":"","format":"standard","meta":{"_lmt_disableupdate":"","_lmt_disable":"","_jetpack_memberships_contains_paid_content":false,"footnotes":""},"categories":[25],"tags":[],"class_list":["post-135899","post","type-post","status-publish","format-standard","hentry","category-cultures"],"modified_by":"cpr","jetpack_featured_media_url":"","jetpack_sharing_enabled":true,"_links":{"self":[{"href":"https:\/\/www.rdpemancipation.org\/index.php?rest_route=\/wp\/v2\/posts\/135899","targetHints":{"allow":["GET"]}}],"collection":[{"href":"https:\/\/www.rdpemancipation.org\/index.php?rest_route=\/wp\/v2\/posts"}],"about":[{"href":"https:\/\/www.rdpemancipation.org\/index.php?rest_route=\/wp\/v2\/types\/post"}],"author":[{"embeddable":true,"href":"https:\/\/www.rdpemancipation.org\/index.php?rest_route=\/wp\/v2\/users\/1"}],"replies":[{"embeddable":true,"href":"https:\/\/www.rdpemancipation.org\/index.php?rest_route=%2Fwp%2Fv2%2Fcomments&post=135899"}],"version-history":[{"count":138,"href":"https:\/\/www.rdpemancipation.org\/index.php?rest_route=\/wp\/v2\/posts\/135899\/revisions"}],"predecessor-version":[{"id":136735,"href":"https:\/\/www.rdpemancipation.org\/index.php?rest_route=\/wp\/v2\/posts\/135899\/revisions\/136735"}],"wp:attachment":[{"href":"https:\/\/www.rdpemancipation.org\/index.php?rest_route=%2Fwp%2Fv2%2Fmedia&parent=135899"}],"wp:term":[{"taxonomy":"category","embeddable":true,"href":"https:\/\/www.rdpemancipation.org\/index.php?rest_route=%2Fwp%2Fv2%2Fcategories&post=135899"},{"taxonomy":"post_tag","embeddable":true,"href":"https:\/\/www.rdpemancipation.org\/index.php?rest_route=%2Fwp%2Fv2%2Ftags&post=135899"}],"curies":[{"name":"wp","href":"https:\/\/api.w.org\/{rel}","templated":true}]}}