{"id":134919,"date":"2024-12-01T01:25:00","date_gmt":"2024-12-01T00:25:00","guid":{"rendered":"https:\/\/www.rdpemancipation.org\/?p=134919"},"modified":"2024-12-28T20:00:24","modified_gmt":"2024-12-28T19:00:24","slug":"decembre-ecologie-6","status":"publish","type":"post","link":"https:\/\/www.rdpemancipation.org\/?p=134919","title":{"rendered":"D\u00e9cembre &#8211; \u00c9conomie"},"content":{"rendered":"\n<p><strong><strong><mark style=\"background-color:rgba(0, 0, 0, 0);color:#ed1010\" class=\"has-inline-color\">28 d\u00e9cembre<\/mark><\/strong><\/strong><\/p>\n\n\n\n<p><strong>France<\/strong><\/p>\n\n\n\n<p><strong><a href=\"https:\/\/76835.r.sp1-brevo.net\/mk\/cl\/f\/sh\/1t6Af4OiGsEagAv2XXyyCnUomOnK1k\/gsX1Vdnvtb56\" target=\"_blank\" rel=\"noreferrer noopener\">L\u2019eau devient une ressource rare, et l\u2019industrie en profite et privatise l\u2019acc\u00e8s<\/a> <\/strong>(Elucid)<\/p>\n\n\n\n<p><a href=\"https:\/\/api.indigo-net.com\/email\/RedirectionEmailing?mail=n.chevillard@noos.fr&amp;ID=692837&amp;DOCIID=109703480&amp;ENAIID=966581&amp;RETOUR=SIMPLE&amp;link=https:\/\/www.lalettre.fr\/fr\/entreprises_luxe-et-conso\/2024\/12\/24\/lvmh-ferme-sa-parenthese-fiscale-en-belgique-en-rapatriant-les-holdings-du-groupe,110355635-eve?cxt=PUB&amp;utm_source=LLA&amp;utm_medium=email&amp;utm_campaign=AUTO_EDIT_SOM_PROS\" target=\"_blank\" rel=\"noreferrer noopener\">LVMH ferme sa parenth\u00e8se fiscale en Belgique en rapatriant les holdings du groupe<\/a> (La Lettre)<\/p>\n\n\n\n<p><a href=\"https:\/\/www.connaissancedesenergies.org\/afp\/uranium-accord-preliminaire-entre-la-mongolie-et-orano-sur-lexploitation-dune-mine-241228\">Uranium : accord pr\u00e9liminaire entre la Mongolie et Orano sur l&rsquo;exploitation d&rsquo;une mine<\/a> (AFP)<\/p>\n\n\n\n<p><a href=\"https:\/\/www.connaissancedesenergies.org\/afp\/la-facture-delectricite-attendue-en-baisse-de-14-au-1er-fevrier-241228\">La facture d&rsquo;\u00e9lectricit\u00e9 attendue en baisse de 14% au 1er f\u00e9vrier<\/a> (AFP)<\/p>\n\n\n\n<p><strong>Monde<\/strong><\/p>\n\n\n\n<p><a href=\"https:\/\/api.indigo-net.com\/email\/RedirectionEmailing?mail=n.chevillard@noos.fr&amp;ID=693452&amp;DOCIID=109703480&amp;ENAIID=967196&amp;RETOUR=SIMPLE&amp;link=https:\/\/www.africaintelligence.fr\/afrique-ouest\/2024\/09\/02\/les-secrets-de-demex-le-trader-qui-inonde-l-afrique-de-l-ouest-de-petrole-russe,110279154-ge0?cxt=PUB&amp;utm_source=AIF&amp;utm_medium=email&amp;utm_campaign=AUTO_EDIT_SOM_PROS\" target=\"_blank\" rel=\"noreferrer noopener\">Les secrets de Demex, le trader qui inonde l&rsquo;<strong>Afrique de l&rsquo;Ouest<\/strong> de p\u00e9trole <strong>russe<\/strong><\/a> (Africa Intelligence)<\/p>\n\n\n\n<p><a href=\"https:\/\/www.connaissancedesenergies.org\/afp\/la-societe-russe-gazprom-va-cesser-ses-livraisons-de-gaz-la-moldavie-partir-du-1er-janvier-241228\">La soci\u00e9t\u00e9 russe Gazprom va cesser ses livraisons de gaz \u00e0 la <strong>Moldavie<\/strong> \u00e0 partir du 1er janvier<\/a> (AFP)<\/p>\n\n\n\n<p><a href=\"https:\/\/www.connaissancedesenergies.org\/afp\/panne-dun-cable-en-baltique-un-petrolier-en-provenance-de-russie-mis-en-cause-241226-0\">Panne d&rsquo;un c\u00e2ble en <strong>Baltique<\/strong> : un p\u00e9trolier en provenance de Russie mis en cause<\/a>(AFP)<\/p>\n\n\n\n<p><a href=\"https:\/\/fr.businessam.be\/leconomie-britannique-est-au-point-mort-la-croissance-zero-annonce-un-avenir-sombre\/\"><strong>Royaume Uni<\/strong>.&nbsp;<\/a><a href=\"https:\/\/fr.businessam.be\/leconomie-britannique-est-au-point-mort-la-croissance-zero-annonce-un-avenir-sombre\/\">L\u2019\u00e9conomie britannique stagne<\/a>&nbsp;(Business am)<\/p>\n\n\n\n<p><strong>Analyse<\/strong><\/p>\n\n\n\n<p><a><\/a><a href=\"https:\/\/76835.r.sp1-brevo.net\/mk\/cl\/f\/sh\/1t6Af4OiGsEagAv2XXyyCnUomOnK1k\/RTIWiqXS9tdn\" target=\"_blank\" rel=\"noreferrer noopener\"><strong>Enfer socialiste ou paradis des ultra-riches : o\u00f9 en est vraiment la France ?<\/strong><\/a> (Elucid)<\/p>\n\n\n\n<p><strong><strong><mark style=\"background-color:rgba(0, 0, 0, 0);color:#ed1010\" class=\"has-inline-color\">27 d\u00e9cembre<\/mark><\/strong><\/strong><\/p>\n\n\n\n<p><strong>France<\/strong><\/p>\n\n\n\n<p><a href=\"https:\/\/redirection.b2b.infopro-digital.com\/lnk\/AMYAAFxUCQwAAcXGGp4AAHnKuI0AAABZQUUAANzvAAwsSQBnbY2ObJMMQ-emRdWh99FIDJHbQgAMCy8\/5\/4grNwcWtdaIAFIuUQWpHXQ\/aHR0cDovL3d3dy51c2luZW5vdXZlbGxlLmNvbS9lZGl0b3JpYWwvdm9pY2ktbGVzLWRpeC1wbHVzLWdyb3MtaW52ZXN0aXNzZW1lbnRzLWluZHVzdHJpZWxzLWFubm9uY2VzLWVuLTIwMjQtZW4tZnJhbmNlLk4yMjI0NTA3P3V0bV9zb3VyY2U9bmV3c2xldHRlciZ1dG1fbWVkaXVtPWVtYWlsJnV0bV9jYW1wYWlnbj1pbmZvX2xhLXF1b3RpZGllbm5lJmVtYWlsPTIwNDMzMjg2NTMmaWRiZGQ9NTY1NTk\" target=\"_blank\" rel=\"noreferrer noopener\">Les dix plus gros investissements industriels annonc\u00e9s en 2024 en France<\/a> (Usine Nouvelle, acc\u00e8s libre) &nbsp;<\/p>\n\n\n\n<p><strong><a href=\"https:\/\/www.alternatives-economiques.fr\/5-graphiques-comprendre-causes-de-crise-agricole\/00113474\" target=\"_blank\" rel=\"noreferrer noopener\">5 graphiques pour comprendre les causes de la crise agricole<\/a>&nbsp;<\/strong>(Alter \u00e9co)<\/p>\n\n\n\n<p><a href=\"https:\/\/76835.r.sp1-brevo.net\/mk\/cl\/f\/sh\/1t6Af4OiGsEagAv2XXyyCnUomOnK1k\/nTugTOmVPsCd\" target=\"_blank\" rel=\"noreferrer noopener\">Les chiffres d\u00e9taill\u00e9s du ch\u00f4mage en France 2024<\/a> (Elucid)<\/p>\n\n\n\n<p><a href=\"https:\/\/lanticapitaliste.org\/actualite\/entreprises\/nouvelles-menaces-sur-la-fonderie-de-bretagne\">Nouvelles menaces sur la&nbsp;Fonderie de Bretagne<\/a>&nbsp;(l\u2019Anticapitaliste)<\/p>\n\n\n\n<p><a href=\"https:\/\/reporterre.net\/Grands-projets-industriels-l-Etat-veut-supprimer-les-consultations-citoyennes\" target=\"_blank\" rel=\"noreferrer noopener\"><strong>Grands projets industriels&nbsp;: l&rsquo;\u00c9tat veut supprimer les consultations citoyennes<\/strong><\/a>&nbsp;(Reporterre)<\/p>\n\n\n\n<p><a href=\"https:\/\/www.alternatives-economiques.fr\/francais-epargnent-autant\/00113385\" target=\"_blank\" rel=\"noreferrer noopener\">Pourquoi les Fran\u00e7ais \u00e9pargnent-ils autant ?<\/a>&nbsp;(Alter \u00e9co)<\/p>\n\n\n\n<p><a href=\"https:\/\/www.alternatives-economiques.fr\/dix-ans-apres-loi-leconomie-sociale-solidaire-cherche-un-so\/00113412\" target=\"_blank\" rel=\"noreferrer noopener\">Dix ans apr\u00e8s, la loi sur l&rsquo;\u00e9conomie sociale et solidaire cherche encore un souffle politique<\/a>&nbsp;(Alter \u00e9co)<a href=\"https:\/\/www.francetvinfo.fr\/economie\/energie\/la-tva-sur-les-chaudieres-gaz-a-condensation-va-passer-a-10-au-lieu-de-5-5_6977765.html\"><\/a><\/p>\n\n\n\n<p><a href=\"https:\/\/www.francetvinfo.fr\/economie\/energie\/la-tva-sur-les-chaudieres-gaz-a-condensation-va-passer-a-10-au-lieu-de-5-5_6977765.html\">La TVA sur les chaudi\u00e8res gaz \u00e0 condensation va passer \u00e0 10% au lieu de 5,5%<\/a> (France Info)<\/p>\n\n\n\n<p><strong>Monde<\/strong><\/p>\n\n\n\n<p><strong><a href=\"https:\/\/www.mediapart.fr\/journal\/international\/261224\/etats-unis-le-gouvernement-des-milliardaires\" target=\"_blank\" rel=\"noreferrer noopener\">\u00c9tats-Unis : le gouvernement des milliardaires<\/a><\/strong>&nbsp;-Martine Orange (Mediapart)<\/p>\n\n\n\n<p><a href=\"https:\/\/www.mediapart.fr\/journal\/economie-et-social\/261224\/les-libertariens-musk-et-milei-veulent-dominer-le-debat-economique\" target=\"_blank\" rel=\"noreferrer noopener\">Les libertariens Musk et Milei veulent dominer le d\u00e9bat \u00e9conomique<\/a>&nbsp;(Mediapart)<\/p>\n\n\n\n<p><a href=\"https:\/\/www.humanite.fr\/social-et-economie\/agence-spatiale-europeenne\/elon-musk-jeff-bezos-nasa-lespace-nouvelle-frontiere-du-capitalisme\" target=\"_blank\" rel=\"noreferrer noopener\">Elon Musk, Jeff Bezos, Nasa\u2026 L\u2019espace, nouvelle fronti\u00e8re du capitalisme<\/a> (L\u2019Humanit\u00e9)<\/p>\n\n\n\n<p><a href=\"https:\/\/redirection.b2b.infopro-digital.com\/lnk\/AMYAAFxUCQwAAcXGGp4AAHnKuI0AAABZQUUAANzvAAwsSQBnbY2ObJMMQ-emRdWh99FIDJHbQgAMCy8\/16\/mRA9Tw53-njJgVKfHrP-NA\/aHR0cDovL3d3dy51c2luZW5vdXZlbGxlLmNvbS9hcnRpY2xlL2xhLWxvZ2lzdGlxdWUtY29tcGxleGUtZHUtY29tYnVzdGlibGUtbnVjbGVhaXJlLXBhc3NlLXRvdWpvdXJzLXBhci1sYS1ydXNzaWUuTjIyMjQ3NjY_dXRtX3NvdXJjZT1uZXdzbGV0dGVyJnV0bV9tZWRpdW09ZW1haWwmdXRtX2NhbXBhaWduPWluZm9fbGEtcXVvdGlkaWVubmUmZW1haWw9MjA0MzMyODY1MyZpZGJkZD01NjU1OQ\" target=\"_blank\" rel=\"noreferrer noopener\">L&rsquo;<strong>Europe<\/strong> parvient-elle \u00e0 se passer d&rsquo;uranium russe ?<\/a> (Usine Nouvelle)<\/p>\n\n\n\n<p><a href=\"https:\/\/www.alternatives-economiques.fr\/chine-un-modele-economique-a-bout-de-souffle\/00113378\" target=\"_blank\" rel=\"noreferrer noopener\"><strong>Chine<\/strong> : un mod\u00e8le \u00e9conomique \u00e0 bout de souffle<\/a> (Alter \u00e9co)<\/p>\n\n\n\n<p><strong><strong><mark style=\"background-color:rgba(0, 0, 0, 0);color:#ed1010\" class=\"has-inline-color\">24 et 25 d\u00e9cembre<\/mark><\/strong><\/strong><\/p>\n\n\n\n<p><strong>France<\/strong> <a href=\"https:\/\/www.mediapart.fr\/journal\/economie-et-social\/251224\/la-banque-ccf-licencie-plus-d-un-tiers-de-ses-salaries-est-tous-abasourdis\" target=\"_blank\" rel=\"noreferrer noopener\"><br>La banque CCF licencie plus d\u2019un tiers de ses salari\u00e9s : \u00ab<em>On est tous abasourdis<\/em>\u00bb<\/a> (Mediapart)<\/p>\n\n\n\n<p><a href=\"https:\/\/www.mediapart.fr\/journal\/france\/251224\/entre-total-et-l-universite-de-strasbourg-un-financement-opaque-de-plusieurs-millions-d-euros\" target=\"_blank\" rel=\"noreferrer noopener\">Entre Total et l\u2019universit\u00e9 de Strasbourg, un financement opaque de plusieurs millions \u20ac<\/a> (Rue 89 Strasbourg) (Mediapart)<\/p>\n\n\n\n<p><strong>Monde<\/strong><\/p>\n\n\n\n<p><a href=\"https:\/\/www.rfi.fr\/fr\/moyen-orient\/20241225-syrie-le-dollar-reprend-des-couleurs-et-fait-souffler-un-vent-d-optimisme-sur-l-%C3%A9conomie\"><strong>Syrie<\/strong>&nbsp;: le dollar reprend des couleurs, et fait souffler un vent d\u2019optimisme sur l\u2019\u00e9conomie<\/a> (RFI)<a href=\"https:\/\/www.rfi.fr\/fr\/am%C3%A9riques\/20241224-panama-manifestation-anti-trump-apr%C3%A8s-ses-menaces-de-reprendre-le-contr%C3%B4le-du-canal\"><\/a><\/p>\n\n\n\n<p><strong><a href=\"https:\/\/www.rfi.fr\/fr\/am%C3%A9riques\/20241224-panama-manifestation-anti-trump-apr%C3%A8s-ses-menaces-de-reprendre-le-contr%C3%B4le-du-canal\">Panama : <\/a><\/strong><a href=\"https:\/\/www.rfi.fr\/fr\/am%C3%A9riques\/20241224-panama-manifestation-anti-trump-apr%C3%A8s-ses-menaces-de-reprendre-le-contr%C3%B4le-du-canal\">manifestation anti-Trump apr\u00e8s ses menaces de reprendre le contr\u00f4le du canal<\/a> (RFI)<\/p>\n\n\n\n<p><a href=\"https:\/\/www.alternatives-economiques.fr\/italie-defis-structurels-persistent\/00113383\" target=\"_blank\" rel=\"noreferrer noopener\">En <strong>Italie<\/strong>, malgr\u00e9 la croissance, les d\u00e9fis structurels persistent<\/a> (Alter \u00e9co)<\/p>\n\n\n\n<p><strong>Analyse<\/strong><\/p>\n\n\n\n<p><strong><a href=\"https:\/\/multinationales.org\/fr\/enquetes\/cac40-le-veritable-bilan-annuel-2020\/moins-d-emplois-en-france-et-beaucoup-plus-de-dividendes-vingt-ans-de\">Moins d\u2019emplois en France et (beaucoup) plus de dividendes&nbsp;: vingt ans de soumission du CAC40 aux march\u00e9s financiers<\/a><\/strong> (Observatoire des Multinationales)<\/p>\n\n\n\n<p><strong><strong><mark style=\"background-color:rgba(0, 0, 0, 0);color:#ed1010\" class=\"has-inline-color\">23 d\u00e9cembre<\/mark><\/strong><\/strong><\/p>\n\n\n\n<p><strong>France<\/strong> <a><\/a><\/p>\n\n\n\n<p><a href=\"https:\/\/www.youtube.com\/watch?v=fntgVIFB_XI\"><strong>Eric Coquerel sur LCI \u00ab\u00a0Face aux Fran\u00e7ais Comment sortir de la crise ?<\/strong> [extrait]<\/a> (LCI)<\/p>\n\n\n\n<p><a href=\"https:\/\/www.youtube.com\/watch?v=QAlI_NrIhtw\"><strong>Budget 2025 : chronique d\u2019un \u00e9chec annonc\u00e9<\/strong><\/a>&nbsp;(LCP-Assembl\u00e9e nationale)<\/p>\n\n\n\n<p><a href=\"https:\/\/redirection.b2b.infopro-digital.com\/lnk\/AMcAAFubkOwAAcXGGiwAAHnKuI0AAABZQUUAANzvAAwsSQBnaZkL0M5G5sZsSXmxeT-TfRp1aQAMCy8\/20\/4RSpOWVO2PKza4LmkiE6NQ\/aHR0cDovL3d3dy51c2luZW5vdXZlbGxlLmNvbS9hcnRpY2xlL2VjaGVjLWRlcy1uZWdvY2lhdGlvbnMtZW50cmUtcmVuYXVsdC1ldC1wcml2YXRlLWFzc2V0cy1wYXMtZGUtcmVwcmlzZS1wb3VyLWxhLWZvbmRlcmllLWRlLWJyZXRhZ25lLk4yMjI0NzE5P3V0bV9zb3VyY2U9bmV3c2xldHRlciZ1dG1fbWVkaXVtPWVtYWlsJnV0bV9jYW1wYWlnbj1pbmZvX2xhLXF1b3RpZGllbm5lJmVtYWlsPTIwNDMzMjg2NTMmaWRiZGQ9NTY1NTk\" target=\"_blank\" rel=\"noreferrer noopener\">Pas de reprise pour la Fonderie de Bretagne, apr\u00e8s l&rsquo;\u00e9chec des n\u00e9gociations<\/a> (Usine Nouvelle) &nbsp;<\/p>\n\n\n\n<p><a href=\"https:\/\/redirection.b2b.infopro-digital.com\/lnk\/AMcAAFubkOwAAcXGGiwAAHnKuI0AAABZQUUAANzvAAwsSQBnaZkL0M5G5sZsSXmxeT-TfRp1aQAMCy8\/23\/ATYhGRD1MD4U19gmpPWm2g\/aHR0cDovL3d3dy51c2luZW5vdXZlbGxlLmNvbS9hcnRpY2xlL21vYi1pb24tZmFicmljYW50LWRlLXNjb290ZXJzLWVsZWN0cmlxdWVzLWV0LXBvdXJmZW5kZXVyLWRlLWwtb2Jzb2xlc2NlbmNlLXByb2dyYW1tZWUtY2hlcmNoZS11bi1yZXByZW5ldXIuTjIyMjQ3Mjk_dXRtX3NvdXJjZT1uZXdzbGV0dGVyJnV0bV9tZWRpdW09ZW1haWwmdXRtX2NhbXBhaWduPWluZm9fbGEtcXVvdGlkaWVubmUmZW1haWw9MjA0MzMyODY1MyZpZGJkZD01NjU1OQ\" target=\"_blank\" rel=\"noreferrer noopener\">Les raisons de la liquidation du fabricant de scooters \u00e9lectriques Made in France Mob-ion<\/a> (Usine Nouvelle)<\/p>\n\n\n\n<p><a href=\"https:\/\/lessoulevementsdelaterre.org\/blog\/la-lutte-contre-les-licenciements-est-ecologiste\"><strong>La lutte contre les licenciements dans l\u2019industrie est une lutte \u00e9cologiste <\/strong><\/a>(Les SDT)<\/p>\n\n\n\n<p><a href=\"https:\/\/lessoulevementsdelaterre.org\/blog\/la69-est-en-sursis-portons-lui-le-coup-de-grace\">L&rsquo;A69 est en sursis, portons-lui le coup de gr\u00e2ce !<\/a> (Les SDT)<\/p>\n\n\n\n<p><a href=\"https:\/\/www.latribune.fr\/economie\/france\/budget-2025-la-loi-speciale-est-promulguee-1014492.html\">Budget 2025&nbsp;: la \u00ab loi sp\u00e9ciale \u00bb est promulgu\u00e9e<\/a> (La Tribune)<a href=\"https:\/\/www.latribune.fr\/economie\/france\/la-cgt-arrive-en-tete-des-syndicats-de-tpe-apres-une-abstention-record-1014465.html\"><\/a><\/p>\n\n\n\n<p><a href=\"https:\/\/www.latribune.fr\/economie\/france\/la-cgt-arrive-en-tete-des-syndicats-de-tpe-apres-une-abstention-record-1014465.html\">La CGT arrive en t\u00eate des syndicats de TPE, apr\u00e8s une abstention record<\/a> (La Tribune)<\/p>\n\n\n\n<p><a href=\"https:\/\/www.francetvinfo.fr\/economie\/energie\/recit-epr-de-flamanville-de-la-construction-a-la-mise-en-service-on-vous-raconte-l-interminable-calvaire-pour-le-nucleaire-francais_6825413.html\">EPR de Flamanville : de la construction \u00e0 la mise en service, on vous raconte l&rsquo;interminable calvaire pour le nucl\u00e9aire fran\u00e7ais<\/a> (France Info)<\/p>\n\n\n\n<p><a href=\"https:\/\/www.humanite.fr\/social-et-economie\/asn\/fusion-asn-irsn-amertume-immense-gachis-tristesse-dernier-jour-des-salaries-de-lexpert-du-nucleaire\" target=\"_blank\" rel=\"noreferrer noopener\">Fusion ASN-IRSN : \u00ab<em>amertume, immense g\u00e2chis, tristesse<\/em>\u00bb\u2026 dernier jour des salari\u00e9s de l\u2019expert du nucl\u00e9aire, avant leur absorption<\/a>&nbsp;(L\u2019Humanit\u00e9)<\/p>\n\n\n\n<p><a href=\"https:\/\/www.humanite.fr\/social-et-economie\/cgt\/chapelle-darblay-letat-a-cinq-mois-pour-sauver-le-projet\" target=\"_blank\" rel=\"noreferrer noopener\">Chapelle Darblay : l\u2019\u00c9tat a cinq mois pour sauver le projet<\/a>&nbsp;(L\u2019Humanit\u00e9)<\/p>\n\n\n\n<p><a href=\"https:\/\/www.alternatives-economiques.fr\/productivite-france-decroche\/00113496\" target=\"_blank\" rel=\"noreferrer noopener\">Productivit\u00e9 : pourquoi la France d\u00e9croche<\/a> (Alter \u00e9co)<\/p>\n\n\n\n<p><strong>Monde<\/strong><\/p>\n\n\n\n<p><a href=\"https:\/\/redirection.b2b.infopro-digital.com\/lnk\/AMcAAFubkOwAAcXGGiwAAHnKuI0AAABZQUUAANzvAAwsSQBnaZkL0M5G5sZsSXmxeT-TfRp1aQAMCy8\/5\/7YV7oLv5pyjTaTxV6ExIDw\/aHR0cDovL3d3dy51c2luZW5vdXZlbGxlLmNvbS9hcnRpY2xlL2xlcy1jb25zdHJ1Y3RldXJzLWF1dG9tb2JpbGVzLWhvbmRhLWV0LW5pc3Nhbi1wcmV2b2llbnQtdW5lLWZ1c2lvbi1lbi1hb3V0LTIwMjYuTjIyMjQ3MjU_dXRtX3NvdXJjZT1uZXdzbGV0dGVyJnV0bV9tZWRpdW09ZW1haWwmdXRtX2NhbXBhaWduPWluZm9fbGEtcXVvdGlkaWVubmUmZW1haWw9MjA0MzMyODY1MyZpZGJkZD01NjU1OQ\" target=\"_blank\" rel=\"noreferrer noopener\">Fusion pr\u00e9vue en ao\u00fbt 2026 pour Honda et Nissan<\/a> (Usine Nouvelle) &nbsp;<\/p>\n\n\n\n<p><a href=\"https:\/\/redirection.b2b.infopro-digital.com\/lnk\/AMcAAFubkOwAAcXGGiwAAHnKuI0AAABZQUUAANzvAAwsSQBnaZkL0M5G5sZsSXmxeT-TfRp1aQAMCy8\/13\/-YnZdlCpszH3qdhE_uZN9A\/aHR0cDovL3d3dy51c2luZW5vdXZlbGxlLmNvbS9hcnRpY2xlLzIwMjQtcmVzdGVyYS1sLXVuZS1kZXMtcGlyZXMtYW5uZWVzLWRlLWwtaGlzdG9pcmUtZGUtYm9laW5nLk4yMjI0NTc3P3V0bV9zb3VyY2U9bmV3c2xldHRlciZ1dG1fbWVkaXVtPWVtYWlsJnV0bV9jYW1wYWlnbj1pbmZvX2xhLXF1b3RpZGllbm5lJmVtYWlsPTIwNDMzMjg2NTMmaWRiZGQ9NTY1NTk\" target=\"_blank\" rel=\"noreferrer noopener\">2024 restera l&rsquo;une des pires ann\u00e9es de l&rsquo;histoire de Boeing<\/a> (Usine Nouvelle) &nbsp;<\/p>\n\n\n\n<p><a href=\"https:\/\/www.latribune.fr\/entreprises-finance\/industrie\/automobile\/dans-l-ohio-stellantis-renonce-a-licencier-1-100-salaries-de-jeep-1014598.html\">Dans l&rsquo;<strong>Ohio<\/strong>, Stellantis renonce \u00e0 licencier 1.100 salari\u00e9s de Jeep<\/a> (La Tribune)<\/p>\n\n\n\n<p><a href=\"https:\/\/infos.lemonde.fr\/optiext\/optiextension.dll?ID=tXWt2zzpY7zaJ%2BdzcGMe4NbPGIKI2TCyWLZD4iZ7LX4bYO5d7OwGXblGJGr0Wa5ZJH5_I7_lWtVllFTrIi_wmwM93n8nUwksFEWZEiZ1\" target=\"_blank\" rel=\"noreferrer noopener\">Volkswagen, le premier constructeur automobile europ\u00e9en, va supprimer plus de 35&nbsp;000 emplois<\/a> (Le Monde)<\/p>\n\n\n\n<p><a href=\"https:\/\/www.wsws.org\/fr\/articles\/2024\/12\/22\/boir-d22.html\"><strong>Allemagne<\/strong> : IG Metall approuve 35 000 suppressions d&#8217;emplois et des milliards \u20ac de baisse des salaires chez VW<\/a> (WSW)<\/p>\n\n\n\n<p><a href=\"https:\/\/reflets.info\/articles\/antisemitisme-sur-x-bien-plus-que-de-simples-derapages\" target=\"_blank\" rel=\"noreferrer noopener\">Antis\u00e9mitisme sur X : bien plus que de simples d\u00e9rapages<\/a> (Reflets.info)<\/p>\n\n\n\n<p><a href=\"https:\/\/redirection.b2b.infopro-digital.com\/lnk\/AU8AAFtCNPUAAcXGGeAAAHnKuI0AAABZQTkAANzrAAwsSQBnZrcvFLG_xYQ_RqaiwfMYXZuoFgAMCy8\/20\/9Jh-I8QeDL0JSun9TMw7UA\/aHR0cHM6Ly93d3cudXNpbmUtZGlnaXRhbGUuZnIvYXJ0aWNsZS9pbnRlcmRpY3Rpb24tYXV4LWV0YXRzLXVuaXMtZHNhLWVuLWV1cm9wZS10aWt0b2stZmFjZS1hdXgtbWVuYWNlcy5OMjIyNDQ0Nz91dG1fc291cmNlPW5ld3NsZXR0ZXImdXRtX21lZGl1bT1lbWFpbCZ1dG1fY2FtcGFpZ249aW5mb191ZC13ZWVrLWVuZCZlbWFpbD0yMDQzMzI4NjUzJmlkYmRkPTU2NTU1\" target=\"_blank\" rel=\"noreferrer noopener\">Interdiction aux <strong>Etats-Unis<\/strong>, DSA en <strong>Europe<\/strong> : TikTok face aux menaces<\/a> (Usine Digitale)<\/p>\n\n\n\n<p><a href=\"https:\/\/www.alternatives-economiques.fr\/taher-labadi-leconomie-un-champ-de-bataille-se-joue-survie\/00113513\" target=\"_blank\" rel=\"noreferrer noopener\"><strong>Taher Labadi : \u00ab<em>L\u2019\u00e9conomie est un champ de bataille o\u00f9 se joue la survie du peuple palestinien<\/em>\u00bb<\/strong><\/a> (Alter \u00e9co)<\/p>\n\n\n\n<p><strong>Analyse<\/strong><\/p>\n\n\n\n<p><a href=\"https:\/\/multinationales.org\/fr\/actualites\/une-vaste-redistribution-des-richesses-vers-le-haut-les-chiffres-vertigineux-du\"><strong>Une vaste redistribution des richesses&#8230; vers le haut. Les chiffres vertigineux du CAC 40 <\/strong><\/a>&nbsp;(Observatoire des Multinationales)<\/p>\n\n\n\n<p><a href=\"https:\/\/r.info.newsletter-dgtresor.fr\/mk\/cl\/f\/sh\/6rqJfgq8dINmO7oIiP6yOxWKDCL\/ZGSWY57zdGUP\" target=\"_blank\" rel=\"noreferrer noopener\">Retour sur les pr\u00e9visions \u00e9conomiques du Gouvernement pour 2023 et 2024<\/a> (Tr\u00e9sor-\u00e9co)<\/p>\n\n\n\n<p><a href=\"https:\/\/r.info.newsletter-dgtresor.fr\/mk\/cl\/f\/sh\/6rqJfgq8dIPRQa6SCiWWKYeFqVN\/IqcVsoLH-JUW\" target=\"_blank\" rel=\"noreferrer noopener\">La cha\u00eene de valeur de l&rsquo;intelligence artificielle : enjeux \u00e9conomiques et place de la France<\/a> (Tr\u00e9sor-\u00e9co)<\/p>\n\n\n\n<p><strong><strong><mark style=\"background-color:rgba(0, 0, 0, 0);color:#ed1010\" class=\"has-inline-color\">20 d\u00e9cembre<\/mark><\/strong><\/strong><\/p>\n\n\n\n<p><strong>France<\/strong><\/p>\n\n\n\n<p><strong><a href=\"https:\/\/www.mediapart.fr\/journal\/politique\/201224\/pacte-de-silence-pourquoi-la-mise-en-examen-d-alexis-kohler-est-confirmee\" target=\"_blank\" rel=\"noreferrer noopener\">\u00abPacte de silence\u00bb: pourquoi la mise en examen d\u2019Alexis Kohler est confirm\u00e9e<\/a><\/strong> -Martine Orange (Mediapart)<\/p>\n\n\n\n<p><strong><a href=\"https:\/\/www.blast-info.fr\/articles\/2024\/revelations-une-affaire-detat-comment-les-patrons-preferes-de-la-macronie-ont-detourne-largent-du-covid-mmWJzFRSQEmqXFo9QWVQtg\" target=\"_blank\" rel=\"noreferrer noopener\">Une affaire d&rsquo;\u00c9tat : Comment les patrons pr\u00e9f\u00e9r\u00e9s de la Macronie ont d\u00e9tourn\u00e9 l&rsquo;argent du Covid<\/a><\/strong> (Blast)<\/p>\n\n\n\n<p><strong><a href=\"https:\/\/newsletter.liberation.fr\/m\/ml\/200138\/542348\/r2wt97wCnlYTRaFg94BtWA1u4knnCbk2a79Jxsgh-Ho=\/cil+cu1B9BCoPilCbbUmm2R0SQVGu1PoCSUT9mIiHY0=\/gwVOTF9PcGluaW9uc18yMDI0LTEyLTIw\" target=\"_blank\" rel=\"noreferrer noopener\">L\u2019EPR de Flamanville enfin en service, mais ce n\u2019est pas encore la f\u00eate du \u00abnouveau nucl\u00e9aire\u00bb<\/a> <\/strong>(Lib\u00e9ration)<\/p>\n\n\n\n<p><strong><a href=\"https:\/\/www.francetvinfo.fr\/societe\/nucleaire\/pourquoi-edf-a-t-il-autant-sous-estime-le-cout-et-la-duree-du-chantier-de-l-epr-de-flamanville_6829382.html\">Pourquoi EDF a-t-il autant sous-estim\u00e9 le co\u00fbt et la dur\u00e9e du chantier de l&rsquo;EPR de Flamanville&nbsp;?<\/a><\/strong> (France Info)<\/p>\n\n\n\n<p><a href=\"https:\/\/redirection.b2b.infopro-digital.com\/lnk\/AW0AAFzViWgAAcXGGIIAAHnKuI0AAABZQUUAANzvAAwsSQBnZF4eTXxn7CbFR1iFsVMP4bIAQwAMCy8\/13\/frXDd9qlOhlHFcvPenWxGQ\/aHR0cDovL3d3dy51c2luZW5vdXZlbGxlLmNvbS9lZGl0b3JpYWwvYXNtbC1zLW9mZnJlLWxlcy1zZXJ2aWNlcy1kZS1sLWFuY2llbi1taW5pc3RyZS1kZS1sLWVjb25vbWllLWJydW5vLWxlLW1haXJlLk4yMjI0NTMyP3V0bV9zb3VyY2U9bmV3c2xldHRlciZ1dG1fbWVkaXVtPWVtYWlsJnV0bV9jYW1wYWlnbj1pbmZvX2xhLXF1b3RpZGllbm5lJmVtYWlsPTIwNDMzMjg2NTMmaWRiZGQ9NTY1NTk\" target=\"_blank\" rel=\"noreferrer noopener\">ASML s&rsquo;offre les services de l&rsquo;ancien ministre de l&rsquo;Economie Bruno Le Maire<\/a> (La Lettre)<a href=\"https:\/\/www.francetvinfo.fr\/replay-magazine\/france-2\/envoye-special\/envoye-special-temu-toujours-moins-cher-mais-a-quel-prix_6937022.html\"><\/a><\/p>\n\n\n\n<p><a href=\"https:\/\/www.francetvinfo.fr\/replay-magazine\/france-2\/envoye-special\/envoye-special-temu-toujours-moins-cher-mais-a-quel-prix_6937022.html\">\u00ab\u00a0Envoy\u00e9 sp\u00e9cial\u00a0\u00bb. Temu : toujours moins cher&#8230; mais \u00e0 quel prix ?<\/a> (France 2)<a href=\"https:\/\/www.francetvinfo.fr\/economie\/emploi\/chomage\/le-gouvernement-valide-l-accord-sur-l-assurance-chomage-conclu-par-les-partenaires-sociaux_6966680.html\"><\/a><\/p>\n\n\n\n<p><a href=\"https:\/\/www.francetvinfo.fr\/economie\/emploi\/chomage\/le-gouvernement-valide-l-accord-sur-l-assurance-chomage-conclu-par-les-partenaires-sociaux_6966680.html\">Le gouvernement valide l&rsquo;accord sur l&rsquo;assurance-ch\u00f4mage conclu par les partenaires sociaux<\/a> (France Info)<\/p>\n\n\n\n<p><a href=\"https:\/\/www.connaissancedesenergies.org\/afp\/un-rapport-parlementaire-presente-30-mesures-pour-faciliter-les-projets-miniers-en-france-241218\">Un rapport parlementaire pr\u00e9sente 30 mesures pour faciliter les projets miniers en France<\/a> (AFP)<a href=\"https:\/\/www.francetvinfo.fr\/economie\/emploi\/metiers\/agriculture\/le-groupe-lactalis-regle-475-millions-d-euros-au-fisc-francais-pour-clore-un-differend-sur-des-operations-de-financement_6965480.html\"><\/a><\/p>\n\n\n\n<p><a href=\"https:\/\/www.francetvinfo.fr\/economie\/emploi\/metiers\/agriculture\/le-groupe-lactalis-regle-475-millions-d-euros-au-fisc-francais-pour-clore-un-differend-sur-des-operations-de-financement_6965480.html\">Le groupe Lactalis r\u00e8gle 475 millions \u20ac au fisc fran\u00e7ais pour \u00ab\u00a0clore un diff\u00e9rend\u00a0\u00bb sur des op\u00e9rations de financement<\/a> (France Info)<\/p>\n\n\n\n<p><strong><a href=\"https:\/\/www.lemediatv.fr\/emissions\/2024\/revelations-comment-la-machine-edf-brise-ses-salaries-et-veut-les-faire-taire-G2lDUPcFQEqoR_f1N4ZE5A\" target=\"_blank\" rel=\"noreferrer noopener\">R\u00e9v\u00e9lations : comment la machine EDF brise ses salari\u00e9s et veut les faire taire<\/a><\/strong>&nbsp;(Le M\u00e9dia)<\/p>\n\n\n\n<p><strong>Monde<\/strong><\/p>\n\n\n\n<p><a href=\"https:\/\/www.connaissancedesenergies.org\/afp\/uranium-orano-engage-un-arbitrage-international-contre-letat-du-niger-241220\">Uranium : Orano engage \u00ab un arbitrage international \u00bb contre l&rsquo;\u00c9tat du Niger<\/a> (AFP)<\/p>\n\n\n\n<p><a href=\"https:\/\/www.mediapart.fr\/journal\/international\/201224\/le-bresil-de-lula-sous-la-pression-des-marches-financiers\" target=\"_blank\" rel=\"noreferrer noopener\">Le Br\u00e9sil de Lula sous la pression des march\u00e9s financiers<\/a> (Mediapart)<\/p>\n\n\n\n<p><a href=\"https:\/\/redirection.b2b.infopro-digital.com\/lnk\/AWwAAF1JwrgAAcXGGKgAAHnKuI0AAABZQTkAANzxAAwsSQBnZQ9RgyepjFnDR-278XIeepi5jAAMCy8\/9\/ARvJpZHcy_cxzEIDgLC7Ag\/aHR0cDovL3d3dy51c2luZS1kaWdpdGFsZS5mci9hcnRpY2xlL2VuLTIwMjQtbWljcm9zb2Z0LWFtYXpvbi1nb29nbGUtZXQtbWV0YS1vbnQtZGVwZW5zZS0xMDAtbWlsbGlhcmRzLWRlLWRvbGxhcnMtZGFucy1sZXVycy1pbmZyYXN0cnVjdHVyZXMtZC1pYS5OMjIyNDUwMz91dG1fc291cmNlPW5ld3NsZXR0ZXImdXRtX21lZGl1bT1lbWFpbCZ1dG1fY2FtcGFpZ249aW5mb191ZC1xdW90aWRpZW5uZSZlbWFpbD0yMDQzMzI4NjUzJmlkYmRkPTU2NTYx\" target=\"_blank\" rel=\"noreferrer noopener\">En 2024, Microsoft, Amazon, Google et Meta ont d\u00e9pens\u00e9 100 milliards $ dans leurs infrastructures d&rsquo;IA<\/a> (Usine Digitale)<\/p>\n\n\n\n<p><a><\/a><a href=\"https:\/\/redirection.b2b.infopro-digital.com\/lnk\/AW0AAFzViWgAAcXGGIIAAHnKuI0AAABZQUUAANzvAAwsSQBnZF4eTXxn7CbFR1iFsVMP4bIAQwAMCy8\/16\/DyJBHajgdY3DjDxQIWC4fA\/aHR0cDovL3d3dy51c2luZW5vdXZlbGxlLmNvbS9hcnRpY2xlL2wtYWxsZW1hZ25lLWV4aG9ydGUtbC11ZS1hLW5lLXBhcy1wZW5hbGlzZXItbGUtc2VjdGV1ci1hdXRvLXBvdXItbGVzLWVtaXNzaW9ucy1jYXJib25lcy5OMjIyNDUxND91dG1fc291cmNlPW5ld3NsZXR0ZXImdXRtX21lZGl1bT1lbWFpbCZ1dG1fY2FtcGFpZ249aW5mb19sYS1xdW90aWRpZW5uZSZlbWFpbD0yMDQzMzI4NjUzJmlkYmRkPTU2NTU5\" target=\"_blank\" rel=\"noreferrer noopener\"><strong>Plusieurs pays exhortent l&rsquo;UE \u00e0 ne pas p\u00e9naliser le secteur auto pour ses \u00e9missions carbone<\/strong><\/a> (Usine Nouvelle) &nbsp;<\/p>\n\n\n\n<p><a href=\"https:\/\/www.connaissancedesenergies.org\/afp\/volodymyr-zelensky-soppose-un-eventuel-transit-de-gaz-russe-achete-par-lazerbaidjan-vers-lue-241219\">Volodymyr Zelensky s&rsquo;oppose \u00e0 un \u00e9ventuel transit de gaz russe achet\u00e9 par l&rsquo;<strong>Azerba\u00efdjan<\/strong> vers l&rsquo;<strong>UE<\/strong><\/a> (AFP)<\/p>\n\n\n\n<p><a href=\"https:\/\/www.connaissancedesenergies.org\/afp\/la-ministre-suedoise-de-lenergie-est-furieuse-contre-les-allemands-241219\">La ministre <strong>su\u00e9doise<\/strong> de l&rsquo;\u00c9nergie est \u00ab <em>furieuse contre les Allemands<\/em> \u00bb<\/a> (AFP)<\/p>\n\n\n\n<p><a href=\"https:\/\/www.latribune.fr\/opinions\/achetez-americain-supplie-la-presidente-de-la-bce-1013736.html\"><strong>Europe<\/strong>.&nbsp;\u00ab&nbsp;<em>Achetez am\u00e9ricain&nbsp;!<\/em>&nbsp;\u00bb, supplie la pr\u00e9sidente de la BCE<\/a>&nbsp;(La Tribune)<\/p>\n\n\n\n<p><a href=\"https:\/\/theconversation.com\/les-etats-unis-vers-un-national-capitalisme-autoritaire-245250?utm_medium=email&amp;utm_campaign=La%20lettre%20de%20The%20Conversation%20France%20du%2016%20dcembre%202024%20-%203201832653&amp;utm_content=La%20lettre%20de%20The%20Conversation%20France%20du%2016%20dcembre%202024%20-%203201832653+CID_8716f0adaeda54055084f49148766634&amp;utm_source=campaign_monitor_fr&amp;utm_term=Les%20tats-Unis%20vers%20un%20national-capitalisme%20autoritaire\">Les <strong>\u00c9tats-Unis<\/strong> vers un national-capitalisme autoritaire&nbsp;?<\/a>&nbsp;(The Conversation)<\/p>\n\n\n\n<p><strong>Analyse<\/strong><\/p>\n\n\n\n<p><strong><a href=\"https:\/\/www.alternatives-economiques.fr\/empire-drahi-paiera-pots-casses-demantelement\/00113291\" target=\"_blank\" rel=\"noreferrer noopener\">Qui paiera les pots cass\u00e9s du d\u00e9mant\u00e8lement de l&#8217;empire Drahi ?&nbsp;<\/a><\/strong> (Alter \u00e9co)<\/p>\n\n\n\n<p><a href=\"https:\/\/www.alternatives-economiques.fr\/florence-jany-catrice-ne-faut-plus-reflechir-termes-de-quete-de\/00113502\" target=\"_blank\" rel=\"noreferrer noopener\">Florence Jany-Catrice : \u00ab<em>Il ne faut plus r\u00e9fl\u00e9chir en termes de qu\u00eate de gains de productivit\u00e9<\/em>\u00bb<\/a>&nbsp;(Alter \u00e9co)<\/p>\n\n\n\n<p><strong><a href=\"https:\/\/76835.r.sp1-brevo.net\/mk\/cl\/f\/sh\/1t6Af4OiGsEagAv2XXyyCnUomOnK1k\/i2uTi16Y91F4\" target=\"_blank\" rel=\"noreferrer noopener\">La solvabilit\u00e9 des \u00c9tats et leurs d\u00e9fauts 2024<\/a><\/strong> (Elucid)<\/p>\n\n\n\n<p><a href=\"https:\/\/link.newsletter.franceculture.fr\/m\/ml\/7429\/915058\/7g0w0xS_N1gFtJlcQdolmTpmupHr9kHruIq3rjqpfEg=\/DjgaAy+it4jlOU-LsYFebW4UEmSEN8nm9Nv0C05755w=\/\" target=\"_blank\" rel=\"noreferrer noopener\">L\u00e9on Walras, en \u00e9quilibre<\/a> (France Culture)<\/p>\n\n\n\n<p><a href=\"https:\/\/www.alternatives-economiques.fr\/lamiante-entame-une-seconde-carriere\/00113508\" target=\"_blank\" rel=\"noreferrer noopener\">L\u2019amiante entame une seconde carri\u00e8re<\/a>&nbsp;(Alter \u00e9co)<\/p>\n\n\n\n<p><strong><strong><mark style=\"background-color:rgba(0, 0, 0, 0);color:#ed1010\" class=\"has-inline-color\">18 d\u00e9cembre<\/mark><\/strong><\/strong><\/p>\n\n\n\n<p><strong>France<\/strong><\/p>\n\n\n\n<p><a href=\"https:\/\/www.alternatives-economiques.fr\/couts-economiques-blocage-politique\/00113500\" target=\"_blank\" rel=\"noreferrer noopener\">Quels sont les co\u00fbts \u00e9conomiques du blocage politique ?<\/a>&nbsp; (Alter \u00e9co)<\/p>\n\n\n\n<p><a href=\"https:\/\/www.alternatives-economiques.fr\/productivite-probleme-cetait-capital\/00113490\" target=\"_blank\" rel=\"noreferrer noopener\"><strong>Productivit\u00e9 : et si le probl\u00e8me c&rsquo;\u00e9tait (aussi) le capital ?<\/strong><\/a>&nbsp;(Alter \u00e9co)<\/p>\n\n\n\n<p><a href=\"https:\/\/www.alternatives-economiques.fr\/productivite-raisons-de-panne\/00113467\" target=\"_blank\" rel=\"noreferrer noopener\">Productivit\u00e9 : les raisons de la panne<\/a>&nbsp;(Alter \u00e9co)<\/p>\n\n\n\n<p><a href=\"https:\/\/link.newsletter.franceculture.fr\/m\/ml\/7429\/914831\/_Cx97Xo8vvVfH9zjTp7bq0BbOnNDRL2hn3YRWM9BNx4=\/CN-RnacerpOQPc9UDI8nmHaS-PPDwIl7sxTdc9b74HI=\/\" target=\"_blank\" rel=\"noreferrer noopener\">Fin des concessions&nbsp;: que vont devenir les autoroutes&nbsp;?<\/a> (France Culture)<\/p>\n\n\n\n<p><a href=\"https:\/\/api.indigo-net.com\/email\/RedirectionEmailing?mail=n.chevillard@noos.fr&amp;ID=690950&amp;DOCIID=109703480&amp;ENAIID=964696&amp;RETOUR=SIMPLE&amp;link=https:\/\/www.lalettre.fr\/fr\/entreprises_grande-distribution-et-services\/2024\/12\/18\/jouant-la-montre-auchan-espere-tirer-400-millions-d-euros-de-sa-filiale-en-russie,110353498-art?cxt=PUB&amp;utm_source=LLA&amp;utm_medium=email&amp;utm_campaign=AUTO_EDIT_SOM_PROS\" target=\"_blank\" rel=\"noreferrer noopener\">Jouant la montre, Auchan esp\u00e8re tirer 400&nbsp;millions \u20ac de sa filiale en Russie<\/a> (La Lettre)<\/p>\n\n\n\n<p><a href=\"https:\/\/www.connaissancedesenergies.org\/afp\/nucleaire-edf-va-raccorder-lepr-de-flamanville-au-reseau-ce-vendredi-241218\">Nucl\u00e9aire : EDF va raccorder l&rsquo;EPR de Flamanville au r\u00e9seau ce vendredi<\/a> (AFP)<\/p>\n\n\n\n<p><a href=\"https:\/\/redirection.b2b.infopro-digital.com\/lnk\/AVUAAFs_OoEAAcXGF7QAAHnKuI0AAABZQUUAANzvAAwsSQBnYwn-vphwMnFbSyak0rmmY6nU8AAMCy8\/5\/aVZQhvdkwFAuFprHN7M1WA\/aHR0cDovL3d3dy51c2luZW5vdXZlbGxlLmNvbS9hcnRpY2xlL2xlcy1ldGFwZXMtcG91ci1sLWVwci1kZS1mbGFtYW52aWxsZS1hcHJlcy1zb24tY291cGxhZ2UtYXUtcmVzZWF1Lk4yMjI0NDY5P3V0bV9zb3VyY2U9bmV3c2xldHRlciZ1dG1fbWVkaXVtPWVtYWlsJnV0bV9jYW1wYWlnbj1pbmZvX2xhLXF1b3RpZGllbm5lJmVtYWlsPTIwNDMzMjg2NTMmaWRiZGQ9NTY1NTk\" target=\"_blank\" rel=\"noreferrer noopener\">Les prochaines \u00e9tapes pour l&rsquo;EPR de Flamanville apr\u00e8s son couplage au r\u00e9seau<\/a> (Usine Nouvelle) &nbsp;<\/p>\n\n\n\n<p><a href=\"https:\/\/redirection.b2b.infopro-digital.com\/lnk\/AVUAAFs_OoEAAcXGF7QAAHnKuI0AAABZQUUAANzvAAwsSQBnYwn-vphwMnFbSyak0rmmY6nU8AAMCy8\/20\/CzuU9_YAlRMP0V2LQGK8xw\/aHR0cDovL3d3dy51c2luZW5vdXZlbGxlLmNvbS9lZGl0b3JpYWwvZW4tcmVkcmVzc2VtZW50LWp1ZGljaWFpcmUtbGUtZmFicmljYW50LWRlLW1ldWJsZXMtZ2F1dGllci1zdXBwcmltZS01MC1wb3N0ZXMuTjIyMjQ0Nzc_dXRtX3NvdXJjZT1uZXdzbGV0dGVyJnV0bV9tZWRpdW09ZW1haWwmdXRtX2NhbXBhaWduPWluZm9fbGEtcXVvdGlkaWVubmUmZW1haWw9MjA0MzMyODY1MyZpZGJkZD01NjU1OQ\" target=\"_blank\" rel=\"noreferrer noopener\">Le fabricant de meubles Gautier supprime 50 postes<\/a> (Usine Nouvelle) &nbsp;<\/p>\n\n\n\n<p><a href=\"https:\/\/redirection.b2b.infopro-digital.com\/lnk\/AVQAAFrIDT8AAcXGFrwAAHnKuI0AAABZQUUAANzvAAwsSQBnYbc3GmXNCVKmR3OMzXkMdoY-jAAMCy8\/5\/GpF-OVgW5r6nA2YMV_yGjA\/aHR0cDovL3d3dy51c2luZW5vdXZlbGxlLmNvbS9lZGl0b3JpYWwvZGVwZW5zZXMtcHVibGlxdWVzLWV0LWludmVzdGlzc2VtZW50cy1hdS1wb2ludC1tb3J0LWwtaW5zZWUtdGFibGUtc3VyLXVuZS1jcm9pc3NhbmNlLW1vcmlib25kZS1lbi0yMDI1Lk4yMjI0NDI1P3V0bV9zb3VyY2U9bmV3c2xldHRlciZ1dG1fbWVkaXVtPWVtYWlsJnV0bV9jYW1wYWlnbj1pbmZvX2xhLXF1b3RpZGllbm5lJmVtYWlsPTIwNDMzMjg2NTMmaWRiZGQ9NTY1NTk\" target=\"_blank\" rel=\"noreferrer noopener\">L\u2019Insee table sur une croissance moribonde en 2025<\/a> (Usine Nouvelle) &nbsp;<\/p>\n\n\n\n<p><a href=\"https:\/\/redirection.b2b.infopro-digital.com\/lnk\/AVQAAFrIDT8AAcXGFrwAAHnKuI0AAABZQUUAANzvAAwsSQBnYbc3GmXNCVKmR3OMzXkMdoY-jAAMCy8\/10\/wo2RmAV54mHNSjypmk7FMQ\/aHR0cDovL3d3dy51c2luZW5vdXZlbGxlLmNvbS9hcnRpY2xlL2xhLXNuY2YtcHJldm9pdC1kZXMtcmVzZXJ2YXRpb25zLXJlY29yZC1wb3VyLWxlcy1mZXRlcy1kZS1maW4tZC1hbm5lZS5OMjIyNDQxMD91dG1fc291cmNlPW5ld3NsZXR0ZXImdXRtX21lZGl1bT1lbWFpbCZ1dG1fY2FtcGFpZ249aW5mb19sYS1xdW90aWRpZW5uZSZlbWFpbD0yMDQzMzI4NjUzJmlkYmRkPTU2NTU5\" target=\"_blank\" rel=\"noreferrer noopener\">La SNCF pr\u00e9voit des r\u00e9servations record pour les f\u00eates de fin d\u2019ann\u00e9e<\/a> (Usine Nouvelle) &nbsp;<\/p>\n\n\n\n<p><strong><a href=\"https:\/\/marsactu.fr\/la-fondation-cma-cgm-redoutable-outil-de-soft-power-des-saade\/\" target=\"_blank\" rel=\"noreferrer noopener\">La fondation CMA CGM, redoutable outil de <em>soft power<\/em> des Saad\u00e9<\/a><\/strong>&nbsp;(Marsactu)<\/p>\n\n\n\n<p><a href=\"https:\/\/www.humanite.fr\/social-et-economie\/caisse-des-depots\/transdev-vers-un-rachat-des-participations-de-la-caisse-des-depots-par-rethmann\">Transdev&nbsp;: vers un rachat des participations de la Caisse des d\u00e9p\u00f4ts par Rethmann<\/a> (l\u2019Humanit\u00e9)<\/p>\n\n\n\n<p><a href=\"https:\/\/www.connaissancedesenergies.org\/le-prix-des-capacites-electriques-chute-zero-debut-decembre\">Le prix des capacit\u00e9s \u00e9lectriques a chut\u00e9 \u00e0 z\u00e9ro d\u00e9but d\u00e9cembre<\/a> (Connaissance des \u00e9nergies) <strong>&nbsp;&nbsp;<\/strong><\/p>\n\n\n\n<p><strong>Monde<\/strong><\/p>\n\n\n\n<p><strong><a href=\"https:\/\/www.connaissancedesenergies.org\/afp\/retards-surcouts-deboires-les-grandes-dates-des-epr-dans-le-monde-241218\">Retards, surco\u00fbts, d\u00e9boires : les grandes dates des EPR dans le monde<\/a> <\/strong>(AFP)<\/p>\n\n\n\n<p><a href=\"https:\/\/www.connaissancedesenergies.org\/afp\/la-demande-mondiale-de-charbon-atteint-de-nouveaux-sommets-en-2024-241218\">La demande mondiale de charbon atteint de nouveaux sommets en 2024<\/a> (AFP)<\/p>\n\n\n\n<p><strong>Analyse<\/strong><\/p>\n\n\n\n<p><strong><a href=\"https:\/\/www.connaissancedesenergies.org\/electricite-le-tarif-reglemente-nest-pas-protecteur-il-est-spoliateur\">\u00c9lectricit\u00e9 : \u00ab le tarif r\u00e9glement\u00e9 n&rsquo;est pas protecteur, il est spoliateur<\/a> <\/strong>(Connaissance des \u00e9nergies)&nbsp; &nbsp;<\/p>\n\n\n\n<p><a href=\"https:\/\/www.connaissancedesenergies.org\/tribune-climatoscepticisme-petrosavoirs\">Les \u00ab p\u00e9trosavoirs \u00bb, alli\u00e9s des climatosceptiques contre les \u00e9nergies renouvelables<\/a> (Connaissance des \u00e9nergies)&nbsp; &nbsp;<\/p>\n\n\n\n<p><strong><strong><mark style=\"background-color:rgba(0, 0, 0, 0);color:#ed1010\" class=\"has-inline-color\">16 d\u00e9cembre<\/mark><\/strong><\/strong><\/p>\n\n\n\n<p><strong>France<\/strong><\/p>\n\n\n\n<p><a href=\"https:\/\/www.alternatives-economiques.fr\/10-dossiers-chauds-attendent-francois-bayrou\/00113472\" target=\"_blank\" rel=\"noreferrer noopener\">Les 10 dossiers chauds qui attendent Fran\u00e7ois Bayrou<\/a> (Alter \u00e9co)<\/p>\n\n\n\n<p><strong><a href=\"https:\/\/www.lemonde.fr\/les-decodeurs\/article\/2024\/12\/12\/budget-que-prevoit-la-loi-speciale-et-quels-seront-ses-effets-au-1er-janvier_6444617_4355770.html\">Budget&nbsp;: que pr\u00e9voit la loi sp\u00e9ciale et quels seront ses effets au 1\u1d49\u02b3&nbsp;janvier&nbsp;2025&nbsp;?<\/a> <\/strong>(Le Monde)<\/p>\n\n\n\n<p><a href=\"https:\/\/76835.r.sp1-brevo.net\/mk\/cl\/f\/sh\/1t6Af4OiGsEagAv2XXyyCnUomOnK1k\/jIri40Ug29bH\" target=\"_blank\" rel=\"noreferrer noopener\">Doliprane devient am\u00e9ricain : la France s\u2019enfonce dans ses erreurs strat\u00e9giques<\/a> (Elucid)<\/p>\n\n\n\n<p><a href=\"https:\/\/redirection.b2b.infopro-digital.com\/lnk\/AWIAAFnh91EAAcXGFVoAAHnKuI0AAABZQTkAANzxAAwsSQBnX_RR7Xp_bKJPQJiGFLu1SEzmrAAMCy8\/26\/wqdbBRCS3osWLIeA-oTj6g\/aHR0cDovL3d3dy51c2luZS1kaWdpdGFsZS5mci9hcnRpY2xlL2Nhcm5ldC1kZS1zYW50ZS1udW1lcmlxdWUtZW50cmUtZG9jdG9saWItZXQtbC1ldGF0LWxhLWd1ZXJyZS1lc3QtZGVjbGFyZWUuTjIyMjQyMjE_dXRtX3NvdXJjZT1uZXdzbGV0dGVyJnV0bV9tZWRpdW09ZW1haWwmdXRtX2NhbXBhaWduPWluZm9fdWQtcXVvdGlkaWVubmUmZW1haWw9MjA0MzMyODY1MyZpZGJkZD01NjU2MQ\" target=\"_blank\" rel=\"noreferrer noopener\">Carnet de sant\u00e9 num\u00e9rique : Entre Doctolib et l&rsquo;Etat, la guerre est d\u00e9clar\u00e9e<\/a> (Usine Digitale)<\/p>\n\n\n\n<p><a href=\"https:\/\/www.alternatives-economiques.fr\/une-catastrophe-climatique-plus-dassurance-cauchemar-de-rive-de-gi\/00113438\" target=\"_blank\" rel=\"noreferrer noopener\">Une catastrophe climatique mais plus d\u2019assurance : le cauchemar de Rive-de-Gier<\/a> (Alter \u00e9co)<\/p>\n\n\n\n<p><a href=\"https:\/\/www.mediapart.fr\/journal\/politique\/151224\/la-fondation-cma-cgm-redoutable-outil-de-soft-power-des-saade\" target=\"_blank\" rel=\"noreferrer noopener\">La fondation CMA CGM, redoutable outil de \u00ab<em>soft power<\/em>\u00bb des Saad\u00e9<\/a> (Mediapart)<\/p>\n\n\n\n<p><a href=\"https:\/\/www.alternatives-economiques.fr\/R\u00e9industrialisation,%20la%20fin%20des%20illusions\">R\u00e9industrialisation, la fin des illusions<\/a> (Alter \u00e9co)<\/p>\n\n\n\n<p><strong>Monde<\/strong><\/p>\n\n\n\n<p><a href=\"https:\/\/redirection.b2b.infopro-digital.com\/lnk\/AV4AAFofpRwAAcXGFbgAAHnKuI0AAABZQUUAANzvAAwsSQBnYGPMKdlSLCRNRVqNKXIRCQq56QAMCy8\/5\/mXmR_h64KffDuHaM-3k36g\/aHR0cDovL3d3dy51c2luZW5vdXZlbGxlLmNvbS9hcnRpY2xlL2xlLWNvbnRyYXQtZC1pcmlzLXNpZ25lLWxhLWNvbnRyZS1hdHRhcXVlLWRlLWwtZXVyb3BlLWZhY2UtYS1zdGFybGluay1zZS1wcmVjaXNlLk4yMjI0MzY3P3V0bV9zb3VyY2U9bmV3c2xldHRlciZ1dG1fbWVkaXVtPWVtYWlsJnV0bV9jYW1wYWlnbj1pbmZvX2xhLXF1b3RpZGllbm5lJmVtYWlsPTIwNDMzMjg2NTMmaWRiZGQ9NTY1NTk\" target=\"_blank\" rel=\"noreferrer noopener\">Le contrat d\u2019Iris\u00b2 sign\u00e9, la contre-attaque de l\u2019<strong>Europe<\/strong> face \u00e0 Starlink se pr\u00e9cise<\/a> (Usine Nouvelle) &nbsp;<\/p>\n\n\n\n<p><a href=\"https:\/\/www.connaissancedesenergies.org\/afp\/legypte-inaugure-une-nouvelle-immense-centrale-solaire-assouan-241214\">L&rsquo;<strong>\u00c9gypte<\/strong> inaugure une nouvelle immense centrale solaire \u00e0 Assouan<\/a> (AFP)<\/p>\n\n\n\n<p><a href=\"https:\/\/www.connaissancedesenergies.org\/afp\/energie-climat-lavenir-radieux-de-la-geothermie-mondiale-selon-laie-241213-0\">\u00c9nergie, climat : l&rsquo;avenir radieux de la g\u00e9othermie mondiale, selon l&rsquo;AIE<\/a> (AFP)<\/p>\n\n\n\n<p><a href=\"https:\/\/multinationales.org\/fr\/chiffres\/le-niobium-un-minerai-critique-utilise-surtout-pour-la-siderurgie-l-automobile\" target=\"_blank\" rel=\"noreferrer noopener\">Le niobium, un \u00abminerai critique\u00bb utilis\u00e9 surtout pour la sid\u00e9rurgie, l&rsquo;automobile, les \u00e9nergies fossiles et l&rsquo;armement<\/a> (Observatoire des multinationales)<\/p>\n\n\n\n<p><a href=\"https:\/\/www.alternatives-economiques.fr\/christian-chavagneux\/bce-a-rescousse\/00113463\" target=\"_blank\" rel=\"noreferrer noopener\">La BCE \u00e0 la rescousse<\/a> (Alter \u00e9co)<\/p>\n\n\n\n<p><a href=\"https:\/\/www.lemediatv.fr\/emissions\/2024\/Ursulagate&nbsp;:%20comment%20Bruxelles%20nous%20a%20vendu%20\u00e0%20Pfizer&nbsp;;%20les%20v\u00e9rit\u00e9s%20d\u2019un%20ancien%20lobbyiste\"><strong>Ursulagate&nbsp;: comment Bruxelles nous a vendu \u00e0 Pfizer&nbsp;; les v\u00e9rit\u00e9s d\u2019un ancien lobbyiste<\/strong><\/a> (Le M\u00e9dia)<\/p>\n\n\n\n<p><strong>Analyse<\/strong><\/p>\n\n\n\n<p><a href=\"https:\/\/76835.r.sp1-brevo.net\/mk\/cl\/f\/sh\/1t6Af4OiGsEagAv2XXyyCnUomOnK1k\/VekhzGaCrAnT\" target=\"_blank\" rel=\"noreferrer noopener\">\u00ab <em>Le d\u00e9bat \u00e9conomique est tr\u00e8s largement verrouill\u00e9 en France<\/em> \u00bb &#8211; Nicolas Postel<\/a> (Elucid)<\/p>\n\n\n\n<p><strong><strong><mark style=\"background-color:rgba(0, 0, 0, 0);color:#ed1010\" class=\"has-inline-color\">12 d\u00e9cembre<\/mark><\/strong><\/strong><\/p>\n\n\n\n<p><strong>France<\/strong><\/p>\n\n\n\n<p><strong><a href=\"https:\/\/disclose.ngo\/fr\/article\/malgre-la-loi-hydrocarbures-letat-a-autorise-pres-de-50-forages-de-petrole-depuis-2017\" target=\"_blank\" rel=\"noreferrer noopener\">Malgr\u00e9 la loi hydrocarbures, l\u2019\u00c9tat a autoris\u00e9 pr\u00e8s de 50 forages de p\u00e9trole depuis 2017<\/a> <\/strong>(Disclose)<\/p>\n\n\n\n<p><strong><a href=\"https:\/\/www.alternatives-economiques.fr\/france-continue-dexporter-pesticides-interdits-chez\/00113399\" target=\"_blank\" rel=\"noreferrer noopener\">La France continue d\u2019exporter des pesticides interdits chez elle<\/a>&nbsp; <\/strong>(Alter \u00e9co)<\/p>\n\n\n\n<p><a href=\"https:\/\/www.humanite.fr\/politique\/assemblee-nationale\/effraye-par-larrivee-deric-coquerel-a-la-commission-des-finances-bernard-arnault-aurait-pousse-pour-que-son-dossier-fiscal-soit-classifie-secret-defense\" target=\"_blank\" rel=\"noreferrer noopener\">Effray\u00e9 par l\u2019arriv\u00e9e d\u2019\u00c9ric Coquerel \u00e0 la commission des finances, Bernard Arnault aurait pouss\u00e9 pour que son dossier fiscal soit classifi\u00e9 \u00absecret-d\u00e9fense\u00bb<\/a> (L\u2019Humanit\u00e9)<\/p>\n\n\n\n<p><strong><a href=\"https:\/\/www.humanite.fr\/en-debat\/ue-mercosur\/le-silence-coupable-du-president-macron-sur-laccord-ue-mercosur\" target=\"_blank\" rel=\"noreferrer noopener\">Le silence coupable du pr\u00e9sident Macron sur l\u2019accord UE-Mercosur<\/a> <\/strong>(L\u2019Humanit\u00e9)<\/p>\n\n\n\n<p><a href=\"https:\/\/basta.media\/Saccage-des-terres-collusion-quand-les-gros-agriculteurs-font-la-guerre-aux-petits\" target=\"_blank\" rel=\"noreferrer noopener\"><strong>Saccage des terres, collusion : quand les gros agriculteurs font la guerre aux petits<\/strong><\/a>&nbsp;(Basta!)<\/p>\n\n\n\n<p><a href=\"https:\/\/www.off-investigation.fr\/cabinets-de-conseil-atos-desabuse\/\" target=\"_blank\" rel=\"noreferrer noopener\">Cabinets de conseil : Atos d\u00e9sabus\u00e9 ?<\/a>&nbsp;(Off Investigation)<\/p>\n\n\n\n<p><a href=\"https:\/\/www.francetvinfo.fr\/economie\/greve\/sans-la-force-de-travail-des-salaries-tout-s-arrete-mobilisation-en-isere-pour-defendre-les-emplois-dans-l-industrie_6950768.html\">Mobilisation en Is\u00e8re pour d\u00e9fendre les emplois dans l&rsquo;industrie<\/a> (France Info)<\/p>\n\n\n\n<p><a href=\"https:\/\/api.indigo-net.com\/email\/RedirectionEmailing?mail=n.chevillard@noos.fr&amp;ID=689054&amp;DOCIID=109703480&amp;ENAIID=962804&amp;RETOUR=SIMPLE&amp;link=https:\/\/www.lalettre.fr\/fr\/entreprises_finance\/2024\/12\/12\/la-societe-generale-peine-a-s-extraire-du-piege-libanais,110350617-eve?cxt=PUB&amp;utm_source=LLA&amp;utm_medium=email&amp;utm_campaign=AUTO_EDIT_SOM_PROS\" target=\"_blank\" rel=\"noreferrer noopener\">La Soci\u00e9t\u00e9 g\u00e9n\u00e9rale peine \u00e0 s&rsquo;extraire du pi\u00e8ge libanais<\/a> (La Lettre)<\/p>\n\n\n\n<p><a href=\"https:\/\/redirection.b2b.infopro-digital.com\/lnk\/AWEAAFluSkwAAcXGE3AAAHnKuI0AAABZQUUAANzvAAwsSQBnWcQa5_m-CLkFR0eeV2NHVIEMogAMCy8\/23\/QLq6X90me7ZR67GWFi0ERw\/aHR0cDovL3d3dy51c2luZW5vdXZlbGxlLmNvbS9hcnRpY2xlL2xlLXNvdXMtdHJhaXRhbnQtYW1pcy1mb3Vybmlzc2V1ci1kZS1zdGVsbGFudGlzLXZhLXN1cHByaW1lci0xODgtcG9zdGVzLWRhbnMtbC1hbGxpZXItZXQtbGEtY3JldXNlLk4yMjI0MDUyP3V0bV9zb3VyY2U9bmV3c2xldHRlciZ1dG1fbWVkaXVtPWVtYWlsJnV0bV9jYW1wYWlnbj1pbmZvX2xhLXF1b3RpZGllbm5lJmVtYWlsPTIwNDMzMjg2NTMmaWRiZGQ9NTY1NTk\" target=\"_blank\" rel=\"noreferrer noopener\">Le sous-traitant Amis va supprimer 188 postes<\/a> (Usine Nouvelle)&nbsp;<\/p>\n\n\n\n<p><strong>Monde<\/strong> <a href=\"https:\/\/www.francetvinfo.fr\/monde\/proche-orient\/israel-palestine\/guerre-au-proche-orient-l-onu-demande-4-milliards-de-dollars-pour-apporter-une-aide-humanitaire-dans-les-territoires-palestiniens-en-2025_6949832.html\"><\/a><\/p>\n\n\n\n<p><a href=\"https:\/\/www.francetvinfo.fr\/monde\/proche-orient\/israel-palestine\/guerre-au-proche-orient-l-onu-demande-4-milliards-de-dollars-pour-apporter-une-aide-humanitaire-dans-les-territoires-palestiniens-en-2025_6949832.html\">L\u2019ONU demande 4 milliards $ pour l&rsquo;aide humanitaire dans les territoires palestiniens en 2025<\/a> (France Info)<\/p>\n\n\n\n<p><a href=\"https:\/\/www.francetvinfo.fr\/replay-radio\/le-decryptage-eco\/production-en-baisse-consommation-en-hausse-conditions-meteo-difficiles-le-prix-du-cafe-s-envole_6923093.html\">Production en baisse, consommation en hausse, conditions m\u00e9t\u00e9o difficiles&#8230; Le prix du caf\u00e9 s&rsquo;envole<\/a> (France Info)<\/p>\n\n\n\n<p><a href=\"https:\/\/76835.r.sp1-brevo.net\/mk\/cl\/f\/sh\/1t6Af4OiGsEagAv2XXyyCnUomOnK1k\/VzSNFts1vi41\" target=\"_blank\" rel=\"noreferrer noopener\">Trump, Mercosur : l\u2019UE voit son obsession lib\u00e9rale plus menac\u00e9e que jamais<\/a> (Elucid)<\/p>\n\n\n\n<p><a href=\"https:\/\/redirection.b2b.infopro-digital.com\/lnk\/AWEAAFluSkwAAcXGE3AAAHnKuI0AAABZQUUAANzvAAwsSQBnWcQa5_m-CLkFR0eeV2NHVIEMogAMCy8\/5\/2BZGUohdP9Fr-whkhRXMGg\/aHR0cDovL3d3dy51c2luZW5vdXZlbGxlLmNvbS9hcnRpY2xlL2xlcy1mYWlibGVzLWNhZGVuY2VzLWQtYWlyYnVzLWV0LWJvZWluZy1mcmVpbmVudC1sLWVzc29yLWR1LXRyYW5zcG9ydC1hZXJpZW4tc2Vsb24tbGVzLWNvbXBhZ25pZXMuTjIyMjQxMDI_dXRtX3NvdXJjZT1uZXdzbGV0dGVyJnV0bV9tZWRpdW09ZW1haWwmdXRtX2NhbXBhaWduPWluZm9fbGEtcXVvdGlkaWVubmUmZW1haWw9MjA0MzMyODY1MyZpZGJkZD01NjU1OQ\" target=\"_blank\" rel=\"noreferrer noopener\">Les faibles cadences d&rsquo;Airbus et Boeing freinent l&rsquo;essor du transport a\u00e9rien<\/a> (Usine Nouvelle)&nbsp;<\/p>\n\n\n\n<p><a href=\"https:\/\/redirection.b2b.infopro-digital.com\/lnk\/AUkAAFo8rvIAAcXGE54AAHnKuI0AAABZQTkAANzxAAwsSQBnWo0ybymQR4MySQKGdJ38qQpOvwAMCy8\/22\/x4JmR-Tp5oIppprl6KYeFw\/aHR0cDovL3d3dy51c2luZS1kaWdpdGFsZS5mci9hcnRpY2xlL2dtLWFiYW5kb25uZS1kZWZpbml0aXZlbWVudC1sZS1wcm9qZXQtZGUtcm9ib3RzLXRheGlzLWRlLWNydWlzZS5OMjIyNDA0Nz91dG1fc291cmNlPW5ld3NsZXR0ZXImdXRtX21lZGl1bT1lbWFpbCZ1dG1fY2FtcGFpZ249aW5mb191ZC1xdW90aWRpZW5uZSZlbWFpbD0yMDQzMzI4NjUzJmlkYmRkPTU2NTYx\" target=\"_blank\" rel=\"noreferrer noopener\">GM abandonne d\u00e9finitivement le projet de robots-taxis de Cruise<\/a> (Usine Digitale)<\/p>\n\n\n\n<p><strong>Analyse<\/strong><\/p>\n\n\n\n<p><strong><a href=\"https:\/\/www.humanite.fr\/social-et-economie\/cgt\/sophie-binet-la-politique-de-loffre-est-un-naufrage\" target=\"_blank\" rel=\"noreferrer noopener\">Sophie Binet : \u00ab La politique de l\u2019offre est un naufrage \u00bb<\/a><\/strong>&nbsp; (L\u2019Humanit\u00e9)<\/p>\n\n\n\n<p><a href=\"https:\/\/76835.r.sp1-brevo.net\/mk\/cl\/f\/sh\/1t6Af4OiGsEagAv2XXyyCnUomOnK1k\/HeZkklSiD5VR\" target=\"_blank\" rel=\"noreferrer noopener\">In\u00e9galit\u00e9s de patrimoine en France&nbsp;: au c\u0153ur de l\u2019injustice sociale<\/a> (Elucid)<\/p>\n\n\n\n<p><a href=\"https:\/\/lvsl.fr\/doge-la-derniere-pitrerie-libertarienne-delon-musk\/?utm_source=sendinblue&amp;utm_campaign=Newsletter_Derniers_Articles&amp;utm_medium=email\">\u2019Doge\u2019, la derni\u00e8re pitrerie libertarienne d\u2019Elon Musk<\/a> (LVSL)<\/p>\n\n\n\n<p><strong><strong><mark style=\"background-color:rgba(0, 0, 0, 0);color:#ed1010\" class=\"has-inline-color\">11 d\u00e9cembre<\/mark><\/strong><\/strong><\/p>\n\n\n\n<p><strong><a href=\"https:\/\/journal-labreche.fr\/flamanville-plus-de-20-milliards-pour-un-epr-qui-fonctionnera-au-ralenti\/\">Flamanville : plus de 20 milliards pour \u00ab un EPR qui fonctionnera au ralenti \u00bb<\/a> <\/strong>(La Br\u00e8che)<\/p>\n\n\n\n<p><strong><strong><mark style=\"background-color:rgba(0, 0, 0, 0);color:#ed1010\" class=\"has-inline-color\">10 d\u00e9cembre<\/mark><\/strong><\/strong><\/p>\n\n\n\n<p><strong>France<\/strong><\/p>\n\n\n\n<p><strong><a href=\"https:\/\/76835.r.sp1-brevo.net\/mk\/cl\/f\/sh\/1t6Af4OiGsEagAv2XXyyCnUomOnK1k\/lJdgGzP1Q6uG\" target=\"_blank\" rel=\"noreferrer noopener\">Gr\u00e8ve des cheminots : le d\u00e9mant\u00e8lement absurde de Fret SNCF<\/a><\/strong> (Elucid)<\/p>\n\n\n\n<p><strong><a href=\"https:\/\/tracking.connaissancedesenergies.org\/tracking\/click?d=3z92cjHoLougeG5Z-rCM95JEyhD8AbMI6ktaFTrv7vfSh3m2y6LXhhgVuue5ab0eWwfbgQp-P17UKhB79ySQrx1l8pvRXLgrlSxeczbL_XI1G03Y4YEuNYu1a94s_ekUbAbyc-3Jib3FCoSWQRG9Tbx7SWpZCdktV3m_jSkedKEy1nqpb_ydoGPmwjMh7wtLoHFQ8-LqWzUdWWcvx7q4bRL95orC342f11PMjaW255kKkTBgOxIfSwcZU13r-xq-wr2mh4WTe-CShTsGyPglPkNussvVPBaHs4vZF93rClemi-0PwcqDOBHuj8J_lY-Nl_L29VfnuIkqcvuzsAKJZ4DLZsyxCyLs0TujXy8C9gOKsoagNZS5Z5yr5aI94W1FG4RofBiSaqON0tQyLgcHERDKO9n06_iWPuONJTVOzoK00\" target=\"_blank\" rel=\"noreferrer noopener\">Le prix du gaz augmente encore au 1er janvier 2025<\/a><\/strong> (Connaissance des \u00e9nergies)&nbsp; &nbsp;<\/p>\n\n\n\n<p><a href=\"https:\/\/www.alternatives-economiques.fr\/rebond-de-lindustrie-apparait-plus-fragile-jamais\/00113336\" target=\"_blank\" rel=\"noreferrer noopener\">Pourquoi le rebond de l&rsquo;industrie appara\u00eet plus fragile que jamais<\/a>&nbsp;(Alter \u00e9co)<\/p>\n\n\n\n<p><a href=\"https:\/\/www.connaissancedesenergies.org\/afp\/cest-lenfer-dinvestir-en-france-selon-les-patrons-de-totalenergies-et-dedf-241210-1\">C&rsquo;est \u00ab\u00a0l&rsquo;enfer d&rsquo;investir en France\u00a0\u00bb, selon les patrons de TotalEnergies et d&rsquo;EDF<\/a> (AFP)<\/p>\n\n\n\n<p><a href=\"https:\/\/www.connaissancedesenergies.org\/afp\/hydrogene-air-liquide-recoit-110-millions-deuros-daide-europeenne-pour-un-projet-anvers-241210\">Hydrog\u00e8ne : Air Liquide re\u00e7oit 110 mns \u20ac d&rsquo;aide europ\u00e9enne pour un projet \u00e0 Anvers<\/a> (AFP)<\/p>\n\n\n\n<p><strong>Monde<\/strong><\/p>\n\n\n\n<p><a href=\"https:\/\/redirection.b2b.infopro-digital.com\/lnk\/AWwAAFv9xGQAAcXGEoAAAHnKuI0AAABZQUUAANzvAAwsSQBnWHODzztpp1NfSHaxyNOOuOwSDgAMCy8\/16\/nauvSU3mfNXjKo3geNzOnQ\/aHR0cDovL3d3dy51c2luZW5vdXZlbGxlLmNvbS9hcnRpY2xlL3F1YXRyZS1xdWVzdGlvbnMtc3VyLWxhLWZ1dHVyZS11c2luZS1kZS1iYXR0ZXJpZXMtZGUtc3RlbGxhbnRpcy1ldC1jYXRsLWVuLWVzcGFnbmUuTjIyMjQwMTA_dXRtX3NvdXJjZT1uZXdzbGV0dGVyJnV0bV9tZWRpdW09ZW1haWwmdXRtX2NhbXBhaWduPWluZm9fbGEtcXVvdGlkaWVubmUmZW1haWw9MjA0MzMyODY1MyZpZGJkZD01NjU1OQ\" target=\"_blank\" rel=\"noreferrer noopener\">Quatre questions sur la future usine de batteries de Stellantis et CATL en Espagne<\/a> (Usine Nouvelle) &nbsp;<\/p>\n\n\n\n<p><a href=\"https:\/\/www.connaissancedesenergies.org\/afp\/aviation-la-production-de-carburants-durables-inferieure-aux-attentes-241210\">Aviation : la production de carburants durables inf\u00e9rieure aux attentes<\/a> (AFP)<\/p>\n\n\n\n<p><a href=\"https:\/\/www.connaissancedesenergies.org\/afp\/solaire-linde-impose-des-composants-exclusivement-locaux-partir-de-2026-241210\">Solaire : l&rsquo;Inde impose des composants exclusivement locaux \u00e0 partir de 2026<\/a> (AFP)<\/p>\n\n\n\n<p><a href=\"https:\/\/www.connaissancedesenergies.org\/afp\/royaume-uni-apres-shell-bp-confirme-sa-marche-arriere-sur-le-renouvelable-241209\">Royaume-Uni: apr\u00e8s Shell, BP confirme sa marche arri\u00e8re sur le renouvelable<\/a> (AFP)<\/p>\n\n\n\n<p><a href=\"https:\/\/www.connaissancedesenergies.org\/afp\/bp-reduit-de-maniere-significative-ses-investissements-dans-les-energies-renouvelables-241209\">BP r\u00e9duit \u00ab de mani\u00e8re significative \u00bb ses investissements dans les \u00e9nergies renouvelables<\/a> (AFP)<\/p>\n\n\n\n<p><strong>Analyse<\/strong><\/p>\n\n\n\n<p><a href=\"https:\/\/www.contretemps.eu\/etats-unis-europe-rapport-draghi\/\">Vers les \u00ab<em>\u00c9tats-Unis d\u2019Europe<\/em>\u00bb&nbsp;? Ce que dit vraiment le rapport de Mario Draghi<\/a> (Contretemps)<\/p>\n\n\n\n<p><a href=\"https:\/\/lvsl.fr\/accord-ue-mercosur-face-a-lobsession-libre-echangiste-de-bruxelles-une-opposition-de-pacotille\/\" target=\"_blank\" rel=\"noreferrer noopener\"><strong>Accord UE-MERCOSUR : face \u00e0 l\u2019obsession libre-\u00e9changiste de Bruxelles, une opposition de pacotille<\/strong><\/a> (Le Vent Se L\u00e8ve)<\/p>\n\n\n\n<p><a href=\"https:\/\/www.latribune.fr\/depeches\/reuters\/KCN3D00NS\/la-fortune-des-milliardaires-a-augmente-de-17-en-2024-selon-ubs.html\">La fortune des milliardaires a augment\u00e9 de 17% en 2024<\/a>&nbsp;(La Tribune)<\/p>\n\n\n\n<p><strong><strong><mark style=\"background-color:rgba(0, 0, 0, 0);color:#ed1010\" class=\"has-inline-color\">9 d\u00e9cembre<\/mark><\/strong><\/strong><\/p>\n\n\n\n<p><strong>France<\/strong><\/p>\n\n\n\n<p><a href=\"https:\/\/www.lemonde.fr\/economie\/article\/2024\/12\/09\/vincent-bollore-obtient-l-aval-des-actionnaires-de-vivendi-pour-scinder-le-groupe-et-y-accentuer-sa-mainmise_6437657_3235.html\">Vincent Bollor\u00e9 obtient l\u2019approbation des actionnaires de Vivendi pour d\u00e9couper le groupe<\/a> (Le Monde)<\/p>\n\n\n\n<p><a href=\"https:\/\/www.humanite.fr\/societe\/areva\/corruption-en-mongolie-areva-paye-48-millions-deuros-pour-mettre-fin-aux-poursuites-judiciaires\" target=\"_blank\" rel=\"noreferrer noopener\">Corruption en Mongolie : Areva paye 4,8 millions \u20ac pour mettre fin aux poursuites judiciaires<\/a>&nbsp;(L\u2019Humanit\u00e9)<\/p>\n\n\n\n<p><a href=\"https:\/\/redirection.b2b.infopro-digital.com\/lnk\/AUgAAFl0XxoAAcXGEcQAAHnKuI0AAABZQUUAANzvAAwsSQBnVyOzo5ZV8YctRWW-mb36a5PtbAAMCy8\/16\/jBusIp-yAZnUIxLnFhe4ZQ\/aHR0cDovL3d3dy51c2luZW5vdXZlbGxlLmNvbS9hcnRpY2xlL2xhLXNuY2YtY29tbWFuZGUtMzUtcmFtZXMtcmVyLW5nLXN1cHBsZW1lbnRhaXJlcy1hLWFsc3RvbS1wb3VyLWxhLWxpZ25lLWQuTjIyMjM4NDQ_dXRtX3NvdXJjZT1uZXdzbGV0dGVyJnV0bV9tZWRpdW09ZW1haWwmdXRtX2NhbXBhaWduPWluZm9fbGEtcXVvdGlkaWVubmUmZW1haWw9MjA0MzMyODY1MyZpZGJkZD01NjU1OQ\" target=\"_blank\" rel=\"noreferrer noopener\">SNCF commande 35 rames RER NG suppl\u00e9mentaires \u00e0 Alstom<\/a> (Usine Nouvelle) &nbsp;<\/p>\n\n\n\n<p><a href=\"https:\/\/www.humanite.fr\/en-debat\/fret-ferroviaire\/quel-avenir-pour-le-fret-ferroviaire\" target=\"_blank\" rel=\"noreferrer noopener\">Quel avenir pour le fret ferroviaire ?<\/a>&nbsp; (L\u2019Humanit\u00e9)<\/p>\n\n\n\n<p><strong>Monde<\/strong><\/p>\n\n\n\n<p><strong><a href=\"https:\/\/www.huffingtonpost.fr\/economie\/article\/trump-choisit-atkins-le-bitcoin-s-envole-et-depasse-le-cap-symbolique-des-100-000-dollars_243157.html\">Le bitcoin voit son cours s\u2019envoler et d\u00e9passe le cap symbolique des 100.000 dollars<\/a><\/strong>&nbsp;(Huffpost)<\/p>\n\n\n\n<p><a href=\"https:\/\/76835.r.sp1-brevo.net\/mk\/cl\/f\/sh\/1t6Af4OiGsEagAv2XXyyCnUomOnK1k\/-LFAVctiruQl\" target=\"_blank\" rel=\"noreferrer noopener\">Le gouvernement allemand s\u2019\u00e9croule : la strat\u00e9gie de l\u2019euro est \u00e0 bout de souffle<\/a> (Elucid)<\/p>\n\n\n\n<p><a href=\"https:\/\/www.off-investigation.fr\/Contrats%20UE%20-%20Pfizer.%20Van%20der%20Leyen%20sur%20la%20sellette\">Contrats UE &#8211; Pfizer. Van der Leyen sur la sellette<\/a> (Off Investigation)<\/p>\n\n\n\n<p><strong><strong><mark style=\"background-color:rgba(0, 0, 0, 0);color:#ed1010\" class=\"has-inline-color\">7 d\u00e9cembre<\/mark><\/strong><\/strong><\/p>\n\n\n\n<p><strong>France<\/strong><\/p>\n\n\n\n<p><strong><a href=\"https:\/\/www.revolutionpermanente.fr\/Liquidation-de-Fret-SNCF-la-CFDT-et-l-UNSA-trahissent-et-retirent-leur-appel-a-la-greve\">Liquidation de Fret SNCF&nbsp;: la CFDT et l\u2019UNSA trahissent et retirent leur appel \u00e0 la gr\u00e8ve<\/a><\/strong> (RP)<\/p>\n\n\n\n<p><strong><a href=\"https:\/\/www.humanite.fr\/social-et-economie\/agriculture\/coup-de-poignard-trahison-agricide-les-syndicats-agricoles-condamnent-la-fin-des-negociations-sur-le-traite-de-libre-ec\">Les syndicats agricoles condamnent la fin des n\u00e9gociations sur le trait\u00e9 de libre-\u00e9change Europe-Mercosur<\/a><\/strong> (l\u2019Humanit\u00e9)<\/p>\n\n\n\n<p><a href=\"https:\/\/www.mediapart.fr\/journal\/international\/061224\/accord-ue-mercosur-ursula-von-der-leyen-humilie-paris\" target=\"_blank\" rel=\"noreferrer noopener\">Accord UE-Mercosur: Ursula von der Leyen humilie Paris<\/a>&nbsp; (Mediapart)<\/p>\n\n\n\n<p><a href=\"https:\/\/www.connaissancedesenergies.org\/afp\/renovation-energetique-demantelement-dune-vaste-escroquerie-maprimerenov-241206\">R\u00e9novation \u00e9nerg\u00e9tique : d\u00e9mant\u00e8lement d&rsquo;une vaste escroquerie \u00e0 &lsquo;MaPrimeR\u00e9nov&rsquo;<\/a> (AFP)<\/p>\n\n\n\n<p><a href=\"https:\/\/www.connaissancedesenergies.org\/afp\/voitures-electriques-les-premieres-batteries-produites-en-france-arrivent-sur-le-marche-241206\">Voitures \u00e9lectriques : les premi\u00e8res batteries produites en France arrivent sur le march\u00e9<\/a> (AFP)<\/p>\n\n\n\n<p><a href=\"https:\/\/www.connaissancedesenergies.org\/afp\/la-france-negocie-avec-le-kazakhstan-pour-y-construire-une-premiere-centrale-nucleaire-241206\">La France n\u00e9gocie avec le <strong>Kazakhstan<\/strong> pour y construire une premi\u00e8re centrale nucl\u00e9aire<\/a> (AFP)<\/p>\n\n\n\n<p><a href=\"https:\/\/www.connaissancedesenergies.org\/stockage-par-batteries-lancement-de-la-construction-du-plus-grand-site-de-france\">Stockage par batteries : lancement de la construction du plus grand site de France<\/a> (Connaissance des \u00e9nergies)&nbsp; &nbsp;<\/p>\n\n\n\n<p><strong>Monde<\/strong><\/p>\n\n\n\n<p><a href=\"https:\/\/redirection.b2b.infopro-digital.com\/lnk\/AV0AAFhqEowAAcXGERgAAHnKuI0AAABZQTkAANzrAAwsSQBnVBTjWYxmIHLhRDWlhSGjWvtdrwAMCy8\/12\/AF7XbnS9W1XO_8s2-MqAVA\/aHR0cHM6Ly93d3cudXNpbmUtZGlnaXRhbGUuZnIvYXJ0aWNsZS9jeWJlcnNlY3VyaXRlLWRlcy1oYWNrZXJzLWNoaW5vaXMtb250LWluZmlsdHJlLWxlcy1vcGVyYXRldXJzLXRlbGVjb21zLWRlLWRpemFpbmVzLWRlLXBheXMuTjIyMjM3MjM_dXRtX3NvdXJjZT1uZXdzbGV0dGVyJnV0bV9tZWRpdW09ZW1haWwmdXRtX2NhbXBhaWduPWluZm9fdWQtd2Vlay1lbmQmZW1haWw9MjA0MzMyODY1MyZpZGJkZD01NjU1NQ\" target=\"_blank\" rel=\"noreferrer noopener\">Des hackers <strong>chinois<\/strong> ont infiltr\u00e9 les op\u00e9rateurs t\u00e9l\u00e9coms de dizaines de pays<\/a> (Usine Digitale)<\/p>\n\n\n\n<p><a href=\"https:\/\/www.connaissancedesenergies.org\/afp\/liran-veut-fortement-augmenter-son-rythme-de-production-duranium-hautement-enrichi-selon-laiea-241206\">L&rsquo;<strong>Iran<\/strong> veut \u00ab\u00a0fortement augmenter\u00a0\u00bb son rythme de production d&rsquo;uranium hautement enrichi, selon l&rsquo;AIEA<\/a> (AFP)<\/p>\n\n\n\n<p><a href=\"https:\/\/www.connaissancedesenergies.org\/afp\/le-plus-gros-fonds-souverain-au-monde-franchit-un-cap-symbolique-241206\">Le plus gros fonds souverain au monde franchit un cap symbolique<\/a> (AFP)<\/p>\n\n\n\n<p><a href=\"https:\/\/www.connaissancedesenergies.org\/afp\/les-besoins-en-energie-de-lintelligence-artificielle-doivent-etre-mieux-connus-alerte-laie-241205\">Les besoins en \u00e9nergie de l&rsquo;intelligence artificielle doivent \u00eatre mieux connus, alerte l&rsquo;AIE<\/a> (AFP)<\/p>\n\n\n\n<p><strong>Analyse<\/strong><\/p>\n\n\n\n<p><a href=\"https:\/\/www.contretemps.eu\/sortir-capitalisme-bifurcation-ecologie-durand-keucheyan\/\">Sortir du capitalisme, mais comment ? \u00c0 propos de&nbsp;<em>Comment bifurquer<\/em><\/a> (Contretemps)<\/p>\n\n\n\n<p><strong><a href=\"https:\/\/www.alternatives-economiques.fr\/sacrifier-croissance-lutter-contre-inegalites-un-biais-de-percept\/00113274\" target=\"_blank\" rel=\"noreferrer noopener\">Sacrifier la croissance pour lutter contre les in\u00e9galit\u00e9s, un biais de perception des \u00ab\u00e9conomistes de gauche\u00bb ?<\/a><\/strong> (Alter \u00e9co)<\/p>\n\n\n\n<p><strong><strong><mark style=\"background-color:rgba(0, 0, 0, 0);color:#ed1010\" class=\"has-inline-color\">5 et 6 d\u00e9cembre<\/mark><\/strong><\/strong><\/p>\n\n\n\n<p><strong>France<\/strong> <a><\/a><a href=\"https:\/\/www.liberation.fr\/economie\/transports\/sncf-lunsa-et-la-cfdt-retirent-leur-appel-a-une-greve-reconductible-a-partir-du-11-decembre-20241206_RCYZE7UTIFDEFDZ43P34GOL32Y\/\"><\/a><\/p>\n\n\n\n<p><a href=\"https:\/\/www.liberation.fr\/economie\/transports\/sncf-lunsa-et-la-cfdt-retirent-leur-appel-a-une-greve-reconductible-a-partir-du-11-decembre-20241206_RCYZE7UTIFDEFDZ43P34GOL32Y\/\">SNCF&nbsp;: l\u2019Unsa et la CFDT retirent leur appel \u00e0 un mouvement reconductible le 11&nbsp;d\u00e9cembre<\/a> (Lib\u00e9ration, acc\u00e8s libre)<\/p>\n\n\n\n<p><a href=\"https:\/\/www.liberation.fr\/international\/le-mercosur-et-lue-concluent-officiellement-leur-accord-de-libre-echange-20241206_LH3IEBM7UJCQ3DHVPEA7QYWG7I\/\">Le Mercosur et l\u2019UE annoncent leur accord de libre-\u00e9change, la d\u00e9cision \u00ab<em>n\u2019engage pas<\/em>\u00bb les Etats-membres r\u00e9torque la France<\/a> (Lib\u00e9ration, acc\u00e8s libre)<\/p>\n\n\n\n<p><a href=\"https:\/\/basta.media\/La-Commission-europeenne-conclut-accord-Mercosur-pourquoi-projet-suscite-colere-agricole\" target=\"_blank\" rel=\"noreferrer noopener\">La Commission europ\u00e9enne conclut l&rsquo;accord avec le Mercosur : les raisons de la col\u00e8re agricole<\/a> &nbsp;(Basta!)<\/p>\n\n\n\n<p><a href=\"https:\/\/76835.r.sp1-brevo.net\/mk\/cl\/f\/sh\/1t6Af4OiGsEagAv2XXyyCnUomOnK1k\/KzdpDDxZPEa8\" target=\"_blank\" rel=\"noreferrer noopener\">L\u2019\u00c9tat impuissant face \u00e0 une industrie pharmaceutique domin\u00e9e par le profit<\/a> (Elucid)<\/p>\n\n\n\n<p><a href=\"https:\/\/www.alternatives-economiques.fr\/apres-censure-crise-politique-lapocalypse-financiere\/00113346\" target=\"_blank\" rel=\"noreferrer noopener\"><strong>Apr\u00e8s la censure : la crise politique, pas l\u2019apocalypse financi\u00e8re<\/strong><\/a>&nbsp; -Christian Chavagneux (Alter \u00e9co)<\/p>\n\n\n\n<p><a href=\"https:\/\/www.mediapart.fr\/journal\/politique\/051224\/dette-le-cout-exorbitant-de-l-aventurisme-politique-de-macron\" target=\"_blank\" rel=\"noreferrer noopener\">Dette : le co\u00fbt exorbitant de l\u2019aventurisme politique de Macron<\/a>&nbsp; -Martine Orange (Mediapart)<\/p>\n\n\n\n<p><a href=\"https:\/\/www.francetvinfo.fr\/replay-radio\/le-brief-eco\/chute-du-gouvernement-barnier-pour-quelles-raisons-la-bourse-est-insensible-pour-l-instant-aux-aleas-politiques_6909338.html\">Chute du gouvernement Barnier : pour quelles raisons la bourse est insensible, pour l&rsquo;instant, aux al\u00e9as politiques<\/a> (France Info)<\/p>\n\n\n\n<p><a href=\"https:\/\/www.francetvinfo.fr\/replay-radio\/le-vrai-du-faux\/motions-de-censure-pres-de-18-millions-de-francais-vont-ils-payer-plus-d-impots-si-le-budget-est-n-est-pas-adopte-comme-l-affirme-michel-barnier_6907280.html\">Motions de censure : pr\u00e8s de 18 millions de Fran\u00e7ais vont-ils payer plus d&rsquo;imp\u00f4ts ?<\/a> (France Info)<\/p>\n\n\n\n<p><a href=\"https:\/\/redirection.b2b.infopro-digital.com\/lnk\/AU4AAFkyq-0AAcXGEBYAAHnKuI0AAABZQUUAANzvAAwsSQBnUejl69WbetVUT1mg0floLTI2cAAMCy8\/4\/YxmoJ5F595z3IcWnsgHVtQ\/aHR0cDovL3d3dy51c2luZW5vdXZlbGxlLmNvbS9hcnRpY2xlL2FpcmJ1cy12YS1zdXBwcmltZXItNTQwLXBvc3Rlcy1lbi1mcmFuY2UtZGFucy1zZXMtYWN0aXZpdGVzLXNwYXRpYWxlcy1ldC1taWxpdGFpcmVzLk4yMjIzNjk3P3V0bV9zb3VyY2U9bmV3c2xldHRlciZ1dG1fbWVkaXVtPWVtYWlsJnV0bV9jYW1wYWlnbj1pbmZvX2xhLXF1b3RpZGllbm5lJmVtYWlsPTIwNDMzMjg2NTMmaWRiZGQ9NTY1NTk\" target=\"_blank\" rel=\"noreferrer noopener\">Airbus va supprimer 540 postes en France dans ses activit\u00e9s spatiales et militaires<\/a> (Usine Nouvelle)&nbsp;<\/p>\n\n\n\n<p><a href=\"https:\/\/redirection.b2b.infopro-digital.com\/lnk\/AU4AAFkyq-0AAcXGEBYAAHnKuI0AAABZQUUAANzvAAwsSQBnUejl69WbetVUT1mg0floLTI2cAAMCy8\/19\/hQz2bawmyaN_w3fsFNxDDA\/aHR0cDovL3d3dy51c2luZW5vdXZlbGxlLmNvbS9lZGl0b3JpYWwvZmF1dGUtZC11bi1hY2NvcmQtYXZlYy1yZW5hdWx0LWxhLXN1cnZpZS1kZS1sYS1mb25kZXJpZS1kZS1icmV0YWduZS1tZW5hY2VlLk4yMjIzNzA3P3V0bV9zb3VyY2U9bmV3c2xldHRlciZ1dG1fbWVkaXVtPWVtYWlsJnV0bV9jYW1wYWlnbj1pbmZvX2xhLXF1b3RpZGllbm5lJmVtYWlsPTIwNDMzMjg2NTMmaWRiZGQ9NTY1NTk\" target=\"_blank\" rel=\"noreferrer noopener\">Faute d&rsquo;un accord avec Renault, la Fonderie de Bretagne menac\u00e9e<\/a> (Usine Nouvelle)&nbsp;<\/p>\n\n\n\n<p><strong>Monde<\/strong><\/p>\n\n\n\n<p><a href=\"https:\/\/www.humanite.fr\/social-et-economie\/bitcoin\/le-bitcoin-atteint-les-100-000-dollars-dans-le-sillage-du-retour-de-donald-trump\" target=\"_blank\" rel=\"noreferrer noopener\">Le bitcoin atteint les 100 000 dollars, dans le sillage du retour de Donald Trump<\/a> &nbsp;(L\u2019Humanit\u00e9)<\/p>\n\n\n\n<p><a href=\"https:\/\/www.alternatives-economiques.fr\/apple-foxconn-ne-peuvent-toujours-se-passer-de-chine\/00113185\" target=\"_blank\" rel=\"noreferrer noopener\">Apple et Foxconn ne peuvent toujours pas se passer de la Chine<\/a> (Alter \u00e9co)<\/p>\n\n\n\n<p><strong>Analyse<\/strong><\/p>\n\n\n\n<p><strong><a href=\"https:\/\/76835.r.sp1-brevo.net\/mk\/cl\/f\/sh\/1t6Af4OiGsEagAv2XXyyCnUomOnK1k\/7tBGmuXQjfuw\" target=\"_blank\" rel=\"noreferrer noopener\">La d\u00e9mocratie dans les mains de la finance (financement de la dette publique 2024)<\/a> <\/strong>(Elucid)<\/p>\n\n\n\n<p><strong><em><a href=\"https:\/\/fajabce.r.af.d.sendibt2.com\/tr\/cl\/-damH2AXWqOmC4JuwqDr1qEp-VZdcoNYAwrANpt23A88MetUbNEyEBHjy7vdqTuDIK57hO8ZJ2EM5Hb901nBumXUi3NZeZcFWYaTzHIwsrZm47fzR-Ww6cXnDK-oStxvmbenfUFiirTCbUytpOwARbd20o0zdKUCielU3pmo7YCLqHa5rXQmVeGNwLLNXXJDKpO-diPFU_uwOSMMnWPTElykM48sT0qFDDQmX8_hgZcFrprnJwPjZm3S4gX7JKU4k_ag7MhNQr1NDozeTbPt2wrKgKB6Luz0l-FLiLCMCbJEoe6GD4XQAipKn2auZdiJ3vW_5Vc5i05VaMasqyf3WX4dC3WVkwd7LNcF5hcWBB3akWL5vr5sNgw7rQx835ZBsXPE2hd09Fk\" target=\"_blank\" rel=\"noreferrer noopener\">\u00abL\u2019inflation r\u00e9cente est au fond le sympt\u00f4me d\u2019un capitalisme malade\u00bb<\/a> <\/em><\/strong>(Observatoire des Multinationales)<\/p>\n\n\n\n<p><strong><strong><mark style=\"background-color:rgba(0, 0, 0, 0);color:#ed1010\" class=\"has-inline-color\">4 d\u00e9cembre<\/mark><\/strong><\/strong><\/p>\n\n\n\n<p><strong>France<\/strong> <a><\/a><\/p>\n\n\n\n<p><a href=\"https:\/\/www.rfi.fr\/fr\/afrique\/20241204-niger-le-g%C3%A9ant-fran%C3%A7ais-de-l-uranium-orano-annonce-avoir-perdu-le-contr%C3%B4le-de-sa-filiale\">Niger : le g\u00e9ant fran\u00e7ais de l&rsquo;uranium Orano annonce avoir perdu le contr\u00f4le de sa filiale<\/a> (RFI)<\/p>\n\n\n\n<p><a href=\"https:\/\/rapportsdeforce.fr\/classes-en-lutte\/les-fonctionnaires-lancent-une-bataille-contre-lausterite-malgre-un-gouvernement-au-bord-de-la-chute-120422717\" target=\"_blank\" rel=\"noreferrer noopener\">Les fonctionnaires lancent une bataille contre l\u2019aust\u00e9rit\u00e9, malgr\u00e9 un gouvernement au bord de la chute<\/a> (Rapports de Force)<\/p>\n\n\n\n<p><strong><a href=\"https:\/\/www.alternatives-economiques.fr\/plans-sociaux-a-michelin-auchan-vencorex-debut-dune-tempete\/00113293\" target=\"_blank\" rel=\"noreferrer noopener\">Plans sociaux \u00e0 Michelin, Auchan, Vencorex\u2026 le d\u00e9but d&rsquo;une temp\u00eate pour l&#8217;emploi ?<\/a> <\/strong>(Alter \u00e9co)<\/p>\n\n\n\n<p><a href=\"https:\/\/www.connaissancedesenergies.org\/afp\/hydrogene-hyvia-coentreprise-de-renault-proche-du-depot-de-bilan-241204\">Hydrog\u00e8ne : Hyvia, coentreprise de Renault, proche du d\u00e9p\u00f4t de bilan<\/a> (AFP)<\/p>\n\n\n\n<p><a href=\"https:\/\/rapportsdeforce.fr\/classes-en-lutte\/un-plan-social-xxl-se-devoile-dans-les-services-publics-de-proximite-120322711\" target=\"_blank\" rel=\"noreferrer noopener\">Un plan social XXL se d\u00e9voile dans les services publics de proximit\u00e9<\/a> (Rapports de Force)<\/p>\n\n\n\n<p><a href=\"https:\/\/www.alternatives-economiques.fr\/vincent-bollore-veut-renforcer-controle-vivendi\/00113287\" target=\"_blank\" rel=\"noreferrer noopener\"><strong>Comment Vincent Bollor\u00e9 veut renforcer son contr\u00f4le sur Vivendi<\/strong><\/a>&nbsp;(Alter \u00e9co)<\/p>\n\n\n\n<p><a href=\"https:\/\/www.alternatives-economiques.fr\/timothee-duverger\/democratie-economique-un-projet-lutter-contre-lextreme\/00113245\" target=\"_blank\" rel=\"noreferrer noopener\">La d\u00e9mocratie \u00e9conomique : un projet pour lutter contre l\u2019extr\u00eame droite<\/a>&nbsp;(Alter \u00e9co)<\/p>\n\n\n\n<p><a href=\"https:\/\/www.mediapart.fr\/journal\/international\/021224\/apres-la-chute-de-carlos-tavares-la-famille-agnelli-reprend-la-main-sur-stellantis\" target=\"_blank\" rel=\"noreferrer noopener\">Apr\u00e8s la chute de Carlos Tavares, la famille Agnelli reprend la main sur Stellantis<\/a> &#8211; Martine Orange (Mediapart)<\/p>\n\n\n\n<p><a href=\"https:\/\/link.newsletter.franceculture.fr\/m\/ml\/7429\/911780\/xiPZGe_QcEKmK-Xq50elMfwWuDtfb5gDylVrXJwSQd0=\/hBMRRqgJ5C0TbMq98v24nLQ27ECMJw6I+8rYjMvU7t0=\/\" target=\"_blank\" rel=\"noreferrer noopener\">Stellantis&nbsp;: que reproche-t-on \u00e0 Carlos Tavares&nbsp;?<\/a> (France Culture)<\/p>\n\n\n\n<p><a href=\"https:\/\/redirection.b2b.infopro-digital.com\/lnk\/AWkAAFsLXS8AAcXGDpgAAHnKuI0AAABZQTkAANzxAAwsSQBnUAQl7lXmarOlQe6thP4uptb78QAMCy8\/30\/I4-yN5R13Raf6VstYfIJrA\/aHR0cDovL3d3dy51c2luZS1kaWdpdGFsZS5mci9hcnRpY2xlL2F0b3MtbWVuZS11bmUtYXVnbWVudGF0aW9uLWRlLWNhcGl0YWwtZGUtMjMzLW1pbGxpb25zLWQtZXVyb3MuTjIyMjM1OTI_dXRtX3NvdXJjZT1uZXdzbGV0dGVyJnV0bV9tZWRpdW09ZW1haWwmdXRtX2NhbXBhaWduPWluZm9fdWQtcXVvdGlkaWVubmUmZW1haWw9MjA0MzMyODY1MyZpZGJkZD01NjU2MQ\" target=\"_blank\" rel=\"noreferrer noopener\">Atos m\u00e8ne une augmentation de capital de 233 millions d&rsquo;euros<\/a> (Usine Digitale)<\/p>\n\n\n\n<p><strong>Monde<\/strong><\/p>\n\n\n\n<p><a href=\"https:\/\/redirection.b2b.infopro-digital.com\/lnk\/AWEAAFiC6x8AAcXGD0wAAHnKuI0AAABZQUUAANzvAAwsSQBnUJFMZI3Iul73Qcu407Olw0BrgQAMCy8\/15\/Vs-JhsAG9E0lIiCE1dMYLQ\/aHR0cDovL3d3dy51c2luZW5vdXZlbGxlLmNvbS9hcnRpY2xlL2NvbW1lLXBvdXItbGVzLWJhdHRlcmllcy1lbGVjdHJpcXVlcy1sLWV1cm9wZS1wb3VycmFpdC1yYXRlci1sZS12aXJhZ2UtZGVzLWNhcmJ1cmFudHMtZC1hdmlhdGlvbi1kdXJhYmxlLk4yMjIzNjE3P3V0bV9zb3VyY2U9bmV3c2xldHRlciZ1dG1fbWVkaXVtPWVtYWlsJnV0bV9jYW1wYWlnbj1pbmZvX2xhLXF1b3RpZGllbm5lJmVtYWlsPTIwNDMzMjg2NTMmaWRiZGQ9NTY1NTk\" target=\"_blank\" rel=\"noreferrer noopener\">Apr\u00e8s les batteries, l&rsquo;<strong>Europe<\/strong> pourrait rater le virage des carburants d&rsquo;aviation durable<\/a> (Usine Nouvelle)<\/p>\n\n\n\n<p><a href=\"https:\/\/www.connaissancedesenergies.org\/afp\/edf-etend-la-duree-de-vie-de-4-des-5-centrales-nucleaires-du-royaume-uni-241204\">EDF \u00e9tend la dur\u00e9e de vie de 4 des 5 centrales nucl\u00e9aires du <strong>Royaume-Uni<\/strong><\/a> (AFP)<\/p>\n\n\n\n<p><a href=\"https:\/\/redirection.b2b.infopro-digital.com\/lnk\/AWkAAFsLXS8AAcXGDpgAAHnKuI0AAABZQTkAANzxAAwsSQBnUAQl7lXmarOlQe6thP4uptb78QAMCy8\/13\/hPgfSFJ-qsLtDw_5HxefVQ\/aHR0cDovL3d3dy51c2luZS1kaWdpdGFsZS5mci9hcnRpY2xlL2F1eC1ldGF0cy11bmlzLWFwcGxlLXBvdXJzdWl2aS1wb3VyLWVzcGlvbm5hZ2UtZGUtc2VzLXNhbGFyaWVzLk4yMjIzNjIxP3V0bV9zb3VyY2U9bmV3c2xldHRlciZ1dG1fbWVkaXVtPWVtYWlsJnV0bV9jYW1wYWlnbj1pbmZvX3VkLXF1b3RpZGllbm5lJmVtYWlsPTIwNDMzMjg2NTMmaWRiZGQ9NTY1NjE\" target=\"_blank\" rel=\"noreferrer noopener\">Aux <strong>\u00c9tats-Unis, <\/strong>Apple poursuivi pour espionnage de ses salari\u00e9s<\/a> (Usine Digitale)<\/p>\n\n\n\n<p><a href=\"https:\/\/api.indigo-net.com\/email\/RedirectionEmailing?mail=n.chevillard@noos.fr&amp;ID=686628&amp;DOCIID=109703480&amp;ENAIID=960387&amp;RETOUR=SIMPLE&amp;link=https:\/\/www.lalettre.fr\/fr\/entreprises_defense-et-aeronautique\/2024\/12\/04\/l-intense-lobbying-americain-pour-torpiller-le-programme-de-defense-europeen,110347497-eve?cxt=PUB&amp;utm_source=LLA&amp;utm_medium=email&amp;utm_campaign=AUTO_EDIT_SOM_PROS\" target=\"_blank\" rel=\"noreferrer noopener\">L&rsquo;intense lobbying <strong>am\u00e9ricain<\/strong> pour torpiller le programme de d\u00e9fense <strong>europ\u00e9en<\/strong><\/a> (La Lettre)<\/p>\n\n\n\n<p><a href=\"https:\/\/www.alternatives-economiques.fr\/benefices-limites-de-fusion-banques-europeennes\/00113121\" target=\"_blank\" rel=\"noreferrer noopener\">La fusion des banques <strong>europ\u00e9ennes<\/strong>, un risque pour la stabilit\u00e9 financi\u00e8re<\/a>&nbsp;(Alter \u00e9co)<\/p>\n\n\n\n<p><strong>Analyse<\/strong><\/p>\n\n\n\n<p><a href=\"https:\/\/u7061146.ct.sendgrid.net\/ls\/click?upn=u001.gqh-2BaxUzlo7XKIuSly0rC93xx1twNOFTn7MKqHBKLKvEP4RLuPbby7Ax1n7Cqu8-2Bpy0jAvWKfeVMdoNhrHLLUO6EXIduetXFEhVR32uNNNBxk-2BkMPc5rBqQwDmQRd-2Fid6Egkdk25AlooXfzifdoxVIqrnv7le6xsOHN32EN98Hc-3Ds-aX_WKk8Ru5FJDXE7-2F7RzVO6lN5VUlhHa8214LYtg1UFGqJ7ZjCIvwOmvtuja8ZzI9DNkGDOzaxwwrdCDKgHqvhVonEKiotGgb3oRjhLQ5it8p8oZ5Z1at-2BM0bcKaZ5g-2B9b9O3pryUdzvdb6xWGNv1MYqrENQywylftc7kprziL-2F2QXDUopn15dU4gKqLceW7yD6IOy9HdwNtGC04qCBZE7q86xtJS-2BWb6PtWCAGWRj99igAVxJn9dEWKhzPAOWXz2mWbJrzqsV-2FcEUofiGs6WpZa-2FFSPigyAjEraOLBH0jEbOB6Xl1j1Sabh5OqNrL3GLcmDmPVhg248S4rDBpxSq2qZQ-3D-3D\" target=\"_blank\" rel=\"noreferrer noopener\">Perspectives \u00e9conomiques de l\u2019OCDE<\/a> (OCDE)<\/p>\n\n\n\n<p><strong><strong><mark style=\"background-color:rgba(0, 0, 0, 0);color:#ed1010\" class=\"has-inline-color\">2 et 3 d\u00e9cembre<\/mark><\/strong><\/strong><\/p>\n\n\n\n<p><strong>France<\/strong> <a><\/a><\/p>\n\n\n\n<p><a href=\"https:\/\/basta.media\/budget-motion-censure-mesures-pro-riches-votes-RN-Assemblee-nationale\" target=\"_blank\" rel=\"noreferrer noopener\"><strong>Des mesures pro-riches : voici ce qu&rsquo;a vot\u00e9 le RN \u00e0 l&rsquo;Assembl\u00e9e nationale sur le budget<\/strong><\/a> (Basta!)<\/p>\n\n\n\n<p><a href=\"https:\/\/multinationales.org\/fr\/actualites\/l-inflation-recente-est-au-fond-le-symptome-d-un-capitalisme-malade\" target=\"_blank\" rel=\"noreferrer noopener\"><strong>\u00ab L&rsquo;inflation r\u00e9cente est au fond le sympt\u00f4me d&rsquo;un capitalisme malade \u00bb<\/strong><\/a>&nbsp;(Observatoire des multinationales)<\/p>\n\n\n\n<p><a href=\"https:\/\/www.alternatives-economiques.fr\/christian-chavagneux\/strategie-rassemblement-national-asseche-comptes-publics\/00113286\" target=\"_blank\" rel=\"noreferrer noopener\">La strat\u00e9gie du Rassemblement national ass\u00e8che les comptes publics<\/a>&nbsp;(Alter \u00e9co)<\/p>\n\n\n\n<p><a href=\"https:\/\/www.francetvinfo.fr\/economie\/automobile\/crise-automobile\/carlos-tavares-ecarte-de-stellantis-retour-sur-le-mandat-du-pdg-en-cinq-dates_6932075.html\">Carlos Tavares \u00e9cart\u00e9 de Stellantis&nbsp;: retour sur le mandat du PDG en cinq dates<\/a> (France Info)<\/p>\n\n\n\n<p><a href=\"https:\/\/www.humanite.fr\/social-et-economie\/automobile\/le-cost-killer-tavares-ejecte-de-stellantis-un-depart-qui-devrait-se-chiffrer-en-dizaine-de-millions-deuros\" target=\"_blank\" rel=\"noreferrer noopener\">Le \u00abcost-killer\u00bb Tavares \u00e9ject\u00e9 de Stellantis : un d\u00e9part qui se chiffrer en dizaine de millions<\/a> (L\u2019Humanit\u00e9)<\/p>\n\n\n\n<p><a href=\"https:\/\/redirection.b2b.infopro-digital.com\/lnk\/AWUAAFnrxXoAAcXGDYoAAHnKuI0AAABZQUUAANzvAAwsSQBnTgCoZ_FrpV4GQ8ypJQS-_XAUXwAMCy8\/12\/zyg1a6YM58y7StDKxky0yA\/aHR0cDovL3d3dy51c2luZW5vdXZlbGxlLmNvbS9hcnRpY2xlL3Nhbm9maS1hbm5vbmNlLXVuLWludmVzdGlzc2VtZW50LWRlLXByZXMtZC11bi1taWxsaWFyZC1kLWV1cm9zLWVuLWNoaW5lLk4yMjIzNTc0P3V0bV9zb3VyY2U9bmV3c2xldHRlciZ1dG1fbWVkaXVtPWVtYWlsJnV0bV9jYW1wYWlnbj1pbmZvX2xhLXF1b3RpZGllbm5lJmVtYWlsPTIwNDMzMjg2NTMmaWRiZGQ9NTY1NTk\" target=\"_blank\" rel=\"noreferrer noopener\">Sanofi investit pr\u00e8s d&rsquo;un milliard d&rsquo;euros en Chine pour produire de l&rsquo;insuline<\/a> (Usine Nouvelle) &nbsp;<\/p>\n\n\n\n<p><a href=\"https:\/\/redirection.b2b.infopro-digital.com\/lnk\/AVQAAFjQvooAAcXGDboAAHnKuI0AAABZQTkAANzxAAwsSQBnTrpUMwU6K-rsTh2AdFl6hW3zdwAMCy8\/17\/GtmnEL3EtxM9eKVzLbE4gg\/aHR0cDovL3d3dy51c2luZS1kaWdpdGFsZS5mci9hcnRpY2xlL2ZyZWUtbW9iaWxlLWNvbmRhbW5lLWEtcGF5ZXItMi0yLW1pbGxpb25zLWQtZXVyb3MtcG91ci1wcmF0aXF1ZXMtY29tbWVyY2lhbGVzLXRyb21wZXVzZXMuTjIyMjM1ODA_dXRtX3NvdXJjZT1uZXdzbGV0dGVyJnV0bV9tZWRpdW09ZW1haWwmdXRtX2NhbXBhaWduPWluZm9fdWQtcXVvdGlkaWVubmUmZW1haWw9MjA0MzMyODY1MyZpZGJkZD01NjU2MQ\" target=\"_blank\" rel=\"noreferrer noopener\"><strong>Free Mobile condamn\u00e9 \u00e0 payer 2,2 millions d&rsquo;euros pour pratiques commerciales trompeuses<\/strong><\/a> (Usine Digitale)<\/p>\n\n\n\n<p><strong>Monde<\/strong><\/p>\n\n\n\n<p><a href=\"https:\/\/www.boursorama.com\/bourse\/actualites\/portee-et-limites-du-bitcoin-suite-a-l-election-de-donald-trump-6e17fb109330c7b14c6bd53b61dea497\">Port\u00e9e et limites du bitcoin suite \u00e0 l\u2019\u00e9lection de Donald Trump<\/a> (Cercle des \u00e9conomistes)<\/p>\n\n\n\n<p><a href=\"https:\/\/redirection.b2b.infopro-digital.com\/lnk\/AVQAAFjQvooAAcXGDboAAHnKuI0AAABZQTkAANzxAAwsSQBnTrpUMwU6K-rsTh2AdFl6hW3zdwAMCy8\/38\/r22OBsTyb7otB-S6I-t43A\/aHR0cDovL3d3dy51c2luZS1kaWdpdGFsZS5mci9hcnRpY2xlL3NlbWktY29uZHVjdGV1cnMtbGVzLWV0YXRzLXVuaXMtcmVuZm9yY2VudC1sZXVycy1yZXN0cmljdGlvbnMtZC1leHBvcnRhdGlvbi12ZXJzLWxhLWNoaW5lLk4yMjIzNTI5P3V0bV9zb3VyY2U9bmV3c2xldHRlciZ1dG1fbWVkaXVtPWVtYWlsJnV0bV9jYW1wYWlnbj1pbmZvX3VkLXF1b3RpZGllbm5lJmVtYWlsPTIwNDMzMjg2NTMmaWRiZGQ9NTY1NjE\" target=\"_blank\" rel=\"noreferrer noopener\">Semi-conducteurs: les Etats-Unis renforcent leurs restrictions d&rsquo;exportation vers la Chine<\/a> (Usine Digitale)<\/p>\n\n\n\n<p><a href=\"https:\/\/www.latribune.fr\/economie\/union-europeenne\/mercosur-les-etats-pour-les-contre-et-ceux-qui-restent-a-convaincre-1012444.html\">Europe. Mercosur&nbsp;: les Etats pour, les contre et ceux qui restent \u00e0 convaincre<\/a>&nbsp;(La Tribune)<\/p>\n\n\n\n<p><a href=\"https:\/\/www.wsws.org\/fr\/articles\/2024\/12\/02\/rnkn-d02.html\"><strong>Gr\u00e8ve g\u00e9n\u00e9rale en&nbsp;Italie&nbsp;contre le budget d\u2019aust\u00e9rit\u00e9 de la premi\u00e8re ministre fasciste Meloni<\/strong><\/a>&nbsp;(WSWS)<\/p>\n\n\n\n<p><strong>Analyse<\/strong><\/p>\n\n\n\n<p><a href=\"https:\/\/76835.r.sp1-brevo.net\/mk\/cl\/f\/sh\/1t6Af4OiGsEagAv2XXyyCnUomOnK1k\/8H_YQV_JqF3t\" target=\"_blank\" rel=\"noreferrer noopener\"><strong>Mercosur : l\u2019UE sacrifie notre \u00e9conomie sur l\u2019autel du libre-\u00e9change <\/strong>&#8211; Fr\u00e9d\u00e9ric Farah<\/a> (Elucid)<\/p>\n\n\n\n<p><strong><strong><mark style=\"background-color:rgba(0, 0, 0, 0);color:#ed1010\" class=\"has-inline-color\">1er d\u00e9cembre<\/mark><\/strong><\/strong><\/p>\n\n\n\n<p><strong>France<\/strong><a><\/a><\/p>\n\n\n\n<p><a href=\"https:\/\/www.lemonde.fr\/les-decodeurs\/article\/2024\/12\/02\/scandale-cumcum-le-gouvernement-francais-s-aligne-sur-les-banques-face-aux-tentatives-de-mettre-fin-a-la-fraude-sur-les-dividendes_6424588_4355770.html\">Scandale \u00ab CumCum \u00bb : le gouvernement fran\u00e7ais refuse de bloquer des techniques de contournement de l\u2019imp\u00f4t sur les dividendes<\/a>&nbsp;(Le Monde)<\/p>\n\n\n\n<p><a href=\"https:\/\/www.mediapart.fr\/journal\/economie-et-social\/301124\/un-milliard-de-dividendes-chez-decathlon-la-galaxie-mulliez-se-refait-sur-le-dos-des-salaries\">Un milliard de dividendes chez D\u00e9cathlon: \u00abLa galaxie Mulliez se refait sur le dos des salari\u00e9s\u00bb<\/a>&nbsp; (Mediapart)<\/p>\n\n\n\n<p><a href=\"https:\/\/www.humanite.fr\/social-et-economie\/aides-publiques\/auchan-et-leroy-merlin-en-difficulte-les-mulliez-sabattent-sur-decathlon-et-ponctionnent-1-milliard-deuros-en-dividendes\">Auchan et Leroy Merlin en difficult\u00e9, les Mulliez s\u2019abattent sur Decathlon et ponctionnent 1 milliard \u20ac en dividendes<\/a>&nbsp;(L\u2019Humanit\u00e9)<\/p>\n\n\n\n<p><strong><a href=\"https:\/\/elucid.media\/analyse-graphique\/chomage-france\/chomage-novembre-2024-repart-hausse-gouvernement-moyens-masquer-echec\">Le ch\u00f4mage repart \u00e0 la hausse, le gouvernement n\u2019a plus les moyens de masquer son \u00e9chec&nbsp;<\/a>&nbsp;<\/strong>(Elucid)<\/p>\n\n\n\n<p><a href=\"https:\/\/link.newsletter.franceculture.fr\/m\/ml\/7429\/910525\/7spj2qAXthbA2YN83ojNWJn5hn2X9cGO_Cwa_dZfhGw=\/BgxAWwuVydPQEfzKpUCE2nbEYLmwmpticfiZH9CbWDQ=\/\">D\u00e9sindustrialisation, m\u00e9tropolisation&nbsp;: aux racines des col\u00e8res fran\u00e7aises<\/a>&nbsp;(France Culture)<\/p>\n\n\n\n<p><a href=\"https:\/\/infos.lemonde.fr\/optiext\/optiextension.dll?ID=y67y4zG8c5RG8pPrrY8MoQ%2B8yWybER2RWeVOXFVteKHdeW%2BOXERhBje4Ly7wzi0pIBZkpsU8QR0tmbWEa8PwlcA8iwdeBg2e7e9cVgy8\">Budget&nbsp;2025&nbsp;: l\u2019agence de notation S&amp;P encourage Michel Barnier \u00e0&nbsp;tenir ses promesses de rigueur<\/a>&nbsp;(Le Monde)<\/p>\n\n\n\n<p><a href=\"https:\/\/alencontre.org\/europe\/france\/france-dossier-vague-de-suppressions-demplois-sur-lautel-de-la-competitivite-et-du-profit.html\">Vague de suppressions d\u2019emplois : sur l\u2019autel de la comp\u00e9titivit\u00e9 et du profit<\/a>&nbsp;(A l\u2019Encontre)<\/p>\n\n\n\n<p><a href=\"https:\/\/rapportsdeforce.fr\/classes-en-lutte\/arcelormittal-denain-petite-usine-symbole-dune-grande-saignee-industrielle-112822693\">ArcelorMittal Denain : petite usine symbole d\u2019une grande \u00ab saign\u00e9e industrielle \u00bb<\/a>&nbsp;(Rapports de Force)<\/p>\n\n\n\n<p><a href=\"https:\/\/redirection.b2b.infopro-digital.com\/lnk\/AW8AAFlxz6cAAcXGCtgAAHnKuI0AAABZQUUAANzvAAwsSQBnR14IqGuJHBiBT_mDef5L-TPXOwAMCy8\/4\/rVYvbxH_cSqaWc8wGVhHDQ\/aHR0cDovL3d3dy51c2luZW5vdXZlbGxlLmNvbS9hcnRpY2xlL3ZhbGVvLXZhLWZlcm1lci1zb24tc2l0ZS1kZS1sYS1zdXplLXN1ci1zYXJ0aGUtZXQtc3VwcHJpbWVyLTg2OC1lbXBsb2lzLWVuLWZyYW5jZS5OMjIyMzM2MT91dG1fc291cmNlPW5ld3NsZXR0ZXImdXRtX21lZGl1bT1lbWFpbCZ1dG1fY2FtcGFpZ249aW5mb19sYS1xdW90aWRpZW5uZSZlbWFpbD0yMDQzMzI4NjUzJmlkYmRkPTU2NTU5\">Valeo va fermer son site de La Suze-sur-Sarthe et supprimer 868 emplois en France<\/a>&nbsp;(Usine Nouvelle) &nbsp;<\/p>\n\n\n\n<p><a href=\"https:\/\/redirection.b2b.infopro-digital.com\/lnk\/AW8AAFlxz6cAAcXGCtgAAHnKuI0AAABZQUUAANzvAAwsSQBnR14IqGuJHBiBT_mDef5L-TPXOwAMCy8\/9\/uKbR910ZSZKOxzkf6Eww5Q\/aHR0cDovL3d3dy51c2luZW5vdXZlbGxlLmNvbS9lZGl0b3JpYWwvbGVncmFuZC1kZWxvY2FsaXNlLWwtYWN0aXZpdGUtZGUtdHJvaXMtdXNpbmVzLWZyYW5jYWlzZXMtZGV1eC1zaXRlcy1wcm9taXMtYS1mZXJtZXR1cmUuTjIyMjMzNjM_dXRtX3NvdXJjZT1uZXdzbGV0dGVyJnV0bV9tZWRpdW09ZW1haWwmdXRtX2NhbXBhaWduPWluZm9fbGEtcXVvdGlkaWVubmUmZW1haWw9MjA0MzMyODY1MyZpZGJkZD01NjU1OQ\">Legrand d\u00e9localise l\u2019activit\u00e9 de trois usines fran\u00e7aises<\/a>&nbsp;(Usine Nouvelle) &nbsp;<\/p>\n\n\n\n<p><a href=\"https:\/\/redirection.b2b.infopro-digital.com\/lnk\/AW8AAFlxz6cAAcXGCtgAAHnKuI0AAABZQUUAANzvAAwsSQBnR14IqGuJHBiBT_mDef5L-TPXOwAMCy8\/12\/1N55Eo8mN-1nrz7HhFDZgA\/aHR0cDovL3d3dy51c2luZW5vdXZlbGxlLmNvbS9hcnRpY2xlL2wtZXF1aXBlbWVudGllci1jeWNsaXN0ZS1tYXZpYy12YS1mZXJtZXItc29uLXVzaW5lLWhpc3RvcmlxdWUtZGFucy1sLWFpbi1lbi0yMDI1Lk4yMjIzMzc1P3V0bV9zb3VyY2U9bmV3c2xldHRlciZ1dG1fbWVkaXVtPWVtYWlsJnV0bV9jYW1wYWlnbj1pbmZvX2xhLXF1b3RpZGllbm5lJmVtYWlsPTIwNDMzMjg2NTMmaWRiZGQ9NTY1NTk\">L\u2019\u00e9quipementier cycliste Mavic va fermer son usine historique dans l\u2019Ain en 2025<\/a>&nbsp;(Usine Nouvelle) &nbsp;<\/p>\n\n\n\n<p><a href=\"https:\/\/redirection.b2b.infopro-digital.com\/lnk\/AVIAAFfyDi4AAcXGC8gAAHnKuI0AAABZQUUAANzvAAwsSQBnSLTp7TIFlLKhTymSWoQOWRPg4QAMCy8\/19\/KUZWolwGG3uOoXEP8Kwe7Q\/aHR0cDovL3d3dy51c2luZW5vdXZlbGxlLmNvbS9hcnRpY2xlL2RhbnMtbGUtbG90LWV0LWdhcm9ubmUtcmVkZW4taW5hdWd1cmUtc2EtbGlnbmUtcmVub3ZlZS1kZS1wYW5uZWF1eC1waG90b3ZvbHRhaXF1ZXMtYS1yb3F1ZWZvcnQuTjIyMjMzOTc_dXRtX3NvdXJjZT1uZXdzbGV0dGVyJnV0bV9tZWRpdW09ZW1haWwmdXRtX2NhbXBhaWduPWluZm9fbGEtcXVvdGlkaWVubmUmZW1haWw9MjA0MzMyODY1MyZpZGJkZD01NjU1OQ\">Reden inaugure sa ligne r\u00e9nov\u00e9e de panneaux photovolta\u00efques \u00e0 Roquefort<\/a>&nbsp;(Usine Nouvelle)<\/p>\n\n\n\n<p><strong>Monde<\/strong><\/p>\n\n\n\n<p><a href=\"https:\/\/www.connaissancedesenergies.org\/afp\/en-inde-la-grande-ruee-vers-lenergie-solaire-241201-0\">En&nbsp;<strong>Inde<\/strong>, la grande ru\u00e9e vers l\u2019\u00e9nergie solaire<\/a>&nbsp;(AFP)<\/p>\n\n\n\n<p><a href=\"https:\/\/www.rfi.fr\/fr\/en-bref\/20241130-%C3%A9tats-unis-donald-trump-menace-les-brics-de-droits-de-douane-%C3%A0-100-s-ils-sapent-la-domination-du-dollar\"><strong>USA<\/strong>&nbsp;: Trump menace les&nbsp;<strong>Brics<\/strong>&nbsp;de droits de douane \u00ab\u00e0 100%\u00bb s\u2019ils sapent la domination du dollar<\/a>&nbsp;(RFI)<\/p>\n\n\n\n<p><strong><a href=\"https:\/\/orientxxi.statslive.info\/c\/6102025067\/eyJpdiI6IjE5djFjT2g3R3VcL0REVTBoYzVpSTJ1VVh0OU9oQnhWR2NEWFp4NVJqa0J3PSIsIm1hYyI6IjI1MjI4YWY2OWFlMTQ3YTZkYTZjMDQ1NzM3ZGIxYjYxYzMzZGMwM2MwNjgwYTVkY2I0MTlhYjI3NWRhMThhYzAiLCJ2YWx1ZSI6ImJNRVNSNDhBNVN5UDVlVVpTQXJPdkd4QVBjYnBwMkk1b1wvTnNjRkFOa29FPSJ9\">France-Maroc. La course \u00e0 l\u2019exploitation \u00e9conomique du Sahara occidental<\/a><\/strong>&nbsp;(Orient XXI)<\/p>\n\n\n\n<p><a href=\"https:\/\/api.indigo-net.com\/email\/RedirectionEmailing?mail=n.chevillard@noos.fr&amp;ID=685090&amp;DOCIID=109703480&amp;ENAIID=958853&amp;RETOUR=SIMPLE&amp;link=https:\/\/www.africaintelligence.fr\/le-continent\/2024\/11\/29\/le-dispositif-africain-de-la-famille-saade-a-la-tete-de-cma-cgm,110342935-ar2?cxt=PUB&amp;utm_source=AIF&amp;utm_medium=email&amp;utm_campaign=AUTO_EDIT_SOM_PROS\"><strong>Le dispositif africain de la famille Saad\u00e9 \u00e0 la t\u00eate de CMA CGM<\/strong><\/a>&nbsp;(Africa Intelligence)<\/p>\n\n\n\n<p><a href=\"https:\/\/www.alternatives-economiques.fr\/royaume-uni-un-budget-endiguer-casse-services-publics\/00113090\">Au&nbsp;<strong>Royaume-Uni,<\/strong>&nbsp;un budget pour endiguer la casse des services publics<\/a>&nbsp;(Alter \u00e9co)<\/p>\n\n\n\n<p><strong>Analyse<\/strong><\/p>\n\n\n\n<p><strong><a href=\"https:\/\/www.mediapart.fr\/journal\/politique\/011224\/il-est-temps-de-remiser-l-obsession-de-la-croissance-au-rayon-des-accessoires-inutiles\">Il est temps de remiser l\u2019obsession de la croissance au rayon des accessoires inutiles<\/a><\/strong>&nbsp;(Mediapart)<\/p>\n\n\n\n<p><a href=\"https:\/\/76835.r.sp1-brevo.net\/mk\/cl\/f\/sh\/1t6Af4OiGsEagAv2XXyyCnUomOnK1k\/Q1g72csnblDt\">\u00ab&nbsp;<em>La soci\u00e9t\u00e9 industrielle est marqu\u00e9e par une tendance totalitaire&nbsp;<\/em>\u00bb \u2013 Marc Weinstein<\/a>&nbsp;(Elucid)<\/p>\n","protected":false},"excerpt":{"rendered":"<p>28 d\u00e9cembre France L\u2019eau devient une ressource rare, et l\u2019industrie en profite et privatise l\u2019acc\u00e8s (Elucid) LVMH ferme sa parenth\u00e8se fiscale en Belgique en rapatriant les holdings du groupe (La Lettre) Uranium : accord pr\u00e9liminaire entre la Mongolie et Orano sur l&rsquo;exploitation d&rsquo;une mine (AFP) La facture d&rsquo;\u00e9lectricit\u00e9 attendue en baisse de 14% au 1er &#8230; <a title=\"D\u00e9cembre &#8211; \u00c9conomie\" class=\"read-more\" href=\"https:\/\/www.rdpemancipation.org\/?p=134919\" aria-label=\"En savoir plus sur D\u00e9cembre &#8211; \u00c9conomie\">Lire la suite<\/a><\/p>\n","protected":false},"author":1,"featured_media":0,"comment_status":"closed","ping_status":"closed","sticky":false,"template":"","format":"standard","meta":{"_lmt_disableupdate":"","_lmt_disable":"","_jetpack_memberships_contains_paid_content":false,"footnotes":""},"categories":[11],"tags":[],"class_list":["post-134919","post","type-post","status-publish","format-standard","hentry","category-economie"],"modified_by":"nch","jetpack_featured_media_url":"","jetpack_sharing_enabled":true,"_links":{"self":[{"href":"https:\/\/www.rdpemancipation.org\/index.php?rest_route=\/wp\/v2\/posts\/134919","targetHints":{"allow":["GET"]}}],"collection":[{"href":"https:\/\/www.rdpemancipation.org\/index.php?rest_route=\/wp\/v2\/posts"}],"about":[{"href":"https:\/\/www.rdpemancipation.org\/index.php?rest_route=\/wp\/v2\/types\/post"}],"author":[{"embeddable":true,"href":"https:\/\/www.rdpemancipation.org\/index.php?rest_route=\/wp\/v2\/users\/1"}],"replies":[{"embeddable":true,"href":"https:\/\/www.rdpemancipation.org\/index.php?rest_route=%2Fwp%2Fv2%2Fcomments&post=134919"}],"version-history":[{"count":28,"href":"https:\/\/www.rdpemancipation.org\/index.php?rest_route=\/wp\/v2\/posts\/134919\/revisions"}],"predecessor-version":[{"id":135795,"href":"https:\/\/www.rdpemancipation.org\/index.php?rest_route=\/wp\/v2\/posts\/134919\/revisions\/135795"}],"wp:attachment":[{"href":"https:\/\/www.rdpemancipation.org\/index.php?rest_route=%2Fwp%2Fv2%2Fmedia&parent=134919"}],"wp:term":[{"taxonomy":"category","embeddable":true,"href":"https:\/\/www.rdpemancipation.org\/index.php?rest_route=%2Fwp%2Fv2%2Fcategories&post=134919"},{"taxonomy":"post_tag","embeddable":true,"href":"https:\/\/www.rdpemancipation.org\/index.php?rest_route=%2Fwp%2Fv2%2Ftags&post=134919"}],"curies":[{"name":"wp","href":"https:\/\/api.w.org\/{rel}","templated":true}]}}