{"id":134915,"date":"2024-12-01T01:05:00","date_gmt":"2024-12-01T00:05:00","guid":{"rendered":"https:\/\/www.rdpemancipation.org\/?p=134915"},"modified":"2024-12-29T12:33:04","modified_gmt":"2024-12-29T11:33:04","slug":"decembre-alternatives-5","status":"publish","type":"post","link":"https:\/\/www.rdpemancipation.org\/?p=134915","title":{"rendered":"D\u00e9cembre &#8211; Alternatives"},"content":{"rendered":"\n<p><strong><strong><mark style=\"background-color:rgba(0, 0, 0, 0);color:#ed1010\" class=\"has-inline-color\">28 d\u00e9cembre<\/mark><\/strong><\/strong><\/p>\n\n\n\n<p><a href=\"https:\/\/reporterre.net\/Quand-des-tiny-houses-relogent-des-sans-abri\" target=\"_blank\" rel=\"noreferrer noopener\">Quand des tiny houses relogent des sans-abri<\/a>&nbsp;(Reporterre)<\/p>\n\n\n\n<p><a href=\"https:\/\/www.socialter.fr\/article\/dijon-quartier-des-lentilleres-agriculture-decroissante-solidarite\" target=\"_blank\" rel=\"noreferrer noopener\">Au quartier libre des Lentill\u00e8res, une agriculture d\u00e9croissante et solidaire<\/a>&nbsp;(Socialter)<\/p>\n\n\n\n<p><a href=\"https:\/\/lepoing.net\/une-cagnotte-pour-soutenir-les-militant-es-independantistes-kanak-emprisonne-es-en-france-et-leurs-familles\/\" target=\"_blank\" rel=\"noreferrer noopener\">Une cagnotte pour soutenir les militant.es ind\u00e9pendantistes kanak emprisonn\u00e9.es en France et leurs familles<\/a>&nbsp; (Le Poing)<\/p>\n\n\n\n<p><a href=\"https:\/\/reporterre.net\/Dans-le-Jura-les-colis-d-aide-alimentaire-s-etoffent-de-produits-locaux\" target=\"_blank\" rel=\"noreferrer noopener\">Des associations d&rsquo;aide alimentaire s&rsquo;allient aux paysans pour lutter contre la malbouffe<\/a>&nbsp;(Reporterre)<\/p>\n\n\n\n<p><strong><strong><mark style=\"background-color:rgba(0, 0, 0, 0);color:#ed1010\" class=\"has-inline-color\">16 d\u00e9cembre<\/mark><\/strong><\/strong><\/p>\n\n\n\n<p><a href=\"https:\/\/basta.media\/pourquoi-accorder-le-droit-de-vote-aux-enfants\" target=\"_blank\" rel=\"noreferrer noopener\">Pourquoi accorder le droit de vote aux enfants <\/a>&nbsp;(Basta!)<\/p>\n\n\n\n<p><a href=\"https:\/\/reporterre.net\/Les-cooperatives-d-habitants-un-modele-revolutionnaire-qui-peine-a-essaimer\" target=\"_blank\" rel=\"noreferrer noopener\">Les coop\u00e9ratives d\u2019habitants, un mod\u00e8le r\u00e9volutionnaire qui peine \u00e0 essaimer<\/a> (Reporterre)<\/p>\n\n\n\n<p><a href=\"https:\/\/vert.eco\/articles\/des-lions-recuperes-dun-cirque-lecosse-reensauvagee-les-bonnes-nouvelles-de-la-semaine\" target=\"_blank\" rel=\"noreferrer noopener\">Des lions r\u00e9cup\u00e9r\u00e9s d\u2019un cirque, l\u2019\u00c9cosse r\u00e9ensauvag\u00e9e : les bonnes nouvelles de la semaine<\/a> &nbsp;(vert.eco)<\/p>\n\n\n\n<p><a href=\"https:\/\/www.francetvinfo.fr\/replay-radio\/bientot-chez-vous\/une-entreprise-malaisienne-recycle-les-fruits-des-palmiers-a-huile-pour-fabriquer-des-batteries-de-voitures-electriques_6921047.html\">Une entreprise malaisienne recycle les fruits des palmiers \u00e0 huile pour fabriquer des batteries de voitures \u00e9lectriques<\/a> (France Info)<\/p>\n\n\n\n<p><a href=\"https:\/\/www.mediapart.fr\/journal\/france\/101224\/autour-du-plateau-de-millevaches-une-tentative-de-domestication-d-un-tissu-associatif-contestataire\" target=\"_blank\" rel=\"noreferrer noopener\">Autour du plateau de Millevaches, une tentative de domestication d\u2019un tissu associatif contestataire&nbsp;<\/a> (Mediapart)<\/p>\n\n\n\n<p><strong><strong><mark style=\"background-color:rgba(0, 0, 0, 0);color:#ed1010\" class=\"has-inline-color\">6 d\u00e9cembre<\/mark><\/strong><\/strong><\/p>\n\n\n\n<p><a href=\"https:\/\/correspondancespaysannes.org\/bulletins-papiers\">Correspondances paysannes<\/a> (Bulletin)<\/p>\n\n\n\n<p><a href=\"https:\/\/www.assemblee-nationale.fr\/dyn\/17\/textes\/l17b0386_proposition-loi\">Proposition de loi pour l\u2019exp\u00e9rimentation vers l\u2019instauration d\u2019une s\u00e9curit\u00e9 sociale de l\u2019alimentation,<\/a>&nbsp;(AN)<\/p>\n\n\n\n<p><a href=\"https:\/\/lareleveetlapeste.fr\/dix-ans-de-combats-162-victoires-la-puissance-des-luttes-locales\/\" target=\"_blank\" rel=\"noreferrer noopener\"><strong>Dix ans de combats, 162 victoires : la puissance des luttes locales<\/strong><\/a> (La Rel\u00e8ve et La Peste)<\/p>\n\n\n\n<p><strong><a href=\"https:\/\/reporterre.net\/250-victoires-ecologistes-decouvrez-notre-carte-de-France-interactive\">250 victoires \u00e9cologistes : d\u00e9couvrez notre carte de France interactive<\/a><\/strong> (Reporterre)<\/p>\n\n\n\n<p><a href=\"https:\/\/vert.eco\/articles\/des-tigres-sauvages-de-retour-sur-leurs-terres-un-plan-pour-proteger-les-glaciers-les-bonnes-nouvelles-de-la-semaine\" target=\"_blank\" rel=\"noreferrer noopener\">Des tigres sauvages de retour sur leurs terres, un plan pour prot\u00e9ger les glaciers : les bonnes nouvelles de la semaine<\/a>&nbsp;(vert.eco)<\/p>\n\n\n\n<p class=\"has-text-color has-link-color wp-elements-b067710697432e50804d1bdc28a94ffe\" style=\"color:#e70d0d\"><strong>3 d\u00e9cembre<\/strong><\/p>\n\n\n\n<p><a href=\"https:\/\/vert.eco\/articles\/la-gironde-se-lance-dans-lexperimentation-a-grande-echelle-de-la-securite-sociale-de-lalimentation-a-grande-echelle\">La Gironde se lance dans l\u2019exp\u00e9rimentation \u00e0 grande \u00e9chelle de la \u00abs\u00e9curit\u00e9 sociale de l\u2019alimentation\u00bb<\/a> (Vert)<\/p>\n\n\n\n<p><a href=\"https:\/\/basta.media\/Produits-pris-en-charge-village-experimente-securite-sociale-alimentaire\">Vaucluse, un village exp\u00e9rimente une s\u00e9curit\u00e9 sociale alimentaire<\/a>&nbsp;(Basta)<\/p>\n\n\n\n<p class=\"has-text-color has-link-color wp-elements-51be443bb61c18b403eb0d3f12098743\" style=\"color:#e01414\"><strong>2 d\u00e9cembre<\/strong><\/p>\n\n\n\n<p><a href=\"https:\/\/fondationdaniellemitterrand.org\/agenda\/conference-mondiale-de-la-jeunesse\/\">Youth writing history, conf\u00e9rence mondiale de la jeunesse<\/a> (YWH)<\/p>\n\n\n\n<p><a href=\"https:\/\/basta.media\/Produits-pris-en-charge-village-experimente-securite-sociale-alimentaire\">Vaucluse, un village exp\u00e9rimente une s\u00e9curit\u00e9 sociale alimentaire<\/a> (Basta)<\/p>\n","protected":false},"excerpt":{"rendered":"<p>28 d\u00e9cembre Quand des tiny houses relogent des sans-abri&nbsp;(Reporterre) Au quartier libre des Lentill\u00e8res, une agriculture d\u00e9croissante et solidaire&nbsp;(Socialter) Une cagnotte pour soutenir les militant.es ind\u00e9pendantistes kanak emprisonn\u00e9.es en France et leurs familles&nbsp; (Le Poing) Des associations d&rsquo;aide alimentaire s&rsquo;allient aux paysans pour lutter contre la malbouffe&nbsp;(Reporterre) 16 d\u00e9cembre Pourquoi accorder le droit de vote &#8230; <a title=\"D\u00e9cembre &#8211; Alternatives\" class=\"read-more\" href=\"https:\/\/www.rdpemancipation.org\/?p=134915\" aria-label=\"En savoir plus sur D\u00e9cembre &#8211; Alternatives\">Lire la suite<\/a><\/p>\n","protected":false},"author":1,"featured_media":0,"comment_status":"closed","ping_status":"closed","sticky":false,"template":"","format":"standard","meta":{"_lmt_disableupdate":"","_lmt_disable":"","_jetpack_memberships_contains_paid_content":false,"footnotes":""},"categories":[28],"tags":[],"class_list":["post-134915","post","type-post","status-publish","format-standard","hentry","category-alternatives"],"modified_by":"nch","jetpack_featured_media_url":"","jetpack_sharing_enabled":true,"_links":{"self":[{"href":"https:\/\/www.rdpemancipation.org\/index.php?rest_route=\/wp\/v2\/posts\/134915","targetHints":{"allow":["GET"]}}],"collection":[{"href":"https:\/\/www.rdpemancipation.org\/index.php?rest_route=\/wp\/v2\/posts"}],"about":[{"href":"https:\/\/www.rdpemancipation.org\/index.php?rest_route=\/wp\/v2\/types\/post"}],"author":[{"embeddable":true,"href":"https:\/\/www.rdpemancipation.org\/index.php?rest_route=\/wp\/v2\/users\/1"}],"replies":[{"embeddable":true,"href":"https:\/\/www.rdpemancipation.org\/index.php?rest_route=%2Fwp%2Fv2%2Fcomments&post=134915"}],"version-history":[{"count":11,"href":"https:\/\/www.rdpemancipation.org\/index.php?rest_route=\/wp\/v2\/posts\/134915\/revisions"}],"predecessor-version":[{"id":135809,"href":"https:\/\/www.rdpemancipation.org\/index.php?rest_route=\/wp\/v2\/posts\/134915\/revisions\/135809"}],"wp:attachment":[{"href":"https:\/\/www.rdpemancipation.org\/index.php?rest_route=%2Fwp%2Fv2%2Fmedia&parent=134915"}],"wp:term":[{"taxonomy":"category","embeddable":true,"href":"https:\/\/www.rdpemancipation.org\/index.php?rest_route=%2Fwp%2Fv2%2Fcategories&post=134915"},{"taxonomy":"post_tag","embeddable":true,"href":"https:\/\/www.rdpemancipation.org\/index.php?rest_route=%2Fwp%2Fv2%2Ftags&post=134915"}],"curies":[{"name":"wp","href":"https:\/\/api.w.org\/{rel}","templated":true}]}}