{"id":134907,"date":"2024-12-01T00:48:00","date_gmt":"2024-11-30T23:48:00","guid":{"rendered":"https:\/\/www.rdpemancipation.org\/?p=134907"},"modified":"2024-12-29T12:37:08","modified_gmt":"2024-12-29T11:37:08","slug":"decembre-antiracisme-migrations-3","status":"publish","type":"post","link":"https:\/\/www.rdpemancipation.org\/?p=134907","title":{"rendered":"D\u00e9cembre &#8211; Antiracisme\/Migrations"},"content":{"rendered":"\n<p><strong><strong><mark style=\"background-color:rgba(0, 0, 0, 0);color:#ed1010\" class=\"has-inline-color\">28 d\u00e9cembre<\/mark><\/strong><\/strong><\/p>\n\n\n\n<p><a href=\"https:\/\/www.courrierdesbalkans.fr\/Turquie-le-meurtre-d-une-etudiante-gabonaise-le-racisme-et-l-impunite\" target=\"_blank\" rel=\"noreferrer noopener\">Turquie : le meurtre d&rsquo;une \u00e9tudiante gabonaise, le racisme et l&rsquo;impunit\u00e9<\/a> (Le Courrier des Balkans)<\/p>\n\n\n\n<p><a href=\"https:\/\/www.humanite.fr\/monde\/espagne\/naufrage-70-exiles-disparus-en-mer-sur-la-route-de-lespagne-un-trajet-devenu-mortel-pour-plus-de-10-400-personnes-en-2024\">Naufrage : 70 exil\u00e9s disparus en mer sur la route de l\u2019Espagne, un trajet devenu mortel pour plus de 10 400 personnes en 2024<\/a>&nbsp;(L\u2019Humanit\u00e9)<\/p>\n\n\n\n<p><a href=\"https:\/\/reflets.info\/articles\/antisemitisme-sur-x-bien-plus-que-de-simples-derapages\" target=\"_blank\" rel=\"noreferrer noopener\">Antis\u00e9mitisme sur X : bien plus que de simples d\u00e9rapages<\/a> (Reflets.info)<\/p>\n\n\n\n<p><strong><strong><mark style=\"background-color:rgba(0, 0, 0, 0);color:#ed1010\" class=\"has-inline-color\">21 d\u00e9cembre<\/mark><\/strong><\/strong><\/p>\n\n\n\n<p><a href=\"https:\/\/www.revue-ballast.fr\/defier-la-frontiere-a-coups-de-pedale\/\">D\u00e9fier la fronti\u00e8re \u00e0 coups de p\u00e9dale<\/a> (Ballast)<\/p>\n\n\n\n<p><strong><strong><mark style=\"background-color:rgba(0, 0, 0, 0);color:#ed1010\" class=\"has-inline-color\">19 d\u00e9cembre<\/mark><\/strong><\/strong><\/p>\n\n\n\n<p><a href=\"https:\/\/www.humanite.fr\/politique\/facebook\/ils-sont-vraiment-nuisibles-ces-noirs-hitler-sest-trompe-dethnie-a-exterminer-quand-deputes-et-soutiens-du-rassemblement-nati\">\u00ab&nbsp;Ils sont vraiment nuisibles, ces Noirs&nbsp;\u00bb, \u00ab&nbsp;Hitler s\u2019est tromp\u00e9 d\u2019ethnie \u00e0 exterminer&nbsp;\u00bb&nbsp;: <\/a><strong><a href=\"https:\/\/www.humanite.fr\/politique\/facebook\/ils-sont-vraiment-nuisibles-ces-noirs-hitler-sest-trompe-dethnie-a-exterminer-quand-deputes-et-soutiens-du-rassemblement-nati\">Quand d\u00e9put\u00e9s et soutiens du Rassemblement national d\u00e9versent leur haine sur Facebook<\/a> (l\u2019Humanit\u00e9)<\/strong><\/p>\n\n\n\n<p><strong><strong><mark style=\"background-color:rgba(0, 0, 0, 0);color:#ed1010\" class=\"has-inline-color\">16 d\u00e9cembre<\/mark><\/strong><\/strong><\/p>\n\n\n\n<p><a href=\"https:\/\/www.mediapart.fr\/journal\/international\/121224\/syrie-peine-le-dictateur-dechu-l-europe-songe-se-debarrasser-de-ses-refugies-syriens\" target=\"_blank\" rel=\"noreferrer noopener\">Syrie : \u00e0 peine le dictateur d\u00e9chu, l\u2019Europe songe \u00e0 se d\u00e9barrasser de ses r\u00e9fugi\u00e9s syriens<\/a>&nbsp;(Mediapart)<\/p>\n\n\n\n<p><a href=\"https:\/\/www.infomigrants.net\/fr\/post\/61649\/malgre-la-chute-du-regime-syrien-un-refugie-statutaire-en-france-na-pas-le-droit-de-se-rendre-en-syrie\" target=\"_blank\" rel=\"noreferrer noopener\">Malgr\u00e9 la chute du r\u00e9gime syrien, un r\u00e9fugi\u00e9 statutaire en France n&rsquo;a pas le droit de se rendre en Syrie<\/a>&nbsp;(InfoMigrants)<\/p>\n\n\n\n<p><a href=\"https:\/\/www.acrimed.org\/Le-Repli-une-critique-de-la-normalisation\" target=\"_blank\" rel=\"noreferrer noopener\">Le Repli : une critique de la normalisation m\u00e9diatique de l&rsquo;autoritarisme et du racisme<\/a>&nbsp;(Acrimed)<\/p>\n\n\n\n<p><strong><strong><mark style=\"background-color:rgba(0, 0, 0, 0);color:#ed1010\" class=\"has-inline-color\">14 d\u00e9cembre<\/mark><\/strong><\/strong><\/p>\n\n\n\n<p><a href=\"https:\/\/www.revolutionpermanente.fr\/Tri-raciste-a-Aix-Marseille-jusqu-a-16-fois-plus-de-frais-d-inscription-pour-les-etudiants\">Tri raciste \u00e0 Aix-Marseille&nbsp;: jusqu\u2019\u00e0 16 fois plus de frais d\u2019inscription pour les \u00e9tudiants \u00e9trangers<\/a> (RP)<\/p>\n\n\n\n<p><strong><strong><mark style=\"background-color:rgba(0, 0, 0, 0);color:#ed1010\" class=\"has-inline-color\">13 d\u00e9cembre<\/mark><\/strong><\/strong><\/p>\n\n\n\n<p><a href=\"ous-ceux-qui-veulent-quon-efface-une-partie-de-nous-pour-leur-propre-confort\/\">Anas Daif : \u00ab Ce bouquin est un doigt d\u2019honneur \u00e0 tous ceux qui veulent qu\u2019on efface une partie de nous pour leur propre confort \u00bb<\/a> (Le Bondy Blog)<\/p>\n\n\n\n<p><strong><strong><mark style=\"background-color:rgba(0, 0, 0, 0);color:#ed1010\" class=\"has-inline-color\">9 d\u00e9cembre<\/mark><\/strong><\/strong><\/p>\n\n\n\n<p><a href=\"https:\/\/www.alternatives-economiques.fr\/virginie-guiraudon-politique-migratoire-europeenne-largement-conse\/00113061\" target=\"_blank\" rel=\"noreferrer noopener\">Virginie Guiraudon : \u00ab La politique migratoire europ\u00e9enne fait largement consensus du centre gauche \u00e0 l&rsquo;extr\u00eame droite \u00bb<\/a>&nbsp;(Alter \u00e9co)<\/p>\n\n\n\n<p><a href=\"https:\/\/afriquexxi.us20.list-manage.com\/track\/click?u=f9f8627cbcbbdcb07c28f3cdf&amp;id=17acaf5724&amp;e=58ff83d693\" target=\"_blank\" rel=\"noreferrer noopener\">Dans le Pays basque, l\u2019accueil des exil\u00e9\u00b7es malgr\u00e9 la r\u00e9pression<\/a> &nbsp;(Afrique XXI)<\/p>\n\n\n\n<p><strong><strong><mark style=\"background-color:rgba(0, 0, 0, 0);color:#ed1010\" class=\"has-inline-color\">7 d\u00e9cembre<\/mark><\/strong><\/strong><\/p>\n\n\n\n<p><a href=\"https:\/\/www.hors-serie.net\/emission.php?id=615&amp;is#commentaires\">Du capitalisme, du racisme et de leurs rapports<\/a> (Hors s\u00e9rie)<\/p>\n\n\n\n<p><strong><strong><mark style=\"background-color:rgba(0, 0, 0, 0);color:#ed1010\" class=\"has-inline-color\">1er d\u00e9cembre<\/mark><\/strong><\/strong><\/p>\n\n\n\n<p><a href=\"https:\/\/www.humanite.fr\/monde\/afrique\/35-millions-de-refugies-en-afrique-en-15-ans-le-nombre-de-deplaces-internes-a-triple-sur-le-continent-selon-un-observatoire-international\" target=\"_blank\" rel=\"noreferrer noopener\">35 millions de r\u00e9fugi\u00e9s en Afrique : en 15 ans, le nombre de d\u00e9plac\u00e9s internes a tripl\u00e9 sur le continent, selon un observatoire international<\/a> (L\u2019Humanit\u00e9)<\/p>\n\n\n\n<p><a href=\"https:\/\/www.alternatives-economiques.fr\/claire-rodier\/hubs-durcir-politique-migratoire\/00113055\" target=\"_blank\" rel=\"noreferrer noopener\">Des hubs pour durcir la politique migratoire<\/a> (Alter \u00e9co)<\/p>\n\n\n\n<p><a href=\"https:\/\/blogs.mediapart.fr\/comite-pour-le-respect-des-droits-en-tunisie\/blog\/251124\/tunisie-non-la-criminalisation-de-la-solidarite-avec-les-migrants\">Tunisie : non \u00e0 la criminalisation de la solidarit\u00e9 avec les migrants<\/a>&nbsp;(Comit\u00e9 pour le respect des droits en Tunisie)<\/p>\n\n\n\n<p><a href=\"https:\/\/www.liberation.fr\/societe\/immigration\/sur-le-littoral-de-la-manche-laide-aux-exiles-a-bout-de-souffle-ce-quon-vit-ce-nest-rien-compare-a-eux-20241122_A7EC27AX7ZC2LPVWRZ4YKVAFYY\/\">Sur le littoral de la Manche, l\u2019aide aux exil\u00e9s \u00e0 bout de souffle : \u00abCe qu\u2019on vit, ce n\u2019est rien compar\u00e9 \u00e0 eux\u00bb<\/a> (Lib\u00e9ration)<\/p>\n","protected":false},"excerpt":{"rendered":"<p>28 d\u00e9cembre Turquie : le meurtre d&rsquo;une \u00e9tudiante gabonaise, le racisme et l&rsquo;impunit\u00e9 (Le Courrier des Balkans) Naufrage : 70 exil\u00e9s disparus en mer sur la route de l\u2019Espagne, un trajet devenu mortel pour plus de 10 400 personnes en 2024&nbsp;(L\u2019Humanit\u00e9) Antis\u00e9mitisme sur X : bien plus que de simples d\u00e9rapages (Reflets.info) 21 d\u00e9cembre D\u00e9fier &#8230; <a title=\"D\u00e9cembre &#8211; Antiracisme\/Migrations\" class=\"read-more\" href=\"https:\/\/www.rdpemancipation.org\/?p=134907\" aria-label=\"En savoir plus sur D\u00e9cembre &#8211; Antiracisme\/Migrations\">Lire la suite<\/a><\/p>\n","protected":false},"author":1,"featured_media":0,"comment_status":"closed","ping_status":"closed","sticky":false,"template":"","format":"standard","meta":{"_lmt_disableupdate":"","_lmt_disable":"","_jetpack_memberships_contains_paid_content":false,"footnotes":""},"categories":[13,27],"tags":[],"class_list":["post-134907","post","type-post","status-publish","format-standard","hentry","category-antiracisme","category-migrations"],"modified_by":"nch","jetpack_featured_media_url":"","jetpack_sharing_enabled":true,"_links":{"self":[{"href":"https:\/\/www.rdpemancipation.org\/index.php?rest_route=\/wp\/v2\/posts\/134907","targetHints":{"allow":["GET"]}}],"collection":[{"href":"https:\/\/www.rdpemancipation.org\/index.php?rest_route=\/wp\/v2\/posts"}],"about":[{"href":"https:\/\/www.rdpemancipation.org\/index.php?rest_route=\/wp\/v2\/types\/post"}],"author":[{"embeddable":true,"href":"https:\/\/www.rdpemancipation.org\/index.php?rest_route=\/wp\/v2\/users\/1"}],"replies":[{"embeddable":true,"href":"https:\/\/www.rdpemancipation.org\/index.php?rest_route=%2Fwp%2Fv2%2Fcomments&post=134907"}],"version-history":[{"count":11,"href":"https:\/\/www.rdpemancipation.org\/index.php?rest_route=\/wp\/v2\/posts\/134907\/revisions"}],"predecessor-version":[{"id":135811,"href":"https:\/\/www.rdpemancipation.org\/index.php?rest_route=\/wp\/v2\/posts\/134907\/revisions\/135811"}],"wp:attachment":[{"href":"https:\/\/www.rdpemancipation.org\/index.php?rest_route=%2Fwp%2Fv2%2Fmedia&parent=134907"}],"wp:term":[{"taxonomy":"category","embeddable":true,"href":"https:\/\/www.rdpemancipation.org\/index.php?rest_route=%2Fwp%2Fv2%2Fcategories&post=134907"},{"taxonomy":"post_tag","embeddable":true,"href":"https:\/\/www.rdpemancipation.org\/index.php?rest_route=%2Fwp%2Fv2%2Ftags&post=134907"}],"curies":[{"name":"wp","href":"https:\/\/api.w.org\/{rel}","templated":true}]}}