{"id":134905,"date":"2024-12-01T00:45:00","date_gmt":"2024-11-30T23:45:00","guid":{"rendered":"https:\/\/www.rdpemancipation.org\/?p=134905"},"modified":"2024-12-31T11:58:59","modified_gmt":"2024-12-31T10:58:59","slug":"decembre-sante-5","status":"publish","type":"post","link":"https:\/\/www.rdpemancipation.org\/?p=134905","title":{"rendered":"D\u00e9cembre &#8211; Sant\u00e9"},"content":{"rendered":"\n<p><strong><strong><mark style=\"background-color:rgba(0, 0, 0, 0);color:#ed1010\" class=\"has-inline-color\">31 d\u00e9cembre<\/mark><\/strong><\/strong><\/p>\n\n\n\n<p><a href=\"https:\/\/www.lemonde.fr\/planete\/article\/2024\/12\/30\/progression-du-cancer-du-pancreas-en-france-la-piste-des-pesticides_6473267_3244.html\">Progression du cancer du pancr\u00e9as en France : la piste des pesticides<\/a>&nbsp;(Le Monde)<\/p>\n\n\n\n<p><a href=\"https:\/\/mobiles.developpez.com\/actu\/366212\/Une-etude-revele-que-des-produits-chimiques-toxiques-eternels-caches-dans-les-bracelets-de-montres-connectees-pourraient-penetrer-l-organisme-et-provoquer-des-problemes-graves-tels-que-le-cancer\/\">Des PFAS  cach\u00e9s dans les bracelets de montres connect\u00e9es pourraient provoquer des cancers<\/a>\u00a0(developpez.com)<\/p>\n\n\n\n<p><strong><strong><mark style=\"background-color:rgba(0, 0, 0, 0);color:#ed1010\" class=\"has-inline-color\">28 d\u00e9cembre<\/mark><\/strong><\/strong><\/p>\n\n\n\n<p><a href=\"https:\/\/www.novethic.fr\/economie-et-social\/business-model-en-transition\/mckinsey-responsabilite-crise-sanitaire-opiaces-etats-unis?utm_source=mailpoet&amp;utm_medium=email&amp;utm_source_platform=mailpoet\">USA.&nbsp;<\/a><a href=\"https:\/\/www.novethic.fr\/economie-et-social\/business-model-en-transition\/mckinsey-responsabilite-crise-sanitaire-opiaces-etats-unis?utm_source=mailpoet&amp;utm_medium=email&amp;utm_source_platform=mailpoet\">McKinsey mis en cause pour sa responsabilit\u00e9 dans la crise sanitaire des opiac\u00e9s<\/a>&nbsp;(Novethic)<\/p>\n\n\n\n<p><a href=\"https:\/\/9tcmw.r.ah.d.sendibm5.com\/mk\/cl\/f\/sh\/7nVU1aA2nfwLoblshV4uwydGqE0L8th\/oJu-LGg7VJmU\" target=\"_blank\" rel=\"noreferrer noopener\">Pour lutter contre les d\u00e9serts m\u00e9dicaux, \u00e9lus locaux et soignants font preuve d\u2019imagination<\/a> (Basta!)<\/p>\n\n\n\n<p><a href=\"https:\/\/www.alternatives-economiques.fr\/lactivite-de-lhopital-redemarre-profit-prive\/00113283\" target=\"_blank\" rel=\"noreferrer noopener\">L\u2019activit\u00e9 de l&rsquo;h\u00f4pital red\u00e9marre\u2026 au profit du priv\u00e9<\/a> (Alter \u00e9co)<\/p>\n\n\n\n<p><a href=\"https:\/\/www.mediabask.eus\/fr\/info_mbsk\/20241221\/hopital-de-bayonne-l-objectif-etait-de-limiter-la-casse\" target=\"_blank\" rel=\"noreferrer noopener\">H\u00f4pital de Bayonne : un accord sur le temps de travail trouv\u00e9 avec la direction<\/a>&nbsp;(mediabask.eus)<\/p>\n\n\n\n<p><a href=\"https:\/\/basta.media\/Bebes-nes-sans-bras-qui-veut-la-peau-du-registre-Remera-association-qui-a-permis-de-lancer-alerte-Emmanuelle-Amar\" target=\"_blank\" rel=\"noreferrer noopener\">B\u00e9b\u00e9s sans bras : qui veut la peau du Remera ?&nbsp;<\/a> (Basta!)<\/p>\n\n\n\n<p><a href=\"https:\/\/www.mediapart.fr\/journal\/economie-et-social\/141224\/en-radiologie-la-finance-fait-du-profit-sur-le-dos-de-l-assurance-maladie\">En radiologie, du profit sur le dos de l\u2019assurance-maladie <\/a>&nbsp;(M\u00e9diapart)<\/p>\n\n\n\n<p><a href=\"https:\/\/www.alternatives-economiques.fr\/changement-climatique-hopitaux-souffrance\/00113351\" target=\"_blank\" rel=\"noreferrer noopener\">Changement climatique : les h\u00f4pitaux en souffrance<\/a>&nbsp;(Alter \u00e9co)<\/p>\n\n\n\n<p><strong><strong><mark style=\"background-color:rgba(0, 0, 0, 0);color:#ed1010\" class=\"has-inline-color\">16 d\u00e9cembre<\/mark><\/strong><\/strong><\/p>\n\n\n\n<p><a href=\"https:\/\/www.lemonde.fr\/economie\/article\/2024\/12\/13\/crise-des-opiaces-le-cabinet-mckinsey-va-payer-650-millions-de-dollars-pour-eviter-un-proces-penal_6447012_3234.html\">Crise des opiac\u00e9s&nbsp;: le cabinet McKinsey va payer 650 millions de dollars pour \u00e9viter un proc\u00e8s p\u00e9nal<\/a>&nbsp;(lemonde.fr)<\/p>\n\n\n\n<p><strong><strong><mark style=\"background-color:rgba(0, 0, 0, 0);color:#ed1010\" class=\"has-inline-color\">9 d\u00e9cembre<\/mark><\/strong><\/strong><\/p>\n\n\n\n<p><a href=\"https:\/\/www.alternatives-economiques.fr\/france-psychiatrie-souffrante-malades\/00113329\" target=\"_blank\" rel=\"noreferrer noopener\">En France, la psychiatrie est aussi souffrante que ses malades<\/a>&nbsp;(Alter \u00e9co)<\/p>\n\n\n\n<p><a href=\"https:\/\/www.rue89strasbourg.com\/greve-groupe-hospitalie-saint-vincent-321922-321922\" target=\"_blank\" rel=\"noreferrer noopener\">La CGT et l\u2019Unsa entament une gr\u00e8ve illimit\u00e9e au groupe hospitalier Saint-Vincent<\/a>&nbsp;(Rue89 Strasbourg)<\/p>\n\n\n\n<p><a href=\"https:\/\/www.humanite.fr\/societe\/financement-securite-sociale\/sante-la-necessite-dune-rupture-avec-le-marche\" target=\"_blank\" rel=\"noreferrer noopener\">Sant\u00e9 : la n\u00e9cessit\u00e9 d\u2019une rupture avec le march\u00e9<\/a>&nbsp;(L\u2019Humanit\u00e9)<\/p>\n\n\n\n<p><a href=\"https:\/\/76835.r.sp1-brevo.net\/mk\/cl\/f\/sh\/1t6Af4OiGsEagAv2XXyyCnUomOnK1k\/KzdpDDxZPEa8\" target=\"_blank\" rel=\"noreferrer noopener\">L\u2019\u00c9tat impuissant face \u00e0 une industrie pharmaceutique domin\u00e9e par le profit<\/a> (Elucid)<\/p>\n\n\n\n<p><a href=\"https:\/\/www.mediapart.fr\/journal\/france\/061224\/mort-de-lucas-aux-urgences-un-rapport-confirme-de-graves-dysfonctionnements\" target=\"_blank\" rel=\"noreferrer noopener\"><strong>Mort de Lucas aux urgences: un rapport confirme de graves dysfonctionnements<\/strong><\/a> &nbsp;(Mediapart)<\/p>\n\n\n\n<p><a href=\"https:\/\/www.alternatives-economiques.fr\/nathalie-coutinet\/baisse-taux-de-remboursement-medicaments-un-mauvais-coup-m\/00113259\" target=\"_blank\" rel=\"noreferrer noopener\">La baisse du taux de remboursement des m\u00e9dicaments, un mauvais coup pour les m\u00e9nages<\/a> (Alter \u00e9co)<\/p>\n\n\n\n<p><a href=\"https:\/\/76835.r.sp1-brevo.net\/mk\/cl\/f\/sh\/1t6Af4OiGsEagAv2XXyyCnUomOnK1k\/0Jc-UDTwxZeU\" target=\"_blank\" rel=\"noreferrer noopener\"><strong>La tentation de la privatisation d\u2019un syst\u00e8me de sant\u00e9 \u00e0 bout de souffle<\/strong><\/a> (Elucid)<\/p>\n\n\n\n<p><strong><strong><mark style=\"background-color:rgba(0, 0, 0, 0);color:#ed1010\" class=\"has-inline-color\">3 d\u00e9cembre<\/mark><\/strong><\/strong><\/p>\n\n\n\n<p><a href=\"https:\/\/www.terrestres.org\/2024\/06\/11\/cancer-et-causes-environnementales\/\">Cancer et causes environnementales : Pourquoi moi ? Pourquoi nous ?<\/a> (Terrestres)<\/p>\n\n\n\n<p><strong><strong><mark style=\"background-color:rgba(0, 0, 0, 0);color:#ed1010\" class=\"has-inline-color\">1er d\u00e9cembre<\/mark><\/strong><\/strong><\/p>\n\n\n\n<p><a href=\"https:\/\/www.blast-info.fr\/emissions\/2024\/meggy-25-ans-morte-aux-urgences-macron-a-tue-lhopital-public-sJg1XCCtToiynZ4DD9hPfw\" target=\"_blank\" rel=\"noreferrer noopener\">Meggy, 25 ans, morte aux urgences : Macron a tu\u00e9 l&rsquo;hopital public<\/a>&nbsp;(Blast)<\/p>\n\n\n\n<p><a href=\"https:\/\/alencontre.org\/suisse\/suisse-efas-le-referendum-syndical-a-ouvert-un-espace-pour-proposer-une-politique-de-sante-combinant-caisse-unique-publique-solidaire-avec-une-relance-dune-logique-de-services-publi.html\"><strong>Suisse<\/strong>. \u00abEFAS: le r\u00e9f\u00e9rendum syndical a ouvert un espace pour proposer une politique de sant\u00e9 combinant caisse unique, publique, solidaire avec une relance d\u2019une logique de services publics\u00bb<\/a>&nbsp;(A l\u2019Encontre)<\/p>\n\n\n\n<p><a href=\"https:\/\/www.humanite.fr\/politique\/medicaments\/budget-de-la-secu-le-gouvernement-veut-baisser-le-remboursement-des-medicaments\" target=\"_blank\" rel=\"noreferrer noopener\">Budget de la S\u00e9cu : le gouvernement veut baisser le remboursement des m\u00e9dicaments<\/a>&nbsp;(L\u2019Humanit\u00e9)<\/p>\n","protected":false},"excerpt":{"rendered":"<p>31 d\u00e9cembre Progression du cancer du pancr\u00e9as en France : la piste des pesticides&nbsp;(Le Monde) Des PFAS cach\u00e9s dans les bracelets de montres connect\u00e9es pourraient provoquer des cancers\u00a0(developpez.com) 28 d\u00e9cembre USA.&nbsp;McKinsey mis en cause pour sa responsabilit\u00e9 dans la crise sanitaire des opiac\u00e9s&nbsp;(Novethic) Pour lutter contre les d\u00e9serts m\u00e9dicaux, \u00e9lus locaux et soignants font preuve &#8230; <a title=\"D\u00e9cembre &#8211; Sant\u00e9\" class=\"read-more\" href=\"https:\/\/www.rdpemancipation.org\/?p=134905\" aria-label=\"En savoir plus sur D\u00e9cembre &#8211; Sant\u00e9\">Lire la suite<\/a><\/p>\n","protected":false},"author":1,"featured_media":0,"comment_status":"closed","ping_status":"closed","sticky":false,"template":"","format":"standard","meta":{"_lmt_disableupdate":"","_lmt_disable":"","_jetpack_memberships_contains_paid_content":false,"footnotes":""},"categories":[14],"tags":[],"class_list":["post-134905","post","type-post","status-publish","format-standard","hentry","category-sante"],"modified_by":"rdpemancipation","jetpack_featured_media_url":"","jetpack_sharing_enabled":true,"_links":{"self":[{"href":"https:\/\/www.rdpemancipation.org\/index.php?rest_route=\/wp\/v2\/posts\/134905","targetHints":{"allow":["GET"]}}],"collection":[{"href":"https:\/\/www.rdpemancipation.org\/index.php?rest_route=\/wp\/v2\/posts"}],"about":[{"href":"https:\/\/www.rdpemancipation.org\/index.php?rest_route=\/wp\/v2\/types\/post"}],"author":[{"embeddable":true,"href":"https:\/\/www.rdpemancipation.org\/index.php?rest_route=\/wp\/v2\/users\/1"}],"replies":[{"embeddable":true,"href":"https:\/\/www.rdpemancipation.org\/index.php?rest_route=%2Fwp%2Fv2%2Fcomments&post=134905"}],"version-history":[{"count":8,"href":"https:\/\/www.rdpemancipation.org\/index.php?rest_route=\/wp\/v2\/posts\/134905\/revisions"}],"predecessor-version":[{"id":135876,"href":"https:\/\/www.rdpemancipation.org\/index.php?rest_route=\/wp\/v2\/posts\/134905\/revisions\/135876"}],"wp:attachment":[{"href":"https:\/\/www.rdpemancipation.org\/index.php?rest_route=%2Fwp%2Fv2%2Fmedia&parent=134905"}],"wp:term":[{"taxonomy":"category","embeddable":true,"href":"https:\/\/www.rdpemancipation.org\/index.php?rest_route=%2Fwp%2Fv2%2Fcategories&post=134905"},{"taxonomy":"post_tag","embeddable":true,"href":"https:\/\/www.rdpemancipation.org\/index.php?rest_route=%2Fwp%2Fv2%2Ftags&post=134905"}],"curies":[{"name":"wp","href":"https:\/\/api.w.org\/{rel}","templated":true}]}}