{"id":133888,"date":"2024-11-01T13:15:26","date_gmt":"2024-11-01T12:15:26","guid":{"rendered":"https:\/\/www.rdpemancipation.org\/?p=133888"},"modified":"2024-12-02T12:02:11","modified_gmt":"2024-12-02T11:02:11","slug":"novembre-ecologie-4","status":"publish","type":"post","link":"https:\/\/www.rdpemancipation.org\/?p=133888","title":{"rendered":"Novembre &#8211; \u00c9conomie"},"content":{"rendered":"\n<p><\/p>\n\n\n\n<p><strong><strong><mark style=\"background-color:rgba(0, 0, 0, 0);color:#ed1010\" class=\"has-inline-color\">27 novembre<\/mark><\/strong><\/strong><\/p>\n\n\n\n<p><strong>France<\/strong> <a><\/a><\/p>\n\n\n\n<p><a href=\"https:\/\/www.alternatives-economiques.fr\/plan-social-chez-auchan-crise-fin-de-grande-distribution\/00113220\" target=\"_blank\" rel=\"noreferrer noopener\">Plan social chez Auchan, ou la crise sans fin de la grande distribution<\/a> (Alter \u00e9co)<\/p>\n\n\n\n<p><a href=\"https:\/\/redirection.b2b.infopro-digital.com\/lnk\/AVQAAFfWf9EAAcXGCgIAAHnKuI0AAABZQUUAANzvAAwsSQBnRg3_yIJSefY-Rye8pwRfOtJoLgAMCy8\/4\/SST30ewwOtbJtNfNOOYKhw\/aHR0cDovL3d3dy51c2luZW5vdXZlbGxlLmNvbS9lZGl0b3JpYWwvYXZlYy1wbHVzLWRlLWZlcm1ldHVyZXMtcXVlLWQtb3V2ZXJ0dXJlcy1kLXVzaW5lcy1lbi0yMDI0LWwtaW5xdWlldGFudGUtcGFubmUtZGUtbGEtcmVpbmR1c3RyaWFsaXNhdGlvbi1zZS1jb25maXJtZS1lbi1mcmFuY2UuTjIyMjI5ODc_dXRtX3NvdXJjZT1uZXdzbGV0dGVyJnV0bV9tZWRpdW09ZW1haWwmdXRtX2NhbXBhaWduPWluZm9fbGEtcXVvdGlkaWVubmUmZW1haWw9MjA0MzMyODY1MyZpZGJkZD01NjU1OQ\" target=\"_blank\" rel=\"noreferrer noopener\"><strong>Depuis janvier 2024, la France a ferm\u00e9 plus d\u2019usines qu\u2019elle n\u2019en a ouvert<\/strong><\/a> (UsineNouvelle)<strong>&nbsp;<\/strong><\/p>\n\n\n\n<p><strong><a href=\"https:\/\/76835.r.sp1-brevo.net\/mk\/cl\/f\/sh\/1t6Af4OiGsEagAv2XXyyCnUomOnK1k\/1wldy2Dn_zTD\" target=\"_blank\" rel=\"noreferrer noopener\">Un quart des Fran\u00e7ais en situation de pr\u00e9carit\u00e9 : quand le travail ne paie pas<\/a><\/strong> (Elucid)<\/p>\n\n\n\n<p><a href=\"https:\/\/9tcmw.r.ah.d.sendibm5.com\/mk\/cl\/f\/sh\/7nVU1aA2ng07nemUedXp1hGtAwzucmj\/NXtBv8KQ6gtX\" target=\"_blank\" rel=\"noreferrer noopener\">Plans sociaux en cascade&nbsp;: le macronisme en faillite&nbsp;?<\/a> (Basta!)<\/p>\n\n\n\n<p><a href=\"https:\/\/www.connaissancedesenergies.org\/afp\/le-plus-grand-plan-social-est-celui-des-pme-et-tpe-deplore-francois-asselin-241126\">\u00ab Le plus grand plan social est celui des PME et TPE \u00bb, d\u00e9plore Fran\u00e7ois Asselin<\/a> (AFP)<\/p>\n\n\n\n<p><a href=\"https:\/\/redirection.b2b.infopro-digital.com\/lnk\/AWIAAFcdU3sAAcXGCVYAAHnKuI0AAABZQTkAANzxAAwsSQBnRWyLQ6XH96I4R1-wUFTYLSWRdAAMCy8\/17\/iy4pDnmPACSsXdJ9BIBG5w\/aHR0cDovL3d3dy51c2luZS1kaWdpdGFsZS5mci9hcnRpY2xlL2F0b3MtZW50cmUtZW4tbmVnb2NpYXRpb25zLWV4Y2x1c2l2ZXMtcG91ci12ZW5kcmUtc2VzLXN1cGVyY2FsY3VsYXRldXJzLWEtbC1ldGF0Lk4yMjIzMDY4P3V0bV9zb3VyY2U9bmV3c2xldHRlciZ1dG1fbWVkaXVtPWVtYWlsJnV0bV9jYW1wYWlnbj1pbmZvX3VkLXF1b3RpZGllbm5lJmVtYWlsPTIwNDMzMjg2NTMmaWRiZGQ9NTY1NjE\" target=\"_blank\" rel=\"noreferrer noopener\">Atos entre en n\u00e9gociations exclusives pour vendre ses supercalculateurs \u00e0 l&rsquo;Etat<\/a> (Usine Digitale)<\/p>\n\n\n\n<p><a href=\"https:\/\/redirection.b2b.infopro-digital.com\/lnk\/AV4AAFcs9B8AAcXGCS4AAHnKuI0AAABZQUUAANzvAAwsSQBnRLjQwEZjdvqTQrOXUIZwGBTeLQAMCy8\/4\/B-fUsmLGRuN09TAE5oty2A\/aHR0cDovL3d3dy51c2luZW5vdXZlbGxlLmNvbS9hcnRpY2xlL2Vhc3RtYW4tcG91cnJhaXQtcmVub25jZXItYS1zb24tdXNpbmUtZGUtMS1taWxsaWFyZC1kLWV1cm9zLXBvdXItbGUtcmVjeWNsYWdlLWNoaW1pcXVlLWRlLXBsYXN0aXF1ZXMtZW4tbm9ybWFuZGllLk4yMjIzMDUyP3V0bV9zb3VyY2U9bmV3c2xldHRlciZ1dG1fbWVkaXVtPWVtYWlsJnV0bV9jYW1wYWlnbj1pbmZvX2xhLXF1b3RpZGllbm5lJmVtYWlsPTIwNDMzMjg2NTMmaWRiZGQ9NTY1NTk\" target=\"_blank\" rel=\"noreferrer noopener\">Eastman pourrait renoncer \u00e0 son usine pour le recyclage chimique de plastiques en Normandie<\/a> (Usine Nouvelle)&nbsp;<\/p>\n\n\n\n<p><a href=\"https:\/\/redirection.b2b.infopro-digital.com\/lnk\/AV4AAFcs9B8AAcXGCS4AAHnKuI0AAABZQUUAANzvAAwsSQBnRLjQwEZjdvqTQrOXUIZwGBTeLQAMCy8\/9\/4tfCxVRvtsF17Kdydax9xg\/aHR0cDovL3d3dy51c2luZW5vdXZlbGxlLmNvbS9hcnRpY2xlL2VkZi1sYW5jZS1sYS1jb25zdHJ1Y3Rpb24tZC11bmUtY2VudHJhbGUtYmlvZW5lcmdpZS1lbi1jb3JzZS1ldC1hbm5vbmNlLTEtbWlsbGlhcmQtZC1ldXJvcy1kLWludmVzdGlzc2VtZW50Lk4yMjIzMDQyP3V0bV9zb3VyY2U9bmV3c2xldHRlciZ1dG1fbWVkaXVtPWVtYWlsJnV0bV9jYW1wYWlnbj1pbmZvX2xhLXF1b3RpZGllbm5lJmVtYWlsPTIwNDMzMjg2NTMmaWRiZGQ9NTY1NTk\" target=\"_blank\" rel=\"noreferrer noopener\">Pourquoi EDF doit investir plus d&rsquo;1 milliard d&rsquo;euros en Corse<\/a> (Usine Nouvelle)&nbsp;<\/p>\n\n\n\n<p><a href=\"https:\/\/www.connaissancedesenergies.org\/afp\/aides-la-renovation-cinq-entreprises-sanctionnees-pour-fraudes-dont-totalenergies-et-dalkia-241125\">Aides \u00e0 la r\u00e9novation: cinq entreprises sanctionn\u00e9es pour fraudes, dont TotalEnergies et Dalkia<\/a> (AFP)<\/p>\n\n\n\n<p><a href=\"https:\/\/redirection.b2b.infopro-digital.com\/lnk\/AWQAAFoYbWIAAcXGCKQAAHnKuI0AAABZQTkAANzxAAwsSQBnRCoFusvGuSVkTJS35TyCQSsQsgAMCy8\/9\/FLxmibijH3LPj8U0gwkbBw\/aHR0cDovL3d3dy51c2luZS1kaWdpdGFsZS5mci9hcnRpY2xlL3F1YW50aXF1ZS1wYXNxYWwtZXQtaWJtLXNvdWhhaXRlbnQtY3JlZXItdW4tbW9kZWxlLWRlLXN1cGVyY2FsY3VsLXVuaWZpZS5OMjIyMzA0MD91dG1fc291cmNlPW5ld3NsZXR0ZXImdXRtX21lZGl1bT1lbWFpbCZ1dG1fY2FtcGFpZ249aW5mb191ZC1xdW90aWRpZW5uZSZlbWFpbD0yMDQzMzI4NjUzJmlkYmRkPTU2NTYx\" target=\"_blank\" rel=\"noreferrer noopener\">Pasqal et IBM souhaitent cr\u00e9er un mod\u00e8le de supercalcul unifi\u00e9<\/a> (Usine Digitale)<\/p>\n\n\n\n<p><strong>Monde<\/strong><\/p>\n\n\n\n<p><a href=\"https:\/\/redirection.b2b.infopro-digital.com\/lnk\/AWUAAFjT8BoAAcXGCQAAAHnKuI0AAABZQTkAANz-AAwsSQBnRJ1DWfLP6voxQY2GgB5vRHTB2QAMCy8\/2\/_kZLuOF6FSZe2B74RtRjPA\/aHR0cDovL3d3dy51c2luZS1kaWdpdGFsZS5mci9hcnRpY2xlL2lhLWdlbmVyYXRpdmUta3BtZy1zaWduZS11bi1jb250cmF0LWRlLTEwMC1taWxsaW9ucy1kZS1kb2xsYXJzLWF2ZWMtZ29vZ2xlLWNsb3VkLk4yMjIzMjMxP3V0bV9zb3VyY2U9bmV3c2xldHRlciZ1dG1fbWVkaXVtPWVtYWlsJnV0bV9jYW1wYWlnbj1pbmZvX3VkLWZsYXNoJmVtYWlsPTIwNDMzMjg2NTMmaWRiZGQ9NTY1NzR9\" target=\"_blank\" rel=\"noreferrer noopener\">KPMG signe un contrat de 100 millions de dollars avec Google Cloud<\/a> (Usine Digitale)<\/p>\n\n\n\n<p><strong><a href=\"https:\/\/redirection.b2b.infopro-digital.com\/lnk\/AVQAAFfWf9EAAcXGCgIAAHnKuI0AAABZQUUAANzvAAwsSQBnRg3_yIJSefY-Rye8pwRfOtJoLgAMCy8\/9\/TrevPrpdttuFq5Np3VX-Hg\/aHR0cDovL3d3dy51c2luZW5vdXZlbGxlLmNvbS9hcnRpY2xlL2xhLWNodXRlLWRlLW5vcnRodm9sdC11bi10ZXN0LXBvdXItbGEtY3JlZGliaWxpdGUtZGUtbC1ldXJvcGUtZGFucy1sZXMtYmF0dGVyaWVzLk4yMjIyODU3P3V0bV9zb3VyY2U9bmV3c2xldHRlciZ1dG1fbWVkaXVtPWVtYWlsJnV0bV9jYW1wYWlnbj1pbmZvX2xhLXF1b3RpZGllbm5lJmVtYWlsPTIwNDMzMjg2NTMmaWRiZGQ9NTY1NTk\" target=\"_blank\" rel=\"noreferrer noopener\">La chute de Northvolt, un test pour la cr\u00e9dibilit\u00e9 de l\u2019Europe<\/a><\/strong><a> (Usine <\/a>Nouvelle)&nbsp;<\/p>\n\n\n\n<p><a href=\"https:\/\/redirection.b2b.infopro-digital.com\/lnk\/AMYAAFhPzV4AAcXGCZIAAHnKuI0AAABZQTkAANz-AAwsSQBnRa9Bu5ja63Z_S7uyibMCdbpMtQAMCy8\/2\/-PXWJFTodpi_gaCJFBhb5w\/aHR0cDovL3d3dy51c2luZS1kaWdpdGFsZS5mci9hcnRpY2xlL2NvbW1lbnQtZGVzLWhhY2tlcnMtbm9yZC1jb3JlZW5zLXV0aWxpc2VudC1saW5rZWRpbi1wb3VyLXZvbGVyLWRlcy1taWxsaW9ucy1kZS1kb2xsYXJzLk4yMjIzMjcxP3V0bV9zb3VyY2U9bmV3c2xldHRlciZ1dG1fbWVkaXVtPWVtYWlsJnV0bV9jYW1wYWlnbj1pbmZvX3VkLWZsYXNoJmVtYWlsPTIwNDMzMjg2NTMmaWRiZGQ9NTY1NzR9\" target=\"_blank\" rel=\"noreferrer noopener\">Comment des hackers nord-cor\u00e9ens utilisent LinkedIn pour voler des millions de dollars<\/a> (Usine Digitale)<\/p>\n\n\n\n<p><a href=\"https:\/\/redirection.b2b.infopro-digital.com\/lnk\/AWIAAFcdU3sAAcXGCVYAAHnKuI0AAABZQTkAANzxAAwsSQBnRWyLQ6XH96I4R1-wUFTYLSWRdAAMCy8\/9\/x-ksK1qmhWcnPp3F0eIgHw\/aHR0cDovL3d3dy51c2luZS1kaWdpdGFsZS5mci9hcnRpY2xlL2NvbW1lbnQtbWljcm9zb2Z0LXV0aWxpc2Utdm9zLWRvY3VtZW50cy13b3JkLWV0LWV4Y2VsLXBvdXItZW50cmFpbmVyLXNlcy1tb2RlbGVzLWQtaWEuTjIyMjMyNDU_dXRtX3NvdXJjZT1uZXdzbGV0dGVyJnV0bV9tZWRpdW09ZW1haWwmdXRtX2NhbXBhaWduPWluZm9fdWQtcXVvdGlkaWVubmUmZW1haWw9MjA0MzMyODY1MyZpZGJkZD01NjU2MQ\" target=\"_blank\" rel=\"noreferrer noopener\">Comment Microsoft utilise vos documents Word et Excel pour entra\u00eener ses mod\u00e8les d&rsquo;IA<\/a> (Usine Digitale)<\/p>\n\n\n\n<p><a href=\"https:\/\/api.indigo-net.com\/email\/RedirectionEmailing?mail=n.chevillard@noos.fr&amp;ID=684156&amp;DOCIID=109703480&amp;ENAIID=957919&amp;RETOUR=SIMPLE&amp;link=https:\/\/www.lalettre.fr\/fr\/action-publique_lobbying\/2024\/11\/26\/les-energeticiens-restructurent-le-lobby-du-nucleaire-en-europe,110344487-eve?cxt=PUB&amp;utm_source=LLA&amp;utm_medium=email&amp;utm_campaign=AUTO_EDIT_SOM_PROS\" target=\"_blank\" rel=\"noreferrer noopener\">Les \u00e9nerg\u00e9ticiens restructurent le lobby du nucl\u00e9aire en Europe<\/a> (La Lettre)<\/p>\n\n\n\n<p><strong>Analyse<\/strong><\/p>\n\n\n\n<p><strong><a href=\"https:\/\/76835.r.sp1-brevo.net\/mk\/cl\/f\/sh\/1t6Af4OiGsEagAv2XXyyCnUomOnK1k\/mRaH9z6s7fUB\" target=\"_blank\" rel=\"noreferrer noopener\">Les in\u00e9galit\u00e9s de revenus en France 2024&nbsp;: Macron a fait exploser les revenus des ultra-riches<\/a> <\/strong>(Elucid)<\/p>\n\n\n\n<p><a href=\"https:\/\/www.alternatives-economiques.fr\/inegalites-de-patrimoine-augmentent\/00113227\" target=\"_blank\" rel=\"noreferrer noopener\">Pourquoi les in\u00e9galit\u00e9s de patrimoine augmentent-elles ?<\/a> (Alter \u00e9co)<\/p>\n\n\n\n<p><a href=\"https:\/\/vert.eco\/articles\/passer-de-la-societe-actuelle-a-une-societe-soutenable-sur-le-plan-ecologique-necessite-une-chute-de-la-productivite\" target=\"_blank\" rel=\"noreferrer noopener\">\u00abPasser de la soci\u00e9t\u00e9 actuelle \u00e0 une soci\u00e9t\u00e9 soutenable sur le plan \u00e9cologique n\u00e9cessite une chute de la productivit\u00e9\u00bb<\/a> (vert.eco)<\/p>\n\n\n\n<p><a href=\"https:\/\/link.newsletter.franceculture.fr\/m\/ml\/7429\/910099\/RUncTeNdSX3-cGRjZrowTUBbOnNDRL2hn3YRWM9BNx4=\/mk6UUX+btHX7tqhSR9Jsjyi8rnXx7vJ8IaTu6oS+-Sg=\/\" target=\"_blank\" rel=\"noreferrer noopener\">Mercosur&nbsp;: l&rsquo;Europe peut-elle encore croire au libre-\u00e9change&nbsp;?<\/a> (France Culture)<\/p>\n\n\n\n<p><a href=\"https:\/\/tracking.connaissancedesenergies.org\/tracking\/click?d=79tHlb482tE98zXKFKw0_ndvZck1u20r8qAzbdd-iVVxNwlCJRQMLFQGQAfzb8RoU7Y3UehRFyxYibS3s7UR-S1YVKxiRsHGiv8gd3mIXTf9netvfIBe_9NY7g-uMkYw9XzGwniuQWZ_1V11epWokIooybGVPhqedh7Dw8KY_OLXXR00bwQLFZjlgiDE9sqPx004dDCMyv5hx0kggEF8qkgnZkYJ8pIy3YuMnPT6bKV5DOVrgkwVju4WpSxDkSwtbStIqXmrrUFd6kzEamsND8aTbr4ccias_bIPCcK6H0K55UaUsxCshyI8NUSdOrV5Ec1jDU-ePr6yJv1v79TuMbTB6anZjdlm3fKZq0vF1HO8w_-fGalNn8DsypdNwiQHhlNks9x_cT7nc9Ud1vyUDuc1\" target=\"_blank\" rel=\"noreferrer noopener\">Le Qu\u00e9bec met le cap sur d&rsquo;immenses projets \u00e9oliens <\/a>(Connaissance des \u00e9nergies)&nbsp;&nbsp;<\/p>\n\n\n\n<p><strong><strong><mark style=\"background-color:rgba(0, 0, 0, 0);color:#ed1010\" class=\"has-inline-color\">26 novembre<\/mark><\/strong><\/strong><\/p>\n\n\n\n<p><strong>France<\/strong> <a><\/a><\/p>\n\n\n\n<p><a href=\"https:\/\/regards.fr\/retraites-un-peu-de-maths-pour-decrypter-lentourloupe-barnier-wauquiez\/?utm_source=rss&amp;utm_medium=rss&amp;utm_campaign=retraites-un-peu-de-maths-pour-decrypter-lentourloupe-barnier-wauquiez\" target=\"_blank\" rel=\"noreferrer noopener\"><strong>Retraites : un peu de maths pour d\u00e9crypter l\u2019entourloupe Barnier-Wauquiez<\/strong><\/a> (Regards)<\/p>\n\n\n\n<p><a href=\"https:\/\/www.humanite.fr\/social-et-economie\/arcelormittal\/arcelormittal-face-a-la-fermeture-de-deux-usines-lintersyndicale-appelle-a-la-greve-dans-huit-sites-du-groupe\" target=\"_blank\" rel=\"noreferrer noopener\"><strong>ArcelorMittal : face \u00e0 la fermeture de deux usines, l\u2019intersyndicale appelle \u00e0 la gr\u00e8ve dans huit sites du groupe<\/strong><\/a> (L\u2019Humanit\u00e9)<\/p>\n\n\n\n<p><a href=\"https:\/\/basta.media\/Biolait-groupement-producteurs-lait-alternative-multinationale-Lactalis\" target=\"_blank\" rel=\"noreferrer noopener\">Biolait, un groupement de producteurs \u00e0 l\u2019oppos\u00e9 de Lactalis<\/a> (Basta!)<\/p>\n\n\n\n<p><a href=\"https:\/\/lvsl.fr\/methanisation-la-nouvelle-derive-de-lagriculture-industrielle\/\" target=\"_blank\" rel=\"noreferrer noopener\">M\u00e9thanisation : la nouvelle d\u00e9rive de l\u2019agriculture industrielle<\/a> (Le Vent Se L\u00e8ve)<\/p>\n\n\n\n<p><a href=\"https:\/\/www.terrestres.org\/2024\/11\/26\/un-front-commun-contre-lindustrialisation-des-forets-francaises\/\" target=\"_blank\" rel=\"noreferrer noopener\">Un front commun contre l\u2019industrialisation des for\u00eats fran\u00e7aises<\/a> (Terrestres)<\/p>\n\n\n\n<p><a href=\"https:\/\/marsactu.fr\/le-tribunal-comme-seule-issue-pour-les-salaries-sous-traitants-victimes-du-systeme-amazon\/\" target=\"_blank\" rel=\"noreferrer noopener\">Le tribunal comme seule issue pour les salari\u00e9s sous-traitants, victimes du \u2018syst\u00e8me Amazon<\/a>\u2019\u2019&nbsp; (Marsactu)<\/p>\n\n\n\n<p><strong>Monde<\/strong><\/p>\n\n\n\n<p><strong><a href=\"https:\/\/reporterre.net\/Les-Suisses-votent-contre-l-agrandissement-des-autoroutes\" target=\"_blank\" rel=\"noreferrer noopener\">Les Suisses votent contre l&rsquo;agrandissement des autoroutes<\/a><\/strong> (Reporterre)<\/p>\n\n\n\n<p><a href=\"https:\/\/reporterre.net\/Imprimantes-le-fabricant-HP-accuse-d-obsolescence-programmee\" target=\"_blank\" rel=\"noreferrer noopener\">Imprimantes&nbsp;: le fabricant HP accus\u00e9 d&rsquo;obsolescence programm\u00e9e<\/a> (Reporterre)<\/p>\n\n\n\n<p><a href=\"https:\/\/www.off-investigation.fr\/Evasion%20fiscale&nbsp;:%20quand%20L\u2019UE%20ferme%20les%20yeux%20sur%20un%20cartel%20chinois\">Evasion fiscale&nbsp;: quand L\u2019UE ferme les yeux sur un cartel chinois<\/a> (Off Investigation)<\/p>\n\n\n\n<p><strong>Analyse<\/strong><\/p>\n\n\n\n<p><a href=\"https:\/\/www.alternatives-economiques.fr\/pays-vit-de-rentes-lequel-rachete-monde\/00112899\" target=\"_blank\" rel=\"noreferrer noopener\">Quel pays vit de ses rentes et lequel rach\u00e8te le monde ?<\/a> (Alter \u00e9co)<\/p>\n\n\n\n<p><strong><strong><mark style=\"background-color:rgba(0, 0, 0, 0);color:#ed1010\" class=\"has-inline-color\">24 novembre<\/mark><\/strong><\/strong><\/p>\n\n\n\n<p><a href=\"https:\/\/www.youtube.com\/watch?v=g5vAOdtlpeE&amp;ab_channel=BLAST%2CLesouffledel%27info\">UE-Mercosur&nbsp;: la catastrophe sociale et environnementale qui nous guette<\/a> (Blast)<\/p>\n\n\n\n<p><strong><strong><mark style=\"background-color:rgba(0, 0, 0, 0);color:#ed1010\" class=\"has-inline-color\">22 et 23 novembre<\/mark><\/strong><\/strong><\/p>\n\n\n\n<p><strong>France<\/strong> <a><\/a><\/p>\n\n\n\n<p><a href=\"https:\/\/www.alternatives-economiques.fr\/redistribution-justice-sociale-coeur-cahiers-de-doleances\/00113119\" target=\"_blank\" rel=\"noreferrer noopener\"><strong>Redistribution et justice sociale au c\u0153ur des \u00ab cahiers de dol\u00e9ances \u00bb<\/strong><\/a> (Alter \u00e9co)<\/p>\n\n\n\n<p><a href=\"https:\/\/www.humanite.fr\/social-et-economie\/depenses-publiques\/austerite-front-economique-le-nouveau-lobby-du-patronat-pour-avoir-la-peau-des-depenses-publiques\" target=\"_blank\" rel=\"noreferrer noopener\">Aust\u00e9rit\u00e9. \u00abFront \u00e9conomique\u00bb, le nouveau lobby du patronat pour avoir la peau des d\u00e9penses publiques<\/a>&nbsp;(L\u2019Humanit\u00e9)<\/p>\n\n\n\n<p><a href=\"https:\/\/basta.media\/nous-assistons-a-une-escalade-de-la-predation-miniere\" target=\"_blank\" rel=\"noreferrer noopener\">\u00ab <em>Nous assistons \u00e0 une escalade de la pr\u00e9dation mini\u00e8re<\/em> \u00bb<\/a> (Basta!)<\/p>\n\n\n\n<p><a href=\"https:\/\/basta.media\/Revelations-contaminations-plus-grande-mine-ciel-ouvert-Glomel-Bretagne-Imerys\" target=\"_blank\" rel=\"noreferrer noopener\">R\u00e9v\u00e9lations sur les contaminations de la plus grande mine \u00e0 ciel ouvert de l&rsquo;Hexagone<\/a>&nbsp;(Basta!)<\/p>\n\n\n\n<p><a href=\"https:\/\/www.boursorama.com\/actualite-economique\/actualites\/france-forte-contraction-de-l-activite-du-secteur-prive-en-novembre-selon-l-indice-pmi-flash-b4077d8c13843a893e490bf96943811e\">Forte contraction de l&rsquo;activit\u00e9 du secteur priv\u00e9 en novembre<\/a> (Boursorama)<\/p>\n\n\n\n<p><a href=\"https:\/\/www.alternatives-economiques.fr\/reinvestir-services-publics-cest-possible\/00113191\" target=\"_blank\" rel=\"noreferrer noopener\">R\u00e9investir dans les services publics, c\u2019est possible !<\/a>&nbsp;(Alter \u00e9co)<\/p>\n\n\n\n<p><strong>Monde<\/strong><\/p>\n\n\n\n<p><a href=\"https:\/\/www.boursorama.com\/actualite-economique\/actualites\/brusque-declin-de-l-activite-du-secteur-prive-europeen-en-novembre-2f9aae9717fed0ff359bdad836c2249d\">Brusque d\u00e9clin de l&rsquo;activit\u00e9 du secteur priv\u00e9 <strong>europ\u00e9en<\/strong> en novembre<\/a> (Reuters)<\/p>\n\n\n\n<p><a href=\"https:\/\/www.boursorama.com\/actualite-economique\/actualites\/grande-bretagne-l-activite-du-secteur-prive-se-contracte-en-novembre-89d5f6eeade5515681dd1daabce8c489\"><strong>Grande Bretagne<\/strong> : L&rsquo;activit\u00e9 du secteur priv\u00e9 se contracte en novembre<\/a> (Reuters)<\/p>\n\n\n\n<p><a href=\"https:\/\/www.boursorama.com\/actualite-economique\/actualites\/l-economie-allemande-s-attend-a-un-rude-hiver-apres-une-faible-croissance-cet-ete-5c4d006785346809218ce4537221c857\">L&rsquo;\u00e9conomie <strong>allemande<\/strong> s&rsquo;attend \u00e0 un rude hiver, apr\u00e8s une faible croissance cet \u00e9t\u00e9<\/a> (Boursorama)&nbsp;&nbsp;<\/p>\n\n\n\n<p><a href=\"https:\/\/www.boursorama.com\/actualite-economique\/actualites\/allemagne-le-nouveau-ministre-des-finances-appelle-a-une-reforme-realiste-du-frein-a-l-endettement-7e2eb13799beb26305d5ef75cdc36d66\"><strong>Allemagne<\/strong> : Le nouveau ministre des Finances appelle \u00e0 une r\u00e9forme \u00ab\u00a0r\u00e9aliste\u00a0\u00bb du frein \u00e0 l&rsquo;endettement<\/a> (Reuters)<\/p>\n\n\n\n<p><a href=\"https:\/\/www.rfi.fr\/fr\/am%C3%A9riques\/20241122-%C3%A9tats-unis-le-gendarme-des-march%C3%A9s-financiers-d%C3%A9missionne-le-bitcoin-s-envole\"><strong>\u00c9tats-Unis<\/strong> : le pr\u00e9sident du gendarme des march\u00e9s financiers d\u00e9missionne, le bitcoin s&rsquo;envole<\/a>&nbsp;(RFI)<\/p>\n\n\n\n<p><a href=\"https:\/\/www.boursorama.com\/videos\/actualites\/pourquoi-les-tarifs-douaniers-de-trump-ne-seront-pas-forcement-inflationnistes-63d6cef1947e9288b231fc257d179a54\"><strong>USA<\/strong>&nbsp;: pourquoi les tarifs douaniers de Trump ne seront pas forc\u00e9ment inflationnistes<\/a> (Boursorama)&nbsp;&nbsp;<\/p>\n\n\n\n<p><a href=\"https:\/\/www.boursorama.com\/actualite-economique\/actualites\/japon-le-gouvernement-approuve-un-plan-de-relance-economique-massif-5c7de9f25c3cd9eafb5e91c0d2f4a5c1\"><strong>Japon<\/strong> : le gouvernement approuve un plan de relance \u00e9conomique massif<\/a> (AFP) &nbsp;&nbsp;<\/p>\n\n\n\n<p><a href=\"https:\/\/www.boursorama.com\/actualite-economique\/actualites\/bolivie-des-milliers-de-personnes-defilent-contre-la-crise-economique-e0e6e56a5e0712e00b1c349fc2966725\"><strong>Bolivie <\/strong>: des milliers de personnes d\u00e9filent contre la crise \u00e9conomique<\/a> (AFP) &nbsp;&nbsp;<\/p>\n\n\n\n<p><strong>Analyse<\/strong><\/p>\n\n\n\n<p><a href=\"https:\/\/www.alternatives-economiques.fr\/julie-gervais-financement-services-publics-sert-a-den\/00113147\" target=\"_blank\" rel=\"noreferrer noopener\">Julie Gervais : \u00ab <em>Le sous-financement des services publics sert aussi \u00e0 d\u00e9nigrer les fonctionnaires<\/em> \u00bb<\/a>&nbsp;(Alter \u00e9co)<\/p>\n\n\n\n<p><a href=\"https:\/\/alencontre.org\/ecologie\/lhistoire-du-petrole-dissequer-lhydre-a-plusieurs-tetes.html\">L\u2019histoire du p\u00e9trole : diss\u00e9quer l\u2019hydre \u00e0 plusieurs t\u00eates<\/a> (A l\u2019Encontre)<\/p>\n\n\n\n<p><a href=\"https:\/\/www.alternatives-economiques.fr\/2023-gouvernement-a-appauvri-pauvres-enrichi-riches\/00113211\" target=\"_blank\" rel=\"noreferrer noopener\">En 2023, le gouvernement a appauvri les pauvres et enrichi les riches<\/a>&nbsp;(Alter \u00e9co)<\/p>\n\n\n\n<p><a href=\"https:\/\/multinationales.org\/fr\/chiffres\/demonstration-de-force\" target=\"_blank\" rel=\"noreferrer noopener\"><strong>Lobbyistes fossiles&nbsp;: d\u00e9monstration de force<\/strong><\/a>&nbsp;(Observatoire des multinationales)<\/p>\n\n\n\n<p><a href=\"https:\/\/www.alternatives-economiques.fr\/traite-de-libre-echange-mercosur-divise-autant-lunion-eur\/00113210\" target=\"_blank\" rel=\"noreferrer noopener\">Pourquoi le trait\u00e9 de libre-\u00e9change avec le Mercosur divise autant l&rsquo;UE<\/a>&nbsp;(Alter \u00e9co)<\/p>\n\n\n\n<p><a href=\"https:\/\/lvsl.fr\/securite-sociale-de-lalimentation-de-lutopie-a-la-realite\/\" target=\"_blank\" rel=\"noreferrer noopener\">S\u00e9curit\u00e9 Sociale de l\u2019Alimentation : de l\u2019utopie \u00e0 la r\u00e9alit\u00e9<\/a>&nbsp;(Le Vent Se L\u00e8ve)<\/p>\n\n\n\n<p><strong><strong><mark style=\"background-color:rgba(0, 0, 0, 0);color:#ed1010\" class=\"has-inline-color\">20 et 21 novembre<\/mark><\/strong><\/strong><\/p>\n\n\n\n<p><strong>France<\/strong> <a><\/a><\/p>\n\n\n\n<p><a href=\"https:\/\/basta.media\/Greve-des-cheminots-ce-qui-se-joue-avec-liquidation-Fret-SNCF-transport-ferroviaire-marchandises\" target=\"_blank\" rel=\"noreferrer noopener\"><strong>Ce qui se joue avec la liquidation de Fret SNCF&nbsp;<\/strong><\/a> (Basta!)<\/p>\n\n\n\n<p><a href=\"https:\/\/basta.media\/Fret-SNCF-construit-avec-de-l-argent-public-va-desormais-etre-au-service-du-prive\" target=\"_blank\" rel=\"noreferrer noopener\">Fret SNCF, \u00abconstruit avec de l&rsquo;argent public va d\u00e9sormais \u00eatre au service du priv\u00e9\u00bb<\/a>&nbsp;(Basta!)<\/p>\n\n\n\n<p><a href=\"https:\/\/www.alternatives-economiques.fr\/une-loi-transpartisane-expulse-airbnb-de-niche-fiscale\/00113112\" target=\"_blank\" rel=\"noreferrer noopener\">Une loi transpartisane expulse Airbnb de sa niche fiscale<\/a>&nbsp;(Alter \u00e9co)<\/p>\n\n\n\n<p><a href=\"https:\/\/vert.eco\/articles\/de-la-merde-a-coup-sur-au-coeur-de-la-colere-agricole-le-mercosur-comme-denominateur-commun\" target=\"_blank\" rel=\"noreferrer noopener\">\u00ab<em>De la merde \u00e0 coup s\u00fbr<\/em>\u00bb : au c\u0153ur de la col\u00e8re agricole, le Mercosur comme d\u00e9nominateur commun<\/a>&nbsp;(vert.eco)<\/p>\n\n\n\n<p><strong><a href=\"https:\/\/76835.r.sp1-brevo.net\/mk\/cl\/f\/sh\/1t6Af4OiGsEagAv2XXyyCnUomOnK1k\/r9QiYGoZzu8d\" target=\"_blank\" rel=\"noreferrer noopener\">La charge de la dette publique&nbsp;: un vrai Robin des bois \u00e0 l\u2019envers<\/a><\/strong> (Elucid)<\/p>\n\n\n\n<p><a href=\"https:\/\/redirection.b2b.infopro-digital.com\/lnk\/AW4AAFh-MckAAcXGBrQAAHnKuI0AAABZQUUAANzvAAwsSQBnPhs8tOFKEYAYT7aNBXNy173XqgAMCy8\/4\/bvku4MegyBM9lKs-2dcq4w\/aHR0cDovL3d3dy51c2luZW5vdXZlbGxlLmNvbS9lZGl0b3JpYWwvYXJjZWxvcm1pdHRhbC1lbnZpc2FnZS1sYS1mZXJtZXR1cmUtZGUtZGV1eC1zaXRlcy1hLXJlaW1zLWV0LWRlbmFpbi5OMjIyMjg4OD91dG1fc291cmNlPW5ld3NsZXR0ZXImdXRtX21lZGl1bT1lbWFpbCZ1dG1fY2FtcGFpZ249aW5mb19sYS1xdW90aWRpZW5uZSZlbWFpbD0yMDQzMzI4NjUzJmlkYmRkPTU2NTU5\" target=\"_blank\" rel=\"noreferrer noopener\">ArcelorMittal envisage la fermeture de deux sites en France<\/a><a>&nbsp;<\/a>(Usine Nouvelle)&nbsp;<\/p>\n\n\n\n<p><a href=\"https:\/\/redirection.b2b.infopro-digital.com\/lnk\/AW4AAFh-MckAAcXGBrQAAHnKuI0AAABZQUUAANzvAAwsSQBnPhs8tOFKEYAYT7aNBXNy173XqgAMCy8\/22\/ynWslnsGyIjirL3XMCWBpQ\/aHR0cDovL3d3dy51c2luZW5vdXZlbGxlLmNvbS9hcnRpY2xlL2Etb25uYWluZy10b3lvdGEtZnJhbmNoaXQtbGUtY2FwLWRlcy1jaW5xLW1pbGxpb25zLWRlLXZlaGljdWxlcy1wcm9kdWl0cy5OMjIyMjg4Mz91dG1fc291cmNlPW5ld3NsZXR0ZXImdXRtX21lZGl1bT1lbWFpbCZ1dG1fY2FtcGFpZ249aW5mb19sYS1xdW90aWRpZW5uZSZlbWFpbD0yMDQzMzI4NjUzJmlkYmRkPTU2NTU5\" target=\"_blank\" rel=\"noreferrer noopener\">\u00c0 Onnaing, Toyota franchit le cap des cinq millions de v\u00e9hicules produits<\/a> (Usine Nouvelle)&nbsp;<\/p>\n\n\n\n<p><a href=\"https:\/\/reporterre.net\/Reforme-des-retraites-les-deputes-approuvent-l-abrogation-du-texte\">R\u00e9forme des retraites&nbsp;: les d\u00e9put\u00e9s votent l\u2019abrogation en commission<\/a>&nbsp;(Reporterre)<\/p>\n\n\n\n<p><a href=\"https:\/\/www.youtube.com\/watch?v=EtnAE7HuHKI\">R\u00e9forme des retraites : les d\u00e9put\u00e9s approuvent son abrogation en commission<\/a>&nbsp; (LCP vid\u00e9o)<\/p>\n\n\n\n<p><a href=\"https:\/\/www.youtube.com\/watch?v=fGc0F8XkRUI\" target=\"_blank\" rel=\"noreferrer noopener\">\u00ab<em>Si on \u00e9tait au gouvernement, on ferait adopter notre excellent budget NFP-compatible en 48h<\/em>\u00bb<\/a> (Regards, vid\u00e9o)<\/p>\n\n\n\n<p><a href=\"https:\/\/www.youtube.com\/watch?v=UlWVOOHiXys\"><strong>Famille Le Pen et ARGENT du RN : le grand tabou <\/strong><strong>\ud83d\udd0e avec Lumi<\/strong><\/a> (Off Investigation)<\/p>\n\n\n\n<p><strong>Monde<\/strong><\/p>\n\n\n\n<p><a href=\"https:\/\/multinationales.org\/fr\/actualites\/de-sheffield-a-paris-veolia-embourbee-dans-un-bras-de-fer-avec-ses-salaries\" target=\"_blank\" rel=\"noreferrer noopener\">Veolia embourb\u00e9e dans un bras de fer avec ses salari\u00e9s <strong>anglais<\/strong> autour de leur repr\u00e9sentation syndicale<\/a> (Observatoire des multinationales)<\/p>\n\n\n\n<p><a href=\"https:\/\/www.connaissancedesenergies.org\/afp\/afrique-du-sud-la-banque-centrale-baisse-son-taux-directeur-775-241121\"><strong>Afrique du Sud<\/strong> : la banque centrale baisse son taux directeur \u00e0 7,75%<\/a> (AFP)<a href=\"https:\/\/www.lemonde.fr\/economie\/article\/2024\/11\/21\/le-bitcoin-a-pres-de-100-000-dollars-dope-par-la-dynamique-trump_6406746_3234.html\"><\/a><\/p>\n\n\n\n<p><a href=\"https:\/\/www.lemonde.fr\/economie\/article\/2024\/11\/21\/le-bitcoin-a-pres-de-100-000-dollars-dope-par-la-dynamique-trump_6406746_3234.html\">Le bitcoin \u00e0 pr\u00e8s de 100&nbsp;000&nbsp;dollars, dop\u00e9 par la dynamique Trump<\/a> (Le Monde)<\/p>\n\n\n\n<p><a href=\"https:\/\/redirection.b2b.infopro-digital.com\/lnk\/AMcAAFcghj8AAcXGBtoAAHnKuI0AAABZQTkAANzxAAwsSQBnPuKsk0382WOnSPiVMH-67IQmfwAMCy8\/9\/aRsxn4ln0jR7LJA3Q0k0cg\/aHR0cDovL3d3dy51c2luZS1kaWdpdGFsZS5mci9hcnRpY2xlL2ZhY2UtYS14LWJsdWVza3ktdHJpcGxlLWRlLXRhaWxsZS1ldC1kZXBhc3NlLWxlcy0yMC1taWxsaW9ucy1kLXV0aWxpc2F0ZXVycy5OMjIyMjg2Mz91dG1fc291cmNlPW5ld3NsZXR0ZXImdXRtX21lZGl1bT1lbWFpbCZ1dG1fY2FtcGFpZ249aW5mb191ZC1xdW90aWRpZW5uZSZlbWFpbD0yMDQzMzI4NjUzJmlkYmRkPTU2NTYx\" target=\"_blank\" rel=\"noreferrer noopener\">Face \u00e0 X, Bluesky triple de taille et d\u00e9passe les 20 millions d&rsquo;utilisateurs<\/a> (Usine Digitale)<\/p>\n\n\n\n<p><a href=\"https:\/\/www.rfi.fr\/fr\/am%C3%A9riques\/20241121-etats-unis-elon-musk-d%C3%A9taille-son-projet-de-r%C3%A9forme-de-l-etat-dans-le-wall-street-journal\"><strong>USA<\/strong> : Elon Musk d\u00e9taille son projet de r\u00e9forme de l&rsquo;\u00c9tat dans le \u00abWall Street Journal\u00bb<\/a> (RFI)<\/p>\n\n\n\n<p><a href=\"https:\/\/redirection.b2b.infopro-digital.com\/lnk\/AW4AAFh-MckAAcXGBrQAAHnKuI0AAABZQUUAANzvAAwsSQBnPhs8tOFKEYAYT7aNBXNy173XqgAMCy8\/18\/yQ2QLyJJ2h32NlbwBDibqg\/aHR0cDovL3d3dy51c2luZW5vdXZlbGxlLmNvbS9hcnRpY2xlL3VuLWRlbWktc3VjY2VzLXBvdXItbGUtc2l4aWVtZS12b2wtZHUtc3RhcnNoaXAtZGUtc3BhY2V4LXF1aS1hLWFtZXJyaS1kYW5zLWwtb2NlYW4taW5kaWVuLk4yMjIyODgwP3V0bV9zb3VyY2U9bmV3c2xldHRlciZ1dG1fbWVkaXVtPWVtYWlsJnV0bV9jYW1wYWlnbj1pbmZvX2xhLXF1b3RpZGllbm5lJmVtYWlsPTIwNDMzMjg2NTMmaWRiZGQ9NTY1NTk\" target=\"_blank\" rel=\"noreferrer noopener\">Un demi-succ\u00e8s pour le sixi\u00e8me vol du Starship de SpaceX<\/a> (Usine Nouvelle)&nbsp;<\/p>\n\n\n\n<p><a href=\"https:\/\/redirection.b2b.infopro-digital.com\/lnk\/AW4AAFh-MckAAcXGBrQAAHnKuI0AAABZQUUAANzvAAwsSQBnPhs8tOFKEYAYT7aNBXNy173XqgAMCy8\/12\/w2KdlYdkd4vxhCPdH5vrJA\/aHR0cDovL3d3dy51c2luZW5vdXZlbGxlLmNvbS9hcnRpY2xlL2ZvcmQtdmEtc3VwcHJpbWVyLTE0LWRlLXNlcy1lZmZlY3RpZnMtZW4tZXVyb3BlLWZhdXRlLWRlLWRlbWFuZGUtcG91ci1sZXMtdmVoaWN1bGVzLWVsZWN0cmlxdWVzLk4yMjIyOTA5P3V0bV9zb3VyY2U9bmV3c2xldHRlciZ1dG1fbWVkaXVtPWVtYWlsJnV0bV9jYW1wYWlnbj1pbmZvX2xhLXF1b3RpZGllbm5lJmVtYWlsPTIwNDMzMjg2NTMmaWRiZGQ9NTY1NTk\" target=\"_blank\" rel=\"noreferrer noopener\">Ford va supprimer 14% de ses effectifs en Europe<\/a> (Usine Nouvelle)&nbsp;<\/p>\n\n\n\n<p><strong>Analyse<\/strong><\/p>\n\n\n\n<p><strong><a href=\"https:\/\/www.politis.fr\/api\/proxy\/?articleID=335598\" target=\"_blank\" rel=\"noreferrer noopener\">X\/Twitter : partir ou rester ?<\/a>&nbsp;<\/strong>(Politis, acc\u00e8s libre)<\/p>\n\n\n\n<p><a href=\"https:\/\/www.alternatives-economiques.fr\/prix-petrole-naugmente-malgre-guerre-moyen-orient\/00113106\" target=\"_blank\" rel=\"noreferrer noopener\">Pourquoi le prix du p\u00e9trole n&rsquo;augmente pas malgr\u00e9 la guerre au Moyen-Orient ?<\/a>&nbsp;(Alter \u00e9co)<\/p>\n\n\n\n<p><strong><strong><mark style=\"background-color:rgba(0, 0, 0, 0);color:#ed1010\" class=\"has-inline-color\">19 novembre<\/mark><\/strong><\/strong><\/p>\n\n\n\n<p><strong>France<\/strong> <a><\/a><\/p>\n\n\n\n<p><a href=\"https:\/\/www.liberation.fr\/politique\/derapage-budgetaire-une-mission-du-senat-critique-lattentisme-et-linaction-des-precedents-gouvernements-20241119_EAWV5WDL6FATPDGRH5F2TZCZAQ\/\">D\u00e9rapage budg\u00e9taire&nbsp;: une mission du S\u00e9nat accable l\u2019ex\u00e9cutif, Borne, Attal et Le Maire d\u00e9noncent une \u00abattaque indigne\u00bb<\/a> (Lib\u00e9ration, acc\u00e8s libre)<\/p>\n\n\n\n<p><a href=\"https:\/\/www.francetvinfo.fr\/politique\/parlement-francais\/assemblee-nationale\/dissolution\/info-franceinfo-la-dissolution-a-finalement-coute-19-53-millions-d-euros-a-l-assemblee-nationale_6907034.html\">La dissolution a finalement co\u00fbt\u00e9 19,53 millions d&rsquo;euros \u00e0 l&rsquo;Assembl\u00e9e nationale<\/a> (France Info)<\/p>\n\n\n\n<p><a href=\"https:\/\/www.blast-info.fr\/articles\/2024\/les-barbouzeries-de-lvmh-3-comment-bernard-arnault-a-echappe-a-la-justice-penale-vO6oQqCpQLadXwn3YmMJgQ\" target=\"_blank\" rel=\"noreferrer noopener\">Les barbouzeries de LVMH #3 : Comment Bernard Arnault a \u00e9chapp\u00e9 \u00e0 la justice p\u00e9nale<\/a>&nbsp;(Blast)<\/p>\n\n\n\n<p><a href=\"https:\/\/www.lemonde.fr\/economie\/live\/2024\/11\/18\/en-direct-colere-des-agriculteurs-suivez-la-situation-sur-le-terrain-et-posez-vos-questions_6399760_3234.html\">En direct : Pourquoi le trait\u00e9 de libre-\u00e9change avec le Mercosur concentre autant de col\u00e8re&nbsp;?<\/a> (Le Monde)<\/p>\n\n\n\n<p><a href=\"https:\/\/redirection.b2b.infopro-digital.com\/lnk\/AWgAAFlNc8gAAcXGBgIAAHnKuI0AAABZQUUAANzvAAwsSQBnPMoapqPWERugR9-eeu5s1wPLNwAMCy8\/9\/yo6PS60thJrdG54DEHcFyw\/aHR0cDovL3d3dy51c2luZW5vdXZlbGxlLmNvbS9lZGl0b3JpYWwvZGFucy1sZS1mbG91LWxhLW1vaXRpZS1kZXMtZW50cmVwcmlzZXMtZXRyYW5nZXJlcy1yZWR1aXQtc2VzLWludmVzdGlzc2VtZW50cy1lbi1mcmFuY2UuTjIyMjI4MTk_dXRtX3NvdXJjZT1uZXdzbGV0dGVyJnV0bV9tZWRpdW09ZW1haWwmdXRtX2NhbXBhaWduPWluZm9fbGEtcXVvdGlkaWVubmUmZW1haWw9MjA0MzMyODY1MyZpZGJkZD01NjU1OQ\" target=\"_blank\" rel=\"noreferrer noopener\">Dans le flou, les entreprises \u00e9trang\u00e8res mettent sur pause leurs investissements en France<\/a> (Usine Nouvelle)&nbsp;<\/p>\n\n\n\n<p><a href=\"https:\/\/www.alternatives-economiques.fr\/derriere-nationalisation-dasn-bataille-cables-marins\/00113068\" target=\"_blank\" rel=\"noreferrer noopener\">Derri\u00e8re la nationalisation d\u2019ASN, la bataille des c\u00e2bles sous-marins<\/a>&nbsp;(Alter \u00e9co)<\/p>\n\n\n\n<p><a href=\"https:\/\/www.lemediatv.fr\/emissions\/2024\/michelin-auchan-etc-pourquoi-la-communication-de-macron-seffondre-2-WB33_qQ66a_1KX4qP8sQ\" target=\"_blank\" rel=\"noreferrer noopener\">Michelin, Auchan, etc. : pourquoi la communication de Macron s\u2019effondre<\/a>&nbsp;(Le M\u00e9dia)<\/p>\n\n\n\n<p><a href=\"https:\/\/www.blast-info.fr\/emissions\/2024\/emmaus-duralex-inventer-de-nouveaux-modes-dactions-politiques-WhyOSnWKSaCks81AVLUM4g\" target=\"_blank\" rel=\"noreferrer noopener\">Emma\u00fcs, Duralex : inventer de nouveaux modes d&rsquo;actions politiques<\/a>&nbsp;(Blast)<\/p>\n\n\n\n<p><a><\/a><a href=\"https:\/\/www.humanite.fr\/politique\/medicaments\/budget-de-la-secu-le-gouvernement-veut-baisser-le-remboursement-des-medicaments\" target=\"_blank\" rel=\"noreferrer noopener\">Budget de la S\u00e9cu : le gouvernement veut baisser le remboursement des m\u00e9dicaments<\/a>&nbsp;(L\u2019Humanit\u00e9)<\/p>\n\n\n\n<p><strong>Monde<\/strong><\/p>\n\n\n\n<p><a href=\"https:\/\/reporterre.net\/Face-aux-destructions-russes-l-Ukraine-multiplie-les-panneaux-solaires\" target=\"_blank\" rel=\"noreferrer noopener\">Face aux destructions russes, l&rsquo;<strong>Ukraine<\/strong> multiplie les panneaux solaires<\/a>&nbsp;(Reporterre)<\/p>\n\n\n\n<p><a href=\"https:\/\/www.alternatives-economiques.fr\/chine-aura-mal-a-se-passer-dollar\/00112809\" target=\"_blank\" rel=\"noreferrer noopener\">La <strong>Chine<\/strong> aura du mal \u00e0 se passer du dollar<\/a>&nbsp;(Alter \u00e9co)<\/p>\n\n\n\n<p><a href=\"https:\/\/www.revolutionpermanente.fr\/Etats-Unis-Apres-une-greve-historique-Boeing-lance-un-plan-de-licenciement-massif\"><strong>\u00c9tats-Unis<\/strong>. <strong>Apr\u00e8s une gr\u00e8ve historique, Boeing lance un plan de licenciement massif<\/strong><\/a>&nbsp;(RP)<\/p>\n\n\n\n<p><a href=\"https:\/\/link.newsletter.franceculture.fr\/m\/ml\/7429\/908879\/O4mbzmLw5TvdY15NIRRBFvwWuDtfb5gDylVrXJwSQd0=\/MU-PEId1GBzcjUQN1U9xeTkWhrct+D7LvNY3L3McBMs=\/\" target=\"_blank\" rel=\"noreferrer noopener\"><strong>Beyrouth<\/strong>, les d\u00e9dales d\u2019une crise \u00e9conomique<\/a> (France Culture)<\/p>\n\n\n\n<p><a href=\"https:\/\/76835.r.sp1-brevo.net\/mk\/cl\/f\/sh\/1t6Af4OiGsEagAv2XXyyCnUomOnK1k\/HNoAKf-s51tb\" target=\"_blank\" rel=\"noreferrer noopener\">La cause oubli\u00e9e du d\u00e9clin \u00e9conomique <strong>japonais<\/strong><\/a> (Elucid)<\/p>\n\n\n\n<p><strong>Analyse<\/strong><\/p>\n\n\n\n<p><a href=\"https:\/\/multinationales.org\/fr\/enquetes\/banque-publique-pour-benefices-prives-a-qui-profite-la-politique-europeenne-d\/banque-publique-benefices-prives-a-qui-profite-la-politique-europeenne-d\" target=\"_blank\" rel=\"noreferrer noopener\"><strong>Banque publique, b\u00e9n\u00e9fices priv\u00e9s : \u00e0 qui profite la politique europ\u00e9enne d&rsquo;investissement <\/strong>?<\/a> (Observatoire des multinationales)<\/p>\n\n\n\n<p><a href=\"https:\/\/www.humanite.fr\/monde\/allemagne\/eclatement-de-la-coalition-et-recession-economique-lallemagne-et-son-modele-mines-par-une-crise-multidimensionnelle\" target=\"_blank\" rel=\"noreferrer noopener\">\u00c9clatement de la coalition et r\u00e9cession \u00e9conomique : l\u2019Allemagne et son mod\u00e8le min\u00e9s par une crise multidimensionnelle<\/a>&nbsp;(L\u2019Humanit\u00e9)<\/p>\n\n\n\n<p><a href=\"https:\/\/basta.media\/VIDEO-comment-lobbies-industrie-fossile-infiltrent-Cop29-climat\" target=\"_blank\" rel=\"noreferrer noopener\">Vid\u00e9o : comment les lobbies de l&rsquo;industrie fossile infiltrent la Cop29 sur le climat<\/a>&nbsp;(Basta!)<\/p>\n\n\n\n<p><strong><strong><mark style=\"background-color:rgba(0, 0, 0, 0);color:#ed1010\" class=\"has-inline-color\">18 novembre<\/mark><\/strong><\/strong><\/p>\n\n\n\n<p><strong>France<\/strong> <a><\/a><\/p>\n\n\n\n<p><a href=\"https:\/\/www.alternatives-economiques.fr\/christian-chavagneux\/antidemocratie-fiscale\/00113097\" target=\"_blank\" rel=\"noreferrer noopener\"><strong>Antid\u00e9mocratie fiscale<\/strong><\/a>&nbsp; -Christian Chavagneux (Alter \u00e9co)<\/p>\n\n\n\n<p><a href=\"https:\/\/www.humanite.fr\/politique\/accord-de-libre-echange\/accord-eu-mercosur-comment-le-gouvernement-et-emmanuel-macron-sont-tombes-dans-le-piege\" target=\"_blank\" rel=\"noreferrer noopener\"><strong>Accord EU-Mercosur : comment le gouvernement et Macron sont tomb\u00e9s dans le pi\u00e8ge<\/strong><\/a>&nbsp; (L\u2019Humanit\u00e9, acc\u00e8s libre)<\/p>\n\n\n\n<p><a href=\"https:\/\/www.humanite.fr\/en-debat\/pouvoir-dachat\/quand-le-recul-du-pouvoir-dachat-fait-croitre-les-importations\" target=\"_blank\" rel=\"noreferrer noopener\">Quand le recul du pouvoir d\u2019achat fait cro\u00eetre les importations<\/a>&nbsp;(L\u2019Humanit\u00e9)<\/p>\n\n\n\n<p><a href=\"https:\/\/www.connaissancedesenergies.org\/afp\/doubs-une-usine-chinoise-de-panneaux-solaires-va-creer-450-emplois-241118\">Doubs : une usine chinoise de panneaux solaires va cr\u00e9er 450 emplois<\/a> (AFP)<\/p>\n\n\n\n<p><a href=\"https:\/\/redirection.b2b.infopro-digital.com\/lnk\/AVMAAFbaTVEAAcXGBE4AAHnKuI0AAABZQTkAANzxAAwsSQBnOvCjeHVCe47zT--AQEcH7A-4GAAMCy8\/9\/mxOP44X7TWQYlmVF5vxdOA\/aHR0cDovL3d3dy51c2luZS1kaWdpdGFsZS5mci9lZGl0b3JpYWwvZHJvaXRzLXZvaXNpbnMtZ29vZ2xlLXJlbm9uY2UtYS11bmUtZXhwZXJpbWVudGF0aW9uLWNvbnRyb3ZlcnNlZS1lbi1mcmFuY2UuTjIyMjIzNTY_dXRtX3NvdXJjZT1uZXdzbGV0dGVyJnV0bV9tZWRpdW09ZW1haWwmdXRtX2NhbXBhaWduPWluZm9fdWQtcXVvdGlkaWVubmUmZW1haWw9MjA0MzMyODY1MyZpZGJkZD01NjU2MQ\" target=\"_blank\" rel=\"noreferrer noopener\">Droits voisins : Google renonce \u00e0 une exp\u00e9rimentation controvers\u00e9e en France<\/a> (Usine Digitale)<\/p>\n\n\n\n<p><strong>Monde<\/strong><\/p>\n\n\n\n<p><strong><a href=\"https:\/\/lareleveetlapeste.fr\/repression-terrible-pour-les-opposants-a-totalenergies-et-son-projet-eacop-en-ouganda\/\" target=\"_blank\" rel=\"noreferrer noopener\">R\u00e9pression terrible pour les opposants \u00e0 TotalEnergies et son projet EACOP en Ouganda<\/a><\/strong>&nbsp;(La Rel\u00e8ve et La Peste)<\/p>\n\n\n\n<p><a href=\"https:\/\/www.rfi.fr\/fr\/en-bref\/20241118-l-italie-rejette-l-accord-ue-mercosur-sous-sa-forme-actuelle-annonce-le-ministre-de-l-agriculture\">L&rsquo;Italie rejette l&rsquo;accord UE-Mercosur \u00absous sa forme actuelle\u00bb, annonce le ministre de l&rsquo;agriculture<\/a> (RFI)<\/p>\n\n\n\n<p><a href=\"https:\/\/76835.r.sp1-brevo.net\/mk\/cl\/f\/sh\/1t6Af4OiGsEagAv2XXyyCnUomOnK1k\/OjN6qmb6zlhG\" target=\"_blank\" rel=\"noreferrer noopener\">La Commission a son \u00ab unit\u00e9 d\u2019\u00e9lite \u00bb pour lutter contre les directives trop sociales<\/a> (Elucid)<\/p>\n\n\n\n<p><strong><a href=\"https:\/\/76835.r.sp1-brevo.net\/mk\/cl\/f\/sh\/1t6Af4OiGsEagAv2XXyyCnUomOnK1k\/fLkTKIScYULf\" target=\"_blank\" rel=\"noreferrer noopener\">L\u2019industrie pharmaceutique exploite les paradis fiscaux pour s\u2019enrichir toujours plus<\/a> <\/strong>(Elucid)<\/p>\n\n\n\n<p><a href=\"https:\/\/www.lemonde.fr\/pixels\/article\/2024\/11\/18\/apres-l-election-de-donald-trump-bluesky-concurrent-de-x-s-apprete-a-depasser-les-20-millions-d-utilisateurs_6400506_4408996.html\">Apr\u00e8s l\u2019\u00e9lection de Trump, Bluesky, concurrent de X, s\u2019appr\u00eate \u00e0&nbsp;d\u00e9passer les 20&nbsp;millions d\u2019utilisateurs<\/a> (Le Monde)<\/p>\n\n\n\n<p><a href=\"https:\/\/lvsl.fr\/lamerique-latine-face-a-lextractivisme\/\" target=\"_blank\" rel=\"noreferrer noopener\">L\u2019Am\u00e9rique latine face \u00e0 l\u2019extractivisme<\/a>&nbsp;(Le Vent Se L\u00e8ve)<\/p>\n\n\n\n<p><strong>Analyse<\/strong><\/p>\n\n\n\n<p><strong><a href=\"https:\/\/u6764344.ct.sendgrid.net\/ls\/click?upn=u001.JNjOt3Az0RNVeZ8Zg37bW-2F7VRebCRZOClsqvOTQS4Ee6yGzhXoBn49FHuIqoQu4-2F4HjuUuwcykT9jHsx5QX3HBYC02dUy58EqZX7KkJLo1CiyOvTJG3bmrc6p0ZM-2BwllM3cmJZJCoQq506deYR6ifSIQQ4A7FWOsMOc0lifJWrEVV9-2BrEmxbRMPsPmo3RmGLkdoVuTEKvvUb4tjSb0t8NFzYwLVl-2B7eeeTiNCcydpnLnk2VELjPGrXVIXjZCNy7I5zbA_WKk8Ru5FJDXE7-2F7RzVO6lN5VUlhHa8214LYtg1UFGqJoeEb9FQGOKxmgDRSAcKKxxYh7mNjEvlo8NvKBRCu6L8-2BWG8yJWYLbprFBFwIls7ebgFMbFWYtaQ052upv-2BM9DAStDbonTIvyZd58krXIA4QtGPTXpbjTrZf7acwBBRC6GhC9RnaODN1AqJlVQbkXkkfW-2BZf5aH-2FF6mlFf3UCYpQ-3D-3D\" target=\"_blank\" rel=\"noreferrer noopener\">Les impacts cumul\u00e9s des accords de libre-\u00e9change sur les fili\u00e8res sensibles<\/a><\/strong> (Agriculture Strat\u00e9gies)<\/p>\n\n\n\n<p><strong><strong><mark style=\"background-color:rgba(0, 0, 0, 0);color:#ed1010\" class=\"has-inline-color\">16 novembre<\/mark><\/strong><\/strong><\/p>\n\n\n\n<p><strong>France<\/strong> <a><\/a><\/p>\n\n\n\n<p><a href=\"https:\/\/www.youtube.com\/watch?v=4cUExY_25y4\"><strong>Budget rejet\u00e9 : Macronistes et RN s\u2019allient pour faire payer les Fran\u00e7ais<\/strong><\/a> (Blast, vid\u00e9o)<\/p>\n\n\n\n<p><a href=\"https:\/\/www.rfi.fr\/fr\/france\/20241115-proc%C3%A8s-requis-en-france-pour-corruption-contre-rachida-dati-et-carlos-ghosn\"><strong>Proc\u00e8s requis pour corruption contre Rachida Dati et Carlos Ghosn<\/strong><\/a> (RFI)<\/p>\n\n\n\n<p><a href=\"https:\/\/www.alternatives-economiques.fr\/cooperatives-aident-territoires-ruraux-a-se-developper\/00112889\" target=\"_blank\" rel=\"noreferrer noopener\">Quand les coop\u00e9ratives aident les territoires ruraux \u00e0 se d\u00e9velopper<\/a>&nbsp;(Alter \u00e9co)<\/p>\n\n\n\n<p><a href=\"https:\/\/www.lemonde.fr\/politique\/article\/2024\/11\/15\/derapage-budgetaire-elisabeth-borne-concede-avoir-ete-alertee-en-2023-sur-le-caractere-critique-de-la-situation_6395655_823448.html\">D\u00e9rapage budg\u00e9taire&nbsp;: Elisabeth Borne conc\u00e8de avoir \u00e9t\u00e9 alert\u00e9e en&nbsp;2023&nbsp;sur le caract\u00e8re critique de la situation<\/a> (Le Monde)<\/p>\n\n\n\n<p><a href=\"https:\/\/www.mediapart.fr\/journal\/economie-et-social\/151124\/seniors-et-assurance-chomage-le-pire-est-evite-mais-des-baisses-de-droits-sont-actees\" target=\"_blank\" rel=\"noreferrer noopener\">S\u00e9niors et assurance-ch\u00f4mage : le pire est \u00e9vit\u00e9 mais des baisses de droits sont act\u00e9es<\/a>&nbsp;(Mediapart)<\/p>\n\n\n\n<p><strong>Monde<\/strong><\/p>\n\n\n\n<p><a href=\"https:\/\/www.mediapart.fr\/journal\/international\/151124\/les-textos-secrets-entre-le-pdg-de-pfizer-et-ursula-von-der-leyen-devant-la-justice\" target=\"_blank\" rel=\"noreferrer noopener\">Les textos secrets entre le PDG de Pfizer et Ursula von der Leyen devant la justice<\/a>&nbsp;(Mediapart)<\/p>\n\n\n\n<p><a href=\"https:\/\/www.alternatives-economiques.fr\/bilan-economique-de-joe-biden-na-profite-a-kamala-harr\/00113076\" target=\"_blank\" rel=\"noreferrer noopener\">Pourquoi le bon bilan \u00e9conomique de Joe Biden n\u2019a pas profit\u00e9 \u00e0 Kamala Harris<\/a>&nbsp;(Alter \u00e9co)<\/p>\n\n\n\n<p><a href=\"https:\/\/redirection.b2b.infopro-digital.com\/lnk\/AUYAAFbNCJQAAcXGBCoAAHnKuI0AAABZQTkAANzrAAwsSQBnOEOpfkbuHv8VSoKzDt9yUgZUMwAMCy8\/16\/vESTZCXkXHGCvs-CgYlkqg\/aHR0cHM6Ly93d3cudXNpbmUtZGlnaXRhbGUuZnIvZWRpdG9yaWFsL2ZhY2UtYS1nb29nbGUtcXdhbnQtZXQtZWNvc2lhLXMtYXNzb2NpZW50LXBvdXItY3JlZXItbGV1ci1wcm9wcmUtaW5kZXgtZGUtcmVjaGVyY2hlLk4yMjIyMTc2P3V0bV9zb3VyY2U9bmV3c2xldHRlciZ1dG1fbWVkaXVtPWVtYWlsJnV0bV9jYW1wYWlnbj1pbmZvX3VkLXdlZWstZW5kJmVtYWlsPTIwNDMzMjg2NTMmaWRiZGQ9NTY1NTU\" target=\"_blank\" rel=\"noreferrer noopener\"><strong>Face \u00e0 Google, Qwant et Ecosia s&rsquo;associent pour cr\u00e9er leur propre index de recherche<\/strong><\/a> (Usine Digitale)<\/p>\n\n\n\n<p><strong>Analyse<\/strong><\/p>\n\n\n\n<p><a href=\"https:\/\/multinationales.org\/fr\/actualites\/relations-toxiques-la-lettre-du-15-novembre-2025\" target=\"_blank\" rel=\"noreferrer noopener\"><strong>Relations toxiques &#8211; La lettre du 15 novembre 2025<\/strong><\/a>&nbsp;(Observatoire des multinationales)<\/p>\n\n\n\n<p><strong><strong><mark style=\"background-color:rgba(0, 0, 0, 0);color:#ed1010\" class=\"has-inline-color\">15 novembre<\/mark><\/strong><\/strong><\/p>\n\n\n\n<p><strong>France<\/strong> <a><\/a><\/p>\n\n\n\n<p><a href=\"https:\/\/www.francetvinfo.fr\/economie\/budget\/direct-budget-2025-sous-pression-michel-barnier-est-arrive-aux-assises-des-departements-de-france_6898790.html\">Budget 2025 : Michel Barnier annonce une r\u00e9duction \u00ab\u00a0tr\u00e8s significative\u00a0\u00bb des \u00e9conomies demand\u00e9e aux d\u00e9partements<\/a> (France Info)<a href=\"https:\/\/www.francetvinfo.fr\/economie\/budget\/budget-2025-les-departements-diriges-par-la-droite-et-le-centre-menacent-de-suspendre-le-versement-du-rsa_6897485.html\"><\/a><\/p>\n\n\n\n<p><a href=\"https:\/\/www.francetvinfo.fr\/economie\/budget\/budget-2025-les-departements-diriges-par-la-droite-et-le-centre-menacent-de-suspendre-le-versement-du-rsa_6897485.html\">Budget 2025 : les d\u00e9partements dirig\u00e9s par la droite et le centre menacent de suspendre le versement du RSA<\/a> (France Info)<\/p>\n\n\n\n<p><a href=\"https:\/\/www.youtube.com\/watch?v=CCoUXS7TNok\"><strong>Un Budget 2025 adopt\u00e9 avec un 49-3 ? \u00c9ric Coquerel <\/strong><\/a>(RMC)<\/p>\n\n\n\n<p><a href=\"https:\/\/rapportsdeforce.fr\/breves\/assurance-chomage-45-mois-dindemnisation-en-moins-pour-les-seniors-entre-53-et-57-ans-111522616\" target=\"_blank\" rel=\"noreferrer noopener\">Assurance ch\u00f4mage : 4,5 mois d\u2019indemnisation en moins pour les seniors entre 53 et 57 ans<\/a>&nbsp;(Rapports de Force)<\/p>\n\n\n\n<p><a href=\"https:\/\/www.alternatives-economiques.fr\/lalimentation-de-qualite-nest-reservee-aux-riches\/00112878\" target=\"_blank\" rel=\"noreferrer noopener\">L\u2019alimentation de qualit\u00e9 n\u2019est pas r\u00e9serv\u00e9e aux riches<\/a>&nbsp;(Alter \u00e9co)<\/p>\n\n\n\n<p><strong>Monde<\/strong><\/p>\n\n\n\n<p><a href=\"https:\/\/www.alternatives-economiques.fr\/peche-durable-un-concept-depuisement\/00113031\" target=\"_blank\" rel=\"noreferrer noopener\">La p\u00eache \u00ab durable \u00bb, un concept en voie d&rsquo;\u00e9puisement<\/a>&nbsp;(Alter \u00e9co)<\/p>\n\n\n\n<p><a href=\"https:\/\/www.connaissancedesenergies.org\/afp\/uranium-orano-suspend-titre-provisoire-ses-depenses-dextraction-au-niger-241115\">Uranium : Orano suspend \u00ab \u00e0 titre provisoire \u00bb ses d\u00e9penses d&rsquo;extraction au <strong>Niger<\/strong><\/a> (AFP)<\/p>\n\n\n\n<p><a href=\"https:\/\/www.connaissancedesenergies.org\/afp\/la-cop29-le-pdg-de-totalenergies-defend-la-logique-de-progres-continu-du-secteur-petrolier-241115\">\u00c0 la COP29, le PDG de TotalEnergies d\u00e9fend la \u00ablogique de progr\u00e8s continu\u00bb du secteur p\u00e9trolier<\/a> (AFP)<\/p>\n\n\n\n<p><a href=\"https:\/\/www.connaissancedesenergies.org\/afp\/climat-al-gore-juge-absurde-dorganiser-les-cop-dans-des-petro-etats-241115-0\">Al Gore juge \u00ab\u00a0absurde\u00a0\u00bb d&rsquo;organiser les COP dans des \u00ab\u00a0p\u00e9tro-Etats\u00a0\u00bb<\/a> (AFP)<\/p>\n\n\n\n<p><a href=\"https:\/\/www.connaissancedesenergies.org\/afp\/cop29-pres-de-1-800-lobbyistes-lies-aux-energies-fossiles-bakou-selon-un-coalition-dong-241115\">COP29 : pr\u00e8s de 1 800 lobbyistes li\u00e9s aux \u00e9nergies fossiles \u00e0 Bakou, selon un coalition d&rsquo;ONG<\/a> (AFP)<\/p>\n\n\n\n<p><strong>Analyse<\/strong><\/p>\n\n\n\n<p><strong><a href=\"https:\/\/multinationales.org\/fr\/enquetes\/cop29-l-azerbaidjan-totalenergies-et-l-industrie-fossile\/\">COP29&nbsp;: l\u2019Azerba\u00efdjan, TotalEnergies et l\u2019industrie fossile<\/a> <\/strong>(Observatoire des multinationales)<\/p>\n\n\n\n<p><strong><strong><mark style=\"background-color:rgba(0, 0, 0, 0);color:#ed1010\" class=\"has-inline-color\">14 novembre<\/mark><\/strong><\/strong><\/p>\n\n\n\n<p><strong>France<\/strong><\/p>\n\n\n\n<p><a href=\"https:\/\/blogs.mediapart.fr\/allan-barte\/blog\/141124\/accord-tacite\"><strong>Accord tacite<\/strong><\/a> (Allan Barte)<\/p>\n\n\n\n<figure class=\"wp-block-image size-full is-resized\"><img data-recalc-dims=\"1\" loading=\"lazy\" decoding=\"async\" width=\"647\" height=\"502\" src=\"https:\/\/i0.wp.com\/www.rdpemancipation.org\/wp-content\/uploads\/2024\/11\/image-2.png?resize=647%2C502&#038;ssl=1\" alt=\"\" class=\"wp-image-134350\" style=\"width:429px;height:auto\" srcset=\"https:\/\/i0.wp.com\/www.rdpemancipation.org\/wp-content\/uploads\/2024\/11\/image-2.png?w=647&amp;ssl=1 647w, https:\/\/i0.wp.com\/www.rdpemancipation.org\/wp-content\/uploads\/2024\/11\/image-2.png?resize=300%2C233&amp;ssl=1 300w\" sizes=\"auto, (max-width: 647px) 100vw, 647px\" \/><\/figure>\n\n\n\n<p><a href=\"https:\/\/www.off-investigation.fr\/ue-mercosur-plusieurs-actions-agriculteurs-en-france\/\" target=\"_blank\" rel=\"noreferrer noopener\"><strong>UE-Mercosur : plusieurs actions d\u2019agriculteurs en France<\/strong><\/a> (Off Investigation)<\/p>\n\n\n\n<p><a href=\"https:\/\/tracking.connaissancedesenergies.org\/tracking\/click?d=Zr-hpzioDzKKx9W7PDeyowPpon3ln_kNOwybeACLb6VHinYBx0ItUA7INMctgxDbEnwTpAwhLIPoUL1wh1BFThCekCOIZFUpLm8zAYILWh7wd9QiuKPv6OesUbKQHiQVjQtleNUf8he6jiGqq2SM9MnMhTRIPT0UKe8tnA45OHmbDDAgcOqDWi55Rz1oYvDfSYKSVqwpYIMxY3ix2bpi9yIKG8Q4nlYKseisliAHB5qTVYoqfeTBvQAXF3R7j8t-p9YVId7j_6-647ghsjIR26QlK-jBrZEF1JZ8D_xs5VqhH4Jn2wxt1Chp3CYen-TePGi7dWA2P3UwBbIFvUfbS2AFZ6l-EuEMBnKcv-L1VniSfcXJAc_a0SSv79ZQeUuKb8Pg1QqP7c9yJlcH0GUnIzdq5tUwiOuE_A3FOyZ1V6qT0\" target=\"_blank\" rel=\"noreferrer noopener\">\u00c9lectricit\u00e9 : la France atteint des niveaux record d&rsquo;exportation<\/a> (Connaissance des \u00e9nergies)&nbsp;&nbsp;<\/p>\n\n\n\n<p><a href=\"https:\/\/www.connaissancedesenergies.org\/afp\/decarbonation-lindustrie-francaise-pourrait-doubler-sa-consommation-delectricite-dici-2050-241114\">D\u00e9carbonation : l&rsquo;industrie fran\u00e7aise pourrait doubler sa consommation d&rsquo;\u00e9lectricit\u00e9 d&rsquo;ici \u00e0 2050<\/a> (AFP)<a href=\"https:\/\/www.liberation.fr\/international\/afrique\/guerre-au-soudan-du-materiel-militaire-francais-repere-par-amnesty-international-en-violation-de-lembargo-20241114_EMAGHJ5PRRAA7H44W4CJJ5SPQQ\/\"><\/a><\/p>\n\n\n\n<p><a href=\"https:\/\/www.liberation.fr\/international\/afrique\/guerre-au-soudan-du-materiel-militaire-francais-repere-par-amnesty-international-en-violation-de-lembargo-20241114_EMAGHJ5PRRAA7H44W4CJJ5SPQQ\/\">Guerre au <strong>Soudan<\/strong>&nbsp;: du mat\u00e9riel militaire fran\u00e7ais rep\u00e9r\u00e9 par Amnesty International en violation de l\u2019embargo<\/a> (Lib\u00e9ration, acc\u00e8s libre)<\/p>\n\n\n\n<p><a href=\"https:\/\/www.liberation.fr\/societe\/en-2023-une-baisse-inedite-des-naissances-depuis-la-fin-du-baby-boom-20241114_SP4IWOSOOZBGTNBHXJR27BTNOA\/\">En&nbsp;2023, la France a connu une baisse des naissances in\u00e9dite depuis la fin du baby-boom<\/a> (Lib\u00e9ration, acc\u00e8s libre)<\/p>\n\n\n\n<p><a href=\"https:\/\/link.newsletter.franceculture.fr\/m\/ml\/7429\/907844\/3JcKv1GtluGI3VPx6Bj4W2JPPXPtvEVyTzl8uuK1Pr8=\/ed-wCHZUBrMIHvt0nCep3y-PQO-Q3n0SzlPGt0PHx9Q=\/\" target=\"_blank\" rel=\"noreferrer noopener\">Michelin, Auchan&nbsp;: la menace d\u2019une nouvelle d\u00e9sindustrialisation<\/a> (France Culture) <a href=\"https:\/\/www.liberation.fr\/economie\/pourquoi-michelin-ferme-des-usines-malgre-des-resultats-financiers-records-20241114_YFFA2AEAM5DKVAP67HOW3VAIEI\/\"><\/a><\/p>\n\n\n\n<p><a href=\"https:\/\/www.liberation.fr\/economie\/pourquoi-michelin-ferme-des-usines-malgre-des-resultats-financiers-records-20241114_YFFA2AEAM5DKVAP67HOW3VAIEI\/\">Pourquoi Michelin ferme des usines malgr\u00e9 des r\u00e9sultats financiers records<\/a> (Lib\u00e9ration)<\/p>\n\n\n\n<p><a href=\"https:\/\/www.liberation.fr\/politique\/le-gouvernement-prevoit-pres-d16-milliards-deuros-pour-decarboner-lindustrie-20241113_FPNFBDX3ZBEPDKTRN4HFYJGSDU\/\">Le gouvernement pr\u00e9voit pr\u00e8s d\u20191,6&nbsp;milliard \u20ac pour d\u00e9carboner l\u2019industrie<\/a> (Lib\u00e9ration, acc\u00e8s libre)<\/p>\n\n\n\n<p><a href=\"https:\/\/redirection.b2b.infopro-digital.com\/lnk\/AUoAAFaTSSsAAcXGA0wAAHnKuI0AAABZQUUAANzvAAwsSQBnNju5GSjdUcOWQDqgRXJb0xn_JwAMCy8\/4\/11qKPA2MwKwwZirR_858Mw\/aHR0cDovL3d3dy51c2luZW5vdXZlbGxlLmNvbS9hcnRpY2xlL2NvbW1lbnQtdGhhbGVzLWNvbXB0ZXItcmVkcmVzc2VyLXNlcy1hY3Rpdml0ZXMtc3BhdGlhbGVzLk4yMjIyMzM5P3V0bV9zb3VyY2U9bmV3c2xldHRlciZ1dG1fbWVkaXVtPWVtYWlsJnV0bV9jYW1wYWlnbj1pbmZvX2xhLXF1b3RpZGllbm5lJmVtYWlsPTIwNDMzMjg2NTMmaWRiZGQ9NTY1NTk\" target=\"_blank\" rel=\"noreferrer noopener\">Comment Thales compter redresser ses activit\u00e9s spatiales<\/a> (Usine Nouvelle)&nbsp;<\/p>\n\n\n\n<p><strong>Monde<\/strong><\/p>\n\n\n\n<p><a href=\"https:\/\/www.connaissancedesenergies.org\/afp\/londres-va-interdire-toutes-les-nouvelles-mines-de-charbon-au-royaume-uni-241114\">Londres va interdire toutes les nouvelles mines de charbon au <strong>Royaume-Uni<\/strong><\/a> (AFP)<\/p>\n\n\n\n<p><a href=\"https:\/\/www.liberation.fr\/international\/moyen-orient\/censuree-sur-son-soutien-a-gaza-ben-jerrys-attaque-en-justice-sa-maison-mere-unilever-20241114_VPDRGVYMTFEVRISOOK73H2XB3A\/\">Censur\u00e9e sur son soutien \u00e0 <strong>Gaza<\/strong>, Ben&nbsp;&amp;&nbsp;Jerry\u2019s attaque en justice sa maison m\u00e8re Unilever<\/a> (Lib\u00e9ration, acc\u00e8s libre)<\/p>\n\n\n\n<p><a href=\"https:\/\/www.rfi.fr\/fr\/%C3%A9conomie\/20241114-conflit-au-liban-5-milliards-de-dollars-de-pertes-%C3%A9conomiques-en-un-an-selon-la-banque-mondiale\">Conflit au <strong>Liban <\/strong>: 5 milliards $ de pertes \u00e9conomiques en un an, selon la Banque mondiale<\/a> (RFI)<\/p>\n\n\n\n<p><a href=\"https:\/\/www.connaissancedesenergies.org\/afp\/exploration-61-milliards-de-dollars-par-investis-par-lindustrie-petrogaziere-selon-une-ong-241113\">Exploration : 61 milliards $ par an investis par l&rsquo;industrie p\u00e9trogazi\u00e8re, selon une ONG<\/a> (AFP)<\/p>\n\n\n\n<p><a href=\"https:\/\/www.liberation.fr\/economie\/economie-numerique\/concurrence-lue-inflige-une-amende-de-798-millions-deuros-a-meta-pour-facebook-marketplace-20241114_J4QFE35UQBGCHHF7JYNMXKEX7Q\/\">Concurrence : l\u2019<strong>UE<\/strong> inflige une amende de 798&nbsp;millions \u20ac \u00e0 Meta pour Facebook Marketplace<\/a> (Lib\u00e9ration, acc\u00e8s libre)<\/p>\n\n\n\n<p><a href=\"https:\/\/www.liberation.fr\/international\/europe\/accord-de-libre-echange-avec-le-mercosur-lue-ultra-favorable-au-traite-la-france-isolee-20241114_EIIHIYWW45EPJNQUQ3W344HIUM\/\">Accord de libre-\u00e9change avec le <strong>Mercosur&nbsp;<\/strong>: l\u2019UE ultra-favorable au trait\u00e9, la France isol\u00e9e<\/a> (Lib\u00e9ration)<\/p>\n\n\n\n<p><strong>Analyse<\/strong><\/p>\n\n\n\n<p><a href=\"https:\/\/www.alternatives-economiques.fr\/un-recul-historique-salaires-reels-3-autres-infographies-a-ne-rat\/00113071\" target=\"_blank\" rel=\"noreferrer noopener\">Un recul historique des salaires r\u00e9els, et 3 autres infographies \u00e0 ne pas rater<\/a>&nbsp;(Alter \u00e9co)<strong><strong><mark style=\"background-color:rgba(0, 0, 0, 0);color:#ed1010\" class=\"has-inline-color\"><mark style=\"background-color:rgba(0, 0, 0, 0);color:#ed1010\" class=\"has-inline-color\"><\/mark><\/mark><\/strong><\/strong><\/p>\n\n\n\n<p><strong><strong><mark style=\"background-color:rgba(0, 0, 0, 0);color:#ed1010\" class=\"has-inline-color\">13 novembre<\/mark><\/strong><\/strong><\/p>\n\n\n\n<p><strong>France<\/strong><\/p>\n\n\n\n<p><strong><a href=\"https:\/\/www.lemonde.fr\/societe\/article\/2024\/11\/13\/agriculteurs-la-fnsea-lance-un-appel-a-la-mobilisation-a-partir-de-lundi-contre-l-accord-entre-l-ue-et-le-mercosur_6391209_3224.html\">La FNSEA lance un appel \u00e0&nbsp;la&nbsp;mobilisation \u00e0&nbsp;partir de&nbsp;lundi contre l\u2019accord entre&nbsp;l\u2019UE et&nbsp;le&nbsp;Mercosur<\/a><\/strong> (Le Monde)<\/p>\n\n\n\n<p><a href=\"https:\/\/basta.media\/pourquoi-projet-accord-mercosur-union-europeenne-suscite-colere-monde-agricole\" target=\"_blank\" rel=\"noreferrer noopener\">Pourquoi le projet d&rsquo;accord avec le Mercosur suscite la col\u00e8re du monde agricole<\/a> (Basta!)<\/p>\n\n\n\n<p><a href=\"https:\/\/www.humanite.fr\/social-et-economie\/cac-40\/augmentation-de-la-remuneration-des-patrons-du-cac-40-qui-sont-les-champions-de-laccaparement-des-richesses\" target=\"_blank\" rel=\"noreferrer noopener\">Augmentation de la r\u00e9mun\u00e9ration des patrons du CAC 40 : Qui sont les champions de l\u2019accaparement des richesses ?<\/a> (L\u2019Humanit\u00e9)<\/p>\n\n\n\n<p><a href=\"https:\/\/www.alternatives-economiques.fr\/cooperatives-resistent-a-luberisation-travail\/00112884\" target=\"_blank\" rel=\"noreferrer noopener\">Ces coop\u00e9ratives qui r\u00e9sistent \u00e0 l\u2019ub\u00e9risation du travail<\/a> (Alter \u00e9co)<\/p>\n\n\n\n<p><a href=\"https:\/\/rapportsdeforce.fr\/classes-en-lutte\/fermetures-dusines-si-michelin-est-un-patron-social-il-va-falloir-quil-le-prouve-111322610\" target=\"_blank\" rel=\"noreferrer noopener\">Fermetures d\u2019usines : \u201csi Michelin est un patron social, il va falloir qu\u2019il le prouve\u201d <\/a>&nbsp;(Rapports de Force)<\/p>\n\n\n\n<p><a href=\"https:\/\/redirection.b2b.infopro-digital.com\/lnk\/AV4AAFV3VqcAAcXGAbgAAHnKuI0AAABZQUUAANzvAAwsSQBnM5UXC7YbDMvXQRmhJgxVWNtgOwAMCy8\/4\/azfgp3PU9w6MvdjNz8oh0Q\/aHR0cDovL3d3dy51c2luZW5vdXZlbGxlLmNvbS9hcnRpY2xlL2VuLW1vc2VsbGUtbGUtcHJvamV0LWQtdXNpbmUtZGUtcmVjeWNsYWdlLWNoaW1pcXVlLWRlcy1wbGFzdGlxdWVzLWEtNDQwLW1pbGxpb25zLWQtZXVyb3MtZGUtc3Vlei1ldC1sb29wLWluZHVzdHJpZXMtc3VzcGVuZHUuTjIyMjIxOTc_dXRtX3NvdXJjZT1uZXdzbGV0dGVyJnV0bV9tZWRpdW09ZW1haWwmdXRtX2NhbXBhaWduPWluZm9fbGEtcXVvdGlkaWVubmUmZW1haWw9MjA0MzMyODY1MyZpZGJkZD01NjU1OQ\" target=\"_blank\" rel=\"noreferrer noopener\">En Moselle, le projet d\u2019usine de recyclage des plastiques \u00e0 440 millions \u20ac de Suez suspendu<\/a> (Usine Nouvelle) &nbsp;<\/p>\n\n\n\n<p><a href=\"https:\/\/link.newsletter.franceculture.fr\/m\/ml\/7429\/907417\/nhhjz8p8tZBDpyyqrz--YGJPPXPtvEVyTzl8uuK1Pr8=\/I3Buz8mq02D7hq83HlOZyaXvWukz01R+NbyKkxMLP8o=\/\" target=\"_blank\" rel=\"noreferrer noopener\"><strong>R\u00e9-industrialisation : la fin d\u2019un r\u00eave fran\u00e7ais ?<\/strong> <\/a>&nbsp;(France Culture)<\/p>\n\n\n\n<p><a href=\"https:\/\/www.mediapart.fr\/journal\/economie-et-social\/131124\/une-entreprise-francaise-pionniere-du-commerce-equitable-abandonne-discretement-ses-ouvrieres\" target=\"_blank\" rel=\"noreferrer noopener\">Une entreprise \u00ab\u00e9thique et \u00e9quitable\u00bb fran\u00e7aise abandonne ses brodeuses s\u00e9n\u00e9galaises<\/a> &nbsp;(Mediapart)<\/p>\n\n\n\n<p><strong>Monde<\/strong> <a href=\"https:\/\/www.rfi.fr\/fr\/en-bref\/20241113-le-bitcoin-franchit-le-seuil-historique-des-90000-dollars\"><\/a><\/p>\n\n\n\n<p><a href=\"https:\/\/www.rfi.fr\/fr\/en-bref\/20241113-le-bitcoin-franchit-le-seuil-historique-des-90000-dollars\">Le bitcoin franchit le seuil historique des 90000 dollars<\/a> (RFI)<\/p>\n\n\n\n<p><a href=\"https:\/\/redirection.b2b.infopro-digital.com\/lnk\/AW8AAFeQZN0AAcXGAeQAAHnKuI0AAABZQTkAANzxAAwsSQBnNFUZzX_-E615Q3ydFGqUlStu2QAMCy8\/18\/44vwJtPWUAv3APba5vG0vA\/aHR0cDovL3d3dy51c2luZS1kaWdpdGFsZS5mci9hcnRpY2xlL2wtdWUtYXZhbmNlLWRvdWNlbWVudC1zdXItc29uLXByb2pldC1kZS1jb25zdHJ1Y3Rpb24tZC11c2luZXMtZC1pYS5OMjIyMjE5Nj91dG1fc291cmNlPW5ld3NsZXR0ZXImdXRtX21lZGl1bT1lbWFpbCZ1dG1fY2FtcGFpZ249aW5mb191ZC1xdW90aWRpZW5uZSZlbWFpbD0yMDQzMzI4NjUzJmlkYmRkPTU2NTYx\" target=\"_blank\" rel=\"noreferrer noopener\">L&rsquo;UE avance doucement sur son projet de construction \u00ab\u00a0d&rsquo;usines d&rsquo;IA\u00a0\u00bb<\/a> (Usine Digitale)<\/p>\n\n\n\n<p><a href=\"https:\/\/redirection.b2b.infopro-digital.com\/lnk\/AW8AAFeQZN0AAcXGAeQAAHnKuI0AAABZQTkAANzxAAwsSQBnNFUZzX_-E615Q3ydFGqUlStu2QAMCy8\/26\/C2PeBIgkkaaRPT-T7C63eg\/aHR0cDovL3d3dy51c2luZS1kaWdpdGFsZS5mci9hcnRpY2xlL2ZpcmVmb3gtZmV0ZS1zZXMtMjAtYW5zLW1haXMtc2Etc3VydmllLWVzdC1tZW5hY2VlLXBhci1sYS1qdXN0aWNlLWFtZXJpY2FpbmUuTjIyMjIxNzc_dXRtX3NvdXJjZT1uZXdzbGV0dGVyJnV0bV9tZWRpdW09ZW1haWwmdXRtX2NhbXBhaWduPWluZm9fdWQtcXVvdGlkaWVubmUmZW1haWw9MjA0MzMyODY1MyZpZGJkZD01NjU2MQ\" target=\"_blank\" rel=\"noreferrer noopener\">Firefox f\u00eate ses 20 ans, mais sa survie est menac\u00e9e par la justice am\u00e9ricaine<\/a> (Usine Digitale)<\/p>\n\n\n\n<p><strong>Analyse<\/strong><\/p>\n\n\n\n<p><strong><a href=\"https:\/\/www.blast-info.fr\/emissions\/2024\/la-france-est-elle-en-decrochage-economique-total-Mn7fD-JISEWkePfYtyE8KA\" target=\"_blank\" rel=\"noreferrer noopener\">La France est-elle en d\u00e9crochage \u00e9conomique total ?<\/a><\/strong> (Blast, vid\u00e9o)<\/p>\n\n\n\n<p><strong><strong><mark style=\"background-color:rgba(0, 0, 0, 0);color:#ed1010\" class=\"has-inline-color\">12 novembre<\/mark><\/strong><\/strong><\/p>\n\n\n\n<p><strong>France<\/strong><\/p>\n\n\n\n<p><strong><a href=\"https:\/\/www.francetvinfo.fr\/economie\/budget\/budget-2025-l-assemblee-nationale-rejette-le-volet-recettes-l-ensemble-du-texte-part-au-senat_6893255.html\">Budget 2025 : l\u2019Assembl\u00e9e rejette le volet \u2018recettes\u2019, l\u2019ensemble du texte part au S\u00e9nat<\/a><\/strong> (France Info)<a href=\"https:\/\/www.lemonde.fr\/les-decodeurs\/article\/2024\/11\/12\/budget-2025-a-quoi-ressemble-le-texte-remanie-que-doit-voter-l-assemblee-nationale_6389041_4355770.html\"><\/a><\/p>\n\n\n\n<p><a href=\"https:\/\/www.lemonde.fr\/les-decodeurs\/article\/2024\/11\/12\/budget-2025-a-quoi-ressemble-le-texte-remanie-que-doit-voter-l-assemblee-nationale_6389041_4355770.html\">Budget 2025&nbsp;: \u00e0 quoi ressemble le texte remani\u00e9 que doit voter l\u2019Assembl\u00e9e nationale&nbsp;?<\/a> (Le Monde)<\/p>\n\n\n\n<p><a href=\"https:\/\/9tcmw.r.a.d.sendibm1.com\/mk\/cl\/f\/sh\/7nVU1aA2nfuSp5GZivqSucJSfrVYOxB\/eREjpHOGIF6u\" target=\"_blank\" rel=\"noreferrer noopener\"><strong>\u00ab<em>Les n\u00e9gociations avec les pays du Mercosur n\u2019ont jamais cess\u00e9, dans la plus grande opacit\u00e9<\/em>\u00bb <\/strong><\/a>&nbsp;(Lettre ouverte, Basta!)<\/p>\n\n\n\n<p><a href=\"https:\/\/api.indigo-net.com\/email\/RedirectionEmailing?mail=n.chevillard@noos.fr&amp;ID=680212&amp;DOCIID=109703480&amp;ENAIID=953986&amp;RETOUR=SIMPLE&amp;link=https:\/\/www.intelligenceonline.fr\/renseignement-d-affaires\/2024\/11\/12\/proces-de-bernard-squarcini--les-derniers-secrets-de-la-sous-traitance-en-cascade-du-renseignement-prive-au-profit-de-lvmh,110337772-eve?cxt=PUB&amp;utm_source=LMR&amp;utm_medium=email&amp;utm_campaign=AUTO_EDIT_SOM_PROS\" target=\"_blank\" rel=\"noreferrer noopener\">Proc\u00e8s de Bernard Squarcini&nbsp;: les derniers secrets de la sous-traitance en cascade du renseignement priv\u00e9 au profit de LVMH<\/a> (Intelligence Online)<\/p>\n\n\n\n<p><strong><a href=\"https:\/\/multinationales.org\/fr\/enquetes\/cop29-l-azerbaidjan-totalenergies-et-l-industrie-fossile\/cop29-en-azerbaidjan-malgre-les-critiques-et-malgre-les-tensions-une-diplomatie\">COP29 en Azerba\u00efdjan&nbsp;: malgr\u00e9 les critiques et malgr\u00e9 les tensions, une diplomatie fran\u00e7aise encore et toujours au service de TotalEnergies<\/a> <\/strong>(Observatoire des multinationales)<\/p>\n\n\n\n<p><strong>Monde<\/strong><\/p>\n\n\n\n<p><a href=\"https:\/\/76835.r.sp1-brevo.net\/mk\/cl\/f\/sh\/1t6Af4OiGsEagAv2XXyyCnUomOnK1k\/_tgaKxQb_fxn\" target=\"_blank\" rel=\"noreferrer noopener\"><strong>Asie du Sud : ruin\u00e9e avant d\u2019\u00eatre riche ?<\/strong><\/a> (Elucid)<\/p>\n\n\n\n<p><a href=\"https:\/\/www.mediapart.fr\/journal\/international\/121124\/le-corridor-de-lobito-une-voie-de-chemin-de-fer-au-coeur-des-rivalites-mondiales-en-afrique\" target=\"_blank\" rel=\"noreferrer noopener\">\u00abLe corridor de Lobito\u00bb, une voie de chemin de fer au c\u0153ur des rivalit\u00e9s mondiales en Afrique<\/a> (Afrique XXI)<\/p>\n\n\n\n<p><strong>Analyse<\/strong><\/p>\n\n\n\n<p><a href=\"https:\/\/9tcmw.r.a.d.sendibm1.com\/mk\/cl\/f\/sh\/1t6Af4OiGsE8LM2QriRBk6hZnHyWl3\/2gl-jU9x7E5j\" target=\"_blank\" rel=\"noreferrer noopener\"><strong>Rencontre avec l\u2019h\u00e9riti\u00e8re millionaire qui veut taxer les riches<\/strong><\/a> (Basta!)<\/p>\n\n\n\n<p><a href=\"https:\/\/www.monde-diplomatique.fr\/2024\/11\/BREVILLE\/67712\" target=\"_blank\" rel=\"noreferrer noopener\">UE&nbsp;: \u00ab&nbsp;Une id\u00e9e dangereuse \u00bb<\/a> (Le Monde diplomatique)<\/p>\n\n\n\n<p><strong><strong><mark style=\"background-color:rgba(0, 0, 0, 0);color:#ed1010\" class=\"has-inline-color\">11 novembre<\/mark><\/strong><\/strong><\/p>\n\n\n\n<p><strong>France<\/strong><\/p>\n\n\n\n<p><a href=\"https:\/\/www.youtube.com\/watch?v=gwsRJMAkxOE\">Accord UE-Mercosur : \u00ab<em>On impose \u00e0 l\u2019agriculture fran\u00e7aise une concurrence d\u00e9loyale<\/em>\u00bb<\/a>&nbsp;(Le Figaro, vid\u00e9o)<\/p>\n\n\n\n<p><a href=\"https:\/\/fr.businessam.be\/depenses-ex-premiers-ministres-francais-explosent-millions-avantages\/\">Les d\u00e9penses des ex-Premiers ministres fran\u00e7ais explosent : Des millions d\u00e9pens\u00e9s en avantages<\/a>&nbsp;(Business am)<\/p>\n\n\n\n<p><a href=\"https:\/\/www.publicsenat.fr\/actualites\/politique\/audition-de-bruno-le-maire-sur-le-deficit-public-lamnesie-est-confondante-quand-elle-est-poussee-a-ce-point-tance-le-rapporteur\">Audition de Bruno Le Maire sur le d\u00e9ficit public&nbsp;: \u00ab<em>L\u2019amn\u00e9sie est confondante quand elle est&nbsp;pouss\u00e9e \u00e0 ce point<\/em>\u00bb, tance le rapporteur<\/a>&nbsp;(Public S\u00e9nat)<\/p>\n\n\n\n<p><a href=\"https:\/\/www.publicsenat.fr\/actualites\/economie\/aggravation-du-deficit-suivez-en-direct-laudition-de-gabriel-attal-devant-le-senat\">D\u00e9ficit public : revivez le face-\u00e0-face tendu entre Gabriel Attal et les s\u00e9nateurs<\/a>&nbsp;(Public S\u00e9nat)<\/p>\n\n\n\n<p><a href=\"https:\/\/www.rfi.fr\/fr\/podcasts\/invit%C3%A9-international\/20241109-industrie-fran%C3%A7aise-il-faut-un-plan-strat%C3%A9gique-si-on-ne-veut-pas-un-bain-de-sang-sur-l-emploi\">Industrie fran\u00e7aise: \u00ab<\/a><a href=\"https:\/\/www.rfi.fr\/fr\/podcasts\/invit%C3%A9-international\/20241109-industrie-fran%C3%A7aise-il-faut-un-plan-strat%C3%A9gique-si-on-ne-veut-pas-un-bain-de-sang-sur-l-emploi\"><em>Il faut un plan strat\u00e9gique si on ne veut pas un bain de sang sur l&#8217;emploi<\/em><\/a><a href=\"https:\/\/www.rfi.fr\/fr\/podcasts\/invit%C3%A9-international\/20241109-industrie-fran%C3%A7aise-il-faut-un-plan-strat%C3%A9gique-si-on-ne-veut-pas-un-bain-de-sang-sur-l-emploi\">\u00bb<\/a>&nbsp;(RFI)<\/p>\n\n\n\n<p><a href=\"https:\/\/www.miroirsocial.com\/participatif\/quelle-est-la-place-des-retraites-dans-leconomie-francaise\">Quelle est la place des retraites dans l\u2019\u00e9conomie fran\u00e7aise ?<\/a>&nbsp;(Miroir Social)<\/p>\n\n\n\n<p><a href=\"https:\/\/www.economiematin.fr\/super-dividendes-taxe-entreprise-adoption-budget\">Super-dividendes&nbsp;: la taxe de la gauche sur les entreprises adopt\u00e9e<\/a>&nbsp;(Economie matin)<\/p>\n\n\n\n<p><strong>Monde<\/strong><\/p>\n\n\n\n<p><a href=\"https:\/\/www.lemediatv.fr\/emissions\/2024\/trump-chamboule-leconomie-mondiale-les-vrais-idiots-cest-leurope-e-zCsvyQTyCsB0t3wd7d6A\" target=\"_blank\" rel=\"noreferrer noopener\">Trump chamboule l\u2019\u00e9conomie mondiale ? \u00ab\u00a0<em>Les vrais idiots, c&rsquo;est l&rsquo;Europe<\/em>\u00ab\u00a0<\/a>&nbsp;(Le M\u00e9dia)<\/p>\n\n\n\n<p><a href=\"https:\/\/theconversation.com\/que-change-la-victoire-de-trump-a-la-regulation-de-la-finance-de-lombre-ou-shadow-banking-242822\">Que change la victoire de Trump \u00e0 la r\u00e9gulation de la finance de l\u2019ombre ou \u00abshadow banking\u00bb&nbsp;?<\/a>&nbsp;(The Conversation)<\/p>\n\n\n\n<p><a href=\"https:\/\/www.latribune.fr\/depeches\/reuters\/KBN3C91O2\/fitch-releve-a-positive-la-perspective-de-l-espagne.html\"><strong>Espagne<\/strong>. Fitch rel\u00e8ve \u00e0 \u00ab\u00a0positive\u00a0\u00bb la perspective de l&rsquo;Espagne<\/a>&nbsp;(La Tribune)<\/p>\n\n\n\n<p><strong>Analyse<\/strong><\/p>\n\n\n\n<p><a href=\"https:\/\/theconversation.com\/les-hypermarches-ont-ils-encore-un-avenir-235264?utm_source=substack&amp;utm_medium=email\">Les hypermarch\u00e9s ont-ils encore un&nbsp;avenir&nbsp;?<\/a>&nbsp;(The Conversation)<\/p>\n\n\n\n<p><strong><strong><mark style=\"background-color:rgba(0, 0, 0, 0);color:#ed1010\" class=\"has-inline-color\">9 novembre<\/mark><\/strong><\/strong><\/p>\n\n\n\n<p><strong>France<\/strong><\/p>\n\n\n\n<p><a href=\"https:\/\/www.boursorama.com\/actualite-economique\/actualites\/budget-fin-de-l-examen-des-recettes-a-l-assemblee-vote-crucial-a-suivre-mardi-4e00f352f6319131ca6c3ba572dc4143\">Budget : fin de l&rsquo;examen des recettes \u00e0 l&rsquo;Assembl\u00e9e, vote crucial \u00e0 suivre mardi<\/a> (AFP) &nbsp;&nbsp;<\/p>\n\n\n\n<p><strong><a href=\"https:\/\/www.boursorama.com\/actualite-economique\/actualites\/budget-l-assemblee-nationale-adopte-une-nouvelle-salve-de-taxes-contre-l-avis-du-gouvernement-70c28950624bad71ea71b50a0c8d23f8\">Budget : l&rsquo;Assembl\u00e9e adopte une nouvelle salve de taxes contre l&rsquo;avis du gouvernement<\/a> <\/strong>(AFP) &nbsp;&nbsp;<\/p>\n\n\n\n<p><strong><a href=\"https:\/\/reporterre.net\/Accord-UE-Mercosur-l-opposition-de-facade-d-Emmanuel-Macron\" target=\"_blank\" rel=\"noreferrer noopener\">Accord UE-Mercosur&nbsp;: l&rsquo;opposition de fa\u00e7ade d&rsquo;Emmanuel Macron<\/a><\/strong>&nbsp;(Reporterre)<\/p>\n\n\n\n<p><a href=\"https:\/\/www.boursorama.com\/actualite-economique\/actualites\/sncf-les-syndicats-comptent-lancer-une-greve-illimitee-a-10-jours-des-vacances-de-noel-abf8a5f28227d906a521bb52bccca1fb\">SNCF : les syndicats comptent lancer une gr\u00e8ve illimit\u00e9e \u00e0 10 jours des vacances de No\u00ebl<\/a> (AFP) &nbsp;&nbsp;<\/p>\n\n\n\n<p><a href=\"https:\/\/www.boursorama.com\/actualite-economique\/actualites\/le-ministre-de-l-industrie-s-attend-a-de-nouvelles-annonces-de-fermetures-de-sites-f53b4887887955607018a68f64b996ef\">Le ministre de l&rsquo;Industrie s&rsquo;attend \u00e0 de nouvelles annonces de fermetures de sites<\/a> (AFP) &nbsp;&nbsp;<\/p>\n\n\n\n<p><a href=\"https:\/\/redirection.b2b.infopro-digital.com\/lnk\/AWEAAFTpHh4AAcXF_4QAAHnKuI0AAABZQUUAANzvAAwsSQBnLPne1rG88IFxRYyLCTw21dWjQgAMCy8\/22\/CLk9j_jRojxRkkbffdv1Yw\/aHR0cDovL3d3dy51c2luZW5vdXZlbGxlLmNvbS9hcnRpY2xlL2xlLWZhYnJpY2FudC1kZS1wb3V0cmVzLWVuLWJvaXMtbGFtZWxsZS1jb2xsZS13ZWlzcm9jay12b3NnZXMtcGxhY2UtZW4tcmVkcmVzc2VtZW50LWp1ZGljaWFpcmUuTjIyMjE4ODQ_dXRtX3NvdXJjZT1uZXdzbGV0dGVyJnV0bV9tZWRpdW09ZW1haWwmdXRtX2NhbXBhaWduPWluZm9fbGEtcXVvdGlkaWVubmUmZW1haWw9MjA0MzMyODY1MyZpZGJkZD01NjU1OQ\" target=\"_blank\" rel=\"noreferrer noopener\">Le fabricant de poutres en bois Weisrock Vosges en redressement judiciaire<\/a> (Usine Nouvelle) &nbsp;<\/p>\n\n\n\n<p><strong>Monde<\/strong><\/p>\n\n\n\n<p><a href=\"https:\/\/www.connaissancedesenergies.org\/afp\/energie-nucleaire-le-rwanda-compte-sur-la-russie-pour-former-ses-specialistes-241109\">\u00c9nergie nucl\u00e9aire: le Rwanda compte sur la Russie pour former ses sp\u00e9cialistes<\/a> (AFP)<\/p>\n\n\n\n<p><a href=\"https:\/\/redirection.b2b.infopro-digital.com\/lnk\/AWEAAFTpHh4AAcXF_4QAAHnKuI0AAABZQUUAANzvAAwsSQBnLPne1rG88IFxRYyLCTw21dWjQgAMCy8\/12\/E5IBLsgRVP-qBFqoq_cpWA\/aHR0cDovL3d3dy51c2luZW5vdXZlbGxlLmNvbS9hcnRpY2xlL25pc3Nhbi1wcmV2b2l0LWxhLXN1cHByZXNzaW9uLWRlLTktMDAwLWVtcGxvaXMuTjIyMjE4Nzg_dXRtX3NvdXJjZT1uZXdzbGV0dGVyJnV0bV9tZWRpdW09ZW1haWwmdXRtX2NhbXBhaWduPWluZm9fbGEtcXVvdGlkaWVubmUmZW1haWw9MjA0MzMyODY1MyZpZGJkZD01NjU1OQ\" target=\"_blank\" rel=\"noreferrer noopener\">Nissan pr\u00e9voit la suppression de 9000 emplois<\/a> (Usine Nouvelle) &nbsp;<\/p>\n\n\n\n<p><a href=\"https:\/\/redirection.b2b.infopro-digital.com\/lnk\/AWEAAFUabk8AAcXGAJgAAHnKuI0AAABZQTkAANzrAAwsSQBnLwBCoigaxRDUSDSlN04re0YJSAAMCy8\/5\/Y-Mc1bn6IIJlbqA1mziBFw\/aHR0cHM6Ly93d3cudXNpbmUtZGlnaXRhbGUuZnIvYXJ0aWNsZS9hcHBsZS1kZXZyYWl0LWV0cmUtbGEtcHJlbWllcmUtZW50cmVwcmlzZS1zYW5jdGlvbm5lLWRhbnMtbGUtY2FkcmUtZHUtZG1hLk4yMjIxODcwP3V0bV9zb3VyY2U9bmV3c2xldHRlciZ1dG1fbWVkaXVtPWVtYWlsJnV0bV9jYW1wYWlnbj1pbmZvX3VkLXdlZWstZW5kJmVtYWlsPTIwNDMzMjg2NTMmaWRiZGQ9NTY1NTU\" target=\"_blank\" rel=\"noreferrer noopener\">Apple devrait \u00eatre la premi\u00e8re entreprise sanctionn\u00e9e dans le cadre du DMA<\/a> (Usine Digitale)<\/p>\n\n\n\n<p><strong>Analyse<\/strong><\/p>\n\n\n\n<p><a href=\"https:\/\/www.connaissancedesenergies.org\/questions-et-reponses-energies\/decarbonation-quels-sont-les-principaux-objectifs-en-france\">D\u00e9carbonation : quels sont les principaux objectifs en France ?<\/a> (Connaissance des \u00e9nergies)&nbsp;<\/p>\n\n\n\n<p><strong><strong><mark style=\"background-color:rgba(0, 0, 0, 0);color:#ed1010\" class=\"has-inline-color\">8 novembre<\/mark><\/strong><\/strong><\/p>\n\n\n\n<p><strong>France<\/strong><\/p>\n\n\n\n<p><strong><a href=\"https:\/\/lareleveetlapeste.fr\/les-4-plus-grandes-banques-francaises-financent-encore-massivement-les-energies-fossiles\/\" target=\"_blank\" rel=\"noreferrer noopener\">Les 4 plus grandes banques fran\u00e7aises financent encore massivement les \u00e9nergies fossiles<\/a><\/strong>&nbsp;(La Rel\u00e8ve et La Peste)<\/p>\n\n\n\n<p><a href=\"https:\/\/www.boursorama.com\/actualite-economique\/actualites\/france-le-deficit-commercial-se-creuse-en-septembre-a-8-1-milliards-d-euros-f8bed0c555913c027beab397a18d9e60\">Le d\u00e9ficit commercial se creuse en septembre \u00e0 8,1 milliards d&rsquo;euros<\/a> (AFP)<\/p>\n\n\n\n<p><a href=\"https:\/\/infos.lemonde.fr\/optiext\/optiextension.dll?ID=2uv2u848pWDuuM_WnoQNL81pHyGKbbmeCx7Zz_Yoh%2BsvlMigFreRhZ55cON2f7mNtcTKagKW1wgPPbm2M7vE6E%2BW0dOUj%2BhFFHUABOwh\" target=\"_blank\" rel=\"noreferrer noopener\">Construction, commerce, automobile&#8230; La France menac\u00e9e par une vague de plans sociaux<\/a> (Le Monde)<\/p>\n\n\n\n<p><a href=\"https:\/\/api.indigo-net.com\/email\/RedirectionEmailing?mail=n.chevillard@noos.fr&amp;ID=679002&amp;DOCIID=109703480&amp;ENAIID=952780&amp;RETOUR=SIMPLE&amp;link=https:\/\/www.lalettre.fr\/fr\/action-publique_elysee-matignon\/2024\/11\/08\/le-megaprojet-de-veolia-au-maroc-soumis-a-la-bonne-entente-du-couple-macron-m6,110336715-eve?cxt=PUB&amp;utm_source=LLA&amp;utm_medium=email&amp;utm_campaign=AUTO_EDIT_SOM_PROS\" target=\"_blank\" rel=\"noreferrer noopener\">Le m\u00e9gaprojet de Veolia au Maroc soumis \u00e0 la bonne entente du couple Macron-M6<\/a> (La Lettre)<\/p>\n\n\n\n<p><a href=\"https:\/\/api.indigo-net.com\/email\/RedirectionEmailing?mail=n.chevillard@noos.fr&amp;ID=679002&amp;DOCIID=109703480&amp;ENAIID=952780&amp;RETOUR=SIMPLE&amp;link=https:\/\/www.lalettre.fr\/fr\/entreprises_finance\/2024\/11\/08\/les-connexions-d-alain-rauscher-le-discret-financier-derriere-l-offensive-a-grande-vitesse-de-proxima-contre-la-sncf,110337138-ar2?cxt=PUB&amp;utm_source=LLA&amp;utm_medium=email&amp;utm_campaign=AUTO_EDIT_SOM_PROS\" target=\"_blank\" rel=\"noreferrer noopener\">Les connexions d&rsquo;Alain Rauscher, le discret financier derri\u00e8re l&rsquo;offensive \u00e0 grande vitesse de Proxima contre la SNCF<\/a> (La Lettre)<\/p>\n\n\n\n<p><a href=\"https:\/\/infos.lemonde.fr\/optiext\/optiextension.dll?ID=kOPkOVn4zi8T8GtJOmR6y8kVWX3H4h9ON5MoxeakMhvna%2BYAJErlh7j90Te36kW6jU0ej2o3W6yzX%2BhkRLs5JLFjRPqo14aCD9o3YWQs\" target=\"_blank\" rel=\"noreferrer noopener\">Budget 2025&nbsp;: le service national universel, de plus en plus critiqu\u00e9, r\u00e9tr\u00e9cit \u00e0&nbsp;bas bruit<\/a><a> (Le Monde)<\/a><\/p>\n\n\n\n<p><strong>Monde<\/strong><\/p>\n\n\n\n<p><a href=\"https:\/\/api.indigo-net.com\/email\/RedirectionEmailing?mail=n.chevillard@noos.fr&amp;ID=678723&amp;DOCIID=109703480&amp;ENAIID=952501&amp;RETOUR=SIMPLE&amp;link=https:\/\/www.intelligenceonline.fr\/renseignement-d-etat\/2024\/11\/07\/elon-musk-pare-pour-engranger-de-nouveaux-contrats-dans-le-spatial-militaire,110336287-art?cxt=PUB&amp;utm_source=LMR&amp;utm_medium=email&amp;utm_campaign=AUTO_EDIT_SOM_PROS\" target=\"_blank\" rel=\"noreferrer noopener\">Elon Musk par\u00e9 pour engranger de nouveaux contrats dans le spatial militaire<\/a> (Intelligence Online)<\/p>\n\n\n\n<p><a href=\"https:\/\/www.boursorama.com\/actualite-economique\/actualites\/l-ue-lance-un-chantier-urgent-de-reformes-apres-l-election-de-trump-ea8a46133d340cda76c39f1e9120ce32\">L&rsquo;UE lance un chantier \u00ab\u00a0urgent\u00a0\u00bb de r\u00e9formes apr\u00e8s l&rsquo;\u00e9lection de Trump<\/a> (AFP)<\/p>\n\n\n\n<p><a href=\"https:\/\/www.rfi.fr\/fr\/moyen-orient\/20241107-irak-vers-une-reprise-de-l-exportation-de-p%C3%A9trole-au-kurdistan-sous-la-houlette-de-bagdad\">Irak : vers une reprise de l\u2019exportation de p\u00e9trole au Kurdistan, sous la houlette de Bagdad<\/a> (RFI)<\/p>\n\n\n\n<p><a href=\"https:\/\/redirection.b2b.infopro-digital.com\/lnk\/AUUAAFWSnbEAAcXF_7IAAHnKuI0AAABZQTkAANzxAAwsSQBnLbPOlNNfqQJDSKqdsK3YNHLJcwAMCy8\/30\/5S8K9dmXvryhKB3qTSS_qg\/aHR0cDovL3d3dy51c2luZS1kaWdpdGFsZS5mci9hcnRpY2xlL2xlLWNhbmFkYS1vcmRvbm5lLWxhLWZlcm1ldHVyZS1kZXMtYnVyZWF1eC1kZS10aWt0b2stc3VyLXNvbi10ZXJyaXRvaXJlLk4yMjIxOTUzP3V0bV9zb3VyY2U9bmV3c2xldHRlciZ1dG1fbWVkaXVtPWVtYWlsJnV0bV9jYW1wYWlnbj1pbmZvX3VkLXF1b3RpZGllbm5lJmVtYWlsPTIwNDMzMjg2NTMmaWRiZGQ9NTY1NjE\" target=\"_blank\" rel=\"noreferrer noopener\">Le Canada ordonne la fermeture des bureaux de TikTok sur son territoire<\/a> (Usine Digitale)<\/p>\n\n\n\n<p><a href=\"https:\/\/www.alternatives-economiques.fr\/lula-bresil-retrouve-dynamique-annees-2000\/00112937\" target=\"_blank\" rel=\"noreferrer noopener\">Avec Lula, le Br\u00e9sil retrouve sa dynamique des ann\u00e9es 2000<\/a>&nbsp;(Alter \u00e9co)<\/p>\n\n\n\n<p><strong>Analyse<\/strong><\/p>\n\n\n\n<p><a href=\"https:\/\/www.alternatives-economiques.fr\/retour-de-trump-menace-leconomie-mondiale\/00113032\" target=\"_blank\" rel=\"noreferrer noopener\">Pourquoi le retour de Trump menace l\u2019\u00e9conomie mondiale<\/a>&nbsp;(Alter \u00e9co)<\/p>\n\n\n\n<p><a href=\"https:\/\/www.alternatives-economiques.fr\/helene-gassin\/royaume-uni-sorti-charbon-autres-bonnes-nouvelles\/00112695\" target=\"_blank\" rel=\"noreferrer noopener\">Le Royaume-Uni est sorti du charbon et autres bonnes nouvelles<\/a>&nbsp;(Alter \u00e9co)<\/p>\n\n\n\n<p><a href=\"https:\/\/76835.r.sp1-brevo.net\/mk\/cl\/f\/sh\/1t6Af4OiGsEagAv2XXyyCnUomOnK1k\/C3_I1_7-9h7l\" target=\"_blank\" rel=\"noreferrer noopener\">Dette : 5000 d&rsquo;histoire &#8211; David Graeber<\/a> (Elucid)<\/p>\n\n\n\n<p><strong><a href=\"https:\/\/infos.lemonde.fr\/optiext\/optiextension.dll?ID=kOPkRGwVigQFdJTHu7au6qOH0rYBYOlPWzRokhPG2N2abVlAJ3VnP2B3U_%2BhhwMaxNSNl3xd8bkNnU3fMbbdj23MHyZF6LFv8Ebnh2kC\" target=\"_blank\" rel=\"noreferrer noopener\">Jamais les Etats-Unis n\u2019ont soutenu aussi massivement une guerre d\u2019Isra\u00ebl<\/a><\/strong> (Le Monde)<\/p>\n\n\n\n<p><strong><strong><mark style=\"background-color:rgba(0, 0, 0, 0);color:#ed1010\" class=\"has-inline-color\">7 novembre<\/mark><\/strong><\/strong><\/p>\n\n\n\n<p><strong>France<\/strong><\/p>\n\n\n\n<p><strong><a href=\"https:\/\/www.youtube.com\/watch?v=6ZCeJwxYwjQ\" target=\"_blank\" rel=\"noreferrer noopener\">Budget 2025 : Le NFP peut gouverner ! &#8211; \u00c9ric Coquerel<\/a>&nbsp;<\/strong>(LFI)<\/p>\n\n\n\n<p><strong><a href=\"https:\/\/www.blast-info.fr\/emissions\/2024\/retraites-le-jeu-dangereux-et-hypocrite-du-rn-zYhnY0fXSWa8weB9zkjsjg\">Retraites&nbsp;: Le jeu dangereux et hypocrite du RN<\/a> <\/strong>(Blast, vid\u00e9o)<\/p>\n\n\n\n<p><a href=\"https:\/\/www.youtube.com\/watch?v=f4hB_z9vvWI\">Michelin : \u00ab\u00a0Allez-vous encore dire aux familles touch\u00e9es que vous \u00eates fiers de votre politique ?\u00a0\u00bb<\/a> (PCF)<\/p>\n\n\n\n<p><strong><a href=\"https:\/\/www.youtube.com\/watch?v=RgDKachGSTM\">L&rsquo;ARNAQUE du gouvernement sur la suppression de la taxe d&rsquo;habitation<\/a><\/strong> (Pure politique, Le bourbon de Serge)<\/p>\n\n\n\n<p><strong>Analyse<\/strong><\/p>\n\n\n\n<p><a href=\"https:\/\/link.newsletter.franceculture.fr\/m\/ml\/7429\/906439\/6BiSmpsy6rXMyrmqyhUljqMx-oFm0t8o0eHiG4Ml9WE=\/cOrzbt0DwcGQYtJ3jYMVoOqKeTwD7lZwtDxzToST+T0=\/\" target=\"_blank\" rel=\"noreferrer noopener\">Charlotte Perkins Gilman : contre le capitalisme androcentrique<\/a> (France Culture)<\/p>\n\n\n\n<p><strong><strong><mark style=\"background-color:rgba(0, 0, 0, 0);color:#ed1010\" class=\"has-inline-color\">6 novembre<\/mark><\/strong><\/strong><\/p>\n\n\n\n<p><strong>France<\/strong><\/p>\n\n\n\n<p><a href=\"https:\/\/www.alternatives-economiques.fr\/clara-leonard-mathilde-viennot\/budget-2025-regles-europeennes-embrasse-mal-etreint\/00112832\" target=\"_blank\" rel=\"noreferrer noopener\">Budget 2025 et r\u00e8gles europ\u00e9ennes : qui trop embrasse mal \u00e9treint<\/a>&nbsp;(Alter \u00e9co)<\/p>\n\n\n\n<p><a href=\"https:\/\/lanticapitaliste.org\/actualite\/economie\/stoppons-les-politiques-capitalistes\">Stoppons les politiques capitalistes\u2009!<\/a> (L\u2019Anticapitaliste)<\/p>\n\n\n\n<p><strong><a href=\"https:\/\/basta.media\/La-liquidation-de-Milee-laisse-des-milliers-de-retraites-pauvres-sur-le-carreau\" target=\"_blank\" rel=\"noreferrer noopener\">La liquidation de Milee laisse des milliers de retrait\u00e9s pauvres sur le carreau<\/a>&nbsp;<\/strong> (Basta!)<\/p>\n\n\n\n<p><a href=\"https:\/\/redirection.b2b.infopro-digital.com\/lnk\/AUoAAFWMnCgAAcXF_sgAAHnKuI0AAABZQUUAANzvAAwsSQBnK6f-ExTQVI6iTK2v6tygWDSzRQAMCy8\/22\/woC20USFc4H5m1hR9GRXYg\/aHR0cDovL3d3dy51c2luZW5vdXZlbGxlLmNvbS9lZGl0b3JpYWwvYS1jaG9sZXQtbGEtZmVybWV0dXJlLWRlLWwtZW1ibGVtYXRpcXVlLXVzaW5lLWRlLW1pY2hlbGluLXByb3ZvcXVlLWxhLWNvbGVyZS1ldC1sYS1zaWRlcmF0aW9uLk4yMjIxODQxP3V0bV9zb3VyY2U9bmV3c2xldHRlciZ1dG1fbWVkaXVtPWVtYWlsJnV0bV9jYW1wYWlnbj1pbmZvX2xhLXF1b3RpZGllbm5lJmVtYWlsPTIwNDMzMjg2NTMmaWRiZGQ9NTY1NTk\" target=\"_blank\" rel=\"noreferrer noopener\">A Cholet, la fermeture de l&rsquo;usine de Michelin provoque la col\u00e8re et la sid\u00e9ration<\/a> (Usine Nouvelle)<\/p>\n\n\n\n<p><a href=\"https:\/\/redirection.b2b.infopro-digital.com\/lnk\/AV0AAFQqp9oAAcXF_dYAAHnKuI0AAABZQUUAANzvAAwsSQBnKliyKLvNh6_rT6qGDsjkZOLPhAAMCy8\/12\/IyZWlSd-L7EljbGxK0Nuzw\/aHR0cDovL3d3dy51c2luZW5vdXZlbGxlLmNvbS9lZGl0b3JpYWwvYWZmYWlibGktcGFyLWxhLWRlbWFuZGUtZXQtbGEtZ3JldmUtY2hlei1ib2Vpbmctc3llbnNxby1lbnZpc2FnZS0xMjItbGljZW5jaWVtZW50cy1lbi1mcmFuY2UuTjIyMjE3NjU_dXRtX3NvdXJjZT1uZXdzbGV0dGVyJnV0bV9tZWRpdW09ZW1haWwmdXRtX2NhbXBhaWduPWluZm9fbGEtcXVvdGlkaWVubmUmZW1haWw9MjA0MzMyODY1MyZpZGJkZD01NjU1OQ\" target=\"_blank\" rel=\"noreferrer noopener\">Syensqo envisage 122 licenciements en France<\/a> (Usine Nouvelle)<\/p>\n\n\n\n<p><a href=\"https:\/\/www.connaissancedesenergies.org\/afp\/centrale-edf-de-cordemais-procedure-disciplinaire-contre-sept-militants-cgt-241106\">Centrale EDF de Cordemais : proc\u00e9dure disciplinaire contre sept militants CGT<\/a> (AFP)<\/p>\n\n\n\n<p><a href=\"https:\/\/redirection.b2b.infopro-digital.com\/lnk\/AV0AAFQ4Z1QAAcXF_gAAAHnKuI0AAABZQTkAANzxAAwsSQBnKxPhyA9rYevHTgGPypu-9wDmIQAMCy8\/18\/FMQzUwtf2dIF39csSCUJ1w\/aHR0cDovL3d3dy51c2luZS1kaWdpdGFsZS5mci9hcnRpY2xlL2F0b3MtdmVuZC1zYS1maWxpYWxlLWRlLWdlc3Rpb24tZGVzLWNlbnRyYWxlcy1udWNsZWFpcmVzLXdvcmxkZ3JpZC1hLWFsdGVuLk4yMjIxNzYwP3V0bV9zb3VyY2U9bmV3c2xldHRlciZ1dG1fbWVkaXVtPWVtYWlsJnV0bV9jYW1wYWlnbj1pbmZvX3VkLXF1b3RpZGllbm5lJmVtYWlsPTIwNDMzMjg2NTMmaWRiZGQ9NTY1NjE\" target=\"_blank\" rel=\"noreferrer noopener\">Atos vend sa filiale de gestion des centrales nucl\u00e9aires Worldgrid \u00e0 Alten<\/a> (Usine Digitale)<\/p>\n\n\n\n<p><a href=\"https:\/\/reporterre.net\/Le-numerique-consomme-deja-10-de-l-electricite-en-France\" target=\"_blank\" rel=\"noreferrer noopener\">Le num\u00e9rique consomme d\u00e9j\u00e0 10&nbsp;% de l&rsquo;\u00e9lectricit\u00e9 en France<\/a>&nbsp;(Reporterre)<\/p>\n\n\n\n<p><strong>France<\/strong><\/p>\n\n\n\n<p><a href=\"https:\/\/www.alternatives-economiques.fr\/clara-leonard-mathilde-viennot\/budget-2025-regles-europeennes-embrasse-mal-etreint\/00112832\" target=\"_blank\" rel=\"noreferrer noopener\">Budget 2025 et r\u00e8gles europ\u00e9ennes : qui trop embrasse mal \u00e9treint<\/a>&nbsp;(Alter \u00e9co)<\/p>\n\n\n\n<p><a href=\"https:\/\/lanticapitaliste.org\/actualite\/economie\/stoppons-les-politiques-capitalistes\">Stoppons les politiques capitalistes\u2009!<\/a> (L\u2019Anticapitaliste)<\/p>\n\n\n\n<p><strong><a href=\"https:\/\/basta.media\/La-liquidation-de-Milee-laisse-des-milliers-de-retraites-pauvres-sur-le-carreau\" target=\"_blank\" rel=\"noreferrer noopener\">La liquidation de Milee laisse des milliers de retrait\u00e9s pauvres sur le carreau<\/a>&nbsp;<\/strong> (Basta!)<\/p>\n\n\n\n<p><a href=\"https:\/\/redirection.b2b.infopro-digital.com\/lnk\/AUoAAFWMnCgAAcXF_sgAAHnKuI0AAABZQUUAANzvAAwsSQBnK6f-ExTQVI6iTK2v6tygWDSzRQAMCy8\/22\/woC20USFc4H5m1hR9GRXYg\/aHR0cDovL3d3dy51c2luZW5vdXZlbGxlLmNvbS9lZGl0b3JpYWwvYS1jaG9sZXQtbGEtZmVybWV0dXJlLWRlLWwtZW1ibGVtYXRpcXVlLXVzaW5lLWRlLW1pY2hlbGluLXByb3ZvcXVlLWxhLWNvbGVyZS1ldC1sYS1zaWRlcmF0aW9uLk4yMjIxODQxP3V0bV9zb3VyY2U9bmV3c2xldHRlciZ1dG1fbWVkaXVtPWVtYWlsJnV0bV9jYW1wYWlnbj1pbmZvX2xhLXF1b3RpZGllbm5lJmVtYWlsPTIwNDMzMjg2NTMmaWRiZGQ9NTY1NTk\" target=\"_blank\" rel=\"noreferrer noopener\">A Cholet, la fermeture de l&rsquo;usine de Michelin provoque la col\u00e8re et la sid\u00e9ration<\/a> (Usine Nouvelle)<\/p>\n\n\n\n<p><a href=\"https:\/\/redirection.b2b.infopro-digital.com\/lnk\/AV0AAFQqp9oAAcXF_dYAAHnKuI0AAABZQUUAANzvAAwsSQBnKliyKLvNh6_rT6qGDsjkZOLPhAAMCy8\/12\/IyZWlSd-L7EljbGxK0Nuzw\/aHR0cDovL3d3dy51c2luZW5vdXZlbGxlLmNvbS9lZGl0b3JpYWwvYWZmYWlibGktcGFyLWxhLWRlbWFuZGUtZXQtbGEtZ3JldmUtY2hlei1ib2Vpbmctc3llbnNxby1lbnZpc2FnZS0xMjItbGljZW5jaWVtZW50cy1lbi1mcmFuY2UuTjIyMjE3NjU_dXRtX3NvdXJjZT1uZXdzbGV0dGVyJnV0bV9tZWRpdW09ZW1haWwmdXRtX2NhbXBhaWduPWluZm9fbGEtcXVvdGlkaWVubmUmZW1haWw9MjA0MzMyODY1MyZpZGJkZD01NjU1OQ\" target=\"_blank\" rel=\"noreferrer noopener\">Syensqo envisage 122 licenciements en France<\/a> (Usine Nouvelle)<\/p>\n\n\n\n<p><a href=\"https:\/\/www.connaissancedesenergies.org\/afp\/centrale-edf-de-cordemais-procedure-disciplinaire-contre-sept-militants-cgt-241106\">Centrale EDF de Cordemais : proc\u00e9dure disciplinaire contre sept militants CGT<\/a> (AFP)<\/p>\n\n\n\n<p><a href=\"https:\/\/redirection.b2b.infopro-digital.com\/lnk\/AV0AAFQ4Z1QAAcXF_gAAAHnKuI0AAABZQTkAANzxAAwsSQBnKxPhyA9rYevHTgGPypu-9wDmIQAMCy8\/18\/FMQzUwtf2dIF39csSCUJ1w\/aHR0cDovL3d3dy51c2luZS1kaWdpdGFsZS5mci9hcnRpY2xlL2F0b3MtdmVuZC1zYS1maWxpYWxlLWRlLWdlc3Rpb24tZGVzLWNlbnRyYWxlcy1udWNsZWFpcmVzLXdvcmxkZ3JpZC1hLWFsdGVuLk4yMjIxNzYwP3V0bV9zb3VyY2U9bmV3c2xldHRlciZ1dG1fbWVkaXVtPWVtYWlsJnV0bV9jYW1wYWlnbj1pbmZvX3VkLXF1b3RpZGllbm5lJmVtYWlsPTIwNDMzMjg2NTMmaWRiZGQ9NTY1NjE\" target=\"_blank\" rel=\"noreferrer noopener\">Atos vend sa filiale de gestion des centrales nucl\u00e9aires Worldgrid \u00e0 Alten<\/a> (Usine Digitale)<\/p>\n\n\n\n<p><a href=\"https:\/\/reporterre.net\/Le-numerique-consomme-deja-10-de-l-electricite-en-France\" target=\"_blank\" rel=\"noreferrer noopener\">Le num\u00e9rique consomme d\u00e9j\u00e0 10&nbsp;% de l&rsquo;\u00e9lectricit\u00e9 en France<\/a>&nbsp; (Reporterre)<\/p>\n\n\n\n<p><strong>Monde<\/strong> <a href=\"https:\/\/www.rfi.fr\/fr\/am%C3%A9riques\/20241106-%C3%A9lections-am%C3%A9ricaines-march%C3%A9s-financiers-%C3%A0-la-hausse-bitcoin-r%C3%A9action-%C3%A9lection-trump\"><\/a><\/p>\n\n\n\n<p><a href=\"https:\/\/www.rfi.fr\/fr\/am%C3%A9riques\/20241106-%C3%A9lections-am%C3%A9ricaines-march%C3%A9s-financiers-%C3%A0-la-hausse-bitcoin-r%C3%A9action-%C3%A9lection-trump\">\u00c9lection de Donald Trump : les march\u00e9s ouvrent \u00e0 la hausse aux \u00c9tats-Unis et basculent dans le rouge en Europe<\/a> (RFI)<\/p>\n\n\n\n<p><a href=\"https:\/\/redirection.b2b.infopro-digital.com\/lnk\/AUoAAFWMnCgAAcXF_sgAAHnKuI0AAABZQUUAANzvAAwsSQBnK6f-ExTQVI6iTK2v6tygWDSzRQAMCy8\/4\/OcFKGhnJgJC6TgnsSvUL7Q\/aHR0cDovL3d3dy51c2luZW5vdXZlbGxlLmNvbS9hcnRpY2xlL3BvdXJxdW9pLWxlLXByb2dyYW1tZS1lY29ub21pcXVlLWRlLWRvbmFsZC10cnVtcC1pbnF1aWV0ZS1sLWluZHVzdHJpZS1ldXJvcGVlbm5lLk4yMjIxODM4P3V0bV9zb3VyY2U9bmV3c2xldHRlciZ1dG1fbWVkaXVtPWVtYWlsJnV0bV9jYW1wYWlnbj1pbmZvX2xhLXF1b3RpZGllbm5lJmVtYWlsPTIwNDMzMjg2NTMmaWRiZGQ9NTY1NTk\" target=\"_blank\" rel=\"noreferrer noopener\">Pourquoi le programme \u00e9conomique de Donald Trump inqui\u00e8te l&rsquo;industrie europ\u00e9enne<\/a> (Usine Nouvelle)<\/p>\n\n\n\n<p><a href=\"https:\/\/www.connaissancedesenergies.org\/afp\/moins-de-taxes-plus-de-droits-de-douanes-la-recette-economique-du-futur-president-americain-241106\">Moins de taxes, plus de droits de douanes : la recette \u00e9conomique du futur Pr\u00e9sident am\u00e9ricain<\/a> (AFP)<\/p>\n\n\n\n<p><a href=\"https:\/\/www.boursorama.com\/actualite-economique\/actualites\/le-bitcoin-creve-le-plafond-des-75-000-dollars-propulse-par-l-eventualite-d-une-victoire-de-trump-87e7f703e056f23144053f31fafcda28\">Le bitcoin cr\u00e8ve le plafond des 75.000 dollars, propuls\u00e9 par l&rsquo;\u00e9ventualit\u00e9 d&rsquo;une victoire de Trump<\/a> (Boursorama)<\/p>\n\n\n\n<p><a href=\"https:\/\/www.connaissancedesenergies.org\/afp\/totalenergies-estime-que-la-demande-de-petrole-augmentera-au-moins-jusquen-2030-241104\">TotalEnergies estime que la demande de p\u00e9trole augmentera au moins jusqu&rsquo;en 2030<\/a> (AFP)<\/p>\n\n\n\n<p><a href=\"https:\/\/redirection.b2b.infopro-digital.com\/lnk\/AV0AAFQqp9oAAcXF_dYAAHnKuI0AAABZQUUAANzvAAwsSQBnKliyKLvNh6_rT6qGDsjkZOLPhAAMCy8\/18\/Ivnzp1h_1j_lhuxSbuHB-g\/aHR0cDovL3d3dy51c2luZW5vdXZlbGxlLmNvbS9hcnRpY2xlL2wtZXF1aXBlbWVudGllci1hdXRvbW9iaWxlLXNjaGFlZmZsZXItdmEtc3VwcHJpbWVyLTQtNzAwLWVtcGxvaXMtZW4tZXVyb3BlLk4yMjIxNzU0P3V0bV9zb3VyY2U9bmV3c2xldHRlciZ1dG1fbWVkaXVtPWVtYWlsJnV0bV9jYW1wYWlnbj1pbmZvX2xhLXF1b3RpZGllbm5lJmVtYWlsPTIwNDMzMjg2NTMmaWRiZGQ9NTY1NTk\" target=\"_blank\" rel=\"noreferrer noopener\">L&rsquo;\u00e9quipementier automobile Schaeffler va supprimer 4700 emplois en Europe<\/a> (Usine Nouvelle)<\/p>\n\n\n\n<p><strong>Analyse<\/strong><\/p>\n\n\n\n<p><a href=\"https:\/\/www.alternatives-economiques.fr\/agriculture-reprise-incertaine-bio\/00113001\" target=\"_blank\" rel=\"noreferrer noopener\">Agriculture : la reprise incertaine du bio<\/a> (Alter \u00e9co)<\/p>\n\n\n\n<p><a href=\"https:\/\/elucid.media\/societe\/penurie-medicaments-paracetamol-corticoides-laboratoires-que-fait-etat-francais\"><strong>P\u00e9nurie de m\u00e9dicaments : mais que fait l\u2019\u00c9tat fran\u00e7ais ?<\/strong><\/a> (Elucid)<\/p>\n\n\n\n<p><a href=\"https:\/\/9tcmw.r.ag.d.sendibm3.com\/mk\/cl\/f\/sh\/7nVU1aA2ng20nBHndCmH43ahLJUhMjF\/Wcm4MeRL3sZV\" target=\"_blank\" rel=\"noreferrer noopener\">ISF climatique, taxe sur le k\u00e9ros\u00e8ne&nbsp;: o\u00f9 trouver les milliards de la transition environnementale<\/a> (Basta!)<\/p>\n\n\n\n<p><strong><strong><mark style=\"background-color:rgba(0, 0, 0, 0);color:#ed1010\" class=\"has-inline-color\">5 novembre<\/mark><\/strong><\/strong><\/p>\n\n\n\n<p><strong>France<\/strong><\/p>\n\n\n\n<p><a href=\"https:\/\/www.humanite.fr\/politique\/budget\/budget-de-la-securite-sociale-la-gauche-arrache-le-vote-de-la-partie-recettes-remaniee\" target=\"_blank\" rel=\"noreferrer noopener\">Budget de la S\u00e9curit\u00e9 sociale : la gauche arrache le vote de la partie \u2018recettes\u2019 remani\u00e9e<\/a>&nbsp;(L\u2019Humanit\u00e9)<\/p>\n\n\n\n<p><strong><a href=\"https:\/\/www.politis.fr\/api\/proxy\/?articleID=325991\" target=\"_blank\" rel=\"noreferrer noopener\">Budget 2025 : quand la gauche rafle la mise\u2026 en vain ?<\/a>&nbsp;<\/strong>(Politis)<\/p>\n\n\n\n<p><a href=\"https:\/\/www.alternatives-economiques.fr\/nicolas-da-silva\/secu-subventionne-complementaires-sante\/00112825\" target=\"_blank\" rel=\"noreferrer noopener\">Quand la S\u00e9cu subventionne les compl\u00e9mentaires sant\u00e9<\/a>&nbsp;(Alter \u00e9co)<\/p>\n\n\n\n<p><a href=\"https:\/\/www.francetvinfo.fr\/economie\/transports\/sncf\/greve-a-la-sncf\/tous-les-syndicats-de-la-sncf-appellent-a-une-journee-de-greve-le-21-novembre-pour-protester-contre-le-demantelement-de-fret-sncf-et-l-ouverture-a-la-concurrence_6879629.html\"><strong>Tous les syndicats de la SNCF appellent \u00e0 une journ\u00e9e de gr\u00e8ve le 21 novembre<\/strong><\/a> (France Info)<\/p>\n\n\n\n<p><a href=\"https:\/\/www.huffingtonpost.fr\/france\/article\/auchan-annonce-un-plan-social-d-ampleur-voici-la-liste-des-supermarches-qui-vont-fermer-leurs-portes_241806.html\">Liste des supermarch\u00e9s Auchan qui vont fermer leurs portes<\/a> (Huffpost)<\/p>\n\n\n\n<p><a href=\"https:\/\/www.humanite.fr\/social-et-economie\/automobile\/michelin-1-200-salaries-sur-le-carreau-apres-lannonce-de-la-fermeture-de-ses-usines-de-vannes-et-cholet\" target=\"_blank\" rel=\"noreferrer noopener\">Michelin : 1 200 salari\u00e9s sur le carreau apr\u00e8s l\u2019annonce de la fermeture de ses usines de Vannes et Cholet<\/a>&nbsp;(L\u2019Humanit\u00e9)<\/p>\n\n\n\n<p><a href=\"https:\/\/www.alternatives-economiques.fr\/difficile-adaptation-logement-social-vieillissement-locataires\/00112997\" target=\"_blank\" rel=\"noreferrer noopener\">La difficile adaptation du logement social au vieillissement des locataires<\/a>&nbsp;(Alter \u00e9co)<\/p>\n\n\n\n<p><strong>Monde<\/strong><\/p>\n\n\n\n<p><strong><a href=\"https:\/\/rapportsdeforce.fr\/breves\/boeing-les-ouvriers-votent-la-fin-de-leur-greve-contre-38-daugmentation-salariale-110522520\" target=\"_blank\" rel=\"noreferrer noopener\">Boeing : les ouvriers votent la fin de leur gr\u00e8ve contre 38 % d\u2019augmentation salariale<\/a><\/strong>&nbsp;(Rapports de Force)<\/p>\n\n\n\n<p><a href=\"https:\/\/r.info.newsletter-dgtresor.fr\/mk\/cl\/f\/sh\/6rqJfgq8dINmO7oIiP6yOxWKDCL\/BBDxsiyBOHXx\" target=\"_blank\" rel=\"noreferrer noopener\">&nbsp;Quel risque de \u00a0\u00bb japonisation \u00a0\u00bb de l&rsquo;\u00e9conomie chinoise ?<\/a>&nbsp;(Tr\u00e9sor-\u00e9co)<\/p>\n\n\n\n<p><a href=\"https:\/\/r.info.newsletter-dgtresor.fr\/mk\/cl\/f\/sh\/6rqJfgq8dINmO7oIiP6yOxWKDCL\/m8s4NEpQrOiR\" target=\"_blank\" rel=\"noreferrer noopener\">Les minerais dans la transition \u00e9nerg\u00e9tique<\/a> (Tr\u00e9sor-\u00e9co)<\/p>\n\n\n\n<p><strong>Analyse<\/strong><\/p>\n\n\n\n<p><strong><a href=\"https:\/\/basta.media\/Elections-Etats-Unis-Ces-entreprises-francaises-qui-preferent-financer-le-camp-Trump-plutot-que-Kamala-Harris\" target=\"_blank\" rel=\"noreferrer noopener\">Ces entreprises fran\u00e7aises qui pr\u00e9f\u00e8rent financer le camp Trump plut\u00f4t que Kamala Harris<\/a>&nbsp;<\/strong>(Basta!)<\/p>\n\n\n\n<p><strong><strong><mark style=\"background-color:rgba(0, 0, 0, 0);color:#ed1010\" class=\"has-inline-color\">4 novembre<\/mark><\/strong><\/strong><\/p>\n\n\n\n<p><strong>France<\/strong><\/p>\n\n\n\n<p><a href=\"https:\/\/www.youtube.com\/watch?v=xVZ12k0z8uM\">Budget : Macron et Barnier ont perdu ! Manuel Bompard<\/a> (Public S\u00e9nat, vid\u00e9o)<\/p>\n\n\n\n<p><strong><a href=\"https:\/\/www.youtube.com\/watch?v=ioNJisz-CMc\">Budget : Le Pen meilleure alli\u00e9e de Macron ! Mathilde Panot<\/a> (<\/strong>4V, France 2)<\/p>\n\n\n\n<p><a href=\"https:\/\/www.connaissancedesenergies.org\/afp\/precarite-energetique-pres-dun-tiers-des-francais-ont-eu-froid-pendant-lhiver-dernier-241104\"><strong>Pr\u00e9carit\u00e9 \u00e9nerg\u00e9tique : pr\u00e8s d&rsquo;un tiers des Fran\u00e7ais ont eu froid pendant l&rsquo;hiver dernier<\/strong><\/a>(AFP)<\/p>\n\n\n\n<p><a href=\"https:\/\/elucid.media\/analyse-graphique\/prelevements-obligatoires-france\/trop-impots-france-octobre-2024-mensonges-propagande-neoliberale\"><strong>Trop d&rsquo;imp\u00f4ts en France ? Les mensonges de la propagande n\u00e9olib\u00e9rale<\/strong><\/a> (Elucid)<\/p>\n\n\n\n<p><a href=\"https:\/\/www.humanite.fr\/social-et-economie\/bilan-macron\/100-000-emplois-menaces-et-180-plans-de-liquidation-le-desastre-macron\" target=\"_blank\" rel=\"noreferrer noopener\">100 000 emplois menac\u00e9s et 180 plans de liquidation : le d\u00e9sastre Macron<\/a>&nbsp;(L\u2019Humanit\u00e9)<\/p>\n\n\n\n<p><a href=\"https:\/\/www.humanite.fr\/en-debat\/droit-au-logement\/pas-de-treve-pour-la-crise-du-logement-quand-letat-cessera-t-il-de-fermer-les-yeux\" target=\"_blank\" rel=\"noreferrer noopener\">Pas de tr\u00eave pour la crise du logement : quand l\u2019Etat cessera-t-il de fermer les yeux?<\/a>&nbsp;(L\u2019Humanit\u00e9)<\/p>\n\n\n\n<p><strong><a href=\"https:\/\/api.indigo-net.com\/email\/RedirectionEmailing?mail=n.chevillard@noos.fr&amp;ID=677948&amp;DOCIID=109703480&amp;ENAIID=951727&amp;RETOUR=SIMPLE&amp;link=https:\/\/www.lalettre.fr\/fr\/entreprises_grande-distribution-et-services\/2024\/11\/04\/auchan--guillaume-darrasse-prevoit-de-supprimer-plus-de-2-000-postes-en-france,110335404-art?utm_source=LLA&amp;utm_medium=email&amp;utm_campaign=PROS_EDIT_ALE\" target=\"_blank\" rel=\"noreferrer noopener\">Auchan&nbsp;: Guillaume Darrasse pr\u00e9voit de supprimer plus de 2&nbsp;000 postes en France<\/a> <\/strong>(LaLettre)<\/p>\n\n\n\n<p><a href=\"https:\/\/api.indigo-net.com\/email\/RedirectionEmailing?mail=n.chevillard@noos.fr&amp;ID=677841&amp;DOCIID=109703480&amp;ENAIID=951620&amp;RETOUR=SIMPLE&amp;link=https:\/\/www.lalettre.fr\/fr\/entreprises_grande-distribution-et-services\/2024\/11\/04\/auchan--dans-les-coulisses-de-la-cuisante-retraite-de-russie,110334540-art?cxt=PUB&amp;utm_source=LLA&amp;utm_medium=email&amp;utm_campaign=AUTO_EDIT_SOM_PROS\" target=\"_blank\" rel=\"noreferrer noopener\">Auchan&nbsp;: dans les coulisses de la cuisante retraite de Russie<\/a> (La Lettre)<\/p>\n\n\n\n<p><a href=\"https:\/\/redirection.b2b.infopro-digital.com\/lnk\/AWsAAFa3pSsAAcXF_FwAAHnKuI0AAABZQTkAANzrAAwsSQBnJxc2t6ww4FKYT8Cxt5Xo-eJcwQAMCy8\/26\/hQ5AMXdL4_4xBP6EEwGPwg\/aHR0cHM6Ly93d3cudXNpbmUtZGlnaXRhbGUuZnIvYXJ0aWNsZS9sYS1qdXN0aWNlLWZyYW5jYWlzZS1lbnF1ZXRlLXN1ci1sZXMtbGllbnMtZW50cmUtaHVhd2VpLWV0LWplYW4tbG91aXMtYm9ybG9vLk4yMjIxNDM1P3V0bV9zb3VyY2U9bmV3c2xldHRlciZ1dG1fbWVkaXVtPWVtYWlsJnV0bV9jYW1wYWlnbj1pbmZvX3VkLXdlZWstZW5kJmVtYWlsPTIwNDMzMjg2NTMmaWRiZGQ9NTY1NTU\" target=\"_blank\" rel=\"noreferrer noopener\">La justice fran\u00e7aise enqu\u00eate sur les liens entre Huawei et Jean-Louis Borloo<\/a> (Usine Digitale)<\/p>\n\n\n\n<p><strong>Monde<\/strong><\/p>\n\n\n\n<p><a href=\"https:\/\/www.francetvinfo.fr\/sante\/alimentation\/enquete-lobbying-comment-l-industrie-de-la-viande-a-influence-la-politique-agricole-europeenne_6876002.html\">Lobbying&nbsp;: comment l\u2019industrie de la viande a influenc\u00e9 la politique agricole europ\u00e9enne<\/a> (France Info)<\/p>\n\n\n\n<p><a href=\"https:\/\/redirection.b2b.infopro-digital.com\/lnk\/AVQAAFT42vwAAcXF_HAAAHnKuI0AAABZQTkAANzxAAwsSQBnKGrOXTzMIIqdRo2uq9Vz8uirPwAMCy8\/9\/D7BAYah9iwYX45WSfhxY5A\/aHR0cDovL3d3dy51c2luZS1kaWdpdGFsZS5mci9hcnRpY2xlL2wtZXVyb3BlLW91dnJlLXVuZS1lbnF1ZXRlLWNvbnRyZS10ZW11LWRhbnMtbGUtY2FkcmUtZHUtZHNhLk4yMjIxNjI0P3V0bV9zb3VyY2U9bmV3c2xldHRlciZ1dG1fbWVkaXVtPWVtYWlsJnV0bV9jYW1wYWlnbj1pbmZvX3VkLXF1b3RpZGllbm5lJmVtYWlsPTIwNDMzMjg2NTMmaWRiZGQ9NTY1NjE\" target=\"_blank\" rel=\"noreferrer noopener\">L&rsquo;<strong>Europe<\/strong> ouvre une enqu\u00eate contre Temu dans le cadre du DSA<\/a> (Usine Digitale)<\/p>\n\n\n\n<p><a href=\"https:\/\/redirection.b2b.infopro-digital.com\/lnk\/AVQAAFT42vwAAcXF_HAAAHnKuI0AAABZQTkAANzxAAwsSQBnKGrOXTzMIIqdRo2uq9Vz8uirPwAMCy8\/26\/HwaOJv27PWBV2qjswQo5Kg\/aHR0cDovL3d3dy51c2luZS1kaWdpdGFsZS5mci9lZGl0b3JpYWwvZW4tcGFubmUtZGUtY3JvaXNzYW5jZS1kcm9wYm94LWxpY2VuY2llLWEtbm91dmVhdS1ldC1taXNlLXN1ci1sLWlhLk4yMjIxNjEyP3V0bV9zb3VyY2U9bmV3c2xldHRlciZ1dG1fbWVkaXVtPWVtYWlsJnV0bV9jYW1wYWlnbj1pbmZvX3VkLXF1b3RpZGllbm5lJmVtYWlsPTIwNDMzMjg2NTMmaWRiZGQ9NTY1NjE\" target=\"_blank\" rel=\"noreferrer noopener\">En panne de croissance, Dropbox licencie \u00e0 nouveau et mise sur l&rsquo;IA<\/a> (Usine Digitale)<\/p>\n\n\n\n<p><a href=\"https:\/\/www.connaissancedesenergies.org\/afp\/les-coupes-de-production-de-lopep-font-monter-le-petrole-241104\">Les coupes de production de l&rsquo;Opep+ font monter le p\u00e9trole<\/a> (AFP)<\/p>\n\n\n\n<p><a href=\"https:\/\/www.alternatives-economiques.fr\/laide-developpement-menacee-financiarisation\/00112795\" target=\"_blank\" rel=\"noreferrer noopener\">L\u2019aide au d\u00e9veloppement menac\u00e9e par sa financiarisation<\/a>&nbsp;(Alter \u00e9co)<\/p>\n\n\n\n<p><a href=\"https:\/\/www.alternatives-economiques.fr\/x-extreme-quelon-musk-a-de-twitter\/00112725?utm_source=emailing&amp;utm_medium=email&amp;utm_content=31102024&amp;utm_campaign=hebdo\">X comme extr\u00eame-droite&nbsp;: ce que Elon Musk a fait de Twitter<\/a> (Alter \u00e9co)<\/p>\n\n\n\n<p><a href=\"https:\/\/elucid.media\/politique\/brics-defient-ordre-occidental-fin-hegemonie-dollar-enclenchee-jacques-sapir\">Les <strong>BRICS<\/strong> d\u00e9fient l&rsquo;ordre occidental : la fin de l&rsquo;h\u00e9g\u00e9monie du dollar est enclench\u00e9e<\/a> (Elucid)<\/p>\n\n\n\n<p><a href=\"https:\/\/www.humanite.fr\/monde\/economie\/comment-lukraine-est-pris-au-piege-de-ses-creanciers\" target=\"_blank\" rel=\"noreferrer noopener\">Comment l\u2019<strong>Ukraine<\/strong> est prise au pi\u00e8ge de ses cr\u00e9anciers<\/a>&nbsp;(L\u2019Humanit\u00e9)<a href=\"https:\/\/www.rfi.fr\/fr\/%C3%A9conomie\/20241102-l-agence-de-notation-s-p-rel%C3%A8ve-la-note-de-la-dette-de-la-turquie\"><\/a><\/p>\n\n\n\n<p><a href=\"https:\/\/www.rfi.fr\/fr\/%C3%A9conomie\/20241102-l-agence-de-notation-s-p-rel%C3%A8ve-la-note-de-la-dette-de-la-turquie\">L&rsquo;agence de notation S&amp;P rel\u00e8ve la note de la dette de la <strong>Turquie<\/strong><\/a> (RFI)<\/p>\n\n\n\n<p><a href=\"https:\/\/lemediaen442.fr\/boycott-lespagne-annule-un-contrat-dachat-de-munitions-a-une-entreprise-israelienne\/\">L\u2019<strong>Espagne<\/strong> annule un contrat d\u2019achat de munitions \u00e0 une entreprise <strong>isra\u00e9lienne<\/strong><\/a>&nbsp;(M\u00e9dia en 442)<\/p>\n\n\n\n<p><strong>Analyse<\/strong><\/p>\n\n\n\n<p><strong><a href=\"https:\/\/click.mlsend2.com\/link\/c\/YT0yNjAzMTc5NzU5OTQ0ODYwODU2JmM9ZzlrNSZlPTg1MDQxJmI9MTM4MDA1MzEwNSZkPXU2YTRwNHc=.13I-q1l4PpIXrC3MVGCKj670xWdh5XkCoiLIJEEBzjs\" target=\"_blank\" rel=\"noreferrer noopener\">Le nerf de la guerre : dossier. \u2018<em>Qui finance le g\u00e9nocide en Palestine<\/em>\u2019 ?<\/a><\/strong> (Agence M\u00e9dia Palestine)<\/p>\n\n\n\n<p><a href=\"https:\/\/www.connaissancedesenergies.org\/cop29-des-pays-hotes-qui-menacent-les-objectifs-climatiques-241104\">COP29 : des pays h\u00f4tes qui menacent les objectifs climatiques<\/a> (Connaissance des \u00e9nergies)&nbsp;&nbsp;<\/p>\n\n\n\n<p><a href=\"https:\/\/www.cadtm.org\/Mettre-fin-a-l-impunite-de-la-Banque-mondiale\">Mettre fin \u00e0 l\u2019impunit\u00e9 de la Banque mondiale<\/a> -Eric Toussaint (CADTM)<\/p>\n\n\n\n<p><strong><strong><mark style=\"background-color:rgba(0, 0, 0, 0);color:#ed1010\" class=\"has-inline-color\">1er novembre<\/mark><\/strong><\/strong><\/p>\n\n\n\n<p><strong>France<\/strong><\/p>\n\n\n\n<p><a href=\"https:\/\/www.blast-info.fr\/articles\/2024\/cac-40-22-grands-groupes-presentent-des-comptes-annuels-insinceres-ieaWm-dDRQyUzyCIMSWIdw\" target=\"_blank\" rel=\"noreferrer noopener\">CAC 40 : 22 grands groupes pr\u00e9sentent des comptes annuels insinc\u00e8res<\/a>&nbsp;(Blast)<\/p>\n\n\n\n<p><a href=\"https:\/\/redirection.b2b.infopro-digital.com\/lnk\/AWsAAFZ34LMAAcXF_BYAAHnKuI0AAABZQUUAANzvAAwsSQBnI8R5cYQb4sjaRQGGiaPxm04tJgAMCy8\/4\/j1BHqQUXUAXKSu2DnJJCYw\/aHR0cDovL3d3dy51c2luZW5vdXZlbGxlLmNvbS9hcnRpY2xlL2EtZG91YWktbGEtcmVuYWlzc2FuY2UtaW5kdXN0cmllbGxlLWRlLWwtdXNpbmUtcmVuYXVsdC1zZS1jb25jcmV0aXNlLk4yMjIxNjMwP3V0bV9zb3VyY2U9bmV3c2xldHRlciZ1dG1fbWVkaXVtPWVtYWlsJnV0bV9jYW1wYWlnbj1pbmZvX2xhLXF1b3RpZGllbm5lJmVtYWlsPTIwNDMzMjg2NTMmaWRiZGQ9NTY1NTk\" target=\"_blank\" rel=\"noreferrer noopener\">\u00c0 Douai, la renaissance industrielle de l\u2019usine Renault se concr\u00e9tise<\/a> (Usine Nouvelle) &nbsp;<\/p>\n\n\n\n<p><a href=\"https:\/\/www.latribune.fr\/entreprises-finance\/industrie\/agroalimentaire-biens-de-consommation-luxe\/en-pleine-transformation-casino-toujours-en-difficulte-1010280.html\">En pleine transformation, Casino toujours en difficult\u00e9<\/a> (La Tribune)<\/p>\n\n\n\n<p><strong>Monde<\/strong><\/p>\n\n\n\n<p><a href=\"https:\/\/www.connaissancedesenergies.org\/afp\/emissions-de-co2-les-geants-de-lautomobile-face-au-mur-des-sanctions-europeennes-241101\">Emissions de CO2 : les g\u00e9ants de l&rsquo;automobile face au mur des sanctions europ\u00e9ennes<\/a> (AFP)<\/p>\n\n\n\n<p><a href=\"https:\/\/www.connaissancedesenergies.org\/afp\/petrole-les-majors-europeennes-voient-leurs-benefices-chuter-mais-continuent-retribuer-genereusement-leurs-actionnaires-241031\">P\u00e9trole : les majors europ\u00e9ennes voient leurs b\u00e9n\u00e9fices chuter mais continuent \u00e0 r\u00e9tribuer g\u00e9n\u00e9reusement leurs actionnaires<\/a> (AFP)<\/p>\n\n\n\n<p><a href=\"https:\/\/www.connaissancedesenergies.org\/etats-unis-une-premiere-pour-le-gaz-de-schiste-depuis-plus-de-20-ans-241031\"><strong>\u00c9tats-Unis<\/strong> : une premi\u00e8re pour le gaz de schiste depuis plus de 20 ans<\/a> (Connaissance des \u00e9nergies)&nbsp; &nbsp;<\/p>\n\n\n\n<p><a href=\"https:\/\/www.boursorama.com\/actualite-economique\/actualites\/l-asie-moteur-economique-du-globe-a-la-merci-des-tensions-commerciales-et-du-climat-4aab75835eacd82f1e7d2a9c8ce8c8fd\">L<strong>&lsquo;Asie<\/strong>, \u00ab\u00a0moteur \u00e9conomique\u00a0\u00bb du globe \u00e0 la merci des tensions commerciales et du climat<\/a> (AFP)<\/p>\n\n\n\n<p><a href=\"https:\/\/www.boursorama.com\/actualite-economique\/actualites\/chine-l-activite-manufacturiere-renoue-avec-la-croissance-en-octobre-740dcb200e4f9e37652209aff2678165\"><strong>Chine<\/strong> : L&rsquo;activit\u00e9 manufacturi\u00e8re renoue avec la croissance en octobre<\/a> (Reuters)<\/p>\n\n\n\n<p><strong>Analyse<\/strong><\/p>\n\n\n\n<p><a href=\"https:\/\/www.connaissancedesenergies.org\/innovation-plastique-biodegradable\">Le premier plastique biod\u00e9gradable produit \u00e0 partir d&rsquo;\u00e9missions de CO2<\/a> (Connaissance des \u00e9nergies)&nbsp; &nbsp;<\/p>\n\n\n\n<p><a href=\"https:\/\/multinationales.org\/fr\/actualites\/les-affaires-sont-les-affaires-la-lettre-du-31-octobre-2024\">Les affaires sont les affaires \u2013 La lettre du 31 octobre 2024<\/a>&nbsp;(Observatoire des multinationales)<\/p>\n","protected":false},"excerpt":{"rendered":"<p>27 novembre France Plan social chez Auchan, ou la crise sans fin de la grande distribution (Alter \u00e9co) Depuis janvier 2024, la France a ferm\u00e9 plus d\u2019usines qu\u2019elle n\u2019en a ouvert (UsineNouvelle)&nbsp; Un quart des Fran\u00e7ais en situation de pr\u00e9carit\u00e9 : quand le travail ne paie pas (Elucid) Plans sociaux en cascade&nbsp;: le macronisme en &#8230; <a title=\"Novembre &#8211; \u00c9conomie\" class=\"read-more\" href=\"https:\/\/www.rdpemancipation.org\/?p=133888\" aria-label=\"En savoir plus sur Novembre &#8211; \u00c9conomie\">Lire la suite<\/a><\/p>\n","protected":false},"author":1,"featured_media":0,"comment_status":"closed","ping_status":"closed","sticky":false,"template":"","format":"standard","meta":{"_lmt_disableupdate":"","_lmt_disable":"","_jetpack_memberships_contains_paid_content":false,"footnotes":""},"categories":[11],"tags":[],"class_list":["post-133888","post","type-post","status-publish","format-standard","hentry","category-economie"],"modified_by":"nch","jetpack_featured_media_url":"","jetpack_sharing_enabled":true,"_links":{"self":[{"href":"https:\/\/www.rdpemancipation.org\/index.php?rest_route=\/wp\/v2\/posts\/133888","targetHints":{"allow":["GET"]}}],"collection":[{"href":"https:\/\/www.rdpemancipation.org\/index.php?rest_route=\/wp\/v2\/posts"}],"about":[{"href":"https:\/\/www.rdpemancipation.org\/index.php?rest_route=\/wp\/v2\/types\/post"}],"author":[{"embeddable":true,"href":"https:\/\/www.rdpemancipation.org\/index.php?rest_route=\/wp\/v2\/users\/1"}],"replies":[{"embeddable":true,"href":"https:\/\/www.rdpemancipation.org\/index.php?rest_route=%2Fwp%2Fv2%2Fcomments&post=133888"}],"version-history":[{"count":33,"href":"https:\/\/www.rdpemancipation.org\/index.php?rest_route=\/wp\/v2\/posts\/133888\/revisions"}],"predecessor-version":[{"id":134964,"href":"https:\/\/www.rdpemancipation.org\/index.php?rest_route=\/wp\/v2\/posts\/133888\/revisions\/134964"}],"wp:attachment":[{"href":"https:\/\/www.rdpemancipation.org\/index.php?rest_route=%2Fwp%2Fv2%2Fmedia&parent=133888"}],"wp:term":[{"taxonomy":"category","embeddable":true,"href":"https:\/\/www.rdpemancipation.org\/index.php?rest_route=%2Fwp%2Fv2%2Fcategories&post=133888"},{"taxonomy":"post_tag","embeddable":true,"href":"https:\/\/www.rdpemancipation.org\/index.php?rest_route=%2Fwp%2Fv2%2Ftags&post=133888"}],"curies":[{"name":"wp","href":"https:\/\/api.w.org\/{rel}","templated":true}]}}