{"id":131993,"date":"2024-09-01T19:25:25","date_gmt":"2024-09-01T17:25:25","guid":{"rendered":"https:\/\/www.rdpemancipation.org\/?p=131993"},"modified":"2024-09-30T19:17:34","modified_gmt":"2024-09-30T17:17:34","slug":"septembre-proche-moyen-orient-4","status":"publish","type":"post","link":"https:\/\/www.rdpemancipation.org\/?p=131993","title":{"rendered":"Septembre &#8211; Proche &amp; Moyen-Orient"},"content":{"rendered":"\n<p><strong><strong><mark style=\"background-color:rgba(0, 0, 0, 0);color:#ed1010\" class=\"has-inline-color\">30 septembre<\/mark><\/strong><\/strong><\/p>\n\n\n\n<p><a href=\"https:\/\/lundi.am\/le-bras-arme\"><strong>Liban<\/strong>&nbsp;: Le bras arm\u00e9<\/a>&nbsp;(Lundimatin)<\/p>\n\n\n\n<p><a href=\"https:\/\/www.rfi.fr\/fr\/moyen-orient\/20240929-liban-une-intervention-au-sol-qui-s-annonce-difficile-pour-l-arm%C3%A9e-isra%C3%A9lienne\"><strong>Liban<\/strong>&nbsp;: une intervention au sol qui s\u2019annonce difficile pour l\u2019arm\u00e9e isra\u00e9lienne<\/a>&nbsp;(RFI)<\/p>\n\n\n\n<p><a href=\"https:\/\/orientxxi.info\/magazine\/gaza-liban-une-guerre-occidentale,7649\"><strong>Gaza \u2013 Liban<\/strong>. Une guerre occidentale<\/a>&nbsp;(Orient XXI)<\/p>\n\n\n\n<p><a href=\"https:\/\/lvsl.fr\/ce-que-liran-aurait-pu-devenir-apres-la-chute-du-shah-entretien-avec-la-famille-du-president-bani-sadr\/\">\u00abCe que l\u2019<strong>Iran<\/strong>\u00a0aurait pu devenir apr\u00e8s la chute du Shah \u00bb \u2013 entretien avec la famille du pr\u00e9sident Bani Sadr<\/a>\u00a0(LVSL)<\/p>\n\n\n\n<p><strong><a href=\"https:\/\/www.youtube.com\/watch?v=cp3MelwgPAw&amp;ab_channel=Thinkerview\">Gaza Sous le Blocus : Est-ce une Question de S\u00e9curit\u00e9 ou de Punition ? Aymeric Caron<\/a> <\/strong>(Thinkerview)<\/p>\n\n\n\n<p><strong><a href=\"https:\/\/www.blast-info.fr\/emissions\/2024\/de-gaza-au-liban-lincomprehensible-impunite-disrael-v9hX6DPyS065b_SD-rQbnw\">De Gaza au Liban : l\u2019incompr\u00e9hensible impunit\u00e9 d\u2019Isra\u00ebl<\/a><\/strong>\u00a0(Blast)<\/p>\n\n\n\n<p><strong><strong><mark style=\"background-color:rgba(0, 0, 0, 0);color:#ed1010\" class=\"has-inline-color\">28 septembre<\/mark><\/strong><\/strong><\/p>\n\n\n\n<p><strong><a href=\"https:\/\/www.francetvinfo.fr\/monde\/proche-orient\/direct-guerre-au-proche-orient-israel-poursuit-ses-frappes-au-liban-et-affirme-avoir-tue-plusieurs-commandants-du-hezbollah_6806830.html\">Proche-Orient : l\u2019arm\u00e9e isra\u00e9lienne annonce une nouvelle frappe sur le fief du Hezbollah \u00e0 Beyrouth<\/a>&nbsp;<\/strong>(Le Direct de France Info)<\/p>\n\n\n\n<p><strong><a href=\"https:\/\/www.rfi.fr\/fr\/moyen-orient\/20240928-hassan-nasrallah-vie-et-mort-d-un-homme-pas-ordinaire\">Hassan Nasrallah, vie et mort d\u2019un homme pas ordinaire<\/a><\/strong>&nbsp;(RFI)<a href=\"https:\/\/www.rfi.fr\/fr\/moyen-orient\/20240928-mort-de-hassan-nasrallah-comment-isra%C3%ABl-a-%C3%A9limin%C3%A9-tous-les-chefs-du-hezbollah\"><\/a><\/p>\n\n\n\n<p><a href=\"https:\/\/www.rfi.fr\/fr\/moyen-orient\/20240928-mort-de-hassan-nasrallah-comment-isra%C3%ABl-a-%C3%A9limin%C3%A9-tous-les-chefs-du-hezbollah\">Mort de Hassan Nasrallah : comment Isra\u00ebl a \u00e9limin\u00e9 tous les chefs du Hezbollah<\/a>&nbsp;(RFI)<\/p>\n\n\n\n<p><strong>Analyse<\/strong><\/p>\n\n\n\n<p><strong><a href=\"https:\/\/blogs.mediapart.fr\/thierry-leclere\/blog\/270924\/je-nai-jamais-autant-ampute-qua-gaza-cest-absolument-apocalyptique\">Je n\u2019ai jamais autant amput\u00e9 qu\u2019\u00e0 Gaza, c\u2019est absolument apocalyptique<\/a><\/strong>&nbsp;(Blog de Thierry Lecl\u00e8re)<\/p>\n\n\n\n<p><a href=\"https:\/\/lanticapitaliste.org\/actualite\/international\/de-gaza-au-liban-la-guerre-coloniale-disrael-doit-cesser\">De Gaza au Liban, la guerre coloniale d\u2019Isra\u00ebl doit cesser<\/a>&nbsp;(L\u2019Anticapitaliste)<\/p>\n\n\n\n<p><strong><strong><mark style=\"background-color:rgba(0, 0, 0, 0);color:#ed1010\" class=\"has-inline-color\">27 septembre<\/mark><\/strong><\/strong><\/p>\n\n\n\n<p><a href=\"https:\/\/orientxxi.info\/dossiers-et-series\/pour-qualifier-ce-qui-se-passe-je-ne-trouve-que-gazacide,7643\"><strong>\u00ab Pour qualifier ce qui se passe, je ne trouve que \u00ab&nbsp;Gazacide&nbsp;\u00bb \u00bb<\/strong><\/a>&nbsp;(Orient XXI)<\/p>\n\n\n\n<p><a href=\"https:\/\/www.liberation.fr\/international\/moyen-orient\/en-direct-conflit-au-proche-orient-israel-promet-de-combattre-le-hezbollah-jusqua-la-victoire-une-dizaine-de-roquettes-tirees-depuis-le-liban-20240927_UMOW2IJV2RGCHEDBNMDE4S5LKA\/\">Proche-Orient&nbsp;:&nbsp;<strong>Isra\u00ebl&nbsp;<\/strong>m\u00e8ne un premier raid sur la&nbsp;<strong>Syrie<\/strong>&nbsp;depuis le d\u00e9but des bombardements<\/a>&nbsp;(Le direct de Lib\u00e9, acc\u00e8s libre)<\/p>\n\n\n\n<p><a href=\"https:\/\/link.newsletter.franceculture.fr\/m\/ml\/7429\/897872\/ZEH9S13vortTfHhguJ2B6zpmupHr9kHruIq3rjqpfEg=\/vTFKXjPBPWmddvyWWyL-EnnobFGhSxWWDLK30n7gIWQ=\/\"><strong>Isra\u00ebl \u2013 Liban : l\u2019impuissance des Nations unies au Proche-Orient<\/strong>&nbsp;<\/a>&nbsp;(France Culture)<\/p>\n\n\n\n<p><a href=\"https:\/\/www.rfi.fr\/fr\/podcasts\/invit%C3%A9-international\/20240926-frappes-isra%C3%A9liennes-au-liban-netanyahu-%C3%A9largit-la-guerre-r%C3%A9gionale-en-attendant-les-%C3%A9lections-am%C3%A9ricaines\"><strong>Liban<\/strong>&nbsp;: \u00ab<em>Netanyahu \u00e9largit la guerre r\u00e9gionale en attendant les \u00e9lections am\u00e9ricaines<\/em>\u00bb<\/a>&nbsp;(RFI)<\/p>\n\n\n\n<p><a href=\"https:\/\/www.oxfamfrance.org\/communiques-de-presse\/oxfam-lance-une-collecte-de-soutien-aux-personnes-deplacees-au-liban\/\">Oxfam lance une collecte de soutien aux personnes d\u00e9plac\u00e9es au&nbsp;<strong>Liban<\/strong><\/a>&nbsp;(Oxfam)<a href=\"https:\/\/www.rfi.fr\/fr\/moyen-orient\/20240926-en-direct-liban-france-et-%C3%A9tats-unis-appellent-%C3%A0-un-cessez-le-feu-imm%C3%A9diat-de-21-jours\"><\/a><\/p>\n\n\n\n<p><strong><a href=\"https:\/\/www.rfi.fr\/fr\/moyen-orient\/20240926-en-direct-liban-france-et-%C3%A9tats-unis-appellent-%C3%A0-un-cessez-le-feu-imm%C3%A9diat-de-21-jours\">Liban :&nbsp;<\/a><\/strong><a href=\"https:\/\/www.rfi.fr\/fr\/moyen-orient\/20240926-en-direct-liban-france-et-%C3%A9tats-unis-appellent-%C3%A0-un-cessez-le-feu-imm%C3%A9diat-de-21-jours\">Isra\u00ebl annonce avoir frapp\u00e9 75 objectifs militaires du Hezbollah dans la nuit<\/a>&nbsp;(RFI)<\/p>\n\n\n\n<p><a href=\"https:\/\/www.hrw.org\/fr\/news\/2024\/09\/25\/liban-les-frappes-israeliennes-ont-fait-des-centaines-de-morts-lors-dhostilites\"><strong>Liban<\/strong>&nbsp;: Les frappes isra\u00e9liennes ont fait des centaines de morts lors d\u2019hostilit\u00e9s croissantes&nbsp;<\/a>&nbsp;(HRW)<\/p>\n\n\n\n<p><strong><strong><mark style=\"background-color:rgba(0, 0, 0, 0);color:#ed1010\" class=\"has-inline-color\">25 septembre<\/mark><\/strong><\/strong><\/p>\n\n\n\n<p><strong><a href=\"https:\/\/www.off-investigation.fr\/en-off-avec-lumiisrael-la-france-arme-t-elle-un-genocide\/\">\u00ab En off \u00bb avec Lumi. Isra\u00ebl : la France arme-t-elle un g\u00e9nocide ?<\/a><\/strong> (Off Investigation)<\/p>\n\n\n\n<p><a href=\"https:\/\/orientxxi.info\/magazine\/attaques-israeliennes-au-liban-un-tremblement-de-terre-sous-mes-pieds,7634\"><strong>Attaques isra\u00e9liennes au Liban. \u00ab<em>Un tremblement de terre sous mes pieds<\/em>\u00bb <\/strong><\/a>&nbsp;(Orient XXI)<\/p>\n\n\n\n<p><a href=\"https:\/\/www.wsws.org\/fr\/articles\/2024\/09\/25\/zzhq-s25.html\"><strong>Isra\u00ebl<\/strong> \u00e9tend massivement la guerre au Moyen-Orient, tuant 550 personnes au Liban<\/a> (wsws)<\/p>\n\n\n\n<p><a href=\"https:\/\/www.lemonde.fr\/international\/live\/2024\/09\/25\/en-direct-guerre-au-proche-orient-l-armee-israelienne-lance-une-nouvelle-serie-d-attaques-contre-le-sud-du-liban-et-la-plaine-de-la-bekaa_6321740_3210.html\">Les frappes isra\u00e9liennes ont caus\u00e9 le d\u00e9placement de 90&nbsp;000 personnes au <strong>Liban<\/strong> depuis lundi, selon l\u2019ONU<\/a> (Le Live du Monde, acc\u00e8s libre)<\/p>\n\n\n\n<p><a href=\"https:\/\/consortiumnews.com\/fr\/2024\/09\/24\/Craig-Murray-Netanyahu-joue-au-poulet\/\">Netanyahou joue au poulet<\/a> (Consortium News)<\/p>\n\n\n\n<p><a href=\"https:\/\/www.pressenza.com\/fr\/2024\/09\/la-guerre-contre-gaza-cristallise-limage-disrael\/\">La guerre contre <strong>Gaza<\/strong> cristallise l\u2019image d\u2019Isra\u00ebl<\/a> (Pressenza)<\/p>\n\n\n\n<p><a href=\"https:\/\/lesakerfrancophone.fr\/la-guerre-contre-la-palestine-est-entree-dans-une-nouvelle-phase\">La guerre contre la <strong>Palestine<\/strong> est entr\u00e9e dans une nouvelle phase<\/a> (Le saker francophone)<\/p>\n\n\n\n<p><strong>Analyse<\/strong><\/p>\n\n\n\n<p><a href=\"https:\/\/www.politis.fr\/articles\/2024\/09\/regard-denis-sieffert-israel-le-pays-de-la-guerre-perpetuelle\/\">Isra\u00ebl, le pays de la guerre perp\u00e9tuelle<\/a> (Politis)<\/p>\n\n\n\n<p><a href=\"https:\/\/tlaxcala-int.blogspot.com\/2024\/09\/gideon-levy-la-grande-chance-disrael.html\">L<\/a><a href=\"https:\/\/tlaxcala-int.blogspot.com\/2024\/09\/gideon-levy-la-grande-chance-disrael.html\">a \u2018<em>grande chance<\/em>\u2019 d\u2019Isra\u00ebl : une autre guerre. <\/a><a href=\"https:\/\/tlaxcala-int.blogspot.com\/2024\/09\/gideon-levy-la-grande-chance-disrael.html\">La course \u00e0 l\u2019ab\u00eeme des sionihilistes<\/a> (Haaretz)<\/p>\n\n\n\n<p><strong><strong><mark style=\"background-color:rgba(0, 0, 0, 0);color:#ed1010\" class=\"has-inline-color\">24 septembre<\/mark><\/strong><\/strong><\/p>\n\n\n\n<p><a href=\"https:\/\/www.liberation.fr\/international\/moyen-orient\/en-direct-conflit-au-liban-nous-sommes-au-bord-dune-guerre-totale-selon-le-chef-de-la-diplomatie-europeenne-josep-borrell-20240924_BF37SMABH5D45JMPKAPUNOEDNE\/\">Isra\u00ebl-Hezbollah&nbsp;: l\u2019arm\u00e9e isra\u00e9lienne a men\u00e9 une nouvelle frappe sur Beyrouth<\/a> (Le \u2018direct\u2019 de Lib\u00e9ration, acc\u00e8s libre)<\/p>\n\n\n\n<p><a href=\"https:\/\/alencontre.org\/moyenorient\/israel\/israel-liban-lescalade-sur-le-front-nord.html\">Isra\u00ebl-Liban. L\u2019escalade sur le front nord <\/a>&nbsp;(A l\u2019Encontre)<\/p>\n\n\n\n<p><a href=\"https:\/\/orientxxi.info\/magazine\/a-jenine-choc-et-terreur-d-un-raid-israelien,7617\">Palestine. \u00c0 J\u00e9nine, choc et terreur d\u2019un raid isra\u00e9lien<\/a> (Orient XXI)<\/p>\n\n\n\n<p><a href=\"https:\/\/orientxxi.info\/magazine\/rencontre-avec-la-journaliste-palestinienne-d-israel-hanin-majadli,7627\">Rencontre avec la journaliste palestinienne d\u2019Isra\u00ebl Hanin Majadli<\/a> (Orient XXI)<\/p>\n\n\n\n<p><a href=\"https:\/\/lesjours.fr\/obsessions\/israel-hamas-palestine-guerre\/ep16-hezbollah-israel\/\">Isra\u00ebl et le Liban dans la spirale d\u2019une guerre totale<\/a> (Les Jours)<\/p>\n\n\n\n<p><a href=\"https:\/\/basta.media\/dans-les-medias-israeliens-les-souffrances-de-gaza-sont-a-peine-montrees-voire\"><strong>Dans les m\u00e9dias isra\u00e9liens, les souffrances de Gaza sont \u00e0 peine montr\u00e9es, voire jamais<\/strong><\/a> (Basta!)<\/p>\n\n\n\n<p><strong>Analyse<\/strong><\/p>\n\n\n\n<p><a href=\"http:\/\/theconversation.com\/a-weakened-hezbollah-is-being-goaded-into-all-out-conflict-with-israel-the-consequences-would-be-devastating-for-all-239469\">Un Hezbollah affaibli est pouss\u00e9 \u00e0 un conflit total avec Isra\u00ebl \u2013 les cons\u00e9quences seraient d\u00e9vastatrices pour tous<\/a> (The Conversation)<\/p>\n\n\n\n<p><strong><strong><mark style=\"background-color:rgba(0, 0, 0, 0);color:#ed1010\" class=\"has-inline-color\">22 septembre<\/mark><\/strong><\/strong><\/p>\n\n\n\n<p><a href=\"https:\/\/www.rfi.fr\/fr\/en-bref\/20240922-le-moyen-orient-est-au-bord-de-la-catastrophe-la-solution-n-est-pas-militaire-dit-l-onu\">Le Moyen-Orient est au bord de la \u00abcatastrophe\u00bb, la solution n\u2019est pas militaire, dit l\u2019ONU<\/a>&nbsp;(RFI)<\/p>\n\n\n\n<p><a href=\"https:\/\/www.rfi.fr\/fr\/moyen-orient\/20240922-en-isra%C3%ABl-les-manifestants-conspuent-toujours-netanyahu-le-liban-enterre-ses-morts-sur-fond-d-escalade\"><strong>En Isra\u00ebl, les manifestants conspuent toujours Netanyahu<\/strong><\/a>&nbsp;(RFI)<\/p>\n\n\n\n<p><a href=\"https:\/\/www.rfi.fr\/fr\/moyen-orient\/20240921-gaza-une-nouvelle-frappe-de-l-arm%C3%A9e-isra%C3%A9lienne-contre-une-%C3%A9cole-fait-au-moins-21-morts\">Gaza: une nouvelle frappe de l\u2019arm\u00e9e isra\u00e9lienne contre une \u00e9cole fait au moins 21 morts<\/a>&nbsp;(RFI)<\/p>\n\n\n\n<p><a href=\"https:\/\/www.boursorama.com\/videos\/actualites\/liban-israel-des-dizaines-de-milliers-de-civils-deplaces-de-part-et-d-autre-de-la-frontiere-f2f97607d365eafdb31fe0f49925f714\">Liban-Isra\u00ebl : \u00ab&nbsp;des dizaines de milliers de civils d\u00e9plac\u00e9s&nbsp;\u00bb de part et d\u2019autre de la fronti\u00e8re<\/a>&nbsp;(France 24)<\/p>\n\n\n\n<p><a href=\"https:\/\/www.boursorama.com\/videos\/actualites\/en-cisjordanie-des-soldats-israeliens-jettent-les-corps-de-palestiniens-dans-le-vide-6a0e5592ff16095570bc0a91b314ffdf\">En Cisjordanie, des soldats isra\u00e9liens jettent les corps de Palestiniens dans le vide<\/a>&nbsp;(France 24)<\/p>\n\n\n\n<p><a href=\"https:\/\/www.youtube.com\/watch?v=jhO3wl15N0g\"><strong>Explosion de bipeurs au Liban : Isra\u00ebl \u2018utilise des m\u00e9thodes terroristes<\/strong>\u2019<\/a>&nbsp;(Bertrand Badi\u00e9, Le M\u00e9dia)<\/p>\n\n\n\n<p><a href=\"https:\/\/www.contretemps.eu\/attentats-israel-liban-terrorisme\/\">Les attentats&nbsp;d\u2019Isra\u00ebl&nbsp;au&nbsp;Liban&nbsp;sont&nbsp;du&nbsp;terrorisme d\u2019\u00c9tat<\/a>&nbsp;(Contretemps)<\/p>\n\n\n\n<p><strong><strong><mark style=\"background-color:rgba(0, 0, 0, 0);color:#ed1010\" class=\"has-inline-color\">20 septembre<\/mark><\/strong><\/strong><\/p>\n\n\n\n<p><a href=\"https:\/\/www.boursorama.com\/videos\/actualites\/frappe-israelienne-sur-beyrouth-8-morts-dont-un-chef-du-hezbollah-78861680c9706caccd652322a8cabd90\">Frappe isra\u00e9lienne sur Beyrouth : 8 morts dont un chef du Hezbollah<\/a>&nbsp;(France 24)<\/p>\n\n\n\n<p><strong><a href=\"https:\/\/orientxxi.info\/dossiers-et-series\/7620,7620\">Gaza&nbsp;: \u2018<em>Cette ann\u00e9e, il n\u2019y aura pas de r\u00e9colte<\/em>\u2019<\/a>&nbsp;<\/strong>(Orient XXI)<\/p>\n\n\n\n<p><a href=\"https:\/\/www.humanite.fr\/monde\/hezbollah\/les-responsables-devront-rendre-des-comptes-lonu-denonce-la-serie-dexplosions-au-liban-le-conseil-de-securite-va-se-reunir-en-urgence\">Les responsables \u00abdevront rendre des comptes\u00bb : l\u2019ONU d\u00e9nonce la s\u00e9rie d\u2019explosions au&nbsp;<strong>Liban<\/strong>, le Conseil de s\u00e9curit\u00e9 va se r\u00e9unir en urgence<\/a>&nbsp;(L\u2019Humanit\u00e9)<\/p>\n\n\n\n<p><a href=\"https:\/\/www.humanite.fr\/monde\/israel\/guerre-a-gaza-lonu-exige-quisrael-cesse-loccupation-des-territoires-palestiniens\"><strong>Gaza<\/strong>&nbsp;: l\u2019ONU exige qu\u2019Isra\u00ebl cesse l\u2019occupation des territoires palestiniens<\/a>&nbsp;(L\u2019Humanit\u00e9)<\/p>\n\n\n\n<p><a href=\"https:\/\/www.blast-info.fr\/emissions\/2024\/gaza-lhistoire-retiendra-le-soutien-apporte-a-sa-destruction-vigkPgodQ92Squcnn-Mn3g\"><strong>Gaza<\/strong>&nbsp;: \u00ab&nbsp;<em>L\u2019histoire retiendra le soutien apport\u00e9 \u00e0 sa destruction<\/em>&nbsp;\u00bb<\/a>&nbsp;(Blast)<\/p>\n\n\n\n<p><a href=\"https:\/\/link.newsletter.franceculture.fr\/m\/ml\/7429\/896661\/CsT6LnkbdRfZwo1g2iW6EEBbOnNDRL2hn3YRWM9BNx4=\/-nFso9Ww6tYVmGihPKO0n9Pe4r5YJ4qxWuTx4MKuXss=\/\">Les Afghanes sous la loi des talibans<\/a>&nbsp;(France Culture)<\/p>\n\n\n\n<p><strong><strong><mark style=\"background-color:rgba(0, 0, 0, 0);color:#ed1010\" class=\"has-inline-color\">19 septembre<\/mark><\/strong><\/strong><\/p>\n\n\n\n<p><a href=\"https:\/\/www.les-crises.fr\/tortures-sexuelles-pratiquees-par-israel-le-scandaleux-silence-des-medias-mainstream\/\">Tortures sexuelles pratiqu\u00e9es par&nbsp;<strong>Isra\u00ebl<\/strong>&nbsp;: le scandaleux silence des m\u00e9dias mainstream<\/a>&nbsp;(Les Crises)<\/p>\n\n\n\n<p><a href=\"https:\/\/www.rfi.fr\/fr\/moyen-orient\/20240919-explosions-au-liban-le-hezbollah-admet-avoir-re%C3%A7u-un-coup-sans-pr%C3%A9c%C3%A9dent-et-promet-une-riposte-terrible\">Explosions au&nbsp;<strong>Liban<\/strong>&nbsp;: les appareils ont \u00e9t\u00e9 pi\u00e9g\u00e9s avant d\u2019entrer dans le pays, dit la mission libanaise \u00e0 l\u2019ONU<\/a>&nbsp;(RFI)<\/p>\n\n\n\n<p><a href=\"https:\/\/www.rfi.fr\/fr\/moyen-orient\/20240919-explosions-au-liban-le-hezbollah-admet-avoir-re%C3%A7u-un-coup-sans-pr%C3%A9c%C3%A9dent-et-promet-une-riposte-terrible\">Explosions au&nbsp;<strong>Liban<\/strong>&nbsp;: le Hezbollah admet avoir re\u00e7u \u00abun coup sans pr\u00e9c\u00e9dent\u00bb et promet une riposte \u00abterrible\u00bb<\/a>&nbsp;(RFI)<\/p>\n\n\n\n<p><strong><strong><mark style=\"background-color:rgba(0, 0, 0, 0);color:#ed1010\" class=\"has-inline-color\">18 septembre<\/mark><\/strong><\/strong><\/p>\n\n\n\n<p><a href=\"https:\/\/www.politis.fr\/api\/proxy\/?articleID=315262\">\u00c0&nbsp;<strong>Gaza<\/strong>, l\u2019effacement d\u2019un peuple, par tous les moyens<\/a>&nbsp;(Politis)<\/p>\n\n\n\n<p><a href=\"https:\/\/www.lemonde.fr\/international\/live\/2024\/09\/18\/en-direct-le-bilan-des-explosions-de-bipeurs-au-liban-est-passe-a-douze-morts_6321740_3210.html\">Nouvelle s\u00e9rie d\u2019explosions d\u2019appareils de communication au&nbsp;<strong>Liban<\/strong>, au moins neuf morts et 300&nbsp;bless\u00e9s<\/a>&nbsp;(Le Live du Monde)<\/p>\n\n\n\n<p><a href=\"https:\/\/www.hrw.org\/fr\/news\/2024\/09\/13\/les-entreprises-devraient-cesser-de-soutenir-les-colonies-israeliennes-illegales-en\">Les entreprises devraient cesser de soutenir les colonies isra\u00e9liennes ill\u00e9gales en Cisjordanie<\/a>&nbsp;(HRW)<\/p>\n\n\n\n<p><strong><strong><mark style=\"background-color:rgba(0, 0, 0, 0);color:#ed1010\" class=\"has-inline-color\">16 septembre<\/mark><\/strong><\/strong><\/p>\n\n\n\n<p><a href=\"https:\/\/www.humanite.fr\/monde\/fete-de-lhumanite-2024\/au-village-du-monde-la-planete-solidaire-de-la-palestine\">Au Village du monde de la f\u00eate de l&rsquo;Humanit\u00e9, la plan\u00e8te solidaire de la Palestine<\/a> (L\u2019Humanit\u00e9)<\/p>\n\n\n\n<p><strong><a href=\"https:\/\/www.rfi.fr\/fr\/moyen-orient\/20240916-selon-haaretz-l-arm%C3%A9e-isra%C3%A9lienne-recrute-des-demandeurs-d-asile-africains-pour-combattre-%C3%A0-gaza\">Selon Haaretz, l\u2019arm\u00e9e isra\u00e9lienne recrute des demandeur d\u2019asile africains pour combattre \u00e0 Gaza<\/a><\/strong> (RFI)<\/p>\n\n\n\n<p><strong><a href=\"https:\/\/theintercept.com\/2024\/09\/10\/polls-arms-embargo-israel-weapons-gaza\/\">La plupart des Am\u00e9ricains veulent arr\u00eater d\u2019armer Isra\u00ebl \u2013 les politiques s\u2019en moquent<\/a><\/strong> (The Intercept)<\/p>\n\n\n\n<p><a href=\"https:\/\/orientxxi.info\/magazine\/cour-internationale-de-justice-l-imperatif-du-retrait-israelien-des-territoires,7609\">Cour internationale de justice. L\u2019imp\u00e9ratif du retrait <strong>isra\u00e9lien<\/strong> des territoires occup\u00e9s<\/a> (Orient XXI)<\/p>\n\n\n\n<p><a href=\"https:\/\/lesakerfrancophone.fr\/un-genocide-au-premier-plan-et-une-guerre-mondiale-en-arriere-plan\">Un g\u00e9nocide au premier plan et une guerre mondiale en arri\u00e8re-plan<\/a> (Le Saker francophone)<\/p>\n\n\n\n<p><a href=\"https:\/\/www.liberation.fr\/international\/moyen-orient\/a-teheran-les-femmes-iraniennes-marchent-de-plus-en-plus-cheveux-au-vent-20240913_OTG5IJV6D5HCJI54SM3YDXSFO4\/\">Deux ans apr\u00e8s la mort de Mahsa Amini, \u00e0 <strong>T\u00e9h\u00e9ran<\/strong>, les femmes marchent de plus en plus cheveux au vent<\/a> (Lib\u00e9ration)<a href=\"https:\/\/www.rfi.fr\/fr\/en-bref\/20240916-le-pr%C3%A9sident-iranien-promet-d-emp%C3%AAcher-la-police-des-moeurs-de-d%C3%A9ranger-les-femmes\"><\/a><\/p>\n\n\n\n<p><a href=\"https:\/\/www.rfi.fr\/fr\/en-bref\/20240916-le-pr%C3%A9sident-iranien-promet-d-emp%C3%AAcher-la-police-des-moeurs-de-d%C3%A9ranger-les-femmes\">Le pr\u00e9sident <strong>iranien<\/strong> promet d\u2019emp\u00eacher la police des moeurs de \u00abd\u00e9ranger\u00bb les femmes<\/a> (RFI)<\/p>\n\n\n\n<p><strong><strong><mark style=\"background-color:rgba(0, 0, 0, 0);color:#ed1010\" class=\"has-inline-color\">15 septembre<\/mark><\/strong><\/strong><\/p>\n\n\n\n<p><a href=\"https:\/\/reflets.info\/articles\/les-membre-du-gouvernement-israelien-ont-perdu-leur-humanite\">Les membres du gouvernement <strong>isra\u00e9lien <\/strong>ont perdu leur humanit\u00e9<\/a>&nbsp;(Reflets.info)<\/p>\n\n\n\n<p><a href=\"https:\/\/reporterre.net\/Ma-maison-et-mes-champs-ont-disparu-la-desolation-en-Cisjordanie\">La pire offensive isra\u00e9lienne depuis vingt ans d\u00e9truit villages et champs en Cisjordanie<\/a>&nbsp;(Reporterre)<\/p>\n\n\n\n<p><strong><strong><mark style=\"background-color:rgba(0, 0, 0, 0);color:#ed1010\" class=\"has-inline-color\">13 septembre<\/mark><\/strong><\/strong><\/p>\n\n\n\n<p><a href=\"https:\/\/www.blast-info.fr\/emissions\/2024\/infirmiere-en-garde-a-vue-coupable-de-soutenir-la-palestine-pKtRHFoKQDe8M4ndV9r6og\"><strong>Infirmi\u00e8re fran\u00e7aise en garde \u00e0 vue : coupable de soutenir la Palestine<\/strong><\/a>&nbsp;(Blast)<\/p>\n\n\n\n<p><a href=\"https:\/\/www.rfi.fr\/fr\/moyen-orient\/20240912-l%C3%A9gislatives-en-jordanie-on-pouvait-s-attendre-%C3%A0-une-perc%C3%A9e-des-islamistes-mais-pas-de-cette-ampleur\">L\u00e9gislatives en&nbsp;<strong>Jordanie<\/strong>&nbsp;: \u00abOn pouvait s\u2019attendre \u00e0 une perc\u00e9e des islamistes, mais pas de cette ampleur\u00bb<\/a>&nbsp;(RFI)<\/p>\n\n\n\n<p><em><a href=\"https:\/\/www.monde-diplomatique.fr\/2024\/09\/BONZON\/67474\"><strong>Isra\u00ebl<\/strong>&nbsp;: \u2018Nous ne sommes pas trait\u00e9s comme des citoyens\u2019<\/a><\/em>&nbsp;(Le Monde diplomatique)<\/p>\n\n\n\n<p><a href=\"https:\/\/www.monde-diplomatique.fr\/2024\/09\/CYPEL\/67471\"><strong>La soci\u00e9t\u00e9 isra\u00e9lienne entre hubris et d\u00e9sespoir<\/strong><\/a>&nbsp; -Sylvain Cypel (Le Monde diplomatique)<\/p>\n\n\n\n<p><a href=\"https:\/\/orientxxi.info\/lu-vu-entendu\/fadwa-touqan-la-poesie-palestinienne-en-resistance,7603\" target=\"_blank\" rel=\"noreferrer noopener\">Fadwa Touqan. La po\u00e9sie palestinienne en r\u00e9sistance<\/a>&nbsp;(Orient XXI)<\/p>\n\n\n\n<p><strong><strong><mark style=\"background-color:rgba(0, 0, 0, 0);color:#ed1010\" class=\"has-inline-color\">12 septembre<\/mark><\/strong><\/strong><\/p>\n\n\n\n<p><strong><a href=\"https:\/\/www.francetvinfo.fr\/monde\/palestine\/gaza\/la-guerre-plonge-gaza-et-la-cisjordanie-dans-une-crise-economique-d-une-ampleur-stupefiante-s-alarme-l-onu_6777631.html\">La guerre plonge Gaza et la Cisjordanie dans une crise \u00e9conomique d\u2019une \u2018<em>ampleur stup\u00e9fiante<\/em>\u2019, s\u2019alarme l\u2019ONU<\/a>&nbsp;<\/strong>(France Info)<\/p>\n\n\n\n<p><a href=\"https:\/\/www.rfi.fr\/fr\/moyen-orient\/20240912-gaza-une-frappe-isra%C3%A9lienne-vise-%C3%A0-nouveau-une-%C3%A9cole-l-onu-d%C3%A9plore-la-perte-de-six-employ%C3%A9s\"><strong>Gaza<\/strong>&nbsp;: une frappe isra\u00e9lienne vise \u00e0 nouveau une \u00e9cole. L\u2019ONU d\u00e9plore la perte de 6 employ\u00e9s<\/a>&nbsp;(RFI)<\/p>\n\n\n\n<p><a href=\"https:\/\/www.rfi.fr\/fr\/moyen-orient\/20240911-un-convoi-de-l-onu-tenu-en-joue-par-l-arm%C3%A9e-isra%C3%A9lienne-%C3%A0-gaza-d%C3%A9nonce-un-porte-parole\">Un convoi de l\u2019ONU tenu en joue par l\u2019arm\u00e9e isra\u00e9lienne \u00e0&nbsp;<strong>Gaza<\/strong><\/a>&nbsp;(RFI)<\/p>\n\n\n\n<p><a href=\"https:\/\/alencontre.org\/moyenorient\/palestine\/israel-cisjordanie-aysenur-eygi-assassinee-loffensive-militaire-contre-la-population-de-la-cisjordanie-occupee.html\"><strong>Aysenur Eygi assassin\u00e9e. L\u2019offensive militaire contre la population de la Cisjordanie occup\u00e9e<\/strong><\/a>&nbsp;(A l\u2019Encontre)<\/p>\n\n\n\n<p><strong>Analyse<\/strong><\/p>\n\n\n\n<p><a href=\"https:\/\/www.wsws.org\/fr\/articles\/2024\/09\/08\/hrog-s08.html\"><strong>D\u00e9masquer le sionisme et s\u2019y opposer : une conversation avec Ilan Papp\u00e9<\/strong><\/a> (wsws)<\/p>\n\n\n\n<p><a href=\"https:\/\/www.monde-diplomatique.fr\/2024\/09\/GRESH\/67469\">Isra\u00ebl-Palestine, la guerre la plus longue<\/a>&nbsp; -Alain Gresh (Le Monde diplomatique)<\/p>\n\n\n\n<p><a href=\"https:\/\/www.pressenza.com\/fr\/2024\/09\/chevron-bp-exxonmobil-et-shell-vendent-le-carburant-du-genocide-a-gaza\/\"><strong>Chevron, BP, ExxonMobil et Shell vendent le carburant du g\u00e9nocide \u00e0 Gaza<\/strong><\/a>&nbsp;(Pressenza)<\/p>\n\n\n\n<p><strong><strong><mark style=\"background-color:rgba(0, 0, 0, 0);color:#ed1010\" class=\"has-inline-color\">10 septembre<\/mark><\/strong><\/strong><\/p>\n\n\n\n<p><a href=\"https:\/\/www.bondyblog.fr\/reportages\/drapeau-de-la-liberation-rentree-des-classes-pour-la-mobilisation-pro-palestinienne\/\">France : drapeau de la Lib\u00e9ration : rentr\u00e9e des classes pour la mobilisation pro-palestinienne<\/a>&nbsp;(Le Bondy Blog)<\/p>\n\n\n\n<p><strong><a href=\"https:\/\/www.francetvinfo.fr\/monde\/proche-orient\/israel-palestine\/bombardement-d-une-zone-humanitaire-a-gaza-medecins-du-monde-denonce-des-conditions-d-inhumanite-monstrueuse_6773839.html\">Bombardement d\u2019une zone humanitaire \u00e0 Gaza&nbsp;: M\u00e9decins du Monde d\u00e9nonce&nbsp;<em>des conditions d\u2019inhumanit\u00e9 monstrueuse<\/em><\/a><\/strong>&nbsp;(France Info)<a href=\"https:\/\/www.rfi.fr\/fr\/moyen-orient\/20240910-la-jordanie-se-rend-aux-urnes-pour-des-l%C3%A9gislatives-sur-fond-de-guerre-%C3%A0-gaza-et-de-crise-%C3%A9conomique\"><\/a><\/p>\n\n\n\n<p><a href=\"https:\/\/www.rfi.fr\/fr\/moyen-orient\/20240910-la-jordanie-se-rend-aux-urnes-pour-des-l%C3%A9gislatives-sur-fond-de-guerre-%C3%A0-gaza-et-de-crise-%C3%A9conomique\">La&nbsp;<strong>Jordanie<\/strong>&nbsp;se rend aux urnes pour des l\u00e9gislatives sur fond de guerre \u00e0 Gaza et de crise \u00e9conomique<\/a>&nbsp;(RFI)<a href=\"https:\/\/www.rfi.fr\/fr\/moyen-orient\/20240910-isra%C3%ABl-l-onu-s-inqui%C3%A8te-sur-des-cas-de-torture-sexualis%C3%A9e-des-prisonniers-palestiniens\"><\/a><\/p>\n\n\n\n<p><strong><a href=\"https:\/\/www.rfi.fr\/fr\/moyen-orient\/20240910-isra%C3%ABl-l-onu-s-inqui%C3%A8te-sur-des-cas-de-torture-sexualis%C3%A9e-des-prisonniers-palestiniens\">Isra\u00ebl : l\u2019ONU s\u2019inqui\u00e8te sur des cas de \u00ab<em>torture sexualis\u00e9e<\/em>\u00bb des prisonniers palestiniens<\/a><\/strong>&nbsp;(RFI)<\/p>\n\n\n\n<p><a href=\"https:\/\/www.humanite.fr\/monde\/guerre-israel-hamas\/gaza-netanyahou-nacceptera-pas-un-accord-si-cela-met-fin-a-la-guerre\"><strong>Gaza<\/strong>&nbsp;: \u00ab<em>Netanyahou n\u2019acceptera pas un accord si cela met fin \u00e0 la guerre\u00bb<\/em><\/a>&nbsp;(L\u2019Humanit\u00e9)<\/p>\n\n\n\n<p><a href=\"https:\/\/www.monde-diplomatique.fr\/2024\/09\/ROBERT\/67477\">La justice internationale accable Tel-Aviv<\/a>&nbsp;(Le Monde diplomatique)<\/p>\n\n\n\n<p><strong><strong><mark style=\"background-color:rgba(0, 0, 0, 0);color:#ed1010\" class=\"has-inline-color\">9 septembre<\/mark><\/strong><\/strong><\/p>\n\n\n\n<p><a href=\"https:\/\/www.rfi.fr\/fr\/moyen-orient\/20240909-syrie-des-raids-isra%C3%A9liens-visant-des-sites-militaires-font-plusieurs-morts-et-bless%C3%A9s\"><strong>Syrie<\/strong>&nbsp;: des raids isra\u00e9liens visant des sites militaires font plusieurs morts et bless\u00e9s<\/a>&nbsp;(RFI)<\/p>\n\n\n\n<p><a href=\"https:\/\/alencontre.org\/moyenorient\/palestine\/cisjordanie-palestine-les-colons-ont-detruit-leur-village-en-cisjordanie-israel-leur-interdit-de-le-reconstruire.html\"><strong>Palestine.&nbsp;<\/strong>\u00abLes colons ont d\u00e9truit leur village en Cisjordanie. Isra\u00ebl leur interdit de le reconstruire\u00bb<\/a>&nbsp;(A l\u2019Encontre)<\/p>\n\n\n\n<p><strong><a href=\"https:\/\/www.972mag.com\/silwan-home-demolitions-war-2024\/\">Israel is demolishing home after home in Silwan (Jerusalem)<\/a><\/strong>&nbsp;(972 mag)<a href=\"https:\/\/www.rfi.fr\/fr\/moyen-orient\/20240908-le-niveau-de-violence-est-inou%C3%AF-en-cisjordanie-occup%C3%A9e-la-ville-de-j%C3%A9nine-en-ruines-apr%C3%A8s-l-offensive-isra%C3%A9lienne\"><\/a><\/p>\n\n\n\n<p><a href=\"https:\/\/www.rfi.fr\/fr\/moyen-orient\/20240908-le-niveau-de-violence-est-inou%C3%AF-en-cisjordanie-occup%C3%A9e-la-ville-de-j%C3%A9nine-en-ruines-apr%C3%A8s-l-offensive-isra%C3%A9lienne\">\u00ab<em>Le niveau de violence est inou\u00ef<\/em>\u00bb : en&nbsp;<strong>Cisjordanie<\/strong>&nbsp;occup\u00e9e, la ville de J\u00e9nine en ruines apr\u00e8s l\u2019offensive isra\u00e9lienne<\/a>&nbsp;(RFI)<\/p>\n\n\n\n<p><a href=\"https:\/\/www.rfi.fr\/fr\/moyen-orient\/20240907-netanyahu-est-l-homme-de-la-mort-la-col%C3%A8re-des-familles-d-otages-%C3%A0-gaza-s-expriment-%C3%A0-nouveau-en-isra%C3%ABl\"><em>\u00abNetanyahu est l\u2019homme de la mort<\/em>\u00bb: la col\u00e8re des familles d\u2019otages \u00e0&nbsp;<strong>Gaza<\/strong>&nbsp;s\u2019expriment \u00e0 nouveau en&nbsp;<strong>Isra\u00ebl<\/strong><\/a>&nbsp;(RFI)<\/p>\n\n\n\n<p><a href=\"https:\/\/consortiumnews.com\/fr\/2024\/09\/04\/Avertissement-de-violences-g%C3%A9nocidaires-en-Cisjordanie\/\">Avertissement concernant une \u00abviolence g\u00e9nocidaire\u00bb en&nbsp;<strong>Cisjordanie<\/strong><\/a>&nbsp;(Consortium News)<\/p>\n\n\n\n<p><a href=\"https:\/\/www.mediapart.fr\/journal\/international\/080924\/les-entreprises-francaises-liees-l-economie-israelienne-entre-retrait-et-effacement\">Les entreprises fran\u00e7aises li\u00e9es \u00e0 l\u2019\u00e9conomie isra\u00e9lienne entre retrait et effacement<\/a> (M\u00e9diapart)<\/p>\n\n\n\n<p><strong>Analyse<\/strong><\/p>\n\n\n\n<p><a href=\"https:\/\/www.mediapart.fr\/journal\/dossier\/international\/l-aneantissement-de-la-bande-de-gaza\">Notre s\u00e9rie&nbsp;: l\u2019an\u00e9antissement de la bande de&nbsp;<strong>Gaza<\/strong><\/a>&nbsp;(4 \u00e9pisodes de M\u00e9diapart)<\/p>\n\n\n\n<p><a href=\"https:\/\/lundi.am\/Zerrouky-Madjid-Mas-Liselotte-A-Gaza-les-cimetieres-ne-sont-pas-epargnes-Le\">Intifada \u00e9tudiante de mai 2024<\/a>. Chronique d\u2019une occupation \u00e0 Bruxelles (Lundimatin)<\/p>\n\n\n\n<p><strong><strong><mark style=\"background-color:rgba(0, 0, 0, 0);color:#ed1010\" class=\"has-inline-color\">7 septembre<\/mark><\/strong><\/strong><\/p>\n\n\n\n<p><a href=\"https:\/\/www.cgt.fr\/agenda\/appel-du-cnpjdpi-manifester-les-7-et-8-septembre-partout-en-france-en-soutien-au-peuple-palestinien\"><strong>Appel \u00e0 manifester les 7 et 8 septembre en soutien au peuple palestinien<\/strong><\/a>&nbsp;(Collectif, sur le site de la CGT)<\/p>\n\n\n\n<p><strong><a href=\"https:\/\/www.rfi.fr\/fr\/moyen-orient\/20240907-onze-mois-de-guerre-%C3%A0-gaza-c-est-comme-si-on-n-%C3%A9tait-pas-des-%C3%AAtres-humains-raconte-la-gazaouie-asma\">Onze mois de guerre \u00e0 Gaza : c\u2019est comme si \u00ab<em>on n\u2019\u00e9tait pas des \u00eatres humains<\/em>\u00bb, raconte la Gazaouie Asma<\/a><\/strong>&nbsp;(RFI)<\/p>\n\n\n\n<p><a href=\"https:\/\/rebellyon.info\/Communique-Manifestation-pour-la-26198\">Communiqu\u00e9 Manifestation pour la Palestine Samedi 7&nbsp;septembre \u00e0 15h Place Bellecour \u2013 Lyon&nbsp;<\/a>(Rebellyon)<\/p>\n\n\n\n<p><strong><strong><mark style=\"background-color:rgba(0, 0, 0, 0);color:#ed1010\" class=\"has-inline-color\">6 septembre<\/mark><\/strong><\/strong><\/p>\n\n\n\n<p><a href=\"https:\/\/www.tsa-algerie.com\/france-imane-maarifi-une-infirmiere-temoin-de-lenfer-de-gaza-arretee\/\">France : Imane Maarifi, une infirmi\u00e8re t\u00e9moin de l\u2019enfer de Gaza, arr\u00eat\u00e9e<\/a>&nbsp;(TSA)<\/p>\n\n\n\n<p><strong><a href=\"https:\/\/fr.africanews.com\/2024\/09\/06\/no-comment-loffensive-israelienne-en-cisjordanie-cible-le-camp-de-jenine\/\">No Comment : l\u2019offensive isra\u00e9lienne en Cisjordanie occup\u00e9e cible le camp de J\u00e9nine<\/a><\/strong>&nbsp;(Africanews, vid\u00e9o)<\/p>\n\n\n\n<p><a href=\"https:\/\/www.francetvinfo.fr\/monde\/proche-orient\/israel-palestine\/direct-guerre-entre-israel-et-le-hamas-un-raid-israelien-en-cisjordanie-occupee-a-fait-cinq-morts-selon-le-croissant-rouge-palestinien_6764137.html\">Un raid isra\u00e9lien en&nbsp;<strong>Cisjordanie<\/strong>&nbsp;occup\u00e9e a fait cinq morts, selon le Croissant-Rouge palestinien<\/a>&nbsp;(France TV Info)<\/p>\n\n\n\n<p><a href=\"https:\/\/www.ldh-france.org\/palestine-imposons-le-cessez-le-feu-sanctions-contre-israel\/\"><strong>Palestine<\/strong>&nbsp;: imposons le cessez-le-feu, sanctions contre Isra\u00ebl<\/a>&nbsp;(LDH et Collectif)<\/p>\n\n\n\n<p><a href=\"https:\/\/www.lemonde.fr\/international\/article\/2024\/09\/04\/greta-thunberg-arretee-a-copenhague-lors-d-une-manifestation-pour-le-boycott-des-universites-israeliennes_6303845_3210.html\">Greta Thunberg arr\u00eat\u00e9e \u00e0 Copenhague lors d\u2019une manifestation pour le boycott des universit\u00e9s isra\u00e9liennes<\/a> (Le Monde)<\/p>\n\n\n\n<p><strong><strong><mark style=\"background-color:rgba(0, 0, 0, 0);color:#ed1010\" class=\"has-inline-color\">4 septembre<\/mark><\/strong><\/strong><\/p>\n\n\n\n<p><a href=\"https:\/\/www.politis.fr\/api\/proxy\/?articleID=312128\"><strong>Isra\u00ebl<\/strong> : port\u00e9e et limites d\u2019une mobilisation<\/a> (Politis)<\/p>\n\n\n\n<p><a href=\"https:\/\/europalestine.com\/2024\/09\/03\/cisjordanie-israel-revendique-son-annexion\/\"><strong>Cisjordanie<\/strong> : Isra\u00ebl revendique son annexion<\/a> (Europalestine)<\/p>\n\n\n\n<p><a href=\"https:\/\/www.youtube.com\/watch?v=7kOTegHPi44\"><strong>Isra\u00ebl \u2013 Palestine<\/strong> \u2013 Solidarit\u00e9 et r\u00e9sistances contre le g\u00e9nocide en Palestine<\/a>&nbsp;(NPA)<\/p>\n\n\n\n<p><a href=\"https:\/\/www.mediapart.fr\/journal\/international\/030924\/le-royaume-uni-suspend-en-partie-l-exportation-d-armes-vers-israel\">Le <strong>Royaume-Uni<\/strong>&nbsp;suspend en partie l\u2019exportation d\u2019armes vers Isra\u00ebl <\/a>&nbsp;(M\u00e9diapart)<\/p>\n\n\n\n<p><strong><a href=\"https:\/\/www.mediapart.fr\/journal\/international\/030924\/opacite-sur-les-millions-d-euros-d-armes-francaises-livrees-israel\">Le gouvernement fran\u00e7ais entretient l\u2019opacit\u00e9 sur les millions \u20ac d\u2019armes livr\u00e9es \u00e0 Isra\u00ebl<\/a> <\/strong>(M\u00e9diapart)<\/p>\n\n\n\n<p><a href=\"https:\/\/www.liberation.fr\/international\/moyen-orient\/israel-nous-esperons-que-le-gouvernement-a-deploye-autant-defforts-pour-ramener-les-otages-que-pour-mettre-fin-a-la-greve-20240903_WNCCQFHOXVFYPHL344NL75XSGY\/\"><strong>Isra\u00ebl<\/strong>&nbsp;: <em>Nous esp\u00e9rons que le gouvernement a d\u00e9ploy\u00e9 autant d\u2019efforts pour ramener les otages que pour mettre fin \u00e0 la gr\u00e8ve<\/em><\/a>&nbsp; (Lib\u00e9ration)<\/p>\n\n\n\n<p><strong><strong><mark style=\"background-color:rgba(0, 0, 0, 0);color:#ed1010\" class=\"has-inline-color\">2 septembre<\/mark><\/strong><\/strong><\/p>\n\n\n\n<p><strong><a href=\"https:\/\/www.lemonde.fr\/international\/article\/2024\/09\/02\/israel-une-greve-generale-pour-exiger-un-accord-pour-la-liberation-des-otages_6301680_3210.html\">Appel \u00e0 la gr\u00e8ve g\u00e9n\u00e9rale en Isra\u00ebl pour forcer le gouvernement de N\u00e9tanyahou \u00e0 conclure un cessez-le-feu \u00e0 Gaza et lib\u00e9rer les otages<\/a><\/strong> (Le Monde)<a href=\"https:\/\/www.francetvinfo.fr\/monde\/proche-orient\/israel-palestine\/direct-guerre-entre-israel-et-le-hamas-les-israeliens-appeles-a-la-greve-generale-pour-exiger-un-accord-sur-les-otages_6758440.html\"><\/a><\/p>\n\n\n\n<p><a href=\"https:\/\/www.francetvinfo.fr\/monde\/proche-orient\/israel-palestine\/direct-guerre-entre-israel-et-le-hamas-les-israeliens-appeles-a-la-greve-generale-pour-exiger-un-accord-sur-les-otages_6758440.html\">Guerre entre Isra\u00ebl et le Hamas : les Isra\u00e9liens appel\u00e9s \u00e0 la gr\u00e8ve g\u00e9n\u00e9rale pour exiger un accord sur les otages<\/a> (Le direct de France Info)<\/p>\n\n\n\n<p><strong><a href=\"https:\/\/www.rfi.fr\/fr\/moyen-orient\/20240901-isra%C3%ABl-gaza-colere-familles-otages-d%C3%A9couverte-corps-de-six-captifs-du-7-octobre\">Isra\u00ebl : <\/a><\/strong><a href=\"https:\/\/www.rfi.fr\/fr\/moyen-orient\/20240901-isra%C3%ABl-gaza-colere-familles-otages-d%C3%A9couverte-corps-de-six-captifs-du-7-octobre\">les syndicats d\u00e9cr\u00e8tent une gr\u00e8ve g\u00e9n\u00e9rale lundi pour \u2018<em>faire cesser l\u2019abandon des otages<\/em>\u2019 par le gouvernement<\/a> (RFI)<\/p>\n\n\n\n<p><a href=\"https:\/\/www.rfi.fr\/fr\/moyen-orient\/20240830-op%C3%A9ration-isra%C3%A9lienne-en-cisjordanie-apr%C3%A8s-le-passage-des-blind%C3%A9s-j%C3%A9nine-devient-un-champ-de-ruines\"><strong>Cisjordanie<\/strong> : <strong>apr\u00e8s le passage des blind\u00e9s, J\u00e9nine devient un champ de ruines<\/strong><\/a> (RFI)<\/p>\n\n\n\n<p><a href=\"https:\/\/www.boursorama.com\/actualite-economique\/actualites\/les-bombardements-israeliens-font-des-dizaines-de-morts-a-gaza-e6260c7524c12edebd63d78d054ec290\">Les bombardements isra\u00e9liens font des dizaines de morts \u00e0 Gaza<\/a> (Reuters)<\/p>\n\n\n\n<p><a href=\"https:\/\/www.francetvinfo.fr\/monde\/proche-orient\/liban\/reportage-la-frappe-est-tombee-au-milieu-de-la-clinique-au-liban-les-paramedicaux-victimes-indirectes-des-combats-entre-le-hezbollah-et-israel_6755548.html\">\u00ab&nbsp;La frappe est tomb\u00e9e au milieu de la clinique&nbsp;\u00bb : au <strong>Liban<\/strong>, les&nbsp;param\u00e9dicaux victimes des combats entre le Hezbollah et Isra\u00ebl<\/a> (France Info)<\/p>\n\n\n\n<p><\/p>\n","protected":false},"excerpt":{"rendered":"<p>30 septembre Liban&nbsp;: Le bras arm\u00e9&nbsp;(Lundimatin) Liban&nbsp;: une intervention au sol qui s\u2019annonce difficile pour l\u2019arm\u00e9e isra\u00e9lienne&nbsp;(RFI) Gaza \u2013 Liban. Une guerre occidentale&nbsp;(Orient XXI) \u00abCe que l\u2019Iran\u00a0aurait pu devenir apr\u00e8s la chute du Shah \u00bb \u2013 entretien avec la famille du pr\u00e9sident Bani Sadr\u00a0(LVSL) Gaza Sous le Blocus : Est-ce une Question de S\u00e9curit\u00e9 ou &#8230; <a title=\"Septembre &#8211; Proche &amp; Moyen-Orient\" class=\"read-more\" href=\"https:\/\/www.rdpemancipation.org\/?p=131993\" aria-label=\"En savoir plus sur Septembre &#8211; Proche &amp; Moyen-Orient\">Lire la suite<\/a><\/p>\n","protected":false},"author":1,"featured_media":0,"comment_status":"closed","ping_status":"closed","sticky":false,"template":"","format":"standard","meta":{"_lmt_disableupdate":"","_lmt_disable":"","_jetpack_memberships_contains_paid_content":false,"footnotes":""},"categories":[18],"tags":[],"class_list":["post-131993","post","type-post","status-publish","format-standard","hentry","category-proche-moyen-orient"],"modified_by":"nch","jetpack_featured_media_url":"","jetpack_sharing_enabled":true,"_links":{"self":[{"href":"https:\/\/www.rdpemancipation.org\/index.php?rest_route=\/wp\/v2\/posts\/131993","targetHints":{"allow":["GET"]}}],"collection":[{"href":"https:\/\/www.rdpemancipation.org\/index.php?rest_route=\/wp\/v2\/posts"}],"about":[{"href":"https:\/\/www.rdpemancipation.org\/index.php?rest_route=\/wp\/v2\/types\/post"}],"author":[{"embeddable":true,"href":"https:\/\/www.rdpemancipation.org\/index.php?rest_route=\/wp\/v2\/users\/1"}],"replies":[{"embeddable":true,"href":"https:\/\/www.rdpemancipation.org\/index.php?rest_route=%2Fwp%2Fv2%2Fcomments&post=131993"}],"version-history":[{"count":20,"href":"https:\/\/www.rdpemancipation.org\/index.php?rest_route=\/wp\/v2\/posts\/131993\/revisions"}],"predecessor-version":[{"id":132879,"href":"https:\/\/www.rdpemancipation.org\/index.php?rest_route=\/wp\/v2\/posts\/131993\/revisions\/132879"}],"wp:attachment":[{"href":"https:\/\/www.rdpemancipation.org\/index.php?rest_route=%2Fwp%2Fv2%2Fmedia&parent=131993"}],"wp:term":[{"taxonomy":"category","embeddable":true,"href":"https:\/\/www.rdpemancipation.org\/index.php?rest_route=%2Fwp%2Fv2%2Fcategories&post=131993"},{"taxonomy":"post_tag","embeddable":true,"href":"https:\/\/www.rdpemancipation.org\/index.php?rest_route=%2Fwp%2Fv2%2Ftags&post=131993"}],"curies":[{"name":"wp","href":"https:\/\/api.w.org\/{rel}","templated":true}]}}