{"id":131261,"date":"2024-08-01T00:01:03","date_gmt":"2024-07-31T22:01:03","guid":{"rendered":"https:\/\/www.rdpemancipation.org\/?p=131261"},"modified":"2024-08-31T10:54:22","modified_gmt":"2024-08-31T08:54:22","slug":"aout-social-4","status":"publish","type":"post","link":"https:\/\/www.rdpemancipation.org\/?p=131261","title":{"rendered":"Ao\u00fbt &#8211; Social"},"content":{"rendered":"\n<p class=\"has-text-color has-link-color wp-elements-eacad9d0c2ef50409afc3a0e7d544a76\" style=\"color:#f60808\"><strong>31 ao\u00fbt<\/strong><\/p>\n\n\n\n<p><a href=\"https:\/\/aplutsoc.org\/2024\/08\/30\/syndicats-de-lurgence-dappeler-a-manifester-le-7-septembre-contre-le-coup-de-force-de-macron\/\">Syndicats&nbsp;: de l\u2019urgence d\u2019appeler \u00e0 manifester le 7 septembre contre le coup de force de&nbsp;Macron.<\/a> (Arguments pour la lutte sociale)<\/p>\n\n\n\n<p><strong><a href=\"https:\/\/bellaciao.org\/Face-au-coup-de-force-de-Macron-mobilisation\">Face au coup de force de Macron\u00a0: mobilisation\u00a0!<\/a> (Bellaciao)<\/strong><\/p>\n\n\n\n<p><a href=\"https:\/\/lepoing.net\/montpellier-le-tribunal-administratif-confirme-linterdiction-des-manifestations-pro-palestine-des-militants-verbalises\/\">Montpellier : le tribunal administratif confirme l\u2019interdiction des manifestations pro-Palestine, des militants verbalis\u00e9s<\/a> (Le Poing)<\/p>\n\n\n\n<p><a href=\"https:\/\/reporterre.net\/Expulsion-extremement-violente-de-la-zad-contre-l-A69\">Expulsion \u00ab&nbsp;extr\u00eamement violente&nbsp;\u00bb de la zad contre l\u2019A69<\/a> (Reporterre)<\/p>\n\n\n\n<p><strong><a href=\"https:\/\/www.estrepublicain.fr\/economie\/2024\/08\/30\/fermeture-de-bonduelle-saint-mihiel-les-gens-sont-hyperchoques\">Fermeture de Bonduelle Saint-Mihiel\u00a0: \u00ab\u00a0Les gens sont hyper choqu\u00e9s\u00a0\u00bb<\/a> (L\u2019Est R\u00e9publicain)<\/strong><\/p>\n\n\n\n<p><strong>Gr\u00e8ves<\/strong><\/p>\n\n\n\n<p><a href=\"https:\/\/www.rue89strasbourg.com\/usine-dumarey-powerglide-311430\">\u00ab&nbsp;Je sais qu\u2019on est d\u00e9j\u00e0 mort&nbsp;\u00bb&nbsp;:&nbsp;col\u00e8re et d\u00e9pit chez les ouvriers de Dumarey Powerglide<\/a> (Rue 89)<\/p>\n\n\n\n<p><a href=\"https:\/\/caen.maville.com\/actu\/actudet_-les-chauffeurs-de-bus-nomad-en-greve-le-9-septembre-dans-le-calvados-_fil-6438749_actu.Htm\">Les chauffeurs de bus Nomad en gr\u00e8ve le 9&nbsp;septembre dans le Calvados<\/a>&nbsp; (Ouest-France)<\/p>\n\n\n\n<p><a href=\"https:\/\/www.francebleu.fr\/infos\/transports\/clermont-ferrand-des-perturbations-pour-la-rentree-dans-les-transports-en-commun-2037483\">Clermont-Ferrand : des perturbations pour la rentr\u00e9e dans les transports en commun<\/a> (ici)<\/p>\n\n\n\n<p><strong>Monde<\/strong><\/p>\n\n\n\n<p><a href=\"https:\/\/www.wsws.org\/fr\/articles\/2024\/08\/30\/bgjv-a30.html\">Un piquet de gr\u00e8ve des travailleurs de Dakkota \u00e0 l\u2019usine d\u2019assemblage Ford de <strong>Chicago<\/strong> exige que les pi\u00e8ces venant de briseurs de gr\u00e8ve soient interdites<\/a> (WSWS)<\/p>\n\n\n\n<p><a href=\"https:\/\/www.lalibre.be\/dernieres-depeches\/2024\/08\/30\/les-agents-frontaliers-en-greve-a-laeroport-londonien-de-heathrow-a-partir-de-samedi-YJC2LHBERNE5DKTN6MCT2HQ62Y\/\">Les agents frontaliers en gr\u00e8ve \u00e0 l&rsquo;a\u00e9roport <strong>londonien<\/strong> de Heathrow \u00e0 partir de samedi<\/a> (La Libre)<\/p>\n\n\n\n<p><a href=\"https:\/\/www.ledevoir.com\/economie\/819041\/deuxieme-greve-24-heures-22-hotels-montreal-quebec-sherbooke\">Deuxi\u00e8me gr\u00e8ve de 24\u00a0heures dans 22 h\u00f4tels de <strong>Montr\u00e9al<\/strong>, Qu\u00e9bec et Sherbooke<\/a> (Le Devoir)<\/p>\n\n\n\n<p><strong><a href=\"https:\/\/fr.investing.com\/news\/stock-market-news\/les-travailleurs-damazon-se-joignent-aux-greves-des-teamsters-dans-plusieurs-etats-93CH-2546043\">Etats-Unis : Les travailleurs d&rsquo;Amazon se joignent aux gr\u00e8ves des Teamsters dans plusieurs \u00c9tats<\/a> (Investing)<\/strong><\/p>\n\n\n\n<p><strong>Analyse<\/strong><\/p>\n\n\n\n<p><strong><a href=\"https:\/\/www.humanite.fr\/social-et-economie\/assurance-chomage\/plus-de-50-des-annonces-demploi-sur-le-site-france-travail-sont-bidon-alerte-la-cgt-chomeurs\">Plus de 50\u00a0% des annonces d\u2019emploi sur le site France Travail sont bidon, alerte la CGT ch\u00f4meurs<\/a> (l\u2019Humanit\u00e9)<\/strong><\/p>\n\n\n\n<p><a href=\"https:\/\/www.blast-info.fr\/articles\/2024\/pour-une-rentree-situationniste-autogestion-gilets-jaunes-et-localisme-FhYRFyHyT4e28__yPx-FMg\">Pour une rentr\u00e9e situationniste : autogestion, gilets jaunes et localisme<\/a> (Blast)<\/p>\n\n\n\n<p><strong><a href=\"https:\/\/www.equaltimes.org\/en-bolivie-vingt-ans-de-lutte\">En Bolivie, vingt ans de lutte contre le mal silencieux de la maladie de Chagas<\/a> (Equal Times)<\/strong><\/p>\n\n\n\n<p class=\"has-text-color has-link-color wp-elements-9095a743c0ce09a7c478bcb8a26eb747\" style=\"color:#f70606\"><strong>29 ao\u00fbt<\/strong><\/p>\n\n\n\n<p><a href=\"https:\/\/lepoing.net\/education-a-montpellier-force-ouvriere-mobilise-pour-le-recrutement-denseignants-dans-le-premier-degre\/\">Montpellier, Force Ouvri\u00e8re mobilis\u00e9 pour le recrutement d\u2019enseignants dans le premier degr\u00e9<\/a> (Le Poing)<\/p>\n\n\n\n<p><strong><a href=\"https:\/\/www.humanite.fr\/social-et-economie\/abrogation-loi-retraites\/la-cgt-appelle-a-une-riposte-sociale-le-1er-octobre-une-date-qui-na-pas-ete-choisie-au-hasard\">La CGT appelle \u00e0 une \u00ab&nbsp;riposte sociale&nbsp;\u00bb le 1er&nbsp;octobre, une date qui n&rsquo;a pas \u00e9t\u00e9 choisie au hasard<\/a> (l\u2019Humanit\u00e9)<\/strong><\/p>\n\n\n\n<p><a href=\"https:\/\/www.humanite.fr\/social-et-economie\/droit-de-greve\/a-marseille-15-femmes-de-chambre-en-greve-a-lhotel-radisson-convoquees-au-commissariat-pour-faits-de-violences\">\u00c0 Marseille, 15 femmes de chambre en gr\u00e8ve \u00e0 l\u2019h\u00f4tel Radisson convoqu\u00e9es au commissariat pour faits de \u00ab&nbsp;violences&nbsp;\u00bb<\/a>(l\u2019Humanit\u00e9)<\/p>\n\n\n\n<p><strong><a href=\"https:\/\/rapportsdeforce.fr\/pas-de-cote\/lutte-contre-la69-pour-les-zadistes-la-bataille-reprend-de-plus-belle-082821786\">Lutte contre l\u2019A69 : pour les zadistes, la bataille reprend de plus belle<\/a> (Rapports de force)<\/strong><\/p>\n\n\n\n<p><strong>Gr\u00e8ves<\/strong><\/p>\n\n\n\n<p><a href=\"https:\/\/www.ouest-france.fr\/pays-de-la-loire\/saint-nazaire-44600\/a-saint-nazaire-vers-une-greve-des-transports-de-la-stran-le-jour-de-la-rentree-c2c422ae-6542-11ef-9eb6-0615c3e175fc\">\u00c0 Saint-Nazaire, vers une gr\u00e8ve des transports de la Stran le jour de la rentr\u00e9e<\/a> (Ouest-France)<\/p>\n\n\n\n<p><a href=\"https:\/\/www.tahiti-infos.com\/Greve-Les-negociations-vont-se-poursuivre-a-la-Brapac_a225758.html\">Gr\u00e8ve : Les n\u00e9gociations vont se poursuivre \u00e0 la Brapac<\/a> (Tahiti Infos)<\/p>\n\n\n\n<p><a href=\"https:\/\/www.bienpublic.com\/faits-divers-justice\/2024\/08\/28\/protection-judiciaire-de-la-jeunesse-nouvelle-greve-ce-jeudi\">Protection judiciaire de la jeunesse&nbsp;: nouvelle gr\u00e8ve ce jeudi<\/a> (Bien Public)<\/p>\n\n\n\n<p><a href=\"https:\/\/www.francebleu.fr\/infos\/transports\/calvados-un-preavis-de-greve-sur-les-transports-scolaires-8246250\">Calvados&nbsp;: un pr\u00e9avis de gr\u00e8ve sur les transports scolaires<\/a> (ici)<\/p>\n\n\n\n<p><a href=\"https:\/\/94.citoyens.com\/2024\/ile-de-france-la-protection-judiciaire-de-la-jeunesse-pjj-en-greve-contre-le-non-renouvellement-de-ses-contractuels,28-08-2024.html\">Ile-de-France&nbsp;: la protection judiciaire de la jeunesse (PJJ) en gr\u00e8ve contre le non-renouvellement de ses contractuels<\/a> (94 citoyens)<\/p>\n\n\n\n<p><a href=\"https:\/\/www.gamekult.com\/actualite\/spiders-les-employes-sonnent-la-greve-avant-l-acces-anticipe-de-greedfall-2-3050859675.html\">Spiders&nbsp;: les employ\u00e9s sonnent la gr\u00e8ve avant l&rsquo;acc\u00e8s anticip\u00e9 de GreedFall 2<\/a> (Gamekult)<\/p>\n\n\n\n<p><strong>Monde<\/strong><\/p>\n\n\n\n<p><a href=\"https:\/\/www.msn.com\/fr-fr\/sante\/other\/la-plupart-des-infirmiers-et-travailleurs-m%C3%A9dicaux-annulent-leur-gr%C3%A8ve-pr%C3%A9vue-aujourdhui\/ar-AA1pBTSy?ocid=BingNewsVerp\"><strong>S\u00e9oul<\/strong> : La plupart des infirmiers et travailleurs m\u00e9dicaux annulent leur gr\u00e8ve pr\u00e9vue aujourd&rsquo;hui <\/a>(Yonhap)<\/p>\n\n\n\n<p><strong>Analyse<\/strong><\/p>\n\n\n\n<p><strong><a href=\"https:\/\/inegalites.fr\/Ouvrons-les-emplois-interdits-de-la-fonction-publique-aux-etrangers\">Ouvrons les emplois interdits de la fonction publique aux \u00e9trangers<\/a> (Observatoire des in\u00e9galit\u00e9s)<\/strong><\/p>\n\n\n\n<p class=\"has-text-color has-link-color wp-elements-296937423a2e067eb6ee3ee432019cda\" style=\"color:#f60606\"><strong>28 ao\u00fbt<\/strong><\/p>\n\n\n\n<p><strong><a href=\"https:\/\/basta.media\/rester-combattifs-rentree-sans-ministre-profs-inquiets-education\">\u00ab&nbsp;Rester combattifs&nbsp;\u00bb&nbsp;: \u00e0 la veille d\u2019une rentr\u00e9e sans ministre, les profs inquiets mais mobilis\u00e9s<\/a> (Basta!)<\/strong><\/p>\n\n\n\n<p><strong><a href=\"https:\/\/reporterre.net\/Derriere-les-grands-crus-bordelais-la-misere-des-saisonniers-etrangers\">Derri\u00e8re les grands crus bordelais, la mis\u00e8re des saisonniers \u00e9trangers<\/a> (Reporterre)<\/strong><\/p>\n\n\n\n<p><strong>Gr\u00e8ves<\/strong><\/p>\n\n\n\n<p><a href=\"https:\/\/www.francebleu.fr\/infos\/sante-sciences\/le-syndicat-fo-monte-au-creneau-contre-la-regulation-des-urgences-a-chatellerault-et-appelle-a-la-greve-1250630\">Le syndicat FO monte au cr\u00e9neau contre la r\u00e9gulation des urgences \u00e0 Ch\u00e2tellerault et appelle \u00e0 la gr\u00e8ve<\/a> (ici)<\/p>\n\n\n\n<p><strong>Monde<\/strong><\/p>\n\n\n\n<p><a href=\"https:\/\/ici.radio-canada.ca\/nouvelle\/2100195\/pilote-greve-air-canada-piquetage\">Des pilotes d\u2019Air <strong>Canada<\/strong> manifestent \u00e0 travers le pays tandis que plane un risque de gr\u00e8ve<\/a> (Radio Canada)<\/p>\n\n\n\n<p><a href=\"https:\/\/mosaiqueguinee.com\/2024\/08\/conakry-la-circulation-bloquee-sur-le-troncon-t5-enco-5-les-jeunes-en-colere-a-wanindara\/\"><strong>Conakry<\/strong> : la circulation bloqu\u00e9e sur le tron\u00e7on T5-Enco 5, les jeunes en col\u00e8re \u00e0 Wanindara !<\/a> (Mosa\u00efque Guin\u00e9e)<\/p>\n\n\n\n<p class=\"has-text-color has-link-color wp-elements-ed1cbca5ecbee286e73ce8fe671fb07a\" style=\"color:#f30707\"><strong>27 ao\u00fbt<\/strong><\/p>\n\n\n\n<p><a href=\"https:\/\/reporterre.net\/Les-bains-douches-disparaissent-un-drame-pour-les-sans-abris\">Les bains-douches disparaissent, un drame pour les sans-abri<\/a> (Reporterre)<\/p>\n\n\n\n<p><a href=\"https:\/\/www.rue89strasbourg.com\/contre-loi-immigration-cercle-de-silence-311163\">Contre la loi immigration, un cercle de silence vendredi 30 ao\u00fbt<\/a> (Rue 89)<\/p>\n\n\n\n<p><strong>Gr\u00e8ves<\/strong><\/p>\n\n\n\n<p><strong><a href=\"https:\/\/www.lunion.fr\/id633969\/article\/2024-08-27\/evaluations-nationales-un-appel-la-greve-pour-le-10-septembre-dans-les-ecoles\">\u00c9valuations nationales&nbsp;: un appel \u00e0 la gr\u00e8ve pour le 10 septembre dans les \u00e9coles<\/a> (L\u2019union)<\/strong><\/p>\n\n\n\n<p><a href=\"https:\/\/saint-brieuc.maville.com\/actu\/actudet_-a-l-hopital-de-saint-brieuc-greve-au-sein-du-service-reanimation-et-des-agents-contre-les-12-heures-_une-6433724_actu.Htm\">\u00c0 l\u2019h\u00f4pital de Saint-Brieuc, gr\u00e8ve au sein du service r\u00e9animation et des agents contre les 12&nbsp;heures<\/a>&nbsp; (Ouest-France)<\/p>\n\n\n\n<p><a href=\"https:\/\/www.weka.fr\/actualite\/protection-de-lenfance\/article\/nouvel-appel-a-la-mobilisation-des-agents-de-la-protection-judiciaire-de-la-jeunesse-183617\/\">Nouvel appel \u00e0 \u00ab&nbsp;la mobilisation&nbsp;\u00bb des agents de la Protection judiciaire de la jeunesse<\/a> (Weka)<\/p>\n\n\n\n<p><a href=\"https:\/\/solidaires.org\/sinformer-et-agir\/actualites-et-mobilisations\/nationales\/avec-les-travailleurs-sans-papiers-de-chronopost-alfortville-manifestation-mardi-27-aout-16h\/\">Avec les travailleurs sans-papiers. De Chronopost Alfortville, manifestation le mardi 27 ao\u00fbt (<\/a>Solidaires)<\/p>\n\n\n\n<p><a href=\"https:\/\/www.msn.com\/fr-fr\/actualite\/france\/bus-et-tram-un-pr%C3%A9avis-de-gr%C3%A8ve-de-force-ouvri%C3%A8re-pour-lundi-2-septembre\/ar-AA1puyXz?ocid=BingNewsVerp\">Bus et tram : un pr\u00e9avis de gr\u00e8ve de Force ouvri\u00e8re, pour lundi 2 septembre<\/a> (Ouest-France)<\/p>\n\n\n\n<p><strong>Monde<\/strong><\/p>\n\n\n\n<p><a href=\"https:\/\/www.wsws.org\/fr\/articles\/2024\/08\/27\/pers-a27.html\">R\u00e9bellion \u00e0 l\u2019usine Dakkota&nbsp;: Des travailleurs de l\u2019auto de <strong>Chicago<\/strong> rejettent pour une quatri\u00e8me fois l\u2019entente de capitulation n\u00e9goci\u00e9e par l\u2019UAW<\/a> (WSWS)<\/p>\n\n\n\n<p><a href=\"https:\/\/www.ledevoir.com\/societe\/education\/818777\/professeurs-droit-mcgill-declenchent-greve-illimitee\"><strong>Canada<\/strong> : Les professeurs de droit de McGill d\u00e9clenchent une gr\u00e8ve illimit\u00e9e<\/a> (Le devoir)<\/p>\n\n\n\n<p><a href=\"https:\/\/www.zonebourse.com\/cours\/action\/LUFTHANSA-436827\/actualite\/La-greve-a-commence-chez-Discover-filiale-de-Lufthansa-47735749\/\"><strong>Allemagne<\/strong> : La gr\u00e8ve a commenc\u00e9 chez Discover, filiale de Lufthansa<\/a> (Zonebourse)<\/p>\n\n\n\n<p><a href=\"https:\/\/www.guinee7.com\/2024\/08\/27\/greve-des-transporteurs-echec-de-la-1ere-journee-des-negociations\/\"><strong>Guin\u00e9e<\/strong> : Gr\u00e8ve des transporteurs : Echec de la 1\u00e8re journ\u00e9e des n\u00e9gociations<\/a> (Guin\u00e9e 7)<\/p>\n\n\n\n<p><a href=\"https:\/\/telquel.ma\/instant-t\/2024\/08\/26\/greve-nationale-lonee-paralysee-pendant-5-jours-en-septembre-et-octobre_1890328\/\"><strong>Maroc<\/strong> : Gr\u00e8ve nationale, l\u2019ONEE paralys\u00e9e pendant 5 jours en septembre et en octobre<\/a> (Telquel)<\/p>\n\n\n\n<p><a href=\"https:\/\/lareleve.ma\/129736\/\"><strong>Maroc<\/strong> : Les syndicats r\u00e9it\u00e8rent leur rejet du projet de loi sur la gr\u00e8ve<\/a> (La Rel\u00e8ve)<\/p>\n\n\n\n<p><strong>Analyse<\/strong><\/p>\n\n\n\n<p><a href=\"https:\/\/www.humanite.fr\/social-et-economie\/mobilisations-retraites\/les-jeunes-dans-la-bataille-des-retraites\">Les jeunes dans la bataille des retraites<\/a> (l\u2019Humanit\u00e9)<\/p>\n\n\n\n<p><a href=\"https:\/\/theconversation.com\/emploi-des-seniors-quelle-est-la-vraie-valeur-de-lexperience-235695\">Emploi des seniors : quelle est la vraie valeur de&nbsp;l\u2019exp\u00e9rience&nbsp;?<\/a> (The conversation)<\/p>\n\n\n\n<p class=\"has-text-color has-link-color wp-elements-e364827d26afc49492c756b35e673acc\" style=\"color:#f00808\"><strong>26 ao\u00fbt<\/strong><\/p>\n\n\n\n<p><strong><a href=\"https:\/\/alencontre.org\/moyenorient\/palestine\/les-femmes-particulierement-victimes-de-la-guerre-a-gaza.html\">Les femmes, particuli\u00e8rement victimes de la guerre \u00e0 Gaza<\/a> (A l\u2019encontre)<\/strong><\/p>\n\n\n\n<p><strong><a href=\"https:\/\/reporterre.net\/Lyon-Turin-en-Savoie-des-chants-pour-terrasser-la-LGV\">Lyon-Turin&nbsp;: en Savoie, des chants pour terrasser la&nbsp;LGV<\/a> (Reporterre)<\/strong><\/p>\n\n\n\n<p><strong><a href=\"https:\/\/www.msn.com\/fr-fr\/actualite\/france\/gr%C3%A8ve-massive-la-cgt-annonce-une-rentr%C3%A9e-offensive\/ar-AA1pqtvg?ocid=BingNewsVerp\">Gr\u00e8ve massive ? La CGT annonce une \u00ab rentr\u00e9e offensive \u00bb<\/a> (Economie Matin)<\/strong><\/p>\n\n\n\n<p><strong>Monde<\/strong><\/p>\n\n\n\n<p><a href=\"https:\/\/www.wsws.org\/fr\/articles\/2024\/08\/26\/ntsz-a26.html\">Les cheminots du <strong>Canada<\/strong> en lutte politique contre les gouvernements Trudeau et Biden<\/a> (WSWS)<\/p>\n\n\n\n<p><strong>Analyse<\/strong><\/p>\n\n\n\n<p><a href=\"https:\/\/laviedesidees.fr\/Le-travail-social-en-ligne-de-mire\">Le travail social en ligne de mire<\/a> (La vie des id\u00e9es)<\/p>\n\n\n\n<p><a href=\"https:\/\/www.force-ouvriere.fr\/education-nationale-les-inspecteurs-se-dotent-d-un-nouveau\">\u00c9ducation nationale&nbsp;: les inspecteurs se dotent d\u2019un nouveau syndicat<\/a> (FO)<\/p>\n\n\n\n<p class=\"has-text-color has-link-color wp-elements-c657c9943be534ffcaefa328470a4044\" style=\"color:#f60707\"><strong>24 ao\u00fbt<\/strong><\/p>\n\n\n\n<p><strong><a href=\"https:\/\/rebellyon.info\/LUTTE-CONTRE-LE-GRAND-PROJET-INUTILE-ET-26167\">Lutte contre le projet inutile Lyon Turin rassemblement 23\/08<\/a> (Rebellyon)<\/strong><\/p>\n\n\n\n<p><strong>Gr\u00e8ves<\/strong><\/p>\n\n\n\n<p><a href=\"https:\/\/la1ere.francetvinfo.fr\/martinique\/une-greve-illimitee-au-smtvd-perturbe-la-collecte-des-dechets-dans-le-nord-de-la-martinique-1516076.html\">Une gr\u00e8ve illimit\u00e9e au SMTVD perturbe la collecte des d\u00e9chets dans le Nord de la Martinique<\/a> (franceinfo)<\/p>\n\n\n\n<p><a href=\"https:\/\/nantes.maville.com\/actu\/actudet_-justice-des-mineurs-les-postes-en-cdd-sur-la-sellette-les-educateurs-sur-les-dents-_loc-6430615_actu.Htm\">Justice des mineurs&nbsp;: les postes en CDD sur la sellette, les \u00e9ducateurs sur les dents<\/a>&nbsp; (Ouest-France)<a href=\"https:\/\/lanticapitaliste.org\/actualite\/international\/ouganda-la-repression-pour-imposer-le-projet-de-totalenergies\"><\/a><\/p>\n\n\n\n<p><strong>Monde<\/strong><\/p>\n\n\n\n<p><a href=\"https:\/\/www.wsws.org\/fr\/articles\/2024\/08\/24\/pers-a24.html\">Le gouvernement du <strong>Canada<\/strong> conspire avec la Maison-Blanche pour interdire une gr\u00e8ve des chemins de fer<\/a> (WSWS)<\/p>\n\n\n\n<p><a href=\"https:\/\/www.msn.com\/fr-xl\/actualite\/other\/droit-de-gr%C3%A8ve-appel-%C3%A0-labrogation-de-larticle-288-du-code-p%C3%A9nal\/ar-AA1plFwP?ocid=BingNewsVerp\"><strong>Maroc<\/strong> : Droit de gr\u00e8ve : Appel \u00e0 l&rsquo;abrogation de l&rsquo;article 288 du Code p\u00e9nal<\/a> (Hespress)<\/p>\n\n\n\n<p><a href=\"https:\/\/defimedia.info\/revision-salariale-une-greve-plane-sur-lindustrie-sucriere\"><strong>Ile Maurice<\/strong> : R\u00e9vision salariale : une gr\u00e8ve plane&nbsp;sur l\u2019industrie sucri\u00e8re<\/a> (Radio 1)<\/p>\n\n\n\n<p><a href=\"https:\/\/solidaires.org\/sinformer-et-agir\/actualites-et-mobilisations\/internationales\/rsisl-metro-de-sao-paulo\/\">RSISL &#8211; M\u00e9tro de <strong>Sao Paulo<\/strong><\/a> (Solidaires)<\/p>\n\n\n\n<p><strong>Analyse<\/strong><\/p>\n\n\n\n<p><a href=\"https:\/\/orientxxi.info\/magazine\/apres-la-guerre-une-autre-catastrophe-nous-attend,7554\">\u00ab&nbsp;Apr\u00e8s la guerre, une autre catastrophe nous attend&nbsp;\u00bb<\/a> (Orient XXI)<\/p>\n\n\n\n<p><strong><a href=\"https:\/\/inegalites.fr\/La-misere-au-coeur-de-la-douceur-d-une-ville-de-province\">La mis\u00e8re au c\u0153ur de la douceur d\u2019une ville de province <\/a>(Observatoire des in\u00e9galit\u00e9s)<\/strong><\/p>\n\n\n\n<p><a href=\"https:\/\/www.humanite.fr\/social-et-economie\/architecture\/bourse-du-travail-de-lille-sur-les-terres-de-la-lutte-des-classes\">\u00c0 la d\u00e9couverte des Bourses du travail #4. Bourse du travail de Lille&nbsp;: sur les terres de la lutte des classes<\/a> (l\u2019Humanit\u00e9)<\/p>\n\n\n\n<p><strong><a href=\"https:\/\/rapportsdeforce.fr\/linternationale\/des-greves-plus-nombreuses-en-france-et-en-europe-en-2023-082221759\">Des gr\u00e8ves plus nombreuses en France et en Europe en 2023<\/a> (Rapports de force)<\/strong><\/p>\n\n\n\n<p><strong>Reportage<\/strong><\/p>\n\n\n\n<p><a href=\"https:\/\/reporterre.net\/Auberge-boulangerie-Une-cooperative-redonne-vie-a-des-villages-moribonds\">Auberge, boulangerie&#8230; Une coop\u00e9rative redonne vie \u00e0 des villages moribonds<\/a> (Reporterre)<\/p>\n\n\n\n<p class=\"has-text-color has-link-color wp-elements-3ba1c11cf2f5126f0cbf8ddb4a81c3f6\" style=\"color:#f70808\"><strong>22 ao\u00fbt<\/strong><\/p>\n\n\n\n<p><a href=\"https:\/\/paris-luttes.info\/samedi-24-aout-2024-28e-18601\">28e&nbsp;anniversaire de l\u2019expulsion violente des Sans-papiers de l\u2019\u00e9glise St-Bernard en 1996<\/a> (Paris-Luttes info)<\/p>\n\n\n\n<p><a href=\"https:\/\/www.humanite.fr\/social-et-economie\/syndicats\/les-syndicats-daubervilliers-gardent-leur-bourse-du-travail\">Les syndicats d\u2019Aubervilliers gardent leur bourse du travail<\/a> (l\u2019Humanit\u00e9)<\/p>\n\n\n\n<p><strong>Gr\u00e8ves<\/strong><\/p>\n\n\n\n<p><a href=\"https:\/\/www.temoignages.re\/social\/luttes-sociales\/article\/greve-illimite-a-la-sarl-stoi,111393\">Gr\u00e8ve illimit\u00e9 \u00e0 la SARL STOI<\/a> (T\u00e9moignages)<\/p>\n\n\n\n<p><a href=\"https:\/\/www.letelegramme.fr\/finistere\/quimperle-29300\/un-preavis-de-greve-depose-au-lycee-roz-glas-a-quimperle-6646262.php\">Un pr\u00e9avis de gr\u00e8ve d\u00e9pos\u00e9 au lyc\u00e9e Roz Glas \u00e0 Quimperl\u00e9<\/a> (Le T\u00e9l\u00e9gramme)<\/p>\n\n\n\n<p><a href=\"https:\/\/www.radio1.pf\/les-syndicats-demandent-au-pays-davantage-de-moyens-pour-la-direction-du-travail\/\">Les syndicats demandent au pays davantage de moyens pour la Direction du travail<\/a> (Radio 1)<\/p>\n\n\n\n<p><strong>Monde<\/strong><\/p>\n\n\n\n<p><a href=\"https:\/\/ici.radio-canada.ca\/tele\/le-telejournal-est-du-quebec\/site\/segments\/reportage\/1823897\/des-employes-du-bella-desgagnes-se-dotent-dun\"><strong>Canada<\/strong> : Des employ\u00e9s du Bella Desgagn\u00e9s se dotent d\u2019un mandat de gr\u00e8ve<\/a> (Radio-Canada)<\/p>\n\n\n\n<p><a href=\"https:\/\/www.zonebourse.com\/cours\/action\/LUFTHANSA-436827\/actualite\/Vote-en-faveur-d-une-greve-chez-Discover-filiale-de-Lufthansa-47704105\/\"><strong>Allemagne<\/strong> : Vote en faveur d&rsquo;une gr\u00e8ve chez Discover, filiale de Lufthansa<\/a> (Zonebourse)<\/p>\n\n\n\n<p><a href=\"https:\/\/www.lapresse.ca\/affaires\/2024-08-21\/possible-greve-ferroviaire\/les-impacts-d-un-arret-de-travail.php\"><strong>Canada<\/strong> : Possible gr\u00e8ve ferroviaire&nbsp;Les impacts d\u2019un arr\u00eat de travail<\/a> (La Presse)<\/p>\n\n\n\n<p><a href=\"https:\/\/www.leconomistemaghrebin.com\/2024\/08\/22\/tunisie-greve-generale-dans-les-surfaces-de-commerce-le-31-aout\/\"><strong>Tunisie<\/strong> : gr\u00e8ve g\u00e9n\u00e9rale dans les surfaces de commerce le 31 ao\u00fbt<\/a> (L\u2019Economiste)<\/p>\n\n\n\n<p><strong>Reportage<\/strong><\/p>\n\n\n\n<p><a href=\"https:\/\/lepoing.net\/revolution-zapatiste-une-solidarite-bien-ancree-en-languedoc\/\">R\u00e9volution Zapatiste : une solidarit\u00e9 bien ancr\u00e9e en Languedoc<\/a> (Le Poing)<\/p>\n\n\n\n<p class=\"has-text-color has-link-color wp-elements-da4b9b22188df024ab9d26f714372967\" style=\"color:#f80404\"><strong>21 ao\u00fbt<\/strong><\/p>\n\n\n\n<p><strong><a href=\"https:\/\/aplutsoc.org\/2024\/08\/20\/parution-dinterventions-syndicales-numero-3-daout-2024\/\">Parution d\u2019Interventions Syndicales Num\u00e9ro 3 d\u2019ao\u00fbt&nbsp;2024<\/a> (Arguments pour la lutte sociale)<\/strong><\/p>\n\n\n\n<p><strong>Gr\u00e8ves<\/strong><\/p>\n\n\n\n<p><a href=\"https:\/\/www.zinfos974.com\/une-quinzaine-de-chauffeurs-de-bus-de-la-stoi-en-greve-devant-la-region\/\">Une quinzaine de chauffeurs de bus de la STOI en gr\u00e8ve devant la R\u00e9gion<\/a> (Zinfos 974)<\/p>\n\n\n\n<p><a href=\"https:\/\/alpesdusud.alpes1.com\/news\/alpes-de-haute-provence\/104274\/haute-provence-le-personnel-de-l-hopital-de-digne-les-bains-en-greve-depuis-24h\">Haute-Provence : le personnel de l&rsquo;h\u00f4pital de Digne-les-Bains en gr\u00e8ve depuis 24h<\/a> (Alpes 1 Mag)<\/p>\n\n\n\n<p><a href=\"https:\/\/la1ere.francetvinfo.fr\/polynesie\/tahiti\/polynesie-francaise\/fin-de-conflit-a-l-aeroport-de-tahiti-faa-a-et-dans-les-societes-de-surete-apres-des-discussions-longues-et-difficiles-1515302.html\">Fin de conflit \u00e0 l&rsquo;a\u00e9roport de Tahiti-Faa&rsquo;a et dans les soci\u00e9t\u00e9s de s\u00fbret\u00e9 apr\u00e8s des discussions \u00ab\u00a0longues et difficiles\u00a0\u00bb<\/a> (franceinfo)<\/p>\n\n\n\n<p><strong>Monde<\/strong><\/p>\n\n\n\n<p><a href=\"https:\/\/www.journaldemontreal.com\/2024\/08\/21\/greve-et-lock-out-dans-le-secteur-ferroviaire--le-conflit-pourrait-entrainer-des-mises-a-pied-dans-les-pme-du-quebec\">Gr\u00e8ve et lock-out dans le secteur ferroviaire: le conflit pourrait entra\u00eener des mises \u00e0 pied dans les PME du <strong>Qu\u00e9bec<\/strong><\/a> (Le journal de Montr\u00e9al)<\/p>\n\n\n\n<p><a href=\"https:\/\/www.wsws.org\/fr\/articles\/2024\/08\/21\/zodw-a21.html\"><strong>Canada<\/strong> : Les infirmi\u00e8res doivent tirer les le\u00e7ons des luttes pass\u00e9es pour contrer les attaques de Legault<\/a> (WSWS)<\/p>\n\n\n\n<p><a href=\"https:\/\/www.zonebourse.com\/actualite-bourse\/De-nouveaux-juges-mexicains-se-joignent-a-la-greve-contre-le-projet-de-reforme-du-systeme-judici-47693616\/\">De nouveaux juges <strong>mexicains<\/strong> se joignent \u00e0 la gr\u00e8ve contre le projet de r\u00e9forme du syst\u00e8me judiciaire<\/a> (Zonebourse)<\/p>\n\n\n\n<p><a href=\"https:\/\/guineenews.org\/albayarak-transports-les-travailleurs-en-greve-pour-exiger-le-paiement-des-arrieres-de-salaires\/\"><strong>Guin\u00e9e<\/strong> : Albayarak transports : les travailleurs en gr\u00e8ve pour exiger le paiement des arri\u00e9r\u00e9s de salaires<\/a> (Guin\u00e9e News)<\/p>\n\n\n\n<p><strong><a href=\"https:\/\/solidaires.org\/sinformer-et-agir\/actualites-et-mobilisations\/internationales\/rsisl-grande-bretagne-les-matelots-de-la-royal-fleet-auxiliary-font-greve-dans-le-monde-entier\/\">RSISL : Grande-Bretagne &#8211; Les matelots de la Royal Fleet Auxiliary font gr\u00e8ve dans le monde entier<\/a> (Solidaires)<\/strong><\/p>\n\n\n\n<p><a href=\"https:\/\/www.rfi.fr\/fr\/afrique\/20240807-gabon-les-%C3%A9co-gardes-se-d%C3%A9clarent-en-gr%C3%A8ve-pour-recevoir-deux-mois-d-arri%C3%A9r%C3%A9s-de-salaire\"><strong>Gabon<\/strong>: les \u00e9co-gardes se d\u00e9clarent en gr\u00e8ve pour recevoir deux mois d\u2019arri\u00e9r\u00e9s de salaire<\/a> (RFI)<\/p>\n\n\n\n<p class=\"has-text-color has-link-color wp-elements-557e3d5a53c419ec2cd5684242d1a408\" style=\"color:#f80505\"><strong>20 ao\u00fbt<\/strong><\/p>\n\n\n\n<p><strong><a href=\"https:\/\/reporterre.net\/On-a-perdu-une-bataille-mais-pas-la-guerre-comment-les-antinucleaires-poursuivent-la-lutte\">\u00ab&nbsp;On a perdu une bataille mais pas la guerre&nbsp;\u00bb&nbsp;: comment les antinucl\u00e9aires poursuivent la lutte<\/a> (Reporterre)<\/strong><\/p>\n\n\n\n<p><strong>Gr\u00e8ves<\/strong><\/p>\n\n\n\n<p><a href=\"https:\/\/www.ouest-france.fr\/bretagne\/quimperle-29300\/quimperle-rentree-scolaire-preavis-de-greve-au-lycee-professionnel-de-roz-glas-pour-le-2-septembre-6cf8d3b6-5e0c-11ef-93ca-ca88833f6483\">Quimperl\u00e9. Rentr\u00e9e scolaire: pr\u00e9avis de gr\u00e8ve au lyc\u00e9e professionnel de Roz Glas <\/a>(Ouest-France)<\/p>\n\n\n\n<p><a href=\"https:\/\/www.ladepeche.fr\/2024\/08\/20\/chez-multi-transport-des-salaries-dans-la-tourmente-12149731.php\">Rodez. Chez \u00ab\u00a0Multi Transport\u00a0\u00bb, des salari\u00e9s dans la tourmente<\/a> (La D\u00e9p\u00eache)<\/p>\n\n\n\n<p><strong>Monde<\/strong><\/p>\n\n\n\n<p><strong><a href=\"https:\/\/www.wsws.org\/fr\/articles\/2024\/08\/20\/evpb-a20.html\">25.000 emplois menac\u00e9s dans les usines Stellantis en Italie<\/a> (WSWS)<\/strong><\/p>\n\n\n\n<p><a href=\"https:\/\/www.zonebourse.com\/cours\/indice\/S-P-GSCI-COPPER-INDEX-2-46869179\/actualite\/La-resolution-rapide-de-la-greve-par-BHP-donne-le-ton-des-negociations-sociales-dans-un-contexte-47688345\/\"><strong>Chili<\/strong> : La r\u00e9solution rapide de la gr\u00e8ve par BHP donne le ton des n\u00e9gociations sociales dans un contexte de reprise du cuivre<\/a> (Zonebourse)<\/p>\n\n\n\n<p><a href=\"https:\/\/telquel.ma\/instant-t\/2024\/08\/19\/droit-de-greve-six-points-de-desaccord-persistent-entre-le-gouvernement-et-les-syndicats_1889421\/\"><strong>Maroc<\/strong> : droit de gr\u00e8ve, 8 points de d\u00e9saccord persistent entre le gouvernement et les syndicats<\/a> (Telquel)<\/p>\n\n\n\n<p><a href=\"https:\/\/www.tuniscope.com\/article\/388034\/actualites\/societe\/ensgnement-de-base-sit-in-regionaux-greve-sectorielle-generale-prevus-513209\"><strong>Tunisie<\/strong> : Enseignement, Sit-ins r\u00e9gionaux et gr\u00e8ve g\u00e9n\u00e9rale annonc\u00e9e<\/a> (Tuniscope)<\/p>\n\n\n\n<p><a href=\"https:\/\/www.msn.com\/fr-ca\/finances\/affaires\/une-gr%C3%A8ve-dans-les-chemins-de-fer-pourrait-%C3%AAtre-d%C3%A9vastatrice-pour-les-fermiers-albertains\/ar-AA1p4JoW?ocid=BingNewsVerp\"><strong>Canada<\/strong> : Une gr\u00e8ve dans les chemins de fer pourrait \u00eatre d\u00e9vastatrice pour les fermiers albertains<\/a> (Radio Canada)<\/p>\n\n\n\n<p><strong>Analyse<\/strong><\/p>\n\n\n\n<p><strong><a href=\"https:\/\/www.wsws.org\/fr\/articles\/2024\/08\/20\/evpb-a20.html\">\u00ab&nbsp;On voit appara\u00eetre une g\u00e9n\u00e9ration d\u2019enfants travailleurs&nbsp;\u00bb<\/a> (Orient XXI)<\/strong><\/p>\n\n\n\n<p><strong><a href=\"https:\/\/www.frustrationmagazine.fr\/presenteisme\/\">Pourquoi le pr\u00e9sent\u00e9isme paye mieux que la comp\u00e9tence<\/a> (Frustration)<\/strong><\/p>\n\n\n\n<p class=\"has-text-color has-link-color wp-elements-a6b905fcf5d470fd0aa905cc5a67ea46\" style=\"color:#f40404\"><strong>17 ao\u00fbt<\/strong><\/p>\n\n\n\n<p><a href=\"https:\/\/rebellyon.info\/Non-au-blanchiment-des-crimes-d-Israel-26174\">Non au blanchiment des crimes d\u2019Isra\u00ebl par Tony Parker et le club de basket l\u2019ASVEL&nbsp;Lyon-Villeurbanne<\/a> (Rebellyon)<\/p>\n\n\n\n<p><strong>Gr\u00e8ves<\/strong><\/p>\n\n\n\n<p><strong><a href=\"https:\/\/www.lamarseillaise.fr\/societe\/les-500-postes-toujours-en-suspens-a-la-pjj-BL16486117\">Les 500 postes toujours en suspens \u00e0 la PJJ<\/a> (La Marseillaise)<\/strong><\/p>\n\n\n\n<p><a href=\"https:\/\/www.ledauphine.com\/sante\/2024\/08\/16\/appel-a-la-greve-a-l-hopital-de-digne-les-bains\">Appel \u00e0 la gr\u00e8ve \u00e0 l\u2019h\u00f4pital de Digne-les-Bains<\/a> (Le Dauphin\u00e9)<\/p>\n\n\n\n<p><a href=\"https:\/\/www.ouest-france.fr\/pays-de-la-loire\/le-mans-72000\/le-mans-de-nouvelles-perturbations-dans-les-transports-en-commun-4c229e42-5bb4-11ef-b63d-b4e29ed87752\">Le Mans. De nouvelles perturbations dans les transports en commun<\/a> (Ouest-France)<\/p>\n\n\n\n<p><a href=\"https:\/\/www.ladepeche.fr\/2024\/08\/16\/lapproche-nest-pas-humaine-a-lhopital-de-fleurance-la-cgt-tente-dallumer-la-meche-de-la-contestation-12144806.php\">\u00ab\u00a0L\u2019approche n\u2019est pas humaine\u00a0\u00bb: \u00e0 l\u2019h\u00f4pital de Fleurance, la CGT tente d\u2019allumer la m\u00e8che de la contestation.<\/a> (La D\u00e9p\u00eache)<\/p>\n\n\n\n<p><strong>Monde<\/strong><\/p>\n\n\n\n<p><a href=\"https:\/\/www.wsws.org\/fr\/articles\/2024\/08\/17\/muxg-a17.html\"><strong>Etats-Unis<\/strong> : T\u00e9moignages de travailleurs de l\u2019auto de Detroit contre les licenciements collectifs \u00e0 l\u2019usine d\u2019assemblage Warren Truck<\/a> (WSWS)<\/p>\n\n\n\n<p><strong><a href=\"https:\/\/www.rts.ch\/info\/monde\/2024\/article\/fin-de-la-greve-a-la-plus-grande-mine-de-cuivre-du-monde-au-chili-28601258.html\">Fin de la gr\u00e8ve dans la plus grande mine de cuivre du monde au Chili <\/a>(RTS)<\/strong><\/p>\n\n\n\n<p><a href=\"https:\/\/www.msn.com\/fr-xl\/actualite\/other\/droit-%C3%A0-la-gr%C3%A8ve-l-ajr-se-dresse-contre-les-abus-d-une-entreprise\/ar-AA1oVcE5?ocid=BingNewsVerp\"><strong>Maroc<\/strong> : Droit \u00e0 la gr\u00e8ve : L&rsquo;AJR se dresse contre les \u00ab\u00a0abus\u00a0\u00bb d&rsquo;une entreprise<\/a> (Hespress)<\/p>\n\n\n\n<p><a href=\"https:\/\/ici.radio-canada.ca\/nouvelle\/2097362\/syndicat-travailleurs-transport-ferroviaire-lock-out\"><strong>Canada<\/strong> : Le CN et le CPKC suspendent d\u2019autres livraisons en pr\u00e9vision du lock-out<\/a> (Radio Canada)<\/p>\n\n\n\n<p><strong>Analyse<\/strong><\/p>\n\n\n\n<p><strong><a href=\"https:\/\/www.blast-info.fr\/articles\/2024\/salles-de-shoot-un-progres-pour-la-sante-publique-et-la-securite-hNYzoZzwSPaAFsDrtWG9WQ\">\u00ab Salles de shoot \u00bb : un progr\u00e8s pour la sant\u00e9 publique et la s\u00e9curit\u00e9<\/a> (Blast)<\/strong><\/p>\n\n\n\n<p class=\"has-text-color has-link-color wp-elements-8663e884be328fe1d75519c71af9dd73\" style=\"color:#f80202\"><strong>16 ao\u00fbt<\/strong><\/p>\n\n\n\n<p><strong><a href=\"https:\/\/www.humanite.fr\/monde\/baleines\/la-detention-de-paul-watson-prolongee-de-3-semaines-au-groenland\">La d\u00e9tention de Paul Watson, prolong\u00e9e de 3 semaines au Groenland<\/a> (l\u2019Humanit\u00e9)<\/strong><\/p>\n\n\n\n<p><strong>Gr\u00e8ves<\/strong><\/p>\n\n\n\n<p><a href=\"https:\/\/www.radio1.pf\/preavis-de-greve-leve-a-air-moana\/\">Pr\u00e9avis de gr\u00e8ve lev\u00e9 \u00e0 Air Moana<\/a> (Radio 1)<\/p>\n\n\n\n<p><a href=\"https:\/\/www.lamarseillaise.fr\/social\/a-serignan-les-aides-a-domicile-de-l-admr-en-colere-et-en-greve-BL16482663\">\u00c0 S\u00e9rignan, les aides \u00e0 domicile de l\u2019ADMR en col\u00e8re et en gr\u00e8ve<\/a> (La Marseillaise)<\/p>\n\n\n\n<p><a href=\"https:\/\/www.radio1.pf\/adt-et-societes-de-surete-toujours-en-greve\/\">ADT et soci\u00e9t\u00e9s de s\u00e9curit\u00e9 toujours en gr\u00e8ve<\/a> (Radio 1)<\/p>\n\n\n\n<p><a href=\"https:\/\/www.leparisien.fr\/societe\/sante\/aux-urgences-de-brest-un-mur-de-la-honte-pour-denoncer-les-temps-dattente-sur-les-brancards-16-08-2024-T2OMX63FONBPXLKFMUKW4CG76E.php\">Aux urgences de Brest, un \u00ab&nbsp;mur de la honte&nbsp;\u00bb pour d\u00e9noncer les temps d\u2019attente sur les brancards<\/a> (Le Parisien)<\/p>\n\n\n\n<p><strong>Monde<\/strong><\/p>\n\n\n\n<p><strong><a href=\"https:\/\/www.wsws.org\/fr\/articles\/2024\/08\/16\/trgc-a16.html\">Le CN et le CPKC se pr\u00e9parent \u00e0 mettre les cheminots en lock-out dans tout le Canada<\/a> (WSWS)<\/strong><\/p>\n\n\n\n<p><a href=\"Autoroutes%20du%20Maroc:%20gr%C3%A8ve%20d%E2%80%99avertissement%20des%20employ%C3%A9s%20%C3%A0%20partir%20de%20ce%20vendredi\">Autoroutes du <strong>Maroc<\/strong>: gr\u00e8ve d\u2019avertissement des employ\u00e9s \u00e0 partir de ce vendredi<\/a> (Maroc Hebdo)<\/p>\n\n\n\n<p><a href=\"https:\/\/information.tv5monde.com\/terriennes\/viols-et-feminicides-en-inde-choc-indignation-et-protestations-2736208\">Viols et f\u00e9minicides en <strong>Inde<\/strong> : choc, indignation et protestations.<\/a> (TV5 Monde)<\/p>\n\n\n\n<p><a href=\"https:\/\/www.alwihdainfo.com\/Tchad-La-cellule-syndicale-des-agents-du-MATD-entre-en-greve_a134639.html\">&nbsp;<strong>Tchad<\/strong> : La cellule syndicale des agents du MATD entre en gr\u00e8ve<\/a> (Al Wihda Info)<\/p>\n\n\n\n<p><strong>Analyse<\/strong><\/p>\n\n\n\n<p><strong><a href=\"https:\/\/www.humanite.fr\/social-et-economie\/cgt-cheminots\/jean-pierre-farandou-sortie-de-route-dun-cheminot\">Les grands patrons d\u00e9chus #8. Jean-Pierre Farandou, sortie de route d\u2019un cheminot<\/a> (l\u2019Humanit\u00e9)<\/strong><\/p>\n\n\n\n<p><strong><a href=\"https:\/\/www.youtube.com\/watch?v=0DdHllh-XmA\">L\u2019amiti\u00e9, un outil r\u00e9volutionnaire largement sous-estim\u00e9 &#8211; vid\u00e9o<\/a> (Blast)<\/strong><\/p>\n\n\n\n<p class=\"has-text-color has-link-color wp-elements-3a6ef079e11f28c4edd9a133aca4ec12\" style=\"color:#f70909\"><strong>15 ao\u00fbt<\/strong><\/p>\n\n\n\n<p><a href=\"https:\/\/rebellyon.info\/Week-end-de-commemoration-en-memoire-d-26163\">Week-end de comm\u00e9moration en m\u00e9moire d\u2019Idir, mort \u00e0 Corbas<\/a> (Rebellyon)<\/p>\n\n\n\n<p><strong>Gr\u00e8ves<\/strong><\/p>\n\n\n\n<p><a href=\"https:\/\/la1ere.francetvinfo.fr\/polynesie\/tahiti\/polynesie-francaise\/preavis-de-greve-a-air-tahiti-les-delegues-syndicaux-s-insurgent-contre-l-intersyndicale-1513994.html\">Pr\u00e9avis de gr\u00e8ve \u00e0 Air Tahiti : les d\u00e9l\u00e9gu\u00e9s syndicaux s&rsquo;insurgent contre l&rsquo;intersyndicale ! <\/a>(Franceinfo)<\/p>\n\n\n\n<p><strong><a href=\"https:\/\/www.msn.com\/fr-fr\/actualite\/france\/gr%C3%A8ve-de-la-protection-judiciaire-de-la-jeunesse-l-%C3%A9ducatif-doit-primer-sur-le-r%C3%A9pressif\/ar-AA1oOdlQ?ocid=BingNewsVerp\">Gr\u00e8ve de la protection judiciaire de la jeunesse : \u00abL\u2019\u00e9ducatif doit primer sur le r\u00e9pressif\u00bb<\/a> (Lib\u00e9ration)<\/strong><\/p>\n\n\n\n<p><a href=\"https:\/\/www.lavoixdunord.fr\/1492565\/article\/2024-08-14\/nouvel-appel-la-greve-ce-15-aout-l-entrepot-lidl-de-sailly-lez-cambrai-comme\">Nouvel appel \u00e0 la gr\u00e8ve, ce 15 ao\u00fbt, \u00e0 l\u2019entrep\u00f4t Lidl de Sailly-lez-Cambrai, \u00ab&nbsp;comme chaque jour f\u00e9ri\u00e9&nbsp;\u00bb<\/a> (La Voix du Nord)<\/p>\n\n\n\n<p><a href=\"https:\/\/la1ere.francetvinfo.fr\/mayotte\/la-greve-se-poursuit-au-sidevam-et-les-poubelles-s-accumulent-1513880.html\">La gr\u00e8ve se poursuit au Sidevam et les poubelles s&rsquo;accumulent<\/a> (franceinfo)<\/p>\n\n\n\n<p><a href=\"https:\/\/www.lavoixdelest.ca\/affaires\/affaires-locales\/2024\/08\/14\/conflit-de-travail-les-negos-senlisent-au-zoo-de-granby-HYS6AC7M6ZEOLIB6RWIVEQUTQQ\/\">Conflit de travail: les n\u00e9gos s\u2019enlisent au Zoo de Granby<\/a> (La Voix de l\u2019Est)<\/p>\n\n\n\n<p><a href=\"https:\/\/www.larepubliquedespyrenees.fr\/pyrenees-atlantiques\/pau\/pourquoi-les-salaries-d-un-sous-traitant-d-amazon-sont-en-greve-ce-mercredi-21026076.php?csnt=19155068c74\">Pourquoi les salari\u00e9s d\u2019un sous-traitant d\u2019Amazon Morla\u00e0s sont en gr\u00e8ve ce mercred<\/a>i (La R\u00e9publique des Pyr\u00e9n\u00e9es)<\/p>\n\n\n\n<p><a href=\"https:\/\/brest.maville.com\/actu\/actudet_-a-brest-les-ouvriers-de-phares-et-balises-denoncent-un-gel-des-emplois-et-un-personnel-sous-tension-_fil-6421307_actu.Htm\">\u00c0 Brest, les ouvriers de Phares et Balises d\u00e9noncent un gel des emplois et un personnel sous tension<\/a>&nbsp;(Ouest-France)<\/p>\n\n\n\n<p><strong>Monde<\/strong><\/p>\n\n\n\n<p><a href=\"https:\/\/www.wsws.org\/fr\/articles\/2024\/08\/15\/pers-a15.html\"><strong>Etats-unis<\/strong> : Stop aux licenciements de masse \u00e0 l\u2019usine d\u2019assemblage de Stellantis \u00e0 Warren!<\/a> (WSWS)<\/p>\n\n\n\n<p><a href=\"https:\/\/www.nordlittoral.fr\/219038\/article\/2024-08-14\/greve-easyjet-annule-plus-de-200-vols-vers-et-depuis-le-portugal\">Gr\u00e8ve&nbsp;: easyJet annule plus de 200 vols vers et depuis le <strong>Portugal<\/strong><\/a> (Nord Littoral)<\/p>\n\n\n\n<p><a href=\"https:\/\/www.zonebourse.com\/cours\/action\/LUFTHANSA-436827\/actualite\/Les-syndicats-preparent-une-greve-chez-la-compagnie-aerienne-de-vacances-Lufthansa-47646780\/\"><strong>Allemagne<\/strong> : Les syndicats pr\u00e9parent une gr\u00e8ve chez la compagnie a\u00e9rienne de vacances Lufthansa<\/a> (Zonebourse)<\/p>\n\n\n\n<p><a href=\"https:\/\/www.leconomistemaghrebin.com\/2024\/08\/14\/comite-administratif-sectoriel-de-enseignement-secondaire-decide-dobserver-une-greve-et-des-sits-in\/\"><strong>Tunisie<\/strong> : UGTT : la commission administrative sectorielle de l\u2019enseignement secondaire d\u00e9cr\u00e8te une gr\u00e8ve et des sit-in<\/a> (L\u2019Economiste)<\/p>\n\n\n\n<p><strong>Analyse<\/strong><\/p>\n\n\n\n<p><strong><a href=\"https:\/\/reporterre.net\/Les-saisonniers-etrangers-piliers-invisibles-de-l-agriculture\">Les saisonniers \u00e9trangers, piliers invisibles de l\u2019agriculture<\/a> (Reporterre)<\/strong><\/p>\n\n\n\n<p class=\"has-text-color has-link-color wp-elements-12e70c931723e9cede290d92239f54a2\" style=\"color:#f40505\"><strong>14 ao\u00fbt<\/strong><\/p>\n\n\n\n<p><strong>Gr\u00e8ves<\/strong><a href=\"https:\/\/www.francetvinfo.fr\/economie\/emploi\/reportage-il-faut-qu-on-se-batte-jusqu-au-bout-en-seine-maritime-les-salaries-d-exxonmobil-continuent-a-se-mobiliser-pour-preserver-leurs-emplois_6723690.html\"><\/a><\/p>\n\n\n\n<p><a href=\"https:\/\/www.francetvinfo.fr\/economie\/emploi\/reportage-il-faut-qu-on-se-batte-jusqu-au-bout-en-seine-maritime-les-salaries-d-exxonmobil-continuent-a-se-mobiliser-pour-preserver-leurs-emplois_6723690.html\">\u00ab\u00a0<em>Il faut qu&rsquo;on se batte jusqu&rsquo;au bout<\/em>\u00a0\u00bb : en Seine-Maritime, <strong>les salari\u00e9s d&rsquo;ExxonMobil continuent \u00e0 se mobiliser pour leurs emplois<\/strong><\/a> (France Info)<\/p>\n\n\n\n<p><a href=\"https:\/\/www.msn.com\/fr-fr\/actualite\/other\/gr%C3%A8ve-de-la-protection-judiciaire-de-la-jeunesse-j-ai-l-impression-que-l-on-s-en-fout-de-ces-mineurs\/ar-AA1oJFtb?ocid=BingNewsVerp\">Gr\u00e8ve de la protection judiciaire de la jeunesse : \u00abJ\u2019ai l\u2019impression que l\u2019on s\u2019en fout de ces mineurs\u00bb<\/a> (Lib\u00e9ration)<\/p>\n\n\n\n<p><a href=\"https:\/\/la1ere.francetvinfo.fr\/polynesie\/tahiti\/polynesie-francaise\/menace-de-greve-dans-les-transports-scolaires-de-la-cote-ouest-1513703.html\">Menace de gr\u00e8ve dans les transports scolaires de la c\u00f4te ouest<\/a> (France Info)<\/p>\n\n\n\n<p><a href=\"https:\/\/actu.fr\/normandie\/gisors_27284\/ce-supermarche-aldi-en-greve-dans-leure-pour-denoncer-le-manque-de-personnel_61482081.html\">Ce supermarch\u00e9 Aldi en gr\u00e8ve dans l&rsquo;Eure pour d\u00e9noncer le manque de personnel<\/a> (L\u2019impartial)<\/p>\n\n\n\n<p>&nbsp;<a href=\"https:\/\/www.temoignages.re\/social\/luttes-sociales\/article\/communique-cgtr-preavis-de-greve-illimite-a-la-sarl-stoi,111289\">Communiqu\u00e9 CGTR&nbsp;: Pr\u00e9avis de gr\u00e8ve illimit\u00e9 \u00e0 la SARL STOI<\/a> (T\u00e9moignages)<\/p>\n\n\n\n<p><a href=\"https:\/\/www.republicain-lorrain.fr\/economie\/2024\/08\/13\/greve-a-arcelormittal-les-gepor-ont-bloque-l-usine-de-florange\">Gr\u00e8ve \u00e0 ArcelorMittal&nbsp;: les salari\u00e9s de Gepor ont bloqu\u00e9 l\u2019usine de Florange<\/a> (Le R\u00e9publicain Lorrain)<\/p>\n\n\n\n<p><strong><a href=\"https:\/\/www.humanite.fr\/social-et-economie\/greves\/un-salarie-de-ma-france-tente-de-se-suicider-en-simmolant-ecrase-par-la-detresse-economique-et-le-mepris-de-la-direction\">Un salari\u00e9 de MA France tente de se suicider en s\u2019immolant, \u00e9cras\u00e9 par la d\u00e9tresse \u00e9conomique et le \u00ab&nbsp;m\u00e9pris&nbsp;\u00bb de la direction<\/a> (l\u2019Humanit\u00e9)<\/strong><\/p>\n\n\n\n<p><strong>Monde<\/strong><\/p>\n\n\n\n<p><strong><a href=\"https:\/\/www.lemonde.fr\/international\/article\/2024\/08\/14\/au-chili-la-plus-grande-mine-de-cuivre-du-monde-se-met-en-greve_6280283_3210.html\">Au Chili, la plus grande mine de cuivre du monde se met en gr\u00e8ve<\/a> (Le Monde)<\/strong><\/p>\n\n\n\n<p><strong><a href=\"https:\/\/reporterre.net\/Voitures-electriques-BMW-des-ouvriers-marocains-prives-de-salaires\">Voitures \u00e9lectriques&nbsp;BMW&nbsp;: des ouvriers marocains priv\u00e9s de salaires<\/a> (Reporterre)<\/strong><\/p>\n\n\n\n<p><a href=\"https:\/\/www.equaltimes.org\/en-rd-congo-la-recherche-de\">En <strong>RD-Congo<\/strong>, la recherche de solutions face aux d\u00e9faillances du syst\u00e8me de protection sociale de sant\u00e9<\/a> (Equal Times)<\/p>\n\n\n\n<p><a href=\"https:\/\/www.msn.com\/fr-be\/actualite\/other\/seul-un-tram-sur-10-%C3%A0-la-c%C3%B4te-en-raison-dune-gr%C3%A8ve-chez-de-lijn\/ar-AA1oLBDT?ocid=BingNewsVerp\"><strong>Belgique<\/strong> : Seul un tram sur 10 \u00e0 la c\u00f4te en raison d&rsquo;une gr\u00e8ve chez De Lijn<\/a>&nbsp;(RTL)<\/p>\n\n\n\n<p><a href=\"https:\/\/www.msn.com\/fr-xl\/actualite\/other\/gr%C3%A8ve-de-l-info-au-s%C3%A9n%C3%A9gal\/ar-AA1oJcBV?ocid=BingNewsVerp\">Gr\u00e8ve de l\u2019info au <strong>S\u00e9n\u00e9gal<\/strong><\/a> (Jeune Afrique)<\/p>\n\n\n\n<p><a href=\"https:\/\/fr.investing.com\/news\/stock-market-news\/le-syndicat-de-samsung-prevoit-une-greve-de-quatre-jours-a-partir-de-jeudi-93CH-2524473\"><strong>Cor\u00e9e<\/strong> : Le syndicat de Samsung pr\u00e9voit une gr\u00e8ve de quatre jours \u00e0 partir de jeudi<\/a> (Investing)<\/p>\n\n\n\n<p><strong><a href=\"https:\/\/www.lessentiel.lu\/fr\/story\/musk-interviewe-trump-cest-ecoeurant-illegal-et-previsible-de-la-part-de-ces-clowns-103168659\">Etats-Unis : \u00abC\u2019est \u00e9c\u0153urant, ill\u00e9gal et pr\u00e9visible de la part de ces clowns\u00bb<\/a> (L\u2019Essentiel)<\/strong><\/p>\n\n\n\n<p class=\"has-text-color has-link-color wp-elements-a89c185b2465cde95f9e65cfbf5c608d\" style=\"color:#f80505\"><strong>13 ao\u00fbt<\/strong><\/p>\n\n\n\n<p><strong>Gr\u00e8ves<\/strong><\/p>\n\n\n\n<p><a href=\"https:\/\/www.humanite.fr\/social-et-economie\/greves\/ce-que-lon-sait-de-la-tentative-de-suicide-dun-salarie-de-ma-france\">Ce que l\u2019on sait de la tentative de suicide d\u2019un salari\u00e9 de MA France<\/a> (l\u2019Humanit\u00e9)<\/p>\n\n\n\n<p><a href=\"https:\/\/www.zinfos974.com\/nouvelle-journee-de-greve-au-creolia\/\">Nouvelle journ\u00e9e de gr\u00e8ve au Cr\u00e9olia<\/a> (Zinfos 974)<\/p>\n\n\n\n<p><a href=\"https:\/\/www.francebleu.fr\/infos\/sante-sciences\/toujours-en-greve-contre-leur-nouvelle-convention-medicale-des-medecins-requisitionnes-pour-assurer-les-gardes-8769151\">Toujours en gr\u00e8ve contre leur nouvelle convention m\u00e9dicale, des m\u00e9decins r\u00e9quisitionn\u00e9s pour assurer les gardes<\/a> (ici)<\/p>\n\n\n\n<p><a href=\"https:\/\/www.lnc.nc\/article\/pacifique\/polynesie-francaise\/transports\/polynesie-preavis-de-greve-chez-air-tahiti-air-moana-et-air-tahiti-nui\">Polyn\u00e9sie : pr\u00e9avis de gr\u00e8ve chez Air Tahiti, Air Moana et Air Tahiti Nui<\/a> (Les Nouvelles Cal\u00e9doniennes)<\/p>\n\n\n\n<p><strong>Monde<\/strong><\/p>\n\n\n\n<p><a href=\"https:\/\/www.lapresse.ca\/affaires\/entreprises\/2024-08-12\/nouveau-mandat-de-greve-a-l-hotel-le-reine-elizabeth.php\"><strong>Canada<\/strong> : Nouveau mandat de gr\u00e8ve \u00e0 l\u2019h\u00f4tel Le Reine&nbsp;Elizabeth<\/a> (La Presse)<\/p>\n\n\n\n<p><a href=\"https:\/\/www.laliberte.ch\/info-regionale\/hfr-les-employes-du-bloc-operatoire-prets-a-faire-greve-740194\"><strong>Suisse<\/strong> : HFR: Les employ\u00e9s du bloc op\u00e9ratoire pr\u00eats \u00e0 faire gr\u00e8ve<\/a> (La libert\u00e9)<\/p>\n\n\n\n<p><strong><a href=\"https:\/\/www.msn.com\/fr-ca\/finances\/affaires\/menace-de-lock-out-ou-de-gr%C3%A8ve-dans-les-chemins-de-fer-la-semaine-prochaine\/ar-AA1oG1oJ?ocid=BingNewsVerp\">Canada : Menace de lock-out ou de gr\u00e8ve dans les chemins de fer la semaine prochaine<\/a> (La Presse Canadienne)<\/strong><\/p>\n\n\n\n<p><a href=\"https:\/\/www.la-croix.com\/bangladesh-la-police-met-fin-a-pres-d-une-semaine-de-greve-dans-la-capitale-20240812\"><strong>Bangladesh<\/strong>: la police met fin \u00e0 pr\u00e8s d&rsquo;une semaine de gr\u00e8ve dans la capitale<\/a> (La Croix)<\/p>\n\n\n\n<p><a href=\"https:\/\/walf-groupe.com\/blog\/2024\/08\/12\/hopital-de-la-paix-de-ziguinchor-les-travailleurs-annoncent-une-greve-de-48-heures\/\"><strong>S\u00e9n\u00e9gal<\/strong> : H\u00f4pital de la Paix de Ziguinchor&nbsp;: les travailleurs annoncent une gr\u00e8ve de 48 heures<\/a> (Walf Net)<\/p>\n\n\n\n<p><a href=\"https:\/\/www.yenisafak.com\/fr\/international\/le-personnel-de-laeroport-de-nairobi-menace-de-greve-contre-le-projet-dexpansion-du-groupe-adani-31225\"><strong>Kenya<\/strong>: appel \u00e0 une gr\u00e8ve \u00e0 l&rsquo;a\u00e9roport de Nairobi \u00e0 partir du 19 ao\u00fbt<\/a> (Nouvelle Aube)<\/p>\n\n\n\n<p><strong>Analyse<\/strong><\/p>\n\n\n\n<p><a href=\"https:\/\/www.humanite.fr\/social-et-economie\/autoentreprise\/pour-les-travailleurs-independants-des-vacances-impossibles\">Pour les travailleurs ind\u00e9pendants, des vacances impossibles&nbsp;?<\/a> (l\u2019Humanit\u00e9)<\/p>\n\n\n\n<p class=\"has-text-color has-link-color wp-elements-9f33bcc9db6720790607c4db1c4ef3d7\" style=\"color:#f40505\"><strong>12 ao\u00fbt<\/strong><\/p>\n\n\n\n<p><strong><a href=\"https:\/\/bellaciao.org\/Les-Bure-lesques-4e-edition\">Les Bure\u2019lesques, 4e \u00e9dition<\/a> (Bellaciao)<\/strong><\/p>\n\n\n\n<p><a href=\"https:\/\/rebellyon.info\/Solidarite-entre-femmes-a-la-rue-26166\">Solidarit\u00e9 entre femmes \u00e0 la rue<\/a> (Rebellyon)<\/p>\n\n\n\n<p><strong>Gr\u00e8ves<\/strong><\/p>\n\n\n\n<p><a href=\"https:\/\/la1ere.francetvinfo.fr\/polynesie\/tahiti\/polynesie-francaise\/greve-a-adt-c-est-la-premiere-fois-que-je-vois-une-opposition-du-patronnat-aussi-forte-deplore-patrick-galenon-1513232.html\">Gr\u00e8ve \u00e0 ADT : \u00ab\u00a0C&rsquo;est la premi\u00e8re fois que je vois une opposition du patronnat aussi forte\u00a0\u00bb d\u00e9plore Patrick Galenon<\/a> (franceinfo)<\/p>\n\n\n\n<p><a href=\"https:\/\/www.msn.com\/fr-fr\/actualite\/france\/rentr%C3%A9e-scolaire-une-reprise-sous-le-signe-de-la-gr%C3%A8ve-dans-une-atmosph%C3%A8re-extr%C3%AAmement-tendue\/ar-AA1oD9cI?ocid=BingNewsVerp\">Rentr\u00e9e scolaire : une reprise sous le signe de la gr\u00e8ve dans une atmosph\u00e8re extr\u00eamement tendue !<\/a> (Dijon Actualit\u00e9s)<\/p>\n\n\n\n<p><a href=\"https:\/\/www.estrepublicain.fr\/transport\/2024\/08\/11\/la-ligne-a-modifiee-fin-aout-appel-a-la-greve-maintenu-pour-la-rentree\">R\u00e9seau Stan : la ligne A modifi\u00e9e fin ao\u00fbt, appel \u00e0 la gr\u00e8ve maintenu pour la rentr\u00e9e<\/a> (L\u2019Est R\u00e9publicain)<a href=\"https:\/\/lanticapitaliste.org\/actualite\/international\/ouganda-la-repression-pour-imposer-le-projet-de-totalenergies\"><\/a><\/p>\n\n\n\n<p><strong>Analyse<\/strong><\/p>\n\n\n\n<p><strong><a href=\"https:\/\/www.youtube.com\/watch?v=4QyV9EV4yC0\">Vivre au camping : la face cach\u00e9e de la crise du logement &#8211; vid\u00e9o<\/a> (Blast)<\/strong><\/p>\n\n\n\n<p><strong><a href=\"https:\/\/reporterre.net\/Pourquoi-la-chaleur-augmente-le-taux-de-criminalite\">Pourquoi la chaleur augmente le taux de criminalit\u00e9<\/a> (Reporterre)<\/strong><\/p>\n\n\n\n<p class=\"has-text-color has-link-color wp-elements-35510aa4d2b06c0f01191f599bafcca2\" style=\"color:#f60808\"><strong>10 ao\u00fbt<\/strong><\/p>\n\n\n\n<p><strong><a href=\"https:\/\/paris-luttes.info\/face-a-l-appel-de-fascistes-18590\">Face \u00e0 l\u2019appel de fascistes britanniques \u00e0 se rendre \u00e0 Calais le 11&nbsp;ao\u00fbt, organisons-nous et mobilisons-nous&nbsp;!<\/a> (Paris-Luttes info)<\/strong><\/p>\n\n\n\n<p><strong>Gr\u00e8ves<\/strong><\/p>\n\n\n\n<p><a href=\"https:\/\/www.lamarseillaise.fr\/social\/les-salaries-de-laser-mettent-fin-a-la-greve-dans-le-metro-MF16463429\">Les salari\u00e9s de Laser mettent fin \u00e0 la gr\u00e8ve dans le m\u00e9tro<\/a> (La Marseillaise)<\/p>\n\n\n\n<p><a href=\"https:\/\/la1ere.francetvinfo.fr\/polynesie\/tahiti\/polynesie-francaise\/le-conflit-a-adt-s-enlise-1512848.html\">Le conflit \u00e0 ADT s&rsquo;enlise<\/a> (franceinfo)<\/p>\n\n\n\n<p><strong>Monde<\/strong><\/p>\n\n\n\n<p><a href=\"https:\/\/www.sudquotidien.sn\/greve-a-sabodala-gold-operations-pas-daccord-avec-les-employes\/\"><strong>Mali<\/strong> : Gr\u00e8ve \u00e0 Sabodala Gold Operations : pas d\u2019accord avec les employ\u00e9s<\/a> (Sud Quotidien)<\/p>\n\n\n\n<p><a href=\"https:\/\/www.zonebourse.com\/actualite-bourse\/La-greve-des-travailleurs-du-secteur-des-cereales-en-Argentine-pourrait-se-poursuivre-au-dela-de-47615610\/\">La gr\u00e8ve des travailleurs du secteur des c\u00e9r\u00e9ales en <strong>Argentine<\/strong> pourrait se poursuivre au-del\u00e0 de vendredi<\/a> (Zonebourse)<\/p>\n\n\n\n<p><a href=\"https:\/\/www.lapresse.ca\/affaires\/entreprises\/2024-08-09\/les-travailleurs-de-l-hotel-reine-elizabeth-declenchent-une-autre-greve-surprise.php\"><strong>Canada<\/strong> : Les travailleurs de l\u2019h\u00f4tel Reine Elizabeth d\u00e9clenchent une autre gr\u00e8ve surprise<\/a> (La Presse)<\/p>\n\n\n\n<p><a href=\"https:\/\/www.zonebourse.com\/actualite-bourse\/Le-syndicat-canadien-declare-qu-une-greve-des-chemins-de-fer-pourrait-commencer-le-22-aout-si-auc-47614880\/\">Le syndicat <strong>canadien<\/strong> d\u00e9clare qu&rsquo;une gr\u00e8ve des chemins de fer pourrait commencer le 22 ao\u00fbt si aucun accord n&rsquo;est conclu<\/a> (Zonebourse)<\/p>\n\n\n\n<p>Analyse<\/p>\n\n\n\n<p><strong><a href=\"https:\/\/www.contretemps.eu\/emeutes-racistes-royaume-uni\/\">L\u2019horreur au c\u0153ur de la farce. Sur les \u00e9meutes racistes au Royaume-Uni <\/a>(Contretemps)<\/strong><\/p>\n\n\n\n<p><a href=\"https:\/\/www.frustrationmagazine.fr\/neoruraux\/\">N\u00e9oruraux : comment les classes dominantes transforment les campagnes <\/a>(Frustration)<\/p>\n\n\n\n<p><a href=\"https:\/\/www.humanite.fr\/social-et-economie\/arles\/la-bourse-du-travail-darles-au-coeur-dun-duel-entre-la-cgt-et-le-maire\">\u00c0 la d\u00e9couverte des Bourses du travail #3. La bourse du travail d\u2019Arles au c\u0153ur d\u2019un duel entre la CGT et le maire<\/a> (l\u2019Humanit\u00e9)<\/p>\n\n\n\n<p><strong><a href=\"https:\/\/www.force-ouvriere.fr\/dossier-intelligence-artificielle-l-enjeu-syndical-de-la\">[Dossier] Intelligence artificielle&nbsp;: l\u2019enjeu syndical de la protection des emplois<\/a> (FO)<\/strong><\/p>\n\n\n\n<p><strong><a href=\"https:\/\/lvsl.fr\/decret-travail-lenieme-cadeau-du-gouvernement-italien-aux-entreprises\/\">\u201cD\u00e9cret travail\u201d : l\u2019\u00e9ni\u00e8me cadeau du gouvernement italien aux entreprises<\/a> (LVSL)<\/strong><\/p>\n\n\n\n<p><strong><a href=\"https:\/\/www.equaltimes.org\/les-peuples-autochtones-du\">Les peuples autochtones du Guatemala placent leurs derniers espoirs dans un pr\u00e9sident qui gouverne avec les mains li\u00e9es<\/a> (Equal Times)<\/strong><\/p>\n\n\n\n<p class=\"has-text-color has-link-color wp-elements-96693d9903ec3209984a86e3a2e3d56f\" style=\"color:#f60808\"><strong>8 ao\u00fbt<\/strong><\/p>\n\n\n\n<p><a href=\"https:\/\/france3-regions.francetvinfo.fr\/grand-est\/moselle\/forbach\/licenciement-du-delegue-cgt-christian-porta-le-geant-agricole-invivo-doit-lui-verser-525-000-euros-3014960.html\">Licenciement du d\u00e9l\u00e9gu\u00e9 CGT Christian Porta : le g\u00e9ant agricole InVivo doit lui verser 525.000 euros<\/a> (France 3)<\/p>\n\n\n\n<p><strong><a href=\"https:\/\/rebellyon.info\/Guide-de-survie-numerique-pour-militant-26162\">Guide de survie num\u00e9rique pour militant.es version 2024<\/a> (Rebellyon)<\/strong><\/p>\n\n\n\n<p><strong>Gr\u00e8ves<\/strong><\/p>\n\n\n\n<p><strong><a href=\"https:\/\/www.humanite.fr\/social-et-economie\/justice-des-mineurs\/un-plan-social-sans-precedent-a-la-protection-judiciaire-de-la-jeunesse-des-economies-sur-le-dos-des-mineurs\">\u00ab&nbsp;Un plan social sans pr\u00e9c\u00e9dent&nbsp;\u00bb&nbsp;: \u00e0 la protection judiciaire de la jeunesse, des \u00e9conomies sur le dos des mineurs<\/a> (l\u2019Humanit\u00e9)<\/strong><\/p>\n\n\n\n<p><a href=\"https:\/\/brest.maville.com\/actu\/actudet_-a-bohars-la-cgt-du-centre-rene-fortin-appelle-a-la-greve-_dep-6414472_actu.Htm\">\u00c0 Bohars, la CGT du centre Ren\u00e9 Fortin appelle \u00e0 la gr\u00e8ve<\/a>&nbsp;(Ouest-France)<\/p>\n\n\n\n<p><a href=\"https:\/\/www.lamarseillaise.fr\/accueil\/la-greve-du-nettoyage-se-poursuit-dans-le-metro-EG16452107\">La gr\u00e8ve du nettoyage&nbsp;se poursuit dans le m\u00e9tro<\/a> (La Marseillaise)<\/p>\n\n\n\n<p><a href=\"https:\/\/actu.fr\/grand-est\/nancy_54395\/reseau-stan-un-syndicat-annonce-une-greve-massive-a-nancy-le-2-septembre-jour-de-rentree-scolaire_61458629.html\">R\u00e9seau Stan : un syndicat annonce une gr\u00e8ve \u00ab\u00a0massive\u00a0\u00bb \u00e0 Nancy le 2 septembre, jour de rentr\u00e9e scolaire<\/a> (actu)<\/p>\n\n\n\n<p><a href=\"https:\/\/www.radio1.pf\/newrest-24-heures-pour-trouver-un-accord\/\">Newrest : 24 heures pour \u00e9viter la gr\u00e8ve<\/a> (Radio 1)<\/p>\n\n\n\n<p><a href=\"https:\/\/www.midilibre.fr\/2024\/08\/07\/le-pouget-au-centre-equestre-des-3-fontaines-le-torchon-brule-la-direction-et-des-salaries-12129302.php\">Le Pouget&nbsp;: au centre \u00e9questre des 3 Fontaines, le torchon br\u00fble entre la direction et des salari\u00e9s<\/a> (Midi libre)<\/p>\n\n\n\n<p><strong>Monde<\/strong><\/p>\n\n\n\n<p><strong><a href=\"https:\/\/www.liberation.fr\/international\/europe\/royaume-uni-apres-les-violences-dextreme-droite-des-manifestations-antiracistes-rassemblent-plusieurs-milliers-de-personnes-20240807_PZJEHVNVLVCGNKMHLQLANN2S6A\/\">Royaume-Uni&nbsp;: apr\u00e8s les violences d\u2019extr\u00eame droite, des manifestations antiracistes rassemblent plusieurs milliers de personnes<\/a> (Lib\u00e9ration)<\/strong><\/p>\n\n\n\n<p><a href=\"https:\/\/www.lebledparle.com\/camair-co-les-pilotes-a-bord-dune-greve\/\">Cameroun : Camair-co : Les pilotes \u00e0 bord d\u2019une gr\u00e8ve<\/a> (Le Bled Parle)<\/p>\n\n\n\n<p><a href=\"https:\/\/www.firstonline.info\/fr\/gr%C3%A8ve-des-plages-le-9-ao%C3%BBt-les-%C3%A9tablissements-en-r%C3%A9volte-contre-le-gouvernement-les-parasols-ferm%C3%A9s-pendant-deux-heures-voici-ce-qui-se-passe\/\">Italie : Gr\u00e8ve des plages le 9 ao\u00fbt, \u00e9tablissements en r\u00e9volte contre le gouvernement : parasols ferm\u00e9s pendant deux heures.<\/a> (First on line)<\/p>\n\n\n\n<p><a href=\"https:\/\/www.985fm.ca\/audio\/640298\/greve-dans-les-hotels-montrealais-ou-en-sont-les-negociations\">Gr\u00e8ve dans les h\u00f4tels montr\u00e9alais: o\u00f9 en sont les n\u00e9gociations?<\/a> (98.5)<\/p>\n\n\n\n<p><a href=\"https:\/\/www.msn.com\/fr-fr\/actualite\/monde\/centrafrique-le-personnel-de-l-assembl%C3%A9e-en-gr%C3%A8ve-pour-r%C3%A9clamer-des-arri%C3%A9r%C3%A9s-de-salaire\/ar-AA1oohBI?ocid=BingNewsVerp\">Centrafrique: le personnel de l\u2019Assembl\u00e9e en gr\u00e8ve pour r\u00e9clamer des arri\u00e9r\u00e9s de salaire<\/a> (RFI)<\/p>\n\n\n\n<p><strong>Analyse<\/strong><\/p>\n\n\n\n<p><strong><a href=\"https:\/\/reporterre.net\/130-poursuites-60-proces-7-detentions-La-repression-des-opposants-a-l-A69-en-chiffres\">130 poursuites, 60 proc\u00e8s&#8230; Le bilan de la r\u00e9pression des opposants \u00e0 l\u2019A69<\/a> (Reporterre)<\/strong><\/p>\n\n\n\n<p class=\"has-text-color has-link-color wp-elements-8edb6c5cf4203678c68cab8097fb2961\" style=\"color:#f80505\"><strong>6 ao\u00fbt<\/strong><\/p>\n\n\n\n<p><a href=\"https:\/\/www.humanite.fr\/social-et-economie\/hopital-delafontaine\/paris-2024-la-galere-des-agents-de-lhopital-delafontaine-pour-acceder-a-leur-etablissement\">Paris 2024 : la gal\u00e8re des agents de l\u2019h\u00f4pital Delafontaine pour acc\u00e9der \u00e0 leur \u00e9tablissement<\/a> (l\u2019Humanit\u00e9)<\/p>\n\n\n\n<p><strong><a href=\"https:\/\/reporterre.net\/Dans-les-Alpes-une-grande-marche-pour-lutter-contre-les-JO-2030\">Dans les Alpes, une grande marche pour lutter contre les&nbsp;JO&nbsp;2030<\/a> (Reporterre)<\/strong><\/p>\n\n\n\n<p><a href=\"https:\/\/www.bondyblog.fr\/societe\/prostitution-les-femmes-du-bois-de-vincennes-contraintes-de-deserter\/\">Prostitution : les femmes du bois de Vincennes contraintes de d\u00e9serter<\/a> (Le Bondy Blog)<\/p>\n\n\n\n<p><strong>Gr\u00e8ves<\/strong><\/p>\n\n\n\n<p><a href=\"https:\/\/www.zinfos974.com\/le-creolia-en-greve-les-salaries-reclament-une-hausse-de-salaire\/\">Le Cr\u00e9olia : En gr\u00e8ve, les salari\u00e9s r\u00e9clament une hausse de salaire<\/a> (zinfos 974)<\/p>\n\n\n\n<p><a href=\"https:\/\/www.temoignages.re\/social\/luttes-sociales\/article\/greve-a-l-hotel-exsel-creolia-le-6-aout-2024,111218\">Gr\u00e8ve \u00e0 l\u2019h\u00f4tel Exsel Creolia, le 6 ao\u00fbt 2024<\/a> (T\u00e9moignages)<\/p>\n\n\n\n<p><a href=\"https:\/\/la1ere.francetvinfo.fr\/mayotte\/le-syndicat-snuter-fsu-annonce-une-greve-illimitee-des-agents-a-compter-du-12-aout-1511531.html\">Le syndicat SNUTER-FSU annonce une gr\u00e8ve illimit\u00e9e des agents du SIDEVAM \u00e0 compter du 12 ao\u00fbt<\/a> (franceinfo)<\/p>\n\n\n\n<p><strong>Monde<\/strong><\/p>\n\n\n\n<p><a href=\"https:\/\/www.lesaffaires.com\/conflit-de-travail\/une-greve-ferroviaire-potentielle-inquiete-les-expediteurs-et-les-producteurs\/\"><strong>Canada<\/strong> : Une gr\u00e8ve ferroviaire potentielle inqui\u00e8te les exp\u00e9diteurs et les producteurs<\/a> (Les affaires)<\/p>\n\n\n\n<p><a href=\"https:\/\/www.msn.com\/fr-ca\/actualites\/ontario\/gr%C3%A8ve-des-loyers-%C3%A0-toronto-un-propri%C3%A9taire-d-immeubles-forc%C3%A9-de-faire-des-r%C3%A9parations\/ar-AA1ohUHY?ocid=BingNewsVerp\">Gr\u00e8ve des loyers \u00e0 <strong>Toronto<\/strong> : un propri\u00e9taire d\u2019immeubles forc\u00e9 de faire des r\u00e9parations<\/a> (Radio-Canada)<\/p>\n\n\n\n<p><a href=\"https:\/\/senego.com\/conflit-en-cours-chez-sabodala-gold-operations-greve-et-reclamations-persistantes-des-employes_1730502.html\"><strong>Mali<\/strong> : Conflit en cours chez Sabodala Gold Op\u00e9rations : Gr\u00e8ve et r\u00e9clamations persistantes des employ\u00e9s<\/a> (Senego)<\/p>\n\n\n\n<p><strong><a href=\"https:\/\/www.wsws.org\/fr\/articles\/2024\/08\/06\/dhdd-a06.html\">Le gouvernement Tinubu mobilise la police et l\u2019arm\u00e9e pour \u00e9craser les manifestations dans tout le Nigeria<\/a> (WSWS)<\/strong><\/p>\n\n\n\n<p><strong>Analyse<\/strong><\/p>\n\n\n\n<p><strong><a href=\"https:\/\/www.humanite.fr\/monde\/apple\/eric-brown-lemploye-dapple-qui-a-fait-plier-la-marque-a-la-pomme-sur-les-salaires\">Eric Brown, l\u2019employ\u00e9 d\u2019Apple qui a fait plier la marque \u00e0 la pomme sur les salaires<\/a> (l\u2019Humanit\u00e9)<\/strong><\/p>\n\n\n\n<p class=\"has-text-color has-link-color wp-elements-8576aad114e4f31cb5730f1a8dcfca32\" style=\"color:#f60707\"><strong>5 ao\u00fbt<\/strong><\/p>\n\n\n\n<p><a href=\"https:\/\/lepoing.net\/montpellier-rassemblement-pour-demander-la-liberation-de-paul-watson-fondateur-de-sea-sheperd\/\">Montpellier : rassemblement pour demander la lib\u00e9ration de Paul Watson, fondateur de Sea Sheperd<\/a> (Le Poing)<\/p>\n\n\n\n<p><strong><a href=\"https:\/\/www.humanite.fr\/social-et-economie\/fete-de-lhumanite-2024\/la-justice-sociale-au-coeur-de-la-fete-de-lhumanite\">La justice sociale au c\u0153ur de la F\u00eate de l&rsquo;Humanit\u00e9<\/a> (l\u2019Humanit\u00e9)<\/strong><\/p>\n\n\n\n<p><strong>Gr\u00e8ves<\/strong><\/p>\n\n\n\n<p><a href=\"https:\/\/www.ouest-france.fr\/bretagne\/groix-56590\/des-tensions-a-la-dechetterie-de-groix-un-salarie-mene-une-greve-de-la-faim-lorient-agglo-repond-7eacc012-5269-11ef-bf30-e7c92f086688\">Des tensions \u00e0 la d\u00e9chetterie de Groix&nbsp;: un salari\u00e9 m\u00e8ne une gr\u00e8ve de la faim, Lorient agglo r\u00e9pond<\/a> (Ouest-France)<\/p>\n\n\n\n<p><a href=\"https:\/\/www.francebleu.fr\/infos\/economie-social\/plan-social-chez-exxonmobil-a-port-jerome-sur-seine-deux-elus-communistes-ecrivent-a-emmanuel-macron-9376448\">Plan social chez ExxonMobil \u00e0 Port-J\u00e9r\u00f4me-sur-Seine&nbsp;: deux \u00e9lus communistes \u00e9crivent \u00e0 Emmanuel Macron<\/a> (ici)<\/p>\n\n\n\n<p><a href=\"https:\/\/www.laprovence.com\/article\/region\/1047295252272814\/prives-de-badges-les-salaries-du-nettoyage-du-metro-a-marseille-sont-en-greve\">Priv\u00e9s de badges, les salari\u00e9s du nettoyage du m\u00e9tro \u00e0 Marseille sont en gr\u00e8ve<\/a> (La Provence)<\/p>\n\n\n\n<p><strong>Monde<\/strong><\/p>\n\n\n\n<p><a href=\"https:\/\/www.msn.com\/fr-be\/actualite\/other\/les-dockers-am%C3%A9ricains-menacent-de-mener-une-gr%C3%A8ve-dans-plusieurs-ports\/ar-AA1od68F?ocid=BingNewsVerp\">Les dockers <strong>am\u00e9ricains<\/strong> menacent de mener une gr\u00e8ve dans plusieurs ports<\/a> (RTL)<\/p>\n\n\n\n<p class=\"has-text-color has-link-color wp-elements-6fb8e6891609045c9d09ee16f384ea3d\" style=\"color:#f40707\"><strong>3 ao\u00fbt<\/strong><\/p>\n\n\n\n<p><strong><a href=\"https:\/\/linsoumission.fr\/2024\/07\/30\/macron-treve\/\">Macron voudrait la tr\u00eave \u2026<\/a> (L\u2019Insoumission)<\/strong><\/p>\n\n\n\n<p><strong>Gr\u00e8ves<\/strong><\/p>\n\n\n\n<p><a href=\"https:\/\/www.lamarseillaise.fr\/social\/aix-en-provence-les-medecins-des-urgences-en-greve-FA16432421\">Aix-en-Provence : les m\u00e9decins des urgences en gr\u00e8ve<\/a> (La Marseillaise)<\/p>\n\n\n\n<p><a href=\"https:\/\/www.oisehebdo.fr\/2024\/08\/02\/noyon-purge-services-syndicats-inquiet-menace-greve\/\">Noyon. En pleine \u00abpurge\u00bb des services, les syndicats s\u2019inqui\u00e8tent et menacent de gr\u00e8ve<\/a> (Oise Hebdo)<\/p>\n\n\n\n<p><a href=\"https:\/\/www.letelegramme.fr\/finistere\/landerneau-29800\/un-preavis-de-greve-depose-a-lhopital-de-landerneau-6637019.php\">Un pr\u00e9avis de gr\u00e8ve d\u00e9pos\u00e9 \u00e0 l\u2019h\u00f4pital de Landerneau<\/a> (Le T\u00e9l\u00e9gramme)<\/p>\n\n\n\n<p><a href=\"https:\/\/www.francebleu.fr\/infos\/societe\/urgences-de-l-hopital-du-havre-saturees-les-personnels-se-mettent-en-greve-pour-denoncer-une-situation-critique-4908191\">Urgences de l&rsquo;h\u00f4pital du Havre satur\u00e9es&nbsp;: les personnels se mettent en gr\u00e8ve pour d\u00e9noncer \u00ab\u00a0une situation critique\u00a0\u00bb<\/a> (ici)<\/p>\n\n\n\n<p><strong>Monde<\/strong><\/p>\n\n\n\n<p><a href=\"https:\/\/www.msn.com\/fr-ca\/actualites\/R%C3%A9gion%20de%20Qu%C3%A9bec\/secteur-de-l-h%C3%B4tellerie-le-mouvement-de-gr%C3%A8ve-prend-de-l-ampleur-%C3%A0-qu%C3%A9bec\/ar-AA1o9pju?ocid=BingNewsVerp\">Secteur de l\u2019h\u00f4tellerie : le mouvement de gr\u00e8ve prend de l\u2019ampleur \u00e0 <strong>Qu\u00e9bec<\/strong><\/a> (Radio Canada)<\/p>\n\n\n\n<p><a href=\"https:\/\/www.7sur7.be\/belgique\/les-syndicats-de-de-lijn-menacent-de-faire-greve-a-la-cote~aea9a545\/?referrer=https%3A%2F%2Fwww.bing.com%2F\"><strong>Belgique<\/strong> : Les syndicats de De Lijn menacent de faire gr\u00e8ve \u00e0 la C\u00f4te<\/a>&nbsp; (7 sur 7)<\/p>\n\n\n\n<p class=\"has-text-color has-link-color wp-elements-223df96cc906580e31e1dabbce380c14\" style=\"color:#f70202\"><strong>2 ao\u00fbt<\/strong><\/p>\n\n\n\n<p><a href=\"https:\/\/lepoing.net\/un-logement-pour-annie-et-un-collectif-pour-plus-de-hlm-a-montpellier-en-route\/\">Un logement pour Annie, et un collectif pour plus de HLM \u00e0 Montpellier en route<\/a> (Le Poing)<\/p>\n\n\n\n<p><a href=\"https:\/\/rebellyon.info\/RASSEMBLEMENT-STOP-GENOCIDE-DE-GAZA-a-26161\">RASSEMBLEMENT&nbsp;\u00ab&nbsp;STOP&nbsp;GENOCIDE&nbsp;DE&nbsp;GAZA&nbsp;\u00bb \u00e0&nbsp;LYON&nbsp;samedi 3&nbsp;ao\u00fbt 2024<\/a> (Rebellyon)<\/p>\n\n\n\n<p><strong>Gr\u00e8ves<\/strong><\/p>\n\n\n\n<p><a href=\"https:\/\/www.francebleu.fr\/infos\/economie-social\/nouvelle-greve-des-agents-de-nettoyage-dans-le-metro-a-marseille-1978133\">Nouvelle gr\u00e8ve des agents de nettoyage dans le m\u00e9tro \u00e0 Marseille<\/a> (ici)<\/p>\n\n\n\n<p><a href=\"https:\/\/la1ere.francetvinfo.fr\/polynesie\/tahiti\/polynesie-francaise\/greve-des-agents-de-surete-a-l-aeroport-fret-perturbe-air-tahiti-invite-ses-clients-a-se-presenter-en-avance-1510598.html\">Gr\u00e8ve des agents de s\u00fbret\u00e9 \u00e0 l&rsquo;a\u00e9roport : Fret perturb\u00e9, Air Tahiti invite ses clients \u00e0 se pr\u00e9senter en avance<\/a> (franceinfo)<\/p>\n\n\n\n<p><a href=\"https:\/\/www.francebleu.fr\/infos\/transports\/une-greve-va-perturber-les-transports-en-commun-ce-samedi-au-mans-5301820\">Une gr\u00e8ve va perturber la circulation des transports en commun ce samedi au Mans<\/a> (ici)<\/p>\n\n\n\n<p><strong>Monde<\/strong><\/p>\n\n\n\n<p><a href=\"https:\/\/www.lessentiel.lu\/fr\/story\/greve-des-infirmiers-des-blocs-operatoires-fermes-dans-les-hopitaux-au-portugal-103160730\">Des blocs op\u00e9ratoires ferm\u00e9s dans les h\u00f4pitaux au <strong>Portugal<\/strong><\/a> (L\u2019Essentiel)<\/p>\n\n\n\n<p><a href=\"https:\/\/senego.com\/greve-a-sabodala-gold-operations-les-travailleurs-reclament-le-paiement-des-heures-supplementaires-video_1729748.html\"><strong>Mali<\/strong> : Gr\u00e8ve \u00e0 Sabodala Gold Op\u00e9rations : Les travailleurs r\u00e9clament le paiement des heures suppl\u00e9mentaires (Vid\u00e9o)<\/a> (Senego)<\/p>\n\n\n\n<p><a href=\"https:\/\/www.boursier.com\/actualites\/economie\/au-chili-les-travailleurs-de-la-plus-grande-mine-de-cuivre-du-monde-appeles-a-la-greve-51346.html\">Au <strong>Chili<\/strong>, les travailleurs de la plus grande mine de cuivre du monde appel\u00e9s \u00e0 la gr\u00e8ve<\/a> (Boursier com)<\/p>\n\n\n\n<p><a href=\"https:\/\/www.sudinfo.be\/id864158\/article\/2024-08-02\/trois-salaries-du-brico-mouscron-lancent-un-mouvement-de-greve-suite-un\"><strong>Belgique<\/strong> : Trois salari\u00e9s du Brico \u00e0 Mouscron lancent un mouvement de gr\u00e8ve suite \u00e0 un \u00ab&nbsp;licenciement abusif&nbsp;\u00bb<\/a>(Sudinfo)<\/p>\n\n\n\n<p><a href=\"https:\/\/fr.euronews.com\/video\/2024\/08\/02\/les-artistes-de-jeux-video-manifestent-contre-la-menace-de-lia\"><strong>Etats-Unis<\/strong> : Vid\u00e9o. Les artistes de jeux vid\u00e9o manifestent contre la menace de l&rsquo;IA<\/a> (Euronews)<\/p>\n\n\n\n<p><a href=\"https:\/\/www.msn.com\/fr-fr\/actualite\/other\/angleterre-pourquoi-les-m%C3%A9decins-g%C3%A9n%C3%A9ralistes-lancent-un-mouvement-social-historique\/ar-BB1r2j2B?ocid=BingNewsVerp\"><strong>Angleterre<\/strong> : pourquoi les m\u00e9decins g\u00e9n\u00e9ralistes lancent un mouvement social historique<\/a> (Ouest-France)<\/p>\n\n\n\n<p><strong>Analyse<\/strong><\/p>\n\n\n\n<p><strong><a href=\"https:\/\/www.contretemps.eu\/venezuela-apprehender-la-crise-politique-par-le-syndicalisme\/\">Venezuela : appr\u00e9hender la crise politique par le syndicalisme<\/a> (Contretemps)<\/strong><\/p>\n\n\n\n<p><strong><a href=\"https:\/\/www.humanite.fr\/social-et-economie\/architecture\/a-lyon-la-difficile-implantation-dune-bourse-du-travail\">\u00c0 la d\u00e9couverte des Bourses du travail #2. \u00c0 Lyon, la difficile implantation d\u2019une bourse du travail<\/a> (l\u2019Humanit\u00e9)<\/strong><\/p>\n\n\n\n<p><strong><a href=\"https:\/\/reporterre.net\/Vivre-toute-l-annee-au-camping-symptome-de-la-crise-du-logement\">Vivre toute l\u2019ann\u00e9e au camping, sympt\u00f4me de la crise du logemen<\/a>t (Reporterre)<\/strong><\/p>\n\n\n\n<p><a href=\"https:\/\/www.lemonde.fr\/m-le-mag\/article\/2024\/08\/02\/alixe-kombila-visage-de-la-lutte-a-l-ecole-emmaus_6264716_4500055.html\">Alixe Kombila, visage de la lutte sociale \u00e0 Emma\u00fcs<\/a> (Le Monde)<\/p>\n\n\n\n<p class=\"has-text-color has-link-color wp-elements-8fa1f246ffe256bde631b53e984a5c53\" style=\"color:#f40707\"><strong>1er ao\u00fbt<\/strong><\/p>\n\n\n\n<p><strong><a href=\"https:\/\/www.humanite.fr\/social-et-economie\/btp\/decret-canicule-pour-le-btp-a-40c-les-gars-sont-malgre-tout-sur-les-chantiers-estime-la-cgt\">D\u00e9cret canicule pour le BTP&nbsp;: \u00ab&nbsp;A 40\u00b0C les gars sont malgr\u00e9 tout sur les chantiers \u00bb, estime la CGT<\/a> (l\u2019Humanit\u00e9)<\/strong><\/p>\n\n\n\n<p><strong>Gr\u00e8ves<\/strong><\/p>\n\n\n\n<p><a href=\"https:\/\/la1ere.francetvinfo.fr\/polynesie\/tahiti\/polynesie-francaise\/greve-des-agents-de-surete-aeroportuaire-le-fret-local-impacte-1510274.html\">Gr\u00e8ve des agents de s\u00fbret\u00e9 a\u00e9roportuaire : le fret local impact\u00e9<\/a> (franceinfo)<\/p>\n\n\n\n<p><a href=\"https:\/\/www.ladepeche.fr\/2024\/07\/31\/plus-de-trois-mois-de-greve-a-lhopital-de-lavaur-12115221.php\">Plus de trois mois de gr\u00e8ve \u00e0 l\u2019h\u00f4pital de Lavaur<\/a> (La D\u00e9p\u00eache)<\/p>\n\n\n\n<p><a href=\"https:\/\/www.laprovence.com\/article\/region\/133179508049315\/les-femmes-de-chambre-du-radisson-convoquees-par-la-police\">Les femmes de chambre de l&rsquo;h\u00f4tel Radisson Blu convoqu\u00e9es par la police \u00e0 Marseille<\/a> (La Provence)<\/p>\n\n\n\n<p><a href=\"https:\/\/www.lemessager.fr\/649321072\/article\/2024-07-31\/trois-des-quatre-dechetteries-d-annemasse-agglo-fermees-du-jeudi-1er-au-samedi-3\">Trois des quatre d\u00e9chetteries d\u2019Annemasse Agglo ferm\u00e9es du jeudi 1er au samedi 3 ao\u00fbt<\/a> (Le Messager)<\/p>\n\n\n\n<p><strong>Monde<\/strong><\/p>\n\n\n\n<p><a href=\"https:\/\/www.msn.com\/fr-fr\/actualite\/technologie-digital\/gr%C3%A8ve-chez-samsung-des-dirigeants-syndicaux-protestent-devant-la-maison-du-pdg\/ar-BB1r0uG8?ocid=BingNewsVerp\"><strong>Cor\u00e9e<\/strong> : Gr\u00e8ve chez Samsung: des dirigeants syndicaux protestent devant la maison du PDG<\/a> (AFP)<\/p>\n\n\n\n<p><a href=\"https:\/\/la1ere.francetvinfo.fr\/reunion\/madagascar-les-etudiants-de-l-ecole-polytechnique-d-antananarivo-sont-en-greve-1510397.html\"><strong>Madagascar<\/strong> : les \u00e9tudiants de l&rsquo;\u00e9cole polytechnique d&rsquo;Antananarivo sont en gr\u00e8ve<\/a> (franceinfo)<\/p>\n\n\n\n<p><a href=\"https:\/\/fr.investing.com\/news\/commodities-news\/les-syndicats-de-transport-boliviens-entament-une-greve-pour-protester-contre-la-crise-du-carburant-93CH-2505757\">Les syndicats de transport <strong>boliviens<\/strong> entament une gr\u00e8ve pour protester contre la crise du carburan<\/a>t (Investing)<\/p>\n\n\n\n<p><strong>Analyse<\/strong><\/p>\n\n\n\n<p><strong><a href=\"https:\/\/reporterre.net\/Repris-par-ses-salaries-Duralex-refuse-de-casser\">\u00c0 Duralex, les salari\u00e9s devenus patrons font face \u00e0 d\u2019immenses d\u00e9fis<\/a> (Reporterre)<\/strong><\/p>\n\n\n\n<p><a href=\"https:\/\/www.streetpress.com\/sujet\/1722418452-combat-agent-orange-dioxine-guerre-vietnam-communaute-diaspora-tran-to-nga-proces\">Comment le combat contre l\u2019agent orange a mobilis\u00e9 la communaut\u00e9 vietnamienne<\/a> (Street Press)<\/p>\n","protected":false},"excerpt":{"rendered":"<p>31 ao\u00fbt Syndicats&nbsp;: de l\u2019urgence d\u2019appeler \u00e0 manifester le 7 septembre contre le coup de force de&nbsp;Macron. (Arguments pour la lutte sociale) Face au coup de force de Macron\u00a0: mobilisation\u00a0! (Bellaciao) Montpellier : le tribunal administratif confirme l\u2019interdiction des manifestations pro-Palestine, des militants verbalis\u00e9s (Le Poing) Expulsion \u00ab&nbsp;extr\u00eamement violente&nbsp;\u00bb de la zad contre l\u2019A69 (Reporterre) &#8230; <a title=\"Ao\u00fbt &#8211; Social\" class=\"read-more\" href=\"https:\/\/www.rdpemancipation.org\/?p=131261\" aria-label=\"En savoir plus sur Ao\u00fbt &#8211; Social\">Lire la suite<\/a><\/p>\n","protected":false},"author":1,"featured_media":0,"comment_status":"closed","ping_status":"closed","sticky":false,"template":"","format":"standard","meta":{"_lmt_disableupdate":"","_lmt_disable":"","_jetpack_memberships_contains_paid_content":false,"footnotes":""},"categories":[8],"tags":[],"class_list":["post-131261","post","type-post","status-publish","format-standard","hentry","category-social"],"modified_by":"man","jetpack_featured_media_url":"","jetpack_sharing_enabled":true,"_links":{"self":[{"href":"https:\/\/www.rdpemancipation.org\/index.php?rest_route=\/wp\/v2\/posts\/131261","targetHints":{"allow":["GET"]}}],"collection":[{"href":"https:\/\/www.rdpemancipation.org\/index.php?rest_route=\/wp\/v2\/posts"}],"about":[{"href":"https:\/\/www.rdpemancipation.org\/index.php?rest_route=\/wp\/v2\/types\/post"}],"author":[{"embeddable":true,"href":"https:\/\/www.rdpemancipation.org\/index.php?rest_route=\/wp\/v2\/users\/1"}],"replies":[{"embeddable":true,"href":"https:\/\/www.rdpemancipation.org\/index.php?rest_route=%2Fwp%2Fv2%2Fcomments&post=131261"}],"version-history":[{"count":46,"href":"https:\/\/www.rdpemancipation.org\/index.php?rest_route=\/wp\/v2\/posts\/131261\/revisions"}],"predecessor-version":[{"id":131978,"href":"https:\/\/www.rdpemancipation.org\/index.php?rest_route=\/wp\/v2\/posts\/131261\/revisions\/131978"}],"wp:attachment":[{"href":"https:\/\/www.rdpemancipation.org\/index.php?rest_route=%2Fwp%2Fv2%2Fmedia&parent=131261"}],"wp:term":[{"taxonomy":"category","embeddable":true,"href":"https:\/\/www.rdpemancipation.org\/index.php?rest_route=%2Fwp%2Fv2%2Fcategories&post=131261"},{"taxonomy":"post_tag","embeddable":true,"href":"https:\/\/www.rdpemancipation.org\/index.php?rest_route=%2Fwp%2Fv2%2Ftags&post=131261"}],"curies":[{"name":"wp","href":"https:\/\/api.w.org\/{rel}","templated":true}]}}