{"id":131245,"date":"2024-07-31T23:56:21","date_gmt":"2024-07-31T21:56:21","guid":{"rendered":"https:\/\/www.rdpemancipation.org\/?p=131245"},"modified":"2024-08-30T19:33:09","modified_gmt":"2024-08-30T17:33:09","slug":"aout-jeunesse-education-4","status":"publish","type":"post","link":"https:\/\/www.rdpemancipation.org\/?p=131245","title":{"rendered":"Ao\u00fbt &#8211; Jeunesse\/\u00c9ducation"},"content":{"rendered":"\n<p><\/p>\n\n\n\n<p><strong><strong><mark style=\"background-color:rgba(0, 0, 0, 0);color:#ed1010\" class=\"has-inline-color\">30 ao\u00fbt<\/mark><\/strong><\/strong><\/p>\n\n\n\n<p><a href=\"https:\/\/www.alternatives-economiques.fr\/ecoles-un-nombre-record-dadultes-va-manquer-a-lappel\/00112269\" target=\"_blank\" rel=\"noreferrer noopener\">Dans les \u00e9coles, un nombre record d\u2019adultes va manquer \u00e0 l\u2019appel<\/a>&nbsp;(Alter \u00e9co)<\/p>\n\n\n\n<p><a href=\"https:\/\/www.alternatives-economiques.fr\/philippe-watrelot\/dirige-vraiment-leducation-nationale\/00112236\" target=\"_blank\" rel=\"noreferrer noopener\">Qui dirige vraiment l\u2019Education nationale ?<\/a>&nbsp;(Alter \u00e9co)<\/p>\n\n\n\n<p><a href=\"https:\/\/www.francetvinfo.fr\/france\/rentree\/avec-une-ministre-demissionnaire-a-sa-tete-pourquoi-l-education-nationale-fait-sa-rentree-des-classes-dans-une-atmosphere-etrange_6744814.html\">Avec une ministre d\u00e9missionnaire \u00e0 sa t\u00eate, pourquoi l&rsquo;Education nationale fait sa rentr\u00e9e des classes dans \u00ab\u00a0une atmosph\u00e8re \u00e9trange\u00a0\u00bb<\/a> (France Info)<\/p>\n\n\n\n<p><a href=\"https:\/\/www.mediapart.fr\/journal\/france\/260824\/lycees-prives-revelations-sur-une-rallonge-de-12-milliard-d-euros-d-argent-public\" target=\"_blank\" rel=\"noreferrer noopener\">Lyc\u00e9es priv\u00e9s : r\u00e9v\u00e9lations sur une rallonge de 1,2 milliard \u20ac d\u2019argent public<\/a>&nbsp; (Mediapart)<\/p>\n\n\n\n<p><a href=\"https:\/\/rapportsdeforce.fr\/breves\/rentree-scolaire-trois-syndicats-du-premier-degre-appellent-a-la-greve-le-10-septembre-082621762\" target=\"_blank\" rel=\"noreferrer noopener\">Rentr\u00e9e scolaire : trois syndicats du premier degr\u00e9 appellent \u00e0 la gr\u00e8ve le 10 septembre<\/a>&nbsp;(Rapports de Force)<\/p>\n\n\n\n<p><a href=\"https:\/\/www.alternatives-economiques.fr\/philippe-watrelot\/adresse-futur-ministre-de-leducation\/00112086\" target=\"_blank\" rel=\"noreferrer noopener\">Adresse au futur ministre de l\u2019Education<\/a>&nbsp;(Alter \u00e9co)<\/p>\n\n\n\n<p><a href=\"https:\/\/www.mediapart.fr\/journal\/france\/060824\/syndicalistes-etudiantes-ayant-perdu-leur-logement-le-crous-de-rennes-gagne-une-premiere-manche-judiciaire\" target=\"_blank\" rel=\"noreferrer noopener\">Syndicalistes \u00e9tudiantes ayant perdu leur logement : le Crous de Rennes gagne une premi\u00e8re manche judiciaire<\/a>&nbsp;(Mediapart)<\/p>\n\n\n\n<p><strong><strong><mark style=\"background-color:rgba(0, 0, 0, 0);color:#ed1010\" class=\"has-inline-color\">3 ao\u00fbt<\/mark><\/strong><\/strong><\/p>\n\n\n\n<p><a href=\"https:\/\/www.alternatives-economiques.fr\/signifie-gratuite-integrale-de-lecole-voulue-nfp\/00111970\" target=\"_blank\" rel=\"noreferrer noopener\">Que signifie la \u00ab gratuit\u00e9 int\u00e9grale de l\u2019\u00e9cole \u00bb voulue par le NFP ?<\/a> (Alter \u00e9co)<\/p>\n\n\n\n<p><a href=\"https:\/\/www.alternatives-economiques.fr\/marie-duru-bellat\/leurope-de-leducation-etre-gouvernee-nombres\/00111439\" target=\"_blank\" rel=\"noreferrer noopener\"><strong>L\u2019Europe de l\u2019\u00e9ducation doit-elle \u00eatre gouvern\u00e9e par les nombres ?<\/strong><\/a> (Alter \u00e9co)<\/p>\n\n\n\n<p><\/p>\n","protected":false},"excerpt":{"rendered":"<p>30 ao\u00fbt Dans les \u00e9coles, un nombre record d\u2019adultes va manquer \u00e0 l\u2019appel&nbsp;(Alter \u00e9co) Qui dirige vraiment l\u2019Education nationale ?&nbsp;(Alter \u00e9co) Avec une ministre d\u00e9missionnaire \u00e0 sa t\u00eate, pourquoi l&rsquo;Education nationale fait sa rentr\u00e9e des classes dans \u00ab\u00a0une atmosph\u00e8re \u00e9trange\u00a0\u00bb (France Info) Lyc\u00e9es priv\u00e9s : r\u00e9v\u00e9lations sur une rallonge de 1,2 milliard \u20ac d\u2019argent public&nbsp; &#8230; <a title=\"Ao\u00fbt &#8211; Jeunesse\/\u00c9ducation\" class=\"read-more\" href=\"https:\/\/www.rdpemancipation.org\/?p=131245\" aria-label=\"En savoir plus sur Ao\u00fbt &#8211; Jeunesse\/\u00c9ducation\">Lire la suite<\/a><\/p>\n","protected":false},"author":1,"featured_media":0,"comment_status":"closed","ping_status":"closed","sticky":false,"template":"","format":"standard","meta":{"_lmt_disableupdate":"","_lmt_disable":"","_jetpack_memberships_contains_paid_content":false,"footnotes":""},"categories":[15],"tags":[],"class_list":["post-131245","post","type-post","status-publish","format-standard","hentry","category-jeunesse-education"],"modified_by":"nch","jetpack_featured_media_url":"","jetpack_sharing_enabled":true,"_links":{"self":[{"href":"https:\/\/www.rdpemancipation.org\/index.php?rest_route=\/wp\/v2\/posts\/131245","targetHints":{"allow":["GET"]}}],"collection":[{"href":"https:\/\/www.rdpemancipation.org\/index.php?rest_route=\/wp\/v2\/posts"}],"about":[{"href":"https:\/\/www.rdpemancipation.org\/index.php?rest_route=\/wp\/v2\/types\/post"}],"author":[{"embeddable":true,"href":"https:\/\/www.rdpemancipation.org\/index.php?rest_route=\/wp\/v2\/users\/1"}],"replies":[{"embeddable":true,"href":"https:\/\/www.rdpemancipation.org\/index.php?rest_route=%2Fwp%2Fv2%2Fcomments&post=131245"}],"version-history":[{"count":5,"href":"https:\/\/www.rdpemancipation.org\/index.php?rest_route=\/wp\/v2\/posts\/131245\/revisions"}],"predecessor-version":[{"id":131955,"href":"https:\/\/www.rdpemancipation.org\/index.php?rest_route=\/wp\/v2\/posts\/131245\/revisions\/131955"}],"wp:attachment":[{"href":"https:\/\/www.rdpemancipation.org\/index.php?rest_route=%2Fwp%2Fv2%2Fmedia&parent=131245"}],"wp:term":[{"taxonomy":"category","embeddable":true,"href":"https:\/\/www.rdpemancipation.org\/index.php?rest_route=%2Fwp%2Fv2%2Fcategories&post=131245"},{"taxonomy":"post_tag","embeddable":true,"href":"https:\/\/www.rdpemancipation.org\/index.php?rest_route=%2Fwp%2Fv2%2Ftags&post=131245"}],"curies":[{"name":"wp","href":"https:\/\/api.w.org\/{rel}","templated":true}]}}