{"id":128437,"date":"2024-05-01T11:54:45","date_gmt":"2024-05-01T09:54:45","guid":{"rendered":"https:\/\/www.rdpemancipation.org\/?p=128437"},"modified":"2024-05-25T06:58:37","modified_gmt":"2024-05-25T04:58:37","slug":"mai-cultures-4","status":"publish","type":"post","link":"https:\/\/www.rdpemancipation.org\/?p=128437","title":{"rendered":"Mai &#8211; Cultures"},"content":{"rendered":"\n<p class=\"has-text-color has-link-color wp-elements-f2b31615f4c95829108852fb3b4de4e0\" style=\"color:#b20000\"><strong>25 mai<\/strong><\/p>\n\n\n\n<p><a href=\"https:\/\/www.en-attendant-nadeau.fr\/2024\/05\/25\/nous-vivons-deux-fois-bauman\/\" title=\"\">Nous vivons deux fois<\/a> (En attendant Nadeau).<\/p>\n\n\n\n<p><a href=\"https:\/\/link.newsletter.franceculture.fr\/m\/ml\/7429\/872975\/UMABvqdIkrk6roMNwQCPoW9C5lXTLJmivm821gAfcU8=\/l8NLucTfeRj-x-ajvnyeulx8KEtzyaOdjX5K4m48mUQ=\/\" title=\"\">\u00ab\u00a0Les Jeux au Coll\u00e8ge de France\u00a0\u00bb<\/a> (France Culture).<\/p>\n\n\n\n<p><a href=\"https:\/\/public-api.wordpress.com\/bar\/?stat=groovemails-events&amp;bin=wpcom_email_click&amp;redirect_to=https%3A%2F%2Fentreleslignesentrelesmots.wordpress.com%2F2024%2F05%2F24%2Fpatrick-chamoiseau-etre-kanak-en-kanaky%2F&amp;sr=0&amp;signature=8eeff69e12fb8b85d84a69c8dc27064e&amp;blog_id=12785448&amp;user=0ff88261f2c135c936be37d66e379a6f&amp;_e=eyJlcnJvciI6bnVsbCwiYmxvZ19pZCI6MTI3ODU0NDgsImJsb2dfbGFuZyI6ImZyIiwic2l0ZV9pZF9sYWJlbCI6IndwY29tIiwiaGFzX2ZlYXR1cmVkX2ltYWdlIjoiMCIsInN1YnNjcmliZXJfaWQiOiIzMDM5NzQ3NTMiLCJfdWkiOiIwZmY4ODI2MWYyYzEzNWM5MzZiZTM3ZDY2ZTM3OWE2ZiIsIl91dCI6ImFub24iLCJlbWFpbF9kb21haW4iOiJ5YWhvby5jb20iLCJwb3N0X2lkIjo4MjM5OCwidXNlcl9lbWFpbCI6ImNwcmV2b3N0OTFAeWFob28uY29tIiwiZGF0ZV9zZW50IjoiMjAyNC0wNS0yNCIsImVtYWlsX2lkIjoiNTIxMGE5MTM5NjUyYzE5NjAxOTU5NDFjNGMwNTI4NmYiLCJlbWFpbF9uYW1lIjoibmV3LXBvc3QiLCJ0ZW1wbGF0ZSI6Im5ldy1wb3N0IiwibGlua19kZXNjIjoicG9zdC11cmwiLCJhbmNob3JfdGV4dCI6IlBhdHJpY2sgQ0hBTU9JU0VBVVx1MDBhMDpcdTAwYTBcdTAwY2FUUkUgS0FOQUsgRU5cdTAwYTBLQU5BS1kiLCJfZHIiOm51bGwsIl9kbCI6Ilwvd3AtY3Jvbi5waHA\/ZG9pbmdfd3BfY3Jvbj0xNzE2NTY0NjI2LjkwNDkyMjk2MjE4ODcyMDcwMzEyNTAiLCJfZW4iOiJ3cGNvbV9lbWFpbF9jbGljayIsIl90cyI6MTcxNjU2NDcyMTM2NiwiYnJvd3Nlcl90eXBlIjoicGhwLWFnZW50IiwiX2F1YSI6IndwY29tLXRyYWNrcy1jbGllbnQtdjAuMyIsIl91bCI6bnVsbCwiYmxvZ190eiI6IjAiLCJ1c2VyX2xhbmciOm51bGx9&amp;_z=z\" target=\"_blank\" rel=\"noreferrer noopener\">Patrick CHAMOISEAU\u00a0:\u00a0\u00caTRE KANAK EN\u00a0KANAKY<\/a> (Entre les lignes entre les mots).<\/p>\n\n\n\n<p><a href=\"https:\/\/www.nonfiction.fr\/article-12053-comprendre-la-seconde-guerre-mondiale.htm\">Comprendre la Seconde Guerre mondiale<\/a> (Nonfiction).<\/p>\n\n\n\n<p><a href=\"https:\/\/link.newsletter.radiofrance.fr\/m\/ml\/7429\/873069\/CnGC9GyUaKZzZQqs6RiWym9C5lXTLJmivm821gAfcU8=\/NKTd4fi2JOSCXDIkn6XB742F1IANGwWXgi-61nYxO78=\/\" title=\"\">In the mood for music<\/a> (FIP).<\/p>\n\n\n\n<div class=\"wp-block-columns is-layout-flex wp-container-core-columns-is-layout-9d6595d7 wp-block-columns-is-layout-flex\">\n<div class=\"wp-block-column is-layout-flow wp-block-column-is-layout-flow\" style=\"flex-basis:100%\"><div class=\"wp-block-image\">\n<figure class=\"alignleft size-full is-resized\"><img data-recalc-dims=\"1\" loading=\"lazy\" decoding=\"async\" width=\"560\" height=\"315\" src=\"https:\/\/i0.wp.com\/www.rdpemancipation.org\/wp-content\/uploads\/2024\/05\/560x315_wong-kar-wai-585.webp?resize=560%2C315&#038;ssl=1\" alt=\"\" class=\"wp-image-129274\" style=\"width:297px;height:auto\" srcset=\"https:\/\/i0.wp.com\/www.rdpemancipation.org\/wp-content\/uploads\/2024\/05\/560x315_wong-kar-wai-585.webp?w=560&amp;ssl=1 560w, https:\/\/i0.wp.com\/www.rdpemancipation.org\/wp-content\/uploads\/2024\/05\/560x315_wong-kar-wai-585.webp?resize=300%2C169&amp;ssl=1 300w\" sizes=\"auto, (max-width: 560px) 100vw, 560px\" \/><figcaption class=\"wp-element-caption\"><sup>Wong Kar-wai \u00e0 Shangai en 2016 \/ Getty \u00a9Radio France<\/sup><\/figcaption><\/figure>\n<\/div><\/div>\n<\/div>\n\n\n\n<p class=\"has-text-color has-link-color wp-elements-d4bc7d698d55d307e3f6797eaf29f5ab\" style=\"color:#b30000\"><strong>24 mai<\/strong><\/p>\n\n\n\n<p><a href=\"https:\/\/www.en-attendant-nadeau.fr\/2024\/05\/24\/en-scene-camarades-jourdheuil\/\" title=\"\">En sc\u00e8ne, camarades !<\/a> (En attendant Nadeau).<\/p>\n\n\n\n<p><a href=\"https:\/\/www.humanite.fr\/culture-et-savoir\/festival-de-cannes\/cannes-2024-lamour-ouf-gilles-lellouche-fait-son-film-americain\" title=\"\">Cannes 2024&nbsp;: \u00ab&nbsp;L\u2019amour ouf&nbsp;\u00bb, Gilles Lellouche<\/a> (L&rsquo;Humanit\u00e9).<\/p>\n\n\n\n<p><a href=\"https:\/\/www.fabula.org\/actualites\/120165\/baudelaire-au-grand-complet.html\">Baudelaire au grand complet<\/a> (Fabula).<\/p>\n\n\n\n<p><a href=\"https:\/\/link.newsletter.radiofrance.fr\/m\/ml\/7429\/873069\/CnGC9GyUaKZzZQqs6RiWym9C5lXTLJmivm821gAfcU8=\/NKTd4fi2JOSCXDIkn6XB74s3XBZueyGYSFFMGetPpac=\/\" title=\"\">Pasolini, po\u00e8te de la provocation<\/a> (France Culture).<\/p>\n\n\n\n<div class=\"wp-block-columns is-layout-flex wp-container-core-columns-is-layout-9d6595d7 wp-block-columns-is-layout-flex\">\n<div class=\"wp-block-column is-layout-flow wp-block-column-is-layout-flow\" style=\"flex-basis:100%\"><div class=\"wp-block-image\">\n<figure class=\"alignleft size-full is-resized\"><img data-recalc-dims=\"1\" loading=\"lazy\" decoding=\"async\" width=\"560\" height=\"315\" src=\"https:\/\/i0.wp.com\/www.rdpemancipation.org\/wp-content\/uploads\/2024\/05\/560x315_pasolini1962-03-29-gettyimages-509462260.webp?resize=560%2C315&#038;ssl=1\" alt=\"\" class=\"wp-image-129250\" style=\"width:295px;height:auto\" srcset=\"https:\/\/i0.wp.com\/www.rdpemancipation.org\/wp-content\/uploads\/2024\/05\/560x315_pasolini1962-03-29-gettyimages-509462260.webp?w=560&amp;ssl=1 560w, https:\/\/i0.wp.com\/www.rdpemancipation.org\/wp-content\/uploads\/2024\/05\/560x315_pasolini1962-03-29-gettyimages-509462260.webp?resize=300%2C169&amp;ssl=1 300w\" sizes=\"auto, (max-width: 560px) 100vw, 560px\" \/><figcaption class=\"wp-element-caption\"><sup>Pier Paolo Pasolini et l&rsquo;actrice Laura Betti pr\u00e9sentent le film \u00ab\u00a0Accattone\u00a0\u00bb (29.03.1962) \u00a9Getty &#8211; Photo by Keystone-France\/Gamma-Rapho via Getty Images<\/sup><\/figcaption><\/figure>\n<\/div><\/div>\n<\/div>\n\n\n\n<p class=\"has-text-color has-link-color wp-elements-f47707166aeb5cdecbfef9ad31155054\" style=\"color:#b50000\"><strong>23 mai<\/strong><\/p>\n\n\n\n<p><a href=\"https:\/\/public-api.wordpress.com\/bar\/?stat=groovemails-events&amp;bin=wpcom_email_click&amp;redirect_to=https%3A%2F%2Fentreleslignesentrelesmots.wordpress.com%2F2024%2F05%2F22%2Fvoyages-dans-le-temps-et-lespace-33%2F&amp;sr=0&amp;signature=d5422e94d6d4aa26ffabc49880dfd29b&amp;blog_id=12785448&amp;user=0ff88261f2c135c936be37d66e379a6f&amp;_e=eyJlcnJvciI6bnVsbCwiYmxvZ19pZCI6MTI3ODU0NDgsImJsb2dfbGFuZyI6ImZyIiwic2l0ZV9pZF9sYWJlbCI6IndwY29tIiwiaGFzX2ZlYXR1cmVkX2ltYWdlIjoiMCIsInN1YnNjcmliZXJfaWQiOiIzMDM5NzQ3NTMiLCJfdWkiOiIwZmY4ODI2MWYyYzEzNWM5MzZiZTM3ZDY2ZTM3OWE2ZiIsIl91dCI6ImFub24iLCJlbWFpbF9kb21haW4iOiJ5YWhvby5jb20iLCJwb3N0X2lkIjo4MTg3OSwidXNlcl9lbWFpbCI6ImNwcmV2b3N0OTFAeWFob28uY29tIiwiZGF0ZV9zZW50IjoiMjAyNC0wNS0yMiIsImVtYWlsX2lkIjoiZjA3YTAyODI5OTI4NTFmMGE4OTMzYjUyOTk2ZGU5Y2EiLCJlbWFpbF9uYW1lIjoibmV3LXBvc3QiLCJ0ZW1wbGF0ZSI6Im5ldy1wb3N0IiwibGlua19kZXNjIjoicG9zdC11cmwiLCJhbmNob3JfdGV4dCI6IlZveWFnZXMgZGFucyBsZSB0ZW1wcyBldCBsXHUyMDE5ZXNwYWNlXHUwMGEwKDMzKSIsIl9kciI6bnVsbCwiX2RsIjoiXC93cC1jcm9uLnBocD9kb2luZ193cF9jcm9uPTE3MTYzOTE4NjcuMzYxMTUwMDI2MzIxNDExMTMyODEyNSIsIl9lbiI6IndwY29tX2VtYWlsX2NsaWNrIiwiX3RzIjoxNzE2MzkxOTYxNDU0LCJicm93c2VyX3R5cGUiOiJwaHAtYWdlbnQiLCJfYXVhIjoid3Bjb20tdHJhY2tzLWNsaWVudC12MC4zIiwiX3VsIjpudWxsLCJibG9nX3R6IjoiMCIsInVzZXJfbGFuZyI6bnVsbH0&amp;_z=z\" target=\"_blank\" rel=\"noreferrer noopener\">Voyages dans le temps et l\u2019espace<\/a> (Entre les lignes entre les mots).<\/p>\n\n\n\n<p><a href=\"https:\/\/laviedesidees.fr\/Vers-une-politisation-des-mobilisations-ecologiques\" title=\"\">Vers une politisation des mobilisations \u00e9cologiques?<\/a> (La Vie des id\u00e9es).<\/p>\n\n\n\n<p><a href=\"https:\/\/www.en-attendant-nadeau.fr\/2024\/05\/23\/le-nous-qui-resiste-jane-sautiere\/\" title=\"\">Le \u00ab&nbsp;nous&nbsp;\u00bb qui r\u00e9siste<\/a> (En attendant Nadeau).<\/p>\n\n\n\n<p><a href=\"https:\/\/www.politika.io\/fr\/entretien\/ce-qui-mamuse-plus-que-theorie-pure-est-prendre-petit-objet\">Entretien avec Fr\u00e9d\u00e9rique Matonti<\/a> (Politika).<\/p>\n\n\n\n<p><a href=\"https:\/\/www.telerama.fr\/radio\/fusion-de-l-audiovisuel-public-une-greve-assez-massive-attendue-demain-7020562.php\" title=\"\">Fusion de l\u2019audiovisuel public&nbsp;: une \u201cgr\u00e8ve assez massive\u201d attendue <\/a>(T\u00e9l\u00e9rama).<\/p>\n\n\n\n<div class=\"wp-block-columns is-layout-flex wp-container-core-columns-is-layout-9d6595d7 wp-block-columns-is-layout-flex\">\n<div class=\"wp-block-column is-layout-flow wp-block-column-is-layout-flow\" style=\"flex-basis:100%\"><div class=\"wp-block-image\">\n<figure class=\"alignleft size-large is-resized\"><img data-recalc-dims=\"1\" loading=\"lazy\" decoding=\"async\" width=\"1024\" height=\"683\" src=\"https:\/\/i0.wp.com\/www.rdpemancipation.org\/wp-content\/uploads\/2024\/05\/webp-1.webp?resize=1024%2C683&#038;ssl=1\" alt=\"\" class=\"wp-image-129223\" style=\"width:297px;height:auto\" srcset=\"https:\/\/i0.wp.com\/www.rdpemancipation.org\/wp-content\/uploads\/2024\/05\/webp-1.webp?resize=1024%2C683&amp;ssl=1 1024w, https:\/\/i0.wp.com\/www.rdpemancipation.org\/wp-content\/uploads\/2024\/05\/webp-1.webp?resize=300%2C200&amp;ssl=1 300w, https:\/\/i0.wp.com\/www.rdpemancipation.org\/wp-content\/uploads\/2024\/05\/webp-1.webp?resize=768%2C512&amp;ssl=1 768w, https:\/\/i0.wp.com\/www.rdpemancipation.org\/wp-content\/uploads\/2024\/05\/webp-1.webp?w=1200&amp;ssl=1 1200w\" sizes=\"auto, (max-width: 1024px) 100vw, 1024px\" \/><figcaption class=\"wp-element-caption\"><sup>Les salari\u00e9s de Radio France&nbsp;: \u00ab&nbsp;Fusionner l\u2019audiovisuel public nous semble d\u00e9magogique, inefficace et dangereux.&nbsp;\u00bb Photo Thomas Coex\/AFP<\/sup><\/figcaption><\/figure>\n<\/div><\/div>\n<\/div>\n\n\n\n<p class=\"has-text-color has-link-color wp-elements-de8ec13938e68f0a841812bec2dcf1ce\" style=\"color:#af0000\"><strong>22 mai<\/strong><\/p>\n\n\n\n<p><a href=\"https:\/\/www.contretemps.eu\/commune-paris-1871-histoire-tombs-deluermoz\/\" title=\"\">Les partis pris de la \u00ab&nbsp;nouvelle historiographie&nbsp;\u00bb de la Commune<\/a> (Contretemps).<\/p>\n\n\n\n<p><a href=\"https:\/\/www.telerama.fr\/cinema\/les-sorties-cinema-de-la-semaine-marcello-mio-furiosa-une-saga-mad-max-foudre-7020542.php\" title=\"\">Les sorties cin\u00e9ma de la semaine<\/a> (T\u00e9l\u00e9rama).<\/p>\n\n\n\n<p><a href=\"https:\/\/www.humanite.fr\/culture-et-savoir\/cinema\/produire-des-archives-cest-de-la-resistance-comment-le-cinema-palestinien-temoigne-de-loccupation\" title=\"\">Comment le cin\u00e9ma palestinien t\u00e9moigne de l\u2019occupation<\/a> (L&rsquo;Humanit\u00e9).<\/p>\n\n\n\n<p><a href=\"https:\/\/www.en-attendant-nadeau.fr\/2024\/05\/21\/fat-fashion-fripes\/\" title=\"\">Fat Fashion<\/a> (En attendant Nadeau).<\/p>\n\n\n\n<p><a href=\"https:\/\/laviedesidees.fr\/Murray-Bookchin-a-bas-la-hierarchie\" target=\"_blank\" rel=\"noreferrer noopener\">Murray Bookchin&nbsp;: \u00e0 bas la hi\u00e9rarchie!<\/a> (La Vie des id\u00e9es).<\/p>\n\n\n\n<div class=\"wp-block-columns is-layout-flex wp-container-core-columns-is-layout-9d6595d7 wp-block-columns-is-layout-flex\">\n<div class=\"wp-block-column is-layout-flow wp-block-column-is-layout-flow\" style=\"flex-basis:100%\"><div class=\"wp-block-image\">\n<figure class=\"alignleft size-full is-resized\"><img data-recalc-dims=\"1\" loading=\"lazy\" decoding=\"async\" width=\"935\" height=\"625\" src=\"https:\/\/i0.wp.com\/www.rdpemancipation.org\/wp-content\/uploads\/2024\/05\/murray_bookchin_at_his_selectric_typewriter_in_1992__photo_7-91024.jpg?resize=935%2C625&#038;ssl=1\" alt=\"\" class=\"wp-image-129172\" style=\"width:288px;height:auto\" srcset=\"https:\/\/i0.wp.com\/www.rdpemancipation.org\/wp-content\/uploads\/2024\/05\/murray_bookchin_at_his_selectric_typewriter_in_1992__photo_7-91024.jpg?w=935&amp;ssl=1 935w, https:\/\/i0.wp.com\/www.rdpemancipation.org\/wp-content\/uploads\/2024\/05\/murray_bookchin_at_his_selectric_typewriter_in_1992__photo_7-91024.jpg?resize=300%2C201&amp;ssl=1 300w, https:\/\/i0.wp.com\/www.rdpemancipation.org\/wp-content\/uploads\/2024\/05\/murray_bookchin_at_his_selectric_typewriter_in_1992__photo_7-91024.jpg?resize=768%2C513&amp;ssl=1 768w\" sizes=\"auto, (max-width: 935px) 100vw, 935px\" \/><figcaption class=\"wp-element-caption\"><sup>Bookchin en 1992 Janet Biehl, wikimedia <\/sup><\/figcaption><\/figure>\n<\/div><\/div>\n<\/div>\n\n\n\n<p class=\"has-text-color has-link-color wp-elements-f1cd781ce3241fa1472bf2596a9332d5\" style=\"color:#b20000\"><strong>21 mai<\/strong><\/p>\n\n\n\n<p><a href=\"https:\/\/www.en-attendant-nadeau.fr\/2024\/05\/21\/un-besoin-fou-de-vivre-serge-berna\/\" title=\"\">Serge Berna, un besoin fou de vivre<\/a> (En attendant Nadeau).<\/p>\n\n\n\n<p><a href=\"https:\/\/www.liberation.fr\/idees-et-debats\/tribunes\/la-poesie-classee-sans-suite-sur-radio-france-20240521_LFALKEXTQFEHJCLIJRRDT3JSMQ\/\" title=\"\">La po\u00e9sie class\u00e9e sans suite sur Radio France<\/a> (Lib\u00e9ration).<\/p>\n\n\n\n<p><a href=\"https:\/\/www.lemonde.fr\/cinema\/article\/2024\/05\/21\/cannes-2024-david-cronenberg-le-trompe-la-mort_6234485_3476.html\" title=\"\">Cannes 2024&nbsp;:&nbsp;David Cronenberg, le trompe-la-mort<\/a> (Le Monde).<\/p>\n\n\n\n<p><a href=\"https:\/\/www.contretemps.eu\/democratie-participative-fausses-promesses-inegalites\/\" title=\"\">La d\u00e9mocratie participative :  promesses et in\u00e9galit\u00e9s<\/a> (Contretemps).<\/p>\n\n\n\n<p><a href=\"https:\/\/link.newsletter.franceculture.fr\/m\/ml\/7429\/872573\/_XrbjNd1vm62CkRCZEkYRW9C5lXTLJmivm821gAfcU8=\/coqR8fMd-akUCpppINJo03s7B1JhazZgMQ4zQEIIpxU=\/\" target=\"_blank\" rel=\"noreferrer noopener\">Frida Kahlo (1907-1954), l\u2019art de r\u00e9sister en peinture<\/a> (France Culture).<\/p>\n\n\n\n<div class=\"wp-block-columns is-layout-flex wp-container-core-columns-is-layout-9d6595d7 wp-block-columns-is-layout-flex\">\n<div class=\"wp-block-column is-layout-flow wp-block-column-is-layout-flow\" style=\"flex-basis:100%\"><div class=\"wp-block-image\">\n<figure class=\"alignleft size-full is-resized\"><img data-recalc-dims=\"1\" loading=\"lazy\" decoding=\"async\" width=\"560\" height=\"315\" src=\"https:\/\/i0.wp.com\/www.rdpemancipation.org\/wp-content\/uploads\/2024\/05\/560x315_sc_gettyimages-517357264.webp?resize=560%2C315&#038;ssl=1\" alt=\"\" class=\"wp-image-129110\" style=\"width:294px;height:auto\" srcset=\"https:\/\/i0.wp.com\/www.rdpemancipation.org\/wp-content\/uploads\/2024\/05\/560x315_sc_gettyimages-517357264.webp?w=560&amp;ssl=1 560w, https:\/\/i0.wp.com\/www.rdpemancipation.org\/wp-content\/uploads\/2024\/05\/560x315_sc_gettyimages-517357264.webp?resize=300%2C169&amp;ssl=1 300w\" sizes=\"auto, (max-width: 560px) 100vw, 560px\" \/><figcaption class=\"wp-element-caption\"><sup>Portrait de Frida Kahlo (1910-1954) en 1944 \u00a9Getty &#8211; Bettmann<\/sup><\/figcaption><\/figure>\n<\/div><\/div>\n<\/div>\n\n\n\n<p class=\"has-text-color has-link-color wp-elements-39deb69aa2b9d0a7e6a58fd9fff3ae4c\" style=\"color:#b20000\"><strong>20 mai<\/strong><\/p>\n\n\n\n<p><a href=\"https:\/\/www.en-attendant-nadeau.fr\/2024\/05\/14\/dominique-nedellec-traduire-lobo-antunes\/\" title=\"\">Traduire Lobo Antunes<\/a> (En attendant Nadeau).<\/p>\n\n\n\n<p><a href=\"https:\/\/www.blast-info.fr\/articles\/2024\/redacted-de-brian-de-palma-limage-juste-face-au-deluge-dimages-nA_1c8iITKC3eODxkSMotg\" title=\"\">Redacted de Brian De Palma, l\u2019image juste face au d\u00e9luge d\u2019images<\/a> (Blast).<\/p>\n\n\n\n<p><a href=\"https:\/\/public-api.wordpress.com\/bar\/?stat=groovemails-events&amp;bin=wpcom_email_click&amp;redirect_to=https%3A%2F%2Fentreleslignesentrelesmots.wordpress.com%2F2024%2F05%2F19%2Fa-deux-duo-8%2F&amp;sr=0&amp;signature=f5446bc83a32ae898e4ea99f42d94e96&amp;blog_id=12785448&amp;user=0ff88261f2c135c936be37d66e379a6f&amp;_e=eyJlcnJvciI6bnVsbCwiYmxvZ19pZCI6MTI3ODU0NDgsImJsb2dfbGFuZyI6ImZyLUZSIiwic2l0ZV9pZF9sYWJlbCI6IndwY29tIiwiaGFzX2ZlYXR1cmVkX2ltYWdlIjoiMCIsInN1YnNjcmliZXJfaWQiOiIzMDM5NzQ3NTMiLCJfdWkiOiIwZmY4ODI2MWYyYzEzNWM5MzZiZTM3ZDY2ZTM3OWE2ZiIsIl91dCI6ImFub24iLCJlbWFpbF9kb21haW4iOiJ5YWhvby5jb20iLCJwb3N0X2lkIjo4MDY3NywidXNlcl9lbWFpbCI6ImNwcmV2b3N0OTFAeWFob28uY29tIiwiZGF0ZV9zZW50IjoiMjAyNC0wNS0xOSIsImVtYWlsX2lkIjoiZDBhNzc1MTVkMzdiMjhlOGJiN2MyYjg4MTMyODFkMWQiLCJlbWFpbF9uYW1lIjoibmV3LXBvc3QiLCJ0ZW1wbGF0ZSI6Im5ldy1wb3N0IiwibGlua19kZXNjIjoicG9zdC11cmwiLCJhbmNob3JfdGV4dCI6IkEgZGV1eFx1MDBhMDogRHVvXHUwMGEwKDgpIiwiX2RyIjpudWxsLCJfZGwiOiJcL3dwLWNyb24ucGhwP2RvaW5nX3dwX2Nyb249MTcxNjEzMjYwMy41NzkwNjM4OTIzNjQ1MDE5NTMxMjUwIiwiX2VuIjoid3Bjb21fZW1haWxfY2xpY2siLCJfdHMiOjE3MTYxMzI3MDIxNDMsImJyb3dzZXJfdHlwZSI6InBocC1hZ2VudCIsIl9hdWEiOiJ3cGNvbS10cmFja3MtY2xpZW50LXYwLjMiLCJfdWwiOm51bGwsImJsb2dfdHoiOiIwIiwidXNlcl9sYW5nIjpudWxsfQ=&amp;_z=z\" target=\"_blank\" rel=\"noreferrer noopener\">A deux&nbsp;: Duo<\/a> (Entre les lignes entre les mots).<\/p>\n\n\n\n<p><a href=\"https:\/\/link.newsletter.franceculture.fr\/m\/ml\/7429\/872018\/wO9RhdN622S4Ge02EnZKt29C5lXTLJmivm821gAfcU8=\/rVTAtaNldCNVx3uvL3rITRalQoSopA4yFJHl48MLvd4=\/\" title=\"\">De la colonisation \u00e0 l&rsquo;ind\u00e9pendantisme : la fabrique du mot \u00ab\u00a0kanak\u00a0\u00bb<\/a> (France Culture).<\/p>\n\n\n\n<div class=\"wp-block-columns is-layout-flex wp-container-core-columns-is-layout-9d6595d7 wp-block-columns-is-layout-flex\">\n<div class=\"wp-block-column is-layout-flow wp-block-column-is-layout-flow\" style=\"flex-basis:100%\"><div class=\"wp-block-image\">\n<figure class=\"alignleft size-full is-resized\"><img data-recalc-dims=\"1\" loading=\"lazy\" decoding=\"async\" width=\"870\" height=\"489\" src=\"https:\/\/i0.wp.com\/www.rdpemancipation.org\/wp-content\/uploads\/2024\/05\/870x489_000_arp3603739.webp?resize=870%2C489&#038;ssl=1\" alt=\"\" class=\"wp-image-129095\" style=\"width:294px;height:auto\" srcset=\"https:\/\/i0.wp.com\/www.rdpemancipation.org\/wp-content\/uploads\/2024\/05\/870x489_000_arp3603739.webp?w=870&amp;ssl=1 870w, https:\/\/i0.wp.com\/www.rdpemancipation.org\/wp-content\/uploads\/2024\/05\/870x489_000_arp3603739.webp?resize=300%2C169&amp;ssl=1 300w, https:\/\/i0.wp.com\/www.rdpemancipation.org\/wp-content\/uploads\/2024\/05\/870x489_000_arp3603739.webp?resize=768%2C432&amp;ssl=1 768w\" sizes=\"auto, (max-width: 870px) 100vw, 870px\" \/><figcaption class=\"wp-element-caption\"><sup>Graffiti pro-ind\u00e9pendance sur un abri-bus de Noum\u00e9a photographi\u00e9 le 13 septembre 1987, quatre jours avant la tenue d&rsquo;un r\u00e9f\u00e9rendum d&rsquo;autod\u00e9termination. \u00a9 AFP &#8211; R\u00e9my Moyen<\/sup><\/figcaption><\/figure>\n<\/div><\/div>\n<\/div>\n\n\n\n<p class=\"has-text-color has-link-color wp-elements-5110fcfc45a88b1392e98607eb188e6f\" style=\"color:#b10000\"><strong>19 mai<\/strong><\/p>\n\n\n\n<p><a href=\"https:\/\/www.en-attendant-nadeau.fr\/2024\/05\/14\/le-questionnaire-bolano-de-lidia-jorge\/\" title=\"\">Le Questionnaire de Bola\u00f1o : L\u00eddia Jorge<\/a> (En attendant Nadeau).<\/p>\n\n\n\n<p><a href=\"https:\/\/www.lemonde.fr\/livres\/article\/2024\/05\/18\/trois-livres-de-poche-conseilles-par-francois-angelier-philippe-artieres-albert-londres-christophe-boltanski_6234034_3260.html\" title=\"\">Trois livres de poche<\/a> (Le Monde).<\/p>\n\n\n\n<p><a href=\"https:\/\/www.contretemps.eu\/capitalisme-origines-brenner-marxisme-politique\/\" title=\"\">Connaissez-vous Robert Brenner ?<\/a> (Contretemps).<\/p>\n\n\n\n<p><a href=\"https:\/\/www.nonfiction.fr\/article-12037-frantz-fanon-lhomme-presse.htm\" title=\"\">Frantz Fanon, l\u2019homme press\u00e9<\/a> (Nonfiction).<\/p>\n\n\n\n<div class=\"wp-block-columns is-layout-flex wp-container-core-columns-is-layout-9d6595d7 wp-block-columns-is-layout-flex\">\n<div class=\"wp-block-column is-layout-flow wp-block-column-is-layout-flow\" style=\"flex-basis:100%\"><div class=\"wp-block-image\">\n<figure class=\"alignleft size-full is-resized\"><img data-recalc-dims=\"1\" loading=\"lazy\" decoding=\"async\" width=\"150\" height=\"234\" src=\"https:\/\/i0.wp.com\/www.rdpemancipation.org\/wp-content\/uploads\/2024\/05\/7b29545ef3b73417b6de6dac90f0fdd6-0.jpg?resize=150%2C234&#038;ssl=1\" alt=\"\" class=\"wp-image-129086\" style=\"width:225px;height:auto\"\/><figcaption class=\"wp-element-caption\"><sup>Frantz Fanon. Une vie en r\u00e9volutions. Adam Shatz. 2024 La D\u00e9couverte<\/sup><\/figcaption><\/figure>\n<\/div><\/div>\n<\/div>\n\n\n\n<p class=\"has-text-color has-link-color wp-elements-9266ae88da71480616280ab019711b4f\" style=\"color:#af0000\"><strong>18 mai<\/strong><\/p>\n\n\n\n<p><a href=\"https:\/\/www.humanite.fr\/culture-et-savoir\/festival-de-cannes\/cannes-2024-dans-le-deuxieme-acte-quentin-dupieux-samuse-des-angoisses-contemporaines\" title=\"\">Cannes 2024 : Quentin Dupieux s\u2019amuse des angoisses contemporaines<\/a> (L&rsquo;Humanit\u00e9).<\/p>\n\n\n\n<p><a href=\"https:\/\/link.newsletter.franceculture.fr\/m\/ml\/7429\/872019\/oPePUYG4nhmxR2M6JHUzCm9C5lXTLJmivm821gAfcU8=\/wnopdmR6-One4sV+yJIVrJ-vFcIQkV46\/\" target=\"_blank\" rel=\"noreferrer noopener\">\u00ab\u00a0Megalopolis\u00a0\u00bb : l\u2019ultime paradoxe de Francis Ford Coppola<\/a> (France Culture).<\/p>\n\n\n\n<p><a href=\"https:\/\/www.telerama.fr\/cinema\/in-the-mood-for-love-film-sublime-tournage-infernal-0309-6746813.php\" title=\"\">\u201cIn the Mood for love\u201d : film sublime<\/a> (T\u00e9l\u00e9rama).<\/p>\n\n\n\n<p><a href=\"https:\/\/www.en-attendant-nadeau.fr\/2024\/05\/14\/le-grand-saut-jose-vieira\/\">Le grand saut<\/a> (En attendant Nadeau).<\/p>\n\n\n\n<div class=\"wp-block-columns is-layout-flex wp-container-core-columns-is-layout-9d6595d7 wp-block-columns-is-layout-flex\">\n<div class=\"wp-block-column is-layout-flow wp-block-column-is-layout-flow\" style=\"flex-basis:100%\"><div class=\"wp-block-image\">\n<figure class=\"alignleft size-full is-resized\"><img data-recalc-dims=\"1\" loading=\"lazy\" decoding=\"async\" width=\"653\" height=\"410\" src=\"https:\/\/i0.wp.com\/www.rdpemancipation.org\/wp-content\/uploads\/2024\/05\/Panneau_bidonville_a_Massy.webp?resize=653%2C410&#038;ssl=1\" alt=\"\" class=\"wp-image-129059\" style=\"width:289px;height:auto\" srcset=\"https:\/\/i0.wp.com\/www.rdpemancipation.org\/wp-content\/uploads\/2024\/05\/Panneau_bidonville_a_Massy.webp?w=653&amp;ssl=1 653w, https:\/\/i0.wp.com\/www.rdpemancipation.org\/wp-content\/uploads\/2024\/05\/Panneau_bidonville_a_Massy.webp?resize=300%2C188&amp;ssl=1 300w\" sizes=\"auto, (max-width: 653px) 100vw, 653px\" \/><figcaption class=\"wp-element-caption\"><sup>Le bidonville des Goach\u00e8res dans les ann\u00e9es 1960 (Massy) \u00a9 CC-BY-SA-4.0\/VVVCFFrance\/WikiCommons<\/sup><\/figcaption><\/figure>\n<\/div><\/div>\n<\/div>\n\n\n\n<p class=\"has-text-color has-link-color wp-elements-e1d835ecb8643fe9aa1508d271ebab43\" style=\"color:#b20000\"><strong>17 mai<\/strong><\/p>\n\n\n\n<p><a href=\"https:\/\/www.en-attendant-nadeau.fr\/2024\/05\/14\/fusils-fleurs-et-colonies-la-revolution-des-oeillets\/\" title=\"\">Fusils, fleurs et colonies<\/a> (En attendant Nadeau).<\/p>\n\n\n\n<p><a href=\"https:\/\/www.nonfiction.fr\/article-12028-lecologie-comme-champ-de-bataille.htm\">L&rsquo;\u00e9cologie comme champ de bataille<\/a> (Nonfiction).<\/p>\n\n\n\n<p><a href=\"https:\/\/www.fabula.org\/actualites\/120349\/baldwin-inedit-16-05.html\">Baldwin sans ses gants<\/a> (Fabula).<\/p>\n\n\n\n<p><a href=\"https:\/\/www.telerama.fr\/cinema\/kevin-costner-a-cannes-le-western-dans-la-peau-7020457.php\" title=\"\">Kevin Costner \u00e0 Cannes&nbsp;: le western dans la peau<\/a> (T\u00e9l\u00e9rama).<\/p>\n\n\n\n<p><a href=\"https:\/\/link.newsletter.franceculture.fr\/m\/ml\/7429\/871815\/9y_KPWsvZ6mtLFvYdhaNVW9C5lXTLJmivm821gAfcU8=\/3RNm5+95rC+3OKZ+v8d7DrSSB7xviZzAoLrTCqOCw8c=\/\" target=\"_blank\" rel=\"noreferrer noopener\">Hommage \u00e0 l&rsquo;\u00e9crivaine canadienne Alice Munro<\/a> (France Culture).<\/p>\n\n\n\n<div class=\"wp-block-columns is-layout-flex wp-container-core-columns-is-layout-9d6595d7 wp-block-columns-is-layout-flex\">\n<div class=\"wp-block-column is-layout-flow wp-block-column-is-layout-flow\" style=\"flex-basis:100%\"><div class=\"wp-block-image\">\n<figure class=\"alignleft size-full is-resized\"><img data-recalc-dims=\"1\" loading=\"lazy\" decoding=\"async\" width=\"560\" height=\"315\" src=\"https:\/\/i0.wp.com\/www.rdpemancipation.org\/wp-content\/uploads\/2024\/05\/560x315_sc_gettyimages-1080829946.webp?resize=560%2C315&#038;ssl=1\" alt=\"\" class=\"wp-image-129037\" style=\"width:295px;height:auto\" srcset=\"https:\/\/i0.wp.com\/www.rdpemancipation.org\/wp-content\/uploads\/2024\/05\/560x315_sc_gettyimages-1080829946.webp?w=560&amp;ssl=1 560w, https:\/\/i0.wp.com\/www.rdpemancipation.org\/wp-content\/uploads\/2024\/05\/560x315_sc_gettyimages-1080829946.webp?resize=300%2C169&amp;ssl=1 300w\" sizes=\"auto, (max-width: 560px) 100vw, 560px\" \/><figcaption class=\"wp-element-caption\"><sup>Alice Munro en 1979 \u00a9Getty &#8211; Fairfax Media Archives<\/sup><\/figcaption><\/figure>\n<\/div><\/div>\n<\/div>\n\n\n\n<p class=\"has-text-color has-link-color wp-elements-1c7dbf332ac29bdac3326c497d2589b6\" style=\"color:#b80000\"><strong>16 mai<\/strong><\/p>\n\n\n\n<p><a href=\"https:\/\/www.terrestres.org\/2024\/05\/15\/jason-w-moore-cosmologie-revolutionnaire-et-communisme-de-la-vie\/\" title=\"\">Jason W. Moore, cosmologie r\u00e9volutionnaire et communisme de la vie<\/a> (Terrestres).<\/p>\n\n\n\n<p><a href=\"https:\/\/www.en-attendant-nadeau.fr\/2024\/05\/14\/maryse-conde-les-voix-rebelles-1934-2024\/\" title=\"\">Maryse Cond\u00e9, les voix rebelles<\/a> (En attendant Nadeau).<\/p>\n\n\n\n<p><a href=\"https:\/\/public-api.wordpress.com\/bar\/?stat=groovemails-events&amp;bin=wpcom_email_click&amp;redirect_to=https%3A%2F%2Fentreleslignesentrelesmots.wordpress.com%2F2024%2F05%2F15%2Fhier-pour-aujourdhui-les-annees-90-11%2F&amp;sr=0&amp;signature=dd3e208117ed489b417c561d55258bcc&amp;blog_id=12785448&amp;user=0ff88261f2c135c936be37d66e379a6f&amp;_e=eyJlcnJvciI6bnVsbCwiYmxvZ19pZCI6MTI3ODU0NDgsImJsb2dfbGFuZyI6ImZyLUZSIiwic2l0ZV9pZF9sYWJlbCI6IndwY29tIiwiaGFzX2ZlYXR1cmVkX2ltYWdlIjoiMCIsInN1YnNjcmliZXJfaWQiOiIzMDM5NzQ3NTMiLCJfdWkiOiIwZmY4ODI2MWYyYzEzNWM5MzZiZTM3ZDY2ZTM3OWE2ZiIsIl91dCI6ImFub24iLCJlbWFpbF9kb21haW4iOiJ5YWhvby5jb20iLCJwb3N0X2lkIjo4MDk0NywidXNlcl9lbWFpbCI6ImNwcmV2b3N0OTFAeWFob28uY29tIiwiZGF0ZV9zZW50IjoiMjAyNC0wNS0xNSIsImVtYWlsX2lkIjoiMjY5ZDc2ZmFiOGQwNjg0YmViODk0MzBlMDg5YThiNDciLCJlbWFpbF9uYW1lIjoibmV3LXBvc3QiLCJ0ZW1wbGF0ZSI6Im5ldy1wb3N0IiwibGlua19kZXNjIjoicG9zdC11cmwiLCJhbmNob3JfdGV4dCI6IkhpZXIgcG91ciBhdWpvdXJkXHUyMDE5aHVpLCBsZXMgYW5uXHUwMGU5ZXMgOTBcdTAwYTAoMTEpIiwiX2RyIjpudWxsLCJfZGwiOiJcL3dwLWNyb24ucGhwP2RvaW5nX3dwX2Nyb249MTcxNTc4NzAyMi43MzIzNjcwMzg3MjY4MDY2NDA2MjUwIiwiX2VuIjoid3Bjb21fZW1haWxfY2xpY2siLCJfdHMiOjE3MTU3ODcxMjIwNTAsImJyb3dzZXJfdHlwZSI6InBocC1hZ2VudCIsIl9hdWEiOiJ3cGNvbS10cmFja3MtY2xpZW50LXYwLjMiLCJfdWwiOm51bGwsImJsb2dfdHoiOiIwIiwidXNlcl9sYW5nIjpudWxsfQ=&amp;_z=z\" target=\"_blank\" rel=\"noreferrer noopener\">Hier pour aujourd\u2019hui, les ann\u00e9es 90<\/a> (Entre les lignes entre les mots).<\/p>\n\n\n\n<p><a href=\"https:\/\/link.newsletter.franceculture.fr\/m\/ml\/7429\/871618\/Zz5Cdp69rHzakd_Q0KKzNm9C5lXTLJmivm821gAfcU8=\/ZMJLHBK+3AsSeUeGbF-VtfKfx8T10e1wplcy-DpYpsk=\/\" target=\"_blank\" rel=\"noreferrer noopener\">Partie de Mikado, avec Erri de Luca<\/a> (France Culture).<\/p>\n\n\n\n<div class=\"wp-block-columns is-layout-flex wp-container-core-columns-is-layout-9d6595d7 wp-block-columns-is-layout-flex\">\n<div class=\"wp-block-column is-layout-flow wp-block-column-is-layout-flow\" style=\"flex-basis:100%\"><div class=\"wp-block-image\">\n<figure class=\"alignleft size-full is-resized\"><img data-recalc-dims=\"1\" loading=\"lazy\" decoding=\"async\" width=\"560\" height=\"315\" src=\"https:\/\/i0.wp.com\/www.rdpemancipation.org\/wp-content\/uploads\/2024\/05\/560x315_sc_de-luca-erri-1-photo-f-mantovani-gallimard-coul-1-09-20.webp?resize=560%2C315&#038;ssl=1\" alt=\"\" class=\"wp-image-128986\" style=\"width:290px;height:auto\" srcset=\"https:\/\/i0.wp.com\/www.rdpemancipation.org\/wp-content\/uploads\/2024\/05\/560x315_sc_de-luca-erri-1-photo-f-mantovani-gallimard-coul-1-09-20.webp?w=560&amp;ssl=1 560w, https:\/\/i0.wp.com\/www.rdpemancipation.org\/wp-content\/uploads\/2024\/05\/560x315_sc_de-luca-erri-1-photo-f-mantovani-gallimard-coul-1-09-20.webp?resize=300%2C169&amp;ssl=1 300w\" sizes=\"auto, (max-width: 560px) 100vw, 560px\" \/><figcaption class=\"wp-element-caption\"><sup>Erri de Luca &#8211; F. Mantovanni &#8211; Gallimard<\/sup><\/figcaption><\/figure>\n<\/div><\/div>\n<\/div>\n\n\n\n<p class=\"has-text-color has-link-color wp-elements-fe1e5645de59759b412adf84a8407c7f\" style=\"color:#ac0000\"><strong>15 mai<\/strong><\/p>\n\n\n\n<p><a href=\"https:\/\/link.newsletter.franceculture.fr\/m\/ml\/7429\/871412\/IDaOz4QP0fj7iTz4jseoSW9C5lXTLJmivm821gAfcU8=\/Ri8VNYQOc4KdY5pLtegbB3Za3qQ4iPeMb6cdiLWKA0w=\/\" target=\"_blank\" rel=\"noreferrer noopener\">Festival de Cannes&nbsp;: climat tendu sur la Croisette<\/a> (France Culture).<\/p>\n\n\n\n<p><a href=\"https:\/\/www.telerama.fr\/cinema\/les-sorties-cinema-de-la-semaine-le-deuxieme-acte-when-evil-lurks-the-palace-7020407.php\" title=\"\">Les sorties cin\u00e9ma de la semaine<\/a> (T\u00e9l\u00e9rama).<\/p>\n\n\n\n<p><a href=\"https:\/\/www.nonfiction.fr\/article-12033-chineetats-unis-la-lutte-pour-lhegemonie-mondiale.htm\" title=\"\">Chine\/Etats-Unis : la lutte pour l\u2019h\u00e9g\u00e9monie mondiale<\/a> (Nonfiction).<\/p>\n\n\n\n<p><a href=\"https:\/\/www.en-attendant-nadeau.fr\/2024\/05\/14\/ecrire-dans-une-autre-dimension-antonio-lobo-antunes-lautre-rive-de-la-mer\/\" title=\"\">\u00c9crire dans une autre dimension<\/a> (En attendant Nadeau).<\/p>\n\n\n\n<div class=\"wp-block-columns is-layout-flex wp-container-core-columns-is-layout-9d6595d7 wp-block-columns-is-layout-flex\">\n<div class=\"wp-block-column is-layout-flow wp-block-column-is-layout-flow\" style=\"flex-basis:100%\"><div class=\"wp-block-image\">\n<figure class=\"alignleft size-full is-resized\"><img data-recalc-dims=\"1\" loading=\"lazy\" decoding=\"async\" width=\"750\" height=\"390\" src=\"https:\/\/i0.wp.com\/www.rdpemancipation.org\/wp-content\/uploads\/2024\/05\/lobo-antunes-categorie.webp?resize=750%2C390&#038;ssl=1\" alt=\"\" class=\"wp-image-128939\" style=\"width:286px;height:auto\" srcset=\"https:\/\/i0.wp.com\/www.rdpemancipation.org\/wp-content\/uploads\/2024\/05\/lobo-antunes-categorie.webp?w=750&amp;ssl=1 750w, https:\/\/i0.wp.com\/www.rdpemancipation.org\/wp-content\/uploads\/2024\/05\/lobo-antunes-categorie.webp?resize=300%2C156&amp;ssl=1 300w\" sizes=\"auto, (max-width: 750px) 100vw, 750px\" \/><figcaption class=\"wp-element-caption\"><sup>Ant\u00f3nio Lobo Antunes \u00a9 Jean-Luc Bertini<\/sup><\/figcaption><\/figure>\n<\/div><\/div>\n<\/div>\n\n\n\n<p class=\"has-text-color has-link-color wp-elements-e0709013abb625ec3ba19313425dd76b\" style=\"color:#b10000\"><strong>14 mai<\/strong><\/p>\n\n\n\n<p><a href=\"https:\/\/www.nonfiction.fr\/article-12032-le-grand-paris-express-mythe-et-mystifications.htm\" title=\"\">Le Grand Paris Express : mythe et mystifications<\/a> (Nonfiction).<\/p>\n\n\n\n<p><a href=\"https:\/\/www.contretemps.eu\/jeux-olympiques-2024-rapt-democratique-jade-lindgaard\/\" title=\"\">JO 2024 : un rapt d\u00e9mocratique ?<\/a> (Contretemps).<\/p>\n\n\n\n<p><a href=\"https:\/\/public-api.wordpress.com\/bar\/?stat=groovemails-events&amp;bin=wpcom_email_click&amp;redirect_to=https%3A%2F%2Fentreleslignesentrelesmots.wordpress.com%2F2024%2F05%2F12%2Fconcerts-31%2F&amp;sr=0&amp;signature=bea31df1c10113e471b44eed2aceba50&amp;blog_id=12785448&amp;user=0ff88261f2c135c936be37d66e379a6f&amp;_e=eyJlcnJvciI6bnVsbCwiYmxvZ19pZCI6MTI3ODU0NDgsImJsb2dfbGFuZyI6ImZyLUZSIiwic2l0ZV9pZF9sYWJlbCI6IndwY29tIiwiaGFzX2ZlYXR1cmVkX2ltYWdlIjoiMCIsInN1YnNjcmliZXJfaWQiOiIzMDM5NzQ3NTMiLCJfdWkiOiIwZmY4ODI2MWYyYzEzNWM5MzZiZTM3ZDY2ZTM3OWE2ZiIsIl91dCI6ImFub24iLCJlbWFpbF9kb21haW4iOiJ5YWhvby5jb20iLCJwb3N0X2lkIjo4MDg4MiwidXNlcl9lbWFpbCI6ImNwcmV2b3N0OTFAeWFob28uY29tIiwiZGF0ZV9zZW50IjoiMjAyNC0wNS0xMiIsImVtYWlsX2lkIjoiYjc0ZmIwM2JkZTBjNTBlY2I2NDFmYjUxMmIyNDJiM2QiLCJlbWFpbF9uYW1lIjoibmV3LXBvc3QiLCJ0ZW1wbGF0ZSI6Im5ldy1wb3N0IiwibGlua19kZXNjIjoicG9zdC11cmwiLCJhbmNob3JfdGV4dCI6IkNvbmNlcnRzICgzMSkiLCJfZHIiOm51bGwsIl9kbCI6Ilwvd3AtY3Jvbi5waHA\/ZG9pbmdfd3BfY3Jvbj0xNzE1NTI3ODA5LjgzNzgwNzg5Mzc1MzA1MTc1NzgxMjUiLCJfZW4iOiJ3cGNvbV9lbWFpbF9jbGljayIsIl90cyI6MTcxNTUyNzkxMjA0OCwiYnJvd3Nlcl90eXBlIjoicGhwLWFnZW50IiwiX2F1YSI6IndwY29tLXRyYWNrcy1jbGllbnQtdjAuMyIsIl91bCI6bnVsbCwiYmxvZ190eiI6IjAiLCJ1c2VyX2xhbmciOm51bGx9&amp;_z=z\" target=\"_blank\" rel=\"noreferrer noopener\">Concerts<\/a> (Entre les lignes entre les mots).<\/p>\n\n\n\n<p><a href=\"https:\/\/www.en-attendant-nadeau.fr\/2024\/05\/14\/quoi-de-neuf-sous-le-soleil-de-mexico\/\" title=\"\">Quoi de neuf sous le soleil de Mexico&nbsp;?<\/a> (En attendant Nadeau).<\/p>\n\n\n\n<p><a href=\"https:\/\/link.newsletter.franceculture.fr\/m\/ml\/7429\/871202\/dpsCFBQXYjrNJa1qQ3AsG29C5lXTLJmivm821gAfcU8=\/68EYMKKBHsqQ310SAsdArKWTTSyOoXKW2gK-SFov7Y4=\/\" target=\"_blank\" rel=\"noreferrer noopener\">Ennio Morricone, compositeur de tous les contraires<\/a> (France Culture).<\/p>\n\n\n\n<div class=\"wp-block-columns is-layout-flex wp-container-core-columns-is-layout-9d6595d7 wp-block-columns-is-layout-flex\">\n<div class=\"wp-block-column is-layout-flow wp-block-column-is-layout-flow\" style=\"flex-basis:100%\"><div class=\"wp-block-image\">\n<figure class=\"alignleft size-full is-resized\"><img data-recalc-dims=\"1\" loading=\"lazy\" decoding=\"async\" width=\"560\" height=\"315\" src=\"https:\/\/i0.wp.com\/www.rdpemancipation.org\/wp-content\/uploads\/2024\/05\/560x315_sc_gettyimages-948988934.webp?resize=560%2C315&#038;ssl=1\" alt=\"\" class=\"wp-image-128905\" style=\"width:301px;height:auto\" srcset=\"https:\/\/i0.wp.com\/www.rdpemancipation.org\/wp-content\/uploads\/2024\/05\/560x315_sc_gettyimages-948988934.webp?w=560&amp;ssl=1 560w, https:\/\/i0.wp.com\/www.rdpemancipation.org\/wp-content\/uploads\/2024\/05\/560x315_sc_gettyimages-948988934.webp?resize=300%2C169&amp;ssl=1 300w\" sizes=\"auto, (max-width: 560px) 100vw, 560px\" \/><figcaption class=\"wp-element-caption\"><sup>Ennio Morricone (1928-2020) \u00e0 la 63\u00e8me Berlinale, festival international du film de Berlin (Allemagne, 12.02.2013) \u00a9Getty &#8211; Photo by Patrick AVENTURIER\/Gamma-Rapho via Getty Images<\/sup><\/figcaption><\/figure>\n<\/div><\/div>\n<\/div>\n\n\n\n<p class=\"has-text-color has-link-color wp-elements-ad791896ea0df818216cd97b639a39aa\" style=\"color:#b10000\"><strong>12 mai<\/strong><\/p>\n\n\n\n<p><a href=\"https:\/\/www.lemonde.fr\/m-le-mag\/article\/2024\/05\/12\/les-annees-declic-de-raymond-depardon-ces-photos-qui-n-avaient-l-air-de-rien-sont-devenues-magnifiques_6232686_4500055.html\" title=\"\">\u00ab&nbsp;Les Ann\u00e9es d\u00e9clic&nbsp;\u00bb de Raymond Depardon&nbsp;<\/a>(Le Monde).<\/p>\n\n\n\n<p><a href=\"https:\/\/www.fabula.org\/actualites\/120714\/theorie-du-roman.html\">Une nouvelle <em>Th\u00e9orie du roman<\/em><\/a> (Fabula).<\/p>\n\n\n\n<p><a href=\"https:\/\/www.telerama.fr\/livre\/nastassja-martin-emma-cline-quentin-tarantino-la-selection-des-livres-de-poche-de-la-semaine-7020371.php\" title=\"\">La s\u00e9lection des livres de poche de la semaine<\/a> (T\u00e9l\u00e9rama).<\/p>\n\n\n\n<p><a href=\"https:\/\/www.liberation.fr\/idees-et-debats\/tribunes\/festival-de-cannes-plus-de-300-professionnels-du-cinema-soutiennent-les-travailleurs-precaires-des-festivals-20240510_4QA2F5G27RBTZFY6JE5KP7BOX4\/\" title=\"\">Cannes&nbsp;: plus de 300 professionnels soutiennent les pr\u00e9caires <\/a>(Lib\u00e9ration).<\/p>\n\n\n\n<div class=\"wp-block-columns is-layout-flex wp-container-core-columns-is-layout-9d6595d7 wp-block-columns-is-layout-flex\">\n<div class=\"wp-block-column is-layout-flow wp-block-column-is-layout-flow\" style=\"flex-basis:100%\"><div class=\"wp-block-image\">\n<figure class=\"alignleft size-full is-resized\"><img data-recalc-dims=\"1\" loading=\"lazy\" decoding=\"async\" width=\"1024\" height=\"658\" src=\"https:\/\/i0.wp.com\/www.rdpemancipation.org\/wp-content\/uploads\/2024\/05\/LL4OA75IXVFYHDCW2YA7A23LK4.jpg?resize=1024%2C658&#038;ssl=1\" alt=\"\" class=\"wp-image-128851\" style=\"width:290px;height:auto\" srcset=\"https:\/\/i0.wp.com\/www.rdpemancipation.org\/wp-content\/uploads\/2024\/05\/LL4OA75IXVFYHDCW2YA7A23LK4.jpg?w=1024&amp;ssl=1 1024w, https:\/\/i0.wp.com\/www.rdpemancipation.org\/wp-content\/uploads\/2024\/05\/LL4OA75IXVFYHDCW2YA7A23LK4.jpg?resize=300%2C193&amp;ssl=1 300w, https:\/\/i0.wp.com\/www.rdpemancipation.org\/wp-content\/uploads\/2024\/05\/LL4OA75IXVFYHDCW2YA7A23LK4.jpg?resize=768%2C494&amp;ssl=1 768w\" sizes=\"auto, (max-width: 1024px) 100vw, 1024px\" \/><figcaption class=\"wp-element-caption\"><sup>Le 20 mai 2022 devant le Palais des festivals, \u00e0 Cannes. (Antonin Thuillier\/AFP)<\/sup><\/figcaption><\/figure>\n<\/div><\/div>\n<\/div>\n\n\n\n<p class=\"has-text-color has-link-color wp-elements-bb7195a35e6bc399b9a5c0dc1056d298\" style=\"color:#bb0000\"><strong>11 mai<\/strong><\/p>\n\n\n\n<p><a href=\"https:\/\/www.telerama.fr\/livre\/dans-telerama-goliarda-sapienza-ou-l-art-d-une-ecrivaine-insoumise-4603-26669.php\" title=\"\">Goliarda Sapienza ou l\u2019art d\u2019une \u00e9crivaine insoumise<\/a> (T\u00e9l\u00e9rama).<\/p>\n\n\n\n<p><a href=\"https:\/\/www.humanite.fr\/culture-et-savoir\/italie\/mort-de-la-camarade-avec-une-guitare-giovanna-marini\" title=\"\">Mort de la \u00ab&nbsp;camarade avec une guitare&nbsp;\u00bb Giovanna Marini<\/a> (L&rsquo;Humanit\u00e9).<\/p>\n\n\n\n<p><a href=\"https:\/\/www.en-attendant-nadeau.fr\/2024\/05\/11\/en-trois-distances-samuel-ka\/\" title=\"\">En trois distances<\/a> (En attendant Nadeau).<\/p>\n\n\n\n<p><a href=\"https:\/\/www.lemonde.fr\/culture\/article\/2024\/05\/07\/a-nice-une-confrontation-instructive-entre-les-oeuvres-de-matisse-et-tatah_6232098_3246.html\" title=\"\">A Nice, confrontation instructive Matisse Tatah<\/a><\/p>\n\n\n\n<div class=\"wp-block-columns is-layout-flex wp-container-core-columns-is-layout-9d6595d7 wp-block-columns-is-layout-flex\">\n<div class=\"wp-block-column is-layout-flow wp-block-column-is-layout-flow\" style=\"flex-basis:100%\"><div class=\"wp-block-image\">\n<figure class=\"alignleft size-full is-resized\"><img data-recalc-dims=\"1\" loading=\"lazy\" decoding=\"async\" width=\"700\" height=\"359\" src=\"https:\/\/i0.wp.com\/www.rdpemancipation.org\/wp-content\/uploads\/2024\/05\/92c4642_1715073203178-dt-oeuvre4.jpg?resize=700%2C359&#038;ssl=1\" alt=\"\" class=\"wp-image-128828\" style=\"width:289px;height:auto\" srcset=\"https:\/\/i0.wp.com\/www.rdpemancipation.org\/wp-content\/uploads\/2024\/05\/92c4642_1715073203178-dt-oeuvre4.jpg?w=700&amp;ssl=1 700w, https:\/\/i0.wp.com\/www.rdpemancipation.org\/wp-content\/uploads\/2024\/05\/92c4642_1715073203178-dt-oeuvre4.jpg?resize=300%2C154&amp;ssl=1 300w\" sizes=\"auto, (max-width: 700px) 100vw, 700px\" \/><figcaption class=\"wp-element-caption\"><sup>\u00ab&nbsp;\u0152uvre&nbsp;4&nbsp;\u00bb&nbsp;(2009), huile et cire sur toile de Djamel Tatah. ADAGP, PARIS, 2024\/PHOTO JEAN-LOUIS LOSI<\/sup><\/figcaption><\/figure>\n<\/div><\/div>\n<\/div>\n\n\n\n<p class=\"has-text-color has-link-color wp-elements-2ed612dc52ebb97b80a547e70af0e931\" style=\"color:#ae0000\"><strong>10 mai<\/strong><\/p>\n\n\n\n<p><a href=\"https:\/\/www.blast-info.fr\/articles\/2024\/les-vieux-de-claus-drexel-voyage-intime-avec-nos-anciens--HIAFv3CS3el8VUoy7f_nw\" title=\"\">\u00ab Les Vieux \u00bb&nbsp;de Claus Drexel<\/a> (Blast).<\/p>\n\n\n\n<p><a href=\"https:\/\/www.telerama.fr\/ecrans\/sur-netflix-dix-tres-bons-films-a-voir-avant-la-fin-du-mois-de-mai-5648-7015432.php\" title=\"\">Sur Netflix, dix (tr\u00e8s) bons films<\/a> (T\u00e9l\u00e9rama).<\/p>\n\n\n\n<p><a href=\"https:\/\/www.revue-ballast.fr\/pour-un-alpinisme-libertaire\/\" title=\"\">Pour un alpinisme libertaire<\/a> (Ballast).<\/p>\n\n\n\n<p><a href=\"https:\/\/link.newsletter.franceculture.fr\/m\/ml\/7429\/870444\/SJMk52qhe8VsAM9coccTI29C5lXTLJmivm821gAfcU8=\/ef1Gu9b7XqF81KmQsWldFFhR8pqeEChb\/\" target=\"_blank\" rel=\"noreferrer noopener\">La t\u00e9l\u00e9 selon Bernard Pivot<\/a> (France Culture).<\/p>\n\n\n\n<div class=\"wp-block-columns is-layout-flex wp-container-core-columns-is-layout-9d6595d7 wp-block-columns-is-layout-flex\">\n<div class=\"wp-block-column is-layout-flow wp-block-column-is-layout-flow\" style=\"flex-basis:100%\"><div class=\"wp-block-image\">\n<figure class=\"alignleft size-full is-resized\"><img data-recalc-dims=\"1\" loading=\"lazy\" decoding=\"async\" width=\"560\" height=\"315\" src=\"https:\/\/i0.wp.com\/www.rdpemancipation.org\/wp-content\/uploads\/2024\/05\/560x315_sc_gettyimages-1008396400.webp?resize=560%2C315&#038;ssl=1\" alt=\"\" class=\"wp-image-128788\" style=\"width:296px;height:auto\" srcset=\"https:\/\/i0.wp.com\/www.rdpemancipation.org\/wp-content\/uploads\/2024\/05\/560x315_sc_gettyimages-1008396400.webp?w=560&amp;ssl=1 560w, https:\/\/i0.wp.com\/www.rdpemancipation.org\/wp-content\/uploads\/2024\/05\/560x315_sc_gettyimages-1008396400.webp?resize=300%2C169&amp;ssl=1 300w\" sizes=\"auto, (max-width: 560px) 100vw, 560px\" \/><figcaption class=\"wp-element-caption\"><sup>L&rsquo;\u00e9crivain russe, Alexandre Soljenitsyne, \u00e0 l&rsquo;\u00e9mission &lsquo;Apostrophes&rsquo; pr\u00e9sent\u00e9 par Bernard Pivot en avril 1975 \u00e0 Paris, France \u00a9Getty &#8211; William KAREL\/Gamma-Rapho<\/sup><\/figcaption><\/figure>\n<\/div><\/div>\n<\/div>\n\n\n\n<p class=\"has-text-color has-link-color wp-elements-148e0336f2b765d60ddb8d19e1fb4613\" style=\"color:#b50000\"><strong>9 mai<\/strong><\/p>\n\n\n\n<p><a href=\"https:\/\/link.newsletter.franceculture.fr\/m\/ml\/7429\/870256\/X9DFmN_22pDO5_DloP5ieW9C5lXTLJmivm821gAfcU8=\/a00pQf1O1eCsqvqdph0twLBs0JPro+9B\/\" target=\"_blank\" rel=\"noreferrer noopener\"> Histoire d&rsquo;une psychiatrie lib\u00e9ratrice<\/a> (France Culture).<\/p>\n\n\n\n<p><a href=\"https:\/\/public-api.wordpress.com\/bar\/?stat=groovemails-events&amp;bin=wpcom_email_click&amp;redirect_to=https%3A%2F%2Fentreleslignesentrelesmots.wordpress.com%2F2024%2F05%2F08%2Fdes-enregistrements-en-2019-10%2F&amp;sr=0&amp;signature=5491681f21b0d5581dfada1c56518308&amp;blog_id=12785448&amp;user=0ff88261f2c135c936be37d66e379a6f&amp;_e=eyJlcnJvciI6bnVsbCwiYmxvZ19pZCI6MTI3ODU0NDgsImJsb2dfbGFuZyI6ImZyLUZSIiwic2l0ZV9pZF9sYWJlbCI6IndwY29tIiwiaGFzX2ZlYXR1cmVkX2ltYWdlIjoiMCIsInN1YnNjcmliZXJfaWQiOiIzMDM5NzQ3NTMiLCJfdWkiOiIwZmY4ODI2MWYyYzEzNWM5MzZiZTM3ZDY2ZTM3OWE2ZiIsIl91dCI6ImFub24iLCJlbWFpbF9kb21haW4iOiJ5YWhvby5jb20iLCJwb3N0X2lkIjo4MDY1MywidXNlcl9lbWFpbCI6ImNwcmV2b3N0OTFAeWFob28uY29tIiwiZGF0ZV9zZW50IjoiMjAyNC0wNS0wOCIsImVtYWlsX2lkIjoiYjgxNWI2OTE4N2Q2MzIwOTkzZGVlZjUzYjY4OTc4NjQiLCJlbWFpbF9uYW1lIjoibmV3LXBvc3QiLCJ0ZW1wbGF0ZSI6Im5ldy1wb3N0IiwibGlua19kZXNjIjoicG9zdC11cmwiLCJhbmNob3JfdGV4dCI6IkRlcyBlbnJlZ2lzdHJlbWVudHMgZW4gMjAxOVx1MDBhMCgxMCkiLCJfZHIiOm51bGwsIl9kbCI6Ilwvd3AtY3Jvbi5waHA\/ZG9pbmdfd3BfY3Jvbj0xNzE1MTgyMjAwLjMwMjU5NzA0NTg5ODQzNzUwMDAwMDAiLCJfZW4iOiJ3cGNvbV9lbWFpbF9jbGljayIsIl90cyI6MTcxNTE4MjMwNzUwNiwiYnJvd3Nlcl90eXBlIjoicGhwLWFnZW50IiwiX2F1YSI6IndwY29tLXRyYWNrcy1jbGllbnQtdjAuMyIsIl91bCI6bnVsbCwiYmxvZ190eiI6IjAiLCJ1c2VyX2xhbmciOm51bGx9&amp;_z=z\" target=\"_blank\" rel=\"noreferrer noopener\">Des enregistrements en 2019<\/a> (Entre les lignes entre les mots).<\/p>\n\n\n\n<p><a href=\"https:\/\/www.telerama.fr\/cinema\/bon-voyage-de-jean-paul-rappeneau-notre-critique_cri-7032492.php\" title=\"\">\u201cBon Voyage\u201d&nbsp;: une com\u00e9die sur fond de Guerre mondiale<\/a> (T\u00e9l\u00e9rama).<\/p>\n\n\n\n<p><a href=\"https:\/\/www.en-attendant-nadeau.fr\/2024\/05\/07\/utopie-nucleaire-kate-brown\/\">Utopie nucl\u00e9aire<\/a> (En attendant Nadeau).<\/p>\n\n\n\n<p><a href=\"https:\/\/www.liberation.fr\/culture\/cinema\/sortie-du-dernier-court-metrage-de-jean-luc-godard-il-trouvait-que-cetait-un-de-ses-meilleurs-films-20240507_HGCIAIUCRRD2HC4ABNBKMHRY2Q\/\" title=\"\">Court m\u00e9trage posthume de Jean-Luc Godard<\/a> (Lib\u00e9ration).<\/p>\n\n\n\n<div class=\"wp-block-columns is-layout-flex wp-container-core-columns-is-layout-9d6595d7 wp-block-columns-is-layout-flex\">\n<div class=\"wp-block-column is-layout-flow wp-block-column-is-layout-flow\" style=\"flex-basis:100%\"><div class=\"wp-block-image\">\n<figure class=\"alignleft size-full is-resized\"><img data-recalc-dims=\"1\" loading=\"lazy\" decoding=\"async\" width=\"1024\" height=\"679\" src=\"https:\/\/i0.wp.com\/www.rdpemancipation.org\/wp-content\/uploads\/2024\/05\/GE2VDGBOFRE5PJNMLVOW7VDNIU.jpg?resize=1024%2C679&#038;ssl=1\" alt=\"\" class=\"wp-image-128769\" style=\"width:289px;height:auto\" srcset=\"https:\/\/i0.wp.com\/www.rdpemancipation.org\/wp-content\/uploads\/2024\/05\/GE2VDGBOFRE5PJNMLVOW7VDNIU.jpg?w=1024&amp;ssl=1 1024w, https:\/\/i0.wp.com\/www.rdpemancipation.org\/wp-content\/uploads\/2024\/05\/GE2VDGBOFRE5PJNMLVOW7VDNIU.jpg?resize=300%2C199&amp;ssl=1 300w, https:\/\/i0.wp.com\/www.rdpemancipation.org\/wp-content\/uploads\/2024\/05\/GE2VDGBOFRE5PJNMLVOW7VDNIU.jpg?resize=768%2C509&amp;ssl=1 768w\" sizes=\"auto, (max-width: 1024px) 100vw, 1024px\" \/><figcaption class=\"wp-element-caption\"><sup>Pour le r\u00e9alisateur, la table de travail en bois \u00ab\u00e9tait devenue centrale\u00bb dans l\u2019\u00e9laboration des films. (Bluebird Distribution)<\/sup><\/figcaption><\/figure>\n<\/div><\/div>\n<\/div>\n\n\n\n<p class=\"has-text-color has-link-color wp-elements-76b886d409d1d050cae85ba557f41836\" style=\"color:#b00000\"><strong>8 mai<\/strong><\/p>\n\n\n\n<p><a href=\"https:\/\/www.frustrationmagazine.fr\/?mailpoet_router&amp;endpoint=track&amp;action=click&amp;data=WyI1ODk2IiwiNDljMGQzZTU3YWRjZjUwNmVkMTAxNWMzZmI4NGUwNDEiLCIzNjc4IiwiOTQyZjc2MmU0YjU4IixmYWxzZV0\" title=\"\">\u201cMachine\u201c, le Kung Fu au service de la lutte des classes<\/a> (Frustration).<\/p>\n\n\n\n<p><a href=\"https:\/\/www.telerama.fr\/cinema\/les-sorties-cinema-de-la-semaine-l-esprit-coubertin-droles-de-guerres-comme-un-lundi-7020341.php\" title=\"\">Les sorties cin\u00e9ma de la semaine<\/a> (T\u00e9l\u00e9rama).<\/p>\n\n\n\n<p><a href=\"https:\/\/www.en-attendant-nadeau.fr\/2024\/05\/07\/lillusion-du-nucleaire\/\">L\u2019illusion du nucl\u00e9aire<\/a> (En attendant Nadeau).<\/p>\n\n\n\n<p><a href=\"https:\/\/laviedesidees.fr\/Arroser-les-oeillets-d-avril\" title=\"\">Arroser les \u0153illets d\u2019avril<\/a> (La Vie des id\u00e9es).<\/p>\n\n\n\n<div class=\"wp-block-columns is-layout-flex wp-container-core-columns-is-layout-9d6595d7 wp-block-columns-is-layout-flex\">\n<div class=\"wp-block-column is-layout-flow wp-block-column-is-layout-flow\" style=\"flex-basis:100%\"><div class=\"wp-block-image\">\n<figure class=\"alignleft size-large is-resized\"><img data-recalc-dims=\"1\" loading=\"lazy\" decoding=\"async\" width=\"731\" height=\"1024\" src=\"https:\/\/i0.wp.com\/www.rdpemancipation.org\/wp-content\/uploads\/2024\/05\/image0-2-abb93.jpg?resize=731%2C1024&#038;ssl=1\" alt=\"\" class=\"wp-image-128747\" style=\"width:296px;height:auto\" srcset=\"https:\/\/i0.wp.com\/www.rdpemancipation.org\/wp-content\/uploads\/2024\/05\/image0-2-abb93.jpg?resize=731%2C1024&amp;ssl=1 731w, https:\/\/i0.wp.com\/www.rdpemancipation.org\/wp-content\/uploads\/2024\/05\/image0-2-abb93.jpg?resize=214%2C300&amp;ssl=1 214w, https:\/\/i0.wp.com\/www.rdpemancipation.org\/wp-content\/uploads\/2024\/05\/image0-2-abb93.jpg?resize=768%2C1076&amp;ssl=1 768w, https:\/\/i0.wp.com\/www.rdpemancipation.org\/wp-content\/uploads\/2024\/05\/image0-2-abb93.jpg?w=935&amp;ssl=1 935w\" sizes=\"auto, (max-width: 731px) 100vw, 731px\" \/><figcaption class=\"wp-element-caption\"><sup>Lisbonne, place du Commerce, 24&nbsp;avril 2024<\/sup><\/figcaption><\/figure>\n<\/div><\/div>\n<\/div>\n\n\n\n<p class=\"has-text-color has-link-color wp-elements-91a0716d84a5825461911c65e5cf89c8\" style=\"color:#bb0000\"><strong>7 mai<\/strong><\/p>\n\n\n\n<p><a href=\"https:\/\/www.nonfiction.fr\/article-12029-que-disent-les-intellectuels-publics-en-chine-aujourdhui.htm\" title=\"\">Que disent les intellectuels publics en Chine aujourd\u2019hui ?<\/a> (Nonfiction).<\/p>\n\n\n\n<p><a href=\"https:\/\/www.fabula.org\/actualites\/120058\/milena-26-04.html\">Milena et Felice<\/a> (Fabula).<\/p>\n\n\n\n<p><a href=\"https:\/\/doublemarge.com\/avez-vous-vu-la-moindre-des-choses-de-nicolas-philibert\/\" title=\"\">Avez-vous vu La Moindre des choses de Nicolas Philibert?<\/a> (Double marge).<\/p>\n\n\n\n<p><a href=\"https:\/\/www.liberation.fr\/culture\/scenes\/molieres-2024-de-la-politique-et-des-longueurs-20240507_KIY5HC3DIBC5FIS3XHUREIZC4Y\/\" title=\"\">Moli\u00e8res 2024&nbsp;: de la politique et des longueurs<\/a> (Lib\u00e9ration).<\/p>\n\n\n\n<p><a href=\"https:\/\/link.newsletter.franceculture.fr\/m\/ml\/7429\/869864\/1AK0SXPe_pVWFzZaxifam29C5lXTLJmivm821gAfcU8=\/o9E776G4w-oF2q2yDE6M4NfhV3dpA5OX\/\" target=\"_blank\" rel=\"noreferrer noopener\">Bernard Pivot&nbsp;: \u00ab\u00a0Les mots sont des compagnons\u00a0\u00bb<\/a> (France Culture).<\/p>\n\n\n\n<div class=\"wp-block-columns is-layout-flex wp-container-core-columns-is-layout-9d6595d7 wp-block-columns-is-layout-flex\">\n<div class=\"wp-block-column is-layout-flow wp-block-column-is-layout-flow\" style=\"flex-basis:100%\"><div class=\"wp-block-image\">\n<figure class=\"alignleft size-full is-resized\"><img data-recalc-dims=\"1\" loading=\"lazy\" decoding=\"async\" width=\"560\" height=\"315\" src=\"https:\/\/i0.wp.com\/www.rdpemancipation.org\/wp-content\/uploads\/2024\/05\/560x315_gettyimages-1311968274.webp?resize=560%2C315&#038;ssl=1\" alt=\"\" class=\"wp-image-128708\" style=\"width:290px;height:auto\" srcset=\"https:\/\/i0.wp.com\/www.rdpemancipation.org\/wp-content\/uploads\/2024\/05\/560x315_gettyimages-1311968274.webp?w=560&amp;ssl=1 560w, https:\/\/i0.wp.com\/www.rdpemancipation.org\/wp-content\/uploads\/2024\/05\/560x315_gettyimages-1311968274.webp?resize=300%2C169&amp;ssl=1 300w\" sizes=\"auto, (max-width: 560px) 100vw, 560px\" \/><figcaption class=\"wp-element-caption\"><sup>Bernard Pivot, journaliste et \u00e9crivain, photographi\u00e9 dans son appartement parisien en D\u00e9cembre 2011 \u00a9Getty &#8211; Eric Robert<\/sup><\/figcaption><\/figure>\n<\/div><\/div>\n<\/div>\n\n\n\n<p class=\"has-text-color has-link-color wp-elements-57a1b201b0c6575504d8ef82acd582c8\" style=\"color:#aa0000\"><strong>6 mai<\/strong><\/p>\n\n\n\n<p><a href=\"https:\/\/www.blast-info.fr\/articles\/2024\/horizons-climatiques-une-bd-pour-synthetiser-les-travaux-du-giec-8duFGLpDS3O3RQqWcGQp9w\" title=\"\">Une BD pour synth\u00e9tiser les travaux du GIEC<\/a> (Blast).<\/p>\n\n\n\n<p><a href=\"https:\/\/public-api.wordpress.com\/bar\/?stat=groovemails-events&amp;bin=wpcom_email_click&amp;redirect_to=https%3A%2F%2Fentreleslignesentrelesmots.wordpress.com%2F2024%2F05%2F05%2Fabcdaire-necessairement-partiel-42%2F&amp;sr=0&amp;signature=3693bfd9a1a39527465266d4097c76a1&amp;blog_id=12785448&amp;user=0ff88261f2c135c936be37d66e379a6f&amp;_e=eyJlcnJvciI6bnVsbCwiYmxvZ19pZCI6MTI3ODU0NDgsImJsb2dfbGFuZyI6ImZyLUZSIiwic2l0ZV9pZF9sYWJlbCI6IndwY29tIiwiaGFzX2ZlYXR1cmVkX2ltYWdlIjoiMCIsInN1YnNjcmliZXJfaWQiOiIzMDM5NzQ3NTMiLCJfdWkiOiIwZmY4ODI2MWYyYzEzNWM5MzZiZTM3ZDY2ZTM3OWE2ZiIsIl91dCI6ImFub24iLCJlbWFpbF9kb21haW4iOiJ5YWhvby5jb20iLCJwb3N0X2lkIjo4MDk5MiwidXNlcl9lbWFpbCI6ImNwcmV2b3N0OTFAeWFob28uY29tIiwiZGF0ZV9zZW50IjoiMjAyNC0wNS0wNSIsImVtYWlsX2lkIjoiNzU1NzM3ZGMzZDdmODU3NzkzZjAwNWVjYThhMGFlOTgiLCJlbWFpbF9uYW1lIjoibmV3LXBvc3QiLCJ0ZW1wbGF0ZSI6Im5ldy1wb3N0IiwibGlua19kZXNjIjoicG9zdC11cmwiLCJhbmNob3JfdGV4dCI6IkFCQ0RhaXJlIG5cdTAwZTljZXNzYWlyZW1lbnQgcGFydGllbFx1MDBhMCg0MikiLCJfZHIiOm51bGwsIl9kbCI6Ilwvd3AtY3Jvbi5waHA\/ZG9pbmdfd3BfY3Jvbj0xNzE0OTIzMDU2LjM3NzA5MTg4NDYxMzAzNzEwOTM3NTAiLCJfZW4iOiJ3cGNvbV9lbWFpbF9jbGljayIsIl90cyI6MTcxNDkyMzE0MzQyMSwiYnJvd3Nlcl90eXBlIjoicGhwLWFnZW50IiwiX2F1YSI6IndwY29tLXRyYWNrcy1jbGllbnQtdjAuMyIsIl91bCI6bnVsbCwiYmxvZ190eiI6IjAiLCJ1c2VyX2xhbmciOm51bGx9&amp;_z=z\" target=\"_blank\" rel=\"noreferrer noopener\">ABCDaire n\u00e9cessairement partiel<\/a> (Entre les lignes entre les mots).<\/p>\n\n\n\n<p><a href=\"https:\/\/www.fabula.org\/actualites\/120467\/apres-les-tm-les-tqr.html\">Les temps qui restent<\/a> (Fabula).<\/p>\n\n\n\n<p><a href=\"https:\/\/link.newsletter.radiofrance.fr\/m\/ml\/7429\/869158\/q8s86xnmfCiPJuaf3oZ_T29C5lXTLJmivm821gAfcU8=\/DjUkAnGqNI56QD0BgXqGUTWosCte2Uu7PQOkbpQc7as=\/\" title=\"\">La division du travail dans l&rsquo;orchestre<\/a> (France Musique).<\/p>\n\n\n\n<p><a href=\"https:\/\/www.telerama.fr\/television\/soiree-speciale-gregory-peck-sur-arte-portrait-d-un-acteur-engage-a-hollywood-7020311.php\" title=\"\">Gregory Peck&nbsp;: portrait d\u2019un acteur engag\u00e9 \u00e0 Hollywood<\/a> (T\u00e9l\u00e9rama).<\/p>\n\n\n\n<div class=\"wp-block-columns is-layout-flex wp-container-core-columns-is-layout-9d6595d7 wp-block-columns-is-layout-flex\">\n<div class=\"wp-block-column is-layout-flow wp-block-column-is-layout-flow\" style=\"flex-basis:100%\"><div class=\"wp-block-image\">\n<figure class=\"alignleft size-large is-resized\"><img data-recalc-dims=\"1\" loading=\"lazy\" decoding=\"async\" width=\"1024\" height=\"683\" src=\"https:\/\/i0.wp.com\/www.rdpemancipation.org\/wp-content\/uploads\/2024\/05\/webp.webp?resize=1024%2C683&#038;ssl=1\" alt=\"\" class=\"wp-image-128669\" style=\"width:292px;height:auto\" srcset=\"https:\/\/i0.wp.com\/www.rdpemancipation.org\/wp-content\/uploads\/2024\/05\/webp.webp?resize=1024%2C683&amp;ssl=1 1024w, https:\/\/i0.wp.com\/www.rdpemancipation.org\/wp-content\/uploads\/2024\/05\/webp.webp?resize=300%2C200&amp;ssl=1 300w, https:\/\/i0.wp.com\/www.rdpemancipation.org\/wp-content\/uploads\/2024\/05\/webp.webp?resize=768%2C512&amp;ssl=1 768w, https:\/\/i0.wp.com\/www.rdpemancipation.org\/wp-content\/uploads\/2024\/05\/webp.webp?w=1200&amp;ssl=1 1200w\" sizes=\"auto, (max-width: 1024px) 100vw, 1024px\" \/><figcaption class=\"wp-element-caption\"><sup>Gregory Peck dans \u00ab&nbsp;Bravados&nbsp;\u00bb (1957), western flamboyant qui fait \u00e9cho \u00e0 la morale de l\u2019acteur. Photo 20th Century Fox<\/sup><\/figcaption><\/figure>\n<\/div><\/div>\n<\/div>\n\n\n\n<p class=\"has-text-color has-link-color wp-elements-6adbd02daa2a8d3c40f236301bd8d884\" style=\"color:#b20000\"><strong>5 mai <\/strong><\/p>\n\n\n\n<p><a href=\"https:\/\/laviedesidees.fr\/Roche-Rabate-La-police-contre-la-rue\" title=\"\">L\u2019introuvable doctrine<\/a> (La Vie des id\u00e9es).<\/p>\n\n\n\n<p><a href=\"https:\/\/www.lemonde.fr\/culture\/article\/2024\/05\/05\/joel-pommerat-dramaturge-quand-je-reve-de-mon-pere-ce-sont-des-reves-de-culpabilite_6231635_3246.html\" title=\"\">Jo\u00ebl Pommerat, dramaturge<\/a> (Le Monde).<\/p>\n\n\n\n<p><a href=\"https:\/\/www.en-attendant-nadeau.fr\/2024\/04\/30\/poete-communiste-americain-cherche-lecteur-thomas-mcgrath\/\" title=\"\">Po\u00e8te communiste am\u00e9ricain cherche lecteur<\/a> (En attendant Nadeau).<\/p>\n\n\n\n<p><a href=\"https:\/\/doublemarge.com\/lhistoire-oubliee-des-femmes-au-foyer-de-michele-dominici\/\" title=\"\">L\u2019histoire oubli\u00e9e des femmes au foyer de Mich\u00e8le Dominici<\/a> (Double marge).<\/p>\n\n\n\n<p><a href=\"https:\/\/link.newsletter.radiofrance.fr\/m\/ml\/7429\/869158\/q8s86xnmfCiPJuaf3oZ_T29C5lXTLJmivm821gAfcU8=\/DjUkAnGqNI56QD0BgXqGUTWosCte2Uu7The2xhrzIHw=\/\" title=\"\">Comment \u00eatre improductif<\/a> (France Culture).<\/p>\n\n\n\n<div class=\"wp-block-columns is-layout-flex wp-container-core-columns-is-layout-9d6595d7 wp-block-columns-is-layout-flex\">\n<div class=\"wp-block-column is-layout-flow wp-block-column-is-layout-flow\" style=\"flex-basis:100%\"><div class=\"wp-block-image\">\n<figure class=\"alignleft size-full is-resized\"><img data-recalc-dims=\"1\" loading=\"lazy\" decoding=\"async\" width=\"560\" height=\"315\" src=\"https:\/\/i0.wp.com\/www.rdpemancipation.org\/wp-content\/uploads\/2024\/05\/560x315_sc_salvayre-lydie-2-c-jean-pierre-loubat-validite-mars-2027.webp?resize=560%2C315&#038;ssl=1\" alt=\"\" class=\"wp-image-128631\" style=\"width:293px;height:auto\" srcset=\"https:\/\/i0.wp.com\/www.rdpemancipation.org\/wp-content\/uploads\/2024\/05\/560x315_sc_salvayre-lydie-2-c-jean-pierre-loubat-validite-mars-2027.webp?w=560&amp;ssl=1 560w, https:\/\/i0.wp.com\/www.rdpemancipation.org\/wp-content\/uploads\/2024\/05\/560x315_sc_salvayre-lydie-2-c-jean-pierre-loubat-validite-mars-2027.webp?resize=300%2C169&amp;ssl=1 300w\" sizes=\"auto, (max-width: 560px) 100vw, 560px\" \/><figcaption class=\"wp-element-caption\"><sup>Lydie Salvayre &#8211; Jean-Pierre Loubat<\/sup><\/figcaption><\/figure>\n<\/div><\/div>\n<\/div>\n\n\n\n<p class=\"has-text-color has-link-color wp-elements-5d903352f40b88358b9d8f70424dd260\" style=\"color:#ab0000\"><strong>4 mai<\/strong><\/p>\n\n\n\n<p><a href=\"https:\/\/link.newsletter.franceculture.fr\/m\/ml\/7429\/869300\/6DBe9WAx6uQ7wKpu7-w-rm9C5lXTLJmivm821gAfcU8=\/Yf0Vu7f8WXq3DPeZ97J6yrlBE7NGNIwqGeJPQuW4Gec=\/\" target=\"_blank\" rel=\"noreferrer noopener\">Le festival \u00ab\u00a0Terre &amp; Lettres\u00a0\u00bb d\u00e9bute le 2 mai \u00e0 la Rochelle<\/a> (France Culture).<\/p>\n\n\n\n<p><a target=\"_blank\" rel=\"noreferrer noopener\">Des enregistrements en 2021<\/a> (Entre les lignes entre les mots).<\/p>\n\n\n\n<p><a href=\"https:\/\/laviedesidees.fr\/Gunther-Anders-L-humain-etranger-au-monde\" target=\"_blank\" rel=\"noreferrer noopener\">L\u2019\u00eatre jetable<\/a> (La Vie des id\u00e9es).<\/p>\n\n\n\n<p><a href=\"https:\/\/www.en-attendant-nadeau.fr\/2024\/05\/02\/israel-la-guerre-et-la-politique-sylvain-cypel\/\" title=\"\">Isra\u00ebl, la guerre et la politique<\/a> (En attendant Nadeau).<\/p>\n\n\n\n<div class=\"wp-block-columns is-layout-flex wp-container-core-columns-is-layout-9d6595d7 wp-block-columns-is-layout-flex\">\n<div class=\"wp-block-column is-layout-flow wp-block-column-is-layout-flow\" style=\"flex-basis:100%\"><div class=\"wp-block-image\">\n<figure class=\"alignleft size-full is-resized\"><img data-recalc-dims=\"1\" loading=\"lazy\" decoding=\"async\" width=\"1024\" height=\"685\" src=\"https:\/\/i0.wp.com\/www.rdpemancipation.org\/wp-content\/uploads\/2024\/05\/Flickr_-_Israel_Defense_Forces_-_Trying_on_Uniforms_for_the_First_Time_1-1024x685-1.webp?resize=1024%2C685&#038;ssl=1\" alt=\"\" class=\"wp-image-128571\" style=\"width:291px;height:auto\" srcset=\"https:\/\/i0.wp.com\/www.rdpemancipation.org\/wp-content\/uploads\/2024\/05\/Flickr_-_Israel_Defense_Forces_-_Trying_on_Uniforms_for_the_First_Time_1-1024x685-1.webp?w=1024&amp;ssl=1 1024w, https:\/\/i0.wp.com\/www.rdpemancipation.org\/wp-content\/uploads\/2024\/05\/Flickr_-_Israel_Defense_Forces_-_Trying_on_Uniforms_for_the_First_Time_1-1024x685-1.webp?resize=300%2C201&amp;ssl=1 300w, https:\/\/i0.wp.com\/www.rdpemancipation.org\/wp-content\/uploads\/2024\/05\/Flickr_-_Israel_Defense_Forces_-_Trying_on_Uniforms_for_the_First_Time_1-1024x685-1.webp?resize=768%2C514&amp;ssl=1 768w\" sizes=\"auto, (max-width: 1024px) 100vw, 1024px\" \/><figcaption class=\"wp-element-caption\"><sup>De jeunes recrues essayant leur uniforme avant d\u2019int\u00e9grer la Brigade Givati (2006) \u00a9 CC BY 2.0\/Israel Defense Forces\/WikiCommons<\/sup><\/figcaption><\/figure>\n<\/div><\/div>\n<\/div>\n\n\n\n<p class=\"has-text-color has-link-color wp-elements-1030c8eeb2c1bf1cf6d7e88a8adb6b5e\" style=\"color:#b30000\"><strong>3 mai<\/strong><\/p>\n\n\n\n<p><a href=\"https:\/\/link.newsletter.franceculture.fr\/m\/ml\/7429\/869066\/62EQd5kuVgWrAF774wC9GG9C5lXTLJmivm821gAfcU8=\/1MU2Eea8TGCq-n+QJrtfKWbc73XXEtlju7cXf4KA0o0=\/\" target=\"_blank\" rel=\"noreferrer noopener\">L&rsquo;\u00e9conomie selon les musiciens de jazz<\/a> (France Culture).<\/p>\n\n\n\n<p><a href=\"https:\/\/www.contretemps.eu\/communisme-etat-marx-lenine-mao-entretien-badiou\/\" title=\"\">\u00ab&nbsp;D\u00e9faire la machinerie \u00e9tatique&nbsp;\u00bb. Entretien avec Alain Badiou<\/a> (Contretemps).<\/p>\n\n\n\n<p><a href=\"https:\/\/www.telerama.fr\/livre\/mort-de-l-americain-paul-auster-auteur-de-la-trilogie-new-yorkaise-7020246.php\" title=\"\">Mort de Paul Auster, grand \u00e9crivain de la m\u00e9moire et du hasard<\/a> (T\u00e9l\u00e9rama).<\/p>\n\n\n\n<p><a href=\"https:\/\/www.en-attendant-nadeau.fr\/2024\/04\/30\/toutes-les-vies-de-frantz-fanon-adam-shatz\/\">Toutes les vies de Fanon<\/a> (En attendant Nadeau).<\/p>\n\n\n\n<div class=\"wp-block-columns is-layout-flex wp-container-core-columns-is-layout-9d6595d7 wp-block-columns-is-layout-flex\">\n<div class=\"wp-block-column is-layout-flow wp-block-column-is-layout-flow\" style=\"flex-basis:100%\"><div class=\"wp-block-image\">\n<figure class=\"alignleft size-full is-resized\"><img data-recalc-dims=\"1\" loading=\"lazy\" decoding=\"async\" width=\"950\" height=\"659\" src=\"https:\/\/i0.wp.com\/www.rdpemancipation.org\/wp-content\/uploads\/2024\/05\/02_Frantz-Fanon-lors-dune-conference-de-presse-du-Congres-des-ecrivains-a-Tunis-1959.webp?resize=950%2C659&#038;ssl=1\" alt=\"\" class=\"wp-image-128538\" style=\"width:290px;height:auto\" srcset=\"https:\/\/i0.wp.com\/www.rdpemancipation.org\/wp-content\/uploads\/2024\/05\/02_Frantz-Fanon-lors-dune-conference-de-presse-du-Congres-des-ecrivains-a-Tunis-1959.webp?w=950&amp;ssl=1 950w, https:\/\/i0.wp.com\/www.rdpemancipation.org\/wp-content\/uploads\/2024\/05\/02_Frantz-Fanon-lors-dune-conference-de-presse-du-Congres-des-ecrivains-a-Tunis-1959.webp?resize=300%2C208&amp;ssl=1 300w, https:\/\/i0.wp.com\/www.rdpemancipation.org\/wp-content\/uploads\/2024\/05\/02_Frantz-Fanon-lors-dune-conference-de-presse-du-Congres-des-ecrivains-a-Tunis-1959.webp?resize=768%2C533&amp;ssl=1 768w\" sizes=\"auto, (max-width: 950px) 100vw, 950px\" \/><figcaption class=\"wp-element-caption\"><sup>Frantz Fanon lors d\u2019une conf\u00e9rence de presse pour le Congr\u00e8s des \u00e9crivains \u00e0 Tunis (1959) \u00a9 CC0\/WikiCommons<\/sup><\/figcaption><\/figure>\n<\/div><\/div>\n<\/div>\n","protected":false},"excerpt":{"rendered":"<p>25 mai Nous vivons deux fois (En attendant Nadeau). \u00ab\u00a0Les Jeux au Coll\u00e8ge de France\u00a0\u00bb (France Culture). Patrick CHAMOISEAU\u00a0:\u00a0\u00caTRE KANAK EN\u00a0KANAKY (Entre les lignes entre les mots). Comprendre la Seconde Guerre mondiale (Nonfiction). In the mood for music (FIP). 24 mai En sc\u00e8ne, camarades ! (En attendant Nadeau). Cannes 2024&nbsp;: \u00ab&nbsp;L\u2019amour ouf&nbsp;\u00bb, Gilles Lellouche (L&rsquo;Humanit\u00e9). &#8230; <a title=\"Mai &#8211; Cultures\" class=\"read-more\" href=\"https:\/\/www.rdpemancipation.org\/?p=128437\" aria-label=\"En savoir plus sur Mai &#8211; Cultures\">Lire la suite<\/a><\/p>\n","protected":false},"author":1,"featured_media":0,"comment_status":"closed","ping_status":"closed","sticky":false,"template":"","format":"standard","meta":{"_lmt_disableupdate":"","_lmt_disable":"","_jetpack_memberships_contains_paid_content":false,"footnotes":""},"categories":[25],"tags":[],"class_list":["post-128437","post","type-post","status-publish","format-standard","hentry","category-cultures"],"modified_by":"cpr","jetpack_featured_media_url":"","jetpack_sharing_enabled":true,"_links":{"self":[{"href":"https:\/\/www.rdpemancipation.org\/index.php?rest_route=\/wp\/v2\/posts\/128437","targetHints":{"allow":["GET"]}}],"collection":[{"href":"https:\/\/www.rdpemancipation.org\/index.php?rest_route=\/wp\/v2\/posts"}],"about":[{"href":"https:\/\/www.rdpemancipation.org\/index.php?rest_route=\/wp\/v2\/types\/post"}],"author":[{"embeddable":true,"href":"https:\/\/www.rdpemancipation.org\/index.php?rest_route=\/wp\/v2\/users\/1"}],"replies":[{"embeddable":true,"href":"https:\/\/www.rdpemancipation.org\/index.php?rest_route=%2Fwp%2Fv2%2Fcomments&post=128437"}],"version-history":[{"count":120,"href":"https:\/\/www.rdpemancipation.org\/index.php?rest_route=\/wp\/v2\/posts\/128437\/revisions"}],"predecessor-version":[{"id":129279,"href":"https:\/\/www.rdpemancipation.org\/index.php?rest_route=\/wp\/v2\/posts\/128437\/revisions\/129279"}],"wp:attachment":[{"href":"https:\/\/www.rdpemancipation.org\/index.php?rest_route=%2Fwp%2Fv2%2Fmedia&parent=128437"}],"wp:term":[{"taxonomy":"category","embeddable":true,"href":"https:\/\/www.rdpemancipation.org\/index.php?rest_route=%2Fwp%2Fv2%2Fcategories&post=128437"},{"taxonomy":"post_tag","embeddable":true,"href":"https:\/\/www.rdpemancipation.org\/index.php?rest_route=%2Fwp%2Fv2%2Ftags&post=128437"}],"curies":[{"name":"wp","href":"https:\/\/api.w.org\/{rel}","templated":true}]}}