{"id":128435,"date":"2024-05-01T11:54:21","date_gmt":"2024-05-01T09:54:21","guid":{"rendered":"https:\/\/www.rdpemancipation.org\/?p=128435"},"modified":"2024-05-28T21:33:17","modified_gmt":"2024-05-28T19:33:17","slug":"mai-medias-4","status":"publish","type":"post","link":"https:\/\/www.rdpemancipation.org\/?p=128435","title":{"rendered":"Mai &#8211; M\u00e9dias"},"content":{"rendered":"\n<p><strong><mark style=\"background-color:rgba(0, 0, 0, 0);color:#ed1010\" class=\"has-inline-color\">28 mai<\/mark><\/strong><\/p>\n\n\n\n<p><a href=\"https:\/\/www.youtube.com\/watch?v=DJR10UnQJb0\">Je pr\u00e9f\u00e8re la flamme du cocktail molotov \u00e0 la flamme olympique<\/a> (Blast)<\/p>\n\n\n\n<p><strong><mark style=\"background-color:rgba(0, 0, 0, 0);color:#ed1010\" class=\"has-inline-color\">27 mai<\/mark><\/strong><\/p>\n\n\n\n<p><a href=\"https:\/\/www.jean-jaures.org\/publication\/une-campagne-francaise-etude-de-la-couverture-mediatique-des-elections-europeennes\/\"><strong>Une campagne fran\u00e7aise. \u00c9tude de la couverture m\u00e9diatique des \u00e9lections europ\u00e9ennes<\/strong><\/a>(Institut Jean-Jaur\u00e8s)<\/p>\n\n\n\n<p><a href=\"https:\/\/www.youtube.com\/watch?v=cmHQLHmEZDw\">\u00ab&nbsp;<\/a><a href=\"https:\/\/www.youtube.com\/watch?v=cmHQLHmEZDw\"><em>L<\/em><\/a><a href=\"https:\/\/www.youtube.com\/watch?v=cmHQLHmEZDw\"><em>es Kanaks sont des sauvages, c\u2019est la t\u00e9l\u00e9 qui le dit<\/em><\/a><a href=\"https:\/\/www.youtube.com\/watch?v=cmHQLHmEZDw\">&nbsp;\u00bb&nbsp;: jusqu\u2019o\u00f9 ira le racisme m\u00e9diatique&nbsp;?<\/a>&nbsp;(Le M\u00e9dia)<\/p>\n\n\n\n<p><a href=\"https:\/\/consortiumnews.com\/fr\/2024\/05\/26\/un-monde-avec-seulement-les-HSH\/\">Un monde avec seulement les HSH<\/a> (Consortium News)<\/p>\n\n\n\n<p><a href=\"https:\/\/www.rfi.fr\/fr\/am%C3%A9riques\/20240522-argentine-apr%C3%A8s-l-agence-t%C3%A9lam-l-audiovisuel-public-%C3%A0-son-tour-dans-la-tourmente\" target=\"_blank\" rel=\"noreferrer noopener\">Argentine : apr\u00e8s l&rsquo;agence T\u00e9lam, l&rsquo;audiovisuel public \u00e0 son tour dans la tourmente<\/a>&nbsp;(RFI)<\/p>\n\n\n\n<p><a href=\"https:\/\/www.mediapart.fr\/journal\/culture-et-idees\/240524\/reforme-de-l-audiovisuel-public-dati-veut-passer-en-force-et-en-vitesse\" target=\"_blank\" rel=\"noreferrer noopener\">R\u00e9forme de l\u2019audiovisuel public : Dati veut passer en force et en vitesse<\/a> (Mediapart)<\/p>\n\n\n\n<p><strong><mark style=\"background-color:rgba(0, 0, 0, 0);color:#ed1010\" class=\"has-inline-color\">26 mai<\/mark><\/strong><\/p>\n\n\n\n<p><a href=\"https:\/\/www.youtube.com\/watch?v=JNi2miLvY-E\">La r\u00e9volte des Kanaks et les pauvres colons<\/a> (Blast)<\/p>\n\n\n\n<p><a href=\"https:\/\/www.acrimed.org\/Audiovisuel-public-La-Terre-au-carre-Michel\" target=\"_blank\" rel=\"noreferrer noopener\">Audiovisuel public, \u2018La Terre au carr\u00e9\u2019, Michel Onfray et compagnie : revue de presse de la semaine<\/a>&nbsp;(Acrimed)<\/p>\n\n\n\n<p><a href=\"https:\/\/link.newsletter.franceculture.fr\/m\/ml\/7429\/872573\/-_BXkNW6m2Wr3bzyzT8rM29C5lXTLJmivm821gAfcU8=\/P6u+ZGrZVI5TBeAxWY0RAHXiiNZ3yqKv5kio+iMFB0g=\/\" target=\"_blank\" rel=\"noreferrer noopener\">R\u00e9forme de l&rsquo;audiovisuel public&nbsp;: c&rsquo;\u00e9tait quoi l&rsquo;ORTF&nbsp;?<\/a> <a>(France Culture)<\/a><\/p>\n\n\n\n<p><a href=\"https:\/\/www.humanite.fr\/medias\/guillaume-meurice\/radio-france-commission-disciplinaire-en-vue-pour-guillaume-meurice\" target=\"_blank\" rel=\"noreferrer noopener\">Radio France : commission disciplinaire en vue pour Guillaume Meurice<\/a>&nbsp;(L\u2019Humanit\u00e9)<\/p>\n\n\n\n<p><a href=\"https:\/\/www.equaltimes.org\/dans-un-contexte-de-violence\" target=\"_blank\" rel=\"noreferrer noopener\">Dans un contexte de violence g\u00e9n\u00e9ralis\u00e9e, la libert\u00e9 de la presse et la d\u00e9mocratie menac\u00e9es au Mexique<\/a> (Equal Times)<\/p>\n\n\n\n<p><a href=\"https:\/\/www.60millions-mag.com\/2024\/05\/21\/mieux-que-la-pub-les-articles-flatteurs-22974\" target=\"_blank\" rel=\"noreferrer noopener\">Ces faux articles flatteurs qui cachent de vraies publicit\u00e9s<\/a>&nbsp;(60 Millions de Consommateurs)<\/p>\n\n\n\n<p><strong><mark style=\"background-color:rgba(0, 0, 0, 0);color:#ed1010\" class=\"has-inline-color\">22 mai<\/mark><\/strong><\/p>\n\n\n\n<p><a href=\"https:\/\/lepoing.net\/montpellier-un-rassemblement-de-soutien-a-julian-assange-prevu-ce-mardi-21-mai-a-18-heures\/\" target=\"_blank\" rel=\"noreferrer noopener\">Montpellier : un rassemblement de soutien \u00e0 Julian Assange mardi 21 mai \u00e0 18 heures<\/a> (Le Poing)<\/p>\n\n\n\n<p><a href=\"https:\/\/www.humanite.fr\/monde\/julian-assange\/aujourdhui-marque-un-tournant-a-londres-julian-assange-obtient-un-proces-en-appel\" target=\"_blank\" rel=\"noreferrer noopener\"><strong>\u2018<em>Aujourd\u2019hui marque un tournant<\/em>\u2019 : \u00e0 Londres, Julian Assange obtient un proc\u00e8s en appel<\/strong><\/a> (L\u2019Humanit\u00e9)<\/p>\n\n\n\n<p><a href=\"https:\/\/www.france24.com\/fr\/europe\/20240520-julian-assange-autoris%C3%A9-par-la-justice-britannique-%C3%A0-faire-appel-de-son-extradition-aux-%C3%A9tats-unis\">Julian Assange autoris\u00e9 par la justice britannique \u00e0 faire appel de son extradition aux \u00c9tats-Unis<\/a>&nbsp;(France 24)<\/p>\n\n\n\n<p><a href=\"https:\/\/www.blast-info.fr\/articles\/2024\/le-monde-et-la-repression-des-voix-propalestiniennes-anatomie-dun-double-standard-2MiUcOAnTGqK37rOGlsBiQ\" target=\"_blank\" rel=\"noreferrer noopener\">Le Monde et la r\u00e9pression des \u2018voix propalestiniennes\u2019 : anatomie d&rsquo;un double standard<\/a>&nbsp;(Blast)<\/p>\n\n\n\n<p><strong><mark style=\"background-color:rgba(0, 0, 0, 0);color:#ed1010\" class=\"has-inline-color\">16 mai<\/mark><\/strong><\/p>\n\n\n\n<p><a href=\"https:\/\/lareleveetlapeste.fr\/purge-mediatique-avec-la-suppression-demissions-consacrees-a-lecologie-et-aux-luttes-sociales\/\" target=\"_blank\" rel=\"noreferrer noopener\">Purge m\u00e9diatique avec la suppression d\u2019\u00e9missions consacr\u00e9es \u00e0 l\u2019\u00e9cologie et aux luttes sociales<\/a> (La Rel\u00e8ve et La Peste)<\/p>\n\n\n\n<p><a href=\"https:\/\/www.acrimed.org\/Candidats-aux-elections-europeennes-le-tri-des\">Candidats aux \u00e9lections europ\u00e9ennes&nbsp;: le tri des hebdomadaires<\/a>&nbsp;(Acrimed)<\/p>\n\n\n\n<p><a href=\"https:\/\/www.acrimed.org\/Glucksmann-Bardella-Zemmour-Macron-les-candidats\" target=\"_blank\" rel=\"noreferrer noopener\">Glucksmann, Bardella, Zemmour, Macron : les candidats pr\u00e9f\u00e9r\u00e9s des m\u00e9dias (vid\u00e9o)<\/a> (Acrimed)<\/p>\n\n\n\n<p><a href=\"https:\/\/api.indigo-net.com\/email\/RedirectionEmailing?mail=n.chevillard@noos.fr&amp;ID=610011&amp;DOCIID=109703480&amp;ENAIID=883955&amp;RETOUR=SIMPLE&amp;link=https:\/\/www.lalettre.fr\/fr\/medias_presse-ecrite\/2024\/05\/14\/daniel-kretinsky-va-entrer-en-negociations-exclusives-avec-pierre-edouard-sterin-pour-lui-ceder-marianne,110226162-art?utm_source=LLA&amp;utm_medium=email&amp;utm_campaign=PROS_EDIT_ALE\" target=\"_blank\" rel=\"noreferrer noopener\">Daniel Kretinsky va entrer en n\u00e9gociations exclusives avec Pierre-\u00c9douard St\u00e9rin pour lui c\u00e9der Marianne<\/a> (La Lettre)<\/p>\n\n\n\n<p><a href=\"https:\/\/api.indigo-net.com\/email\/RedirectionEmailing?mail=n.chevillard@noos.fr&amp;ID=609628&amp;DOCIID=109703480&amp;ENAIID=883572&amp;RETOUR=SIMPLE&amp;link=https:\/\/www.lalettre.fr\/fr\/medias_presse-ecrite\/2024\/05\/13\/stephane-simon-et-michel-onfray-se-dechirent-autour-de-la-revue-front-populaire,110224402-art?cxt=PUB&amp;utm_source=LLA&amp;utm_medium=email&amp;utm_campaign=AUTO_EDIT_SOM_PROS\" target=\"_blank\" rel=\"noreferrer noopener\">St\u00e9phane Simon et Michel Onfray se d\u00e9chirent autour de la revue \u00ab\u00a0<em>Front populaire<\/em>\u00ab\u00a0<\/a> (La Lettre)<\/p>\n\n\n\n<p><a href=\"https:\/\/www.off-investigation.fr\/censures-a-france-televisions-ernotte-a-t-elle-menti-sous-serment\/\">Suspension des portraits politiques \u00e0 France T\u00e9l\u00e9visions&nbsp;: Delphine Ernotte a-t-elle menti sous serment ?<\/a>&nbsp;(Off Investigation)<\/p>\n\n\n\n<p><strong><mark style=\"background-color:rgba(0, 0, 0, 0);color:#ed1010\" class=\"has-inline-color\">15 mai<\/mark><\/strong><\/p>\n\n\n\n<p><a href=\"https:\/\/www.youtube.com\/watch?v=FgRK9XbMY18\">TNT: le rapport qui veut mettre fin \u00e0 C8 et Cnews<\/a> (Blast)<\/p>\n\n\n\n<p><strong><mark style=\"background-color:rgba(0, 0, 0, 0);color:#ed1010\" class=\"has-inline-color\">13 mai<\/mark><\/strong><\/p>\n\n\n\n<p><a href=\"https:\/\/www.youtube.com\/watch?v=E9zfDPbB1GY\">Glukscman, Bardella, Zemmour, Macron : les candidats pr\u00e9f\u00e9r\u00e9s des m\u00e9dias<\/a> (Blast)<\/p>\n\n\n\n<p><strong><mark style=\"background-color:rgba(0, 0, 0, 0);color:#ed1010\" class=\"has-inline-color\">10 mai<\/mark><\/strong><\/p>\n\n\n\n<p><a href=\"https:\/\/www.acrimed.org\/Purge-politique-a-France-Inter\" target=\"_blank\" rel=\"noreferrer noopener\">Purge politique \u00e0 France Inter<\/a> (Acrimed)<\/p>\n\n\n\n<p><a href=\"https:\/\/www.acrimed.org\/Racisme-France-Inter-transphobie-et-compagnie\">Racisme, France Inter, transphobie et compagnie&nbsp;: revue de presse de la semaine<\/a> (Acrimed)<\/p>\n\n\n\n<p><strong><mark style=\"background-color:rgba(0, 0, 0, 0);color:#ed1010\" class=\"has-inline-color\">5 au 9 mai<\/mark><\/strong><\/p>\n\n\n\n<p><a href=\"https:\/\/www.blast-info.fr\/emissions\/2024\/en-france-la-mise-a-mort-de-la-liberte-dexpression-OST_GZj2RXiGVNznXj0GLQ\"><strong>En France, la mise \u00e0 mort de la libert\u00e9 d\u2019expression<\/strong><\/a>&nbsp;(Blast)<\/p>\n\n\n\n<p><a href=\"https:\/\/www.mediapart.fr\/journal\/culture-et-idees\/080524\/france-inter-un-elan-de-solidarite-inedit-contre-la-direction\"><strong>\u00c0 France Inter, un \u00e9lan de solidarit\u00e9 in\u00e9dit contre la direction<\/strong><\/a>&nbsp;(M\u00e9diapart)<\/p>\n\n\n\n<p><a href=\"https:\/\/lareleveetlapeste.fr\/selon-lunesco-70-des-journalistes-environnementaux-ont-deja-ete-victimes-dagressions\/\" target=\"_blank\" rel=\"noreferrer noopener\">Selon l\u2019UNESCO, 70% des journalistes environnementaux ont d\u00e9j\u00e0 \u00e9t\u00e9 victimes d\u2019agressions<\/a>&nbsp;(La Rel\u00e8ve et La Peste)<\/p>\n\n\n\n<p><a href=\"https:\/\/www.francetvinfo.fr\/culture\/motaz-azaiza-photojournaliste-palestinien-populaire-remporte-le-prix-liberte_6530714.html\">Le photojournaliste palestinien Motaz Azaiza remporte le prix Libert\u00e9<\/a> (France Info)<\/p>\n\n\n\n<p><a href=\"https:\/\/reporterre.net\/France-Inter-coupe-le-micro-a-l-ecologie-et-aux-luttes\">France Inter coupe le micro \u00e0 l\u2019\u00e9cologie et aux luttes<\/a> (Reporterre)<\/p>\n\n\n\n<p><a href=\"https:\/\/basta.media\/Mobilisation-pour-la-defense-de-la-liberte-d-expression-et-le-pluralisme-chez-Radio-France\" target=\"_blank\" rel=\"noreferrer noopener\">D\u00e9fense de la libert\u00e9 d&rsquo;expression et du pluralisme : mobilisation \u00e0 Radio France<\/a>&nbsp;(Basta!)<\/p>\n\n\n\n<p><a href=\"https:\/\/www.humanite.fr\/medias\/charline-vanhoenacker\/affaire-meurice-a-radio-france-la-greve-est-declaree\" target=\"_blank\" rel=\"noreferrer noopener\">Affaire Meurice : \u00e0 Radio France, la gr\u00e8ve est d\u00e9clar\u00e9e<\/a>&nbsp;(L\u2019Humanit\u00e9)<\/p>\n\n\n\n<p><a href=\"https:\/\/www.liberation.fr\/economie\/medias\/charline-vanhoenacker-dedie-son-emission-a-guillaume-meurice-djamil-le-shlag-demissionne-de-france-inter-en-direct-20240506_6TXVAUYN3RCKPBQKP2NHKC27E4\/\">France Inter&nbsp;: Charline Vanhoenacker d\u00e9die son \u00e9mission \u00e0 Guillaume Meurice, Djamil le Shlag d\u00e9missionne de la station en direct<\/a> (Lib\u00e9ration acc\u00e8s libre)<\/p>\n\n\n\n<p><a href=\"https:\/\/www.euractiv.fr\/section\/politique\/news\/les-journalistes-de-la-rai-font-greve-contre-le-controle-etouffant-du-gouvernement\/\"><strong>Italie<\/strong>&nbsp;: Les journalistes de la Rai font gr\u00e8ve contre le \u00ab contr\u00f4le \u00e9touffant \u00bb du gouvernement<\/a>&nbsp;(Euractiv)<\/p>\n\n\n\n<p><a href=\"https:\/\/www.rfi.fr\/fr\/europe\/20240505-la-rai-radiot%C3%A9l%C3%A9vision-publique-italienne-en-gr%C3%A8ve-contre-les-pressions-%C3%A9ditoriales\">La Rai, radiot\u00e9l\u00e9vision publique italienne, en gr\u00e8ve contre les pressions \u00e9ditoriales<\/a> (RFI)<\/p>\n\n\n\n<p><\/p>\n\n\n\n<p><strong><mark style=\"background-color:rgba(0, 0, 0, 0);color:#ed1010\" class=\"has-inline-color\">4 mai<\/mark><\/strong><\/p>\n\n\n\n<p><a href=\"https:\/\/www.acrimed.org\/Une-atteinte-grave-au-pluralisme-de-l-antenne-de\">\u00abUne atteinte grave au pluralisme de l\u2019antenne de France Inter\u00bb<\/a> (Communiqu\u00e9 SDPI et SDJ de France Inter)<\/p>\n\n\n\n<p><a href=\"https:\/\/www.humanite.fr\/medias\/fij\/journee-mondiale-de-la-liberte-de-la-presse-prix-decerne-aux-journalistes-a-gaza-70-des-reporters-environnementaux-menaces-la-france-21e-mondiale\" target=\"_blank\" rel=\"noreferrer noopener\">Journ\u00e9e mondiale de la libert\u00e9 de la presse : prix d\u00e9cern\u00e9 aux journalistes \u00e0 Gaza, 70 % des reporters environnementaux menac\u00e9s, la France 21e mondiale<\/a>&nbsp;(L\u2019Humanit\u00e9)<\/p>\n\n\n\n<p><a href=\"https:\/\/rsf.org\/fr\/classement-mondial-de-la-libert%C3%A9-de-la-presse-2024-le-journalisme-sous-pressions-politiques?year=2024&amp;data_type=general\" target=\"_blank\" rel=\"noreferrer noopener\"><strong>Classement annuel de la libert\u00e9 de la presse<\/strong><\/a> (RSF)<\/p>\n\n\n\n<p><a href=\"https:\/\/unesdoc.unesco.org\/ark:\/48223\/pf0000389501\" target=\"_blank\" rel=\"noreferrer noopener\"><strong>Presse et plan\u00e8te en danger<\/strong><\/a> (Rapport UNESCO, en anglais)<\/p>\n\n\n\n<p><strong><a href=\"https:\/\/www.mediapart.fr\/journal\/france\/030524\/liberte-d-expression-les-attaques-politiques-les-fautes-du-service-public\">Libert\u00e9 d&rsquo;expression : les attaques politiques, les fautes du service public<\/a> <\/strong>(M\u00e9diapart)<\/p>\n\n\n\n<p><a href=\"https:\/\/www.mediapart.fr\/journal\/culture-et-idees\/030524\/avis-de-tempete-france-inter-ou-la-redaction-subit-une-remise-au-pas-marche-forcee\">France Inter : une remise au pas \u00e0 marche forc\u00e9e<\/a> (M\u00e9diapart)<\/p>\n\n\n\n<p><a href=\"https:\/\/www.972mag.com\/israeli-media-us-campus-protests-palestine\/\">L\u2019hyst\u00e9rie in\u00e9vitable des m\u00e9dias <strong>isra\u00e9liens<\/strong> face aux manifestations sur les campus am\u00e9ricains<\/a>&nbsp;(+972 magazine)<\/p>\n\n\n\n<p><a href=\"https:\/\/www.humanite.fr\/medias\/cyberharcelement\/nassira-el-moaddem-victime-de-harcelement-par-lextreme-droite\" target=\"_blank\" rel=\"noreferrer noopener\"><strong>Nassira El Moaddem victime de harc\u00e8lement par l\u2019extr\u00eame droite<\/strong><\/a> (L\u2019Humanit\u00e9)<\/p>\n\n\n\n<p><a href=\"https:\/\/www.arretsurimages.net\/chroniques\/la-vie-du-site\/en-soutien-a-nassira-el-moaddem\" target=\"_blank\" rel=\"noreferrer noopener\">En soutien \u00e0 Nassira El Moaddem<\/a>&nbsp;(Arr\u00eat sur images)<\/p>\n\n\n\n<p><a href=\"https:\/\/www.arretsurimages.net\/chroniques\/obsessions\/nassira-et-les-degeneres\" target=\"_blank\" rel=\"noreferrer noopener\">Nassira et les d\u00e9g\u00e9n\u00e9r\u00e9s<\/a>&nbsp;(Arr\u00eat sur images)<\/p>\n\n\n\n<p><a href=\"https:\/\/orientxxi.info\/magazine\/tunisie-une-information-sous-pression,7293\" target=\"_blank\" rel=\"noreferrer noopener\"><strong>Tunisie<\/strong>. Une information sous pression<\/a>&nbsp;(Orient XXI)<\/p>\n\n\n\n<p><a href=\"https:\/\/vert.eco\/articles\/la-guerre-de-linfo-sur-le-climat-sur-la-piste-des-climato-denialistes-de-la-france-aux-etats-unis\" target=\"_blank\" rel=\"noreferrer noopener\">\u00abLa guerre de l\u2019info sur le climat\u00bb : sur la piste des climato-d\u00e9nialistes, de la France aux USA<\/a> (vert.eco)<\/p>\n\n\n\n<p><a href=\"https:\/\/www.acrimed.org\/Guillaume-Meurice-C-ce-soir-Quotidien-et\" target=\"_blank\" rel=\"noreferrer noopener\">Guillaume Meurice, <em>C ce soir<\/em>, <em>Quotidien<\/em> et compagnie : revue de presse de la semaine<\/a>&nbsp;(Acrimed)<\/p>\n\n\n\n<p><a href=\"https:\/\/lecourrier.ch\/2024\/05\/03\/lhumoriste-guillaume-meurice-suspendu-par-radio-france\/\" target=\"_blank\" rel=\"noreferrer noopener\">L\u2019humoriste Guillaume Meurice suspendu par Radio France<\/a>&nbsp;(Le Courrier)<\/p>\n\n\n\n<p><a href=\"https:\/\/www.humanite.fr\/politique\/armee-israelienne\/patrick-baudouin-sur-gaza-la-parole-est-muselee-en-france\" target=\"_blank\" rel=\"noreferrer noopener\">Patrick Baudouin : \u2018<em>sur Gaza, la parole est musel\u00e9e en France\u2019<\/em><\/a>&nbsp;(L\u2019Humanit\u00e9)<\/p>\n\n\n\n<p><a href=\"https:\/\/www.acrimed.org\/C-ce-soir-ou-quand-la-bourgeoisie-chic-organise\" target=\"_blank\" rel=\"noreferrer noopener\">\u2018<em>C ce soir<\/em>\u2019, ou quand la bourgeoisie chic organise sa propre c\u00e9cit\u00e9<\/a>&nbsp;(Acrimed)<\/p>\n\n\n\n<p><strong><mark style=\"background-color:rgba(0, 0, 0, 0);color:#ed1010\" class=\"has-inline-color\">3 mai<\/mark><\/strong><\/p>\n\n\n\n<p><a href=\"https:\/\/blogs.mediapart.fr\/federation-europeenne-des-journalistes\/blog\/030524\/de-fendre-le-journalisme-en-tant-que-bien-public\">D\u00e9fendre le journalisme en tant que bien public<\/a> (Blog FEJ, dans M\u00e9diapart)<\/p>\n\n\n\n<p><a href=\"https:\/\/www.mediapart.fr\/journal\/international\/030524\/menaces-pressions-et-violences-se-concentrent-sur-les-journalistes-traitant-d-ecologie\">Menaces et pressions sur les journalistes traitant d&rsquo;\u00e9cologie<\/a> (M\u00e9diapart)<\/p>\n\n\n\n<p><a href=\"https:\/\/redirection.b2b.infopro-digital.com\/lnk\/AVsAAD8i6voAAcXFoEAAAHnKuI0AAABZQTkAANzxAAwsSQBmNIFbJKpLL5IvQCup3aX5qfyfOgAMCy8\/13\/SKnUubpgjG65BcrWavBVUA\/aHR0cDovL3d3dy51c2luZS1kaWdpdGFsZS5mci9hcnRpY2xlL2Ryb2l0LWQtYXV0ZXVyLWh1aXQtam91cm5hdXgtYW1lcmljYWlucy1wb3J0ZW50LXBsYWludGUtY29udHJlLW9wZW5haS1ldC1taWNyb3NvZnQuTjIyMTI1OTc_dXRtX3NvdXJjZT1uZXdzbGV0dGVyJnV0bV9tZWRpdW09ZW1haWwmdXRtX2NhbXBhaWduPWluZm9fdWQtcXVvdGlkaWVubmUmZW1haWw9MjA0MzMyODY1MyZpZGJkZD01NjU2MQ\" target=\"_blank\" rel=\"noreferrer noopener\">Droit d\u2019auteur : huit journaux am\u00e9ricains portent plainte contre OpenAI et Microsoft<\/a> (Usine Digitale)<\/p>\n\n\n\n<p><a href=\"https:\/\/redirection.b2b.infopro-digital.com\/lnk\/AVMAAD9yFSIAAcXFn1YAAHnKuI0AAABZQTkAANzxAAwsSQBmMzLEgt8O7UsMRt-2s9ZXkK-oDAAMCy8\/38\/zS99N9SrfKBjNAJo7JLjgQ\/aHR0cDovL3d3dy51c2luZS1kaWdpdGFsZS5mci9hcnRpY2xlL2FwcmVzLWF4ZWwtc3ByaW5nZXItZXQtbGUtbW9uZGUtb3BlbmFpLXMtYXR0aXJlLWxlcy1mYXZldXJzLWR1LWZpbmFuY2lhbC10aW1lcy5OMjIxMjUzMz91dG1fc291cmNlPW5ld3NsZXR0ZXImdXRtX21lZGl1bT1lbWFpbCZ1dG1fY2FtcGFpZ249aW5mb191ZC1xdW90aWRpZW5uZSZlbWFpbD0yMDQzMzI4NjUzJmlkYmRkPTU2NTYx\" target=\"_blank\" rel=\"noreferrer noopener\">Apr\u00e8s Axel Springer et Le Monde, OpenAI s&rsquo;ach\u00e8te les faveurs du Financial Times<\/a> (Usine Digitale)<\/p>\n\n\n\n<p><a href=\"https:\/\/api.indigo-net.com\/email\/RedirectionEmailing?mail=n.chevillard@noos.fr&amp;ID=607033&amp;DOCIID=109703480&amp;ENAIID=880981&amp;RETOUR=SIMPLE&amp;link=https:\/\/www.lalettre.fr\/fr\/medias\/2024\/05\/02\/la-gestion-de-marie-christine-saragosse-jugee-par-la-cour-des-comptes,110221639-eve?cxt=PUB&amp;utm_source=LLA&amp;utm_medium=email&amp;utm_campaign=AUTO_EDIT_SOM_PROS\" target=\"_blank\" rel=\"noreferrer noopener\">La gestion de Marie-Christine Saragosse jug\u00e9e par la Cour des comptes<\/a> (La Lettre)<\/p>\n\n\n\n<p><a href=\"https:\/\/api.indigo-net.com\/email\/RedirectionEmailing?mail=n.chevillard@noos.fr&amp;ID=607033&amp;DOCIID=109703480&amp;ENAIID=880981&amp;RETOUR=SIMPLE&amp;link=https:\/\/www.lalettre.fr\/fr\/medias_presse-ecrite\/2024\/05\/02\/face-a-pierre-edouard-sterin-le-proprietaire-de-valeurs-actuelles-se-positionne-pour-racheter-marianne,110222022-art?cxt=PUB&amp;utm_source=LLA&amp;utm_medium=email&amp;utm_campaign=AUTO_EDIT_SOM_PROS\" target=\"_blank\" rel=\"noreferrer noopener\">Face \u00e0 Pierre-\u00c9douard St\u00e9rin, le propri\u00e9taire de <em>Valeurs actuelles<\/em> se positionne pour racheter <em>Marianne<\/em><\/a> (La Lettre)<\/p>\n\n\n\n<p><strong><mark style=\"background-color:rgba(0, 0, 0, 0);color:#ed1010\" class=\"has-inline-color\">1er mai<\/mark><\/strong><\/p>\n\n\n\n<p><a href=\"https:\/\/www.lemediatv.fr\/emissions\/2024\/jai-infiltre-le-plateau-de-bfm-le-recit-terrible-dun-journaliste-independant-OMDIRmCpR8ePtkPz3P3zXg\" target=\"_blank\" rel=\"noreferrer noopener\">\u00ab J\u2019ai infiltr\u00e9 le plateau de BFM \u00bb : le r\u00e9cit terrible d\u2019un journaliste ind\u00e9pendant<\/a> (Le M\u00e9dia)<\/p>\n\n\n\n<p><a href=\"https:\/\/www.blast-info.fr\/articles\/2024\/journalistes-la-tentation-de-lextreme-droite-7keQWncXQPWl99wbbdOQDg\" target=\"_blank\" rel=\"noreferrer noopener\">Journalistes : la tentation de l&rsquo;extr\u00eame droite<\/a>&nbsp;(Blast)<\/p>\n\n\n\n<p><a href=\"https:\/\/www.boursorama.com\/actualite-economique\/actualites\/projet-de-livre-avec-bardella-le-journaliste-achilli-licencie-par-radio-france-2dabdbd2d608120aacaa39a98b5476b6\">Projet de livre avec Bardella : le journaliste Achilli licenci\u00e9 par Radio France<\/a> (AFP)<\/p>\n\n\n\n<p><a href=\"https:\/\/www.blast-info.fr\/articles\/2024\/le-monde-gaza-les-insoumis-et-les-quartiers-populaires-J0FHTvc0QhCMNRc_K98fsg\" target=\"_blank\" rel=\"noreferrer noopener\">Le Monde, Gaza, les insoumis et les \u00ab quartiers populaires \u00bb<\/a> (Blast)<\/p>\n\n\n\n<p><a href=\"https:\/\/www.boursorama.com\/actualite-economique\/actualites\/burkina-apres-la-bbc-et-voa-suspension-de-tv5-et-de-sites-d-information-2d86877a41ee647eca50c8d60fdd48a1\">Burkina : apr\u00e8s la BBC et VOA, suspension de TV5 et de sites d&rsquo;information<\/a> (AFP)<\/p>\n\n\n\n<p><\/p>\n\n\n\n<p><\/p>\n","protected":false},"excerpt":{"rendered":"<p>28 mai Je pr\u00e9f\u00e8re la flamme du cocktail molotov \u00e0 la flamme olympique (Blast) 27 mai Une campagne fran\u00e7aise. \u00c9tude de la couverture m\u00e9diatique des \u00e9lections europ\u00e9ennes(Institut Jean-Jaur\u00e8s) \u00ab&nbsp;Les Kanaks sont des sauvages, c\u2019est la t\u00e9l\u00e9 qui le dit&nbsp;\u00bb&nbsp;: jusqu\u2019o\u00f9 ira le racisme m\u00e9diatique&nbsp;?&nbsp;(Le M\u00e9dia) Un monde avec seulement les HSH (Consortium News) Argentine : &#8230; <a title=\"Mai &#8211; M\u00e9dias\" class=\"read-more\" href=\"https:\/\/www.rdpemancipation.org\/?p=128435\" aria-label=\"En savoir plus sur Mai &#8211; M\u00e9dias\">Lire la suite<\/a><\/p>\n","protected":false},"author":1,"featured_media":0,"comment_status":"closed","ping_status":"closed","sticky":false,"template":"","format":"standard","meta":{"_lmt_disableupdate":"","_lmt_disable":"","_jetpack_memberships_contains_paid_content":false,"footnotes":""},"categories":[26],"tags":[],"class_list":["post-128435","post","type-post","status-publish","format-standard","hentry","category-medias"],"modified_by":"jls","jetpack_featured_media_url":"","jetpack_sharing_enabled":true,"_links":{"self":[{"href":"https:\/\/www.rdpemancipation.org\/index.php?rest_route=\/wp\/v2\/posts\/128435","targetHints":{"allow":["GET"]}}],"collection":[{"href":"https:\/\/www.rdpemancipation.org\/index.php?rest_route=\/wp\/v2\/posts"}],"about":[{"href":"https:\/\/www.rdpemancipation.org\/index.php?rest_route=\/wp\/v2\/types\/post"}],"author":[{"embeddable":true,"href":"https:\/\/www.rdpemancipation.org\/index.php?rest_route=\/wp\/v2\/users\/1"}],"replies":[{"embeddable":true,"href":"https:\/\/www.rdpemancipation.org\/index.php?rest_route=%2Fwp%2Fv2%2Fcomments&post=128435"}],"version-history":[{"count":25,"href":"https:\/\/www.rdpemancipation.org\/index.php?rest_route=\/wp\/v2\/posts\/128435\/revisions"}],"predecessor-version":[{"id":129410,"href":"https:\/\/www.rdpemancipation.org\/index.php?rest_route=\/wp\/v2\/posts\/128435\/revisions\/129410"}],"wp:attachment":[{"href":"https:\/\/www.rdpemancipation.org\/index.php?rest_route=%2Fwp%2Fv2%2Fmedia&parent=128435"}],"wp:term":[{"taxonomy":"category","embeddable":true,"href":"https:\/\/www.rdpemancipation.org\/index.php?rest_route=%2Fwp%2Fv2%2Fcategories&post=128435"},{"taxonomy":"post_tag","embeddable":true,"href":"https:\/\/www.rdpemancipation.org\/index.php?rest_route=%2Fwp%2Fv2%2Ftags&post=128435"}],"curies":[{"name":"wp","href":"https:\/\/api.w.org\/{rel}","templated":true}]}}