{"id":127308,"date":"2024-04-01T01:30:00","date_gmt":"2024-03-31T23:30:00","guid":{"rendered":"https:\/\/www.rdpemancipation.org\/?p=127308"},"modified":"2024-04-30T09:52:45","modified_gmt":"2024-04-30T07:52:45","slug":"avril-social-4","status":"publish","type":"post","link":"https:\/\/www.rdpemancipation.org\/?p=127308","title":{"rendered":"Avril &#8211; Social"},"content":{"rendered":"\n<p class=\"has-text-color has-link-color wp-elements-ddc2cf1e38a00def5c07e62bbaab74a2\" style=\"color:#f60f0f\"><strong>30 avril<\/strong><\/p>\n\n\n\n<p><strong><a href=\"https:\/\/www.revolutionpermanente.fr\/Contre-la-repression-des-soutiens-de-la-Palestine-tous-a-porte-de-Clichy-ce-mardi\">Contre la r\u00e9pression des soutiens de la Palestine\u00a0: tous \u00e0 porte de Clichy ce mardi\u00a0!<\/a> (RP)<\/strong><\/p>\n\n\n\n<p><strong>Gr\u00e8ves<\/strong><\/p>\n\n\n\n<p><strong><a href=\"https:\/\/www.humanite.fr\/social-et-economie\/cgt-cheminots\/le-28-mai-les-cheminots-lancent-la-bataille-du-fret\">Le 28 mai, les cheminots lancent la bataille du fret<\/a> (l\u2019Humanit\u00e9)<\/strong><\/p>\n\n\n\n<p><a href=\"https:\/\/la1ere.francetvinfo.fr\/nouvellecaledonie\/province-sud\/noumea\/clinique-kuindo-magnin-une-partie-des-medecins-monte-au-creneau-contre-le-plan-de-sauvegarde-1484465.html\">Clinique Kuindo-Magnin : une partie des m\u00e9decins monte au cr\u00e9neau contre le plan de sauvegarde<\/a> (franceinfo)<\/p>\n\n\n\n<p><a href=\"https:\/\/www.lyoncapitale.fr\/lctv\/video\/choc-des-savoirs-pourquoi-les-enseignants-se-mettent-en-greve-video\">\u00ab\u00a0Choc des savoirs\u00a0\u00bb : pourquoi les enseignants se mettent en gr\u00e8ve ? (vid\u00e9o)<\/a> (Lyon Capitale)<\/p>\n\n\n\n<p><a href=\"https:\/\/actu.fr\/occitanie\/figeac_46102\/lot-greve-du-service-des-ordures-menageres-du-grand-figeac_61010777.html\">Lot : Gr\u00e8ve du service des ordures m\u00e9nag\u00e8res du Grand Figeac<\/a> (actu)<\/p>\n\n\n\n<p><a href=\"https:\/\/www.lemonde.fr\/economie\/article\/2024\/04\/29\/week-end-de-l-ascension-un-preavis-de-greve-chez-vueling-depose-par-des-hotesses-et-stewards-francais_6230649_3234.html\">Ascension\u00a0: un pr\u00e9avis de gr\u00e8ve chez Vueling d\u00e9pos\u00e9 par des h\u00f4tesses et stewards fran\u00e7ais<\/a> (Le Monde)<\/p>\n\n\n\n<p><a href=\"https:\/\/la1ere.francetvinfo.fr\/guadeloupe\/stations-service-preavis-de-greve-de-l-utpp-ugtg-1484357.html\">Stations-service : pr\u00e9avis de gr\u00e8ve du STPPG<\/a> (franceinfo)<\/p>\n\n\n\n<p><a href=\"https:\/\/www.tahiti-infos.com\/Au-CHPF-pas-de-greve-pour-l-instant-mais-des-depots-d-arrets-maladies-massifs-en-prevision_a223622.html\">Au CHPF, \u201cpas de gr\u00e8ve pour l&rsquo;instant\u201d mais des d\u00e9p\u00f4ts \u201cd&rsquo;arr\u00eats maladies massifs\u201d en pr\u00e9vision<\/a> (Tahiti infos)<\/p>\n\n\n\n<p><a href=\"https:\/\/www.ouest-france.fr\/pays-de-la-loire\/nort-sur-erdre-44390\/fin-de-la-greve-des-facteurs-de-nort-sur-erdre-la-distribution-reprend-dans-douze-communes-f5b70c14-0627-11ef-b06d-1aa5699c630f\">Fin de la gr\u00e8ve des facteurs de Nort-sur-Erdre&nbsp;: la distribution reprend dans douze communes<\/a> (Ouest-France)<\/p>\n\n\n\n<p><a href=\"https:\/\/www.zonebourse.com\/cours\/action\/STELLANTIS-N-V-117814143\/actualite\/La-production-des-trois-usines-Stellantis-touchees-par-la-greve-redemarrera-debut-mai-46576108\/\">La production des trois usines Stellantis touch\u00e9es par la gr\u00e8ve red\u00e9marrera d\u00e9but mai<\/a> (Zonebourse)<\/p>\n\n\n\n<p><a href=\"https:\/\/www.ladepeche.fr\/2024\/04\/29\/pourquoi-les-agents-de-collecte-des-ordures-menageres-du-grand-figeac-sont-en-greve-illimitee-11920749.php\">Pourquoi les agents de collecte des ordures m\u00e9nag\u00e8res du Grand Figeac sont en gr\u00e8ve illimit\u00e9e<\/a> (La D\u00e9p\u00eache)<\/p>\n\n\n\n<p><a href=\"https:\/\/www.ladepeche.fr\/2024\/04\/30\/on-demande-juste-a-pouvoir-aller-au-travail-sans-avoir-peur-un-conflit-social-tend-les-relations-entre-la-mairie-de-mazeres-et-ses-agents-11915083.php\">Un conflit social tend les relations entre la mairie de Maz\u00e8res et ses agents<\/a> (La D\u00e9p\u00eache)<\/p>\n\n\n\n<p><a href=\"https:\/\/www.leprogres.fr\/social\/2024\/04\/29\/les-salaries-du-ditep-en-greve-pour-protester-contre-le-manque-de-personnel\">Les salari\u00e9s du Ditep en gr\u00e8ve pour protester contre le manque de personnel<\/a> (Le Progr\u00e8s)<\/p>\n\n\n\n<p><a href=\"https:\/\/actu.fr\/occitanie\/saint-sulpice-la-pointe_81271\/un-entrepot-regional-geant-d-aldi-paralyse-par-une-greve-dans-le-tarn_61009065.html\">Un entrep\u00f4t r\u00e9gional g\u00e9ant d&rsquo;Aldi paralys\u00e9 par une gr\u00e8ve dans le Tarn<\/a> (actu)<\/p>\n\n\n\n<p><strong>Monde<\/strong><\/p>\n\n\n\n<p><a href=\"https:\/\/www.sudquotidien.sn\/greve-a-dakar-dem-dikk-les-travailleurs-paralysent-le-reseau-pour-denoncer-la-gestion-de-la-direction-generale\/\"><strong>S\u00e9n\u00e9gal<\/strong> : Gr\u00e8ve \u00e0 Dakar Dem Dikk : les travailleurs paralysent le r\u00e9seau <\/a> (Sud Quotidien)<\/p>\n\n\n\n<p><a href=\"https:\/\/www.lesoir.be\/584728\/article\/2024-04-30\/debut-de-la-greve-des-livreurs-uber-eats-bruxelles\">D\u00e9but de la gr\u00e8ve des livreurs Uber Eats \u00e0 <strong>Bruxelles<\/strong><\/a> (Le Soir)<\/p>\n\n\n\n<p><a href=\"https:\/\/www.lalibre.be\/economie\/entreprises-startup\/2024\/04\/30\/brussels-south-charleroi-airport-sera-en-greve-ce-jeudi-2-mai-pour-24-heures-ZYJVOYIGWRAQNHZHSWXDHTQB3Y\/\"><strong>Belgique<\/strong> : Brussels South Charleroi Airport sera en gr\u00e8ve ce jeudi 2 mai, pour 24 heures<\/a> (La Libre)<\/p>\n\n\n\n<p><a href=\"https:\/\/telquel.ma\/instant-t\/2024\/04\/29\/sante-greve-dans-les-hopitaux-publics-et-sit-in-prevus-en-mai_1869056\/\"><strong>Maroc<\/strong> : Gr\u00e8ve et sit-ins pr\u00e9vus en mai dans les h\u00f4pitaux<\/a> (Telquel)<\/p>\n\n\n\n<p><a href=\"https:\/\/lareleve.ma\/120429\/\"><strong>Maroc<\/strong> : Accord avec les centrales syndicales pour une hausse g\u00e9n\u00e9rale de 1000 DH\/mois des salaires<\/a> (La Rel\u00e8ve)<\/p>\n\n\n\n<p><strong>Analyse<\/strong><\/p>\n\n\n\n<p><a href=\"https:\/\/basta.media\/la-strategie-macron-pour-affaiblir-l-assurance-chomage-ni-negociations-sociales\">La strat\u00e9gie Macron pour affaiblir l\u2019assurance ch\u00f4mage&nbsp;: ni n\u00e9gociations sociales ni d\u00e9bat national<\/a> (Basta!)<\/p>\n\n\n\n<p><strong><a href=\"https:\/\/rapportsdeforce.fr\/chomage\/decret-chomage-comment-macron-a-methodiquement-saccage-vos-droits-en-six-ans-043021087\">D\u00e9cret ch\u00f4mage : comment Macron a m\u00e9thodiquement saccag\u00e9 vos droits en six ans<\/a> (Rapports de force)<\/strong><\/p>\n\n\n\n<p class=\"has-text-color has-link-color wp-elements-ff6840b42b77e835fca6e6801b1aaf8e\" style=\"color:#f60505\"><strong>29 avril<\/strong><\/p>\n\n\n\n<p><a href=\"https:\/\/rebellyon.info\/Rassemblement-en-soutien-aux-habitant-es-25923\">Rassemblement en soutien aux habitant.es du squat Denuzi\u00e8re mardi 30&nbsp;avril 2024 \u00e0 17h30 <\/a>(Rebellyon)<\/p>\n\n\n\n<p><a href=\"https:\/\/www.bondyblog.fr\/reportages\/pour-exister-enfin-dans-le-debat-public-des-militants-lancent-lassemblee-des-quartiers\/\">Pour exister enfin dans le d\u00e9bat public, des militants lancent l\u2019Assembl\u00e9e des quartiers<\/a> (Le Bondy Blog)<\/p>\n\n\n\n<p><strong>Gr\u00e8ves<\/strong><\/p>\n\n\n\n<p><a href=\"https:\/\/www.leprogres.fr\/social\/2024\/04\/28\/creche-la-mascotte-a-saint-priest-trois-salariees-licenciees-apres-une-greve\">Trois salari\u00e9es d&rsquo;une cr\u00e8che de Saint-Priest licenci\u00e9es apr\u00e8s une gr\u00e8ve<\/a> (Le Progr\u00e8s)<\/p>\n\n\n\n<p><a href=\"https:\/\/www.msn.com\/fr-fr\/actualite\/france\/gr%C3%A8ve-chez-un-sous-traitant-de-stellantis-%C3%A0-aulnay-les-syndicalistes-d%C3%A9noncent-les-contr%C3%B4les-de-leur-identit%C3%A9\/ar-AA1nNSoZ\">Gr\u00e8ve chez un sous-traitant de Stellantis \u00e0 Aulnay<\/a> (Le Parisien)<\/p>\n\n\n\n<p><strong>Monde<\/strong><\/p>\n\n\n\n<p><a href=\"https:\/\/kabyle.com\/breve\/situation-alarmante-des-militants-kabyles-de-larv%c9%9ba-n-a%e1%b9%ad-ira%e1%b9%aden\"><strong>Kabylie<\/strong> : Situation alarmante des militants Kabyles de Larv\u025ba n A\u1e6d Ira\u1e6den<\/a> (Kabyle com)<\/p>\n\n\n\n<p><a href=\"https:\/\/www.zonebourse.com\/actualite-bourse\/Le-personnel-des-forces-frontalieres-britanniques-en-greve-a-Heathrow-a-partir-de-lundi-46558210\/\"><strong>Angleterre<\/strong> : Le personnel des forces frontali\u00e8res britanniques en gr\u00e8ve \u00e0 Heathrow \u00e0 partir de lundi<\/a> (Zonebourse)<\/p>\n\n\n\n<p><a href=\"https:\/\/www.lavenir.net\/regions\/luxembourg\/marche-en-famenne\/2024\/04\/28\/agression-contre-des-agents-a-la-prison-de-marche-en-famenne-un-preavis-de-greve-depose-RKVZ45HAURG65LP77EXZZHV3U4\/\"><strong>Belgique<\/strong> : Agression contre des agents \u00e0 la prison&nbsp;de Marche-en-Famenne&nbsp;: un pr\u00e9avis de gr\u00e8ve d\u00e9pos\u00e9<\/a> (L\u2019avenir)<\/p>\n\n\n\n<p><a href=\"https:\/\/senego.com\/greve-des-travailleurs-des-collectivites-locales-lintersyndicale-decrete-120-heures-de-greve-cette-semaine_1691736.html\"><strong>S\u00e9n\u00e9gal<\/strong> : Gr\u00e8ve des travailleurs des collectivit\u00e9s locales : l\u2019intersyndicale d\u00e9cr\u00e8te 120 heures de gr\u00e8ve<\/a> (Senego)<\/p>\n\n\n\n<p><strong>Analyse<\/strong><\/p>\n\n\n\n<p><strong><a href=\"https:\/\/www.revue-ballast.fr\/education-nationale-un-sursaut-necessaire-contre-un-programme-autoritaire\/\">\u00c9ducation nationale&nbsp;: un sursaut n\u00e9cessaire contre un programme autoritaire<\/a> (Ballast)<\/strong><\/p>\n\n\n\n<p><a href=\"https:\/\/www.contretemps.eu\/marie-paule-lambert-paysanne-feminisme-podcast\/\">Marie Paule Lambert : retour sur une vie de paysanne, m\u00e8re et militante [Podcast]<\/a> (Contretemps)<\/p>\n\n\n\n<p><a href=\"https:\/\/www.monde-diplomatique.fr\/2024\/05\/FERNANDEZ\/66839\">Une belle gr\u00e8ve de mai<\/a> (Le Monde Diplomatique)<\/p>\n\n\n\n<p><a href=\"https:\/\/www.revolutionpermanente.fr\/De-Rafah-a-la-criminalisation-de-la-solidarite-deux-faces-d-un-genocide-par-procuration\">De Rafah \u00e0 la criminalisation de la solidarit\u00e9&nbsp;: deux faces d\u2019un g\u00e9nocide par procuration<\/a> (RP)<\/p>\n\n\n\n<p class=\"has-text-color has-link-color wp-elements-fe84e77795679f87aaffac67e9e9ec83\" style=\"color:#f60606\"><strong>27 avril<\/strong><\/p>\n\n\n\n<p><strong><a href=\"https:\/\/www.youtube.com\/watch?v=ey33QCAo5hc\">Macron l&rsquo;Am\u00e9ricain, la France livr\u00e9e aux Gafam ?<\/a> (Off Investigation)<\/strong><\/p>\n\n\n\n<p><strong><a href=\"https:\/\/www.revolutionpermanente.fr\/Columbia-Sciences-Po-Buenos-Aires-la-jeunesse-montre-la-voie\">Columbia, Sciences Po, Buenos Aires&nbsp;: la jeunesse montre la voie<\/a> (RP)<\/strong><\/p>\n\n\n\n<p><strong>Gr\u00e8ves<\/strong><\/p>\n\n\n\n<p><a href=\"https:\/\/www.humanite.fr\/social-et-economie\/bas-salaires\/monoprix-les-salaries-en-guerre-contre-leur-nouvelle-direction\">Monoprix&nbsp;: les salari\u00e9s en guerre contre leur nouvelle direction<\/a> (l\u2019Humanit\u00e9)<\/p>\n\n\n\n<p><a href=\"https:\/\/www.msn.com\/fr-fr\/actualite\/france\/gr%C3%A8ve-%C3%A0-radio-france-en-mai-contre-le-projet-de-fusion-avec-france-t%C3%A9l%C3%A9visions\/ar-AA1nILPl\">Gr\u00e8ve \u00e0 Radio France en mai contre le projet de fusion avec France T\u00e9l\u00e9visions<\/a> (Ouest-France)<\/p>\n\n\n\n<p><a href=\"https:\/\/www.rue89lyon.fr\/2024\/04\/26\/rentree-greve-colleges-lyon-groupes-niveaux\/\">D\u00e8s la rentr\u00e9e, gr\u00e8ve dans les coll\u00e8ges de Lyon contre les groupes de niveaux<\/a> (Rue 89)<\/p>\n\n\n\n<p><a href=\"https:\/\/la1ere.francetvinfo.fr\/guadeloupe\/grande-terre\/abymes\/chu-de-guadeloupe-le-service-des-urgences-toujours-en-greve-dans-l-attente-d-un-accord-1483628.html\">CHU de Guadeloupe : Le service des urgences toujours en gr\u00e8ve dans l&rsquo;attente d&rsquo;un accord<\/a> (franceinfo)<\/p>\n\n\n\n<p><a href=\"https:\/\/www.lavoixdunord.fr\/1456266\/article\/2024-04-26\/valenciennes-greve-l-apave-les-salaries-reclament-un-meilleur-salaire\">Valenciennes&nbsp;: gr\u00e8ve \u00e0 l\u2019Apave, les salari\u00e9s r\u00e9clament un meilleur salaire<\/a> (La Voix du Nord)<\/p>\n\n\n\n<p><a href=\"https:\/\/www.tf1.fr\/tf1\/jt-20h\/videos\/des-employes-municipaux-en-greve-contre-les-dealers-a-rennes-40735546.html\">Des employ\u00e9s municipaux en gr\u00e8ve contre les dealers \u00e0 Rennes<\/a> (TF1)<\/p>\n\n\n\n<p><a href=\"https:\/\/www.francebleu.fr\/infos\/economie-social\/une-quarantaine-de-salaries-de-monoprix-en-greve-a-aix-en-provence-a-cause-d-une-prime-supprimee-8505054\">Une quarantaine de salari\u00e9s de Monoprix en gr\u00e8ve \u00e0 Aix-en-Provence \u00e0 cause d&rsquo;une prime supprim\u00e9e<\/a> (ici)<\/p>\n\n\n\n<p><a href=\"https:\/\/www.clicanoo.re\/article\/politique\/2024\/04\/27\/toujours-pas-dechanges-entre-syndicat-et-direction-de-la-casud-662c70c2efe33\">Toujours pas d\u2019\u00e9changes entre syndicat et direction de la CASUD<\/a> (Clicanoo)<\/p>\n\n\n\n<p><a href=\"https:\/\/www.largus.fr\/pros\/actualite-automobile\/stellantis-les-usines-de-poissy-hordain-et-luton-a-l-arret-30033518.html\">Stellantis. Les usines de Poissy, Hordain et Luton \u00e0 l\u2019arr\u00eat<\/a> (L\u2019argus)<\/p>\n\n\n\n<p><strong>Monde<\/strong><\/p>\n\n\n\n<p><a href=\"https:\/\/lanticapitaliste.org\/actualite\/international\/grece-quelles-suites-apres-la-greve-reussie-contre-la-misere\"><strong>Gr\u00e8ce<\/strong> : Quelles suites apr\u00e8s la gr\u00e8ve r\u00e9ussie contre la mis\u00e8re\u2009?<\/a> (l\u2019Anticapitaliste)<\/p>\n\n\n\n<p><a href=\"https:\/\/www.rtbf.be\/article\/greve-a-l-aeroport-de-charleroi-la-direction-ecarte-preventivement-les-deux-responsables-accuses-de-harcelement-11365615\"><strong>Belgique<\/strong> : Gr\u00e8ve \u00e0 l\u2019a\u00e9roport de Charleroi&nbsp;: la direction \u00e9carte pr\u00e9ventivement les deux responsables accus\u00e9s de harc\u00e8lement<\/a> (RTBF)<\/p>\n\n\n\n<p><a href=\"https:\/\/www.sudinfo.be\/id829381\/article\/2024-04-26\/greve-dans-les-prisons-la-crise-se-poursuit-de-nouvelles-actions-prevues-la\"><strong>Belgique<\/strong> : Gr\u00e8ve dans les prisons&nbsp;: la crise se poursuit<\/a> (Sud Info)<\/p>\n\n\n\n<p><a href=\"https:\/\/www.rtbf.be\/article\/fin-de-la-greve-chez-bpost-le-marche-postal-comme-les-syndicats-restent-divises-entre-nord-et-sud-du-pays-11365655\"><strong>Belgique<\/strong> : Fin de la gr\u00e8ve chez bpost&nbsp;: le march\u00e9 postal comme les syndicats restent divis\u00e9s entre nord et sud du pays<\/a> (RTBF)<\/p>\n\n\n\n<p><a href=\"https:\/\/trends.levif.be\/entreprises\/preavis-de-greve-au-siege-social-dexxonmobil-a-machelen-ou-plus-de-30-postes-menaces\/\"><strong>Belgique<\/strong> : Pr\u00e9avis de gr\u00e8ve au si\u00e8ge social d\u2019ExxonMobil \u00e0 Machelen o\u00f9 plus de 30 postes menac\u00e9s<\/a> (Trends)<\/p>\n\n\n\n<p><a href=\"https:\/\/www.aa.com.tr\/fr\/monde\/des-%C3%A9tudiants-de-l-universit%C3%A9-de-pennsylvanie-se-joignent-aux-manifestations-contre-la-guerre-%C3%A0-gaza\/3203460\"><strong>Etats-Unis<\/strong> : Des \u00e9tudiants de l\u2019Universit\u00e9 de Pennsylvanie se joignent aux manifestations contre la guerre \u00e0 Gaza<\/a> (AA)<\/p>\n\n\n\n<p><strong>Analyse<\/strong><\/p>\n\n\n\n<p><strong><a href=\"https:\/\/www.revolutionpermanente.fr\/La-precarite-tue-une-etude-de-l-Inserm-pointe-la-surmortalite-liee-au-chomage\">La pr\u00e9carit\u00e9 tue&nbsp;: une \u00e9tude de l\u2019Inserm pointe la surmortalit\u00e9 li\u00e9e au ch\u00f4mage<\/a> (RP)<\/strong><\/p>\n\n\n\n<p class=\"has-text-color has-link-color wp-elements-d49417ef2b278a77bcc353833dfbf845\" style=\"color:#f40808\"><strong>26 avril<\/strong><\/p>\n\n\n\n<p><strong><a href=\"https:\/\/www.revolutionpermanente.fr\/Toulouse-33-organisations-appellent-a-se-rassembler-contre-la-criminalisation-du-soutien-a-la\">Toulouse. 33 organisations appellent \u00e0 se rassembler contre la criminalisation du soutien \u00e0 la Palestine<\/a> (RP)<\/strong><\/p>\n\n\n\n<p><strong>Gr\u00e8ves<\/strong><\/p>\n\n\n\n<p><a href=\"https:\/\/france3-regions.francetvinfo.fr\/grand-est\/moselle\/metz\/greve-des-salaries-de-la-centrale-emile-huchet-nous-avons-absolument-besoin-d-actes-pour-envisager-l-avenir-2961065.html\">Gr\u00e8ve des salari\u00e9s de la centrale \u00c9mile Huchet <\/a>(franceinfo)<\/p>\n\n\n\n<p><a href=\"https:\/\/actu.fr\/pays-de-la-loire\/montfort-le-gesnois_72241\/face-aux-promesses-les-agents-du-service-jeunesse-du-gesnois-bilurien-suspendent-leur-greve_60998767.html\">Face aux promesses, les agents du service jeunesse du Gesnois Bilurien suspendent leur gr\u00e8ve<\/a> (l\u2019Action l\u2019Echo)<\/p>\n\n\n\n<p><a href=\"https:\/\/94.citoyens.com\/2024\/aulnay-sous-bois-la-greve-chez-lemboutisseur-ma-france-met-trois-usines-automobiles-a-larret,26-04-2024.html\">Aulnay-sous-Bois&nbsp;: la gr\u00e8ve chez l\u2019emboutisseur MA France met trois usines automobiles \u00e0 l\u2019arr\u00eat<\/a> (94citiyens)<\/p>\n\n\n\n<p><strong>Monde<\/strong><\/p>\n\n\n\n<p><a href=\"https:\/\/www.revolutionpermanente.fr\/Belgique-Les-postiers-en-greve-massive-face-a-la-menace-de-suppression-de-4-500-emplois\"><strong>Belgique<\/strong>. Les postiers en gr\u00e8ve massive face \u00e0 la menace de suppression de 4 500 emplois<\/a> (RP)<\/p>\n\n\n\n<p><a href=\"https:\/\/www.wsws.org\/fr\/articles\/2024\/04\/26\/qqhy-a26.html\"><strong>Allemagne<\/strong>&nbsp;: le candidat du SGP, Ulrich Rippert, appelle chez Tesla \u00e0 la \u00ab&nbsp;construction de comit\u00e9s d&rsquo;action pour emp\u00eacher les licenciements&nbsp;!&nbsp;\u00bb<\/a> (WSWS)<\/p>\n\n\n\n<p><a href=\"https:\/\/www.msn.com\/fr-fr\/actualite\/monde\/italie-gr%C3%A8ve-annonc%C3%A9e-%C3%A0-la-rai-contre-les-ing%C3%A9rences-du-gouvernement-meloni\/ar-AA1nFk6p\">Italie: Gr\u00e8ve annonc\u00e9e \u00e0 la Rai contre les \u00ab\u00a0ing\u00e9rences\u00a0\u00bb du gouvernement Meloni<\/a> (Reuters)<\/p>\n\n\n\n<p><a href=\"https:\/\/www.msn.com\/fr-ca\/divertissement\/art-culture\/les-sc%C3%A9naristes-canadiens-anglophones-menacent-d-entamer-une-gr%C3%A8ve\/ar-AA1nFq5r\">Les sc\u00e9naristes <strong>canadiens<\/strong> anglophones menacent d&rsquo;entamer une gr\u00e8ve <\/a>(La Presse Canadienne)<\/p>\n\n\n\n<p><strong>Analyse<\/strong><\/p>\n\n\n\n<p><strong><a href=\"https:\/\/reporterre.net\/Changement-climatique-en-France-les-personnes-sans-abri-en-premiere-ligne-Le-changement\">Pr\u00e9carit\u00e9 et climat&nbsp;: le cri d\u2019alarme de la Croix-Rouge<\/a> (Reporterre)<\/strong><\/p>\n\n\n\n<p><a href=\"https:\/\/rapportsdeforce.fr\/classes-en-lutte\/recomposition-syndicale-solidaires-avance-peu-en-congres-mais-veut-poursuivre-le-debat-042521066\">Recomposition syndicale&nbsp;: Solidaires avance peu en congr\u00e8s, mais veut poursuivre le d\u00e9bat <\/a>(Rapports de force)<\/p>\n\n\n\n<p><strong><a href=\"https:\/\/www.equaltimes.org\/face-au-dereglement-climatique-la\">Face au d\u00e9r\u00e8glement climatique, la sant\u00e9 des travailleurs \u00e0 l\u2019\u00e9preuve de nouveaux dangers<\/a> (Equal Times)<\/strong><\/p>\n\n\n\n<p><strong><a href=\"https:\/\/www.editions-tissot.fr\/actualite\/representants-du-personnel-ce\/greve-les-mobilisations-se-sont-amplifiees-en-2022-selon-la-dares\">Gr\u00e8ve : les mobilisations se sont amplifi\u00e9es en 2022 selon la DARES <\/a>(Ed Tissot)<\/strong><\/p>\n\n\n\n<p class=\"has-text-color has-link-color wp-elements-8c4bb77db395782f0fd526c6c5f89ca1\" style=\"color:#f60909\"><strong>25 avril<\/strong><\/p>\n\n\n\n<p><strong><a href=\"https:\/\/inegalites.fr\/Les-ouvriers-cinq-fois-plus-victimes-d-accidents-du-travail-que-les-cadres\">Les ouvriers cinq fois plus victimes d\u2019accidents du travail que les cadres<\/a> (Observatoire des in\u00e9galit\u00e9s)<\/strong><\/p>\n\n\n\n<p><strong><a href=\"https:\/\/www.revolutionpermanente.fr\/Casse-sociale-chez-Casino-plus-de-3000-postes-supprimes\">Casse sociale chez Casino&nbsp;: plus de 3000 postes supprim\u00e9s&nbsp;!<\/a> (RP)<\/strong><\/p>\n\n\n\n<p><a href=\"https:\/\/www.humanite.fr\/social-et-economie\/emmanuel-macron\/leila-chaibi-un-algorithme-ne-pourra-plus-deconnecter-un-travailleur\">Leila Chaibi&nbsp;: \u00ab&nbsp;Un algorithme ne pourra plus d\u00e9connecter un travailleur&nbsp;\u00bb<\/a> (l\u2019Humanit\u00e9)<\/p>\n\n\n\n<p><a href=\"https:\/\/reporterre.net\/Alternatiba-Paris-change-de-nom-et-devient-Action-Justice-Climat\">Alternatiba&nbsp;: des d\u00e9saccords strat\u00e9giques m\u00e8nent \u00e0 la scission<\/a> (Reporterre)<\/p>\n\n\n\n<p><a href=\"https:\/\/rapportsdeforce.fr\/classes-en-lutte\/nous-defendre-nous-memes-ces-femmes-qui-font-avancer-la-lutte-contre-le-racisme-anti-gens-du-voyage-042421023\">\u00ab Nous d\u00e9fendre nous-m\u00eames \u00bb : ces femmes qui font avancer la lutte contre le racisme anti-\u00ab gens du voyage \u00bb<\/a> (Rapports de force)<\/p>\n\n\n\n<p><strong>Gr\u00e8ves<\/strong><\/p>\n\n\n\n<p><strong><a href=\"https:\/\/rebellyon.info\/APPEL-A-L-ACTION-DE-LA-FEDERATION-25888\">Appel \u00e0 l\u2019action de la f\u00e9d\u00e9ration g\u00e9n\u00e9rale palestinienne des syndicats&nbsp;!<\/a> (Rebellyon)<\/strong><\/p>\n\n\n\n<p><a href=\"https:\/\/www.ouest-france.fr\/pays-de-la-loire\/saint-julien-de-concelles-44450\/la-direction-ne-cede-rien-la-greve-continue-a-la-poste-de-saint-julien-de-concelles-d457e51a-024f-11ef-b4e8-6352e833645c\">La direction ne c\u00e8de rien, la gr\u00e8ve continue \u00e0 La Poste de Saint-Julien-de-Concelles <\/a>(Ouest-France)<\/p>\n\n\n\n<p><a href=\"https:\/\/labaule.maville.com\/actu\/actudet_-a-nort-sur-erdre-la-greve-des-facteurs-se-poursuit-faute-de-proposition-satisfaisante-_dep-6263055_actu.Htm\">\u00c0 Nort-sur-Erdre, la gr\u00e8ve des facteurs se poursuit faute de \u00ab&nbsp;proposition satisfaisante&nbsp;\u00bb<\/a>&nbsp;(Ouest-France)<\/p>\n\n\n\n<p><strong>Monde<\/strong><\/p>\n\n\n\n<p><a href=\"https:\/\/alencontre.org\/ameriques\/amelat\/argentine\/argentine-la-marcha-federal-universitaria-du-23-avril-a-rassemble-un-million-de-personnes-a-travers-le-pays.html\"><strong>Argentine<\/strong> : La Marcha Federal Universitaria du 23&nbsp;avril a rassembl\u00e9 un million de personnes<\/a>&nbsp;(A l\u2019encontre)<\/p>\n\n\n\n<p><a href=\"https:\/\/www.revolutionpermanente.fr\/Etats-Unis-apres-Columbia-la-colere-etudiante-contre-le-genocide-s-etend\"><strong>Etats-Unis<\/strong>&nbsp;: apr\u00e8s Columbia, la col\u00e8re \u00e9tudiante contre le g\u00e9nocide&nbsp;s\u2019\u00e9tend<\/a> (RP)<\/p>\n\n\n\n<p><a href=\"https:\/\/directinfo.webmanagercenter.com\/2024\/04\/24\/gafsa-greve-de-la-faim-des-travailleurs-de-la-societe-de-transport-des-materiaux-miniers\/\"><strong>Tunisie<\/strong> : Gafsa&nbsp;: gr\u00e8ve de la faim des travailleurs de la soci\u00e9t\u00e9 de transport des mat\u00e9riaux miniers<\/a> (Directinfo)<\/p>\n\n\n\n<p><strong>Analyse<\/strong><\/p>\n\n\n\n<p><strong><a href=\"https:\/\/www.frustrationmagazine.fr\/lutte-travailleurs-uber\/\">O\u00f9 en est la lutte des travailleur.euses ub\u00e9ris\u00e9.es ?<\/a>&nbsp; (Frustration)<\/strong><\/p>\n\n\n\n<p><a href=\"https:\/\/www.bondyblog.fr\/opinions\/interview\/assemblee-des-quartiers-interview-dalmamy-kanoute\/\">Assembl\u00e9e des quartiers \u2013 Interview d\u2019Almamy Kanout\u00e9<\/a> (Le Bondy Blog)<\/p>\n\n\n\n<p class=\"has-text-color has-link-color wp-elements-4c1db003ae4f5cd3b194df374104881e\" style=\"color:#f60606\"><strong>24 avril<\/strong><\/p>\n\n\n\n<p><strong><a href=\"https:\/\/www.humanite.fr\/social-et-economie\/assurance-chomage-2\/assurance-chomage-la-regression-a-marche-forcee\">Assurance-ch\u00f4mage, la r\u00e9gression \u00e0 marche forc\u00e9e<\/a> (l\u2019Humanit\u00e9)<\/strong><\/p>\n\n\n\n<p><a href=\"https:\/\/lepoing.net\/beziers-3000-personnes-contre-lextreme-droite-les-syndicats-denoncent-deux-arrestations-arbitraires\/\">B\u00e9ziers&nbsp;: 3000 personnes contre l\u2019extr\u00eame-droite, les syndicats d\u00e9noncent deux arrestations arbitraires <\/a>(Le Poing)<\/p>\n\n\n\n<p><a href=\"https:\/\/lanticapitaliste.org\/actualite\/politique\/contre-lextreme-droite-1500-manifestantes-saint-brieuc\">Contre l\u2019extr\u00eame droite, 1500&nbsp;manifestantEs \u00e0 Saint-Brieuc<\/a> (l\u2019Anticapitaliste)<\/p>\n\n\n\n<p><a href=\"https:\/\/www.revolutionpermanente.fr\/Scandale-l-inspection-du-travail-refuse-le-licenciement-de-Christian-Porta-InVivo-tente-de-passer\">Scandale&nbsp;: l\u2019inspection du travail refuse le licenciement de Christian Porta, InVivo tente de passer en force<\/a> (RP)<\/p>\n\n\n\n<p><strong>Gr\u00e8ves<\/strong><\/p>\n\n\n\n<p><a href=\"https:\/\/www.humanite.fr\/social-et-economie\/cgt-transports\/en-35-ans-je-nai-jamais-vu-une-situation-aussi-bancale-la-greve-des-bus-keolis-se-poursuit-dans-le-val-doise\">La gr\u00e8ve des bus Keolis se poursuit dans le Val-d\u2019Oise<\/a> (l\u2019Humanit\u00e9)<\/p>\n\n\n\n<p><a href=\"Gr%C3%A8ve%20des%20contr%C3%B4leurs%20a%C3%A9riens%20:%20une%20forte%20mobilisation%20et%20d'importantes%20perturbations%20attendues%20ce%20jeudi\">Gr\u00e8ve des contr\u00f4leurs a\u00e9riens : une forte mobilisation et d&rsquo;importantes perturbations attendues ce jeudi<\/a> (franceinfo)<\/p>\n\n\n\n<p><a href=\"https:\/\/www.lindependant.fr\/2024\/04\/23\/aude-greve-en-vue-chez-les-pompiers-professionnels-du-sdis-11-pour-reclamer-plus-de-moyens-humains-11908480.php\">Aude&nbsp;: gr\u00e8ve en vue chez les pompiers professionnels pour r\u00e9clamer plus de moyens humains <\/a>(L\u2019Ind\u00e9pendant)<\/p>\n\n\n\n<p><a href=\"https:\/\/www.ledauphine.com\/social\/2024\/04\/23\/une-trentaine-de-salaries-en-greve-chez-trialp\">Une trentaine de salari\u00e9s en gr\u00e8ve chez Trialp<\/a> (Le Dauphin\u00e9)<\/p>\n\n\n\n<p><strong>Monde<\/strong><\/p>\n\n\n\n<p><a href=\"https:\/\/www.revolutionpermanente.fr\/Argentine-la-jeunesse-entre-massivement-en-lutte-contre-Milei-et-l-austerite\"><strong>Argentine<\/strong>&nbsp;: la jeunesse entre massivement en lutte contre Milei et l\u2019aust\u00e9rit\u00e9<\/a> (RP)<\/p>\n\n\n\n<p><a href=\"https:\/\/www.revolutionpermanente.fr\/Palestine-49-etudiants-de-Yale-interpelles-la-colere-s-etend-a-de-nombreuses-facs-americaines\"><strong>Palestine<\/strong>&nbsp;: 49 \u00e9tudiants de Yale interpell\u00e9s, la col\u00e8re s\u2019\u00e9tend \u00e0 de nombreuses facs am\u00e9ricaines<\/a> (RP)<\/p>\n\n\n\n<p><a href=\"https:\/\/www.ilmessaggero.it\/fr\/greve_nationale_des_transports_le_26_avril-8075605.html\"><strong>Italie<\/strong> :Gr\u00e8ve nationale des transports le 26 avril<\/a> (Il Messaggero)<\/p>\n\n\n\n<p><a href=\"https:\/\/www.dhnet.be\/dernieres-depeches\/2024\/04\/23\/greve-dans-les-prisons-une-action-syndicale-menee-mardi-a-la-prison-de-hasselt-X6UEZ372VZD37PWW67KO7QINJQ\/\"><strong>Belgique<\/strong> : Gr\u00e8ve dans les prisons &#8211; Une action syndicale men\u00e9e mardi \u00e0 la prison de Hasselt<\/a> (DH)<\/p>\n\n\n\n<p><a href=\"https:\/\/www.lavenir.net\/actu\/belgique\/2024\/04\/23\/les-syndicats-deplorent-des-discussions-largement-insuffisantes-avec-bpost-le-mouvement-de-greve-se-poursuit-3SYJS7ZCFRFFTM2MK3U4U5DQ5Y\/\"><strong>Belgique<\/strong> : Les syndicats d\u00e9plorent des discussions \u201clargement insuffisantes\u201d avec bpost&nbsp;: le mouvement de gr\u00e8ve se poursuit<\/a> (L\u2019avenir)<\/p>\n\n\n\n<p>Analyse<\/p>\n\n\n\n<p><strong><a href=\"https:\/\/www.blast-info.fr\/articles\/2024\/info-blast-suicides-a-la-banque-de-france-un-rapport-exclusif-decortique-le-management-toxique-de-linstitution-TX63UhbvTaSwBm77GWk64w\">Suicides \u00e0 la Banque de France : un rapport exclusif d\u00e9cortique le management toxique de l\u2019institution<\/a> (Blast)<\/strong><\/p>\n\n\n\n<p><strong><a href=\"https:\/\/www.streetpress.com\/sujet\/1713885543-tour-europe-velo-tribune-conditions-accueil-exiles-migrants-elections-europeenne\">\u00ab J\u2019ai fait le tour d\u2019Europe \u00e0 v\u00e9lo pour d\u00e9noncer les conditions d\u2019accueil des exil\u00e9s&nbsp;\u00bb<\/a> (Street Press)<\/strong><\/p>\n\n\n\n<p><strong><a href=\"https:\/\/www.bondyblog.fr\/societe\/lengagement-ecologique-une-affaire-de-jeunes\/\">L\u2019engagement \u00e9cologique, une affaire de jeunes<\/a> (Le Bondy Blog)<\/strong><\/p>\n\n\n\n<p class=\"has-text-color has-link-color wp-elements-41652f85d733f7b956bd317d365c2cf3\" style=\"color:#f80404\"><strong>23 avril<\/strong><\/p>\n\n\n\n<p><strong><a href=\"https:\/\/www.revolutionpermanente.fr\/Douze-maires-du-93-convoques-pour-avoir-defendu-la-necessite-d-un-plan-d-urgence-dans-l-education\">Douze maires du 93 convoqu\u00e9s pour avoir d\u00e9fendu la n\u00e9cessit\u00e9 d\u2019un plan d\u2019urgence dans l\u2019\u00e9ducation<\/a> (RP)<\/strong><\/p>\n\n\n\n<p><a href=\"https:\/\/france.attac.org\/actus-et-medias\/le-flux\/article\/ecsa-attac-participe-a-la-convergence-europeenne-des-activistes-a-marseille\">ECSA &#8211; Attac participe \u00e0 la convergence europ\u00e9enne des activistes \u00e0 Marseille<\/a> (Attac)<\/p>\n\n\n\n<p><a href=\"https:\/\/bellaciao.org\/Les-Femmes-Ont-de-la-Voix-2\">Les Femmes Ont de la Voix&nbsp;! #2<\/a> (Bellaciao)<\/p>\n\n\n\n<p><a href=\"https:\/\/rebellyon.info\/Squat-du-Casse-Dalle-on-a-negocie-pour-25892\">Squat du Casse-Dalle&nbsp;: on a n\u00e9goci\u00e9 (pour rien), maintenant on occupe&nbsp;!<\/a> (Rebellyon)<\/p>\n\n\n\n<p><a href=\"https:\/\/www.force-ouvriere.fr\/suppression-de-677-emplois-chez-exxonmobil-fo-exige-zero-depart\">Suppression de 677 emplois chez ExxonMobil&nbsp;: FO exige&nbsp;<em>\u201cz\u00e9ro d\u00e9part contraint\u201d<\/em><\/a><em> (FO)<\/em><\/p>\n\n\n\n<p><a href=\"https:\/\/www.bondyblog.fr\/reportages\/marche-contre-le-racisme-et-lislamophobie-nos-enfants-ne-sont-pas-du-gibier-a-flic\/\">Marche contre le racisme et l\u2019islamophobie : \u00ab Nos enfants ne sont pas du gibier \u00e0 flic \u00bb<\/a> (Le Bondy Blog)<\/p>\n\n\n\n<p><strong>Gr\u00e8ves<\/strong><\/p>\n\n\n\n<p><a href=\"http:\/\/francebleu.fr\/infos\/education\/mobilisation-pour-l-education-dans-le-93-30-de-grevistes-selon-les-syndicats-autour-de-10-selon-le-rectorat-1081951\">Mobilisation pour l&rsquo;\u00e9ducation dans le 93 : l&rsquo;appel \u00e0 la gr\u00e8ve reconduit ce mardi<\/a> (actu)<\/p>\n\n\n\n<p><a href=\"https:\/\/www.revolutionpermanente.fr\/SNCF-300-personnes-en-soutien-a-Regis-menace-de-licenciement-pour-avoir-denonce-des-VSS\">SNCF&nbsp;: 300 personnes en soutien \u00e0 R\u00e9gis, menac\u00e9 de licenciement pour avoir d\u00e9nonc\u00e9 des VSS<\/a> (RP)<\/p>\n\n\n\n<p><a href=\"https:\/\/www.msn.com\/fr-fr\/voyage\/actualite\/gr%C3%A8ve-dans-le-secteur-a%C3%A9rien-ce-jeudi-de-grosses-perturbations-attendues-dans-les-a%C3%A9roports\/ar-AA1nteO4\">Gr\u00e8ve dans le secteur a\u00e9rien ce jeudi, de grosses perturbations attendues dans les a\u00e9roports<\/a> (Le Huffpost)<\/p>\n\n\n\n<p><a href=\"https:\/\/actu.fr\/ile-de-france\/argenteuil_95018\/val-d-oise-les-conducteurs-de-bus-de-keolis-en-greve-reclament-des-augmentations-de-salaire_60980418.html\">Val-d&rsquo;Oise : les conducteurs de bus de Keolis en gr\u00e8ve r\u00e9clament des augmentations de salaire<\/a> (actu)<\/p>\n\n\n\n<p><a href=\"https:\/\/www.msn.com\/fr-fr\/actualite\/other\/la-gr%C3%A8ve-continue-au-centre-courrier-de-la-poste-de-saint-julien-de-concelles\/ar-AA1nt0cy\">La gr\u00e8ve continue au centre courrier de la Poste de Saint-Julien-de-Concelles<\/a> (Ouest-France)<\/p>\n\n\n\n<p><a href=\"https:\/\/www.medisite.fr\/sante-au-quotidien-pourquoi-les-pharmacies-sont-appelees-a-faire-greve-et-a-fermer-le-30-mai.5713130.112.html\">Pourquoi les pharmacies sont appel\u00e9es \u00e0 faire gr\u00e8ve et \u00e0 fermer le 30 mai<\/a> (Medisite)<\/p>\n\n\n\n<p><a href=\"https:\/\/www.lindependant.fr\/2024\/04\/22\/greve-totale-dans-sept-cliniques-des-pyrenees-orientales-a-partir-du-3-juin-on-va-y-aller-plein-pot-11906443.php\">\u00ab\u00a0Gr\u00e8ve totale\u00a0\u00bb dans sept cliniques des Pyr\u00e9n\u00e9es-Orientales et trois de l&rsquo;Aude&nbsp;\u00e0 partir du 3&nbsp;juin&nbsp;<\/a> (L\u2019Ind\u00e9pendant)<\/p>\n\n\n\n<p><a href=\"https:\/\/www.lechorepublicain.fr\/dreux-28100\/actualites\/les-facteurs-de-dreux-et-chateauneuf-en-thymerais-poursuivent-leur-greve_14490412\/\">Les facteurs de Dreux et Ch\u00e2teauneuf-en-Thymerais poursuivent leur gr\u00e8ve<\/a> (L\u2019Echo R\u00e9publicain)<\/p>\n\n\n\n<p><a href=\"https:\/\/www.msn.com\/fr-fr\/actualite\/france\/sncf-les-syndicats-renoncent-%C3%A0-faire-gr%C3%A8ve-en-mai-apr%C3%A8s-la-signature-d-un-accord-sur-les-fins-de-carri%C3%A8re\/ar-AA1nsp8c\">SNCF : les syndicats renoncent \u00e0 faire gr\u00e8ve en mai apr\u00e8s la signature d\u2019un accord sur les fins de carri\u00e8re<\/a> (Lib\u00e9ration)<\/p>\n\n\n\n<p><a href=\"https:\/\/www.lavoixdelest.ca\/affaires\/affaires-locales\/2024\/04\/22\/amcor-a-saint-cesaire-une-greve-de-sept-jours-declenchee-3KQEAAH6OFHZNO34QRLFIUEYWE\/\">Amcor \u00e0 Saint-C\u00e9saire : une gr\u00e8ve de sept jours d\u00e9clench\u00e9e<\/a> (La Voix de l\u2019Est)<\/p>\n\n\n\n<p><strong>Monde<\/strong><\/p>\n\n\n\n<p><strong><a href=\"https:\/\/www.humanite.fr\/social-et-economie\/conditions-de-travail\/chez-samsung-les-cadres-dirigeants-devront-travailler-le-week-end-gratuitement\">Cor\u00e9e : Chez Samsung, les cadres dirigeants devront travailler le week-end&#8230; gratuitement<\/a> (l\u2019Humanit\u00e9)<\/strong><\/p>\n\n\n\n<p><strong>Analyse<\/strong><\/p>\n\n\n\n<p><strong><a href=\"https:\/\/www.revue-ballast.fr\/genevieve-pruvost-lutter-au-quotidien-contre-un-monde-conventionnel\/\">Genevi\u00e8ve Pruvost&nbsp;: \u00ab&nbsp;Lutter au quotidien contre un monde conventionnel&nbsp;\u00bb<\/a> (Ballast)<\/strong><\/p>\n\n\n\n<p><a href=\"https:\/\/www.force-ouvriere.fr\/l-inspection-du-travail-maintenue-au-regime-sec\">L\u2019inspection du travail maintenue au r\u00e9gime sec<\/a> (FO)<\/p>\n\n\n\n<p><strong><a href=\"https:\/\/lvsl.fr\/dematerialiser-pour-mieux-regner-lalgorithmisation-du-controle-caf\/\">D\u00e9mat\u00e9rialiser pour mieux r\u00e9gner : l\u2019algorithmisation du contr\u00f4le CAF<\/a> (LVSL)<\/strong><\/p>\n\n\n\n<p class=\"has-text-color has-link-color wp-elements-7ffc7d7240ff895a854baaf038a8ac63\" style=\"color:#f40505\"><strong>20 avril<\/strong><\/p>\n\n\n\n<p><a href=\"https:\/\/www.humanite.fr\/social-et-economie\/michelin\/cest-quoi-ce-salaire-decent-annonce-par-michelin\">C\u2019est quoi ce \u00ab&nbsp;salaire d\u00e9cent&nbsp;\u00bb annonc\u00e9 par Michelin&nbsp;?<\/a> (l\u2019Humanit\u00e9)<\/p>\n\n\n\n<p><strong><a href=\"https:\/\/basta.media\/70-heures-garde-a-vue-action-Lafarge-On-m-a-demande-pourquoi-je-possedais-livre-de-recettes-vegan-temoignage\">70 heures de garde \u00e0 vue&nbsp;: \u00ab&nbsp;On m\u2019a demand\u00e9 pourquoi je poss\u00e9dais un livre de recettes v\u00e9gan&nbsp;\u00bb<\/a> (Basta!)<\/strong><\/p>\n\n\n\n<p><a href=\"https:\/\/lanticapitaliste.org\/actualite\/antiracisme\/le-racisme-tue-les-enfants-pour-riposter-marchons-le-21-avril-paris\">Le racisme tue les enfants\u2009: pour riposter marchons le 21&nbsp;avril \u00e0 Paris<\/a> (l\u2019Anticapitaliste)<\/p>\n\n\n\n<p><strong>Gr\u00e8ves<\/strong><\/p>\n\n\n\n<p><a href=\"https:\/\/www.revolutionpermanente.fr\/Roissy-face-a-la-pression-patronale-les-salaries-d-un-sous-traitant-de-Sixt-en-greve-reconductible\">Roissy&nbsp;: face \u00e0 la pression patronale, les salari\u00e9s d\u2019un sous-traitant de Sixt en gr\u00e8ve reconductible<\/a> (RP)<\/p>\n\n\n\n<p><a href=\"https:\/\/www.lechorepublicain.fr\/dreux-28100\/actualites\/fo-lance-un-preavis-de-greve-mardi-23-avril-au-service-de-medecine-polyvalente-de-l-hopital-de-dreux_14489181\/\">Pr\u00e9avis de gr\u00e8ve mardi 23 avril au service de m\u00e9decine polyvalente de l&rsquo;h\u00f4pital de Dreux<\/a> (L\u2019Echo R\u00e9publicain)<\/p>\n\n\n\n<p><a href=\"https:\/\/actu.fr\/pays-de-la-loire\/gorron_53107\/90-salaries-en-greve-a-l-ehpad-de-gorron-le-plus-endette-de-la-mayenne_60970977.html\">90 salari\u00e9s en gr\u00e8ve \u00e0 l&rsquo;Ehpad de Gorron, \u00ab le plus endett\u00e9 de la Mayenne \u00bb<\/a> (actu)<\/p>\n\n\n\n<p><a href=\"https:\/\/www.laprovence.com\/article\/region\/3454457999948914\/menaces-de-mort-et-harcelement-les-facteurs-de-nouveau-en-greve-a-manosque\">Menaces de mort et harc\u00e8lement, les facteurs de nouveau en gr\u00e8ve \u00e0 Manosque<\/a> (La Provence)<\/p>\n\n\n\n<p><a href=\"https:\/\/www.ouest-france.fr\/bretagne\/vitre-35500\/conflit-social-chez-webhelp-pres-de-vitre-un-passage-en-force-permanent-2254956c-fe57-11ee-b295-c2640ef35bd2\">Conflit social chez Webhelp, pr\u00e8s de Vitr\u00e9&nbsp;: \u00ab&nbsp;Un passage en force permanent&nbsp;\u00bb<\/a> (Ouest-France)<\/p>\n\n\n\n<p><a href=\"https:\/\/www.francebleu.fr\/infos\/education\/choc-des-savoirs-une-semaine-d-actions-contre-la-reforme-a-toulouse-2756812\">\u00ab\u00a0Choc des savoirs\u00a0\u00bb : une semaine d&rsquo;actions contre la r\u00e9forme \u00e0 Toulouse<\/a> (ici)<\/p>\n\n\n\n<p><a href=\"https:\/\/www.larep.fr\/gien-45500\/actualites\/dans-le-loiret-la-societe-otis-devant-les-prud-hommes-pour-avoir-fiche-une-centaine-de-salaries_14489139\/\">La soci\u00e9t\u00e9 Otis devant les prud&rsquo;hommes pour avoir fich\u00e9 une centaine de salari\u00e9<\/a>s (La R\u00e9publique du Centre)<\/p>\n\n\n\n<p><strong>Monde<\/strong><\/p>\n\n\n\n<p><a href=\"https:\/\/www.revolutionpermanente.fr\/28-salaries-de-Google-licencies-pour-avoir-denonce-le-genocide-en-Palestine\"><strong>Etats-Unis<\/strong> : 28 salari\u00e9s de Google licenci\u00e9s pour avoir d\u00e9nonc\u00e9 le g\u00e9nocide&nbsp;en&nbsp;Palestine<\/a> (RP)<\/p>\n\n\n\n<p><a href=\"https:\/\/www.wsws.org\/fr\/articles\/2024\/04\/19\/hbpd-a19.html\">Une r\u00e9union de travailleurs de Postes <strong>Canada<\/strong> demande la cr\u00e9ation d&rsquo;un comit\u00e9 de base des travailleurs des postes<\/a> (WSWS)<\/p>\n\n\n\n<p><a href=\"https:\/\/www.msn.com\/fr-ch\/actualite\/other\/des-milliers-de-personnes-la-gr%C3%A8ve-du-climat-descend-dans-les-rues\/ar-AA1njSKN\"><strong>Suisse<\/strong> : Des milliers de personnes: La Gr\u00e8ve du climat descend dans les rues<\/a> (Blick)<\/p>\n\n\n\n<p><a href=\"https:\/\/www.msn.com\/fr-ca\/actualites\/R%C3%A9gion%20de%20Qu%C3%A9bec\/gr%C3%A8ve-des-biblioth%C3%A8ques-une-nouvelle-offre\/ar-AA1nkwFA\"><strong>Canada<\/strong> : Gr\u00e8ve des biblioth\u00e8ques : une nouvelle offre<\/a> (Radio-Canada)<\/p>\n\n\n\n<p><a href=\"https:\/\/www.msn.com\/fr-ca\/actualites\/R%C3%A9gion%20de%20Trois-Rivi%C3%A8res\/une-troisi%C3%A8me-semaine-de-gr%C3%A8ve-en-vue-chez-autobus-voltigeurs-de-drummondville\/ar-AA1njZBe\"><strong>Canada<\/strong> : Une troisi\u00e8me semaine de gr\u00e8ve en vue chez Autobus Voltigeurs de Drummondville<\/a> (Radio-Canada)<\/p>\n\n\n\n<p><a href=\"https:\/\/www.dhnet.be\/dernieres-depeches\/2024\/04\/19\/un-premier-compromis-pour-mettre-fin-a-la-greve-des-medecins-en-coree-du-sud-XMYLYU5X6NGXJH3NU3GGNBYZUQ\/\">Un premier compromis pour mettre fin \u00e0 la gr\u00e8ve des m\u00e9decins en <strong>Cor\u00e9e du Sud<\/strong><\/a> (DH)<\/p>\n\n\n\n<p><strong>Analyse<\/strong><\/p>\n\n\n\n<p><strong><a href=\"https:\/\/www.revue-ballast.fr\/changer-le-regard-sur-la-greve\/\">Changer le regard sur la&nbsp;gr\u00e8ve<\/a> (Ballast)<\/strong><\/p>\n\n\n\n<p><strong><a href=\"https:\/\/inegalites.fr\/niveau-de-diplome-de-la-population\">23&nbsp;% de la population dispose d\u2019un dipl\u00f4me bac + 3 ou plus<\/a> (Observatoire des in\u00e9galit\u00e9s)<\/strong><\/p>\n\n\n\n<p class=\"has-text-color has-link-color wp-elements-f03fde13376de231fc81d1aaf754e37b\" style=\"color:#f70606\"><strong>19 avril<\/strong><\/p>\n\n\n\n<p><a href=\"https:\/\/rebellyon.info\/RASSEMBLEMENT-Pour-Gaza-pour-la-Palestine-25882\">Rassemblement pour Gaza, pour la Palestine Samedi 20&nbsp;avril &#8211; 15h Place des Terreaux &#8211; Lyon<\/a> (Rebellyon)<\/p>\n\n\n\n<p><a href=\"https:\/\/www.revolutionpermanente.fr\/On-demande-le-retrait-total-de-la-reforme-300-etudiants-en-AG-a-Tolbiac-contre-le-tri-social\">\u00ab&nbsp;On demande le retrait total de la r\u00e9forme&nbsp;\u00bb, 300 \u00e9tudiants en AG \u00e0 Tolbiac contre le tri social<\/a> (RP)<\/p>\n\n\n\n<p><strong>Gr\u00e8ves<\/strong><\/p>\n\n\n\n<p><a href=\"https:\/\/www.revolutionpermanente.fr\/Ils-veulent-museler-toute-contestation-La-CGT-Fleury-Michon-appelle-a-la-greve-contre-la-repression\">\u00ab&nbsp;Ils veulent museler toute contestation&nbsp;\u00bb. La CGT Fleury Michon appelle \u00e0 la gr\u00e8ve contre la r\u00e9pression<\/a> (RP)<\/p>\n\n\n\n<p><a href=\"https:\/\/www.humanite.fr\/social-et-economie\/cgt\/sanofi-300-postes-supprimes-au-service-oncologie\">Sanofi&nbsp;: 300 postes supprim\u00e9s au service oncologie<\/a> (l\u2019Humanit\u00e9)<\/p>\n\n\n\n<p><a href=\"https:\/\/www.francebleu.fr\/infos\/transports\/le-trafic-des-ter-tres-perturbe-en-champagne-ardenne-ce-vendredi-a-cause-d-une-greve-des-conducteurs-1190179\">Le trafic des TER \u00ab\u00a0tr\u00e8s perturb\u00e9\u00a0\u00bb en Champagne-Ardenne ce vendredi \u00e0 cause d&rsquo;une gr\u00e8ve des conducteurs<\/a> (actu)<\/p>\n\n\n\n<p><a href=\"https:\/\/www.estrepublicain.fr\/social\/2024\/04\/18\/greve-aux-ambulances-grosdemouge-on-ne-demande-pas-d-augmentation\">Gr\u00e8ve surprise aux ambulances Grosdemouge&nbsp;: \u00ab&nbsp;On ne demande pas d\u2019augmentation&nbsp;\u00bb<\/a> (L\u2019Est R\u00e9publicain)<\/p>\n\n\n\n<p><a href=\"https:\/\/lannion-perros.maville.com\/actu\/actudet_-en-greve-une-trentaine-de-salaries-ont-filtre-les-entrees-de-l-entreprise-adaptee-de-saint-brieuc-_fil-6253614_actu.Htm\">En gr\u00e8ve, une trentaine de salari\u00e9s ont filtr\u00e9 les entr\u00e9es&nbsp;de l\u2019entreprise adapt\u00e9e de Saint-Brieuc<\/a>&nbsp;(Ouest-France)<\/p>\n\n\n\n<p><a href=\"https:\/\/www.letelegramme.fr\/cotes-d-armor\/saint-brieuc-22000\/greve-a-lhopital-une-centaine-de-manifestants-bloquent-le-rond-point-de-la-croix-lambert-a-saint-brieuc-6567764.php\">Une centaine de manifestants bloquent le rond-point de la Croix-Lambert \u00e0 Saint-Brieuc<\/a> (Le T\u00e9l\u00e9gramme)<\/p>\n\n\n\n<p><a href=\"https:\/\/www.ladepeche.fr\/2024\/04\/18\/lavaur-greve-illimitee-a-lhopital-a-partir-du-24-avril-11898272.php\">Lavaur&nbsp;: gr\u00e8ve illimit\u00e9e \u00e0 l\u2019h\u00f4pital \u00e0 partir du 24&nbsp;avril<\/a> (La D\u00e9p\u00eache)<\/p>\n\n\n\n<p><a href=\"https:\/\/www.dna.fr\/culture-loisirs\/2024\/04\/18\/greve-a-la-hear-dans-cette-ecole-l-humain-se-resume-a-un-tableau-excel\">Gr\u00e8ve \u00e0 la Hear&nbsp;: \u00ab&nbsp;Dans cette \u00e9cole, l\u2019humain se r\u00e9sume \u00e0 un tableau Excel&nbsp;\u00bb<\/a> (DNA)<\/p>\n\n\n\n<p><a href=\"https:\/\/www.ouest-france.fr\/pays-de-la-loire\/gorron-53120\/une-greve-du-personnel-de-lehpad-public-saint-laurent-de-gorron-pour-denoncer-sa-gestion-3c2d7f54-fd5c-11ee-bd08-9ba0a6d2d69d\">Une gr\u00e8ve du personnel de l\u2019Ehpad public Saint-Laurent de Gorron pour d\u00e9noncer sa gestion<\/a> (Ouest-France)<\/p>\n\n\n\n<p><a href=\"https:\/\/intensite.net\/2009\/actualite-2024\/dreux-la-greve-se-poursuit-pour-les-agents-de-la-poste-382532\">Dreux &#8211; La gr\u00e8ve se poursuit pour les agents de La Poste<\/a> (Intensite)<\/p>\n\n\n\n<p><a href=\"https:\/\/www.leberry.fr\/bourges-18000\/actualites\/preavis-de-greve-jusqu-en-septembre-au-conseil-departemental-a-bourges_14488012\/\">Pr\u00e9avis de gr\u00e8ve jusqu&rsquo;en septembre au conseil d\u00e9partemental, \u00e0 Bourges<\/a> (Le Berry R\u00e9publicain)<\/p>\n\n\n\n<p><a href=\"https:\/\/www.larep.fr\/neuville-aux-bois-45170\/actualites\/on-est-inquiets-pour-la-prise-en-soins-des-residents-une-greve-a-l-ehpad-de-neuville-aux-bois_14488510\/\">Une gr\u00e8ve \u00e0 l&rsquo;Ehpad de Neuville-aux-Bois<\/a> (La R\u00e9publique du Centre)<\/p>\n\n\n\n<p><a href=\"https:\/\/www.courrier-picard.fr\/id514857\/article\/2024-04-18\/handicap-les-salaries-de-ladapei-de-la-somme-reclament-plus-de-dialogue\">Handicap&nbsp;: les salari\u00e9s de l\u2019Adapei de la Somme r\u00e9clament plus de dialogue <\/a>(Courrier Picard)<\/p>\n\n\n\n<p><a href=\"https:\/\/actu.fr\/pays-de-la-loire\/vertou_44215\/la-poste-a-vertou-les-grevistes-ont-repris-le-travail-mais-la-colere-ne-redescend-pas_60966139.html\">La Poste \u00e0 Vertou : les gr\u00e9vistes ont repris le travail, mais la col\u00e8re ne redescend pas<\/a> (actu)<\/p>\n\n\n\n<p><a href=\"https:\/\/www.lunion.fr\/id591463\/article\/2024-04-18\/ambulanciers-en-colere-rethel-une-dizaine-de-patients-prives-de-transport-ce\">Ambulanciers en col\u00e8re \u00e0 Rethel&nbsp;: une dizaine de patients priv\u00e9s de transport ce jeudi<\/a> (L\u2019union)<\/p>\n\n\n\n<p><a href=\"https:\/\/www.ouest-france.fr\/pays-de-la-loire\/nantes-44000\/aeroport-de-nantes\/aeroport-de-nantes-blocages-des-agents-de-surete-ce-vendredi-19-avril-attention-aux-bouchons-f43d5f1e-fd9e-11ee-9b3d-44ca7a681769\">A\u00e9roport de Nantes&nbsp;: blocages des agents de s\u00fbret\u00e9 ce vendredi 19&nbsp;avril, attention aux bouchons<\/a> (Ouest-France)<\/p>\n\n\n\n<p><a href=\"https:\/\/www.leberry.fr\/beffes-18320\/actualites\/le-calme-avant-la-tempete-ce-jeudi-a-la-cimenterie-calcia-a-beffes_14488689\/\">Le calme avant la temp\u00eate ce jeudi \u00e0 la cimenterie Calcia, \u00e0 Beffes<\/a> (Le Berry R\u00e9publicain)<\/p>\n\n\n\n<p><a href=\"https:\/\/la1ere.francetvinfo.fr\/guadeloupe\/debrayages-aux-services-des-urgences-de-pointe-a-pitre-et-de-palais-royal-du-chu-de-la-guadeloupe-1481609.html\">D\u00e9brayages aux services des Urgences de Pointe-\u00e0-Pitre et de Palais Royal du CHU de la Guadeloupe<\/a> (franceinfo)<\/p>\n\n\n\n<p><strong>Monde<\/strong><\/p>\n\n\n\n<p><strong><a href=\"https:\/\/www.wsws.org\/fr\/articles\/2024\/04\/18\/pers-a18.html\">Tesla supprime 14.000&nbsp;emplois: les travailleurs ont besoin d\u2019une strat\u00e9gie mondiale pour lutter contre le ch\u00f4mage de masse <\/a>(WSWS)<\/strong><\/p>\n\n\n\n<p><strong><a href=\"https:\/\/www.equaltimes.org\/jean-bonald-g-fatal-jacques-belzin\">Jean Bonald G. Fatal, Jacques Belzin&nbsp;: \u00ab&nbsp;En Ha\u00efti, pour r\u00e9gler de mani\u00e8re concr\u00e8te et d\u00e9finitive l\u2019ins\u00e9curit\u00e9, il faut r\u00e9soudre le probl\u00e8me du ch\u00f4mage et donner de l\u2019emploi&nbsp;\u00bb<\/a> (Equal Times)<\/strong><\/p>\n\n\n\n<p><a href=\"https:\/\/www.francetvinfo.fr\/monde\/europe\/eurozapping-nouvelle-greve-generale-en-grece-face-a-la-politique-d-austerite-du-gouvernement_6493841.html\">Nouvelle gr\u00e8ve g\u00e9n\u00e9rale en <strong>Gr\u00e8ce<\/strong> face \u00e0 la politique d\u2019aust\u00e9rit\u00e9 du gouvernement<\/a> (franceinfo)<\/p>\n\n\n\n<p><strong>Analyse<\/strong><\/p>\n\n\n\n<p><strong><a href=\"https:\/\/reporterre.net\/L-etonnant-soutien-des-Francais-aux-actions-ecologiques-radicales\">Oui, les Fran\u00e7ais soutiennent les actions \u00e9cologiques radicales<\/a> (Reporterre)<\/strong><\/p>\n\n\n\n<p class=\"has-text-color has-link-color wp-elements-c8f66eee099b04efae03d51f27975536\" style=\"color:#f30707\"><strong>18 avril<\/strong><\/p>\n\n\n\n<p><strong><a href=\"https:\/\/www.humanite.fr\/social-et-economie\/duralex\/redressement-judiciaire-et-salaries-inquiets-les-verres-duralex-a-moitie-vides\">Redressement judiciaire et salari\u00e9s inquiets&nbsp;: les verres Duralex \u00e0 moiti\u00e9 vides&nbsp;?<\/a> (l\u2019Humanit\u00e9)<\/strong><\/p>\n\n\n\n<p><strong><a href=\"https:\/\/www.force-ouvriere.fr\/chez-les-15-64-ans-un-francais-sur-dix-concerne-par-le-chomage\">Chez les 15-64 ans, un Fran\u00e7ais sur dix concern\u00e9 par le ch\u00f4mage<\/a> (FO)<\/strong><\/p>\n\n\n\n<p><strong><a href=\"https:\/\/www.bondyblog.fr\/reportages\/vitry-sur-seine-450-personnes-expulsees-du-plus-gros-squat-dile-de-france\/\">Vitry-sur-Seine : 450 personnes expuls\u00e9es du plus gros squat d\u2019\u00cele-de-France<\/a> (Le Bondy Blog)<\/strong><\/p>\n\n\n\n<p><a href=\"https:\/\/reporterre.net\/A-Nantes-des-familles-Roms-menacees-par-un-projet-de-compensation-A-Nantes-la\">\u00c0 Nantes, \u00ab&nbsp;on va remplacer les Roms par des grenouilles&nbsp;\u00bb<\/a> (Reporterre)<\/p>\n\n\n\n<p><a href=\"https:\/\/lepoing.net\/montpellier-samedi-20-avril-la-manifestation-de-soutien-a-la-palestine-se-terminera-devant-la-mairie\/\">Montpellier : samedi 20 avril, la manifestation de soutien \u00e0 la Palestine se terminera devant la mairie<\/a> (Le Poing)<\/p>\n\n\n\n<p><strong>Gr\u00e8ves<\/strong><\/p>\n\n\n\n<p><a href=\"https:\/\/www.lechorepublicain.fr\/dreux-28100\/actualites\/greve-des-facteurs-en-eure-et-loir-ils-demandent-des-embauches-et-une-meilleure-organisation_14488047\/\">Gr\u00e8ve des facteurs en Eure-et-Loir <\/a> (L\u2019Echo r\u00e9publicain)<\/p>\n\n\n\n<p><a href=\"https:\/\/www.ladepeche.fr\/2024\/04\/17\/vers-une-sortie-de-crise-a-lehpad-barguisseau-apres-un-mois-de-greve-11896946.php\">Vers une sortie de crise \u00e0 l\u2019Ehpad Barguisseau apr\u00e8s un mois de gr\u00e8ve<\/a> (La D\u00e9p\u00eache)<\/p>\n\n\n\n<p><a href=\"https:\/\/www.ouest-france.fr\/pays-de-la-loire\/maine-et-loire\/plannings-salaires-les-ambulanciers-de-keolis-sante-en-greve-illimitee-en-maine-et-loire-ab9e99c4-fcb0-11ee-bd08-9ba0a6d2d69d\">Plannings, salaires\u2026 les ambulanciers de K\u00e9olis Sant\u00e9 en gr\u00e8ve \u00ab&nbsp;illimit\u00e9e&nbsp;\u00bb en Maine-et-Loire<\/a> (Ouest-France)<\/p>\n\n\n\n<p><a href=\"https:\/\/actu.fr\/pays-de-la-loire\/montfort-le-gesnois_72241\/gesnois-bilurien-des-agents-du-service-jeunesse-en-greve-devant-sittellia_60962688.html\">Gesnois Bilurien : des agents du service jeunesse en gr\u00e8ve devant Sittellia<\/a> (actu)<\/p>\n\n\n\n<p><a href=\"https:\/\/la1ere.francetvinfo.fr\/nouvellecaledonie\/incompatibilite-d-humeur-au-chs-entre-le-chef-du-service-de-psychiatrie-et-des-soignants-1481060.html\">Incompatibilit\u00e9 d&rsquo;humeur au CHS, entre le chef du service de psychiatrie et des soignants<\/a> (franceinfo)<\/p>\n\n\n\n<p><a href=\"https:\/\/france3-regions.francetvinfo.fr\/paris-ile-de-france\/paris\/leur-salaire-va-passer-de-600-a-80-euros-par-mois-des-etudiants-accusent-le-crous-de-les-precariser-2957015.html\">\u00ab\u00a0Leur salaire va passer de 600 \u00e0 80 euros par mois\u00a0\u00bb : des \u00e9tudiants accusent le Crous de les pr\u00e9cariser<\/a> (franceinfo)<\/p>\n\n\n\n<p><strong>Monde<\/strong><\/p>\n\n\n\n<p><a href=\"https:\/\/ici.radio-canada.ca\/ohdio\/premiere\/emissions\/premiere-heure\/segments\/entrevue\/493018\/bibliotheque-greve-ville-negociation\"><strong>Canada<\/strong> : Gr\u00e8ve dans les biblioth\u00e8ques&nbsp;: \u00ab&nbsp;le moral tient le coup&nbsp;\u00bb<\/a> (Radio Canada)<\/p>\n\n\n\n<p><a href=\"https:\/\/fr.al-ain.com\/article\/greve-tehran-protestation-qualite-nourriture\">Gr\u00e8ve \u00e9tudiante \u00e0 <strong>T\u00e9h\u00e9ran<\/strong> : Protestation contre la qualit\u00e9 de la nourriture<\/a> (Alain)<\/p>\n\n\n\n<p><a href=\"https:\/\/www.msn.com\/fr-xl\/sante\/other\/kenya-les-m%C3%A9decins-entament-leur-cinqui%C3%A8me-semaine-de-gr%C3%A8ve\/ar-BB1lL5Cq\"><strong>Kenya<\/strong> : les m\u00e9decins entament leur cinqui\u00e8me semaine de gr\u00e8ve<\/a> (Euronews)<\/p>\n\n\n\n<p><a href=\"https:\/\/www.boursier.com\/actualites\/reuters\/grece-les-transports-sont-a-l-arret-en-raison-d-un-vaste-mouvement-de-greve-362551.html\"><strong>Gr\u00e8ce<\/strong>&nbsp;: Les transports sont \u00e0 l&rsquo;arr\u00eat en raison d&rsquo;un vaste mouvement de gr\u00e8ve<\/a> (Boursier com)<\/p>\n\n\n\n<p><strong>Analyse<\/strong><\/p>\n\n\n\n<p><strong><a href=\"https:\/\/www.contretemps.eu\/resistances-du-travail-sensible\/\">R\u00e9sistances du travail sensible<\/a> (Contretemps)<\/strong><\/p>\n\n\n\n<p><a href=\"https:\/\/www.liberation.fr\/economie\/social\/en-2022-un-retour-en-force-des-greves-sur-fond-dinflation-20240417_UBA44S4HFRDB5AXUDZ7RJJESUU\/\">En&nbsp;2022, un retour en force des gr\u00e8ves sur fond d\u2019inflation<\/a> (Lib\u00e9ration)<\/p>\n\n\n\n<p class=\"has-text-color has-link-color wp-elements-0d1624f91b569024bc64fa9ff24ac716\" style=\"color:#f80606\"><strong>17 avril<\/strong><\/p>\n\n\n\n<p><strong><a href=\"https:\/\/www.liberation.fr\/economie\/economie-numerique\/tesla-supprime-14-000-emplois-trois-points-pour-comprendre-pourquoi-le-geant-senlise-20240416_G55WZI6LPVHLFB2UPHVBQFU4CA\/\">Tesla supprime 14&nbsp;000 emplois&nbsp;: trois points pour comprendre pourquoi le g\u00e9ant s\u2019enlise<\/a> (Lib\u00e9ration)<\/strong><\/p>\n\n\n\n<p><strong><a href=\"https:\/\/www.humanite.fr\/social-et-economie\/carlos-tavares\/365-millions-deuros-carlos-tavares-le-cost-killer-qui-defie-les-politiques-de-baisser-son-salaire\">36,5&nbsp;millions d\u2019euros : Carlos Tavares, le cost-killer qui d\u00e9fie les politiques de baisser son salaire<\/a> (l\u2019Humanit\u00e9)<\/strong><\/p>\n\n\n\n<p><a href=\"https:\/\/basta.media\/sur-tiktok-instagram-youtube-masculinisme-rime-avec-climatoscepticisme-influenceurs\">Sur TiKTok, Instagram, Youtube\u2026 masculinisme rime avec climatoscepticisme<\/a> (Basta!)<\/p>\n\n\n\n<p><strong>Gr\u00e8ves<\/strong><\/p>\n\n\n\n<p><a href=\"https:\/\/www.humanite.fr\/social-et-economie\/aide-a-domicile\/marisa-makosso-en-greve-depuis-75-jours-pour-sa-dignite-et-ses-droits\">Marisa Makosso : en gr\u00e8ve depuis 75 jours pour sa dignit\u00e9 et ses droits<\/a> (l\u2019Humanit\u00e9)<\/p>\n\n\n\n<p><a href=\"https:\/\/france3-regions.francetvinfo.fr\/grand-est\/bas-rhin\/strasbourg-0\/greve-a-la-haute-ecole-des-arts-du-rhin-pour-protester-contre-la-baisse-du-nombre-de-professeurs-et-d-eleves-2956550.html\">Gr\u00e8ve \u00e0 la Haute \u00e9cole des Arts du Rhin <\/a>(franceinfo)<\/p>\n\n\n\n<p><a href=\"https:\/\/www.ladepeche.fr\/2024\/04\/17\/surpopulation-carcerale-a-foix-lultime-signal-dalarme-avant-la-greve-11895845.php\">Surpopulation carc\u00e9rale \u00e0 Foix : l\u2019ultime signal d\u2019alarme avant la gr\u00e8ve<\/a> (La D\u00e9p\u00eache)<\/p>\n\n\n\n<p><a href=\"https:\/\/actu.fr\/bretagne\/etrelles_35109\/greve-pres-de-vitre-pourquoi-le-mouvement-se-durcit-a-webhelp_60953227.html\">Gr\u00e8ve pr\u00e8s de Vitr\u00e9 : pourquoi le mouvement se durcit \u00e0 Webhelp<\/a> (Le Journal de Vitr\u00e9)<\/p>\n\n\n\n<p><a href=\"https:\/\/www.francetvinfo.fr\/societe\/education\/greve-des-enseignants-on-vous-explique-pourquoi-l-intersyndicale-de-seine-saint-denis-appelle-a-la-mobilisation-pour-la-rentree-du-22-avril_6489833.html\">Pourquoi l&rsquo;intersyndicale de Seine-Saint-Denis appelle \u00e0 la mobilisation pour la rentr\u00e9e du 22 avril<\/a> (franceinfo)<\/p>\n\n\n\n<p><a href=\"https:\/\/www.ledauphine.com\/social\/2024\/04\/16\/isere-metropole-de-grenoble-greve-des-femmes-de-menage-nous-les-invisibles-avons-fait-reculer-une-multinationale\">Gr\u00e8ve des femmes de m\u00e9nage : \u00ab&nbsp;Nous, les invisibles, avons fait reculer une multinationale&nbsp;\u00bb<\/a> (Le Dauphin\u00e9)<\/p>\n\n\n\n<p><strong>Monde<\/strong><\/p>\n\n\n\n<p><a href=\"https:\/\/www.msn.com\/fr-fr\/sante\/other\/au-kenya-une-gr%C3%A8ve-nationale-des-m%C3%A9decins-paralyse-les-services-de-sant%C3%A9-du-pays\/ar-BB1lJ6ty\">Au <strong>Kenya<\/strong>, une gr\u00e8ve nationale des m\u00e9decins paralyse les services de sant\u00e9 du pays<\/a> (Ouest-France)<\/p>\n\n\n\n<p><a href=\"https:\/\/www.lapresse.ca\/actualites\/grand-montreal\/2024-04-16\/nouvelle-greve-de-chauffeurs\/10-000-eleves-n-auront-pas-de-transport-scolaire-a-montreal.php\">10&nbsp;000 \u00e9l\u00e8ves n\u2019auront pas de transport scolaire \u00e0 <strong>Montr\u00e9al<\/strong><\/a> (La Presse)<\/p>\n\n\n\n<p><a href=\"https:\/\/www.msn.com\/fr-be\/actualite\/other\/vid%C3%A9o-des-policiers-de-floride-livrent-des-courses-%C3%A0-un-r%C3%A9sident-apr%C3%A8s-avoir-arr%C3%AAt%C3%A9-le-livreur\/ar-BB1lKDFt\"><strong>Royaume-Uni<\/strong> : un syndicat annonce une gr\u00e8ve de la police aux fronti\u00e8res \u00e0 Londres-Heathrow<\/a> (Le Soir)<\/p>\n\n\n\n<p><strong>Analyse<\/strong><\/p>\n\n\n\n<p><a href=\"https:\/\/www.revue-ballast.fr\/1767-une-belle-greve-de-femmes-a-poullaouen\/\">1767&nbsp;: une belle gr\u00e8ve de femmes \u00e0 Poullaouen<\/a> (Ballast)<\/p>\n\n\n\n<p><strong><a href=\"https:\/\/reporterre.net\/Peut-on-changer-la-realite-en-changeant-le-langage\">Les mots qui motivent ou paralysent notre engagement \u00e9cologique<\/a> (Reporterre)<\/strong><\/p>\n\n\n\n<p class=\"has-text-color has-link-color wp-elements-76b5f9548cb42fbf6062dc61eeebb8da\" style=\"color:#f80202\"><strong>16 avril<\/strong><\/p>\n\n\n\n<p><strong><a href=\"https:\/\/basta.media\/Balayer-negociations-collectives-deroger-au-salaire-minimum-lubie-qui-pourrait-devenir-loi\">Balayer les n\u00e9gociations collectives et d\u00e9roger au salaire minimum&nbsp;: une lubie qui pourrait devenir loi<\/a> (Basta!)<\/strong><\/p>\n\n\n\n<p><strong><a href=\"https:\/\/www.revolutionpermanente.fr\/100EUR-a-debourser-pour-acceder-a-son-CPF-le-gouvernement-fait-a-nouveau-payer-les-travailleurs\">100\u20ac \u00e0 d\u00e9bourser pour acc\u00e9der \u00e0 son CPF&nbsp;: le gouvernement fait \u00e0 nouveau payer les travailleurs<\/a> (RP)<\/strong><\/p>\n\n\n\n<p><a href=\"https:\/\/www.humanite.fr\/social-et-economie\/agroalimentaire\/fleury-michon-le-roi-du-jambon-entre-derives-sectaires-et-repression-syndicale\">Fleury Michon&nbsp;: le roi du jambon entre d\u00e9rives sectaires et r\u00e9pression syndicale<\/a> (l\u2019Humanit\u00e9)<\/p>\n\n\n\n<p><a href=\"https:\/\/www.force-ouvriere.fr\/chez-dell-technologies-fo-denonce-l-importance-des-departs\">Chez Dell Technologies, FO d\u00e9nonce l\u2019importance des d\u00e9parts contraints<\/a> (FO)<\/p>\n\n\n\n<p><a href=\"https:\/\/www.force-ouvriere.fr\/leroy-merlin-un-plan-de-licenciement-qui-ne-porte-pas-son-nom\">Leroy Merlin&nbsp;: un plan de licenciement qui ne porte pas son nom<\/a> (FO)<\/p>\n\n\n\n<p><strong>Gr\u00e8ves<\/strong><\/p>\n\n\n\n<p><strong><a href=\"https:\/\/94.citoyens.com\/2024\/education-en-seine-saint-denis-nouvel-appel-a-la-greve-apres-la-rencontre-avec-la-ministre,16-04-2024.html\">\u00c9ducation en Seine-Saint-Denis : nouvel appel \u00e0 la gr\u00e8ve apr\u00e8s la rencontre avec la ministre<\/a> (94 citoyens)<\/strong><\/p>\n\n\n\n<p><a href=\"https:\/\/www.laprovence.com\/article\/region\/15705994532783\/14-heures-de-travail-sans-pause-dejeuner-les-infirmieres-en-greve-a-la-clinique-privee-axium-a-aix\">\u00ab\u00a014 heures de travail sans pause d\u00e9jeuner\u00a0\u00bb : les infirmi\u00e8res en gr\u00e8ve \u00e0 la clinique priv\u00e9e Axium, \u00e0 Aix<\/a> (La Provence)<\/p>\n\n\n\n<p><a href=\"https:\/\/www.lanouvellerepublique.fr\/poitiers\/poitiers-greve-des-facteurs-la-distribution-du-courrier-sera-perturbee\">Poitiers&nbsp;: gr\u00e8ve des facteurs, la distribution du courrier sera perturb\u00e9e<\/a> (La Nouvelle R\u00e9publique)<\/p>\n\n\n\n<p><a href=\"https:\/\/actu.fr\/pays-de-la-loire\/saint-nazaire_44184\/dechets-recyclables-la-collecte-a-repris-a-saint-nazaire-mais-le-preavis-de-greve-est-maintenu_60951392.html\">D\u00e9chets recyclables : la collecte a repris \u00e0 Saint-Nazaire, mais le pr\u00e9avis de gr\u00e8ve est maintenu<\/a> (actu)<\/p>\n\n\n\n<p><a href=\"https:\/\/www.paris-normandie.fr\/videos\/a-la-une-dieppe\/les-agents-de-lhopital-de-dieppe-en-greve-pour-plus-de-titulatisations?param01=x3vx0sf&amp;param02=01490263&amp;param03=27\">Les agents de l&rsquo;h\u00f4pital de Dieppe en gr\u00e8ve pour plus de titularisations<\/a> (Paris-Normandie)<\/p>\n\n\n\n<p><a href=\"https:\/\/france3-regions.francetvinfo.fr\/hauts-de-france\/nord-0\/lille\/des-enseignants-organisent-un-tour-de-france-des-ecoles-pour-reclamer-une-amelioration-de-leurs-conditions-de-travail-2956010.html\">Des enseignants organisent un \u00ab\u00a0Tour de France des \u00e9coles\u00a0\u00bb pour r\u00e9clamer une am\u00e9lioration de leurs conditions de travail<\/a> (franceinfo)<\/p>\n\n\n\n<p><strong>Monde<\/strong><\/p>\n\n\n\n<p><a href=\"https:\/\/www.wsws.org\/fr\/articles\/2024\/04\/16\/gskd-a16.html\"><strong>Canada<\/strong>&nbsp;: Un rapport secret de la GRC appelle \u00e0 des pouvoirs accrus pour la police face \u00e0 la mont\u00e9e de l\u2019agitation sociale<\/a> (WSWS)<\/p>\n\n\n\n<p><a href=\"https:\/\/www.lalibre.be\/dernieres-depeches\/2024\/04\/15\/greve-dans-les-prisons-des-actions-mardi-aux-prisons-de-bruges-et-beveren-les-syndicats-lorgnent-le-mois-de-mai-PUWTGQDJXRBJJND4LPA6B7Y34Q\/\"><strong>Belgique<\/strong> : Des actions mardi aux prisons de Bruges et Beveren, les syndicats lorgnent le mois de mai<\/a> (La Libre)<\/p>\n\n\n\n<p><a href=\"https:\/\/trends.levif.be\/entreprises\/bpost-entre-prise-dotages-syndicale-et-fuite-en-avant-patronale\/\"><strong>Belgique<\/strong> : Bpost, entre prise d\u2019otages syndicale et fuite en avant patronale<\/a> (Le Vif)<\/p>\n\n\n\n<p class=\"has-text-color has-link-color wp-elements-38d87be355a222c03482593e6bbf6d65\" style=\"color:#f60505\"><strong>15 avril<\/strong><\/p>\n\n\n\n<p><strong><a href=\"https:\/\/theconversation.com\/le-militantisme-ecologiste-est-il-aussi-impopulaire-quon-le-pense-226074\">Le militantisme \u00e9cologiste&nbsp;est-il&nbsp;aussi impopulaire qu&rsquo;on le pense&nbsp;?<\/a> (The conversation)<\/strong><\/p>\n\n\n\n<p><strong>Gr\u00e8ves<\/strong><\/p>\n\n\n\n<p><a href=\"https:\/\/lepoing.net\/cette-semaine-dans-lherault-greve-et-rassemblement-pour-des-urgences-a-lodeve-manif-pour-la-palestine\/\">H\u00e9rault : gr\u00e8ve et rassemblement pour des urgences \u00e0 Lod\u00e8ve, manif pour la Palestine<\/a> (Le Poing)<\/p>\n\n\n\n<p><a href=\"https:\/\/www.force-ouvriere.fr\/christine-marchetti-hakani-la-defense-du-service-public-de-l\">Christine Marchetti-Hakani, la d\u00e9fense du&nbsp;\u201cservice public de l\u2019enseignement\u201d&nbsp;chevill\u00e9e au corps<\/a> (FO)<\/p>\n\n\n\n<p><a href=\"https:\/\/www.lanouvellerepublique.fr\/tours\/tours-l-orchestre-symphonique-en-greve-les-13-et-14-avril\">Tours&nbsp;: l\u2019orchestre symphonique en gr\u00e8ve les 13 et 14 avri<\/a>l (La Nouvelle R\u00e9publique)<\/p>\n\n\n\n<p><a href=\"https:\/\/www.lavoixdunord.fr\/1451859\/article\/2024-04-14\/l-acierie-lme-de-trith-au-ralenti-suite-un-mouvement-de-greve\">L\u2019aci\u00e9rie LME de Trith au ralenti suite \u00e0 un mouvement de gr\u00e8ve<\/a> (La Voix du Nord)<\/p>\n\n\n\n<p><strong>Monde<\/strong><\/p>\n\n\n\n<p><a href=\"https:\/\/www.wsws.org\/fr\/articles\/2024\/04\/14\/pers-a14.html\">Le pr\u00e9sident de l\u2019UAW au d\u00eener de la Maison-Blanche: L\u2019alliance corporatiste pour la 3e Guerre mondiale<\/a> (WSWS)<\/p>\n\n\n\n<p><a href=\"https:\/\/www.msn.com\/fr-be\/actualite\/other\/distribution-des-journaux-les-syndicats-menacent-d-une-gr%C3%A8ve-totale\/ar-BB1lBsTs\"><strong>Belgique<\/strong> : Distribution des journaux : les syndicats menacent d\u2019une gr\u00e8ve totale<\/a> (Le Soir)<\/p>\n\n\n\n<p><a href=\"https:\/\/www.ndarinfo.com\/Collectivites-territoriales-L-intersyndicale-des-travailleurs-annonce-une-greve-de-120-heures-a-partir-de-lundi_a37724.html\"><strong>S\u00e9n\u00e9gal<\/strong> : Collectivit\u00e9s territoriales : L\u2019intersyndicale des travailleurs annonce une gr\u00e8ve \u00e0 partir de lundi<\/a> (Ndar Info)<\/p>\n\n\n\n<p><strong>Analyse<\/strong><\/p>\n\n\n\n<p><strong><a href=\"https:\/\/lundi.am\/Un-orage-pret-a-eclater-6131\">Un orage pr\u00eat \u00e0 \u00e9clater<\/a> (Lundi matin)<\/strong><\/p>\n\n\n\n<p><strong><a href=\"https:\/\/www.revue-ballast.fr\/mouvement-femme-vie-liberte-performer-la-resistance-feministe-en-iran\/\">Mouvement Femme* Vie Libert\u00e9&nbsp;: performer la r\u00e9sistance f\u00e9ministe en&nbsp;Iran<\/a> (Ballast)<\/strong><\/p>\n\n\n\n<p><a href=\"https:\/\/www.monde-diplomatique.fr\/2024\/04\/ARAMBOUROU\/66741\">Les d\u00e9shumanisateurs<\/a> (Le Monde Diplomatique)<\/p>\n\n\n\n<p><strong><a href=\"https:\/\/www.bondyblog.fr\/societe\/education-on-attend-que-le-gouvernement-sorte-le-carnet-de-cheques\/\">\u00c9ducation : \u00ab On attend que le gouvernement sorte le carnet de ch\u00e8ques \u00bb<\/a> (Le Bondy Blog)<\/strong><\/p>\n\n\n\n<p class=\"has-text-color has-link-color wp-elements-ec02acb0746b38e20516e6ca26d2cc9b\" style=\"color:#f60909\"><strong>13 avril<\/strong><\/p>\n\n\n\n<p><strong><a href=\"https:\/\/www.youtube.com\/watch?v=uYQez7xkKz8&amp;ab_channel=BLAST%2CLesouffledel%27info\">H&amp;M, IKEA etc : le vrai visage des multinationales -doc doc doc-<\/a> (Blast)<\/strong><\/p>\n\n\n\n<p><a href=\"https:\/\/paris-luttes.info\/cantine-de-soutien-aux-ancien-es-18118\">Cantine de soutien aux ancien.es de l\u2019Atti\u00e9k\u00e9<\/a> (Paris-Luttes info)<\/p>\n\n\n\n<p><a href=\"https:\/\/rebellyon.info\/rassemblement-contre-les-expulsions-mardi-25866\">Rassemblement contre les expulsions mardi 16&nbsp;avril \u00e0 17 h devant la M\u00e9tropole<\/a> (Rebellyon)<\/p>\n\n\n\n<p><a href=\"https:\/\/www.revolutionpermanente.fr\/Les-consequences-sociales-s-annoncent-desastreuses-700-postes-supprimes-chez-ExxonMobil\">\u00ab&nbsp;Les cons\u00e9quences sociales s\u2019annoncent d\u00e9sastreuses&nbsp;\u00bb&nbsp;: 700 postes supprim\u00e9s chez ExxonMobil <\/a>(RP)<\/p>\n\n\n\n<p><strong>Gr\u00e8ves<\/strong><\/p>\n\n\n\n<p><a href=\"https:\/\/www.ouest-france.fr\/pays-de-la-loire\/montfort-le-gesnois-72450\/gesnois-bilurien-une-greve-surprise-du-service-enfance-jeunesse-prend-les-elus-au-depourvu-9c5875f8-f845-11ee-99ce-03491e0281c3\">Gesnois Bilurien&nbsp;: une gr\u00e8ve surprise du service enfance jeunesse prend les \u00e9lus au d\u00e9pourvu<\/a> (Ouest-France)<\/p>\n\n\n\n<p><a href=\"https:\/\/saint-nazaire.maville.com\/actu\/actudet_-la-greve-des-ripeurs-continue-dans-l-hypercentre-de-saint-nazaire-_loc-6243819_actu.Htm\">La gr\u00e8ve des ripeurs continue dans l\u2019hypercentre de Saint-Nazaire<\/a>&nbsp; (Ouest-France)<\/p>\n\n\n\n<p><a href=\"https:\/\/rapportsdeforce.fr\/classes-en-lutte\/au-palais-galliera-musee-de-la-mode-de-paris-une-greve-suite-a-des-propos-racistes-041320954\">Au Palais Galliera, mus\u00e9e de la mode de Paris, une gr\u00e8ve suite \u00e0 des propos racistes<\/a> (Rapports de force)<\/p>\n\n\n\n<p><a href=\"https:\/\/www.laprovence.com\/videos\/pravis-de-grve-des-boueurs-marseille-les-agents-vivent-au-moyen-ge\/1712917634647\">Pr\u00e9avis de gr\u00e8ve des \u00e9boueurs \u00e0 Marseille : \u201c Les agents vivent au Moyen \u00c2ge ! \u201c<\/a> (La Provence)<\/p>\n\n\n\n<p><a href=\"https:\/\/www.paris-normandie.fr\/id512801\/article\/2024-04-12\/metropole-de-rouen-22-preavis-et-22-dimanches-de-greve-prevus-pour-reclamer-une\">M\u00e9tropole de Rouen&nbsp;: 22 pr\u00e9avis et 22 dimanches de gr\u00e8ve pr\u00e9vus pour r\u00e9clamer une prime dans les mus\u00e9es.<\/a> (Paris-Normandie)<\/p>\n\n\n\n<p><a href=\"https:\/\/france3-regions.francetvinfo.fr\/auvergne-rhone-alpes\/savoie\/tunnel-du-frejus-les-salaries-entrent-en-greve-illimitee-le-trafic-legerement-ralenti-en-savoie-2954255.html\">Tunnel du Fr\u00e9jus : des salari\u00e9s entrent en gr\u00e8ve illimit\u00e9e, le trafic ralenti en Savoie<\/a> (franceinfo)<\/p>\n\n\n\n<p><a href=\"https:\/\/www.letelegramme.fr\/cotes-d-armor\/guingamp-22200\/a-lhopital-de-guingamp-une-mobilisation-pour-soutenir-les-equipes-de-nuit-6563636.php\">\u00c0 l\u2019h\u00f4pital de Guingamp, une mobilisation pour soutenir les \u00e9quipes de nuit<\/a> (Le T\u00e9l\u00e9gramme)<\/p>\n\n\n\n<p><strong>Monde<\/strong><\/p>\n\n\n\n<p><strong><a href=\"https:\/\/www.revolutionpermanente.fr\/Argentine-Sous-pression-de-la-rue-la-CGT-appelle-a-une-journee-de-greve-generale-le-9-mai\">Argentine. Sous pression de la rue, la CGT appelle \u00e0 une journ\u00e9e de gr\u00e8ve g\u00e9n\u00e9rale le 9 mai<\/a> (RP)<\/strong><\/p>\n\n\n\n<p><a href=\"https:\/\/www.letemps.ch\/economie\/en-italie-l-avenir-incertain-de-stellantis\">Fiat et Alfa Romeo chass\u00e9es de leur pays? En <strong>Italie<\/strong>, l\u2019avenir incertain de Stellantis<\/a> (Le Temps)<\/p>\n\n\n\n<p><strong>Analyse<\/strong><\/p>\n\n\n\n<p><a href=\"https:\/\/www.contretemps.eu\/combattre-fascisme-annees-1968-podcast\/\">Combattre le fascisme dans les ann\u00e9es 1968 [Podcast]<\/a> (Contretemps)<\/p>\n\n\n\n<p><a href=\"https:\/\/inegalites.fr\/Goudeau-inegalites-parole-eleves-maternelle\">\u00ab&nbsp;D\u00e8s la maternelle, les \u00e9l\u00e8ves de milieux d\u00e9favoris\u00e9s prennent moins la parole&nbsp;\u00bb.<\/a> (Observatoire des in\u00e9galit\u00e9s)<\/p>\n\n\n\n<p><strong><a href=\"https:\/\/solidaires.org\/sinformer-et-agir\/les-journaux-et-bulletins\/expressions-solidaires\/n110\/une-victoire-ici-ou-la-cest-une-victoire-pour-tous-et-toutes\/\">Une victoire ici ou l\u00e0, c\u2019est une victoire pour tous et toutes !<\/a> (Solidaires)<\/strong><\/p>\n\n\n\n<p class=\"has-text-color has-link-color wp-elements-7b7074039c68b8750854f21bec06fa97\" style=\"color:#f60707\"><strong>12 avril<\/strong><\/p>\n\n\n\n<p><strong>Gr\u00e8ves<\/strong><\/p>\n\n\n\n<p><strong><a href=\"https:\/\/www.humanite.fr\/social-et-economie\/exxon-mobil\/exxonmobil-annonce-677-suppressions-demplois-directs-en-france-malgre-les-superprofits\">ExxonMobil&nbsp;annonce 677 suppressions d\u2019emplois directs en France, malgr\u00e9 les superprofits<\/a> (l\u2019Humanit\u00e9)<\/strong><\/p>\n\n\n\n<p><a href=\"https:\/\/www.force-ouvriere.fr\/la-poste-les-guichetiers-en-greve-contre-la-mobilite-forcee\">La Poste&nbsp;: les guichetiers en gr\u00e8ve contre la mobilit\u00e9 forc\u00e9e<\/a> (FO)<\/p>\n\n\n\n<p><a href=\"https:\/\/www.ouest-france.fr\/bretagne\/bruz-35170\/une-greve-suivie-au-lycee-anita-conti-a6f7b4dd-77c1-4de6-a1ed-2335211dddb4\">Bruz. Une gr\u00e8ve suivie au lyc\u00e9e Anita-Conti<\/a> (Ouest-France)<\/p>\n\n\n\n<p><a href=\"https:\/\/www.lemonde.fr\/economie\/article\/2024\/04\/11\/les-tensions-autour-de-la-reforme-du-controle-aerien-font-craindre-un-mouvement-de-greve-fin-avril_6227273_3234.html\">Les tensions autour de la r\u00e9forme du contr\u00f4le a\u00e9rien font craindre un mouvement de gr\u00e8ve fin avril<\/a> (Le Monde)<\/p>\n\n\n\n<p><a href=\"https:\/\/actu.fr\/occitanie\/toulouse_31555\/toulouse-la-cgt-airbus-lance-un-appel-a-la-greve-la-pire-politique-salariale-proposee_60934875.html\">Airbus \u00e0 Toulouse. \u00ab\u00a0Des hausses de salaires d\u00e9risoires\u00a0\u00bb, la CGT appelle \u00e0 la gr\u00e8ve<\/a> (actu)<\/p>\n\n\n\n<p><a href=\"https:\/\/www.public.fr\/News\/JT-de-20-heures-Telematin-Nous-nous-sentons-humilies-une-greve-illimitee-entamee-1802386\">JT de 20 heures, T\u00e9l\u00e9matin, \u201cNous nous sentons humili\u00e9s\u201d, une gr\u00e8ve illimit\u00e9e entam\u00e9e<\/a> (Public)<\/p>\n\n\n\n<p><a href=\"https:\/\/actu.fr\/hauts-de-france\/grandvilliers_60286\/greve-les-salaries-de-cette-entreprise-de-loise-veulent-une-vraie-augmentation_60934399.html\">Gr\u00e8ve : les salari\u00e9s de cette entreprise de l&rsquo;Oise ont obtenu satisfaction<\/a> (Le R\u00e9veil)<\/p>\n\n\n\n<p><a href=\"https:\/\/www.lardennais.fr\/id588822\/article\/2024-04-11\/la-greve-repris-ce-jeudi-sur-le-site-enedis-de-rethel\">La gr\u00e8ve a repris ce jeudi sur le site Enedis de Rethel<\/a> (L\u2019Ardennais)<\/p>\n\n\n\n<p><a href=\"https:\/\/www.centre-presse.fr\/article-886567-poitiers-les-facteurs-en-greve-lundi-avril.html\">Poitiers&nbsp;: les facteurs en gr\u00e8ve lundi 15&nbsp;avril<\/a> (Centre Presse)<\/p>\n\n\n\n<p><a href=\"https:\/\/www.letelegramme.fr\/finistere\/brest-29200\/surpopulation-carcerale-a-brest-sud-sante-depose-un-preavis-de-greve-6562732.php\">Surpopulation carc\u00e9rale \u00e0 Brest&nbsp;: Sud Sant\u00e9 d\u00e9pose un pr\u00e9avis de gr\u00e8ve<\/a> (Le T\u00e9l\u00e9gramme)<\/p>\n\n\n\n<p><a href=\"https:\/\/www.ouest-france.fr\/economie\/agriculture\/un-appel-a-la-greve-au-siege-declor-le-n-1-francais-du-cidre-fbdb62ea-f7e8-11ee-99ce-03491e0281c3\">Un appel \u00e0 la gr\u00e8ve au si\u00e8ge d\u2019Eclor, le n\u00b0&nbsp;1 fran\u00e7ais du cidre<\/a> (Ouest-France)<\/p>\n\n\n\n<p><a href=\"https:\/\/www.lyoncapitale.fr\/actualite\/laissez-nous-notre-proviseur-un-lycee-de-villeurbanne-en-greve-ce-jeudi\">\u00ab\u00a0Laissez-nous notre proviseur\u00a0\u00bb : un lyc\u00e9e de Villeurbanne en gr\u00e8ve ce jeudi<\/a> (Lyon Capitale)<\/p>\n\n\n\n<p><a href=\"https:\/\/www.lavoixdunord.fr\/1450815\/article\/2024-04-11\/grogne-chez-les-pompiers-du-pas-de-calais-les-syndicats-reclament-280-embauches\">Pompiers du Pas-de-Calais&nbsp;: les syndicats r\u00e9clament 280 embauches, dont 60 imm\u00e9diates<\/a> (La Voix du Nord)<\/p>\n\n\n\n<p><a href=\"https:\/\/www.humanite.fr\/social-et-economie\/adecco\/condamne-pour-fichage-raciste-adecco-laisse-les-ex-sans-papiers-sur-le-bas-cote\">Condamn\u00e9 pour fichage raciste, Adecco laisse les ex sans-papiers sur le bas-c\u00f4t\u00e9<\/a> (l\u2019Humanit\u00e9)<\/p>\n\n\n\n<p><a href=\"https:\/\/www.francebleu.fr\/infos\/sante-sciences\/la-mobilisation-se-poursuit-a-l-hopital-de-montelimar-3094266\">La mobilisation se poursuit \u00e0 l&rsquo;h\u00f4pital de Mont\u00e9limar<\/a> (ici)<\/p>\n\n\n\n<p><strong>Monde<\/strong><\/p>\n\n\n\n<p><a href=\"https:\/\/www.revolutionpermanente.fr\/Manifestations-en-Jordanie-Israel-menace-le-gouvernement-reprime\">Manifestations en <strong>Jordanie<\/strong>&nbsp;: Isra\u00ebl menace, le gouvernement r\u00e9prime<\/a> (RP)<\/p>\n\n\n\n<p><a href=\"https:\/\/www.ilmattino.it\/fr\/greve_des_transports_a_naples_perturbations_et_revendications-8049836.html?refresh_ce\"><strong>Italie<\/strong> : Gr\u00e8ves et cons\u00e9quences sur les transports \u00e0 Naples<\/a> (Il Mattino)<\/p>\n\n\n\n<p><a href=\"https:\/\/lactualite.com\/actualites\/les-enseignants-syndiques-de-la-nouvelle-ecosse-votent-en-faveur-dun-mandat-de-greve\/\"><strong>Canada<\/strong> : Les enseignants syndiqu\u00e9s de la Nouvelle-\u00c9cosse votent en faveur d\u2019un mandat de&nbsp;gr\u00e8ve<\/a> (L\u2019actualit\u00e9)<\/p>\n\n\n\n<p><strong>Analyse<\/strong><\/p>\n\n\n\n<p><strong><a href=\"https:\/\/lanticapitaliste.org\/actualite\/social\/seb-tefal-dejouer-le-chantage-lemploi\">SEB-Tefal : D\u00e9jouer le chantage \u00e0 l\u2019emploi<\/a> (l\u2019Anticapitaliste)<\/strong><\/p>\n\n\n\n<p class=\"has-text-color has-link-color wp-elements-bcf76b435f352ac9709cae4b0b0d2bb9\" style=\"color:#f40606\"><strong>11 avril<\/strong><\/p>\n\n\n\n<p><strong><a href=\"https:\/\/rebellyon.info\/Reunion-publique-Giga-Bassines-Puy-Du-25840\">R\u00e9union publique Giga-Bassines Puy-Du-D\u00f4me<\/a> (Rebellyon)<\/strong><\/p>\n\n\n\n<p><a href=\"https:\/\/www.revolutionpermanente.fr\/Emploi-des-seniors-des-negociations-vouees-a-l-impasse-qui-ouvrent-la-voie-aux-offensives-de-Macron\">Emploi des seniors&nbsp;: des n\u00e9gociations vou\u00e9es \u00e0 l\u2019impasse qui ouvrent la voie aux offensives de Macron<\/a> (RP)<\/p>\n\n\n\n<p><a href=\"https:\/\/www.revolutionpermanente.fr\/Mise-en-danger-des-salaries-20-travailleurs-de-la-maintenance-assignent-la-RATP-aux-Prud-hommes\">Mise en danger des salari\u00e9s&nbsp;: 20 travailleurs de la maintenance assignent la RATP aux Prud\u2019hommes<\/a> (RP)<\/p>\n\n\n\n<p><a href=\"https:\/\/www.humanite.fr\/social-et-economie\/catastrophes-industrielles\/sites-seveso-apres-lexplosion-dans-une-usine-a-sete-le-groupe-avril-pointe-du-doigt\">Sites Seveso&nbsp;: apr\u00e8s l\u2019explosion dans une usine \u00e0 S\u00e8te, le groupe Avril point\u00e9 du doigt<\/a> (l\u2019Humanit\u00e9)<\/p>\n\n\n\n<p><a href=\"https:\/\/lanticapitaliste.org\/actualite\/sante\/jours-de-carence-apres-les-chomeures-les-malades-dans-le-viseur\">Jours de carence\u2009: apr\u00e8s les ch\u00f4meurEs, les malades dans le viseur<\/a> (l\u2019Anticapitaliste)<\/p>\n\n\n\n<p><a href=\"https:\/\/rapportsdeforce.fr\/classes-en-lutte\/a-paris-loccupation-de-la-maison-des-metallos-base-arriere-de-la-lutte-pour-les-mineurs-etrangers-a-la-rue-041120924\">\u00c0 Paris, l\u2019occupation de la maison des M\u00e9tallos, base arri\u00e8re de la lutte pour les mineurs \u00e9trangers \u00e0 la rue<\/a> (Rapports de force)<\/p>\n\n\n\n<p><strong>Gr\u00e8ves<\/strong><\/p>\n\n\n\n<p><a href=\"https:\/\/www.francetvinfo.fr\/les-jeux-olympiques\/fonction-publique-les-preavis-de-greves-pour-les-jeux-olympiques-sont-deposes-annonce-la-cgt_6478199.html\">Des pr\u00e9avis de gr\u00e8ve d\u00e9pos\u00e9s par la CGT dans la fonction publique, du 15&nbsp;avril au 15&nbsp;septembre<\/a> (franceinfo)<\/p>\n\n\n\n<p><a href=\"https:\/\/www.courrier-picard.fr\/id512273\/article\/2024-04-11\/oise-greve-chez-un-fabricant-de-pieces-automobiles-employant-140-personnes\">Oise&nbsp;: gr\u00e8ve chez un fabricant de pi\u00e8ces automobiles employant 140 personnes \u00e0 Grandvilliers<\/a> (Courrier Picard)<\/p>\n\n\n\n<p><a href=\"https:\/\/france3-regions.francetvinfo.fr\/occitanie\/haute-garonne\/toulouse\/si-les-salaires-ne-decollent-pas-airbus-fonce-droit-dans-le-mur-alerte-la-cgt-qui-appelle-a-la-greve-2953445.html\">\u00ab\u00a0Si les salaires ne d\u00e9collent pas, Airbus fonce droit dans le mur\u00a0\u00bb, alerte la CGT qui appelle \u00e0 la gr\u00e8ve<\/a> (franceinfo)<\/p>\n\n\n\n<p><a href=\"https:\/\/www.lavoixdunord.fr\/1450424\/article\/2024-04-10\/en-greve-des-salaries-de-barat-sofanor-crespin-denoncent-deux-licenciements\">En gr\u00e8ve, des salari\u00e9s de Barat-Sofanor \u00e0 Crespin d\u00e9noncent deux licenciements abusifs<\/a> (La Voix du Nord)<\/p>\n\n\n\n<p><a href=\"https:\/\/www.francebleu.fr\/infos\/economie-social\/indexia-appel-a-la-greve-ce-jeudi-dans-les-boutiques-hubside-store-3023744\">Indexia&nbsp;: appel \u00e0 la gr\u00e8ve ce jeudi dans les boutiques Hubside Store<\/a> (ici)<\/p>\n\n\n\n<p><a href=\"https:\/\/actu.fr\/ile-de-france\/paris_75056\/greve-des-salaries-de-la-monnaie-de-paris-la-production-des-medailles-olympiques-est-elle-menacee_60930805.html\">Gr\u00e8ve des salari\u00e9s de la Monnaie de Paris : la production des m\u00e9dailles olympiques est-elle menac\u00e9e&nbsp;?<\/a> (actu)<\/p>\n\n\n\n<p><a href=\"https:\/\/www.ouest-france.fr\/pays-de-la-loire\/saint-nazaire-44600\/des-agents-de-la-collecte-des-dechets-de-lagglo-nazairienne-toujours-en-greve-b45dca80-f71a-11ee-b61a-805a85d39d9d\">Des agents de la collecte des d\u00e9chets de l\u2019Agglo nazairienne toujours en gr\u00e8ve<\/a> (Ouest-France)<\/p>\n\n\n\n<p><strong>Monde<\/strong><\/p>\n\n\n\n<p><a href=\"https:\/\/www.msn.com\/fr-ca\/actualites\/R%C3%A9gion%20de%20Qu%C3%A9bec\/gr%C3%A8ve-dans-les-biblioth%C3%A8ques-de-qu%C3%A9bec-une-hypoth%C3%A8se-de-r%C3%A8glement-sur-la-table\/ar-BB1lpYrw\">Gr\u00e8ve dans les biblioth\u00e8ques de <strong>Qu\u00e9bec<\/strong> : une hypoth\u00e8se de r\u00e8glement sur la table<\/a> (Radio Canada)<\/p>\n\n\n\n<p><a href=\"https:\/\/www.zonebourse.com\/cours\/action\/LUFTHANSA-436827\/actualite\/Lufthansa-convient-d-une-augmentation-de-salaire-avec-les-hotesses-de-l-air-et-stewards-apres-une-46411701\/\"><strong>Allemagne<\/strong> : Lufthansa convient d&rsquo;une augmentation de salaire avec les h\u00f4tesses de l&rsquo;air et stewards apr\u00e8s une gr\u00e8ve <\/a>(Zonebourse)<\/p>\n\n\n\n<p><a href=\"https:\/\/www.zonebourse.com\/cours\/action\/TESLA-INC-6344549\/actualite\/La-greve-de-Tesla-en-Suede-se-poursuit-selon-le-syndicat-contredisant-Musk-46405205\/\">La gr\u00e8ve de Tesla en <strong>Su\u00e8de<\/strong> se poursuit, selon le syndicat, contredisant Musk<\/a> (Zonebourse)<\/p>\n\n\n\n<p><a href=\"https:\/\/www.lavenir.net\/actu\/belgique\/2024\/04\/10\/greve-dans-les-prisons-encore-5-agents-requisitionnes-dans-les-prisons-flamandes-LHWTZ3J6PJBOJP2WPPLPKOTXAI\/\"><strong>Belgique<\/strong> : Gr\u00e8ve dans les prisons: encore 5 agents r\u00e9quisitionn\u00e9s dans les prisons flamandes<\/a> (l\u2019avenir)<\/p>\n\n\n\n<p><strong>Analyse<\/strong><\/p>\n\n\n\n<p><strong><a href=\"https:\/\/alencontre.org\/ameriques\/americnord\/usa\/etats-unis-elon-musk-et-jeff-bezos-veulent-vider-de-sa-substance-la-loi-sur-les-relations-de-travail-datant-de-1935.html\">Etats-Unis. Elon Musk et Jeff Bezos veulent vider de sa substance la loi sur les relations de travail datant de 1935<\/a> (A l\u2019encontre)<\/strong><\/p>\n\n\n\n<p><strong><a href=\"https:\/\/www.humanite.fr\/societe\/education-nationale\/education-la-deception-des-enseignants-de-seine-saint-denis-apres-une-reunion-a-matignon\">Education : la d\u00e9ception des enseignants de Seine-Saint-Denis apr\u00e8s une r\u00e9union \u00e0 Matignon<\/a> (l\u2019Humanit\u00e9)<\/strong><\/p>\n\n\n\n<p class=\"has-text-color has-link-color wp-elements-bcb31749add536b30aec6e9dbc94e05c\" style=\"color:#f60707\"><strong>10 avril<\/strong><\/p>\n\n\n\n<p><strong><a href=\"https:\/\/www.revolutionpermanente.fr\/Offensive-le-Senat-adopte-une-loi-antigreve-historique-dans-les-transports\">Offensive&nbsp;: le S\u00e9nat adopte une loi antigr\u00e8ve historique dans les transports<\/a> (RP)<\/strong><\/p>\n\n\n\n<p><strong><a href=\"https:\/\/inegalites.fr\/part-des-10-les-plus-aises-dans-la-masse-des-revenus\">Les 10&nbsp;% les plus ais\u00e9s captent pr\u00e8s du quart de l\u2019ensemble des revenus<\/a> (Observatoire des in\u00e9galit\u00e9s)<\/strong><\/p>\n\n\n\n<p><strong><a href=\"https:\/\/www.humanite.fr\/social-et-economie\/fonction-publique\/stanislas-guerini-annonce-une-nouvelle-decoupe-de-la-fonction-publique\">Stanislas Guerini annonce une nouvelle d\u00e9coupe de la fonction publique<\/a> (l\u2019Humanit\u00e9)<\/strong><\/p>\n\n\n\n<p><strong><a href=\"https:\/\/basta.media\/Crise-du-logement-a-trois-mois-JO-locataires-mis-a-la-porte\">Crise du logement&nbsp;: \u00e0 trois mois des JO, des locataires mis \u00e0 la porte<\/a> (Basta!)<\/strong><\/p>\n\n\n\n<p><strong>Gr\u00e8ves<\/strong><\/p>\n\n\n\n<p><a href=\"https:\/\/lepoing.net\/montpellier-les-agents-de-securite-du-chu-en-greve-contre-la-reorganisation-de-leurs-temps-de-travail\/\">Montpellier&nbsp;: les agents de s\u00e9curit\u00e9 du CHU en gr\u00e8ve contre la r\u00e9organisation de leurs temps de travail<\/a> (Le Poing)<\/p>\n\n\n\n<p><a href=\"https:\/\/www.revolutionpermanente.fr\/Education-les-AG-du-93-et-d-Ile-de-France-appellent-a-la-greve-pour-le-22-avril\">Education&nbsp;: les AG du 93 et d\u2019\u00cele-de-France appellent \u00e0 la gr\u00e8ve pour le 22 avri<\/a>l (RP)<\/p>\n\n\n\n<p><a href=\"https:\/\/www.force-ouvriere.fr\/seb-tefal-les-salaries-obtiennent-gain-de-cause-contre-l\">Seb\/Tefal&nbsp;: les salari\u00e9s obtiennent gain de cause contre l\u2019interdiction des po\u00eales antiadh\u00e9sives<\/a> (FO)<\/p>\n\n\n\n<p><a href=\"https:\/\/lanticapitaliste.org\/actualite\/entreprises\/automobile-greve-et-production-bloquee-lusine-forvia-dallonjoie\">Automobile : Gr\u00e8ve et production bloqu\u00e9e \u00e0 l\u2019usine Forvia d\u2019Allonjoie.<\/a> (l\u2019Anticapitaliste)<\/p>\n\n\n\n<p><a href=\"https:\/\/www.rue89strasbourg.com\/fin-production-emplois-dumarey-greve-298961\">Des centaines d\u2019emplois menac\u00e9s chez Dumarey, ex-Punch&nbsp;: CGT et CFDT appellent \u00e0 la gr\u00e8ve<\/a> (Rue 89)<\/p>\n\n\n\n<p><a href=\"https:\/\/www.francebleu.fr\/infos\/transports\/perimouv-dordogne-le-trafic-des-bus-perturbe-dans-l-agglomeration-de-perigueux-a-cause-d-une-greve-des-conducteurs-4763329\">Le trafic des bus perturb\u00e9 dans l&rsquo;agglom\u00e9ration de P\u00e9rigueux \u00e0 cause d&rsquo;une gr\u00e8ve des conducteurs<\/a> (ici)<\/p>\n\n\n\n<p><a href=\"https:\/\/www.lavoixdunord.fr\/1450023\/article\/2024-04-09\/valenciennois-greve-interrompue-chez-etex-eternit-les-negociations-se\">Valenciennois&nbsp;: gr\u00e8ve interrompue chez Etex-Eternit, les n\u00e9gociations se poursuivent<\/a> (La Voix du Nord)<\/p>\n\n\n\n<p><a href=\"https:\/\/www.lanouvellerepublique.fr\/indre-et-loire\/fermeture-de-la-cimenterie-calcia-de-villiers-au-bouin-les-salaries-en-greve\">Fermeture de la cimenterie Calcia de Villiers-au-Bouin&nbsp;: les salari\u00e9s en gr\u00e8ve.<\/a> (La Nouvelle R\u00e9publique)<\/p>\n\n\n\n<p><a href=\"https:\/\/www.republicain-lorrain.fr\/education\/2024\/04\/09\/locaux-degrades-climat-scolaire-violence-des-eleves-les-professeurs-du-college-jean-burger-de-moyeuvre-grande-se-sentent-abandonnes\">Locaux d\u00e9grad\u00e9s, violences des \u00e9l\u00e8ves : le cri de d\u00e9tresse des professeurs du&nbsp;coll\u00e8ge Jean-Burger<\/a> (RL)<\/p>\n\n\n\n<p><strong>Monde<\/strong><\/p>\n\n\n\n<p><a href=\"https:\/\/www.zonebourse.com\/cours\/action\/DEUTSCHE-BANK-AG-56358396\/actualite\/Verdi-appelle-a-des-greves-d-avertissement-dans-les-filiales-de-la-Postbank-a-l-echelle-national-46397731\/\"><strong>Allemagne<\/strong> : Verdi appelle \u00e0 des gr\u00e8ves d&rsquo;avertissement dans les filiales de la Postbank \u00e0 l&rsquo;\u00e9chelle nationale<\/a> (Zonebourse)<\/p>\n\n\n\n<p><strong>Analyse<\/strong><\/p>\n\n\n\n<p><strong><a href=\"https:\/\/www.contretemps.eu\/inverties-sujet-revolutionnaire-hors-normes\/\">Les inverti\u00b7es&nbsp;: construire un sujet r\u00e9volutionnaire hors normes<\/a>&nbsp;(Contretemps)<\/strong><\/p>\n\n\n\n<p class=\"has-text-color has-link-color wp-elements-480be5261312c3420e877374abbd27a4\" style=\"color:#f90505\"><strong>9 avril<\/strong><\/p>\n\n\n\n<p><strong><a href=\"https:\/\/lundi.am\/Nouvelles-du-front-ecologique\">Nouvelles du front \u00e9cologique<\/a>&nbsp; (Lundi matin)<\/strong><\/p>\n\n\n\n<p><a href=\"https:\/\/rebellyon.info\/Rassemblement-de-soutien-aux-17-personnes-25849\">Rassemblement de soutien aux 17 personnes arr\u00eat\u00e9es par la sous-direction anti-terroriste<\/a> (Rebellyon)<\/p>\n\n\n\n<p><strong><a href=\"https:\/\/www.revolutionpermanente.fr\/Manifestation-historique-2-000-personnes-a-Lannemezan-pour-exiger-la-liberation-de-Georges-Ibrahim\">2 000 personnes \u00e0 Lannemezan pour exiger la lib\u00e9ration de Georges Ibrahim Abdallah<\/a> (RP)<\/strong><\/p>\n\n\n\n<p><a href=\"https:\/\/www.revolutionpermanente.fr\/Expulsions-surprise-a-Toulouse-l-Etat-detruit-deux-campements-et-jette-une-centaine-de-personnes-a\">Expulsions surprise \u00e0 Toulouse&nbsp;: l\u2019Etat d\u00e9truit deux campements et jette une centaine de personnes \u00e0 la rue<\/a> (RP)<\/p>\n\n\n\n<p><strong><a href=\"https:\/\/lanticapitaliste.org\/actualite\/social\/technival-breton-du-bruit-de-la-pluie-de-la-gendarmerie\">Technival breton : Du bruit, de la pluie, de la gendarmerie<\/a> (l\u2019Anticapitaliste)<\/strong><\/p>\n\n\n\n<p><a href=\"https:\/\/reporterre.net\/A-Boulogne-sur-Mer-mobilisation-contre-un-elevage-intensif-de-saumons\">\u00c0 Boulogne-sur-Mer, mobilisation contre un \u00e9levage intensif de saumons<\/a> (Reporterre)<\/p>\n\n\n\n<p><strong>Gr\u00e8ves<\/strong><\/p>\n\n\n\n<p><a href=\"https:\/\/www.tunisienumerique.com\/france-greve-de-la-faim-devant-le-quai-dorsay-pour-denoncer-le-soutien-a-israel\/\">France : Gr\u00e8ve de la faim devant le Quai d\u2019Orsay pour d\u00e9noncer le soutien \u00e0 Isra\u00ebl<\/a> (Tunisie Num\u00e9rique)<\/p>\n\n\n\n<p><a href=\"https:\/\/france3-regions.francetvinfo.fr\/occitanie\/herault\/montpellier\/on-reste-mefiants-malgre-une-reunion-avec-la-direction-les-agents-de-securite-du-chu-de-montpellier-en-greve-mardi-2952002.html\">Malgr\u00e9 une r\u00e9union avec la direction, les agents de s\u00e9curit\u00e9 du CHU de Montpellier en gr\u00e8ve mardi <\/a>(franceinfo)<\/p>\n\n\n\n<p><a href=\"https:\/\/france3-regions.francetvinfo.fr\/auvergne-rhone-alpes\/rhone\/lyon\/les-salaries-de-veolia-en-greve-a-vaulx-en-velin-reclament-une-revalorisation-de-leur-salaire-2952011.html\">Les salari\u00e9s de Veolia en gr\u00e8ve \u00e0 Vaulx-en-Velin r\u00e9clament une revalorisation de leur salaire<\/a> (franceinfo)<\/p>\n\n\n\n<p><a href=\"https:\/\/www.ouest-france.fr\/economie\/greve\/greve-des-conducteurs-de-bus-a-lisieux-et-alentours-la-circulation-reprend-des-ce-lundi-8-avril-4f0dbd32-f57d-11ee-a613-9d0ce5b209d6\">Gr\u00e8ve des conducteurs de bus \u00e0 Lisieux et alentours&nbsp;: la circulation reprend d\u00e8s ce lundi 8&nbsp;avril<\/a> (Ouest-France)<\/p>\n\n\n\n<p><a href=\"https:\/\/www.dna.fr\/social\/2024\/04\/08\/mouvement-de-greve-au-centre-socioculturel-lavoisier-brustlein\">Mouvement de gr\u00e8ve au centre socioculturel Lavoisier-Brustlein<\/a> (DNA)<\/p>\n\n\n\n<p><a href=\"https:\/\/www.lanouvellerepublique.fr\/deux-sevres\/niort-le-moulin-du-roc-evite-la-greve-mais-doit-toujours-se-serrer-la-ceinture\">Niort&nbsp;: le Moulin du Roc \u00e9vite la gr\u00e8ve mais doit toujours se serrer la ceinture<\/a> (La Nouvelle R\u00e9publique)<\/p>\n\n\n\n<p><a href=\"https:\/\/actu.fr\/provence-alpes-cote-d-azur\/marseille_13055\/poubelles-a-marseille-vers-une-greve-massive-illimitee-la-cgt-depose-un-preavis_60919975.html\">Poubelles \u00e0 Marseille : vers une gr\u00e8ve massive illimit\u00e9e ? La CGT d\u00e9pose un pr\u00e9avis<\/a> (actu)<\/p>\n\n\n\n<p><a href=\"https:\/\/www.tahiti-infos.com\/Le-personnel-de-l-hopital-de-Raiatea-est-pret-a-debrayer_a223200.html\">Le personnel de l\u2019h\u00f4pital de Raiatea est pr\u00eat \u00e0 d\u00e9brayer<\/a> (Tahiti Infos)<\/p>\n\n\n\n<p><a href=\"https:\/\/www.nordlittoral.fr\/205971\/article\/2024-04-08\/dans-le-pas-de-calais-les-pompiers-en-greve-reclament-plus-d-embauche-dans-les\">Dans le Pas-de-Calais, les pompiers en gr\u00e8ve r\u00e9clament plus d\u2019embauches dans les agglom\u00e9rations<\/a> (Nord Littoral)<\/p>\n\n\n\n<p><a href=\"https:\/\/www.msn.com\/fr-fr\/finance\/other\/jo-2024-les-fabricants-de-m%C3%A9daille-poursuivent-leur-gr%C3%A8ve\/ar-BB1lh6pS\">JO 2024 : les fabricants de m\u00e9daille poursuivent leur gr\u00e8ve<\/a> (Le Point)<\/p>\n\n\n\n<p><a href=\"https:\/\/actu.fr\/pays-de-la-loire\/saint-nazaire_44184\/non-ramassage-des-dechets-recyclables-a-saint-nazaire-force-ouvriere-sexplique_60921554.html\">Non-ramassage des d\u00e9chets recyclables \u00e0 Saint-Nazaire : Force ouvri\u00e8re s\u2019explique<\/a> (actu)<\/p>\n\n\n\n<p><a href=\"https:\/\/www.ledauphine.com\/social\/2024\/04\/08\/des-salaries-du-groupe-kuehne-nagel-en-greve\">Des salari\u00e9s du groupe Kuehne +&nbsp;Nagel en gr\u00e8ve<\/a> (Le Dauphin\u00e9 Lib\u00e9r\u00e9)<\/p>\n\n\n\n<p><a href=\"https:\/\/www.ouest-france.fr\/pays-de-la-loire\/saint-herblain-44800\/manque-de-moyens-les-enseignants-de-lecole-mandela-se-mettent-en-greve-illimitee-pres-de-nantes-76e700f4-f5a8-11ee-9bee-6b4d91ded6b2\">Les enseignants de l\u2019\u00e9cole Mandela se mettent en gr\u00e8ve illimit\u00e9e pr\u00e8s de Nantes<\/a> (Ouest-France)<\/p>\n\n\n\n<p><a href=\"https:\/\/www.radioscoop.com\/infos\/rillieux-la-pape-une-cagnotte-pour-les-salaries-en-greve-de-l-usine-cotelle_299080\">Une cagnotte pour les salari\u00e9s de l\u2019usine Cotelle<\/a> (Radio Scoop)<\/p>\n\n\n\n<p><a href=\"https:\/\/www.republicain-lorrain.fr\/education\/2024\/04\/08\/college-pierre-claude-greve-et-manifestation-contre-des-suppressions-de-poste\">Coll\u00e8ge Pierre-Claude \u00e0 Sarre-Union&nbsp;: gr\u00e8ve et manifestation contre des suppressions de poste<\/a> (R. Lorrain)<\/p>\n\n\n\n<p><strong>Monde<\/strong><\/p>\n\n\n\n<p><strong><a href=\"https:\/\/www.pressafrik.com\/Greve-des-Marins-la-desserte-Dakar-Goree-bloquee-ce-lundi_a271340.html\">S\u00e9n\u00e9gal : Gr\u00e8ve des Marins : la desserte Dakar-Gor\u00e9e bloqu\u00e9e ce lundi<\/a> (Press Afrik)<\/strong><\/p>\n\n\n\n<p><strong>Analyse<\/strong><\/p>\n\n\n\n<p><strong><a href=\"https:\/\/rapportsdeforce.fr\/linternationale\/lactu-des-oublie-e-s-no-a-la-mineria-partie-1-040820890\">L\u2019Actu des Oubli\u00e9.e.s : No a la Mineria \u2013 Partie 1<\/a> (Rapports de force)<\/strong><\/p>\n\n\n\n<p><a href=\"https:\/\/www.humanite.fr\/social-et-economie\/benoit-teste\/transport-education-comment-le-droit-de-greve-sest-rabougri-sous-sarkozy\">Transport, \u00e9ducation&#8230; comment le droit de gr\u00e8ve s&rsquo;est rabougri sous Sarkozy<\/a> (l\u2019Humanit\u00e9)<\/p>\n\n\n\n<p class=\"has-text-color has-link-color wp-elements-0b59210904f91199d8f7fd1f88b051d1\" style=\"color:#f70505\"><strong>8 avril<\/strong><\/p>\n\n\n\n<p><strong><a href=\"https:\/\/france.attac.org\/se-mobiliser\/superprofits-ultra-riches-mega-injustices\/article\/signez-la-petition-60-milliards-en-taxant-les-plus-riches-maintenant-c-est\">Signez la p\u00e9tition&nbsp;: 60 milliards en taxant les plus riches, maintenant&nbsp;c\u2019est possible&nbsp;!<\/a> (Attac)<\/strong><\/p>\n\n\n\n<p><a href=\"https:\/\/paris-luttes.info\/le-collectif-des-jeunes-du-parc-de-18111\">Le collectif des jeunes du parc de Belleville occupe la maison des m\u00e9tallos&nbsp;!<\/a> (Paris-Luttes info)<\/p>\n\n\n\n<p><strong><a href=\"https:\/\/www.humanite.fr\/social-et-economie\/dependance\/sante-ce-quil-faut-retenir-de-la-reprise-des-ehpad-medicharme\">Sant\u00e9&nbsp;: ce qu&rsquo;il faut retenir de la reprise des Ehpad Medicharme<\/a> (l\u2019Humanit\u00e9)<\/strong><\/p>\n\n\n\n<p><strong>Gr\u00e8ves<\/strong><\/p>\n\n\n\n<p><a href=\"https:\/\/lepoing.net\/cette-semaine-dans-lherault-greves-au-chu-et-a-renault-cine-debat\/\">Cette semaine dans l\u2019H\u00e9rault&nbsp;: gr\u00e8ves au CHU et \u00e0 Renault, cin\u00e9-d\u00e9bat<\/a> (Le Poing)<\/p>\n\n\n\n<p><a href=\"https:\/\/www.revolutionpermanente.fr\/Port-de-Metz-les-soutiens-de-Christian-Porta-rassembles-contre-la-repression-de-InVivo\">Port de Metz&nbsp;: les soutiens de Christian Porta rassembl\u00e9s contre la r\u00e9pression de InVivo&nbsp;!&nbsp;<\/a> (RP)<\/p>\n\n\n\n<p><a href=\"https:\/\/reporterre.net\/Christian-Porta-syndicaliste-et-bete-noire-d-un-geant-de-l-agrobusiness\">Christian Porta, syndicaliste et b\u00eate noire d\u2019un g\u00e9ant de l\u2019agrobusiness<\/a> (Reporterre)<\/p>\n\n\n\n<p><a href=\"https:\/\/www.letelegramme.fr\/finistere\/rosporden-29140\/rosporden-les-personnels-du-foyer-kar-ar-mor-reclament-de-meilleures-conditions-de-travail-6559141.php\">Rosporden&nbsp;: les personnels du foyer Kar ar mor r\u00e9clament de meilleures conditions de travail<\/a> (Le T\u00e9l\u00e9gramme)<\/p>\n\n\n\n<p><strong>Monde<\/strong><\/p>\n\n\n\n<p><a href=\"https:\/\/alencontre.org\/ameriques\/americnord\/usa\/etats-unis-quand-luaw-organise-la-syndicalisation-de-volkswagen-et-mercedes-dans-le-sud.html\"><strong>Etats-Unis<\/strong>. Quand l\u2019UAW organise la syndicalisation de Volkswagen et Mercedes dans le Sud<\/a>&nbsp; (A l\u2019encontre)<\/p>\n\n\n\n<p><strong><a href=\"https:\/\/www.equaltimes.org\/les-marches-urbains-de-contrebande\">Les march\u00e9s urbains de contrebande en Bolivie&nbsp;: une planche de salut insoutenable pour un pays en proie \u00e0 des indices \u00e9lev\u00e9s d\u2019emploi informel<\/a> (Equal Times)<\/strong><\/p>\n\n\n\n<p><a href=\"https:\/\/www.rtbf.be\/article\/belgique-cette-semaine-les-prisons-de-louvain-gand-hasselt-malines-et-bruxelles-se-mettent-en-greve-11355764\"><strong>Belgique<\/strong> : cette semaine, les prisons de Louvain, Gand, Hasselt, Malines et Bruxelles se mettent en gr\u00e8ve<\/a> (RTBF)<\/p>\n\n\n\n<p><a href=\"https:\/\/www.msn.com\/fr-fr\/actualite\/monde\/finlande-les-syndicats-mettent-fin-%C3%A0-une-gr%C3%A8ve-historique-d-un-mois-sans-avanc%C3%A9e\/ar-BB1leUT0\"><strong>Finlande<\/strong>: les syndicats mettent fin \u00e0 une gr\u00e8ve historique d&rsquo;un mois, sans avanc\u00e9e<\/a> (RFI)<\/p>\n\n\n\n<p><a href=\"https:\/\/www.zonebourse.com\/cours\/action\/FRAPORT-AG-450725\/actualite\/Les-employeurs-et-le-syndicat-allemands-s-accordent-sur-le-principe-de-mettre-fin-aux-greves-dans-l-46384567\/\">Les employeurs et le syndicat <strong>allemands<\/strong> s&rsquo;accordent sur le principe de mettre fin aux gr\u00e8ves dans le secteur de la s\u00e9curit\u00e9 a\u00e9roportuaire<\/a> (Zonebourse)<\/p>\n\n\n\n<p><a href=\"https:\/\/afriquechos.ch\/angola-la-hausse-du-salaire-minimum-35-euros-au-coeur-dune-greve-generale-de-la-fonction-publique\/\"><strong>Angola<\/strong>&nbsp;: la hausse du salaire minimum (35 euros) au coeur d\u2019une gr\u00e8ve g\u00e9n\u00e9rale de la fonction publique<\/a> (AfriquEchos)<\/p>\n\n\n\n<p><a href=\"https:\/\/ici.radio-canada.ca\/nouvelle\/2063106\/airbus-mirabel-deuxieme-offre-syndiques\"><strong>Canada<\/strong> : Les syndiqu\u00e9s d\u2019Airbus \u00e0 Mirabel rejettent \u00e0 99,9&nbsp;% une deuxi\u00e8me offre patronale<\/a> (Radio Canada)<\/p>\n\n\n\n<p><strong>Analyse<\/strong><\/p>\n\n\n\n<p><strong><a href=\"https:\/\/www.blast-info.fr\/articles\/2024\/larzac-en-1971-agriculteurs-et-ecologistes-entrent-en-resistance-contre-letat-et-gagnent-obnmzb5lTjymo4tG5qCSaw\">Larzac : en 1971, agriculteurs et \u00e9cologistes entrent en r\u00e9sistance contre l\u2019\u00c9tat (et gagnent)<\/a> (Blast)<\/strong><\/p>\n\n\n\n<p class=\"has-text-color has-link-color wp-elements-0c165a520669824fcab245df2a32c635\" style=\"color:#f80707\"><strong>6 avril<\/strong><\/p>\n\n\n\n<p><a href=\"https:\/\/www.youtube.com\/watch?v=t7gk5SGKQYE&amp;ab_channel=BLAST%2CLesouffledel%27info\">Comment E. Macron va (encore) voler les pauvres pour donner aux ultra riches<\/a> (Blast)&nbsp;<\/p>\n\n\n\n<p><strong><a href=\"https:\/\/inegalites.fr\/echelle-des-revenus\">L\u2019\u00e9chelle des revenus de l\u2019Observatoire des in\u00e9galit\u00e9s<\/a> (Observatoire des in\u00e9galit\u00e9s)<\/strong><\/p>\n\n\n\n<p><a href=\"https:\/\/www.revolutionpermanente.fr\/De-l-eau-pas-des-puces-a-Grenoble-la-lutte-ecologique-s-attaque-aux-industries-de-la-micro\">\u00ab&nbsp;De l\u2019eau pas des puces&nbsp;\u00bb&nbsp;: \u00e0 Grenoble, la lutte \u00e9cologique s\u2019attaque aux industries de la micro-\u00e9lectronique<\/a> (RP)<\/p>\n\n\n\n<p><strong>Gr\u00e8ves<\/strong><\/p>\n\n\n\n<p><strong><a href=\"https:\/\/www.revolutionpermanente.fr\/Travail-social-apres-la-greve-du-4-avril-quel-plan-pour-la-suite\">Travail social&nbsp;: apr\u00e8s la gr\u00e8ve du 4 avril, quel plan pour la suite&nbsp;?<\/a> (RP)<\/strong><\/p>\n\n\n\n<p><a href=\"https:\/\/www.ouest-france.fr\/economie\/greve\/greve-des-conducteurs-de-bus-a-lisieux-et-alentours-aucune-ligne-en-circulation-ce-samedi-f36b99b6-f358-11ee-a613-9d0ce5b209d6\">Gr\u00e8ve des conducteurs de bus \u00e0 Lisieux et alentours&nbsp;: la circulation pourrait reprendre<\/a> (Ouest-France)<\/p>\n\n\n\n<p><a href=\"https:\/\/france3-regions.francetvinfo.fr\/auvergne-rhone-alpes\/isere\/grenoble\/c-est-une-grande-victoire-apres-six-semaines-de-greve-les-femmes-de-menage-d-elior-derichebourg-reprennent-le-travail-a-grenoble-2950748.html\">Apr\u00e8s six semaines de gr\u00e8ve, les femmes de m\u00e9nage d&rsquo;Elior-Derichebourg reprennent le travail \u00e0 Grenoble<\/a> (franceinfo)<\/p>\n\n\n\n<p><a href=\"https:\/\/www.ouest-france.fr\/pays-de-la-loire\/saint-nazaire-44600\/saint-nazaire-des-agents-de-la-collecte-des-dechets-en-greve-7ba42b2c-f35e-11ee-9bee-6b4d91ded6b2\">Des agents de la collecte des d\u00e9chets en gr\u00e8ve \u00e0&nbsp;Saint-Nazaire<\/a> (Ouest-France)<\/p>\n\n\n\n<p><a href=\"https:\/\/www.dna.fr\/education\/2024\/04\/06\/greve-et-manifestation-au-college-pierre-claude-lundi-8-avril\">Gr\u00e8ve et manifestation au coll\u00e8ge Pierre-Claude lundi 8&nbsp;avril<\/a> (DNA)<\/p>\n\n\n\n<p><a href=\"https:\/\/france3-regions.francetvinfo.fr\/hauts-de-france\/nord-0\/tarifs-hospitaliers-les-hopitaux-et-cliniques-prives-appeles-a-une-greve-totale-le-3-juin-2950847.html\">Tarifs hospitaliers : les h\u00f4pitaux et cliniques priv\u00e9s appel\u00e9s \u00e0 une \u00ab\u00a0gr\u00e8ve totale\u00a0\u00bb le 3 juin<\/a> (franceinfo)<\/p>\n\n\n\n<p><a href=\"https:\/\/www.letelegramme.fr\/finistere\/morlaix-29600\/hopital-de-morlaix-un-syndicat-appelle-a-faire-greve-pendant-la-visite-de-certification-6558457.php\">H\u00f4pital de Morlaix&nbsp;: un syndicat appelle \u00e0 faire gr\u00e8ve pendant la visite de certification<\/a> (Le T\u00e9l\u00e9gramme)<\/p>\n\n\n\n<p><a href=\"https:\/\/www.republicain-lorrain.fr\/culture-loisirs\/2024\/04\/05\/la-greve-continue-chez-asimex-une-manifestation-prevue-lundi-matin\">Fermeture d\u2019Asimex&nbsp;: 32 licenciements \u00e9conomiques prononc\u00e9s<\/a> (RL)<\/p>\n\n\n\n<p><a href=\"https:\/\/www.paris-normandie.fr\/id510288\/article\/2024-04-05\/fin-de-la-greve-chez-normandy-coating-pres-de-dieppe-apres-un-accord-sur-les\">Fin de la gr\u00e8ve chez Normandy Coating, pr\u00e8s de Dieppe, apr\u00e8s un accord sur les primes<\/a> (Paris-Normandie)<\/p>\n\n\n\n<p><a href=\"https:\/\/actu.fr\/occitanie\/vendine_31571\/video-autoroute-a69-parents-et-enfants-de-plusieurs-ecoles-mobilises-contre-les-usines-a-bitume_60910843.html\">VID\u00c9O. Autoroute A69 : parents et enfants de plusieurs \u00e9coles mobilis\u00e9s contre les usines \u00e0 bitume<\/a> (Voix du Midi)<\/p>\n\n\n\n<p><a href=\"https:\/\/quimper.maville.com\/actu\/actudet_-hopital-de-morlaix-le-syndicat-sud-sante-denonce-une-mascarade-et-depose-un-preavis-de-greve-_fil-6232823_actu.Htm\">H\u00f4pital de Morlaix&nbsp;: le syndicat Sud sant\u00e9 d\u00e9nonce une \u00ab&nbsp;mascarade&nbsp;\u00bb et d\u00e9pose un pr\u00e9avis de gr\u00e8ve<\/a>&nbsp;(Ouest-France)<\/p>\n\n\n\n<p><a href=\"https:\/\/marsactu.fr\/bref\/la-cgt-de-la-metropole-depose-un-preavis-de-greve-pour-les-eboueurs-et-les-cantonniers\/\">La CGT de la m\u00e9tropole d\u00e9pose un pr\u00e9avis de gr\u00e8ve pour les \u00e9boueurs et les cantonniers<\/a> (Marsactu)<\/p>\n\n\n\n<p><a href=\"https:\/\/www.lindependant.fr\/2024\/04\/05\/narbonne-orano-cgt-face-a-face-devant-la-justice-11872135.php\">Narbonne&nbsp;: Orano et CGT face \u00e0 face devant la justice, quand les contrats de 70 salari\u00e9s sont suspendus<\/a> (L\u2019Ind\u00e9pendant)<\/p>\n\n\n\n<p><a href=\"https:\/\/labaule.maville.com\/sport\/detail_-souffrance-au-travail-a-la-caf-de-loire-atlantique-premiere-victoire-des-salaries-_fil-6233577_actu.Htm\">Souffrance au travail \u00e0 la Caf de Loire-Atlantique&nbsp;: premi\u00e8re victoire des salari\u00e9s<\/a>&nbsp; (Ouest-France)<\/p>\n\n\n\n<p><strong>Monde<\/strong><\/p>\n\n\n\n<p><a href=\"https:\/\/www.journalexpress.ca\/2024\/04\/05\/greve-autobus-voltigeurs-on-na-pas-le-choix-daller-jusquau-bout\/\"><strong>Canada<\/strong> : Gr\u00e8ve Autobus Voltigeurs : \u00abOn n\u2019a pas le choix d\u2019aller jusqu\u2019au bout\u00bb<\/a> (L\u2019Express)<\/p>\n\n\n\n<p><a href=\"https:\/\/www.dhnet.be\/dernieres-depeches\/2024\/04\/05\/greve-dans-les-prisons-le-mouvement-se-fera-par-provinces-a-partir-de-lundi-cote-flamand-CLQUTJFWWJEXFOU4Z4OG4L7KEY\/\"><strong>Belgique<\/strong> : Gr\u00e8ve dans les prisons &#8211; Le mouvement se fera par provinces \u00e0 partir de lundi c\u00f4t\u00e9 flamand<\/a> (DH)<\/p>\n\n\n\n<p><a href=\"https:\/\/datanews.levif.be\/actualite\/deja-quatre-semaines-consecutives-de-greve-chez-le-fondeur-de-puces-nxp-aux-pays-bas\/\">D\u00e9j\u00e0 quatre semaines cons\u00e9cutives de gr\u00e8ve chez le fondeur de puces NXP aux <strong>Pays-Bas<\/strong><\/a> (Datanews)<\/p>\n\n\n\n<p><strong>Analyse<\/strong><\/p>\n\n\n\n<p><strong><a href=\"https:\/\/www.monde-diplomatique.fr\/2024\/04\/POUTOU\/66761\">Mais que faut-il faire pour gagner&nbsp;?<\/a> (Le Monde Diplomatique)<\/strong><\/p>\n\n\n\n<p class=\"has-text-color has-link-color wp-elements-88411c40fc65c294d29ef4bc578cbe8c\" style=\"color:#f70202\"><strong>5 avril<\/strong><\/p>\n\n\n\n<p><a href=\"https:\/\/www.humanite.fr\/social-et-economie\/cgt\/pourquoi-le-responsable-de-la-cgt-93-a-ete-arrete-en-marge-de-linauguration-du-stade-nautique-de-saint-denis\">Pourquoi le responsable de la CGT 93 a \u00e9t\u00e9 arr\u00eat\u00e9 en marge de l\u2019inauguration du stade nautique de Saint-Denis<\/a> (l\u2019Humanit\u00e9)<\/p>\n\n\n\n<p><strong>Gr\u00e8ves<\/strong><\/p>\n\n\n\n<p><strong><a href=\"https:\/\/www.revolutionpermanente.fr\/RATP-Travail-egal-salaire-egal-les-nouveaux-embauches-mobilises-contre-leurs-salaires-au-rabais\">RATP. \u00ab&nbsp;Travail \u00e9gal, salaire \u00e9gal&nbsp;!&nbsp;\u00bb&nbsp;: les nouveaux embauch\u00e9s mobilis\u00e9s contre leurs salaires au rabais<\/a> (RP)<\/strong><\/p>\n\n\n\n<p><strong><a href=\"https:\/\/www.humanite.fr\/social-et-economie\/medico-social\/les-travailleurs-du-social-et-du-medico-social-en-greve-pour-de-meilleurs-salaires\">Les travailleurs du social et du m\u00e9dico-social en gr\u00e8ve pour de meilleurs salaires<\/a> (l\u2019Humanit\u00e9)<\/strong><\/p>\n\n\n\n<p><a href=\"https:\/\/www.ouest-france.fr\/normandie\/caen-14000\/en-greve-les-salaries-de-webhelp-reclament-une-revalorisation-des-salaires-a-caen-2191c028-f27c-11ee-b9d6-e26e1f1545b0\">En gr\u00e8ve, les salari\u00e9s de Webhelp r\u00e9clament une revalorisation des salaires \u00e0 Caen<\/a> (Ouest-France)<\/p>\n\n\n\n<p><a href=\"https:\/\/www.ouest-france.fr\/normandie\/calvados\/greve-des-conducteurs-keolis-a-lisieux-et-alentours-on-nest-pas-loin-de-signer-un-accord-9d47a516-f290-11ee-b9d6-e26e1f1545b0\">Gr\u00e8ve des conducteurs Keolis \u00e0 Lisieux et alentours&nbsp;: \u00ab&nbsp;On n\u2019est pas loin de signer un accord&nbsp;\u00bb<\/a> (Ouest-France)<\/p>\n\n\n\n<p><a href=\"https:\/\/www.lanouvellerepublique.fr\/niort\/niort-au-moulin-du-roc-une-greve-illimitee-sur-fond-de-crise-financiere\">Niort&nbsp;: au Moulin du Roc, une gr\u00e8ve illimit\u00e9e sur fond de crise financi\u00e8re<\/a> (La Nouvelle R\u00e9publique)<\/p>\n\n\n\n<p><a href=\"https:\/\/www.francebleu.fr\/infos\/economie-social\/le-port-nantes-saint-nazaire-paralyse-par-une-greve-des-dockers-depuis-une-semaine-4799159\">Le port Nantes Saint-Nazaire paralys\u00e9 par une gr\u00e8ve des dockers depuis une semaine<\/a> (ici)<\/p>\n\n\n\n<p><a href=\"https:\/\/actu.fr\/ile-de-france\/corbeil-essonnes_91174\/essonne-pourquoi-les-operateurs-des-pompiers-sont-en-greve_60906528.html\">Essonne : pourquoi les op\u00e9rateurs des pompiers sont en gr\u00e8ve&nbsp;?<\/a> (actu)<\/p>\n\n\n\n<p><a href=\"https:\/\/www.lindependant.fr\/2024\/04\/04\/200-manifestants-devant-le-tribunal-de-narbonne-avant-une-audience-sur-lentrave-a-lexercice-du-droit-de-greve-11870486.php\">200 manifestants devant le tribunal de Narbonne avant une audience sur l\u2019entrave \u00e0 l\u2019exercice du droit de gr\u00e8ve<\/a> (L\u2019Ind\u00e9pendant)<\/p>\n\n\n\n<p><a href=\"https:\/\/www.lejdc.fr\/bourges-18000\/actualites\/la-cimenterie-de-beffes-dans-le-cher-va-fermer-en-2025-94-salaries-concernes_14480566\/\">La cimenterie de Beffes dans le Cher va fermer en 2025, 94 salari\u00e9s concern\u00e9s<\/a> (Le Journal du Centre)<\/p>\n\n\n\n<p><a href=\"https:\/\/www.sudouest.fr\/charente-maritime\/rochefort\/charente-maritime-des-agents-du-departement-denoncent-un-management-maltraitant-et-harcelant-19207103.php\">Charente-Maritime&nbsp;: des agents du D\u00e9partement d\u00e9noncent un management \u00ab&nbsp;maltraitant&nbsp;\u00bb et \u00ab&nbsp;harcelant&nbsp;\u00bb<\/a> (Sud Ouest)<\/p>\n\n\n\n<p><strong>Monde<\/strong><\/p>\n\n\n\n<p><strong><a href=\"https:\/\/www.contretemps.eu\/italie-lutte-ouvriere-pain-roses-prunetti\/\">\u00ab&nbsp;En Italie, une lutte ouvri\u00e8re pour le droit au pain et aux roses&nbsp;\u00bb. Entretien avec Alberto Prunetti <\/a>(Contretemps)<\/strong><\/p>\n\n\n\n<p><a href=\"https:\/\/www.force-ouvriere.fr\/retraites-les-suisses-decident-d-un-13e-mois-et-refusent-le\">Retraites&nbsp;: Les <strong>Suisses<\/strong> d\u00e9cident d\u2019un 13<sup>e<\/sup>&nbsp;mois et refusent le report de l\u2019\u00e2ge l\u00e9gal de d\u00e9part.<\/a> (FO)<\/p>\n\n\n\n<p><a href=\"https:\/\/www.zonebourse.com\/cours\/action\/BOLIDEN-AB-58808448\/actualite\/Les-syndicats-finlandais-suspendent-la-greve-et-demandent-au-gouvernement-d-agir-46361250\/\">Les syndicats <strong>finlandais<\/strong> suspendent la gr\u00e8ve et demandent au gouvernement d&rsquo;agir<\/a> (Zonebourse)<\/p>\n\n\n\n<p><a href=\"https:\/\/www.ilmattino.it\/fr\/greve_des_travailleurs_des_ports_de_naples_salerne_et_castellammare_di_stabia-8035310.html?refresh_ce\"><strong>Italie<\/strong> : Gr\u00e8ve des travailleurs des ports de Naples, Salerne et Castellammare di Stabia.<\/a> (Il Mattino)<\/p>\n\n\n\n<p><a href=\"https:\/\/www.lessentiel.lu\/fr\/story\/au-kenya-les-medecins-en-greve-rejettent-une-proposition-du-gouvernement-103077915\"><strong>Kenya<\/strong> : Les m\u00e9decins en gr\u00e8ve rejettent une proposition du gouvernement<\/a> (L\u2019essentiel)<\/p>\n\n\n\n<p><a href=\"https:\/\/www.msn.com\/fr-be\/actualite\/other\/un-sous-traitant-d-audi-brussels-met-fin-aux-contrats-des-int%C3%A9rimaires\/ar-BB1l4Hf1\"><strong>Belgique<\/strong> : Un sous-traitant d\u2019Audi Brussels met fin aux contrats des int\u00e9rimaires<\/a> (Le Soir)<\/p>\n\n\n\n<p><strong>Analyse<\/strong><\/p>\n\n\n\n<p><strong><a href=\"https:\/\/www.frustrationmagazine.fr\/precarite-etudiants-selection-sociale\/\">La r\u00e9alit\u00e9 de la pr\u00e9carit\u00e9 \u00e9tudiante : un m\u00e9canisme de s\u00e9lection sociale et de fl\u00c9xibilisation du travail<\/a> (Frustration)<\/strong><\/p>\n\n\n\n<p><strong><a href=\"https:\/\/www.revolutionpermanente.fr\/Loi-anti-greve-dans-les-transports-une-offensive-historique-se-prepare-au-Senat\">Loi anti-gr\u00e8ve dans les transports&nbsp;: une offensive historique se pr\u00e9pare au S\u00e9nat<\/a> (RP)<\/strong><\/p>\n\n\n\n<p><strong><a href=\"https:\/\/rapportsdeforce.fr\/classes-en-lutte\/chomage-la-reduction-des-droits-incite-t-elle-a-la-reprise-demploi-040420870\">Ch\u00f4mage&nbsp;: la r\u00e9duction des droits incite-t-elle \u00e0 la reprise d\u2019emploi&nbsp;?<\/a> (Rapports de force)<\/strong><\/p>\n\n\n\n<p class=\"has-text-color has-link-color wp-elements-325bc5edca87ec9596a27f523abbcd12\" style=\"color:#f40606\"><strong>4 avril<\/strong><\/p>\n\n\n\n<p><a href=\"https:\/\/www.revolutionpermanente.fr\/Contre-la-repression-syndicale-et-le-licenciement-de-Christian-Porta-tous-au-port-de-Metz-le-5\">R\u00e9pression syndicale&nbsp;: contre le licenciement de Christian Porta, tous au port de Metz ce vendredi&nbsp;!<\/a> (RP)<\/p>\n\n\n\n<p><a href=\"https:\/\/www.humanite.fr\/social-et-economie\/ecologie\/pfas-avant-le-vote-a-lassemblee-le-groupe-seb-proprietaire-de-tefal-envoie-ses-salaries-au-front\">PFAS : avant le vote \u00e0 l&rsquo;Assembl\u00e9e, le groupe Seb, propri\u00e9taire de Tefal, envoie ses salari\u00e9s au front<\/a> (l\u2019Humanit\u00e9)<\/p>\n\n\n\n<p><strong><a href=\"https:\/\/basta.media\/emplois-vacants-chomeurs-passifs-les-faux-arguments-de-gabriel-attal-pour\">Emplois vacants, ch\u00f4meurs passifs&nbsp;: les faux arguments de Gabriel Attal pour r\u00e9duire les droits<\/a> (Basta!)<\/strong><\/p>\n\n\n\n<p><a href=\"https:\/\/www.bondyblog.fr\/societe\/pavillons-sous-bois-parents-et-enseignants-jouent-des-coudes-a-la-dsden-93\/\">Pavillons-sous-Bois : parents et enseignants jouent des coudes \u00e0 la DSDEN 93<\/a> (Le Bondy Blog)<\/p>\n\n\n\n<p><strong><a href=\"https:\/\/www.letelegramme.fr\/france\/droit-de-greve-dans-les-transports-des-mesures-dencadrement-adoptees-par-le-senat-6557068.php\">Droit de gr\u00e8ve dans les transports&nbsp;: des mesures d\u2019encadrement adopt\u00e9es par le S\u00e9nat<\/a> (Le T\u00e9l\u00e9gramme)<\/strong><\/p>\n\n\n\n<p><strong>Gr\u00e8ves<\/strong><\/p>\n\n\n\n<p><a href=\"https:\/\/lepoing.net\/suppressions-de-postes-harcelement-burn-out-et-risques-psycho-sociaux-ca-craque-a-dell-montpellier\/\">Suppressions de postes, harc\u00e8lement, burn-out et risques psycho-sociaux&nbsp;: \u00e7a craque \u00e0 Dell Montpellier<\/a> (Le Poing)<\/p>\n\n\n\n<p><a href=\"https:\/\/actu.fr\/auvergne-rhone-alpes\/lyon_69123\/tcl-a-lyon-une-greve-va-perturber-les-transports-vendredi-a-quoi-s-attendre_60904511.html\">TCL \u00e0 Lyon : une gr\u00e8ve va perturber les transports vendredi, \u00e0 quoi s&rsquo;attendre<\/a> (actu)<\/p>\n\n\n\n<p><a href=\"https:\/\/www.msn.com\/fr-fr\/actualite\/other\/gr%C3%A8ve-des-dockers-le-port-nantes-saint-nazaire-%C3%A0-l-arr%C3%AAt-complet\/ar-BB1l1d6Z\">Gr\u00e8ve des dockers : le port Nantes Saint-Nazaire \u00e0 l\u2019arr\u00eat complet<\/a> (Ouest-France)<\/p>\n\n\n\n<p><a href=\"https:\/\/www.marxiste.org\/actualite-francaise\/luttes-mouvement-syndical\/3396-marseille-greve-a-la-blanchisserie-pamar\">Marseille : gr\u00e8ve \u00e0 la blanchisserie Pamar<\/a> (R\u00e9volution)<\/p>\n\n\n\n<p><a href=\"https:\/\/www.francebleu.fr\/infos\/insolite\/autoroute-castres-toulouse-une-greve-des-eleves-contre-l-a69-et-ses-usines-d-enrobes-7049623\">Autoroute Castres-Toulouse&nbsp;: une gr\u00e8ve des \u00e9l\u00e8ves contre l\u2019A69 et ses usines d\u2019enrob\u00e9s<\/a> (ici)<\/p>\n\n\n\n<p><a href=\"https:\/\/www.ouest-france.fr\/economie\/transports\/greve-des-conducteurs-de-bus-a-lisieux-le-mouvement-reconduit-ce-jeudi-4-avril-le-reseau-perturbe-6cd4ef64-f1d3-11ee-abb8-aebfd60d9f7a\">Gr\u00e8ve des conducteurs de bus \u00e0 Lisieux&nbsp;: le mouvement reconduit ce jeudi 4&nbsp;avril<\/a> (Ouest-France)<\/p>\n\n\n\n<p><a href=\"https:\/\/www.ladepeche.fr\/2024\/04\/03\/greve-dans-le-secteur-social-et-medico-social-nous-ne-travaillons-pas-avec-des-boites-de-conserve-11867260.php\">Gr\u00e8ve dans le secteur social et m\u00e9dico-social&nbsp;: \u00ab\u00a0Nous ne travaillons pas avec des bo\u00eetes de conserve\u00a0\u00bb<\/a> (La D\u00e9p\u00eache)<\/p>\n\n\n\n<p><a href=\"https:\/\/www.francetvinfo.fr\/sante\/hopital\/tarifs-hospitaliers-60-des-cliniques-risquent-de-fermer-alerte-la-federation-de-l-hospitalisation-privee-qui-appelle-a-une-greve-totale-le-3-juin_6466133.html\">Tarifs hospitaliers : \u00ab\u00a060% des cliniques risquent de fermer\u00a0\u00bb, alerte la f\u00e9d\u00e9ration de l\u2019hospitalisation priv\u00e9e qui appelle \u00e0 une \u00ab\u00a0gr\u00e8ve totale\u00a0\u00bb le 3 juin<\/a> (franceinfo)<\/p>\n\n\n\n<p><a href=\"https:\/\/www.lemonde.fr\/societe\/article\/2024\/04\/03\/ecole-camondo-en-greve-depuis-sept-semaines-des-enseignants-reclament-une-revision-de-leur-statut_6225804_3224.html\">Ecole Camondo&nbsp;: en gr\u00e8ve depuis sept semaines, des enseignants r\u00e9clament une r\u00e9vision de leur stat<\/a>ut (Le Monde)<\/p>\n\n\n\n<p><a href=\"https:\/\/www.estrepublicain.fr\/economie\/2024\/04\/03\/suppressions-d-emplois-chez-forvia-l-appel-a-la-greve-de-la-cgt\">Suppressions d\u2019emplois chez Forvia&nbsp;: l\u2019appel \u00e0 la gr\u00e8ve de la CGT<\/a> (L\u2019Est R\u00e9publicain)<\/p>\n\n\n\n<p><a href=\"https:\/\/www.lavoixdunord.fr\/videos\/economie\/haulchin-des-salaries-detexeternit-en-greve-pour-protester-contre-le-plan-social?param01=x3sspxu&amp;param02=01499695&amp;param03=34\">Haulchin : des salari\u00e9s d\u2019Etex-Eternit en gr\u00e8ve pour protester contre le plan social<\/a> (La Voix du Nord)<\/p>\n\n\n\n<p><a href=\"https:\/\/france3-regions.francetvinfo.fr\/normandie\/calvados\/lisieux\/pourquoi-les-conducteurs-de-bus-keolis-sont-en-greve-illimite-a-lisieux-2949572.html\">Pourquoi les conducteurs de bus K\u00e9olis sont en gr\u00e8ve illimit\u00e9e \u00e0 Lisieux<\/a> (franceinfo)<\/p>\n\n\n\n<p><strong>Monde<\/strong><\/p>\n\n\n\n<p><a href=\"https:\/\/www.force-ouvriere.fr\/cote-d-ivoire-un-nouvel-acteur-syndical-pret-a-se-mobiliser\"><strong>C\u00f4te&nbsp;d\u2019Ivoire<\/strong>&nbsp;: un nouvel acteur syndical pr\u00eat \u00e0 se mobiliser<\/a> (FO)<\/p>\n\n\n\n<p><a href=\"https:\/\/www.wsws.org\/fr\/articles\/2024\/04\/04\/xzyt-a04.html\">La col\u00e8re gronde chez les travailleurs de Postes <strong>Canada<\/strong><\/a> (WSWS)<\/p>\n\n\n\n<p><a href=\"https:\/\/www.equaltimes.org\/en-azerbaidjan-une-interminable\">En <strong>Azerba\u00efdjan<\/strong>, une interminable r\u00e9pression s\u2019abat sur l\u2019opposition et les m\u00e9dias ind\u00e9pendants<\/a> (Equal Times)<\/p>\n\n\n\n<p><a href=\"https:\/\/fr.al-ain.com\/article\/video-argentine-la-fonction-publique-en-gr-ve-pour-protester-contre-les-licenciements-massifs-du-gouvernement-milei\">Vid\u00e9o &#8211; <strong>Argentine<\/strong>: la fonction publique en gr\u00e8ve pour protester contre les licenciements massifs <\/a>(Alain)<\/p>\n\n\n\n<p><strong>Analyse<\/strong><\/p>\n\n\n\n<p><a href=\"https:\/\/inegalites.fr\/testing-discrimination-embauche-handicap\">Des discriminations \u00e0 l\u2019embauche envers les malentendants, r\u00e9l\u00e9v\u00e9es par un testing<\/a> (Observatoire des in\u00e9galit\u00e9s)<\/p>\n\n\n\n<p><strong><a href=\"https:\/\/lanticapitaliste.org\/actualite\/politique\/attalle-maire-le-grand-retour-de-lausterite-pour-les-travailleures\">Attal\/Le Maire le grand retour de l\u2019aust\u00e9rit\u00e9\u2026 pour les travailleurEs<\/a> (l\u2019Anticapitaliste)<\/strong><\/p>\n\n\n\n<p><strong><a href=\"https:\/\/rapportsdeforce.fr\/classes-en-lutte\/au-proces-du-secretaire-general-de-la-cgt-du-nord-pour-apologie-du-terrorisme-040320828\">Au proc\u00e8s du secr\u00e9taire g\u00e9n\u00e9ral de la CGT du Nord pour \u00ab apologie du terrorisme \u00bb<\/a> (Rapports de force)<\/strong><\/p>\n\n\n\n<p class=\"has-text-color has-link-color wp-elements-0e7eb6716309795b4e27ae9ba4f6f130\" style=\"color:#f70202\"><strong>3 avril<\/strong><\/p>\n\n\n\n<p><a href=\"https:\/\/www.revue-ballast.fr\/contre-la69-occuper-le-terrain-habiter-les-arbres-portfolio\/\">Contre l\u2019A69, occuper le terrain, habiter les arbres [portfolio]<\/a> (Ballast)<\/p>\n\n\n\n<p><a href=\"https:\/\/paris-luttes.info\/jo-crous-et-expulsions-audiences-18062\">JO, Crous et expulsions&nbsp;: manifestations et audiences au tribunal les prochaines semaines<\/a> (Paris-Luttes info)<\/p>\n\n\n\n<p><strong><a href=\"https:\/\/www.revolutionpermanente.fr\/Une-dizaine-de-syndicats-appellent-a-une-rencontre-contre-la-repression-syndicale\">R\u00e9pression syndicale&nbsp;: des sections CGT, Solidaires et FO appellent \u00e0 une rencontre nationale<\/a> (RP)<\/strong><\/p>\n\n\n\n<p><strong><a href=\"https:\/\/www.humanite.fr\/social-et-economie\/assurance-chomage-2\/assurance-chomage-des-militants-cgt-occupent-une-agence-france-travail\">Assurance-ch\u00f4mage : des militants CGT occupent une agence France Travail &#8211; vid\u00e9o<\/a> (l\u2019Humanit\u00e9)<\/strong><\/p>\n\n\n\n<p><strong>Gr\u00e8ves<\/strong><\/p>\n\n\n\n<p><strong><a href=\"https:\/\/www.bondyblog.fr\/societe\/education-en-seine-saint-denis-12-maires-attaquent-letat\/\">\u00c9ducation en Seine-Saint-Denis : 12 maires attaquent l\u2019\u00c9tat<\/a> (Le Bondy Blog)<\/strong><\/p>\n\n\n\n<p><strong><a href=\"https:\/\/rapportsdeforce.fr\/classes-en-lutte\/choc-des-savoirs-une-greve-qui-faiblit-mais-des-territoires-toujours-tres-mobilises-040220856\">\u00ab Choc des savoirs \u00bb :&nbsp; une gr\u00e8ve qui faiblit mais des territoires toujours tr\u00e8s mobilis\u00e9s<\/a> (Rapports de force)<\/strong><\/p>\n\n\n\n<p><a href=\"https:\/\/www.francetvinfo.fr\/economie\/greve\/greve-a-la-poste-on-demande-aux-guichetiers-de-travailler-toujours-plus-sur-des-perimetres-toujours-plus-grands-denonce-la-cgt-fapt_6462575.html\">Gr\u00e8ve \u00e0 La Poste : \u00ab\u00a0On demande aux guichetiers de travailler toujours plus, sur des p\u00e9rim\u00e8tres toujours plus grands\u00a0\u00bb, d\u00e9nonce la CGT FAPT<\/a> (franceinfo)<\/p>\n\n\n\n<p><a href=\"https:\/\/www.ouest-france.fr\/pays-de-la-loire\/le-mans-72000\/greve-a-la-poste-on-va-droit-dans-le-mur-0d424684-eed9-11ee-aeb0-1ed1900e85aa\">Gr\u00e8ve \u00e0 La Poste&nbsp;: \u00ab&nbsp;On va droit dans le mur&nbsp;\u00bb<\/a> (Ouest-France)<\/p>\n\n\n\n<p><a href=\"https:\/\/lanticapitaliste.org\/actualite\/entreprises\/amiens-avec-metex-le-retour-de-whirlpool\">Amiens : Avec METEX, le retour de Whirlpool&nbsp;?<\/a> (l\u2019Anticapitaliste)<\/p>\n\n\n\n<p><a href=\"https:\/\/lepoing.net\/debut-dune-greve-illimitee-pour-les-comptables-de-la-maison-departementale-de-lautonomie-de-lherault\/\">D\u00e9but d\u2019une gr\u00e8ve illimit\u00e9e pour les comptables de la Maison D\u00e9partementale de l\u2019Autonomie de l\u2019H\u00e9rault.<\/a> (Le Poing)<\/p>\n\n\n\n<p><a href=\"https:\/\/www.force-ouvriere.fr\/metallurgie-fo-a-l-offensive-face-aux-suppressions-d-emplois-18694\">M\u00e9tallurgie&nbsp;: FO \u00e0 l\u2019offensive face aux suppressions d\u2019emplois<\/a> (FO)<\/p>\n\n\n\n<p><a href=\"https:\/\/www.courrier-picard.fr\/id509381\/article\/2024-04-02\/trosly-breuil-les-salaries-de-bonna-sabla-en-greve-filtrent-lacces-au-site\">\u00c0 Trosly-Breuil, les salari\u00e9s de Bonna Sabla en gr\u00e8ve filtrent l\u2019acc\u00e8s au site<\/a> (Le Courrier Picard)<\/p>\n\n\n\n<p><a href=\"https:\/\/www.republicain-lorrain.fr\/social\/2024\/04\/02\/fermeture-annoncee-d-asimex-les-salaries-lancent-une-greve-illimitee\">Fermeture annonc\u00e9e d\u2019Asimex&nbsp;: la col\u00e8re des salari\u00e9s<\/a> (R\u00e9publicain Lorrain)<\/p>\n\n\n\n<p><strong>Analyse<\/strong><\/p>\n\n\n\n<p><strong><a href=\"https:\/\/spectremedia.org\/podcast\/feminisme-et-contestation-sociale\/?playing=1663\">Du mouvement social&nbsp;! (S\u00e9ries de podcasts par Attac)<\/a> (Spectre)<\/strong><\/p>\n\n\n\n<p class=\"has-text-color has-link-color wp-elements-51110284adce3b96f9dcce2f143a0de1\" style=\"color:#f80202\"><strong>2 avril<\/strong><\/p>\n\n\n\n<p><strong>Gr\u00e8ves<\/strong><\/p>\n\n\n\n<p><strong><a href=\"https:\/\/www.humanite.fr\/societe\/choc-des-savoirs\/education-avec-la-greve-du-2-avril-les-professeurs-ne-desarment-pas-face-au-choc-des-savoirs\">Avec la gr\u00e8ve du 2 avril, les professeurs ne d\u00e9sarment pas face au \u00ab&nbsp;choc des savoirs&nbsp;\u00bb<\/a> (l\u2019Humanit\u00e9)<\/strong><\/p>\n\n\n\n<p><strong><a href=\"https:\/\/www.force-ouvriere.fr\/transports-et-logistique-greve-le-2-avril-contre-la\">Transports et logistique&nbsp;: gr\u00e8ve le 2&nbsp;avril contre la smicardisation du secteur<\/a> (FO)<\/strong><\/p>\n\n\n\n<p><a href=\"https:\/\/france3-regions.francetvinfo.fr\/grand-est\/alsace\/greve-dans-les-musees-de-strasbourg-la-mobilisation-a-ete-tres-suivie-2948570.html\">Gr\u00e8ve dans les mus\u00e9es de Strasbourg : la mobilisation a \u00e9t\u00e9 tr\u00e8s suivie<\/a> (franceinfo)<\/p>\n\n\n\n<p><a href=\"https:\/\/www.activradio.com\/greve-a-la-stas-quelles-perturbations-ce-mardi\">Gr\u00e8ve \u00e0 la STAS : quelles perturbations ce mardi ?<\/a> (activ)<\/p>\n\n\n\n<p><a href=\"https:\/\/www.clicanoo.re\/article\/societe\/2024\/04\/02\/saint-leu-les-enseignants-du-college-marcel-goulette-en-greve-ce-jeudi\">Saint-Leu : les enseignants du Coll\u00e8ge Marcel Goulette en gr\u00e8ve ce jeudi<\/a> (Clicanoo)<\/p>\n\n\n\n<p><a href=\"https:\/\/www.francetvinfo.fr\/societe\/prisons\/surpopulation-carcerale-une-partie-des-personnels-penitentiaires-d-occitanie-en-greve_6462104.html\">Surpopulation carc\u00e9rale : une partie des personnels p\u00e9nitentiaires d&rsquo;Occitanie en gr\u00e8ve<\/a> (franceinfo)<\/p>\n\n\n\n<p><a href=\"https:\/\/www.leberry.fr\/vierzon-18100\/actualites\/nouveau-mouvement-de-greve-chez-les-chauffeurs-de-bus-de-vierzon-le-5-avril_14477383\/\">Nouveau mouvement de gr\u00e8ve chez les chauffeurs de bus de Vierzon le 5 avril<\/a> (Le Berry)<\/p>\n\n\n\n<p><a href=\"https:\/\/www.lardennais.fr\/id585522\/article\/2024-04-02\/les-agents-denedis-en-greve-charleville-mezieres-pour-le-pouvoir-dachat\">Les agents d\u2019Enedis en gr\u00e8ve \u00e0 Charleville-M\u00e9zi\u00e8res pour le pouvoir d\u2019achat <\/a>(L\u2019Ardennais)<\/p>\n\n\n\n<p><a href=\"https:\/\/www.francebleu.fr\/infos\/sante-sciences\/appel-a-la-greve-a-l-hopital-de-montelimar-contre-des-mesures-d-economies-3910567\">Appel \u00e0 la gr\u00e8ve \u00e0 l&rsquo;h\u00f4pital de Mont\u00e9limar contre des mesures d&rsquo;\u00e9conomies<\/a> (ici)<\/p>\n\n\n\n<p><strong>Monde<\/strong><\/p>\n\n\n\n<p><strong><a href=\"https:\/\/www.blast-info.fr\/articles\/2024\/soudan-une-guerre-oubliee-et-une-population-au-bord-de-la-famine-KQAf416sT9mh0WADO325wg\">Soudan : une guerre oubli\u00e9e et une population au bord de la famine<\/a> (Blast)<\/strong><\/p>\n\n\n\n<p><strong><a href=\"https:\/\/www.wsws.org\/fr\/articles\/2024\/04\/01\/warr-a01.html\">Stellantis supprime 3.597&nbsp;emplois en Italie, aggravant ainsi la crise mondiale de l\u2019emploi<\/a> (WSWS)<\/strong><\/p>\n\n\n\n<p><a href=\"https:\/\/www.zonebourse.com\/cours\/action\/DEUTSCHE-BANK-AG-56358396\/actualite\/Verdi-appelle-a-nouveau-a-des-greves-d-avertissement-a-la-Postbank-filiale-de-la-Deutsche-Bank-46335786\/\"><strong>Allemagne<\/strong> : Verdi appelle \u00e0 nouveau \u00e0 des gr\u00e8ves d&rsquo;avertissement \u00e0 la Postbank<\/a> (Zonebourse)<\/p>\n\n\n\n<p><a href=\"https:\/\/malijet.com\/la_societe_malienne_aujourdhui\/289371-front-social--le-synabef-menace-d%E2%80%99observer-une-greve-illimitee-p.html\"><strong>Mali<\/strong> : Front social : Le SYNABEF menace d\u2019observer une gr\u00e8ve illimit\u00e9e<\/a> (Malijet)<\/p>\n\n\n\n<p><a href=\"https:\/\/hitek.fr\/actualite\/nouvelle-greve-iatse-menace-hollywood_47534\"><strong>Hollywood<\/strong> : 5 mois apr\u00e8s la gr\u00e8ve, l\u2019industrie risque d\u2019\u00eatre \u00e0 nouveau \u00e0 l\u2019arr\u00eat<\/a> (Hitek)<\/p>\n\n\n\n<p><strong>Analyse<\/strong><\/p>\n\n\n\n<p><a href=\"https:\/\/lundi.am\/Radical-l-hyperjeu-des-fees-anarchistes\">Radical : l\u2019hyperjeu des f\u00e9es anarchistes<\/a> (Lundi matin)<\/p>\n\n\n\n<p><strong><a href=\"https:\/\/lanticapitaliste.org\/actualite\/strategie\/pour-un-appel-un-nouvel-outil-syndical\">Pour un appel \u00e0 un nouvel outil syndical<\/a> (l\u2019Anticapitaliste)<\/strong><\/p>\n","protected":false},"excerpt":{"rendered":"<p>30 avril Contre la r\u00e9pression des soutiens de la Palestine\u00a0: tous \u00e0 porte de Clichy ce mardi\u00a0! (RP) Gr\u00e8ves Le 28 mai, les cheminots lancent la bataille du fret (l\u2019Humanit\u00e9) Clinique Kuindo-Magnin : une partie des m\u00e9decins monte au cr\u00e9neau contre le plan de sauvegarde (franceinfo) \u00ab\u00a0Choc des savoirs\u00a0\u00bb : pourquoi les enseignants se mettent &#8230; <a title=\"Avril &#8211; Social\" class=\"read-more\" href=\"https:\/\/www.rdpemancipation.org\/?p=127308\" aria-label=\"En savoir plus sur Avril &#8211; Social\">Lire la suite<\/a><\/p>\n","protected":false},"author":1,"featured_media":0,"comment_status":"closed","ping_status":"closed","sticky":false,"template":"","format":"standard","meta":{"_lmt_disableupdate":"","_lmt_disable":"","_jetpack_memberships_contains_paid_content":false,"footnotes":""},"categories":[8],"tags":[],"class_list":["post-127308","post","type-post","status-publish","format-standard","hentry","category-social"],"modified_by":"man","jetpack_featured_media_url":"","jetpack_sharing_enabled":true,"_links":{"self":[{"href":"https:\/\/www.rdpemancipation.org\/index.php?rest_route=\/wp\/v2\/posts\/127308","targetHints":{"allow":["GET"]}}],"collection":[{"href":"https:\/\/www.rdpemancipation.org\/index.php?rest_route=\/wp\/v2\/posts"}],"about":[{"href":"https:\/\/www.rdpemancipation.org\/index.php?rest_route=\/wp\/v2\/types\/post"}],"author":[{"embeddable":true,"href":"https:\/\/www.rdpemancipation.org\/index.php?rest_route=\/wp\/v2\/users\/1"}],"replies":[{"embeddable":true,"href":"https:\/\/www.rdpemancipation.org\/index.php?rest_route=%2Fwp%2Fv2%2Fcomments&post=127308"}],"version-history":[{"count":46,"href":"https:\/\/www.rdpemancipation.org\/index.php?rest_route=\/wp\/v2\/posts\/127308\/revisions"}],"predecessor-version":[{"id":128393,"href":"https:\/\/www.rdpemancipation.org\/index.php?rest_route=\/wp\/v2\/posts\/127308\/revisions\/128393"}],"wp:attachment":[{"href":"https:\/\/www.rdpemancipation.org\/index.php?rest_route=%2Fwp%2Fv2%2Fmedia&parent=127308"}],"wp:term":[{"taxonomy":"category","embeddable":true,"href":"https:\/\/www.rdpemancipation.org\/index.php?rest_route=%2Fwp%2Fv2%2Fcategories&post=127308"},{"taxonomy":"post_tag","embeddable":true,"href":"https:\/\/www.rdpemancipation.org\/index.php?rest_route=%2Fwp%2Fv2%2Ftags&post=127308"}],"curies":[{"name":"wp","href":"https:\/\/api.w.org\/{rel}","templated":true}]}}