{"id":127306,"date":"2024-04-01T01:25:00","date_gmt":"2024-03-31T23:25:00","guid":{"rendered":"https:\/\/www.rdpemancipation.org\/?p=127306"},"modified":"2024-04-30T19:00:51","modified_gmt":"2024-04-30T17:00:51","slug":"avril-politique-4","status":"publish","type":"post","link":"https:\/\/www.rdpemancipation.org\/?p=127306","title":{"rendered":"Avril &#8211; Politique"},"content":{"rendered":"\n<p><strong><mark style=\"background-color:rgba(0, 0, 0, 0);color:#ed1010\" class=\"has-inline-color\">30 avril<\/mark><\/strong><\/p>\n\n\n\n<p><strong>France<\/strong><\/p>\n\n\n\n<p><a href=\"https:\/\/www.politis.fr\/articles\/2024\/04\/soutien-a-la-palestine-gaza-sciences-po-une-semaine-cle-pour-les-organisations-de-jeunesse\/\" target=\"_blank\" rel=\"noreferrer noopener\">Soutien \u00e0 la Palestine : une semaine cl\u00e9 pour les organisations de jeunesse<\/a>&nbsp;(Politis)<\/p>\n\n\n\n<p><a><\/a><a href=\"https:\/\/infos.lemonde.fr\/optiext\/optiextension.dll?ID=MefMcyBjlQAAn8J7s_1tqsEtgjxab5FLLcJOCo4AdS3B2nqwo0J7M4nBcRdBPZv5QA7U3a6E28HAfpt45hGQy6bI7YMo92OTgb8LNoMK\" target=\"_blank\" rel=\"noreferrer noopener\">Occupation de Sciences&nbsp;Po&nbsp;: la direction d\u00e9fend la <em>voie \u00e9troite du compromis<\/em><\/a> (Le Monde)<\/p>\n\n\n\n<p><a href=\"https:\/\/infos.lemonde.fr\/optiext\/optiextension.dll?ID=MefMhJP5KgXyh48sXcp6oqKmUmK_5%2B8tKK_N3Gbh_6Fpbcbwp4wWJwDylJ6AXFv3Ns6mx6oix3w_1zafjwgyblyB%2B2P6EoXfClJFWIML\" target=\"_blank\" rel=\"noreferrer noopener\">Mathilde Panot et Rima Hassan entendues mardi par la police dans des enqu\u00eates ouvertes pour <em>apologie du terrorisme<\/em>&nbsp;<\/a> (Le Monde)<\/p>\n\n\n\n<p><a href=\"https:\/\/infos.lemonde.fr\/optiext\/optiextension.dll?ID=MefMbtteI0o5Wxj4WgOOmvE4TaD4Vhi0V_74IWXgFkZT9VdwoxtUdWPFGASorAm2XikkPo6gjPl_hfn7hSkFiZVftzT8MTXtglqWlYgP\" target=\"_blank\" rel=\"noreferrer noopener\"><strong>Mobilisation \u00e9tudiante propalestinienne&nbsp;: la Sorbonne \u00e9vacu\u00e9e, d\u2019autres actions annonc\u00e9es<\/strong><\/a><a> (Le Monde)<\/a><\/p>\n\n\n\n<p><a href=\"https:\/\/www.alternatives-economiques.fr\/emploi-chomage-gouvernement-survend-un-bilan-flatteur\/00110423\" target=\"_blank\" rel=\"noreferrer noopener\">Emploi, ch\u00f4mage : le gouvernement survend un bilan peu flatteur<\/a>&nbsp;(Alter \u00e9co)<\/p>\n\n\n\n<p><a href=\"https:\/\/infos.lemonde.fr\/optiext\/optiextension.dll?ID=1xw1vwZEtwT5xc8Q_EU2FZZLMtIEla3e%2BuwM3hKIx7pVjqhLCGuFh8bSCMxHkCFQ88ANiRcpS_NUoHzIXJCUMHa_BpbQYtiWSF2LPevB\" target=\"_blank\" rel=\"noreferrer noopener\">Europ\u00e9ennes&nbsp;: Bardella reste largement en t\u00eate, Glucksmann se rapproche du camp Macron<\/a> (Le Monde)<\/p>\n\n\n\n<p><a href=\"https:\/\/lundi.am\/Prefet-et-ministre-suppletifs-du-fascisme-contre-l-universite\" target=\"_blank\" rel=\"noreferrer noopener\"><strong>Rennes&nbsp;: pr\u00e9fet et ministre, suppl\u00e9tifs du fascisme&nbsp;contre l\u2019universit\u00e9<\/strong><\/a>(Lundimatin)<\/p>\n\n\n\n<p><a href=\"https:\/\/api.indigo-net.com\/email\/RedirectionEmailing?mail=n.chevillard@noos.fr&amp;ID=606308&amp;DOCIID=109703480&amp;ENAIID=880256&amp;RETOUR=SIMPLE&amp;link=https:\/\/www.lalettre.fr\/fr\/action-publique_partis-et-elections\/2024\/04\/29\/europeennes--jordan-bardella-finalise-le-casting-de-sa-liste,110220724-art?cxt=PUB&amp;utm_source=LLA&amp;utm_medium=email&amp;utm_campaign=AUTO_EDIT_SOM_PROS\" target=\"_blank\" rel=\"noreferrer noopener\">Europ\u00e9ennes : Jordan Bardella finalise le casting de sa liste<\/a> (La Lettre)<\/p>\n\n\n\n<p><a href=\"https:\/\/api.indigo-net.com\/email\/RedirectionEmailing?mail=n.chevillard@noos.fr&amp;ID=606305&amp;DOCIID=109703480&amp;ENAIID=880253&amp;RETOUR=SIMPLE&amp;link=https:\/\/www.intelligenceonline.fr\/renseignement-d-etat\/2024\/04\/29\/le-renseignement-militaire-russe-recrute-sous-faux-drapeau-des-agents-dormants-en-france,110220155-art?cxt=PUB&amp;utm_source=LMR&amp;utm_medium=email&amp;utm_campaign=AUTO_EDIT_SOM_PROS\" target=\"_blank\" rel=\"noreferrer noopener\">Le renseignement militaire russe recrute sous faux drapeau des agents dormants en France<\/a> (Intelligence Online)<\/p>\n\n\n\n<p><strong>Monde<\/strong><\/p>\n\n\n\n<p><a href=\"https:\/\/lundi.am\/Ukraine-rencontre-avec-le-collectif-Eco-Platforma\" target=\"_blank\" rel=\"noreferrer noopener\"><strong>Ukraine<\/strong>&nbsp;: rencontre avec le collectif Eco-Platforma<\/a> (Lundimatin)<\/p>\n\n\n\n<p><a href=\"https:\/\/www.middleeasteye.net\/fr\/actu-et-enquetes\/exclusif-israel-prevoit-un-reseau-de-check-points-pour-empecher-les-hommes-de-fuir\"><strong>Gaza <\/strong>: Isra\u00ebl pr\u00e9voit un r\u00e9seau de check-points pour emp\u00eacher les hommes de fuir Rafah<\/a> (MEE)<\/p>\n\n\n\n<p><a href=\"https:\/\/www.middleeasteye.net\/fr\/reportages\/la-cisjordanie-en-proie-aux-attaques-meurtrieres-de-colons-escortes-par-larmee\">La <strong>Cisjordanie<\/strong> en proie aux attaques meurtri\u00e8res de colons escort\u00e9s par l\u2019arm\u00e9e isra\u00e9lienne<\/a> (MEE)<\/p>\n\n\n\n<p><strong><a href=\"https:\/\/www.middleeasteye.net\/fr\/actu-et-enquetes\/les-etats-unis-sefforcent-dempecher-un-mandat-darret-de-la-cpi-contre-netanyahou\">Les \u00c9tats-Unis s\u2019efforcent d\u2019emp\u00eacher un mandat d\u2019arr\u00eat de la CPI contre Netanyahou<\/a> <\/strong>(MEE)<\/p>\n\n\n\n<p><a href=\"https:\/\/alencontre.org\/moyenorient\/palestine\/israel-palestine-un-palestinien-libere-dune-prison-israelienne-decrit-les-coups-les-abus-sexuels-et-la-torture-quil-a-subis.html\">Un <strong>Palestinien<\/strong> lib\u00e9r\u00e9 d\u2019une prison isra\u00e9lienne d\u00e9crit les coups, les abus sexuels et la torture qu\u2019il a subis<\/a> (A l\u2019Encontre)<\/p>\n\n\n\n<p><a href=\"https:\/\/www.contretemps.eu\/milei-offensive-femmes-lgbtqi\/\"><strong>Argentine<\/strong>&nbsp;: le programme de Milei est une offensive contre les femmes et les personnes LGBTQI+<\/a> (Contretemps)<\/p>\n\n\n\n<p><strong>Analyse<\/strong><\/p>\n\n\n\n<p><a href=\"https:\/\/lundi.am\/bellum-internecinum\" target=\"_blank\" rel=\"noreferrer noopener\">bellum internecinum<\/a>. Colonialisme et terreur. Alain Brossat (Lundimatin)<\/p>\n\n\n\n<p><a href=\"https:\/\/lundi.am\/L-Enfer-liberal\" target=\"_blank\" rel=\"noreferrer noopener\"><strong>L\u2019Enfer lib\u00e9ral<\/strong><\/a> (Lundimatin)<\/p>\n\n\n\n<p><strong><a href=\"https:\/\/www.middleeasteye.net\/fr\/actu-et-enquetes\/cinq-femmes-qui-ont-marque-lhistoire-de-la-palestine\">Cinq femmes qui ont marqu\u00e9 l\u2019histoire de la Palestine<\/a> <\/strong>(MEE)<\/p>\n\n\n\n<p><a href=\"https:\/\/www.alternatives-economiques.fr\/herve-nathan\/ukraine-dollars-ne-meurent-a-guerre\/00111016\" target=\"_blank\" rel=\"noreferrer noopener\"><strong>Ukraine<\/strong> : les dollars ne meurent pas \u00e0 la guerre<\/a> -Herv\u00e9 Nathan (Alter \u00e9co)<\/p>\n\n\n\n<p><strong><mark style=\"background-color:rgba(0, 0, 0, 0);color:#ed1010\" class=\"has-inline-color\">29 avril<\/mark><\/strong><\/p>\n\n\n\n<p><strong>France<\/strong><\/p>\n\n\n\n<p><strong><a href=\"https:\/\/www.humanite.fr\/societe\/bande-de-gaza\/blocage-de-la-sorbonne-en-soutien-a-gaza-une-intervention-de-la-police-en-cours\" target=\"_blank\" rel=\"noreferrer noopener\">Blocage de la Sorbonne en soutien \u00e0 Gaza : une intervention de la police en cours<\/a> <\/strong>(L\u2019Humanit\u00e9)<\/p>\n\n\n\n<p><a href=\"https:\/\/www.liberation.fr\/societe\/education\/soutien-aux-palestiniens-un-campement-a-la-sorbonne-apres-le-blocage-de-sciences-po-20240429_4DQKOQEZGRDRXGYGOKJ6TNXKPU\/\"><strong>Soutien aux Palestiniens&nbsp;: un campement \u00e0 la Sorbonne, apr\u00e8s le blocage de Sciences-Po<\/strong><\/a> (Lib\u00e9ration acc\u00e8s libre)<\/p>\n\n\n\n<p><a href=\"https:\/\/www.humanite.fr\/politique\/eric-dupond-moretti\/conference-interdite-a-lille-le-gouvernement-porte-plainte-contre-jean-luc-melenchon\" target=\"_blank\" rel=\"noreferrer noopener\">Conf\u00e9rence interdite \u00e0 Lille : le gouvernement porte plainte contre Jean-Luc M\u00e9lenchon<\/a> (L\u2019Humanit\u00e9)<\/p>\n\n\n\n<p><a href=\"https:\/\/www.boursorama.com\/actualite-economique\/actualites\/finances-publiques-rn-et-lfi-menacent-d-une-motion-de-censure-sans-budget-rectificatif-d-ici-fin-mai-d07bc58366e3b9c8f12a62ab0868bc2f\">RN et LFI menacent d&rsquo;une motion de censure sans budget rectificatif d&rsquo;ici fin mai<\/a> (AFP) &nbsp;&nbsp;<\/p>\n\n\n\n<p><a href=\"https:\/\/infos.lemonde.fr\/optiext\/optiextension.dll?ID=3vu3slnHn4Njku8DgnAl9tobv7R1zHzgE702pwbGY9Bk3tghENpMzsbJoDSjjIpYXV86Pqr5J5uI_%2BQZp8mHZwWLIQmqvfxtzfMwVw36\" target=\"_blank\" rel=\"noreferrer noopener\">Bruno Le Maire et Emmanuel Macron, la cohabitation sous tension<\/a>&nbsp; (Le Monde)<\/p>\n\n\n\n<p><a href=\"https:\/\/infos.lemonde.fr\/optiext\/optiextension.dll?ID=3vu3qWc24tY2ADWjo5OaiO3p_sS5k3uT_O1dIgAr_YR870ENF4C_mdebZ1M0ZBn0DVwmn%2BhjnoqKZo3BJ4e8_5XppcEusMJHdDny0X30\" target=\"_blank\" rel=\"noreferrer noopener\">Bruno Le Maire cherche sa \u00ab&nbsp;voie&nbsp;politique&nbsp;\u00bb<\/a> &nbsp;(Le Monde)<\/p>\n\n\n\n<p><a href=\"https:\/\/infos.lemonde.fr\/optiext\/optiextension.dll?ID=mUVmTq9nlQYBMEI4jtXvPtqa8Vdc8TqQWnTZAU9epsY9e9YCKzTw9CygEqzsT3FZeFr86pZoU61%2BVSUHB2uKunsO5hqWk15MYzgm_SmD\" target=\"_blank\" rel=\"noreferrer noopener\"><strong>En France, l\u2019inqui\u00e9tude montante des d\u00e9fenseurs des libert\u00e9s individuelles<\/strong><\/a> (Le Monde)<\/p>\n\n\n\n<p><strong>Monde<\/strong><\/p>\n\n\n\n<p><strong><a href=\"https:\/\/www.boursorama.com\/actualite-economique\/actualites\/les-etudiants-pro-palestiniens-sommes-d-evacuer-leur-campement-a-l-universite-de-columbia-5361ce10247c13664874a091b7ab03bd\">Les \u00e9tudiants pro-palestiniens somm\u00e9s d&rsquo;\u00e9vacuer leur campement \u00e0 l&rsquo;universit\u00e9 de Columbia<\/a> <\/strong>(AFP)<strong> &nbsp;&nbsp;<\/strong><\/p>\n\n\n\n<p><a href=\"https:\/\/www.liberation.fr\/international\/moyen-orient\/offre-de-treve-a-gaza-avec-liberation-dotages-la-reponse-du-hamas-attendue-ce-lundi-20240429_A2XUKNFVL5FOZE7SJQRNA3BC3I\/\"><strong>Gaza<\/strong>&nbsp;: le monde suspendu \u00e0 l\u2019annonce de la fin de la guerre et de la lib\u00e9ration d\u2019otages<\/a> (Lib\u00e9ration acc\u00e8s libre)<\/p>\n\n\n\n<p><a href=\"https:\/\/orientxxi.info\/magazine\/jordanie-la-rue-gronde-contre-les-ambiguites-de-la-monarchie,7278\" target=\"_blank\" rel=\"noreferrer noopener\"><strong>Jordanie<\/strong>. La rue gronde contre les ambigu\u00eft\u00e9s de la monarchie<\/a> (Orient XXI)<\/p>\n\n\n\n<p><a href=\"https:\/\/orientxxi.statslive.info\/c\/6101112562\/eyJpdiI6ImhVaTdQNFdEODBcL0M0N3RuNHoyMzAydUg0VUt2eTFWbXpIOVVvWkxTRE1VPSIsIm1hYyI6IjEyNjJjMmM5MWM5MjFlZDczNzFmYWYyZTM2M2M0ZWQxZjg3MGQ4MmJhNDIyMjBhNTUwN2IxM2UxMTg3M2VlNmMiLCJ2YWx1ZSI6IlQrYW0rdWdEWitUNE5cL2l6dHJ5S2JQT0gyZFF3SFU5MkdYUWJoV2lFeldFPSJ9\" target=\"_blank\" rel=\"noreferrer noopener\"><strong>Syrie<\/strong>. \u00c0 Idlib, Mohamed Al-Joulani dans la tourmente<\/a> (Orient XXI)<\/p>\n\n\n\n<p><a href=\"https:\/\/infos.lemonde.fr\/optiext\/optiextension.dll?ID=D%2B_D6uLKoj3GzkFVKy5TH%2BhhkNo0KUrqp282dmInR%2BIvl9An1ZlpBTiDrwH2lD3EzAwNuNCergCIwhsaTo5xrE7Vc28algRfH7ZktW9H\" target=\"_blank\" rel=\"noreferrer noopener\">En <strong>Russie<\/strong>, le recrutement des prisonniers dans l\u2019arm\u00e9e pour aller combattre se g\u00e9n\u00e9ralise<\/a> (Le Monde)<a href=\"https:\/\/www.liberation.fr\/international\/europe\/demission-ou-non-lespagne-attend-ce-lundi-la-decision-du-premier-ministre-pedro-sanchez-20240429_F2FJEA77A5CCRH4LEEQJKSXGTY\/\"><\/a><\/p>\n\n\n\n<p><strong><a href=\"https:\/\/www.liberation.fr\/international\/europe\/demission-ou-non-lespagne-attend-ce-lundi-la-decision-du-premier-ministre-pedro-sanchez-20240429_F2FJEA77A5CCRH4LEEQJKSXGTY\/\">Espagne&nbsp;: <\/a><\/strong><a href=\"https:\/\/www.liberation.fr\/international\/europe\/demission-ou-non-lespagne-attend-ce-lundi-la-decision-du-premier-ministre-pedro-sanchez-20240429_F2FJEA77A5CCRH4LEEQJKSXGTY\/\">le Premier ministre, Pedro S\u00e1nchez, renonce \u00e0 d\u00e9missionner<\/a> (Lib\u00e9ration)<\/p>\n\n\n\n<p><a href=\"https:\/\/correctiv.org\/aktuelles\/neue-rechte\/2023\/09\/06\/rechtsextreme-mit-waffen-in-ihrer-nachbarschaft\/\" target=\"_blank\" rel=\"noreferrer noopener\"><strong>Allemagne<\/strong> : Des extr\u00e9mistes de droite arm\u00e9s dans votre quartier<\/a> (Correctiv)<\/p>\n\n\n\n<p><a href=\"https:\/\/www.boursorama.com\/actualite-economique\/actualites\/proces-spectaculaire-de-neuf-allemands-suspectes-d-avoir-prepare-un-coup-d-etat-06163e6bf541af0b880c703ec79a1c76\">Proc\u00e8s spectaculaire de neuf Allemands suspect\u00e9s d&rsquo;avoir pr\u00e9par\u00e9 un coup d&rsquo;Etat<\/a> (AFP) &nbsp;&nbsp;<\/p>\n\n\n\n<p><strong>Analyse<\/strong><\/p>\n\n\n\n<p><strong><a href=\"https:\/\/regards.fr\/demain-tous-apologistes-du-terrorisme\/\" target=\"_blank\" rel=\"noreferrer noopener\">Demain, tous apologistes du terrorisme ?<\/a> <\/strong>(Regards)<\/p>\n\n\n\n<p><strong><a href=\"https:\/\/www.alternatives-economiques.fr\/anne-bringault\/a-profite-greenbashing\/00110966\" target=\"_blank\" rel=\"noreferrer noopener\">La droite et l\u2019extr\u00eame droite au service des gros pollueurs<\/a> <\/strong>(Alter \u00e9co)<\/p>\n\n\n\n<p><strong><a href=\"https:\/\/infos.lemonde.fr\/optiext\/optiextension.dll?ID=3vu3wzR2eUpddbFCccLsbxma4xHWcEAXH%2B7wamOCDWEpUSnhF%2BHNetYEU8KkZSfq9y0OfWmPvWQOZ46L8c_LMLE3cvTWm9Q1ubRS24xg\" target=\"_blank\" rel=\"noreferrer noopener\">Comment Isra\u00ebl \u00e9limine toute alternative au&nbsp;Hamas \u00e0&nbsp;Gaza<\/a><\/strong> -Jean-Pierre Filiu <a>(Le Monde)<\/a><\/p>\n\n\n\n<p><a href=\"https:\/\/orientxxi.statslive.info\/c\/6101112574\/eyJpdiI6ImU2WXVhRkRDWnp5Kzk4M0tXdHB1a2p2Y0NQcVRhNGRhOWtNV3RDZEtLRWc9IiwibWFjIjoiOTc1N2VkMDJlYWIzYjlmOTYxNTZiZjRmMjU4ODllNzJhOGFjNDdhMTM1ODNlNmM1N2ZhYzg2MGI2YjkxOTdmOSIsInZhbHVlIjoiTjhPbXdPYlVNcEsyU0Z0Q0dGMEozdXVYZmdZSjc2cE53eVwvb1Z4MmRvdFE9In0=\" target=\"_blank\" rel=\"noreferrer noopener\">De Tel-Aviv \u00e0 Ha\u00effa&nbsp;: \u00abTu crois que c\u2019est la fin d\u2019Isra\u00ebl&nbsp;?\u00bb<\/a> (Orient XXI)<\/p>\n\n\n\n<p><a href=\"https:\/\/www.blast-info.fr\/articles\/2024\/le-monde-gaza-les-insoumis-et-les-quartiers-populaires-J0FHTvc0QhCMNRc_K98fsg\" target=\"_blank\" rel=\"noreferrer noopener\">Le Monde, Gaza, les insoumis et les \u00ab quartiers populaires \u00bb<\/a> (Blast)<\/p>\n\n\n\n<p><strong><mark style=\"background-color:rgba(0, 0, 0, 0);color:#ed1010\" class=\"has-inline-color\">27 avril<\/mark><\/strong><\/p>\n\n\n\n<p><strong>France<\/strong><\/p>\n\n\n\n<p><a href=\"https:\/\/www.ldh-france.org\/25-avril-2024-tribune-collective-contre-une-democratie-baillonnee-defendons-les-libertes-publiques\/\">TRIBUNE COLLECTIVE (acc\u00e8s libre sur le site de la LDH)<\/a><\/p>\n\n\n\n<figure class=\"wp-block-image size-full is-resized\"><img data-recalc-dims=\"1\" loading=\"lazy\" decoding=\"async\" width=\"434\" height=\"228\" src=\"https:\/\/i0.wp.com\/www.rdpemancipation.org\/wp-content\/uploads\/2024\/04\/image-52.png?resize=434%2C228&#038;ssl=1\" alt=\"\" class=\"wp-image-128399\" style=\"width:404px;height:auto\" srcset=\"https:\/\/i0.wp.com\/www.rdpemancipation.org\/wp-content\/uploads\/2024\/04\/image-52.png?w=434&amp;ssl=1 434w, https:\/\/i0.wp.com\/www.rdpemancipation.org\/wp-content\/uploads\/2024\/04\/image-52.png?resize=300%2C158&amp;ssl=1 300w\" sizes=\"auto, (max-width: 434px) 100vw, 434px\" \/><\/figure>\n\n\n\n<p><strong><a href=\"https:\/\/www.lemediatv.fr\/emissions\/2024\/quand-jordan-bardella-essaie-de-pecho-les-patrons-KDabm1MrTt-XpIsKSWYsuQ\" target=\"_blank\" rel=\"noreferrer noopener\">Quand Jordan Bardella essaie de \u00ab\u00a0p\u00e9cho\u00a0\u00bb les patrons<\/a>&nbsp;<\/strong>(Le M\u00e9dia)<\/p>\n\n\n\n<p><a href=\"https:\/\/www.boursorama.com\/videos\/actualites\/paris-les-manifestants-propalestiniens-evacuent-sciences-po-5a20031b362e5af2b83b35f4c98e702d\"><strong>Paris : les manifestants propalestiniens \u00e9vacuent Sciences Po apr\u00e8s un accord avec la direction<\/strong><\/a> (AFP Vid\u00e9o)<\/p>\n\n\n\n<p><a href=\"https:\/\/www.francetvinfo.fr\/monde\/proche-orient\/israel-palestine\/reportage-on-demande-la-justice-pour-la-palestine-et-on-nous-envoie-la-police-une-journee-de-tensions-sur-le-blocage-de-sciences-po-paris_6509837.html\">\u2018On demande la justice pour la Palestine et on nous envoie la police\u2019 : une journ\u00e9e de tensions sur le blocage de Sciences Po Paris<\/a> &nbsp;(France Info reportage)<\/p>\n\n\n\n<p><a href=\"https:\/\/www.boursorama.com\/videos\/actualites\/manon-aubry-lfi-il-faut-mettre-a-contribution-les-super-fortunes-et-les-super-profits-europeens-b62f3807843e69e026f4a8715f45d03f\">Manon Aubry (LFI) : \u00ab\u00a0Il faut mettre \u00e0 contribution les super fortunes et les super profits europ\u00e9ens !\u00a0\u00bb<\/a>(Ecorama)<\/p>\n\n\n\n<p><a href=\"https:\/\/www.huffingtonpost.fr\/politique\/article\/europeennes-2024-sarah-knafo-officialise-sa-candidature-sur-la-liste-de-marion-marechal_233214.html\">La conseill\u00e8re (et compagne) d\u2019\u00c9ric Zemmour officialise sa candidature aux europ\u00e9ennes<\/a> (Huffpost)<\/p>\n\n\n\n<p><a href=\"https:\/\/www.huffingtonpost.fr\/politique\/article\/prisca-thevenot-enregistre-une-nouvelle-serie-de-demissions-dans-son-cabinet_233235.html\">Les d\u00e9missions se poursuivent au sein du cabinet de la porte-parole du gouvernement<\/a> (Huffpost)<\/p>\n\n\n\n<p><strong>Monde<\/strong><\/p>\n\n\n\n<p><a href=\"https:\/\/www.boursorama.com\/videos\/actualites\/marche-dans-le-centre-de-londres-pour-soutenir-les-palestiniens-5319d30cb61ab991996d87f2b9d23911\">Marche dans le centre de Londres pour soutenir les Palestiniens<\/a> (AFP vid\u00e9o) &nbsp;&nbsp;<\/p>\n\n\n\n<p><strong><a href=\"https:\/\/www.boursorama.com\/videos\/actualites\/etats-unis-le-mouvement-de-soutien-a-gaza-se-generalise-sur-les-campus-universitaires-9a727fb655e1dac6ebecf8b27233e69f\">USA : le mouvement de soutien \u00e0 Gaza se g\u00e9n\u00e9ralise sur les campus universitaires<\/a><\/strong> (France 24) &nbsp;<\/p>\n\n\n\n<p><a href=\"https:\/\/www.francetvinfo.fr\/monde\/onu\/faute-de-preuves-par-israel-l-onu-a-classe-ou-suspendu-plusieurs-dossiers-visant-des-employes-de-son-agence-pour-les-refugies-palestiniens_6510428.html\">Faute de preuves par Isra\u00ebl, l&rsquo;ONU a class\u00e9 ou suspendu plusieurs dossiers visant des employ\u00e9s de son agence pour les r\u00e9fugi\u00e9s palestiniens<\/a> (France Info)<a href=\"https:\/\/www.francetvinfo.fr\/monde\/proche-orient\/israel-palestine\/guerre-entre-israel-et-le-hamas-l-union-europeenne-annonce-une-nouvelle-aide-humanitaire-de-68-millions-d-euros-destinee-a-gaza_6510290.html\"><\/a><\/p>\n\n\n\n<p><a href=\"https:\/\/www.francetvinfo.fr\/monde\/proche-orient\/israel-palestine\/guerre-entre-israel-et-le-hamas-l-union-europeenne-annonce-une-nouvelle-aide-humanitaire-de-68-millions-d-euros-destinee-a-gaza_6510290.html\">L&rsquo;UE annonce une nouvelle aide humanitaire de 68 millions \u20ac destin\u00e9e \u00e0 Gaza<\/a> (France Info)<\/p>\n\n\n\n<p><a href=\"https:\/\/www.boursorama.com\/actualite-economique\/actualites\/le-hamas-dit-avoir-recu-une-reponse-d-israel-a-sa-proposition-de-cessez-le-feu-4a2c6c3d8eb78e5005d89f6215b39364\">Le Hamas dit avoir re\u00e7u une r\u00e9ponse d&rsquo;Isra\u00ebl \u00e0 sa proposition de cessez-le-feu<\/a> (Reuters)<\/p>\n\n\n\n<p><a href=\"https:\/\/www.boursorama.com\/actualite-economique\/actualites\/la-russie-prete-a-renforcer-sa-cooperation-militaire-avec-l-iran-ria-86d57a9a1872d4d8e9e26f4d2c1183a9\">La Russie pr\u00eate \u00e0 renforcer sa coop\u00e9ration militaire avec l&rsquo;Iran<\/a> (Reuters)<\/p>\n\n\n\n<p><a href=\"https:\/\/www.boursorama.com\/actualite-economique\/actualites\/pedro-reste-les-socialistes-espagnols-implorent-sanchez-de-ne-pas-demissionner-6985f48598c684dc2b0f73193dba3377\">\u00ab\u00a0Pedro, reste\u00a0\u00bb. Les socialistes espagnols implorent S\u00e1nchez de ne pas d\u00e9missionner<\/a> (AFP) &nbsp;&nbsp;<\/p>\n\n\n\n<p><strong>Analyse<\/strong><\/p>\n\n\n\n<p><strong><a href=\"https:\/\/www.les-crises.fr\/zones-de-mort-a-gaza-le-journal-israelien-haaretz-detaille-les-crimes-de-tsahal\/\">\u00ab Zones de mort \u00bb \u00e0 Gaza : le journal isra\u00e9lien Haaretz d\u00e9taille les crimes de Tsahal<\/a><\/strong>&nbsp;(Les Crises)<\/p>\n\n\n\n<p><strong><mark style=\"background-color:rgba(0, 0, 0, 0);color:#ed1010\" class=\"has-inline-color\">26 avril<\/mark><\/strong><\/p>\n\n\n\n<p><strong>France<\/strong><\/p>\n\n\n\n<p><a href=\"https:\/\/www.politis.fr\/articles\/2024\/04\/hs79-jop-2024-jade-lindgaard-la-brutalite-olympique-dans-le-93-un-vrai-poison-pour-la-democratie\/\" target=\"_blank\" rel=\"noreferrer noopener\">\u00ab La brutalit\u00e9 olympique dans le 93 : un vrai poison pour la d\u00e9mocratie \u00bb<\/a> (Politis)<\/p>\n\n\n\n<p><a href=\"https:\/\/www.politis.fr\/articles\/2024\/04\/gabriel-attal-tance-par-lunicef\/\" target=\"_blank\" rel=\"noreferrer noopener\">Gabriel Attal tanc\u00e9 par l\u2019Unicef<\/a> (Politis)<\/p>\n\n\n\n<p><a href=\"https:\/\/www.humanite.fr\/societe\/bande-de-gaza\/blocage-pour-gaza-a-sciences-po-avec-lirruption-des-crs-une-ligne-rouge-a-ete-franchie\" target=\"_blank\" rel=\"noreferrer noopener\"><strong>Blocage pour Gaza \u00e0 Sciences Po : \u2018Avec l\u2019irruption des CRS, une ligne rouge a \u00e9t\u00e9 franchie\u2019<\/strong><\/a>(L\u2019Humanit\u00e9)<\/p>\n\n\n\n<p><a href=\"https:\/\/www.lemediatv.fr\/emissions\/2024\/pas-une-guerre-mais-un-genocide-la-sorbonne-se-souleve-contre-macron-pour-la-palestine-x5OiLMTqRo2e4TO4jSvLzg\" target=\"_blank\" rel=\"noreferrer noopener\">\u00ab\u00a0Pas une guerre, mais un g\u00e9nocide\u00a0\u00bb : la Sorbonne se soul\u00e8ve contre Macron, pour la Palestine<\/a> (Le M\u00e9dia)<\/p>\n\n\n\n<p><a href=\"https:\/\/www.mediapart.fr\/journal\/economie-et-social\/260424\/l-extreme-droite-fait-du-logement-social-son-nouveau-cheval-de-bataille\" target=\"_blank\" rel=\"noreferrer noopener\">L\u2019extr\u00eame droite fait du logement social son nouveau cheval de bataille<\/a> (Mediapart)<\/p>\n\n\n\n<p><a href=\"https:\/\/www.streetpress.com\/sujet\/1714125503-prefecture-police-interdiction-c9m-manifestation-neofasciste-gud-neonazis-darmanin-paris\" target=\"_blank\" rel=\"noreferrer noopener\">La pr\u00e9fecture de police va demander l&rsquo;interdiction du C9M, manifestation n\u00e9ofasciste \u00e0 Paris<\/a> (StreetPress)<\/p>\n\n\n\n<p><a href=\"https:\/\/reporterre.net\/Macron-muet-sur-l-ecologie-lors-de-son-discours-sur-l-Europe\" target=\"_blank\" rel=\"noreferrer noopener\">Macron muet sur l&rsquo;\u00e9cologie lors de son discours sur l&rsquo;Europe<\/a> (Reporterre)<\/p>\n\n\n\n<p><a href=\"https:\/\/www.blast-info.fr\/emissions\/2024\/jean-luc-melenchon-rima-hassan-le-nouvel-axe-du-mal-N4eMJyzuT-aj4aezABSvFw\" target=\"_blank\" rel=\"noreferrer noopener\">Jean-Luc M\u00e9lenchon \/ Rima Hassan : le nouvel axe du mal<\/a> (Blast)<\/p>\n\n\n\n<p><a href=\"https:\/\/blogs.mediapart.fr\/les-invites-de-mediapart\/blog\/260424\/exiger-la-justice-pour-amara-c-est-refuser-un-systeme-fonde-sur-l-exploitation-et-l-op\">Exiger la justice pour Amara, c\u2019est refuser un syst\u00e8me fond\u00e9 sur l\u2019exploitation et l\u2019oppression<\/a> (blog MdP)<\/p>\n\n\n\n<p><strong>Monde<\/strong><\/p>\n\n\n\n<p><a href=\"https:\/\/mondafrique.com\/a-la-une\/le-stress-humanitaire-de-la-population-syrienne\/\">\u00ab&nbsp;Le stress humanitaire&nbsp;\u00bb de la population syrienne<\/a> (Mondafrique)<\/p>\n\n\n\n<p><a href=\"https:\/\/mondafrique.com\/a-la-une\/la-guerre-eclair-du-president-tebboune-pour-assurer-sa-reelection\/\">Alg\u00e9rie&nbsp;: la guerre \u00e9clair du Pr\u00e9sident Tebboune pour assurer sa r\u00e9\u00e9lection d\u00e8s septembre.<\/a> (Mondafrique)<\/p>\n\n\n\n<p><a href=\"https:\/\/www.mediapart.fr\/journal\/international\/260424\/contre-la-guerre-gaza-les-campus-etats-uniens-s-embrasent\" target=\"_blank\" rel=\"noreferrer noopener\"><strong>Contre la guerre \u00e0 Gaza, les campus \u00e9tats-uniens s\u2019embrasent<\/strong><\/a> (Mediapart)<\/p>\n\n\n\n<p><a href=\"https:\/\/orientxxi.info\/dossiers-et-series\/on-a-pris-des-risques-pour-aller-a-la-plage-parce-qu-on-aime-la-vie,7280\" target=\"_blank\" rel=\"noreferrer noopener\">Gaza&nbsp;: \u2018On a pris des risques pour aller \u00e0 la plage parce qu&rsquo;on aime la vie\u2019<\/a> (Orient XXI)<\/p>\n\n\n\n<p><a href=\"https:\/\/www.blast-info.fr\/emissions\/2024\/gaza-lobjectif-israelien-est-de-faire-disparaitre-les-palestiniens-avec-rony-brauman-3ZxmRh0_Q8yG-FR-oe2HoQ\" target=\"_blank\" rel=\"noreferrer noopener\"><strong>Gaza : \u2018L\u2019objectif isra\u00e9lien est de faire dispara\u00eetre les Palestiniens\u2019, avec Rony Brauman<\/strong><\/a>  (Blast)<\/p>\n\n\n\n<p><strong>Analyse<\/strong><\/p>\n\n\n\n<p><a href=\"https:\/\/link.newsletter.franceculture.fr\/m\/ml\/7429\/867892\/CHbevNz8cE2sy7qeI5OPNW9C5lXTLJmivm821gAfcU8=\/qCOsYgKNlrMgl5ahg7phbNPyBh6LMIroSJRFFptSSAE=\/\" target=\"_blank\" rel=\"noreferrer noopener\"><strong>L&rsquo;anarchisme, pionnier des luttes contemporaines&nbsp;?<\/strong><\/a> (France Culture)<\/p>\n\n\n\n<p><a href=\"https:\/\/link.newsletter.franceculture.fr\/m\/ml\/7429\/867892\/CHbevNz8cE2sy7qeI5OPNW9C5lXTLJmivm821gAfcU8=\/qCOsYgKNlrMgl5ahg7phbNPyBh6LMIroLD6e0PxqBms=\/\" target=\"_blank\" rel=\"noreferrer noopener\">Fran\u00e7ais musulmans&nbsp;: existe-t-il un exode silencieux&nbsp;?<\/a> (France Culture)<strong>&nbsp;&nbsp;&nbsp;<\/strong><\/p>\n\n\n\n<p><a href=\"https:\/\/www.monde-diplomatique.fr\/2024\/05\/GAGNEPAIN\/66874\" target=\"_blank\" rel=\"noreferrer noopener\">En 1924, jeux ouvriers contre jeux bourgeois<\/a> (Le Monde diplomatique)<\/p>\n\n\n\n<p><strong><mark style=\"background-color:rgba(0, 0, 0, 0);color:#ed1010\" class=\"has-inline-color\">25 avril<\/mark><\/strong><\/p>\n\n\n\n<p><strong>France<\/strong><\/p>\n\n\n\n<p><a href=\"https:\/\/www.humanite.fr\/politique\/emmanuel-macron\/a-la-sorbonne-emmanuel-macron-se-la-joue-president-de-leurope\" target=\"_blank\" rel=\"noreferrer noopener\">\u00c0 la Sorbonne, Emmanuel Macron se la joue pr\u00e9sident de l\u2019Europe<\/a> (L\u2019Humanit\u00e9)<\/p>\n\n\n\n<p><a href=\"https:\/\/www.humanite.fr\/-\/-\/marie-toussaint-eelv-confronte-macron-a-son-bilan\" target=\"_blank\" rel=\"noreferrer noopener\">Marie Toussaint (EELV) confronte Macron \u00e0 son bilan<\/a>&nbsp;(L\u2019Humanit\u00e9)<\/p>\n\n\n\n<p><a href=\"https:\/\/www.humanite.fr\/-\/-\/manon-aubry-fi-tacle-leurope-impuissance-du-president\" target=\"_blank\" rel=\"noreferrer noopener\">Manon Aubry (FI) tacle \u00ab l\u2019Europe impuissance \u00bb du pr\u00e9sident<\/a>&nbsp;(L\u2019Humanit\u00e9)<\/p>\n\n\n\n<p><a href=\"https:\/\/www.politis.fr\/articles\/2024\/04\/stop-a-la-criminalisation-du-soutien-a-la-palestine\/\" target=\"_blank\" rel=\"noreferrer noopener\">Stop \u00e0 la criminalisation du soutien \u00e0 la Palestine !<\/a>&nbsp;(Politis)<\/p>\n\n\n\n<p><a href=\"https:\/\/www.humanite.fr\/societe\/bande-de-gaza\/sciences-po-paris-les-crs-ont-evacue-dans-la-nuit-des-etudiants-qui-occupaient-leur-campus-en-soutien-a-gaza\" target=\"_blank\" rel=\"noreferrer noopener\">Sciences Po Paris : les CRS ont \u00e9vacu\u00e9 dans la nuit des \u00e9tudiants qui occupaient leur campus en soutien \u00e0 Gaza<\/a>&nbsp;(L\u2019Humanit\u00e9)<\/p>\n\n\n\n<p><a href=\"https:\/\/www.streetpress.com\/sujet\/1714047920-justice-annule-sanctions-policier-lanceur-alerte-amar-benmohamed\" target=\"_blank\" rel=\"noreferrer noopener\">La justice annule toutes les sanctions prononc\u00e9es \u00e0 l&rsquo;encontre du policier lanceur d\u2019alerte Amar Benmohamed<\/a>&nbsp;(StreetPress)<\/p>\n\n\n\n<p><a href=\"https:\/\/reporterre.net\/Alternatiba-Paris-change-de-nom-et-devient-Action-Justice-Climat\" target=\"_blank\" rel=\"noreferrer noopener\">Alternatiba&nbsp;: des d\u00e9saccords strat\u00e9giques m\u00e8nent \u00e0 la scission<\/a>&nbsp;(Reporterre)<\/p>\n\n\n\n<p><a href=\"https:\/\/www.lemediatv.fr\/emissions\/2024\/repression-anti-palestine-panot-convoquee-melenchon-censure-macron-autoritaire-et-fascisant-5cQgGa9fTYu3yU0hlRBptg\" target=\"_blank\" rel=\"noreferrer noopener\">R\u00e9pression anti-Palestine, Panot convoqu\u00e9e, M\u00e9lenchon censur\u00e9 : \u00ab\u00a0Macron, autoritaire et fascisant\u00a0\u00bb<\/a>&nbsp;(Le M\u00e9dia)<\/p>\n\n\n\n<p><strong>Monde<\/strong><\/p>\n\n\n\n<p><a href=\"https:\/\/www.middleeasteye.net\/fr\/reportages\/guerre-gaza-dans-la-fosse-commune-de-lhopital-al-nasser-des-meres-cherchent-leurs\">Gaza : dans la fosse commune de l\u2019h\u00f4pital al-Nasser, des m\u00e8res cherchent leurs enfants<\/a> (MEE)<\/p>\n\n\n\n<p><a href=\"https:\/\/www.middleeasteye.net\/fr\/actu-et-enquetes\/de-science-po-paris-harvard-les-campus-se-mobilisent-pour-la-palestine\">De Science Po Paris \u00e0 Harvard, les campus se mobilisent pour la Palestine<\/a> (MEE)<\/p>\n\n\n\n<p><a href=\"https:\/\/www.middleeasteye.net\/fr\/actu-et-enquetes\/ce-que-le-hamas-attend-disrael-et-pourquoi-les-negociations-sur-un-cessez-le-feu\">Ce que le Hamas attend d\u2019Isra\u00ebl \u2013 et pourquoi les n\u00e9gociations sur un cessez-le-feu \u00e0 Gaza sont au point mort<\/a> (MEE)<\/p>\n\n\n\n<p><a href=\"https:\/\/www.middleeasteye.net\/fr\/actu-et-enquetes\/netzah-yehuda-ce-bataillon-ultra-orthodoxe-de-larmee-israelienne-bientot\">Netzah Yehuda, ce bataillon ultra-orthodoxe de l\u2019arm\u00e9e isra\u00e9lienne bient\u00f4t sanctionn\u00e9 par les \u00c9tats-Unis<\/a> (MEE)<\/p>\n\n\n\n<p><a href=\"https:\/\/www.blast-info.fr\/articles\/2024\/qatar-connection-lemirat-en-flagrant-delit-de-mensonge-a-lonu-MfippTtkR22Jx6PEVrIetw\" target=\"_blank\" rel=\"noreferrer noopener\">Qatar connection : L&rsquo;Emirat en flagrant d\u00e9lit de mensonge \u00e0 l\u2019ONU<\/a>&nbsp;(Blast)<\/p>\n\n\n\n<p><a href=\"https:\/\/lvsl.fr\/portugal-un-cinquantenaire-de-la-revolution-des-oeillets-au-gout-amer\/\" target=\"_blank\" rel=\"noreferrer noopener\">Portugal : un cinquantenaire de la r\u00e9volution des \u0152illets au go\u00fbt amer<\/a>&nbsp;(Le Vent Se L\u00e8ve)<\/p>\n\n\n\n<p><strong>Analyse&nbsp;&nbsp;&nbsp;&nbsp;&nbsp;&nbsp;&nbsp;&nbsp;&nbsp;&nbsp;&nbsp;&nbsp;&nbsp;&nbsp;&nbsp;&nbsp;&nbsp;&nbsp;&nbsp;&nbsp;&nbsp;&nbsp;&nbsp;&nbsp;<\/strong><\/p>\n\n\n\n<p><a href=\"https:\/\/link.newsletter.franceculture.fr\/m\/ml\/7429\/867690\/cYtGaXDLoyUxQUboX49RAm9C5lXTLJmivm821gAfcU8=\/W-Kw3J24YTOJUbAAheZkngAgFEg95spnTq4Qd3ShSZE=\/\" target=\"_blank\" rel=\"noreferrer noopener\">Italie&nbsp;: comment Giorgia Meloni met-elle en \u0153uvre son programme&nbsp;?<\/a> (France Culture)<\/p>\n\n\n\n<p><a href=\"https:\/\/link.newsletter.franceculture.fr\/m\/ml\/7429\/867690\/cYtGaXDLoyUxQUboX49RAm9C5lXTLJmivm821gAfcU8=\/W-Kw3J24YTOJUbAAheZknm7PUPH54ZdHwE7ZO-2DCUE=\/\" target=\"_blank\" rel=\"noreferrer noopener\">Le crime organis\u00e9 en Europe&nbsp;: une menace sur l&rsquo;\u00c9tat de droit&nbsp;?<\/a> (France Culture)<\/p>\n\n\n\n<p><a href=\"https:\/\/www.politis.fr\/articles\/2024\/04\/hs79-boniface-il-ny-a-pas-plus-geopolitique-que-les-jeux-olympiques\/\" target=\"_blank\" rel=\"noreferrer noopener\"><strong>\u00ab Il n\u2019y a pas plus g\u00e9opolitique que les Jeux olympiques \u00bb<\/strong><\/a> (Politis)<\/p>\n\n\n\n<p><a href=\"https:\/\/www.off-investigation.fr\/jeux-de-paris-2024la-loi-du-plus-fort\/\" target=\"_blank\" rel=\"noreferrer noopener\">Jeux de Paris 2024&nbsp;; La loi du plus fort ?<\/a>&nbsp;(Off Investigation)<\/p>\n\n\n\n<p><strong><mark style=\"background-color:rgba(0, 0, 0, 0);color:#ed1010\" class=\"has-inline-color\">24 avril<\/mark><\/strong><\/p>\n\n\n\n<p><strong>France<\/strong><\/p>\n\n\n\n<p><a href=\"https:\/\/www.mediapart.fr\/journal\/france\/240424\/soupconnee-de-detournements-la-fnsea-une-eurodeputee-d-extreme-droite-est-introuvable\">Soup\u00e7onn\u00e9e de d\u00e9tournements, une eurod\u00e9put\u00e9e d\u2019extr\u00eame droite est introuvable<\/a> (M\u00e9diapart)<\/p>\n\n\n\n<p><a href=\"https:\/\/www.mediapart.fr\/journal\/france\/230424\/les-prefets-en-premiere-ligne-de-la-repression-du-soutien-gaza\">Les pr\u00e9fets en premi\u00e8re ligne contre le soutien \u00e0 Gaza <\/a><a>&nbsp;(M\u00e9diapart)<\/a><\/p>\n\n\n\n<p><a href=\"https:\/\/www.rfi.fr\/fr\/france\/20240424-france-l-ex-premier-ministre-fran%C3%A7ois-fillon-d%C3%A9finitivement-coupable-pour-des-emplois-fictifs\">L\u2019ex-Premier ministre Fran\u00e7ois Fillon d\u00e9finitivement coupable pour des emplois fictifs<\/a> (RFI)<\/p>\n\n\n\n<p><a href=\"https:\/\/www.ldh-france.org\/fabrice-leggeri-ancien-directeur-de-frontex-poursuivi-pour-complicite-de-crimes-contre-lhumanite-et-de-torture\/\">Fabrice Leggeri, ancien directeur de Frontex, poursuivi pour complicit\u00e9 de crimes contre l\u2019humanit\u00e9 et de torture<\/a> (LDH)<a href=\"https:\/\/www.rfi.fr\/fr\/france\/20240424-elections-europ%C3%A9ennes-liste-rn-casting-pas-exemplaire-rassemblement-national\"><\/a><\/p>\n\n\n\n<p><a href=\"https:\/\/www.rfi.fr\/fr\/france\/20240424-elections-europ%C3%A9ennes-liste-rn-casting-pas-exemplaire-rassemblement-national\">\u00c9lections europ\u00e9ennes : le casting pas tout \u00e0 fait exemplaire de la liste du RN<\/a> (RFI)<\/p>\n\n\n\n<p><a href=\"https:\/\/www.liberation.fr\/politique\/francois-ruffin-le-discret-sondage-qui-confirme-les-ambitions-de-linsoumis-20240421_TSATHGHSYVHJFMWFWO3PW4XEJE\/\">Ruffin mieux plac\u00e9 que M\u00e9lenchon pour la pr\u00e9sidentielle 2027 : le discret sondage qui confirme les ambitions de l\u2019insoumis<\/a> (Lib\u00e9ration<strong>)<\/strong><\/p>\n\n\n\n<p><strong><a href=\"https:\/\/www.huffingtonpost.fr\/politique\/video\/sur-la-fin-de-vie-sandrine-rousseau-livre-un-temoignage-fort-sur-son-experience-personnelle_233104.html\">\u00ab&nbsp;J\u2019ai aid\u00e9 ma m\u00e8re \u00e0 mourir&nbsp;\u00bb&nbsp;: le t\u00e9moignage fort de Sandrine Rousseau sur la fin de vie<\/a> (Huffpost)<\/strong><\/p>\n\n\n\n<p><strong><a href=\"https:\/\/www.liberation.fr\/societe\/amnesty-international-denonce-une-persistance-de-stereotypes-discriminatoires-en-france-20240424_I6IK6ZGF7VGC3GVW32SFWNOFDI\/\">Amnesty International d\u00e9nonce \u00abune persistance de st\u00e9r\u00e9otypes discriminatoires\u00bb en France<\/a> <\/strong>(Lib\u00e9ration<strong>)<\/strong><\/p>\n\n\n\n<p><strong>Monde<\/strong><\/p>\n\n\n\n<p><a href=\"https:\/\/www.rfi.fr\/fr\/en-bref\/20240424-le-pr%C3%A9sident-am%C3%A9ricain-demande-%C3%A0-isra%C3%ABl-de-permettre-sans-d%C3%A9lai-l-acc%C3%A8s-%C3%A0-l-aide-humanitaire-%C3%A0-gaza\">Le pr\u00e9sident am\u00e9ricain demande \u00e0 Isra\u00ebl de permettre \u00absans d\u00e9lai\u00bb l\u2019acc\u00e8s \u00e0 l\u2019aide humanitaire \u00e0 Gaza<\/a> (RFI)<\/p>\n\n\n\n<p><a href=\"https:\/\/www.hrw.org\/fr\/news\/2024\/04\/22\/iran-les-forces-de-securite-ont-viole-et-torture-des-personnes-detenues\">Iran : Les forces de s\u00e9curit\u00e9 ont viol\u00e9 et tortur\u00e9 des personnes d\u00e9tenues <\/a>&nbsp;(HRW)<a href=\"https:\/\/www.rfi.fr\/fr\/en-bref\/20240424-iran-un-rappeur-condamn%C3%A9-%C3%A0-mort-pour-avoir-soutenu-les-manifestations-de-2022\"><\/a><\/p>\n\n\n\n<p><a href=\"https:\/\/www.rfi.fr\/fr\/en-bref\/20240424-iran-un-rappeur-condamn%C3%A9-%C3%A0-mort-pour-avoir-soutenu-les-manifestations-de-2022\">Iran : un rappeur condamn\u00e9 \u00e0 mort pour avoir soutenu les manifestations de 2022<\/a> (RFI)<\/p>\n\n\n\n<p><a href=\"https:\/\/www.hrw.org\/fr\/news\/2024\/04\/23\/lobsession-obscene-du-royaume-uni\">Expulsions vers le Rwanda&nbsp;: l&rsquo;obsession obsc\u00e8ne du Royaume-Uni <\/a>(HRW)<\/p>\n\n\n\n<p><a href=\"https:\/\/www.rfi.fr\/fr\/moyen-orient\/20240424-jordanie-unrwa-craintes-r%C3%A9fugi%C3%A9s-palestiniens-manque-de-financement\">Jordanie : les r\u00e9fugi\u00e9s palestiniens inquiets du manque de financement de l\u2019Unrwa<\/a> (RFI)<\/p>\n\n\n\n<p><a href=\"https:\/\/www.mediapart.fr\/journal\/international\/240424\/gaza-nous-avons-face-nous-tous-les-signes-avant-coureurs-d-un-genocide\">Gaza&nbsp;: \u00ab Nous avons face \u00e0 nous tous les signes avant-coureurs d\u2019un g\u00e9nocide \u00bb <\/a><a>&nbsp;(M\u00e9diapart)<\/a><\/p>\n\n\n\n<p><a href=\"https:\/\/www.mediapart.fr\/journal\/international\/230424\/proche-orient-israel-n-pas-fourni-de-preuves-contre-l-unrwa\">Proche-Orient&nbsp;: Isra\u00ebl n\u2019a pas fourni de preuves contre l\u2019UNRWA <\/a>&nbsp;(M\u00e9diapart)<\/p>\n\n\n\n<p><a href=\"https:\/\/www.rfi.fr\/fr\/moyen-orient\/20240423-gaza-pr%C3%A8s-de-300-corps-exhum%C3%A9s-de-l-h%C3%B4pital-nasser-apr%C3%A8s-le-retrait-de-l-arm%C3%A9e-isra%C3%A9lienne\">Gaza : pr\u00e8s de 300 corps exhum\u00e9s de l&rsquo;h\u00f4pital Nasser apr\u00e8s le retrait de l&rsquo;arm\u00e9e isra\u00e9lenne<\/a> (RFI)<\/p>\n\n\n\n<p><a href=\"https:\/\/www.mediapart.fr\/journal\/international\/230424\/hopitaux-de-gaza-l-onu-veut-une-enquete-internationale-sur-des-fosses-communes\">H\u00f4pitaux de Gaza : l\u2019ONU veut une enqu\u00eate internationale sur des fosses communes <\/a><a>&nbsp;(AFP)<\/a><\/p>\n\n\n\n<p><a href=\"https:\/\/alencontre.org\/laune\/dossier-les-pogroms-se-multiplient-en-cisjordanie-les-soldats-ouvrent-la-voie-aux-colons.html\">Dossier. Les pogroms se multiplient en Cisjordanie. Les soldats ouvrent la voie aux colons&nbsp; <\/a>&nbsp;(A l\u2019Encontre)<\/p>\n\n\n\n<p><strong>Analyse&nbsp;&nbsp;&nbsp;&nbsp;&nbsp;&nbsp;&nbsp;&nbsp;&nbsp;&nbsp;&nbsp;&nbsp;&nbsp;&nbsp;&nbsp;&nbsp;&nbsp;&nbsp;&nbsp;&nbsp;&nbsp;&nbsp;&nbsp;&nbsp;<\/strong><\/p>\n\n\n\n<p><a href=\"https:\/\/www.mediapart.fr\/journal\/france\/200424\/contre-la-solidarite-avec-la-palestine-un-maccarthysme-la-francaise\"><strong>Un maccarthysme \u00e0 la fran\u00e7aise<\/strong> <\/a>&nbsp;-Edwy Plenel (M\u00e9diapart)<\/p>\n\n\n\n<p><strong><a href=\"https:\/\/www.contretemps.eu\/macron-autoritarisme-escalade-repressive-solidarite-palestine-front-democratie\/\">\u00c9ditorial : contre l\u2019escalade r\u00e9pressive, pour la solidarit\u00e9 avec la Palestine, faisons front maintenant&nbsp;!<\/a> <\/strong>(Contretemps)<\/p>\n\n\n\n<p><a href=\"https:\/\/link.newsletter.franceculture.fr\/m\/ml\/7429\/867489\/vWTEbCnBUn-pe8LUTedS9m9C5lXTLJmivm821gAfcU8=\/8gVyMauArYxfg7rzABHt9q-two8Isghi0xF2x6XWH+c=\/\" target=\"_blank\" rel=\"noreferrer noopener\">Territoires palestiniens&nbsp;: mariage de raison entre l\u2019Iran et le Hamas<\/a> (France Culture)<\/p>\n\n\n\n<figure class=\"wp-block-image size-full is-resized\"><img data-recalc-dims=\"1\" loading=\"lazy\" decoding=\"async\" width=\"560\" height=\"315\" src=\"https:\/\/i0.wp.com\/www.rdpemancipation.org\/wp-content\/uploads\/2024\/04\/560x315_sc_000-34mh9w9.webp?resize=560%2C315&#038;ssl=1\" alt=\"\" class=\"wp-image-128198\" style=\"width:421px;height:auto\" srcset=\"https:\/\/i0.wp.com\/www.rdpemancipation.org\/wp-content\/uploads\/2024\/04\/560x315_sc_000-34mh9w9.webp?w=560&amp;ssl=1 560w, https:\/\/i0.wp.com\/www.rdpemancipation.org\/wp-content\/uploads\/2024\/04\/560x315_sc_000-34mh9w9.webp?resize=300%2C169&amp;ssl=1 300w\" sizes=\"auto, (max-width: 560px) 100vw, 560px\" \/><\/figure>\n\n\n\n<p><strong><mark style=\"background-color:rgba(0, 0, 0, 0);color:#ed1010\" class=\"has-inline-color\">23 avril<\/mark><\/strong><\/p>\n\n\n\n<p><strong>France<\/strong><\/p>\n\n\n\n<p><strong><a href=\"https:\/\/www.alternatives-economiques.fr\/bruno-maire-sarrange-realite-dernier-livre\/00110370\" target=\"_blank\" rel=\"noreferrer noopener\">Comment Bruno Le Maire s&rsquo;arrange avec la r\u00e9alit\u00e9 dans son dernier livre<\/a><\/strong>&nbsp;(Alter \u00e9co)<\/p>\n\n\n\n<p><strong><a href=\"https:\/\/www.liberation.fr\/politique\/la-deputee-lfi-mathilde-panot-convoquee-par-la-police-pour-apologie-du-terrorisme-20240423_3VQCKPSVIBEY3AXLQZHCCC56DI\/\">La d\u00e9put\u00e9e LFI Mathilde Panot convoqu\u00e9e par la police pour \u00abapologie du terrorisme\u00bb<\/a> <\/strong>(Lib\u00e9ration, acc\u00e8s libre)<\/p>\n\n\n\n<p><a href=\"https:\/\/blogs.mediapart.fr\/olivier-tonneau\/blog\/230424\/pour-rima-hassan-et-mathilde-panot\">Pour Rima Hassan et Mathilde Panot<\/a> (Blog d\u2019Olivier Tonneau)<\/p>\n\n\n\n<p><a href=\"https:\/\/www.blast-info.fr\/emissions\/2024\/islamophobie-letat-en-guerre-contre-une-ecole-musulmane-pP5Ef3GlTKaRhqcaM7RJow\" target=\"_blank\" rel=\"noreferrer noopener\">Islamophobie : l&rsquo;\u00c9tat en guerre contre une \u00e9cole musulmane<\/a>&nbsp;(Blast)<\/p>\n\n\n\n<p><strong>Monde<\/strong><\/p>\n\n\n\n<p><a href=\"https:\/\/lundi.am\/Premiere-etape-s-emparer-de-Colombia\" target=\"_blank\" rel=\"noreferrer noopener\">\u00ab&nbsp;Premi\u00e8re \u00e9tape, s\u2019emparer de <strong>Colombia&nbsp;<\/strong>\u00bb<\/a> (Lundimatin)<\/p>\n\n\n\n<p><a href=\"https:\/\/elwatan-dz.com\/les-dirigeants-universitaires-auditionnes-sur-les-manifestations-anti-israel-le-soutien-estudiantin-a-ghaza-fait-peur-a-lestablishment\"><strong>USA<\/strong>&nbsp;: les dirigeants universitaires auditionn\u00e9s sur les manifestations propalestiniennes \u00e0 Columbia<\/a> (El Watan dz)<\/p>\n\n\n\n<p><a href=\"https:\/\/elwatan-dz.com\/tandis-que-lentite-sioniste-poursuit-ses-bombardements-les-etats-unis-votent-pour-une-nouvelle-aide-financiere-a-israel\">Les Etats-Unis votent pour une nouvelle aide financi\u00e8re \u00e0<strong> Isra\u00ebl<\/strong><\/a> (El Watan dz)<\/p>\n\n\n\n<p><a href=\"https:\/\/orientxxi.info\/magazine\/en-turquie-l-opposition-retrouve-de-la-vigueur-apres-les-municipales,7265\" target=\"_blank\" rel=\"noreferrer noopener\">En <strong>Turquie<\/strong>, l&rsquo;opposition retrouve de la vigueur apr\u00e8s les municipales<\/a>&nbsp;(Orient XXI)<\/p>\n\n\n\n<p><strong>Analyse<\/strong><\/p>\n\n\n\n<p><a href=\"https:\/\/lundi.am\/Portugal-une-revolution-cinquante-ans-d-Etat-democratique-et-au-final-le-retour\" target=\"_blank\" rel=\"noreferrer noopener\"><strong>Portugal<\/strong>&nbsp;: une r\u00e9volution, cinquante ans d\u2019Etat d\u00e9mocratique et, au final, le retour des monstres d\u2019hier<\/a> (Lundimatin)<\/p>\n\n\n\n<figure class=\"wp-block-image size-full is-resized\"><img data-recalc-dims=\"1\" loading=\"lazy\" decoding=\"async\" width=\"768\" height=\"511\" src=\"https:\/\/i0.wp.com\/www.rdpemancipation.org\/wp-content\/uploads\/2024\/04\/image-47.png?resize=768%2C511&#038;ssl=1\" alt=\"\" class=\"wp-image-128159\" style=\"width:475px;height:auto\" srcset=\"https:\/\/i0.wp.com\/www.rdpemancipation.org\/wp-content\/uploads\/2024\/04\/image-47.png?w=768&amp;ssl=1 768w, https:\/\/i0.wp.com\/www.rdpemancipation.org\/wp-content\/uploads\/2024\/04\/image-47.png?resize=300%2C200&amp;ssl=1 300w\" sizes=\"auto, (max-width: 768px) 100vw, 768px\" \/><\/figure>\n\n\n\n<p><strong><mark style=\"background-color:rgba(0, 0, 0, 0);color:#ed1010\" class=\"has-inline-color\">22 avril<\/mark><\/strong><\/p>\n\n\n\n<p><strong>France<\/strong><\/p>\n\n\n\n<p><a href=\"https:\/\/www.boursorama.com\/actualite-economique\/actualites\/prive-de-conference-a-lille-melenchon-rebondit-a-sciences-po-paris-c414fee937b4b4bafd232ef1ef05dc3d\">Priv\u00e9 de conf\u00e9rence \u00e0 Lille, M\u00e9lenchon rebondit \u00e0 Sciences Po Paris<\/a> (AFP)&nbsp;&nbsp;<\/p>\n\n\n\n<p><a href=\"https:\/\/www.francetvinfo.fr\/economie\/transports\/a69-les-opposants-au-projet-d-autoroute-manifestent-a-toulouse_6499952.html\"><strong>A69 : entre 1&nbsp;500 et 5&nbsp;000 personnes ont manifest\u00e9 \u00e0 Toulouse contre l&rsquo;autoroute<\/strong><\/a> (France Info)<\/p>\n\n\n\n<p><a href=\"https:\/\/www.bondyblog.fr\/reportages\/marche-contre-le-racisme-et-lislamophobie-nos-enfants-ne-sont-pas-du-gibier-a-flic\/\" target=\"_blank\" rel=\"noreferrer noopener\"><strong>Marche contre le racisme et l\u2019islamophobie : \u00abNos enfants ne sont pas du gibier \u00e0 flic\u00bb<\/strong><\/a>&nbsp;(Le Bondy Blog)<\/p>\n\n\n\n<p><a href=\"https:\/\/www.boursorama.com\/actualite-economique\/actualites\/plainte-de-darmanin-contre-un-syndicaliste-pour-diffamation-9913f99913adec37dd99cb2a2b49cc60\">Plainte de Darmanin contre un syndicaliste pour \u00ab\u00a0diffamation\u00a0\u00bb<\/a> (AFP)&nbsp;&nbsp;<\/p>\n\n\n\n<p><a href=\"https:\/\/www.boursorama.com\/actualite-economique\/actualites\/pour-chatelain-eelv-attal-nourrit-une-obsession-sur-la-question-des-musulmans-73b174d0f46b21dbb749ec4f6aa92bf8\">Pour Chatelain (EELV), Attal nourrit \u00ab\u00a0une obsession sur la question des musulmans\u00a0\u00bb<\/a> (AFP)&nbsp;&nbsp;<\/p>\n\n\n\n<p><a href=\"https:\/\/www.youtube.com\/watch?v=BZ3zYats9Cw\"><strong>Convocations, censure de Rima Hassan et M\u00e9lenchon&nbsp;: peut-on encore soutenir la Palestine en&nbsp;France&nbsp;?<\/strong><\/a> (Le M\u00e9dia)<\/p>\n\n\n\n<p><a href=\"https:\/\/www.youtube.com\/watch?v=biRB1uKpwY8\">PS, Macronie, M\u00e9dias, etc.&nbsp;: le RN peut leur dire merci<\/a>&nbsp; (Blast)<\/p>\n\n\n\n<p><strong>Monde<\/strong><\/p>\n\n\n\n<p><a href=\"https:\/\/www.francetvinfo.fr\/monde\/proche-orient\/israel-palestine\/direct-le-chef-du-renseignement-militaire-israelien-demissionne-en-raison-de-sa-responsabilite-dans-les-attaques-du-7-octobre_6501536.html\"><strong>Le chef du renseignement militaire isra\u00e9lien d\u00e9missionne pour sa \u2018responsabilit\u00e9\u2019 dans les attaques du 7 octobre<\/strong><\/a>(Le direct de France info)<\/p>\n\n\n\n<p><a href=\"https:\/\/www.boursorama.com\/actualite-economique\/actualites\/le-comite-d-evaluation-de-l-unrwa-salue-les-mesures-prises-pour-assurer-sa-neutralite-f5178c64f79a39967891c460ce58afec\">Le comit\u00e9 d&rsquo;\u00e9valuation de l&rsquo;UNRWA salue les mesures prises pour assurer sa \u00ab\u00a0neutralit\u00e9\u00a0\u00bb<\/a> (Reuters)<\/p>\n\n\n\n<p><a href=\"https:\/\/www.boursorama.com\/videos\/actualites\/israel-manifestation-antigouvernementale-a-tel-aviv-8cf223cbfad1253fd2e6d73a02e16b3e\"><strong>Isra\u00ebl : manifestation antigouvernementale \u00e0 Tel-Aviv<\/strong><\/a> (AFP vid\u00e9o)&nbsp;&nbsp;<\/p>\n\n\n\n<p><a href=\"https:\/\/www.boursorama.com\/videos\/actualites\/guerre-israel-hamas-washington-pret-a-sanctionner-un-bataillon-de-l-armee-israelienne-5a4784aac0973b528dafe35494562f68\">Guerre Isra\u00ebl-Hamas : Washington pr\u00eat \u00e0 sanctionner un bataillon de l&rsquo;arm\u00e9e isra\u00e9lienne<\/a> (France 24)&nbsp;<\/p>\n\n\n\n<p><a href=\"https:\/\/www.boursorama.com\/videos\/actualites\/guerre-israel-hamas-une-situation-intenable-en-cisjordanie-c45c3309f707f46e53ad5f738edfe24c\">Guerre Isra\u00ebl-Hamas : \u00ab\u00a0une situation intenable\u00a0\u00bb en Cisjordanie<\/a> (France 24)&nbsp;<\/p>\n\n\n\n<p><a href=\"https:\/\/histoireetsociete.com\/2024\/04\/20\/lhistoire-se-souviendra-de-ce-veto-des-etats-unis\/\">Palestine&nbsp;: l\u2019histoire se souviendra de ce veto des Etats-Unis<\/a>&nbsp;(Global Times&nbsp;<em>via<\/em>&nbsp;Histoire et Soci\u00e9t\u00e9)<\/p>\n\n\n\n<p><strong><a href=\"https:\/\/www.boursorama.com\/actualite-economique\/actualites\/donald-trump-accuse-de-complot-pour-truquer-l-election-de-2016-a-son-proces-5cd50287076fb3ae3509bddbbb345d6b\">Donald Trump accus\u00e9 de complot pour truquer l&rsquo;\u00e9lection de 2016 \u00e0 son proc\u00e8s<\/a> <\/strong>(AFP)<strong>&nbsp;&nbsp;<\/strong><\/p>\n\n\n\n<p><a href=\"https:\/\/www.boursorama.com\/actualite-economique\/actualites\/etats-unis-la-chambre-des-representants-adopte-un-plan-d-aide-de-60-8-mds-a-l-ukraine-ee7261e30e2e586c5ddcf5da0ed4cc30\"><strong>USA<\/strong> : La Chambre des repr\u00e9sentants adopte un plan d&rsquo;aide de $60,8 mds \u00e0 l&rsquo;<strong>Ukraine<\/strong><\/a> (Reuters)<\/p>\n\n\n\n<p><a href=\"https:\/\/www.boursorama.com\/actualite-economique\/actualites\/taipei-va-discuter-avec-washington-de-l-aide-militaire-adoptee-par-la-chambre-des-representants-424c9676fe8853eb570dada4206e1b22\"><strong>Taipei<\/strong> va discuter avec Washington de l&rsquo;aide militaire adopt\u00e9e par la Chambre des repr\u00e9sentants<\/a> (Reuters)<\/p>\n\n\n\n<p><a href=\"https:\/\/www.rfi.fr\/fr\/am%C3%A9riques\/20240420-pr%C3%A9sidentiele-venezuela-edmundo-gonzalez-urrutia-candidat-pud-opposition-face-maduro\"><strong>Venezuela<\/strong> : Edmundo Gonzalez Urrutia sera le candidat de l&rsquo;opposition face \u00e0 Nicolas Maduro<\/a> (RFI)<\/p>\n\n\n\n<p><strong>Analyse<\/strong><\/p>\n\n\n\n<p><a href=\"https:\/\/www.contretemps.eu\/guerre-iran-israel-imperialisme-autoritarisme\/\"><strong>\u00c0 l\u2019origine des menaces de guerre g\u00e9n\u00e9ralis\u00e9e : la politique criminelle et l\u2019impunit\u00e9 d\u2019Isra\u00ebl<\/strong><\/a> (Contretemps)<\/p>\n\n\n\n<p><a href=\"https:\/\/algeria-watch.org\/?p=92538\"><strong>La gouvernance n\u00e9olib\u00e9rale en marche<\/strong><\/a> (Algeria-Watch)<\/p>\n\n\n\n<p><a href=\"https:\/\/www.frustrationmagazine.fr\/woke\/\"><strong>La peur du wokisme ou comment transformer les victimes en coupables<\/strong><\/a> (Frustration)<\/p>\n\n\n\n<p><a href=\"https:\/\/theconversation.com\/de-limpensable-au-possible-comment-le-rn-sest-insere-dans-la-societe-francaise-216651?utm_medium=email&amp;utm_campaign=La%20lettre%20de%20The%20Conversation%20France%20du%2017%20avril%202024%20-%202941529886&amp;utm_content=La%20lettre%20de%20The%20Conversation%20France%20du%2017%20avril%202024%20-%202941529886+CID_ddb406017955e11cfea598ea8e1451fb&amp;utm_source=campaign_monitor_fr&amp;utm_term=De%20limpensable%20au%20possible%20%20comment%20le%20RN%20sest%20insr%20dans%20la%20socit%20franaise\">De l\u2019impensable au possible&nbsp;: comment le RN s\u2019est ins\u00e9r\u00e9 dans la soci\u00e9t\u00e9&nbsp;fran\u00e7aise<\/a>&nbsp;(The Conversation)<\/p>\n\n\n\n<p><a href=\"https:\/\/www.monde-diplomatique.fr\/2024\/03\/RIMBERT\/66649\">L\u2019Europe au pas cadenc\u00e9&nbsp;<\/a>(Le Monde diplomatique)<\/p>\n\n\n\n<p><a href=\"https:\/\/www.pressenza.com\/fr\/2024\/04\/que-signifie-la-confrontation-entre-israel-et-liran\/\">Que signifie la confrontation entre Isra\u00ebl et l\u2019Iran ?<\/a>&nbsp;(Pressenza)<\/p>\n\n\n\n<p><a href=\"https:\/\/www.cadtm.org\/La-flamme-olympique-une-merveilleuse-idee-du-Dr-Goebbels\">\u00ab&nbsp;La flamme olympique, une merveilleuse id\u00e9e du D<sup>r<\/sup>. Goebbels&nbsp;\u00bb&nbsp;!<\/a> (CADTM)<\/p>\n\n\n\n<figure class=\"wp-block-image size-full is-resized\"><img data-recalc-dims=\"1\" loading=\"lazy\" decoding=\"async\" width=\"640\" height=\"470\" src=\"https:\/\/i0.wp.com\/www.rdpemancipation.org\/wp-content\/uploads\/2024\/04\/image-45.png?resize=640%2C470&#038;ssl=1\" alt=\"\" class=\"wp-image-128119\" style=\"width:417px;height:auto\" srcset=\"https:\/\/i0.wp.com\/www.rdpemancipation.org\/wp-content\/uploads\/2024\/04\/image-45.png?w=640&amp;ssl=1 640w, https:\/\/i0.wp.com\/www.rdpemancipation.org\/wp-content\/uploads\/2024\/04\/image-45.png?resize=300%2C220&amp;ssl=1 300w\" sizes=\"auto, (max-width: 640px) 100vw, 640px\" \/><\/figure>\n\n\n\n<p><strong><mark style=\"background-color:rgba(0, 0, 0, 0);color:#ed1010\" class=\"has-inline-color\">20 avril<\/mark><\/strong><\/p>\n\n\n\n<p><strong>France<\/strong><\/p>\n\n\n\n<p><strong><a href=\"https:\/\/www.francetvinfo.fr\/politique\/video-elections-europeennes-une-bascule-repressive-est-en-train-de-s-installer-contre-rima-hassan-denonce-son-avocat_6498278.html\">Europ\u00e9ennes : \u2018Une bascule r\u00e9pressive est en train de s&rsquo;installer\u2019 contre Rima Hassan, d\u00e9nonce son avocat<\/a> <\/strong>(<a>France Info)<\/a><\/p>\n\n\n\n<p><a href=\"https:\/\/www.alternatives-economiques.fr\/gauche-contrer-lextreme-debat-entre-manon-aubry\/00110876\" target=\"_blank\" rel=\"noreferrer noopener\"><strong>Comment la gauche peut contrer l\u2019extr\u00eame droite ? D\u00e9bat entre Manon Aubry, Aurore Lalucq et Marie Toussaint<\/strong><\/a> (Alter \u00e9co)<\/p>\n\n\n\n<p><a href=\"https:\/\/www.politis.fr\/articles\/2024\/04\/ulysse-rabate-les-quartiers-populaires-ne-sont-pas-des-deserts-politiques\/\" target=\"_blank\" rel=\"noreferrer noopener\">\u00ab Les quartiers populaires ne sont pas des d\u00e9serts politiques \u00bb<\/a> (Politis)<\/p>\n\n\n\n<p><a href=\"https:\/\/www.lemediatv.fr\/emissions\/2024\/de-poutou-a-melenchon-il-faut-un-front-contre-la-censure-des-pro-palestine-b0U3RiIRS9e9ntDD9hD_UA\" target=\"_blank\" rel=\"noreferrer noopener\"><strong>De Poutou \u00e0 M\u00e9lenchon : \u00ab Il faut un front contre la censure des pro-Palestine \u00bb<\/strong><\/a>&nbsp;(Le M\u00e9dia)<\/p>\n\n\n\n<p><a href=\"https:\/\/www.mediapart.fr\/journal\/economie-et-social\/190424\/au-medef-jordan-bardella-est-devenu-l-ami-du-capital\">Au Medef, Jordan Bardella est devenu l\u2019ami du capital<\/a> (M\u00e9diapart)<\/p>\n\n\n\n<p><a href=\"https:\/\/elwatan-dz.com\/la-formation-medicale-locale-doit-sadapter-a-la-region-du-sud-les-essais-nucleaires-francais-font-encore-des-victimes\">Les essais nucl\u00e9aires fran\u00e7ais font encore des victimes dans le sud de l\u2019Alg\u00e9rie<\/a> (El Watan dz)<\/p>\n\n\n\n<p><a href=\"https:\/\/mondafrique.com\/decryptage\/presidentielle-au-tchad-la-france-divisee-entre-masra-et-deby\/\">Pr\u00e9sidentielle au Tchad&nbsp;: la France divis\u00e9e entre Masra et Deby<\/a> (Mondafrique)<\/p>\n\n\n\n<p><a href=\"https:\/\/mondafrique.com\/a-la-une\/lenquete-sur-le-passe-de-malika-sorel-icone-du-rassemblement-national-aux-europeennes\/\">Enqu\u00eate sur le pass\u00e9 de Malika Sorel, ic\u00f4ne du Rassemblement National<\/a> (Mondafrique)<\/p>\n\n\n\n<p><strong>Monde<\/strong><\/p>\n\n\n\n<p><a href=\"https:\/\/www.francetvinfo.fr\/monde\/proche-orient\/israel-palestine\/direct-irak-un-bombardement-sur-une-base-militaire-abritant-d-anciens-paramilitaires-pro-iran-fait-plusieurs-victimes_6497873.html\">Proche-Orient : le ministre iranien des Affaires \u00e9trang\u00e8res minimise l&rsquo;attaque imput\u00e9e \u00e0 Isra\u00ebl<\/a> (Le direct de France Info)<\/p>\n\n\n\n<p><a href=\"https:\/\/infos.lemonde.fr\/optiext\/optiextension.dll?ID=6yz6FHGO6ANaG%2BUL5qB6jY7Q2UQzrS1WhTn23F9n0Bc5UlWkt6U1n7AkVm9EGqWkyDhu14vvxMvpcUcy5avoep9STacRU51Jlm3aheA7\" target=\"_blank\" rel=\"noreferrer noopener\">Aux Etats-Unis, la politique \u00e9trang\u00e8re de Joe Biden emp\u00eatr\u00e9e dans ses contradictions<\/a> (Le Monde)<\/p>\n\n\n\n<p><a href=\"https:\/\/infos.lemonde.fr\/optiext\/optiextension.dll?ID=pTSpQIRa4fBu8sNK1CP30mOUKz5f8s3GymDY1n0hZ%2BGMorrFNOyQS7WuKZy9oKknKE0KZ4mKYMCYmxcFN%2B2nE5BkTiP0ORxOAPCCu_VS\" target=\"_blank\" rel=\"noreferrer noopener\">Le programme nucl\u00e9aire de l\u2019Iran, toile de fond des tensions avec Isra\u00ebl<\/a> (Le Monde)<\/p>\n\n\n\n<p><a href=\"https:\/\/orientxxi.statslive.info\/c\/6101079590\/eyJpdiI6IllLMXFvdlNob1pwaUlncFU1SEZXTmNwbnZ3ZzF3QkNKdG5wejVsMzNhSGM9IiwibWFjIjoiYTQwZjU0YTZiNTNjMTgxNDAzZDg4NDY1YzU3ZTA5MjJhMzZhNmNmN2JlNmFkMDBlN2FkYzVhOTU5YjgwZDAzOCIsInZhbHVlIjoiNVQzendFQWJPOE9aQU11cWNqVUlQMWREV05TNDh3NDdMMVZVSjNTTG5tTT0ifQ==\" target=\"_blank\" rel=\"noreferrer noopener\"><strong>\u00abComme tous les pouvoirs coloniaux, Isra\u00ebl ne veut pas d\u2019une soci\u00e9t\u00e9 \u00e9duqu\u00e9e\u00bb<\/strong><\/a> (Orient XXI)<\/p>\n\n\n\n<p><a href=\"https:\/\/orientxxi.statslive.info\/c\/6101079592\/eyJpdiI6InoxeHlcL0djeWdsdUJ6OE1XZUxzZ0ZlYmJCV0daNVdLenhJTlE4N0d4OVRZPSIsIm1hYyI6IjJmY2I2MDc2MDBlNjllNWVmNDg4MDExOGViMjcwMjZiMDUwNDIxYjkzYWFhMjFkNDgwYmVmZWE5MzAyZDJlNzYiLCJ2YWx1ZSI6IlBUb1hJalZGZVZrRTU4S3dvOWMyeXFyMDdyMXdLU0NXWWRcL3UyRHFONDk4PSJ9\" target=\"_blank\" rel=\"noreferrer noopener\">Gaza&nbsp;: Les d\u00e9plac\u00e9s veulent rentrer chez eux<\/a> (Orient XXI)<\/p>\n\n\n\n<p><a href=\"https:\/\/orientxxi.statslive.info\/c\/6101079602\/eyJpdiI6ImdFWmlMck1jYjROdGZcL1RkQ0cwc0xyNXhtdHNza0lLUHdiSDM4R0ZzR25jPSIsIm1hYyI6ImNlMTg5ZDZjYzY5MTY2MjEyMWUxNWJjMDdhN2IzZjU3NmZhMTc5NDFlYjViZjYxNjVjNTQ3NjZjYTBlZTY0ZWEiLCJ2YWx1ZSI6IkVcL0hwYWFEMVRHdGx1aFo5akJkYytPRlBtK3A0bnpOekV5N2UwQk1BNUdZPSJ9\" target=\"_blank\" rel=\"noreferrer noopener\">L\u2019avenir incertain des Druzes d\u2019Isra\u00ebl<\/a> (Orient XXI)<\/p>\n\n\n\n<p><a href=\"https:\/\/infos.lemonde.fr\/optiext\/optiextension.dll?ID=iQRiTv%2BEBW4B6TJPkEvnNtNcRdVxuLOTZG7h%2BHl4tC9Ttj0yGhIk9cMzYbsYl10pU%2B7c1FEGeMXKV5AE6Z7SoxuD65K%2BcOgmneZZa1it\" target=\"_blank\" rel=\"noreferrer noopener\">Au Canada, le gouvernement va taxer les plus riches et&nbsp;cherche \u00e0&nbsp;s\u00e9duire les jeunes avant les \u00e9lections<\/a> (Le Monde)<\/p>\n\n\n\n<p><strong>Analyse<\/strong><\/p>\n\n\n\n<p><a href=\"https:\/\/www.blast-info.fr\/articles\/2024\/machiavel-a-bruxelles-le-fabuleux-destin-dursula-von-der-leyen-IuAnW5JNT76Rgjl-qDNm-Q\" target=\"_blank\" rel=\"noreferrer noopener\"><strong>Machiavel \u00e0 Bruxelles : Le fabuleux destin d\u2019Ursula von der Leyen<\/strong><\/a> (Blast)<\/p>\n\n\n\n<p><a href=\"https:\/\/reporterre.net\/Alain-Damasio-Il-faut-battre-le-capitalisme-sur-le-terrain-du-desir\"><strong>Alain Damasio&nbsp;: \u00ab&nbsp;Il faut battre le capitalisme sur le terrain du d\u00e9sir&nbsp;\u00bb<\/strong><\/a> (Reporterre)<\/p>\n\n\n\n<p><a href=\"https:\/\/afriquexxi.us20.list-manage.com\/track\/click?u=f9f8627cbcbbdcb07c28f3cdf&amp;id=f2bf2dcb56&amp;e=58ff83d693\" target=\"_blank\" rel=\"noreferrer noopener\">\u00ab&nbsp;Fanon a essay\u00e9 toute sa vie de s\u2019appartenir&nbsp;\u00bb<\/a> (Afrique XXI)<\/p>\n\n\n\n<figure class=\"wp-block-image size-full is-resized\"><img data-recalc-dims=\"1\" loading=\"lazy\" decoding=\"async\" width=\"584\" height=\"329\" src=\"https:\/\/i0.wp.com\/www.rdpemancipation.org\/wp-content\/uploads\/2024\/04\/image-43.png?resize=584%2C329&#038;ssl=1\" alt=\"\" class=\"wp-image-128083\" style=\"width:431px;height:auto\" srcset=\"https:\/\/i0.wp.com\/www.rdpemancipation.org\/wp-content\/uploads\/2024\/04\/image-43.png?w=584&amp;ssl=1 584w, https:\/\/i0.wp.com\/www.rdpemancipation.org\/wp-content\/uploads\/2024\/04\/image-43.png?resize=300%2C169&amp;ssl=1 300w\" sizes=\"auto, (max-width: 584px) 100vw, 584px\" \/><\/figure>\n\n\n\n<p><strong><mark style=\"background-color:rgba(0, 0, 0, 0);color:#ed1010\" class=\"has-inline-color\">19 avril<\/mark><\/strong><\/p>\n\n\n\n<p><strong>France<\/strong><\/p>\n\n\n\n<p><a href=\"https:\/\/www.francetvinfo.fr\/politique\/la-france-insoumise\/la-militante-franco-palestinienne-rima-hassan-est-convoquee-par-la-police-judiciaire-lfi-denonce-une-intimidation-inaccepatble_6496508.html\">La militante franco-palestinienne Rima Hassan convoqu\u00e9e par la police judiciaire, une \u00ab\u00a0intimidation inacceptable\u00a0\u00bb pour LFI<\/a> (France Info)<\/p>\n\n\n\n<p><a><\/a><a href=\"https:\/\/www.contretemps.eu\/orientalisme-imperialisme-couverture-medias-palestine\/\">Orientalisme, imp\u00e9rialisme et couverture des m\u00e9dias dominants de la Palestine<\/a> (Contretemps)<\/p>\n\n\n\n<p><strong><a href=\"https:\/\/blogs.mediapart.fr\/tsedek\/blog\/190424\/marche-du-21-avril-le-gouvernement-poursuit-sa-derive-liberticide\">Marche du 21 avril : le gouvernement poursuit sa d\u00e9rive liberticide<\/a> <\/strong>(Blog de&nbsp;Tsedek!)<\/p>\n\n\n\n<p><a href=\"https:\/\/www.boursorama.com\/actualite-economique\/actualites\/entrisme-islamiste-a-l-ecole-jean-luc-melenchon-denonce-des-propos-islamophobes-de-gabriel-attal-824872eaa555dbe7709c2ccbb94ba16b\">\u00ab\u00a0Entrisme islamiste\u00a0\u00bb \u00e0 l&rsquo;\u00e9cole : Jean-Luc M\u00e9lenchon d\u00e9nonce des propos \u00ab\u00a0islamophobes\u00a0\u00bb de Gabriel Attal<\/a> (Boursorama)&nbsp;&nbsp;<\/p>\n\n\n\n<p><strong><a href=\"https:\/\/www.rfi.fr\/fr\/france\/20240418-france-la-vid%C3%A9osurveillance-algorithmique-de-nouveau-exp%C3%A9riment%C3%A9e-%C3%A0-paris\">La vid\u00e9osurveillance algorithmique de nouveau exp\u00e9riment\u00e9e \u00e0 Paris<\/a> <\/strong>(RFI)<\/p>\n\n\n\n<p><a href=\"https:\/\/www.boursorama.com\/actualite-economique\/actualites\/europeennes-le-rn-reste-en-tete-dans-les-sondages-loin-devant-la-majorite-et-le-ps-e17300ec83574fa4057a77b54642aca2\">Europ\u00e9ennes : le RN reste en t\u00eate dans les sondages, loin devant la majorit\u00e9 et le PS<\/a> (Boursorama)&nbsp;&nbsp;<\/p>\n\n\n\n<p><strong><a href=\"https:\/\/www.contretemps.eu\/anniversaire-loi-15-mars-2004-manipulation-laicite\/\">20e anniversaire de la loi anti-foulard de 2004&nbsp;: le bilan honteux d\u2019une manipulation de la la\u00efcit\u00e9<\/a> <\/strong>(Contretemps)<\/p>\n\n\n\n<p><strong>Monde<\/strong><\/p>\n\n\n\n<p><a href=\"https:\/\/www.rfi.fr\/fr\/am%C3%A9riques\/20240418-les-%C3%A9tats-unis-mettent-leur-veto-%C3%A0-l-adh%C3%A9sion-pleine-et-enti%C3%A8re-des-palestiniens-%C3%A0-l-onu\">Les <strong>\u00c9tats-Unis<\/strong> mettent leur veto \u00e0 l&rsquo;adh\u00e9sion pleine et enti\u00e8re des <strong>Palestiniens<\/strong> \u00e0 l&rsquo;ONU<\/a> (RFI)<\/p>\n\n\n\n<p><a href=\"https:\/\/www.boursorama.com\/actualite-economique\/actualites\/biden-recoit-l-onction-des-kennedy-face-a-la-menace-du-neveu-de-jfk-8637b1eed4908bbcd0254d3a7008d8b2\">Biden re\u00e7oit l&rsquo;onction des Kennedy face \u00e0 la menace du neveu de \u00ab\u00a0JFK\u00a0\u00bb<\/a> (AFP) &nbsp;&nbsp;<\/p>\n\n\n\n<p><a href=\"https:\/\/www.boursorama.com\/videos\/actualites\/l-inde-commence-a-voter-avec-le-nationaliste-hindou-modi-pour-favori-07783c5b7175d725164c5279717a3b09\">L&rsquo;<strong>Inde<\/strong> commence \u00e0 voter avec le nationaliste hindou Modi pour favori<\/a> (France 24) &nbsp;<\/p>\n\n\n\n<p><a href=\"https:\/\/www.alternatives-economiques.fr\/pouvoir-10-ans-narendra-modi-na-sorti-indiens-de-pauvre\/00110877\" target=\"_blank\" rel=\"noreferrer noopener\">Au pouvoir depuis 10 ans, Narendra Modi n&rsquo;a pas sorti les Indiens de la pauvret\u00e9<\/a>&nbsp;(Alter \u00e9co)<\/p>\n\n\n\n<p><a href=\"https:\/\/basta.media\/inde-la-plus-grande-election-jamais-tenue-Modi\" target=\"_blank\" rel=\"noreferrer noopener\"><strong>Inde <\/strong>: la plus grande \u00e9lection jamais tenue sera-t-elle vraiment d\u00e9mocratique ?<\/a>&nbsp;(Basta!)<\/p>\n\n\n\n<p><a href=\"https:\/\/www.boursorama.com\/actualite-economique\/actualites\/l-ukraine-affirme-avoir-abattu-un-bombardier-strategique-russe-tu-22m3-2e7f57c0e28555a848ba091b1581227e\">L&rsquo;<strong>Ukraine<\/strong> affirme avoir abattu un bombardier strat\u00e9gique russe Tu-22M3<\/a> (Reuters)<\/p>\n\n\n\n<p><a href=\"https:\/\/www.boursorama.com\/actualite-economique\/actualites\/nouveaux-raids-meurtriers-israeliens-a-gaza-guterres-deplore-un-enfer-humanitaire-c5f1e2c8fb132da9bc25856ef11fc074\">Nouveaux raids meurtriers isra\u00e9liens \u00e0 <strong>Gaza<\/strong>, Guterres d\u00e9plore un \u00ab\u00a0enfer humanitaire\u00a0\u00bb<\/a> (AFP) &nbsp;&nbsp;<\/p>\n\n\n\n<p><a href=\"https:\/\/www.humanite.fr\/en-debat\/archeologie\/gaza-sous-les-bombes-israeliennes-une-histoire-millenaire-menacee-deffacement\" target=\"_blank\" rel=\"noreferrer noopener\"><strong>Gaza<\/strong>&nbsp;: sous les bombes isra\u00e9liennes, une histoire mill\u00e9naire menac\u00e9e d\u2019effacement&nbsp;<\/a> (L\u2019Humanit\u00e9)<\/p>\n\n\n\n<p><a href=\"https:\/\/blogs.mediapart.fr\/les-invites-de-mediapart\/blog\/190424\/la-police-israelienne-arrete-la-professeure-nadera-shalhoub-kevorkian-pour-incitation\">La police <strong>isra\u00e9lienne<\/strong> a arr\u00eat\u00e9 la professeure Nadera Shalhoub-Kevorkian pour incitation \u00e0 la haine<\/a>&nbsp;(Les invit\u00e9s de Mediapart)<\/p>\n\n\n\n<p><strong>Analyse<\/strong><\/p>\n\n\n\n<p><strong><a href=\"https:\/\/alencontre.org\/moyenorient\/palestine\/a-propos-de-lunrwa-breve-mise-en-perspective.html\">Palestine. A propos de l\u2019UNRWA, br\u00e8ve mise en perspective<\/a> <\/strong>(A l\u2019Encontre)<\/p>\n\n\n\n<p><a href=\"https:\/\/blogs.mediapart.fr\/les-invites-de-mediapart\/blog\/190424\/yanis-varoufakis-si-les-droits-humains-universels-ne-sont-pas-universels-ils-ne-signif\">Yanis Varoufakis&nbsp;: \u00abSi les droits humains universels ne sont pas universels, ils ne signifient rien\u00bb<\/a>&nbsp;(Les invit\u00e9s de Mediapart)<\/p>\n\n\n\n<p><a href=\"https:\/\/alencontre.org\/moyenorient\/egypte\/soudan-de-la-revolution-de-2018-19-a-la-guerre-civile-actuelle-leurs-origines-leurs-developpements-et-la-place-des-acteurs-regionaux.html\">Soudan. De la r\u00e9volution de 2018-19 \u00e0 la guerre civile actuelle<\/a> (A l\u2019Encontre)<\/p>\n\n\n\n<figure class=\"wp-block-image size-full is-resized\"><img data-recalc-dims=\"1\" loading=\"lazy\" decoding=\"async\" width=\"579\" height=\"334\" src=\"https:\/\/i0.wp.com\/www.rdpemancipation.org\/wp-content\/uploads\/2024\/04\/image-40.png?resize=579%2C334&#038;ssl=1\" alt=\"\" class=\"wp-image-128034\" style=\"width:416px;height:auto\" srcset=\"https:\/\/i0.wp.com\/www.rdpemancipation.org\/wp-content\/uploads\/2024\/04\/image-40.png?w=579&amp;ssl=1 579w, https:\/\/i0.wp.com\/www.rdpemancipation.org\/wp-content\/uploads\/2024\/04\/image-40.png?resize=300%2C173&amp;ssl=1 300w\" sizes=\"auto, (max-width: 579px) 100vw, 579px\" \/><figcaption class=\"wp-element-caption\">Khartoum, 16 avril 2024<\/figcaption><\/figure>\n\n\n\n<p><strong><mark style=\"background-color:rgba(0, 0, 0, 0);color:#ed1010\" class=\"has-inline-color\">17 et 18 avril<\/mark><\/strong><\/p>\n\n\n\n<p><strong>France<\/strong><\/p>\n\n\n\n<p><a href=\"https:\/\/www.youtube.com\/watch?v=cyAG6ShoR-4\">\u00ab EELV se vend comme un suppl\u00e9ment d&rsquo;\u00e2me en fonction des rapports de forces \u00e0 gauche \u00bb<\/a> (La Midinale)<\/p>\n\n\n\n<p><a href=\"https:\/\/www.revolutionpermanente.fr\/100-jours-d-Attal-la-dette-et-les-europeennes-reactivent-le-spectre-de-la-crise-politique\">100 jours d\u2019Attal&nbsp;: la dette et les europ\u00e9ennes r\u00e9activent le spectre de la crise politique<\/a> (RP)<\/p>\n\n\n\n<p><a href=\"https:\/\/www.mediapart.fr\/journal\/economie-et-social\/180424\/apologie-du-terrorisme-un-syndicaliste-du-nord-ecope-d-un-de-prison-avec-sursis\" target=\"_blank\" rel=\"noreferrer noopener\">\u2018Apologie du terrorisme\u2019: un syndicaliste du Nord \u00e9cope d\u2019un an de prison avec sursis<\/a>&nbsp;(Mediapart)<\/p>\n\n\n\n<p><a href=\"https:\/\/www.acrimed.org\/Alain-Minc-et-Jacques-Attali-l-eternel-retour-des\" target=\"_blank\" rel=\"noreferrer noopener\">Alain Minc et Jacques Attali, l&rsquo;\u00e9ternel retour des duettistes m\u00e9diatiques<\/a>&nbsp;(Acrimed)<\/p>\n\n\n\n<p><a href=\"https:\/\/www.huffingtonpost.fr\/politique\/article\/europeennes-2024-jordan-bardella-demandera-la-dissolution-si-le-rn-est-en-tete-des-elections_232787.html\"><strong>Bardella demandera la dissolution si le RN est en t\u00eate aux europ\u00e9ennes<\/strong><\/a> (Huffpost)<\/p>\n\n\n\n<p><a href=\"https:\/\/www.liberation.fr\/politique\/nous-serons-plus-nombreux-demain-a-roubaix-lfi-vent-debout-contre-lannulation-de-sa-conference-20240417_XSA6Q2VAWVGCFIR4KMUPIL4HUA\/\">\u00c0 Roubaix, LFI vent debout contre l\u2019annulation de sa conf\u00e9rence<\/a><a> <\/a>(Lib\u00e9ration)<\/p>\n\n\n\n<p><a href=\"http:\/\/www.defenddemocracy.press\/melenchon-netanyahu-nous-mene-a-la-guerre-totale\/\">M\u00e9lenchon : \u201c<\/a><a href=\"http:\/\/www.defenddemocracy.press\/melenchon-netanyahu-nous-mene-a-la-guerre-totale\/\"><em>Netanyahu nous m\u00e8ne \u00e0 la guerre totale<\/em><\/a><a href=\"http:\/\/www.defenddemocracy.press\/melenchon-netanyahu-nous-mene-a-la-guerre-totale\/\">\u201d<\/a>&nbsp;(Defend Democracy Press)<\/p>\n\n\n\n<p><a href=\"https:\/\/www.economiematin.fr\/programmation-energie-loi-transition-ecologie-nyssen\">Programmation \u00e9nerg\u00e9tique&nbsp;: le Gouvernement renonce \u00e0 la voie parlementaire<\/a>&nbsp; (Economie matin)<\/p>\n\n\n\n<p><strong>Monde<\/strong><\/p>\n\n\n\n<p><a href=\"https:\/\/www.liberation.fr\/international\/moyen-orient\/pour-les-palestiniens-de-cisjordanie-toutes-les-excuses-sont-bonnes-pour-nous-tuer-20240417_XAPNIRB25NA4RJ6QAE45XTA5P4\/\">Repr\u00e9sailles contre les Palestiniens de Cisjordanie : \u00abToutes les excuses sont bonnes pour nous tuer\u00bb<\/a> (Lib\u00e9ration)<\/p>\n\n\n\n<p><a href=\"https:\/\/www.mediapart.fr\/journal\/international\/180424\/attaque-par-les-colons-le-village-d-al-mughayyer-incarne-la-brutale-expansion-israelienne-en-cisjor\" target=\"_blank\" rel=\"noreferrer noopener\">Attaqu\u00e9 par les colons, le village d\u2019Al-Mughayyer incarne la brutale expansion isra\u00e9lienne en Cisjordanie<\/a>&nbsp;(Mediapart)<\/p>\n\n\n\n<p><a href=\"https:\/\/www.revolutionpermanente.fr\/Frappes-iraniennes-le-soutien-des-pays-arabes-a-Israel-marque-un-nouveau-rapprochement\">Frappes iraniennes&nbsp;: le soutien des pays arabes \u00e0 Isra\u00ebl marque un nouveau rapprochement<\/a> (RP)<\/p>\n\n\n\n<p><a href=\"https:\/\/link.newsletter.franceculture.fr\/m\/ml\/7429\/866121\/feFnpHyaBHb5BX5w0aB5_m9C5lXTLJmivm821gAfcU8=\/eoJEjrwJaZ4wWCoCrOYueBWqzMkoY-kqtQnpnhdc9Ro=\/\" target=\"_blank\" rel=\"noreferrer noopener\"><strong>Les Palestiniens vont-ils faire les frais du conflit entre l&rsquo;Iran et Isra\u00ebl&nbsp;?<\/strong><\/a> (France Culture)<\/p>\n\n\n\n<p><a href=\"https:\/\/www.connaissancedesenergies.org\/afp\/pres-de-45-ans-de-sanctions-internationales-contre-liran-240418\">Pr\u00e8s de 45 ans de sanctions internationales contre l&rsquo;Iran<\/a> (AFP)<\/p>\n\n\n\n<p><a href=\"https:\/\/www.francetvinfo.fr\/replay-radio\/le-club-des-correspondants\/armee-et-ia-l-ukraine-est-devenu-un-laboratoire-pour-ces-nouvelles-armes-intelligentes-qui-inquietent-l-onu_6453404.html#xtor=RSS-3-%5Bgeneral%5D\">L\u2019Ukraine est devenu un laboratoire pour ces nouvelles armes \u2018intelligentes\u2019 qui inqui\u00e8tent l&rsquo;ONU<\/a>&nbsp;(France Info)<a href=\"https:\/\/www.rfi.fr\/fr\/en-bref\/20240417-des-m%C3%A9dias-affirment-avoir-identifi%C3%A9-plus-de-50000-soldats-russes-tu%C3%A9s-en-ukraine\"><\/a><\/p>\n\n\n\n<p><a href=\"https:\/\/www.rfi.fr\/fr\/en-bref\/20240417-des-m%C3%A9dias-affirment-avoir-identifi%C3%A9-plus-de-50000-soldats-russes-tu%C3%A9s-en-ukraine\">Des m\u00e9dias affirment avoir identifi\u00e9 plus de 50000 soldats russes tu\u00e9s en Ukraine<\/a> (RFI)<\/p>\n\n\n\n<p><a href=\"https:\/\/aplutsoc.org\/2024\/04\/13\/recrudescence-de-violences-dextreme-droite-communique-du-syndicat-etudiant-priama-diia\/\">Ukraine &#8211; Recrudescence de violences d\u2019extr\u00eame droite. Communiqu\u00e9 du syndicat \u00e9tudiant Priama Diia<\/a>&nbsp; (Aplutsoc)<\/p>\n\n\n\n<p><a href=\"https:\/\/consortiumnews.com\/fr\/2024\/04\/15\/La-police-allemande-a-interrompu-une-conf%C3%A9rence-sur-la-Palestine\/\"><strong>Allemagne.&nbsp;La police allemande met fin \u00e0 une conf\u00e9rence sur la Palestine<\/strong><\/a> (ConsortiumNews)<\/p>\n\n\n\n<p><a href=\"https:\/\/www.pressenza.com\/fr\/2024\/04\/yanis-varoufakis-le-discours-prevu-a-berlin-avant-que-la-police-ne-mette-fin-au-congres-sur-la-palestine\/\">Yanis Varoufakis : le discours pr\u00e9vu \u00e0 Berlin avant que la police ne mette fin au congr\u00e8s sur la Palestine<\/a>&nbsp; (Pressenza)<\/p>\n\n\n\n<p><a href=\"https:\/\/www.monde-diplomatique.fr\/2024\/04\/MONTEIRO\/66749\" target=\"_blank\" rel=\"noreferrer noopener\">L&rsquo;essor de l&rsquo;extr\u00eame droite portugaise<\/a>&nbsp;(Le Monde diplomatique)<\/p>\n\n\n\n<p><strong>Analyse<\/strong><\/p>\n\n\n\n<p><a href=\"https:\/\/www.youtube.com\/watch?v=T1GzjqY8xqk\" target=\"_blank\" rel=\"noreferrer noopener\">Le vide europ\u00e9en par Emmanuel Todd<\/a>&nbsp;(Vid\u00e9o Elucid)<\/p>\n\n\n\n<p><a href=\"https:\/\/blog.mondediplo.net\/la-fin-de-l-innocence\" target=\"_blank\" rel=\"noreferrer noopener\"><strong>La fin de l\u2019innocence<\/strong><\/a>&nbsp;&#8211; Fr\u00e9d\u00e9ric Lordon (Monde Diplomatique)<\/p>\n\n\n\n<p><a href=\"https:\/\/lejournal.cnrs.fr\/articles\/covid-19-bilan-dune-surveillance-massive\">Covid-19&nbsp;: bilan d\u2019une surveillance massive<\/a>&nbsp;(Journal du CNRS)<\/p>\n\n\n\n<p><strong><a href=\"https:\/\/www.blast-info.fr\/emissions\/2024\/qui-a-vraiment-le-pouvoir-en-europe-FpjAxzS3SnmvxYd2dR2rPg\" target=\"_blank\" rel=\"noreferrer noopener\">Qui a vraiment le pouvoir en Europe ?<\/a>&nbsp;<\/strong>(Blast)<\/p>\n\n\n\n<p><a href=\"https:\/\/qg.media\/2024\/04\/17\/tant-quil-ny-aura-pas-de-sanctions-ni-de-cessation-de-livraison-darmes-a-israel-les-responsables-israeliens-continueront\/\">Tant qu\u2019il n\u2019y aura pas de sanctions, ni de cessation de livraison d\u2019armes \u00e0 Isra\u00ebl, les responsables isra\u00e9liens continueront<\/a>&nbsp; (Entretien QG M\u00e9dia)<\/p>\n\n\n\n<figure class=\"wp-block-image size-full is-resized\"><img data-recalc-dims=\"1\" loading=\"lazy\" decoding=\"async\" width=\"540\" height=\"375\" src=\"https:\/\/i0.wp.com\/www.rdpemancipation.org\/wp-content\/uploads\/2024\/04\/image-38.png?resize=540%2C375&#038;ssl=1\" alt=\"\" class=\"wp-image-128000\" style=\"width:434px;height:auto\" srcset=\"https:\/\/i0.wp.com\/www.rdpemancipation.org\/wp-content\/uploads\/2024\/04\/image-38.png?w=540&amp;ssl=1 540w, https:\/\/i0.wp.com\/www.rdpemancipation.org\/wp-content\/uploads\/2024\/04\/image-38.png?resize=300%2C208&amp;ssl=1 300w\" sizes=\"auto, (max-width: 540px) 100vw, 540px\" \/><\/figure>\n\n\n\n<p><strong><mark style=\"background-color:rgba(0, 0, 0, 0);color:#ed1010\" class=\"has-inline-color\">16 avril<\/mark><\/strong><\/p>\n\n\n\n<p><strong>France<\/strong><\/p>\n\n\n\n<p><a href=\"https:\/\/www.mediapart.fr\/journal\/france\/160424\/scandale-de-la-legion-d-honneur-des-nouvelles-decorations-suspectes\" target=\"_blank\" rel=\"noreferrer noopener\">Scandale de la L\u00e9gion d\u2019honneur : des nouvelles d\u00e9corations suspectes<\/a>&nbsp;(Mediapart)<\/p>\n\n\n\n<p><strong><a href=\"https:\/\/reporterre.net\/Dans-les-sous-sols-de-l-antiterrorisme-l-enfer-des-militants-ecologistes\" target=\"_blank\" rel=\"noreferrer noopener\">Dans les sous-sols de l&rsquo;antiterrorisme, l&rsquo;enfer des militants \u00e9cologistes<\/a>&nbsp;<\/strong>(Reporterre)<\/p>\n\n\n\n<p><a href=\"https:\/\/www.francetvinfo.fr\/replay-radio\/le-brief-politique\/mayotte-la-suppression-du-droit-du-sol-ne-fait-pas-l-unanimite-au-sein-de-la-majorite-presidentielle_6434572.html\">Mayotte : la suppression du droit du sol ne fait pas l&rsquo;unanimit\u00e9 au sein de la majorit\u00e9 pr\u00e9sidentielle<\/a> (France Info)<\/p>\n\n\n\n<p><strong><a href=\"https:\/\/www.ldh-france.org\/mayotte-demolitions-des-quartiers-pauvres-sous-couvert-de-la-loi-elan\/\">Mayotte&nbsp;: d\u00e9molition des quartiers pauvres sous couvert de la loi Elan<\/a> <\/strong>(LDH)<\/p>\n\n\n\n<p><a href=\"https:\/\/www.humanite.fr\/medias\/extreme-droite\/cartographie-de-lextreme-gauche-le-media-dextreme-droite-livre-noir-designe-ses-cibles\" target=\"_blank\" rel=\"noreferrer noopener\">\u2018Cartographie de l\u2019extr\u00eame gauche\u2019: le m\u00e9dia d\u2019extr\u00eame droite \u2018Livre noir\u2019 d\u00e9signe ses cibles<\/a>&nbsp;(L\u2019Humanit\u00e9)<\/p>\n\n\n\n<p><strong><a href=\"https:\/\/fakirpresse.info\/a-la-cour-du-roi-macron-une-litanie-d-affaire-et-encore-on-n-a-pas-tout-mis\" target=\"_blank\" rel=\"noreferrer noopener\">\u00c0 la cour du roi Macron : une litanie d&rsquo;affaire (et encore on n&rsquo;a pas tout mis)<\/a> <\/strong>(Fakir)<\/p>\n\n\n\n<p><a href=\"https:\/\/www.lemediatv.fr\/emissions\/2024\/de-ministre-de-leconomie-a-president-avons-nous-deja-oublie-le-terrible-bilan-de-macron-9eR7LZODS_6dWKaS_i1a4Q\" target=\"_blank\" rel=\"noreferrer noopener\">De ministre de l\u2019\u00c9conomie \u00e0 Pr\u00e9sident : avons-nous d\u00e9j\u00e0 oubli\u00e9 le terrible bilan de Macron ?<\/a> (Le M\u00e9dia)<\/p>\n\n\n\n<p><strong>Monde<\/strong><\/p>\n\n\n\n<p><a href=\"https:\/\/alencontre.org\/ameriques\/americnord\/usa\/etats-unis-face-au-duopole-biden-trump-pourquoi-ny-a-t-il-pas-dalternative-en-2024.html\">USA. Face au duopole Biden-Trump, pourquoi n\u2019y a-t-il pas d\u2019alternative en 2024&nbsp;?<\/a> (A l\u2019Encontre)<\/p>\n\n\n\n<p><a href=\"https:\/\/www.mediapart.fr\/journal\/international\/160424\/historique-le-premier-proces-penal-de-donald-trump-s-est-ouvert-new-york\" target=\"_blank\" rel=\"noreferrer noopener\">Historique, le premier proc\u00e8s p\u00e9nal de Donald Trump s\u2019est ouvert \u00e0 New York<\/a>&nbsp;(Mediapart)<\/p>\n\n\n\n<p><a href=\"https:\/\/www.francetvinfo.fr\/monde\/europe\/manifestations-en-ukraine\/guerre-en-ukraine-la-situation-a-la-centrale-de-zaporijjia-s-approche-dangereusement-d-un-accident-nucleaire-selon-l-aiea_6489734.html\">Ukraine : la situation \u00e0 la centrale de Zaporijjia s&rsquo;approche \u2018dangereusement d&rsquo;un accident nucl\u00e9aire\u2019, selon l&rsquo;AIEA<\/a> (France Info)<\/p>\n\n\n\n<p><a href=\"https:\/\/www.rfi.fr\/fr\/en-bref\/20240416-olaf-scholz-dit-vouloir-discuter-avec-xi-jinping-d-une-paix-juste-en-ukraine\">Olaf Scholz dit vouloir discuter avec Xi Jinping d&rsquo;une \u00abpaix juste\u00bb en Ukraine<\/a> (RFI)<\/p>\n\n\n\n<p><a href=\"https:\/\/orientxxi.info\/magazine\/iran-israel-une-escalade-en-forme-de-poker-menteur,7244\" target=\"_blank\" rel=\"noreferrer noopener\"><strong>Iran\u2013Isra\u00ebl. Une escalade en forme de poker menteur<\/strong><\/a>&nbsp;(Orient XXI)<\/p>\n\n\n\n<p><a href=\"https:\/\/www.huffingtonpost.fr\/international\/article\/derriere-l-attaque-de-l-iran-en-israel-le-c-ur-de-la-guerre-reste-a-gaza_232701.html\">Derri\u00e8re la crainte d\u2019une riposte d\u2019Isra\u00ebl en Iran, le c\u0153ur de la guerre reste \u00e0 Gaza<\/a> (Huffpost)<\/p>\n\n\n\n<p><a href=\"https:\/\/alencontre.org\/ameriques\/americnord\/usa\/alors-que-liran-et-israel-se-font-face-les-palestiniens-en-paieront-ils-le-prix.html\">Alors que l\u2019Iran et Isra\u00ebl se font face, les Palestiniens en paieront-ils le prix&nbsp;?<\/a> (A l\u2019Encontre)<\/p>\n\n\n\n<p><a href=\"https:\/\/www.connaissancedesenergies.org\/afp\/liran-ferme-ses-installations-nucleaires-le-jour-de-son-attaque-contre-israel-grossi-240416\">L&rsquo;Iran a ferm\u00e9 ses installations nucl\u00e9aires le jour de son attaque contre Isra\u00ebl <\/a>&nbsp;(AFP)<\/p>\n\n\n\n<p><strong>Analyse<\/strong><\/p>\n\n\n\n<p><a href=\"https:\/\/www.socialter.fr\/article\/manon-aubry-elections-europeennes-gauche-ecologie-extreme-droite\" target=\"_blank\" rel=\"noreferrer noopener\">Manon Aubry : \u2018Sans une immense mobilisation, la droite et l\u2019extr\u00eame droite vont dicter leur agenda anti-\u00e9colo\u2019<\/a>&nbsp;(Entretien fleuve dans Socialter)<\/p>\n\n\n\n<p><a href=\"https:\/\/www.contretemps.eu\/renaissance-analyse-marxiste-classes-sociales\/\">Nous avons besoin d\u2019une renaissance de l\u2019analyse marxiste des classes sociales<\/a> &nbsp;(Contretemps)<\/p>\n\n\n\n<figure class=\"wp-block-image size-full is-resized\"><img data-recalc-dims=\"1\" loading=\"lazy\" decoding=\"async\" width=\"1020\" height=\"515\" src=\"https:\/\/i0.wp.com\/www.rdpemancipation.org\/wp-content\/uploads\/2024\/04\/image-34.png?resize=1020%2C515&#038;ssl=1\" alt=\"\" class=\"wp-image-127929\" style=\"width:473px;height:auto\" srcset=\"https:\/\/i0.wp.com\/www.rdpemancipation.org\/wp-content\/uploads\/2024\/04\/image-34.png?w=1020&amp;ssl=1 1020w, https:\/\/i0.wp.com\/www.rdpemancipation.org\/wp-content\/uploads\/2024\/04\/image-34.png?resize=300%2C151&amp;ssl=1 300w, https:\/\/i0.wp.com\/www.rdpemancipation.org\/wp-content\/uploads\/2024\/04\/image-34.png?resize=768%2C388&amp;ssl=1 768w\" sizes=\"auto, (max-width: 1020px) 100vw, 1020px\" \/><\/figure>\n\n\n\n<p><strong><mark style=\"background-color:rgba(0, 0, 0, 0);color:#ed1010\" class=\"has-inline-color\">15 avril<\/mark><\/strong><\/p>\n\n\n\n<p><strong>France<\/strong><\/p>\n\n\n\n<p><strong><a href=\"https:\/\/www.ldh-france.org\/violences-policieres-au-cra-de-lyon-2-briser-le-silence\/\">Violences polici\u00e8res au CRA de Lyon 2&nbsp;; briser le silence<\/a> <\/strong>(LDH)<\/p>\n\n\n\n<p><a href=\"https:\/\/api.indigo-net.com\/email\/RedirectionEmailing?mail=n.chevillard@noos.fr&amp;ID=602983&amp;DOCIID=109703480&amp;ENAIID=876931&amp;RETOUR=SIMPLE&amp;link=https:\/\/www.intelligenceonline.fr\/renseignement-d-etat\/2024\/04\/15\/l-accord-secret-entre-macron-et-zelensky-dans-l-imagerie-fait-grincer-des-dents,110203854-eve?cxt=PUB&amp;utm_source=LMR&amp;utm_medium=email&amp;utm_campaign=AUTO_EDIT_SOM_PROS\" target=\"_blank\" rel=\"noreferrer noopener\">L&rsquo;accord secret entre Macron et Zelensky dans l&rsquo;imagerie fait grincer des dents<\/a> (Intelligence Online)<\/p>\n\n\n\n<p><a href=\"https:\/\/www.lemediatv.fr\/emissions\/2024\/macron-vs-le-maire-ils-se-detestent-mais-vont-nous-plumer-YGWtUuVJRmqQoAQcwy3L4w\" target=\"_blank\" rel=\"noreferrer noopener\"><strong>Macron vs Le Maire : ils se d\u00e9testent mais vont nous plumer<\/strong><\/a> (Le M\u00e9dia)<\/p>\n\n\n\n<p><a href=\"https:\/\/www.mediapart.fr\/journal\/politique\/130424\/glucksmann-face-l-encombrant-soutien-des-socialistes-anti-nupes\" target=\"_blank\" rel=\"noreferrer noopener\">Glucksmann face \u00e0 l\u2019encombrant soutien des socialistes \u00abanti-Nupes\u00bb<\/a>&nbsp;(Mediapart)<\/p>\n\n\n\n<p><a href=\"https:\/\/www.arretsurimages.net\/articles\/gabriel-attal-influenceur-premier-ministre-en-guerre-contre-les-ecrans\" target=\"_blank\" rel=\"noreferrer noopener\">Gabriel Attal, influenceur-premier ministre, en guerre contre les \u00e9crans<\/a>&nbsp;(Arr\u00eat sur images)<\/p>\n\n\n\n<p><a href=\"https:\/\/www.lemediatv.fr\/emissions\/2024\/indesirables-a-lelysee-comment-la-macronie-combat-les-medias-independants--ipUDrXKQ_WJd-f0yOTaSw\" target=\"_blank\" rel=\"noreferrer noopener\">Ind\u00e9sirables \u00e0 l&rsquo;\u00c9lys\u00e9e : comment la macronie combat les m\u00e9dias ind\u00e9pendants<\/a>&nbsp;(Le M\u00e9dia)<\/p>\n\n\n\n<p><a href=\"https:\/\/aplutsoc.org\/2024\/04\/11\/echos-du-meeting-commun-ujfp-tsedek-du-30-mars-2024\/\" target=\"_blank\" rel=\"noreferrer noopener\">\u00c9chos du meeting commun UJFP \u2013 Tsedek du 30 mars 2024<\/a>&nbsp;(Aplutsoc)<\/p>\n\n\n\n<p><a href=\"https:\/\/www.rfi.fr\/fr\/podcasts\/lignes-de-d%C3%A9fense\/20240413-exportation-d-armes-la-france-sur-le-podium-mondial\">Exportation d&rsquo;armes : la France sur le podium mondial<\/a>&nbsp;(RFI)<\/p>\n\n\n\n<p><a href=\"https:\/\/www.youtube.com\/watch?v=LIxWFimb9P8\">\u00ab L&rsquo;attaque de Gu\u00e9rini contre les fonctionnaires est m\u00e9chante, infond\u00e9e et indigne d&rsquo;un ministre \u00bb<\/a>&nbsp;(Regards)<\/p>\n\n\n\n<p><strong>Monde<\/strong><\/p>\n\n\n\n<p><a href=\"https:\/\/mondafrique.com\/a-la-une\/lattaque-de-liran-redonne-a-israel-un-statut-de-victime\/\">Les 300 drones lanc\u00e9s par l\u2019<strong>Iran<\/strong> contre <strong>Isra\u00ebl<\/strong> donnent \u00e0 l\u2019\u00c9tat h\u00e9breu un statut de victime<\/a> (Mondafrique)<\/p>\n\n\n\n<p><a href=\"https:\/\/www.middleeasteye.net\/fr\/actu-et-enquetes\/attaque-de-liran-contre-israel-ce-quil-faut-retenir\">Attaque de l\u2019<strong>Iran<\/strong> contre <strong>Isra\u00ebl<\/strong> : ce qu\u2019il faut retenir<\/a> (MEE)<\/p>\n\n\n\n<p><a href=\"https:\/\/Pourquoi%20les%20repr\u00e9sailles%20de%20l\u2019Iran%20contre%20Isra\u00ebl%20n\u2019\u00e9taient%20pas%20un%20\u00e9chec\">Pourquoi les repr\u00e9sailles de l\u2019<strong>Iran<\/strong> contre <strong>Isra\u00ebl<\/strong> n\u2019\u00e9taient pas un \u00e9chec<\/a> (Mondoweiss, en anglais)<\/p>\n\n\n\n<p><a href=\"https:\/\/www.lequotidien-oran.com\/index.php?news=5329015&amp;archive_date=2024-04-14\">En plus des bombardements : Les colons sionistes attaquent les villages <strong>palestiniens<\/strong><\/a> (Le Quotidien d\u2019Oran)<\/p>\n\n\n\n<p><a href=\"https:\/\/elwatan-dz.com\/envoi-darmes-a-israel-des-pays-europeens-menaces-de-poursuites-pour-complicite-de-genocide\">Envoi d\u2019armes \u00e0 <strong>Isra\u00ebl<\/strong> : Des pays europ\u00e9ens menac\u00e9s de poursuites pour complicit\u00e9 de g\u00e9nocide<\/a> (El Watan DZ)<\/p>\n\n\n\n<p><a href=\"https:\/\/www.lemediatv.fr\/emissions\/2024\/alliance-avec-israel-pourquoi-la-monarchie-du-maroc-reprime-ses-opposants-ho26Z9gUThqAKRCalfnjdA\" target=\"_blank\" rel=\"noreferrer noopener\">Alliance avec<strong> Isra\u00ebl<\/strong> : pourquoi la monarchie du <strong>Maroc<\/strong> r\u00e9prime ses opposants<\/a>&nbsp;(Le M\u00e9dia)<\/p>\n\n\n\n<p><a href=\"https:\/\/www.mediapart.fr\/journal\/international\/130424\/la-situation-sur-le-front-s-est-considerablement-degradee-alerte-le-chef-de-l-armee-ukrainienne\" target=\"_blank\" rel=\"noreferrer noopener\">La situation sur le front s\u2019est \u00abconsid\u00e9rablement d\u00e9grad\u00e9e\u00bb, alerte le chef de l\u2019arm\u00e9e <strong>ukrainienne<\/strong><\/a>&nbsp;(Mediapart)<\/p>\n\n\n\n<p><a href=\"https:\/\/link.newsletter.franceculture.fr\/m\/ml\/7429\/865723\/tEVso3xPuRSrEJcjhjPrpW9C5lXTLJmivm821gAfcU8=\/GWT5gv5aPQ9f8S-+TbEEBN0ZWUppxephunOOjHh4tu8=\/\" target=\"_blank\" rel=\"noreferrer noopener\">Un an de guerre au <strong>Soudan<\/strong>&nbsp;: un conflit qui s\u2019enlise<\/a> (France Culture)<\/p>\n\n\n\n<p><a href=\"https:\/\/www.revue-ballast.fr\/mouvement-femme-vie-liberte-performer-la-resistance-feministe-en-iran\/\" target=\"_blank\" rel=\"noreferrer noopener\"><strong>Mouvement Femme* Vie Libert\u00e9 : performer la r\u00e9sistance f\u00e9ministe en Iran<\/strong><\/a>&nbsp;(Ballast)<\/p>\n\n\n\n<p><strong>Analyse<\/strong><\/p>\n\n\n\n<p><a href=\"https:\/\/lundi.am\/Le-genocide-des-Nomades-Figures-du-deni\" target=\"_blank\" rel=\"noreferrer noopener\">Le g\u00e9nocide des \u00ab&nbsp;Nomades&nbsp;\u00bb&nbsp;: Figures du d\u00e9ni<\/a> (Lundimatin)<\/p>\n\n\n\n<p><a href=\"https:\/\/link.newsletter.franceculture.fr\/m\/ml\/7429\/865723\/tEVso3xPuRSrEJcjhjPrpW9C5lXTLJmivm821gAfcU8=\/GWT5gv5aPQ9f8S-+TbEEBN0ZWUppxephGxa6XC942zQ=\/\" target=\"_blank\" rel=\"noreferrer noopener\">Masculinismes, identitaires&nbsp;: les r\u00e9seaux au service d\u2019une nouvelle vague r\u00e9actionnaire<\/a> (France Culture)<\/p>\n\n\n\n<p><a href=\"https:\/\/nvo.fr\/insister-sur-les-liens-entre-le-fascisme-historique-et-lextreme-droite-contemporaine\/\" target=\"_blank\" rel=\"noreferrer noopener\">\u00abLes liens entre le fascisme historique et l\u2019extr\u00eame droite contemporaine\u00bb<\/a>&nbsp;(La Vie Ouvri\u00e8re)<\/p>\n\n\n\n<p><a href=\"https:\/\/investigaction.net\/leurope-genereuse-en-subventions-scientifiques-a-israel-en-plein-genocide-a-gaza\/\">L\u2019Europe g\u00e9n\u00e9reuse en subventions scientifiques \u00e0 <strong>Isra\u00ebl<\/strong> en plein g\u00e9nocide \u00e0 <strong>Gaza<\/strong><\/a>&nbsp;(Investigaction)<\/p>\n\n\n\n<p><a href=\"https:\/\/aplutsoc.org\/2024\/04\/11\/un-outil-pour-naviguer-dans-les-cahiers-leon-trotsky-par-robert-duguet\/\" target=\"_blank\" rel=\"noreferrer noopener\">Un outil pour naviguer dans les Cahiers L\u00e9on Trotsky. Par Robert Duguet<\/a>&nbsp;(Aplutsoc)<\/p>\n\n\n\n<p><a href=\"https:\/\/www.frustrationmagazine.fr\/gaza-guerre-chronique-joseph-andras\/\"><strong>Gaza&nbsp;: tout sauf une guerre<\/strong>&nbsp;<\/a> (Frustration, avec l\u2019\u00e9crivain Joseph Andras)<\/p>\n\n\n\n<figure class=\"wp-block-image size-full is-resized\"><img data-recalc-dims=\"1\" loading=\"lazy\" decoding=\"async\" width=\"692\" height=\"391\" src=\"https:\/\/i0.wp.com\/www.rdpemancipation.org\/wp-content\/uploads\/2024\/04\/image-32.png?resize=692%2C391&#038;ssl=1\" alt=\"\" class=\"wp-image-127876\" style=\"width:432px;height:auto\" srcset=\"https:\/\/i0.wp.com\/www.rdpemancipation.org\/wp-content\/uploads\/2024\/04\/image-32.png?w=692&amp;ssl=1 692w, https:\/\/i0.wp.com\/www.rdpemancipation.org\/wp-content\/uploads\/2024\/04\/image-32.png?resize=300%2C170&amp;ssl=1 300w\" sizes=\"auto, (max-width: 692px) 100vw, 692px\" \/><\/figure>\n\n\n\n<p><strong><mark style=\"background-color:rgba(0, 0, 0, 0);color:#ed1010\" class=\"has-inline-color\">13 avril<\/mark><\/strong><\/p>\n\n\n\n<p><strong>France<\/strong><\/p>\n\n\n\n<p><strong><a href=\"https:\/\/www.rfi.fr\/fr\/en-bref\/20240413-ventes-d-armes-fran%C3%A7aises-%C3%A0-isra%C3%ABl-le-tribunal-administratif-de-paris-d%C3%A9boute-amnesty-et-la-ligue-des-droits-de-l-homme\">Ventes d&rsquo;armes fran\u00e7aises \u00e0 Isra\u00ebl : le tribunal administratif de Paris d\u00e9boute Amnesty et la LDH<\/a><\/strong> &nbsp;(RFI)<\/p>\n\n\n\n<p><a href=\"https:\/\/infos.lemonde.fr\/optiext\/optiextension.dll?ID=z76z%2BuHamzp4AriFSY1UAasr3SzESmc7JS0bqjAdjXkmE1jPXrp2e0oSNcw1o7RKHv6OX2%2BdMWXXDbTSRn%2ByVYYMiMos42Q5Ww45Mk5B\" target=\"_blank\" rel=\"noreferrer noopener\">La grande accoutumance au RN&nbsp;qui affine sa strat\u00e9gie de \u00abnormalisation\u00bb dans toute la France<\/a> (Le Monde)<\/p>\n\n\n\n<p><a href=\"https:\/\/api.indigo-net.com\/email\/RedirectionEmailing?mail=n.chevillard@noos.fr&amp;ID=602056&amp;DOCIID=109703480&amp;ENAIID=876004&amp;RETOUR=SIMPLE&amp;link=https:\/\/www.lalettre.fr\/fr\/action-publique\/2024\/04\/11\/le-milliardaire-pierre-edouard-sterin-se-reve-en-marionnettiste-d-une-autre-droite,110203399-evg?cxt=PUB&amp;utm_source=LLA&amp;utm_medium=email&amp;utm_campaign=AUTO_EDIT_SOM_PROS\" target=\"_blank\" rel=\"noreferrer noopener\"><strong>Le milliardaire Pierre-\u00c9douard St\u00e9rin se r\u00eave en marionnettiste d&rsquo;une autre droite<\/strong><\/a> (La Lettre)<\/p>\n\n\n\n<p><a href=\"https:\/\/api.indigo-net.com\/email\/RedirectionEmailing?mail=n.chevillard@noos.fr&amp;ID=602056&amp;DOCIID=109703480&amp;ENAIID=876004&amp;RETOUR=SIMPLE&amp;link=https:\/\/www.lalettre.fr\/fr\/action-publique_elysee-matignon\/2024\/04\/11\/emmanuel-macron-exfiltre-son-conseiller-agriculture-apres-le-fiasco-des-soulevements-de-la-terre,110203388-art?cxt=PUB&amp;utm_source=LLA&amp;utm_medium=email&amp;utm_campaign=AUTO_EDIT_SOM_PROS\" target=\"_blank\" rel=\"noreferrer noopener\">Emmanuel Macron exfiltre son conseiller agriculture apr\u00e8s le fiasco des Soul\u00e8vements de la Terre<\/a> (La Lettre)<\/p>\n\n\n\n<p><a href=\"https:\/\/infos.lemonde.fr\/optiext\/optiextension.dll?ID=z76z7TvOxj5anWKljzi6hXo6vf5UrrfJHtUaEPv%2BQfxsY0XPWAXFQh4vZ1_txeSmvPcydaSZAAOnha3onQ3S0S0gBvXZlhUus0dCEC5Y\" target=\"_blank\" rel=\"noreferrer noopener\">A Bergerac, Emmanuel&nbsp;Macron d\u00e9fend une \u00e9conomie de guerre qui \u00abproduit de la richesse\u00bb<\/a> (Le Monde)<\/p>\n\n\n\n<p><a href=\"https:\/\/infos.lemonde.fr\/optiext\/optiextension.dll?ID=oSToSz440dFpZGe2lmgGjzo3PO_WY_2L%2BdF_E8QXhvnLHbgENOVJDH8NrrB1Md2vAEO4CeE9SEwF31eUc4xg7NSCG0luKd79p6xvflU4\" target=\"_blank\" rel=\"noreferrer noopener\">Les \u00e9lections europ\u00e9ennes particuli\u00e8rement menac\u00e9es par les ing\u00e9rences \u00e9trang\u00e8res<\/a> (Le Monde)<\/p>\n\n\n\n<p><strong>Monde<\/strong><\/p>\n\n\n\n<p><a href=\"https:\/\/www.rfi.fr\/fr\/en-bref\/20240413-navire-saisi-par-l-iran-isra%C3%ABl-exhorte-l-ue-%C3%A0-classer-les-gardiens-de-la-r%C3%A9volution-organisation-terroriste\">Navire saisi par l&rsquo;<strong>Iran<\/strong> : Isra\u00ebl exhorte l&rsquo;UE \u00e0 classer les Gardiens de la r\u00e9volution \u00aborganisation terroriste\u00bb<\/a> (RFI)<\/p>\n\n\n\n<p><a href=\"https:\/\/www.rfi.fr\/fr\/moyen-orient\/20240413-cisjordanie-occup%C3%A9e-des-attaques-de-colons-isra%C3%A9liens-en-cascade\"><strong>Cisjordanie<\/strong> occup\u00e9e : des attaques de colons isra\u00e9liens en cascade<\/a> (RFI)<\/p>\n\n\n\n<p><a href=\"https:\/\/www.rfi.fr\/fr\/moyen-orient\/20240410-%C3%A0-gaza-plus-de-600-000-enfants-priv%C3%A9s-d-%C3%A9cole-depuis-le-d%C3%A9but-de-la-guerre\">\u00c0 <strong>Gaza<\/strong>, plus de 600 000 enfants priv\u00e9s d&rsquo;\u00e9cole depuis le d\u00e9but de la guerre<\/a> (RFI)<\/p>\n\n\n\n<p><a href=\"https:\/\/link.newsletter.franceculture.fr\/m\/ml\/7429\/865168\/GMIP2q6YHIMNSzcytTFnRm9C5lXTLJmivm821gAfcU8=\/tBHQVlAzYYbhevl431qtib1RIrAl3p8WWj2VP7LtySQ=\/\" target=\"_blank\" rel=\"noreferrer noopener\">Quelle forme pourrait prendre la riposte \u201cimminente\u201d de l\u2019<strong>Iran<\/strong> contre <strong>Isra\u00ebl<\/strong>&nbsp;?<\/a> (France Culture)<\/p>\n\n\n\n<p><a href=\"https:\/\/www.boursorama.com\/actualite-economique\/actualites\/cette-bidenflation-qui-colle-aux-semelles-du-president-americain-7071c240337da183d035e4a43b517792\">Cette \u00ab\u00a0Bidenflation\u00a0\u00bb qui colle aux semelles du pr\u00e9sident am\u00e9ricain<\/a> (AFP)&nbsp;&nbsp;<\/p>\n\n\n\n<p><a><\/a><a href=\"https:\/\/www.boursorama.com\/actualite-economique\/actualites\/avortement-trump-veut-ramener-l-amerique-aux-annees-1800-tacle-kamala-harris-88e898f564d82e18921daa3b6ad47939\">Avortement : Trump \u00ab\u00a0veut ramener l&rsquo;Am\u00e9rique aux ann\u00e9es 1800\u00a0\u00bb, tacle Kamala Harris<\/a> (AFP)&nbsp;&nbsp;<\/p>\n\n\n\n<p><a href=\"https:\/\/www.boursorama.com\/actualite-economique\/actualites\/le-scenario-d-une-attaque-iranienne-contre-israel-juge-plausible-a-washington-b0842a319028fc194b4f0d10ef530701\">Le sc\u00e9nario d&rsquo;une attaque iranienne contre Isra\u00ebl jug\u00e9 \u00ab\u00a0plausible\u00a0\u00bb \u00e0 Washington<\/a> (Reuters)<\/p>\n\n\n\n<p><a href=\"https:\/\/f5tddwwi.r.eu-west-1.awstrack.me\/L0\/https:%2F%2Forientxxi.info%2Fdossiers-et-series%2Ftemoignage-d-un-travailleur-gazaoui-detenu-et-torture-en-israel,7227\/2\/0102018ed543dca5-64d65334-a954-4c16-995f-c15e737a0348-000000\/tNZGg3RwlcnSaWkFajbnSpTpGvc=369\" target=\"_blank\" rel=\"noreferrer noopener\"><strong>T\u00e9moignage d\u2019un travailleur gazaoui d\u00e9tenu et tortur\u00e9 en Isra\u00ebl<\/strong><\/a> (Orient XXI)<\/p>\n\n\n\n<p><a href=\"https:\/\/orientxxi.info\/lu-vu-entendu\/les-tourments-ininterrompus-des-kurdes-d-irak,7201\" target=\"_blank\" rel=\"noreferrer noopener\">Les tourments ininterrompus des <strong>Kurdes<\/strong> d\u2019Irak<\/a> (Orient XXI)<\/p>\n\n\n\n<p><a href=\"https:\/\/infos.lemonde.fr\/optiext\/optiextension.dll?ID=oSToR9yoZ7FrvIEDyWkmL6HXutLi4kcu__APHorLaHbhKYXENbS4rKSxmCJMzDZiaS9fhblZo8XlqiWD0zniIj9TZi1HVj_AYmokD4UE\" target=\"_blank\" rel=\"noreferrer noopener\"><strong>Cor\u00e9e du Sud<\/strong>&nbsp;: apr\u00e8s la d\u00e9faite \u00e9lectorale du pr\u00e9sident conservateur, des r\u00e9actions politiques en cascade<\/a> (Le Monde)<\/p>\n\n\n\n<p><strong>Analyse<\/strong><\/p>\n\n\n\n<p><a href=\"https:\/\/infos.lemonde.fr\/optiext\/optiextension.dll?ID=z76z6GkYpHSF2G%2B_oIyHY7xJyMbg8eeI2cz7b6pdk9MEF%2BQPXFtpSOnJWNqGYzzXfQnZ1hHEujCGs8e3KSch7XygSNWA_bcOXshQW3zS\" target=\"_blank\" rel=\"noreferrer noopener\">Patrick de Saint-Exup\u00e9ry, journaliste&nbsp;: \u00abAu Rwanda, il y a trente ans, l\u2019Elys\u00e9e a engag\u00e9 la France dans la voie du d\u00e9shonneur\u00bb<\/a> (Le Monde)<\/p>\n\n\n\n<p><a href=\"https:\/\/infos.lemonde.fr\/optiext\/optiextension.dll?ID=oSToTKaKC6RV8wB5ovGi6F38nNJizvZ4R9p6muRJ5%2BEqdSBEMItKOeevGabuXTCHiIRL05oAiBn31wasqMqCYBjLxazvOpDrYSUEq8UE\" target=\"_blank\" rel=\"noreferrer noopener\">Le pari perdu de N\u00e9tanyahou sur les clans de Gaza<\/a> -Jean-Pierre Filiu (Le Monde)<\/p>\n\n\n\n<p><strong><mark style=\"background-color:rgba(0, 0, 0, 0);color:#ed1010\" class=\"has-inline-color\">12 avril<\/mark><\/strong><\/p>\n\n\n\n<p><strong>France<\/strong><\/p>\n\n\n\n<p><strong><a href=\"https:\/\/www.liberation.fr\/politique\/lextreme-droite-bras-arme-de-la-guerre-politique-menee-par-le-kremlin-en-france-20240412_KBWVQT27M5FQZKOIUGNMFPCL7Q\/\">L\u2019extr\u00eame droite, bras arm\u00e9 de la \u00abguerre politique\u00bb men\u00e9e par le Kremlin en France<\/a><\/strong> (Lib\u00e9ration)<\/p>\n\n\n\n<p><a href=\"https:\/\/www.mediapart.fr\/journal\/politique\/120424\/motion-de-censure-de-lr-la-menace-fantome\" target=\"_blank\" rel=\"noreferrer noopener\">Motion de censure de LR : la menace fant\u00f4me<\/a>&nbsp;(Mediapart)<\/p>\n\n\n\n<p><a href=\"https:\/\/www.mediapart.fr\/journal\/ecologie\/120424\/action-contre-lafarge-un-traitement-de-choc-contre-les-militants-ecologistes\" target=\"_blank\" rel=\"noreferrer noopener\">Action contre Lafarge : un traitement de choc contre les militants \u00e9cologistes<\/a>&nbsp;(Mediapart)<\/p>\n\n\n\n<p><strong><a href=\"https:\/\/disclose.ngo\/fr\/article\/livraisons-darmes-a-israel-11-ong-attaquent-la-france-en-justice\" target=\"_blank\" rel=\"noreferrer noopener\">Livraisons d\u2019armes \u00e0 Isra\u00ebl : 11 ONG attaquent la France en justice&nbsp;<\/a> <\/strong>(Disclose)<\/p>\n\n\n\n<p><a href=\"https:\/\/www.mediapart.fr\/journal\/politique\/120424\/europeennes-amiens-le-communiste-leon-deffontaines-vante-sa-gauche-authentique-et-populaire\" target=\"_blank\" rel=\"noreferrer noopener\">Europ\u00e9ennes : \u00e0 Amiens, le communiste Deffontaines vante sa gauche \u2018authentique et populaire\u2019<\/a>&nbsp;(Mediapart)<\/p>\n\n\n\n<p><strong><a href=\"https:\/\/afriquexxi.info\/Macron-la-memoire-et-l-oubli\" target=\"_blank\" rel=\"noreferrer noopener\">Macron, le Rwanda, la m\u00e9moire et l&rsquo;oubli<\/a>&nbsp;<\/strong>(Afrique XXI)<\/p>\n\n\n\n<p><strong><a href=\"https:\/\/www.mediapart.fr\/journal\/culture-et-idees\/110424\/enquete-sur-cnews-matrice-du-projet-d-extreme-droite-de-bollore\" target=\"_blank\" rel=\"noreferrer noopener\">Enqu\u00eate sur CNews, \u00abmatrice du projet d\u2019extr\u00eame droite de Bollor\u00e9\u00bb<\/a>&nbsp;<\/strong>(A l\u2019air libre)<\/p>\n\n\n\n<p><a href=\"https:\/\/www.lemediatv.fr\/emissions\/2024\/elections-europeennes-le-grand-debat-lfi-eelv-rennaissance-qSDlu4BkQEOepVeW7eafbQ\" target=\"_blank\" rel=\"noreferrer noopener\">\u00c9lections europ\u00e9ennes, le grand d\u00e9bat : LFI &#8211; EELV &#8211; Rennaissance<\/a>&nbsp;(Le M\u00e9dia)<a href=\"https:\/\/www.francetvinfo.fr\/politique\/front-national\/bourgogne-franche-comte-il-ne-faut-pas-laisser-passer-reagit-la-presidente-du-conseil-regional-apres-les-pancartes-et-les-propos-d-elus-rn_6482522.html\"><\/a><\/p>\n\n\n\n<p><a href=\"https:\/\/www.francetvinfo.fr\/politique\/front-national\/bourgogne-franche-comte-il-ne-faut-pas-laisser-passer-reagit-la-presidente-du-conseil-regional-apres-les-pancartes-et-les-propos-d-elus-rn_6482522.html\">Bourgogne-Franche-Comt\u00e9 : Conseil r\u00e9gional&nbsp;: pancartes et propos d&rsquo;\u00e9lus RN<\/a> (France info)<\/p>\n\n\n\n<p><strong><a href=\"https:\/\/t.nl.france3.fr\/r\/?id=h2bb1f1f3,6cc10fee,5febe8b1&amp;p1=726375-1613287517-668363dc\" target=\"_blank\" rel=\"noreferrer noopener\">Elles se disent \u00ab\u00a0f\u00e9ministes identitaires\u00a0\u00bb, qui sont vraiment les militantes de N\u00e9m\u00e9sis ?<\/a><\/strong> (France 3)<\/p>\n\n\n\n<p><strong>Monde<\/strong><a href=\"https:\/\/www.francetvinfo.fr\/monde\/palestine\/gaza\/guerre-entre-israel-et-le-hamas-dans-la-bande-de-gaza-le-combat-quotidien-des-habitants-contre-la-faim_6482147.html\"><\/a><\/p>\n\n\n\n<p><a href=\"https:\/\/www.francetvinfo.fr\/monde\/palestine\/gaza\/guerre-entre-israel-et-le-hamas-dans-la-bande-de-gaza-le-combat-quotidien-des-habitants-contre-la-faim_6482147.html\">Dans la bande de <strong>Gaza<\/strong>, le combat quotidien des habitants contre la faim<\/a> (France Info)<\/p>\n\n\n\n<p><a href=\"https:\/\/www.humanite.fr\/monde\/guerre-en-ukraine\/guerre-en-ukraine-la-societe-russe-face-au-spectre-de-la-division\" target=\"_blank\" rel=\"noreferrer noopener\">Guerre en Ukraine : la soci\u00e9t\u00e9 <strong>russe<\/strong> face au spectre de la division<\/a>&nbsp;(L\u2019Humanit\u00e9)<\/p>\n\n\n\n<p><a href=\"https:\/\/fr.myeurop.info\/2024\/04\/12\/lextreme-droite-progresse-egalement-au-portugal-qui-est-chega\/\" target=\"_blank\" rel=\"noreferrer noopener\">L\u2019extr\u00eame droite progresse \u00e9galement au <strong>Portugal<\/strong> : qui est Chega ?<\/a>&nbsp;(Myeurop.info)<\/p>\n\n\n\n<p><a href=\"https:\/\/www.humanite.fr\/monde\/espagne\/guerre-a-gaza-pedro-sanchez-en-irlande-pour-une-reconnaissance-mutuelle-de-la-palestine\" target=\"_blank\" rel=\"noreferrer noopener\">Pedro Sanchez en Irlande pour une reconnaissance mutuelle de la <strong>Palestine<\/strong><\/a>&nbsp;(L\u2019Humanit\u00e9)<\/p>\n\n\n\n<p><strong><a href=\"https:\/\/reporterre.net\/En-Israel-les-ecologistes-pacifistes-sont-ostracises\" target=\"_blank\" rel=\"noreferrer noopener\">En Isra\u00ebl, les \u00e9cologistes pacifistes sont ostracis\u00e9s<\/a>&nbsp;<\/strong>(Reporterre)<\/p>\n\n\n\n<p><a href=\"https:\/\/orientxxi.info\/magazine\/en-palestine-naplouse-la-rebelle-garde-la-tete-haute,7226\" target=\"_blank\" rel=\"noreferrer noopener\">En Palestine, Naplouse la rebelle garde la t\u00eate haute<\/a>&nbsp;(Orient XXI)<\/p>\n\n\n\n<p><strong>Analyse<\/strong><\/p>\n\n\n\n<p><strong><a href=\"https:\/\/www.alternatives-economiques.fr\/un-an-apres-reforme-retraites-devenus-neoadherents-aux\/00110332\" target=\"_blank\" rel=\"noreferrer noopener\">Un an apr\u00e8s la r\u00e9forme des retraites, que sont devenus les n\u00e9oadh\u00e9rents aux syndicats ?<\/a>&nbsp;<\/strong>(Alter \u00e9co)<\/p>\n\n\n\n<p><a href=\"https:\/\/www.streetpress.com\/sujet\/1712914334-neonazi-journaliste-magazine-livre-noir-ukraine-azov-xavier-maire-extreme-droite\" target=\"_blank\" rel=\"noreferrer noopener\">Un n\u00e9onazi violent, journaliste pour le magazine Livre Noir<\/a>&nbsp;(StreetPress)<\/p>\n\n\n\n<p><strong><mark style=\"background-color:rgba(0, 0, 0, 0);color:#ed1010\" class=\"has-inline-color\">11 avril<\/mark><\/strong><\/p>\n\n\n\n<p><strong>France<\/strong><\/p>\n\n\n\n<p><a href=\"https:\/\/www.politis.fr\/articles\/2024\/04\/il-est-presque-sur-que-des-eurodeputes-rn-ont-recu-de-grosses-sommes-de-la-russie\/\" target=\"_blank\" rel=\"noreferrer noopener\"><strong>Il est presque s\u00fbr que des eurod\u00e9put\u00e9s RN ont re\u00e7u de grosses sommes de la Russie<\/strong>&nbsp;<\/a> (Politis)<\/p>\n\n\n\n<p><a href=\"https:\/\/www.blast-info.fr\/articles\/2024\/bretagne-marion-marechal-en-croisade-sur-les-terres-de-son-grand-pere-A7d4WcnOSZ-HYfcxRy6ncw\" target=\"_blank\" rel=\"noreferrer noopener\">Bretagne : Marion Mar\u00e9chal en croisade sur les terres de son grand-p\u00e8re<\/a>&nbsp;(Blast)<\/p>\n\n\n\n<p><a href=\"https:\/\/www.blast-info.fr\/articles\/2024\/gaza-la-justice-administrative-saisie-de-plusieurs-demandes-de-suspension-des-ventes-darmes-francaises-a-israel-lEMWK2S_SbeF4Qa_OxeZeA\" target=\"_blank\" rel=\"noreferrer noopener\">La justice administrative saisie de plusieurs demandes de suspension des ventes d&rsquo;armes fran\u00e7aises \u00e0 Isra\u00ebl<\/a>&nbsp;(Blast)<\/p>\n\n\n\n<p><a href=\"https:\/\/www.boursorama.com\/actualite-economique\/actualites\/une-maladie-francaise-macron-exclut-l-hypothese-d-une-hausse-des-impots-e6f3d6919b9d61b19b771aa140068cfe\">Une \u00ab\u00a0maladie fran\u00e7aise\u00a0\u00bb : Macron exclut l&rsquo;hypoth\u00e8se d&rsquo;une hausse des imp\u00f4ts<\/a> (Boursorama)&nbsp;&nbsp;<\/p>\n\n\n\n<p><a href=\"https:\/\/www.youtube.com\/watch?v=-u7aRwRsjvY\" target=\"_blank\" rel=\"noreferrer noopener\">Ils sont nuls, nuls et archi nuls !<\/a>&nbsp;(France Info)<\/p>\n\n\n\n<p><strong>Monde<\/strong><\/p>\n\n\n\n<p><a href=\"https:\/\/www.humanite.fr\/monde\/guerre-israel-hamas\/guerre-a-gaza-des-palestiniens-saisissent-la-justice-europeenne\" target=\"_blank\" rel=\"noreferrer noopener\">Gaza : des Palestiniens saisissent la justice Europ\u00e9enne<\/a>&nbsp;(L\u2019Humanit\u00e9)<\/p>\n\n\n\n<p><a href=\"https:\/\/www.boursorama.com\/videos\/actualites\/mort-des-fils-d-ismail-haniyeh-quel-impact-sur-les-negociations-d-une-treve-israel-hamas-789c3e3b64bccca46d5524cd3115ea9f\">Mort des fils d&rsquo;Isma\u00efl Haniyeh : impact sur les n\u00e9gociations d&rsquo;une tr\u00eave Isra\u00ebl-Hamas<\/a> (France 24) &nbsp;<\/p>\n\n\n\n<p><strong><a href=\"https:\/\/alencontre.org\/ameriques\/americnord\/usa\/etats-unis-elon-musk-et-jeff-bezos-veulent-vider-de-sa-substance-la-loi-sur-les-relations-de-travail-datant-de-1935.html\">USA. Elon Musk et Jeff Bezos veulent vider de sa substance la loi sur les relations de travail de 1935<\/a><\/strong> (A l\u2019Encontre)<\/p>\n\n\n\n<p><a href=\"https:\/\/insolentiae.com\/le-plan-secret-devenu-public-de-donald-trump-pour-mettre-fin-a-la-guerre-en-ukraine\/\">Le plan \u00ab&nbsp;secret&nbsp;\u00bb (devenu public) de Donald Trump pour mettre fin \u00e0 la guerre en&nbsp;<\/a><a href=\"https:\/\/insolentiae.com\/le-plan-secret-devenu-public-de-donald-trump-pour-mettre-fin-a-la-guerre-en-ukraine\/\">Ukraine<\/a>&nbsp;(Insolentiae)<\/p>\n\n\n\n<p><a href=\"https:\/\/histoireetsociete.com\/2024\/04\/08\/les-fractures-de-lalliance-transatlantique-eclatent-au-grand-jour\/\">Les fractures de l\u2019alliance transatlantique \u00e9clatent au grand jour<\/a>&nbsp;(Histoire et Soci\u00e9t\u00e9)<\/p>\n\n\n\n<p><a href=\"https:\/\/www.globaltimes.cn\/page\/202404\/1310290.shtml\">Xi meets Lavrov, reaffirms <strong>China<\/strong>&lsquo;s emphasis on partnership with <strong>Russia<\/strong><\/a>&nbsp;(Global Times)<\/p>\n\n\n\n<p><a href=\"https:\/\/www.aljazeera.com\/news\/2024\/4\/9\/south-korea-holds-parliamentary-elections-all-you-need-to-know\"><strong>South Korea<\/strong> holds parliamentary elections: All you need to know&nbsp;<\/a> (Al Jazeera)<\/p>\n\n\n\n<p><a href=\"https:\/\/www.france24.com\/fr\/am%C3%A9riques\/20240408-ha%C3%AFti-accord-politique-pour-former-un-conseil-de-transition-de-22-mois\">Ha\u00efti&nbsp;: accord politique pour la cr\u00e9ation d&rsquo;un conseil de transition de 22 mois<\/a>&nbsp;(France 24) &nbsp;<\/p>\n\n\n\n<p><a href=\"https:\/\/www.972mag.com\/netanyahu-prolonging-war-new-normal\/\">Isra\u00ebl. Netanyahu isn\u2019t the only one interested in prolonging the war<\/a>&nbsp;(+972)<\/p>\n\n\n\n<p><strong>Analyse<\/strong><\/p>\n\n\n\n<p><strong><a href=\"https:\/\/theconversation.com\/gaza-une-catastrophe-humanitaire-averee-227181?utm_medium=email&amp;utm_campaign=La%20lettre%20de%20The%20Conversation%20France%20du%207%20avril%202024%20-%202930729769&amp;utm_content=La%20lettre%20de%20The%20Conversation%20France%20du%207%20avril%202024%20-%202930729769+CID_c368cc34f148f9873de1ac469f9c4a2e&amp;utm_source=campaign_monitor_fr&amp;utm_term=Gaza%20une%20catastrophe%20humanitaire%20avre\">Gaza, une catastrophe humanitaire&nbsp;av\u00e9r\u00e9e<\/a>&nbsp;<\/strong>(The Conversation)<\/p>\n\n\n\n<p><a href=\"https:\/\/link.newsletter.franceculture.fr\/m\/ml\/7429\/864964\/3nJShVHM3l-3jwk80FklXm9C5lXTLJmivm821gAfcU8=\/w59C2pXsoNe8BVQGdQS6UmXFlU+K23nAC-cF-MehmGI=\/\" target=\"_blank\" rel=\"noreferrer noopener\">Inaction climatique&nbsp;: la justice internationale met les \u00c9tats au vert<\/a> (France Culture)<\/p>\n\n\n\n<p><a href=\"https:\/\/www.contretemps.eu\/gramsci-hegemonie-revolution-douet\/\">Gramsci, son \u00e9poque et la n\u00f4tre<\/a> (Contretemps)<\/p>\n\n\n\n<p><a href=\"https:\/\/www.courrierinternational.com\/article\/temoignage-guerre-a-gaza-c-est-a-devenir-fou-deplore-un-reserviste-israelien\">T\u00e9moignage.&nbsp;Guerre \u00e0 Gaza&nbsp;: \u201cC\u2019est \u00e0 devenir fou&nbsp;!\u201d d\u00e9plore un r\u00e9serviste isra\u00e9lien<\/a> (Courrier International)<\/p>\n\n\n\n<figure class=\"wp-block-image size-full is-resized\"><img data-recalc-dims=\"1\" loading=\"lazy\" decoding=\"async\" width=\"600\" height=\"378\" src=\"https:\/\/i0.wp.com\/www.rdpemancipation.org\/wp-content\/uploads\/2024\/04\/image-29.png?resize=600%2C378&#038;ssl=1\" alt=\"\" class=\"wp-image-127758\" style=\"width:421px;height:auto\" srcset=\"https:\/\/i0.wp.com\/www.rdpemancipation.org\/wp-content\/uploads\/2024\/04\/image-29.png?w=600&amp;ssl=1 600w, https:\/\/i0.wp.com\/www.rdpemancipation.org\/wp-content\/uploads\/2024\/04\/image-29.png?resize=300%2C189&amp;ssl=1 300w\" sizes=\"auto, (max-width: 600px) 100vw, 600px\" \/><\/figure>\n\n\n\n<p><strong><mark style=\"background-color:rgba(0, 0, 0, 0);color:#ed1010\" class=\"has-inline-color\">10 avril<\/mark><\/strong><\/p>\n\n\n\n<p><strong>France<\/strong><\/p>\n\n\n\n<p><a href=\"https:\/\/rapportsdeforce.fr\/chomage\/emploi-des-seniors-echec-des-negociations-le-gouvernement-a-les-mains-libres-041020903\" target=\"_blank\" rel=\"noreferrer noopener\">Emploi des seniors : \u00e9chec des n\u00e9gociations, le gouvernement a les mains libres<\/a>&nbsp; (Rapports de Force)<\/p>\n\n\n\n<p><a href=\"https:\/\/www.lemediatv.fr\/emissions\/2024\/glucksmann-croque-mort-du-ps-stefano-palombarini-4Lc072uvR86HIrgRso3Mng\" target=\"_blank\" rel=\"noreferrer noopener\">Glucksmann, croque-mort du PS | Stefano Palombarini<\/a>&nbsp;(Le M\u00e9dia)<\/p>\n\n\n\n<p><a href=\"https:\/\/www.politis.fr\/articles\/2024\/04\/diabolisation-des-militants-ecologistes-suite\/\" target=\"_blank\" rel=\"noreferrer noopener\">Diabolisation des militants \u00e9cologistes (suite)<\/a>&nbsp;(Politis)<\/p>\n\n\n\n<p><a href=\"https:\/\/regards.fr\/bruno-le-maire-ce-heros-qui-protege-les-impots-des-ultra-riches\/\" target=\"_blank\" rel=\"noreferrer noopener\">Bruno Le Maire, ce h\u00e9ros qui prot\u00e8ge les imp\u00f4ts des ultra-riches<\/a>&nbsp;(Regards)<\/p>\n\n\n\n<p><a href=\"https:\/\/www.mediapart.fr\/journal\/france\/090424\/l-ancien-chef-d-etat-major-de-l-elysee-vise-par-une-enquete-pour-corruption\">L\u2019ancien chef d\u2019\u00e9tat-major de l\u2019\u00c9lys\u00e9e vis\u00e9 par une enqu\u00eate pour corruption<\/a> (M\u00e9diapart)<\/p>\n\n\n\n<p><a href=\"https:\/\/lanticapitaliste.org\/actualite\/politique\/les-macronistes-amenent-du-carburant-lextreme-droite\">Les macronistes am\u00e8nent du carburant \u00e0 l\u2019extr\u00eame droite<\/a> (L\u2019Anticapitaliste)<\/p>\n\n\n\n<p><a href=\"https:\/\/www.revolutionpermanente.fr\/Action-contre-Lafarge-l-Etat-mobilise-a-nouveau-l-anti-terrorisme-pour-reprimer-le-mouvement-ecolo\">Lafarge&nbsp;: l\u2019Etat mobilise \u00e0 nouveau l\u2019anti-terrorisme pour r\u00e9primer le mouvement \u00e9colo<\/a> (RP)<\/p>\n\n\n\n<p><a href=\"https:\/\/www.mediapart.fr\/journal\/politique\/100424\/des-failles-soulevees-par-la-france-insoumise-provoquent-la-suspension-de-la-loi-agricole\">Des failles soulev\u00e9es par LFI provoquent la suspension de la loi agricole<\/a> (M\u00e9diapart)<\/p>\n\n\n\n<p><a href=\"https:\/\/blogs.mediapart.fr\/fred-sochard\/blog\/090424\/douce-france\">Douce France<\/a>&nbsp;(Fred Sochard)<\/p>\n\n\n\n<figure class=\"wp-block-image size-full is-resized\"><img data-recalc-dims=\"1\" loading=\"lazy\" decoding=\"async\" width=\"242\" height=\"192\" src=\"https:\/\/i0.wp.com\/www.rdpemancipation.org\/wp-content\/uploads\/2024\/04\/image-25.png?resize=242%2C192&#038;ssl=1\" alt=\"\" class=\"wp-image-127711\" style=\"width:335px;height:auto\"\/><\/figure>\n\n\n\n<p><strong>Monde<\/strong><a href=\"https:\/\/www.francetvinfo.fr\/monde\/proche-orient\/israel-palestine\/direct-guerre-entre-israel-et-le-hamas-pour-joe-biden-benyamin-netanyahou-commet-une-erreur-dans-la-bande-de-gaza_6477917.html\"><\/a><\/p>\n\n\n\n<p><strong><a href=\"https:\/\/www.francetvinfo.fr\/monde\/proche-orient\/israel-palestine\/direct-guerre-entre-israel-et-le-hamas-pour-joe-biden-benyamin-netanyahou-commet-une-erreur-dans-la-bande-de-gaza_6477917.html\">Pour Joe Biden, Benyamin N\u00e9tanyahou commet une \u00ab\u00a0erreur\u00a0\u00bb dans la bande de Gaza<\/a><\/strong> (Le direct de France Info)<\/p>\n\n\n\n<p><a href=\"https:\/\/orientxxi.info\/dossiers-et-series\/temoignage-d-un-travailleur-gazaoui-detenu-et-torture-en-israel,7227\" target=\"_blank\" rel=\"noreferrer noopener\">T\u00e9moignage d&rsquo;un travailleur gazaoui d\u00e9tenu et tortur\u00e9 en Isra\u00ebl<\/a>&nbsp;(Orient XXI)<\/p>\n\n\n\n<p><a href=\"https:\/\/elwatan-dz.com\/des-medias-evoquent-des-difficultes-les-troupes-israeliennes-se-retirent-de-khan-younes\">Des m\u00e9dias \u00e9voquent des \u00abdifficult\u00e9s\u00bb : Les troupes israeliennes se retirent de Khan Youn\u00e8s<\/a> (El Watan)<\/p>\n\n\n\n<p><a href=\"https:\/\/elwatan-dz.com\/bilan-de-six-mois-dune-guerre-devastatrice-ghaza-33-000-morts-plus-tard\">Bilan de six mois d\u2019une guerre d\u00e9vastatrice \u00e0 <strong>Ghaza<\/strong><\/a> <a>(El Watan)<\/a><\/p>\n\n\n\n<p><a href=\"https:\/\/www.revolutionpermanente.fr\/Torture-et-prive-de-soins-le-poete-et-militant-Wallid-Daqqah-vient-de-mourir-dans-les-geoles\">Tortur\u00e9 et priv\u00e9 de soins, le po\u00e8te et militant Wallid Daqqah vient de mourir dans les ge\u00f4les isra\u00e9liennes <\/a>&nbsp;(RP)<\/p>\n\n\n\n<p><a href=\"https:\/\/blogs.mediapart.fr\/les-invites-de-mediapart\/blog\/090424\/soignant-es-francais-es-revenant-de-gaza-les-drones-tanks-bombes-soldats-terrorisent-m\">Soignant\u00b7es fran\u00e7ais\u00b7es revenant de <strong>Gaza<\/strong>&nbsp;: les drones, tanks, bombes, soldats terrorisent, mutilent, tuent<\/a>&nbsp;(Les invit\u00e9s de Mediapart)<\/p>\n\n\n\n<p><a href=\"https:\/\/www.middleeasteye.net\/fr\/actu-et-enquetes\/au-maroc-les-jeunes-se-detournent-des-mosquees-en-raison-de-leur-silence-sur-la\">Au <strong>Maroc<\/strong>, les jeunes se d\u00e9tournent des mosqu\u00e9es en raison de leur silence sur la guerre \u00e0 Gaza<\/a> (MEE)<\/p>\n\n\n\n<p><a href=\"https:\/\/www.middleeasteye.net\/fr\/actu-et-enquetes\/maroc-cinq-ans-de-prison-pour-un-islamiste-ayant-denonce-la-normalisation-avec\"><strong>Maroc<\/strong> : cinq ans de prison pour un islamiste ayant d\u00e9nonc\u00e9 la normalisation avec Isra\u00ebl<\/a> (MEE)<\/p>\n\n\n\n<p><a href=\"https:\/\/www.revolutionpermanente.fr\/Etats-Unis-Le-Parti-Republicain-pret-a-debloquer-l-aide-a-l-Ukraine-a-condition-de-l-endetter\"><strong>USA<\/strong>. Le Parti R\u00e9publicain pr\u00eat \u00e0 d\u00e9bloquer l\u2019aide \u00e0 l\u2019<strong>Ukraine<\/strong> \u00e0 condition de l\u2019endetter<\/a> (RP)<\/p>\n\n\n\n<p><strong>Analyse<\/strong><\/p>\n\n\n\n<p><strong><a href=\"https:\/\/www.mediapart.fr\/journal\/international\/090424\/politiques-migratoires-des-dispositifs-mortels-dont-l-effet-est-de-tuer-pour-dissuader\">Politiques migratoires : \u00abDes dispositifs mortels, dont l\u2019effet est de tuer pour dissuader\u00bb<\/a> <\/strong>(A l\u2019air libre)<\/p>\n\n\n\n<p><a href=\"https:\/\/www.mediapart.fr\/journal\/international\/080424\/algorithmes-et-grands-ciseaux-les-medias-russes-sous-influence\">Algorithmes et grands ciseaux&nbsp;: les m\u00e9dias <strong>russes<\/strong> sous influence<\/a> (Vid\u00e9o M\u00e9diapart, acc\u00e8s libre)<\/p>\n\n\n\n<p><strong><a href=\"https:\/\/www.middleeasteye.net\/fr\/opinion\/pour-les-defenseurs-de-la-guerre-disrael-gaza-la-partie-est-terminee\">&nbsp;Pour les d\u00e9fenseurs de la guerre d\u2019Isra\u00ebl \u00e0 Gaza, la partie est termin\u00e9e<\/a> (<\/strong>MEE)<\/p>\n\n\n\n<figure class=\"wp-block-image size-large is-resized\"><img data-recalc-dims=\"1\" loading=\"lazy\" decoding=\"async\" width=\"1024\" height=\"576\" src=\"https:\/\/i0.wp.com\/www.rdpemancipation.org\/wp-content\/uploads\/2024\/04\/image-26.png?resize=1024%2C576&#038;ssl=1\" alt=\"\" class=\"wp-image-127713\" style=\"width:422px;height:auto\" srcset=\"https:\/\/i0.wp.com\/www.rdpemancipation.org\/wp-content\/uploads\/2024\/04\/image-26.png?resize=1024%2C576&amp;ssl=1 1024w, https:\/\/i0.wp.com\/www.rdpemancipation.org\/wp-content\/uploads\/2024\/04\/image-26.png?resize=300%2C169&amp;ssl=1 300w, https:\/\/i0.wp.com\/www.rdpemancipation.org\/wp-content\/uploads\/2024\/04\/image-26.png?resize=768%2C432&amp;ssl=1 768w, https:\/\/i0.wp.com\/www.rdpemancipation.org\/wp-content\/uploads\/2024\/04\/image-26.png?w=1400&amp;ssl=1 1400w\" sizes=\"auto, (max-width: 1024px) 100vw, 1024px\" \/><\/figure>\n\n\n\n<p><strong><mark style=\"background-color:rgba(0, 0, 0, 0);color:#ed1010\" class=\"has-inline-color\">9 avril<\/mark><\/strong><\/p>\n\n\n\n<p><strong>France<\/strong><\/p>\n\n\n\n<p><a href=\"https:\/\/www.politis.fr\/articles\/2024\/04\/vous-avez-dit-violence-desinhibee\/\" target=\"_blank\" rel=\"noreferrer noopener\">Vous avez dit \u00ab violence d\u00e9sinhib\u00e9e \u00bb ?<\/a>&nbsp;(Politis)<\/p>\n\n\n\n<p><a href=\"https:\/\/reporterre.net\/Trois-syndicats-agricoles-s-allient-pour-demander-des-prix-plancher\" target=\"_blank\" rel=\"noreferrer noopener\">Prix planchers&nbsp;: trois syndicats agricoles envoient une lettre \u00e0 Macron<\/a>&nbsp;(Reporterre)<\/p>\n\n\n\n<p><a href=\"https:\/\/regards.fr\/le-manque-de-credibilite-des-organisations-de-gauche-est-inquietant\/\" target=\"_blank\" rel=\"noreferrer noopener\">\u00ab Le manque de cr\u00e9dibilit\u00e9 des organisations de gauche est inqui\u00e9tant \u00bb<\/a>&nbsp;(Regards)<\/p>\n\n\n\n<p><strong><a href=\"https:\/\/reporterre.net\/Elections-europeennes-qui-sont-les-bons-et-les-mauvais-eleves-de-l-ecologie\" target=\"_blank\" rel=\"noreferrer noopener\">Europ\u00e9ennes&nbsp;: qui sont les bons (et les mauvais) \u00e9l\u00e8ves de l&rsquo;\u00e9cologie&nbsp;?<\/a><\/strong>&nbsp;(Reporterre)<\/p>\n\n\n\n<p><a href=\"https:\/\/www.humanite.fr\/politique\/elections-europeennes\/elections-europeennes-glucksmann-est-il-de-gauche\" target=\"_blank\" rel=\"noreferrer noopener\">\u00c9lections europ\u00e9ennes : Glucksmann est-il de gauche ?<\/a>&nbsp;(L\u2019Humanit\u00e9)<\/p>\n\n\n\n<p><a href=\"https:\/\/www.mediapart.fr\/journal\/france\/090424\/macron-et-les-mots-perdus-le-genocide-des-tutsis-revele-des-fractures-internes-l-elysee\" target=\"_blank\" rel=\"noreferrer noopener\">Macron et les mots perdus : le g\u00e9nocide des Tutsis r\u00e9v\u00e8le des fractures internes \u00e0 l\u2019\u00c9lys\u00e9e<\/a>&nbsp;(Mediapart)<\/p>\n\n\n\n<p><a href=\"https:\/\/www.blast-info.fr\/articles\/2024\/30-ans-du-genocide-des-tutsi-au-rwanda-lere-du-deni-est-achevee-0nSo2Fa8SbeNuOXTm6wU6w\" target=\"_blank\" rel=\"noreferrer noopener\">30 ans du g\u00e9nocide des Tutsi au Rwanda : l&rsquo;\u00e8re du d\u00e9ni est achev\u00e9e<\/a>&nbsp;(Blast)<\/p>\n\n\n\n<p><a href=\"https:\/\/www.mediapart.fr\/journal\/politique\/080424\/les-macronistes-complices-de-la-bollorisation-des-esprits\" target=\"_blank\" rel=\"noreferrer noopener\">Les macronistes, complices de la \u00abbollorisation\u00bb des esprits<\/a>&nbsp;(Mediapart)<\/p>\n\n\n\n<p><strong><a href=\"https:\/\/disclose.ngo\/fr\/article\/reconnaissance-faciale-gerald-darmanin-veut-enterrer-laffaire-briefcam\" target=\"_blank\" rel=\"noreferrer noopener\">Reconnaissance faciale : G\u00e9rald Darmanin veut enterrer \u00abl\u2019affaire Briefcam\u00bb<\/a><\/strong>&nbsp;(Disclose)<\/p>\n\n\n\n<p><a href=\"https:\/\/regards.fr\/jerome-guedj-comme-un-depute-communiste-a-la-knesset\/\" target=\"_blank\" rel=\"noreferrer noopener\">J\u00e9r\u00f4me Guedj, comme un d\u00e9put\u00e9 communiste \u00e0 la Knesset<\/a>&nbsp;(Regards)<\/p>\n\n\n\n<p><a href=\"https:\/\/www.off-investigation.fr\/quand-la-macronie-se-barricade-face-aux-journalistes\/\" target=\"_blank\" rel=\"noreferrer noopener\">Quand la macronie se barricade face aux journalistes<\/a>&nbsp;(Off Investigation)<\/p>\n\n\n\n<p><strong>Monde<\/strong><\/p>\n\n\n\n<p><a href=\"https:\/\/www.boursorama.com\/actualite-economique\/actualites\/gaza-l-offre-presentee-au-hamas-est-tres-serieuse-et-devrait-etre-acceptee-blinken-0beba1c06bc829d9c137b187bb934379\"><strong>Gaza<\/strong>&#8211; L&rsquo;offre pr\u00e9sent\u00e9e au Hamas est \u00ab\u00a0tr\u00e8s s\u00e9rieuse\u00a0\u00bb et devrait \u00eatre accept\u00e9e <\/a>&nbsp;(Reuters)<\/p>\n\n\n\n<p><a href=\"https:\/\/www.connaissancedesenergies.org\/afp\/larmee-israelienne-deploie-pour-la-premiere-fois-son-nouveau-dome-de-fer-des-mers-240409\">L&rsquo;arm\u00e9e isra\u00e9lienne d\u00e9ploie pour la premi\u00e8re fois son nouveau \u00ab D\u00f4me de fer \u00bb des mers<\/a> (AFP)<\/p>\n\n\n\n<p><a href=\"https:\/\/www.boursorama.com\/videos\/actualites\/haiti-vers-un-conseil-de-transition-pour-remplacer-ariel-henry-92b92eae9db33570e6685d8df4b411f6\"><strong>Ha\u00efti<\/strong> : vers un conseil de transition pour remplacer Ariel Henry<\/a> (France 24) &nbsp;<\/p>\n\n\n\n<p><a href=\"https:\/\/www.boursorama.com\/actualite-economique\/actualites\/afrique-du-sud-l-ex-president-zuma-finalement-candidat-aux-elections-d1d3f1892b0f80ca0141608e31ab66f1\"><strong>Afrique du Sud<\/strong> : l&rsquo;ex-pr\u00e9sident Zuma finalement candidat aux \u00e9lections<\/a> (AFP) &nbsp;&nbsp;<\/p>\n\n\n\n<p><a href=\"https:\/\/www.monde-diplomatique.fr\/2024\/04\/AUVRAY\/66759\" target=\"_blank\" rel=\"noreferrer noopener\">Les bons amis du premier ministre <strong>indien<\/strong><\/a>&nbsp; (Le Monde diplomatique)<\/p>\n\n\n\n<p><a href=\"https:\/\/link.newsletter.franceculture.fr\/m\/ml\/7429\/864372\/CBOT_6cymwrT5xaCtG4J829C5lXTLJmivm821gAfcU8=\/s21M3nfowmt8qbtnfpYN8NXwiyUR47ufl32d4jZdc2c=\/\" target=\"_blank\" rel=\"noreferrer noopener\"><strong>Arabie saoudite<\/strong>&nbsp;: la fulgurante ascension de Mohammed ben Salmane, leader du golfe<\/a> (France Culture)<\/p>\n\n\n\n<p><strong>Analyse<\/strong><\/p>\n\n\n\n<p><a href=\"https:\/\/www.lemediatv.fr\/emissions\/2024\/politiques-milliardaires-grands-medias-a-qui-servent-vraiment-les-sondages-G7pi9PsVT3ShBaaV9dn0Bw\" target=\"_blank\" rel=\"noreferrer noopener\">Politiques, milliardaires, grands m\u00e9dias : \u00e0 qui servent vraiment les sondages ?<\/a>&nbsp;(Le M\u00e9dia)<\/p>\n\n\n\n<p><strong><a href=\"https:\/\/orientxxi.info\/magazine\/anatomie-d-un-genocide-le-rapport-de-francesca-albanese-sur-la-situation-a-gaza,7220\" target=\"_blank\" rel=\"noreferrer noopener\">\u00abAnatomie d&rsquo;un g\u00e9nocide\u00bb. Le rapport de Francesca Albanese sur la situation \u00e0 Gaza<\/a><\/strong>&nbsp;(Orient XXI)<\/p>\n\n\n\n<p><strong><a href=\"https:\/\/www.off-investigation.fr\/macron-lamericaindiv-classtitre2la-france-livree-aux-gafam\/\" target=\"_blank\" rel=\"noreferrer noopener\">Macron l\u2019Am\u00e9ricain, la France livr\u00e9e aux Gafam ?<\/a>&nbsp;<\/strong>(Off Investigation)<\/p>\n\n\n\n<p><strong><mark style=\"background-color:rgba(0, 0, 0, 0);color:#ed1010\" class=\"has-inline-color\">8 avril<\/mark><\/strong><\/p>\n\n\n\n<p><strong>France<\/strong><\/p>\n\n\n\n<p><strong><a href=\"https:\/\/www.youtube.com\/watch?v=SZ9hUcmf38k\" target=\"_blank\" rel=\"noreferrer noopener\">Bruno Le Maire : comment le pire \u00e9conomiste de France a ruin\u00e9 le pays ?<\/a><\/strong>&nbsp;(Vid\u00e9o, Fran\u00e7ois Ruffin)<\/p>\n\n\n\n<p><a href=\"https:\/\/www.youtube.com\/watch?v=osuCXmEppLA\" target=\"_blank\" rel=\"noreferrer noopener\">Europ\u00e9ennes : l\u2019autre d\u00e9bat &#8211; Manon Aubry &amp; Marie-Pierre Vedrenne<\/a>&nbsp;(Backseat)<\/p>\n\n\n\n<p><a href=\"https:\/\/aplutsoc.org\/2024\/04\/07\/europeennes-ouvrons-la-discussion\/\" target=\"_blank\" rel=\"noreferrer noopener\">Europ\u00e9ennes : ouvrons la discussion.<\/a>&nbsp;(Aplutsoc)<\/p>\n\n\n\n<p><a href=\"https:\/\/www.liberation.fr\/politique\/presidentielle-2027-comment-clementine-autain-et-francois-ruffin-se-preparent-discretement-20240403_QPQZBCI3TFBRDIGQV4FNQKKOPA\/\" target=\"_blank\" rel=\"noreferrer noopener\">Pr\u00e9sidentielle 2027 : comment Cl\u00e9mentine Autain et Fran\u00e7ois Ruffin se pr\u00e9parent discr\u00e8tement<\/a>&nbsp;(Lib\u00e9ration)<\/p>\n\n\n\n<p><a href=\"https:\/\/www.pressenza.com\/fr\/2024\/04\/emmanuel-macron-adepte-de-la-fuite-en-avant\/\">Emmanuel Macron, adepte de la fuite en avant<\/a>&nbsp;(Pressenza)<\/p>\n\n\n\n<p><a href=\"https:\/\/www.nexus.fr\/actualite\/politique\/suppression-49-3\/\">La suppression du \u00ab&nbsp;49-3&nbsp;\u00bb en d\u00e9bat \u00e0 l\u2019Assembl\u00e9e nationale<\/a>&nbsp;(Nexus)<\/p>\n\n\n\n<p><strong>Monde<\/strong><\/p>\n\n\n\n<p><a href=\"https:\/\/www.boursorama.com\/actualite-economique\/actualites\/une-date-a-ete-fixee-pour-l-invasion-de-la-ville-de-rafah-annonce-netanhayu-bdddf404fced8030b744d8ffbfd9335e\">Une date a \u00e9t\u00e9 fix\u00e9e pour l&rsquo;invasion de la ville de <strong>Rafah<\/strong>, annonce Netanhayu<\/a> (Reuters)<\/p>\n\n\n\n<p><a href=\"https:\/\/www.boursorama.com\/actualite-economique\/actualites\/onu-la-demande-d-adhesion-palestinienne-transmise-au-comite-d-admission-8af0a474b17718e0f7d405adae13112e\">Onu &#8211; La demande d&rsquo;adh\u00e9sion palestinienne transmise au comit\u00e9 d&rsquo;admission<\/a> (Reuters)<a href=\"https:\/\/www.francetvinfo.fr\/monde\/proche-orient\/israel-palestine\/guerre-dans-la-bande-de-gaza-l-armee-israelienne-se-prepare-a-une-offensive-a-rafah_6474011.html\"><\/a><\/p>\n\n\n\n<p><a href=\"https:\/\/www.francetvinfo.fr\/monde\/proche-orient\/israel-palestine\/guerre-dans-la-bande-de-gaza-l-armee-israelienne-se-prepare-a-une-offensive-a-rafah_6474011.html\">L\u2019arm\u00e9e <strong>isra\u00e9lienne<\/strong> \u00ab\u00a0se pr\u00e9pare\u00a0\u00bb \u00e0 une offensive \u00e0 Rafah<\/a> (Le direct de France Info)<\/p>\n\n\n\n<p><a href=\"https:\/\/www.boursorama.com\/actualite-economique\/actualites\/des-progres-significatifs-en-vue-d-une-treve-a-gaza-selon-un-media-egyptien-6a92203fd9a534004c1014ce82a6101b\">Des \u00ab\u00a0progr\u00e8s significatifs\u00a0\u00bb en vue d&rsquo;une tr\u00eave \u00e0 <strong>Gaza<\/strong>, selon un m\u00e9dia \u00e9gyptien<\/a> (AFP) &nbsp;&nbsp;<\/p>\n\n\n\n<p><a href=\"https:\/\/www.francetvinfo.fr\/monde\/proche-orient\/israel-palestine\/guerre-entre-israel-et-le-hamas-l-effondrement-du-systeme-de-sante-a-gaza_6474137.html\">A <strong>Gaza<\/strong>, un syst\u00e8me de sant\u00e9 au bord de l&rsquo;effondrement<\/a> (France Info)<\/p>\n\n\n\n<p><a href=\"https:\/\/www.oxfamfrance.org\/communiques-de-presse\/au-nord-de-gaza-la-population-est-contrainte-de-survivre-avec-moins-de-245-calories-par-jour-soit-moins-quune-demie-baguette-de-pain-alerte-oxfam\/\">Au nord de <strong>Gaza<\/strong>, la population est contrainte de survivre avec moins de 245 calories par jour, soit moins qu\u2019une demi-baguette de pain<\/a> (Oxfam)<\/p>\n\n\n\n<p><a href=\"https:\/\/www.aljazeera.com\/news\/2024\/4\/3\/western-allies-face-threat-of-complicity-if-support-for-israel-continues\">Western allies face genocide complicity if support for <strong>Israel<\/strong> continues<\/a>&nbsp;(Al Jazeera)<\/p>\n\n\n\n<p><a><\/a><a href=\"https:\/\/www.francetvinfo.fr\/monde\/bresil\/une-enquete-ouverte-au-bresil-contre-elon-musk-accuse-d-instrumentalisation-criminelle-de-x_6474098.html\">Une enqu\u00eate ouverte au <strong>Br\u00e9sil<\/strong> contre Elon Musk, accus\u00e9 d&rsquo;instrumentalisation criminelle de X<\/a> (France Info)<\/p>\n\n\n\n<p><a href=\"https:\/\/www.lemonde.fr\/international\/article\/2024\/04\/07\/en-slovaquie-l-election-presidentielle-valide-le-courant-prorusse-du-gouvernement_6226493_3210.html\">En <strong>Slovaquie<\/strong>, la victoire de Peter Pellegrini valide le courant prorusse du gouvernement<\/a> (Le Monde)<\/p>\n\n\n\n<p><a href=\"https:\/\/www.rfi.fr\/fr\/europe\/20240403-allemagne-l-afd-embarras%C3%A9e-par-une-affaements-russes-%C3%A0-deux-mois-des-%C3%A9lections-europ%C3%A9ennesire-de-financements-russes-%C3%A0-deux-mois-des-%C3%A9lections-europ%C3%A9ennes\" target=\"_blank\" rel=\"noreferrer noopener\"><strong>Allemagne<\/strong> : l&rsquo;AfD embarrass\u00e9e par une affaire de financements russes avant les europ\u00e9ennes<\/a>&nbsp;(RFI)<\/p>\n\n\n\n<p><strong>Analyse<\/strong><\/p>\n\n\n\n<p><strong><a href=\"https:\/\/survie.org\/billets-d-afrique\/2024\/333-janvier-2024\/article\/est-congo-le-cri-muet-des-collines\" target=\"_blank\" rel=\"noreferrer noopener\">Rwanda &#8211; Est-Congo. Le cri muet des collines<\/a><\/strong>&nbsp;(Survie)<\/p>\n\n\n\n<p><a href=\"https:\/\/www.les-crises.fr\/europe-centre-droit-accompagne-le-virage-autoritaire\/\">Europe&nbsp;: le Centre Droit accompagne le virage autoritaire<\/a>&nbsp;(Les Crises)<\/p>\n\n\n\n<p><strong><a href=\"https:\/\/nvo.fr\/la-suede-prise-au-piege-de-lextreme-droite\/\" target=\"_blank\" rel=\"noreferrer noopener\">La Su\u00e8de prise au pi\u00e8ge de l\u2019extr\u00eame droite<\/a><\/strong>&nbsp;(NVO)<\/p>\n\n\n\n<p><a href=\"https:\/\/www.iris-france.org\/185310-haiti-quand-la-france-sous-le-regard-bienveillant-des-etats-unis-obligeait-les-esclaves-haitiens-a-dedommager-leurs-anciens-proprietaires\/\">Ha\u00efti&nbsp;: quand la France obligeait les esclaves&nbsp;<\/a><a href=\"https:\/\/www.iris-france.org\/185310-haiti-quand-la-france-sous-le-regard-bienveillant-des-etats-unis-obligeait-les-esclaves-haitiens-a-dedommager-leurs-anciens-proprietaires\/\">\u00e0 d\u00e9dommager leurs anciens propri\u00e9taires<\/a>&nbsp;(Iris)<\/p>\n\n\n\n<p><strong><a href=\"https:\/\/www.rfi.fr\/fr\/moyen-orient\/20240407-six-mois-de-guerre-%C3%A0-gaza-et-des-objectifs-non-atteints-pour-isra%C3%ABl?_ope=eyJndWlkIjoiYjFmOWRmZWI3ZTllZGE1NTM1NTJmMGIzNWYwZGIyYjcifQ%3D%3D\">Six mois de guerre \u00e0 Gaza et des objectifs non-atteints pour Isra\u00ebl<\/a>&nbsp;<\/strong>(RFI)<\/p>\n\n\n\n<figure class=\"wp-block-image size-full is-resized\"><img data-recalc-dims=\"1\" loading=\"lazy\" decoding=\"async\" width=\"614\" height=\"330\" src=\"https:\/\/i0.wp.com\/www.rdpemancipation.org\/wp-content\/uploads\/2024\/04\/image-16.png?resize=614%2C330&#038;ssl=1\" alt=\"\" class=\"wp-image-127615\" style=\"width:417px;height:auto\" srcset=\"https:\/\/i0.wp.com\/www.rdpemancipation.org\/wp-content\/uploads\/2024\/04\/image-16.png?w=614&amp;ssl=1 614w, https:\/\/i0.wp.com\/www.rdpemancipation.org\/wp-content\/uploads\/2024\/04\/image-16.png?resize=300%2C161&amp;ssl=1 300w\" sizes=\"auto, (max-width: 614px) 100vw, 614px\" \/><\/figure>\n\n\n\n<p><strong><mark style=\"background-color:rgba(0, 0, 0, 0);color:#ed1010\" class=\"has-inline-color\">6 avril<\/mark><\/strong><\/p>\n\n\n\n<p><a href=\"https:\/\/www.blast-info.fr\/articles\/2024\/larzac-en-1971-agriculteurs-et-ecologistes-entrent-en-resistance-contre-letat-et-gagnent-obnmzb5lTjymo4tG5qCSaw\" target=\"_blank\" rel=\"noreferrer noopener\">Larzac : en 1971, agriculteurs et \u00e9cologistes entrent en r\u00e9sistance contre l\u2019\u00c9tat (et gagnent)<\/a>&nbsp;(Blast)<\/p>\n\n\n\n<p><a href=\"https:\/\/www.boursorama.com\/actualite-economique\/actualites\/lycee-averroes-la-direction-convaincue-que-le-contrat-avec-l-etat-sera-retabli-e5e8fee3ddb613c1473c0ce38668ff6a\">Lyc\u00e9e Averro\u00e8s: la direction \u00ab\u00a0convaincue\u00a0\u00bb que le contrat avec l&rsquo;Etat sera r\u00e9tabli<\/a> (AFP) &nbsp;&nbsp;<\/p>\n\n\n\n<p><a href=\"https:\/\/www.lemonde.fr\/politique\/article\/2024\/04\/05\/les-vies-revees-de-malika-sorel-sutter-la-dauphine-identitaire-de-jordan-bardella_6226217_823448.html\">Les vies r\u00eav\u00e9es de Malika Sorel-Sutter, la dauphine identitaire de Jordan Bardella<\/a> (Le Monde)<\/p>\n\n\n\n<p><a href=\"https:\/\/www.force-ouvriere.fr\/les-senateurs-s-attaquent-au-droit-de-greve\" target=\"_blank\" rel=\"noreferrer noopener\">Les s\u00e9nateurs s&rsquo;attaquent au droit de gr\u00e8ve<\/a>&nbsp;(Force Ouvri\u00e8re)<\/p>\n\n\n\n<p><strong>Monde<\/strong><\/p>\n\n\n\n<p>&nbsp;<a href=\"https:\/\/www.boursorama.com\/actualite-economique\/actualites\/slovaquie-une-presidentielle-serree-avec-l-ukraine-en-toile-de-fond-b932173a57155de2f20a4a785956c610\"><strong>Slovaquie<\/strong> : une pr\u00e9sidentielle serr\u00e9e, avec l&rsquo;Ukraine en toile de fond<\/a> (AFP) &nbsp;&nbsp;<\/p>\n\n\n\n<p><a href=\"https:\/\/www.boursorama.com\/actualite-economique\/actualites\/ukraine-nouvelles-frappes-russes-meurtrieres-sur-kharkiv-88b0802e04d6d4617717958f877f72a0\"><strong>Ukraine<\/strong>&#8211; Nouvelles frappes russes meurtri\u00e8res sur Kharkiv<\/a> (Reuters)<\/p>\n\n\n\n<p><a href=\"https:\/\/www.lemonde.fr\/international\/article\/2024\/04\/06\/dans-le-nord-de-la-bande-de-gaza-un-quotidien-fait-de-survie_6226358_3210.html\">Le nord de la bande de <strong>Gaza<\/strong> plonge dans la famine&nbsp;: \u00ab&nbsp;M\u00eame si nous voulions manger des feuilles, l\u2019arm\u00e9e isra\u00e9lienne a d\u00e9truit toutes les terres agricoles&nbsp;\u00bb<\/a> (Le Monde)<\/p>\n\n\n\n<p><a href=\"https:\/\/www.boursorama.com\/videos\/actualites\/gaza-il-y-a-un-peu-plus-de-pression-de-la-part-de-washington-mais-ce-n-est-pas-encore-un-ultimatum-pose-a-israel-9a143714cb5d9bdced349c77ca59768e\"><strong>Gaza<\/strong> : \u00ab\u00a0il y a un peu plus de pression de la part de Washington, mais ce n&rsquo;est pas encore un ultimatum pos\u00e9 \u00e0 Isra\u00ebl\u00a0\u00bb<\/a> (France 24) &nbsp;<\/p>\n\n\n\n<p><a href=\"https:\/\/www.boursorama.com\/actualite-economique\/actualites\/une-delegation-du-hamas-attendue-au-caire-le-7-avril-pour-des-pourparlers-44683a07f10e7d2b0f5f14508d330bbb\">Une d\u00e9l\u00e9gation du Hamas attendue au Caire le 7 avril pour des pourparlers<\/a> (Reuters)<\/p>\n\n\n\n<p><a href=\"https:\/\/www.boursorama.com\/actualite-economique\/actualites\/israel-accuse-d-utiliser-l-ia-a-gaza-le-chef-de-l-onu-perturbe-cb319e827ebd0e055045e447a20bd5b8\"><strong>Isra\u00ebl<\/strong> accus\u00e9 d&rsquo;utiliser l&rsquo;IA \u00e0 Gaza : le chef de l&rsquo;ONU \u00ab\u00a0perturb\u00e9\u00a0\u00bb<\/a> (AFP) &nbsp;&nbsp;<\/p>\n\n\n\n<p><a href=\"https:\/\/www.boursorama.com\/videos\/actualites\/perou-la-presidente-a-ete-entendue-par-la-justice-dans-l-affaire-du-rolexgate-de731d52bc9026aa1da75c8d50e5260c\"><strong>P\u00e9rou <\/strong>: la pr\u00e9sidente a \u00e9t\u00e9 entendue par la justice dans l&rsquo;affaire du \u00ab\u00a0Rolexgate\u00a0\u00bb<\/a> (France 24) &nbsp;<\/p>\n\n\n\n<p><a href=\"https:\/\/www.boursorama.com\/actualite-economique\/actualites\/le-mexique-rompt-ses-relations-diplomatiques-avec-l-equateur-2c543428a2b2d81ff2bb9682cd264677\">Le <strong>Mexique<\/strong> rompt ses relations diplomatiques avec l&rsquo;Equateur<\/a> (AFP) &nbsp;&nbsp;<\/p>\n\n\n\n<p><strong>Analyse<\/strong><\/p>\n\n\n\n<p><a href=\"https:\/\/www.lemediatv.fr\/emissions\/2024\/poutine-historien-comment-le-pouvoir-russe-impose-un-passe-officiel-nicolas-werth-bxjlAhc0RZSexSkm4z_Z5A\" target=\"_blank\" rel=\"noreferrer noopener\">Poutine historien : comment le pouvoir russe impose un pass\u00e9 officiel | Nicolas Werth<\/a>&nbsp;(Le M\u00e9dia)<\/p>\n\n\n\n<p><a href=\"https:\/\/www.lemediatv.fr\/emissions\/2024\/bebes-decapites-comment-les-medias-et-politiques-ont-relaye-la-fake-news-disrael-Dn3RowWjTGG_NMtzKvzuHg\" target=\"_blank\" rel=\"noreferrer noopener\">\u00ab\u00a0B\u00e9b\u00e9s d\u00e9capit\u00e9s\u00a0\u00bb : comment les m\u00e9dias et politiques ont relay\u00e9 la fake news d&rsquo;Isra\u00ebl<\/a>&nbsp;(Le M\u00e9dia)<\/p>\n\n\n\n<p><a href=\"https:\/\/www.cadtm.org\/Gaza-Israel-a-propos-des-nouvelles-mesures-conservatoires-urgentes-ordonnees-22470\" target=\"_blank\" rel=\"noreferrer noopener\">Gaza \/ Isra\u00ebl : \u00e0 propos des nouvelles mesures conservatoires urgentes ordonn\u00e9es par la CIJ \u00e0 l&rsquo;encontre d&rsquo;Isra\u00ebl<\/a>&nbsp;(CADTM)<\/p>\n\n\n\n<p><a href=\"https:\/\/www.ldh-france.org\/droit-de-manifester-pacifiquement-dans-les-pays-de-lunion-europeenne-en-solidarite-avec-le-peuple-palestinien\/\" target=\"_blank\" rel=\"noreferrer noopener\">Droit de manifester pacifiquement dans les pays de l\u2019UE en solidarit\u00e9 avec le peuple palestinien<\/a>&nbsp; (LDH)<\/p>\n\n\n\n<p><a href=\"https:\/\/lvsl.fr\/pourquoi-les-dictatures-ne-veulent-pas-exporter-leur-modele\/\" target=\"_blank\" rel=\"noreferrer noopener\">Pourquoi les \u00ab dictatures \u00bb ne veulent pas exporter leur mod\u00e8le<\/a>&nbsp;(Le Vent Se L\u00e8ve)<\/p>\n\n\n\n<figure class=\"wp-block-image size-full is-resized\"><img data-recalc-dims=\"1\" loading=\"lazy\" decoding=\"async\" width=\"744\" height=\"422\" src=\"https:\/\/i0.wp.com\/www.rdpemancipation.org\/wp-content\/uploads\/2024\/04\/image-17.png?resize=744%2C422&#038;ssl=1\" alt=\"\" class=\"wp-image-127617\" style=\"width:417px;height:auto\" srcset=\"https:\/\/i0.wp.com\/www.rdpemancipation.org\/wp-content\/uploads\/2024\/04\/image-17.png?w=744&amp;ssl=1 744w, https:\/\/i0.wp.com\/www.rdpemancipation.org\/wp-content\/uploads\/2024\/04\/image-17.png?resize=300%2C170&amp;ssl=1 300w\" sizes=\"auto, (max-width: 744px) 100vw, 744px\" \/><\/figure>\n\n\n\n<p><strong><mark style=\"background-color:rgba(0, 0, 0, 0);color:#ed1010\" class=\"has-inline-color\">5 avril<\/mark><\/strong><\/p>\n\n\n\n<p><strong>France<\/strong><\/p>\n\n\n\n<p><a href=\"https:\/\/www.mediapart.fr\/journal\/politique\/050424\/les-effets-concrets-de-la-diabolisation-commencent-inquieter-la-france-insoumise\" target=\"_blank\" rel=\"noreferrer noopener\">Les effets concrets de la diabolisation commencent \u00e0 inqui\u00e9ter La France insoumise<\/a>&nbsp;(Mediapart)<\/p>\n\n\n\n<p><a href=\"https:\/\/www.off-investigation.fr\/commission-denquete-sur-la-tntles-macronistes-adoubent-tele-bollore\/\" target=\"_blank\" rel=\"noreferrer noopener\">Commission d\u2019enqu\u00eate sur la TNT. Les macronistes adoubent T\u00e9l\u00e9 Bollor\u00e9<\/a>&nbsp;(Off Investigation)<\/p>\n\n\n\n<p><a href=\"https:\/\/link.newsletter.franceculture.fr\/m\/ml\/7429\/863696\/LV7xuGR2tKJK7uFExytI1W9C5lXTLJmivm821gAfcU8=\/zNOZfcxmb5MMCz9xe0QC5or7v2yLocJWPH0V+0d3na8=\/\" target=\"_blank\" rel=\"noreferrer noopener\">Quentin Bataillon chez Cyril Hanouna&nbsp;: l&rsquo;audience \u00e0 tout prix&nbsp;?<\/a> (France Culture)<\/p>\n\n\n\n<p><a href=\"https:\/\/www.mediapart.fr\/journal\/france\/050424\/la-france-et-le-genocide-des-tutsis-au-rwanda-le-proces-de-la-derniere-chance\" target=\"_blank\" rel=\"noreferrer noopener\">La France et le g\u00e9nocide des Tutsis au Rwanda : le proc\u00e8s de la derni\u00e8re chance<\/a>&nbsp;(Mediapart)<\/p>\n\n\n\n<p><strong><a href=\"https:\/\/afriquexxi.us20.list-manage.com\/track\/click?u=f9f8627cbcbbdcb07c28f3cdf&amp;id=23437f522d&amp;e=58ff83d693\" target=\"_blank\" rel=\"noreferrer noopener\">Avant le g\u00e9nocide au Rwanda en 1994, la mont\u00e9e des p\u00e9rils et le silence de la France<\/a> <\/strong>(Afrique XXI)<\/p>\n\n\n\n<p><a href=\"https:\/\/theconversation.com\/pourquoi-les-debats-sur-le-role-de-la-france-au-rwanda-demeurent-ils-aussi-sensibles-225917\">Pourquoi les d\u00e9bats sur le r\u00f4le de la France au Rwanda demeurent-ils aussi sensibles&nbsp;?<\/a> (The Conversation)<\/p>\n\n\n\n<p><strong>Monde<\/strong><\/p>\n\n\n\n<p><strong><a href=\"https:\/\/www.mediapart.fr\/journal\/international\/040424\/guerre-d-israel-gaza-le-chaos-et-l-impasse\" target=\"_blank\" rel=\"noreferrer noopener\">Guerre d\u2019Isra\u00ebl \u00e0 Gaza : le chaos et l\u2019impasse<\/a>&nbsp;<\/strong>(\u00c0 l\u2019air libre, Mediapart)<\/p>\n\n\n\n<p><a href=\"https:\/\/link.newsletter.franceculture.fr\/m\/ml\/7429\/863811\/VA3yg2t6hED3T9Vf1EIDcW9C5lXTLJmivm821gAfcU8=\/AD7znuU+0RXwhpI6uytsJGctgYO3PF6bbfiTKZEqo4o=\/\" target=\"_blank\" rel=\"noreferrer noopener\">Opposition grandissante en <strong>Isra\u00ebl<\/strong>&nbsp;: Netanyahou est-il vraiment menac\u00e9&nbsp;?<\/a> (France Culture)<\/p>\n\n\n\n<p><a href=\"https:\/\/link.newsletter.franceculture.fr\/m\/ml\/7429\/863696\/LV7xuGR2tKJK7uFExytI1W9C5lXTLJmivm821gAfcU8=\/zNOZfcxmb5MMCz9xe0QC5or7v2yLocJWIvWVGBtB3S8=\/\" target=\"_blank\" rel=\"noreferrer noopener\">30 ans apr\u00e8s le g\u00e9nocide Tutsi au <strong>Rwanda<\/strong>, la lente reconstruction<\/a> (France Culture)<\/p>\n\n\n\n<p><a href=\"https:\/\/www.mediapart.fr\/journal\/culture-et-idees\/050424\/rwanda-quand-des-meres-tuaient-leurs-enfants\" target=\"_blank\" rel=\"noreferrer noopener\"><strong>Rwanda<\/strong> : quand des m\u00e8res tuaient leurs enfants<\/a>&nbsp;(Mediapart)<\/p>\n\n\n\n<p><a href=\"https:\/\/cqfd-journal.org\/Parler-de-fascisme-c-est-etre-a-la\" target=\"_blank\" rel=\"noreferrer noopener\"><strong>Inde<\/strong> : \u00abParler de fascisme, c\u2019est \u00eatre \u00e0 la hauteur de la gravit\u00e9 de la situation\u00bb<\/a>&nbsp;(CQFD)<\/p>\n\n\n\n<p><strong>Analyse<\/strong><\/p>\n\n\n\n<p><a href=\"https:\/\/www.monde-diplomatique.fr\/2024\/04\/BELKAID\/66772\" target=\"_blank\" rel=\"noreferrer noopener\">Histoires de Palestine<\/a>&nbsp;(Le Monde diplomatique)<\/p>\n\n\n\n<p><strong><a href=\"https:\/\/www.politis.fr\/articles\/2024\/04\/en-europe-lombre-de-la-disparition-des-gauches\/\" target=\"_blank\" rel=\"noreferrer noopener\">En Europe, l\u2019ombre de la disparition des gauches<\/a>&nbsp;<\/strong>(Politis)<\/p>\n\n\n\n<p><a href=\"https:\/\/www.blast-info.fr\/emissions\/2024\/pierre-messmer-heros-en-france-bourreau-au-cameroun-v5FQUK1qQnWXEMKTqYhCxA\" target=\"_blank\" rel=\"noreferrer noopener\">Pierre Messmer : h\u00e9ros en France, bourreau au Cameroun<\/a>&nbsp;(Blast)<\/p>\n\n\n\n<figure class=\"wp-block-image size-large is-resized\"><img data-recalc-dims=\"1\" loading=\"lazy\" decoding=\"async\" width=\"1024\" height=\"421\" src=\"https:\/\/i0.wp.com\/www.rdpemancipation.org\/wp-content\/uploads\/2024\/04\/Capture-Messmer.png?resize=1024%2C421&#038;ssl=1\" alt=\"\" class=\"wp-image-127500\" style=\"width:472px;height:auto\" srcset=\"https:\/\/i0.wp.com\/www.rdpemancipation.org\/wp-content\/uploads\/2024\/04\/Capture-Messmer.png?resize=1024%2C421&amp;ssl=1 1024w, https:\/\/i0.wp.com\/www.rdpemancipation.org\/wp-content\/uploads\/2024\/04\/Capture-Messmer.png?resize=300%2C123&amp;ssl=1 300w, https:\/\/i0.wp.com\/www.rdpemancipation.org\/wp-content\/uploads\/2024\/04\/Capture-Messmer.png?resize=768%2C316&amp;ssl=1 768w, https:\/\/i0.wp.com\/www.rdpemancipation.org\/wp-content\/uploads\/2024\/04\/Capture-Messmer.png?w=1117&amp;ssl=1 1117w\" sizes=\"auto, (max-width: 1024px) 100vw, 1024px\" \/><\/figure>\n\n\n\n<p><strong><mark style=\"background-color:rgba(0, 0, 0, 0);color:#ed1010\" class=\"has-inline-color\">4 avril<\/mark><\/strong><\/p>\n\n\n\n<p><strong>France<\/strong><\/p>\n\n\n\n<p><a href=\"https:\/\/www.rfi.fr\/fr\/en-bref\/20240404-cedh-la-france-condamn%C3%A9e-pour-les-mauvaises-conditions-de-vie-des-harkis-dans-les-camps-d-accueil\"><strong>CEDH : la France condamn\u00e9e pour les mauvaises conditions de vie des harkis dans les camps d&rsquo;accueil<\/strong><\/a> (RFI)<\/p>\n\n\n\n<p><a href=\"https:\/\/www.rfi.fr\/fr\/france\/20240402-france-attal-seul-face-aux-d%C3%A9put%C3%A9s-dans-une-nouvelle-configuration-de-l-assembl%C3%A9e-nationale\">Gabriel Attal seul face aux d\u00e9put\u00e9s dans une nouvelle configuration de l&rsquo;Assembl\u00e9e nationale<\/a> (RFI)<\/p>\n\n\n\n<p><a href=\"https:\/\/www.rfi.fr\/fr\/france\/20240403-violences-sexuelles-en-france-86-des-plaintes-class%C3%A9es-sans-suite\">Violences sexuelles : en France, 86% des plaintes class\u00e9es sans suite<\/a> (RFI)<\/p>\n\n\n\n<p><a href=\"https:\/\/www.youtube.com\/watch?v=e5WwkBARVPA\">I<\/a><a href=\"https:\/\/www.youtube.com\/watch?v=e5WwkBARVPA\">sra\u00ebl-Palestine&nbsp;: un naufrage m\u00e9diatique sans pr\u00e9c\u00e9dent <\/a>&nbsp;(Blast &#8211; Acrimed)<\/p>\n\n\n\n<p><a href=\"https:\/\/lanticapitaliste.org\/actualite\/international\/kanaky-il-est-fini-le-temps-des-colonies\"><strong>Kanaky, il est fini le temps des colonies\u2009!<\/strong><\/a> (L&rsquo;Anticapitaliste)<\/p>\n\n\n\n<p><strong>Monde<\/strong><a href=\"https:\/\/www.francetvinfo.fr\/monde\/proche-orient\/israel-palestine\/reportage-sauver-israel-de-lui-meme-a-jerusalem-opposants-au-pouvoir-et-familles-d-otages-s-allient-pour-reclamer-le-depart-de-benyamin-netanyahou_6466208.html\"><\/a><\/p>\n\n\n\n<p><a href=\"https:\/\/www.francetvinfo.fr\/monde\/proche-orient\/israel-palestine\/reportage-sauver-israel-de-lui-meme-a-jerusalem-opposants-au-pouvoir-et-familles-d-otages-s-allient-pour-reclamer-le-depart-de-benyamin-netanyahou_6466208.html\">\u00e0 J\u00e9rusalem, opposants au pouvoir et familles d&rsquo;otages s&rsquo;allient pour r\u00e9clamer le d\u00e9part de Benyamin N\u00e9tanyahou<\/a> (France Info)<\/p>\n\n\n\n<p><a href=\"https:\/\/www.francetvinfo.fr\/monde\/proche-orient\/israel-palestine\/direct-guerre-entre-israel-et-le-hamas-l-armee-israelienne-reconnait-une-grave-erreur-apres-la-frappe-ayant-tue-sept-membres-d-une-ong_6464075.html\">I<strong>sra\u00ebl : Benny Gantz, rival de N\u00e9tanyahou, appelle \u00e0 des \u00e9lections anticip\u00e9es<\/strong><\/a> (France Info)<\/p>\n\n\n\n<p><a href=\"https:\/\/www.letemps.ch\/monde\/moyenorient\/un-reserviste-israelien-temoigne-des-derives-au-sein-de-tsahal-en-tirant-les-soldats-deviennent-des-heros-voila-la-regle-du-jeu-aujourd-hui?utm_source=Newsletters&amp;utm_campaign=9c3f801124-EMAIL_CAMPAIGN_2024_04_03_04_00&amp;utm_medium=email&amp;utm_term=0_56c41a402e-9c3f801124-%5BLIST_EMAIL_ID%5D\">Un r\u00e9serviste isra\u00e9lien t\u00e9moigne des d\u00e9rives au sein de Tsahal<\/a> (Le Temps)<\/p>\n\n\n\n<p><a href=\"https:\/\/www.courrierinternational.com\/article\/entretien-a-gaza-l-ia-lavender-a-designe-37-000-cibles-humaines-affirme-le-magazine-972\">&nbsp;\u201c\u00c0 Gaza, l\u2019IA Lavender a d\u00e9sign\u00e9 37&nbsp;000&nbsp;cibles humaines\u201d, affirme le magazine \u201c+972\u201d<\/a> (Courrier International)<a href=\"https:\/\/www.courrierinternational.com\/article\/libye-d-anciens-militaires-irlandais-auraient-entraine-les-troupes-rebelles-du-marechal-haftar\"><\/a><\/p>\n\n\n\n<p><strong><a href=\"https:\/\/www.courrierinternational.com\/article\/libye-d-anciens-militaires-irlandais-auraient-entraine-les-troupes-rebelles-du-marechal-haftar\">Libye.&nbsp;D\u2019anciens militaires irlandais auraient entra\u00een\u00e9 les troupes rebelles du mar\u00e9chal Haftar<\/a><\/strong> (Courrier International)<\/p>\n\n\n\n<p><a href=\"https:\/\/www.france24.com\/fr\/europe\/20240402-irlande-simon-harris-ascension-fulgurante-futur-premier-ministre\"><strong>Irlande<\/strong> : Simon Harris, l&rsquo;ascension fulgurante d&rsquo;un futur Premier ministre \u00e0 l&rsquo;\u00e8re de TikTok<\/a>&nbsp;(France24)<\/p>\n\n\n\n<p><a href=\"https:\/\/alencontre.org\/ameriques\/americnord\/usa\/etats-unis-elections-de-novembre-suivre-largent-et-comprendre-les-choix-bipartisans-des-grandes-firmes.html\"><strong>Etats-Unis<\/strong>. Elections : suivre l\u2019argent et comprendre les choix bipartisans des grandes firmes<\/a> (A l\u2019Encontre)<\/p>\n\n\n\n<p><a href=\"https:\/\/lanticapitaliste.org\/actualite\/international\/etats-unis-les-contradictions-du-parti-democrate-en-pleine-lumiere\"><strong>\u00c9tats-Unis <\/strong>: Les contradictions du parti d\u00e9mocrate en pleine lumi\u00e8re<\/a> (L\u2019Anticapitaliste)<\/p>\n\n\n\n<p><strong>Analyse<\/strong><\/p>\n\n\n\n<p><a href=\"https:\/\/laviedesidees.fr\/Capitalisme-et-injustice\">Capitalisme et injustice&nbsp;<\/a> (La vie des id\u00e9es)<a href=\"https:\/\/theconversation.com\/pourquoi-les-debats-sur-le-role-de-la-france-au-rwanda-demeurent-ils-aussi-sensibles-225917\"><\/a><\/p>\n\n\n\n<p><a href=\"https:\/\/theconversation.com\/pourquoi-les-debats-sur-le-role-de-la-france-au-rwanda-demeurent-ils-aussi-sensibles-225917\">Pourquoi les d\u00e9bats sur le r\u00f4le de la France au Rwanda demeurent-ils aussi sensibles&nbsp;?<\/a> (The Conversation)<\/p>\n\n\n\n<p><a href=\"https:\/\/elucid.media\/politique\/asie-elections-bangladesh-pakistan-indonesie-sheikh-hasina-imran-khan-prabowo-subianto-nepotisme-autoritarisme\">En Asie, des \u00e9lections sous le signe du n\u00e9potisme et de l\u2019autoritarisme<\/a> (Elucid)<\/p>\n\n\n\n<figure class=\"wp-block-image size-full is-resized\"><img data-recalc-dims=\"1\" loading=\"lazy\" decoding=\"async\" width=\"715\" height=\"326\" src=\"https:\/\/i0.wp.com\/www.rdpemancipation.org\/wp-content\/uploads\/2024\/04\/Capture-Asie.png?resize=715%2C326&#038;ssl=1\" alt=\"\" class=\"wp-image-127462\" style=\"width:473px;height:auto\" srcset=\"https:\/\/i0.wp.com\/www.rdpemancipation.org\/wp-content\/uploads\/2024\/04\/Capture-Asie.png?w=715&amp;ssl=1 715w, https:\/\/i0.wp.com\/www.rdpemancipation.org\/wp-content\/uploads\/2024\/04\/Capture-Asie.png?resize=300%2C137&amp;ssl=1 300w\" sizes=\"auto, (max-width: 715px) 100vw, 715px\" \/><\/figure>\n\n\n\n<p><strong><mark style=\"background-color:rgba(0, 0, 0, 0);color:#ed1010\" class=\"has-inline-color\">3 avril<\/mark><\/strong><\/p>\n\n\n\n<p><strong>France<\/strong><\/p>\n\n\n\n<p><strong><a href=\"https:\/\/www.huffingtonpost.fr\/justice\/article\/edouard-philippe-vise-par-une-enquete-du-parquet-financier-la-mairie-du-havre-perquisitionnee_232127.html\">\u00c9douard Philippe vis\u00e9 par une enqu\u00eate du PNF, la mairie du&nbsp;Havre perquisitionn\u00e9e<\/a><\/strong> (Huffpost)<a><\/a><\/p>\n\n\n\n<p><a href=\"https:\/\/www.mediapart.fr\/journal\/france\/030424\/une-magistrate-proche-d-eric-dupond-moretti-arretee-par-la-police-anticorruption\">Une magistrate proche d\u2019\u00c9ric Dupond-Moretti arr\u00eat\u00e9e par la police anticorruption <\/a>&nbsp;(M\u00e9diapart)<\/p>\n\n\n\n<p><a href=\"https:\/\/www.rfi.fr\/fr\/france\/20240403-france-loi-d-orientation-agricole-projet-haut-risque-gouvernement-rousseau-fnsea\">La loi d&rsquo;orientation agricole, un projet \u00e0 haut risque pour le gouvernement<\/a> (RFI<strong><a href=\"https:\/\/www.liberation.fr\/societe\/police-justice\/au-cra-de-vincennes-de-nouveaux-soupcons-de-violences-policieres-envers-des-retenus-20240224_CE7K7KKO2NAMFELMYNNKKOQTUA\/\">)<\/a><\/strong><\/p>\n\n\n\n<p><strong>Monde<\/strong><\/p>\n\n\n\n<p><strong><a href=\"https:\/\/www.francetvinfo.fr\/monde\/proche-orient\/israel-palestine\/temoignages-on-a-trouve-des-corps-jetes-au-milieu-des-poubelles-a-gaza-des-habitants-racontent-l-horreur-apres-le-retrait-de-l-armee-israelienne-de-l-hopital-al-chifa_6463220.html\">Gaza&nbsp;: des habitants racontent l&rsquo;horreur apr\u00e8s le retrait de l&rsquo;arm\u00e9e isra\u00e9lienne de l&rsquo;h\u00f4pital Al-Chifa<\/a><\/strong> (France Info)<\/p>\n\n\n\n<p><strong><a href=\"https:\/\/www.rfi.fr\/fr\/afrique\/20240402-s%C3%A9n%C3%A9gal-bassirou-diomaye-faye-nomme-ousmane-sonko-premier-ministre\">S\u00e9n\u00e9gal : Bassirou Diomaye Faye nomme Ousmane Sonko Premier ministre<\/a><\/strong> (RFI)<\/p>\n\n\n\n<p><a href=\"https:\/\/www.rfi.fr\/fr\/am%C3%A9riques\/20240403-argus-de-15-000-licenciements-du-gouvernement-mileientine-la-fonction-publique-en-gr%C3%A8ve-apr%C3%A8s-plus-de-15-000-licenciements-du-gouvernement-milei\">Argentine : la fonction publique en gr\u00e8ve pour protester contre les licenciements massifs de Milei<\/a> (RFI)<\/p>\n\n\n\n<p><strong>Analyse<\/strong><\/p>\n\n\n\n<p><a href=\"https:\/\/www.mediapart.fr\/journal\/international\/020424\/arie-alimi-le-sionisme-n-est-pas-le-coeur-du-judaisme\">Ari\u00e9 Alimi&nbsp;: \u00ab&nbsp;Le sionisme n\u2019est pas le c\u0153ur du juda\u00efsme&nbsp;\u00bb <\/a>&nbsp;(A l\u2019air libre)<\/p>\n\n\n\n<p><strong><mark style=\"background-color:rgba(0, 0, 0, 0);color:#ed1010\" class=\"has-inline-color\">2 avril<\/mark><\/strong><\/p>\n\n\n\n<p><strong>France<\/strong><\/p>\n\n\n\n<p><a href=\"https:\/\/api.indigo-net.com\/email\/RedirectionEmailing?mail=n.chevillard@noos.fr&amp;ID=599894&amp;DOCIID=109703480&amp;ENAIID=873845&amp;RETOUR=SIMPLE&amp;link=https:\/\/www.lalettre.fr\/fr\/action-publique_executif\/2024\/04\/02\/bercy-programme-la-mort-de-la-commission-nationale-du-debat-public-avant-de-retropedaler,110199202-art?cxt=PUB&amp;utm_source=LLA&amp;utm_medium=email&amp;utm_campaign=AUTO_EDIT_SOM_PROS\" target=\"_blank\" rel=\"noreferrer noopener\">Bercy programme la mort de la Commission nationale du d\u00e9bat public, avant de r\u00e9trop\u00e9daler<\/a> (La Lettre)<a href=\"https:\/\/www.francetvinfo.fr\/economie\/budget-gabriel-attal-lance-une-mission-parlementaire-sur-la-taxation-des-rentes_6462452.html\"><\/a><\/p>\n\n\n\n<p><a href=\"https:\/\/www.francetvinfo.fr\/economie\/budget-gabriel-attal-lance-une-mission-parlementaire-sur-la-taxation-des-rentes_6462452.html\">Budget : Gabriel Attal lance une mission parlementaire \u00ab\u00a0sur la taxation des rentes\u00a0\u00bb<\/a> (France Info)<\/p>\n\n\n\n<p><a><\/a><a href=\"https:\/\/vert.eco\/articles\/elections-europeennes-que-peuvent-les-eurodeputes-pour-le-climat\" target=\"_blank\" rel=\"noreferrer noopener\">\u00c9lections europ\u00e9ennes : que peuvent les eurod\u00e9put\u00e9s pour le climat ?<\/a>&nbsp; (vert.eco)<\/p>\n\n\n\n<p><a href=\"https:\/\/www.francetvinfo.fr\/replay-radio\/8h30-fauvelle-dely\/humanitaires-morts-a-gaza-soutien-a-l-ukraine-reforme-de-l-assurance-chomage-le-8h30-franceinfo-de-yael-braun-pivet_6432532.html\">Humanitaires morts \u00e0 Gaza, soutien \u00e0 l&rsquo;Ukraine, r\u00e9forme de l&rsquo;assurance ch\u00f4mage&#8230; Ya\u00ebl Braun-Pivet<\/a> (France Info)<\/p>\n\n\n\n<p><a href=\"https:\/\/www.huffingtonpost.fr\/politique\/article\/julien-bayou-demissionne-d-eelv-et-du-groupe-ecolo-a-l-assemblee-nationale_232057.html\">Accus\u00e9 par son ex-compagne, Julien Bayou quitte EELV et le groupe \u00e9colo \u00e0 l\u2019Assembl\u00e9e<\/a> &nbsp;(Huffpost)<a><\/a><a href=\"https:\/\/www.liberation.fr\/societe\/education\/financement-public-de-lenseignement-prive-un-rapport-parlementaire-denonce-une-grande-opacite-20240402_OMADMBTKFJFAPFSEKGUSHTIYTY\/\"><\/a><\/p>\n\n\n\n<p><a href=\"https:\/\/www.liberation.fr\/societe\/education\/financement-public-de-lenseignement-prive-un-rapport-parlementaire-denonce-une-grande-opacite-20240402_OMADMBTKFJFAPFSEKGUSHTIYTY\/\"><strong>Enseignement priv\u00e9 : un financement public intra\u00e7able, d\u00e9nonce un rapport<\/strong><\/a>(Lib\u00e9ration)<\/p>\n\n\n\n<p><a href=\"https:\/\/www.mediapart.fr\/journal\/france\/020424\/seine-saint-denis-des-maires-mettent-l-etat-en-demeure-d-agir-pour-l-ecole-publique\">Seine-Saint-Denis : des maires mettent l\u2019\u00c9tat en demeure d\u2019agir pour l\u2019\u00e9cole publique<\/a> (M\u00e9diapart)<strong><a href=\"https:\/\/www.liberation.fr\/societe\/police-justice\/au-cra-de-vincennes-de-nouveaux-soupcons-de-violences-policieres-envers-des-retenus-20240224_CE7K7KKO2NAMFELMYNNKKOQTUA\/\"><\/a><\/strong><\/p>\n\n\n\n<p><strong>Monde<\/strong><\/p>\n\n\n\n<p><a href=\"https:\/\/reporterre.net\/En-Cisjordanie-les-colons-et-les-militaires-israeliens-terrorisent-les-bergers\">En <strong>Cisjordanie<\/strong>, les colons et les militaires isra\u00e9liens terrorisent les bergers<\/a> (Reporterre)<\/p>\n\n\n\n<p><strong><a href=\"https:\/\/www.francetvinfo.fr\/monde\/proche-orient\/israel-palestine\/guerre-entre-israel-et-le-hamas-ce-que-l-on-sait-de-la-mort-d-humanitaires-de-l-ong-americaine-world-central-kitchen-dans-une-frappe-a-gaza_6462161.html\">Gaza&nbsp;: mort de sept humanitaires de l&rsquo;ONG World Central Kitchen dans une frappe isra\u00e9lienne<\/a><\/strong> (France Info)<\/p>\n\n\n\n<p><a href=\"https:\/\/www.saphirnews.com\/Gaza-a-l-hopital-Al-Shifa-le-carnage-laisse-par-l-armee-israelienne_a30173.html\" target=\"_blank\" rel=\"noreferrer noopener\"><strong>Gaza<\/strong> : \u00e0 l\u2019h\u00f4pital Al-Shifa, le carnage laiss\u00e9 par l\u2019arm\u00e9e isra\u00e9lienne<\/a>&nbsp;(SaphirNews.com)<\/p>\n\n\n\n<p><a href=\"https:\/\/www.lemediatv.fr\/emissions\/2024\/senegal-pourquoi-le-duo-diomaye-faye-ousmane-sonko-inquiete-la-france-_TWHXFiYQIeFjP6egvUp7g\" target=\"_blank\" rel=\"noreferrer noopener\"><strong>S\u00e9n\u00e9gal<\/strong> : pourquoi le duo Diomaye Faye \/ Ousmane Sonko inqui\u00e8te la France<\/a>&nbsp;(Le M\u00e9dia)<\/p>\n\n\n\n<p><a href=\"https:\/\/www.blast-info.fr\/emissions\/2024\/indonesie-cette-lutte-pour-lindependance-dont-personne-ne-parle--bf9m2CETUq4-0WBoz51tg\" target=\"_blank\" rel=\"noreferrer noopener\"><strong>Indon\u00e9sie<\/strong> : cette lutte pour l&rsquo;ind\u00e9pendance dont personne ne parle<\/a>&nbsp;(Blast)<\/p>\n\n\n\n<p><a href=\"https:\/\/alencontre.org\/europe\/russie\/russie-le-voyage-continue-une-lettre-de-prison-de-boris-kagarlitsky.html\"><strong>Russie<\/strong>. \u00abLe voyage continue\u00bb : une lettre de prison de Boris Kagarlitsky<\/a> (A l\u2019Encontre)<\/p>\n\n\n\n<p><strong>Analyse<\/strong><\/p>\n\n\n\n<p><a href=\"https:\/\/link.newsletter.franceculture.fr\/m\/ml\/7429\/863311\/qLmRSwF_tEueXs8U2uYxVm9C5lXTLJmivm821gAfcU8=\/7UYQ9A0yx0QToDqJ1mdMIoih4yFVPZAUbV2j2OyCQpQ=\/\" target=\"_blank\" rel=\"noreferrer noopener\">Comment les divisions \u00e0 gauche ont ouvert un boulevard \u00e0 l\u2019extr\u00eame droite<\/a> (France Culture)<\/p>\n\n\n\n<p><strong><a href=\"https:\/\/histoirecoloniale.net\/perpignan-toul-un-meme-negationnisme-colonial-a-combattre\/\" target=\"_blank\" rel=\"noreferrer noopener\">Perpignan, Toul : un m\u00eame n\u00e9gationnisme colonial \u00e0 combattre<\/a><\/strong> (Histoire coloniale)<\/p>\n\n\n\n<p><a href=\"https:\/\/www.hrw.org\/fr\/news\/2024\/04\/02\/rwanda-publication-darchives-sur-le-genocide\" target=\"_blank\" rel=\"noreferrer noopener\">Rwanda : Publication d\u2019archives sur le g\u00e9nocide<\/a>&nbsp;&nbsp;(Human Rights Watch)<\/p>\n\n\n\n<p><a href=\"https:\/\/www.contretemps.eu\/universites-israeliennes-element-cle-dapartheid\/\">Les universit\u00e9s isra\u00e9liennes sont un \u00e9l\u00e9ment cl\u00e9 du r\u00e9gime d\u2019apartheid<\/a> (Contretemps)<\/p>\n\n\n\n<figure class=\"wp-block-image size-large is-resized\"><img data-recalc-dims=\"1\" loading=\"lazy\" decoding=\"async\" width=\"1024\" height=\"542\" src=\"https:\/\/i0.wp.com\/www.rdpemancipation.org\/wp-content\/uploads\/2024\/04\/image-4.png?resize=1024%2C542&#038;ssl=1\" alt=\"\" class=\"wp-image-127385\" style=\"width:431px;height:auto\" srcset=\"https:\/\/i0.wp.com\/www.rdpemancipation.org\/wp-content\/uploads\/2024\/04\/image-4.png?resize=1024%2C542&amp;ssl=1 1024w, https:\/\/i0.wp.com\/www.rdpemancipation.org\/wp-content\/uploads\/2024\/04\/image-4.png?resize=300%2C159&amp;ssl=1 300w, https:\/\/i0.wp.com\/www.rdpemancipation.org\/wp-content\/uploads\/2024\/04\/image-4.png?resize=768%2C406&amp;ssl=1 768w, https:\/\/i0.wp.com\/www.rdpemancipation.org\/wp-content\/uploads\/2024\/04\/image-4.png?w=1293&amp;ssl=1 1293w\" sizes=\"auto, (max-width: 1024px) 100vw, 1024px\" \/><\/figure>\n\n\n\n<p><strong><mark style=\"background-color:rgba(0, 0, 0, 0);color:#ed1010\" class=\"has-inline-color\">1er avril<\/mark><\/strong><\/p>\n\n\n\n<p><strong>France<\/strong><\/p>\n\n\n\n<p><strong><a href=\"https:\/\/blogs.mediapart.fr\/pourlapalestinecontrelarmement\/blog\/310324\/pourquoi-nous-nous-rendrons-devant-lentreprise-marseillaise-eurolinks-ce-lundi\">Pourquoi nous nous rendrons devant l&rsquo;entreprise marseillaise Eurolinks ce lundi ?<\/a><\/strong>&nbsp;(Blog pourlapalestinecontrelarmement)<\/p>\n\n\n\n<figure class=\"wp-block-image size-full is-resized\"><img data-recalc-dims=\"1\" loading=\"lazy\" decoding=\"async\" width=\"735\" height=\"727\" src=\"https:\/\/i0.wp.com\/www.rdpemancipation.org\/wp-content\/uploads\/2024\/04\/image.png?resize=735%2C727&#038;ssl=1\" alt=\"\" class=\"wp-image-127324\" style=\"width:413px;height:auto\" srcset=\"https:\/\/i0.wp.com\/www.rdpemancipation.org\/wp-content\/uploads\/2024\/04\/image.png?w=735&amp;ssl=1 735w, https:\/\/i0.wp.com\/www.rdpemancipation.org\/wp-content\/uploads\/2024\/04\/image.png?resize=300%2C297&amp;ssl=1 300w\" sizes=\"auto, (max-width: 735px) 100vw, 735px\" \/><\/figure>\n\n\n\n<p><a href=\"https:\/\/reporterre.net\/De-la-gauche-a-l-extreme-droite-le-grand-debat-sur-l-ecologie-vire-au-dialogue-de-sourds?utm_source=newsletter&amp;utm_medium=email&amp;utm_campaign=nl_quotidienne\">De la gauche \u00e0 l\u2019extr\u00eame droite, le grand d\u00e9bat sur l\u2019\u00e9cologie vire au dialogue de sourds<\/a>&nbsp;(Reporterre)<\/p>\n\n\n\n<p><a href=\"https:\/\/www.youtube.com\/watch?v=aXY3j10k9Jk\">Lemaire face \u00e0 Salam\u00e9 pour devenir Pr\u00e9sident<\/a>&nbsp;(Canard r\u00e9fractaire, vid\u00e9o)<\/p>\n\n\n\n<p><strong>Monde<\/strong><\/p>\n\n\n\n<p><a href=\"https:\/\/www.boursorama.com\/actualite-economique\/actualites\/netanyahu-relance-son-projet-de-fermeture-d-al-jazeera-5d8d15037f58e7f4bb22b486ee3523a6\">Netanyahu relance son projet de fermeture d&rsquo;Al Jazeera<\/a> (Reuters)<\/p>\n\n\n\n<p><a href=\"https:\/\/www.boursorama.com\/videos\/actualites\/israel-colere-contre-benjamin-netanyahu-a-jerusalem-c56e19bb34960b41bad30bf46ca350c7\"><strong>Isra\u00ebl <\/strong>: col\u00e8re contre Benjamin Netanyahu \u00e0 J\u00e9rusalem<\/a> (France 24) &nbsp;<\/p>\n\n\n\n<p><a href=\"https:\/\/www.boursorama.com\/videos\/actualites\/des-israeliens-marchent-vers-la-knesset-pour-protester-contre-le-gouvernement-9e3ddcca8e0733ecb64aa40fb7083d0b\">Des Isra\u00e9liens marchent vers la Knesset pour protester contre le gouvernement<\/a> (AFP vid\u00e9o)<\/p>\n\n\n\n<p><strong><a href=\"https:\/\/www.boursorama.com\/actualite-economique\/actualites\/israel-des-milliers-de-manifestants-de-nouveau-dans-la-rue-pour-demander-le-depart-de-netanyahu-603e1d1d10b7c2e8381e62d1a3caff19\">Isra\u00ebl : des milliers de manifestants de nouveau dans la rue pour demander le d\u00e9part de Netanyahu<\/a> <\/strong>(AFP)<\/p>\n\n\n\n<p><a href=\"https:\/\/www.boursorama.com\/actualite-economique\/actualites\/l-armee-israelienne-dit-avoir-tue-un-haut-commandant-du-hezbollah-libanais-d011a1589f4009edc61b51ed2499f9b5\">L\u2019arm\u00e9e isra\u00e9lienne dit avoir tu\u00e9 un haut commandant du Hezbollah libanais<\/a> (Reuters)<\/p>\n\n\n\n<p><strong><a href=\"https:\/\/www.huffingtonpost.fr\/international\/article\/guerre-a-gaza-le-hamas-presente-des-excuses-aux-palestiniens-pour-les-souffrances-causees_232001.html\">Le Hamas pr\u00e9sente des excuses aux Gazaouis pour les souffrances caus\u00e9es par la guerre<\/a> <\/strong>(Huffpost)<\/p>\n\n\n\n<p><a href=\"https:\/\/www.francetvinfo.fr\/monde\/proche-orient\/israel-palestine\/en-images-guerre-a-gaza-decouvrez-l-ampleur-des-degats-a-l-hopital-al-chifa-apres-le-retrait-des-troupes-israeliennes_6460802.html\">Guerre \u00e0 Gaza : l&rsquo;h\u00f4pital al-Chifa d\u00e9vast\u00e9 apr\u00e8s le retrait des troupes isra\u00e9liennes<\/a> (France Info)<\/p>\n\n\n\n<p><strong><a href=\"https:\/\/www.francetvinfo.fr\/replay-radio\/le-monde-est-a-nous\/elections-municipales-en-turquie-une-claque-magistrale-pour-le-president-recep-tayyip-erdogan_6430423.html\">Municipales en Turquie : une claque magistrale pour le pr\u00e9sident Erdogan<\/a> <\/strong>(France Info)<\/p>\n\n\n\n<p><a href=\"https:\/\/www.rfi.fr\/fr\/en-bref\/20240401-libye-des-roquettes-lanc%C3%A9es-contre-le-domicile-du-neveu-du-premier-ministre-%C3%A0-tripoli-m%C3%A9dias\"><strong>Libye<\/strong> : des roquettes lanc\u00e9es contre le domicile du neveu du Premier ministre \u00e0 Tripoli<\/a> (RFI)<\/p>\n\n\n\n<p><strong>Analyse<\/strong><\/p>\n\n\n\n<p><a href=\"https:\/\/brunobertez.com\/2024\/03\/28\/origines-et-fonctions-de-daech-youssef-hindi\/\">Origines et fonctions de Daech<\/a>&nbsp;-Youssef Hindi&nbsp;(Bruno Bertez)<\/p>\n\n\n\n<p><a href=\"https:\/\/www.boursorama.com\/actualite-economique\/actualites\/imamoglu-le-maire-d-istanbul-qui-defie-erdogan-dc31eeca92c6964f4aa99b4c7ced3562\">Imamoglu, le maire d&rsquo;Istanbul qui d\u00e9fie Erdogan<\/a> (AFP)<\/p>\n\n\n\n<p><strong><a href=\"https:\/\/www.boursorama.com\/videos\/actualites\/debacle-electorale-d-erdogan-en-turquie-le-debut-de-la-fin-pour-l-akp-e6cb7073aa320732bb5fe9dd04dfe743\">D\u00e9b\u00e2cle \u00e9lectorale d&rsquo;Erdogan en Turquie : le d\u00e9but de la fin pour l&rsquo;AKP ?<\/a> <\/strong>(France 24) &nbsp;<\/p>\n\n\n\n<p><strong><a href=\"https:\/\/www.lemonde.fr\/idees\/article\/2024\/03\/30\/guerre-israel-hamas-monsieur-le-president-ne-rendez-pas-la-france-complice-des-crimes-commis-par-le-gouvernement-d-israel_6225090_3232.html\">\u2019Monsieur le Pr\u00e9sident, ne rendez pas la France complice des crimes commis par le gouvernement d\u2019Isra\u00ebl\u2019<\/a><\/strong> (Tribune collective &#8211; Le Monde)<\/p>\n\n\n\n<p><a href=\"https:\/\/www.alternatives-economiques.fr\/claude-alphandery-une-vie-dengagements\/00110213\" target=\"_blank\" rel=\"noreferrer noopener\">Claude Alphand\u00e9ry, une vie d&rsquo;engagements<\/a>&nbsp;(Alter \u00e9co)<\/p>\n\n\n\n<p><\/p>\n","protected":false},"excerpt":{"rendered":"<p>30 avril France Soutien \u00e0 la Palestine : une semaine cl\u00e9 pour les organisations de jeunesse&nbsp;(Politis) Occupation de Sciences&nbsp;Po&nbsp;: la direction d\u00e9fend la voie \u00e9troite du compromis (Le Monde) Mathilde Panot et Rima Hassan entendues mardi par la police dans des enqu\u00eates ouvertes pour apologie du terrorisme&nbsp; (Le Monde) Mobilisation \u00e9tudiante propalestinienne&nbsp;: la Sorbonne \u00e9vacu\u00e9e, &#8230; <a title=\"Avril &#8211; Politique\" class=\"read-more\" href=\"https:\/\/www.rdpemancipation.org\/?p=127306\" aria-label=\"En savoir plus sur Avril &#8211; Politique\">Lire la suite<\/a><\/p>\n","protected":false},"author":1,"featured_media":0,"comment_status":"closed","ping_status":"closed","sticky":false,"template":"","format":"standard","meta":{"_lmt_disableupdate":"","_lmt_disable":"","_jetpack_memberships_contains_paid_content":false,"footnotes":""},"categories":[6],"tags":[],"class_list":["post-127306","post","type-post","status-publish","format-standard","hentry","category-politique"],"modified_by":"nch","jetpack_featured_media_url":"","jetpack_sharing_enabled":true,"_links":{"self":[{"href":"https:\/\/www.rdpemancipation.org\/index.php?rest_route=\/wp\/v2\/posts\/127306","targetHints":{"allow":["GET"]}}],"collection":[{"href":"https:\/\/www.rdpemancipation.org\/index.php?rest_route=\/wp\/v2\/posts"}],"about":[{"href":"https:\/\/www.rdpemancipation.org\/index.php?rest_route=\/wp\/v2\/types\/post"}],"author":[{"embeddable":true,"href":"https:\/\/www.rdpemancipation.org\/index.php?rest_route=\/wp\/v2\/users\/1"}],"replies":[{"embeddable":true,"href":"https:\/\/www.rdpemancipation.org\/index.php?rest_route=%2Fwp%2Fv2%2Fcomments&post=127306"}],"version-history":[{"count":60,"href":"https:\/\/www.rdpemancipation.org\/index.php?rest_route=\/wp\/v2\/posts\/127306\/revisions"}],"predecessor-version":[{"id":128408,"href":"https:\/\/www.rdpemancipation.org\/index.php?rest_route=\/wp\/v2\/posts\/127306\/revisions\/128408"}],"wp:attachment":[{"href":"https:\/\/www.rdpemancipation.org\/index.php?rest_route=%2Fwp%2Fv2%2Fmedia&parent=127306"}],"wp:term":[{"taxonomy":"category","embeddable":true,"href":"https:\/\/www.rdpemancipation.org\/index.php?rest_route=%2Fwp%2Fv2%2Fcategories&post=127306"},{"taxonomy":"post_tag","embeddable":true,"href":"https:\/\/www.rdpemancipation.org\/index.php?rest_route=%2Fwp%2Fv2%2Ftags&post=127306"}],"curies":[{"name":"wp","href":"https:\/\/api.w.org\/{rel}","templated":true}]}}