{"id":127304,"date":"2024-04-01T01:20:00","date_gmt":"2024-03-31T23:20:00","guid":{"rendered":"https:\/\/www.rdpemancipation.org\/?p=127304"},"modified":"2024-04-30T19:19:29","modified_gmt":"2024-04-30T17:19:29","slug":"avril-economie-4","status":"publish","type":"post","link":"https:\/\/www.rdpemancipation.org\/?p=127304","title":{"rendered":"Avril &#8211; \u00c9conomie"},"content":{"rendered":"\n<p><strong><mark style=\"background-color:rgba(0, 0, 0, 0);color:#ed1010\" class=\"has-inline-color\">30 avril<\/mark><\/strong><\/p>\n\n\n\n<p><strong>France<\/strong><a><\/a><a><\/a><a><\/a><\/p>\n\n\n\n<p><a href=\"https:\/\/www.alternatives-economiques.fr\/emploi-chomage-gouvernement-survend-un-bilan-flatteur\/00110423\" target=\"_blank\" rel=\"noreferrer noopener\">Emploi, ch\u00f4mage : le gouvernement survend un bilan peu flatteur<\/a>&nbsp;(Alter \u00e9co)<\/p>\n\n\n\n<p><a href=\"https:\/\/basta.media\/la-strategie-macron-pour-affaiblir-l-assurance-chomage-ni-negociations-sociales\">La strat\u00e9gie Macron pour affaiblir l\u2019assurance ch\u00f4mage&nbsp;: ni n\u00e9gociations sociales ni d\u00e9bat national<\/a>&nbsp;(Basta!)<\/p>\n\n\n\n<p><a href=\"https:\/\/rapportsdeforce.fr\/chomage\/decret-chomage-comment-macron-a-methodiquement-saccage-vos-droits-en-six-ans-043021087\"><strong>D\u00e9cret ch\u00f4mage : comment Macron a m\u00e9thodiquement saccag\u00e9 vos droits en six ans<\/strong><\/a> (Rapports de force)<\/p>\n\n\n\n<p><a href=\"https:\/\/reporterre.net\/Le-patron-de-Carrefour-est-paye-426-fois-plus-que-ses-salaries\" target=\"_blank\" rel=\"noreferrer noopener\">Le patron de Carrefour est pay\u00e9 426 fois plus que ses salari\u00e9s<\/a> (Reporterre)<\/p>\n\n\n\n<p><a href=\"https:\/\/link.newsletter.franceculture.fr\/m\/ml\/7429\/868470\/Z6163s3kzHwBWoSbCMgmtG9C5lXTLJmivm821gAfcU8=\/btRGEL5kie8mKP8OoLwXP8Nn1gn5HtILo-+Kj-dcdwQ=\/\" target=\"_blank\" rel=\"noreferrer noopener\">JO 2024 : le financement priv\u00e9 en forme olympique<\/a> (France Culture)<\/p>\n\n\n\n<p><a href=\"https:\/\/api.indigo-net.com\/email\/RedirectionEmailing?mail=n.chevillard@noos.fr&amp;ID=606552&amp;DOCIID=109703480&amp;ENAIID=880500&amp;RETOUR=SIMPLE&amp;link=https:\/\/www.lalettre.fr\/fr\/entreprises_finance\/2024\/04\/29\/la-sncf-et-la-ratp-retiennent-l-offre-de-latour-capital-pour-ceder-systra,110221411-art?cxt=PUB&amp;utm_source=LLA&amp;utm_medium=email&amp;utm_campaign=AUTO_EDIT_SOM_PROS\" target=\"_blank\" rel=\"noreferrer noopener\">La SNCF et la RATP retiennent l&rsquo;offre de Latour Capital pour c\u00e9der Systra<\/a><a> <\/a>(La Lettre)<\/p>\n\n\n\n<p><a href=\"https:\/\/redirection.b2b.infopro-digital.com\/lnk\/AWcAAEE1QFsAAcXFng4AAHnKuI0AAABZQUUAANzvAAwsSQBmL9Sog2y_jwGsRoOpzo0EEA3lPgAMCy8\/4\/Z0UDers7dpG_1SXXwoAGhQ\/aHR0cDovL3d3dy51c2luZW5vdXZlbGxlLmNvbS9hcnRpY2xlL2xlLXByb2pldC1kZS1sLWV0YXQtcG91ci1leHRpcnBlci1sZXMtYWN0aXZpdGVzLXNvdXZlcmFpbmVzLWQtYXRvcy5OMjIxMjMyND91dG1fc291cmNlPW5ld3NsZXR0ZXImdXRtX21lZGl1bT1lbWFpbCZ1dG1fY2FtcGFpZ249aW5mb19sYS1xdW90aWRpZW5uZSZlbWFpbD0yMDQzMzI4NjUzJmlkYmRkPTU2NTU5\" target=\"_blank\" rel=\"noreferrer noopener\">Le projet de l\u2019Etat pour mettre la main sur les activit\u00e9s souveraines d\u2019Atos<\/a> (Usine Nouvelle)&nbsp;<\/p>\n\n\n\n<p><a href=\"https:\/\/reporterre.net\/Devant-le-Senat-le-PDG-de-TotalEnergies-defend-le-petrole-et-le-gaz\" target=\"_blank\" rel=\"noreferrer noopener\">Le patron de TotalEnergies assume de produire toujours plus de p\u00e9trole et de gaz<\/a>&nbsp;(Reporterre)<\/p>\n\n\n\n<p><a href=\"https:\/\/redirection.b2b.infopro-digital.com\/lnk\/AWcAAEE1QFsAAcXFng4AAHnKuI0AAABZQUUAANzvAAwsSQBmL9Sog2y_jwGsRoOpzo0EEA3lPgAMCy8\/12\/B3RV8U0QLPPt9EenopiRug\/aHR0cDovL3d3dy51c2luZW5vdXZlbGxlLmNvbS9hcnRpY2xlL2xlLXBkZy1kZS10b3RhbGVuZXJnaWVzLXBhdHJpY2stcG91eWFubmUtYXVkaXRpb25uZS1wYXItbGVzLXNlbmF0ZXVycy1zdWl2ZXotbC1ldmVuZW1lbnQtZW4tZGlyZWN0Lk4yMjEyNDc0P3V0bV9zb3VyY2U9bmV3c2xldHRlciZ1dG1fbWVkaXVtPWVtYWlsJnV0bV9jYW1wYWlnbj1pbmZvX2xhLXF1b3RpZGllbm5lJmVtYWlsPTIwNDMzMjg2NTMmaWRiZGQ9NTY1NTk\" target=\"_blank\" rel=\"noreferrer noopener\">Le PDG de TotalEnergies Patrick Pouyann\u00e9 auditionn\u00e9 au S\u00e9nat : suivez le direct<\/a> (Usine Nouvelle)&nbsp;<\/p>\n\n\n\n<p><a href=\"https:\/\/api.indigo-net.com\/email\/RedirectionEmailing?mail=n.chevillard@noos.fr&amp;ID=606308&amp;DOCIID=109703480&amp;ENAIID=880256&amp;RETOUR=SIMPLE&amp;link=https:\/\/www.lalettre.fr\/fr\/entreprises_energie-et-environnement\/2024\/04\/29\/les-discrets-rendez-vous-de-pouyanne-avec-macron-pour-pousser-son-agenda-gazier,110220714-eve?cxt=PUB&amp;utm_source=LLA&amp;utm_medium=email&amp;utm_campaign=AUTO_EDIT_SOM_PROS\" target=\"_blank\" rel=\"noreferrer noopener\"><strong>Les discrets rendez-vous de Pouyann\u00e9 avec Macron pour pousser son agenda gazier<\/strong><\/a> (La Lettre)<\/p>\n\n\n\n<p><a href=\"https:\/\/www.connaissancedesenergies.org\/afp\/au-senat-la-delicate-offensive-de-yannick-jadot-contre-la-responsabilite-climatique-de-totalenergies-240427\">Au S\u00e9nat, la d\u00e9licate offensive de Yannick Jadot contre la <em>responsabilit\u00e9 climatique<\/em> de TotalEnergies<\/a> (AFP)<\/p>\n\n\n\n<p><strong>Monde<\/strong><\/p>\n\n\n\n<p><a href=\"https:\/\/infos.lemonde.fr\/optiext\/optiextension.dll?ID=MefMbiwG7BuPBMLqnvUOxyej3LR%2Bjbqf_rfPwf0LUlauzhL2pW9Mw5_CAXtgNDxOtGmOPPDjEXYM3V3iYMxxsIl19V_3PtOwRdRtwIgN\" target=\"_blank\" rel=\"noreferrer noopener\">Hongkong confirme son ambition de devenir un centre financier des cryptomonnaies<\/a> (Le Monde)<\/p>\n\n\n\n<p><a href=\"https:\/\/www.connaissancedesenergies.org\/afp\/accord-au-g7-pour-fermer-les-centrales-charbon-sans-captage-de-carbone-dici-2035-240430-0\">Accord au G7 pour fermer les centrales \u00e0 charbon sans captage de carbone d&rsquo;ici \u00e0 2035<\/a> (AFP)<\/p>\n\n\n\n<p><a href=\"https:\/\/www.connaissancedesenergies.org\/afp\/le-francais-edf-et-le-sud-coreen-khnp-en-lice-dans-un-appel-doffres-nucleaire-tcheque-240430-0\">Le fran\u00e7ais EDF et le sud-cor\u00e9en KHNP en lice dans un appel d&rsquo;offres nucl\u00e9aire tch\u00e8que<\/a> (AFP)<\/p>\n\n\n\n<p><strong>Analyse<\/strong><\/p>\n\n\n\n<p><strong><a href=\"https:\/\/www.alternatives-economiques.fr\/google-vassalise-pans-entiers-de-leconomie\/00110373\" target=\"_blank\" rel=\"noreferrer noopener\">Comment Google vassalise des pans entiers de l\u2019\u00e9conomie<\/a>&nbsp;<\/strong>(Alter \u00e9co)<\/p>\n\n\n\n<p><a href=\"https:\/\/alencontre.org\/ecologie\/debat-taxer-les-grandes-entreprises-de-combustibles-fossiles-permettrait-de-lever-900-milliards-de-dollars-avec-echeance-2030.html\">Taxer les grandes entreprises de combustibles fossiles permettrait de lever 900\u00a0milliards $ avec \u00e9ch\u00e9ance 2030<\/a> (A l\u2019Encontre)<\/p>\n\n\n\n<p><a href=\"https:\/\/r.info.newsletter-dgtresor.fr\/mk\/cl\/f\/sh\/6rqJfgq8dINmO7oIiP6yOxWKDCL\/mMZIlSPwXh2T\" target=\"_blank\" rel=\"noreferrer noopener\"><strong>Les cons\u00e9quences \u00e9conomiques du\u00a0<em>Brexit\u00a0<\/em>pour le Royaume-Un<\/strong><\/a><strong>i <\/strong>(Tr\u00e9sor \u00e9co)<\/p>\n\n\n\n<figure class=\"wp-block-image size-full is-resized\"><img data-recalc-dims=\"1\" loading=\"lazy\" decoding=\"async\" width=\"411\" height=\"400\" src=\"https:\/\/i0.wp.com\/www.rdpemancipation.org\/wp-content\/uploads\/2024\/04\/image-54.png?resize=411%2C400&#038;ssl=1\" alt=\"\" class=\"wp-image-128416\" style=\"width:336px;height:auto\" srcset=\"https:\/\/i0.wp.com\/www.rdpemancipation.org\/wp-content\/uploads\/2024\/04\/image-54.png?w=411&amp;ssl=1 411w, https:\/\/i0.wp.com\/www.rdpemancipation.org\/wp-content\/uploads\/2024\/04\/image-54.png?resize=300%2C292&amp;ssl=1 300w\" sizes=\"auto, (max-width: 411px) 100vw, 411px\" \/><\/figure>\n\n\n\n<p><strong><mark style=\"background-color:rgba(0, 0, 0, 0);color:#ed1010\" class=\"has-inline-color\">29 avril <\/mark><\/strong><\/p>\n\n\n\n<p><strong>France<\/strong><a><\/a><a><\/a><a><\/a><\/p>\n\n\n\n<p><a href=\"https:\/\/www.humanite.fr\/social-et-economie\/atos\/atos-letat-pret-a-acquerir-les-activites-strategiques-du-geant-de-la-tech-dans-un-gouffre-financier\" target=\"_blank\" rel=\"noreferrer noopener\">Atos : l\u2019\u00c9tat pr\u00eat \u00e0 acqu\u00e9rir les activit\u00e9s strat\u00e9giques du g\u00e9ant de la tech, dans un gouffre financier<\/a> (L\u2019Humanit\u00e9)<\/p>\n\n\n\n<p><a href=\"https:\/\/www.boursorama.com\/actualite-economique\/actualites\/finances-publiques-rn-et-lfi-menacent-d-une-motion-de-censure-sans-budget-rectificatif-d-ici-fin-mai-d07bc58366e3b9c8f12a62ab0868bc2f\">Finances publiques : RN et LFI menacent d&rsquo;une motion de censure sans budget rectificatif d&rsquo;ici fin mai<\/a> (AFP) &nbsp;&nbsp;<\/p>\n\n\n\n<p><a href=\"https:\/\/www.boursorama.com\/actualite-economique\/actualites\/premiere-demande-d-autorisation-en-france-pour-un-mini-reacteur-nucleaire-502896d6ccca09bcb5859dbfb4ba64b6\">Premi\u00e8re demande d&rsquo;autorisation en France pour un mini-r\u00e9acteur nucl\u00e9aire<\/a> (Boursorama)&nbsp;&nbsp;<\/p>\n\n\n\n<p><a href=\"https:\/\/regards.fr\/simplification-de-la-fiche-de-paie-la-nouvelle-arnaque-de-bruno-le-maire\/\" target=\"_blank\" rel=\"noreferrer noopener\"><strong>Simplification de la fiche de paie : la nouvelle arnaque de Bruno Le Maire<\/strong><\/a> (Regards)<\/p>\n\n\n\n<p><a href=\"https:\/\/infos.lemonde.fr\/optiext\/optiextension.dll?ID=3vu3xs3L_OtsYo3bm%2BzYvPekmNwSLKeCj2IL4UCmF%2B%2BJvTkNFvCzxA7INzkDpQRSR5y3Svv_Lpr7dKPGFmu4n8XBwiPzcSGaHp7mduxG\" target=\"_blank\" rel=\"noreferrer noopener\">Entre Emmanuel Macron et Bruno Le Maire, une vive tension sur le d\u00e9ficit public<\/a> (Le Monde)<\/p>\n\n\n\n<p><a href=\"https:\/\/www.humanite.fr\/social-et-economie\/arnaud-lagardere\/arnaud-lagardere-entendu-au-tribunal-de-paris-pour-soupcons-d-abus-de-biens-sociaux\" target=\"_blank\" rel=\"noreferrer noopener\">Arnaud Lagard\u00e8re entendu au tribunal de Paris pour soup\u00e7ons d\u2019abus de biens sociaux<\/a> (L\u2019Humanit\u00e9)<\/p>\n\n\n\n<p><a href=\"https:\/\/www.alternatives-economiques.fr\/a-paris-10e-arrondissement-perd-dernier-quartier-prioritaire\/00110074\" target=\"_blank\" rel=\"noreferrer noopener\">A Paris, le 10e arrondissement perd son dernier quartier prioritaire<\/a> (Alter \u00e9co)<\/p>\n\n\n\n<p><a href=\"https:\/\/reporterre.net\/Le-productivisme-est-omnipresent-dans-l-histoire-agricole-francaise\" target=\"_blank\" rel=\"noreferrer noopener\">\u00ab&nbsp;Le productivisme est omnipr\u00e9sent dans l&rsquo;histoire agricole fran\u00e7aise&nbsp;\u00bb<\/a> (Reporterre)<\/p>\n\n\n\n<p><a href=\"https:\/\/infos.lemonde.fr\/optiext\/optiextension.dll?ID=mUVmTZ6NIPFNNhmMqIB%2BJKGxQoEBQIIrN6XJ9BHanKOZw0sCL9XMAs5uLEjwulxlMATtB7kHpoLPOoF61oJJLUvLi7BT15hz5ug2Owmf\" target=\"_blank\" rel=\"noreferrer noopener\">TotalEnergies r\u00e9fl\u00e9chit \u00e0 faire de Wall Street sa principale base boursi\u00e8re<\/a> (Le Monde)<\/p>\n\n\n\n<p><strong>Monde<\/strong><\/p>\n\n\n\n<p><a href=\"https:\/\/www.alternatives-economiques.fr\/publicite-ligne-premier-moteur-de-richesse-de-google\/00110222\" target=\"_blank\" rel=\"noreferrer noopener\">La publicit\u00e9 en ligne, premier moteur de richesse de Google<\/a> (Alter \u00e9co)<\/p>\n\n\n\n<p><a href=\"https:\/\/orientxxi.statslive.info\/c\/6101112549\/eyJpdiI6IlVWNGxZVytQeE9FSnhJM3VGYUsyRWowWDVzalRZUXVJbDVpVXowNjR4dk09IiwibWFjIjoiYzM0ZGViNDc3ZWM2YzBiZGNlY2Y1YzBiNTRjZjNjMzg5YzVmZTY0MTEyNDlmM2RiNzQ2OGE5ZDIxYzg5ZmZmMCIsInZhbHVlIjoib09USXVpNWs1RHhGR2xVRHZBQ0YyRGR2UDAxOXlPWEtNYXMwaWxEZ3VwWT0ifQ==\" target=\"_blank\" rel=\"noreferrer noopener\">\u00ab&nbsp;C\u2019est toute l\u2019histoire industrielle de Gaza qui se termine&nbsp;\u00bb<\/a> (Orient XXI)<\/p>\n\n\n\n<p><strong>Analyse<\/strong><\/p>\n\n\n\n<p><strong><a href=\"https:\/\/www.alternatives-economiques.fr\/lunion-europeenne-etre-chose-quun-carcan-budgetaire\/00110979\" target=\"_blank\" rel=\"noreferrer noopener\">L\u2019Union europ\u00e9enne peut-elle \u00eatre autre chose qu\u2019un carcan budg\u00e9taire ?<\/a><\/strong> (Alter \u00e9co)<\/p>\n\n\n\n<p><strong><mark style=\"background-color:rgba(0, 0, 0, 0);color:#ed1010\" class=\"has-inline-color\">27 avril <\/mark><\/strong><\/p>\n\n\n\n<p><strong>France<\/strong><a><\/a><a><\/a><a><\/a><a href=\"https:\/\/www.francetvinfo.fr\/economie\/les-agences-fitch-et-moody-s-maintiennent-inchangee-la-note-souveraine-de-la-france-etablie-respectivement-aux-niveaux-aa-et-aa2_6510476.html\"><\/a><\/p>\n\n\n\n<p><a href=\"https:\/\/www.francetvinfo.fr\/economie\/les-agences-fitch-et-moody-s-maintiennent-inchangee-la-note-souveraine-de-la-france-etablie-respectivement-aux-niveaux-aa-et-aa2_6510476.html\">Les agences Fitch et Moody&rsquo;s maintiennent inchang\u00e9e la note souveraine de la France<\/a> (France Info)<\/p>\n\n\n\n<p><a href=\"https:\/\/www.boursorama.com\/actualite-economique\/actualites\/paris-pret-a-financer-la-liaison-electrique-entre-le-maroc-et-le-sahara-occidental-dit-bruno-le-maire-067c5c696f47fe7094a0fbeb42f766ca\">Paris pr\u00eat \u00e0 financer la liaison \u00e9lectrique entre le Maroc et le Sahara occidental, dit Bruno Le Maire<\/a> (Reuters)<\/p>\n\n\n\n<p><a href=\"https:\/\/www.boursorama.com\/videos\/actualites\/de-stellantis-a-michelin-qu-est-ce-qu-un-salaire-decent-06109bac12458d5e3cce81cd515f2e5a\">De Stellantis \u00e0 Michelin : qu&rsquo;est ce qu&rsquo;un \u00ab\u00a0salaire d\u00e9cent\u00a0\u00bb ?<\/a> (France 24) &nbsp;<\/p>\n\n\n\n<p><a href=\"https:\/\/www.boursorama.com\/actualite-economique\/actualites\/biogaran-l-executif-n-ecarte-aucun-scenario-pour-garder-en-france-le-numero-un-du-generique-c2d912c6b8e2311f28b3e2ecf8f77b64\">Biogaran : l&rsquo;ex\u00e9cutif n&rsquo;\u00e9carte \u00ab\u00a0aucun sc\u00e9nario\u00a0\u00bb pour garder en France le num\u00e9ro un du g\u00e9n\u00e9rique<\/a> (Boursorama)&nbsp;&nbsp;<\/p>\n\n\n\n<p><a href=\"https:\/\/www.boursorama.com\/videos\/actualites\/manon-aubry-lfi-il-faut-mettre-a-contribution-les-super-fortunes-et-les-super-profits-europeens-b62f3807843e69e026f4a8715f45d03f\">Manon Aubry (LFI) : \u00ab\u00a0Il faut mettre \u00e0 contribution les super fortunes et les super profits europ\u00e9ens !\u00a0\u00bb<\/a> (Ecorama)<\/p>\n\n\n\n<p><a href=\"https:\/\/www.boursorama.com\/videos\/actualites\/manon-aubry-lfi-l-economie-francaise-ne-s-est-pas-ecroulee-avec-un-deficit-a-5-3f58c4c506f4f2edacf0f7920e79c7ba\">Manon Aubry (LFI) : \u00ab\u00a0L&rsquo;\u00e9conomie fran\u00e7aise ne s&rsquo;est pas \u00e9croul\u00e9e avec un d\u00e9ficit \u00e0 5% !\u00a0\u00bb<\/a> (Ecorama)<\/p>\n\n\n\n<p><a href=\"https:\/\/www.boursorama.com\/actualite-economique\/actualites\/fins-de-carriere-sncf-l-ex-ministre-des-transports-un-peu-choque-par-l-accord-entre-syndicats-et-direction-2c2084c0ef4be8472a29101cb70f4c4c\">SNCF : l&rsquo;ex-ministre des Transports \u00ab\u00a0un peu choqu\u00e9\u00a0\u00bb par l&rsquo;accord entre syndicats et direction<\/a> (Boursorama)&nbsp;&nbsp;<\/p>\n\n\n\n<p><a href=\"https:\/\/www.boursorama.com\/actualite-economique\/actualites\/ascometal-1-200-salaries-a-recu-des-offres-de-reprise-pour-l-ensemble-des-sites-a1d344b43c680509bb1363b6d1fba785\">Ascometal (1.200 salari\u00e9s) a re\u00e7u des offres de reprise pour l&rsquo;ensemble des sites<\/a> (Boursorama)&nbsp;&nbsp;<\/p>\n\n\n\n<p><a href=\"https:\/\/www.blast-info.fr\/articles\/2024\/info-blast-affaire-lafarge-les-actionnaires-niront-pas-au-trou-NeN0KwtgTy2gsjMerliFqA\" target=\"_blank\" rel=\"noreferrer noopener\"><strong>Affaire Lafarge : les actionnaires n&rsquo;iront pas au trou<\/strong><\/a> (Blast)<\/p>\n\n\n\n<p><strong>Monde<\/strong><\/p>\n\n\n\n<p><a href=\"https:\/\/www.boursorama.com\/actualite-economique\/actualites\/les-allies-de-trump-elaborent-des-plans-visant-a-eroder-l-independance-de-la-fed-selon-le-wsj-95e9cb5434f04d302bab7d63124f43ba\">Les alli\u00e9s de Trump \u00e9laborent des plans visant \u00e0 \u00e9roder l&rsquo;ind\u00e9pendance de la Fed<\/a> (Reuters)<\/p>\n\n\n\n<p><a href=\"https:\/\/www.boursorama.com\/actualite-economique\/actualites\/l-inflation-rebondit-en-mars-aux-etats-unis-a-quelques-jours-de-la-reunion-de-la-fed-c16b0e772e774d7c0ee5acadaf0d6f9a\">L&rsquo;inflation rebondit en mars aux Etats-Unis, \u00e0 quelques jours de la r\u00e9union de la Fed<\/a> (Boursorama)&nbsp;&nbsp;<\/p>\n\n\n\n<p><a href=\"https:\/\/www.boursorama.com\/actualite-economique\/actualites\/matieres-premieres-le-cuivre-roi-des-metaux-verts-depasse-10-000-dollars-la-tonne-686a191aaf97e16838f2e4b490aec151\">Mati\u00e8res premi\u00e8res : le cuivre, \u00ab\u00a0roi des m\u00e9taux verts\u00a0\u00bb d\u00e9passe 10.000 dollars la tonne<\/a> (Boursorama)&nbsp;&nbsp;<\/p>\n\n\n\n<p><a href=\"https:\/\/www.boursorama.com\/actualite-economique\/actualites\/l-ue-impose-des-regles-renforcees-au-champion-du-pret-a-porter-shein-99b62ae9334d7f0f06f39628b6254519\">L&rsquo;UE impose des r\u00e8gles renforc\u00e9es au champion du pr\u00eat \u00e0 porter Shein<\/a> (AFP) &nbsp;&nbsp;<\/p>\n\n\n\n<p><strong>Analyse<\/strong><\/p>\n\n\n\n<p><strong><a href=\"https:\/\/www.alternatives-economiques.fr\/isabelle-this-saint-jean\/france-sauve-note-faut-sen-rejouir\/00111002\" target=\"_blank\" rel=\"noreferrer noopener\">La France sauve sa note : faut-il s&rsquo;en r\u00e9jouir ?<\/a> <\/strong>(Alter \u00e9co)<\/p>\n\n\n\n<p><a href=\"https:\/\/www.alternatives-economiques.fr\/cedric-durand-ny-a-de-chemin-credible-vers-un-capitalisme-res\/00110176\" target=\"_blank\" rel=\"noreferrer noopener\">C\u00e9dric Durand : \u00abIl n\u2019y a pas de chemin cr\u00e9dible vers un capitalisme respectant la nature\u00bb<\/a>&nbsp;(Alter \u00e9co)<\/p>\n\n\n\n<p><strong><mark style=\"background-color:rgba(0, 0, 0, 0);color:#ed1010\" class=\"has-inline-color\">25 et 26 avril <\/mark><\/strong><\/p>\n\n\n\n<p><strong>France<a><\/a><a><\/a><a><\/a><\/strong><\/p>\n\n\n\n<p><a href=\"https:\/\/www.mediapart.fr\/journal\/economie-et-social\/250424\/qui-profitent-les-milliards-d-exonerations-de-cotisations-sociales-pour-les-entreprises\" target=\"_blank\" rel=\"noreferrer noopener\"><strong>\u00c0 qui profitent les milliards d\u2019exon\u00e9rations de cotisations sociales pour les entreprises&nbsp;?<\/strong><\/a> (Mediapart)<\/p>\n\n\n\n<p><a href=\"https:\/\/www.alternatives-economiques.fr\/gouvernement-minimise-leffet-de-coupes-budgetaires\/00110962\" target=\"_blank\" rel=\"noreferrer noopener\"><strong>Le gouvernement minimise l\u2019effet de ses coupes budg\u00e9taires<\/strong><\/a>&nbsp;(Alter \u00e9co)<\/p>\n\n\n\n<p><a href=\"https:\/\/www.connaissancedesenergies.org\/afp\/totalenergies-refuse-de-soumettre-au-vote-la-separation-des-postes-de-president-et-de-directeur-general-240426-0\">TotalEnergies refuse de soumettre au vote la s\u00e9paration des postes de pr\u00e9sident et de directeur g\u00e9n\u00e9ral<\/a> (AFP)<\/p>\n\n\n\n<p><a href=\"https:\/\/www.connaissancedesenergies.org\/afp\/totalenergies-ameliore-encore-ses-benefices-au-1er-trimestre-malgre-lessoufflement-des-cours-du-gaz-240426\">TotalEnergies am\u00e9liore encore ses b\u00e9n\u00e9fices au 1er trimestre, malgr\u00e9 l&rsquo;essoufflement des cours du gaz<\/a> (AFP)<\/p>\n\n\n\n<p><a href=\"https:\/\/www.mediapart.fr\/journal\/economie-et-social\/260424\/l-extreme-droite-fait-du-logement-social-son-nouveau-cheval-de-bataille\" target=\"_blank\" rel=\"noreferrer noopener\">L\u2019extr\u00eame droite fait du logement social son nouveau cheval de bataille<\/a> (Mediapart)<\/p>\n\n\n\n<p><a href=\"https:\/\/marsactu.fr\/la-cgt-appelle-letat-a-sauver-ascometal-usine-en-avance-sur-la-decarbonation\/\" target=\"_blank\" rel=\"noreferrer noopener\">La CGT appelle l\u2019\u00c9tat \u00e0 sauver Ascometal, usine \u201cen avance\u201d sur la d\u00e9carbonation<\/a> (Marsactu)<\/p>\n\n\n\n<p><a href=\"https:\/\/www.mediapart.fr\/journal\/economie-et-social\/250424\/le-rideau-de-fumee-des-salaires-decents-de-michelin\" target=\"_blank\" rel=\"noreferrer noopener\">Le rideau de fum\u00e9e des \u00absalaires d\u00e9cents\u00bb de Michelin<\/a> (Mediapart)<\/p>\n\n\n\n<p><a href=\"https:\/\/www.mediapart.fr\/journal\/economie-et-social\/250424\/le-contrat-de-l-a69-revele-le-nouvel-asservissement-volontaire-de-l-etat-face-aux-interets-pri\" target=\"_blank\" rel=\"noreferrer noopener\"><strong>Le contrat de l\u2019A69 r\u00e9v\u00e8le le nouvel asservissement volontaire de l\u2019\u00c9tat face aux int\u00e9r\u00eats priv\u00e9s<\/strong><\/a>&nbsp; -Martine Orange (Mediapart)<\/p>\n\n\n\n<p><a href=\"https:\/\/basta.media\/Alternative-ferroviaire-voici-comment-projet-autoroutier-A69-pourrait-etre-annule\" target=\"_blank\" rel=\"noreferrer noopener\"><strong>A69 : une alternative ferroviaire pourrait faire annuler le projet autoroutier<\/strong><\/a>&nbsp;(Basta!)<\/p>\n\n\n\n<p><a href=\"https:\/\/www.politis.fr\/articles\/2024\/04\/superprofits-ces-deputes-qui-ne-cedent-pas\/\" target=\"_blank\" rel=\"noreferrer noopener\"><strong>Superprofits : ces d\u00e9put\u00e9s qui ne c\u00e8dent pas<\/strong><\/a> (Politis)<\/p>\n\n\n\n<p><a href=\"https:\/\/www.connaissancedesenergies.org\/afp\/la-france-testera-debut-2025-le-stockage-de-co2-industriel-dans-danciens-puits-petroliers-240425\">La France testera d\u00e9but 2025 le stockage de CO2 industriel dans d&rsquo;anciens puits p\u00e9troliers<\/a> (AFP)&nbsp;&nbsp;<\/p>\n\n\n\n<p><a href=\"https:\/\/www.connaissancedesenergies.org\/afp\/schneider-electric-annonce-un-chiffre-daffaires-en-hausse-de-13-au-1er-trimestre-240425\">Schneider Electric annonce un chiffre d&rsquo;affaires en hausse de 1,3% au 1er trimestre<\/a> (AFP)&nbsp;&nbsp;<\/p>\n\n\n\n<p><a href=\"https:\/\/www.rue89strasbourg.com\/emmanuel-fernandes-justice-polluants-eternels-stocamine-300248\" target=\"_blank\" rel=\"noreferrer noopener\">Stocamine : nouveau signalement \u00e0 la justice de polluants \u00e9ternels et interdits<\/a> (Rue89 Strasbourg)<\/p>\n\n\n\n<p><a href=\"https:\/\/reporterre.net\/La-celebre-verrerie-Duralex-placee-en-redressement-judiciaire\" target=\"_blank\" rel=\"noreferrer noopener\">La verrerie Duralex bient\u00f4t liquid\u00e9e&nbsp;?<\/a>&nbsp;(Reporterre)<\/p>\n\n\n\n<p><a href=\"https:\/\/www.alternatives-economiques.fr\/remuneration-de-carlos-tavares-economiquement-justifiee\/00110973\" target=\"_blank\" rel=\"noreferrer noopener\">La r\u00e9mun\u00e9ration de Carlos Tavares est-elle \u00e9conomiquement justifi\u00e9e ?<\/a> (Alter \u00e9co)<\/p>\n\n\n\n<p><strong>Monde<\/strong><\/p>\n\n\n\n<p><a href=\"https:\/\/redirection.b2b.infopro-digital.com\/lnk\/AVoAAD4ibeIAAcXFnIAAAHnKuI0AAABZQTkAANzxAAwsSQBmK0dT3FOYwXkcQceLYQj6Pf7sPwAMCy8\/13\/oQNjrka29PxSWSsY2l06jA\/aHR0cDovL3d3dy51c2luZS1kaWdpdGFsZS5mci9hcnRpY2xlL2libS1zLWVtcGFyZS1kLWhhc2hpY29ycC1wb3VyLWxhLW1vZGlxdWUtc29tbWUtZGUtNi00LW1pbGxpYXJkcy1kZS1kb2xsYXJzLk4yMjEyMTg1P3V0bV9zb3VyY2U9bmV3c2xldHRlciZ1dG1fbWVkaXVtPWVtYWlsJnV0bV9jYW1wYWlnbj1pbmZvX3VkLXF1b3RpZGllbm5lJmVtYWlsPTIwNDMzMjg2NTMmaWRiZGQ9NTY1NjE\" target=\"_blank\" rel=\"noreferrer noopener\">IBM s&#8217;empare d&rsquo;Hashicorp pour la modique somme de 6,4 milliards $<\/a> (Usine Digitale)<\/p>\n\n\n\n<p><a href=\"https:\/\/redirection.b2b.infopro-digital.com\/lnk\/AVsAAD41jBYAAcXFm6oAAHnKuI0AAABZQTkAANzxAAwsSQBmKfSeoBPNqMVQQNizinsUJnoQgAAMCy8\/9\/zSS0PqNfngDMTfaonE1QwA\/aHR0cDovL3d3dy51c2luZS1kaWdpdGFsZS5mci9hcnRpY2xlL2xlLXBhcmxlbWVudC1ldXJvcGVlbi1lbmNhZHJlLWxlcy1jb25kaXRpb25zLWQtZW1wbG9pLWRlcy10cmF2YWlsbGV1cnMtZGVzLXBsYXRlZm9ybWVzLk4yMjEyMDYzP3V0bV9zb3VyY2U9bmV3c2xldHRlciZ1dG1fbWVkaXVtPWVtYWlsJnV0bV9jYW1wYWlnbj1pbmZvX3VkLXF1b3RpZGllbm5lJmVtYWlsPTIwNDMzMjg2NTMmaWRiZGQ9NTY1NjE\" target=\"_blank\" rel=\"noreferrer noopener\">Le Parlement europ\u00e9en encadre les conditions d\u2019emploi des travailleurs des plateformes<\/a> (Usine Digitale)<\/p>\n\n\n\n<p><a href=\"https:\/\/www.alternatives-economiques.fr\/voiture-electrique-byd-constructeur-chinois-a-deja-depasse-tesla\/00110369\" target=\"_blank\" rel=\"noreferrer noopener\">Voiture \u00e9lectrique : BYD, le constructeur chinois qui a d\u00e9j\u00e0 d\u00e9pass\u00e9 Tesla<\/a>&nbsp;(Alter \u00e9co)<\/p>\n\n\n\n<p><a href=\"https:\/\/www.connaissancedesenergies.org\/afp\/la-finance-climatique-une-priorite-de-la-cop29-dont-les-details-se-font-attendre-240425-0\">La finance climatique, une priorit\u00e9 de la COP29 dont les d\u00e9tails se font attendre<\/a> (AFP)&nbsp;&nbsp;<\/p>\n\n\n\n<p><a href=\"https:\/\/www.connaissancedesenergies.org\/afp\/le-groupe-canadien-lng-energy-signe-un-accord-pour-exploiter-du-petrole-au-venezuela-240425\">Le groupe canadien LNG Energy signe un accord pour exploiter du p\u00e9trole au Venezuela<\/a> (AFP)&nbsp;&nbsp;<\/p>\n\n\n\n<p><a href=\"https:\/\/lareleveetlapeste.fr\/ue-le-devoir-de-vigilance-des-entreprises-sabote-par-la-france\/\" target=\"_blank\" rel=\"noreferrer noopener\">UE : le \u00ab devoir de vigilance \u00bb des entreprises sabot\u00e9 par la France<\/a> (La Rel\u00e8ve et La Peste)<\/p>\n\n\n\n<p><strong>Analyse<\/strong><\/p>\n\n\n\n<p><strong><a href=\"https:\/\/www.alternatives-economiques.fr\/nicolas-delalande\/une-drole-deconomie-de-guerre\/00110987\" target=\"_blank\" rel=\"noreferrer noopener\">Une \u00ab dr\u00f4le \u00bb d\u2019\u00e9conomie de guerre<\/a>&nbsp;<\/strong>(Alter \u00e9co)<\/p>\n\n\n\n<p><a href=\"https:\/\/www.alternatives-economiques.fr\/debureaucratiser-france-grand-fourre-de-simplification\/00110976\" target=\"_blank\" rel=\"noreferrer noopener\"><strong>\u00ab D\u00e9bureaucratiser la France \u00bb : le grand fourre-tout de la simplification selon Bercy<\/strong><\/a> (Alter \u00e9co)<\/p>\n\n\n\n<p><a href=\"https:\/\/www.alternatives-economiques.fr\/eric-monnet\/repression-financiere-un-concept-flou-mal-utilise\/00110972\" target=\"_blank\" rel=\"noreferrer noopener\">\u00ab R\u00e9pression financi\u00e8re \u00bb : un concept flou et mal utilis\u00e9<\/a>&nbsp;(Alter \u00e9co)<\/p>\n\n\n\n<p><a href=\"https:\/\/www.connaissancedesenergies.org\/tribune-actualite-energies\/reforme-du-marche-de-lelectricite-5-grandes-interrogations-et-beaucoup-dincertitudes\">R\u00e9forme du march\u00e9 de l\u2018\u00e9lectricit\u00e9 : 5 grandes interrogations et beaucoup d\u2019incertitudes&#8230;<\/a> (Connaissance des \u00e9nergies)&nbsp;&nbsp;<\/p>\n\n\n\n<p><strong><mark style=\"background-color:rgba(0, 0, 0, 0);color:#ed1010\" class=\"has-inline-color\">24 avril <\/mark><\/strong><\/p>\n\n\n\n<p><strong>France<\/strong><\/p>\n\n\n\n<p><a href=\"https:\/\/www.connaissancedesenergies.org\/afp\/methanisation-totalenergies-se-renforce-dans-le-biomethane-aux-etats-unis-240424\">M\u00e9thanisation : TotalEnergies se renforce dans le biom\u00e9thane aux \u00c9tats-Unis<\/a> (AFP)<\/p>\n\n\n\n<p><a href=\"https:\/\/www.connaissancedesenergies.org\/afp\/air-liquide-recul-de-73-du-chiffre-daffaires-en-raison-de-la-baisse-des-prix-de-lenergie-240424\">Air Liquide: recul de 7,3% du chiffre d&rsquo;affaires en raison de la baisse des prix de l&rsquo;\u00e9nergie<\/a> (AFP)<\/p>\n\n\n\n<p><a href=\"https:\/\/www.connaissancedesenergies.org\/afp\/lassureur-axa-refute-les-accusations-sur-ses-liens-avec-des-banques-israeliennes-240423\">L&rsquo;assureur Axa r\u00e9fute les accusations sur ses liens avec des banques isra\u00e9liennes<\/a> (AFP)<\/p>\n\n\n\n<p><a href=\"https:\/\/www.connaissancedesenergies.org\/solaire-la-plus-grande-centrale-deurope-en-ombrieres-dans-un-lieu-tres-touristique-en-france-240424\">Solaire : la plus grande centrale d&rsquo;Europe en ombri\u00e8res dans un lieu tr\u00e8s touristique en France&#8230;<\/a> (Connaissance des \u00e9nergies)&nbsp; &nbsp;<\/p>\n\n\n\n<p><strong>Monde<\/strong><\/p>\n\n\n\n<p><a href=\"https:\/\/api.indigo-net.com\/email\/RedirectionEmailing?mail=n.chevillard@noos.fr&amp;ID=605133&amp;DOCIID=109703480&amp;ENAIID=879081&amp;RETOUR=SIMPLE&amp;link=https:\/\/www.africaintelligence.fr\/afrique-australe-et-iles\/2024\/04\/24\/mozambique-lng--exxonmobil-met-totalenergies-sous-pression,110219091-eve?cxt=PUB&amp;utm_source=AIF&amp;utm_medium=email&amp;utm_campaign=AUTO_EDIT_SOM_PROS\" target=\"_blank\" rel=\"noreferrer noopener\">Mozambique LNG : ExxonMobil met TotalEnergies sous pression<\/a> (Africa Intelligence)<\/p>\n\n\n\n<p><a href=\"https:\/\/www.connaissancedesenergies.org\/afp\/charte-de-lenergie-feu-vert-des-eurodeputes-pour-sortir-dun-traite-protegeant-les-energies-fossiles-240424\">Charte de l&rsquo;\u00e9nergie : feu vert des eurod\u00e9put\u00e9s pour sortir d&rsquo;un trait\u00e9 prot\u00e9geant les \u00e9nergies fossiles<\/a> (AFP)<\/p>\n\n\n\n<p><a href=\"https:\/\/redirection.b2b.infopro-digital.com\/lnk\/AVoAAD3zHdIAAcXFm2gAAHnKuI0AAABZQUUAANzvAAwsSQBmKT4eqRz_5hreRlWlTR1XNPQ-9wAMCy8\/15\/7m3BJVCMSsUiei8TIqP-ng\/aHR0cDovL3d3dy51c2luZW5vdXZlbGxlLmNvbS9lZGl0b3JpYWwvbC11bmlvbi1ldXJvcGVlbm5lLXNlLWRvdGUtZC11bi1vdXRpbC1wb3VyLWZyZWluZXItbGVzLWltcG9ydGF0aW9ucy1kZS1iaWVucy1pc3N1cy1kdS10cmF2YWlsLWZvcmNlLk4yMjEyMDE3P3V0bV9zb3VyY2U9bmV3c2xldHRlciZ1dG1fbWVkaXVtPWVtYWlsJnV0bV9jYW1wYWlnbj1pbmZvX2xhLXF1b3RpZGllbm5lJmVtYWlsPTIwNDMzMjg2NTMmaWRiZGQ9NTY1NTk\" target=\"_blank\" rel=\"noreferrer noopener\">L&rsquo;Europe se dote d&rsquo;un outil pour freiner les importations de biens issus du travail forc\u00e9<\/a> (Usine Nouvelle) &nbsp;<\/p>\n\n\n\n<p>&nbsp;<strong><a href=\"https:\/\/elucid.media\/environnement\/agriculture-libre-echange-mort-programmee-mondialisation-declin\">UE&nbsp;: le libre-\u00e9change ou la mort programm\u00e9e d\u2019une agriculture en d\u00e9clin <\/a>&nbsp;<\/strong>(Elucid)<\/p>\n\n\n\n<p><strong>Analyse<\/strong><\/p>\n\n\n\n<p><a href=\"https:\/\/www.mediapart.fr\/journal\/international\/210424\/union-des-capitaux-la-nouvelle-toquade-des-responsables-europeens\">Union des capitaux&nbsp;: la nouvelle toquade des responsables europ\u00e9ens <\/a>&nbsp;-Martine Orange (M\u00e9diapart)<\/p>\n\n\n\n<p><a href=\"https:\/\/alencontre.org\/ecologie\/le-nouvel-age-des-fleaux-du-capitalisme-les-assauts-de-lagro-industrie-contre-les-forets-tropicales-et-lemergence-de-nouvelles-epidemies-iv.html\">Le nouvel \u00e2ge des fl\u00e9aux du capitalisme. Les assauts de l\u2019agro-industrie contre les for\u00eats tropicales\u2026 (IV) <\/a>&nbsp;(A l\u2019Encontre)<\/p>\n\n\n\n<p><a href=\"https:\/\/lanticapitaliste.org\/actualite\/international\/le-capitalisme-porte-la-guerre-et-lautoritarisme-comme-la-nuee-porte-lorage\">Le capitalisme porte la guerre et&nbsp;l\u2019autoritarisme comme la nu\u00e9e porte l\u2019orage\u2026<\/a> (L\u2019Anticapitaliste)<\/p>\n\n\n\n<p><strong><mark style=\"background-color:rgba(0, 0, 0, 0);color:#ed1010\" class=\"has-inline-color\">23 avril<\/mark><\/strong><\/p>\n\n\n\n<p><strong>France<\/strong><\/p>\n\n\n\n<p><a href=\"https:\/\/lundi.am\/Fiche-L-comme-Lafarge\" target=\"_blank\" rel=\"noreferrer noopener\">Fich\u00e9 L comme Lafarge<\/a> <a>(Lundimatin)<\/a><\/p>\n\n\n\n<p><strong><a href=\"https:\/\/www.connaissancedesenergies.org\/afp\/totalenergies-rachete-sapuraomv-un-grand-operateur-gazier-de-malaisie-240422\">TotalEnergies rach\u00e8te SapuraOMV, un grand op\u00e9rateur gazier de Malaisie<\/a><\/strong> (AFP)&nbsp;&nbsp;<\/p>\n\n\n\n<p><a href=\"https:\/\/redirection.b2b.infopro-digital.com\/lnk\/AVgAAD3eZlIAAcXFmY4AAHnKuI0AAABZQUUAANzvAAwsSQBmJpXxK-7uQ-FZQPuNI8bALT-tjQAMCy8\/4\/UGgM9OZV41h0JkJaYvsJCA\/aHR0cDovL3d3dy51c2luZW5vdXZlbGxlLmNvbS9hcnRpY2xlL21lZ2FmYWJzLWdpZ2FmYWN0b3JpZXMtbGUtcmV0b3VyLWRlLWwtaW5kdXN0cmllLXh4bC5OMjIwODIyMT91dG1fc291cmNlPW5ld3NsZXR0ZXImdXRtX21lZGl1bT1lbWFpbCZ1dG1fY2FtcGFpZ249aW5mb19sYS1xdW90aWRpZW5uZSZlbWFpbD0yMDQzMzI4NjUzJmlkYmRkPTU2NTU5\" target=\"_blank\" rel=\"noreferrer noopener\">M\u00e9gafabs, gigafactories&#8230; Le retour de l&rsquo;industrie XXL ?<\/a> (Usine Nouvelle)&nbsp;<\/p>\n\n\n\n<p><strong>Monde<\/strong><\/p>\n\n\n\n<p><a href=\"https:\/\/www.connaissancedesenergies.org\/afp\/voitures-electriques-2024-devrait-etre-une-nouvelle-annee-record-selon-laie-240423\">Voitures \u00e9lectriques : 2024 devrait \u00eatre une nouvelle ann\u00e9e record selon l&rsquo;AIE<\/a> (AFP)&nbsp;&nbsp;<\/p>\n\n\n\n<p><a href=\"https:\/\/www.connaissancedesenergies.org\/afp\/chute-en-bourse-licenciements-etc-le-constructeur-tesla-attendu-au-tournant-sur-sa-strategie-240423\">Chute en Bourse, licenciements, etc. : le constructeur Tesla attendu au tournant sur sa strat\u00e9gie<\/a> (AFP)&nbsp;&nbsp;<\/p>\n\n\n\n<p><a href=\"https:\/\/redirection.b2b.infopro-digital.com\/lnk\/AWgAAEC3TlwAAcXFmbwAAHnKuI0AAABZQTkAANzxAAwsSQBmJ1J2XOXXt3vyRgiuf8FySM6KVwAMCy8\/13\/KMBVKc6WH5vgrPivMM-6WQ\/aHR0cDovL3d3dy51c2luZS1kaWdpdGFsZS5mci9hcnRpY2xlL3Bhcy1pbnF1aWV0LWRlLWwtZWNoZWMtZC1hbWF6b24tYWxkaS10ZXN0ZS11bmUtdGVjaG5vbG9naWUtZGUtcGFpZW1lbnQtc2Fucy1jYWlzc2UtZGFucy11bi1zdXBlcm1hcmNoZS5OMjIxMTk0OT91dG1fc291cmNlPW5ld3NsZXR0ZXImdXRtX21lZGl1bT1lbWFpbCZ1dG1fY2FtcGFpZ249aW5mb191ZC1xdW90aWRpZW5uZSZlbWFpbD0yMDQzMzI4NjUzJmlkYmRkPTU2NTYx\" target=\"_blank\" rel=\"noreferrer noopener\">Pas inquiet de l&rsquo;\u00e9chec d&rsquo;Amazon, Aldi teste un paiement sans caisse dans un supermarch\u00e9 US<\/a> (Usine Digitale)<\/p>\n\n\n\n<p><a href=\"https:\/\/www.connaissancedesenergies.org\/afp\/reprise-au-canada-des-negociations-sur-un-traite-contre-la-pollution-plastique-240423\">Reprise au Canada des n\u00e9gociations sur un trait\u00e9 contre la pollution plastique<\/a> (AFP)&nbsp;&nbsp;<\/p>\n\n\n\n<p><a href=\"https:\/\/www.connaissancedesenergies.org\/afp\/honda-va-implanter-au-canada-une-grosse-usine-de-vehicules-et-batteries-electriques-240422\">Honda va implanter au Canada une grosse usine de v\u00e9hicules et batteries \u00e9lectriques<\/a> (AFP)&nbsp;&nbsp;<\/p>\n\n\n\n<p><strong>Analyse<\/strong><\/p>\n\n\n\n<p><strong><a href=\"https:\/\/www.alternatives-economiques.fr\/propositions-de-bruno-maire-meneraient-france-limpa\/00110956\" target=\"_blank\" rel=\"noreferrer noopener\">Pourquoi les propositions de Bruno Le Maire m\u00e8neraient la France dans l\u2019impasse<\/a><\/strong>&nbsp;(Alter \u00e9co)<\/p>\n\n\n\n<p><a href=\"https:\/\/www.alternatives-economiques.fr\/faut-un-taux-dinteret-reduit-booster-transition-verte\/00110117\" target=\"_blank\" rel=\"noreferrer noopener\">Faut-il un taux d\u2019int\u00e9r\u00eat r\u00e9duit pour booster la transition verte ?<\/a>&nbsp;(Alter \u00e9co)<\/p>\n\n\n\n<p><strong><a href=\"https:\/\/lundi.am\/Capital-et-Race-Histoire-d-une-hydre-moderne\" target=\"_blank\" rel=\"noreferrer noopener\">Capital et Race. Histoire d\u2019une hydre moderne<\/a><\/strong> (Lundimatin)<\/p>\n\n\n\n<figure class=\"wp-block-image size-large is-resized\"><img data-recalc-dims=\"1\" loading=\"lazy\" decoding=\"async\" width=\"1024\" height=\"640\" src=\"https:\/\/i0.wp.com\/www.rdpemancipation.org\/wp-content\/uploads\/2024\/04\/image-48.png?resize=1024%2C640&#038;ssl=1\" alt=\"\" class=\"wp-image-128164\" style=\"width:431px;height:auto\" srcset=\"https:\/\/i0.wp.com\/www.rdpemancipation.org\/wp-content\/uploads\/2024\/04\/image-48.png?resize=1024%2C640&amp;ssl=1 1024w, https:\/\/i0.wp.com\/www.rdpemancipation.org\/wp-content\/uploads\/2024\/04\/image-48.png?resize=300%2C188&amp;ssl=1 300w, https:\/\/i0.wp.com\/www.rdpemancipation.org\/wp-content\/uploads\/2024\/04\/image-48.png?resize=768%2C480&amp;ssl=1 768w, https:\/\/i0.wp.com\/www.rdpemancipation.org\/wp-content\/uploads\/2024\/04\/image-48.png?w=1440&amp;ssl=1 1440w\" sizes=\"auto, (max-width: 1024px) 100vw, 1024px\" \/><\/figure>\n\n\n\n<p><strong><mark style=\"background-color:rgba(0, 0, 0, 0);color:#ed1010\" class=\"has-inline-color\">22 avril<\/mark><\/strong><\/p>\n\n\n\n<p><strong>France<a><\/a><a><\/a><a><\/a><\/strong><\/p>\n\n\n\n<p><a href=\"https:\/\/www.boursorama.com\/actualite-economique\/actualites\/assurance-chomage-les-regles-d-indemnisation-vont-changer-des-le-1er-juillet-6f7e2d3034381d5f2b11000e92a5f618\">Assurance ch\u00f4mage : les r\u00e8gles d&rsquo;indemnisation vont changer d\u00e8s le 1er juillet<\/a> (Boursorama)&nbsp;&nbsp;<\/p>\n\n\n\n<p><a href=\"https:\/\/www.xerficanal.com\/economie\/emission\/Alexandre-Mirlicourtois-Ces-aides-de-l-Etat-siphonnees-par-les-offreurs-au-detriment-des-citoyens_3752665.html?utm_source=sendinblue&amp;utm_campaign=&amp;utm_medium=email\">Ces aides de l&rsquo;\u00c9tat siphonn\u00e9es par les offreurs au d\u00e9triment des citoyens<\/a>&nbsp;(Xerfi Canal)<\/p>\n\n\n\n<p><a href=\"https:\/\/www.zonebourse.com\/actualite-bourse\/Certains-investisseurs-internationaux-boudent-la-dette-francaise-46476581\/\">Certains investisseurs internationaux boudent la dette fran\u00e7aise<\/a>&nbsp;(zone bourse)<\/p>\n\n\n\n<p><a href=\"https:\/\/www.altares.com\/whitepapers\/etude-defaillances-et-sauvegardes-dentreprises-en-france-t1-2024\/\">\u00c9tude d\u00e9faillances et sauvegardes des entreprises en France<\/a>&nbsp;(T1 2024 \u2013 Altares)<\/p>\n\n\n\n<p><a href=\"https:\/\/www.ofce.sciences-po.fr\/pdf\/pbrief\/2024\/OFCEpbrief126.pdf\">L\u2019<\/a><a href=\"https:\/\/www.ofce.sciences-po.fr\/pdf\/pbrief\/2024\/OFCEpbrief126.pdf\">heure des comptes.&nbsp;<\/a><a href=\"https:\/\/www.ofce.sciences-po.fr\/pdf\/pbrief\/2024\/OFCEpbrief126.pdf\">Perspectives 2024-2025 pour l\u2019\u00e9conomie fran\u00e7aise<\/a>&nbsp; (OFCE)<\/p>\n\n\n\n<p><strong>Monde<\/strong><\/p>\n\n\n\n<p><a href=\"https:\/\/www.boursorama.com\/actualite-economique\/actualites\/les-depenses-militaires-en-forte-progression-dans-le-monde-portees-par-la-multiplication-des-conflits-ed0b9fcc410b7d28ddf5904d24d5b7e0\">Les d\u00e9penses militaires en forte progression dans le monde, port\u00e9es par la multiplication des conflits<\/a> (Boursorama)&nbsp;&nbsp;<\/p>\n\n\n\n<p><a href=\"https:\/\/www.boursorama.com\/actualite-economique\/actualites\/le-deficit-de-l-italie-le-plus-eleve-de-l-ue-revu-en-hausse-pour-2023-c44eb13ad04906566b4e5ca1cc2176dd\">Le d\u00e9ficit de l&rsquo;Italie, le plus \u00e9lev\u00e9 de l&rsquo;UE, revu en hausse pour 2023<\/a> (Boursorama)&nbsp;&nbsp;<\/p>\n\n\n\n<p><a href=\"https:\/\/www.boursorama.com\/actualite-economique\/actualites\/la-guerre-accelere-l-annexion-de-l-economie-palestinienne-par-israel-selon-des-analystes-70ff64d259c9fcf9c89f6d683d46f5a9\">La guerre acc\u00e9l\u00e8re \u00ab\u00a0l&rsquo;annexion\u00a0\u00bb de l&rsquo;\u00e9conomie palestinienne par Isra\u00ebl<\/a> (AFP)&nbsp;&nbsp;<\/p>\n\n\n\n<p><a href=\"https:\/\/www.boursorama.com\/actualite-economique\/actualites\/etats-unis-la-chambre-des-representants-adopte-un-plan-d-aide-de-60-8-mds-a-l-ukraine-ee7261e30e2e586c5ddcf5da0ed4cc30\">USA : La Chambre des repr\u00e9sentants adopte un plan d&rsquo;aide de $60,8 mds \u00e0 l&rsquo;Ukraine<\/a> (Reuters)<\/p>\n\n\n\n<p><a href=\"https:\/\/www.boursorama.com\/actualite-economique\/actualites\/taipei-va-discuter-avec-washington-de-l-aide-militaire-adoptee-par-la-chambre-des-representants-424c9676fe8853eb570dada4206e1b22\">Taipei va discuter avec Washington de l&rsquo;aide militaire adopt\u00e9e par la Chambre des repr\u00e9sentants<\/a> (Reuters)<\/p>\n\n\n\n<p><a href=\"https:\/\/eurasiabusinessnews.com\/2024\/04\/21\/la-chambre-des-representants-approuve-une-aide-de-95-milliards-pour-lukraine-israel-et-taiwan\/\">USA. La Chambre des Repr\u00e9sentants approuve une aide de 95 milliards $ pour l\u2019Ukraine, Isra\u00ebl et&nbsp;Ta\u00efwan<\/a>&nbsp;(Eurasia Business News)<\/p>\n\n\n\n<p><a href=\"https:\/\/www.geopolintel.fr\/article3926.html\">La dette ukrainienne est un \u00ab&nbsp;braquage&nbsp;\u00bb international&nbsp;<\/a>(Geopolintel)<\/p>\n\n\n\n<p><a href=\"https:\/\/www.economiematin.fr\/gisement-gaz-groningue-europe#google_vignette\">Gaz&nbsp;: le plus gros gisement europ\u00e9en ferme ses portes<\/a>&nbsp;(Economie matin)<\/p>\n\n\n\n<p><a href=\"https:\/\/www.economiematin.fr\/canada-taxe-riches-aide-jeunes-logement-impot#google_vignette\">Canada&nbsp;: une taxe sur les riches en faveur des jeunes<\/a>&nbsp;(Economie matin)<\/p>\n\n\n\n<p><strong>Analyse<\/strong><\/p>\n\n\n\n<p><a href=\"https:\/\/institutlaboetie.fr\/secu-tva-dette\/\">Main basse sur la s\u00e9cu, augmentation de la TVA : le pr\u00e9texte de la dette<\/a>&nbsp; (Institut La Boetie)<\/p>\n\n\n\n<p><strong><a href=\"https:\/\/theconversation.com\/30-ans-apres-sa-creation-lomc-en-mort-cerebrale-228068?utm_medium=email&amp;utm_campaign=La%20lettre%20de%20The%20Conversation%20France%20du%2017%20avril%202024%20-%202941529886&amp;utm_content=La%20lettre%20de%20The%20Conversation%20France%20du%2017%20avril%202024%20-%202941529886+CID_ddb406017955e11cfea598ea8e1451fb&amp;utm_source=campaign_monitor_fr&amp;utm_term=30%20ans%20aprs%20sa%20cration%20lOMC%20en%20mort%20crbrale\">30 ans apr\u00e8s sa cr\u00e9ation, l\u2019OMC en mort&nbsp;c\u00e9r\u00e9brale<\/a><\/strong>&nbsp;(The Conversation)<\/p>\n\n\n\n<p><a href=\"https:\/\/www.youtube.com\/watch?v=aoZgCK-5qV4\">La crise viendra des banques centrales&nbsp;<\/a><a href=\"https:\/\/www.youtube.com\/watch?v=aoZgCK-5qV4\">(<\/a><a href=\"https:\/\/www.youtube.com\/watch?v=aoZgCK-5qV4\">Patrick Artus<\/a><a href=\"https:\/\/www.youtube.com\/watch?v=aoZgCK-5qV4\">)<\/a>&nbsp;(Synapses, vid\u00e9o)<\/p>\n\n\n\n<p><a href=\"https:\/\/www.halteobsolescence.org\/wp-content\/uploads\/2024\/04\/Rapport-HOP-obsolescence-dans-lautomobile-vers-des-voitures-jetable.pdf\">L\u2019obsolescence acc\u00e9l\u00e9r\u00e9e des voitures thermiques et \u00e9lectriques<\/a>&nbsp;(Halte \u00e0 l\u2019obsolescence programm\u00e9e, pdf)<\/p>\n\n\n\n<figure class=\"wp-block-image size-full is-resized\"><img data-recalc-dims=\"1\" loading=\"lazy\" decoding=\"async\" width=\"720\" height=\"480\" src=\"https:\/\/i0.wp.com\/www.rdpemancipation.org\/wp-content\/uploads\/2024\/04\/image-46.png?resize=720%2C480&#038;ssl=1\" alt=\"\" class=\"wp-image-128129\" style=\"width:408px;height:auto\" srcset=\"https:\/\/i0.wp.com\/www.rdpemancipation.org\/wp-content\/uploads\/2024\/04\/image-46.png?w=720&amp;ssl=1 720w, https:\/\/i0.wp.com\/www.rdpemancipation.org\/wp-content\/uploads\/2024\/04\/image-46.png?resize=300%2C200&amp;ssl=1 300w\" sizes=\"auto, (max-width: 720px) 100vw, 720px\" \/><\/figure>\n\n\n\n<p><strong><mark style=\"background-color:rgba(0, 0, 0, 0);color:#ed1010\" class=\"has-inline-color\">20 avril<\/mark><\/strong><\/p>\n\n\n\n<p><strong>France<\/strong><\/p>\n\n\n\n<p><a href=\"https:\/\/www.latribune.fr\/entreprises-finance\/services\/transport-logistique\/presse-par-son-necessaire-desendettement-alstom-vend-une-partie-de-ses-activites-en-amerique-du-nord-995755.html\">Alstom vend une partie de ses activit\u00e9s en Am\u00e9rique du Nord<\/a> (La Tribune)<\/p>\n\n\n\n<p><a href=\"https:\/\/infos.lemonde.fr\/optiext\/optiextension.dll?ID=5BA5EepLIohzXGpPLdjn6zbX_s6QSqAeOLBE7iyu3_pN9DKjrcpkDEzAED7XaDBR29yd0u9mAvnSelSH9_ByfQs8vyksNcr7g6g4FPzR\" target=\"_blank\" rel=\"noreferrer noopener\"><strong>Michelin promet un salaire d\u00e9cent, mais pas la p\u00e9rennit\u00e9 des sites<\/strong><\/a> (Le Monde)<\/p>\n\n\n\n<p><a href=\"https:\/\/infos.lemonde.fr\/optiext\/optiextension.dll?ID=iQRiUCr4qSkVK_kahjdYXHCmHphLLiz98avg8GUVDoyOvWhyGzV34i346s7N0aEXgr2AYzN8h1hBmAs8zGGOBCdJuOOsrlvMID_nEciP\" target=\"_blank\" rel=\"noreferrer noopener\">Armement&nbsp;: comment l\u2019industrie fran\u00e7aise se mobilise<\/a> (Le Monde)<\/p>\n\n\n\n<p><a href=\"https:\/\/elwatan-dz.com\/caisse-de-retraite-francaise-le-bluff-des-faux-centenaires-algeriens-elucide\">Caisse de retraite fran\u00e7aise : Le bluff des faux centenaires alg\u00e9riens \u00e9lucid\u00e9<\/a> (El Watan dz)<\/p>\n\n\n\n<p><strong>Monde<\/strong><\/p>\n\n\n\n<p><a href=\"https:\/\/www.rfi.fr\/fr\/en-bref\/20240420-%C3%A9tats-unis-les-salari%C3%A9s-de-volkswagen-dans-le-tennessee-votent-pour-la-constitution-d-un-syndicat\"><strong>USA<\/strong> : les salari\u00e9s de Volkswagen dans le Tennessee votent pour la constitution d&rsquo;un syndicat<\/a> (RFI)<\/p>\n\n\n\n<p><a href=\"https:\/\/www.connaissancedesenergies.org\/afp\/le-gouvernement-biden-limite-lexploitation-petroliere-dans-une-vaste-zone-de-lalaska-240419\">Le gouvernement Biden limite l&rsquo;exploitation p\u00e9troli\u00e8re dans une vaste zone de l&rsquo;Alaska<\/a> (AFP)<\/p>\n\n\n\n<p><a href=\"https:\/\/infos.lemonde.fr\/optiext\/optiextension.dll?ID=5BA5BUxLD9svk8hcRVl3H7tvL9DJ_OI7heIhYc%2BqYWBaEkCjrZurHomw7VKcAw9rVabnm7LKxWDUt1wZ5H%2BZ2BywJCh4F3OrCheQ2CzG\" target=\"_blank\" rel=\"noreferrer noopener\">Les Etats-Unis r\u00e9instaurent les sanctions p\u00e9troli\u00e8res contre le Venezuela<\/a> (Le Monde)<\/p>\n\n\n\n<p><strong>Analyse<\/strong><\/p>\n\n\n\n<p><a href=\"https:\/\/infos.lemonde.fr\/optiext\/optiextension.dll?ID=qYZq2FIg9jkqCv_92JUqV4hXMAWwA23k9DZqfkeit9a4_osa5AaE54fHUaic6QF6M0f8_CULXHcuWLY6h1XcuggmKlGpC8DGprhui_qM\" target=\"_blank\" rel=\"noreferrer noopener\">Optimisation fiscale des grands groupes et des riches particuliers&nbsp;: une nouvelle norme anti-abus<\/a> (Le Monde)<\/p>\n\n\n\n<p><a href=\"https:\/\/elucid.media\/economie\/immobilier-logement-prix-marche-04-2024-crise-poursuit-baisse-pas-terminee\">La crise immobili\u00e8re se poursuit : les prix vont encore baisser !<\/a> (Elucid)<\/p>\n\n\n\n<figure class=\"wp-block-image size-full is-resized\"><img data-recalc-dims=\"1\" loading=\"lazy\" decoding=\"async\" width=\"623\" height=\"350\" src=\"https:\/\/i0.wp.com\/www.rdpemancipation.org\/wp-content\/uploads\/2024\/04\/image-44.png?resize=623%2C350&#038;ssl=1\" alt=\"\" class=\"wp-image-128087\" style=\"width:611px;height:auto\" srcset=\"https:\/\/i0.wp.com\/www.rdpemancipation.org\/wp-content\/uploads\/2024\/04\/image-44.png?w=623&amp;ssl=1 623w, https:\/\/i0.wp.com\/www.rdpemancipation.org\/wp-content\/uploads\/2024\/04\/image-44.png?resize=300%2C169&amp;ssl=1 300w\" sizes=\"auto, (max-width: 623px) 100vw, 623px\" \/><\/figure>\n\n\n\n<p><strong><mark style=\"background-color:rgba(0, 0, 0, 0);color:#ed1010\" class=\"has-inline-color\">19 avril<\/mark><\/strong><\/p>\n\n\n\n<p><strong>France<a><\/a><a><\/a><a><\/a><\/strong><\/p>\n\n\n\n<p><a href=\"https:\/\/www.francetvinfo.fr\/economie\/transports\/enquete-conflit-d-interet-opacite-financiere-dans-les-coulisses-du-projet-controverse-de-l-a69_6495839.html\"><strong>Conflit d\u2019int\u00e9r\u00eats, opacit\u00e9 financi\u00e8re\u2026 Dans les coulisses du projet controvers\u00e9 de l&rsquo;A69<\/strong><\/a> (Cellule investigation de Radio France)<\/p>\n\n\n\n<p><a href=\"https:\/\/www.mediapart.fr\/journal\/economie-et-social\/190424\/au-medef-jordan-bardella-est-devenu-l-ami-du-capital\">Au Medef, Jordan Bardella est devenu l\u2019ami du capital<\/a> (M\u00e9diapart)<\/p>\n\n\n\n<p><a href=\"https:\/\/www.boursorama.com\/actualite-economique\/actualites\/groupama-cale-au-deuxieme-semestre-plombe-par-la-charge-climatique-39d53f70549fed22f8319fa8b0e12d25\">Groupama cale au deuxi\u00e8me semestre, plomb\u00e9 par la charge climatique<\/a> (Boursorama)&nbsp;&nbsp;<\/p>\n\n\n\n<p><a href=\"https:\/\/www.boursorama.com\/actualite-economique\/actualites\/travaux-publics-patronat-et-syndicats-autour-de-la-table-pour-ameliorer-l-attractivite-du-secteur-cf0f2680c24e8fe7dd0c57c7d5303e29\">Travaux publics : patronat et syndicats autour de la table pour am\u00e9liorer l'\u00a0\u00bbattractivit\u00e9\u00a0\u00bb du secteur<\/a> (AFP)&nbsp;&nbsp;<\/p>\n\n\n\n<p><a href=\"https:\/\/www.boursorama.com\/actualite-economique\/actualites\/la-poste-experimente-des-bureaux-de-poste-itinerants-en-zone-rurale-ed6e81cce946d6c75b3ad4d7622cf200\">La Poste exp\u00e9rimente des bureaux de poste itin\u00e9rants en zone rurale<\/a> (AFP)&nbsp;&nbsp;<\/p>\n\n\n\n<p><a href=\"https:\/\/redirection.b2b.infopro-digital.com\/lnk\/AWsAAD_jwbUAAcXFl_AAAHnKuI0AAABZQUUAANzvAAwsSQBmIVL8LJScU-c9T26sYkeaepTR0AAMCy8\/4\/I6q-_D2T0Eke1NnvkJAYvQ\/aHR0cDovL3d3dy51c2luZW5vdXZlbGxlLmNvbS9hcnRpY2xlL2F1Y3VuZS1kZWNpc2lvbi1wcmlzZS1wb3VyLXVuZS1wb3NzaWJsZS1jZXNzaW9uLWRlLWJpb2dhcmFuLWxlcy1tZWRpY2FtZW50cy1nZW5lcmlxdWVzLWRlLXNlcnZpZXItZW4tZnJhbmNlLk4yMjExNzU0P3V0bV9zb3VyY2U9bmV3c2xldHRlciZ1dG1fbWVkaXVtPWVtYWlsJnV0bV9jYW1wYWlnbj1pbmZvX2xhLXF1b3RpZGllbm5lJmVtYWlsPTIwNDMzMjg2NTMmaWRiZGQ9NTY1NTk\" target=\"_blank\" rel=\"noreferrer noopener\">Pas de d\u00e9cision pour la cession de Biogaran, le g\u00e9n\u00e9riqueur de Servier en France<\/a><br>(Usine Nouvelle)&nbsp;<\/p>\n\n\n\n<p><a href=\"https:\/\/redirection.b2b.infopro-digital.com\/lnk\/AWsAAD_jwbUAAcXFl_AAAHnKuI0AAABZQUUAANzvAAwsSQBmIVL8LJScU-c9T26sYkeaepTR0AAMCy8\/9\/5yX_9LHA7f0Fc2-LC6hvyA\/aHR0cDovL3d3dy51c2luZW5vdXZlbGxlLmNvbS9lZGl0b3JpYWwvbGEtY2hhcnRlLXNvbGFpcmUtZXVyb3BlZW5uZS1zaWduZWUtcGFyLWxhLWZyYW5jZS1hcnJpdmUtdHJvcC10YXJkLXBvdXItc3lzdG92aS5OMjIxMTc0MD91dG1fc291cmNlPW5ld3NsZXR0ZXImdXRtX21lZGl1bT1lbWFpbCZ1dG1fY2FtcGFpZ249aW5mb19sYS1xdW90aWRpZW5uZSZlbWFpbD0yMDQzMzI4NjUzJmlkYmRkPTU2NTU5\" target=\"_blank\" rel=\"noreferrer noopener\">La Charte solaire europ\u00e9enne arrive trop tard pour Systovi<\/a> (Usine Nouvelle)<strong>&nbsp;<\/strong><\/p>\n\n\n\n<p><a href=\"https:\/\/redirection.b2b.infopro-digital.com\/lnk\/AVkAAD2rzJQAAcXFljAAAHnKuI0AAABZQUUAANzvAAwsSQBmHrKBeHxNSKQjT-aFkc5bOyywagAMCy8\/4\/RxgtxacI2XmzyD9xSy07SQ\/aHR0cDovL3d3dy51c2luZW5vdXZlbGxlLmNvbS9hcnRpY2xlL2xhLXJlbXVuZXJhdGlvbi1kZS1jYXJsb3MtdGF2YXJlcy1hcHByb3V2ZWUtcGFyLWxlcy1hY3Rpb25uYWlyZXMtZGUtc3RlbGxhbnRpcy5OMjIxMTU4OD91dG1fc291cmNlPW5ld3NsZXR0ZXImdXRtX21lZGl1bT1lbWFpbCZ1dG1fY2FtcGFpZ249aW5mb19sYS1xdW90aWRpZW5uZSZlbWFpbD0yMDQzMzI4NjUzJmlkYmRkPTU2NTU5\" target=\"_blank\" rel=\"noreferrer noopener\">La r\u00e9mun\u00e9ration de Carlos Tavares approuv\u00e9e par les actionnaires de Stellantis<\/a> (Usine Nouvelle)<strong>&nbsp;<\/strong><\/p>\n\n\n\n<p><strong>Monde<\/strong><\/p>\n\n\n\n<p><a href=\"https:\/\/www.boursorama.com\/actualite-economique\/actualites\/enquete-la-fed-reduira-ses-taux-en-septembre-peut-etre-une-seconde-fois-en-2024-economistes-b74e92aed9fde74e5215ccd05a634df0\">La Fed r\u00e9duira ses taux en septembre, peut-\u00eatre une seconde fois en 2024<\/a> (Reuters)<\/p>\n\n\n\n<p><a href=\"https:\/\/www.boursorama.com\/actualite-economique\/actualites\/la-bei-s-engage-a-accelerer-les-depenses-en-faveur-de-l-ukraine-e0b12cba3de6ae1b07b7484a514371bf\">La BEI s&rsquo;engage \u00e0 acc\u00e9l\u00e9rer les d\u00e9penses en faveur de l&rsquo;Ukraine<\/a> (Reuters)<\/p>\n\n\n\n<p><a href=\"https:\/\/www.boursorama.com\/actualite-economique\/actualites\/l-economie-du-moyen-orient-resiste-mais-voit-les-nuages-s-amonceler-selon-le-fmi-c6bd6819c2dd34d714c309c5c274370d\">L&rsquo;\u00e9conomie du Moyen-Orient r\u00e9siste mais voit les nuages s&rsquo;amonceler, selon le FMI<\/a> (AFP)&nbsp;&nbsp;<\/p>\n\n\n\n<p><a href=\"https:\/\/www.boursorama.com\/actualite-economique\/actualites\/ukraine-israel-tiktok-ce-que-contient-le-grand-plan-du-congres-americain-fe81e38334abd867df74a00becb2b5ef\">Ukraine, Isra\u00ebl, TikTok: ce que contient le grand plan du Congr\u00e8s am\u00e9ricain<\/a> (AFP)&nbsp;&nbsp;<\/p>\n\n\n\n<p><a href=\"https:\/\/www.boursorama.com\/actualite-economique\/actualites\/nestle-sous-pression-de-ses-actionnaires-au-sujet-des-aliments-sains-1f232d6685e113186816841160cc21ef\">Nestl\u00e9 sous pression de ses actionnaires au sujet des aliments sains<\/a> (AFP)&nbsp;&nbsp;<\/p>\n\n\n\n<p><a href=\"https:\/\/api.indigo-net.com\/email\/RedirectionEmailing?mail=n.chevillard@noos.fr&amp;ID=603475&amp;DOCIID=109703480&amp;ENAIID=877423&amp;RETOUR=SIMPLE&amp;link=https:\/\/www.africaintelligence.fr\/afrique-du-nord\/2024\/04\/17\/entre-kais-saied-et-le-fmi-le-chef-du-gouvernement-sur-un-fil,110215944-art?cxt=PUB&amp;utm_source=AIF&amp;utm_medium=email&amp;utm_campaign=AUTO_EDIT_SOM_PROS\" target=\"_blank\" rel=\"noreferrer noopener\"><strong>Tunisie<\/strong>&nbsp;: entre Ka\u00efs Sa\u00efed et le FMI, le chef du gouvernement sur un fil<\/a> (Africa Intelligence)<\/p>\n\n\n\n<p><a href=\"https:\/\/redirection.b2b.infopro-digital.com\/lnk\/AU4AAD290jAAAcXFlm4AAHnKuI0AAABZQTkAANzxAAwsSQBmH2m-Y47CpfrTT6G8-vEwp1ogDwAMCy8\/9\/TbafQXuF_ZYKa0Rrnyclgw\/aHR0cDovL3d3dy51c2luZS1kaWdpdGFsZS5mci9hcnRpY2xlL2wtaWEtc2UtZGV2ZWxvcHBlLWEtdW5lLXZpdGVzc2UtZm9sbGUtZXQtYS1kZXMtY291dHMtZXhvcmJpdGFudHMtcmV2ZWxlLXN0YW5mb3JkLk4yMjExNjAxP3V0bV9zb3VyY2U9bmV3c2xldHRlciZ1dG1fbWVkaXVtPWVtYWlsJnV0bV9jYW1wYWlnbj1pbmZvX3VkLXF1b3RpZGllbm5lJmVtYWlsPTIwNDMzMjg2NTMmaWRiZGQ9NTY1NjE\" target=\"_blank\" rel=\"noreferrer noopener\">L&rsquo;IA se d\u00e9veloppe \u00e0 une vitesse folle mais avec des co\u00fbts exorbitants, r\u00e9v\u00e8le Stanford<\/a>(Usine Digitale)<\/p>\n\n\n\n<p><strong>Analyse<\/strong> <a href=\"https:\/\/www.rfi.fr\/fr\/podcasts\/aujourd-hui-l-%C3%A9conomie\/20240419-bitcoin-qu-est-ce-que-le-halving\"><\/a><\/p>\n\n\n\n<p><strong><a href=\"https:\/\/www.humanite.fr\/social-et-economie\/actionnaires\/rachats-dactions-comment-les-multinationales-confisquent-les-richesses\" target=\"_blank\" rel=\"noreferrer noopener\">Rachats d\u2019actions : comment les multinationales confisquent les richesses<\/a>&nbsp;<\/strong>(L\u2019Humanit\u00e9)<\/p>\n\n\n\n<p><a href=\"https:\/\/www.rfi.fr\/fr\/podcasts\/aujourd-hui-l-%C3%A9conomie\/20240419-bitcoin-qu-est-ce-que-le-halving\">Bitcoin : qu&rsquo;est-ce que le halving ?<\/a> (RFI)<\/p>\n\n\n\n<figure class=\"wp-block-image size-full is-resized\"><img data-recalc-dims=\"1\" loading=\"lazy\" decoding=\"async\" width=\"565\" height=\"318\" src=\"https:\/\/i0.wp.com\/www.rdpemancipation.org\/wp-content\/uploads\/2024\/04\/image-42.png?resize=565%2C318&#038;ssl=1\" alt=\"\" class=\"wp-image-128049\" style=\"width:386px;height:auto\" srcset=\"https:\/\/i0.wp.com\/www.rdpemancipation.org\/wp-content\/uploads\/2024\/04\/image-42.png?w=565&amp;ssl=1 565w, https:\/\/i0.wp.com\/www.rdpemancipation.org\/wp-content\/uploads\/2024\/04\/image-42.png?resize=300%2C169&amp;ssl=1 300w\" sizes=\"auto, (max-width: 565px) 100vw, 565px\" \/><\/figure>\n\n\n\n<p><strong><mark style=\"background-color:rgba(0, 0, 0, 0);color:#ed1010\" class=\"has-inline-color\">17 et 18 avril<\/mark><\/strong><\/p>\n\n\n\n<p><strong>France<a><\/a><a><\/a><a><\/a><\/strong><\/p>\n\n\n\n<p><a href=\"https:\/\/www.humanite.fr\/social-et-economie\/laboratoires-pharmaceutiques\/biogaran-en-vente-quel-avenir-pour-les-emplois-et-les-medicaments-generiques\" target=\"_blank\" rel=\"noreferrer noopener\">Biogaran en vente : quel avenir pour les emplois et les m\u00e9dicaments g\u00e9n\u00e9riques ?<\/a> (L\u2019Humanit\u00e9)<\/p>\n\n\n\n<p><a href=\"https:\/\/api.indigo-net.com\/email\/RedirectionEmailing?mail=n.chevillard@noos.fr&amp;ID=603711&amp;DOCIID=109703480&amp;ENAIID=877659&amp;RETOUR=SIMPLE&amp;link=https:\/\/www.intelligenceonline.fr\/grands-contrats\/2024\/04\/18\/l-industrie-francaise-ejectee-de-la-marine-malaisienne-par-la-puissance-commerciale-turque,110216275-eve?cxt=PUB&amp;utm_source=LMR&amp;utm_medium=email&amp;utm_campaign=AUTO_EDIT_SOM_PROS\" target=\"_blank\" rel=\"noreferrer noopener\">L&rsquo;industrie fran\u00e7aise \u00e9ject\u00e9e de la marine malaisienne par la puissance commerciale turque<\/a> (Intelligence online)<\/p>\n\n\n\n<p><a href=\"https:\/\/redirection.b2b.infopro-digital.com\/lnk\/AV4AAD1jHSsAAcXFlxYAAHnKuI0AAABZQUUAANzvAAwsSQBmIADdlKRIynpxQYeAPjC7bi7-bAAMCy8\/4\/1TmLkEPGQKDldWMdb2ELUA\/aHR0cDovL3d3dy51c2luZW5vdXZlbGxlLmNvbS9lZGl0b3JpYWwvc3lzdG92aS1wbGFjZWUtZW4tbGlxdWlkYXRpb24tZmVybWUtc29uLXVzaW5lLWRlLXBhbm5lYXV4LXNvbGFpcmVzLXByZXMtZGUtbmFudGVzLk4yMjExNzA4P3V0bV9zb3VyY2U9bmV3c2xldHRlciZ1dG1fbWVkaXVtPWVtYWlsJnV0bV9jYW1wYWlnbj1pbmZvX2xhLXF1b3RpZGllbm5lJmVtYWlsPTIwNDMzMjg2NTMmaWRiZGQ9NTY1NTk\" target=\"_blank\" rel=\"noreferrer noopener\">Systovi, victime de la concurrence chinoise, ferme son usine de panneaux solaires pr\u00e8s de Nantes<\/a> (Usine Nouvelle)&nbsp;<\/p>\n\n\n\n<p><a href=\"https:\/\/redirection.b2b.infopro-digital.com\/lnk\/AV4AAD1jHSsAAcXFlxYAAHnKuI0AAABZQUUAANzvAAwsSQBmIADdlKRIynpxQYeAPjC7bi7-bAAMCy8\/15\/Egv-IjNdFh_Z4moYpOEvLw\/aHR0cDovL3d3dy51c2luZW5vdXZlbGxlLmNvbS9hcnRpY2xlL2VuLWF0dGVuZGFudC1sZS1kZWNyZXQtc3VyLWxlcy1jZXJ0aWZpY2F0cy1kZS1wcm9kdWN0aW9uLWRlLWJpb2dhei1lbmdpZS1lbmNoYWluZS1sZXMtYWNxdWlzaXRpb25zLWVuLWV1cm9wZS5OMjIxMTYzMT91dG1fc291cmNlPW5ld3NsZXR0ZXImdXRtX21lZGl1bT1lbWFpbCZ1dG1fY2FtcGFpZ249aW5mb19sYS1xdW90aWRpZW5uZSZlbWFpbD0yMDQzMzI4NjUzJmlkYmRkPTU2NTU5\" target=\"_blank\" rel=\"noreferrer noopener\">Frein\u00e9 en France dans le biogaz, Engie encha\u00eene les acquisitions en Europe<\/a> (Usine Nouvelle)&nbsp;<\/p>\n\n\n\n<p><a href=\"https:\/\/www.connaissancedesenergies.org\/afp\/totalenergies-des-actionnaires-veulent-mettre-fin-au-cumul-de-fonctions-du-pdg-patrick-pouyanne-240418-1\">TotalEnergies : des actionnaires veulent mettre fin au cumul de fonctions de Patrick Pouyann\u00e9<\/a> (AFP)<\/p>\n\n\n\n<p><a href=\"https:\/\/www.mediapart.fr\/journal\/ecologie\/160424\/totalenergies-construit-et-organise-le-chaos-climatique\" target=\"_blank\" rel=\"noreferrer noopener\"><strong>\u00abTotalEnergies construit et organise le chaos climatique\u00bb<\/strong><\/a> (\u00c0 l\u2019air libre)<\/p>\n\n\n\n<p><a href=\"https:\/\/www.humanite.fr\/social-et-economie\/carlos-tavares\/365-millions-deuros-carlos-tavares-le-cost-killer-qui-defie-les-politiques-de-baisser-son-salaire\"><strong>36,5&nbsp;millions \u20ac : Carlos Tavares, le cost-killer qui d\u00e9fie les politiques de baisser son salaire<\/strong><\/a> (l\u2019Humanit\u00e9)<a href=\"https:\/\/www.rfi.fr\/fr\/%C3%A9conomie\/20240416-au-del%C3%A0-de-stellantis-le-salaire-des-grands-patrons-en-question\"><\/a><\/p>\n\n\n\n<p><a href=\"https:\/\/www.rfi.fr\/fr\/%C3%A9conomie\/20240416-au-del%C3%A0-de-stellantis-le-salaire-des-grands-patrons-en-question\"><strong>Au-del\u00e0 de Stellantis, le salaire des grands patrons en question<\/strong><\/a> (RFI)<\/p>\n\n\n\n<p><a href=\"https:\/\/fr.myeurop.info\/2024\/04\/17\/duralex-le-mastodonte-du-verre-demande-louverture-dune-procedure-de-redressement-judiciaire\/\" target=\"_blank\" rel=\"noreferrer noopener\">Duralex, le mastodonte du verre demande l\u2019ouverture d\u2019une proc\u00e9dure de redressement judiciaire<\/a> (Myeurop.info)<\/p>\n\n\n\n<p><strong>Monde<\/strong><\/p>\n\n\n\n<p><a href=\"https:\/\/reporterre.net\/Crise-climatique-le-revenu-mondial-va-chuter-d-ici-2050\" target=\"_blank\" rel=\"noreferrer noopener\"><strong>Crise climatique&nbsp;: le revenu mondial va chuter d&rsquo;ici 2050<\/strong><\/a>(Reporterre)<\/p>\n\n\n\n<p><a href=\"https:\/\/www.alternatives-economiques.fr\/franck-aggeri\/commission-europeenne-sattaque-aux-geants-numerique\/00110293\" target=\"_blank\" rel=\"noreferrer noopener\">La Commission europ\u00e9enne s&rsquo;attaque aux g\u00e9ants du num\u00e9rique<\/a>&nbsp;(Alter \u00e9co)<\/p>\n\n\n\n<p><a href=\"https:\/\/www.alternatives-economiques.fr\/leurope-decroche-rapport-aux-etats-unis\/00110349\" target=\"_blank\" rel=\"noreferrer noopener\">Pourquoi l&rsquo;Europe d\u00e9croche par rapport aux Etats-Unis<\/a>&nbsp;(Alter \u00e9co)<\/p>\n\n\n\n<p><a href=\"https:\/\/www.alternatives-economiques.fr\/italie-nationalisme-energetique-de-giorgia-meloni\/00110302\" target=\"_blank\" rel=\"noreferrer noopener\">En Italie, le nationalisme \u00e9nerg\u00e9tique de Giorgia Meloni<\/a>&nbsp;(Alter \u00e9co)<\/p>\n\n\n\n<p><a href=\"https:\/\/disclose.ngo\/fr\/article\/axa-soutient-le-principal-importateur-de-gaz-russe-en-europe\" target=\"_blank\" rel=\"noreferrer noopener\">L\u2019assureur AXA soutient le principal importateur de gaz russe en Europe<\/a>&nbsp;(Disclose)<\/p>\n\n\n\n<p><a href=\"https:\/\/www.connaissancedesenergies.org\/afp\/pres-de-45-ans-de-sanctions-internationales-contre-liran-240418\">Pr\u00e8s de 45 ans de sanctions internationales contre l&rsquo;Iran<\/a> <a>(AFP)<\/a><\/p>\n\n\n\n<p><a href=\"https:\/\/www.connaissancedesenergies.org\/afp\/marche-europeen-du-captage-et-stockage-du-co2-des-accords-de-transport-et-une-grande-etape-240418\">March\u00e9 europ\u00e9en du captage et stockage du CO2 : des accords de transport et une grande \u00e9tape<\/a> (AFP)<\/p>\n\n\n\n<p><a href=\"https:\/\/www.connaissancedesenergies.org\/afp\/le-prix-du-petrole-en-baisse-leconomie-lemporte-sur-la-geopolitique-240418\">Le prix du p\u00e9trole en baisse, l&rsquo;\u00e9conomie l&#8217;emporte sur la g\u00e9opolitique<\/a> (AFP)<\/p>\n\n\n\n<p><a href=\"https:\/\/www.francetvinfo.fr\/monde\/proche-orient\/israel-palestine\/guerre-israel-hamas-aux-etats-unis-google-licencie-28-employes-apres-une-manifestation-contre-un-contrat-l-entreprise-avec-l-etat-hebreu_6493787.html\">USA&nbsp;: Google licencie 28 employ\u00e9s pour avoir d\u00e9nonc\u00e9 un contrat de l&rsquo;entreprise avec Isra\u00ebl<\/a> (France Info)<\/p>\n\n\n\n<p><a href=\"https:\/\/www.cadtm.org\/Le-piege-de-l-endettement\"><strong>Le pi\u00e8ge de l\u2019endettement par Eric Toussaint<\/strong> <\/a>(CADTM)<\/p>\n\n\n\n<p><strong>Analyse<\/strong><\/p>\n\n\n\n<p><a href=\"https:\/\/basta.media\/Serial-Killer-et-capitalisme-Il-y-a-un-lien-entre-l-augmentation-du-nombre-de-tueurs-en-serie-et-le-contexte-economique\" target=\"_blank\" rel=\"noreferrer noopener\">Il y a un lien entre l&rsquo;augmentation du nombre de tueurs en s\u00e9rie et le contexte \u00e9conomique<\/a>&nbsp;(Basta!)<\/p>\n\n\n\n<p><a href=\"https:\/\/www.politis.fr\/articles\/2024\/04\/lepouvantail-de-la-dette-publique\/\" target=\"_blank\" rel=\"noreferrer noopener\"><strong>L\u2019\u00e9pouvantail de la dette publique<\/strong><\/a> (Politis)<\/p>\n\n\n\n<p><a href=\"https:\/\/link.newsletter.franceculture.fr\/m\/ml\/7429\/866121\/feFnpHyaBHb5BX5w0aB5_m9C5lXTLJmivm821gAfcU8=\/eoJEjrwJaZ4wWCoCrOYueBWqzMkoY-kqUIZDMH2bUAo=\/\" target=\"_blank\" rel=\"noreferrer noopener\">Qui finance les Jeux olympiques de Paris&nbsp;?<\/a> (France Culture)<\/p>\n\n\n\n<p><a href=\"https:\/\/link.newsletter.franceculture.fr\/m\/ml\/7429\/866121\/feFnpHyaBHb5BX5w0aB5_m9C5lXTLJmivm821gAfcU8=\/eoJEjrwJaZ4wWCoCrOYueBWqzMkoY-kqpupearz1iLk=\/\" target=\"_blank\" rel=\"noreferrer noopener\">Cor\u00e9e du Nord&nbsp;: planifier l&rsquo;autarcie<\/a> (France Culture)<\/p>\n\n\n\n<figure class=\"wp-block-image size-full is-resized\"><img data-recalc-dims=\"1\" loading=\"lazy\" decoding=\"async\" width=\"600\" height=\"338\" src=\"https:\/\/i0.wp.com\/www.rdpemancipation.org\/wp-content\/uploads\/2024\/04\/image-39.png?resize=600%2C338&#038;ssl=1\" alt=\"\" class=\"wp-image-128005\" style=\"width:421px;height:auto\" srcset=\"https:\/\/i0.wp.com\/www.rdpemancipation.org\/wp-content\/uploads\/2024\/04\/image-39.png?w=600&amp;ssl=1 600w, https:\/\/i0.wp.com\/www.rdpemancipation.org\/wp-content\/uploads\/2024\/04\/image-39.png?resize=300%2C169&amp;ssl=1 300w\" sizes=\"auto, (max-width: 600px) 100vw, 600px\" \/><\/figure>\n\n\n\n<p><strong><mark style=\"background-color:rgba(0, 0, 0, 0);color:#ed1010\" class=\"has-inline-color\">16 avril<\/mark><\/strong><\/p>\n\n\n\n<p><strong>France<a><\/a><a><\/a><a><\/a><\/strong><\/p>\n\n\n\n<p><a href=\"https:\/\/vert.eco\/articles\/eaux-minerales-dans-les-vosges-les-ennuis-en-cascade-de-nestle-waters\" target=\"_blank\" rel=\"noreferrer noopener\">Dans les Vosges, les affaires troubles du g\u00e9ant Nestl\u00e9 Waters&nbsp;<\/a> (vert.eco)<\/p>\n\n\n\n<p><a href=\"https:\/\/www.alternatives-economiques.fr\/logement-difficile-de-trouver-une-location\/00110364\" target=\"_blank\" rel=\"noreferrer noopener\">Pourquoi il est si difficile de trouver un logement en location<\/a>&nbsp;(Alter \u00e9co)<\/p>\n\n\n\n<p><a href=\"https:\/\/rapportsdeforce.fr\/analyse\/non-gabriel-attal-augmenter-de-100e-un-salarie-au-smic-ne-coute-pas-483e-041620975\" target=\"_blank\" rel=\"noreferrer noopener\">Non Gabriel Attal, augmenter de 100\u20ac un salari\u00e9 au SMIC ne co\u00fbte pas 483\u20ac<\/a> (Rapports de Force)<\/p>\n\n\n\n<p><a href=\"https:\/\/www.connaissancedesenergies.org\/afp\/ratp-retour-des-bus-electriques-bollore-qui-avaient-ete-retires-apres-deux-incendies-240415\">RATP : retour des bus \u00e9lectriques Bollor\u00e9 qui avaient \u00e9t\u00e9 retir\u00e9s apr\u00e8s deux incendies<\/a> (AFP)<\/p>\n\n\n\n<p><a href=\"https:\/\/www.connaissancedesenergies.org\/afp\/le-gouvernement-devoile-un-plan-pompes-chaleur-visant-45000-nouveaux-emplois-240415\">Le gouvernement d\u00e9voile un plan \u00ab\u00a0pompes \u00e0 chaleur\u00a0\u00bb visant 45.000 nouveaux emplois<\/a> (AFP)<\/p>\n\n\n\n<p><a href=\"https:\/\/redirection.b2b.infopro-digital.com\/lnk\/AVkAAD2KJXMAAcXFlS4AAHnKuI0AAABZQUUAANzvAAwsSQBmHWLjVKGPAbi_QLmgswlYF-rnrwAMCy8\/22\/h9oQAHXc8UVv87xgXEKHJQ\/aHR0cDovL3d3dy51c2luZW5vdXZlbGxlLmNvbS9hcnRpY2xlL3Bhcy1kZS1sb2ktbWFpcy11bi1kZWJhdC1wdWJsaWMtbGUtcmVmdXMtZC1vYnN0YWNsZS1kdS1nb3V2ZXJuZW1lbnQtc3VyLWxhLXBvbGl0aXF1ZS1lbmVyZ2llLWNsaW1hdC5OMjIxMTQ2NT91dG1fc291cmNlPW5ld3NsZXR0ZXImdXRtX21lZGl1bT1lbWFpbCZ1dG1fY2FtcGFpZ249aW5mb19sYS1xdW90aWRpZW5uZSZlbWFpbD0yMDQzMzI4NjUzJmlkYmRkPTU2NTU5\" target=\"_blank\" rel=\"noreferrer noopener\">L\u2019\u00c9tat hors-la-loi \u00e9nergie climat avec son d\u00e9bat public sur la PPE<\/a> (Usine Nouvelle)&nbsp;<\/p>\n\n\n\n<p><a href=\"https:\/\/www.oxfamfrance.org\/communiques-de-presse\/taxer-les-superprofits-de-2023-rapporterait-plus-de-20-milliards-deuros\/\"><strong>Taxer les superprofits de 2023 rapporterait plus de 20 milliards \u20ac<\/strong><\/a>(Oxfam)<\/p>\n\n\n\n<p><a href=\"https:\/\/www.rfi.fr\/fr\/podcasts\/lignes-de-d%C3%A9fense\/20240413-exportation-d-armes-la-france-sur-le-podium-mondial\"><strong>Exportation d&rsquo;armes : la France sur le podium mondial<\/strong><\/a>(RFI)<\/p>\n\n\n\n<p><a href=\"https:\/\/www.blast-info.fr\/articles\/2024\/atos-anatomie-dune-chute-2-la-souverainete-en-etendard-les-cabinets-de-conseil-dabord-6a82VxrITIa2VoaWT0Q5Mw\" target=\"_blank\" rel=\"noreferrer noopener\">Atos, anatomie d\u2019une chute #2 : La souverainet\u00e9 en \u00e9tendard, les cabinets de conseil d\u2019abord<\/a> (Blast)<\/p>\n\n\n\n<p><a href=\"https:\/\/regards.fr\/bruno-le-maire-ce-heros-qui-protege-les-impots-des-ultra-riches-deuxieme-partie\/\" target=\"_blank\" rel=\"noreferrer noopener\">Bruno Le Maire, ce h\u00e9ros qui prot\u00e8ge les imp\u00f4ts des ultra-riches (deuxi\u00e8me partie)<\/a> (Regards)<\/p>\n\n\n\n<p><strong>Monde<\/strong><\/p>\n\n\n\n<p><a href=\"https:\/\/theconversation.com\/une-monnaie-commune-au-sahel-derriere-la-logique-politique-un-risque-economique-227246\">Une monnaie commune au <strong>Sahel&nbsp;<\/strong>: derri\u00e8re la logique politique, un risque \u00e9conomique<\/a> (The Conversation)<\/p>\n\n\n\n<p><a href=\"https:\/\/alencontre.org\/ameriques\/americnord\/usa\/etats-unis-le-contribuable-moyen-a-verse-5109-dollars-pour-le-militarisme-et-ses-composantes.html\"><strong>USA.<\/strong> Le contribuable moyen a vers\u00e9 5109&nbsp;$ pour le militarisme et ses composantes<\/a> (A l\u2019Encontre)<\/p>\n\n\n\n<p><a href=\"https:\/\/redirection.b2b.infopro-digital.com\/lnk\/AVgAAD083ecAAcXFlVYAAHnKuI0AAABZQTkAANzxAAwsSQBmHhm4-9iKzPx8T0G42Wh8_C31mgAMCy8\/9\/J4f6VeNF2BJA2PqQ94oNKg\/aHR0cDovL3d3dy51c2luZS1kaWdpdGFsZS5mci9hcnRpY2xlL2FwcmVzLWwtYW5ub25jZS1kLXVuZS1iYWlzc2UtZGUtc2VzLXZlbnRlcy10ZXNsYS1saWNlbmNpZS1wbHVzLWRlLTEwLWRlLXNlcy1lZmZlY3RpZnMuTjIyMTE1NjA_dXRtX3NvdXJjZT1uZXdzbGV0dGVyJnV0bV9tZWRpdW09ZW1haWwmdXRtX2NhbXBhaWduPWluZm9fdWQtcXVvdGlkaWVubmUmZW1haWw9MjA0MzMyODY1MyZpZGJkZD01NjU2MQ\" target=\"_blank\" rel=\"noreferrer noopener\">Apr\u00e8s l\u2019annonce d\u2019une baisse de ses ventes, Tesla licencie plus de 10% de ses effectifs<\/a> (Usine Digitale)<a href=\"https:\/\/www.rfi.fr\/fr\/podcasts\/%C3%A0-la-une-en-asie\/20240416-chine-la-croissance-%C3%A9conomique-plus-solide-que-pr%C3%A9vue-au-premier-trimestre-2024\"><\/a><\/p>\n\n\n\n<p><a href=\"https:\/\/www.rfi.fr\/fr\/podcasts\/%C3%A0-la-une-en-asie\/20240416-chine-la-croissance-%C3%A9conomique-plus-solide-que-pr%C3%A9vue-au-premier-trimestre-2024\"><strong>Chine<\/strong> : la croissance \u00e9conomique plus solide que pr\u00e9vue au premier trimestre 2024<\/a> (RFI)<\/p>\n\n\n\n<p><a href=\"https:\/\/redirection.b2b.infopro-digital.com\/lnk\/AVkAAD2KJXMAAcXFlS4AAHnKuI0AAABZQUUAANzvAAwsSQBmHWLjVKGPAbi_QLmgswlYF-rnrwAMCy8\/24\/-eQ9GS0x5csq8p7NsUJR7A\/aHR0cHM6Ly93d3cudXNpbmUtZGlnaXRhbGUuZnIvYXJ0aWNsZS9sYS1jaGluZS12ZXV0LWVsaW1pbmVyLWxlcy1wdWNlcy1ldHJhbmdlcmVzLWRlLXNlcy1lcXVpcGVtZW50cy10ZWxlY29tcy5OMjIxMTUxOT91dG1fc291cmNlPW5ld3NsZXR0ZXImdXRtX21lZGl1bT1lbWFpbCZ1dG1fY2FtcGFpZ249aW5mb19sYS1xdW90aWRpZW5uZSZlbWFpbD0yMDQzMzI4NjUzJmlkYmRkPTU2NTU5\" target=\"_blank\" rel=\"noreferrer noopener\">La Chine veut \u00e9liminer les puces \u00e9trang\u00e8res de ses \u00e9quipements t\u00e9l\u00e9coms<\/a> (Usine Digitale)<\/p>\n\n\n\n<p><a href=\"https:\/\/www.rfi.fr\/fr\/afrique\/20240415-guerre-au-soudan-la-conf%C3%A9rence-de-paris-engrange-plus-de-2-milliards-d-euros-de-promesses\"><strong>Soudan<\/strong> : la conf\u00e9rence de Paris engrange plus de 2 milliards \u20ac de promesses<\/a> (RFI)<\/p>\n\n\n\n<p><a href=\"https:\/\/www.connaissancedesenergies.org\/afp\/nigeria-des-ong-demandent-de-ne-pas-autoriser-shell-vendre-sa-filiale-onshore-240415\"><strong>Nig\u00e9ria <\/strong>: des ONG demandent de ne pas autoriser Shell \u00e0 vendre sa filiale onshore<\/a> (AFP)<\/p>\n\n\n\n<p><strong><a href=\"https:\/\/link.newsletter.franceculture.fr\/m\/ml\/7429\/865723\/tEVso3xPuRSrEJcjhjPrpW9C5lXTLJmivm821gAfcU8=\/GWT5gv5aPQ9f8S-+TbEEBN0ZWUppxephJyUgyVKrK74=\/\" target=\"_blank\" rel=\"noreferrer noopener\">Cuba&nbsp;: quand le mod\u00e8le voit rouge<\/a><\/strong> (France Culture)<\/p>\n\n\n\n<p><strong>Analyse<\/strong><\/p>\n\n\n\n<p><a href=\"https:\/\/link.newsletter.franceculture.fr\/m\/ml\/7429\/865920\/J50nAr0gExmbiBmgE--3_W9C5lXTLJmivm821gAfcU8=\/uymRULIvIwytTP1lArdW3RhH-acarCSxAalOzirvNcc=\/\" target=\"_blank\" rel=\"noreferrer noopener\">\u00c0 qui profite la croissance indienne&nbsp;?<\/a> (France Culture)<\/p>\n\n\n\n<p><a href=\"https:\/\/www.alternatives-economiques.fr\/christian-chavagneux\/un-monde-croissance-connaissons-deja-nest-celui-qu\/00110348\" target=\"_blank\" rel=\"noreferrer noopener\"><strong>Un monde sans croissance ? Nous le connaissons d\u00e9j\u00e0 mais ce n&rsquo;est pas celui qui est souhaitable<\/strong><\/a> (Alter \u00e9co)<\/p>\n\n\n\n<p><a href=\"https:\/\/www.oxfamfrance.org\/communiques-de-presse\/reunions-de-printemps-2024\/\">Les in\u00e9galit\u00e9s de revenus explosent dans 60% des pays b\u00e9n\u00e9ficiant de pr\u00eats du FMI et de la Banque mondiale<\/a> (Oxfam)<\/p>\n\n\n\n<p><a href=\"https:\/\/www.ofce.sciences-po.fr\/pdf\/pbrief\/2024\/OFCEpbrief124.pdf\">De la crise COVID au choc inflationniste. Une analyse macro\/micro du pouvoir d\u2019achat en France<\/a>&nbsp;(OFCE pdf)<\/p>\n\n\n\n<p><a href=\"https:\/\/www.xerficanal.com\/economie\/emission\/Olivier-Passet-Desinflation-quand-le-remede-devient-poison-_3752654.html?utm_source=sendinblue&amp;utm_campaign=&amp;utm_medium=email\">D\u00e9sinflation : quand le rem\u00e8de devient poison<\/a>&nbsp;(Xerfi Canal)<\/p>\n\n\n\n<p><a href=\"https:\/\/aplutsoc.org\/2024\/04\/14\/lemergence-du-capitalisme-vue-par-un-medieviste-par-vincent-presumey\/\" target=\"_blank\" rel=\"noreferrer noopener\">L\u2019\u00e9mergence du capitalisme vue par un m\u00e9di\u00e9viste, par Vincent Pr\u00e9sumey.<\/a>&nbsp;(Aplutsoc)<\/p>\n\n\n\n<figure class=\"wp-block-image size-full is-resized\"><img data-recalc-dims=\"1\" loading=\"lazy\" decoding=\"async\" width=\"564\" height=\"441\" src=\"https:\/\/i0.wp.com\/www.rdpemancipation.org\/wp-content\/uploads\/2024\/04\/image-35.png?resize=564%2C441&#038;ssl=1\" alt=\"\" class=\"wp-image-127934\" style=\"width:395px;height:auto\" srcset=\"https:\/\/i0.wp.com\/www.rdpemancipation.org\/wp-content\/uploads\/2024\/04\/image-35.png?w=564&amp;ssl=1 564w, https:\/\/i0.wp.com\/www.rdpemancipation.org\/wp-content\/uploads\/2024\/04\/image-35.png?resize=300%2C235&amp;ssl=1 300w\" sizes=\"auto, (max-width: 564px) 100vw, 564px\" \/><\/figure>\n\n\n\n<p><strong><mark style=\"background-color:rgba(0, 0, 0, 0);color:#ed1010\" class=\"has-inline-color\">15 avril<\/mark><\/strong><\/p>\n\n\n\n<p><strong>France<a><\/a><a><\/a><a><\/a><\/strong><\/p>\n\n\n\n<p><a href=\"https:\/\/www.alternatives-economiques.fr\/amap-resistent-cherchent-a-securiser-modele-circuit-c\/00110080\" target=\"_blank\" rel=\"noreferrer noopener\">Les Amap r\u00e9sistent, mais cherchent encore \u00e0 s\u00e9curiser le mod\u00e8le du circuit court<\/a>&nbsp;(Alter \u00e9co)<\/p>\n\n\n\n<p><a href=\"https:\/\/www.alternatives-economiques.fr\/rachel-silvera\/lindex-egalite-professionnelle-mis-a-lindex\/00110205\" target=\"_blank\" rel=\"noreferrer noopener\">L\u2019index \u00e9galit\u00e9 professionnelle\u2026 mis \u00e0 l\u2019index<\/a>&nbsp;(Alter \u00e9co)<\/p>\n\n\n\n<p><a href=\"https:\/\/www.rue89lyon.fr\/2024\/04\/13\/liquidation-de-railcoop-autopsie-dun-deraillement-annonce\/\" target=\"_blank\" rel=\"noreferrer noopener\">Liquidation de Railcoop : autopsie d\u2019un d\u00e9raillement annonc\u00e9<\/a>&nbsp;(Rue89Lyon)<\/p>\n\n\n\n<p><a href=\"https:\/\/www.mediapart.fr\/journal\/france\/120424\/logement-social-le-gouvernement-annonce-une-mesure-qui-existe-deja\" target=\"_blank\" rel=\"noreferrer noopener\">Logement social : le gouvernement annonce une mesure&#8230; qui existe d\u00e9j\u00e0<\/a>&nbsp;(Mediapart)<\/p>\n\n\n\n<p><a href=\"https:\/\/redirection.b2b.infopro-digital.com\/lnk\/AMcAAD0yK_cAAcXFk5gAAHnKuI0AAABZQUUAANzvAAwsSQBmGB-roO4d5aWoQ0aQIjpufol58wAMCy8\/12\/QsgLx3cXoRnGDXV5dV0lqA\/aHR0cDovL3d3dy51c2luZW5vdXZlbGxlLmNvbS9lZGl0b3JpYWwvNDktc2l0ZXMtaW5kdXN0cmllbHMtdm9udC1zb3J0aXItZHUtemVyby1hcnRpZmljaWFsaXNhdGlvbi1uZXR0ZS5OMjIxMTM5Nz91dG1fc291cmNlPW5ld3NsZXR0ZXImdXRtX21lZGl1bT1lbWFpbCZ1dG1fY2FtcGFpZ249aW5mb19sYS1xdW90aWRpZW5uZSZlbWFpbD0yMDQzMzI4NjUzJmlkYmRkPTU2NTU5\" target=\"_blank\" rel=\"noreferrer noopener\">Une premi\u00e8re liste de projets d&rsquo;usines sortis du \u2018z\u00e9ro artificialisation nette\u2019 publi\u00e9e<\/a> (Usine Nouvelle)&nbsp;<\/p>\n\n\n\n<p><a href=\"https:\/\/api.indigo-net.com\/email\/RedirectionEmailing?mail=n.chevillard@noos.fr&amp;ID=602304&amp;DOCIID=109703480&amp;ENAIID=876252&amp;RETOUR=SIMPLE&amp;link=https:\/\/www.lalettre.fr\/fr\/entreprises_energie-et-environnement\/2024\/04\/12\/framatome-victime-d-un-hacking-d-ampleur-aux-etats-unis,110204156-eve?cxt=PUB&amp;utm_source=LLA&amp;utm_medium=email&amp;utm_campaign=AUTO_EDIT_SOM_PROS\" target=\"_blank\" rel=\"noreferrer noopener\">Framatome victime d&rsquo;un hacking d&rsquo;ampleur aux \u00c9tats-Unis<\/a> (Usine Nouvelle)&nbsp;<\/p>\n\n\n\n<p><a href=\"https:\/\/infos.lemonde.fr\/optiext\/optiextension.dll?ID=%2BDC%2BFGyJeZA2tGJ5W0E_CJfzS2pQPe1O0dLwQXZE0ynshoGVxVHeTdTrSzDfsnW0p6qR0_3VqnpvEfCV9BAk37f4pWSsMO6DdyXXcm%2Bb\" target=\"_blank\" rel=\"noreferrer noopener\">A quoi s\u2019attendre avec le \u00ab&nbsp;passe rail&nbsp;\u00bb promis par Emmanuel Macron&nbsp;?<\/a> (Le Monde)<\/p>\n\n\n\n<p><a href=\"https:\/\/infos.lemonde.fr\/optiext\/optiextension.dll?ID=z76z7TvOxj5anWKljzi6hXo6vf5UrrfJHtUaEPv%2BQfxsY0XPWAXFQh4vZ1_txeSmvPcydaSZAAOnha3onQ3S0S0gBvXZlhUus0dCEC5Y\" target=\"_blank\" rel=\"noreferrer noopener\">A Bergerac, Emmanuel&nbsp;Macron d\u00e9fend une \u00e9conomie de guerre qui \u00ab&nbsp;produit de la richesse&nbsp;\u00bb<\/a> (Le Monde)<\/p>\n\n\n\n<p><a href=\"https:\/\/infos.lemonde.fr\/optiext\/optiextension.dll?ID=C_%2BC8MlPC1I2HPEcTxp_MMcr54gwfEzPE8YHmszVEPz03eMS1Mz2mQBKsaIi_9Pv%2BXUDNAGExsaa7plY3muQTnbDUrK5Hrx2nl%2Bg%2BR8r\" target=\"_blank\" rel=\"noreferrer noopener\">Les pistes du gouvernement pour r\u00e9aliser 20&nbsp;milliards \u20ac d\u2019\u00e9conomies en&nbsp;2025<\/a> (Le Monde)<\/p>\n\n\n\n<p><strong>Monde<\/strong><\/p>\n\n\n\n<p><a href=\"https:\/\/www.imf.org\/fr\/Blogs\/Articles\/2024\/04\/09\/emerging-markets-are-exercising-greater-global-sway\">Les pays \u00e9mergents p\u00e8sent plus lourd sur l\u2019\u00e9chiquier \u00e9conomique mondial<\/a>&nbsp;(FMI blog)<\/p>\n\n\n\n<p><a href=\"https:\/\/redirection.b2b.infopro-digital.com\/lnk\/AWUAAD6UbUYAAcXFlMIAAHnKuI0AAABZQTkAANzxAAwsSQBmHMdMkv5wHyG3Th6v7d6K2fFacQAMCy8\/18\/KF8M93tdiABzwzUcM9cCPA\/aHR0cDovL3d3dy51c2luZS1kaWdpdGFsZS5mci9hcnRpY2xlL2Rlcy1oYWNrZXJzLXJ1c3Nlcy1zb250LWJpZW4tYS1sLW9yaWdpbmUtZGUtbGEtY3liZXJhdHRhcXVlLWNvbnRyZS1taWNyb3NvZnQtZW4tamFudmllci5OMjIxMTQ5MD91dG1fc291cmNlPW5ld3NsZXR0ZXImdXRtX21lZGl1bT1lbWFpbCZ1dG1fY2FtcGFpZ249aW5mb191ZC1xdW90aWRpZW5uZSZlbWFpbD0yMDQzMzI4NjUzJmlkYmRkPTU2NTYx\" target=\"_blank\" rel=\"noreferrer noopener\">Des hackers russes sont bien \u00e0 l\u2019origine de la cyberattaque contre Microsoft en janvier<\/a> (Usine Digitale)<\/p>\n\n\n\n<p><a href=\"https:\/\/www.humanite.fr\/monde\/allemagne\/allemagne-quand-les-deregulations-sociales-minent-le-modele-economique\" target=\"_blank\" rel=\"noreferrer noopener\">Allemagne : quand les d\u00e9r\u00e9gulations sociales minent le \u00ab mod\u00e8le \u00e9conomique \u00bb<\/a>&nbsp;(L\u2019Humanit\u00e9)<\/p>\n\n\n\n<p><a href=\"https:\/\/www.blast-info.fr\/emissions\/2024\/h-m-ikea-etc-le-vrai-visage-des-multinationales-V9nOeQvDTA-KLe_hgEQ4ag\" target=\"_blank\" rel=\"noreferrer noopener\"><strong>H&amp;M, Ikea etc : le vrai visage des multinationales<\/strong><\/a>(Blast)<\/p>\n\n\n\n<p><a href=\"https:\/\/www.boursorama.com\/actualite-economique\/actualites\/kristalina-georgieva-nommee-pour-un-second-mandat-a-la-tete-du-fmi-ff14be4c4a61e6def13e2a029094b746\">Kristalina Georgieva nomm\u00e9e pour un second mandat \u00e0 la t\u00eate du FMI<\/a> (Reuters)<\/p>\n\n\n\n<p><a href=\"https:\/\/www.connaissancedesenergies.org\/afp\/usa-extraire-gaz-ou-petrole-sur-des-terrains-publics-va-couter-beaucoup-plus-cher-240412\">USA : extraire gaz ou p\u00e9trole sur des terrains publics va co\u00fbter beaucoup plus cher<\/a> (AFP)&nbsp;&nbsp;<\/p>\n\n\n\n<p><a href=\"https:\/\/www.connaissancedesenergies.org\/afp\/un-prix-plafond-sur-le-gnl-russe-aurait-reduit-les-recettes-de-moscou-de-60-etude-240412\">Un prix plafond sur le GNL russe aurait r\u00e9duit les recettes de Moscou de 60% (\u00e9tude)<\/a> (AFP)&nbsp;&nbsp;<\/p>\n\n\n\n<p><a href=\"https:\/\/www.connaissancedesenergies.org\/afp\/petrole-la-croissance-de-la-consommation-mondiale-continue-de-sessouffler-selon-laie-240412\">P\u00e9trole : la croissance de la consommation mondiale continue de \u00abs&rsquo;essouffler\u00bb selon l&rsquo;AIE<\/a> (AFP)<strong>&nbsp;&nbsp;<\/strong><\/p>\n\n\n\n<p><a href=\"https:\/\/infos.lemonde.fr\/optiext\/optiextension.dll?ID=hLKhIIxnfIlVDH0l9rdyPElR9hlZF1yUec6nDOYoJ6mMUs4xULr_jRzubbyi85RNqrPinhIHdGJjBcH7gZnNCPFhbmaPIy2gQ55iXXhZ\" target=\"_blank\" rel=\"noreferrer noopener\">Le \u00ab&nbsp;halving&nbsp;\u00bb, ou quand le bitcoin orchestre sa propre raret\u00e9<\/a> (Le Monde)<\/p>\n\n\n\n<p><strong><a href=\"https:\/\/investigaction.net\/leurope-genereuse-en-subventions-scientifiques-a-israel-en-plein-genocide-a-gaza\/\">L\u2019Europe g\u00e9n\u00e9reuse en subventions scientifiques \u00e0 Isra\u00ebl en plein g\u00e9nocide \u00e0 Gaza<\/a>&nbsp;<\/strong>(Investigaction)<\/p>\n\n\n\n<p><strong>Analyse<\/strong><\/p>\n\n\n\n<p><strong><a href=\"https:\/\/www.blast-info.fr\/articles\/2024\/atos-anatomie-dune-chute-1-breton-co-les-mousquetaires-du-declin-x2agXbYJSaW5vmdLO3I4ZQ\" target=\"_blank\" rel=\"noreferrer noopener\">Atos, anatomie d\u2019une chute #1 : Breton &amp; co, les mousquetaires du d\u00e9clin<\/a><\/strong>&nbsp;(Blast)<\/p>\n\n\n\n<p><a href=\"https:\/\/tracking.connaissancedesenergies.org\/tracking\/click?d=5jzIuTg_QAdYgCzMWU8XB-hORa1PKSX7m-Gh5m5O2qSghS87EQBe5U_fv3QI1EvixFNxgtdVhQDAaJIAmxmrYDIfnQBU-X8Iia4ivpeVE3Nx4ZXMww5cTk36SDmcI87knnKevZjIdhinsnWqKtJqW5M-2s0febFvqoQnA33UA-sRN-eGkilPYlvik2m2NrrNp43W9Bi4PC4IhCak5Vh2tp97IV0xe2ilDCJJ5sdeT2WU2rhcE3moc7OMYJ0wxRPnXufBbVkSyyF0yEnV68OnyB5p7CQbz2rZva8BETZXHWc6zd1xATOQ2odY92CCavJEfS10fMYJRkjbGgrULeeGLhdLEoIBLQ7YiH0nuGjqI1K_wmhLm6HrHWhdFaTkbYU-J1AMxGsU3f7DeGJR8mVRvWsZ0MNd8DGv5LjRV5BJnuzu0\" target=\"_blank\" rel=\"noreferrer noopener\">L&rsquo;\u00e9lectricit\u00e9 en France en 2023 : production, consommation, prix<\/a> (Connaissance des \u00e9nergies)&nbsp;&nbsp;<\/p>\n\n\n\n<p><a href=\"https:\/\/infos.lemonde.fr\/optiext\/optiextension.dll?ID=C_%2BC7NJSoPjw8LqO1bcbmiOOK9O9OBpFZrcZpsM0gJ5qJZiS0ddm6_PbWqSgcA7aJyyHTnMk5sAvlDnQxGlQltoYJtL%2BR0NpiuL8%2Bl8L\" target=\"_blank\" rel=\"noreferrer noopener\">Evasion fiscale&nbsp;: les Panama Papers et autres leaks ont rapport\u00e9 450&nbsp;millions \u20ac \u00e0 la France<\/a> (Le Monde)<\/p>\n\n\n\n<p><a href=\"https:\/\/infos.lemonde.fr\/optiext\/optiextension.dll?ID=fNMfGYqad8tcyp3Hm9z8sQL3lEtuuNRb883%2BPMpcT0_3L9ivSCEw1iH0RSl8ugP4Jz4DcRtdqRc9N0cb442U2JZ5WL4gML_rMu8XLrfX\" target=\"_blank\" rel=\"noreferrer noopener\">Les r\u00e8gles budg\u00e9taires europ\u00e9ennes emp\u00eachent les investissements verts et sociaux n\u00e9cessaires, selon une \u00e9tude<\/a> (Le Monde)<\/p>\n\n\n\n<p><strong><a href=\"https:\/\/lvsl.fr\/jules-boykoff-les-jo-cest-leconomie-du-ruissellement-inverse\/\" target=\"_blank\" rel=\"noreferrer noopener\">Jules Boykoff : \u00ab Les JO, c\u2019est l\u2019\u00e9conomie du ruissellement invers\u00e9 \u00bb<\/a>&nbsp;<\/strong>(Le Vent Se L\u00e8ve)<\/p>\n\n\n\n<figure class=\"wp-block-image size-full is-resized\"><img data-recalc-dims=\"1\" loading=\"lazy\" decoding=\"async\" width=\"741\" height=\"422\" src=\"https:\/\/i0.wp.com\/www.rdpemancipation.org\/wp-content\/uploads\/2024\/04\/image-31.png?resize=741%2C422&#038;ssl=1\" alt=\"\" class=\"wp-image-127862\" style=\"width:422px;height:auto\" srcset=\"https:\/\/i0.wp.com\/www.rdpemancipation.org\/wp-content\/uploads\/2024\/04\/image-31.png?w=741&amp;ssl=1 741w, https:\/\/i0.wp.com\/www.rdpemancipation.org\/wp-content\/uploads\/2024\/04\/image-31.png?resize=300%2C171&amp;ssl=1 300w\" sizes=\"auto, (max-width: 741px) 100vw, 741px\" \/><\/figure>\n\n\n\n<p><strong><mark style=\"background-color:rgba(0, 0, 0, 0);color:#ed1010\" class=\"has-inline-color\">12 avril<\/mark><\/strong><\/p>\n\n\n\n<p><strong>France<\/strong><\/p>\n\n\n\n<p><strong><a href=\"https:\/\/www.liberation.fr\/economie\/simplification-du-droit-minier-le-gouvernement-veut-accelerer-lexploitation-des-sols-francais-20240412_VANRPFBSJREF5AJKZZE5OTPIZA\/\">\u00abSimplification\u00bb du droit minier&nbsp;: le gouvernement veut acc\u00e9l\u00e9rer l\u2019exploitation des sols fran\u00e7ais<\/a> <\/strong>(Lib\u00e9ration)<\/p>\n\n\n\n<p><a href=\"https:\/\/www.humanite.fr\/en-debat\/agriculture\/les-pme-de-lagroalimentaire-et-la-loi-dorientation\" target=\"_blank\" rel=\"noreferrer noopener\">Les PME de l\u2019agroalimentaire et la loi d\u2019orientation<\/a>&nbsp;(L\u2019Humanit\u00e9)<\/p>\n\n\n\n<p><a href=\"https:\/\/reporterre.net\/Hors-la-loi-la-France-decide-son-futur-energetique-sans-debat-democratique\" target=\"_blank\" rel=\"noreferrer noopener\">\u00ab&nbsp;Hors-la-loi&nbsp;\u00bb, le gouvernement impose sans d\u00e9bat le futur \u00e9nerg\u00e9tique de la France<\/a>&nbsp;(Reporterre)<\/p>\n\n\n\n<p><a href=\"https:\/\/www.alternatives-economiques.fr\/timothee-duverger\/benoit-hamon-une-voix-politique-leconomie-sociale-solidaire\/00110316\" target=\"_blank\" rel=\"noreferrer noopener\">Beno\u00eet Hamon, une voix politique pour l&rsquo;\u00e9conomie sociale et solidaire<\/a>&nbsp;(Alter \u00e9co)<\/p>\n\n\n\n<p><a href=\"https:\/\/www.alternatives-economiques.fr\/entreprises-tirent-profit-boom-marche-de-loccasion\/00109770\" target=\"_blank\" rel=\"noreferrer noopener\">Comment les entreprises tirent profit du boom du march\u00e9 de l&rsquo;occasion<\/a>&nbsp;(Alter \u00e9co)<\/p>\n\n\n\n<p><strong>Analyse<\/strong><\/p>\n\n\n\n<p><strong><a href=\"https:\/\/www.mediapart.fr\/journal\/economie-et-social\/110424\/finances-publiques-le-cas-d-ecole-du-bouclier-tarifaire\" target=\"_blank\" rel=\"noreferrer noopener\">Finances publiques : le cas d\u2019\u00e9cole du bouclier tarifaire<\/a><\/strong> -Martine Orange (Mediapart)<\/p>\n\n\n\n<p><a href=\"https:\/\/www.alternatives-economiques.fr\/1914-1918-a-quoi-reflechissent-economistes-pendant-guerre\/00109597\" target=\"_blank\" rel=\"noreferrer noopener\">1914-1918 : A quoi r\u00e9fl\u00e9chissent les \u00e9conomistes pendant la guerre ?<\/a>&nbsp;(Alter \u00e9co)<\/p>\n\n\n\n<figure class=\"wp-block-image size-full is-resized\"><img data-recalc-dims=\"1\" loading=\"lazy\" decoding=\"async\" width=\"555\" height=\"250\" src=\"https:\/\/i0.wp.com\/www.rdpemancipation.org\/wp-content\/uploads\/2024\/04\/Capture-eco-et-guerre.png?resize=555%2C250&#038;ssl=1\" alt=\"\" class=\"wp-image-127864\" style=\"width:426px;height:auto\" srcset=\"https:\/\/i0.wp.com\/www.rdpemancipation.org\/wp-content\/uploads\/2024\/04\/Capture-eco-et-guerre.png?w=555&amp;ssl=1 555w, https:\/\/i0.wp.com\/www.rdpemancipation.org\/wp-content\/uploads\/2024\/04\/Capture-eco-et-guerre.png?resize=300%2C135&amp;ssl=1 300w\" sizes=\"auto, (max-width: 555px) 100vw, 555px\" \/><\/figure>\n\n\n\n<p><strong><mark style=\"background-color:rgba(0, 0, 0, 0);color:#ed1010\" class=\"has-inline-color\">11 avril<\/mark><\/strong><\/p>\n\n\n\n<p><strong>France<\/strong><\/p>\n\n\n\n<p><a href=\"https:\/\/www.humanite.fr\/social-et-economie\/collectivites-locales\/austerite-10-milliards-deconomies-supplementaires-bercy-assene-un-remede-de-cheval-aux-services-publics\" target=\"_blank\" rel=\"noreferrer noopener\">Bercy ass\u00e8ne un rem\u00e8de de cheval aux services publics<\/a>&nbsp;(L\u2019Humanit\u00e9)<\/p>\n\n\n\n<p><a href=\"https:\/\/www.connaissancedesenergies.org\/afp\/le-petrolier-exxonmobil-se-deleste-dune-partie-de-ses-sites-en-france-et-supprime-677-emplois-240411\">Le p\u00e9trolier ExxonMobil se d\u00e9leste d&rsquo;une partie de ses sites en France et supprime 677 emplois<\/a> (AFP)<\/p>\n\n\n\n<p><a href=\"https:\/\/www.connaissancedesenergies.org\/afp\/le-gouvernement-adoptera-finalement-sa-feuille-de-route-energetique-par-decret-lissue-dune-consultation-du-public-240411\">Le gouvernement adoptera finalement sa feuille de route \u00e9nerg\u00e9tique par d\u00e9cret \u00e0 l&rsquo;issue d&rsquo;une consultation <\/a>&nbsp;(AFP)<\/p>\n\n\n\n<p><a href=\"https:\/\/www.boursorama.com\/videos\/actualites\/la-france-en-economie-de-guerre-b1ca976f3867b82354a4e1a7545e7d00\">La France, en \u00e9conomie de guerre ?<\/a> (France 24) &nbsp;<\/p>\n\n\n\n<p><a href=\"https:\/\/www.boursorama.com\/videos\/actualites\/vinci-stellantis-totalenergies-le-climat-et-les-remunerations-encore-au-centre-des-ag-417ed362f192e5c872cd4d328c450848\">Vinci, Stellantis, TotalEnergies : le climat et les r\u00e9mun\u00e9rations encore au centre des AG ?<\/a> (Ecorama)<\/p>\n\n\n\n<p><a href=\"https:\/\/www.boursorama.com\/actualite-economique\/actualites\/les-defaillances-d-entreprises-au-plus-haut-depuis-neuf-ans-en-debut-d-annee-selon-altares-197e49340d574410f6dfad8ac03ae533\">Les d\u00e9faillances d&rsquo;entreprises au plus haut depuis neuf ans en d\u00e9but d&rsquo;ann\u00e9e, selon Altares<\/a> (Boursorama)&nbsp;&nbsp;<\/p>\n\n\n\n<p><a href=\"https:\/\/www.youtube.com\/watch?v=BXSg8sFZN90&amp;pp=ygUPbWljaGFlbCB6ZW1tb3Vy\" target=\"_blank\" rel=\"noreferrer noopener\"><strong>L&rsquo;interview de Micha\u00ebl Zemmour, \u00e9conomiste<\/strong><\/a>(RMC)<\/p>\n\n\n\n<p><strong><a href=\"https:\/\/www.boursorama.com\/actualite-economique\/actualites\/assurance-chomage-le-medef-ne-voit-pas-l-urgence-d-une-nouvelle-reforme-b753ec4f4b8cb6fcc9b3f0bf368cf7b9\">Assurance ch\u00f4mage : le Medef ne voit pas \u2018l&rsquo;urgence\u2019 d&rsquo;une nouvelle r\u00e9forme<\/a><\/strong> (Boursorama) (!)<\/p>\n\n\n\n<p><strong>Monde<\/strong><\/p>\n\n\n\n<p><a href=\"https:\/\/www.connaissancedesenergies.org\/afp\/petrole-lopep-maintient-ses-previsions-sur-la-progression-de-la-consommation-mondiale-en-2024-240411\">P\u00e9trole : l&rsquo;OPEP maintient ses pr\u00e9visions sur la progression de la consommation mondiale en 2024<\/a> (AFP)<\/p>\n\n\n\n<p><a href=\"https:\/\/www.connaissancedesenergies.org\/afp\/au-venezuela-chute-de-lex-tsar-du-petrole-tareck-el-aissami-240411\">Au Venezuela, chute de l&rsquo;ex-tsar du p\u00e9trole Tareck El Aissami<\/a> (AFP)<\/p>\n\n\n\n<p><a href=\"https:\/\/www.connaissancedesenergies.org\/gnl-la-russie-tres-dependante-du-marche-europeen-240411\">GNL : la Russie tr\u00e8s d\u00e9pendante du march\u00e9 europ\u00e9en<\/a> (CDE)<\/p>\n\n\n\n<p><a href=\"https:\/\/www.boursorama.com\/actualite-economique\/actualites\/nouveau-record-de-l-aide-publique-au-developpement-en-2023-entraine-par-l-ukraine-selon-l-ocde-e37152cd3ee19c1d73b8c3043d36478c\">Record de l&rsquo;aide publique au d\u00e9veloppement en 2023, entra\u00een\u00e9 par l&rsquo;Ukraine, selon l&rsquo;OCDE<\/a> (AFP)<\/p>\n\n\n\n<p><a href=\"https:\/\/siecledigital.fr\/2024\/04\/09\/la-degringolade-continue-pour-le-reseau-social-de-donald-trump\/#utm_source=Newsletter+Siecle+Digital&amp;utm_campaign=80a6333ebc-rss_quotidienne&amp;utm_medium=email&amp;utm_term=0_3b73bad11a-80a6333ebc-259745794\">USA. La d\u00e9gringolade continue pour le r\u00e9seau social de Donald Trump<\/a>&nbsp;(Si\u00e8cle digital)<\/p>\n\n\n\n<p><a href=\"https:\/\/siecledigital.fr\/2024\/04\/09\/la-chine-fait-tourner-la-planche-a-billets-pour-doper-son-industrie-technologique\/#utm_source=Newsletter+Siecle+Digital&amp;utm_campaign=80a6333ebc-rss_quotidienne&amp;utm_medium=email&amp;utm_term=0_3b73bad11a-80a6333ebc-259745794\">La Chine fait tourner la planche \u00e0 billets pour doper son industrie technologique<\/a>&nbsp;(Si\u00e8cle digital)<\/p>\n\n\n\n<p><strong>Analyse<\/strong><\/p>\n\n\n\n<p><strong><a href=\"https:\/\/www.lemonde.fr\/politique\/article\/2024\/04\/05\/assurance-chomage-fin-2023-l-administration-avait-alerte-l-executif-sur-les-risques-d-une-nouvelle-reforme_6226124_823448.html\" target=\"_blank\" rel=\"noreferrer noopener\">Assurance-ch\u00f4mage : \u00e0 la fin de 2023, l\u2019administration avait alert\u00e9 l\u2019ex\u00e9cutif des risques d\u2019une nouvelle r\u00e9forme<\/a>&nbsp;<\/strong>(Le Monde)<\/p>\n\n\n\n<p><a href=\"https:\/\/www.alternatives-economiques.fr\/france-symbole-de-concentration-richesses-3-autres-infographies-a\/00110323\" target=\"_blank\" rel=\"noreferrer noopener\">La France, symbole de la concentration des richesses et 3 autres infographies<\/a>&nbsp;(Alter \u00e9co)<\/p>\n\n\n\n<p><strong><mark style=\"background-color:rgba(0, 0, 0, 0);color:#ed1010\" class=\"has-inline-color\">10 avril<\/mark><\/strong><\/p>\n\n\n\n<p><strong>France<\/strong><\/p>\n\n\n\n<p><a href=\"https:\/\/www.alternatives-economiques.fr\/nicolas-da-silva\/taxe-lapin-attal-rehabilite-mythe-patient-fraudeur-faire-oublier-l\/00110295\" target=\"_blank\" rel=\"noreferrer noopener\">Taxe lapin : Attal r\u00e9habilite le mythe du patient fraudeur pour faire oublier le recul de l&rsquo;Etat<\/a>&nbsp;(Alter \u00e9co)<\/p>\n\n\n\n<p><a href=\"https:\/\/www.lemediatv.fr\/emissions\/2024\/deficits-pourquoi-macron-le-mozart-de-la-finance-est-dans-la-mouise-mTrspXTDRNqDG60NF5Bvgw\" target=\"_blank\" rel=\"noreferrer noopener\">D\u00e9ficits : pourquoi Macron, le \u00ab\u00a0Mozart de la finance\u00a0\u00bb, est dans la mouise<\/a>&nbsp;(Le M\u00e9dia)<\/p>\n\n\n\n<p><a href=\"https:\/\/www.rfi.fr\/fr\/%C3%A9conomie\/20240409-pour-contrer-les-produits-chinois-en-europe-la-france-d%C3%A9fend-l-id%C3%A9e-de-pr%C3%A9f%C3%A9rence-europ%C3%A9enne\">Pour contrer les produits chinois en Europe, la France d\u00e9fend l&rsquo;id\u00e9e de \u00abpr\u00e9f\u00e9rence europ\u00e9enne\u00bb<\/a> (RFI)<a href=\"https:\/\/www.francetvinfo.fr\/economie\/croissance\/la-croissance-francaise-va-patir-des-plans-d-economies-du-gouvernement-previent-l-ofce_6478061.html\"><\/a><\/p>\n\n\n\n<p><a href=\"https:\/\/www.francetvinfo.fr\/economie\/croissance\/la-croissance-francaise-va-patir-des-plans-d-economies-du-gouvernement-previent-l-ofce_6478061.html\">La croissance fran\u00e7aise va p\u00e2tir des plans d&rsquo;\u00e9conomies du gouvernement, pr\u00e9vient l&rsquo;OFCE<\/a> (France Info)<a href=\"https:\/\/www.francetvinfo.fr\/societe\/nucleaire\/surete-nucleaire-l-assemblee-nationale-approuve-a-nouveau-la-fusion-decriee-asn-irsn-avant-un-ultime-vote-du-senat_6476744.html\"><\/a><\/p>\n\n\n\n<p><a href=\"https:\/\/www.francetvinfo.fr\/societe\/nucleaire\/surete-nucleaire-l-assemblee-nationale-approuve-a-nouveau-la-fusion-decriee-asn-irsn-avant-un-ultime-vote-du-senat_6476744.html\">Nucl\u00e9aire&nbsp;: la fusion d\u00e9cri\u00e9e de l&rsquo;ASN et l&rsquo;IRSN d\u00e9finitivement adopt\u00e9e au Parlement, apr\u00e8s le feu vert du S\u00e9nat<\/a> (France Info)<a href=\"https:\/\/www.francetvinfo.fr\/societe\/nucleaire\/surete-nucleaire-l-assemblee-nationale-approuve-a-nouveau-la-fusion-decriee-asn-irsn-avant-un-ultime-vote-du-senat_6476744.html\"><\/a><\/p>\n\n\n\n<p><a href=\"https:\/\/www.rfi.fr\/fr\/monde\/20240410-des-ong-exhortent-banques-et-investisseurs-de-ne-plus-pr%C3%AAter-d-argent-%C3%A0-totalenergies\"><strong>Des ONG exhortent banques et investisseurs de ne plus pr\u00eater d&rsquo;argent \u00e0 TotalEnergies<\/strong><\/a> (RFI)<\/p>\n\n\n\n<p><a href=\"https:\/\/www.mediacites.fr\/breve\/nantes\/2024\/04\/10\/notre-dame-des-landes-pas-indemnisation-pour-vinci-pour-le-moment\/\" target=\"_blank\" rel=\"noreferrer noopener\">Notre-Dame-des-Landes : pas d\u2019indemnisation pour Vinci\u2026 pour le moment<\/a> (Mediacit\u00e9s)<\/p>\n\n\n\n<p><a href=\"https:\/\/redirection.b2b.infopro-digital.com\/lnk\/AMcAADzcCPQAAcXFkWYAAHnKuI0AAABZQUUAANz4AAwsSQBmFPEcOwmkeY99QbSR8J81NsAN4QAMCy8\/2\/isHKWmmswZMg73wp276G_Q\/aHR0cHM6Ly93d3cudXNpbmVub3V2ZWxsZS5jb20vYXJ0aWNsZS9hdG9zLWRlY3JvY2hlLXVuLWZpbmFuY2VtZW50LWRlLTQ1MC1taWxsaW9ucy1kLWV1cm9zLWluY2x1YW50LXVuLXByZXQtZGUtbC1ldGF0LWRlLTUwLW1pbGxpb25zLWQtZXVyb3MuTjIyMTEyNzI_dXRtX3NvdXJjZT1uZXdzbGV0dGVyJnV0bV9tZWRpdW09ZW1haWwmdXRtX2NhbXBhaWduPWluZm9fZmxhc2gmZW1haWw9MjA0MzMyODY1MyZpZGJkZD01NjU2OA\" target=\"_blank\" rel=\"noreferrer noopener\">Atos d\u00e9croche un financement de 450 mns \u20ac, incluant un pr\u00eat de l&rsquo;Etat de 50 mns \u20ac<\/a> (Usine Nouvelle) &nbsp;<\/p>\n\n\n\n<p><strong>Monde<\/strong><\/p>\n\n\n\n<p><a href=\"https:\/\/www.connaissancedesenergies.org\/afp\/le-dereglement-climatique-va-decimer-les-economies-du-g20-avertit-le-chef-de-lonu-climat-240410\">Le d\u00e9r\u00e8glement climatique va \u00ab\u00a0d\u00e9cimer les \u00e9conomies du G20\u00a0\u00bb, avertit le chef de l&rsquo;ONU Climat<\/a> (AFP)<\/p>\n\n\n\n<p><a href=\"https:\/\/www.rfi.fr\/fr\/en-bref\/20240410-fitch-abaisse-%C3%A0-n%C3%A9gative-la-perspective-de-la-note-souveraine-de-la-dette-chinoise\">Fitch abaisse \u00e0 \u00abn\u00e9gative\u00bb la perspective de la note souveraine de la dette chinoise<\/a> (RFI)<\/p>\n\n\n\n<p><a href=\"https:\/\/www.rfi.fr\/fr\/%C3%A9conomie\/20240408-le-pacte-de-stabilit%C3%A9-europ%C3%A9en-est-incompatible-avec-les-objectifs-sociaux-selon-les-syndicats-europ%C3%A9ens\"><strong>Le pacte de stabilit\u00e9 est incompatible avec les objectifs sociaux, selon les syndicats europ\u00e9ens<\/strong><\/a>(RFI)<\/p>\n\n\n\n<p><a href=\"https:\/\/www.alternatives-economiques.fr\/lhydrogene-importe-sera-vert-leurope-maghreb\/00110304\" target=\"_blank\" rel=\"noreferrer noopener\">L\u2019hydrog\u00e8ne import\u00e9 sera \u00ab vert \u00bb pour l\u2019Europe, moins pour le Maghreb<\/a>(Alter \u00e9co)<\/p>\n\n\n\n<p><a href=\"https:\/\/www.connaissancedesenergies.org\/afp\/climat-des-regles-pour-reduire-les-emissions-de-methane-validees-par-les-eurodeputes-240410\">Climat : des r\u00e8gles pour r\u00e9duire les \u00e9missions de m\u00e9thane valid\u00e9es par les eurod\u00e9put\u00e9s<\/a> (AFP)<\/p>\n\n\n\n<p><a href=\"https:\/\/redirection.b2b.infopro-digital.com\/lnk\/AVIAADyWxEEAAcXFkfQAAHnKuI0AAABZQTkAIBQRAAwsSQBmFW1iNYIjWFm7T42ctITzkAzXSAAMCy8\/7\/4YyRK5yFmWWKq3srit8Uvw\/aHR0cHM6Ly93d3cudXNpbmUtZGlnaXRhbGUuZnIvYXJ0aWNsZS9pYS1hbWF6b24tcmV0aXJlLXNhLXRlY2hub2xvZ2llLWp1c3Qtd2Fsay1vdXQtZGUtc2VzLW1hZ2FzaW5zLk4yMjExMDQyP3V0bV9zb3VyY2U9bmV3c2xldHRlciZ1dG1fbWVkaXVtPWVtYWlsJnV0bV9jYW1wYWlnbj1pbmZvX3VkLWlhLWluc2lkZXImZW1haWw9MjA0MzMyODY1MyZpZGJkZD0yMTAyMjgy\" target=\"_blank\" rel=\"noreferrer noopener\">Amazon retire sa technologie de paiement sans caisse \u00ab\u00a0Just Walk Out\u00a0\u00bb de ses magasins aux USA<\/a> (Usine Digitale)<\/p>\n\n\n\n<p><a href=\"https:\/\/redirection.b2b.infopro-digital.com\/lnk\/AUgAADyyhKQAAcXFkhoAAHnKuI0AAABZQTkAANzxAAwsSQBmFibxmx-h2m6wT9i1AVFO0A0v4wAMCy8\/17\/VcYQ5yqxG0iEju1uiMxppg\/aHR0cDovL3d3dy51c2luZS1kaWdpdGFsZS5mci9hcnRpY2xlL2xlcy1ldGF0cy11bmlzLWFycm9zZW50LWxlLWdlYW50LXRzbWMtZGUtbWlsbGlhcmRzLWRlLXN1YnZlbnRpb25zLk4yMjExMjc3P3V0bV9zb3VyY2U9bmV3c2xldHRlciZ1dG1fbWVkaXVtPWVtYWlsJnV0bV9jYW1wYWlnbj1pbmZvX3VkLXF1b3RpZGllbm5lJmVtYWlsPTIwNDMzMjg2NTMmaWRiZGQ9NTY1NjE\" target=\"_blank\" rel=\"noreferrer noopener\">Les Etats-Unis arrosent le fondeur TSMC de milliards de subventions<\/a> (Usine Digitale)<\/p>\n\n\n\n<p><a href=\"https:\/\/redirection.b2b.infopro-digital.com\/lnk\/AWkAAD7gugsAAcXFkVIAAHnKuI0AAABZQTkAANzxAAwsSQBmFN56YpW_zQcGSiOb7UhfQ9zKcwAMCy8\/30\/-0X4RxiMA_tTwe68S6Xp9A\/aHR0cDovL3d3dy51c2luZS1kaWdpdGFsZS5mci9lZGl0b3JpYWwva29uaWNhLW1pbm9sdGEtbGljZW5jaWUtMjQwMC1zYWxhcmllcy1ldC1zb3VoYWl0ZS1tZXR0cmUtbC1hY2NlbnQtc3VyLWwtaWEtZ2VuZXJhdGl2ZS5OMjIxMTI1NT91dG1fc291cmNlPW5ld3NsZXR0ZXImdXRtX21lZGl1bT1lbWFpbCZ1dG1fY2FtcGFpZ249aW5mb191ZC1xdW90aWRpZW5uZSZlbWFpbD0yMDQzMzI4NjUzJmlkYmRkPTU2NTYx\" target=\"_blank\" rel=\"noreferrer noopener\">Konica Minolta licencie 2400 salari\u00e9s et souhaite mettre l\u2019accent sur l\u2019IA g\u00e9n\u00e9rative<\/a> (Usine Digitale)<\/p>\n\n\n\n<p><a href=\"https:\/\/redirection.b2b.infopro-digital.com\/lnk\/AWYAAD8_Y6wAAcXFkI4AAHnKuI0AAABZQTkAANzxAAwsSQBmE4zrJYI3PazKSH-KvGzEXAfQpgAMCy8\/13\/5NIqfQcUZGRcOZ-K2Wor5w\/aHR0cDovL3d3dy51c2luZS1kaWdpdGFsZS5mci9lZGl0b3JpYWwvdW4tbW9pcy1hcHJlcy1sLWFiYW5kb24tZGUtc29uLXByb2pldC1kZS12b2l0dXJlLWVsZWN0cmlxdWUtYXBwbGUtbGljZW5jaWUtNjAwLXNhbGFyaWVzLk4yMjExMTY2P3V0bV9zb3VyY2U9bmV3c2xldHRlciZ1dG1fbWVkaXVtPWVtYWlsJnV0bV9jYW1wYWlnbj1pbmZvX3VkLXF1b3RpZGllbm5lJmVtYWlsPTIwNDMzMjg2NTMmaWRiZGQ9NTY1NjE\" target=\"_blank\" rel=\"noreferrer noopener\">Un mois apr\u00e8s l\u2019abandon de son projet de voiture \u00e9lectrique, Apple licencie 600 salari\u00e9s<\/a> (Usine Digitale)<\/p>\n\n\n\n<p><strong>Analyse<\/strong><\/p>\n\n\n\n<p><a href=\"https:\/\/www.alternatives-economiques.fr\/desmicardiser-france-faut-augmenter-tva-sociale\/00110305\" target=\"_blank\" rel=\"noreferrer noopener\">Pour \u00ab d\u00e9smicardiser \u00bb la France, faut-il augmenter la TVA sociale ?<\/a>&nbsp;(Alter \u00e9co)<\/p>\n\n\n\n<p><a href=\"https:\/\/www.connaissancedesenergies.org\/tribune-actualite-energies\/le-prix-du-quota-de-co2-en-europe-baisse-dun-tiers-depuis-lete-2023-explication\">Le prix du quota de CO2 en Europe a baiss\u00e9 d&rsquo;un tiers depuis l&rsquo;\u00e9t\u00e9 2023 : explication&#8230;<\/a> (Connaissance des \u00e9nergies)&nbsp; &nbsp;<\/p>\n\n\n\n<p><a href=\"https:\/\/www.politis.fr\/articles\/2024\/04\/rehabiliter-limpot\/\" target=\"_blank\" rel=\"noreferrer noopener\">R\u00e9habiliter l\u2019imp\u00f4t<\/a>&nbsp;(Politis)<\/p>\n\n\n\n<figure class=\"wp-block-image size-full is-resized\"><img data-recalc-dims=\"1\" loading=\"lazy\" decoding=\"async\" width=\"492\" height=\"328\" src=\"https:\/\/i0.wp.com\/www.rdpemancipation.org\/wp-content\/uploads\/2024\/04\/image-27.png?resize=492%2C328&#038;ssl=1\" alt=\"\" class=\"wp-image-127717\" style=\"width:411px;height:auto\" srcset=\"https:\/\/i0.wp.com\/www.rdpemancipation.org\/wp-content\/uploads\/2024\/04\/image-27.png?w=492&amp;ssl=1 492w, https:\/\/i0.wp.com\/www.rdpemancipation.org\/wp-content\/uploads\/2024\/04\/image-27.png?resize=300%2C200&amp;ssl=1 300w\" sizes=\"auto, (max-width: 492px) 100vw, 492px\" \/><\/figure>\n\n\n\n<p><strong><mark style=\"background-color:rgba(0, 0, 0, 0);color:#ed1010\" class=\"has-inline-color\">9 avril<\/mark><\/strong><\/p>\n\n\n\n<p><strong>France<\/strong><\/p>\n\n\n\n<p><a href=\"https:\/\/reporterre.net\/Trois-syndicats-agricoles-s-allient-pour-demander-des-prix-plancher\" target=\"_blank\" rel=\"noreferrer noopener\">Prix planchers&nbsp;: trois syndicats agricoles envoient une lettre \u00e0 Macron<\/a>&nbsp;(Reporterre)<\/p>\n\n\n\n<p><a href=\"https:\/\/r.info.newsletter-dgtresor.fr\/mk\/cl\/f\/sh\/6rqJfgq8dINmO7oIiP6yOxWKDCL\/Yybkq-M2-FK4\" target=\"_blank\" rel=\"noreferrer noopener\">Quels besoins d&rsquo;investissements pour les objectifs fran\u00e7ais de d\u00e9carbonation en 2030 ?<\/a> (Tr\u00e9sor-Eco)<\/p>\n\n\n\n<p><a href=\"https:\/\/www.boursorama.com\/actualite-economique\/actualites\/polluants-eternels-perquisitions-en-cours-chez-les-industriels-arkema-et-daikin-01d772fac86d52b52f61d42817a8878a\">Polluants \u00e9ternels : perquisitions en cours chez les industriels Arkema et Daikin<\/a> (AFP) &nbsp;&nbsp;<\/p>\n\n\n\n<p><a href=\"https:\/\/www.boursorama.com\/actualite-economique\/actualites\/france-le-deficit-commercial-continue-a-se-reduire-e0046018e288ae524cbc4f08592ec8ae\">France : le d\u00e9ficit commercial continue \u00e0 se r\u00e9duire<\/a> (Boursorama)&nbsp;&nbsp;<\/p>\n\n\n\n<p><a href=\"https:\/\/www.boursorama.com\/actualite-economique\/actualites\/sgam-macif-les-evenements-climatiques-pesent-sur-le-benefice-net-2023-d5ecf8d51c50eabf22cef64d1803ac10\">SGAM Macif: les \u00e9v\u00e8nements climatiques p\u00e8sent sur le b\u00e9n\u00e9fice net 2023<\/a> (Boursorama)&nbsp;&nbsp;<\/p>\n\n\n\n<p><a href=\"https:\/\/www.boursorama.com\/actualite-economique\/actualites\/atos-paris-revendique-un-droit-de-regard-renforce-sur-les-activites-strategiques-ec4771a874c10d7ea42c7f9739e4e68c\">Atos : Paris revendique un droit de regard renforc\u00e9 sur les activit\u00e9s strat\u00e9giques<\/a> (Reuters)<\/p>\n\n\n\n<p><a href=\"https:\/\/www.connaissancedesenergies.org\/afp\/totalenergies-se-renforce-dans-la-production-de-gaz-naturel-aux-etats-unis-240408\">TotalEnergies se renforce dans la production de gaz naturel aux \u00c9tats-Unis<\/a> (AFP)<\/p>\n\n\n\n<p><a href=\"https:\/\/www.alternatives-economiques.fr\/nouveau-nucleaire-demarre-mal\/00110287\" target=\"_blank\" rel=\"noreferrer noopener\">Le \u00ab nouveau nucl\u00e9aire \u00bb fran\u00e7ais atomise les budgets et les d\u00e9lais<\/a> (Alter \u00e9co)<\/p>\n\n\n\n<p><strong>Monde<\/strong><\/p>\n\n\n\n<p><a href=\"https:\/\/www.humanite.fr\/en-debat\/espagne\/lespagne-met-fin-aux-visas-dores-pour-les-riches-etrangers\" target=\"_blank\" rel=\"noreferrer noopener\">L\u2019<strong>Espagne<\/strong> met fin aux \u00ab visas dor\u00e9s \u00bb pour les riches \u00e9trangers<\/a>&nbsp;(L\u2019Humanit\u00e9)<\/p>\n\n\n\n<p><a href=\"https:\/\/www.boursorama.com\/actualite-economique\/actualites\/eoliennes-l-ue-lance-une-enquete-antisubventions-visant-la-chine-7ebf88617ab54a294281c28ae91d5f4e\">Eoliennes : l&rsquo;<strong>UE<\/strong> lance une enqu\u00eate antisubventions visant la <strong>Chine<\/strong><\/a> (AFP) &nbsp;&nbsp;<\/p>\n\n\n\n<p><a href=\"https:\/\/www.boursorama.com\/actualite-economique\/actualites\/l-entreprise-israelienne-cyera-triple-sa-valorisation-pour-atteindre-1-4-milliard-de-dollars-grace-a-un-financement-mene-par-une-societe-d-investissement-americaine-adbdae715666c653702652d8217dd399\">L&rsquo;entreprise isra\u00e9lienne Cyera triple sa valorisation gr\u00e2ce \u00e0 une soci\u00e9t\u00e9 d&rsquo;investissement am\u00e9ricaine<\/a> (Reuters)<\/p>\n\n\n\n<p><a href=\"https:\/\/www.boursorama.com\/actualite-economique\/actualites\/italie-le-gouvernement-meloni-abaisse-a-1-sa-prevision-de-croissance-pour-2024-a5974cfeb40f2cbfe207dd52cefc3043\"><strong>Italie <\/strong>: le gouvernement Meloni abaisse \u00e0 1% sa pr\u00e9vision de croissance pour 2024<\/a> (Boursorama)&nbsp;&nbsp;<\/p>\n\n\n\n<p><a href=\"https:\/\/lvsl.fr\/fabio-de-masi-lallemagne-goute-a-present-aux-politiques-quelle-a-infligees-au-sud-de-leurope\/\" target=\"_blank\" rel=\"noreferrer noopener\">Fabio de Masi : \u00ab L\u2019<strong>Allemagne<\/strong> go\u00fbte \u00e0 pr\u00e9sent aux politiques qu\u2019elle a inflig\u00e9es au Sud de l\u2019Europe \u00bb<\/a>&nbsp; (Le Vent Se L\u00e8ve)<\/p>\n\n\n\n<p><strong>Analyse<\/strong><\/p>\n\n\n\n<p><strong><a href=\"https:\/\/www.mediapart.fr\/journal\/international\/090424\/ces-geants-qui-dominent-le-commerce-agricole-mondial\" target=\"_blank\" rel=\"noreferrer noopener\">Ces g\u00e9ants qui dominent le commerce agricole mondial<\/a><\/strong>&nbsp;-Martine Orange (Mediapart)<\/p>\n\n\n\n<p><a href=\"https:\/\/www.lemediatv.fr\/emissions\/2024\/petits-entrepreneurs-ou-grandes-entreprises-a-qui-profite-les-promesses-de-bruno-le-maire-prwroxCKS0e5RTfQsDQnhQ\" target=\"_blank\" rel=\"noreferrer noopener\">Petits entrepreneurs ou grandes entreprises : \u00e0 qui profitent les promesses de Bruno Le Maire?<\/a>&nbsp; (Le M\u00e9dia)<\/p>\n\n\n\n<p><a href=\"https:\/\/r.info.newsletter-dgtresor.fr\/mk\/cl\/f\/sh\/6rqJfgq8dINmO7oIiP6yOxWKDCL\/dgaRsNH3-bwu\" target=\"_blank\" rel=\"noreferrer noopener\">Les enjeux \u00e9conomiques de l&rsquo;intelligence artificielle<\/a> (Tr\u00e9sor-Eco)<\/p>\n\n\n\n<p><a href=\"https:\/\/t.nl.france3.fr\/r\/?id=h291453f5,6cb792fc,5fe9aa31&amp;p1=726375-1613287517-668363dc\" target=\"_blank\" rel=\"noreferrer noopener\">Pourquoi la scission des activit\u00e9s \u00e9nergies de General Electric aux USA inqui\u00e8te les salari\u00e9s en France<\/a> (France 3)<\/p>\n\n\n\n<p><strong><a href=\"https:\/\/www.off-investigation.fr\/macron-lamericaindiv-classtitre2la-france-livree-aux-gafam\/\" target=\"_blank\" rel=\"noreferrer noopener\">Macron l\u2019Am\u00e9ricain, la France livr\u00e9e aux Gafam ?<\/a>&nbsp;<\/strong>(Off Investigation)<\/p>\n\n\n\n<p><a href=\"https:\/\/www.alternatives-economiques.fr\/christian-chavagneux\/trois-bonnes-nouvelles-dette-publique-francaise\/00110286\" target=\"_blank\" rel=\"noreferrer noopener\">Trois bonnes nouvelles sur la dette publique fran\u00e7aise<\/a>&nbsp;(Alter \u00e9co)<\/p>\n\n\n\n<p><strong><a href=\"https:\/\/basta.media\/plan-rigueur-comment-trouver-60-milliards-sans-s-attaquer-aux-pauvres-et-classes-moyennes-taxe-ultra-riches-multinationales\" target=\"_blank\" rel=\"noreferrer noopener\">Comment trouver 60 milliards sans s&rsquo;attaquer aux pauvres et classes moyennes<\/a><\/strong>&nbsp;(Basta!)<\/p>\n\n\n\n<figure class=\"wp-block-image size-full is-resized\"><img data-recalc-dims=\"1\" loading=\"lazy\" decoding=\"async\" width=\"423\" height=\"222\" src=\"https:\/\/i0.wp.com\/www.rdpemancipation.org\/wp-content\/uploads\/2024\/04\/image-19.png?resize=423%2C222&#038;ssl=1\" alt=\"\" class=\"wp-image-127659\" style=\"width:465px;height:auto\" srcset=\"https:\/\/i0.wp.com\/www.rdpemancipation.org\/wp-content\/uploads\/2024\/04\/image-19.png?w=423&amp;ssl=1 423w, https:\/\/i0.wp.com\/www.rdpemancipation.org\/wp-content\/uploads\/2024\/04\/image-19.png?resize=300%2C157&amp;ssl=1 300w\" sizes=\"auto, (max-width: 423px) 100vw, 423px\" \/><\/figure>\n\n\n\n<p><strong><mark style=\"background-color:rgba(0, 0, 0, 0);color:#ed1010\" class=\"has-inline-color\">8 avril<\/mark><\/strong><\/p>\n\n\n\n<p><strong>France<a><\/a><a><\/a><a><\/a><\/strong><\/p>\n\n\n\n<p><a href=\"https:\/\/www.boursorama.com\/actualite-economique\/actualites\/attribution-des-marches-publics-vers-une-preference-europeenne-face-a-la-chine-et-aux-etats-unis-c81e7090a4d41781446fd6affc7966f9\">March\u00e9s publics : vers une \u00ab\u00a0pr\u00e9f\u00e9rence europ\u00e9enne\u00a0\u00bb face \u00e0 la Chine et aux USA ?<\/a> (Boursorama)&nbsp;&nbsp;<\/p>\n\n\n\n<p><a href=\"https:\/\/www.boursorama.com\/actualite-economique\/actualites\/emploi-des-seniors-ultime-round-de-negociations-avant-la-nouvelle-reforme-de-l-assurance-chomage-ef88392f7fd3e3fdab1640ef5ff6116b\">Emploi des seniors : ultime round de n\u00e9gociations avant la nouvelle r\u00e9forme de l&rsquo;assurance ch\u00f4mage<\/a> (AFP)<\/p>\n\n\n\n<p><a href=\"https:\/\/www.youtube.com\/watch?v=SZ9hUcmf38k\" target=\"_blank\" rel=\"noreferrer noopener\"><strong>Bruno Le Maire : comment le pire \u00e9conomiste de France a ruin\u00e9 le pays ?<\/strong><\/a>(Vid\u00e9o, Fran\u00e7ois Ruffin)<\/p>\n\n\n\n<p><a href=\"https:\/\/www.francetvinfo.fr\/economie\/vrai-ou-faux-96-des-dividendes-sont-ils-verses-a-1-des-francais_6469124.html\">96% des dividendes sont-ils vers\u00e9s \u00e0 1% des Fran\u00e7ais ?<\/a><a> (France Info)<\/a><\/p>\n\n\n\n<p><a href=\"https:\/\/theconversation.com\/dette-de-la-france-en-hausse-est-ce-un-vrai-probleme-227020?utm_medium=email&amp;utm_campaign=La%20lettre%20de%20The%20Conversation%20France%20du%205%20avril%202024&amp;utm_content=La%20lettre%20de%20The%20Conversation%20France%20du%205%20avril%202024+CID_1a8be27a4604390f3a99c250ec868d65&amp;utm_source=campaign_monitor_fr&amp;utm_term=Dette%20de%20la%20France%20en%20hausse%20%20est-ce%20un%20vrai%20problme\">Dette de la France en hausse&nbsp;: est-ce un vrai&nbsp;probl\u00e8me&nbsp;?<\/a>&nbsp;(The Conversation)<\/p>\n\n\n\n<p><a href=\"https:\/\/www.youtube.com\/watch?v=1TX-o2CebqA\" target=\"_blank\" rel=\"noreferrer noopener\">Prix Planchers : On avait raison avant tout le monde&#8230; &#8211; Aur\u00e9lie Trouv\u00e9<\/a>&nbsp;(Public S\u00e9nat)<\/p>\n\n\n\n<p><strong>Monde<\/strong><\/p>\n\n\n\n<p><a href=\"https:\/\/www.boursorama.com\/actualite-economique\/actualites\/l-ue-ne-retardera-pas-l-adoption-de-la-loi-contre-la-deforestation-00fcd827aebf5a581ceb506b1aefe2c5\">L&rsquo;UE ne retardera pas l&rsquo;adoption de la loi contre la d\u00e9forestation<\/a> (Reuters)<\/p>\n\n\n\n<p><a href=\"https:\/\/www.boursorama.com\/actualite-economique\/actualites\/mega-benefices-de-vitol-les-negociants-d-hydrocarbures-accumulent-les-milliards-malgre-la-detente-des-prix-de-l-energie-ca88d8be8ba6b059d954340c9dab4d32\">M\u00e9ga-b\u00e9n\u00e9fices de Vitol : les n\u00e9gociants d&rsquo;hydrocarbures accumulent les milliards <\/a>&nbsp;(Boursorama)&nbsp;&nbsp;<\/p>\n\n\n\n<p><a href=\"https:\/\/www.francetvinfo.fr\/monde\/bresil\/une-enquete-ouverte-au-bresil-contre-elon-musk-accuse-d-instrumentalisation-criminelle-de-x_6474098.html\">Une enqu\u00eate ouverte au Br\u00e9sil contre Elon Musk, accus\u00e9 d'\u00a0\u00bbinstrumentalisation criminelle de X\u00a0\u00bb<\/a> (France Info)<\/p>\n\n\n\n<p><a href=\"https:\/\/www.francetvinfo.fr\/replay-radio\/le-vrai-du-faux\/vrai-ou-faux-y-a-t-il-pres-de-100-millions-d-europeens-menaces-de-pauvrete-comme-l-affirme-marie-tousaint_6444808.html\">Y-a-t-il pr\u00e8s de 100 millions d&rsquo;Europ\u00e9ens menac\u00e9s de pauvret\u00e9, comme l&rsquo;affirme Marie Tousaint<\/a> (France Info)<\/p>\n\n\n\n<p><a href=\"https:\/\/www.boursorama.com\/actualite-economique\/actualites\/scandale-des-panama-papers-le-proces-s-ouvre-lundi-d25a4ddd32b6e167b9a5e4fe0684839e\">Scandale des \u00ab\u00a0Panama Papers\u00a0\u00bb : le proc\u00e8s s&rsquo;ouvre lundi<\/a> (AFP)<\/p>\n\n\n\n<p><a href=\"https:\/\/www.lalibre.be\/economie\/mes-finances\/2024\/04\/03\/record-du-nombre-de-faillites-en-belgique-plus-de-3-053-ont-depose-le-bilan-depuis-janvier-OWYEHTJJCZDXBM2DU3T3WR67XI\/\">Faillites en Belgique&nbsp;: plus de 3&nbsp;053 soci\u00e9t\u00e9s ont d\u00e9pos\u00e9 le bilan depuis janvier<\/a>&nbsp;(La Libre)<\/p>\n\n\n\n<p><strong>Analyse<\/strong><\/p>\n\n\n\n<p><strong><a href=\"https:\/\/theconversation.com\/mondialisation-comment-la-securite-economique-est-devenue-la-priorite-225707?utm_medium=email&amp;utm_campaign=La%20lettre%20de%20The%20Conversation%20France%20du%205%20avril%202024&amp;utm_content=La%20lettre%20de%20The%20Conversation%20France%20du%205%20avril%202024+CID_1a8be27a4604390f3a99c250ec868d65&amp;utm_source=campaign_monitor_fr&amp;utm_term=Mondialisation%20%20comment%20la%20scurit%20conomique%20est%20devenue%20la%20priorit\">Mondialisation : comment la s\u00e9curit\u00e9 \u00e9conomique est devenue la&nbsp;priorit\u00e9<\/a><\/strong>&nbsp;(The Conversation)<\/p>\n\n\n\n<p><a href=\"https:\/\/elucid.media\/environnement\/recyclage-economie-circulaire-alibi-jetable-flore-berlingen\">\u00abLe recyclage est devenu un alibi pour le jetable\u00bb &#8211; Flore Berlingen<\/a> (Elucid)<\/p>\n\n\n\n<p><a href=\"https:\/\/www.youtube.com\/watch?v=Snl7_wJGZCU\" target=\"_blank\" rel=\"noreferrer noopener\">Qui est vraiment Bernard Friot ? Usul 2000<\/a> (Usul)<\/p>\n\n\n\n<p><a href=\"https:\/\/www.monde-diplomatique.fr\/2023\/10\/BERNIER\/66176\">B\u00e9n\u00e9fices pour les fournisseurs, pr\u00e9carisation des clients&nbsp;:&nbsp;\u00e9lectricit\u00e9, une inflation d\u00e9lib\u00e9r\u00e9e<\/a>&nbsp;(Le Monde Diplomatique)<\/p>\n\n\n\n<p><a href=\"https:\/\/www.forbes.com\/billionaires\/\">The Richest In 2024<\/a>&nbsp;(Forbes)<\/p>\n\n\n\n<figure class=\"wp-block-image size-full is-resized\"><img data-recalc-dims=\"1\" loading=\"lazy\" decoding=\"async\" width=\"619\" height=\"348\" src=\"https:\/\/i0.wp.com\/www.rdpemancipation.org\/wp-content\/uploads\/2024\/04\/image-18.png?resize=619%2C348&#038;ssl=1\" alt=\"\" class=\"wp-image-127631\" style=\"width:433px;height:auto\" srcset=\"https:\/\/i0.wp.com\/www.rdpemancipation.org\/wp-content\/uploads\/2024\/04\/image-18.png?w=619&amp;ssl=1 619w, https:\/\/i0.wp.com\/www.rdpemancipation.org\/wp-content\/uploads\/2024\/04\/image-18.png?resize=300%2C169&amp;ssl=1 300w\" sizes=\"auto, (max-width: 619px) 100vw, 619px\" \/><\/figure>\n\n\n\n<p><strong><mark style=\"background-color:rgba(0, 0, 0, 0);color:#ed1010\" class=\"has-inline-color\">6 avril<\/mark><\/strong><\/p>\n\n\n\n<p><strong>France<a><\/a><a><\/a><a><\/a><\/strong><\/p>\n\n\n\n<p><a href=\"https:\/\/www.boursorama.com\/actualite-economique\/actualites\/la-chasse-aux-rentes-lancee-avec-des-pistes-encore-floues-f29ac6dcd8fdd4853960c23ca25c98ef\">La chasse aux \u00ab\u00a0rentes\u00a0\u00bb lanc\u00e9e, avec des pistes encore floues<\/a> (AFP)&nbsp;&nbsp;<\/p>\n\n\n\n<p><a href=\"https:\/\/www.blast-info.fr\/emissions\/2024\/vol-de-donnees-de-43-millions-de-francais-que-risquez-vous-qui-est-responsable-tD_tIkEsQUqYAxXAFC8gfA\" target=\"_blank\" rel=\"noreferrer noopener\">Vol de donn\u00e9es de 43 millions de Fran\u00e7ais : que risquez-vous ? Qui est responsable ?<\/a>&nbsp; (Blast)<\/p>\n\n\n\n<p><a href=\"https:\/\/reporterre.net\/Christian-Porta-syndicaliste-et-bete-noire-d-un-geant-de-l-agrobusiness\" target=\"_blank\" rel=\"noreferrer noopener\">Christian Porta, syndicaliste et b\u00eate noire d&rsquo;un g\u00e9ant de l&rsquo;agrobusiness<\/a>&nbsp;(Reporterre)<\/p>\n\n\n\n<p><a href=\"https:\/\/www.alternatives-economiques.fr\/lelectromenager-reconditionne-entame-seconde-vie-grande\/00110006\" target=\"_blank\" rel=\"noreferrer noopener\">L\u2019\u00e9lectrom\u00e9nager reconditionn\u00e9 entame sa \u00ab seconde vie \u00bb dans la grande distribution<\/a>&nbsp;(Alter \u00e9co)<\/p>\n\n\n\n<p><a href=\"https:\/\/www.lemonde.fr\/politique\/article\/2024\/04\/05\/retraites-le-desaccord-persiste-sur-le-mode-de-calcul-du-deficit_6226141_823448.html\">Retraites&nbsp;: le d\u00e9saccord persiste sur le mode de calcul du d\u00e9ficit<\/a> (Le Monde)<\/p>\n\n\n\n<p><a href=\"https:\/\/www.liberation.fr\/politique\/budget-et-assurance-chomage-attal-confus-le-maire-obtus-20240405_773UR2DFUJAVTP73BHHKBD2T4E\/\"><strong>Budget et assurance ch\u00f4mage&nbsp;: Attal confus, Le Maire obtus<\/strong><\/a> (Lib\u00e9ration)<\/p>\n\n\n\n<p><strong>Monde<\/strong><\/p>\n\n\n\n<p><a href=\"https:\/\/www.alternatives-economiques.fr\/y-a-une-fenetre-historique-inedite-sortir-franc-cfa\/00110263\" target=\"_blank\" rel=\"noreferrer noopener\"><strong>\u00ab Il y a une fen\u00eatre historique in\u00e9dite pour sortir du franc CFA \u00bb<\/strong><\/a>(Alter \u00e9co)<\/p>\n\n\n\n<p><a href=\"https:\/\/www.boursorama.com\/actualite-economique\/actualites\/washington-et-pekin-d-accord-pour-discuter-d-une-croissance-economique-equilibree-a0a40a44ece9fe5aa00f54bf22629479\">Washington et P\u00e9kin d&rsquo;accord pour discuter d&rsquo;une croissance \u00e9conomique \u00ab\u00a0\u00e9quilibr\u00e9e\u00a0\u00bb<\/a> (AFP)<\/p>\n\n\n\n<p><a href=\"https:\/\/www.boursorama.com\/actualite-economique\/actualites\/zone-euro-les-ventes-au-detail-en-baisse-de-0-5-en-fevrier-58679350ca4bbf8cd8a88639285bcdea\">Zone euro : Les ventes au d\u00e9tail en baisse de 0,5% en f\u00e9vrier<\/a> (Reuters)<\/p>\n\n\n\n<p><a href=\"https:\/\/www.connaissancedesenergies.org\/afp\/un-apercu-de-la-puissance-chinoise-dans-le-secteur-des-energies-bas-carbone-240405\">Un aper\u00e7u de la puissance chinoise dans le secteur des \u00e9nergies bas carbone<\/a> (AFP)<\/p>\n\n\n\n<p><strong>Analyse<\/strong><\/p>\n\n\n\n<p><a href=\"https:\/\/www.blast-info.fr\/emissions\/2024\/lavant-derniere-les-coulisses-de-lenquete-sur-les-drahi-leaks-NTqbqtT2TTWSL1VGhhflng\" target=\"_blank\" rel=\"noreferrer noopener\"><strong>Les coulisses de l&rsquo;enqu\u00eate sur les Drahi Leaks<\/strong><\/a>&nbsp;(Blast)<\/p>\n\n\n\n<p><a href=\"https:\/\/www.cadtm.org\/Rwanda-les-creanciers-du-genocide\" target=\"_blank\" rel=\"noreferrer noopener\"><strong>Rwanda : les cr\u00e9anciers du g\u00e9nocide<\/strong><\/a>&nbsp;(CADTM)<\/p>\n\n\n\n<figure class=\"wp-block-image size-full is-resized\"><img data-recalc-dims=\"1\" loading=\"lazy\" decoding=\"async\" width=\"400\" height=\"368\" src=\"https:\/\/i0.wp.com\/www.rdpemancipation.org\/wp-content\/uploads\/2024\/04\/image-9.png?resize=400%2C368&#038;ssl=1\" alt=\"\" class=\"wp-image-127561\" style=\"width:341px;height:auto\" srcset=\"https:\/\/i0.wp.com\/www.rdpemancipation.org\/wp-content\/uploads\/2024\/04\/image-9.png?w=400&amp;ssl=1 400w, https:\/\/i0.wp.com\/www.rdpemancipation.org\/wp-content\/uploads\/2024\/04\/image-9.png?resize=300%2C276&amp;ssl=1 300w\" sizes=\"auto, (max-width: 400px) 100vw, 400px\" \/><\/figure>\n\n\n\n<p><strong><mark style=\"background-color:rgba(0, 0, 0, 0);color:#ed1010\" class=\"has-inline-color\">5 avril<\/mark><\/strong><\/p>\n\n\n\n<p><strong>France<\/strong><\/p>\n\n\n\n<p><a href=\"https:\/\/api.indigo-net.com\/email\/RedirectionEmailing?mail=n.chevillard@noos.fr&amp;ID=600630&amp;DOCIID=109703480&amp;ENAIID=874581&amp;RETOUR=SIMPLE&amp;link=https:\/\/www.lalettre.fr\/fr\/entreprises_transports\/2024\/04\/05\/la-sncf-et-la-ratp-ajustent-leur-fenetre-de-tir-pour-privatiser-systra,110200847-art?cxt=PUB&amp;utm_source=LLA&amp;utm_medium=email&amp;utm_campaign=AUTO_EDIT_SOM_PROS\" target=\"_blank\" rel=\"noreferrer noopener\">La SNCF et la RATP ajustent leur fen\u00eatre de tir pour privatiser Systra<\/a> (La Lettre)<\/p>\n\n\n\n<p><a href=\"https:\/\/www.connaissancedesenergies.org\/afp\/le-gouvernement-veut-un-plan-de-bataille-pour-doper-le-solaire-made-france-240405\">Le gouvernement veut un \u00ab\u00a0plan de bataille\u00a0\u00bb pour doper le solaire Made in France<\/a> (AFP)<\/p>\n\n\n\n<p><a href=\"https:\/\/redirection.b2b.infopro-digital.com\/lnk\/AWEAADvOBFgAAcXFjnAAAHnKuI0AAABZQUUAANzvAAwsSQBmDYNxzV5LPGNxTWa7vUGhl2N45wAMCy8\/10\/maV8ynH69QwMdVrZhbrWSA\/aHR0cHM6Ly93d3cudXNpbmVub3V2ZWxsZS5jb20vYXJ0aWNsZS9sZS1zdXBlcmNhbGN1bGF0ZXVyLWplYW4temF5LWR1LWNucnMtc2UtbWV0LWEtbC1oZXVyZS1kZS1sLWlhLWdlbmVyYXRpdmUuTjIyMTA5OTc_dXRtX3NvdXJjZT1uZXdzbGV0dGVyJnV0bV9tZWRpdW09ZW1haWwmdXRtX2NhbXBhaWduPWluZm9fbGEtcXVvdGlkaWVubmUmZW1haWw9MjA0MzMyODY1MyZpZGJkZD01NjU1OQ\" target=\"_blank\" rel=\"noreferrer noopener\">Le supercalculateur Jean Zay du CNRS se met \u00e0 l\u2019heure de l\u2019IA g\u00e9n\u00e9rative<\/a> (Usine Nouvelle) &nbsp;<\/p>\n\n\n\n<p><a href=\"https:\/\/www.alternatives-economiques.fr\/renovation-logements-a-paris-ca-marche\/00110262\" target=\"_blank\" rel=\"noreferrer noopener\">R\u00e9novation des logements : \u00e0 Paris, \u00e7a marche !<\/a>&nbsp;(Alter \u00e9co)<\/p>\n\n\n\n<p><a href=\"https:\/\/www.alternatives-economiques.fr\/pierre-jacquemot\/budget-2024-un-renoncement-a-solidarite-internationale\/00110175\" target=\"_blank\" rel=\"noreferrer noopener\">Budget 2024 : un renoncement \u00e0 la solidarit\u00e9 internationale<\/a>&nbsp;(Alter \u00e9co)<\/p>\n\n\n\n<p><strong>Monde&nbsp;&nbsp;&nbsp;&nbsp;&nbsp;&nbsp;&nbsp;&nbsp;&nbsp;&nbsp;&nbsp;&nbsp;<\/strong><\/p>\n\n\n\n<p><a href=\"https:\/\/www.mediapart.fr\/journal\/international\/040424\/rwanda-la-fortune-du-financier-du-genocide-risque-d-echapper-aux-rescapes\" target=\"_blank\" rel=\"noreferrer noopener\">Rwanda : la fortune du \u00abfinancier du g\u00e9nocide\u00bb risque d\u2019\u00e9chapper aux rescap\u00e9s<\/a>&nbsp;(Mediapart)<\/p>\n\n\n\n<p><a href=\"https:\/\/www.connaissancedesenergies.org\/afp\/trop-dobstacles-entravent-toujours-la-transition-vers-les-energies-renouvelables-selon-le-reseau-ren21-240404\">Trop d&rsquo;obstacles entravent toujours la transition vers les \u00e9nergies renouvelables, selon le r\u00e9seau REN21<\/a> (AFP)<\/p>\n\n\n\n<p><a href=\"https:\/\/redirection.b2b.infopro-digital.com\/lnk\/AWEAADvOBFgAAcXFjnAAAHnKuI0AAABZQUUAANzvAAwsSQBmDYNxzV5LPGNxTWa7vUGhl2N45wAMCy8\/5\/Vqkrf-BIpkumqDqEgYoZmg\/aHR0cHM6Ly93d3cudXNpbmVub3V2ZWxsZS5jb20vYXJ0aWNsZS9leHBvcnRhdGlvbnMtYWxpbWVudGFpcmVzLWwtdWtyYWluZS1lbi1ib3VjLWVtaXNzYWlyZS5OMjIxMDY0NT91dG1fc291cmNlPW5ld3NsZXR0ZXImdXRtX21lZGl1bT1lbWFpbCZ1dG1fY2FtcGFpZ249aW5mb19sYS1xdW90aWRpZW5uZSZlbWFpbD0yMDQzMzI4NjUzJmlkYmRkPTU2NTU5\" target=\"_blank\" rel=\"noreferrer noopener\">Exportations alimentaires : l\u2019Ukraine en bouc \u00e9missaire ?<\/a> (Usine Nouvelle) &nbsp;<\/p>\n\n\n\n<p><a href=\"https:\/\/redirection.b2b.infopro-digital.com\/lnk\/AWgAAD6u_BwAAcXFjawAAHnKuI0AAABZQTkAANzxAAwsSQBmDPOnrU_E-knSRkOJuuSL2m373gAMCy8\/18\/n73ofwi0J_46gVQx1SPsdg\/aHR0cDovL3d3dy51c2luZS1kaWdpdGFsZS5mci9hcnRpY2xlL2Utc2FudGUtZW4tMjAyMy1sZXMtaW52ZXN0aXNzZW1lbnRzLWRhbnMtbGVzLXN0YXJ0LXVwLWV1cm9wZWVubmVzLW9udC1iYWlzc2UtZGUtMzYuTjIyMTA5NjE_dXRtX3NvdXJjZT1uZXdzbGV0dGVyJnV0bV9tZWRpdW09ZW1haWwmdXRtX2NhbXBhaWduPWluZm9fdWQtcXVvdGlkaWVubmUmZW1haWw9MjA0MzMyODY1MyZpZGJkZD01NjU2MQ\" target=\"_blank\" rel=\"noreferrer noopener\">E-sant\u00e9 : en 2023, les investissements dans les start-up europ\u00e9ennes ont baiss\u00e9 de 36%<\/a> (Usine Digitale)<\/p>\n\n\n\n<p><a href=\"https:\/\/redirection.b2b.infopro-digital.com\/lnk\/AWgAAD6u_BwAAcXFjawAAHnKuI0AAABZQTkAANzxAAwsSQBmDPOnrU_E-knSRkOJuuSL2m373gAMCy8\/30\/aVUalAZ3jmY0RlkC7FTgAw\/aHR0cDovL3d3dy51c2luZS1kaWdpdGFsZS5mci9hcnRpY2xlL21pY3Jvc29mdC1ldC1vcGVuYWktdHJhdmFpbGxlcmFpZW50LXN1ci11bi1wcm9qZXQtZGUtc3VwZXJjYWxjdWxhdGV1ci1hLTEwMC1taWxsaWFyZHMtZGUtZG9sbGFycy5OMjIxMDcwMz91dG1fc291cmNlPW5ld3NsZXR0ZXImdXRtX21lZGl1bT1lbWFpbCZ1dG1fY2FtcGFpZ249aW5mb191ZC1xdW90aWRpZW5uZSZlbWFpbD0yMDQzMzI4NjUzJmlkYmRkPTU2NTYx\" target=\"_blank\" rel=\"noreferrer noopener\">Microsoft et OpenAI travailleraient sur un projet de supercalculateur \u00e0 100 milliards $<\/a> (Usine Digitale)<\/p>\n\n\n\n<p><a href=\"https:\/\/9004s.r.sp1-brevo.net\/mk\/cl\/f\/sh\/SMK1E8tHeFuBlCKJT0f2Z9WQ6nY5\/mzwNIFUqepYK\" target=\"_blank\" rel=\"noreferrer noopener\">Comme les start-ups europ\u00e9ennes ont convaincu leurs gouvernements de ne (presque) pas r\u00e9guler l&rsquo;IA<\/a> (OdM)<\/p>\n\n\n\n<p><strong>Analyse<\/strong><\/p>\n\n\n\n<p><strong><a href=\"https:\/\/www.alternatives-economiques.fr\/isabelle-this-saint-jean\/dette-france-toboggan-de-lenfer\/00110173\" target=\"_blank\" rel=\"noreferrer noopener\">Avec sa dette, la France est-elle \u00ab sur le toboggan de l&rsquo;enfer \u00bb ?<\/a>&nbsp;<\/strong>(Alter \u00e9co)<\/p>\n\n\n\n<p><a href=\"https:\/\/www.alternatives-economiques.fr\/secteur-aerien-ne-connait-crise\/00109981\" target=\"_blank\" rel=\"noreferrer noopener\">Pourquoi le secteur a\u00e9rien ne conna\u00eet-il pas la crise ?<\/a>&nbsp;(Alter \u00e9co)<\/p>\n\n\n\n<p><a href=\"https:\/\/basta.media\/Pour-la-droite-beton-prime-toujours-sur-la-terre-hypocrisie-agricole-Laurent-Wauquiez\" target=\"_blank\" rel=\"noreferrer noopener\">\u00ab Pour la droite, le b\u00e9ton prime toujours sur la terre \u00bb : l&rsquo;hypocrisie agricole de Laurent Wauquiez<\/a>&nbsp;(Basta!)<\/p>\n\n\n\n<figure class=\"wp-block-image size-full is-resized\"><img data-recalc-dims=\"1\" loading=\"lazy\" decoding=\"async\" width=\"960\" height=\"643\" src=\"https:\/\/i0.wp.com\/www.rdpemancipation.org\/wp-content\/uploads\/2024\/04\/image-10.png?resize=960%2C643&#038;ssl=1\" alt=\"\" class=\"wp-image-127564\" style=\"width:339px;height:auto\" srcset=\"https:\/\/i0.wp.com\/www.rdpemancipation.org\/wp-content\/uploads\/2024\/04\/image-10.png?w=960&amp;ssl=1 960w, https:\/\/i0.wp.com\/www.rdpemancipation.org\/wp-content\/uploads\/2024\/04\/image-10.png?resize=300%2C201&amp;ssl=1 300w, https:\/\/i0.wp.com\/www.rdpemancipation.org\/wp-content\/uploads\/2024\/04\/image-10.png?resize=768%2C514&amp;ssl=1 768w\" sizes=\"auto, (max-width: 960px) 100vw, 960px\" \/><\/figure>\n\n\n\n<p><strong><mark style=\"background-color:rgba(0, 0, 0, 0);color:#ed1010\" class=\"has-inline-color\">4 avril<\/mark><\/strong><\/p>\n\n\n\n<p><strong>France<a><\/a><a><\/a><a><\/a><\/strong><\/p>\n\n\n\n<p><a href=\"https:\/\/elucid.media\/economie\/cac-40-bourse-france-avril-2024-surevaluee-hausse-malgre-recession-guerre\"><strong>CAC 40 : la Bourse est sur\u00e9valu\u00e9e, en hausse malgr\u00e9 la r\u00e9cession et la guerre<\/strong><\/a><strong> (<\/strong>Elucid)<\/p>\n\n\n\n<p><a href=\"https:\/\/reporterre.net\/Face-au-mur-de-l-installation-un-projet-de-loi-agricole-inconsistant?utm_source=newsletter&amp;utm_medium=email&amp;utm_campaign=nl_quotidienne\">Projet de loi agricole&nbsp;: peu pour les futurs paysans, beaucoup pour l\u2019agro-industrie<\/a>&nbsp;(Reporterre)<\/p>\n\n\n\n<p><a href=\"https:\/\/or-argent.eu\/ce-nest-pas-la-faute-de-bruno\/\">Ce n\u2019est pas la faute de Bruno<\/a>&nbsp;(Or-Argent)<a href=\"https:\/\/www.francetvinfo.fr\/politique\/francois-hollande\/deficit-public-j-avais-laisse-des-finances-publiques-equilibrees-soutient-francois-hollande-qui-se-demande-ce-qui-s-est-passe-depuis_6466349.html\"><\/a><\/p>\n\n\n\n<p><a href=\"https:\/\/www.francetvinfo.fr\/politique\/francois-hollande\/deficit-public-j-avais-laisse-des-finances-publiques-equilibrees-soutient-francois-hollande-qui-se-demande-ce-qui-s-est-passe-depuis_6466349.html\">\u00ab\u00a0J&rsquo;avais laiss\u00e9 des finances publiques \u00e9quilibr\u00e9es\u00a0\u00bb, soutient Fran\u00e7ois Hollande qui se demande ce \u00ab\u00a0qui s&rsquo;est pass\u00e9 depuis\u00a0\u00bb<\/a> (France Info)<\/p>\n\n\n\n<p><a href=\"http:\/\/www.rexecode.fr\/public\/Analyses-et-previsions\/Points-d-actualite\/France-croissance-absente-et-contraction-de-la-demande-privee-en-fin-d-annee-2023\">Croissance absente et contraction de la demande priv\u00e9e en fin d&rsquo;ann\u00e9e 2023<\/a>&nbsp;(Rexecode)<\/p>\n\n\n\n<p><a href=\"https:\/\/lequotidien.lu\/editoriaux\/le-mythe-du-chomage\/?utm_source=LUMEDIA+S.+A.&amp;utm_campaign=dc800b1fca-EMAIL_CAMPAIGN_6_8_2022_7_59_COPY_01&amp;utm_medium=email&amp;utm_term=0_bdf53943d9-dc800b1fca-390739384\">Le mythe du ch\u00f4mage<\/a>&nbsp;(Le Quotidien)<\/p>\n\n\n\n<p><a href=\"https:\/\/www.xerficanal.com\/economie\/emission\/Alexandre-Mirlicourtois-La-France-championne-du-tourisme-Une-supercherie-la-preuve_3752639.html?utm_source=sendinblue&amp;utm_campaign=&amp;utm_medium=email\">La France championne du tourisme ? Une supercherie, la preuve<\/a>&nbsp;(Xerfi Canal)<\/p>\n\n\n\n<p><strong>Monde&nbsp;&nbsp;&nbsp;&nbsp;&nbsp;&nbsp;&nbsp;&nbsp;&nbsp;&nbsp;&nbsp;&nbsp;<\/strong><\/p>\n\n\n\n<p><a href=\"https:\/\/www.courrierinternational.com\/article\/classement-en-2024-des-milliardaires-plus-nombreux-et-plus-riches-que-jamais\"><strong>En 2024, des milliardaires plus nombreux et plus riches que jamais<\/strong><\/a> (Courrier International)<\/p>\n\n\n\n<p><a href=\"https:\/\/elucid.media\/environnement\/debat-nucleaire-angle-mort-crise-uranium\">Au-del\u00e0 du d\u00e9bat sur le nucl\u00e9aire, un angle mort : la crise de l&rsquo;uranium<\/a> (Elucid)<\/p>\n\n\n\n<p><a href=\"https:\/\/www.xerficanal.com\/economie\/emission\/Olivier-Passet-Les-Banques-Centrales-stabilite-mais-pour-quels-interets-_3752638.html?utm_source=sendinblue&amp;utm_campaign=&amp;utm_medium=email\">Les Banques Centrales : stabilit\u00e9, mais pour quels int\u00e9r\u00eats ?<\/a>&nbsp;(Xerfi Canal)<\/p>\n\n\n\n<p><a href=\"https:\/\/www.oecd.org\/finance\/OECD-Global-Debt-Report-2024-frontmatter-FR.pdf\">Rapport sur la dette mondiale 2024<\/a>&nbsp;(OCDE)<\/p>\n\n\n\n<p><a href=\"https:\/\/eurasiabusinessnews.com\/2024\/04\/02\/dedollarisation-la-part-du-dollar-dans-les-reglements-des-brics-baisse-a-288\/\">La part du dollar dans les r\u00e8glements des BRICS baisse \u00e0 28,8&nbsp;%<\/a>&nbsp;(Eurasia Business News)<\/p>\n\n\n\n<p><strong>Analyse<\/strong><\/p>\n\n\n\n<p><a href=\"https:\/\/alencontre.org\/ecologie\/le-moment-malthus-i.html\"><strong>Le moment Malthus (I)<\/strong><\/a> (Al&rsquo;Encontre)<\/p>\n\n\n\n<p><strong><a href=\"https:\/\/alencontre.org\/ecologie\/le-moment-malthus-ii-pour-une-critique-marxiste-des-theses-malthusiennes.html\">Le moment Malthus (II). Pour une critique marxiste des th\u00e8ses malthusiennes<\/a><\/strong><\/p>\n\n\n\n<p><a href=\"https:\/\/reporterre.net\/Le-capitalisme-algorithmique-une-dystopie-devenue-realite\">Le capitalisme algorithmique, une dystopie devenue r\u00e9alit\u00e9<\/a>&nbsp;(Reporterre)<\/p>\n\n\n\n<p><a href=\"https:\/\/www.cadtm.org\/Le-recit-de-la-peur-de-la-dette-sert-la-destruction-de-l-Etat-social\">Le r\u00e9cit de la peur de la dette sert la destruction de l\u2019\u00c9tat social<\/a>&nbsp;(CADTM)<\/p>\n\n\n\n<figure class=\"wp-block-image size-full is-resized\"><img data-recalc-dims=\"1\" loading=\"lazy\" decoding=\"async\" width=\"595\" height=\"377\" src=\"https:\/\/i0.wp.com\/www.rdpemancipation.org\/wp-content\/uploads\/2024\/04\/image-7.png?resize=595%2C377&#038;ssl=1\" alt=\"\" class=\"wp-image-127466\" style=\"width:414px;height:auto\" srcset=\"https:\/\/i0.wp.com\/www.rdpemancipation.org\/wp-content\/uploads\/2024\/04\/image-7.png?w=595&amp;ssl=1 595w, https:\/\/i0.wp.com\/www.rdpemancipation.org\/wp-content\/uploads\/2024\/04\/image-7.png?resize=300%2C190&amp;ssl=1 300w\" sizes=\"auto, (max-width: 595px) 100vw, 595px\" \/><\/figure>\n\n\n\n<p><strong><mark style=\"background-color:rgba(0, 0, 0, 0);color:#ed1010\" class=\"has-inline-color\">3 avril<\/mark><\/strong><\/p>\n\n\n\n<p><strong>France<a><\/a><a><\/a><a><\/a><\/strong><\/p>\n\n\n\n<p><a href=\"https:\/\/api.indigo-net.com\/email\/RedirectionEmailing?mail=n.chevillard@noos.fr&amp;ID=600136&amp;DOCIID=109703480&amp;ENAIID=874087&amp;RETOUR=SIMPLE&amp;link=https:\/\/www.lalettre.fr\/fr\/medias_presse-ecrite\/2024\/04\/03\/la-cour-des-comptes-va-se-pencher-serieusement-sur-les-aides-a-la-presse,110199716-bre?cxt=PUB&amp;utm_source=LLA&amp;utm_medium=email&amp;utm_campaign=AUTO_EDIT_SOM_PROS\" target=\"_blank\" rel=\"noreferrer noopener\">La Cour des comptes va se pencher s\u00e9rieusement sur les aides \u00e0 la presse<\/a> (La lettre)<\/p>\n\n\n\n<p><a href=\"https:\/\/www.rfi.fr\/fr\/france\/20240402-l-indon%C3%A9sie-ach%C3%A8te-deux-sous-marins-scorp%C3%A8ne-aupr%C3%A8s-de-l-industriel-fran%C3%A7ais-naval-group\">L&rsquo;Indon\u00e9sie ach\u00e8te deux sous-marins Scorp\u00e8ne aupr\u00e8s de l&rsquo;industriel fran\u00e7ais Naval Group<\/a> (RFI)<\/p>\n\n\n\n<p><strong>Monde&nbsp;&nbsp;&nbsp;&nbsp;&nbsp;&nbsp;&nbsp;&nbsp;&nbsp;&nbsp;&nbsp;&nbsp;<\/strong><\/p>\n\n\n\n<p><a href=\"https:\/\/www.rfi.fr\/fr\/moyen-orient\/20240403-bande-de-gaza-les-d%C3%A9g%C3%A2ts-de-la-guerre-aux-infrastructures-critiques-estim%C3%A9s-%C3%A0-18-5-milliards\">Gaza : les d\u00e9g\u00e2ts de la guerre aux \u00abinfrastructures critiques\u00bb estim\u00e9s \u00e0 18,5 milliards<\/a> (RFI)<\/p>\n\n\n\n<p><a href=\"https:\/\/www.connaissancedesenergies.org\/afp\/solaire-la-commission-europeenne-ouvre-deux-enquetes-antisubventions-visant-des-filiales-de-groupes-chinois-240403\">Solaire : la Commission europ\u00e9enne ouvre deux enqu\u00eates antisubventions visant des filiales de groupes chinois<\/a> (AFP)<\/p>\n\n\n\n<p><a href=\"https:\/\/www.connaissancedesenergies.org\/afp\/suede-ssab-annonce-un-nouveau-projet-dacierie-sans-recours-lenergie-fossile-240402\">Su\u00e8de : SSAB annonce un nouveau projet d&rsquo;aci\u00e9rie sans recours \u00e0 l&rsquo;\u00e9nergie fossile<\/a> (AFP)<\/p>\n\n\n\n<p><strong>Analyse<\/strong><\/p>\n\n\n\n<p><a href=\"https:\/\/www.connaissancedesenergies.org\/les-pompes-chaleur-pilier-de-lambition-climatique-de-la-chine-240403\">Les pompes \u00e0 chaleur, pilier de l&rsquo;ambition climatique de la Chine ?<\/a> (CDE)<\/p>\n\n\n\n<figure class=\"wp-block-image size-full is-resized\"><img data-recalc-dims=\"1\" loading=\"lazy\" decoding=\"async\" width=\"530\" height=\"243\" src=\"https:\/\/i0.wp.com\/www.rdpemancipation.org\/wp-content\/uploads\/2024\/04\/image-5.png?resize=530%2C243&#038;ssl=1\" alt=\"\" class=\"wp-image-127442\" style=\"width:373px;height:auto\" srcset=\"https:\/\/i0.wp.com\/www.rdpemancipation.org\/wp-content\/uploads\/2024\/04\/image-5.png?w=530&amp;ssl=1 530w, https:\/\/i0.wp.com\/www.rdpemancipation.org\/wp-content\/uploads\/2024\/04\/image-5.png?resize=300%2C138&amp;ssl=1 300w\" sizes=\"auto, (max-width: 530px) 100vw, 530px\" \/><\/figure>\n\n\n\n<p><strong><mark style=\"background-color:rgba(0, 0, 0, 0);color:#ed1010\" class=\"has-inline-color\">2 avril<\/mark><\/strong><\/p>\n\n\n\n<p><strong>France<a><\/a><a><\/a><a><\/a><\/strong><\/p>\n\n\n\n<p><a href=\"https:\/\/api.indigo-net.com\/email\/RedirectionEmailing?mail=n.chevillard@noos.fr&amp;ID=599655&amp;DOCIID=109703480&amp;ENAIID=873606&amp;RETOUR=SIMPLE&amp;link=https:\/\/www.africaintelligence.fr\/afrique-du-nord\/2024\/04\/01\/paris-veut-booster-ses-investissements-au-sahara-occidental,110198178-art?cxt=PUB&amp;utm_source=AIF&amp;utm_medium=email&amp;utm_campaign=AUTO_EDIT_SOM_PROS\" target=\"_blank\" rel=\"noreferrer noopener\"><strong>Paris veut booster ses investissements au Sahara occidental<\/strong><\/a> (Africa Intelligence)<\/p>\n\n\n\n<p><a href=\"https:\/\/www.off-investigation.fr\/independance-de-linformationles-gafam-et-les-milliardaires-contre-linfo\/\" target=\"_blank\" rel=\"noreferrer noopener\">Ind\u00e9pendance de l\u2019information. Les Gafam et les milliardaires contre l\u2019info ?<\/a>&nbsp;(Off Investigation)<\/p>\n\n\n\n<p><a href=\"https:\/\/www.francetvinfo.fr\/economie\/budget-gabriel-attal-lance-une-mission-parlementaire-sur-la-taxation-des-rentes_6462452.html\">Budget : Gabriel Attal lance une mission parlementaire \u00ab\u00a0sur la taxation des rentes\u00a0\u00bb<\/a> (France Info)<\/p>\n\n\n\n<p><a href=\"https:\/\/www.liberation.fr\/societe\/education\/financement-public-de-lenseignement-prive-un-rapport-parlementaire-denonce-une-grande-opacite-20240402_OMADMBTKFJFAPFSEKGUSHTIYTY\/\"><strong>Enseignement priv\u00e9 : un financement public intra\u00e7able, d\u00e9nonce un rapport<\/strong><\/a>(Lib\u00e9ration)<\/p>\n\n\n\n<p><strong>Monde<\/strong><\/p>\n\n\n\n<p><a href=\"https:\/\/redirection.b2b.infopro-digital.com\/lnk\/AMcAADwhAbwAAcXFjYAAAHnKuI0AAABZQUUAANzvAAwsSQBmDDr01-DUdaCaQ56dGyYCYzsqkQAMCy8\/9\/QecCTPpmu_VGa4O8eMbIHA\/aHR0cDovL3d3dy51c2luZW5vdXZlbGxlLmNvbS9hcnRpY2xlL2VuLWlyYWstbGUtcmV0b3VyLWVuLWZvcmNlLWRlLXRvdGFsZW5lcmdpZXMtZW50cmUtcHJvZHVjdGlvbi1kZS1wZXRyb2xlLWJvb3N0ZWUtZXQtY2VudHJhbGUtc29sYWlyZS1nZWFudGUuTjIyMTA2MzU_dXRtX3NvdXJjZT1uZXdzbGV0dGVyJnV0bV9tZWRpdW09ZW1haWwmdXRtX2NhbXBhaWduPWluZm9fbGEtcXVvdGlkaWVubmUmZW1haWw9MjA0MzMyODY1MyZpZGJkZD01NjU1OQ\" target=\"_blank\" rel=\"noreferrer noopener\">En Irak, le retour en force de TotalEnergies entre p\u00e9trole et centrale solaire g\u00e9ante<\/a> (Usine Nouvelle) &nbsp;<\/p>\n\n\n\n<p><a href=\"https:\/\/orientxxi.info\/magazine\/arabie-saoudite-les-rates-du-pari-economique,7202\" target=\"_blank\" rel=\"noreferrer noopener\">Arabie saoudite. Les rat\u00e9s du pari \u00e9conomique<\/a>&nbsp;(Orient XXI)<\/p>\n\n\n\n<p><a href=\"https:\/\/afriquexxi.info\/Le-Congo-au-coeur-de-l-entourloupe-au-credit-carbone\" target=\"_blank\" rel=\"noreferrer noopener\">Le Congo au c\u0153ur de l&rsquo;entourloupe au cr\u00e9dit-carbone<\/a>&nbsp;(Afrique XXI)<\/p>\n\n\n\n<p><strong>Analyse<\/strong><\/p>\n\n\n\n<p><a href=\"https:\/\/www.mediapart.fr\/journal\/economie-et-social\/020424\/cma-cgm-le-salaire-de-la-peur\">Vid\u00e9o&nbsp;: CMA CGM&nbsp;: le salaire de la peur<\/a> (Vid\u00e9o M\u00e9diapart)<\/p>\n\n\n\n<p><a href=\"https:\/\/www.contretemps.eu\/usines-recuperees-autogestion-ecologique-ecomarxisme\/\">Usines r\u00e9cup\u00e9r\u00e9es et autogestion \u00e9cologique. Vers une alternative au capitalisme vert ?<\/a> (Contretemps)<\/p>\n\n\n\n<p><strong><mark style=\"background-color:rgba(0, 0, 0, 0);color:#ed1010\" class=\"has-inline-color\">1er avril<\/mark><\/strong><\/p>\n\n\n\n<p><strong>France<\/strong><\/p>\n\n\n\n<p><strong><a href=\"https:\/\/blogs.mediapart.fr\/aurelie-trouve-deputee-lfi-nupes-de-seine-saint-denis\/blog\/010424\/mon-apres-midi-avec-bruno-thatcher\">Mon apr\u00e8s-midi avec Bruno Thatcher<\/a><\/strong>&nbsp;(Aurelie Trouv\u00e9, d\u00e9put\u00e9e LFI-NUPES)<\/p>\n\n\n\n<p><a href=\"https:\/\/www.politis.fr\/articles\/2024\/03\/assurance-chomage-cest-la-reforme-de-trop\/\" target=\"_blank\" rel=\"noreferrer noopener\">\u00ab C\u2019est la r\u00e9forme de trop ! \u00bb<\/a>(Politis)<\/p>\n\n\n\n<p><a href=\"https:\/\/api.indigo-net.com\/email\/RedirectionEmailing?mail=n.chevillard@noos.fr&amp;ID=598736&amp;DOCIID=109703480&amp;ENAIID=872687&amp;RETOUR=SIMPLE&amp;link=https:\/\/www.lalettre.fr\/fr\/entreprises_conseil-et-services\/2024\/03\/28\/layani-kretinsky-trappier--bataille-au-sommet-pour-la-reprise-des-activites-d-atos,110197448-evg?cxt=PUB&amp;utm_source=LLA&amp;utm_medium=email&amp;utm_campaign=AUTO_EDIT_SOM_PROS\" target=\"_blank\" rel=\"noreferrer noopener\">Layani, Kretinsky, Trappier : bataille au sommet pour la reprise des activit\u00e9s d&rsquo;Atos<\/a> (La lettre)<\/p>\n\n\n\n<p><a href=\"https:\/\/redirection.b2b.infopro-digital.com\/lnk\/AUsAADvpVMcAAcXFjIwAAHnKuI0AAABZQTkAANzrAAwsSQBmB-_c40Jaw6ivTnatGlzKyxVOjwAMCy8\/50\/nI61QZDzA92dFSuYoNChtw\/aHR0cDovL3d3dy51c2luZS1kaWdpdGFsZS5mci9hcnRpY2xlL2xhLXN0YXJ0LXVwLWFsaWNlLWJvYi1jb21wdGUtcmVuZHJlLWwtaW5mb3JtYXRpcXVlLXF1YW50aXF1ZS1kaXgtZm9pcy1tb2lucy1jaGVyZS5OMjIxMDYzOD91dG1fc291cmNlPW5ld3NsZXR0ZXImdXRtX21lZGl1bT1lbWFpbCZ1dG1fY2FtcGFpZ249aW5mb191ZC13ZWVrLWVuZCZlbWFpbD0yMDQzMzI4NjUzJmlkYmRkPTU2NTU1\" target=\"_blank\" rel=\"noreferrer noopener\">La start-up Alice &amp; Bob compte rendre l\u2019informatique quantique dix fois moins ch\u00e8re<\/a> (Usine Digitale)<\/p>\n\n\n\n<p><a href=\"https:\/\/www.youtube.com\/watch?v=JusTSmAPDoA\" target=\"_blank\" rel=\"noreferrer noopener\">Comment Bruno Le Maire fait dispara\u00eetre vos imp\u00f4ts, je vous explique<\/a> (Fran\u00e7ois Ruffin, RTL)<\/p>\n\n\n\n<p><a href=\"https:\/\/elucid.media\/economie\/dette-corruption-altice-drahi-sfr-empire-bord-effondrement\" target=\"_blank\" rel=\"noreferrer noopener\">Dette, accusations de corruption : l\u2019empire Drahi au bord de l\u2019effondrement ?<\/a>&nbsp;(Elucid)<\/p>\n\n\n\n<p><a href=\"https:\/\/www.youtube.com\/watch?v=UMmUhmG7a3c\" target=\"_blank\" rel=\"noreferrer noopener\">Le Maire hu\u00e9 apr\u00e8s un nouveau mensonge, 49-3 et d\u00e9rapages des comptes publics<\/a>&nbsp;(Public S\u00e9nat)<\/p>\n\n\n\n<p><a href=\"https:\/\/www.economiematin.fr\/salaire-difference-net-brut-bruno-le-maire\">Salaire&nbsp;: Bruno Le Maire ne conna\u00eet pas\u2026 l\u2019\u00e9cart r\u00e9el entre brut et net<\/a>&nbsp;(Economie matin)<\/p>\n\n\n\n<p><a href=\"https:\/\/www.les-crises.fr\/guerre-en-ukraine-les-mensonges-economiques-du-gouvernement-par-jacques-sapir\/\">Ukraine : les mensonges \u00e9conomiques du gouvernement,&nbsp;<\/a><a href=\"https:\/\/www.les-crises.fr\/guerre-en-ukraine-les-mensonges-economiques-du-gouvernement-par-jacques-sapir\/\">(<\/a><a href=\"https:\/\/www.les-crises.fr\/guerre-en-ukraine-les-mensonges-economiques-du-gouvernement-par-jacques-sapir\/\">Jacques Sapir<\/a><a href=\"https:\/\/www.les-crises.fr\/guerre-en-ukraine-les-mensonges-economiques-du-gouvernement-par-jacques-sapir\/\">)<\/a>&nbsp;(Les Crises)<\/p>\n\n\n\n<p><strong>Monde<\/strong><\/p>\n\n\n\n<p><a href=\"https:\/\/www.rfi.fr\/fr\/moyen-orient\/20240401-municipales-en-turquie-derri%C3%A8re-la-lourde-d%C3%A9faite-de-l-akp-l-%C3%A9chec-de-la-politique-%C3%A9conomique-d-erdogan\"><strong>Turquie<\/strong>&nbsp;: derri\u00e8re la lourde d\u00e9faite de l\u2019AKP, l\u2019\u00e9chec de la politique \u00e9conomique d\u2019Erdogan<\/a> (RFI)<\/p>\n\n\n\n<p><a href=\"https:\/\/www.mediapart.fr\/journal\/international\/010424\/l-autriche-enfermee-dans-sa-dependance-au-gaz-russe\">L\u2019<strong>Autriche<\/strong> enferm\u00e9e dans sa d\u00e9pendance au gaz russe<\/a> (M\u00e9diapart)<\/p>\n\n\n\n<p><strong><a href=\"https:\/\/www.boursorama.com\/actualite-economique\/actualites\/israel-la-banque-centrale-veut-de-la-clarte-sur-les-depenses-de-defense-7eb73dccfb2392bcd80d78169256a683\">Isra\u00ebl : La banque centrale veut de la clart\u00e9 sur les d\u00e9penses de d\u00e9fense<\/a><\/strong> (Reuters)<\/p>\n\n\n\n<p><a href=\"https:\/\/www.humanite.fr\/en-debat\/blocus-de-cuba\/la-responsabilite-des-etats-unis-dans-la-crise-economique-a-cuba\" target=\"_blank\" rel=\"noreferrer noopener\"><strong>Cuba<\/strong> &#8211; La responsabilit\u00e9 des \u00c9tats-Unis dans la crise \u00e9conomique<\/a> (L&rsquo;Humanit\u00e9)<\/p>\n\n\n\n<p><strong>Analyse<\/strong><\/p>\n\n\n\n<p><strong><a href=\"https:\/\/qg.media\/2024\/03\/28\/aux-racines-de-lingerence-economique-mondiale\/\">\u00ab&nbsp;Aux racines de l\u2019ing\u00e9rence&nbsp;\u00e9conomique mondiale&nbsp;\u00bb<\/a><\/strong>&nbsp;(QG m\u00e9dia)<\/p>\n\n\n\n<p><a href=\"https:\/\/www.youtube.com\/watch?v=rEvPkPRoWyY\" target=\"_blank\" rel=\"noreferrer noopener\">\u00ab\u00a0L&rsquo;argent public doit aller aux services publics &#8211; Olivier Besancenot sur BFMTV<\/a>&nbsp;(NPA)<\/p>\n\n\n\n<p><strong><a href=\"https:\/\/www.mediapart.fr\/journal\/economie-et-social\/010424\/le-retour-de-l-austerite-signe-de-l-instabilite-economique-globale\">Comprendre le retour de l\u2019aust\u00e9rit\u00e9<\/a><\/strong> (M\u00e9diapart)<\/p>\n\n\n\n<p><a href=\"https:\/\/www.contretemps.eu\/capitalisme-terre-communs-emancipation-agriculture\/\">Le capitalisme, la terre, les communs<\/a> (Contretemps)<\/p>\n\n\n\n<figure class=\"wp-block-image size-large is-resized\"><img data-recalc-dims=\"1\" loading=\"lazy\" decoding=\"async\" width=\"1024\" height=\"576\" src=\"https:\/\/i0.wp.com\/www.rdpemancipation.org\/wp-content\/uploads\/2024\/04\/image-1.png?resize=1024%2C576&#038;ssl=1\" alt=\"\" class=\"wp-image-127337\" style=\"width:425px;height:auto\" srcset=\"https:\/\/i0.wp.com\/www.rdpemancipation.org\/wp-content\/uploads\/2024\/04\/image-1.png?resize=1024%2C576&amp;ssl=1 1024w, https:\/\/i0.wp.com\/www.rdpemancipation.org\/wp-content\/uploads\/2024\/04\/image-1.png?resize=300%2C169&amp;ssl=1 300w, https:\/\/i0.wp.com\/www.rdpemancipation.org\/wp-content\/uploads\/2024\/04\/image-1.png?resize=768%2C432&amp;ssl=1 768w, https:\/\/i0.wp.com\/www.rdpemancipation.org\/wp-content\/uploads\/2024\/04\/image-1.png?w=1536&amp;ssl=1 1536w\" sizes=\"auto, (max-width: 1024px) 100vw, 1024px\" \/><\/figure>\n","protected":false},"excerpt":{"rendered":"<p>30 avril France Emploi, ch\u00f4mage : le gouvernement survend un bilan peu flatteur&nbsp;(Alter \u00e9co) La strat\u00e9gie Macron pour affaiblir l\u2019assurance ch\u00f4mage&nbsp;: ni n\u00e9gociations sociales ni d\u00e9bat national&nbsp;(Basta!) D\u00e9cret ch\u00f4mage : comment Macron a m\u00e9thodiquement saccag\u00e9 vos droits en six ans (Rapports de force) Le patron de Carrefour est pay\u00e9 426 fois plus que ses salari\u00e9s &#8230; <a title=\"Avril &#8211; \u00c9conomie\" class=\"read-more\" href=\"https:\/\/www.rdpemancipation.org\/?p=127304\" aria-label=\"En savoir plus sur Avril &#8211; \u00c9conomie\">Lire la suite<\/a><\/p>\n","protected":false},"author":1,"featured_media":0,"comment_status":"closed","ping_status":"closed","sticky":false,"template":"","format":"standard","meta":{"_lmt_disableupdate":"","_lmt_disable":"","_jetpack_memberships_contains_paid_content":false,"footnotes":""},"categories":[11],"tags":[],"class_list":["post-127304","post","type-post","status-publish","format-standard","hentry","category-economie"],"modified_by":"nch","jetpack_featured_media_url":"","jetpack_sharing_enabled":true,"_links":{"self":[{"href":"https:\/\/www.rdpemancipation.org\/index.php?rest_route=\/wp\/v2\/posts\/127304","targetHints":{"allow":["GET"]}}],"collection":[{"href":"https:\/\/www.rdpemancipation.org\/index.php?rest_route=\/wp\/v2\/posts"}],"about":[{"href":"https:\/\/www.rdpemancipation.org\/index.php?rest_route=\/wp\/v2\/types\/post"}],"author":[{"embeddable":true,"href":"https:\/\/www.rdpemancipation.org\/index.php?rest_route=\/wp\/v2\/users\/1"}],"replies":[{"embeddable":true,"href":"https:\/\/www.rdpemancipation.org\/index.php?rest_route=%2Fwp%2Fv2%2Fcomments&post=127304"}],"version-history":[{"count":54,"href":"https:\/\/www.rdpemancipation.org\/index.php?rest_route=\/wp\/v2\/posts\/127304\/revisions"}],"predecessor-version":[{"id":128419,"href":"https:\/\/www.rdpemancipation.org\/index.php?rest_route=\/wp\/v2\/posts\/127304\/revisions\/128419"}],"wp:attachment":[{"href":"https:\/\/www.rdpemancipation.org\/index.php?rest_route=%2Fwp%2Fv2%2Fmedia&parent=127304"}],"wp:term":[{"taxonomy":"category","embeddable":true,"href":"https:\/\/www.rdpemancipation.org\/index.php?rest_route=%2Fwp%2Fv2%2Fcategories&post=127304"},{"taxonomy":"post_tag","embeddable":true,"href":"https:\/\/www.rdpemancipation.org\/index.php?rest_route=%2Fwp%2Fv2%2Ftags&post=127304"}],"curies":[{"name":"wp","href":"https:\/\/api.w.org\/{rel}","templated":true}]}}