{"id":127278,"date":"2024-04-01T00:25:00","date_gmt":"2024-03-31T22:25:00","guid":{"rendered":"https:\/\/www.rdpemancipation.org\/?p=127278"},"modified":"2024-04-28T18:26:20","modified_gmt":"2024-04-28T16:26:20","slug":"avril-afrique-subsaharienne-4","status":"publish","type":"post","link":"https:\/\/www.rdpemancipation.org\/?p=127278","title":{"rendered":"Avril &#8211; Afrique subsaharienne"},"content":{"rendered":"\n<p><strong><mark style=\"background-color:rgba(0, 0, 0, 0);color:#ed1010\" class=\"has-inline-color\">27 avril <\/mark><\/strong><\/p>\n\n\n\n<p><a href=\"https:\/\/survie.org\/publications\/videos\/article\/episode-4-la-france-aide-les-genocidaires-a-fuir\">4 \u00e9pisodes de l\u2019ONG \u2018Survie\u2019 sur la complicit\u00e9 de la France dans le g\u00e9nocide au Rwanda<\/a> (Survie, Vid\u00e9os)<\/p>\n\n\n\n<p><a href=\"https:\/\/www.lemonde.fr\/idees\/article\/2024\/04\/22\/desastreuse-retraite-occidentale-au-sahel_6229179_3232.html\">D\u00e9sastreuse retraite occidentale au Sahel<\/a> (Le Monde)<\/p>\n\n\n\n<p><a href=\"https:\/\/infos.lemonde.fr\/optiext\/optiextension.dll?ID=5BA5zomEkv0IWt4TV%2BKblGVAMOSieUouRDyfHlaVdjCUwQijqEjjHLiffhuML63vEIHlYHQunilFLemXS7JQexklIOsjlhSNXtdZX25L\" target=\"_blank\" rel=\"noreferrer noopener\">Au Sahel, la vague de chaleur extr\u00eame est bien due au changement climatique<\/a> (Le Monde)<\/p>\n\n\n\n<p><a href=\"https:\/\/www.lemonde.fr\/economie\/article\/2024\/04\/24\/tv5monde-en-discussion-pour-ouvrir-son-capital-a-plusieurs-pays-africains-critiques-pour-la-liberte-de-la-presse_6229594_3234.html\">TV5Monde en discussion pour ouvrir son capital \u00e0 plusieurs pays africains critiqu\u00e9s pour la libert\u00e9 de la presse<\/a> (Le Monde)<\/p>\n\n\n\n<p><a href=\"https:\/\/www.lemonde.fr\/afrique\/article\/2024\/04\/14\/comment-les-emirats-arabes-unis-renforcent-leur-influence-dans-la-corne-de-l-afrique_6227674_3212.html\">Comment les Emirats arabes unis renforcent leur influence dans la Corne de l\u2019Afrique<\/a><a><\/a><a> (Le Monde)<\/a><\/p>\n\n\n\n<p><strong>Pays<\/strong><\/p>\n\n\n\n<p><a href=\"https:\/\/www.boursorama.com\/videos\/actualites\/afrique-du-sud-l-anc-et-le-mk-battent-campagne-d494d7ab74f40af01d803d9654e6ab56\"><strong>Afrique du Sud<\/strong> : l&rsquo;ANC et le MK battent campagne<\/a> (France 24)&nbsp;<\/p>\n\n\n\n<p><a href=\"https:\/\/fr.africanews.com\/2024\/04\/28\/afrique-du-sud-30-ans-apres-lapartheid-un-bilan-en-demi-teinte\/\">Afrique du Sud : 30 ans apr\u00e8s l&rsquo;apartheid, un bilan en demi-teinte<\/a> (Africanews)<\/p>\n\n\n\n<p><a href=\"https:\/\/afriquexxi.info\/Le-boom-culturel-du-Benin-l-echec-d-une-possibilite-decoloniale\" target=\"_blank\" rel=\"noreferrer noopener\"><strong>B\u00e9nin<\/strong>&nbsp;: le \u00ab boom culturel \u00bb du B\u00e9nin, l&rsquo;\u00e9chec d&rsquo;une possibilit\u00e9 d\u00e9coloniale ?<\/a>&nbsp;(Afrique XXI)<\/p>\n\n\n\n<p><a href=\"https:\/\/www.hrw.org\/fr\/news\/2024\/04\/25\/burkina-faso-larmee-massacre-223-villageois\"><strong>Burkina Faso<\/strong> : L\u2019arm\u00e9e a massacr\u00e9 223 villageois<\/a> (HRW)<\/p>\n\n\n\n<p><a href=\"https:\/\/www.lemonde.fr\/afrique\/article\/2024\/04\/26\/au-burkina-faso-la-bbc-et-voice-of-america-suspendues-pour-deux-semaines_6230087_3212.html\">Au Burkina Faso, la BBC et Voice of America suspendues pour deux semaines<\/a> (Le Monde)<\/p>\n\n\n\n<p><a href=\"https:\/\/www.boursorama.com\/videos\/actualites\/burkina-faso-expulsion-de-trois-diplomates-francais-pour-activites-subversives-667095cc6d6b29b192d50fc61934fee5\">Burkina Faso : expulsion de trois diplomates fran\u00e7ais pour \u00ab\u00a0activit\u00e9s subversives\u00a0\u00bb<\/a> (France 24)<\/p>\n\n\n\n<p><a href=\"https:\/\/api.indigo-net.com\/email\/RedirectionEmailing?mail=n.chevillard@noos.fr&amp;ID=604643&amp;DOCIID=109703480&amp;ENAIID=878591&amp;RETOUR=SIMPLE&amp;link=https:\/\/www.intelligenceonline.fr\/renseignement-d-etat\/2024\/04\/22\/wagner-recrute-des-operateurs-de-drones-chevronnes-pour-la-republique-centrafricaine,110216570-art?cxt=PUB&amp;utm_source=LMR&amp;utm_medium=email&amp;utm_campaign=AUTO_EDIT_SOM_PROS\" target=\"_blank\" rel=\"noreferrer noopener\"><strong>Centrafrique<\/strong>&nbsp;: Wagner recrute des op\u00e9rateurs de drones chevronn\u00e9s pour la Centrafrique<\/a> (Intelligence Online)<\/p>\n\n\n\n<p><a href=\"https:\/\/www.lemonde.fr\/afrique\/article\/2024\/04\/26\/la-cote-d-ivoire-une-economie-performante-mais-inegalitaire_6230138_3212.html\">La <strong>C\u00f4te d\u2019Ivoire<\/strong>, une \u00e9conomie performante mais in\u00e9galitaire<\/a> (Le Monde)<\/p>\n\n\n\n<p><a href=\"https:\/\/www.alternatives-economiques.fr\/lethiopie-un-modele-de-dynamisme-economique-crise\/00110114\" target=\"_blank\" rel=\"noreferrer noopener\">L\u2019<strong>Ethiopie<\/strong>, un mod\u00e8le de dynamisme \u00e9conomique en crise<\/a>&nbsp;(Alter \u00e9co)<\/p>\n\n\n\n<p><a href=\"https:\/\/www.mediapart.fr\/journal\/france\/220424\/france-gabon-pascaline-bongo-relaxee-de-l-accusation-de-corruption\"><strong>Gabon<\/strong>&nbsp;: Pascaline Bongo relax\u00e9e de l\u2019accusation de corruption <\/a>&nbsp;(M\u00e9diapart)<\/p>\n\n\n\n<p><a href=\"https:\/\/www.hrw.org\/fr\/news\/2024\/04\/26\/le-proces-relatif-au-massacre-du-stade-en-guinee-entre-dans-sa-phase-finale\"><strong>Guin\u00e9e<\/strong>&nbsp;: le proc\u00e8s relatif au massacre du stade entre dans sa phase finale<\/a> (HRW)<\/p>\n\n\n\n<p><a href=\"https:\/\/www.msn.com\/fr-xl\/sante\/other\/kenya-les-m%C3%A9decins-entament-leur-cinqui%C3%A8me-semaine-de-gr%C3%A8ve\/ar-BB1lL5Cq\"><strong>Kenya<\/strong>&nbsp;: les m\u00e9decins entament leur cinqui\u00e8me semaine de gr\u00e8ve<\/a>&nbsp;(Euronews)<\/p>\n\n\n\n<p><a href=\"https:\/\/www.rfi.fr\/fr\/en-bref\/20240427-mali-la-cour-constitutionnelle-incomp%C3%A9tente-sur-la-suspension-des-activit%C3%A9s-des-partis\"><strong>Mali<\/strong> : la Cour constitutionnelle \u00abincomp\u00e9tente\u00bb sur la suspension des activit\u00e9s des partis<\/a> (RFI)<\/p>\n\n\n\n<p><a href=\"https:\/\/www.boursorama.com\/videos\/actualites\/mali-les-ex-rebelles-du-nord-changent-de-nom-vers-un-virage-independantiste-e5d2e399e180fce4c22fe5adf350c764\">Mali, les ex-rebelles du nord changent de nom, vers un virage ind\u00e9pendantiste ?<\/a> (France 24)&nbsp;<\/p>\n\n\n\n<p><a href=\"https:\/\/www.boursorama.com\/videos\/actualites\/au-mali-la-junte-au-pouvoir-verrouille-la-scene-politique-064dc5215bf931db22e1a08856be1ffb\">Au Mali, la junte au pouvoir verrouille la sc\u00e8ne politique<\/a> (France 24)&nbsp;<\/p>\n\n\n\n<p><a href=\"https:\/\/afriquexxi.info\/Au-Mali-l-immense-poids-politique-des-familles-fondatrices\" target=\"_blank\" rel=\"noreferrer noopener\">Au Mali, l&rsquo;immense poids politique des \u00ab familles fondatrices \u00bb<\/a> (Afrique XXI)<\/p>\n\n\n\n<p><a href=\"https:\/\/www.lemonde.fr\/afrique\/article\/2024\/04\/19\/au-rwanda-adoption-en-premiere-lecture-d-une-loi-encadrant-strictement-les-ong_6228718_3212.html\">Au <strong>Rwanda<\/strong>, adoption en&nbsp;premi\u00e8re lecture d\u2019une loi encadrant strictement les ONG<\/a> (Le Monde)<\/p>\n\n\n\n<p><a href=\"https:\/\/www.afriquesenlutte.org\/afrique-de-l-ouest\/senegal\/article\/le-senegal-decouvre-un-nouveau-modele-economique\">Le <strong>S\u00e9n\u00e9gal<\/strong> d\u00e9couvre un nouveau mod\u00e8le \u00e9conomique<\/a> (Afriques en lutte)<\/p>\n\n\n\n<p><a href=\"https:\/\/www.equaltimes.org\/senegal-les-defis-d-un\" target=\"_blank\" rel=\"noreferrer noopener\">S\u00e9n\u00e9gal : les d\u00e9fis d&rsquo;un souverainisme d\u00e9mocratique<\/a> (Equal Times)<\/p>\n\n\n\n<p><a href=\"https:\/\/www.boursorama.com\/videos\/actualites\/paludisme-au-senegal-recul-de-20-de-la-maladie-3719ad396ea34dd898eda21d819cacfc\">Paludisme au S\u00e9n\u00e9gal : recul de 20 % de la maladie<\/a> (France 24)&nbsp;<\/p>\n\n\n\n<p><a href=\"https:\/\/www.monde-diplomatique.fr\/2024\/04\/LALOUPO\/66750\" target=\"_blank\" rel=\"noreferrer noopener\">R\u00e9silience du mod\u00e8le s\u00e9n\u00e9galais<\/a> (Le Monde diplomatique)<\/p>\n\n\n\n<p><a href=\"https:\/\/www.afriquesenlutte.org\/afrique-de-l-est\/soudan\/article\/soudan-un-an-apres-le-debut-du-conflit-la-reaction-de-la-communaute\"><strong>Soudan.<\/strong> Un an apr\u00e8s le d\u00e9but du conflit, la r\u00e9action de la communaut\u00e9 internationale reste totalement insuffisante<\/a> (Amnesty International)<\/p>\n\n\n\n<p><a href=\"https:\/\/link.newsletter.franceculture.fr\/m\/ml\/7429\/865723\/tEVso3xPuRSrEJcjhjPrpW9C5lXTLJmivm821gAfcU8=\/GWT5gv5aPQ9f8S-+TbEEBN0ZWUppxephunOOjHh4tu8=\/\" target=\"_blank\" rel=\"noreferrer noopener\">Un an de guerre au <strong>Soudan<\/strong>&nbsp;: un conflit qui s\u2019enlise<\/a> (France Culture)<\/p>\n\n\n\n<p><a href=\"https:\/\/www.lemonde.fr\/afrique\/article\/2024\/04\/26\/au-tchad-les-etats-unis-retirent-leurs-soldats-au-moins-le-temps-de-l-election-presidentielle_6230148_3212.html\">Au <strong>Tchad<\/strong>, les Etats-Unis retirent leurs soldats au moins le temps de l\u2019\u00e9lection pr\u00e9sidentielle<\/a> (Le Monde)<\/p>\n\n\n\n<p><a href=\"https:\/\/mondafrique.com\/decryptage\/presidentielle-au-tchad-la-france-divisee-entre-masra-et-deby\/\">Pr\u00e9sidentielle au Tchad&nbsp;: la France divis\u00e9e entre Masra et Deby<\/a> (Mondafrique)<\/p>\n\n\n\n<p><a href=\"https:\/\/www.france24.com\/fr\/afrique\/20240419-la-nouvelle-constitution-du-togo-est-adopt%C3%A9e-le-r%C3%A9gime-devient-parlementaire\"><strong>Togo<\/strong>. La nouvelle Constitution du Togo est adopt\u00e9e, le r\u00e9gime devient parlementaire<\/a>&nbsp;(France 24)&nbsp;<\/p>\n\n\n\n<p><a href=\"https:\/\/www.lemonde.fr\/afrique\/article\/2024\/04\/19\/au-togo-adoption-d-une-nouvelle-constitution-a-quelques-jours-des-elections-legislatives-le-regime-devient-parlementaire_6228813_3212.html\">Au Togo, adoption d\u2019une nouvelle Constitution contest\u00e9e par l\u2019opposition, \u00e0 quelques jours des \u00e9lections l\u00e9gislatives <\/a>(Le Monde)<\/p>\n\n\n\n<p><a href=\"https:\/\/www.boursorama.com\/videos\/actualites\/au-togo-la-mission-de-la-cedeao-a-rencontre-les-acteurs-politiques-et-de-la-societe-civile-692eee1c82a32877b85d97fe13f8641c\">Au Togo, la mission de la C\u00e9d\u00e9ao a rencontr\u00e9 les acteurs politiques et de la soci\u00e9t\u00e9 civile<\/a> (France 24)&nbsp;<\/p>\n\n\n\n<p><strong><mark style=\"background-color:rgba(0, 0, 0, 0);color:#ed1010\" class=\"has-inline-color\">15 avril <\/mark><\/strong><\/p>\n\n\n\n<p><a href=\"https:\/\/lundi.am\/Ajari\" target=\"_blank\" rel=\"noreferrer noopener\">Le manifeste afro-d\u00e9colonial<\/a> (Lundimatin)<\/p>\n\n\n\n<p><a href=\"https:\/\/api.indigo-net.com\/email\/RedirectionEmailing?mail=n.chevillard@noos.fr&amp;ID=602307&amp;DOCIID=109703480&amp;ENAIID=876255&amp;RETOUR=SIMPLE&amp;link=https:\/\/www.africaintelligence.fr\/afrique-ouest\/2024\/04\/12\/le-coup-de-telephone-de-bassirou-diomaye-faye-a-alassane-ouattara,110203612-art?cxt=PUB&amp;utm_source=AIF&amp;utm_medium=email&amp;utm_campaign=AUTO_EDIT_SOM_PROS\" target=\"_blank\" rel=\"noreferrer noopener\">C\u00f4te&nbsp;d&rsquo;Ivoire,&nbsp;S\u00e9n\u00e9gal&nbsp;: Le coup de t\u00e9l\u00e9phone de Bassirou Diomaye Faye \u00e0 Alassane Ouattara<\/a> (Africa Intelligence)<\/p>\n\n\n\n<p><a href=\"https:\/\/www.equaltimes.org\/que-peuvent-faire-les-syndicats\" target=\"_blank\" rel=\"noreferrer noopener\">Que peuvent faire les syndicats pour endiguer la spirale de la dette souveraine en Afrique ?<\/a>&nbsp;(Equal Times)<\/p>\n\n\n\n<p><a href=\"https:\/\/www.lemediatv.fr\/emissions\/2024\/comment-bollore-veut-controler-les-cerveaux-des-africains-MrpnzabhST6Bm9XbRJYr5A\" target=\"_blank\" rel=\"noreferrer noopener\">Comment Bollor\u00e9 veut contr\u00f4ler les cerveaux des africains<\/a>&nbsp;(Le M\u00e9dia)<\/p>\n\n\n\n<p><a href=\"https:\/\/www.contretemps.eu\/rwanda-creanciers-genocide\/\"><strong>Rwanda&nbsp;: les cr\u00e9anciers du g\u00e9nocide<\/strong><\/a> (Contretemps)<\/p>\n\n\n\n<p><a href=\"https:\/\/afriquexxi.us20.list-manage.com\/track\/click?u=f9f8627cbcbbdcb07c28f3cdf&amp;id=bfe14249c1&amp;e=58ff83d693\" target=\"_blank\" rel=\"noreferrer noopener\">Hubert V\u00e9drine, le b\u00e2illon en bandouli\u00e8re<\/a> (Afrique XXI)<\/p>\n\n\n\n<p><a href=\"https:\/\/afriquexxi.info\/La-France-a-viole-son-obligation-de-prevenir-le-genocide\" target=\"_blank\" rel=\"noreferrer noopener\">\u00ab La France a viol\u00e9 son obligation de pr\u00e9venir le g\u00e9nocide \u00bb<\/a>&nbsp;(Afrique XXI)<\/p>\n\n\n\n<p><a href=\"https:\/\/afriquexxi.info\/Couvrir-un-genocide-entre-douleur-et-revolte\" target=\"_blank\" rel=\"noreferrer noopener\">Couvrir un g\u00e9nocide, entre douleur et r\u00e9volte<\/a>&nbsp;(Afrique XXI)<\/p>\n\n\n\n<p><strong>Pays<\/strong><\/p>\n\n\n\n<p><a href=\"https:\/\/api.indigo-net.com\/email\/RedirectionEmailing?mail=n.chevillard@noos.fr&amp;ID=601323&amp;DOCIID=109703480&amp;ENAIID=875273&amp;RETOUR=SIMPLE&amp;link=https:\/\/www.africaintelligence.fr\/afrique-australe-et-iles\/2024\/04\/08\/elections-generales--l-anc-du-president-ramaphosa-en-grandes-difficultes-financieres,110200204-art?cxt=PUB&amp;utm_source=AIF&amp;utm_medium=email&amp;utm_campaign=AUTO_EDIT_SOM_PROS\" target=\"_blank\" rel=\"noreferrer noopener\"><strong>Afrique&nbsp;du&nbsp;Sud&nbsp;<\/strong>: \u00c9lections : l&rsquo;ANC du pr\u00e9sident Ramaphosa en grandes difficult\u00e9s financi\u00e8res<\/a> (Africa Intelligence)<\/p>\n\n\n\n<p><a href=\"https:\/\/mondafrique.com\/economie\/cote-divoire-dialogue-de-sourds-entre-letat-et-les-producteurs-de-cacao\/\"><strong>C\u00f4te d\u2019Ivoire<\/strong>&nbsp;: la fili\u00e8re cacao ivoirienne sous la coupe du gendre de Ouattara<\/a> (Mondafrique)<\/p>\n\n\n\n<p><a href=\"https:\/\/api.indigo-net.com\/email\/RedirectionEmailing?mail=n.chevillard@noos.fr&amp;ID=602059&amp;DOCIID=109703480&amp;ENAIID=876007&amp;RETOUR=SIMPLE&amp;link=https:\/\/www.africaintelligence.fr\/afrique-ouest\/2024\/04\/11\/le-francais-geos-nouveau-gardien-du-port-autonome-d-abidjan,110202883-art?cxt=PUB&amp;utm_source=AIF&amp;utm_medium=email&amp;utm_campaign=AUTO_EDIT_SOM_PROS\" target=\"_blank\" rel=\"noreferrer noopener\">Le fran\u00e7ais GEOS, nouveau gardien du port autonome d&rsquo;Abidjan<\/a> (Africa Intelligence)<\/p>\n\n\n\n<p><a href=\"https:\/\/www.boursorama.com\/videos\/actualites\/brice-oligui-nguema-en-visite-a-abidjan-plaide-pour-une-levee-des-sanctions-de-l-union-africaine-06fb9837a6e6e7e9d78d0c192060ecf0\"><strong>Gabon<\/strong>&nbsp;: Brice Oligui Ngu\u00e9ma en visite \u00e0 Abidjan, plaide pour une lev\u00e9e des sanctions de l&rsquo;UA<\/a> (France 24)&nbsp;<\/p>\n\n\n\n<p><a href=\"https:\/\/www.boursorama.com\/videos\/actualites\/dialogue-national-perturbe-au-gabon-8816924cd5ce150b1ef3abd41ea3cbe8\">Dialogue national perturb\u00e9 au Gabon<\/a> (France 24)&nbsp;<\/p>\n\n\n\n<p><a href=\"https:\/\/www.rfi.fr\/fr\/afrique\/20240404-madagascar-demande-le-d%C3%A9part-de-l-ambassadrice-de-l-union-europ%C3%A9enne?_ope=eyJndWlkIjoiYjFmOWRmZWI3ZTllZGE1NTM1NTJmMGIzNWYwZGIyYjcifQ%3D%3D\"><strong>Madagascar<\/strong> demande le d\u00e9part de l\u2019ambassadrice de l\u2019Union europ\u00e9enne<\/a>&nbsp;(RFI<\/p>\n\n\n\n<p><a href=\"https:\/\/www.rfi.fr\/fr\/afrique\/20240412-mali-l-indignation-grandit-apr%C3%A8s-la-suspension-des-activit%C3%A9s-des-partis-politiquesli\" target=\"_blank\" rel=\"noreferrer noopener\"><strong>Mali<\/strong> : l&rsquo;indignation grandit apr\u00e8s la suspension des activit\u00e9s des partis politiques<\/a>&nbsp; (RFI)<\/p>\n\n\n\n<p><a href=\"https:\/\/infos.lemonde.fr\/optiext\/optiextension.dll?ID=z76z5kIAKeUMI3NmvkBZfaX_XE6liqK7rjnHfJaNMd8qEb8PWFK0uaD5h7JlmXLKiMYmksFqA8DVK0noPtQtNJdxbtMpOReW%2BcCvrS5G\" target=\"_blank\" rel=\"noreferrer noopener\">Au Mali, les militaires tentent d\u2019\u00e9teindre toute contestation en interdisant des partis politiques<\/a> (Le Monde)<\/p>\n\n\n\n<p><a href=\"https:\/\/www.lemonde.fr\/afrique\/article\/2024\/04\/12\/l-arrivee-de-l-africa-corps-au-niger-consacre-le-rapprochement-de-la-junte-avec-la-russie_6227440_3212.html\"><strong>Niger<\/strong>&nbsp;: l\u2019arriv\u00e9e de l\u2019Africa Corps consacre le rapprochement de la junte avec la Russie<\/a> (Le Monde)<\/p>\n\n\n\n<p><a href=\"https:\/\/beninwebtv.com\/niger-abdourahamane-tiani-ordonne-la-dissolution-des-conseils-municipaux-de-ville-et-regionaux\/\" target=\"_blank\" rel=\"noreferrer noopener\">Niger : Abdourahamane Tiani ordonne la dissolution des Conseils Municipaux, de Ville et R\u00e9gionaux<\/a>&nbsp;(B\u00e9nin Web TV)<\/p>\n\n\n\n<p><a href=\"https:\/\/infos.lemonde.fr\/optiext\/optiextension.dll?ID=IabIfPd3oNZVsrYuiFLfJVuzdQPNYYr4Om23QGVLAwVEpHBYlQOUNl5PZupjY6oPPsZELz4zOb1YTwWbBdAXsi%2BAEH6nzpmImKYdpac2\" target=\"_blank\" rel=\"noreferrer noopener\">En <strong>RDC<\/strong>, Judith Suminwa Tuluka devient la premi\u00e8re femme \u00e0 \u00eatre nomm\u00e9e au poste de premi\u00e8re ministre<\/a><\/p>\n\n\n\n<p><a href=\"https:\/\/survie.org\/billets-d-afrique\/2024\/333-janvier-2024\/article\/est-congo-le-cri-muet-des-collines\" target=\"_blank\" rel=\"noreferrer noopener\"><strong>Rwanda<\/strong> &#8211; EST-CONGO Le cri muet des collines<\/a>&nbsp;(Survie)<\/p>\n\n\n\n<p><a href=\"https:\/\/www.france24.com\/fr\/afrique\/20240404-au-s%C3%A9n%C3%A9gal-le-pr%C3%A9sident-bassirou-diomaye-faye-fixe-le-cap-des-cinq-prochaines-ann%C3%A9es\"><strong>S\u00e9n\u00e9gal<\/strong>&nbsp;: le pr\u00e9sident Bassirou Diomaye Faye fixe le cap des cinq ann\u00e9es de son mandat<\/a>&nbsp;(France 24)&nbsp;<\/p>\n\n\n\n<p><a href=\"https:\/\/www.rfi.fr\/fr\/en-bref\/20240409-le-togo-fixe-au-29-avril-les-%C3%A9lections-l%C3%A9gislatives-et-r%C3%A9gionales\">Le <strong>Togo<\/strong> fixe au 29 avril les \u00e9lections l\u00e9gislatives et r\u00e9gionales<\/a>&nbsp;(RFI)<\/p>\n\n\n\n<p><a href=\"https:\/\/api.indigo-net.com\/email\/RedirectionEmailing?mail=n.chevillard@noos.fr&amp;ID=602307&amp;DOCIID=109703480&amp;ENAIID=876255&amp;RETOUR=SIMPLE&amp;link=https:\/\/www.africaintelligence.fr\/afrique-ouest\/2024\/04\/12\/un-collectif-d-avocats-se-mobilise-a-paris-contre-la-reforme-constitutionnelle-de-faure-gnassingbe,110203288-bre?cxt=PUB&amp;utm_source=AIF&amp;utm_medium=email&amp;utm_campaign=AUTO_EDIT_SOM_PROS\" target=\"_blank\" rel=\"noreferrer noopener\">Un collectif d&rsquo;avocats se mobilise \u00e0 Paris contre la r\u00e9forme constitutionnelle de Faure Gnassingb\u00e9<\/a> (Africa Intelligence)<\/p>\n\n\n\n<p><a href=\"https:\/\/www.boursorama.com\/videos\/actualites\/projet-de-nouvelle-constitution-campagne-de-sensibilisation-au-togo-95c4296bde679fa413a05d3d1f3f9812\">Projet de nouvelle Constitution : campagne de sensibilisation au Togo<\/a> (France 24)&nbsp;<\/p>\n\n\n\n<p><a href=\"https:\/\/www.courrierinternational.com\/article\/climat-au-zimbabwe-la-secheresse-fait-planer-le-spectre-de-la-famine?xtor=EREC-20-20240412-5-nl_quotidienne\"><strong>Zimbabwe<\/strong>&nbsp;: la s\u00e9cheresse fait planer le spectre de la famine<\/a>&nbsp;(Courrier international)<\/p>\n\n\n\n<p><strong><mark style=\"background-color:rgba(0, 0, 0, 0);color:#ed1010\" class=\"has-inline-color\">6 avril <\/mark><\/strong><\/p>\n\n\n\n<p><a href=\"https:\/\/www.alternatives-economiques.fr\/y-a-une-fenetre-historique-inedite-sortir-franc-cfa\/00110263\" target=\"_blank\" rel=\"noreferrer noopener\">\u00ab Il y a une fen\u00eatre historique in\u00e9dite pour sortir du franc CFA \u00bb<\/a>&nbsp;(Alter \u00e9co)<\/p>\n\n\n\n<p><a href=\"https:\/\/afriquexxi.us20.list-manage.com\/track\/click?u=f9f8627cbcbbdcb07c28f3cdf&amp;id=d49fd3fcae&amp;e=58ff83d693\" target=\"_blank\" rel=\"noreferrer noopener\">Au Liban, le chemin de croix des employ\u00e9es de maison africaines<\/a> (Afrique XXI)<\/p>\n\n\n\n<p><a href=\"https:\/\/afriquexxi.info\/En-Afrique-conserver-la-nature-par-tous-les-moyens\" target=\"_blank\" rel=\"noreferrer noopener\">En Afrique, conserver la nature par tous les moyens<\/a>&nbsp;(Afrique XXI)<\/p>\n\n\n\n<p><a href=\"https:\/\/www.afriquesenlutte.org\/afrique-centrale\/rwanda\/article\/rwanda-quelle-commemoration-du-genocide-en-finir-avec-la-francafrique\">Rwanda&nbsp;: quelle comm\u00e9moration du g\u00e9nocide&nbsp;? En finir avec la Fran\u00e7afrique&nbsp;!<\/a> (Afriques en lutte)<\/p>\n\n\n\n<p><a href=\"https:\/\/www.mediapart.fr\/journal\/france\/050424\/la-france-et-le-genocide-des-tutsis-au-rwanda-le-proces-de-la-derniere-chance\" target=\"_blank\" rel=\"noreferrer noopener\">La France et le g\u00e9nocide des Tutsis au Rwanda : le proc\u00e8s de la derni\u00e8re chance<\/a>&nbsp;(Mediapart)<\/p>\n\n\n\n<p><a href=\"https:\/\/afriquexxi.us20.list-manage.com\/track\/click?u=f9f8627cbcbbdcb07c28f3cdf&amp;id=23437f522d&amp;e=58ff83d693\" target=\"_blank\" rel=\"noreferrer noopener\"><strong>Avant le g\u00e9nocide au Rwanda en 1994, la mont\u00e9e des p\u00e9rils et le silence de la France<\/strong><\/a> (Afrique XXI)<\/p>\n\n\n\n<p><a href=\"https:\/\/theconversation.com\/apres-le-rwanda-la-politique-etrangere-des-etats-africains-face-aux-genocides-225044\"><strong>Apr\u00e8s le Rwanda&nbsp;: la politique \u00e9trang\u00e8re des \u00c9tats africains face aux g\u00e9nocides<\/strong><\/a> (The Conversation)<\/p>\n\n\n\n<p><a href=\"https:\/\/theconversation.com\/pourquoi-les-debats-sur-le-role-de-la-france-au-rwanda-demeurent-ils-aussi-sensibles-225917\"><strong>Pourquoi les d\u00e9bats sur le r\u00f4le de la France au Rwanda demeurent-ils aussi sensibles&nbsp;?<\/strong><\/a> (The Conversation)<\/p>\n\n\n\n<p><strong>Pays<\/strong><\/p>\n\n\n\n<p><a href=\"https:\/\/www.blast-info.fr\/emissions\/2024\/pierre-messmer-heros-en-france-bourreau-au-cameroun-v5FQUK1qQnWXEMKTqYhCxA\" target=\"_blank\" rel=\"noreferrer noopener\"><strong>Cameroun<\/strong>&nbsp;: Pierre Messmer : h\u00e9ros en France, bourreau au Cameroun<\/a>&nbsp;(Blast)<\/p>\n\n\n\n<p><a href=\"https:\/\/api.indigo-net.com\/email\/RedirectionEmailing?mail=n.chevillard@noos.fr&amp;ID=600465&amp;DOCIID=109703480&amp;ENAIID=874416&amp;RETOUR=SIMPLE&amp;link=https:\/\/www.africaintelligence.fr\/afrique-ouest\/2024\/04\/04\/alassane-ouattara-et-guillaume-soro-renouent-dans-le-plus-grand-secret,110200391-art?utm_source=AIF&amp;utm_medium=email&amp;utm_campaign=PROS_EDIT_ALE\" target=\"_blank\" rel=\"noreferrer noopener\"><strong>C\u00f4te d\u2019Ivoire<\/strong>&nbsp;: Alassane Ouattara et Guillaume Soro renouent dans le plus grand secret<\/a> (Africa Intelligence)<\/p>\n\n\n\n<p><a href=\"https:\/\/www.connaissancedesenergies.org\/afp\/inauguration-de-la-premiere-centrale-solaire-photovoltaique-en-cote-divoire-240403\">Inauguration de la premi\u00e8re centrale solaire photovolta\u00efque en C\u00f4te d&rsquo;Ivoire<\/a> (AFP)<\/p>\n\n\n\n<p><a href=\"https:\/\/afriquexxi.info\/Le-Congo-au-coeur-de-l-entourloupe-au-credit-carbone\" target=\"_blank\" rel=\"noreferrer noopener\">Le <strong>Congo<\/strong> au c\u0153ur de l&rsquo;entourloupe au cr\u00e9dit-carbone<\/a>&nbsp;(Afrique XXI)<\/p>\n\n\n\n<p><a><\/a><a href=\"https:\/\/afriquexxi.us20.list-manage.com\/track\/click?u=f9f8627cbcbbdcb07c28f3cdf&amp;id=fc5b9f695d&amp;e=58ff83d693\" target=\"_blank\" rel=\"noreferrer noopener\">En <strong>Gambie<\/strong>, l\u2019interdiction des mutilations g\u00e9nitales menac\u00e9e<\/a> (Afrique XXI)<\/p>\n\n\n\n<p><a href=\"https:\/\/beninwebtv.com\/guinee-manifestation-des-sinistres-de-coronthie-reprimee-par-les-forces-de-lordre\/\" target=\"_blank\" rel=\"noreferrer noopener\"><strong>Guin\u00e9e<\/strong> : manifestation des sinistr\u00e9s de Coronthie r\u00e9prim\u00e9e par les forces de l&rsquo;ordre<\/a>&nbsp;(B\u00e9nin Web TV)<\/p>\n\n\n\n<p><a href=\"https:\/\/beninwebtv.com\/mali-des-associations-et-partis-politiques-exigent-un-retour-a-lordre-constitutionnel\/\" target=\"_blank\" rel=\"noreferrer noopener\"><strong>Mali <\/strong>: des associations et partis politiques exigent un retour \u00e0 l&rsquo;ordre constitutionnel<\/a>&nbsp;(B\u00e9nin Web TV)<\/p>\n\n\n\n<p><a href=\"https:\/\/www.rfi.fr\/fr\/afrique\/20240401-rdc-judith-tuluka-suminwa-d%C3%A9sign%C3%A9e-nouvelle-premi%C3%A8re-ministre?_ope=eyJndWlkIjoiYjFmOWRmZWI3ZTllZGE1NTM1NTJmMGIzNWYwZGIyYjcifQ%3D%3D\"><strong>RDC<\/strong> : Judith Tuluka Suminwa nomm\u00e9e Premi\u00e8re ministre<\/a>&nbsp;(RFI)<\/p>\n\n\n\n<p><a href=\"https:\/\/www.mediapart.fr\/journal\/international\/040424\/rwanda-la-fortune-du-financier-du-genocide-risque-d-echapper-aux-rescapes\" target=\"_blank\" rel=\"noreferrer noopener\"><strong>Rwanda<\/strong> : la fortune du \u00abfinancier du g\u00e9nocide\u00bb risque d\u2019\u00e9chapper aux rescap\u00e9s<\/a>&nbsp;(Mediapart)<\/p>\n\n\n\n<p><strong><a href=\"https:\/\/www.cadtm.org\/Rwanda-les-creanciers-du-genocide\" target=\"_blank\" rel=\"noreferrer noopener\">Rwanda : les cr\u00e9anciers du g\u00e9nocide<\/a>&nbsp;<\/strong>(CADTM)<\/p>\n\n\n\n<p><a href=\"https:\/\/www.voaafrique.com\/a\/le-rwanda-comm%C3%A9more-le-g%C3%A9nocide-des-tutsi-30-ans-apr%C3%A8s\/7554661.html\" target=\"_blank\" rel=\"noreferrer noopener\">Le Rwanda comm\u00e9more le g\u00e9nocide des Tutsi, 30 ans apr\u00e8s<\/a>&nbsp;(VOA)<\/p>\n\n\n\n<p><a href=\"https:\/\/aplutsoc.org\/2024\/04\/02\/senegal-vers-le-changement\/\" target=\"_blank\" rel=\"noreferrer noopener\"><strong>S\u00e9n\u00e9gal<\/strong> : vers le changement ?<\/a>&nbsp;(Aplutsoc)<\/p>\n\n\n\n<p><a href=\"https:\/\/www.afriquesenlutte.org\/afrique-de-l-ouest\/senegal\/article\/senegal-la-volonte-de-changement\">S\u00e9n\u00e9gal&nbsp;: la volont\u00e9 de changement<\/a> (Afriques en Lutte)<\/p>\n\n\n\n<figure class=\"wp-block-image size-full is-resized\"><img data-recalc-dims=\"1\" loading=\"lazy\" decoding=\"async\" width=\"816\" height=\"522\" src=\"https:\/\/i0.wp.com\/www.rdpemancipation.org\/wp-content\/uploads\/2024\/04\/image-15.png?resize=816%2C522&#038;ssl=1\" alt=\"\" class=\"wp-image-127579\" style=\"width:421px;height:auto\" srcset=\"https:\/\/i0.wp.com\/www.rdpemancipation.org\/wp-content\/uploads\/2024\/04\/image-15.png?w=816&amp;ssl=1 816w, https:\/\/i0.wp.com\/www.rdpemancipation.org\/wp-content\/uploads\/2024\/04\/image-15.png?resize=300%2C192&amp;ssl=1 300w, https:\/\/i0.wp.com\/www.rdpemancipation.org\/wp-content\/uploads\/2024\/04\/image-15.png?resize=768%2C491&amp;ssl=1 768w\" sizes=\"auto, (max-width: 816px) 100vw, 816px\" \/><\/figure>\n\n\n\n<p><strong><mark style=\"background-color:rgba(0, 0, 0, 0);color:#ed1010\" class=\"has-inline-color\">1er avril<\/mark><\/strong><\/p>\n\n\n\n<p><a href=\"https:\/\/afriquexxi.info\/Espoir\">L\u2019Espoir Diomaye Faye<\/a> (Afrique XXI)<\/p>\n\n\n\n<p><strong><a href=\"https:\/\/afriquexxi.us20.list-manage.com\/track\/click?u=f9f8627cbcbbdcb07c28f3cdf&amp;id=31d3269732&amp;e=58ff83d693\" target=\"_blank\" rel=\"noreferrer noopener\">Dans le bassin du Congo, la Fran\u00e7afrique fait feu de tout bois<\/a> (<\/strong>Afrique XXI)<\/p>\n\n\n\n<p><a href=\"https:\/\/afriquemedia.tv\/2024\/03\/27\/le-fiasco-occidental-dans-le-sahel\/\">Le fiasco occidental dans le Sahel<\/a>&nbsp;(Afrique m\u00e9dia)<\/p>\n\n\n\n<p><a href=\"https:\/\/orientxxi.info\/magazine\/dubai-le-nouvel-eldorado-des-kleptocrates-d-afrique-centrale,7194\" target=\"_blank\" rel=\"noreferrer noopener\">Duba\u00ef, le nouvel eldorado des kleptocrates d&rsquo;Afrique centrale<\/a> (Orient XXI)<\/p>\n\n\n\n<p><a href=\"https:\/\/www.cadtm.org\/Solange-Kone-La-question-des-reparations-par-rapport-a-la-dette-coloniale-est\" target=\"_blank\" rel=\"noreferrer noopener\">Solange Kon\u00e9 : La question des r\u00e9parations par rapport \u00e0 la dette coloniale est fondamentale<\/a>&nbsp; (CADTM)<\/p>\n\n\n\n<p><a href=\"https:\/\/mondafrique.com\/a-la-une\/la-bascule-de-larmee-francaise-du-sahel-vers-le-golfe-de-guinee\/\">La bascule de l\u2019arm\u00e9e fran\u00e7aise vers le golfe de Guin\u00e9e<\/a> (Mondafrique)<\/p>\n\n\n\n<p><a href=\"https:\/\/api.indigo-net.com\/email\/RedirectionEmailing?mail=n.chevillard@noos.fr&amp;ID=598231&amp;DOCIID=109703480&amp;ENAIID=872186&amp;RETOUR=SIMPLE&amp;link=https:\/\/www.intelligenceonline.fr\/renseignement-d-etat\/2024\/03\/26\/wagner-peine-a-recruter-pour-ses-operations-africaines,110195434-eve?cxt=PUB&amp;utm_source=LMR&amp;utm_medium=email&amp;utm_campaign=AUTO_EDIT_SOM_PROS\" target=\"_blank\" rel=\"noreferrer noopener\">Wagner peine \u00e0 recruter pour ses op\u00e9rations africaines<\/a> (Intelligence Online)<\/p>\n\n\n\n<p><strong>Pays<\/strong><\/p>\n\n\n\n<p><a href=\"https:\/\/www.jeuneafrique.com\/1551887\/politique\/au-cameroun-de-paul-biya-comment-lage-paralyse-les-institutions\/\" target=\"_blank\" rel=\"noreferrer noopener\"><strong>Cameroun<\/strong> de Paul Biya, comment l\u2019\u00e2ge paralyse les institutions<\/a>&nbsp;(Jeune Afrique)<\/p>\n\n\n\n<p><a href=\"https:\/\/afriquemedia.tv\/2024\/03\/29\/un-prisonnier-revele-les-liens-entre-les-ong-americaines-et-les-groupes-rebelles-en-rca\/\"><strong>Centrafrique<\/strong>. Un prisonnier r\u00e9v\u00e8le les liens entre les ONG am\u00e9ricaines et les groupes rebelles<\/a> (Afrique m\u00e9dia)<\/p>\n\n\n\n<p><a href=\"https:\/\/mondafrique.com\/a-la-une\/larmee-malienne-et-le-groupe-wagner-des-atrocites-contre-les-civils\/\"><strong>Mali&nbsp;: <\/strong>l\u2019arm\u00e9e et le&nbsp;groupe Wagner : des atrocit\u00e9s contre les civils<\/a> (Mondafrique)<\/p>\n\n\n\n<p><a href=\"https:\/\/fr.africanews.com\/2024\/04\/01\/mali-plus-de-80-partis-et-associations-exigent-des-elections\/\">Mali : plus de 80 partis et associations exigent des \u00e9lections<\/a> (Africanews)<\/p>\n\n\n\n<p><a href=\"https:\/\/www.rfi.fr\/fr\/afrique\/20240326-mali-la-p%C3%A9riode-de-transition-se-termine-officiellement-mais-les-autorit%C3%A9s-restent-en-place\" target=\"_blank\" rel=\"noreferrer noopener\">Mali : la p\u00e9riode de transition se termine officiellement mais les autorit\u00e9s restent en place<\/a>&nbsp;(RFI)<\/p>\n\n\n\n<p><a href=\"https:\/\/api.indigo-net.com\/email\/RedirectionEmailing?mail=n.chevillard@noos.fr&amp;ID=597998&amp;DOCIID=109703480&amp;ENAIID=871952&amp;RETOUR=SIMPLE&amp;link=https:\/\/www.africaintelligence.fr\/afrique-ouest\/2024\/03\/25\/tompolo-le-justicier-du-delta-qui-ebranle-le-trafic-de-brut-jusqu-a-abuja,110195106-eve?cxt=PUB&amp;utm_source=AIF&amp;utm_medium=email&amp;utm_campaign=AUTO_EDIT_SOM_PROS\" target=\"_blank\" rel=\"noreferrer noopener\"><strong>Nigeria <\/strong>&#8211; Tompolo, le \u00ab\u00a0justicier du Delta\u00a0\u00bb qui \u00e9branle le trafic de brut jusqu&rsquo;\u00e0 Abuja<\/a>(Africa intelligence)<\/p>\n\n\n\n<p><a href=\"https:\/\/fr.africanews.com\/2024\/03\/30\/senegal-le-conseil-constitutionnel-valide-la-victoire-de-diomaye-faye\/\"><strong>S\u00e9n\u00e9gal<\/strong> : le Conseil constitutionnel valide la victoire de Diomaye Faye<\/a> (Africanews)<\/p>\n\n\n\n<p><a href=\"https:\/\/www.lemonde.fr\/afrique\/article\/2024\/03\/30\/la-somalie-adopte-le-passage-a-un-regime-presidentiel-au-suffrage-universel-direct_6225140_3212.html\">La <strong>Somalie<\/strong>&nbsp;adopte le passage \u00e0 un r\u00e9gime pr\u00e9sidentiel au suffrage universel direct<\/a> (Le Monde)<\/p>\n\n\n\n<p><a href=\"https:\/\/www.afriquesenlutte.org\/afrique-de-l-est\/soudan\/article\/soudan-la-bnp-a-sciemment-maintenu-ses-operations-malgre-les-embargos-d-apres\"><strong>Soudan<\/strong>&nbsp;: la BNP a sciemment maintenu ses op\u00e9rations malgr\u00e9 les embargos, d\u2019apr\u00e8s les enqu\u00eateurs<\/a> (Afriques en lutte)<\/p>\n\n\n\n<p><a href=\"https:\/\/fr.africanews.com\/2024\/04\/01\/togo-gnassingbe-demande-une-relecture-de-la-nouvelle-constitution\/\"><strong>Togo<\/strong> : Gnassingb\u00e9 demande une relecture de la nouvelle Constitution<\/a> (Africanews)<\/p>\n\n\n\n<p><a href=\"https:\/\/infos.lemonde.fr\/optiext\/optiextension.dll?ID=rZYrXNimsJ2u9_URUo1DQvJyro5IRRNHu7ak3oHaWRJFFHBH4AnIgAQdkQDmj4M_b6RPyS_BiQR_R8%2Bg1KDCdWNvObZqgWU6Oq6KuLXY\" target=\"_blank\" rel=\"noreferrer noopener\">Le Togo adopte une nouvelle Constitution, qui le&nbsp;fait basculer en&nbsp;r\u00e9gime parlementaire<\/a> (Le Monde)<\/p>\n\n\n\n<p><\/p>\n","protected":false},"excerpt":{"rendered":"<p>27 avril 4 \u00e9pisodes de l\u2019ONG \u2018Survie\u2019 sur la complicit\u00e9 de la France dans le g\u00e9nocide au Rwanda (Survie, Vid\u00e9os) D\u00e9sastreuse retraite occidentale au Sahel (Le Monde) Au Sahel, la vague de chaleur extr\u00eame est bien due au changement climatique (Le Monde) TV5Monde en discussion pour ouvrir son capital \u00e0 plusieurs pays africains critiqu\u00e9s pour &#8230; <a title=\"Avril &#8211; Afrique subsaharienne\" class=\"read-more\" href=\"https:\/\/www.rdpemancipation.org\/?p=127278\" aria-label=\"En savoir plus sur Avril &#8211; Afrique subsaharienne\">Lire la suite<\/a><\/p>\n","protected":false},"author":1,"featured_media":0,"comment_status":"closed","ping_status":"closed","sticky":false,"template":"","format":"standard","meta":{"_lmt_disableupdate":"","_lmt_disable":"","_jetpack_memberships_contains_paid_content":false,"footnotes":""},"categories":[19],"tags":[],"class_list":["post-127278","post","type-post","status-publish","format-standard","hentry","category-afrique-subsaharienne"],"modified_by":"nch","jetpack_featured_media_url":"","jetpack_sharing_enabled":true,"_links":{"self":[{"href":"https:\/\/www.rdpemancipation.org\/index.php?rest_route=\/wp\/v2\/posts\/127278","targetHints":{"allow":["GET"]}}],"collection":[{"href":"https:\/\/www.rdpemancipation.org\/index.php?rest_route=\/wp\/v2\/posts"}],"about":[{"href":"https:\/\/www.rdpemancipation.org\/index.php?rest_route=\/wp\/v2\/types\/post"}],"author":[{"embeddable":true,"href":"https:\/\/www.rdpemancipation.org\/index.php?rest_route=\/wp\/v2\/users\/1"}],"replies":[{"embeddable":true,"href":"https:\/\/www.rdpemancipation.org\/index.php?rest_route=%2Fwp%2Fv2%2Fcomments&post=127278"}],"version-history":[{"count":10,"href":"https:\/\/www.rdpemancipation.org\/index.php?rest_route=\/wp\/v2\/posts\/127278\/revisions"}],"predecessor-version":[{"id":128344,"href":"https:\/\/www.rdpemancipation.org\/index.php?rest_route=\/wp\/v2\/posts\/127278\/revisions\/128344"}],"wp:attachment":[{"href":"https:\/\/www.rdpemancipation.org\/index.php?rest_route=%2Fwp%2Fv2%2Fmedia&parent=127278"}],"wp:term":[{"taxonomy":"category","embeddable":true,"href":"https:\/\/www.rdpemancipation.org\/index.php?rest_route=%2Fwp%2Fv2%2Fcategories&post=127278"},{"taxonomy":"post_tag","embeddable":true,"href":"https:\/\/www.rdpemancipation.org\/index.php?rest_route=%2Fwp%2Fv2%2Ftags&post=127278"}],"curies":[{"name":"wp","href":"https:\/\/api.w.org\/{rel}","templated":true}]}}