{"id":127276,"date":"2024-04-01T00:20:00","date_gmt":"2024-03-31T22:20:00","guid":{"rendered":"https:\/\/www.rdpemancipation.org\/?p=127276"},"modified":"2024-04-30T19:07:15","modified_gmt":"2024-04-30T17:07:15","slug":"avril-proche-moyen-orient-4","status":"publish","type":"post","link":"https:\/\/www.rdpemancipation.org\/?p=127276","title":{"rendered":"Avril &#8211; Proche &#038; Moyen-Orient"},"content":{"rendered":"\n<p><strong><mark style=\"background-color:rgba(0, 0, 0, 0);color:#ed1010\" class=\"has-inline-color\">30 avril<\/mark><\/strong><\/p>\n\n\n\n<p><a href=\"https:\/\/www.politis.fr\/articles\/2024\/04\/soutien-a-la-palestine-gaza-sciences-po-une-semaine-cle-pour-les-organisations-de-jeunesse\/\">Soutien \u00e0 la Palestine : une semaine cl\u00e9 pour les organisations de jeunesse<\/a>&nbsp;(Politis)<\/p>\n\n\n\n<p><a><\/a><a href=\"https:\/\/infos.lemonde.fr\/optiext\/optiextension.dll?ID=MefMcyBjlQAAn8J7s_1tqsEtgjxab5FLLcJOCo4AdS3B2nqwo0J7M4nBcRdBPZv5QA7U3a6E28HAfpt45hGQy6bI7YMo92OTgb8LNoMK\">Occupation de Sciences&nbsp;Po&nbsp;: la direction d\u00e9fend la&nbsp;<em>voie \u00e9troite du compromis<\/em><\/a>&nbsp;(Le Monde)<\/p>\n\n\n\n<p><a href=\"https:\/\/infos.lemonde.fr\/optiext\/optiextension.dll?ID=MefMhJP5KgXyh48sXcp6oqKmUmK_5%2B8tKK_N3Gbh_6Fpbcbwp4wWJwDylJ6AXFv3Ns6mx6oix3w_1zafjwgyblyB%2B2P6EoXfClJFWIML\">Mathilde Panot et Rima Hassan entendues mardi par la police dans des enqu\u00eates ouvertes pour\u00a0&lsquo;<em>apologie du terrorisme<\/em><\/a>&lsquo;\u00a0(Le Monde)<\/p>\n\n\n\n<p><a href=\"https:\/\/infos.lemonde.fr\/optiext\/optiextension.dll?ID=MefMbtteI0o5Wxj4WgOOmvE4TaD4Vhi0V_74IWXgFkZT9VdwoxtUdWPFGASorAm2XikkPo6gjPl_hfn7hSkFiZVftzT8MTXtglqWlYgP\"><strong>Mobilisation \u00e9tudiante propalestinienne\u00a0: la Sorbonne \u00e9vacu\u00e9e, d\u2019autres actions annonc\u00e9es<\/strong><\/a><a>\u00a0<\/a>(Le Monde)<\/p>\n\n\n\n<p><a href=\"https:\/\/www.middleeasteye.net\/fr\/actu-et-enquetes\/exclusif-israel-prevoit-un-reseau-de-check-points-pour-empecher-les-hommes-de-fuir\"><strong>Gaza&nbsp;<\/strong>: Isra\u00ebl pr\u00e9voit un r\u00e9seau de check-points pour emp\u00eacher les hommes de fuir Rafah<\/a>&nbsp;(MEE)<\/p>\n\n\n\n<p><a href=\"https:\/\/www.middleeasteye.net\/fr\/reportages\/la-cisjordanie-en-proie-aux-attaques-meurtrieres-de-colons-escortes-par-larmee\">La&nbsp;<strong>Cisjordanie<\/strong>&nbsp;en proie aux attaques meurtri\u00e8res de colons escort\u00e9s par l\u2019arm\u00e9e isra\u00e9lienne<\/a>&nbsp;(MEE)<\/p>\n\n\n\n<p><strong><a href=\"https:\/\/www.middleeasteye.net\/fr\/actu-et-enquetes\/les-etats-unis-sefforcent-dempecher-un-mandat-darret-de-la-cpi-contre-netanyahou\">Les \u00c9tats-Unis s\u2019efforcent d\u2019emp\u00eacher un mandat d\u2019arr\u00eat de la CPI contre Netanyahou<\/a>&nbsp;<\/strong>(MEE)<\/p>\n\n\n\n<p><a href=\"https:\/\/alencontre.org\/moyenorient\/palestine\/israel-palestine-un-palestinien-libere-dune-prison-israelienne-decrit-les-coups-les-abus-sexuels-et-la-torture-quil-a-subis.html\">Un\u00a0<strong>Palestinien<\/strong>\u00a0lib\u00e9r\u00e9 d\u2019une prison isra\u00e9lienne d\u00e9crit les coups, les abus sexuels et la torture qu\u2019il a subis<\/a>\u00a0(A l\u2019Encontre)<\/p>\n\n\n\n<p><strong>Analyse<\/strong><\/p>\n\n\n\n<p><a href=\"https:\/\/lundi.am\/bellum-internecinum\">bellum internecinum<\/a>. Colonialisme et terreur. Alain Brossat (Lundimatin)<\/p>\n\n\n\n<p><strong><a href=\"https:\/\/www.middleeasteye.net\/fr\/actu-et-enquetes\/cinq-femmes-qui-ont-marque-lhistoire-de-la-palestine\">Cinq femmes qui ont marqu\u00e9 l\u2019histoire de la Palestine<\/a> <\/strong>(MEE)<\/p>\n\n\n\n<figure class=\"wp-block-image size-large is-resized\"><img data-recalc-dims=\"1\" loading=\"lazy\" decoding=\"async\" width=\"1024\" height=\"585\" src=\"https:\/\/i0.wp.com\/www.rdpemancipation.org\/wp-content\/uploads\/2024\/04\/image-53.png?resize=1024%2C585&#038;ssl=1\" alt=\"\" class=\"wp-image-128411\" style=\"width:446px;height:auto\" srcset=\"https:\/\/i0.wp.com\/www.rdpemancipation.org\/wp-content\/uploads\/2024\/04\/image-53.png?resize=1024%2C585&amp;ssl=1 1024w, https:\/\/i0.wp.com\/www.rdpemancipation.org\/wp-content\/uploads\/2024\/04\/image-53.png?resize=300%2C171&amp;ssl=1 300w, https:\/\/i0.wp.com\/www.rdpemancipation.org\/wp-content\/uploads\/2024\/04\/image-53.png?resize=768%2C439&amp;ssl=1 768w, https:\/\/i0.wp.com\/www.rdpemancipation.org\/wp-content\/uploads\/2024\/04\/image-53.png?w=1400&amp;ssl=1 1400w\" sizes=\"auto, (max-width: 1024px) 100vw, 1024px\" \/><\/figure>\n\n\n\n<p><strong><mark style=\"background-color:rgba(0, 0, 0, 0);color:#ed1010\" class=\"has-inline-color\">29 avril<\/mark><\/strong><\/p>\n\n\n\n<p><strong><a href=\"https:\/\/www.humanite.fr\/societe\/bande-de-gaza\/blocage-de-la-sorbonne-en-soutien-a-gaza-une-intervention-de-la-police-en-cours\">Blocage de la Sorbonne en soutien \u00e0 Gaza : une intervention de la police en cours<\/a>&nbsp;<\/strong>(L\u2019Humanit\u00e9)<\/p>\n\n\n\n<p><a href=\"https:\/\/www.liberation.fr\/societe\/education\/soutien-aux-palestiniens-un-campement-a-la-sorbonne-apres-le-blocage-de-sciences-po-20240429_4DQKOQEZGRDRXGYGOKJ6TNXKPU\/\"><strong>Soutien aux Palestiniens&nbsp;: un campement \u00e0 la Sorbonne, apr\u00e8s le blocage de Sciences-Po<\/strong><\/a>&nbsp;(Lib\u00e9ration acc\u00e8s libre)<\/p>\n\n\n\n<p><strong><a href=\"https:\/\/www.boursorama.com\/actualite-economique\/actualites\/les-etudiants-pro-palestiniens-sommes-d-evacuer-leur-campement-a-l-universite-de-columbia-5361ce10247c13664874a091b7ab03bd\">Les \u00e9tudiants pro-palestiniens somm\u00e9s d\u2019\u00e9vacuer leur campement \u00e0 l\u2019universit\u00e9 de Columbia<\/a>&nbsp;<\/strong>(AFP)<strong>&nbsp;&nbsp;&nbsp;<\/strong><\/p>\n\n\n\n<p><a href=\"https:\/\/www.blast-info.fr\/articles\/2024\/le-monde-gaza-les-insoumis-et-les-quartiers-populaires-J0FHTvc0QhCMNRc_K98fsg\">Le Monde, Gaza, les insoumis et les \u00ab quartiers populaires \u00bb<\/a>&nbsp;(Blast)<\/p>\n\n\n\n<p><a href=\"https:\/\/www.liberation.fr\/international\/moyen-orient\/offre-de-treve-a-gaza-avec-liberation-dotages-la-reponse-du-hamas-attendue-ce-lundi-20240429_A2XUKNFVL5FOZE7SJQRNA3BC3I\/\"><strong>Gaza<\/strong>&nbsp;: le monde suspendu \u00e0 l\u2019annonce de la fin de la guerre et de la lib\u00e9ration d\u2019otages<\/a>&nbsp;(Lib\u00e9ration acc\u00e8s libre)<\/p>\n\n\n\n<p><a href=\"https:\/\/orientxxi.info\/magazine\/jordanie-la-rue-gronde-contre-les-ambiguites-de-la-monarchie,7278\"><strong>Jordanie<\/strong>. La rue gronde contre les ambigu\u00eft\u00e9s de la monarchie<\/a>&nbsp;(Orient XXI)<\/p>\n\n\n\n<p><a href=\"https:\/\/orientxxi.statslive.info\/c\/6101112562\/eyJpdiI6ImhVaTdQNFdEODBcL0M0N3RuNHoyMzAydUg0VUt2eTFWbXpIOVVvWkxTRE1VPSIsIm1hYyI6IjEyNjJjMmM5MWM5MjFlZDczNzFmYWYyZTM2M2M0ZWQxZjg3MGQ4MmJhNDIyMjBhNTUwN2IxM2UxMTg3M2VlNmMiLCJ2YWx1ZSI6IlQrYW0rdWdEWitUNE5cL2l6dHJ5S2JQT0gyZFF3SFU5MkdYUWJoV2lFeldFPSJ9\"><strong>Syrie<\/strong>. \u00c0 Idlib, Mohamed Al-Joulani dans la tourmente<\/a>&nbsp;(Orient XXI)<\/p>\n\n\n\n<p><a href=\"https:\/\/orientxxi.statslive.info\/c\/6101112549\/eyJpdiI6IlVWNGxZVytQeE9FSnhJM3VGYUsyRWowWDVzalRZUXVJbDVpVXowNjR4dk09IiwibWFjIjoiYzM0ZGViNDc3ZWM2YzBiZGNlY2Y1YzBiNTRjZjNjMzg5YzVmZTY0MTEyNDlmM2RiNzQ2OGE5ZDIxYzg5ZmZmMCIsInZhbHVlIjoib09USXVpNWs1RHhGR2xVRHZBQ0YyRGR2UDAxOXlPWEtNYXMwaWxEZ3VwWT0ifQ==\" target=\"_blank\" rel=\"noreferrer noopener\">\u00ab&nbsp;C\u2019est toute l\u2019histoire industrielle de Gaza qui se termine&nbsp;\u00bb<\/a> (Orient XXI)<\/p>\n\n\n\n<p><strong><a href=\"https:\/\/infos.lemonde.fr\/optiext\/optiextension.dll?ID=3vu3wzR2eUpddbFCccLsbxma4xHWcEAXH%2B7wamOCDWEpUSnhF%2BHNetYEU8KkZSfq9y0OfWmPvWQOZ46L8c_LMLE3cvTWm9Q1ubRS24xg\">Comment Isra\u00ebl \u00e9limine toute alternative au&nbsp;Hamas \u00e0&nbsp;Gaza<\/a><\/strong>&nbsp;-Jean-Pierre Filiu&nbsp;<a>(Le Monde)<\/a><\/p>\n\n\n\n<p><a href=\"https:\/\/orientxxi.statslive.info\/c\/6101112574\/eyJpdiI6ImU2WXVhRkRDWnp5Kzk4M0tXdHB1a2p2Y0NQcVRhNGRhOWtNV3RDZEtLRWc9IiwibWFjIjoiOTc1N2VkMDJlYWIzYjlmOTYxNTZiZjRmMjU4ODllNzJhOGFjNDdhMTM1ODNlNmM1N2ZhYzg2MGI2YjkxOTdmOSIsInZhbHVlIjoiTjhPbXdPYlVNcEsyU0Z0Q0dGMEozdXVYZmdZSjc2cE53eVwvb1Z4MmRvdFE9In0=\">De Tel-Aviv \u00e0 Ha\u00effa\u00a0: \u00abTu crois que c\u2019est la fin d\u2019Isra\u00ebl\u00a0?\u00bb<\/a>\u00a0(Orient XXI)<\/p>\n\n\n\n<p><a href=\"https:\/\/reporterre.net\/Guerre-a-Gaza-l-environnement-une-victime-silencieuse\" target=\"_blank\" rel=\"noreferrer noopener\"><strong>Guerre \u00e0 Gaza\u00a0: l&rsquo;environnement, une victime silencieuse<\/strong><\/a> (Reporterre)<\/p>\n\n\n\n<p><strong><mark style=\"background-color:rgba(0, 0, 0, 0);color:#ed1010\" class=\"has-inline-color\">27 avril<\/mark><\/strong><\/p>\n\n\n\n<p><a href=\"https:\/\/www.boursorama.com\/videos\/actualites\/marche-dans-le-centre-de-londres-pour-soutenir-les-palestiniens-5319d30cb61ab991996d87f2b9d23911\">Marche dans le centre de Londres pour soutenir les Palestiniens<\/a>&nbsp;(AFP vid\u00e9o) &nbsp;&nbsp;<\/p>\n\n\n\n<p><strong><a href=\"https:\/\/www.boursorama.com\/videos\/actualites\/etats-unis-le-mouvement-de-soutien-a-gaza-se-generalise-sur-les-campus-universitaires-9a727fb655e1dac6ebecf8b27233e69f\">USA : le mouvement de soutien \u00e0 Gaza se g\u00e9n\u00e9ralise sur les campus universitaires<\/a><\/strong>&nbsp;(France 24) &nbsp;<\/p>\n\n\n\n<p><a href=\"https:\/\/www.francetvinfo.fr\/monde\/onu\/faute-de-preuves-par-israel-l-onu-a-classe-ou-suspendu-plusieurs-dossiers-visant-des-employes-de-son-agence-pour-les-refugies-palestiniens_6510428.html\">Faute de preuves par Isra\u00ebl, l\u2019ONU a class\u00e9 ou suspendu plusieurs dossiers visant des employ\u00e9s de son agence pour les r\u00e9fugi\u00e9s palestiniens<\/a>&nbsp;(France Info)<a href=\"https:\/\/www.francetvinfo.fr\/monde\/proche-orient\/israel-palestine\/guerre-entre-israel-et-le-hamas-l-union-europeenne-annonce-une-nouvelle-aide-humanitaire-de-68-millions-d-euros-destinee-a-gaza_6510290.html\"><\/a><\/p>\n\n\n\n<p><a href=\"https:\/\/www.francetvinfo.fr\/monde\/proche-orient\/israel-palestine\/guerre-entre-israel-et-le-hamas-l-union-europeenne-annonce-une-nouvelle-aide-humanitaire-de-68-millions-d-euros-destinee-a-gaza_6510290.html\">L\u2019UE annonce une nouvelle aide humanitaire de 68 millions \u20ac destin\u00e9e \u00e0 Gaza<\/a>&nbsp;(France Info)<\/p>\n\n\n\n<p><a href=\"https:\/\/www.boursorama.com\/actualite-economique\/actualites\/le-hamas-dit-avoir-recu-une-reponse-d-israel-a-sa-proposition-de-cessez-le-feu-4a2c6c3d8eb78e5005d89f6215b39364\">Le Hamas dit avoir re\u00e7u une r\u00e9ponse d\u2019Isra\u00ebl \u00e0 sa proposition de cessez-le-feu<\/a>&nbsp;(Reuters)<\/p>\n\n\n\n<p><strong><mark style=\"background-color:rgba(0, 0, 0, 0);color:#ed1010\" class=\"has-inline-color\">25 et 26 avril<\/mark><\/strong><\/p>\n\n\n\n<p><strong><a href=\"https:\/\/www.humanite.fr\/societe\/bande-de-gaza\/blocage-pour-gaza-a-sciences-po-avec-lirruption-des-crs-une-ligne-rouge-a-ete-franchie\">Blocage pour Gaza \u00e0 Sciences Po : \u2018Avec l\u2019irruption des CRS, une ligne rouge a \u00e9t\u00e9 franchie\u2019<\/a>&nbsp;<\/strong>(L\u2019Humanit\u00e9)<\/p>\n\n\n\n<p><a href=\"https:\/\/www.lemediatv.fr\/emissions\/2024\/pas-une-guerre-mais-un-genocide-la-sorbonne-se-souleve-contre-macron-pour-la-palestine-x5OiLMTqRo2e4TO4jSvLzg\">\u00ab&nbsp;Pas une guerre, mais un g\u00e9nocide&nbsp;\u00bb : la Sorbonne se soul\u00e8ve contre Macron, pour la Palestine<\/a>&nbsp;(Le M\u00e9dia)<\/p>\n\n\n\n<p><a href=\"https:\/\/www.politis.fr\/articles\/2024\/04\/stop-a-la-criminalisation-du-soutien-a-la-palestine\/\">Stop \u00e0 la criminalisation du soutien \u00e0 la Palestine !<\/a>&nbsp;(Politis)<\/p>\n\n\n\n<p><a href=\"https:\/\/mondafrique.com\/a-la-une\/le-stress-humanitaire-de-la-population-syrienne\/\">\u00ab&nbsp;Le stress humanitaire&nbsp;\u00bb de la population syrienne<\/a>&nbsp;(Mondafrique)<\/p>\n\n\n\n<p><strong><a href=\"https:\/\/www.mediapart.fr\/journal\/international\/260424\/contre-la-guerre-gaza-les-campus-etats-uniens-s-embrasent\">Contre la guerre \u00e0 Gaza, les campus \u00e9tats-uniens s\u2019embrasent<\/a>&nbsp;<\/strong>(Mediapart)<\/p>\n\n\n\n<p><a href=\"https:\/\/orientxxi.info\/dossiers-et-series\/on-a-pris-des-risques-pour-aller-a-la-plage-parce-qu-on-aime-la-vie,7280\">Gaza&nbsp;: \u2018On a pris des risques pour aller \u00e0 la plage parce qu\u2019on aime la vie\u2019<\/a>&nbsp;(Orient XXI)<\/p>\n\n\n\n<p><strong><a href=\"https:\/\/www.blast-info.fr\/emissions\/2024\/gaza-lobjectif-israelien-est-de-faire-disparaitre-les-palestiniens-avec-rony-brauman-3ZxmRh0_Q8yG-FR-oe2HoQ\">Gaza : \u2018L\u2019objectif isra\u00e9lien est de faire dispara\u00eetre les Palestiniens\u2019, avec Rony Brauman<\/a>&nbsp;<\/strong>(Blast)<\/p>\n\n\n\n<p><a href=\"https:\/\/www.middleeasteye.net\/fr\/reportages\/guerre-gaza-dans-la-fosse-commune-de-lhopital-al-nasser-des-meres-cherchent-leurs\">Gaza : dans la fosse commune de l\u2019h\u00f4pital al-Nasser, des m\u00e8res cherchent leurs enfants<\/a>&nbsp;(MEE)<\/p>\n\n\n\n<p><a href=\"https:\/\/www.middleeasteye.net\/fr\/actu-et-enquetes\/de-science-po-paris-harvard-les-campus-se-mobilisent-pour-la-palestine\">De Science Po Paris \u00e0 Harvard, les campus se mobilisent pour la Palestine<\/a>&nbsp;(MEE)<\/p>\n\n\n\n<p><a href=\"https:\/\/www.middleeasteye.net\/fr\/actu-et-enquetes\/ce-que-le-hamas-attend-disrael-et-pourquoi-les-negociations-sur-un-cessez-le-feu\">Ce que le Hamas attend d\u2019Isra\u00ebl \u2013 et pourquoi les n\u00e9gociations sur un cessez-le-feu \u00e0 Gaza sont au point mort<\/a>&nbsp;(MEE)<\/p>\n\n\n\n<p><a href=\"https:\/\/www.middleeasteye.net\/fr\/actu-et-enquetes\/netzah-yehuda-ce-bataillon-ultra-orthodoxe-de-larmee-israelienne-bientot\">Netzah Yehuda, ce bataillon ultra-orthodoxe de l\u2019arm\u00e9e isra\u00e9lienne bient\u00f4t sanctionn\u00e9 par les \u00c9tats-Unis<\/a>&nbsp;(MEE)<\/p>\n\n\n\n<p><a href=\"https:\/\/www.blast-info.fr\/articles\/2024\/qatar-connection-lemirat-en-flagrant-delit-de-mensonge-a-lonu-MfippTtkR22Jx6PEVrIetw\">Qatar connection : L\u2019Emirat en flagrant d\u00e9lit de mensonge \u00e0 l\u2019ONU<\/a>&nbsp;(Blast)<\/p>\n\n\n\n<p><strong><mark style=\"background-color:rgba(0, 0, 0, 0);color:#ed1010\" class=\"has-inline-color\">24 avril<\/mark><\/strong><\/p>\n\n\n\n<p><a href=\"https:\/\/www.mediapart.fr\/journal\/france\/230424\/les-prefets-en-premiere-ligne-de-la-repression-du-soutien-gaza\">Les pr\u00e9fets en premi\u00e8re ligne contre le soutien \u00e0 <strong>Gaza&nbsp;<\/strong><\/a>(M\u00e9diapart)<\/p>\n\n\n\n<p><a href=\"https:\/\/www.connaissancedesenergies.org\/afp\/lassureur-axa-refute-les-accusations-sur-ses-liens-avec-des-banques-israeliennes-240423\">L&rsquo;assureur Axa r\u00e9fute les accusations sur ses liens avec des banques isra\u00e9liennes<\/a> (AFP)<\/p>\n\n\n\n<p><a href=\"https:\/\/www.rfi.fr\/fr\/en-bref\/20240424-le-pr%C3%A9sident-am%C3%A9ricain-demande-%C3%A0-isra%C3%ABl-de-permettre-sans-d%C3%A9lai-l-acc%C3%A8s-%C3%A0-l-aide-humanitaire-%C3%A0-gaza\">Le pr\u00e9sident am\u00e9ricain demande \u00e0 <strong>Isra\u00ebl <\/strong>de permettre \u00absans d\u00e9lai\u00bb l\u2019acc\u00e8s \u00e0 l\u2019aide humanitaire \u00e0 Gaza<\/a>&nbsp;(RFI)<\/p>\n\n\n\n<p><a href=\"https:\/\/www.rfi.fr\/fr\/moyen-orient\/20240424-jordanie-unrwa-craintes-r%C3%A9fugi%C3%A9s-palestiniens-manque-de-financement\"><strong>Jordanie<\/strong> : les r\u00e9fugi\u00e9s palestiniens inquiets du manque de financement de l\u2019Unrwa<\/a>&nbsp;(RFI)<\/p>\n\n\n\n<p><a href=\"https:\/\/www.mediapart.fr\/journal\/international\/240424\/gaza-nous-avons-face-nous-tous-les-signes-avant-coureurs-d-un-genocide\"><strong>Gaza<\/strong>&nbsp;: \u00ab Nous avons face \u00e0 nous tous les signes avant-coureurs d\u2019un g\u00e9nocide \u00bb&nbsp;<\/a><a>&nbsp;(M\u00e9diapart)<\/a><\/p>\n\n\n\n<p><a href=\"https:\/\/www.mediapart.fr\/journal\/international\/230424\/proche-orient-israel-n-pas-fourni-de-preuves-contre-l-unrwa\">Proche-Orient&nbsp;: Isra\u00ebl n\u2019a pas fourni de preuves contre l\u2019<strong>UNRWA<\/strong>&nbsp;<\/a>&nbsp;(M\u00e9diapart)<\/p>\n\n\n\n<p><a href=\"https:\/\/www.rfi.fr\/fr\/moyen-orient\/20240423-gaza-pr%C3%A8s-de-300-corps-exhum%C3%A9s-de-l-h%C3%B4pital-nasser-apr%C3%A8s-le-retrait-de-l-arm%C3%A9e-isra%C3%A9lienne\"><strong>Gaza<\/strong> : pr\u00e8s de 300 corps exhum\u00e9s de l\u2019h\u00f4pital Nasser apr\u00e8s le retrait de l\u2019arm\u00e9e isra\u00e9lienne<\/a>&nbsp;(RFI)<\/p>\n\n\n\n<p><a href=\"https:\/\/www.mediapart.fr\/journal\/international\/230424\/hopitaux-de-gaza-l-onu-veut-une-enquete-internationale-sur-des-fosses-communes\">H\u00f4pitaux de <strong>Gaza<\/strong> : l\u2019ONU veut une enqu\u00eate internationale sur des fosses communes&nbsp;<\/a>(AFP)<\/p>\n\n\n\n<p><a href=\"https:\/\/alencontre.org\/laune\/dossier-les-pogroms-se-multiplient-en-cisjordanie-les-soldats-ouvrent-la-voie-aux-colons.html\">Dossier. Les pogroms se multiplient en <strong>Cisjordanie<\/strong>. Les soldats ouvrent la voie aux colons&nbsp;<\/a>&nbsp;(A l\u2019Encontre)<\/p>\n\n\n\n<p><a href=\"https:\/\/www.hrw.org\/fr\/news\/2024\/04\/22\/iran-les-forces-de-securite-ont-viole-et-torture-des-personnes-detenues\"><strong>Iran<\/strong> : Les forces de s\u00e9curit\u00e9 ont viol\u00e9 et tortur\u00e9 des personnes d\u00e9tenues&nbsp;<\/a>&nbsp;(HRW)<a href=\"https:\/\/www.rfi.fr\/fr\/en-bref\/20240424-iran-un-rappeur-condamn%C3%A9-%C3%A0-mort-pour-avoir-soutenu-les-manifestations-de-2022\"><\/a><\/p>\n\n\n\n<p><a href=\"https:\/\/www.rfi.fr\/fr\/en-bref\/20240424-iran-un-rappeur-condamn%C3%A9-%C3%A0-mort-pour-avoir-soutenu-les-manifestations-de-2022\"><strong>Iran<\/strong> : un rappeur condamn\u00e9 \u00e0 mort pour avoir soutenu les manifestations de 2022<\/a>&nbsp;(RFI)<\/p>\n\n\n\n<p><strong>Analyse&nbsp;&nbsp;&nbsp;&nbsp;&nbsp;&nbsp;&nbsp;&nbsp;&nbsp;&nbsp;&nbsp;&nbsp;&nbsp;&nbsp;&nbsp;&nbsp;&nbsp;&nbsp;&nbsp;&nbsp;&nbsp;&nbsp;&nbsp;&nbsp;<\/strong><\/p>\n\n\n\n<p><a href=\"https:\/\/www.mediapart.fr\/journal\/france\/200424\/contre-la-solidarite-avec-la-palestine-un-maccarthysme-la-francaise\"><strong>Un maccarthysme \u00e0 la fran\u00e7aise<\/strong>&nbsp;<\/a>&nbsp;-Edwy Plenel (M\u00e9diapart)<\/p>\n\n\n\n<p><strong><a href=\"https:\/\/www.contretemps.eu\/macron-autoritarisme-escalade-repressive-solidarite-palestine-front-democratie\/\">\u00c9ditorial : contre l\u2019escalade r\u00e9pressive, pour la solidarit\u00e9 avec la Palestine, faisons front maintenant&nbsp;!<\/a>&nbsp;<\/strong>(Contretemps)<\/p>\n\n\n\n<p><a href=\"https:\/\/link.newsletter.franceculture.fr\/m\/ml\/7429\/867489\/vWTEbCnBUn-pe8LUTedS9m9C5lXTLJmivm821gAfcU8=\/8gVyMauArYxfg7rzABHt9q-two8Isghi0xF2x6XWH+c=\/\">Territoires palestiniens&nbsp;: mariage de raison entre l\u2019<strong>Iran<\/strong> et le <strong>Hamas<\/strong><\/a>&nbsp;(France Culture)<\/p>\n\n\n\n<p><strong><mark style=\"background-color:rgba(0, 0, 0, 0);color:#ed1010\" class=\"has-inline-color\">23 avril<\/mark><\/strong><\/p>\n\n\n\n<p><a href=\"https:\/\/elwatan-dz.com\/les-dirigeants-universitaires-auditionnes-sur-les-manifestations-anti-israel-le-soutien-estudiantin-a-ghaza-fait-peur-a-lestablishment\"><strong>USA<\/strong>&nbsp;: les dirigeants universitaires auditionn\u00e9s sur les manifestations <strong>propalestiniennes <\/strong>\u00e0 Columbia<\/a>&nbsp;(El Watan dz)<\/p>\n\n\n\n<p><a href=\"https:\/\/lundi.am\/Premiere-etape-s-emparer-de-Colombia\">\u00ab&nbsp;Premi\u00e8re \u00e9tape, s\u2019emparer de&nbsp;<strong>Colombia&nbsp;<\/strong>\u00bb<\/a>&nbsp;(Lundimatin)<\/p>\n\n\n\n<p><a href=\"https:\/\/elwatan-dz.com\/tandis-que-lentite-sioniste-poursuit-ses-bombardements-les-etats-unis-votent-pour-une-nouvelle-aide-financiere-a-israel\">Les Etats-Unis votent pour une nouvelle aide financi\u00e8re \u00e0<strong>&nbsp;Isra\u00ebl<\/strong><\/a>&nbsp;(El Watan dz)<\/p>\n\n\n\n<p><a href=\"https:\/\/orientxxi.info\/magazine\/en-turquie-l-opposition-retrouve-de-la-vigueur-apres-les-municipales,7265\">En&nbsp;<strong>Turquie<\/strong>, l\u2019opposition retrouve de la vigueur apr\u00e8s les municipales<\/a>&nbsp;(Orient XXI)<\/p>\n\n\n\n<p><strong><mark style=\"background-color:rgba(0, 0, 0, 0);color:#ed1010\" class=\"has-inline-color\">22 avril<\/mark><\/strong><\/p>\n\n\n\n<p><a href=\"https:\/\/www.youtube.com\/watch?v=BZ3zYats9Cw\"><strong>Convocations, censure de Rima Hassan et M\u00e9lenchon&nbsp;: peut-on encore soutenir la Palestine en&nbsp;France&nbsp;?<\/strong><\/a>&nbsp;(Le M\u00e9dia)<\/p>\n\n\n\n<p><a href=\"https:\/\/www.francetvinfo.fr\/monde\/proche-orient\/israel-palestine\/direct-le-chef-du-renseignement-militaire-israelien-demissionne-en-raison-de-sa-responsabilite-dans-les-attaques-du-7-octobre_6501536.html\"><strong>Le chef du renseignement militaire isra\u00e9lien d\u00e9missionne pour sa \u2018responsabilit\u00e9\u2019 dans les attaques du 7 octobre<\/strong><\/a>(Le direct de France info)<\/p>\n\n\n\n<p><a href=\"https:\/\/www.boursorama.com\/actualite-economique\/actualites\/le-comite-d-evaluation-de-l-unrwa-salue-les-mesures-prises-pour-assurer-sa-neutralite-f5178c64f79a39967891c460ce58afec\">Le comit\u00e9 d\u2019\u00e9valuation de l\u2019<strong>UNRWA<\/strong> salue les mesures prises pour assurer sa \u00ab&nbsp;neutralit\u00e9&nbsp;\u00bb<\/a>&nbsp;(Reuters)<\/p>\n\n\n\n<p><a href=\"https:\/\/www.boursorama.com\/videos\/actualites\/israel-manifestation-antigouvernementale-a-tel-aviv-8cf223cbfad1253fd2e6d73a02e16b3e\"><strong>Isra\u00ebl : manifestation antigouvernementale \u00e0 Tel-Aviv<\/strong><\/a> (AFP vid\u00e9o)&nbsp;&nbsp;<\/p>\n\n\n\n<p><a href=\"https:\/\/www.boursorama.com\/videos\/actualites\/guerre-israel-hamas-washington-pret-a-sanctionner-un-bataillon-de-l-armee-israelienne-5a4784aac0973b528dafe35494562f68\">Guerre Isra\u00ebl-Hamas : Washington pr\u00eat \u00e0 sanctionner un bataillon de l\u2019arm\u00e9e <strong>isra\u00e9lienne<\/strong><\/a>&nbsp;(France 24)&nbsp;<\/p>\n\n\n\n<p><a href=\"https:\/\/www.boursorama.com\/videos\/actualites\/guerre-israel-hamas-une-situation-intenable-en-cisjordanie-c45c3309f707f46e53ad5f738edfe24c\">Guerre Isra\u00ebl-Hamas : \u00ab&nbsp;une situation intenable&nbsp;\u00bb en <strong>Cisjordanie<\/strong><\/a>&nbsp;(France 24)&nbsp;<\/p>\n\n\n\n<p><a href=\"https:\/\/histoireetsociete.com\/2024\/04\/20\/lhistoire-se-souviendra-de-ce-veto-des-etats-unis\/\"><strong>Palestine<\/strong>&nbsp;: l\u2019histoire se souviendra de ce veto des Etats-Unis<\/a>&nbsp;(Global Times&nbsp;<em>via<\/em>&nbsp;Histoire et Soci\u00e9t\u00e9)<\/p>\n\n\n\n<p><a href=\"https:\/\/www.boursorama.com\/actualite-economique\/actualites\/la-guerre-accelere-l-annexion-de-l-economie-palestinienne-par-israel-selon-des-analystes-70ff64d259c9fcf9c89f6d683d46f5a9\">La guerre acc\u00e9l\u00e8re \u00ab\u00a0l&rsquo;annexion\u00a0\u00bb de l&rsquo;\u00e9conomie palestinienne par <strong>Isra\u00ebl<\/strong><\/a> (AFP)&nbsp;&nbsp;<\/p>\n\n\n\n<p><strong>Analyse<\/strong><\/p>\n\n\n\n<p><a href=\"https:\/\/www.contretemps.eu\/guerre-iran-israel-imperialisme-autoritarisme\/\"><strong>\u00c0 l\u2019origine des menaces de guerre g\u00e9n\u00e9ralis\u00e9e : la politique criminelle et l\u2019impunit\u00e9 d\u2019Isra\u00ebl<\/strong><\/a>&nbsp;(Contretemps)<\/p>\n\n\n\n<p><a href=\"https:\/\/www.pressenza.com\/fr\/2024\/04\/que-signifie-la-confrontation-entre-israel-et-liran\/\">Que signifie la confrontation entre Isra\u00ebl et l\u2019Iran ?<\/a>&nbsp;(Pressenza)<\/p>\n\n\n\n<p><strong><mark style=\"background-color:rgba(0, 0, 0, 0);color:#ed1010\" class=\"has-inline-color\">20 avril<\/mark><\/strong><\/p>\n\n\n\n<p><a href=\"https:\/\/www.lemediatv.fr\/emissions\/2024\/de-poutou-a-melenchon-il-faut-un-front-contre-la-censure-des-pro-palestine-b0U3RiIRS9e9ntDD9hD_UA\"><strong>De Poutou \u00e0 M\u00e9lenchon : \u00ab Il faut un front contre la censure des pro-Palestine \u00bb<\/strong><\/a>&nbsp;(Le M\u00e9dia)<\/p>\n\n\n\n<p><a href=\"https:\/\/www.francetvinfo.fr\/monde\/proche-orient\/israel-palestine\/direct-irak-un-bombardement-sur-une-base-militaire-abritant-d-anciens-paramilitaires-pro-iran-fait-plusieurs-victimes_6497873.html\">Proche-Orient : le ministre iranien des Affaires \u00e9trang\u00e8res minimise l\u2019attaque imput\u00e9e \u00e0 Isra\u00ebl<\/a>&nbsp;(Le direct de France Info)<\/p>\n\n\n\n<p><a href=\"https:\/\/infos.lemonde.fr\/optiext\/optiextension.dll?ID=6yz6FHGO6ANaG%2BUL5qB6jY7Q2UQzrS1WhTn23F9n0Bc5UlWkt6U1n7AkVm9EGqWkyDhu14vvxMvpcUcy5avoep9STacRU51Jlm3aheA7\">Aux Etats-Unis, la politique \u00e9trang\u00e8re de Joe Biden emp\u00eatr\u00e9e dans ses contradictions<\/a>&nbsp;(Le Monde)<\/p>\n\n\n\n<p><a href=\"https:\/\/infos.lemonde.fr\/optiext\/optiextension.dll?ID=pTSpQIRa4fBu8sNK1CP30mOUKz5f8s3GymDY1n0hZ%2BGMorrFNOyQS7WuKZy9oKknKE0KZ4mKYMCYmxcFN%2B2nE5BkTiP0ORxOAPCCu_VS\">Le programme nucl\u00e9aire de l\u2019Iran, toile de fond des tensions avec Isra\u00ebl<\/a>&nbsp;(Le Monde)<\/p>\n\n\n\n<p><a href=\"https:\/\/orientxxi.statslive.info\/c\/6101079590\/eyJpdiI6IllLMXFvdlNob1pwaUlncFU1SEZXTmNwbnZ3ZzF3QkNKdG5wejVsMzNhSGM9IiwibWFjIjoiYTQwZjU0YTZiNTNjMTgxNDAzZDg4NDY1YzU3ZTA5MjJhMzZhNmNmN2JlNmFkMDBlN2FkYzVhOTU5YjgwZDAzOCIsInZhbHVlIjoiNVQzendFQWJPOE9aQU11cWNqVUlQMWREV05TNDh3NDdMMVZVSjNTTG5tTT0ifQ==\"><strong>\u00abComme tous les pouvoirs coloniaux, Isra\u00ebl ne veut pas d\u2019une soci\u00e9t\u00e9 \u00e9duqu\u00e9e\u00bb<\/strong><\/a>&nbsp;(Orient XXI)<\/p>\n\n\n\n<p><a href=\"https:\/\/orientxxi.statslive.info\/c\/6101079592\/eyJpdiI6InoxeHlcL0djeWdsdUJ6OE1XZUxzZ0ZlYmJCV0daNVdLenhJTlE4N0d4OVRZPSIsIm1hYyI6IjJmY2I2MDc2MDBlNjllNWVmNDg4MDExOGViMjcwMjZiMDUwNDIxYjkzYWFhMjFkNDgwYmVmZWE5MzAyZDJlNzYiLCJ2YWx1ZSI6IlBUb1hJalZGZVZrRTU4S3dvOWMyeXFyMDdyMXdLU0NXWWRcL3UyRHFONDk4PSJ9\">Gaza&nbsp;: Les d\u00e9plac\u00e9s veulent rentrer chez eux<\/a>&nbsp;(Orient XXI)<\/p>\n\n\n\n<p><a href=\"https:\/\/orientxxi.statslive.info\/c\/6101079602\/eyJpdiI6ImdFWmlMck1jYjROdGZcL1RkQ0cwc0xyNXhtdHNza0lLUHdiSDM4R0ZzR25jPSIsIm1hYyI6ImNlMTg5ZDZjYzY5MTY2MjEyMWUxNWJjMDdhN2IzZjU3NmZhMTc5NDFlYjViZjYxNjVjNTQ3NjZjYTBlZTY0ZWEiLCJ2YWx1ZSI6IkVcL0hwYWFEMVRHdGx1aFo5akJkYytPRlBtK3A0bnpOekV5N2UwQk1BNUdZPSJ9\">L\u2019avenir incertain des Druzes d\u2019Isra\u00ebl<\/a>&nbsp;(Orient XXI)<\/p>\n\n\n\n<p><strong><mark style=\"background-color:rgba(0, 0, 0, 0);color:#ed1010\" class=\"has-inline-color\">19 avril<\/mark><\/strong><\/p>\n\n\n\n<p><a href=\"https:\/\/www.francetvinfo.fr\/politique\/la-france-insoumise\/la-militante-franco-palestinienne-rima-hassan-est-convoquee-par-la-police-judiciaire-lfi-denonce-une-intimidation-inaccepatble_6496508.html\">La militante franco-palestinienne Rima Hassan convoqu\u00e9e par la police judiciaire, une \u00ab&nbsp;intimidation inacceptable&nbsp;\u00bb pour LFI<\/a>&nbsp;(France Info)<\/p>\n\n\n\n<figure class=\"wp-block-image size-large is-resized\"><img data-recalc-dims=\"1\" loading=\"lazy\" decoding=\"async\" width=\"1024\" height=\"576\" src=\"https:\/\/i0.wp.com\/www.rdpemancipation.org\/wp-content\/uploads\/2024\/04\/image-41.png?resize=1024%2C576&#038;ssl=1\" alt=\"\" class=\"wp-image-128042\" style=\"width:428px;height:auto\" srcset=\"https:\/\/i0.wp.com\/www.rdpemancipation.org\/wp-content\/uploads\/2024\/04\/image-41.png?resize=1024%2C576&amp;ssl=1 1024w, https:\/\/i0.wp.com\/www.rdpemancipation.org\/wp-content\/uploads\/2024\/04\/image-41.png?resize=300%2C169&amp;ssl=1 300w, https:\/\/i0.wp.com\/www.rdpemancipation.org\/wp-content\/uploads\/2024\/04\/image-41.png?resize=768%2C432&amp;ssl=1 768w, https:\/\/i0.wp.com\/www.rdpemancipation.org\/wp-content\/uploads\/2024\/04\/image-41.png?w=1328&amp;ssl=1 1328w\" sizes=\"auto, (max-width: 1024px) 100vw, 1024px\" \/><\/figure>\n\n\n\n<p><a><\/a><a href=\"https:\/\/www.contretemps.eu\/orientalisme-imperialisme-couverture-medias-palestine\/\">Orientalisme, imp\u00e9rialisme et couverture des m\u00e9dias dominants de la Palestine<\/a>&nbsp;(Contretemps)<\/p>\n\n\n\n<p><strong><a href=\"https:\/\/blogs.mediapart.fr\/tsedek\/blog\/190424\/marche-du-21-avril-le-gouvernement-poursuit-sa-derive-liberticide\">Marche du 21 avril : le gouvernement poursuit sa d\u00e9rive liberticide<\/a>&nbsp;<\/strong>(Blog de&nbsp;Tsedek!)<\/p>\n\n\n\n<p><a href=\"https:\/\/www.boursorama.com\/actualite-economique\/actualites\/nouveaux-raids-meurtriers-israeliens-a-gaza-guterres-deplore-un-enfer-humanitaire-c5f1e2c8fb132da9bc25856ef11fc074\">Nouveaux raids meurtriers isra\u00e9liens \u00e0&nbsp;<strong>Gaza<\/strong>, Guterres d\u00e9plore un \u00ab&nbsp;enfer humanitaire&nbsp;\u00bb<\/a>&nbsp;(AFP) &nbsp;&nbsp;<\/p>\n\n\n\n<p><a href=\"https:\/\/www.middleeasteye.net\/fr\/actu-et-enquetes\/des-detenus-de-gaza-ont-ete-forces-de-se-comporter-comme-des-animaux-par-des\">Des d\u00e9tenus de Gaza \u00abforc\u00e9s de se comporter comme des animaux\u00bb par des soldats isra\u00e9liens qui leur ont \u00aburin\u00e9 dessus\u00bb, selon l\u2019UNRWA<\/a> (MEE)<\/p>\n\n\n\n<p><a href=\"https:\/\/www.humanite.fr\/en-debat\/archeologie\/gaza-sous-les-bombes-israeliennes-une-histoire-millenaire-menacee-deffacement\"><strong>Gaza<\/strong>&nbsp;: sous les bombes isra\u00e9liennes, une histoire mill\u00e9naire menac\u00e9e d\u2019effacement&nbsp;<\/a>&nbsp;(L\u2019Humanit\u00e9)<\/p>\n\n\n\n<p><a href=\"https:\/\/blogs.mediapart.fr\/les-invites-de-mediapart\/blog\/190424\/la-police-israelienne-arrete-la-professeure-nadera-shalhoub-kevorkian-pour-incitation\">La police&nbsp;<strong>isra\u00e9lienne<\/strong>&nbsp;a arr\u00eat\u00e9 la professeure Nadera Shalhoub-Kevorkian pour incitation \u00e0 la haine<\/a>&nbsp;(Les invit\u00e9s de Mediapart)<\/p>\n\n\n\n<p><strong><a href=\"https:\/\/alencontre.org\/moyenorient\/palestine\/a-propos-de-lunrwa-breve-mise-en-perspective.html\">Palestine. A propos de l\u2019UNRWA, br\u00e8ve mise en perspective<\/a>&nbsp;<\/strong>(A l\u2019Encontre)<\/p>\n\n\n\n<p><a href=\"https:\/\/blogs.mediapart.fr\/les-invites-de-mediapart\/blog\/190424\/yanis-varoufakis-si-les-droits-humains-universels-ne-sont-pas-universels-ils-ne-signif\">Yanis Varoufakis&nbsp;: \u00abSi les droits humains universels ne sont pas universels, ils ne signifient rien\u00bb<\/a>&nbsp;(Les invit\u00e9s de Mediapart)<\/p>\n\n\n\n<p><a href=\"https:\/\/www.boursorama.com\/actualite-economique\/actualites\/l-economie-du-moyen-orient-resiste-mais-voit-les-nuages-s-amonceler-selon-le-fmi-c6bd6819c2dd34d714c309c5c274370d\">L&rsquo;\u00e9conomie du Moyen-Orient r\u00e9siste mais voit les nuages s&rsquo;amonceler, selon le FMI<\/a> (AFP) &nbsp;&nbsp;<\/p>\n\n\n\n<p><a href=\"https:\/\/www.boursorama.com\/actualite-economique\/actualites\/ukraine-israel-tiktok-ce-que-contient-le-grand-plan-du-congres-americain-fe81e38334abd867df74a00becb2b5ef\">Ukraine, Isra\u00ebl, TikTok: ce que contient le grand plan du Congr\u00e8s am\u00e9ricain<\/a> (AFP) &nbsp;&nbsp;<\/p>\n\n\n\n<p><strong><mark style=\"background-color:rgba(0, 0, 0, 0);color:#ed1010\" class=\"has-inline-color\">18 avril<\/mark><\/strong><\/p>\n\n\n\n<p><a href=\"https:\/\/www.mediapart.fr\/journal\/economie-et-social\/180424\/apologie-du-terrorisme-un-syndicaliste-du-nord-ecope-d-un-de-prison-avec-sursis\">\u2018Apologie du terrorisme\u2019: un syndicaliste du Nord \u00e9cope d\u2019un an de prison avec sursis<\/a>&nbsp;(Mediapart)<\/p>\n\n\n\n<p><a href=\"http:\/\/www.defenddemocracy.press\/melenchon-netanyahu-nous-mene-a-la-guerre-totale\/\">M\u00e9lenchon : \u201c<em>Netanyahu nous m\u00e8ne \u00e0 la guerre totale<\/em>\u201d<\/a>&nbsp;(Defend Democracy Press)<\/p>\n\n\n\n<p><a href=\"https:\/\/www.liberation.fr\/international\/moyen-orient\/pour-les-palestiniens-de-cisjordanie-toutes-les-excuses-sont-bonnes-pour-nous-tuer-20240417_XAPNIRB25NA4RJ6QAE45XTA5P4\/\">Repr\u00e9sailles contre les Palestiniens de Cisjordanie : \u00abToutes les excuses sont bonnes pour nous tuer\u00bb<\/a>&nbsp;(Lib\u00e9ration)<\/p>\n\n\n\n<p><a href=\"https:\/\/www.mediapart.fr\/journal\/international\/180424\/attaque-par-les-colons-le-village-d-al-mughayyer-incarne-la-brutale-expansion-israelienne-en-cisjor\">Attaqu\u00e9 par les colons, le village d\u2019Al-Mughayyer incarne la brutale expansion isra\u00e9lienne en Cisjordanie<\/a>&nbsp;(Mediapart)<\/p>\n\n\n\n<p><a href=\"https:\/\/www.revolutionpermanente.fr\/Frappes-iraniennes-le-soutien-des-pays-arabes-a-Israel-marque-un-nouveau-rapprochement\">Frappes iraniennes&nbsp;: le soutien des pays arabes \u00e0 Isra\u00ebl marque un nouveau rapprochement<\/a>&nbsp;(RP)<\/p>\n\n\n\n<p><a href=\"https:\/\/link.newsletter.franceculture.fr\/m\/ml\/7429\/866121\/feFnpHyaBHb5BX5w0aB5_m9C5lXTLJmivm821gAfcU8=\/eoJEjrwJaZ4wWCoCrOYueBWqzMkoY-kqtQnpnhdc9Ro=\/\"><strong>Les Palestiniens vont-ils faire les frais du conflit entre l\u2019Iran et Isra\u00ebl&nbsp;?<\/strong><\/a>&nbsp;(France Culture)<\/p>\n\n\n\n<p><a href=\"https:\/\/www.connaissancedesenergies.org\/afp\/pres-de-45-ans-de-sanctions-internationales-contre-liran-240418\">Pr\u00e8s de 45 ans de sanctions internationales contre l\u2019Iran<\/a>&nbsp;(AFP)<\/p>\n\n\n\n<p><a href=\"https:\/\/consortiumnews.com\/fr\/2024\/04\/15\/La-police-allemande-a-interrompu-une-conf%C3%A9rence-sur-la-Palestine\/\"><strong>Allemagne.&nbsp;La police allemande met fin \u00e0 une conf\u00e9rence sur la Palestine<\/strong><\/a>&nbsp;(ConsortiumNews)<\/p>\n\n\n\n<p><a href=\"https:\/\/www.pressenza.com\/fr\/2024\/04\/yanis-varoufakis-le-discours-prevu-a-berlin-avant-que-la-police-ne-mette-fin-au-congres-sur-la-palestine\/\">Yanis Varoufakis : le discours pr\u00e9vu \u00e0 Berlin avant que la police ne mette fin au congr\u00e8s sur la Palestine<\/a>&nbsp; (Pressenza)<\/p>\n\n\n\n<p><a href=\"https:\/\/qg.media\/2024\/04\/17\/tant-quil-ny-aura-pas-de-sanctions-ni-de-cessation-de-livraison-darmes-a-israel-les-responsables-israeliens-continueront\/\">Tant qu\u2019il n\u2019y aura pas de sanctions, ni de cessation de livraison d\u2019armes \u00e0 Isra\u00ebl, les responsables isra\u00e9liens continueront<\/a>&nbsp; (Entretien QG M\u00e9dia)<\/p>\n\n\n\n<p><a href=\"https:\/\/www.middleeasteye.net\/fr\/actu-et-enquetes\/guerre-gaza-le-clip-satirique-aux-plus-dun-million-de-vues-qui-etrille-les\">Guerre \u00e0 Gaza : le clip satirique aux plus d\u2019un million de vues qui \u00e9trille les dirigeants arabes<\/a> (MEE)<\/p>\n\n\n\n<p><strong><mark style=\"background-color:rgba(0, 0, 0, 0);color:#ed1010\" class=\"has-inline-color\">16 avril<\/mark><\/strong><\/p>\n\n\n\n<p><a href=\"https:\/\/www.middleeasteye.net\/fr\/actu-et-enquetes\/guerre-gaza-le-clip-satirique-aux-plus-dun-million-de-vues-qui-etrille-les\"><strong>Guerre \u00e0 Gaza : le clip satirique aux plus d\u2019un million de vues qui \u00e9trille les dirigeants arabes<\/strong><\/a> (MEE)<\/p>\n\n\n\n<p><a href=\"https:\/\/orientxxi.info\/magazine\/iran-israel-une-escalade-en-forme-de-poker-menteur,7244\"><strong>Iran\u2013Isra\u00ebl. Une escalade en forme de poker menteur<\/strong><\/a>&nbsp;(Orient XXI)<\/p>\n\n\n\n<figure class=\"wp-block-image size-large is-resized\"><img data-recalc-dims=\"1\" loading=\"lazy\" decoding=\"async\" width=\"1024\" height=\"576\" src=\"https:\/\/i0.wp.com\/www.rdpemancipation.org\/wp-content\/uploads\/2024\/04\/image-37.png?resize=1024%2C576&#038;ssl=1\" alt=\"\" class=\"wp-image-127954\" style=\"width:410px;height:auto\" srcset=\"https:\/\/i0.wp.com\/www.rdpemancipation.org\/wp-content\/uploads\/2024\/04\/image-37.png?resize=1024%2C576&amp;ssl=1 1024w, https:\/\/i0.wp.com\/www.rdpemancipation.org\/wp-content\/uploads\/2024\/04\/image-37.png?resize=300%2C169&amp;ssl=1 300w, https:\/\/i0.wp.com\/www.rdpemancipation.org\/wp-content\/uploads\/2024\/04\/image-37.png?resize=768%2C432&amp;ssl=1 768w, https:\/\/i0.wp.com\/www.rdpemancipation.org\/wp-content\/uploads\/2024\/04\/image-37.png?w=1090&amp;ssl=1 1090w\" sizes=\"auto, (max-width: 1024px) 100vw, 1024px\" \/><\/figure>\n\n\n\n<p><a href=\"https:\/\/www.huffingtonpost.fr\/international\/article\/derriere-l-attaque-de-l-iran-en-israel-le-c-ur-de-la-guerre-reste-a-gaza_232701.html\">Derri\u00e8re la crainte d\u2019une riposte d\u2019Isra\u00ebl en Iran, le c\u0153ur de la guerre reste \u00e0 Gaza<\/a>&nbsp;(Huffpost)<\/p>\n\n\n\n<p><a href=\"https:\/\/alencontre.org\/ameriques\/americnord\/usa\/alors-que-liran-et-israel-se-font-face-les-palestiniens-en-paieront-ils-le-prix.html\">Alors que l\u2019Iran et Isra\u00ebl se font face, les Palestiniens en paieront-ils le prix&nbsp;?<\/a>&nbsp;(A l\u2019Encontre)<\/p>\n\n\n\n<p><a href=\"https:\/\/www.connaissancedesenergies.org\/afp\/liran-ferme-ses-installations-nucleaires-le-jour-de-son-attaque-contre-israel-grossi-240416\">L\u2019Iran a ferm\u00e9 ses installations nucl\u00e9aires le jour de son attaque contre Isra\u00ebl<\/a>&nbsp;(AFP)<\/p>\n\n\n\n<p><strong><mark style=\"background-color:rgba(0, 0, 0, 0);color:#ed1010\" class=\"has-inline-color\">15 avril<\/mark><\/strong><\/p>\n\n\n\n<p><a href=\"https:\/\/mondafrique.com\/a-la-une\/lattaque-de-liran-redonne-a-israel-un-statut-de-victime\/\">Les 300 drones lanc\u00e9s par l\u2019<strong>Iran<\/strong>&nbsp;contre&nbsp;<strong>Isra\u00ebl<\/strong>&nbsp;donnent \u00e0 l\u2019\u00c9tat h\u00e9breu un statut de victime<\/a>&nbsp;(Mondafrique)<\/p>\n\n\n\n<p><a href=\"https:\/\/www.middleeasteye.net\/fr\/actu-et-enquetes\/attaque-de-liran-contre-israel-ce-quil-faut-retenir\">Attaque de l\u2019<strong>Iran<\/strong>&nbsp;contre&nbsp;<strong>Isra\u00ebl<\/strong>&nbsp;: ce qu\u2019il faut retenir<\/a>&nbsp;(MEE)<\/p>\n\n\n\n<p><a href=\"https:\/\/xn--pourquoi%20les%20reprsailles%20de%20liran%20contre%20isral%20ntaient%20pas%20un%20chec-vqh5bu7m37731a0a\/\">Pourquoi les repr\u00e9sailles de l\u2019<strong>Iran<\/strong>&nbsp;contre&nbsp;<strong>Isra\u00ebl<\/strong>&nbsp;n\u2019\u00e9taient pas un \u00e9chec<\/a>&nbsp;(Mondoweiss, en anglais)<\/p>\n\n\n\n<p><a href=\"https:\/\/www.lequotidien-oran.com\/index.php?news=5329015&amp;archive_date=2024-04-14\">En plus des bombardements : Les colons sionistes attaquent les villages&nbsp;<strong>palestiniens<\/strong><\/a>&nbsp;(Le Quotidien d\u2019Oran)<\/p>\n\n\n\n<p><a href=\"https:\/\/elwatan-dz.com\/envoi-darmes-a-israel-des-pays-europeens-menaces-de-poursuites-pour-complicite-de-genocide\">Envoi d\u2019armes \u00e0&nbsp;<strong>Isra\u00ebl<\/strong>&nbsp;: Des pays europ\u00e9ens menac\u00e9s de poursuites pour complicit\u00e9 de g\u00e9nocide<\/a>&nbsp;(El Watan DZ)<\/p>\n\n\n\n<p><a href=\"https:\/\/www.lemediatv.fr\/emissions\/2024\/alliance-avec-israel-pourquoi-la-monarchie-du-maroc-reprime-ses-opposants-ho26Z9gUThqAKRCalfnjdA\">Alliance avec<strong>&nbsp;Isra\u00ebl<\/strong>&nbsp;: pourquoi la monarchie du&nbsp;<strong>Maroc<\/strong>&nbsp;r\u00e9prime ses opposants<\/a>&nbsp;(Le M\u00e9dia)<\/p>\n\n\n\n<p><a href=\"https:\/\/www.revue-ballast.fr\/mouvement-femme-vie-liberte-performer-la-resistance-feministe-en-iran\/\"><strong>Mouvement Femme* Vie Libert\u00e9 : performer la r\u00e9sistance f\u00e9ministe en Iran<\/strong><\/a>&nbsp;(Ballast)<\/p>\n\n\n\n<p><a href=\"https:\/\/investigaction.net\/leurope-genereuse-en-subventions-scientifiques-a-israel-en-plein-genocide-a-gaza\/\">L\u2019Europe g\u00e9n\u00e9reuse en subventions scientifiques \u00e0&nbsp;<strong>Isra\u00ebl<\/strong>&nbsp;en plein g\u00e9nocide \u00e0&nbsp;<strong>Gaza<\/strong><\/a>&nbsp;(Investigaction)<\/p>\n\n\n\n<p><a href=\"https:\/\/www.frustrationmagazine.fr\/gaza-guerre-chronique-joseph-andras\/\"><strong>Gaza&nbsp;: tout sauf une guerre<\/strong>&nbsp;<\/a>&nbsp;(Frustration, avec l\u2019\u00e9crivain Joseph Andras)<\/p>\n\n\n\n<p><strong><mark style=\"background-color:rgba(0, 0, 0, 0);color:#ed1010\" class=\"has-inline-color\">13 avril<\/mark><\/strong><\/p>\n\n\n\n<p><strong><a href=\"https:\/\/www.rfi.fr\/fr\/en-bref\/20240413-ventes-d-armes-fran%C3%A7aises-%C3%A0-isra%C3%ABl-le-tribunal-administratif-de-paris-d%C3%A9boute-amnesty-et-la-ligue-des-droits-de-l-homme\">Ventes d&rsquo;armes fran\u00e7aises \u00e0 Isra\u00ebl : le tribunal administratif de Paris d\u00e9boute Amnesty et la LDH<\/a>&nbsp;<\/strong>(RFI)<\/p>\n\n\n\n<p><a href=\"https:\/\/www.rfi.fr\/fr\/en-bref\/20240413-navire-saisi-par-l-iran-isra%C3%ABl-exhorte-l-ue-%C3%A0-classer-les-gardiens-de-la-r%C3%A9volution-organisation-terroriste\">Navire saisi par l&rsquo;Iran : Isra\u00ebl exhorte l&rsquo;UE \u00e0 classer les Gardiens de la r\u00e9volution \u00aborganisation terroriste\u00bb<\/a> (RFI)<\/p>\n\n\n\n<p><a href=\"https:\/\/www.rfi.fr\/fr\/moyen-orient\/20240413-cisjordanie-occup%C3%A9e-des-attaques-de-colons-isra%C3%A9liens-en-cascade\">Cisjordanie occup\u00e9e : des attaques de colons isra\u00e9liens en cascade<\/a> (RFI)<\/p>\n\n\n\n<p><strong><a href=\"https:\/\/www.rfi.fr\/fr\/moyen-orient\/20240410-%C3%A0-gaza-plus-de-600-000-enfants-priv%C3%A9s-d-%C3%A9cole-depuis-le-d%C3%A9but-de-la-guerre\">\u00c0 Gaza, plus de 600 000 enfants priv\u00e9s d&rsquo;\u00e9cole depuis le d\u00e9but de la guerre<\/a> <\/strong>(RFI)<\/p>\n\n\n\n<p><a href=\"https:\/\/link.newsletter.franceculture.fr\/m\/ml\/7429\/865168\/GMIP2q6YHIMNSzcytTFnRm9C5lXTLJmivm821gAfcU8=\/tBHQVlAzYYbhevl431qtib1RIrAl3p8WWj2VP7LtySQ=\/\" target=\"_blank\" rel=\"noreferrer noopener\">Quelle forme pourrait prendre la riposte \u201cimminente\u201d de l\u2019Iran contre Isra\u00ebl&nbsp;?<\/a> (France Culture)<\/p>\n\n\n\n<p><a href=\"https:\/\/www.middleeasteye.net\/fr\/actu-et-enquetes\/guerre-gaza-le-chef-du-hamas-affirme-que-le-meurtre-de-membres-de-sa-famille\">Gaza : le chef du Hamas affirme que le meurtre de membres de sa famille n\u2019infl\u00e9chira pas la position du Hamas<\/a> (MEE)<\/p>\n\n\n\n<p><a href=\"https:\/\/www.middleeasteye.net\/fr\/actu-et-enquetes\/camps-en-syrie-les-rapatriements-sont-au-point-mort-tandis-que-linstabilite-expose\">Camps en Syrie : les rapatriements sont au point mort tandis que l\u2019instabilit\u00e9 expose les d\u00e9tenus \u00e0 de nouveaux dangers<\/a> (MEE)<\/p>\n\n\n\n<p><strong><mark style=\"background-color:rgba(0, 0, 0, 0);color:#ed1010\" class=\"has-inline-color\">12 avril<\/mark><\/strong><\/p>\n\n\n\n<p><strong><a href=\"https:\/\/disclose.ngo\/fr\/article\/livraisons-darmes-a-israel-11-ong-attaquent-la-france-en-justice\">Livraisons d\u2019armes \u00e0 Isra\u00ebl : 11 ONG attaquent la France en justice<\/a>&nbsp;<\/strong>(Disclose)<\/p>\n\n\n\n<p><a href=\"https:\/\/www.francetvinfo.fr\/monde\/palestine\/gaza\/guerre-entre-israel-et-le-hamas-dans-la-bande-de-gaza-le-combat-quotidien-des-habitants-contre-la-faim_6482147.html\">Dans la bande de&nbsp;<strong>Gaza<\/strong>, le combat quotidien des habitants contre la faim<\/a>&nbsp;(France Info)<\/p>\n\n\n\n<p><strong><a href=\"https:\/\/reporterre.net\/En-Israel-les-ecologistes-pacifistes-sont-ostracises\">En Isra\u00ebl, les \u00e9cologistes pacifistes sont ostracis\u00e9s<\/a>&nbsp;<\/strong>(Reporterre)<\/p>\n\n\n\n<p><a href=\"https:\/\/orientxxi.info\/magazine\/en-palestine-naplouse-la-rebelle-garde-la-tete-haute,7226\">En Palestine, Naplouse la rebelle garde la t\u00eate haute<\/a>&nbsp;(Orient XXI)<\/p>\n\n\n\n<p><strong><mark style=\"background-color:rgba(0, 0, 0, 0);color:#ed1010\" class=\"has-inline-color\">11 avril<\/mark><\/strong><\/p>\n\n\n\n<p><a href=\"https:\/\/www.blast-info.fr\/articles\/2024\/gaza-la-justice-administrative-saisie-de-plusieurs-demandes-de-suspension-des-ventes-darmes-francaises-a-israel-lEMWK2S_SbeF4Qa_OxeZeA\">La justice administrative saisie de plusieurs demandes de suspension des ventes d\u2019armes fran\u00e7aises \u00e0 Isra\u00ebl<\/a>&nbsp;(Blast)<\/p>\n\n\n\n<p><a href=\"https:\/\/www.humanite.fr\/monde\/guerre-israel-hamas\/guerre-a-gaza-des-palestiniens-saisissent-la-justice-europeenne\">Gaza : des Palestiniens saisissent la justice Europ\u00e9enne<\/a>&nbsp;(L\u2019Humanit\u00e9)<\/p>\n\n\n\n<p><a href=\"https:\/\/www.boursorama.com\/videos\/actualites\/mort-des-fils-d-ismail-haniyeh-quel-impact-sur-les-negociations-d-une-treve-israel-hamas-789c3e3b64bccca46d5524cd3115ea9f\">Mort des fils d\u2019Isma\u00efl Haniyeh : impact sur les n\u00e9gociations d\u2019une tr\u00eave Isra\u00ebl-Hamas<\/a>&nbsp;(France 24) &nbsp;<\/p>\n\n\n\n<p><a href=\"https:\/\/www.972mag.com\/netanyahu-prolonging-war-new-normal\/\">Isra\u00ebl. Netanyahu isn\u2019t the only one interested in prolonging the war<\/a>&nbsp;(+972)<\/p>\n\n\n\n<p><strong>Analyse<\/strong><\/p>\n\n\n\n<p><strong><a href=\"https:\/\/theconversation.com\/gaza-une-catastrophe-humanitaire-averee-227181?utm_medium=email&amp;utm_campaign=La%20lettre%20de%20The%20Conversation%20France%20du%207%20avril%202024%20-%202930729769&amp;utm_content=La%20lettre%20de%20The%20Conversation%20France%20du%207%20avril%202024%20-%202930729769+CID_c368cc34f148f9873de1ac469f9c4a2e&amp;utm_source=campaign_monitor_fr&amp;utm_term=Gaza%20une%20catastrophe%20humanitaire%20avre\">Gaza, une catastrophe humanitaire&nbsp;av\u00e9r\u00e9e<\/a>&nbsp;<\/strong>(The Conversation)<\/p>\n\n\n\n<p><a href=\"https:\/\/infos.lemonde.fr\/optiext\/optiextension.dll?ID=oSToTKaKC6RV8wB5ovGi6F38nNJizvZ4R9p6muRJ5%2BEqdSBEMItKOeevGabuXTCHiIRL05oAiBn31wasqMqCYBjLxazvOpDrYSUEq8UE\" target=\"_blank\" rel=\"noreferrer noopener\">Le pari perdu de N\u00e9tanyahou sur les clans de Gaza<\/a> -Jean-Pierre Filiu (Le Monde)<\/p>\n\n\n\n<p><a href=\"https:\/\/www.courrierinternational.com\/article\/temoignage-guerre-a-gaza-c-est-a-devenir-fou-deplore-un-reserviste-israelien\"><strong>T\u00e9moignage.&nbsp;Guerre \u00e0 Gaza&nbsp;: \u201cC\u2019est \u00e0 devenir fou&nbsp;!\u201d d\u00e9plore un r\u00e9serviste isra\u00e9lien<\/strong><\/a>&nbsp;(Courrier International)<\/p>\n\n\n\n<figure class=\"wp-block-image size-full is-resized\"><img data-recalc-dims=\"1\" loading=\"lazy\" decoding=\"async\" width=\"600\" height=\"378\" src=\"https:\/\/i0.wp.com\/www.rdpemancipation.org\/wp-content\/uploads\/2024\/04\/image-30.png?resize=600%2C378&#038;ssl=1\" alt=\"\" class=\"wp-image-127824\" style=\"width:415px;height:auto\" srcset=\"https:\/\/i0.wp.com\/www.rdpemancipation.org\/wp-content\/uploads\/2024\/04\/image-30.png?w=600&amp;ssl=1 600w, https:\/\/i0.wp.com\/www.rdpemancipation.org\/wp-content\/uploads\/2024\/04\/image-30.png?resize=300%2C189&amp;ssl=1 300w\" sizes=\"auto, (max-width: 600px) 100vw, 600px\" \/><\/figure>\n\n\n\n<p><strong><mark style=\"background-color:rgba(0, 0, 0, 0);color:#ed1010\" class=\"has-inline-color\">10 avril<\/mark><\/strong><a href=\"https:\/\/www.francetvinfo.fr\/monde\/proche-orient\/israel-palestine\/direct-guerre-entre-israel-et-le-hamas-pour-joe-biden-benyamin-netanyahou-commet-une-erreur-dans-la-bande-de-gaza_6477917.html\"><\/a><\/p>\n\n\n\n<p><strong><a href=\"https:\/\/www.francetvinfo.fr\/monde\/proche-orient\/israel-palestine\/direct-guerre-entre-israel-et-le-hamas-pour-joe-biden-benyamin-netanyahou-commet-une-erreur-dans-la-bande-de-gaza_6477917.html\">Pour Joe Biden, Benyamin N\u00e9tanyahou commet une \u00ab\u00a0erreur\u00a0\u00bb dans la bande de Gaza<\/a><\/strong> (Le direct de France Info)<\/p>\n\n\n\n<p><a href=\"https:\/\/orientxxi.info\/dossiers-et-series\/temoignage-d-un-travailleur-gazaoui-detenu-et-torture-en-israel,7227\" target=\"_blank\" rel=\"noreferrer noopener\">T\u00e9moignage d&rsquo;un travailleur gazaoui d\u00e9tenu et tortur\u00e9 en Isra\u00ebl<\/a>&nbsp;(Orient XXI)<\/p>\n\n\n\n<p><a href=\"https:\/\/elwatan-dz.com\/des-medias-evoquent-des-difficultes-les-troupes-israeliennes-se-retirent-de-khan-younes\">Des m\u00e9dias \u00e9voquent des \u00abdifficult\u00e9s\u00bb : Les troupes israeliennes se retirent de Khan Youn\u00e8s<\/a> (El Watan)<\/p>\n\n\n\n<p><a href=\"https:\/\/elwatan-dz.com\/bilan-de-six-mois-dune-guerre-devastatrice-ghaza-33-000-morts-plus-tard\">Bilan de six mois d\u2019une guerre d\u00e9vastatrice \u00e0 Ghaza<\/a> <a>(El Watan)<\/a><\/p>\n\n\n\n<p><a href=\"https:\/\/www.revolutionpermanente.fr\/Torture-et-prive-de-soins-le-poete-et-militant-Wallid-Daqqah-vient-de-mourir-dans-les-geoles\">Tortur\u00e9 et priv\u00e9 de soins, le po\u00e8te et militant Wallid Daqqah vient de mourir dans les ge\u00f4les isra\u00e9liennes <\/a>&nbsp;(RP)<\/p>\n\n\n\n<p><a href=\"https:\/\/blogs.mediapart.fr\/les-invites-de-mediapart\/blog\/090424\/soignant-es-francais-es-revenant-de-gaza-les-drones-tanks-bombes-soldats-terrorisent-m\">Soignant\u00b7es fran\u00e7ais\u00b7es revenant de Gaza&nbsp;: les drones, tanks, bombes, soldats terrorisent, mutilent, tuent<\/a>&nbsp;(Les invit\u00e9s de Mediapart)<\/p>\n\n\n\n<p><a href=\"https:\/\/www.middleeasteye.net\/fr\/actu-et-enquetes\/au-maroc-les-jeunes-se-detournent-des-mosquees-en-raison-de-leur-silence-sur-la\">Au Maroc, les jeunes se d\u00e9tournent des mosqu\u00e9es en raison de leur silence sur la guerre \u00e0 Gaza<\/a> (MEE)<\/p>\n\n\n\n<p><a href=\"https:\/\/www.middleeasteye.net\/fr\/actu-et-enquetes\/maroc-cinq-ans-de-prison-pour-un-islamiste-ayant-denonce-la-normalisation-avec\">Maroc : cinq ans de prison pour un islamiste ayant d\u00e9nonc\u00e9 la normalisation avec Isra\u00ebl<\/a> (MEE)<\/p>\n\n\n\n<p><a href=\"https:\/\/blogs.mediapart.fr\/mohamed-belaali\/blog\/100424\/mort-dun-ecrivain-et-poete-palestinien-walid-daqqah\">Mort d&rsquo;un \u00e9crivain et po\u00e8te palestinien, Walid Daqqah<\/a>&nbsp;(Blog de mohamed belaali)<\/p>\n\n\n\n<p><strong><mark style=\"background-color:rgba(0, 0, 0, 0);color:#ed1010\" class=\"has-inline-color\">9 avril<\/mark><\/strong><\/p>\n\n\n\n<p><a href=\"https:\/\/www.boursorama.com\/actualite-economique\/actualites\/gaza-l-offre-presentee-au-hamas-est-tres-serieuse-et-devrait-etre-acceptee-blinken-0beba1c06bc829d9c137b187bb934379\"><strong>Gaza<\/strong>\u2013 L\u2019offre pr\u00e9sent\u00e9e au Hamas est \u00ab&nbsp;tr\u00e8s s\u00e9rieuse&nbsp;\u00bb et devrait \u00eatre accept\u00e9e&nbsp;<\/a>&nbsp;(Reuters)<\/p>\n\n\n\n<p><a href=\"https:\/\/www.connaissancedesenergies.org\/afp\/larmee-israelienne-deploie-pour-la-premiere-fois-son-nouveau-dome-de-fer-des-mers-240409\">L\u2019arm\u00e9e isra\u00e9lienne d\u00e9ploie pour la premi\u00e8re fois son nouveau \u00ab D\u00f4me de fer \u00bb des mers<\/a>&nbsp;(AFP)<\/p>\n\n\n\n<p><strong><a href=\"https:\/\/orientxxi.info\/magazine\/anatomie-d-un-genocide-le-rapport-de-francesca-albanese-sur-la-situation-a-gaza,7220\">\u00abAnatomie d\u2019un g\u00e9nocide\u00bb. Le rapport de Francesca Albanese sur la situation \u00e0 Gaza<\/a><\/strong>&nbsp;(Orient XXI)<\/p>\n\n\n\n<p><a href=\"https:\/\/link.newsletter.franceculture.fr\/m\/ml\/7429\/864372\/CBOT_6cymwrT5xaCtG4J829C5lXTLJmivm821gAfcU8=\/s21M3nfowmt8qbtnfpYN8NXwiyUR47ufl32d4jZdc2c=\/\"><strong>Arabie saoudite<\/strong>&nbsp;: la fulgurante ascension de Mohammed ben Salmane, leader du golfe<\/a>&nbsp;(France Culture)<\/p>\n\n\n\n<p><strong><mark style=\"background-color:rgba(0, 0, 0, 0);color:#ed1010\" class=\"has-inline-color\">8 avril<\/mark><\/strong><\/p>\n\n\n\n<p><a href=\"https:\/\/www.boursorama.com\/actualite-economique\/actualites\/une-date-a-ete-fixee-pour-l-invasion-de-la-ville-de-rafah-annonce-netanhayu-bdddf404fced8030b744d8ffbfd9335e\">Une date a \u00e9t\u00e9 fix\u00e9e pour l&rsquo;invasion de la ville de Rafah, annonce Netanhayu<\/a> (Reuters)<\/p>\n\n\n\n<p><a href=\"https:\/\/www.boursorama.com\/actualite-economique\/actualites\/onu-la-demande-d-adhesion-palestinienne-transmise-au-comite-d-admission-8af0a474b17718e0f7d405adae13112e\">Onu &#8211; La demande d&rsquo;adh\u00e9sion palestinienne transmise au comit\u00e9 d&rsquo;admission<\/a> (Reuters)<\/p>\n\n\n\n<p><a href=\"https:\/\/www.francetvinfo.fr\/monde\/proche-orient\/israel-palestine\/guerre-dans-la-bande-de-gaza-l-armee-israelienne-se-prepare-a-une-offensive-a-rafah_6474011.html\">L\u2019arm\u00e9e <strong>isra\u00e9lienne<\/strong> \u00ab\u00a0se pr\u00e9pare\u00a0\u00bb \u00e0 une offensive \u00e0 Rafah<\/a> (Le direct de France Info)<\/p>\n\n\n\n<p><a href=\"https:\/\/www.boursorama.com\/actualite-economique\/actualites\/des-progres-significatifs-en-vue-d-une-treve-a-gaza-selon-un-media-egyptien-6a92203fd9a534004c1014ce82a6101b\">Des \u00ab\u00a0progr\u00e8s significatifs\u00a0\u00bb en vue d&rsquo;une tr\u00eave \u00e0 <strong>Gaza<\/strong>, selon un m\u00e9dia \u00e9gyptien<\/a> (AFP)&nbsp;&nbsp;<\/p>\n\n\n\n<p><a href=\"https:\/\/www.francetvinfo.fr\/monde\/proche-orient\/israel-palestine\/guerre-entre-israel-et-le-hamas-l-effondrement-du-systeme-de-sante-a-gaza_6474137.html\">A <strong>Gaza<\/strong>, un syst\u00e8me de sant\u00e9 au bord de l&rsquo;effondrement<\/a> (France Info)<\/p>\n\n\n\n<p><a href=\"https:\/\/www.oxfamfrance.org\/communiques-de-presse\/au-nord-de-gaza-la-population-est-contrainte-de-survivre-avec-moins-de-245-calories-par-jour-soit-moins-quune-demie-baguette-de-pain-alerte-oxfam\/\">Au nord de <strong>Gaza<\/strong>, la population est contrainte de survivre avec moins de 245 calories par jour, soit moins qu\u2019une demi-baguette de pain<\/a> (Oxfam)<\/p>\n\n\n\n<p><a href=\"https:\/\/www.aljazeera.com\/news\/2024\/4\/3\/western-allies-face-threat-of-complicity-if-support-for-israel-continues\">Western allies face genocide complicity if support for <strong>Israel<\/strong> continues<\/a>&nbsp;(Al Jazeera)<\/p>\n\n\n\n<p><a href=\"https:\/\/www.rfi.fr\/fr\/moyen-orient\/20240407-six-mois-de-guerre-%C3%A0-gaza-et-des-objectifs-non-atteints-pour-isra%C3%ABl?_ope=eyJndWlkIjoiYjFmOWRmZWI3ZTllZGE1NTM1NTJmMGIzNWYwZGIyYjcifQ%3D%3D\"><strong>Six mois de guerre \u00e0 Gaza et des objectifs non-atteints pour Isra\u00ebl<\/strong><\/a> (RFI)<\/p>\n\n\n\n<p><strong><mark style=\"background-color:rgba(0, 0, 0, 0);color:#ed1010\" class=\"has-inline-color\">6 avril<\/mark><\/strong><\/p>\n\n\n\n<p><a href=\"https:\/\/www.lemonde.fr\/international\/article\/2024\/04\/06\/dans-le-nord-de-la-bande-de-gaza-un-quotidien-fait-de-survie_6226358_3210.html\">Le nord de la bande de&nbsp;<strong>Gaza<\/strong>&nbsp;plonge dans la famine&nbsp;: \u00ab&nbsp;M\u00eame si nous voulions manger des feuilles, l\u2019arm\u00e9e isra\u00e9lienne a d\u00e9truit toutes les terres agricoles&nbsp;\u00bb<\/a>&nbsp;(Le Monde)<\/p>\n\n\n\n<p><a href=\"https:\/\/www.boursorama.com\/videos\/actualites\/gaza-il-y-a-un-peu-plus-de-pression-de-la-part-de-washington-mais-ce-n-est-pas-encore-un-ultimatum-pose-a-israel-9a143714cb5d9bdced349c77ca59768e\"><strong>Gaza<\/strong>&nbsp;: \u00ab&nbsp;il y a un peu plus de pression de la part de Washington, mais ce n\u2019est pas encore un ultimatum pos\u00e9 \u00e0 Isra\u00ebl&nbsp;\u00bb<\/a>&nbsp;(France 24) &nbsp;<\/p>\n\n\n\n<p><a href=\"https:\/\/www.boursorama.com\/actualite-economique\/actualites\/une-delegation-du-hamas-attendue-au-caire-le-7-avril-pour-des-pourparlers-44683a07f10e7d2b0f5f14508d330bbb\">Une d\u00e9l\u00e9gation du Hamas attendue au Caire le 7 avril pour des pourparlers<\/a>&nbsp;(Reuters)<\/p>\n\n\n\n<p><a href=\"https:\/\/www.boursorama.com\/actualite-economique\/actualites\/israel-accuse-d-utiliser-l-ia-a-gaza-le-chef-de-l-onu-perturbe-cb319e827ebd0e055045e447a20bd5b8\"><strong>Isra\u00ebl<\/strong>&nbsp;accus\u00e9 d\u2019utiliser l\u2019IA \u00e0 Gaza : le chef de l\u2019ONU \u00ab&nbsp;perturb\u00e9&nbsp;\u00bb<\/a>&nbsp;(AFP) &nbsp;&nbsp;<\/p>\n\n\n\n<p><a href=\"https:\/\/www.lemediatv.fr\/emissions\/2024\/bebes-decapites-comment-les-medias-et-politiques-ont-relaye-la-fake-news-disrael-Dn3RowWjTGG_NMtzKvzuHg\">\u00ab&nbsp;B\u00e9b\u00e9s d\u00e9capit\u00e9s&nbsp;\u00bb : comment les m\u00e9dias et politiques ont relay\u00e9 la fake news d\u2019Isra\u00ebl<\/a>&nbsp;(Le M\u00e9dia)<\/p>\n\n\n\n<p><a href=\"https:\/\/www.cadtm.org\/Gaza-Israel-a-propos-des-nouvelles-mesures-conservatoires-urgentes-ordonnees-22470\">Gaza \/ Isra\u00ebl : \u00e0 propos des nouvelles mesures conservatoires urgentes ordonn\u00e9es par la CIJ \u00e0 l\u2019encontre d\u2019Isra\u00ebl<\/a>&nbsp;(CADTM)<\/p>\n\n\n\n<p><a href=\"https:\/\/www.ldh-france.org\/droit-de-manifester-pacifiquement-dans-les-pays-de-lunion-europeenne-en-solidarite-avec-le-peuple-palestinien\/\">Droit de manifester pacifiquement dans les pays de l\u2019UE en solidarit\u00e9 avec le peuple palestinien<\/a>&nbsp;(LDH)<\/p>\n\n\n\n<p><strong><mark style=\"background-color:rgba(0, 0, 0, 0);color:#ed1010\" class=\"has-inline-color\">4 et 5 avril<\/mark><\/strong><\/p>\n\n\n\n<p><strong><a href=\"https:\/\/www.mediapart.fr\/journal\/international\/040424\/guerre-d-israel-gaza-le-chaos-et-l-impasse\">Guerre d\u2019Isra\u00ebl \u00e0 Gaza : le chaos et l\u2019impasse<\/a>&nbsp;<\/strong>(\u00c0 l\u2019air libre, Mediapart)<\/p>\n\n\n\n<p><a href=\"https:\/\/link.newsletter.franceculture.fr\/m\/ml\/7429\/863811\/VA3yg2t6hED3T9Vf1EIDcW9C5lXTLJmivm821gAfcU8=\/AD7znuU+0RXwhpI6uytsJGctgYO3PF6bbfiTKZEqo4o=\/\">Opposition grandissante en&nbsp;<strong>Isra\u00ebl<\/strong>&nbsp;: Netanyahou est-il vraiment menac\u00e9&nbsp;?<\/a>&nbsp;(France Culture)<\/p>\n\n\n\n<p><a href=\"https:\/\/www.monde-diplomatique.fr\/2024\/04\/BELKAID\/66772\">Histoires de Palestine<\/a>&nbsp;(Le Monde diplomatique)<\/p>\n\n\n\n<p><a href=\"https:\/\/www.youtube.com\/watch?v=e5WwkBARVPA\">Isra\u00ebl-Palestine&nbsp;: un naufrage m\u00e9diatique sans pr\u00e9c\u00e9dent&nbsp;<\/a>&nbsp;(Blast \u2013 Acrimed)<\/p>\n\n\n\n<p><a href=\"https:\/\/www.humanite.fr\/monde\/bande-de-gaza\/les-palestiniens-relancent-la-procedure-de-reconnaissance-de-leur-etat-comme-pays-membre-de-lonu\" target=\"_blank\" rel=\"noreferrer noopener\">Les Palestiniens relancent la proc\u00e9dure de reconnaissance de leur \u00c9tat comme pays membre de l\u2019ONU<\/a>&nbsp; (L\u2019Humanit\u00e9)<\/p>\n\n\n\n<p><a href=\"https:\/\/orientxxi.info\/dossiers-et-series\/on-meurt-sous-les-memes-bombes-qui-ont-tue-les-humanitaires-de-wck,7213\" target=\"_blank\" rel=\"noreferrer noopener\">\u00ab&nbsp;On meurt sous les m\u00eames bombes qui ont tu\u00e9 les humanitaires de WCK&nbsp;\u00bb<\/a>&nbsp;(Orient XXI)<\/p>\n\n\n\n<p><a href=\"https:\/\/www.humanite.fr\/monde\/bande-de-gaza\/gaza-pourquoi-600-juristes-britanniques-sopposent-a-la-vente-darmes-a-israel\" target=\"_blank\" rel=\"noreferrer noopener\">Gaza : pourquoi 600 juristes britanniques s\u2019opposent \u00e0 la vente d\u2019armes \u00e0 Isra\u00ebl ?<\/a>&nbsp;(L\u2019Humanit\u00e9)<\/p>\n\n\n\n<p><a href=\"https:\/\/www.francetvinfo.fr\/monde\/proche-orient\/israel-palestine\/reportage-sauver-israel-de-lui-meme-a-jerusalem-opposants-au-pouvoir-et-familles-d-otages-s-allient-pour-reclamer-le-depart-de-benyamin-netanyahou_6466208.html\">\u00e0 J\u00e9rusalem, opposants au pouvoir et familles d\u2019otages s\u2019allient pour r\u00e9clamer le d\u00e9part de Benyamin N\u00e9tanyahou<\/a>&nbsp;(France Info)<\/p>\n\n\n\n<p><a href=\"https:\/\/www.francetvinfo.fr\/monde\/proche-orient\/israel-palestine\/direct-guerre-entre-israel-et-le-hamas-l-armee-israelienne-reconnait-une-grave-erreur-apres-la-frappe-ayant-tue-sept-membres-d-une-ong_6464075.html\">I<strong>sra\u00ebl : Benny Gantz, rival de N\u00e9tanyahou, appelle \u00e0 des \u00e9lections anticip\u00e9es<\/strong><\/a>&nbsp;(France Info)<\/p>\n\n\n\n<p><a href=\"https:\/\/www.letemps.ch\/monde\/moyenorient\/un-reserviste-israelien-temoigne-des-derives-au-sein-de-tsahal-en-tirant-les-soldats-deviennent-des-heros-voila-la-regle-du-jeu-aujourd-hui?utm_source=Newsletters&amp;utm_campaign=9c3f801124-EMAIL_CAMPAIGN_2024_04_03_04_00&amp;utm_medium=email&amp;utm_term=0_56c41a402e-9c3f801124-%5BLIST_EMAIL_ID%5D\">Un r\u00e9serviste isra\u00e9lien t\u00e9moigne des d\u00e9rives au sein de Tsahal<\/a>&nbsp;(Le Temps)<\/p>\n\n\n\n<p><a href=\"https:\/\/www.courrierinternational.com\/article\/entretien-a-gaza-l-ia-lavender-a-designe-37-000-cibles-humaines-affirme-le-magazine-972\">&nbsp;\u201c\u00c0 Gaza, l\u2019IA Lavender a d\u00e9sign\u00e9 37&nbsp;000&nbsp;cibles humaines\u201d, affirme le magazine \u201c+972\u201d<\/a>&nbsp;(Courrier International)<\/p>\n\n\n\n<p><a href=\"https:\/\/www.middleeasteye.net\/fr\/actu-et-enquetes\/un-medecin-israelien-denonce-les-conditions-non-conformes-la-loi-dans-un-centre-de\">Un m\u00e9decin isra\u00e9lien d\u00e9nonce les conditions \u00ab non conformes \u00e0 la loi \u00bb dans un centre de d\u00e9tention<\/a> (MEE)<\/p>\n\n\n\n<p><strong><a href=\"https:\/\/www.middleeasteye.net\/fr\/actu-et-enquetes\/guerre-gaza-israel-probablement-torture-des-palestiniens-pour-obtenir-des-aveux-de\">Isra\u00ebl a probablement tortur\u00e9 un Palestinien pour obtenir des aveux de viol, selon des ONG<\/a> <\/strong>(MEE)<\/p>\n\n\n\n<p><a href=\"https:\/\/www.middleeasteye.net\/fr\/actu-et-enquetes\/larmee-israelienne-cree-des-zones-de-mise-mort-ou-ont-ete-pris-pour-cible-des\">L\u2019arm\u00e9e isra\u00e9lienne a cr\u00e9\u00e9 des \u00ab zones de mise \u00e0 mort \u00bb o\u00f9 ont \u00e9t\u00e9 pris pour cible des civils palestiniens non arm\u00e9s<\/a> (MEE)<\/p>\n\n\n\n<p><strong><mark style=\"background-color:rgba(0, 0, 0, 0);color:#ed1010\" class=\"has-inline-color\">2 et 3 avril<\/mark><\/strong><\/p>\n\n\n\n<p><strong><a href=\"https:\/\/www.francetvinfo.fr\/monde\/proche-orient\/israel-palestine\/temoignages-on-a-trouve-des-corps-jetes-au-milieu-des-poubelles-a-gaza-des-habitants-racontent-l-horreur-apres-le-retrait-de-l-armee-israelienne-de-l-hopital-al-chifa_6463220.html\">Gaza&nbsp;: des habitants racontent l\u2019horreur apr\u00e8s le retrait de l\u2019arm\u00e9e isra\u00e9lienne de l\u2019h\u00f4pital Al-Chifa<\/a><\/strong>&nbsp;(France Info)<\/p>\n\n\n\n<p><a href=\"https:\/\/www.mediapart.fr\/journal\/international\/020424\/arie-alimi-le-sionisme-n-est-pas-le-coeur-du-judaisme\">Ari\u00e9 Alimi&nbsp;: \u00ab&nbsp;Le sionisme n\u2019est pas le c\u0153ur du juda\u00efsme&nbsp;\u00bb&nbsp;<\/a>&nbsp;(A l\u2019air libre)<\/p>\n\n\n\n<p><a href=\"https:\/\/reporterre.net\/En-Cisjordanie-les-colons-et-les-militaires-israeliens-terrorisent-les-bergers\">En&nbsp;<strong>Cisjordanie<\/strong>, les colons et les militaires isra\u00e9liens terrorisent les bergers<\/a>&nbsp;(Reporterre)<\/p>\n\n\n\n<p><strong><a href=\"https:\/\/www.francetvinfo.fr\/monde\/proche-orient\/israel-palestine\/guerre-entre-israel-et-le-hamas-ce-que-l-on-sait-de-la-mort-d-humanitaires-de-l-ong-americaine-world-central-kitchen-dans-une-frappe-a-gaza_6462161.html\">Gaza&nbsp;: mort de sept humanitaires de l\u2019ONG World Central Kitchen dans une frappe isra\u00e9lienne<\/a><\/strong>&nbsp;(France Info)<\/p>\n\n\n\n<p><a href=\"https:\/\/www.saphirnews.com\/Gaza-a-l-hopital-Al-Shifa-le-carnage-laisse-par-l-armee-israelienne_a30173.html\"><strong>Gaza<\/strong>&nbsp;: \u00e0 l\u2019h\u00f4pital Al-Shifa, le carnage laiss\u00e9 par l\u2019arm\u00e9e isra\u00e9lienne<\/a>&nbsp;(SaphirNews.com)<\/p>\n\n\n\n<p><a href=\"https:\/\/www.contretemps.eu\/universites-israeliennes-element-cle-dapartheid\/\">Les universit\u00e9s <strong>isra\u00e9liennes<\/strong> sont un \u00e9l\u00e9ment cl\u00e9 du r\u00e9gime d\u2019apartheid<\/a>&nbsp;(Contretemps)<\/p>\n\n\n\n<p><a href=\"https:\/\/redirection.b2b.infopro-digital.com\/lnk\/AMcAADwhAbwAAcXFjYAAAHnKuI0AAABZQUUAANzvAAwsSQBmDDr01-DUdaCaQ56dGyYCYzsqkQAMCy8\/9\/QecCTPpmu_VGa4O8eMbIHA\/aHR0cDovL3d3dy51c2luZW5vdXZlbGxlLmNvbS9hcnRpY2xlL2VuLWlyYWstbGUtcmV0b3VyLWVuLWZvcmNlLWRlLXRvdGFsZW5lcmdpZXMtZW50cmUtcHJvZHVjdGlvbi1kZS1wZXRyb2xlLWJvb3N0ZWUtZXQtY2VudHJhbGUtc29sYWlyZS1nZWFudGUuTjIyMTA2MzU_dXRtX3NvdXJjZT1uZXdzbGV0dGVyJnV0bV9tZWRpdW09ZW1haWwmdXRtX2NhbXBhaWduPWluZm9fbGEtcXVvdGlkaWVubmUmZW1haWw9MjA0MzMyODY1MyZpZGJkZD01NjU1OQ\">En <strong>Irak<\/strong>, le retour en force de TotalEnergies entre p\u00e9trole et centrale solaire g\u00e9ante<\/a>&nbsp;(Usine Nouvelle) &nbsp;<\/p>\n\n\n\n<p><a href=\"https:\/\/orientxxi.info\/magazine\/arabie-saoudite-les-rates-du-pari-economique,7202\"><strong>Arabie saoudite<\/strong>. Les rat\u00e9s du pari \u00e9conomique<\/a>&nbsp;(Orient XXI)<\/p>\n\n\n\n<p><strong><mark style=\"background-color:rgba(0, 0, 0, 0);color:#ed1010\" class=\"has-inline-color\">1er avril<\/mark><\/strong><\/p>\n\n\n\n<p><strong><a href=\"https:\/\/blogs.mediapart.fr\/pourlapalestinecontrelarmement\/blog\/310324\/pourquoi-nous-nous-rendrons-devant-lentreprise-marseillaise-eurolinks-ce-lundi\">Pourquoi nous nous rendrons devant l\u2019entreprise marseillaise Eurolinks ce lundi ?<\/a><\/strong>&nbsp;(Blog pourlapalestinecontrelarmement)<\/p>\n\n\n\n<p><a href=\"https:\/\/www.boursorama.com\/actualite-economique\/actualites\/netanyahu-relance-son-projet-de-fermeture-d-al-jazeera-5d8d15037f58e7f4bb22b486ee3523a6\">Netanyahu relance son projet de fermeture d\u2019Al Jazeera<\/a>&nbsp;(Reuters)<\/p>\n\n\n\n<p><a href=\"https:\/\/www.boursorama.com\/videos\/actualites\/israel-colere-contre-benjamin-netanyahu-a-jerusalem-c56e19bb34960b41bad30bf46ca350c7\"><strong>Isra\u00ebl&nbsp;<\/strong>: col\u00e8re contre Benjamin Netanyahu \u00e0 J\u00e9rusalem<\/a>&nbsp;(France 24) &nbsp;<\/p>\n\n\n\n<p><a href=\"https:\/\/www.boursorama.com\/videos\/actualites\/des-israeliens-marchent-vers-la-knesset-pour-protester-contre-le-gouvernement-9e3ddcca8e0733ecb64aa40fb7083d0b\">Des Isra\u00e9liens marchent vers la Knesset pour protester contre le gouvernement<\/a>&nbsp;(AFP vid\u00e9o)<\/p>\n\n\n\n<p><strong><a href=\"https:\/\/www.boursorama.com\/actualite-economique\/actualites\/israel-des-milliers-de-manifestants-de-nouveau-dans-la-rue-pour-demander-le-depart-de-netanyahu-603e1d1d10b7c2e8381e62d1a3caff19\">Isra\u00ebl : des milliers de manifestants de nouveau dans la rue pour demander le d\u00e9part de Netanyahu<\/a>&nbsp;<\/strong>(AFP)<\/p>\n\n\n\n<p><a href=\"https:\/\/www.boursorama.com\/actualite-economique\/actualites\/l-armee-israelienne-dit-avoir-tue-un-haut-commandant-du-hezbollah-libanais-d011a1589f4009edc61b51ed2499f9b5\">L\u2019arm\u00e9e isra\u00e9lienne dit avoir tu\u00e9 un haut commandant du Hezbollah libanais<\/a>&nbsp;(Reuters)<\/p>\n\n\n\n<p><strong><a href=\"https:\/\/www.huffingtonpost.fr\/international\/article\/guerre-a-gaza-le-hamas-presente-des-excuses-aux-palestiniens-pour-les-souffrances-causees_232001.html\">Le Hamas pr\u00e9sente des excuses aux Gazaouis pour les souffrances caus\u00e9es par la guerre<\/a>&nbsp;<\/strong>(Huffpost)<\/p>\n\n\n\n<p><a href=\"https:\/\/www.francetvinfo.fr\/monde\/proche-orient\/israel-palestine\/en-images-guerre-a-gaza-decouvrez-l-ampleur-des-degats-a-l-hopital-al-chifa-apres-le-retrait-des-troupes-israeliennes_6460802.html\">Guerre \u00e0 <strong>Gaza<\/strong> : l\u2019h\u00f4pital al-Chifa d\u00e9vast\u00e9 apr\u00e8s le retrait des troupes isra\u00e9liennes<\/a>&nbsp;(France Info)<\/p>\n\n\n\n<p><strong><a href=\"https:\/\/www.boursorama.com\/actualite-economique\/actualites\/israel-la-banque-centrale-veut-de-la-clarte-sur-les-depenses-de-defense-7eb73dccfb2392bcd80d78169256a683\">Isra\u00ebl : La banque centrale veut de la clart\u00e9 sur les d\u00e9penses de d\u00e9fense<\/a><\/strong>&nbsp;(Reuters)<\/p>\n\n\n\n<p><strong><a href=\"https:\/\/www.francetvinfo.fr\/replay-radio\/le-monde-est-a-nous\/elections-municipales-en-turquie-une-claque-magistrale-pour-le-president-recep-tayyip-erdogan_6430423.html\">Municipales en Turquie : une claque magistrale pour le pr\u00e9sident Erdogan<\/a>&nbsp;<\/strong>(France Info)<\/p>\n\n\n\n<p><a href=\"https:\/\/www.rfi.fr\/fr\/en-bref\/20240401-libye-des-roquettes-lanc%C3%A9es-contre-le-domicile-du-neveu-du-premier-ministre-%C3%A0-tripoli-m%C3%A9dias\"><strong>Libye<\/strong>&nbsp;: des roquettes lanc\u00e9es contre le domicile du neveu du Premier ministre \u00e0 Tripoli<\/a>&nbsp;(RFI)<\/p>\n\n\n\n<p><a href=\"https:\/\/www.rfi.fr\/fr\/moyen-orient\/20240401-municipales-en-turquie-derri%C3%A8re-la-lourde-d%C3%A9faite-de-l-akp-l-%C3%A9chec-de-la-politique-%C3%A9conomique-d-erdogan\"><strong>Turquie<\/strong>&nbsp;: derri\u00e8re la lourde d\u00e9faite de l\u2019AKP, l\u2019\u00e9chec de la politique \u00e9conomique d\u2019Erdogan<\/a>&nbsp;(RFI)<\/p>\n\n\n\n<p><strong>Analyse<\/strong><\/p>\n\n\n\n<p><strong><a href=\"https:\/\/arretsurinfo.ch\/on-nous-a-menti-sur-le-genocide-de-gaza\/\">On nous a menti sur le g\u00e9nocide de Gaza<\/a>&nbsp;<\/strong>(Arr\u00eat sur info)<\/p>\n\n\n\n<p><a href=\"https:\/\/www.monde-diplomatique.fr\/2024\/03\/HALIMI\/66631\">Barbara \u00e0 Gaza<\/a>&nbsp;(Le Monde diplomatique)<\/p>\n\n\n\n<p><a href=\"https:\/\/brunobertez.com\/2024\/03\/28\/origines-et-fonctions-de-daech-youssef-hindi\/\">Origines et fonctions de Daech<\/a>&nbsp;-Youssef Hindi&nbsp;(Bruno Bertez)<\/p>\n\n\n\n<p><a href=\"https:\/\/www.boursorama.com\/actualite-economique\/actualites\/imamoglu-le-maire-d-istanbul-qui-defie-erdogan-dc31eeca92c6964f4aa99b4c7ced3562\">Imamoglu, le maire d\u2019Istanbul qui d\u00e9fie Erdogan<\/a>&nbsp;(AFP)<\/p>\n\n\n\n<p><strong><a href=\"https:\/\/www.boursorama.com\/videos\/actualites\/debacle-electorale-d-erdogan-en-turquie-le-debut-de-la-fin-pour-l-akp-e6cb7073aa320732bb5fe9dd04dfe743\">D\u00e9b\u00e2cle \u00e9lectorale d\u2019Erdogan en Turquie : le d\u00e9but de la fin pour l\u2019AKP ?<\/a>&nbsp;<\/strong>(France 24) &nbsp;<\/p>\n\n\n\n<p><strong><a href=\"https:\/\/www.lemonde.fr\/idees\/article\/2024\/03\/30\/guerre-israel-hamas-monsieur-le-president-ne-rendez-pas-la-france-complice-des-crimes-commis-par-le-gouvernement-d-israel_6225090_3232.html\">\u2019Monsieur le Pr\u00e9sident, ne rendez pas la France complice des crimes commis par le gouvernement d\u2019Isra\u00ebl\u2019<\/a><\/strong>&nbsp;(Tribune collective \u2013 Le Monde)<\/p>\n\n\n\n<figure class=\"wp-block-image size-full is-resized\"><img data-recalc-dims=\"1\" loading=\"lazy\" decoding=\"async\" width=\"735\" height=\"727\" src=\"https:\/\/i0.wp.com\/www.rdpemancipation.org\/wp-content\/uploads\/2024\/04\/image-2.png?resize=735%2C727&#038;ssl=1\" alt=\"\" class=\"wp-image-127346\" style=\"width:411px;height:auto\" srcset=\"https:\/\/i0.wp.com\/www.rdpemancipation.org\/wp-content\/uploads\/2024\/04\/image-2.png?w=735&amp;ssl=1 735w, https:\/\/i0.wp.com\/www.rdpemancipation.org\/wp-content\/uploads\/2024\/04\/image-2.png?resize=300%2C297&amp;ssl=1 300w\" sizes=\"auto, (max-width: 735px) 100vw, 735px\" \/><\/figure>\n","protected":false},"excerpt":{"rendered":"<p>30 avril Soutien \u00e0 la Palestine : une semaine cl\u00e9 pour les organisations de jeunesse&nbsp;(Politis) Occupation de Sciences&nbsp;Po&nbsp;: la direction d\u00e9fend la&nbsp;voie \u00e9troite du compromis&nbsp;(Le Monde) Mathilde Panot et Rima Hassan entendues mardi par la police dans des enqu\u00eates ouvertes pour\u00a0&lsquo;apologie du terrorisme&lsquo;\u00a0(Le Monde) Mobilisation \u00e9tudiante propalestinienne\u00a0: la Sorbonne \u00e9vacu\u00e9e, d\u2019autres actions annonc\u00e9es\u00a0(Le Monde) Gaza&nbsp;: &#8230; <a title=\"Avril &#8211; Proche &#038; Moyen-Orient\" class=\"read-more\" href=\"https:\/\/www.rdpemancipation.org\/?p=127276\" aria-label=\"En savoir plus sur Avril &#8211; Proche &#038; Moyen-Orient\">Lire la suite<\/a><\/p>\n","protected":false},"author":1,"featured_media":0,"comment_status":"closed","ping_status":"closed","sticky":false,"template":"","format":"standard","meta":{"_lmt_disableupdate":"","_lmt_disable":"","_jetpack_memberships_contains_paid_content":false,"footnotes":""},"categories":[18],"tags":[],"class_list":["post-127276","post","type-post","status-publish","format-standard","hentry","category-proche-moyen-orient"],"modified_by":"nch","jetpack_featured_media_url":"","jetpack_sharing_enabled":true,"_links":{"self":[{"href":"https:\/\/www.rdpemancipation.org\/index.php?rest_route=\/wp\/v2\/posts\/127276","targetHints":{"allow":["GET"]}}],"collection":[{"href":"https:\/\/www.rdpemancipation.org\/index.php?rest_route=\/wp\/v2\/posts"}],"about":[{"href":"https:\/\/www.rdpemancipation.org\/index.php?rest_route=\/wp\/v2\/types\/post"}],"author":[{"embeddable":true,"href":"https:\/\/www.rdpemancipation.org\/index.php?rest_route=\/wp\/v2\/users\/1"}],"replies":[{"embeddable":true,"href":"https:\/\/www.rdpemancipation.org\/index.php?rest_route=%2Fwp%2Fv2%2Fcomments&post=127276"}],"version-history":[{"count":28,"href":"https:\/\/www.rdpemancipation.org\/index.php?rest_route=\/wp\/v2\/posts\/127276\/revisions"}],"predecessor-version":[{"id":128412,"href":"https:\/\/www.rdpemancipation.org\/index.php?rest_route=\/wp\/v2\/posts\/127276\/revisions\/128412"}],"wp:attachment":[{"href":"https:\/\/www.rdpemancipation.org\/index.php?rest_route=%2Fwp%2Fv2%2Fmedia&parent=127276"}],"wp:term":[{"taxonomy":"category","embeddable":true,"href":"https:\/\/www.rdpemancipation.org\/index.php?rest_route=%2Fwp%2Fv2%2Fcategories&post=127276"},{"taxonomy":"post_tag","embeddable":true,"href":"https:\/\/www.rdpemancipation.org\/index.php?rest_route=%2Fwp%2Fv2%2Ftags&post=127276"}],"curies":[{"name":"wp","href":"https:\/\/api.w.org\/{rel}","templated":true}]}}