{"id":126193,"date":"2024-03-01T01:40:00","date_gmt":"2024-03-01T00:40:00","guid":{"rendered":"https:\/\/www.rdpemancipation.org\/?p=126193"},"modified":"2024-03-30T06:24:20","modified_gmt":"2024-03-30T05:24:20","slug":"mars-social-4","status":"publish","type":"post","link":"https:\/\/www.rdpemancipation.org\/?p=126193","title":{"rendered":"Mars &#8211; Social"},"content":{"rendered":"\n<p class=\"has-text-color has-link-color wp-elements-f0b497b23b1dfb77cbae72207e9245c5\" style=\"color:#f80707\"><strong>30 mars<\/strong><\/p>\n\n\n\n<p><a href=\"https:\/\/www.revolutionpermanente.fr\/Un-an-de-prison-avec-sursis-requis-contre-le-secretaire-de-l-UD-CGT-59-il-faut-faire-front\">Un an de prison avec sursis requis contre le secr\u00e9taire de l\u2019UD CGT 59&nbsp;: il faut faire front&nbsp;!<\/a> (RP)<\/p>\n\n\n\n<p><strong><a href=\"https:\/\/www.humanite.fr\/social-et-economie\/automobile\/hausse-des-franchises-medicales-fin-du-bouclier-loyer-revalorisation-des-prestations-sociales-ce-qui-change-au-1er-avril-2024\">Hausse des franchises m\u00e9dicales, fin du bouclier loyer, revalorisation des prestations sociales\u2026 Ce qui change au 1er\u00a0avril 2024<\/a> (l\u2019Humanit\u00e9)<\/strong><\/p>\n\n\n\n<p><strong>Gr\u00e8ves<\/strong><\/p>\n\n\n\n<p><a href=\"https:\/\/www.humanite.fr\/social-et-economie\/aides-a-domicile\/social-chez-onela-des-salaries-en-lutte-pour-les-salaires-et-contre-le-racisme\">Social&nbsp;: chez ONELA, des salari\u00e9s en lutte pour les salaires et contre le racisme<\/a> (l\u2019Humanit\u00e9)<\/p>\n\n\n\n<p><a href=\"https:\/\/www.lemonde.fr\/economie\/article\/2024\/03\/30\/greve-pour-les-salaires-chez-auchan-nous-ce-qu-on-veut-c-est-garder-le-meme-niveau-de-pouvoir-d-achat_6225005_3234.html\">Gr\u00e8ve chez Auchan\u00a0: \u00ab\u00a0Nous, ce qu\u2019on veut, c\u2019est garder le m\u00eame niveau de pouvoir d\u2019achat\u00a0\u00bb<\/a> (Le Monde)<\/p>\n\n\n\n<p><a href=\"https:\/\/www.republicain-lorrain.fr\/education\/2024\/03\/30\/greves-dans-les-cantines-le-conseil-municipal-veut-faire-la-lumiere-sur-les-midis-noirs\">Gr\u00e8ves dans les cantines de Metz&nbsp;: pourquoi elles se r\u00e9p\u00e8tent depuis plus d&rsquo;un an ?<\/a> (R\u00e9publicain Lorrain)<\/p>\n\n\n\n<p><a href=\"https:\/\/actu.fr\/bretagne\/rennes_35238\/greve-du-2-avril-a-rennes-les-enseignants-vont-manifester-contre-le-choc-des-savoirs_60884095.html\">Gr\u00e8ve du 2 avril : \u00e0 Rennes les enseignants vont manifester contre \u00ab\u00a0le choc des savoirs\u00a0\u00bb<\/a> (actu)<\/p>\n\n\n\n<p><a href=\"https:\/\/saint-nazaire.maville.com\/actu\/actudet_-la-greve-de-cantine-continue-a-l-ecole-camus-de-saint-nazaire-_loc-6223128_actu.Htm\">La gr\u00e8ve de cantine continue \u00e0 l\u2019\u00e9cole Camus de Saint-Nazaire<\/a>&nbsp;(Ouest-France)<\/p>\n\n\n\n<p><a href=\"https:\/\/www.ledauphine.com\/social\/2024\/03\/29\/greve-de-soignants-a-l-hopital-contre-la-degradation-des-conditions-de-travail\">Gr\u00e8ve de soignants \u00e0 l&rsquo;h\u00f4pital contre \u00ab&nbsp;la d\u00e9gradation des conditions de travail \u00bb<\/a> (Le Dauphin\u00e9)<\/p>\n\n\n\n<p><a href=\"https:\/\/www.ladepeche.fr\/2024\/03\/29\/le-personnel-de-lehpad-barguisseau-dauch-reconduit-son-mouvement-de-greve-11857265.php\">Le personnel de l\u2019Ehpad Barguisseau d\u2019Auch reconduit son mouvement de gr\u00e8ve<\/a> (La D\u00e9p\u00eache)<\/p>\n\n\n\n<p><a href=\"https:\/\/www.courrier-picard.fr\/id508147\/article\/2024-03-29\/dans-loise-des-salaries-de-fm-logistic-en-greve-pour-demander-de-meilleurs\">Dans l\u2019Oise, des salari\u00e9s de FM Logistic en gr\u00e8ve pour de meilleurs salaires et conditions de travail<\/a> (Courrier Picard)<\/p>\n\n\n\n<p><a href=\"https:\/\/cholet.maville.com\/actu\/actudet_-soignants-et-agents-des-ehpad-en-greve-d-une-heure-a-angers-_fil-6222603_actu.Htm\">Soignants et agents des Ehpad en gr\u00e8ve d\u2019une heure \u00e0 Angers<\/a>&nbsp;(Ouest-France)<\/p>\n\n\n\n<p><a href=\"https:\/\/www.vosgesmatin.fr\/social\/2024\/03\/29\/des-services-de-la-poste-en-greve-ce-mardi-2-avril-a-saint-die\">Des services de La Poste en gr\u00e8ve ce mardi 2 avril \u00e0 Saint-Di\u00e9<\/a> (Vosges Matin)<\/p>\n\n\n\n<p><a href=\"https:\/\/www.lettreaudiovisuel.com\/les-correspondants-en-region-de-france-2-appeles-a-la-greve\/\">Les correspondants en r\u00e9gion de France 2 appel\u00e9s \u00e0 la gr\u00e8ve<\/a> (La Lettre de l\u2019audiovisuel)<\/p>\n\n\n\n<p><strong>Monde<\/strong><\/p>\n\n\n\n<p><a href=\"https:\/\/www.sudinfo.be\/id815155\/article\/2024-03-29\/greve-dans-les-prisons-la-cgsp-denonce-un-droit-de-greve-reduit-une-quasi\"><strong>Belgique<\/strong> : Gr\u00e8ve dans les prisons\u00a0: la CGSP d\u00e9nonce un droit de gr\u00e8ve r\u00e9duit \u00e0 une \u00ab\u00a0quasi inexistance\u00a0\u00bb<\/a> (Sudinfo)<\/p>\n\n\n\n<p><a href=\"https:\/\/www.lemonde.fr\/international\/article\/2024\/03\/29\/inde-les-ladakhis-jeunent-pour-defendre-leurs-droits-politiques-et-leur-environnement_6224864_3210.html\"><strong>Inde<\/strong>\u00a0: les Ladakhis je\u00fbnent pour d\u00e9fendre leurs droits politiques et leur environnement<\/a> (Le Monde)<\/p>\n\n\n\n<p><strong>Analyse<\/strong><\/p>\n\n\n\n<p><strong><a href=\"https:\/\/basta.media\/les-livraisons-d-armements-a-israel-dans-le-viseur-du-mouvement-de-soutien-a\">Les livraisons d\u2019armements \u00e0 Isra\u00ebl dans le viseur du mouvement de solidarit\u00e9 avec Gaza<\/a> (Basta!)<\/strong><\/p>\n\n\n\n<p><a href=\"https:\/\/www.streetpress.com\/sujet\/1711635616-banlieusards-forces-partir-metro-arrive-grand-paris-express\">Ces banlieusards forc\u00e9s de partir quand le m\u00e9tro arrive enfin chez eux<\/a> (Street Press)<\/p>\n\n\n\n<p class=\"has-text-color has-link-color wp-elements-91de656cc37f218a8d0b778c6832ab7f\" style=\"color:#f80606\"><strong>29 mars<\/strong><\/p>\n\n\n\n<p><strong><a href=\"https:\/\/www.youtube.com\/watch?v=HWFbjq0CBeE&amp;t=18s&amp;ab_channel=BLAST%2CLesouffledel%27info\">Le massacre social qui vient &#8211; Vid\u00e9o <\/a>(Blast)<\/strong><\/p>\n\n\n\n<p><a href=\"https:\/\/www.revolutionpermanente.fr\/Action-de-solidarite-avec-la-Palestine-au-Mirail-la-direction-de-la-fac-porte-plainte\">Action de solidarit\u00e9 avec la Palestine au Mirail&nbsp;: la direction de la fac porte plainte<\/a> (RP)<\/p>\n\n\n\n<p><strong><a href=\"https:\/\/basta.media\/fin-treve-hivernale-femmes-forces-vivre-en-squat-craignent-retour-rue-sans-abri\">Fin de la tr\u00eave hivernale&nbsp;: des femmes oblig\u00e9es de vivre en squat craignent le retour \u00e0 la rue<\/a> (Basta!)<\/strong><\/p>\n\n\n\n<p><a href=\"https:\/\/reporterre.net\/Paques-les-eleveurs-du-Sud-Ouest-contre-les-agneaux-de-Nouvelle-Zelande\">P\u00e2ques&nbsp;: les \u00e9leveurs du Sud-Ouest contre les agneaux de Nouvelle-Z\u00e9lande<\/a> (Reporterre)<\/p>\n\n\n\n<p><strong>Gr\u00e8ves<\/strong><\/p>\n\n\n\n<p><a href=\"https:\/\/paris-luttes.info\/actualite-de-la-lutte-dans-le-18084\">Actualit\u00e9 de la lutte dans le secteur de l\u2019\u00e9ducation<\/a> (Paris-Luttes info)<\/p>\n\n\n\n<p><a href=\"https:\/\/la1ere.francetvinfo.fr\/nouvellecaledonie\/province-sud\/noumea\/de-plus-en-plus-inquiets-pour-leur-avenir-les-salaries-du-betico-en-greve-1476218.html\">De plus en plus inquiets pour leur avenir, les salari\u00e9s du Betico en gr\u00e8ve<\/a> (franceinfo)<\/p>\n\n\n\n<p><a href=\"https:\/\/www.leprogres.fr\/magazine-sante\/2024\/03\/28\/les-preparateurs-en-pharmacie-hospitaliere-en-greve-haussent-le-ton\">Les pr\u00e9parateurs en pharmacie hospitali\u00e8re, en gr\u00e8ve, haussent le ton<\/a> (Le Progr\u00e8s)<\/p>\n\n\n\n<p><a href=\"https:\/\/vannes.maville.com\/actu\/actudet_-le-ton-monte-a-l-ecole-pres-de-rennes-des-parents-solidaires-des-enseignants-en-greve-_fil-6221277_actu.Htm\">Le ton monte \u00e0 l\u2019\u00e9cole pr\u00e8s de Rennes&nbsp;: des parents solidaires des enseignants en gr\u00e8ve<\/a>&nbsp;(Ouest-France)<\/p>\n\n\n\n<p><a href=\"https:\/\/www.lobservateur.fr\/nord-salaries-entreprise-arpege-greve\/\">Nord : les salari\u00e9s de l\u2019entreprise d\u2019insertion Arp\u00e8ge en gr\u00e8ve ce 27 mars<\/a> (L\u2019Observateur)<\/p>\n\n\n\n<p><a href=\"https:\/\/www.lindependant.fr\/2024\/03\/28\/perpignan-les-salaries-dauchan-appeles-a-se-mettre-en-greve-pour-leur-pouvoir-dachat-ce-vendredi-29-mars-11855803.php\">Perpignan&nbsp;: les salari\u00e9s d\u2019Auchan appel\u00e9s \u00e0 se mettre en gr\u00e8ve ce vendredi 29&nbsp;mars<\/a> (L\u2019Ind\u00e9pendant)<\/p>\n\n\n\n<p><a href=\"https:\/\/france3-regions.francetvinfo.fr\/auvergne-rhone-alpes\/rhone\/la-derniere-usine-francaise-d-eau-de-javel-lacroix-situee-dans-le-rhone-est-en-greve-illimitee-2947157.html\">La derni\u00e8re usine fran\u00e7aise d&rsquo;eau de javel \u00ab\u00a0Lacroix\u00a0\u00bb, situ\u00e9e dans le Rh\u00f4ne, est en gr\u00e8ve illimit\u00e9e<\/a> (franceinfo)<\/p>\n\n\n\n<p><a href=\"https:\/\/www.letelegramme.fr\/finistere\/brest-29200\/a-brest-des-salaries-grevistes-de-la-polyclinique-de-keraudren-reclament-des-remedes-a-leur-epuisement-6553749.php\">\u00c0 Brest, des salari\u00e9s gr\u00e9vistes de la polyclinique de Keraudren r\u00e9clament des rem\u00e8des <\/a>&#8230; (Le T\u00e9l\u00e9gramme)<\/p>\n\n\n\n<p><a href=\"https:\/\/www.lunion.fr\/id584198\/article\/2024-03-28\/les-futurs-licencies-de-sdp-laon-mettent-la-pression-et-menacent-de-faire-greve\">Les futurs licenci\u00e9s de SDP \u00e0 Laon mettent la pression et menacent de faire gr\u00e8ve<\/a> (L\u2019union)<\/p>\n\n\n\n<p><a href=\"https:\/\/actu.fr\/occitanie\/montpellier_34172\/montpellier-greve-et-perturbations-dans-les-cantines-ce-vendredi_60881610.html\">Montpellier : gr\u00e8ve et perturbations dans les cantines ce vendredi<\/a> (actu)<\/p>\n\n\n\n<p><strong>Monde<\/strong><\/p>\n\n\n\n<p><strong><a href=\"https:\/\/www.revolutionpermanente.fr\/Jordanie-les-mobilisations-contre-la-collaboration-avec-Israel-se-poursuivent-a-Amman-malgre-la\">Jordanie&nbsp;: les mobilisations contre la collaboration avec Isra\u00ebl se poursuivent \u00e0 Amman malgr\u00e9 la r\u00e9pression<\/a> (RP)<\/strong><\/p>\n\n\n\n<p><a href=\"https:\/\/www.equaltimes.org\/au-kenya-un-ambitieux-projet-de\">Au <strong>Kenya<\/strong>, un ambitieux projet de logements abordables se heurte \u00e0 des obstacles juridiques majeurs et \u00e0 une opposition croissante<\/a> (Equal Times)<\/p>\n\n\n\n<p><a href=\"https:\/\/www.msn.com\/fr-be\/actualite\/other\/gr%C3%A8ves-spontan%C3%A9es-dans-plusieurs-prisons-en-flandre-et-%C3%A0-bruxelles\/ar-BB1kIjo0\"><strong>Belgique<\/strong> : Gr\u00e8ves spontan\u00e9es dans plusieurs prisons en Flandre et \u00e0 Bruxelles<\/a> (Le Soir)<\/p>\n\n\n\n<p><a href=\"http:\/\/french.china.org.cn\/foreign\/txt\/2024-03\/29\/content_117093191.htm\"><strong>Royaume-Uni <\/strong>: des centaines de policiers des fronti\u00e8res d&rsquo;Heathrow feront gr\u00e8ve en avril<\/a> (French China)<\/p>\n\n\n\n<p><a href=\"Pr%C3%A9avis%20de%20gr%C3%A8ve%20chez%20Audi%20Brussels:%20371%20int%C3%A9rimaires%20vont%20perdre%20leur%20emploi\"><strong>Belgique<\/strong> : Pr\u00e9avis de gr\u00e8ve chez Audi Brussels: 371 int\u00e9rimaires vont perdre leur emploi<\/a> (7sur7)<\/p>\n\n\n\n<p><a href=\"https:\/\/www.lelezard.com\/communique-21314692.html\">Les membres d&rsquo;Unifor <strong>Qu\u00e9bec<\/strong> se mobilisent contre l&rsquo;utilisation de briseurs de gr\u00e8ve<\/a>&nbsp; (Le L\u00e9zard)<\/p>\n\n\n\n<p><strong>Analyse<\/strong><\/p>\n\n\n\n<p><strong><a href=\"https:\/\/www.youtube.com\/watch?v=czVVT7-_TSs&amp;ab_channel=Mediapart\">Militants \u00e9cologistes&nbsp;: en Europe, la grande r\u00e9pression -A l\u2019air libre<\/a> (Mediapart)<\/strong><\/p>\n\n\n\n<p><strong><a href=\"https:\/\/www.contretemps.eu\/travailleurs-handicapes-cgt-egalite-droit-esat\/\">La lutte pour les droits des travailleurs\u00b7ses handicap\u00e9\u00b7es est encore devant nous<\/a> (Contretemps)<\/strong><\/p>\n\n\n\n<p><a href=\"https:\/\/www.force-ouvriere.fr\/travail-dissimule-la-fraude-des-entreprises-reste-massive\">Travail dissimul\u00e9&nbsp;: la fraude des entreprises reste massive<\/a> (FO)<\/p>\n\n\n\n<p class=\"has-text-color has-link-color wp-elements-7edbc6310b253ccdd1944e8cc7e52226\" style=\"color:#f90808\"><strong>28 mars<\/strong><\/p>\n\n\n\n<p><a href=\"https:\/\/lepoing.net\/montpellier-le-mouvement-national-des-chomeurs-et-precaires-denonce-les-attaques-sur-lassurance-chomage\/\">Le Mouvement national des ch\u00f4meurs et pr\u00e9caires d\u00e9nonce les attaques sur l\u2019assurance ch\u00f4mage<\/a> (Le Poing)<\/p>\n\n\n\n<p><a href=\"https:\/\/rebellyon.info\/Projection-de-Ni-dieu-ni-maitre-Livre-4-25804\">Projection de \u00ab&nbsp;Ni dieu, ni maitre&nbsp;\u00bb Livre 4 en pr\u00e9sence de Tancr\u00e8de Ramonet le 31&nbsp;mars 2024 <\/a>(Rebellyon)<\/p>\n\n\n\n<p><strong><a href=\"https:\/\/www.humanite.fr\/social-et-economie\/assurance-chomage-2\/austerite-gabriel-attal-va-sabattre-sur-lassurance-chomage\">Aust\u00e9rit\u00e9&nbsp;: Gabriel Attal va s\u2019abattre sur l\u2019assurance-ch\u00f4mage<\/a> (l\u2019Humanit\u00e9)<\/strong><\/p>\n\n\n\n<p><a href=\"https:\/\/reporterre.net\/Tous-en-kayak-Ils-pagaient-pour-proteger-le-dernier-troncon-sauvage-du-Rhone\">Castors, cormorans&#8230; Le dernier tron\u00e7on sauvage du Rh\u00f4ne bient\u00f4t d\u00e9truit&nbsp;?<\/a> (Reporterre)<\/p>\n\n\n\n<p><strong>Gr\u00e8ves<\/strong><\/p>\n\n\n\n<p><a href=\"https:\/\/paris-luttes.info\/rassemblement-devant-le-siege-d-18035\">Rassemblement devant le si\u00e8ge d\u2019Onela<\/a> (Paris-Luttes info)<\/p>\n\n\n\n<p><a href=\"https:\/\/www.revolutionpermanente.fr\/Demission-profs-et-lyceens-du-93-organisent-un-comite-d-accueil-au-vice-president-de-la-region\">\u00ab&nbsp;D\u00e9mission&nbsp;!&nbsp;\u00bb&nbsp;: profs et lyc\u00e9ens du 93 organisent un comit\u00e9 d\u2019accueil au vice-pr\u00e9sident&nbsp;de&nbsp;la&nbsp;r\u00e9gion<\/a> (RP)<\/p>\n\n\n\n<p><a href=\"https:\/\/www.force-ouvriere.fr\/chez-knauf-fibre-fo-construit-le-rapport-de-force\">Chez Knauf Fibre, FO construit le rapport de force<\/a> (FO)<\/p>\n\n\n\n<p><a href=\"https:\/\/www.francebleu.fr\/infos\/economie-social\/la-greve-des-dockers-perturbe-le-trafic-du-port-de-calais-6934551\">La gr\u00e8ve des dockers perturbe le trafic du port de Calais<\/a> (ici)<\/p>\n\n\n\n<p><a href=\"https:\/\/www.ladepeche.fr\/2024\/03\/27\/le-personnel-du-college-toulousain-clemence-isaure-en-greve-ce-jeudi-11853481.php\">Le personnel du coll\u00e8ge toulousain Cl\u00e9mence Isaure en gr\u00e8ve ce jeudi<\/a> (La D\u00e9p\u00eache)<\/p>\n\n\n\n<p><a href=\"https:\/\/www.francebleu.fr\/infos\/education\/les-enseignants-des-ecoles-primaires-de-quatre-communes-de-gironde-appeles-a-la-greve-ce-jeudi-6731930\">Les enseignants des \u00e9coles primaires de quatre communes de Gironde appel\u00e9s \u00e0 la gr\u00e8ve ce jeudi<\/a> (ici)<\/p>\n\n\n\n<p><a href=\"https:\/\/www.lanouvellerepublique.fr\/niort\/les-preparateurs-en-pharmacie-de-l-hopital-de-niort-en-greve\">Les pr\u00e9parateurs en pharmacie de l\u2019h\u00f4pital de Niort en gr\u00e8ve<\/a> (La Nouvelle R\u00e9publique)<\/p>\n\n\n\n<p><a href=\"https:\/\/www.radioscoop.com\/infos\/rillieux-la-pape-greve-a-l-usine-cotelle-menacee-de-fermeture_298202\">Rillieux-La-Pape : gr\u00e8ve \u00e0 l\u2019usine Cotelle, menac\u00e9e de fermeture<\/a> (Radio Scoop)<\/p>\n\n\n\n<p><a href=\"https:\/\/www.oisehebdo.fr\/2024\/03\/27\/compiegne-greve-sogea-picardie-rue-othenin\/\">Compi\u00e8gne. Les salari\u00e9s de Sogea Picardie ont fait gr\u00e8ve devant le chantier de la rue Othenin <\/a>(Oise Hebdo)<\/p>\n\n\n\n<p><a href=\"https:\/\/laval.maville.com\/sport\/detail_-des-salaries-des-transports-urbains-lavallois-annoncent-une-greve-mardi-2-avril-_fil-6219429_actu.Htm\">Des salari\u00e9s des Transports urbains lavallois annoncent une gr\u00e8ve mardi 2&nbsp;avri<\/a>l&nbsp; (Ouest-France)<\/p>\n\n\n\n<p><a href=\"https:\/\/actu.fr\/ile-de-france\/paray-vieille-poste_91479\/dans-ce-college-de-l-essonne-les-professeurs-et-les-parents-unis-pour-denoncer-le-management-destructeur_60875741.html\">Coll\u00e8ge de l&rsquo;Essonne, les professeurs et les parents unis pour d\u00e9noncer le \u00ab\u00a0management destructeur\u00a0\u00bb<\/a> (actu)<\/p>\n\n\n\n<p><a href=\"https:\/\/www.larepubliquedespyrenees.fr\/societe\/social\/des-debrayages-chez-fareva-a-idron-19120789.php\">Des d\u00e9brayages chez Fareva, \u00e0 Idron<\/a> (La R\u00e9publique des Pyr\u00e9n\u00e9es)<\/p>\n\n\n\n<p><a href=\"https:\/\/www.lanouvellerepublique.fr\/indre-et-loire\/commune\/monts\/monts-debrayages-chez-recipharm-ce-mercredi\">Monts&nbsp;: d\u00e9brayages chez Recipharm ce mercred<\/a>i (La Nouvelle R\u00e9publique)<\/p>\n\n\n\n<p><a href=\"https:\/\/www.letelegramme.fr\/morbihan\/ploemeur-56270\/assistantes-maternelles-en-greve-a-ploemeur-3-391-eur-bruts-hors-prime-on-signe-ou-6552967.php\">Assistantes maternelles en gr\u00e8ve \u00e0 Ploemeur&nbsp;: \u00ab&nbsp;3&nbsp;391&nbsp;\u20ac brut hors prime, on signe o\u00f9&nbsp;?&nbsp;\u00bb<\/a> (Le T\u00e9l\u00e9gramme)<\/p>\n\n\n\n<p><strong>Monde<\/strong><\/p>\n\n\n\n<p><a href=\"https:\/\/www.rtbf.be\/article\/accord-salarial-a-lufthansa-apres-un-long-conflit-la-menace-de-greve-est-evitee-a-paques-11350909\"><strong>Allemagne<\/strong> : Accord salarial \u00e0 Lufthansa apr\u00e8s un long conflit, la menace de gr\u00e8ve est \u00e9vit\u00e9e \u00e0 P\u00e2ques<\/a> (RTBF)<\/p>\n\n\n\n<p><a href=\"https:\/\/www.lorientlejour.com\/article\/1408479\/manifestation-a-beyrouth-en-soutien-au-directeur-decole-suspendu-de-lunrwa.html\">Manifestation \u00e0 <strong>Beyrouth<\/strong> en soutien au directeur d&rsquo;\u00e9cole suspendu de l&rsquo;UNRWA<\/a> (L\u2019Orient-Le Jour)<\/p>\n\n\n\n<p><strong>Analyse<\/strong><\/p>\n\n\n\n<p><strong><a href=\"https:\/\/inegalites.fr\/inegalites-horaires-travail\">Horaires de travail&nbsp;: la France flexible des peu qualifi\u00e9s<\/a> (Observatoire des in\u00e9galit\u00e9s)<\/strong><\/p>\n\n\n\n<p><a href=\"https:\/\/multinationales.org\/fr\/actualites\/liaisons-dangereuses-la-lettre-du-27-mars-2024\">Liaisons dangereuses &#8211; La lettre du 27 mars 2024<\/a> (Observatoire des multinationales)<\/p>\n\n\n\n<p><strong><a href=\"https:\/\/drive.google.com\/file\/d\/1btmVOfUt2RNBkuCHefTgYZz-5Ih3M6bI\/view\">Enqu\u00eate du poing Lev\u00e9 sur la pr\u00e9carit\u00e9 et les conditions de vie \u00e9tudiante<\/a> (Le Poing Lev\u00e9)<\/strong><\/p>\n\n\n\n<p><a href=\"https:\/\/lanticapitaliste.org\/actualite\/feminisme\/8-mars-en-france-un-vent-despoir-dans-un-contexte-de-guerre-et-de-reflux-des\">8 mars en France\u2009: un vent d\u2019espoir dans un contexte de guerre et de reflux des mobilisations<\/a> (l\u2019Anticapitaliste)<\/p>\n\n\n\n<p class=\"has-text-color has-link-color wp-elements-6e8793c230ab7dab600abfc98428b93d\" style=\"color:#f80a0a\"><strong>27 mars<\/strong><\/p>\n\n\n\n<p><strong><a href=\"https:\/\/france.attac.org\/actus-et-medias\/salle-de-presse\/article\/la-tva-ne-peut-pas-etre-sociale-mais-avec-bruno-le-maire-elle-peut-etre-encore-plus-injuste\">La TVA ne peut pas \u00eatre sociale, mais avec Bruno Le Maire elle peut \u00eatre encore plus injuste.<\/a> (Attac)<\/strong><\/p>\n\n\n\n<p><a href=\"https:\/\/inegalites.fr\/Travail-de-nuit\">Les travailleurs de la nuit&nbsp;: surtout des hommes peu qualifi\u00e9s<\/a> (Observatoire des in\u00e9galit\u00e9s)<\/p>\n\n\n\n<p><strong><a href=\"https:\/\/www.revolutionpermanente.fr\/500-interpellations-15-000-policiers-et-le-RAID-Darmanin-lance-son-operation-anti-quartiers\">500 interpellations, 15 000 policiers et le RAID&nbsp;: Darmanin lance son op\u00e9ration anti-quartiers<\/a> (RP)<\/strong><\/p>\n\n\n\n<p><a href=\"https:\/\/bellaciao.org\/Meeting-pour-la-liberation-de-Georges-Abdallah-mardi-02-avril-19h00-a-la-Bourse\">Meeting pour la lib\u00e9ration de Georges Abdallah &#8211; mardi 02 avril 19h00 \u00e0 la Bourse du travail de Paris<\/a> (Bellaciao)<\/p>\n\n\n\n<p><a href=\"https:\/\/reporterre.net\/Contre-l-A69-ils-occupent-des-arbres-devant-la-Cour-europeenne-des-droits-de-l-Homme\">Contre l\u2019A69, ils occupent des arbres devant la Cour europ\u00e9enne des droits de l\u2019Homme<\/a> (Reporterre)<\/p>\n\n\n\n<p><strong>Gr\u00e8ves<\/strong><\/p>\n\n\n\n<p><strong><a href=\"https:\/\/basta.media\/on-n-a-pas-de-plafond-profs-et-eleves-mobilises-ensemble-en-seine-saint-denis\">\u00ab&nbsp;On n\u2019a pas de plafond&nbsp;!&nbsp;\u00bb&nbsp;: profs et \u00e9l\u00e8ves mobilis\u00e9s ensemble en Seine-Saint-Denis<\/a> (Basta!)<\/strong><\/p>\n\n\n\n<p><strong><a href=\"https:\/\/www.humanite.fr\/social-et-economie\/auchan\/les-revendications-salariales-embrasent-les-supermarches-auchan\">Les revendications salariales embrasent les supermarch\u00e9s Auchan<\/a> (l\u2019Humanit\u00e9)<\/strong><\/p>\n\n\n\n<p><a href=\"https:\/\/www.force-ouvriere.fr\/chez-knauf-fibre-fo-construit-le-rapport-de-force\">Chez Knauf Fibre, FO construit le rapport de force<\/a> (FO)<\/p>\n\n\n\n<p><a href=\"https:\/\/www.ouest-france.fr\/bretagne\/quimperle-29300\/pays-de-quimperle-nous-voulons-montrer-notre-mecontentement-le-reseau-de-bus-tbk-est-en-greve-9dbb3ed8-eb8b-11ee-a793-3d15ad53aa4e\">Quimperl\u00e9. \u00ab&nbsp;Nous voulons montrer notre m\u00e9contentement&nbsp;\u00bb&nbsp;: le r\u00e9seau de bus TBK est en gr\u00e8ve<\/a> (Ouest-France)<\/p>\n\n\n\n<p><a href=\"https:\/\/www.guadeloupe.franceantilles.fr\/actualite\/social\/le-syndicat-des-travailleurs-des-produits-petroliers-menace-de-faire-greve-981003.php\">Le syndicat des travailleurs des produits p\u00e9troliers menace de faire gr\u00e8ve<\/a> (France-Antilles)<\/p>\n\n\n\n<p><a href=\"https:\/\/www.leprogres.fr\/social\/2024\/03\/27\/on-ne-veut-pas-continuer-a-attendre-mouvement-de-greve-chez-les-chauffeurs-egoutiers\">\u00ab On ne veut pas continuer \u00e0 attendre \u00bb : mouvement de gr\u00e8ve chez les chauffeurs \u00e9goutiers<\/a> (Le Progr\u00e8s)<\/p>\n\n\n\n<p><a href=\"https:\/\/www.paris-normandie.fr\/id507424\/article\/2024-03-26\/pres-de-rouen-une-greve-lhopital-de-laustreberthe-pour-denoncer-la-faillite-de\">Rouen, une gr\u00e8ve \u00e0 l\u2019h\u00f4pital de l\u2019Austreberthe pour d\u00e9noncer \u00ab&nbsp;la faillite de l\u2019\u00e9tablissement&nbsp;\u00bb<\/a> (Paris-Normandie)<\/p>\n\n\n\n<p><a href=\"https:\/\/saint-nazaire.maville.com\/actu\/actudet_-plan-de-licenciements-chez-air-liquide-les-salaries-de-la-filiere-sante-en-greve-pres-de-nantes-_fil-6217824_actu.Htm\">Plan de licenciements chez Air Liquide&nbsp;: les salari\u00e9s de la fili\u00e8re sant\u00e9 en gr\u00e8ve pr\u00e8s de Nantes<\/a>&nbsp;(Ouest-France)<\/p>\n\n\n\n<p><a href=\"https:\/\/www.leprogres.fr\/education\/2024\/03\/26\/une-greve-bien-suivie-au-college-boris-vian\">Une gr\u00e8ve bien suivie au coll\u00e8ge Boris-Vian<\/a> (Le Progr\u00e8s)<\/p>\n\n\n\n<p><a href=\"https:\/\/www.larepubliquedespyrenees.fr\/societe\/pau-les-retraites-manifestent-pour-plus-de-pouvoir-d-achat-19108412.php\">\u00c0 Pau, les retrait\u00e9s manifestent pour plus de pouvoir d\u2019achat<\/a> (La R\u00e9publique des Pyr\u00e9n\u00e9es)<\/p>\n\n\n\n<p><a href=\"https:\/\/nantes.maville.com\/actu\/actudet_-saint-brevin-les-pins.-un-nouvel-appel-a-la-greve-des-etablissements-medico-sociaux-de-mindin-_dep-6217542_actu.Htm\">Saint-Brevin-les-Pins. Un nouvel appel \u00e0 la gr\u00e8ve des \u00e9tablissements m\u00e9dico-sociaux de Mindin<\/a>&nbsp; (Ouest-France)<\/p>\n\n\n\n<p><a href=\"https:\/\/www.larepubliquedespyrenees.fr\/economie\/industrie\/l-usine-nidec-girard-transmissions-marquee-par-une-greve-19104920.php\">L\u2019usine Nidec Girard Transmissions marqu\u00e9e par une gr\u00e8ve<\/a> (La R\u00e9publique des Pyr\u00e9n\u00e9es)<\/p>\n\n\n\n<p><a href=\"https:\/\/france3-regions.francetvinfo.fr\/bourgogne-franche-comte\/territoire-de-belfort\/belfort\/ils-aident-des-malades-a-mieux-respirer-479-salaries-de-vitalaire-asphyxies-et-abattus-par-un-vaste-plan-de-licenciements-2945712.html\">Ils aident des malades \u00e0 mieux respirer : 479 salari\u00e9s de VitalAire vont perdre leurs emplois<\/a> (franceinfo)<\/p>\n\n\n\n<p><a href=\"https:\/\/www.lavoixdunord.fr\/1444977\/article\/2024-03-26\/greve-au-port-de-calais-vers-un-durcissement-pour-le-week-end-de-paques\">Gr\u00e8ve au port de Calais&nbsp;: vers un durcissement pour le week-end de P\u00e2ques&nbsp;?<\/a> (La Voix du Nord)<\/p>\n\n\n\n<p><a href=\"https:\/\/toulouse7.com\/2024\/03\/27\/pourquoi-des-personnels-du-college-clemence-isaure-sont-en-greve-ce-jeudi-a-toulouse\/\">Des personnels du Coll\u00e8ge Cl\u00e9mence Isaure de Toulouse annoncent une gr\u00e8ve ce jeudi 28 mars.<\/a> (Toulouse 7)<\/p>\n\n\n\n<p><a href=\"https:\/\/www.ouest-france.fr\/pays-de-la-loire\/mayenne\/greve-dans-la-protection-de-lenfance-en-mayenne-le-departement-prone-un-dialogue-social-constant-b94f95c6-eb6e-11ee-9706-81db63ab310d\">Gr\u00e8ve dans la Protection de l\u2019enfance en Mayenne.<\/a> (Ouest-France)<\/p>\n\n\n\n<p><strong>Monde<\/strong><\/p>\n\n\n\n<p><strong><a href=\"https:\/\/www.wsws.org\/fr\/articles\/2024\/03\/26\/azrs-m26.html\">Allemagne&nbsp;: 25 000 salari\u00e9s manifestent contre les licenciements collectifs chez Bosch<\/a> (WSWS)<\/strong><\/p>\n\n\n\n<p><a href=\"https:\/\/www.lalibre.be\/international\/europe\/2024\/03\/26\/austrian-airlines-annulation-de-vols-jeudi-et-vendredi-en-prevision-dune-greve-5USVOKNCRJEYHFADP5ODDQ5RTY\/\"><strong>Autriche<\/strong> : Cette compagnie a\u00e9rienne annule 400 vols ce jeudi et vendredi en vue d&rsquo;une gr\u00e8ve<\/a> (La Libre)<\/p>\n\n\n\n<p><a href=\"http:\/\/abidjantv.net\/agriculture\/affaire-prix-du-cacao-a-1000-fcfa-les-planteurs-ivoiriens-tiennent-un-conclave-durgence-une-greve-annoncee\/\"><strong>Abidjan<\/strong> : affaire prix du cacao \u00e0 1000 fcfa: les planteurs ivoiriens tiennent un conclave d\u2019urgence, une gr\u00e8ve annonc\u00e9e<\/a> (Abidjan TV)<\/p>\n\n\n\n<p><a href=\"https:\/\/www.msn.com\/fr-xl\/actualite\/monde\/allemagne-les-conducteurs-de-train-obtiennent-les-35-heures-%C3%A0-la-carte-apr%C3%A8s-une-gr%C3%A8ve-historique\/ar-BB1kyINt\"><strong>Allemagne<\/strong>: les conducteurs de train obtiennent les 35 heures \u00e0 la carte, apr\u00e8s une gr\u00e8ve historique<\/a> (AFP)<\/p>\n\n\n\n<p class=\"has-text-color has-link-color wp-elements-e2a9e30c7335331b8e2230d3732fc531\" style=\"color:#f60909\"><strong>26 mars<\/strong><\/p>\n\n\n\n<p><a href=\"https:\/\/paris-luttes.info\/les-digitales-saison-printaniere-18009\">Les Digitales &#8211; saison printani\u00e8re&nbsp;!<\/a> (Paris-Luttes info)<\/p>\n\n\n\n<p><strong><a href=\"https:\/\/lanticapitaliste.org\/actualite\/international\/de-nouvelles-perspectives-pour-la-mobilisation-pour-la-palestine\">De nouvelles perspectives pour la mobilisation pour la Palestine<\/a> (l\u2019Anticapitaliste)<\/strong><\/p>\n\n\n\n<p><strong>Gr\u00e8ves<\/strong><\/p>\n\n\n\n<p><a href=\"https:\/\/france3-regions.francetvinfo.fr\/provence-alpes-cote-d-azur\/bouches-du-rhone\/marseille\/un-veritable-crachat-a-la-figure-des-journalistes-les-salaries-de-la-provence-reprennent-le-travail-mais-attendent-des-garanties-2944953.html\">Les salari\u00e9s de \u00ab\u00a0La Provence\u00a0\u00bb reprennent le travail mais attendent des garanties<\/a> (franceinfo)<\/p>\n\n\n\n<p><a href=\"https:\/\/actu.fr\/ile-de-france\/cergy_95127\/salaires-conditions-de-travail-les-salaries-dauchan-cergy-en-colere_60861144.html\">Salaires, conditions de travail : les salari\u00e9s d&rsquo;Auchan Cergy en col\u00e8re<\/a> (actu)<\/p>\n\n\n\n<p><a href=\"https:\/\/lepoing.net\/les-comptables-de-la-maison-departementale-de-lautonomie-de-lherault-ont-depose-un-preavis-de-greve\/\">Les comptables de la Maison D\u00e9partementale de l\u2019autonomie de l\u2019H\u00e9rault ont d\u00e9pos\u00e9 un pr\u00e9avis de gr\u00e8ve<\/a> (Le Poing)<\/p>\n\n\n\n<p><a href=\"https:\/\/www.revolutionpermanente.fr\/C-est-vous-qu-on-veut-mettre-au-pas-au-Havre-rassemblement-contre-la-repression-syndicale-chez\">\u00ab&nbsp;C\u2019est vous qu\u2019on veut mettre au pas&nbsp;\u00bb&nbsp;: au Havre, rassemblement contre la r\u00e9pression syndicale chez Safran<\/a> (RP)<\/p>\n\n\n\n<p><a href=\"https:\/\/www.lemonde.fr\/economie\/article\/2024\/03\/25\/l-appel-a-la-greve-a-france-inter-franceinfo-et-france-culture-finalement-leve_6224145_3234.html\">L\u2019appel \u00e0 la gr\u00e8ve \u00e0 France Inter, Franceinfo et France Culture finalement lev\u00e9.<\/a> (Le Monde)<\/p>\n\n\n\n<p><a href=\"https:\/\/www.lardennais.fr\/id582907\/article\/2024-03-25\/une-greve-est-en-cours-sur-le-site-enedis-de-rethel-pour-denoncer-le-mal-etre-au\">Une gr\u00e8ve est en cours sur le site Enedis de Rethel pour d\u00e9noncer le mal-\u00eatre au travail des agents<\/a> (L\u2019Ardennais)<\/p>\n\n\n\n<p><a href=\"https:\/\/www.ouest-france.fr\/bretagne\/quimperle-29300\/pays-de-quimperle-preavis-de-greve-chez-tbk-pas-de-bus-pendant-3-jours-e276d768-ea9f-11ee-ba74-12897b706ed5\">Pays de Quimperl\u00e9. Pr\u00e9avis de gr\u00e8ve chez TBK&nbsp;: pas de bus pendant 3&nbsp;jours<\/a> (Ouest-France)<\/p>\n\n\n\n<p><a href=\"https:\/\/www.boursier.com\/actualites\/economie\/enseignants-appel-a-la-greve-massive-le-2-avril-50761.html\">Enseignants&nbsp;: appel \u00e0 la \u00ab\u00a0gr\u00e8ve massive\u00a0\u00bb le 2 avril<\/a> (Boursier com)<\/p>\n\n\n\n<p><a href=\"https:\/\/www.estrepublicain.fr\/social\/2024\/03\/25\/les-salaries-de-vitalaire-en-greve-pour-defendre-leurs-emplois\">Les salari\u00e9s de VitalAire en gr\u00e8ve pour d\u00e9fendre leurs emplois<\/a> (L\u2019Est R\u00e9publicain)<\/p>\n\n\n\n<p><a href=\"https:\/\/www.ladepeche.fr\/2024\/03\/25\/des-salaries-dune-plateforme-brico-depot-pres-de-toulouse-en-greve-illimitee-11848783.php\">Des salari\u00e9s d\u2019une plateforme Brico Priv\u00e9 pr\u00e8s de Toulouse en gr\u00e8ve illimit\u00e9e<\/a> (La D\u00e9p\u00eache)<\/p>\n\n\n\n<p><a href=\"https:\/\/www.lindependant.fr\/2024\/03\/25\/limoux-les-syndicalistes-denoncent-le-deni-de-la-poste-face-aux-problemes-de-courriers-et-appellent-a-la-greve-11848123.php\">Aude&nbsp;: les syndicalistes appellent \u00e0 la gr\u00e8ve<\/a> (L\u2019Ind\u00e9pendant)<\/p>\n\n\n\n<p><a href=\"https:\/\/www.lavoixdunord.fr\/1444398\/article\/2024-03-25\/littoral-mouvement-de-greve-de-dfds-loon-plage\">Transmanche&nbsp;: mouvement de gr\u00e8ve chez DFDS, des d\u00e9parts annul\u00e9s vers l\u2019Angleterre<\/a> (La Voix du Nord)<\/p>\n\n\n\n<p><a href=\"https:\/\/www.aefinfo.fr\/depeche\/709330-en-greve-des-salaries-de-lecole-lea-cfi-denoncent-la-decision-de-la-ccir-idf-de-fermer-des-bac-pros-a-la-rentree-2024\">En gr\u00e8ve, des salari\u00e9s de l&rsquo;\u00e9cole L\u00c9A-CFI d\u00e9noncent la d\u00e9cision de fermer des Bac pros \u00e0 la rentr\u00e9e 2024<\/a> (aef info)<\/p>\n\n\n\n<p><a href=\"https:\/\/actu.fr\/ile-de-france\/paris_75056\/ecoles-maternelles-pourquoi-les-agents-de-la-ville-de-paris-seront-en-greve-ce-mardi_60863036.html\">\u00c9coles maternelles : pourquoi les agents de la Ville de Paris seront en gr\u00e8ve ce mardi&nbsp;?<\/a> (actu)<\/p>\n\n\n\n<p><a href=\"https:\/\/www.charentelibre.fr\/charente\/sud-barbezieux\/barbezieux-des-salaries-des-moulins-de-saint-preuil-en-greve-pour-revaloriser-leurs-salaires-19096674.php\">Barbezieux : des salari\u00e9s des moulins de Saint-Preuil en gr\u00e8ve pour revaloriser leurs salaires<\/a> (Charente Libre)<\/p>\n\n\n\n<p><a href=\"https:\/\/www.deltafm.fr\/greve-du-personnel-a-terre-chez-dfds-au-terminal-ferry-de-loon-plage-ce-lundi\">Gr\u00e8ve du personnel \u00e0 terre chez DFDS, au Terminal Ferry de Loon-Plage ce lundi<\/a> (delta FM)<\/p>\n\n\n\n<p><a href=\"https:\/\/www.republicain-lorrain.fr\/education\/2024\/03\/25\/penurie-d-enseignants-le-lycee-saint-exupery-a-fameck-en-greve-jeudi-28\">P\u00e9nurie d\u2019enseignants&nbsp;: le lyc\u00e9e Saint-Exup\u00e9ry \u00e0 Fameck en gr\u00e8ve jeudi&nbsp;28&nbsp;?<\/a> (R\u00e9publicain Lorrain)<\/p>\n\n\n\n<p><a href=\"https:\/\/www.paris-normandie.fr\/videos\/a-la-une-le-havre\/ehpad-publics-du-havre-un-piquet-de-greve-pour-denoncer-une-suppression-massive-de-postes?param01=xxvkkqk&amp;param02=01490263&amp;param03=27\">Ehpad publics du Havre : un piquet de gr\u00e8ve pour d\u00e9noncer une suppression massive de postes<\/a> (Paris-Normandie)<\/p>\n\n\n\n<p><a href=\"https:\/\/marsactu.fr\/bref\/le-personnel-du-pole-psychiatrie-de-lhopital-sainte-marguerite-en-greve-jeudi\/\">Le personnel du p\u00f4le psychiatrie de l\u2019h\u00f4pital Sainte-Marguerite en gr\u00e8ve jeudi<\/a> (Mars Actu)<\/p>\n\n\n\n<p><strong>Monde<\/strong><\/p>\n\n\n\n<p><a href=\"https:\/\/alencontre.org\/ameriques\/amelat\/argentine\/argentine-pour-la-commemoration-du-24-mars-une-mobilisation-massive-avec-une-presence-des-organisations-syndicales-et-des-forces-sociales-et-politiques-de-la-gauche.html\"><strong>Argentine<\/strong>. Pour la comm\u00e9moration du 24&nbsp;mars: une mobilisation massive<\/a> (A l\u2019encontre)<\/p>\n\n\n\n<p><a href=\"https:\/\/www.libe.ma\/Droit-de-greve-Code-du-travail-systeme-de-retraite-Autant-de-sujets-ardus_a143275.html\"><strong>Maroc<\/strong> : Droit de gr\u00e8ve, Code du travail, syst\u00e8me de retraite\u2026 Autant de sujets ardus<\/a> (Lib\u00e9ration)<\/p>\n\n\n\n<p><a href=\"https:\/\/www.zonebourse.com\/cours\/action\/SSAB-AB-6491386\/actualite\/Factbox-Comment-les-greves-finlandaises-sur-les-reformes-du-travail-affectent-les-entreprises-46274998\/\">Factbox &#8211; Comment les gr\u00e8ves <strong>finlandaises<\/strong> sur les r\u00e9formes du travail affectent les entreprises<\/a> (Zonebourse)<\/p>\n\n\n\n<p><strong>Analyse<\/strong><\/p>\n\n\n\n<p><strong><a href=\"https:\/\/www.revue-ballast.fr\/un-an-apres-raconter-sainte-soline\/\">Un an apr\u00e8s, raconter Sainte-Soline<\/a> (Ballast)<\/strong><\/p>\n\n\n\n<p><a href=\"https:\/\/basta.media\/violences-policieres-Un-an-apres-manifestation-Sainte-Soline-megabassines-livre-temoignages-manifestants\">Violences polici\u00e8res&nbsp;: un an apr\u00e8s Sainte-Soline, un livre pour t\u00e9moigner<\/a> (Basta!)<\/p>\n\n\n\n<p><strong><a href=\"https:\/\/www.frustrationmagazine.fr\/transfuges\/\">A quoi servent les r\u00e9cits de \u201ctransfuges de classe\u201d ?<\/a> (Frustration)<\/strong><\/p>\n\n\n\n<p class=\"has-text-color has-link-color wp-elements-669d66149b02a2cd8fb1cb48cc52fbfd\" style=\"color:#f60707\"><strong>25 mars<\/strong><\/p>\n\n\n\n<p><a href=\"https:\/\/www.frustrationmagazine.fr\/stupeflip-hierarchie\/\">\u201c\u00c0 bas la hi\u00e9rarchie\u201d, Stupeflip : la rage contre l\u2019enfer salarial<\/a> (Frustration)<\/p>\n\n\n\n<p><strong><a href=\"https:\/\/www.humanite.fr\/social-et-economie\/assurance-chomage-2\/emploi-comment-le-medef-veut-imposer-le-cdi-senior\">Emploi : comment le Medef veut imposer le CDI senior<\/a> (l\u2019Humanit\u00e9)<\/strong><\/p>\n\n\n\n<p><strong>Gr\u00e8ves<\/strong><\/p>\n\n\n\n<p><strong><a href=\"https:\/\/www.humanite.fr\/medias\/cma\/a-la-provence-rodolphe-saade-retropedale-et-reintegre-le-directeur-de-la-redaction\">\u00c0 \u00ab&nbsp;La Provence&nbsp;\u00bb, Rodolphe Saad\u00e9 r\u00e9trop\u00e9dale et r\u00e9int\u00e8gre le directeur de la r\u00e9daction<\/a> (l\u2019Humanit\u00e9)<\/strong><\/p>\n\n\n\n<p><a href=\"https:\/\/www.tf1info.fr\/societe\/greve-massive-mardi-2-avril-2024-dans-l-education-nationale-appel-des-syndicats-enseignants-contre-le-choc-des-savoirs-2290454.html\">\u00c9ducation nationale : appel \u00e0 la \u00ab\u00a0gr\u00e8ve massive\u00a0\u00bb des enseignants le 2 avril contre le \u00ab\u00a0choc des savoirs\u00a0\u00bb<\/a> (TF1)<\/p>\n\n\n\n<p><a href=\"https:\/\/www.francebleu.fr\/infos\/societe\/greve-des-chauffeurs-de-bus-dans-le-pays-de-grasse-des-perturbations-attendues-lundi-4597500\">Gr\u00e8ve des chauffeurs de bus dans le Pays de Grasse, des perturbations attendues lundi<\/a> (ici)<\/p>\n\n\n\n<p><a href=\"https:\/\/www.nordlittoral.fr\/204376\/article\/2024-03-24\/dfds-loon-plage-un-preavis-de-greve-depose-par-la-cfdt-pour-le-25-mars\">DFDS \u00e0 Loon Plage&nbsp;: un pr\u00e9avis de gr\u00e8ve d\u00e9pos\u00e9 par la CFDT pour le 25 mars<\/a> (Nord Littoral)<\/p>\n\n\n\n<p><a href=\"https:\/\/angers.maville.com\/actu\/actudet_-angers.-greve-a-l-ehpad-saint-nicolas-la-direction-du-chu-denonce-des-absences-destabilisantes-_une-6214016_actu.Htm\">Angers. Gr\u00e8ve \u00e0 l\u2019Ehpad Saint-Nicolas&nbsp;<\/a>&nbsp;(Ouest-France)<\/p>\n\n\n\n<p><a href=\"https:\/\/www.lanouvellerepublique.fr\/tours\/grand-theatre-de-tours-la-greve-des-musiciens-suspendue-dans-l-attente-de-discussions-annoncees-avec-la-ville\">Grand Th\u00e9\u00e2tre de Tours&nbsp;: la gr\u00e8ve des musiciens suspendue<\/a> (La Nouvelle R\u00e9publique)<\/p>\n\n\n\n<p><strong>Monde<\/strong><\/p>\n\n\n\n<p><a href=\"https:\/\/www.lesoir.be\/576594\/article\/2024-03-24\/brussels-airlines-un-accord-ete-trouve-la-greve-des-pilotes-est-annulee$\"><strong>Belgique<\/strong> : Brussels Airlines&nbsp;: un accord a \u00e9t\u00e9 trouv\u00e9, la gr\u00e8ve des pilotes est annul\u00e9e<\/a> (Le Soir)<\/p>\n\n\n\n<p><a href=\"https:\/\/www.msn.com\/fr-xl\/sante\/other\/cor%C3%A9e-du-sud-la-gr%C3%A8ve-des-m%C3%A9decins-prend-de-l-ampleur-les-malades-s-inqui%C3%A8tent\/ar-BB1krB8n\"><strong>Cor\u00e9e du Sud<\/strong>: la gr\u00e8ve des m\u00e9decins prend de l&rsquo;ampleur, les malades s&rsquo;inqui\u00e8tent<\/a> (RFI)<\/p>\n\n\n\n<p><strong>Analyse<\/strong><\/p>\n\n\n\n<p><strong><a href=\"https:\/\/rapportsdeforce.fr\/classes-en-lutte\/en-seine-saint-denis-les-ecoles-sembrasent-emission-speciale-et-dossier-032320766\">En Seine-Saint-Denis, les \u00e9coles s\u2019embrasent \/ \u00c9mission sp\u00e9ciale et dossier.<\/a> (Rapports de force)<\/strong><\/p>\n\n\n\n<p><strong><mark style=\"background-color:rgba(0, 0, 0, 0);color:#ed1010\" class=\"has-inline-color\">23 mars<\/mark><\/strong><\/p>\n\n\n\n<p><strong><a href=\"https:\/\/www.humanite.fr\/social-et-economie\/ibm\/intelligence-artificielle-chez-ibm-lia-a-nouveau-pretexte-pour-sabrer-dans-lemploi\">Intelligence artificielle&nbsp;: chez IBM, l\u2019IA \u00e0 nouveau pr\u00e9texte pour sabrer dans l\u2019emploi<\/a> (l\u2019Humanit\u00e9)<\/strong><\/p>\n\n\n\n<p><strong><a href=\"https:\/\/www.force-ouvriere.fr\/capgemini-les-salaries-creent-de-la-valeur-la-direction-s-assure\">Capgemini&nbsp;: les salari\u00e9s cr\u00e9ent de la valeur&nbsp;; la Direction s\u2019assure de la faire dispara\u00eetre&nbsp;!<\/a> (FO)<\/strong><\/p>\n\n\n\n<p><a href=\"https:\/\/www.frustrationmagazine.fr\/stupeflip-hierarchie\/\">\u201c\u00c0 bas la hi\u00e9rarchie\u201d, Stupeflip : la rage contre l\u2019enfer salarial<\/a> (Frustration)<\/p>\n\n\n\n<p><strong>Gr\u00e8ves<\/strong><\/p>\n\n\n\n<p><strong><a href=\"https:\/\/france3-regions.francetvinfo.fr\/provence-alpes-cote-d-azur\/bouches-du-rhone\/marseille\/greve-a-la-provence-apres-un-titre-conteste-par-des-proches-d-emmanuel-macron-on-vous-explique-la-crise-en-quatre-actes-2944218.html\">Gr\u00e8ve \u00e0 La Provence apr\u00e8s un titre contest\u00e9 par des proches d&rsquo;Emmanuel Macron  <\/a>(franceinfo)<\/strong><\/p>\n\n\n\n<p><a href=\"https:\/\/france3-regions.francetvinfo.fr\/auvergne-rhone-alpes\/rhone\/lyon\/une-salariee-de-la-cnr-en-greve-de-la-faim-que-se-passe-t-il-a-la-compagnie-nationale-du-rhone-2943612.html\">Une salari\u00e9e de la CNR en gr\u00e8ve de la faim. Que se passe-t-il \u00e0 la Compagnie Nationale du Rh\u00f4ne ?<\/a> (Franceinfo)<\/p>\n\n\n\n<p><a href=\"https:\/\/actu.fr\/ile-de-france\/maurepas_78383\/greve-dans-les-magasins-auchan-des-yvelines-on-a-le-blues-on-veut-du-flouze_60854605.html\">Gr\u00e8ve dans les magasins Auchan des Yvelines : \u00ab On a le blues, on veut du flouze \u00bb<\/a> (actu)<\/p>\n\n\n\n<p><a href=\"https:\/\/www.ladepeche.fr\/2024\/03\/22\/les-salaries-dauchan-gramont-a-toulouse-en-greve-pour-de-meilleurs-salaires-11842264.php\">Les salari\u00e9s d\u2019Auchan Gramont \u00e0 Toulouse en gr\u00e8ve pour de meilleurs salaires<\/a> (La D\u00e9p\u00eache)<\/p>\n\n\n\n<p><a href=\"https:\/\/www.leprogres.fr\/social\/2024\/03\/22\/les-salaries-d-auchan-saint-priest-en-greve-pour-leur-pouvoir-d-achat\">Les salari\u00e9s d\u2019Auchan&nbsp;Saint-priest en gr\u00e8ve pour leur pouvoir d\u2019achat<\/a> (Le Progr\u00e8s)<\/p>\n\n\n\n<p><a href=\"https:\/\/www.oisehebdo.fr\/2024\/03\/22\/compiegne-auchan-greve\/\">Compi\u00e8gne. Les salari\u00e9s d\u2019Auchan en gr\u00e8ve<\/a> (Oise Hebdo)<\/p>\n\n\n\n<p><a href=\"https:\/\/www.courrier-picard.fr\/id505978\/article\/2024-03-22\/les-hotesses-de-caisse-dauchan-allonnes-en-greve-des-perturbations-prevoir\">Les h\u00f4tesses de caisse d\u2019Auchan \u00e0 Allonne en gr\u00e8ve, des perturbations \u00e0 pr\u00e9voir<\/a> (Courrier Picard)<\/p>\n\n\n\n<p><a href=\"https:\/\/www.aisnenouvelle.fr\/id505969\/article\/2024-03-22\/les-salaries-dauchan-de-saint-quentin-et-de-viry-noureuil-en-greve\">Les salari\u00e9s d\u2019Auchan de Saint-Quentin et de Viry-Noureuil en gr\u00e8ve<\/a> (L\u2019Aisne Nouvelle)<\/p>\n\n\n\n<p><a href=\"https:\/\/www.lavoixdunord.fr\/1443476\/article\/2024-03-22\/mouvement-de-greve-chez-totalenergies-la-station-service-de-l-a2-fermee-la\">Mouvement de gr\u00e8ve chez TotalEnergies, la station-service de l\u2019A2 ferm\u00e9e \u00e0 La Sentinelle<\/a> (La Voix du Nord)<\/p>\n\n\n\n<p><a href=\"https:\/\/www.charentelibre.fr\/societe\/manifestation\/saint-gobain-vitrage-revalorisation-salariale-13e-mois-les-salaries-en-greve-ce-vendredi-a-angouleme-19053775.php\">Saint-Gobain Vitrage : revalorisation salariale, 13e mois, les salari\u00e9s en gr\u00e8ve ce vendredi, \u00e0 Angoul\u00eame<\/a> (Charente Libre)<\/p>\n\n\n\n<p><a href=\"https:\/\/www.ladepeche.fr\/2024\/03\/22\/apres-une-semaine-de-greve-le-personnel-de-lehpad-barguisseau-maintient-la-pression-sur-la-direction-11842996.php\">Apr\u00e8s une semaine de gr\u00e8ve, le personnel de l\u2019Ehpad Barguisseau maintient la pression <\/a> (La D\u00e9p\u00eache)<\/p>\n\n\n\n<p><a href=\"https:\/\/www.letelegramme.fr\/ille-et-vilaine\/rennes-35000\/greve-des-lycees-agricoles-a-rennes-le-directeur-du-campus-the-land-se-dit-droit-dans-ses-bottes-6549048.php\">Gr\u00e8ve des lyc\u00e9es agricoles&nbsp;: \u00e0 Rennes, le directeur du campus The Land refuse de d\u00e9missionner<\/a> (Le T\u00e9l\u00e9gramme)<\/p>\n\n\n\n<p><strong><a href=\"https:\/\/rapportsdeforce.fr\/classes-en-lutte\/colleges-deserts-manif-en-famille-les-parents-se-mobilisent-pour-leducation-dans-le-93-032320773\">\u00ab Coll\u00e8ges d\u00e9serts \u00bb, \u00ab manif en famille \u00bb, les parents se mobilisent pour l\u2019\u00e9ducation dans le 93<\/a> (Rapports de force)<\/strong><\/p>\n\n\n\n<p><a href=\"https:\/\/www.revolutionpermanente.fr\/Greve-dans-l-Education-apres-un-19-mars-en-demi-teinte-quels-bilans-tirer\">Gr\u00e8ve dans l\u2019\u00c9ducation&nbsp;: apr\u00e8s un 19 mars en demi-teinte, quels bilans tirer&nbsp;?<\/a> (RP)<\/p>\n\n\n\n<p><a href=\"https:\/\/www.revolutionpermanente.fr\/Pendant-que-Tavares-gagne-100-000EUR-par-jour-Stellantis-supprime-900-postes-sur-le-site-de-Metz\">Pendant que Tavares gagne 100 000\u20ac par jour, Stellantis supprime 900 postes sur le site de Metz-Borny<\/a> (RP)<\/p>\n\n\n\n<p><a href=\"https:\/\/www.revolutionpermanente.fr\/C-est-vous-qu-on-veut-mettre-au-pas-au-Havre-rassemblement-contre-la-repression-syndicale-chez\">\u00ab&nbsp;C\u2019est vous qu\u2019on veut mettre au pas&nbsp;\u00bb&nbsp;: au Havre, rassemblement contre la r\u00e9pression syndicale chez Safran<\/a> (RP)<\/p>\n\n\n\n<p><a href=\"https:\/\/www.force-ouvriere.fr\/fdg-objat-fo-aux-cotes-des-salaries-menaces-par-la-fermeture-du\">FDG Objat&nbsp;: FO aux c\u00f4t\u00e9s des salari\u00e9s menac\u00e9s par la fermeture du site<\/a> (FO<\/p>\n\n\n\n<p><strong>Monde<\/strong><\/p>\n\n\n\n<p><a href=\"https:\/\/www.wsws.org\/fr\/articles\/2024\/03\/23\/yaje-m23.html\">Le gouvernement <strong>grec<\/strong> introduit des lois sur les universit\u00e9s priv\u00e9es et lance la r\u00e9pression polici\u00e8re contre les manifestations de masse<\/a> (WSWS)<\/p>\n\n\n\n<p><strong><mark style=\"background-color:rgba(0, 0, 0, 0);color:#ed1010\" class=\"has-inline-color\">22 mars<\/mark><\/strong><\/p>\n\n\n\n<p><strong><a href=\"https:\/\/www.revolutionpermanente.fr\/Nous-ne-serons-pas-des-producteurs-d-armes-la-CGT-denonce-un-projet-militaire-a-la-Centrale-de\">\u00ab&nbsp;Nous ne serons pas des producteurs d\u2019armes&nbsp;\u00bb&nbsp;: la CGT d\u00e9nonce un projet militaire \u00e0 la Centrale de Civaux.<\/a>&nbsp; (RP)<\/strong><\/p>\n\n\n\n<p><strong><a href=\"https:\/\/www.bondyblog.fr\/societe\/4e-semaine-de-mobilisation-pour-les-profs-du-93-la-ministre-les-laisse-toujours-en-vu\/\">4e semaine de mobilisation pour les profs du 93 (la ministre les laisse toujours en vu)<\/a> (Le bond Blog)<\/strong><\/p>\n\n\n\n<p><a href=\"https:\/\/rebellyon.info\/23-Mars-Marche-contre-les-violences-d-etat-25777\">23&nbsp;Mars&nbsp;: Marche contre les violences d\u2019\u00e9tat \u00e0 Lyon<\/a> (Rebellyon)<\/p>\n\n\n\n<p><strong>Gr\u00e8ves<\/strong><\/p>\n\n\n\n<p><strong><a href=\"https:\/\/www.humanite.fr\/social-et-economie\/droit-de-greve\/les-agents-ne-doivent-pas-payer-pour-venir-travailler-pourquoi-la-cgt-ratp-appelle-a-la-greve-le-4-avril\">Pourquoi la CGT RATP appelle \u00e0 la gr\u00e8ve le 4&nbsp;avril ?<\/a> (l\u2019Humanit\u00e9)<\/strong><\/p>\n\n\n\n<p><a href=\"https:\/\/www.sudouest.fr\/landes\/dax\/basket-greve-des-entrainements-salaires-impayes-que-se-passe-t-il-au-dgb-19047773.php\">Basket&nbsp;: gr\u00e8ve des entra\u00eenements, salaires impay\u00e9s\u2026 que se passe-t-il au DGB\u202f<\/a>?(Sud Ouest)<\/p>\n\n\n\n<p><a href=\"https:\/\/www.guadeloupe.franceantilles.fr\/actualite\/social\/la-greve-se-poursuit-au-syndicat-de-leau-980144.php\">La gr\u00e8ve se poursuit au syndicat de l&rsquo;eau<\/a> (France-Antilles)<\/p>\n\n\n\n<p><a href=\"https:\/\/www.ladepeche.fr\/2024\/03\/22\/social-greve-des-pompiers-professionnels-toujours-pas-daccord-avec-arnaud-viala-11841934.php\">Gr\u00e8ve des pompiers en Aveyron&nbsp;: \u00ab\u00a0Toujours pas d\u2019accord\u00a0\u00bb avec Arnaud Viala<\/a> (La D\u00e9p\u00eache)<\/p>\n\n\n\n<p><a href=\"https:\/\/www.ladepeche.fr\/2024\/03\/21\/le-personnel-vote-un-5e-jour-de-greve-a-lehpad-barguisseau-les-negociations-continuent-11840766.php\">Le personnel vote un 5e jour de gr\u00e8ve \u00e0 l\u2019Ehpad Barguisseau, les n\u00e9gociations continuent<\/a> (La D\u00e9p\u00eache)<\/p>\n\n\n\n<p><a href=\"https:\/\/www.lejdc.fr\/clamecy-58500\/actualites\/greve-chez-jacquet-2000-a-clamecy-un-dialogue-ouvert-avec-la-direction-nationale-du-groupe_14472588\/\">Gr\u00e8ve chez Jacquet 2000 \u00e0 Clamecy <\/a>(Le Journal du Centre)<\/p>\n\n\n\n<p><a href=\"https:\/\/rennes.maville.com\/actu\/actudet_-les-ambulanciers-du-chu-de-rennes-en-greve-_une-6210344_actu.Htm\">Les ambulanciers du CHU de Rennes en gr\u00e8ve<\/a>&nbsp;(Ouest-France)<\/p>\n\n\n\n<p><a href=\"https:\/\/www.paris-normandie.fr\/id505627\/article\/2024-03-21\/debrayages-ou-greve-un-mouvement-social-annonce-auchan-vendredi\">D\u00e9brayages ou gr\u00e8ve : un mouvement social annonc\u00e9 \u00e0 Auchan vendredi<\/a> (Paris-Normandie)<\/p>\n\n\n\n<p><a href=\"https:\/\/france3-regions.francetvinfo.fr\/occitanie\/haute-garonne\/toulouse\/les-gens-qui-rentrent-de-l-etranger-avec-des-cigarettes-ou-de-la-drogue-sont-bien-contents-des-douaniers-en-greve-tournante-a-l-aeroport-2943231.html\">Toulouse : des douaniers en gr\u00e8ve tournante \u00e0 l&rsquo;a\u00e9roport<\/a> (franceinfo)<\/p>\n\n\n\n<p><a href=\"https:\/\/www.lavoixdunord.fr\/1443137\/article\/2024-03-21\/arras-action-sans-resultat-ou-necessaire-mobilisation-les-professeurs-de-savary\">Arras&nbsp;:  les professeurs de Savary-Ferry face \u00e0 la gr\u00e8ve<\/a> (La voix du Nord)<\/p>\n\n\n\n<p><a href=\"https:\/\/www.angers.villactu.fr\/le-personnel-de-lehpad-saint-nicolas-etait-en-greve-ce-jeudi-21-mars\/\">Le personnel de l\u2019EHPAD Saint-Nicolas \u00e9tait en gr\u00e8ve ce jeudi 21 mars<\/a> (Angers Villactu)<\/p>\n\n\n\n<p><a href=\"https:\/\/www.leprogres.fr\/education\/2024\/03\/21\/les-enseignants-de-l-ecole-de-musique-de-villeurbanne-en-greve-massive\">Les enseignants de l\u2019\u00e9cole de musique de Villeurbanne en \u00ab&nbsp;gr\u00e8ve massive&nbsp;\u00bb<\/a> (Le Progr\u00e8s)<\/p>\n\n\n\n<p><a href=\"https:\/\/www.leparisien.fr\/jo-paris-2024\/jo-paris-2024-un-mouvement-de-greve-dans-letablissement-charge-de-fabriquer-les-medailles-21-03-2024-VSMUS5NXUZGLJBDSYWANA7QTPI.php\">JO Paris 2024&nbsp;: un mouvement de gr\u00e8ve dans l\u2019\u00e9tablissement charg\u00e9 de fabriquer les m\u00e9dailles<\/a> (Le Parisien)<\/p>\n\n\n\n<p><strong>Monde<\/strong><\/p>\n\n\n\n<p><a href=\"https:\/\/www.aa.com.tr\/fr\/afrique\/kenya-la-gr%C3%A8ve-nationale-des-m%C3%A9decins-entre-dans-sa-deuxi%C3%A8me-semaine\/3171112\"><strong>Kenya<\/strong>: la gr\u00e8ve nationale des m\u00e9decins entre dans sa deuxi\u00e8me semaine<\/a> (AA)<\/p>\n\n\n\n<p><a href=\"https:\/\/www.euractiv.fr\/section\/medias\/news\/liberte-de-la-presse-des-journalistes-en-greve-en-italie-pour-protester-la-vente-de-leur-agence-a-un-depute-de-droite\/\">Des journalistes en gr\u00e8ve en <strong>Italie<\/strong> pour protester contre la vente de leur agence \u00e0 un d\u00e9put\u00e9 de droite<\/a> Euractiv)<\/p>\n\n\n\n<p><strong>Analyse<\/strong><\/p>\n\n\n\n<p><strong><a href=\"https:\/\/www.equaltimes.org\/les-paysans-en-lutte-pour-l-acces\">Les paysans en lutte pour l\u2019acc\u00e8s \u00e0 la terre et l\u2019acquisition de la souverainet\u00e9 alimentaire dans le monde entier<\/a> (Equal Times)<\/strong><\/p>\n\n\n\n<p><strong><mark style=\"background-color:rgba(0, 0, 0, 0);color:#ed1010\" class=\"has-inline-color\">21 mars<\/mark><\/strong><\/p>\n\n\n\n<p><strong><a href=\"https:\/\/lepoing.net\/frontignan-un-collectif-en-lutte-contre-laugmentation-des-tarifs-des-maisons-de-retraites\/\">Un mois de Ramadan sous le signe du boycott<\/a> (Le Bondy Blog)<\/strong><\/p>\n\n\n\n<p><a href=\"https:\/\/lepoing.net\/frontignan-un-collectif-en-lutte-contre-laugmentation-des-tarifs-des-maisons-de-retraites\/\">Frontignan : un collectif en lutte contre l\u2019augmentation des tarifs des maisons de retraites<\/a> (Le Poing)<\/p>\n\n\n\n<p><strong><a href=\"https:\/\/inegalites.fr\/Travail-penible-ouvriers-et-employes-sont-les-plus-exposes\">Travail p\u00e9nible&nbsp;: ouvriers et employ\u00e9s sont les plus expos\u00e9s<\/a> (Observatoire des in\u00e9galit\u00e9s)<\/strong><\/p>\n\n\n\n<p><strong><a href=\"https:\/\/paris-luttes.info\/marche-en-l-honneur-de-wanys-et-18053\">Marche en l\u2019honneur de Wanys et Ibrahim<\/a> (Paris-Luttes info)<\/strong><\/p>\n\n\n\n<p><a href=\"https:\/\/reporterre.net\/En-Provence-le-chantier-d-un-parc-photovoltaique-stoppe-par-des-militants\">En Haute-Provence, des militants envahissent le chantier d\u2019un parc photovolta\u00efque<\/a> (Reporterre)<\/p>\n\n\n\n<p><a href=\"https:\/\/94.citoyens.com\/evenement\/cine-debat-a-creteil-la-greve-pour-les-retraites-a-la-sncf\">Cin\u00e9-d\u00e9bat \u00e0 Cr\u00e9teil : La gr\u00e8ve pour les retraites \u00e0 la SNCF<\/a> (94 citoyens)<\/p>\n\n\n\n<p><strong>Gr\u00e8ves<\/strong><\/p>\n\n\n\n<p><a href=\"https:\/\/www.lunion.fr\/id581339\/article\/2024-03-20\/la-greve-se-poursuit-chez-veuve-clicquot-avec-un-nouveau-rassemblement-reims-le\">La gr\u00e8ve se poursuit chez Veuve-Clicquot avec un nouveau rassemblement \u00e0 Reims le 28 mars<\/a> (L\u2019union)<\/p>\n\n\n\n<p><a href=\"https:\/\/www.lavoixdunord.fr\/1442836\/article\/2024-03-20\/greve-ou-debrayages-pour-les-salaires-un-vendredi-perturbe-s-annonce-chez-auchan\">Gr\u00e8ve ou d\u00e9brayages pour les salaires&nbsp;: un vendredi perturb\u00e9 s\u2019annonce chez Auchan<\/a> (La Voix du Nord)<\/p>\n\n\n\n<p><a href=\"https:\/\/www.ladepeche.fr\/2024\/03\/20\/la-clinique-du-pont-de-chaume-en-greve-direction-et-salaries-negocient-une-sortie-de-crise-11838609.php\">La clinique du Pont de Chaume en gr\u00e8ve&nbsp;: direction et salari\u00e9s n\u00e9gocient une sortie de crise<\/a> (la D\u00e9p\u00eache)<\/p>\n\n\n\n<p><a href=\"https:\/\/www.estrepublicain.fr\/sante\/2024\/03\/20\/greve-a-l-ahbfc-je-cumule-deux-emplois-pour-vivre-dit-une-secretaire-medicale\">Gr\u00e8ve \u00e0 l\u2019AHBFC&nbsp;: \u00ab&nbsp;Je cumule deux emplois pour vivre&nbsp;\u00bb, dit une secr\u00e9taire m\u00e9dicale<\/a> (L\u2019Est R\u00e9publicain)<\/p>\n\n\n\n<p><a href=\"https:\/\/www.lindependant.fr\/2024\/03\/20\/ceret-piquet-de-greve-devant-la-poste-11837891.php\">C\u00e9ret&nbsp;: piquet de gr\u00e8ve devant La Poste<\/a> (L\u2019Ind\u00e9pendant)<\/p>\n\n\n\n<p><a href=\"https:\/\/www.lindependant.fr\/2024\/03\/20\/prades-la-poste-en-greve-11838088.php\">Prades&nbsp;: La Poste en gr\u00e8ve<\/a> (L\u2019Ind\u00e9pendant)<\/p>\n\n\n\n<p><a href=\"https:\/\/www.leparisien.fr\/val-de-marne-94\/les-agents-de-service-hospitalier-de-villeneuve-saint-georges-en-greve-contre-la-suppression-de-leurs-emplois-20-03-2024-KIPKC3ZVVZFCXN22XMVJSJD23E.php\">Les agents de service hospitalier de Villeneuve-Saint-Georges en gr\u00e8ve <\/a> (Le Parisien)<\/p>\n\n\n\n<p><a href=\"https:\/\/www.msn.com\/fr-fr\/actualite\/france\/just-eat-leur-licenciement-annonc%C3%A9-les-livreurs-salari%C3%A9s-de-paris-en-gr%C3%A8ve\/ar-BB1kd7BD\">Just Eat : leur licenciement annonc\u00e9, les livreurs salari\u00e9s de Paris en gr\u00e8ve<\/a> (Le Parisien)<\/p>\n\n\n\n<p><a href=\"https:\/\/www.ledauphine.com\/social\/2024\/03\/20\/isere-un-rassemblement-contre-les-racismes-ce-jeudi-en-centre-ville-de-grenoble\">Grenoble : Un rassemblement \u00ab&nbsp;contre les racismes&nbsp;\u00bb ce jeudi en centre-ville<\/a> (Le Dauphin\u00e9)<\/p>\n\n\n\n<p><strong>Monde<\/strong><\/p>\n\n\n\n<p><a href=\"https:\/\/www.lesoir.be\/575882\/article\/2024-03-20\/brussels-airlines-la-greve-de-quatre-jours-aura-finalement-bel-et-bien-lieu-fin\"><strong>Belgique<\/strong> : Brussels Airlines&nbsp;: la gr\u00e8ve de quatre jours aura finalement bel et bien lieu fin mars<\/a> (Le Soir)<\/p>\n\n\n\n<p><a href=\"https:\/\/www.zonebourse.com\/actualite-bourse\/Les-syndicats-finlandais-prolongent-d-une-semaine-leur-greve-contre-le-gouvernement-46243385\/\">Les syndicats <strong>finlandais<\/strong> prolongent d&rsquo;une semaine leur gr\u00e8ve contre le gouvernement<\/a> (Zonebourse)<\/p>\n\n\n\n<p><strong><mark style=\"background-color:rgba(0, 0, 0, 0);color:#ed1010\" class=\"has-inline-color\">20 mars<\/mark><\/strong><\/p>\n\n\n\n<p><a href=\"https:\/\/rebellyon.info\/MARCHONS-Pour-Gaza-pour-la-Palestine-25768\">Marchons pour Gaza, pour la Palestine le samedi 23&nbsp;mars d\u00e9part 15h Place des Terreaux &#8211; Lyon<\/a> (Rebellyon)<\/p>\n\n\n\n<p><a href=\"https:\/\/www.revolutionpermanente.fr\/Le-Mans-Les-etudiants-de-l-Ecole-d-Art-et-de-Design-mobilises-face-a-la-hausse-des-frais-d\">Le Mans. Les \u00e9tudiants de l\u2019Ecole d\u2019Art et de Design mobilis\u00e9s face \u00e0 la hausse des frais d\u2019inscription<\/a> (RP)<\/p>\n\n\n\n<p><strong><a href=\"https:\/\/www.force-ouvriere.fr\/irp-dans-les-entreprises-le-constat-des-degats-des-reformes\">IRP dans les entreprises&nbsp;: le constat des d\u00e9g\u00e2ts des r\u00e9formes<\/a> (FO)<\/strong><\/p>\n\n\n\n<p><a href=\"https:\/\/www.lalsace.fr\/politique\/2024\/03\/19\/en-greve-de-la-faim-devant-la-cedh-des-roumains-veulent-retrouver-leurs-terres\">En gr\u00e8ve de la faim devant la CEDH, des Roumains r\u00e9clament leurs terres<\/a> (L\u2019Alsace)<\/p>\n\n\n\n<p><strong>Gr\u00e8ves<\/strong><\/p>\n\n\n\n<p><a href=\"https:\/\/www.revolutionpermanente.fr\/Un-19-mars-contraste-malgre-la-colere-il-faut-un-veritable-plan-de-bataille\">Un 19 mars contrast\u00e9 malgr\u00e9 la col\u00e8re&nbsp;: il faut un v\u00e9ritable plan de bataille&nbsp;!<\/a> (RP)<\/p>\n\n\n\n<p><strong><a href=\"https:\/\/www.humanite.fr\/social-et-economie\/agents-territoriaux\/des-scarabees-qui-tombent-du-plafond-les-profs-de-seine-saint-denis-reclament-un-plan-durgence\">\u00ab Des scarab\u00e9es qui tombent du plafond \u00bb : les profs de Seine-Saint-Denis r\u00e9clament un plan d&rsquo;urgence<\/a> (l\u2019Humanit\u00e9)<\/strong><\/p>\n\n\n\n<p><a href=\"https:\/\/www.force-ouvriere.fr\/pse-logistique-de-conforama-la-mobilisation-porte-ses-fruits\">PSE Logistique de Conforama&nbsp;: la mobilisation porte ses fruits&nbsp;<\/a>! (FO)<\/p>\n\n\n\n<p><a href=\"https:\/\/lanticapitaliste.org\/actualite\/entreprises\/aides-domicile-onela-et-bien-la\">Aides \u00e0 domicile : Onela&#8230; et bien l\u00e0&nbsp;!<\/a> (l\u2019Anticapitaliste)<\/p>\n\n\n\n<p><a href=\"https:\/\/www.courrier-picard.fr\/id505059\/article\/2024-03-19\/conflit-au-centre-dappels-webhelp-dans-loise-la-greve-se-prolonge-pour-une-duree\">Conflit au centre d\u2019appels Webhelp dans l\u2019Oise&nbsp;: la gr\u00e8ve se prolonge pour une dur\u00e9e illimit\u00e9e<\/a> (Le Courrier Picard)<\/p>\n\n\n\n<p><a href=\"https:\/\/www.lindependant.fr\/2024\/03\/19\/pyrenees-orientales-les-facteurs-en-greve-illimitee-dans-quatre-communes-11835864.php\">Pyr\u00e9n\u00e9es-Orientales&nbsp;: les facteurs en gr\u00e8ve illimit\u00e9e dans quatre communes<\/a> (L\u2019ind\u00e9pendant)<\/p>\n\n\n\n<p><a href=\"https:\/\/www.ladepeche.fr\/2024\/03\/20\/greve-des-municipaux-tensions-suplementaires-11837249.php\">Montr\u00e9jeau. Gr\u00e8ve des municipaux : tensions supl\u00e9mentaires<\/a> (La Gazette)<\/p>\n\n\n\n<p><a href=\"https:\/\/la1ere.francetvinfo.fr\/nouvellecaledonie\/province-nord\/kone\/fin-du-mouvement-de-greve-a-l-opt-1473714.html\">Fin du mouvement de gr\u00e8ve \u00e0 l&rsquo;OPT<\/a> (franceinfo)<\/p>\n\n\n\n<p><a href=\"https:\/\/www.ladepeche.fr\/2024\/03\/20\/ehpad-barguisseau-le-mouvement-de-greve-se-poursuit-une-nouvelle-rencontre-entre-personnels-et-direction-prevue-jeudi-11835696.php\">Ehpad Barguisseau&nbsp;: le mouvement de gr\u00e8ve se poursuit<\/a> (La D\u00e9p\u00eache)<\/p>\n\n\n\n<p><a href=\"https:\/\/www.guadeloupe.franceantilles.fr\/actualite\/social\/premier-jour-de-greve-des-employes-de-la-smgeag-979914.php\">Premier jour de gr\u00e8ve des employ\u00e9s de la SMGEAG<\/a> (France-Antilles)<\/p>\n\n\n\n<p><a href=\"https:\/\/www.leprogres.fr\/social\/2024\/03\/19\/greve-a-la-clinique-du-parc-nous-sommes-bien-loin-de-beneficier-d-un-13e-mois\">Gr\u00e8ve \u00e0 la clinique du Parc : \u00ab Nous sommes bien loin de b\u00e9n\u00e9ficier d\u2019un 13e mois \u00bb<\/a> (Le Progr\u00e8s)<\/p>\n\n\n\n<p><a href=\"https:\/\/www.lanouvellerepublique.fr\/poitiers\/vouneuil-sous-biard-grogne-et-preavis-de-greve-au-college-josephine-baker\">Vouneuil-sous-Biard&nbsp;: grogne et pr\u00e9avis de gr\u00e8ve au coll\u00e8ge Jos\u00e9phine-Baker<\/a> (La Nouvelle R\u00e9publique)<\/p>\n\n\n\n<p><strong>Monde<\/strong><\/p>\n\n\n\n<p><strong><a href=\"https:\/\/www.wsws.org\/fr\/articles\/2024\/03\/20\/vtuh-m20.html\">Les licenciements aux \u00c9tats-Unis ont atteint en f\u00e9vrier leur niveau le plus \u00e9lev\u00e9 depuis 2008<\/a> (WSWS)<\/strong><\/p>\n\n\n\n<p><a href=\"https:\/\/teranganews.sn\/2024\/03\/ziguinchor-les-etudiants-de-leno-en-greve-de-48h-pour-reclamer-5-mois-darrieres-de-bourses\/\"><strong>S\u00e9n\u00e9gal<\/strong> : Ziguinchor : Les \u00e9tudiants de l\u2019ENO en gr\u00e8ve de 48H pour r\u00e9clamer 5 mois d\u2019arri\u00e9r\u00e9s de bourses <\/a>(Teranga News)<\/p>\n\n\n\n<p><strong>Analyse<\/strong><\/p>\n\n\n\n<p><strong><a href=\"https:\/\/www.youtube.com\/watch?v=Aqc6GkfZs4w&amp;ab_channel=BLAST%2CLesouffledel%27info\">Souffrance \u00e0 l\u2019h\u00f4pital public, autopsie d\u2019un drame -vid\u00e9o<\/a> (Blast)<\/strong><\/p>\n\n\n\n<p class=\"has-text-color has-link-color wp-elements-04b68acf8362306b50bf66d0fd957e73\" style=\"color:#f70505\"><strong>19 mars<\/strong><\/p>\n\n\n\n<p><strong>&nbsp;<a href=\"https:\/\/france.attac.org\/se-mobiliser\/ecsa\/article\/ecsa-en-avril-a-marseille-preparons-la-riposte-et-des-alternatives-pour-un%60\">En avril \u00e0 Marseille, pr\u00e9parons la riposte et des alternatives pour un autre monde&nbsp;!<\/a> (Attac)<\/strong><\/p>\n\n\n\n<p><a href=\"https:\/\/lepoing.net\/nimes-debut-de-la-semaine-etudiante-de-lecologie-et-de-la-solidarite-entretien\/\">N\u00eemes : d\u00e9but de la Semaine \u00c9tudiante de l\u2019\u00c9cologie et de la Solidarit\u00e9<\/a> (Le Poing)<\/p>\n\n\n\n<p><a href=\"https:\/\/lundi.am\/Recette-pour-construire-une-mega-usine\">Recette pour construire une m\u00e9ga-usine<\/a> (Lundi matin)<\/p>\n\n\n\n<p><a href=\"https:\/\/paris-luttes.info\/assemblee-publique-contre-les-18032\">Assembl\u00e9e publique contre les centres de r\u00e9tention &#8211; mercredi 20 \u00e0 la Bourse du travai<\/a>l (Rebellyon)<\/p>\n\n\n\n<p><a href=\"https:\/\/www.humanite.fr\/social-et-economie\/hopital\/virginie-s-infirmiere-de-nuit-la-remuneration-au-merite-est-une-insulte-pour-ceux-qui-donnent-leur-vie-au-service-public\">Virginie S., infirmi\u00e8re de nuit&nbsp;: \u00ab&nbsp;La r\u00e9mun\u00e9ration au m\u00e9rite est une insulte pour ceux qui donnent leur vie au service public&nbsp;\u00bb<\/a> (l\u2019Humanit\u00e9)<\/p>\n\n\n\n<p><a href=\"https:\/\/lanticapitaliste.org\/actualite\/ecologie\/nucleaire-epr-non-merci-caen-le-23-mars\">Nucl\u00e9aire : EPR, non merci&nbsp;! \u00c0 Caen, le 23 mars&nbsp;!<\/a> (l\u2019Anticapitaliste)<\/p>\n\n\n\n<p><strong><a href=\"https:\/\/reporterre.net\/Prives-de-nourriture-par-les-gendarmes-des-opposants-a-l-A69-meurent-de-faim\">Priv\u00e9s de nourriture par les gendarmes, des opposants \u00e0 l\u2019A69 meurent de faim<\/a> (Reporterre)<\/strong><\/p>\n\n\n\n<p><a href=\"https:\/\/reporterre.net\/En-pleine-secheresse-des-milliers-de-manifestants-contre-le-golf-de-trop\">En pleine s\u00e9cheresse, des milliers de manifestants contre \u00ab&nbsp;le golf de trop&nbsp;\u00bb<\/a> (Reporterre)<\/p>\n\n\n\n<p><strong>Gr\u00e8ves<\/strong><\/p>\n\n\n\n<p><strong><a href=\"https:\/\/actu.fr\/societe\/direct-greve-du-19-mars-ecoles-fermees-operations-escargot-suivez-les-perturbations-dans-toute-la-france_60834050.html\">Direct&nbsp;Gr\u00e8ve du 19 mars : des perturbations attendues dans toute la France&#8230; <\/a> (actu)<\/strong><\/p>\n\n\n\n<p><a href=\"https:\/\/www.msn.com\/fr-fr\/finance\/economie\/gr%C3%A8ve-de-la-fonction-publique-trois-questions-sur-la-r%C3%A9mun%C3%A9ration-des-fonctionnaires\/ar-BB1k8xv9\">Gr\u00e8ve de la fonction publique : trois questions sur la r\u00e9mun\u00e9ration des fonctionnaires<\/a> (franceinfo)<\/p>\n\n\n\n<p><a href=\"https:\/\/france3-regions.francetvinfo.fr\/centre-val-de-loire\/greve-des-enseignants-ce-mardi-19-mars-la-reforme-sur-les-groupes-de-niveau-cristallise-la-colere-2941614.html\">Gr\u00e8ve des enseignants ce mardi 19 mars : la r\u00e9forme sur les groupes de niveau cristallise la col\u00e8re<\/a> (franceinfo)<\/p>\n\n\n\n<p><a href=\"https:\/\/www.letelegramme.fr\/finistere\/quimper-29000\/greve-des-infirmiers-liberaux-tractage-et-operation-escargot-depuis-lechangeur-de-troyalach-a-quimper-la-circulation-completement-bloquee-6546933.php\">Gr\u00e8ve des infirmiers lib\u00e9raux&nbsp;: tractage et op\u00e9ration escargot \u00e0 Quimper <\/a>(Le T\u00e9l\u00e9gramme)<\/p>\n\n\n\n<p><a href=\"https:\/\/www.humanite.fr\/social-et-economie\/aesh\/gel-du-point-dindice-remuneration-au-merite-les-raisons-de-la-greve-des-fonctionnaires-ce-19-mars\">Gel du point d&rsquo;indice, r\u00e9mun\u00e9ration au m\u00e9rite&#8230;&nbsp;: les raisons de la gr\u00e8ve des fonctionnaires ce 19 mars<\/a> (l\u2019Humanit\u00e9)<\/p>\n\n\n\n<p><a href=\"https:\/\/cherbourg.maville.com\/actu\/actudet_-mouvement-de-greve-tres-suivi-a-la-cooperative-isigny-sainte-mere-dans-le-calvados-et-la-manche-_fil-6204953_actu.Htm\">Mouvement de gr\u00e8ve tr\u00e8s suivi \u00e0 la coop\u00e9rative Isigny Sainte-M\u00e8re, dans le Calvados et la Manche<\/a>&nbsp;(Ouest-France)<\/p>\n\n\n\n<p><a href=\"https:\/\/www.leprogres.fr\/economie\/2024\/03\/18\/en-greve-pour-de-meilleurs-salaires-chez-montabert\">\u00c0 Saint-Priest, une gr\u00e8ve chez Montabert pour une augmentation des salaires<\/a> (LeProgr\u00e8s)<\/p>\n\n\n\n<p><a href=\"https:\/\/www.revolutionpermanente.fr\/On-va-pas-lacher-Mouvement-de-greve-dans-les-centrales-nucleaires-chez-le-sous-traitant-Atalian\">\u00ab&nbsp;On ne va pas l\u00e2cher&nbsp;!&nbsp;\u00bb&nbsp;: dans les centrales nucl\u00e9aires, les travailleuses du sous-traitant Atalian en lutte<\/a> (RP)<\/p>\n\n\n\n<p><a href=\"https:\/\/www.revolutionpermanente.fr\/Une-victime-de-VSS-et-le-syndicaliste-qui-la-defend-reprimes-par-la-SNCF-200-personnes-reunies-en\">Une victime de VSS et le syndicaliste qui la d\u00e9fend r\u00e9prim\u00e9s par la SNCF&nbsp;: 200 personnes r\u00e9unies&nbsp;en&nbsp;soutien<\/a> (RP)<\/p>\n\n\n\n<p><a href=\"https:\/\/www.streetpress.com\/sujet\/1710780398-employes-call-center-retraites-onela-groupe-colisee-greve-rythme-travail\">Les employ\u00e9s d&rsquo;un call-center pour retrait\u00e9s du groupe Colis\u00e9e en gr\u00e8ve<\/a> (Street Press)<\/p>\n\n\n\n<p><strong>Monde<\/strong><\/p>\n\n\n\n<p><a href=\"https:\/\/www.aip.ci\/42497\/cote-divoire-aip-les-agents-municipaux-de-sikensi-reprennent-le-service-apres-trois-de-greve\/\"><strong>C\u00f4te d\u2019Ivoire<\/strong> : Les agents municipaux de Sikensi reprennent le service apr\u00e8s trois de gr\u00e8ve<\/a> (AIP)<\/p>\n\n\n\n<p><strong>Analyse<\/strong><\/p>\n\n\n\n<p><a href=\"https:\/\/basta.media\/expulsions-locatives-hausse-avant-tout-probleme-loyers-impayables\">Les expulsions locatives en hausse&nbsp;: \u00ab&nbsp;C\u2019est avant tout un probl\u00e8me de loyers impayables&nbsp;\u00bb<\/a> (Basta!)<\/p>\n\n\n\n<p class=\"has-text-color has-link-color wp-elements-e558688ea3c473e0134b42e31b860955\" style=\"color:#f60707\"><strong>18 mars<\/strong><\/p>\n\n\n\n<p><a href=\"https:\/\/rebellyon.info\/Appel-a-manifester-le-samedi-30-mars-a-25759\">Appel \u00e0 manifester le 30&nbsp;mars ! Contre toutes les expulsions et pour un logement digne pour toustes&nbsp;!<\/a> (Rebellyon)<\/p>\n\n\n\n<p><strong><a href=\"https:\/\/www.humanite.fr\/social-et-economie\/conges-payes\/conges-payes-acquis-pendant-un-arret-maladie-pourquoi-les-syndicats-denoncent-les-mesures-du-gouvernement\">Cong\u00e9s pay\u00e9s acquis pendant un arr\u00eat maladie&nbsp;: pourquoi les syndicats d\u00e9noncent les mesures<\/a> (l\u2019Humanit\u00e9)<\/strong><\/p>\n\n\n\n<p><a href=\"https:\/\/basta.media\/dispositif-protection-enfance-menace-coupes-budgetaires\">Un dispositif de la protection de l\u2019enfance menac\u00e9 de coupes budg\u00e9taires<\/a> (Basta!)<\/p>\n\n\n\n<p><strong>Gr\u00e8ves<\/strong><\/p>\n\n\n\n<p><strong><a href=\"https:\/\/www.snes.edu\/agissons\/campagnes\/carte-des-manifestations-du-19-mars-2024\/\">Carte des manifestations du 19 mars 2024<\/a> (snes)<\/strong><\/p>\n\n\n\n<p><a href=\"https:\/\/lepoing.net\/cette-semaine-dans-lherault-manif-et-greve-des-fonctions-publiques-journee-de-leau-antifascisme-palestine\/\">Dans l\u2019H\u00e9rault&nbsp;: manif et gr\u00e8ve des fonctions publiques, journ\u00e9e de l\u2019eau, antifascisme, Palestine<\/a> (Le Poing)<\/p>\n\n\n\n<p><a href=\"https:\/\/www.msn.com\/fr-fr\/actualite\/other\/nantes-gr%C3%A8ve-des-conducteurs-de-bus-et-tramways-apr%C3%A8s-des-violences\/ar-BB1k4Bzl\">Nantes : gr\u00e8ve des conducteurs de bus et tramways apr\u00e8s des violences<\/a> (franceinfo)<\/p>\n\n\n\n<p><a href=\"https:\/\/www.ouest-france.fr\/economie\/greve\/mouvement-de-greve-annonce-lundi-a-la-cooperative-isigny-sainte-mere-dans-la-manche-et-le-calvados-ec723870-e487-11ee-9435-63dcb38aa522\">Mouvement de gr\u00e8ve annonc\u00e9 lundi, \u00e0 la coop\u00e9rative Isigny Sainte-M\u00e8re, dans la Manche et le Calvados<\/a> (Ouest-France)<\/p>\n\n\n\n<p><a href=\"https:\/\/94.citoyens.com\/2024\/la-prefecture-du-val-de-marne-demande-la-fin-du-piquet-de-greve-des-travailleurs-sans-papiers,18-03-2024.html\">La pr\u00e9fecture du Val-de-Marne demande la fin du piquet de gr\u00e8ve des travailleurs sans papiers<\/a> (94 citoyens)<\/p>\n\n\n\n<p><a href=\"https:\/\/www.leprogres.fr\/social\/2024\/03\/18\/oullins-pierre-benite-greve-a-la-station-d-epuration-les-boues-usees-s-entassent\">Gr\u00e8ve \u00e0 la station d\u2019\u00e9puration, les boues us\u00e9es s\u2019entassent \u00e0 Oullins-Pierre-B\u00e9nite<\/a> (Le Progr\u00e8s)<\/p>\n\n\n\n<p><a href=\"https:\/\/www.larepubliquedespyrenees.fr\/societe\/greve-et-manifestations\/blocage-de-totalenergies-a-pau-la-coordination-rurale-attend-des-renforts-ce-lundi-18995199.php\">Blocage de TotalEnergies \u00e0 Pau&nbsp;: la Coordination rurale attend des renforts ce lund<\/a>i (La R\u00e9publique des Pyr\u00e9n\u00e9es)<\/p>\n\n\n\n<p><a href=\"https:\/\/www.lamarseillaise.fr\/social\/les-forestiers-reclament-une-revalorisation-salariale-CB15631223\">Les forestiers r\u00e9clament une revalorisation salariale<\/a> (La Marseillaise)<\/p>\n\n\n\n<p><strong>Monde<\/strong><\/p>\n\n\n\n<p><strong><a href=\"https:\/\/alencontre.org\/europe\/grece\/grece-agriculteurs-etudiants-grevistes-une-opposition-sociale-den-bas-avec-un-potentiel.html\">Gr\u00e8ce. Agriculteurs-\u00e9tudiants-gr\u00e9vistes: une opposition sociale d\u2019en bas, avec un potentiel<\/a> (A l\u2019encontre)<\/strong><\/p>\n\n\n\n<p><a href=\"https:\/\/www.equaltimes.org\/en-macedoine-du-nord-face-a-l\">En <strong>Mac\u00e9doine du Nord<\/strong>, face \u00e0 l\u2019impunit\u00e9 des employeurs et la violation de leurs droits des ouvri\u00e8res du textile se mobilisent<\/a> (Equal Times)<\/p>\n\n\n\n<p><a href=\"https:\/\/www.ledevoir.com\/economie\/809207\/travail-syndiques-airbus-canada-mirabel-dotent-vote-greve\">Les syndiqu\u00e9s d\u2019Airbus <strong>Canada<\/strong> \u00e0 Mirabel se dotent d\u2019un vote de gr\u00e8ve<\/a> (Le Devoir)<\/p>\n\n\n\n<p><a href=\"https:\/\/www.lelezard.com\/communique-21298703.html\"><strong>Canada<\/strong> : 1600 auxiliaires d&rsquo;enseignement de McGill pourraient \u00eatre en gr\u00e8ve pour la fin de session<\/a> (Le L\u00e9zard)<\/p>\n\n\n\n<p><a href=\"https:\/\/la1ere.francetvinfo.fr\/mayotte\/madagascar-les-eboueurs-en-colere-renversent-les-poubelles-1473051.html\"><strong>Madagascar<\/strong> : les \u00e9boueurs en col\u00e8re renversent les poubelles<\/a> (fr anceinfo)<\/p>\n\n\n\n<p><strong><mark style=\"background-color:rgba(0, 0, 0, 0);color:#ed1010\" class=\"has-inline-color\">16 mars<\/mark><\/strong><\/p>\n\n\n\n<p><strong><a href=\"https:\/\/www.youtube.com\/watch?v=MxBGq8qIXM8&amp;ab_channel=BLAST%2CLesouffledel%27info\">Les paysans, les pesticides et l\u2019extinction de l\u2019humanit\u00e9 &#8211; doc doc doc<\/a> (Blast)<\/strong><\/p>\n\n\n\n<p><strong><a href=\"https:\/\/inegalites.fr\/illectronisme-2909\">Huit millions de personnes en situation d\u2019illectronisme en France<\/a> (Observatoire des in\u00e9galit\u00e9s)<\/strong><\/p>\n\n\n\n<p><a href=\"https:\/\/www.revolutionpermanente.fr\/Palestine-la-solidarite-dans-les-universites-se-poursuit-en-France-et-en-Europe-la-repression-aussi\">Palestine&nbsp;: la solidarit\u00e9 dans les universit\u00e9s se poursuit en France et en Europe, la r\u00e9pression aussi <\/a>(RP)<\/p>\n\n\n\n<p><strong><a href=\"https:\/\/lanticapitaliste.org\/actualite\/social\/la-france-lanterne-rouge-des-accidents-du-travail-en-europe\">La France, lanterne rouge des accidents du travail en Europe\u2009!<\/a> (l\u2019Anticapitaliste)<\/strong><\/p>\n\n\n\n<p><strong>Gr\u00e8ves<\/strong><\/p>\n\n\n\n<p><strong><a href=\"https:\/\/www.msn.com\/fr-fr\/finance\/economie\/salaires-conditions-de-travail-jo-on-vous-explique-pourquoi-la-fonction-publique-est-appel%C3%A9e-%C3%A0-la-gr%C3%A8ve-mardi\/ar-BB1jXlzz\">Salaires, conditions de travail, JO&#8230; On vous explique pourquoi la fonction publique est appel\u00e9e \u00e0 la gr\u00e8ve mardi<\/a> (franceinfo)<\/strong><\/p>\n\n\n\n<p><a href=\"https:\/\/lepoing.net\/montpellier-greve-dans-les-laboratoires-inovie\/\">Montpellier : gr\u00e8ve dans les laboratoires Inovie<\/a> (Le Poing)<\/p>\n\n\n\n<p><a href=\"https:\/\/www.guadeloupe.franceantilles.fr\/actualite\/social\/les-laboratoires-biopole-antilles-inovie-en-greve-979262.php\">Les laboratoires Biopole Antilles Inovie en gr\u00e8ve<\/a> (France-Antilles<\/p>\n\n\n\n<p><a href=\"https:\/\/www.ledauphine.com\/social\/2024\/03\/15\/isere-bourgoin-jallieu-le-personnel-du-centre-de-formation-d-apprentis-du-btp-est-en-greve\">Le personnel du centre de formation d\u2019apprentis du BTP est en gr\u00e8ve<\/a> (Le Dauphin\u00e9)<\/p>\n\n\n\n<p><a href=\"https:\/\/saint-nazaire.maville.com\/actu\/actudet_-devant-l-usine-yara-en-greve-pres-de-saint-nazaire-la-colere-des-salaries-menaces-de-licenciement-_loc-6201119_actu.Htm\">Devant l\u2019usine Yara en gr\u00e8ve, pr\u00e8s de Saint-Nazaire, la col\u00e8re des salari\u00e9s menac\u00e9s de licenciement<\/a>&nbsp; (Ouest-France)<\/p>\n\n\n\n<p><a href=\"https:\/\/www.humanite.fr\/social-et-economie\/agents-de-nettoyage\/a-grenoble-les-salariees-de-derichebourg-elior-ne-veulent-pas-etre-baladees\">\u00c0 Grenoble, les salari\u00e9es de Derichebourg-Elior ne veulent pas \u00eatre balad\u00e9es<\/a> (l\u2019Humanit\u00e9)<\/p>\n\n\n\n<p><a href=\"https:\/\/actu.fr\/normandie\/caen_14118\/fin-de-la-greve-a-lhopital-saint-martin-a-caen-une-prime-accordee_60827750.html\">Fin de la gr\u00e8ve \u00e0 l&rsquo;h\u00f4pital Saint-Martin \u00e0 Caen : une prime accord\u00e9e<\/a> (Libert\u00e9)<\/p>\n\n\n\n<p><a href=\"https:\/\/www.ouest-france.fr\/sante\/greve-aux-urgences-du-mans-le-personnel-decide-damplifier-le-mouvement-b961d082-e2e1-11ee-b685-1479f5265e87\">Gr\u00e8ve aux urgences du Mans&nbsp;: le personnel d\u00e9cide \u00ab&nbsp;d\u2019amplifier le mouvement&nbsp;\u00bb<\/a> (Ouest-France)<\/p>\n\n\n\n<p><a href=\"https:\/\/www.francebleu.fr\/infos\/education\/greve-des-cantines-a-metz-les-enfants-pourront-etre-accueillis-avec-un-pique-nique-dans-10-ecoles-de-la-ville-5044073\">Gr\u00e8ve des cantines \u00e0 Metz&nbsp;: Les enfants pourront \u00eatre accueillis avec un pique-nique dans 10 \u00e9coles de la ville<\/a> (ici)<\/p>\n\n\n\n<p><a href=\"https:\/\/france3-regions.francetvinfo.fr\/centre-val-de-loire\/indre-loire\/tours\/trahison-abandon-et-colere-l-orchestre-symphonique-de-tours-est-en-greve-au-grand-theatre-opera-2940489.html\">\u00ab\u00a0Trahison\u00a0\u00bb, \u00ab\u00a0abandon\u00a0\u00bb et \u00ab\u00a0col\u00e8re\u00a0\u00bb, l&rsquo;orchestre symphonique de Tours est en gr\u00e8ve au Grand-Th\u00e9atre-Op\u00e9ra<\/a> (franceinfo)<\/p>\n\n\n\n<p><a href=\"https:\/\/www.lamontagne.fr\/clermont-ferrand-63000\/actualites\/les-salaries-de-gen-bio-en-greve-dans-le-puy-de-dome-et-dans-toute-la-france_14469185\/\">Les salari\u00e9s de Gen-Bio en gr\u00e8ve dans le Puy-de-D\u00f4me et dans toute la France<\/a> (La Montagne)<\/p>\n\n\n\n<p><a href=\"https:\/\/www.laprovence.com\/article\/region\/14088678834260\/au-conseil-departemental-a-marseille-les-agents-des-forets-en-greve-pour-leur-salaire\">Au Conseil d\u00e9partemental, \u00e0 Marseille, les agents des for\u00eats en gr\u00e8ve pour leur salaire<\/a> (La Provence)<\/p>\n\n\n\n<p><a href=\"https:\/\/www.nordlittoral.fr\/203488\/article\/2024-03-15\/la-cgt-des-territoriaux-du-littoral-appelle-manifester-devant-la-mairie-de-marck\">La CGT des Territoriaux du littoral appelle \u00e0 manifester devant la mairie de Marck le 19 mars<\/a> (Nord Littoral)<\/p>\n\n\n\n<p><a href=\"https:\/\/la1ere.francetvinfo.fr\/mayotte\/video-les-tensions-perdurent-au-sein-de-la-maison-departementale-pour-les-personnes-handicapees-1472451.html\">Mayotte : Les tensions perdurent au sein de la maison d\u00e9partementale pour les personnes handicap\u00e9es<\/a> (franceinfo)<\/p>\n\n\n\n<p><strong>Monde<\/strong><\/p>\n\n\n\n<p><a href=\"https:\/\/www.lesoir.be\/574927\/article\/2024-03-16\/greve-chez-brussels-airlines-tout-ce-que-ca-fera-cest-rendre-les-discussions\"><strong>Belgique<\/strong> : Gr\u00e8ve chez Brussels Airlines&nbsp;: \u00ab&nbsp;Tout ce que \u00e7a fera, c\u2019est rendre les discussions plus difficiles&nbsp;\u00bb<\/a> (Le Soir)<\/p>\n\n\n\n<p><a href=\"https:\/\/www.rtbf.be\/article\/belgique-la-greve-dans-les-prisons-est-largement-suivie-la-prison-de-lantin-a-depose-un-preavis-de-greve-pour-le-18-mars-11344738\"><strong>Belgique<\/strong>&nbsp;: la gr\u00e8ve dans les prisons est largement suivie, la prison de Lantin a d\u00e9pos\u00e9 un pr\u00e9avis de gr\u00e8ve pour le 18 mars<\/a> (RTBF)<\/p>\n\n\n\n<p><a href=\"https:\/\/www.msn.com\/fr-xl\/sante\/other\/kenya-les-m%C3%A9decins-d-h%C3%B4pitaux-publics-en-gr%C3%A8ve\/ar-BB1jWJRk\"><strong>Kenya<\/strong> : les m\u00e9decins d&rsquo;h\u00f4pitaux publics en gr\u00e8ve<\/a> (Euronews)<\/p>\n\n\n\n<p><strong>Analyse<\/strong><\/p>\n\n\n\n<p><strong><a href=\"https:\/\/www.humanite.fr\/social-et-economie\/devoir-de-vigilance\/devoir-de-vigilance-les-etats-europeens-adoptent-un-texte-minore\">Devoir de vigilance : les \u00c9tats europ\u00e9ens adoptent un texte minor\u00e9<\/a> (l\u2019Humanit\u00e9)<\/strong><\/p>\n\n\n\n<p><strong><a href=\"https:\/\/rapportsdeforce.fr\/classes-en-lutte\/avec-la-loi-pacte-2-pres-dun-tiers-du-salariat-pourrait-perdre-son-cse-031620710\">Avec la loi Pacte 2, pr\u00e8s d\u2019un tiers du salariat pourrait perdre son CSE<\/a> (Rapports de force)<\/strong><\/p>\n\n\n\n<p><strong><mark style=\"background-color:rgba(0, 0, 0, 0);color:#ed1010\" class=\"has-inline-color\">15 mars<\/mark><\/strong><\/p>\n\n\n\n<p><strong><a href=\"https:\/\/inegalites.fr\/Cinq-millions-d-emplois-fermes-aux-etrangers-non-europeens\">Cinq millions d\u2019emplois ferm\u00e9s aux \u00e9trangers non europ\u00e9ens<\/a> (Observatoire des in\u00e9galit\u00e9s)<\/strong><\/p>\n\n\n\n<p><a href=\"https:\/\/www.revolutionpermanente.fr\/Apres-10-ans-de-repression-et-de-harcelement-contre-un-syndicaliste-La-Poste-enfin-condamnee\">Apr\u00e8s 10 ans de r\u00e9pression et de harc\u00e8lement contre un syndicaliste, La Poste enfin condamn\u00e9e&nbsp;!<\/a> (RP)<\/p>\n\n\n\n<p><strong><a href=\"https:\/\/lanticapitaliste.org\/actualite\/social\/quatre-millions-de-salariees-sans-inspecteur-du-travail\">Quatre millions de salari\u00e9Es sans inspecteur du travail<\/a> (l\u2019Anticapitaliste)<\/strong><\/p>\n\n\n\n<p><a href=\"https:\/\/lanticapitaliste.org\/actualite\/international\/chlordecone-un-pas-en-avant-pour-obtenir-reparation-au-antilles\">Chlord\u00e9cone, un pas en avant pour obtenir r\u00e9paration au Antilles\u2009!<\/a> (l\u2019Anticapitaliste)<\/p>\n\n\n\n<p><strong><a href=\"https:\/\/www.bondyblog.fr\/societe\/au-lycee-blaise-cendrars-des-eleves-mobilises-et-des-profs-convoques-apres-une-video-tik-tok-devenue-virale\/\">Au lyc\u00e9e Blaise Cendrars, des \u00e9l\u00e8ves mobilis\u00e9s et des profs convoqu\u00e9s apr\u00e8s une vid\u00e9o Tik Tok<\/a> (Le Bondy Blog)<\/strong><\/p>\n\n\n\n<p><strong>Gr\u00e8ves<\/strong><\/p>\n\n\n\n<p><strong><a href=\"https:\/\/www.msn.com\/fr-fr\/actualite\/france\/sncf-nouveau-pr%C3%A9avis-de-gr%C3%A8ve-des-contr%C3%B4leurs-d%C3%A9pos%C3%A9-pour-mai\/ar-BB1jTyyL\">SNCF : nouveau pr\u00e9avis de gr\u00e8ve des contr\u00f4leurs d\u00e9pos\u00e9 pour mai<\/a> (Ouest-France)<\/strong><\/p>\n\n\n\n<p><a href=\"https:\/\/www.revolutionpermanente.fr\/Rassemblement-au-siege-de-Conforama-contre-les-licenciements-On-n-a-plus-rien-a-perdre\">Rassemblement au si\u00e8ge de Conforama contre les licenciements&nbsp;: \u00ab&nbsp;On n\u2019a plus rien \u00e0 perdre&nbsp;\u00bb<\/a> (RP)<\/p>\n\n\n\n<p><a href=\"https:\/\/www.force-ouvriere.fr\/amcor-sarrebourg-manifestation-le-18-mars-a-zurich\">AMCOR Sarrebourg&nbsp;: manifestation le 18&nbsp;mars \u00e0 Z\u00fcrich<\/a> (FO)<\/p>\n\n\n\n<p><a href=\"https:\/\/www.lanouvellerepublique.fr\/indre-et-loire\/commune\/avoine\/centrale-nucleaire-de-chinon-des-ouvriers-en-greve-pour-un-meilleur-salaire\">Centrale nucl\u00e9aire de Chinon&nbsp;: des ouvriers en gr\u00e8ve pour un meilleur salaire<\/a> (La Nouvelle R\u00e9publique)<\/p>\n\n\n\n<p><a href=\"https:\/\/www.sudouest.fr\/dordogne\/les-eyzies\/pourquoi-le-personnel-du-musee-national-de-prehistoire-en-dordogne-est-il-en-greve-18957241.php\">Pourquoi le personnel du mus\u00e9e national de Pr\u00e9histoire, en Dordogne, est-il en gr\u00e8ve\u202f?<\/a> (Sud ouest)<\/p>\n\n\n\n<p><a href=\"https:\/\/www.leberry.fr\/bourges-18000\/actualites\/greve-sur-le-reseau-agglobus-quelles-perturbations-ce-samedi-dans-l-agglomeration-de-bourges_14468641\/\">Gr\u00e8ve sur le r\u00e9seau Agglobus : agglom\u00e9ration de Bourges ?<\/a> (Le Berry R\u00e9publicain)<\/p>\n\n\n\n<p><a href=\"https:\/\/www.ledauphine.com\/social\/2024\/03\/14\/isere-bourgoin-jallieu-les-personnels-des-btp-cfa-en-greve-pendant-deux-jours\">Les personnels des BTP CFA en gr\u00e8ve pendant deux jours<\/a> (Le Dauphin\u00e9)<\/p>\n\n\n\n<p><a href=\"https:\/\/www.estrepublicain.fr\/economie\/2024\/03\/14\/le-mouvement-de-greve-se-poursuit-chez-cf2p\">Le mouvement de gr\u00e8ve se poursuit chez CF2P<\/a> (L\u2019Est R\u00e9publicain)<\/p>\n\n\n\n<p><a href=\"https:\/\/www.ledauphine.com\/social\/2024\/03\/14\/isere-saint-egreve-le-personnel-communal-en-greve-vendredi-matin\">Le personnel communal en gr\u00e8ve ce vendredi matin<\/a> (Le Dauphin\u00e9)<\/p>\n\n\n\n<p><a href=\"https:\/\/www.larepubliquedespyrenees.fr\/societe\/greve-et-manifestations\/une-manifestation-pour-defendre-les-services-publics-a-pau-le-19-mars-18960716.php\">Une manifestation pour d\u00e9fendre les services publics \u00e0 Pau et Bayonne le 19&nbsp;mars<\/a> (La R\u00e9publique des Pyr\u00e9n\u00e9es)<\/p>\n\n\n\n<p><a href=\"https:\/\/www.lunion.fr\/id579164\/article\/2024-03-14\/la-tension-monte-entre-les-salaries-de-veuve-clicquot-et-la-direction\">La tension monte entre les salari\u00e9s de Veuve-Clicquot et la direction<\/a> (L\u2019union)<\/p>\n\n\n\n<p><a href=\"https:\/\/www.lindependant.fr\/2024\/03\/14\/pyrenees-orientales-greve-chez-inovie-90-de-participation-attendue-dans-les-laboratoires-biopole-66-medilab-11824181.php\">Gr\u00e8ve chez Inovie, \u00ab\u00a090% de participation attendue\u00a0\u00bb dans les laboratoires Biopole 66 &#8211; Medilab<\/a> (L\u2019Ind\u00e9pendant)<\/p>\n\n\n\n<p><a href=\"https:\/\/actu.fr\/normandie\/caen_14118\/greve-a-la-clinique-saint-martin-de-caen-les-medecins-annulent-les-operations_60820103.html\">Gr\u00e8ve \u00e0 la clinique Saint-Martin de Caen : les m\u00e9decins annulent les op\u00e9rations <\/a>(actu)<\/p>\n\n\n\n<p><a href=\"https:\/\/actu.fr\/occitanie\/toulouse_31555\/toulouse-la-circulation-des-trains-perturbee-par-une-greve-ce-vendredi_60822129.html\">Toulouse. La circulation des trains perturb\u00e9e par une gr\u00e8ve ce vendredi<\/a> (actu)<\/p>\n\n\n\n<p><a href=\"https:\/\/www.francebleu.fr\/infos\/economie-social\/yara-a-montoir-une-greve-un-plan-b-et-des-fertilisants-vertueux-pour-sauver-l-usine-les-salaries-en-mode-combat-6745920\">Yara&nbsp;: une gr\u00e8ve, un plan B et des fertilisants \u00ab\u00a0vertueux\u00a0\u00bb pour sauver l&rsquo;usine, les salari\u00e9s en mode combat<\/a> (ici)<\/p>\n\n\n\n<p><a href=\"https:\/\/www.ouest-france.fr\/pays-de-la-loire\/le-mans-72000\/au-mans-greve-des-salaries-des-laboratoires-laborizon-ils-ne-se-sentent-pas-reconnus-0d3c4bc6-e1eb-11ee-94a7-1385a6efe21e\">Au Mans, gr\u00e8ve des salari\u00e9s des laboratoires Laborizon&nbsp;: \u00ab&nbsp;Ils ne se sentent pas reconnus&nbsp;\u00bb<\/a> (Ouest-France)<\/p>\n\n\n\n<p><a href=\"https:\/\/www.lanouvellerepublique.fr\/indre-et-loire\/commune\/avoine\/centrale-nucleaire-de-chinon-des-ouvriers-en-greve-pour-un-meilleur-salaire\">Centrale nucl\u00e9aire de Chinon&nbsp;: des ouvriers en gr\u00e8ve pour un meilleur salaire <\/a>(La Nouvelle R\u00e9publique)<\/p>\n\n\n\n<p><strong>Monde<\/strong><\/p>\n\n\n\n<p><a href=\"https:\/\/www.sudinfo.be\/id807224\/article\/2024-03-15\/reprise-du-travail-apres-une-greve-spontanee-chez-skytanking-societe-de\"><strong>Belgique<\/strong> : Gr\u00e8ve spontan\u00e9e chez Skytanking, soci\u00e9t\u00e9 de ravitaillement \u00e0 l\u2019a\u00e9roport de Bruxelles<\/a> (Sudinfo)<\/p>\n\n\n\n<p><a href=\"https:\/\/fr.news.yahoo.com\/portugal-gr%C3%A8ve-historique-journalistes-inquiets-221345676.html?guccounter=1&amp;guce_referrer=aHR0cHM6Ly93d3cuYmluZy5jb20v&amp;guce_referrer_sig=AQAAACprE648LARknXPEKg2_7Gu2TQjEAvca36fsoLE7f4v-k6-I80-N18uJpDYbqEzHzijVS3tHbIyUDVtdlghmg7-Ht7DvpaRVe0ht-lfYMhp6aDrnMbFhq0LfvpAm7IaSS5ezy6c1ingcfloWrtPlo5un1MdKUFK8W23_nHOSSA8V\"><strong>Portugal<\/strong>: une gr\u00e8ve historique des journalistes inquiets pour leur avenir<\/a> (RFI)<\/p>\n\n\n\n<p><strong>Analyse<\/strong><\/p>\n\n\n\n<p><strong><a href=\"https:\/\/theconversation.com\/marseille-immersion-dans-la-cite-felix-pyat-4-4-etat-partout-etat-nulle-part-221195\">Marseille&nbsp;: immersion dans la cit\u00e9 F\u00e9lix-Pyat&nbsp;(4\/4) &#8211; \u00c9tat partout, \u00c9tat nulle&nbsp;part&nbsp;?<\/a> (The Conversation)<\/strong><\/p>\n\n\n\n<p><strong><mark style=\"background-color:rgba(0, 0, 0, 0);color:#ed1010\" class=\"has-inline-color\">14 mars<\/mark><\/strong><\/p>\n\n\n\n<p><a href=\"https:\/\/paris-luttes.info\/cantine-contre-l-expulsion-du-18002\">Cantine contre l\u2019expulsion du squat Gambetta \u00e0 Montreuil<\/a> (Paris-Luttes info)<\/p>\n\n\n\n<p><a href=\"https:\/\/rebellyon.info\/Vive-les-jeux-du-zbeul-2024-25725\">Vive les jeux du zbeul 2024&nbsp;!<\/a> (Rebellyon)<\/p>\n\n\n\n<p><strong>Gr\u00e8ves<\/strong><\/p>\n\n\n\n<p><a href=\"https:\/\/lepoing.net\/augmentation-du-temps-de-travail-a-luniversite-de-montpellier-cest-toujours-non-pour-le-personnel\/\">Augmentation du temps de travail \u00e0 l\u2019Universit\u00e9 de Montpellier : c\u2019est toujours \u201cnon\u201d pour le personnel<\/a> (Le Poing)<\/p>\n\n\n\n<p><strong><a href=\"https:\/\/www.humanite.fr\/medias\/audiovisuel-public\/france-inter-france-info-et-france-culture-appeles-a-la-greve-le-26-mars\">France Inter, France Info et France Culture appel\u00e9s \u00e0 la gr\u00e8ve le 26&nbsp;mars<\/a> (l\u2019Humanit\u00e9)<\/strong><\/p>\n\n\n\n<p><a href=\"https:\/\/lanticapitaliste.org\/actualite\/services-publics\/en-greve-et-mobilisees-pour-les-salaires-et-les-services-publics\">En gr\u00e8ve et mobilis\u00e9Es pour les salaires et les services publics<\/a> (l\u2019Anticapitaliste)<\/p>\n\n\n\n<p><a href=\"https:\/\/www.ouest-france.fr\/economie\/greve\/salaire-penibilite-formation-la-greve-des-officiers-de-port-reconduite-a-rouen-et-au-havre-6268f854-e143-11ee-94a7-1385a6efe21e\">Salaire, p\u00e9nibilit\u00e9, formation\u2026 La gr\u00e8ve des officiers de port reconduite \u00e0 Rouen et au Havre<\/a> (Ouest-France)<\/p>\n\n\n\n<p><a href=\"https:\/\/www.leprogres.fr\/education\/2024\/03\/13\/greve-dans-les-cfa-btp-la-direction-ne-dit-pas-non-a-une-hausse-des-salaires\">Gr\u00e8ve dans les CFA BTP&nbsp;: la direction ne dit pas non \u00e0 une hausse des salaires<\/a> (Le Progr\u00e8s)<\/p>\n\n\n\n<p><a href=\"https:\/\/france3-regions.francetvinfo.fr\/normandie\/calvados\/caen\/a-l-hopital-saint-martin-de-caen-un-mois-de-greve-et-toujours-pas-d-issue-2938887.html\">\u00c0 l&rsquo;h\u00f4pital Saint-Martin de Caen, un mois de gr\u00e8ve et toujours pas d&rsquo;issue<\/a> (franceinfo)<\/p>\n\n\n\n<p><a href=\"https:\/\/france3-regions.francetvinfo.fr\/corse\/corse-la-greve-dans-les-transports-maritimes-suspendue-2939202.html\">Transports maritimes en Corse : Le SAMMM suspend son pr\u00e9avis, la CGT poursuit le conflit<\/a> (franceinfo)<\/p>\n\n\n\n<p><a href=\"https:\/\/www.estrepublicain.fr\/economie\/2024\/03\/13\/greve-chez-cf2p-il-faut-compenser-la-perte-de-pouvoir-d-achat\">Gr\u00e8ve chez CF2P : \u00ab il faut compenser la perte de pouvoir d\u2019achat \u00bb<\/a> (L\u2019Est R\u00e9publicain)<\/p>\n\n\n\n<p><a href=\"https:\/\/www.lamontagne.fr\/clermont-ferrand-63000\/actualites\/preavis-de-greve-dans-les-dechetteries-de-clermont-metropole-pour-la-fin-du-mois_14467853\/\">Pr\u00e9avis de gr\u00e8ve dans les d\u00e9chetteries de Clermont-M\u00e9tropole pour la fin du mois<\/a> (La Montagne)<\/p>\n\n\n\n<p><a href=\"https:\/\/www.lalibre.be\/dernieres-depeches\/2024\/03\/13\/le-personnel-de-lavj-de-liege-entre-dans-sa-quatrieme-semaine-de-greve-YNAG7HF5PFE7BCU6IVB2HH6MTM\/\">Le personnel de l&rsquo;AVJ de Li\u00e8ge entre dans sa quatri\u00e8me semaine de gr\u00e8ve<\/a> (La Libre)<\/p>\n\n\n\n<p><a href=\"https:\/\/www.larep.fr\/boigny-sur-bionne-45760\/actualites\/on-ne-vit-pas-on-survit-les-salaries-du-centre-d-appels-intelcia-a-boigny-sur-bionne-sont-en-greve_14467823\/\">\u00ab\u00a0On ne vit pas, on survit\u00a0\u00bb : les salari\u00e9s du centre d&rsquo;appels Intelcia, \u00e0 Boigny-sur-Bionne, sont en gr\u00e8ve<\/a> (La R\u00e9publique du Centre)<\/p>\n\n\n\n<p><a href=\"https:\/\/www.leberry.fr\/saint-florent-sur-cher-18400\/actualites\/on-craint-de-ne-plus-etre-paye-les-salaries-de-jelza-a-saint-florent-sur-cher-en-greve-ce-mercredi_14468204\/\">Les salari\u00e9s de Jelza, \u00e0 Saint-Florent-sur-Cher, en gr\u00e8ve ce mercredi <\/a>(Le Berry R\u00e9publicain)<\/p>\n\n\n\n<p><a href=\"https:\/\/www.charentelibre.fr\/economie\/salaires-conditions-de-travail-ingrates-mots-interdits-des-salaries-d-anteles-en-greve-a-l-isle-d-espagnac-18942895.php\">Des salari\u00e9s en gr\u00e9ve \u00e0 l\u2019Isle-d\u2019Espagnac<\/a> (Charente Libre)<\/p>\n\n\n\n<p><a href=\"https:\/\/caen.maville.com\/actu\/actudet_-chez-agaphone-des-grevistes-toujours-mobilisees-et-sans-reponses-a-leurs-revendications-a-cabourg-_fil-6197386_actu.Htm\">Chez Agaphone, des gr\u00e9vistes toujours mobilis\u00e9es \u00e0 Cabourg<\/a>&nbsp;(Ouest-France)<\/p>\n\n\n\n<p><a href=\"https:\/\/www.republicain-lorrain.fr\/social\/2024\/03\/13\/amcor-flexibles-les-salaries-sarrebourgeois-obligent-la-direction-a-annuler-le-pse\">Amcor-Flexibles&nbsp;: les salari\u00e9s sarrebourgeois obligent la direction \u00e0 annuler le PSE<\/a> (R\u00e9publicain Lorrain)<\/p>\n\n\n\n<p><a href=\"https:\/\/www.paris-normandie.fr\/id503242\/article\/2024-03-13\/tourville-la-riviere-les-employes-du-magasin-carrefour-en-lutte-pour-leurs\">Tourville-la-Rivi\u00e8re. Les employ\u00e9s du magasin Carrefour en lutte pour leurs salaires<\/a> (Paris-Normandie)<\/p>\n\n\n\n<p><a href=\"https:\/\/www.lejdc.fr\/nevers-58000\/actualites\/des-salaries-darmatis-a-nevers-reclament-une-hausse-des-salaires-on-ne-veut-pas-du-smic-a-vie_14467907\/\">Des salari\u00e9s d\u2019Armatis \u00e0 Nevers r\u00e9clament une hausse des salaires<\/a> (Le Journal du C entre)<\/p>\n\n\n\n<p><strong>Monde<\/strong><\/p>\n\n\n\n<p><strong><a href=\"https:\/\/www.wsws.org\/fr\/articles\/2024\/03\/14\/pers-m14.html\">L\u2019importance mondiale de la gr\u00e8ve des conducteurs de train en Allemagne<\/a> (WSWS)<\/strong><\/p>\n\n\n\n<p><a href=\"https:\/\/www.zonebourse.com\/cours\/action\/STV-GROUP-PLC-4002026\/actualite\/Les-journalistes-de-STV-se-preparent-a-une-action-de-greve-dans-le-cadre-d-un-conflit-salarial-s-46169266\/\"><strong>Angleterre<\/strong> : Les journalistes de STV se pr\u00e9parent \u00e0 une action de gr\u00e8ve <\/a> (Zonebourse)<\/p>\n\n\n\n<p><a href=\"https:\/\/www.msn.com\/fr-be\/actualite\/other\/gr%C3%A8ve-dans-les-prisons-le-personnel-d%C3%A9nonce-la-surpopulation-carc%C3%A9rale-et-le-manque-de-s%C3%A9curit%C3%A9\/ar-BB1jRyvB\"><strong>Belgique<\/strong> : Prisons : le personnel d\u00e9nonce la surpopulation carc\u00e9rale et le manque de s\u00e9curit\u00e9<\/a> (Le Soir)<\/p>\n\n\n\n<p><strong>Analyse<\/strong><\/p>\n\n\n\n<p><a href=\"https:\/\/www.humanite.fr\/social-et-economie\/egalite-femmes-hommes\/des-outils-efficaces-existent-pour-faire-progresser-legalite-femmes-hommes-en-entreprise\">Des outils efficaces existent pour faire progresser l\u2019\u00e9galit\u00e9 femmes-hommes en entreprise<\/a> (l\u2019Humanit\u00e9)<\/p>\n\n\n\n<p><a href=\"https:\/\/www.force-ouvriere.fr\/assurance-chomage-l-executif-franchit-un-nouveau-cap\">Assurance&nbsp;ch\u00f4mage&nbsp;: l\u2019ex\u00e9cutif franchit un nouveau cap<\/a> (FO)<\/p>\n\n\n\n<p><strong><a href=\"https:\/\/www.blast-info.fr\/articles\/2024\/discrimination-a-lembauche-la-preference-nationale-illegale-mais-appliquee-Zq_kE7Q1Qhy3TPGeCMYJ5Q\">Discrimination \u00e0 l&#8217;embauche : la pr\u00e9f\u00e9rence nationale, ill\u00e9gale mais appliqu\u00e9e<\/a> (Blast)<\/strong><\/p>\n\n\n\n<p><strong><mark style=\"background-color:rgba(0, 0, 0, 0);color:#ed1010\" class=\"has-inline-color\">13 mars<\/mark><\/strong><\/p>\n\n\n\n<p><a href=\"https:\/\/lepoing.net\/montpellier-une-mobilisation-universitaire-en-soutien-a-la-palestine\/\">Montpellier : une mobilisation universitaire en soutien \u00e0 la Palestine<\/a> (Le Poing)<\/p>\n\n\n\n<p><a href=\"https:\/\/rebellyon.info\/Appel-a-action-en-solidarite-avec-la-Crem-25737\">Appel \u00e0 action, en solidarit\u00e9 avec la Crem\u2019Arbre (et la Cal\u2019Arbre)<\/a> (Rebellyon)<\/p>\n\n\n\n<p><strong><a href=\"https:\/\/theconversation.com\/mobilisation-contre-la69-vers-de-nouvelles-dynamiques-de-la-violence-225471\">Mobilisation contre l\u2019A69&nbsp;: vers de nouvelles dynamiques de la violence&nbsp;?<\/a> (The conversation)<\/strong><\/p>\n\n\n\n<p><strong>Gr\u00e8ves<\/strong><\/p>\n\n\n\n<p><a href=\"https:\/\/paris-luttes.info\/education-nationale-dans-le-93-la-17982\">Dans le 93, la mobilisation est historique et s\u2019amplifie&nbsp;: demain et les jours suivants, ne l\u00e2chons rien&nbsp;! <\/a>(Paris-Luttes info)<\/p>\n\n\n\n<p><a href=\"https:\/\/actu.fr\/normandie\/caen_14118\/clinique-saint-martin-un-mois-de-greve-et-toujours-pas-davancee_60809878.html\">Clinique Saint-Martin : un mois de gr\u00e8ve, et toujours pas d&rsquo;avanc\u00e9e<\/a> (Le Bonhomme libre)<\/p>\n\n\n\n<p><a href=\"https:\/\/www.zinfos974.com\/preavis-de-greve-en-cours-chez-albioma\/\">Pr\u00e9avis de gr\u00e8ve en cours chez Albioma<\/a> (Zinfos 974)<\/p>\n\n\n\n<p><a href=\"https:\/\/www.centrepresseaveyron.fr\/2024\/03\/13\/aveyron-en-greve-depuis-le-5-mars-les-salaries-du-sommeil-francais-reprennent-le-travail-11822735.php\">Aveyron : en gr\u00e8ve depuis le 5 mars, les salari\u00e9s du Sommeil fran\u00e7ais reprennent le travail<\/a> (Centre Presse Aveyron)<\/p>\n\n\n\n<p><a href=\"https:\/\/www.msn.com\/fr-fr\/finance\/economie\/corse-des-marins-de-la-corsica-linea-en-gr%C3%A8ve-bloquent-des-bateaux-%C3%A0-bastia\/ar-BB1jNEst\">Corse : des marins de la Corsica Linea en gr\u00e8ve bloquent des bateaux \u00e0 Bastia<\/a> (franceinfo)<\/p>\n\n\n\n<p><a href=\"https:\/\/www.ouest-france.fr\/nouvelle-aquitaine\/deux-sevres\/cale-en-plein-jour-de-greve-et-au-puy-du-fou-ce-seminaire-dencadrement-fait-hurler-la-cgt-f769ba32-e086-11ee-94a7-1385a6efe21e\">Cal\u00e9 en plein jour de gr\u00e8ve et au Puy du Fou, ce s\u00e9minaire d\u2019encadrement fait hurler la CGT<\/a> (Ouest-France)<\/p>\n\n\n\n<p><a href=\"https:\/\/www.francebleu.fr\/infos\/economie-social\/en-greve-les-officiers-de-port-pointent-le-manque-d-effectifs-2685510\">En gr\u00e8ve, les officiers de port pointent le manque d&rsquo;effectifs<\/a> (ici)<\/p>\n\n\n\n<p><a href=\"https:\/\/www.midilibre.fr\/2024\/03\/12\/greve-en-vue-dans-les-filiales-dinovie-et-au-siege-du-groupe-a-montpellier-11821501.php\">Gr\u00e8ve en vue dans les filiales d\u2019Inovie et au si\u00e8ge du groupe \u00e0 Montpellier<\/a> (Midi Libre)<\/p>\n\n\n\n<p><a href=\"https:\/\/france3-regions.francetvinfo.fr\/bourgogne-franche-comte\/haute-saone\/on-n-est-pas-serein-par-rapport-a-l-avenir-un-mouvement-de-greve-inedit-debute-mercredi-dans-l-entreprise-cf2p-a-lure-2938200.html\">Un mouvement de gr\u00e8ve in\u00e9dit d\u00e9bute mercredi dans l&rsquo;entreprise CF2P \u00e0 Lure<\/a> (franceinfo)<\/p>\n\n\n\n<p><a href=\"https:\/\/www.lamarseillaise.fr\/societe\/marseille-les-marins-poursuivent-la-greve-ND15614458\">Marseille : Les marins poursuivent la gr\u00e8ve<\/a> (La Marseillaise)<\/p>\n\n\n\n<p><strong><a href=\"https:\/\/www.msn.com\/fr-fr\/actualite\/france\/a-radio-france-un-appel-%C3%A0-la-gr%C3%A8ve-pour-lutter-contre-la-fusion-partielle-des-r%C3%A9dactions\/ar-BB1jLO7z\">A Radio France, un appel \u00e0 la gr\u00e8ve pour lutter contre la fusion partielle des r\u00e9dactions<\/a> (Lib\u00e9ration)<\/strong><\/p>\n\n\n\n<p><a href=\"https:\/\/www.larep.fr\/montargis-45200\/actualites\/en-greve-les-gestionnaires-de-secteur-de-valloire-habitat-reclament-une-meilleure-remuneration_14467181\/\">En gr\u00e8ve, les gestionnaires de secteur de Valloire Habitat<\/a> (La R\u00e9publique du Centre)<\/p>\n\n\n\n<p><a href=\"https:\/\/www.lanouvellerepublique.fr\/blois\/greve-massive-au-college-rabelais-de-blois\">Gr\u00e8ve massive au coll\u00e8ge Rabelais de Blois<\/a> (La Nouvelle R\u00e9publique)<\/p>\n\n\n\n<p><a href=\"https:\/\/www.ouest-france.fr\/pays-de-la-loire\/saint-barthelemy-danjou-49124\/la-greve-des-agents-municipaux-de-saint-barthelemy-danjou-risque-de-durer-31a755e0-e084-11ee-a4e2-455de047cb3e\">La gr\u00e8ve des agents municipaux de Saint-Barth\u00e9lemy-d\u2019Anjou risque de durer<\/a> (Ouest-France)<\/p>\n\n\n\n<p><a href=\"https:\/\/www.centrepresseaveyron.fr\/2024\/03\/12\/tensions-a-la-poste-de-millau-nouveau-mouvement-de-greve-ce-mardi-12-mars-et-soutien-a-un-facteur-sous-la-menace-de-renvoi-pour-faute-grave-11820785.php\">Poste de Millau : nouveau mouvement de gr\u00e8ve ce mardi 12 mars<\/a> (Centre Presse Aveyron)<\/p>\n\n\n\n<p><a href=\"https:\/\/www.sudouest.fr\/dordogne\/terrasson-lavilledieu\/dordogne-une-quarantaine-de-salaries-de-l-usine-fruisec-en-greve-pour-de-meilleurs-salaires-18931204.php\">Dordogne&nbsp;: une quarantaine de salari\u00e9s de l\u2019usine Fruisec en gr\u00e8ve pour de meilleurs salaires<\/a> (Sud Ouest)<\/p>\n\n\n\n<p><a href=\"https:\/\/www.rue89strasbourg.com\/les-agents-dinsee-contact-en-greve-contre-la-degradation-dun-service-public-296613\">Les agents d\u2019Insee Contact en gr\u00e8ve contre \u00ab&nbsp;la d\u00e9gradation d\u2019un service public&nbsp;\u00bb<\/a> (Rue 89)<\/p>\n\n\n\n<p><a href=\"https:\/\/www.lalsace.fr\/social\/2024\/03\/12\/fin-de-la-greve-chez-corplex\">Fin de la gr\u00e8ve chez Corplex<\/a> (L\u2019Alsace)<\/p>\n\n\n\n<p><a href=\"https:\/\/www.lamanchelibre.fr\/actualite-1104768-avranches-greve-et-manifestation-dans-la-fonction-publique-mardi-19-mars\">Avranches. Gr\u00e8ve et manifestation dans la fonction publique mardi 19&nbsp;mars<\/a> (La Manche Libre)<\/p>\n\n\n\n<p><strong>Monde<\/strong><\/p>\n\n\n\n<p><a href=\"https:\/\/lanticapitaliste.org\/actualite\/international\/maroc-figuig-les-femmes-en-lutte-pour-le-bien-commun\"><strong>Maroc<\/strong> : \u00e0 Figuig, les femmes en lutte pour le bien commun<\/a> (l\u2019Anticapitaliste)<\/p>\n\n\n\n<p><strong><a href=\"https:\/\/rapportsdeforce.fr\/classes-en-lutte\/de-la-grece-a-la-france-les-travailleurs-precaires-des-centres-dappel-en-greve-031320662\">Centres d\u2019appel : de la Gr\u00e8ce \u00e0 la France, les t\u00e9l\u00e9conseillers pr\u00e9caires en gr\u00e8ve<\/a> (Rapports de force)<\/strong><\/p>\n\n\n\n<p><a href=\"https:\/\/www.rtbf.be\/article\/une-greve-de-24-heures-dans-la-prison-de-louvain-secondaire-pour-denoncer-la-surpopulation-carcerale-11343248\"><strong>Belgique<\/strong> : Une gr\u00e8ve de 24 heures dans la prison de Louvain pour d\u00e9noncer la surpopulation carc\u00e9rale<\/a> (RTBF)<\/p>\n\n\n\n<p><a href=\"https:\/\/www.lalibre.be\/dernieres-depeches\/2024\/03\/12\/nouvel-appel-a-la-greve-dans-cinq-aeroports-allemands-4W7DLW2CIBGY7GPK56XCV42UPM\/\">Nouvel appel \u00e0 la gr\u00e8ve dans cinq a\u00e9roports <strong>allemands<\/strong><\/a> (La Libre)<\/p>\n\n\n\n<p><strong>Analyse<\/strong><\/p>\n\n\n\n<p><strong><a href=\"https:\/\/basta.media\/A-cause-des-residences-secondaires-les-difficultes-a-se-loger-deviennent-une-bombe-sociale\">\u00c0 cause des r\u00e9sidences secondaires, \u00ab&nbsp;les difficult\u00e9s \u00e0 se loger deviennent une bombe sociale&nbsp;\u00bb<\/a> (Basta!)<\/strong><\/p>\n\n\n\n<p><strong><mark style=\"background-color:rgba(0, 0, 0, 0);color:#ed1010\" class=\"has-inline-color\">12 mars<\/mark><\/strong><\/p>\n\n\n\n<p><strong><a href=\"https:\/\/www.liberation.fr\/societe\/education\/operations-college-mort-que-sont-ces-mouvements-organises-contre-la-creation-des-groupes-de-niveaux-20240311_P5DJBZQC4BCKFFZ2ACENHX3O4E\/\">\u00abOp\u00e9rations coll\u00e8ge mort\u00bb&nbsp;: que sont ces mouvements contre la cr\u00e9ation des groupes de niveaux&nbsp;?<\/a> (Lib\u00e9ration)<\/strong><\/p>\n\n\n\n<p><strong><a href=\"https:\/\/www.humanite.fr\/social-et-economie\/leila-chaibi\/malgre-macron-et-la-france-leurope-protege-enfin-les-travailleurs-uberises\">Malgr\u00e9 Macron et la France, l\u2019Europe prot\u00e8ge enfin les travailleurs ub\u00e9ris\u00e9s<\/a> (l\u2019Humanit\u00e9)<\/strong><\/p>\n\n\n\n<p><a href=\"https:\/\/reporterre.net\/Marseille-Barcelone-Venise-Ils-s-unissent-contre-la-pollution-des-croisieres\">Marseille, Barcelone, Venise&#8230; Ils s\u2019unissent contre la pollution des croisi\u00e8res<\/a> (Reporterre)<\/p>\n\n\n\n<p><strong>Gr\u00e8ves<\/strong><\/p>\n\n\n\n<p><a href=\"https:\/\/www.force-ouvriere.fr\/soutien-aux-salaries-du-port-de-calais-mobilises-pour-leurs\">Soutien aux salari\u00e9s du port de Calais mobilis\u00e9s pour leurs acquis et leurs emplois<\/a> (FO)<\/p>\n\n\n\n<p><a href=\"https:\/\/www.ouest-france.fr\/pays-de-la-loire\/le-mans-72000\/le-mans-fin-de-la-greve-des-postiers-a-la-chasse-royale-ffe804ee-dfc2-11ee-b663-876be68e305a\">Le Mans. Fin de la gr\u00e8ve des postiers \u00e0 La Chasse-Royale<\/a> (Ouest-France)<\/p>\n\n\n\n<p><a href=\"https:\/\/france3-regions.francetvinfo.fr\/auvergne-rhone-alpes\/isere\/grenoble\/sciences-po-grenoble-des-syndicats-appellent-a-la-greve-contre-l-externalisation-du-nettoyage-et-la-repression-des-etudiants-2937762.html\">Sciences Po Grenoble : des syndicats appellent \u00e0 la gr\u00e8ve<\/a> (franceinfo)<\/p>\n\n\n\n<p><a href=\"https:\/\/www.francebleu.fr\/infos\/economie-social\/27eme-jour-de-greve-a-l-hopital-prive-saint-martin-a-caen-le-conflit-toujours-dans-l-impasse-7091497\">27\u00e8me jour de gr\u00e8ve \u00e0 l&rsquo;h\u00f4pital priv\u00e9 Saint-Martin \u00e0 Caen&nbsp;: le conflit toujours dans l&rsquo;impasse<\/a> (ici)<\/p>\n\n\n\n<p><a href=\"https:\/\/www.ouest-france.fr\/pays-de-la-loire\/saint-barthelemy-danjou-49124\/greve-des-agents-de-la-ville-de-saint-barthelemy-cest-la-premiere-fois-que-je-vois-ca-0d0a766a-dfba-11ee-a459-4d0565cc4317\">Gr\u00e8ve des agents de la Ville de Saint-Barth\u00e9l\u00e9my&nbsp;: \u00ab&nbsp;C\u2019est la premi\u00e8re fois que je vois \u00e7a&nbsp;\u00bb<\/a> (Ouest-France)<\/p>\n\n\n\n<p><a href=\"https:\/\/www.paris-normandie.fr\/id502490\/article\/2024-03-11\/greve-aux-transports-de-lagglomeration-delbeuf-des-perturbations-attendues\">Gr\u00e8ve aux Transports de l\u2019agglom\u00e9ration d\u2019Elbeuf, des perturbations attendues<\/a> (Paris Normandie)<\/p>\n\n\n\n<p><a href=\"https:\/\/www.letelegramme.fr\/cotes-d-armor\/saint-brieuc-22000\/en-greve-les-agents-dar-goued-demissionnent-de-facon-symbolique-6542071.php\">En gr\u00e8ve, les agents d\u2019Ar Goued d\u00e9missionnent de fa\u00e7on symbolique<\/a> (Le T\u00e9l\u00e9gramme)<\/p>\n\n\n\n<p><a href=\"https:\/\/actu.fr\/bretagne\/saint-malo_35288\/greve-sur-port-de-saint-malo-la-profession-traverse-une-periode-difficile_60802820.html\">Gr\u00e8ve au port de Saint-Malo : \u00ab\u00a0La profession traverse une p\u00e9riode difficile\u00a0\u00bb<\/a> (Le Pays Malouin)<\/p>\n\n\n\n<p><a href=\"https:\/\/actu.fr\/normandie\/cabourg_14117\/cabourg-greve-chez-agaphone-des-salaries-determines-a-faire-entendre-leurs-revendications_60805488.html\">Cabourg. Gr\u00e8ve chez Agaphone, des salari\u00e9s d\u00e9termin\u00e9s \u00e0 faire entendre leurs revendications<\/a> (actu)<\/p>\n\n\n\n<p><strong><a href=\"https:\/\/www.lunion.fr\/id578238\/article\/2024-03-12\/la-sncf-met-en-vente-ses-billets-pour-lete-les-employes-en-charge-des\">La SNCF met en vente ses billets pour l\u2019\u00e9t\u00e9, les employ\u00e9s en charge des r\u00e9servations appel\u00e9s \u00e0 la gr\u00e8ve<\/a> (L\u2019union)<\/strong><\/p>\n\n\n\n<p><a href=\"https:\/\/www.ledauphine.com\/social\/2024\/03\/11\/les-salaries-de-bausch-et-lomb-reconduisent-la-greve-ce-mardi\">Les salari\u00e9s de Bausch et Lomb reconduisent la gr\u00e8ve ce mardi<\/a> (Le Dauphin\u00e9)<\/p>\n\n\n\n<p><a href=\"https:\/\/la1ere.francetvinfo.fr\/mayotte\/un-accord-de-sortie-de-crise-trouve-a-la-mairie-de-koungou-apres-quatre-mois-de-greve-1471410.html\">Un accord de sortie de crise trouv\u00e9 \u00e0 la mairie de Koungou apr\u00e8s quatre mois de gr\u00e8ve<\/a> (franceinfo)<\/p>\n\n\n\n<p><a href=\"https:\/\/www.leprogres.fr\/social\/2024\/03\/11\/des-remunerations-differentes-pour-un-meme-poste-des-agents-de-la-collectivite-en-greve\">Des r\u00e9mun\u00e9rations diff\u00e9rentes pour un m\u00eame poste&nbsp;: des agents de la collectivit\u00e9 en gr\u00e8ve<\/a> (Le Progr\u00e8s)<\/p>\n\n\n\n<p><a href=\"https:\/\/www.nordlittoral.fr\/203021\/article\/2024-03-11\/calais-les-salaries-de-la-sepd-en-greve-pour-leurs-conges-payes\">Calais : les salari\u00e9s de la SEPD en gr\u00e8ve pour leurs cong\u00e9s pay\u00e9s<\/a> (Nord Littoral)<\/p>\n\n\n\n<p><a href=\"https:\/\/www.aisnenouvelle.fr\/id502359\/article\/2024-03-11\/premiere-greve-au-college-la-ramee-de-saint-quentin\">Premi\u00e8re gr\u00e8ve au coll\u00e8ge La Ram\u00e9e de Saint-Quentin<\/a> (L\u2019Aisne)<\/p>\n\n\n\n<p><a href=\"https:\/\/france3-regions.francetvinfo.fr\/normandie\/calvados\/caen\/nous-prenons-des-anxiolytiques-pour-aller-au-travail-les-salaries-d-un-centre-d-appel-denoncent-les-cadences-infernales-2937636.html\">Les salari\u00e9s d&rsquo;un centre d&rsquo;appel d\u00e9noncent les \u00ab\u00a0cadences infernales\u00a0\u00bb<\/a> (Franceinfo)<\/p>\n\n\n\n<p><a href=\"https:\/\/fsu.fr\/communique-intersyndicale-education-pour-nos-salaires-et-lecole-publique-en-greve-et-dans-laction-le-19-mars\/\">Communiqu\u00e9 :Pour nos salaires et l\u2019\u00c9cole publique, en gr\u00e8ve et dans l\u2019action le 19 mars ! <\/a>(FSU)<\/p>\n\n\n\n<p><strong>Monde<\/strong><\/p>\n\n\n\n<p><a href=\"https:\/\/www.rtl.be\/page-videos\/belgique\/societe\/greve-des-bus-et-metros-seulement-20-des-bus-charleroi\/2024-03-12\/video\/647058\"><strong>Belgique<\/strong> : Gr\u00e8ve des bus et m\u00e9tros: \u00ab\u00a0Seulement 20% des bus \u00e0 Charleroi\u00a0\u00bb<\/a> (RTL)<\/p>\n\n\n\n<p><a href=\"https:\/\/www.lalibre.be\/dernieres-depeches\/2024\/03\/12\/nouvelles-negociations-chez-arcelormittal-a-gand-apres-six-jours-de-greve-DT5BPPO7WRAYVLTBM4YKNWOHVA\/\"><strong>Belgique<\/strong> : Nouvelles n\u00e9gociations chez ArcelorMittal \u00e0 Gand apr\u00e8s six jours de gr\u00e8ve<\/a> (La Libre)<\/p>\n\n\n\n<p><a href=\"https:\/\/www.msn.com\/fr-be\/finance\/actualite\/gr%C3%A8ve-chez-lufthansa-plus-de-1000-vols-supprim%C3%A9s-mardi-et-mercredi-120000-passagers-impact%C3%A9s\/ar-BB1jHl5u\"><strong>Allemagne<\/strong> : Gr\u00e8ve chez Lufthansa : plus de 1.000 vols supprim\u00e9s mardi et mercredi, 120.000 passagers impact\u00e9s<\/a> (Le Soir)<\/p>\n\n\n\n<p><strong><a href=\"https:\/\/www.lalibre.be\/dernieres-depeches\/2024\/03\/11\/la-deutsche-bahn-se-tourne-vers-la-justice-pour-eviter-une-nouvelle-greve-2MLA73L2FFBSHLTATYNXLXOHC4\/\">Allemagne : La Deutsche Bahn se tourne vers la Justice pour \u00e9viter une nouvelle gr\u00e8ve<\/a> (La Libre)<\/strong><\/p>\n\n\n\n<p>&nbsp;<a href=\"https:\/\/www.alwihdainfo.com\/Tchad-les-centrales-syndicales-annoncent-une-greve-seche-et-illimitee_a130765.html\"><strong>Tchad<\/strong> : les centrales syndicales annoncent une gr\u00e8ve s\u00e8che et illimit\u00e9e<\/a> (Alwihda info)<\/p>\n\n\n\n<p><a href=\"https:\/\/www.msn.com\/fr-be\/actualite\/other\/les-pilotes-menacent-dorganiser-des-gr%C3%A8ves-par-bloc-de-quatre-jours-%C3%A0-partir-du-23-mars\/ar-BB1jIin7\"><strong>Belgique<\/strong> : Les pilotes menacent d&rsquo;organiser des gr\u00e8ves \u00ab\u00a0par bloc de quatre jours\u00a0\u00bb \u00e0 partir du 23 mars<\/a> (RTL)<\/p>\n\n\n\n<p><a href=\"https:\/\/www.journaldugeek.com\/2024\/03\/12\/apres-hollywood-une-greve-massive-se-profile-dans-lindustrie-videoludique\/\"><strong>Etats-Unis<\/strong> : Apr\u00e8s Hollywood, une gr\u00e8ve massive se profile dans l\u2019industrie vid\u00e9oludique<\/a> (Le Journal du Geek)<\/p>\n\n\n\n<p><a href=\"https:\/\/www.miroirsocial.com\/participatif\/forvia-un-projet-eu-forward-qui-menace-pres-de-10-000-emplois-en-europe-sur-la-periode\">Forvia : Un projet \u00ab EU-FORWARD \u00bb qui menace pr\u00e8s de 10 000 emplois en <strong>Europe<\/strong> <\/a>(Miroir Social)<\/p>\n\n\n\n<p><strong>Analyse<\/strong><\/p>\n\n\n\n<p><a href=\"https:\/\/rapportsdeforce.fr\/linternationale\/lactu-des-oublie-e-s-le-senegal-en-crise-031120657\">L\u2019Actu des Oubli\u00e9.e.s&nbsp;: le S\u00e9n\u00e9gal en crise<\/a> (Rapports de force)<\/p>\n\n\n\n<p><strong><a href=\"https:\/\/www.frustrationmagazine.fr\/apprentissage-consequences\/\">Pourquoi le \u201cboom de l\u2019apprentissage\u201d est une mauvaise nouvelle<\/a> (Frustration)<\/strong><\/p>\n\n\n\n<p><strong><a href=\"https:\/\/lundi.am\/A-bas-le-travail\">\u00c0 bas le travail<\/a> (Lundi matin)<\/strong><\/p>\n\n\n\n<p><strong><mark style=\"background-color:rgba(0, 0, 0, 0);color:#ed1010\" class=\"has-inline-color\">11 mars<\/mark><\/strong><\/p>\n\n\n\n<p><strong><a href=\"https:\/\/bellaciao.org\/18es-rencontres-du-film-documentaire\">18es rencontres du film documentaire &#8211; Arts et r\u00e9sistances<\/a> (Bellaciao)<\/strong><\/p>\n\n\n\n<p><a href=\"https:\/\/paris-luttes.info\/les-mineurs-isoles-du-collectif-17989\">Les mineurs isol\u00e9s du collectif des jeunes du parc de Belleville occupent le 104 \u00e0 Paris&nbsp;<\/a> (Paris-Luttes info)<\/p>\n\n\n\n<p><strong><a href=\"https:\/\/www.humanite.fr\/social-et-economie\/loi-de-simplification\/loi-de-simplification-pourquoi-se-compliquer-la-vie\">Loi de \u00ab&nbsp;simplification&nbsp;\u00bb, pourquoi se compliquer la vie&nbsp;?<\/a> (l\u2019Humanit\u00e9)<\/strong><\/p>\n\n\n\n<p><a href=\"https:\/\/www.humanite.fr\/social-et-economie\/celine-verzeletti\/paris-2024-pour-les-jeux-nous-aurions-prefere-un-projet-mobilisateur-pour-les-fonctionnaires-deplore-celine-verzeletti\">Paris 2024&nbsp;: \u00ab&nbsp;Pour les Jeux, nous aurions pr\u00e9f\u00e9r\u00e9 un projet mobilisateur pour les fonctionnaires \u00bb <\/a>(l\u2019Humanit\u00e9)<\/p>\n\n\n\n<p><a href=\"https:\/\/lanticapitaliste.org\/actualite\/international\/le-12-mars-2024-mobilisation-pour-la-journee-europeenne-de-solidarite\">12 mars, mobilisation pour la Journ\u00e9e europ\u00e9enne de solidarit\u00e9 universitaire avec le peuple palestinien<\/a> (l\u2019Anticapitaliste)<\/p>\n\n\n\n<p><a href=\"https:\/\/france3-regions.francetvinfo.fr\/bretagne\/cotes-d-armor\/lannion\/on-n-en-est-qu-au-debut-dans-les-cotes-d-armor-le-voisinage-en-colere-contre-une-ferme-usine-de-180-000-volailles-2937321.html\">Dans les C\u00f4tes-d&rsquo;Armor, le voisinage en col\u00e8re contre un poulailler de 180 000 volailles<\/a> (franceinfo)<\/p>\n\n\n\n<p><strong>Gr\u00e8ves<\/strong><\/p>\n\n\n\n<p><a href=\"https:\/\/www.francebleu.fr\/infos\/economie-social\/prime-inflation-les-agents-de-la-fonction-publique-territoriale-appeles-a-la-greve-dans-l-agglo-de-quimper-2227700\">Agglo de Quimper&nbsp;: gr\u00e8ve dans la fonction publique territoriale pour la prime inflation<\/a> (ici)<\/p>\n\n\n\n<p><a href=\"https:\/\/france3-regions.francetvinfo.fr\/grand-est\/champagne-ardenne\/greve-circulation-des-ter-perturbee-lundi-11-mars-en-champagne-ardenne-2937258.html\">Gr\u00e8ve&nbsp;: circulation des TER perturb\u00e9e lundi 11 mars en Champagne-Ardenne<\/a> (franceinfo)<\/p>\n\n\n\n<p><a href=\"https:\/\/www.ouest-france.fr\/bretagne\/lanester-56600\/en-greve-les-salaries-du-magasin-but-de-lanester-demandent-une-hausse-des-salaires-a415741e-deda-11ee-9f83-f8f0203f0431\">En gr\u00e8ve, les salari\u00e9s du magasin But de Lanester demandent une hausse des salaires<\/a> (Ouest-France)<\/p>\n\n\n\n<p><a href=\"https:\/\/www.rfi.fr\/fr\/france\/20240310-chez-m%C3%A9t%C3%A9o-france-les-pr%C3%A9visionnistes-sont-en-gr%C3%A8ve-contre-l-automatisation-li%C3%A9e-%C3%A0-l-ia\">Chez M\u00e9t\u00e9o-France, les pr\u00e9visionnistes sont en gr\u00e8ve contre l&rsquo;automatisation li\u00e9e \u00e0 l&rsquo;IA<\/a> (RFI)<\/p>\n\n\n\n<p><strong>Monde<\/strong><\/p>\n\n\n\n<p><strong><a href=\"https:\/\/www.zonebourse.com\/cours\/action\/LUFTHANSA-436827\/actualite\/Les-conducteurs-de-train-allemands-annoncent-une-sixieme-greve-dans-le-cadre-d-un-conflit-salarial-46136577\/\">Les conducteurs de train allemands annoncent une sixi\u00e8me gr\u00e8ve dans le cadre d&rsquo;un conflit salarial<\/a> (Zonebourse)<\/strong><\/p>\n\n\n\n<p><a href=\"https:\/\/www.lalibre.be\/dernieres-depeches\/2024\/03\/10\/greve-dans-les-prisons-une-greve-de-24-heures-debute-a-la-prison-danvers-7F52FXFJOBASPGEFSC4SNWM72A\/\">Belgique : Gr\u00e8ve dans les prisons &#8211; Une gr\u00e8ve de 24 heures d\u00e9bute \u00e0 la prison d&rsquo;Anvers<\/a> (La Libre)<\/p>\n\n\n\n<p><strong><mark style=\"background-color:rgba(0, 0, 0, 0);color:#ed1010\" class=\"has-inline-color\">9 mars<\/mark><\/strong><\/p>\n\n\n\n<p><a href=\"https:\/\/paris-luttes.info\/reprendre-l-offensive-vaincre-le-17975\">Contre le meeting de Zemmour, rdv dimanche 10\/03, 13h, porte de Vanves<\/a> (Paris-Luttes info)<\/p>\n\n\n\n<p><strong><a href=\"https:\/\/www.humanite.fr\/social-et-economie\/agents-dentretien\/journee-du-8-mars-les-salariees-du-nettoyage-revendiquent-un-changement-en-profondeur-de-leur-metier\">8&nbsp;mars&nbsp;: les salari\u00e9es du nettoyage revendiquent un changement en profondeur de leur m\u00e9tier.<\/a> (l\u2019Humanit\u00e9)<\/strong><\/p>\n\n\n\n<p><strong><a href=\"https:\/\/www.blast-info.fr\/articles\/2024\/btp-les-explosives-formations-dune-pme-nicoise-sv_-xqUWR2yEqBDJojwMTg\">BTP&nbsp;: Les explosives formations d\u2019une PME ni\u00e7oise<\/a> (Blast)<\/strong><\/p>\n\n\n\n<p><strong><a href=\"https:\/\/lanticapitaliste.org\/actualite\/sante\/les-ehpad-dans-la-tourmente-budgetaire-100-postes-supprimes-au-havre\">Les Ehpad dans la tourmente budg\u00e9taire\u2026 100 postes supprim\u00e9s au Havre\u2009!<\/a> (l\u2019Anticapitaliste)<\/strong><\/p>\n\n\n\n<p><a href=\"https:\/\/france3-regions.francetvinfo.fr\/auvergne-rhone-alpes\/isere\/grenoble\/temoignage-on-nous-pousse-a-la-demission-fatima-femme-de-menage-en-greve-pour-la-premiere-fois-en-25-ans-de-carriere-2936322.html\">\u00ab\u00a0On nous pousse \u00e0 la d\u00e9mission\u00a0\u00bb : Fatima, femme de m\u00e9nage en gr\u00e8ve, pour la premi\u00e8re fois en 25 ans de carri\u00e8re<\/a> (franceinfo)<\/p>\n\n\n\n<p><strong>Gr\u00e8ves<\/strong><\/p>\n\n\n\n<p><a href=\"https:\/\/www.force-ouvriere.fr\/article18592\">Amcor Sarrebourg&nbsp;: retour \u00e0 la case d\u00e9part&nbsp;?<\/a> (FO)<\/p>\n\n\n\n<p><a href=\"https:\/\/www.bondyblog.fr\/societe\/greve-des-agents-de-lofpra-on-fait-de-notre-mieux-mais-cest-tout-un-systeme-qui-secroule\/\">Gr\u00e8ve des agents de l\u2019Ofpra : \u00ab On fait de notre mieux, mais c\u2019est tout un syst\u00e8me qui s\u2019\u00e9croule \u00bb<\/a> (Le Bondy Blog)<\/p>\n\n\n\n<p><a href=\"https:\/\/www.dna.fr\/social\/2024\/03\/08\/greve-chez-corplex-augmentation-respect-et-securite\">Gr\u00e8ve chez Corplex&nbsp;: augmentation, respect et s\u00e9curit\u00e9<\/a> (DNA)<\/p>\n\n\n\n<p><a href=\"https:\/\/actu.fr\/normandie\/boulon_14090\/soignants-en-greve-pres-de-caen-des-avancees-obtenues-apres-deux-semaines-de-conflit_60798866.html\">Soignants en gr\u00e8ve pr\u00e8s de Caen : des avanc\u00e9es obtenues apr\u00e8s deux semaines de conflit<\/a> (Le Bonhomme libre)<\/p>\n\n\n\n<p><a href=\"https:\/\/www.oisehebdo.fr\/2024\/03\/08\/greve-webhelp-compiegne\/\">Gr\u00e8ve chez Webhelp Compi\u00e8gne pour les salaires et \u00e0 l\u2019occasion des droits des femmes<\/a> (Oise Hebdo)<\/p>\n\n\n\n<p><a href=\"https:\/\/france3-regions.francetvinfo.fr\/corse\/corse-du-sud\/ajaccio\/greve-dans-le-maritime-plusieurs-traversees-corse-marseille-annulees-les-11-et-12-mars-2936925.html\">Gr\u00e8ve dans le maritime : plusieurs travers\u00e9es Corse-Marseille annul\u00e9es les 11 et 12 mars<\/a> (franceinfo)<\/p>\n\n\n\n<p><a href=\"https:\/\/www.lavoixdunord.fr\/1438565\/article\/2024-03-08\/port-de-calais-une-greve-annoncee-pour-le-11-mars\">Port de Calais: une gr\u00e8ve annonc\u00e9e pour le 11 mars<\/a> (La Voix du Nord)<\/p>\n\n\n\n<p><a href=\"https:\/\/www.courrier-picard.fr\/id501630\/article\/2024-03-08\/greve-au-centre-webhelp-de-lacroix-saint-ouen-les-femmes-en-premiere-ligne\">Gr\u00e8ve au centre Webhelp de Lacroix-Saint-Ouen&nbsp;: les femmes en premi\u00e8re ligne<\/a> (Le Courrier Picard)<\/p>\n\n\n\n<p><a href=\"https:\/\/www.centrepresseaveyron.fr\/2024\/03\/08\/fin-de-la-greve-des-agents-municipaux-de-decazeville-le-mouvement-nest-pas-termine-on-se-donne-rendez-vous-le-26-mars-11812464.php\">Fin de la gr\u00e8ve des agents municipaux de Decazeville : le mouvement n&rsquo;est pas termin\u00e9, \u00ab\u00a0on se donne rendez-vous le 26 mars\u00a0\u00bb<\/a> (Centre Presse Aveyron)<\/p>\n\n\n\n<p><a href=\"https:\/\/www.lunion.fr\/id577056\/article\/2024-03-08\/les-salaries-de-veuve-clicquot-en-greve-le-14-mars-verzy\">Les salari\u00e9s de Veuve-Clicquot en gr\u00e8ve le 14 mars \u00e0 Verzy<\/a> (L\u2019union)<\/p>\n\n\n\n<p><strong>Monde<\/strong><\/p>\n\n\n\n<p><a href=\"https:\/\/www.wsws.org\/fr\/articles\/2024\/03\/08\/ykuk-m08.html\">Guerre et lutte des classes: une strat\u00e9gie socialiste est n\u00e9cessaire pour d\u00e9fendre les emplois en <strong>Allemagne<\/strong><\/a> (WSWS)<\/p>\n\n\n\n<p><a href=\"https:\/\/www.leconomistemaghrebin.com\/2024\/03\/08\/detention-denseignants-greve-massive-reclamer-justice\/\"><strong>Tunisie<\/strong> : D\u00e9tention d\u2019enseignants: Gr\u00e8ve massive pour r\u00e9clamer justice<\/a> (L\u2019Economiste Maghr\u00e9bin)<\/p>\n\n\n\n<p><a href=\"https:\/\/www.zonebourse.com\/cours\/action\/NESTE-OYJ-1412495\/actualite\/Pas-d-accord-avec-les-syndicats-en-greve-selon-le-Premier-ministre-finlandais-46130640\/\">Pas d&rsquo;accord avec les syndicats en gr\u00e8ve, selon le Premier ministre <strong>finlandais<\/strong><\/a> (Zonebourse)<\/p>\n\n\n\n<p><strong><mark style=\"background-color:rgba(0, 0, 0, 0);color:#ed1010\" class=\"has-inline-color\">8 mars<\/mark><\/strong><\/p>\n\n\n\n<p><strong><a href=\"https:\/\/www.contretemps.eu\/8-mars-greve-feministe-pour-gaza\/\">8 mars : gr\u00e8ve f\u00e9ministe pour Gaza !<\/a> (Contretemps)<\/strong><\/p>\n\n\n\n<p><a href=\"https:\/\/www.francetvinfo.fr\/societe\/droits-des-femmes\/direct-journee-internationale-des-droits-des-femmes-pour-la-premiere-fois-la-cfdt-appelle-a-faire-greve-et-a-manifester_6411508.html\">Journ\u00e9e internationale des droits des femmes : pour la premi\u00e8re fois, la CFDT appelle \u00e0 faire gr\u00e8ve et \u00e0 manifester \u00e0 cette occasion &#8211; Live<\/a> (franceinfo)<\/p>\n\n\n\n<p><a href=\"https:\/\/rebellyon.info\/Samedi-9-mars-a-l-ile-Egalite-Journee-de-25699\">Samedi 9&nbsp;mars \u00e0 l\u2019\u00eele Egalit\u00e9&nbsp;: Journ\u00e9e de rencontres sur les luttes de femmes exil\u00e9es&nbsp;!<\/a> (Rebellyon)<\/p>\n\n\n\n<p><a href=\"https:\/\/www.force-ouvriere.fr\/thales-alenia-space-1-000-suppressions-de-postes-apres-la-colere\">Thales Alenia Space&nbsp;: 1 000 suppressions de postes Apr\u00e8s la col\u00e8re, place aux revendications et \u00e0 l\u2019action<\/a> (FO)<\/p>\n\n\n\n<p><a href=\"https:\/\/reporterre.net\/Terroristes-chtarbes-les-promoteurs-de-l-A69-se-lachent-contre-les-opposants\">\u00ab&nbsp;Terroristes&nbsp;\u00bb, \u00ab&nbsp;chtarb\u00e9s&nbsp;\u00bb&nbsp;: les promoteurs de l\u2019A69 se l\u00e2chent contre les opposants<\/a> (Reporterre)<\/p>\n\n\n\n<p><strong><a href=\"https:\/\/france3-regions.francetvinfo.fr\/occitanie\/tarn\/albi\/autoroute-a69-deux-des-ecureuils-entament-une-greve-de-la-faim-une-nouvelle-requete-en-refere-rejetee-par-les-tribunaux-2936331.html\">Autoroute A69 : deux des \u00ab\u00a0\u00e9cureuils\u00a0\u00bb entament une gr\u00e8ve de la faim <\/a>(franceinfo)<\/strong><\/p>\n\n\n\n<p><a href=\"https:\/\/www.streetpress.com\/sujet\/1709829311-il-faut-femmes-greve-8-mars-feminisme-droits-inegalite-salaires\">\u00ab Il faut que les femmes se mettent en gr\u00e8ve le 8 mars&nbsp;\u00bb<\/a> (Street Press)<\/p>\n\n\n\n<p><strong>Gr\u00e8ves<\/strong><\/p>\n\n\n\n<p><a href=\"https:\/\/www.force-ouvriere.fr\/menaces-sur-l-emploi-0-de-hausse-des-salaires-debrayage-chez\">Menaces sur l\u2019emploi, 0&nbsp;% de hausse des salaires\u2026 d\u00e9brayage chez Yves Rocher<\/a> (FO)<\/p>\n\n\n\n<p><a href=\"https:\/\/lanticapitaliste.org\/actualite\/social\/en-colere-et-determinees-des-femmes-de-menage-en-lutte-grenoble\">En col\u00e8re et d\u00e9termin\u00e9es, des femmes de m\u00e9nage en lutte \u00e0 Grenoble<\/a> (l\u2019Anticapitaliste)<\/p>\n\n\n\n<p><a href=\"https:\/\/www.bondyblog.fr\/societe\/6%e1%b5%89-jour-de-greve-pour-les-profs-du-93-une-manifestation-a-paris-et-toujours-lindifference-du-ministere\/\">6\u1d49 jour de gr\u00e8ve pour les profs du 93 &#8230; (toujours) l\u2019indiff\u00e9rence du minist\u00e8re<\/a> (Le Bondy Blog)<\/p>\n\n\n\n<p><a href=\"https:\/\/www.msn.com\/fr-ca\/actualites\/technologie\/gr%C3%A8ve-lev%C3%A9e-au-journal-sud-ouest-en-attendant-les-n%C3%A9gociations-sur-le-plan-social\/ar-BB1jukY2\">Gr\u00e8ve lev\u00e9e au journal Sud Ouest en attendant les n\u00e9gociations sur le plan social<\/a> (AFP)<\/p>\n\n\n\n<p><a href=\"https:\/\/www.francebleu.fr\/infos\/economie-social\/greve-a-france-bleu-ce-vendredi-8-mars-1412528\">Gr\u00e8ve \u00e0 France Bleu ce vendredi 8 mars<\/a> (ici)<\/p>\n\n\n\n<p><a href=\"https:\/\/www.lavoixdunord.fr\/1438048\/article\/2024-03-07\/greve-emmaus-la-cgt-annonce-la-regularisation-de-l-ensemble-des-sans-papiers-le\">Gr\u00e8ve \u00e0 Emma\u00fcs&nbsp;: la CGT annonce la r\u00e9gularisation de l\u2019ensemble des sans-papiers, le minist\u00e8re de l\u2019Int\u00e9rieur d\u00e9ment<\/a> (La Voix du Nord)<\/p>\n\n\n\n<p><a href=\"https:\/\/www.estrepublicain.fr\/social\/2024\/03\/07\/negociations-ouvertes-chez-knauf-fibre-ou-la-greve-continue\">N\u00e9gociations ouvertes chez Knauf Fibre, o\u00f9 la gr\u00e8ve continue<\/a> (L\u2019Est R\u00e9publicain)<\/p>\n\n\n\n<p><a href=\"https:\/\/www.ledauphine.com\/social\/2024\/03\/07\/isere-greve-chez-les-travailleurs-sociaux-de-l-oiseau-bleu-et-du-relais-ozanam\">Gr\u00e8ve chez les travailleurs sociaux de L\u2019Oiseau bleu et du Relais Ozanam<\/a> (Le Dauphin\u00e9)<\/p>\n\n\n\n<p><a href=\"https:\/\/www.ledauphine.com\/social\/2024\/03\/07\/greve-chez-bausch-lomb-ne-pas-oublier-les-petites-mains-responsables-de-ce-succes\">Gr\u00e8ve chez Bausch &amp; Lomb : \u00ab Ne pas oublier les petites mains responsables de ce succ\u00e8s \u00bb<\/a> (Le Dauphin\u00e9)<\/p>\n\n\n\n<p><a href=\"https:\/\/www.lyonmag.com\/article\/134983\/une-greve-va-perturber-les-cantines-et-les-services-periscolaires-de-lyon-ce-vendredi\">Une gr\u00e8ve va perturber les cantines et les services p\u00e9riscolaires de Lyon ce vendredi<\/a> (Lyon Mag)<\/p>\n\n\n\n<p><a href=\"https:\/\/www.laprovence.com\/article\/region\/2604546712888415\/jo-a-marseille-les-agents-de-securite-annoncent-vouloir-faire-greve-en-attendant-les-eboueurs\">JO \u00e0 Marseille : les agents de s\u00e9curit\u00e9 annoncent vouloir faire gr\u00e8ve&#8230; en attendant les \u00e9boueurs ?<\/a> (La Provence)<\/p>\n\n\n\n<p><a href=\"https:\/\/www.leprogres.fr\/social\/2024\/03\/07\/le-personnel-de-l-agence-d-interim-manpower-en-greve\">Bourg-en-Bresse : le personnel de l\u2019agence d\u2019int\u00e9rim Manpower en gr\u00e8ve<\/a> (Le Progr\u00e8s)<\/p>\n\n\n\n<p><a href=\"https:\/\/www.letelegramme.fr\/ille-et-vilaine\/rennes-35000\/greve-des-centres-de-loisirs-a-rennes-a-quoi-sattendre-6539103.php\">Gr\u00e8ve des centres de loisirs \u00e0 Rennes&nbsp;: \u00e0 quoi s\u2019attendre<\/a> (Le T\u00e9l\u00e9gramme)<\/p>\n\n\n\n<p><a href=\"https:\/\/www.msn.com\/fr-fr\/actualite\/france\/pour-ces-profs-de-seine-saint-denis-en-gr%C3%A8ve-les-groupes-de-niveau-de-gabriel-attal-sont-la-goutte-de-trop\/ar-BB1jvdof\">Pour ces profs de Seine-Saint-Denis en gr\u00e8ve, les groupes de niveau de Gabriel Attal sont la goutte de trop<\/a> (Le Huff Post)<\/p>\n\n\n\n<p><strong>Monde<\/strong><\/p>\n\n\n\n<p><a href=\"https:\/\/bellaciao.org\/50e-anniversaire-de-la-revolution-des-oeillets\"><strong>Portugal<\/strong> : 25 avril 2024 &#8211; 50e anniversaire de la r\u00e9volution des \u0153illets<\/a> (Bellaciao)<\/p>\n\n\n\n<p><a href=\"https:\/\/www.ilmessaggero.it\/fr\/greve_generale_et_manifestations_a_rome_pour_la_journee_internationale_des_femmes-7980119.html?refresh_ce\">Mobilisation et gr\u00e8ves \u00e0 <strong>Rome<\/strong> pour la Journ\u00e9e internationale des femmes<\/a> (Il Messaggero)<\/p>\n\n\n\n<p><strong>Analyse<\/strong><\/p>\n\n\n\n<p><strong><a href=\"https:\/\/rapportsdeforce.fr\/classes-en-lutte\/chomage-le-travail-doit-toujours-mieux-payer-que-linactivite-decryptage-dun-mensonge-pour-justifier-une-nouvelle-reforme-030820643\">Ch\u00f4mage&nbsp;: \u00ab&nbsp;le travail doit toujours mieux payer que l\u2019inactivit\u00e9&nbsp;\u00bb, d\u00e9cryptage du mensonge qui justifie une nouvelle r\u00e9forme<\/a> (Rapports de force)<\/strong><\/p>\n\n\n\n<p><strong><a href=\"https:\/\/www.equaltimes.org\/sembrando-luchas-celles-qui-sement\">\u00ab&nbsp;Sembrando luchas&nbsp;\u00bb&nbsp;: Celles qui s\u00e8ment la lutte contre les violences<\/a> (Equal Times)<\/strong><\/p>\n\n\n\n<p><a href=\"https:\/\/theconversation.com\/les-femmes-et-les-hommes-sont-ils-egaux-face-au-teletravail-223915\">Les femmes et les hommes&nbsp;sont-ils&nbsp;\u00e9gaux face au t\u00e9l\u00e9travail&nbsp;?<\/a> (The conversation)<\/p>\n\n\n\n<p><a href=\"https:\/\/www.telerama.fr\/radio\/cinq-podcasts-sur-des-femmes-en-lutte-7019575.php\">Cinq podcasts sur\u2026 des femmes en lutte<\/a> (T\u00e9l\u00e9rama)<\/p>\n\n\n\n<p><strong><mark style=\"background-color:rgba(0, 0, 0, 0);color:#ed1010\" class=\"has-inline-color\">7 mars<\/mark><\/strong><\/p>\n\n\n\n<p><strong><a href=\"https:\/\/www.youtube.com\/watch?v=ooko7cqJX24&amp;t=3s&amp;ab_channel=BLAST%2CLesouffledel%27info\">Macron, le choix de la guerre aux pauvres &#8211; vid\u00e9o<\/a> (Blast)<\/strong><\/p>\n\n\n\n<p><strong><a href=\"https:\/\/www.liberation.fr\/societe\/education\/greve-des-profs-a-saint-denis-les-parents-selevent-20240306_UFAA4BLOEZGEXGIJQ33DDLQPXU\/\">Etablissements scolaires d\u00e9labr\u00e9s : \u00e0 Saint-Denis, les parents d\u2019\u00e9l\u00e8ves au soutien des profs en gr\u00e8ve<\/a> (Lib\u00e9ration)<\/strong><\/p>\n\n\n\n<p><a href=\"https:\/\/www.humanite.fr\/social-et-economie\/douaniers\/jo-2024-la-fonction-publique-dans-un-flou-olympique\">JO 2024&nbsp;: la fonction publique dans un flou olympique<\/a> (l\u2019Humanit\u00e9)<\/p>\n\n\n\n<p><strong><a href=\"https:\/\/reporterre.net\/Lutte-contre-l-A69-les-militants-creent-une-nouvelle-zad\">Lutte contre l\u2019A69&nbsp;: les militants cr\u00e9ent une nouvelle zad<\/a> (Reporterre)<\/strong><\/p>\n\n\n\n<p><a href=\"https:\/\/rapportsdeforce.fr\/classes-en-lutte\/vers-une-regularisation-des-grevistes-sans-papiers-des-emmaus-du-nord-030620629\">Vers une r\u00e9gularisation des gr\u00e9vistes sans-papiers des Emma\u00fcs du Nord ?<\/a> (Rapport de force)<\/p>\n\n\n\n<p><a href=\"https:\/\/france3-regions.francetvinfo.fr\/provence-alpes-cote-d-azur\/bouches-du-rhone\/marseille\/greve-feministe-on-vous-explique-dans-quel-cadre-vous-pouvez-cesser-le-travail-le-8-mars-2935644.html\">\u00ab\u00a0Gr\u00e8ve f\u00e9ministe\u00a0\u00bb : on vous explique dans quel cadre vous pouvez cesser le travail le 8 mars<\/a> (franceinfo)<\/p>\n\n\n\n<p><strong>Gr\u00e8ves<\/strong><\/p>\n\n\n\n<p><a href=\"https:\/\/www.revolutionpermanente.fr\/ID-Logistics-Une-journee-de-greve-nationale-contre-les-salaires-de-misere-ce-jeudi\">ID Logistics&nbsp;:&nbsp;Une journ\u00e9e de gr\u00e8ve nationale \u00ab&nbsp;contre les salaires de mis\u00e8re&nbsp;\u00bb ce jeudi<\/a> (RP)<\/p>\n\n\n\n<p><a href=\"https:\/\/www.force-ouvriere.fr\/sarthe-les-soignants-en-greve-denoncent-une-psychiatrie-a-l\">Sarthe&nbsp;: les soignants en gr\u00e8ve d\u00e9noncent une psychiatrie \u00e0 l\u2019agonie<\/a> (FO)<\/p>\n\n\n\n<p><a href=\"https:\/\/www.francebleu.fr\/infos\/economie-social\/un-mouvement-de-greve-en-mayenne-chez-le-specialiste-de-l-interim-manpower-notamment-a-vaiges-3416954\">Un mouvement de gr\u00e8ve en Mayenne chez le sp\u00e9cialiste de l&rsquo;int\u00e9rim Manpower, notamment \u00e0 Vaiges<\/a> (ici)<\/p>\n\n\n\n<p><a href=\"https:\/\/www.ladepeche.fr\/2024\/03\/07\/la-greve-est-levee-mais-le-mouvement-nest-pas-fini-11809698.php\">La gr\u00e8ve est lev\u00e9e mais le mouvement n\u2019est pas fini<\/a> (La D\u00e9p\u00eache)<\/p>\n\n\n\n<p><a href=\"https:\/\/france3-regions.francetvinfo.fr\/nouvelle-aquitaine\/gironde\/bordeaux\/118-postes-supprimes-trois-agences-menacees-de-fermeture-un-nouveau-plan-social-a-sud-ouest-declenche-une-greve-des-salaries-2935281.html\">118 postes supprim\u00e9s, trois agences menac\u00e9es : un nouveau plan social au journal \u00ab\u00a0Sud Ouest\u00a0\u00bb <\/a> (franceinfo)<\/p>\n\n\n\n<p><a href=\"https:\/\/www.lunion.fr\/id576629\/article\/2024-03-07\/menace-de-greves-pour-la-periode-des-jeux-olympiques-des-preavis-deposes-par-la\">Menace de gr\u00e8ves pour la p\u00e9riode des Jeux olympiques, des pr\u00e9avis d\u00e9pos\u00e9s par la CGT<\/a> (L\u2019union)<\/p>\n\n\n\n<p><a href=\"https:\/\/www.lunion.fr\/id576440\/article\/2024-03-06\/en-greve-depuis-octobre-2023-des-policiers-municipaux-depernay-ne-rendent-pas\">En gr\u00e8ve depuis octobre 2023, des policiers municipaux d\u2019\u00c9pernay ne rendent pas les armes<\/a> (L\u2019union)<\/p>\n\n\n\n<p><a href=\"https:\/\/www.lamontagne.fr\/clermont-ferrand-63000\/actualites\/les-personnels-en-greve-de-lemsp-les-galoubies-a-chamalieres-revendiquent-la-prime-segur-de-183-pour-tous_14464068\/\">Les personnels en gr\u00e8ve de l\u2019EMSP Les Galoubies revendiquent la prime S\u00e9gur de 183 \u20ac pour tous<\/a> (La Montagne)<\/p>\n\n\n\n<p><a href=\"https:\/\/www.leprogres.fr\/economie\/2024\/03\/06\/les-employes-d-id-logistics-en-greve-pour-de-meilleurs-salaires\">Les employ\u00e9s d\u2019ID Logistics en gr\u00e8ve pour de meilleurs salaires<\/a> (Le Progr\u00e8s)<\/p>\n\n\n\n<p><a href=\"https:\/\/lemans.maville.com\/actu\/actudet_-la-greve-continue-chez-as-pool-abriblue-a-spay-_dep-6188578_actu.Htm\">La gr\u00e8ve continue chez AS Pool Abriblue \u00e0 Spay<\/a>&nbsp; (Ouest-France)<\/p>\n\n\n\n<p><a href=\"https:\/\/www.estrepublicain.fr\/social\/2024\/03\/06\/negociations-salariales-la-greve-se-poursuit-chez-knauf-fibre-a-la-cote\">N\u00e9gociations salariales&nbsp;: la gr\u00e8ve se poursuit chez Knauf Fibre \u00e0 La C\u00f4te<\/a> (L&rsquo;Est R\u00e9publicain)<\/p>\n\n\n\n<p><a href=\"https:\/\/www.leprogres.fr\/faits-divers-justice\/2024\/03\/06\/la-police-municipale-en-greve\">La police municipale en gr\u00e8ve<\/a> (Le Progr\u00e8s)<\/p>\n\n\n\n<p><a href=\"https:\/\/www.bienpublic.com\/transport\/2024\/03\/06\/preavis-de-greve-perturbations-sur-le-reseau-divia-vendredi\">Pr\u00e9avis de gr\u00e8ve : perturbations sur le r\u00e9seau Divia vendredi<\/a> (Le Bien Public)<\/p>\n\n\n\n<p><strong>Monde<\/strong><\/p>\n\n\n\n<p><a href=\"https:\/\/alencontre.org\/suisse\/suisse-apres-le-oui-a-la-13e-rente-amplifier-la-mobilisation-sociale-et-syndicale-pour-les-retraites-et-lassurance-maladie.html\"><strong>Suisse<\/strong>. Apr\u00e8s le OUI \u00e0 la 13e rente: amplifier la mobilisation sociale et syndicale pour les retraites et l\u2019assurance maladie!<\/a> (A l\u2019encontre)<\/p>\n\n\n\n<p><a href=\"https:\/\/www.wsws.org\/fr\/articles\/2024\/03\/07\/ouvf-m07.html\"><strong>USA<\/strong> : La col\u00e8re explose en raison du licenciement par Stellantis de centaines d&rsquo;int\u00e9rimaires dans les usines Jeep de Toledo et de Detroit<\/a> (WSWS)<\/p>\n\n\n\n<p><a href=\"https:\/\/www.equaltimes.org\/nos-vies-ne-valent-rien-les\">\u00ab&nbsp;Nos vies ne valent rien&nbsp;\u00bb &#8211; Les travailleurs du textile font face \u00e0 des violations de leurs droits un an apr\u00e8s le s\u00e9isme en <strong>Turquie<\/strong><\/a> (Equal Times)<\/p>\n\n\n\n<p><a href=\"https:\/\/www.msn.com\/fr-fr\/voyage\/actualite\/gr%C3%A8ve-dans-les-transports-ferroviaires-et-a%C3%A9riens-allemands\/ar-BB1jthwq\">Gr\u00e8ve dans les transports ferroviaires et a\u00e9riens <strong>allemands<\/strong><\/a> (Reuters)<\/p>\n\n\n\n<p><strong>Analyse<\/strong><\/p>\n\n\n\n<p><strong><a href=\"https:\/\/www.youtube.com\/watch?v=2N0LhoU3c64&amp;ab_channel=R%C3%A9volutionPermanente\">\u00ab\u00a0Remettre la r\u00e9volution \u00e0 l&rsquo;ordre du jour\u00a0\u00bb Meeting de RP avec F. Lordon, S. Hamouri, A. Kazib, &#8230;<\/a> (RP)<\/strong><\/p>\n\n\n\n<p><strong><a href=\"https:\/\/www.contretemps.eu\/feminisme-contestation-sociale-fanny-gallot\/\">Comment les f\u00e9minismes transforment la contestation sociale. Extrait du livre de Fanny Gallot<\/a> (Contretemps)<\/strong><\/p>\n\n\n\n<p><a href=\"https:\/\/www.humanite.fr\/social-et-economie\/austerite\/comment-bruno-le-maire-supprime-20-000-postes-de-fonctionnaires-en-douce\">Comment Bruno Le&nbsp;Maire supprime 20&nbsp;000 postes de fonctionnaires en douce<\/a> (l\u2019Humanit\u00e9)<\/p>\n\n\n\n<p><strong><mark style=\"background-color:rgba(0, 0, 0, 0);color:#ed1010\" class=\"has-inline-color\">6 mars<\/mark><\/strong><\/p>\n\n\n\n<p><strong><a href=\"https:\/\/www.humanite.fr\/social-et-economie\/austerite\/la-carte-des-zones-de-non-droit-du-travail-4-millions-de-salaries-prives-dacces-a-linspection-du-travail\">La carte des zones de non-droit du travail : 4 millions de salari\u00e9s priv\u00e9s d&rsquo;acc\u00e8s \u00e0 l&rsquo;inspection du travail<\/a> (l\u2019Humanit\u00e9)<\/strong><\/p>\n\n\n\n<p><strong><a href=\"https:\/\/www.force-ouvriere.fr\/alinea-galeries-lafayette-la-casse-sociale-continue\">Alin\u00e9a, Galeries Lafayette&nbsp;: la casse sociale continue<\/a> (FO)<\/strong><\/p>\n\n\n\n<p><a href=\"https:\/\/www.streetpress.com\/sujet\/1709637318-racisme-violences-sexuelles-emmaus-directeur-esclave-aryanisme-deols-indre-discriminations\">Racisme et violences sexuelles chez Emma\u00fcs<\/a> (Street Press)<\/p>\n\n\n\n<p><strong>Gr\u00e8ves<\/strong><\/p>\n\n\n\n<p><a href=\"https:\/\/www.revolutionpermanente.fr\/C-est-du-jamais-vu-A-Safran-une-greve-nationale-massive-pour-les-salaires\">\u00ab&nbsp;C\u2019est du jamais-vu&nbsp;!&nbsp;\u00bb A Safran, une gr\u00e8ve nationale massive pour les salaires<\/a> (RP)<\/p>\n\n\n\n<p><a href=\"https:\/\/rapportsdeforce.fr\/classes-en-lutte\/greve-des-enseignants-le-mouvement-du-93-setend-en-ile-de-france-030520611\">Gr\u00e8ve des enseignants : le mouvement du 93 s\u2019\u00e9tend en \u00cele-de-France<\/a> (Rapports de force)<\/p>\n\n\n\n<p><a href=\"https:\/\/la1ere.francetvinfo.fr\/reunion\/le-personnel-de-l-association-saint-francois-d-assise-a-saint-denis-en-greve-ce-mardi-1469982.html\">Le personnel de l\u2019Association Saint-Fran\u00e7ois d\u2019Assise \u00e0 Saint-Denis en gr\u00e8ve ce mardi<\/a> (franceinfo)<\/p>\n\n\n\n<p><a href=\"https:\/\/www.lavoixdunord.fr\/1437449\/article\/2024-03-05\/greve-illimitee-annoncee-chez-id-logistics-carrefour-billy-berclau\">Gr\u00e8ve illimit\u00e9e annonc\u00e9e chez ID Logistics (Carrefour) \u00e0 Billy-Berclau<\/a> (La Voix du Nord)<\/p>\n\n\n\n<p><a href=\"https:\/\/www.leprogres.fr\/sante\/2024\/03\/05\/le-personnel-de-nouveau-en-greve-a-l-hopital\">Le personnel de nouveau en gr\u00e8ve \u00e0 l\u2019h\u00f4pital d&rsquo;Yssingeaux<\/a> (Le Progr\u00e8s)<\/p>\n\n\n\n<p><a href=\"https:\/\/www.ledauphine.com\/social\/2024\/03\/05\/isere-saint-quentin-fallavier-les-employes-d-id-logistics-sont-en-greve-pour-de-meilleurs-salaires\">Les employ\u00e9s d\u2019ID Logistics sont en gr\u00e8ve pour de meilleurs salaires<\/a> (Le Dauphin\u00e9)<\/p>\n\n\n\n<p><a href=\"https:\/\/www.estrepublicain.fr\/economie\/2024\/03\/05\/augmentation-des-salaires-jugee-insuffisante-appel-a-la-greve-ce-mercredi-chez-knauf-fibre-a-la-cote\">Augmentation des salaires jug\u00e9e insuffisante : appel \u00e0 la gr\u00e8ve chez Knauf Fibre<\/a> (L\u2019Est R\u00e9publicain)<\/p>\n\n\n\n<p><a href=\"https:\/\/www.placegrenet.fr\/2024\/03\/05\/greve-des-salariees-delior-derichebourg-a-grenoble-la-deputee-elisa-martin-soutient-les-essentielles-victimes-de-mutations-forcees\/624790\">Grenoble&nbsp;: la d\u00e9put\u00e9e LFI \u00c9lisa Martin et le PCF Is\u00e8re soutiennent la gr\u00e8ve des salari\u00e9es d\u2019Elior-Derichebourg<\/a> (Place Grenet)<\/p>\n\n\n\n<p><a href=\"https:\/\/www.nordlittoral.fr\/202389\/article\/2024-03-05\/une-greve-au-port-de-calais-attendue-le-11-mars\">Une gr\u00e8ve au port de Calais attendue le 11 mars<\/a> (Nord Littoral)<\/p>\n\n\n\n<p><a href=\"https:\/\/lemans.maville.com\/sport\/detail_-urgences-de-l-hopital-du-mans-nouveau-cri-d-alarme-et-nouvelle-mobilisation-jeudi-7-mars-_fil-6186942_actu.Htm\">Urgences de l\u2019h\u00f4pital du Mans&nbsp;: nouveau cri d\u2019alarme et nouvelle mobilisation jeudi 7&nbsp;mars<\/a>&nbsp;(Ouest-France)<\/p>\n\n\n\n<p><a href=\"https:\/\/94.citoyens.com\/2024\/les-agents-de-charenton-le-pont-reclament-une-prime-de-pouvoir-dachat,05-03-2024.html\">Les agents de Charenton-le-Pont r\u00e9clament une prime de pouvoir d\u2019achat<\/a> (94 Citoyens)<\/p>\n\n\n\n<p><a href=\"https:\/\/www.lejdc.fr\/clamecy-58500\/actualites\/debrayages-chez-jacquet-2000-a-clamecy-la-cgt-n-exclut-pas-de-nouvelles-actions_14463589\/\">D\u00e9brayages chez Jacquet 2000 \u00e0 Clamecy : la CGT n&rsquo;exclut pas de nouvelles actions possibles<\/a> (Le JdC)<\/p>\n\n\n\n<p><a href=\"https:\/\/www.strategies.fr\/actualites\/medias\/LQ2994668C\/greve-sud-ouest-contre-un-plan-social-annonce.html\">Gr\u00e8ve \u00e0 Sud Ouest contre un plan social annonc\u00e9<\/a> (Strat\u00e9gies)<\/p>\n\n\n\n<p><a href=\"https:\/\/www.lavoixdunord.fr\/1437609\/article\/2024-03-06\/greve-emmaus-nieppe-les-trois-salaries-de-la-communaute-ont-exerce-leur-droit-de\">Gr\u00e8ve \u00e0 Emma\u00fcs Nieppe&nbsp;: les trois salari\u00e9s de la communaut\u00e9 ont exerc\u00e9 leur droit de retrait<\/a> (La Voix du Nord)<\/p>\n\n\n\n<p><a href=\"https:\/\/www.centrepresseaveyron.fr\/2024\/03\/06\/decazeville-des-personnes-qui-sont-la-et-que-nous-navions-jamais-vues-en-greve-les-agents-municipaux-en-colere-11806403.php\">Decazeville :  les agents municipaux en col\u00e8re<\/a> (Centre Presse Aveyron)<\/p>\n\n\n\n<p><a href=\"https:\/\/www.sudouest.fr\/gironde\/merignac\/greve-a-merignac-des-salaries-de-manpower-manifestent-leur-colere-18838528.php\">Gr\u00e8ve&nbsp;: \u00e0 M\u00e9rignac, des salari\u00e9s de Manpower manifestent leur col\u00e8re<\/a> (Sud Ouest)<\/p>\n\n\n\n<p><strong>Monde<\/strong><\/p>\n\n\n\n<p><a href=\"https:\/\/www.letemps.ch\/suisse\/vaud\/le-cinquieme-jour-de-greve-sur-le-site-de-micarna-a-ecublens-marque-par-une-manifestation-a-lausanne\">Le cinqui\u00e8me jour de gr\u00e8ve sur le site de Micarna \u00e0 Ecublens marqu\u00e9 par une manifestation \u00e0 <strong>Lausanne<\/strong><\/a> (Le Temps)<\/p>\n\n\n\n<p><a href=\"https:\/\/www.zonebourse.com\/cours\/action\/FRAPORT-AG-450725\/actualite\/Le-syndicat-allemand-Verdi-appelle-le-personnel-de-securite-des-aeroports-a-faire-greve-a-Fran-46097234\/\">Le syndicat allemand Verdi appelle le personnel de s\u00e9curit\u00e9 des a\u00e9roports \u00e0 faire gr\u00e8ve \u00e0 <strong>Francfort et Hambourg<\/strong><\/a> (Zonebourse)<\/p>\n\n\n\n<p><strong>Analyse<\/strong><\/p>\n\n\n\n<p><a href=\"https:\/\/basta.media\/Droits-des-femmes-sans-les-groupes-non-mixtes-les-agricultrices-n-auraient-peut-etre-pas-de-statut\">\u00ab&nbsp;Si les agricultrices ont acquis des droits, c\u2019est parce qu\u2019elles se sont battues pour&nbsp;\u00bb<\/a> (Basta!)<\/p>\n\n\n\n<p><strong><a href=\"https:\/\/www.humanite.fr\/social-et-economie\/asn\/nucleaire-la-mobilisation-contre-la-reforme-ne-faiblit-pas\">Nucl\u00e9aire&nbsp;: la mobilisation contre la r\u00e9forme ne faiblit pas<\/a> (l\u2019Humanit\u00e9)<\/strong><\/p>\n\n\n\n<p><strong><mark style=\"background-color:rgba(0, 0, 0, 0);color:#ed1010\" class=\"has-inline-color\">5 mars<\/mark><\/strong><\/p>\n\n\n\n<p><a href=\"https:\/\/bellaciao.org\/Manifestation-pour-exiger-la-liberation-de-Georges-Abdallah-858\">Manifestation pour exiger la lib\u00e9ration de Georges Abdallah<\/a> (Bellaciao)<\/p>\n\n\n\n<p><a href=\"https:\/\/rebellyon.info\/Point-de-situation-sur-la-ZAD-contre-l-25708\">Point de situation sur la&nbsp;ZAD&nbsp;contre l\u2019A69 au 29&nbsp;F\u00e9vrier 2024<\/a> (Rebellyon)<\/p>\n\n\n\n<p><strong>Gr\u00e8ves<\/strong><\/p>\n\n\n\n<p><a href=\"https:\/\/www.humanite.fr\/social-et-economie\/armement\/naval-group-a-le-vent-en-poupe-les-syndicats-se-mobilisent-pour-de-meilleurs-salaires\">Naval Group a le vent en poupe, les syndicats se mobilisent pour de meilleurs salaires<\/a> (l\u2019Humanit\u00e9)<\/p>\n\n\n\n<p><a href=\"https:\/\/www.ouest-france.fr\/pays-de-la-loire\/nantes-44000\/preavis-de-greve-pour-les-transports-en-commun-a-nantes-23c7eb3a-d94d-11ee-80d9-70055cb6efe2\">Pr\u00e9avis de gr\u00e8ve pour les transports en commun \u00e0 Nantes&nbsp;: 17 dates concern\u00e9es<\/a> (Ouest-France)<\/p>\n\n\n\n<p><a href=\"https:\/\/www.leveil.fr\/yssingeaux-43200\/actualites\/greve-illimitee-a-l-hopital-d-yssingeaux-on-fait-du-travail-a-la-chaine-avec-de-lhumain-ce-nest-plus-possible_14463177\/\">Gr\u00e8ve illimit\u00e9e \u00e0 l&rsquo;h\u00f4pital d&rsquo;Yssingeaux<\/a> (L\u2019\u00e9veil de Hte Loire)<\/p>\n\n\n\n<p><a href=\"https:\/\/www.msn.com\/fr-ch\/actualite\/other\/fin-de-la-gr%C3%A8ve-%C3%A0-la-mfr-la-directrice-maintenue-dans-ses-fonctions\/ar-BB1jlvMt\">Fin de la gr\u00e8ve \u00e0 la MFR, la directrice maintenue dans ses fonctions<\/a> (zinfos)<\/p>\n\n\n\n<p><a href=\"https:\/\/france3-regions.francetvinfo.fr\/occitanie\/haute-garonne\/toulouse\/crise-au-sein-d-une-brigade-des-douanes-de-l-un-des-plus-importants-aeroport-de-france-un-preavis-d-un-mois-de-greve-depose-2934456.html\">Brigade des douanes de l&rsquo;un des plus importants a\u00e9roport de France : un pr\u00e9avis d&rsquo;un mois de gr\u00e8ve d\u00e9pos\u00e9 <\/a>(franceinfo)<\/p>\n\n\n\n<p><a href=\"https:\/\/actu.fr\/ile-de-france\/bezons_95063\/ce-personnel-dun-ehpad-du-val-doise-en-greve-on-a-limpression-de-travailler-a-la-chaine_60776867.html\">Ces aides-soignantes en gr\u00e8ve d&rsquo;un Ehpad du Val-d&rsquo;Oise <\/a> (La Gazette du Val d\u2019Oise)<\/p>\n\n\n\n<p><a href=\"https:\/\/www.francebleu.fr\/infos\/economie-social\/greve-a-l-usine-bosch-de-mondeville-les-salaries-votent-la-reprise-du-travail-a-l-unanimite-5854510\">Gr\u00e8ve \u00e0 l&rsquo;usine Bosch de Mondeville&nbsp;: les salari\u00e9s votent la reprise du travail \u00e0 l&rsquo;unanimit\u00e9<\/a> (actu)<\/p>\n\n\n\n<p><a href=\"https:\/\/www.ouest-france.fr\/pays-de-la-loire\/mayenne-53100\/les-syndicats-du-groupe-luminess-appellent-a-une-greve-reconductible-71300910-da43-11ee-80d9-70055cb6efe2\">Les syndicats du groupe Luminess appellent \u00e0 une gr\u00e8ve reconductible<\/a> (Ouest-France)<\/p>\n\n\n\n<p><a href=\"https:\/\/france3-regions.francetvinfo.fr\/hauts-de-france\/nord-0\/dunkerque\/apres-six-mois-de-greve-emmaus-dunkerque-sous-le-coup-de-mesures-conservatoires-2932992.html\">Apr\u00e8s six mois de gr\u00e8ve, Emma\u00fcs Dunkerque sous le coup de \u00ab\u00a0mesures conservatoires\u00a0\u00bb<\/a> (franceinfo)<\/p>\n\n\n\n<p><a href=\"https:\/\/www.ledauphine.com\/social\/2024\/03\/04\/les-postiers-deposent-un-nouveau-preavis-de-greve\">Manosque : Les postiers d\u00e9posent un nouveau pr\u00e9avis de gr\u00e8ve<\/a> (Le Dauphin\u00e9)<\/p>\n\n\n\n<p><a href=\"https:\/\/www.ledauphine.com\/social\/2024\/03\/04\/nouvelle-greve-des-salaries-chez-conforama-a-saint-georges-d-esperanche\">Nouvelle gr\u00e8ve des salari\u00e9s chez Conforama \u00e0 Saint-Georges-d\u2019Esp\u00e9ranche<\/a> (Le Dauphin\u00e9)<\/p>\n\n\n\n<p><a href=\"https:\/\/www.rue89lyon.fr\/2024\/03\/04\/villeurbanne-colleges-rep-greve-rentree\/\">\u00c0 Villeurbanne, les coll\u00e8ges REP+ en gr\u00e8ve pour la rentr\u00e9e<\/a> (Rue 89)<\/p>\n\n\n\n<p><a href=\"https:\/\/www.leprogres.fr\/sante\/2024\/03\/04\/greve-a-l-hopital-d-yssingeaux-on-nous-rappelle-sur-nos-jours-de-repos-on-est-epuises\">Gr\u00e8ve \u00e0 l\u2019h\u00f4pital d\u2019Yssingeaux&nbsp;: \u00ab&nbsp;On nous rappelle sur nos jours de repos, on est \u00e9puis\u00e9s&nbsp;\u00bb<\/a> (Le Progr\u00e8s)<\/p>\n\n\n\n<p><a href=\"https:\/\/www.lunion.fr\/id575568\/article\/2024-03-04\/sainte-menehould-nouveau-mouvement-de-greve-albea-ce-lundi\">Les n\u00e9gociations salariales ne sont pas \u00e0 la hauteur des esp\u00e9rances des syndicats d\u2019Alb\u00e9a<\/a> (l\u2019union)<\/p>\n\n\n\n<p><a href=\"https:\/\/www.midilibre.fr\/2024\/03\/05\/les-agents-de-la-poste-ont-manifeste-11804860.php\">Les agents de La Poste ont manifest\u00e9<\/a> (Midi libre)<\/p>\n\n\n\n<p><a href=\"https:\/\/www.lejdc.fr\/clamecy-58500\/actualites\/appel-aux-debrayages-sur-le-site-de-jacquet-2000-a-clamecy_14463091\/\">Appel aux d\u00e9brayages sur le site de Jacquet 2000 \u00e0 Clamecy<\/a> (Le Journal du Centre)<\/p>\n\n\n\n<p><a href=\"https:\/\/www.lnc.nc\/article\/nouvelle-caledonie\/grand-noumea\/dumbea\/social\/sante\/un-mouvement-de-greve-illimitee-au-medipole-a-partir-de-ce-mercredi\">Un mouvement de gr\u00e8ve illimit\u00e9e au M\u00e9dip\u00f4le \u00e0 partir de ce mercredi <\/a>(Les Nouvelles Cal\u00e9doniennes)<\/p>\n\n\n\n<p><strong>Monde<\/strong><\/p>\n\n\n\n<p><strong><a href=\"https:\/\/lanticapitaliste.org\/actualite\/international\/usa-le-mouvement-des-non-engages-pour-la-defense-de-la-palestine\">USA : Le mouvement des non-engag\u00e9s pour la d\u00e9fense de la Palestine<\/a> (l\u2019Anticapitaliste)<\/strong><\/p>\n\n\n\n<p><a href=\"https:\/\/lexpress.mu\/s\/seoul-identifie-7-800-medecins-en-greve-susceptibles-detre-suspendus-532262\"><strong>S\u00e9oul<\/strong> identifie 7 800 m\u00e9decins en gr\u00e8ve susceptibles d&rsquo;\u00eatre suspendus<\/a> (l\u2019express mu)<\/p>\n\n\n\n<p><a href=\"https:\/\/www.zonebourse.com\/cours\/action\/LUFTHANSA-436827\/actualite\/Lufthansa-nouvelle-greve-du-personnel-au-sol-a-partir-de-jeudi-pour-deux-jours-46083427\/\"><strong>Allemagne<\/strong> : Lufthansa: nouvelle gr\u00e8ve du personnel au sol \u00e0 partir de jeudi pour deux jours<\/a> (Zonebourse)<\/p>\n\n\n\n<p><a href=\"https:\/\/www.zonebourse.com\/cours\/action\/LUFTHANSA-436827\/actualite\/Greve-TOTALE-aux-chemins-de-fer-Weselsky-mise-sur-des-greves-par-vagues-46084497\/\"><strong>Allemagne<\/strong> : Gr\u00e8ve TOTALE aux chemins de fer &#8211; Weselsky mise sur des gr\u00e8ves par vagues<\/a> (Zonebourse)<\/p>\n\n\n\n<p><a href=\"https:\/\/www.ilmessaggero.it\/fr\/greve_nationale_et_ses_impacts_le_8_mars-7973730.html?refresh_ce\"><strong>Italie<\/strong> : Gr\u00e8ve nationale et ses impacts le 8 mars<\/a> (Il messaggero)<\/p>\n\n\n\n<p><a href=\"https:\/\/www.sudquotidien.sn\/collectivites-territoriales-lintersyndicale-annonce-96-heures-de-greve-a-compter-de-ce-mardi\/\"><strong>S\u00e9n\u00e9gal<\/strong> : Collectivit\u00e9s territoriales : l\u2019intersyndicale annonce 96 heures de gr\u00e8ve <\/a>(Sud Quotidien)<\/p>\n\n\n\n<p><strong>Analyse<\/strong><\/p>\n\n\n\n<p><strong><a href=\"https:\/\/lundi.am\/Le-Travail-migrant-l-autre-delocalisation\">Le travail migrant, l\u2019autre d\u00e9localisation<\/a> (Lundi matin)<\/strong><\/p>\n\n\n\n<p><strong><a href=\"https:\/\/www.inegalites.fr\/Dossier-d-actu-Les-inegalites-entre-femmes-et-hommes\">Dossier d\u2019actu | Les in\u00e9galit\u00e9s entre femmes et hommes<\/a> (Observatoire des in\u00e9galit\u00e9s)<\/strong><\/p>\n\n\n\n<p><a href=\"https:\/\/www.politis.fr\/articles\/2024\/03\/assurance-chomage-la-perpetuelle-chasse-aux-pauvres-du-gouvernement\/\">Assurance-ch\u00f4mage&nbsp;: la perp\u00e9tuelle chasse aux pauvres du gouvernement<\/a> (Politis)<\/p>\n\n\n\n<p><strong><a href=\"https:\/\/basta.media\/Plus-invisibles-que-les-paysans-les-femmes-paysannes-inegalites-droits-acces-terres-agricoles-credits-banques-revenus\">Plus invisibles que les paysans&nbsp;: les paysannes<\/a> (Basta!)<\/strong><\/p>\n\n\n\n<p><strong><mark style=\"background-color:rgba(0, 0, 0, 0);color:#ed1010\" class=\"has-inline-color\">4 mars<\/mark><\/strong><\/p>\n\n\n\n<p><a href=\"https:\/\/lepoing.net\/montpellier-le-collectif-robin-des-toits-requisitionne-lancienne-auberge-de-jeunesse-municipale\/\">Montpellier : le collectif Robin des Toits r\u00e9quisitionne l\u2019ancienne auberge de jeunesse municipale<\/a> (Le Poing)<\/p>\n\n\n\n<p><a href=\"https:\/\/paris-luttes.info\/tous-incompetents-tract-contre-17948\">Tous incomp\u00e9tents&nbsp;! &#8211; Tract contre France Travail et l\u2019insertion professionnelle<\/a> (Paris-Luttes info)<\/p>\n\n\n\n<p><strong><a href=\"https:\/\/www.humanite.fr\/social-et-economie\/chomeurs\/emploi-15-million-de-controles-des-chomeurs-pour-quoi-faire\">Emploi : 1,5&nbsp;million de contr\u00f4les des ch\u00f4meurs pour quoi faire&nbsp;?<\/a> (l\u2019Humanit\u00e9)<\/strong><\/p>\n\n\n\n<p><a href=\"https:\/\/lanticapitaliste.org\/actualite\/international\/la-reunion-100-000-emplois-maintenant-lemploi-cest-un-droit\">La R\u00e9union : \u00ab\u2009100\u2009000 emplois\u2009\u00bb maintenant, l\u2019emploi, c\u2019est un droit\u2009!<\/a> (l\u2019Anticapitaliste)<\/p>\n\n\n\n<p><a href=\"https:\/\/reporterre.net\/Polluants-eternels-plus-de-300-activistes-ont-envahi-une-usine-d-Arkema\">\u00ab&nbsp;Polluants \u00e9ternels&nbsp;\u00bb&nbsp;: plus de 300 activistes ont envahi une usine d\u2019Arkema<\/a> (Reporterre)<\/p>\n\n\n\n<p><strong>Gr\u00e8ves<\/strong><\/p>\n\n\n\n<p><a href=\"https:\/\/www.ouest-france.fr\/pays-de-la-loire\/nantes-44000\/preavis-de-greve-pour-les-transports-en-commun-a-nantes-23c7eb3a-d94d-11ee-80d9-70055cb6efe2\">Pr\u00e9avis de gr\u00e8ve pour les transports en commun \u00e0 Nantes<\/a> (Ouest-France)<\/p>\n\n\n\n<p><a href=\"https:\/\/www.francebleu.fr\/infos\/societe\/les-femmes-de-menage-poursuivent-leur-greve-a-grenoble-la-deputee-rachel-keke-au-soutien-1350232\">Les femmes de m\u00e9nage poursuivent leur gr\u00e8ve \u00e0 Grenoble, la d\u00e9put\u00e9e Rachel Keke au soutien.<\/a> (Ici)<\/p>\n\n\n\n<p><a href=\"https:\/\/www.midilibre.fr\/2024\/03\/03\/les-taxis-de-nimes-a-nouveau-en-greve-ce-lundi-4-mars-des-perturbations-a-prevoir-sur-les-routes-11801713.php\">Les taxis de N\u00eemes \u00e0 nouveau en gr\u00e8ve ce lundi 4 mars : des perturbations \u00e0 pr\u00e9voir sur les routes<\/a> (Midi Libre)<\/p>\n\n\n\n<p><a href=\"https:\/\/www.ladepeche.fr\/2024\/03\/04\/education-parents-deleves-et-professeurs-organisent-une-journee-lycee-mort-au-lycee-josephine-baker-a-toulouse-11798642.php\">Parents et professeurs organisent une journ\u00e9e \u00ab\u00a0lyc\u00e9e mort\u00a0\u00bb au lyc\u00e9e Jos\u00e9phine Baker \u00e0 Toulouse<\/a> (La D\u00e9p\u00eache)<\/p>\n\n\n\n<p><a href=\"https:\/\/www.francebleu.fr\/infos\/transports\/les-taxis-toulousains-veulent-bloquer-l-aeroport-de-toulouse-blagnac-ce-lundi-4-mars-8150480\">Les taxis toulousains veulent bloquer l&rsquo;a\u00e9roport de Toulouse Blagnac ce lundi 4 mars<\/a> (ici)<\/p>\n\n\n\n<p><a href=\"https:\/\/www.msn.com\/fr-fr\/actualite\/france\/gr%C3%A8ve-des-taxis-appel%C3%A9s-%C3%A0-converger-%C3%A0-paris-ce-lundi-%C3%A0-quoi-s-attendre-dans-la-capitale\/ar-BB1jgxzV\">Gr\u00e8ve des taxis appel\u00e9s \u00e0 \u00ab converger \u00e0 Paris \u00bb ce lundi, \u00e0 quoi s\u2019attendre dans la capitale ?<\/a> (Le Huff Post)<\/p>\n\n\n\n<p><strong>Monde<\/strong><\/p>\n\n\n\n<p><strong><a href=\"https:\/\/www.revue-ballast.fr\/fevrier-la-plaie-dans-le-coeur-du-hatay\/\">Turquie : F\u00e9vrier, la plaie dans le coeur du&nbsp;Hatay<\/a> (Ballast)<\/strong><\/p>\n\n\n\n<p><a href=\"https:\/\/www.sudouest.fr\/sante\/coree-du-sud-des-milliers-de-medecins-manifestent-le-bras-de-fer-avec-les-autorites-se-poursuit-18814026.php\"><strong>Cor\u00e9e du Sud<\/strong>&nbsp;: des milliers de m\u00e9decins manifestent, le bras de fer avec les autorit\u00e9s se poursuit<\/a> (Sud-Ouest)<\/p>\n\n\n\n<p><a href=\"https:\/\/www.lorientlejour.com\/article\/1370148\/les-professeurs-contractuels-de-luniversite-libanaise-appellent-a-la-greve.html\">Les professeurs contractuels de l&rsquo;Universit\u00e9 <strong>libanaise<\/strong> appellent \u00e0 la gr\u00e8ve<\/a> (L\u2019Orient-Le Jour)<\/p>\n\n\n\n<p><a href=\"https:\/\/www.msn.com\/fr-ca\/actualites\/ontario\/l-universit%C3%A9-york-et-ses-charg%C3%A9s-de-cours-encore-dans-l-impasse-apr%C3%A8s-une-semaine-de-gr%C3%A8ve\/ar-BB1jgkeg\"><strong>Canada<\/strong> : L\u2019Universit\u00e9 York encore dans l\u2019impasse apr\u00e8s une semaine de gr\u00e8ve<\/a> (Radio Canada)<\/p>\n\n\n\n<p><a href=\"https:\/\/www.lalibre.be\/belgique\/judiciaire\/2024\/03\/03\/anvers-malines-turnhout-des-prisons-suivent-hasselt-et-nacceptent-plus-de-nouveaux-detenus-YBPYYKNBWBHTJADVA46XAWQKZA\/\"><strong>Belgique<\/strong> : Anvers, Malines, Turnhout : des prisons suivent Hasselt et n&rsquo;acceptent plus de nouveaux d\u00e9tenus<\/a> (La Libre)<\/p>\n\n\n\n<p><strong><mark style=\"background-color:rgba(0, 0, 0, 0);color:#ed1010\" class=\"has-inline-color\">2 mars<\/mark><\/strong><\/p>\n\n\n\n<p><strong><a href=\"https:\/\/www.frustrationmagazine.fr\/repression-syndicale-moselle-christian-porta-cgt\/\">R\u00e9pression syndicale en Moselle : entretien avec Christian Porta d\u00e9l\u00e9gu\u00e9 CGT<\/a> (Frustration)<\/strong><\/p>\n\n\n\n<p><a href=\"https:\/\/www.revolutionpermanente.fr\/LFI-EELV-CGT-SUD-Rail-Les-Amis-de-la-Terre-de-nombreux-soutiens-aux-cotes-de-Christian-Porta-a\">LFI, EELV, CGT, SUD Rail, Les Amis de la Terre\u2026&nbsp;: de nombreux soutiens aux c\u00f4t\u00e9s de Christian Porta \u00e0 Paris <\/a>(RP)<\/p>\n\n\n\n<p><a href=\"https:\/\/rebellyon.info\/Samedi-9-mars-a-l-ile-Egalite-Journee-de-25699\">Samedi 9&nbsp;mars \u00e0 l\u2019\u00eele Egalit\u00e9&nbsp;: Journ\u00e9e de rencontres sur les luttes de femmes exil\u00e9es&nbsp;!<\/a> (Rebellyon)<\/p>\n\n\n\n<p><a href=\"https:\/\/www.humanite.fr\/social-et-economie\/cgt\/regularisation-de-620-sans-papiers-grevistes-nous-touchons-au-but-assure-la-cgt\">R\u00e9gularisation de 620 sans papiers gr\u00e9vistes : \u00ab Nous touchons au but \u00bb, assure la CGT<\/a> (l\u2019Humanit\u00e9)<\/p>\n\n\n\n<p><a href=\"https:\/\/www.humanite.fr\/social-et-economie\/catherine-vautrin\/loi-plein-emploi-la-mesure-ciblant-les-beneficiaires-du-rsa-se-generalise-a-47-departements\">Loi plein-emploi&nbsp;: la mesure ciblant les b\u00e9n\u00e9ficiaires du RSA se g\u00e9n\u00e9ralise \u00e0 47 d\u00e9partements <\/a>(l\u2019Humanit\u00e9)<\/p>\n\n\n\n<p><strong><a href=\"https:\/\/www.force-ouvriere.fr\/lycees-agricoles-le-tour-de-passe-passe-d-une-heure-d\">Lyc\u00e9es agricoles&nbsp;: le tour de passe-passe d\u2019une heure d\u2019enseignement pay\u00e9e 45&nbsp;minutes<\/a> (FO)<\/strong><\/p>\n\n\n\n<p><strong>Gr\u00e8ves<\/strong><\/p>\n\n\n\n<p><a href=\"https:\/\/paris-luttes.info\/le-93-ne-fait-toujours-pas-sa-17939\">Le 93 ne fait toujours pas sa rentr\u00e9e&nbsp;!<\/a> (Paris-Luttes info)<\/p>\n\n\n\n<p><a href=\"https:\/\/la1ere.francetvinfo.fr\/guadeloupe\/grande-terre\/abymes\/greve-au-sein-de-la-ville-des-abymes-affrontement-entre-grevistes-et-non-grevistes-1469292.html\">Gr\u00e8ve au sein de la ville des Abymes : affrontement entre gr\u00e9vistes et non-gr\u00e9vistes<\/a> (franceinfo)<\/p>\n\n\n\n<p><strong><a href=\"https:\/\/www.bondyblog.fr\/societe\/en-seine-saint-denis-les-profs-entament-leur-5%e1%b5%89-jour-de-greve-dans-lindifference-du-ministere\/\">En Seine-Saint-Denis, les profs entament leur 5\u1d49 jour de gr\u00e8ve dans l\u2019indiff\u00e9rence du minist\u00e8re<\/a> (Le Bondy Blog)<\/strong><\/p>\n\n\n\n<p><a href=\"https:\/\/www.ledauphine.com\/social\/2024\/03\/01\/isere-saint-georges-d-esperanche-plus-de-70-salaries-de-conforama-en-greve-pour-reclamer-de-meilleures-conditions-de-depart\">Plus de 70 salari\u00e9s de Conforama en gr\u00e8ve pour r\u00e9clamer de meilleures conditions de d\u00e9part<\/a> (Le Dauphin\u00e9)<\/p>\n\n\n\n<p><a href=\"https:\/\/www.ladepeche.fr\/2024\/03\/01\/les-sapeurs-pompiers-de-laveyron-continuent-la-greve-et-demandent-une-augmentation-des-effectifs-11797715.php\">Les sapeurs-pompiers de l&rsquo;Aveyron continuent la gr\u00e8ve et demandent \u00ab\u00a0une augmentation des effectifs\u00a0\u00bb<\/a> (La D\u00e9p\u00eache)<\/p>\n\n\n\n<p><a href=\"https:\/\/la1ere.francetvinfo.fr\/guyane\/greve-a-la-poste-de-cayenne-les-negociations-se-poursuivent-un-point-de-desaccord-subsiste-1469244.html\">Gr\u00e8ve \u00e0 La Poste de Cayenne : les n\u00e9gociations se poursuivent, un point de d\u00e9saccord subsiste<\/a> (franceinfo)<\/p>\n\n\n\n<p><a href=\"https:\/\/www.rue89strasbourg.com\/appauvrissement-salaries-ugc-greve-295255\">Contre leur \u00ab&nbsp;appauvrissement&nbsp;\u00bb, des salari\u00e9s de l\u2019UGC Cin\u00e9-Cit\u00e9 se mettent en gr\u00e8ve <\/a>(Rue 89)<\/p>\n\n\n\n<p><a href=\"https:\/\/www.zinfos974.com\/un-preavis-de-greve-des-salaries-de-lassociation-saint-francois-dassise\/\">Un pr\u00e9avis de gr\u00e8ve des salari\u00e9s de l\u2019Association Saint-Fran\u00e7ois d\u2019Assise<\/a> (zinfos 974)<\/p>\n\n\n\n<p><a href=\"https:\/\/www.estrepublicain.fr\/social\/2024\/03\/01\/on-a-que-les-miettes-les-employes-de-but-en-greve-demandent-une-hausse-des-salaires\">\u00ab&nbsp;On n&rsquo;a que les miettes&nbsp;\u00bb&nbsp;: les employ\u00e9s de But, en gr\u00e8ve, demandent une hausse des salaires<\/a> (L\u2019Est R\u00e9publicain)<\/p>\n\n\n\n<p><strong>Monde<\/strong><\/p>\n\n\n\n<p><a href=\"https:\/\/www.revolutionpermanente.fr\/Argentine-Greves-enseignantes-aeroports-bloques-la-rentree-marquee-par-des-greves-sectorielles\"><strong>Argentine<\/strong>. Gr\u00e8ves enseignantes, a\u00e9roports bloqu\u00e9s&nbsp;: une rentr\u00e9e sous le signe de la mobilisation <\/a>(RP)<\/p>\n\n\n\n<p><a href=\"https:\/\/alencontre.org\/ameriques\/americnord\/usa\/etats-unis-en-2023-les-greves-importantes-ont-augmente-de-280-toutefois-la-protection-du-droit-de-greve-est-tres-insuffisante.html\"><strong>Etats-Unis<\/strong>. En 2023, les gr\u00e8ves importantes ont augment\u00e9 de 280%. Toutefois, la protection du droit de gr\u00e8ve est tr\u00e8s insuffisante<\/a> (A l\u2019encontre)<\/p>\n\n\n\n<p><a href=\"https:\/\/lanticapitaliste.org\/actualite\/international\/grece-convergence-des-luttes-autour-du-tragique-anniversaire-de-tembi\"><strong>Gr\u00e8ce<\/strong> : Convergence des luttes autour du tragique anniversaire de T\u00e8mbi<\/a> (l\u2019Anticapitaliste)<\/p>\n\n\n\n<p><a href=\"https:\/\/www.zonebourse.com\/cours\/action\/LUFTHANSA-436827\/actualite\/Prochaine-greve-d-avertissement-de-Verdi-chez-la-filiale-de-fret-emport-Lufthansa-46075294\/\"><strong>Allemagne<\/strong> : Prochaine gr\u00e8ve d&rsquo;avertissement de Verdi chez la filiale de fret emport Lufthansa<\/a> (Zonebourse)<\/p>\n\n\n\n<p><a href=\"https:\/\/www.watson.ch\/fr\/suisse\/migros\/476284434-greve-micarna-migros-sollicite-des-briseurs-de-greve\"><strong>Suisse<\/strong> : \u00abMigros pr\u00e9f\u00e8re solliciter des briseurs de gr\u00e8ve plut\u00f4t que n\u00e9gocier\u00bb<\/a> (Watson)<\/p>\n\n\n\n<p><strong>Analyse<\/strong><\/p>\n\n\n\n<p><strong><a href=\"https:\/\/www.youtube.com\/watch?v=b3l9vGh5AL4&amp;ab_channel=BLAST%2CLesouffledel%27info\">Lutter gr\u00e2ce aux imaginaires : avec Alain Damasio, Li-Cam et Paloma Moritz &#8211; Vid\u00e9o<\/a> (Blast)<\/strong><\/p>\n\n\n\n<p><a href=\"https:\/\/rapportsdeforce.fr\/classes-en-lutte\/8-mars-la-greve-feministe-simpose-dans-les-syndicats-030120602\">8 mars&nbsp;: la gr\u00e8ve f\u00e9ministe s\u2019impose dans les syndicats<\/a> (Rapports de force)<\/p>\n\n\n\n<p><a href=\"https:\/\/www.blast-info.fr\/articles\/2024\/a-mayotte-le-grand-desespoir-de-la-jeunesse-SzvAYVJHRqaqDzN6f443Qg\">A Mayotte, le grand d\u00e9sespoir de la jeunesse<\/a> (Blast)<\/p>\n\n\n\n<p><strong><mark style=\"background-color:rgba(0, 0, 0, 0);color:#ed1010\" class=\"has-inline-color\">1er mars<\/mark><\/strong><\/p>\n\n\n\n<p><a href=\"https:\/\/link.newsletter.franceculture.fr\/m\/ml\/7429\/857054\/s6YNlpWR-IIOjMI94EiWYG9C5lXTLJmivm821gAfcU8=\/mSk6EraLrIDzdufrc0xacvgkwNkQ6NwCRHSA2aok1Bg=\/\" target=\"_blank\" rel=\"noreferrer noopener\">De 1936 \u00e0 aujourd\u2019hui, la bataille du rail<\/a> (France Culture)<\/p>\n\n\n\n<p><a href=\"https:\/\/www.alternatives-economiques.fr\/combien-ca-couterait-de-vraiment-lutter-contre-pauvrete\/00109882\" target=\"_blank\" rel=\"noreferrer noopener\">Combien \u00e7a co\u00fbterait de vraiment lutter contre la pauvret\u00e9 ?<\/a> (Alter \u00e9co)<\/p>\n\n\n\n<p><a href=\"https:\/\/www.alternatives-economiques.fr\/travailleurs-plateformes-directive-passe-detre-torpillee-p\/00109894\" target=\"_blank\" rel=\"noreferrer noopener\">Travailleurs des plateformes&amp;nbsp : la directive en passe d\u2019\u00eatre torpill\u00e9e par la France<\/a>&nbsp;(Alter \u00e9co)<\/p>\n\n\n\n<p><strong><a href=\"https:\/\/alencontre.org\/europe\/france\/nicolas-latteur-critique-populaire-de-lexploitation-ce-que-devient-le-travail.html\">Nicolas Latteur : \u00abCritique populaire de l\u2019exploitation. Ce que devient le travail\u00bb&nbsp;<\/a><\/strong> (A l\u2019Encontre)<\/p>\n\n\n\n<p><a href=\"https:\/\/basta.media\/non-a-la-repression-syndicale-chez-invivo-geant-de-l-agrobusiness-anti-ecolos\" target=\"_blank\" rel=\"noreferrer noopener\">Non \u00e0 la r\u00e9pression syndicale chez InVivo, g\u00e9ant de l&rsquo;agrobusiness anti-\u00e9colos<\/a>&nbsp;(Basta!)<\/p>\n\n\n\n<p><strong><a href=\"https:\/\/www.boursorama.com\/actualite-economique\/actualites\/en-france-la-moitie-du-patrimoine-est-detenue-par-les-10-des-menages-les-plus-fortunes-67f78a56dd0eb81e6cd2c824bdfaf966\">En France, la moiti\u00e9 du patrimoine est d\u00e9tenue par les 10% des m\u00e9nages les plus fortun\u00e9s<\/a> <\/strong>(Boursorama)&nbsp;&nbsp;<\/p>\n\n\n\n<p><a href=\"https:\/\/www.boursorama.com\/actualite-economique\/actualites\/zone-euro-le-chomage-retrouve-un-plus-bas-en-janvier-7c8aaa75b8740bdf873df5d7e1e75435\"><strong>Zone euro<\/strong> : Le ch\u00f4mage retrouve un plus bas en janvier<\/a> (Reuters)<\/p>\n\n\n\n<p><\/p>\n","protected":false},"excerpt":{"rendered":"<p>30 mars Un an de prison avec sursis requis contre le secr\u00e9taire de l\u2019UD CGT 59&nbsp;: il faut faire front&nbsp;! (RP) Hausse des franchises m\u00e9dicales, fin du bouclier loyer, revalorisation des prestations sociales\u2026 Ce qui change au 1er\u00a0avril 2024 (l\u2019Humanit\u00e9) Gr\u00e8ves Social&nbsp;: chez ONELA, des salari\u00e9s en lutte pour les salaires et contre le racisme &#8230; <a title=\"Mars &#8211; Social\" class=\"read-more\" href=\"https:\/\/www.rdpemancipation.org\/?p=126193\" aria-label=\"En savoir plus sur Mars &#8211; Social\">Lire la suite<\/a><\/p>\n","protected":false},"author":1,"featured_media":0,"comment_status":"closed","ping_status":"closed","sticky":false,"template":"","format":"standard","meta":{"_lmt_disableupdate":"","_lmt_disable":"","_jetpack_memberships_contains_paid_content":false,"footnotes":""},"categories":[8],"tags":[],"class_list":["post-126193","post","type-post","status-publish","format-standard","hentry","category-social"],"modified_by":"man","jetpack_featured_media_url":"","jetpack_sharing_enabled":true,"_links":{"self":[{"href":"https:\/\/www.rdpemancipation.org\/index.php?rest_route=\/wp\/v2\/posts\/126193","targetHints":{"allow":["GET"]}}],"collection":[{"href":"https:\/\/www.rdpemancipation.org\/index.php?rest_route=\/wp\/v2\/posts"}],"about":[{"href":"https:\/\/www.rdpemancipation.org\/index.php?rest_route=\/wp\/v2\/types\/post"}],"author":[{"embeddable":true,"href":"https:\/\/www.rdpemancipation.org\/index.php?rest_route=\/wp\/v2\/users\/1"}],"replies":[{"embeddable":true,"href":"https:\/\/www.rdpemancipation.org\/index.php?rest_route=%2Fwp%2Fv2%2Fcomments&post=126193"}],"version-history":[{"count":55,"href":"https:\/\/www.rdpemancipation.org\/index.php?rest_route=\/wp\/v2\/posts\/126193\/revisions"}],"predecessor-version":[{"id":127243,"href":"https:\/\/www.rdpemancipation.org\/index.php?rest_route=\/wp\/v2\/posts\/126193\/revisions\/127243"}],"wp:attachment":[{"href":"https:\/\/www.rdpemancipation.org\/index.php?rest_route=%2Fwp%2Fv2%2Fmedia&parent=126193"}],"wp:term":[{"taxonomy":"category","embeddable":true,"href":"https:\/\/www.rdpemancipation.org\/index.php?rest_route=%2Fwp%2Fv2%2Fcategories&post=126193"},{"taxonomy":"post_tag","embeddable":true,"href":"https:\/\/www.rdpemancipation.org\/index.php?rest_route=%2Fwp%2Fv2%2Ftags&post=126193"}],"curies":[{"name":"wp","href":"https:\/\/api.w.org\/{rel}","templated":true}]}}