{"id":126191,"date":"2024-03-01T01:35:00","date_gmt":"2024-03-01T00:35:00","guid":{"rendered":"https:\/\/www.rdpemancipation.org\/?p=126191"},"modified":"2024-03-30T20:10:24","modified_gmt":"2024-03-30T19:10:24","slug":"mars-politique-4","status":"publish","type":"post","link":"https:\/\/www.rdpemancipation.org\/?p=126191","title":{"rendered":"Mars &#8211; Politique"},"content":{"rendered":"\n<p><strong><mark style=\"background-color:rgba(0, 0, 0, 0);color:#ed1010\" class=\"has-inline-color\">30 mars<\/mark><\/strong><\/p>\n\n\n\n<p><strong>France<\/strong><\/p>\n\n\n\n<p><strong><a href=\"https:\/\/www.contretemps.eu\/pourquoi-glucksmann-parti-socialiste-gauche-strategie-palombarini\/\">Pourquoi Glucksmann&nbsp;?<\/a> <\/strong>(Contretemps)<\/p>\n\n\n\n<p><a href=\"https:\/\/www.lemonde.fr\/politique\/article\/2024\/03\/30\/gabriel-attal-ou-le-coup-de-com-permanent_6225006_823448.html\">Gabriel Attal ou le coup de com permanent<\/a> (Le Monde)<\/p>\n\n\n\n<p><a href=\"https:\/\/www.lemonde.fr\/politique\/article\/2024\/03\/29\/chez-les-republicains-le-match-pour-la-presidentielle-de-2027-est-deja-lance-entre-wauquiez-et-bertrand_6224794_823448.html\">Chez Les R\u00e9publicains, le match pour la pr\u00e9sidentielle de 2027 est d\u00e9j\u00e0 lanc\u00e9 entre Wauquiez et Bertrand<\/a> (Le Monde)<\/p>\n\n\n\n<p><a href=\"https:\/\/www.lemonde.fr\/societe\/article\/2024\/03\/30\/naufrage-dans-la-manche-en-2021-des-doutes-se-font-jour-sur-le-role-de-l-armee-francaise_6225101_3224.html\">Naufrage dans la Manche&nbsp;en 2021&nbsp;: des doutes se font jour sur le r\u00f4le de l\u2019arm\u00e9e fran\u00e7aise<\/a> (Le Monde)<a href=\"https:\/\/www.lemonde.fr\/societe\/article\/2024\/03\/30\/naufrage-dans-la-manche-en-2021-des-doutes-se-font-jour-sur-le-role-de-l-armee-francaise_6225101_3224.html\"><\/a><\/p>\n\n\n\n<p><a href=\"https:\/\/reporterre.net\/Nucleaire-les-bonnes-affaires-de-Macron-au-Bresil\">Nucl\u00e9aire&nbsp;: les bonnes affaires de Macron au Br\u00e9sil<\/a> (Reporterre)<\/p>\n\n\n\n<p><strong><a href=\"https:\/\/www.off-investigation.fr\/urgences-debordeesla-basse-bretagne-mobilisee-pour-defendre-ses-hopitaux\/\">La Basse Bretagne mobilis\u00e9e pour d\u00e9fendre ses h\u00f4pitaux<\/a> <\/strong>(Off Investigation)<\/p>\n\n\n\n<p><strong><a href=\"https:\/\/www.politis.fr\/articles\/2024\/03\/assurance-chomage-cest-la-reforme-de-trop\/\" target=\"_blank\" rel=\"noreferrer noopener\">\u00ab C\u2019est la r\u00e9forme de trop ! \u00bb<\/a>\u00a0 <\/strong>(Politis)<strong><a href=\"https:\/\/www.liberation.fr\/societe\/police-justice\/au-cra-de-vincennes-de-nouveaux-soupcons-de-violences-policieres-envers-des-retenus-20240224_CE7K7KKO2NAMFELMYNNKKOQTUA\/\"><\/a><\/strong><\/p>\n\n\n\n<p><strong>Monde<\/strong><\/p>\n\n\n\n<p><strong><a href=\"https:\/\/www.rfi.fr\/fr\/monde\/20240330-les-%C3%A9tats-unis-autorisent-une-nouvelle-aide-militaire-%C3%A0-isra%C3%ABl-critiques-du-camp-d%C3%A9mocrate\">Les \u00c9tats-Unis autorisent une nouvelle aide militaire \u00e0 Isra\u00ebl, critiques du camp d\u00e9mocrate<\/a><\/strong> (RFI)<a href=\"https:\/\/www.rfi.fr\/fr\/moyen-orient\/20240330-une-nouvelle-distribution-alimentaire-meurtri%C3%A8re-dans-la-ville-de-gaza\"><\/a><\/p>\n\n\n\n<p><a href=\"https:\/\/www.rfi.fr\/fr\/moyen-orient\/20240330-une-nouvelle-distribution-alimentaire-meurtri%C3%A8re-dans-la-ville-de-gaza\">Une nouvelle distribution alimentaire meurtri\u00e8re dans la ville de Gaza<\/a> (RFI)<\/p>\n\n\n\n<p><a href=\"https:\/\/www.rfi.fr\/fr\/moyen-orient\/20240330-liban-sud-trois-militaires-onusiens-et-un-libanais-bless%C3%A9s-dans-une-explosion-attribu%C3%A9e-%C3%A0-isra%C3%ABl\">Liban-Sud : trois militaires onusiens et un Libanais bless\u00e9s dans une explosion attribu\u00e9e \u00e0 Isra\u00ebl<\/a> (RFI)<\/p>\n\n\n\n<p><a href=\"https:\/\/www.francetvinfo.fr\/monde\/europe\/manifestations-en-ukraine\/guerre-en-ukraine-pourquoi-la-russie-cible-a-nouveau-les-installations-electriques-et-energetiques_6455225.html\">Ukraine : pourquoi la Russie cible \u00e0 nouveau les installations \u00e9lectriques et \u00e9nerg\u00e9tiques<\/a> (France Info)<\/p>\n\n\n\n<p><a href=\"https:\/\/www.lemonde.fr\/afrique\/article\/2024\/03\/30\/la-somalie-adopte-le-passage-a-un-regime-presidentiel-au-suffrage-universel-direct_6225140_3212.html\">La Somalie&nbsp;adopte le passage \u00e0 un r\u00e9gime pr\u00e9sidentiel au suffrage universel direct<\/a> (Le Monde)<\/p>\n\n\n\n<p><strong>Analyse<\/strong><\/p>\n\n\n\n<p><strong><a href=\"https:\/\/www.lemonde.fr\/international\/article\/2024\/03\/30\/en-ukraine-pourquoi-l-elargissement-de-la-mobilisation-pose-t-il-autant-de-problemes_6225120_3210.html\">En Ukraine, pourquoi l\u2019\u00e9largissement de la mobilisation pose-t-il autant de probl\u00e8mes&nbsp;?<\/a><\/strong> (Le Monde)<\/p>\n\n\n\n<p><a href=\"https:\/\/www.contretemps.eu\/capitalisme-terre-communs-emancipation-agriculture\/\">Le capitalisme, la terre, les communs<\/a> (Contretemps)<\/p>\n\n\n\n<p><a href=\"https:\/\/www.lemonde.fr\/politique\/article\/2024\/03\/30\/quand-le-conseil-constitutionnel-fermait-les-yeux-sur-les-faux-electeurs-de-jean-tiberi_6225012_823448.html\">Quand le Conseil constitutionnel fermait les yeux sur les faux \u00e9lecteurs de Jean Tiberi<\/a> (Le Monde)<\/p>\n\n\n\n<p><strong><mark style=\"background-color:rgba(0, 0, 0, 0);color:#ed1010\" class=\"has-inline-color\">29 mars<\/mark><\/strong><\/p>\n\n\n\n<p><strong>France<\/strong><\/p>\n\n\n\n<p><a href=\"https:\/\/blogs.mediapart.fr\/attac\/blog\/290324\/forum-pour-la-defense-des-libertes-publiques-et-contre-le-racisme-systemique\">Forum pour la d\u00e9fense des libert\u00e9s publiques et contre le racisme syst\u00e9mique<\/a>&nbsp;(Attac)<\/p>\n\n\n\n<p><a href=\"https:\/\/www.liberation.fr\/politique\/elections\/rififi-a-reconquete-rien-ne-va-plus-entre-marion-marechal-et-eric-zemmour-20240329_H6U2LX2GGJG5DHAJXGYI5YHOCM\/\">Rififi \u00e0 Reconqu\u00eate&nbsp;: rien ne va plus entre Marion Mar\u00e9chal et Eric Zemmour<\/a> (Lib\u00e9ration)<\/p>\n\n\n\n<p><a href=\"https:\/\/www.causette.fr\/societe\/en-france\/eric-zemmour-condamne-en-appel-pour-injure-a-caractere-raciste-apres-avoir-qualifie-le-prenom-dhapsatou-sy-dinsulte-a-la-france\/\" target=\"_blank\" rel=\"noreferrer noopener\">\u00c9ric Zemmour condamn\u00e9 en appel apr\u00e8s avoir qualifi\u00e9 le pr\u00e9nom d\u2019Hapsatou Sy d&rsquo;\u201cinsulte \u00e0 la France\u201d<\/a>&nbsp; (Causette)<\/p>\n\n\n\n<p><a href=\"https:\/\/www.humanite.fr\/monde\/bande-de-gaza\/prison-avec-sursis-requise-contre-un-responsable-cgt-accuse-dapologie-du-terrorisme-un-proces-politique-selon-sophie-binet\" target=\"_blank\" rel=\"noreferrer noopener\">Prison avec sursis requise contre un responsable CGT accus\u00e9 d\u2019apologie du terrorisme : un proc\u00e8s politique selon Sophie Binet<\/a>&nbsp;(L\u2019Humanit\u00e9)<\/p>\n\n\n\n<p><a href=\"https:\/\/www.liberation.fr\/economie\/plus-de-3-000-euros-pour-faire-voyager-les-costumes-demmanuel-macron-jusqua-rio-20240329_DXLPBBYTVFFH3HHWTNKD22GLME\/\">Plus de 3&nbsp;000&nbsp;euros pour faire voyager les costumes d\u2019Emmanuel Macron jusqu\u2019\u00e0 Rio<\/a> (Lib\u00e9ration)<\/p>\n\n\n\n<p><a href=\"https:\/\/www.francetvinfo.fr\/politique\/gouvernement-de-gabriel-attal\/c-est-d-une-grande-brutalite-malaise-dans-la-majorite-apres-les-annonces-de-gabriel-attal-sur-la-reforme-de-l-assurance-chomage_6455030.html\">\u00ab\u00a0C&rsquo;est d&rsquo;une grande brutalit\u00e9\u00a0\u00bb : malaise dans la majorit\u00e9 apr\u00e8s les annonces de Gabriel Attal sur la r\u00e9forme de l&rsquo;assurance-ch\u00f4mage<\/a> (France Info)<\/p>\n\n\n\n<p><strong><a href=\"https:\/\/www.francetvinfo.fr\/politique\/parlement-francais\/assemblee-nationale\/aggravation-du-deficit-public-comment-la-tentation-d-une-taxation-des-superprofits-fait-son-chemin-au-sein-de-la-majorite-presidentielle_6452840.html\">\u00ab\u00a0la tentation\u00a0\u00bb d&rsquo;une taxation des superprofits fait son chemin au sein de la majorit\u00e9<\/a> <\/strong>(France Info)<\/p>\n\n\n\n<p><a href=\"https:\/\/www.huffingtonpost.fr\/france\/article\/piratage-des-ent-nicole-belloubet-suspend-les-messageries-dans-toutes-les-ecoles_231898.html\">La ministre de l\u2019\u00c9ducation \u00ab&nbsp;suspend&nbsp;\u00bb toutes les messageries de tous les ENT de France<\/a> (Huffpost)<\/p>\n\n\n\n<p><a href=\"https:\/\/www.lemonde.fr\/politique\/article\/2024\/03\/28\/massacre-du-17-octobre-1961-le-rassemblement-national-campe-sur-une-position-revisionniste_6224738_823448.html\">Massacre du 17&nbsp;octobre&nbsp;1961&nbsp;: le RN campe sur une position r\u00e9visionniste<\/a> (Le Monde)<\/p>\n\n\n\n<p><a href=\"https:\/\/blogs.mediapart.fr\/o-le-cour-grandmaison\/blog\/290324\/reconnaissance-des-massacres-du-17-octobre-1961-une-nouvelle-esquive\">Massacres du 17 octobre 1961&nbsp;: une nouvelle esquive<\/a>&nbsp;(O. Le Cour Grandmaison)<strong><a href=\"https:\/\/www.liberation.fr\/societe\/police-justice\/au-cra-de-vincennes-de-nouveaux-soupcons-de-violences-policieres-envers-des-retenus-20240224_CE7K7KKO2NAMFELMYNNKKOQTUA\/\"><\/a><\/strong><\/p>\n\n\n\n<p><strong>Monde<\/strong><\/p>\n\n\n\n<p><a href=\"https:\/\/www.rfi.fr\/fr\/podcasts\/aujourd-hui-l-%C3%A9conomie\/20240327-le-s%C3%A9n%C3%A9gal-devient-la-t%C3%AAte-de-pont-de-la-sortie-du-franc-cfa\"><strong>Le S\u00e9n\u00e9gal devient la t\u00eate de pont de la sortie du franc CFA<\/strong><\/a><a href=\"https:\/\/www.rfi.fr\/fr\/afrique\/20240326-pr%C3%A9sidentielle-au-s%C3%A9n%C3%A9gal-d%C3%A9cryptage-de-la-victoire-de-bassirou-diomaye-faye\">&nbsp;(RFI)<\/a><\/p>\n\n\n\n<p><a href=\"https:\/\/www.rfi.fr\/fr\/afrique\/20240326-pr%C3%A9sidentielle-au-s%C3%A9n%C3%A9gal-d%C3%A9cryptage-de-la-victoire-de-bassirou-diomaye-faye\">Pr\u00e9sidentielle au S\u00e9n\u00e9gal : d\u00e9cryptage de la victoire de Bassirou Diomaye Faye&nbsp;(RFI)<\/a><\/p>\n\n\n\n<p><a href=\"https:\/\/mondafrique.com\/limage-du-jour\/la-majorite-des-americains-hostile-a-lapolitique-israelienne\/\">55% des Am\u00e9ricains hostiles \u00e0 la politique isra\u00e9lienne<\/a> (Mondafrique)<\/p>\n\n\n\n<p><a href=\"https:\/\/www.rfi.fr\/fr\/en-bref\/20240329-netanyahu-donne-son-feu-vert-%C3%A0-un-nouveau-cycle-de-pourparlers-en-vue-d-une-tr%C3%AAve-%C3%A0-gaza\"><strong>Netanyahu donne son feu vert \u00e0 un nouveau cycle de pourparlers en vue d&rsquo;une tr\u00eave \u00e0 Gaza<\/strong><\/a> (RFI)<\/p>\n\n\n\n<p><a href=\"https:\/\/www.hrw.org\/fr\/news\/2024\/03\/28\/haiti-six-mesures-urgentes-pour-sortir-de-la-crise\" target=\"_blank\" rel=\"noreferrer noopener\"><strong>Ha\u00efti<\/strong> : Six mesures urgentes pour sortir de la crise<\/a>&nbsp; (Human Rights Watch)<\/p>\n\n\n\n<p><a href=\"https:\/\/www.cadtm.org\/Liberez-Boris-Kagarlitsky-et-les-autres-prisonniers-politiques-russes-opposes-a\" target=\"_blank\" rel=\"noreferrer noopener\">Lib\u00e9rez Boris Kagarlitsky et les autres prisonniers politiques <strong>russes<\/strong> oppos\u00e9s \u00e0 la guerre<\/a>&nbsp;(CADTM)<\/p>\n\n\n\n<p><a href=\"https:\/\/alencontre.org\/ameriques\/amelat\/bresil\/bresil-les-assassins-de-marielle-franco-et-le-complexe-milicien-immobilier-gouvernemental.html\"><strong>Br\u00e9sil<\/strong>. Les assassins de Marielle Franco et le complexe milicien-immobilier-gouvernemental<\/a> (A l\u2019Encontre)<\/p>\n\n\n\n<p><a href=\"https:\/\/orientxxi.info\/magazine\/refugies-syriens-le-pari-hasardeux-du-retour-au-pays,7179\" target=\"_blank\" rel=\"noreferrer noopener\">R\u00e9fugi\u00e9s <strong>syriens<\/strong>. Le pari hasardeux du retour au pays<\/a>&nbsp;(Orient XXI)<\/p>\n\n\n\n<p><strong>Analyse<\/strong><\/p>\n\n\n\n<p><a href=\"https:\/\/www.alternatives-economiques.fr\/feminicides-peuvent-politiques-publiques\/00110118\" target=\"_blank\" rel=\"noreferrer noopener\">F\u00e9minicides : que peuvent les politiques publiques ?<\/a>&nbsp;(Alter \u00e9co)<\/p>\n\n\n\n<p><a href=\"https:\/\/www.middleeasteye.net\/fr\/opinion-fr\/guerre-gaza-al-jazeera-revele-le-recit-du-7-octobre-que-les-medias-britanniques\">Al Jazeera r\u00e9v\u00e8le le r\u00e9cit du 7 octobre que les grands m\u00e9dias n\u00e9gligent de rapporter<\/a> (MEE)<a href=\"https:\/\/www.liberation.fr\/international\/europe\/un-front-republicain-pour-isoler-lextreme-droite-le-portugal-donne-lexemple-20240329_CFTO4AJ5OBAW3HNRTZNW7CFSPM\/\"><\/a><\/p>\n\n\n\n<p><strong><a href=\"https:\/\/www.liberation.fr\/international\/europe\/un-front-republicain-pour-isoler-lextreme-droite-le-portugal-donne-lexemple-20240329_CFTO4AJ5OBAW3HNRTZNW7CFSPM\/\">Un front r\u00e9publicain pour isoler l\u2019extr\u00eame droite&nbsp;: le Portugal donne l\u2019exemple<\/a><\/strong> (Lib\u00e9ration)<\/p>\n\n\n\n<p><a href=\"https:\/\/link.newsletter.franceculture.fr\/m\/ml\/7429\/862540\/dQcFWTsWpdtskrPd9r8NA29C5lXTLJmivm821gAfcU8=\/UwuYC+2s9YoLno--Q7WLFw+jQSdT6M+PmNngKfUvBJY=\/\" target=\"_blank\" rel=\"noreferrer noopener\">Colonisation de l&rsquo;Indochine, \u00e0 la conqu\u00eate de nouveaux march\u00e9s<\/a> (France Culture)<\/p>\n\n\n\n<p><strong><mark style=\"background-color:rgba(0, 0, 0, 0);color:#ed1010\" class=\"has-inline-color\">28 mars<\/mark><\/strong><\/p>\n\n\n\n<p><strong>France<\/strong><\/p>\n\n\n\n<p><a href=\"https:\/\/www.connaissancedesenergies.org\/afp\/elections-europeennes-marie-toussaint-veut-prendre-le-controle-des-groupes-petrogaziers-europeens-240328\">\u00c9lections europ\u00e9ennes : Marie Toussaint veut \u2018prendre le contr\u00f4le\u2019 des groupes p\u00e9trogaziers europ\u00e9ens<\/a> (AFP)<\/p>\n\n\n\n<p><strong><a href=\"https:\/\/regards.fr\/europeennes-la-gauche-et-lextreme-droite-vers-deux-records-electoraux\/\" target=\"_blank\" rel=\"noreferrer noopener\">Europ\u00e9ennes : la gauche et le RN vers deux records \u00e9lectoraux<\/a><\/strong>&nbsp;(Regards)<\/p>\n\n\n\n<p><a href=\"https:\/\/www.mediapart.fr\/journal\/ecologie\/280324\/totalenergies-quand-la-diplomatie-francaise-se-met-au-service-du-geant-petrolier-contre-le-climat\" target=\"_blank\" rel=\"noreferrer noopener\">TotalEnergies: quand la diplomatie fran\u00e7aise se met au service du g\u00e9ant p\u00e9trolier, contre le climat<\/a>&nbsp;(Mediapart)<\/p>\n\n\n\n<p><a href=\"https:\/\/www.equaltimes.org\/immigration-en-europe-la-france-a\" target=\"_blank\" rel=\"noreferrer noopener\">Immigration en Europe : la France \u00e0 la manoeuvre pour autoriser la r\u00e9tention des enfants d\u00e8s le plus jeune \u00e2ge<\/a>&nbsp;(Equal Times)<\/p>\n\n\n\n<p><a href=\"https:\/\/disclose.ngo\/fr\/article\/livraison-a-israel-dequipements-pour-mitrailleuses-la-france-entretient-lopacite\" target=\"_blank\" rel=\"noreferrer noopener\">Livraison \u00e0 Isra\u00ebl d\u2019\u00e9quipements pour mitrailleuses : la France entretient l\u2019opacit\u00e9<\/a>&nbsp;(Disclose)<\/p>\n\n\n\n<p><strong><a href=\"https:\/\/www.francetvinfo.fr\/replay-radio\/le-grand-temoin\/assurance-chomage-les-annonces-de-gabriel-attal-confirment-le-mepris-profond-du-gouvernement-envers-les-acteurs-sociaux-denonce-sophie-binet_6420376.html\">Assurance-ch\u00f4mage&nbsp;: les annonces de Gabriel Attal \u00ab\u00a0confirment le m\u00e9pris profond du gouvernement envers les acteurs sociaux\u00a0\u00bb, d\u00e9nonce Sophie Binet<\/a> <\/strong>(France Info)<\/p>\n\n\n\n<p><a href=\"https:\/\/www.huffingtonpost.fr\/politique\/article\/reforme-de-l-assurance-chomage-a-peine-annoncee-par-attal-la-mesure-fait-l-unanimite-contre-elle_231849.html\">\u00c0 peine annonc\u00e9e, la r\u00e9forme de l\u2019assurance ch\u00f4mage fait l\u2019unanimit\u00e9 contre elle<\/a> (Huffpost)<\/p>\n\n\n\n<p><a href=\"https:\/\/www.streetpress.com\/sujet\/1711544338-matthieu-cavalie-financier-ombre-extreme-droite-dieudonne-chatillon-gud\" target=\"_blank\" rel=\"noreferrer noopener\">Matthieu Cavali\u00e9, financier de l\u2019ombre de l\u2019extr\u00eame droite<\/a>&nbsp;(StreetPress)<\/p>\n\n\n\n<p><strong>Monde<\/strong><\/p>\n\n\n\n<p><a href=\"https:\/\/www.middleeasteye.net\/fr\/actu-et-enquetes\/israel-planifierait-une-operation-rafah-apres-laid-malgre-les-avertissements\">Isra\u00ebl planifierait une op\u00e9ration \u00e0 Rafah apr\u00e8s l\u2019A\u00efd, malgr\u00e9 les avertissements am\u00e9ricains<\/a> (MEE)<\/p>\n\n\n\n<p><a href=\"https:\/\/www.middleeasteye.net\/fr\/actu-et-enquetes\/les-palestiniens-continuent-de-soutenir-le-hamas-malgre-le-bilan-croissant-des\">Les Palestiniens continuent de soutenir le Hamas malgr\u00e9 le bilan croissant des victimes \u00e0 Gaza, indique un sondage<\/a> (MEE)<\/p>\n\n\n\n<p><a href=\"https:\/\/www.middleeasteye.net\/fr\/actu-et-enquetes\/les-soldats-israeliens-se-sont-comportes-comme-des-monstres-palestiniens-racontent-raid-hopital-chifa-gaza\">Des Palestiniens racontent le raid de l\u2019h\u00f4pital al-Chifa \u00e0 Gaza<\/a> (MEE)<\/p>\n\n\n\n<p><a href=\"https:\/\/www.observateurcontinental.fr\/?module=articles&amp;action=view&amp;id=5809\">Europe : les soldats et les jeunes fuient les arm\u00e9es<\/a>&nbsp;(Observateur Continental)<\/p>\n\n\n\n<p><strong>Analyse<\/strong><\/p>\n\n\n\n<p><a href=\"https:\/\/lvsl.fr\/si-assange-est-extrade-il-sera-coupable-avant-meme-davoir-ete-juge-stella-assange\/\" target=\"_blank\" rel=\"noreferrer noopener\"><strong>\u00ab Si Assange est extrad\u00e9, il sera coupable avant m\u00eame d\u2019avoir \u00e9t\u00e9 jug\u00e9 \u00bb<\/strong> \u2013 Stella Assange<\/a>&nbsp;(Le Vent Se L\u00e8ve)<\/p>\n\n\n\n<p><a href=\"https:\/\/www.contretemps.eu\/europe-guerre-esprit-1914\/\">L\u2019Europe, la guerre et \u00ab&nbsp;l\u2019esprit de 1914&nbsp;\u00bb<\/a> (Contretemps)<\/p>\n\n\n\n<p><strong><mark style=\"background-color:rgba(0, 0, 0, 0);color:#ed1010\" class=\"has-inline-color\">27 mars<\/mark><\/strong><\/p>\n\n\n\n<p><strong><a href=\"https:\/\/disclose.ngo\/fr\/article\/guerre-a-gaza-la-france-equipe-en-secret-des-mitrailleuses-utilisees-par-larmee-israelienne\">Gaza : la France a fourni en secret des \u00e9quipements de mitrailleuses utilis\u00e9es par l\u2019arm\u00e9e isra\u00e9lienne<\/a><\/strong>&nbsp;(Disclose)<\/p>\n\n\n\n<p><a href=\"https:\/\/www.blast-info.fr\/articles\/2024\/emmanuel-macron-soigne-sa-droite-anatomie-dune-photographie-olympienne-nPsq7Ou0TOajN56ykt38ow\" target=\"_blank\" rel=\"noreferrer noopener\">Emmanuel Macron soigne sa droite : anatomie d\u2019une photographie olympienne<\/a>&nbsp;(Blast)<\/p>\n\n\n\n<figure class=\"wp-block-image size-full is-resized\"><img data-recalc-dims=\"1\" loading=\"lazy\" decoding=\"async\" width=\"375\" height=\"210\" src=\"https:\/\/i0.wp.com\/www.rdpemancipation.org\/wp-content\/uploads\/2024\/03\/image-33.png?resize=375%2C210&#038;ssl=1\" alt=\"\" class=\"wp-image-127150\" style=\"width:385px;height:auto\" srcset=\"https:\/\/i0.wp.com\/www.rdpemancipation.org\/wp-content\/uploads\/2024\/03\/image-33.png?w=375&amp;ssl=1 375w, https:\/\/i0.wp.com\/www.rdpemancipation.org\/wp-content\/uploads\/2024\/03\/image-33.png?resize=300%2C168&amp;ssl=1 300w\" sizes=\"auto, (max-width: 375px) 100vw, 375px\" \/><\/figure>\n\n\n\n<p><a href=\"https:\/\/www.politis.fr\/articles\/2024\/03\/macron-saboteur-en-chef\/\" target=\"_blank\" rel=\"noreferrer noopener\">Macron, saboteur en chef<\/a>&nbsp;(Politis)<\/p>\n\n\n\n<p><a href=\"https:\/\/www.alternatives-economiques.fr\/emmanuel-macron-a-dynamite-democratie-sociale\/00110165?utm_source=emailing&amp;utm_medium=email&amp;utm_content=25032024&amp;utm_campaign=quotidien\">Comment Emmanuel Macron a dynamit\u00e9 la d\u00e9mocratie sociale<\/a>(Alter \u00e9co)<\/p>\n\n\n\n<p><a href=\"https:\/\/fr.topcor.ru\/45749-francija-terjaet-kljuchevuju-koloniju-v-afrike-senegal.html\">La France perd une colonie cl\u00e9 en Afrique (S\u00e9n\u00e9gal)<\/a>&nbsp;(Reporter)<\/p>\n\n\n\n<p><a href=\"https:\/\/link.newsletter.franceculture.fr\/m\/ml\/7429\/862133\/XGJYGwpyYqBrZvWzZsD1am9C5lXTLJmivm821gAfcU8=\/po9MjsItGhG17o5bRpwq1K2WQZ3U+h4i\/\" target=\"_blank\" rel=\"noreferrer noopener\">Dans quel \u00e9tat sont les droits en France&nbsp;?<\/a> (France Culture)<a href=\"https:\/\/www.lyonne.fr\/sens-89100\/actualites\/un-ancien-professeur-poursuivi-pour-incitation-a-la-haine-apres-la-decouverte-de-tags-anti-israel-a-sens_14470575\/\"><\/a><\/p>\n\n\n\n<p><a href=\"https:\/\/www.lyonne.fr\/sens-89100\/actualites\/un-ancien-professeur-poursuivi-pour-incitation-a-la-haine-apres-la-decouverte-de-tags-anti-israel-a-sens_14470575\/\">Un ancien professeur poursuivi pour incitation \u00e0 la haine apr\u00e8s la d\u00e9couverte de tags anti-Isra\u00ebl \u00e0 Sens<\/a> (L\u2019Yonne r\u00e9publicaine)<strong><a href=\"https:\/\/www.liberation.fr\/societe\/police-justice\/au-cra-de-vincennes-de-nouveaux-soupcons-de-violences-policieres-envers-des-retenus-20240224_CE7K7KKO2NAMFELMYNNKKOQTUA\/\"><\/a><\/strong><\/p>\n\n\n\n<p><strong>Monde<\/strong><\/p>\n\n\n\n<p><strong><a href=\"https:\/\/www.politis.fr\/articles\/2024\/03\/senegal-election-bassirou-diomaye-faye-lhonneur-dune-democratie\/\" target=\"_blank\" rel=\"noreferrer noopener\">S\u00e9n\u00e9gal : l\u2019honneur d\u2019une d\u00e9mocratie<\/a>&nbsp;<\/strong>(Politis)<\/p>\n\n\n\n<p><a href=\"https:\/\/api.indigo-net.com\/email\/RedirectionEmailing?mail=n.chevillard@noos.fr&amp;ID=598231&amp;DOCIID=109703480&amp;ENAIID=872186&amp;RETOUR=SIMPLE&amp;link=https:\/\/www.intelligenceonline.fr\/renseignement-d-etat\/2024\/03\/26\/wagner-peine-a-recruter-pour-ses-operations-africaines,110195434-eve?cxt=PUB&amp;utm_source=LMR&amp;utm_medium=email&amp;utm_campaign=AUTO_EDIT_SOM_PROS\" target=\"_blank\" rel=\"noreferrer noopener\">Wagner peine \u00e0 recruter pour ses op\u00e9rations africaines<\/a> (Intelligence Online)<\/p>\n\n\n\n<p><a href=\"https:\/\/elwatan-dz.com\/les-plans-contraries-de-washington\">Les plans contrari\u00e9s de Washington<\/a>&nbsp;(El Watan)<\/p>\n\n\n\n<p><a href=\"https:\/\/arretsurinfo.ch\/ofer-le-guantanamo-israelien-munther-amira-temoigne\/\">Isra\u00ebl. Ofer, le Guantanamo isra\u00e9lien : Munther Amira t\u00e9moigne<\/a>&nbsp;(Haaretz&nbsp;<em>via<\/em>&nbsp;Arr\u00eat sur info)<\/p>\n\n\n\n<p><a href=\"https:\/\/www.les-crises.fr\/israel-a-menti-et-presente-de-fausses-preuves-devant-la-cour-internationale-de-justice\/\">Isra\u00ebl a menti et pr\u00e9sent\u00e9 de fausses \u00ab preuves \u00bb devant la Cour Internationale de Justice<\/a>&nbsp;(Les Crises)<\/p>\n\n\n\n<p><strong>Analyse<\/strong><\/p>\n\n\n\n<p><a href=\"https:\/\/mrmondialisation.org\/consequences-liberticides-loi-separatisme\/\">Les cons\u00e9quences liberticides de la \u00ab loi s\u00e9paratisme \u00bb<\/a>&nbsp; (Mr mondialisation)<\/p>\n\n\n\n<p><strong><a href=\"https:\/\/www.cnrs.fr\/fr\/cnrsinfo\/dans-la-tete-de-vladimir-poutine\" target=\"_blank\" rel=\"noreferrer noopener\">Dans la t\u00eate de Vladimir Poutine<\/a><\/strong>&nbsp;(CNRS)<\/p>\n\n\n\n<p><a href=\"https:\/\/www.legrandsoir.info\/france-algerie-deux-siecles-d-histoire-quand-l-armee-francaise-pacifiait-au-napalm.html\">France-Alg\u00e9rie, deux si\u00e8cles d\u2019histoire. Quand l\u2019arm\u00e9e fran\u00e7aise \u00ab&nbsp;pacifiait&nbsp;\u00bb au napalm<\/a>&nbsp;(Le grand soir)<\/p>\n\n\n\n<figure class=\"wp-block-image size-full is-resized\"><img data-recalc-dims=\"1\" loading=\"lazy\" decoding=\"async\" width=\"350\" height=\"147\" src=\"https:\/\/i0.wp.com\/www.rdpemancipation.org\/wp-content\/uploads\/2024\/03\/image-32.png?resize=350%2C147&#038;ssl=1\" alt=\"\" class=\"wp-image-127146\" style=\"width:421px;height:auto\" srcset=\"https:\/\/i0.wp.com\/www.rdpemancipation.org\/wp-content\/uploads\/2024\/03\/image-32.png?w=350&amp;ssl=1 350w, https:\/\/i0.wp.com\/www.rdpemancipation.org\/wp-content\/uploads\/2024\/03\/image-32.png?resize=300%2C126&amp;ssl=1 300w\" sizes=\"auto, (max-width: 350px) 100vw, 350px\" \/><\/figure>\n\n\n\n<p><strong><mark style=\"background-color:rgba(0, 0, 0, 0);color:#ed1010\" class=\"has-inline-color\">26 mars<\/mark><\/strong><\/p>\n\n\n\n<p><strong>France<\/strong><\/p>\n\n\n\n<p><strong><a href=\"https:\/\/france3-regions.francetvinfo.fr\/provence-alpes-cote-d-azur\/bouches-du-rhone\/marseille\/le-vrai-boss-de-marseille-comment-la-cma-cgm-et-rodolphe-saade-ont-assis-leur-emprise-sur-la-ville-2945058.html\" target=\"_blank\" rel=\"noreferrer noopener\">\u00ab\u00a0Le vrai boss de Marseille\u00a0\u00bb : comment la CMA-CGM et Rodolphe Saad\u00e9 ont assis leur emprise sur la&nbsp;ville&nbsp;<\/a> <\/strong>(France Info)<\/p>\n\n\n\n<p><strong><a href=\"https:\/\/lanticapitaliste.org\/actualite\/international\/de-nouvelles-perspectives-pour-la-mobilisation-pour-la-palestine\">De nouvelles perspectives pour la mobilisation pour la Palestine<\/a><\/strong>&nbsp;(l\u2019Anticapitaliste)<\/p>\n\n\n\n<p><strong><a href=\"https:\/\/www.revue-ballast.fr\/un-an-apres-raconter-sainte-soline\/\">Un an apr\u00e8s, raconter Sainte-Soline<\/a><\/strong>&nbsp;(Ballast)<\/p>\n\n\n\n<p><a href=\"https:\/\/www.politis.fr\/articles\/2024\/03\/a-sainte-soline-et-ailleurs-les-traumatismes-oublies-des-journalistes\/\" target=\"_blank\" rel=\"noreferrer noopener\">\u00c0 Sainte-Soline et ailleurs, les traumatismes oubli\u00e9s des journalistes&nbsp;<\/a> (Politis)<\/p>\n\n\n\n<p><strong><a href=\"https:\/\/www.humanite.fr\/societe\/defenseur-des-droits\/la-defenseure-des-droits-denonce-une-fragilisation-preoccupante-de-letat-de-droit\" target=\"_blank\" rel=\"noreferrer noopener\">La D\u00e9fenseure des droits d\u00e9nonce une \u00abfragilisation pr\u00e9occupante de l\u2019\u00c9tat de droit\u00bb<\/a>&nbsp;<\/strong>(L\u2019Humanit\u00e9)<strong><a href=\"https:\/\/www.liberation.fr\/societe\/police-justice\/au-cra-de-vincennes-de-nouveaux-soupcons-de-violences-policieres-envers-des-retenus-20240224_CE7K7KKO2NAMFELMYNNKKOQTUA\/\"><\/a><\/strong><\/p>\n\n\n\n<p><strong>Monde<\/strong><\/p>\n\n\n\n<p><a href=\"https:\/\/www.francetvinfo.fr\/faits-divers\/affaire\/assange\/la-justice-britannique-demande-de-nouvelles-garanties-aux-etats-unis-pour-autoriser-l-extradition-de-julian-assange_6448504.html\">La justice britannique demande de nouvelles garanties aux Etats-Unis pour autoriser l&rsquo;extradition de Julian Assange<\/a> (France Info)<\/p>\n\n\n\n<p><a href=\"https:\/\/link.newsletter.franceculture.fr\/m\/ml\/7429\/861941\/EH5e0vItmgWKMBi4Lsaw4W9C5lXTLJmivm821gAfcU8=\/2wbCGzD9gYiq3Zv5tcpsVv4uSMip3cXkxJjIQMXST2E=\/\" target=\"_blank\" rel=\"noreferrer noopener\">Victoire \u00e9crasante de l\u2019opposition au S\u00e9n\u00e9gal&nbsp;: une d\u00e9mocratie renforc\u00e9e&nbsp;?<\/a> (France Culture)<\/p>\n\n\n\n<p><a href=\"https:\/\/www.francetvinfo.fr\/monde\/afrique\/senegal\/grand-entretien-un-partenariat-correct-qui-doit-etre-revisite-a-peine-elu-bassirou-diomaye-faye-entend-remettre-a-plat-les-relations-entre-le-senegal-et-la-france_6448528.html\">\u2018Un partenariat correct, qui doit \u00eatre revisit\u00e9\u2019&nbsp;: \u00e0 peine \u00e9lu, Bassirou Diomaye Faye entend remettre \u00e0 plat les relations entre le S\u00e9n\u00e9gal et la France<\/a> (France Info)<\/p>\n\n\n\n<p><a href=\"https:\/\/www.mediapart.fr\/journal\/international\/250324\/attentat-moscou-autopsie-d-un-echec-securitaire\" target=\"_blank\" rel=\"noreferrer noopener\">Attentat \u00e0 <strong>Moscou<\/strong> : autopsie d\u2019un \u00e9chec s\u00e9curitaire<\/a>&nbsp;(Mediapart)<\/p>\n\n\n\n<p><strong><a href=\"https:\/\/www.liberation.fr\/international\/europe\/lattentat-de-moscou-revu-et-corrige-par-poutine-20240326_CLPKYK4TK5BEXI67JFZHLFU2UU\/\">Comment Vladimir Poutine a revu et corrig\u00e9 l\u2019attentat de Moscou<\/a> <\/strong>(Lib\u00e9ration)<\/p>\n\n\n\n<p><a href=\"https:\/\/www.blast-info.fr\/articles\/2024\/deboires-financiers-et-retard-de-campagne-trump-sous-pression-EcSqu6wKRs6W0-BV4-AA5A\" target=\"_blank\" rel=\"noreferrer noopener\">D\u00e9boires financiers et retard de campagne : Trump sous pression<\/a>&nbsp;(Blast)<\/p>\n\n\n\n<p><strong><a href=\"https:\/\/www.causette.fr\/societe\/a-l-etranger\/argentine-les-meres-de-la-place-de-mai-menacees-de-disparition-par-javier-milei\/\" target=\"_blank\" rel=\"noreferrer noopener\">Argentine : les M\u00e8res de la place de Mai menac\u00e9es de disparition par Javier Milei<\/a>&nbsp;<\/strong>(Causette)<\/p>\n\n\n\n<p><strong>Analyse<\/strong><\/p>\n\n\n\n<p><a href=\"https:\/\/www.alternatives-economiques.fr\/herve-nathan\/benyamin-netanyahou-fauteur-de-guerre-perpetuelle\/00110186\" target=\"_blank\" rel=\"noreferrer noopener\">Benyamin Netanyahou, fauteur de guerre perp\u00e9tuelle<\/a>&nbsp;(Alter \u00e9co)<\/p>\n\n\n\n<p><a href=\"https:\/\/www.lemonde.fr\/afrique\/article\/2024\/03\/22\/en-algerie-la-decision-d-avancer-l-election-presidentielle-suscite-surprise-et-perplexite_6223521_3212.html\">En Alg\u00e9rie, la d\u00e9cision d\u2019avancer l\u2019\u00e9lection pr\u00e9sidentielle suscite surprise et perplexit\u00e9<\/a> (Le Monde)<\/p>\n\n\n\n<p><a href=\"https:\/\/infos.lemonde.fr\/optiext\/optiextension.dll?ID=u23uXZN50XL5czsDk47Bz0UG_NeYm9KrX1jT_2vpz_E1TpvK9RL2FyBrsFYu7rZmZi%2BKyYsZrK85yy6UTdk6tT4kCBkotSxfp81U66uI\" target=\"_blank\" rel=\"noreferrer noopener\">Aux sources de la ferveur des chr\u00e9tiens \u00e9vang\u00e9liques envers Isra\u00ebl<\/a> (Le Monde)<\/p>\n\n\n\n<p><strong><mark style=\"background-color:rgba(0, 0, 0, 0);color:#ed1010\" class=\"has-inline-color\">24 et 25 mars<\/mark><\/strong><\/p>\n\n\n\n<p><strong>France<\/strong><\/p>\n\n\n\n<p><a href=\"https:\/\/www.francetvinfo.fr\/france\/guyane-francaise\/temoignage-les-internats-de-la-honte-en-guyane-je-suis-oblige-de-traduire-un-francais-pour-comprendre-ma-famille-resume-un-ex-pensionnaire_6442882.html#xtor=RSS-3-%5Bgeneral%5D\">Guyane : un ex-pensionnaire, s\u00e9par\u00e9 de sa famille d\u00e8s l&rsquo;enfance, d\u00e9nonce \u2018une acculturation forc\u00e9e<\/a>\u2019&nbsp;(France Info)<\/p>\n\n\n\n<p><strong><a href=\"https:\/\/www.arretsurimages.net\/chroniques\/obsessions\/rodolphe-saade-revelateur-dilliberalisme\">Rodolphe Saad\u00e9, r\u00e9v\u00e9lateur d&rsquo;illib\u00e9ralisme<\/a>&nbsp;<\/strong>(Arr\u00eat sur image)<\/p>\n\n\n\n<p><strong><a href=\"https:\/\/www.rfi.fr\/fr\/podcasts\/chronique-des-m%C3%A9dias\/20240322-les-grands-m%C3%A9dias-d%C3%A9tenus-par-une-poign%C3%A9e-d-industriels-une-exception-fran%C3%A7aise\">Les grands m\u00e9dias d\u00e9tenus par une poign\u00e9e d\u2019industriels, une exception fran\u00e7aise<\/a>&nbsp;<\/strong>(RFI)<\/p>\n\n\n\n<p><a href=\"https:\/\/www.vududroit.com\/2024\/03\/emmanuel-macron-en-mode-chihuahua-guerrier\/\">Emmanuel Macron en mode chihuahua guerrier&nbsp;<\/a>(Vu du droit)<\/p>\n\n\n\n<p><a href=\"https:\/\/www.middleeasteye.net\/fr\/actu-et-enquetes\/france-dans-les-manuels-scolaires-dhistoire-il-est-encore-question-du-role-positif\">Dans les manuels scolaires d\u2019histoire, il est encore question du r\u00f4le positif de la colonisation<\/a>&nbsp;(MEE)<\/p>\n\n\n\n<p><a href=\"https:\/\/www.francetvinfo.fr\/france\/occitanie\/herault\/agde-le-maire-et-une-voyante-ecroues-dans-une-affaire-de-detournement-de-fonds_6441019.html#xtor=RSS-3-%5Bgeneral%5D\">Agde : le maire et une voyante \u00e9crou\u00e9s dans une affaire de d\u00e9tournement de fonds<\/a>&nbsp;(France Info)<strong><a href=\"https:\/\/www.liberation.fr\/societe\/police-justice\/au-cra-de-vincennes-de-nouveaux-soupcons-de-violences-policieres-envers-des-retenus-20240224_CE7K7KKO2NAMFELMYNNKKOQTUA\/\"><\/a><\/strong><\/p>\n\n\n\n<p><strong>Monde<\/strong><\/p>\n\n\n\n<p><strong><a href=\"https:\/\/www.liberation.fr\/international\/afrique\/presidentielle-au-senegal-lopposant-bassirou-diomaye-faye-en-tete-selon-les-premieres-tendances-20240324_SCREUQWQ4BH4ZJBIUILD4UZI6U\/\">S\u00e9n\u00e9gal&nbsp;: l\u2019opposant Bassirou Diomaye Faye, sorti de prison il y a dix jours, \u00e9lu d\u00e8s le premier tour<\/a><\/strong> (Lib\u00e9ration, acc\u00e8s libre)<\/p>\n\n\n\n<p><a href=\"https:\/\/www.boursorama.com\/actualite-economique\/actualites\/le-hamas-salue-le-vote-de-l-onu-pret-a-un-echange-de-prisonniers-avec-israel-3c87d718c73a0e9e798809a358ba1078\">Le Hamas salue le vote de l&rsquo;Onu, pr\u00eat \u00e0 un \u00e9change de prisonniers avec Isra\u00ebl<\/a>&nbsp;(Reuters)<\/p>\n\n\n\n<p><strong><a href=\"https:\/\/www.rfi.fr\/fr\/moyen-orient\/20240325-le-conseil-de-s%C3%A9curit%C3%A9-de-l-onu-adopte-une-r%C3%A9solution-pour-un-cessez-le-feu-imm%C3%A9diat-%C3%A0-gaza\">Le Conseil de s\u00e9curit\u00e9 de l&rsquo;ONU adopte une r\u00e9solution pour un cessez-le-feu imm\u00e9diat \u00e0 Gaza<\/a><\/strong> (RFI)<\/p>\n\n\n\n<p><a href=\"https:\/\/www.rfi.fr\/fr\/moyen-orient\/20240323-antonio-guterres-%C3%A0-rafah-il-faut-faire-taire-les-armes-dans-la-bande-de-gaza\">Antonio Guterres \u00e0 Rafah : \u00abFaire taire les armes\u00bb dans la bande de Gaza<\/a> (RFI)<\/p>\n\n\n\n<p><a href=\"https:\/\/link.newsletter.franceculture.fr\/m\/ml\/7429\/861725\/mtk2ZDODBs9SsWtBtkwVRW9C5lXTLJmivm821gAfcU8=\/Q7FQn3TsphHImw3KqCLU6lp-EHI1Wb-+-zfuWIeDQRA=\/\" target=\"_blank\" rel=\"noreferrer noopener\">Attentat \u00e0 Moscou&nbsp;: des r\u00e9percussions hautement politiques pour Vladimir Poutine&nbsp;?<\/a> (France Culture)<\/p>\n\n\n\n<p><strong><a href=\"https:\/\/www.liberation.fr\/international\/europe\/attentat-pres-de-moscou-dans-le-deni-poutine-accuse-lukraine-20240324_KOYTJ5U4OZAK7JJOBWTS5SRBJM\/\">Attentat \u00e0 Moscou&nbsp;: dans le d\u00e9ni, Poutine accuse l\u2019Ukraine<\/a><\/strong> (Lib\u00e9ration)<\/p>\n\n\n\n<p><a href=\"https:\/\/www.liberation.fr\/international\/quest-ce-que-lei-k-cette-filiale-de-letat-islamique-qui-pourrait-etre-derriere-lattaque-terroriste-dune-salle-de-concert-pres-de-moscou-20240323_KFZXNM6XRBB3JCFJRQ3G2BXV74\/\">Qu\u2019est-ce que l\u2019EI-K, filiale de l\u2019Etat islamique qui pourrait \u00eatre derri\u00e8re l\u2019attaque terroriste \u00e0 Moscou ?<\/a> (Lib\u00e9ration, acc\u00e8s libre)<\/p>\n\n\n\n<p><a href=\"https:\/\/www.liberation.fr\/international\/europe\/nationalite-itineraire-interrogatoires-ce-que-lon-sait-des-suspects-de-lattaque-de-moscou-arretes-en-russie-20240323_YXKL3VJE6BFIXOUTITSNRNGCNY\/\">Nationalit\u00e9, itin\u00e9raire, interrogatoires&nbsp;: ce que l\u2019on sait des suspects de l\u2019attaque de Moscou arr\u00eat\u00e9s en <strong>Russie<\/strong><\/a> (Lib\u00e9ration, acc\u00e8s libre)<\/p>\n\n\n\n<p><a href=\"https:\/\/radio-m.net\/des-milliers-de-marocains-reclament-la-fin-de-la-guerre-et-du-siege-a-gaza\/\">Des milliers de <strong>Marocains<\/strong> r\u00e9clament la fin de la guerre et du si\u00e8ge \u00e0 Gaza<\/a> (Radio M)<\/p>\n\n\n\n<p><a href=\"https:\/\/radio-m.net\/lespagne-lirlande-malte-et-la-slovenie-oeuvrent-a-la-reconnaissance-de-letat-palestinien-au-sein-de-lue\/\">L\u2019Espagne, l\u2019Irlande, Malte et la Slov\u00e9nie \u0153uvrent \u00e0 la reconnaissance de l\u2019<strong>\u00c9tat palestinien<\/strong> au &nbsp;sein de l\u2019UE<\/a> (Radio M)<\/p>\n\n\n\n<p><a href=\"https:\/\/www.zonebourse.com\/actualite-bourse\/Israel-annonce-la-saisie-de-800-hectares-de-terres-en-Cisjordanie-46264055\/\">Isra\u00ebl annonce la saisie de 800 hectares de terres en <strong>Cisjordanie<\/strong><\/a>&nbsp;(Zone bourse)<\/p>\n\n\n\n<p><a href=\"https:\/\/arretsurinfo.ch\/les-chaines-israeliennes-diffusent-des-videos-montrant-les-tortures-infligees-aux-palestiniens\/\">Les cha\u00eenes <strong>isra\u00e9liennes<\/strong> diffusent des vid\u00e9os montrant les tortures inflig\u00e9es aux Palestiniens<\/a>&nbsp;(Arr\u00eat sur info)<\/p>\n\n\n\n<p><a href=\"https:\/\/www.courrierinternational.com\/article\/politique-l-arrestation-du-ministre-en-chef-de-new-delhi-signe-du-declin-de-la-democratie-indienne?xtor=EREC-20-20240322-3-nl_quotidienne\"><strong>Inde<\/strong>. L\u2019arrestation du ministre en chef de New Delhi, signe du \u201cd\u00e9clin de la d\u00e9mocratie\u201d indienne<\/a>&nbsp;(Courrier international)<\/p>\n\n\n\n<p><a href=\"https:\/\/www.courrierinternational.com\/article\/guerre-les-etats-unis-appellent-kiev-a-la-retenue-envers-les-raffineries-de-petrole-russes?xtor=EREC-20-20240322-1-nl_quotidienne\">Les <strong>\u00c9tats-Unis<\/strong> appellent Kiev \u00e0 la retenue envers les raffineries de p\u00e9trole russes<\/a>&nbsp;(Courrier international)<\/p>\n\n\n\n<p><strong>Analyse<\/strong><\/p>\n\n\n\n<p><a href=\"https:\/\/www.hrw.org\/fr\/news\/2024\/03\/19\/israel-les-assurances-dutiliser-legalement-les-armes-americaines-sont-peu-credibles\"><strong>Isra\u00ebl<\/strong> : Les assurances d\u2019utiliser l\u00e9galement les armes am\u00e9ricaines sont peu cr\u00e9dibles<\/a> (HRW)<\/p>\n\n\n\n<p><a href=\"https:\/\/www.francetvinfo.fr\/monde\/proche-orient\/israel-palestine\/gaza-human-rights-watch-et-oxfam-accusent-israel-d-utiliser-des-armes-americaines-en-violation-des-regles-du-droit-international_6436537.html#xtor=RSS-3-%5Bgeneral%5D\">HRW et Oxfam accusent Isra\u00ebl d&rsquo;utiliser des armes am\u00e9ricaines en violation des r\u00e8gles du droit international<\/a>&nbsp;(France Info)<\/p>\n\n\n\n<p><em><strong>&lsquo;<a href=\"https:\/\/www.blast-info.fr\/articles\/2024\/le-monde-gaza-et-les-banlieues-tQy9GBlXQeinEoOINxsg0w\" target=\"_blank\" rel=\"noreferrer noopener\">Le Monde&rsquo;<\/a><\/strong><\/em><a href=\"https:\/\/www.blast-info.fr\/articles\/2024\/le-monde-gaza-et-les-banlieues-tQy9GBlXQeinEoOINxsg0w\" target=\"_blank\" rel=\"noreferrer noopener\"><strong>, Gaza et les \u00ab banlieues \u00bb<\/strong><\/a>&nbsp;(Blast)<\/p>\n\n\n\n<figure class=\"wp-block-image size-large is-resized\"><img data-recalc-dims=\"1\" loading=\"lazy\" decoding=\"async\" width=\"1024\" height=\"573\" src=\"https:\/\/i0.wp.com\/www.rdpemancipation.org\/wp-content\/uploads\/2024\/03\/image-30.png?resize=1024%2C573&#038;ssl=1\" alt=\"\" class=\"wp-image-127047\" style=\"width:297px;height:auto\" srcset=\"https:\/\/i0.wp.com\/www.rdpemancipation.org\/wp-content\/uploads\/2024\/03\/image-30.png?resize=1024%2C573&amp;ssl=1 1024w, https:\/\/i0.wp.com\/www.rdpemancipation.org\/wp-content\/uploads\/2024\/03\/image-30.png?resize=300%2C168&amp;ssl=1 300w, https:\/\/i0.wp.com\/www.rdpemancipation.org\/wp-content\/uploads\/2024\/03\/image-30.png?resize=768%2C430&amp;ssl=1 768w, https:\/\/i0.wp.com\/www.rdpemancipation.org\/wp-content\/uploads\/2024\/03\/image-30.png?w=1125&amp;ssl=1 1125w\" sizes=\"auto, (max-width: 1024px) 100vw, 1024px\" \/><\/figure>\n\n\n\n<p><strong><mark style=\"background-color:rgba(0, 0, 0, 0);color:#ed1010\" class=\"has-inline-color\">23 mars<\/mark><\/strong><\/p>\n\n\n\n<p><strong>France<\/strong><\/p>\n\n\n\n<p><a href=\"https:\/\/www.blast-info.fr\/emissions\/2024\/ventes-darmes-a-linde-larabie-saoudite-israel-etc-une-honte-macroniste-85VDkvoMSgqVZMT6P-Pmng\" target=\"_blank\" rel=\"noreferrer noopener\">Ventes d&rsquo;armes \u00e0 l&rsquo;Inde, l&rsquo;Arabie Saoudite, Isra\u00ebl, etc. : une honte macroniste<\/a>&nbsp;(Blast)<\/p>\n\n\n\n<p><a href=\"https:\/\/www.off-investigation.fr\/autoroute-a69lextreme-droite-contre-lenvironnement\/\" target=\"_blank\" rel=\"noreferrer noopener\"><strong>Autoroute A69. L\u2019extr\u00eame droite contre l\u2019environnement ?<\/strong><\/a>&nbsp;(Off Investigation)<\/p>\n\n\n\n<p><a href=\"https:\/\/www.off-investigation.fr\/on-a-detruit-en-partie-ma-vielinterview-de-serge-duteuil-graziani\/\" target=\"_blank\" rel=\"noreferrer noopener\">La lutte est devenue dangereuse, mais ne pas lutter, c\u2019est encore plus dangereux. L\u2019interview de Serge Duteuil Graziani, survivant de Sainte-Soline<\/a>&nbsp;(Off Investigation)<a href=\"https:\/\/www.liberation.fr\/societe\/police-justice\/au-cra-de-vincennes-de-nouveaux-soupcons-de-violences-policieres-envers-des-retenus-20240224_CE7K7KKO2NAMFELMYNNKKOQTUA\/\"><\/a><\/p>\n\n\n\n<p><strong>Monde<\/strong><\/p>\n\n\n\n<p><strong><a href=\"https:\/\/mondafrique.com\/video\/elections-presidentielles-au-senegal-les-senegalais-aux-urnes-ce-24-mars-2024\/\">Elections pr\u00e9sidentielles&nbsp;: les S\u00e9n\u00e9galais aux urnes ce 24 mars<\/a> <\/strong>(Mondafrique)<\/p>\n\n\n\n<p><a href=\"https:\/\/orientxxi.info\/dossiers-et-series\/ce-qui-rend-les-israeliens-furieux-c-est-que-le-hamas-est-toujours-la,7164\" target=\"_blank\" rel=\"noreferrer noopener\">\u00ab&nbsp;Ce qui rend les Isra\u00e9liens furieux, c&rsquo;est que le Hamas est toujours l\u00e0&nbsp;\u00bb<\/a>&nbsp; (Orient XXI)<\/p>\n\n\n\n<p><a href=\"https:\/\/alencontre.org\/moyenorient\/palestine\/temoignage-dun-prisonnier-palestinien-quand-les-prisons-israeliennes-ressemblent-a-celle-de-guantanamo.html\">T\u00e9moignage d\u2019un prisonnier palestinien: \u00abQuand les prisons isra\u00e9liennes ressemblent \u00e0 celle de Guantanamo\u00bb<\/a> (A l\u2019encontre)<\/p>\n\n\n\n<p><a href=\"https:\/\/basta.media\/En-Russie-et-ailleurs-journalistes-sous-cybermenace-elections\" target=\"_blank\" rel=\"noreferrer noopener\">En Russie et ailleurs, les journalistes sous la cybermenace en p\u00e9riode d&rsquo;\u00e9lections<\/a>&nbsp;(Basta!)<\/p>\n\n\n\n<p><a><\/a><a href=\"https:\/\/lvsl.fr\/gaza-derriere-les-massacres-les-profiteurs-de-guerre\/\" target=\"_blank\" rel=\"noreferrer noopener\"><strong>Gaza : derri\u00e8re les massacres, les profiteurs de guerre<\/strong><\/a>&nbsp;(Le Vent Se L\u00e8ve)<\/p>\n\n\n\n<p><strong>Analyse<\/strong><\/p>\n\n\n\n<p><a href=\"https:\/\/elucid.media\/societe\/bernard-friot-classe-dirigeante-nous-ecrase-par-pouvoir-sur-travail\">La classe dirigeante nous \u00e9crase par son pouvoir sur le travail !<\/a> (Elucid)<\/p>\n\n\n\n<p><strong><a href=\"https:\/\/elucid.media\/politique\/emmanuel-macron-ukraine-incompetence-strategique-sommet-etat\">Emmanuel Macron et l&rsquo;Ukraine : l\u2019incomp\u00e9tence strat\u00e9gique au sommet de l\u2019\u00c9tat<\/a> <\/strong>(Elucid)<\/p>\n\n\n\n<figure class=\"wp-block-image size-large is-resized\"><img data-recalc-dims=\"1\" loading=\"lazy\" decoding=\"async\" width=\"1024\" height=\"575\" src=\"https:\/\/i0.wp.com\/www.rdpemancipation.org\/wp-content\/uploads\/2024\/03\/image-27.png?resize=1024%2C575&#038;ssl=1\" alt=\"\" class=\"wp-image-127012\" style=\"width:413px;height:auto\" srcset=\"https:\/\/i0.wp.com\/www.rdpemancipation.org\/wp-content\/uploads\/2024\/03\/image-27.png?resize=1024%2C575&amp;ssl=1 1024w, https:\/\/i0.wp.com\/www.rdpemancipation.org\/wp-content\/uploads\/2024\/03\/image-27.png?resize=300%2C169&amp;ssl=1 300w, https:\/\/i0.wp.com\/www.rdpemancipation.org\/wp-content\/uploads\/2024\/03\/image-27.png?resize=768%2C432&amp;ssl=1 768w, https:\/\/i0.wp.com\/www.rdpemancipation.org\/wp-content\/uploads\/2024\/03\/image-27.png?w=1500&amp;ssl=1 1500w\" sizes=\"auto, (max-width: 1024px) 100vw, 1024px\" \/><\/figure>\n\n\n\n<p><strong><mark style=\"background-color:rgba(0, 0, 0, 0);color:#ed1010\" class=\"has-inline-color\">22 mars<\/mark><\/strong><\/p>\n\n\n\n<p><strong>France<\/strong><\/p>\n\n\n\n<p><strong><a href=\"https:\/\/www.boursorama.com\/actualite-economique\/actualites\/derapage-du-deficit-public-yael-braun-pivet-propose-une-reflexion-sur-une-taxation-exceptionnelle-des-superprofits-des-grandes-entreprises-ef77b188e696c55a1f9909d20a07ae07\">Ya\u00ebl Braun-Pivet propose une r\u00e9flexion sur une taxation \u2018exceptionnelle\u2019 des \u2018superprofits\u2019 des grandes entreprises<\/a> <\/strong>(Boursorama)<strong>&nbsp;&nbsp;<\/strong><\/p>\n\n\n\n<p><strong><a href=\"https:\/\/www.boursorama.com\/actualite-economique\/actualites\/deficit-public-bruno-le-maire-ecarte-la-piste-d-une-taxation-des-superprofits-441e75c21398310e6160d82140317dbd\">Bruno Le Maire \u00e9carte cette piste d&rsquo;une taxation des \u00ab\u00a0superprofits\u00a0\u00bb<\/a> <\/strong>(Boursorama)&nbsp;&nbsp;<\/p>\n\n\n\n<p><strong><a href=\"https:\/\/Les%20franco-Israelien%20auteurs%20d\u2019exactions%20peuvent-ils%20\u00eatre%20poursuivis%20en%20France&nbsp;?\">Les Franco-Isra\u00e9liens auteurs d\u2019exactions peuvent-ils \u00eatre poursuivis en France&nbsp;?<\/a><\/strong> (RFI)<\/p>\n\n\n\n<p><a href=\"https:\/\/blogs.mediapart.fr\/histoire-coloniale-et-postcoloniale\/blog\/220324\/algerie-palestine-nouvelle-provocation-raciste-de-louis-aliot-perpignan\">Alg\u00e9rie-Palestine&nbsp;: nouvelle provocation raciste de Louis Aliot \u00e0 Perpignan<\/a>&nbsp;(Histoire coloniale et postcoloniale)<\/p>\n\n\n\n<p><a href=\"https:\/\/blogs.mediapart.fr\/observatoire-international-des-prisons-section-francaise\/blog\/220324\/lobservatoire-international-des-prisons-menace\">L&rsquo;Observatoire international des prisons menac\u00e9<\/a>&nbsp;(Observatoire international des prisons &#8211; section fran\u00e7aise)<\/p>\n\n\n\n<p><a href=\"https:\/\/www.blast-info.fr\/articles\/2024\/jugee-terroriste-linterminable-jour-dapres-3_95U3k9QHunAqQOrfiG9A\" target=\"_blank\" rel=\"noreferrer noopener\">Jug\u00e9e \u00ab terroriste \u00bb : l&rsquo;interminable jour d&rsquo;apr\u00e8s<\/a>&nbsp;(Blast)<a href=\"https:\/\/www.liberation.fr\/societe\/police-justice\/au-cra-de-vincennes-de-nouveaux-soupcons-de-violences-policieres-envers-des-retenus-20240224_CE7K7KKO2NAMFELMYNNKKOQTUA\/\"><\/a><\/p>\n\n\n\n<p><strong>Monde<\/strong><\/p>\n\n\n\n<p><a href=\"https:\/\/www.francetvinfo.fr\/monde\/proche-orient\/israel-palestine\/guerre-entre-israel-et-le-hamas-comment-les-etats-unis-ont-fini-par-inflechir-leur-position-sur-un-cessez-le-feu-a-gaza_6440008.html\">Comment les Etats-Unis ont fini par infl\u00e9chir leur position sur un cessez-le-feu \u00e0 <strong>Gaza<\/strong><\/a> (France Info)<\/p>\n\n\n\n<p><a href=\"https:\/\/www.francetvinfo.fr\/monde\/proche-orient\/israel-palestine\/guerre-israel-hamas-la-russie-et-la-chine-opposent-leur-veto-a-la-resolution-americaine-pour-un-cessez-le-feu-immediat-au-conseil-de-securite-de-l-onu_6440518.html\">La Russie et la Chine opposent leur veto \u00e0 la r\u00e9solution am\u00e9ricaine pour un cessez-le-feu \u00ab\u00a0imm\u00e9diat\u00a0\u00bb<\/a> (France Info)<\/p>\n\n\n\n<p><a href=\"https:\/\/www.middleeasteye.net\/fr\/actu-et-enquetes\/guerre-gaza-netanyahou-suggere-que-le-nouveau-port-construit-par-les-etats-unis\"><strong>Gaza<\/strong> : Netanyahou sugg\u00e8re que le nouveau port construit par les \u00c9tats-Unis pourrait aider \u00e0 expulser les Palestiniens<\/a> (MEE)<\/p>\n\n\n\n<p><strong><a href=\"https:\/\/www.middleeasteye.net\/fr\/actu-et-enquetes\/guerre-gaza-jared-kushner-fait-leloge-du-potentiel-immobilier-de-lenclave\">Gaza&nbsp;: Jared Kushner fait l\u2019\u00e9loge du potentiel immobilier de l\u2019enclave et appelle \u00e0 expulser les civils<\/a> <\/strong>(MEE)<\/p>\n\n\n\n<p><a href=\"https:\/\/www.middleeasteye.net\/fr\/actu-et-enquetes\/les-armes-israeliennes-au-service-du-maroc-pour-reprimer-le-sahara-occidental\">Les armes isra\u00e9liennes au service du <strong>Maroc<\/strong> pour r\u00e9primer le <strong>Sahara occidental<\/strong><\/a> (MEE)<\/p>\n\n\n\n<p><a href=\"https:\/\/www.rfi.fr\/fr\/afrique\/20240322-une-fosse-commune-avec-au-moins-65-corps-de-migrants-d%C3%A9couverte-en-libye\">Une \u00abfosse commune\u00bb avec au moins 65 corps de migrants d\u00e9couverte en <strong>Libye<\/strong><\/a> (RFI)<\/p>\n\n\n\n<p><a href=\"https:\/\/alencontre.org\/ameriques\/amelat\/haiti\/la-crise-haitienne-violence-des-gangs-et-effondrement-de-letat.html\">\u00ab<strong>La crise ha\u00eftienne: <\/strong>violence des gangs et effondrement de l\u2019Etat\u00bb<\/a> (A l\u2019Encontre)<\/p>\n\n\n\n<p><strong>Analyse<\/strong><\/p>\n\n\n\n<p><a href=\"https:\/\/www.lemediatv.fr\/emissions\/2024\/face-a-macron-et-la-bourgeoisie-on-fait-quoi-maintenant-g5ABQQ8qSBuRYmCrR04E3Q\" target=\"_blank\" rel=\"noreferrer noopener\">Face \u00e0 Macron et la bourgeoisie : on fait quoi maintenant ?<\/a>&nbsp;(Le M\u00e9dia)<\/p>\n\n\n\n<p><a href=\"https:\/\/www.blast-info.fr\/articles\/2024\/macron-saade-la-nouvelle-ligne-editoriale-7HK89v00RG2cv8fhkueoPA\" target=\"_blank\" rel=\"noreferrer noopener\">Macron-Saad\u00e9, la nouvelle ligne \u00e9ditoriale<\/a>&nbsp;(Blast)<\/p>\n\n\n\n<figure class=\"wp-block-image size-full is-resized\"><img data-recalc-dims=\"1\" loading=\"lazy\" decoding=\"async\" width=\"586\" height=\"328\" src=\"https:\/\/i0.wp.com\/www.rdpemancipation.org\/wp-content\/uploads\/2024\/03\/image-23.png?resize=586%2C328&#038;ssl=1\" alt=\"\" class=\"wp-image-126954\" style=\"width:456px;height:auto\" srcset=\"https:\/\/i0.wp.com\/www.rdpemancipation.org\/wp-content\/uploads\/2024\/03\/image-23.png?w=586&amp;ssl=1 586w, https:\/\/i0.wp.com\/www.rdpemancipation.org\/wp-content\/uploads\/2024\/03\/image-23.png?resize=300%2C168&amp;ssl=1 300w\" sizes=\"auto, (max-width: 586px) 100vw, 586px\" \/><\/figure>\n\n\n\n<p><strong><mark style=\"background-color:rgba(0, 0, 0, 0);color:#ed1010\" class=\"has-inline-color\">21 mars<\/mark><\/strong><\/p>\n\n\n\n<p><strong>France<\/strong><\/p>\n\n\n\n<p><a href=\"https:\/\/www.francetvinfo.fr\/economie\/commerce\/ceta\/ratification-du-ceta-que-va-t-il-se-passer-apres-le-rejet-par-le-senat-de-l-accord-de-libre-echange-entre-l-ue-et-le-canada_6438007.html\"><strong>Ratification du Ceta&nbsp;: que va-t-il se passer apr\u00e8s le rejet par le S\u00e9nat de l&rsquo;accord de libre-\u00e9change entre l&rsquo;UE et le Canada&nbsp;<\/strong>?<\/a> (France Info)<\/p>\n\n\n\n<p><a href=\"https:\/\/www.francetvinfo.fr\/economie\/commerce\/ceta\/c-est-un-coup-politique-comment-le-vote-au-senat-sur-la-ratification-du-ceta-s-est-transforme-en-piege-pour-la-majorite_6436147.html\">\u00ab\u00a0C&rsquo;est un coup politique\u00a0\u00bb&nbsp;: comment le vote au S\u00e9nat sur la ratification du Ceta s&rsquo;est transform\u00e9 en pi\u00e8ge pour la majorit\u00e9<\/a> (France Info)<\/p>\n\n\n\n<p><a href=\"https:\/\/www.youtube.com\/watch?v=JI4wWMj09Lk\" target=\"_blank\" rel=\"noreferrer noopener\">Eric Coquerel : mort de Wanys et \u00abattaques\u00bb du Commissariat de La Courneuve<\/a>&nbsp;(France 2)<\/p>\n\n\n\n<p><a href=\"https:\/\/www.youtube.com\/watch?v=G4er4mLsMac\" target=\"_blank\" rel=\"noreferrer noopener\">Vous n&rsquo;existez plus<\/a>&nbsp;&#8211; Fran\u00e7ois Ruffin \u00e0 l\u2019Assembl\u00e9e (Vid\u00e9o)<\/p>\n\n\n\n<p><a href=\"https:\/\/www.youtube.com\/watch?v=fEISUe-hPkk\" target=\"_blank\" rel=\"noreferrer noopener\">Question Nupes au gouvernement. \u2018Votre Gouvernement a une grande responsabilit\u00e9 dans ces drames\u2019<\/a>&nbsp;(La Nupes)<\/p>\n\n\n\n<p><a href=\"https:\/\/basta.media\/Ecoutes-geolocalisations-de-plus-en-plus-de-personnes-sont-surveillees-en-France\"><strong>Ecoutes, g\u00e9olocalisations&nbsp;: de plus en plus de personnes sont surveill\u00e9es en France<\/strong><\/a>&nbsp;(Basta!)<\/p>\n\n\n\n<p><a href=\"https:\/\/www.youtube.com\/watch?v=tXxR7Fvq1T4\"><strong>S\u00e9n\u00e9gal&nbsp;: fin de partie pour l&rsquo;imp\u00e9rialisme fran\u00e7ais ?<\/strong><\/a>(Actu R\u00e9fractaire)<\/p>\n\n\n\n<p><a href=\"https:\/\/juste-milieu.fr\/rodolphe-saade-un-proche-de-macron-nouveau-roi-des-medias\/?utm_source=sfmc&amp;utm_medium=email&amp;utm_campaign=354+-+M%C3%A9dias++pire+que+Bollor%C3%A9&amp;isBat=false&amp;d=JUM_Hors_GNT&amp;sk=cGhpbGlwcGUubGFuZG9uQGhvdG1haWwuZnI=&amp;e=8d889665b19d91074f38f6d7dc1dbb1106f3018952c8c62dee38bb7e7d296535&amp;j=2595033&amp;l=491&amp;b=8003&amp;sid=4258623&amp;senddate=2024-03-19\">Rodolphe Saad\u00e9 : un proche de Macron nouveau roi des m\u00e9dias<\/a>&nbsp;(Juste Milieu)<\/p>\n\n\n\n<p><a href=\"https:\/\/www.liberation.fr\/societe\/police-justice\/au-cra-de-vincennes-de-nouveaux-soupcons-de-violences-policieres-envers-des-retenus-20240224_CE7K7KKO2NAMFELMYNNKKOQTUA\/\"><\/a><\/p>\n\n\n\n<p><strong>Monde<\/strong><\/p>\n\n\n\n<p><a href=\"https:\/\/www.francetvinfo.fr\/monde\/proche-orient\/israel-palestine\/direct-guerre-israel-hamas-les-etats-unis-ont-presente-un-projet-de-resolution-a-l-onu-pour-un-cessez-le-feu-immediat-a-gaza_6437758.html\">4 Palestiniens tu\u00e9s dans une op\u00e9ration de l&rsquo;arm\u00e9e isra\u00e9lienne en <strong>Cisjordanie <\/strong>occup\u00e9e<\/a> (Le direct de France Info)<\/p>\n\n\n\n<p><a href=\"https:\/\/www.liberation.fr\/international\/guerre-hamas-israel-les-etats-unis-presentent-a-lonu-un-projet-de-cessez-le-feu-immediat-20240321_FS3IBQFZ3FEULM5KUFJIDTDWW4\/\"><strong>Gaza&nbsp;: les Etats-Unis pr\u00e9sentent \u00e0 l\u2019ONU un projet de \u00abcessez-le-feu imm\u00e9diat\u00bb<\/strong><\/a> (Lib\u00e9ration, en clair)<\/p>\n\n\n\n<p><a href=\"https:\/\/www.rfi.fr\/fr\/am%C3%A9riques\/20240320-gaza-le-canada-d%C3%A9clare-stopper-ses-exportations-d-armes-vers-isra%C3%ABl\" target=\"_blank\" rel=\"noreferrer noopener\">Le <strong>Canada<\/strong> d\u00e9clare stopper ses exportations d&rsquo;armes vers <strong>Isra\u00ebl<\/strong><\/a>&nbsp;(RFI)<\/p>\n\n\n\n<p><a href=\"https:\/\/www.politis.fr\/articles\/2024\/03\/lunion-europeenne-offre-200-millions-deuros-a-legypte-pour-retenir-les-migrants\/\" target=\"_blank\" rel=\"noreferrer noopener\">L\u2019<strong>UE<\/strong> offre 200 millions d\u2019euros \u00e0 l\u2019<strong>\u00c9gypte<\/strong> pour retenir les migrants<\/a>&nbsp;(Politis)<\/p>\n\n\n\n<p><a href=\"https:\/\/www.lemonde.fr\/international\/article\/2024\/03\/20\/en-chine-la-mort-d-un-jeune-garcon-relance-le-debat-sur-le-sort-des-enfants-de-travailleurs-migrants_6223041_3210.html\" target=\"_blank\" rel=\"noreferrer noopener\"><strong>Chine<\/strong>&nbsp;: la mort d\u2019un gar\u00e7on de 13 ans rappelle le sort des \u2018enfants laiss\u00e9s \u00e0 l\u2019arri\u00e8re\u2019 par leurs parents partis travailler en ville<\/a>&nbsp;(Le Monde)<\/p>\n\n\n\n<p><a href=\"https:\/\/www.rfi.fr\/fr\/am%C3%A9riques\/20240318-les-cubains-manifestent-contre-les-p%C3%A9nuries-de-courant-et-de-nourriture\">Les <strong>Cubains<\/strong> manifestent contre les p\u00e9nuries de courant et de nourriture<\/a>&nbsp;(RFI)<\/p>\n\n\n\n<p><a href=\"https:\/\/www.rfi.fr\/fr\/am%C3%A9riques\/20240319-ha%C3%AFti-le-pays-s-enfonce-toujours-plus-dans-le-chaos-et-les-violences?_ope=eyJndWlkIjoiYjFmOWRmZWI3ZTllZGE1NTM1NTJmMGIzNWYwZGIyYjcifQ%3D%3D\"><strong>Ha\u00efti<\/strong> s&rsquo;enfonce toujours plus dans le chaos et les violences<\/a>&nbsp;(RFI)<\/p>\n\n\n\n<p><a href=\"https:\/\/www.les-crises.fr\/gaza-est-devenue-une-zone-de-mort-avertit-le-directeur-de-l-organisation-mondiale-de-la-sante\/\">\u00ab<strong>Gaza<\/strong> est devenue une zone de mort\u00bb, avertit le directeur de l\u2019Organisation Mondiale de la Sant\u00e9<\/a>&nbsp;(Les Crises)<\/p>\n\n\n\n<p><strong><a href=\"http:\/\/www.defenddemocracy.press\/ireland-stop-the-carnage-in-palestine\/\">Irland<\/a><a href=\"http:\/\/www.defenddemocracy.press\/ireland-stop-the-carnage-in-palestine\/\">e&nbsp;<\/a><\/strong><a href=\"http:\/\/www.defenddemocracy.press\/ireland-stop-the-carnage-in-palestine\/\">: Stop the carnage in <strong>Palestine<\/strong><\/a>&nbsp;(Defend Democracy Press)<\/p>\n\n\n\n<p><strong>Analyse<\/strong><\/p>\n\n\n\n<p><a href=\"https:\/\/link.newsletter.franceculture.fr\/m\/ml\/7429\/860759\/KMZ4gk3ymNhjFqDN-L2WC29C5lXTLJmivm821gAfcU8=\/d7wCD-8Oh10uZ12Ly3RXSUgqLX7JC0TMVTZhMIy4VzA=\/\" target=\"_blank\" rel=\"noreferrer noopener\">La justice internationale fait-elle peur aux dirigeants&nbsp;?<\/a> (France Culture)<\/p>\n\n\n\n<p><a href=\"https:\/\/meduza.io\/en\/feature\/2024\/03\/21\/putin-2024\" target=\"_blank\" rel=\"noreferrer noopener\">Poutine 2024 : les preuves des \u00e9lections les plus frauduleuses de l&rsquo;histoire moderne de la Russie<\/a>&nbsp;(Meduza)<\/p>\n\n\n\n<p><a href=\"https:\/\/www.francetvinfo.fr\/enquetes-franceinfo\/enquete-franceinfo-l-ambassadeur-d-ukraine-a-londres-soupconne-d-etre-implique-dans-l-explosion-des-gazoducs-nord-stream_6436444.html\">Sabotage des gazoducs Nord Stream : l&rsquo;ambassadeur d\u2019Ukraine \u00e0 Londres soup\u00e7onn\u00e9 d\u2019\u00eatre impliqu\u00e9 dans l\u2019explosion<\/a> (Cellule investigation de Radio France)<\/p>\n\n\n\n<figure class=\"wp-block-image size-full is-resized\"><img data-recalc-dims=\"1\" loading=\"lazy\" decoding=\"async\" width=\"637\" height=\"338\" src=\"https:\/\/i0.wp.com\/www.rdpemancipation.org\/wp-content\/uploads\/2024\/03\/image-21.png?resize=637%2C338&#038;ssl=1\" alt=\"\" class=\"wp-image-126912\" style=\"width:570px;height:auto\" srcset=\"https:\/\/i0.wp.com\/www.rdpemancipation.org\/wp-content\/uploads\/2024\/03\/image-21.png?w=637&amp;ssl=1 637w, https:\/\/i0.wp.com\/www.rdpemancipation.org\/wp-content\/uploads\/2024\/03\/image-21.png?resize=300%2C159&amp;ssl=1 300w\" sizes=\"auto, (max-width: 637px) 100vw, 637px\" \/><figcaption class=\"wp-element-caption\"><strong><sub>L\u2019explosion du gazoduc Nord Stream, le 26 septembre 2022, aurait \u00e9t\u00e9 commandit\u00e9 par l\u2019ex-chef de l\u2019\u00e9tat-major ukrainien<\/sub><\/strong><\/figcaption><\/figure>\n\n\n\n<p><strong><mark style=\"background-color:rgba(0, 0, 0, 0);color:#ed1010\" class=\"has-inline-color\">20 mars<\/mark><\/strong><\/p>\n\n\n\n<p><strong>France<\/strong><\/p>\n\n\n\n<p><a href=\"https:\/\/basta.media\/un-an-apres-sainte-soline-carte-rassemblements-france\" target=\"_blank\" rel=\"noreferrer noopener\">Un an apr\u00e8s Sainte-Soline : la carte des rassemblements dans toute la France<\/a>&nbsp;(Basta!)<\/p>\n\n\n\n<p><a href=\"https:\/\/www.mediapart.fr\/journal\/politique\/200324\/la-soudaine-amnesie-de-bruno-le-maire\" target=\"_blank\" rel=\"noreferrer noopener\">La soudaine amn\u00e9sie de Bruno Le Maire<\/a>&nbsp;-Martine Orange <a>(Mediapart)<\/a><\/p>\n\n\n\n<p><a href=\"https:\/\/www.tdg.ch\/france-bruno-le-maire-sort-du-bois-pour-la-presidentielle-454999938480\">Bruno Le Maire sort du bois pour la pr\u00e9sidentielle<\/a> (Tribune de Gen\u00e8ve)<\/p>\n\n\n\n<p><a href=\"https:\/\/www.mediapart.fr\/journal\/politique\/190324\/pour-2027-bruno-le-maire-croit-en-ses-chances-mais-c-est-peut-etre-le-seul\">Pour 2027, il croit en ses chances (mais c\u2019est peut-\u00eatre le seul)<\/a> (Mediapart)<\/p>\n\n\n\n<p><a href=\"https:\/\/www.francetvinfo.fr\/elections\/europeennes\/elections-europeennes-2024-le-9-juin-c-est-l-apres-macron-qui-se-dessine-affirme-manon-aubry-tete-de-liste-lfi_6431644.html\">Europ\u00e9ennes : \u00ab\u00a0Le 9 juin, c&rsquo;est l&rsquo;apr\u00e8s-Macron qui se dessine\u00a0\u00bb, affirme Manon Aubry, t\u00eate de liste LFI<\/a> (France info, vid\u00e9o)<\/p>\n\n\n\n<p><a href=\"https:\/\/www.humanite.fr\/politique\/affaire-cahuzac\/exclusif-le-pnf-est-une-institution-qui-derange-entretien-avec-son-patron-jean-francois-bohnert\" target=\"_blank\" rel=\"noreferrer noopener\">Exclusif : \u00ab Le PNF est une institution qui d\u00e9range \u00bb, entretien avec son patron Jean-Fran\u00e7ois Bohnert<\/a>&nbsp; (L\u2019Humanit\u00e9)<\/p>\n\n\n\n<p><a href=\"https:\/\/www.huffingtonpost.fr\/politique\/article\/choisir-aya-nakamura-pour-les-jo-2024-revient-a-humilier-les-francais-estime-marine-le-pen_231481.html\">Pour Marine Le Pen, choisir Aya Nakamura pour les JO revient \u00e0 \u00abhumilier les Fran\u00e7ais\u00bb<\/a> (!) (Huffpost)<\/p>\n\n\n\n<p><a href=\"https:\/\/www.huffingtonpost.fr\/france\/article\/polynesie-francaise-pourquoi-ces-deputes-creent-une-commission-d-enquetes-sur-les-essais-nucleaires-dans-les-archipels_231495.html\">Des d\u00e9put\u00e9s cr\u00e9ent une commission d&rsquo;enqu\u00eate sur les essais nucl\u00e9aires en Polyn\u00e9sie fran\u00e7aise<\/a> (Huffpost)<\/p>\n\n\n\n<p><a href=\"https:\/\/www.mediapart.fr\/journal\/france\/200324\/milliardaires-et-politiques-la-liberte-de-l-information-toujours-plus-menacee\" target=\"_blank\" rel=\"noreferrer noopener\">Milliardaires et politiques : la libert\u00e9 de l\u2019information toujours plus menac\u00e9e<\/a>&nbsp; -Laurent Mauduit (Mediapart)<\/p>\n\n\n\n<p><strong>Monde<\/strong><\/p>\n\n\n\n<p><a href=\"https:\/\/www.lequotidien-oran.com\/index.php?news=5328508\"><strong>Agression sioniste : Isra\u00ebl a commenc\u00e9 \u00e0 d\u00e9truire Rafah<\/strong> <\/a>&nbsp;(Le Quotidien d\u2019Oran)<\/p>\n\n\n\n<p><a href=\"https:\/\/elwatan-dz.com\/restrictions-a-lentree-de-laide-humanitaire-lonu-evoque-un-crime-de-guerre-a-ghaza\">Restrictions \u00e0 l\u2019entr\u00e9e de l\u2019aide humanitaire : L\u2019ONU \u00e9voque un \u00abcrime de guerre\u00bb \u00e0 Ghaza <\/a>&nbsp;(El Watan DZ)<\/p>\n\n\n\n<p><a href=\"https:\/\/blogs.mediapart.fr\/afps-association-france-palestine-solidarite\/blog\/200324\/traitement-inhumain-de-marwan-barghouthi-et-des-prisonniers-politi\">Traitement inhumain de Marwan Barghouthi et des prisonniers politiques palestiniens<\/a> (Association France Palestine Solidarit\u00e9)<\/p>\n\n\n\n<p><strong>Analyse<\/strong><\/p>\n\n\n\n<p><a href=\"https:\/\/orientxxi.info\/lu-vu-entendu\/la-triple-illegalite-de-l-occupation-israelienne-du-territoire-palestinien,7151\" target=\"_blank\" rel=\"noreferrer noopener\">La triple ill\u00e9galit\u00e9 de l&rsquo;occupation isra\u00e9lienne du territoire palestinien<\/a>&nbsp;(Orient XXI)<\/p>\n\n\n\n<p><a href=\"https:\/\/lvsl.fr\/ursula-von-der-leyen-derriere-lemballement-mediatique\/?utm_source=sendinblue&amp;utm_campaign=Newsletter_Derniers_Articles&amp;utm_medium=email\">Qui est r\u00e9ellement Ursula von der Leyen&nbsp;?<\/a> (LVSL)<\/p>\n\n\n\n<p><strong><a href=\"https:\/\/link.newsletter.franceculture.fr\/m\/ml\/7429\/860556\/7VNEHREcKMO0bh1xOjSl329C5lXTLJmivm821gAfcU8=\/E2jUuwVSDnvPaQ2IlDPkb03yJ3UZ7nFs+vq9PvVCyU4=\/\" target=\"_blank\" rel=\"noreferrer noopener\">Y a-t-il une opposition politique en Ukraine&nbsp;? <\/a><\/strong>&nbsp;(France Culture)<\/p>\n\n\n\n<p><a href=\"https:\/\/www.blast-info.fr\/articles\/2024\/en-russie-poutine-lintouchable-NSd6IH55Rjm5uWkCWlZTpA\" target=\"_blank\" rel=\"noreferrer noopener\">En Russie, Poutine l&rsquo;intouchable<\/a> (Blast)<\/p>\n\n\n\n<figure class=\"wp-block-image size-large is-resized\"><img data-recalc-dims=\"1\" loading=\"lazy\" decoding=\"async\" width=\"1024\" height=\"573\" src=\"https:\/\/i0.wp.com\/www.rdpemancipation.org\/wp-content\/uploads\/2024\/03\/image-17.png?resize=1024%2C573&#038;ssl=1\" alt=\"\" class=\"wp-image-126878\" style=\"width:385px;height:auto\" srcset=\"https:\/\/i0.wp.com\/www.rdpemancipation.org\/wp-content\/uploads\/2024\/03\/image-17.png?resize=1024%2C573&amp;ssl=1 1024w, https:\/\/i0.wp.com\/www.rdpemancipation.org\/wp-content\/uploads\/2024\/03\/image-17.png?resize=300%2C168&amp;ssl=1 300w, https:\/\/i0.wp.com\/www.rdpemancipation.org\/wp-content\/uploads\/2024\/03\/image-17.png?resize=768%2C430&amp;ssl=1 768w, https:\/\/i0.wp.com\/www.rdpemancipation.org\/wp-content\/uploads\/2024\/03\/image-17.png?w=1500&amp;ssl=1 1500w\" sizes=\"auto, (max-width: 1024px) 100vw, 1024px\" \/><\/figure>\n\n\n\n<p><strong><mark style=\"background-color:rgba(0, 0, 0, 0);color:#ed1010\" class=\"has-inline-color\">19 mars<\/mark><\/strong><\/p>\n\n\n\n<p><strong>France<\/strong><\/p>\n\n\n\n<p><a href=\"https:\/\/www.ldh-france.org\/ratification-du-ceta\/\" target=\"_blank\" rel=\"noreferrer noopener\"><strong>Appel aux s\u00e9natrices et aux s\u00e9nateurs : votez non \u00e0 la ratification du Ceta<\/strong><\/a> (LDH)<\/p>\n\n\n\n<p><a href=\"https:\/\/blogs.mediapart.fr\/o-le-cour-grandmaison\/blog\/190324\/resister-l-offensive-de-vincent-bollore-une-urgence-democratique\">R\u00e9sister \u00e0 l\u2019offensive de Vincent Bollor\u00e9&nbsp;: une urgence d\u00e9mocratique<\/a>&nbsp;(O. Le Cour Grandmaison)<\/p>\n\n\n\n<p><a href=\"https:\/\/blogs.mediapart.fr\/les-invites-de-mediapart\/blog\/190324\/sciences-po-aucun-responsable-politique-ne-saurait-s-arroger-le-droit-de-de-valoriser\">Sciences Po : \u00ab&nbsp;Aucun responsable politique ne saurait s\u2019arroger le droit de d\u00e9valoriser les principes d\u2019ind\u00e9pendance et de libert\u00e9 acad\u00e9miques \u00bb<\/a>&nbsp;(Les invit\u00e9s de Mediapart)<\/p>\n\n\n\n<p><a href=\"https:\/\/lanticapitaliste.org\/actualite\/international\/le-rn-et-les-elites-un-trompe-loeil\">Le RN et les \u00ab&nbsp;\u00e9lites&nbsp;\u00bb, un trompe-l\u2019\u0153il&nbsp;?<\/a> (L&rsquo;Anticapitaliste)<a href=\"https:\/\/www.liberation.fr\/societe\/police-justice\/au-cra-de-vincennes-de-nouveaux-soupcons-de-violences-policieres-envers-des-retenus-20240224_CE7K7KKO2NAMFELMYNNKKOQTUA\/\"><\/a><\/p>\n\n\n\n<p><strong>Monde<\/strong><\/p>\n\n\n\n<p><a href=\"https:\/\/www.cadtm.org\/Plus-de-200-organisations-de-la-societe-civile-exigent-la-suspension-de-l\" target=\"_blank\" rel=\"noreferrer noopener\">Plus de 200 organisations de la soci\u00e9t\u00e9 civile exigent la suspension de l&rsquo;accord d&rsquo;association UE-Isra\u00ebl<\/a>&nbsp;(CADTM)<\/p>\n\n\n\n<p><a href=\"https:\/\/www.huffingtonpost.fr\/international\/article\/trump-incapable-de-payer-sa-lourde-amende-n-a-jamais-ete-aussi-proche-de-perdre-son-empire_231415.html\">Incapable de payer son amende, Trump n\u2019a jamais \u00e9t\u00e9 aussi proche de perdre son empire<\/a> (Huffpost)<\/p>\n\n\n\n<p><a href=\"https:\/\/api.indigo-net.com\/email\/RedirectionEmailing?mail=n.chevillard@noos.fr&amp;ID=596563&amp;DOCIID=109703480&amp;ENAIID=870520&amp;RETOUR=SIMPLE&amp;link=https:\/\/www.intelligenceonline.fr\/renseignement-d-etat\/2024\/03\/19\/mediation-papale-pour-l-ukraine--francois-prepare-une-visite-a-moscou-en-juin,110191924-art?cxt=PUB&amp;utm_source=LMR&amp;utm_medium=email&amp;utm_campaign=AUTO_EDIT_SOM_PROS\" target=\"_blank\" rel=\"noreferrer noopener\">M\u00e9diation papale pour l&rsquo;Ukraine : Fran\u00e7ois pr\u00e9pare une visite \u00e0 Moscou en juin<\/a> (Intelligence Online)<\/p>\n\n\n\n<p><a href=\"https:\/\/alencontre.org\/moyenorient\/iran\/iran-dossier-un-nouveau-vote-frauduleux-a-eu-lieu.html\">Iran-dossier. Un nouveau vote frauduleux a eu lieu<\/a> (A l\u2019encontre)<\/p>\n\n\n\n<p><strong>Analyse<\/strong><\/p>\n\n\n\n<p><a href=\"https:\/\/blogs.mediapart.fr\/journal-de-bord-dhossam-al-madhoun\/blog\/190324\/tout-le-monde-parle-de-linvasion-de-rafah\">Tout le monde parle de l&rsquo;invasion de Rafah<\/a>&nbsp;(Journal de bord d&rsquo;Hossam Al-Madhoun)<\/p>\n\n\n\n<p><a href=\"https:\/\/www.hrw.org\/fr\/news\/2024\/03\/19\/les-rapports-de-la-cpi-des-outils-essentiels-pour-soutenir-la-justice-nationale\" target=\"_blank\" rel=\"noreferrer noopener\">Les rapports de la CPI, des outils essentiels pour soutenir la justice nationale<\/a>&nbsp;(Human Rights Watch)<\/p>\n\n\n\n<p><strong><mark style=\"background-color:rgba(0, 0, 0, 0);color:#ed1010\" class=\"has-inline-color\">18 mars<\/mark><\/strong><\/p>\n\n\n\n<p><strong>France<\/strong><\/p>\n\n\n\n<p><a href=\"https:\/\/www.radiofrance.fr\/Manon%20Aubry%20invit\u00e9e%20de%20\">Manon Aubry invit\u00e9e de \u00ab&nbsp;Questions politique<\/a>&nbsp;\u00bb (France Inter)<\/p>\n\n\n\n<p><a href=\"https:\/\/www.lemonde.fr\/livres\/article\/2024\/03\/17\/johanna-silva-que-francois-ruffin-se-soit-comporte-avec-moi-comme-il-l-a-fait-c-est-aussi-un-probleme-politique_6222515_3260.html\">Johanna Silva&nbsp;: \u00ab&nbsp;Que Fran\u00e7ois Ruffin se soit comport\u00e9 avec moi comme il l\u2019a fait, c\u2019est aussi un&nbsp;probl\u00e8me politique&nbsp;\u00bb<\/a> (Le Monde)<\/p>\n\n\n\n<p><a href=\"https:\/\/www.lemonde.fr\/politique\/article\/2024\/03\/16\/elections-europeennes-2024-le-camp-macron-gagne-par-le-doute_6222321_823448.html\">Elections europ\u00e9ennes&nbsp;2024&nbsp;: le camp Macron gagn\u00e9 par le doute<\/a> (D\u00e9cryptage, <a>Le Monde)<\/a><\/p>\n\n\n\n<p><a href=\"https:\/\/www.societelouisemichel.org\/mardi-26-mars-de-lambert-a-melenchon-par-laurent-mauduit-et-denis-sieffert\/\">De Lambert \u00e0 M\u00e9lenchon. Par Laurent Mauduit et Denis Sieffert<\/a> (Mardi 26, \u00e0 19 heures, Soci\u00e9t\u00e9 Louise Michel)<\/p>\n\n\n\n<p><a href=\"https:\/\/www.middleeasteye.net\/fr\/actu-et-enquetes\/france-la-mort-de-wanys-un-drame-qui-rappelle-celui-de-nahel\">France : la mort de Wanys, un drame qui rappelle celui de Nahel<\/a> (MEE)<\/p>\n\n\n\n<p><a href=\"https:\/\/www.middleeasteye.net\/fr\/opinion-fr\/france-depolitiser-et-criminaliser-la-solidarite-avec-la-palestine\">France&nbsp;: d\u00e9politiser et criminaliser la solidarit\u00e9 avec la Palestine<\/a>&nbsp;(MEE)<\/p>\n\n\n\n<p><a href=\"https:\/\/www.liberation.fr\/societe\/police-justice\/au-cra-de-vincennes-de-nouveaux-soupcons-de-violences-policieres-envers-des-retenus-20240224_CE7K7KKO2NAMFELMYNNKKOQTUA\/\"><\/a><\/p>\n\n\n\n<p><strong>Monde<\/strong><\/p>\n\n\n\n<p><a href=\"https:\/\/www.lequotidien-oran.com\/index.php?news=5328460\">Apr\u00e8s la France\u2026 Le <strong>Niger<\/strong> rompt sa coop\u00e9ration militaire avec les <strong>Etats-Unis<\/strong><\/a> (Le Quotidien d\u2019Oran)<\/p>\n\n\n\n<p><a href=\"https:\/\/www.middleeasteye.net\/fr\/actu-et-enquetes\/guerre-gaza-israel-met-en-danger-la-vie-du-leader-palestinien-emprisonne-marouane\"><strong>Isra\u00ebl<\/strong> \u00ab met en danger \u00bb la vie du leader palestinien emprisonn\u00e9 Marouane Barghouti<\/a> (MEE)<\/p>\n\n\n\n<p><a href=\"https:\/\/www.lequotidien-oran.com\/index.php?news=5328428&amp;archive_date=2024-03-17\">Massacres, famine : La situation s&rsquo;aggrave de jour en jour \u00e0 <strong>Ghaza<\/strong><\/a> (Le Quotidien d\u2019Oran)<\/p>\n\n\n\n<p><a href=\"https:\/\/www.haaretz.com\/israel-news\/2024-03-16\/ty-article\/.premium\/israelis-protest-netanyahu-govt-across-the-country-demand-gantz-ditch-wartime-coalition\/0000018e-47a4-d7ea-a5de-7fb54b7f0000?utm_source=mailchimp&amp;utm_medium=Content&amp;utm_campaign=daily-brief&amp;utm_content=cf93f163c2\">Isra\u00ebl.&nbsp;<\/a><a href=\"https:\/\/www.haaretz.com\/israel-news\/2024-03-16\/ty-article\/.premium\/israelis-protest-netanyahu-govt-across-the-country-demand-gantz-ditch-wartime-coalition\/0000018e-47a4-d7ea-a5de-7fb54b7f0000?utm_source=mailchimp&amp;utm_medium=Content&amp;utm_campaign=daily-brief&amp;utm_content=cf93f163c2\">Thousands Protest Netanyahu Gov&rsquo;t Across Israel, Demand Gantz Ditch Wartime Coalition<\/a>&nbsp;(Haaretz)<\/p>\n\n\n\n<p><a href=\"https:\/\/www.lemonde.fr\/international\/article\/2024\/03\/17\/pour-benjamin-netanyahou-la-pression-internationale-n-empechera-pas-une-offensive-a-rafah_6222537_3210.html\">Pour Benyamin N\u00e9tanyahou, la \u00ab&nbsp;pression internationale&nbsp;\u00bb n\u2019emp\u00eachera pas une offensive \u00e0 Rafah<\/a> (Le Monde)<\/p>\n\n\n\n<p><a href=\"https:\/\/www.middleeasteye.net\/fr\/actu-et-enquetes\/barres-de-fer-decharges-electriques-attaques-de-chiens-et-brulures-de-cigarettes\">Barres de fer, d\u00e9charges \u00e9lectriques, attaques de chiens et br\u00fblures de cigarettes : <strong>la torture des Palestiniens dans les centres de d\u00e9tention isra\u00e9liens<\/strong><\/a> (MEE)<\/p>\n\n\n\n<p><a href=\"https:\/\/arretsurinfo.ch\/la-vraie-mission-du-port-americain-a-gaza\/\"><strong>Palestine<\/strong>. La vraie mission du \u201cport\u201d am\u00e9ricain \u00e0 Gaza<\/a>&nbsp;(Al Mayadeen&nbsp;<em>via<\/em>&nbsp;Arr\u00eat sur info)<\/p>\n\n\n\n<p><a href=\"https:\/\/arretsurinfo.ch\/bibi-le-probleme-de-biden\/\"><strong>USA<\/strong>. Bibi, le probl\u00e8me de Biden (Seymour Hersh)<\/a>&nbsp;(Arr\u00eat sur info)<\/p>\n\n\n\n<p><strong>Analyse<\/strong><\/p>\n\n\n\n<p><a href=\"https:\/\/www.iris-france.org\/wp-content\/uploads\/2024\/03\/ObsEtatsUnis_note-6.pdf\"><strong>L<\/strong><\/a><a href=\"https:\/\/www.iris-france.org\/wp-content\/uploads\/2024\/03\/ObsEtatsUnis_note-6.pdf\"><strong>es Etats-Unis et l\u2019ONU, une relation \u00e0 sens unique<\/strong><\/a>&nbsp; -Noam Chomsky (IRIS, pdf)<\/p>\n\n\n\n<p><a href=\"https:\/\/www.youtube.com\/watch?v=VlF6HFOs218\">Le plan secret des gouvernements d\u00e9voil\u00e9 par SNOWDEN<\/a>&nbsp; (MoneyRadar, vid\u00e9o)<\/p>\n\n\n\n<p><a href=\"https:\/\/www.lemonde.fr\/politique\/article\/2024\/03\/11\/elections-europeennes-2024-la-spectaculaire-retraction-du-macronisme_6221330_823448.html\"><strong>La spectaculaire r\u00e9traction du macronisme \u00e0 3 mois des \u00e9lections europ\u00e9ennes<\/strong><\/a> -Gilles Finchelstein (Fondation Jean-Jaur\u00e8s) (Le Monde)<\/p>\n\n\n\n<p><a href=\"https:\/\/lundi.am\/Lettre-ouverte-de-Louise-Michel-a-M-Emmanuel-Macron\" target=\"_blank\" rel=\"noreferrer noopener\">Lettre ouverte de Louise Michel \u00e0 M.&nbsp;Emmanuel Macron<\/a> (Lundimatin)<\/p>\n\n\n\n<figure class=\"wp-block-image size-full is-resized\"><img data-recalc-dims=\"1\" loading=\"lazy\" decoding=\"async\" width=\"529\" height=\"334\" src=\"https:\/\/i0.wp.com\/www.rdpemancipation.org\/wp-content\/uploads\/2024\/03\/image-15.png?resize=529%2C334&#038;ssl=1\" alt=\"\" class=\"wp-image-126808\" style=\"width:476px;height:auto\" srcset=\"https:\/\/i0.wp.com\/www.rdpemancipation.org\/wp-content\/uploads\/2024\/03\/image-15.png?w=529&amp;ssl=1 529w, https:\/\/i0.wp.com\/www.rdpemancipation.org\/wp-content\/uploads\/2024\/03\/image-15.png?resize=300%2C189&amp;ssl=1 300w\" sizes=\"auto, (max-width: 529px) 100vw, 529px\" \/><\/figure>\n\n\n\n<p><strong><mark style=\"background-color:rgba(0, 0, 0, 0);color:#ed1010\" class=\"has-inline-color\">16 mars<\/mark><\/strong><\/p>\n\n\n\n<p><strong>France<\/strong><\/p>\n\n\n\n<p><a href=\"https:\/\/www.huffingtonpost.fr\/politique\/article\/guerre-en-ukraine-francois-ruffin-s-explique-sur-son-vote-contre-l-accord-de-securite-avec-kiev_231309.html\">Ruffin justifie son vote contre l\u2019accord de s\u00e9curit\u00e9 avec l\u2019Ukraine (et critique Macron)<\/a> (Huffpost)<\/p>\n\n\n\n<p><a href=\"https:\/\/www.connaissancedesenergies.org\/afp\/attal-annonce-une-consultation-du-public-sur-la-strategie-energie-et-climat-de-la-france-240315\">Attal annonce une consultation du public sur la strat\u00e9gie \u00e9nergie et climat de la France<\/a> (AFP)<\/p>\n\n\n\n<p><strong><a href=\"https:\/\/www.blast-info.fr\/emissions\/2024\/antisemitisme-a-sciences-po-macron-et-attal-ont-parle-trop-vite-jVR9grUMQ0qZDkVatB8F5A\" target=\"_blank\" rel=\"noreferrer noopener\">Antis\u00e9mitisme \u00e0 Sciences Po : Macron et Attal ont parl\u00e9 trop vite<\/a><\/strong>&nbsp;(Blast)<\/p>\n\n\n\n<p><a href=\"https:\/\/blogs.mediapart.fr\/jean-francois-bayart\/blog\/160324\/sciences-po-universite-bananiere\">Sciences Po, Universit\u00e9 banani\u00e8re&nbsp;?<\/a>&nbsp;(Jean-Fran\u00e7ois Bayart)<\/p>\n\n\n\n<p><a href=\"https:\/\/www.letemps.ch\/monde\/europe\/les-lecons-d-une-semaine-tres-ukrainienne-sur-la-scene-politique-francaise\">Les le\u00e7ons d\u2019une semaine tr\u00e8s ukrainienne sur la sc\u00e8ne politique fran\u00e7aise<\/a> (Le Temps)<\/p>\n\n\n\n<p><a href=\"https:\/\/www.off-investigation.frComment%20Hollande%20et%20Macron%20ont%20snob\u00e9%20Julian%20Assange-julian-assange\/\">Comment Hollande et Macron ont snob\u00e9 Julian Assange<\/a> (Off Investigation)<a href=\"https:\/\/www.liberation.fr\/societe\/police-justice\/au-cra-de-vincennes-de-nouveaux-soupcons-de-violences-policieres-envers-des-retenus-20240224_CE7K7KKO2NAMFELMYNNKKOQTUA\/\"><\/a><\/p>\n\n\n\n<p><strong>Monde<\/strong><\/p>\n\n\n\n<p><a href=\"https:\/\/www.middleeasteye.net\/fr\/actu-et-enquetes\/guerre-gaza-des-dizaines-de-morts-et-de-blesses-dans-un-nouveau-massacre-de\"><strong>Gaza<\/strong> : des dizaines de morts et de bless\u00e9s dans un nouveau massacre de Palestiniens en attente d\u2019aide<\/a> (MEE)<\/p>\n\n\n\n<p><a href=\"https:\/\/www.rfi.fr\/fr\/moyen-orient\/20240316-cisjordanie-%C3%A0-ramallah-la-nomination-du-nouveau-premier-ministre-laisse-de-marbre-les-palestiniens\"><strong>Cisjordanie<\/strong> : \u00e0 Ramallah, la nomination du nouveau Premier ministre laisse de marbre les Palestiniens<\/a> (RFI)<\/p>\n\n\n\n<p><a href=\"https:\/\/www.lorientlejour.com\/article\/1371400\/violence-barrages-economie-en-berne-a-huwara-en-cisjordanie-on-meurt-a-petit-feu-reportage.html\">Violence, barrages, \u00e9conomie en berne : \u00e0 Huwara, en Cisjordanie, \u00a0\u00bbon meurt \u00e0 petit feu\u00a0\u00bb<\/a> (L\u2019Orient-Le Jour)<\/p>\n\n\n\n<p><a href=\"https:\/\/www.rfi.fr\/fr\/am%C3%A9riques\/20240316-br%C3%A9sil-selon-des-g%C3%A9n%C3%A9raux-jair-bolsonaro-aurait-bien-envisag%C3%A9-un-coup-d-%C3%A9tat-en-2022\"><strong>Br\u00e9sil <\/strong>: selon des g\u00e9n\u00e9raux, Jair Bolsonaro aurait bien envisag\u00e9 un coup d&rsquo;\u00c9tat en 2022<\/a> (RFI)<\/p>\n\n\n\n<p><strong>Analyse<\/strong><\/p>\n\n\n\n<p><strong><a href=\"https:\/\/www.off-investigation.fr\/Accroitre%20l\u2019opacit\u00e9%20du%20nucl\u00e9aire%20est%20un%20contresens%20historiquere-sens-historique-linterview-de-marc-endeweld\/\">Accroitre l\u2019opacit\u00e9 du nucl\u00e9aire est un contresens historique<\/a> <\/strong>(Off Investigation)<strong><a href=\"https:\/\/www.radiofrance.fr\/franceinter\/podcasts\/serie-le-poutinisme\"><\/a><\/strong><\/p>\n\n\n\n<p><a href=\"https:\/\/www.radiofrance.fr\/franceinter\/podcasts\/serie-le-poutinisme\">Le Poutinisme : un podcast \u00e0 \u00e9couter en ligne<\/a> (France Inter)<\/p>\n\n\n\n<p><strong><a href=\"https:\/\/www.mediapart.fr\/journal\/international\/140324\/ukraine-gaza-l-europe-face-deux-guerres\">Ukraine, Gaza : l\u2019Europe face \u00e0 deux guerres<\/a><\/strong> (\u00c0 l\u2019air libre)<\/p>\n\n\n\n<p><strong><mark style=\"background-color:rgba(0, 0, 0, 0);color:#ed1010\" class=\"has-inline-color\">15 mars<\/mark><\/strong><\/p>\n\n\n\n<p><strong>France<\/strong><\/p>\n\n\n\n<p><a href=\"https:\/\/www.mediapart.fr\/journal\/culture-et-idees\/150324\/cyril-hanouna-ivre-de-son-impunite-devant-les-deputes\">Devant les d\u00e9put\u00e9s, Cyril Hanouna ivre de son impunit\u00e9<\/a> (M\u00e9diapart)<\/p>\n\n\n\n<p><a href=\"https:\/\/www.huffingtonpost.fr\/culture\/article\/louis-boyard-repond-a-cyril-hanouna-apres-son-audition-je-n-ai-jamais-ete-son-pote_231254.html\">\u00ab&nbsp;Je n\u2019ai jamais \u00e9t\u00e9 son pote&nbsp;\u00bb&nbsp;: Boyard r\u00e9pond s\u00e8chement \u00e0 Hanouna apr\u00e8s son audition<\/a> (Huffpost)<\/p>\n\n\n\n<p><a href=\"https:\/\/www.mediapart.fr\/journal\/politique\/150324\/quelques-minutes-pres-l-assemblee-failli-retablir-le-cumul-des-mandats\">\u00c0 quelques minutes pr\u00e8s, l\u2019Assembl\u00e9e a failli r\u00e9tablir le cumul des mandats<\/a> (M\u00e9diapart)<\/p>\n\n\n\n<p><a href=\"https:\/\/www.mediapart.fr\/journal\/politique\/140324\/comment-edouard-philippe-fait-d-horizons-sa-base-arriere-pour-2027\">Comment \u00c9douard Philippe a fait d\u2019Horizons sa base arri\u00e8re pour 2027<\/a> (M\u00e9diapart)<\/p>\n\n\n\n<p><a href=\"https:\/\/www.rue89strasbourg.com\/ex-president-bastion-social-garde-a-vue-296890\" target=\"_blank\" rel=\"noreferrer noopener\">L&rsquo;ex-pr\u00e9sident du Bastion social en garde \u00e0 vue pour avoir commandit\u00e9 un guet-apens<\/a>&nbsp;(Rue89 Strasbourg)<\/p>\n\n\n\n<p><a href=\"https:\/\/api.indigo-net.com\/email\/RedirectionEmailing?mail=n.chevillard@noos.fr&amp;ID=595632&amp;DOCIID=109703480&amp;ENAIID=869589&amp;RETOUR=SIMPLE&amp;link=https:\/\/www.lalettre.fr\/fr\/action-publique_elysee-matignon\/2024\/03\/15\/laurent-fabius-guigne-le-fauteuil-de-giscard-a-l-academie-francaise,110191993-eve?cxt=PUB&amp;utm_source=LLA&amp;utm_medium=email&amp;utm_campaign=AUTO_EDIT_SOM_PROS\" target=\"_blank\" rel=\"noreferrer noopener\">Laurent Fabius guigne le fauteuil de Giscard \u00e0 l&rsquo;Acad\u00e9mie fran\u00e7aise<\/a> (La Lettre)<a href=\"https:\/\/www.liberation.fr\/societe\/police-justice\/au-cra-de-vincennes-de-nouveaux-soupcons-de-violences-policieres-envers-des-retenus-20240224_CE7K7KKO2NAMFELMYNNKKOQTUA\/\"><\/a><\/p>\n\n\n\n<p><strong>Monde<\/strong><\/p>\n\n\n\n<p><a href=\"https:\/\/www.francetvinfo.fr\/monde\/proche-orient\/israel-palestine\/direct-guerre-au-proche-orient-l-armee-israelienne-dement-avoir-ouvert-le-feu-sur-la-foule-attendant-de-l-aide-humanitaire-dans-le-nord-de-la-bande-de-gaza_6425647.html\">Benyamin N\u00e9tanyahou a approuv\u00e9 \u00ab\u00a0les plans d&rsquo;action\u00a0\u00bb de l&rsquo;arm\u00e9e en vue d&rsquo;une offensive \u00e0 Rafah<\/a> (Le direct de France Info)<\/p>\n\n\n\n<p><strong><a href=\"https:\/\/elwatan-dz.com\/impasse-militaire-a-ghaza-et-isolement-diplomatique-quand-la-cia-irrite-netanyahu#:~:text=La%20Central%20Intelligence%20Agency%20(CIA,moins%20en%20moins%20%C2%ABviable%C2%BB.\">Impasse militaire \u00e0 Ghaza et isolement diplomatique : Quand la CIA irrite Netanyahu<\/a><\/strong> (El Watan DZ)<a href=\"https:\/\/www.francetvinfo.fr\/monde\/proche-orient\/israel-palestine\/guerre-israel-hamas-ce-que-l-on-sait-de-la-mort-d-au-moins-20-personnes-pres-d-un-point-de-distribution-d-aide-a-gaza_6425722.html\"><\/a><\/p>\n\n\n\n<p><a href=\"https:\/\/www.francetvinfo.fr\/monde\/proche-orient\/israel-palestine\/guerre-israel-hamas-ce-que-l-on-sait-de-la-mort-d-au-moins-20-personnes-pres-d-un-point-de-distribution-d-aide-a-gaza_6425722.html\">Mort d&rsquo;au moins 20 personnes pr\u00e8s d&rsquo;un point de distribution d&rsquo;aide \u00e0 <strong>Gaza<\/strong><\/a> (France Info)<\/p>\n\n\n\n<p><a href=\"https:\/\/www.confederationpaysanne.fr\/rp_article.php?id=14279\" target=\"_blank\" rel=\"noreferrer noopener\">La Conf\u00e9d\u00e9ration paysanne d\u00e9nonce de toutes ses forces l\u2019utilisation de la famine comme arme de g\u00e9nocide \u00e0 <strong>Gaza<\/strong><\/a>&nbsp;(Conf\u00e9d\u00e9ration Paysanne)<\/p>\n\n\n\n<p><a href=\"https:\/\/alencontre.org\/europe\/portugal\/portugal-premiere-enquete-socio-demographique-sur-lelectorat-de-chega-et-des-autres-partis.html\"><strong>Portugal<\/strong>&nbsp;: enqu\u00eate socio-d\u00e9mographique sur l\u2019\u00e9lectorat de Chega et des autres partis<\/a> (A l\u2019Encontre)<\/p>\n\n\n\n<p><a href=\"https:\/\/www.mediapart.fr\/journal\/fil-dactualites\/150324\/senegal-les-opposants-sonko-et-faye-sont-sortis-de-prison-scenes-de-liesse-dakar\"><strong>S\u00e9n\u00e9gal<\/strong>&nbsp;: les opposants Sonko et Faye sont sortis de prison, sc\u00e8nes de liesse \u00e0 Dakar<\/a> (AFP)<\/p>\n\n\n\n<p><a href=\"https:\/\/www.alternatives-economiques.fr\/russie-y-a-une-vraie-volonte-danesthesier-citoyens\/00110025\" target=\"_blank\" rel=\"noreferrer noopener\">Anna Colin Lebedev : \u00ab En <strong>Russie<\/strong>, le pouvoir veut anesth\u00e9sier les citoyens \u00bb<\/a>&nbsp; (Alter \u00e9co)<\/p>\n\n\n\n<p><a href=\"https:\/\/www.huffingtonpost.fr\/international\/video\/presidentielle-en-russie-arrestations-bombes-et-incendie-dans-des-bureaux-de-vote-pendant-le-scrutin_231293.html\">Arrestations, bombes et incendie dans des bureaux de vote en <strong>Russie<\/strong> pour la pr\u00e9sidentielle<\/a> (Huffpost)<\/p>\n\n\n\n<p><strong><a href=\"https:\/\/www.huffingtonpost.fr\/international\/article\/donald-trump-echoue-a-torpiller-son-proces-en-georgie-pour-la-tentative-de-renverser-l-election-de-2020_231285.html\">Trump \u00e9choue \u00e0 torpiller son proc\u00e8s en G\u00e9orgie, qui menace sa candidature<\/a><\/strong> (Huffpost)<\/p>\n\n\n\n<p><a href=\"https:\/\/www.mediapart.fr\/journal\/international\/150324\/en-nouvelle-zelande-les-idees-d-extreme-droite-continuent-de-progresser\" target=\"_blank\" rel=\"noreferrer noopener\">En <strong>Nouvelle-Z\u00e9lande<\/strong>, les id\u00e9es d\u2019extr\u00eame droite continuent de progresser<\/a>&nbsp;(Mediapart)<\/p>\n\n\n\n<p><a href=\"https:\/\/api.indigo-net.com\/email\/RedirectionEmailing?mail=n.chevillard@noos.fr&amp;ID=595775&amp;DOCIID=109703480&amp;ENAIID=869732&amp;RETOUR=SIMPLE&amp;link=https:\/\/www.intelligenceonline.fr\/grands-contrats\/2024\/03\/15\/un-ancien-commando-marine-francais-met-sur-pied-la-tres-secrete-legion-etrangere-des-emirats,110191920-art\" target=\"_blank\" rel=\"noreferrer noopener\">Un ancien commando marine fran\u00e7ais met sur pied la tr\u00e8s secr\u00e8te \u00ab\u00a0L\u00e9gion \u00e9trang\u00e8re\u00a0\u00bb des <strong>\u00c9mirats<\/strong><\/a> (Intelligence Online)<\/p>\n\n\n\n<p><strong>Analyse<\/strong><\/p>\n\n\n\n<p><a href=\"https:\/\/www.blast-info.fr\/emissions\/2024\/pour-sauver-la-democratie-en-finir-avec-lempire-mediatique-de-bollore-et-des-autres-XmSuCWOtRMCpdDoTxlT25Q\" target=\"_blank\" rel=\"noreferrer noopener\">Pour sauver la d\u00e9mocratie : en finir avec l&#8217;empire m\u00e9diatique de Bollor\u00e9 (et des autres)<\/a>&nbsp;(Blast)<\/p>\n\n\n\n<p><strong><mark style=\"background-color:rgba(0, 0, 0, 0);color:#ed1010\" class=\"has-inline-color\">14 mars<\/mark><\/strong><\/p>\n\n\n\n<p><strong>France<\/strong><\/p>\n\n\n\n<p><a href=\"https:\/\/www.youtube.com\/watch?v=jDBPsfiZmlU\">Ukraine, Gaza : Macron ridiculise la France<\/a>&nbsp;\u2013 Cl\u00e9mence Guett\u00e9 (TF1)<\/p>\n\n\n\n<p><a href=\"https:\/\/www.youtube.com\/watch?v=B5KzztMl874\" target=\"_blank\" rel=\"noreferrer noopener\"><em>LE PEN ET LA TORTURE<\/em> &#8211; Entretien avec Fabrice Riceputi et Philippe Poutou<\/a>&nbsp;(L&rsquo;Anticapitaliste)<\/p>\n\n\n\n<p><a href=\"https:\/\/www.youtube.com\/watch?v=3bet5fkn-dY\" target=\"_blank\" rel=\"noreferrer noopener\">Conf\u00e9rence de presse &#8211; Reprenons la main en France et en Europe<\/a>&nbsp;(PCF)<\/p>\n\n\n\n<p><a href=\"https:\/\/www.youtube.com\/watch?v=eJYoJfTwIUw\">Macron\/Le Maire&nbsp;: ils mentent pour vous faire accepter le pire<\/a>&nbsp; (Le M\u00e9dia)<a href=\"https:\/\/www.liberation.fr\/societe\/police-justice\/au-cra-de-vincennes-de-nouveaux-soupcons-de-violences-policieres-envers-des-retenus-20240224_CE7K7KKO2NAMFELMYNNKKOQTUA\/\"><\/a><\/p>\n\n\n\n<p><strong>Monde<\/strong><\/p>\n\n\n\n<p><a href=\"https:\/\/www.dw.com\/fr\/d%C3%A9mission-du-premier-ministre-ariel-henry\/a-68501413\">Ha\u00efti. L&rsquo;espoir en Ha\u00efti apr\u00e8s la d\u00e9mission du Premier ministre<\/a>&nbsp;(Deutsche Welle)<\/p>\n\n\n\n<p><a href=\"https:\/\/www.youtube.com\/watch?v=K1xYmMKwZ5Y\" target=\"_blank\" rel=\"noreferrer noopener\">Inde : la d\u00e9rive autoritaire<\/a>&nbsp;(Public S\u00e9nat)<\/p>\n\n\n\n<p><a href=\"https:\/\/aplutsoc.org\/2024\/03\/13\/sauvons-et-soutenons-maksym-butkevych\/\">Russie &#8211; Sauvons et soutenons Maksym Butkevych.<\/a>&nbsp;(Aplutsoc)<\/p>\n\n\n\n<p><strong>Analyse<\/strong><\/p>\n\n\n\n<p><strong><a href=\"https:\/\/www.youtube.com\/watch?v=6oQmbR-NcWI\">Tout savoir sur les livraisons d&rsquo;armes \u00e0 Isra\u00ebl<\/a><\/strong>&nbsp;(L&rsquo;Insoumission)<\/p>\n\n\n\n<p><strong><mark style=\"background-color:rgba(0, 0, 0, 0);color:#ed1010\" class=\"has-inline-color\">13 mars<\/mark><\/strong><\/p>\n\n\n\n<p><strong>France&nbsp;&nbsp;&nbsp;&nbsp;&nbsp;&nbsp;&nbsp;&nbsp;&nbsp;&nbsp;&nbsp;&nbsp;&nbsp;&nbsp;&nbsp;&nbsp;&nbsp;&nbsp;&nbsp;<\/strong><\/p>\n\n\n\n<p><a href=\"https:\/\/www.humanite.fr\/societe\/bande-de-gaza\/guerre-a-gaza-derriere-la-polemique-a-sciences-po-les-universites-francaises-mobilisees-pour-la-palestine\" target=\"_blank\" rel=\"noreferrer noopener\">Gaza : derri\u00e8re la pol\u00e9mique \u00e0 Sciences Po, les universit\u00e9s fran\u00e7aises mobilis\u00e9es pour la Palestine<\/a>&nbsp;(L\u2019Humanit\u00e9)<\/p>\n\n\n\n<p><a href=\"https:\/\/regards.fr\/europeennes-a-gauche-la-bataille-pour-la-troisieme-place-sannonce-rude\/\" target=\"_blank\" rel=\"noreferrer noopener\">Europ\u00e9ennes : \u00e0 gauche, la bataille pour la troisi\u00e8me place s\u2019annonce rude<\/a>&nbsp;(Regards)<\/p>\n\n\n\n<p><a href=\"https:\/\/www.ldh-france.org\/devoir-de-vigilance-europeen-lheure-de-verite-pour-la-france\/\" target=\"_blank\" rel=\"noreferrer noopener\">Devoir de vigilance europ\u00e9en : l\u2019heure de v\u00e9rit\u00e9 pour la France !<\/a>&nbsp;(LDH)<\/p>\n\n\n\n<p><a href=\"https:\/\/www.lemonde.fr\/planete\/article\/2024\/03\/12\/adaptation-au-changement-climatique-la-cour-des-comptes-presse-l-etat-d-agir_6221426_3244.html\">La Cour des comptes d\u00e9crypte le retard de l\u2019Etat dans l\u2019adaptation au d\u00e9r\u00e8glement climatique<\/a> (Le Monde)<\/p>\n\n\n\n<p><a href=\"https:\/\/infos.lemonde.fr\/optiext\/optiextension.dll?ID=UmnUlGaV6YMqLo2FW5yfebmLAh92nDNCmizC0h5vRAZuN3%2BEg713omuu8b0KsGouS6J3_FtZMiGShI7oRrkBLQoKQ9dW7qU5Xngm_SUa\" target=\"_blank\" rel=\"noreferrer noopener\">Corse&nbsp;: l\u2019Etat et des \u00e9lus s\u2019accordent sur un \u00ab&nbsp;projet d\u2019\u00e9criture constitutionnelle&nbsp;\u00bb pour \u00ab&nbsp;la reconnaissance d\u2019un statut d\u2019autonomie&nbsp;\u00bb<\/a> (Le Monde)<\/p>\n\n\n\n<p><a href=\"https:\/\/www.auposte.fr\/casquette-nazie-a-la-prefecture-de-police-de-paris\/\" target=\"_blank\" rel=\"noreferrer noopener\">Casquette SS \u00e0 la Pr\u00e9fecture de Police de Paris, tatouage nazi \u00e0 la municipale d\u2019Orl\u00e9ans: les fachos ne se cachent plus&nbsp;<\/a> (Au Poste)<\/p>\n\n\n\n<p><strong>Monde<\/strong><\/p>\n\n\n\n<p><strong><a href=\"https:\/\/www.fidh.org\/fr\/plaidoyer-international\/union-europeenne\/stop-a-l-accord-d-association-ue-israel\" target=\"_blank\" rel=\"noreferrer noopener\">Stop \u00e0 l&rsquo;accord d&rsquo;association UE-Isra\u00ebl<\/a>&nbsp;<\/strong>(FIDH)<\/p>\n\n\n\n<p><a href=\"https:\/\/www.politis.fr\/articles\/2024\/03\/argentine-milei-ferme-telam-la-premiere-agence-de-presse-latino\/\" target=\"_blank\" rel=\"noreferrer noopener\"><strong>Argentine<\/strong> : Milei ferme T\u00e9lam, la premi\u00e8re agence de presse latino<\/a>&nbsp;(Politis)<\/p>\n\n\n\n<p><a href=\"https:\/\/infos.lemonde.fr\/optiext\/optiextension.dll?ID=UmnUoQyApLLihBFCuSVrsNmrg%2BQjzhlg7arceo_lR1SlxM%2BEhHaej7dv6nDxoddMi4CRsWaZLkV0gY9fswR_kMPDfHm2oZArDNyWOroX\" target=\"_blank\" rel=\"noreferrer noopener\"><strong>Ha\u00efti<\/strong>&nbsp;: le premier ministre, Ariel Henry, a accept\u00e9 de d\u00e9missionner apr\u00e8s une semaine d\u2019\u00e9tat d\u2019urgence dans l\u2019\u00eele<\/a> (Le Monde)<\/p>\n\n\n\n<p><a href=\"https:\/\/infos.lemonde.fr\/optiext\/optiextension.dll?ID=UmnUixigYZr_frBp25Dk5s8nx0veva3SSfBY3oAd2l5SLQS_gGC4dwUkTU4dBrlAI4MjFY1%2BegenMAC7B8fYpZTFBp9HL4ByoX5P%2BCoZ\" target=\"_blank\" rel=\"noreferrer noopener\"><strong>Etats-Unis<\/strong>&nbsp;: Donald Trump promet de lib\u00e9rer les \u00e9meutiers du&nbsp;Capitole emprisonn\u00e9s s\u2019il est \u00e9lu<\/a> (Le Monde)<\/p>\n\n\n\n<p><strong><a href=\"https:\/\/www.obsarm.info\/spip.php?article645\" target=\"_blank\" rel=\"noreferrer noopener\">Les r\u00e9fractaires depuis l&rsquo;invasion de l&rsquo;Ukraine par la Russie (12\u00e8me partie)<\/a><\/strong>&nbsp;(Observatoire des armements)<\/p>\n\n\n\n<p><a href=\"https:\/\/www.liberation.fr\/international\/europe\/des-groupuscules-russes-anti-poutine-mettent-la-frontiere-sous-pression-20240312_WNGZC3R67RCKXHKJAFEOO5XKEU\/\" target=\"_blank\" rel=\"noreferrer noopener\">Des groupuscules russes anti-Poutine mettent la fronti\u00e8re sous pression<\/a> (Lib\u00e9ration)<\/p>\n\n\n\n<p><strong>Analyse<\/strong><\/p>\n\n\n\n<p><a href=\"https:\/\/www.mediapart.fr\/journal\/international\/120324\/de-l-ukraine-la-palestine-la-bataille-du-droit\">De l\u2019Ukraine \u00e0 la Palestine, la bataille du droit<\/a> -Edwy Plenel (M\u00e9diapart)<\/p>\n\n\n\n<p><strong><a href=\"https:\/\/www.mediapart.fr\/journal\/france\/120324\/flavie-flament-depuis-la-sortie-de-mon-livre-il-y-en-qui-ne-dorment-pas-tranquille\">Flavie Flament&nbsp;: \u00ab&nbsp;Depuis la sortie de mon livre, il y en a qui ne dorment pas tranquille&nbsp;\u00bb<\/a><\/strong> (\u00c0 l\u2019air libre)<\/p>\n\n\n\n<p><strong><a href=\"https:\/\/infos.lemonde.fr\/optiext\/optiextension.dll?ID=UmnUmpu9JgKOyaYtYnloxR8zNb2v2ToTz1UzOT27lcUvNW0Egt1kkYUx6q7MOJlzol0rFTgzVAGImbVBQ897BzQ0TWdTqrSxnZovZbUp\" target=\"_blank\" rel=\"noreferrer noopener\">Beno\u00eet Hamon&nbsp;: \u00ab&nbsp;Le gouvernement, en d\u00e9pensant moins, cible ceux qui gagnent le moins&nbsp;\u00bb<\/a><\/strong> (Le Monde)<\/p>\n\n\n\n<p><strong><mark style=\"background-color:rgba(0, 0, 0, 0);color:#ed1010\" class=\"has-inline-color\">11 mars<\/mark><\/strong><\/p>\n\n\n\n<p><strong>France<\/strong><\/p>\n\n\n\n<p><a href=\"https:\/\/www.boursorama.com\/actualite-economique\/actualites\/surete-nucleaire-nouvelle-bataille-a-l-assemblee-sur-le-projet-de-fusion-asn-irsn-af5a3e7096751bf8ac470622cb148f75\">S\u00fbret\u00e9 nucl\u00e9aire : nouvelle bataille \u00e0 l&rsquo;Assembl\u00e9e sur le projet de fusion ASN-IRSN<\/a> (AFP)<\/p>\n\n\n\n<p><a href=\"https:\/\/www.youtube.com\/watch?v=dr8cDyFyMQo\" target=\"_blank\" rel=\"noreferrer noopener\">Emanuel Bompard&nbsp;: emp\u00eachons le g\u00e9nocide \u00e0 Gaza !<\/a>&nbsp;(RTL)<\/p>\n\n\n\n<p><a href=\"https:\/\/www.youtube.com\/watch?v=oHZritFMYpA\" target=\"_blank\" rel=\"noreferrer noopener\">Macron nous emm\u00e8ne \u00e0 la guerre ? Vitfait !<\/a>&nbsp;(Canard R\u00e9fractaire)<\/p>\n\n\n\n<p><a href=\"https:\/\/www.youtube.com\/watch?v=VtwSGOb4Otc\" target=\"_blank\" rel=\"noreferrer noopener\">Aide \u00e0 l&rsquo;Ukraine : jusqu&rsquo;o\u00f9 ?<\/a>&nbsp;(Public S\u00e9nat)<\/p>\n\n\n\n<p><a href=\"https:\/\/www.youtube.com\/watch?v=_G-MKyAYWUI\" target=\"_blank\" rel=\"noreferrer noopener\">Ukraine : Macron va-t-en-guerre et isol\u00e9<\/a>&nbsp;(Public S\u00e9nat)<\/p>\n\n\n\n<p><a href=\"https:\/\/www.pressenza.com\/fr\/2024\/03\/macron-lukraine-et-les-francais-le-grand-decalage\/\"><strong>Macron, l\u2019Ukraine et les Fran\u00e7ais : le grand d\u00e9calage<\/strong><\/a> (Pressenza)<\/p>\n\n\n\n<p><a href=\"https:\/\/www.youtube.com\/watch?v=z8XcXht02P4\" target=\"_blank\" rel=\"noreferrer noopener\">La diplomatie fran\u00e7aise en qu\u00eate de cap<\/a>&nbsp;(France Culture)<\/p>\n\n\n\n<p><a href=\"https:\/\/www.youtube.com\/watch?v=IpZHL8dNxzE\" target=\"_blank\" rel=\"noreferrer noopener\">Alg\u00e9rie : La France doit reconna\u00eetre ses crimes ?<\/a>&nbsp;(Le M\u00e9dia)<a href=\"https:\/\/www.liberation.fr\/societe\/police-justice\/au-cra-de-vincennes-de-nouveaux-soupcons-de-violences-policieres-envers-des-retenus-20240224_CE7K7KKO2NAMFELMYNNKKOQTUA\/\"><\/a><\/p>\n\n\n\n<p><strong>Monde<\/strong><\/p>\n\n\n\n<p><a href=\"https:\/\/www.boursorama.com\/actualite-economique\/actualites\/greta-thunberg-et-des-militants-pour-le-climat-bloquent-le-parlement-suedois-3c2b3d602739d6af84ac842e87b8cfca\">Greta Thunberg et des militants pour le climat bloquent le Parlement <strong>su\u00e9dois<\/strong><\/a> (Reuters)<\/p>\n\n\n\n<p><a href=\"https:\/\/link.newsletter.franceculture.fr\/m\/ml\/7429\/858984\/s3NKYc1LEtXVK_-W43tjMG9C5lXTLJmivm821gAfcU8=\/ULOC-DqWVIHm093tG+pzNmg2Bm7SST0udIXfGWb7h60=\/\" target=\"_blank\" rel=\"noreferrer noopener\"><strong>Allemagne&nbsp;<\/strong>: l\u2019AfD ou la strat\u00e9gie de la surench\u00e8re<\/a> (France Culture)<\/p>\n\n\n\n<p><a href=\"https:\/\/www.mediapart.fr\/journal\/international\/110324\/portugal-le-bond-de-l-extreme-droite-complique-la-formation-d-un-gouvernement\"><strong>Portugal&nbsp;: le bond de l\u2019extr\u00eame droite complique la formation d\u2019un gouvernement<\/strong><\/a> (M\u00e9diapart)<\/p>\n\n\n\n<p><a href=\"https:\/\/www.politis.fr\/articles\/2024\/03\/8-mars-en-iran-face-a-la-terreur-des-mollahs-les-femmes-resistent\/\" target=\"_blank\" rel=\"noreferrer noopener\">En <strong>Iran<\/strong>, face \u00e0 la terreur des mollahs, les femmes r\u00e9sistent&nbsp;<\/a> (Politis)<\/p>\n\n\n\n<p><a href=\"https:\/\/www.liberation.fr\/international\/amerique\/haiti-port-au-prince-en-etat-de-siege-entre-hopitaux-attaques-et-nourriture-bloquee-20240310_Z4BKDHL42ZGILMUWNKRYTSA7LY\/\" target=\"_blank\" rel=\"noreferrer noopener\"><strong>Ha\u00efti<\/strong> : Port-au-Prince en \u00ab\u00e9tat de si\u00e8ge\u00bb, entre h\u00f4pitaux attaqu\u00e9s et nourriture bloqu\u00e9e<\/a>&nbsp;(Lib\u00e9ration)<\/p>\n\n\n\n<p><a href=\"https:\/\/www.francetvinfo.fr\/monde\/proche-orient\/israel-palestine\/guerre-entre-israel-et-le-hamas-joe-biden-juge-que-benjamin-netanyahu-fait-plus-de-mal-que-de-bien-a-israel_6415624.html\">Joe Biden juge que Benyamin N\u00e9tanyahou \u00ab\u00a0fait plus de mal que de bien \u00e0 <strong>Isra\u00ebl<\/strong>\u00ab\u00a0<\/a> (France Info)<\/p>\n\n\n\n<p><a href=\"https:\/\/aplutsoc.org\/2024\/03\/10\/des-israeliens-sopposent-a-loccupation-qui-occupe-israel-par-ira-berkovic\/\">Des <strong>Isra\u00e9liens<\/strong> s\u2019opposent \u00e0 \u00abl\u2019occupation qui occupe Isra\u00ebl\u00bb, par Ira Berkovic<\/a>&nbsp;(Aplutsoc)<\/p>\n\n\n\n<p><a href=\"https:\/\/www.rfi.fr\/fr\/europe\/20240310-espagne-s%C3%A1nchez-soumettra-la-reconnaissance-de-l-%C3%A9tat-palestinien-au-parlement-d-ici-2027\" target=\"_blank\" rel=\"noreferrer noopener\"><strong>Espagne<\/strong> : S\u00e1nchez soumettra la reconnaissance de l&rsquo;\u00c9tat palestinien au Parlement d&rsquo;ici 2027<\/a>&nbsp;(RFI)<\/p>\n\n\n\n<p><a href=\"https:\/\/www.lemonde.fr\/international\/article\/2024\/01\/05\/en-chine-les-purges-dans-l-appareil-militaire-continuent_6209211_3210.html\" target=\"_blank\" rel=\"noreferrer noopener\"><strong>Chine<\/strong>, les purges dans l\u2019appareil militaire continuent<\/a>&nbsp;(Le Monde)<\/p>\n\n\n\n<p><a href=\"https:\/\/www.vaticannews.va\/fr\/pape\/news\/2024-03\/papa-francois-couleur-blanc-salissant.html\">Le Pape sur la guerre en <strong>Ukraine<\/strong> : \u00abN\u2019ayez pas honte de n\u00e9gocier\u00bb<\/a>&nbsp;(Vatican news)<\/p>\n\n\n\n<p><strong>Analyse<\/strong><\/p>\n\n\n\n<p><a href=\"https:\/\/www.youtube.com\/watch?v=g-kd2OL0Uks&amp;pp=ygUGTG9yZG9u\" target=\"_blank\" rel=\"noreferrer noopener\"><strong>\u00ab\u00a0Il n&rsquo;y a pas d&rsquo;autre solution qu&rsquo;\u00eatre r\u00e9volutionnaire\u00a0\u00bb &#8211; Fr\u00e9d\u00e9ric Lordon<\/strong><\/a> (RP, vid\u00e9o)<\/p>\n\n\n\n<p><a href=\"https:\/\/lundi.am\/Pisser-du-haut-du-plongeoir-L-Etat-d-Israel-contre-les-Juifs\" target=\"_blank\" rel=\"noreferrer noopener\">Pisser du haut du plongeoir&nbsp;: L\u2019\u00c9tat d\u2019Isra\u00ebl contre les Juifs<\/a> -Sylvain Cypel (Lundimatin)<\/p>\n\n\n\n<p><a href=\"https:\/\/lundi.am\/Israel-Palestine-le-salut-viendra-d-Iran\" target=\"_blank\" rel=\"noreferrer noopener\">Isra\u00ebl-Palestine, le salut viendra d\u2019Iran<\/a> (Lundimatin)<\/p>\n\n\n\n<figure class=\"wp-block-image size-full is-resized\"><img data-recalc-dims=\"1\" loading=\"lazy\" decoding=\"async\" width=\"577\" height=\"360\" src=\"https:\/\/i0.wp.com\/www.rdpemancipation.org\/wp-content\/uploads\/2024\/03\/image-8.png?resize=577%2C360&#038;ssl=1\" alt=\"\" class=\"wp-image-126590\" style=\"width:468px;height:auto\" srcset=\"https:\/\/i0.wp.com\/www.rdpemancipation.org\/wp-content\/uploads\/2024\/03\/image-8.png?w=577&amp;ssl=1 577w, https:\/\/i0.wp.com\/www.rdpemancipation.org\/wp-content\/uploads\/2024\/03\/image-8.png?resize=300%2C187&amp;ssl=1 300w\" sizes=\"auto, (max-width: 577px) 100vw, 577px\" \/><\/figure>\n\n\n\n<p><\/p>\n\n\n\n<p><strong><mark style=\"background-color:rgba(0, 0, 0, 0);color:#ed1010\" class=\"has-inline-color\">9 mars<\/mark><\/strong><\/p>\n\n\n\n<p><strong>France<\/strong><\/p>\n\n\n\n<p><a href=\"https:\/\/www.liberation.fr\/international\/moyen-orient\/guerre-hamas-israel-des-milliers-de-manifestants-a-paris-et-plusieurs-villes-de-france-pour-un-cessez-le-feu-a-gaza-20240309_PIVQZ23UE5A3THVW7B3MSCVTI4\/\" target=\"_blank\" rel=\"noreferrer noopener\">Des milliers de manifestants \u00e0 Paris et plusieurs villes de France pour un \u00abcessez-le-feu\u00bb \u00e0 Gaza<\/a> (Lib\u00e9ration)<\/p>\n\n\n\n<p><strong><a href=\"https:\/\/www.politis.fr\/articles\/2024\/03\/affaire-genevieve-legay-six-mois-de-sursis-pour-le-commissaire-souchi\/\" target=\"_blank\" rel=\"noreferrer noopener\">Affaire Genevi\u00e8ve Legay : le commissaire \u00e9cope de six mois de prison avec sursis<\/a><\/strong>&nbsp;(Politis)<\/p>\n\n\n\n<p><a href=\"https:\/\/lanticapitaliste.org\/actualite\/education\/dans-le-93-la-mobilisation-des-personnels-et-des-parents-sancre-et-samplifie\">Dans le 93, la mobilisation des personnels et des parents s\u2019ancre et s\u2019amplifie<\/a> (L\u2019Anticapitaliste)<\/p>\n\n\n\n<p><a href=\"https:\/\/www.huffingtonpost.fr\/politique\/article\/elections-europeennes-2024-ce-que-disent-les-sondages-a-trois-mois-du-scrutin-du-9-juin_230911.html\">Compilateur de sondages \u00e0 trois mois des europ\u00e9ennes<\/a> (Huffpost)<\/p>\n\n\n\n<p><a href=\"https:\/\/www.huffingtonpost.fr\/politique\/article\/statue-de-simone-veil-vandalisee-l-action-francaise-de-vendee-revendique-des-degradations-anti-ivg_230989.html\">Un mouvement d\u2019extr\u00eame droite revendique les d\u00e9gradations contre une statue de Simone Veil<\/a> (Huffpost)<\/p>\n\n\n\n<p><a href=\"https:\/\/www.middleeasteye.net\/fr\/actu-et-enquetes\/france-lislamisme-qui-vient-par-avion-et-par-bateau-et-la-bande-de-gaza-invisible\">l\u2019islamisme \u00abqui vient par avion et par bateau\u00bb et la bande de Gaza \u00abinvisible sur une carte\u00bb, dr\u00f4le de s\u00e9ance au Parlement<\/a> (MEE)<a href=\"https:\/\/www.liberation.fr\/societe\/police-justice\/au-cra-de-vincennes-de-nouveaux-soupcons-de-violences-policieres-envers-des-retenus-20240224_CE7K7KKO2NAMFELMYNNKKOQTUA\/\"><\/a><\/p>\n\n\n\n<p><strong>Monde<\/strong><\/p>\n\n\n\n<p><a href=\"https:\/\/www.lemonde.fr\/international\/article\/2024\/03\/09\/a-gaza-de-nouveaux-temoignages-sur-le-massacre-de-la-farine_6221048_3210.html\">A Gaza, de nouveaux t\u00e9moignages sur le \u00ab&nbsp;massacre de la farine&nbsp;\u00bb<\/a> (Le Monde)<\/p>\n\n\n\n<p><a href=\"https:\/\/alencontre.org\/europe\/portugal\/portugal-elections-le-10-mars-49-ans-apres-la-constituante-les-evolutions-de-la-participation-et-du-taux-dindecis-a-loree-du-vote.html\">Portugal. Elections le 10 mars, 49 ans apr\u00e8s la Constituante&nbsp;<\/a> (A l\u2019Encontre)<\/p>\n\n\n\n<p><a href=\"https:\/\/www.rfi.fr\/fr\/europe\/20240309-samedi-matin-a-relire-marc-l%C3%A9gislatives-au-portugal-andr%C3%A9-ventura-figure-anti-corruption-de-l-ultra-droite\">Portugal : l\u2019extr\u00eame droite revient sur le devant de la sc\u00e8ne politique<\/a> (RFI)<\/p>\n\n\n\n<p><a href=\"https:\/\/alencontre.org\/ameriques\/americnord\/usa\/etats-unis-gaza-une-jetee-temporaire-et-un-blocus-permanent-biden-et-sa-mascarade.html\">USA-Gaza. \u00abUne jet\u00e9e temporaire et un blocus permanent. Biden et sa mascarade\u00bb&nbsp;<\/a>(A l\u2019Encontre)<\/p>\n\n\n\n<p><a href=\"https:\/\/lanticapitaliste.org\/actualite\/international\/usa-le-mouvement-des-non-engages-pour-la-defense-de-la-palestine\">USA : Le mouvement des non-engag\u00e9s pour la d\u00e9fense de la Palestine<\/a> (L\u2019Anticapitaliste)<\/p>\n\n\n\n<p><a href=\"https:\/\/www.rfi.fr\/fr\/europe\/20240309-irlande-victoire-du-non-au-r%C3%A9f%C3%A9rendum-sur-la-place-des-femmes-et-la-famille-dans-la-constitution\">Irlande : victoire du non au r\u00e9f\u00e9rendum sur la place des femmes et la famille dans la Constitution<\/a> (RFI)<\/p>\n\n\n\n<p><a href=\"https:\/\/www.contretemps.eu\/grece-soulevement-etudiant-privatisation-universite\/\">Gr\u00e8ce&nbsp;: soul\u00e8vement \u00e9tudiant contre&nbsp;la privatisation de l\u2019enseignement sup\u00e9rieur<\/a> (Contretemps)<\/p>\n\n\n\n<p><a href=\"https:\/\/www.liberation.fr\/international\/afrique\/rdc-a-goma-encerclee-par-les-rebelles-les-enfants-vivent-entoures-de-violence-20240309_IQXCIOZ7ANF73DJ3O2QN4YYLUU\/\">RDC&nbsp;: \u00e0 Goma encercl\u00e9e par les rebelles, \u00ables enfants vivent entour\u00e9s de violence\u00bb<\/a> (Lib\u00e9ration)<\/p>\n\n\n\n<p><strong>Analyse<\/strong><\/p>\n\n\n\n<p><strong><a href=\"https:\/\/www.alternatives-economiques.fr\/vincent-lemire-vision-dun-sempiternel-conflit-entre-juifs-musulm\/00109884\" target=\"_blank\" rel=\"noreferrer noopener\">La vision d\u2019un sempiternel conflit entre juifs et musulmans est historiquement fausse<\/a>&nbsp;<\/strong>(Alter \u00e9co)<\/p>\n\n\n\n<p><a href=\"https:\/\/www.fidh.org\/fr\/plaidoyer-international\/union-europeenne\/l-union-europeenne-doit-revoir-sa-politique-exterieure-dans-la-region\" target=\"_blank\" rel=\"noreferrer noopener\">L&rsquo;Union europ\u00e9enne doit revoir sa politique ext\u00e9rieure dans la r\u00e9gion des Grands lacs<\/a>&nbsp;(FIDH)<\/p>\n\n\n\n<p><a href=\"https:\/\/blogs.mediapart.fr\/christian-pheline\/blog\/090324\/la-torture-en-algerie-deja-en-1939\">La torture en Alg\u00e9rie : d\u00e9j\u00e0 en 1939&#8230;<\/a> (Blog de&nbsp;Christian Ph\u00e9line)<\/p>\n\n\n\n<p><strong><mark style=\"background-color:rgba(0, 0, 0, 0);color:#ed1010\" class=\"has-inline-color\">8 mars<\/mark><\/strong><\/p>\n\n\n\n<p><strong>France<\/strong><\/p>\n\n\n\n<p><a href=\"https:\/\/www.mediapart.fr\/journal\/politique\/080324\/avec-rima-hassan-lfi-met-gaza-au-coeur-de-la-campagne-des-europeennes\" target=\"_blank\" rel=\"noreferrer noopener\">Avec Rima Hassan, LFI met Gaza au c\u0153ur de la campagne des europ\u00e9ennes<\/a>&nbsp;(M\u00e9diapart)<\/p>\n\n\n\n<p><a href=\"https:\/\/www.courrierdesbalkans.fr\/Non-la-France-n-est-pas-le-premier-pays-a-inscrire-l-IVG-dans-la-Constitution\" target=\"_blank\" rel=\"noreferrer noopener\">8 mars : non, la France n&rsquo;est pas le premier pays \u00e0 inscrire l&rsquo;IVG dans la Constitution<\/a>&nbsp;(Le Courrier des Balkans)<\/p>\n\n\n\n<p><a href=\"https:\/\/www.alternatives-economiques.fr\/chasse-aux-arrets-maladie-gouvernement-prend-thermometre-a-lenver\/00109935\" target=\"_blank\" rel=\"noreferrer noopener\">Chasse aux arr\u00eats maladie : le gouvernement prend le thermom\u00e8tre \u00e0 l\u2019envers<\/a>&nbsp;(Alter \u00e9co)<\/p>\n\n\n\n<p><a href=\"https:\/\/www.mediapart.fr\/journal\/france\/080324\/groupes-de-niveau-belloubet-lache-sur-le-fond-attal-garde-la-forme\">Groupes de niveau : Belloubet l\u00e2che sur le fond, Attal garde la forme<\/a> (M\u00e9diapart)<\/p>\n\n\n\n<p><a href=\"https:\/\/www.mediapart.fr\/journal\/politique\/070324\/lutte-contre-le-racisme-l-assemblee-la-seance-la-plus-dingue-de-la-mandature\" target=\"_blank\" rel=\"noreferrer noopener\">Lutte contre le racisme : \u00e0 l\u2019Assembl\u00e9e, la s\u00e9ance \u00abla plus dingue\u00bb de la mandature<\/a>&nbsp;(M\u00e9diapart)<a href=\"https:\/\/www.liberation.fr\/societe\/police-justice\/au-cra-de-vincennes-de-nouveaux-soupcons-de-violences-policieres-envers-des-retenus-20240224_CE7K7KKO2NAMFELMYNNKKOQTUA\/\"><\/a><\/p>\n\n\n\n<p><strong>Monde<\/strong><\/p>\n\n\n\n<p><a href=\"https:\/\/www.ldh-france.org\/gaza-cessez-le-feu-immediat-et-permanent\/\" target=\"_blank\" rel=\"noreferrer noopener\"><strong>Gaza <\/strong>: cessez-le-feu imm\u00e9diat et permanent !<\/a>&nbsp;(LDH)<\/p>\n\n\n\n<p><a href=\"https:\/\/orientxxi.info\/magazine\/le-calvaire-etouffe-des-palestiniennes,7121\" target=\"_blank\" rel=\"noreferrer noopener\">Le calvaire \u00e9touff\u00e9 des Palestiniennes<\/a>&nbsp;(Orient XXI)<a href=\"https:\/\/www.francetvinfo.fr\/monde\/proche-orient\/israel-palestine\/guerre-entre-israel-et-le-hamas-ou-en-sont-les-negociations-en-vue-d-une-treve-a-gaza_6411658.html\"><\/a><\/p>\n\n\n\n<p><a href=\"https:\/\/www.francetvinfo.fr\/monde\/proche-orient\/israel-palestine\/guerre-entre-israel-et-le-hamas-ou-en-sont-les-negociations-en-vue-d-une-treve-a-gaza_6411658.html\">Guerre entre Isra\u00ebl et le Hamas : o\u00f9 en sont les n\u00e9gociations en vue d&rsquo;une tr\u00eave \u00e0 Gaza ?<\/a> (France Info)<\/p>\n\n\n\n<p><a href=\"https:\/\/www.francetvinfo.fr\/replay-radio\/un-monde-d-avance\/portugal-la-possible-eclosion-d-une-nouvelle-antenne-de-la-droite-populiste-internationale_6381649.html\"><strong>Portugal<\/strong> : port\u00e9 par un discours anti-syst\u00e8me, l&rsquo;extr\u00eame droite pourrait faire une perc\u00e9e aux \u00e9lections l\u00e9gislatives<\/a> (France Info)<\/p>\n\n\n\n<p><a href=\"https:\/\/www.lemonde.fr\/international\/article\/2024\/03\/08\/joe-biden-annonce-vouloir-taxer-davantage-les-milliardaires-et-les-entreprises-campant-donald-trump-en-candidat-des-riches_6220812_3210.html\"><strong>Joe Biden<\/strong> annonce vouloir taxer davantage les milliardaires et les entreprises, campant Donald Trump en candidat des riches<\/a> (Le Monde)<\/p>\n\n\n\n<p><strong><a href=\"https:\/\/www.lemonde.fr\/international\/article\/2024\/03\/08\/en-argentine-javier-milei-mobilise-contre-lui-les-mouvements-feministes-et-lgbt_6220917_3210.html\">En Argentine, Javier Milei mobilise contre lui les mouvements f\u00e9ministes et LGBT<\/a><\/strong> (Le Monde)<\/p>\n\n\n\n<p><strong><mark style=\"background-color:rgba(0, 0, 0, 0);color:#ed1010\" class=\"has-inline-color\">7 mars<\/mark><\/strong><\/p>\n\n\n\n<p><strong>France<\/strong><\/p>\n\n\n\n<p><strong><a href=\"https:\/\/blogs.mediapart.fr\/ruffin-francois\/blog\/070324\/les-femmes-de-prysmian\">Les femmes de Prysmian<\/a><\/strong> (Blog de&nbsp;Ruffin Fran\u00e7ois)<\/p>\n\n\n\n<p><a href=\"https:\/\/www.francetvinfo.fr\/france\/provence-alpes-cote-d-azur\/greve-feministe-on-vous-explique-dans-quel-cadre-vous-pouvez-cesser-le-travail-le-8-mars_6409219.html\" target=\"_blank\" rel=\"noreferrer noopener\">\u00ab\u00a0Gr\u00e8ve f\u00e9ministe\u00a0\u00bb : on vous explique dans quel cadre vous pouvez cesser le travail le 8&nbsp;mars<\/a> (France Info)<a href=\"https:\/\/www.liberation.fr\/societe\/police-justice\/au-cra-de-vincennes-de-nouveaux-soupcons-de-violences-policieres-envers-des-retenus-20240224_CE7K7KKO2NAMFELMYNNKKOQTUA\/\"><\/a><\/p>\n\n\n\n<p><strong>Monde<\/strong><a href=\"https:\/\/www.lemonde.fr\/international\/article\/2024\/03\/07\/en-haiti-les-gangs-ont-transforme-leur-controle-territorial-en-domination-sociale-economique-et-militaire_6220626_3210.html\"><\/a><\/p>\n\n\n\n<p><a href=\"https:\/\/www.lemonde.fr\/international\/article\/2024\/03\/07\/en-haiti-les-gangs-ont-transforme-leur-controle-territorial-en-domination-sociale-economique-et-militaire_6220626_3210.html\">En <strong>Ha\u00efti<\/strong>, \u00ables gangs ont transform\u00e9 leur contr\u00f4le territorial en domination sociale, \u00e9conomique et militaire\u00bb<\/a> (Le Monde)<\/p>\n\n\n\n<p><strong><a href=\"https:\/\/www.francetvinfo.fr\/monde\/proche-orient\/israel-palestine\/toutes-les-preuves-etaient-la-quelques-jours-avant-l-attaque-du-7-octobre-des-soldates-israeliennes-avaient-alerte-les-autorites_6408196.html\">\u00ab\u00a0Toutes les preuves \u00e9taient l\u00e0\u00a0\u00bb : quelques jours avant les attaques du Hamas, des soldates isra\u00e9liennes avaient alert\u00e9 les autorit\u00e9s<\/a> <\/strong>(France Info)<\/p>\n\n\n\n<p><a href=\"https:\/\/www.francetvinfo.fr\/monde\/proche-orient\/israel-palestine\/direct-guerre-entre-israel-et-le-hamas-la-situation-a-gaza-est-une-honte-pour-la-civilisation-selon-le-chef-de-la-diplomatie-chinoise_6409252.html\">Les n\u00e9gociations sur une tr\u00eave dans la bande de <strong>Gaza<\/strong> ne \u00ab\u00a0sont pas rompues\u00a0\u00bb, estime Washington<\/a>&nbsp;(Le direct de France Info)<\/p>\n\n\n\n<p><a href=\"https:\/\/www.rfi.fr\/fr\/moyen-orient\/20240307-discussions-sur-une-tr%C3%AAve-%C3%A0-gaza-la-d%C3%A9l%C3%A9gation-du-hamas-quitte-le-caire\">Discussions sur une tr\u00eave \u00e0 Gaza : la d\u00e9l\u00e9gation du Hamas quitte Le Caire<\/a> (RFI)<\/p>\n\n\n\n<p><a href=\"https:\/\/www.francetvinfo.fr\/monde\/otan\/la-suede-devient-officiellement-le-32e-membre-de-l-otan_6410038.html\">La Su\u00e8de devient officiellement le 32e membre de l&rsquo;Otan<\/a> (France Info)<\/p>\n\n\n\n<p><strong><mark style=\"background-color:rgba(0, 0, 0, 0);color:#ed1010\" class=\"has-inline-color\">6 mars<\/mark><\/strong><\/p>\n\n\n\n<p><strong>France<\/strong><\/p>\n\n\n\n<p><a href=\"https:\/\/www.off-investigation.fr\/guillaume-kasbarian-nouveau-ministre-du-delogement\/\" target=\"_blank\" rel=\"noreferrer noopener\">Guillaume Kasbarian, nouveau ministre du (d\u00e9)logement ?<\/a>&nbsp;(Off Investigation)<a href=\"https:\/\/www.francetvinfo.fr\/politique\/les-republicains\/le-depute-alexandre-vincendet-exclu-du-groupe-les-republicains-a-l-assemblee-nationale_6407707.html\"><\/a><\/p>\n\n\n\n<p><a href=\"https:\/\/www.francetvinfo.fr\/politique\/les-republicains\/le-depute-alexandre-vincendet-exclu-du-groupe-les-republicains-a-l-assemblee-nationale_6407707.html\">Le d\u00e9put\u00e9 Alexandre Vincendet exclu du groupe Les R\u00e9publicains \u00e0 l&rsquo;Assembl\u00e9e nationale<\/a> (France Info)<\/p>\n\n\n\n<p><a><\/a><a href=\"https:\/\/www.lemonde.fr\/politique\/article\/2024\/03\/06\/le-senat-veut-a-nouveau-attribuer-une-partie-de-l-epargne-du-livret-a-a-l-industrie-de-la-defense_6220403_823448.html\">Le S\u00e9nat veut \u00e0 nouveau attribuer une partie de l\u2019\u00e9pargne du Livret&nbsp;A \u00e0 l\u2019industrie de la d\u00e9fense<\/a> (Le Monde)<\/p>\n\n\n\n<p><a href=\"https:\/\/lanticapitaliste.org\/actualite\/international\/macron-matamore-irresponsable-sur-lukraine-comme-sur-le-reste\">Macron, matamore irresponsable sur l\u2019Ukraine comme sur le reste !<\/a> (L\u2019Anticapitaliste)<\/p>\n\n\n\n<p><strong><a href=\"https:\/\/lanticapitaliste.org\/actualite\/politique\/les-europeennes-des-elections-bien-trop-nationales\">Les europ\u00e9ennes, des \u00e9lections bien trop nationales<\/a><\/strong> (L\u2019Anticapitaliste)<\/p>\n\n\n\n<p><strong>Monde<\/strong><\/p>\n\n\n\n<p><strong><a href=\"https:\/\/www.lemonde.fr\/idees\/article\/2024\/03\/06\/gaza-l-injustifiable-politique-de-la-terre-brulee-d-israel_6220433_3232.html\">Gaza&nbsp;: l\u2019injustifiable politique de la terre br\u00fbl\u00e9e d\u2019Isra\u00ebl<\/a> <\/strong>(Le Monde, \u00e9ditorial)<\/p>\n\n\n\n<p><a href=\"https:\/\/brunobertez.com\/2024\/03\/06\/extension-de-la-famine-a-gaza\/\">Isra\u00ebl\/Palestine. Extension de la famine \u00e0 Gaza<\/a>&nbsp;(Bruno Bertez)<\/p>\n\n\n\n<p><a href=\"https:\/\/blogs.mediapart.fr\/francaises-juives-et-francais-juifs-pour-un-cessez-le-feu\/blog\/060324\/nous-francaises-juives-et-francais-juifs-appelons-un\">Nous, Fran\u00e7aises juives et Fran\u00e7ais juifs, appelons \u00e0 un cessez-le-feu imm\u00e9diat et durable \u00e0 Gaza<\/a> (Club de M\u00e9diapart, Tribune)<\/p>\n\n\n\n<p><a href=\"https:\/\/www.huffingtonpost.fr\/international\/article\/israel-le-cabinet-de-guerre-de-benjamin-netanyahu-au-bord-de-l-implosion_230852.html\">En pleines n\u00e9gociations sur Gaza, le cabinet de guerre de Netanyahu au bord de l\u2019implosion<\/a> (Huffpost)<\/p>\n\n\n\n<p><a href=\"https:\/\/www.mediapart.fr\/journal\/international\/050324\/un-rapport-de-l-onu-confirme-des-crimes-sexuels-du-hamas-le-7-octobre\">Un rapport de l\u2019ONU confirme des crimes sexuels du Hamas le 7&nbsp;octobre\u2026<\/a> Mais pas que\u2026 (M\u00e9diapart)<\/p>\n\n\n\n<p><strong><a href=\"https:\/\/orientxxi.info\/magazine\/aaron-bushnell-le-soldat-americain-qui-s-est-immole-pour-gaza,7114\" target=\"_blank\" rel=\"noreferrer noopener\">Aaron Bushnell, le soldat am\u00e9ricain qui s&rsquo;est immol\u00e9 pour Gaza<\/a>&nbsp;<\/strong>(Orient XXI)<\/p>\n\n\n\n<p><a href=\"https:\/\/www.chroniquepalestine.com\/hypocrisie-et-genocide-gaza-a-expose-occident-comme-jamais-auparavant\/\">Hypocrisie et g\u00e9nocide : Gaza a expos\u00e9 l\u2019Occident comme jamais auparavant<\/a>&nbsp;(Chronique de Palestine)<\/p>\n\n\n\n<p><a href=\"https:\/\/euromedmonitor.org\/en\/article\/6202\" target=\"_blank\" rel=\"noreferrer noopener\">Les chars isra\u00e9liens ont d\u00e9lib\u00e9r\u00e9ment \u00e9cras\u00e9 des dizaines de civils palestiniens vivants <\/a>(Rapport d\u2019Euro-Med Human Rights)<\/p>\n\n\n\n<p><a href=\"https:\/\/www.france24.com\/fr\/asie-pacifique\/20240304-l-iran-enregistre-son-taux-de-participation-le-plus-faible-pour-les-l%C3%A9gislatives\">L<strong>&lsquo;Iran <\/strong>enregistre son taux de participation le plus faible pour les l\u00e9gislatives<\/a>&nbsp; (France24)<\/p>\n\n\n\n<p><a href=\"https:\/\/www.middleeasteye.net\/fr\/actu-et-enquetes\/egypte-huit-hommes-politiques-de-lopposition-condamnes-la-peine-de-mort-lissue-dun\"><strong>\u00c9gypte<\/strong> : huit hommes politiques de l\u2019opposition condamn\u00e9s \u00e0 la peine de mort \u00e0 l\u2019issue d\u2019un proc\u00e8s de masse<\/a> (MEE)<\/p>\n\n\n\n<p><strong>Analyse<\/strong><\/p>\n\n\n\n<p><a href=\"https:\/\/theconversation.com\/biden-trump-et-la-course-aux-financements-de-la-campagne-electorale-americaine-224663?utm_medium=email&amp;utm_campaign=La%20lettre%20de%20The%20Conversation%20France%20du%203%20mars%202024%20-%202896529412&amp;utm_content=La%20lettre%20de%20The%20Conversation%20France%20du%203%20mars%202024%20-%202896529412+CID_907bacf419f3292bc2e87eb5b53b7bed&amp;utm_source=campaign_monitor_fr&amp;utm_term=Biden%20Trump%20et%20la%20course%20aux%20financements%20de%20la%20campagne%20lectorale%20amricaine\">Biden, Trump et la course aux financements de la campagne \u00e9lectorale am\u00e9ricaine<\/a>&nbsp;&nbsp;(The Conversation)<\/p>\n\n\n\n<p><strong><mark style=\"background-color:rgba(0, 0, 0, 0);color:#ed1010\" class=\"has-inline-color\">5 mars<\/mark><\/strong><\/p>\n\n\n\n<p><strong>France<\/strong><\/p>\n\n\n\n<p><a href=\"https:\/\/www.politis.fr\/articles\/2024\/03\/comment-francois-ruffin-veut-aller-au-front\/\" target=\"_blank\" rel=\"noreferrer noopener\">Comment Fran\u00e7ois Ruffin veut aller au front<\/a>&nbsp;(Politis)<\/p>\n\n\n\n<p><a href=\"https:\/\/www.mediapart.fr\/journal\/international\/050324\/comment-la-france-gonfle-les-chiffres-de-son-aide-militaire-l-ukraine\" target=\"_blank\" rel=\"noreferrer noopener\">Comment la France gonfle les chiffres de son aide militaire \u00e0 l\u2019Ukraine<\/a>&nbsp;(M\u00e9diapart)<\/p>\n\n\n\n<p><a href=\"https:\/\/t.nl.france3.fr\/r\/?id=h1e68a35e,6c8f5724,5fdfd6fb&amp;p1=726375-1613287517-668363dc\" target=\"_blank\" rel=\"noreferrer noopener\">Un m\u00e9decin cubain qui r\u00eave de travailler dans l&rsquo;Yonne menac\u00e9 d&rsquo;expulsion<\/a> (France 3)<\/p>\n\n\n\n<p><a href=\"https:\/\/www.mediapart.fr\/journal\/france\/040324\/des-militants-d-extreme-droite-recidivistes-de-la-relaxe-et-du-non-lieu-de-nouveau-juges\" target=\"_blank\" rel=\"noreferrer noopener\">Des militants d\u2019extr\u00eame droite, r\u00e9cidivistes de la relaxe et du non-lieu, de nouveau jug\u00e9s<\/a>&nbsp;(M\u00e9diapart)<\/p>\n\n\n\n<p><a href=\"https:\/\/www.liberation.fr\/societe\/police-justice\/au-cra-de-vincennes-de-nouveaux-soupcons-de-violences-policieres-envers-des-retenus-20240224_CE7K7KKO2NAMFELMYNNKKOQTUA\/\"><\/a><\/p>\n\n\n\n<p><strong>Monde<\/strong><\/p>\n\n\n\n<p><a href=\"https:\/\/orientxxi.info\/magazine\/italie-faut-il-etre-un-alien-pour-pouvoir-parler-du-genocide-a-gaza,7108\" target=\"_blank\" rel=\"noreferrer noopener\"><strong>Italie<\/strong>. Faut-il \u00eatre un alien pour pouvoir parler du g\u00e9nocide \u00e0 <strong>Gaza<\/strong>&nbsp;?<\/a> (Orient XXI)<\/p>\n\n\n\n<p><a href=\"https:\/\/orientxxi.info\/magazine\/cour-internationale-de-justice-ou-cour-penale-internationale-qui-peut-aider-le,7089\" target=\"_blank\" rel=\"noreferrer noopener\">Cour internationale de justice ou Cour p\u00e9nale internationale. Qui peut aider les <strong>Palestiniens<\/strong>&nbsp;?<\/a> (Orient XXI)<\/p>\n\n\n\n<p><a href=\"https:\/\/orientxxi.info\/magazine\/les-meandres-de-la-strategie-chinoise,7092\" target=\"_blank\" rel=\"noreferrer noopener\"><strong>Palestine<\/strong>&nbsp;: les m\u00e9andres de la strat\u00e9gie <strong>chinoise<\/strong><\/a> (Orient XXI)<\/p>\n\n\n\n<p><a href=\"https:\/\/www.blast-info.fr\/articles\/2024\/la-catastrophe-environnementale-lautre-menace-pour-gaza-YIvhNtfWR6SZPOgDFO6BDw\" target=\"_blank\" rel=\"noreferrer noopener\">La catastrophe environnementale, l&rsquo;autre menace pour <strong>Gaza<\/strong><\/a>&nbsp;(Blast)<\/p>\n\n\n\n<p><a href=\"https:\/\/www.humanite.fr\/monde\/benjamin-netanyahou\/guerre-a-gaza-pourquoi-ladministration-biden-evoque-enfin-un-cessez-le-feu\" target=\"_blank\" rel=\"noreferrer noopener\"><strong>Gaza <\/strong>: pourquoi l\u2019administration Biden \u00e9voque enfin un cessez-le-feu ?<\/a>&nbsp;(L\u2019Humanit\u00e9)<\/p>\n\n\n\n<p><a href=\"https:\/\/www.blast-info.fr\/emissions\/2024\/rdc-6-millions-de-morts-et-une-guerre-qui-dure-depuis-30-ans-Cm1rVMrWRm-Mdyt1OSdq-g\" target=\"_blank\" rel=\"noreferrer noopener\"><strong>RDC<\/strong> : 6 millions de morts et une guerre qui dure depuis 30 ans<\/a>&nbsp;(Blast)<\/p>\n\n\n\n<p><a href=\"https:\/\/www.mediapart.fr\/journal\/fil-dactualites\/050324\/en-allemagne-un-groupe-d-extreme-gauche-sabote-une-usine-tesla\">En <strong>Allemagne<\/strong>, un groupe d\u2019extr\u00eame gauche \u2018sabote\u2019 une usine Tesla<\/a> (M\u00e9diapart)<\/p>\n\n\n\n<p><strong>Analyse<\/strong><\/p>\n\n\n\n<p><a href=\"https:\/\/www.monde-diplomatique.fr\/2024\/03\/PRUNIER\/66645\" target=\"_blank\" rel=\"noreferrer noopener\"><strong>Soudan, de la transition \u00e0 la dislocation<\/strong><\/a>&nbsp; -G\u00e9rard Prunier (Le Monde diplomatique)<\/p>\n\n\n\n<p><a href=\"https:\/\/www.alternatives-economiques.fr\/christian-chavagneux\/revolution-conservatrice-macronienne\/00109933\" target=\"_blank\" rel=\"noreferrer noopener\"><strong>La r\u00e9volution conservatrice macronienne<\/strong><\/a>&nbsp;(Alter \u00e9co)<\/p>\n\n\n\n<p><strong><mark style=\"background-color:rgba(0, 0, 0, 0);color:#ed1010\" class=\"has-inline-color\">4 mars<\/mark><\/strong><\/p>\n\n\n\n<p><strong>France<\/strong><\/p>\n\n\n\n<p><strong><a href=\"https:\/\/www.liberation.fr\/societe\/droits-des-femmes\/en-direct-ivg-dans-la-constitution-suivez-le-vote-historique-au-congres-20240304_5C2GBKAULJGAHHIEPCUOIOE5UY\/\">EN DIRECT &#8211; Le Congr\u00e8s adopte l\u2019inscription dans la Constitution de \u00abla libert\u00e9 garantie \u00e0 la femme d\u2019avoir recours \u00e0 l\u2019IVG\u00bb<\/a><\/strong> (Lib\u00e9ration, acc\u00e8s libre)<\/p>\n\n\n\n<p><a href=\"https:\/\/www.francetvinfo.fr\/societe\/ivg\/infographies-inscription-de-l-ivg-dans-la-constitution-comment-ont-vote-vos-deputes-et-senateurs-avant-le-congres_6397876.html\">Comment vos d\u00e9put\u00e9s et s\u00e9nateurs ont-ils vot\u00e9 sur cette r\u00e9vision constitutionnelle avant le Congr\u00e8s&nbsp;?<\/a> (France info)<\/p>\n\n\n\n<p><a href=\"https:\/\/www.mediapart.fr\/journal\/politique\/030324\/bardella-lance-sa-campagne-pour-les-europeennes-en-agitant-les-peurs-francaises\">En meeting \u00e0 Marseille, Bardella continue d\u2019agiter les peurs fran\u00e7aises<\/a> (M\u00e9diapart)<\/p>\n\n\n\n<p><a href=\"https:\/\/www.mediapart.fr\/journal\/international\/020324\/au-parlement-europeen-le-bilan-famelique-de-jordan-bardella\">Le bilan fam\u00e9lique de la t\u00eate de liste du RN au Parlement europ\u00e9en<\/a> (M\u00e9diapart)<\/p>\n\n\n\n<p><a href=\"https:\/\/www.huffingtonpost.fr\/politique\/article\/elections-europeennes-le-rn-s-arrange-avec-la-realite-du-bilan-famelique-de-jordan-bardella-au-parlement_230699.html\">Le RN tente de minimiser la r\u00e9alit\u00e9 du bilan fam\u00e9lique de Bardella au Parlement europ\u00e9en<\/a> (Huffpost)<\/p>\n\n\n\n<p><a href=\"https:\/\/link.newsletter.franceculture.fr\/m\/ml\/7429\/857622\/p6asw-QdgJ1w9Vna_iTXIm9C5lXTLJmivm821gAfcU8=\/MyMRZWTVWcKCJs2m5zkdnF5czRtJuAk4bN1TfSgpAz4=\/\" target=\"_blank\" rel=\"noreferrer noopener\">Police&nbsp;: le grand malaise<\/a> (France Culture)<\/p>\n\n\n\n<p><strong><a href=\"https:\/\/france3-regions.francetvinfo.fr\/normandie\/eure\/concessions-d-autoroutes-bruno-le-maire-vise-par-une-enquete-pour-usage-de-faux-2932776.html\">Concessions d&rsquo;autoroutes : Bruno Le Maire vis\u00e9 par une enqu\u00eate pour usage de faux<\/a><\/strong>&nbsp;(France 3)<a href=\"https:\/\/www.liberation.fr\/societe\/police-justice\/au-cra-de-vincennes-de-nouveaux-soupcons-de-violences-policieres-envers-des-retenus-20240224_CE7K7KKO2NAMFELMYNNKKOQTUA\/\"><\/a><\/p>\n\n\n\n<p><strong>Monde<\/strong><\/p>\n\n\n\n<p><strong><a href=\"https:\/\/www.rfi.fr\/fr\/en-bref\/20240304-tr%C3%AAve-%C3%A0-gaza-deuxi%C3%A8me-jour-de-n%C3%A9gociations-au-caire-un-progr%C3%A8s-significatif-tv-%C3%A9gyptienne\">Tr\u00eave \u00e0 Gaza : deuxi\u00e8me jour de n\u00e9gociations au Caire, un \u00abprogr\u00e8s significatif\u00bb (TV \u00e9gyptienne)<\/a> <\/strong>(RFI)<\/p>\n\n\n\n<p><a href=\"https:\/\/www.rfi.fr\/fr\/moyen-orient\/20240303-isra%C3%ABl-la-visite-aux-%C3%A9tats-unis-de-benny-gantz-provoque-la-col%C3%A8re-de-benyamin-netanyahu\">Isra\u00ebl : la visite aux \u00c9tats-Unis de Benny Gantz provoque la col\u00e8re de Benyamin Netanyahu<\/a> (RFI)<\/p>\n\n\n\n<p><strong><a href=\"https:\/\/www.lemonde.fr\/international\/article\/2024\/03\/04\/guerre-israel-hamas-la-vice-presidente-americaine-kamala-harris-appelle-a-un-cessez-le-feu-immediat-a-gaza_6219849_3211.html\">La vice-pr\u00e9sidente am\u00e9ricaine, Kamala Harris, appelle \u00e0 un \u00ab&nbsp;cessez-le-feu imm\u00e9diat&nbsp;\u00bb \u00e0 Gaza<\/a><\/strong> (Le Monde)<\/p>\n\n\n\n<p><a href=\"https:\/\/www.middleeasteye.net\/fr\/opinion-fr\/guerre-gaza-les-etats-unis-gagnent-du-temps-pour-permettre-le-genocide-israelien\"><strong>Gaza<\/strong> : les \u00c9tats-Unis gagnent du temps pour permettre le g\u00e9nocide isra\u00e9lien<\/a> (MEE)<\/p>\n\n\n\n<p><a href=\"https:\/\/www.middleeasteye.net\/fr\/actu-et-enquetes\/guerre-gaza-des-images-montrent-un-vehicule-blinde-israelien-ecraser-un-detenu\"><strong>Gaza<\/strong> : des images montrent un v\u00e9hicule blind\u00e9 isra\u00e9lien \u00e9craser un d\u00e9tenu palestinien<\/a> (MEE)<\/p>\n\n\n\n<p><a href=\"https:\/\/www.rfi.fr\/fr\/am%C3%A9riques\/20240304-%C3%A9tats-unis-nikki-haley-remporte-sa-premi%C3%A8re-primaire-face-%C3%A0-donald-trump-%C3%A0-washington\"><strong>\u00c9tats-Unis<\/strong> : Nikki Haley remporte sa premi\u00e8re primaire face \u00e0 Donald Trump \u00e0 Washington<\/a> (RFI)<\/p>\n\n\n\n<p><a href=\"https:\/\/www.middleeasteye.net\/fr\/entretiens\/nissaf-slama-la-situation-des-droits-de-lhomme-en-algerie-est-desastreuse\">Nissaf Slama&nbsp;: \u00ab&nbsp;La situation des droits de l\u2019homme en <strong>Alg\u00e9rie<\/strong> est d\u00e9sastreuse&nbsp;\u00bb<\/a> (MEE)<\/p>\n\n\n\n<p><a href=\"https:\/\/link.newsletter.franceculture.fr\/m\/ml\/7429\/857622\/p6asw-QdgJ1w9Vna_iTXIm9C5lXTLJmivm821gAfcU8=\/MyMRZWTVWcKCJs2m5zkdnDqDIbARnBwZ4kvT+qnSd50=\/\" target=\"_blank\" rel=\"noreferrer noopener\">\u00c9lections en <strong>Iran<\/strong>&nbsp;: l\u2019abstention pourrait-elle \u00e9branler le r\u00e9gime&nbsp;?<\/a> (France Culture)<\/p>\n\n\n\n<p><strong>Analyse<\/strong><\/p>\n\n\n\n<p><a href=\"https:\/\/lundi.am\/La-guerre-en-tete-sur-le-front-de-la-Syrie-a-l-Ukraine\" target=\"_blank\" rel=\"noreferrer noopener\">La guerre en t\u00eate&nbsp;: sur le front de la <strong>Syrie<\/strong> \u00e0 l\u2019<strong>Ukraine<\/strong><\/a><a> <\/a>(Lundimatin)<\/p>\n\n\n\n<p><a href=\"https:\/\/lundi.am\/La-Mort-aux-trousses\" target=\"_blank\" rel=\"noreferrer noopener\">La Mort aux trousses&nbsp;: de la colonie p\u00e9nitentiaire de Navalny aux sous-sols de la centrale de Zaporija<\/a> (Lundimatin)<\/p>\n\n\n\n<p><a href=\"https:\/\/adherez.attac.org\/civicrm\/mailing\/url?u=28003&amp;qid=27398285\" target=\"_blank\" rel=\"noreferrer noopener\">Face \u00e0 la guerre en <strong>Ukraine<\/strong>&nbsp;: arguments pour un&nbsp;\u00ab&nbsp;agenda de gauche&nbsp;\u00bb<\/a> (Les Possibles)<\/p>\n\n\n\n<p><a href=\"https:\/\/lundi.am\/Sahara-occidental-perissent-nos-principes-plutot-que-la-derniere-colonie-d\" target=\"_blank\" rel=\"noreferrer noopener\"><strong>Sahara occidental<\/strong>&nbsp;: p\u00e9rissent nos principes plut\u00f4t que la derni\u00e8re colonie d\u2019Afrique&nbsp;?<\/a> (Lundimatin)<\/p>\n\n\n\n<p><a href=\"https:\/\/elucid.media\/politique\/les-elites-ont-abandonne-l-interet-national-marie-francoise-bechtel\"><strong>\u00abLes \u00e9lites ont abandonn\u00e9 l&rsquo;int\u00e9r\u00eat national\u00bb &#8211; Marie-Fran\u00e7oise Bechtel<\/strong><\/a> (Elucid)<\/p>\n\n\n\n<p><a href=\"https:\/\/www.youtube.com\/watch?v=nm5Wi1_K4aA\"><strong>Le stade final du capitalisme<\/strong><\/a> (Canard r\u00e9fractaire)<\/p>\n\n\n\n<p><a href=\"https:\/\/blogs.mediapart.fr\/cetri-centre-tricontinental\/blog\/040324\/des-elections-en-mal-de-democratie\">Des \u00e9lections en mal de d\u00e9mocratie ?<\/a>&nbsp;(CETRI)<\/p>\n\n\n\n<p><strong><a href=\"https:\/\/blogs.mediapart.fr\/tsedek\/blog\/040324\/le-7-octobre-un-massacre-antisemite\">Le 7 octobre : un massacre antis\u00e9mite ?<\/a>&nbsp;<\/strong>(Tsedek!)<\/p>\n\n\n\n<p><strong><mark style=\"background-color:rgba(0, 0, 0, 0);color:#ed1010\" class=\"has-inline-color\">2 mars<\/mark><\/strong><\/p>\n\n\n\n<p><strong>France<\/strong><\/p>\n\n\n\n<p><a href=\"https:\/\/www.blast-info.fr\/articles\/2024\/insultes-boycott-reinformation-lextreme-droite-en-croisade-contre-le-journalisme-RzttrXBPQfe-k-U1615AUw\" target=\"_blank\" rel=\"noreferrer noopener\">Insultes, boycott, r\u00e9information : l&rsquo;extr\u00eame droite en croisade contre le journalisme<\/a>&nbsp;(Blast)<\/p>\n\n\n\n<p><a href=\"https:\/\/www.mediapart.fr\/journal\/politique\/020324\/sur-l-agriculture-les-lignes-erratiques-des-votes-du-rn\" target=\"_blank\" rel=\"noreferrer noopener\">Sur l\u2019agriculture, les lignes erratiques des votes du RN<\/a>&nbsp;(M\u00e9diapart)<\/p>\n\n\n\n<p><a href=\"https:\/\/www.rfi.fr\/fr\/france\/20240301-%C3%A9lections-europ%C3%A9ennes-en-france-le-rn-confirme-sa-priorit%C3%A9-de-la-lutte-contre-l-immigration\">\u00c9lections europ\u00e9ennes : le RN confirme sa priorit\u00e9 de la lutte contre l\u2019immigration<\/a> (RFI)<\/p>\n\n\n\n<p><a href=\"https:\/\/www.francetvinfo.fr\/societe\/salon-de-l-agriculture\/c-est-assez-cocasse-une-visite-quasiment-sans-encombres-pour-les-ecologistes-au-salon-de-l-agriculture_6398191.html\">Une visite quasiment sans encombre pour les \u00e9cologistes au Salon de l\u2019agriculture<\/a> (France Info)<\/p>\n\n\n\n<p><a href=\"https:\/\/www.ldh-france.org\/nouvelle-escalade-repressive-a-lencontre-de-militants-ecologistes-dans-le-tarn\/\" target=\"_blank\" rel=\"noreferrer noopener\"><strong>Nouvelle escalade r\u00e9pressive \u00e0 l\u2019encontre de militants \u00e9cologistes dans le Tarn<\/strong><\/a> (LDH)<\/p>\n\n\n\n<p><a href=\"https:\/\/www.alternatives-economiques.fr\/on-une-logique-de-selection-pauvres-meritants\/00109818\" target=\"_blank\" rel=\"noreferrer noopener\">\u00ab On est dans une logique de s\u00e9lection des pauvres m\u00e9ritants \u00bb<\/a>&nbsp;(Alter \u00e9co)<\/p>\n\n\n\n<p><a href=\"https:\/\/www.alternatives-economiques.fr\/surveiller-punir-pauvres\/00109892\" target=\"_blank\" rel=\"noreferrer noopener\">Surveiller et punir les pauvres<\/a>&nbsp;(Alter \u00e9co)<\/p>\n\n\n\n<p><a href=\"https:\/\/www.off-investigation.fr\/autoroute-a-69la-contestation-prend-un-virage-international\/\" target=\"_blank\" rel=\"noreferrer noopener\">Autoroute \u00ab A 69 \u00bb. La contestation prend un virage international<\/a>&nbsp;(Off Investigation)<\/p>\n\n\n\n<p><a href=\"https:\/\/www.blast-info.fr\/emissions\/2024\/fin-du-droit-du-sol-a-mayotte-un-danger-qui-menace-tous-nos-principes-z-JsTyiBRduXtGQ3znpXww\" target=\"_blank\" rel=\"noreferrer noopener\">Fin du droit du sol \u00e0 Mayotte : un danger qui menace tous nos principes<\/a>&nbsp;(Blast)<\/p>\n\n\n\n<p><a href=\"https:\/\/www.blast-info.fr\/emissions\/2024\/laile-gauche-de-la-macronie-nexiste-pas-et-na-jamais-existe-tIi-rBOVQqqYCkXxnseFfg\" target=\"_blank\" rel=\"noreferrer noopener\">L\u2019aile gauche de la macronie n&rsquo;existe pas, et n&rsquo;a jamais exist\u00e9<\/a>&nbsp;(Blast)<a href=\"https:\/\/www.liberation.fr\/societe\/police-justice\/au-cra-de-vincennes-de-nouveaux-soupcons-de-violences-policieres-envers-des-retenus-20240224_CE7K7KKO2NAMFELMYNNKKOQTUA\/\"><\/a><\/p>\n\n\n\n<p><strong>Monde<\/strong><\/p>\n\n\n\n<p><a href=\"https:\/\/www.mediapart.fr\/journal\/fil-dactualites\/020324\/israel-accepte-une-treve-gaza-la-balle-dans-le-camp-du-hamas-selon-washington\"><strong>Isra\u00ebl <\/strong>a accept\u00e9 une tr\u00eave \u00e0 Gaza, \u00ab&nbsp;la balle dans le camp du Hamas&nbsp;\u00bb, selon Washington<\/a> (AFP)<a href=\"https:\/\/www.francetvinfo.fr\/monde\/proche-orient\/israel-palestine\/guerre-entre-israel-et-le-hamas-l-onu-temoigne-depuis-l-hopital-al-shifa-a-gaza_6399973.html\"><\/a><\/p>\n\n\n\n<p><a href=\"https:\/\/www.francetvinfo.fr\/monde\/proche-orient\/israel-palestine\/guerre-entre-israel-et-le-hamas-l-onu-temoigne-depuis-l-hopital-al-shifa-a-gaza_6399973.html\">Guerre entre Isra\u00ebl et le Hamas : l\u2019ONU t\u00e9moigne depuis l\u2019h\u00f4pital Al-Shifa, \u00e0 Gaza<\/a> (France info)<a href=\"https:\/\/www.rfi.fr\/fr\/en-bref\/20240302-les-%C3%A9tats-unis-ont-commenc%C3%A9-les-largages-a%C3%A9riens-d-aide-sur-gaza\"><\/a><\/p>\n\n\n\n<p><a href=\"https:\/\/www.rfi.fr\/fr\/en-bref\/20240302-les-%C3%A9tats-unis-ont-commenc%C3%A9-les-largages-a%C3%A9riens-d-aide-sur-gaza\">Les \u00c9tats-Unis ont commenc\u00e9 les largages a\u00e9riens d&rsquo;aide sur Gaza<\/a> (RFI)<\/p>\n\n\n\n<p><a href=\"https:\/\/www.ldh-france.org\/stop-au-massacre-et-a-la-famine-a-gaza-ne-laissons-pas-le-pouvoir-israelien-affamer-tout-un-peuple\/\" target=\"_blank\" rel=\"noreferrer noopener\">Stop au massacre et \u00e0 la famine \u00e0 Gaza : ne laissons pas le pouvoir isra\u00e9lien affamer tout un peuple !<\/a>&nbsp;(LDH)<\/p>\n\n\n\n<p><a href=\"https:\/\/www.blast-info.fr\/emissions\/2024\/un-medecin-de-msf-raconte-lhorreur-limpuissance-et-le-desespoir-a-gaza-dI-02bjWQA-OrUkKOtnN3w\" target=\"_blank\" rel=\"noreferrer noopener\">Un m\u00e9decin de MSF raconte l&rsquo;horreur, l&rsquo;impuissance et le d\u00e9sespoir \u00e0 Gaza<\/a>&nbsp;(Blast)<\/p>\n\n\n\n<p><a href=\"https:\/\/algeria-watch.org\/?p=91976\">Ghaza enregistre le pire niveau de malnutrition au monde<\/a> (El Watan)<\/p>\n\n\n\n<p><a href=\"https:\/\/www.fidh.org\/fr\/regions\/maghreb-moyen-orient\/israel-palestine\/justice-pour-les-deux-defenseuses-des-droits-humains-palestiniennes\" target=\"_blank\" rel=\"noreferrer noopener\">Justice pour les deux d\u00e9fenseures des droits humains palestiniennes assassin\u00e9es \u00e0 Gaza avec leurs familles<\/a>&nbsp; (FIDH)<\/p>\n\n\n\n<p><a href=\"https:\/\/alencontre.org\/ameriques\/amelat\/argentine\/argentine-milei-a-annonce-le-1er-mars-quil-intensifiait-son-plan-de-guerre-contre-les-travailleurs-et-travailleuses.html\"><strong>Argentine<\/strong>. \u00abMilei a annonc\u00e9, le 1er&nbsp;mars, qu\u2019il intensifiait son plan de guerre contre les travailleurs et travailleuses\u00bb<\/a> (A l\u2019Encontre)<\/p>\n\n\n\n<p><a href=\"https:\/\/www.hrw.org\/fr\/news\/2024\/03\/01\/tchad-un-eminent-dirigeant-de-lopposition-tue\"><strong>Tchad<\/strong> : Un \u00e9minent dirigeant de l\u2019opposition tu\u00e9<\/a> (HRW)<\/p>\n\n\n\n<p><strong>Analyse<\/strong><\/p>\n\n\n\n<p><a href=\"https:\/\/www.mediapart.fr\/journal\/international\/010324\/enquete-sur-la-campagne-d-israel-pour-tuer-l-unrwa-l-agence-de-l-onu-pour-les-palestiniens\"><strong>Enqu\u00eate sur la campagne d\u2019Isra\u00ebl pour tuer l\u2019UNRWA<\/strong><\/a> (M\u00e9diapart)<\/p>\n\n\n\n<p><a href=\"https:\/\/www.alternatives-economiques.fr\/herve-nathan\/trois-livres-comprendre-guerre-de-gaza-ne-desesperer-complete\/00109917\" target=\"_blank\" rel=\"noreferrer noopener\">Trois livres pour comprendre la guerre de Gaza, et ne pas d\u00e9sesp\u00e9rer compl\u00e8tement<\/a>&nbsp;(Alter \u00e9co)<\/p>\n\n\n\n<p><a href=\"https:\/\/www.lemediatv.fr\/emissions\/2024\/racisme-detat-pourquoi-il-faut-regarder-la-realite-en-face-olivier-le-cour-grandmaison-julien-thery-c_ues-ppQ-q8oIOuSzpYVA\" target=\"_blank\" rel=\"noreferrer noopener\"><strong>Racisme d&rsquo;Etat : pourquoi il faut regarder la r\u00e9alit\u00e9 en face | Olivier Le Cour Grandmaison<\/strong><\/a>(Le M\u00e9dia)<\/p>\n\n\n\n<p><a href=\"https:\/\/www.blast-info.fr\/emissions\/2024\/dsk-laffaire-qui-na-presque-rien-change-SFZagbtMRaOTvQrPLbBWeg\" target=\"_blank\" rel=\"noreferrer noopener\">DSK : L\u2019affaire qui n&rsquo;a (presque) rien chang\u00e9<\/a>&nbsp;(Blast)<\/p>\n\n\n\n<p><a href=\"https:\/\/blogs.mediapart.fr\/internationale-progressiste\/blog\/010324\/nous-ne-serons-pas-complices-de-la-violation-du-droit-international-par-israel\"><strong>\u00ab Nous ne serons pas complices de la violation du droit international par Isra\u00ebl&nbsp;\u00bb<\/strong><\/a> Plus de 200 l\u00e9gislateurs de 13 pays s&rsquo;unissent pour s&rsquo;opposer aux exportations d&rsquo;armes provenant de leur pays \u00e0 destination d&rsquo;Isra\u00ebl. (Internationale Progressiste)<\/p>\n\n\n\n<p><strong><mark style=\"background-color:rgba(0, 0, 0, 0);color:#ed1010\" class=\"has-inline-color\">1er mars<\/mark><\/strong><\/p>\n\n\n\n<p><strong>France<\/strong><\/p>\n\n\n\n<p><a href=\"https:\/\/www.politis.fr\/articles\/2024\/03\/sur-la-guerre-en-ukraine-les-gauches-narrivent-encore-pas-a-sunir\/\" target=\"_blank\" rel=\"noreferrer noopener\">Sur la guerre en Ukraine, les gauches n\u2019arrivent (encore) pas \u00e0 s\u2019unir<\/a>&nbsp;(Politis)<\/p>\n\n\n\n<p><a href=\"https:\/\/www.alternatives-economiques.fr\/imiter-lextreme-lui-prendre-voix-un-tres-mauvais-calcul-ele\/00109847\" target=\"_blank\" rel=\"noreferrer noopener\">Imiter l&rsquo;extr\u00eame droite pour lui prendre des voix, un tr\u00e8s mauvais calcul \u00e9lectoral<\/a>&nbsp;(Alter \u00e9co)<\/p>\n\n\n\n<p><a href=\"https:\/\/www.francetvinfo.fr\/replay-magazine\/france-2\/complement-d-enquete\/video-ils-votent-contre-leurs-adherents-quand-la-fnsea-refuse-de-faciliter-la-prise-en-charge-de-certains-agriculteurs-malades-des-pesticides_6393541.html\"><strong>La FNSEA refuse de faciliter la prise en charge de certains agriculteurs malades des pesticides <\/strong><\/a>(France Info)<\/p>\n\n\n\n<p><a href=\"https:\/\/www.francetvinfo.fr\/replay-magazine\/france-2\/complement-d-enquete\/complement-d-enquete-agriculture-pour-qui-roule-la-fnsea_6354772.html\" target=\"_blank\" rel=\"noreferrer noopener\"><strong>Agriculture : pour qui roule la FNSEA&nbsp;?<\/strong><\/a> (Compl\u00e9ment d\u2019enqu\u00eate, France 2)<\/p>\n\n\n\n<p><a href=\"https:\/\/www.mediapart.fr\/journal\/ecologie\/290224\/la-remuneration-hors-norme-d-arnaud-rousseau-president-de-la-fnsea-la-tete-du-groupe-avril\" target=\"_blank\" rel=\"noreferrer noopener\">La r\u00e9mun\u00e9ration hors norme d\u2019Arnaud Rousseau, pr\u00e9sident de la FNSEA, \u00e0 la t\u00eate du groupe Avril<\/a> (M\u00e9diapart)<\/p>\n\n\n\n<p><a href=\"https:\/\/www.streetpress.com\/sujet\/1708599681-francais-rescapes-ressortissants-gaza-etat-repas-perimes-logements-insalubres\" target=\"_blank\" rel=\"noreferrer noopener\">Des Fran\u00e7ais rescap\u00e9s de Gaza d\u00e9noncent une prise en charge \u00abd\u00e9plorable\u00bb de l\u2019\u00c9tat<\/a>&nbsp;(StreetPress)<\/p>\n\n\n\n<p><a href=\"https:\/\/www.mediapart.fr\/journal\/economie-et-social\/290224\/marine-le-pen-en-phase-avec-le-patronat-francais\" target=\"_blank\" rel=\"noreferrer noopener\">Marine Le Pen en phase avec le patronat fran\u00e7ais<\/a> (M\u00e9diapart)<\/p>\n\n\n\n<p><a href=\"https:\/\/www.frustrationmagazine.fr\/russie-guerre\/\" target=\"_blank\" rel=\"noreferrer noopener\">Russie : d\u00e9gager Macron pour ne pas finir en cendres<\/a>&nbsp;(Frustration)<\/p>\n\n\n\n<p><strong>Monde<\/strong><\/p>\n\n\n\n<p><a href=\"https:\/\/www.boursorama.com\/actualite-economique\/actualites\/gaza-l-egypte-confiante-en-un-cessez-le-feu-avant-le-ramadan-ministre-b90c009e27acc168a9ea5b0e99cc947e\"><strong>Gaza <\/strong>&#8211; L&rsquo;Egypte confiante en un cessez-le-feu avant le ramadan<\/a> (Reuters)<\/p>\n\n\n\n<p><strong><a href=\"https:\/\/www.boursorama.com\/videos\/actualites\/gaza-condamnations-internationales-apres-les-tirs-israeliens-sur-un-convoi-d-aide-95edcb3fed7f47e17190aca77cd65a84\">Gaza : condamnations internationales apr\u00e8s les tirs isra\u00e9liens sur un convoi d&rsquo;aide<\/a> <\/strong>(France 24)<strong> &nbsp;<\/strong><\/p>\n\n\n\n<p><a href=\"https:\/\/www.boursorama.com\/actualite-economique\/actualites\/gaza-sept-otages-tues-par-les-bombardements-israeliens-selon-le-hamas-217391e6adca83e6dd5d6bfa28e9dca8\">Gaza &#8211; Sept otages tu\u00e9s par les bombardements isra\u00e9liens, selon le Hamas<\/a> (Reuters)<\/p>\n\n\n\n<p><a href=\"https:\/\/www.humanite.fr\/monde\/bande-de-gaza\/le-parlement-europeen-appelle-a-un-cessez-le-feu-immediat-et-permanent-a-gaza\" target=\"_blank\" rel=\"noreferrer noopener\">Le Parlement europ\u00e9en appelle \u00e0 un cessez-le-feu imm\u00e9diat et permanent \u00e0 Gaza<\/a>&nbsp;(L\u2019Humanit\u00e9)<\/p>\n\n\n\n<p><a href=\"https:\/\/www.liberation.fr\/international\/moyen-orient\/gaza-104-palestiniens-tues-par-balles-par-larmee-israelienne-lors-dune-distribution-daide-humanitaire-20240229_MRK56LNQQBFGZOKAMO4YDD3QH4\/\"><strong>Tirs de Tsahal \u00e0 Gaza&nbsp;: 104 Palestiniens tu\u00e9s lors d\u2019une distribution d\u2019aide humanitaire<\/strong><\/a>(Lib\u00e9ration acc\u00e8s libre)<\/p>\n\n\n\n<p><a><\/a><a href=\"https:\/\/www.middleeasteye.net\/fr\/reportages\/abus-sexuels-et-passages-tabac-le-calvaire-dune-mere-palestinienne-detenue-par-israel\">Abus sexuels et passages \u00e0 tabac : le calvaire d\u2019une m\u00e8re <strong>palestinienne<\/strong> d\u00e9tenue par Isra\u00ebl<\/a> (MEE)<\/p>\n\n\n\n<p><a href=\"https:\/\/www.blast-info.fr\/articles\/2024\/israel-tue-des-journalistes-a-gaza-pourquoi-un-tel-silence-eDCSjim_RkqgKVo53Krq1A\" target=\"_blank\" rel=\"noreferrer noopener\"><strong>Isra\u00ebl<\/strong> tue des journalistes \u00e0 Gaza : pourquoi un tel silence ?<\/a>&nbsp;(Blast)<\/p>\n\n\n\n<p><a href=\"https:\/\/alencontre.org\/moyenorient\/palestine\/cisjordanie-a-jenine-les-raids-israeliens-provoquent-une-inevitable-resistance-militaire-unie-de-jeunes-palestiniens.html\"><strong>Cisjordanie<\/strong>. \u00abA J\u00e9nine, les raids isra\u00e9liens provoquent une in\u00e9vitable r\u00e9sistance militaire, unie, de jeunes Palestiniens\u00bb&nbsp;<\/a> (A l\u2019Encontre)<\/p>\n\n\n\n<p><a href=\"https:\/\/english.enabbaladi.net\/archives\/2024\/02\/regimes-security-forces-open-fire-to-disperse-demonstration-in-as-suwayda\/\" target=\"_blank\" rel=\"noreferrer noopener\">En <strong>Syrie<\/strong>, les forces de s\u00e9curit\u00e9 du r\u00e9gime ouvrent le feu pour disperser une manifestation<\/a>&nbsp;(Enab Baladi)<\/p>\n\n\n\n<p><strong>Analyse<\/strong><\/p>\n\n\n\n<p><a href=\"https:\/\/www.rfi.fr\/fr\/moyen-orient\/20240227-la-france-livre-t-elle-toujours-des-armes-%C3%A0-isra%C3%ABl-pour-bombarder-la-bande-de-gaza\"><strong>La France livre-t-elle toujours des armes \u00e0 Isra\u00ebl pour bombarder la bande de Gaza?<\/strong><\/a> (RFI, \u00e9clairage)<\/p>\n\n\n\n<p><a href=\"https:\/\/www.mediapart.fr\/journal\/politique\/290224\/les-partis-politiques-demeurent-la-seule-voie-possible-vers-l-emancipation-collective\" target=\"_blank\" rel=\"noreferrer noopener\">\u00abLes partis politiques demeurent la seule voie possible vers l\u2019\u00e9mancipation collective\u00bb<\/a>&nbsp; (M\u00e9diapart)<\/p>\n\n\n\n<p><strong><a href=\"https:\/\/orientxxi.info\/magazine\/les-derniers-hommes-de-guantanamo,7081\" target=\"_blank\" rel=\"noreferrer noopener\">Les derniers hommes de Guantanamo<\/a>&nbsp;<\/strong>(Orient XXI)<\/p>\n\n\n\n<p><\/p>\n","protected":false},"excerpt":{"rendered":"<p>30 mars France Pourquoi Glucksmann&nbsp;? (Contretemps) Gabriel Attal ou le coup de com permanent (Le Monde) Chez Les R\u00e9publicains, le match pour la pr\u00e9sidentielle de 2027 est d\u00e9j\u00e0 lanc\u00e9 entre Wauquiez et Bertrand (Le Monde) Naufrage dans la Manche&nbsp;en 2021&nbsp;: des doutes se font jour sur le r\u00f4le de l\u2019arm\u00e9e fran\u00e7aise (Le Monde) Nucl\u00e9aire&nbsp;: les &#8230; <a title=\"Mars &#8211; Politique\" class=\"read-more\" href=\"https:\/\/www.rdpemancipation.org\/?p=126191\" aria-label=\"En savoir plus sur Mars &#8211; Politique\">Lire la suite<\/a><\/p>\n","protected":false},"author":1,"featured_media":0,"comment_status":"closed","ping_status":"closed","sticky":false,"template":"","format":"standard","meta":{"_lmt_disableupdate":"","_lmt_disable":"","_jetpack_memberships_contains_paid_content":false,"footnotes":""},"categories":[6],"tags":[],"class_list":["post-126191","post","type-post","status-publish","format-standard","hentry","category-politique"],"modified_by":"nch","jetpack_featured_media_url":"","jetpack_sharing_enabled":true,"_links":{"self":[{"href":"https:\/\/www.rdpemancipation.org\/index.php?rest_route=\/wp\/v2\/posts\/126191","targetHints":{"allow":["GET"]}}],"collection":[{"href":"https:\/\/www.rdpemancipation.org\/index.php?rest_route=\/wp\/v2\/posts"}],"about":[{"href":"https:\/\/www.rdpemancipation.org\/index.php?rest_route=\/wp\/v2\/types\/post"}],"author":[{"embeddable":true,"href":"https:\/\/www.rdpemancipation.org\/index.php?rest_route=\/wp\/v2\/users\/1"}],"replies":[{"embeddable":true,"href":"https:\/\/www.rdpemancipation.org\/index.php?rest_route=%2Fwp%2Fv2%2Fcomments&post=126191"}],"version-history":[{"count":56,"href":"https:\/\/www.rdpemancipation.org\/index.php?rest_route=\/wp\/v2\/posts\/126191\/revisions"}],"predecessor-version":[{"id":127258,"href":"https:\/\/www.rdpemancipation.org\/index.php?rest_route=\/wp\/v2\/posts\/126191\/revisions\/127258"}],"wp:attachment":[{"href":"https:\/\/www.rdpemancipation.org\/index.php?rest_route=%2Fwp%2Fv2%2Fmedia&parent=126191"}],"wp:term":[{"taxonomy":"category","embeddable":true,"href":"https:\/\/www.rdpemancipation.org\/index.php?rest_route=%2Fwp%2Fv2%2Fcategories&post=126191"},{"taxonomy":"post_tag","embeddable":true,"href":"https:\/\/www.rdpemancipation.org\/index.php?rest_route=%2Fwp%2Fv2%2Ftags&post=126191"}],"curies":[{"name":"wp","href":"https:\/\/api.w.org\/{rel}","templated":true}]}}