{"id":126189,"date":"2024-03-01T01:30:00","date_gmt":"2024-03-01T00:30:00","guid":{"rendered":"https:\/\/www.rdpemancipation.org\/?p=126189"},"modified":"2024-03-31T10:24:01","modified_gmt":"2024-03-31T08:24:01","slug":"mars-economie-3","status":"publish","type":"post","link":"https:\/\/www.rdpemancipation.org\/?p=126189","title":{"rendered":"Mars &#8211; \u00c9conomie"},"content":{"rendered":"\n<p><strong><mark style=\"background-color:rgba(0, 0, 0, 0);color:#ed1010\" class=\"has-inline-color\">30 mars<\/mark><\/strong><\/p>\n\n\n\n<p><strong>France<\/strong><\/p>\n\n\n\n<p><a href=\"https:\/\/www.lemonde.fr\/politique\/article\/2024\/03\/29\/retraites-complementaires-le-gouvernement-toujours-tente-de-ponctionner-le-magot-de-l-agirc-arrco_6224875_823448.html\">Retraites compl\u00e9mentaires&nbsp;: le gouvernement toujours tent\u00e9 de ponctionner le \u00ab&nbsp;magot&nbsp;\u00bb de l\u2019Agirc-Arrco<\/a> (Le Monde)<\/p>\n\n\n\n<p><a href=\"https:\/\/reporterre.net\/2-76-millions-d-euros-le-cout-de-la-repression-des-opposants-a-l-A69\"><strong>2,76 millions d\u2019euros\u00a0: le co\u00fbt de la r\u00e9pression des opposants \u00e0 l\u2019A69<\/strong><\/a> (Reporterre)<\/p>\n\n\n\n<p><a><\/a><a href=\"https:\/\/reporterre.net\/Nucleaire-les-bonnes-affaires-de-Macron-au-Bresil\">Nucl\u00e9aire&nbsp;: les bonnes affaires de Macron au Br\u00e9sil<\/a> (Reporterre)<\/p>\n\n\n\n<p><a href=\"https:\/\/www.lemonde.fr\/idees\/article\/2024\/03\/29\/impots-le-combat-pour-une-fiscalite-juste-depasse-la-seule-dimension-economique_6224884_3232.html\">Imp\u00f4ts&nbsp;: \u00ab&nbsp;Le combat pour une fiscalit\u00e9 juste d\u00e9passe la seule dimension \u00e9conomique&nbsp;\u00bb<\/a> (Le Monde)<\/p>\n\n\n\n<p><a href=\"https:\/\/www.connaissancedesenergies.org\/afp\/edf-la-reorganisation-des-activites-nucleaires-effective-au-1er-avril-240329\">EDF : la r\u00e9organisation des activit\u00e9s nucl\u00e9aires effective au 1er avril<\/a> (AFP)<\/p>\n\n\n\n<p><a href=\"https:\/\/www.connaissancedesenergies.org\/afp\/totalenergies-ne-fait-pas-de-super-profits-en-france-affirme-patrick-pouyanne-240329\">TotalEnergies ne fait \u2018pas de super-profits en France\u2019, affirme Patrick Pouyann\u00e9<\/a> (AFP)<\/p>\n\n\n\n<p><strong>Analyse<\/strong><\/p>\n\n\n\n<p><strong><a href=\"https:\/\/www.connaissancedesenergies.org\/les-capacites-electriques-renouvelables-dans-le-monde-statistiques-2024-240329?utm_source=newsletter&amp;utm_medium=fil-info-energies&amp;utm_campaign=\/newsletter\/cde-aujourdhui-29-mars-2024&amp;sstc=u20391nl140826\" target=\"_blank\" rel=\"noreferrer noopener\">Les capacit\u00e9s \u00e9lectriques renouvelables dans le monde : statistiques 2024<\/a><\/strong> (CDE et Irena)<\/p>\n\n\n\n<p><strong><mark style=\"background-color:rgba(0, 0, 0, 0);color:#ed1010\" class=\"has-inline-color\">29 mars<\/mark><\/strong><\/p>\n\n\n\n<p><strong>France<a><\/a><a><\/a><a><\/a><\/strong><\/p>\n\n\n\n<p><a href=\"https:\/\/www.francetvinfo.fr\/politique\/gouvernement-de-gabriel-attal\/c-est-d-une-grande-brutalite-malaise-dans-la-majorite-apres-les-annonces-de-gabriel-attal-sur-la-reforme-de-l-assurance-chomage_6455030.html\">\u00ab\u00a0C&rsquo;est d&rsquo;une grande brutalit\u00e9\u00a0\u00bb : malaise dans la majorit\u00e9 apr\u00e8s les annonces de Gabriel Attal sur la r\u00e9forme de l&rsquo;assurance-ch\u00f4mage<\/a> (France Info)<\/p>\n\n\n\n<p><a href=\"https:\/\/www.francetvinfo.fr\/politique\/parlement-francais\/assemblee-nationale\/aggravation-du-deficit-public-comment-la-tentation-d-une-taxation-des-superprofits-fait-son-chemin-au-sein-de-la-majorite-presidentielle_6452840.html\"><strong>\u00ab\u00a0la tentation\u00a0\u00bb d&rsquo;une taxation des superprofits fait son chemin au sein de la majorit\u00e9<\/strong><\/a> (France Info)<\/p>\n\n\n\n<p><a href=\"https:\/\/www.liberation.fr\/economie\/souverainete-nucleaire-emmanuel-il-ne-fallait-pas-brader-la-belle-arabelle-20240329_KKZN6KEUGVB2HBBUABPFXQUL6U\/\">Souverainet\u00e9 nucl\u00e9aire&nbsp;: Emmanuel, il ne fallait pas brader la belle Arabelle&nbsp;!<\/a> (Lib\u00e9ration)<\/p>\n\n\n\n<p><a href=\"https:\/\/www.greenpeace.fr\/espace-presse\/procedure-baillon-de-totalenergies-annulee-par-la-justice-un-camouflet-pour-la-major-le-jour-de-ses-100-ans-et-une-victoire-pour-la-liberte-dexpression\/\" target=\"_blank\" rel=\"noreferrer noopener\">Proc\u00e9dure-b\u00e2illon de TotalEnergies annul\u00e9e par la justice : un camouflet pour la major le jour de ses 100 ans et une victoire pour la libert\u00e9 d\u2019expression<\/a>&nbsp;&nbsp;(Greenpeace)<\/p>\n\n\n\n<p><strong>Monde<\/strong><\/p>\n\n\n\n<p><a href=\"https:\/\/www.lemonde.fr\/afrique\/article\/2024\/03\/29\/au-senegal-le-secteur-petrolier-et-gazier-dans-l-incertitude-apres-l-election-de-bassirou-diomaye-faye_6224920_3212.html\">Au <strong>S\u00e9n\u00e9gal,<\/strong> le secteur p\u00e9trolier et gazier dans l\u2019incertitude apr\u00e8s l\u2019\u00e9lection de Bassirou Diomaye Faye<\/a> (Le Monde)<\/p>\n\n\n\n<p><a href=\"https:\/\/orientxxi.info\/magazine\/dubai-le-nouvel-eldorado-des-kleptocrates-d-afrique-centrale,7194\" target=\"_blank\" rel=\"noreferrer noopener\"><strong>Duba\u00ef<\/strong>, le nouvel eldorado des kleptocrates d&rsquo;<strong>Afrique centrale<\/strong><\/a>&nbsp; (Orient XXI)<\/p>\n\n\n\n<p><strong>Analyse<\/strong><\/p>\n\n\n\n<p><strong><a href=\"https:\/\/www.alternatives-economiques.fr\/impot-fortune-mythe-de-lexil-fiscal-riches\/00110170\" target=\"_blank\" rel=\"noreferrer noopener\">Imp\u00f4t sur la fortune : le mythe de l&rsquo;exil fiscal des riches<\/a>&nbsp;<\/strong>(Alter \u00e9co)<\/p>\n\n\n\n<p><a href=\"https:\/\/www.rfi.fr\/fr\/podcasts\/aujourd-hui-l-%C3%A9conomie\/20240327-le-s%C3%A9n%C3%A9gal-devient-la-t%C3%AAte-de-pont-de-la-sortie-du-franc-cfa\"><strong>Le S\u00e9n\u00e9gal devient la t\u00eate de pont de la sortie du franc CFA<\/strong><\/a><a href=\"https:\/\/www.rfi.fr\/fr\/afrique\/20240326-pr%C3%A9sidentielle-au-s%C3%A9n%C3%A9gal-d%C3%A9cryptage-de-la-victoire-de-bassirou-diomaye-faye\">&nbsp;(RFI)<\/a><\/p>\n\n\n\n<p><a href=\"https:\/\/www.rfi.fr\/fr\/afrique\/20240326-pr%C3%A9sidentielle-au-s%C3%A9n%C3%A9gal-d%C3%A9cryptage-de-la-victoire-de-bassirou-diomaye-faye\">Pr\u00e9sidentielle au S\u00e9n\u00e9gal: d\u00e9cryptage de la victoire de Bassirou Diomaye Faye<\/a> (RFI)<\/p>\n\n\n\n<p><a href=\"https:\/\/link.newsletter.franceculture.fr\/m\/ml\/7429\/862540\/dQcFWTsWpdtskrPd9r8NA29C5lXTLJmivm821gAfcU8=\/UwuYC+2s9YoLno--Q7WLFw+jQSdT6M+PmNngKfUvBJY=\/\" target=\"_blank\" rel=\"noreferrer noopener\">Colonisation de l&rsquo;Indochine, \u00e0 la conqu\u00eate de nouveaux march\u00e9s<\/a> (France Culture)<\/p>\n\n\n\n<p><a href=\"https:\/\/www.cadtm.org\/Solange-Kone-La-question-des-reparations-par-rapport-a-la-dette-coloniale-est\" target=\"_blank\" rel=\"noreferrer noopener\">Solange Kon\u00e9 : La question des r\u00e9parations par rapport \u00e0 la dette coloniale est fondamentale<\/a>&nbsp;(CADTM)<\/p>\n\n\n\n<p><a href=\"https:\/\/blogs.mediapart.fr\/la-plume-rieuse\/blog\/280324\/qui-l-tour\">\u00c0 qui l\u2019tour&nbsp;?<\/a>&nbsp;(La plume rieuse)<\/p>\n\n\n\n<figure class=\"wp-block-image size-full is-resized\"><img data-recalc-dims=\"1\" loading=\"lazy\" decoding=\"async\" width=\"402\" height=\"347\" src=\"https:\/\/i0.wp.com\/www.rdpemancipation.org\/wp-content\/uploads\/2024\/03\/image-37.png?resize=402%2C347&#038;ssl=1\" alt=\"\" class=\"wp-image-127237\" style=\"width:349px;height:auto\" srcset=\"https:\/\/i0.wp.com\/www.rdpemancipation.org\/wp-content\/uploads\/2024\/03\/image-37.png?w=402&amp;ssl=1 402w, https:\/\/i0.wp.com\/www.rdpemancipation.org\/wp-content\/uploads\/2024\/03\/image-37.png?resize=300%2C259&amp;ssl=1 300w\" sizes=\"auto, (max-width: 402px) 100vw, 402px\" \/><\/figure>\n\n\n\n<p><strong><mark style=\"background-color:rgba(0, 0, 0, 0);color:#ed1010\" class=\"has-inline-color\">28 mars<\/mark><\/strong><\/p>\n\n\n\n<p><strong>France<a><\/a><a><\/a><a><\/a><\/strong><\/p>\n\n\n\n<p><a href=\"https:\/\/www.connaissancedesenergies.org\/afp\/de-lenergie-la-distribution-les-multiples-investissements-du-milliardaire-daniel-kretinsky-240328\">De l&rsquo;\u00e9nergie \u00e0 la distribution : les multiples investissements du milliardaire Daniel Kretinsky<\/a> (AFP)<\/p>\n\n\n\n<p><a href=\"https:\/\/www.mediacites.fr\/economie\/toulouse\/2024\/03\/28\/fin-de-partie-pour-railcoop-bientot-en-liquidation-judicaire\/\" target=\"_blank\" rel=\"noreferrer noopener\">Fin de partie pour Railcoop, bient\u00f4t en liquidation judicaire<\/a>&nbsp;(Mediacit\u00e9s)<\/p>\n\n\n\n<p><a href=\"https:\/\/reporterre.net\/TotalEnergies-contre-Greenpeace-la-procedure-baillon-annulee-en-justice\" target=\"_blank\" rel=\"noreferrer noopener\">Total\u00c9nergies contre Greenpeace&nbsp;: la proc\u00e9dure-baillon annul\u00e9e en justice<\/a>&nbsp;(Reporterre)<\/p>\n\n\n\n<p><a href=\"https:\/\/www.alternatives-economiques.fr\/abus-de-location-gerance-carrefour-se-retrouve-devant-justice\/00110178\" target=\"_blank\" rel=\"noreferrer noopener\">Abus de location-g\u00e9rance : Carrefour se retrouve devant la justice<\/a>&nbsp;(Alter \u00e9co)<\/p>\n\n\n\n<p><a href=\"https:\/\/redirection.b2b.infopro-digital.com\/lnk\/AUcAADwR_NYAAcXFi2IAAHnKuI0AAABZQUUAANzvAAwsSQBmBbHXoxnA2S7wRsWE8CkSb1QQWAAMCy8\/12\/RYg5K5VLNP2mE5NoV-Al_w\/aHR0cDovL3d3dy51c2luZW5vdXZlbGxlLmNvbS9lZGl0b3JpYWwvcGFzLWRlLXNvdWNpcy1wb3VyLWxlcy1yZXRyYWl0ZXMtY29tcGxlbWVudGFpcmVzLWxlcy1jb21wdGVzLWRlLWwtYWdpcmMtYXJyY28tc29udC1kYW5zLWxlLXZlcnQuTjIyMTA1ODA_dXRtX3NvdXJjZT1uZXdzbGV0dGVyJnV0bV9tZWRpdW09ZW1haWwmdXRtX2NhbXBhaWduPWluZm9fbGEtcXVvdGlkaWVubmUmZW1haWw9MjA0MzMyODY1MyZpZGJkZD01NjU1OQ\" target=\"_blank\" rel=\"noreferrer noopener\">Retraites compl\u00e9mentaires&nbsp;: les comptes de l\u2019Agirc-Arrco sont dans le vert<\/a> (Usine Nouvelle)<a href=\"https:\/\/www.francetvinfo.fr\/societe\/nucleaire\/epr-de-flamanville-edf-prevoit-que-le-reacteur-nucleaire-sera-raccorde-au-reseau-electrique-a-l-ete-2024_6452437.html\"><\/a><\/p>\n\n\n\n<p><a href=\"https:\/\/www.francetvinfo.fr\/societe\/nucleaire\/epr-de-flamanville-edf-prevoit-que-le-reacteur-nucleaire-sera-raccorde-au-reseau-electrique-a-l-ete-2024_6452437.html\">EPR de Flamanville : EDF pr\u00e9voit que le r\u00e9acteur nucl\u00e9aire sera raccord\u00e9 au r\u00e9seau \u00e9lectrique \u00ab\u00a0\u00e0 l&rsquo;\u00e9t\u00e9 2024\u00a0\u00bb<\/a> (France Info)<\/p>\n\n\n\n<p><a href=\"https:\/\/theconversation.com\/5-5-de-deficit-public-en-2023-a-qui-la-faute-226663?utm_medium=email&amp;utm_campaign=La%20lettre%20de%20The%20Conversation%20France%20du%2026%20mars%202024%20-%202920229661&amp;utm_content=La%20lettre%20de%20The%20Conversation%20France%20du%2026%20mars%202024%20-%202920229661+CID_f4fd18279dcb6cf130ce5a1facac4d87&amp;utm_source=campaign_monitor_fr&amp;utm_term=55%20%20de%20dficit%20public%20en%202023%20%20%20qui%20la%20faute\"><strong>5,5&nbsp;% de d\u00e9ficit public en 2023&nbsp;: \u00e0&nbsp;qui la&nbsp;faute&nbsp;?<\/strong><\/a>&nbsp;(The Conversation)<\/p>\n\n\n\n<p><a href=\"https:\/\/www.lagazettedescommunes.com\/920087\/redressement-des-finances-publiques-cest-reparti-pour-le-bras-de-fer-avec-les-collectivites\/?utm_source=newsletter&amp;utm_medium=email&amp;utm_campaign=gazette_quotidienne&amp;email=%7B%7Bmj:contact.ID%7D%7D&amp;idbdd=57269\">Redressement des finances publiques&nbsp;: c\u2019est reparti pour le bras de fer avec les collectivit\u00e9s<\/a>&nbsp;(Gazette des communes)<\/p>\n\n\n\n<p><a href=\"https:\/\/www.lagazettedescommunes.com\/919567\/la-chambre-regionale-des-comptes-tres-critique-sur-le-grand-paris\/?utm_source=newsletter&amp;utm_medium=email&amp;utm_campaign=gazette_quotidienne&amp;email=%7B%7Bmj:contact.ID%7D%7D&amp;idbdd=57269\">La Chambre r\u00e9gionale des comptes tr\u00e8s critique sur le Grand Paris<\/a>&nbsp;(Gazette des communes)<\/p>\n\n\n\n<p><a href=\"https:\/\/france3-regions.francetvinfo.fr\/normandie\/meteo-france-apres-plusieurs-erreurs-de-previsions-des-meteorologistes-en-greve-contre-l-intelligence-artificielle-2946273.html\">Erreurs de pr\u00e9visions, effectifs en baisse&#8230; Les services de M\u00e9t\u00e9o France en pleine temp\u00eate<\/a>&nbsp;(France3<\/p>\n\n\n\n<p><strong>Monde<\/strong><\/p>\n\n\n\n<p><a href=\"https:\/\/www.connaissancedesenergies.org\/afp\/varsovie-et-kiev-font-un-pas-en-avant-vers-la-solution-de-leur-differend-agricole-240328\">Varsovie et Kiev font \u00ab\u00a0un pas en avant\u00a0\u00bb vers la solution de leur diff\u00e9rend agricole<\/a> <a>(AFP)<\/a><\/p>\n\n\n\n<p><a href=\"https:\/\/www.connaissancedesenergies.org\/les-exportations-americaines-de-petrole-brut-un-nouveau-niveau-record-240328\">Les exportations am\u00e9ricaines de p\u00e9trole brut \u00e0 un nouveau niveau record<\/a> (CDE)<\/p>\n\n\n\n<p><a href=\"https:\/\/www.lemonde.fr\/international\/article\/2023\/10\/27\/avec-la-guerre-l-economie-d-israel-s-apprete-a-traverser-une-periode-de-fortes-turbulences_6196753_3210.html\"><strong>L&rsquo;\u00e9conomie isra\u00e9lienne mise en difficult\u00e9 par la guerre contre le Hamas<\/strong><\/a> (Le Monde)<\/p>\n\n\n\n<p><a href=\"https:\/\/www.francetvinfo.fr\/monde\/proche-orient\/israel-palestine\/j-ai-perdu-70-de-mon-chiffre-d-affaires-en-israel-depuis-le-debut-du-conflit-l-economie-locale-tourne-au-ralenti_6143835.html\">\u00ab\u00a0J&rsquo;ai perdu 70% de mon chiffre d&rsquo;affaires\u00a0\u00bb : en <strong>Isra\u00ebl<\/strong>, depuis le d\u00e9but du conflit l&rsquo;\u00e9conomie locale tourne au ralenti<\/a> (France info)<a href=\"https:\/\/www.latribune.fr\/economie\/international\/penurie-de-main-d-oeuvre-en-israel-le-patronat-est-generalement-favorable-au-retour-des-travailleurs-palestiniens-993339.html\"><\/a><\/p>\n\n\n\n<p><a href=\"https:\/\/www.latribune.fr\/economie\/international\/penurie-de-main-d-oeuvre-en-israel-le-patronat-est-generalement-favorable-au-retour-des-travailleurs-palestiniens-993339.html\">P\u00e9nurie de main-d&rsquo;oeuvre en <strong>Isra\u00ebl <\/strong>: le patronat est \u00ab g\u00e9n\u00e9ralement favorable \u00bb au retour des travailleurs palestiniens<\/a> (La Tribune)<a href=\"https:\/\/fr.timesofisrael.com\/leconomie-israelienne-ravagee-par-la-guerre-se-contracte-de-pres-de-20-cbs\/\"><\/a><\/p>\n\n\n\n<p><a href=\"https:\/\/fr.timesofisrael.com\/leconomie-israelienne-ravagee-par-la-guerre-se-contracte-de-pres-de-20-cbs\/\">L\u2019\u00e9conomie <strong>isra\u00e9lienne<\/strong>, ravag\u00e9e par la guerre, se contracte de pr\u00e8s de 20 % \u2013 CBS<\/a> (The Times of Isra\u00ebl)<\/p>\n\n\n\n<p><a href=\"https:\/\/www.lorientlejour.com\/article\/1372103\/leconomie-libanaise-lautre-victime-de-la-guerre-hezbollah-israel.html\">L&rsquo;\u00e9conomie <strong>libanaise<\/strong>, l&rsquo;autre victime de la guerre Hezbollah-Isra\u00ebl<\/a> (L\u2019Orient-le Jour)<\/p>\n\n\n\n<p><a href=\"https:\/\/www.youtube.com\/watch?v=ZIwzymRQquQ\">Japon : Changement de Cap historique ! Quel Impact sur l&rsquo;\u00c9conomie Mondiale ?<\/a>&nbsp;(Grand angle, vid\u00e9o)<\/p>\n\n\n\n<p><strong>Analyse<\/strong><\/p>\n\n\n\n<p><a href=\"https:\/\/www.alternatives-economiques.fr\/mathilde-dupre\/devoir-de-vigilance-un-accord-in-extremis-prix-de-lourdes-concessions\/00110099\" target=\"_blank\" rel=\"noreferrer noopener\">Devoir de vigilance : un accord in extremis au prix de lourdes concessions<\/a>&nbsp;(Alter \u00e9co)<\/p>\n\n\n\n<p><a href=\"https:\/\/www.off-investigation.fr\/stellantis-la-machine-a-enrichir-ses-actionnaires\/\" target=\"_blank\" rel=\"noreferrer noopener\">Stellantis : la machine \u00e0 enrichir ses actionnaires<\/a>&nbsp;(Off Investigation)<\/p>\n\n\n\n<p><a href=\"https:\/\/www.alternatives-economiques.fr\/touchera-lheritage-economique-de-paris-2024\/00110182\" target=\"_blank\" rel=\"noreferrer noopener\">Qui touchera \u00ab l&rsquo;h\u00e9ritage \u00bb \u00e9conomique de Paris 2024 ?<\/a>&nbsp;(Alter \u00e9co)<\/p>\n\n\n\n<p><a href=\"https:\/\/lanticapitaliste.org\/actualite\/logement\/stop-la-speculation-personne-ne-doit-dormir-dehors\">Stop \u00e0 la sp\u00e9culation, personne ne doit dormir dehors<\/a> (L\u2019Anticapitaliste)<\/p>\n\n\n\n<p><a href=\"https:\/\/link.newsletter.franceculture.fr\/m\/ml\/7429\/862338\/8FpHVwJ4LK_0tUeYpi-SrG9C5lXTLJmivm821gAfcU8=\/6o-JmZo2utOH02qK4swPLbRaa5wSxenZpQV0hKz0Fy8=\/\" target=\"_blank\" rel=\"noreferrer noopener\">\u00c9tats-Unis&nbsp;: l\u2019adieu \u00e0 la mondialisation&nbsp;?<\/a> (France Culture)<\/p>\n\n\n\n<p><a href=\"https:\/\/www.youtube.com\/watch?v=TVabugmezS0\"><strong>Aust\u00e9rit\u00e9 en Europe : face aux \u00c9tats-Unis, le choix du d\u00e9clin<\/strong><\/a> (Osons causer, vid\u00e9o)<\/p>\n\n\n\n<p><a href=\"https:\/\/www.connaissancedesenergies.org\/le-secteur-electrique-de-lue-au-milieu-dun-changement-monumental-240322\">Le secteur \u00e9lectrique de l\u2019UE \u2018au milieu d&rsquo;un changement monumental<\/a>\u2019 (CDE)<\/p>\n\n\n\n<figure class=\"wp-block-image size-full is-resized\"><img data-recalc-dims=\"1\" loading=\"lazy\" decoding=\"async\" width=\"530\" height=\"243\" src=\"https:\/\/i0.wp.com\/www.rdpemancipation.org\/wp-content\/uploads\/2024\/03\/image-34.png?resize=530%2C243&#038;ssl=1\" alt=\"\" class=\"wp-image-127206\" style=\"width:422px;height:auto\" srcset=\"https:\/\/i0.wp.com\/www.rdpemancipation.org\/wp-content\/uploads\/2024\/03\/image-34.png?w=530&amp;ssl=1 530w, https:\/\/i0.wp.com\/www.rdpemancipation.org\/wp-content\/uploads\/2024\/03\/image-34.png?resize=300%2C138&amp;ssl=1 300w\" sizes=\"auto, (max-width: 530px) 100vw, 530px\" \/><\/figure>\n\n\n\n<p><strong><mark style=\"background-color:rgba(0, 0, 0, 0);color:#ed1010\" class=\"has-inline-color\">27 mars<\/mark><\/strong><\/p>\n\n\n\n<p><strong>France<a><\/a><a><\/a><a><\/a><\/strong><\/p>\n\n\n\n<p><a href=\"https:\/\/france.attac.org\/actus-et-medias\/salle-de-presse\/article\/la-tva-ne-peut-pas-etre-sociale-mais-avec-bruno-le-maire-elle-peut-etre-encore-plus-injuste\"><strong>La TVA ne peut pas \u00eatre sociale, mais avec Bruno Le Maire elle peut \u00eatre encore plus injuste.<\/strong><\/a>(Attac)<\/p>\n\n\n\n<p><a href=\"https:\/\/www.alternatives-economiques.fr\/deficit-a-55-recettes-fiscales-controler-derapage\/00110195\" target=\"_blank\" rel=\"noreferrer noopener\">D\u00e9ficit \u00e0 5,5 % : les recettes (fiscales) pour contr\u00f4ler le d\u00e9rapage<\/a>&nbsp;(Alter \u00e9co)<\/p>\n\n\n\n<p><a href=\"https:\/\/www.youtube.com\/watch?v=IQ3VMApRTSo\">Blast, StreetPress, Reflets : 3 m\u00e9dias enqu\u00eatent sur Patrick Drahi, le patron de SFR et BFM<\/a>&nbsp; (StreetPress,vid\u00e9o)<\/p>\n\n\n\n<p><a href=\"https:\/\/www.off-investigation.fr\/en-bretagne-leau-potable-coutera-plus-cher-a-cause-des-pesticides\/\" target=\"_blank\" rel=\"noreferrer noopener\"><strong>En Bretagne, l\u2019eau potable co\u00fbtera plus cher \u00e0 cause des pesticides<\/strong><\/a>&nbsp;(Off Investigation)<\/p>\n\n\n\n<p><a href=\"https:\/\/redirection.b2b.infopro-digital.com\/lnk\/AVQAADuhv-0AAcXFinQAAHnKuI0AAABZQUUAANzvAAwsSQBmBGPV3oJ49izvTAWkOXlSGCs5rAAMCy8\/4\/5SkauoBiXsOuRVV8r5IWcA\/aHR0cDovL3d3dy51c2luZW5vdXZlbGxlLmNvbS9lZGl0b3JpYWwvYS1sLWhvcml6b24tMjAzNS1sLWluZHVzdHJpZS1uZS1wb3VycmEtcGVzZXItcXVlLTEyLWEtMTMtZHUtcGliLWZyYW5jYWlzLWFzc3VyZS1vbGl2aWVyLWxsdWFuc2kuTjIyMTA1MDU_dXRtX3NvdXJjZT1uZXdzbGV0dGVyJnV0bV9tZWRpdW09ZW1haWwmdXRtX2NhbXBhaWduPWluZm9fbGEtcXVvdGlkaWVubmUmZW1haWw9MjA0MzMyODY1MyZpZGJkZD01NjU1OQ\" target=\"_blank\" rel=\"noreferrer noopener\">\u2018A l&rsquo;horizon 2035, l&rsquo;industrie ne pourra peser que 12 \u00e0 13% du PIB fran\u00e7ais\u2019, assure Olivier Lluansi<\/a> (Usine Nouvelle)<\/p>\n\n\n\n<p><a href=\"https:\/\/redirection.b2b.infopro-digital.com\/lnk\/AVQAADuhv-0AAcXFinQAAHnKuI0AAABZQUUAANzvAAwsSQBmBGPV3oJ49izvTAWkOXlSGCs5rAAMCy8\/12\/W-OHX3WsKdtVML8EMpe_XA\/aHR0cDovL3d3dy51c2luZW5vdXZlbGxlLmNvbS9lZGl0b3JpYWwvYmVyY3ktbGl2cmUtdW5lLXRlbmRhbmNlLXRyZXMtcG9zaXRpdmUtZHUtcnl0aG1lLWQtb3V2ZXJ0dXJlcy1ldC1leHRlbnNpb25zLWQtdXNpbmVzLWVuLTIwMjMuTjIyMTA1MjI_dXRtX3NvdXJjZT1uZXdzbGV0dGVyJnV0bV9tZWRpdW09ZW1haWwmdXRtX2NhbXBhaWduPWluZm9fbGEtcXVvdGlkaWVubmUmZW1haWw9MjA0MzMyODY1MyZpZGJkZD01NjU1OQ\" target=\"_blank\" rel=\"noreferrer noopener\">Bercy livre une tendance tr\u00e8s positive d\u2019ouvertures et extensions d\u2019usines en 2023<\/a> (Usine Nouvelle)<\/p>\n\n\n\n<p><a href=\"https:\/\/redirection.b2b.infopro-digital.com\/lnk\/AWQAAD3Euq0AAcXFibQAAHnKuI0AAABZQUUAANzvAAwsSQBmAw9c9XaItJzPTaWOnQkm25OtKAAMCy8\/4\/WWm2y66mYlcEI5CAqexJDA\/aHR0cDovL3d3dy51c2luZW5vdXZlbGxlLmNvbS9lZGl0b3JpYWwvYXRvcy1vdXZyZS11bmUtcHJvY2VkdXJlLWRlLWNvbmNpbGlhdGlvbi1wb3VyLWFjY2VsZXJlci1sYS1yZXN0cnVjdHVyYXRpb24tZGUtc2EtZGV0dGUuTjIyMTA0NTE_dXRtX3NvdXJjZT1uZXdzbGV0dGVyJnV0bV9tZWRpdW09ZW1haWwmdXRtX2NhbXBhaWduPWluZm9fbGEtcXVvdGlkaWVubmUmZW1haWw9MjA0MzMyODY1MyZpZGJkZD01NjU1OQ\" target=\"_blank\" rel=\"noreferrer noopener\">Atos ouvre une proc\u00e9dure de conciliation pour acc\u00e9l\u00e9rer la restructuration de sa dette<\/a> (Usine Nouvelle)<\/p>\n\n\n\n<p><a href=\"https:\/\/redirection.b2b.infopro-digital.com\/lnk\/AWQAAD3Euq0AAcXFibQAAHnKuI0AAABZQUUAANzvAAwsSQBmAw9c9XaItJzPTaWOnQkm25OtKAAMCy8\/12\/TJXUspchrxosnRz_1LoTUw\/aHR0cDovL3d3dy51c2luZW5vdXZlbGxlLmNvbS9hcnRpY2xlL2wtdXNpbmUtcmVuYXVsdC1kZS1zYW5kb3V2aWxsZS1wcm9kdWlyYS1kZXMtdmVoaWN1bGVzLXV0aWxpdGFpcmVzLWVsZWN0cmlxdWVzLWFwcmVzLTIwMjYuTjIyMTA0NjE_dXRtX3NvdXJjZT1uZXdzbGV0dGVyJnV0bV9tZWRpdW09ZW1haWwmdXRtX2NhbXBhaWduPWluZm9fbGEtcXVvdGlkaWVubmUmZW1haWw9MjA0MzMyODY1MyZpZGJkZD01NjU1OQ\" target=\"_blank\" rel=\"noreferrer noopener\">L\u2019usine Renault de Sandouville produira des v\u00e9hicules utilitaires \u00e9lectriques apr\u00e8s 2026<\/a> (Usine Nouvelle)<\/p>\n\n\n\n<p><a href=\"https:\/\/api.indigo-net.com\/email\/RedirectionEmailing?mail=n.chevillard@noos.fr&amp;ID=598241&amp;DOCIID=109703480&amp;ENAIID=872196&amp;RETOUR=SIMPLE&amp;link=https:\/\/www.lalettre.fr\/fr\/entreprises_grande-distribution-et-services\/2024\/03\/26\/casino--jean-charles-naouri-organise-sa-sortie-par-la-petite-porte,110196426-eve?cxt=PUB&amp;utm_source=LLA&amp;utm_medium=email&amp;utm_campaign=AUTO_EDIT_SOM_PROS\" target=\"_blank\" rel=\"noreferrer noopener\">Casino : Jean-Charles Naouri organise sa sortie par la petite porte<\/a> (La Lettre)<\/p>\n\n\n\n<p><a href=\"https:\/\/fajabce.r.bh.d.sendibt3.com\/tr\/cl\/q7Y5nH0q2KOe8sJL-LOb0t1OUMrPK3N5q4Iq49wy6C2Vf9xgZmrygLf5U2DJPEJyxm6FWFoY92mkhBK3MDw4F4JFXsb2j88-Kjwn0oCvxJaRATNicUYSTTVU-2hBI0hIKk8TeOGEjz_0Wza91Hu8FnPN9IYJ_LDxkjUJmK-KQ_xLRoBKt_Az5rpNxt0NCvGctBZqv18MS7cTNNcicZVAaaMbQBwbo9JJdm2NMY3wI9NLP0HExouz7Iy6Po1_oxiaiGsdpytaIO1DWkVL7oC0kEzt4Ixvn3qefJb3-Nl4KK9X0uwU6_-NTI1pec1p8ozcGUNZI-N0_u1WJcyqh7ETf_8DYNer4glSrP41tlD3ZKS6puRIHVfDKwu-nLbizNEZRqAy9vwVIaBWxxXAA1IDZw\" target=\"_blank\" rel=\"noreferrer noopener\"><strong>Les liaisons dangereuses de l\u2019industrie fran\u00e7aise de l\u2019armement avec Isra\u00ebl<\/strong><\/a>(OdM)<\/p>\n\n\n\n<p><strong>Monde<\/strong><\/p>\n\n\n\n<p><a href=\"https:\/\/link.newsletter.franceculture.fr\/m\/ml\/7429\/862133\/XGJYGwpyYqBrZvWzZsD1am9C5lXTLJmivm821gAfcU8=\/po9MjsItGhG17o5bRpwq1PsoSvJAOIEpvK2tSrpou3Y=\/\" target=\"_blank\" rel=\"noreferrer noopener\">\u00c9tats-Unis&nbsp;: cons\u00e9quences \u00e9conomiques apr\u00e8s l&rsquo;effondrement du pont de Baltimore<\/a> (France Culture)<\/p>\n\n\n\n<p><a href=\"https:\/\/link.newsletter.franceculture.fr\/m\/ml\/7429\/862133\/XGJYGwpyYqBrZvWzZsD1am9C5lXTLJmivm821gAfcU8=\/po9MjsItGhG17o5bRpwq1OtOgIbzwHjNvK2tSrpou3Y=\/\" target=\"_blank\" rel=\"noreferrer noopener\">Zlecaf&nbsp;: le panafricanisme par le commerce&nbsp;?<\/a> (France Culture)<\/p>\n\n\n\n<p><a href=\"https:\/\/www.rfi.fr\/fr\/europe\/20240323-albanie-serbie-les-mirifiques-investissements-du-gendre-de-trump-dans-les-balkans\" target=\"_blank\" rel=\"noreferrer noopener\">Albanie, Serbie: les mirifiques investissements du gendre de Trump dans les Balkans<\/a>&nbsp;(RFI)<\/p>\n\n\n\n<p><a href=\"https:\/\/redirection.b2b.infopro-digital.com\/lnk\/AXEAAD1EmpMAAcXFiOYAAHnKuI0AAABZQUUAANzvAAwsSQBmAcFjCLRfobc7QYugEm-oxY9eDQAMCy8\/4\/OTniqX6X_5lxQB4CmqHzng\/aHR0cDovL3d3dy51c2luZW5vdXZlbGxlLmNvbS9hcnRpY2xlL2xlLXBhdHJvbi1kZS1ib2VpbmctcXVpdHRlLWxlLW5hdmlyZS10b3V0ZS1sYS1kaXJlY3Rpb24tdGFuZ3VlLk4yMjEwNDM3P3V0bV9zb3VyY2U9bmV3c2xldHRlciZ1dG1fbWVkaXVtPWVtYWlsJnV0bV9jYW1wYWlnbj1pbmZvX2xhLXF1b3RpZGllbm5lJmVtYWlsPTIwNDMzMjg2NTMmaWRiZGQ9NTY1NTk\" target=\"_blank\" rel=\"noreferrer noopener\">Le patron de Boeing quitte le navire, toute la direction tangue<\/a> (Usine Nouvelle)<\/p>\n\n\n\n<p><a href=\"https:\/\/redirection.b2b.infopro-digital.com\/lnk\/AVsAADraktUAAcXFiRYAAHnKuI0AAABZQTkAANzxAAwsSQBmAnafq-zHL_1JRbqANDmTPfZsiAAMCy8\/9\/s35F1eRCDuXUzw3AROXZIg\/aHR0cDovL3d3dy51c2luZS1kaWdpdGFsZS5mci9hcnRpY2xlL2xhLWNvbW1pc3Npb24tZXVyb3BlZW5uZS1vdXZyZS1jaW5xLWVucXVldGVzLXN1ci1hcHBsZS1hbHBoYWJldC1ldC1tZXRhLXBvdXItbm9uLWNvbmZvcm1pdGUtYXUtZG1hLk4yMjEwNDMxP3V0bV9zb3VyY2U9bmV3c2xldHRlciZ1dG1fbWVkaXVtPWVtYWlsJnV0bV9jYW1wYWlnbj1pbmZvX3VkLXF1b3RpZGllbm5lJmVtYWlsPTIwNDMzMjg2NTMmaWRiZGQ9NTY1NjE\" target=\"_blank\" rel=\"noreferrer noopener\">La Commission europ\u00e9enne ouvre cinq enqu\u00eates sur Apple, Alphabet et Meta pour non-conformit\u00e9 au DMA<\/a> (Usine Digitale)<\/p>\n\n\n\n<p><a href=\"https:\/\/redirection.b2b.infopro-digital.com\/lnk\/AVsAADraktUAAcXFiRYAAHnKuI0AAABZQTkAANzxAAwsSQBmAnafq-zHL_1JRbqANDmTPfZsiAAMCy8\/18\/jHNXxozXJ233mbNnpUCTYg\/aHR0cDovL3d3dy51c2luZS1kaWdpdGFsZS5mci9hcnRpY2xlL3Byb3ByaWV0ZS1pbnRlbGxlY3R1ZWxsZS1sYS1tZXNzYWdlcmllLXRlbGVncmFtLXRlbXBvcmFpcmVtZW50LXN1c3BlbmR1ZS1lbi1lc3BhZ25lLk4yMjEwNDE3P3V0bV9zb3VyY2U9bmV3c2xldHRlciZ1dG1fbWVkaXVtPWVtYWlsJnV0bV9jYW1wYWlnbj1pbmZvX3VkLXF1b3RpZGllbm5lJmVtYWlsPTIwNDMzMjg2NTMmaWRiZGQ9NTY1NjE\" target=\"_blank\" rel=\"noreferrer noopener\">La messagerie Telegram temporairement suspendue en Espagne, un audit attendu<\/a> (Usine Digitale)<\/p>\n\n\n\n<p><a href=\"https:\/\/redirection.b2b.infopro-digital.com\/lnk\/AVcAADrO24gAAcXFiGoAAHnKuI0AAABZQTkAANzxAAwsSQBmASR26xtKrSUwSXCvemCu1MIHjAAMCy8\/13\/_AEV8qzYRYY9GufpFiWvdQ\/aHR0cDovL3d3dy51c2luZS1kaWdpdGFsZS5mci9hcnRpY2xlL2xlLW1pbmlzdGVyZS1kZS1sYS1qdXN0aWNlLWFtZXJpY2Fpbi1wb3Vyc3VpdC1hcHBsZS1wb3VyLW1vbm9wb2xlLXN1ci1sZS1tYXJjaGUtZGVzLXNtYXJ0cGhvbmVzLk4yMjEwMzYzP3V0bV9zb3VyY2U9bmV3c2xldHRlciZ1dG1fbWVkaXVtPWVtYWlsJnV0bV9jYW1wYWlnbj1pbmZvX3VkLXF1b3RpZGllbm5lJmVtYWlsPTIwNDMzMjg2NTMmaWRiZGQ9NTY1NjE\" target=\"_blank\" rel=\"noreferrer noopener\">Le minist\u00e8re de la Justice am\u00e9ricain poursuit Apple pour monopole sur le march\u00e9 des smartphones<\/a> (Usine Digitale)<\/p>\n\n\n\n<p><strong>Analyse<\/strong><\/p>\n\n\n\n<p><a href=\"https:\/\/multinationales.org\/fr\/actualites\/liaisons-dangereuses-la-lettre-du-27-mars-2024\" target=\"_blank\" rel=\"noreferrer noopener\">Liaisons dangereuses &#8211; La lettre du 27 mars 2024<\/a>&nbsp; (Observatoire des multinationales)<\/p>\n\n\n\n<p><strong><a href=\"https:\/\/www.blast-info.fr\/emissions\/2024\/libre-echange-une-arnaque-de-plus-de-2-siecles-HWn3tqeGTFOQrgJxSEmAsw\" target=\"_blank\" rel=\"noreferrer noopener\">Libre-\u00e9change : une arnaque de plus de 2 si\u00e8cles<\/a><\/strong>&nbsp;(Blast)<\/p>\n\n\n\n<p><a href=\"https:\/\/www.youtube.com\/watch?v=f3pKrlUqnRk&amp;t=1s\">Comment la loi sur les r\u00e9quisitions donne tous pouvoirs \u00e0 l&rsquo;Etat sur vous et sur vos biens<\/a>&nbsp;(Grenier de l\u2019\u00e9co, vid\u00e9o)<\/p>\n\n\n\n<p><a href=\"https:\/\/redirection.b2b.infopro-digital.com\/lnk\/AXIAAD1C59AAAcXFic4AAHnKuI0AAABZQTkAANzxAAwsSQBmA8eXMkWossbVRJCaY9VFq9DQSQAMCy8\/26\/rGODahvs_cReqhWbkn5ziQ\/aHR0cDovL3d3dy51c2luZS1kaWdpdGFsZS5mci9hcnRpY2xlL2ZpYy0yMDI0LXF1ZS1yZXN0ZS10LWlsLWRlLXBlcnNvbm5lbGxlcy1hLW5vcy1kb25uZWVzLk4yMjEwNDU1P3V0bV9zb3VyY2U9bmV3c2xldHRlciZ1dG1fbWVkaXVtPWVtYWlsJnV0bV9jYW1wYWlnbj1pbmZvX3VkLXF1b3RpZGllbm5lJmVtYWlsPTIwNDMzMjg2NTMmaWRiZGQ9NTY1NjE\" target=\"_blank\" rel=\"noreferrer noopener\">Que reste-t-il de \u00ab\u00a0personnelles\u00a0\u00bb \u00e0 nos donn\u00e9es ?<\/a> (Usine Digitale)<\/p>\n\n\n\n<figure class=\"wp-block-image size-full is-resized\"><img data-recalc-dims=\"1\" loading=\"lazy\" decoding=\"async\" width=\"896\" height=\"598\" src=\"https:\/\/i0.wp.com\/www.rdpemancipation.org\/wp-content\/uploads\/2024\/03\/image-35.png?resize=896%2C598&#038;ssl=1\" alt=\"\" class=\"wp-image-127209\" style=\"width:358px;height:auto\" srcset=\"https:\/\/i0.wp.com\/www.rdpemancipation.org\/wp-content\/uploads\/2024\/03\/image-35.png?w=896&amp;ssl=1 896w, https:\/\/i0.wp.com\/www.rdpemancipation.org\/wp-content\/uploads\/2024\/03\/image-35.png?resize=300%2C200&amp;ssl=1 300w, https:\/\/i0.wp.com\/www.rdpemancipation.org\/wp-content\/uploads\/2024\/03\/image-35.png?resize=768%2C513&amp;ssl=1 768w\" sizes=\"auto, (max-width: 896px) 100vw, 896px\" \/><\/figure>\n\n\n\n<p><strong><mark style=\"background-color:rgba(0, 0, 0, 0);color:#ed1010\" class=\"has-inline-color\">26 mars<\/mark><\/strong><\/p>\n\n\n\n<p><strong>France<\/strong><\/p>\n\n\n\n<p><a href=\"https:\/\/www.liberation.fr\/economie\/deficit-public-a-55-du-pib-linsee-confirme-le-derapage-des-comptes-en-2023-20240326_EHIZ4E4OLVDHXALQLKNQJFNM2U\/\">D\u00e9ficit public : \u00e0 5,5&nbsp;% du PIB, l\u2019Insee confirme le d\u00e9rapage des comptes en&nbsp;2023<\/a> (Lib\u00e9ration, acc\u00e8s libre)<\/p>\n\n\n\n<p><strong><a href=\"https:\/\/www.francetvinfo.fr\/economie\/deficit\/deficit-public-si-on-taxait-les-superprofits-on-pourrait-foutre-la-paix-aux-francais-affirme-marine-tondelier_6448360.html\">\u00ab\u00a0Si on taxait les superprofits, on pourrait foutre la paix aux Fran\u00e7ais\u00a0\u00bb, affirme Marine Tondelier<\/a> <\/strong>(France Info)<\/p>\n\n\n\n<p><a href=\"https:\/\/www.politis.fr\/articles\/2024\/03\/deficit-public-quatre-idees-pour-que-bruno-le-maire-arrete-acharner-contre-les-plus-pauvres\/\" target=\"_blank\" rel=\"noreferrer noopener\">D\u00e9ficit : quatre id\u00e9es pour que Bruno Le Maire arr\u00eate de s\u2019acharner sur les pauvres<\/a>&nbsp;(Politis)<\/p>\n\n\n\n<p><a href=\"https:\/\/www.causette.fr\/societe\/en-france\/eldorado-oxfam-appelle-la-france-de-macron-a-sinspirer-du-bresil-de-lula-sur-la-taxation-des-super-riches\/\" target=\"_blank\" rel=\"noreferrer noopener\">Oxfam appelle la France de Macron \u00e0 s\u2019inspirer du Br\u00e9sil de Lula sur la taxation des super-riches<\/a>&nbsp;(Causette)<\/p>\n\n\n\n<p><a href=\"https:\/\/infos.lemonde.fr\/optiext\/optiextension.dll?ID=rZYrWphWWV3fgKqRaZZHfyLPayKtIZhHuB%2BlmXrytkkq7G0H5sHQLmItEmcGRBWa8Q3MznzUimJk79qEqfvPD8of8W93s9ojSQRt5SXJ\" target=\"_blank\" rel=\"noreferrer noopener\">A la table du comit\u00e9 ex\u00e9cutif d\u2019EDF, l\u2019Etat confirme sa mainmise<\/a> (Le Monde)<\/p>\n\n\n\n<p><a href=\"https:\/\/marsactu.fr\/une-entreprise-marseillaise-fournit-a-israel-des-composants-pour-des-armes-utilisees-a-gaza\/\" target=\"_blank\" rel=\"noreferrer noopener\">Une entreprise marseillaise fournit \u00e0 Isra\u00ebl des composants pour des armes utilis\u00e9es \u00e0 Gaza<\/a>&nbsp;(Marsactu)<\/p>\n\n\n\n<p><a href=\"https:\/\/www.politis.fr\/articles\/2024\/03\/allier-echassieres-imerys-emili-une-mine-de-lithium-electrise-le-debat\/\" target=\"_blank\" rel=\"noreferrer noopener\">Dans l\u2019Allier, une future mine de lithium \u00e9lectrise le d\u00e9bat<\/a>&nbsp;(Politis)<\/p>\n\n\n\n<p><a href=\"https:\/\/www.auposte.fr\/la-fete-a-total-pour-ses-100-ans-et-ses-crimes-climatiques\/\" target=\"_blank\" rel=\"noreferrer noopener\">La f\u00eate \u00e0 Total (pour ses 100 ans et ses crimes climatiques)<\/a>&nbsp;(Au Poste)<\/p>\n\n\n\n<p><a href=\"https:\/\/www.francetvinfo.fr\/les-jeux-olympiques\/le-revers-de-la-medaille\/lignes-du-metro-ceremonie-d-ouverture-renovations-ces-promesses-qui-ne-verront-pas-le-jour-pour-les-jeux-de-paris-2024_6407773.html\">Lignes de m\u00e9tro, c\u00e9r\u00e9monie d&rsquo;ouverture, r\u00e9novations&#8230; Ces promesses qui ne verront pas le jour pour les JO de Paris 2024<\/a> (France Info)<\/p>\n\n\n\n<p><a href=\"https:\/\/infos.lemonde.fr\/optiext\/optiextension.dll?ID=kOPkPDCK9oFxKkyWc4ljjTsAFkALdtlvdsZiKb3LSntQAzm6IUtQre0GKSaHV_g2GM22WXj9c5c17l1wNPLuinWYR_vvGba31J3V9yQ8\" target=\"_blank\" rel=\"noreferrer noopener\">Agriculture&nbsp;: un projet de loi remani\u00e9 qui conforte le mod\u00e8le productiviste<\/a>&nbsp;(Le Monde)<\/p>\n\n\n\n<p><a href=\"https:\/\/t.nl.france3.fr\/r\/?id=h25487301,6ca93b80,5fe61995&amp;p1=726375-1613287517-668363dc\" target=\"_blank\" rel=\"noreferrer noopener\">\u00ab\u00a0Que l&rsquo;\u00c9tat tienne parole\u00a0\u00bb : deux ans apr\u00e8s la promesse pr\u00e9sidentielle, pourquoi EDF n&rsquo;a toujours pas rachet\u00e9 la branche nucl\u00e9aire de General Electric ?<\/a> (France 3)<\/p>\n\n\n\n<p><a href=\"https:\/\/infos.lemonde.fr\/optiext\/optiextension.dll?ID=0wx0tlB5L24ORbypqtQmH0ZGzjXTOyUqKPJj5M5s9D96mNheDPCeRbM_27njuWkcfNzjhG2Sy31Ee%2BoQtbLstISPXZ8cj_hRxAzKk10q\" target=\"_blank\" rel=\"noreferrer noopener\">Danone annonce avoir re\u00e7u les autorisations de Moscou pour c\u00e9der sa filiale russe \u00e0 un proche du dirigeant tch\u00e9tch\u00e8ne, Ramzan Kadyrov<\/a> (Le Monde)<\/p>\n\n\n\n<p><strong>Monde<\/strong><\/p>\n\n\n\n<p><a href=\"https:\/\/www.alternatives-economiques.fr\/etats-unis-cadeaux-fiscaux-aux-entreprises-coutent-cher\/00109979\" target=\"_blank\" rel=\"noreferrer noopener\">Etats-Unis : des cadeaux fiscaux aux entreprises qui co\u00fbtent cher<\/a>&nbsp;(Alter \u00e9co)<\/p>\n\n\n\n<p><a href=\"https:\/\/www.connaissancedesenergies.org\/afp\/voitures-electriques-le-chinois-byd-realise-un-benefice-record-en-2023-240326-0\">Voitures \u00e9lectriques: le chinois BYD a r\u00e9alis\u00e9 un b\u00e9n\u00e9fice record en 2023<\/a> (AFP)<\/p>\n\n\n\n<p><a href=\"https:\/\/www.alternatives-economiques.fr\/transport-maritime-points-de-blocage-se-multiplient-navires\/00109846\" target=\"_blank\" rel=\"noreferrer noopener\">Transport maritime : les points de blocage se multiplient pour les navires<\/a>&nbsp;(Alter \u00e9co)<\/p>\n\n\n\n<p><a href=\"https:\/\/orientxxi.info\/magazine\/l-economie-egyptienne-vers-l-inconnu,7137\" target=\"_blank\" rel=\"noreferrer noopener\">L\u2019\u00e9conomie \u00e9gyptienne vers l\u2019inconnu<\/a> (Orient XXI)<\/p>\n\n\n\n<p><strong>Analyse<\/strong><\/p>\n\n\n\n<p><strong><a href=\"https:\/\/www.alternatives-economiques.fr\/pourrait-changer-apres-rejet-ceta-senat\/00110174\" target=\"_blank\" rel=\"noreferrer noopener\">Ce qui pourrait changer apr\u00e8s le rejet du CETA par le S\u00e9nat<\/a>&nbsp;<\/strong>(Alter \u00e9co)<\/p>\n\n\n\n<p>&nbsp;<a href=\"https:\/\/r.info.newsletter-dgtresor.fr\/mk\/cl\/f\/sh\/6rqJfgq8dINmO7oIiP6yOxWKDCL\/N37U0x5EKcKq\" target=\"_blank\" rel=\"noreferrer noopener\">La conduite de la politique mon\u00e9taire en zone euro et aux \u00c9tats-Unis<\/a> (Tr\u00e9sor-\u00e9co)<\/p>\n\n\n\n<p>&nbsp;<a href=\"https:\/\/r.info.newsletter-dgtresor.fr\/mk\/cl\/f\/sh\/6rqJfgq8dINmO7oIiP6yOxWKDCL\/3X4no1v3SDj7\" target=\"_blank\" rel=\"noreferrer noopener\">Perspectives mondiales au printemps 2024, une croissance mod\u00e9r\u00e9e et in\u00e9gale<\/a> (Tr\u00e9sor-\u00e9co)<\/p>\n\n\n\n<p><a href=\"https:\/\/infos.lemonde.fr\/optiext\/optiextension.dll?ID=y67y5hfrvfwz%2BgoqWG_r13cYSu_TLkerzZHpTKJN98UyIxfOWdwXPWUsbBNZ3shbbGmpybLwHXxP0bKH5sGh7SInwnQFRza2uoaipSyc\" target=\"_blank\" rel=\"noreferrer noopener\">La baisse de la f\u00e9condit\u00e9 humaine dans le monde pourrait \u00eatre plus rapide que pr\u00e9vu<\/a> (Le Monde)<\/p>\n\n\n\n<p><strong><mark style=\"background-color:rgba(0, 0, 0, 0);color:#ed1010\" class=\"has-inline-color\">25 mars<\/mark><\/strong><\/p>\n\n\n\n<p><strong>France<a><\/a><a><\/a><a><\/a><\/strong><\/p>\n\n\n\n<p><a href=\"https:\/\/www.boursorama.com\/actualite-economique\/actualites\/deficit-public-bruno-le-maire-desormais-ouvert-a-discuter-d-une-taxation-des-superprofits-100a13fbb0004f15566aeeb355ea37ed\"><strong>Bruno Le Maire d\u00e9sormais \u00ab\u00a0ouvert\u00a0\u00bb \u00e0 discuter d&rsquo;une taxation des \u00ab\u00a0superprofits\u00a0\u00bb<\/strong><\/a> (Boursorama)&nbsp;&nbsp;<\/p>\n\n\n\n<p><a href=\"https:\/\/www.blast-info.fr\/articles\/2024\/drahileaks-nouvelles-revelations-sur-un-empire-en-peril-sPc8-vGNSCKsmzMONAnRKw\" target=\"_blank\" rel=\"noreferrer noopener\"><strong>#DrahiLeaks : Nouvelles r\u00e9v\u00e9lations sur un empire en p\u00e9ril<\/strong><\/a>&nbsp;(Blast)<\/p>\n\n\n\n<p><a href=\"https:\/\/www.blast-info.fr\/articles\/2024\/drahileaks-le-projet-secret-de-drahi-pour-rentabiliser-ses-investissements-dans-sothebys-Em6jPF4XQlmhL1LeJ3sItA\" target=\"_blank\" rel=\"noreferrer noopener\">#DrahiLeaks : Le projet secret de Drahi pour rentabiliser ses investissements dans Sotheby\u2019s<\/a>&nbsp;(Blast)<\/p>\n\n\n\n<p><a href=\"https:\/\/www.blast-info.fr\/articles\/2024\/drahileaks-ami-la-societe-qui-encaissait-detonnantes-commissions-sur-les-contrats-entre-altice-et-ses-fournisseurs-hpfec_hvTF2Z5LPHmzLghA\" target=\"_blank\" rel=\"noreferrer noopener\">#DrahiLeaks : AMI, la soci\u00e9t\u00e9 qui encaissait d\u2019\u00e9tonnantes commissions sur les contrats entre Altice et ses fournisseurs<\/a>&nbsp;(Blast)<\/p>\n\n\n\n<p><a href=\"https:\/\/www.blast-info.fr\/articles\/2024\/drahileaks-lex-conseiller-juridique-de-patrick-drahi-deballe-les-magouilles-de-son-patron-m4LM8iw1QpuKSWYpwsVqnQ\" target=\"_blank\" rel=\"noreferrer noopener\">#DrahiLeaks : L\u2019ex-conseiller juridique de Patrick Drahi d\u00e9balle les magouilles de son patron<\/a>&nbsp;(Blast)<\/p>\n\n\n\n<p><a href=\"https:\/\/www.blast-info.fr\/articles\/2024\/drahileaks-immobilier-de-suisse-aux-caraibes-la-richesse-a-credit-de-patrick-drahi-Jo4t4YILT6i5rcxGZS3o0g\" target=\"_blank\" rel=\"noreferrer noopener\">#DrahiLeaks : Immobilier, de Suisse aux Cara\u00efbes, la richesse \u00e0 cr\u00e9dit de Patrick Drahi<\/a>&nbsp;(Blast)<\/p>\n\n\n\n<p><a href=\"https:\/\/www.blast-info.fr\/articles\/2024\/drahileaks-les-tres-chers-et-tres-polluants-jets-prives-de-patrick-drahi-NXZM_yjURfSgcK_qLYweAw\" target=\"_blank\" rel=\"noreferrer noopener\">#DrahiLeaks : Les tr\u00e8s chers et tr\u00e8s polluants jets priv\u00e9s de Patrick Drahi<\/a>&nbsp;(Blast)<\/p>\n\n\n\n<p><a href=\"https:\/\/lundi.am\/Produire-de-l-innovation-innover-dans-la-production\" target=\"_blank\" rel=\"noreferrer noopener\"><strong>Produire de l\u2019innovation, innover dans la production<\/strong><\/a> (Lundimatin)<\/p>\n\n\n\n<p><a href=\"https:\/\/www.liberation.fr\/economie\/un-systeme-fiscal-injuste-la-taxation-des-superprofits-largement-souhaitee-notre-sondage-exclusif-20240324_O5WC7GXCGZE7NJKYTMDSTXGJRQ\/\"><strong>Un syst\u00e8me fiscal injuste, la taxation des superprofits largement souhait\u00e9e : notre sondage exclusif<\/strong><\/a> (Lib\u00e9ration)<\/p>\n\n\n\n<p><a href=\"https:\/\/www.liberation.fr\/economie\/en-2023-le-cac-40-engrange-encore-des-superprofits-les-actionnaires-en-profitent-20240324_WNP7G3LMEJBYDGYUOEOOOV4BQQ\/\">En&nbsp;2023, le CAC 40 engrange encore des superprofits, les actionnaires en profitent<\/a> (Lib\u00e9ration)<\/p>\n\n\n\n<p><a href=\"https:\/\/www.alternatives-economiques.fr\/gabriel-zucman-on-a-besoin-dun-impot-fortune-europeen\/00110081\" target=\"_blank\" rel=\"noreferrer noopener\">Gabriel Zucman : \u00ab On a besoin d\u2019un imp\u00f4t sur la fortune europ\u00e9en \u00bb<\/a>&nbsp;(Alter \u00e9co)<\/p>\n\n\n\n<p><a href=\"https:\/\/www.novethic.fr\/economie-et-social\/business-model-en-transition\/orpea-devient-emeis-changer-de-nom-pour-effacer-les-scandales?utm_source=mailpoet&amp;utm_medium=email&amp;utm_campaign=baisse-inedite-des-emissions-fin-dorpea-credits-pandas-le-recap-du-22-mars-211\">Orpea devient Emeis : changer de nom pour effacer les scandales<\/a>&nbsp;(Novethic)<\/p>\n\n\n\n<p><strong>Monde<\/strong><\/p>\n\n\n\n<p><a href=\"https:\/\/www.connaissancedesenergies.org\/afp\/les-cours-du-petrole-en-hausse-pousses-par-le-risque-sur-les-infrastructures-russes-240325\">Les cours du p\u00e9trole en hausse, pouss\u00e9s par le risque sur les infrastructures russes<\/a> (AFP)<\/p>\n\n\n\n<p><a href=\"https:\/\/lundi.am\/CEA-EDF-ORANO-ENGIE-FRAMATOME-ALSTOM-ET-ROSATOM-VONT-EN-BATEAU\" target=\"_blank\" rel=\"noreferrer noopener\">CEA, EDF, ORANO, ENGIE, FRAMATOME, ALSTOM\u2026 Et ROSATOM vont en bateau<\/a> (Lundimatin)<\/p>\n\n\n\n<p><a href=\"https:\/\/www.alternatives-economiques.fr\/six-graphiques-montrent-a-point-monde-reste-dependant-charbon\/00109407\" target=\"_blank\" rel=\"noreferrer noopener\">Six graphiques qui montrent \u00e0 quel point le monde reste d\u00e9pendant du charbon<\/a>&nbsp;(Alter \u00e9co)<\/p>\n\n\n\n<p><a href=\"https:\/\/www.cadtm.org\/Bons-d-Etat-au-niveau-wallon-une-bonne-idee-ou-un-projet-injuste\" target=\"_blank\" rel=\"noreferrer noopener\">Bons d&rsquo;Etat au niveau wallon : une bonne id\u00e9e ou un projet injuste ?<\/a>&nbsp;(CADTM)<\/p>\n\n\n\n<p><a href=\"https:\/\/www.rfi.fr\/fr\/europe\/20240320-l-ue-pr%C3%A9sente-un-plan-pour-saisir-les-revenus-des-avoirs-russes-gel%C3%A9s-et-les-faire-profiter-%C3%A0-kiev?_ope=eyJndWlkIjoiYjFmOWRmZWI3ZTllZGE1NTM1NTJmMGIzNWYwZGIyYjcifQ%3D%3D\">L\u2019UE pr\u00e9sente un plan pour saisir les revenus des avoirs russes gel\u00e9s et les faire profiter \u00e0 Kiev<\/a>&nbsp;(RFI)<\/p>\n\n\n\n<p><strong>Analyse<\/strong><\/p>\n\n\n\n<p><a href=\"https:\/\/www.alternatives-economiques.fr\/christian-chavagneux\/refuser-ceta-une-necessite-va-bien-dela-libre-echange\/00110177\" target=\"_blank\" rel=\"noreferrer noopener\">Refuser le CETA : une n\u00e9cessit\u00e9 qui va bien au-del\u00e0 du libre-\u00e9change<\/a>&nbsp;(Alter \u00e9co)<\/p>\n\n\n\n<p><a href=\"https:\/\/link.newsletter.franceculture.fr\/m\/ml\/7429\/861725\/mtk2ZDODBs9SsWtBtkwVRW9C5lXTLJmivm821gAfcU8=\/Q7FQn3TsphHImw3KqCLU6lp-EHI1Wb-+b62lM3dvy5E=\/\" target=\"_blank\" rel=\"noreferrer noopener\">Montchrestien, fid\u00e8le du mercantilisme<\/a> (France Culture)<\/p>\n\n\n\n<p><strong><a href=\"https:\/\/www.alternatives-economiques.fr\/Dossier&nbsp;:%20Pourquoi%20il%20faut%20taxer%20les%20ultra-riches\">Dossier&nbsp;: Pourquoi il faut taxer les ultra-riches<\/a><\/strong> (Alter \u00e9co)<\/p>\n\n\n\n<p><strong><a href=\"https:\/\/www.lemonde.fr\/idees\/article\/2024\/03\/22\/main-invisible-du-marche-croissance-dernieres-croyances-de-l-occident_6223599_3232.html\">\u2018Main invisible du march\u00e9\u2019, croissance\u2026 derni\u00e8res croyances de l\u2019Occident&nbsp;?<\/a><\/strong>&nbsp;(Le Monde)<\/p>\n\n\n\n<p><a href=\"https:\/\/www.oxfamfrance.org\/communiques-de-presse\/laccaparement-de-leau-par-les-multinationales-menace-les-droits-humains-en-france-et-dans-le-monde\/\">L\u2019accaparement de l\u2019eau par les multinationales menace les droits humains en France et dans le monde<\/a> (Oxfam)<\/p>\n\n\n\n<figure class=\"wp-block-image size-full is-resized\"><img data-recalc-dims=\"1\" loading=\"lazy\" decoding=\"async\" width=\"463\" height=\"422\" src=\"https:\/\/i0.wp.com\/www.rdpemancipation.org\/wp-content\/uploads\/2024\/03\/image-31.png?resize=463%2C422&#038;ssl=1\" alt=\"\" class=\"wp-image-127105\" style=\"width:333px;height:auto\" srcset=\"https:\/\/i0.wp.com\/www.rdpemancipation.org\/wp-content\/uploads\/2024\/03\/image-31.png?w=463&amp;ssl=1 463w, https:\/\/i0.wp.com\/www.rdpemancipation.org\/wp-content\/uploads\/2024\/03\/image-31.png?resize=300%2C273&amp;ssl=1 300w\" sizes=\"auto, (max-width: 463px) 100vw, 463px\" \/><\/figure>\n\n\n\n<p><strong><mark style=\"background-color:rgba(0, 0, 0, 0);color:#ed1010\" class=\"has-inline-color\">22 et 23 mars<\/mark><\/strong><\/p>\n\n\n\n<p><strong>France<a><\/a><a><\/a><a><\/a><\/strong><\/p>\n\n\n\n<p><a href=\"https:\/\/multinationales.org\/fr\/actualites\/invoquer-la-necessite-de-creer-des-mines-pour-la-transition-est-tres-hypocrite\" target=\"_blank\" rel=\"noreferrer noopener\"><strong>\u00abInvoquer la n\u00e9cessit\u00e9 de cr\u00e9er des mines \u201cpour la transition\u201d est tr\u00e8s hypocrite\u00bb<\/strong><\/a> (Observatoire des multinationales)<\/p>\n\n\n\n<p><a href=\"https:\/\/www.blast-info.fr\/emissions\/2024\/ventes-darmes-a-linde-larabie-saoudite-israel-etc-une-honte-macroniste-85VDkvoMSgqVZMT6P-Pmng\" target=\"_blank\" rel=\"noreferrer noopener\">Ventes d&rsquo;armes \u00e0 l&rsquo;Inde, l&rsquo;Arabie Saoudite, Isra\u00ebl, etc. : une honte macroniste<\/a>&nbsp;(Blast)<\/p>\n\n\n\n<p><a href=\"https:\/\/www.boursorama.com\/actualite-economique\/actualites\/derapage-du-deficit-public-yael-braun-pivet-propose-une-reflexion-sur-une-taxation-exceptionnelle-des-superprofits-des-grandes-entreprises-ef77b188e696c55a1f9909d20a07ae07\"><strong>Ya\u00ebl Braun-Pivet propose une r\u00e9flexion sur une taxation \u2018exceptionnelle\u2019 des \u2018superprofits\u2019 des grandes entreprises<\/strong><\/a> (Boursorama)&nbsp;&nbsp;<\/p>\n\n\n\n<p><a href=\"https:\/\/www.boursorama.com\/actualite-economique\/actualites\/deficit-public-bruno-le-maire-ecarte-la-piste-d-une-taxation-des-superprofits-441e75c21398310e6160d82140317dbd\"><strong>Bruno Le Maire \u00e9carte la piste d&rsquo;une taxation des \u00ab\u00a0superprofits\u00a0\u00bb<\/strong><\/a> (Boursorama)&nbsp;&nbsp;<\/p>\n\n\n\n<p><a href=\"https:\/\/www.boursorama.com\/actualite-economique\/actualites\/telecoms-plombe-par-sa-dette-gigantesque-altice-lance-le-bras-de-fer-avec-ses-creanciers-8a0f80c80e9c28f751a7e99ff810715f\">Plomb\u00e9 par sa dette gigantesque, Altice lance le bras de fer avec ses cr\u00e9anciers<\/a> (Boursorama)&nbsp;&nbsp;<\/p>\n\n\n\n<p><a href=\"https:\/\/reporterre.net\/MaPrimeRenov-le-gouvernement-recule-sur-la-renovation-energetique\" target=\"_blank\" rel=\"noreferrer noopener\">MaPrimeR\u00e9nov&rsquo;&nbsp;: le gouvernement recule sur la r\u00e9novation \u00e9nerg\u00e9tique<\/a>&nbsp;(Reporterre)<\/p>\n\n\n\n<p><a href=\"https:\/\/www.confederationpaysanne.fr\/rp_article.php?id=14312\" target=\"_blank\" rel=\"noreferrer noopener\">CETA : Le S\u00e9nat dit NON ! Une belle victoire pour la Conf\u00e9d\u00e9ration paysanne<\/a>&nbsp;(Conf\u00e9d\u00e9ration Paysanne)<\/p>\n\n\n\n<p><a href=\"https:\/\/www.alternatives-economiques.fr\/france-ne-faudra-compter-excedents-depargne\/00109978\" target=\"_blank\" rel=\"noreferrer noopener\">En France, il ne faudra pas compter sur les exc\u00e9dents d\u2019\u00e9pargne<\/a>&nbsp;(Alter \u00e9co)<\/p>\n\n\n\n<p><strong>Monde<\/strong><\/p>\n\n\n\n<p><a href=\"https:\/\/www.alternatives-economiques.fr\/retour-coupes-budgetaires-europe\/00110083\" target=\"_blank\" rel=\"noreferrer noopener\">Le retour des coupes budg\u00e9taires en <strong>Europe<\/strong><\/a>&nbsp;(Alter \u00e9co)<\/p>\n\n\n\n<p><a href=\"https:\/\/www.mediapart.fr\/journal\/ecologie\/220324\/bruxelles-le-nucleaire-entre-reve-de-renaissance-et-deni-de-realite\">\u00c0 Bruxelles, le nucl\u00e9aire entre r\u00eave de renaissance et d\u00e9ni de r\u00e9alit\u00e9<\/a> (M\u00e9diapart)<\/p>\n\n\n\n<p><a href=\"https:\/\/www.greenpeace.fr\/espace-presse\/action-des-activistes-climat-denoncent-les-fantasmes-de-macron-sur-le-nucleaire-et-perturbent-un-sommet-pro-nucleaire-a-bruxelles\/\" target=\"_blank\" rel=\"noreferrer noopener\">Des activistes d\u00e9noncent les fantasmes de Macron sur le nucl\u00e9aire et perturbent un sommet pro-nucl\u00e9aire \u00e0 Bruxelles<\/a>&nbsp;(Greenpeace)<\/p>\n\n\n\n<p><a href=\"https:\/\/www.boursorama.com\/actualite-economique\/actualites\/etats-unis-la-chambre-des-representants-vote-le-budget-course-contre-la-montre-au-congres-4ff155f42ee3da113d2aa23683765350\"><strong>USA<\/strong> : La Chambre des repr\u00e9sentants vote le budget, course contre la montre au Congr\u00e8s<\/a> (Reuters)<\/p>\n\n\n\n<p><a href=\"https:\/\/www.boursorama.com\/actualite-economique\/actualites\/l-ue-veut-taxer-les-cereales-russes-pour-assecher-les-revenus-de-moscou-c766fe61907a6d967d7ad0816a9f2fb1\">L&rsquo;<strong>UE<\/strong> veut taxer les c\u00e9r\u00e9ales russes pour \u00ab\u00a0ass\u00e9cher\u00a0\u00bb les revenus de <strong>Moscou<\/strong><\/a> (AFP)<\/p>\n\n\n\n<p><a href=\"https:\/\/lvsl.fr\/gaza-derriere-les-massacres-les-profiteurs-de-guerre\/\" target=\"_blank\" rel=\"noreferrer noopener\"><strong>Gaza : derri\u00e8re les massacres, les profiteurs de guerre<\/strong><\/a>&nbsp;(Le Vent Se L\u00e8ve)<\/p>\n\n\n\n<p><strong>Analyse<\/strong><\/p>\n\n\n\n<p><strong><a href=\"https:\/\/france.attac.org\/actus-et-medias\/salle-de-presse\/article\/lutte-contre-la-fraude-fiscale-parlons-chiffres-et-revenons-sur-terre\" target=\"_blank\" rel=\"noreferrer noopener\">Lutte contre la fraude fiscale : parlons chiffres et revenons sur terre<\/a>&nbsp;<\/strong>(Attac France)<\/p>\n\n\n\n<p><strong><a href=\"https:\/\/www.contretemps.eu\/envoutement-capitaliste-crypto-monnaies\/\">Au c\u0153ur de l\u2019envo\u00fbtement capitaliste : comprendre les crypto-monnaies<\/a><\/strong> (Contretemps)<\/p>\n\n\n\n<p><a href=\"https:\/\/www.thelancet.com\/journals\/F\u00e9condit\u00e9%20mondiale%201950-2021%20avec%20pr\u00e9visions%202100\">F\u00e9condit\u00e9 mondiale 1950-2021 avec pr\u00e9visions 2100<\/a> (The Lancet)<\/p>\n\n\n\n<p><a href=\"https:\/\/www.huffingtonpost.fr\/science\/article\/demographie-cette-prevision-qui-ne-va-pas-plaire-a-emmanuel-macron-et-son-rearmement_231505.html\">Cette pr\u00e9vision sur la f\u00e9condit\u00e9 mondiale en 2100 ne va pas plaire \u00e0 Macron<\/a> (Huffpost)<\/p>\n\n\n\n<p><strong><a href=\"https:\/\/elucid.media\/societe\/bernard-friot-classe-dirigeante-nous-ecrase-par-pouvoir-sur-travail\">La classe dirigeante nous \u00e9crase par son pouvoir sur le travail !<\/a> <\/strong>(Elucid)<\/p>\n\n\n\n<p><a href=\"https:\/\/www.alternatives-economiques.fr\/impots-millionnaires-veulent-contribuer-plus\/00110075\" target=\"_blank\" rel=\"noreferrer noopener\">Imp\u00f4ts : ces millionnaires qui veulent contribuer plus<\/a>&nbsp;(Alter \u00e9co)<\/p>\n\n\n\n<p><a href=\"https:\/\/www.alternatives-economiques.fr\/surproduction-addiction-shein-lepouvantail-de-mode-mondiale\/00110057\" target=\"_blank\" rel=\"noreferrer noopener\">Surproduction et addiction : Shein, l\u2019\u00e9pouvantail de la mode mondiale<\/a>&nbsp;(Alter \u00e9co)<\/p>\n\n\n\n<figure class=\"wp-block-image size-full is-resized\"><img data-recalc-dims=\"1\" loading=\"lazy\" decoding=\"async\" width=\"561\" height=\"341\" src=\"https:\/\/i0.wp.com\/www.rdpemancipation.org\/wp-content\/uploads\/2024\/03\/image-25.png?resize=561%2C341&#038;ssl=1\" alt=\"\" class=\"wp-image-126984\" style=\"width:424px;height:auto\" srcset=\"https:\/\/i0.wp.com\/www.rdpemancipation.org\/wp-content\/uploads\/2024\/03\/image-25.png?w=561&amp;ssl=1 561w, https:\/\/i0.wp.com\/www.rdpemancipation.org\/wp-content\/uploads\/2024\/03\/image-25.png?resize=300%2C182&amp;ssl=1 300w\" sizes=\"auto, (max-width: 561px) 100vw, 561px\" \/><\/figure>\n\n\n\n<p><strong><mark style=\"background-color:rgba(0, 0, 0, 0);color:#ed1010\" class=\"has-inline-color\">21 mars<\/mark><\/strong><\/p>\n\n\n\n<p><strong>France<a><\/a><a><\/a><a><\/a><\/strong><\/p>\n\n\n\n<p><a href=\"https:\/\/www.frustrationmagazine.fr\/la-pluie-de-dividendes-ne-tombe-pas-du-ciel\/\"><strong>La pluie de dividendes ne tombe pas du ciel<\/strong><\/a>&nbsp;(Frustration)<\/p>\n\n\n\n<p><a href=\"https:\/\/multinationales.org\/fr\/actualites\/les-liaisons-dangereuses-de-l-industrie-francaise-de-l-armement-avec-israel\"><strong>Les liaisons dangereuses de l\u2019industrie fran\u00e7aise de l\u2019armement avec Isra\u00ebl<\/strong><\/a>&nbsp;(Observatoire des multinationales)<\/p>\n\n\n\n<p><a href=\"https:\/\/www.mediapart.fr\/journal\/economie-et-social\/210324\/edf-la-grande-desorganisation\" target=\"_blank\" rel=\"noreferrer noopener\">EDF : la grande d\u00e9sorganisation<\/a>&nbsp; -Martine Orange (Mediapart)<a href=\"https:\/\/www.francetvinfo.fr\/economie\/deficit\/le-deficit-public-sera-superieur-a-5-du-pib-en-2023-reconnait-le-ministre-charge-des-comptes-publics_6437872.html\"><\/a><\/p>\n\n\n\n<p><a href=\"https:\/\/www.francetvinfo.fr\/economie\/deficit\/le-deficit-public-sera-superieur-a-5-du-pib-en-2023-reconnait-le-ministre-charge-des-comptes-publics_6437872.html\">Le d\u00e9ficit public sera sup\u00e9rieur \u00e0 5% du PIB en 2023, reconna\u00eet le ministre charg\u00e9 des Comptes publics<\/a> (France Info)<\/p>\n\n\n\n<p><a href=\"https:\/\/regards.fr\/deficit-de-la-france-le-diagnostic-de-m-le-maire\/\" target=\"_blank\" rel=\"noreferrer noopener\">D\u00e9ficit de la France, le diagnostic de M. Le Maire<\/a>&nbsp;(Regards)<\/p>\n\n\n\n<p><a href=\"https:\/\/regards.fr\/les-propositions-du-ministre-de-leconomie-sont-totalement-irrationnelles-dun-point-de-vue-economique\/\" target=\"_blank\" rel=\"noreferrer noopener\">\u00ab Les propositions du ministre de l\u2019\u00c9conomie sont totalement irrationnelles d\u2019un point de vue\u2026 \u00e9conomique \u00bb<\/a>&nbsp;(Regards)<\/p>\n\n\n\n<p><a href=\"https:\/\/rapportsdeforce.fr\/breves\/valdunes-definitivement-repris-par-europlasma-la-casse-sociale-actee-032120735\" target=\"_blank\" rel=\"noreferrer noopener\">Valdunes d\u00e9finitivement repris par Europlasma, la casse sociale act\u00e9e<\/a>&nbsp;(Rapports de Force)<\/p>\n\n\n\n<p><a href=\"https:\/\/redirection.b2b.infopro-digital.com\/lnk\/AVYAADq91BUAAcXFhpYAAHnKuI0AAABZQTkAANzxAAwsSQBl-9jsokmbEZ2XRQimUvS4PmPJLQAMCy8\/9\/tQKvYBXKL5GbE_MFuNUuVw\/aHR0cDovL3d3dy51c2luZS1kaWdpdGFsZS5mci9hcnRpY2xlL2Ryb2l0cy12b2lzaW5zLWwtYXV0b3JpdGUtZGUtbGEtY29uY3VycmVuY2UtaW5mbGlnZS11bmUtYW1lbmRlLWRlLTI1MC1taWxsaW9ucy1kLWV1cm9zLWEtZ29vZ2xlLk4yMjEwMTI2P3V0bV9zb3VyY2U9bmV3c2xldHRlciZ1dG1fbWVkaXVtPWVtYWlsJnV0bV9jYW1wYWlnbj1pbmZvX3VkLXF1b3RpZGllbm5lJmVtYWlsPTIwNDMzMjg2NTMmaWRiZGQ9NTY1NjE\" target=\"_blank\" rel=\"noreferrer noopener\">Droits voisins : l\u2019Autorit\u00e9 de la concurrence inflige une amende de 250 millions \u20ac \u00e0 Google<\/a> (Usine Digitale)<\/p>\n\n\n\n<p><a href=\"https:\/\/api.indigo-net.com\/email\/RedirectionEmailing?mail=n.chevillard@noos.fr&amp;ID=597055&amp;DOCIID=109703480&amp;ENAIID=871009&amp;RETOUR=SIMPLE&amp;link=https:\/\/www.lalettre.fr\/fr\/entreprises_conseil-et-services\/2024\/03\/21\/orange-reste-inflexible-sur-son-plan-de-departs,110194509-art?cxt=PUB&amp;utm_source=LLA&amp;utm_medium=email&amp;utm_campaign=AUTO_EDIT_SOM_PROS\" target=\"_blank\" rel=\"noreferrer noopener\">Orange reste inflexible sur son plan de d\u00e9parts<\/a> (La Lettre)<\/p>\n\n\n\n<p><strong>Monde<\/strong><a href=\"https:\/\/www.francetvinfo.fr\/replay-radio\/bientot-chez-vous\/trains-a-hydrogene-des-tests-en-cours-au-japon-comme-ailleurs-ceux-de-la-sncf-prevus-courant-2024_6408265.html\"><\/a><\/p>\n\n\n\n<p><a href=\"https:\/\/www.francetvinfo.fr\/replay-radio\/bientot-chez-vous\/trains-a-hydrogene-des-tests-en-cours-au-japon-comme-ailleurs-ceux-de-la-sncf-prevus-courant-2024_6408265.html\">Trains \u00e0 hydrog\u00e8ne&nbsp;: des tests en cours au Japon comme ailleurs, ceux de la SNCF pr\u00e9vus courant 2024<\/a> (France Info)<\/p>\n\n\n\n<p><a href=\"https:\/\/www.connaissancedesenergies.org\/afp\/enel-double-son-benefice-net-en-2023-malgre-la-baisse-des-cours-de-lenergie-240321\">Enel double son b\u00e9n\u00e9fice net en 2023, malgr\u00e9 la baisse des cours de l&rsquo;\u00e9nergie<\/a> (AFP)<\/p>\n\n\n\n<p><a href=\"https:\/\/fr.myeurop.info\/2024\/03\/21\/lue-est-prete-a-fermer-les-gazoducs-russes-mais-reste-dependante-du-gnl-de-moscou\/\" target=\"_blank\" rel=\"noreferrer noopener\">L\u2019UE est pr\u00eate \u00e0 fermer les gazoducs russes, mais reste d\u00e9pendante du GNL de Moscou<\/a>&nbsp;(Myeurop.info)<\/p>\n\n\n\n<p><a href=\"https:\/\/redirection.b2b.infopro-digital.com\/lnk\/AVYAADq91BUAAcXFhpYAAHnKuI0AAABZQTkAANzxAAwsSQBl-9jsokmbEZ2XRQimUvS4PmPJLQAMCy8\/22\/GuEvp3FguvTzUv8QdplMTg\/aHR0cDovL3d3dy51c2luZS1kaWdpdGFsZS5mci9hcnRpY2xlL2EtY291cHMtZGUtbWlsbGlvbnMtZGUtZG9sbGFycy1sLWFyYWJpZS1zYW91ZGl0ZS12ZXV0LXNlLWZhaXJlLXVuZS1wbGFjZS1zdXItbGUtbWFyY2hlLWRlLWwtaWEuTjIyMTAxNDI_dXRtX3NvdXJjZT1uZXdzbGV0dGVyJnV0bV9tZWRpdW09ZW1haWwmdXRtX2NhbXBhaWduPWluZm9fdWQtcXVvdGlkaWVubmUmZW1haWw9MjA0MzMyODY1MyZpZGJkZD01NjU2MQ\" target=\"_blank\" rel=\"noreferrer noopener\">A coups de milliards de dollars, l&rsquo;Arabie Saoudite veut se faire une place sur le march\u00e9 de l&rsquo;IA<\/a> (Usine Digitale)<\/p>\n\n\n\n<p><strong>Analyse<\/strong><\/p>\n\n\n\n<p><a href=\"https:\/\/fakirpresse.info\/la-revanche-des-collabos-1486\" target=\"_blank\" rel=\"noreferrer noopener\">La revanche des collabos !<\/a>&nbsp;(Fakir)<\/p>\n\n\n\n<p><a href=\"https:\/\/www.alternatives-economiques.fr\/pouvoir-dachat-fonctionnaires-continue-de-baisser-3-autres-infographi\/00110073\" target=\"_blank\" rel=\"noreferrer noopener\">Le pouvoir d&rsquo;achat des fonctionnaires continue de baisser et 3 autres infographies \u00e0 ne pas rater<\/a>&nbsp;(Alter \u00e9co)<\/p>\n\n\n\n<p><strong><a href=\"https:\/\/www.alternatives-economiques.fr\/discours-trompeur-adeptes-dune-fiscalite-rabais\/00110068\" target=\"_blank\" rel=\"noreferrer noopener\">Le discours trompeur des adeptes d\u2019une fiscalit\u00e9 au rabais<\/a>&nbsp;<\/strong>(Alter \u00e9co)<\/p>\n\n\n\n<figure class=\"wp-block-image size-full is-resized\"><img data-recalc-dims=\"1\" loading=\"lazy\" decoding=\"async\" width=\"581\" height=\"327\" src=\"https:\/\/i0.wp.com\/www.rdpemancipation.org\/wp-content\/uploads\/2024\/03\/image-22.png?resize=581%2C327&#038;ssl=1\" alt=\"\" class=\"wp-image-126920\" style=\"width:440px;height:auto\" srcset=\"https:\/\/i0.wp.com\/www.rdpemancipation.org\/wp-content\/uploads\/2024\/03\/image-22.png?w=581&amp;ssl=1 581w, https:\/\/i0.wp.com\/www.rdpemancipation.org\/wp-content\/uploads\/2024\/03\/image-22.png?resize=300%2C169&amp;ssl=1 300w\" sizes=\"auto, (max-width: 581px) 100vw, 581px\" \/><\/figure>\n\n\n\n<p><strong><mark style=\"background-color:rgba(0, 0, 0, 0);color:#ed1010\" class=\"has-inline-color\">20 mars<\/mark><\/strong><\/p>\n\n\n\n<p><strong>France<\/strong><\/p>\n\n\n\n<p><strong><a href=\"https:\/\/www.politis.fr\/articles\/2024\/03\/mobilisations-contre-lindustrialisation-de-leau\/\" target=\"_blank\" rel=\"noreferrer noopener\">Mobilisations contre l\u2019industrialisation de l\u2019eau<\/a>&nbsp;<\/strong>(Politis)<\/p>\n\n\n\n<p><a href=\"https:\/\/www.mediapart.fr\/journal\/france\/200324\/le-maire-et-sa-vision-personnelle-de-l-austerite-quand-son-epouse-etait-payee-par-l-assemblee\" target=\"_blank\" rel=\"noreferrer noopener\">Le Maire et sa vision personnelle de l\u2019aust\u00e9rit\u00e9 : quand son \u00e9pouse \u00e9tait pay\u00e9e par l\u2019Assembl\u00e9e<\/a>&nbsp; (Mediapart)<\/p>\n\n\n\n<p><a href=\"https:\/\/www.alternatives-economiques.fr\/taxer-ultrariches-une-idee-chemin\/00110056\" target=\"_blank\" rel=\"noreferrer noopener\">Taxer les ultrariches, une id\u00e9e qui fait son chemin<\/a>&nbsp;(Alter \u00e9co)<\/p>\n\n\n\n<p><a href=\"https:\/\/redirection.b2b.infopro-digital.com\/lnk\/AVkAADrMdTEAAcXFhgIAAHnKuI0AAABZQUUAANzvAAwsSQBl-sSfmSBBgsaDQRCvcHVtsOB9pwAMCy8\/2\/MS5C6SKbHooji8QncrEoHg\/aHR0cHM6Ly93d3cudXNpbmVub3V2ZWxsZS5jb20vZWRpdG9yaWFsL2xlLWZpbmFuY2VtZW50LWR1LXJhY2hhdC1kZS12YWxkdW5lcy1sLWluY29ubnVlLWR1LXByb2pldC1kLWV1cm9wbGFzbWEuTjIyMTAwODc_dXRtX3NvdXJjZT1uZXdzbGV0dGVyJnV0bV9tZWRpdW09ZW1haWwmdXRtX2NhbXBhaWduPWluZm9fZmxhc2gmZW1haWw9MjA0MzMyODY1MyZpZGJkZD01NjU2OA\" target=\"_blank\" rel=\"noreferrer noopener\">Le financement du rachat de Valdunes, l&rsquo;inconnue du projet d&rsquo;Europlasma <\/a>&nbsp;(Usine Nouvelle)<\/p>\n\n\n\n<p><a href=\"https:\/\/redirection.b2b.infopro-digital.com\/lnk\/AVgAADpJewEAAcXFhfQAAHnKuI0AAABZQUUAANzvAAwsSQBl-qvOp3scwcppThWysC-JdIyidgAMCy8\/2\/VfsPpCjncHg25QhkFvjgag\/aHR0cHM6Ly93d3cudXNpbmVub3V2ZWxsZS5jb20vZWRpdG9yaWFsL2F2ZWMtNjAtc2l0ZXMtaW5hdWd1cmVzLWVuLWZyYW5jZS1lbi0yMDIzLWxlcy1zdGFydC11cC1hY2NlbGVyZW50LWxhLXJlaW5kdXN0cmlhbGlzYXRpb24uTjIyMTAwODY_dXRtX3NvdXJjZT1uZXdzbGV0dGVyJnV0bV9tZWRpdW09ZW1haWwmdXRtX2NhbXBhaWduPWluZm9fZmxhc2gmZW1haWw9MjA0MzMyODY1MyZpZGJkZD01NjU2OA\" target=\"_blank\" rel=\"noreferrer noopener\">60 sites inaugur\u00e9s en France en 2023, les start-up acc\u00e9l\u00e8rent la r\u00e9industrialisation<\/a> (Usine Nouvelle)<\/p>\n\n\n\n<p><a href=\"https:\/\/redirection.b2b.infopro-digital.com\/lnk\/AVMAADq8-SsAAcXFhaYAAHnKuI0AAABZQUUAANzvAAwsSQBl-dRFpIdCOSm8RnqOAUGkwnX_HgAMCy8\/4\/8BiyS_5iyzs9Z6fSSx0NUg\/aHR0cDovL3d3dy51c2luZW5vdXZlbGxlLmNvbS9hcnRpY2xlL2xlcy1hbmFseXN0ZXMtc3VydmVpbGxlbnQtbGVzLXJlc3VsdGF0cy1maW5hbmNpZXJzLWQtYXRvcy1wb3VyLTIwMjMtY29tbWUtbGUtbGFpdC1zdXItbGUtZmV1Lk4yMjEwMDI0P3V0bV9zb3VyY2U9bmV3c2xldHRlciZ1dG1fbWVkaXVtPWVtYWlsJnV0bV9jYW1wYWlnbj1pbmZvX2xhLXF1b3RpZGllbm5lJmVtYWlsPTIwNDMzMjg2NTMmaWRiZGQ9NTY1NTk\" target=\"_blank\" rel=\"noreferrer noopener\">Les analystes surveillent les r\u00e9sultats financiers d&rsquo;Atos pour 2023 comme le lait sur le feu<\/a> (Usine Nouvelle)<\/p>\n\n\n\n<p><a href=\"https:\/\/redirection.b2b.infopro-digital.com\/lnk\/AVMAADq8-SsAAcXFhaYAAHnKuI0AAABZQUUAANzvAAwsSQBl-dRFpIdCOSm8RnqOAUGkwnX_HgAMCy8\/9\/Evq_K8trgssr4evIjP2vyQ\/aHR0cDovL3d3dy51c2luZW5vdXZlbGxlLmNvbS9hcnRpY2xlL2wtYXNzZW1ibGVlLW5hdGlvbmFsZS1hcHByb3V2ZS1sYS1mdXNpb24tZGUtbC1hc24tZXQtbC1pcnNuLWxlcy1kZXV4LWV0YWJsaXNzZW1lbnRzLWRlLWxhLXN1cmV0ZS1udWNsZWFpcmUuTjIyMTAwODU_dXRtX3NvdXJjZT1uZXdzbGV0dGVyJnV0bV9tZWRpdW09ZW1haWwmdXRtX2NhbXBhaWduPWluZm9fbGEtcXVvdGlkaWVubmUmZW1haWw9MjA0MzMyODY1MyZpZGJkZD01NjU1OQ\" target=\"_blank\" rel=\"noreferrer noopener\">L\u2019Assembl\u00e9e nationale approuve la fusion de l\u2019ASN et l\u2019IRSN<\/a> (Usine Nouvelle)<\/p>\n\n\n\n<p><strong>Analyse<\/strong><\/p>\n\n\n\n<p><strong><a href=\"https:\/\/www.alternatives-economiques.fr\/expliquer-resultats-records-cac-40\/00110065\" target=\"_blank\" rel=\"noreferrer noopener\">Comment expliquer les r\u00e9sultats records du CAC 40 ?<\/a>&nbsp;<\/strong> (Alter \u00e9co)<\/p>\n\n\n\n<p><a href=\"https:\/\/www.alternatives-economiques.fr\/faut-mener-bataille-culturelle-faveur-de-taxation-tres\/00110053\" target=\"_blank\" rel=\"noreferrer noopener\">Aurore Lalucq : \u00ab Il faut mener la bataille culturelle en faveur de la taxation des tr\u00e8s hauts revenus \u00bb<\/a>&nbsp; (Alter \u00e9co)<\/p>\n\n\n\n<p><a href=\"https:\/\/www.alternatives-economiques.fr\/noami-oreskes-fondamentalistes-marche-nabandonnent-jamais\/00109613\" target=\"_blank\" rel=\"noreferrer noopener\">Noami Oreskes : \u00ab Les fondamentalistes du march\u00e9 n\u2019abandonnent jamais \u00bb<\/a> (Alter \u00e9co)<\/p>\n\n\n\n<figure class=\"wp-block-image size-full is-resized\"><img data-recalc-dims=\"1\" loading=\"lazy\" decoding=\"async\" width=\"617\" height=\"334\" src=\"https:\/\/i0.wp.com\/www.rdpemancipation.org\/wp-content\/uploads\/2024\/03\/image-18.png?resize=617%2C334&#038;ssl=1\" alt=\"\" class=\"wp-image-126882\" style=\"width:421px;height:auto\" srcset=\"https:\/\/i0.wp.com\/www.rdpemancipation.org\/wp-content\/uploads\/2024\/03\/image-18.png?w=617&amp;ssl=1 617w, https:\/\/i0.wp.com\/www.rdpemancipation.org\/wp-content\/uploads\/2024\/03\/image-18.png?resize=300%2C162&amp;ssl=1 300w\" sizes=\"auto, (max-width: 617px) 100vw, 617px\" \/><\/figure>\n\n\n\n<p><strong><mark style=\"background-color:rgba(0, 0, 0, 0);color:#ed1010\" class=\"has-inline-color\">19 mars<\/mark><\/strong><\/p>\n\n\n\n<p><strong>France<a><\/a><a><\/a><a><\/a><\/strong><\/p>\n\n\n\n<p><a href=\"https:\/\/www.greenpeace.fr\/espace-presse\/rapport-entre-fiasco-industriel-et-fantasme-politique-le-nouveau-nucleaire-coutera-beaucoup-plus-cher-quil-ny-parait\/\" target=\"_blank\" rel=\"noreferrer noopener\">Entre fiasco industriel et fantasme politique, le \u2018nouveau nucl\u00e9aire\u2019 co\u00fbtera (beaucoup) plus cher qu\u2019il n\u2019y para\u00eet<\/a>&nbsp; (Greenpeace)<\/p>\n\n\n\n<p><a href=\"https:\/\/reporterre.net\/Les-nouveaux-EPR-couteront-au-moins-100-milliards-d-euros-selon-Greenpeace\" target=\"_blank\" rel=\"noreferrer noopener\">Les nouveaux EPR co\u00fbteront au moins 100 milliards d&rsquo;euros, estime Greenpeace<\/a>&nbsp;(Reporterre)<\/p>\n\n\n\n<p><a href=\"https:\/\/www.alternatives-economiques.fr\/sandrine-foulon\/payer-plus-se-former-un-contresens\/00110059\" target=\"_blank\" rel=\"noreferrer noopener\">Payer plus pour se former, un contresens<\/a>&nbsp;(Alter \u00e9co)<\/p>\n\n\n\n<p><a href=\"https:\/\/www.alternatives-economiques.fr\/riches-ne-paient-part-dimpot\/00110044\" target=\"_blank\" rel=\"noreferrer noopener\"><strong>Pourquoi les riches ne paient pas leur juste part d&rsquo;imp\u00f4t<\/strong><\/a>&nbsp; (Alter \u00e9co)<\/p>\n\n\n\n<p><a href=\"https:\/\/basta.media\/expulsions-locatives-hausse-avant-tout-probleme-loyers-impayables\" target=\"_blank\" rel=\"noreferrer noopener\"><strong>Les expulsions locatives en hausse : \u00abC&rsquo;est avant tout un probl\u00e8me de loyers impayables\u00bb<\/strong><\/a>&nbsp;(Basta!)<\/p>\n\n\n\n<p><a href=\"https:\/\/www.liberation.fr\/environnement\/climat\/pourquoi-meteo-france-senfonce-dans-le-brouillard-20240318_TM53CDBOQFCUXNAST2LPWPQRYI\/\">Pourquoi M\u00e9t\u00e9o France s\u2019enfonce dans le brouillard<\/a> (Lib\u00e9ration)<\/p>\n\n\n\n<p><a href=\"https:\/\/www.mediapart.fr\/journal\/france\/180324\/a69-les-conflits-d-interets-inavoues-des-lobbyistes-pro-autoroute\"><strong>A69&nbsp;: les conflits d\u2019int\u00e9r\u00eats inavou\u00e9s des lobbyistes pro-autoroute<\/strong><\/a>(M\u00e9diapart)<\/p>\n\n\n\n<p><a><\/a><a href=\"https:\/\/lanticapitaliste.org\/opinions\/culture\/le-mensonge-total-enquete-sur-un-criminel-climatique-de-mickael-correia\"><strong>Le mensonge Total. Enqu\u00eate sur un criminel climatique<\/strong>, de Micka\u00ebl Correia<\/a> (L\u2019Anticapitaliste)<\/p>\n\n\n\n<p><a href=\"https:\/\/redirection.b2b.infopro-digital.com\/lnk\/AVgAADot6y0AAcXFhToAAHnKuI0AAABZQUUAANzvAAwsSQBl-YqmFaYQxm_tQ5ysP1efpN7EXwAMCy8\/2\/VDsMNY8u8ZreCy95LNv7fA\/aHR0cHM6Ly93d3cudXNpbmVub3V2ZWxsZS5jb20vZWRpdG9yaWFsL2xlcy12cmFpZXMtcmFpc29ucy1kZXJyaWVyZS1sLWFiYW5kb24tZHUtcmFjaGF0LWRlcy1hY3Rpdml0ZXMtYmRzLWQtYXRvcy1wYXItYWlyYnVzLk4yMjEwMDU4P3V0bV9zb3VyY2U9bmV3c2xldHRlciZ1dG1fbWVkaXVtPWVtYWlsJnV0bV9jYW1wYWlnbj1pbmZvX2ZsYXNoJmVtYWlsPTIwNDMzMjg2NTMmaWRiZGQ9NTY1Njg\" target=\"_blank\" rel=\"noreferrer noopener\">Les vraies raisons derri\u00e8re l&rsquo;abandon du rachat des activit\u00e9s BDS d\u2019Atos par Airbus<\/a> (Usine Nouvelle)<\/p>\n\n\n\n<p><a href=\"https:\/\/api.indigo-net.com\/email\/RedirectionEmailing?mail=n.chevillard@noos.fr&amp;ID=596566&amp;DOCIID=109703480&amp;ENAIID=870523&amp;RETOUR=SIMPLE&amp;link=https:\/\/www.lalettre.fr\/fr\/entreprises_energie-et-environnement\/2024\/03\/19\/alstom-peine-a-trouver-sa-voie-dans-les-trains-a-hydrogene,110193259-eve?cxt=PUB&amp;utm_source=LLA&amp;utm_medium=email&amp;utm_campaign=AUTO_EDIT_SOM_PROS\" target=\"_blank\" rel=\"noreferrer noopener\">Alstom peine \u00e0 trouver sa voie dans les trains \u00e0 hydrog\u00e8ne<\/a> (La Lettre)<\/p>\n\n\n\n<p><a href=\"https:\/\/basta.media\/accord-commercial-ue-canada-ceta-debattu-senat-bientot-bloque\" target=\"_blank\" rel=\"noreferrer noopener\">Accord commercial UE-Canada : le Ceta d\u00e9battu au S\u00e9nat et bient\u00f4t bloqu\u00e9 ?<\/a>&nbsp;(Basta!)<\/p>\n\n\n\n<p><a href=\"https:\/\/api.indigo-net.com\/email\/RedirectionEmailing?mail=n.chevillard@noos.fr&amp;ID=596566&amp;DOCIID=109703480&amp;ENAIID=870523&amp;RETOUR=SIMPLE&amp;link=https:\/\/www.lalettre.fr\/fr\/action-publique_lobbying\/2024\/03\/19\/la-filiere-des-vins-et-spiritueux-en-panique-avant-le-vote-du-senat-sur-le-ceta,110193271-art?cxt=PUB&amp;utm_source=LLA&amp;utm_medium=email&amp;utm_campaign=AUTO_EDIT_SOM_PROS\" target=\"_blank\" rel=\"noreferrer noopener\">La fili\u00e8re des vins et spiritueux en panique avant le vote du S\u00e9nat sur le CETA<\/a> (La Lettre)<\/p>\n\n\n\n<p><a href=\"https:\/\/elucid.media\/economie\/pib-trimestriel-france-03-2024-chute-importations-revele-appauvrissement-general-francais\"><strong>La chute des importations r\u00e9v\u00e8le l&rsquo;appauvrissement g\u00e9n\u00e9ral des Fran\u00e7ais<\/strong><\/a>(Elucid)<\/p>\n\n\n\n<p><strong>Monde<\/strong><\/p>\n\n\n\n<p><a href=\"https:\/\/www.alternatives-economiques.fr\/banques-centrales-reduisent-bilan-dommage\/00109977\" target=\"_blank\" rel=\"noreferrer noopener\">Les banques centrales r\u00e9duisent leur bilan sans dommage<\/a>&nbsp;(Alter \u00e9co)<\/p>\n\n\n\n<p><a href=\"https:\/\/www.mediapart.fr\/journal\/economie-et-social\/190324\/la-banque-du-japon-releve-ses-taux-et-c-est-historique\">La Banque du <strong>Japon<\/strong> rel\u00e8ve ses taux, et c\u2019est historique<\/a> (M\u00e9diapart)<\/p>\n\n\n\n<p><a href=\"https:\/\/redirection.b2b.infopro-digital.com\/lnk\/AVYAADplsVkAAcXFhDwAAHnKuI0AAABZQTkAANzxAAwsSQBl9-NgcswF9ptATHWW0eBxE5prOwAMCy8\/30\/OjyWi0dy1aXl-qQ9Uc8WOg\/aHR0cDovL3d3dy51c2luZS1kaWdpdGFsZS5mci9hcnRpY2xlL2Rvbm5lZXMtcGVyc29ubmVsbGVzLWxpbmtlZGluLXNlLWZhaXQtZXBpbmdsZXItcGFyLWxhLWNvbW1pc3Npb24tZXVyb3BlZW5uZS5OMjIwOTg5OD91dG1fc291cmNlPW5ld3NsZXR0ZXImdXRtX21lZGl1bT1lbWFpbCZ1dG1fY2FtcGFpZ249aW5mb191ZC1xdW90aWRpZW5uZSZlbWFpbD0yMDQzMzI4NjUzJmlkYmRkPTU2NTYx\" target=\"_blank\" rel=\"noreferrer noopener\">Donn\u00e9es personnelles : LinkedIn se fait \u00e9pingler par la Commission europ\u00e9enne<\/a> (Usine Digitale)<\/p>\n\n\n\n<p><a href=\"https:\/\/elucid.media\/politique\/union-europeenne-derive-autoritaire-absurdites-economiques-poursuit-sabordage\">D\u00e9rive autoritaire et absurdit\u00e9s \u00e9conomiques : l&rsquo;UE poursuit son sabordage<\/a> (Elucid)<\/p>\n\n\n\n<p><a href=\"https:\/\/www.zonebourse.com\/actualite-bourse\/Allemagne-Les-investissements-des-entreprises-etrangeres-au-plus-bas-depuis-dix-ans-selon-une-e-46198536\/\"><strong>Allemagne <\/strong>: Les investissements des entreprises \u00e9trang\u00e8res au plus bas depuis dix ans<\/a>&nbsp;(zone bourse)<\/p>\n\n\n\n<p><a href=\"https:\/\/reseauinternational.net\/95-des-entreprises-occidentales-operent-toujours-en-russie-selon-le-ministre-des-affaires-etrangeres-autrichien-malgre-les-sanctions-et-les-restrictions\/\">95% des entreprises occidentales op\u00e8rent toujours en Russie selon le ministre des Affaires \u00e9trang\u00e8res autrichien<\/a>&nbsp;(Al Mayadeen&nbsp;<em>via<\/em>&nbsp;R\u00e9seau International)<\/p>\n\n\n\n<p><strong>Analyse<\/strong><\/p>\n\n\n\n<p><a href=\"https:\/\/link.newsletter.franceculture.fr\/m\/ml\/7429\/860348\/lzV5_SYMNsoT5yBZt4LtNG9C5lXTLJmivm821gAfcU8=\/uKQsNh4DKXp6YY5u6IMJhtPfHXiz75ZrbnV2MiCXt1A=\/\" target=\"_blank\" rel=\"noreferrer noopener\">Relance&nbsp;: Keynes qui se passe&nbsp;?<\/a> (France Culture)<\/p>\n\n\n\n<p><a href=\"https:\/\/elucid.media\/societe\/ascenseur-social-panne-france-ressenti-ou-realite-economique\">L\u2019ascenseur social est en panne : un \u00ab&nbsp;ressenti&nbsp;\u00bb ou une r\u00e9alit\u00e9 \u00e9conomique ?<\/a> (Elucid)<\/p>\n\n\n\n<p><a href=\"https:\/\/elucid.media\/economie\/pib-obsession-croissance-fuite-en-avant-florence-jany-catrice\"><strong>La fuite en avant de l&rsquo;obsession de la croissance &#8211; Florence Jany-Catrice<\/strong><\/a> (Elucid)<\/p>\n\n\n\n<p><a href=\"https:\/\/elucid.media\/environnement\/petit-traite-de-la-decroissance-sereine-serge-latouche\">Petit trait\u00e9 de la d\u00e9croissance sereine &#8211; Serge Latouche<\/a> (Elucid)<\/p>\n\n\n\n<p><a href=\"https:\/\/alencontre.org\/economie\/adam-smith-300-ans-apres.html\">Adam Smith \u2013 300 ans apr\u00e8s&nbsp;<\/a> (A l\u2019encontre)<\/p>\n\n\n\n<figure class=\"wp-block-image size-large is-resized\"><img data-recalc-dims=\"1\" loading=\"lazy\" decoding=\"async\" width=\"686\" height=\"1024\" src=\"https:\/\/i0.wp.com\/www.rdpemancipation.org\/wp-content\/uploads\/2024\/03\/image-16.png?resize=686%2C1024&#038;ssl=1\" alt=\"\" class=\"wp-image-126853\" style=\"width:320px;height:auto\" srcset=\"https:\/\/i0.wp.com\/www.rdpemancipation.org\/wp-content\/uploads\/2024\/03\/image-16.png?resize=686%2C1024&amp;ssl=1 686w, https:\/\/i0.wp.com\/www.rdpemancipation.org\/wp-content\/uploads\/2024\/03\/image-16.png?resize=201%2C300&amp;ssl=1 201w, https:\/\/i0.wp.com\/www.rdpemancipation.org\/wp-content\/uploads\/2024\/03\/image-16.png?resize=768%2C1146&amp;ssl=1 768w, https:\/\/i0.wp.com\/www.rdpemancipation.org\/wp-content\/uploads\/2024\/03\/image-16.png?w=1024&amp;ssl=1 1024w\" sizes=\"auto, (max-width: 686px) 100vw, 686px\" \/><\/figure>\n\n\n\n<p><strong><mark style=\"background-color:rgba(0, 0, 0, 0);color:#ed1010\" class=\"has-inline-color\">18 mars<\/mark><\/strong><\/p>\n\n\n\n<p><strong>Analyse<\/strong><\/p>\n\n\n\n<p><a href=\"https:\/\/lundi.am\/Recette-pour-construire-une-mega-usine\" target=\"_blank\" rel=\"noreferrer noopener\">Recette pour construire une m\u00e9ga-usine<\/a> (Lundimatin)<\/p>\n\n\n\n<p><a href=\"https:\/\/www.lemonde.fr\/idees\/article\/2024\/03\/16\/thomas-piketty-les-lecons-de-la-constitution-de-weimar-pour-aujourd-hui_6222317_3232.html\">Thomas Piketty&nbsp;: \u00ab&nbsp;Les le\u00e7ons de la Constitution de Weimar pour aujourd\u2019hui&nbsp;\u00bb<\/a> (Le Monde)<\/p>\n\n\n\n<p><strong><mark style=\"background-color:rgba(0, 0, 0, 0);color:#ed1010\" class=\"has-inline-color\">16 mars<\/mark><\/strong><\/p>\n\n\n\n<p><strong>France<\/strong><\/p>\n\n\n\n<p><strong><a href=\"https:\/\/rapportsdeforce.fr\/classes-en-lutte\/avec-la-loi-pacte-2-pres-dun-tiers-du-salariat-pourrait-perdre-son-cse-031620710\" target=\"_blank\" rel=\"noreferrer noopener\">Avec la loi Pacte 2, pr\u00e8s d\u2019un tiers du salariat pourrait perdre son CSE<\/a>&nbsp;<\/strong>(Rapports de Force)<\/p>\n\n\n\n<p><strong><a href=\"https:\/\/www.mediapart.fr\/journal\/economie-et-social\/150324\/bfmtv-passe-d-un-milliardaire-l-autre\" target=\"_blank\" rel=\"noreferrer noopener\">BFMTV passe d\u2019un milliardaire \u00e0 l\u2019autre<\/a><\/strong>&nbsp;-Martine Orange (Mediapart)<\/p>\n\n\n\n<p><a href=\"https:\/\/www.mediapart.fr\/journal\/international\/150324\/la-crise-du-logement-s-invite-dans-les-elections-europeennes\" target=\"_blank\" rel=\"noreferrer noopener\">La crise du logement s\u2019invite dans les \u00e9lections europ\u00e9ennes<\/a>&nbsp;(Mediapart)<\/p>\n\n\n\n<p><strong>Monde<\/strong><\/p>\n\n\n\n<p><a href=\"https:\/\/www.humanite.fr\/social-et-economie\/devoir-de-vigilance\/devoir-de-vigilance-les-etats-europeens-adoptent-un-texte-minore\" target=\"_blank\" rel=\"noreferrer noopener\">Devoir de vigilance : les \u00c9tats europ\u00e9ens adoptent un texte minor\u00e9<\/a>&nbsp; (L\u2019Humanit\u00e9)<\/p>\n\n\n\n<p><strong><mark style=\"background-color:rgba(0, 0, 0, 0);color:#ed1010\" class=\"has-inline-color\">15 mars<\/mark><\/strong><\/p>\n\n\n\n<p><strong>France<a><\/a><a><\/a><a><\/a><\/strong><\/p>\n\n\n\n<p><a href=\"https:\/\/www.liberation.fr\/economie\/la-cour-des-comptes-appelle-a-capter-davantage-les-profits-des-groupes-denergie-et-fustige-des-prix-qui-ne-sont-pas-coherents-20240315_VZTKQ6XFMFHBBKM7ST3XINXRDI\/\"><strong>La Cour des comptes appelle \u00e0 \u00abcapter\u00bb davantage les profits des groupes d\u2019\u00e9nergie<\/strong> et fustige des prix qui ne sont pas \u00abcoh\u00e9rents\u00bb<\/a> (Lib\u00e9ration)<\/p>\n\n\n\n<p><a href=\"https:\/\/www.liberation.fr\/economie\/medias\/patrick-drahi-cede-bfm-tv-et-rmc-a-rodolphe-saade-le-monopoly-des-medias-continue-20240315_52FUUI2IV5HXVNCQBQXDTNGTUA\/\">Patrick Drahi c\u00e8de BFM TV et RMC \u00e0 Rodolphe Saad\u00e9 : le monopoly des m\u00e9dias continue<\/a> (Lib\u00e9ration)<\/p>\n\n\n\n<p><a href=\"https:\/\/www.alternatives-economiques.fr\/cour-comptes-schizophrene-face-changement-climatique\/00110032\" target=\"_blank\" rel=\"noreferrer noopener\">La Cour des comptes schizophr\u00e8ne face au changement climatique<\/a>&nbsp;(Alter \u00e9co)<\/p>\n\n\n\n<p><a href=\"https:\/\/reporterre.net\/La-France-refuse-d-autoriser-les-megacamions-sur-ses-routes\" target=\"_blank\" rel=\"noreferrer noopener\">La France refuse d&rsquo;autoriser les m\u00e9gacamions sur ses routes<\/a>&nbsp;(Reporterre)<\/p>\n\n\n\n<p><a href=\"https:\/\/reporterre.net\/Le-groupe-Pierre-Fabre-reconnait-avoir-finance-l-A69\" target=\"_blank\" rel=\"noreferrer noopener\">Le groupe Pierre Fabre reconna\u00eet avoir financ\u00e9 l&rsquo;A69<\/a>&nbsp;(Reporterre)<\/p>\n\n\n\n<p><a href=\"https:\/\/www.alternatives-economiques.fr\/puissance-publique-a-ete-un-puissant-vecteur-de-financiarisation-de-l\/00110022\" target=\"_blank\" rel=\"noreferrer noopener\">\u00ab La puissance publique a \u00e9t\u00e9 un puissant vecteur de financiarisation de l\u2019assurance \u00bb<\/a>&nbsp;(Alter \u00e9co)<\/p>\n\n\n\n<p><a href=\"https:\/\/www.blast-info.fr\/emissions\/2024\/30-milliards-deconomies-les-riches-ont-profite-les-pauvres-vont-payer-Sih6byA9Q1K1eSeHXUTXtg\" target=\"_blank\" rel=\"noreferrer noopener\"><strong>30 milliards d&rsquo;\u00e9conomies : les riches ont profit\u00e9, les pauvres vont payer<\/strong><\/a>(Blast)<\/p>\n\n\n\n<p><a href=\"https:\/\/www.alternatives-economiques.fr\/penaliser-fast-fashion-consommer\/00110024\" target=\"_blank\" rel=\"noreferrer noopener\">Le malus contre la surproduction suffira-t-il \u00e0 d\u00e9shabiller la fast fashion ?<\/a>&nbsp;(Alter \u00e9co)<\/p>\n\n\n\n<p><a href=\"https:\/\/reporterre.net\/Une-mission-interministerielle-sur-les-subventions-nefastes-a-la-biodiversite-en-passe-d\" target=\"_blank\" rel=\"noreferrer noopener\">Le gouvernement refuse de stopper les financements n\u00e9fastes \u00e0 la biodiversit\u00e9<\/a>&nbsp;(Reporterre)<\/p>\n\n\n\n<p><a href=\"https:\/\/www.alternatives-economiques.fr\/coupes-budgetaires-surenchere-gouvernement\/00110010\" target=\"_blank\" rel=\"noreferrer noopener\"><strong>Coupes budg\u00e9taires : la surench\u00e8re du gouvernement<\/strong><\/a>(Alter \u00e9co)<\/p>\n\n\n\n<p><a href=\"https:\/\/www.alternatives-economiques.fr\/captage-stockage-de-co2-france-prete-a-sauter-puits\/00109587\" target=\"_blank\" rel=\"noreferrer noopener\">Captage et stockage de CO2 : la France pr\u00eate \u00e0 sauter dans le puits<\/a>&nbsp;(Alter \u00e9co)<\/p>\n\n\n\n<p><a href=\"https:\/\/redirection.b2b.infopro-digital.com\/lnk\/AWMAADlLIbsAAcXFgoYAAHnKuI0AAABZQTkAANzxAAwsSQBl8p2igwwHxCZ-RYOo8UmzwO0NAwAMCy8\/9\/oRq2K3KjcgTk7AS36FGZWA\/aHR0cDovL3d3dy51c2luZS1kaWdpdGFsZS5mci9hcnRpY2xlL2ZyYW5jZS10cmF2YWlsLWNpYmxlLXBhci11bmUtY3liZXJhdHRhcXVlLWxlcy1kb25uZWVzLWRlLTQzLW1pbGxpb25zLWRlLWZyYW5jYWlzLXBvdGVudGllbGxlbWVudC1leHBvc2Vlcy5OMjIwOTgzOT91dG1fc291cmNlPW5ld3NsZXR0ZXImdXRtX21lZGl1bT1lbWFpbCZ1dG1fY2FtcGFpZ249aW5mb191ZC1xdW90aWRpZW5uZSZlbWFpbD0yMDQzMzI4NjUzJmlkYmRkPTU2NTYx\" target=\"_blank\" rel=\"noreferrer noopener\">France Travail cibl\u00e9 par une cyberattaque, les donn\u00e9es de 43 millions de Fran\u00e7ais potentiellement expos\u00e9es<\/a> (Usine Digitale)<\/p>\n\n\n\n<p><strong>Monde<\/strong><\/p>\n\n\n\n<p><a href=\"https:\/\/www.fidh.org\/fr\/themes\/entreprises-droits-humains-et-environnement\/responsabilite-des-entreprises\/directive-europeenne-sur-le-devoir-de-vigilance-les-etats-membres\" target=\"_blank\" rel=\"noreferrer noopener\">Directive <strong>europ\u00e9enne<\/strong> sur le devoir de vigilance : les \u00c9tats membres ent\u00e9rinent un accord politique<\/a>&nbsp; (FIDH)<\/p>\n\n\n\n<p><a href=\"https:\/\/www.cadtm.org\/Pacte-de-stabilite-europeen-le-grand-retour-de-l-austerite\" target=\"_blank\" rel=\"noreferrer noopener\">Pacte de stabilit\u00e9 europ\u00e9en : le grand retour de l&rsquo;aust\u00e9rit\u00e9<\/a>&nbsp;(CADTM)<\/p>\n\n\n\n<p><a href=\"https:\/\/reporterre.net\/Europe-les-mesures-ecolos-de-la-Politique-agricole-commune-massivement-sacrifiees\" target=\"_blank\" rel=\"noreferrer noopener\">L&rsquo;Europe veut sacrifier les mesures \u00e9colos de la Politique agricole commune<\/a>&nbsp;(Reporterre)<\/p>\n\n\n\n<p><a href=\"https:\/\/redirection.b2b.infopro-digital.com\/lnk\/AVEAADpqSy4AAcXFg2QAAHnKuI0AAABZQTkAANzxAAwsSQBl8_ZcZXTmf0arR2ao-uYcD1UW4wAMCy8\/13\/m63_0et-LSqsIFZFH1BmeA\/aHR0cDovL3d3dy51c2luZS1kaWdpdGFsZS5mci9hcnRpY2xlL3Rpa3Rvay1wb3VycmFpdC1ldHJlLWludGVyZGl0LWF1eC1ldGF0cy11bmlzLXBvdXItZGVzLXNvdXBjb25zLWQtZXNwaW9ubmFnZS5OMjIwOTg2NT91dG1fc291cmNlPW5ld3NsZXR0ZXImdXRtX21lZGl1bT1lbWFpbCZ1dG1fY2FtcGFpZ249aW5mb191ZC1xdW90aWRpZW5uZSZlbWFpbD0yMDQzMzI4NjUzJmlkYmRkPTU2NTYx\" target=\"_blank\" rel=\"noreferrer noopener\">TikTok pourrait \u00eatre interdit aux <strong>\u00c9tats-Unis<\/strong> pour des soup\u00e7ons d\u2019espionnage<\/a> (Usine Digitale)<\/p>\n\n\n\n<p><a href=\"https:\/\/redirection.b2b.infopro-digital.com\/lnk\/AVEAADpqSy4AAcXFg2QAAHnKuI0AAABZQTkAANzxAAwsSQBl8_ZcZXTmf0arR2ao-uYcD1UW4wAMCy8\/18\/ylZv_LLozZqyjM63m7k4DQ\/aHR0cDovL3d3dy51c2luZS1kaWdpdGFsZS5mci9hcnRpY2xlL2Rvbm5lZXMtcGVyc29ubmVsbGVzLWxpbmtlZGluLXNlLWZhaXQtZXBpbmdsZXItcGFyLWxhLWNvbW1pc3Npb24tZXVyb3BlZW5uZS5OMjIwOTg5OD91dG1fc291cmNlPW5ld3NsZXR0ZXImdXRtX21lZGl1bT1lbWFpbCZ1dG1fY2FtcGFpZ249aW5mb191ZC1xdW90aWRpZW5uZSZlbWFpbD0yMDQzMzI4NjUzJmlkYmRkPTU2NTYx\" target=\"_blank\" rel=\"noreferrer noopener\">Donn\u00e9es personnelles : LinkedIn se fait \u00e9pingler par la Commission europ\u00e9enne<\/a> (Usine Digitale)<\/p>\n\n\n\n<p><a href=\"https:\/\/redirection.b2b.infopro-digital.com\/lnk\/AVkAADosuSsAAcXFg0IAAHnKuI0AAABZQUUAANzvAAwsSQBl8z1vIB7j1e4UToGVkZBzfCD6wgAMCy8\/4\/d979ZQa5MAxrtJRThRQXEg\/aHR0cDovL3d3dy51c2luZW5vdXZlbGxlLmNvbS9hcnRpY2xlL2F2ZWMtc2VzLWJlbHVnYS1zdC1haXJidXMtcmlwb3N0ZS1jb250cmUtbGEtZGVwZW5kYW5jZS1kZS1sLWV1cm9wZS1kYW5zLWxlLXRyYW5zcG9ydC1taWxpdGFpcmUuTjIyMDk4Nzc_dXRtX3NvdXJjZT1uZXdzbGV0dGVyJnV0bV9tZWRpdW09ZW1haWwmdXRtX2NhbXBhaWduPWluZm9fbGEtcXVvdGlkaWVubmUmZW1haWw9MjA0MzMyODY1MyZpZGJkZD01NjU1OQ\" target=\"_blank\" rel=\"noreferrer noopener\">La flotte de Beluga ST d&rsquo;Airbus, futur outil de transport militaire pour l&rsquo;Europe ?<\/a> (Usine Nouvelle)<\/p>\n\n\n\n<p><strong>Analyse<\/strong><\/p>\n\n\n\n<p><a href=\"https:\/\/multinationales.org\/fr\/actualites\/intelligence-sous-influence-la-lettre-du-14-mars-2024\" target=\"_blank\" rel=\"noreferrer noopener\">Intelligence sous influence &#8211; La lettre du 14 mars 2024<\/a>&nbsp;(Observatoire des multinationales)<\/p>\n\n\n\n<p><a href=\"https:\/\/www.alternatives-economiques.fr\/lomc-sert-a-quelque-chose\/00110014\" target=\"_blank\" rel=\"noreferrer noopener\">L\u2019OMC sert-elle encore \u00e0 quelque chose ?<\/a>&nbsp;(Alter \u00e9co)<\/p>\n\n\n\n<p><a href=\"https:\/\/lvsl.fr\/quand-les-geants-petroliers-appuyaient-le-club-de-rome\/?utm_source=sendinblue&amp;utm_campaign=Newsletter_Derniers_Articles&amp;utm_medium=email\">Quand les g\u00e9ants p\u00e9troliers appuyaient le club de Rome<\/a> (LVSL)<\/p>\n\n\n\n<figure class=\"wp-block-image size-full is-resized\"><img data-recalc-dims=\"1\" loading=\"lazy\" decoding=\"async\" width=\"695\" height=\"391\" src=\"https:\/\/i0.wp.com\/www.rdpemancipation.org\/wp-content\/uploads\/2024\/03\/image-14.png?resize=695%2C391&#038;ssl=1\" alt=\"\" class=\"wp-image-126734\" style=\"width:483px;height:auto\" srcset=\"https:\/\/i0.wp.com\/www.rdpemancipation.org\/wp-content\/uploads\/2024\/03\/image-14.png?w=695&amp;ssl=1 695w, https:\/\/i0.wp.com\/www.rdpemancipation.org\/wp-content\/uploads\/2024\/03\/image-14.png?resize=300%2C169&amp;ssl=1 300w\" sizes=\"auto, (max-width: 695px) 100vw, 695px\" \/><\/figure>\n\n\n\n<p><strong><mark style=\"background-color:rgba(0, 0, 0, 0);color:#ed1010\" class=\"has-inline-color\">14 mars<\/mark><\/strong><\/p>\n\n\n\n<p><strong>France<\/strong><\/p>\n\n\n\n<p><a href=\"https:\/\/www.economiematin.fr\/telecom-enquete-altice-corruption-pnf-drahi\">Altice (SFR, BFMTV)&nbsp;: le groupe de Drahi soup\u00e7onn\u00e9 de corruption<\/a>&nbsp;(Economie matin)<\/p>\n\n\n\n<p><a href=\"https:\/\/www.ldh-france.org\/devoir-de-vigilance-europeen-lheure-de-verite-pour-la-france\/\" target=\"_blank\" rel=\"noreferrer noopener\">Devoir de vigilance europ\u00e9en : l\u2019heure de v\u00e9rit\u00e9 pour la France !<\/a>&nbsp;(LDH)<\/p>\n\n\n\n<p><a href=\"https:\/\/www.youtube.com\/watch?v=VaiQs0Bi2TY\" target=\"_blank\" rel=\"noreferrer noopener\">Ch\u00f4mage. Les preuves qui masques la propagande de la macronie<\/a> (Le M\u00e9dia)<\/p>\n\n\n\n<p><strong>Analyse<\/strong><\/p>\n\n\n\n<p><strong><a href=\"https:\/\/multinationales.org\/fr\/actualites\/mistralai-alephalpha-gafam-ai-europe\">AI Act&nbsp;: le troublant lobbying des \u2018champions\u2019 europ\u00e9ens, Mistral AI et Aleph Alpha<\/a>&nbsp;<\/strong>(Observatoire des multinationales)<\/p>\n\n\n\n<p><a href=\"https:\/\/www.lemonde.fr\/idees\/article\/2024\/03\/13\/la-petite-taxe-proposee-par-la-commission-europeenne-rapporterait-chaque-annee-jusqu-a-57-milliards-d-euros_6221788_3232.html\"><strong>La taxe sur les transactions financi\u00e8res propos\u00e9e par la CE rapporterait chaque ann\u00e9e jusqu\u2019\u00e0 57 mds \u20ac<\/strong> <\/a>&nbsp;(Une tribune tr\u00e8s critique de d\u00e9put\u00e9s -dont ceux de la majorit\u00e9 &#8211; dans le Monde)<\/p>\n\n\n\n<p><strong><mark style=\"background-color:rgba(0, 0, 0, 0);color:#ed1010\" class=\"has-inline-color\">13 mars<\/mark><\/strong><\/p>\n\n\n\n<p><strong>France<a><\/a><a><\/a><a><\/a><\/strong><\/p>\n\n\n\n<p><a href=\"https:\/\/www.connaissancedesenergies.org\/afp\/surete-nucleaire-les-elus-du-cea-egalement-opposes-au-projet-de-reforme-240313\"><strong>S\u00fbret\u00e9 nucl\u00e9aire : les \u00e9lus du CEA \u00e9galement oppos\u00e9s au projet de r\u00e9forme<\/strong><\/a>(AFP)<\/p>\n\n\n\n<p><a href=\"https:\/\/www.connaissancedesenergies.org\/afp\/surete-nucleaire-lassemblee-nationale-ouvre-la-voie-la-fusion-entre-asn-et-irsn-240312\">S\u00fbret\u00e9 nucl\u00e9aire : l&rsquo;Assembl\u00e9e nationale ouvre la voie \u00e0 la fusion entre ASN et IRSN<\/a> (AFP)<\/p>\n\n\n\n<p><a href=\"https:\/\/www.politis.fr\/articles\/2024\/03\/depenses-publiques-la-belle-manipulation-des-echos\/\" target=\"_blank\" rel=\"noreferrer noopener\">D\u00e9penses publiques : la belle manipulation des \u00c9chos<\/a>&nbsp;(Politis)<\/p>\n\n\n\n<p><a href=\"https:\/\/www.politis.fr\/articles\/2024\/03\/timac-agro-un-geant-des-engrais-reconnu-coupable-de-pollution\/\" target=\"_blank\" rel=\"noreferrer noopener\">Timac Agro, un g\u00e9ant des engrais reconnu coupable de pollution<\/a>&nbsp;(Politis)<\/p>\n\n\n\n<p><a href=\"https:\/\/reporterre.net\/Lactalis-risque-une-amende-de-275-millions-d-euros-pour-fraude-fiscale\" target=\"_blank\" rel=\"noreferrer noopener\">Lactalis risque une amende de 275 millions d&rsquo;euros pour fraude fiscale<\/a>&nbsp;(Reporterre)<\/p>\n\n\n\n<p><a href=\"https:\/\/www.humanite.fr\/environnement\/bruno-le-maire\/nucleaire-transport-foret-la-cour-des-comptes-fustige-le-manque-dadaptation-de-la-france-au-changement-climatique\" target=\"_blank\" rel=\"noreferrer noopener\">Nucl\u00e9aire, transport, for\u00eat\u2026 La Cour des comptes fustige le manque d\u2019adaptation de la France au changement climatique<\/a>&nbsp;(L\u2019Humanit\u00e9)<\/p>\n\n\n\n<p><a href=\"https:\/\/www.blast-info.fr\/emissions\/2024\/lavant-derniere-la-chronique-economique-de-gilles-raveaud-le-maire-annonce-le-retour-de-lausterite-fuaQYWJYTEu3fUPOhxIaew\" target=\"_blank\" rel=\"noreferrer noopener\">Chronique \u00e9conomique de Gilles Raveaud, Le Maire annonce le retour de l&rsquo;aust\u00e9rit\u00e9<\/a>&nbsp;(Blast)<\/p>\n\n\n\n<p><a href=\"https:\/\/www.alternatives-economiques.fr\/tarifs-dassurance-exploser-budget-menages\/00109869\" target=\"_blank\" rel=\"noreferrer noopener\">Les tarifs d\u2019assurance font exploser le budget des m\u00e9nages<\/a>&nbsp;(Alter \u00e9co)<\/p>\n\n\n\n<p><strong>Monde<\/strong><\/p>\n\n\n\n<p><a href=\"https:\/\/www.lefigaro.fr\/vox\/societe\/le-ceta-ou-comment-faciliter-l-importation-de-boeuf-canadien-nourri-aux-farines-animales-20240311\">\u00abLe CETA, ou comment faciliter l&rsquo;importation de b\u0153uf canadien nourri aux farines animales\u00bb<\/a> (Figaro Vox)<\/p>\n\n\n\n<p><a href=\"https:\/\/www.mediapart.fr\/journal\/ecologie\/130324\/climat-un-agriculteur-belge-assigne-totalenergies-en-justice\"><strong>Un agriculteur belge assigne TotalEnergies en justice<\/strong><\/a>(M\u00e9diapart)<\/p>\n\n\n\n<p><a href=\"https:\/\/www.fidh.org\/fr\/themes\/entreprises-droits-humains-et-environnement\/responsabilite-des-entreprises\/totalenergies-changement-climatique-court-belgique\" target=\"_blank\" rel=\"noreferrer noopener\">TotalEnergies poursuivie pour sa responsabilit\u00e9 dans la crise climatique : premi\u00e8re action climatique en Belgique contre une multinationale<\/a>&nbsp;(FIDH)<\/p>\n\n\n\n<p><a href=\"https:\/\/www.fidh.org\/fr\/plaidoyer-international\/union-europeenne\/stop-a-l-accord-d-association-ue-israel\" target=\"_blank\" rel=\"noreferrer noopener\">Stop \u00e0 l&rsquo;accord d&rsquo;association UE-Isra\u00ebl<\/a>&nbsp;(FIDH)<\/p>\n\n\n\n<p><a href=\"https:\/\/www.connaissancedesenergies.org\/afp\/logement-les-objectifs-de-renovation-energetique-de-lue-240312\">Logement : les objectifs de r\u00e9novation \u00e9nerg\u00e9tique de l&rsquo;UE<\/a> (AFP)<\/p>\n\n\n\n<p><a href=\"https:\/\/lareleveetlapeste.fr\/en-allemagne-un-sabotage-force-larret-dune-usine-geante-tesla\/\" target=\"_blank\" rel=\"noreferrer noopener\">En Allemagne, un sabotage force l\u2019arr\u00eat d\u2019une usine g\u00e9ante Tesla<\/a>&nbsp;(La Rel\u00e8ve et La Peste)<\/p>\n\n\n\n<p><a href=\"https:\/\/www.cadtm.org\/Banque-mondiale-et-Philippines\" target=\"_blank\" rel=\"noreferrer noopener\">Banque mondiale et Philippines<\/a>&nbsp;(CADTM)<\/p>\n\n\n\n<p><a href=\"https:\/\/www.cadtm.org\/Au-Nigeria-la-strategie-neoliberale-aggrave-la-crise-economique\" target=\"_blank\" rel=\"noreferrer noopener\">Au Nig\u00e9ria, la strat\u00e9gie n\u00e9olib\u00e9rale aggrave la crise \u00e9conomique<\/a>&nbsp;(CADTM)<\/p>\n\n\n\n<p><strong>Analyse<\/strong><\/p>\n\n\n\n<p><a href=\"https:\/\/www.alternatives-economiques.fr\/travail-nenrichit-plus-francais\/00109929\" target=\"_blank\" rel=\"noreferrer noopener\">Le travail n\u2019enrichit plus les Fran\u00e7ais<\/a>&nbsp;(Alter \u00e9co)<\/p>\n\n\n\n<p><strong><mark style=\"background-color:rgba(0, 0, 0, 0);color:#ed1010\" class=\"has-inline-color\">11 mars<\/mark><\/strong><\/p>\n\n\n\n<p><strong>France<a><\/a><a><\/a><a><\/a><\/strong><\/p>\n\n\n\n<p><a href=\"https:\/\/www.lemonde.fr\/idees\/article\/2024\/03\/11\/si-la-france-accepte-enfin-la-taxe-sur-les-transactions-financieres-on-verra-que-l-europe-peut-rapporter-gros_6221390_3232.html\"><strong>\u00abSi la France accepte enfin la taxe sur les transactions financi\u00e8res, on verra que l\u2019Europe peut rapporter gros\u00bb<\/strong><\/a> (Tribune dans Le Monde)<\/p>\n\n\n\n<p><a href=\"https:\/\/www.boursorama.com\/actualite-economique\/actualites\/surete-nucleaire-nouvelle-bataille-a-l-assemblee-sur-le-projet-de-fusion-asn-irsn-af5a3e7096751bf8ac470622cb148f75\">S\u00fbret\u00e9 nucl\u00e9aire : nouvelle bataille \u00e0 l&rsquo;Assembl\u00e9e sur le projet de fusion ASN-IRSN<\/a> (AFP)<\/p>\n\n\n\n<p><a href=\"https:\/\/www.boursorama.com\/actualite-economique\/actualites\/armes-la-france-devient-la-deuxieme-plus-grande-exportatrice-dans-le-monde-80f30d541aa66d125d417b4ad2a8a26f\"><strong>Armes : la France devient la deuxi\u00e8me plus grande exportatrice dans le monde<\/strong><\/a> (Boursorama)&nbsp;&nbsp;<\/p>\n\n\n\n<p><a href=\"https:\/\/elucid.media\/economie\/pas-augmentation-impots-france-justice-fiscale-emmanuel-macron\"><strong>Pas d\u2019augmentation d\u2019imp\u00f4ts en France&nbsp;? La justice fiscale selon Macron<\/strong><\/a> (Elucid)<\/p>\n\n\n\n<p><a href=\"https:\/\/www.youtube.com\/watch?v=44RTw3yXaVM\" target=\"_blank\" rel=\"noreferrer noopener\">\u00c9ric Coquerel (LFI) : \u00ab\u00a0Le premier budget de l&rsquo;\u00e9tat, c&rsquo;est les cadeaux fiscaux faits aux entreprises.\u00a0\u00bb<\/a>&nbsp;(BFMTV)<\/p>\n\n\n\n<p><a href=\"https:\/\/www.blast-info.fr\/emissions\/2024\/patron-incognito-employes-pieges-ou-pdg-ridiculises-mQfjtVvKTUWUbNQ3kyZ_uA\" target=\"_blank\" rel=\"noreferrer noopener\">Patron incognito : employ\u00e9s pi\u00e9g\u00e9s ou PDG ridiculis\u00e9s ?<\/a>&nbsp;(Blast)<\/p>\n\n\n\n<p><strong>Monde<\/strong><\/p>\n\n\n\n<p><a href=\"https:\/\/www.mediapart.fr\/journal\/international\/110324\/l-egypte-passe-sous-la-coupe-du-fmi\">L\u2019\u00c9gypte passe sous la coupe du FMI<\/a> (M\u00e9diapart)<\/p>\n\n\n\n<p><a href=\"https:\/\/www.ritimo.org\/La-dette-de-l-Egypte-nouvelle-arme-d-Israel-contre-la-Palestine\" target=\"_blank\" rel=\"noreferrer noopener\"><strong>La dette de l&rsquo;\u00c9gypte, nouvelle arme d&rsquo;Isra\u00ebl contre la Palestine<\/strong><\/a>(ritimo)<\/p>\n\n\n\n<p><a href=\"https:\/\/www.rfi.fr\/fr\/moyen-orient\/20240306-%C3%A9gypte-d%C3%A9valuation-massive-de-la-livre-par-rapport-au-dollar\" target=\"_blank\" rel=\"noreferrer noopener\"><strong>\u00c9gypte<\/strong> : d\u00e9valuation massive de la livre par rapport au dollar<\/a>&nbsp;(RFI)<\/p>\n\n\n\n<p><a href=\"https:\/\/www.boursorama.com\/actualite-economique\/actualites\/la-banque-d-italie-prepare-un-dispositif-plus-strict-face-au-risque-systemique-fb46ae711ebaa430514938be77fde204\">La Banque d&rsquo;Italie pr\u00e9pare un dispositif plus strict face au risque syst\u00e9mique<\/a> (Reuters)<\/p>\n\n\n\n<p><a href=\"https:\/\/elucid.media\/politique\/absurde-fiscalite-union-europeenne-choix-non-cooperation-frederic-farah\">L\u2019absurde fiscalit\u00e9 de l\u2019<strong>Union europ\u00e9enne<\/strong> : le choix de la non-coop\u00e9ration<\/a> (Elucid)<\/p>\n\n\n\n<p><a href=\"https:\/\/www.humanite.fr\/monde\/economie\/le-succes-surprenant-de-leconomie-russe-malgre-les-sanctions\" target=\"_blank\" rel=\"noreferrer noopener\">Le succ\u00e8s surprenant de l\u2019\u00e9conomie <strong>russe<\/strong>, malgr\u00e9 les sanctions<\/a>&nbsp;(L\u2019Humanit\u00e9)<\/p>\n\n\n\n<p><a href=\"https:\/\/www.mediapart.fr\/journal\/ecologie\/090324\/climat-70-pays-s-engagent-transformer-leur-maniere-de-construire\">Climat : 70 pays s\u2019engagent \u00e0 transformer leur mani\u00e8re de construire<\/a> (M\u00e9diapart)<\/p>\n\n\n\n<p><strong>Analyse<\/strong><\/p>\n\n\n\n<p><strong><a href=\"https:\/\/www.alternatives-economiques.fr\/christian-chavagneux\/dangereuses-obsessions-allemandes\/00110000\" target=\"_blank\" rel=\"noreferrer noopener\">Les dangereuses obsessions allemandes<\/a><\/strong>&nbsp; -Christian Chavagneux (Alter \u00e9co)<\/p>\n\n\n\n<p><a href=\"https:\/\/www.alternatives-economiques.fr\/retraites-allemagne-vingt-ans-apres-capitalisation-a-produit-plus-de\/00109926\" target=\"_blank\" rel=\"noreferrer noopener\">En Allemagne, la retraite par capitalisation a produit plus de pauvret\u00e9 que de capital<\/a>&nbsp;(Alter \u00e9co)<\/p>\n\n\n\n<p><a href=\"https:\/\/elucid.media\/environnement\/la-decroissance-implique-t-elle-de-renoncer-au-developpement-david-cayla\"><strong>La d\u00e9croissance implique-t-elle de renoncer au d\u00e9veloppement ?<\/strong> &#8211; David Cayla<\/a> (Elucid)<\/p>\n\n\n\n<p><a href=\"https:\/\/elucid.media\/economie\/logement-immobilier-protege-speculation-proprietaires-locataires-isabelle-rey-lefebvre\">\u00abLe logement doit \u00eatre prot\u00e9g\u00e9 de la sp\u00e9culation\u00bb &#8211; Isabelle Rey-Lefebvre<\/a> (Elucid)<\/p>\n\n\n\n<p><a href=\"https:\/\/www.oecd-ilibrary.org\/development\/towards-greener-and-more-inclusive-societies-in-southeast-asia_f8f5b414-fr\" target=\"_blank\" rel=\"noreferrer noopener\">Vers des soci\u00e9t\u00e9s plus vertes et plus inclusives en Asie du Sud-Est<\/a> (Rapport OCDE)<\/p>\n\n\n\n<p><a href=\"https:\/\/www.ritimo.org\/Developpement-des-marches-affaiblissement-de-la-souverainete-alimentaire-les-10\" target=\"_blank\" rel=\"noreferrer noopener\">D\u00e9veloppement des march\u00e9s, affaiblissement de la souverainet\u00e9 alimentaire : les 10 ans de l&rsquo;Initiative chinoise des Nouvelles routes de la soie<\/a>&nbsp;(Ritimo)<\/p>\n\n\n\n<figure class=\"wp-block-image size-full is-resized\"><img data-recalc-dims=\"1\" loading=\"lazy\" decoding=\"async\" width=\"633\" height=\"370\" src=\"https:\/\/i0.wp.com\/www.rdpemancipation.org\/wp-content\/uploads\/2024\/03\/image-9.png?resize=633%2C370&#038;ssl=1\" alt=\"\" class=\"wp-image-126595\" style=\"width:429px;height:auto\" srcset=\"https:\/\/i0.wp.com\/www.rdpemancipation.org\/wp-content\/uploads\/2024\/03\/image-9.png?w=633&amp;ssl=1 633w, https:\/\/i0.wp.com\/www.rdpemancipation.org\/wp-content\/uploads\/2024\/03\/image-9.png?resize=300%2C175&amp;ssl=1 300w\" sizes=\"auto, (max-width: 633px) 100vw, 633px\" \/><\/figure>\n\n\n\n<p><strong><mark style=\"background-color:rgba(0, 0, 0, 0);color:#ed1010\" class=\"has-inline-color\">8 et 9 mars<\/mark><\/strong><\/p>\n\n\n\n<p><strong>France<\/strong><\/p>\n\n\n\n<p><strong><a href=\"https:\/\/www.mediapart.fr\/journal\/politique\/080324\/cac-40-la-loi-des-plus-forts\">CAC&nbsp;40&nbsp;: la loi des plus forts<\/a><\/strong>&nbsp;-Martine Orange (M\u00e9diapart)<\/p>\n\n\n\n<p><a href=\"https:\/\/www.alternatives-economiques.fr\/gabriel-attal-gonfle-progres-colossal-de-reforme-rsa\/00109991\" target=\"_blank\" rel=\"noreferrer noopener\">Gabriel Attal gonfle le \u00ab progr\u00e8s colossal \u00bb de sa r\u00e9forme du RSA<\/a>&nbsp; (Alter \u00e9co)<\/p>\n\n\n\n<p><a href=\"https:\/\/www.alternatives-economiques.fr\/timothee-duverger\/feuille-de-route-de-less-une-ambition-moyens\/00109938\" target=\"_blank\" rel=\"noreferrer noopener\">Feuille de route de l\u2019ESS : une ambition, mais quels moyens ?<\/a>&nbsp; (Alter \u00e9co)<\/p>\n\n\n\n<p><a href=\"https:\/\/revue21.fr\/article\/ohm-energie-lentreprise-qui-voulait-perdre-des-clients\/\" target=\"_blank\" rel=\"noreferrer noopener\">Ohm \u00c9nergie, l\u2019entreprise qui voulait perdre des clients<\/a>&nbsp;(Revue XXI)<\/p>\n\n\n\n<p><a href=\"https:\/\/revue21.fr\/article\/et-pendant-ce-temps-edf-paie-laddition\/\" target=\"_blank\" rel=\"noreferrer noopener\">Et pendant ce temps, EDF paie l\u2019addition<\/a>&nbsp;(Revue XXI)<\/p>\n\n\n\n<p><strong><a href=\"https:\/\/revue21.fr\/article\/cest-bien-parce-que-cest-legal-que-cest-un-scandale\/\" target=\"_blank\" rel=\"noreferrer noopener\">\u00ab C\u2019est bien parce que c\u2019est l\u00e9gal que c\u2019est un scandale \u00bb<\/a>&nbsp;<\/strong>(Revue XXI)<\/p>\n\n\n\n<p><a href=\"https:\/\/www.lemonde.fr\/economie\/article\/2024\/03\/08\/guerre-en-ukraine-le-fabricant-de-drones-francais-delair-engrange-les-commandes_6220848_3234.html\">Guerre en Ukraine&nbsp;: le fabricant de drones fran\u00e7ais Delair engrange les commandes<\/a> (Le Monde)<\/p>\n\n\n\n<p><a href=\"https:\/\/vert.eco\/articles\/la-reouverture-de-la-ligne-de-bordeaux-lyon-par-railcoop-est-elle-encore-possible\" target=\"_blank\" rel=\"noreferrer noopener\">La r\u00e9ouverture de la ligne de Bordeaux-Lyon par Railcoop est-elle encore possible&nbsp;?&nbsp;<\/a> (vert.eco)<\/p>\n\n\n\n<p><a href=\"https:\/\/rapportsdeforce.fr\/classes-en-lutte\/chomage-le-travail-doit-toujours-mieux-payer-que-linactivite-decryptage-dun-mensonge-pour-justifier-une-nouvelle-reforme-030820643\" target=\"_blank\" rel=\"noreferrer noopener\">Ch\u00f4mage&nbsp;: \u00ab&nbsp;le travail doit toujours mieux payer que l\u2019inactivit\u00e9&nbsp;\u00bb, d\u00e9cryptage du mensonge qui justifie une nouvelle r\u00e9forme&nbsp;<\/a> (Rapports de Force)<\/p>\n\n\n\n<p><a href=\"https:\/\/redirection.b2b.infopro-digital.com\/lnk\/AV0AADhAEeMAAcXFftgAAHnKuI0AAABZQUUAANzvAAwsSQBl6fuaxFdmt_4JQb2hLHItqKcMegAMCy8\/5\/LxIggFwuQgbykwIm8FYbEA\/aHR0cDovL3d3dy51c2luZW5vdXZlbGxlLmNvbS9hcnRpY2xlL2JydW5vLWxlLW1haXJlLWFubm9uY2UtZGV1eC1ub3V2ZWxsZXMtdXNpbmVzLWRlLXJlY3ljbGFnZS1kdS1jb21idXN0aWJsZS1udWNsZWFpcmUtY2hlei1vcmFuby1hLWxhLWhhZ3VlLk4yMjA5NTg2P3V0bV9zb3VyY2U9bmV3c2xldHRlciZ1dG1fbWVkaXVtPWVtYWlsJnV0bV9jYW1wYWlnbj1pbmZvX2xhLXF1b3RpZGllbm5lJmVtYWlsPTE5MzYzNjM2ODEmaWRiZGQ9NTY1NTk\" target=\"_blank\" rel=\"noreferrer noopener\">Deux nouvelles usines de recyclage du combustible nucl\u00e9aire pr\u00e9vues \u00e0 La Hague<\/a> (Usine Nouvelle)<\/p>\n\n\n\n<p><strong>Monde<\/strong><\/p>\n\n\n\n<p><strong><a href=\"https:\/\/vert.eco\/articles\/le-conseil-de-lunion-europeenne-acte-la-sortie-du-traite-sur-la-charte-de-lenergie\" target=\"_blank\" rel=\"noreferrer noopener\">Le Conseil de l\u2019UE acte la sortie du Trait\u00e9 sur la charte de l\u2019\u00e9nergie<\/a>&nbsp;<\/strong>(vert.eco)<\/p>\n\n\n\n<p><a href=\"https:\/\/www.lemonde.fr\/economie\/article\/2024\/03\/08\/l-egypte-empetree-dans-la-crise-economique-brade-ses-terres-et-infrastructures-aux-pays-du-golfe_6220836_3234.html\">L\u2019Egypte, emp\u00eatr\u00e9e dans la crise \u00e9conomique, brade ses terres et infrastructures aux pays du Golfe<\/a> (Le Monde)<a href=\"https:\/\/www.francetvinfo.fr\/economie\/bitcoin\/bitcoin-comment-expliquer-l-envolee-recente-du-prix-de-la-cryptomonnaie-qui-a-atteint-un-nouveau-record-a-plus-de-69-000-dollars_6407560.html\"><\/a><\/p>\n\n\n\n<p><a href=\"https:\/\/www.francetvinfo.fr\/economie\/bitcoin\/bitcoin-comment-expliquer-l-envolee-recente-du-prix-de-la-cryptomonnaie-qui-a-atteint-un-nouveau-record-a-plus-de-69-000-dollars_6407560.html\">Bitcoin : comment expliquer l&rsquo;envol\u00e9e r\u00e9cente du prix de la cryptomonnaie&nbsp;?<\/a> (France Info)<\/p>\n\n\n\n<p><a href=\"https:\/\/medor.coop\/magazines\/medor-n34-printemps-2024\/fmi-ou-le-choc-des-cultures-economie-recommandations\/\" target=\"_blank\" rel=\"noreferrer noopener\">Belgique&nbsp;: FMI ou le choc des cultures&nbsp;<\/a> (M\u00e9dor)<\/p>\n\n\n\n<p><strong>Analyse<\/strong><\/p>\n\n\n\n<p><a href=\"https:\/\/www.alternatives-economiques.fr\/un-metier-se-devalorise-t-quil-se-feminise\/00109989\" target=\"_blank\" rel=\"noreferrer noopener\"><strong>Un m\u00e9tier se d\u00e9valorise-t-il parce qu\u2019il se f\u00e9minise ?<\/strong><\/a> (Alter \u00e9co)<\/p>\n\n\n\n<p><a href=\"https:\/\/revue21.fr\/article\/a-voir-a-lire-sur-lenergie-et-la-finance\/\" target=\"_blank\" rel=\"noreferrer noopener\">\u00c0 voir, \u00e0 lire sur l\u2019\u00e9nergie et la finance<\/a>&nbsp;(Revue XXI)<\/p>\n\n\n\n<p><strong><a href=\"https:\/\/www.monde-diplomatique.fr\/2024\/03\/ARPOULET\/66651\" target=\"_blank\" rel=\"noreferrer noopener\">Une justice au service des multinationales<\/a><\/strong>&nbsp;(Le Monde diplomatique)<\/p>\n\n\n\n<figure class=\"wp-block-image size-full is-resized\"><img data-recalc-dims=\"1\" loading=\"lazy\" decoding=\"async\" width=\"890\" height=\"496\" src=\"https:\/\/i0.wp.com\/www.rdpemancipation.org\/wp-content\/uploads\/2024\/03\/image-4.png?resize=890%2C496&#038;ssl=1\" alt=\"\" class=\"wp-image-126506\" style=\"width:543px;height:auto\" srcset=\"https:\/\/i0.wp.com\/www.rdpemancipation.org\/wp-content\/uploads\/2024\/03\/image-4.png?w=890&amp;ssl=1 890w, https:\/\/i0.wp.com\/www.rdpemancipation.org\/wp-content\/uploads\/2024\/03\/image-4.png?resize=300%2C167&amp;ssl=1 300w, https:\/\/i0.wp.com\/www.rdpemancipation.org\/wp-content\/uploads\/2024\/03\/image-4.png?resize=768%2C428&amp;ssl=1 768w\" sizes=\"auto, (max-width: 890px) 100vw, 890px\" \/><\/figure>\n\n\n\n<p><strong><mark style=\"background-color:rgba(0, 0, 0, 0);color:#ed1010\" class=\"has-inline-color\">7 mars<\/mark><\/strong><\/p>\n\n\n\n<p><strong>France<\/strong><a href=\"https:\/\/www.francetvinfo.fr\/economie\/bourse\/cac-40-l-indice-phare-de-la-bourse-de-paris-franchit-les-8-000-points-pour-la-premiere-fois-de-son-histoire_6409795.html\"><\/a><\/p>\n\n\n\n<p><a href=\"https:\/\/www.francetvinfo.fr\/economie\/bourse\/cac-40-l-indice-phare-de-la-bourse-de-paris-franchit-les-8-000-points-pour-la-premiere-fois-de-son-histoire_6409795.html\">CAC 40 : l&rsquo;indice phare de la Bourse de Paris franchit les 8&nbsp;000 points pour la premi\u00e8re fois de son histoire<\/a><strong>&nbsp;<\/strong>(France Info)<\/p>\n\n\n\n<p><strong><a href=\"https:\/\/blogs.mediapart.fr\/collectif-nos-services-publics\/blog\/060324\/10-milliards-d-euros-d-economies-sur-les-services-publics-les-agents-temoignent\">10 milliards \u20ac d\u2019\u00e9conomies sur les services publics : les agents t\u00e9moignent<\/a>&nbsp;<\/strong>(Collectif Nos services publics)<\/p>\n\n\n\n<p>&nbsp;<a href=\"https:\/\/www.middleeasteye.net\/fr\/actu-et-enquetes\/france-des-partisans-du-boycott-des-produits-israeliens-denoncent-les-fraudes\">Des partisans du boycott des produits isra\u00e9liens d\u00e9noncent les fraudes \u00e0 l\u2019\u00e9tiquetage dans les supermarch\u00e9s<\/a> (MEE)<\/p>\n\n\n\n<p><a href=\"https:\/\/www.alternatives-economiques.fr\/jeux-olympiques-de-paris-couteront-cher-precedents\/00109983\" target=\"_blank\" rel=\"noreferrer noopener\">Les Jeux olympiques de Paris co\u00fbteront-ils moins cher que les pr\u00e9c\u00e9dents ?<\/a>&nbsp;(Alter \u00e9co)<\/p>\n\n\n\n<p><a href=\"https:\/\/www.rue89lyon.fr\/2024\/03\/07\/train-lyon-bordeaux-difficulte-railcoop-contrainte-vendre-rames\/\" target=\"_blank\" rel=\"noreferrer noopener\">Train Lyon-Bordeaux : en difficult\u00e9, Railcoop contrainte de vendre ses rames<\/a>&nbsp;(Rue89Lyon)<\/p>\n\n\n\n<p><strong><mark style=\"background-color:rgba(0, 0, 0, 0);color:#ed1010\" class=\"has-inline-color\">6 mars<\/mark><\/strong><\/p>\n\n\n\n<p><strong>France<\/strong><\/p>\n\n\n\n<p><a href=\"https:\/\/www.youtube.com\/watch?v=ArZwQC88qgY\"><strong>Un d\u00e9sastre \u00e9conomique et social&nbsp;: Le Maire annonce le retour de l\u2019aust\u00e9rit\u00e9<\/strong><\/a>&nbsp;(Blast)<\/p>\n\n\n\n<p><strong><a href=\"https:\/\/reporterre.net\/Surete-nucleaire-la-fusion-ASN-IRSN-rejetee-au-Parlement\">S\u00fbret\u00e9 nucl\u00e9aire&nbsp;: la fusion ASN-IRSN rejet\u00e9e au Parlement<\/a>&nbsp;<\/strong>(Reporterre)<\/p>\n\n\n\n<p><a href=\"https:\/\/www.connaissancedesenergies.org\/afp\/nucleaire-la-vague-de-projets-de-mini-reacteurs-souleve-de-nouveaux-defis-de-surete-240306\">Nucl\u00e9aire : la \u00ab\u00a0vague\u00a0\u00bb de projets de mini-r\u00e9acteurs soul\u00e8ve de nouveaux d\u00e9fis de s\u00fbret\u00e9<\/a> (AFP)<\/p>\n\n\n\n<p><a href=\"https:\/\/www.connaissancedesenergies.org\/afp\/nucleaire-tcheque-macron-pousse-pour-la-candidature-100-europeenne-dedf-240305\">Nucl\u00e9aire tch\u00e8que : Macron pousse pour la candidature \u00ab\u00a0100% europ\u00e9enne\u00a0\u00bb d&rsquo;EDF<\/a> (AFP)<\/p>\n\n\n\n<p><a href=\"https:\/\/www.lemonde.fr\/politique\/article\/2024\/03\/06\/le-senat-veut-a-nouveau-attribuer-une-partie-de-l-epargne-du-livret-a-a-l-industrie-de-la-defense_6220403_823448.html\">Le S\u00e9nat veut \u00e0 nouveau attribuer une partie de l\u2019\u00e9pargne du Livret&nbsp;A \u00e0 l\u2019industrie de la d\u00e9fense<\/a> (Le Monde)<\/p>\n\n\n\n<p><a href=\"https:\/\/redirection.b2b.infopro-digital.com\/lnk\/AWcAADtX30MAAcXFff4AAHnKuI0AAABZQUUAANzvAAwsSQBl6KwDYGnxKfUvSuePPWSu1pqQEwAMCy8\/5\/ikW4Lv50-cau5cA0KvjPBQ\/aHR0cDovL3d3dy51c2luZW5vdXZlbGxlLmNvbS9hcnRpY2xlL2ZyYWdpbGlzZS1wYXItc2VzLXNvdXMtdHJhaXRhbnRzLWRhc3NhdWx0LWF2aWF0aW9uLWVuLXBsZWluZXMtdHVyYnVsZW5jZXMtaW5kdXN0cmllbGxlcy5OMjIwOTU0Mj91dG1fc291cmNlPW5ld3NsZXR0ZXImdXRtX21lZGl1bT1lbWFpbCZ1dG1fY2FtcGFpZ249aW5mb19sYS1xdW90aWRpZW5uZSZlbWFpbD0xOTM2MzYzNjgxJmlkYmRkPTU2NTU5\" target=\"_blank\" rel=\"noreferrer noopener\">Pourquoi Dassault a livr\u00e9 moins de Rafale et de Falcon que pr\u00e9vu en 2023<\/a> (Usine Nouvelle)<\/p>\n\n\n\n<p><a href=\"https:\/\/redirection.b2b.infopro-digital.com\/lnk\/AWcAADtX30MAAcXFff4AAHnKuI0AAABZQUUAANzvAAwsSQBl6KwDYGnxKfUvSuePPWSu1pqQEwAMCy8\/13\/0tMEJhHqgDbRg-Eh3eDHSQ\/aHR0cDovL3d3dy51c2luZW5vdXZlbGxlLmNvbS9lZGl0b3JpYWwvZW4tYWxzYWNlLWxlLXN1Y2Nlcy1kZXMtc2NvcC1wb3VyLXNhdXZlci1sZXMtZW50cmVwcmlzZXMuTjIyMDc3MDM_dXRtX3NvdXJjZT1uZXdzbGV0dGVyJnV0bV9tZWRpdW09ZW1haWwmdXRtX2NhbXBhaWduPWluZm9fbGEtcXVvdGlkaWVubmUmZW1haWw9MjA0MzMyODY1MyZpZGJkZD01NjU1OQ\" target=\"_blank\" rel=\"noreferrer noopener\">En Alsace, ces entreprises sauv\u00e9es par leurs salari\u00e9s<\/a> (Usine Nouvelle)<\/p>\n\n\n\n<p><a><\/a><a><\/a><a><\/a><a href=\"https:\/\/france3-regions.francetvinfo.fr\/hauts-de-france\/nord-0\/on-va-pouvoir-comprendre-les-methodes-de-la-sncf-le-conseil-d-etat-valide-la-plainte-de-la-region-hauts-de-france-sur-les-peages-ferroviaires-2935392.html\">SNCF : le Conseil d&rsquo;\u00c9tat valide la plainte de la r\u00e9gion Hauts-de-France sur les p\u00e9ages ferroviaires<\/a>&nbsp;(France 3)<\/p>\n\n\n\n<p><a href=\"https:\/\/www.lalettre.fr\/fr\/medias_audiovisuel\/2024\/03\/05\/les-appuis-de-rachida-dati-pour-passer-rapidement-sa-holding-de-l-audiovisuel-public%2C110187724-art?cxt=PUB&amp;utm_source=LLA&amp;utm_medium=email&amp;utm_campaign=AUTO_EDIT_SOM_PROS&amp;did=108392778\">Les appuis de Rachida Dati pour passer rapidement sa holding de l&rsquo;audiovisuel public<\/a>&nbsp;(La lettre)<\/p>\n\n\n\n<p><a href=\"https:\/\/www.xerficanal.com\/economie\/emission\/Alexandre-Mirlicourtois-La-debacle-du-commerce-de-detail-en-France_3752567.html?utm_source=sendinblue&amp;utm_campaign=&amp;utm_medium=email\">La d\u00e9b\u00e2cle du commerce de d\u00e9tail en France<\/a>&nbsp;(Xerfi Canal)<\/p>\n\n\n\n<p><a href=\"https:\/\/www.economiematin.fr\/desinflation-france-insee-chiffres-aubert\">La d\u00e9sinflation ralentit, la consommation reste tr\u00e8s faible<\/a>&nbsp;(Economie matin)<\/p>\n\n\n\n<p><a href=\"https:\/\/www.economiematin.fr\/travail-dissimule-urssaf-bilan-2023-hausse-redressements\">Travail dissimul\u00e9&nbsp;: les entreprises fraudent de plus en plus<\/a>&nbsp;(Economie matin)<\/p>\n\n\n\n<p><strong>Monde<\/strong><\/p>\n\n\n\n<p><a href=\"https:\/\/lareleveetlapeste.fr\/les-ultra-riches-paient-trois-fois-moins-dimpots-quil-y-a-40-ans-dans-les-pays-du-g20\/\" target=\"_blank\" rel=\"noreferrer noopener\"><strong>Les ultra-riches paient trois fois moins d\u2019imp\u00f4ts qu\u2019il y a 40 ans dans les pays du G20<\/strong><\/a>&nbsp; (La Rel\u00e8ve et La Peste)<\/p>\n\n\n\n<p><a><\/a><a href=\"https:\/\/reporterre.net\/Total-en-justice-doit-il-payer-pour-ses-degats-ecologiques\" target=\"_blank\" rel=\"noreferrer noopener\">Total en justice&nbsp;: doit-il payer pour ses d\u00e9g\u00e2ts \u00e9cologiques&nbsp;?<\/a>&nbsp;(Reporterre)<\/p>\n\n\n\n<p><a href=\"https:\/\/www.alternatives-economiques.fr\/photovoltaique-leurope-entame-une-difficile-renaissance-industrielle\/00109881\" target=\"_blank\" rel=\"noreferrer noopener\">Photovolta\u00efque : l\u2019Europe entame une difficile renaissance industrielle<\/a>&nbsp;(Alter \u00e9co)<\/p>\n\n\n\n<p><strong><a href=\"https:\/\/lvsl.fr\/importations-de-gaz-de-schiste-en-europe-nouvelle-dependance-letale-pour-le-climat\/?utm_source=sendinblue&amp;utm_campaign=Newsletter_Derniers_Articles&amp;utm_medium=email\">Importations de gaz de schiste en Europe&nbsp;: nouvelle d\u00e9pendance l\u00e9thale pour le climat<\/a> <\/strong>(LVSL)<\/p>\n\n\n\n<p><a href=\"https:\/\/redirection.b2b.infopro-digital.com\/lnk\/AVYAADkNx7sAAcXFfUwAAHnKuI0AAABZQTkAANzxAAwsSQBl6BJhCDH-scWITPOfbTeNwnT44AAMCy8\/9\/T5zeI0uQfeLxVR9Z-7066w\/aHR0cDovL3d3dy51c2luZS1kaWdpdGFsZS5mci9hcnRpY2xlL2VudHJlLTIwMjItZXQtMjAyMy1sZXMtaW52ZXN0aXNzZW1lbnRzLWRhbnMtbGVzLXN0YXJ0LXVwLWV1cm9wZWVubmVzLW9udC1iYWlzc2UtZGUtMzUuTjIyMDk1MDI_dXRtX3NvdXJjZT1uZXdzbGV0dGVyJnV0bV9tZWRpdW09ZW1haWwmdXRtX2NhbXBhaWduPWluZm9fdWQtcXVvdGlkaWVubmUmZW1haWw9MjA0MzMyODY1MyZpZGJkZD01NjU2MQ\" target=\"_blank\" rel=\"noreferrer noopener\">Entre 2022 et 2023, les investissements dans les start-up europ\u00e9ennes ont baiss\u00e9 de 35%<\/a> (Usine Digitale)<\/p>\n\n\n\n<p><a href=\"https:\/\/redirection.b2b.infopro-digital.com\/lnk\/AWcAADtX30MAAcXFff4AAHnKuI0AAABZQUUAANzvAAwsSQBl6KwDYGnxKfUvSuePPWSu1pqQEwAMCy8\/22\/r_UmR6nL6dugbY2pvR2kog\/aHR0cDovL3d3dy51c2luZW5vdXZlbGxlLmNvbS9hcnRpY2xlL2xhLXByb2R1Y3Rpb24tZXQtbGEtdHJhbnNmb3JtYXRpb24tZGUtcG9tbWUtZGUtdGVycmUtYXUtY29ldXItZC11bmUtYmF0YWlsbGUtbW9uZGlhbGUuTjIyMDkwMzg_dXRtX3NvdXJjZT1uZXdzbGV0dGVyJnV0bV9tZWRpdW09ZW1haWwmdXRtX2NhbXBhaWduPWluZm9fbGEtcXVvdGlkaWVubmUmZW1haWw9MjA0MzMyODY1MyZpZGJkZD01NjU1OQ\" target=\"_blank\" rel=\"noreferrer noopener\">La pomme de terre au c\u0153ur d&rsquo;une bataille mondiale tir\u00e9e par l&rsquo;alimentation industrielle<\/a> (Usine Nouvelle)<\/p>\n\n\n\n<p><strong>Analyse<\/strong><\/p>\n\n\n\n<p><a href=\"https:\/\/www.cadtm.org\/Le-soutien-de-la-Banque-mondiale-et-du-FMI-aux-dictatures\" target=\"_blank\" rel=\"noreferrer noopener\">Le soutien de la Banque mondiale et du FMI aux dictatures<\/a>&nbsp;(CADTM)<\/p>\n\n\n\n<p><strong><a href=\"https:\/\/brunobertez.com\/2024\/03\/03\/le-lien-entre-les-6-crises-depuis-1970-et-les-baisses-de-la-profitabilite-du-capital\/\">Le lien entre les 6 crises depuis 1970 et les baisses de la profitabilit\u00e9 du capital<\/a>&nbsp;<\/strong>(Bruno Bertez)<\/p>\n\n\n\n<p><a href=\"https:\/\/usbeketrica.com\/fr\/article\/asma-mallah-les-big-tech-ont-un-projet-de-controle-total-du-monde-et-du-futur?utm_source=Futur+%21&amp;utm_campaign=e309524c5b-EMAIL_CAMPAIGN_2024_02_28_03_46&amp;utm_medium=email&amp;utm_term=0_-e309524c5b-%5BLIST_EMAIL_ID%5D\">Asma Mallah&nbsp;: \u00ab&nbsp;<\/a><a href=\"https:\/\/usbeketrica.com\/fr\/article\/asma-mallah-les-big-tech-ont-un-projet-de-controle-total-du-monde-et-du-futur?utm_source=Futur+%21&amp;utm_campaign=e309524c5b-EMAIL_CAMPAIGN_2024_02_28_03_46&amp;utm_medium=email&amp;utm_term=0_-e309524c5b-%5BLIST_EMAIL_ID%5D\"><em>Les Big Tech ont un projet de contr\u00f4le total du monde et du futur<\/em><\/a><a href=\"https:\/\/usbeketrica.com\/fr\/article\/asma-mallah-les-big-tech-ont-un-projet-de-controle-total-du-monde-et-du-futur?utm_source=Futur+%21&amp;utm_campaign=e309524c5b-EMAIL_CAMPAIGN_2024_02_28_03_46&amp;utm_medium=email&amp;utm_term=0_-e309524c5b-%5BLIST_EMAIL_ID%5D\">&nbsp;\u00bb<\/a>&nbsp;(Usbek &amp; Rica)<\/p>\n\n\n\n<p> <strong><mark style=\"background-color:rgba(0, 0, 0, 0);color:#ed1010\" class=\"has-inline-color\">4 et 5 mars<\/mark><\/strong><\/p>\n\n\n\n<p><strong>France<\/strong><\/p>\n\n\n\n<p><a href=\"https:\/\/www.alternatives-economiques.fr\/retraites-agricoles-passage-aux-25-meilleures-annees-traine\/00109937\" target=\"_blank\" rel=\"noreferrer noopener\">Retraites agricoles : casse-t\u00eate pour \u00e9viter les perdants<\/a>&nbsp;(Alter \u00e9co)<\/p>\n\n\n\n<p><a href=\"https:\/\/vert.eco\/articles\/apres-le-projet-neom-des-salaries-dedf-reclament-un-droit-a-ne-pas-trahir-sa-conscience\" target=\"_blank\" rel=\"noreferrer noopener\">Apr\u00e8s le projet Neom, des salari\u00e9s d\u2019EDF r\u00e9clament un droit \u00e0 \u00abne pas trahir sa conscience\u00bb<\/a>&nbsp;(vert.eco)<\/p>\n\n\n\n<p><strong><a href=\"https:\/\/www.politis.fr\/articles\/2024\/03\/assurance-chomage-la-perpetuelle-chasse-aux-pauvres-du-gouvernement\/\" target=\"_blank\" rel=\"noreferrer noopener\">Assurance-ch\u00f4mage : la perp\u00e9tuelle chasse aux pauvres du gouvernement<\/a>&nbsp;<\/strong>(Politis)<\/p>\n\n\n\n<p><a href=\"https:\/\/api.indigo-net.com\/email\/RedirectionEmailing?mail=n.chevillard@noos.fr&amp;ID=593367&amp;DOCIID=109703480&amp;ENAIID=867327&amp;RETOUR=SIMPLE&amp;link=https:\/\/www.lalettre.fr\/fr\/medias_presse-ecrite\/2024\/03\/05\/a-peine-installe-par-vincent-bollore-a-la-tete-d-hachette-arnaud-lagardere-rattrape-par-la-justice,110188188-eve?utm_source=LLA&amp;utm_medium=email&amp;utm_campaign=PROS_EDIT_ALE\" target=\"_blank\" rel=\"noreferrer noopener\">\u00c0 peine install\u00e9 par Vincent Bollor\u00e9 \u00e0 la t\u00eate d&rsquo;Hachette, Arnaud Lagard\u00e8re rattrap\u00e9 par la justice<\/a><a> (La Lettre)<\/a><\/p>\n\n\n\n<p><a href=\"https:\/\/link.newsletter.franceculture.fr\/m\/ml\/7429\/857824\/ah_g9bMmPPpjmO7-Ahz9ZG9C5lXTLJmivm821gAfcU8=\/qP7vu8Zq92SAY8w1ShHVOJ2pSIDSEsMJuN5dBM-Viv0=\/\" target=\"_blank\" rel=\"noreferrer noopener\">Croissance en baisse, d\u00e9ficit en hausse\u2026 O\u00f9 trouver les milliards&nbsp;?<\/a> (France Culture)<\/p>\n\n\n\n<p><a href=\"https:\/\/api.indigo-net.com\/email\/RedirectionEmailing?mail=n.chevillard@noos.fr&amp;ID=593217&amp;DOCIID=109703480&amp;ENAIID=867177&amp;RETOUR=SIMPLE&amp;link=https:\/\/www.lalettre.fr\/fr\/entreprises_grande-distribution-et-services\/2024\/03\/05\/le-groupement-proprietaire-d-intermarche-triple-son-resultat-net-en-2023,110187717-eve?cxt=PUB&amp;utm_source=LLA&amp;utm_medium=email&amp;utm_campaign=AUTO_EDIT_SOM_PROS\" target=\"_blank\" rel=\"noreferrer noopener\">Le groupement propri\u00e9taire d&rsquo;Intermarch\u00e9 triple son r\u00e9sultat net en 2023<\/a> (La Lettre)<\/p>\n\n\n\n<p><a href=\"https:\/\/reporterre.net\/Agriculture-les-prix-planchers-une-belle-idee-dure-a-appliquer\" target=\"_blank\" rel=\"noreferrer noopener\">Les \u00ab&nbsp;prix planchers&nbsp;\u00bb, irr\u00e9alistes&nbsp;? On ouvre le d\u00e9bat<\/a>&nbsp;(Reporterre)<\/p>\n\n\n\n<p><a href=\"https:\/\/blogs.mediapart.fr\/paul-allies\/blog\/040324\/meme-pas-besoin-de-49-3-pour-annuler-10-milliards-de-credits-budgetaires\">M\u00eame pas besoin de 49-3 pour annuler 10 milliards de cr\u00e9dits budg\u00e9taires<\/a>&nbsp;(Blog de Paul Alli\u00e8s)<\/p>\n\n\n\n<p><strong>Monde<\/strong><\/p>\n\n\n\n<p><a href=\"https:\/\/www.alternatives-economiques.fr\/ia-generative-leurope-a-talents-moyens\/00109747\" target=\"_blank\" rel=\"noreferrer noopener\">IA g\u00e9n\u00e9rative : l&rsquo;Europe a les talents, pas les moyens<\/a>&nbsp;(Alter \u00e9co)<\/p>\n\n\n\n<p><a href=\"https:\/\/redirection.b2b.infopro-digital.com\/lnk\/AWEAADhVyGQAAcXFfDgAAHnKuI0AAABZQTkAANz-AAwsSQBl5gRakUdLBfHzRrWI3A1-scS2nwAMCy8\/2\/X-MoV5COqRnPE8VH2faY7w\/aHR0cDovL3d3dy51c2luZS1kaWdpdGFsZS5mci9hcnRpY2xlL2FudGl0cnVzdC1sYS1jb21taXNzaW9uLWV1cm9wZWVubmUtaW5mbGlnZS0xLTg0LW1pbGxpYXJkLWQtZXVyb3MtZC1hbWVuZGUtYS1hcHBsZS5OMjIwOTM0Mz91dG1fc291cmNlPW5ld3NsZXR0ZXImdXRtX21lZGl1bT1lbWFpbCZ1dG1fY2FtcGFpZ249aW5mb191ZC1mbGFzaCZlbWFpbD0yMDQzMzI4NjUzJmlkYmRkPTU2NTc0fQ\" target=\"_blank\" rel=\"noreferrer noopener\">Antitrust : la Commission europ\u00e9enne inflige 1,84 milliard d&rsquo;euros d&rsquo;amende \u00e0 Apple<\/a> (Usine Digitale)<\/p>\n\n\n\n<p><a href=\"https:\/\/redirection.b2b.infopro-digital.com\/lnk\/AVUAADkV-bcAAcXFfTAAAHnKuI0AAABZQUUAANzvAAwsSQBl51gikF7GdfpITOioZyjipKCxGQAMCy8\/4\/r-eJNllqDBN__5jXz_GOqg\/aHR0cDovL3d3dy51c2luZW5vdXZlbGxlLmNvbS9hcnRpY2xlL2JvZWluZy1wb3VycmFpdC1yYWNoZXRlci1zcGlyaXQtYWVyby1sZS1zb3VzLXRyYWl0YW50LWF1LWNvZXVyLWRlLWwtYWZmYWlyZS1kdS1iNzM3LW1heC1ldC1pbmNpdGVyLWFpcmJ1cy1hLXBhcnRpY2lwZXItYS1sLW9wZXJhdGlvbi5OMjIwOTM4Mj91dG1fc291cmNlPW5ld3NsZXR0ZXImdXRtX21lZGl1bT1lbWFpbCZ1dG1fY2FtcGFpZ249aW5mb19sYS1xdW90aWRpZW5uZSZlbWFpbD0yMDQzMzI4NjUzJmlkYmRkPTU2NTU5\" target=\"_blank\" rel=\"noreferrer noopener\">Boeing pourrait racheter Spirit Aero et inciter Airbus \u00e0 participer \u00e0 l\u2019op\u00e9ration<\/a> (Usine Nouvelle)<\/p>\n\n\n\n<p><a href=\"https:\/\/r.info.newsletter-dgtresor.fr\/mk\/cl\/f\/sh\/6rqJfgq8dINmO7oIiP6yOxWKDCL\/1cb9n_KRpEz_\" target=\"_blank\" rel=\"noreferrer noopener\">Le march\u00e9 unique europ\u00e9en, un vecteur d&rsquo;int\u00e9gration \u00e9conomique et commerciale<\/a>&nbsp;(Tr\u00e9sor-\u00e9co)<\/p>\n\n\n\n<p><a href=\"https:\/\/r.info.newsletter-dgtresor.fr\/mk\/cl\/f\/sh\/6rqJfgq8dINmO7oIiP6yOxWKDCL\/clGqi5ez93Yx\" target=\"_blank\" rel=\"noreferrer noopener\">La mobilit\u00e9 intra-europ\u00e9enne des personnes<\/a> (Tr\u00e9sor-\u00e9co)<\/p>\n\n\n\n<p><strong><a href=\"https:\/\/www.mediapart.fr\/journal\/international\/040324\/les-suisses-imposent-une-hausse-des-retraites-et-refusent-de-travailler-plus-longtemps\">Les Suisses imposent une hausse des retraites et refusent de travailler plus longtemps<\/a> <\/strong>(M\u00e9diapart)<a href=\"https:\/\/www.rfi.fr\/fr\/podcasts\/aujourd-hui-l-%C3%A9conomie\/20240228-pourquoi-la-saisie-des-avoir-russes-gel%C3%A9s-en-occident-tarde-%C3%A0-se-r%C3%A9aliser\"><\/a><\/p>\n\n\n\n<p><a href=\"https:\/\/www.rfi.fr\/fr\/podcasts\/aujourd-hui-l-%C3%A9conomie\/20240228-pourquoi-la-saisie-des-avoir-russes-gel%C3%A9s-en-occident-tarde-%C3%A0-se-r%C3%A9aliser\">Pourquoi la saisie des avoirs russes gel\u00e9s en Occident tarde \u00e0 se r\u00e9aliser<\/a> (RFI)<\/p>\n\n\n\n<p><strong>Analyse<\/strong><\/p>\n\n\n\n<p><strong><a href=\"https:\/\/lvsl.fr\/retour-etat-protectionnisme-crise-paysanne\/\" target=\"_blank\" rel=\"noreferrer noopener\">R\u00e9habiliter le protectionnisme et l\u2019\u00c9tat pour r\u00e9soudre la crise paysanne<\/a><\/strong>&nbsp;(Le Vent Se L\u00e8ve)<\/p>\n\n\n\n<p><a href=\"https:\/\/www.humanite.fr\/monde\/blocus-de-cuba\/un-rapport-denonce-limpact-des-sanctions-americaines-sur-les-economies-de-cuba-et-du-venezuela\" target=\"_blank\" rel=\"noreferrer noopener\">Un rapport d\u00e9nonce l\u2019impact des sanctions am\u00e9ricaines sur les \u00e9conomies de Cuba et du Venezuela<\/a>&nbsp;(L\u2019Humanit\u00e9)<\/p>\n\n\n\n<p><strong><a href=\"https:\/\/www.alternatives-economiques.fr\/christian-chavagneux\/revolution-conservatrice-macronienne\/00109933\" target=\"_blank\" rel=\"noreferrer noopener\">La r\u00e9volution conservatrice macronienne<\/a>&nbsp;<\/strong>(Alter \u00e9co)<\/p>\n\n\n\n<p><a><\/a><a href=\"https:\/\/www.youtube.com\/watch?v=nm5Wi1_K4aA\"><strong>Le stade final du capitalisme<\/strong><\/a>(Canard r\u00e9fractaire)<\/p>\n\n\n\n<p><a href=\"https:\/\/adherez.attac.org\/civicrm\/mailing\/url?u=27993&amp;qid=27398285\" target=\"_blank\" rel=\"noreferrer noopener\">Les classes laborieuses dans la tourmente des crises du capitalisme<\/a> (Les Possibles)<\/p>\n\n\n\n<p> <strong><mark style=\"background-color:rgba(0, 0, 0, 0);color:#ed1010\" class=\"has-inline-color\">2 mars<\/mark><\/strong><\/p>\n\n\n\n<p><strong>France<\/strong><\/p>\n\n\n\n<p><a href=\"https:\/\/redirection.b2b.infopro-digital.com\/lnk\/AWkAADqUVpsAAcXFepYAAHnKuI0AAABZQTkAANzxAAwsSQBl4YN_ZrHDqELETB-aHOhAV1tbrgAMCy8\/34\/3ZuS7pRML_ye4PH5ia11RQ\/aHR0cDovL3d3dy51c2luZS1kaWdpdGFsZS5mci9hcnRpY2xlL2wtdWZjLXF1ZS1jaG9pc2lyLXNhaXNpdC1sYS1jbmlsLWNvbmNlcm5hbnQtbGUtc3lzdGVtZS1kLWFib25uZW1lbnQtcGF5YW50LWEtZmFjZWJvb2stZXQtaW5zdGFncmFtLk4yMjA5MTAxP3V0bV9zb3VyY2U9bmV3c2xldHRlciZ1dG1fbWVkaXVtPWVtYWlsJnV0bV9jYW1wYWlnbj1pbmZvX3VkLXF1b3RpZGllbm5lJmVtYWlsPTIwNDMzMjg2NTMmaWRiZGQ9NTY1NjE\" target=\"_blank\" rel=\"noreferrer noopener\">UFC-Que Choisir saisit la Cnil concernant le syst\u00e8me d&rsquo;abonnement payant \u00e0 Facebook et Instagram<\/a> (Usine Digitale)<\/p>\n\n\n\n<p><a href=\"https:\/\/www.ldh-france.org\/28-fevrier-2024-tribune-collective-totalenergies-veut-faire-taire-greenpeace-sur-son-bilan-carbone-une-inquietante-premiere-publiee-dans-liberation\/\" target=\"_blank\" rel=\"noreferrer noopener\">Tribune collective \u201cTotalEnergies veut faire taire Greenpeace sur son bilan carbone : une inqui\u00e9tante premi\u00e8re\u201d <\/a>&nbsp;(LDH)<\/p>\n\n\n\n<p><a href=\"https:\/\/www.oxfamfrance.org\/communiques-de-presse\/la-france-frappe-a-nouveau-pour-couler-la-directive-europeenne-sur-le-devoir-de-vigilance\/\">La France frappe \u00e0 nouveau pour couler la directive europ\u00e9enne sur le devoir de vigilance<\/a> (Oxfam)<\/p>\n\n\n\n<p><a><\/a><a><\/a><a><\/a><a href=\"https:\/\/www.alternatives-economiques.fr\/lucie-castets\/rn-lennemi-services-publics\/00109767?utm_source=emailing&amp;utm_medium=email&amp;utm_content=27022024&amp;utm_campaign=quotidien\"><strong>Pourquoi le RN est l\u2019ennemi des services publics<\/strong><\/a>(Alter \u00e9co)<\/p>\n\n\n\n<p><a href=\"https:\/\/siecledigital.fr\/2024\/02\/28\/lambitieux-plan-dinvestissement-qatari-en-france-cible-les-nouvelles-technologies\/\">L\u2019ambitieux plan d\u2019investissement qatari en France cible les nouvelles technologies<\/a>&nbsp;(Si\u00e8cle digital)<\/p>\n\n\n\n<p><strong>Monde<\/strong><\/p>\n\n\n\n<p><a href=\"https:\/\/elucid.media\/democratie\/amazon-contre-syndicats-alu-chris-smalls-exploitation-surveillance-intimidations\"><strong>Amazon contre ses syndicats : exploitation, surveillance et intimidations<\/strong><\/a> (Elucid)<\/p>\n\n\n\n<p><a href=\"https:\/\/www.mediapart.fr\/journal\/economie-et-social\/020324\/au-nigeria-la-strategie-neoliberale-aggrave-la-crise-economique\">Au <strong>Nig\u00e9ria<\/strong>, la strat\u00e9gie n\u00e9olib\u00e9rale aggrave la crise \u00e9conomique<\/a> (M\u00e9diapart)<\/p>\n\n\n\n<p><strong><a href=\"https:\/\/www.hrw.org\/fr\/news\/2024\/02\/29\/les-victimes-des-credits-carbone-au-cambodge\">Les victimes des cr\u00e9dits carbone au Cambodge<\/a> <\/strong>(HRW)<\/p>\n\n\n\n<p><a href=\"https:\/\/www.cadtm.org\/Pakistan-Entre-programmes-du-FMI-et-repression-politique-la-jeunesse-quitte-le\" target=\"_blank\" rel=\"noreferrer noopener\"><strong>Pakistan<\/strong> : Entre programmes du FMI et r\u00e9pression politique, la jeunesse quitte le pays<\/a>&nbsp;(CADTM)<\/p>\n\n\n\n<p><a href=\"https:\/\/www.cadtm.org\/Quelles-alternatives-face-aux-fausses-solutions-promues-par-la-Banque-africaine\" target=\"_blank\" rel=\"noreferrer noopener\">Quelles alternatives face aux fausses solutions promues par la Banque africaine de d\u00e9veloppement ?<\/a>&nbsp;(CADTM)<\/p>\n\n\n\n<p><a href=\"https:\/\/redirection.b2b.infopro-digital.com\/lnk\/AWkAADqUVpsAAcXFepYAAHnKuI0AAABZQTkAANzxAAwsSQBl4YN_ZrHDqELETB-aHOhAV1tbrgAMCy8\/26\/b7qrWXQMNeNtBBshGOdumA\/aHR0cDovL3d3dy51c2luZS1kaWdpdGFsZS5mci9hcnRpY2xlL2VsZWN0cm9uaWMtYXJ0cy1saWNlbmNpZS02NzAtcGVyc29ubmVzLWV0LWFubnVsZS1wbHVzaWV1cnMtamV1eC5OMjIwOTE2MT91dG1fc291cmNlPW5ld3NsZXR0ZXImdXRtX21lZGl1bT1lbWFpbCZ1dG1fY2FtcGFpZ249aW5mb191ZC1xdW90aWRpZW5uZSZlbWFpbD0yMDQzMzI4NjUzJmlkYmRkPTU2NTYx\" target=\"_blank\" rel=\"noreferrer noopener\">Electronic Arts licencie 670 personnes et annule plusieurs jeux<\/a> (Usine Digitale)<\/p>\n\n\n\n<p><strong>Analyse<\/strong><\/p>\n\n\n\n<p><a href=\"https:\/\/www.mediapart.fr\/journal\/economie-et-social\/290224\/l-austerite-est-de-retour\"><strong>L\u2019aust\u00e9rit\u00e9 est de retour<\/strong><\/a> (\u00c0 l\u2019air libre)<\/p>\n\n\n\n<p><a href=\"https:\/\/www.blast-info.fr\/emissions\/2024\/changer-la-monnaie-lenjeu-du-siecle-BYsHGx5dRmSsqj3nunwSwQ\" target=\"_blank\" rel=\"noreferrer noopener\">Changer la monnaie : l&rsquo;enjeu du si\u00e8cle<\/a>&nbsp;(Blast)<\/p>\n\n\n\n<p><a href=\"https:\/\/www.mediapart.fr\/journal\/international\/010324\/enquete-sur-la-campagne-d-israel-pour-tuer-l-unrwa-l-agence-de-l-onu-pour-les-palestiniens\"><strong>Enqu\u00eate sur la campagne d\u2019Isra\u00ebl pour tuer l\u2019UNRWA<\/strong><\/a><a>(M\u00e9diapart)<\/a><\/p>\n\n\n\n<p><a href=\"https:\/\/www.oxfamfrance.org\/communiques-de-presse\/moins-de-8-cents-sur-chaque-dollar-de-recettes-fiscales-collecte-dans-les-pays-du-g20-proviennent-de-limpot-sur-la-fortune-signale-oxfam\/\">Moins de 8 cents sur chaque dollar de recettes fiscales collect\u00e9 dans les pays du G20 proviennent de l\u2019imp\u00f4t sur la fortune<\/a> (Oxfam)<\/p>\n\n\n\n<p><a href=\"https:\/\/www.obsarm.info\/spip.php?article642\" target=\"_blank\" rel=\"noreferrer noopener\">Monsieur Bruno Le Maire, le Livret A ce n&rsquo;est pas pour l&rsquo;armement, mais pour le logement social !<\/a>&nbsp;(Observatoire des armements)<\/p>\n\n\n\n<p><a href=\"https:\/\/elucid.media\/democratie\/course-profit-multinationales-assistee-etat-nocive-globalisation\"><strong>La course au profit des multinationales assist\u00e9e par l\u2019\u00c9tat est nocive pour tous<\/strong><\/a> (Elucid)<\/p>\n\n\n\n<p><strong><mark style=\"background-color:rgba(0, 0, 0, 0);color:#ed1010\" class=\"has-inline-color\">1er mars<\/mark><\/strong><\/p>\n\n\n\n<p><strong>France<\/strong><\/p>\n\n\n\n<p><a href=\"https:\/\/reporterre.net\/Agriculture-les-prix-planchers-une-belle-idee-dure-a-appliquer\" target=\"_blank\" rel=\"noreferrer noopener\">Agriculture&nbsp;: les \u00ab&nbsp;prix planchers&nbsp;\u00bb, une belle id\u00e9e dure \u00e0 appliquer<\/a>&nbsp;(Reporterre)<\/p>\n\n\n\n<p><a href=\"https:\/\/reporterre.net\/Agriculture-5-mesures-du-gouvernement-passees-au-crible\" target=\"_blank\" rel=\"noreferrer noopener\">Agriculture&nbsp;: 5 mesures du gouvernement pass\u00e9es au crible<\/a>&nbsp;(Reporterre)<\/p>\n\n\n\n<p><strong><a href=\"https:\/\/www.alternatives-economiques.fr\/isabelle-this-saint-jean\/10-milliards-de-coupes-budgetaires-10-milliards-derreurs\/00109866\" target=\"_blank\" rel=\"noreferrer noopener\">10 milliards de coupes budg\u00e9taires, 10 milliards d&rsquo;erreurs&#8230;<\/a><\/strong>&nbsp;(Alter \u00e9co)<\/p>\n\n\n\n<p><a href=\"https:\/\/www.boursorama.com\/actualite-economique\/actualites\/la-banque-postale-va-se-serrer-la-ceinture-en-2024-0f8f5e49489efde10d3b5775e626c302\">La Banque postale va se serrer la ceinture en 2024<\/a> (Boursorama)&nbsp;&nbsp;<\/p>\n\n\n\n<p><strong><a href=\"https:\/\/www.boursorama.com\/actualite-economique\/actualites\/en-france-la-moitie-du-patrimoine-est-detenue-par-les-10-des-menages-les-plus-fortunes-67f78a56dd0eb81e6cd2c824bdfaf966\">En France, la moiti\u00e9 du patrimoine est d\u00e9tenue par les 10% des m\u00e9nages les plus fortun\u00e9s<\/a> <\/strong>(Boursorama)&nbsp;&nbsp;<\/p>\n\n\n\n<p><a href=\"https:\/\/www.boursorama.com\/actualite-economique\/actualites\/energie-dix-projets-de-mini-reacteurs-nucleaires-prm-presentes-a-l-asn-114fe9131df639050c2f56f56fa22f05\">Energie : dix projets de mini-r\u00e9acteurs nucl\u00e9aires (PRM) pr\u00e9sent\u00e9s \u00e0 l&rsquo;ASN<\/a> (Boursorama)&nbsp;&nbsp;<\/p>\n\n\n\n<p><a href=\"https:\/\/reporterre.net\/EDF-va-devoir-lutter-contre-les-fraudes-sur-l-EPR-de-Flamanville\" target=\"_blank\" rel=\"noreferrer noopener\">Fraudes dans le nucl\u00e9aire&nbsp;: EDF somm\u00e9 d&rsquo;agir<\/a>&nbsp;(Reporterre)<\/p>\n\n\n\n<p><a href=\"https:\/\/www.mediapart.fr\/journal\/politique\/290224\/loi-contre-le-demembrement-d-edf-la-gauche-met-un-pied-dans-la-porte\" target=\"_blank\" rel=\"noreferrer noopener\">Loi contre le \u00abd\u00e9membrement\u00bb d\u2019EDF: la gauche met un pied dans la porte<\/a>&nbsp;(M\u00e9diapart)<\/p>\n\n\n\n<p><a href=\"https:\/\/basta.media\/non-a-la-repression-syndicale-chez-invivo-geant-de-l-agrobusiness-anti-ecolos\" target=\"_blank\" rel=\"noreferrer noopener\">Non \u00e0 la r\u00e9pression syndicale chez InVivo, g\u00e9ant de l&rsquo;agrobusiness anti-\u00e9colos<\/a>&nbsp;(Basta!)<\/p>\n\n\n\n<p><strong><a href=\"https:\/\/www.mediapart.fr\/journal\/economie-et-social\/290224\/marine-le-pen-en-phase-avec-le-patronat-francais\" target=\"_blank\" rel=\"noreferrer noopener\">Marine Le Pen en phase avec le patronat fran\u00e7ais<\/a>&nbsp;<\/strong>(M\u00e9diapart)<\/p>\n\n\n\n<p><strong><a href=\"https:\/\/www.mediapart.fr\/journal\/france\/290224\/travailleurs-saisonniers-du-maghreb-la-fnsea-lance-son-propre-business\" target=\"_blank\" rel=\"noreferrer noopener\">Travailleurs saisonniers du Maghreb : la FNSEA lance son propre business<\/a>&nbsp;<\/strong>(M\u00e9diapart)<\/p>\n\n\n\n<p><a href=\"https:\/\/www.mediapart.fr\/journal\/economie-et-social\/290224\/le-groupe-avril-preside-par-le-patron-de-la-fnsea-carbure-aux-frais-de-l-etat\" target=\"_blank\" rel=\"noreferrer noopener\">Le groupe Avril, pr\u00e9sid\u00e9 par le patron de la FNSEA, carbure aux frais de l\u2019\u00c9tat<\/a>&nbsp;(M\u00e9diapart)<\/p>\n\n\n\n<p><a href=\"https:\/\/redirection.b2b.infopro-digital.com\/lnk\/AWQAADrzIdUAAcXFemoAAHnKuI0AAABZQUUAANzvAAwsSQBl4MHWJQI1G5cnROepBEfj677figAMCy8\/4\/BoJlNKDtEVFe4qumhtGhkA\/aHR0cDovL3d3dy51c2luZW5vdXZlbGxlLmNvbS9hcnRpY2xlL2VuZXJnaWUtbG9jYWxlLXRlY2hub2xvZ2llcy1kZS1sLWVhdS1kZWNoZXRzLWRhbmdlcmV1eC1sZXMtdHJvaXMtcGlsaWVycy1kZS1sYS1zdHJhdGVnaWUtMjAyNC0yMDI3LWRlLXZlb2xpYS5OMjIwOTE0NT91dG1fc291cmNlPW5ld3NsZXR0ZXImdXRtX21lZGl1bT1lbWFpbCZ1dG1fY2FtcGFpZ249aW5mb19sYS1xdW90aWRpZW5uZSZlbWFpbD0yMDQzMzI4NjUzJmlkYmRkPTU2NTU5\" target=\"_blank\" rel=\"noreferrer noopener\">Apr\u00e8s une bonne ann\u00e9e 2023, Veolia vise 2027 avec une strat\u00e9gie \u00e0 4 milliards \u20ac<\/a> (Usine Nouvelle)<\/p>\n\n\n\n<p><a href=\"https:\/\/redirection.b2b.infopro-digital.com\/lnk\/AWQAADrzIdUAAcXFemoAAHnKuI0AAABZQUUAANzvAAwsSQBl4MHWJQI1G5cnROepBEfj677figAMCy8\/12\/yZY9F-l6MgMHy80INZO5rg\/aHR0cDovL3d3dy51c2luZW5vdXZlbGxlLmNvbS9hcnRpY2xlL2NtYS1jZ20tZmluYWxpc2UtbGUtcmFjaGF0LWRlLWJvbGxvcmUtbG9naXN0aWNzLXBvdXItNC04NS1taWxsaWFyZHMtZC1ldXJvcy5OMjIwOTEzOD91dG1fc291cmNlPW5ld3NsZXR0ZXImdXRtX21lZGl1bT1lbWFpbCZ1dG1fY2FtcGFpZ249aW5mb19sYS1xdW90aWRpZW5uZSZlbWFpbD0yMDQzMzI4NjUzJmlkYmRkPTU2NTU5\" target=\"_blank\" rel=\"noreferrer noopener\">CMA CGM finalise le rachat de Bollor\u00e9 Logistics pour 4,85 milliards \u20ac<\/a> (Usine Nouvelle)<\/p>\n\n\n\n<p><a href=\"https:\/\/redirection.b2b.infopro-digital.com\/lnk\/AW8AADnMnO0AAcXFeagAAHnKuI0AAABZQTkAANzxAAwsSQBl4DDu-rRLHKpTSK-tvgAe7enL0QAMCy8\/30\/vin56F7_9x1nE7pb4jPDag\/aHR0cDovL3d3dy51c2luZS1kaWdpdGFsZS5mci9lZGl0b3JpYWwvbC1hZG1pbmlzdHJhdGlvbi1kZXZvaWxlLWxlLW5vbS1kZXMtc3RhcnQtdXAtZC1ldGF0LXF1LWVsbGUtdmEtYWNjb21wYWduZXItcGVuZGFudC1zaXgtbW9pcy5OMjIwOTA3Mz91dG1fc291cmNlPW5ld3NsZXR0ZXImdXRtX21lZGl1bT1lbWFpbCZ1dG1fY2FtcGFpZ249aW5mb191ZC1xdW90aWRpZW5uZSZlbWFpbD0yMDQzMzI4NjUzJmlkYmRkPTU2NTYx\" target=\"_blank\" rel=\"noreferrer noopener\">L\u2019administration d\u00e9voile le nom des \u201cstart-up d\u2019\u00c9tat\u201d qu\u2019elle va accompagner pendant six mois<\/a> (Usine Digitale)<\/p>\n\n\n\n<p><a href=\"https:\/\/www.humanite.fr\/social-et-economie\/cgt-cheminots\/sncf-13-milliard-de-benefices-larbre-qui-cash-la-foret-selon-la-cgt-cheminots\" target=\"_blank\" rel=\"noreferrer noopener\">SNCF : 1,3 md de b\u00e9n\u00e9fices, \u00abl\u2019arbre qui \u201ccash\u201d la for\u00eat\u00bb, selon la CGT Cheminots<\/a>&nbsp;(L\u2019Humanit\u00e9)<\/p>\n\n\n\n<p><strong>Monde<\/strong><\/p>\n\n\n\n<p><a href=\"https:\/\/www.boursorama.com\/actualite-economique\/actualites\/zone-euro-le-chomage-retrouve-un-plus-bas-en-janvier-7c8aaa75b8740bdf873df5d7e1e75435\"><strong>Zone euro<\/strong> : Le ch\u00f4mage retrouve un plus bas en janvier<\/a> (Reuters)<\/p>\n\n\n\n<p><a href=\"https:\/\/www.boursorama.com\/actualite-economique\/actualites\/zone-euro-l-inflation-ralentit-moins-que-prevu-en-fevrier-f92fd376ace2b8e0ea7b3ef03180ce4f\">Zone euro : L&rsquo;inflation ralentit moins que pr\u00e9vu en f\u00e9vrier<\/a> (Reuters)<\/p>\n\n\n\n<p><a href=\"https:\/\/www.boursorama.com\/actualite-economique\/actualites\/les-pays-bas-s-engagent-sur-2-milliards-d-euros-d-aide-militaire-pour-l-ukraine-845708ed13142230951e86508e21f83d\">Les <strong>Pays-Bas<\/strong> s&rsquo;engagent sur 2 milliards d&rsquo;euros d&rsquo;aide militaire pour l&rsquo;<strong>Ukraine<\/strong><\/a> (Reuters)<\/p>\n\n\n\n<p><a href=\"https:\/\/www.boursorama.com\/actualite-economique\/actualites\/gaza-l-ue-verse-un-premier-montant-de-50-mlns-d-euros-a-l-unrwa-98574200e07d78a1ebca45f7114339e2\"><strong>Gaza<\/strong> &#8211; L&rsquo;UE verse un premier montant de 50 mlns d&rsquo;euros \u00e0 l&rsquo;UNRWA<\/a> (Reuters)<\/p>\n\n\n\n<p><a href=\"https:\/\/www.boursorama.com\/videos\/actualites\/etats-unis-le-lithium-nouvel-or-blanc-suscite-espoir-et-craintes-08b3e3e190cad67d3bb278fae16247b4\"><strong>\u00c9tats-Unis<\/strong> : le lithium, nouvel \u00ab\u00a0or blanc\u00a0\u00bb, suscite espoir et craintes<\/a> (France 24) &nbsp;<\/p>\n\n\n\n<p><a href=\"https:\/\/www.alternatives-economiques.fr\/eloi-laurent\/crise-agricole-croire-modele-europeen\/00109871\" target=\"_blank\" rel=\"noreferrer noopener\">Crise agricole : croire au mod\u00e8le europ\u00e9en<\/a>&nbsp;(Alter \u00e9co)<\/p>\n\n\n\n<p><strong><a href=\"https:\/\/redirection.b2b.infopro-digital.com\/lnk\/AWQAADrzIdUAAcXFemoAAHnKuI0AAABZQUUAANzvAAwsSQBl4MHWJQI1G5cnROepBEfj677figAMCy8\/9\/TOdWdwo3bZvabELrOj3duw\/aHR0cDovL3d3dy51c2luZW5vdXZlbGxlLmNvbS9lZGl0b3JpYWwvYS1icnV4ZWxsZXMtbGEtbWlzZS1lbi1wbGFjZS1kLXVuLWRldm9pci1kZS12aWdpbGFuY2UtZXVyb3BlZW4tZGVyYWlsbGUuTjIyMDkxMjE_dXRtX3NvdXJjZT1uZXdzbGV0dGVyJnV0bV9tZWRpdW09ZW1haWwmdXRtX2NhbXBhaWduPWluZm9fbGEtcXVvdGlkaWVubmUmZW1haWw9MjA0MzMyODY1MyZpZGJkZD01NjU1OQ\" target=\"_blank\" rel=\"noreferrer noopener\">&nbsp;A Bruxelles, la mise en place d&rsquo;un devoir de vigilance europ\u00e9en d\u00e9raille<\/a> <\/strong>(Usine Nouvelle)<\/p>\n\n\n\n<p><a href=\"https:\/\/redirection.b2b.infopro-digital.com\/lnk\/AW8AADnMnO0AAcXFeagAAHnKuI0AAABZQTkAANzxAAwsSQBl4DDu-rRLHKpTSK-tvgAe7enL0QAMCy8\/13\/HKPNLbCUlpEoRItftPZX0Q\/aHR0cDovL3d3dy51c2luZS1kaWdpdGFsZS5mci9hcnRpY2xlL3NvbnktdmEtbGljZW5jaWVyLTgtZGVzLWVmZmVjdGlmcy1kZS1zYS1kaXZpc2lvbi1wbGF5c3RhdGlvbi5OMjIwOTA4NT91dG1fc291cmNlPW5ld3NsZXR0ZXImdXRtX21lZGl1bT1lbWFpbCZ1dG1fY2FtcGFpZ249aW5mb191ZC1xdW90aWRpZW5uZSZlbWFpbD0yMDQzMzI4NjUzJmlkYmRkPTU2NTYx\" target=\"_blank\" rel=\"noreferrer noopener\">Sony va licencier 8% des effectifs de sa division PlayStation<\/a> (Usine Digitale)<\/p>\n\n\n\n<p><strong>Analyse<\/strong><\/p>\n\n\n\n<p><strong><a href=\"https:\/\/www.alternatives-economiques.fr\/combien-ca-couterait-de-vraiment-lutter-contre-pauvrete\/00109882\" target=\"_blank\" rel=\"noreferrer noopener\">Combien \u00e7a co\u00fbterait de vraiment lutter contre la pauvret\u00e9 ?<\/a>&nbsp;<\/strong> (Alter \u00e9co)<\/p>\n\n\n\n<p><a href=\"https:\/\/link.newsletter.franceculture.fr\/m\/ml\/7429\/857054\/s6YNlpWR-IIOjMI94EiWYG9C5lXTLJmivm821gAfcU8=\/mSk6EraLrIDzdufrc0xactdTrQrSlf9uFDfGxevLYlc=\/\" target=\"_blank\" rel=\"noreferrer noopener\">Pourquoi l\u2019\u00e9levage est-il le secteur fragile de l\u2019agriculture fran\u00e7aise&nbsp;?<\/a> (France Culture)<\/p>\n\n\n\n<p><a href=\"https:\/\/link.newsletter.franceculture.fr\/m\/ml\/7429\/856852\/fFTweYkeodwscTVVqF_-sm9C5lXTLJmivm821gAfcU8=\/hgiwp2ykIwJog9HDwSXO+PVQsZnn+GIC2SjbbKj62hc=\/\" target=\"_blank\" rel=\"noreferrer noopener\">Agriculteurs en luttes&nbsp;: \u00ab\u00a0C\u2019est comme si messieurs Macron et Attal m\u2019avaient roul\u00e9 dessus en tracteur\u00a0\u00bb<\/a> (France Culture)<\/p>\n\n\n\n<p><a href=\"https:\/\/www.alternatives-economiques.fr\/lagriculture-francaise-panne-de-transmission\/00109865\" target=\"_blank\" rel=\"noreferrer noopener\">Y aura-t-il encore des paysans en France dans vingt ans ?<\/a>&nbsp;(Alter \u00e9co)<\/p>\n\n\n\n<p><strong><a href=\"https:\/\/www.alternatives-economiques.fr\/haro-pauvres\/00109817\" target=\"_blank\" rel=\"noreferrer noopener\">Haro sur les pauvres !<\/a><\/strong>&nbsp;(Alter \u00e9co)<\/p>\n\n\n\n<p><a href=\"https:\/\/link.newsletter.franceculture.fr\/m\/ml\/7429\/856852\/fFTweYkeodwscTVVqF_-sm9C5lXTLJmivm821gAfcU8=\/hgiwp2ykIwJog9HDwSXO+LpYGIsNV8yfpRduoT4PJdY=\/\" target=\"_blank\" rel=\"noreferrer noopener\">L&rsquo;\u00e9conomie selon Le Corbusier<\/a> (France Culture)<\/p>\n\n\n\n<p><a href=\"https:\/\/www.alternatives-economiques.fr\/une-fiscalite-soja-protege-ecosystemes-naturels\/00109413\" target=\"_blank\" rel=\"noreferrer noopener\">Pour une fiscalit\u00e9 sur le soja qui prot\u00e8ge les \u00e9cosyst\u00e8mes naturels<\/a>&nbsp;(Alter \u00e9co)<\/p>\n\n\n\n<p><\/p>\n","protected":false},"excerpt":{"rendered":"<p>30 mars France Retraites compl\u00e9mentaires&nbsp;: le gouvernement toujours tent\u00e9 de ponctionner le \u00ab&nbsp;magot&nbsp;\u00bb de l\u2019Agirc-Arrco (Le Monde) 2,76 millions d\u2019euros\u00a0: le co\u00fbt de la r\u00e9pression des opposants \u00e0 l\u2019A69 (Reporterre) Nucl\u00e9aire&nbsp;: les bonnes affaires de Macron au Br\u00e9sil (Reporterre) Imp\u00f4ts&nbsp;: \u00ab&nbsp;Le combat pour une fiscalit\u00e9 juste d\u00e9passe la seule dimension \u00e9conomique&nbsp;\u00bb (Le Monde) EDF : &#8230; <a title=\"Mars &#8211; \u00c9conomie\" class=\"read-more\" href=\"https:\/\/www.rdpemancipation.org\/?p=126189\" aria-label=\"En savoir plus sur Mars &#8211; \u00c9conomie\">Lire la suite<\/a><\/p>\n","protected":false},"author":1,"featured_media":0,"comment_status":"closed","ping_status":"closed","sticky":false,"template":"","format":"standard","meta":{"_lmt_disableupdate":"","_lmt_disable":"","_jetpack_memberships_contains_paid_content":false,"footnotes":""},"categories":[11],"tags":[],"class_list":["post-126189","post","type-post","status-publish","format-standard","hentry","category-economie"],"modified_by":"nch","jetpack_featured_media_url":"","jetpack_sharing_enabled":true,"_links":{"self":[{"href":"https:\/\/www.rdpemancipation.org\/index.php?rest_route=\/wp\/v2\/posts\/126189","targetHints":{"allow":["GET"]}}],"collection":[{"href":"https:\/\/www.rdpemancipation.org\/index.php?rest_route=\/wp\/v2\/posts"}],"about":[{"href":"https:\/\/www.rdpemancipation.org\/index.php?rest_route=\/wp\/v2\/types\/post"}],"author":[{"embeddable":true,"href":"https:\/\/www.rdpemancipation.org\/index.php?rest_route=\/wp\/v2\/users\/1"}],"replies":[{"embeddable":true,"href":"https:\/\/www.rdpemancipation.org\/index.php?rest_route=%2Fwp%2Fv2%2Fcomments&post=126189"}],"version-history":[{"count":42,"href":"https:\/\/www.rdpemancipation.org\/index.php?rest_route=\/wp\/v2\/posts\/126189\/revisions"}],"predecessor-version":[{"id":127260,"href":"https:\/\/www.rdpemancipation.org\/index.php?rest_route=\/wp\/v2\/posts\/126189\/revisions\/127260"}],"wp:attachment":[{"href":"https:\/\/www.rdpemancipation.org\/index.php?rest_route=%2Fwp%2Fv2%2Fmedia&parent=126189"}],"wp:term":[{"taxonomy":"category","embeddable":true,"href":"https:\/\/www.rdpemancipation.org\/index.php?rest_route=%2Fwp%2Fv2%2Fcategories&post=126189"},{"taxonomy":"post_tag","embeddable":true,"href":"https:\/\/www.rdpemancipation.org\/index.php?rest_route=%2Fwp%2Fv2%2Ftags&post=126189"}],"curies":[{"name":"wp","href":"https:\/\/api.w.org\/{rel}","templated":true}]}}