{"id":126187,"date":"2024-03-01T01:25:00","date_gmt":"2024-03-01T00:25:00","guid":{"rendered":"https:\/\/www.rdpemancipation.org\/?p=126187"},"modified":"2024-04-15T19:46:43","modified_gmt":"2024-04-15T17:46:43","slug":"mars-leur-etat-4","status":"publish","type":"post","link":"https:\/\/www.rdpemancipation.org\/?p=126187","title":{"rendered":"Mars &#8211; Leur \u00c9tat"},"content":{"rendered":"\n<p><strong><mark style=\"background-color:rgba(0, 0, 0, 0);color:#ed1010\" class=\"has-inline-color\">15 avril<\/mark><\/strong><\/p>\n\n\n\n<p><strong><a href=\"https:\/\/www.ldh-france.org\/violences-policieres-au-cra-de-lyon-2-briser-le-silence\/\">Violences polici\u00e8res au CRA de Lyon 2\u00a0; briser le silence<\/a> <\/strong>(LDH)<\/p>\n\n\n\n<p><strong><mark style=\"background-color:rgba(0, 0, 0, 0);color:#ed1010\" class=\"has-inline-color\">12 avril<\/mark><\/strong><\/p>\n\n\n\n<p><a href=\"https:\/\/basta.media\/repression-contre-cannabis-echec-complet-legalisation\" target=\"_blank\" rel=\"noreferrer noopener\">\u00ab La r\u00e9pression contre le cannabis est un \u00e9chec complet depuis au moins un demi-si\u00e8cle \u00bb<\/a>&nbsp;(Basta!)<\/p>\n\n\n\n<p><a href=\"https:\/\/www.youtube.com\/watch?v=Xi4239b2zHA\" target=\"_blank\" rel=\"noreferrer noopener\">L\u2019\u00c9tat, les individus et la soci\u00e9t\u00e9 &#8211; Pierre Dardot<\/a>&nbsp; (Elucid)<\/p>\n\n\n\n<p><a href=\"https:\/\/www.frustrationmagazine.fr\/krs-one-black-cop\/\">\u201cBLACK COP\u201d KRS-ONE : Le racisme policier est structurel<\/a>&nbsp; (Frustration)<\/p>\n\n\n\n<p><strong><mark style=\"background-color:rgba(0, 0, 0, 0);color:#ed1010\" class=\"has-inline-color\">27 mars<\/mark><\/strong><\/p>\n\n\n\n<p><a href=\"https:\/\/www.mediapart.fr\/journal\/ecologie\/280324\/totalenergies-quand-la-diplomatie-francaise-se-met-au-service-du-geant-petrolier-contre-le-climat\" target=\"_blank\" rel=\"noreferrer noopener\">TotalEnergies : quand la diplomatie fran\u00e7aise se met au service du g\u00e9ant p\u00e9trolier, contre le climat<\/a>&nbsp;(Mediapart)<\/p>\n\n\n\n<p><a href=\"https:\/\/www.equaltimes.org\/immigration-en-europe-la-france-a\" target=\"_blank\" rel=\"noreferrer noopener\">Immigration en Europe : la France \u00e0 la man\u0153uvre pour autoriser la r\u00e9tention des enfants d\u00e8s le plus jeune \u00e2ge<\/a>&nbsp;(Equal Times)<\/p>\n\n\n\n<p><a href=\"https:\/\/www.humanite.fr\/societe\/defenseur-des-droits\/la-defenseure-des-droits-denonce-une-fragilisation-preoccupante-de-letat-de-droit\" target=\"_blank\" rel=\"noreferrer noopener\">La D\u00e9fenseure des droits d\u00e9nonce une \u00abfragilisation pr\u00e9occupante de l\u2019\u00c9tat de droit\u00bb<\/a>&nbsp;(L\u2019Humanit\u00e9)<\/p>\n\n\n\n<p><a href=\"https:\/\/9tcmw.r.sp1-brevo.net\/mk\/cl\/f\/sh\/7nVU1aA2nfwMGwU57tR0s8tKfbpJsbl\/8a8ascaw_HAw\" target=\"_blank\" rel=\"noreferrer noopener\">Ecoutes, g\u00e9olocalisations&nbsp;: de plus en plus de personnes sont surveill\u00e9es en France<\/a> (Basta!)<\/p>\n\n\n\n<p><strong><mark style=\"background-color:rgba(0, 0, 0, 0);color:#ed1010\" class=\"has-inline-color\">22 mars<\/mark><\/strong><\/p>\n\n\n\n<p><a href=\"https:\/\/www.blast-info.fr\/articles\/2024\/jugee-terroriste-linterminable-jour-dapres-3_95U3k9QHunAqQOrfiG9A\" target=\"_blank\" rel=\"noreferrer noopener\">Jug\u00e9e \u00ab terroriste \u00bb : l&rsquo;interminable jour d&rsquo;apr\u00e8s<\/a>&nbsp;(Blast)<\/p>\n\n\n\n<p><a href=\"https:\/\/www.bondyblog.fr\/societe\/marche-pour-wanys-personne-ne-devrait-mourir-comme-ca\/\" target=\"_blank\" rel=\"noreferrer noopener\">Marche pour Wanys : \u00ab Personne ne devrait mourir comme \u00e7a \u00bb<\/a>&nbsp;(Le Bondy Blog)<\/p>\n\n\n\n<p><a href=\"https:\/\/www.middleeasteye.net\/fr\/actu-et-enquetes\/france-la-mort-de-wanys-un-drame-qui-rappelle-celui-de-nahel\">France : la mort de Wanys, un drame qui rappelle celui de Nahel<\/a> (MEE)<\/p>\n\n\n\n<p><a href=\"https:\/\/www.bondyblog.fr\/societe\/a-aubervilliers-wanys-18-ans-meurt-percute-par-un-vehicule-policier\/\" target=\"_blank\" rel=\"noreferrer noopener\">\u00c0 Aubervilliers, Wanys, 18 ans meurt percut\u00e9 par un v\u00e9hicule policier<\/a>&nbsp;(Le Bondy Blog)<\/p>\n\n\n\n<p><a href=\"https:\/\/www.streetpress.com\/sujet\/1710950480-policiers-accuses-violence-sans-abri-bagneux-gaz-lacrymogene\" target=\"_blank\" rel=\"noreferrer noopener\">Des policiers accus\u00e9s d\u2019avoir violent\u00e9 un sans-abri \u00e0 Bagneux<\/a>&nbsp;(StreetPress)<\/p>\n\n\n\n<p><a href=\"https:\/\/www.youtube.com\/watch?v=Fwa5rY5rtBM\">Rats, maladies, profs non remplac\u00e9s: \u00ab\u00a0les \u00e9l\u00e8ves sont sacrifi\u00e9s\u00a0\u00bb<\/a> (Blast)<\/p>\n\n\n\n<p><strong><mark style=\"background-color:rgba(0, 0, 0, 0);color:#ed1010\" class=\"has-inline-color\">16 mars<\/mark><\/strong><\/p>\n\n\n\n<p><a href=\"https:\/\/france.attac.org\/se-mobiliser\/contre-la-repression-et-le-racisme-pour-les-libertes-publiques\/article\/affaire-legay-proces-rosies-libertes-publiques-entre-victoire-et-danger\">Affaire Legay &#8211; Proc\u00e8s Rosies | Libert\u00e9s publiques : entre victoire et danger, nous restons mobilis\u00e9\u00b7es pour la justice sociale<\/a> (ATTAC)<\/p>\n\n\n\n<p><strong><mark style=\"background-color:rgba(0, 0, 0, 0);color:#ed1010\" class=\"has-inline-color\">11 mars<\/mark><\/strong><\/p>\n\n\n\n<p><a href=\"https:\/\/www.index.ngo\/enquetes\/mort-dadam-et-raihane-les-incoherences-de-la-version-policiere-revelees\/\" target=\"_blank\" rel=\"noreferrer noopener\">Mort d\u2019Adam et Raihane : les incoh\u00e9rences de la version polici\u00e8re r\u00e9v\u00e9l\u00e9es&nbsp;<\/a> (Index)<\/p>\n\n\n\n<p><a href=\"https:\/\/www.streetpress.com\/sujet\/1709821884-policier-mort-romain-chenevat-juge\" target=\"_blank\" rel=\"noreferrer noopener\">Le policier qui a tu\u00e9 Romain Chenevat sera-t-il jug\u00e9 ?<\/a>&nbsp;(StreetPress)<\/p>\n\n\n\n<p><a href=\"https:\/\/www.huffingtonpost.fr\/politique\/article\/jo-de-paris-2024-le-gouvernement-veut-eviter-une-greve-dans-la-fonction-publique_230980.html\">JO de Paris 2024&nbsp;: le gouvernement veut \u00e9viter une gr\u00e8ve dans la fonction publique<\/a>&nbsp;(huffingtonpost.fr)<\/p>\n\n\n\n<p><strong><mark style=\"background-color:rgba(0, 0, 0, 0);color:#ed1010\" class=\"has-inline-color\">5 mars<\/mark><\/strong><\/p>\n\n\n\n<p><a href=\"https:\/\/link.newsletter.franceculture.fr\/m\/ml\/7429\/857622\/p6asw-QdgJ1w9Vna_iTXIm9C5lXTLJmivm821gAfcU8=\/MyMRZWTVWcKCJs2m5zkdnF5czRtJuAk4bN1TfSgpAz4=\/\" target=\"_blank\" rel=\"noreferrer noopener\">Police&nbsp;: le grand malaise<\/a> (France Culture)<\/p>\n\n\n\n<p><a href=\"https:\/\/www.humanite.fr\/societe\/police\/police-le-patron-de-lunsa-aurait-couvert-son-meilleur-ami-policier-condamne-pour-violences-intra-familiales-selon-streetpress\" target=\"_blank\" rel=\"noreferrer noopener\">Police : le patron de l\u2019Unsa aurait couvert son meilleur ami policier condamn\u00e9 pour violences intra-familiales, selon StreetPress<\/a>&nbsp;(L\u2019Humanit\u00e9)<\/p>\n\n\n\n<p><strong><mark style=\"background-color:rgba(0, 0, 0, 0);color:#ed1010\" class=\"has-inline-color\">3 mars<\/mark><\/strong><\/p>\n\n\n\n<p><a href=\"https:\/\/www.youtube.com\/watch?v=pVMm8rhgt0M\">Dans la t\u00eate d&rsquo;un flic: les r\u00e9sultats inqui\u00e9tants d&rsquo;un sondage<\/a> (Le M\u00e9dia)<\/p>\n\n\n\n<p><strong><mark style=\"background-color:rgba(0, 0, 0, 0);color:#ed1010\" class=\"has-inline-color\">2 mars<\/mark><\/strong><\/p>\n\n\n\n<p><a href=\"https:\/\/www.youtube.com\/watch?v=Bq3_whwwKTg\">Fin du droit du sol \u00e0 Mayotte: un danger qui menace nos principes<\/a> (Blast)<\/p>\n\n\n\n<p><a href=\"https:\/\/reporterre.net\/Zad-contre-l-A69-recit-de-15-jours-de-siege-policier\" target=\"_blank\" rel=\"noreferrer noopener\">Zad contre l&rsquo;A69&nbsp;: r\u00e9cit de 15 jours de si\u00e8ge policier<\/a>&nbsp;(Reporterre)<\/p>\n\n\n\n<p><strong><mark style=\"background-color:rgba(0, 0, 0, 0);color:#ed1010\" class=\"has-inline-color\">1er mars<\/mark><\/strong><\/p>\n\n\n\n<p><strong><a href=\"https:\/\/www.causette.fr\/societe\/en-france\/un-policier-relaxe-en-appel-apres-avoir-traite-de-grosse-merde-une-femme-qui-contactait-le-17-pour-des-menaces-de-son-ex-conjoint\/\" target=\"_blank\" rel=\"noreferrer noopener\">Un policier relax\u00e9 en appel apr\u00e8s avoir trait\u00e9 de \u201cgrosse merde\u201d une femme qui contactait le 17 pour des menaces de son ex-conjoint<\/a>&nbsp;<\/strong>(Causette)<\/p>\n\n\n\n<p><a href=\"https:\/\/www.mediapart.fr\/journal\/france\/240224\/en-haute-corse-un-gendarme-mis-en-examen-pour-meurtre-et-ecroue-0\" target=\"_blank\" rel=\"noreferrer noopener\">En Haute-Corse, un gendarme mis en examen pour meurtre et \u00e9crou\u00e9&nbsp;<\/a> (M\u00e9diapart)<\/p>\n\n\n\n<p><a href=\"https:\/\/www.liberation.fr\/societe\/police-justice\/au-cra-de-vincennes-de-nouveaux-soupcons-de-violences-policieres-envers-des-retenus-20240224_CE7K7KKO2NAMFELMYNNKKOQTUA\/\">Au CRA de Vincennes, de nouveaux soup\u00e7ons de violences polici\u00e8res envers des retenus<\/a> (Lib\u00e9ration)<\/p>\n\n\n\n<p><a><\/a><a href=\"https:\/\/lundi.am\/Racismes-d-Etat-Etats-racistes-Une-breve-histoire\" target=\"_blank\" rel=\"noreferrer noopener\">Racismes d\u2019\u00c9tat, \u00c9tats racistes. Une br\u00e8ve histoire<\/a> (LundiMatin)<\/p>\n\n\n\n<p><\/p>\n","protected":false},"excerpt":{"rendered":"<p>15 avril Violences polici\u00e8res au CRA de Lyon 2\u00a0; briser le silence (LDH) 12 avril \u00ab La r\u00e9pression contre le cannabis est un \u00e9chec complet depuis au moins un demi-si\u00e8cle \u00bb&nbsp;(Basta!) L\u2019\u00c9tat, les individus et la soci\u00e9t\u00e9 &#8211; Pierre Dardot&nbsp; (Elucid) \u201cBLACK COP\u201d KRS-ONE : Le racisme policier est structurel&nbsp; (Frustration) 27 mars TotalEnergies : &#8230; <a title=\"Mars &#8211; Leur \u00c9tat\" class=\"read-more\" href=\"https:\/\/www.rdpemancipation.org\/?p=126187\" aria-label=\"En savoir plus sur Mars &#8211; Leur \u00c9tat\">Lire la suite<\/a><\/p>\n","protected":false},"author":1,"featured_media":0,"comment_status":"closed","ping_status":"closed","sticky":false,"template":"","format":"standard","meta":{"_lmt_disableupdate":"","_lmt_disable":"","_jetpack_memberships_contains_paid_content":false,"footnotes":""},"categories":[5],"tags":[],"class_list":["post-126187","post","type-post","status-publish","format-standard","hentry","category-leur-etat"],"modified_by":"nch","jetpack_featured_media_url":"","jetpack_sharing_enabled":true,"_links":{"self":[{"href":"https:\/\/www.rdpemancipation.org\/index.php?rest_route=\/wp\/v2\/posts\/126187","targetHints":{"allow":["GET"]}}],"collection":[{"href":"https:\/\/www.rdpemancipation.org\/index.php?rest_route=\/wp\/v2\/posts"}],"about":[{"href":"https:\/\/www.rdpemancipation.org\/index.php?rest_route=\/wp\/v2\/types\/post"}],"author":[{"embeddable":true,"href":"https:\/\/www.rdpemancipation.org\/index.php?rest_route=\/wp\/v2\/users\/1"}],"replies":[{"embeddable":true,"href":"https:\/\/www.rdpemancipation.org\/index.php?rest_route=%2Fwp%2Fv2%2Fcomments&post=126187"}],"version-history":[{"count":15,"href":"https:\/\/www.rdpemancipation.org\/index.php?rest_route=\/wp\/v2\/posts\/126187\/revisions"}],"predecessor-version":[{"id":127886,"href":"https:\/\/www.rdpemancipation.org\/index.php?rest_route=\/wp\/v2\/posts\/126187\/revisions\/127886"}],"wp:attachment":[{"href":"https:\/\/www.rdpemancipation.org\/index.php?rest_route=%2Fwp%2Fv2%2Fmedia&parent=126187"}],"wp:term":[{"taxonomy":"category","embeddable":true,"href":"https:\/\/www.rdpemancipation.org\/index.php?rest_route=%2Fwp%2Fv2%2Fcategories&post=126187"},{"taxonomy":"post_tag","embeddable":true,"href":"https:\/\/www.rdpemancipation.org\/index.php?rest_route=%2Fwp%2Fv2%2Ftags&post=126187"}],"curies":[{"name":"wp","href":"https:\/\/api.w.org\/{rel}","templated":true}]}}