{"id":126183,"date":"2024-03-01T01:20:00","date_gmt":"2024-03-01T00:20:00","guid":{"rendered":"https:\/\/www.rdpemancipation.org\/?p=126183"},"modified":"2024-03-29T17:44:58","modified_gmt":"2024-03-29T16:44:58","slug":"mars-ecologie-4","status":"publish","type":"post","link":"https:\/\/www.rdpemancipation.org\/?p=126183","title":{"rendered":"Mars &#8211; \u00c9cologie"},"content":{"rendered":"\n<p><strong><mark style=\"background-color:rgba(0, 0, 0, 0);color:#ed1010\" class=\"has-inline-color\">29 mars<\/mark><\/strong><\/p>\n\n\n\n<p><a href=\"https:\/\/confpeps.org\/les-soulevements-de-la-terre-de-saisons-en-saisons-vers-un-renversement-pour-une-seconde-commune\/\">Les soul\u00e8vements de la terre, de saisons en saisons vers un renversement pour une seconde commune<\/a> (PEPS)<\/p>\n\n\n\n<p><strong><mark style=\"background-color:rgba(0, 0, 0, 0);color:#ed1010\" class=\"has-inline-color\">28 mars<\/mark><\/strong><\/p>\n\n\n\n<p><a href=\"https:\/\/www.connaissancedesenergies.org\/afp\/les-emissions-de-gaz-effet-de-serre-au-royaume-uni-ont-baisse-de-54-en-2023-240328\">Les \u00e9missions de gaz \u00e0 effet de serre au Royaume-Uni ont baiss\u00e9 de 5,4% en 2023<\/a> (AFP)<\/p>\n\n\n\n<p><a href=\"https:\/\/www.connaissancedesenergies.org\/afp\/transition-energetique-un-echec-selon-le-patron-de-saudi-aramco-qui-appelle-laisser-de-cote-le-fantasme-de-la-fin-du-petrole-et-du-gaz-240328\">Transition \u00e9nerg\u00e9tique : un \u00e9chec selon le patron de Saudi Aramco qui appelle \u00e0 \u2018laisser de c\u00f4t\u00e9 le fantasme de la fin du p\u00e9trole et du gaz\u2019<\/a> (AFP)<\/p>\n\n\n\n<p><a href=\"https:\/\/www.connaissancedesenergies.org\/afp\/nouveau-record-de-deploiement-de-capacites-renouvelables-dans-le-monde-en-2023-mais-en-dessous-des-objectifs-climatiques-240327\">Nouveau record de d\u00e9ploiement de capacit\u00e9s renouvelables dans le monde en 2023, mais en-dessous des objectifs climatiques<\/a> (AFP)<\/p>\n\n\n\n<p><a href=\"https:\/\/www.alternatives-economiques.fr\/gouvernement-prefere-t-faire-disparaitre-zfe-plutot-polluti\/00110198\" target=\"_blank\" rel=\"noreferrer noopener\">Le gouvernement pr\u00e9f\u00e8re-t-il faire dispara\u00eetre les ZFE plut\u00f4t que la pollution de l&rsquo;air ?<\/a>&nbsp; (Alter \u00e9co)<\/p>\n\n\n\n<p><a href=\"https:\/\/reporterre.net\/La-mesange-bleue-nouvelle-alliee-contre-l-A69\" target=\"_blank\" rel=\"noreferrer noopener\">La m\u00e9sange bleue, nouvelle alli\u00e9e contre l&rsquo;A69<\/a>&nbsp; (Reporterre)<\/p>\n\n\n\n<p><a href=\"https:\/\/www.off-investigation.fr\/en-bretagne-leau-potable-coutera-plus-cher-a-cause-des-pesticides\/\" target=\"_blank\" rel=\"noreferrer noopener\"><strong>En Bretagne, l\u2019eau potable co\u00fbtera plus cher \u00e0 cause des pesticides<\/strong><\/a> (Off Investigation)<\/p>\n\n\n\n<p><a href=\"https:\/\/www.alternatives-economiques.fr\/En%20Aveyron,%20les%20risques%20inductriels%20sousestim\u00e9s%20de%20batteries%20au%20lithium\">En Aveyron, les risques inductriels sousestim\u00e9s de batteries au lithium<\/a> (Alter \u00e9co)<\/p>\n\n\n\n<p><a href=\"https:\/\/www.politis.fr\/articles\/2024\/03\/allier-echassieres-imerys-emili-une-mine-de-lithium-electrise-le-debat\/\" target=\"_blank\" rel=\"noreferrer noopener\">Dans l\u2019Allier, une future mine de lithium \u00e9lectrise le d\u00e9bat<\/a>&nbsp;(Politis)<\/p>\n\n\n\n<p><a href=\"https:\/\/www.auposte.fr\/la-fete-a-total-pour-ses-100-ans-et-ses-crimes-climatiques\/\" target=\"_blank\" rel=\"noreferrer noopener\">La f\u00eate \u00e0 Total (pour ses 100 ans et ses crimes climatiques)<\/a>&nbsp;(Au Poste)<\/p>\n\n\n\n<p><a href=\"https:\/\/www.revue-ballast.fr\/un-an-apres-raconter-sainte-soline\/\"><strong>Un an apr\u00e8s, raconter Sainte-Soline<\/strong><\/a>&nbsp;(Ballast)<\/p>\n\n\n\n<p><a href=\"https:\/\/www.politis.fr\/articles\/2024\/03\/a-sainte-soline-et-ailleurs-les-traumatismes-oublies-des-journalistes\/\" target=\"_blank\" rel=\"noreferrer noopener\">\u00c0 Sainte-Soline et ailleurs, les traumatismes oubli\u00e9s des journalistes&nbsp;<\/a> (Politis)<\/p>\n\n\n\n<p><a href=\"https:\/\/reporterre.net\/Non-aux-3-000-bovins-dans-le-Limousin-tensions-autour-d-un-projet-de-ferme-usine\" target=\"_blank\" rel=\"noreferrer noopener\">\u00ab&nbsp;Non aux 3&nbsp;000 bovins&nbsp;\u00bb&nbsp;: dans le Limousin, tensions autour d&rsquo;un projet de ferme-usine<\/a>&nbsp;(Reporterre)<\/p>\n\n\n\n<p><a><\/a><a href=\"https:\/\/lareleveetlapeste.fr\/135-agriculteurs-ont-augmente-leurs-revenus-en-supprimant-les-pesticides-dans-les-deux-sevres\/\" target=\"_blank\" rel=\"noreferrer noopener\">135 agriculteurs ont augment\u00e9 leurs revenus en supprimant les pesticides dans les Deux-S\u00e8vres<\/a>&nbsp;(La Rel\u00e8ve et La Peste)<\/p>\n\n\n\n<p><a href=\"https:\/\/basta.media\/on-nous-traitait-d-utopistes-experience-reussie-ferme-bio-cooperative\" target=\"_blank\" rel=\"noreferrer noopener\"><strong>\u00ab On nous traitait d\u2019utopistes \u00bb : l&rsquo;exp\u00e9rience r\u00e9ussie d&rsquo;une ferme bio en coop\u00e9rative&nbsp;<\/strong><\/a>(Basta!)<\/p>\n\n\n\n<p><a href=\"https:\/\/www.alternatives-economiques.fr\/six-graphiques-montrent-a-point-monde-reste-dependant-charbon\/00109407\" target=\"_blank\" rel=\"noreferrer noopener\">Six graphiques qui montrent \u00e0 quel point le monde reste d\u00e9pendant du charbon<\/a>&nbsp;(Alter \u00e9co)<\/p>\n\n\n\n<p><a href=\"https:\/\/www.lemonde.fr\/afrique\/article\/2024\/03\/06\/des-temperatures-de-pres-de-50-c-un-littoral-qui-s-erode-comment-attirer-les-touristes-dans-une-tunisie-percutee-par-le-changement-climatique_6220485_3212.html\">Des temp\u00e9ratures de pr\u00e8s de 50&nbsp;\u00b0C, un littoral qui s\u2019\u00e9rode&nbsp;: comment attirer les touristes dans une <strong>Tunisie<\/strong> percut\u00e9e par le d\u00e9r\u00e8glement climatique<\/a> (Le Monde)<\/p>\n\n\n\n<figure class=\"wp-block-image size-full is-resized\"><img data-recalc-dims=\"1\" loading=\"lazy\" decoding=\"async\" width=\"664\" height=\"443\" src=\"https:\/\/i0.wp.com\/www.rdpemancipation.org\/wp-content\/uploads\/2024\/03\/image-36.png?resize=664%2C443&#038;ssl=1\" alt=\"\" class=\"wp-image-127218\" style=\"width:400px;height:auto\" srcset=\"https:\/\/i0.wp.com\/www.rdpemancipation.org\/wp-content\/uploads\/2024\/03\/image-36.png?w=664&amp;ssl=1 664w, https:\/\/i0.wp.com\/www.rdpemancipation.org\/wp-content\/uploads\/2024\/03\/image-36.png?resize=300%2C200&amp;ssl=1 300w\" sizes=\"auto, (max-width: 664px) 100vw, 664px\" \/><\/figure>\n\n\n\n<p><a href=\"https:\/\/www.lemonde.fr\/afrique\/article\/2024\/03\/06\/des-temperatures-de-pres-de-50-c-un-littoral-qui-s-erode-comment-attirer-les-touristes-dans-une-tunisie-percutee-par-le-changement-climatique_6220485_3212.html\"><\/a><\/p>\n\n\n\n<p><strong><mark style=\"background-color:rgba(0, 0, 0, 0);color:#ed1010\" class=\"has-inline-color\">26 mars<\/mark><\/strong><\/p>\n\n\n\n<p><strong><a href=\"https:\/\/www.equaltimes.org\/les-uru-morato-les-hommes-de-l-eau\">Les Uru Morato, les \u00ab&nbsp;hommes de l\u2019eau&nbsp;\u00bb tentent de survivre \u00e0 la disparition du Lac Poop\u00f3 en Bolivie<\/a> (Equal Times)<\/strong><\/p>\n\n\n\n<p><a href=\"https:\/\/www.youtube.com\/watch?v=vhX8fsOolrE\" target=\"_blank\" rel=\"noreferrer noopener\">Sommes-nous la derni\u00e8re G\u00c9N\u00c9RATION \u00e0 pouvoir agir ? Avec Salom\u00e9 Saqu\u00e9<\/a> (The Big Shift)<\/p>\n\n\n\n<p><a href=\"https:\/\/www.youtube.com\/watch?v=2bVEzKsVO4M\" target=\"_blank\" rel=\"noreferrer noopener\">S\u00e9cheresse : \u00ab\u00a0Il faut \u00eatre lucide et courageux car les solutions, on les a\u00a0\u00bb, plaide Emma Haziza<\/a> (France Inter)<\/p>\n\n\n\n<p><a href=\"https:\/\/www.socialter.fr\/article\/vigneron-resistant-cepages-hybride-changement-climatique\" target=\"_blank\" rel=\"noreferrer noopener\">Dans la Creuse, le pari de Geoffrey Estienne, vigneron r\u00e9sistant<\/a> (Socialter)<\/p>\n\n\n\n<p><a href=\"https:\/\/www.socialter.fr\/article\/ecologie-lutte-des-classes-latour\" target=\"_blank\" rel=\"noreferrer noopener\">L&rsquo;\u00e9cologie sans lutte des classes, c&rsquo;est du jardinage ?<\/a> (Socialalter)<\/p>\n\n\n\n<p><strong><mark style=\"background-color:rgba(0, 0, 0, 0);color:#ed1010\" class=\"has-inline-color\">23 mars<\/mark><\/strong><a href=\"https:\/\/www.francetvinfo.fr\/monde\/environnement\/total-des-manifestants-d-extinction-rebellion-devant-la-raffinerie-du-havre_6442597.html\"><\/a><\/p>\n\n\n\n<p><a href=\"https:\/\/www.francetvinfo.fr\/monde\/environnement\/total-des-manifestants-d-extinction-rebellion-devant-la-raffinerie-du-havre_6442597.html\">Total : des manifestants d&rsquo;Extinction R\u00e9bellion devant la raffinerie du Havre<\/a> (France info)<\/p>\n\n\n\n<p><a href=\"https:\/\/www.youtube.com\/watch?v=hkzrPQ5GCfw\">La voie \u00e9troite d\u2019un cyber-\u00e9cosocialisme<\/a> (ILB)<\/p>\n\n\n\n<p><a href=\"https:\/\/www.huffingtonpost.fr\/environnement\/article\/megabassines-a-sainte-soline-un-an-apres-la-mobilisation-des-associations-ou-en-est-le-projet-dans-les-deux-sevres_231608.html\"><\/a><a href=\"https:\/\/www.huffingtonpost.fr\/environnement\/article\/megabassines-a-sainte-soline-un-an-apres-la-mobilisation-des-associations-ou-en-est-le-projet-dans-les-deux-sevres_231608.html\">Un an apr\u00e8s la mobilisation \u00e0 Sainte-Soline, o\u00f9 en est le projet de m\u00e9gabassines&nbsp;?<\/a> (Huffpost)<\/p>\n\n\n\n<p><a href=\"https:\/\/reporterre.net\/Un-an-apres-Sainte-Soline-les-blesses-racontent-leurs-sequelles\"><strong>Un an apr\u00e8s Sainte-Soline, les bless\u00e9s racontent leurs s\u00e9quelles<\/strong><\/a> (Reporterre)<\/p>\n\n\n\n<p><a href=\"https:\/\/www.youtube.com\/watch?v=3ymjnILRclQ&amp;ab_channel=OffInvestigation\"><strong>Sainte-Soline, Autopsie d\u2019un carnage<\/strong><\/a>&nbsp;(Off Investigation \u2013 Reporterre, vid\u00e9o en acc\u00e8s libre)<\/p>\n\n\n\n<p><a href=\"https:\/\/www.off-investigation.fr\/on-a-detruit-en-partie-ma-vielinterview-de-serge-duteuil-graziani\/\" target=\"_blank\" rel=\"noreferrer noopener\">La lutte est devenue dangereuse, mais ne pas lutter, c\u2019est encore plus dangereux. L\u2019interview de Serge Duteuil Graziani, survivant de Sainte-Soline<\/a>&nbsp;(Off Investigation)<\/p>\n\n\n\n<p><strong><a href=\"https:\/\/www.off-investigation.fr\/autoroute-a69lextreme-droite-contre-lenvironnement\/\" target=\"_blank\" rel=\"noreferrer noopener\">Autoroute A69. L\u2019extr\u00eame droite contre l\u2019environnement ?<\/a><\/strong>&nbsp;(Off Investigation)<\/p>\n\n\n\n<figure class=\"wp-block-image size-full is-resized\"><img data-recalc-dims=\"1\" loading=\"lazy\" decoding=\"async\" width=\"1024\" height=\"683\" src=\"https:\/\/i0.wp.com\/www.rdpemancipation.org\/wp-content\/uploads\/2024\/03\/image-29.png?resize=1024%2C683&#038;ssl=1\" alt=\"\" class=\"wp-image-127021\" style=\"width:348px;height:auto\" srcset=\"https:\/\/i0.wp.com\/www.rdpemancipation.org\/wp-content\/uploads\/2024\/03\/image-29.png?w=1024&amp;ssl=1 1024w, https:\/\/i0.wp.com\/www.rdpemancipation.org\/wp-content\/uploads\/2024\/03\/image-29.png?resize=300%2C200&amp;ssl=1 300w, https:\/\/i0.wp.com\/www.rdpemancipation.org\/wp-content\/uploads\/2024\/03\/image-29.png?resize=768%2C512&amp;ssl=1 768w\" sizes=\"auto, (max-width: 1024px) 100vw, 1024px\" \/><\/figure>\n\n\n\n<p><strong><mark style=\"background-color:rgba(0, 0, 0, 0);color:#ed1010\" class=\"has-inline-color\">22 mars<\/mark><\/strong><\/p>\n\n\n\n<p><a href=\"https:\/\/www.connaissancedesenergies.org\/afp\/dechets-nucleaires-la-bataille-des-expropriations-sengage-bure-240321\">D\u00e9chets nucl\u00e9aires : la \u00ab bataille \u00bb des expropriations s&rsquo;engage \u00e0 Bure<\/a> (AFP)<strong><a href=\"https:\/\/www.francetvinfo.fr\/meteo\/climat\/la-planete-au-bord-du-gouffre-apres-une-decennie-record-de-chaleur-alerte-l-onu-dans-un-nouveau-rapport_6433984.html\"><\/a><\/strong><\/p>\n\n\n\n<p><strong><a href=\"https:\/\/www.francetvinfo.fr\/meteo\/climat\/la-planete-au-bord-du-gouffre-apres-une-decennie-record-de-chaleur-alerte-l-onu-dans-un-nouveau-rapport_6433984.html\">La plan\u00e8te est \u00ab\u00a0au bord du gouffre\u00a0\u00bb alerte l&rsquo;ONU dans un nouveau rapport<\/a><\/strong>(France Info)<\/p>\n\n\n\n<p><a href=\"https:\/\/www.connaissancedesenergies.org\/afp\/petrole-les-majors-tres-loin-des-objectifs-de-laccord-climat-de-paris-rapport-240320\">P\u00e9trole : les majors tr\u00e8s loin des objectifs de l&rsquo;accord climat de Paris (rapport)<\/a> (AFP)<\/p>\n\n\n\n<p><a href=\"https:\/\/reporterre.net\/Les-emissions-de-carbone-enregistrent-une-baisse-record-de-4-8-en-France-en-2023\" target=\"_blank\" rel=\"noreferrer noopener\">Les \u00e9missions de gaz \u00e0 effet de serre enregistrent une baisse record en France<\/a>&nbsp;(Reporterre)<\/p>\n\n\n\n<p><a href=\"https:\/\/www.alternatives-economiques.fr\/cedric-philibert-voiture-electrique-bonne-climat\/00110055\" target=\"_blank\" rel=\"noreferrer noopener\">C\u00e9dric Philibert : \u00ab La voiture \u00e9lectrique est bonne pour le climat ! \u00bb<\/a>&nbsp;(Alter \u00e9co)<\/p>\n\n\n\n<p><a href=\"https:\/\/basta.media\/sante-publique-les-mutuelles-appellent-a-agir-contre-les-dangers-des-pesticides\" target=\"_blank\" rel=\"noreferrer noopener\">Sant\u00e9 publique : les mutuelles appellent \u00e0 agir contre les dangers des pesticides<\/a> (Basta!)<\/p>\n\n\n\n<figure class=\"wp-block-image size-full is-resized\"><img data-recalc-dims=\"1\" loading=\"lazy\" decoding=\"async\" width=\"960\" height=\"755\" src=\"https:\/\/i0.wp.com\/www.rdpemancipation.org\/wp-content\/uploads\/2024\/03\/image-28.png?resize=960%2C755&#038;ssl=1\" alt=\"\" class=\"wp-image-127018\" style=\"width:423px;height:auto\" srcset=\"https:\/\/i0.wp.com\/www.rdpemancipation.org\/wp-content\/uploads\/2024\/03\/image-28.png?w=960&amp;ssl=1 960w, https:\/\/i0.wp.com\/www.rdpemancipation.org\/wp-content\/uploads\/2024\/03\/image-28.png?resize=300%2C236&amp;ssl=1 300w, https:\/\/i0.wp.com\/www.rdpemancipation.org\/wp-content\/uploads\/2024\/03\/image-28.png?resize=768%2C604&amp;ssl=1 768w\" sizes=\"auto, (max-width: 960px) 100vw, 960px\" \/><\/figure>\n\n\n\n<p><strong><mark style=\"background-color:rgba(0, 0, 0, 0);color:#ed1010\" class=\"has-inline-color\">20 mars<\/mark><\/strong><\/p>\n\n\n\n<p><a href=\"https:\/\/www.cairn.info\/revue-dard-dard-2021-1-page-159.htm\">Une histoire des luttes pour l\u2019environnement. XVIIIe-XXe : trois si\u00e8cles de d\u00e9bats et de combats<\/a> (Cairn)<\/p>\n\n\n\n<p><strong><a href=\"https:\/\/basta.media\/un-an-apres-sainte-soline-carte-rassemblements-france\" target=\"_blank\" rel=\"noreferrer noopener\">Un an apr\u00e8s Sainte-Soline : la carte des rassemblements dans toute la France<\/a>&nbsp;<\/strong>(Basta!)<\/p>\n\n\n\n<p><a href=\"https:\/\/www.politis.fr\/articles\/2024\/03\/mobilisations-contre-lindustrialisation-de-leau\/\"><strong>Mobilisations contre l\u2019industrialisation de l\u2019eau<\/strong><\/a>&nbsp;(Politis)<\/p>\n\n\n\n<p><strong><a href=\"https:\/\/www.francetvinfo.fr\/monde\/environnement\/crise-climatique\/rechauffement-climatique-que-cache-la-baisse-record-des-emissions-de-gaz-a-effet-de-serre-de-la-france-en-2023_6436093.html\">Que cache la baisse \u00ab\u00a0record\u00a0\u00bb des \u00e9missions de gaz \u00e0 effet de serre de la France en 2023 ?<\/a> <\/strong>(France Info)<\/p>\n\n\n\n<p><a href=\"https:\/\/www.ldh-france.org\/ratification-du-ceta\/\" target=\"_blank\" rel=\"noreferrer noopener\"><strong>Appel aux s\u00e9natrices et aux s\u00e9nateurs : votez non \u00e0 la ratification du Ceta<\/strong><\/a> (LDH)<\/p>\n\n\n\n<p><a href=\"https:\/\/www.alternatives-economiques.fr\/dune-une-lecon-deconomie-decologie-plus-actuelle-jamais\/00110021\" target=\"_blank\" rel=\"noreferrer noopener\">\u00ab Dune \u00bb, une le\u00e7on d\u2019\u00e9conomie et d\u2019\u00e9cologie plus actuelle que jamais<\/a> (Alter \u00e9co)<\/p>\n\n\n\n<p><a href=\"https:\/\/www.alternatives-economiques.fr\/stephane-madaule\/un-choc-de-verite-lagriculture-europeenne\/00110007\" target=\"_blank\" rel=\"noreferrer noopener\">Un choc de v\u00e9rit\u00e9 pour l\u2019agriculture europ\u00e9enne<\/a> (Alter \u00e9co)<\/p>\n\n\n\n<p><a href=\"https:\/\/www.alternatives-economiques.fr\/cour-comptes-schizophrene-face-changement-climatique\/00110032\" target=\"_blank\" rel=\"noreferrer noopener\">Faire plus avec moins : les contradictions de la Cour des comptes sur le r\u00e9chauffement climatique<\/a> (Alter \u00e9co)<\/p>\n\n\n\n<p><a href=\"https:\/\/link.newsletter.franceculture.fr\/m\/ml\/7429\/860556\/7VNEHREcKMO0bh1xOjSl329C5lXTLJmivm821gAfcU8=\/E2jUuwVSDnvPaQ2IlDPkb32wWOOQoyYO5XWkiismo1I=\/\" target=\"_blank\" rel=\"noreferrer noopener\">Thomas Brail, l&rsquo;\u00e9cureuil militant <\/a>&nbsp;(France Culture)<\/p>\n\n\n\n<figure class=\"wp-block-image size-full is-resized\"><img data-recalc-dims=\"1\" loading=\"lazy\" decoding=\"async\" width=\"620\" height=\"349\" src=\"https:\/\/i0.wp.com\/www.rdpemancipation.org\/wp-content\/uploads\/2024\/03\/image-19.png?resize=620%2C349&#038;ssl=1\" alt=\"\" class=\"wp-image-126888\" style=\"width:425px;height:auto\" srcset=\"https:\/\/i0.wp.com\/www.rdpemancipation.org\/wp-content\/uploads\/2024\/03\/image-19.png?w=620&amp;ssl=1 620w, https:\/\/i0.wp.com\/www.rdpemancipation.org\/wp-content\/uploads\/2024\/03\/image-19.png?resize=300%2C169&amp;ssl=1 300w\" sizes=\"auto, (max-width: 620px) 100vw, 620px\" \/><\/figure>\n\n\n\n<p><strong><mark style=\"background-color:rgba(0, 0, 0, 0);color:#ed1010\" class=\"has-inline-color\">19 mars<\/mark><\/strong><\/p>\n\n\n\n<p><a href=\"https:\/\/elucid.media\/economie\/pib-obsession-croissance-fuite-en-avant-florence-jany-catrice\"><strong>La fuite en avant de l\u2019obsession de la croissance \u2013 Florence Jany-Catrice<\/strong><\/a>&nbsp;(Elucid)<\/p>\n\n\n\n<p><a href=\"https:\/\/elucid.media\/environnement\/petit-traite-de-la-decroissance-sereine-serge-latouche\">Petit trait\u00e9 de la d\u00e9croissance sereine \u2013 Serge Latouche<\/a>&nbsp;(Elucid)<\/p>\n\n\n\n<p><a href=\"https:\/\/basta.media\/accord-commercial-ue-canada-ceta-debattu-senat-bientot-bloque\">Accord commercial UE-Canada : le Ceta d\u00e9battu au S\u00e9nat et bient\u00f4t bloqu\u00e9 ?<\/a>&nbsp;(Basta!)<\/p>\n\n\n\n<p><a href=\"https:\/\/www.mediapart.fr\/journal\/france\/180324\/a69-les-conflits-d-interets-inavoues-des-lobbyistes-pro-autoroute\"><strong>A69&nbsp;: les conflits d\u2019int\u00e9r\u00eats inavou\u00e9s des lobbyistes pro-autoroute<\/strong><\/a> (M\u00e9diapart)<\/p>\n\n\n\n<p><a href=\"https:\/\/www.greenpeace.fr\/espace-presse\/rapport-entre-fiasco-industriel-et-fantasme-politique-le-nouveau-nucleaire-coutera-beaucoup-plus-cher-quil-ny-parait\/\">Entre fiasco industriel et fantasme politique, le \u2018nouveau nucl\u00e9aire\u2019 co\u00fbtera (beaucoup) plus cher qu\u2019il n\u2019y para\u00eet<\/a>&nbsp; (Greenpeace)<\/p>\n\n\n\n<p><a href=\"https:\/\/reporterre.net\/Les-nouveaux-EPR-couteront-au-moins-100-milliards-d-euros-selon-Greenpeace\">Les nouveaux EPR co\u00fbteront au moins 100 milliards d\u2019euros, estime Greenpeace<\/a>&nbsp;(Reporterre)<\/p>\n\n\n\n<p><a href=\"https:\/\/lanticapitaliste.org\/opinions\/culture\/le-mensonge-total-enquete-sur-un-criminel-climatique-de-mickael-correia\"><strong>Le mensonge Total. Enqu\u00eate sur un criminel climatique, de Micka\u00ebl Correia<\/strong><\/a> (L\u2019Anticapitaliste)<\/p>\n\n\n\n<p><a href=\"https:\/\/www.humanite.fr\/monde\/amazonie\/bresil-la-deforestation-recule-en-amazonie\" target=\"_blank\" rel=\"noreferrer noopener\">Br\u00e9sil : la d\u00e9forestation recule en Amazonie<\/a>&nbsp;(L\u2019Humanit\u00e9)<\/p>\n\n\n\n<p><a href=\"https:\/\/www.liberation.fr\/environnement\/dans-les-pyrenees-orientales-assoiffes-une-manifestation-reunit-plusieurs-milliers-de-personnes-contre-un-projet-de-golf-20240316_EPNHWDXBJ5FLHJUJOFSQHMXPHE\/\" target=\"_blank\" rel=\"noreferrer noopener\">Dans les Pyr\u00e9n\u00e9es-Orientales assoiff\u00e9es, une manifestation r\u00e9unit plusieurs milliers de personnes contre un projet de golf<\/a> (Lib\u00e9ration)<\/p>\n\n\n\n<p><a href=\"https:\/\/www.connaissancedesenergies.org\/afp\/attal-annonce-une-consultation-du-public-sur-la-strategie-energie-et-climat-de-la-france-240315\">Attal annonce une consultation du public sur la strat\u00e9gie \u00e9nergie et climat de la France<\/a> (AFP)<\/p>\n\n\n\n<p><a href=\"https:\/\/www.off-investigation.fr\/Accroitre%20l\u2019opacit\u00e9%20du%20nucl\u00e9aire%20est%20un%20contresens%20historiquere-sens-historique-linterview-de-marc-endeweld\/\"><strong>Accroitre l\u2019opacit\u00e9 du nucl\u00e9aire est un contresens historique<\/strong><\/a> (Off Investigation)<\/p>\n\n\n\n<p><strong><mark style=\"background-color:rgba(0, 0, 0, 0);color:#ed1010\" class=\"has-inline-color\">17 mars<\/mark><\/strong><\/p>\n\n\n\n<p><a href=\"https:\/\/www.economiematin.fr\/europe-zone-polluees-deces-prematures-etude\">98% des Europ\u00e9ens vivent dans une zone trop pollu\u00e9e<\/a> (Economie matin)<\/p>\n\n\n\n<p><a href=\"https:\/\/basta.media\/ogm-l-agrobusiness-contre-attaque\">OGM, l\u2019agrobusiness contre-attaque (3 articles)<\/a> (Basta!)<\/p>\n\n\n\n<p><a href=\"https:\/\/mrmondialisation.org\/tribune-cout-ecologique-social-elevage\/\">Affrontons le co\u00fbt \u00e9cologique et social de l\u2019\u00e9levage <\/a>(mrmondialisation)<\/p>\n\n\n\n<p><a href=\"https:\/\/www.courrierinternational.com\/article\/le-chiffre-du-jour-la-crise-climatique-couterait-16-millions-de-dollars-par-heure-en-degats-materiels-et-humains\">La crise climatique co\u00fbterait 16&nbsp;millions de dollars par heure en d\u00e9g\u00e2ts mat\u00e9riels et humains<\/a> (Courrier international)<\/p>\n\n\n\n<p><strong><mark style=\"background-color:rgba(0, 0, 0, 0);color:#ed1010\" class=\"has-inline-color\">16 mars<\/mark><\/strong><\/p>\n\n\n\n<p><a href=\"https:\/\/www.liberation.fr\/economie\/la-cour-des-comptes-appelle-a-capter-davantage-les-profits-des-groupes-denergie-et-fustige-des-prix-qui-ne-sont-pas-coherents-20240315_VZTKQ6XFMFHBBKM7ST3XINXRDI\/\"><strong>La Cour des comptes appelle \u00e0 \u00abcapter\u00bb davantage les profits des groupes d\u2019\u00e9nergie<\/strong> et fustige des prix qui ne sont pas \u00abcoh\u00e9rents\u00bb<\/a> (Lib\u00e9ration)<\/p>\n\n\n\n<p><a href=\"https:\/\/www.alternatives-economiques.fr\/cour-comptes-schizophrene-face-changement-climatique\/00110032\" target=\"_blank\" rel=\"noreferrer noopener\">La Cour des comptes schizophr\u00e8ne face au changement climatique<\/a>&nbsp;(Alter \u00e9co)<\/p>\n\n\n\n<p><a href=\"https:\/\/reporterre.net\/Le-groupe-Pierre-Fabre-reconnait-avoir-finance-l-A69\" target=\"_blank\" rel=\"noreferrer noopener\">Le groupe Pierre Fabre reconna\u00eet avoir financ\u00e9 l&rsquo;A69<\/a>&nbsp;(Reporterre)<\/p>\n\n\n\n<p><a href=\"https:\/\/reporterre.net\/Une-mission-interministerielle-sur-les-subventions-nefastes-a-la-biodiversite-en-passe-d\" target=\"_blank\" rel=\"noreferrer noopener\">Le gouvernement refuse de stopper les financements n\u00e9fastes \u00e0 la biodiversit\u00e9<\/a>&nbsp;(Reporterre)<\/p>\n\n\n\n<p><a href=\"https:\/\/reporterre.net\/Europe-les-mesures-ecolos-de-la-Politique-agricole-commune-massivement-sacrifiees\" target=\"_blank\" rel=\"noreferrer noopener\">L&rsquo;Europe veut sacrifier les mesures \u00e9colos de la Politique agricole commune<\/a>&nbsp;(Reporterre)<\/p>\n\n\n\n<p><a href=\"https:\/\/www.alternatives-economiques.fr\/captage-stockage-de-co2-france-prete-a-sauter-puits\/00109587\" target=\"_blank\" rel=\"noreferrer noopener\">Captage et stockage de CO2 : la France pr\u00eate \u00e0 sauter dans le puits<\/a>&nbsp;(Alter \u00e9co)<\/p>\n\n\n\n<p><a href=\"https:\/\/lvsl.fr\/quand-les-geants-petroliers-appuyaient-le-club-de-rome\/?utm_source=sendinblue&amp;utm_campaign=Newsletter_Derniers_Articles&amp;utm_medium=email\">Quand les g\u00e9ants p\u00e9troliers appuyaient le club de Rome<\/a> (LVSL)<\/p>\n\n\n\n<p><a href=\"https:\/\/www.alternatives-economiques.fr\/denoncer-pesticides-rompre-monde-agricole-etroite\/00109956\" target=\"_blank\" rel=\"noreferrer noopener\">D\u00e9noncer les pesticides sans rompre avec le monde agricole : la voie \u00e9troite des \u00ab phyto-victimes \u00bb<\/a>&nbsp;(Alter \u00e9co)<\/p>\n\n\n\n<p><strong><mark style=\"background-color:rgba(0, 0, 0, 0);color:#ed1010\" class=\"has-inline-color\">15 mars<\/mark><\/strong><\/p>\n\n\n\n<p><a href=\"https:\/\/bassinesnonmerci.fr\/index.php\/2024\/02\/22\/sainte-soline-1-an-apres-mars-2024\/\">Sainte Soline,1 an apr\u00e8s : 22&nbsp; mars 2024 journ\u00e9e mondiale de l&rsquo;eau<\/a> (BNM)<\/p>\n\n\n\n<figure class=\"wp-block-image size-full is-resized\"><img data-recalc-dims=\"1\" loading=\"lazy\" decoding=\"async\" width=\"360\" height=\"476\" src=\"https:\/\/i0.wp.com\/www.rdpemancipation.org\/wp-content\/uploads\/2024\/03\/image-11.png?resize=360%2C476&#038;ssl=1\" alt=\"\" class=\"wp-image-126705\" style=\"width:270px;height:auto\" srcset=\"https:\/\/i0.wp.com\/www.rdpemancipation.org\/wp-content\/uploads\/2024\/03\/image-11.png?w=360&amp;ssl=1 360w, https:\/\/i0.wp.com\/www.rdpemancipation.org\/wp-content\/uploads\/2024\/03\/image-11.png?resize=227%2C300&amp;ssl=1 227w\" sizes=\"auto, (max-width: 360px) 100vw, 360px\" \/><\/figure>\n\n\n\n<p><strong><mark style=\"background-color:rgba(0, 0, 0, 0);color:#ed1010\" class=\"has-inline-color\">14 mars<\/mark><\/strong><\/p>\n\n\n\n<p><a href=\"https:\/\/lareleveetlapeste.fr\/en-allemagne-un-sabotage-force-larret-dune-usine-geante-tesla\/\" target=\"_blank\" rel=\"noreferrer noopener\">En <strong>Allemagne<\/strong>, un sabotage force l\u2019arr\u00eat d\u2019une usine g\u00e9ante Tesla<\/a>&nbsp;(La Rel\u00e8ve et La Peste)<\/p>\n\n\n\n<p><a href=\"https:\/\/www.mediapart.fr\/journal\/ecologie\/130324\/climat-un-agriculteur-belge-assigne-totalenergies-en-justice\"><strong>Un agriculteur belge assigne TotalEnergies en justice<\/strong><\/a> (M\u00e9diapart)<\/p>\n\n\n\n<p><a href=\"https:\/\/www.fidh.org\/fr\/themes\/entreprises-droits-humains-et-environnement\/responsabilite-des-entreprises\/totalenergies-changement-climatique-court-belgique\" target=\"_blank\" rel=\"noreferrer noopener\">TotalEnergies poursuivie pour sa responsabilit\u00e9 dans la crise climatique : premi\u00e8re action climatique en Belgique contre une multinationale<\/a>&nbsp;(FIDH)<\/p>\n\n\n\n<p><a href=\"https:\/\/www.connaissancedesenergies.org\/afp\/largement-evitables-les-emissions-de-methane-de-lindustrie-fossile-restent-des-niveaux-record-240313-0\">Largement \u00e9vitables, les \u00e9missions de m\u00e9thane de l&rsquo;industrie fossile restent \u00e0 des niveaux record<\/a>&nbsp;(AFP)<a href=\"https:\/\/www.lemonde.fr\/idees\/article\/2024\/03\/13\/l-ecologie-punitive-un-slogan-facile-qui-agit-comme-un-repoussoir-et-confisque-le-debat-democratique_6221697_3232.html\"><\/a><\/p>\n\n\n\n<p><a href=\"https:\/\/www.lemonde.fr\/idees\/article\/2024\/03\/13\/l-ecologie-punitive-un-slogan-facile-qui-agit-comme-un-repoussoir-et-confisque-le-debat-democratique_6221697_3232.html\">L\u2019\u00ab&nbsp;\u00e9cologie punitive&nbsp;\u00bb, un slogan facile qui agit comme un repoussoir et confisque le d\u00e9bat d\u00e9mocratique <\/a>&nbsp;(Le Monde)<\/p>\n\n\n\n<p><a href=\"https:\/\/infos.lemonde.fr\/optiext\/optiextension.dll?ID=RjiRlmLdKQ2vQwJgUZBK5SYkhga2ZSXt4V1pL1Uwl7wQ3KhBcKKD4XgF7IaidgRlQSCPioZ5weEdCbimx45UOJdfc4VLnvWqKnkhbGRA\" target=\"_blank\" rel=\"noreferrer noopener\">Climat&nbsp;: les \u00e9missions de m\u00e9thane, puissant gaz \u00e0 effet de serre, ont augment\u00e9 en&nbsp;2023<\/a> (Le Monde)<\/p>\n\n\n\n<p><a href=\"https:\/\/www.humanite.fr\/environnement\/bruno-le-maire\/nucleaire-transport-foret-la-cour-des-comptes-fustige-le-manque-dadaptation-de-la-france-au-changement-climatique\" target=\"_blank\" rel=\"noreferrer noopener\">Nucl\u00e9aire, transport, for\u00eat\u2026 La Cour des comptes fustige le manque d\u2019adaptation de la France au changement climatique<\/a>&nbsp;(L\u2019Humanit\u00e9)<\/p>\n\n\n\n<p><a href=\"https:\/\/www.lemonde.fr\/planete\/article\/2024\/03\/12\/adaptation-au-changement-climatique-la-cour-des-comptes-presse-l-etat-d-agir_6221426_3244.html\">La Cour des comptes d\u00e9crypte le retard de l\u2019Etat dans l\u2019adaptation au d\u00e9r\u00e8glement climatique<\/a> (Le Monde)<\/p>\n\n\n\n<p><a href=\"https:\/\/www.lemonde.fr\/planete\/article\/2024\/03\/12\/la-cour-des-comptes-appelle-a-renforcer-la-lutte-contre-les-effets-des-vagues-de-chaleur-sur-la-sante_6221557_3244.html\">La Cour des comptes appelle l\u2019Etat \u00e0&nbsp;renforcer la&nbsp;lutte contre les effets des vagues de&nbsp;chaleur sur la&nbsp;sant\u00e9 <\/a>(Le Monde)<\/p>\n\n\n\n<p><a href=\"https:\/\/elucid.media\/environnement\/la-decroissance-implique-t-elle-de-renoncer-au-developpement-david-cayla\"><strong>La d\u00e9croissance implique-t-elle de renoncer au d\u00e9veloppement ?<\/strong> &#8211; David Cayla<\/a> (Elucid)<\/p>\n\n\n\n<p><a href=\"https:\/\/www.mediapart.fr\/journal\/ecologie\/090324\/climat-70-pays-s-engagent-transformer-leur-maniere-de-construire\">Climat : 70 pays s\u2019engagent \u00e0 transformer leur mani\u00e8re de construire<\/a> (M\u00e9diapart)<\/p>\n\n\n\n<p><a href=\"https:\/\/www.connaissancedesenergies.org\/afp\/surete-nucleaire-les-elus-du-cea-egalement-opposes-au-projet-de-reforme-240313\"><strong>S\u00fbret\u00e9 nucl\u00e9aire : les \u00e9lus du CEA \u00e9galement oppos\u00e9s au projet de r\u00e9forme<\/strong><\/a> (AFP)<\/p>\n\n\n\n<p><a href=\"https:\/\/www.boursorama.com\/actualite-economique\/actualites\/surete-nucleaire-nouvelle-bataille-a-l-assemblee-sur-le-projet-de-fusion-asn-irsn-af5a3e7096751bf8ac470622cb148f75\">S\u00fbret\u00e9 nucl\u00e9aire : nouvelle bataille \u00e0 l&rsquo;Assembl\u00e9e sur le projet de fusion ASN-IRSN<\/a> (AFP)<\/p>\n\n\n\n<p><strong><mark style=\"background-color:rgba(0, 0, 0, 0);color:#ed1010\" class=\"has-inline-color\">12 mars<\/mark><\/strong><\/p>\n\n\n\n<p><a href=\"https:\/\/www.lemonde.fr\/idees\/article\/2024\/03\/03\/la-transition-energetique-sera-bien-plus-complexe-qu-un-simple-soutien-au-developpement-des-renouvelables_6219815_3232.html\" target=\"_blank\" rel=\"noreferrer noopener\">\u00ab La \u201ctransition \u00e9nerg\u00e9tique\u201d sera bien plus complexe qu\u2019un simple soutien au d\u00e9veloppement des renouvelables \u00bb<\/a> (Le Monde)<\/p>\n\n\n\n<p><a href=\"https:\/\/www.notre-planete.info\/actualites\/247-streaming-Internet-electricite-CO2?a=b1f9dfeb7e9eda553552f0b35f0db2b7&amp;l=731\">Streaming : quelles \u00e9missions de CO2 et consommation d&rsquo;\u00e9nergie ?<\/a> (Notre Plan\u00e8te Info)<\/p>\n\n\n\n<p><a href=\"https:\/\/lavamedia.be\/fr\/le-danger-du-gaz-de-schiste-des-usa-pour-le-climat-et-nos-factures\/\">France. <\/a><a href=\"https:\/\/lavamedia.be\/fr\/le-danger-du-gaz-de-schiste-des-usa-pour-le-climat-et-nos-factures\/\">Le danger du gaz de schiste des USA pour le climat et nos factures<\/a> (Lava M\u00e9dia)<\/p>\n\n\n\n<p><a href=\"https:\/\/france3-regions.francetvinfo.fr\/occitanie\/pyrenees-orientales\/perpignan\/secheresse-la-phase-2-du-plan-d-urgence-enclenchee-nouveau-tour-de-vis-en-catalogne-2936445.html\">S\u00e9cheresse. La phase 2 du plan d&rsquo;urgence enclench\u00e9e, nouveau tour de vis en Catalogne <\/a>(france3)<\/p>\n\n\n\n<p><a href=\"https:\/\/reporterre.net\/Mares-haies-fosses-Ils-accueillent-l-eau-pour-contrer-les-inondations?utm_source=newsletter&amp;utm_medium=email&amp;utm_campaign=nl_quotidienne\">France. Mares, haies, foss\u00e9s&#8230; Face aux inondations, ils tentent de guider l\u2019eau<\/a> (Reporterre)<\/p>\n\n\n\n<p><strong><mark style=\"background-color:rgba(0, 0, 0, 0);color:#ed1010\" class=\"has-inline-color\">11 mars<\/mark><\/strong><\/p>\n\n\n\n<p><a href=\"https:\/\/www.politis.fr\/articles\/2024\/03\/stephane-passeron-ces-jo-2030-alpes-ne-sont-ni-souhaitables-ni-tenables\/\">\u00ab Ces JO 2030 ne sont ni souhaitables ni tenables \u00bb<\/a> (Politis)<\/p>\n\n\n\n<p><strong><a href=\"https:\/\/basta.media\/2023-annee-la-plus-chaude-jamais-enregistree-j-ai-recu-cette-annonce-comme-un-uppercut-changement-climatique\">2023, ann\u00e9e la plus chaude jamais enregistr\u00e9e&nbsp;: \u00ab&nbsp;J\u2019ai re\u00e7u cette annonce comme un uppercut&nbsp;\u00bb<\/a> <\/strong>(Basta!)<\/p>\n\n\n\n<p><a href=\"https:\/\/www.huffingtonpost.fr\/environnement\/video\/aux-etats-unis-une-maree-noire-reperee-sur-les-cotes-de-los-angeles-son-origine-encore-inexpliquee_230982.html\">\u00c9tats-Unis, une mar\u00e9e noire rep\u00e9r\u00e9e sur les c\u00f4tes de Los Angeles, son origine encore inexpliqu\u00e9e<\/a>&nbsp;(huffingtonpost.fr)<\/p>\n\n\n\n<p><a href=\"https:\/\/www.boursorama.com\/actualite-economique\/actualites\/greta-thunberg-et-des-militants-pour-le-climat-bloquent-le-parlement-suedois-3c2b3d602739d6af84ac842e87b8cfca\">Greta Thunberg et des militants pour le climat bloquent le Parlement su\u00e9dois<\/a> (Reuters)<\/p>\n\n\n\n<p><strong><a href=\"https:\/\/www.off-investigation.fr\/Sainte%20Soline&nbsp;:%20Autopsie%20d\u2019un%20carnage\">Sainte Soline&nbsp;: Autopsie d\u2019un carnage<\/a> <\/strong>(Off Investigation et Reporterre)<\/p>\n\n\n\n<p><a href=\"https:\/\/www.mediapart.fr\/journal\/ecologie\/090324\/climat-70-pays-s-engagent-transformer-leur-maniere-de-construire\">Climat : 70 pays s\u2019engagent \u00e0 transformer leur mani\u00e8re de construire<\/a> (M\u00e9diapart)<\/p>\n\n\n\n<p><strong><mark style=\"background-color:rgba(0, 0, 0, 0);color:#ed1010\" class=\"has-inline-color\">9 mars<\/mark><\/strong><\/p>\n\n\n\n<p><a href=\"https:\/\/lanticapitaliste.org\/actualite\/ecologie\/repression-des-mobilisations-environnementales-un-requisitoire-de-lonu\">R\u00e9pression des mobilisations environnementales\u2009: un r\u00e9quisitoire de l\u2019ONU<\/a> (L&rsquo;Anticapitaliste)<a href=\"https:\/\/www.francetvinfo.fr\/monde\/environnement\/biodiversite\/agriculture-une-etude-demontre-l-efficacite-des-predateurs-naturels-comme-alternative-aux-pesticides_6410422.html\"><\/a><\/p>\n\n\n\n<p><a href=\"https:\/\/www.francetvinfo.fr\/monde\/environnement\/biodiversite\/agriculture-une-etude-demontre-l-efficacite-des-predateurs-naturels-comme-alternative-aux-pesticides_6410422.html\">Des pr\u00e9dateurs naturels plut\u00f4t que des pesticides&nbsp;: une \u00e9tude d\u00e9montre l&rsquo;efficacit\u00e9 du \u00ab\u00a0biocontr\u00f4le\u00a0\u00bb contre les nuisibles dans l&rsquo;agriculture<\/a> (France Info)<\/p>\n\n\n\n<p><a href=\"https:\/\/vert.eco\/articles\/le-conseil-de-lunion-europeenne-acte-la-sortie-du-traite-sur-la-charte-de-lenergie\" target=\"_blank\" rel=\"noreferrer noopener\"><strong>Le Conseil de l\u2019UE acte la sortie du Trait\u00e9 sur la charte de l\u2019\u00e9nergie<\/strong><\/a>(vert.eco)<\/p>\n\n\n\n<p><a href=\"https:\/\/redirection.b2b.infopro-digital.com\/lnk\/AV0AADhAEeMAAcXFftgAAHnKuI0AAABZQUUAANzvAAwsSQBl6fuaxFdmt_4JQb2hLHItqKcMegAMCy8\/13\/4p73r6Kb3uXmzlyXwp3IMQ\/aHR0cDovL3d3dy51c2luZW5vdXZlbGxlLmNvbS9hcnRpY2xlL2xlcy1mb3JldHMtbmUtc3VmZmlyb250LXBhcy1hLWxhLW5ldXRyYWxpdGUtY2FyYm9uZS1lbi0yMDUwLWxhLWZyYW5jZS1kb2l0LWVsaW1pbmVyLWxlLWNvMi1kZS1sLWFpci1kZXMtbWFpbnRlbmFudC5OMjIwOTUxND91dG1fc291cmNlPW5ld3NsZXR0ZXImdXRtX21lZGl1bT1lbWFpbCZ1dG1fY2FtcGFpZ249aW5mb19sYS1xdW90aWRpZW5uZSZlbWFpbD0xOTM2MzYzNjgxJmlkYmRkPTU2NTU5\" target=\"_blank\" rel=\"noreferrer noopener\">Pas de neutralit\u00e9 carbone pour la France sans \u00e9limination du CO2 de l\u2019air<\/a> (Usine nouvelle)<\/p>\n\n\n\n<p><a href=\"https:\/\/reporterre.net\/Nucleaire-l-usine-de-recyclage-de-La-Hague-prolongee-jusqu-a-2100\" target=\"_blank\" rel=\"noreferrer noopener\">Nucl\u00e9aire&nbsp;: l&rsquo;usine de recyclage de La Hague prolong\u00e9e jusqu&rsquo;\u00e0 2100<\/a>&nbsp; (Reporterre)<\/p>\n\n\n\n<p><a href=\"https:\/\/reporterre.net\/Terroristes-chtarbes-les-promoteurs-de-l-A69-se-lachent-contre-les-opposants\" target=\"_blank\" rel=\"noreferrer noopener\">\u00ab&nbsp;Terroristes&nbsp;\u00bb, \u00ab&nbsp;chtarb\u00e9s&nbsp;\u00bb&nbsp;: les promoteurs de l&rsquo;A69 se l\u00e2chent contre les opposants<\/a>&nbsp;(Reporterre)<\/p>\n\n\n\n<figure class=\"wp-block-image size-full is-resized\"><img data-recalc-dims=\"1\" loading=\"lazy\" decoding=\"async\" width=\"884\" height=\"538\" src=\"https:\/\/i0.wp.com\/www.rdpemancipation.org\/wp-content\/uploads\/2024\/03\/image-5.png?resize=884%2C538&#038;ssl=1\" alt=\"\" class=\"wp-image-126525\" style=\"width:468px;height:auto\" srcset=\"https:\/\/i0.wp.com\/www.rdpemancipation.org\/wp-content\/uploads\/2024\/03\/image-5.png?w=884&amp;ssl=1 884w, https:\/\/i0.wp.com\/www.rdpemancipation.org\/wp-content\/uploads\/2024\/03\/image-5.png?resize=300%2C183&amp;ssl=1 300w, https:\/\/i0.wp.com\/www.rdpemancipation.org\/wp-content\/uploads\/2024\/03\/image-5.png?resize=768%2C467&amp;ssl=1 768w\" sizes=\"auto, (max-width: 884px) 100vw, 884px\" \/><\/figure>\n\n\n\n<p><strong><mark style=\"background-color:rgba(0, 0, 0, 0);color:#ed1010\" class=\"has-inline-color\">7 mars<\/mark><\/strong><\/p>\n\n\n\n<p><a href=\"https:\/\/www.euractiv.fr\/section\/agriculture-alimentation\/news\/de-plus-en-plus-de-pfas-se-retrouvent-dans-les-fruits-et-legumes-de-lue\/\">De plus en plus de PFAS se retrouvent dans les fruits et l\u00e9gumes de l\u2019UE<\/a>&nbsp;(Euractiv)<\/p>\n\n\n\n<p><a href=\"https:\/\/reporterre.net\/Notre-consommation-de-ressources-a-triple-en-50-ans\">Notre consommation de ressources a tripl\u00e9 en 50 ans<\/a> (Reporterre)<\/p>\n\n\n\n<p><a href=\"https:\/\/www.xerficanal.com\/economie\/emission\/Gilles-Rotillon-La-responsabilite-de-la-logique-capitaliste-dans-le-dereglement-climatique_3750140.html?utm_source=sendinblue&amp;utm_campaign=&amp;utm_medium=email\">La responsabilit\u00e9 de la logique capitaliste dans le d\u00e9r\u00e8glement climatique<\/a> (Xerfi Canal)<\/p>\n\n\n\n<p><a href=\"https:\/\/lareleveetlapeste.fr\/un-projet-de-ligne-tres-haute-tension-menace-de-detruire-des-dizaines-dhectares-de-la-foret-de-brotonne\/\">Un projet de ligne Tr\u00e8s Haute Tension menace de d\u00e9truire des dizaines d\u2019hectares de la for\u00eat de Brotonne<\/a> (La rel\u00e8ve et la peste)<\/p>\n\n\n\n<p><a href=\"https:\/\/reporterre.net\/L-ocean-Arctique-pourrait-etre-depourvu-de-glace-l-ete-des-2035\">En Arctique, des \u00e9t\u00e9s sans glace d\u00e8s 2035, selon une \u00e9tude<\/a> (Reporterre)<\/p>\n\n\n\n<p><a href=\"https:\/\/znetwork.org\/fr\/znetarticle\/l%E2%80%99acc%C3%A9l%C3%A9ration-de-la-chaleur-des-oc%C3%A9ans-bat-tous-les-records-de-temps\/\">L\u2019acc\u00e9l\u00e9ration de la chaleur des oc\u00e9ans bat des records de tous les temps<\/a> (Z Network)<\/p>\n\n\n\n<figure class=\"wp-block-image size-full is-resized\"><img data-recalc-dims=\"1\" loading=\"lazy\" decoding=\"async\" width=\"791\" height=\"434\" src=\"https:\/\/i0.wp.com\/www.rdpemancipation.org\/wp-content\/uploads\/2024\/03\/image-3.png?resize=791%2C434&#038;ssl=1\" alt=\"\" class=\"wp-image-126447\" style=\"width:484px;height:auto\" srcset=\"https:\/\/i0.wp.com\/www.rdpemancipation.org\/wp-content\/uploads\/2024\/03\/image-3.png?w=791&amp;ssl=1 791w, https:\/\/i0.wp.com\/www.rdpemancipation.org\/wp-content\/uploads\/2024\/03\/image-3.png?resize=300%2C165&amp;ssl=1 300w, https:\/\/i0.wp.com\/www.rdpemancipation.org\/wp-content\/uploads\/2024\/03\/image-3.png?resize=768%2C421&amp;ssl=1 768w\" sizes=\"auto, (max-width: 791px) 100vw, 791px\" \/><\/figure>\n\n\n\n<p><strong><mark style=\"background-color:rgba(0, 0, 0, 0);color:#ed1010\" class=\"has-inline-color\">6 mars<\/mark><\/strong><\/p>\n\n\n\n<p><strong><a href=\"https:\/\/reporterre.net\/Surete-nucleaire-la-fusion-ASN-IRSN-rejetee-au-Parlement\">S\u00fbret\u00e9 nucl\u00e9aire&nbsp;: la fusion ASN-IRSN rejet\u00e9e au Parlement<\/a><\/strong>&nbsp;(Reporterre)<\/p>\n\n\n\n<p><a href=\"https:\/\/www.mediapart.fr\/journal\/fil-dactualites\/060324\/la-cedh-rejette-le-recours-des-opposants-au-projet-d-autoroute-a69\">La CEDH rejette le recours des opposants au projet d\u2019autoroute A69<\/a> (AFP)<\/p>\n\n\n\n<p><a href=\"https:\/\/www.politis.fr\/articles\/2024\/03\/justice-les-ecureuils-de-la69-relaxes\/\" target=\"_blank\" rel=\"noreferrer noopener\">Justice : les \u00e9cureuils de l\u2019A69 relax\u00e9s !<\/a>&nbsp;(Politis)<\/p>\n\n\n\n<p><a href=\"https:\/\/reporterre.net\/Total-en-justice-doit-il-payer-pour-ses-degats-ecologiques\" target=\"_blank\" rel=\"noreferrer noopener\">Total en justice&nbsp;: doit-il payer pour ses d\u00e9g\u00e2ts \u00e9cologiques&nbsp;?<\/a>&nbsp;(Reporterre)<\/p>\n\n\n\n<p><a href=\"https:\/\/reporterre.net\/L-avis-de-l-Anses-sur-les-nouveaux-OGM-embarrasse-le-gouvernement\">L\u2019avis de l\u2019Anses sur les \u00ab&nbsp;nouveaux OGM&nbsp;\u00bb embarrasse le gouvernement<\/a>&nbsp;(Reporterre)<\/p>\n\n\n\n<p><strong><a href=\"https:\/\/lvsl.fr\/importations-de-gaz-de-schiste-en-europe-nouvelle-dependance-letale-pour-le-climat\/?utm_source=sendinblue&amp;utm_campaign=Newsletter_Derniers_Articles&amp;utm_medium=email\">Importations de gaz de schiste en Europe&nbsp;: nouvelle d\u00e9pendance l\u00e9thale pour le climat<\/a><\/strong> (LVSL)<\/p>\n\n\n\n<p><strong><mark style=\"background-color:rgba(0, 0, 0, 0);color:#ed1010\" class=\"has-inline-color\">5 mars<\/mark><\/strong><\/p>\n\n\n\n<p><a href=\"https:\/\/www.blast-info.fr\/articles\/2024\/la-catastrophe-environnementale-lautre-menace-pour-gaza-YIvhNtfWR6SZPOgDFO6BDw\" target=\"_blank\" rel=\"noreferrer noopener\">La catastrophe environnementale, l&rsquo;autre menace pour <strong>Gaza<\/strong><\/a>&nbsp;(Blast)<\/p>\n\n\n\n<p><a href=\"https:\/\/www.politis.fr\/articles\/2024\/03\/polluants-eternels-pfas-perfluores-au-sud-de-lyon-le-scandale-sanitaire-arkema\/\" target=\"_blank\" rel=\"noreferrer noopener\">\u00ab Polluants \u00e9ternels \u00bb : au sud de Lyon, le \u00ab scandale sanitaire \u00bb Arkema<\/a>&nbsp;(Politis)<\/p>\n\n\n\n<p><a href=\"https:\/\/9tcmw.r.sp1-brevo.net\/mk\/cl\/f\/sh\/1t6Af4OiGsHn13dq0ZCZ4BCCrroQRZ\/ncbSOEQjFJIg\" target=\"_blank\" rel=\"noreferrer noopener\"><strong>\u00ab&nbsp;On peut r\u00e9concilier agriculture et biodiversit\u00e9, en am\u00e9liorant le revenu des agriculteurs&nbsp;\u00bb<\/strong><\/a> (Basta!)<\/p>\n\n\n\n<p><a href=\"https:\/\/www.rfi.fr\/fr\/environnement\/20240303-r%C3%A9chauffement-climatique-le-lac-l%C3%A9man-se-r%C3%A9chauffe-4-%C3%A0-5-fois-plus-vite-que-les-oc%C3%A9ans\">R\u00e9chauffement climatique : le lac L\u00e9man se r\u00e9chauffe 4 \u00e0 5 fois plus vite que les oc\u00e9ans<\/a> (RFI)<\/p>\n\n\n\n<p><a href=\"https:\/\/www.hrw.org\/fr\/news\/2024\/02\/29\/les-victimes-des-credits-carbone-au-cambodge\"><strong>Les victimes des cr\u00e9dits carbone au Cambodge<\/strong><\/a> (HRW)<\/p>\n\n\n\n<p><a href=\"https:\/\/www.off-investigation.fr\/autoroute-a-69la-contestation-prend-un-virage-international\/\" target=\"_blank\" rel=\"noreferrer noopener\">Autoroute \u00ab A 69 \u00bb. La contestation prend un virage international<\/a>&nbsp;(Off Investigation)<\/p>\n\n\n\n<p><a href=\"https:\/\/reporterre.net\/Zad-contre-l-A69-recit-de-15-jours-de-siege-policier\" target=\"_blank\" rel=\"noreferrer noopener\">Zad contre l&rsquo;A69&nbsp;: r\u00e9cit de 15 jours de si\u00e8ge policier<\/a>&nbsp;(Reporterre)<\/p>\n\n\n\n<p><a href=\"https:\/\/lvsl.fr\/la-consommation-ethique-ne-changera-pas-le-monde\/\" target=\"_blank\" rel=\"noreferrer noopener\">La \u00ab consommation \u00e9thique \u00bb ne changera pas le monde<\/a>&nbsp;(Le Vent Se L\u00e8ve)<\/p>\n\n\n\n<p><a href=\"https:\/\/www.ldh-france.org\/nouvelle-escalade-repressive-a-lencontre-de-militants-ecologistes-dans-le-tarn\/\" target=\"_blank\" rel=\"noreferrer noopener\"><strong>Nouvelle escalade r\u00e9pressive \u00e0 l\u2019encontre de militants \u00e9cologistes dans le Tarn<\/strong><\/a>&nbsp;(LDH)<\/p>\n\n\n\n<p><strong><mark style=\"background-color:rgba(0, 0, 0, 0);color:#ed1010\" class=\"has-inline-color\">4 mars<\/mark><\/strong><\/p>\n\n\n\n<p><a href=\"https:\/\/disclose.ngo\/fr\/article\/en-nouvelle-zelande-ikea-accapare-des-terres-et-menace-les-ecosystemes-indigenes\">En Nouvelle-Z\u00e9lande, Ikea accapare des terres et menace les \u00e9cosyst\u00e8mes indig\u00e8nes<\/a> (Disclose)<\/p>\n\n\n\n<p><a href=\"https:\/\/lareleveetlapeste.fr\/la-contamination-des-fruits-et-legumes-aux-pesticides-a-triple-en-10-ans\/\">La contamination des fruits et l\u00e9gumes aux pesticides a tripl\u00e9 en 10 ans<\/a> (La rel\u00e8ve et la peste)<\/p>\n\n\n\n<p><a href=\"https:\/\/theconversation.com\/les-polluants-eternels-du-fart-des-skis-se-repandent-sur-les-pentes-enneigees-224575?utm_medium=email&amp;utm_campaign=La%20lettre%20de%20The%20Conversation%20France%20du%201%20mars%202024%20-%202893729380&amp;utm_content=La%20lettre%20de%20The%20Conversation%20France%20du%201%20mars%202024%20-%202893729380+CID_019c2217207e6531829820ad4d76d3ad&amp;utm_source=campaign_monitor_fr&amp;utm_term=Les%20%20polluants%20ternels%20%20du%20fart%20des%20skis%20se%20rpandent%20sur%20les%20pentes%20enneiges\">Les \u00ab&nbsp;polluants \u00e9ternels&nbsp;\u00bb du fart des skis se r\u00e9pandent sur les pentes&nbsp;enneig\u00e9es<\/a> (The Conversation)<\/p>\n\n\n\n<p><a href=\"https:\/\/reporterre.net\/Pourquoi-les-femmes-sont-plus-exposees-aux-polluants\">Les femmes, premi\u00e8res victimes de l\u2019exposition aux polluants<\/a> (Reporterre)<\/p>\n\n\n\n<p><a href=\"https:\/\/www.francetvinfo.fr\/monde\/environnement\/crise-climatique\/pollution-air\/le-volume-de-dechets-dans-le-monde-ne-cesse-de-croitre-de-maniere-exponentielle-alerte-l-onu_6393628.html#xtor=RSS-3-%5Bmonde%5D\">Le volume de d\u00e9chets dans le monde ne cesse de cro\u00eetre de mani\u00e8re exponentielle, alerte <\/a><a href=\"https:\/\/www.francetvinfo.fr\/monde\/environnement\/crise-climatique\/pollution-air\/le-volume-de-dechets-dans-le-monde-ne-cesse-de-croitre-de-maniere-exponentielle-alerte-l-onu_6393628.html#xtor=RSS-3-%5Bmonde%5D\">l&rsquo;ONU<\/a> (francetvinfo)<\/p>\n\n\n\n<p><strong><mark style=\"background-color:rgba(0, 0, 0, 0);color:#ed1010\" class=\"has-inline-color\">1er mars<\/mark><\/strong><\/p>\n\n\n\n<p><a href=\"https:\/\/reporterre.net\/Energie-des-emissions-mondiales-de-CO2-record-en-2023\">\u00c9nergie&nbsp;: des \u00e9missions mondiales de&nbsp;CO2&nbsp;record en 2023<\/a>(Reporterre)<\/p>\n\n\n\n<p><a href=\"https:\/\/reporterre.net\/Chlordecone-les-deputes-reconnaissent-la-responsabilite-de-l-Etat\" target=\"_blank\" rel=\"noreferrer noopener\">Chlord\u00e9cone&nbsp;: les d\u00e9put\u00e9s reconnaissent la responsabilit\u00e9 de l&rsquo;\u00c9tat<\/a>&nbsp;(Reporterre)<\/p>\n\n\n\n<p><strong><a href=\"https:\/\/www.natura-sciences.com\/agir\/deforestation-une-decennie-dengagements-insuffisants-des-entreprises.html\" target=\"_blank\" rel=\"noreferrer noopener\">D\u00e9forestation : une d\u00e9cennie d\u2019engagements insuffisants des entreprises<\/a><\/strong>&nbsp;(Natura Sciences)<\/p>\n\n\n\n<p><a href=\"https:\/\/reporterre.net\/L-hiver-2023-2024-le-3e-plus-chaud-en-France\" target=\"_blank\" rel=\"noreferrer noopener\">L&rsquo;hiver 2023-2024, le 3e plus chaud en France<\/a>&nbsp;(Reporterre)<\/p>\n\n\n\n<p><a href=\"https:\/\/www.alternatives-economiques.fr\/une-fiscalite-soja-protege-ecosystemes-naturels\/00109413\" target=\"_blank\" rel=\"noreferrer noopener\">Pour une fiscalit\u00e9 sur le soja qui prot\u00e8ge les \u00e9cosyst\u00e8mes naturels<\/a>&nbsp;(Alter \u00e9co)<\/p>\n\n\n\n<p><a href=\"https:\/\/www.humanite.fr\/environnement\/climat\/la-repression-des-defenseurs-de-lenvironnement-est-une-menace-majeure-pour-la-democratie-alerte-lonu\" target=\"_blank\" rel=\"noreferrer noopener\">La r\u00e9pression des d\u00e9fenseurs de l\u2019environnement est une \u00abmenace majeure pour la d\u00e9mocratie\u00bb, alerte l\u2019ONU<\/a> (L\u2019Humanit\u00e9)<\/p>\n\n\n\n<p><\/p>\n","protected":false},"excerpt":{"rendered":"<p>29 mars Les soul\u00e8vements de la terre, de saisons en saisons vers un renversement pour une seconde commune (PEPS) 28 mars Les \u00e9missions de gaz \u00e0 effet de serre au Royaume-Uni ont baiss\u00e9 de 5,4% en 2023 (AFP) Transition \u00e9nerg\u00e9tique : un \u00e9chec selon le patron de Saudi Aramco qui appelle \u00e0 \u2018laisser de c\u00f4t\u00e9 &#8230; <a title=\"Mars &#8211; \u00c9cologie\" class=\"read-more\" href=\"https:\/\/www.rdpemancipation.org\/?p=126183\" aria-label=\"En savoir plus sur Mars &#8211; \u00c9cologie\">Lire la suite<\/a><\/p>\n","protected":false},"author":1,"featured_media":0,"comment_status":"closed","ping_status":"closed","sticky":false,"template":"","format":"standard","meta":{"_lmt_disableupdate":"","_lmt_disable":"","_jetpack_memberships_contains_paid_content":false,"footnotes":""},"categories":[9],"tags":[],"class_list":["post-126183","post","type-post","status-publish","format-standard","hentry","category-ecologie"],"modified_by":"rdpemancipation","jetpack_featured_media_url":"","jetpack_sharing_enabled":true,"_links":{"self":[{"href":"https:\/\/www.rdpemancipation.org\/index.php?rest_route=\/wp\/v2\/posts\/126183","targetHints":{"allow":["GET"]}}],"collection":[{"href":"https:\/\/www.rdpemancipation.org\/index.php?rest_route=\/wp\/v2\/posts"}],"about":[{"href":"https:\/\/www.rdpemancipation.org\/index.php?rest_route=\/wp\/v2\/types\/post"}],"author":[{"embeddable":true,"href":"https:\/\/www.rdpemancipation.org\/index.php?rest_route=\/wp\/v2\/users\/1"}],"replies":[{"embeddable":true,"href":"https:\/\/www.rdpemancipation.org\/index.php?rest_route=%2Fwp%2Fv2%2Fcomments&post=126183"}],"version-history":[{"count":41,"href":"https:\/\/www.rdpemancipation.org\/index.php?rest_route=\/wp\/v2\/posts\/126183\/revisions"}],"predecessor-version":[{"id":127228,"href":"https:\/\/www.rdpemancipation.org\/index.php?rest_route=\/wp\/v2\/posts\/126183\/revisions\/127228"}],"wp:attachment":[{"href":"https:\/\/www.rdpemancipation.org\/index.php?rest_route=%2Fwp%2Fv2%2Fmedia&parent=126183"}],"wp:term":[{"taxonomy":"category","embeddable":true,"href":"https:\/\/www.rdpemancipation.org\/index.php?rest_route=%2Fwp%2Fv2%2Fcategories&post=126183"},{"taxonomy":"post_tag","embeddable":true,"href":"https:\/\/www.rdpemancipation.org\/index.php?rest_route=%2Fwp%2Fv2%2Ftags&post=126183"}],"curies":[{"name":"wp","href":"https:\/\/api.w.org\/{rel}","templated":true}]}}