{"id":126181,"date":"2024-03-01T01:15:00","date_gmt":"2024-03-01T00:15:00","guid":{"rendered":"https:\/\/www.rdpemancipation.org\/?p=126181"},"modified":"2024-03-23T19:33:34","modified_gmt":"2024-03-23T18:33:34","slug":"mars-feminisme-lgbt-4","status":"publish","type":"post","link":"https:\/\/www.rdpemancipation.org\/?p=126181","title":{"rendered":"Mars &#8211; F\u00e9minisme \/ LGBT+"},"content":{"rendered":"\n<p><strong><mark style=\"background-color:rgba(0, 0, 0, 0);color:#ed1010\" class=\"has-inline-color\">23 mars<\/mark><\/strong><\/p>\n\n\n\n<p><a href=\"https:\/\/www.causette.fr\/societe\/a-l-etranger\/gambie-un-nouveau-projet-de-loi-remet-en-cause-linterdiction-de-lexcision\/\" target=\"_blank\" rel=\"noreferrer noopener\">Gambie : un nouveau projet de loi remet en cause l\u2019interdiction de l\u2019excision<\/a>&nbsp;(Causette)<\/p>\n\n\n\n<p><a href=\"https:\/\/www.off-investigation.fr\/accouchement-des-siecles-de-violences-cachees\/\" target=\"_blank\" rel=\"noreferrer noopener\">Accouchement, des si\u00e8cles de violences cach\u00e9es<\/a>&nbsp;(Off Investigation)<\/p>\n\n\n\n<p><a href=\"https:\/\/link.newsletter.franceculture.fr\/m\/ml\/7429\/860964\/8-pYgWr7wjt6J-uOBM_HXG9C5lXTLJmivm821gAfcU8=\/NU1llR8Ys4XQGjU5Fri6JsDtWNb3ocl81Y41WTuOjcg=\/\" target=\"_blank\" rel=\"noreferrer noopener\">L\u2019anniversaire de Martine&nbsp;: que faire des st\u00e9r\u00e9otypes de genre&nbsp;?<\/a> (France Culture)<\/p>\n\n\n\n<p><a href=\"https:\/\/www.lemonde.fr\/livres\/article\/2024\/03\/17\/johanna-silva-que-francois-ruffin-se-soit-comporte-avec-moi-comme-il-l-a-fait-c-est-aussi-un-probleme-politique_6222515_3260.html\">Johanna Silva&nbsp;: \u00ab&nbsp;Que Fran\u00e7ois Ruffin se soit comport\u00e9 avec moi comme il l\u2019a fait, c\u2019est aussi un&nbsp;probl\u00e8me politique&nbsp;\u00bb<\/a> (Le Monde)<\/p>\n\n\n\n<p><a href=\"https:\/\/www.blast-info.fr\/articles\/2024\/etats-unis-livg-un-droit-fondamental-torpille-par-les-conservateurs-M60TZ-bLStaY1Qxe_0uzGQ\" target=\"_blank\" rel=\"noreferrer noopener\">\u00c9tats-Unis : l&rsquo;IVG, un droit fondamental torpill\u00e9 par les conservateurs<\/a>&nbsp;(Blast)<\/p>\n\n\n\n<p><strong><mark style=\"background-color:rgba(0, 0, 0, 0);color:#ed1010\" class=\"has-inline-color\">11 mars<\/mark><\/strong><\/p>\n\n\n\n<p><a href=\"https:\/\/www.youtube.com\/watch?v=7lYFVTbvpHg\" target=\"_blank\" rel=\"noreferrer noopener\">Pourquoi Macron n\u2019est pas f\u00e9ministe<\/a>&nbsp;(Blast)<\/p>\n\n\n\n<p><a href=\"https:\/\/www.politis.fr\/articles\/2024\/03\/8-mars-en-iran-face-a-la-terreur-des-mollahs-les-femmes-resistent\/\" target=\"_blank\" rel=\"noreferrer noopener\">En Iran, face \u00e0 la terreur des mollahs, les femmes r\u00e9sistent&nbsp;<\/a> (Politis)<\/p>\n\n\n\n<p><a href=\"https:\/\/humanglemedia.com\/femicide-in-kenya-is-social-media-enabling-perpetrators-to-target-women\/\">F\u00e9minicides au Kenya et r\u00e9seaux sociaux<\/a> (Human Angle)<\/p>\n\n\n\n<p><a href=\"https:\/\/www.theguardian.com\/global-development\/gallery\/2024\/mar\/04\/every-girl-in-iran-born-into-cage-exiled-kurdish-women-fighting-for-freedom-in-iraq\"><strong>Des femmes kurdes exil\u00e9es luttant pour la libert\u00e9 en Irak<\/strong><\/a>(The Guardian)<\/p>\n\n\n\n<p><a href=\"https:\/\/visualrebellion.org\/timeline\/myanmar-women-factory-workers\/\"><strong>Dans la vie des ouvri\u00e8res d\u2019usine du Myanmar<\/strong><\/a> (Visual Rebellion)<\/p>\n\n\n\n<p><a href=\"https:\/\/www.youtube.com\/watch?v=ZZ0RS8l0olM\" target=\"_blank\" rel=\"noreferrer noopener\">\u00ab La lutte des classes sans f\u00e9minisme est une impasse \u00bb<\/a>&nbsp;(Regards)<\/p>\n\n\n\n<p><a href=\"https:\/\/www.middleeasteye.net\/fr\/actu-et-enquetes\/egypte-huda-sharawi-icone-feministe-arabe-droits-femmes-histoire\">Huda Sharawi, l\u2019ic\u00f4ne f\u00e9ministe arabe \u00e0 visage d\u00e9couvert<\/a> (MEE)<\/p>\n\n\n\n<p><a href=\"https:\/\/www.lemonde.fr\/international\/article\/2024\/03\/08\/en-argentine-javier-milei-mobilise-contre-lui-les-mouvements-feministes-et-lgbt_6220917_3210.html\"><strong>En Argentine, Javier Milei mobilise contre lui les mouvements f\u00e9ministes et LGBT<\/strong><\/a> (Le Monde)<\/p>\n\n\n\n<p><a href=\"https:\/\/www.ldh-france.org\/journee-internationale-de-la-femme-2024-la-destruction-des-droits-fondamentaux-des-femmes-en-palestine\/\" target=\"_blank\" rel=\"noreferrer noopener\">La destruction des droits fondamentaux des femmes en Palestine<\/a>&nbsp;(LDH)<\/p>\n\n\n\n<p><strong><mark style=\"background-color:rgba(0, 0, 0, 0);color:#ed1010\" class=\"has-inline-color\">8 mars<\/mark><\/strong><\/p>\n\n\n\n<p><a href=\"https:\/\/www.politis.fr\/articles\/2024\/03\/melanie-vogel-8mars-il-ne-faut-pas-de-en-meme-temps-pour-legalite-femmes-hommes\/\" target=\"_blank\" rel=\"noreferrer noopener\"><strong>Il ne faut pas de &lsquo;en m\u00eame temps&rsquo; pour l\u2019\u00e9galit\u00e9 femmes-hommes<\/strong><\/a> (Politis)<\/p>\n\n\n\n<p><strong><a href=\"https:\/\/www.revue-ballast.fr\/suprematie-male-histoire-dun-concept\/\" target=\"_blank\" rel=\"noreferrer noopener\">Supr\u00e9matie m\u00e2le : histoire d\u2019un concept<\/a><\/strong>&nbsp;(Ballast)<\/p>\n\n\n\n<p><strong><a href=\"https:\/\/basta.media\/la-violence-masculine-est-une-affaire-de-femmes\" target=\"_blank\" rel=\"noreferrer noopener\">\u00ab La violence masculine est une affaire de femmes \u00bb<\/a><\/strong>&nbsp;(Basta!)<\/p>\n\n\n\n<p><a href=\"https:\/\/www.rue89lyon.fr\/2024\/03\/08\/plainte-enquetes-deux-ans-apres-difficiles-violences-sexistes-sexuelles\/\" target=\"_blank\" rel=\"noreferrer noopener\">\u00c0 l\u2019Universit\u00e9 Lyon 2, l\u2019attente douloureuse des victimes de violences sexistes et sexuelles<\/a>&nbsp;(Rue89Lyon)<\/p>\n\n\n\n<p><strong><a href=\"https:\/\/www.contretemps.eu\/8-mars-greve-feministe-pour-gaza\/\">8 mars : gr\u00e8ve f\u00e9ministe pour Gaza !<\/a>&nbsp;<\/strong>(Contretemps)<\/p>\n\n\n\n<p><strong><a href=\"https:\/\/www.blast-info.fr\/articles\/2024\/les-mascus-a-la-recherche-de-la-virilite-perdue-a_iCgbMfTyy2BfzWibCJsQ\" target=\"_blank\" rel=\"noreferrer noopener\">Les mascus \u00e0 la recherche de la virilit\u00e9 perdue<\/a>&nbsp;<\/strong>(Blast)<\/p>\n\n\n\n<p><a href=\"https:\/\/www.contretemps.eu\/feminisme-contestation-sociale-fanny-gallot\/\">Comment les f\u00e9minismes transforment la contestation sociale. Extrait du livre de Fanny Gallot<\/a> (Contretemps)<\/p>\n\n\n\n<p><a href=\"https:\/\/www.contretemps.eu\/ecofeminisme-socialisme-defaire-anthropocene\/\">L\u2019\u00e9cof\u00e9minisme socialiste et la lutte pour d\u00e9faire l\u2019Anthropoc\u00e8ne<\/a> (Contretemps)<\/p>\n\n\n\n<p><a href=\"https:\/\/www.lemonde.fr\/idees\/article\/2024\/03\/07\/egalite-professionnelle-femmes-hommes-la-soi-disant-performance-de-la-france-n-a-aucun-fondement-robuste_6220671_3232.html\">Egalit\u00e9 professionnelle femmes-hommes&nbsp;: \u00abLa soi-disant performance de la France n\u2019a aucun fondement robuste\u00bb<\/a> (Le Monde)<\/p>\n\n\n\n<p><a href=\"https:\/\/blogs.mediapart.fr\/elsa-sabado\/blog\/070324\/maternite-des-lilas-allez-les-filles\">Maternit\u00e9 des Lilas : allez, les filles&nbsp;!<\/a>&nbsp;(Blog de Elsa Sabado)<\/p>\n\n\n\n<p><strong><a href=\"https:\/\/blogs.mediapart.fr\/ruffin-francois\/blog\/070324\/les-femmes-de-prysmian\">Les femmes de Prysmian<\/a> <\/strong>(Blog de&nbsp;Ruffin Fran\u00e7ois)<\/p>\n\n\n\n<p><strong><mark style=\"background-color:rgba(0, 0, 0, 0);color:#ed1010\" class=\"has-inline-color\">6 mars<\/mark><\/strong><\/p>\n\n\n\n<p><a href=\"https:\/\/confpeps.org\/ledito-de-peps-le-8-mars-nous-les-femmes-on-sarrete\/\">Le 8 mars, nous les femmes on s&rsquo;arr\u00eate<\/a> (PEPS)<\/p>\n\n\n\n<p><a href=\"https:\/\/basta.media\/Droits-des-femmes-sans-les-groupes-non-mixtes-les-agricultrices-n-auraient-peut-etre-pas-de-statut\">\u00ab&nbsp;Si les agricultrices ont acquis des droits, c\u2019est parce qu\u2019elles se sont battues pour&nbsp;\u00bb<\/a>&nbsp;(Basta!)<\/p>\n\n\n\n<p><a href=\"https:\/\/www.inegalites.fr\/Dossier-d-actu-Les-inegalites-entre-femmes-et-hommes\"><strong>Dossier d\u2019actu | Les in\u00e9galit\u00e9s entre femmes et hommes<\/strong><\/a> (Observatoire des in\u00e9galit\u00e9s)<\/p>\n\n\n\n<p><a href=\"https:\/\/link.newsletter.franceculture.fr\/m\/ml\/7429\/858020\/EorOtGkBp-Ta4T1VDdq2C29C5lXTLJmivm821gAfcU8=\/IDaIKgguwoVlGDxFJpYv6maWpJnU-N3gyFI+jqUQghE=\/\" target=\"_blank\" rel=\"noreferrer noopener\">\u00c0 la recherche de Louise Lab\u00e9, po\u00e9tesse de l&rsquo;humanisme<\/a> (France Culture)<\/p>\n\n\n\n<p><a href=\"https:\/\/link.newsletter.franceculture.fr\/m\/ml\/7429\/858020\/EorOtGkBp-Ta4T1VDdq2C29C5lXTLJmivm821gAfcU8=\/IDaIKgguwoVlGDxFJpYv6jbFbBJGcPK0X9Ip01cuxY8=\/\" target=\"_blank\" rel=\"noreferrer noopener\">\u00c9thologie&nbsp;: d\u00e9livrez-nous du m\u00e2le<\/a> (France Culture)<\/p>\n\n\n\n<p><strong><mark style=\"background-color:rgba(0, 0, 0, 0);color:#ed1010\" class=\"has-inline-color\">5 mars<\/mark><\/strong><\/p>\n\n\n\n<p><strong><a href=\"https:\/\/www.alternatives-economiques.fr\/melanie-vogel-mouvements-anti-ivg-ont-definitivement-perdu-batail\/00109934?utm_source=emailing&amp;utm_medium=email&amp;utm_content=04032024&amp;utm_campaign=quotidien\" target=\"_blank\" rel=\"noreferrer noopener\">\u00ab&nbsp;Les mouvements anti-IVG ont d\u00e9finitivement perdu la bataille en France&nbsp;\u00bb<\/a>&nbsp;<\/strong>(Alter \u00e9co)<\/p>\n\n\n\n<p><a href=\"https:\/\/www.politis.fr\/articles\/2024\/03\/homophobie-ne-pas-se-contenter-dune-reconnaissance-symbolique-des-persecutions-detat\/\" target=\"_blank\" rel=\"noreferrer noopener\">Homophobie : \u00ab Ne pas se contenter d\u2019une reconnaissance symbolique des pers\u00e9cutions d\u2019\u00c9tat \u00bb<\/a>&nbsp;(Politis)<\/p>\n\n\n\n<p><a href=\"https:\/\/www.lesnouvellesnews.fr\/pourquoi-les-femmes-gagnent-encore-235-de-moins-que-les-hommes\/\" target=\"_blank\" rel=\"noreferrer noopener\">Pourquoi les femmes gagnent encore 23,5% de moins que les hommes<\/a>&nbsp;(Les Nouvelles News)<\/p>\n\n\n\n<p><strong><a href=\"https:\/\/9tcmw.r.sp1-brevo.net\/mk\/cl\/f\/sh\/1t6Af4OiGsEag4ErG4X6uMlPB6xGT7\/ZdWXOKQ2IOv-\" target=\"_blank\" rel=\"noreferrer noopener\">Plus invisibles que les paysans&nbsp;: les paysannes<\/a><\/strong> <a>(Basta!)<\/a><\/p>\n\n\n\n<p><a href=\"https:\/\/www.causette.fr\/culture\/canal-diffuse-ce-mardi-vivantes-documentaire-coup-de-poing-sur-les-violences-conjugales\/\" target=\"_blank\" rel=\"noreferrer noopener\">Canal+ diffuse ce mardi \u201cVivante(s)\u201d, documentaire \u201ccoup de poing\u201d sur les violences conjugales<\/a>&nbsp;(Causette)<\/p>\n\n\n\n<p><a href=\"https:\/\/lundi.am\/Greve-de-la-masculinite-a-l-approche-du-8-Mars\" target=\"_blank\" rel=\"noreferrer noopener\">Gr\u00e8ve de la masculinit\u00e9 \u00e0 l\u2019approche du 8&nbsp;Mars<\/a> (Lundimatin)<\/p>\n\n\n\n<p><a href=\"https:\/\/www.rfi.fr\/fr\/afrique\/20240303-une-guerre-juridique-homophobe-en-afrique-de-nombreux-pays-durcissent-encore-leur-l%C3%A9gislation-anti-lgbt\">\u00abUne guerre juridique homophobe\u00bb : en Afrique, de nombreux pays durcissent encore leur l\u00e9gislation<\/a><a> <\/a>(RFI)<\/p>\n\n\n\n<p><a href=\"https:\/\/histoirecoloniale.net\/heva-legendaire-femme-marronne-de-la-reunion\/\" target=\"_blank\" rel=\"noreferrer noopener\">H\u00e9va, l\u00e9gendaire femme marronne \u2028de la R\u00e9union<\/a> (Histoire coloniale)<\/p>\n\n\n\n<p><a href=\"https:\/\/blogs.mediapart.fr\/julietteraynaud\/blog\/020324\/les-femmes-ou-les-oublis-de-lhistoire-episode-43-marie-catherine-daulnoy\">Les femmes ou les \u00ab&nbsp;oublis&nbsp;\u00bb de l&rsquo;Histoire &#8211; \u00e9pisode 43 : Marie-Catherine d&rsquo;Aulnoy<\/a> (Blog de&nbsp;juliette.raynaud)<\/p>\n\n\n\n<p><strong><mark style=\"background-color:rgba(0, 0, 0, 0);color:#ed1010\" class=\"has-inline-color\">1er mars<\/mark><\/strong><\/p>\n\n\n\n<p><a href=\"https:\/\/link.newsletter.franceculture.fr\/m\/ml\/7429\/856852\/fFTweYkeodwscTVVqF_-sm9C5lXTLJmivm821gAfcU8=\/hgiwp2ykIwJog9HDwSXO+AaEDZjaXGVMEi6Zc4pi4Zg=\/\" target=\"_blank\" rel=\"noreferrer noopener\"><strong>Que va changer l&rsquo;inscription de l&rsquo;IVG dans la Constitution&nbsp;?<\/strong><\/a> (France Culture)<\/p>\n\n\n\n<p><a href=\"https:\/\/www.mediapart.fr\/journal\/international\/270224\/droit-l-avortement-les-marocaines-risquent-leur-vie-les-politiques-tergiversent\">Droit \u00e0 l\u2019avortement&nbsp;: les Marocaines risquent leur vie, les politiques tergiversent<\/a> (M\u00e9diapart)<\/p>\n\n\n\n<p><strong><a href=\"https:\/\/rapportsdeforce.fr\/linternationale\/lactu-des-oublie-e-s-en-italie-les-feministes-fers-de-lance-de-la-resistance-a-meloni-022920594\" target=\"_blank\" rel=\"noreferrer noopener\">L\u2019Actu des Oubli\u00e9.e.s : en Italie, les f\u00e9ministes fers de lance de la r\u00e9sistance \u00e0 Meloni<\/a>&nbsp;<\/strong>(Rapports de Force)<\/p>\n\n\n\n<figure class=\"wp-block-image size-full\"><img data-recalc-dims=\"1\" loading=\"lazy\" decoding=\"async\" width=\"489\" height=\"257\" src=\"https:\/\/i0.wp.com\/www.rdpemancipation.org\/wp-content\/uploads\/2024\/03\/image.png?resize=489%2C257&#038;ssl=1\" alt=\"\" class=\"wp-image-126239\" srcset=\"https:\/\/i0.wp.com\/www.rdpemancipation.org\/wp-content\/uploads\/2024\/03\/image.png?w=489&amp;ssl=1 489w, https:\/\/i0.wp.com\/www.rdpemancipation.org\/wp-content\/uploads\/2024\/03\/image.png?resize=300%2C158&amp;ssl=1 300w\" sizes=\"auto, (max-width: 489px) 100vw, 489px\" \/><\/figure>\n","protected":false},"excerpt":{"rendered":"<p>23 mars Gambie : un nouveau projet de loi remet en cause l\u2019interdiction de l\u2019excision&nbsp;(Causette) Accouchement, des si\u00e8cles de violences cach\u00e9es&nbsp;(Off Investigation) L\u2019anniversaire de Martine&nbsp;: que faire des st\u00e9r\u00e9otypes de genre&nbsp;? (France Culture) Johanna Silva&nbsp;: \u00ab&nbsp;Que Fran\u00e7ois Ruffin se soit comport\u00e9 avec moi comme il l\u2019a fait, c\u2019est aussi un&nbsp;probl\u00e8me politique&nbsp;\u00bb (Le Monde) \u00c9tats-Unis : &#8230; <a title=\"Mars &#8211; F\u00e9minisme \/ LGBT+\" class=\"read-more\" href=\"https:\/\/www.rdpemancipation.org\/?p=126181\" aria-label=\"En savoir plus sur Mars &#8211; F\u00e9minisme \/ LGBT+\">Lire la suite<\/a><\/p>\n","protected":false},"author":1,"featured_media":0,"comment_status":"closed","ping_status":"closed","sticky":false,"template":"","format":"standard","meta":{"_lmt_disableupdate":"","_lmt_disable":"","_jetpack_memberships_contains_paid_content":false,"footnotes":""},"categories":[12],"tags":[],"class_list":["post-126181","post","type-post","status-publish","format-standard","hentry","category-feminisme"],"modified_by":"nch","jetpack_featured_media_url":"","jetpack_sharing_enabled":true,"_links":{"self":[{"href":"https:\/\/www.rdpemancipation.org\/index.php?rest_route=\/wp\/v2\/posts\/126181","targetHints":{"allow":["GET"]}}],"collection":[{"href":"https:\/\/www.rdpemancipation.org\/index.php?rest_route=\/wp\/v2\/posts"}],"about":[{"href":"https:\/\/www.rdpemancipation.org\/index.php?rest_route=\/wp\/v2\/types\/post"}],"author":[{"embeddable":true,"href":"https:\/\/www.rdpemancipation.org\/index.php?rest_route=\/wp\/v2\/users\/1"}],"replies":[{"embeddable":true,"href":"https:\/\/www.rdpemancipation.org\/index.php?rest_route=%2Fwp%2Fv2%2Fcomments&post=126181"}],"version-history":[{"count":11,"href":"https:\/\/www.rdpemancipation.org\/index.php?rest_route=\/wp\/v2\/posts\/126181\/revisions"}],"predecessor-version":[{"id":127024,"href":"https:\/\/www.rdpemancipation.org\/index.php?rest_route=\/wp\/v2\/posts\/126181\/revisions\/127024"}],"wp:attachment":[{"href":"https:\/\/www.rdpemancipation.org\/index.php?rest_route=%2Fwp%2Fv2%2Fmedia&parent=126181"}],"wp:term":[{"taxonomy":"category","embeddable":true,"href":"https:\/\/www.rdpemancipation.org\/index.php?rest_route=%2Fwp%2Fv2%2Fcategories&post=126181"},{"taxonomy":"post_tag","embeddable":true,"href":"https:\/\/www.rdpemancipation.org\/index.php?rest_route=%2Fwp%2Fv2%2Ftags&post=126181"}],"curies":[{"name":"wp","href":"https:\/\/api.w.org\/{rel}","templated":true}]}}