{"id":126179,"date":"2024-03-01T01:10:00","date_gmt":"2024-03-01T00:10:00","guid":{"rendered":"https:\/\/www.rdpemancipation.org\/?p=126179"},"modified":"2024-03-29T10:22:07","modified_gmt":"2024-03-29T09:22:07","slug":"mars-antiracisme-migrations-2","status":"publish","type":"post","link":"https:\/\/www.rdpemancipation.org\/?p=126179","title":{"rendered":"Mars &#8211; Antiracisme\/Migrations"},"content":{"rendered":"\n<p><strong><mark style=\"background-color:rgba(0, 0, 0, 0);color:#ed1010\" class=\"has-inline-color\">28 mars<\/mark><\/strong><\/p>\n\n\n\n<p><a href=\"https:\/\/www.streetpress.com\/sujet\/1711544338-matthieu-cavalie-financier-ombre-extreme-droite-dieudonne-chatillon-gud\" target=\"_blank\" rel=\"noreferrer noopener\">Matthieu Cavali\u00e9, financier de l\u2019ombre de l\u2019extr\u00eame droite<\/a>\u00a0(StreetPress)<\/p>\n\n\n\n<p><a href=\"https:\/\/www.equaltimes.org\/immigration-en-europe-la-france-a\" target=\"_blank\" rel=\"noreferrer noopener\">Immigration en Europe : la France \u00e0 la manoeuvre pour autoriser la r\u00e9tention des enfants d\u00e8s le plus jeune \u00e2ge<\/a>\u00a0(Equal Times)<\/p>\n\n\n\n<p><a href=\"https:\/\/mrmondialisation.org\/consequences-liberticides-loi-separatisme\/\">Les cons\u00e9quences liberticides de la \u00ab loi s\u00e9paratisme \u00bb<\/a>&nbsp;(Mr mondialisation)<\/p>\n\n\n\n<p><a href=\"https:\/\/www.monde-diplomatique.fr\/cartes\/immigres-indicateurs\" target=\"_blank\" rel=\"noreferrer noopener\">Revenus, mixit\u00e9, discriminations\u2026 destins d&rsquo;immigr\u00e9s<\/a>&nbsp;(Le Monde diplomatique)<\/p>\n\n\n\n<p><a href=\"https:\/\/www.francetvinfo.fr\/monde\/europe\/naufrage-a-lampedusa\/naufrages-de-migrants-on-est-a-plus-de-23-000-morts-sur-la-mediterranee-centrale-depuis-2014-et-tout-cela-passe-inapercu-regrette-sos-mediterranee_6448696.html\">Naufrages : \u2018On est \u00e0 plus de 23&nbsp;000 morts sur la M\u00e9diterran\u00e9e centrale depuis 2014 et tout cela passe inaper\u00e7u\u2019, regrette&nbsp;SOS M\u00e9diterran\u00e9e<\/a> (France Info)<\/p>\n\n\n\n<p><a href=\"https:\/\/www.hrw.org\/fr\/news\/2024\/03\/21\/canada-les-10-provinces-mettent-fin-la-detention-des-personnes-migrantes-en-prison\" target=\"_blank\" rel=\"noreferrer noopener\"><strong>Canada<\/strong> : Les 10 provinces mettent fin \u00e0 la d\u00e9tention des personnes migrantes en prison<\/a>\u00a0 (Human Rights Watch)<\/p>\n\n\n\n<p><a href=\"https:\/\/www.latribune.fr\/economie\/international\/penurie-de-main-d-oeuvre-en-israel-le-patronat-est-generalement-favorable-au-retour-des-travailleurs-palestiniens-993339.html\"><\/a><a href=\"https:\/\/www.latribune.fr\/economie\/international\/penurie-de-main-d-oeuvre-en-israel-le-patronat-est-generalement-favorable-au-retour-des-travailleurs-palestiniens-993339.html\">P\u00e9nurie de main-d&rsquo;oeuvre en <strong>Isra\u00ebl <\/strong>: le patronat est \u00ab g\u00e9n\u00e9ralement favorable \u00bb au retour des travailleurs palestiniens<\/a> (La Tribune)<\/p>\n\n\n\n<p><a href=\"https:\/\/www.rfi.fr\/fr\/afrique\/20240322-une-fosse-commune-avec-au-moins-65-corps-de-migrants-d%C3%A9couverte-en-libye\">Une \u00abfosse commune\u00bb avec au moins 65 corps de migrants d\u00e9couverte en <strong>Libye<\/strong><\/a> (RFI)<\/p>\n\n\n\n<p><strong><mark style=\"background-color:rgba(0, 0, 0, 0);color:#ed1010\" class=\"has-inline-color\">21 mars<\/mark><\/strong><\/p>\n\n\n\n<figure class=\"wp-block-image size-full is-resized\"><img data-recalc-dims=\"1\" loading=\"lazy\" decoding=\"async\" width=\"451\" height=\"361\" src=\"https:\/\/i0.wp.com\/www.rdpemancipation.org\/wp-content\/uploads\/2024\/03\/image-20.png?resize=451%2C361&#038;ssl=1\" alt=\"\" class=\"wp-image-126902\" style=\"width:380px;height:auto\" srcset=\"https:\/\/i0.wp.com\/www.rdpemancipation.org\/wp-content\/uploads\/2024\/03\/image-20.png?w=451&amp;ssl=1 451w, https:\/\/i0.wp.com\/www.rdpemancipation.org\/wp-content\/uploads\/2024\/03\/image-20.png?resize=300%2C240&amp;ssl=1 300w\" sizes=\"auto, (max-width: 451px) 100vw, 451px\" \/><\/figure>\n\n\n\n<p><a href=\"https:\/\/www.politis.fr\/articles\/2024\/03\/lunion-europeenne-offre-200-millions-deuros-a-legypte-pour-retenir-les-migrants\/\" target=\"_blank\" rel=\"noreferrer noopener\"><strong>L\u2019UE offre 200 millions \u20ac \u00e0 l\u2019\u00c9gypte pour retenir les migrants<\/strong><\/a>&nbsp;(Politis)<\/p>\n\n\n\n<p><a href=\"https:\/\/lundi.am\/Petite-histoire-de-la-race\" target=\"_blank\" rel=\"noreferrer noopener\">Petite histoire de la race<\/a> (lundimatin)<\/p>\n\n\n\n<p><a href=\"https:\/\/link.newsletter.franceculture.fr\/m\/ml\/7429\/859781\/L2AhBk_gRBsuO4HFp34S5m9C5lXTLJmivm821gAfcU8=\/TQIiFrVNj7ehlw7yYbAn4c2UZpbaDThTagR2rfqsekY=\/\" target=\"_blank\" rel=\"noreferrer noopener\">60 migrants meurent de faim et de soif en M\u00e9diterran\u00e9e, leurs appels \u00e0 l&rsquo;aide ont \u00e9t\u00e9 ignor\u00e9s selon les ONG<\/a> (France Culture)<\/p>\n\n\n\n<p><a href=\"https:\/\/www.lesnouvellesnews.fr\/laffaire-aya-nakamura-aux-jo-illustre-la-fabrique-de-la-haine\/\" target=\"_blank\" rel=\"noreferrer noopener\">L\u2019affaire Aya Nakamura aux JO illustre la fabrique de la haine<\/a>&nbsp;(Les Nouvelles News)<\/p>\n\n\n\n<p><a href=\"https:\/\/reporterre.net\/Padre-Beniamino-l-ange-gardien-des-migrants-exploites\" target=\"_blank\" rel=\"noreferrer noopener\">Exploit\u00e9s, viol\u00e9es&#8230; En Sicile, un pr\u00eatre d\u00e9fend migrantes et migrants<\/a>&nbsp;(Reporterre)<\/p>\n\n\n\n<p><a href=\"https:\/\/afriquexxi.us20.list-manage.com\/track\/click?u=f9f8627cbcbbdcb07c28f3cdf&amp;id=ba7d4790a8&amp;e=58ff83d693\" target=\"_blank\" rel=\"noreferrer noopener\">En Calabre, les poings li\u00e9s mais la t\u00eate haute des travailleurs africains<\/a> (Afrique XXI)<\/p>\n\n\n\n<p><strong><mark style=\"background-color:rgba(0, 0, 0, 0);color:#ed1010\" class=\"has-inline-color\">11 mars<\/mark><\/strong><\/p>\n\n\n\n<p><a href=\"https:\/\/www.alternatives-economiques.fr\/claire-rodier\/frontex-une-arme-de-guerre-contre-migrants\/00109936\" target=\"_blank\" rel=\"noreferrer noopener\">Frontex, une arme de guerre contre les migrants<\/a>&nbsp;(Alter \u00e9co)<\/p>\n\n\n\n<p><a href=\"https:\/\/www.bondyblog.fr\/societe\/greve-des-agents-de-lofpra-on-fait-de-notre-mieux-mais-cest-tout-un-systeme-qui-secroule\/\" target=\"_blank\" rel=\"noreferrer noopener\">Gr\u00e8ve des agents de l\u2019Ofpra : \u00ab On fait de notre mieux, mais c\u2019est tout un syst\u00e8me qui s\u2019\u00e9croule \u00bb<\/a>&nbsp;(Le Bondy Blog)<\/p>\n\n\n\n<p><a href=\"https:\/\/www.mediapart.fr\/journal\/politique\/070324\/lutte-contre-le-racisme-l-assemblee-la-seance-la-plus-dingue-de-la-mandature\" target=\"_blank\" rel=\"noreferrer noopener\">Lutte contre le racisme : \u00e0 l\u2019Assembl\u00e9e, la s\u00e9ance \u00abla plus dingue\u00bb de la mandature<\/a>&nbsp;(M\u00e9diapart)<\/p>\n\n\n\n<p><a href=\"https:\/\/blogs.mediapart.fr\/association-gisti\/blog\/060324\/racisme-quand-la-question-fait-l-opinion\">Racisme : quand la question fait l\u2019opinion<\/a> &nbsp;(GISTI)<\/p>\n\n\n\n<p><strong><mark style=\"background-color:rgba(0, 0, 0, 0);color:#ed1010\" class=\"has-inline-color\">5 mars<\/mark><\/strong><\/p>\n\n\n\n<p><a href=\"https:\/\/t.nl.france3.fr\/r\/?id=h1e68a35e,6c8f5724,5fdfd6fb&amp;p1=726375-1613287517-668363dc\">Un m\u00e9decin cubain qui r\u00eave de travailler dans l\u2019Yonne menac\u00e9 d\u2019expulsion<\/a>&nbsp;(France 3)<\/p>\n\n\n\n<p><a href=\"https:\/\/www.mediapart.fr\/journal\/fil-dactualites\/050324\/hausse-alarmante-des-deces-de-migrants-dans-la-manche-selon-une-association\"><strong>Hausse alarmante des d\u00e9c\u00e8s de migrants dans la Manche<\/strong><\/a> (AFP)<\/p>\n\n\n\n<p><a href=\"https:\/\/www.mediapart.fr\/journal\/international\/050324\/strasbourg-l-europe-intensifie-discretement-le-fichage-des-migrants\" target=\"_blank\" rel=\"noreferrer noopener\">\u00c0 Strasbourg, l\u2019Europe intensifie discr\u00e8tement le fichage des migrants<\/a>&nbsp;(Rue89 Strasbourg)<\/p>\n\n\n\n<p><a href=\"https:\/\/blogs.mediapart.fr\/tsedek\/blog\/040324\/le-7-octobre-un-massacre-antisemite\"><strong>Le 7 octobre : un massacre antis\u00e9mite ?<\/strong><\/a> (Tsedek!)<\/p>\n\n\n\n<p><a href=\"https:\/\/lundi.am\/Le-Travail-migrant-l-autre-delocalisation\" target=\"_blank\" rel=\"noreferrer noopener\">Le Travail migrant, l\u2019autre d\u00e9localisation<\/a> (Lundimatin)<\/p>\n\n\n\n<p><a href=\"https:\/\/adherez.attac.org\/civicrm\/mailing\/url?u=27999&amp;qid=27398285\" target=\"_blank\" rel=\"noreferrer noopener\"><strong>Pour un autre regard sur les migrations<\/strong><\/a> (Les Possibles)<\/p>\n\n\n\n<p><a href=\"https:\/\/adherez.attac.org\/civicrm\/mailing\/url?u=28000&amp;qid=27398285\" target=\"_blank\" rel=\"noreferrer noopener\">Un livre de Marie-Claire Caloz-Tschopp,&nbsp;Frontex, le spectre des disparu\u00b7e\u00b7s<\/a> (Les Possibles)<\/p>\n\n\n\n<p><a href=\"https:\/\/www.blast-info.fr\/emissions\/2024\/fin-du-droit-du-sol-a-mayotte-un-danger-qui-menace-tous-nos-principes-z-JsTyiBRduXtGQ3znpXww\" target=\"_blank\" rel=\"noreferrer noopener\">Fin du droit du sol \u00e0 Mayotte : un danger qui menace tous nos principes<\/a>&nbsp;(Blast)<\/p>\n\n\n\n<p><a href=\"https:\/\/www.lemediatv.fr\/emissions\/2024\/racisme-detat-pourquoi-il-faut-regarder-la-realite-en-face-olivier-le-cour-grandmaison-julien-thery-c_ues-ppQ-q8oIOuSzpYVA\" target=\"_blank\" rel=\"noreferrer noopener\"><strong>Racisme d&rsquo;Etat : pourquoi il faut regarder la r\u00e9alit\u00e9 en face | Olivier Le Cour Grandmaison<\/strong><\/a> (Le M\u00e9dia)<\/p>\n\n\n\n<p><a href=\"https:\/\/www.equaltimes.org\/photoreportage-parcours-d-anciens\" target=\"_blank\" rel=\"noreferrer noopener\">Parcours d&rsquo;anciens migrants de retour au S\u00e9n\u00e9gal<\/a>&nbsp;(Equal Times)<\/p>\n\n\n\n<p><strong><mark style=\"background-color:rgba(0, 0, 0, 0);color:#ed1010\" class=\"has-inline-color\">1er mars<\/mark><\/strong><\/p>\n\n\n\n<p><a href=\"https:\/\/www.equaltimes.org\/photoreportage-parcours-d-anciens\" target=\"_blank\" rel=\"noreferrer noopener\">Parcours d&rsquo;anciens migrants de retour au S\u00e9n\u00e9gal<\/a>&nbsp;(Equal Times)<\/p>\n\n\n\n<p><\/p>\n","protected":false},"excerpt":{"rendered":"<p>28 mars Matthieu Cavali\u00e9, financier de l\u2019ombre de l\u2019extr\u00eame droite\u00a0(StreetPress) Immigration en Europe : la France \u00e0 la manoeuvre pour autoriser la r\u00e9tention des enfants d\u00e8s le plus jeune \u00e2ge\u00a0(Equal Times) Les cons\u00e9quences liberticides de la \u00ab loi s\u00e9paratisme \u00bb&nbsp;(Mr mondialisation) Revenus, mixit\u00e9, discriminations\u2026 destins d&rsquo;immigr\u00e9s&nbsp;(Le Monde diplomatique) Naufrages : \u2018On est \u00e0 plus de &#8230; <a title=\"Mars &#8211; Antiracisme\/Migrations\" class=\"read-more\" href=\"https:\/\/www.rdpemancipation.org\/?p=126179\" aria-label=\"En savoir plus sur Mars &#8211; Antiracisme\/Migrations\">Lire la suite<\/a><\/p>\n","protected":false},"author":1,"featured_media":0,"comment_status":"closed","ping_status":"closed","sticky":false,"template":"","format":"standard","meta":{"_lmt_disableupdate":"","_lmt_disable":"","_jetpack_memberships_contains_paid_content":false,"footnotes":""},"categories":[13,27],"tags":[],"class_list":["post-126179","post","type-post","status-publish","format-standard","hentry","category-antiracisme","category-migrations"],"modified_by":"nch","jetpack_featured_media_url":"","jetpack_sharing_enabled":true,"_links":{"self":[{"href":"https:\/\/www.rdpemancipation.org\/index.php?rest_route=\/wp\/v2\/posts\/126179","targetHints":{"allow":["GET"]}}],"collection":[{"href":"https:\/\/www.rdpemancipation.org\/index.php?rest_route=\/wp\/v2\/posts"}],"about":[{"href":"https:\/\/www.rdpemancipation.org\/index.php?rest_route=\/wp\/v2\/types\/post"}],"author":[{"embeddable":true,"href":"https:\/\/www.rdpemancipation.org\/index.php?rest_route=\/wp\/v2\/users\/1"}],"replies":[{"embeddable":true,"href":"https:\/\/www.rdpemancipation.org\/index.php?rest_route=%2Fwp%2Fv2%2Fcomments&post=126179"}],"version-history":[{"count":7,"href":"https:\/\/www.rdpemancipation.org\/index.php?rest_route=\/wp\/v2\/posts\/126179\/revisions"}],"predecessor-version":[{"id":127224,"href":"https:\/\/www.rdpemancipation.org\/index.php?rest_route=\/wp\/v2\/posts\/126179\/revisions\/127224"}],"wp:attachment":[{"href":"https:\/\/www.rdpemancipation.org\/index.php?rest_route=%2Fwp%2Fv2%2Fmedia&parent=126179"}],"wp:term":[{"taxonomy":"category","embeddable":true,"href":"https:\/\/www.rdpemancipation.org\/index.php?rest_route=%2Fwp%2Fv2%2Fcategories&post=126179"},{"taxonomy":"post_tag","embeddable":true,"href":"https:\/\/www.rdpemancipation.org\/index.php?rest_route=%2Fwp%2Fv2%2Ftags&post=126179"}],"curies":[{"name":"wp","href":"https:\/\/api.w.org\/{rel}","templated":true}]}}