{"id":126171,"date":"2024-03-01T00:46:00","date_gmt":"2024-02-29T23:46:00","guid":{"rendered":"https:\/\/www.rdpemancipation.org\/?p=126171"},"modified":"2024-03-30T08:59:37","modified_gmt":"2024-03-30T07:59:37","slug":"mars-cultures-3","status":"publish","type":"post","link":"https:\/\/www.rdpemancipation.org\/?p=126171","title":{"rendered":"Mars &#8211; Cultures"},"content":{"rendered":"\n<p class=\"has-text-color has-link-color wp-elements-afa99921d814f5e0899f3083464f2aea\" style=\"color:#af0000\"><strong>30 mars<\/strong><\/p>\n\n\n\n<p><a href=\"https:\/\/link.newsletter.franceculture.fr\/m\/ml\/7429\/862540\/59-VUxFDVkkR7RDeqyIUfG9C5lXTLJmivm821gAfcU8=\/G35C5M789QuvnDB4HWzPPGel-xcSGz++i6SIp+BLXbM=\/\" target=\"_blank\" rel=\"noreferrer noopener\">Canguilhem, ou les malades avant la maladie<\/a> (France Culture).<\/p>\n\n\n\n<p><a href=\"https:\/\/www.nonfiction.fr\/article-11992-plongee-dans-les-coulisses-dun-empire-en-guerre.htm\">Plong\u00e9e dans les coulisses d\u2019un empire en guerre<\/a> (Nonfiction).<\/p>\n\n\n\n<p><a href=\"https:\/\/www.contretemps.eu\/capitalisme-terre-communs-emancipation-agriculture\/\" title=\"\">Le capitalisme, la terre, les communs<\/a> (Contretemps).<\/p>\n\n\n\n<p><a href=\"https:\/\/www.lemonde.fr\/livres\/article\/2024\/03\/30\/l-homme-qui-vivait-sous-terre-un-richard-wright-pour-notre-temps_6225053_3260.html\" title=\"\">Un Richard Wright pour notre temps<\/a> (Le Monde).<\/p>\n\n\n\n<div class=\"wp-block-columns is-layout-flex wp-container-core-columns-is-layout-9d6595d7 wp-block-columns-is-layout-flex\">\n<div class=\"wp-block-column is-layout-flow wp-block-column-is-layout-flow\" style=\"flex-basis:100%\"><div class=\"wp-block-image\">\n<figure class=\"alignleft size-full is-resized\"><img data-recalc-dims=\"1\" loading=\"lazy\" decoding=\"async\" width=\"700\" height=\"565\" src=\"https:\/\/i0.wp.com\/www.rdpemancipation.org\/wp-content\/uploads\/2024\/03\/148da86_1711467043153-bridgeman-2002078.jpg?resize=700%2C565&#038;ssl=1\" alt=\"\" class=\"wp-image-127250\" style=\"width:291px;height:auto\" srcset=\"https:\/\/i0.wp.com\/www.rdpemancipation.org\/wp-content\/uploads\/2024\/03\/148da86_1711467043153-bridgeman-2002078.jpg?w=700&amp;ssl=1 700w, https:\/\/i0.wp.com\/www.rdpemancipation.org\/wp-content\/uploads\/2024\/03\/148da86_1711467043153-bridgeman-2002078.jpg?resize=300%2C242&amp;ssl=1 300w\" sizes=\"auto, (max-width: 700px) 100vw, 700px\" \/><figcaption class=\"wp-element-caption\"><sup>L\u2019\u00e9crivain am\u00e9ricain Richard Wright, en 1945. BRIDGEMAN IMAGES<\/sup><\/figcaption><\/figure>\n<\/div><\/div>\n<\/div>\n\n\n\n<p class=\"has-text-color has-link-color wp-elements-bc2965d7dfda58af05d87b8f304e3e7d\" style=\"color:#bd0000\"><strong>29 mars<\/strong><\/p>\n\n\n\n<p><a href=\"https:\/\/lepoing.net\/enfin-un-film-politique-qui-refile-une-peche-denfer\/\">Enfin un film politique qui refile une p\u00eache d\u2019enfer<\/a><strong> <\/strong>(Le Poing).<\/p>\n\n\n\n<p><a href=\"https:\/\/link.newsletter.radiofrance.fr\/m\/ml\/7429\/862252\/DYi-ooCaY54P0Mg-mO0Jnm9C5lXTLJmivm821gAfcU8=\/SzVBt4TKA1r+B1Ep3WvH4JiaQ57+mIGoMcKlpwo8u9s=\/\" title=\"\">Le Bol\u00e9ro, comment \u00e7a marche ?<\/a> (France Musique).<\/p>\n\n\n\n<p><a href=\"https:\/\/www.telerama.fr\/plateformes\/sur-canal-les-nouveaux-films-a-ne-pas-rater-en-mars-2024-7019856.php\" title=\"\">Sur Canal+, les nouveaux films<\/a> (T\u00e9l\u00e9rama).<\/p>\n\n\n\n<p>\u00ab&nbsp;<a href=\"https:\/\/www.lemonde.fr\/idees\/article\/2024\/03\/29\/les-films-sur-l-ecole-montrent-des-enseignants-au-c-ur-d-un-desastre-est-ce-exagere-pas-sur_6224798_3232.html\" title=\"\">Les films sur l\u2019\u00e9cole montrent des enseignants au c\u0153ur d\u2019un d\u00e9sastre.<\/a>&nbsp;\u00bb (Le Monde).<\/p>\n\n\n\n<p><a href=\"https:\/\/www.en-attendant-nadeau.fr\/2024\/03\/29\/les-perspectives-walter-benjamin\/\">Les perspectives Benjamin<\/a> (En attendant Nadeau).<\/p>\n\n\n\n<div class=\"wp-block-columns is-layout-flex wp-container-core-columns-is-layout-9d6595d7 wp-block-columns-is-layout-flex\">\n<div class=\"wp-block-column is-layout-flow wp-block-column-is-layout-flow\" style=\"flex-basis:100%\"><div class=\"wp-block-image\">\n<figure class=\"alignleft size-large is-resized\"><img data-recalc-dims=\"1\" loading=\"lazy\" decoding=\"async\" width=\"1024\" height=\"650\" src=\"https:\/\/i0.wp.com\/www.rdpemancipation.org\/wp-content\/uploads\/2024\/03\/BenjaminBnF.webp?resize=1024%2C650&#038;ssl=1\" alt=\"\" class=\"wp-image-127201\" style=\"width:291px;height:auto\" srcset=\"https:\/\/i0.wp.com\/www.rdpemancipation.org\/wp-content\/uploads\/2024\/03\/BenjaminBnF.webp?resize=1024%2C650&amp;ssl=1 1024w, https:\/\/i0.wp.com\/www.rdpemancipation.org\/wp-content\/uploads\/2024\/03\/BenjaminBnF.webp?resize=300%2C190&amp;ssl=1 300w, https:\/\/i0.wp.com\/www.rdpemancipation.org\/wp-content\/uploads\/2024\/03\/BenjaminBnF.webp?resize=768%2C487&amp;ssl=1 768w, https:\/\/i0.wp.com\/www.rdpemancipation.org\/wp-content\/uploads\/2024\/03\/BenjaminBnF.webp?w=1280&amp;ssl=1 1280w\" sizes=\"auto, (max-width: 1024px) 100vw, 1024px\" \/><figcaption class=\"wp-element-caption\"><sup>Carte de lecteur (1940) de Walter Benjamin pour la Biblioth\u00e8que nationale \u00a9 CC0\/WikiCommons<\/sup><\/figcaption><\/figure>\n<\/div><\/div>\n<\/div>\n\n\n\n<p class=\"has-text-color has-link-color wp-elements-4f9598c5223f7b414171ff3289601663\" style=\"color:#a90000\"><strong>28 mars<\/strong><\/p>\n\n\n\n<p><a href=\"https:\/\/public-api.wordpress.com\/bar\/?stat=groovemails-events&amp;bin=wpcom_email_click&amp;redirect_to=https%3A%2F%2Fentreleslignesentrelesmots.wordpress.com%2F2024%2F03%2F27%2Fabcdaire-necessairement-partiel-41%2F&amp;sr=0&amp;signature=6b74230f5909400ab7e64de11c236d0d&amp;blog_id=12785448&amp;user=0ff88261f2c135c936be37d66e379a6f&amp;_e=eyJlcnJvciI6bnVsbCwiYmxvZ19pZCI6MTI3ODU0NDgsImJsb2dfbGFuZyI6ImZyLUZSIiwic2l0ZV9pZF9sYWJlbCI6IndwY29tIiwiaGFzX2ZlYXR1cmVkX2ltYWdlIjoiMCIsInN1YnNjcmliZXJfaWQiOiIzMDM5NzQ3NTMiLCJfdWkiOiIwZmY4ODI2MWYyYzEzNWM5MzZiZTM3ZDY2ZTM3OWE2ZiIsIl91dCI6ImFub24iLCJlbWFpbF9kb21haW4iOiJ5YWhvby5jb20iLCJwb3N0X2lkIjo4MDI1NCwidXNlcl9lbWFpbCI6ImNwcmV2b3N0OTFAeWFob28uY29tIiwiZGF0ZV9zZW50IjoiMjAyNC0wMy0yNyIsImVtYWlsX2lkIjoiODYwMTc5NzBlODJjNjhmM2U2MzI1ZTU1NTY1M2YxZTYiLCJlbWFpbF9uYW1lIjoibmV3LXBvc3QiLCJ0ZW1wbGF0ZSI6Im5ldy1wb3N0IiwibGlua19kZXNjIjoicG9zdC11cmwiLCJhbmNob3JfdGV4dCI6IkFCQ0RhaXJlIG5cdTAwZTljZXNzYWlyZW1lbnQgcGFydGllbFx1MDBhMCg0MSkiLCJfZHIiOm51bGwsIl9kbCI6Ilwvd3AtY3Jvbi5waHA\/ZG9pbmdfd3BfY3Jvbj0xNzExNTU3MDQyLjc3NTI5OTA3MjI2NTYyNTAwMDAwMDAiLCJfZW4iOiJ3cGNvbV9lbWFpbF9jbGljayIsIl90cyI6MTcxMTU1NzEyMzE2MiwiYnJvd3Nlcl90eXBlIjoicGhwLWFnZW50IiwiX2F1YSI6IndwY29tLXRyYWNrcy1jbGllbnQtdjAuMyIsIl91bCI6bnVsbCwiYmxvZ190eiI6IjAiLCJ1c2VyX2xhbmciOm51bGx9&amp;_z=z\" target=\"_blank\" rel=\"noreferrer noopener\">ABCDaire n\u00e9cessairement partiel&nbsp;<\/a>(Entre les lignes entre les mots).<\/p>\n\n\n\n<p><a href=\"https:\/\/www.nonfiction.fr\/article-11991-voyage-vers-le-passe-les-premiers-mythes-de-lhumanite.htm\">Les premiers mythes de l\u2019humanit\u00e9<\/a> (Nonfiction).<\/p>\n\n\n\n<p><a href=\"https:\/\/www.fabula.org\/actualites\/118457\/marquez.html\">La po\u00e9tique de Garc\u00eda M\u00e1rquez<\/a> (Fabula).<\/p>\n\n\n\n<p><a href=\"https:\/\/www.en-attendant-nadeau.fr\/2024\/03\/28\/vie-de-mavel\/\" title=\"\">Vie de Mavel<\/a> (En attendant Nadeau).<\/p>\n\n\n\n<div class=\"wp-block-columns is-layout-flex wp-container-core-columns-is-layout-9d6595d7 wp-block-columns-is-layout-flex\">\n<div class=\"wp-block-column is-layout-flow wp-block-column-is-layout-flow\" style=\"flex-basis:100%\"><div class=\"wp-block-image\">\n<figure class=\"alignleft size-full is-resized\"><img data-recalc-dims=\"1\" loading=\"lazy\" decoding=\"async\" width=\"491\" height=\"428\" src=\"https:\/\/i0.wp.com\/www.rdpemancipation.org\/wp-content\/uploads\/2024\/03\/Emmanuel_Chabrier.webp?resize=491%2C428&#038;ssl=1\" alt=\"\" class=\"wp-image-127165\" style=\"width:294px;height:auto\" srcset=\"https:\/\/i0.wp.com\/www.rdpemancipation.org\/wp-content\/uploads\/2024\/03\/Emmanuel_Chabrier.webp?w=491&amp;ssl=1 491w, https:\/\/i0.wp.com\/www.rdpemancipation.org\/wp-content\/uploads\/2024\/03\/Emmanuel_Chabrier.webp?resize=300%2C262&amp;ssl=1 300w\" sizes=\"auto, (max-width: 491px) 100vw, 491px\" \/><figcaption class=\"wp-element-caption\"><sup>Emmanuel Chabrier (1841-1894) \u00a9 CC0\/WikiCommons<\/sup><\/figcaption><\/figure>\n<\/div><\/div>\n<\/div>\n\n\n\n<p class=\"has-text-color has-link-color wp-elements-fef90836e93b1640aa52ccafaac8ed95\" style=\"color:#b00000\"><strong>27 mars<\/strong><\/p>\n\n\n\n<p><a href=\"https:\/\/www.en-attendant-nadeau.fr\/2024\/03\/26\/la-fabrique-des-sans-papiers-nejma-brahim\/\" title=\"\">La fabrique des sans-papiers<\/a> (En attendant Nadeau).<\/p>\n\n\n\n<p><a href=\"https:\/\/www.contretemps.eu\/enigme-profit-entretien-darmangeat\/\" title=\"\">\u00ab L\u2019\u00c9nigme du profit \u00bb. Entretien avec Christophe Darmangeat<\/a> (Contretemps).<\/p>\n\n\n\n<p><a href=\"https:\/\/www.lemonde.fr\/culture\/article\/2024\/03\/26\/dans-a-voix-nue-sur-france-culture-laure-adler-se-confie-au-micro-de-caroline-broue_6224309_3246.html\" title=\"\">Sur France Culture, Laure Adler<\/a> (Le Monde).<\/p>\n\n\n\n<p><a href=\"https:\/\/www.telerama.fr\/cinema\/les-sorties-cinema-de-la-semaine-los-delincuentes-kung-fu-panda-4-apolonia-apolonia-7019842.php\" title=\"\">Les sorties cin\u00e9ma de la semaine<\/a> (T\u00e9l\u00e9rama).<\/p>\n\n\n\n<p><a href=\"https:\/\/link.newsletter.franceculture.fr\/m\/ml\/7429\/861941\/14CjLaFEyIzDozCkEyTWQW9C5lXTLJmivm821gAfcU8=\/iz4ztE6hWcoPLEflVMTtl7mNyy3iBOvePY6k1ISSSZs=\/\" target=\"_blank\" rel=\"noreferrer noopener\">Le Havre, 1872. Comme une impression de soleil levant<\/a> (France Culture).<\/p>\n\n\n\n<div class=\"wp-block-columns is-layout-flex wp-container-core-columns-is-layout-9d6595d7 wp-block-columns-is-layout-flex\">\n<div class=\"wp-block-column is-layout-flow wp-block-column-is-layout-flow\" style=\"flex-basis:100%\"><div class=\"wp-block-image\">\n<figure class=\"alignleft size-full is-resized\"><img data-recalc-dims=\"1\" loading=\"lazy\" decoding=\"async\" width=\"560\" height=\"315\" src=\"https:\/\/i0.wp.com\/www.rdpemancipation.org\/wp-content\/uploads\/2024\/03\/560x315_sc_mardi-gettyimages-494580227.webp?resize=560%2C315&#038;ssl=1\" alt=\"\" class=\"wp-image-127131\" style=\"width:289px;height:auto\" srcset=\"https:\/\/i0.wp.com\/www.rdpemancipation.org\/wp-content\/uploads\/2024\/03\/560x315_sc_mardi-gettyimages-494580227.webp?w=560&amp;ssl=1 560w, https:\/\/i0.wp.com\/www.rdpemancipation.org\/wp-content\/uploads\/2024\/03\/560x315_sc_mardi-gettyimages-494580227.webp?resize=300%2C169&amp;ssl=1 300w\" sizes=\"auto, (max-width: 560px) 100vw, 560px\" \/><figcaption class=\"wp-element-caption\"><sup>\u00ab\u00a0Impression, soleil levant\u00a0\u00bb, tableau de Claude Monet, 1872, peinture \u00e0 l&rsquo;huile sur toile, 50 x 65 cm, Paris, mus\u00e9e Marmottan Monet. \u00a9Getty &#8211; PHAS\/Universal Images Group via Getty Images<\/sup><\/figcaption><\/figure>\n<\/div><\/div>\n<\/div>\n\n\n\n<p class=\"has-text-color has-link-color wp-elements-34d622a5f897426e7480c1e5869c8de6\" style=\"color:#b30000\"><strong>26 mars<\/strong><\/p>\n\n\n\n<p><a href=\"https:\/\/www.nonfiction.fr\/article-11987-les-embrouilles-de-cites-entretien-avec-marwan-mohammed.htm\" title=\"\">Les embrouilles de cit\u00e9s : entretien avec Marwan Mohammed<\/a> (Nonfiction).<\/p>\n\n\n\n<p><a href=\"https:\/\/www.blast-info.fr\/articles\/2024\/juste-avant-la-nuit-de-claude-chabrol-le-charme-carnassier-et-toujours-aussi-discret-de-la-bourgeoisie-d3tcWSYASHGMkzvaiOtoYQ\" title=\"\">\u00ab&nbsp;Juste avant la nuit&nbsp;\u00bb : le charme carnassier de la bourgeoisie<\/a> (Blast).<\/p>\n\n\n\n<p><a href=\"https:\/\/www.revue-ballast.fr\/un-an-apres-raconter-sainte-soline\/\" title=\"\">Un an apr\u00e8s, raconter Sainte-Soline<\/a> (Ballast).<\/p>\n\n\n\n<p><a href=\"https:\/\/www.fabula.org\/actualites\/119219\/le-silence-de-la-mer-16-03.html\">Le silence de la mer<\/a> (Fabula).<\/p>\n\n\n\n<p><a href=\"https:\/\/link.newsletter.franceculture.fr\/m\/ml\/7429\/861725\/yFpNQ2-S54xLSClF_Fr3tG9C5lXTLJmivm821gAfcU8=\/LA-vY9vZuADeqDs+weyTwGKjkZayg-PNY8IUmNKlMok=\/\" target=\"_blank\" rel=\"noreferrer noopener\">\u201cLa Route\u201d de Manu Larcenet, l&rsquo;adaptation parfaite de Cormac McCarthy<\/a> (France Culture).<\/p>\n\n\n\n<div class=\"wp-block-columns is-layout-flex wp-container-core-columns-is-layout-9d6595d7 wp-block-columns-is-layout-flex\">\n<div class=\"wp-block-column is-layout-flow wp-block-column-is-layout-flow\" style=\"flex-basis:100%\"><div class=\"wp-block-image\">\n<figure class=\"alignleft size-full is-resized\"><img data-recalc-dims=\"1\" loading=\"lazy\" decoding=\"async\" width=\"560\" height=\"315\" src=\"https:\/\/i0.wp.com\/www.rdpemancipation.org\/wp-content\/uploads\/2024\/03\/560x315_sc_la-route.webp?resize=560%2C315&#038;ssl=1\" alt=\"\" class=\"wp-image-127094\" style=\"width:290px;height:auto\" srcset=\"https:\/\/i0.wp.com\/www.rdpemancipation.org\/wp-content\/uploads\/2024\/03\/560x315_sc_la-route.webp?w=560&amp;ssl=1 560w, https:\/\/i0.wp.com\/www.rdpemancipation.org\/wp-content\/uploads\/2024\/03\/560x315_sc_la-route.webp?resize=300%2C169&amp;ssl=1 300w\" sizes=\"auto, (max-width: 560px) 100vw, 560px\" \/><figcaption class=\"wp-element-caption\"><sup>\u00ab\u00a0La Route\u00a0\u00bb de Manu Larcenet, d&rsquo;apr\u00e8s l&rsquo;\u0153uvre de Cormac McCarthy &#8211; \u00a9\u00c9dition Dargaud 2024<\/sup><\/figcaption><\/figure>\n<\/div><\/div>\n<\/div>\n\n\n\n<p class=\"has-text-color has-link-color wp-elements-fe0cb19da622c9333c45849626055c01\" style=\"color:#af0000\"><strong>25 mars<\/strong><\/p>\n\n\n\n<p><a href=\"https:\/\/www.telerama.fr\/cinema\/printemps-du-cinema-2024-quels-films-voir-pour-5-euros-la-seance-1651-7014730.php\" title=\"\">Printemps du cin\u00e9ma quels films voir&nbsp;?<\/a> (T\u00e9l\u00e9rama).<\/p>\n\n\n\n<p><a href=\"https:\/\/public-api.wordpress.com\/bar\/?stat=groovemails-events&amp;bin=wpcom_email_click&amp;redirect_to=https%3A%2F%2Fentreleslignesentrelesmots.wordpress.com%2F2024%2F03%2F24%2Fbig-7%2F&amp;sr=0&amp;signature=f6237071b768387e4fa77056cbe83cfa&amp;blog_id=12785448&amp;user=0ff88261f2c135c936be37d66e379a6f&amp;_e=eyJlcnJvciI6bnVsbCwiYmxvZ19pZCI6MTI3ODU0NDgsImJsb2dfbGFuZyI6ImZyLUZSIiwic2l0ZV9pZF9sYWJlbCI6IndwY29tIiwiaGFzX2ZlYXR1cmVkX2ltYWdlIjoiMCIsInN1YnNjcmliZXJfaWQiOiIzMDM5NzQ3NTMiLCJfdWkiOiIwZmY4ODI2MWYyYzEzNWM5MzZiZTM3ZDY2ZTM3OWE2ZiIsIl91dCI6ImFub24iLCJlbWFpbF9kb21haW4iOiJ5YWhvby5jb20iLCJwb3N0X2lkIjo3OTc1OCwidXNlcl9lbWFpbCI6ImNwcmV2b3N0OTFAeWFob28uY29tIiwiZGF0ZV9zZW50IjoiMjAyNC0wMy0yNCIsImVtYWlsX2lkIjoiMzcxODMzY2JmYjdhYjgxMDEwODA3MDkzN2Q5ZWMyNWQiLCJlbWFpbF9uYW1lIjoibmV3LXBvc3QiLCJ0ZW1wbGF0ZSI6Im5ldy1wb3N0IiwibGlua19kZXNjIjoicG9zdC11cmwiLCJhbmNob3JfdGV4dCI6IkJpZyAoNykiLCJfZHIiOm51bGwsIl9kbCI6Ilwvd3AtY3Jvbi5waHA\/ZG9pbmdfd3BfY3Jvbj0xNzExMjk3ODA4LjE3NjAzOTkzNDE1ODMyNTE5NTMxMjUiLCJfZW4iOiJ3cGNvbV9lbWFpbF9jbGljayIsIl90cyI6MTcxMTI5NzkyNzI2OSwiYnJvd3Nlcl90eXBlIjoicGhwLWFnZW50IiwiX2F1YSI6IndwY29tLXRyYWNrcy1jbGllbnQtdjAuMyIsIl91bCI6bnVsbCwiYmxvZ190eiI6IjAiLCJ1c2VyX2xhbmciOm51bGx9&amp;_z=z\" target=\"_blank\" rel=\"noreferrer noopener\">Big<\/a> (Entre les lignes entre les mots).<\/p>\n\n\n\n<p><a href=\"https:\/\/www.lemonde.fr\/culture\/article\/2024\/03\/24\/au-petit-palais-l-ame-sylvestre-de-theodore-rousseau_6223902_3246.html\" title=\"\">Au Petit Palais, l\u2019\u00e2me sylvestre de Th\u00e9odore Rousseau<\/a> (Le Monde).<\/p>\n\n\n\n<p><a href=\"https:\/\/www.humanite.fr\/culture-et-savoir\/bernard-debre\/au-nom-du-pere-le-cri-dune-femme-qui-se-libere\" title=\"\">Au \u00ab&nbsp;Nom&nbsp;\u00bb du p\u00e8re, le cri d\u2019une femme qui se lib\u00e8re<\/a> (L&rsquo;Humanit\u00e9).<\/p>\n\n\n\n<p><a href=\"https:\/\/www.liberation.fr\/culture\/arts\/art-contemporain\/au-palais-de-tokyo-lart-psychiatrique-en-tous-sens-20240324_IMAKQKAHEVHOBKVLSNQVN53URE\/\" title=\"\">Au Palais de Tokyo, l\u2019art psychiatrique en tous sens<\/a> (Lib\u00e9ration).<\/p>\n\n\n\n<div class=\"wp-block-columns is-layout-flex wp-container-core-columns-is-layout-9d6595d7 wp-block-columns-is-layout-flex\">\n<div class=\"wp-block-column is-layout-flow wp-block-column-is-layout-flow\" style=\"flex-basis:100%\"><div class=\"wp-block-image\">\n<figure class=\"alignleft size-full is-resized\"><img data-recalc-dims=\"1\" loading=\"lazy\" decoding=\"async\" width=\"1024\" height=\"791\" src=\"https:\/\/i0.wp.com\/www.rdpemancipation.org\/wp-content\/uploads\/2024\/03\/D76JDEEIKZFZLPCBN4LAEYUT3Y.jpg?resize=1024%2C791&#038;ssl=1\" alt=\"\" class=\"wp-image-127061\" style=\"width:292px;height:auto\" srcset=\"https:\/\/i0.wp.com\/www.rdpemancipation.org\/wp-content\/uploads\/2024\/03\/D76JDEEIKZFZLPCBN4LAEYUT3Y.jpg?w=1024&amp;ssl=1 1024w, https:\/\/i0.wp.com\/www.rdpemancipation.org\/wp-content\/uploads\/2024\/03\/D76JDEEIKZFZLPCBN4LAEYUT3Y.jpg?resize=300%2C232&amp;ssl=1 300w, https:\/\/i0.wp.com\/www.rdpemancipation.org\/wp-content\/uploads\/2024\/03\/D76JDEEIKZFZLPCBN4LAEYUT3Y.jpg?resize=768%2C593&amp;ssl=1 768w\" sizes=\"auto, (max-width: 1024px) 100vw, 1024px\" \/><figcaption class=\"wp-element-caption\"><sup>\u00abLe Presse-Citron\u00bb (2003) de Paule Combey et Patrik Pion. (Courtesy Galerie Valeria Cetraro)<\/sup><\/figcaption><\/figure>\n<\/div><\/div>\n<\/div>\n\n\n\n<p class=\"has-text-color has-link-color wp-elements-668014ee45dbd7699e4718f18125b827\" style=\"color:#b70000\"><strong>24 mars<\/strong><\/p>\n\n\n\n<p><a href=\"https:\/\/www.lemonde.fr\/m-le-mag\/article\/2024\/03\/24\/a-beaubourg-la-muse-endormie-de-brancusi-se-fait-un-nom_6223842_4500055.html\" title=\"\">A Beaubourg, \u00ab&nbsp;La Muse endormie&nbsp;\u00bb de Brancusi se fait un nom<\/a> (Le Monde).<\/p>\n\n\n\n<p><a href=\"https:\/\/www.en-attendant-nadeau.fr\/2024\/03\/23\/un-sang-de-cheval-bernadette-lizet\/\" title=\"\">Un sang de cheval<\/a> (En attendant Nadeau).<\/p>\n\n\n\n<p><a href=\"https:\/\/www.liberation.fr\/culture\/livres\/jules-verne-robinsonnades-en-cascade-20240323_S2DEXZH7UJBVVEH5KTV5PBO7AM\/\" title=\"\">Jules Verne, robinsonnades en cascade<\/a> (Lib\u00e9ration).<\/p>\n\n\n\n<p><a href=\"https:\/\/link.newsletter.franceculture.fr\/m\/ml\/7429\/860759\/zjP-lk3G-4WcBXySXPBL9G9C5lXTLJmivm821gAfcU8=\/m0HJoinGQEf-uYoLChXFdAI58-5wyfSSwAVEXKl-Ymc=\/\" target=\"_blank\" rel=\"noreferrer noopener\">Pourquoi parle-t-on de \u00ab\u00a0printemps des peuples\u00a0\u00bb ?<\/a> (France Culture).<\/p>\n\n\n\n<div class=\"wp-block-columns is-layout-flex wp-container-core-columns-is-layout-9d6595d7 wp-block-columns-is-layout-flex\">\n<div class=\"wp-block-column is-layout-flow wp-block-column-is-layout-flow\" style=\"flex-basis:100%\"><div class=\"wp-block-image\">\n<figure class=\"alignleft size-full is-resized\"><img data-recalc-dims=\"1\" loading=\"lazy\" decoding=\"async\" width=\"560\" height=\"315\" src=\"https:\/\/i0.wp.com\/www.rdpemancipation.org\/wp-content\/uploads\/2024\/03\/560x315_sc_000-app2001070669834.webp?resize=560%2C315&#038;ssl=1\" alt=\"\" class=\"wp-image-127030\" style=\"width:291px;height:auto\" srcset=\"https:\/\/i0.wp.com\/www.rdpemancipation.org\/wp-content\/uploads\/2024\/03\/560x315_sc_000-app2001070669834.webp?w=560&amp;ssl=1 560w, https:\/\/i0.wp.com\/www.rdpemancipation.org\/wp-content\/uploads\/2024\/03\/560x315_sc_000-app2001070669834.webp?resize=300%2C169&amp;ssl=1 300w\" sizes=\"auto, (max-width: 560px) 100vw, 560px\" \/><figcaption class=\"wp-element-caption\"><sup>Photographie prise pendant la Commune de Paris, Boulevard de M\u00e9nilmontant, Paris, 1871 \u00a9AFP<\/sup><\/figcaption><\/figure>\n<\/div><\/div>\n<\/div>\n\n\n\n<p class=\"has-text-color has-link-color wp-elements-5f68eced54a7c0846102794dc56724f7\" style=\"color:#ac0000\"><strong>23 mars<\/strong><\/p>\n\n\n\n<p><a href=\"https:\/\/laviedesidees.fr\/Le-handicap-dans-la-cite\" target=\"_blank\" rel=\"noreferrer noopener\">Le handicap dans la cit\u00e9<\/a> (La Vie des id\u00e9es).<\/p>\n\n\n\n<p><a href=\"https:\/\/www.en-attendant-nadeau.fr\/2024\/03\/21\/apres-lheure-zero-harald-jahner\/\">Apr\u00e8s l\u2019heure z\u00e9ro<\/a> (En attendant Nadeau).<\/p>\n\n\n\n<p><a href=\"https:\/\/www.terrestres.org\/2024\/03\/22\/posseder-en-commun-une-critique-de-lordre-proprietaire\/\">Poss\u00e9der en commun&nbsp;: une critique de l\u2019ordre propri\u00e9taire<\/a> (Terrestres).<\/p>\n\n\n\n<p><a href=\"https:\/\/link.newsletter.franceculture.fr\/m\/ml\/7429\/861166\/YkFAiHlA7HGcA2WL64FL4G9C5lXTLJmivm821gAfcU8=\/axwxFb0z+C9jH7FlWIA8Lvuf4xyHKPjwj5QfDrxibcs=\/\" target=\"_blank\" rel=\"noreferrer noopener\">Kafka&nbsp;: la loi, la libert\u00e9 et la question anarchiste<\/a> (France Culture).<\/p>\n\n\n\n<div class=\"wp-block-columns is-layout-flex wp-container-core-columns-is-layout-9d6595d7 wp-block-columns-is-layout-flex\">\n<div class=\"wp-block-column is-layout-flow wp-block-column-is-layout-flow\" style=\"flex-basis:100%\"><div class=\"wp-block-image\">\n<figure class=\"alignleft size-full is-resized\"><img data-recalc-dims=\"1\" loading=\"lazy\" decoding=\"async\" width=\"560\" height=\"315\" src=\"https:\/\/i0.wp.com\/www.rdpemancipation.org\/wp-content\/uploads\/2024\/03\/560x315_sc_sc_franz-kafka-1923.webp?resize=560%2C315&#038;ssl=1\" alt=\"\" class=\"wp-image-126962\" style=\"width:290px;height:auto\" srcset=\"https:\/\/i0.wp.com\/www.rdpemancipation.org\/wp-content\/uploads\/2024\/03\/560x315_sc_sc_franz-kafka-1923.webp?w=560&amp;ssl=1 560w, https:\/\/i0.wp.com\/www.rdpemancipation.org\/wp-content\/uploads\/2024\/03\/560x315_sc_sc_franz-kafka-1923.webp?resize=300%2C169&amp;ssl=1 300w\" sizes=\"auto, (max-width: 560px) 100vw, 560px\" \/><figcaption class=\"wp-element-caption\"><sup>Derni\u00e8re photographie connue de Franz Kafka, probablement prise en 1923. &#8211; Anonyme \/ Wikimedia<\/sup><\/figcaption><\/figure>\n<\/div><\/div>\n<\/div>\n\n\n\n<p class=\"has-text-color has-link-color wp-elements-ee595b7ab8a0d7a31df20ea5c10047b1\" style=\"color:#b50000\"><strong>22 mars<\/strong><\/p>\n\n\n\n<p><a href=\"https:\/\/laviedesidees.fr\/Quand-l-Ukraine-retrouve-son-histoire\" title=\"\">Quand l\u2019Ukraine retrouve son histoire<\/a> (La Vie des id\u00e9es).<\/p>\n\n\n\n<p><a href=\"https:\/\/www.contretemps.eu\/envoutement-capitaliste-crypto-monnaies\/\" title=\"\">Comprendre les crypto-monnaies<\/a> (Contretemps).<\/p>\n\n\n\n<p><a href=\"https:\/\/www.telerama.fr\/cinema\/nicolas-philibert-dans-le-documentaire-on-aime-etre-surpris-avec-la-psychiatrie-on-est-servi-7019780.php\" title=\"\"> Philibert&nbsp;: \u201c on aime \u00eatre surpris&nbsp;; avec la psychiatrie, on est servi\u201d<\/a> (T\u00e9l\u00e9rama).<\/p>\n\n\n\n<p><a href=\"https:\/\/link.newsletter.radiofrance.fr\/m\/ml\/7429\/861056\/T-mdakhJgP_EABPLCa8bpG9C5lXTLJmivm821gAfcU8=\/qO2fzhsxld8BP69HRHOcrpTgMQHzBcyRwrgShcp2ot4=\/\" title=\"\">La playlist du printemps<\/a> (Radio France).<\/p>\n\n\n\n<p><a href=\"https:\/\/www.en-attendant-nadeau.fr\/2024\/03\/19\/la-palestine-a-la-nuit-tombee-le-palais-des-deux-collines\/\" title=\"\">La Palestine \u00e0 la nuit tomb\u00e9e<\/a> (En attendant Nadeau).<\/p>\n\n\n\n<div class=\"wp-block-columns is-layout-flex wp-container-core-columns-is-layout-9d6595d7 wp-block-columns-is-layout-flex\">\n<div class=\"wp-block-column is-layout-flow wp-block-column-is-layout-flow\" style=\"flex-basis:100%\"><div class=\"wp-block-image\">\n<figure class=\"alignleft size-large is-resized\"><img data-recalc-dims=\"1\" loading=\"lazy\" decoding=\"async\" width=\"1024\" height=\"682\" src=\"https:\/\/i0.wp.com\/www.rdpemancipation.org\/wp-content\/uploads\/2024\/03\/Cremisan_Mikaela-Burstow.webp?resize=1024%2C682&#038;ssl=1\" alt=\"\" class=\"wp-image-126930\" style=\"width:289px;height:auto\" srcset=\"https:\/\/i0.wp.com\/www.rdpemancipation.org\/wp-content\/uploads\/2024\/03\/Cremisan_Mikaela-Burstow.webp?resize=1024%2C682&amp;ssl=1 1024w, https:\/\/i0.wp.com\/www.rdpemancipation.org\/wp-content\/uploads\/2024\/03\/Cremisan_Mikaela-Burstow.webp?resize=300%2C200&amp;ssl=1 300w, https:\/\/i0.wp.com\/www.rdpemancipation.org\/wp-content\/uploads\/2024\/03\/Cremisan_Mikaela-Burstow.webp?resize=768%2C512&amp;ssl=1 768w, https:\/\/i0.wp.com\/www.rdpemancipation.org\/wp-content\/uploads\/2024\/03\/Cremisan_Mikaela-Burstow.webp?w=1280&amp;ssl=1 1280w\" sizes=\"auto, (max-width: 1024px) 100vw, 1024px\" \/><figcaption class=\"wp-element-caption\"><sup>Cremisan, pr\u00e8s de Bethl\u00e9em \u00a9 Mikaela Burstow<\/sup><\/figcaption><\/figure>\n<\/div><\/div>\n<\/div>\n\n\n\n<p class=\"has-text-color has-link-color wp-elements-d863d3f0ca7ff25791de49d4f3c664d9\" style=\"color:#b30000\"><strong>19 mars<\/strong><\/p>\n\n\n\n<p><a href=\"https:\/\/www.en-attendant-nadeau.fr\/2024\/03\/19\/le-parcours-du-combattant-de-gabriel-ersler\/\" title=\"\">La r\u00e9volte, avec m\u00e9thode<\/a> (En attendant Nadeau).<\/p>\n\n\n\n<p><a href=\"https:\/\/www.humanite.fr\/culture-et-savoir\/guerre-israel-hamas\/adrianne-lenker-la-chanteuse-de-big-thief-publie-un-ep-en-soutien-a-gaza\" title=\"\">Adrianne Lenker, la chanteuse de Big Thief en soutien \u00e0 Gaza<\/a> (L&rsquo;Humanit\u00e9).<\/p>\n\n\n\n<p><a href=\"https:\/\/www.blast-info.fr\/articles\/2024\/la-mere-de-tous-les-mensonges-representer-le-silence-kfJH8ngVTLO7bYWCm_1xsA\" title=\"\">La m\u00e8re de tous les mensonges&nbsp;: repr\u00e9senter le silence<\/a> (Blast).<\/p>\n\n\n\n<p><a href=\"https:\/\/www.terrestres.org\/2024\/03\/18\/comment-le-patronat-americain-a-promu-le-libre-marche\/\">Comment le patronat am\u00e9ricain a promu le \u00ab&nbsp;libre march\u00e9&nbsp;\u00bb<\/a> (Terrestres).<\/p>\n\n\n\n<p><a href=\"https:\/\/www.telerama.fr\/television\/le-nom-de-la-rose-sur-6ter-et-quatre-autres-fictions-ou-le-livre-tue-7019710.php\" title=\"\">Quatre fictions o\u00f9 le livre tue<\/a> (T\u00e9l\u00e9rama).<\/p>\n\n\n\n<div class=\"wp-block-columns is-layout-flex wp-container-core-columns-is-layout-9d6595d7 wp-block-columns-is-layout-flex\">\n<div class=\"wp-block-column is-layout-flow wp-block-column-is-layout-flow\" style=\"flex-basis:100%\"><div class=\"wp-block-image\">\n<figure class=\"alignleft size-large is-resized\"><img data-recalc-dims=\"1\" loading=\"lazy\" decoding=\"async\" width=\"1024\" height=\"583\" src=\"https:\/\/i0.wp.com\/www.rdpemancipation.org\/wp-content\/uploads\/2024\/03\/webp-1.webp?resize=1024%2C583&#038;ssl=1\" alt=\"\" class=\"wp-image-126815\" style=\"width:295px;height:auto\" srcset=\"https:\/\/i0.wp.com\/www.rdpemancipation.org\/wp-content\/uploads\/2024\/03\/webp-1.webp?resize=1024%2C583&amp;ssl=1 1024w, https:\/\/i0.wp.com\/www.rdpemancipation.org\/wp-content\/uploads\/2024\/03\/webp-1.webp?resize=300%2C171&amp;ssl=1 300w, https:\/\/i0.wp.com\/www.rdpemancipation.org\/wp-content\/uploads\/2024\/03\/webp-1.webp?resize=768%2C437&amp;ssl=1 768w, https:\/\/i0.wp.com\/www.rdpemancipation.org\/wp-content\/uploads\/2024\/03\/webp-1.webp?w=1200&amp;ssl=1 1200w\" sizes=\"auto, (max-width: 1024px) 100vw, 1024px\" \/><figcaption class=\"wp-element-caption\"><sup>Sean Connery dans \u00ab&nbsp;Le Nom de la rose&nbsp;\u00bb. Constantin Film &#8211; Cristaldifilm<\/sup><\/figcaption><\/figure>\n<\/div><\/div>\n<\/div>\n\n\n\n<p class=\"has-text-color has-link-color wp-elements-48a606eee32b89cef0973ad9a3ecceb4\" style=\"color:#b60000\"><strong>18 mars<\/strong><\/p>\n\n\n\n<p><a href=\"https:\/\/public-api.wordpress.com\/bar\/?stat=groovemails-events&amp;bin=wpcom_email_click&amp;redirect_to=https%3A%2F%2Fentreleslignesentrelesmots.wordpress.com%2F2024%2F03%2F17%2Fdu-cote-du-jazz-mars-2024%2F&amp;sr=0&amp;signature=b0f1b4fa89ba1483b3f323d051de2e50&amp;blog_id=12785448&amp;user=0ff88261f2c135c936be37d66e379a6f&amp;_e=eyJlcnJvciI6bnVsbCwiYmxvZ19pZCI6MTI3ODU0NDgsImJsb2dfbGFuZyI6ImZyLUZSIiwic2l0ZV9pZF9sYWJlbCI6IndwY29tIiwiaGFzX2ZlYXR1cmVkX2ltYWdlIjoiMCIsInN1YnNjcmliZXJfaWQiOiIzMDM5NzQ3NTMiLCJfdWkiOiIwZmY4ODI2MWYyYzEzNWM5MzZiZTM3ZDY2ZTM3OWE2ZiIsIl91dCI6ImFub24iLCJlbWFpbF9kb21haW4iOiJ5YWhvby5jb20iLCJwb3N0X2lkIjo4MDA5NSwidXNlcl9lbWFpbCI6ImNwcmV2b3N0OTFAeWFob28uY29tIiwiZGF0ZV9zZW50IjoiMjAyNC0wMy0xNyIsImVtYWlsX2lkIjoiOWI3ZGIxOTlhYmFmN2RlMDE1MjNlNjZlMmY2N2UzOTAiLCJlbWFpbF9uYW1lIjoibmV3LXBvc3QiLCJ0ZW1wbGF0ZSI6Im5ldy1wb3N0IiwibGlua19kZXNjIjoicG9zdC11cmwiLCJhbmNob3JfdGV4dCI6IkR1IGNvdFx1MDBlOSBkdSBqYXp6IChtYXJzXHUwMGEwMjAyNCkiLCJfZHIiOm51bGwsIl9kbCI6Ilwvd3AtY3Jvbi5waHA\/ZG9pbmdfd3BfY3Jvbj0xNzEwNjkzMDAxLjE5MzIxMjAzMjMxODExNTIzNDM3NTAiLCJfZW4iOiJ3cGNvbV9lbWFpbF9jbGljayIsIl90cyI6MTcxMDY5MzEwMzYyMywiYnJvd3Nlcl90eXBlIjoicGhwLWFnZW50IiwiX2F1YSI6IndwY29tLXRyYWNrcy1jbGllbnQtdjAuMyIsIl91bCI6bnVsbCwiYmxvZ190eiI6IjAiLCJ1c2VyX2xhbmciOm51bGx9&amp;_z=z\" target=\"_blank\" rel=\"noreferrer noopener\">Du cot\u00e9 du jazz<\/a> (Entre les lignes entre les mots).<\/p>\n\n\n\n<p><a href=\"https:\/\/www.lemonde.fr\/culture\/article\/2024\/03\/17\/emile-zola-sur-ses-terres-a-medan-une-vie-de-litterature-et-de-plaisirs_6222529_3246.html\" title=\"\">Emile Zola sur ses terres \u00e0 M\u00e9dan<\/a> (Le Monde).<\/p>\n\n\n\n<p><a href=\"https:\/\/www.telerama.fr\/television\/presidentielle-en-russie-huit-documentaires-a-voir-pour-comprendre-le-regne-de-poutine-7019707.php\" title=\"\">Huit documentaires \u00e0 voir pour comprendre le r\u00e8gne de Poutine<\/a> (T\u00e9l\u00e9rama).<\/p>\n\n\n\n<p><a href=\"https:\/\/www.en-attendant-nadeau.fr\/2024\/03\/18\/le-jardin-secret-de-rosa-luxemburg-herbier\/\" title=\"\">Le jardin secret de Rosa Luxemburg<\/a> (En attendant Nadeau).<\/p>\n\n\n\n<div class=\"wp-block-columns is-layout-flex wp-container-core-columns-is-layout-9d6595d7 wp-block-columns-is-layout-flex\">\n<div class=\"wp-block-column is-layout-flow wp-block-column-is-layout-flow\" style=\"flex-basis:100%\"><div class=\"wp-block-image\">\n<figure class=\"alignleft size-full is-resized\"><img data-recalc-dims=\"1\" loading=\"lazy\" decoding=\"async\" width=\"500\" height=\"500\" src=\"https:\/\/i0.wp.com\/www.rdpemancipation.org\/wp-content\/uploads\/2024\/03\/Logo-Marketing-Agency-Digital.webp?resize=500%2C500&#038;ssl=1\" alt=\"\" class=\"wp-image-126787\" style=\"width:287px;height:auto\" srcset=\"https:\/\/i0.wp.com\/www.rdpemancipation.org\/wp-content\/uploads\/2024\/03\/Logo-Marketing-Agency-Digital.webp?w=500&amp;ssl=1 500w, https:\/\/i0.wp.com\/www.rdpemancipation.org\/wp-content\/uploads\/2024\/03\/Logo-Marketing-Agency-Digital.webp?resize=300%2C300&amp;ssl=1 300w, https:\/\/i0.wp.com\/www.rdpemancipation.org\/wp-content\/uploads\/2024\/03\/Logo-Marketing-Agency-Digital.webp?resize=150%2C150&amp;ssl=1 150w\" sizes=\"auto, (max-width: 500px) 100vw, 500px\" \/><figcaption class=\"wp-element-caption\"><sup>Herbier de Rosa Luxemburg, Portrait de 1905 (Collage) \u00a9 Sir\u00eene Poirier<\/sup><\/figcaption><\/figure>\n<\/div><\/div>\n<\/div>\n\n\n\n<p class=\"has-text-color has-link-color wp-elements-3897dd92b7d0cffaa3475e9356df3549\" style=\"color:#b80000\"><strong>17 mars<\/strong><\/p>\n\n\n\n<p><a href=\"https:\/\/www.fabula.org\/actualites\/119180\/simenon-8-03.html\">Simenon \u00e0 l&rsquo;\u0153uvre<\/a> (Fabula).<\/p>\n\n\n\n<p><a href=\"https:\/\/www.lemonde.fr\/culture\/article\/2024\/03\/17\/le-centre-pompidou-offre-une-modeste-retrospective-d-herve-di-rosa_6222514_3246.html\" title=\"\">Le Centre Pompidou r\u00e9trospective d\u2019Herv\u00e9 Di Rosa<\/a> (Le Monde).<\/p>\n\n\n\n<p><a href=\"https:\/\/www.telerama.fr\/livre\/bret-easton-ellis-jacky-schwartzmann-jennifer-tamas-la-selection-des-livres-de-poche-de-la-semaine-7019696.php\" title=\"\">La s\u00e9lection des livres de poche de la semaine<\/a> (T\u00e9l\u00e9rama).<\/p>\n\n\n\n<p><a href=\"https:\/\/link.newsletter.franceculture.fr\/m\/ml\/7429\/859781\/Ul1Oz10dkFldumdfQDGMSG9C5lXTLJmivm821gAfcU8=\/GTQH3vq6LjSdjZpWkv6gwKPShSXoW-ShJOvukYHF7S8=\/\" target=\"_blank\" rel=\"noreferrer noopener\">L&rsquo;invention de la mondialisation<\/a> (France Culture).<\/p>\n\n\n\n<div class=\"wp-block-columns is-layout-flex wp-container-core-columns-is-layout-9d6595d7 wp-block-columns-is-layout-flex\">\n<div class=\"wp-block-column is-layout-flow wp-block-column-is-layout-flow\" style=\"flex-basis:100%\"><div class=\"wp-block-image\">\n<figure class=\"alignleft size-full is-resized\"><img data-recalc-dims=\"1\" loading=\"lazy\" decoding=\"async\" width=\"560\" height=\"315\" src=\"https:\/\/i0.wp.com\/www.rdpemancipation.org\/wp-content\/uploads\/2024\/03\/560x315_sc_gettyimages-3277078.webp?resize=560%2C315&#038;ssl=1\" alt=\"\" class=\"wp-image-126774\" style=\"width:297px;height:auto\" srcset=\"https:\/\/i0.wp.com\/www.rdpemancipation.org\/wp-content\/uploads\/2024\/03\/560x315_sc_gettyimages-3277078.webp?w=560&amp;ssl=1 560w, https:\/\/i0.wp.com\/www.rdpemancipation.org\/wp-content\/uploads\/2024\/03\/560x315_sc_gettyimages-3277078.webp?resize=300%2C169&amp;ssl=1 300w\" sizes=\"auto, (max-width: 560px) 100vw, 560px\" \/><figcaption class=\"wp-element-caption\"><sup>Franklin Roosevelt en 1942, devant l&rsquo;immense globe terrestre que lui a offert l&rsquo;arm\u00e9e montrant les zones o\u00f9 les troupes am\u00e9ricaines combattaient. \u00a9Getty &#8211; Hulton Archive<\/sup><\/figcaption><\/figure>\n<\/div><\/div>\n<\/div>\n\n\n\n<p class=\"has-text-color has-link-color wp-elements-effc670231d7bc8007d7b660a1678feb\" style=\"color:#ae0000\"><strong>16 mars<\/strong><\/p>\n\n\n\n<p><a href=\"https:\/\/link.newsletter.franceculture.fr\/m\/ml\/7429\/859781\/Ul1Oz10dkFldumdfQDGMSG9C5lXTLJmivm821gAfcU8=\/GTQH3vq6LjSdjZpWkv6gwKIV4qcpqo-suaz5wkzLvQE=\/\" target=\"_blank\" rel=\"noreferrer noopener\">Que nous dit la po\u00e9sie du monde d&rsquo;aujourd&rsquo;hui&nbsp;?<\/a> (France Culture).<\/p>\n\n\n\n<p><a href=\"https:\/\/www.liberation.fr\/culture\/theodore-rousseau-au-petit-palais-larbre-qui-gouache-la-foret-20240316_TUBS5BUGDBFD5KTZREKYOQURLA\/\" title=\"\">Expo Th\u00e9odore Rousseau au Petit Palais<\/a> (Lib\u00e9ration).<\/p>\n\n\n\n<p><a href=\"https:\/\/www.telerama.fr\/musique\/mc-solaar-baudelaire-avait-de-bonnes-punchlines-7019680.php\" title=\"\">MC Solaar&nbsp;: \u201cBaudelaire avait de bonnes punchlines\u201d<\/a> (T\u00e9l\u00e9rama).<\/p>\n\n\n\n<p><a href=\"https:\/\/link.newsletter.radiofrance.fr\/m\/ml\/7429\/859674\/gXk-W9OlswNz8XEq5QufL29C5lXTLJmivm821gAfcU8=\/i6M78e6hyB3MoGOzsI3oOB4MhjRw2ZHwN+FmVstnZ6s=\/\" title=\"\">La revanche du triangle<\/a> (France Musique).<\/p>\n\n\n\n<p><a href=\"https:\/\/www.lemonde.fr\/disparitions\/article\/2024\/03\/15\/la-mort-du-guitariste-et-compositeur-sylvain-luc_6222228_3382.html\" title=\"\">Sylvain Luc, guitariste et compositeur, est mort<\/a> (Le Monde).<\/p>\n\n\n\n<div class=\"wp-block-columns is-layout-flex wp-container-core-columns-is-layout-9d6595d7 wp-block-columns-is-layout-flex\">\n<div class=\"wp-block-column is-layout-flow wp-block-column-is-layout-flow\" style=\"flex-basis:100%\"><div class=\"wp-block-image\">\n<figure class=\"alignleft size-full is-resized\"><img data-recalc-dims=\"1\" loading=\"lazy\" decoding=\"async\" width=\"700\" height=\"467\" src=\"https:\/\/i0.wp.com\/www.rdpemancipation.org\/wp-content\/uploads\/2024\/03\/2d006e5_1710498575737-080-hl-ddalmasso-1145867.jpg?resize=700%2C467&#038;ssl=1\" alt=\"\" class=\"wp-image-126743\" style=\"width:288px;height:auto\" srcset=\"https:\/\/i0.wp.com\/www.rdpemancipation.org\/wp-content\/uploads\/2024\/03\/2d006e5_1710498575737-080-hl-ddalmasso-1145867.jpg?w=700&amp;ssl=1 700w, https:\/\/i0.wp.com\/www.rdpemancipation.org\/wp-content\/uploads\/2024\/03\/2d006e5_1710498575737-080-hl-ddalmasso-1145867.jpg?resize=300%2C200&amp;ssl=1 300w\" sizes=\"auto, (max-width: 700px) 100vw, 700px\" \/><figcaption class=\"wp-element-caption\"><sup>Le guitariste Sylvain Luc au festival&nbsp;Marseille jazz des cinq continents, le 23&nbsp;juillet 2010. DENIS DALMASSO\/HANS LUCAS VIA AFP<\/sup><\/figcaption><\/figure>\n<\/div><\/div>\n<\/div>\n\n\n\n<p class=\"has-text-color has-link-color wp-elements-9bf6f6e14bb7d50721b1e25b359ea757\" style=\"color:#b50000\"><strong>15 mars<\/strong><\/p>\n\n\n\n<p><a href=\"https:\/\/www.nonfiction.fr\/article-11983-missak-manouchian-au-pantheon-lhistoire-derriere-la-legende.htm\">Missak Manouchian au Panth\u00e9on : l\u2019histoire derri\u00e8re la l\u00e9gende<\/a> (La Vie des id\u00e9es).<\/p>\n\n\n\n<p><a href=\"https:\/\/link.newsletter.radiofrance.fr\/m\/ml\/7429\/859674\/gXk-W9OlswNz8XEq5QufL29C5lXTLJmivm821gAfcU8=\/i6M78e6hyB3MoGOzsI3oOMyTnODjqsA6QQNPiPEGFhM=\/\" title=\"\">Il \u00e9tait une fois le jass<\/a> (France Musique).<\/p>\n\n\n\n<p><a href=\"https:\/\/www.contretemps.eu\/en-defense-de-judith-butler\/\" title=\"\">En d\u00e9fense de Judith Butler<\/a> (Contretemps).<\/p>\n\n\n\n<p><a href=\"https:\/\/www.en-attendant-nadeau.fr\/2024\/03\/12\/edward-bond-lextremophile\/\">Edward Bond, \u00ab&nbsp;l\u2019extr\u00eamophile&nbsp;\u00bb<\/a> (En attendant Nadeau).<\/p>\n\n\n\n<p><a href=\"https:\/\/link.newsletter.franceculture.fr\/m\/ml\/7429\/859582\/15ysqJ916VRe2bxNg8g5o29C5lXTLJmivm821gAfcU8=\/Fg5AKTIO4dKrxR63RaZDeHsmMlYHSV9tTklat1lCihg=\/\" target=\"_blank\" rel=\"noreferrer noopener\">L&rsquo;\u00e9conomie selon Tina Modotti<\/a> (France Culture).<\/p>\n\n\n\n<div class=\"wp-block-columns is-layout-flex wp-container-core-columns-is-layout-9d6595d7 wp-block-columns-is-layout-flex\">\n<div class=\"wp-block-column is-layout-flow wp-block-column-is-layout-flow\" style=\"flex-basis:100%\"><div class=\"wp-block-image\">\n<figure class=\"alignleft size-full is-resized\"><img data-recalc-dims=\"1\" loading=\"lazy\" decoding=\"async\" width=\"560\" height=\"315\" src=\"https:\/\/i0.wp.com\/www.rdpemancipation.org\/wp-content\/uploads\/2024\/03\/560x315_sc_sc_modotti.webp?resize=560%2C315&#038;ssl=1\" alt=\"\" class=\"wp-image-126683\" style=\"width:288px;height:auto\" srcset=\"https:\/\/i0.wp.com\/www.rdpemancipation.org\/wp-content\/uploads\/2024\/03\/560x315_sc_sc_modotti.webp?w=560&amp;ssl=1 560w, https:\/\/i0.wp.com\/www.rdpemancipation.org\/wp-content\/uploads\/2024\/03\/560x315_sc_sc_modotti.webp?resize=300%2C169&amp;ssl=1 300w\" sizes=\"auto, (max-width: 560px) 100vw, 560px\" \/><figcaption class=\"wp-element-caption\"><sup>\u00ab\u00a0Femme au drapeau\u00a0\u00bb de Tina Modotti (1928) \u00a9Maxppp &#8211; CORTES\u00cdA THROCKMORTON\/EFE\/Newscom\/MaxPPP<\/sup><\/figcaption><\/figure>\n<\/div><\/div>\n<\/div>\n\n\n\n<p class=\"has-text-color has-link-color wp-elements-c647d4e9148dbfc993e6ad3a9caabaaa\" style=\"color:#aa0000\"><strong>14 mars<\/strong> <\/p>\n\n\n\n<p><a href=\"https:\/\/public-api.wordpress.com\/bar\/?stat=groovemails-events&amp;bin=wpcom_email_click&amp;redirect_to=https%3A%2F%2Fentreleslignesentrelesmots.wordpress.com%2F2024%2F03%2F13%2Fvoyages-dans-le-temps-et-lespace-30%2F&amp;sr=0&amp;signature=b7e31005e40d1d73d4054f6452560fb6&amp;blog_id=12785448&amp;user=0ff88261f2c135c936be37d66e379a6f&amp;_e=eyJlcnJvciI6bnVsbCwiYmxvZ19pZCI6MTI3ODU0NDgsImJsb2dfbGFuZyI6ImZyLUZSIiwic2l0ZV9pZF9sYWJlbCI6IndwY29tIiwiaGFzX2ZlYXR1cmVkX2ltYWdlIjoiMCIsInN1YnNjcmliZXJfaWQiOiIzMDM5NzQ3NTMiLCJfdWkiOiIwZmY4ODI2MWYyYzEzNWM5MzZiZTM3ZDY2ZTM3OWE2ZiIsIl91dCI6ImFub24iLCJlbWFpbF9kb21haW4iOiJ5YWhvby5jb20iLCJwb3N0X2lkIjo3OTg3NSwidXNlcl9lbWFpbCI6ImNwcmV2b3N0OTFAeWFob28uY29tIiwiZGF0ZV9zZW50IjoiMjAyNC0wMy0xMyIsImVtYWlsX2lkIjoiYTg3NGViOTgwNGI2OTdjMzI2MTA3NDQ4MTFiYmFkN2EiLCJlbWFpbF9uYW1lIjoibmV3LXBvc3QiLCJ0ZW1wbGF0ZSI6Im5ldy1wb3N0IiwibGlua19kZXNjIjoicG9zdC11cmwiLCJhbmNob3JfdGV4dCI6IlZveWFnZXMgZGFucyBsZSB0ZW1wcyBldCBsXHUyMDE5ZXNwYWNlXHUwMGEwKDMwKSIsIl9kciI6bnVsbCwiX2RsIjoiXC93cC1jcm9uLnBocD9kb2luZ193cF9jcm9uPTE3MTAzNDc0MjQuNDc1ODMwMDc4MTI1MDAwMDAwMDAwMCIsIl9lbiI6IndwY29tX2VtYWlsX2NsaWNrIiwiX3RzIjoxNzEwMzQ3NDk5MTk0LCJicm93c2VyX3R5cGUiOiJwaHAtYWdlbnQiLCJfYXVhIjoid3Bjb20tdHJhY2tzLWNsaWVudC12MC4zIiwiX3VsIjpudWxsLCJibG9nX3R6IjoiMCIsInVzZXJfbGFuZyI6bnVsbH0&amp;_z=z\" target=\"_blank\" rel=\"noreferrer noopener\">Voyages dans le temps et l\u2019espace<\/a> (Entre les lignes entre les mots).<\/p>\n\n\n\n<p><a href=\"https:\/\/www.fabula.org\/actualites\/118496\/la-tentation-de-l-occident-28-02.html\">La tentation de l&rsquo;Occident<\/a> (Fabula).<\/p>\n\n\n\n<p class=\"has-base-3-color has-text-color has-link-color wp-elements-6fd0f21400364dda7d3ce84a0d6f65e4\">.<\/p>\n\n\n\n<p class=\"has-text-color has-link-color wp-elements-5134754677323050dcab40f9a5be55ab\" style=\"color:#b70000\"><strong>13 mars<\/strong><\/p>\n\n\n\n<p><a href=\"https:\/\/laviedesidees.fr\/Messling-universel-apres-universalisme\" title=\"\">La litt\u00e9rature pour penser le monde<\/a> (La Vie des id\u00e9es).<\/p>\n\n\n\n<p><a href=\"https:\/\/www.en-attendant-nadeau.fr\/2024\/03\/12\/turbulences-urbaines-sylvain-grisot\/\" title=\"\">Turbulences urbaines<\/a> (En attendant Nadeau).<\/p>\n\n\n\n<p><a href=\"https:\/\/www.contretemps.eu\/ecole-francfort-adorno-horkheimer-marxisme\/\" title=\"\">L\u2019\u00c9cole de Francfort entre promesses manqu\u00e9es et espoirs obstin\u00e9s<\/a> (Contretemps).<\/p>\n\n\n\n<p><a href=\"https:\/\/www.liberation.fr\/culture\/cinema\/oscar-du-meilleur-scenario-pour-anatomie-dune-chute-les-secrets-dune-campagne-gagnante-20240311_WTQFHKOFK5FBZMCDBSYASOVOXY\/\" title=\"\">Oscar \u00abAnatomie d\u2019une chute\u00bb&nbsp;: les secrets d\u2019une campagne victorieuse<\/a> (Lib\u00e9ration).<\/p>\n\n\n\n<p><a href=\"https:\/\/www.lemonde.fr\/culture\/article\/2024\/03\/12\/sur-les-lieux-de-georges-perec-sur-france-culture-marcher-et-se-souvenir-avec-perec_6221625_3246.html\" title=\"\">\u00ab&nbsp;Sur les lieux de Georges Perec&nbsp;\u00bb, sur France Culture<\/a>&nbsp;(Le Monde).<\/p>\n\n\n\n<div class=\"wp-block-columns is-layout-flex wp-container-core-columns-is-layout-9d6595d7 wp-block-columns-is-layout-flex\">\n<div class=\"wp-block-column is-layout-flow wp-block-column-is-layout-flow\" style=\"flex-basis:100%\"><div class=\"wp-block-image\">\n<figure class=\"alignleft size-full is-resized\"><img data-recalc-dims=\"1\" loading=\"lazy\" decoding=\"async\" width=\"700\" height=\"520\" src=\"https:\/\/i0.wp.com\/www.rdpemancipation.org\/wp-content\/uploads\/2024\/03\/77e75df_1709911670057-000-sapa981021923960.jpg?resize=700%2C520&#038;ssl=1\" alt=\"\" class=\"wp-image-126643\" style=\"width:292px;height:auto\" srcset=\"https:\/\/i0.wp.com\/www.rdpemancipation.org\/wp-content\/uploads\/2024\/03\/77e75df_1709911670057-000-sapa981021923960.jpg?w=700&amp;ssl=1 700w, https:\/\/i0.wp.com\/www.rdpemancipation.org\/wp-content\/uploads\/2024\/03\/77e75df_1709911670057-000-sapa981021923960.jpg?resize=300%2C223&amp;ssl=1 300w\" sizes=\"auto, (max-width: 700px) 100vw, 700px\" \/><figcaption class=\"wp-element-caption\"><sup>Georges Perec est interview\u00e9 apr\u00e8s avoir re\u00e7u le prix Renaudot pour son livre \u00ab&nbsp;Les Choses&nbsp;\u00bb, le 22&nbsp;novembre 1965, \u00e0 Paris. UPI\/AFP<\/sup><\/figcaption><\/figure>\n<\/div><\/div>\n<\/div>\n\n\n\n<p class=\"has-text-color has-link-color wp-elements-087edd5a3462ee9b3b06773cdbaf5352\" style=\"color:#b50000\"><strong>12 mars<\/strong><\/p>\n\n\n\n<p><a href=\"https:\/\/link.newsletter.franceculture.fr\/m\/ml\/7429\/858984\/wVExu5MvdcO8paEggX5UEm9C5lXTLJmivm821gAfcU8=\/itKHXSeCstGdyowwc7L-Ct8c78lvbZyO5ItlwoEywVU=\/\" target=\"_blank\" rel=\"noreferrer noopener\">Les Penn Sardin&nbsp;: la grande gr\u00e8ve de 1924<\/a> (France Culture).<\/p>\n\n\n\n<p><a href=\"https:\/\/www.telerama.fr\/ecrans\/sur-netflix-sept-tres-bons-films-a-voir-avant-la-fin-du-mois-de-mars-1730-7014635.php\" title=\"\">Sur Netflix, sept (tr\u00e8s) bons films<\/a> (T\u00e9l\u00e9rama).<\/p>\n\n\n\n<p><a href=\"https:\/\/www.politis.fr\/articles\/2024\/03\/aya-nakamura-est-la-france\/\" title=\"\">Aya Nakamura est la France<\/a> (Politis).<\/p>\n\n\n\n<p><a href=\"https:\/\/lejournal.cnrs.fr\/articles\/ces-resistantes-derriere-laffiche-rouge\" title=\"\">Ces r\u00e9sistantes derri\u00e8re l\u2019Affiche rouge<\/a> (CNRS Le journal).<\/p>\n\n\n\n<div class=\"wp-block-columns is-layout-flex wp-container-core-columns-is-layout-9d6595d7 wp-block-columns-is-layout-flex\">\n<div class=\"wp-block-column is-layout-flow wp-block-column-is-layout-flow\" style=\"flex-basis:100%\"><div class=\"wp-block-image\">\n<figure class=\"alignleft size-full is-resized\"><img data-recalc-dims=\"1\" loading=\"lazy\" decoding=\"async\" width=\"664\" height=\"479\" src=\"https:\/\/i0.wp.com\/www.rdpemancipation.org\/wp-content\/uploads\/2024\/03\/grk3814723_72dpi.jpg?resize=664%2C479&#038;ssl=1\" alt=\"\" class=\"wp-image-126612\" style=\"width:290px;height:auto\" srcset=\"https:\/\/i0.wp.com\/www.rdpemancipation.org\/wp-content\/uploads\/2024\/03\/grk3814723_72dpi.jpg?w=664&amp;ssl=1 664w, https:\/\/i0.wp.com\/www.rdpemancipation.org\/wp-content\/uploads\/2024\/03\/grk3814723_72dpi.jpg?resize=300%2C216&amp;ssl=1 300w\" sizes=\"auto, (max-width: 664px) 100vw, 664px\" \/><figcaption class=\"wp-element-caption\"><sup>Le 16 juillet 1944, la milice fran\u00e7aise arr\u00eate un groupe important de r\u00e9sistantes et r\u00e9sistants lors d\u2019une action militaire en Bretagne.<\/sup><\/figcaption><\/figure>\n<\/div><\/div>\n<\/div>\n\n\n\n<p class=\"has-text-color has-link-color wp-elements-eda472d49527897ef825e772d112025c\" style=\"color:#ab0000\"><strong>11 mars<\/strong><\/p>\n\n\n\n<p><a href=\"https:\/\/public-api.wordpress.com\/bar\/?stat=groovemails-events&amp;bin=wpcom_email_click&amp;redirect_to=https%3A%2F%2Fentreleslignesentrelesmots.wordpress.com%2F2024%2F03%2F10%2Fabcdaire-necessairement-partiel-40%2F&amp;sr=0&amp;signature=b0bd6002a3070fe4a39d34bf67449e7e&amp;blog_id=12785448&amp;user=0ff88261f2c135c936be37d66e379a6f&amp;_e=eyJlcnJvciI6bnVsbCwiYmxvZ19pZCI6MTI3ODU0NDgsImJsb2dfbGFuZyI6ImZyLUZSIiwic2l0ZV9pZF9sYWJlbCI6IndwY29tIiwiaGFzX2ZlYXR1cmVkX2ltYWdlIjoiMCIsInN1YnNjcmliZXJfaWQiOiIzMDM5NzQ3NTMiLCJfdWkiOiIwZmY4ODI2MWYyYzEzNWM5MzZiZTM3ZDY2ZTM3OWE2ZiIsIl91dCI6ImFub24iLCJlbWFpbF9kb21haW4iOiJ5YWhvby5jb20iLCJwb3N0X2lkIjo3OTczMiwidXNlcl9lbWFpbCI6ImNwcmV2b3N0OTFAeWFob28uY29tIiwiZGF0ZV9zZW50IjoiMjAyNC0wMy0xMCIsImVtYWlsX2lkIjoiMDY5M2I4ZmRiNjJlMDkxNzFmMDI2N2I4OTk5ZWIwNTMiLCJlbWFpbF9uYW1lIjoibmV3LXBvc3QiLCJ0ZW1wbGF0ZSI6Im5ldy1wb3N0IiwibGlua19kZXNjIjoicG9zdC11cmwiLCJhbmNob3JfdGV4dCI6IkFCQ0RhaXJlIG5cdTAwZTljZXNzYWlyZW1lbnQgcGFydGllbFx1MDBhMCg0MCkiLCJfZHIiOm51bGwsIl9kbCI6Ilwvd3AtY3Jvbi5waHA\/ZG9pbmdfd3BfY3Jvbj0xNzEwMDg4MzE0Ljk2NzIyNjAyODQ0MjM4MjgxMjUwMDAiLCJfZW4iOiJ3cGNvbV9lbWFpbF9jbGljayIsIl90cyI6MTcxMDA4ODQwNjMwMSwiYnJvd3Nlcl90eXBlIjoicGhwLWFnZW50IiwiX2F1YSI6IndwY29tLXRyYWNrcy1jbGllbnQtdjAuMyIsIl91bCI6bnVsbCwiYmxvZ190eiI6IjAiLCJ1c2VyX2xhbmciOm51bGx9&amp;_z=z\" target=\"_blank\" rel=\"noreferrer noopener\">ABCDaire n\u00e9cessairement partiel<\/a> (Entre les lignes entre les mots). <\/p>\n\n\n\n<p><a href=\"https:\/\/link.newsletter.radiofrance.fr\/m\/ml\/7429\/858308\/yQ5q-qCZ9N2oWg-vowVdZW9C5lXTLJmivm821gAfcU8=\/OjDVpIBWdS1tqMiIWJrs-pLRazOF6FUH\/\" title=\"\">La revanche des femelles<\/a> (France Culture).<\/p>\n\n\n\n<p><a href=\"https:\/\/www.fabula.org\/actualites\/119143\/les-jeux-olympiques-de-litterature-13-03.html\">Les jeux olympiques de litt\u00e9rature<\/a> (Fabula).<\/p>\n\n\n\n<p><a href=\"https:\/\/www.terrestres.org\/2024\/03\/09\/a-sevran-un-champ-de-possibles\/\">\u00c0 Sevran, un champ de possibles<\/a> (Terrestres).<\/p>\n\n\n\n<p><a href=\"https:\/\/www.telerama.fr\/cinema\/oscars-2024-oppenheimer-grand-gagnant-anatomie-d-une-chute-remporte-un-trophee-7019617.php\" title=\"\">Oscars 2024&nbsp;<\/a>(T\u00e9l\u00e9rama).<\/p>\n\n\n\n<div class=\"wp-block-columns is-layout-flex wp-container-core-columns-is-layout-9d6595d7 wp-block-columns-is-layout-flex\">\n<div class=\"wp-block-column is-layout-flow wp-block-column-is-layout-flow\" style=\"flex-basis:100%\"><div class=\"wp-block-image\">\n<figure class=\"alignleft size-large is-resized\"><img data-recalc-dims=\"1\" loading=\"lazy\" decoding=\"async\" width=\"1024\" height=\"683\" src=\"https:\/\/i0.wp.com\/www.rdpemancipation.org\/wp-content\/uploads\/2024\/03\/webp.webp?resize=1024%2C683&#038;ssl=1\" alt=\"\" class=\"wp-image-126550\" style=\"width:294px;height:auto\" srcset=\"https:\/\/i0.wp.com\/www.rdpemancipation.org\/wp-content\/uploads\/2024\/03\/webp.webp?resize=1024%2C683&amp;ssl=1 1024w, https:\/\/i0.wp.com\/www.rdpemancipation.org\/wp-content\/uploads\/2024\/03\/webp.webp?resize=300%2C200&amp;ssl=1 300w, https:\/\/i0.wp.com\/www.rdpemancipation.org\/wp-content\/uploads\/2024\/03\/webp.webp?resize=768%2C512&amp;ssl=1 768w, https:\/\/i0.wp.com\/www.rdpemancipation.org\/wp-content\/uploads\/2024\/03\/webp.webp?w=1200&amp;ssl=1 1200w\" sizes=\"auto, (max-width: 1024px) 100vw, 1024px\" \/><figcaption class=\"wp-element-caption\"><sup>Aux Oscars 2024&nbsp;: Robert Downey Jr. (\u00ab&nbsp;Oppenheimer&nbsp;\u00bb) et Da&rsquo;Vine Joy Randolph (\u00ab&nbsp;Winter Break&nbsp;\u00bb), meilleurs seconds r\u00f4les, Emma Stone (\u00ab&nbsp;Pauvres cr\u00e9atures&nbsp;\u00bb) meilleure actrice et Cillian Murphy(\u00ab&nbsp;Oppenheimer&nbsp;\u00bb), meilleur acteur. ROBYN BECK \/ AFP<\/sup><\/figcaption><\/figure>\n<\/div><\/div>\n<\/div>\n\n\n\n<p class=\"has-text-color has-link-color wp-elements-96e5bf0e03cbac92673ac53fc685180b\" style=\"color:#b80000\"><strong>9 mars<\/strong><\/p>\n\n\n\n<p><a href=\"https:\/\/link.newsletter.radiofrance.fr\/m\/ml\/7429\/858308\/yQ5q-qCZ9N2oWg-vowVdZW9C5lXTLJmivm821gAfcU8=\/OjDVpIBWdS1tqMiIWJrs-mFR1pKK0XpV81J6qntd0Do=\/\" title=\"\">La reine de Valen\u00e7a<\/a> (France Musique).<\/p>\n\n\n\n<p><a href=\"https:\/\/theconversationfrance.cmail20.com\/t\/r-l-tihdurkd-blkityhoi-x\/\" target=\"_blank\" rel=\"noreferrer noopener\">Dans \u00ab La Zone d\u2019int\u00e9r\u00eat \u00bb, une Allemagne nazie <\/a>(The Convesation).<\/p>\n\n\n\n<p><a href=\"https:\/\/link.newsletter.franceculture.fr\/m\/ml\/7429\/858423\/TaubnoBb0UMlNDhhJX9KcW9C5lXTLJmivm821gAfcU8=\/UAYMUnBj+ZUsYSBVj8t0RQAHIaRLxXDH\/\" target=\"_blank\" rel=\"noreferrer noopener\">Quand les femmes eurent le droit de voter<\/a> (France Culture).<\/p>\n\n\n\n<p><a href=\"https:\/\/www.en-attendant-nadeau.fr\/2024\/03\/09\/cela-releve-dune-autre-histoire-les-papillons-du-bagne\/\" title=\"\">Cela rel\u00e8ve d\u2019une autre histoire<\/a> (En attendant Nadeau).<\/p>\n\n\n\n<div class=\"wp-block-columns is-layout-flex wp-container-core-columns-is-layout-9d6595d7 wp-block-columns-is-layout-flex\">\n<div class=\"wp-block-column is-layout-flow wp-block-column-is-layout-flow\" style=\"flex-basis:100%\"><div class=\"wp-block-image\">\n<figure class=\"alignleft size-large is-resized\"><img data-recalc-dims=\"1\" loading=\"lazy\" decoding=\"async\" width=\"1024\" height=\"1024\" src=\"https:\/\/i0.wp.com\/www.rdpemancipation.org\/wp-content\/uploads\/2024\/03\/2475-S13-ROLIN-bertini-15.webp?resize=1024%2C1024&#038;ssl=1\" alt=\"\" class=\"wp-image-126494\" style=\"width:291px;height:auto\" srcset=\"https:\/\/i0.wp.com\/www.rdpemancipation.org\/wp-content\/uploads\/2024\/03\/2475-S13-ROLIN-bertini-15.webp?resize=1024%2C1024&amp;ssl=1 1024w, https:\/\/i0.wp.com\/www.rdpemancipation.org\/wp-content\/uploads\/2024\/03\/2475-S13-ROLIN-bertini-15.webp?resize=300%2C300&amp;ssl=1 300w, https:\/\/i0.wp.com\/www.rdpemancipation.org\/wp-content\/uploads\/2024\/03\/2475-S13-ROLIN-bertini-15.webp?resize=150%2C150&amp;ssl=1 150w, https:\/\/i0.wp.com\/www.rdpemancipation.org\/wp-content\/uploads\/2024\/03\/2475-S13-ROLIN-bertini-15.webp?resize=768%2C768&amp;ssl=1 768w, https:\/\/i0.wp.com\/www.rdpemancipation.org\/wp-content\/uploads\/2024\/03\/2475-S13-ROLIN-bertini-15.webp?resize=1536%2C1536&amp;ssl=1 1536w, https:\/\/i0.wp.com\/www.rdpemancipation.org\/wp-content\/uploads\/2024\/03\/2475-S13-ROLIN-bertini-15.webp?w=1600&amp;ssl=1 1600w\" sizes=\"auto, (max-width: 1024px) 100vw, 1024px\" \/><figcaption class=\"wp-element-caption\"><sup>Jean Rolin dans le train \u00a9 Jean-Luc Bertini<\/sup><\/figcaption><\/figure>\n<\/div><\/div>\n<\/div>\n\n\n\n<p> <\/p>\n\n\n\n<p class=\"has-text-color has-link-color wp-elements-81f146412ebdf6a8c64d687e75f80868\" style=\"color:#b30000\"><strong>8 mars<\/strong><\/p>\n\n\n\n<p><a href=\"https:\/\/link.newsletter.radiofrance.fr\/m\/ml\/7429\/858308\/yQ5q-qCZ9N2oWg-vowVdZW9C5lXTLJmivm821gAfcU8=\/OjDVpIBWdS1tqMiIWJrs-pOMIGOFioIn\/\" title=\"\">Les compositrices retrouv\u00e9es<\/a> (France Musique).<\/p>\n\n\n\n<p><a href=\"https:\/\/www.en-attendant-nadeau.fr\/2024\/03\/08\/un-frere-et-lautre-isabelle-coutant\/\" title=\"\">Un fr\u00e8re et l\u2019autre<\/a> (En attendant Nadeau).<\/p>\n\n\n\n<p><a href=\"https:\/\/link.newsletter.franceculture.fr\/m\/ml\/7429\/858216\/CxNVZIsjGFDmBRShvJ4V5m9C5lXTLJmivm821gAfcU8=\/GKAgt1n3q5S4elF9SNhtwGa6Ow0Hd1L5GMzmjYbpYGQ=\/\" target=\"_blank\" rel=\"noreferrer noopener\">Les mille et une vies de l&rsquo;humanisme<\/a> (France Culture).<\/p>\n\n\n\n<p><a href=\"https:\/\/www.liberation.fr\/culture\/livres\/les-donjons-de-ragon-20240306_K744KMH3NNH45KDHKQWHRBPSDQ\/\" title=\"\">Les donjons de Ragon<\/a> (Lib\u00e9ration).<\/p>\n\n\n\n<div class=\"wp-block-columns is-layout-flex wp-container-core-columns-is-layout-9d6595d7 wp-block-columns-is-layout-flex\">\n<div class=\"wp-block-column is-layout-flow wp-block-column-is-layout-flow\" style=\"flex-basis:100%\"><div class=\"wp-block-image\">\n<figure class=\"alignleft size-full is-resized\"><img data-recalc-dims=\"1\" loading=\"lazy\" decoding=\"async\" width=\"1024\" height=\"688\" src=\"https:\/\/i0.wp.com\/www.rdpemancipation.org\/wp-content\/uploads\/2024\/03\/NPJX7SUKXZECDCKZCGJUV543AU.jpg?resize=1024%2C688&#038;ssl=1\" alt=\"\" class=\"wp-image-126461\" style=\"width:300px;height:auto\" srcset=\"https:\/\/i0.wp.com\/www.rdpemancipation.org\/wp-content\/uploads\/2024\/03\/NPJX7SUKXZECDCKZCGJUV543AU.jpg?w=1024&amp;ssl=1 1024w, https:\/\/i0.wp.com\/www.rdpemancipation.org\/wp-content\/uploads\/2024\/03\/NPJX7SUKXZECDCKZCGJUV543AU.jpg?resize=300%2C202&amp;ssl=1 300w, https:\/\/i0.wp.com\/www.rdpemancipation.org\/wp-content\/uploads\/2024\/03\/NPJX7SUKXZECDCKZCGJUV543AU.jpg?resize=768%2C516&amp;ssl=1 768w\" sizes=\"auto, (max-width: 1024px) 100vw, 1024px\" \/><figcaption class=\"wp-element-caption\"><sup>Michel Ragon, en f\u00e9vrier 1977. (Sophie Bassouls\/Bridgeman Images)<\/sup><\/figcaption><\/figure>\n<\/div><\/div>\n<\/div>\n\n\n\n<p class=\"has-text-color has-link-color wp-elements-28312482bb3c6346641f706bd434fec1\" style=\"color:#b10000\"><strong>7 mars<\/strong><\/p>\n\n\n\n<p><a href=\"https:\/\/public-api.wordpress.com\/bar\/?stat=groovemails-events&amp;bin=wpcom_email_click&amp;redirect_to=https%3A%2F%2Fentreleslignesentrelesmots.wordpress.com%2F2024%2F03%2F06%2Ftrio-sans-piano-24%2F&amp;sr=0&amp;signature=a105292944763e7c8dde65799b6dcd91&amp;blog_id=12785448&amp;user=0ff88261f2c135c936be37d66e379a6f&amp;_e=eyJlcnJvciI6bnVsbCwiYmxvZ19pZCI6MTI3ODU0NDgsImJsb2dfbGFuZyI6ImZyLUZSIiwic2l0ZV9pZF9sYWJlbCI6IndwY29tIiwiaGFzX2ZlYXR1cmVkX2ltYWdlIjoiMCIsInN1YnNjcmliZXJfaWQiOiIzMDM5NzQ3NTMiLCJfdWkiOiIwZmY4ODI2MWYyYzEzNWM5MzZiZTM3ZDY2ZTM3OWE2ZiIsIl91dCI6ImFub24iLCJlbWFpbF9kb21haW4iOiJ5YWhvby5jb20iLCJwb3N0X2lkIjo3OTM5OCwidXNlcl9lbWFpbCI6ImNwcmV2b3N0OTFAeWFob28uY29tIiwiZGF0ZV9zZW50IjoiMjAyNC0wMy0wNiIsImVtYWlsX2lkIjoiNzM1NmI0NzZjNmQ1YjdiYWFmZDc3ZWJiY2ZlMDRiZWYiLCJlbWFpbF9uYW1lIjoibmV3LXBvc3QiLCJ0ZW1wbGF0ZSI6Im5ldy1wb3N0IiwibGlua19kZXNjIjoicG9zdC11cmwiLCJhbmNob3JfdGV4dCI6IlRyaW9cdTAwYTA6IHNhbnMgcGlhbm9cdTAwYTAoMjQpIiwiX2RyIjpudWxsLCJfZGwiOiJcL3dwLWNyb24ucGhwP2RvaW5nX3dwX2Nyb249MTcwOTc0MjYxMS4zNjM2MTE5MzY1NjkyMTM4NjcxODc1IiwiX2VuIjoid3Bjb21fZW1haWxfY2xpY2siLCJfdHMiOjE3MDk3NDI2OTc5MjcsImJyb3dzZXJfdHlwZSI6InBocC1hZ2VudCIsIl9hdWEiOiJ3cGNvbS10cmFja3MtY2xpZW50LXYwLjMiLCJfdWwiOm51bGwsImJsb2dfdHoiOiIwIiwidXNlcl9sYW5nIjpudWxsfQ=&amp;_z=z\" target=\"_blank\" rel=\"noreferrer noopener\">Trio&nbsp;: sans piano<\/a> (Entre les lignes entre les mots).<\/p>\n\n\n\n<p><a href=\"https:\/\/www.terrestres.org\/2024\/03\/06\/animaux-de-tous-les-pays-unissez-vous\/\" title=\"\">Animaux de tous les pays, unissez-vous&nbsp;!<\/a> (Terrestres).<\/p>\n\n\n\n<p><a href=\"https:\/\/www.en-attendant-nadeau.fr\/2024\/03\/05\/vers-une-culture-ecologique\/\" title=\"\">Vers une culture \u00e9cologique<\/a> (En attendant Nadeau).<\/p>\n\n\n\n<p><a href=\"https:\/\/link.newsletter.franceculture.fr\/m\/ml\/7429\/858020\/EbaIJWpYbGC9CX2WT7NCWG9C5lXTLJmivm821gAfcU8=\/FrfN7VVjrfdJyBurJoEtvnoeHkSrz0EugeQNZJQhgbE=\/\" target=\"_blank\" rel=\"noreferrer noopener\">Vincent Lindon&nbsp;: \u00ab\u00a0J&rsquo;aime beaucoup pleurer au cin\u00e9ma\u00a0\u00bb<\/a> (France Culture).<\/p>\n\n\n\n<div class=\"wp-block-columns is-layout-flex wp-container-core-columns-is-layout-9d6595d7 wp-block-columns-is-layout-flex\">\n<div class=\"wp-block-column is-layout-flow wp-block-column-is-layout-flow\" style=\"flex-basis:100%\"><div class=\"wp-block-image\">\n<figure class=\"alignleft size-full is-resized\"><img data-recalc-dims=\"1\" loading=\"lazy\" decoding=\"async\" width=\"560\" height=\"315\" src=\"https:\/\/i0.wp.com\/www.rdpemancipation.org\/wp-content\/uploads\/2024\/03\/560x315_sc_000-32be8m4.webp?resize=560%2C315&#038;ssl=1\" alt=\"\" class=\"wp-image-126422\" style=\"width:295px;height:auto\" srcset=\"https:\/\/i0.wp.com\/www.rdpemancipation.org\/wp-content\/uploads\/2024\/03\/560x315_sc_000-32be8m4.webp?w=560&amp;ssl=1 560w, https:\/\/i0.wp.com\/www.rdpemancipation.org\/wp-content\/uploads\/2024\/03\/560x315_sc_000-32be8m4.webp?resize=300%2C169&amp;ssl=1 300w\" sizes=\"auto, (max-width: 560px) 100vw, 560px\" \/><figcaption class=\"wp-element-caption\"><sup>Vincent Lindon lors de la c\u00e9r\u00e9monie de cl\u00f4ture de la 75e \u00e9dition du Festival de Cannes. \u00a9AFP &#8211; Valery HACHE<\/sup><\/figcaption><\/figure>\n<\/div><\/div>\n<\/div>\n\n\n\n<p class=\"has-text-color has-link-color wp-elements-a48d03b9ddfcac4eafa68a07f707f0fc\" style=\"color:#b10000\"><strong>6 mars<\/strong><\/p>\n\n\n\n<p><a href=\"https:\/\/www.liberation.fr\/culture\/scenes\/le-dramaturge-britannique-edward-bond-est-mort-20240305_OISQUW27QFFAZHFIFJOSFUVJ5I\/\" title=\"\">Le dramaturge britannique Edward Bond est mort<\/a> (Lib\u00e9ration).<\/p>\n\n\n\n<p><a href=\"https:\/\/www.humanite.fr\/culture-et-savoir\/cinema\/festival-cine-palestine-toulouse-occitanie-un-regard-sur-les-archives-cinematographiques-palestiniennes\" title=\"\">Festival Cin\u00e9-Palestine Toulouse<\/a> (L&rsquo;Humanit\u00e9).<\/p>\n\n\n\n<p><a href=\"https:\/\/www.fabula.org\/actualites\/119229\/fictions-du-collectif.html\">Fictions du collectif<\/a> (Fabula).<\/p>\n\n\n\n<p><a href=\"https:\/\/www.en-attendant-nadeau.fr\/2024\/03\/05\/american-nemesis-chatiment\/\" title=\"\">American Nemesis<\/a> (En attendant Nadeau).<\/p>\n\n\n\n<div class=\"wp-block-columns is-layout-flex wp-container-core-columns-is-layout-9d6595d7 wp-block-columns-is-layout-flex\">\n<div class=\"wp-block-column is-layout-flow wp-block-column-is-layout-flow\" style=\"flex-basis:100%\"><div class=\"wp-block-image\">\n<figure class=\"alignleft size-full is-resized\"><img data-recalc-dims=\"1\" loading=\"lazy\" decoding=\"async\" width=\"1000\" height=\"1000\" src=\"https:\/\/i0.wp.com\/www.rdpemancipation.org\/wp-content\/uploads\/2024\/03\/2769-J09-EVERETT-BERTINI-24.webp?resize=1000%2C1000&#038;ssl=1\" alt=\"\" class=\"wp-image-126359\" style=\"width:293px;height:auto\" srcset=\"https:\/\/i0.wp.com\/www.rdpemancipation.org\/wp-content\/uploads\/2024\/03\/2769-J09-EVERETT-BERTINI-24.webp?w=1000&amp;ssl=1 1000w, https:\/\/i0.wp.com\/www.rdpemancipation.org\/wp-content\/uploads\/2024\/03\/2769-J09-EVERETT-BERTINI-24.webp?resize=300%2C300&amp;ssl=1 300w, https:\/\/i0.wp.com\/www.rdpemancipation.org\/wp-content\/uploads\/2024\/03\/2769-J09-EVERETT-BERTINI-24.webp?resize=150%2C150&amp;ssl=1 150w, https:\/\/i0.wp.com\/www.rdpemancipation.org\/wp-content\/uploads\/2024\/03\/2769-J09-EVERETT-BERTINI-24.webp?resize=768%2C768&amp;ssl=1 768w\" sizes=\"auto, (max-width: 1000px) 100vw, 1000px\" \/><figcaption class=\"wp-element-caption\"><sup>Percival Everett chez lui, \u00e0 Los Angeles \u00a9 Jean-Luc Bertini<\/sup><\/figcaption><\/figure>\n<\/div><\/div>\n<\/div>\n\n\n\n<p class=\"has-text-color has-link-color wp-elements-609bf463e23a7a6937a24d519d8a9593\" style=\"color:#b30000\"><strong>5 mars<\/strong><\/p>\n\n\n\n<p><a href=\"https:\/\/www.liberation.fr\/culture\/scenes\/abysses-plongee-dans-la-tragedie-migratoire-20240303_IK4DX3XGSFC2THB5DSGNUOX42M\/\" title=\"\">\u00abAbysses\u00bb au Th\u00e9\u00e2tre 13, plong\u00e9e dans la trag\u00e9die migratoire<\/a> (Lib\u00e9ration).<\/p>\n\n\n\n<p><a href=\"https:\/\/www.europe-revue.net\/produit\/n-1139-anne-marie-albiach-louis-zukofsky-mars-2024\/\" title=\"\">Anne-Marie Albiach | Louis Zukofsky<\/a> (Revue Europe).<\/p>\n\n\n\n<p><a href=\"https:\/\/www.humanite.fr\/culture-et-savoir\/cinema\/carnets-de-siegfried-le-testament-cinematographique-de-terence-davies\" title=\"\">Carnets de Siegfried de Terence Davies<\/a> (L&rsquo;Humanit\u00e9).<\/p>\n\n\n\n<p><a href=\"https:\/\/link.newsletter.franceculture.fr\/m\/ml\/7429\/857622\/6tNeDEyJlz7dDISQbgUBHG9C5lXTLJmivm821gAfcU8=\/gyMhHtN1mqwGm9BwgxUdbOkiOYCA3fV4eYOZRwpC12E=\/\" target=\"_blank\" rel=\"noreferrer noopener\">Nougaro&nbsp;: le motsicien<\/a> (France Culture).<\/p>\n\n\n\n<div class=\"wp-block-columns is-layout-flex wp-container-core-columns-is-layout-9d6595d7 wp-block-columns-is-layout-flex\">\n<div class=\"wp-block-column is-layout-flow wp-block-column-is-layout-flow\" style=\"flex-basis:100%\"><div class=\"wp-block-image\">\n<figure class=\"alignleft size-full is-resized\"><img data-recalc-dims=\"1\" loading=\"lazy\" decoding=\"async\" width=\"560\" height=\"315\" src=\"https:\/\/i0.wp.com\/www.rdpemancipation.org\/wp-content\/uploads\/2024\/03\/560x315_sc_gettyimages-1362870424.webp?resize=560%2C315&#038;ssl=1\" alt=\"\" class=\"wp-image-126333\" style=\"width:289px;height:auto\" srcset=\"https:\/\/i0.wp.com\/www.rdpemancipation.org\/wp-content\/uploads\/2024\/03\/560x315_sc_gettyimages-1362870424.webp?w=560&amp;ssl=1 560w, https:\/\/i0.wp.com\/www.rdpemancipation.org\/wp-content\/uploads\/2024\/03\/560x315_sc_gettyimages-1362870424.webp?resize=300%2C169&amp;ssl=1 300w\" sizes=\"auto, (max-width: 560px) 100vw, 560px\" \/><figcaption class=\"wp-element-caption\"><sup>Claude Nougaro dans sa maison en ao\u00fbt 1985 \u00a9Getty &#8211; Alain DENIZE\/Gamma-Rapho via Getty Images<\/sup><\/figcaption><\/figure>\n<\/div><\/div>\n<\/div>\n\n\n\n<p class=\"has-text-color has-link-color wp-elements-533dcb2e778a2a31279cc03ce033fb8d\" style=\"color:#b70000\"><strong>4 mars<\/strong><\/p>\n\n\n\n<p><a href=\"https:\/\/public-api.wordpress.com\/bar\/?stat=groovemails-events&amp;bin=wpcom_email_click&amp;redirect_to=https%3A%2F%2Fentreleslignesentrelesmots.wordpress.com%2F2024%2F03%2F03%2Fvoyages-dans-le-temps-et-lespace-29%2F&amp;sr=0&amp;signature=499a452bd001901ad17df6747138c5b7&amp;blog_id=12785448&amp;user=0ff88261f2c135c936be37d66e379a6f&amp;_e=eyJlcnJvciI6bnVsbCwiYmxvZ19pZCI6MTI3ODU0NDgsImJsb2dfbGFuZyI6ImZyLUZSIiwic2l0ZV9pZF9sYWJlbCI6IndwY29tIiwiaGFzX2ZlYXR1cmVkX2ltYWdlIjoiMCIsInN1YnNjcmliZXJfaWQiOiIzMDM5NzQ3NTMiLCJfdWkiOiIwZmY4ODI2MWYyYzEzNWM5MzZiZTM3ZDY2ZTM3OWE2ZiIsIl91dCI6ImFub24iLCJlbWFpbF9kb21haW4iOiJ5YWhvby5jb20iLCJwb3N0X2lkIjo3OTM2OSwidXNlcl9lbWFpbCI6ImNwcmV2b3N0OTFAeWFob28uY29tIiwiZGF0ZV9zZW50IjoiMjAyNC0wMy0wMyIsImVtYWlsX2lkIjoiMTMwMzNlNGFjMWMxYmRiYjUzZTliYmE3NmE4YzNmZmIiLCJlbWFpbF9uYW1lIjoibmV3LXBvc3QiLCJ0ZW1wbGF0ZSI6Im5ldy1wb3N0IiwibGlua19kZXNjIjoicG9zdC11cmwiLCJhbmNob3JfdGV4dCI6IlZveWFnZXMgZGFucyBsZSB0ZW1wcyBldCBsXHUyMDE5ZXNwYWNlXHUwMGEwKDI5KSIsIl9kciI6bnVsbCwiX2RsIjoiXC93cC1jcm9uLnBocD9kb2luZ193cF9jcm9uPTE3MDk0ODM0MjcuNDcyMTUwMDg3MzU2NTY3MzgyODEyNSIsIl9lbiI6IndwY29tX2VtYWlsX2NsaWNrIiwiX3RzIjoxNzA5NDgzNTE0NDk4LCJicm93c2VyX3R5cGUiOiJwaHAtYWdlbnQiLCJfYXVhIjoid3Bjb20tdHJhY2tzLWNsaWVudC12MC4zIiwiX3VsIjpudWxsLCJibG9nX3R6IjoiMCIsInVzZXJfbGFuZyI6bnVsbH0&amp;_z=z\" target=\"_blank\" rel=\"noreferrer noopener\">Voyages dans le temps et l\u2019espace&nbsp;<\/a>(Entre les lignes entre les mots).<\/p>\n\n\n\n<p><a href=\"https:\/\/www.fabula.org\/actualites\/119190\/sur-les-oeuvres-de-louise-labe.html\">Lire les <em>\u0152uvres<\/em> de Louise Lab\u00e9<\/a> (Fabula).<\/p>\n\n\n\n<p><a href=\"https:\/\/actualitte.com\/article\/116027\/insolite\/la-librairie-ou-tous-les-livres-sont-gratuits\" title=\"\">La librairie o\u00f9 tous les livres sont gratuits<\/a> (ActtuaLitt\u00e9).<\/p>\n\n\n\n<p><a href=\"https:\/\/www.politis.fr\/articles\/2024\/02\/mustapha-saha-bouquinistes-la-protestation-est-venue-de-letranger\/\" title=\"\">Bouquinistes\u2009: la protestation est venue de l\u2019\u00e9tranger<\/a> (Politis).<\/p>\n\n\n\n<div class=\"wp-block-columns is-layout-flex wp-container-core-columns-is-layout-9d6595d7 wp-block-columns-is-layout-flex\">\n<div class=\"wp-block-column is-layout-flow wp-block-column-is-layout-flow\" style=\"flex-basis:100%\"><div class=\"wp-block-image\">\n<figure class=\"alignleft size-full is-resized\"><img data-recalc-dims=\"1\" loading=\"lazy\" decoding=\"async\" width=\"605\" height=\"402\" src=\"https:\/\/i0.wp.com\/www.rdpemancipation.org\/wp-content\/uploads\/2024\/03\/image-1.png?resize=605%2C402&#038;ssl=1\" alt=\"\" class=\"wp-image-126306\" style=\"width:294px;height:auto\" srcset=\"https:\/\/i0.wp.com\/www.rdpemancipation.org\/wp-content\/uploads\/2024\/03\/image-1.png?w=605&amp;ssl=1 605w, https:\/\/i0.wp.com\/www.rdpemancipation.org\/wp-content\/uploads\/2024\/03\/image-1.png?resize=300%2C199&amp;ssl=1 300w\" sizes=\"auto, (max-width: 605px) 100vw, 605px\" \/><figcaption class=\"wp-element-caption\"><sup>Les bouquinistes pr\u00e8s de la cath\u00e9drale Notre-Dame, le 24 octobre 2023. \u00a9 MIGUEL MEDINA \/ AFP<\/sup><\/figcaption><\/figure>\n<\/div><\/div>\n<\/div>\n\n\n\n<p class=\"has-base-3-color has-text-color has-link-color wp-elements-d368a039019350fed1410bfad43f1b67\"><\/p>\n\n\n\n<p class=\"has-text-color has-link-color wp-elements-f6336e98f159833f509f2fedecda1b39\" style=\"color:#b00000\"><strong>3 mars<\/strong><\/p>\n\n\n\n<p><a href=\"https:\/\/www.frustrationmagazine.fr\/?mailpoet_router&amp;endpoint=track&amp;action=click&amp;data=WyI1ODk2IiwiNDljMGQzZTU3YWRjZjUwNmVkMTAxNWMzZmI4NGUwNDEiLCIzMjI4IiwiNjNkZDYxMTAxMjAxIixmYWxzZV0\" title=\"\">Le d\u00e9sir d\u2019habiter quelque part<\/a> (Frustration).<\/p>\n\n\n\n<p><a href=\"https:\/\/www.blast-info.fr\/articles\/2024\/bug-le-plus-incandescent-chef-doeuvre-de-william-friedkin-9SwO6Qv2TZeDi6wFMNAFKg\" title=\"\">Bug : Le plus incandescent chef-d\u2019\u0153uvre de William Friedkin<\/a> (Blast).<\/p>\n\n\n\n<p><a href=\"https:\/\/doublemarge.com\/fille-de-de-christian-roux\/\" title=\"\">Fille de de Christian Roux<\/a> (Double marge).<\/p>\n\n\n\n<p><a href=\"https:\/\/www.telerama.fr\/plateformes\/sh-gun-furies-the-split-que-valent-les-series-de-la-semaine-7019497.php\" title=\"\">Que valent les s\u00e9ries de la semaine&nbsp;?<\/a> (T\u00e9l\u00e9rama).<\/p>\n\n\n\n<p class=\"has-base-3-color has-text-color has-link-color wp-elements-6fd0f21400364dda7d3ce84a0d6f65e4\">.<\/p>\n\n\n\n<p class=\"has-text-color has-link-color wp-elements-f2737c3883219126d3ffa9184e252e32\" style=\"color:#b20000\"><strong>2 mars<\/strong><\/p>\n\n\n\n<p><a href=\"https:\/\/link.newsletter.franceculture.fr\/m\/ml\/7429\/857054\/IAShWxkqcKIFZ4XnB9xD4W9C5lXTLJmivm821gAfcU8=\/+tvhXBgFgJRZBcRvPXiX3VbKgtMKTHIKeBRjhWZSby0=\/\" target=\"_blank\" rel=\"noreferrer noopener\">De 1936 \u00e0 aujourd\u2019hui, la bataille du rail<\/a> (France Culture).<\/p>\n\n\n\n<p><a href=\"https:\/\/www.monde-diplomatique.fr\/2024\/03\/DERENS\/66672\" title=\"\">Une mer et ses guerres<\/a> (Le Monde diplomatique).<\/p>\n\n\n\n<p><a href=\"https:\/\/www.telerama.fr\/radio\/sur-france-musique-trois-emissions-tout-en-sons-et-frissons-7019483.php\" title=\"\">Sur France Musique, trois \u00e9missions tout en sons et frissons<\/a> (T\u00e9l\u00e9rama).<\/p>\n\n\n\n<p><a href=\"https:\/\/www.en-attendant-nadeau.fr\/2024\/03\/02\/embrouilles-sur-le-bosphore-dimitrios\/\" title=\"\">Embrouilles sur le Bosphore<\/a> ( En attendant Nadeau).<\/p>\n\n\n\n<div class=\"wp-block-columns is-layout-flex wp-container-core-columns-is-layout-9d6595d7 wp-block-columns-is-layout-flex\">\n<div class=\"wp-block-column is-layout-flow wp-block-column-is-layout-flow\" style=\"flex-basis:100%\"><div class=\"wp-block-image\">\n<figure class=\"alignleft size-large is-resized\"><img data-recalc-dims=\"1\" loading=\"lazy\" decoding=\"async\" width=\"1024\" height=\"684\" src=\"https:\/\/i0.wp.com\/www.rdpemancipation.org\/wp-content\/uploads\/2024\/03\/ocean-istanbul-bateau-croisiere_53876-42289-1536x1026-1.webp?resize=1024%2C684&#038;ssl=1\" alt=\"\" class=\"wp-image-126269\" style=\"width:294px;height:auto\" srcset=\"https:\/\/i0.wp.com\/www.rdpemancipation.org\/wp-content\/uploads\/2024\/03\/ocean-istanbul-bateau-croisiere_53876-42289-1536x1026-1.webp?resize=1024%2C684&amp;ssl=1 1024w, https:\/\/i0.wp.com\/www.rdpemancipation.org\/wp-content\/uploads\/2024\/03\/ocean-istanbul-bateau-croisiere_53876-42289-1536x1026-1.webp?resize=300%2C200&amp;ssl=1 300w, https:\/\/i0.wp.com\/www.rdpemancipation.org\/wp-content\/uploads\/2024\/03\/ocean-istanbul-bateau-croisiere_53876-42289-1536x1026-1.webp?resize=768%2C513&amp;ssl=1 768w, https:\/\/i0.wp.com\/www.rdpemancipation.org\/wp-content\/uploads\/2024\/03\/ocean-istanbul-bateau-croisiere_53876-42289-1536x1026-1.webp?w=1536&amp;ssl=1 1536w\" sizes=\"auto, (max-width: 1024px) 100vw, 1024px\" \/><figcaption class=\"wp-element-caption\"><sup>Istanbul \u00a9 Rawpixel<\/sup><\/figcaption><\/figure>\n<\/div><\/div>\n<\/div>\n\n\n\n<p class=\"has-text-color has-link-color wp-elements-b36bf78a49865a301b37495c23dea36f\" style=\"color:#ae0000\"><strong>1er mars<\/strong><\/p>\n\n\n\n<p><a href=\"https:\/\/www.monde-diplomatique.fr\/2024\/03\/ARTUS\/66661\" title=\"\">Le charme discret de l\u2019humanitaire<\/a> (Le Monde diplomatique).<\/p>\n\n\n\n<p><a href=\"https:\/\/www.liberation.fr\/culture\/biennale-de-venise-12-000-acteurs-du-monde-de-lart-reclament-lexclusion-disrael-20240228_WDCSWFYWUVAWDN7PK2ZEWXQWSQ\/\"> Venise&nbsp;: 12&nbsp;000 acteurs du monde de l\u2019art r\u00e9clament l\u2019exclusion d\u2019Isra\u00ebl<\/a> (Lib\u00e9ration).<\/p>\n\n\n\n<p><a href=\"https:\/\/doublemarge.com\/avez-vous-vu-la-zone-dinteret-de-jonathan-glazer\/\" title=\"\">Avez-vous vu La zone d\u2019int\u00e9r\u00eat de Jonathan Glazer&nbsp;?<\/a> (Double marge).<\/p>\n\n\n\n<p><a href=\"https:\/\/www.lemonde.fr\/disparitions\/article\/2024\/02\/29\/le-realisateur-italien-paolo-taviani-est-mort_6219343_3382.html\" title=\"\">Le r\u00e9alisateur italien Paolo Taviani est mort<\/a> (Le Monde).<\/p>\n\n\n\n<p><a href=\"https:\/\/www.en-attendant-nadeau.fr\/2024\/02\/27\/entre-police-et-justice-les-violences-brav-m\/\">Les violences d\u2019\u00c9tat entre police et justice<\/a> (En attendant Nadeau).<\/p>\n\n\n\n<div class=\"wp-block-columns is-layout-flex wp-container-core-columns-is-layout-9d6595d7 wp-block-columns-is-layout-flex\">\n<div class=\"wp-block-column is-layout-flow wp-block-column-is-layout-flow\" style=\"flex-basis:100%\"><div class=\"wp-block-image\">\n<figure class=\"alignleft size-large is-resized\"><img data-recalc-dims=\"1\" loading=\"lazy\" decoding=\"async\" width=\"1024\" height=\"563\" src=\"https:\/\/i0.wp.com\/www.rdpemancipation.org\/wp-content\/uploads\/2024\/03\/2560px-2019-01_Manif._Rouen-20-2019-01-05_45885184765_cropped-1536x844-1.webp?resize=1024%2C563&#038;ssl=1\" alt=\"\" class=\"wp-image-126200\" style=\"width:293px;height:auto\" srcset=\"https:\/\/i0.wp.com\/www.rdpemancipation.org\/wp-content\/uploads\/2024\/03\/2560px-2019-01_Manif._Rouen-20-2019-01-05_45885184765_cropped-1536x844-1.webp?resize=1024%2C563&amp;ssl=1 1024w, https:\/\/i0.wp.com\/www.rdpemancipation.org\/wp-content\/uploads\/2024\/03\/2560px-2019-01_Manif._Rouen-20-2019-01-05_45885184765_cropped-1536x844-1.webp?resize=300%2C165&amp;ssl=1 300w, https:\/\/i0.wp.com\/www.rdpemancipation.org\/wp-content\/uploads\/2024\/03\/2560px-2019-01_Manif._Rouen-20-2019-01-05_45885184765_cropped-1536x844-1.webp?resize=768%2C422&amp;ssl=1 768w, https:\/\/i0.wp.com\/www.rdpemancipation.org\/wp-content\/uploads\/2024\/03\/2560px-2019-01_Manif._Rouen-20-2019-01-05_45885184765_cropped-1536x844-1.webp?w=1536&amp;ssl=1 1536w\" sizes=\"auto, (max-width: 1024px) 100vw, 1024px\" \/><figcaption class=\"wp-element-caption\"><sup>Manifestants face aux forces de l\u2019ordre \u00e0 Rouen, le 5 janvier 2019 \u00a9 Domaine public<\/sup><\/figcaption><\/figure>\n<\/div><\/div>\n<\/div>\n","protected":false},"excerpt":{"rendered":"<p>30 mars Canguilhem, ou les malades avant la maladie (France Culture). Plong\u00e9e dans les coulisses d\u2019un empire en guerre (Nonfiction). Le capitalisme, la terre, les communs (Contretemps). Un Richard Wright pour notre temps (Le Monde). 29 mars Enfin un film politique qui refile une p\u00eache d\u2019enfer (Le Poing). Le Bol\u00e9ro, comment \u00e7a marche ? (France &#8230; <a title=\"Mars &#8211; Cultures\" class=\"read-more\" href=\"https:\/\/www.rdpemancipation.org\/?p=126171\" aria-label=\"En savoir plus sur Mars &#8211; Cultures\">Lire la suite<\/a><\/p>\n","protected":false},"author":1,"featured_media":0,"comment_status":"closed","ping_status":"closed","sticky":false,"template":"","format":"standard","meta":{"_lmt_disableupdate":"","_lmt_disable":"","_jetpack_memberships_contains_paid_content":false,"footnotes":""},"categories":[25],"tags":[],"class_list":["post-126171","post","type-post","status-publish","format-standard","hentry","category-cultures"],"modified_by":"cpr","jetpack_featured_media_url":"","jetpack_sharing_enabled":true,"_links":{"self":[{"href":"https:\/\/www.rdpemancipation.org\/index.php?rest_route=\/wp\/v2\/posts\/126171","targetHints":{"allow":["GET"]}}],"collection":[{"href":"https:\/\/www.rdpemancipation.org\/index.php?rest_route=\/wp\/v2\/posts"}],"about":[{"href":"https:\/\/www.rdpemancipation.org\/index.php?rest_route=\/wp\/v2\/types\/post"}],"author":[{"embeddable":true,"href":"https:\/\/www.rdpemancipation.org\/index.php?rest_route=\/wp\/v2\/users\/1"}],"replies":[{"embeddable":true,"href":"https:\/\/www.rdpemancipation.org\/index.php?rest_route=%2Fwp%2Fv2%2Fcomments&post=126171"}],"version-history":[{"count":155,"href":"https:\/\/www.rdpemancipation.org\/index.php?rest_route=\/wp\/v2\/posts\/126171\/revisions"}],"predecessor-version":[{"id":127252,"href":"https:\/\/www.rdpemancipation.org\/index.php?rest_route=\/wp\/v2\/posts\/126171\/revisions\/127252"}],"wp:attachment":[{"href":"https:\/\/www.rdpemancipation.org\/index.php?rest_route=%2Fwp%2Fv2%2Fmedia&parent=126171"}],"wp:term":[{"taxonomy":"category","embeddable":true,"href":"https:\/\/www.rdpemancipation.org\/index.php?rest_route=%2Fwp%2Fv2%2Fcategories&post=126171"},{"taxonomy":"post_tag","embeddable":true,"href":"https:\/\/www.rdpemancipation.org\/index.php?rest_route=%2Fwp%2Fv2%2Ftags&post=126171"}],"curies":[{"name":"wp","href":"https:\/\/api.w.org\/{rel}","templated":true}]}}