{"id":126169,"date":"2024-03-01T00:40:00","date_gmt":"2024-02-29T23:40:00","guid":{"rendered":"https:\/\/www.rdpemancipation.org\/?p=126169"},"modified":"2024-04-16T19:18:55","modified_gmt":"2024-04-16T17:18:55","slug":"mars-medias-3","status":"publish","type":"post","link":"https:\/\/www.rdpemancipation.org\/?p=126169","title":{"rendered":"Mars &#8211; M\u00e9dias"},"content":{"rendered":"\n<p><\/p>\n\n\n\n<p><strong><mark style=\"background-color:rgba(0, 0, 0, 0);color:#ed1010\" class=\"has-inline-color\">31 mars<\/mark><\/strong><\/p>\n\n\n\n<p><a href=\"https:\/\/www.youtube.com\/watch?v=e5WwkBARVPA\">Isra\u00ebl\/Palestine: un naufrage m\u00e9diatique sans pr\u00e9c\u00e9dent<\/a> (Blast)<\/p>\n\n\n\n<p><a href=\"https:\/\/www.youtube.com\/watch?v=rPaHsMZ7pts\">France info: pour qui roulent les inform\u00e9s?<\/a> (Blast)<\/p>\n\n\n\n<p><strong><mark style=\"background-color:rgba(0, 0, 0, 0);color:#ed1010\" class=\"has-inline-color\">30 mars<\/mark><\/strong><\/p>\n\n\n\n<p><a href=\"https:\/\/www.acrimed.org\/Independance-des-redactions-La-Provence-Assange\">Ind\u00e9pendance des r\u00e9dactions,&nbsp;<em>La Provence<\/em>, Assange et compagnie&nbsp;: revue de presse de la semaine<\/a> (Acrimed)<\/p>\n\n\n\n<p><a href=\"https:\/\/www.acrimed.org\/Le-Pen-donnee-gagnante-rampe-de-lancement\">\u00ab&nbsp;Le Pen donn\u00e9e gagnante&nbsp;\u00bb&nbsp;: rampe de lancement m\u00e9diatico-sondagi\u00e8re pour le RN<\/a> (Acrimed)<\/p>\n\n\n\n<p><a href=\"https:\/\/www.alternatives-economiques.fr\/blanche-segrestin\/meilleure-gouvernance-entreprises-de-presse\/00110079\" target=\"_blank\" rel=\"noreferrer noopener\">Quelle meilleure gouvernance pour les entreprises de presse ?<\/a>&nbsp; (Alter \u00e9co)<\/p>\n\n\n\n<p><a href=\"https:\/\/www.blast-info.fr\/articles\/2024\/julian-assange-toujours-en-sursis-S8aD8WX_SRSQ_-7jx6Ze6Q\" target=\"_blank\" rel=\"noreferrer noopener\">Julian Assange, toujours en sursis<\/a>&nbsp;(Blast)<\/p>\n\n\n\n<p><a href=\"https:\/\/lvsl.fr\/si-assange-est-extrade-il-sera-coupable-avant-meme-davoir-ete-juge-stella-assange\/\"><strong>\u00ab Si Assange est extrad\u00e9, il sera coupable avant m\u00eame d\u2019avoir \u00e9t\u00e9 jug\u00e9 \u00bb<\/strong>&nbsp;\u2013 Stella Assange<\/a>&nbsp;(Le Vent Se L\u00e8ve)<\/p>\n\n\n\n<p><a href=\"https:\/\/www.arretsurimages.net\/articles\/saade-perd-la-confiance-de-trois-redactions-en-une-semaine\" target=\"_blank\" rel=\"noreferrer noopener\">Saad\u00e9 perd la confiance de trois r\u00e9dactions en une semaine<\/a>&nbsp;(Arr\u00eat sur images)<\/p>\n\n\n\n<p><a href=\"https:\/\/www.blast-info.fr\/articles\/2024\/emmanuel-macron-soigne-sa-droite-anatomie-dune-photographie-olympienne-nPsq7Ou0TOajN56ykt38ow\">Emmanuel Macron soigne sa droite : anatomie d\u2019une photographie olympienne<\/a>&nbsp;(Blast)<\/p>\n\n\n\n<p><a href=\"https:\/\/www.blast-info.fr\/articles\/2024\/le-monde-gaza-et-les-banlieues-tQy9GBlXQeinEoOINxsg0w\" target=\"_blank\" rel=\"noreferrer noopener\">Le Monde, Gaza et les \u00ab banlieues \u00bb<\/a>&nbsp;(Blast)<\/p>\n\n\n\n<p><a href=\"https:\/\/www.arretsurimages.net\/chroniques\/obsessions\/rodolphe-saade-revelateur-dilliberalisme\">Rodolphe Saad\u00e9, r\u00e9v\u00e9lateur d&rsquo;illib\u00e9ralisme<\/a>&nbsp;(Arr\u00eat sur image)<\/p>\n\n\n\n<p><a href=\"https:\/\/www.rfi.fr\/fr\/podcasts\/chronique-des-m%C3%A9dias\/20240322-les-grands-m%C3%A9dias-d%C3%A9tenus-par-une-poign%C3%A9e-d-industriels-une-exception-fran%C3%A7aise\">Les grands m\u00e9dias d\u00e9tenus par une poign\u00e9e d\u2019industriels, une exception fran\u00e7aise<\/a>&nbsp;(RFI)<\/p>\n\n\n\n<p><strong><mark style=\"background-color:rgba(0, 0, 0, 0);color:#ed1010\" class=\"has-inline-color\">24 mars<\/mark><\/strong><\/p>\n\n\n\n<p><a href=\"https:\/\/www.francetvinfo.fr\/politique\/emmanuel-macron\/la-provence-le-quotidien-regional-en-greve-apres-la-mise-a-pied-de-son-directeur_6444223.html\">La Provence : le quotidien r\u00e9gional en gr\u00e8ve illimit\u00e9e apr\u00e8s la mise \u00e0 pied de son directeur<\/a> (France Info)<\/p>\n\n\n\n<p><a href=\"https:\/\/www.bfmtv.com\/economie\/apres-la-crise-a-la-provence-la-redaction-de-la-tribune-s-est-prononcee-pour-une-greve-mardi_AD-202403220784.html\">Apr\u00e8s la crise \u00e0 La Provence, la r\u00e9daction de La Tribune s&rsquo;est prononc\u00e9e pour une gr\u00e8ve mardi<\/a> (BFMTV)<\/p>\n\n\n\n<p><a href=\"https:\/\/www.laprovence.com\/article\/france-monde\/3901278329598115\/crise-au-quotidien-la-provence-apres-une-une-sur-la-visite-de-macron\">Crise \u00e0 La Provence et dans les m\u00e9dias de Saad\u00e9, apr\u00e8s une Une sur la visite de Macron<\/a> (La Provence)<\/p>\n\n\n\n<p><a href=\"https:\/\/www.huffingtonpost.fr\/politique\/article\/macron-a-marseille-la-mise-a-pied-d-aurelien-viers-de-la-provence-relance-le-debat-sur-l-independance-des-medias_231652.html\">Le cas \u00ab&nbsp;La Provence&nbsp;\u00bb indigne et relance le d\u00e9bat sur l\u2019ind\u00e9pendance des m\u00e9dias<\/a> (Huffpost)<\/p>\n\n\n\n<p><a href=\"https:\/\/api.indigo-net.com\/email\/RedirectionEmailing?mail=n.chevillard@noos.fr&amp;ID=597412&amp;DOCIID=109703480&amp;ENAIID=871367&amp;RETOUR=SIMPLE&amp;link=https:\/\/www.lalettre.fr\/fr\/medias_presse-ecrite\/2024\/03\/22\/rodolphe-saade-sanctionne-le-directeur-de-la-redaction-de-la-provence,110195369-art?utm_source=LLA&amp;utm_medium=email&amp;utm_campaign=PROS_EDIT_ALE\" target=\"_blank\" rel=\"noreferrer noopener\">Rodolphe Saad\u00e9 sanctionne le directeur de la r\u00e9daction de La Provence<\/a> (La Lettre)<\/p>\n\n\n\n<p><a href=\"https:\/\/www.acrimed.org\/Colere-des-enseignants-mobilisation-en-Seine\" target=\"_blank\" rel=\"noreferrer noopener\">Col\u00e8re des enseignants, mobilisation en Seine-Saint-Denis : France Info fait l&rsquo;impasse<\/a>&nbsp;(Acrimed)<\/p>\n\n\n\n<p><a href=\"https:\/\/www.acrimed.org\/Saade-Dupont-de-Ligonnes-60-Millions-de\" target=\"_blank\" rel=\"noreferrer noopener\">Saad\u00e9, Dupont de Ligonn\u00e8s, 60 Millions de consommateurs et compagnie : revue de presse de la semaine<\/a>&nbsp;(Acrimed)<\/p>\n\n\n\n<p><a href=\"https:\/\/www.blast-info.fr\/articles\/2024\/macron-saade-la-nouvelle-ligne-editoriale-7HK89v00RG2cv8fhkueoPA\" target=\"_blank\" rel=\"noreferrer noopener\">Macron-Saad\u00e9, la nouvelle ligne \u00e9ditoriale<\/a>&nbsp;(Blast)<\/p>\n\n\n\n<p><strong><mark style=\"background-color:rgba(0, 0, 0, 0);color:#ed1010\" class=\"has-inline-color\">21 mars<\/mark><\/strong><\/p>\n\n\n\n<p><a href=\"https:\/\/www.mediapart.fr\/journal\/economie-et-social\/200324\/milliardaires-et-politiques-la-liberte-de-l-information-toujours-plus-menacee\">Milliardaires et politique: la libert\u00e9 d&rsquo;information toujours plus menac\u00e9e<\/a> (M\u00e9diapart)<\/p>\n\n\n\n<p><a href=\"https:\/\/api.indigo-net.com\/email\/RedirectionEmailing?mail=n.chevillard@noos.fr&amp;ID=597055&amp;DOCIID=109703480&amp;ENAIID=871009&amp;RETOUR=SIMPLE&amp;link=https:\/\/www.lalettre.fr\/fr\/medias_presse-ecrite\/2024\/03\/21\/quand-une-zemmouriste-signe-chez-valeurs-actuelles,110194463-bre?cxt=PUB&amp;utm_source=LLA&amp;utm_medium=email&amp;utm_campaign=AUTO_EDIT_SOM_PROS\" target=\"_blank\" rel=\"noreferrer noopener\">Quand une zemmouriste signe chez Valeurs actuelles<\/a> (La Lettre)<\/p>\n\n\n\n<p><a href=\"https:\/\/juste-milieu.fr\/rodolphe-saade-un-proche-de-macron-nouveau-roi-des-medias\/?utm_source=sfmc&amp;utm_medium=email&amp;utm_campaign=354+-+M%C3%A9dias++pire+que+Bollor%C3%A9&amp;isBat=false&amp;d=JUM_Hors_GNT&amp;sk=cGhpbGlwcGUubGFuZG9uQGhvdG1haWwuZnI=&amp;e=8d889665b19d91074f38f6d7dc1dbb1106f3018952c8c62dee38bb7e7d296535&amp;j=2595033&amp;l=491&amp;b=8003&amp;sid=4258623&amp;senddate=2024-03-19\">Rodolphe Saad\u00e9 : un proche de Macron nouveau roi des m\u00e9dias<\/a>&nbsp;(Juste Milieu)<\/p>\n\n\n\n<p><a href=\"https:\/\/www.courrierinternational.com\/article\/vu-de-suisse-rodolphe-saade-le-nouveau-bollore-version-macron?xtor=EREC-20-20240318-4-nl_quotidienne\">Rodolphe Saad\u00e9, le \u201cnouveau Bollor\u00e9\u201d version Macron<\/a>&nbsp;(Courrier international)<\/p>\n\n\n\n<p><a href=\"https:\/\/lareleveetlapeste.fr\/lancement-de-lobservatoire-francais-des-atteintes-a-la-liberte-de-la-presse\/\"><strong>Lancement de l\u2019Observatoire Fran\u00e7ais des atteintes \u00e0 la libert\u00e9 de la presse<\/strong><\/a> (La rel\u00e8ve et la peste)<\/p>\n\n\n\n<p><a href=\"https:\/\/blogs.mediapart.fr\/o-le-cour-grandmaison\/blog\/190324\/resister-l-offensive-de-vincent-bollore-une-urgence-democratique\">R\u00e9sister \u00e0 l\u2019offensive de Vincent Bollor\u00e9&nbsp;: une urgence d\u00e9mocratique<\/a>&nbsp;(O. Le Cour Grandmaison)<\/p>\n\n\n\n<p><strong><mark style=\"background-color:rgba(0, 0, 0, 0);color:#ed1010\" class=\"has-inline-color\">20 mars<\/mark><\/strong><\/p>\n\n\n\n<p><a href=\"https:\/\/blogs.mediapart.fr\/o-le-cour-grandmaison\/blog\/190324\/resister-l-offensive-de-vincent-bollore-une-urgence-democratique\">R\u00e9sister \u00e0 l\u2019offensive de Vincent Bollor\u00e9 : une urgence d\u00e9mocratique<\/a> (Blog OLGM)<\/p>\n\n\n\n<p><a href=\"https:\/\/www.mediapart.fr\/journal\/economie-et-social\/150324\/bfmtv-passe-d-un-milliardaire-l-autre\" target=\"_blank\" rel=\"noreferrer noopener\">BFMTV passe d\u2019un milliardaire \u00e0 l\u2019autre<\/a>&nbsp;-Martine Orange (Mediapart)<\/p>\n\n\n\n<p><a href=\"https:\/\/www.liberation.fr\/economie\/medias\/patrick-drahi-cede-bfm-tv-et-rmc-a-rodolphe-saade-le-monopoly-des-medias-continue-20240315_52FUUI2IV5HXVNCQBQXDTNGTUA\/\">Patrick Drahi c\u00e8de BFM TV et RMC \u00e0 Rodolphe Saad\u00e9 : le monopoly des m\u00e9dias continue<\/a> (Lib\u00e9ration)<\/p>\n\n\n\n<p><a href=\"https:\/\/www.blast-info.fr\/articles\/2024\/blast-en-diffamation-proces-gagne-contre-maxime-renahy-et-juan-branco-A1BcPEz1SVSBqAzXhEl00A\" target=\"_blank\" rel=\"noreferrer noopener\">Blast en diffamation : proc\u00e8s gagn\u00e9 contre Maxime Renahy (et Juan Branco)<\/a> (Blast)<\/p>\n\n\n\n<p><a href=\"https:\/\/www.blast-info.fr\/articles\/2024\/montagne-le-dauphine-libere-sous-lemprise-de-lindustrie-du-ski-TswmtTAFRgeOkWMqOuU-nQ\" target=\"_blank\" rel=\"noreferrer noopener\">Montagne : Le Dauphin\u00e9 lib\u00e9r\u00e9 sous l&#8217;emprise de l&rsquo;industrie du ski<\/a>&nbsp; (Blast)<\/p>\n\n\n\n<p><a href=\"https:\/\/redirection.b2b.infopro-digital.com\/lnk\/AVEAADpqSy4AAcXFg2QAAHnKuI0AAABZQTkAANzxAAwsSQBl8_ZcZXTmf0arR2ao-uYcD1UW4wAMCy8\/22\/8Ww6g72ce3o2ANwmDBVTlA\/aHR0cDovL3d3dy51c2luZS1kaWdpdGFsZS5mci9hcnRpY2xlL2xlLXF1b3RpZGllbi1uYXRpb25hbC1sZS1tb25kZS1zLWFzc29jaWUtYS1vcGVuYWktZXQtcy1hc3N1cmUtZGVzLXJldmVudXMtc2lnbmlmaWNhdGlmcy5OMjIwOTg4Mj91dG1fc291cmNlPW5ld3NsZXR0ZXImdXRtX21lZGl1bT1lbWFpbCZ1dG1fY2FtcGFpZ249aW5mb191ZC1xdW90aWRpZW5uZSZlbWFpbD0yMDQzMzI4NjUzJmlkYmRkPTU2NTYx\" target=\"_blank\" rel=\"noreferrer noopener\">Le quotidien Le Monde s&rsquo;associe \u00e0 OpenAI, app\u00e2t\u00e9 par \u00ab\u00a0des revenus significatifs\u00a0\u00bb<\/a> (Usine Digitale)<\/p>\n\n\n\n<p><a href=\"https:\/\/link.newsletter.franceculture.fr\/m\/ml\/7429\/859582\/zKq4iUrN1jaxVQWYFC-hJm9C5lXTLJmivm821gAfcU8=\/YnWPeltyIwCSS-NyCRbxeFeYJ4RXA9i0QSaLa0Novuk=\/\" target=\"_blank\" rel=\"noreferrer noopener\">Audiovisuel public&nbsp;: qu\u2019attendre d\u2019une fusion entre France T\u00e9l\u00e9visions et Radio France&nbsp;?<\/a>&nbsp;(France Culture)<\/p>\n\n\n\n<p><a href=\"https:\/\/infos.lemonde.fr\/optiext\/optiextension.dll?ID=RjiRmMh9DS8AVNT%2Bcj4bFJ_63WEauGIvBPvXDD5anRXb6yvBcjiyAYlIRhsRKN4yhis9Hyhsdtdqib8k99gY_kBEoaMpLXETkhH48kll\" target=\"_blank\" rel=\"noreferrer noopener\">C8&nbsp;et CNews&nbsp;: plus de 40 rappels \u00e0 l\u2019ordre de l\u2019Arcom, dont la moiti\u00e9 depuis trois ans<\/a>&nbsp;(Le Monde)<\/p>\n\n\n\n<p><strong><mark style=\"background-color:rgba(0, 0, 0, 0);color:#ed1010\" class=\"has-inline-color\">14 mars<\/mark><\/strong><\/p>\n\n\n\n<p><a href=\"https:\/\/www.youtube.com\/watch?v=g720tBW1Bx0\">Pour sauver la d\u00e9mocratie: en finir avec l&#8217;empire m\u00e9diatique Bollor\u00e9<\/a> (Blast)<\/p>\n\n\n\n<p><strong><mark style=\"background-color:rgba(0, 0, 0, 0);color:#ed1010\" class=\"has-inline-color\">6 au 11 mars<\/mark><\/strong><\/p>\n\n\n\n<p><a href=\"https:\/\/api.indigo-net.com\/email\/RedirectionEmailing?mail=n.chevillard@noos.fr&amp;ID=594798&amp;DOCIID=109703480&amp;ENAIID=868755&amp;RETOUR=SIMPLE&amp;link=https:\/\/www.lalettre.fr\/fr\/medias_presse-ecrite\/2024\/03\/11\/la-famille-pinault-entre-discretement-au-capital-du-1-l-hebdo-d-eric-fottorino,110190540-art?utm_source=LLA&amp;utm_medium=email&amp;utm_campaign=PROS_EDIT_ALE\" target=\"_blank\" rel=\"noreferrer noopener\">La famille Pinault entre discr\u00e8tement au capital du \u00ab\u00a01\u00a0\u00bb, l&rsquo;hebdo d&rsquo;\u00c9ric Fottorino<\/a> (La Lettre)<\/p>\n\n\n\n<p><a href=\"https:\/\/www.youtube.com\/watch?v=9XJwMD2BfOw\" target=\"_blank\" rel=\"noreferrer noopener\">Edwy Plenel : retour sur 40 ans de journalisme<\/a>&nbsp;(Backseat)<\/p>\n\n\n\n<p><a href=\"https:\/\/www.youtube.com\/watch?v=PQPuINHQCbQ\">Julian Assange : les m\u00e9dias complices d&rsquo;une pers\u00e9cution !<\/a>&nbsp;(Lex Imperii, vid\u00e9o)<\/p>\n\n\n\n<p><a href=\"https:\/\/www.politis.fr\/articles\/2024\/03\/les-etats-generaux-de-la-presse-libre\/\" target=\"_blank\" rel=\"noreferrer noopener\">L\u2019agenda des \u00c9tats g\u00e9n\u00e9raux de la presse libre<\/a>&nbsp;(Politis)<\/p>\n\n\n\n<p><a href=\"https:\/\/www.acrimed.org\/Medias-Bollore-Nathalie-Saint-Cricq-Sud-Ouest-et\" target=\"_blank\" rel=\"noreferrer noopener\">M\u00e9dias Bollor\u00e9, Nathalie Saint-Cricq, Sud Ouest et compagnie : revue de presse de la semaine<\/a>&nbsp;(Acrimed)<\/p>\n\n\n\n<p><a href=\"https:\/\/link.newsletter.franceculture.fr\/m\/ml\/7429\/858020\/EorOtGkBp-Ta4T1VDdq2C29C5lXTLJmivm821gAfcU8=\/IDaIKgguwoVlGDxFJpYv6jbFbBJGcPK0yFI+jqUQghE=\/\" target=\"_blank\" rel=\"noreferrer noopener\">M\u00e9dias&nbsp;: comment se construit le pluralisme&nbsp;?<\/a> (France Culture)<\/p>\n\n\n\n<p><a href=\"https:\/\/link.newsletter.franceculture.fr\/m\/ml\/7429\/858020\/EorOtGkBp-Ta4T1VDdq2C29C5lXTLJmivm821gAfcU8=\/IDaIKgguwoVlGDxFJpYv6iQAIbVQVL0Mev7syQ+cBqo=\/\" target=\"_blank\" rel=\"noreferrer noopener\">Fayard, Hachette, Relay&nbsp;: Bollor\u00e9 champion de l\u2019\u00e9dition politique&nbsp;?<\/a> (France Culture)<\/p>\n\n\n\n<p><a href=\"https:\/\/www.lalettre.fr\/fr\/medias_audiovisuel\/2024\/03\/05\/les-appuis-de-rachida-dati-pour-passer-rapidement-sa-holding-de-l-audiovisuel-public%2C110187724-art?cxt=PUB&amp;utm_source=LLA&amp;utm_medium=email&amp;utm_campaign=AUTO_EDIT_SOM_PROS&amp;did=108392778\">Les appuis de Rachida Dati pour passer rapidement sa holding de l&rsquo;audiovisuel public<\/a>&nbsp;(La lettre)<\/p>\n\n\n\n<p><strong><mark style=\"background-color:rgba(0, 0, 0, 0);color:#ed1010\" class=\"has-inline-color\">5 mars<\/mark><\/strong><\/p>\n\n\n\n<p><a href=\"https:\/\/www.youtube.com\/watch?v=9zvMHkc66GI\">\u00ab\u00a0Pourquoi Bollor\u00e9 veut me faire taire\u00a0\u00bb Les v\u00e9rit\u00e9s d&rsquo;un journaliste sur les m\u00e9dias des milliardaires<\/a> (Le M\u00e9dia)<\/p>\n\n\n\n<p><a href=\"https:\/\/www.acrimed.org\/Grande-journaliste-politique-libre-sincere-les\" target=\"_blank\" rel=\"noreferrer noopener\">\u00ab Grande journaliste politique, libre, sinc\u00e8re \u00bb : les confr\u00e8res au secours de Nathalie Saint- Cricq<\/a>&nbsp;(Acrimed)<\/p>\n\n\n\n<p><a href=\"https:\/\/api.indigo-net.com\/email\/RedirectionEmailing?mail=n.chevillard@noos.fr&amp;ID=593217&amp;DOCIID=109703480&amp;ENAIID=867177&amp;RETOUR=SIMPLE&amp;link=https:\/\/www.lalettre.fr\/fr\/medias_audiovisuel\/2024\/03\/05\/les-appuis-de-rachida-dati-pour-passer-rapidement-sa-holding-de-l-audiovisuel-public,110187724-art?cxt=PUB&amp;utm_source=LLA&amp;utm_medium=email&amp;utm_campaign=AUTO_EDIT_SOM_PROS\" target=\"_blank\" rel=\"noreferrer noopener\">Les appuis de Rachida Dati pour passer rapidement sa holding de l&rsquo;audiovisuel public<\/a> (La Lettre)<\/p>\n\n\n\n<p><a href=\"https:\/\/www.blast-info.fr\/articles\/2024\/insultes-boycott-reinformation-lextreme-droite-en-croisade-contre-le-journalisme-RzttrXBPQfe-k-U1615AUw\" target=\"_blank\" rel=\"noreferrer noopener\">Insultes, boycott, r\u00e9information : l&rsquo;extr\u00eame droite en croisade contre le journalisme<\/a>&nbsp;(Blast)<\/p>\n\n\n\n<p><a href=\"https:\/\/orientxxi.info\/magazine\/italie-faut-il-etre-un-alien-pour-pouvoir-parler-du-genocide-a-gaza,7108\"><strong>Italie<\/strong>. Faut-il \u00eatre un alien pour pouvoir parler du g\u00e9nocide \u00e0&nbsp;<strong>Gaza<\/strong>&nbsp;?<\/a>&nbsp;(Orient XXI)<\/p>\n\n\n\n<p><a href=\"https:\/\/lecridespeuples.substack.com\/p\/comment-les-medias-occidentaux-rapportent?utm_source=post-email-title&amp;publication_id=2206131&amp;post_id=142252215&amp;utm_campaign=email-post-title&amp;isFreemail=true&amp;r=9slaa&amp;triedRedirect=true&amp;utm_medium=email\">Comment les m\u00e9dias occidentaux rapportent un massacre isra\u00e9lien<\/a>&nbsp;(Le cri des peuples)<\/p>\n\n\n\n<p><a href=\"https:\/\/www.off-investigation.fr\/commission-denquete-sur-les-frequences-tntla-galaxie-cnews-sur-le-grill\/\" target=\"_blank\" rel=\"noreferrer noopener\">Commission d\u2019enqu\u00eate sur les fr\u00e9quences TNT. La galaxie CNews sur le grill<\/a>&nbsp;(Off Investigation)<\/p>\n\n\n\n<p><a href=\"https:\/\/www.humanite.fr\/medias\/entretiens\/jean-baptiste-rivoire-la-realite-cest-que-ce-nest-pas-cnews-qui-est-baillonne-aujourdhui\" target=\"_blank\" rel=\"noreferrer noopener\">Jean-Baptiste Rivoire : \u00abLa r\u00e9alit\u00e9, c\u2019est que ce n\u2019est pas Cnews qui est b\u00e2illonn\u00e9 aujourd\u2019hui\u00bb<\/a>&nbsp;(L\u2019Humanit\u00e9)<\/p>\n\n\n\n<p><strong><mark style=\"background-color:rgba(0, 0, 0, 0);color:#ed1010\" class=\"has-inline-color\">1er mars<\/mark><\/strong><\/p>\n\n\n\n<p><a href=\"https:\/\/www.acrimed.org\/Bernard-Arnault-CNews-France-Inter-et-compagnie\" target=\"_blank\" rel=\"noreferrer noopener\">Bernard Arnault, CNews, France Inter et compagnie : revue de presse de la semaine<\/a>&nbsp; (Acrimed)<\/p>\n\n\n\n<p><strong><a href=\"https:\/\/www.streetpress.com\/sujet\/1709285755-mouvement-latifa-ouilkhouir-agrement-cnews-c8-bollore-hanouna-petition\" target=\"_blank\" rel=\"noreferrer noopener\">\u00ab Il ne faut pas renouveler l&rsquo;agr\u00e9ment de CNews et C8 \u00bb<\/a>&nbsp;<\/strong>(StreetPress)<\/p>\n\n\n\n<p><a href=\"https:\/\/www.alternatives-economiques.fr\/larcom-sommee-de-mieux-controler-cnews\/00109873\" target=\"_blank\" rel=\"noreferrer noopener\">L\u2019Arcom somm\u00e9e de mieux contr\u00f4ler CNews<\/a>&nbsp;(Alter \u00e9co)<\/p>\n\n\n\n<p><a href=\"https:\/\/www.boursorama.com\/actualite-economique\/actualites\/editis-rachete-les-editions-du-sous-sol-au-seuil-9a9bc318320cb46837e45474ed967a45\">Editis rach\u00e8te les \u00c9ditions du Sous-Sol au Seuil<\/a> (Boursorama)&nbsp;&nbsp;<\/p>\n\n\n\n<p><a href=\"https:\/\/reporterre.net\/Bollore-veut-faire-taire-le-redacteur-en-chef-d-Off-Investigation\" target=\"_blank\" rel=\"noreferrer noopener\">Bollor\u00e9 veut faire taire le r\u00e9dacteur en chef d&rsquo;Off Investigation<\/a>&nbsp;(Reporterre)<\/p>\n\n\n\n<p><a href=\"https:\/\/www.off-investigation.fr\/le-conseil-detat-renforce-larcom-cnews-hurle-a-la-censure\/\" target=\"_blank\" rel=\"noreferrer noopener\">Le Conseil d\u2019\u00c9tat renforce l\u2019Arcom, CNews hurle \u00e0 la censure<\/a>&nbsp;(Off Investigation)<\/p>\n\n\n\n<p><\/p>\n\n\n\n<p><\/p>\n","protected":false},"excerpt":{"rendered":"<p>31 mars Isra\u00ebl\/Palestine: un naufrage m\u00e9diatique sans pr\u00e9c\u00e9dent (Blast) France info: pour qui roulent les inform\u00e9s? (Blast) 30 mars Ind\u00e9pendance des r\u00e9dactions,&nbsp;La Provence, Assange et compagnie&nbsp;: revue de presse de la semaine (Acrimed) \u00ab&nbsp;Le Pen donn\u00e9e gagnante&nbsp;\u00bb&nbsp;: rampe de lancement m\u00e9diatico-sondagi\u00e8re pour le RN (Acrimed) Quelle meilleure gouvernance pour les entreprises de presse ?&nbsp; (Alter &#8230; <a title=\"Mars &#8211; M\u00e9dias\" class=\"read-more\" href=\"https:\/\/www.rdpemancipation.org\/?p=126169\" aria-label=\"En savoir plus sur Mars &#8211; M\u00e9dias\">Lire la suite<\/a><\/p>\n","protected":false},"author":1,"featured_media":0,"comment_status":"closed","ping_status":"closed","sticky":false,"template":"","format":"standard","meta":{"_lmt_disableupdate":"","_lmt_disable":"","_jetpack_memberships_contains_paid_content":false,"footnotes":""},"categories":[26],"tags":[],"class_list":["post-126169","post","type-post","status-publish","format-standard","hentry","category-medias"],"modified_by":"nch","jetpack_featured_media_url":"","jetpack_sharing_enabled":true,"_links":{"self":[{"href":"https:\/\/www.rdpemancipation.org\/index.php?rest_route=\/wp\/v2\/posts\/126169","targetHints":{"allow":["GET"]}}],"collection":[{"href":"https:\/\/www.rdpemancipation.org\/index.php?rest_route=\/wp\/v2\/posts"}],"about":[{"href":"https:\/\/www.rdpemancipation.org\/index.php?rest_route=\/wp\/v2\/types\/post"}],"author":[{"embeddable":true,"href":"https:\/\/www.rdpemancipation.org\/index.php?rest_route=\/wp\/v2\/users\/1"}],"replies":[{"embeddable":true,"href":"https:\/\/www.rdpemancipation.org\/index.php?rest_route=%2Fwp%2Fv2%2Fcomments&post=126169"}],"version-history":[{"count":14,"href":"https:\/\/www.rdpemancipation.org\/index.php?rest_route=\/wp\/v2\/posts\/126169\/revisions"}],"predecessor-version":[{"id":127945,"href":"https:\/\/www.rdpemancipation.org\/index.php?rest_route=\/wp\/v2\/posts\/126169\/revisions\/127945"}],"wp:attachment":[{"href":"https:\/\/www.rdpemancipation.org\/index.php?rest_route=%2Fwp%2Fv2%2Fmedia&parent=126169"}],"wp:term":[{"taxonomy":"category","embeddable":true,"href":"https:\/\/www.rdpemancipation.org\/index.php?rest_route=%2Fwp%2Fv2%2Fcategories&post=126169"},{"taxonomy":"post_tag","embeddable":true,"href":"https:\/\/www.rdpemancipation.org\/index.php?rest_route=%2Fwp%2Fv2%2Ftags&post=126169"}],"curies":[{"name":"wp","href":"https:\/\/api.w.org\/{rel}","templated":true}]}}